{"id":2387,"date":"2012-08-30T13:48:00","date_gmt":"2012-08-30T13:48:00","guid":{"rendered":"https:\/\/www.millicozum.com\/mc\/2012\/08\/30\/turkiyeyi-israilin-gudumune-sokma-hazirliklari-2\/"},"modified":"2012-08-30T13:48:00","modified_gmt":"2012-08-30T13:48:00","slug":"turkiyeyi-israilin-gudumune-sokma-hazirliklari-2","status":"publish","type":"post","link":"https:\/\/www.millicozum.com\/mc\/2012\/eylul-2012\/turkiyeyi-israilin-gudumune-sokma-hazirliklari\/","title":{"rendered":"T\u00dcRK\u0130YE\u2019Y\u0130 \u0130SRA\u0130L\u2019\u0130N G\u00dcD\u00dcM\u00dcNE SOKMA HAZIRLIKLARI"},"content":{"rendered":"\n<p style=\"text-align: justify; text-indent: 27pt;\"><b><span style=\"font-size: 16pt; font-family: 'Arial','sans-serif'; color: black;\">Do\u011frudan de\u011fil, ama dolayl\u0131 bi\u00e7imde; yani resmen de\u011fil, ama fiilen <\/span><\/b><b><span style=\"font-size: 18pt; font-family: 'Arial','sans-serif'; color: black;\">T\u00fcrkiye\u2019nin \u0130srail\u2019in g\u00fcd\u00fcm\u00fcne ve kontrol\u00fcne sokulmas\u0131<\/span><\/b><b><span style=\"font-size: 16pt; font-family: 'Arial','sans-serif'; color: black;\"> \u00e7abalar\u0131, son a\u015famaya dayanm\u0131\u015ft\u0131r. Rahmetli Erbakan Hocan\u0131n:<\/span><\/b><\/p>\n<p style=\"text-align: justify; text-indent: 27pt;\"><b><i><span style=\"font-size: 16pt; font-family: 'Arial','sans-serif'; color: black;\">\u201cT\u00fcrkiye iyice zay\u0131f ve yumu\u015fak lokma haline getirildikten ve uzun zaman bekletildikten sonra AB\u2019ye al\u0131nacak; ard\u0131ndan \u00f6zel bir stat\u00fc ile \u201cAB Avrasya b\u00f6lgesi\u201d olu\u015fturularak \u0130srail de buraya kat\u0131lacakt\u0131r. B\u00f6ylece T\u00fcrkiye otomatikman, AB g\u00f6r\u00fcn\u00fcml\u00fc \u0130srail g\u00fcd\u00fcm\u00fcne sokulmu\u015f olacakt\u0131r\u201d<\/span><\/i><\/b><b><span style=\"font-size: 16pt; font-family: 'Arial','sans-serif'; color: black;\"> <\/span><\/b><span style=\"font-size: 14pt; font-family: 'Arial','sans-serif'; color: black;\">uyar\u0131lar\u0131n\u0131 yeniden hat\u0131rlamak laz\u0131md\u0131r.<\/span><\/p>\n<p style=\"text-align: justify; text-indent: 27pt;\"><span style=\"font-size: 14pt; font-family: 'Arial','sans-serif'; color: black;\">Son zamanlarda, \u0130srail\u2019in Rum K\u0131br\u0131s\u2019\u0131nda askeri \u00fcs kurma ve 20 bin komando konu\u015fland\u0131rma \u00e7abalar\u0131 da, bu tezg\u00e2h\u0131n ve T\u00fcrkiye\u2019yi ku\u015fatman\u0131n bir par\u00e7as\u0131d\u0131r. K\u0131br\u0131s Rum kesiminde, tam da bu s\u00fcre\u00e7te, birden ekonomik kriz \u00e7\u0131karma ve Rumlar\u0131 her t\u00fcl\u00fc yard\u0131ma muhta\u00e7 ve tavize mecbur b\u0131rakma tezg\u00e2h\u0131nda da, yine \u0130srail\u2019in ve Siyonist lobilerin kesinlikle parma\u011f\u0131 vard\u0131r.<\/span><\/p>\n<p style=\"text-align: justify; text-indent: 27pt;\"><b><span style=\"font-size: 18pt; font-family: 'Arial','sans-serif'; color: black;\">Yahudi Siyonist lobilerinin (ABD derin devletinin) \u00f6nemli stratejistlerinden ve 28 \u015eubat\u2019\u0131n siyasi m\u00fchendislerinden BRZEZ\u0130NSK\u0130\u2019nin<\/span><\/b><span style=\"font-size: 14pt; font-family: 'Arial','sans-serif'; color: black;\"> <\/span><b><i><span style=\"font-size: 16pt; font-family: 'Arial','sans-serif'; color: black;\">\u201cT\u00fcrkiye Ortado\u011fu\u2019da ABD\u2019nin rol\u00fcn\u00fc \u00fcstlenecek konumdad\u0131r. T\u00fcrkiye AB\u2019ye resmen girmeden de, Rusya ile birlikte Bat\u0131n\u0131n temsilcisi ve takip\u00e7isi olabilecek durumdad\u0131r\u201d<\/span><\/i><\/b><b><span style=\"font-size: 16pt; font-family: 'Arial','sans-serif'; color: black;\"> <\/span><\/b><span style=\"font-size: 16pt; font-family: 'Arial','sans-serif'; color: black;\">itiraflar\u0131 da, \u00fclkemiz \u00fczerindeki karanl\u0131k senaryolar\u0131 a\u00e7\u0131\u011fa vurmaktad\u0131r. <\/span><\/p>\n<p style=\"text-align: justify; text-indent: 27pt;\"><span style=\"font-size: 16pt; font-family: 'Arial','sans-serif'; color: black;\">Ve acaba Recep T. Erdo\u011fan, bu sinsi ve Siyonist planlara ta\u015feronluk etmek \u00fczere mi iktidara ta\u015f\u0131nm\u0131\u015ft\u0131r? Onun ara s\u0131ra \u0130srail\u2019e horozlanmas\u0131, halk\u0131m\u0131z\u0131 avutmak ve havas\u0131n\u0131 almak ama\u00e7l\u0131 m\u0131d\u0131r?<\/span><\/p>\n<p style=\"text-align: justify; text-indent: 27pt;\"><span style=\"font-size: 14pt; font-family: 'Arial','sans-serif'; color: black;\">2009 y\u0131l\u0131nda Davos&#8217;ta ya\u015fanan olay\u0131n mimarlar\u0131ndan moderat\u00f6r David Ignatius \u00e7ok tart\u0131\u015f\u0131lacak bir yaz\u0131 kaleme alm\u0131\u015f; &#8216;Obama&#8217;n\u0131n T\u00fcrkiye&#8217;deki dostu&#8217; ba\u015fl\u0131kl\u0131 yaz\u0131s\u0131nda, <b><i>\u201cErdo\u011fan&#8217;\u0131n, Obama&#8217;ya Heybeliada Ruhban Okulu&#8217;nu a\u00e7ma s\u00f6z\u00fc verdi\u011fini\u201d<\/i><\/b> a\u00e7\u0131klam\u0131\u015ft\u0131r. The Washington Post Gazetesi&#8217;nde yay\u0131mlanan makalede Ignatius, <b><i>\u201cGazze operasyonundan sonra T\u00fcrkiye ile \u0130srail aras\u0131ndaki yak\u0131nla\u015fman\u0131n derinle\u015ferek s\u00fcrd\u00fc\u011f\u00fcn\u00fc\u201d<\/i><\/b> yazm\u0131\u015ft\u0131r.<\/span><\/p>\n<p style=\"text-align: justify; text-indent: 27pt;\"><b><span style=\"font-size: 14pt; font-family: 'Arial','sans-serif'; color: black;\">Kriz sun\u2019i dostluk baki<\/span><\/b><\/p>\n<p style=\"text-align: justify; text-indent: 27pt;\"><span style=\"font-size: 14pt; font-family: 'Arial','sans-serif'; color: black;\">David Ignatius The Washington Post&#8217;ta, &#8221;Hi\u00e7bir d\u00fcnya liderinin, Obama&#8217;n\u0131n yeniden se\u00e7ilmesinden Ba\u015fbakan Erdo\u011fan kadar \u00e7\u0131kar\u0131 olmad\u0131\u011f\u0131&#8221; tespitini yapm\u0131\u015f, Obama ve Erdo\u011fan&#8217;\u0131n, Gazze operasyonundan sonra \u201cT\u00fcrkiye&#8217;nin \u0130srail ile ili\u015fkilerinde ya\u015fanan g\u00f6stermelik gerilemeye\u201d ve ABD&#8217;nin 2010 y\u0131l\u0131 ba\u015flar\u0131nda \u201cAnkara&#8217;n\u0131n \u0130ran&#8217;la \u00e7ok yak\u0131n hale gelmekte\u201d oldu\u011funa dair kayg\u0131lar\u0131na ra\u011fmen aralar\u0131ndaki stratejik i\u015fbirli\u011fini s\u00fcrd\u00fcrd\u00fcklerini yazm\u0131\u015ft\u0131r.<\/span><\/p>\n<p style=\"text-align: justify; text-indent: 27pt;\"><b><span style=\"font-size: 14pt; font-family: 'Arial','sans-serif'; color: black;\">ABD istedi Erdo\u011fan \u00e7ark etti<\/span><\/b><\/p>\n<p style=\"text-align: justify; text-indent: 27pt;\"><span style=\"font-size: 14pt; font-family: 'Arial','sans-serif'; color: black;\">Ignatius, <b><i>&#8221;Obama, Erdo\u011fan&#8217;\u0131, bu y\u0131l faaliyete ge\u00e7en ve Tahran&#8217;\u0131 sinirlendiren f\u00fcze savunma radar sistemini konu\u015fland\u0131rmaya ikna etti. Ve ABD&#8217;nin \u00e7a\u011fr\u0131s\u0131yla Erdo\u011fan, ge\u00e7en y\u0131l NATO&#8217;nun Libya&#8217;ya m\u00fcdahalesine ilk ba\u015fta g\u00f6sterdi\u011fi muhalefeti tersine \u00e7evirdi&#8221;<\/i><\/b> ifadesini kullanm\u0131\u015ft\u0131r.<a href=\"#_ftn1\" name=\"_ftnref1\" title=\"\"><\/a><span style=\"font-size: 14pt; font-family: 'Arial','sans-serif'; color: black;\">[1]<\/span><\/span><\/p>\n<p style=\"text-align: justify; text-indent: 27pt;\"><b><span style=\"font-size: 18pt; font-family: 'Arial','sans-serif'; color: black;\">\u0130srail\u2019in K\u0131br\u0131s\u2019ta \u00fcs kurma tezg\u00e2h\u0131!<\/span><\/b><\/p>\n<p style=\"text-align: justify; text-indent: 27pt;\"><span style=\"font-size: 14pt; font-family: 'Arial','sans-serif'; color: black;\">\u0130srail h\u00fck\u00fcmetinin, K\u0131br\u0131s Rum Y\u00f6netiminden <b>\u201cDo\u011falgaz S\u0131v\u0131la\u015ft\u0131rma Tesisi\u201d <\/b>ad\u0131 alt\u0131nda a\u00e7\u0131k\u00e7a \u00fcs istedi\u011fi konusu maalesef unutturulmaya \u00e7al\u0131\u015f\u0131lmaktad\u0131r.<\/span><\/p>\n<p style=\"text-align: justify; text-indent: 27pt;\"><span style=\"font-size: 14pt; font-family: 'Arial','sans-serif'; color: black;\">\u0130srail&#8217;in K\u0131br\u0131s adas\u0131ndan toprak istemesi 19. Asr\u0131n son yar\u0131s\u0131na kadar dayan\u0131r. Osmanl\u0131 Padi\u015fah\u0131 Abd\u00fclhamid&#8217;in Yahudilerin K\u0131br\u0131s adas\u0131n\u0131 sat\u0131n almak isteklerine aynen Filistin topraklar\u0131na g\u00f6z dikmelerine kar\u015f\u0131: <\/span><b><i><span style=\"font-size: 16pt; font-family: 'Arial','sans-serif'; color: black;\">\u201cBiz bu topraklar\u0131 \u015fehit kan\u0131 pahas\u0131na ald\u0131k, ayn\u0131 pahaya satar\u0131z&#8221; <\/span><\/i><\/b><span style=\"font-size: 14pt; font-family: 'Arial','sans-serif'; color: black;\">yan\u0131t\u0131 \u00fczerine \u00e7at\u0131\u015fmaya girmeyi g\u00f6ze alamad\u0131klar\u0131 i\u00e7in vazge\u00e7mi\u015fler, ama \u0130ngilizler aday\u0131 kiralay\u0131nca da bu sefer hemen \u0130ngilizlerin kap\u0131s\u0131n\u0131 \u00e7alm\u0131\u015flard\u0131r.<\/span><\/p>\n<p style=\"text-align: justify; text-indent: 27pt;\"><span style=\"font-size: 14pt; font-family: 'Arial','sans-serif'; color: black;\">Kolonizasyon i\u00e7in ilk giri\u015fim 1883 y\u0131l\u0131nda Baf&#8217;\u0131n Orides mevkiinde ba\u015flam\u0131\u015f, Limasol&#8217;da topraklar\u0131 al\u0131narak i\u00e7inde Sinagog&#8217;u ve Yahudi okulu da olan bir kasaba olu\u015fturulmu\u015f, 1897&#8217;de de Margo \u00e7iftli\u011fini kurmu\u015flard\u0131r. T\u00fcm bu yerle\u015fimlerin <b>Londra Ahawat Zion<\/b> kurulu\u015fu ve <b>Yahudi Koloni Kurmak Kurumu<\/b> taraf\u0131ndan organize ve finanse edildi\u011fi unutulmamal\u0131d\u0131r.<\/span><\/p>\n<p style=\"text-align: justify; text-indent: 27pt;\"><span style=\"font-size: 14pt; font-family: 'Arial','sans-serif'; color: black;\">Filistin topraklar\u0131nda 1948&#8217;de ilan ettikleri \u0130srail devletinin, gelecekte bir g\u00fcn kaybedecekleri bir sava\u015f nedeni ile haritadan silinece\u011fini bilen Yahudi Siyonizm\u2019i kendilerine her zaman, ad\u0131na &#8220;vatan&#8221; diyecekleri yedek bir yer aray\u0131\u015f\u0131 i\u00e7inde olmu\u015flard\u0131r. 1969-74 y\u0131llar\u0131 aras\u0131nda Ba\u015fbakanl\u0131k yapan <b>Golda Meir<\/b>&#8216;in bu konuda \u00e7ok \u00e7arp\u0131c\u0131 bir a\u00e7\u0131klamas\u0131 vard\u0131r.<\/span><\/p>\n<p style=\"text-align: justify; text-indent: 27pt;\"><span style=\"font-size: 14pt; font-family: 'Arial','sans-serif'; color: black;\">Bu toprak par\u00e7as\u0131 Arap halklar\u0131n\u0131n ya\u015fad\u0131\u011f\u0131 \u00fclkelerde ve T\u00fcrkiye&#8217;de olamayaca\u011f\u0131ndan, K\u0131br\u0131s adas\u0131 \u0130srail\u2019in arka bah\u00e7esi olarak yedekte tutulmaya \u00e7al\u0131\u015f\u0131lm\u0131\u015ft\u0131r.<\/span><\/p>\n<p style=\"text-align: justify; text-indent: 27pt;\"><span style=\"font-size: 14pt; font-family: 'Arial','sans-serif'; color: black;\">Siyonistler, 2012 y\u0131l\u0131nda giri\u015fim yapmak i\u00e7in ortam uygun hale gelmi\u015f ve hedef ger\u00e7ekle\u015ftirilmek \u00fczere tekrar sahaya \u00e7\u0131km\u0131\u015flard\u0131r.<\/span><\/p>\n<p style=\"text-align: justify; text-indent: 27pt;\"><span style=\"font-size: 14pt; font-family: 'Arial','sans-serif'; color: black;\">Rum taraf\u0131 ile do\u011falgaz aramas\u0131 ve \u00e7\u0131karmas\u0131 ad\u0131 alt\u0131nda \u00e7ok derin bir yak\u0131nla\u015fma sa\u011flanm\u0131\u015f, Rumlar\u0131n ezeli d\u00fc\u015fman\u0131 T\u00fcrkiye&#8217;ye kar\u015f\u0131 her t\u00fcr i\u015fbirli\u011fi anla\u015fmas\u0131 imzalanm\u0131\u015f ve y\u00fcr\u00fct\u00fclmeye ba\u015flanm\u0131\u015ft\u0131r. Makiavelli&#8217;nin <b>&#8220;Hedefe giden her yol mubaht\u0131r&#8221;<\/b> kural\u0131 uygulanmaktad\u0131r.<\/span><\/p>\n<p style=\"text-align: justify; text-indent: 27pt;\"><span style=\"font-size: 14pt; font-family: 'Arial','sans-serif'; color: black;\">Rum taraf\u0131 ve anavatan\u0131 Yunanistan, ekonomik olarak iyice bata\u011fa saplanm\u0131\u015f durumdad\u0131r. \u0130srail\u2019e g\u00f6re tam zaman\u0131d\u0131r ve bunlara paran\u0131n ucunu g\u00f6sterip her t\u00fcr tavizi koparmak i\u00e7in iyi bir f\u0131rsatt\u0131r. Y\u0131llard\u0131r beklenen an gelip \u00e7atm\u0131\u015ft\u0131r.<\/span><\/p>\n<p style=\"text-align: justify; text-indent: 27pt;\"><b><span style=\"font-size: 18pt; font-family: 'Arial','sans-serif'; color: black;\">\u0130srail, oyunu kural\u0131na g\u00f6re oynamaktad\u0131r!<\/span><\/b><\/p>\n<p style=\"text-align: justify; text-indent: 27pt;\"><span style=\"font-size: 14pt; font-family: 'Arial','sans-serif'; color: black;\">Konuyu ortaya atars\u0131n, tepkilere bakars\u0131n ve herkesin hazmetmesine katk\u0131 sa\u011flars\u0131n! Tepkiler azal\u0131nca konuyu tekrar ama biraz daha farkl\u0131 bir versiyonda gene g\u00fcndeme ta\u015f\u0131rs\u0131n&#8230; Bu sefer tepkiler azalm\u0131\u015fsa ve b\u00fcy\u00fck akt\u00f6rlerden itirazlar gelmiyorsa, g\u00f6r\u00fc\u015fmeleri resmi olarak ba\u015flat\u0131rs\u0131n.<\/span><\/p>\n<p style=\"text-align: justify; text-indent: 27pt;\"><span style=\"font-size: 14pt; font-family: 'Arial','sans-serif'; color: black;\">\u015eimdi, birinci ad\u0131m at\u0131lm\u0131\u015f ve konu bas\u0131na s\u0131zd\u0131r\u0131lm\u0131\u015ft\u0131r. \u0130srail&#8217;in K\u0131br\u0131s\u2019tan toprak talebi y\u00fczde y\u00fcz ger\u00e7ektir ve altyap\u0131s\u0131 haz\u0131rlanmaktad\u0131r. A\u011fz\u0131n\u0131 tutamayan bir b\u00fcrokrat bunu aylar sonra bas\u0131na s\u0131zd\u0131rm\u0131\u015ft\u0131r. Gerekirse bu b\u00fcrokrat cezaland\u0131r\u0131l\u0131r.<\/span><\/p>\n<p style=\"text-align: justify; text-indent: 27pt;\"><span style=\"font-size: 14pt; font-family: 'Arial','sans-serif'; color: black;\">\u015eimdi ba\u015fta T\u00fcrkiye olmak \u00fczere BM G\u00fcvenlik Konseyi \u00fcyelerinin, K\u0131br\u0131sl\u0131 T\u00fcrk ve Rumlar\u0131n g\u00f6sterecekleri tepkiye g\u00f6re tav\u0131r al\u0131nacakt\u0131r, perde arkas\u0131nda da t\u00fcm BM GK \u00fcyeleri yoklan\u0131p y\u00f6nlendirilmeye \u00e7al\u0131\u015f\u0131lacakt\u0131r. Gerekirse AB i\u00e7inde kulis yap\u0131lacak ve Rum taraf\u0131na biraz daha havu\u00e7 da\u011f\u0131t\u0131larak &#8220;Evet&#8221; demeleri sa\u011flanacakt\u0131r. \u0130srail u\u00e7aklar\u0131n\u0131n K\u0131br\u0131s T\u00fcrk hava sahas\u0131n\u0131 ihlali ise sadece bir tesad\u00fcf san\u0131lmamal\u0131d\u0131r. Bir \u00fclkenin hava savunma g\u00fcc\u00fcn\u00fc \u00f6l\u00e7menin en kolay yolunun; <b>\u201cyanl\u0131\u015fl\u0131kla hava sahas\u0131na girmek ve tepkilerini \u00f6l\u00e7mek\u201d<\/b> oldu\u011fu hesaba kat\u0131lmal\u0131d\u0131r.<a href=\"#_ftn2\" name=\"_ftnref2\" title=\"\"><\/a><span style=\"font-size: 14pt; font-family: 'Arial','sans-serif'; color: black;\">[2]<\/span><\/span><\/p>\n<p style=\"text-align: justify; text-indent: 27pt;\"><b><span style=\"font-size: 14pt; font-family: 'Arial','sans-serif'; color: black;\">Yahudi Brzezinski\u2019ye g\u00f6re:<\/span><\/b><\/p>\n<p style=\"text-align: justify; text-indent: 27pt;\"><b><span style=\"font-size: 18pt; font-family: 'Arial','sans-serif'; color: black;\">ABD\u2019nin S\u00fcper G\u00fc\u00e7 d\u00f6nemi kapanacak, ama T\u00fcrkiye ve Rusya\u2019n\u0131n da kat\u0131ld\u0131\u011f\u0131 Bat\u0131 merkezli bir d\u00fczen kurulacakm\u0131\u015f!<\/span><\/b><\/p>\n<p style=\"text-align: justify; text-indent: 27pt;\"><b><span style=\"font-size: 16pt; font-family: 'Arial','sans-serif'; color: black;\">ABD&#8217;de 1977-1981 y\u0131llar\u0131 aras\u0131nda Ba\u015fkan Jimmy Carter d\u00f6neminde ulusal g\u00fcvenlik yard\u0131mc\u0131l\u0131\u011f\u0131n\u0131 y\u00fcr\u00fcten ve d\u00fcnyan\u0131n say\u0131l\u0131 stratejistleri aras\u0131nda g\u00f6sterilen Zbigniew Brzezinski &#8220;s\u00fcper g\u00fc\u00e7&#8221; ABD&#8217;nin yerini \u00c7in ve Hindistan&#8217;a kapt\u0131rmas\u0131 sonras\u0131 senaryoyu yazm\u0131\u015ft\u0131. Brzezinski, ABD&#8217;nin d\u00fcnya liderli\u011fini kaybetmesiyle birlikte G\u00fcrcistan, Tayvan, G\u00fcney Kore, Belarus, Ukrayna, Afganistan, Pakistan, \u0130srail ve Ortado\u011fu&#8217;daki \u00fclkelerin zor g\u00fcnler ge\u00e7irece\u011fini ortaya atm\u0131\u015ft\u0131. <\/span><\/b><\/p>\n<p style=\"text-align: justify; text-indent: 27pt;\"><b><span style=\"font-size: 18pt; font-family: 'Arial','sans-serif'; color: black;\">\u0130\u015fte Brzezinksi&#8217;nin ABD\u2019nin zay\u0131flamas\u0131 sonras\u0131 8 senaryosu bir \u015fantaj ama\u00e7l\u0131yd\u0131!<\/span><\/b><\/p>\n<p style=\"text-align: justify; text-indent: 27pt;\"><b><span style=\"font-size: 14pt; font-family: 'Arial','sans-serif'; color: black;\">G\u00fcrcistan:<\/span><\/b><span style=\"font-size: 14pt; font-family: 'Arial','sans-serif'; color: black;\"> ABD&#8217;nin d\u00fcnya arenas\u0131nda lider \u00f6zelli\u011fini yitirmesinden en zararl\u0131 \u00e7\u0131kacak \u00fclke Kafkaslar\u0131n zay\u0131f \u00fclkesi G\u00fcrcistan olacakm\u0131\u015f. Bu k\u00fc\u00e7\u00fck \u00fclke Rusya&#8217;n\u0131n politik sindirmesi ve askeri sald\u0131r\u0131lar\u0131na maruz kalacakm\u0131\u015f. ABD, 1991 y\u0131l\u0131ndan bu yana G\u00fcrcistan&#8217;a 3 milyar dolar yard\u0131mda bulunmaktaym\u0131\u015f. 2008&#8217;de Rusya&#8217;n\u0131n G\u00fcrcistan&#8217;a sald\u0131r\u0131s\u0131 sonras\u0131nda Washington 1 milyar dolar katk\u0131 sa\u011flam\u0131\u015fm\u0131\u015f\u2026<\/span><\/p>\n<p style=\"text-align: justify; text-indent: 27pt;\"><b><span style=\"font-size: 14pt; font-family: 'Arial','sans-serif'; color: black;\">Olas\u0131 etkileri:<\/span><\/b><span style=\"font-size: 14pt; font-family: 'Arial','sans-serif'; color: black;\"> Rusya, Avrupa&#8217;n\u0131n g\u00fcney enerji koridorunun kontrol\u00fcn\u00fc eline alacakm\u0131\u015f.. Bu Moskova&#8217;n\u0131n Avrupa&#8217;ya siyasi ajandas\u0131n\u0131 daha fazla dayatmas\u0131 anlam\u0131n\u0131 ta\u015f\u0131rm\u0131\u015f.. Ayr\u0131ca domino etkisiyle Azerbaycan&#8217;da zarara u\u011frayacakm\u0131\u015f\u2026<\/span><\/p>\n<p style=\"text-align: justify; text-indent: 27pt;\"><b><span style=\"font-size: 14pt; font-family: 'Arial','sans-serif'; color: black;\">Tayvan:<\/span><\/b><span style=\"font-size: 14pt; font-family: 'Arial','sans-serif'; color: black;\"> 1972 y\u0131l\u0131ndan bu yana ABD, iki taraf\u0131n stat\u00fckoyu g\u00fc\u00e7 dengesiyle bozmas\u0131n\u0131 \u00f6nlemek i\u00e7in &#8220;tek \u00c7in&#8221; form\u00fcl\u00fcn\u00fc \u00e7ok ince bir \u00e7izgide uygulamaktaym\u0131\u015f\u2026 Pekin&#8217;in g\u00fc\u00e7 kullanma hakk\u0131n\u0131 sakl\u0131 tutmas\u0131, ABD&#8217;nin Tayvan&#8217;a silah satmas\u0131na hakl\u0131l\u0131k kazand\u0131rmaktaym\u0131\u015f.. Ne var ki, son y\u0131llarda \u00c7in ve Tayvan ili\u015fkilerini kar\u015f\u0131l\u0131kl\u0131 olarak geli\u015ftirmeye ba\u015flam\u0131\u015f. Ancak ABD&#8217;nin d\u00fcnya sahnesinden \u00e7ekilmesi \u00c7in&#8217;in Tayvan&#8217;a siyasi ve askeri a\u00e7\u0131dan bask\u0131 yapmas\u0131 sonucunu do\u011furacakm\u0131\u015f..<\/span><\/p>\n<p style=\"text-align: justify; text-indent: 27pt;\"><b><span style=\"font-size: 14pt; font-family: 'Arial','sans-serif'; color: black;\">Olas\u0131 etkileri:<\/span><\/b><span style=\"font-size: 14pt; font-family: 'Arial','sans-serif'; color: black;\"> \u00c7in&#8217;le Tayvan ciddi bir \u00e7at\u0131\u015fma riski ta\u015f\u0131maktaym\u0131\u015f..<\/span><\/p>\n<p style=\"text-align: justify; text-indent: 27pt;\"><b><span style=\"font-size: 14pt; font-family: 'Arial','sans-serif'; color: black;\">G\u00fcney Kore:<\/span><\/b><span style=\"font-size: 14pt; font-family: 'Arial','sans-serif'; color: black;\"> \u00c7in ve Sovyetler Birli\u011fi&#8217;nin deste\u011fiyle Kuzey Kore&#8217;nin sald\u0131r\u0131s\u0131na u\u011frayan G\u00fcney Kore, 1950 y\u0131l\u0131ndan bu yana ABD&#8217;nin garant\u00f6rl\u00fc\u011f\u00fc alt\u0131ndaym\u0131\u015f. Seul&#8217;deki ekonomik patlama ve demokratik bir sisteme sahip olmas\u0131 ABD angajman\u0131n\u0131n ba\u015far\u0131s\u0131n\u0131n ispat\u0131ym\u0131\u015f.. ABD&#8217;nin s\u00fcper g\u00fc\u00e7 olarak de\u011ferini yitirmesi G\u00fcney Kore&#8217;ye ac\u0131 bir re\u00e7eteye mal olacakm\u0131\u015f. G\u00fcney Kore ya \u00c7in&#8217;in b\u00f6lgesel \u00fcst\u00fcnl\u00fc\u011f\u00fcn\u00fc kabul etmek zorunda kalacak ya da Kuzey Kore ve Pekin&#8217;in etkisinden ka\u00e7mak i\u00e7in, tarihi d\u00fc\u015fman\u0131 Japonya&#8217;ya yana\u015facakm\u0131\u015f\u2026<\/span><\/p>\n<p style=\"text-align: justify; text-indent: 27pt;\"><b><span style=\"font-size: 14pt; font-family: 'Arial','sans-serif'; color: black;\">Olas\u0131 etkileri:<\/span><\/b><span style=\"font-size: 14pt; font-family: 'Arial','sans-serif'; color: black;\"> Kore yar\u0131madas\u0131ndaki ekonomik ve askeri istikrar\u0131n devam\u0131, ABD&#8217;nin bir s\u00fcper g\u00fc\u00e7 olarak Japonya ve G\u00fcney Kore&#8217;nin arkas\u0131nda yer almas\u0131na ba\u011fl\u0131ym\u0131\u015f\u2026<\/span><\/p>\n<p style=\"text-align: justify; text-indent: 27pt;\"><b><span style=\"font-size: 14pt; font-family: 'Arial','sans-serif'; color: black;\">Belarus:<\/span><\/b><span style=\"font-size: 14pt; font-family: 'Arial','sans-serif'; color: black;\"> Sovyetler Birli\u011fi&#8217;nin y\u0131k\u0131lmas\u0131n\u0131n \u00fczerinden 20 y\u0131l ge\u00e7mesine ra\u011fmen Avrupa&#8217;n\u0131n diktat\u00f6rl\u00fckle y\u00f6netilen son \u00fclkesi Belarus hala Rusya&#8217;ya ekonomik ve siyasi a\u00e7\u0131dan ba\u011f\u0131ml\u0131ym\u0131\u015f&#8230; Belarus ihracat\u0131n\u0131n \u00fc\u00e7te birini Rusya\u2019ya yapmakta ve enerji ihtiyac\u0131 nedeniyle Rusya&#8217;ya g\u00f6bekten ba\u011fl\u0131ym\u0131\u015f. ABD&#8217;nin zay\u0131flamas\u0131yla birlikte Rusya&#8217;n\u0131n Belarus&#8217;u tekrar kendi b\u00fcnyesine alman\u0131n \u00f6n\u00fcnde neredeyse hi\u00e7bir engel kalmayacakm\u0131\u015f.<\/span><\/p>\n<p style=\"text-align: justify; text-indent: 27pt;\"><b><span style=\"font-size: 14pt; font-family: 'Arial','sans-serif'; color: black;\">Olas\u0131 etkileri:<\/span><\/b><span style=\"font-size: 14pt; font-family: 'Arial','sans-serif'; color: black;\"> Sovyetler Birli\u011fi&#8217;nden ayr\u0131lan Balt\u0131k \u00fclkelerinin g\u00fcvenli\u011fi tehlikeye sokulacakm\u0131\u015f. Bu durumdan \u00f6zellikle Letonya zararl\u0131 \u00e7\u0131kacakm\u0131\u015f.<\/span><\/p>\n<p style=\"text-align: justify; text-indent: 27pt;\"><b><span style=\"font-size: 14pt; font-family: 'Arial','sans-serif'; color: black;\">Ukrayna:<\/span><\/b><span style=\"font-size: 14pt; font-family: 'Arial','sans-serif'; color: black;\"> Sovyetler Birli\u011fi&#8217;nden ayr\u0131ld\u0131ktan sonra Bat\u0131 ile Rusya aras\u0131nda s\u0131k\u0131\u015f\u0131p kalan \u00fclkelerden biri de Ukrayna\u2019ym\u0131\u015f. Ukrayna 2005, 2007 ve 2009 y\u0131llar\u0131nda Rusya&#8217;n\u0131n etkisinden kurtularak Bat\u0131&#8217;ya yana\u015fmaya \u00e7al\u0131\u015ft\u0131 ancak Rusya&#8217;n\u0131n siyasi bask\u0131s\u0131, do\u011falgaz ve petrol musluklar\u0131n\u0131 kapatma tehdidi bu \u00fclkeyi k\u00f6\u015feye s\u0131k\u0131\u015ft\u0131rm\u0131\u015f. Son olarak Ukrayna Devlet Ba\u015fkan\u0131 Viktor Yanukovi\u00e7, do\u011falgaz indirimi kar\u015f\u0131l\u0131\u011f\u0131nda Rusya&#8217;ya Karadeniz k\u0131y\u0131s\u0131ndaki Sivastopol&#8217;da 25 y\u0131l daha bir deniz \u00fcss\u00fc bulundurmas\u0131na izin veren anla\u015fmaya imza atm\u0131\u015f. Rusya, ortak bir ekonomik b\u00f6lge olu\u015fturulmas\u0131 i\u00e7in Ukrayna&#8217;y\u0131 bask\u0131 alt\u0131nda tutmaktaym\u0131\u015f. ABD&#8217;nin s\u00fcper g\u00fc\u00e7 olarak de\u011ferini yitirmesiyle, Avrupa&#8217;n\u0131n Ukrayna&#8217;y\u0131 bat\u0131ya entegre etme iste\u011fi daha da zay\u0131flayacakm\u0131\u015f.<\/span><\/p>\n<p style=\"text-align: justify; text-indent: 27pt;\"><b><span style=\"font-size: 14pt; font-family: 'Arial','sans-serif'; color: black;\">Olas\u0131 etkileri:<\/span><\/b><span style=\"font-size: 14pt; font-family: 'Arial','sans-serif'; color: black;\"> Rusya&#8217;n\u0131n emperyalist istekleri yeniden canlanmaya ba\u015flayacakm\u0131\u015f. <\/span><\/p>\n<p style=\"text-align: justify; text-indent: 27pt;\"><b><span style=\"font-size: 14pt; font-family: 'Arial','sans-serif'; color: black;\">Afganistan:<\/span><\/b><span style=\"font-size: 14pt; font-family: 'Arial','sans-serif'; color: black;\"> <b>Sovyetler Birli\u011fi&#8217;nin 9 y\u0131l i\u015fgali d\u00f6neminde Bat\u0131&#8217;n\u0131n g\u00f6rmezden geldi\u011fi Afganistan daha sonra hastal\u0131kl\u0131 Taliban y\u00f6netiminin pen\u00e7esine b\u0131rak\u0131lm\u0131\u015f. 2001 y\u0131l\u0131ndan bu yana ABD ve NATO&#8217;nun bu \u00fclkede El Kaide ve Taliban&#8217;a kar\u015f\u0131 d\u00fczenledi\u011fi askeri operasyonlar Afganistan&#8217;\u0131 enkaza \u00e7evirmi\u015f durumdaym\u0131\u015f (ne \u00e7arp\u0131c\u0131 itiraf!). \u00dclkede i\u015fsizlik oran\u0131 y\u00fczde 40 ve tek gelir kayna\u011f\u0131 illegal uyu\u015fturucu ticareti olmaktaym\u0131\u015f.. ABD&#8217;nin bu \u00fclkedeki etkisini kaybetmesi bir yandan rakip sava\u015f baronlar\u0131n\u0131n yeniden \u00e7at\u0131\u015fmaya ba\u015flamas\u0131na yol a\u00e7acakm\u0131\u015f.. Ayr\u0131ca kom\u015fu Pakistan ve Hindistan, Afganistan \u00fczerinden g\u00fc\u00e7 denemesi yapacakm\u0131\u015f.. Di\u011fer taraftan \u0130ran da bu \u00fclkedeki etkisini art\u0131rmaya \u00e7al\u0131\u015facakm\u0131\u015f&#8230; <\/b><\/span><\/p>\n<p style=\"text-align: justify; text-indent: 27pt;\"><b><span style=\"font-size: 14pt; font-family: 'Arial','sans-serif'; color: black;\">Olas\u0131 etkileri:<\/span><\/b><span style=\"font-size: 14pt; font-family: 'Arial','sans-serif'; color: black;\"> Taliban&#8217;\u0131n yeniden iktidara ta\u015f\u0131nmas\u0131, Afganistan&#8217;\u0131n; Pakistan ve Hindistan&#8217;\u0131n sava\u015f alan\u0131 yap\u0131lmas\u0131 ve Afganistan\u2019\u0131n uluslararas\u0131 ter\u00f6r\u00fcn merkezi olma tehlikesi varm\u0131\u015f\u2026<\/span><\/p>\n<p style=\"text-align: justify; text-indent: 27pt;\"><b><span style=\"font-size: 14pt; font-family: 'Arial','sans-serif'; color: black;\">Pakistan:<\/span><\/b><span style=\"font-size: 14pt; font-family: 'Arial','sans-serif'; color: black;\"> Pakistan 21&#8217;inci y\u00fczy\u0131l\u0131n n\u00fckleer silahlar\u0131na sahip olmas\u0131na ra\u011fmen ordusu 20&#8217;inci y\u00fczy\u0131lda kalm\u0131\u015fm\u0131\u015f.. Halk\u0131n b\u00fcy\u00fck bir b\u00f6l\u00fcm\u00fc hala kabile hayat\u0131 ya\u015fad\u0131\u011f\u0131ndan modernle\u015fmeden uzakm\u0131\u015f.. Hindistan&#8217;la \u00e7at\u0131\u015fma Pakistan&#8217;a bir ulusal kimlik bilinci kazand\u0131rm\u0131\u015f, ama Ke\u015fmir hala \u00f6nemli bir sorun olarak ortada durmaktaym\u0131\u015f. ABD&#8217;nin s\u00fcper g\u00fc\u00e7 olarak zay\u0131flamas\u0131, Pakistan&#8217;\u0131n yap\u0131sal d\u00f6n\u00fc\u015f\u00fcm\u00fcn\u00fc ger\u00e7ekle\u015ftirmek i\u00e7in gerekli olan ekonomik yard\u0131mlar\u0131n kesilmesi anlam\u0131n\u0131 ta\u015f\u0131rm\u0131\u015f\u2026 Bu durum Pakistan&#8217;\u0131n askeri diktat\u00f6rl\u00fckle y\u00f6netilmesi ya da radikal bir \u0130slam cumhuriyetine d\u00f6n\u00fc\u015fmesi tehlikesini \u00f6z\u00fcnde bar\u0131nd\u0131rmaktaym\u0131\u015f\u2026<\/span><\/p>\n<p style=\"text-align: justify; text-indent: 27pt;\"><b><span style=\"font-size: 14pt; font-family: 'Arial','sans-serif'; color: black;\">Olas\u0131 etkileri:<\/span><\/b><span style=\"font-size: 14pt; font-family: 'Arial','sans-serif'; color: black;\"> N\u00fckleer g\u00fcce sahip sava\u015f baronlar\u0131 ortaya \u00e7\u0131kabilir. \u0130ran benzeri n\u00fckleer silaha sahip, Bat\u0131 kar\u015f\u0131t\u0131 bir rejim kurulabilir. Buradaki \u00e7at\u0131\u015fma Hindistan, \u00c7in ve hatta Rusya&#8217;ya s\u0131\u00e7rayabilir. <\/span><\/p>\n<p style=\"text-align: justify; text-indent: 27pt;\"><b><span style=\"font-size: 14pt; font-family: 'Arial','sans-serif'; color: black;\">\u0130srail ve Ortado\u011fu:<\/span><\/b><span style=\"font-size: 14pt; font-family: 'Arial','sans-serif'; color: black;\"> <b>S\u00fcper g\u00fc\u00e7 ABD&#8217;nin d\u00fcnya arenas\u0131nda \u00e7ekilmesinin Ortado\u011fu&#8217;da siyasi istikrar\u0131n sonu olacakm\u0131\u015f.. Ortado\u011fu&#8217;daki t\u00fcm \u00fclkeler; i\u00e7 politik kavgalar\u0131n, sosyal ayaklanmalar\u0131n ve dini fundamentalist ak\u0131mlar\u0131n h\u00fccumuna u\u011frayacakm\u0131\u015f\u2026 \u0130srail ve Filistin sorunu \u00e7\u00f6z\u00fclmeden ABD gerilemeye ba\u015flarsa, bu sorun Ortado\u011fu&#8217;daki siyasi atmosferi zehirleyip b\u00f6lgeyi kar\u0131\u015ft\u0131racak ve huzuru bozacakm\u0131\u015f (sanki huzur varm\u0131\u015f!?). B\u00f6lgede \u0130srail d\u00fc\u015fmanl\u0131\u011f\u0131 daha h\u0131z kazanacak, \u0130ran ve \u0130srail&#8217;in Hamas ve Hizbullah arac\u0131l\u0131\u011f\u0131yla \u00e7at\u0131\u015fmas\u0131ndan en b\u00fcy\u00fck zarar\u0131 L\u00fcbnan ve Filistinli siviller g\u00f6recek ve toplu \u00f6l\u00fcmler ya\u015fanacakm\u0131\u015f.. Daha k\u00f6t\u00fc senaryo ise, \u0130srail ve \u0130ran&#8217;\u0131n do\u011frudan birbirlerine sald\u0131rmas\u0131ym\u0131\u015f\u2026<\/b><\/span><\/p>\n<p style=\"text-align: justify; text-indent: 27pt;\"><b><span style=\"font-size: 14pt; font-family: 'Arial','sans-serif'; color: black;\">Olas\u0131 etkileri:<\/span><\/b><span style=\"font-size: 14pt; font-family: 'Arial','sans-serif'; color: black;\"> ABD ve \u0130srail&#8217;in \u0130ran\u2019a kar\u015f\u0131 do\u011frudan \u00e7at\u0131\u015fmaya mecbur kalmas\u0131, \u0130slami radikalizmin h\u0131z kazanmas\u0131, ABD&#8217;nin K\u00f6rfez \u00fclkelerindeki m\u00fcttefiklerini kaybetmesiyle d\u00fcnya genelinde enerji krizinin patlamas\u0131ym\u0131\u015f\u2026<\/span><\/p>\n<p style=\"text-align: justify; text-indent: 27pt;\"><b><span style=\"font-size: 18pt; font-family: 'Arial','sans-serif'; color: black;\">Bu s\u00f6zlerin \u00f6zeti ve T\u00fcrk\u00e7esi \u015fudur:<\/span><\/b><\/p>\n<p style=\"text-align: justify; text-indent: 27pt;\"><b><span style=\"font-size: 16pt; font-family: 'Arial','sans-serif'; color: black;\">1. Ey, ba\u015fta T\u00fcrkiye, b\u00fct\u00fcn \u0130slam \u00fclkeleri ve d\u00fcnyan\u0131n di\u011fer devletleri! E\u011fer ABD d\u00fc\u015fer ve g\u00fcc\u00fcn\u00fc kaybederse, bundan as\u0131l zararl\u0131 \u00e7\u0131kan sizler olacaks\u0131n\u0131z. \u00c7\u00fcnk\u00fc Amerika\u2019n\u0131n \u015fefkatli korumas\u0131ndan(!) mahrum kal\u0131nca, Rusya ve \u00c7in\u2019in h\u00fccumuna u\u011frayacaks\u0131n\u0131z. \u00d6yleyse ABD\u2019ye d\u00f6rt elle sar\u0131l\u0131n\u0131z ve sahip \u00e7\u0131k\u0131n\u0131z!<\/span><\/b><\/p>\n<p style=\"text-align: justify; text-indent: 27pt;\"><b><span style=\"font-size: 16pt; font-family: 'Arial','sans-serif'; color: black;\">2. Amerika\u2019n\u0131n zay\u0131flamas\u0131 ve etkisiz b\u0131rak\u0131lmas\u0131, \u0130srail\u2019in art\u0131k Filistin topraklar\u0131nda tutunamamas\u0131 ve y\u0131k\u0131lmas\u0131 anlam\u0131n\u0131 ta\u015f\u0131maktad\u0131r. Bu duruma d\u00fc\u015fen \u0130srail, mecburen atom bombas\u0131 kullanacak ve \u0130ran ve T\u00fcrkiye d\u00e2hil etraf\u0131ndaki b\u00fct\u00fcn \u0130slam \u00fclkelerine sald\u0131racakt\u0131r. Bu ise, \u00fc\u00e7\u00fcnc\u00fc d\u00fcnya sava\u015f\u0131na yol a\u00e7acak, belki de insanl\u0131\u011f\u0131n sonunu haz\u0131rlayacakt\u0131r. \u00d6yle ise, b\u00fct\u00fcn bu felaketler ya\u015fanmas\u0131n diye, Amerika\u2019y\u0131 zay\u0131flat\u0131p devre d\u0131\u015f\u0131 b\u0131rakacak giri\u015fim ve geli\u015fmelere, sak\u0131n arka \u00e7\u0131kmay\u0131n\u0131z, katk\u0131 sunmay\u0131n\u0131z ve ABD tanr\u0131n\u0131z ayakta kals\u0131n ve hep size kucak a\u00e7s\u0131n diye hi\u00e7bir fedak\u00e2rl\u0131ktan ve Milli \u00e7\u0131karlar\u0131n\u0131z\u0131 Amerika\u2019ya kurban sunmaktan sak\u0131nmay\u0131n\u0131z!..<\/span><\/b><\/p>\n<p style=\"text-align: justify; text-indent: 27pt;\"><b><span style=\"font-size: 16pt; font-family: 'Arial','sans-serif'; color: black;\">3. K\u0131saca; <\/span><\/b><b><i><span style=\"font-size: 16pt; font-family: 'Arial','sans-serif'; color: black;\">\u201cDimyata pirince giderken, elinizdeki bulgurdan da olmamak\u201d<\/span><\/i><\/b><b><span style=\"font-size: 16pt; font-family: 'Arial','sans-serif'; color: black;\"> i\u00e7in, Amerika\u2019n\u0131n kahr\u0131na katlan\u0131n\u0131z, Siyonizm ve emperyalizm kar\u015f\u0131t\u0131 fikir ve hareketlere kat\u0131lmay\u0131n\u0131z. \u201cEhven\u00fc\u015f\u015fer\u201d kabul edip, ABD\u2019nin k\u00f6lesi ve s\u00f6m\u00fcrgesi olma \u015ferefsizli\u011fini, tabii ve tarihi f\u0131rsat say\u0131n\u0131z! <\/span><\/b><\/p>\n<p style=\"text-align: justify; text-indent: 27pt;\"><b><span style=\"font-size: 18pt; font-family: 'Arial','sans-serif'; color: black;\">\u015feklinde tehdit uyar\u0131s\u0131nda bulunan Siyonist Brzezinski\u2019nin as\u0131l \u00e7arp\u0131c\u0131 itiraflar\u0131:<\/span><\/b><\/p>\n<p style=\"text-align: justify; text-indent: 27pt;\"><b><i><span style=\"font-size: 16pt; font-family: 'Arial','sans-serif'; color: black;\">\u201cAKP T\u00fckiyesi\u2019nin Ortado\u011fu\u2019da, Amerikan \u00e7\u0131karlar\u0131n\u0131 koruma ve uygulama misyonuna haz\u0131rland\u0131\u011f\u0131n\u0131; yani g\u00fcya \u201cb\u00f6lgesel g\u00fc\u00e7\u201d k\u0131l\u0131f\u0131yla, ABD emperyalizmin jandarmal\u0131\u011f\u0131n\u0131 yapma konumuna ta\u015f\u0131nd\u0131\u011f\u0131n\u0131\u201d<\/span><\/i><\/b><b><span style=\"font-size: 16pt; font-family: 'Arial','sans-serif'; color: black;\"> \u00f6zellikle hat\u0131rlat\u0131p, b\u00f6ylece hem Siyonist merkezlerin hem de i\u015fbirlik\u00e7i \u00e7evrelerin as\u0131l niyetlerini a\u00e7\u0131\u011fa vurmas\u0131yd\u0131. Ve tabi T\u00fcrkiye\u2019nin ABD jandarmal\u0131\u011f\u0131 ayn\u0131 zamanda \u0130srail hizmetk\u00e2rl\u0131\u011f\u0131 anlam\u0131n\u0131 ve amac\u0131n\u0131 ta\u015f\u0131maktayd\u0131.<\/span><\/b><\/p>\n<p style=\"text-align: justify; text-indent: 27pt;\"><b><span style=\"font-size: 18pt; font-family: 'Arial','sans-serif'; color: black;\">&#8220;T\u00fcrkiye Ortado\u011fu\u2019da ABD\u2019nin zay\u0131flayan rol\u00fcn\u00fc \u00fcstlenip \u00f6ne \u00e7\u0131kacak\u201dm\u0131\u015f!..<\/span><\/b><\/p>\n<p style=\"text-align: justify; text-indent: 27pt;\"><b><span style=\"font-size: 14pt; font-family: 'Arial','sans-serif'; color: black;\">D\u00fcnyaca \u00fcnl\u00fc Siyonist ve jeostratejist Brzezinski HABERT\u00dcRK TV&#8217;ye, <\/span><\/b><b><span style=\"font-size: 16pt; font-family: 'Arial','sans-serif'; color: black;\">yeni d\u00fcnya d\u00fczeninde T\u00fcrkiye&#8217;nin oynayabilece\u011fi kritik rol\u00fc <\/span><\/b><b><span style=\"font-size: 14pt; font-family: 'Arial','sans-serif'; color: black;\">ise \u015f\u00f6yle anlatm\u0131\u015ft\u0131:<\/span><\/b><\/p>\n<p style=\"text-align: justify; text-indent: 27pt;\"><i><span style=\"font-size: 14pt; font-family: 'Arial','sans-serif'; color: black;\">\u201cT\u00fcrkiye&#8217;nin yeni d\u00fcnya d\u00fczenindeki rol\u00fc belki de son birka\u00e7 y\u0131l\u0131n en \u00f6nemli global g\u00fcndem maddesini olu\u015fturmaktad\u0131r. Eski ABD ba\u015fkanlar\u0131ndan Clinton&#8217;\u0131n &#8220;Bu y\u00fczy\u0131l\u0131 anlamak i\u00e7in, T\u00fcrkiye tarihi bir anahtard\u0131r&#8221; a\u00e7\u0131klamas\u0131n\u0131 di\u011fer ABD ba\u015fkanlar\u0131n\u0131n da yeni a\u00e7\u0131klamalarla zaman zaman bu konuyu g\u00fcndeme ta\u015f\u0131mas\u0131 \u00fczerinde dikkatle durulmal\u0131d\u0131r. <\/span><\/i><\/p>\n<p style=\"text-align: justify; text-indent: 27pt;\"><i><span style=\"font-size: 14pt; font-family: 'Arial','sans-serif'; color: black;\">T\u00fcrkiye i\u00e7in yap\u0131lan eksen kaymas\u0131 tart\u0131\u015fmalar\u0131, Suriye ve di\u011fer Arap Bahar\u0131 co\u011frafyas\u0131nda ya\u015fananlar ile T\u00fcrkiye&#8217;nin bu s\u00fcre\u00e7teki etkileri, global enerji koridorunun yeniden \u00e7izilmesi ve daha bir\u00e7ok s\u0131cak geli\u015fme de i\u015fte bu nedenle art\u0131k sadece T\u00fcrkiye i\u00e7inde de\u011fil global d\u00fczlemde tart\u0131\u015f\u0131lan konular\u0131n ba\u015f\u0131ndad\u0131r.<\/span><\/i><\/p>\n<p style=\"text-align: justify; text-indent: 27pt;\"><i><span style=\"font-size: 14pt; font-family: 'Arial','sans-serif'; color: black;\">\u0130\u015fte tam bu s\u0131rada, ABD Ba\u015fkan\u0131 Barack Obama&#8217;n\u0131n &#8220;ABD&#8217;nin en \u00f6nemli 10 d\u00fc\u015f\u00fcn\u00fcr\u00fcnden biri&#8221; ilan etti\u011fi, d\u00fcnyaca \u00fcnl\u00fc Amerikal\u0131 jeostratejist ve eski ABD Savunma Dan\u0131\u015fman\u0131 Yahudi Zbigniew Kazimierz Brzezinski bu tart\u0131\u015fmalara yeni bir boyut katacak a\u00e7\u0131klamalar\u0131 HABERT\u00dcRK TV ABD muhabiri G\u00fclveda \u00d6zg\u00fcr&#8217;e yapm\u0131\u015ft\u0131.<\/span><\/i><\/p>\n<p style=\"text-align: justify; text-indent: 27pt;\"><i><span style=\"font-size: 14pt; font-family: 'Arial','sans-serif'; color: black;\">21. y\u00fczy\u0131lda yeni d\u00fcnya d\u00fczeni nas\u0131l olacakt\u0131? S\u00fcper g\u00fc\u00e7lerin sonu mu yakla\u015fm\u0131\u015ft\u0131? T\u00fcrkiye; Avrupa ve ABD i\u00e7in \u0130ngiltere ve Fransa&#8217;dan daha m\u0131 \u00f6nemsiz konumdayd\u0131? ABD&#8217;nin \u00e7\u00f6k\u00fc\u015f\u00fc ka\u00e7\u0131n\u0131lmaz m\u0131yd\u0131? Neden Rusya, Avrupa ve ABD T\u00fcrkiye&#8217;yi hesaba katmak zorundayd\u0131? sorular\u0131n\u0131, Erbakan\u2019dan kurtulma projesi olan 28 \u015eubat\u2019\u0131n da gizli mimarlar\u0131ndan olan Yahudi Brzezinski \u015f\u00f6yle yan\u0131tlam\u0131\u015ft\u0131:<\/span><\/i><\/p>\n<p style=\"text-align: justify; text-indent: 27pt;\"><b><i><span style=\"font-size: 14pt; font-family: 'Arial','sans-serif'; color: black;\">Yeni k\u00fcresel d\u00fczende T\u00fcrkiye&#8217;nin rol\u00fc ne olacakt\u0131r?<\/span><\/i><\/b><\/p>\n<p style=\"text-align: justify; text-indent: 27pt;\"><i><span style=\"font-size: 14pt; font-family: 'Arial','sans-serif'; color: black;\">T\u00fcrkiye a\u00e7\u0131k bir \u015fekilde uluslararas\u0131 sahnede \u00f6nemli bir role sahip. B\u00f6lgesel etkinli\u011fe sahip ve NATO \u00fcyesi olarak \u00f6nemli uluslararas\u0131 ba\u011flant\u0131lar\u0131 olan bir \u00fclke konumunda. T\u00fcrkiye ak\u0131ll\u0131c\u0131 bir \u015fekilde Rusya ile; tarihsel olarak bazen \u00e7ok sanc\u0131l\u0131 olsa da; ili\u015fkilerini d\u00fczenlemeyi ve y\u00fcr\u00fctmeyi ba\u015farm\u0131\u015f, ayn\u0131 zamanda son y\u0131llarda kendisi i\u00e7in tarihsel a\u00e7\u0131dan \u00f6nemli olan Ortado\u011fu&#8217;daki rol\u00fcn\u00fc yeniden kazanmay\u0131 ve b\u00f6lgedeki etkinli\u011fini art\u0131rmay\u0131 ba\u015farm\u0131\u015f bir \u00fclke. Bu nedenle ABD&#8217;nin T\u00fcrkiye ile kar\u015f\u0131l\u0131kl\u0131 ili\u015fkilerini geli\u015ftirmesi i\u00e7in \u00e7ok hayati nedenleri vard\u0131r. Ancak ayn\u0131 \u015fekilde ABD ile ili\u015fkilerin geli\u015ftirilmesinin T\u00fcrkiye&#8217;nin de \u00e7\u0131kar\u0131na oldu\u011funu belirtmek laz\u0131md\u0131r.<\/span><\/i><\/p>\n<p style=\"text-align: justify; text-indent: 27pt;\"><b><span style=\"font-size: 18pt; font-family: 'Arial','sans-serif'; color: black;\">Brzezinski\u2019nin: <i>&#8220;T\u00fcrkiye art\u0131k Bat\u0131&#8217;n\u0131n ayr\u0131lmaz bir par\u00e7as\u0131d\u0131r!&#8221;<\/i> s\u00f6zleri asl\u0131nda: <i>\u201cT\u00fcrkiye \u0130srail\u2019in arka bah\u00e7esi olmal\u0131d\u0131r\u201d<\/i> mana ve maksad\u0131n\u0131 a\u00e7\u0131\u011fa vurmaktayd\u0131.<\/span><\/b><\/p>\n<p style=\"text-align: justify; text-indent: 27pt;\"><i><span style=\"font-size: 14pt; font-family: 'Arial','sans-serif'; color: black;\">T\u00fcrkiye art\u0131k Bat\u0131&#8217;n\u0131n bir par\u00e7as\u0131d\u0131r. \u00d6zellikle Atat\u00fcrk&#8217;\u00fcn neredeyse y\u00fcz y\u0131l \u00f6nce modern bir T\u00fcrkiye kurma deneyi o d\u00f6nem i\u00e7in \u00e7ok b\u00fcy\u00fck bir ba\u015far\u0131d\u0131r. Ayn\u0131 d\u00f6neme rasgelen Lenin ve Stalin y\u00f6netimindeki Rusya&#8217;y\u0131 kurma deneyi Atat\u00fcrk&#8217;\u00fcn T\u00fcrkiye Cumhuriyeti deneyinden \u00e7ok daha fazla kanl\u0131 uygulanmaya \u00e7al\u0131\u015f\u0131ld\u0131 ve bu s\u00fcre\u00e7te \u00e7ok daha fazla insana ac\u0131 \u00e7ektirildi. Lenin ve Stalin arkalar\u0131nda ac\u0131lardan olu\u015fan bir tortu b\u0131rakt\u0131. Dolay\u0131s\u0131yla insanl\u0131k i\u00e7in b\u00fcy\u00fck bir y\u0131k\u0131m say\u0131lan bu deneyler Lenin ve Stalin&#8217;in Atat\u00fcrk&#8217;\u00fcn ula\u015ft\u0131\u011f\u0131 normal ve Bat\u0131 benzeri bir toplum yaratmas\u0131n\u0131 daha da zorla\u015ft\u0131rd\u0131.<\/span><\/i><\/p>\n<p style=\"text-align: justify; text-indent: 27pt;\"><b><i><span style=\"font-size: 14pt; font-family: 'Arial','sans-serif'; color: black;\">Brzezinski\u2019ye g\u00f6re &#8220;T\u00fcrkiye AB&#8217;ye \u00fcye olmadan da Bat\u0131&#8217;n\u0131n merkezi olabilecek konumdad\u0131r!\u201d<\/span><\/i><\/b><\/p>\n<p style=\"text-align: justify; text-indent: 27pt;\"><i><span style=\"font-size: 14pt; font-family: 'Arial','sans-serif'; color: black;\">Bence yeni k\u00fcresel d\u00fczenin gelece\u011fini belirlerken iki taraf da kar\u015f\u0131l\u0131kl\u0131 \u00e7aba sarf etmelidir. Bu sadece Amerika ve Avrupa&#8217;n\u0131n T\u00fcrkiye&#8217;yi d\u00e2hil etmesi meselesi de\u011fildir, T\u00fcrkiye de ayn\u0131 \u015fekilde Amerika ve Avrupa\u2019y\u0131 kendi eksenin merkezi haline getirmelidir. Tabii Avrupa deyince akla hemen T\u00fcrkiye&#8217;nin Avrupa Birli\u011fi&#8217;ne \u00fcyelik s\u00fcreci gelmektedir. Bu s\u00fcre\u00e7 \u015fimdilik ask\u0131da olsa da, T\u00fcrkiye AB&#8217;ye \u00fcye olmadan da, Bat\u0131&#8217;n\u0131n ya da Avrupa&#8217;n\u0131n vazge\u00e7ilmez bir par\u00e7as\u0131 haline gelebilir; bunun i\u00e7in \u00e7ok farkl\u0131 yollar\u0131 bulunabilir. \u015eu anda \u00e7ok ba\u015far\u0131l\u0131 ve ayn\u0131 zamanda Avrupal\u0131 olup da AB \u00fcyesi olmayan birka\u00e7 \u00fclke sayabilirim. <\/span><\/i><\/p>\n<p style=\"text-align: justify; text-indent: 27pt;\"><i><span style=\"font-size: 14pt; font-family: 'Arial','sans-serif'; color: black;\">T\u00fcrkiye uzun vadede Avrupa&#8217;n\u0131n resmi par\u00e7as\u0131 olacakt\u0131r. Fakat gayri resmi de olsa ABD ve Avrupa, T\u00fcrkiye&#8217;nin AB&#8217;ye \u00fcye olmas\u0131 i\u00e7in birlikte \u00e7al\u0131\u015fmal\u0131d\u0131r. Bu \u00e7al\u0131\u015fman\u0131n sonu\u00e7 vermesi i\u00e7in de taraflar\u0131n (AB \u00fclkelerinin ve ABD&#8217;nin) T\u00fcrkiye&#8217;nin en az \u0130ngiltere, Fransa ve Almanya&#8217;n\u0131n kadar Euro-Atlantik ili\u015fkiler \u00e7er\u00e7evesinde kritik \u00f6nemde oldu\u011funu kavramas\u0131 ve tan\u0131mas\u0131 laz\u0131md\u0131r.<\/span><\/i><\/p>\n<p style=\"text-align: justify; text-indent: 27pt;\"><b><i><span style=\"font-size: 14pt; font-family: 'Arial','sans-serif'; color: black;\">Yahudi\u2019nin: &#8220;S\u00fcper g\u00fc\u00e7ler d\u00f6nemi kapanmaktad\u0131r!&#8221; itiraf\u0131<\/span><\/i><\/b><\/p>\n<p style=\"text-align: justify; text-indent: 27pt;\"><i><span style=\"font-size: 14pt; font-family: 'Arial','sans-serif'; color: black;\">ABD son s\u00fcper g\u00fc\u00e7 olacakt\u0131r. Sovyetler Birli\u011fi&#8217;nin da\u011f\u0131lmas\u0131ndan sonra, tek s\u00fcper g\u00fc\u00e7 haline gelen ABD&#8217;nin g\u00fcc\u00fc t\u00fcm d\u00fcnyaca tan\u0131nm\u0131\u015ft\u0131 ve d\u00f6nemin k\u00fcresel d\u00fczeninde Washington&#8217;un \u00e7ok b\u00fcy\u00fck ve s\u0131n\u0131rs\u0131z etkinli\u011fi vard\u0131. Ancak ABD&#8217;yi s\u00fcper g\u00fc\u00e7 haline getiren siyasi konjonkt\u00fcr d\u00fcnya sahnesinde bir daha tekrarlanmas\u0131 imkans\u0131zd\u0131r. ABD i\u00e7in &#8216;son s\u00fcper g\u00fc\u00e7&#8217; tan\u0131m\u0131 yaparken bu zaman dilimini dikkate almak laz\u0131md\u0131r. <\/span><\/i><\/p>\n<p style=\"text-align: justify; text-indent: 27pt;\"><i><span style=\"font-size: 14pt; font-family: 'Arial','sans-serif'; color: black;\">Tabii Amerika s\u00fcper g\u00fc\u00e7 \u00f6zelli\u011fini yitirirken, \u00c7in&#8217;in d\u00fcnya sahnesindeki g\u00fcc\u00fc ve etkinli\u011fi giderek artmaktad\u0131r. Di\u011fer taraftan, e\u011fer Avrupa durgunlu\u011fundan s\u0131yr\u0131larak daha etkin ve aktif bir d\u0131\u015f politika benimsemezse d\u00fcnyan\u0131n yeni g\u00fc\u00e7leri aras\u0131nda yerini almayacakt\u0131r. Ancak Avrupa, etkinli\u011fini art\u0131rmas\u0131 durumunda ise T\u00fcrkiye ile m\u00fc\u015fterek olarak ABD&#8217;nin kaybetti\u011fi rol\u00fc \u00fcstlenebilir durumdad\u0131r.<\/span><\/i><\/p>\n<p style=\"text-align: justify; text-indent: 27pt;\"><b><i><span style=\"font-size: 14pt; font-family: 'Arial','sans-serif'; color: black;\">Siyonist g\u00e2vurun \u00fclkemize bi\u00e7ti\u011fi rol: &#8220;T\u00fcrkiye ABD&#8217;nin g\u00fcc\u00fcn\u00fc \u00fcstlenmeye mahk\u00fbm bulunmaktad\u0131r!\u201d<\/span><\/i><\/b><\/p>\n<p style=\"text-align: justify; text-indent: 27pt;\"><i><span style=\"font-size: 14pt; font-family: 'Arial','sans-serif'; color: black;\">Ufukta ABD&#8217;nin sahip oldu\u011fu g\u00fcc\u00fc \u00fcstlenmeye mahk\u00fbm olan di\u011fer \u00fclkeler de vard\u0131r. Bu \u00fclkeler aras\u0131nda Hindistan, Japonya, Brezilya ve sa\u011fl\u0131\u011f\u0131na kavu\u015fmas\u0131 \u015fart\u0131yla Rusya da bulunmaktad\u0131r. <\/span><\/i><b><i><span style=\"font-size: 18pt; font-family: 'Arial','sans-serif'; color: black;\">Bu listeye as\u0131l T\u00fcrkiye&#8217;yi de d\u00e2hil etmemiz laz\u0131md\u0131r.<\/span><\/i><\/b><i><span style=\"font-size: 14pt; font-family: 'Arial','sans-serif'; color: black;\"> E\u011fer Rusya Avrupa&#8217;n\u0131n bir par\u00e7as\u0131 haline gelirse, Moskova ancak o zaman yirmi birinci y\u00fczy\u0131lda \u00f6nemli ve etkin rol oynayacakt\u0131r. Sonu\u00e7 olarak, 21. y\u00fczy\u0131lda, ABD gibi bir s\u00fcper g\u00fc\u00e7 do\u011furacak bir d\u00fcnya d\u00fczeni olmayacakt\u0131r.<\/span><\/i><\/p>\n<p style=\"text-align: justify; text-indent: 27pt;\"><b><i><span style=\"font-size: 14pt; font-family: 'Arial','sans-serif'; color: black;\">&#8220;Rusya T\u00fcrkiye\u2019ye asla tehdit olamayacakt\u0131r!&#8221;<\/span><\/i><\/b><\/p>\n<p style=\"text-align: justify; text-indent: 27pt;\"><i><span style=\"font-size: 14pt; font-family: 'Arial','sans-serif'; color: black;\">E\u011fer Bat\u0131, T\u00fcrkiye&#8217;yi ve Rusya&#8217;y\u0131 kendi ittifak\u0131 i\u00e7ine almakta ba\u015far\u0131s\u0131z olursa, Rusya&#8217;n\u0131n b\u00f6lge i\u00e7in bir tehdit olu\u015fturabilece\u011fi hatta 1989&#8217;da ba\u011f\u0131ms\u0131zl\u0131\u011f\u0131n\u0131 ilan eden \u00fclkeleri yeniden kendi s\u0131n\u0131rlar\u0131 i\u00e7ine d\u00e2hil etme giri\u015fiminde olabilece\u011fi uyar\u0131m\u0131z hakl\u0131d\u0131r. Ancak Rusya hi\u00e7bir zaman T\u00fcrkiye&#8217;ye tehdit unsuru say\u0131lacak kadar g\u00fc\u00e7l\u00fc olamayacakt\u0131r. Bu sadece T\u00fcrkiye&#8217;nin kendi g\u00fc\u00e7l\u00fc duru\u015fundan kaynaklanm\u0131yor; T\u00fcrkiye NATO&#8217;nun en aktif \u00fcyelerinden biri, yani NATO&#8217;nun en \u00f6nemli \u00fc\u00e7 \u00fclkesi aras\u0131ndad\u0131r. T\u00fcrkiye i\u00e7in NATO \u015femsiyesi alt\u0131nda olmak ek bir g\u00fcvence kayna\u011f\u0131d\u0131r.<\/span><\/i><\/p>\n<p style=\"text-align: justify; text-indent: 27pt;\"><b><i><span style=\"font-size: 14pt; font-family: 'Arial','sans-serif'; color: black;\">Brzezinski\u2019nin korku ve \u015fantaj senaryolar\u0131!<\/span><\/i><\/b><\/p>\n<p style=\"text-align: justify; text-indent: 27pt;\"><i><span style=\"font-size: 14pt; font-family: 'Arial','sans-serif'; color: black;\">\u201cGeriye bakt\u0131\u011f\u0131m\u0131zda 20. y\u00fczy\u0131l\u0131n k\u00fcresel egemenlik sa\u011flama m\u00fccadelesi ile ge\u00e7ti\u011fini g\u00f6r\u00fcyoruz. Birinci ve \u0130kinci D\u00fcnya Sava\u015flar\u0131 ile So\u011fuk Sava\u015f hep \u00fcst\u00fcnl\u00fck sa\u011flama m\u00fccadeleleriydi. \u015eu anda ba\u015flar\u0131nda bulundu\u011fumuz 21. y\u00fczy\u0131lda iki olas\u0131 senaryo ile kar\u015f\u0131 kar\u015f\u0131yay\u0131z.<\/span><\/i><\/p>\n<p style=\"text-align: justify; text-indent: 27pt;\"><i><span style=\"font-size: 14pt; font-family: 'Arial','sans-serif'; color: black;\">Biri: d\u00fcnya yeni y\u00fczy\u0131lda s\u00fcrekli artan k\u00fcresel karga\u015falara, b\u00fcy\u00fcyen kar\u0131\u015f\u0131kl\u0131klara ve belirsizliklere, hatta zaman zaman denge unsurlar\u0131n\u0131n yerinden oynamas\u0131 ve geni\u015f \u00e7apl\u0131 \u015fiddet eylemlerine sahne olacakt\u0131r. Bu senaryo maalesef \u00e7ok ihtiya\u00e7 duyulan k\u00fcresel i\u015fbirli\u011fini engelleyici ve insanl\u0131\u011f\u0131n gelece\u011fini tehdit edici \u00f6zelli\u011fe sahip bulunmaktad\u0131r. B\u00f6yle bir d\u00fcnya, her \u015feyin kontrolden \u00e7\u0131kt\u0131\u011f\u0131 anlam\u0131n\u0131 ta\u015f\u0131r. Buna k\u00fcresel \u0131s\u0131nman\u0131n yol a\u00e7aca\u011f\u0131 \u00e7evre felaketlerini de eklersek durum daha da korkun\u00e7 bir hal al\u0131r.<\/span><\/i><\/p>\n<p style=\"text-align: justify; text-indent: 27pt;\"><i><span style=\"font-size: 14pt; font-family: 'Arial','sans-serif'; color: black;\">\u0130kinci senaryo ise; insanl\u0131\u011f\u0131n gelece\u011fi i\u00e7in daha \u00fcmit verici olan\u0131d\u0131r. D\u00fcnya \u00fclkeleri yeni y\u00fczy\u0131lda istikrarl\u0131 bir tutum benimseyerek uluslararas\u0131 g\u00fc\u00e7 da\u011f\u0131l\u0131m\u0131n\u0131 dengeleyecek kilit ili\u015fkiler kuracakt\u0131r. <\/span><\/i><\/p>\n<p style=\"text-align: justify; text-indent: 27pt;\"><i><span style=\"font-size: 14pt; font-family: 'Arial','sans-serif'; color: black;\">\u0130ran ise ge\u00e7mi\u015f ile ilgili bir problem, yeni y\u00fczy\u0131lda aktif rol oynayacak g\u00fc\u00e7ler aras\u0131nda say\u0131lmamaktad\u0131r. \u0130ran sorununun Bat\u0131 taraf\u0131ndan ak\u0131ll\u0131ca \u00e7\u00f6z\u00fclmesini umuyorum.\u201d<\/span><\/i><span style=\"font-size: 14pt; font-family: 'Arial','sans-serif'; color: black;\"> diyen Yahudi stratejist Siyonist sermaye h\u00e2kimiyetini korumak i\u00e7in, ABD\u2019ye k\u00fc\u00e7\u00fck ortaklar bularak d\u00fcnya dengelerini korumay\u0131 \u00f6neriyordu.<\/span><\/p>\n<p style=\"text-align: justify; text-indent: 27pt;\"><b><span style=\"font-size: 14pt; font-family: 'Arial','sans-serif'; color: black;\">&#8220;Bat\u0131 eksenine T\u00fcrkiye ve Rusya birlikte kat\u0131lmal\u0131d\u0131r&#8221;<\/span><\/b><\/p>\n<p style=\"text-align: justify; text-indent: 27pt;\"><span style=\"font-size: 14pt; font-family: 'Arial','sans-serif'; color: black;\">Kitab\u0131n\u0131zda Bat\u0131&#8217;n\u0131n s\u00fcper g\u00fc\u00e7 \u00f6zelli\u011fini koruyabilmesi i\u00e7in T\u00fcrkiye ve Rusya&#8217;ya ihtiyac\u0131 oldu\u011funu ileri s\u00fcr\u00fcyorsunuz. Hatta bunun i\u00e7in her iki \u00fclkenin de AB \u00fcyesi olmas\u0131n\u0131n \u015fart oldu\u011funu yaz\u0131yorsunuz?! Sorusunu ise Siyonist Brzezinski \u015f\u00f6yle yan\u0131tlam\u0131\u015ft\u0131: <\/span><\/p>\n<p style=\"text-align: justify; text-indent: 27pt;\"><b><i><span style=\"font-size: 16pt; font-family: 'Arial','sans-serif'; color: black;\">\u201cD\u00fcnya&#8217;n\u0131n daha canl\u0131 ve enerjik bir Bat\u0131&#8217;ya ihtiyac\u0131 vard\u0131r. Yeni k\u00fcresel d\u00fczen i\u00e7in demokrasi ve anayasal h\u00fck\u00fcmetleri kucaklayan ve bu de\u011ferleri yayan ABD ve Avrupa&#8217;dan olu\u015fan bir Bat\u0131 laz\u0131md\u0131r. Bu eksene \u00f6zellikle T\u00fcrkiye ve demokratikle\u015fme s\u00fcrecini tamamlad\u0131ktan sonra Rusya da kat\u0131lmal\u0131d\u0131r.<\/span><\/i><\/b><\/p>\n<p style=\"text-align: justify; text-indent: 27pt;\"><b><i><span style=\"font-size: 16pt; font-family: 'Arial','sans-serif'; color: black;\">T\u00fcrkiye&#8217;nin de d\u00e2hil edildi\u011fi bu yeni bat\u0131 ekseni ABD&#8217;yi \u00c7in ile ortakl\u0131k kurmaya zorlamal\u0131, Japonya ile \u00c7in aras\u0131nda uzla\u015fma sa\u011flanmas\u0131 i\u00e7in \u00e7al\u0131\u015fmal\u0131, Hindistan ile \u00c7in aras\u0131ndaki gerginli\u011fi azaltmak ve olas\u0131 \u00e7at\u0131\u015fmalar\u0131 engellemek i\u00e7in arabuluculuk yapmal\u0131d\u0131r. Yeni y\u00fckselen g\u00fc\u00e7leri i\u00e7inde bar\u0131nd\u0131ran Bat\u0131, t\u00fcm bunlar\u0131 ger\u00e7ekle\u015ftirirken \u00f6zellikle de ABD, Asya k\u0131tas\u0131nda do\u011frudan askeri bir m\u00fcdahaleden kesinlikle uzak durmal\u0131d\u0131r.\u201d<\/span><\/i><\/b><\/p>\n<p style=\"text-align: justify; text-indent: 27pt;\"><b><span style=\"font-size: 18pt; font-family: 'Arial','sans-serif'; color: black;\">Tam bu s\u0131rada \u00c7ankaya\u2019ya Yahudi k\u00f6kenli ABD\u2019li Senat\u00f6r ziyaretleri neden yo\u011funla\u015fm\u0131\u015ft\u0131r?<\/span><\/b><\/p>\n<p style=\"text-align: justify; text-indent: 27pt;\"><span style=\"font-size: 14pt; font-family: 'Arial','sans-serif'; color: black;\">Bu s\u00fcre\u00e7te ABD\u2019li senat\u00f6r Richard J. Durbin Cumhurba\u015fkan\u0131 Abdullah G\u00fcl\u2019\u00fcn konu\u011fu olmu\u015flard\u0131. \u00c7ankaya\u2019da ger\u00e7ekle\u015fen ziyaret, bas\u0131na kapal\u0131yd\u0131. Yani, ne konu\u015ftuklar\u0131 gizli kalm\u0131\u015ft\u0131.<\/span><\/p>\n<p style=\"text-align: justify; text-indent: 27pt;\"><span style=\"font-size: 14pt; font-family: 'Arial','sans-serif'; color: black;\">\u00c7ankaya\u2019ya son iki ayda s\u0131ra d\u0131\u015f\u0131 bir ABD\u2019li senat\u00f6r ak\u0131n\u0131 vard\u0131.<\/span><\/p>\n<p style=\"text-align: justify; text-indent: 27pt;\"><span style=\"font-size: 14pt; font-family: 'Arial','sans-serif'; color: black;\">&#8211; ABD Temsilciler Meclisi \u00dcyesi Tom Price, 3 Nisan\u2019da Cumhurba\u015fkan\u0131 G\u00fcl\u2019\u00fc ziyaret etti.<\/span><\/p>\n<p style=\"text-align: justify; text-indent: 27pt;\"><span style=\"font-size: 14pt; font-family: 'Arial','sans-serif'; color: black;\">&#8211; ABD\u2019li senat\u00f6rler John McCain, Joe Lieberman ve Lindsey Graham, 9 Nisan\u2019da G\u00fcl\u2019\u00fc ziyaret etti.<\/span><\/p>\n<p style=\"text-align: justify; text-indent: 27pt;\"><span style=\"font-size: 14pt; font-family: 'Arial','sans-serif'; color: black;\">&#8211; ABD\u2019li senat\u00f6rler Carl Levin ve Jack Reed, 3 May\u0131s\u2019ta G\u00fcl\u2019\u00fc ziyaret etti.<\/span><\/p>\n<p style=\"text-align: justify; text-indent: 27pt;\"><span style=\"font-size: 14pt; font-family: 'Arial','sans-serif'; color: black;\">&#8211; ABD\u2019li senat\u00f6r Richard J. Durbin, 29 May\u0131s\u2019ta G\u00fcl\u2019\u00fc ziyaret etti.<\/span><\/p>\n<p style=\"text-align: justify; text-indent: 27pt;\"><b><span style=\"font-size: 14pt; font-family: 'Arial','sans-serif'; color: black;\">Bu, ABD\u2019li senat\u00f6rlerin faaliyet alanlar\u0131<\/span><\/b><\/p>\n<p style=\"text-align: justify; text-indent: 27pt;\"><span style=\"font-size: 14pt; font-family: 'Arial','sans-serif'; color: black;\">Cumhurba\u015fkanl\u0131\u011f\u0131 sitesinde bu ziyaretlerin sadece yap\u0131ld\u0131\u011f\u0131na dair bilgi vard\u0131. Ama ne s\u00f6ylendi\u011fi, ne g\u00f6r\u00fc\u015f\u00fcld\u00fc\u011f\u00fc bir s\u0131rd\u0131! Biz ayr\u0131nt\u0131lar\u0131, bu ziyaret\u00e7ilerin \u00f6ncesi ve sonras\u0131ndaki faaliyetlerinde ve ABD bas\u0131n\u0131nda arad\u0131k:<\/span><\/p>\n<p style=\"text-align: justify; text-indent: 27pt;\"><span style=\"font-size: 14pt; font-family: 'Arial','sans-serif'; color: black;\">&#8211; <b>Tom Price,<\/b> Suriye\u2019ye uygulanan yapt\u0131r\u0131mlar\u0131n mimarlar\u0131ndan biri olarak tan\u0131nm\u0131\u015ft\u0131. ABD temsilciler Meclisi \u00dcyesi Price, D\u0131\u015fi\u015fleri Bakan\u0131 Hillary Clinton\u2019a yaz\u0131lan ve 327 Kongre \u00fcyesinin imzalad\u0131\u011f\u0131 <\/span><b><span style=\"font-size: 18pt; font-family: 'Arial','sans-serif'; color: black;\">\u201cABD-\u0130srail k\u0131r\u0131lmaz ba\u011flar\u0131\u201d<\/span><\/b><span style=\"font-size: 14pt; font-family: 'Arial','sans-serif'; color: black;\"> konulu mektubun da yazar\u0131yd\u0131.<\/span><\/p>\n<p style=\"text-align: justify; text-indent: 27pt;\"><span style=\"font-size: 14pt; font-family: 'Arial','sans-serif'; color: black;\">&#8211; ABD\u2019li senat\u00f6rler <b>John McCain ve Joe Lieberman<\/b>, G\u00fcl\u2019le g\u00f6r\u00fc\u015ft\u00fckten sonra Hatay\u2019a gidip s\u0131n\u0131r tefti\u015fi yapm\u0131\u015ft\u0131. \u0130kili, Suriyeli isyanc\u0131larla da i\u00e7eri\u011fi a\u00e7\u0131klanmayan g\u00f6r\u00fc\u015fmeleri ger\u00e7ekle\u015ftiren Yahudi kodaman\u0131yd\u0131.<\/span><\/p>\n<p style=\"text-align: justify; text-indent: 27pt;\"><span style=\"font-size: 14pt; font-family: 'Arial','sans-serif'; color: black;\">\u0130kilinin T\u00fcrkiye ziyaretinden sonra Foregin Policy\u2019de yer alan \u015fu sat\u0131rlar Ankara\u2019da yalanlanmam\u0131\u015ft\u0131: \u201cT\u00fcrk yetkililer, McCain ve Lieberman\u2019a d\u0131\u015far\u0131dan gelen silahlar\u0131n s\u0131n\u0131rlar\u0131n \u00f6tesine ak\u0131\u015f\u0131na izin vermeye g\u00f6n\u00fcll\u00fc olduklar\u0131n\u0131 ve Suriye muhalefetine yard\u0131m i\u00e7in di\u011fer daha sald\u0131rgan ad\u0131mlar\u0131 tart\u0131\u015facaklar\u0131n\u0131 belirttiler.\u201d<\/span><\/p>\n<p style=\"text-align: justify; text-indent: 27pt;\"><span style=\"font-size: 14pt; font-family: 'Arial','sans-serif'; color: black;\">&#8211; ABD\u2019li senat\u00f6rler <b>Carl Levin<\/b> ile <b>Jack Reed<\/b>, ABD Kongresi\u2019ne Ermeni soyk\u0131r\u0131m\u0131 yasa tasar\u0131s\u0131n\u0131 getiren adamlard\u0131. \u00dcstelik G\u00fcl, Levin ve Reed\u2019le, bu olaydan \u00e7ok de\u011fil, tam 19 g\u00fcn sonra bulu\u015fmu\u015flard\u0131.<\/span><\/p>\n<p style=\"text-align: justify; text-indent: 27pt;\"><span style=\"font-size: 14pt; font-family: 'Arial','sans-serif'; color: black;\">ABD Senatosu Silahl\u0131 Kuvvetler Komitesi Ba\u015fkan\u0131 da olan Senat\u00f6r Carl Levin, 7 Mart\u2019ta yapt\u0131\u011f\u0131 <b>\u201c\u0130srail\u2019in \u0130ran\u2019a sald\u0131rmas\u0131n\u0131n muhtemel oldu\u011funu d\u00fc\u015f\u00fcn\u00fcyorum\u201d<\/b> a\u00e7\u0131klamas\u0131yla d\u00fcnyan\u0131n g\u00fcndemini sarsm\u0131\u015ft\u0131.<\/span><\/p>\n<p style=\"text-align: justify; text-indent: 27pt;\"><span style=\"font-size: 14pt; font-family: 'Arial','sans-serif'; color: black;\">Senat\u00f6r <b>Durbin<\/b>, ABD Ba\u015fkan\u0131 Barrack Obama\u2019n\u0131n K\u0131br\u0131s\u2019la ilgili mesajlar\u0131n\u0131 Cumhurba\u015fkan\u0131 G\u00fcl\u2019e ula\u015ft\u0131rm\u0131\u015f sonra Fener Rum Patri\u011fi Bartholomeos\u2019u ziyaret etmi\u015fti. (19 \u015eubat 2009)<\/span><\/p>\n<p style=\"text-align: justify; text-indent: 27pt;\"><b><span style=\"font-size: 16pt; font-family: 'Arial','sans-serif'; color: black;\">Abdullah G\u00fcl\u2019\u00fcn son iki aydaki konu\u011fu olan bu 7 senat\u00f6r\u00fcn ortak \u00f6zelli\u011fi, T\u00fcrkiye kar\u015f\u0131t\u0131 b\u00f6lge faaliyetlerinde bulunmalar\u0131yd\u0131. \u0130ran ve Suriye d\u00fc\u015fman\u0131 ve tam bir \u0130srail dostu olan bu senat\u00f6rler, ayn\u0131 zamanda T\u00fcrkiye\u2019yi Ermeni meselesi ve K\u0131br\u0131s \u00fczerinden s\u0131k\u0131\u015ft\u0131ran hamlelerin de mimarlar\u0131 durumundalard\u0131!<\/span><\/b><\/p>\n<p style=\"text-align: justify; text-indent: 27pt;\"><b><span style=\"font-size: 16pt; font-family: 'Arial','sans-serif'; color: black;\">Peki, t\u00fcm bu \u00f6zelliklere sahip ABD\u2019li Yahudi senat\u00f6rler s\u0131k s\u0131k \u00c7ankaya\u2019ya niye \u00e7\u0131kmaktayd\u0131? Ya da \u015f\u00f6yle soral\u0131m: T\u00fcrkiye Cumhuriyeti\u2019nin ba\u015f\u0131, bu 7 senat\u00f6r\u00fc neden bu s\u0131kl\u0131kta a\u011f\u0131rlamaktayd\u0131?<a href=\"#_ftn3\" name=\"_ftnref3\" title=\"\"><\/a><b><span style=\"font-size: 16pt; font-family: 'Arial','sans-serif'; color: black;\">[3]<\/span><\/b><\/span><\/b><\/p>\n<p style=\"text-align: justify; text-indent: 27pt;\"><span style=\"font-size: 14pt; font-family: 'Arial','sans-serif'; color: black;\">B\u00fct\u00fcn bunlar bize filozof Arthur Schnitzler\u2019in \u015fu s\u00f6z\u00fcn\u00fc hat\u0131rlatm\u0131\u015ft\u0131:<\/span><\/p>\n<p style=\"text-align: justify; text-indent: 27pt;\"><b><i><span style=\"font-size: 14pt; font-family: 'Arial','sans-serif'; color: black;\">\u201c\u00dc\u00e7 t\u00fcr politikac\u0131 vard\u0131r: 1- Suyu buland\u0131ranlar 2- Bulan\u0131k suda bal\u0131k avlayanlar 3- Bu kolay avlanan bal\u0131klar\u0131, al\u0131klar\u0131n elinden \u00e7ok ucuza kapanlar\u2026\u201d<\/span><\/i><\/b><\/p>\n<p style=\"text-align: justify; text-indent: 27pt;\"><span style=\"font-size: 14pt; font-family: 'Arial','sans-serif'; color: black;\">Evet, \u201cahlaks\u0131z din, vicdans\u0131z m\u00fc\u2019min\u201d olmazd\u0131, bunlar sadece m\u00fcnaf\u0131kt\u0131 ve milletin ba\u015f belas\u0131yd\u0131. <\/span><\/p>\n<p style=\"text-align: justify; text-indent: 27pt;\"><b><span style=\"font-size: 18pt; font-family: 'Arial','sans-serif'; color: black;\">Suriye senaryolar\u0131 asl\u0131nda T\u00fcrkiye\u2019ye bir tuzakt\u0131r!<\/span><\/b><\/p>\n<p style=\"text-align: justify; text-indent: 27pt;\"><b><span style=\"font-size: 16pt; font-family: 'Arial','sans-serif'; color: black;\">Asl\u0131nda Suriye&#8217;de olup bitenleri en iyi anlayacak \u00fclkelerin ba\u015f\u0131nda olmas\u0131 ve ona g\u00f6re davranmas\u0131 gereken T\u00fcrkiye, maalesef ABD ve AB\u2019nin ta\u015feronu gibi davranmaktad\u0131r. \u00c7\u00fcnk\u00fc T\u00fcrkiye son 40 y\u0131l\u0131n\u0131 sa\u011f-sol, Alevi-S\u00fcnni ve PKK \u00e7at\u0131\u015fmalar\u0131yla ge\u00e7iren bir \u00fclkedir ve hala d\u0131\u015f destekli ter\u00f6rle bo\u011fu\u015fmaktad\u0131r. \u015eimdi, bir zamanlar T\u00fcrkiye&#8217;de oldu\u011fu gibi baz\u0131lar\u0131 Suriye&#8217;de i\u00e7 sava\u015f \u00e7\u0131kartmaya \u00e7al\u0131\u015fmaktad\u0131r. Yabanc\u0131 g\u00fc\u00e7lerin arka \u00e7\u0131k\u0131p k\u0131\u015fk\u0131rtt\u0131\u011f\u0131 silahl\u0131 gruplar, bir i\u00e7 sava\u015f\u0131 haz\u0131rlayacak ve hakl\u0131 \u00e7\u0131kartacak senaryolarda fig\u00fcranl\u0131k yapmaktad\u0131r. Her BM G\u00fcvenlik Konseyi toplant\u0131s\u0131ndan \u00f6nce d\u00fcnya kamuoyunu haz\u0131rlamak ve Rusya&#8217;y\u0131 s\u0131k\u0131\u015ft\u0131rmak i\u00e7in silahl\u0131 gruplar kar\u0131\u015f\u0131kl\u0131k \u00e7\u0131karmaktad\u0131r. Bu silahl\u0131 gruplar yol kesiyor ve baz\u0131 b\u00f6lgeleri kontrol\u00fcnde tutuyor. T\u0131pk\u0131 PKK militanlar\u0131n\u0131n geceleri G\u00fcneydo\u011fu&#8217;da baz\u0131 k\u00f6y, kasaba hatta \u015fehir ve ana yollar\u0131 kontrol edebildikleri gibi davran\u0131yor. Evet, Baas rejimi zalimdir ve Suriye Milli iradeye dayal\u0131 adil bir y\u00f6netime ge\u00e7melidir, ama bu d\u0131\u015f g\u00fc\u00e7lerin BOP \u00e7er\u00e7evesinde ve B\u00fcy\u00fck \u0130srail\u2019i kurma istikametindeki bir i\u00e7 sava\u015fla olmamal\u0131d\u0131r. Yani as\u0131l ve nihai hedef Suriye de\u011fil T\u00fcrkiye\u2019dir ve art\u0131k bunu anlamak laz\u0131md\u0131r. \u00c7\u00fcnk\u00fc T\u00fcrkiye, i\u015fbirlik\u00e7i y\u00f6neticilerle kontrol edilen B\u00fcy\u00fck \u0130srail\u2019in bir eyaleti yap\u0131lmaya \u00e7al\u0131\u015f\u0131lmaktad\u0131r ve bu \u015feytani hedefe ad\u0131m ad\u0131m yakla\u015f\u0131lmaktad\u0131r.<\/span><\/b><\/p>\n<p style=\"text-align: justify; text-indent: 27pt;\"><b><span style=\"font-size: 14pt; font-family: 'Arial','sans-serif'; color: black;\">Bu arada i\u015fbirlik\u00e7i kuklalara as\u0131l sorulmas\u0131 gereken \u015fudur:<\/span><\/b><\/p>\n<p style=\"text-align: justify; text-indent: 27pt;\"><span style=\"font-size: 14pt; font-family: 'Arial','sans-serif'; color: black;\">\u201cBe\u015f\u015far Esad, y\u00f6netimi alt\u0131ndaki halk\u0131 bombal\u0131yor ve a\u015f\u0131r\u0131 \u015fiddet uyguluyor diye, bir an evvel Suriye\u2019ye m\u00fcdahale edilmesini isteyen \u015fu BM, NATO ve Bat\u0131 d\u00fcnyas\u0131, acaba 60 y\u0131ld\u0131r, ayn\u0131 vah\u015feti i\u015fgal etti\u011fi Filistin halk\u0131na uygulayan \u015fu Siyonist \u0130srail\u2019e, niye bir yapt\u0131r\u0131m karar\u0131 \u00e7\u0131karmaz ve askeri tedbirlere ba\u015fvurulmazd\u0131? Yoksa Filistinli mazlum M\u00fcsl\u00fcmanlar, insan say\u0131lmamakta m\u0131yd\u0131?<\/span><\/p>\n<p style=\"text-align: justify; text-indent: 27pt;\"><span style=\"font-size: 14pt; font-family: 'Arial','sans-serif'; color: black;\">ABD D\u0131\u015fi\u015fleri Bakan\u0131 Hillary Clinton\u2019un: \u201cSuriye\u2019de Esad Y\u00f6netimi Halep civar\u0131na askeri y\u0131\u011f\u0131nak yapmaktad\u0131r. Bu T\u00fcrkiye\u2019nin k\u0131rm\u0131z\u0131 \u00e7izgilerini ihlal say\u0131l\u0131r ve T\u00fcrkiye gerekli tedbirleri almak zorunda kal\u0131r\u201d (NTV Haberleri, 13 Haziran 2012) \u015eeklindeki a\u00e7\u0131klamalar\u0131 ise, AKP iktidar\u0131n\u0131 Suriye\u2019ye kar\u015f\u0131, hem de g\u00fcl\u00fcn\u00e7 gerek\u00e7elerle, kimlerin k\u0131\u015fk\u0131rt\u0131p kulland\u0131\u011f\u0131n\u0131 ortaya koymaktayd\u0131. <br \/><\/span><\/p>\n<p style=\"text-align: justify; text-indent: 27pt;\"><b><span style=\"font-size: 14pt; font-family: 'Arial','sans-serif'; color: black;\">Tam b\u00f6yle bir s\u00fcre\u00e7te, T\u00fcrkiye\u2019nin \u201cB\u00f6lgede y\u00fckselen tansiyon\u201d nedeniyle, Amerika\u2019dan tam 4 (d\u00f6rt) milyar dolarl\u0131k f\u00fcze alaca\u011f\u0131n\u0131n a\u00e7\u0131klanmas\u0131 ise Ortado\u011fu\u2019daki bu kar\u0131\u015f\u0131kl\u0131klar\u0131 hangi Yahudi firmalar\u0131n k\u0131z\u0131\u015ft\u0131rd\u0131\u011f\u0131n\u0131 ve hangi kirli ve k\u00e2rl\u0131 \u00e7\u0131karlar\u0131 kazand\u0131klar\u0131n\u0131 a\u00e7\u0131\u011fa vurmaktayd\u0131. <\/span><\/b><\/p>\n<p><span style=\"font-size: 14pt; font-family: 'Arial','sans-serif'; color: black;\"><br style=\"page-break-before: always;\" clear=\"all\" \/> <\/span><\/p>\n<div><br clear=\"all\" \/><\/p>\n<hr align=\"left\" size=\"1\" width=\"33%\" \/>\n<div>\n<p><a href=\"#_ftnref1\" name=\"_ftn1\" title=\"\"><\/a><span style=\"font-family: 'Arial','sans-serif';\"><span style=\"font-size: 10pt; font-family: 'Arial','sans-serif';\">[1]<\/span><\/span><span style=\"font-family: 'Arial','sans-serif';\"> 8 Haziran 2012, Milli Gazete<\/span><\/p>\n<\/p><\/div>\n<div>\n<p><a href=\"#_ftnref2\" name=\"_ftn2\" title=\"\"><\/a><span style=\"font-family: 'Arial','sans-serif';\"><span style=\"font-size: 10pt; font-family: 'Arial','sans-serif';\">[2]<\/span><\/span><span style=\"font-family: 'Arial','sans-serif';\"> Milli Gazete, Ata Atun<\/span><\/p>\n<\/p><\/div>\n<div>\n<p><a href=\"#_ftnref3\" name=\"_ftn3\" title=\"\"><\/a><span style=\"font-family: 'Arial','sans-serif';\"><span style=\"font-size: 10pt; font-family: 'Arial','sans-serif';\">[3]<\/span><\/span><span style=\"font-family: 'Arial','sans-serif';\"> Mehmet Ali G\u00fcller, Ayd\u0131nl\u0131k<\/span><\/p>\n<\/p><\/div>\n<\/p><\/div>\n","protected":false},"excerpt":{"rendered":"<p>Do\u011frudan de\u011fil, ama dolayl\u0131 bi\u00e7imde; yani resmen de\u011fil, ama fiilen T\u00fcrkiye\u2019nin \u0130srail\u2019in g\u00fcd\u00fcm\u00fcne ve kontrol\u00fcne sokulmas\u0131 \u00e7abalar\u0131, son a\u015famaya dayanm\u0131\u015ft\u0131r. Rahmetli Erbakan Hocan\u0131n: \u201cT\u00fcrkiye iyice zay\u0131f ve yumu\u015fak lokma haline getirildikten ve uzun zaman bekletildikten sonra AB\u2019ye al\u0131nacak; ard\u0131ndan \u00f6zel bir stat\u00fc ile \u201cAB Avrasya b\u00f6lgesi\u201d olu\u015fturularak \u0130srail de buraya kat\u0131lacakt\u0131r. B\u00f6ylece T\u00fcrkiye otomatikman, AB [&hellip;]<\/p>\n","protected":false},"author":9,"featured_media":0,"comment_status":"open","ping_status":"closed","sticky":false,"template":"","format":"standard","meta":{"footnotes":""},"categories":[140],"tags":[],"class_list":["post-2387","post","type-post","status-publish","format-standard","hentry","category-eylul-2012"],"_links":{"self":[{"href":"https:\/\/www.millicozum.com\/mc\/wp-json\/wp\/v2\/posts\/2387","targetHints":{"allow":["GET"]}}],"collection":[{"href":"https:\/\/www.millicozum.com\/mc\/wp-json\/wp\/v2\/posts"}],"about":[{"href":"https:\/\/www.millicozum.com\/mc\/wp-json\/wp\/v2\/types\/post"}],"author":[{"embeddable":true,"href":"https:\/\/www.millicozum.com\/mc\/wp-json\/wp\/v2\/users\/9"}],"replies":[{"embeddable":true,"href":"https:\/\/www.millicozum.com\/mc\/wp-json\/wp\/v2\/comments?post=2387"}],"version-history":[{"count":0,"href":"https:\/\/www.millicozum.com\/mc\/wp-json\/wp\/v2\/posts\/2387\/revisions"}],"wp:attachment":[{"href":"https:\/\/www.millicozum.com\/mc\/wp-json\/wp\/v2\/media?parent=2387"}],"wp:term":[{"taxonomy":"category","embeddable":true,"href":"https:\/\/www.millicozum.com\/mc\/wp-json\/wp\/v2\/categories?post=2387"},{"taxonomy":"post_tag","embeddable":true,"href":"https:\/\/www.millicozum.com\/mc\/wp-json\/wp\/v2\/tags?post=2387"}],"curies":[{"name":"wp","href":"https:\/\/api.w.org\/{rel}","templated":true}]}}