{"id":2388,"date":"2012-08-30T13:50:23","date_gmt":"2012-08-30T13:50:23","guid":{"rendered":"https:\/\/www.millicozum.com\/mc\/2012\/08\/30\/iran-ve-suriye-gercegi-ve-akp-turkiyesinin-gelecegi-2\/"},"modified":"2012-08-30T13:50:23","modified_gmt":"2012-08-30T13:50:23","slug":"iran-ve-suriye-gercegi-ve-akp-turkiyesinin-gelecegi-2","status":"publish","type":"post","link":"https:\/\/www.millicozum.com\/mc\/2012\/eylul-2012\/iran-ve-suriye-gercegi-ve-akp-turkiyesinin-gelecegi\/","title":{"rendered":"\u0130RAN VE SUR\u0130YE GER\u00c7E\u011e\u0130  VE AKP T\u00dcRK\u0130YES\u0130N\u0130N GELECE\u011e\u0130"},"content":{"rendered":"\n<p style=\"text-align: justify; text-indent: 27pt;\"><b><span style=\"font-size: 18pt; font-family: 'Arial','sans-serif'; color: black;\">PKK ile bar\u0131\u015f tuza\u011f\u0131!<\/span><\/b><\/p>\n<p style=\"text-align: justify; text-indent: 27pt;\"><span style=\"font-size: 14pt; font-family: 'Arial','sans-serif'; color: black;\">Ba\u015fbakan Yard\u0131mc\u0131s\u0131 B\u00fclent Ar\u0131n\u00e7 baz\u0131 \u015fartlar ger\u00e7ekle\u015firse <b><i>\u201cApo\u2019nun ev hapsine \u00e7ekilebilece\u011fini\u201d<\/i><\/b> yumurtlam\u0131\u015ft\u0131.<\/span><\/p>\n<p style=\"text-align: justify; text-indent: 27pt;\"><span style=\"font-size: 14pt; font-family: 'Arial','sans-serif'; color: black;\">Ar\u0131n\u00e7\u2019\u0131n s\u00f6zlerini Leyla Zana\u2019n\u0131n ve \u015eerafettin El\u00e7i\u2019nin a\u00e7\u0131klamalar\u0131yla birlikte okudu\u011funuzda \u201csilahlar\u0131n susmas\u0131\u201d y\u00f6n\u00fcnde \u00e7ok \u00f6nemli ad\u0131mlar at\u0131lmakta oldu\u011funu hissedip sevinenler yan\u0131lmaktayd\u0131; \u00e7\u00fcnk\u00fc, \u201csilahlar\u0131 susturma\u201d k\u0131l\u0131f\u0131 alt\u0131nda <b><i>\u201cPKK\u2019y\u0131 siyasalla\u015ft\u0131rma ve \u00d6zerk K\u00fcrdistan\u2019\u0131 masa ba\u015f\u0131 oyunlar\u0131yla kurdurtma\u201d<\/i><\/b> karar\u0131n\u0131 kimlerin ald\u0131\u011f\u0131n\u0131 ve T\u00fcrkiye\u2019ye nas\u0131l bir tezg\u00e2h kurguland\u0131\u011f\u0131n\u0131n fark\u0131na var\u0131lmamaktayd\u0131.<\/span><\/p>\n<p style=\"text-align: justify; text-indent: 27pt;\"><span style=\"font-size: 14pt; font-family: 'Arial','sans-serif'; color: black;\">Oh ne g\u00fczel \u201csilahlar susar, Apo ev hapsine \u00e7\u0131kar\u0131l\u0131rsa, \u201cK\u00fcrt haklar\u0131\u201d konusunu daha rahat bir ortamda tart\u0131\u015fma imk\u00e2n\u0131 da do\u011far\u201d san\u0131p umutlananlar aldanmaktayd\u0131; \u00e7\u00fcnk\u00fc Leyla Zana\u2019n\u0131n ABD yetkilileriyle g\u00f6r\u00fc\u015f\u00fcp talimat ald\u0131ktan, yani Leyla Zana Amerikal\u0131 Siyonist patronlar\u0131yla fikir zinas\u0131 yoluyla gebe kald\u0131ktan sonra bu radikal(!) a\u00e7\u0131klamalar\u0131 yapt\u0131\u011f\u0131n\u0131 ve tabi hangi \u015feytanl\u0131klar\u0131n tasarland\u0131\u011f\u0131 hesaba kat\u0131lmamaktayd\u0131. B\u00f6ylece g\u00fcya:<\/span><\/p>\n<p style=\"text-align: justify; text-indent: 27pt;\"><b><i><span style=\"font-size: 14pt; font-family: 'Arial','sans-serif'; color: black;\">\u201cEn az\u0131ndan K\u00fcrtlerin \u201chaklar\u0131n\u0131\u201d ink\u00e2r edenlerin elinden \u201csilah\u201d mazereti al\u0131nacakm\u0131\u015f\u2026 Daha \u201cnormal\u201d bir zeminde konu\u015fulacakm\u0131\u015f.. ve en \u00f6nemlisi insanlar \u00f6lmeyecek ve kan akmayacakm\u0131\u015f\u201d!? <\/span><\/i><\/b><span style=\"font-size: 14pt; font-family: 'Arial','sans-serif'; color: black;\"><\/span><\/p>\n<p style=\"text-align: justify; text-indent: 27pt;\"><span style=\"font-size: 14pt; font-family: 'Arial','sans-serif'; color: black;\">\u0130\u015fte bu palavralar ve planl\u0131 propagandalarla halk\u0131m\u0131z hipnozlan\u0131rken, PKK\u2019n\u0131n temsilcisi PYD \u00f6nderli\u011finde Suriye K\u00fcrdistan\u0131 kurulup, bu \u00fclke par\u00e7alanmaya ba\u015flam\u0131\u015ft\u0131. \u015ea\u015fk\u0131n \u00f6rdek\u2019e d\u00f6nen, \u015f\u0131mar\u0131k AKP kurmaylar\u0131, Barzani\u2019nin aya\u011f\u0131na ko\u015fup yalvarmaya mahk\u00fbm b\u0131rak\u0131lm\u0131\u015ft\u0131. Ve zaten asl\u0131nda b\u00fct\u00fcn bunlar BOP\u2019un bir a\u015famas\u0131yd\u0131 ve Sn. Recep T. Erdo\u011fan BOP\u2019un e\u015fba\u015fkan\u0131yd\u0131.<\/span><\/p>\n<p style=\"text-align: justify; text-indent: 27pt;\"><span style=\"font-size: 14pt; font-family: 'Arial','sans-serif'; color: black;\">Hat\u0131rlanaca\u011f\u0131 gibi Sn. Recep T. Erdo\u011fan ABD Yahudi Lobilerinden CESARET madalyas\u0131 alm\u0131\u015ft\u0131. \u015eimdi de ABD Ba\u015fkan\u0131 \u0130srail Cumhurba\u015fkan\u0131na \u201c\u00d6zg\u00fcrl\u00fck Ni\u015fan\u0131\u201d takm\u0131\u015ft\u0131. Yani b\u00f6ylece \u015eimon Peres\u2019le Recep Erdo\u011fan madalya karde\u015fi mi olmu\u015flard\u0131?<\/span><\/p>\n<p style=\"text-align: justify; text-indent: 27pt;\"><span style=\"font-size: 14pt; font-family: 'Arial','sans-serif'; color: black;\">ABD Ba\u015fkan\u0131 Barack Obama, \u00fclkesinin en y\u00fcksek sivil ni\u015fan\u0131 olan \u201c\u00d6zg\u00fcrl\u00fck Madalyas\u0131&#8217;n\u0131\u201d kuruldu\u011fu g\u00fcnden bug\u00fcne binlerce Filistinliyi katleden \u0130srail&#8217;in Cumhurba\u015fkan\u0131 \u015eimon Peres&#8217;e takm\u0131\u015ft\u0131. Bunca masumun kan\u0131na giren iki lider utanmadan bar\u0131\u015ftan, i\u015fgal ettikleri \u00fclkelerde akan g\u00f6zya\u015flar\u0131na ald\u0131rmadan \u00f6zg\u00fcrl\u00fck ve huzurdan dem vurmu\u015flard\u0131. Kan karde\u015fler t\u00f6rende birbirlerini yere g\u00f6\u011fe s\u0131\u011fd\u0131ramazken, Obama&#8217;n\u0131n <b><i>&#8220;\u0130srail&#8217;in g\u00fcvenli\u011fi m\u00fczakere edilemez&#8221; <\/i><\/b>s\u00f6zleri acaba Obama\u2019n\u0131n yak\u0131n arkada\u015f\u0131(!) Recep T. Erdo\u011fan\u2019da hangi duygular\u0131 uyand\u0131rm\u0131\u015ft\u0131?<\/span><\/p>\n<p style=\"text-align: justify; text-indent: 27pt;\"><span style=\"font-size: 14pt; font-family: 'Arial','sans-serif'; color: black;\">T\u00f6rende <b><i>&#8220;En yak\u0131n dostlar\u0131m\u0131zdan biri \u0130srail devletidir&#8221; <\/i><\/b>diyen Obama, \u0130srail&#8217;i kastederek<b><i> &#8221;Aram\u0131zdaki ba\u011flar asla k\u0131r\u0131lmaz&#8221;<\/i><\/b> ifadesini kullanm\u0131\u015ft\u0131. Konu\u015fmas\u0131nda Peres&#8217;e y\u00f6nelik \u00f6vg\u00fc dolu s\u00f6zler sarf eden Obama, &#8221;Bar\u0131\u015f sava\u015f\u00e7\u0131s\u0131&#8221; olarak niteledi\u011fi Peres i\u00e7in <b><i>&#8220;Bir \u00fclkenin g\u00fcvenli\u011finin sadece silahlar\u0131n\u0131n g\u00fcc\u00fcne de\u011fil, ayn\u0131 zamanda eylemlerinin do\u011frulu\u011funa da ba\u011fl\u0131d\u0131r. Peres bize bunu kan\u0131tlam\u0131\u015ft\u0131r\u201d<\/i><\/b> diyerek, masum ve mazlum M\u00fcsl\u00fcman katliam\u0131n\u0131 me\u015frula\u015ft\u0131rm\u0131\u015ft\u0131.<\/span><\/p>\n<p style=\"text-align: justify; text-indent: 27pt;\"><span style=\"font-size: 14pt; font-family: 'Arial','sans-serif'; color: black;\">\u0130srail Cumhurba\u015fkan\u0131 \u015eimon Peres de konu\u015fmas\u0131n\u0131n hedefine \u0130ran\u2019\u0131 alm\u0131\u015ft\u0131. &#8220;\u0130ran halk\u0131 d\u00fc\u015fman\u0131m\u0131z de\u011fil, as\u0131l tehdit haline gelen, \u0130ran&#8217;daki mevcut y\u00f6netimdir&#8221; diyen Peres, \u0130ran tehdidine son verilmesi gerekti\u011fini vurgulam\u0131\u015ft\u0131. Siyonist Katil Obama\u2019ya ise: <b><i>&#8221;Say\u0131n Ba\u015fkan, bu acil tehditle m\u00fccadele i\u00e7in bir k\u00fcresel koalisyon olu\u015fturulmas\u0131 i\u00e7in \u00e7ok \u00e7al\u0131\u015ft\u0131n\u0131z. Hakl\u0131 olarak, ekonomik yapt\u0131r\u0131mlarla ba\u015flad\u0131n\u0131z. Tekrar hakl\u0131 olarak, t\u00fcm se\u00e7eneklerin masada oldu\u011funu hayk\u0131rd\u0131n\u0131z. Sizi ve politikan\u0131z\u0131 desteklemekten \u015feref duyar\u0131z\u201d<\/i><\/b> diyerek Obama\u2019ya \u00f6vg\u00fcler ya\u011fd\u0131rm\u0131\u015ft\u0131.<\/span><\/p>\n<p style=\"text-align: justify; text-indent: 27pt;\"><b><span style=\"font-size: 14pt; font-family: 'Arial','sans-serif'; color: black;\">\u201cHayallerimiz ve r\u00fcyalar\u0131m\u0131z ayn\u0131\u201d<\/span><\/b><\/p>\n<p style=\"text-align: justify; text-indent: 27pt;\"><span style=\"font-size: 14pt; font-family: 'Arial','sans-serif'; color: black;\">Madalya takdim t\u00f6reninde konu\u015fan ABD Savunma Bakan\u0131 Yahudi Leon Panetta ise: <b><i>\u201c\u0130srail\u2019in g\u00fcvenli\u011fi ve savunmas\u0131 s\u00f6z konusu oldu\u011funda ABD t\u00fcm g\u00fcc\u00fcyle \u0130srail\u2019in yan\u0131ndad\u0131r. Hayallerimiz ve r\u00fcyalar\u0131m\u0131z ayn\u0131d\u0131r\u201d<\/i><\/b> diyerek ayarlar\u0131n\u0131 ve ama\u00e7lar\u0131n\u0131 ortaya koymu\u015flard\u0131.<\/span><\/p>\n<p style=\"text-align: justify; text-indent: 27pt;\"><b><span style=\"font-size: 18pt; font-family: 'Arial','sans-serif'; color: black;\">Ortal\u0131k toz dumand\u0131!<\/span><\/b><\/p>\n<p style=\"text-align: justify; text-indent: 27pt;\"><b><span style=\"font-size: 16pt; font-family: 'Arial','sans-serif'; color: black;\">1- \u015eike davas\u0131 ve M\u0130T M\u00fcste\u015far\u0131 Hakan Fidan&#8217;\u0131n ifadesinin al\u0131nmak istenmesinden sonra \u00d6zel Yetkili Mahkemeler (\u00d6YM) mercek alt\u0131na al\u0131nm\u0131\u015f ve resmen kontrol edilmeye \u00e7al\u0131\u015f\u0131lm\u0131\u015ft\u0131.<\/span><\/b><\/p>\n<p style=\"text-align: justify; text-indent: 27pt;\"><b><span style=\"font-size: 16pt; font-family: 'Arial','sans-serif'; color: black;\">2- \u00d6YM&#8217;lerle ilgili H\u00fck\u00fcmetin ba\u015flatt\u0131\u011f\u0131 son \u00e7al\u0131\u015fma, siyasi dengeleri sarsmaya ba\u015flam\u0131\u015ft\u0131.<\/span><\/b><\/p>\n<p style=\"text-align: justify; text-indent: 27pt;\"><b><span style=\"font-size: 16pt; font-family: 'Arial','sans-serif'; color: black;\">3- Ba\u015flat\u0131lan bu \u00e7al\u0131\u015fma H\u00fck\u00fcmet i\u00e7indeki g\u00f6r\u00fc\u015f ayr\u0131l\u0131klar\u0131n\u0131 iyice g\u00fcn y\u00fcz\u00fcne \u00e7\u0131karm\u0131\u015f, Kabine \u00fcyeleri ve iktidar partisi s\u00f6zc\u00fclerinden farkl\u0131 sesler \u00e7\u0131kmas\u0131 herkesi \u015fa\u015f\u0131rtm\u0131\u015ft\u0131.<\/span><\/b><\/p>\n<p style=\"text-align: justify; text-indent: 27pt;\"><b><span style=\"font-size: 16pt; font-family: 'Arial','sans-serif'; color: black;\"> 4- HSYK kararnamesi ise bu tart\u0131\u015fmalar\u0131 daha da k\u0131z\u0131\u015ft\u0131rm\u0131\u015ft\u0131. Savc\u0131lar\u0131n yerlerini de\u011fi\u015ftiren Yaz Kararnamesinin bu derin \u00e7atla\u011f\u0131 tetikledi\u011fi anla\u015f\u0131lmaktayd\u0131.<\/span><\/b><\/p>\n<p style=\"text-align: justify; text-indent: 27pt;\"><b><span style=\"font-size: 16pt; font-family: 'Arial','sans-serif'; color: black;\">5- Balyoz, \u015eike ve Ergenekon gibi sembolle\u015ftirilen davalara bakacak yeni \u00d6zel Yetkili Savc\u0131lar\u0131n kimlerden olu\u015faca\u011f\u0131 sorusu ise gelmekte olan tsunaminin habercisi konumundayd\u0131.<\/span><\/b><\/p>\n<p style=\"text-align: justify; text-indent: 27pt;\"><b><span style=\"font-size: 16pt; font-family: 'Arial','sans-serif'; color: black;\">6- Cumhurba\u015fkan\u0131 G\u00fcl&#8217;\u00fcn g\u00f6rev s\u00fcresini 7 y\u0131l olarak belirleyen ve yeniden se\u00e7ilmesinin yolunu a\u00e7an Anayasa Mahkemesi karar\u0131 da, derinden y\u00fcr\u00fct\u00fclen ad\u0131 konmam\u0131\u015f hesapla\u015fman\u0131n bir raundu olarak alg\u0131lanm\u0131\u015ft\u0131, \u00e7\u00fcnk\u00fc Recep T. Erdo\u011fan\u2019\u0131n Ba\u015fkanl\u0131k umutlar\u0131na en az\u0131ndan limon s\u0131km\u0131\u015ft\u0131!?<\/span><\/b><\/p>\n<p style=\"text-align: justify; text-indent: 27pt;\"><b><span style=\"font-size: 16pt; font-family: 'Arial','sans-serif'; color: black;\">7- Erdo\u011fan elini kuvvetlendirmek ve gelece\u011fini garantilemek \u00fczere Numan Kurtulmu\u015f\u2019la pazarl\u0131\u011fa mecbur kalm\u0131\u015ft\u0131.<\/span><\/b><\/p>\n<p style=\"text-align: justify; text-indent: 27pt;\"><b><span style=\"font-size: 16pt; font-family: 'Arial','sans-serif'; color: black;\">8- Ve Suriye\u2019nin Kuzeyinde PKK destekli K\u00fcrtlerin ba\u011f\u0131ms\u0131zl\u0131k ilan\u0131, AKP iktidar\u0131n\u0131n basiretsizli\u011fini ve beceriksizli\u011fini ortaya \u00e7\u0131karm\u0131\u015ft\u0131.<\/span><\/b><\/p>\n<p style=\"text-align: justify; text-indent: 27pt;\"><b><span style=\"font-size: 14pt; font-family: 'Arial','sans-serif'; color: black;\">Hillary Clinton\u2019dan Suriye k\u0131\u015fk\u0131rtmas\u0131<\/span><\/b><\/p>\n<p style=\"text-align: justify; text-indent: 27pt;\"><span style=\"font-size: 14pt; font-family: 'Arial','sans-serif'; color: black;\"> Suriye&#8217;de ya\u015fanan \u015fiddet olaylar\u0131 giderek daha da vahim bir hal al\u0131rken, olas\u0131 sava\u015f senaryolar\u0131na da her ge\u00e7en g\u00fcn bir yenisi kat\u0131lmaktad\u0131r. ABD D\u0131\u015fi\u015fleri Bakan\u0131 Hillary Clinton, \u0130srail Cumhurba\u015fkan\u0131 \u015eimon Peres&#8217;le birlikte kat\u0131ld\u0131\u011f\u0131 programdaki a\u00e7\u0131klamas\u0131, T\u00fcrkiye\u2019nin ABD taraf\u0131ndan k\u0131\u015fk\u0131rt\u0131ld\u0131\u011f\u0131n\u0131 ortaya koymaktad\u0131r. Clinton, Suriye g\u00fc\u00e7lerinin son g\u00fcnlerde Halep \u00e7evresinde y\u0131\u011f\u0131nak yapt\u0131\u011f\u0131n\u0131 ve bunun, <b><i>&#8220;stratejik ve ulusal \u00e7\u0131karlar\u0131&#8221; a\u00e7\u0131s\u0131ndan T\u00fcrkiye i\u00e7in bir &#8220;k\u0131rm\u0131z\u0131 \u00e7izgi&#8221; say\u0131ld\u0131\u011f\u0131n\u0131 vurgulam\u0131\u015ft\u0131r.<\/i><\/b> Bu a\u00e7\u0131klama T\u00fcrkiye&#8217;nin k\u0131rm\u0131z\u0131 \u00e7izgilerini art\u0131k ABD mi belirliyor yorumlar\u0131na yol a\u00e7m\u0131\u015ft\u0131r.<\/span><\/p>\n<p style=\"text-align: justify; text-indent: 27pt;\"><span style=\"font-size: 14pt; font-family: 'Arial','sans-serif'; color: black;\">Oysa AKP T\u00fcrkiyesi, &#8220;kom\u015fularla s\u0131f\u0131r sorun&#8221; politikas\u0131 \u00e7er\u00e7evesinde \u00f6teden beri s\u00fcregelen &#8220;k\u0131rm\u0131z\u0131 \u00e7izgilerini&#8221; \u00e7oktan \u00e7i\u011fneyip atm\u0131\u015ft\u0131. K\u0131br\u0131s&#8217;ta, Annan Plan\u0131&#8217;na onay vererek Kuzey K\u0131br\u0131s T\u00fcrk Cumhuriyeti&#8217;ni az daha Birle\u015fik K\u0131br\u0131s Cumhuriyeti&#8217;ne kurban etmekten son anda kurtulan T\u00fcrkiye, ter\u00f6r \u00f6rg\u00fct\u00fcyle masaya oturma noktas\u0131na ta\u015f\u0131nm\u0131\u015ft\u0131. Irak&#8217;\u0131n toprak b\u00fct\u00fcnl\u00fc\u011f\u00fcn\u00fc savunma noktas\u0131ndan Kuzey Irak&#8217;ta kurulan b\u00f6lgesel y\u00f6netimi tan\u0131ma konumuna yana\u015fm\u0131\u015ft\u0131.<\/span><\/p>\n<p style=\"text-align: justify; text-indent: 27pt;\"><span style=\"font-size: 14pt; font-family: 'Arial','sans-serif'; color: black;\">ABD&#8217;deki d\u00fc\u015f\u00fcnce kurulu\u015fu Brookings Enstit\u00fcs\u00fc&#8217;nde \u0130srail Cumhurba\u015fkan\u0131 \u015eimon Peres&#8217;le birlikte konu\u015fmac\u0131 olarak kat\u0131lan ABD D\u0131\u015fi\u015fleri Bakan\u0131 Hillary Clinton, Suriye g\u00fc\u00e7lerinin son iki g\u00fcn i\u00e7erisinde Halep \u00e7evresinde y\u0131\u011f\u0131nak yapt\u0131\u011f\u0131na dair bilgi edindiklerini belirterek, bunun, &#8220;stratejik ve ulusal \u00e7\u0131karlar\u0131&#8221; a\u00e7\u0131s\u0131ndan T\u00fcrkiye i\u00e7in bir &#8220;k\u0131rm\u0131z\u0131 \u00e7izgi&#8221; olabilece\u011fini a\u00e7\u0131klamas\u0131: <\/span><b><span style=\"font-size: 16pt; font-family: 'Arial','sans-serif'; color: black;\">T\u00fcrkiye\u2019yi AKP mi yoksa ABD mi y\u00f6netiyor? sorumuza hakl\u0131l\u0131k kazand\u0131rm\u0131\u015ft\u0131.<\/span><\/b><\/p>\n<p style=\"text-align: justify; text-indent: 27pt;\"><b><span style=\"font-size: 16pt; font-family: 'Arial','sans-serif'; color: black;\">Suriye politikas\u0131 nedeniyle Rusya&#8217;ya sert ele\u015ftiride bulunan ABD D\u0131\u015fi\u015fleri Bakan\u0131 Hillary Clinton, Rusya&#8217;n\u0131n Esad rejimine askeri helikopter g\u00f6nderdi\u011fini s\u00f6ylerken, her nedense T\u00fcrkiye\u2019ye tam 4 milyarl\u0131k f\u00fcze sat\u0131\u015f\u0131n\u0131 hi\u00e7 g\u00fcndeme ta\u015f\u0131mam\u0131\u015ft\u0131. Evet, Suriye \u00fczerinden 3. d\u00fcnya sava\u015f\u0131 \u00e7\u0131kar\u0131lacak, 28 \u0130slam \u00fclkesi BOP \u00e7er\u00e7evesinde par\u00e7alan\u0131p B\u00fcy\u00fck \u0130srail\u2019e zemin haz\u0131rlanacak ve Siyonist Yahudi silah fabrikat\u00f6rleri yine trilyonlarca dolar kazanacakt\u0131!<\/span><\/b><\/p>\n<p style=\"text-align: justify; text-indent: 27pt;\"><b><span style=\"font-size: 14pt; font-family: 'Arial','sans-serif'; color: black;\">Su\u00e7u Netanyahu\u2019ya y\u0131kma b\u00f6ylece T\u00fcrkiye ile \u0130srail\u2019i bar\u0131\u015ft\u0131rma \u00e7abas\u0131<\/span><\/b><\/p>\n<p style=\"text-align: justify; text-indent: 27pt;\"><span style=\"font-size: 14pt; font-family: 'Arial','sans-serif'; color: black;\">\u0130srail devlet denetleyicisi Micha Lindenstrauss\u2019un kaleme ald\u0131\u011f\u0131, 153 sayfal\u0131k raporda, \u0130srail askerlerinin Mavi Marmara gemisine sald\u0131rmas\u0131yla sonu\u00e7lanan karar alma s\u00fcrecinin hatal\u0131 ve y\u00fczeysel tart\u0131\u015fmalara yol a\u00e7t\u0131\u011f\u0131 vurgulanm\u0131\u015ft\u0131. Raporunda, \u201cBa\u015fbakan Binyamin Netanyahu\u2019nun y\u00f6netti\u011fi ve denetledi\u011fi karar alma s\u00fcrecinde esasl\u0131 ve belirgin d\u00fczensizlikler bulundu\u011funu belirten Lindestrauss, <b><i>\u201cBa\u015fbakan\u0131n karar alma s\u00fcreci, \u00fcst d\u00fczeydeki siyasi, askeri ve istihbarat yetkililerinin, T\u00fcrk flotillas\u0131n\u0131n (gemi donan\u0131m\u0131n\u0131n) di\u011fer flotillalardan ayr\u0131 oldu\u011funun fark\u0131nda olmalar\u0131na kar\u015f\u0131n, d\u00fczg\u00fcn, e\u015fg\u00fcd\u00fcml\u00fc ve belgelenmi\u015f bir tak\u0131m \u00e7al\u0131\u015fmas\u0131 olmadan ger\u00e7ekle\u015fti\u201d<\/i><\/b> ifadesini kullanm\u0131\u015ft\u0131. Bu arada s\u00f6z konusu raporun asl\u0131nda hak hukuk tan\u0131mayan \u0130srail eylemlerini aklamaya y\u00f6nelik oldu\u011fu g\u00f6zlerden ka\u00e7mam\u0131\u015ft\u0131. S\u00f6z konusu kanl\u0131 sald\u0131r\u0131n\u0131n faturas\u0131 sadece Ba\u015fbakan Netanyahu\u2019ya kesilerek T\u00fcrkiye ile \u0130srail devletini bar\u0131\u015ft\u0131rma \u00e7abas\u0131 s\u0131r\u0131tmaktayd\u0131.<\/span><\/p>\n<p style=\"text-align: justify; text-indent: 27pt;\"><b><span style=\"font-size: 18pt; font-family: 'Arial','sans-serif'; color: black;\">Suriye bahanesi ve BOP hedefiyle b\u00f6lge \u0130srail \u00e7\u0131karlar\u0131na g\u00f6re yeniden yap\u0131land\u0131r\u0131lmaktayd\u0131!<\/span><\/b><\/p>\n<p style=\"text-align: justify; text-indent: 27pt;\"><span style=\"font-size: 14pt; font-family: 'Arial','sans-serif'; color: black;\">Suriye&#8217;de ya\u015fanan olaylar\u0131n faturas\u0131 L\u00fcbnan&#8217;da \u00e7\u0131kmaya ba\u015flam\u0131\u015ft\u0131. 16 y\u0131l s\u00fcren i\u00e7 sava\u015f\u0131n ard\u0131ndan yaralar\u0131n\u0131 sarmaya \u00e7al\u0131\u015fan L\u00fcbnan \u015fimdi de \u015eii-S\u00fcnni \u00e7at\u0131\u015fmalar\u0131yla g\u00fcndeme ta\u015f\u0131nm\u0131\u015ft\u0131. Halk olas\u0131 bir i\u00e7 sava\u015f korkusuyla kara kara d\u00fc\u015f\u00fcn\u00fcrken, L\u00fcbnan sokaklar\u0131 giderek daha fazla kar\u0131\u015fmaktayd\u0131. Ba\u015fkent Beyrut tam bir barut f\u0131\u00e7\u0131s\u0131yd\u0131. 1975 \u2013 1991 y\u0131llar\u0131 aras\u0131nda ya\u015fanan i\u00e7 sava\u015f\u0131n a\u00e7t\u0131\u011f\u0131 yaralar\u0131 hen\u00fcz daha saramayan L\u00fcbnan&#8217;\u0131n yeniden bir i\u00e7 sava\u015fa s\u00fcr\u00fcklenmesi felaket olacakt\u0131. L\u00fcbnan \u015fimdi de \u015eii-S\u00fcnni \u00e7at\u0131\u015fmalar\u0131yla bo\u011fu\u015fmaktayd\u0131. Ba\u015fkent Beyrut tam bir barut f\u0131\u00e7\u0131s\u0131yd\u0131. Bu durum en fazla \u0130srail&#8217;in i\u015fine yaramakta, \u00e7\u00fcnk\u00fc L\u00fcbnan&#8217;\u0131n i\u00e7inde bulundu\u011fu kar\u0131\u015f\u0131kl\u0131ktan yararlanarak Filistin m\u00fccadelesini daha rahat bast\u0131racakt\u0131. \u0130\u015fbirlik\u00e7iler eliyle L\u00fcbnan&#8217;\u0131 kar\u0131\u015ft\u0131ran \u0130srail Suriye\u2019deki kar\u0131\u015f\u0131kl\u0131\u011f\u0131n da mimar\u0131yd\u0131. Ve hele Kuzey Suriye\u2019de Yeni bir K\u00fcrdistan kurulmas\u0131 tamamen \u0130srail\u2019in plan\u0131yd\u0131 ve Arz\u0131 Mev\u2019ud haz\u0131rl\u0131\u011f\u0131yd\u0131. Ve tabi art\u0131k s\u0131rada T\u00fcrkiye vard\u0131.<\/span><\/p>\n<p style=\"text-align: justify; text-indent: 27pt;\"><b><span style=\"font-size: 14pt; font-family: 'Arial','sans-serif'; color: black;\">\u015eii-S\u00fcnni \u00e7at\u0131\u015fmas\u0131 ba\u015flat\u0131lm\u0131\u015ft\u0131<\/span><\/b><\/p>\n<p style=\"text-align: justify; text-indent: 27pt;\"><span style=\"font-size: 14pt; font-family: 'Arial','sans-serif'; color: black;\">Ortado\u011fu da ya\u015fanan olaylar\u0131 de\u011ferlendiren Uluda\u011f \u00dcniversitesi Uluslararas\u0131 \u0130li\u015fkiler B\u00f6l\u00fcm Ba\u015fkan\u0131 Prof. Dr. Tayyar Ar\u0131: &#8220;B\u00f6lge planl\u0131 bir \u015fekilde \u015eii-S\u00fcnni \u00e7at\u0131\u015fmas\u0131na do\u011fru \u00e7ekiliyor. L\u00fcbnan kozmopolit bir yap\u0131ya sahip bir \u00fclke bu da \u0130srail&#8217;in oyununu kolay oynamas\u0131n\u0131 sa\u011fl\u0131yor. Olas\u0131 bir i\u00e7 kar\u0131\u015f\u0131kl\u0131k \u0130srail&#8217;in i\u015fine yar\u0131yor. \u0130srail kar\u0131\u015f\u0131kl\u0131\u011f\u0131 bahane ederek L\u00fcbnan&#8217;a m\u00fcdahale etmeyi planl\u0131yor.<\/span><\/p>\n<p style=\"text-align: justify; text-indent: 27pt;\"><span style=\"font-size: 14pt; font-family: 'Arial','sans-serif'; color: black;\">E\u011fer L\u00fcbnan da i\u00e7 kar\u0131\u015f\u0131kl\u0131k ba\u015flarsa yani \u015eii S\u00fcnni \u00e7at\u0131\u015fmas\u0131n\u0131n \u00e7\u0131kmas\u0131 demek, b\u00f6lgenin t\u00fcm\u00fcn\u00fc sarmas\u0131 demektir. \u0130ran, Irak, Suriye gibi \u00fclkeler de bu k\u0131v\u0131lc\u0131mlardan nasibini alabilir. Bu da \u00e7ok tehlikeli bir durumu arz ediyor. T\u00fcrkiye de bu i\u00e7 kar\u0131\u015f\u0131klardan nasibini alabilir. B\u00f6lgede ya\u015fanabilecek her t\u00fcrl\u00fc kaostan \u0130srail faydalanmaya \u00e7al\u0131\u015f\u0131yor. \u00d6nce kar\u0131\u015f\u0131kl\u0131\u011f\u0131 \u00e7\u0131kar\u0131yor sonrada m\u00fcdahale ediyor&#8221; saptamalar\u0131 olduk\u00e7a anlaml\u0131yd\u0131.<\/span><\/p>\n<p style=\"text-align: justify; text-indent: 27pt;\"><b><span style=\"font-size: 14pt; font-family: 'Arial','sans-serif'; color: black;\">L\u00fcbnan k\u0131r\u0131lgan bir yap\u0131ya sahip bulunmaktayd\u0131<\/span><\/b><\/p>\n<p style=\"text-align: justify; text-indent: 27pt;\"><span style=\"font-size: 14pt; font-family: 'Arial','sans-serif'; color: black;\">Necmettin Erbakan \u00dcniversitesi Ortado\u011fu Uzman\u0131 Prof. Dr. Birol Akg\u00fcn: &#8220;Ortado\u011fu\u2019da ya\u015fanan i\u00e7 \u00e7alkant\u0131lar kronik \u00e7at\u0131\u015fmalard\u0131r ve uluslararas\u0131 konjekt\u00fcrel sistemden ayr\u0131 sanmak yan\u0131lg\u0131d\u0131r. So\u011fuk sava\u015f d\u00f6neminde oldu\u011fu gibi \u00fclkeler aras\u0131nda d\u00f6nemsel blokla\u015fmalar k\u0131\u015fk\u0131rt\u0131lmaktad\u0131r. Ortado\u011fu\u2019da k\u0131r\u0131lgan bir yap\u0131ya sahip olan L\u00fcbnan\u2019da daha \u00f6nce ya\u015fand\u0131\u011f\u0131 \u00fczere tekrar bir i\u00e7 \u00e7at\u0131\u015fman\u0131n altyap\u0131s\u0131n\u0131 \u0130srail ve ABD haz\u0131rlamaktad\u0131r. Mezhepler aras\u0131 veya dinler aras\u0131 ya\u015fanabilecek bu \u00e7at\u0131\u015fmadan \u0130srail faydalanacakt\u0131r. Ortado\u011fu co\u011frafyas\u0131nda fitne kazan\u0131n\u0131 kaynatmak isteyenlerde vard\u0131r. Bu fitneyi \u00e7\u0131karacaklar\u0131n ba\u015f\u0131nda elbette \u0130srail vard\u0131r. <\/span><\/p>\n<p style=\"text-align: justify; text-indent: 27pt;\"><span style=\"font-size: 14pt; font-family: 'Arial','sans-serif'; color: black;\">L\u00fcbnan&#8217;da 1975 \u2013 1991 y\u0131llar\u0131 aras\u0131nda ya\u015fanan i\u00e7 sava\u015ftan \u0130srail k\u00e2rl\u0131 \u00e7\u0131km\u0131\u015ft\u0131r. L\u00fcbnanl\u0131lar\u0131n birbirlerini bo\u011fazlamas\u0131 \u0130srail&#8217;in katliamlar\u0131na zemin haz\u0131rlam\u0131\u015ft\u0131r. L\u00fcbnan&#8217;da i\u00e7 sava\u015f ko\u015fullar\u0131n\u0131 t\u0131rmand\u0131ran \u0130srail, 15 Mart 1978 gecesi 25.000 ki\u015filik bir orduyla L\u00fcbnan&#8217;a sald\u0131r\u0131p \u0130srail askerleri Litani Nehri&#8217;ne kadar ilerlemi\u015f. D\u00f6nemin \u0130srail Genelkurmay Ba\u015fkan\u0131 Mordechai Gur, L\u00fcbnan&#8217;\u0131n g\u00fcneyinde 6 millik bir g\u00fcvenlik \u015feridi olu\u015fturdu\u011funu a\u00e7\u0131klam\u0131\u015ft\u0131r.<\/span><\/p>\n<p style=\"text-align: justify; text-indent: 27pt;\"><span style=\"font-size: 14pt; font-family: 'Arial','sans-serif'; color: black;\">\u0130srailliler bu sald\u0131r\u0131yla \u00f6nemli bir su kayna\u011f\u0131 olan Litani Nehri&#8217;ne ula\u015fm\u0131\u015f olurken L\u00fcbnan&#8217;\u0131n y\u00fczde 10&#8217;unu da i\u015fgal alt\u0131na alm\u0131\u015ft\u0131r.<\/span><\/p>\n<p style=\"text-align: justify; text-indent: 27pt;\"><b><span style=\"font-size: 14pt; font-family: 'Arial','sans-serif'; color: black;\">\u0130srail Filistin halk\u0131n\u0131n topraklar\u0131na zorla el koymaktayd\u0131!<\/span><\/b><\/p>\n<p style=\"text-align: justify; text-indent: 27pt;\"><b><span style=\"font-size: 16pt; font-family: 'Arial','sans-serif'; color: black;\">Negev Araplar\u0131 Y\u00fcksek Y\u00f6nlendirme Komitesi yapt\u0131\u011f\u0131 a\u00e7\u0131klamada, \u0130srail&#8217;in bu kanunla Filistinlilere ait 800 bin d\u00f6n\u00fcml\u00fck araziye el koyaca\u011f\u0131 ve 30 bin Filistinliyi zorunlu g\u00f6\u00e7e tabi tutaca\u011f\u0131n\u0131 a\u00e7\u0131klam\u0131\u015ft\u0131. Komite, bu kanun teklifinin &#8216;B\u00fcy\u00fck Felaket&#8217; anlam\u0131na gelen, yakla\u015f\u0131k 800 bin Filistinlinin \u0130srail&#8217;in kurulu\u015fuyla beraber zorunlu g\u00f6\u00e7e tabi tutulmalar\u0131n\u0131n g\u00fcn\u00fc olan &#8216;Nakba G\u00fcn\u00fc&#8217;n\u00fcn 2&#8217;ncisi olaca\u011f\u0131n\u0131 belirterek, Negev halk\u0131n\u0131n bunu asla kabul etmeyece\u011fini vurgulam\u0131\u015ft\u0131.<\/span><\/b><\/p>\n<p style=\"text-align: justify; text-indent: 27pt;\"><b><span style=\"font-size: 16pt; font-family: 'Arial','sans-serif'; color: black;\">\u0130srail&#8217;in, 1948&#8217;den itibaren toplam 12 milyon d\u00f6n\u00fcm olan Negev b\u00f6lgesinin 11 milyon d\u00f6n\u00fcm\u00fcn\u00fc i\u015fgal etti\u011fi ve Filistinlilere kalan yakla\u015f\u0131k 1 milyon d\u00f6n\u00fcml\u00fck araz\u0131n\u0131n 800 bin d\u00f6n\u00fcm\u00fcne de el koymay\u0131 istedi\u011fi anla\u015f\u0131lmakta, BM, NATO ve T\u00fcrkiye\u2019nin sesi \u00e7\u0131kmamaktayd\u0131.<\/span><\/b><\/p>\n<p style=\"text-align: justify; text-indent: 27pt;\"><b><span style=\"font-size: 14pt; font-family: 'Arial','sans-serif'; color: black;\">Malatya\u2019daki on binlerce d\u00f6n\u00fcm mera arazilerini, yoksa \u0130srail\u2019in ta\u015feron firmalar\u0131 m\u0131 alm\u0131\u015ft\u0131?<\/span><\/b><\/p>\n<p style=\"text-align: justify; text-indent: 27pt;\"><span style=\"font-size: 14pt; font-family: 'Arial','sans-serif'; color: black;\"> <b>May\u0131s ay\u0131n\u0131n ba\u015f\u0131nda &#8216;Malatya&#8217;da neler oluyor?&#8217; &#8216;K\u00f6yl\u00fcler Ayakland\u0131&#8217; haberleri ile kamuoyunun g\u00fcndemine ta\u015f\u0131nan on binlerce d\u00f6n\u00fcm mera arazisinin ihale yoluyla sat\u0131\u015f\u0131na ili\u015fkin haberlerden sonra, ihaleyi alan firmalar nedense bir t\u00fcrl\u00fc a\u00e7\u0131klanmam\u0131\u015ft\u0131. Kamuya a\u00e7\u0131k bir ihale sonras\u0131 meralar\u0131 alan firmalar\u0131n a\u00e7\u0131klanmamas\u0131 ak\u0131llara &#8216;yoksa yabanc\u0131 firmalar ve \u0130srailli ortaklarla ili\u015fkisi olan \u015firketler mi ihaleyi ald\u0131&#8217; sorusu ak\u0131llar\u0131 kar\u0131\u015ft\u0131rm\u0131\u015ft\u0131.<\/b><\/span><\/p>\n<p style=\"text-align: justify; text-indent: 27pt;\"><b><span style=\"font-size: 14pt; font-family: 'Arial','sans-serif'; color: black;\">Malatya&#8217;da 25 mera arazisinin ihale yoluyla 49 y\u0131ll\u0131\u011f\u0131na sat\u0131\u015f\u0131ndan sonra g\u00fcndeme gelen ve bir t\u00fcrl\u00fc kamuoyu ile payla\u015f\u0131lmayan firmalara ili\u015fkin ak\u0131llarda soru i\u015faretleri giderek artmaktayd\u0131. Bilgi edinme kanunu kapsam\u0131nda ihale s\u00fcrecine ve firmalara ili\u015fkin sorular ise yan\u0131ts\u0131z kalm\u0131\u015ft\u0131. Yasal s\u00fcresi 15 g\u00fcn olan iki adet sorumuzun cevaplanma tarihi \u00fczerinden 10 g\u00fcn ge\u00e7mesine ra\u011fmen firmalara ili\u015fkin hala bir veri ortaya \u00e7\u0131kmam\u0131\u015ft\u0131. <\/span><\/b><\/p>\n<p style=\"text-align: justify; text-indent: 27pt;\"><b><span style=\"font-size: 14pt; font-family: 'Arial','sans-serif'; color: black;\">Malatya G\u0131da, Tar\u0131m ve Hayvanc\u0131l\u0131k \u0130l M\u00fcd\u00fcrl\u00fc\u011f\u00fc \u0130l Mera Komisyonu&#8217;nun ald\u0131\u011f\u0131 karar gere\u011fince Ak\u00e7ada\u011f il\u00e7esi Ya\u011fmurlu k\u00f6y\u00fcnde 8 mera parseli, Il\u0131cak k\u00f6y\u00fcnde 3 mera parseli, Battalgazi il\u00e7esi \u015ei\u015fman k\u00f6y\u00fcnde 1 mera parselini, Ye\u015filyurt il\u00e7esi Ku\u015fdo\u011fan k\u00f6y\u00fcnde 2 mera parselini, Do\u011fan\u015fehir il\u00e7esi Re\u015fadiye k\u00f6y\u00fcnde 2 mera parselini, Dedeyaz\u0131 k\u00f6y\u00fcnde 2 mera parselini ve merkez Samank\u00f6y&#8217;de 2 mera parselini \u0131slah etmek ko\u015fulu ile \u00f6ncelikli olarak hayvanc\u0131l\u0131k yapan veya hayvanc\u0131l\u0131k i\u015fletmesi kurmak isteyenler ile gerekli \u0131slah i\u015flemlerini taahh\u00fct eden ger\u00e7ek ve t\u00fczel ki\u015filere ihale yap\u0131lm\u0131\u015f, ge\u00e7ti\u011fimiz May\u0131s ay\u0131nda yap\u0131lan ihalede bu b\u00f6lgeler \u015firketlerin kullan\u0131m\u0131na a\u00e7\u0131lm\u0131\u015ft\u0131.<\/span><\/b><\/p>\n<p style=\"text-align: justify; text-indent: 27pt;\"><b><span style=\"font-size: 14pt; font-family: 'Arial','sans-serif'; color: black;\">&nbsp;<\/span><\/b><\/p>\n<p style=\"text-align: justify; text-indent: 27pt;\"><b><span style=\"font-size: 16pt; font-family: 'Arial','sans-serif'; color: black;\">Bu arada \u0130ran\u2019\u0131n Irak ve Suriye politikas\u0131 da kafa kar\u0131\u015ft\u0131r\u0131c\u0131yd\u0131. Evet, Irak\u2019a ve Suriye\u2019ye emperyalist odaklar\u0131n m\u00fcdahalesine elbette kar\u015f\u0131 \u00e7\u0131k\u0131lmal\u0131yd\u0131; ama sadece \u015eiilik taassubu ve taraftarl\u0131\u011f\u0131yla Suriye ve Irak\u2019taki zul\u00fcmlere tepkisiz kalmak ta izan ve vicdanla ba\u011fda\u015fmazd\u0131.<\/span><\/b><\/p>\n<p style=\"text-align: justify; text-indent: 27pt;\"><b><span style=\"font-size: 14pt; font-family: 'Arial','sans-serif'; color: black;\">Evet; \u201c\u0130ran&#8217;\u0131n Suriye&#8217;yle imtihan\u0131\u201d zorla\u015fmaktayd\u0131<\/span><\/b><\/p>\n<p style=\"text-align: justify; text-indent: 27pt;\"><span style=\"font-size: 14pt; font-family: 'Arial','sans-serif'; color: black;\">\u00d6nce \u0130ran&#8217;\u0131 ele alal\u0131m: \u015eubat 1979 devrimi h\u00e2l\u00e2 haf\u0131zalar\u0131m\u0131zda tazeli\u011fini koruyordu. Ayetullah Humeyni&#8217;nin ger\u00e7ekle\u015ftirdi\u011fi devrim, anti-emperyalist karakteri, halka dayal\u0131 olmas\u0131 ve \u0130slami y\u00f6netimi benimsemesi nedeniyle 20. y\u00fczy\u0131l\u0131n en \u00f6nemli olaylar\u0131ndan biri olarak kabul ediliyordu. \u0130lk se\u00e7im yap\u0131l\u0131ncaya kadar olan s\u00fcre i\u00e7in ge\u00e7ici olarak atanan m\u00fchendis Mehdi Bazergan h\u00fck\u00fcmetini hari\u00e7 tutarsak t\u00fcm cumhurba\u015fkanlar\u0131 se\u00e7imle i\u015fba\u015f\u0131na geliyordu. \u0130lk Cumhurba\u015fkan\u0131 Ebul Hasan Beni Sadr&#8217;\u0131n Sosyalist olmas\u0131na ra\u011fmen se\u00e7ilmesinde bir problem ya\u015fanm\u0131yordu. Hatta Kom\u00fcnist Tudeh Partisi&#8217;ne dahi m\u00fcsamahal\u0131 davran\u0131l\u0131yordu. Bu \u00f6zellikleri nedeniyle \u0130ran, d\u00fcnyadaki ezilen toplumlarda \u00f6nemli bir kar\u015f\u0131l\u0131k buluyordu. Tabi devrimden rahats\u0131z olanlar ve endi\u015feye kap\u0131lanlar da oldu. Bu de\u011fi\u015fim emperyalistlerle i\u015fbirli\u011fi yapmakta olan, \u00fclkelerini bask\u0131yla y\u00f6neten krallar, emirler ba\u015fta olmak \u00fczere halk\u0131 M\u00fcsl\u00fcman olan t\u00fcm \u00fclke y\u00f6neticilerini derinden sars\u0131yordu. Devrim sonras\u0131 \u0130ran&#8217;da \u00e7ok hayati geli\u015fmeler ya\u015fan\u0131yordu. \u0130\u015fte o g\u00fcnlere damgas\u0131n\u0131 vuran olaylardan baz\u0131lar\u0131:<\/span><\/p>\n<p style=\"text-align: justify; text-indent: 27pt;\"><span style=\"font-size: 14pt; font-family: 'Arial','sans-serif'; color: black;\">&#8211; 4 Kas\u0131m 1979&#8217;da, devrimciler ABD B\u00fcy\u00fckel\u00e7ili\u011fi&#8217;ni bas\u0131yor; 52 Amerikal\u0131y\u0131 rehin al\u0131yor ve Ba\u015fkan Jmmy Carter&#8217;\u0131n karizmas\u0131 fena halde \u00e7iziliyordu.<\/span><\/p>\n<p style=\"text-align: justify; text-indent: 27pt;\"><span style=\"font-size: 14pt; font-family: 'Arial','sans-serif'; color: black;\">-28 Haziran 1981 Cumhur-i \u0130slam Partisi binas\u0131na yap\u0131lan sabotajda devrimin \u00f6nemli teorisyenleri ve yeni d\u00f6nemin \u00f6nde gelen devlet adam\u0131 Dr. Behi\u015fti ile birlikte \u00f6nemli g\u00f6revlerde bulunan 72 ki\u015fi hayat\u0131n\u0131 kaybediyordu. Bu tarihten bir g\u00fcn \u00f6nce de \u015fu anki rehber Ali Hamaney&#8217;e Ebu Zer Camii&#8217;nde bombal\u0131 sald\u0131r\u0131da bulunuldu. Hamaney bu sald\u0131r\u0131dan a\u011f\u0131r yaral\u0131 olarak kurtulmu\u015ftu.<\/span><\/p>\n<p style=\"text-align: justify; text-indent: 27pt;\"><span style=\"font-size: 14pt; font-family: 'Arial','sans-serif'; color: black;\">-2 Eyl\u00fcl 1981 \u0130ran&#8217;\u0131n ikinci Cumhurba\u015fkan\u0131 Muhammed Ali Recai ve Ba\u015fbakan Muhammed Cevad Bahoner bombal\u0131 bir suikasta kurban gidiyordu.<\/span><\/p>\n<p style=\"text-align: justify; text-indent: 27pt;\"><span style=\"font-size: 14pt; font-family: 'Arial','sans-serif'; color: black;\">-\u0130ran&#8217;da bir\u00e7ok sanayici, i\u015fadam\u0131, siyaset\u00e7i, sivil ve askeri b\u00fcrokrat \u00e7e\u015fitli nedenlerle tutuklan\u0131yor, idam ediliyor veya \u00f6nceden \u00fclkeyi terk ediyordu. (Bu alanlarda b\u00fcy\u00fck bo\u015fluklar do\u011fuyor, yerleri hemen doldurulam\u0131yordu.)<\/span><\/p>\n<p style=\"text-align: justify; text-indent: 27pt;\"><span style=\"font-size: 14pt; font-family: 'Arial','sans-serif'; color: black;\">-Irak lideri Saddam H\u00fcseyin, ABD ve Bat\u0131l\u0131 \u00fclkelerin deste\u011fiyle 22 Eyl\u00fcl 1980&#8217;de \u0130ran&#8217;a sava\u015f a\u00e7\u0131yordu. (Bu sava\u015f sekiz y\u0131l s\u00fcr\u00fcyor ve iki milyon insan bir hi\u00e7 u\u011fruna hayat\u0131n\u0131 kaybediyordu.)<\/span><\/p>\n<p style=\"text-align: justify; text-indent: 27pt;\"><span style=\"font-size: 14pt; font-family: 'Arial','sans-serif'; color: black;\">-20 A\u011fustos 1988 y\u0131l\u0131nda imzalanan ate\u015fkes anla\u015fmas\u0131yla sava\u015f sona eriyordu.<\/span><\/p>\n<p style=\"text-align: justify; text-indent: 27pt;\"><span style=\"font-size: 14pt; font-family: 'Arial','sans-serif'; color: black;\">-\u0130ran, 15 Haziran 1997 y\u0131l\u0131nda D-8&#8217;lere kurucu \u00fcye oluyordu; 2009 y\u0131l\u0131 Nisan ay\u0131nda Ba\u015fbakan Erbakan&#8217;\u0131 \u00f6nemli konularda isti\u015farelerde bulunmak \u00fczere \u00fclkelerine davet ediliyordu.<\/span><\/p>\n<p style=\"text-align: justify; text-indent: 27pt;\"><span style=\"font-size: 14pt; font-family: 'Arial','sans-serif'; color: black;\">\u0130ran&#8217;da rejim, i\u00e7eride ve d\u0131\u015far\u0131da kar\u015f\u0131la\u015fm\u0131\u015f oldu\u011fu bunca karga\u015faya ra\u011fmen ayakta kalmay\u0131 ba\u015far\u0131yor, hatta belki krizlerden g\u00fc\u00e7lenerek \u00e7\u0131k\u0131yordu.<\/span><\/p>\n<p style=\"text-align: justify; text-indent: 27pt;\"><span style=\"font-size: 14pt; font-family: 'Arial','sans-serif'; color: black;\">\u0130ran, ambargolara boyun e\u011fmiyor, d\u00fcnya sisteminin kar\u015f\u0131s\u0131na dikiliyor, n\u00fckleer \u00e7al\u0131\u015fmalar\u0131n\u0131 ask\u0131ya alm\u0131yor, kendi uzun menzilli f\u00fczelerini \u00fcretiyordu. Otomotiv ve di\u011fer sanayi dallar\u0131nda \u00f6nemli mesafeler kat ediyordu.<\/span><\/p>\n<p style=\"text-align: justify; text-indent: 27pt;\"><span style=\"font-size: 14pt; font-family: 'Arial','sans-serif'; color: black;\">Bu g\u00fcnk\u00fc \u0130ran co\u011frafyas\u0131 Erdebilli \u015eeyh Safiy\u00fcddin&#8217;e dayanan, d\u00f6rd\u00fcnc\u00fc nesilden \u015eeyh C\u00fcneyd&#8217;le irtibatland\u0131r\u0131lan mezhep de\u011fi\u015ftirip \u015eeyh Haydarla g\u00fc\u00e7 kazanan, <b>Haydar&#8217;\u0131n o\u011flu \u015eah \u0130smail&#8217;in kurdu\u011fu Safaviler&#8217;e (1502) <\/b>uzan\u0131yordu. Safavilerle \u00fclkemiz aras\u0131nda o d\u00f6nemlerde zaman zaman ciddi gerginlikler ya\u015fan\u0131yor, ancak 1639&#8217;da imzalanan Kasr-\u0131 \u015eirin Antla\u015fmas\u0131&#8217;ndan bu yana T\u00fcrkiye ve \u0130ran iki dost ve karde\u015f kalmay\u0131 ba\u015far\u0131yor ve iki \u00fclke s\u0131n\u0131r\u0131 o tarihten beri de\u011fi\u015fmiyordu. 1736&#8217;da y\u00f6netimi devralan <b>Af\u015farlar&#8217;\u0131n ilk y\u0131llar\u0131nda Safaviler <\/b>d\u00f6nemindeki <b>ibadetsiz kat\u0131 mezhepsel anlay\u0131\u015f<\/b> \u00f6nemli oranda yumu\u015fat\u0131l\u0131yor ve bu g\u00fcnk\u00fcne yak\u0131n bir \u00e7izgiye geliniyordu.<\/span><\/p>\n<p style=\"text-align: justify; text-indent: 27pt;\"><span style=\"font-size: 14pt; font-family: 'Arial','sans-serif'; color: black;\">1796&#8217;da y\u00f6netime h\u00e2kim olan <b>Ka\u00e7arlar<\/b> zaman\u0131nda \u00f6zellikle Sultan Abd\u00fclhamit&#8217;in mevkida\u015f\u0131 olan <b>Nasreddin \u015eah<\/b> d\u00f6neminde kar\u015f\u0131l\u0131kl\u0131 \u00f6nemli ad\u0131mlar at\u0131ld\u0131. Pehlevi hanedan\u0131n\u0131 (1925-1979) hari\u00e7 tutarsak (Safaviler, Af\u015farlar ve Ka\u00e7arlar) her \u00fc\u00e7 hanedan da T\u00fcrk Boylar\u0131na mensup olduklar\u0131 biliniyordu. \u015eah \u0130smail&#8217;le ba\u015flayan ibadetsiz mezhep anlay\u0131\u015f\u0131ndan Af\u015farlar\u0131n ilk y\u0131llar\u0131nda ba\u015flatt\u0131klar\u0131 geni\u015f \u00e7apl\u0131 \u0130slami tart\u0131\u015fmalarla sonunda ibadet yapan \u00e7izgiye tekrar d\u00f6n\u00fcl\u00fcyordu. Sultan Abd\u00fclhamit&#8217;in \u0130ran&#8217;\u0131 da \u0130slam Birli\u011fi \u00e7al\u0131\u015fmalar\u0131na d\u00e2hil etmesiyle daha bir yak\u0131nla\u015fma ya\u015fan\u0131yor, \u0130mam Humeyni&#8217;nin fetvas\u0131yla da art\u0131k cemaatte di\u011fer M\u00fcsl\u00fcmanlarla birlikte saf tutulmaya ba\u015flan\u0131yordu.<\/span><\/p>\n<p style=\"text-align: justify; text-indent: 27pt;\"><span style=\"font-size: 14pt; font-family: 'Arial','sans-serif'; color: black;\">Son d\u00f6nemde \u0130ran y\u00f6netimiyle di\u011fer M\u00fcsl\u00fcmanlar aras\u0131nda ya\u015fanan baz\u0131 tats\u0131zl\u0131klar kafa kar\u0131\u015ft\u0131r\u0131yordu. \u0130lk hayal k\u0131r\u0131kl\u0131\u011f\u0131 2 \u015eubat 1982&#8217;de Haf\u0131z Esad&#8217;\u0131n yapt\u0131\u011f\u0131 Hama Katliam\u0131&#8217;na \u0130ran&#8217;\u0131n destek \u00e7\u0131kan a\u00e7\u0131klamalar\u0131yla ya\u015fan\u0131yordu. O g\u00fcnden bu g\u00fcne gelinceye kadar bu hatay\u0131 tamir edecek herhangi bir ad\u0131m\u0131n at\u0131lmam\u0131\u015f olmas\u0131 \u0130ran y\u00f6netimiyle di\u011fer M\u00fcsl\u00fcmanlar aras\u0131nda \u00f6nemli bir a\u00e7\u0131 fark\u0131n\u0131n do\u011fmas\u0131na neden oluyordu. \u015eu s\u0131ralarda benzer bir ili\u015fkinin eli kanl\u0131 o\u011ful Esad&#8217;la da devam ediyor olmas\u0131 ise \u0130ran ad\u0131na ba\u015fka bir talihsizlik olarak tarihe ge\u00e7ece\u011fe benziyordu. Ya\u015fananlardan hareketle \u0130ran hakk\u0131nda olu\u015fan kanaat belli: \u0130ran y\u00f6netimi siyasi ve mezhebi diplomasiyi \u0130slam karde\u015fli\u011finin \u00fcst\u00fcnde tutuyordu. Bu nedenle olu\u015fan a\u00e7\u0131 fark\u0131 artarak devam ediyordu.<\/span><\/p>\n<p style=\"text-align: justify; text-indent: 27pt;\"><span style=\"font-size: 14pt; font-family: 'Arial','sans-serif'; color: black;\">Di\u011fer bir kom\u015fu \u00fclke olan Irak&#8217;ta -i\u015fgalcilerin eliyle- cumhurba\u015fkan\u0131 ve ba\u015fbakanl\u0131k makamlar\u0131na ter\u00f6r eylemleri bilinen ki\u015filerin ta\u015f\u0131nmas\u0131 ve bu konuda da a\u00e7\u0131k bir i\u015fbirli\u011finin sabit olmas\u0131 ak\u0131llar\u0131 iyice kar\u0131\u015ft\u0131r\u0131yordu.<\/span><\/p>\n<p style=\"text-align: justify; text-indent: 27pt;\"><span style=\"font-size: 14pt; font-family: 'Arial','sans-serif'; color: black;\">Bir yandan yerli i\u015fbirlik\u00e7ilerle ayn\u0131 safta durup \u00f6te taraftan emperyalizme kar\u015f\u0131 m\u00fccadele etme anlay\u0131\u015f\u0131 nas\u0131l ba\u011fda\u015f\u0131yordu? Suriye imtihan\u0131ndan sonra Irak imtihan\u0131 da \u0130ran&#8217;\u0131n ba\u015f\u0131n\u0131 fazlas\u0131yla a\u011fr\u0131taca\u011fa benziyordu.\u201d<a href=\"#_ftn1\" name=\"_ftnref1\" title=\"\"><\/a><span style=\"font-size: 14pt; font-family: 'Arial','sans-serif'; color: black;\">[1]<\/span><\/span><\/p>\n<p style=\"text-align: justify; text-indent: 27pt;\"><b><span style=\"font-size: 16pt; font-family: 'Arial','sans-serif'; color: black;\">Tekrar vurgulayal\u0131m ki, Irak\u2019a ve Suriye\u2019ye, \u0130srail ve ABD iste\u011fi istikametinde askeri m\u00fcdahaleye elbette kar\u015f\u0131 olmak gerekiyordu. Ama bu Irak\u2019ta a\u00e7\u0131k\u00e7a b\u00f6l\u00fcc\u00fcl\u00fck ve S\u00fcnni d\u00fc\u015fmanl\u0131\u011f\u0131 yapan Maliki\u2019ye ve Suriye\u2019de kendi halk\u0131na zulmeden ve hi\u00e7bir ciddi de\u011fi\u015fim ve d\u00fczelme belirtisi g\u00f6stermeyen Be\u015f\u015far Esad\u2019a destek \u00e7\u0131kmak anlam\u0131na gelmiyordu.<\/span><\/b><\/p>\n<p style=\"text-align: justify; text-indent: 27pt;\"><b><span style=\"font-size: 18pt; font-family: 'Arial','sans-serif'; color: black;\">AKP T\u00fcrkiye\u2019yi nereye s\u00fcr\u00fckl\u00fcyordu?<\/span><\/b><\/p>\n<p style=\"text-align: justify; text-indent: 27pt;\"><b><span style=\"font-size: 16pt; font-family: 'Arial','sans-serif'; color: black;\">Hayrullah Mahmud \u00d6zg\u00fcr\u2019\u00fcn \u015fu iddialar\u0131 neden hala yan\u0131ts\u0131zd\u0131?<\/span><\/b><\/p>\n<p style=\"text-align: justify; text-indent: 27pt;\"><b><span style=\"font-size: 14pt; font-family: 'Arial','sans-serif'; color: black;\">Ak Masonlar ve\/veya G\u00fcl\u2019\u00fcn derin s\u0131r\u2019r\u0131?!<\/span><\/b><\/p>\n<p style=\"text-align: justify; text-indent: 27pt;\"><b><span style=\"font-size: 14pt; font-family: 'Arial','sans-serif'; color: black;\">G\u00fclen Camia\u2019s\u0131n\u0131n \u201cif\u015fa\u201d edilmemi\u015f \u201cgiz\u201dli Mason \u00fcyeleri kimlerden olu\u015fmaktayd\u0131 ve \u00dczeyir Garih neden devre d\u0131\u015f\u0131 b\u0131rak\u0131lm\u0131\u015ft\u0131?<\/span><\/b><\/p>\n<p style=\"text-align: justify; text-indent: 27pt;\"><b><span style=\"font-size: 14pt; font-family: 'Arial','sans-serif'; color: black;\">AKP &amp; G\u00fclen iktidar\u0131nda Masonlar hangi g\u00f6revde ve hangi hizmetlerde bulunuyorlard\u0131?<\/span><\/b><\/p>\n<p style=\"text-align: justify; text-indent: 27pt;\"><b><span style=\"font-size: 14pt; font-family: 'Arial','sans-serif'; color: black;\">AKP\u2019nin ve\/veya G\u00fclen Camias\u0131\u2019n\u0131n \u00fcnl\u00fc \u201cgiz\u201dli Mason\u2019lar\u0131 niye hi\u00e7 ara\u015ft\u0131r\u0131lmazd\u0131?<\/span><\/b><\/p>\n<p style=\"text-align: justify; text-indent: 27pt;\"><b><span style=\"font-size: 14pt; font-family: 'Arial','sans-serif'; color: black;\">\u00c7evik Bir, Abdullah G\u00fcl, Mason yolda\u015f\u0131 m\u0131yd\u0131?<\/span><\/b><\/p>\n<p style=\"text-align: justify; text-indent: 27pt;\"><b><span style=\"font-size: 14pt; font-family: 'Arial','sans-serif'; color: black;\">AKP\u2019nin iktidara geli\u015f s\u00fcrecinde \u201cMason\u201d \u00dczeyir Garih neden gizemli bir suikasta u\u011fram\u0131\u015ft\u0131?<\/span><\/b><span style=\"font-size: 14pt; font-family: 'Arial','sans-serif'; color: black;\"><\/span><\/p>\n<p style=\"text-align: justify; text-indent: 27pt;\"><span style=\"font-size: 14pt; font-family: 'Arial','sans-serif'; color: black;\">Evet, Masonlar, ser verip s\u0131r vermemeleri ile \u00fcnl\u00fc karanl\u0131k ili\u015fkiler tak\u0131m\u0131d\u0131r\u2026 Kimi zaman adlar\u0131 k\u00fcf\u00fcr yerine kullan\u0131lmaktad\u0131r. 1999&#8217;da kap\u0131lar\u0131n\u0131 medyaya a\u00e7\u0131p, binan\u0131n i\u00e7indeki tefru\u015fat\u0131 g\u00f6sterip toplumun havas\u0131 al\u0131nm\u0131\u015ft\u0131. Son olarak adlar\u0131 emekli Orgeneral \u00c7evik Bir&#8217;in kat\u0131ld\u0131\u011f\u0131 bir toplant\u0131 ile Masonlar g\u00fcndeme ta\u015f\u0131nm\u0131\u015ft\u0131. \u015eimdi de \u00dczeyir Garih cinayeti sonras\u0131nda \u0130shak Alaton&#8217;un &#8220;\u00dczeyir, dul bir kad\u0131na 10 bin dolar yard\u0131m edecekti&#8221; s\u00f6zleri konu\u015fulmaktayd\u0131. <b><i>&#8220;Dul kad\u0131na yard\u0131m yok mu?&#8221;<\/i><\/b> s\u00f6zlerinin Masonlar aras\u0131nda \u015fifreli bir yard\u0131m \u00e7a\u011fr\u0131s\u0131 oldu\u011fu, Alaton&#8217;un da tehlikede oldu\u011funa dikkat \u00e7ekmeye \u00e7al\u0131\u015ft\u0131\u011f\u0131 iddialar\u0131 vard\u0131. Alaton, bu iddialara \u015fiddetle kar\u015f\u0131 \u00e7\u0131karken Masonlarla ilgili bir\u00e7ok soru sorulmaya ba\u015fland\u0131&#8230; Masonluk nas\u0131l bir yap\u0131lanmad\u0131r?.. Mason olmak insana ne gibi \u00f6zel imkanlar sa\u011flamaktad\u0131r?.. <\/span><\/p>\n<p style=\"text-align: justify; text-indent: 27pt;\"><span style=\"font-size: 14pt; font-family: 'Arial','sans-serif'; color: black;\">B\u00fcy\u00fck \u00dcstad Demir Sava\u015f\u00e7\u0131n, 1927 Aksaray do\u011fumlu olup Ankara Gazi&#8217;de liseyi bitirmi\u015f. Hukuk mezunu. 1952 y\u0131l\u0131ndan bu yana da avukatt\u0131r&#8230; Evli ve iki o\u011flu bir k\u0131z\u0131 vard\u0131r. \u0130zmir&#8217;de ya\u015f\u0131yor. 1975 y\u0131l\u0131nda da Mason olmu\u015f&#8230; Masonlu\u011fun bir\u00e7ok kademesinden ge\u00e7tikten sonra \u015fimdi en \u00fcst mertebeye ula\u015fm\u0131\u015ft\u0131r. Ona g\u00f6re:<\/span><\/p>\n<p style=\"text-align: justify; text-indent: 27pt;\"><b><i><span style=\"font-size: 14pt; font-family: 'Arial','sans-serif'; color: black;\">\u201cArt\u0131k toplum Masonlu\u011fu anlamaya kavramaya \u00e7al\u0131\u015f\u0131yor. Toplum bilin\u00e7lendi\u011fi oranda Masonluk tan\u0131nm\u0131\u015f oluyor. Bundan 4-5 y\u0131l \u00f6nce Prof. Sair Erman karde\u015fimiz, bir televizyon kanal\u0131nda Abdurrahman Dilipak karde\u015fimiz ile kar\u015f\u0131 kar\u015f\u0131ya geldi. Yaln\u0131z Dilipak o programdan ayr\u0131lmak zorunda kald\u0131.\u201d<\/span><\/i><\/b><\/p>\n<p style=\"text-align: justify; text-indent: 27pt;\"><b><span style=\"font-size: 14pt; font-family: 'Arial','sans-serif'; color: black;\">&nbsp;<\/span><\/b><\/p>\n<p style=\"text-align: justify; text-indent: 27pt;\"><b><span style=\"font-size: 14pt; font-family: 'Arial','sans-serif'; color: black;\">Acaba Abdurrahman Dilipak\u2019\u0131n (Akit gazetesi yazar\u0131):<\/span><\/b><span style=\"font-size: 14pt; font-family: 'Arial','sans-serif'; color: black;\"> <b><i>\u201cMasonluk aristokrat, hiyerar\u015fik kapal\u0131 bir toplumsal modelde etkin ve ba\u015far\u0131l\u0131 olabilir. Bana kal\u0131rsa Masonlar yeni bin y\u0131la ayak uydurma \u00e7abas\u0131 i\u00e7indedir\u201d<\/i><\/b> s\u00f6zleri, acaba iltifat i\u00e7erikli bir itiraf m\u0131yd\u0131?<\/span><\/p>\n<p style=\"text-align: justify; text-indent: 27pt;\"><b><span style=\"font-size: 14pt; font-family: 'Arial','sans-serif'; color: black;\">B\u00fcy\u00fck \u00dcstat Demir Sava\u015f\u00e7\u0131n,<\/span><\/b><span style=\"font-size: 14pt; font-family: 'Arial','sans-serif'; color: black;\"> a\u00e7\u0131klamas\u0131nda &#8216;Prof. Sair Erman karde\u015fimiz ile Dilipak bir televizyon kanal\u0131nda kar\u015f\u0131 kar\u015f\u0131ya geldi. Dilipak programdan ayr\u0131lmak zorunda kald\u0131&#8217; demi\u015fti. Ancak, Dilipak &#8216;B\u00f6yle bir programa kat\u0131lmad\u0131m&#8217; s\u00f6zleriyle sanki kendisini aklamaya \u00e7al\u0131\u015fm\u0131\u015ft\u0131. <\/span><\/p>\n<p style=\"text-align: justify; text-indent: 27pt;\"><b><i><span style=\"font-size: 14pt; font-family: 'Arial','sans-serif'; color: black;\">\u201cMasonlar bazen yer \u00fcst\u00fcne \u00e7\u0131kt\u0131lar, bazen de yeralt\u0131nda s\u00fcrd\u00fcrd\u00fcler faaliyetlerini. E\u011fer dikkat edilirse, yer \u00fcst\u00fcne \u00e7\u0131k\u0131\u015f d\u00f6nemleri T\u00fcrkiye&#8217;nin zay\u0131f oldu\u011fu d\u00f6nemlerdir. Beni as\u0131l d\u00fc\u015f\u00fcnd\u00fcren \u015fu, d\u00fcn Atat\u00fcrk taraf\u0131ndan bir gecede kapat\u0131lan Mason localar\u0131 bug\u00fcn nas\u0131l oluyor da Atat\u00fcrk\u00e7\u00fc olduklar\u0131n\u0131 iddia eden ki\u015filer taraf\u0131ndan te\u015fvik ve takdir ediliyor? \u0130\u015fte bunu anlam\u0131yorum. Yoksa Atat\u00fcrk\u00e7\u00fcler de\u011fi\u015fime mi u\u011frad\u0131?\u201d<\/span><\/i><\/b><span style=\"font-size: 14pt; font-family: 'Arial','sans-serif'; color: black;\"> <\/span><b><span style=\"font-size: 16pt; font-family: 'Arial','sans-serif'; color: black;\">diyen akit yazar\u0131 ve iktidar yalakas\u0131 Hasan Karakaya, niye acaba AKP i\u00e7indeki etkin masonlar\u0131 hi\u00e7 g\u00fcndeme ta\u015f\u0131mazd\u0131?<\/span><\/b><\/p>\n<p style=\"text-align: justify; text-indent: 27pt;\"><span style=\"font-size: 14pt; font-family: 'Arial','sans-serif'; color: black;\">Ve\u2026 Son olarak;<\/span><\/p>\n<p style=\"text-align: justify; text-indent: 27pt;\"><span style=\"font-size: 14pt; font-family: 'Arial','sans-serif'; color: black;\">Abdullah G\u00fcl, \u201cMason\u201dlu\u011fa kat\u0131lm\u0131\u015f m\u0131d\u0131r?<\/span><\/p>\n<p style=\"text-align: justify; text-indent: 27pt;\"><span style=\"font-size: 14pt; font-family: 'Arial','sans-serif'; color: black;\">E\u011fer \u201cMason\u201d ise ka\u00e7\u0131nc\u0131 dereceye ula\u015fm\u0131\u015ft\u0131r?<\/span><\/p>\n<p style=\"text-align: justify; text-indent: 27pt;\"><span style=\"font-size: 14pt; font-family: 'Arial','sans-serif'; color: black;\">\u201cMason\u201dlu\u011fa ilk olarak nerede, ne zaman, kimin tavsiyesi ile ad\u0131m atm\u0131\u015ft\u0131r?!<\/span><\/p>\n<p style=\"text-align: justify; text-indent: 27pt;\"><span style=\"font-size: 14pt; font-family: 'Arial','sans-serif'; color: black;\">E\u011fer Mason ise T\u00fcrkiye\u2019nin 1 Numaral\u0131 koltu\u011funda oturan G\u00fcl\u2019\u00fcn \u2018\u00fcstad\u2019\u0131 kim olmaktad\u0131r? Emirleri kimden (hangi \u00fclkeden) almaktad\u0131r?!<\/span><\/p>\n<p style=\"text-align: justify; text-indent: 27pt;\"><span style=\"font-size: 14pt; font-family: 'Arial','sans-serif'; color: black;\">M\u00fcteveffa \u00dczeyir Garih, BOP E\u015f Ba\u015fkan\u0131 Erdo\u011fan AKP\u2019sinin T\u00fcrkiye\u2019de iktidara ta\u015f\u0131nma s\u00fcrecinde, radikal Yahudi d\u00fc\u015fmanl\u0131\u011f\u0131n\u0131 k\u00f6r\u00fckleyece\u011fi i\u00e7in mi kar\u015f\u0131 \u00e7\u0131km\u0131\u015ft\u0131r?<\/span><\/p>\n<p style=\"text-align: justify; text-indent: 27pt;\"><span style=\"font-size: 14pt; font-family: 'Arial','sans-serif'; color: black;\">BOP operasyonu \u201cFinal\u201d ba\u011flam\u0131nda, hem d\u00fcnyada hem de i\u00e7inde ya\u015fad\u0131\u011f\u0131m\u0131z co\u011frafyada ya\u015fanan Yahudi nefretinin perde arkas\u0131nda Garih\u2019in \u00f6ng\u00f6r\u00fcs\u00fcn\u00fcn hakl\u0131l\u0131k pay\u0131 var m\u0131d\u0131r? <a href=\"#_ftn2\" name=\"_ftnref2\" title=\"\"><\/a><span style=\"font-size: 14pt; font-family: 'Arial','sans-serif'; color: black;\">[2]<\/span><\/span><\/p>\n<p style=\"text-align: justify; text-indent: 27pt;\"><span style=\"font-size: 14pt; font-family: 'Arial','sans-serif'; color: black;\">\u0130srail &amp; \u0130ran aras\u0131nda s\u0131cak bir n\u00fckleer sava\u015f\u0131n ya\u015fanma arifesinde oldu\u011fumuz bir s\u00fcre\u00e7\u2019te, tarih Garih\u2019i hakl\u0131 m\u0131 \u00e7\u0131karacakt\u0131r?<\/span><\/p>\n<p style=\"text-align: justify; text-indent: 27pt;\"><b><span style=\"font-size: 16pt; font-family: 'Arial','sans-serif'; color: black;\">Parti olarak MHP\u2019li oldu\u011fu s\u00f6ylenen \u00dczeyir Garih, AKP\u2019ye, Erdo\u011fan\u2019a kar\u015f\u0131 oldu\u011fu i\u00e7in mi di\u011fer Siyonist odaklarca haklanm\u0131\u015ft\u0131r!? Oysa, \u00dczeyir Garih\u2019in MOSSAD\u2019la ilgisi ve Fetullah\u00e7\u0131lara \u00f6zel deste\u011fi hala konu\u015fulmaktad\u0131r.<\/span><\/b><\/p>\n<p style=\"text-align: justify; text-indent: 27pt;\"><b><span style=\"font-size: 16pt; font-family: 'Arial','sans-serif'; color: black;\">\u00c7\u00fcnk\u00fc AKP, 14 A\u011fustos 2001 tarihinde kurulmu\u015f, \u00dczeyir Garih ise 25 A\u011fustos 2001\u2019de devre d\u0131\u015f\u0131 b\u0131rak\u0131lm\u0131\u015ft\u0131r. Bunlar birbiriyle alakal\u0131 m\u0131d\u0131r? \u00dczeyir Garih MHP\u2019li iken orta\u011f\u0131 ve mason locas\u0131n\u0131 kapatt\u0131\u011f\u0131 i\u00e7in Atat\u00fcrk d\u00fc\u015fman\u0131 \u0130shak Alaton\u2019un koyu AKP\u2019li olmas\u0131n\u0131n alt\u0131nda ne yatmaktad\u0131r?<\/span><\/b><\/p>\n<p><span style=\"font-size: 14pt; font-family: 'Arial','sans-serif'; color: black;\"><br style=\"page-break-before: always;\" clear=\"all\" \/> <\/span><\/p>\n<div><br clear=\"all\" \/><\/p>\n<hr align=\"left\" size=\"1\" width=\"33%\" \/>\n<div>\n<p><a href=\"#_ftnref1\" name=\"_ftn1\" title=\"\"><\/a><span style=\"font-size: 10pt; font-family: 'Times New Roman','serif';\">[1]<\/span> <span style=\"font-family: 'Arial','sans-serif';\">Sadrettin Karaduman, Milli Gazete<\/span><\/p>\n<\/p><\/div>\n<div>\n<p><a href=\"#_ftnref2\" name=\"_ftn2\" title=\"\"><\/a><span style=\"font-size: 10pt; font-family: 'Times New Roman','serif';\">[2]<\/span> <span style=\"font-family: 'Arial','sans-serif';\">Hayrullah Mahmud, SABAH, 10.09.2001<\/span><\/p>\n<\/p><\/div>\n<\/p><\/div>\n<p>&nbsp;<\/p>\n","protected":false},"excerpt":{"rendered":"<p>PKK ile bar\u0131\u015f tuza\u011f\u0131! Ba\u015fbakan Yard\u0131mc\u0131s\u0131 B\u00fclent Ar\u0131n\u00e7 baz\u0131 \u015fartlar ger\u00e7ekle\u015firse \u201cApo\u2019nun ev hapsine \u00e7ekilebilece\u011fini\u201d yumurtlam\u0131\u015ft\u0131. Ar\u0131n\u00e7\u2019\u0131n s\u00f6zlerini Leyla Zana\u2019n\u0131n ve \u015eerafettin El\u00e7i\u2019nin a\u00e7\u0131klamalar\u0131yla birlikte okudu\u011funuzda \u201csilahlar\u0131n susmas\u0131\u201d y\u00f6n\u00fcnde \u00e7ok \u00f6nemli ad\u0131mlar at\u0131lmakta oldu\u011funu hissedip sevinenler yan\u0131lmaktayd\u0131; \u00e7\u00fcnk\u00fc, \u201csilahlar\u0131 susturma\u201d k\u0131l\u0131f\u0131 alt\u0131nda \u201cPKK\u2019y\u0131 siyasalla\u015ft\u0131rma ve \u00d6zerk K\u00fcrdistan\u2019\u0131 masa ba\u015f\u0131 oyunlar\u0131yla kurdurtma\u201d karar\u0131n\u0131 kimlerin ald\u0131\u011f\u0131n\u0131 ve [&hellip;]<\/p>\n","protected":false},"author":12,"featured_media":0,"comment_status":"open","ping_status":"closed","sticky":false,"template":"","format":"standard","meta":{"footnotes":""},"categories":[140],"tags":[],"class_list":["post-2388","post","type-post","status-publish","format-standard","hentry","category-eylul-2012"],"_links":{"self":[{"href":"https:\/\/www.millicozum.com\/mc\/wp-json\/wp\/v2\/posts\/2388","targetHints":{"allow":["GET"]}}],"collection":[{"href":"https:\/\/www.millicozum.com\/mc\/wp-json\/wp\/v2\/posts"}],"about":[{"href":"https:\/\/www.millicozum.com\/mc\/wp-json\/wp\/v2\/types\/post"}],"author":[{"embeddable":true,"href":"https:\/\/www.millicozum.com\/mc\/wp-json\/wp\/v2\/users\/12"}],"replies":[{"embeddable":true,"href":"https:\/\/www.millicozum.com\/mc\/wp-json\/wp\/v2\/comments?post=2388"}],"version-history":[{"count":0,"href":"https:\/\/www.millicozum.com\/mc\/wp-json\/wp\/v2\/posts\/2388\/revisions"}],"wp:attachment":[{"href":"https:\/\/www.millicozum.com\/mc\/wp-json\/wp\/v2\/media?parent=2388"}],"wp:term":[{"taxonomy":"category","embeddable":true,"href":"https:\/\/www.millicozum.com\/mc\/wp-json\/wp\/v2\/categories?post=2388"},{"taxonomy":"post_tag","embeddable":true,"href":"https:\/\/www.millicozum.com\/mc\/wp-json\/wp\/v2\/tags?post=2388"}],"curies":[{"name":"wp","href":"https:\/\/api.w.org\/{rel}","templated":true}]}}