{"id":239,"date":"2006-11-24T02:02:09","date_gmt":"2006-11-24T02:02:09","guid":{"rendered":"https:\/\/www.millicozum.com\/mc\/2006\/11\/24\/gar-ama-gerk\/"},"modified":"2006-11-24T02:02:09","modified_gmt":"2006-11-24T02:02:09","slug":"garip-ama-gercek","status":"publish","type":"post","link":"https:\/\/www.millicozum.com\/mc\/2006\/mart-2006\/garip-ama-gercek\/","title":{"rendered":"GAR\u0130P AMA GER\u00c7EK!"},"content":{"rendered":"<p>\u00a0  <\/p>\n<p> <strong>\u00d6nemli bir ABD&#39;li \u00f6nemli a\u00e7\u0131klamalarda bulunuyor!<\/strong>  <\/p>\n<p> ABD Ankara B\u00fcy\u00fckel\u00e7ili\u011fi&#39;nde uzun y\u0131llar &#8216;siyasi m\u00fcste\u015far&#39; olarak g\u00f6rev yapan ve eyl\u00fclde g\u00f6revini b\u0131rakan, Ankara&#39;da ve Washington&#39;da g\u00fcndem belirleyenleri yak\u0131ndan tan\u0131yan, dolay\u0131s\u0131yla da bu nedenle analizleri son derece \u00f6nem arzeden John W. Kunstadter, diyor ki; &quot;BOP sadece bir plan de\u011fildir,\u00a0 kutsal bir projedir&quot; b\u00f6yle bilmelisiniz!  <\/p>\n<p> \u00c7in&#39;in geli\u015fmesini engellemeliyiz..  <\/p>\n<p>  \u00a0  <\/p>\n<p> Biz PKK&#39;ya do\u011frudan yard\u0131m yapm\u0131yoruz, ama Rusya ve AB \u00fclkeleri i\u00e7in bir \u015fey diyemeyiz.  <\/p>\n<p> \u00a0\u015eemdinli olaylar\u0131 neden \u00e7\u0131kt\u0131 arka plan\u0131na \u00e7ok i iyi bakmak laz\u0131m. Kesinlikle biz sebep de\u011filiz  <\/p>\n<p> ABD, Washington, T\u00fcrkiye&#39;yi iyi tan\u0131m\u0131yor, \u00e7\u00fcnk\u00fc istihbarat\u00e7\u0131lar\u0131 yetersiz.  <\/p>\n<p> AKP&#39;de de yolsuzluk iddialar\u0131 \u00e7ok fazla.  <\/p>\n<p> Fethullah G\u00fclen&#39;in bize ve size zarar\u0131 yok!  <\/p>\n<p> T\u00fcrban meselesi i\u00e7in; sizinkilerin de bu dayatmay\u0131 yapanlar\u0131n d\u00fc\u015f\u00fcnce temellerini kullanarak t\u00fcrbana dair g\u00f6r\u00fc\u015fleri \u00e7\u00fcr\u00fctmeniz gerekir.  <\/p>\n<p> PKK uyu\u015fturucu ve ka\u00e7ak\u00e7\u0131l\u0131k ticaretinden zengin.  <\/p>\n<p> Ek\u00fcmeniklik tan\u0131nmal\u0131 ve Ruhban Okulu a\u00e7\u0131lmal\u0131d\u0131r. Bu Rusya&#39;da Ortodoks merkezi olu\u015fmas\u0131n\u0131 engeller. (Rusya&#39;n\u0131n, eski SSCB&#39;deki Ortodoks halklar\u0131-devletleri kontrol etmesini engellemek i\u00e7in)  <\/p>\n<p> K\u00fcrtler sadece kimliklerinin tan\u0131nmas\u0131n\u0131 istiyorlar. TC&#39;den ayr\u0131lmak istemiyorlar.  <\/p>\n<p> Devletinizle h\u00fck\u00fcmetiniz dayan\u0131\u015fma i\u00e7inde de\u011fil. Devlet sizde M\u0130T ve askerdir. Askerinizi takdir ediyoruz, ama&#8230;  <\/p>\n<p> Ermeni meselesi i\u00e7in cesur olup ABD Senatosu&#39;nda size ters d\u00fc\u015fenlere kendinizi anlat\u0131n.  <\/p>\n<p> Tezkere d\u00f6neminde biz de siz de \u00e7ok kaz\u0131k yedik. Siz sadece 5-10 km i\u00e7eri girecektiniz. K\u00fcrtler devletle\u015femeyeceklerdi. PKK kontrol alt\u0131nda olacakt\u0131.\u00a0  <\/p>\n<p> Biz sizin AB&#39;ye girmenizi her zaman destekledik. Halk\u0131n\u0131z\u0131 tan\u0131y\u0131n. Halk \u00c7ankaya ve Te\u015fvikiye de\u011fildir. Halk Mamak, Pursaklar&#39;d\u0131r. Biz oralara gidiyoruz&#8230; Washington&#39;daki T\u00fcrk uzmanlar\u0131 T\u00fcrkiye&#39;yi anl\u0131yam\u0131yor art\u0131k. \u00c7o\u011fu T\u00fcrkiye&#39;yi sadece Yahudi prizmas\u0131ndan g\u00f6r\u00fcyor!&#8230;&quot;<a name=\"_ftnref1\" href=\"#_ftn1\" title=\"_ftnref1\">[1]<\/a>  <\/p>\n<p> <strong>&quot;Bir Amerikal\u0131 sadece ger\u00e7ekleri sapt\u0131rmak ve h\u0131yanetlerine gerek\u00e7e sa\u011flamak i\u00e7in bilgi aktar\u0131r.&quot; Form\u00fcl\u00fcne g\u00f6re bu itiraflar\u0131 tekrar okuyunuz.<\/strong>  <\/p>\n<p> Tepemizde CIA u\u00e7aklar\u0131 geziyor ve esir ticareti yap\u0131l\u0131yor!  <\/p>\n<p> Afganistan&#39;daki toplu mezarlar\u0131 yalanlad\u0131lar, do\u011fruland\u0131. Irak&#39;taki i\u015fkence ve tecav\u00fczleri yalanlad\u0131lar, do\u011fruland\u0131. Felluce&#39;deki kimyasal sald\u0131r\u0131lar\u0131 ve katliam\u0131 yalanlad\u0131lar, do\u011fruland\u0131. CIA u\u00e7aklar\u0131n\u0131 yalanlad\u0131lar, do\u011fruland\u0131. Gizli i\u015fkence merkezlerini yalanlad\u0131lar, do\u011fruland\u0131&#8230;  <\/p>\n<p> Gizli cezaevleri ve CIA u\u00e7aklar\u0131yla ilgili skandal derinle\u015fecek. ABD m\u00fcttefikleri ve i\u015fgal koalisyonunda yer alan \u00fclkelerin ay\u0131plar\u0131 bir bir ortaya d\u00f6k\u00fclecek. 21. y\u00fczy\u0131l\u0131n insan haklar\u0131 ve refah y\u00fczy\u0131l\u0131 olaca\u011f\u0131 propagandas\u0131 yapanlar\u0131n nas\u0131l bir su\u00e7a kar\u0131\u015ft\u0131klar\u0131 ortaya \u00e7\u0131kacak.  <\/p>\n<p> Yalanlamak i\u00e7in \u00e7aba harcayanlar dikkatli olmal\u0131. &quot;CIA u\u00e7a\u011f\u0131 oldu\u011funu bilmiyorduk, yak\u0131t ikmali yapmak i\u00e7in indi&quot; gibi a\u00e7\u0131klamalar, kamuoyunu hafife almaktan ba\u015fka anlam ta\u015f\u0131m\u0131yor. \u0130nand\u0131r\u0131c\u0131l\u0131ktan uzak bir tav\u0131r. \u00c7\u00fcnk\u00fc bu skandal, onu savunan, \u00f6rtbas etmeye \u00e7al\u0131\u015fan herkesi alt\u0131nda ezecek kadar b\u00fcy\u00fck!..  <\/p>\n<p> AB yolundaki T\u00fcrkiye, CIA u\u00e7u\u015flar\u0131n\u0131 nas\u0131l a\u00e7\u0131klayacak? Sabiha G\u00f6k\u00e7en uzun s\u00fcredir bu trafikte kullan\u0131l\u0131yor. \u0130skenderun K\u00f6rfezi, Irak i\u015fgalinde en \u00f6nemli sevk\u0131yat merkezlerinden. \u0130ncirlik \u00dcss\u00fc esir ticaretinin merkezi oldu. Bu kadar m\u0131? De\u011fil tabi&#8230;\u00a0 21. y\u00fczy\u0131l\u0131n mimarlar\u0131n\u0131n kirli d\u00fcnyalar\u0131 perde perde aralan\u0131yor. Tekrar soral\u0131m: 80 bin ki\u015fi sorguland\u0131. Kaybolan binlerce insan nerede? Bu insanlar\u0131n aileleri, e\u015fleri, \u00e7ocuklar\u0131, ana babalar\u0131 nas\u0131l bir dram ya\u015f\u0131yor? Bu insanlar ne ile su\u00e7lan\u0131yor? Neden hi\u00e7bir \u015fekilde haklar\u0131nda yarg\u0131 s\u00fcreci ba\u015flat\u0131lm\u0131yor? Neden hi\u00e7 biri hakk\u0131nda resmi su\u00e7lama yap\u0131lm\u0131yor? Bunlar\u0131n baz\u0131lar\u0131 d\u00fckkan\u0131ndan, baz\u0131lar\u0131 caddede y\u00fcr\u00fcrken ka\u00e7\u0131r\u0131ld\u0131.<a name=\"_ftnref2\" href=\"#_ftn2\" title=\"_ftnref2\">[2]<\/a>  <\/p>\n<p> <strong>F\u0131rt\u0131na yakla\u015f\u0131yor!<\/strong>  <\/p>\n<p> T\u00fcrkiye&#39;nin co\u011frafi konumu nedeniyle, CIA&#39;n\u0131n gizli cezaevleri operasyonuna ad\u0131n\u0131n kar\u0131\u015f(t\u0131r\u0131l)mamas\u0131 imk\u00e2ns\u0131zd\u0131&#8230; \u0130\u015fte kokusu \u00e7\u0131kt\u0131: Bak\u00fc&#39;den \u0130zlanda&#39;ya u\u00e7an CIA u\u00e7a\u011f\u0131n\u0131n \u0130stanbul&#39;a u\u011frad\u0131\u011f\u0131 anla\u015f\u0131ld\u0131&#8230; Gerisi gelecek&#8230; Hem de sadece m\u00fcrettebat\u0131n de\u011fil, &quot;yolcular&quot;\u0131n da bulundu\u011fu u\u00e7aklarla&#8230;  <\/p>\n<p> T\u00fcrkiye&#39;ye u\u011frayan &quot;hayalet u\u00e7aklar&quot; ortal\u0131\u011f\u0131 kar\u0131\u015ft\u0131racak.. O nedenle biraz gerilere giderek anlatal\u0131m.  <\/p>\n<p> Her\u015fey 11 Eyl\u00fcl 2001 sald\u0131r\u0131lar\u0131yla ba\u015flad\u0131. Bush y\u00f6netimi, El Kaide militanlar\u0131n\u0131n kolayca ABD&#39;ye girip \u0130kiz Kuleler&#39;i ve Pentagon&#39;u vurmalar\u0131n\u0131, &quot;insan haklar\u0131na sayg\u0131l\u0131 istihbarat\u0131n yanl\u0131\u015fl\u0131\u011f\u0131na ba\u011flad\u0131. \u00c7\u00f6z\u00fcm? Clinton d\u00f6neminde g\u0131yaben yarg\u0131lan\u0131p mahkum edilmi\u015f ter\u00f6ristleri ele ge\u00e7irmek i\u00e7in tasarlanm\u0131\u015f &quot;Extraordinary Renditions&quot;, yani &quot;S\u0131rad\u0131\u015f\u0131 teslimat&quot; operasyonu kapsam\u0131n\u0131 geni\u015fletmek.  <\/p>\n<p> \u00d6nce 20 kadar \u00fclkenin istihbarat servisleriyle i\u015fbirli\u011fi anla\u015fmas\u0131 imzaland\u0131. Bunlar\u0131n ka\u00e7\u0131ndan h\u00fck\u00fcmetlerin haberi vard\u0131, belli de\u011fil.  <\/p>\n<p> Sonra gizli cezaevlerinin yerleri belirlendi: Tayland, Afganistan, Diego Garcia, Irak, Romanya, Polonya, \u00c7ek Cumhuriyeti, \u00dcrd\u00fcn, Kosova, K\u00fcba, \u00d6zbekistan, Azerbaycan.  <\/p>\n<p> Ve d\u00fc\u011fmeye bas\u0131ld\u0131. Ter\u00f6rist, i\u015fbirlik\u00e7i ya da sempatizan oldu\u011fundan ku\u015fkulan\u0131lanlar her yerde &quot;avlan\u0131yor&quot; ve CIA u\u00e7aklar\u0131yla gizli cezaevlerine, yani i\u015fkence merkezlerine g\u00f6t\u00fcr\u00fcl\u00fcyordu. Bir b\u00f6l\u00fcm\u00fc de &quot;ilgili&quot; adrese teslim ediliyordu. \u00dcrd\u00fcn, Suriye, M\u0131s\u0131r, Cezayir gibi i\u015fkencenin normal kabul edildi\u011fi, sorguya al\u0131nan\u0131n sa\u011f \u00e7\u0131kma olas\u0131l\u0131\u011f\u0131n\u0131n az oldu\u011fu \u00fclkelere veriliyordu..  <\/p>\n<p> <strong>Adrese<\/strong><strong> teslim 200 &quot;paket&quot;<\/strong>  <\/p>\n<p> 4 y\u0131lda 200&#39;\u00fc a\u015fk\u0131n ki\u015fi topland\u0131. 70&#39;i eski Stasi, yani Do\u011fu Alman istihbarat \u00f6rg\u00fct\u00fc elemanlar\u0131n\u0131n da sorgucu olarak g\u00f6revlendirildi\u011fi i\u015fkence merkezlerine kapat\u0131ld\u0131. Gerisi sayd\u0131\u011f\u0131m\u0131z \u00fclkelere da\u011f\u0131t\u0131ld\u0131.  <\/p>\n<p> Ad\u0131 El-Kaide kurmaylar\u0131ndan Halid El-Masri ile kar\u0131\u015ft\u0131r\u0131l\u0131p avlanan L\u00fcbnan k\u00f6kenli Alman yurtta\u015f\u0131 Halid Masri&#39;nin trajedisi uzun listeden sadece bir \u00f6rnek. Ama en \u00fcnl\u00fcleri Milano&#39;da ka\u00e7\u0131r\u0131lan imam Ebu \u00d6mer oldu. CIA su\u00e7\u00fcst\u00fc yakaland\u0131\u011f\u0131 ve \u0130talya Ba\u015fbakan\u0131 Berlusconi \u00f6rt-bas etmeye \u00e7al\u0131\u015ft\u0131\u011f\u0131 i\u00e7in.  <\/p>\n<p> Operasyonun k\u0131yamet koparmas\u0131n\u0131n epey hakl\u0131 nedeni var:  <\/p>\n<p> Haklar\u0131nda su\u00e7lama ve delil olmadan, sadece i\u015fkence alt\u0131nda al\u0131nm\u0131\u015f ifadelerde adlar\u0131 ge\u00e7ti\u011fi ya da Arap olduklar\u0131 i\u00e7in bir\u00e7ok insan\u0131n hayat\u0131 karard\u0131.  <\/p>\n<p> Bu ki\u015filer, Avrupa \u0130nsan Haklar\u0131 S\u00f6zle\u015fmesi, i\u015fkencenin \u00f6nlenmesiyle ilgili Cenevre S\u00f6zle\u015fmesi ve daha nice yasa ve anla\u015fma yok say\u0131l\u0131p insanl\u0131k d\u0131\u015f\u0131 sorgulardan ge\u00e7irildi, \u00f6zg\u00fcrl\u00fckleri ve haklar\u0131 gasp edildi. Avrupa&#39;da devletlerin egemenlik haklar\u0131 ve yasalar\u0131 \u00e7i\u011fnenerek, topraklar\u0131nda gizli cezaevleri olu\u015fturuldu.  <\/p>\n<p> CIA u\u00e7aklar\u0131n\u0131n gelip ge\u00e7ti\u011fi, inip ikmal yapt\u0131\u011f\u0131 \u00fclkeler de yine bu nedenlerle okkan\u0131n alt\u0131na girecek. Ya da zor g\u00fcnler ya\u015fayacak.  <\/p>\n<p> Bak\u00fc&#39;den havalanan bir CIA u\u00e7a\u011f\u0131n\u0131n 15 Kas\u0131m&#39;da \u0130stanbul&#39;da ikmal yapt\u0131\u011f\u0131 kesinle\u015fti. Ula\u015ft\u0131rma Bakan\u0131 Binali Y\u0131ld\u0131r\u0131m, &quot;\u0130zin vermeme \u015fans\u0131m\u0131z yoktu. Zaten i\u00e7inde yolcu da bulunmuyordu&quot; dedi. Rahatlatmak i\u00e7in.  <\/p>\n<p> Ancak Kanada gazetesi &quot;Ottawa Citizen&quot;, ge\u00e7en Mart&#39;ta da bir CIA u\u00e7a\u011f\u0131n\u0131n \u0130stanbul&#39;dan havalan\u0131p Stephenville&#39;e (Kanada) indi\u011fini a\u00e7\u0131klad\u0131. O kadar yolu bo\u015f u\u00e7acak de\u011fil ya. Etti iki.  <\/p>\n<p> Uluslararas\u0131 Af \u00d6rg\u00fct\u00fc iki y\u0131l gizli cezaevleri aras\u0131nda dola\u015ft\u0131r\u0131lan 3 Yemenli&#39;yi buldu. Biri \u00dcrd\u00fcn&#39;den 3-4 saatlik u\u00e7u\u015fla bir \u00fclkeye g\u00f6t\u00fcr\u00fcl\u00fcp 6 ay sorguland\u0131klar\u0131n\u0131 anlatt\u0131, &quot;Sudan veya T\u00fcrkiye olabilir&quot; dedi. Etti galiba \u00fc\u00e7.  <\/p>\n<p> Hele bu sonuncu iddia do\u011fruysa, i\u015f daha da vahimle\u015fiyor.  <\/p>\n<p> Avrupa Konseyi t\u00fcm \u00fcye \u00fclkelere en ge\u00e7 21 \u015eubat 2006 tarihine kadar yan\u0131tlamalar\u0131 iste\u011fiyle bir yaz\u0131 g\u00f6nderdi: &quot;Herhangi bir ki\u015finin yasad\u0131\u015f\u0131 olarak \u00f6zg\u00fcrl\u00fcklerinden yoksun b\u0131rak\u0131lmas\u0131nda veya nakledilmesinde \u00fclkenizin sorumlulu\u011fu var m\u0131? Varsa bu t\u00fcr olaylardan bilgi sahibi miydiniz?&quot;  <\/p>\n<p> Ankara&#39;n\u0131n cevab\u0131n\u0131 \u00e7ok merak ediyoruz&#8230;<a name=\"_ftnref3\" href=\"#_ftn3\" title=\"_ftnref3\">[3]<\/a>  <\/p>\n<p> <strong>Akdeniz Elimizden \u00c7\u0131k\u0131yor!<\/strong>  <\/p>\n<p> D\u00fcnyada h\u0131zla ya\u015fanan geli\u015fmeler, eski jeo-stratejik teorilerin yeniden yorumlanmas\u0131n\u0131 zorunlu k\u0131lmaktad\u0131r. \u00c7\u00fcnk\u00fc 2000&#39;li y\u0131llarla birlikte d\u00fcnya yeniden \u015fekillenmektedir. Bu yeniden \u015fekillenme, ayn\u0131 zamanda bir k\u00fcresel g\u00fc\u00e7 ya da hakimiyet m\u00fccadelesini de ortaya \u00e7\u0131karmaktad\u0131r. Bu m\u00fccadelede \u00fc\u00e7 unsuru kontrol eden g\u00fc\u00e7, k\u00fcresel g\u00fc\u00e7 olur. Bu \u00fc\u00e7 unsur; kaynaklar, pazarlar ve ticaret hatlar\u0131d\u0131r.  <\/p>\n<p> D\u00fcnyadaki baz\u0131 b\u00f6lgeler, b\u00fcnyelerinde de\u011fi\u015fik oranlarda bu \u00fc\u00e7 unsuru birlikte i\u00e7erirler. Dolay\u0131s\u0131yla, b\u00f6yle bir b\u00f6lgede ger\u00e7ekle\u015ftirilecek hakimiyet, k\u00fcresel hakimiyeti getirir. Bu nedenle, bu t\u00fcr b\u00f6lgeler ile alakal\u0131 olarak at\u0131lan jeo-stratejik ad\u0131mlar iyi takip edilmelidir.  <\/p>\n<p> Bu t\u00fcr jeo-stratejik \u00f6nemi haiz b\u00f6lgelerden biri ve belki de en \u00f6nemlisi, Akdeniz Havzas\u0131d\u0131r.  <\/p>\n<p> Orta \u00c7a\u011f&#39;dan bu yana, d\u00fcnya ticaretinin en temel dinami\u011fini Akdeniz Havzas\u0131 stratejileri olu\u015fturmu\u015ftur. S\u00f6z konusu dinamik genel olarak \u015f\u00f6yle \u00f6zetlenebilir;  <\/p>\n<p> &#8211; Akdeniz&#39;e ticari, siyasi ve askeri olarak hakim olan g\u00fc\u00e7, k\u00fcresel g\u00fc\u00e7 olarak d\u00fcnyaya hakim olur.  <\/p>\n<p> &#8211; Akdeniz&#39;e hakim olmak i\u00e7in mutlaka ba\u015fta \u0130stanbul bo\u011faz\u0131 olmak \u00fczere T\u00fcrk bo\u011fazlar\u0131, Ege adalar\u0131, Ege k\u0131y\u0131lar\u0131 ve K\u0131br\u0131s ile \u0130skenderun limanlar\u0131na hakim olmak gerekir.  <\/p>\n<p> &#8211; Bat\u0131 d\u00fcnyas\u0131, onalt\u0131nc\u0131 y\u00fczy\u0131ldan bu yana temel hedef olarak T\u00fcrkleri Akdeniz&#39;den uzakla\u015ft\u0131rma pe\u015findedir. \u0130nebaht\u0131 deniz yenilgisi ile ba\u015flayan bu s\u00fcre\u00e7, zamanla (kesintili de olsa) Osmanl\u0131&#39;n\u0131n Balkanlardan at\u0131lmas\u0131, Anadolu&#39;nun i\u015fgali, Ege adalar\u0131n\u0131n kayb\u0131 ile s\u00fcrd\u00fcr\u00fclm\u00fc\u015ft\u00fcr. G\u00fcn\u00fcm\u00fczde de K\u0131br\u0131s sorununu, Ege k\u0131ta sahanl\u0131\u011f\u0131 meselesini ve limanlar\u0131n \u00f6zelle\u015ftirilmesini bu temel hedefe do\u011fru att\u0131r\u0131lan ad\u0131mlar olarak de\u011ferlendirebiliriz.  <\/p>\n<p> &#8211; Bu \u00e7er\u00e7evede, T\u00fcrkiye&#39;nin son \u00fc\u00e7 as\u0131rl\u0131k d\u0131\u015f politikas\u0131n\u0131n temel dinami\u011fini, Akdeniz&#39;de var olma m\u00fccadelesi olu\u015fturur. Dolay\u0131s\u0131yla T\u00fcrkiye&#39;nin en \u00f6nemli d\u0131\u015f politik ekseni Akdeniz Stratejisidir. Ege ve K\u0131br\u0131s sorunlar\u0131n\u0131 bu \u00e7er\u00e7evede ele almam\u0131z gerekir.  <\/p>\n<p> &#8211; T\u00fcrkiye&#39;nin i\u00e7ine d\u00fc\u015ft\u00fc\u011f\u00fc\/d\u00fc\u015f\u00fcr\u00fcld\u00fc\u011f\u00fc ekonomik a\u00e7mazlar (\u00f6zellikle d\u0131\u015f ticaret a\u00e7\u0131klar\u0131 ve d\u00f6viz krizleri) son iki as\u0131rd\u0131r s\u00fcrekli Akdeniz&#39;de mevzi kaybetmemize neden olmaktad\u0131r. Dolay\u0131s\u0131yla i\u00e7 ve d\u0131\u015f dinamik olarak Akdeniz Havzas\u0131 ile d\u0131\u015f a\u00e7\u0131k veya d\u00f6viz krizleri aras\u0131nda stratejik bir ba\u011f kurabilmemiz m\u00fcmk\u00fcn g\u00f6z\u00fckmektedir.  <\/p>\n<p> Yine bu \u00e7er\u00e7evede, Akdeniz&#39;e k\u0131y\u0131s\u0131 olan t\u00fcm \u00fclkelerin fiber-optik ileti\u015fim hatlar\u0131n\u0131n termine edildi\u011fi ana operat\u00f6r olan T\u00fcrk Telekom&#39;un, L\u00fcbnan sermayesi ad\u0131 alt\u0131nda yabanc\u0131 servisler ile ba\u011flant\u0131s\u0131 oldu\u011fu iddia edilen bir gruba pe\u015fke\u015f \u00e7ekilmesi \u00f6nemli bir mevzi kayb\u0131d\u0131r. Ayn\u0131 \u015fekilde, yabanc\u0131 sermaye ad\u0131 alt\u0131nda mahiyeti me\u015fkuk gruplar\u0131n \u0130stanbul&#39;a yerle\u015fmelerinin \u00f6n\u00fcn\u00fc a\u00e7mak da \u00f6nemli bir geri ad\u0131md\u0131r. Akdeniz&#39;in en \u00f6nemli limanlar\u0131ndan olan Galata liman\u0131n\u0131n bir Yahudi sermayedara 49 y\u0131ll\u0131\u011f\u0131na kiralanmas\u0131, \u0130skenderun ve \u00dcsk\u00fcdar limanlar\u0131n\u0131n da pazarlanmas\u0131 dikkat edilmesi gereken ad\u0131mlard\u0131r.  <\/p>\n<p> T\u00fcrkiye K\u0131br\u0131s&#39;ta giderek mevzi kaybederken, K\u0131br\u0131s Rumlar\u0131&#39;na limanlar\u0131n a\u00e7\u0131lmas\u0131 ile halen Yunan gemilerinin egemenli\u011finde olan limanlar zamanla Rumlar\u0131n egemenli\u011fine ge\u00e7ecek ve K\u0131br\u0131s Rum Y\u00f6netimi bu i\u015ften y\u0131lda 5 ila 10 milyar dolar aras\u0131nda k\u00e2r elde edecektir. \u00dclkemizin kayda de\u011fer bir deniz filosu yoktur. On y\u0131llar ge\u00e7mesine ra\u011fmen, b\u0131rak\u0131n b\u00f6yle bir filo olu\u015fturma \u00e7abalar\u0131n\u0131 bir kenara, Yunanistan&#39;a \u00f6denen y\u00fcksek navlun \u00fccretleri bile idarecilerin uyanmas\u0131na vesile olamad\u0131. \u015eimdi ise, \u00f6zelle\u015ftirme ile T\u00fcrk deniz filosu ve T\u00fcrk limanlar\u0131 tamamen yabanc\u0131la\u015ft\u0131r\u0131lmaya \u00e7al\u0131\u015f\u0131lmaktad\u0131r.<a name=\"_ftnref4\" href=\"#_ftn4\" title=\"_ftnref4\">[4]<\/a>  <\/p>\n<p> <strong>Otelleri \u0130srail bombal\u0131yor!<\/strong>  <\/p>\n<p> Sald\u0131r\u0131da \u00f6lenlerin tamam\u0131, \u0130srail&#39;in sevmedi\u011fi isimler. Sald\u0131r\u0131dan \u00f6nce oteldeki \u0130srailliler tahliye edildi. Sald\u0131r\u0131y\u0131, \u0130srail ve \u00dcrd\u00fcn gizli servisi birlikte mi planlad\u0131?  <\/p>\n<p> \u00dcrd\u00fcn&#39;\u00fcn ba\u015fkenti Amman&#39;daki otelleri El Kaide mi bombalad\u0131?.. Sacide Ri\u015favi sald\u0131r\u0131dan bir saat sonra yakaland\u0131. Ad\u0131 biliniyorsa neden sald\u0131r\u0131dan \u00f6nce yakalanmad\u0131?  <\/p>\n<p> Kocas\u0131n\u0131n \u00fczerindeki bombay\u0131 patlatt\u0131ktan sonra kendi \u00fczerindeki bombay\u0131 patlatmaya \u00e7al\u0131\u015ft\u0131\u011f\u0131n\u0131 s\u00f6yledi. Bu nas\u0131l olabilir?  <\/p>\n<p> \u00dcrd\u00fcn Ba\u015fbakan Yard\u0131mc\u0131s\u0131 Mervan Mua\u015fir&#39;in eline tutu\u015fturulan el yazmas\u0131 metinle, Sacide&#39;nin eline verilen metin neden farkl\u0131?  <\/p>\n<p> Sald\u0131rganlar\u0131n \u00fczerindeki bombalar nas\u0131l bu kadar b\u00fcy\u00fck hasar verebiliyor?  <\/p>\n<p> \u00d6lenler neden \u00e7ok \u00f6nemli ve neden hepsi \u0130srail&#39;in sevmedi\u011fi isimler?  <\/p>\n<p> Mustafa Akkad; \u00c7a\u011fr\u0131 ve \u00c7\u00f6l Arslan\u0131 filmleriyle M\u00fcsl\u00fcman d\u00fcnyada yeri doldurulamayacak bir isim. \u00dcrd\u00fcn&#39;de Kud\u00fcs&#39;\u00fcn fethini i\u015fleyen &quot;Selahaddin&quot; filminin haz\u0131rl\u0131klar\u0131n\u0131 yap\u0131yordu.  <\/p>\n<p> A\u011f\u0131r kay\u0131plar veren d\u00fc\u011f\u00fcn sahipleri. Biri \u00c7erkes di\u011feri Arap. Filistin direni\u015finde \u015fehitler veren bir ailenin d\u00fc\u011f\u00fcn\u00fcne sald\u0131r\u0131 yap\u0131ld\u0131.  <\/p>\n<p> Ya \u00f6len Filistinli \u00fcst d\u00fczey yetkililer? Bat\u0131 \u015eeria \u0130stihbarat \u015eefi Be\u015fir Nafi, Yard\u0131mc\u0131s\u0131 Abid Alluni, Filistin&#39;in Kahire B\u00fcy\u00fckel\u00e7ilik Ata\u015fesi Cihad Fettoh, Filistin Yasama Meclisi S\u00f6zc\u00fcs\u00fc Ravhi Fettoh&#39;un karde\u015fi ve Kahire-Amman Bank&#39;\u0131n Filistin sorumlusu Musab Kaharma. Devam edelim: \u00c7inli \u00fc\u00e7 Savunma Koleji &quot;\u00f6\u011frenci&quot;si \u00f6ld\u00fc. Nedense hepsi 40 ya\u015f\u0131n \u00fcst\u00fcnde. Bu ya\u015fta &quot;\u00f6\u011frenci&quot; olur mu? Ve ger\u00e7ekler:  <\/p>\n<p> Filistin lideri Mahmut Abbas ilk ziyaretlerinden birini \u00c7in&#39;e yapt\u0131. Filistin&#39;in BM&#39;deki en g\u00fc\u00e7l\u00fc destek\u00e7isi de \u00c7in. Bulu\u015fma \u00f6nemliydi. Filistin savunmas\u0131 i\u00e7in g\u00f6r\u00fc\u015fmeler, silah anla\u015fmalar\u0131 yap\u0131lacakt\u0131. Suriye&#39;nin Rusya&#39;dan hava savunma sistemleri almas\u0131n\u0131 engellemek i\u00e7in \u0130srail&#39;in d\u00fcnyay\u0131 aya\u011fa kald\u0131rd\u0131\u011f\u0131n\u0131 hat\u0131rlatmaya gerek yok.  <\/p>\n<p> \u0130srail&#39;in Haaretz gazetesi, sald\u0131r\u0131dan bir saat \u00f6nce \u0130sraillilerin Radisson SAS Oteli&#39;nden tahliye edildi\u011fini yazd\u0131.  <\/p>\n<p> \u00dcrd\u00fcn ABD\/\u0130srail istihbarat\u0131 taraf\u0131ndan y\u00f6netilen bir \u00fclke. ABD bir\u00e7ok yerde Mossad yerine \u00dcrd\u00fcn istihbarat\u0131 ile \u00e7al\u0131\u015f\u0131yor. Olaydan sonra \u00dcrd\u00fcn&#39;\u00fcn \u0130srail B\u00fcy\u00fckel\u00e7isi Maruf El-Bahit g\u00fcvenli\u011fin ba\u015f\u0131na getirildi.\u00a0 Kim yapt\u0131 sald\u0131r\u0131lar\u0131? \u0130srail olamaz m\u0131? Kimin yard\u0131m\u0131yla? \u00dcrd\u00fcn istihbarat\u0131n\u0131n&#8230; Ya Zerkavi? ABD\/\u0130srail istihbarat\u0131n\u0131n elinde oyuncak olan ne kadar M\u00fcsl\u00fcman var, biliyor musunuz?<a name=\"_ftnref5\" href=\"#_ftn5\" title=\"_ftnref5\">[5]<\/a>  <\/p>\n<p> \u00a0 <strong>Milli G\u00f6r\u00fc\u015f i\u00e7in &quot;Bunlar\u0131m k\u00f6k\u00fcn\u00fc kurutmal\u0131y\u0131z!&quot; diyen Bilderberg Masonu B\u00fclent Ecevit, Acaba Fetullah\u00e7\u0131lara niye b\u00f6yle sahip \u00e7\u0131k\u0131yor?!<\/strong>  <\/p>\n<p> Yurtd\u0131\u015f\u0131nda a\u00e7\u0131lan T\u00fcrk okullar\u0131n\u0131 \u00f6vd\u00fc\u011f\u00fc i\u00e7in kendisine \u00e7e\u015fitli \u00e7evrelerin k\u0131zd\u0131\u011f\u0131n\u0131; ancak buna hi\u00e7 ald\u0131rmad\u0131\u011f\u0131n\u0131 s\u00f6yleyen eski Ba\u015fbakan B\u00fclent Ecevit, &quot;Ama art\u0131k daha fazla y\u00fcklenmiyorlar. Kabullenmi\u015f g\u00f6z\u00fck\u00fcyorlar. San\u0131yorum al\u0131\u015ft\u0131lar. T\u00fcrk okullar\u0131na destek vermeye devam edece\u011fim.&quot; dedi.  <\/p>\n<p> Edit\u00f6rl\u00fc\u011f\u00fcn\u00fc Toktam\u0131\u015f Ate\u015f, Eser Karaka\u015f ve \u0130lber Ortayl\u0131&#39;n\u0131n yapt\u0131\u011f\u0131 ve d\u00fcnyan\u0131n farkl\u0131 co\u011frafyalar\u0131nda a\u00e7\u0131lan 500&#39;e yak\u0131n T\u00fcrk okulunun \u00f6yk\u00fcs\u00fcn\u00fcn yer ald\u0131\u011f\u0131 kitaba duygular\u0131n\u0131 anlatan Ecevit, bu okullar\u0131 g\u00f6rd\u00fck\u00e7e b\u00fcy\u00fck mutluluk ya\u015fad\u0131\u011f\u0131n\u0131 s\u00f6yledi. Yurtd\u0131\u015f\u0131ndaki okullar\u0131n a\u00e7\u0131lmas\u0131nda Fethullah G\u00fclen&#39;in te\u015fviklerinin \u00e7ok \u00f6nemli katk\u0131s\u0131n\u0131n bulundu\u011fu belirten Ecevit, &quot;Kendisiyle tan\u0131\u015f\u0131kl\u0131\u011f\u0131m var. Okullara b\u00fcy\u00fck \u00f6nem veriyorum. 15 y\u0131ld\u0131r bu insanlar\u0131n d\u0131\u015far\u0131da yapt\u0131\u011f\u0131 e\u011fitim faaliyetlerini izliyorum. G\u00f6rd\u00fcklerimden b\u00fcy\u00fck mutluluk duydum. \u00c7\u00fcnk\u00fc bu insanlar hangi \u00fclkede olursa olsun \u00e7a\u011fda\u015f e\u011fitim yap\u0131yorlar. B\u00fct\u00fcn \u00f6\u011frencilerine T\u00fcrk\u00e7e \u00f6\u011fretiyorlar. Bu \u00e7ok b\u00fcy\u00fck bir hizmettir. \u00d6nce ulusal bir hizmet, sonra insani bir hizmettir.&quot; \u015feklinde konu\u015ftu.<a name=\"_ftnref6\" href=\"#_ftn6\" title=\"_ftnref6\">[6]<\/a>  <\/p>\n<p> <strong>28 \u015eubat D\u0131\u015f destekli yap\u0131l\u0131yor!<\/strong>  <\/p>\n<p> Eski \u0130\u00e7i\u015fleri Bakan\u0131 Meral Ak\u015fener&#39;e g\u00f6re 28 \u015eubat&#39;\u0131n arkas\u0131nda Anadolu sermayesini engellemek isteyen \u0130stanbul burjuvazisi var. Ak\u015fener &#39;Bug\u00fcn ayn\u0131 \u015feyi yapamazlar \u00e7\u00fcnk\u00fc Uzan \u00f6rne\u011fi korkutucu&quot; diyor. Ak\u015fener, \u0130stanbul burjuvazisi i\u00e7in \u015f\u00f6yle konu\u015fuyor. &quot;Refahyol H\u00fck\u00fcmeti d\u00f6neminde ortada bir pasta vard\u0131. \u0130yi ya da k\u00f6t\u00fc bu pasta bir \u015fekilde payla\u015f\u0131lm\u0131\u015ft\u0131. Anadolu&#39;dan gelen Anadolu Kaplanlar\u0131 diye adland\u0131rd\u0131\u011f\u0131m\u0131z bir ba\u015fka sermaye daha vard\u0131. O da elini uzatt\u0131 bu pastadan kapmak i\u00e7in. \u0130stanbul Anadolu&#39;dan gelen bu akt\u00f6rlere k\u0131rm\u0131z\u0131 kart \u00e7\u0131kard\u0131. \u0130stanbul medyay\u0131 tetikledi. Medya askeri, asker yarg\u0131y\u0131&#8230;&quot;  <\/p>\n<p> &quot;O d\u00f6nemin akt\u00f6rleri a\u00e7\u0131s\u0131ndan bak\u0131ld\u0131\u011f\u0131 zaman bir iktidar gitti. \u0130rticay\u0131 yok edelim derken, T\u00fcrkiye&#39;nin 40 -50 milyon dolar\u0131 \u00e7al\u0131nd\u0131. Birileri durumdan vazife \u00e7\u0131kard\u0131, h\u0131rs\u0131zl\u0131k yapt\u0131&quot; diyen Ak\u015fener \u015f\u00f6yle devam ediyor: &quot;28 \u015eubat&#39;\u0131n T\u00fcrkiye&#39;den ka\u00e7\u0131r\u0131lan paralar anlam\u0131nda daha \u00f6nemli oldu\u011funu d\u00fc\u015f\u00fcn\u00fcyorum&#8230; Elinde silah\u0131 olmayan ba\u015f\u00f6rt\u00fcl\u00fc k\u0131zlar\u0131, \u0130mam Hatip Lisesi \u00f6\u011frencilerini birinci tehdit olarak kabul ettiniz. Bug\u00fcn Ba\u015fbakan ile samimisiniz. O g\u00fcn siz paranoyak m\u0131yd\u0131n\u0131z yoksa g\u00f6r\u00fc\u015fleriniz mi de\u011fi\u015fti? 28 \u015eubat hakk\u0131nda tek \u00f6ng\u00f6remedi\u011fim konu vard\u0131 o da ben bunun hep i\u00e7 kaynakl\u0131 oldu\u011funu d\u00fc\u015f\u00fcnm\u00fc\u015ft\u00fcm, me\u011fer d\u0131\u015f destekliymi\u015f. ABD olabilir, \u0130srail olabilir. O konu biraz flu. \u015e\u00f6yle bir tabloya bakt\u0131\u011f\u0131n\u0131z zaman zaten g\u00f6rebilirsiniz&#8230;&quot;  <\/p>\n<p> <strong>Fehmi Koruya G\u00f6re, AKP&#39;yi \u00c7evik Bir Pazarl\u0131yor!<\/strong>  <\/p>\n<p> <strong>&quot;\u00c7orbadaki tuz&quot; <\/strong> <\/p>\n<p> Devir nas\u0131l ve ne \u00e7abuk de\u011fi\u015fiyor&#8230; Ge\u00e7enlerde, 28 \u015eubat s\u00fcrecinin &#39;kudretli&#39; ki\u015fisi, emekli Org. \u00c7evik Bir&#39;le kar\u015f\u0131la\u015ft\u0131m. D\u00fczenledi\u011fi \u00f6nemli bir stratejik toplant\u0131ya kat\u0131lmaya s\u00f6z vermi\u015ftim; gidebilseydim, kendisiyle daha \u00f6nce biraraya gelmi\u015f olacakt\u0131m. \u0130lk s\u00f6z\u00fc, &quot;Toplant\u0131ya bekledik, gelmediniz&quot; oldu \u00c7evik Bir&#39;in&#8230; M\u00e2zeretimi aktard\u0131m.  <\/p>\n<p> Org. Bir emekli olduktan sonra baz\u0131 kurumlara dan\u0131\u015fmanl\u0131k yap\u0131yor, stratejik a\u011f\u0131rl\u0131kl\u0131 bir derginin de y\u00f6neticisi. Ayak\u00fcst\u00fc g\u00f6r\u00fc\u015f\u00fcrken yan\u0131m\u0131zda beliriveren Rusya&#39;n\u0131n Ankara b\u00fcy\u00fckel\u00e7isi Lebedev, &quot;\u0130lgin\u00e7 konular g\u00f6r\u00fc\u015f\u00fcld\u00fc&quot; dedi kat\u0131lamad\u0131\u011f\u0131m toplant\u0131 i\u00e7in, \u00c7evik Bir&#39;den konu\u015fma metinlerini talep etti. \u0130\u00e7imden &quot;Ke\u015fke gidebilseydim&quot; d\u00fc\u015f\u00fcncesinin ge\u00e7ti\u011fini tahmin edebilirsiniz.  <\/p>\n<p> &quot;Rusya NATO&#39;ya kat\u0131lacak. \u0130lk yapmas\u0131 gereken, ordusunun sil\u00e2h ve gere\u00e7lerini NATO standartlar\u0131na y\u00fckseltmek. Bunun i\u00e7in 100 milyar dolarl\u0131k bir fon kullanacak. Bu furyadan T\u00fcrkiye de yararlanabilir. Kom\u015fu oldu\u011fumuzu d\u00fc\u015f\u00fcn\u00fcrseniz, &#39;yenilenme&#39; kapsam\u0131nda yapacaklar\u0131 harcamalar\u0131n \u00fc\u00e7te biri bize gelebilir. Bunlar\u0131 biliyor muydunuz?&quot; Bu tespit ve soru Org. Bir&#39;e ait; benim yutkundu\u011fumu g\u00f6r\u00fcnce, &quot;Belki biliyorsunuz, ama yaz\u0131lar\u0131n\u0131zda pek de\u011finmiyorsunuz&quot; deyiverdi&#8230;  <\/p>\n<p> Yutkunmam\u0131n bilmekle, ya da yazmad\u0131\u011f\u0131m i\u00e7in tedirginlik duymakla bir ilgisi yoktu. Benim zihnim, o tespitin kafama \u00fc\u015f\u00fc\u015ft\u00fcrd\u00fc\u011f\u00fc bir konudayd\u0131. Dayanamay\u0131p a\u011fz\u0131mdan \u00e7\u0131kard\u0131m: &quot;\u0130yi de&#8230;&quot; dedim &quot;Kendi ger\u00e7ekle\u015ftirebilece\u011fi tank modernizasyonunu, bir milyar dolara yak\u0131n bir mebl\u00e2\u011f mukabilinde \u0130srail&#39;e devreden T\u00fcrkiye&#39;ye, sil\u00e2h ve gere\u00e7lerinin modernle\u015fmesi i\u015fini Rusya neden versin?&quot; San\u0131r\u0131m benim sorum da \u00c7evik Bir&#39;i d\u00fc\u015f\u00fcnd\u00fcrtt\u00fc&#8230;  <\/p>\n<p> En az bir ay eski bu olay\u0131 neden \u015fimdi hat\u0131rlad\u0131\u011f\u0131m\u0131 merak ediyorsunuzdur. Ben merak ederim \u00e7\u00fcnk\u00fc. Sebebi basit: \u0130\u015fitti\u011fim yeni bir olay \u00c7evik Bir&#39;i g\u00fcndemimin birinci s\u0131ras\u0131na oturttu da ondan&#8230;  <\/p>\n<p> D\u00fcn de de\u011finmi\u015ftim. Bizim gazetelerin Ak Parti zaferinden duyduklar\u0131 deh\u015feti man\u015fetlerine ta\u015f\u0131d\u0131klar\u0131 g\u00fcne, piyasalar, olduk\u00e7a tedirgin ba\u015flad\u0131lar. Dolar 1.725 bin liradan i\u015flem g\u00f6rd\u00fc ilk saat. Borsa a\u00e7\u0131l\u0131nca spek\u00fclat\u00f6rler &#39;sat\u0131\u015f&#39; e\u011filimlerini d\u0131\u015fa vurdular. Faizlerin tavana vuraca\u011f\u0131 hissi yay\u0131ld\u0131&#8230; Ancak, bu ilk saatin \u015fa\u015fk\u0131nl\u0131\u011f\u0131, Londra, Br\u00fcksel ve Frankfurt&#39;ta mesainin ba\u015flamas\u0131yla ge\u00e7iverdi. Yabanc\u0131 finans kurumlar\u0131 yeni h\u00fck\u00fcmete \u015fans tan\u0131yacaklar\u0131n\u0131 a\u00e7\u0131k bir dille ifade ettiler. Ak Parti&#39;nin korkulacak bir y\u00f6n\u00fc bulunmad\u0131\u011f\u0131n\u0131 bizim yat\u0131r\u0131mc\u0131lar bile yabanc\u0131 mukabillerinden \u00f6\u011frendiler. Piyasan\u0131n \u015fi\u015fi indi. Dolar s\u00e2kinle\u015fti, borsa \u00e7\u0131kt\u0131, faiz d\u00fc\u015ft\u00fc&#8230;  <\/p>\n<p> Bu geli\u015fmede, Ak Parti&#39;nin ekonomik kurmaylar\u0131n\u0131n baz\u0131 Bat\u0131l\u0131 ba\u015fkentlere yapt\u0131klar\u0131 \u00e7\u0131kartman\u0131n pay\u0131 elbette var. Ali Babacan ile Prof. Naz\u0131m Ekren&#39;in ba\u015f\u0131n\u0131 \u00e7ekti\u011fi kurmaylar, Amerikal\u0131lar\u0131n &#39;road-show\u00b4dedikleri turda, partilerini ve izleyecekleri ekonomik program\u0131 yabanc\u0131 uzmanlara anlatt\u0131lar&#8230; Muhataplar\u0131n\u0131 etkilediklerini biliyorum&#8230; &#39;Davos Toplant\u0131lar\u0131&#39; diye de an\u0131lan &#39;World Economic Forum&#39; toplant\u0131s\u0131 i\u00e7in gitti\u011fi New York&#39;ta, ABD&#39;nin \u00f6nde gelen finans kurulu\u015flar\u0131yla Tayyip Erdo\u011fan da bizzat kar\u015f\u0131 kar\u015f\u0131ya gelmi\u015fti. Muhataplar\u0131n\u0131 etkiledi\u011finin yak\u0131n tan\u0131\u011f\u0131y\u0131m.  <\/p>\n<p> T\u00fcrkiye&#39;yi \u00f6nemli bir pazar olarak g\u00f6ren yabanc\u0131 yat\u0131r\u0131mc\u0131lar\u0131n, yaln\u0131zca parti yetkililerin anlatt\u0131klar\u0131yla g\u00fcven hissine kap\u0131lacaklar\u0131n\u0131 herhalde sanmazs\u0131n\u0131z. A\u011f\u0131zlar\u0131ndan &#39;farkl\u0131&#39; g\u00f6r\u00fc\u015f duyabilecekleri ki\u015fileri de d\u00e2vet edip konu\u015fturdu yabanc\u0131 firmalar. T\u00fcrkiye&#39;ye para yat\u0131ranlar\u0131n ger\u00e7ek durumu &#39;farkl\u0131&#39; uzmanlar\u0131n a\u011fz\u0131ndan \u00f6\u011frenmek istemelerini anlay\u0131\u015fla kar\u015f\u0131lamal\u0131s\u0131n\u0131z. Hi\u00e7 de\u011filse ben bunu anlayabiliyorum.  <\/p>\n<p> Ancak, bir ad var ki, onun bu \u00e7orbada tuzu bulundu\u011funu \u00f6\u011frenmek beni m\u00fcthi\u015f \u015fa\u015f\u0131rtt\u0131: Org. \u00c7evik Bir&#8230; Yanl\u0131\u015f anlamaman\u0131z i\u00e7in hemen kaydedeyim: Bir ay \u00f6nceki Rusya b\u00fcy\u00fckel\u00e7isinin de bulundu\u011fu o tesad\u00fcfi g\u00f6r\u00fc\u015fmeden sonra \u00c7evik Bir&#39;i g\u00f6rm\u00fc\u015f veya kendisiyle g\u00f6r\u00fc\u015fm\u00fc\u015f de\u011filim. \u015eimdi size aktaraca\u011f\u0131m bilgiyi onun a\u011fz\u0131ndan duymad\u0131m. O bak\u0131mdan m\u00fcsterih olabilirsiniz.  <\/p>\n<p> D\u00fcnyan\u0131n bir\u00e7ok ba\u015fkentinde b\u00fcrolar\u0131 bulunan Deutsche Bank&#39;\u0131n T\u00fcrkiye&#39;ye ilgisi biliniyor. Bilmeyenler, bizdeki se\u00e7imle ilgili Konda&#39;ya anket yapt\u0131rmas\u0131ndan \u00f6\u011frenmi\u015flerdir. \u0130\u015fte o Deutsche Bank ve Morgan Stanley, Chase Manhattan, Moore Capital, American Express gibi finans kurumlar\u0131n\u0131n T\u00fcrkiye&#39;ye ilgi duyan uzmanlar\u0131, ba\u015fka tan\u0131kl\u0131klar yan\u0131nda Org. \u00c7evik Bir&#39;in g\u00f6r\u00fc\u015flerine de ba\u015fvurdular&#8230; \u00c7evik Bir, bazen tek ba\u015f\u0131na bazen ortak yap\u0131lan toplant\u0131larda, uzmanlara, T\u00fcrkiye&#39;deki siyasi durumu anlatt\u0131, onlar\u0131n sorular\u0131n\u0131 cevaplad\u0131. Birer g\u00fcn kald\u0131\u011f\u0131 Londra&#39;da 18, New York&#39;ta 10 \u00f6nemli kurumun etkili ve yetkili ismi kar\u015f\u0131s\u0131nda konu\u015ftu \u00c7evik Bir&#8230;  <\/p>\n<p> &quot;Ne dedi?&quot; mi dediniz?.. Ak Parti&#39;nin tek ba\u015f\u0131na iktidar olma ihtimalinin b\u00fcy\u00fckl\u00fc\u011f\u00fcnden s\u00f6z etti. Bunun korkulacak bir \u015fey olmad\u0131\u011f\u0131n\u0131 da s\u00f6yledi. Bana aktaran \u015fu c\u00fcmlenin onun a\u011fz\u0131ndan \u00e7\u0131kt\u0131\u011f\u0131na emindi: &quot;Ge\u00e7mi\u015fte onlar da biz de hata yapt\u0131k&#8230;&quot;  <\/p>\n<p> Mesut Y\u0131lmaz&#39;\u0131n kuzeni Mehmet Kutman&#39;\u0131n destekledi\u011fi \u00c7evik Bir&#39;li &#39;yabanc\u0131lar\u0131 ayd\u0131nlatma&#39; gezisine, Verso ara\u015ft\u0131rma \u015firketinin ba\u015fkan\u0131 Dr. Erhan G\u00f6ksel&#39;in de kat\u0131ld\u0131\u011f\u0131n\u0131 \u00f6\u011frendim&#8230;  <\/p>\n<p> Se\u00e7im sonu\u00e7lar\u0131n\u0131 yans\u0131tmak i\u00e7in &quot;Merak etmeyin, ordu var&quot; man\u015feti atmay\u0131 d\u00fc\u015f\u00fcnen &#39;e\u015fek \u015fakas\u0131&#39; merakl\u0131lar\u0131, umduklar\u0131 geli\u015fmelerin ya\u015fanmamas\u0131nda \u00c7evik Bir&#39;in de rol\u00fc oldu\u011funu \u00f6\u011frenince bakal\u0131m ne diyecekler?<a name=\"_ftnref7\" href=\"#_ftn7\" title=\"_ftnref7\">[7]<\/a>  <\/p>\n<p> <strong>Pa\u015falar da \u015fa\u015f\u0131rt\u0131yor!<\/strong>  <\/p>\n<p> <strong>Atat\u00fcrk de Askerdi!..<\/strong>  <\/p>\n<p> Kurtulu\u015f sava\u015f\u0131 \u00f6ncesinde ger\u00e7ekle\u015fti\u011fi anlat\u0131lan bir olay\u0131 sizlerle payla\u015farak konuya ba\u015flamak istiyorum:  <\/p>\n<p> Birinci D\u00fcnya Sava\u015f\u0131 kaybedilmi\u015f, d\u00fc\u015fman yava\u015f yava\u015f vatan\u0131 i\u015fgale ba\u015flam\u0131\u015f. Bu arada Mustafa Kemal, geni\u015f yetkilerle Ordu m\u00fcfetti\u015fi olarak Samsun&#39;a g\u00f6nderilmi\u015f, yurt i\u00e7ince dola\u015f\u0131p te\u015fkilatlanmaya ve m\u00fccadeleye ba\u015flamaya \u00e7al\u0131\u015f\u0131yor. Sene 1919.  <\/p>\n<p> Bir g\u00fcn yolda giderken, arabas\u0131n\u0131 durdurup yolun kenar\u0131nda karasaban&#39;la tarlas\u0131n\u0131 s\u00fcren bir gen\u00e7 ile konu\u015fmaya ba\u015fl\u0131yor. (\u00d6zellikle baz\u0131 isimleri vermeyece\u011fim. Maksat, kimseyi \u00fczmek de\u011fil, olaylardan ders \u00e7\u0131kartmakt\u0131r). Atat\u00fcrk, o s\u0131ralarda hen\u00fcz Mustafa Kemal, gen\u00e7 k\u00f6yl\u00fcye diyor ki, &quot;bak vatan i\u015fgal alt\u0131na giriyor, sen burada ne yap\u0131yorsun?&quot; Gen\u00e7 de, &quot;Vallah bey, benim i\u00e7in vatan i\u015fte \u015fu tarla. Onu s\u00fcrer, verim al\u0131r, bir \u015feyler kazan\u0131rsam, benim derdim yok, i\u015fim halledildi demektir&quot; diye cevap veriyor. Ata bir\u015fey demiyor, yola devam ediyor, ama can\u0131 \u00e7ok s\u0131k\u0131lm\u0131\u015f, derin d\u00fc\u015f\u00fcncelere dalm\u0131\u015f gidiyor.  <\/p>\n<p> Saatler sonra yol d\u00f6n\u00fcyor. G\u00fcneye inerken, yolda ba\u015fka bir gen\u00e7 g\u00f6r\u00fcyorlar. Adamca\u011f\u0131z, sa\u011fa-sola ko\u015fturup, her ge\u00e7en vas\u0131tay\u0131 durdurmaya \u00e7al\u0131\u015f\u0131yor. Mustafa Kemal \u015fof\u00f6re durmas\u0131n\u0131 s\u00f6yl\u00fcyor, &quot;hayrola delikanl\u0131, bir s\u0131k\u0131nt\u0131n m\u0131 var? Niye b\u00f6yle tela\u015fl\u0131s\u0131n, niye t\u00fcm vas\u0131talara ko\u015fturuyorsun?&quot; diye soruyor. Gen\u00e7 heyecanla cevap veriyor: &quot;Bey, ben Erzurumluyum. Duydum ki birileri bizim oralar\u0131 birilerine vermi\u015f, ben de oraya yeti\u015fip, &#8216;kimin mal\u0131n\u0131, kime veriyorsunuz?&#39; demek i\u00e7in vas\u0131ta ar\u0131yorum&quot; demi\u015f. O zaman, derin bir nefes alan Mustafa Kemal, &quot;bu insanlar var olduk\u00e7a, bu vatan\u0131 hen\u00fcz mahvedemezler&quot; diyerek, azimle bir sonraki toplant\u0131ya gitmi\u015f. (Bu olay ger\u00e7ekle\u015fmi\u015f ve do\u011frulanm\u0131\u015f an\u0131lar aras\u0131nda yer alm\u0131\u015ft\u0131r).  <\/p>\n<p> Emekli Orgeneral Necati \u00d6zgen Pa\u015fa bizim de y\u0131llard\u0131r kar\u015f\u0131 \u00e7\u0131kt\u0131\u011f\u0131m\u0131z ba\u015f\u00f6rt\u00fcs\u00fc yasa\u011f\u0131 konusunda \u00e7ok \u00f6nemli bir a\u00e7\u0131klamada bulundu. \u00d6ncelikle kendisinin M\u00fcsl\u00fcman oldu\u011funu, dininin bir\u00e7ok emrini itinayla yerine getirdi\u011fini belirtti. Bizim ihtiyac\u0131m\u0131z olmasa da T\u00fcrkiye&#39;de b\u00fcy\u00fck bir kesimin bunu bilmesinde fayda g\u00f6rd\u00fc\u011f\u00fcm\u00fcz i\u00e7in bu s\u00f6zler \u00f6nemliydi. \u00d6zellikle sol ayd\u0131nlar\u0131n T\u00fcrk ordusunu M\u00fcsl\u00fcman de\u011filmi\u015f gibi g\u00f6stermeye \u00e7al\u0131\u015ft\u0131\u011f\u0131 ve maalesef bir\u00e7ok insan\u0131n da bu yaygaraya kurban oldu\u011fu bir \u00fclkede bunun bilinmesinde fayda var.  <\/p>\n<p> Orgeneral \u00d6zgen, ba\u015f\u00f6rt\u00fcs\u00fc konusunda a\u00e7\u0131k ve net bir ifadeyle, &quot;Asker asla ba\u015f\u00f6rt\u00fcs\u00fcne kar\u015f\u0131 de\u011fil. Bizim kar\u015f\u0131 oldu\u011fumuz onun t\u00fcrban \u015feklinde ba\u011flanmas\u0131d\u0131r&quot; dedi. Program\u0131 yapan kendilerine, &quot;Sizin bu a\u00e7\u0131klamalar\u0131n\u0131z\u0131 dinleyen k\u0131zlar yar\u0131n ba\u015f\u00f6rt\u00fcs\u00fc ile \u00fcniversitelerin kap\u0131s\u0131na dayansa girebilecekler mi&quot; diye sorunca, \u00f6nemli bir a\u00e7\u0131klamada bulunarak, &quot;Ba\u015f\u00f6rt\u00fcs\u00fcyle de\u011fil \u00fcniversite, askeri alanlar\u0131n tamam\u0131na \u00e7ok rahat girip \u00e7\u0131kabilirler&quot; dedi. \u00d6zgen bu a\u00e7\u0131klamalar\u0131 yaparken samimi oldu\u011funa inand\u0131\u011f\u0131m\u0131z bir \u015fekilde g\u00f6r\u00fc\u015f\u00fcn\u00fc Kur&#39;an-\u0131 Kerim&#39;e dayand\u0131rmaktan \u00e7ekinmedi. \u0130\u015fte s\u00f6zleri: &quot;A\u00e7\u0131n Kur&#39;an&#39;a bak\u0131n. Onda t\u00fcrban diye bir ifadeye rastlayamazs\u0131n\u0131z. M\u00fcsl\u00fcman kad\u0131ndan istenen \u015fey, g\u00f6\u011f\u00fcslerini \u00f6rtecek \u015fekilde ba\u015f\u00f6rt\u00fcs\u00fc kullanmas\u0131d\u0131r!&quot;  <\/p>\n<p> \u015eu S\u00f6zler de: Antalya&#39;da bir a\u00e7\u0131k oturuma kat\u0131lan 1. Ordu eski Komutan\u0131 Emekli Orgeneral Hur\u015fit Tolon&#39;a ait. E. Org. Tolon&#39;un konu\u015fmas\u0131n\u0131n \u00f6nemli b\u00f6l\u00fcmleri \u015f\u00f6yle devam ediyor: &quot;T\u00fcrkiye bu d\u00f6nemde \u00e7ok b\u00fcy\u00fck bir bor\u00e7 sarmal\u0131n\u0131n da i\u00e7ine s\u00fcr\u00fcklendi ve bu bor\u00e7 sarmal\u0131 bug\u00fcn T\u00fcrkiye&#39;yi ipotek alt\u0131nda b\u0131rakt\u0131.\u00a0 \u0130\u00e7 ve d\u0131\u015f geli\u015fmeler T\u00fcrkiye&#39;nin varl\u0131\u011f\u0131n\u0131 ve b\u00fct\u00fcnl\u00fc\u011f\u00fcn\u00fc yak\u0131n gelecekte s\u0131k\u0131nt\u0131ya sokacak tarzda cereyan etmektedir.  <\/p>\n<p> Zaman, T\u00fcrkiye&#39;nin aleyhine i\u015flemektedir. E\u011fer T\u00fcrkiye gerekli tedbirleri almaz, olaylar\u0131 seyreder ve olaylar\u0131n geli\u015fmesinde inisiyatifi T\u00fcrkiye d\u00fc\u015fmanlar\u0131na b\u0131rak\u0131rsa, onlar son hamlelerini yapmaya ba\u015flad\u0131klar\u0131nda vakit \u00e7ok ge\u00e7 olur.  <\/p>\n<p> T\u00fcrkiye &#8211; AB ili\u015fkilerinde ya\u015fanan belirsizlikler bir an \u00f6nce giderilmeli, T\u00fcrkiye az\u0131nl\u0131klar, federal yap\u0131, K\u0131br\u0131s ve buna benzer konularda olmazsa olmazlar\u0131n\u0131 ortaya koymal\u0131 ve bu konular AB taraf\u0131ndan kabul edildikten sonra yola devam edilmeli. Bu durumda\u00a0 m\u00fczakereler olumsuz sonu\u00e7lansa bile kaybedilen kol de\u011fil, sakal olacakt\u0131r.  <\/p>\n<p> Tedbir al\u0131nmazsa Kuzey Irak, Kuzey Vietnam&#39;\u0131n rol\u00fcn\u00fc oynayabilir. (&#8230;) Kuzey Irak&#39;ta \u00c7eki\u00e7 G\u00fc\u00e7 himayesinde 10 y\u0131lda nereden nereye gelindi\u011fi unutulmam\u0131\u015ft\u0131r. Etnik ayr\u0131mc\u0131l\u0131k sorunu \u00f6n\u00fcm\u00fczdeki 10-20 y\u0131l\u0131n en \u00f6nemli sorunu olarak taraf\u0131mdan de\u011ferlendirilmektedir: T\u00fcrkiye \u00e7ok ak\u0131lc\u0131 yeni politikalar ve projeler geli\u015ftirmek zorundad\u0131r.&quot;  <\/p>\n<p> <strong>Ankara&#39;n\u0131n &quot;K\u00fcrt kart\u0131&quot; karar\u0131yor!&#8230;<\/strong>  <\/p>\n<p> Kara Kuvvetleri Komutan\u0131 Ya\u015far B\u00fcy\u00fckan\u0131t, ge\u00e7ti\u011fimiz Cumhuriyet Bayram\u0131 resepsiyonunda \u015f\u00f6yle diyordu: &quot;1997 sonbahar\u0131nda onu Celal Talabani ve PKK&#39;n\u0131n elinden kurtaran bizdik. Yoksa Barzani ka\u00e7mak \u00fczereydi. \u015eimdi \u00e7\u0131km\u0131\u015f, &#8216;ter\u00f6r i\u00e7in demokratik ve siyasi \u00e7\u00f6z\u00fcm bulun&#39; diyor. Barzani&#39;yi tan\u0131yam\u0131yorum do\u011frusu.&quot;  <\/p>\n<p> Ancak ayn\u0131 ortamdaki Genelkurmay Ba\u015fkan\u0131 Hilmi \u00d6zk\u00f6k&#39;\u00fcn de\u011ferlendirmeleri, B\u00fcy\u00fckan\u0131t&#39;a Barzani&#39;yi gayet a\u00e7\u0131k bi\u00e7imde tan\u0131t\u0131yordu: &quot;Barzani bir a\u015firet lideriydi; biz \u00f6yle g\u00f6r\u00fcyorduk. Ama durum de\u011fi\u015fti. Bu de\u011fi\u015fikli\u011fi kabul etmemiz gerekiyor. Talabani&#39;yi de \u00f6yle g\u00f6r\u00fcyorduk, \u015fimdi Irak Cumhurba\u015fkan\u0131. Yar\u0131n Irak Cumhurba\u015fkan\u0131 olarak T\u00fcrkiye&#39;yi ziyaret etmek isteyecek. O g\u00fcn nas\u0131l davranaca\u011f\u0131z? Irak&#39;\u0131 tan\u0131yorsak, bu de\u011fi\u015fen ko\u015fullara g\u00f6re hareket edece\u011fiz.&quot;  <\/p>\n<p> Farkl\u0131 gibi g\u00f6r\u00fcnen bu iki demecin asl\u0131nda birbirini tamamlad\u0131\u011f\u0131 s\u00f6ylenebilir. Birinde serzeni\u015f, \u00f6tekinde &quot;reel politik&quot; var.  <\/p>\n<p> Peki bu konuda &quot;reel politik&quot; nedir, diye soranlar\u0131n art\u0131k yorulmas\u0131na gerek kalmad\u0131. M\u0130T M\u00fcste\u015far\u0131 Emre Taner ba\u015fkanl\u0131\u011f\u0131ndaki bir heyetin, uluslar aras\u0131 temaslar\u0131 \u00f6ncesinde Mesud Barzani&#39;yle yapt\u0131\u011f\u0131 g\u00f6r\u00fc\u015fme, ayr\u0131nt\u0131lar\u0131na bak\u0131lmaks\u0131z\u0131n bize \u00f6nemli ipu\u00e7lar\u0131 veriyor. Bu g\u00f6r\u00fc\u015fmenin bir ilk olmad\u0131\u011f\u0131n\u0131 asl\u0131nda herkes biliyor. Bundan sonra daha s\u0131kl\u0131kla ve sonuncusunda oldu\u011fu gibi &quot;\u00fcst d\u00fczeyde&quot; devam edece\u011fini de.  <\/p>\n<p> Ba\u015fbakan&#39;\u0131n &quot;K\u00fcrt sorunu&quot; a\u00e7\u0131klamas\u0131, ard\u0131ndan \u00d6zk\u00f6k&#39;\u00fcn yukar\u0131daki s\u00f6zleri. Barzani&#39;nin Bush, Blair ve Papa temaslar\u0131 i\u00e7in \u0130ncirlik&#39;ten u\u00e7mas\u0131na izin verilmesi ve \u015fimdi de M\u0130T M\u00fcste\u015far\u0131&#39;n\u0131n yapt\u0131\u011f\u0131 g\u00f6r\u00fc\u015fme. Bunlar, art\u0131k herkesin ifade etti\u011fi \u00fczere, Ankara&#39;n\u0131n yeni Irak politikas\u0131n\u0131n g\u00f6r\u00fcnen u\u00e7lar\u0131. G\u00f6r\u00fcnmeyen k\u0131sm\u0131n\u0131 da abartmayal\u0131m. Sadece s\u00f6ylenmeye cesaret edilemeyenlerden olu\u015fuyor ve onlar da \u00e7ok yak\u0131nda dile getirilmeye ba\u015flanacak. Yine de ilk s\u00f6yleyen biz olmayal\u0131m.  <\/p>\n<p> Burada dikkatimizi \u00e7eken baz\u0131 gariplikler de var. Birincisi bu politika belirlenirken, PKK ile m\u00fccadelenin resmi d\u00fczeyde bir hayli \u00f6ne \u00e7\u0131kar\u0131lm\u0131\u015f olmas\u0131. Sanki Barzani ile yak\u0131nla\u015fman\u0131n &quot;PKK ile m\u00fccadele \u015fart\u0131na ba\u011fland\u0131\u011f\u0131&quot; ve yap\u0131lan g\u00f6r\u00fc\u015fmelerin bu temel \u00fczerine kurulu oldu\u011fu aktar\u0131l\u0131yor.  <\/p>\n<p> Bunun do\u011fru olmas\u0131 iki bak\u0131mdan m\u00fcmk\u00fcn de\u011fil. Birincisi Barzani&#39;nin kendi b\u00f6lgesinde bile olsa K\u00fcrt orijinli bir ba\u015fka harekete kar\u015f\u0131 aktif tav\u0131r alabilmesi imkans\u0131z. \u0130kincisi ve daha da \u00f6nemlisi, T\u00fcrkiye&#39;nin Kuzey Irak ve daha genelde Irak politikas\u0131nda &quot;PKK ile m\u00fccadele&quot; san\u0131ld\u0131\u011f\u0131 kadar \u00f6nemli bir unsur de\u011fil. PKK&#39;n\u0131n Irak&#39;taki \u00f6nemi kendisiyle m\u00fccadele edilmesiyle de\u011fil, oynayaca\u011f\u0131 rolle ilgili. \u015eimdilik, \u00f6rg\u00fct\u00fcn bu yeni d\u00f6nemde &quot;yeni bir ihale&quot; ald\u0131\u011f\u0131n\u0131 s\u00f6ylemekle yetinelim.  <\/p>\n<p> &quot;Yeni Irak&quot; politikas\u0131nda Kerk\u00fck&#39;\u00fcn ve T\u00fcrkmenlerin belirleyici oldu\u011fu ve Ankara&#39;n\u0131n malum \u00e7izgilerini ba\u015fka bir yolla korumak i\u00e7in b\u00f6yle bir i\u015fbirli\u011fine girdi\u011fi iddialar\u0131 da, ayn\u0131 \u00f6l\u00e7\u00fcde c\u0131l\u0131z ve yetersiz.  <\/p>\n<p> Peki nedir bu yak\u0131nla\u015fman\u0131n gerek\u00e7eleri? Daha \u00f6ncesi de var, ancak T\u00fcrkiye&#39;nin bu konuda resmi a\u00e7\u0131dan rota de\u011fi\u015ftirmesinin ba\u015flang\u0131c\u0131, Celal Talabani&#39;nin Irak Devlet Ba\u015fkan\u0131 se\u00e7ilmesi oldu. Bu s\u00fcre\u00e7te Barzani ve Talabani kar\u015f\u0131t\u0131 g\u00f6r\u00fc\u015f ve de\u011ferlendirmeler, belirgin \u00f6l\u00e7\u00fcde yumu\u015fat\u0131ld\u0131. T\u00fcrkiye&#39;nin Irak politikas\u0131n\u0131n K\u00fcrtler olmadan d\u00fc\u015f\u00fcn\u00fclemeyece\u011fi mesajlar\u0131 verildi. Ekonomik ak\u0131\u015f\u0131n h\u0131zland\u0131r\u0131lmas\u0131 i\u00e7in \u00e7al\u0131\u015fmalar yap\u0131ld\u0131. \u00c7ok say\u0131da \u00fcst d\u00fczeyde g\u00f6r\u00fc\u015fme ger\u00e7ekle\u015fti ve \u015fimdi bu noktaya gelindi.  <\/p>\n<p> Kuzey Irak b\u00f6lgesinde sadece siyasi olarak de\u011fil, ekonomik anlamda da b\u00fcy\u00fck bir hareketlilik var. Yeni yat\u0131r\u0131mlar i\u00e7in kaynak aran\u0131yor, altyap\u0131 \u00e7al\u0131\u015fmalar\u0131 h\u0131zland\u0131r\u0131l\u0131yor. Telaffuz etmeye bile korkulan &quot;ba\u011f\u0131ms\u0131z yap\u0131&quot;n\u0131n unsurlar\u0131, her ge\u00e7en g\u00fcn daha belirgin hale geliyor.  <\/p>\n<p> Tek ba\u015f\u0131na ne PKK, ne Kerk\u00fck, ne de T\u00fcrkmenler. Hatta ne de \u015eemdinli olaylar\u0131. Giderek artan bu hareketlilik, Ankara&#39;n\u0131n &quot;K\u00fcrt Kart\u0131&quot;n\u0131 yeniden eline alma tela\u015f\u0131n\u0131 ortaya \u00e7\u0131kard\u0131. Kartlar\u0131 kimin da\u011f\u0131tt\u0131\u011f\u0131n\u0131 d\u00fc\u015f\u00fcn\u00fcrsek, \u015fans\u0131m\u0131z\u0131n ne oldu\u011funu da anlayabiliriz.  <\/p>\n<p> Bu arada bir mesele daha var ki, nedense art\u0131k kimse \u00fczerinde durmuyor. Bir d\u00f6nem saatlerini T\u00fcrkiye&#39;ye bakarak ayarlayanlar, \u015fimdi ayn\u0131 masada ve &quot;denk&quot; olarak muhatap al\u0131n\u0131yor.  <\/p>\n<p> &quot;Barzani, kendi b\u00f6lgesindeki \u00fcniversiteye T\u00fcrkiye&#39;den \u00f6\u011frenci al\u0131yor&quot; diye k\u0131yamet koparmak yerine, as\u0131l bu &quot;denklik&quot; meselesi \u00fczerinde kafa yormak gerekmez mi?  <\/p>\n<p> Galiba &quot;ma\u011fdur&quot; olmaktan &quot;ma\u011frur&quot; olmaya f\u0131rsat bulam\u0131yoruz art\u0131k.<a name=\"_ftnref8\" href=\"#_ftn8\" title=\"_ftnref8\">[8]<\/a>  <\/p>\n<p> <\/p>\n<hr \/>\n<p> <a name=\"_ftn1\" href=\"#_ftnref1\" title=\"_ftn1\">[1]<\/a> 29.11.2005 \/ Ak\u015fam \/ G\u00fcler K\u00f6m\u00fcrc\u00fc  <\/p>\n<p> <a name=\"_ftn2\" href=\"#_ftnref2\" title=\"_ftn2\">[2]<\/a> 29.11.2005 \/ Yeni \u015eafak \/ \u0130brahim Karag\u00fcl  <\/p>\n<p> <a name=\"_ftn3\" href=\"#_ftnref3\" title=\"_ftn3\">[3]<\/a>\u00a0 27.11.2005 \/ Sabah \/ Erdal \u015eafak  <\/p>\n<p> <a name=\"_ftn4\" href=\"#_ftnref4\" title=\"_ftn4\">[4]<\/a>\u00a0 27.11.2005 \/ Milli Gazete \/ Mete G\u00fcndo\u011fan  <\/p>\n<p> <a name=\"_ftn5\" href=\"#_ftnref5\" title=\"_ftn5\">[5]<\/a> 17.11.2005 \/ Yeni \u015eafak \/ \u0130brahim Karag\u00fcl  <\/p>\n<p> <a name=\"_ftn6\" href=\"#_ftnref6\" title=\"_ftn6\">[6]<\/a> 29.11.2005 \/ Abdullah K\u0131l\u0131\u00e7 \/ Zaman  <\/p>\n<p> <a name=\"_ftn7\" href=\"#_ftnref7\" title=\"_ftn7\">[7]<\/a> 6.11.2005 \/ Yeni\u015fafak \/ Taha K\u0131van\u00e7  <\/p>\n<p> <a name=\"_ftn8\" href=\"#_ftnref8\" title=\"_ftn8\">[8]<\/a> 28.11.2005 \/ Milli Gazete \/ Nasuhi G\u00fcng\u00f6r  <\/p>\n","protected":false},"excerpt":{"rendered":"<p>\u00a0  <\/p>\n<p> <strong>\u00d6nemli bir ABD&#39;li \u00f6nemli a\u00e7\u0131klamalarda bulunuyor!<\/strong>  <\/p>\n<p> ABD Ankara B\u00fcy\u00fckel\u00e7ili\u011fi&#39;nde uzun y\u0131llar &#8216;siyasi m\u00fcste\u015far&#39; olarak g\u00f6rev yapan ve eyl\u00fclde g\u00f6revini b\u0131rakan, Ankara&#39;da ve Washington&#39;da g\u00fcndem belirleyenleri yak\u0131ndan tan\u0131yan, dolay\u0131s\u0131yla da bu nedenle analizleri son derece \u00f6nem arzeden John W. Kunstadter, diyor ki; &quot;BOP sadece bir plan de\u011fildir,\u00a0 kutsal bir projedir&quot; b\u00f6yle bilmelisiniz!  <\/p>\n<p> \u00c7in&#39;in geli\u015fmesini engellemeliyiz..  <\/p>\n","protected":false},"author":16,"featured_media":0,"comment_status":"open","ping_status":"closed","sticky":false,"template":"","format":"standard","meta":{"footnotes":""},"categories":[37],"tags":[],"class_list":["post-239","post","type-post","status-publish","format-standard","hentry","category-mart-2006"],"_links":{"self":[{"href":"https:\/\/www.millicozum.com\/mc\/wp-json\/wp\/v2\/posts\/239","targetHints":{"allow":["GET"]}}],"collection":[{"href":"https:\/\/www.millicozum.com\/mc\/wp-json\/wp\/v2\/posts"}],"about":[{"href":"https:\/\/www.millicozum.com\/mc\/wp-json\/wp\/v2\/types\/post"}],"author":[{"embeddable":true,"href":"https:\/\/www.millicozum.com\/mc\/wp-json\/wp\/v2\/users\/16"}],"replies":[{"embeddable":true,"href":"https:\/\/www.millicozum.com\/mc\/wp-json\/wp\/v2\/comments?post=239"}],"version-history":[{"count":0,"href":"https:\/\/www.millicozum.com\/mc\/wp-json\/wp\/v2\/posts\/239\/revisions"}],"wp:attachment":[{"href":"https:\/\/www.millicozum.com\/mc\/wp-json\/wp\/v2\/media?parent=239"}],"wp:term":[{"taxonomy":"category","embeddable":true,"href":"https:\/\/www.millicozum.com\/mc\/wp-json\/wp\/v2\/categories?post=239"},{"taxonomy":"post_tag","embeddable":true,"href":"https:\/\/www.millicozum.com\/mc\/wp-json\/wp\/v2\/tags?post=239"}],"curies":[{"name":"wp","href":"https:\/\/api.w.org\/{rel}","templated":true}]}}