{"id":2415,"date":"2012-09-29T09:42:57","date_gmt":"2012-09-29T09:42:57","guid":{"rendered":"https:\/\/www.millicozum.com\/mc\/2012\/09\/29\/kopek-taparlik-medeniyeti-2\/"},"modified":"2012-09-29T09:42:57","modified_gmt":"2012-09-29T09:42:57","slug":"kopek-taparlik-medeniyeti-2","status":"publish","type":"post","link":"https:\/\/www.millicozum.com\/mc\/2012\/ekim-2012\/kopek-taparlik-medeniyeti\/","title":{"rendered":"K\u00d6PEK-TAPAR\u2019LIK MEDEN\u0130YET\u0130"},"content":{"rendered":"\n<p>&nbsp;<\/p>\n<p style=\"text-align: justify; text-indent: 14.2pt;\"><span style=\"font-size: 11pt; font-family: 'Arial','sans-serif';\">\u0130stiklal Mar\u015f\u0131 \u015fairimiz ve Milli m\u00fctefekkirimiz Mehmet Akif\u2019in <b><i>\u201cTek di\u015fi kalm\u0131\u015f canavar\u201d <\/i><\/b>diye nitelendirdi\u011fi Barbar Bat\u0131 Medeniyeti, Hindistan\u2019daki <\/span><b><span style=\"font-family: 'Arial','sans-serif';\">\u201cinek taparl\u0131ktan\u201d<\/span><\/b><span style=\"font-size: 11pt; font-family: 'Arial','sans-serif';\"> daha baya\u011f\u0131 ve a\u015fa\u011f\u0131 bir <\/span><b><span style=\"font-family: 'Arial','sans-serif';\">\u201ck\u00f6pek-taparl\u0131k<\/span><\/b><span style=\"font-size: 11pt; font-family: 'Arial','sans-serif';\">\u201d derekesine d\u00fc\u015fm\u00fc\u015f bulunmaktad\u0131r. Ruhsuz, \u015fuursuz ve tabi huzursuz Bat\u0131l\u0131lar ve taklit\u00e7i ardl\u0131lar\u0131, mecburen kutsad\u0131klar\u0131 k\u00f6peklerle avunmaya ve kahredici yaln\u0131zl\u0131klar\u0131n\u0131 unutmaya \u00e7al\u0131\u015fmaktad\u0131r. <\/span><\/p>\n<p style=\"text-align: justify; text-indent: 14.2pt;\"><span style=\"font-size: 11pt; font-family: 'Arial','sans-serif';\">Elbette ve kesinlikle Allah\u2019\u0131n yaratt\u0131\u011f\u0131 her \u015fey yerindedir, g\u00fczeldir, hikmetlidir ve bir hizmet i\u00e7indir. Canl\u0131 cans\u0131z, hi\u00e7bir \u015fey gayesiz olmad\u0131\u011f\u0131 gibi gereksiz de de\u011fildir. Bunun gibi, k\u00f6pekler de bizim bilip bilmedi\u011fimiz pek \u00e7ok maslahat ve menfaat i\u00e7in yarat\u0131lm\u0131\u015f, kendilerine mahsus \u00f6zellikleri ve g\u00fczellikleri olan bir hayvan cinsidir. Ve hele \u201ce\u011fitilip \u00f6\u011fretildikleri takdirde av hayvanlar\u0131n\u0131 yakalamak\u201d gibi h\u00fcnerleri Kur\u2019an\u2019da bile \u00f6rnek g\u00f6sterilmi\u015ftir. (Bak: Maide: 4) Tabi bu ayeti kerimede, talim ve terbiye g\u00f6rmeyen, okuyup ve \u00f6\u011frenmeyen ve kendini yeti\u015ftirmeyen insanlar\u0131n de\u011fersizli\u011fine de i\u015faret edilmektedir. Hatta, Allah dostlar\u0131 ve iman fedakarlar\u0131 olan Ashab-\u0131 Kehf\u2019e sad\u0131k olan K\u0131tmir gibi k\u00f6pekler Kur\u2019an\u2019da zikredilip \u00f6v\u00fclmekte (Bak: Kehf: 18, Fat\u0131r: 13) ve cennete girmekle m\u00fcjdelenmektedir. Hz. Peygamber Efendimizin(S.A.V), Mekke fethine giderken, yol \u00fczerinde do\u011furan bir k\u00f6pe\u011fe ve eniklerine zarar gelmesin diye, sahabeden birisini ba\u015flar\u0131na g\u00f6zetici-n\u00f6bet\u00e7i dikti\u011fi rivayet edilmektedir. K\u00f6pekler, k\u0131rsal y\u00f6relerde hayvan s\u00fcr\u00fclerimizi, evlerimizi ve bah\u00e7elerimizi beklemek hususunda da f\u0131tri g\u00f6revlerini yerine getirmekte ve hizmetleri nispetinde de\u011ferlenmektedir.<\/span><\/p>\n<p style=\"text-align: justify; text-indent: 14.2pt;\"><span style=\"font-size: 11pt; font-family: 'Arial','sans-serif';\">Bu nedenle tedbirsiz kimselere <b><i>\u201ck\u00f6peksiz k\u00f6yde, de\u011fneksiz dola\u015f\u0131yor\u201d<\/i><\/b> denmi\u015ftir. <\/span><\/p>\n<p style=\"text-align: justify; text-indent: 14.2pt;\"><b><span style=\"font-family: 'Arial','sans-serif';\">K\u00f6pek farkl\u0131, ama \u201ck\u00f6pekle\u015fme\u201d farkl\u0131d\u0131r!<\/span><\/b><\/p>\n<p style=\"text-align: justify; text-indent: 14.2pt;\"><span style=\"font-size: 11pt; font-family: 'Arial','sans-serif';\">Ancak, k\u00f6pek farkl\u0131, \u201ck\u00f6pekle\u015fmek\u201d farkl\u0131d\u0131r. Kur\u2019an-\u0131 Kerim \u201cYere (d\u00fcnyal\u0131k haram zevklere) meyleden ilmi, insani ve \u0130slami de\u011ferlerini dejenere eden Bel\u2019am gibi kimselerin k\u00f6pekle\u015fmesinden\u201d bahsetmektedir. (Bak: Araf: 176)<\/span><\/p>\n<p style=\"text-align: justify; text-indent: 14.2pt;\"><span style=\"font-size: 11pt; font-family: 'Arial','sans-serif';\">K\u00f6pekle\u015fmek; makam ve menfaate k\u00f6lele\u015fmektir.<\/span><\/p>\n<p style=\"text-align: justify; text-indent: 14.2pt;\"><span style=\"font-size: 11pt; font-family: 'Arial','sans-serif';\">K\u00f6pekle\u015fmek; ya\u011fl\u0131 kemik sunanlar\u0131n ayaklar\u0131na y\u00fcz s\u00fcrmek ve havaya at\u0131lan yemek art\u0131klar\u0131n\u0131 kapmak i\u00e7in oynamak ve k\u00f6\u00e7ekle\u015fmektir.<\/span><\/p>\n<p style=\"text-align: justify; text-indent: 14.2pt;\"><span style=\"font-size: 11pt; font-family: 'Arial','sans-serif';\">K\u00f6pekle\u015fmek; sokak k\u00f6\u015felerinde ve park kanepelerinde hi\u00e7 utan\u0131p s\u0131k\u0131lmadan sevi\u015fip \u00e7iftle\u015fmektir. <\/span><\/p>\n<p style=\"text-align: justify; text-indent: 14.2pt;\"><span style=\"font-size: 11pt; font-family: 'Arial','sans-serif';\">K\u00f6pekle\u015fmek; kap\u0131s\u0131nda beslenip bar\u0131nd\u0131\u011f\u0131 sahibinin can d\u00fc\u015fmanlar\u0131 kendisine le\u015f at\u0131nca onlar\u0131n pe\u015fine d\u00fc\u015fmek ve kahpele\u015fmektir. <\/span><\/p>\n<p style=\"text-align: justify; text-indent: 14.2pt;\"><span style=\"font-size: 11pt; font-family: 'Arial','sans-serif';\">K\u00f6pekle\u015fmek; d\u00f6nekle\u015fmektir, de\u011ferlerini r\u00fc\u015fvet vermektir, kemik-perestliktir.<\/span><\/p>\n<p style=\"text-align: justify; text-indent: 14.2pt;\"><b><span style=\"font-size: 11pt; font-family: 'Arial','sans-serif';\">K\u00f6pekle\u015fmek; \u015fahsi makam ve menfaatleri ve siyasi ihtiraslar\u0131 u\u011fruna, Milli ve manevi \u00e7\u0131karlar\u0131n\u0131 sat\u0131p, Siyonist ve emperyalist zalimlerle i\u015fbirli\u011fine giri\u015fmektir.<\/span><\/b><\/p>\n<p style=\"text-align: justify; text-indent: 14.2pt;\"><b><span style=\"font-family: 'Arial','sans-serif';\">Ahlaks\u0131z ve imans\u0131z Bat\u0131 Medeniyeti bir k\u00f6pekle\u015fme maceras\u0131d\u0131r!<\/span><\/b><\/p>\n<p style=\"text-align: justify; text-indent: 14.2pt;\"><span style=\"font-size: 11pt; font-family: 'Arial','sans-serif';\">Evet, Hindistan\u2019da ki inekperestlikten bin beter bir \u201ck\u00f6pekperestlik\u201d sadece Avrupa ve Amerika\u2019da de\u011fil, barbar ve bozuk Bat\u0131 medeniyetinin etkisindeki t\u00fcm d\u00fcnyada giderek yayg\u0131nla\u015fmakta ve sayg\u0131nl\u0131k kazanmakt\u0131r. Bug\u00fcn Bat\u0131l\u0131lar ve Bat\u0131 kafal\u0131lar, bebeklerinden \u00e7ok k\u00f6peklerine hizmet i\u00e7in \u00e7\u0131rp\u0131nmaktad\u0131r. D\u00fcnyada evcil k\u00f6pek mamas\u0131na ve di\u011fer s\u00fcs ve bak\u0131m masraflar\u0131na harcanan paralar, Afrika ve Asya\u2019da a\u00e7l\u0131k ve ila\u00e7s\u0131zl\u0131k y\u00fcz\u00fcnden can \u00e7eki\u015fen milyonlarca \u00e7ocu\u011fun temel ihtiya\u00e7lar\u0131ndan kat be kat fazlad\u0131r. K\u00f6pekler Bat\u0131l\u0131 kad\u0131nlar\u0131n art\u0131k sadece bek\u00e7ileri ve bebekleri de\u011fil, ayn\u0131 zamanda erkekleri konumundad\u0131r.<\/span><\/p>\n<p style=\"text-align: justify; text-indent: 14.2pt;\"><b><span style=\"font-size: 11pt; font-family: 'Arial','sans-serif';\">\u00dcmit \u015eim\u015fek\u2019in g\u00fczel tespitleriyle:<\/span><\/b><\/p>\n<p style=\"text-align: justify; text-indent: 14.2pt;\"><i><span style=\"font-size: 11pt; font-family: 'Arial','sans-serif';\">\u201cK\u00f6pek bir kutsal varl\u0131k olup \u00e7\u0131km\u0131\u015ft\u0131r. \u00c7a\u011fda\u015f insan\u0131n mukaddesat listesine, de\u011fi\u015ftirilemeyen ve de\u011fi\u015ftirilmesi teklif dahi edilemeyen bir de\u011fer olarak kat\u0131lm\u0131\u015ft\u0131r. Manen ve ahlaken insanl\u0131\u011f\u0131n sonunu haz\u0131rlayan \u00e7a\u011fda\u015f insan k\u00f6pe\u011fe tap\u0131nmaya, k\u00f6pekle tatmin olmaya ba\u015flam\u0131\u015ft\u0131r. <\/span><\/i><\/p>\n<p style=\"text-align: justify; text-indent: 14.2pt;\"><i><span style=\"font-size: 11pt; font-family: 'Arial','sans-serif';\">Ve uygarl\u0131\u011f\u0131n\u0131n sembol\u00fc haline gelmi\u015f \u015fehirlerinde, g\u0131rtla\u011f\u0131na kadar k\u00f6pek pisli\u011finin i\u00e7ine batm\u0131\u015ft\u0131r.<\/span><\/i><\/p>\n<p style=\"text-align: justify; text-indent: 14.2pt;\"><i><span style=\"font-size: 11pt; font-family: 'Arial','sans-serif';\">Amsterdam, Budape\u015fte, Paris, New York, bunlar ve daha nice Bat\u0131 kentleri, \u015fimdi \u00e7a\u011fda\u015f Bat\u0131 uygarl\u0131\u011f\u0131n\u0131n al\u00e2metifarikas\u0131 haline gelmi\u015f k\u00f6pek boku ve pis kokusu i\u00e7inde bo\u011fulmaktad\u0131r.<\/span><\/i><\/p>\n<p style=\"text-align: justify; text-indent: 14.2pt;\"><i><span style=\"font-size: 11pt; font-family: 'Arial','sans-serif';\">Sadece Paris \u015fehrinde, her g\u00fcn k\u00f6pekler caddelere 16 ton pislik b\u0131rakmaktad\u0131r. Parislilere y\u0131lda 10 milyon dolara mal olan bir sistemle, her g\u00fcn motosikletli \u00f6zel ekipler bu pislikleri temizlemeye \u00e7al\u0131\u015fmakta, fakat ancak 12 tonuyla ba\u015fa \u00e7\u0131kmaktad\u0131r. K\u00f6pek idrar\u0131ndan ba\u015fka her g\u00fcn en az 4 ton kat\u0131 pislik, ya\u011fmurlarla beraber c\u0131v\u0131kla\u015f\u0131p ortal\u0131\u011fa yay\u0131lmak \u00fczere Paris sokaklar\u0131nda kalmakta, insanlar\u0131n y\u00fcz\u00fcne g\u00f6z\u00fcne bula\u015fmaktad\u0131r.<\/span><\/i><\/p>\n<p style=\"text-align: justify; text-indent: 14.2pt;\"><i><span style=\"font-size: 11pt; font-family: 'Arial','sans-serif';\">Bu pislikler Parislilerin sadece burun direklerini s\u0131zlatmakla da kalm\u0131yor, senede ortalama 650 ki\u015fi, Paris sokaklar\u0131ndaki k\u00f6pek pisli\u011fi y\u00fcz\u00fcnden kayarak sakatlan\u0131p hastaneye kald\u0131r\u0131lmaktad\u0131r. Art\u0131k Parisli anne ve babalar \u00e7ocuklar\u0131na kar\u015f\u0131dan kar\u015f\u0131ya ge\u00e7meyi \u00f6\u011fretirken, sa\u011fa ve sola bakt\u0131klar\u0131 gibi, \u00f6nlerine bakmay\u0131 ve k\u00f6pek pisli\u011fine basmamay\u0131 da s\u0131k\u0131 s\u0131k\u0131ya hat\u0131rlatmaktad\u0131r. Paris\u2019i ziyaret edecek turistler de ayn\u0131 \u015fekilde uyar\u0131larla kar\u015f\u0131la\u015fmaktad\u0131r.<\/span><\/i><\/p>\n<p style=\"text-align: justify; text-indent: 14.2pt;\"><i><span style=\"font-size: 11pt; font-family: 'Arial','sans-serif';\">K\u0131sacas\u0131, art\u0131k Paris\u2019in Eyfel Kulesi gibi bir al\u00e2metifarikas\u0131 daha vard\u0131r, o da \u201ck\u00f6pek d\u0131\u015fk\u0131lar\u0131d\u0131r\u201d k\u00f6pek literat\u00fcre \u00e7oktan girmi\u015f durumdad\u0131r. Frans\u0131zlar\u0131n burunlar\u0131 niye havada? \u015eeklindeki bilmece sorular\u0131 Paris\u2019in pisli\u011fi, kokusu ile yan\u0131tlanmaktad\u0131r. Paris\u2019ten ayr\u0131lan \u015fair ise, sevgilisine \u015fu m\u0131sralarla sesini duyurmaktad\u0131r: <b>\u201cParis\u2019in \u00e7\u0131plak duvar foto\u011fraflar\u0131 ile k\u00f6pek boklar\u0131ndan \u00e7ok yukar\u0131larda u\u00e7arken seni d\u00fc\u015f\u00fcn\u00fcyorum. Ama, k\u00f6pek d\u0131\u015fk\u0131s\u0131 kokusu y\u00fcz\u00fcnden fazla u\u00e7amay\u0131p a\u015fa\u011f\u0131 d\u00fc\u015f\u00fcyorum..\u201d <\/b><\/span><\/i><\/p>\n<p style=\"text-align: justify; text-indent: 14.2pt;\"><span style=\"font-size: 11pt; font-family: 'Arial','sans-serif';\">Konferans ve seminer i\u00e7in gitti\u011fimiz \u0130sve\u00e7\u2019in ba\u015fkenti Stockholm\u2019de \u201cBat\u0131l\u0131lar\u0131n \u00e7ok zeki, bilgili ve ilerici, ama M\u00fcsl\u00fcmanlar\u0131n beceriksiz ve gerici\u201d oldu\u011fu propagandas\u0131na kap\u0131lm\u0131\u015f birisi bize, gezdirdi\u011fi \u00e7ok b\u00fcy\u00fck al\u0131\u015fveri\u015f merkezinin ayakkab\u0131 reyonunda nas\u0131l bir ayakkab\u0131 sevdi\u011fimi sorunca, bir k\u00f6\u015fedeki lastik i\u015f\u00e7i \u00e7izmelerini g\u00f6sterip:<\/span><\/p>\n<p style=\"text-align: justify; text-indent: 14.2pt;\"><b><i><span style=\"font-family: 'Arial','sans-serif';\">\u201cBiz \u015eafiiler, k\u00f6pe\u011fin k\u0131l\u0131n\u0131 bile necis sayarken, bu modern Bat\u0131 ba\u015fkentinde itin d\u0131\u015fk\u0131s\u0131na batmamak i\u00e7in tek \u00e7are \u00e7izme ile dola\u015fmakt\u0131r!\u201d <\/span><\/i><\/b><span style=\"font-size: 11pt; font-family: 'Arial','sans-serif';\">deyince afallam\u0131\u015ft\u0131. <\/span><\/p>\n<p style=\"text-align: justify; text-indent: 14.2pt;\"><b><span style=\"font-size: 11pt; font-family: 'Arial','sans-serif';\">Evet; imandan, insaftan ve insanl\u0131ktan \u00e7\u0131kan insan\u2026 yerin alt\u0131nda g\u00f6zs\u00fcz, dilsiz ve kulaks\u0131z ya\u015fayan, toprak yiyip, \u00e7amur s\u0131\u00e7an solucan misali, sadece a\u011fz\u0131, k\u0131\u00e7\u0131 ve bacak aras\u0131 olarak \u00fc\u00e7 delikli bir hayvan derekesine yuvarlanan Bat\u0131 kafal\u0131 insan, maalesef anne baba \u015fefkati, bac\u0131-karde\u015f h\u00fcrmeti ve evlat muhabbeti ve kolu kom\u015fu m\u00fcnasebeti yerine, vicdanlar\u0131ndaki bo\u015flu\u011fu k\u00f6pek sevgisi ve m\u00fcnasebetiyle doldurmaya \u00e7abalamaktad\u0131r.<\/span><\/b><\/p>\n<p style=\"text-align: justify; text-indent: 14.2pt;\"><span style=\"font-size: 11pt; font-family: 'Arial','sans-serif';\">Barbar ve bencil Bat\u0131l\u0131lar ve onlar\u0131 taklit eden beyinsiz bay ve bayanc\u0131klar; \u00e7ok pahal\u0131 ve masrafl\u0131 cins k\u00f6pek beslemenin ayr\u0131cal\u0131\u011f\u0131ndan, k\u00f6peklerin sad\u0131k arkada\u015fl\u0131\u011f\u0131ndan, mutfakta, koltukta ve yataktaki yaln\u0131zl\u0131k unutturan yolda\u015fl\u0131\u011f\u0131ndan dem vurup; k\u00f6peklere kem s\u00f6z ederek, onlar\u0131n kutsal bokuna ve mikrobuna dil uzatanlar\u0131n \u00e7arp\u0131laca\u011f\u0131ndan bahisle, dolayl\u0131 olarak yine \u0130slam\u2019a ve M\u00fcsl\u00fcman\u2019a \u00e7ata dursunlar, biz atalar\u0131m\u0131z\u0131n k\u00f6pekten ziyade k\u00f6pekle\u015fmeyi k\u0131nayan deyimlerini hat\u0131rlatal\u0131m:<\/span><\/p>\n<ol>\n<li><span style=\"font-size: 12pt;\"><b><span style=\"font-family: 'Arial','sans-serif';\">\u0130tle yat\u0131veren, bitle kalk\u0131verecektir.<\/span><\/b><\/span><\/li>\n<li><span style=\"font-size: 12pt;\"><b><span style=\"font-family: 'Arial','sans-serif';\">K\u00f6pekle dala\u015fmaktansa, kul\u00fcbeyi dola\u015fmak daha iyidir.<\/span><\/b><\/span><\/li>\n<li><span style=\"font-size: 12pt;\"><b><span style=\"font-family: 'Arial','sans-serif';\">Ata et, ite ot vermek, e\u015fekliktir.<\/span><\/b><\/span><\/li>\n<li><span style=\"font-size: 12pt;\"><b><span style=\"font-family: 'Arial','sans-serif';\">At yedi g\u00fcnde, it yedi\u011fi g\u00fcnde dirilecektir.<\/span><\/b><\/span><\/li>\n<li><span style=\"font-size: 12pt;\"><b><span style=\"font-family: 'Arial','sans-serif';\">Ta\u015flar\u0131 ba\u011flanm\u0131\u015f, ama karaba\u015flar\u0131 sal\u0131nm\u0131\u015f bir medeniyet bedeviyetten tehlikelidir.<\/span><\/b><\/span><\/li>\n<li><span style=\"font-size: 12pt;\"><b><span style=\"font-family: 'Arial','sans-serif';\">A\u00e7 k\u00f6pek, f\u0131r\u0131n duvar\u0131n\u0131 delecektir.<\/span><\/b><\/span><\/li>\n<li><span style=\"font-size: 12pt;\"><b><span style=\"font-family: 'Arial','sans-serif';\">K\u00f6pe\u011fin duas\u0131 kabul olsa, g\u00f6kten kemik ya\u011f\u0131verirdi.<\/span><\/b><\/span><\/li>\n<li><span style=\"font-size: 12pt;\"><b><span style=\"font-family: 'Arial','sans-serif';\">\u0130t \u00fcrecek, kervan y\u00fcr\u00fcyecektir.<\/span><\/b><\/span><\/li>\n<li><span style=\"font-size: 12pt;\"><b><span style=\"font-family: 'Arial','sans-serif';\">Kanc\u0131k k\u00f6pek yalanmad\u0131k\u00e7a, erkek k\u00f6pek yana\u015fmaz.<\/span><\/b><\/span><\/li>\n<li><span style=\"font-size: 12pt;\"><b><span style=\"font-family: 'Arial','sans-serif';\">Havlayan k\u00f6pek, \u0131s\u0131rmaz.<\/span><\/b><\/span><\/li>\n<li><span style=\"font-size: 12pt;\"><b><span style=\"font-family: 'Arial','sans-serif';\">\u0130t itin kuyru\u011funa basmaz.<\/span><\/b><\/span><\/li>\n<li><span style=\"font-size: 12pt;\"><b><span style=\"font-family: 'Arial','sans-serif';\">\u00dcrmesini bilmeyen it, s\u00fcr\u00fcye kurt \u00e7a\u011f\u0131r\u0131r.<\/span><\/b><\/span><\/li>\n<li><span style=\"font-size: 12pt;\"><b><span style=\"font-family: 'Arial','sans-serif';\">\u0130te gem vurma, kendini at san\u0131r.<\/span><\/b><\/span><\/li>\n<\/ol>\n<p style=\"text-align: justify; text-indent: 14.2pt;\"><b><span style=\"font-size: 11pt; font-family: 'Arial','sans-serif';\">Kuran\u2019\u0131 Kerim\u2019de <\/span><\/b><b><span style=\"font-family: 'Arial','sans-serif';\">\u201cBeni \u0130srail\u201d<\/span><\/b><b><span style=\"font-size: 11pt; font-family: 'Arial','sans-serif';\"> bir kavmiyeti, ama <\/span><\/b><b><span style=\"font-family: 'Arial','sans-serif';\">\u201cYahud\u201d<\/span><\/b><b><span style=\"font-size: 11pt; font-family: 'Arial','sans-serif';\">; k\u00f6t\u00fc, hain ve hilek\u00e2r bir zihniyeti anlatmak i\u00e7indir. Yahudile\u015fmek, bir nevi; d\u00fcnya h\u0131rs\u0131, haram ve haks\u0131zl\u0131k ahlak\u0131 ile k\u00f6pek f\u0131trat\u0131na d\u00f6n\u00fc\u015fmektir. M\u00fcminler ise; insanl\u0131\u011fa \u00e7ok y\u00f6nl\u00fc yarar sa\u011flamalar\u0131 bak\u0131m\u0131ndan m\u00fcbarek koyuna benzetilmi\u015ftir. Ne ibretli ve hayret verici bir ger\u00e7ektir ki, koyun senede en fazla iki yavru verdi\u011fi ve devaml\u0131 kasaplarda ve kurbanl\u0131kta kesildi\u011fi halde, d\u00fcnyadaki say\u0131lar\u0131 milyarlarca ifade edilir. Ama k\u00f6pekler her y\u0131l en az 5-6 tane do\u011furabildikleri ve kesilmedikleri halde say\u0131lar\u0131 koyunlar\u0131n ancak milyonda biridir. Bunun gibi, Bat\u0131l\u0131 barbarlar\u0131n ve dinsiz sald\u0131rganlar\u0131n bunca katliam ve kahpeli\u011fine ra\u011fmen, yery\u00fcz\u00fcnde 1 Milyar 600 milyon M\u00fcsl\u00fcman bulunmas\u0131na ra\u011fmen, onca korunmalar\u0131na kar\u015f\u0131l\u0131k sadece 16 milyon Yahudi bulunmas\u0131, ne hikmetli bir hakikattir.<\/span><\/b><\/p>\n<p style=\"text-align: justify; text-indent: 14.2pt;\"><span style=\"font-size: 12pt;\"><b><span style=\"font-family: 'Arial','sans-serif';\">Kur\u2019an-\u0131 Kerim Anayasas\u0131, hem e\u011fitir, hem hizaya getirir!<\/span><\/b><\/span><\/p>\n<p style=\"text-align: justify; text-indent: 14.2pt;\"><span style=\"font-size: 10pt; font-family: 'Arial','sans-serif';\">15 Haziran 2012 tarihli Milli Gazetede <b>\u201cAnayasalar \u0130nsan E\u011fitmez\u201d<\/b> ba\u015fl\u0131\u011f\u0131 alt\u0131nda, <\/span><b><span style=\"font-size: 11pt; font-family: 'Arial','sans-serif';\">\u201c13 y\u0131l s\u00fcren Mekke d\u00f6nmesindeki ruhi, akli ve vicdani olgunla\u015fma, dini ve davas\u0131 u\u011frunda her t\u00fcrl\u00fc fedak\u00e2rl\u0131\u011fa katlanma \u015fuuruna erdirilmeden ve as\u0131l hak edilen cezalar\u0131 ve hukuki yapt\u0131r\u0131mlar\u0131 uygulayacak bir devlet otoritesi tesis edilmeden kuru s\u0131k\u0131 yasaklar\u0131n fayda vermeyece\u011fini\u201d <\/span><\/b><span style=\"font-size: 10pt; font-family: 'Arial','sans-serif';\">anlatmak isterken <b><i>\u201c<\/i><\/b><\/span><b><i><span style=\"font-size: 11pt; font-family: 'Arial','sans-serif';\">Anayasan\u0131z Kur\u2019an olsa bile sonu\u00e7 al\u0131namaz\u201d<\/span><\/i><\/b><span style=\"font-size: 10pt; font-family: 'Arial','sans-serif';\"> gibi, temelsiz ve ge\u00e7ersiz laflar edilmesi olduk\u00e7a sak\u0131ncal\u0131d\u0131r ve Kur\u2019an\u2019\u0131n n\u00fczul hikmetine ayk\u0131r\u0131d\u0131r. \u0130lmine ve istikametine h\u00fcrmet etti\u011fimiz bu Hoca efendiye: <\/span><b><i><span style=\"font-family: 'Arial','sans-serif';\">\u201ck\u00f6pekle\u015fen insanlar\u0131 ancak kelep\u00e7e ile dizginleyebilirsiniz\u201d<\/span><\/i><\/b><span style=\"font-size: 10pt; font-family: 'Arial','sans-serif';\"> hikmetini hat\u0131rlatmak laz\u0131md\u0131r.<\/span><\/p>\n<p style=\"text-align: justify; text-indent: 14.2pt;\"><b><span style=\"font-size: 10pt; font-family: 'Arial','sans-serif';\">\u201cAnayasalar insan e\u011fitmez<\/span><\/b><\/p>\n<p style=\"text-align: justify; text-indent: 14.2pt;\"><span style=\"font-size: 10pt; font-family: 'Arial','sans-serif';\">Generaller, h\u00fck\u00fcmet devirme su\u00e7lamas\u0131yla hapse at\u0131l\u0131r.<\/span><\/p>\n<p style=\"text-align: justify; text-indent: 14.2pt;\"><span style=\"font-size: 10pt; font-family: 'Arial','sans-serif';\">Sanat\u00e7\u0131lar, uyu\u015fturucudan fuhu\u015ftan g\u00f6zalt\u0131na al\u0131n\u0131r.<\/span><\/p>\n<p style=\"text-align: justify; text-indent: 14.2pt;\"><span style=\"font-size: 10pt; font-family: 'Arial','sans-serif';\">Profes\u00f6rler, darbeye yard\u0131mdan sorgulan\u0131r.<\/span><\/p>\n<p style=\"text-align: justify; text-indent: 14.2pt;\"><span style=\"font-size: 10pt; font-family: 'Arial','sans-serif';\">\u0130\u015fadamlar\u0131 hazineyi hortumlamakla su\u00e7lan\u0131r.<\/span><\/p>\n<p style=\"text-align: justify; text-indent: 14.2pt;\"><span style=\"font-size: 10pt; font-family: 'Arial','sans-serif';\">Uyu\u015fturucuyla m\u00fccadele eden polisler uyu\u015fturucu al\u0131p satmakla tutuklan\u0131r.<\/span><\/p>\n<p style=\"text-align: justify; text-indent: 14.2pt;\"><span style=\"font-size: 10pt; font-family: 'Arial','sans-serif';\">Fuhu\u015f yapan generallerin g\u00f6r\u00fcnt\u00fcleri kayda al\u0131n\u0131r, sonra en yak\u0131n\u0131ndaki subaylar taraf\u0131ndan \u015fantaj yap\u0131l\u0131r.<\/span><\/p>\n<p style=\"text-align: justify; text-indent: 14.2pt;\"><span style=\"font-size: 10pt; font-family: 'Arial','sans-serif';\">\u0130nternette parti liderlerinin fuhu\u015f yapt\u0131\u011f\u0131n\u0131 g\u00f6steren kasetler dola\u015f\u0131r.<\/span><\/p>\n<p style=\"text-align: justify; text-indent: 14.2pt;\"><span style=\"font-size: 10pt; font-family: 'Arial','sans-serif';\">\u00c7a\u011fda\u015f d\u00fc\u015f\u00fcnceye sahip k\u0131zlarla, ilerde \u00fclkeyi d\u00fc\u015fmana kar\u015f\u0131 koruyacak subay adaylar\u0131n\u0131n randevu evleri medyaya yans\u0131r.<\/span><\/p>\n<p style=\"text-align: justify; text-indent: 14.2pt;\"><span style=\"font-size: 10pt; font-family: 'Arial','sans-serif';\">Milli E\u011fitimin tezg\u00e2h\u0131ndan ge\u00e7mi\u015f binlerce insan da\u011flarda adam \u00f6ld\u00fcrme \u00e7etesine kat\u0131l\u0131r ve her g\u00fcn birka\u00e7 askerin cenazesini baba oca\u011f\u0131na yollamaktad\u0131r.<\/span><\/p>\n<p style=\"text-align: justify; text-indent: 14.2pt;\"><span style=\"font-size: 10pt; font-family: 'Arial','sans-serif';\">B\u00fct\u00fcn bunlar\u0131n d\u00fczelmesi i\u00e7in partiler bir araya gelmi\u015fler s\u00f6zde toplumsal mutabakat\u0131n olaca\u011f\u0131 bir Anayasa haz\u0131rlamaya ba\u015flam\u0131\u015flard\u0131r.<\/span><\/p>\n<p style=\"text-align: justify; text-indent: 14.2pt;\"><span style=\"font-size: 10pt; font-family: 'Arial','sans-serif';\">Oysa tarihte, anayasas\u0131 olmadan sorunsuz ya\u015fayan nice \u00fclkeler vard\u0131r\u2026 Yani mazluma hak ve h\u00fcrriyetini, zalime haddini bildirecek bir d\u00fczen laz\u0131md\u0131r ve \u00f6nce insanlara vicdani ve uhrevi sorumluluk bilinci a\u015f\u0131lanmal\u0131d\u0131r.<\/span><\/p>\n<p style=\"text-align: justify; text-indent: 14.2pt;\"><b><i><span style=\"font-size: 10pt; font-family: 'Arial','sans-serif';\">\u201cVatan hainli\u011finden makam ve menfaat dev\u015firen, fuhu\u015f ticaretiyle saltanat s\u00fcren, h\u0131rs\u0131zl\u0131\u011f\u0131 hortumculu\u011fu \u00fclkenin kalk\u0131nmas\u0131 i\u00e7in normal kabul eden, ki\u015finin kalitesi \u00f6ld\u00fcrd\u00fc\u011f\u00fc adamla belirlenen bir \u00fclkede <\/span><\/i><\/b><b><i><span style=\"font-family: 'Arial','sans-serif';\">Anayasan\u0131z Kur&#8217;an olsa sonu\u00e7 al\u0131namaz<\/span><\/i><\/b><b><i><span style=\"font-size: 10pt; font-family: 'Arial','sans-serif';\">.\u201d <\/span><\/i><\/b><span style=\"font-size: 10pt; font-family: 'Arial','sans-serif';\">diyen Hoca efendi yan\u0131lmaktad\u0131r, bu talihsiz ve tehlikeli s\u00f6z\u00fc, herhalde bir s\u00fcr\u00e7\u00fc lisand\u0131r. \u00c7\u00fcnk\u00fc Kur\u2019an kaynakl\u0131 bir anayasa k\u00f6t\u00fcl\u00fc\u011f\u00fcn k\u00f6k\u00fcn\u00fc kurutacakt\u0131r. Aksini iddia etmek Allah\u2019a iftirad\u0131r.<\/span><\/p>\n<p style=\"text-align: justify; text-indent: 14.2pt;\"><b><i><span style=\"font-size: 10pt; font-family: 'Arial','sans-serif';\">&#8220;\u0130\u00e7kinin yasak oldu\u011funu bilmeyen sarho\u015f mu var? <\/span><\/i><\/b><span style=\"font-size: 10pt; font-family: 'Arial','sans-serif';\">(haram oldu\u011funu bilmeyen mi var? diye sorulmas\u0131 laz\u0131m. Yoksa T\u00fcrkiye\u2019de i\u00e7ki yasak de\u011fil)<\/span><\/p>\n<p style=\"text-align: justify; text-indent: 14.2pt;\"><b><i><span style=\"font-size: 10pt; font-family: 'Arial','sans-serif';\">Hazineyi hortumlaman\u0131n yasak oldu\u011funu bilmeyen i\u015fadam\u0131 m\u0131 var?<\/span><\/i><\/b><\/p>\n<p style=\"text-align: justify; text-indent: 14.2pt;\"><b><i><span style=\"font-size: 10pt; font-family: 'Arial','sans-serif';\">Haks\u0131z yere adam \u00f6ld\u00fcrmenin haram oldu\u011funu bilmeyen katil mi var?<\/span><\/i><\/b><\/p>\n<p style=\"text-align: justify; text-indent: 14.2pt;\"><b><i><span style=\"font-size: 10pt; font-family: 'Arial','sans-serif';\">Fuh\u015fun haram oldu\u011funu bilmeyen mi var?&#8221; denebilir.<\/span><\/i><\/b><\/p>\n<p style=\"text-align: justify; text-indent: 14.2pt;\"><b><i><span style=\"font-size: 10pt; font-family: 'Arial','sans-serif';\">Do\u011frudur, bilmeyen yoktur ama yasa\u011f\u0131 koyana iman ya zay\u0131flat\u0131lm\u0131\u015f veya yok edilmi\u015ftir.\u201d<\/span><\/i><\/b><\/p>\n<p style=\"text-align: justify; text-indent: 14.2pt;\"><b><span style=\"font-size: 11pt; font-family: 'Arial','sans-serif';\">diyen Hoca efendi, bilerek veya bilmeyerek konuyu sapt\u0131rmaktad\u0131r. \u00d6nce bu sayd\u0131klar\u0131, faiz, fuhu\u015f, kumar, vurgun, soygun T\u00fcrkiye\u2019de ve AKP zihniyetinde kanunen zaten \u201csu\u00e7\u201d say\u0131lmamaktad\u0131r. \u0130kincisi bu su\u00e7lara Kuran\u2019\u0131n \u00f6ng\u00f6rd\u00fc\u011f\u00fc \u015fekilde cayd\u0131r\u0131c\u0131 cezalar uygulanmamaktad\u0131r ve bu nedenle iman ve vicdan ayar\u0131 bozulan insanlar, yakalansalar bile, basit cezalarla kurtulacaklar\u0131n\u0131 bildikleri i\u00e7in, bu su\u00e7lar giderek yayg\u0131nla\u015fmaktad\u0131r. \u00dc\u00e7\u00fcnc\u00fc ise, AKP iktidar\u0131 \u201czinay\u0131 su\u00e7 olmaktan, domuz etini yasak kapsam\u0131ndan\u201d kendileri \u00e7\u0131karm\u0131\u015ft\u0131r.<\/span><\/b><\/p>\n<p style=\"text-align: justify; text-indent: 14.2pt;\"><b><span style=\"font-size: 11pt; font-family: 'Arial','sans-serif';\">&nbsp;<\/span><\/b><\/p>\n<p style=\"text-align: justify; text-indent: 14.2pt;\"><b><span style=\"font-size: 11pt; font-family: 'Arial','sans-serif';\">\u015eiir:<\/span><\/b><\/p>\n<p style=\"text-align: justify; text-indent: 14.2pt;\"><b><span style=\"font-size: 11pt; font-family: 'Arial','sans-serif';\">&nbsp;<\/span><\/b><\/p>\n<p style=\"text-align: justify; text-indent: 14.2pt;\"><b><span style=\"font-size: 11pt; font-family: 'Arial','sans-serif';\">\u0130mans\u0131z yitirdim, vicdan huzurum<\/span><\/b><\/p>\n<p style=\"text-align: justify; text-indent: 14.2pt;\"><b><span style=\"font-size: 11pt; font-family: 'Arial','sans-serif';\">Hayvan gibi derdim, yemim kepe\u011fim!<\/span><\/b><\/p>\n<p style=\"text-align: justify; text-indent: 14.2pt;\"><b><span style=\"font-size: 11pt; font-family: 'Arial','sans-serif';\">Allah\u2019la sava\u015fmak, b\u00fcy\u00fck kusurum<\/span><\/b><\/p>\n<p style=\"text-align: justify; text-indent: 14.2pt;\"><b><span style=\"font-size: 11pt; font-family: 'Arial','sans-serif';\">Hepsi bo\u015fa \u00e7\u0131kt\u0131, b\u00fct\u00fcn eme\u011fim!<\/span><\/b><\/p>\n<p style=\"text-align: justify; text-indent: 14.2pt;\"><b><span style=\"font-size: 11pt; font-family: 'Arial','sans-serif';\">&nbsp;<\/span><\/b><\/p>\n<p style=\"text-align: justify; text-indent: 14.2pt;\"><b><span style=\"font-size: 11pt; font-family: 'Arial','sans-serif';\">Aile akraba, kom\u015fu kalmad\u0131<\/span><\/b><\/p>\n<p style=\"text-align: justify; text-indent: 14.2pt;\"><b><span style=\"font-size: 11pt; font-family: 'Arial','sans-serif';\">K\u0131rk g\u00fcn hasta yatt\u0131m, kap\u0131m \u00e7almad\u0131<\/span><\/b><\/p>\n<p style=\"text-align: justify; text-indent: 14.2pt;\"><b><span style=\"font-size: 11pt; font-family: 'Arial','sans-serif';\">On y\u0131ld\u0131r \u00e7ocuklar, haber salmad\u0131<\/span><\/b><\/p>\n<p style=\"text-align: justify; text-indent: 14.2pt;\"><b><span style=\"font-size: 11pt; font-family: 'Arial','sans-serif';\">Tek yolda\u015f\u0131m kald\u0131, o da k\u00f6pe\u011fim!<\/span><\/b><\/p>\n<p style=\"text-align: justify; text-indent: 14.2pt;\"><b><span style=\"font-size: 11pt; font-family: 'Arial','sans-serif';\">&nbsp;<\/span><\/b><\/p>\n<p style=\"text-align: justify; text-indent: 14.2pt;\"><b><span style=\"font-size: 11pt; font-family: 'Arial','sans-serif';\">Ne edep, ne h\u00fcrmet; her taraf pislik<\/span><\/b><\/p>\n<p style=\"text-align: justify; text-indent: 14.2pt;\"><b><span style=\"font-size: 11pt; font-family: 'Arial','sans-serif';\">Medeniyet sand\u0131k, \u00e7a\u011fda\u015f hapislik<\/span><\/b><\/p>\n<p style=\"text-align: justify; text-indent: 14.2pt;\"><b><span style=\"font-size: 11pt; font-family: 'Arial','sans-serif';\">Sard\u0131 ruhumuzu, k\u00fcf\u00fcr habislik<\/span><\/b><\/p>\n<p style=\"text-align: justify; text-indent: 14.2pt;\"><b><span style=\"font-size: 11pt; font-family: 'Arial','sans-serif';\">Eh k\u00f6pekle yatt\u0131m, ite gebeyim!<\/span><\/b><\/p>\n<p style=\"text-align: justify; text-indent: 14.2pt;\"><b><span style=\"font-size: 11pt; font-family: 'Arial','sans-serif';\">&nbsp;<\/span><\/b><\/p>\n<p style=\"text-align: justify; text-indent: 14.2pt;\"><b><span style=\"font-size: 11pt; font-family: 'Arial','sans-serif';\">Sahibim ad\u0131na, b\u00fct\u00fcn avlar\u0131m<\/span><\/b><\/p>\n<p style=\"text-align: justify; text-indent: 14.2pt;\"><b><span style=\"font-size: 11pt; font-family: 'Arial','sans-serif';\">Halk\u0131m\u0131 g\u00e2vurlar, i\u00e7in tavlar\u0131m<\/span><\/b><\/p>\n<p style=\"text-align: justify; text-indent: 14.2pt;\"><b><span style=\"font-size: 11pt; font-family: 'Arial','sans-serif';\">Tasmam Amerka\u2019dan, elbet havlar\u0131m<\/span><\/b><\/p>\n<p style=\"text-align: justify; text-indent: 14.2pt;\"><b><span style=\"font-size: 11pt; font-family: 'Arial','sans-serif';\">\u00c7\u00fcnk\u00fc Siyonizm\u2019e, ba\u011fl\u0131 g\u00f6be\u011fi<\/span><\/b><b><span style=\"font-size: 10pt; font-family: 'Arial','sans-serif';\">m!<\/span><\/b><\/p>\n<p style=\"text-align: justify; text-indent: 14.2pt;\"><b><span style=\"font-size: 10pt; font-family: 'Arial','sans-serif';\">&nbsp;<\/span><\/b><\/p>\n<p style=\"text-align: justify; text-indent: 14.2pt;\"><b><span style=\"font-size: 10pt; font-family: 'Arial','sans-serif';\">\u00c7a\u011fda\u015fl\u0131k ahlak\u0131, eylemi\u015f ters y\u00fcz<\/span><\/b><\/p>\n<p style=\"text-align: justify; text-indent: 14.2pt;\"><b><span style=\"font-size: 10pt; font-family: 'Arial','sans-serif';\">Ensest ili\u015fkiler, \u0131rza tecav\u00fcz\u2026<\/span><\/b><\/p>\n<p style=\"text-align: justify; text-indent: 14.2pt;\"><b><span style=\"font-size: 10pt; font-family: 'Arial','sans-serif';\">\u0130tperestler, putperestten \u00e7ok \u00f6k\u00fcz<\/span><\/b><\/p>\n<p style=\"text-align: justify; text-indent: 14.2pt;\"><b><span style=\"font-size: 10pt; font-family: 'Arial','sans-serif';\">Babas\u0131 belirsiz, p..tir bebe\u011fim!<\/span><\/b><\/p>\n<p style=\"text-align: justify; text-indent: 14.2pt;\"><b><span style=\"font-size: 10pt; font-family: 'Arial','sans-serif';\">&nbsp;<\/span><\/b><\/p>\n<p style=\"text-align: justify; text-indent: 14.2pt;\"><b><span style=\"font-size: 10pt; font-family: 'Arial','sans-serif';\">Ahiret yok, burda; ya\u015far batar\u0131m<\/span><\/b><\/p>\n<p style=\"text-align: justify; text-indent: 14.2pt;\"><b><span style=\"font-size: 10pt; font-family: 'Arial','sans-serif';\">Domuz ete, it mamas\u0131 katar\u0131m<\/span><\/b><\/p>\n<p style=\"text-align: justify; text-indent: 14.2pt;\"><b><span style=\"font-size: 10pt; font-family: 'Arial','sans-serif';\">\u00c7\u0131kar i\u00e7in namus, vatan satar\u0131m<\/span><\/b><\/p>\n<p style=\"text-align: justify; text-indent: 14.2pt;\"><b><span style=\"font-size: 10pt; font-family: 'Arial','sans-serif';\">Yeterki verilsin, ya\u011fl\u0131 kemi\u011fim!<\/span><\/b><b><span style=\"font-size: 11pt; font-family: 'Arial','sans-serif';\"><\/span><\/b><\/p>\n","protected":false},"excerpt":{"rendered":"<p>&nbsp; \u0130stiklal Mar\u015f\u0131 \u015fairimiz ve Milli m\u00fctefekkirimiz Mehmet Akif\u2019in \u201cTek di\u015fi kalm\u0131\u015f canavar\u201d diye nitelendirdi\u011fi Barbar Bat\u0131 Medeniyeti, Hindistan\u2019daki \u201cinek taparl\u0131ktan\u201d daha baya\u011f\u0131 ve a\u015fa\u011f\u0131 bir \u201ck\u00f6pek-taparl\u0131k\u201d derekesine d\u00fc\u015fm\u00fc\u015f bulunmaktad\u0131r. Ruhsuz, \u015fuursuz ve tabi huzursuz Bat\u0131l\u0131lar ve taklit\u00e7i ardl\u0131lar\u0131, mecburen kutsad\u0131klar\u0131 k\u00f6peklerle avunmaya ve kahredici yaln\u0131zl\u0131klar\u0131n\u0131 unutmaya \u00e7al\u0131\u015fmaktad\u0131r. Elbette ve kesinlikle Allah\u2019\u0131n yaratt\u0131\u011f\u0131 her \u015fey [&hellip;]<\/p>\n","protected":false},"author":51,"featured_media":0,"comment_status":"open","ping_status":"closed","sticky":false,"template":"","format":"standard","meta":{"footnotes":""},"categories":[141],"tags":[],"class_list":["post-2415","post","type-post","status-publish","format-standard","hentry","category-ekim-2012"],"_links":{"self":[{"href":"https:\/\/www.millicozum.com\/mc\/wp-json\/wp\/v2\/posts\/2415","targetHints":{"allow":["GET"]}}],"collection":[{"href":"https:\/\/www.millicozum.com\/mc\/wp-json\/wp\/v2\/posts"}],"about":[{"href":"https:\/\/www.millicozum.com\/mc\/wp-json\/wp\/v2\/types\/post"}],"author":[{"embeddable":true,"href":"https:\/\/www.millicozum.com\/mc\/wp-json\/wp\/v2\/users\/51"}],"replies":[{"embeddable":true,"href":"https:\/\/www.millicozum.com\/mc\/wp-json\/wp\/v2\/comments?post=2415"}],"version-history":[{"count":0,"href":"https:\/\/www.millicozum.com\/mc\/wp-json\/wp\/v2\/posts\/2415\/revisions"}],"wp:attachment":[{"href":"https:\/\/www.millicozum.com\/mc\/wp-json\/wp\/v2\/media?parent=2415"}],"wp:term":[{"taxonomy":"category","embeddable":true,"href":"https:\/\/www.millicozum.com\/mc\/wp-json\/wp\/v2\/categories?post=2415"},{"taxonomy":"post_tag","embeddable":true,"href":"https:\/\/www.millicozum.com\/mc\/wp-json\/wp\/v2\/tags?post=2415"}],"curies":[{"name":"wp","href":"https:\/\/api.w.org\/{rel}","templated":true}]}}