{"id":243,"date":"2006-11-24T02:06:01","date_gmt":"2006-11-24T02:06:01","guid":{"rendered":"https:\/\/www.millicozum.com\/mc\/2006\/11\/24\/akpn-tikani-ve-tayy-bey-marikli\/"},"modified":"2006-11-24T02:06:01","modified_gmt":"2006-11-24T02:06:01","slug":"akpnin-tikanisi-ve-tayyip-beyin-simarikligi","status":"publish","type":"post","link":"https:\/\/www.millicozum.com\/mc\/2006\/mart-2006\/akpnin-tikanisi-ve-tayyip-beyin-simarikligi\/","title":{"rendered":"AKP&#8217;N\u0130N TIKANI\u015eI VE TAYY\u0130P BEY&#8217;\u0130N \u015eIMARIKLI\u011eI!"},"content":{"rendered":"<p>\u00a0  <\/p>\n<p> Ba\u015fbakan Recep Tayyip Erdo\u011fan, Mersin&#39;de kendisini protesto eden ve &quot;anam\u0131z\u0131 a\u011flatt\u0131n\u0131z&quot; diyen bir \u00e7ift\u00e7iye &quot;Lan terbiyesizlik yapma&quot; diye azarl\u0131yor!  <\/p>\n<p> Mersin merkeze ba\u011fl\u0131 Kuyuluk Beldesi&#39;nde \u00e7ift\u00e7ilik yapan Kemal \u00d6ncel&#39;in\u00a0 &quot;Anam\u0131z\u0131 a\u011flatt\u0131n\u0131z be A\u015fk olsun size a\u015fk olsun. Tar\u0131m Bakan\u0131 Anayasa&#39;y\u0131 ihlal ediyor. Yetmedi mi? \u00d6ld\u00fck, bittik say\u0131n ba\u015fbakan\u0131m. Hangi y\u00fczle geldin buraya?&quot; diye ba\u011f\u0131rmas\u0131 \u00fczerine \u00e7ift\u00e7iyle Ba\u015fbakan aras\u0131nda \u015fu konu\u015fma ge\u00e7iyor:  <\/p>\n<p> Ba\u015fbakan: B\u00f6yle ba\u011f\u0131r\u0131lmaz ki terbiyesizlik yapma!  <\/p>\n<p> Kemal \u00d6ncel: Terbiyesizlik yapm\u0131yorum L\u00fctfen bana hakaret etmeyin.  <\/p>\n<p> Ba\u015fbakan: Artistlik yapma lan!&#8230;  <\/p>\n<p> Kemal \u00d6ncel: Artistlik yapm\u0131yorum. Ben sanat\u00e7\u0131 de\u011filim&#8230;  <\/p>\n<p>  \u00a0  <\/p>\n<p> Ba\u015fbakan: \u0130yi bir sanat\u00e7\u0131s\u0131n!.  <\/p>\n<p> Kemal \u00d6ncel:Tar\u0131m Bakan\u0131m\u0131z\u0131n Anayasa&#39;y\u0131 ihlal etti\u011fini biliyor musunuz?  <\/p>\n<p> Ba\u015fbakan: Lan terbiyesizlik yapma!  <\/p>\n<p> Kemal \u00d6ncel: Lan m\u0131?  <\/p>\n<p> Ba\u015fbakan: Evet!..  <\/p>\n<p> Kemal \u00d6ncel: Lan m\u0131? Can\u0131n sa\u011f olsun.  <\/p>\n<p> Ba\u015fbakan: \u015eu anda \u00e7ift\u00e7iye ne verildi\u011finin fark\u0131nda m\u0131s\u0131n?  <\/p>\n<p> Kemal \u00d6ncel: Ne zaman?  <\/p>\n<p> Ba\u015fbakan: \u015eimdi.  <\/p>\n<p> Kemal \u00d6ncel: Benim mahsul\u00fcm \u00f6ld\u00fckten sonra m\u0131? 2 senedir anam\u0131z a\u011fl\u0131yor.  <\/p>\n<p> Ba\u015fbakan: Hadi anan\u0131 al git buradan!&#8230;  <\/p>\n<p> \u00c7it\u00e7i \u00d6ncel, Ba\u015fbakan&#39;\u0131n bu s\u00f6zleri \u00fczerine korumalar\u0131n da kendisini uzakla\u015ft\u0131rmas\u0131 \u00fczerine &quot;Suya muhta\u00e7 olduk. Lan diye hitap etme. Ay\u0131p be&quot; diye s\u00f6ylenerek ayr\u0131l\u0131yor.<a name=\"_ftnref1\" href=\"#_ftn1\" title=\"_ftnref1\">[1]<\/a>  <\/p>\n<p> \u0130\u015fte Ba\u015fbakan&#39;\u0131n bu \u015f\u0131mar\u0131kl\u0131\u011f\u0131 asl\u0131nda t\u00fckeni\u015fin ve t\u0131kan\u0131\u015f\u0131n bir ifadesidir.  <\/p>\n<p> <strong>28 \u015eubat&#39;\u0131n Sepetinden AKP \u00c7\u0131kt\u0131!<\/strong>  <\/p>\n<p> <strong>2006&#39;n\u0131n Sepetinden de &quot;Y\u00fcce Divan&quot; \u00c7\u0131kmas\u0131n!<\/strong>  <\/p>\n<p> &quot;28 \u015eubat Dolmu\u015fu&#39;na bindirilen T\u00fcrkiye&quot; sayesinde &quot;Yenilik\u00e7iler&#39;e haz\u0131rlanan yumu\u015fak minder&quot;; \u00fc\u00e7 y\u0131ll\u0131k kullan\u0131m s\u00fcresini doldurmu\u015f bulunuyor. Aradan ge\u00e7en \u00fc\u00e7 y\u0131l\u0131 a\u015fk\u0131n s\u00fcre i\u00e7inde minder bir hayli y\u0131prand\u0131 ve deforme oldu. Ancak Yenilik\u00e7iler&#39;e haz\u0131rlanan ve bu zamana kadar hasbel kader gelen bu yumu\u015fak minderin en b\u00fcy\u00fck S.O.S&#39;i 2006 Y\u0131l\u0131 i\u00e7inde verece\u011fi de yads\u0131namaz bir ger\u00e7ek!  <\/p>\n<p> Zira T\u00fcrkiye&#39;yi bir anda \u00e7epe\u00e7evre sar\u0131veren &quot;\u015fer&#39;i tehlike&quot; nas\u0131l bize AKP \u0130ktidar\u0131 olarak d\u00f6nd\u00fcyse; 3 y\u0131l i\u00e7inde AKP taraf\u0131ndan vizyona koyulmu\u015f olan t\u00fcm &quot;k\u0131sa ve uzun metrajl\u0131 filmler&quot; de Y\u00fcce Divan olarak geri d\u00f6nece\u011fe benzer.  <\/p>\n<p> (Ger\u00e7i Erdo\u011fan ve siyasetteki yak\u0131n korumalar\u0131 i\u00e7in &quot;koltuksuz kalma&quot;n\u0131n &quot;Y\u00fcce Divan S\u00fcreci&#39;nin onur k\u0131r\u0131c\u0131l\u0131\u011f\u0131&quot;ndan \u00e7ok daha vahim bir hadise oldu\u011funu biliyoruz ancak \u00f6n\u00fcm\u00fczdeki s\u00fcre\u00e7 i\u00e7inde iki durumun birden ya\u015fanacak olmas\u0131 da san\u0131r\u0131z pek engellenebilir bir durum de\u011fil.)  <\/p>\n<p> Ve bu d\u00f6n\u00fc\u015f\u00fcm, \u015f\u00fcphesiz 3 Kas\u0131m 2002 Genel Se\u00e7imleri \u00f6ncesindeki uluslararas\u0131 haz\u0131rl\u0131klar ile 2002 sonras\u0131ndaki iktidar d\u00f6neminin 2006&#39;ta do\u011furaca\u011f\u0131 &quot;bumerang etkisi&quot; olacak&#8230; Yani AKP \u0130ktidar\u0131, 28 \u015eubat S\u00fcreci&#39;yle kendilerine haz\u0131rlanan iktidar koltu\u011funun ve bu me\u015fakkatle haz\u0131rlanm\u0131\u015f b\u00fcy\u00fcl\u00fc koltu\u011fa oturduktan sonra izledi\u011fi apolitik ve astratejik siyasetin as\u0131l meyvesini, &quot;e\u015fi\u011finde bulundu\u011fumuz yak\u0131n siyasi s\u00fcre\u00e7&quot; ile alm\u0131\u015f olacak.\u00a0\u00a0  <\/p>\n<p> Sonu\u00e7ta yap\u0131lan i\u015fler &quot;do\u011fru&quot; oldu\u011funda size geri d\u00f6nmesi elbet pozitif bir durum. Ancak yap\u0131lanlar T\u00fcrkiye Cumhuriyeti Devleti&#39;nin ba\u015f\u0131na \u00e7orap \u00f6rmek gibi tehlikeli i\u015fler ise; bu d\u00f6n\u00fc\u015f pek de hayra alamet de\u011fil! T\u0131pk\u0131 4 Temmuz 2003&#39;de T\u00fcrkiye Cumhuriyeti Devleti&#39;nin dik ba\u015f\u0131na \u00e7uval ge\u00e7irmeye kalkanlar\u0131n &quot;ana bellek&quot;e d\u00fc\u015f\u00fclen &quot;tarihi&quot; kay\u0131tlar\u0131 gibi&#8230;  <\/p>\n<p> Ne var ki 2002&#39;den bu yana devam eden ve \u00f6zellikle 2005 Y\u0131l\u0131 i\u00e7inde birbirine de\u011fmeye ba\u015flayan kuyruklarla iyiden iyiye su \u00fcst\u00fcne \u00e7\u0131kan &quot;politik ve diplomatik k\u0131sadevreler&quot;i bir kez daha hat\u0131rlamakta fayda var.  <\/p>\n<p> Hat\u0131rlanmas\u0131 gereken &quot;tehlikeli iktidar oyunlar\u0131&quot;n\u0131n ba\u015f\u0131nda, suyun ba\u015f\u0131n\u0131 tutan IMF ve D\u00fcnya Bankas\u0131&#39;n\u0131n y\u00fcksek (!) kontrollerinde g\u00f6t\u00fcr\u00fclen ve s\u00f6zde bir &quot;AKP inisiyatifi&quot; olarak ger\u00e7ekle\u015fen &quot;\u00f6zelle\u015ftirme s\u00fcreci&quot; geliyor. Dolay\u0131s\u0131yla bu &quot;bol keseden harcayan mirasyedi siyaset anlay\u0131\u015f\u0131n\u0131n hesap \u00e7izelgesi&quot;; 2006 Y\u0131l\u0131 i\u00e7inde &quot;ilgililer&quot;e teslim edilecek dok\u00fcmantasyonun en \u00f6nemli b\u00f6l\u00fcmlerinden biri.  <\/p>\n<p> ABD&#39;nin Irak&#39;\u0131 i\u015fgali ile entegre g\u00f6t\u00fcr\u00fclen Kuzey Irak&#39;taki PKK yap\u0131lanmas\u0131, buna kar\u015f\u0131 verilen &quot;sanal m\u00fccadele&quot; ve ABD Askerleri ile K\u00fcrtler&#39;in &quot;ortak&quot; bir operasyonu olan T\u00fcrk K\u0131r\u0131m\u0131&#39;na kar\u015f\u0131 izlenen &quot;k\u00f6r sa\u011f\u0131r politikas\u0131&quot; ise \u00e7izelgenin bir di\u011fer k\u0131sm\u0131.  <\/p>\n<p> \u0130ngiltere gibi tebess\u00fcmkar bir &quot;truva at\u0131&quot;ndan Avustralya&#39;ya ge\u00e7en d\u00f6nem ba\u015fkanl\u0131\u011f\u0131yla da iyiden iyiye karaya oturacak olan &quot;AB ser\u00fcveni&quot; ise; AKP&#39;nin elinde patlamaya aday bombalardan bir di\u011feri olarak hesap \u00e7izelgesinde yer tutan belki de en kapsaml\u0131 madde.  <\/p>\n<p> (AB Maceras\u0131&#39;n\u0131n yak\u0131n s\u00fcre\u00e7teki hediyelerinden biri olan yarg\u0131sal atraksiyonlar\u0131n, T\u00fcrkiye&#39;ye, &quot;sonu pek hayra alamet olmayan bir af zinciri&quot; olarak yans\u0131mas\u0131 ise; &quot;yama tutmaz bariz a\u00e7\u0131klar&quot;dan yaln\u0131zca bir tanesi.)  <\/p>\n<p> Ger\u00e7i bu bomba (AB S\u00fcreci), patlama a\u015famas\u0131na \u00e7ok yakla\u015ft\u0131\u011f\u0131 g\u00fcn\u00fcm\u00fcze gelinceye de\u011fin g\u00f6rmesi istenen i\u015flevi fazlas\u0131yla g\u00f6rd\u00fc. Zira m\u00fczakerelerin ba\u015flamas\u0131 hususunu &quot;BOP-AB senkronizasyonu&quot; \u00e7er\u00e7evesinde verdi\u011fi s\u00f6zlere bor\u00e7lu olan AKP, bu a\u015famada g\u00fcmlemeden yoluna devam edebildiyse; bu &quot;sanal ba\u015far\u0131&quot;n\u0131n kerameti i\u015fte tam da buydu!  <\/p>\n<p> Sonu\u00e7ta AKP, T\u00fcrkiye&#39;nin uluslararas\u0131 arenada g\u00fcmlemesini kendi siyasi g\u00fcmlemesine tercih ederek, &quot;hi\u00e7bir\u015fey almadan ve garantilemeden s\u00fcrekli ba\u011f\u0131\u015flama stratejisine dayal\u0131 olan AB se\u00e7ene\u011fi&quot;ni k\u00f6r\u00fck\u00f6r\u00fcne kuvvetlendirme yoluna gitti. Nas\u0131l m\u0131? Bundan on y\u0131l \u00f6nce AB&#39;ye ate\u015f p\u00fcsk\u00fcren bir siyasi kadro olmalar\u0131na ra\u011fmen \u015fimdilerde &quot;medeniyetler ittifak\u0131&quot; gibi bir &quot;diplomatik aldatmaca&quot;n\u0131n form\u00fcl\u00fcn\u00fc AB \u015feklinde \u00f6zetleyip, bu fazlas\u0131yla s\u0131r\u0131tan aldatmaca \u00fczerinden siyasi nutuklar atarak&#8230;  <\/p>\n<p> \u015eimdi ise zorlu AB s\u00fcrecini yerinden k\u0131p\u0131rdatabilmek i\u00e7in &quot;Al\u0131n \u015fu \u00f6zelle\u015ftirmeleri, ba\u015flat\u0131n m\u00fczakereleri!&quot; demenin de d\u00fcmende kalabilmek i\u00e7in yeterli olmad\u0131\u011f\u0131 noktaya gelmi\u015f bulunuyoruz!  <\/p>\n<p> ABD-\u0130srail ve \u0130ngiltere&#39;den m\u00fcte\u015fekkil &quot;muhte\u015fem \u00fc\u00e7l\u00fc&quot;n\u00fcn BOP Sofras\u0131 konusunda kabaran i\u015ftah\u0131 ve s\u0131f\u0131rlanan sabr\u0131, bu \u00fc\u00e7l\u00fcy\u00fc Afganistan-Irak ekseninden \u0130ran-Suriye hatt\u0131na do\u011fru \u00e7ekmeye ba\u015flar ba\u015flamaz, talep edilen ayn\u0131 \u015fey de olsa talep edenlerin birden fazlala\u015f\u0131vermesi ise; gelinen s\u0131n\u0131r noktas\u0131n\u0131n do\u011fal bir \u00fcr\u00fcn\u00fc durumunda.\u00a0  <\/p>\n<p> Tescilli bir AKP yay\u0131n\u0131 olan gazetelerden birinde takma isimle yazd\u0131\u011f\u0131 &quot;derin&quot; k\u00f6\u015fesiyle AKP&#39;nin arkas\u0131n\u0131 toplayabilmek ad\u0131na cansiperhane \u00e7al\u0131\u015fan bir yazarkasam\u0131z; her ne kadar bas\u0131n\u0131n \u00fczerinde durdu\u011fu s\u0131cak uluslararas\u0131 trafi\u011fin dikkat \u00e7ekicili\u011fini &quot;Bunlar \u00e7ok \u00f6nemli \u015feyler de\u011fil!&quot; diyerek hafifletmeye \u00e7al\u0131\u015fsa da, bu kaba\u011f\u0131n neresini kapatabileceksiniz ki!  <\/p>\n<p> Zira bu kaba\u011f\u0131 \u00f6rtmeye ne AKP&#39;nin arkas\u0131n\u0131 toplamak i\u00e7in \u015fekilden \u015fekle giren binbir suratlar\u0131n ya da sahte kalem\u015f\u00f6rlerin fedakar \u00e7abalar\u0131, ne de &quot;Ziyaretlerin hepsi rutin ve bu ziyaretler \u0130ran ile Suriye konular\u0131yla ba\u011flant\u0131l\u0131 da de\u011fil. Bu savlar\u0131n hepsi hayal \u00fcr\u00fcn\u00fc!&quot; diyen D\u0131\u015fi\u015fleri Bakan\u0131 Abdullah G\u00fcl&#39;\u00fcn fazlas\u0131yla inand\u0131r\u0131c\u0131 buldu\u011fumuz a\u00e7\u0131klamalar\u0131 yeter.  <\/p>\n<p> CIA, FBI, ABD Askeri Kanad\u0131, NATO Cephesi, \u0130srail ve \u0130ran&#39;dan gelen a\u011f\u0131r misafirler derken, yeni y\u0131l\u0131n ilk aylar\u0131nda T\u00fcrkiye bir de ABD D\u0131\u015fi\u015fleri Bakan\u0131 ve kendisi reddetse de yak\u0131ndaki ba\u015fkanl\u0131k se\u00e7imleri i\u00e7in ismi ge\u00e7en C. Rice&#39;\u0131 a\u011f\u0131rlamaya haz\u0131rlan\u0131yor. Ayr\u0131ca \u0130ngiltere D\u0131\u015fi\u015fleri Bakan\u0131 Jack Straw ile ABD Genelkurmay Ba\u015fkan\u0131 da yeni y\u0131l\u0131n ilk aylar\u0131nda beklenen a\u011f\u0131r misafirler aras\u0131nda.\u00a0 (Ve Allah sizi inand\u0131rs\u0131n, bunlar da rutin! Eskiden de bu kadar rutin miydik biz&#8230;?)  <\/p>\n<p> \u00a0&quot;Hangi Sand\u0131k&quot;la Geldiniz ki, \u015fimdi yine Sand\u0131\u011fa Sar\u0131lmaya Kalk\u0131yorsunuz Say\u0131n Ba\u015fbakan!  <\/p>\n<p> AKP&#39;ce izlenen tutars\u0131z ve teslimiyet\u00e7i politikalar sayesinde s\u00fcrekli pres hale gelmeye al\u0131\u015ft\u0131r\u0131lan T\u00fcrkiye, ABD-\u0130srail Kanad\u0131 ile \u0130ran aras\u0131nda \u00e7apraz ate\u015fe tutuladursun; bu &quot;kaos&quot;un y\u00fcksek mimar\u0131 Say\u0131n Tayyip Erdo\u011fan ise kendini &quot;Egemenlik kay\u0131ts\u0131z \u015farts\u0131z milletindir!&quot; yarg\u0131s\u0131na olan derin ba\u011fl\u0131l\u0131klar\u0131n\u0131 bildirmeye veriyor!\u00a0\u00a0  <\/p>\n<p> Ba\u015fbakan Erdo\u011fan&#39;\u0131n &quot;Egemenlik kay\u0131ts\u0131z \u015farts\u0131z milletindir!&quot; yarg\u0131s\u0131na kar\u015f\u0131 apans\u0131z\u0131n beliren bu derin muhabbetinin arkas\u0131nda acaba hangi korku yat\u0131yor?  <\/p>\n<p> Say\u0131n Ba\u015fbakan Devleti&#39;ni y\u00f6netebilmek konusundaki beceriksizli\u011fini kapatabilmekte ba\u015far\u0131s\u0131z oldu\u011fu i\u00e7in ba\u015f\u0131na gelecekleri anlad\u0131 da; pazarl\u0131k masalar\u0131ndayken akl\u0131na bile getirmedi\u011fi millet iradesine mi sar\u0131lmaya ba\u015flad\u0131 acaba?  <\/p>\n<p> E\u011fer \u00f6yleyse, &quot;Sand\u0131kla geldim, sand\u0131kla giderim!&quot; mesajlar\u0131 \u00fczerinden siyasi bir hamaset r\u00fczgar\u0131 yaratmaya \u00e7al\u0131\u015fan ba\u015fbakana, kendisini iktidara getiren sand\u0131\u011f\u0131n kimler taraf\u0131ndan, hangi entrikalarla haz\u0131rland\u0131\u011f\u0131n\u0131 hat\u0131rlatmam\u0131z gerekecek!  <\/p>\n<p> &quot;AKP&#39;nin ampul\u00fc Y\u00fcce Divan&#39;a kadar yanar!&quot; \u015feklinde modernize edebilece\u011fimiz bir tanesini hemen hat\u0131rlatal\u0131m mesela..!  <\/p>\n<p> <strong>&quot;Abbas Yolcu!&quot; Diyenler Haks\u0131z G\u00f6r\u00fcnm\u00fcyor!<\/strong>  <\/p>\n<p> Sonu\u00e7ta artan uluslararas\u0131 trafi\u011fin i\u00e7inden \u00e7\u0131kabilecek kredisi kalmayan bir iktidar resmi, y\u00fckselen meclis tansiyonu, Erdo\u011fan&#39;\u0131n daralan sabr\u0131 ve sertle\u015fen \u00fcsl\u00fbbu da a\u00e7\u0131k\u00e7a g\u00f6steriyor ki; Ana Muhalefet Lideri Say\u0131n Baykal&#39;\u0131n dillendirdi\u011fi &quot;Abbas yolcu!&quot; mesaj\u0131, hi\u00e7 de yersiz bir y\u00fckleni\u015f de\u011fil!  <\/p>\n<p> Kald\u0131 ki bu a\u00e7\u0131k mesaj\u0131n k\u00f6klerini Y\u00d6K ile ya\u015fanan polemikler, siyasi gaflarla dolu Diyarbak\u0131r ziyareti ve sonras\u0131nda ya\u015fanan tart\u0131\u015fmalarla da yakinen g\u00f6rd\u00fck.  <\/p>\n<p> Say\u0131n Ba\u015fbakan, &quot;T\u00fcrkiye&#39;nin olmayan kimlik sorunu&quot;nu kendine has y\u00f6ntemlerle \u00e7\u00f6zmeye \u00e7al\u0131\u015ft\u0131 ancak bu s\u00fcre\u00e7 i\u00e7inde san\u0131r\u0131z kendi kendisini ba\u011flad\u0131!  <\/p>\n<p> K\u00f6ks\u00fcz Bir Siyasi Olu\u015fum, Bir Siyaset Mantar\u0131 AKP; &quot;Reform Partisi&quot; Olarak Pazarlan\u0131nca&#8230;  <\/p>\n<p> T\u00fcrk Siyasi Hayat\u0131&#39;nda &quot;tek ba\u015f\u0131na iktidar ba\u015far\u0131s\u0131&quot;na eri\u015febilmi\u015f 3. parti AKP! Evet, bu &quot;nesnel bir ger\u00e7eklik&quot;! Ancak acaba AKP&#39;yi &quot;DP ya da ANAP gibi &#8216;kemik oy&#39; yap\u0131s\u0131na sahip, y\u00fckseli\u015fi bu &#8216;kemikle\u015fme&#39;ye parelel arz etmi\u015f bir kitle partisi&quot; ile e\u015fle\u015ftirmek ne kadar m\u00fcmk\u00fcn?  <\/p>\n<p> Yan\u0131t\u0131 hemen verelim! Bunun ne kadar\u0131 falan yok! B\u00f6ylesi bir e\u015fle\u015ftirme tamamen imkans\u0131z! Zira AKP, &quot;sistem partilerine duyulan yo\u011funla\u015fm\u0131\u015f se\u00e7men tepkisinin bir anda zuhur etti\u011fi zorunlu bir adres&quot; olarak T\u00fcrk Siyasi Hayat\u0131&#39;na girmi\u015f ve &quot;k\u00fcresel tefeciler&quot;in &quot;28 \u015eubat&quot; gibi, &quot;YSK&#39;ya m\u00fcdahale&quot; gibi etkili destekleri ile &quot;iktidar g\u00fcc\u00fc&quot;ne eri\u015ftirilmi\u015f &quot;k\u00f6ks\u00fcz saps\u0131z bir siyaset mantar\u0131&quot;d\u0131r. Bu siyaset mantar\u0131n\u0131n ani boyveri\u015fini bir &quot;demokrasi kazas\u0131&quot; olarak nitelemek de m\u00fcmk\u00fcn asl\u0131nda.  <\/p>\n<p> Dolay\u0131s\u0131yla AKP&#39;nin iktidar merdivenleri t\u0131rmand\u0131\u011f\u0131 gibi, ayn\u0131\u00a0 h\u0131zla eriyip tuzla buz olmas\u0131 da son derece mant\u0131ksal bir durum. Zira AKP; DP ve ANAP gibi k\u00f6k\u00fcn\u00fc besleyerek geli\u015fip serpilmi\u015f bir siyasi yap\u0131 olman\u0131n \u00e7ok uza\u011f\u0131nda.  <\/p>\n<p> Peki b\u00f6ylesi bir &quot;k\u00f6ks\u00fcz saps\u0131z siyaset mantar\u0131&quot;n\u0131n bir &quot;reform partisi&quot; olarak pazarlanmas\u0131na ne demeli! &quot;Reform&quot; yapmak i\u00e7in \u015f\u00fcphesiz \u00f6nce y\u0131kmak gerekir. Y\u00fckl\u00fc oldu\u011fu &quot;d\u0131\u015f yaz\u0131l\u0131mlar&quot;dan ald\u0131\u011f\u0131 g\u00fc\u00e7 ve fikirle varolan t\u00fcm &quot;toplumsal de\u011ferler&quot;e ve &quot;b\u00fct\u00fcnle\u015ftirici semboller&quot;e sald\u0131rmay\u0131 vazife bilen bu iktidar\u0131n bir\u00e7ok yap\u0131y\u0131 y\u0131k\u0131p yerle bir etmeye \u00e7al\u0131\u015ft\u0131\u011f\u0131; hatta AB Uyum Yasalar\u0131 \u00e7er\u00e7evesinde bir\u00e7ok yap\u0131y\u0131 yok etti\u011fi s\u00f6ylenebilir. Bu anlamda AKP&#39;nin &quot;zemine format atmak&quot; ad\u0131na ger\u00e7ekten de y\u0131k\u0131c\u0131 oldu\u011fu kesin. Ne var ki yap\u0131lan\u0131n bir &quot;reform&quot; olabilmesi i\u00e7in y\u0131k\u0131lan\u0131n yerine koyulan bir\u015feyin olmas\u0131 ve yeni in\u015faan\u0131n eskisinden \u00e7ok daha etkin ve geli\u015fmi\u015f bir yap\u0131 halini almas\u0131 da bir zorunluluk. O halde soral\u0131m? Bir &quot;reform partisi olan AKP, y\u0131kt\u0131klar\u0131n\u0131n yerine ne koydu?  <\/p>\n<p> Ortaya konulan bir\u015fey varsa; o da yarat\u0131lan alt-\u00fcst kimlik tart\u0131\u015fmalar\u0131 t\u00fcr\u00fcnden d\u0131\u015f yaz\u0131l\u0131ml\u0131 vir\u00fcslerden ba\u015fka bir\u015fey de\u011fildir. Ancak \u015fu unutulmamal\u0131d\u0131r ki; T\u00fcrkiye ve T\u00fcrk Toplumu, tarihini bu ve buna benzer vir\u00fcslerle m\u00fccadele i\u00e7inde ge\u00e7irmi\u015ftir ve &quot;T\u00fcrk Toplumu ile T\u00fcrkiye Cumhuriyeti&#39;nin ebedi varl\u0131\u011f\u0131&quot;, \u00fczerimize sal\u0131nan bu vir\u00fcsler i\u00e7in geli\u015ftirilmi\u015f &quot;en etkili anti-vir\u00fcs program\u0131&quot;d\u0131r.  <\/p>\n<p> Ayr\u0131ca &quot;Tayyip Cumhurba\u015fkan\u0131, G\u00fcl Ba\u015fbakan! \u0130\u015fte at\u0131l\u0131m\u0131n, \u00e7\u00f6z\u00fcm\u00fcn form\u00fcl\u00fc!&quot; gibi &quot;tehlikeli bir hayal&quot;e kap\u0131lanlar ile bu hayali destekleyenlere de \u015funu s\u00f6ylemek gerekir; Bu form\u00fclasyon, zaman\u0131nda Ali \u015een muhaliflerinin dillendirdi\u011fi &quot;Ali \u015een Ba\u015fkan, Galatasaray \u015eampiyon!&quot; slogan\u0131ndan \u00f6teye gitmeyecek olan &quot;son derece hazin ve imkans\u0131z bir form\u00fclasyon&quot;dur.  <\/p>\n<p> Zira b\u00f6ylesi bir form\u00fcl\u00fcn hayatiyet kazanmas\u0131 ihtimali, T\u00fcrkiye Cumhuriyeti Devleti&#39;nin bekas\u0131n\u0131 tehlikeye sokacak ve mevcut anti-vir\u00fcs programlar\u0131n\u0131n h\u0131z ve kapasitesini fazlas\u0131yla y\u00fckseltecektir..!  <\/p>\n<p> <strong>Erdo\u011fan&#39;\u0131n Belal\u0131lar\u0131 Art\u0131yor! T\u00dcS\u0130AD AKP&#39;ye Ne Demek \u0130stiyor?<\/strong>  <\/p>\n<p> Ve Say\u0131n Erdo\u011fan&#39;\u0131n nas\u0131r\u0131na bas\u0131p 2006&#39;da a\u00e7\u0131\u011fa \u00e7\u0131kacak olan &quot;bumerang etkisi&quot;nin en \u00f6nemli sinyallerinden birini veren ba\u015fka bir cenah; T\u00dcS\u0130AD!  <\/p>\n<p> &quot;Nas\u0131r\u0131na basan&quot; diyoruz, \u00e7\u00fcnk\u00fc zaman\u0131nda AKP Te\u015fkilatlanmas\u0131&#39;nda \u00f6nemli bir halka i\u015flevi g\u00f6ren T\u00dcS\u0130AD, Say\u0131n Ba\u015fbakan&#39;\u0131n en \u00f6nemli emniyet \u015feritlerinden biri olan Zapsu&#39;nun \u00fczerinden iktidara verilebilecek en \u00f6nemli desteklerden birini sa\u011flam\u0131\u015f olmas\u0131na ra\u011fmen; son d\u00f6nemde ba\u015fbakan\u0131 fazlas\u0131yla huzursuz edecek sinyaller g\u00f6ndermeye ba\u015flad\u0131.  <\/p>\n<p> K\u0131sacas\u0131 gel zaman git zaman arada ya\u015fanan dalgalanmalar bu sahte dostlu\u011fu sekteye u\u011fratm\u0131\u015f ve en son ya\u015fanan T\u00dcS\u0130AD-Erdo\u011fan polemi\u011fiyle gerginlik daha da artm\u0131\u015f durumda.  <\/p>\n<p> Gelelim T\u00dcS\u0130AD&#39;a&#8230;  <\/p>\n<p> T\u00dcS\u0130AD, \u00c7in Seddi&#39;nin bat\u0131s\u0131 ile Viyana&#39;n\u0131n do\u011fusu aras\u0131ndaki en g\u00fc\u00e7l\u00fc i\u015fadam\u0131 \u00f6rg\u00fct\u00fcd\u00fcr ve a\u00e7\u0131l\u0131m\u0131 da T\u00fcrk Sanayici ve \u0130\u015fadamlar\u0131 Derne\u011fi&#39;dir.  <\/p>\n<p> T\u00dcS\u0130AD&#39;\u0131n a\u00e7\u0131l\u0131m\u0131ndan sonra \u00e7ok fazla s\u00f6z s\u00f6ylemeye gerek yok. Bu derne\u011fin tarihindeki en isabetli karar; Ecevit&#39;e kar\u015f\u0131 vermi\u015f oldu\u011fu gazete ilanlar\u0131d\u0131r. O ilanlar Ecevit&#39;in iktidar\u0131n\u0131 sonland\u0131rm\u0131\u015f ve T\u00dcS\u0130AD, alt\u0131 harflik k\u0131saltmas\u0131n\u0131n ilk iki harfini bu operasyonla haketmi\u015ftir. Ard\u0131ndan da S\u0130AD&#39;\u0131 haketmek i\u00e7in \u00e7abalam\u0131\u015ft\u0131r.  <\/p>\n<p> Ne var ki T\u00dcS\u0130AD, Ecevit&#39;in iktidar\u0131n\u0131 sonland\u0131rarak kazand\u0131\u011f\u0131 T\u00dcS\u0130AD&#39;\u0131n T\u00dc&#39;s\u00fcn\u00fc; IMF, Kemal Dervi\u015f ve nihayet AKP&#39;ye limitsiz destek vererek yine kaybetmi\u015ftir.  <\/p>\n<p> T\u00dcS\u0130AD&#39;\u0131n T\u00fcrkiye&#39;nin en etkili ve g\u00fc\u00e7l\u00fc derne\u011fi olarak bug\u00fcne kadar kendisinden beklenen kapsaml\u0131 ve derinlikli yakla\u015f\u0131mlar\u0131n\u0131 hemen hemen hi\u00e7 g\u00f6remedik. Dernek daha \u00e7ok elindeki ekonomik g\u00fcc\u00fc, &quot;iktidara gelen partilerden istedi\u011fini elde etmek&quot; \u015feklinde kullanarak en kolay yolu tercih etti.  <\/p>\n<p> Kamuoyu deste\u011fini hi\u00e7 \u00f6nemsemeyen T\u00dcS\u0130AD&#39;\u0131n son y\u0131llarda &quot;demokrasi&quot;, &quot;insan haklar\u0131&quot;, &quot;demokratik temsil&quot;, &quot;demokratik se\u00e7im&quot; gibi kavramlarla ger\u00e7ekle\u015ftirmeye \u00e7al\u0131\u015ft\u0131\u011f\u0131 hamleler ise marjinalle\u015fmesine sebep oldu.  <\/p>\n<p> \u00c7\u00fcnk\u00fc kulland\u0131\u011f\u0131 terminoloji, marjinal \u00f6rg\u00fctlerinki ile ayn\u0131yd\u0131. Halk\u0131 \u00e7\u0131ld\u0131rtan, &quot;Bunca \u00f6zg\u00fcrl\u00fck varken, daha ne istiyorlar!&quot; dedirten marjinal \u00f6rg\u00fct talepleri son y\u0131llarda en \u00e7ok AKP, T\u00dcS\u0130AD, DEHAP ve PKK taraf\u0131ndan dillendirilmi\u015fti.  <\/p>\n<p> T\u00dcS\u0130AD&#39;\u0131n AB&#39;deki ve bat\u0131n\u0131n di\u011fer varyantlar\u0131ndaki \u00fclkelerin entellekt\u00fcel, politik ve ekonomik apartlar\u0131ndan &quot;aferin&quot; almak i\u00e7in kulland\u0131\u011f\u0131 terminolojiyi, en \u00e7ok ihtiya\u00e7 duyaca\u011f\u0131 kamuoyu a\u00e7\u0131s\u0131ndan analiz etti\u011fine yaz\u0131k ki hi\u00e7 \u015fahit olamad\u0131k.  <\/p>\n<p> Daha a\u00e7\u0131k bir ifade ile marjinal terminoloji; IMF ve AB&#39;ye her hal\u00fckarda s\u0131n\u0131rs\u0131z destekle \u00f6nplana \u00e7\u0131kt\u0131. Kamuoyunun (\u00f6rg\u00fct\u00fc de ilgilendirmesi gereken) kayg\u0131lar\u0131n\u0131 hi\u00e7 dikkate almad\u0131.  <\/p>\n<p> Hat\u0131rlatmak gerekirse; Sabanc\u0131&#39;n\u0131n G\u00fcneydo\u011fu Sorunu&#39;na ili\u015fkin \u00e7\u0131k\u0131\u015f\u0131, \u015fahs\u0131n\u0131n sempatikli\u011fine ra\u011fmen kitlelerde &quot;so\u011fuk du\u015f etkisi&quot; yapm\u0131\u015ft\u0131.  <\/p>\n<p> IMF&#39;nin T\u00fcrkiye&#39;ye dayatt\u0131\u011f\u0131 her \u015fey, (T\u00dcS\u0130AD&#39;\u0131n alt\u0131n\u0131 oymas\u0131na ra\u011fmen) dernekten geni\u015f destek g\u00f6rm\u00fc\u015ft\u00fc. Dernek Mustafa S\u00fczer&#39;i, Mehmet Emin Karamehmet&#39;i, Cem Uzan&#39;\u0131 ve daha bir\u00e7ok i\u015fadam\u0131n\u0131 k\u00fcresel hilelerle soyan ve varl\u0131klar\u0131n\u0131 birilerine pe\u015fke\u015f \u00e7eken Kemal Dervi\u015f gibi kirli bir b\u00fcrokrat\u0131 sonuna kadar desteklemi\u015f ve korumu\u015ftu.  <\/p>\n<p> K\u0131sacas\u0131 derne\u011fin bu anlamda daha bir\u00e7ok etkinli\u011fi s\u0131ralanabilir, ama T\u00dcS\u0130AD&#39;\u0131n T\u00dc&#39;s\u00fc d\u00fc\u015feli bir hayli olmu\u015ftur&#8230;  <\/p>\n<p> T\u00dcS\u0130AD ve AKP&#39;yi nelerin biraraya getirdi\u011fini ve tuttu\u011funu ise; \u00f6zelle\u015ftirme ihaleleri, IMF politikalar\u0131 ve AB&#39;nin dayatt\u0131\u011f\u0131 kriterler ba\u011flam\u0131nda g\u00f6rd\u00fck. Her iki kurulu\u015fun da niyetlerinin k\u00f6t\u00fc oldu\u011funu hi\u00e7 d\u00fc\u015f\u00fcnmedik (!) ama icraatlar\u0131n\u0131n \u00e7o\u011funun kamuoyunu yaralad\u0131\u011f\u0131n\u0131 bilmelerinde fayda var.  <\/p>\n<p> Kar\u015f\u0131la\u015ft\u0131klar\u0131 genel diren\u00e7 de; &quot;kamuoyu&quot; dedi\u011fimiz milletten, T\u00fcrk Milleti&#39;nden kaynaklan\u0131yor. Art\u0131k a\u00e7\u0131k ve nettir ki; AKP ve AKP&#39;yi destekleyen her t\u00fcrl\u00fc olu\u015fum &quot;me\u015fruiyet&quot;ini yitirmi\u015ftir.  <\/p>\n<p> \u00c7\u00fcnk\u00fc T.B.M.M.&#39;nin ekseriyetini art\u0131k &quot;i\u015fgal&quot; eden AKP, \u00e7oktan beri marjinalle\u015fmi\u015f ve bunu gizlemek i\u00e7in de toplumun s\u0131cak bakaca\u011f\u0131 &quot;i\u00e7ki yasa\u011f\u0131&quot;, &quot;cami yapt\u0131rma&quot; ve g\u00fcya &quot;AB&#39;ye rest \u00e7ekme&quot; gibi &quot;kozmetik operasyonlar&quot;a giri\u015fmi\u015ftir.  <\/p>\n<p> Ak\u015fam Gazetesi&#39;nde \u00d6mer Sabanc\u0131, Ahmet Necdet Sezer ve Mustafa Ko\u00e7&#39;un yanyana g\u00f6r\u00fcnt\u00fclendi\u011fi foto\u011fraftaki resimde Recep Tayyip Erdo\u011fan&#39;\u0131n da olmas\u0131 gerekmez miydi mesela? Gerekirdi. \u00c7\u00fcnk\u00fc bu d\u00f6rtl\u00fc foto\u011fraf, &quot;kamuoyu deste\u011fini yitirmi\u015f ya da h\u0131zla yitirmekte olanlar&quot;\u0131 g\u00f6sterecekti.  <\/p>\n<p> Ger\u00e7ekten de Orhan Pamuk Davas\u0131&#39;na T\u00dcS\u0130AD&#39;\u0131n tepkisi b\u00f6yle mi olmal\u0131yd\u0131? Hay\u0131r! &quot;Milli duru\u015f sergilesin!&quot; gibi &#8211; hi\u00e7 ger\u00e7ekle\u015fmeyecek &#8211; bir beklentimiz yok. Ama T\u00dcS\u0130AD h\u00fck\u00fcmeti ele\u015ftirdi\u011fi kadar Pamuk&#39;u da ele\u015ftirebilir ve &quot;objektiflik ilkesi&quot;ni baz alabilirdi. T\u00dcS\u0130AD Pamuk&#39;u savunarak, yazar\u0131n d\u00fc\u015f\u00fcncelerini payla\u015ft\u0131\u011f\u0131 izlenimi vermi\u015ftir.  <\/p>\n<p> Ayr\u0131ca T\u00dcS\u0130AD&#39;\u0131n, &quot;cari a\u00e7\u0131k&quot; ile s\u0131n\u0131rlad\u0131\u011f\u0131 &quot;ekonomik risk&quot;in \u00e7ap\u0131n\u0131 gizledi\u011fini d\u00fc\u015f\u00fcnmek de \u00e7ok zor de\u011fil! Tabi T\u00dcS\u0130AD&#39;\u0131n bu tavr\u0131n\u0131 devam eden bir AKP deste\u011finden \u00e7ok T\u00fcrkiye Ekonomisi&#39;nin as\u0131l y\u00f6nlendiricisi olan &quot;k\u00fcresel tefeciler&quot;e ve onlarca y\u00fcr\u00fct\u00fclen politikalara duyulan derin ba\u011fl\u0131l\u0131k olarak okumak daha ger\u00e7ek\u00e7i bir yakla\u015f\u0131m olacak.  <\/p>\n<p> Ve resim bu olunca; T\u00dcS\u0130AD&#39;\u0131n yapt\u0131\u011f\u0131 \u00e7\u0131k\u0131\u015flar\u0131n &quot;asimetrik etkisi hesaplanm\u0131\u015f planl\u0131 vuru\u015flar&quot; oldu\u011funu d\u00fc\u015f\u00fcnmek ve bu vuru\u015flar\u0131n milli menfaatler a\u00e7\u0131s\u0131ndan kendi kalemize atm\u0131\u015f oldu\u011fumuz gollerden ibaret oldu\u011funu g\u00f6rmek de tercihi bir etkinlik olmasa gerek&#8230;  <\/p>\n<p> Ger\u00e7i bizim bunu g\u00f6rmemizden ziyade Say\u0131n Erdo\u011fan&#39;\u0131n T\u00dcS\u0130AD&#39;a pek g\u00fcven olmayaca\u011f\u0131n\u0131 ve &quot;filmin as\u0131l akt\u00f6rleri&quot;yle nikah tazelenmedi\u011fi m\u00fcddet\u00e7e (ki art\u0131k biraz zor) bu dirsek g\u00f6stermelere yenilerinin eklenebilece\u011fini g\u00f6rmesi gerekiyor.  <\/p>\n<p> Asli vazifesi s\u00fcrekli AKP&#39;yi kollamak olan &quot;cici man\u015fetler&quot;in birdenbire renk de\u011fi\u015ftiriverdi\u011fini bir d\u00fc\u015f\u00fcnsenize..!  <\/p>\n<p> Ne de olsa &quot;k\u00fcresel tefecilerin top on listesi&quot;nde hi\u00e7 de\u011fi\u015fmeyen bir hittir Ajda Pekkan&#39;\u0131n o me\u015fhur \u015fark\u0131s\u0131&#8230; &quot;Kimler geldi, kimler ge\u00e7ti!&quot; &#8230;<a name=\"_ftnref2\" href=\"#_ftn2\" title=\"_ftnref2\">[2]<\/a>  <\/p>\n<p align=\"center\"> &#160; <\/p>\n<p> <\/p>\n<hr \/>\n<p> <a name=\"_ftn1\" href=\"#_ftnref1\" title=\"_ftn1\">[1]<\/a> Milliyet \/ 11.02.2006  <\/p>\n<p> <a name=\"_ftn2\" href=\"#_ftnref2\" title=\"_ftn2\">[2]<\/a> SESAR \/ 17.01.2006  <\/p>\n","protected":false},"excerpt":{"rendered":"<p>\u00a0  <\/p>\n<p> Ba\u015fbakan Recep Tayyip Erdo\u011fan, Mersin&#39;de kendisini protesto eden ve &quot;anam\u0131z\u0131 a\u011flatt\u0131n\u0131z&quot; diyen bir \u00e7ift\u00e7iye &quot;Lan terbiyesizlik yapma&quot; diye azarl\u0131yor!  <\/p>\n<p> Mersin merkeze ba\u011fl\u0131 Kuyuluk Beldesi&#39;nde \u00e7ift\u00e7ilik yapan Kemal \u00d6ncel&#39;in\u00a0 &quot;Anam\u0131z\u0131 a\u011flatt\u0131n\u0131z be A\u015fk olsun size a\u015fk olsun. Tar\u0131m Bakan\u0131 Anayasa&#39;y\u0131 ihlal ediyor. Yetmedi mi? \u00d6ld\u00fck, bittik say\u0131n ba\u015fbakan\u0131m. Hangi y\u00fczle geldin buraya?&quot; diye ba\u011f\u0131rmas\u0131 \u00fczerine \u00e7ift\u00e7iyle Ba\u015fbakan aras\u0131nda \u015fu konu\u015fma ge\u00e7iyor:  <\/p>\n<p> Ba\u015fbakan: B\u00f6yle ba\u011f\u0131r\u0131lmaz ki terbiyesizlik yapma!  <\/p>\n<p> Kemal \u00d6ncel: Terbiyesizlik yapm\u0131yorum L\u00fctfen bana hakaret etmeyin.  <\/p>\n<p> Ba\u015fbakan: Artistlik yapma lan!&#8230;  <\/p>\n<p> Kemal \u00d6ncel: Artistlik yapm\u0131yorum. Ben sanat\u00e7\u0131 de\u011filim&#8230;  <\/p>\n","protected":false},"author":3,"featured_media":0,"comment_status":"open","ping_status":"closed","sticky":false,"template":"","format":"standard","meta":{"footnotes":""},"categories":[37],"tags":[],"class_list":["post-243","post","type-post","status-publish","format-standard","hentry","category-mart-2006"],"_links":{"self":[{"href":"https:\/\/www.millicozum.com\/mc\/wp-json\/wp\/v2\/posts\/243","targetHints":{"allow":["GET"]}}],"collection":[{"href":"https:\/\/www.millicozum.com\/mc\/wp-json\/wp\/v2\/posts"}],"about":[{"href":"https:\/\/www.millicozum.com\/mc\/wp-json\/wp\/v2\/types\/post"}],"author":[{"embeddable":true,"href":"https:\/\/www.millicozum.com\/mc\/wp-json\/wp\/v2\/users\/3"}],"replies":[{"embeddable":true,"href":"https:\/\/www.millicozum.com\/mc\/wp-json\/wp\/v2\/comments?post=243"}],"version-history":[{"count":0,"href":"https:\/\/www.millicozum.com\/mc\/wp-json\/wp\/v2\/posts\/243\/revisions"}],"wp:attachment":[{"href":"https:\/\/www.millicozum.com\/mc\/wp-json\/wp\/v2\/media?parent=243"}],"wp:term":[{"taxonomy":"category","embeddable":true,"href":"https:\/\/www.millicozum.com\/mc\/wp-json\/wp\/v2\/categories?post=243"},{"taxonomy":"post_tag","embeddable":true,"href":"https:\/\/www.millicozum.com\/mc\/wp-json\/wp\/v2\/tags?post=243"}],"curies":[{"name":"wp","href":"https:\/\/api.w.org\/{rel}","templated":true}]}}