{"id":2439,"date":"2012-10-26T20:50:58","date_gmt":"2012-10-26T20:50:58","guid":{"rendered":"https:\/\/www.millicozum.com\/mc\/2012\/10\/26\/turkiye-dagilma-asamasindadir-ve-oslo-mutabakati-sevr-dayatmasinin-tatbikatidir\/"},"modified":"2012-10-26T20:50:58","modified_gmt":"2012-10-26T20:50:58","slug":"turkiye-dagilma-asamasindadir-ve-oslo-mutabakati-sevr-dayatmasinin-tatbikatidir","status":"publish","type":"post","link":"https:\/\/www.millicozum.com\/mc\/2012\/kasim-2012\/turkiye-dagilma-asamasindadir-ve-oslo-mutabakati-sevr-dayatmasinin-tatbikatidir\/","title":{"rendered":"T\u00fcrkiye Da\u011f\u0131lma a\u015famas\u0131ndad\u0131r ve: OSLO MUTABAKATI, SEVR DAYATMASININ TATB\u0130KATIDIR"},"content":{"rendered":"\n<p style=\"margin-bottom: 0.0001pt; text-align: justify; text-indent: 35.45pt; line-height: normal;\"><b><span style=\"font-size: 12pt; font-family: 'Arial','sans-serif';\">Oslo\u2019da ve \u0130ngiliz hakem huzurunda Ba\u015fbakan Recep T. Erdo\u011fan\u2019\u0131n \u00f6zel temsilcisi s\u0131fat\u0131yla Hakan Fidan\u2019\u0131n PKK\u2019ya <\/span><\/b><b><i><span style=\"font-size: 14pt; font-family: 'Arial','sans-serif';\">\u201cT\u00fcrkiye\u2019nin federasyonlara b\u00f6l\u00fcnmesine yol a\u00e7acak \u00e7ok tehlikeli ve Milli B\u00fct\u00fcnl\u00fc\u011f\u00fcm\u00fcz\u00fc tehdit edici\u201d<\/span><\/i><\/b><b><span style=\"font-size: 12pt; font-family: 'Arial','sans-serif';\"> s\u00f6zler ve tavizler verdi\u011fini g\u00f6steren belgelerin, hakk\u0131nda soru\u015fturma a\u00e7an savc\u0131n\u0131n elinde bulundu\u011fu belirtiliyordu. Ama Ba\u015fbakan bir gecede \u00f6zel kanun \u00e7\u0131kart\u0131p, hem Hakan Fidan\u2019\u0131 hem de iktidar\u0131n\u0131 kurtar\u0131yordu. Bu soru\u015fturmay\u0131, Erdo\u011fan\u2019\u0131 zora sokmak i\u00e7in, Fetullah\u00e7\u0131lar\u0131n ba\u015flatt\u0131\u011f\u0131 konu\u015fuluyordu.<\/span><\/b><\/p>\n<p style=\"margin-bottom: 0.0001pt; text-align: justify; text-indent: 35.45pt; line-height: normal;\"><b><span style=\"font-size: 12pt; font-family: 'Arial','sans-serif';\">Bunlara kar\u015f\u0131 AKP yanda\u015flar\u0131 ve ikbal f\u0131rsat\u00e7\u0131lar\u0131 ise: <\/span><\/b><b><i><span style=\"font-size: 14pt; font-family: 'Arial','sans-serif';\">\u201cHakan Fidan\u2019\u0131n her kademede PKK i\u00e7ine M\u0130T eleman\u0131 s\u0131zd\u0131rd\u0131\u011f\u0131n\u0131 ve bu \u201ckaleyi i\u00e7ten fethetme\u201d haz\u0131rl\u0131\u011f\u0131n\u0131n Kandile kadar uzand\u0131\u011f\u0131n\u0131, ancak tam da PKK\u2019ya b\u00fcy\u00fck bir darbe vurulacak ve \u00f6rg\u00fct da\u011f\u0131t\u0131lacakken M\u0130T M\u00fcste\u015far\u0131na a\u00e7\u0131lan soru\u015fturma ile bu plan\u0131n bo\u015fa \u00e7\u0131kar\u0131ld\u0131\u011f\u0131n\u0131\u201d<\/span><\/i><\/b><b><span style=\"font-size: 12pt; font-family: 'Arial','sans-serif';\">savunuyordu.<\/span><\/b><\/p>\n<p style=\"margin-bottom: 0.0001pt; text-align: justify; text-indent: 35.45pt; line-height: normal;\"><b><span style=\"font-size: 12pt; font-family: 'Arial','sans-serif';\">Oysa Oslo mutabakat\u0131 da, PKK\u2019ya s\u0131zma maceras\u0131 da, <i>\u201c<\/i><\/span><\/b><b><i><span style=\"font-size: 14pt; font-family: 'Arial','sans-serif';\">\u00d6zerk K\u00fcrdistan\u2019\u0131n kurulmas\u0131na ve PKK\u2019n\u0131n federatif b\u00f6lgenin asker ve polis te\u015fkilat\u0131n\u0131 olu\u015fturmas\u0131na\u201d<\/span><\/i><\/b><b><span style=\"font-size: 12pt; font-family: 'Arial','sans-serif';\"> y\u00f6nelik yap\u0131l\u0131yordu. Ve b\u00fct\u00fcn bunlar\u0131n hesab\u0131n\u0131n Amerika\u2019dan da i\u015fbirlik\u00e7i iktidarlardan da sorulaca\u011f\u0131 tarihi bir ink\u0131l\u00e2p bekleniyordu.<\/span><\/b><\/p>\n<p style=\"margin-bottom: 0.0001pt; text-align: justify; text-indent: 35.45pt; line-height: normal;\"><b><span style=\"font-size: 12pt; font-family: 'Arial','sans-serif';\">Ve i\u015fte tam bu noktada sormak gerekiyordu<\/span><\/b><b><span style=\"font-size: 14pt; font-family: 'Arial','sans-serif';\">:<i>\u201cH\u00fck\u00fcmeti y\u0131kmaya te\u015febb\u00fcse niyet\u201d<\/i><\/span><\/b><b><span style=\"font-size: 12pt; font-family: 'Arial','sans-serif';\"> edenlere 20 y\u0131l ceza veriliyorsa, ya T.C. devletini da\u011f\u0131tmaya ve \u00fclkeyi par\u00e7alamaya giri\u015fenler nas\u0131l bir belay\u0131 hak ediyordu?<\/span><\/b><\/p>\n<p style=\"margin-bottom: 0.0001pt; text-align: justify; text-indent: 35.45pt; line-height: normal;\"><b><span style=\"font-size: 12pt; font-family: 'Arial','sans-serif';\">Okurlar\u0131m\u0131z iyi hat\u0131rlayacakt\u0131r, Milli \u00c7\u00f6z\u00fcm Dergisi AKP iktidar\u0131 ile PKK\u2019n\u0131n Oslo\u2019da ve \u0130ngiliz hakem huzurunda yapt\u0131klar\u0131 anla\u015fmay\u0131 ve T\u00fcrkiye\u2019nin b\u00f6l\u00fcnmesine y\u00f6nelik kararlar\u0131 defalarca g\u00fcndeme ta\u015f\u0131yor ve t\u00fcm ilgili ve yetkilileri uyar\u0131yordu. \u0130lk ba\u015fta bunlar\u0131 kesinlikle ink\u00e2r eden ba\u015fbakan Erdo\u011fan, sonunda sahip \u00e7\u0131kmak ve savunmak zorunda kal\u0131yordu. \u015eimdi de Ana Muhalefet Partisi s\u00f6zc\u00fcleri, PKK ile AKP\u2019nin karanl\u0131k Oslo mutabakat metnini medya ve kamuoyu ile payla\u015fmaya ba\u015fl\u0131yordu. Bu arada PKK iyice azd\u0131r\u0131l\u0131yor ve T\u00fcrkiye ter\u00f6rden \u00e7ok \u00f6te fiilen bir sava\u015f ortam\u0131na ta\u015f\u0131n\u0131yordu.<\/span><\/b><\/p>\n<p style=\"margin-bottom: 0.0001pt; text-align: justify; text-indent: 35.45pt; line-height: normal;\"><b><span style=\"font-size: 16pt; font-family: 'Arial','sans-serif';\">Hem yanda\u015f ve yalaka medya hem de s\u00f6zde AKP\u2019ye kar\u015f\u0131t yazarlar dan\u0131\u015f\u0131kl\u0131 bir d\u00f6v\u00fc\u015f g\u00f6r\u00fcnt\u00fcs\u00fcyle ama ayn\u0131 kas\u0131tl\u0131 kanaatleri pompal\u0131yordu:<\/span><\/b><\/p>\n<ol>\n<li><b><span style=\"font-size: 16pt; font-family: 'Arial','sans-serif';\">Askeri tedbirler ve silahl\u0131 m\u00fccadele ile PKK ile ba\u015fa \u00e7\u0131kmak imk\u00e2ns\u0131zm\u0131\u015f, i\u015fte bu y\u00f6ndeki 30 y\u0131ll\u0131k \u00e7abalar bo\u015fa \u00e7\u0131km\u0131\u015fm\u0131\u015f, kal\u0131c\u0131 bir sonu\u00e7 al\u0131namam\u0131\u015f\u2026m\u0131\u015f!<\/span><\/b><\/li>\n<li><b><span style=\"font-size: 16pt; font-family: 'Arial','sans-serif';\">\u00d6yle <\/span><\/b><b><i><span style=\"font-size: 18pt; font-family: 'Arial','sans-serif';\">\u201cDin karde\u015fli\u011fi, \u0130slam d\u00fc\u015f\u00fcncesi, bin y\u0131ll\u0131k birliktelik\u201d<\/span><\/i><\/b><b><span style=\"font-size: 16pt; font-family: 'Arial','sans-serif';\"> gibi yakla\u015f\u0131m ve sloganlar da hi\u00e7bir i\u015fe yaramam\u0131\u015f\u2026m\u0131\u015f!<\/span><\/b><\/li>\n<li><b><span style=\"font-size: 16pt; font-family: 'Arial','sans-serif';\">\u201cG\u00fcneydo\u011fuyu kalk\u0131nd\u0131rmak, TRT \u015ee\u015f\u2019i kurmak, K\u00fcrt\u00e7eyi se\u00e7meli ders yapmak, hatta PKK\u2019y\u0131 siyasalla\u015ft\u0131r\u0131p Meclis\u2019e sokmak\u201d gibi r\u00fc\u015fvet tedbirler de, K\u00fcrt halk\u0131n\u0131 oyalay\u0131p aldatmay\u0131 ama\u00e7lam\u0131\u015fm\u0131\u015f ve zaten tutmam\u0131\u015f\u2026m\u0131\u015f!<\/span><\/b><\/li>\n<li><b><span style=\"font-size: 16pt; font-family: 'Arial','sans-serif';\">\u00d6yle ise PKK\u2019dan kurtulman\u0131n ve akan kan\u0131 durdurman\u0131n tek se\u00e7ene\u011fi kalm\u0131\u015fm\u0131\u015f. O da: <\/span><\/b><b><i><span style=\"font-size: 18pt; font-family: 'Arial','sans-serif';\">\u201cG\u00fcneydo\u011fu\u2019da federatif yap\u0131ya ve \u00f6zerk K\u00fcrdistan olu\u015fumuna raz\u0131 olmak ve bunun hukuki ve demokratik zeminini haz\u0131rlamakm\u0131\u015f\u2026m\u0131\u015f!..\u201d<\/span><\/i><\/b><\/li>\n<li><b><span style=\"font-size: 16pt; font-family: 'Arial','sans-serif';\">Maalesef, <\/span><\/b><b><i><span style=\"font-size: 18pt; font-family: 'Arial','sans-serif';\">\u201cSon \u00e7are ve yegane ger\u00e7ek\u201d<\/span><\/i><\/b><b><span style=\"font-size: 16pt; font-family: 'Arial','sans-serif';\"> gibi sunulan bu fikir tamamen yanl\u0131\u015f ve y\u0131k\u0131c\u0131 propagandalar ve bunlara uygun iktidar ve muhalefet cephesindeki politik tav\u0131rlar gibi psikolojik tahribatlar nedeniyle, <\/span><\/b><b><i><span style=\"font-size: 18pt; font-family: 'Arial','sans-serif';\">\u201cT\u00fcrkiye\u2019yi b\u00f6lelim, kurtulal\u0131m\u201d<\/span><\/i><\/b><b><span style=\"font-size: 16pt; font-family: 'Arial','sans-serif';\"> yakla\u015f\u0131m\u0131 halk taban\u0131nda da m\u00fc\u015fteri bulmakta, <\/span><\/b><b><i><span style=\"font-size: 18pt; font-family: 'Arial','sans-serif';\">\u201c\u00dclke \u015fu ter\u00f6rden kurtulsun da, ne olursa olsun!?\u201d<\/span><\/i><\/b><b><span style=\"font-size: 16pt; font-family: 'Arial','sans-serif';\"> kanaati yayg\u0131nla\u015fmaktad\u0131r.<\/span><\/b><\/li>\n<\/ol>\n<p style=\"margin: 0cm 0cm 0.0001pt 1cm; text-align: justify; text-indent: 35.45pt; line-height: normal;\"><span style=\"font-size: 12pt; font-family: 'Arial','sans-serif';\">&nbsp;<\/span><\/p>\n<p style=\"margin-bottom: 0.0001pt; text-align: justify; text-indent: 35.45pt; line-height: normal;\"><span style=\"font-size: 12pt; font-family: 'Arial','sans-serif';\">Oysa PKK, bizzat Ba\u015fbakan\u0131n da belirtti\u011fi gibi en az be\u015f ba\u015fl\u0131 bir ter\u00f6r canavar\u0131d\u0131r ve as\u0131l yular\u0131n\u0131 elinde tutan \u0130srail ve Amerika\u2019d\u0131r. AKP Apo ile uzla\u015fsa, hatta diyelim ki \u00d6calan bu anla\u015fmaya sad\u0131k kalsa bile, d\u0131\u015f g\u00fc\u00e7ler, T\u00fcrkiye\u2019den daha b\u00fcy\u00fck tavizler koparmak \u00fczere, PKK\u2019n\u0131n di\u011fer kollar\u0131n\u0131 \u00fczerimize sald\u0131rtacakt\u0131r. \u00c7\u00fcnk\u00fc onlar\u0131n nihai hedefi T\u00fcrkiye\u2019nin par\u00e7alanmas\u0131 ve ertelenmi\u015f Sevr\u2019in tatbikat\u0131d\u0131r. \u0130\u015fte bu nedenle diyoruz ki, Oslo benzeri, anla\u015fmalar kesinlikle hezimetle sonu\u00e7lanacak ve m\u00fcsebbipleri h\u0131yanet cezas\u0131na \u00e7arp\u0131lacakt\u0131r.<\/span><\/p>\n<p style=\"margin-bottom: 0.0001pt; text-align: justify; text-indent: 35.45pt; line-height: normal;\"><b><span style=\"font-size: 12pt; font-family: 'Arial','sans-serif';\">CHP\u2019li Haluk Ko\u00e7, Oslo\u2019da M\u0130T ile PKK\u2019n\u0131n \u201cHakem Devlet \u0130ngiltere\u201d g\u00f6zetiminde mutabakata vard\u0131\u011f\u0131n\u0131 s\u00f6yledi\u011fi belgeleri \u015f\u00f6yle a\u00e7\u0131klam\u0131\u015ft\u0131:<\/span><\/b><\/p>\n<p style=\"margin-bottom: 0.0001pt; text-align: justify; text-indent: 35.45pt; line-height: normal;\"><b><span style=\"font-size: 18pt; font-family: 'Arial','sans-serif';\">Metinde taraflar\u0131n \u00fczerinde anla\u015fmaya vard\u0131\u011f\u0131 9 madde \u015f\u00f6yle s\u0131ralanm\u0131\u015ft\u0131;<\/span><\/b><\/p>\n<p style=\"margin-bottom: 0.0001pt; text-align: justify; text-indent: 35.45pt; line-height: normal;\"><b><i><span style=\"font-size: 12pt; font-family: 'Arial','sans-serif';\">&#8211; Taraflar, s\u00fcregelen Oslo ve \u0130mral\u0131 s\u00fcreci ba\u011flam\u0131nda, K\u00fcrt sorununun \u00e7\u00f6z\u00fcm\u00fc konusundaki kararl\u0131l\u0131klar\u0131n\u0131 koruduklar\u0131n\u0131 bir kez daha belirtmi\u015flerdir.<\/span><\/i><\/b><\/p>\n<p style=\"margin-bottom: 0.0001pt; text-align: justify; text-indent: 35.45pt; line-height: normal;\"><b><i><span style=\"font-size: 12pt; font-family: 'Arial','sans-serif';\">&#8211; Taraflar, bu g\u00fcne kadar Oslo ve \u0130mral\u0131 s\u00fcre\u00e7lerinde vurgulanan K\u00fcrt sorununun kal\u0131c\u0131 \u00e7\u00f6z\u00fcm\u00fcne y\u00f6nelik temaslar\u0131n s\u00fcrd\u00fcr\u00fclmesi ve y\u00fcr\u00fct\u00fclecek \u00e7al\u0131\u015fmalar\u0131n Anayasal ve yasal \u00e7er\u00e7evede sonu\u00e7land\u0131r\u0131lmas\u0131n\u0131n esas al\u0131nmas\u0131n\u0131n gereklili\u011fi konusunda var\u0131lan mutabakatlar\u0131 benimsemi\u015flerdir.<\/span><\/i><\/b><\/p>\n<p style=\"margin-bottom: 0.0001pt; text-align: justify; text-indent: 35.45pt; line-height: normal;\"><b><i><span style=\"font-size: 12pt; font-family: 'Arial','sans-serif';\">&#8211; Taraflar, 10 May\u0131s 2011 de \u0130mral\u0131\u2019da yap\u0131lan g\u00f6r\u00fc\u015fmede Say\u0131n \u00d6calan taraf\u0131ndan sunulan, \u2019T\u00fcrkiye\u2019de Temel Toplumsal Sorunlar\u0131n Demokratik \u00c7\u00f6z\u00fcm \u0130lkeleri Tasla\u011f\u0131\u2019, \u2019T\u00fcrkiye\u2019de Devlet ve Toplum \u0130li\u015fkilerinde Adil Bar\u0131\u015f \u0130lkeleri Tasla\u011f\u0131\u2019 ve \u2019K\u00fcrt Sorununun Demokratik \u00c7\u00f6z\u00fcm ve Adil Bar\u0131\u015f\u0131 \u0130\u00e7in Eylem Plan\u0131 \u00d6neri Tasla\u011f\u0131\u2019 ad\u0131 alt\u0131ndaki taslaklar konusunda, en ge\u00e7 Haziran\u0131n ilk haftas\u0131na kadar g\u00f6r\u00fc\u015f ve \u00f6nerilerini bildirecektir. K\u00fcrt taraf\u0131, s\u00f6z\u00fc edilen taslaklar\u0131 memnuniyetle kar\u015f\u0131lay\u0131p, prensip ve ilkesel olarak kabul etmektedir.<\/span><\/i><\/b><\/p>\n<p style=\"margin-bottom: 0.0001pt; text-align: justify; text-indent: 35.45pt; line-height: normal;\"><b><i><span style=\"font-size: 12pt; font-family: 'Arial','sans-serif';\">&#8211; Taraflar, ayn\u0131 s\u00fcre i\u00e7inde yukar\u0131da ad\u0131 ge\u00e7en taslaklarda zikredilen Anayasa Konseyi, Bar\u0131\u015f Konseyi, Hakikat ve Adalet Komisyonu i\u00e7in isim d\u00fczeyinde \u00e7al\u0131\u015fma yap\u0131p netle\u015ftirdikleri isim \u00f6nerilerini getirecektir.<\/span><\/i><\/b><\/p>\n<p style=\"margin-bottom: 0.0001pt; text-align: justify; text-indent: 35.45pt; line-height: normal;\"><b><i><span style=\"font-size: 12pt; font-family: 'Arial','sans-serif';\">&#8211; T\u00fcrk taraf\u0131, se\u00e7imlerden sonra en k\u0131sa zamanda \u00f6rg\u00fct\u00fc temsilen iki ki\u015finin say\u0131n \u00d6calan\u2019\u0131 ziyaret etmesi, yukar\u0131da ad\u0131 ge\u00e7en konsey ve komisyonlar kurulduktan sonra, birer alt komisyonlar\u0131n\u0131n da say\u0131n \u00d6calan\u2019la ili\u015fkilendirilmesine s\u00f6z vermi\u015ftir.<\/span><\/i><\/b><\/p>\n<p style=\"margin-bottom: 0.0001pt; text-align: justify; text-indent: 35.45pt; line-height: normal;\"><b><i><span style=\"font-size: 12pt; font-family: 'Arial','sans-serif';\">&#8211; K\u00fcrt halk\u0131n\u0131n siyasi ve legal temsilcileri, bas\u0131n yay\u0131n organlar\u0131 ve \u00e7al\u0131\u015fanlar\u0131na y\u00f6nelik uygulanan bask\u0131, tutuklama ve \u00e7al\u0131\u015fmalar\u0131n\u0131 engelleme vb. y\u00f6nelimlere son verilmesi ve KCK ad\u0131 alt\u0131nda ger\u00e7ekle\u015fen siyasi operasyonlarda tutuklananlar\u0131n sal\u0131verilmesi, s\u00fcrecin yumu\u015fat\u0131lmas\u0131 ve \u00e7\u00f6z\u00fcm y\u00f6n\u00fcnde ilerlemesi i\u00e7in \u00f6nemli bir ad\u0131m olacakt\u0131r. Bu \u00e7er\u00e7evede T\u00fcrk taraf\u0131 ilk ad\u0131m olarak Nevruz ve sonras\u0131nda tutuklanan K\u00fcrt siyaset\u00e7ileri b\u0131rakmay\u0131 taahh\u00fct (garanti) etmi\u015ftir.<\/span><\/i><\/b><\/p>\n<p style=\"margin-bottom: 0.0001pt; text-align: justify; text-indent: 35.45pt; line-height: normal;\"><b><i><span style=\"font-size: 12pt; font-family: 'Arial','sans-serif';\">&#8211; Taraflar, se\u00e7imlerin g\u00fcvenli bir ortamda ge\u00e7mesi ve ortam\u0131n normalle\u015fmesi i\u00e7in, en \u00fcst d\u00fczeyde kamuoyuna a\u00e7\u0131k \u00e7a\u011fr\u0131 yapacaklard\u0131r.<\/span><\/i><\/b><\/p>\n<p style=\"margin-bottom: 0.0001pt; text-align: justify; text-indent: 35.45pt; line-height: normal;\"><b><i><span style=\"font-size: 12pt; font-family: 'Arial','sans-serif';\">&#8211; K\u00fcrt sorununun nihai \u00e7\u00f6z\u00fcm\u00fcn\u00fcn, ancak \u00e7at\u0131\u015fmas\u0131zl\u0131k zemininde ger\u00e7ekle\u015febilece\u011finden hareketle t\u00fcm askeri, siyasi ve diplomatik operasyonlar\u0131n ve eylemlerin durdurulmas\u0131 ve uygun tedbirlerin kar\u015f\u0131l\u0131kl\u0131 geli\u015ftirilmesi esast\u0131r. Bu \u00e7er\u00e7evede taraflar, 15 Haziran 2011\u2019e kadar her t\u00fcrl\u00fc operasyon ve askeri eylemlerini durduracakt\u0131r.<\/span><\/i><\/b><\/p>\n<p style=\"margin-bottom: 0.0001pt; text-align: justify; text-indent: 35.45pt; line-height: normal;\"><b><i><span style=\"font-size: 12pt; font-family: 'Arial','sans-serif';\">&#8211; Taraflar, m\u00fczakereleri derinle\u015ftirmek \u00fczere haz\u0131rl\u0131klar\u0131n\u0131 yaparak 2011 Haziran ay\u0131n\u0131n ikinci yar\u0131s\u0131nda bir araya gelmeyi kararla\u015ft\u0131rm\u0131\u015flard\u0131r.\u201d<\/span><\/i><\/b><\/p>\n<p style=\"margin-bottom: 0.0001pt; text-align: justify; text-indent: 35.45pt; line-height: normal;\"><b><span style=\"font-size: 16pt; font-family: 'Arial','sans-serif';\">Prof. Haluk Ko\u00e7 Ba\u015fbakan\u2019a 5 soru soruyor ve \u201cSen bu sorular\u0131 yan\u0131tlamazsan ben a\u00e7\u0131klar\u0131m Say\u0131n Ba\u015fbakan\u201d diyor ve a\u00e7\u0131kl\u0131yordu:<\/span><\/b><\/p>\n<p style=\"margin-bottom: 0.0001pt; text-align: justify; text-indent: 35.45pt; line-height: normal;\"><span style=\"font-size: 12pt; font-family: 'Arial','sans-serif';\">\u201c1- Oslo tezg\u00e2hlar\u0131 \u00f6ncesinde ve s\u0131ras\u0131nda g\u00f6revlendirdi\u011fin devlet yetkilileri \u0130mral\u0131\u2019dan Kandil\u2019e ka\u00e7 mektup g\u00f6t\u00fcrm\u00fc\u015flerdir? Bu mektuplar\u0131n i\u00e7eri\u011finden Abdullah \u00d6calan\u2019\u0131n ve Kandil\u2019in planlar\u0131ndan ne derecede haberdars\u0131n\u0131z, ne \u00f6nlem ald\u0131n\u0131z? Kuryelik g\u00f6revini devlet g\u00f6revlisi olarak kimler yerine getirmi\u015ftir?<\/span><\/p>\n<p style=\"margin-bottom: 0.0001pt; text-align: justify; text-indent: 35.45pt; line-height: normal;\"><span style=\"font-size: 12pt; font-family: 'Arial','sans-serif';\">2- \u0130ngiltere\u2019nin koordinat\u00f6rl\u00fc\u011f\u00fcnde gizli kapakl\u0131 y\u00fcr\u00fct\u00fclmesini sa\u011flad\u0131\u011f\u0131n\u0131z Oslo g\u00f6r\u00fc\u015fmelerinde \u00f6zel temsilciniz Hakan Fidan\u2019\u0131n kendi s\u00f6zlerinden aynen aktar\u0131yorum <b><i>\u201c\u00d6calan\u2019\u0131n \u00fclkeye ve b\u00f6lgeye y\u00f6nelik vizyonu Ba\u015fbakanla y\u00fczde 90-95 \u00f6rt\u00fc\u015f\u00fcyor.\u201d <\/i><\/b>Bunu masada PKK ile g\u00f6r\u00fc\u015f\u00fcrken s\u00f6yl\u00fcyor. Bu s\u00f6zlere Say\u0131n Ba\u015fbakan a\u00e7\u0131kl\u0131k getirmek zorundad\u0131r. Ter\u00f6r\u00fcn ba\u015f\u0131 Abdullah \u00d6calan ile hem \u00fclke baz\u0131nda hem b\u00f6lgesel bazda y\u00fczde 90-95 uyu\u015ftu\u011funuz noktalar, mutab\u0131k kald\u0131\u011f\u0131n\u0131z noktalar nelerdir? \u00d6calan ile fikren hangi noktalarda birle\u015fiyorsunuz?<\/span><\/p>\n<p style=\"margin-bottom: 0.0001pt; text-align: justify; text-indent: 35.45pt; line-height: normal;\"><span style=\"font-size: 12pt; font-family: 'Arial','sans-serif';\">3- \u201cTer\u00f6rle m\u00fccadele edilir, siyasetle m\u00fczakere edilir\u201d s\u00f6z\u00fc Ba\u015fbakan\u2019a ait&#8230; T\u00fcm bu geli\u015fmelerde eli kanl\u0131 ter\u00f6r \u00f6rg\u00fct\u00fc PKK\u2019y\u0131 siyasi kurum gibi muhatap ald\u0131\u011f\u0131n\u0131z\u0131 fark etmediniz mi? PKK\u2019n\u0131n M\u0130T ve Devleti oyalay\u0131p \u00f6rg\u00fct\u00fcn 4. stratejik m\u00fccadele hamlesini hayata ge\u00e7irmesine nas\u0131l yard\u0131mc\u0131 oldunuz?<\/span><\/p>\n<p style=\"margin-bottom: 0.0001pt; text-align: justify; text-indent: 35.45pt; line-height: normal;\"><span style=\"font-size: 12pt; font-family: 'Arial','sans-serif';\">4- Bu s\u00fcrelerin sonunda PKK\u2019n\u0131n kendi \u00e7\u00f6z\u00fcmlerini dayatmas\u0131n\u0131 ve ko\u015fullar olgunla\u015ft\u0131\u011f\u0131nda tek tarafl\u0131 olarak bunlar\u0131 fiilen hayata ge\u00e7irmesini kolayla\u015ft\u0131rm\u0131\u015f olmad\u0131n\u0131z m\u0131? Bu s\u00fcrecin alt yap\u0131s\u0131n\u0131 siz bu \u015fekilde olu\u015fturmu\u015f olmuyor musunuz?<\/span><\/p>\n<p style=\"margin-bottom: 0.0001pt; text-align: justify; text-indent: 35.45pt; line-height: normal;\"><span style=\"font-size: 12pt; font-family: 'Arial','sans-serif';\">5- Koordinat\u00f6r devlet \u0130ngiltere\u2019nin imzalad\u0131\u011f\u0131 bilinen Oslo m\u00fczakereleri sonras\u0131ndaki protokolleri ve mutabakat metinlerini ekleriyle beraber a\u00e7\u0131klama cesaretiniz var m\u0131, yok mu?<\/span><\/p>\n<p style=\"margin-bottom: 0.0001pt; text-align: justify; text-indent: 35.45pt; line-height: normal;\"><span style=\"font-size: 12pt; font-family: 'Arial','sans-serif';\">Ba\u015fbakan; gazetecilerin konuyu sormas\u0131 \u00fczerine baz\u0131 \u015feyleri itiraf etmek zorunda kalm\u0131\u015f! Ard\u0131ndan: <b><i>\u201c-\u201cBunlar\u0131 soran namertmi\u015f, bunlar 3-5 koyunu g\u00fcdemezmi\u015f&#8230;!\u201d <\/i><\/b>gibi sald\u0131r\u0131lara ba\u015flam\u0131\u015f\u2026<\/span><\/p>\n<p style=\"margin-bottom: 0.0001pt; text-align: justify; text-indent: 35.45pt; line-height: normal;\"><span style=\"font-size: 12pt; font-family: 'Arial','sans-serif';\">Ba\u015fbakan u\u00e7akta gazetecilere ne itiraf ediyor? <b><i>\u201cBenim g\u00f6nderdi\u011fim istihbarat te\u015fkilat\u0131n\u0131n ba\u015f\u0131ndaki m\u00fcste\u015far\u0131m\u0131n veya yard\u0131mc\u0131s\u0131n\u0131n alt\u0131nda imzas\u0131 var m\u0131 yok mu?\u201d<\/i><\/b> diyor. Ben de kendisine \u015funu soruyorum;<\/span><\/p>\n<p style=\"margin-bottom: 0.0001pt; text-align: justify; text-indent: 35.45pt; line-height: normal;\"><b><span style=\"font-size: 16pt; font-family: 'Arial','sans-serif';\">Senin PKK ile yapt\u0131\u011f\u0131n mutabakat protokol\u00fcn\u00fc hakem devlet iki taraf ad\u0131na imzalay\u0131p muhafazas\u0131na ald\u0131 m\u0131 almad\u0131 m\u0131?<\/span><\/b><\/p>\n<p style=\"margin-bottom: 0.0001pt; text-align: justify; text-indent: 35.45pt; line-height: normal;\"><b><span style=\"font-size: 12pt; font-family: 'Arial','sans-serif';\">&#8211; M\u0130T M\u00fcste\u015far\u0131 Hakan Fidan ana dilde e\u011fitimle ilgili PKK\u2019ya <\/span><\/b><b><i><span style=\"font-size: 14pt; font-family: 'Arial','sans-serif';\">\u201cNas\u0131l olsa oras\u0131 \u00f6zerk b\u00f6lge olacak. \u00d6\u011fretmen tayini d\u00e2hil, e\u011fitim hizmetleri belediyelere valilere verilecek\u201d<\/span><\/i><\/b><b><span style=\"font-size: 12pt; font-family: 'Arial','sans-serif';\"> diye s\u00f6z vermedi mi?<\/span><\/b><\/p>\n<p style=\"margin-bottom: 0.0001pt; text-align: justify; text-indent: 35.45pt; line-height: normal;\"><b><span style=\"font-size: 12pt; font-family: 'Arial','sans-serif';\">Bu c\u00fcmleler Oslo tutanaklar\u0131nda aynen yer alm\u0131\u015ft\u0131r. Bu s\u00f6z\u00fcn arkas\u0131nda siz var m\u0131s\u0131n\u0131z? BOP k\u00e2hyas\u0131 olarak, T\u00fcrkiye\u2019nin par\u00e7alanmas\u0131na ve \u00f6zerk K\u00fcrdistan\u2019\u0131n kurulmas\u0131na PKK ile birlikte karar vermi\u015fseniz, bu milleti hala niye aldat\u0131p oyal\u0131yorsunuz?<\/span><\/b><\/p>\n<p style=\"margin-bottom: 0.0001pt; text-align: justify; text-indent: 35.45pt; line-height: normal;\"><b><span style=\"font-size: 12pt; font-family: 'Arial','sans-serif';\">Recep T. Erdo\u011fan\u2019\u0131n <i>\u201c<\/i><\/span><\/b><b><i><span style=\"font-size: 14pt; font-family: 'Arial','sans-serif';\">ter\u00f6rle m\u00fccadele, siyasetle m\u00fczakere\u201d<\/span><\/i><\/b><b><span style=\"font-size: 12pt; font-family: 'Arial','sans-serif';\"> s\u00f6zleri, Ba\u015fbakan Yard\u0131mc\u0131s\u0131 B\u00fclent Ar\u0131n\u00e7, \u201cPKK\u2019yle m\u00fczakere edildi\u011fini\u201d belirtmesi Sabah gazetesinin h\u00fck\u00fcmet kaynakl\u0131 \u00f6zel haberi, meselenin m\u00fczakereyi a\u015ft\u0131\u011f\u0131n\u0131, kimi uygulamalar\u0131n hayata ge\u00e7irilmeye \u00e7al\u0131\u015f\u0131ld\u0131\u011f\u0131n\u0131 ortaya koyuyordu. Her ne kadar haber \u201cter\u00f6rle, 3 a\u015famal\u0131 m\u00fccadele\u201d ba\u015fl\u0131\u011f\u0131n\u0131 ta\u015f\u0131sa da, i\u00e7eri\u011fi Oslo protokollerinin kabul edildi\u011fini ve h\u00fck\u00fcmetin bunu uygulamaya haz\u0131rland\u0131\u011f\u0131n\u0131 g\u00f6steriyordu.<\/span><\/b><\/p>\n<p style=\"margin-bottom: 0.0001pt; text-align: justify; text-indent: 35.45pt; line-height: normal;\"><b><span style=\"font-size: 12pt; font-family: 'Arial','sans-serif';\">\u201cErdo\u011fan\u2019\u0131n yol haritas\u0131\u201d denilen paketin i\u00e7eri\u011fini \u00f6zetleyelim:<\/span><\/b><\/p>\n<p style=\"margin-bottom: 0.0001pt; text-align: justify; text-indent: 35.45pt; line-height: normal;\"><b><span style=\"font-size: 14pt; font-family: 'Arial','sans-serif';\">Birinci a\u015famas\u0131<\/span><\/b><b><span style=\"font-size: 12pt; font-family: 'Arial','sans-serif';\"> askeri olan \u00e7\u00f6z\u00fcm paketi \u201ckarakollarda beklenmeyecek, mobil birlikler devrede olacak\u201d \u015feklinde anlat\u0131l\u0131yordu.<\/span><\/b><\/p>\n<p style=\"margin-bottom: 0.0001pt; text-align: justify; text-indent: 35.45pt; line-height: normal;\"><b><span style=\"font-size: 14pt; font-family: 'Arial','sans-serif';\">\u0130kinci a\u015famada<\/span><\/b><b><span style=\"font-size: 12pt; font-family: 'Arial','sans-serif';\">, yerel y\u00f6netimlerin g\u00fc\u00e7lendirilmesi, merkezden yerele yetki devri, yerelin mali olanaklar\u0131n\u0131n art\u0131r\u0131lmas\u0131, se\u00e7im baraj\u0131n\u0131n d\u00fc\u015f\u00fcr\u00fclmesi gibi uygulamalar yer al\u0131yordu<\/span><\/b><\/p>\n<p style=\"margin-bottom: 0.0001pt; text-align: justify; text-indent: 35.45pt; line-height: normal;\"><b><span style=\"font-size: 14pt; font-family: 'Arial','sans-serif';\">\u00dc\u00e7\u00fcnc\u00fc a\u015famada<\/span><\/b><b><span style=\"font-size: 12pt; font-family: 'Arial','sans-serif';\"> ise AB\u2019yle m\u00fczakereleri h\u0131zland\u0131rma, Rum y\u00f6netiminin AB d\u00f6nem ba\u015fkanl\u0131\u011f\u0131n\u0131n ard\u0131ndan yeni fas\u0131llar\u0131n a\u00e7\u0131lmas\u0131 giri\u015fimi planlan\u0131yordu.<\/span><\/b><\/p>\n<p style=\"margin-bottom: 0.0001pt; text-align: justify; text-indent: 35.45pt; line-height: normal;\"><b><span style=\"font-size: 12pt; font-family: 'Arial','sans-serif';\">Erdo\u011fan\u2019\u0131n yol haritas\u0131ndaki maddelerin \u201cter\u00f6rle m\u00fccadeleyle\u201d bir ilgisi yoktu. Tam aksine do\u011frudan Oslo protokolleri uygulan\u0131yor; PKK\u2019nin ilan etti\u011fi <\/span><\/b><b><i><span style=\"font-size: 14pt; font-family: 'Arial','sans-serif';\">\u201cdemokratik \u00f6zerklik\u201d,<\/span><\/i><\/b><b><span style=\"font-size: 12pt; font-family: 'Arial','sans-serif';\"> AKP H\u00fck\u00fcmeti taraf\u0131ndan <i>\u201cyerel y\u00f6netimlerin g\u00fc\u00e7lendirmesi\u201d<\/i> denilerek kabul ediliyor, b\u00f6ylece T\u00fcrkiye milli bir devlet olmaktan \u00e7\u0131k\u0131p, federatif yap\u0131ya d\u00f6n\u00fc\u015ft\u00fcr\u00fcl\u00fcyordu. Bu arada CHP Genel Ba\u015fkan\u0131 Kemal K\u0131l\u0131\u00e7daro\u011flu \u201cPKK\u2019ya silah b\u0131rakt\u0131racaksa Oslo g\u00f6r\u00fc\u015fmeleri devam etmeli\u201d buyuruyor ve sanki milletle dalga ge\u00e7iyordu! Madem Oslo g\u00f6r\u00fc\u015fmeleri iyi idi, partinin ikinci adam\u0131 Haluk Ko\u00e7 ile Grup Ba\u015fkanvekilin Muharrem \u0130nce g\u00fcnlerdir ni\u00e7in \u00e7\u0131rp\u0131n\u0131yordu? Madem Oslo o kadar m\u00fcbarekti o bas\u0131n toplant\u0131lar\u0131 niye yap\u0131l\u0131yordu? Bir g\u00f6z\u00fcyle Cumhuriyete \u00f6b\u00fcr\u00fcyle F Tipine g\u00f6z k\u0131rpan, bir g\u00fcn Milli Ankara\u2019ya, ertesi g\u00fcn Washington ve Londra\u2019ya ile Br\u00fcksel\u2019e el sallayan, PKK\u2019y\u0131 a\u00e7\u0131ktan hedef almayan, TESEV\u2019i sayg\u0131yla selamlayan, Fehmi Koru ile iftarda bulu\u015fan, Cengiz \u00c7andar\u2019\u0131 akil adam yapan, PKK e\u015fk\u0131yas\u0131na iyi \u00e7ocuklar diyen H\u00fcseyin Ayg\u00fcn\u2019\u00fcn arkas\u0131nda oldu\u011funu a\u00e7\u0131klayan Sn. K\u0131l\u0131\u00e7daro\u011flu \u015fayet ABD ve AB\u2019nin sad\u0131k m\u00fcttefiki ise, nas\u0131l AKP\u2019ye muhalefet ediyordu?<\/span><\/b><\/p>\n<p style=\"margin-bottom: 0.0001pt; text-align: justify; text-indent: 35.45pt; line-height: normal;\"><b><span style=\"font-size: 16pt; font-family: 'Arial','sans-serif';\">M. Ali Birand: \u201cTSK, PKK\u2019y\u0131 neden durduram\u0131yor?\u201d ba\u015fl\u0131kl\u0131 yaz\u0131s\u0131nda<a title=\"\" href=\"#_ftn1\"><span><span style=\"font-family: 'Arial','sans-serif';\"><span><span><b><span style=\"font-size: 16pt; line-height: 115%; font-family: 'Arial','sans-serif';\">[1]<\/span><\/b><\/span><\/span><\/span><\/span><\/a>:<\/span><\/b><\/p>\n<p style=\"margin: 0cm 0cm 0.0001pt; text-align: justify; text-indent: 35.45pt;\"><span style=\"font-size: 10pt;\"><strong><i><span style=\"font-family: Arial, sans-serif;\">\u201cPKK yakla\u015f\u0131k 2 ayd\u0131r b\u00f6lgede, hepimizi hayretler i\u00e7inde b\u0131rakan bir gerilla sava\u015f\u0131 s\u00fcrd\u00fcr\u00fcyor. \u015eimdiye kadar g\u00f6r\u00fclmemi\u015f bir sald\u0131r\u0131 yo\u011funlu\u011fu ya\u015f\u0131yoruz. TSK da binlerce askerini ve b\u00fcy\u00fck ate\u015f g\u00fcc\u00fcn\u00fc ayn\u0131 b\u00f6lgeye y\u0131\u011fd\u0131, ancak \u00e7at\u0131\u015fmalar\u0131 bir t\u00fcrl\u00fc bitiremiyor. \u015eimdi herkes ayn\u0131 soruyu soruyor: PKK m\u0131 ba\u015far\u0131l\u0131 yoksa TSK bu i\u015fi beceremiyor mu?\u201d <\/span><\/i><\/strong><strong><span style=\"font-family: Arial, sans-serif;\">diyerek as\u0131l sinsi maksad\u0131n\u0131 ba\u015fkalar\u0131n\u0131n merak\u0131 gibi ortaya koyuyordu.<\/span><\/strong><\/span><\/p>\n<p style=\"margin: 0cm 0cm 0.0001pt; text-align: justify; text-indent: 35.45pt;\"><span style=\"font-family: Arial, sans-serif; font-size: 10pt;\">\u201c<b><i>Onca asker, onca ate\u015f g\u00fcc\u00fc, hala birka\u00e7 bin ki\u015fiyi ge\u00e7meyen, TSK ile kar\u015f\u0131la\u015ft\u0131r\u0131lamayacak k\u00fc\u00e7\u00fck bir ate\u015f g\u00fcc\u00fcne sahip olan PKK p\u00fcsk\u00fcrt\u00fclemiyor? Beceriksizli\u011fimizden mi? Yoksa PKK&#8217;n\u0131n \u00e7ok ba\u015far\u0131l\u0131 olmas\u0131ndan m\u0131? Benim gibi bir\u00e7ok yazar-\u00e7izer son g\u00fcnlerde bu konuyu irdeliyor. Hem onlar\u0131 okudum, hem de b\u00f6lgeyi iyi bilen ve son \u00e7at\u0131\u015fmalar\u0131 yak\u0131ndan izleyen uzmanlarla konu\u015ftum. \u00c7\u0131kard\u0131\u011f\u0131m sonu\u00e7 ku\u015fkular\u0131m\u0131 giderdi, ayn\u0131 zamanda da son derece derin sorular\u0131 ortaya koydu:\u201d <\/i>diyerek \u015funlar\u0131 s\u0131ral\u0131yordu.<\/b><\/span><\/p>\n<p style=\"margin: 0cm 0cm 0.0001pt; text-align: justify; text-indent: 35.45pt;\"><b><span style=\"font-size: 18pt; font-family: 'Arial','sans-serif';\">Gerilla halktan destek g\u00f6r\u00fcyor-mu\u015f\u2026<\/span><\/b><\/p>\n<p style=\"margin: 0cm 0cm 0.0001pt; text-align: justify; text-indent: 35.45pt;\"><span style=\"font-size: 10pt;\"><b><i><span style=\"font-family: Arial, sans-serif;\">\u201c1.&nbsp; PKK&#8217;n\u0131n b\u00f6lgedeki en b\u00fcy\u00fck avantaj\u0131, toplumun bir kesiminden tam destek almas\u0131d\u0131r. Gerekti\u011finde evlerde saklanabiliyor, yedirilip i\u00e7iriliyor, gerekti\u011finde evin genci rol\u00fc oynayabiliyor. Ayr\u0131ca unutmayal\u0131m ki, kimin gerilla, kimin normal vatanda\u015f oldu\u011funu anlamak da imk\u00e2ns\u0131z.\u201d <\/span><\/i><\/b><b><span style=\"font-family: Arial, sans-serif;\">Yani Bay Sabatay Mehmet Ali Birand: \u201cB\u00fct\u00fcn K\u00fcrtler PKK\u2019l\u0131d\u0131r, PKK, t\u00fcm b\u00f6lge halk\u0131n\u0131n hakl\u0131 deste\u011fini arkas\u0131na alm\u0131\u015ft\u0131r, bu nedenle PKK\u2019y\u0131 bitirmek imk\u00e2ns\u0131zd\u0131r\u201d demeye getiriyordu.<\/span><\/b><\/span><\/p>\n<p style=\"margin: 0cm 0cm 0.0001pt; text-align: justify; text-indent: 35.45pt;\"><strong><span style=\"font-size: 16pt; font-family: 'Arial','sans-serif';\">PKK, co\u011frafyay\u0131 daha iyi biliyor-mu\u015f\u2026<\/span><\/strong><\/p>\n<p style=\"margin: 0cm 0cm 0.0001pt; text-align: justify; text-indent: 35.45pt;\"><span style=\"font-size: 10pt;\"><b><i><span style=\"font-family: Arial, sans-serif;\">\u201c2.&nbsp; PKK&#8217;n\u0131n en \u00f6nemli ikinci avantaj\u0131, co\u011frafyay\u0131 \u00f6zellikle de da\u011flar\u0131 avucunun i\u00e7i gibi bilmesinden kaynaklan\u0131yor. Ula\u015f\u0131lmaz da\u011flarda kendine saklanma ve ya\u015fama yerleri haz\u0131rl\u0131yor. Hayat\u0131 hep oralarda ge\u00e7iyor. Yaz-k\u0131\u015f da\u011f yollar\u0131n\u0131n h\u00e2kimi oluyor. Gerillan\u0131n s\u00fcrekli dola\u015ft\u0131\u011f\u0131 yollar ve ya\u015fad\u0131\u011f\u0131 ma\u011faralar\u0131n, g\u00fcvenlik kuvvetleri taraf\u0131ndan ayn\u0131 \u015fekilde bilinmesine imk\u00e2n yok.\u201d <\/span><\/i><\/b><b><span style=\"font-family: Arial, sans-serif;\">\u00d6yle ise K\u00fcrtlere \u00f6zerklik vermekten ba\u015fka \u00e7are kalm\u0131yordu!<\/span><\/b><\/span><\/p>\n<p style=\"margin: 0cm 0cm 0.0001pt; text-align: justify; text-indent: 35.45pt;\"><strong><span style=\"font-size: 16pt; font-family: 'Arial','sans-serif';\">Militanlar, \u00d6l\u00fcm\u00fc g\u00f6ze al\u0131yor-mu\u015f\u2026<\/span><\/strong><\/p>\n<p style=\"margin: 0cm 0cm 0.0001pt; text-align: justify; text-indent: 35.45pt;\"><span style=\"font-size: 10pt;\"><b><i><span style=\"font-family: Arial, sans-serif;\">\u201c3.&nbsp;Eskiye oranla di\u011fer fark, gerillan\u0131n art\u0131k bir sald\u0131r\u0131dan sonra ka\u00e7mamas\u0131. Aksine, \u00f6l\u00fcm\u00fcne gitmesi, hayat\u0131n\u0131 riske atmas\u0131d\u0131r. Bunu yapabilmesinin tek nedeni de, gerillan\u0131n hayatla ve ailesiyle t\u00fcm iplerini kopar\u0131p da\u011fa \u00e7\u0131km\u0131\u015f, kaybedece\u011fi bir \u015feyi kalmam\u0131\u015f bir insan olmas\u0131d\u0131r. \u015eu ana kadarki sald\u0131r\u0131lar\u0131 inceledi\u011finizde, ne kadar \u00f6l\u00fcm\u00fc g\u00f6ze alarak sava\u015ft\u0131\u011f\u0131n\u0131 a\u00e7\u0131k\u00e7a g\u00f6r\u00fcyorsunuz. Ne kadar profesyonel olursa olsun, ayn\u0131 durum g\u00fcvenlik kuvvetleri i\u00e7in ge\u00e7erli de\u011fil. Oradaki gencin kaybedece\u011fi evi, ailesi ve hayat\u0131 var. Onlar da kahramanca m\u00fccadele ediyorlar, ancak i\u015fin sonunda vatan de\u011ferli, ancak hayatta kalmak \u00e7ok daha de\u011ferli say\u0131l\u0131yor. Bu da \u00e7ok insani \/yani do\u011fal ve normal) bir durum.\u201d <\/span><\/i><\/b><b><span style=\"font-family: Arial, sans-serif;\">Diyen M. Ali Birand, \u201cEy T\u00fcrk askeri kazanamayaca\u011f\u0131n\u0131z pe\u015finen belli olan kuru bir kavga i\u00e7in ailenizi, gelece\u011finizi ve en ba\u015fta kendinizi bo\u015funa tehlikeye atmay\u0131n\u201d diye uyar\u0131yor ve tabi asl\u0131n\u0131 ve ayar\u0131n\u0131 ortaya koyuyordu.<\/span><\/b><\/span><\/p>\n<p style=\"margin: 0cm 0cm 0.0001pt; text-align: justify; text-indent: 35.45pt;\"><strong><span style=\"font-size: 16pt; font-family: 'Arial','sans-serif';\">Ter\u00f6ristler, sakland\u0131\u011f\u0131nda bulunam\u0131yor-mu\u015f\u2026<\/span><\/strong><\/p>\n<p style=\"margin: 0cm 0cm 0.0001pt; text-align: justify; text-indent: 35.45pt;\"><span style=\"font-size: 10pt;\"><b><i><span style=\"font-family: Arial, sans-serif;\">\u201c4.&nbsp;PKK art\u0131k eskisi gibi b\u00fcy\u00fck gruplar halinde sald\u0131rm\u0131yor. K\u00fc\u00e7\u00fck gruplar halinde dola\u015f\u0131yor ve geceleri hareket etmeyi tercih ediyor. Bu \u015fekilde havadan ve yerden takibi zorla\u015f\u0131yor. Saklanacak \u00e7ok yeri oldu\u011fundan dolay\u0131 da, kolayl\u0131kla g\u00f6zden kayboluveriyor. Havadan veya yerden bombard\u0131man ile da\u011f ta\u015f vuruluyor, ancak onca b\u00fcy\u00fck alandaki k\u00fc\u00e7\u00fcc\u00fck bir ma\u011faraya s\u0131\u011f\u0131nm\u0131\u015f birka\u00e7 ki\u015filik gruplar bulunam\u0131yor. Ayn\u0131 \u015fekilde, Kandil&#8217;deki merkezi kararg\u00e2h, \u00f6rg\u00fcte komuta-kontrol a\u00e7\u0131s\u0131ndan \u00f6nemli bir avantaj sa\u011fl\u0131yor ve t\u00fcm hesaplamalara ra\u011fmen TSK bir t\u00fcrl\u00fc oraya ula\u015fam\u0131yor.\u201d <\/span><\/i><\/b><b><span style=\"font-family: Arial, sans-serif;\">Yani s\u00fcper g\u00fc\u00e7 tanr\u0131n\u0131z ve tap\u0131nd\u0131\u011f\u0131n\u0131z ABD, PKK\u2019n\u0131n k\u00f6k\u00fcn\u00fc kurutacak ve Kandil\u2019i devre d\u0131\u015f\u0131 b\u0131rakacak bir operasyon i\u00e7in TSK\u2019ya izin vermiyor, \u00f6yle ise bo\u015funa kan ak\u0131t\u0131l\u0131yor\u201d ger\u00e7e\u011fini itiraf ediyor ve ABD sopas\u0131yla halk\u0131m\u0131za g\u00f6zda\u011f\u0131 veriyordu.<\/span><\/b><\/span><\/p>\n<p style=\"margin: 0cm 0cm 0.0001pt; text-align: justify; text-indent: 35.45pt;\"><strong><span style=\"font-size: 16pt; font-family: 'Arial','sans-serif';\">\u00d6rg\u00fcte kat\u0131l\u0131mlar s\u00fcr\u00fcyor-mu\u015f\u2026<\/span><\/strong><\/p>\n<p style=\"margin: 0cm 0cm 0.0001pt; text-align: justify; text-indent: 35.45pt;\"><span style=\"font-family: Arial, sans-serif; font-size: 10pt;\">\u201c<b><i>7.&nbsp;\u00d6rg\u00fct\u00fcn di\u011fer b\u00fcy\u00fck bir avantaj\u0131, ne kadar kay\u0131p verirse versin, da\u011fa \u00e7\u0131kanlar\u0131n say\u0131s\u0131nda hi\u00e7bir azalman\u0131n g\u00f6r\u00fclmemesi, aksine giderek \u00e7o\u011falmas\u0131. Ne g\u00fcvenlik g\u00fc\u00e7leri ne de devlet bu konuda bir \u015fey yapabiliyor. Tam anlam\u0131yla acz i\u00e7inde seyrediyor. \u00d6rg\u00fct de taze kat\u0131l\u0131mlarla s\u00fcrekli kan kazan\u0131yor. \u00dcstelik sadece T\u00fcrkiye&#8217; den de\u011fil, Irak-\u0130ran ve Suriye K\u00fcrtlerinden kat\u0131l\u0131mlar da artt\u0131\u011f\u0131 i\u00e7in, giderek uluslararas\u0131 bir g\u00fc\u00e7 konumuna giriyor.\u201d <\/i>S\u00f6zleriyle Mehmet Ali Birand \u201cPKK, vurulduk\u00e7a bilenip \u00e7o\u011falan ve t\u00fcm b\u00f6lgedeki mazlum K\u00fcrtlerin kurtar\u0131c\u0131s\u0131 olan, g\u00fc\u00e7l\u00fc ve k\u00f6kl\u00fc bir \u00f6rg\u00fctt\u00fcr, onunla sava\u015fmak de\u011fil uzla\u015fmak gereklidir\u201d kanaatini yerle\u015ftiriyordu.<\/b><\/span><\/p>\n<p style=\"margin: 0cm 0cm 0.0001pt; text-align: justify; text-indent: 35.45pt;\"><strong><span style=\"font-size: 16pt; font-family: 'Arial','sans-serif'; color: black;\">Sonu\u00e7: Bu ko\u015fullarla PKK bitirilemez-mi\u015f&#8230;<\/span><\/strong><\/p>\n<p style=\"margin: 0cm 0cm 0.0001pt; text-align: justify; text-indent: 35.45pt;\"><span style=\"font-size: 10pt;\"><b><i><span style=\"font-family: Arial, sans-serif;\">\u201cD\u00fcnyan\u0131n en g\u00fc\u00e7l\u00fc ordular\u0131n\u0131n dahi, kendi halk\u0131ndan belirli destek g\u00f6rebilen bir gerillaya kar\u015f\u0131 tam zafer sa\u011flamas\u0131 imk\u00e2ns\u0131zd\u0131r. TSK\u2019n\u0131n eksikleri hatalar\u0131 olabilir, T\u00fcrk g\u00fcvenlik kuvvetleri ellerindeki imk\u00e2n\u0131 sonuna kadar kullanmaktad\u0131r ancak, PKK&#8217;n\u0131n daha da etkinlik kazanmas\u0131na engel olamamaktad\u0131r.\u201d <\/span><\/i><\/b><b><span style=\"font-family: Arial, sans-serif;\">Diyen M. Ali Biranda g\u00f6re PKK\u2019n\u0131n b\u00fct\u00fcn isteklerini kabul etmekten ba\u015fka \u00e7are bulunmuyordu.<\/span><\/b><\/span><\/p>\n<p style=\"margin: 0cm 0cm 0.0001pt; text-align: justify; text-indent: 35.45pt;\"><span style=\"font-size: 10pt;\"><b><span style=\"font-family: Arial, sans-serif;\">Bir g\u00fcn sonraki yaz\u0131s\u0131nda ise Mehmet Ali Birand \u015funlar\u0131 kusuyordu:<\/span><\/b><\/span><\/p>\n<p style=\"margin-bottom: 0.0001pt; text-align: justify; text-indent: 35.45pt; line-height: normal;\"><b><span style=\"font-size: 18pt; font-family: 'Arial','sans-serif';\">&#8220;&#8230;Haberiniz olsun, biz ayr\u0131lma yolunday\u0131z&#8230;&#8221; &nbsp;<\/span><\/b><span style=\"font-size: 12pt; font-family: 'Arial','sans-serif';\">Van ba\u011f\u0131ms\u0131z milletvekili Aysel Tu\u011fluk, TARAF gazetesinde bir a\u00e7\u0131k mektup yay\u0131nlad\u0131. Bence son derece \u00f6nemliydi. Kimselerin dikkatini \u00e7ekmemi\u015f olacak ki, bekledi\u011fim yank\u0131y\u0131 g\u00f6remedim. Oysa, Tu\u011fluk bu makalede bize, madalyonun \u00f6b\u00fcr yan\u0131n\u0131 g\u00f6steriyordu. Son d\u00f6nemde ya\u015fanan olaylar\u0131 BDP a\u00e7\u0131s\u0131ndan yorumluyor, geli\u015fmeleri nas\u0131l g\u00f6rd\u00fcklerini anlat\u0131yordu.&nbsp; <b><i>\u00d6zetle &#8220;Bizi zorluyorsunuz, b\u00f6l\u00fcnmeye itiyorsunuz&#8221;&#8230; &#8220;B\u00f6l\u00fcn\u00fcyoruz&#8230;&#8221;<\/i><\/b> mesajlar\u0131n\u0131 veriyordu. &nbsp; As\u0131l, yaz\u0131n\u0131n son b\u00f6l\u00fcm\u00fc benim dikkatimi \u00e7ekti. &nbsp; &#8220;&#8230;.Ger\u00e7i \u015fu andaki konjonkt\u00fcr \u00e7\u00f6z\u00fcme f\u0131rsat vermese dahi, yine de yap\u0131lmas\u0131 gereken baz\u0131 \u00f6nerilerimi s\u0131ralamak, \u00e7\u00f6z\u00fcm getirmese dahi, sava\u015f\u0131 durdurup, s\u00fcrecin bar\u0131\u015f\u00e7\u0131l bir iklime evrilmesine vesile olabilir belki&#8230;,&#8221; diyor ve \u015funlar\u0131 s\u0131ral\u0131yor:<\/span><\/p>\n<p style=\"margin-bottom: 0.0001pt; text-align: justify; text-indent: 35.45pt; line-height: normal;\"><span style=\"font-size: 12pt; font-family: 'Arial','sans-serif';\">&nbsp;<b>1) \u00d6calan&#8217; a y\u00f6nelik 14 ayd\u0131r s\u00fcren tecrit sonland\u0131r\u0131lmal\u0131. &nbsp;2) Tutuklu 8 bin (KCK) arkada\u015f\u0131m\u0131z serbest b\u0131rak\u0131lmal\u0131. &nbsp;3) Devlet Bat\u0131 K\u00fcrdistan&#8217;daki K\u00fcrtlerin kazan\u0131mlar\u0131na sayg\u0131 g\u00f6stermeli ve \u00f6zerk y\u00f6netimi\/stat\u00fcy\u00fc, T\u00fcrkiye&#8217;de de d\u00e2hil olmak \u00fczere kabule yana\u015fmal\u0131. &nbsp;4) K\u00fcrt hareketi buna kar\u015f\u0131l\u0131k, ate\u015fkes ilan etmelidir, ve uymal\u0131. &nbsp;5) K\u00fcrtler de ulusal ve b\u00f6lgesel \u00e7\u0131karlar\u0131n\u0131 T\u00fcrkiye ile ortakla\u015ft\u0131rmal\u0131, b\u00f6lgenin demokratik ve \u00f6zg\u00fcr gelece\u011fine y\u00f6nelik birlikte \u00e7al\u0131\u015fmay\u0131 esas almal\u0131lard\u0131r. &nbsp; <\/b><\/span><\/p>\n<p style=\"margin-bottom: 0.0001pt; text-align: justify; text-indent: 35.45pt; line-height: normal;\"><span style=\"font-size: 12pt; font-family: 'Arial','sans-serif';\">Tu\u011fluk, bunlar\u0131 s\u0131ralad\u0131ktan sonra son s\u00f6z\u00fcn\u00fc s\u00f6yl\u00fcyor<b><i>: &nbsp; &#8220;&#8230;Bunlar olmazsa ne olur? &nbsp; \u00d6ng\u00f6r\u00fcde bulunmak zor de\u011fil. &nbsp; B\u00f6lgede yeni bir d\u00fcnya kuruluyor ve K\u00fcrtler bu yenid\u00fcnyada mutlaka yerini alacakt\u0131r. T\u00fcrkiye&#8217;ye ra\u011fmen ve T\u00fcrkiye&#8217;siz&#8230;&#8221; &nbsp;<\/i><\/b><i>\u0130\u015fte <\/i>BDP ve K\u00fcrt hareketini y\u00f6netenlerin ruh halleri bu. \u00d6ng\u00f6r\u00fcleri ger\u00e7ek\u00e7idir veya hayaldir, oras\u0131 \u00f6nemli de\u011fil. \u00d6nemli olan onlar\u0131n ne hissettikleridir. Tu\u011fluk&#8217; un s\u00f6zlerinde acaba hi\u00e7 mi ger\u00e7ek pay\u0131 yok?<a title=\"\" href=\"#_ftn2\"><span><span style=\"font-family: 'Arial','sans-serif';\"><span><span><span style=\"font-size: 12pt; line-height: 115%; font-family: 'Arial','sans-serif';\">[2]<\/span><\/span><\/span><\/span><\/span><\/a> diye soran <\/span><b><span style=\"font-size: 18pt; font-family: 'Arial','sans-serif';\"> hem Mehmet Ali Birand gibi ayar\u0131 ve amac\u0131 malum Sabatayc\u0131lar, hem de Zaman, Yeni\u015fafak, Akit, Sabah, Star gibi yanda\u015f ve kiral\u0131k \u0130slamc\u0131lar, T\u00fcrkiye\u2019nin b\u00f6l\u00fcnmesine fikri alt yap\u0131 haz\u0131rl\u0131yordu!? \u015eakas\u0131 yok d\u0131\u015f g\u00fc\u00e7ler ve i\u015fbirlik\u00e7i hainler karar vermi\u015f, T\u00fcrkiye b\u00f6l\u00fcn\u00fcyordu!<\/span><\/b><\/p>\n<p style=\"margin-bottom: 0.0001pt; text-align: justify; text-indent: 35.45pt; line-height: normal;\"><b><span style=\"font-size: 14pt; font-family: 'Arial','sans-serif';\">Bug\u00fcn\u00fcn yanda\u015f yazarlar\u0131 28 \u015eubat s\u00fcrecinde \u0130talyan Lokantas\u0131n\u0131 Genelkurmay kararg\u00e2h\u0131 yapm\u0131\u015flar!<\/span><\/b><\/p>\n<p style=\"margin-bottom: 0.0001pt; text-align: justify; text-indent: 35.45pt; line-height: normal;\"><span style=\"font-size: 12pt; font-family: 'Arial','sans-serif';\">\u015eu 28 \u015eubat&#8217;ta neler ya\u015fand\u0131\u011f\u0131n\u0131 bir hat\u0131rlayal\u0131m:<\/span><\/p>\n<p style=\"margin-bottom: 0.0001pt; text-align: justify; text-indent: 35.45pt; line-height: normal;\"><span style=\"font-size: 12pt; font-family: 'Arial','sans-serif';\">Mesela; Ankara&#8217;n\u0131n \u0130talyan yemekleriyle me\u015fhur lokantas\u0131nda, \u00fczerine mozarella serpi\u015ftirilmi\u015f spagettisini yerken patronunu arayan gazeteci<b><i>: &#8220;Efendim ben \u015fu an nerdeyim biliyor musunuz?&#8221;<\/i><\/b><\/span><\/p>\n<p style=\"margin-bottom: 0.0001pt; text-align: justify; text-indent: 35.45pt; line-height: normal;\"><span style=\"font-size: 12pt; font-family: 'Arial','sans-serif';\">&#8220;Nerdesin?&#8221;<\/span><\/p>\n<p style=\"margin-bottom: 0.0001pt; text-align: justify; text-indent: 35.45pt; line-height: normal;\"><b><i><span style=\"font-size: 12pt; font-family: 'Arial','sans-serif';\">&#8220;Genelkurmay&#8217;da. \u00dcst d\u00fczey bir Pa\u015fam\u0131zla beraber kahve i\u00e7iyoruz!!&#8221;<\/span><\/i><\/b><\/p>\n<p style=\"margin-bottom: 0.0001pt; text-align: justify; text-indent: 35.45pt; line-height: normal;\"><span style=\"font-size: 12pt; font-family: 'Arial','sans-serif';\">Oysa yaland\u0131. Ne Genelkurmay&#8217;\u0131, \u0130talyan lokantas\u0131nda peynirli makarna at\u0131\u015ft\u0131rmaktayd\u0131. Ama d\u00f6nem postal d\u00f6nemi ya, patrona hava atacak, &#8216;komutanlarla aram iyi&#8217; mesaj\u0131 ula\u015ft\u0131racakt\u0131! \u0130<span>yi de bunlar\u0131 yalanlamayan, Amerikan a\u011falar\u0131 hat\u0131r\u0131na Erbakan\u2019a sava\u015f a\u00e7an Komutanlar ve hala ayn\u0131 kafay\u0131 ta\u015f\u0131yorlar, elbette \u015fimdi de PKK\u2019ya bo\u011fdurulmaya \u00e7al\u0131\u015facakt\u0131!? <\/span>Ve, tabii komutanlarla aras\u0131 ger\u00e7ekten iyi olan yazar ve yorumcular da vard\u0131. Mesela bir tanesi de, Sincan&#8217;da tanklar\u0131n y\u00fcr\u00fcd\u00fc\u011f\u00fc g\u00fcn ge\u00e7 uyanm\u0131\u015ft\u0131.<\/span><\/p>\n<p style=\"margin-bottom: 0.0001pt; text-align: justify; text-indent: 35.45pt; line-height: normal;\"><span style=\"font-size: 12pt; font-family: 'Arial','sans-serif';\">Tanklar y\u00fcr\u00fcm\u00fc\u015f, rakip gazete, sabahtan foto\u011fraf\u0131 \u00e7oktan basm\u0131\u015ft\u0131. Bizimki, panik i\u00e7inde \u00c7evik Bir&#8217;i aram\u0131\u015f: &#8220;<b><i>Aman Pa\u015fam biz foto\u011fraf \u00e7ekemedik, bize bir k\u0131yak yapsan\u0131z&#8221;<\/i><\/b> diye yalvarm\u0131\u015ft\u0131.<\/span><\/p>\n<p style=\"margin-bottom: 0.0001pt; text-align: justify; text-indent: 35.45pt; line-height: normal;\"><b><i><span style=\"font-size: 12pt; font-family: 'Arial','sans-serif';\">&#8220;Tamam, sen can\u0131n\u0131 s\u0131kma, hallederiz&#8221;<\/span><\/i><\/b><span style=\"font-size: 12pt; font-family: 'Arial','sans-serif';\"> diyen \u00c7evik pa\u015fa tanklar\u0131 ikindiye do\u011fru ayn\u0131 yoldan geri d\u00f6nd\u00fcr\u00fcyor, b\u00f6ylece bizimkisi de ka\u00e7\u0131rd\u0131\u011f\u0131 resmi al\u0131yordu!<\/span><\/p>\n<p style=\"margin-bottom: 0.0001pt; text-align: justify; text-indent: 35.45pt; line-height: normal;\"><b><span style=\"font-size: 12pt; font-family: 'Arial','sans-serif';\">Kim mi bunlar?<\/span><\/b><\/p>\n<p style=\"margin-bottom: 0.0001pt; text-align: justify; text-indent: 35.45pt; line-height: normal;\"><span style=\"font-size: 12pt; font-family: 'Arial','sans-serif';\">En \u00e7ok satan gazetelerin en \u00e7ok okunan yazarlar\u0131yd\u0131. Ama \u015fimdi tan\u0131yamazs\u0131n\u0131z. \u00c7ok de\u011fi\u015fip ba\u015fkala\u015fm\u0131\u015flard\u0131. Hepsi demokrasi kahraman\u0131 kesilip, Ba\u015fbakan Erdo\u011fan\u2019la \u00fclkeden \u00fclkeye dola\u015fmaktayd\u0131. Hepsi, ne kadar canda\u015f ve yanda\u015f olduklar\u0131n\u0131 g\u00f6stermek i\u00e7in u\u00e7akta resim \u00e7ektirme kuyru\u011fundayd\u0131.<\/span><\/p>\n<p style=\"margin-bottom: 0.0001pt; text-align: justify; text-indent: 35.45pt; line-height: normal;\"><span style=\"font-size: 12pt; font-family: 'Arial','sans-serif';\">Bu arada, f\u0131rsat bulduk\u00e7a yine patronlar\u0131n\u0131 ar\u0131yorlard\u0131:<\/span><\/p>\n<p style=\"margin-bottom: 0.0001pt; text-align: justify; text-indent: 35.45pt; line-height: normal;\"><b><i><span style=\"font-size: 12pt; font-family: 'Arial','sans-serif';\">&#8220;Efendim, ben \u015fu an nerdeyim biliyor musunuz?&#8221;<\/span><\/i><\/b><\/p>\n<p style=\"margin-bottom: 0.0001pt; text-align: justify; text-indent: 35.45pt; line-height: normal;\"><span style=\"font-size: 12pt; font-family: 'Arial','sans-serif';\">&#8220;Nerdesin?&#8221;<\/span><\/p>\n<p style=\"margin-bottom: 0.0001pt; text-align: justify; text-indent: 35.45pt; line-height: normal;\"><b><i><span style=\"font-size: 12pt; font-family: 'Arial','sans-serif';\">&#8220;Hac\u0131 Bayram&#8217;da!&#8221;<\/span><\/i><\/b><\/p>\n<p style=\"margin-bottom: 0.0001pt; text-align: justify; text-indent: 35.45pt; line-height: normal;\"><b><i><span style=\"font-size: 12pt; font-family: 'Arial','sans-serif';\">&#8220;\u00dcst d\u00fczey bir hocam\u0131zla beraber hurma yiyoruz. Hurmalar \u00e7ok taze, size de g\u00f6ndereyim mi!&#8221;<\/span><\/i><\/b><span style=\"font-size: 12pt; font-family: 'Arial','sans-serif';\"> diyorlard\u0131.<a title=\"\" href=\"#_ftn3\"><span><span style=\"font-family: 'Arial','sans-serif';\"><span><span><span style=\"font-size: 12pt; line-height: 115%; font-family: 'Arial','sans-serif';\">[3]<\/span><\/span><\/span><\/span><\/span><\/a><\/span><\/p>\n<p style=\"margin-bottom: 0.0001pt; text-align: justify; text-indent: 35.45pt; line-height: normal;\"><b><span style=\"font-size: 16pt; font-family: 'Arial','sans-serif';\">Evet Y\u0131lmaz Erdo\u011fan\u2019\u0131n \u00e7\u0131raklar\u0131 \u201c\u00c7ok G\u00fczel hareketler\u201d diye yapt\u0131klar\u0131 \u201c\u00e7ok rezil hakaretler\u201d i\u00e7eren, Milli manevi ve ahlaki tahrip ske\u00e7lerinde: <\/span><\/b><b><i><span style=\"font-size: 18pt; font-family: 'Arial','sans-serif';\">\u201cPKK\u2019dan porno yay\u0131nc\u0131lar\u0131na, BOP tezgah\u0131ndan, Hz. Peygamberimize hakaret filmi skandallar\u0131na her rezaletin arkas\u0131nda Amerika ve \u0130srail\u2019in bulundu\u011fu<\/span><\/i><\/b><b><span style=\"font-size: 18pt; font-family: 'Arial','sans-serif';\">\u201d<\/span><\/b><b><span style=\"font-size: 16pt; font-family: 'Arial','sans-serif';\"> ger\u00e7e\u011fini gizlemeye ve bu kanaati ta\u015f\u0131yanlarla alay etmeye u\u011fra\u015fsalar ve \u015feytanlar\u0131n\u0131 kutsasalar da, Deccalin devrilmesi yak\u0131nd\u0131!..<\/span><\/b><\/p>\n<p style=\"margin-bottom: 0.0001pt; text-align: justify; text-indent: 35.45pt; line-height: normal;\"><b><span style=\"font-size: 16pt; font-family: 'Arial','sans-serif';\">TSK\u2019dan casusluk a\u00e7\u0131klamas\u0131 kafa kar\u0131\u015ft\u0131r\u0131yordu!<\/span><\/b><\/p>\n<p style=\"margin-bottom: 0.0001pt; text-align: justify; text-indent: 35.45pt; line-height: normal;\"><b><span style=\"font-size: 12pt; font-family: 'Arial','sans-serif';\">Genelkurmay Ba\u015fkanl\u0131\u011f\u0131, askeri casusluk soru\u015fturmas\u0131yla ilgili \u015fu a\u00e7\u0131klamay\u0131 yap\u0131yordu:<a title=\"\" href=\"#_ftn4\"><span><span style=\"font-family: 'Arial','sans-serif';\"><span><span><b><span style=\"font-size: 12pt; line-height: 115%; font-family: 'Arial','sans-serif';\">[4]<\/span><\/b><\/span><\/span><\/span><\/span><\/a><\/span><\/b><\/p>\n<p style=\"margin-bottom: 0.0001pt; text-align: justify; text-indent: 35.45pt; line-height: normal;\"><b><span style=\"font-size: 12pt; font-family: 'Arial','sans-serif';\">\u201c4.&nbsp;&nbsp;&nbsp;S\u00f6z konusu soru\u015fturma kapsam\u0131nda bug\u00fcne kadar hi\u00e7bir TSK personeli casusluk su\u00e7u iddias\u0131 ile tutuklanmam\u0131\u015ft\u0131r. Tutuklama kararlar\u0131ndan, personelin \u00f6rg\u00fct \u00fcyeli\u011fi\/ gizli bilgi ve belge bulundurmak su\u00e7lar\u0131ndan dolay\u0131 tutuklanmalar\u0131na karar verildi\u011fi anla\u015f\u0131lmaktad\u0131r.<\/span><\/b><\/p>\n<p style=\"margin-bottom: 0.0001pt; text-align: justify; text-indent: 35.45pt; line-height: normal;\"><b><span style=\"font-size: 12pt; font-family: 'Arial','sans-serif';\">5.&nbsp;&nbsp;&nbsp;Soru\u015fturman\u0131n gizlili\u011fi sebebiyle hakk\u0131nda i\u015flem yap\u0131lan TSK personelinin gizli belgeleri elde edip etmedikleri, etmi\u015fler ise hangi personelin hangi tarihte hangi belgeleri elde ettikleri, bu belgeleri hangi maksatla bulundurduklar\u0131 konular\u0131nda Genelkurmay Ba\u015fkanl\u0131\u011f\u0131nda bilgi ya da belge bulunmamaktad\u0131r.<\/span><\/b><\/p>\n<p style=\"margin-bottom: 0.0001pt; text-align: justify; text-indent: 35.45pt; line-height: normal;\"><b><span style=\"font-size: 12pt; font-family: 'Arial','sans-serif';\">6.&nbsp;&nbsp;&nbsp;Bahse konu hususlar\u0131n y\u00fcr\u00fct\u00fclmekte olan adli soru\u015fturma sonucunda tespit edilebilece\u011fi de\u011ferlendirilmekte olup, hen\u00fcz soru\u015fturma tamamlanmam\u0131\u015f iken 400 personelin casus olarak yans\u0131t\u0131lmas\u0131 her \u015feyden \u00f6nce ilgili personel bak\u0131m\u0131ndan Anayasa ile g\u00fcvence alt\u0131na al\u0131nan masumiyet karinesine ayk\u0131r\u0131l\u0131k te\u015fkil etmektedir.<\/span><\/b><\/p>\n<p style=\"margin-bottom: 0.0001pt; text-align: justify; text-indent: 35.45pt; line-height: normal;\"><b><span style=\"font-size: 12pt; font-family: 'Arial','sans-serif';\">7.&nbsp;&nbsp;&nbsp;Soru\u015fturma tamamland\u0131\u011f\u0131nda vak\u0131f olunan bilgi ve belgeler kapsam\u0131nda, ilgili personel hakk\u0131nda idari ya da adli y\u00f6nden i\u015flem yap\u0131lmas\u0131n\u0131 gerektiren bir durum ortaya \u00e7\u0131kmas\u0131 halinde, TSK olarak gerekli yasal i\u015flemler yap\u0131labilecektir.<\/span><\/b><\/p>\n<p style=\"margin-bottom: 0.0001pt; text-align: justify; text-indent: 35.45pt; line-height: normal;\"><b><span style=\"font-size: 12pt; font-family: 'Arial','sans-serif';\">8.&nbsp;&nbsp;&nbsp;Bu vesile ile \u00f6nceden oldu\u011fu gibi bug\u00fcn de hukukun \u00fcst\u00fcnl\u00fc\u011f\u00fcne ve kanunlara sayg\u0131y\u0131 ilke edinen TSK, ter\u00f6rle m\u00fccadelenin yo\u011fun olarak devam etti\u011fi bir ortamda ilgili-ilgisiz her olgunun TSK\u2019n\u0131n ve personelinin y\u0131prat\u0131lmas\u0131 amac\u0131yla kullan\u0131lmas\u0131ndan \u00fcz\u00fcnt\u00fc duymaktad\u0131r.\u201d<\/span><\/b><\/p>\n<ul>\n<li><b><span style=\"font-size: 16pt; font-family: 'Arial','sans-serif';\">Duyurunun 5. maddesindeki <\/span><\/b><b><i><span style=\"font-size: 18pt; font-family: 'Arial','sans-serif';\">\u201cHakk\u0131nda i\u015flem yap\u0131lan (400) personel hakk\u0131nda GKB\u2019\u0131nda herhangi bir bilgi veya belge bulunmamaktad\u0131r\u201d<\/span><\/i><\/b><b><span style=\"font-size: 16pt; font-family: 'Arial','sans-serif';\"> ifadelerinden:<\/span><\/b><\/li>\n<\/ul>\n<p style=\"margin: 0cm 0cm 0.0001pt 26.95pt; text-align: justify; text-indent: 35.45pt; line-height: normal;\"><b><span style=\"font-size: 16pt; font-family: 'Arial','sans-serif';\">Hem a) \u201cBizim bu \u00e7irkin ve tehlikeli geli\u015fmelerden hi\u00e7 haberimiz olmam\u0131\u015ft\u0131r.\u201d<\/span><\/b><\/p>\n<p style=\"margin-bottom: 0.0001pt; text-align: justify; text-indent: 35.45pt; line-height: normal;\"><b><span style=\"font-size: 16pt; font-family: 'Arial','sans-serif';\">Hem de b) <\/span><\/b><b><i><span style=\"font-size: 18pt; font-family: 'Arial','sans-serif';\">\u201cTSK\u2019y\u0131 y\u0131pratmay\u0131 hedefleyen planl\u0131 ve kas\u0131tl\u0131 giri\u015fimlerin fark\u0131na var\u0131lmam\u0131\u015ft\u0131r<\/span><\/i><\/b><b><span style=\"font-size: 16pt; font-family: 'Arial','sans-serif';\">\u201d anlam\u0131 \u00e7\u0131kar ki, bunlar TSK\u2019n\u0131n ve Genel Kurmay\u0131n; istihbarat, kurum i\u00e7i disiplin ve takibat bak\u0131m\u0131ndan iflas\u0131n\u0131 itiraf etmektir ve bize g\u00f6re bu beyanatlar ger\u00e7e\u011fi yans\u0131tmayan bir ifade zafiyetidir.<\/span><\/b><\/p>\n<ul>\n<li><b><span style=\"font-size: 16pt; font-family: 'Arial','sans-serif';\">Duyurunun 8. maddesi ise <\/span><\/b><b><i><span style=\"font-size: 18pt; font-family: 'Arial','sans-serif';\">\u201cbu zafiyet ve acziyetin, ter\u00f6rle m\u00fccadele bahanesiyle, mazur ve masum g\u00f6r\u00fclmesini talep etmek\u201d<\/span><\/i><\/b><b><span style=\"font-size: 16pt; font-family: 'Arial','sans-serif';\"> ve toplumun duygusall\u0131k damar\u0131na s\u0131\u011f\u0131nmak \u015feklinde alg\u0131lanmaya m\u00fcsaittir ve talihsizliktir.<\/span><\/b><\/li>\n<\/ul>\n<p style=\"margin-bottom: 0.0001pt; text-align: justify; text-indent: 35.45pt; line-height: normal;\"><b><span style=\"font-size: 18pt; font-family: 'Arial','sans-serif';\">T\u00fcrkiye PKK k\u0131l\u0131fl\u0131 bir ha\u00e7l\u0131 Siyonist kamp\u0131yla (Amerika ve Avrupa\u2019yla) sava\u015f\u0131yordu!<\/span><\/b><\/p>\n<p style=\"margin-bottom: 0.0001pt; text-align: justify; text-indent: 35.45pt; line-height: normal;\"><span style=\"font-size: 14pt; font-family: 'Arial','sans-serif';\">Bing\u00f6l Karl\u0131ova\u2019da PKK sald\u0131r\u0131s\u0131nda 8 polisimizin \u015fehit edilmesinden iki g\u00fcn sonra yine Bing\u00f6l\u2019\u00fcn 15 km. \u00e7\u0131k\u0131\u015f\u0131nda askeri araca yap\u0131lan roketatarl\u0131 sald\u0131r\u0131da 10 \u015fehit veriliyor, 70 askerimiz de yaralan\u0131yordu. Bu arada muhalefet partilerinin <b><i>\u201cTBMM toplans\u0131n, hep beraber ter\u00f6r\u00fc konu\u015fal\u0131m, acil \u00f6nlem arayal\u0131m\u201d <\/i><\/b>\u00f6nerilerine iktidar partisi <b><i>\u201cter\u00f6r\u00fc fazla \u00f6nemsiyor g\u00f6r\u00fcnmemek\u201d<\/i><\/b> ad\u0131na kar\u015f\u0131 \u00e7\u0131k\u0131yordu.<\/span><\/p>\n<p style=\"margin-bottom: 0.0001pt; text-align: justify; text-indent: 35.45pt; line-height: normal;\"><span style=\"font-size: 14pt; font-family: 'Arial','sans-serif';\">TBMM Ba\u015fkan\u0131 Cemil \u00c7i\u00e7ek dayanamayarak \u201cmilli mutabakat i\u00e7inde \u00e7\u00f6z\u00fcm aramak gerekir\u201d \u00e7a\u011fr\u0131s\u0131 yap\u0131yordu, ama neredeyse konu\u015ftu\u011funa pi\u015fman ediliyordu. Ve tabi ter\u00f6ristler ayn\u0131 yerde bir g\u00fcn arayla ve ayn\u0131 kolayl\u0131kla g\u00fcvenlik g\u00fc\u00e7lerinin ara\u00e7lar\u0131na sald\u0131r\u0131 d\u00fczenleyebiliyorsa bu durum \u00fclkeyi y\u00f6netenlerin art\u0131k \u201csadece kendilerinin karar verece\u011fi, bunda \u0131srar edece\u011fi\u201d noktay\u0131 \u00e7oktan a\u015ft\u0131\u011f\u0131n\u0131 g\u00f6steriyordu.<\/span><\/p>\n<p style=\"margin-bottom: 0.0001pt; text-align: justify; text-indent: 35.45pt; line-height: normal;\"><b><i><span style=\"font-size: 14pt; font-family: 'Arial','sans-serif';\">\u201cE\u011fer \u015fu anda T\u00fcrkiye\u2019nin ya\u015fad\u0131\u011f\u0131 azaba, kay\u0131plara hala \u201cter\u00f6r\u201d diyebiliyor, \u201ceskisinden farks\u0131z bir durum\u201d varm\u0131\u015f gibi hareket edebiliyorsak peki \u201csava\u015f\u201d\u0131 nas\u0131l tarif etmek gerekiyordu? Aradaki tek fark burada 10\u2019ar, 20\u2019\u015fer, 30\u2019ar \u015fehit vermemiz, sava\u015fta ise hepsini bir defada kaybetmemiz mi oluyordu?\u201d<\/span><\/i><\/b><b><span style=\"font-size: 14pt; font-family: 'Arial','sans-serif';\"> sorusu \u00f6nem kazan\u0131yordu.<\/span><\/b><\/p>\n<p style=\"margin-bottom: 0.0001pt; text-align: justify; text-indent: 35.45pt; line-height: normal;\"><b><span style=\"font-size: 14pt; font-family: 'Arial','sans-serif';\">PKK\u2019ya Oslo g\u00f6r\u00fc\u015fmesinde hangi s\u00f6zler veriliyordu?<\/span><\/b><\/p>\n<p style=\"margin-bottom: 0.0001pt; text-align: justify; text-indent: 35.45pt; line-height: normal;\"><span style=\"font-size: 14pt; font-family: 'Arial','sans-serif';\">Yukar\u0131da belirtti\u011fimiz gibi, Haluk Ko\u00e7 Oslo g\u00f6r\u00fc\u015fmelerinde \u201cAKP H\u00fck\u00fcmeti ile PKK aras\u0131nda\u201d imzaland\u0131\u011f\u0131 \u00f6ne s\u00fcr\u00fclen mutabakat metnini g\u00f6stererek baz\u0131 sorular soruyordu. Ba\u015fbakan Erdo\u011fan\u2019\u0131n <b><i>\u201cO s\u00f6zle\u015fmenin alt\u0131nda benim M\u0130T m\u00fcste\u015far\u0131m\u0131n imzas\u0131 var m\u0131\u201d <\/i><\/b>\u00e7\u0131k\u0131\u015f\u0131na kar\u015f\u0131l\u0131k <b><i>\u201cHakem devlet olan \u0130ngiltere iki taraf ad\u0131na imzalanan mutabakat\u0131 muhafazas\u0131 alt\u0131na ald\u0131 m\u0131, almad\u0131 m\u0131\u201d<\/i><\/b> diyor ve <b><i>\u201cM\u0130T M\u00fcste\u015far\u0131 Hakan Fidan\u2019\u0131n \u2018Nas\u0131lsa oras\u0131 \u00f6zerk b\u00f6lge olacak, \u00f6\u011fretmen tayini d\u00e2hil e\u011fitim hizmetleri belediyelere, valilere devredilecek\u2019 <\/i><\/b>c\u00fcmlelerinin Oslo tutanaklar\u0131nda aynen yer ald\u0131\u011f\u0131n\u0131\u201d belirtiyordu. PKK\u2019n\u0131n \u201creferandum \u00f6ncesinden\u201d ba\u015flay\u0131p \u201cse\u00e7im sonras\u0131na\u201d kadar devam eden s\u00fcre\u00e7te \u201ceylemsizlik karar\u0131 almas\u0131\u201d ve se\u00e7imin hemen arkas\u0131ndan buna son verirken \u00d6calan\u2019\u0131n \u201cBen sizin h\u00fck\u00fcmet kurman\u0131z\u0131 bile bekleyemem, derhal s\u00f6zlerinizi yerine getirin, yoksa..\u201d tehditleri savurmas\u0131 akla gelince bu s\u00f6zlerin verilmi\u015f oldu\u011fu ortaya \u00e7\u0131k\u0131yordu.<\/span><\/p>\n<p style=\"margin-bottom: 0.0001pt; text-align: justify; text-indent: 35.45pt; line-height: normal;\"><b><i><span style=\"font-size: 14pt; font-family: 'Arial','sans-serif';\">\u201cE\u011fer verildiyse \u015fu anda bunlar\u0131 \u201cyok farz etmek, ink\u00e2r etmek\u201d yerine bir \u00e7\u00f6z\u00fcm d\u00fc\u015f\u00fcnmenin zaman\u0131d\u0131r. Zira PKK \u201cbu s\u00f6zlerin uygulamas\u0131na bir an \u00f6nce ge\u00e7ilmesi i\u00e7in\u201d ve tabii \u015fimdi bir de Suriye\u2019de (yine bizim yanl\u0131\u015f politikam\u0131z sonucu) g\u00fc\u00e7lenmi\u015f ve Esad deste\u011fini alm\u0131\u015f olarak eylemlerine aral\u0131ks\u0131z devam edecektir\u201d<a title=\"\" href=\"#_ftn5\"><span><span style=\"font-family: 'Arial','sans-serif';\"><span><span><b><span style=\"font-size: 14pt; line-height: 115%; font-family: 'Arial','sans-serif';\">[5]<\/span><\/b><\/span><\/span><\/span><\/span><\/a><\/span><\/i><\/b><span style=\"font-size: 14pt; font-family: 'Arial','sans-serif';\"> diyen Ruhsat Mengi PKK\u2019n\u0131n arkas\u0131ndaki ABD ve \u0130srail ger\u00e7e\u011fini sapt\u0131r\u0131p, PKK\u2019y\u0131 Esad rejiminin k\u0131\u015fk\u0131rtt\u0131\u011f\u0131n\u0131 s\u00f6yleyerek AKP kar\u015f\u0131tl\u0131\u011f\u0131yla Siyonizm hizmetk\u00e2rl\u0131\u011f\u0131 yapt\u0131\u011f\u0131n\u0131 ortaya koyuyordu. Oysa AKP de ayn\u0131 odaklar\u0131n g\u00fcd\u00fcm\u00fcnde bulunuyordu.<\/span><\/p>\n<p style=\"margin-bottom: 0.0001pt; text-align: justify; text-indent: 35.45pt; line-height: normal;\"><b><span style=\"font-size: 16pt; font-family: 'Arial','sans-serif';\">Daha \u00f6nce AKP\u2019ye oy veren ve hararetle savunan G\u00fclay G\u00f6kt\u00fcrk \u015fu itirafta bulunuyordu:<\/span><\/b><\/p>\n<p style=\"margin-bottom: 0.0001pt; text-align: justify; text-indent: 35.45pt; line-height: normal;\"><b><i><span style=\"font-size: 16pt; font-family: 'Arial','sans-serif';\">\u201c\u0130sterse oylar\u0131 %50 den %60\u2019a \u00e7\u0131ks\u0131n, g\u00f6r\u00fcyorum ki, AK Parti iyiye gitmiyor. Ve hala Ak Partinin bir alternatifinin bulunamam\u0131\u015f (kurulamam\u0131\u015f) oldu\u011fu ger\u00e7e\u011fi ise, bu durumu daha da vahimle\u015ftiriyor.\u201d<a title=\"\" href=\"#_ftn6\"><span><span style=\"font-family: 'Arial','sans-serif';\"><span><span><b><span style=\"font-size: 16pt; line-height: 115%; font-family: 'Arial','sans-serif';\">[6]<\/span><\/b><\/span><\/span><\/span><\/span><\/a><\/span><\/i><\/b><\/p>\n<p style=\"margin-bottom: 0.0001pt; text-align: justify; text-indent: 35.45pt; line-height: normal;\"><b><span style=\"font-size: 16pt; font-family: 'Arial','sans-serif';\">Evet, T\u00fcrkiye\u2019nin askeriyle siviliyle, T\u00fcrk\u00fcyle K\u00fcrd\u00fcyle, solcusuyla sa\u011fc\u0131s\u0131yla, laikleriyle dindar kesimiyle, art\u0131k acilen dirilip derlenip vatan\u0131na ve ba\u011f\u0131ms\u0131zl\u0131\u011f\u0131na sahip \u00e7\u0131kmas\u0131, her t\u00fcrl\u00fc b\u00f6l\u00fcc\u00fc ve i\u015fbirlik\u00e7i giri\u015fimleri durdurmas\u0131 gerekiyordu\u2026 Veya, rahmetli Erbakan\u2019\u0131n \u0131srarla vurgulay\u0131p uyard\u0131\u011f\u0131 gibi <\/span><\/b><b><i><span style=\"font-size: 18pt; font-family: 'Arial','sans-serif';\">\u201c\u015fakas\u0131 yok toprak alt\u0131m\u0131zdan kay\u0131yordu\u201d!..<\/span><\/i><\/b><\/p>\n<p style=\"margin-bottom: 0.0001pt; text-align: justify; text-indent: 35.45pt; line-height: normal;\"><b><span style=\"font-size: 14pt; font-family: 'Arial','sans-serif'; color: black;\">&nbsp;<\/span><\/b><\/p>\n<p style=\"margin-bottom: 0.0001pt; text-align: justify; text-indent: 35.45pt; line-height: normal;\"><b><span style=\"font-size: 14pt; font-family: 'Arial','sans-serif'; color: black;\">&nbsp;<\/span><\/b><\/p>\n<div><\/p>\n<hr \/>\n<div>\n<p style=\"text-align: justify;\"><a title=\"\" href=\"#_ftnref1\"><span><span style=\"font-size: 9pt; font-family: 'Arial','sans-serif';\"><span><span><span style=\"font-size: 9pt; line-height: 115%; font-family: 'Arial','sans-serif';\">[1]<\/span><\/span><\/span><\/span><\/span><\/a><span style=\"font-size: 9pt; font-family: 'Arial','sans-serif';\"><a href=\"http:\/\/www.cnnturk.com\"><span>www.cnnturk.com<\/span><\/a> , 18.09.2012<\/span><\/p>\n<\/p><\/div>\n<div>\n<p style=\"text-align: justify;\"><a title=\"\" href=\"#_ftnref2\"><span><span style=\"font-size: 9pt; font-family: 'Arial','sans-serif';\"><span><span><span style=\"font-size: 9pt; line-height: 115%; font-family: 'Arial','sans-serif';\">[2]<\/span><\/span><\/span><\/span><\/span><\/a><span style=\"font-size: 9pt; font-family: 'Arial','sans-serif';\"><a href=\"http:\/\/www.cnnturk.com\"><span>www.cnnturk.com<\/span><\/a>, 19.09.2012<\/span><\/p>\n<\/p><\/div>\n<div>\n<p style=\"text-align: justify;\"><a title=\"\" href=\"#_ftnref3\"><span><span style=\"font-size: 9pt; font-family: 'Arial','sans-serif';\"><span><span><span style=\"font-size: 9pt; line-height: 115%; font-family: 'Arial','sans-serif';\">[3]<\/span><\/span><\/span><\/span><\/span><\/a><span style=\"font-size: 9pt; font-family: 'Arial','sans-serif';\"> Mustafa Y\u0131lmaz, Kulis Ankara \u2013 Milli gazete, 19.09.2012,Sh.9<\/span><\/p>\n<\/p><\/div>\n<div>\n<p style=\"text-align: justify;\"><a title=\"\" href=\"#_ftnref4\"><span><span style=\"font-size: 9pt; font-family: 'Arial','sans-serif';\"><span><span><span style=\"font-size: 9pt; line-height: 115%; font-family: 'Arial','sans-serif';\">[4]<\/span><\/span><\/span><\/span><\/span><\/a><span style=\"font-size: 9pt; font-family: 'Arial','sans-serif';\"><a href=\"http:\/\/www.tsk.tr\"><span>www.tsk.tr<\/span><\/a> \u2013 19.09.2012<\/span><\/p>\n<\/p><\/div>\n<div>\n<p style=\"text-align: justify;\"><a title=\"\" href=\"#_ftnref5\"><span><span style=\"font-size: 9pt; font-family: 'Arial','sans-serif';\"><span><span><span style=\"font-size: 9pt; line-height: 115%; font-family: 'Arial','sans-serif';\">[5]<\/span><\/span><\/span><\/span><\/span><\/a><span style=\"font-size: 9pt; font-family: 'Arial','sans-serif';\"> Gazete Vatan, Ruhsat Mengi, 19.09.2012<\/span><\/p>\n<\/p><\/div>\n<div>\n<p style=\"text-align: justify;\"><a title=\"\" href=\"#_ftnref6\"><span><span style=\"font-size: 9pt; font-family: 'Arial','sans-serif';\"><span><span><span style=\"font-size: 9pt; line-height: 115%; font-family: 'Arial','sans-serif';\">[6]<\/span><\/span><\/span><\/span><\/span><\/a><span style=\"font-size: 9pt; font-family: 'Arial','sans-serif';\"> Bug\u00fcn, 19.09.2012<\/span><\/p>\n<\/p><\/div>\n<\/p><\/div>\n<p>&nbsp;<\/p>\n","protected":false},"excerpt":{"rendered":"<p>Oslo\u2019da ve \u0130ngiliz hakem huzurunda Ba\u015fbakan Recep T. Erdo\u011fan\u2019\u0131n \u00f6zel temsilcisi s\u0131fat\u0131yla Hakan Fidan\u2019\u0131n PKK\u2019ya \u201cT\u00fcrkiye\u2019nin federasyonlara b\u00f6l\u00fcnmesine yol a\u00e7acak \u00e7ok tehlikeli ve Milli B\u00fct\u00fcnl\u00fc\u011f\u00fcm\u00fcz\u00fc tehdit edici\u201d s\u00f6zler ve tavizler verdi\u011fini g\u00f6steren belgelerin, hakk\u0131nda soru\u015fturma a\u00e7an savc\u0131n\u0131n elinde bulundu\u011fu belirtiliyordu. Ama Ba\u015fbakan bir gecede \u00f6zel kanun \u00e7\u0131kart\u0131p, hem Hakan Fidan\u2019\u0131 hem de iktidar\u0131n\u0131 kurtar\u0131yordu. Bu [&hellip;]<\/p>\n","protected":false},"author":1,"featured_media":0,"comment_status":"open","ping_status":"closed","sticky":false,"template":"","format":"standard","meta":{"footnotes":""},"categories":[142],"tags":[],"class_list":["post-2439","post","type-post","status-publish","format-standard","hentry","category-kasim-2012"],"_links":{"self":[{"href":"https:\/\/www.millicozum.com\/mc\/wp-json\/wp\/v2\/posts\/2439","targetHints":{"allow":["GET"]}}],"collection":[{"href":"https:\/\/www.millicozum.com\/mc\/wp-json\/wp\/v2\/posts"}],"about":[{"href":"https:\/\/www.millicozum.com\/mc\/wp-json\/wp\/v2\/types\/post"}],"author":[{"embeddable":true,"href":"https:\/\/www.millicozum.com\/mc\/wp-json\/wp\/v2\/users\/1"}],"replies":[{"embeddable":true,"href":"https:\/\/www.millicozum.com\/mc\/wp-json\/wp\/v2\/comments?post=2439"}],"version-history":[{"count":0,"href":"https:\/\/www.millicozum.com\/mc\/wp-json\/wp\/v2\/posts\/2439\/revisions"}],"wp:attachment":[{"href":"https:\/\/www.millicozum.com\/mc\/wp-json\/wp\/v2\/media?parent=2439"}],"wp:term":[{"taxonomy":"category","embeddable":true,"href":"https:\/\/www.millicozum.com\/mc\/wp-json\/wp\/v2\/categories?post=2439"},{"taxonomy":"post_tag","embeddable":true,"href":"https:\/\/www.millicozum.com\/mc\/wp-json\/wp\/v2\/tags?post=2439"}],"curies":[{"name":"wp","href":"https:\/\/api.w.org\/{rel}","templated":true}]}}