{"id":2441,"date":"2012-10-26T21:03:11","date_gmt":"2012-10-26T21:03:11","guid":{"rendered":"https:\/\/www.millicozum.com\/mc\/2012\/10\/26\/iki-iran-gercegi-ve-ilimli-islamcilarin-donekligi-2\/"},"modified":"2012-10-26T21:03:11","modified_gmt":"2012-10-26T21:03:11","slug":"iki-iran-gercegi-ve-ilimli-islamcilarin-donekligi-2","status":"publish","type":"post","link":"https:\/\/www.millicozum.com\/mc\/2012\/kasim-2012\/iki-iran-gercegi-ve-ilimli-islamcilarin-donekligi\/","title":{"rendered":"\u201c\u0130K\u0130 \u0130RAN\u201d GER\u00c7E\u011e\u0130 VE ILIMLI \u0130SLAMCILARIN D\u00d6NEKL\u0130\u011e\u0130"},"content":{"rendered":"\n<p>&nbsp;<\/p>\n<p style=\"margin-bottom: 0.0001pt; text-align: justify; text-indent: 35.45pt; line-height: normal;\"><b><span style=\"font-size: 14pt; font-family: 'Arial','sans-serif';\">Mezhebi farkl\u0131l\u0131klar\u0131 ve baz\u0131 ayk\u0131r\u0131l\u0131klar\u0131 bir tarafa, \u0130ran halk\u0131 \u0130slam\u2019a ba\u011fl\u0131yd\u0131, Bat\u0131 emperyalizmine ve \u0130srail Siyonizm\u2019ine kar\u015f\u0131yd\u0131. Ancak \u0130ran\u2019daki etkin ve yetkin y\u00f6netici tabaka iki k\u0131s\u0131md\u0131: Biri, \u015eiilik taassubunu a\u015farak \u00fcmmet \u015fuuruyla hareket eden \u0130slami hassasiyetli ve Rahmetli Erbakan Hoca ile de m\u00fcnasebetli ve D-8 gayretlisi <\/span><\/b><b><span style=\"font-size: 18pt; font-family: 'Arial','sans-serif';\">M\u0130LL\u0130 \u0130RAN\u2019<\/span><\/b><b><span style=\"font-size: 14pt; font-family: 'Arial','sans-serif';\">d\u0131\u2026 Di\u011feri ise, g\u00f6r\u00fcn\u00fc\u015fte ve s\u00fcrekli \u0130srail\u2019e horozlanan, ABD ve AB\u2019ye at\u0131p tutan, ama ger\u00e7ekte ABD derin devleti olan Yahudi Lobileriyle ve Siyonist mahfillerle \u00e7ok sinsi ve tehlikeli irtibatlar\u0131 nedeniyle dan\u0131\u015f\u0131kl\u0131 d\u00f6v\u00fc\u015f rol\u00fc yapan ve \u00e7o\u011fu \u0130ran Yahudi d\u00f6nmelerinden olu\u015fan <\/span><\/b><b><span style=\"font-size: 18pt; font-family: 'Arial','sans-serif';\">G\u0130ZL\u0130 \u0130RAN<\/span><\/b><b><span style=\"font-size: 14pt; font-family: 'Arial','sans-serif';\">\u2019d\u0131. <\/span><\/b><\/p>\n<p style=\"margin-bottom: 0.0001pt; text-align: justify; text-indent: 35.45pt; line-height: normal;\"><b><span style=\"font-size: 14pt; font-family: 'Arial','sans-serif';\">\u0130ran s\u0131n\u0131r\u0131na yak\u0131n ilimiz I\u011fd\u0131r\u2019da yakalanan ve \u0130ran istihbarat\u0131 SAVAK ajanlar\u0131 oldu\u011fu anla\u015f\u0131lan ki\u015filer de, Do\u011fu ve G\u00fcneydo\u011fudaki K\u00fcrt halk\u0131m\u0131z\u0131 isyana k\u0131\u015fk\u0131rtmak \u00fczere \u00fclkemize s\u0131zan ve MOSSAD\u2019la irtibatlar\u0131 saptanan, Kirli \u0130ran\u2019\u0131n elemanlar\u0131yd\u0131. Evet, malum ve melun g\u00fc\u00e7ler, bu en kritik s\u00fcre\u00e7te, T\u00fcrkiye ile \u0130ran\u2019\u0131 kap\u0131\u015ft\u0131rmak ve Siyonizm i\u00e7in en \u00f6nemli iki engelden kurtulmak i\u00e7in \u015feytani tezg\u00e2hlar kurgulamaktayd\u0131.<\/span><\/b><\/p>\n<p style=\"margin-bottom: 0.0001pt; text-align: justify; text-indent: 35.45pt; line-height: normal;\"><b><span style=\"font-size: 14pt; font-family: 'Arial','sans-serif';\">Peki, I\u011fd\u0131r\u2019da yakalanan \u0130ran SAVAMA ajanlar\u0131na T\u00fcrk \u0130stihbarat Kurumlar\u0131 ve askeri kararg\u00e2hlar ve harek\u00e2t planlar\u0131 hakk\u0131nda (kendi \u00e7ap\u0131nda eri\u015febildi\u011fi kadar) bilgi ve belgeler aktaran korucuba\u015f\u0131lar\u0131, acaba ayn\u0131 bilgileri PKK\u2019ya da anlatm\u0131yorlar m\u0131yd\u0131? Kald\u0131 ki bunlar basit bilgi k\u0131r\u0131nt\u0131lar\u0131yd\u0131. Bunlardan \u00e7ok daha \u00f6nemli, gizli ve stratejik bilgiler zaten CIA\u2019n\u0131n elindeydi ve PKK\u2019ya onlar aktarmaktayd\u0131.<\/span><\/b><\/p>\n<p style=\"margin-bottom: 0.0001pt; text-align: justify; text-indent: 35.45pt; line-height: normal;\"><b><span style=\"font-size: 14pt; font-family: 'Arial','sans-serif';\">O s\u00fcre\u00e7te Milli \u00c7\u00f6z\u00fcm olarak bizim de yapt\u0131\u011f\u0131m\u0131z onlarca uyar\u0131ya ra\u011fmen, CIA\u2019n\u0131n ve AB kurumlar\u0131n\u0131n talimat\u0131yla Jandarma \u0130stihbarat\u0131n\u0131 la\u011fveden, yani \u201cyerinde saha \u00e7al\u0131\u015fmas\u0131 ve bilgiler toplamas\u0131\u201d yapan birimleri ortadan kald\u0131r\u0131p HERON\u2019lara g\u00fcvenen \u015fu AKP iktidar\u0131na, sorumsuzluklar\u0131n\u0131n hesab\u0131 bir g\u00fcn elbette sorulacakt\u0131. ABD\u2019nin kiral\u0131k \u00e7etesi olan PKK\u2019n\u0131n T\u00fcrkiye\u2019yi \u0130ran ve Suriye ile \u00e7arp\u0131\u015ft\u0131r\u0131p kendisine rahat ve kolay bir alan sa\u011flamay\u0131 d\u00fc\u015f\u00fcnd\u00fc\u011f\u00fcn\u00fc, daha do\u011frusu bu y\u00f6nde g\u00fcd\u00fcld\u00fc\u011f\u00fcn\u00fc bile fark edemeyen feraset yoksunu AKP iktidar\u0131, \u201ckat\u0131ra g\u00fcc\u00fc yetmeyip semerine sald\u0131ran zavall\u0131\u201d misali, sadece olaylar\u0131n pe\u015finden ko\u015fup bocalamaktayd\u0131.<\/span><\/b><\/p>\n<p style=\"margin-bottom: 0.0001pt; text-align: justify; text-indent: 35.45pt; line-height: normal;\"><b><span style=\"font-size: 18pt; font-family: 'Arial','sans-serif';\">As\u0131l sorulmas\u0131 ve ara\u015ft\u0131r\u0131lmas\u0131 gereken \u015fu olmal\u0131yd\u0131:<\/span><\/b><\/p>\n<p style=\"margin-bottom: 0.0001pt; text-align: justify; text-indent: 35.45pt; line-height: normal;\"><b><span style=\"font-size: 18pt; font-family: 'Arial','sans-serif';\">T\u00fcrkiye\u2019ye y\u00f6nelik a\u00e7\u0131klamalar\u0131, hangi \u0130ran yapmaktayd\u0131 ve hangi T\u00fcrkiye\u2019yi hedef almaktayd\u0131:<\/span><\/b><\/p>\n<p style=\"margin-bottom: 0.0001pt; text-align: justify; text-indent: 35.45pt; line-height: normal;\"><span style=\"font-size: 14pt; font-family: 'Arial','sans-serif';\">\u0130ran 75 milyon n\u00fcfusu ve 1,6 milyon km\u00b2 (T\u00fcrkiye\u2019nin iki kat\u0131ndan daha fazla ) ile y\u00fcz\u00f6l\u00e7\u00fcm\u00fc olarak bizden b\u00fcy\u00fck tek kom\u015fumuz konumundayd\u0131. D\u00fcnyan\u0131n en da\u011fl\u0131k \u00fclkelerinden biri olan \u0130ran, M.\u00d6. 4000\u2019lere dayanan tarihi ile yer k\u00fcremizin en eski ve s\u00fcrekli uygarl\u0131klar\u0131ndan birine ev sahipli\u011fi yapmaktayd\u0131. Avrasya co\u011frafyas\u0131nda sahip oldu\u011fu stratejik konumu \u0130ran\u2019a her d\u00f6nem b\u00f6lgesel g\u00fc\u00e7 olma potansiyelini kazand\u0131rm\u0131\u015ft\u0131.<\/span><\/p>\n<p style=\"margin-bottom: 0.0001pt; text-align: justify; text-indent: 35.45pt; line-height: normal;\"><span style=\"font-size: 14pt; font-family: 'Arial','sans-serif';\">\u00dclke n\u00fcfusunun y\u00fczde 45\u2019i Fars, y\u00fczde 35\u2019i Azeri T\u00fcrk\u00fc, y\u00fczde 2\u2019si T\u00fcrkmen, y\u00fczde 1\u2019i Ka\u015fkay T\u00fcrk\u00fc, y\u00fczde 7\u2019si K\u00fcrt, y\u00fczde 2\u2019si Arap, geriye kalan y\u00fczde 8\u2019i de Gilekler, Mezdaranl\u0131lar, Beluciler, Lurlar ve di\u011fer etnik yap\u0131lardan olu\u015fmaktayd\u0131. \u0130nan\u00e7 olarak \u0130ran\u2019\u0131n y\u00fczde 90\u2019\u0131 \u015eii M\u00fcsl\u00fcman y\u00fczde 8\u2019i S\u00fcnni M\u00fcsl\u00fcman y\u00fczde 2\u2019si ise Baha\u00eeler, Zerd\u00fc\u015ftler, Hindular, Sabiiler, Yezidiler, Yahudiler ve H\u0131ristiyanlard\u0131.<\/span><\/p>\n<p style=\"margin-bottom: 0.0001pt; text-align: justify; text-indent: 35.45pt; line-height: normal;\"><span style=\"font-size: 14pt; font-family: 'Arial','sans-serif';\">T\u00fcrkler \u0130ran halk\u0131yla ileti\u015fim kurmak a\u00e7\u0131s\u0131ndan hi\u00e7 zorlanmayacakt\u0131. \u0130ran D\u0131\u015fi\u015fleri Bakan\u0131 Ali Ekber Salihi 2012 y\u0131l\u0131nda, \u201c\u0130ran n\u00fcfusunun y\u00fczde 40\u2019\u0131 T\u00fcrk\u00e7e konu\u015fmaktad\u0131r\u201d a\u00e7\u0131klamas\u0131n\u0131 yapm\u0131\u015ft\u0131. \u0130ran\u2019\u0131n dini ve \u0130slam Cumhuriyeti\u2019nin genel politikalar\u0131n\u0131n tan\u0131mlanmas\u0131ndan ve denetiminden sorumlu lideri olan Ayetullah Ali Hamaney T\u00fcrk as\u0131ll\u0131yd\u0131.<\/span><\/p>\n<p style=\"margin-bottom: 0.0001pt; text-align: justify; text-indent: 35.45pt; line-height: normal;\"><span style=\"font-size: 14pt; font-family: 'Arial','sans-serif';\">\u0130ran Yarg\u0131tay Ba\u015fkan\u0131 Sad\u0131k Laricani\u2019nin \u2018\u2019Kad\u0131nlar\u0131n ba\u015f\u0131n\u0131n \u00f6rt\u00fclmesi dini de\u011fil siyasi bir tercihtir\u201d beyanat\u0131 son g\u00fcnlerde \u00e7ok tart\u0131\u015f\u0131lm\u0131\u015ft\u0131.<\/span><\/p>\n<p style=\"margin-bottom: 0.0001pt; text-align: justify; text-indent: 35.45pt; line-height: normal;\"><b><span style=\"font-size: 14pt; font-family: 'Arial','sans-serif';\">Herkesin g\u00f6zden ka\u00e7\u0131rd\u0131\u011f\u0131 \u015fu \u00f6nemli ger\u00e7e\u011fi de vurgulamam\u0131z laz\u0131md\u0131: Amerika birle\u015fik devletlerinden sonra, d\u00fcnyan\u0131n en etkin Yahudi Lobilerinden birisi de \u0130ran\u2019da ve \u00f6zellikle \u0130sfahan\u2019da bulunmaktayd\u0131 ve \u0130ran\u2019daki \u201cD\u00f6nmeler\u201d T\u00fcrkiye\u2019deki \u201cSabataistler\u201d kadar yetkin konumdayd\u0131!<\/span><\/b><\/p>\n<p style=\"margin-bottom: 0.0001pt; text-align: justify; text-indent: 35.45pt; line-height: normal;\"><b><span style=\"font-size: 18pt; font-family: 'Arial','sans-serif';\">\u201cAKP T\u00fcrkiyesi b\u00f6lgede ABD\u2019ye ta\u015feronluk ediyor\u201d diyenler hakl\u0131yd\u0131!<\/span><\/b><\/p>\n<p style=\"margin-bottom: 0.0001pt; text-align: justify; text-indent: 35.45pt; line-height: normal;\"><span style=\"font-size: 14pt; font-family: 'Arial','sans-serif';\">Ankara, \u0130ran&#8217;\u0131 uyarmas\u0131na ra\u011fmen \u0130ranl\u0131 yetkililerin AKP T\u00fcrkiyesine kar\u015f\u0131 su\u00e7lamalar\u0131 artm\u0131\u015ft\u0131. \u0130ran Genelkurmay Ba\u015fkan\u0131 Hasan Firuzabadi&#8217;den sonra \u0130ran eski D\u0131\u015fi\u015fleri Bakan\u0131 Manu\u00e7ehr Mutteki de, T\u00fcrk devlet adamlar\u0131n\u0131n ba\u015fta Suriye olmak \u00fczere b\u00f6lgedeki \u00fclkelere kar\u015f\u0131 d\u00fc\u015fmanca politika y\u00fcr\u00fctt\u00fcklerini ve bunun ac\u0131 ak\u0131betlerini hat\u0131rlatm\u0131\u015flard\u0131. Mutteki, T\u00fcrkiye&#8217;nin bu politika nedeniyle son 10 y\u0131l i\u00e7inde elde ettikleri getirileri bir gecede heba etti\u011fini vurgulam\u0131\u015ft\u0131. T\u00fcrkiye&#8217;yi &#8220;Suriye&#8217;ye kar\u015f\u0131 Amerikan planlar\u0131n\u0131 uygulayan ta\u015feron \u00fclkeye d\u00f6n\u00fc\u015fmekle&#8221; su\u00e7layan Mutteki ve GKB Firuzabadi Milli \u0130ran\u2019\u0131n adamlar\u0131yd\u0131.<\/span><\/p>\n<p style=\"margin-bottom: 0.0001pt; text-align: justify; text-indent: 35.45pt; line-height: normal;\"><span style=\"font-size: 14pt; font-family: 'Arial','sans-serif';\">Birka\u00e7 ay \u00f6nce Rum Kesimi&#8217;ne \u0130srail askerlerinin bir vesileyle yerle\u015fece\u011finden bahsedilirken, \u015fimdi art\u0131k \u0130srail sava\u015f u\u00e7aklar\u0131 K\u0131br\u0131s \u00fczerinde u\u00e7uyordu. Gayet rahat \u015fekilde T\u00fcrkiye hava sahas\u0131n\u0131n k\u0131y\u0131lar\u0131nda dola\u015f\u0131yor, yer yer ihlaller yap\u0131yordu. \u0130srail&#8217;in sava\u015f gemilerinin Meis adas\u0131na kadar geldi\u011fi s\u00f6yleniyordu. Velhas\u0131l-\u0131 kelam, T\u00fcrkiye&#8217;nin hemen yan\u0131 ba\u015f\u0131nda kritik geli\u015fmeler ya\u015fan\u0131yordu. Bu tehlikeli geli\u015fmelere kar\u015f\u0131 AKP hangi tedbirleri al\u0131yordu? K\u0131br\u0131s&#8217;\u0131n bir \u0130srail u\u00e7ak gemisine d\u00f6n\u00fc\u015fmesine kar\u015f\u0131 neden k\u0131l\u0131 k\u0131p\u0131rdam\u0131yordu? Veyahut Ege adalar\u0131na \u0130srail f\u00fczeleri yerle\u015ftirilme giri\u015fimleri niye tart\u0131\u015f\u0131lm\u0131yordu? Her f\u0131rsatta Bat\u0131l\u0131 kurumlar\u0131 (BM, NATO.. vb) g\u00f6reve davet etmeyi g\u00f6rev sayan T\u00fcrk D\u0131\u015f Bakanl\u0131\u011f\u0131 kendi stratejik g\u00fcvenli\u011fe dair hi\u00e7bir \u015fey yapam\u0131yordu. Yak\u0131nda, \u0130srail&#8217;in gemileri veya denizalt\u0131lar\u0131 bizi Do\u011fu Akdeniz&#8217;e de \u00e7\u0131kartmazsa \u015fa\u015fmamak gerekiyordu. Maalesef T\u00fcrkiye, yan\u0131 ba\u015f\u0131nda bu kadar kritik ve tehlikeli geli\u015fmeler olurken hi\u00e7bir tepki vermiyor, \u00fcst\u00fcne \u00fcstl\u00fck bu geli\u015fmelerden haberdar oldu\u011funa ve dikkatle izledi\u011fine dair bir belirti de g\u00f6stermiyorken, tutup \u0130ran\u2019la a\u011f\u0131z dala\u015f\u0131na girmesi kafa kar\u0131\u015ft\u0131r\u0131yordu. <\/span><\/p>\n<p style=\"margin-bottom: 0.0001pt; text-align: justify; text-indent: 35.45pt; line-height: normal;\"><b><span style=\"font-size: 14pt; font-family: 'Arial','sans-serif';\">Tam b\u00f6yle bir s\u00fcre\u00e7te Rusya D\u0131\u015fi\u015fleri Bakan\u0131 Sergey Lavrov: <i>\u201cT\u00fcrkiye\u2019nin, ABD, NATO ve \u0130srail\u2019in planlad\u0131\u011f\u0131 Suriye ve \u0130ran senaryolar\u0131na ta\u015feronluk yapt\u0131\u011f\u0131n\u0131\u201d <\/i><\/span><\/b><span style=\"font-size: 14pt; font-family: 'Arial','sans-serif';\">yaz\u0131yordu.<\/span><\/p>\n<p style=\"margin-bottom: 0.0001pt; text-align: justify; text-indent: 35.45pt; line-height: normal;\"><span style=\"font-size: 14pt; font-family: 'Arial','sans-serif';\">\u0130srail Ba\u015fbakan\u0131 Netanyahu, \u0130zak \u015eamir&#8217;in cenaze t\u00f6reninde yapt\u0131\u011f\u0131 a\u00e7\u0131klamada; <b><i>&#8220;1991&#8217;de Irak&#8217;\u0131n, \u0130srail&#8217;e f\u00fcze atmas\u0131 kar\u015f\u0131s\u0131nda, \u0130zak \u015eamir&#8217;in bo\u015f durmayarak Irak&#8217;\u0131 vuraca\u011f\u0131n\u0131 ABD Ba\u015fkan\u0131&#8217;na deklare etti\u011fini ve bunun \u00fczerine ABD Ba\u015fkan\u0131&#8217;n\u0131n \u0130srail&#8217;in bu kararl\u0131 tutumu kar\u015f\u0131s\u0131nda, Irak&#8217;ta ate\u015fkesi sa\u011flayarak \u0130srail&#8217;in Irak&#8217;a olas\u0131 hareketini \u00f6nledi\u011fini&#8221; <\/i><\/b>ifade ederek, kendisinin de ABD Ba\u015fkan\u0131 Obama ile yapt\u0131\u011f\u0131 g\u00f6r\u00fc\u015fmede, &#8220;\u0130ran&#8217;\u0131n n\u00fckleer silah \u00fcretiminin \u00f6nlenememesi durumunda sessiz kalmayacaklar\u0131n\u0131&#8221; bildirdi\u011fini s\u00f6yleyip bir bak\u0131ma ABD&#8217;nin \u0130ran konusunda gev\u015fek davranmas\u0131 durumunda, \u0130srail&#8217;in gerekeni yapaca\u011f\u0131 mesaj\u0131n\u0131 veriyordu.<\/span><\/p>\n<p style=\"margin-bottom: 0.0001pt; text-align: justify; text-indent: 35.45pt; line-height: normal;\"><b><span style=\"font-size: 14pt; font-family: 'Arial','sans-serif';\">\u0130ran ile ABD aras\u0131ndaki gerilim giderek art\u0131yor, bununla birlikte \u0130ran&#8217;dan gelen a\u00e7\u0131klamalar\u0131n dozu da y\u00fckseliyordu. \u0130ran herhangi bir sald\u0131r\u0131 halinde Ortado\u011fu&#8217;daki ABD \u00fcsleri ile \u0130srail&#8217;i hedef alaca\u011f\u0131n\u0131 a\u00e7\u0131k\u00e7a ilan ediyor ve bir iki dakika i\u00e7inde hedefleri vuraca\u011f\u0131n\u0131 duyuruyordu. Peki, acaba \u0130ran\u2019\u0131n kendi \u00fclkesini savunmaya y\u00f6nelik bu \u00e7\u0131k\u0131\u015flar\u0131 baz\u0131 \u0130slamc\u0131 kesimleri ve AKP\u2019yi niye rahats\u0131z ediyordu?<\/span><\/b><\/p>\n<p style=\"margin-bottom: 0.0001pt; text-align: justify; text-indent: 35.45pt; line-height: normal;\"><b><span style=\"font-size: 14pt; font-family: 'Arial','sans-serif';\">Tekrar hat\u0131rlatal\u0131m ki, \u201cT\u00fcrkiye\u2019ye \u00e7ok \u015feyler kazand\u0131raca\u011f\u0131\u201d yalan\u0131yla yap\u0131lan Irak i\u015fgalinden, en k\u00e2rl\u0131 \u00e7\u0131kan \u0130ran oluyor, zarar\u0131n\u0131 T\u00fcrkiye \u00e7ekiyordu. Ayn\u0131 gafleti Suriye\u2019de g\u00f6steren AKP H\u00fck\u00fcmeti, hala ABD\u2019nin kuyru\u011fundan ayr\u0131lm\u0131yor, hatta \u0130ran\u2019a kar\u015f\u0131 haz\u0131rlanan senaryolarda dolayl\u0131 bir \u0130srail taraftarl\u0131\u011f\u0131 yap\u0131yordu. <\/span><\/b><\/p>\n<p style=\"margin-bottom: 0.0001pt; text-align: justify; text-indent: 35.45pt; line-height: normal;\"><b><span style=\"font-size: 14pt; font-family: 'Arial','sans-serif';\">\u0130ran Silahl\u0131 Kuvvetler Genelkurmay Ba\u015fkan\u0131 T\u00fcmgeneral Seyit Hasan Firuzabadi\u2019nin Suriye\u2019de ya\u015fananlardan Suudi Arabistan, Katar ve T\u00fcrkiye\u2019yi sorumlu tutup <i>\u201cH\u00e2lbuki Suriye&#8217;den sonra s\u0131ran\u0131n T\u00fcrkiye&#8217;ye ve di\u011fer \u00fclkelere gelece\u011fini bilmeleri gerekir\u201d<\/i> demesi, ba\u015fka a\u00e7\u0131klamalarla birlikte Ankara ile Tahran aras\u0131nda ciddi bir krize neden oluyordu. Oysa Firuzabadi hakl\u0131yd\u0131: E\u011fer Suriye de par\u00e7alan\u0131rsa b\u00f6lgede s\u0131ra T\u00fcrkiye\u2019ye geliyordu.<\/span><\/b><\/p>\n<p style=\"margin-bottom: 0.0001pt; text-align: justify; text-indent: 35.45pt; line-height: normal;\"><b><span style=\"font-size: 14pt; font-family: 'Arial','sans-serif';\">Tahran\u2019daki \u0130slami rejime daha ilk andan itibaren kar\u015f\u0131 olan Bat\u0131l\u0131 g\u00fc\u00e7lerin ve tabii ki \u0130srail\u2019in, Suriye\u2019deki Baas rejiminin \u00e7\u00f6kmesi halinde vakit ge\u00e7irmeden ve n\u00fckleer sorunu bahane ederek \u0130ran \u00fczerinde operasyonlara y\u00f6nelmeleri zaten bekleniyordu. B\u00f6ylesi bir durumda \u0130ran K\u00fcrtlerinin en \u00f6nde gelen muhalif akt\u00f6r olarak ortaya \u00e7\u0131kacaklar\u0131 da biliniyordu. Ve herhalde \u0130ran\u2019\u0131n Suriye konusuna bu kadar angaje olmas\u0131n\u0131n alt\u0131nda kendisine y\u00f6nelik bu t\u00fcrden bir tehdit alg\u0131s\u0131 yat\u0131yordu.<\/span><\/b><\/p>\n<p style=\"margin-bottom: 0.0001pt; text-align: justify; text-indent: 35.45pt; line-height: normal;\"><b><span style=\"font-size: 18pt; font-family: 'Arial','sans-serif';\">ABD\u2019yi Yahudi Lobileri y\u00f6netiyordu!<\/span><\/b><\/p>\n<p style=\"margin-bottom: 0.0001pt; text-align: justify; text-indent: 35.45pt; line-height: normal;\"><span style=\"font-size: 14pt; font-family: 'Arial','sans-serif';\">Bu arada Amerika&#8217;da ba\u015fkanl\u0131k yar\u0131\u015f\u0131 tam gaz devam ediyor, gerek Obama gerekse Cumhuriyet\u00e7ilerin aday\u0131 Mitt Romney her ikisi de Amerika&#8217;daki Yahudi lobisine yaranmaya \u00e7al\u0131\u015f\u0131yordu. \u00d6zellikle de Cumhuriyet\u00e7i aday Romney daha \u015fimdiden <b><i>&#8220;\u0130srail&#8217;i asla ele\u015ftirmeyece\u011fim&#8221;<\/i><\/b> diye s\u00f6z veriyordu. <b><i>&#8220;Kud\u00fcs \u0130srail&#8217;in Ba\u015fkentidir ve hep Ba\u015fkent&#8217;i olarak kalacakt\u0131r&#8221;<\/i><\/b> demek suretiyle de Siyonizm&#8217;e selam duruyordu. Yetmez, <b><i>\u201c\u0130srail&#8217;in \u0130ran&#8217;a sald\u0131rmas\u0131na da sayg\u0131 duyaca\u011f\u0131n\u0131\u201d <\/i><\/b>bug\u00fcnden ilan ediyordu!<\/span><\/p>\n<p style=\"margin-bottom: 0.0001pt; text-align: justify; text-indent: 35.45pt; line-height: normal;\"><b><span style=\"font-size: 14pt; font-family: 'Arial','sans-serif';\">Evet, adamlar Amerika&#8217;da ba\u015fkanl\u0131k koltu\u011funu kapabilmek i\u00e7in Ortado\u011fu&#8217;yu ate\u015fe vermekte bir sak\u0131nca g\u00f6rm\u00fcyordu. B\u00f6lgemizin \u015f\u0131mar\u0131k ve gayrime\u015fru \u00e7ocu\u011fu \u0130srail&#8217;i <i>&#8220;Ak\u0131ll\u0131 uslu otur&#8221;<\/i> diye ikaz edeceklerine <i>&#8220;Ne yaparsan yap, arkanday\u0131z yeter ki se\u00e7imlerde siz de bizim arkam\u0131zda olun&#8221; <\/i>mant\u0131\u011f\u0131 ile destekleyenler ABD\u2019yi kimlerin y\u00f6netti\u011fini \u00e7ok iyi biliyordu. Amerika gibi s\u00fcper bir devletin ba\u015fkan\u0131 olmak i\u00e7in yola \u00e7\u0131kanlar\u0131n, <i>&#8220;\u0130srail&#8217;i asla ele\u015ftirmeyece\u011fim&#8221; <\/i>diye s\u00f6z vermek durumuna d\u00fc\u015fm\u00fc\u015f olmalar\u0131 asl\u0131nda her \u015feyi a\u00e7\u0131kl\u0131yordu. Ve Amerika&#8217;y\u0131 kimin y\u00f6netti\u011fi ve Erbakan\u2019\u0131n \u0131srarla Siyonizm s\u00f6ylemi \u015fimdi daha iyi anla\u015f\u0131l\u0131yordu.<\/span><\/b><\/p>\n<p style=\"margin-bottom: 0.0001pt; text-align: justify; text-indent: 35.45pt; line-height: normal;\"><b><span style=\"font-size: 18pt; font-family: 'Arial','sans-serif';\">\u0130ki \u0130ran bulunuyordu!<\/span><\/b><\/p>\n<p style=\"margin-bottom: 0.0001pt; text-align: justify; text-indent: 35.45pt; line-height: normal;\"><i><span style=\"font-size: 14pt; font-family: 'Arial','sans-serif';\">\u201cT\u00fcrkiye-\u0130ran ili\u015fkileri, olduk\u00e7a kaygan say\u0131labilecek bir zemin \u00fczerinde yeni gelece\u011fini aramaya devam ediyordu. S\u00fcre\u00e7 \u00fczerindeki bir\u00e7ok bilinmeyen ve etken, haliyle ili\u015fkilerdeki tonu gride tutuyordu. Her ne kadar burada temel sorun Suriye olarak \u00f6ncelikli yerini korusa da, di\u011fer mevcut-potansiyel sorun alanlar\u0131n\u0131n varl\u0131\u011f\u0131n\u0131 da unutmamak gerekiyordu.<\/span><\/i><\/p>\n<p style=\"margin-bottom: 0.0001pt; text-align: justify; text-indent: 35.45pt; line-height: normal;\"><i><span style=\"font-size: 14pt; font-family: 'Arial','sans-serif';\">Di\u011fer taraftan son geli\u015fmeler, i\u00e7 dinamikler ba\u011flam\u0131nda kar\u015f\u0131m\u0131za bir di\u011fer \u00f6nemli sorunu daha \u00e7\u0131kart\u0131yor ki o da \u0130ran&#8217;da kendisini derin bir sistem sorunu olarak hissettiren &#8220;\u0130ki Tahran&#8221; ger\u00e7e\u011fi oluyordu. \u0130ki \u00fclke aras\u0131ndaki dostluk ili\u015fkilerini temelden hedef alan \u00e7\u0131k\u0131\u015flar sonras\u0131, Ankara&#8217;y\u0131 ziyaret eden \u0130ran D\u0131\u015fi\u015fleri Bakan\u0131 Salihi, bu a\u00e7\u0131klamalar\u0131n resmi olmad\u0131\u011f\u0131n\u0131 ve \u0130ran&#8217;\u0131n g\u00f6r\u00fc\u015f\u00fcn\u00fc yans\u0131tmad\u0131\u011f\u0131n\u0131 bir kez daha kaydetmek zorunda kal\u0131yordu. O zaman da sormu\u015ftuk, \u015fimdi de soruyoruz; \u015fimdi T\u00fcrkiye hangi Tahran ile muhatap olacak ve bu \u00e7\u0131k\u0131\u015flar nereye kadar devam edecekti? Tahran&#8217;a iyi polisler mi h\u00e2kim, yoksa k\u00f6t\u00fcler mi? Ya da, Fars diplomasisi her ikisini birden mi kullanmaya \u00e7al\u0131\u015f\u0131yordu? <\/span><\/i><\/p>\n<p style=\"margin-bottom: 0.0001pt; text-align: justify; text-indent: 35.45pt; line-height: normal;\"><i><span style=\"font-size: 14pt; font-family: 'Arial','sans-serif';\">\u015eu ana kadarki izlenimler, Tahran&#8217;daki derin yap\u0131n\u0131n, bu iki kanad\u0131n\u0131 (&#8220;Mollalar&#8221; ve &#8220;Reformcular&#8221; olarak da adland\u0131rabilece\u011fimiz) da etkin-kontroll\u00fc bir \u015fekilde d\u0131\u015f politikas\u0131nda kulland\u0131\u011f\u0131n\u0131 g\u00f6steriyordu.<\/span><\/i><\/p>\n<p style=\"margin-bottom: 0.0001pt; text-align: justify; text-indent: 35.45pt; line-height: normal;\"><i><span style=\"font-size: 14pt; font-family: 'Arial','sans-serif';\">G\u00f6r\u00fcnen o ki, \u0130ran y\u00f6netimi: 1- T\u00fcrkiye&#8217;yi ABD&#8217;nin iflah olmaz bir m\u00fcttefiki olarak kabul ediyor ve g\u00fcvenilmez buluyordu. 2- S\u0131ran\u0131n art\u0131k kendisine geldi\u011fine inan\u0131yor ve bu ba\u011flamda uluslararas\u0131 (ABD kar\u015f\u0131t\u0131)-b\u00f6lgesel-yerel kamuoyuna oynuyordu. 3- \u0130ran Anti-Amerikanc\u0131 blo\u011fun tam deste\u011fini almaya \u00e7al\u0131\u015f\u0131rken, di\u011fer taraftan da \u015eiilik \u00fczerine in\u015fa etti\u011fi b\u00f6lge jeopoliti\u011fini harekete ge\u00e7irmeye \u00e7al\u0131\u015f\u0131yordu. 4- Bu noktada, \u00f6zellikle Rusya ve daha arka planda \u00c7in ile isti\u015fareli bir \u015fekilde hareket ediyor, bu da ka\u00e7\u0131n\u0131lmaz olarak ak\u0131llara Rusya&#8217;n\u0131n \u0130ran \u00fczerindeki etkisini g\u00fcndeme getiriyordu.<\/span><\/i><\/p>\n<p style=\"margin-bottom: 0.0001pt; text-align: justify; text-indent: 35.45pt; line-height: normal;\"><i><span style=\"font-size: 14pt; font-family: 'Arial','sans-serif';\">Nitekim \u00f6n\u00fcm\u00fczdeki g\u00fcnlerde g\u00fcndeme gelmesi beklenen ve temelde \u0130ran konusunda al\u0131nacak bir tak\u0131m garantileri ihtiva eden gizli-\u00f6rt\u00fcl\u00fc pazarl\u0131k s\u00fcre\u00e7leri dikkatlerden ka\u00e7\u0131r\u0131l\u0131yordu. Ayn\u0131 \u015fekilde, Esad sonras\u0131 i\u00e7in Moskova-Tahran ikilisinin en az \u00fc\u00e7e b\u00f6l\u00fcnm\u00fc\u015f bir Suriye tercihi-talebi de bu kapsamda \u015eam&#8217;daki rejime y\u00f6nelik deste\u011fin s\u0131n\u0131r\u0131n\u0131 de belirliyordu. Rusya-\u0130ran ikilisi aras\u0131ndaki ortak \u00e7\u0131kar noktalar\u0131n\u0131 ve i\u015fbirli\u011fi boyutunu resmetmesi itibar\u0131yla dikkat \u00e7ekiyordu. Burada, T\u00fcrkiye&#8217;yi a\u00e7\u0131ktan tehdit etmesi beklenen &#8220;Bat\u0131 K\u00fcrdistan&#8221; ortak ad\u0131m\u0131 ile birlikte rejimin s\u0131\u011f\u0131naca\u011f\u0131 ve varl\u0131\u011f\u0131n\u0131 devam ettirece\u011fi Lazkiye merkezli bir &#8220;Alevi Devleti&#8221; projesi acaba T\u00fcrkiye&#8217;ye &#8220;Oyunun kurallar\u0131n\u0131 de\u011fi\u015ftirmekten sak\u0131n&#8221; mesaj\u0131 veren \u0130ran&#8217;\u0131n hangi kanad\u0131n\u0131n plan\u0131 oluyordu?\u201d<\/span><\/i><span style=\"font-size: 14pt; font-family: 'Arial','sans-serif';\"> diye soran M. Seyfettin Erol \u00f6nemli ger\u00e7eklere parmak bas\u0131yordu. <\/span><\/p>\n<p style=\"margin-bottom: 0.0001pt; text-align: justify; text-indent: 35.45pt; line-height: normal;\"><b><span style=\"font-size: 14pt; font-family: 'Arial','sans-serif';\">Bu arada, M\u0131s\u0131r\u2019\u0131n yeni Cumhurba\u015fkan\u0131 ve Il\u0131ml\u0131 \u0130hvan\u2019\u0131n parlat\u0131lan y\u0131ld\u0131z\u0131 Mursi\u2019nin dan\u0131\u015fman\u0131n\u0131n: <i>&#8220;\u0130ran, sorunun de\u011fil \u00e7\u00f6z\u00fcm\u00fcn bir par\u00e7as\u0131d\u0131r&#8221;<\/i> a\u00e7\u0131klamas\u0131 kafalar\u0131 kar\u0131\u015ft\u0131r\u0131yordu.<\/span><\/b><\/p>\n<p style=\"margin-bottom: 0.0001pt; text-align: justify; text-indent: 35.45pt; line-height: normal;\"><span style=\"font-size: 14pt; font-family: 'Arial','sans-serif';\">\u0130ran D\u0131\u015fi\u015fleri Bakanl\u0131\u011f\u0131 S\u00f6zc\u00fcs\u00fc Ramin Mihmanperest, M\u0131s\u0131r Cumhurba\u015fkan\u0131 Muhammed Mursi&#8217;nin Ba\u011flant\u0131s\u0131zlar Hareketi Zirvesi&#8217;ne kat\u0131lmak \u00fczere Tahran&#8217;a yapt\u0131\u011f\u0131 ziyaretin, iki \u00fclke ili\u015fkilerinin geli\u015fmesine katk\u0131 sa\u011flayaca\u011f\u0131n\u0131 s\u00f6yl\u00fcyordu. M\u0131s\u0131r Cumhurba\u015fkan\u0131 S\u00f6zc\u00fcs\u00fc Yasir Ali ise, ba\u015fkent Kahire&#8217;de yabanc\u0131 bas\u0131n mensuplar\u0131na yapt\u0131\u011f\u0131 a\u00e7\u0131klamada, daha \u00f6nce M\u0131s\u0131r Cumhurba\u015fkan\u0131 Muhammed Mursi taraf\u0131ndan dile getirilen ve Suriye krizine siyasi \u00e7\u00f6z\u00fcm bulunmas\u0131 amac\u0131yla b\u00f6lgesel bir giri\u015fim ba\u015flat\u0131lmas\u0131n\u0131 \u00f6ng\u00f6ren planda \u0130ran&#8217;\u0131n da yer almas\u0131 konusunda \u0131srarc\u0131 olacaklar\u0131n\u0131 belirtiyordu. T\u00fcrkiye, Suudi Arabistan, M\u0131s\u0131r ve \u0130ran&#8217;\u0131n yer alaca\u011f\u0131 d\u00f6rtl\u00fc koalisyonda bulunmas\u0131n\u0131 istedikleri \u00fclkelerin neler yapabilece\u011fine de de\u011finen Ali; \u0130ran&#8217;\u0131n, Be\u015f\u015far Esed&#8217;e y\u00f6netimi b\u0131rakmas\u0131 i\u00e7in bask\u0131 yapabilece\u011fini, <b><i>\u201cT\u00fcrkiye&#8217;nin de, muhalifleri, Esed rejiminde \u015fiddete bula\u015fmam\u0131\u015f yetkililerle m\u00fczakerelere ikna etmede ba\u015far\u0131l\u0131 olabilece\u011fini\u201d<\/i><\/b> savunuyordu. Ali, Suudi Arabistan ve M\u0131s\u0131r&#8217;\u0131n ise m\u00fczakere s\u00fcrecini takip ederek taraflar aras\u0131nda arabuluculuk yapabilece\u011fini ifade ediyordu.<\/span><\/p>\n<p style=\"margin-bottom: 0.0001pt; text-align: justify; text-indent: 35.45pt; line-height: normal;\"><b><span style=\"font-size: 14pt; font-family: 'Arial','sans-serif';\">Suriye&#8217;de \u00e7\u00f6z\u00fcme katk\u0131 sunabilecek \u00fclkelerle masaya oturulmas\u0131 gerekti\u011fini vurgulayan Yasir Ali, bu \u00e7er\u00e7evede b\u00f6lgede n\u00fcfuz sahibi olan \u0130ran&#8217;\u0131n rol\u00fcn\u00fcn son derece \u00f6nemli oldu\u011funu belirtiyordu. Bas\u0131n toplant\u0131s\u0131nda Cumhurba\u015fkan\u0131 Mursi&#8217;nin \u00c7in ve \u0130ran ziyaretleri ile \u00f6n\u00fcm\u00fczdeki d\u00f6nemde Kahire&#8217;nin izleyece\u011fi d\u0131\u015f politikaya ili\u015fkin bilgiler de veren Yasir Ali, asl\u0131nda ABD\u2019nin niyetlerini de de\u015fifre ediyordu. Anla\u015f\u0131lan Muhammed Mursi, Recep Erdo\u011fan\u2019\u0131n yerini al\u0131yor ve T\u00fcrkiye d\u0131\u015flan\u0131yordu.<\/span><\/b><\/p>\n<p style=\"margin-bottom: 0.0001pt; text-align: justify; text-indent: 35.45pt; line-height: normal;\"><b><span style=\"font-size: 14pt; font-family: 'Arial','sans-serif';\">Kippal\u0131 Siyonist Joe Biden bu kez Ba\u011fdat&#8217;a gidiyordu!<\/span><\/b><\/p>\n<p style=\"margin-bottom: 0.0001pt; text-align: justify; text-indent: 35.45pt; line-height: normal;\"><span style=\"font-size: 14pt; font-family: 'Arial','sans-serif';\">ABD Ba\u015fkan\u0131 Barack Obama&#8217;n\u0131n Yard\u0131mc\u0131s\u0131 ve T\u00fcrkiye d\u00fc\u015fman\u0131 Yahudi as\u0131ll\u0131 Joe Biden\u2019\u0131n Suriye\u2019deki geli\u015fmeleri ele almak \u00fczere Irak&#8217;\u0131 ziyaret ediyordu. AA muhabirinin diplomatik kaynaklardan edindi\u011fi bilgiye g\u00f6re, planlanan ziyaret s\u0131ras\u0131nda Biden&#8217;a, ABD&#8217;li \u00fcst d\u00fczey yetkililerden olu\u015fan bir heyet de kat\u0131l\u0131yordu. Suriye rejimi ve muhalifler aras\u0131ndaki \u00e7at\u0131\u015fmalar\u0131n \u015fiddetlendi\u011fi bir d\u00f6nemde ger\u00e7ekle\u015ftirilecek ziyaret, ABD&#8217;nin Irak&#8217;tan \u00e7ekilmesinin ard\u0131ndan Washington ile Ba\u011fdat aras\u0131ndaki en \u00fcst d\u00fczey temas olma \u00f6zelli\u011fini de ta\u015f\u0131yordu.<\/span><\/p>\n<p style=\"margin-bottom: 0.0001pt; text-align: justify; text-indent: 35.45pt; line-height: normal;\"><span style=\"font-size: 14pt; font-family: 'Arial','sans-serif';\">Biden&#8217;\u0131n Irakl\u0131 muhataplar\u0131yla yapaca\u011f\u0131 g\u00f6r\u00fc\u015fmelerde, Suriye konusunun yan\u0131 s\u0131ra, \u0130ran&#8217;\u0131n n\u00fckleer program\u0131, Irak&#8217;taki siyasi durum ve b\u00f6lgesel geli\u015fmelerin de ele al\u0131naca\u011f\u0131 kaydediyor ve Joe Biden\u2019in T\u00fcrkiye ile tak\u0131\u015fan \u0130ran yanl\u0131s\u0131 Maliki y\u00f6netimiyle samimi ili\u015fkileri dikkat \u00e7ekiyordu. Neredeyse 40 y\u0131ll\u0131k siyasi bir tecr\u00fcbeye sahip, &#8220;T\u00fcrkiye D\u00fc\u015fman\u0131&#8221; ve &#8220;Siyonist&#8221; olarak bilinen ABD Ba\u015fkan Yard\u0131mc\u0131s\u0131 Joe Biden, 1988 y\u0131l\u0131nda T\u00fcrkiye&#8217;nin Filistin davas\u0131na deste\u011fi nedeniyle, <b><i>&#8220;T\u00fcrkiye&#8217;nin etraf\u0131n\u0131 ate\u015f \u00e7emberine \u00e7eviririz&#8221;<\/i><\/b> tehdidinde bulunuyor; <b><i>&#8221;Siz ABD&#8217;ye muhta\u00e7s\u0131n\u0131z, ancak ABD&#8217;nin T\u00fcrkiye&#8217;ye ihtiyac\u0131 yok. Kredi ihtiyac\u0131n\u0131z\u0131n da oldu\u011funu biliyorum. K\u0131br\u0131s sorununu \u00e7\u00f6z\u00fcn, istenenleri yerine getirin, size yard\u0131mc\u0131 olal\u0131m. Aksi takdirde hi\u00e7bir yere varamazs\u0131n\u0131z&#8221; <\/i><\/b>s\u00f6zleriyle d\u00f6nemin Ba\u015fbakan\u0131 B\u00fclent Ecevit&#8217;in adeta yakas\u0131na yap\u0131\u015f\u0131yordu. \u015eimdi bu Yahudi Joe Biden Irak\u2019a gidip, \u0130ranc\u0131 Ba\u015fbakan Maliki ile g\u00f6r\u00fc\u015f\u00fcyor ve Irak \u00fczerinde Suriye muhalefetine silah g\u00f6nderiyordu! B\u00fct\u00fcn bunlar \u201cHani \u0130ran Esed\u2019in yan\u0131ndayd\u0131, \u0130ran izin vermezse Maliki nas\u0131l muhalefete silah sa\u011fl\u0131yordu?\u201d sorusunu g\u00fcndeme getiriyordu!<\/span><\/p>\n<p style=\"margin-bottom: 0.0001pt; text-align: justify; text-indent: 35.45pt; line-height: normal;\"><b><span style=\"font-size: 18pt; font-family: 'Arial','sans-serif';\">\u0130slamc\u0131 Ali Bula\u00e7 f\u0131r d\u00f6n\u00fcyordu!<\/span><\/b><\/p>\n<p style=\"margin-bottom: 0.0001pt; text-align: justify; text-indent: 35.45pt; line-height: normal;\"><b><span style=\"font-size: 18pt; font-family: 'Arial','sans-serif';\">Bir zamanlar Erbakan\u2019a kar\u015f\u0131 koyu \u0130ranc\u0131 ge\u00e7inen Hizbullah\u00e7\u0131lar ve Ali Bula\u00e7 gibi \u0130slamc\u0131 istismarc\u0131lar, \u015fimdi AKP ve ABD politikalar\u0131na kar\u015f\u0131 \u00e7\u0131kt\u0131klar\u0131 i\u00e7in \u0130ran\u2019a ate\u015f p\u00fcsk\u00fcr\u00fcyor ve as\u0131ls\u0131z ayarlar\u0131n\u0131 ortaya koyuyordu. B\u00f6ylece Suriye\u2019nin par\u00e7alanmas\u0131na, Yeni K\u00fcrdistan olu\u015fumlar\u0131na ve tabi \u0130srail\u2019in Arz\u0131 Mevud planlar\u0131na dolayl\u0131 destek sa\u011flan\u0131yordu.<\/span><\/b><\/p>\n<p style=\"margin-bottom: 0.0001pt; text-align: justify; text-indent: 35.45pt; line-height: normal;\"><b><span style=\"font-size: 14pt; font-family: 'Arial','sans-serif';\">Ali Bula\u00e7; (Zaman, 27.08.2012) \u201cD\u00fcnden Bug\u00fcne \u0130ttihat\u201d ba\u015fl\u0131kl\u0131 yaz\u0131s\u0131nda:<\/span><\/b><\/p>\n<p style=\"margin-bottom: 0.0001pt; text-align: justify; text-indent: 35.45pt; line-height: normal;\"><b><i><span style=\"font-size: 14pt; font-family: 'Arial','sans-serif';\">\u201c(Abd\u00fclhamit) Farkl\u0131 M\u00fcsl\u00fcman kavimleri bir arada tutmak istiyordu, ama yapt\u0131\u011f\u0131 reformlar; felsefi ve idari referanslar\u0131n\u0131, Avrupa\u2019dan y\u00fckselip Osmanl\u0131ya ula\u015fan \u201cULUS DEVLET\u201d fikrine dayan\u0131yordu. Ba\u015fka bir deyi\u015fle (Abd\u00fclhamit) \u201c\u0130slamc\u0131\u201d g\u00f6r\u00fcn\u00fcyordu; ama sosyal, iktisadi ve idari reformlar\u0131 Bat\u0131dan al\u0131nma idi. T\u0131pk\u0131 bug\u00fcnk\u00fc AKP iktidar\u0131n\u0131n \u201cDindar, muhafazak\u00e2r siyasi kimli\u011fine\u201d ra\u011fmen AB reform paketi d\u0131\u015f\u0131nda, hi\u00e7bir reform ve de\u011fi\u015fme projesinin olmamas\u0131 gibi. (Abd\u00fclhamit) Kalk\u0131nma ve modernle\u015fmede \u0130slamiyet\u2019ten istifade etmek istiyor, k\u00fclt\u00fcrel formlar\u0131 ve gelene\u011fi koruyordu; ama att\u0131\u011f\u0131 ad\u0131mlarla, dinin me\u015frula\u015ft\u0131r\u0131c\u0131 g\u00fcc\u00fcn\u00fc kullanarak, zaman i\u00e7inde Dini etkisizle\u015ftirecek s\u00fcre\u00e7leri a\u00e7\u0131yordu.\u201d<\/span><\/i><\/b><\/p>\n<p style=\"margin-bottom: 0.0001pt; text-align: justify; text-indent: 35.45pt; line-height: normal;\"><span style=\"font-size: 14pt; font-family: 'Arial','sans-serif';\">diyerek g\u00fcya, <b>\u201cbilimsel tenkit\u201d<\/b> perdesi alt\u0131nda Pakraduni (Yahudilikten d\u00f6nme Ermenilik) psikolojisiyle tarihi ger\u00e7ekleri tahrif ve tahrip ediyor ve Abd\u00fclhamit Han\u2019a <b>\u201cK\u0131z\u0131l Sultan\u201d<\/b> lakab\u0131 takanlar\u0131 sevindirecek ve hakl\u0131 g\u00f6sterecek yamuk yorumlar yap\u0131yordu. Oysa cennet mek\u00e2n Sultan Abd\u00fclhamit Han\u2019\u0131n hem niyeti, hem gayreti, hem de gayesi \u0130slami esaslara dayan\u0131yordu. Ve tabi, temeli \u0130slam\u2019dan kaynaklanan, ancak Bat\u0131l\u0131larca geli\u015ftirilip kullan\u0131lan bir tak\u0131m kurum ve kurallardan da haliyle yararlanmak istiyordu. Ali Bula\u00e7\u2019\u0131n Abd\u00fclhamit ve Erbakan gibi, d\u00f6nemlerinde \u0130slami dirili\u015f hareketlerinin \u00f6nderi ve simgesi olmu\u015f \u015fahsiyetlere y\u00f6nelik bu t\u00fcr sapt\u0131rma ve sald\u0131r\u0131lar\u0131, acaba k\u0131s\u0131r bilgeli\u011finden mi, yoksa bizzat \u201cgen\u201dlerinden mi kaynaklan\u0131yordu?!<\/span><\/p>\n<p style=\"margin-bottom: 0.0001pt; text-align: justify; text-indent: 35.45pt; line-height: normal;\"><span style=\"font-size: 14pt; font-family: 'Arial','sans-serif';\">Ve tabi 10 y\u0131ld\u0131r, \u00f6vg\u00fcler ya\u011fd\u0131rd\u0131\u011f\u0131 AKP i\u00e7in: <b><i>\u201cDindar ve muhafazak\u00e2r g\u00f6r\u00fcnt\u00fcs\u00fcne ra\u011fmen, AB projesi d\u0131\u015f\u0131nda hi\u00e7bir reform paketi bulunmayan iktidar\u201d<\/i><\/b> tespitleri ise, evet do\u011fruydu, ancak Abd\u00fclhamit Han ve Erbakan aleyhine uydurdu\u011fu iftiralara ge\u00e7erlilik kazand\u0131rmak i\u00e7in s\u00f6ylenmi\u015f r\u00fc\u015fveti kelam cinsinden oluyordu. <\/span><\/p>\n<p style=\"margin-bottom: 0.0001pt; text-align: justify; text-indent: 35.45pt; line-height: normal;\"><b><span style=\"font-size: 14pt; font-family: 'Arial','sans-serif';\">Ali Bula\u00e7 o yaz\u0131s\u0131n\u0131:<\/span><\/b><\/p>\n<p style=\"margin-bottom: 0.0001pt; text-align: justify; text-indent: 35.45pt; line-height: normal;\"><b><i><span style=\"font-size: 14pt; font-family: 'Arial','sans-serif';\">\u201c\u0130slam D\u00fcnyas\u0131 milliyet\u00e7ili\u011fi, sosyalizmi ve liberalizmi tecr\u00fcbe etti. Sonu\u00e7 iflas. B\u00fct\u00fcn yollar \u0130slam\u2019a ve \u0130slam Birli\u011fine \u00e7\u0131k\u0131yor\u201d <\/span><\/i><\/b><\/p>\n<p style=\"margin-bottom: 0.0001pt; text-align: justify; text-indent: 35.45pt; line-height: normal;\"><b><span style=\"font-size: 14pt; font-family: 'Arial','sans-serif';\">\u015feklinde bitiriyor ve sonunda yine Erbakan\u2019\u0131n ve Sultan Abd\u00fclhamit Han\u2019\u0131n dedi\u011fine geliyordu. \u00dcstelik bu \u201c\u0130slam Birli\u011finin\u201d sadece laf\u0131n\u0131 ediyor, i\u00e7eri\u011fini bilmiyor ve dolduram\u0131yordu. Zaten as\u0131l amac\u0131n\u0131n \u201c\u0130slam Birli\u011fi\u201d k\u0131l\u0131f\u0131yla, Siyonist d\u00fcnya d\u00fczeninin (ABD ve AB\u2019nin) g\u00fcd\u00fcm\u00fcndeki \u0131l\u0131ml\u0131 \u0130slam \u00e7er\u00e7evesinde, M\u00fcsl\u00fcman halklar\u0131 avutucu ve uyu\u015fturucu projelere me\u015fruiyet kazand\u0131rmak oldu\u011fu s\u0131r\u0131t\u0131yordu. Sn. Ali Bula\u00e7\u2019a soral\u0131m: Rahmetli Erbakan\u2019\u0131n \u201c\u0130slam Birle\u015fmi\u015f Milletleri\u201d hedefini ve bunun fiili ve resmi \u00e7ekirde\u011fi h\u00fckm\u00fcndeki D-8 giri\u015fimini ve b\u00fct\u00fcn bunlar\u0131n temel esaslar\u0131 ve ayr\u0131nt\u0131lar\u0131yla 400 sayfal\u0131k kitap haline getirilmi\u015f ilmi prensip ve projesini <\/span><\/b><\/p>\n<p style=\"margin-bottom: 0.0001pt; text-align: justify; text-indent: 35.45pt; line-height: normal;\"><b><span style=\"font-size: 14pt; font-family: 'Arial','sans-serif';\">a)<span>&nbsp; <\/span>Tek ve son \u00e7are olarak kabul ve tasdik mi ediyordu?<\/span><\/b><\/p>\n<p style=\"margin-bottom: 0.0001pt; text-align: justify; text-indent: 35.45pt; line-height: normal;\"><b><span style=\"font-size: 14pt; font-family: 'Arial','sans-serif';\">b)<span>&nbsp;B<\/span>unlar\u0131 uygun ve uygulanabilir bulmuyorsa, \u0130slam Birli\u011finin do\u011fru ve doyurucu projelerini ni\u00e7in ortaya koymuyordu?<\/span><\/b><\/p>\n<p style=\"margin-bottom: 0.0001pt; text-align: justify; text-indent: 35.45pt; line-height: normal;\"><b><span style=\"font-size: 14pt; font-family: 'Arial','sans-serif';\">c)<span>&nbsp;\u0130<\/span>slam Birli\u011fi i\u00e7in, \u00e7ok g\u00fczel ve m\u00fckemmel programlar haz\u0131rlanm\u0131\u015f ta, baz\u0131 odaklardan korkundan m\u0131 gizliyordu?<\/span><\/b><\/p>\n<p style=\"margin-bottom: 0.0001pt; text-align: justify; text-indent: 35.45pt; line-height: normal;\"><b><span style=\"font-size: 14pt; font-family: 'Arial','sans-serif';\">Oysa bize g\u00f6re Ali Bula\u00e7\u2019\u0131n Erbakan\u2019\u0131n tarihi projelerine ekleyecek bir tek c\u00fcmlesi bile bulunmuyordu.<\/span><\/b><\/p>\n<p style=\"margin-bottom: 0.0001pt; text-align: justify; text-indent: 35.45pt; line-height: normal;\"><i><span style=\"font-size: 14pt; font-family: 'Arial','sans-serif';\">\u201cHer yeni g\u00fcn \u0130ran, S\u00fcnni co\u011frafyadaki ve bu c\u00fcmleden olarak \u00fclkemizdeki kredisini biraz daha t\u00fcketiyor. Bilhassa Suriye meselesinden sonra &#8220;\u0130slam Cumhuriyeti&#8221; imaj\u0131n\u0131n i\u00e7inin h\u0131zla bo\u015fald\u0131\u011f\u0131n\u0131 g\u00f6r\u00fcyoruz.<\/span><\/i><\/p>\n<p style=\"margin-bottom: 0.0001pt; text-align: justify; text-indent: 35.45pt; line-height: normal;\"><i><span style=\"font-size: 14pt; font-family: 'Arial','sans-serif';\">Suriye, \u0130ran&#8217;\u0131n samimiyetinin test edildi\u011fi bir turnusol k\u00e2\u011f\u0131d\u0131 oldu; hatta sadece &#8220;samimiyetinin&#8221; de\u011fil, &#8220;makuliyetinin&#8221; ve &#8220;makbuliyetinin&#8221; de&#8230; Bir yandan S\u00fcnni-\u015eii karde\u015fli\u011finden dem vururken di\u011fer yandan kitab\u00ee \u015eiilik i\u00e7inde bile &#8220;gulat&#8221;tan say\u0131lan bir f\u0131rkaya inat ve \u0131srarla destek; Bir taraftan anti-emperyalist bir \u00e7izginin bayraktarl\u0131\u011f\u0131n\u0131 dillendirirken di\u011fer taraftan Rusya ve \u00c7in gibi iki emperyalist devletle i\u015f tutmak; hatta Irak ve Afganistan&#8217;\u0131n i\u015fgalinde bizzat Amerika ve Bat\u0131&#8217;yla fiil\u00ee i\u015fbirliklerine gitmek&#8230; B\u00fct\u00fcn bunlar\u0131n izah edilebilir yan\u0131 olmad\u0131\u011f\u0131n\u0131 g\u00fcn ge\u00e7tik\u00e7e daha fazla say\u0131da insan g\u00f6r\u00fcyor ve anl\u0131yor.<\/span><\/i><\/p>\n<p style=\"margin-bottom: 0.0001pt; text-align: justify; text-indent: 35.45pt; line-height: normal;\"><i><span style=\"font-size: 14pt; font-family: 'Arial','sans-serif';\">Peki, \u0130ran b\u00fct\u00fcn bunlar\u0131 niye yap\u0131yor?<\/span><\/i><\/p>\n<p style=\"margin-bottom: 0.0001pt; text-align: justify; text-indent: 35.45pt; line-height: normal;\"><i><span style=\"font-size: 14pt; font-family: 'Arial','sans-serif';\">Devrim&#8217;den sonra kendisine kalb\u00ee ve fiil\u00ee destek sa\u011flayan \u00dcmmet&#8217;in nefretini \u00fcst\u00fcne \u00e7ekme pahas\u0131na bu \u00e7\u0131kmaz yolda ni\u00e7in \u0131srar ediyor? Bu sorunun benim bulabildi\u011fim bir tek cevab\u0131 var: \u0130ran, tarihsel \u015eii refleksiyle hareket etti\u011fi i\u00e7in&#8230;\u201d<a title=\"\" href=\"#_ftn1\"><span><span style=\"font-family: 'Arial','sans-serif';\"><span><span><b><span style=\"font-size: 14pt; line-height: 115%; font-family: 'Arial','sans-serif';\">[1]<\/span><\/b><\/span><\/span><\/span><\/span><\/a><\/span><\/i><\/p>\n<p style=\"margin-bottom: 0.0001pt; text-align: justify; text-indent: 35.45pt; line-height: normal;\"><b><span style=\"font-size: 14pt; font-family: 'Arial','sans-serif';\">Tespitlerini yapan, Ebubekir Sifil\u2019in hakl\u0131 oldu\u011fu noktalar bulunuyordu; \u0130ran\u2019\u0131n zalim Esad rejimine \u015farts\u0131z deste\u011fi elbette mide buland\u0131r\u0131yordu. Ancak: a) \u201cBir de\u011fil iki farkl\u0131 \u0130ran\u201d ger\u00e7e\u011fi g\u00f6z ard\u0131 ediliyordu. b) Suriye karga\u015fas\u0131n\u0131 kurgulayan ABD ve Siyonist mahfillerin sinsi planlar\u0131 hesaba kat\u0131lm\u0131yordu. <\/span><\/b><\/p>\n<p style=\"margin-bottom: 0.0001pt; text-align: justify; text-indent: 35.45pt; line-height: normal;\"><b><span style=\"font-size: 14pt; font-family: 'Arial','sans-serif';\">Ve hele Mustafa \u00d6zcan:<\/span><\/b><\/p>\n<p style=\"margin-bottom: 0.0001pt; text-align: justify; text-indent: 35.45pt; line-height: normal;\"><b><i><span style=\"font-size: 14pt; font-family: 'Arial','sans-serif';\">\u201c\u0130ran n\u00fckleer program\u0131ndan vazge\u00e7mezse, petrol\u00fcne m\u00fc\u015fteri bulamaz, halk\u0131n\u0131 s\u0131k\u0131nt\u0131ya sokar. Ve zaten \u0130ran halk\u0131n\u0131n \u00e7o\u011funlu\u011fu da, n\u00fckleer inat u\u011fruna, \u0130ran\u2019\u0131n Amerika ve Avrupa\u2019yla kap\u0131\u015fmas\u0131na kar\u015f\u0131 \u00e7\u0131k\u0131yor\u201d<\/span><\/i><\/b><\/p>\n<p style=\"margin-bottom: 0.0001pt; text-align: justify; text-indent: 35.45pt; line-height: normal;\"><span style=\"font-size: 14pt; font-family: 'Arial','sans-serif';\">diyen \u00dcrd\u00fcn\u2019l\u00fc gazeteci Yasir Zeate\u2019nin tespitlerini ger\u00e7ekmi\u015f ve gerekliymi\u015f gibi nakletmesi ve Milli de\u011fil K\u0130RL\u0130 \u0130RAN\u2019\u0131n adamlar\u0131ndan oldu\u011fu bilinen eski \u0130\u00e7i\u015fleri Bakan\u0131 Abdullah Nuri\u2019nin <b><i>\u201cDevletin n\u00fckleer sevdas\u0131n\u0131n cezas\u0131n\u0131 \u0130ran Milleti \u00e7ekmesin\u201d<\/i><\/b> yollu a\u00e7\u0131klamas\u0131n\u0131 delil g\u00f6sterip, T\u00fcrk\u00e7esi: <b>\u201c\u0130ran Bat\u0131ya teslim olsun kurtulsun!\u201d<\/b> demeye getirmesiyle tam bir talihsizlik sergiliyordu. <a title=\"\" href=\"#_ftn2\"><span><span style=\"font-family: 'Arial','sans-serif';\"><span><span><span style=\"font-size: 14pt; line-height: 115%; font-family: 'Arial','sans-serif';\">[2]<\/span><\/span><\/span><\/span><\/span><\/a><\/span><\/p>\n<p style=\"margin-bottom: 0.0001pt; text-align: justify; text-indent: 35.45pt; line-height: normal;\"><b><span style=\"font-size: 20pt; font-family: 'Arial','sans-serif';\">Belgelerle \u0130srail-\u00d6teki \u0130ran Gizli \u0130ttifak\u0131<\/span><\/b><\/p>\n<p style=\"margin-bottom: 0.0001pt; text-align: justify; text-indent: 35.45pt; line-height: normal;\"><span style=\"font-size: 18pt; font-family: 'Arial','sans-serif';\">(Gizli) \u0130ran, \u0130srail\u2019in \u00e7izdi\u011fi oyunu T\u00fcrkiye\u2019ye ve Araplara kar\u015f\u0131 \u00e7ok iyi oynamaktad\u0131r.<\/span><\/p>\n<p style=\"margin-bottom: 0.0001pt; text-align: justify; text-indent: 35.45pt; line-height: normal;\"><span style=\"font-size: 14pt; font-family: 'Arial','sans-serif';\">Son y\u0131llarda bas\u0131nda yans\u0131yan haberlere g\u00f6re \u0130srail ve Amerika \u0130ran\u2019\u0131 vurmaya haz\u0131rlanmaktayd\u0131. \u0130ran\u2019\u0131n n\u00fckleer \u00e7al\u0131\u015fma program\u0131 ABD, \u0130srail ve Bat\u0131\u2019n\u0131n tepkisine neden olmaktayd\u0131. Oysa \u0130ran \u015eah R\u0131za Pehlevi d\u00f6neminde \u0130srail\u2019in m\u00fcttefiki ve b\u00f6lgedeki jandarmas\u0131yd\u0131. \u0130ran gizli servisi SAVAK \u0130srail gizli servisi MOSSAD\u2019la i\u00e7li d\u0131\u015fl\u0131yd\u0131. Peki \u0130srail ve Amerika neden \u015eah\u2019\u0131 yaln\u0131z b\u0131rakm\u0131\u015ft\u0131? Amerika 1979\u2019da \u015eah\u2019\u0131n devrilmesine resmen g\u00f6z yummu\u015flard\u0131. Hatta \u015eah d\u00f6neminin \u0130ran Hava Kuvvetleri Komutan\u0131 General Amir H\u00fcseyin Rabii, Humeyni y\u00f6netimince idam edilmeden \u00f6nce, mahkemede \u015eah\u2019a ihanet eden NATO ba\u015fkomutan yard\u0131mc\u0131s\u0131 General Robert E. Huyser i\u00e7in: &#8220;\u015eah\u2019\u0131 bir s\u0131\u00e7an\u0131 atar gibi harcad\u0131n\u0131z\u201d diye s\u0131zlanm\u0131\u015ft\u0131. 1979\u2019da \u0130slam Devrimi ger\u00e7ekle\u015fti\u011finde \u0130ran, yasal me\u015frutiyeti olmad\u0131\u011f\u0131 gerek\u00e7esiyle \u0130srail\u2019i tan\u0131mad\u0131\u011f\u0131n\u0131 a\u00e7\u0131klam\u0131\u015f, ama \u0130ran\u2019daki kirli yap\u0131 perde arkas\u0131nda gizli ili\u015fkilerin temellerini atm\u0131\u015ft\u0131.<\/span><\/p>\n<p style=\"margin-bottom: 0.0001pt; text-align: justify; text-indent: 35.45pt; line-height: normal;\"><b><span style=\"font-size: 14pt; font-family: 'Arial','sans-serif';\">Acaba, Humeyni\u2019nin \u0130ran\u2019da iktidara gelmesini Amerika\u2019dan daha \u00e7ok niye \u0130srail arzulam\u0131\u015ft\u0131?<\/span><\/b><span style=\"font-size: 14pt; font-family: 'Arial','sans-serif';\"> ABD ve Rockfeallar ailesi bundan ilk bak\u0131\u015fta zararl\u0131 \u00e7\u0131km\u0131\u015ft\u0131. Washington&#8217;un bildirdi\u011fi kadar\u0131yla yeni y\u00f6netimle sadece askeri konudaki anla\u015fmalar\u0131n iptal edilmesi nedeniyle ABD taraf\u0131n\u0131n kayb\u0131 10-12 milyar dolar civar\u0131ndayd\u0131. <\/span><\/p>\n<p style=\"margin-bottom: 0.0001pt; text-align: justify; text-indent: 35.45pt; line-height: normal;\"><span style=\"font-size: 14pt; font-family: 'Arial','sans-serif';\">\u0130srail\u2019in hesaplar\u0131na g\u00f6re Humeyni\u2019nin Tahran\u2019a d\u00f6nmesi sa\u011flanacak ve \u0130srail Amerikan politikalar\u0131na dolayl\u0131 hizmet sunulacakt\u0131. CIA 1979 \u0130slam devrimi \u00f6ncesi Humeyni komitac\u0131lar\u0131na yana\u015f\u0131p O\u2019na yak\u0131n k\u00f6stebekler ayarlamaktayd\u0131. Amerika D\u0131\u015fi\u015fleri Bakanl\u0131\u011f\u0131ndan Tahran B\u00fcy\u00fckel\u00e7ili\u011fine 8 Ocak 1979 tarihli Bakan Cyrus Vance imzal\u0131 gizli mesaj\u2019\u0131n 3. maddesinde Humeyni\u2019nin sa\u011f kolu ve \u00f6nemli isimlerinden \u0130ranl\u0131 i\u015fadam\u0131 Abbas Amir Entezam\u2019\u0131n Amerikan B\u00fcy\u00fckel\u00e7ili\u011fi ile temas kurmak istedi\u011fi ortaya \u00e7\u0131km\u0131\u015ft\u0131. Entezam daha sonra Humeyni rejiminin h\u00fck\u00fcmet s\u00f6zc\u00fcs\u00fc yap\u0131lm\u0131\u015ft\u0131. \u0130ranl\u0131 devrimci radikal \u00f6\u011frencilerin 1979\u2019da Amerika\u2019n\u0131n Tahran b\u00fcy\u00fckel\u00e7ili\u011fini bast\u0131klar\u0131nda ele ge\u00e7irdikleri dok\u00fcmanlar\u0131n birinde Amir Entezam\u2019\u0131n CIA ile ba\u011flant\u0131s\u0131 ortaya \u00e7\u0131km\u0131\u015ft\u0131. Entezam birka\u00e7 saat sonra vatana ihanet su\u00e7undan tutuklan\u0131p hapse at\u0131lm\u0131\u015ft\u0131. Fakat \u0130srail, Humeyni\u2019nin halk nazar\u0131nda itibar\u0131n\u0131 kaybetmemesi ve etraf\u0131na kendi ekibini yerle\u015ftirmesi i\u00e7in \u00e7al\u0131\u015fm\u0131\u015ft\u0131. Ayetullah Humeyni 1979\u2019da Paris\u2019ten Tahran\u2019a getirilirken CIA taraf\u0131ndan 3 ayr\u0131 suikast plan\u0131 haz\u0131rlanm\u0131\u015ft\u0131. \u015eah\u2019\u0131n Generalleri ve ABD yetkilileri taraf\u0131ndan tertiplenecek olan suikast\u0131 MOSSAD Humeyni\u2019nin adamlar\u0131na aktarm\u0131\u015ft\u0131. <b>Evet, \u0130mam Humeyni iyi niyetli ve Dini gayretli bir insand\u0131; ama bu Siyonist planlar\u0131n fark\u0131na varamam\u0131\u015ft\u0131.<\/b><\/span><\/p>\n<p style=\"margin-bottom: 0.0001pt; text-align: justify; text-indent: 35.45pt; line-height: normal;\"><span style=\"font-size: 14pt; font-family: 'Arial','sans-serif';\">Yale \u00dcniversitesinde akademisyen olan \u0130ran as\u0131ll\u0131 Trita Parsi geni\u015f diplomatik belgelere dayanarak haz\u0131rlad\u0131\u011f\u0131 \u201cHain \u0130ttifak\u201d adl\u0131 kitab\u0131nda \u0130srail ve \u0130ran aras\u0131ndaki gizli ili\u015fkilere dair ciddi bilgiler yer alm\u0131\u015ft\u0131. Parsi, \u015funlar\u0131 anlatm\u0131\u015ft\u0131: <b><i>\u201cAyetullah Humeyni s\u00fcrg\u00fcnden 15 y\u0131l sonra 1 \u015eubat 1979\u2019da \u0130ran\u2019a d\u00f6nd\u00fc ve milyonlarca \u0130ranl\u0131 taraf\u0131ndan kar\u015f\u0131land\u0131. Humeyni&#8217;yi kar\u015f\u0131lama esnas\u0131nda \u0130srail\u2019in askeri ata\u015fesi Yitzhak Segev ve MOSSAD \u015fefi radikal devrimcilerin yan\u0131nda yer ald\u0131lar.\u201d<a title=\"\" href=\"#_ftn3\"><span><span style=\"font-family: 'Arial','sans-serif';\"><span><span><b><span style=\"font-size: 14pt; line-height: 115%; font-family: 'Arial','sans-serif';\">[3]<\/span><\/b><\/span><\/span><\/span><\/span><\/a> <\/i><\/b><\/span><\/p>\n<p style=\"margin-bottom: 0.0001pt; text-align: justify; text-indent: 35.45pt; line-height: normal;\"><span style=\"font-size: 14pt; font-family: 'Arial','sans-serif';\">Amerikan-\u0130ran Konseyi\u2019nin kurucusu ve ba\u015fkan\u0131 olan \u0130ran as\u0131ll\u0131 akademisyen Dr. Trita Parsi, \u0130srail-\u0130ran ili\u015fkileri \u00fczerine kaleme ald\u0131\u011f\u0131 makalesinde, iki devlet aras\u0131nda gizlice y\u00fcr\u00fct\u00fclen pragmatik ili\u015fkinin boyutuna \u00f6rnek olarak Irak\u2019\u0131n n\u00fckleer tesisi Osirak\u2019\u0131n bombalanmas\u0131n\u0131 anlatm\u0131\u015ft\u0131. Trita Parsi devrimden hemen sonra \u0130ran ile \u0130srail aras\u0131ndaki ili\u015fkiyi \u015f\u00f6yle aktarm\u0131\u015ft\u0131: 1979\u2019da ABD\u2019nin Tahran B\u00fcy\u00fckel\u00e7ili\u011findeki rehine krizinin patlak vermesinden sonra 1951\u2019de \u0130ran\u2019\u0131n petrol end\u00fcstrisinin geli\u015fmesinde \u00f6nemli rol oynam\u0131\u015f Ahmed Kashani\u2019nin en b\u00fcy\u00fck o\u011flu Ayetullah Abul Kassam Kashani, \u0130slam devriminden sonra \u0130srail\u2019in \u0130ran\u2019a yapt\u0131\u011f\u0131 ilk ziyarette, \u0130ran-Irak sava\u015f\u0131nda Irak\u2019\u0131n Osirak n\u00fckleer program\u0131na sald\u0131rmak \u00fczere silah sat\u0131\u015f\u0131 ve askeri i\u015fbirli\u011fi i\u00e7in g\u00f6r\u00fc\u015fmeler yapm\u0131\u015ft\u0131.\u201d Sonu\u00e7ta Osirak\u2019\u0131n bombalanmas\u0131nda \u0130ran b\u00fcy\u00fck rol oynam\u0131\u015ft\u0131. \u0130slam d\u00fcnyas\u0131n\u0131n \u00f6nemli g\u00fc\u00e7lerinden olan Irak asl\u0131nda \u0130ran ile de\u011fil \u0130srail\u2019le sava\u015fm\u0131\u015ft\u0131.\u201d<a title=\"\" href=\"#_ftn4\"><span><span style=\"font-family: 'Arial','sans-serif';\"><span><span><span style=\"font-size: 14pt; line-height: 115%; font-family: 'Arial','sans-serif';\">[4]<\/span><\/span><\/span><\/span><\/span><\/a> <\/span><\/p>\n<p style=\"margin-bottom: 0.0001pt; text-align: justify; text-indent: 35.45pt; line-height: normal;\"><span style=\"font-size: 14pt; font-family: 'Arial','sans-serif';\">Amerika\u2019n\u0131n k\u00f6kl\u00fc gazetelerinden \u201cWashington Post\u201dda gazeteci Michael Gerson taraf\u0131ndan kaleme al\u0131nan bir makalede, 1981 \u0130ran-Irak sava\u015f\u0131nda \u0130srail u\u00e7aklar\u0131n\u0131n Irak\u2019\u0131n Osirak n\u00fckleer tesisini bombalamas\u0131n\u0131 gazetesindeki k\u00f6\u015fesine ta\u015f\u0131m\u0131\u015ft\u0131. Gerson, d\u00f6nemin ba\u015fbakan\u0131 Menahem Begin\u2019e dayanarak, Osirak bombalamas\u0131n\u0131n Irak\u2019\u0131n n\u00fckleer program\u0131n\u0131 durdurmak i\u00e7in yap\u0131ld\u0131\u011f\u0131n\u0131 vurgulam\u0131\u015ft\u0131.<a title=\"\" href=\"#_ftn5\"><span><span style=\"font-family: 'Arial','sans-serif';\"><span><span><span style=\"font-size: 14pt; line-height: 115%; font-family: 'Arial','sans-serif';\">[5]<\/span><\/span><\/span><\/span><\/span><\/a> <\/span><\/p>\n<p style=\"margin-bottom: 0.0001pt; text-align: justify; text-indent: 35.45pt; line-height: normal;\"><span style=\"font-size: 14pt; font-family: 'Arial','sans-serif';\"> <b>Elbette b\u00fct\u00fcn bunlar\u0131n \u00e7o\u011fu H\u00fcmeyni\u2019den habersiz, kirli ve derin ekipler eliyle yap\u0131lmaktayd\u0131. Haberi olanlar da, ya g\u00fc\u00e7leri yetmedi\u011finden veya \u201c\u0130ran\u2019\u0131n ulusal \u00e7\u0131karlar\u0131\u201d g\u00f6zetildi\u011finden sessiz kal\u0131nmaktayd\u0131.<\/b><\/span><\/p>\n<p style=\"margin-bottom: 0.0001pt; text-align: justify; text-indent: 35.45pt; line-height: normal;\"><b><span style=\"font-size: 14pt; font-family: 'Arial','sans-serif';\">\u0130srail&#8217;den \u0130ran\u2019a 1 milyar dolarl\u0131k yasad\u0131\u015f\u0131 silah sevkiyat\u0131<\/span><\/b><\/p>\n<p style=\"margin-bottom: 0.0001pt; text-align: justify; text-indent: 35.45pt; line-height: normal;\"><span style=\"font-size: 14pt; font-family: 'Arial','sans-serif';\">Executive Intelligence Review (EIR) Amerikal\u0131 siyasi aktivist <b>Lyndon LaRouche<\/b> taraf\u0131ndan 1974 y\u0131l\u0131nda kurulmu\u015f haftal\u0131k siyasi haber dergisi konumundayd\u0131. Leesburg, Virginia, Wiesbaden, Berlin, Kopenhag, Paris, Melbourne ve Mexico City d\u00e2hil olmak \u00fczere bir\u00e7ok \u00fclkede ofisleri bulunan bir yay\u0131n organ\u0131yd\u0131. (Lyndon LaRouche, daha sonra 2004 ABD Ba\u015fkanl\u0131\u011f\u0131 i\u00e7in Demokratlar\u0131n aday aday\u0131 olarak ortaya \u00e7\u0131km\u0131\u015f, Siyonizm kar\u015f\u0131t\u0131, insani duyarl\u0131 ve tutarl\u0131 bir insand\u0131. Ayr\u0131ca Erbakan Hoca\u2019ya da hayranl\u0131\u011f\u0131 vard\u0131, T\u00fcrkiye\u2019ye gelip Saadet Partisini ziyaret etmekten sak\u0131nmam\u0131\u015ft\u0131.) (17.06.2003) EIR dergisi Eyl\u00fcl 1985 say\u0131s\u0131nda \u0130srail-\u0130ran ili\u015fkileri \u00fczerine diplomatik kaynaklara dayanarak yay\u0131nlad\u0131\u011f\u0131 bilgilere g\u00f6re: Humeyni y\u00f6netimindeki \u0130ran\u2019\u0131n en b\u00fcy\u00fck silah tedarik\u00e7isi \u0130srail olmaktayd\u0131. Devrimin hemen ertesinde 31 Temmuz 1979\u2019da Orlandolu Federal yetkililerin tespitlerine g\u00f6re Florida\u2019dan bir gemi ile yasad\u0131\u015f\u0131 75 milyon dolar de\u011ferindeki silah \u0130ran\u2019a yollanm\u0131\u015ft\u0131. \u0130ran h\u00fck\u00fcmetinin y\u00fcksek yetkili bir y\u00f6neticisi, \u0130srail gizli servisi MOSSAD ile bir silah s\u00f6zle\u015fmesi imzalam\u0131\u015ft\u0131. Bu organizasyon ABD ordusuna ba\u011fl\u0131 subaylardan Paul Sjekloha, Wayne Gillespie ve \u0130ranl\u0131 yetkili Amir H\u00fcseyin M. Azar taraf\u0131ndan yap\u0131lm\u0131\u015ft\u0131. Sjeklocha ise bir MOSSAD ajan\u0131yd\u0131. Ariel \u015earon ile yak\u0131n ili\u015fkileri vard\u0131 ve 1982\u2019de \u0130srail\u2019i ziyaret etmi\u015f bir ajand\u0131. B\u00f6ylece, Humeyni rejimine toplamda yasad\u0131\u015f\u0131 1 milyar dolar\u0131 a\u015fk\u0131n silah\u0131n nakliyat\u0131 yap\u0131lm\u0131\u015ft\u0131. ABD ba\u015fkan\u0131 Carter \u201c\u0130srail ile \u0130ran aras\u0131ndaki bu ba\u011f\u0131 k\u0131rmaya \u00e7al\u0131\u015f\u0131yor\u201d g\u00f6r\u00fcnt\u00fcs\u00fcyle asl\u0131nda \u0130srail\u2019in i\u015fini kolayla\u015ft\u0131rmakta ve dolayl\u0131 destek sa\u011flamaktayd\u0131. (Evet, Humeyni\u2019nin yapt\u0131\u011f\u0131 gibi iyi niyetler ve dini gayretlerle ihtilal yap\u0131p iktidar olmak bile yetmiyordu; d\u00fcnya dengelerini de\u011fi\u015ftirecek stratejik ve teknolojik birikiminiz yoksa \u015feytani g\u00fc\u00e7lerin s\u00f6m\u00fcr\u00fc \u00e7ark\u0131 d\u00f6nmeye devam ediyordu.)<\/span><\/p>\n<p style=\"margin-bottom: 0.0001pt; text-align: justify; text-indent: 35.45pt; line-height: normal;\"><b><span style=\"font-size: 14pt; font-family: 'Arial','sans-serif';\">Silah sevkiyat\u0131 T\u00fcrkiye ve Suriye \u00fczerinden yap\u0131lm\u0131\u015ft\u0131!<\/span><\/b><\/p>\n<p style=\"margin-bottom: 0.0001pt; text-align: justify; text-indent: 35.45pt; line-height: normal;\"><b><span style=\"font-size: 14pt; font-family: 'Arial','sans-serif';\">1990 \u00f6ncesi ikili ili\u015fkileri inceleyen \u00e7ok az say\u0131daki eserden biri olan \u0130ran as\u0131ll\u0131 akademisyen <\/span><\/b><b><span style=\"font-size: 18pt; font-family: 'Arial','sans-serif';\">Sohrab Sobhani&#8217;nin \u201cThe Pragmatic Entente\u201d adl\u0131 \u00e7al\u0131\u015fmas\u0131<\/span><\/b><b><span style=\"font-size: 14pt; font-family: 'Arial','sans-serif';\">, do\u011frudan iki devletin ili\u015fkilerini ele almas\u0131 nedeniyle \u0130ran-\u0130srail ili\u015fkilerinin ge\u00e7mi\u015fi hakk\u0131nda ba\u015fvurulmas\u0131 gereken \u00f6nemli kaynaklardand\u0131. Sobhani\u2019ye g\u00f6re \u0130ran-\u0130srail ili\u015fkilerinde Siyonizm kar\u015f\u0131tl\u0131\u011f\u0131 sadece lafta kalmaktayd\u0131. \u0130srail 1983-1987 y\u0131llar\u0131 aras\u0131nda \u0130ran\u2019a 500 milyon Dolarl\u0131k silah satm\u0131\u015ft\u0131. \u0130ran-Kontra ad\u0131yla a\u00e7\u0131\u011fa \u00e7\u0131kan olayda, silah sevkiyatlar\u0131n\u0131n Suriye ve T\u00fcrkiye \u00fczerinden yap\u0131ld\u0131\u011f\u0131 anla\u015f\u0131lm\u0131\u015ft\u0131.\u201d<a title=\"\" href=\"#_ftn6\"><span><span style=\"font-family: 'Arial','sans-serif';\"><span><span><b><span style=\"font-size: 14pt; line-height: 115%; font-family: 'Arial','sans-serif';\">[6]<\/span><\/b><\/span><\/span><\/span><\/span><\/a><\/span><\/b><\/p>\n<p style=\"margin-bottom: 0.0001pt; text-align: justify; text-indent: 35.45pt; line-height: normal;\"><b><span style=\"font-size: 14pt; font-family: 'Arial','sans-serif';\">&nbsp;<\/span><\/b><\/p>\n<p style=\"margin-bottom: 0.0001pt; text-align: justify; text-indent: 35.45pt; line-height: normal;\"><b><span style=\"font-size: 14pt; font-family: 'Arial','sans-serif';\">&nbsp;<\/span><\/b><\/p>\n<p style=\"margin-bottom: 0.0001pt; text-align: justify; text-indent: 35.45pt; line-height: normal;\"><b><span style=\"font-size: 14pt; font-family: 'Arial','sans-serif';\">&nbsp;<\/span><\/b><\/p>\n<p style=\"margin-bottom: 0.0001pt; text-align: justify; text-indent: 35.45pt; line-height: normal;\"><b><span style=\"font-size: 14pt; font-family: 'Arial','sans-serif';\">&nbsp;<\/span><\/b><\/p>\n<div><\/p>\n<hr \/>\n<div>\n<p style=\"text-align: justify;\"><a title=\"\" href=\"#_ftnref1\"><span><span style=\"font-size: 9pt; font-family: 'Arial','sans-serif';\"><span><span><span style=\"font-size: 9pt; line-height: 115%; font-family: 'Arial','sans-serif';\">[1]<\/span><\/span><\/span><\/span><\/span><\/a><span style=\"font-size: 9pt; font-family: 'Arial','sans-serif';\"> Milli Gazete, \u0130ran\u2019\u0131n Varl\u0131k Zemini<\/span><\/p>\n<\/p><\/div>\n<div>\n<p style=\"text-align: justify;\"><a title=\"\" href=\"#_ftnref2\"><span><span style=\"font-size: 9pt; font-family: 'Arial','sans-serif';\"><span><span><span style=\"font-size: 9pt; line-height: 115%; font-family: 'Arial','sans-serif';\">[2]<\/span><\/span><\/span><\/span><\/span><\/a><span style=\"font-size: 9pt; font-family: 'Arial','sans-serif';\"> Bak. 14 Temmuz 2012 Milli Gazete. \u0130ran halk\u0131n\u0131n tercihi<\/span><\/p>\n<\/p><\/div>\n<div>\n<p style=\"text-align: justify;\"><a title=\"\" href=\"#_ftnref3\"><span><span style=\"font-size: 9pt; font-family: 'Arial','sans-serif';\"><span><span><span style=\"font-size: 9pt; line-height: 115%; font-family: 'Arial','sans-serif';\">[3]<\/span><\/span><\/span><\/span><\/span><\/a><span style=\"font-size: 9pt; font-family: 'Arial','sans-serif';\"> Trita Parsi, Treacherous Alliance: The secret dealings of Israel, Iran, and the United States, Yale University Press, 2007, p. 79-81.<\/span><\/p>\n<\/p><\/div>\n<div>\n<p style=\"margin-bottom: 0.0001pt; text-align: justify; line-height: normal;\"><a title=\"\" href=\"#_ftnref4\"><span><span style=\"font-size: 9pt; font-family: 'Arial','sans-serif';\"><span><span><span style=\"font-size: 9pt; line-height: 115%; font-family: 'Arial','sans-serif';\">[4]<\/span><\/span><\/span><\/span><\/span><\/a><span style=\"font-size: 9pt; font-family: 'Arial','sans-serif';\"> Trita Parsi, Treacherous Alliance, op. cit. p. 95. 107. * Kaynak: The Sunday Telegraph &#8211; June 14, 1981. <\/span><\/p>\n<\/p><\/div>\n<div>\n<p style=\"text-align: justify;\"><a title=\"\" href=\"#_ftnref5\"><span><span style=\"font-size: 9pt; font-family: 'Arial','sans-serif';\"><span><span><span style=\"font-size: 9pt; line-height: 115%; font-family: 'Arial','sans-serif';\">[5]<\/span><\/span><\/span><\/span><\/span><\/a><span style=\"font-size: 9pt; font-family: 'Arial','sans-serif';\"> Michael Gerson, Israel may see attack as best option on Iraq, Washington Post, October 3, 2009.<\/span><\/p>\n<\/p><\/div>\n<div>\n<p style=\"text-align: justify;\"><a title=\"\" href=\"#_ftnref6\"><span><span style=\"font-size: 9pt; font-family: 'Arial','sans-serif';\"><span><span><span style=\"font-size: 9pt; line-height: 115%; font-family: 'Arial','sans-serif';\">[6]<\/span><\/span><\/span><\/span><\/span><\/a><span style=\"font-size: 9pt; font-family: 'Arial','sans-serif';\"> Belgelerle \u0130srail-\u0130ran \u0130li\u015fkileri, Salim Meri\u00e7, 18 May\u0131s 2012, Haber10.com.<\/span><\/p>\n<\/p><\/div>\n<\/p><\/div>\n","protected":false},"excerpt":{"rendered":"<p>&nbsp; Mezhebi farkl\u0131l\u0131klar\u0131 ve baz\u0131 ayk\u0131r\u0131l\u0131klar\u0131 bir tarafa, \u0130ran halk\u0131 \u0130slam\u2019a ba\u011fl\u0131yd\u0131, Bat\u0131 emperyalizmine ve \u0130srail Siyonizm\u2019ine kar\u015f\u0131yd\u0131. Ancak \u0130ran\u2019daki etkin ve yetkin y\u00f6netici tabaka iki k\u0131s\u0131md\u0131: Biri, \u015eiilik taassubunu a\u015farak \u00fcmmet \u015fuuruyla hareket eden \u0130slami hassasiyetli ve Rahmetli Erbakan Hoca ile de m\u00fcnasebetli ve D-8 gayretlisi M\u0130LL\u0130 \u0130RAN\u2019d\u0131\u2026 Di\u011feri ise, g\u00f6r\u00fcn\u00fc\u015fte ve s\u00fcrekli \u0130srail\u2019e [&hellip;]<\/p>\n","protected":false},"author":13,"featured_media":0,"comment_status":"open","ping_status":"closed","sticky":false,"template":"","format":"standard","meta":{"footnotes":""},"categories":[142],"tags":[],"class_list":["post-2441","post","type-post","status-publish","format-standard","hentry","category-kasim-2012"],"_links":{"self":[{"href":"https:\/\/www.millicozum.com\/mc\/wp-json\/wp\/v2\/posts\/2441","targetHints":{"allow":["GET"]}}],"collection":[{"href":"https:\/\/www.millicozum.com\/mc\/wp-json\/wp\/v2\/posts"}],"about":[{"href":"https:\/\/www.millicozum.com\/mc\/wp-json\/wp\/v2\/types\/post"}],"author":[{"embeddable":true,"href":"https:\/\/www.millicozum.com\/mc\/wp-json\/wp\/v2\/users\/13"}],"replies":[{"embeddable":true,"href":"https:\/\/www.millicozum.com\/mc\/wp-json\/wp\/v2\/comments?post=2441"}],"version-history":[{"count":0,"href":"https:\/\/www.millicozum.com\/mc\/wp-json\/wp\/v2\/posts\/2441\/revisions"}],"wp:attachment":[{"href":"https:\/\/www.millicozum.com\/mc\/wp-json\/wp\/v2\/media?parent=2441"}],"wp:term":[{"taxonomy":"category","embeddable":true,"href":"https:\/\/www.millicozum.com\/mc\/wp-json\/wp\/v2\/categories?post=2441"},{"taxonomy":"post_tag","embeddable":true,"href":"https:\/\/www.millicozum.com\/mc\/wp-json\/wp\/v2\/tags?post=2441"}],"curies":[{"name":"wp","href":"https:\/\/api.w.org\/{rel}","templated":true}]}}