{"id":2450,"date":"2012-10-26T21:28:07","date_gmt":"2012-10-26T21:28:07","guid":{"rendered":"https:\/\/www.millicozum.com\/mc\/2012\/10\/26\/soysuzluga-isyan\/"},"modified":"2012-10-26T21:28:07","modified_gmt":"2012-10-26T21:28:07","slug":"soysuzluga-isyan","status":"publish","type":"post","link":"https:\/\/www.millicozum.com\/mc\/2012\/kasim-2012\/soysuzluga-isyan\/","title":{"rendered":"SOYSUZLU\u011eA \u0130SYAN"},"content":{"rendered":"\n<p style=\"margin-bottom: 0.0001pt; text-indent: 108pt; line-height: 16pt;\"><strong><span style=\"font-size: 12pt; font-family: 'Arial','sans-serif'; color: black;\">Zalimle uyu\u015famam, yaranamam gafile<\/span><\/strong><\/p>\n<p style=\"margin-bottom: 0.0001pt; text-indent: 108pt; line-height: 16pt;\"><strong><span style=\"font-size: 12pt; font-family: 'Arial','sans-serif'; color: black;\">Mertlik karakterimdir, m\u00fcnaf\u0131k edam yoktur!<\/span><\/strong><\/p>\n<p style=\"margin-bottom: 0.0001pt; text-indent: 108pt; line-height: 16pt;\"><strong><span style=\"font-size: 12pt; font-family: 'Arial','sans-serif'; color: black;\">Il\u0131mla\u015f\u0131p yozla\u015ft\u0131, nice m\u00fc\u2019min kafile<\/span><\/strong><\/p>\n<p style=\"margin-bottom: 0.0001pt; text-indent: 108pt; line-height: 16pt;\"><strong><span style=\"font-size: 12pt; font-family: 'Arial','sans-serif'; color: black;\">\u0130syan\u0131m soysuzlu\u011fa, muvaf\u0131k sedam yoktur!<\/span><\/strong><\/p>\n<p style=\"margin-bottom: 0.0001pt; text-indent: 108pt; line-height: 16pt;\"><strong><span style=\"font-size: 12pt; font-family: 'Arial','sans-serif'; color: black;\">&nbsp;<\/span><\/strong><\/p>\n<p style=\"margin-bottom: 0.0001pt; text-indent: 108pt; line-height: 16pt;\"><strong><span style=\"font-size: 12pt; font-family: 'Arial','sans-serif'; color: black;\">Bir zamanlar bu toplum, kanaatkar \u015fakirdi<\/span><\/strong><\/p>\n<p style=\"margin-bottom: 0.0001pt; text-indent: 108pt; line-height: 16pt;\"><strong><span style=\"font-size: 12pt; font-family: 'Arial','sans-serif'; color: black;\">G\u00f6n\u00fclleri zengindi, dilleri hep zakirdi<\/span><\/strong><\/p>\n<p style=\"margin-bottom: 0.0001pt; text-indent: 108pt; line-height: 16pt;\"><strong><span style=\"font-size: 12pt; font-family: 'Arial','sans-serif'; color: black;\">Has insanlard\u0131 ama, elbisesiz fakirdi<\/span><\/strong><\/p>\n<p style=\"margin-bottom: 0.0001pt; text-indent: 108pt; line-height: 16pt;\"><strong><span style=\"font-size: 12pt; font-family: 'Arial','sans-serif'; color: black;\">\u015eimdi l\u00fcks libaslar\u0131n, i\u00e7inde adam yoktur!<\/span><\/strong><\/p>\n<p style=\"margin-bottom: 0.0001pt; text-indent: 108pt; line-height: 16pt;\"><strong><span style=\"font-size: 12pt; font-family: 'Arial','sans-serif'; color: black;\">&nbsp;<\/span><\/strong><\/p>\n<p style=\"margin-bottom: 0.0001pt; text-indent: 108pt; line-height: 16pt;\"><strong><span style=\"font-size: 12pt; font-family: 'Arial','sans-serif'; color: black;\">Halk g\u00fcndelik derdinde, h\u00fck\u00fcmet BOP pe\u015finde<\/span><\/strong><\/p>\n<p style=\"margin-bottom: 0.0001pt; text-indent: 108pt; line-height: 16pt;\"><strong><span style=\"font-size: 12pt; font-family: 'Arial','sans-serif'; color: black;\">\u0130dealsiz s\u00fcr\u00fcler, gen\u00e7leri top pe\u015finde<\/span><\/strong><\/p>\n<p style=\"margin-bottom: 0.0001pt; text-indent: 108pt; line-height: 16pt;\"><strong><span style=\"font-size: 12pt; font-family: 'Arial','sans-serif'; color: black;\">\u015eehvetine esirler, k\u0131zlar\u0131 pop pe\u015finde<\/span><\/strong><\/p>\n<p style=\"margin-bottom: 0.0001pt; text-indent: 108pt; line-height: 16pt;\"><strong><span style=\"font-size: 12pt; font-family: 'Arial','sans-serif'; color: black;\">Han\u0131ml\u0131ktan \u00e7\u0131km\u0131\u015flar, \u00f6rt\u00fcl\u00fc madam yoktur!<\/span><\/strong><\/p>\n<p style=\"margin-bottom: 0.0001pt; text-indent: 108pt; line-height: 16pt;\"><strong><span style=\"font-size: 12pt; font-family: 'Arial','sans-serif'; color: black;\">&nbsp;<\/span><\/strong><\/p>\n<p style=\"margin-bottom: 0.0001pt; text-indent: 108pt; line-height: 16pt;\"><strong><span style=\"font-size: 12pt; font-family: 'Arial','sans-serif'; color: black;\">K\u00fcresel siyonizme, tiynetsiz k\u00f6le tipler<\/span><\/strong><\/p>\n<p style=\"margin-bottom: 0.0001pt; text-indent: 108pt; line-height: 16pt;\"><strong><span style=\"font-size: 12pt; font-family: 'Arial','sans-serif'; color: black;\">Kimi ayd\u0131n ge\u00e7inir, kimi cazg\u0131r hatipler<\/span><\/strong><\/p>\n<p style=\"margin-bottom: 0.0001pt; text-indent: 108pt; line-height: 16pt;\"><strong><span style=\"font-size: 12pt; font-family: 'Arial','sans-serif'; color: black;\">Allah, \u201cHayr\u00fcl Makirin\u201d; bo\u015fa \u00e7\u0131kar tertipler<\/span><\/strong><\/p>\n<p style=\"margin-bottom: 0.0001pt; text-indent: 108pt; line-height: 16pt;\"><strong><span style=\"font-size: 12pt; font-family: 'Arial','sans-serif'; color: black;\">Camiden gayr\u0131 locam, s\u0131\u011f\u0131nak odam yoktur!<\/span><\/strong><\/p>\n<p style=\"margin-bottom: 0.0001pt; text-indent: 108pt; line-height: 16pt;\"><strong><span style=\"font-size: 12pt; font-family: 'Arial','sans-serif'; color: black;\">&nbsp;<\/span><\/strong><\/p>\n<p style=\"margin-bottom: 0.0001pt; text-indent: 108pt; line-height: 16pt;\"><strong><span style=\"font-size: 12pt; font-family: 'Arial','sans-serif'; color: black;\">M\u00fc\u2019min \u015fiar\u0131 mertlik, ama basiret ile<\/span><\/strong><\/p>\n<p style=\"margin-bottom: 0.0001pt; text-indent: 108pt; line-height: 16pt;\"><strong><span style=\"font-size: 12pt; font-family: 'Arial','sans-serif'; color: black;\">Tebli\u011f gere\u011fi netlik, o da marifet ile<\/span><\/strong><\/p>\n<p style=\"margin-bottom: 0.0001pt; text-indent: 108pt; line-height: 16pt;\"><strong><span style=\"font-size: 12pt; font-family: 'Arial','sans-serif'; color: black;\">Gavur himayesinde, zillet esaret ile<\/span><\/strong><\/p>\n<p style=\"margin-bottom: 0.0001pt; text-indent: 108pt; line-height: 16pt;\"><strong><span style=\"font-size: 12pt; font-family: 'Arial','sans-serif'; color: black;\">Din istismar\u0131 yapmam, numaram hud\u2019am yoktur!<\/span><\/strong><\/p>\n<p style=\"margin-bottom: 0.0001pt; text-indent: 108pt; line-height: 16pt;\"><strong><span style=\"font-size: 12pt; font-family: 'Arial','sans-serif'; color: black;\">&nbsp;<\/span><\/strong><\/p>\n<p style=\"margin-bottom: 0.0001pt; text-indent: 108pt; line-height: 16pt;\"><strong><span style=\"font-size: 12pt; font-family: 'Arial','sans-serif'; color: black;\">Kur\u2019an terc\u00fcman\u0131y\u0131m, vicdanlar\u0131n sesiyim<\/span><\/strong><\/p>\n<p style=\"margin-bottom: 0.0001pt; text-indent: 108pt; line-height: 16pt;\"><strong><span style=\"font-size: 12pt; font-family: 'Arial','sans-serif'; color: black;\">Zalimlerin hasm\u0131y\u0131m, mazlumun kimsesiyim<\/span><\/strong><\/p>\n<p style=\"margin-bottom: 0.0001pt; text-indent: 108pt; line-height: 16pt;\"><strong><span style=\"font-size: 12pt; font-family: 'Arial','sans-serif'; color: black;\">Y\u00fcz ruhun aynas\u0131d\u0131r, \u015f\u00fck\u00fcr talebesiyim<\/span><\/strong><\/p>\n<p style=\"margin-bottom: 0.0001pt; text-indent: 108pt; line-height: 16pt;\"><strong><span style=\"font-size: 12pt; font-family: 'Arial','sans-serif'; color: black;\">Erbakan Hocam gibi, nurlu bir endam yoktur!<\/span><\/strong><\/p>\n<p style=\"margin-bottom: 0.0001pt; text-indent: 108pt; line-height: 16pt;\"><strong><span style=\"font-size: 12pt; font-family: 'Arial','sans-serif'; color: black;\">&nbsp;<\/span><\/strong><\/p>\n<p style=\"margin-bottom: 0.0001pt; text-indent: 108pt; line-height: 16pt;\"><strong><span style=\"font-size: 12pt; font-family: 'Arial','sans-serif'; color: black;\">\u0130mans\u0131z ve Kur\u2019ans\u0131z, hay\u00e2 perdem y\u0131rt\u0131l\u0131r<\/span><\/strong><\/p>\n<p style=\"margin-bottom: 0.0001pt; text-indent: 108pt; line-height: 16pt;\"><strong><span style=\"font-size: 12pt; font-family: 'Arial','sans-serif'; color: black;\">Bat\u0131l\u0131lar barbard\u0131r, vicdan her dem y\u0131rt\u0131l\u0131r<\/span><\/strong><\/p>\n<p style=\"margin-bottom: 0.0001pt; text-indent: 108pt; line-height: 16pt;\"><strong><span style=\"font-size: 12pt; font-family: 'Arial','sans-serif'; color: black;\">\u0130slams\u0131z T\u00fcrk\u2019\u00fc K\u00fcrd\u00fc; batar, erdem y\u0131rt\u0131l\u0131r<\/span><\/strong><\/p>\n<p style=\"margin-bottom: 0.0001pt; text-indent: 108pt; line-height: 16pt;\"><strong><span style=\"font-size: 12pt; font-family: 'Arial','sans-serif'; color: black;\">Eritip bitirirler; bir bak ki, hurdam yoktur!<\/span><\/strong><\/p>\n<p style=\"margin-bottom: 0.0001pt; text-indent: 108pt; line-height: 16pt;\"><strong><span style=\"font-size: 12pt; font-family: 'Arial','sans-serif'; color: black;\">&nbsp;<\/span><\/strong><\/p>\n<p style=\"margin-bottom: 0.0001pt; text-indent: 108pt; line-height: 16pt;\"><strong><span style=\"font-size: 12pt; font-family: 'Arial','sans-serif'; color: black;\">Bir zuhur bekliyoruz, bir devrim ya\u015fanacak<\/span><\/strong><\/p>\n<p style=\"margin-bottom: 0.0001pt; text-indent: 108pt; line-height: 16pt;\"><strong><span style=\"font-size: 12pt; font-family: 'Arial','sans-serif'; color: black;\">Milli bir d\u00f6n\u00fc\u015f\u00fcmle, karanl\u0131k a\u015f\u0131lacak<\/span><\/strong><\/p>\n<p style=\"margin-bottom: 0.0001pt; text-indent: 108pt; line-height: 16pt;\"><strong><span style=\"font-size: 12pt; font-family: 'Arial','sans-serif'; color: black;\">Elbette hain olan, birazc\u0131k ka\u015f\u0131nacak<\/span><\/strong><\/p>\n<p style=\"margin-bottom: 0.0001pt; text-indent: 108pt; line-height: 16pt;\"><strong><span style=\"font-size: 12pt; font-family: 'Arial','sans-serif'; color: black;\">Hi\u00e7 g\u00fcvenmesinler ki, nas\u0131lsa idam yoktur!<\/span><\/strong><\/p>\n<p><strong><span style=\"font-size: 12pt;\">&nbsp;<\/span><\/strong><\/p>\n","protected":false},"excerpt":{"rendered":"<p>Zalimle uyu\u015famam, yaranamam gafile Mertlik karakterimdir, m\u00fcnaf\u0131k edam yoktur! Il\u0131mla\u015f\u0131p yozla\u015ft\u0131, nice m\u00fc\u2019min kafile \u0130syan\u0131m soysuzlu\u011fa, muvaf\u0131k sedam yoktur! &nbsp; Bir zamanlar bu toplum, kanaatkar \u015fakirdi G\u00f6n\u00fclleri zengindi, dilleri hep zakirdi Has insanlard\u0131 ama, elbisesiz fakirdi \u015eimdi l\u00fcks libaslar\u0131n, i\u00e7inde adam yoktur! &nbsp; Halk g\u00fcndelik derdinde, h\u00fck\u00fcmet BOP pe\u015finde \u0130dealsiz s\u00fcr\u00fcler, gen\u00e7leri top pe\u015finde \u015eehvetine [&hellip;]<\/p>\n","protected":false},"author":98,"featured_media":0,"comment_status":"open","ping_status":"closed","sticky":false,"template":"","format":"standard","meta":{"footnotes":""},"categories":[142],"tags":[],"class_list":["post-2450","post","type-post","status-publish","format-standard","hentry","category-kasim-2012"],"_links":{"self":[{"href":"https:\/\/www.millicozum.com\/mc\/wp-json\/wp\/v2\/posts\/2450","targetHints":{"allow":["GET"]}}],"collection":[{"href":"https:\/\/www.millicozum.com\/mc\/wp-json\/wp\/v2\/posts"}],"about":[{"href":"https:\/\/www.millicozum.com\/mc\/wp-json\/wp\/v2\/types\/post"}],"author":[{"embeddable":true,"href":"https:\/\/www.millicozum.com\/mc\/wp-json\/wp\/v2\/users\/98"}],"replies":[{"embeddable":true,"href":"https:\/\/www.millicozum.com\/mc\/wp-json\/wp\/v2\/comments?post=2450"}],"version-history":[{"count":0,"href":"https:\/\/www.millicozum.com\/mc\/wp-json\/wp\/v2\/posts\/2450\/revisions"}],"wp:attachment":[{"href":"https:\/\/www.millicozum.com\/mc\/wp-json\/wp\/v2\/media?parent=2450"}],"wp:term":[{"taxonomy":"category","embeddable":true,"href":"https:\/\/www.millicozum.com\/mc\/wp-json\/wp\/v2\/categories?post=2450"},{"taxonomy":"post_tag","embeddable":true,"href":"https:\/\/www.millicozum.com\/mc\/wp-json\/wp\/v2\/tags?post=2450"}],"curies":[{"name":"wp","href":"https:\/\/api.w.org\/{rel}","templated":true}]}}