{"id":2456,"date":"2012-11-11T22:38:36","date_gmt":"2012-11-11T22:38:36","guid":{"rendered":"https:\/\/www.millicozum.com\/mc\/2012\/11\/11\/ulusalcilik-batili-ve-batil-millicilik-yerli-ve-hayirlidir\/"},"modified":"2012-11-11T22:38:36","modified_gmt":"2012-11-11T22:38:36","slug":"ulusalcilik-batili-ve-batil-millicilik-yerli-ve-hayirlidir","status":"publish","type":"post","link":"https:\/\/www.millicozum.com\/mc\/ozel-yazilar\/ulusalcilik-batili-ve-batil-millicilik-yerli-ve-hayirlidir\/","title":{"rendered":"\u201cULUSALCILIK\u201d BATILI VE BATIL; \u201cM\u0130LL\u0130C\u0130L\u0130K\u201d YERL\u0130 VE HAYIRLIDIR!"},"content":{"rendered":"\n<p style=\"margin-bottom: 0.0001pt; text-align: justify; text-indent: 1cm; line-height: 16pt;\">\u00a0<b><span style=\"font-size: 12pt; font-family: 'Arial','sans-serif';\">D\u0131\u015fi\u015fleri Bakan\u0131 Ahmet Davuto\u011flu\u2019nun: <i>\u201cUlusalc\u0131l\u0131kla hesapla\u015ft\u0131klar\u0131n\u0131\u201d<\/i> s\u00f6ylemesi, kendi tahribatlar\u0131n\u0131 me\u015frula\u015ft\u0131rmaya ve toplumun AKP ile ilgili ku\u015fkular\u0131n\u0131 bast\u0131rmaya y\u00f6nelik bir sapt\u0131rma ve sahteciliktir. AKP\u2019nin \u0130ttihat\u00e7\u0131l\u0131k ve art\u0131klar\u0131 ile m\u00fccadele ettiklerini belirtmeleri, Ba\u015fbakan\u0131n itiraf\u0131yla <i>\u201chalk\u0131n gaz\u0131n\u0131 alma\u201d<\/i> giri\u015fimleridir. Asl\u0131nda AKP, \u0130ttihat\u00e7\u0131lar\u0131n yeni versiyonu gibidir. \u00c7\u00fcnk\u00fc her ikisi de masonik merkezlidir ve uluslararas\u0131 Yahudi Lobileri g\u00fcd\u00fcm\u00fcndedir. Her ikisi de, \u0130slamc\u0131l\u0131\u011f\u0131 istismar edip, Avrupa\u2019ya yamanma pe\u015findedir. Hem \u0130ttihat ve Terakki, hem AK Parti, ikisi de taklit\u00e7i, tahrip\u00e7i ve i\u015fbirlik\u00e7idir. Ve zaten AKP\u2019li yazar ve yorumcular Atat\u00fcrk d\u00fc\u015fmanl\u0131\u011f\u0131na kar\u015f\u0131 Enver Pa\u015fa a\u015fklar\u0131n\u0131 gizleyememektedir. Mason ve Sabataist Enver a\u015fk\u0131yla, \u0130ttihat\u00e7\u0131 ve Ulusalc\u0131 kar\u015f\u0131tl\u0131\u011f\u0131n\u0131n nas\u0131l uzla\u015ft\u0131\u011f\u0131n\u0131n yan\u0131t\u0131n\u0131 ise AKP\u2019liler bir t\u00fcrl\u00fc verememektedir. Sultan Abd\u00fclhamit\u2019ten kurtulmak i\u00e7in \u0130ttihat ve Terakki, Erbakan\u2019dan kurtulmak i\u00e7in de AK Parti icat edilmi\u015ftir. Bu gidi\u015fle sonlar\u0131 da birbirine benzeyecektir.<\/span><\/b><\/p>\n<p style=\"margin-bottom: 0.0001pt; text-align: justify; text-indent: 1cm; line-height: 16pt;\"><span style=\"font-size: 12pt; font-family: 'Arial','sans-serif';\">Bu arada \u0130\u015f\u00e7i Partililer <b><i>\u201cHay\u0131r, \u0130ttihat ve Terakki\u2019nin as\u0131l takip\u00e7isi bizleriz\u201d<\/i><\/b> diyerek kahramanl\u0131k satarken, asl\u0131n\u0131 ve ayar\u0131n\u0131 ortaya koyanlar\u0131n durumuna d\u00fc\u015fmektedir.<\/span><\/p>\n<p style=\"margin-bottom: 0.0001pt; text-align: justify; text-indent: 1cm; line-height: 16pt;\"><b><span style=\"font-size: 16pt; font-family: 'Arial','sans-serif';\">Oysa, k\u00fcreselle\u015fen d\u00fcnyada, ya b\u00fct\u00fcn yery\u00fcz\u00fcnde etkin ve yetkin bir konuma y\u00fckseleceksiniz; yani ekonomik, teknolojik, askeri ve siyasi bir otorite haline geleceksiniz, veya de\u011fil bir \u00fclkede, hatta bir k\u00f6yde bile h\u00fckm\u00fcn\u00fcz\u00fc ge\u00e7iremezsiniz, D\u00fcnyaya hakim olan g\u00fc\u00e7lerin \u00fclkemizi ve b\u00f6lgemizi \u015fekillendirmesine m\u00fcdahale edemezsiniz. Hangi partiyi veya sistemi iktidara getirirseniz getirin, bu durumu de\u011fi\u015ftiremezsiniz. A\u00e7\u0131k s\u00f6yleyelim, haz\u0131rlanan \u00e7ok \u00f6zel ve orijinal teknolojiler sayesinde ABD\u2019yi yenmeden, \u0130srail\u2019i silmeden, Akdeniz ve Hint K\u00f6rfezinde Amerikan u\u00e7ak gemilerini ele ge\u00e7irmeden, Avrupa ve Japonya\u2019n\u0131n minnetine, \u00c7in ve Rusya\u2019n\u0131n h\u00fcrmetine ve \u0130slam D\u00fcnyas\u0131n\u0131n sevgi ve g\u00fcvenine eri\u015femezsiniz ve tabi T\u00fcrkiye merkezli adil bir d\u00fczeni de yerle\u015ftirip y\u00fcr\u00fctemezsiniz.<\/span><\/b><\/p>\n<p style=\"margin-bottom: 0.0001pt; text-align: justify; text-indent: 1cm; line-height: 16pt;\"><b><span style=\"font-size: 12pt; font-family: 'Arial','sans-serif';\">\u0130\u015fte i\u015fbirlik\u00e7i solcu-sa\u011fc\u0131-islamc\u0131 iktidarlar, aciz ve \u00e7aresiz komutanlar eliyle, Milli e\u011fitimden askeriyesine, ekonomisinden teknolojisine, tar\u0131m\u0131ndan ticaretine, medyas\u0131ndan k\u00fclt\u00fcr\u00fcne kadar gizli bir s\u00f6m\u00fcrge \u00fclkesine \u00e7evrilmi\u015f ve topraklar\u0131 par\u00e7alan\u0131p da\u011f\u0131lma noktas\u0131na gelmi\u015f bir T\u00fcrkiye i\u00e7in, Suriye meselesi, ABD ve \u0130srail\u2019i devirmek ve lider \u00fclke konumuna y\u00fckselmek i\u00e7in, tarihi bir f\u0131rsat gibidir, aksi halde kendisi \u00e7\u00f6z\u00fclecektir. B\u00fcy\u00fck hedeflere, b\u00fcy\u00fck hayaller ile eri\u015filir. ABD ve \u0130srail\u2019i yenmeyi de\u011fil, kar\u015f\u0131 gelmeyi bile akl\u0131na s\u0131\u011fd\u0131ramayan veya sadece \u00c7in ve Rusya\u2019n\u0131n himmet ve himayesi g\u00f6lgesinde ayakta kalaca\u011f\u0131na inanan pinti ve p\u0131s\u0131r\u0131k psikolojiyle, T\u00fcrkiye\u2019nin yeniden dirilip derlenmesi m\u00fcmk\u00fcn de\u011fildir.<\/span><\/b><\/p>\n<p style=\"margin-bottom: 0.0001pt; text-align: justify; text-indent: 1cm; line-height: 16pt;\"><b><span style=\"font-size: 16pt; font-family: 'Arial','sans-serif';\">Mustafa Kemal \u00f6nderli\u011findeki \u015fanl\u0131 kurtulu\u015f m\u00fccadelesinden sonra T\u00fcrkiye\u2019de b\u00f6ylesine y\u00fcksek bir ufka sahip olan, ve bu kutlu hedefe uygun ilmi ve ger\u00e7ek\u00e7i projeler ortaya koyan tek bir lider gelmi\u015ftir: Prof. Dr. Necmettin Erbakan!&#8230;<\/span><\/b><\/p>\n<p style=\"margin-bottom: 0.0001pt; text-align: justify; text-indent: 1cm; line-height: 16pt;\"><span style=\"font-size: 12pt; font-family: 'Arial','sans-serif';\">\u015eimdi Milli \u00c7\u00f6z\u00fcm Ekibi gibi bilin\u00e7li, birikimli ve bilenmi\u015f takip\u00e7ileri eliyle, Milli G\u00f6r\u00fc\u015f mutlaka hedefine eri\u015fecektir. Ve bu tarihi devrim ve de\u011fi\u015fim barbar Bat\u0131 kaynakl\u0131 \u00e7at\u0131\u015fmac\u0131 ve ink\u00e2rc\u0131 <\/span><b><span style=\"font-size: 16pt; font-family: 'Arial','sans-serif';\">ulusalc\u0131l\u0131kla<\/span><\/b><span style=\"font-size: 12pt; font-family: 'Arial','sans-serif';\"> de\u011fil, \u0130slam kaynakl\u0131 ve kucaklay\u0131p ku\u015fat\u0131c\u0131 <\/span><b><span style=\"font-size: 16pt; font-family: 'Arial','sans-serif';\">Millicilikle <\/span><\/b><span style=\"font-size: 12pt; font-family: 'Arial','sans-serif';\">ger\u00e7ekle\u015fecektir. Ulusalc\u0131l\u0131k yabanc\u0131, Millicilik yerlidir. Ulusalc\u0131l\u0131k masonik Frans\u0131z Devriminin, Darwin, Engels ve Marx gibi Yahudilerin taklit\u00e7isidir. Millicilik kendi de\u011fer ve dinamiklerimizle \u015fekillenir. Pek \u00e7ok iyi niyetli ve Milli gayretli insan\u0131m\u0131z da, zaten Ulusalc\u0131l\u0131\u011f\u0131 Bat\u0131l\u0131 anlam\u0131yla de\u011fil, Milli ve yerli maksad\u0131yla sahiplenir, onlar\u0131n tercih ve tensibi i\u00e7erikte de\u011fil, sadece kelimededir. <\/span><\/p>\n<p style=\"margin-bottom: 0.0001pt; text-align: justify; text-indent: 1cm; line-height: 16pt;\"><span style=\"font-size: 12pt; font-family: 'Arial','sans-serif';\">B\u00fct\u00fcn Bat\u0131l\u0131 Masonlar\u0131 veya Mao gibi do\u011fulu barbarlar\u0131 hep ilerici, bilgili ve becerikli sanan, ama M\u00fcsl\u00fcmanlar\u0131, Sel\u00e7uklu ve Osmanl\u0131lar\u0131 ve \u015fimdi dindar Anadolu halk\u0131n\u0131 ise hep gerici, cahil, sadece g\u00fcd\u00fclmeye m\u00fcsait sayan bu Ulusalc\u0131lar, Bat\u0131ya kar\u015f\u0131 b\u00f6ylesine basit bir a\u015fa\u011f\u0131l\u0131k kompleksi ve onlara ula\u015fma hevesi i\u00e7inde k\u0131vran\u0131rken, kendi halk\u0131m\u0131za ve M\u00fcsl\u00fcmanlara kar\u015f\u0131 da, \u015feytani kof bir gurur ve kibir i\u00e7indedir. Bunlar\u0131n <b>\u201c<i>\u00fcmmet<\/i>\u201d<\/b> d\u00fc\u015fmanl\u0131\u011f\u0131, \u0130slamiyet ve Hz. Muhammet d\u00fc\u015fmanl\u0131\u011f\u0131n\u0131n bir belirtisidir. Bunlara g\u00f6re dinsizlik, \u00f6zellikle \u0130slam d\u00fc\u015fmanl\u0131\u011f\u0131 ayd\u0131n ve ilerici olman\u0131n temel \u015fart\u0131 gibidir. Asl\u0131nda Ulusalc\u0131l\u0131k \u0131rk \u00fcst\u00fcnl\u00fc\u011f\u00fcn\u00fc, hatta se\u00e7kin bir s\u0131n\u0131f egemenli\u011fini hedefleyen bir ideolojidir. Ama ayet ve hadislerle <b><i>\u201c\u0130slam Soyalizmini\u201d<\/i><\/b> savunma riyak\u00e2rl\u0131k ve sahtek\u00e2rl\u0131\u011f\u0131na da, mecburen d\u00fc\u015f\u00fclmektedir, bu da \u0130slam\u2019la ba\u015f edilmeyece\u011finin en a\u00e7\u0131k g\u00f6stergesidir. Yani \u0131l\u0131ml\u0131 \u0130slamc\u0131lar gibi ink\u00e2rc\u0131 Ulusalc\u0131lar da, \u00e7i\u011f ve \u00e7irkin bir din istismar\u0131yla taban ve taraftar bulma pe\u015findedir. Yanl\u0131\u015f anla\u015f\u0131lmas\u0131n, herkes kendi ak\u0131l ve ayar\u0131nca istedi\u011fi \u015feye inanma hakk\u0131na sahiptir; bizim istedi\u011fimiz, ba\u015fkalar\u0131n\u0131n da inanc\u0131na, \u00f6zelikle b\u00fcy\u00fck \u00e7o\u011funlu\u011fu olu\u015fturan M\u00fcsl\u00fcman halk\u0131m\u0131za sayg\u0131 g\u00f6sterilmesidir.<\/span><\/p>\n<p style=\"margin-bottom: 0.0001pt; text-align: justify; text-indent: 1cm; line-height: 16pt;\"><b><span style=\"font-size: 16pt; font-family: 'Arial','sans-serif';\">Bir yandan, her f\u0131rsatta ba\u015f\u00f6rt\u00fcs\u00fcne sald\u0131ran, imam-hatipten k\u0131c\u0131k alan, Kur\u2019an dersini \u00e7a\u011fd\u0131\u015f\u0131 sayan, ama \u00f6te tarafta <i>\u201cBiz de M\u00fcsl\u00fcman\u0131z, Biz de din \u00f6zg\u00fcrl\u00fc\u011f\u00fcnden yanay\u0131z!\u201d <\/i>diyerek toplumu kand\u0131rmaya \u00e7al\u0131\u015fan insanlar, sadece kendilerini aldat\u0131vermektedir ve bu nedenle halk\u0131m\u0131z\u0131n b\u00fcy\u00fck kesiminden asla y\u00fcz g\u00f6rmemektedir. Bak\u0131\u015f a\u00e7\u0131lar\u0131 ve d\u00fcsturlar\u0131 Bat\u0131l\u0131 ve Yahudi kafal\u0131 oldu\u011fu i\u00e7in, Ulusalc\u0131lar\u0131n Milli ve yerli projeler \u00fcretti\u011fi ve halk deste\u011fi ile de\u011fil s\u00fcrekli darbeler sonucu iktidara geldiklerinde de hay\u0131rl\u0131 ve ba\u015far\u0131l\u0131 hizmetler verdi\u011fi hi\u00e7 g\u00f6r\u00fclmemi\u015ftir. Mason \u0130ttihat\u00e7\u0131lar gibi b\u00fct\u00fcn marifetleri sadece taklit ve tahrip\u00e7iliktir. Evet \u0130ttihat\u00e7\u0131lar ve onlar\u0131n art\u0131klar\u0131n\u0131n uydurdu\u011fu Kemalizm Ulusalc\u0131 ve \u0131rk\u00e7\u0131d\u0131r, ama Atat\u00fcrk Milliyet\u00e7idir.<\/span><\/b><\/p>\n<p style=\"margin-bottom: 0.0001pt; text-align: justify; text-indent: 1cm; line-height: 16pt;\"><b><span style=\"font-size: 12pt; font-family: 'Arial','sans-serif';\">Baz\u0131lar\u0131nca sak\u0131z gibi \u00e7i\u011fnenen \u201culus\u201d s\u00f6zc\u00fc\u011f\u00fc ile \u201cT\u00fcrk\u201dlerin kast edildi\u011fini sananlar aldanmaktad\u0131r. Hatta bunlar\u0131n sahiplendi\u011fi, \u0130slam \u00f6ncesi \u201cT\u00fcrk \u0131rk\u00e7\u0131l\u0131\u011f\u0131\u201d bile, Ulusalc\u0131lar i\u00e7in sadece bir zemin bulma ve taban olu\u015fturma k\u0131l\u0131f\u0131 ve istismar arac\u0131d\u0131r. Ulusalc\u0131lar\u0131n Sel\u00e7uklu ve Osmanl\u0131 T\u00fcrklerine derin kin ve d\u00fc\u015fmanl\u0131klar\u0131, Anadolu\u2019yu bize vatan yapan Alparslanlar\u0131 atlay\u0131p Orta Asya\u2019daki Hanlar\u0131, Ka\u011fanlar\u0131 \u00f6ne \u00e7\u0131karmalar\u0131 ve koyu bir \u0130slam ve T\u00fcrk d\u00fc\u015fman\u0131 ve y\u00fcz binlerce masum insan\u0131n kasab\u0131 Mo\u011fol canisi Cengiz Hana sahip \u00e7\u0131kmalar\u0131 bu maksatlad\u0131r.<\/span><\/b><\/p>\n<p style=\"margin-bottom: 0.0001pt; text-align: justify; text-indent: 1cm; line-height: 16pt;\"><b><span style=\"font-size: 12pt; font-family: 'Arial','sans-serif';\">Bunlar\u0131n \u201culus\u201d sayd\u0131klar\u0131, sadece sabataist Yahudi f\u0131rkas\u0131, bir avu\u00e7 Darwinist ve kom\u00fcnist tabakas\u0131d\u0131r. S\u0131k s\u0131k \u201cOrtaca\u011f gericili\u011fi\u201d diye \u0130slam\u2019a, Kur\u2019an\u2019a ve Resul\u00fcllah\u2019a d\u00fc\u015fmanl\u0131klar\u0131n\u0131 a\u00e7\u0131\u011fa vuran ve dinsizlik kinlerini kusan bu ayd\u0131nl\u0131k yaftal\u0131 karanl\u0131k kafal\u0131lar\u0131n do\u011frudan veya dolayl\u0131 milyonlarca masumun katilleri olan Mao ve Lenin\u2019i putla\u015ft\u0131r\u0131p tap\u0131nmalar\u0131, onlar\u0131n her laf\u0131n\u0131 ve davran\u0131\u015f\u0131n\u0131, aynen Abdullah \u00d6calan gibi, kutsal kural say\u0131p savunmalar\u0131, ger\u00e7ek tiynet ve niyetlerini ortaya koymaktad\u0131r. \u00d6yleki s\u00f6zde T\u00fcrk ulusalc\u0131s\u0131 ge\u00e7inen bu sahtek\u00e2rlar kom\u00fcnist katil Mao\u2019nun ve \u00c7in diktat\u00f6rlerinin Do\u011fu T\u00fcrkistan\u2019daki (Uygur-Sincan) T\u00fcrklere yapt\u0131klar\u0131 zul\u00fcm ve cinayetleri bile ho\u015f kar\u015f\u0131lamakta ve hakl\u0131 bulmaktad\u0131r. Eski, s\u00f6zde koyu \u00dclk\u00fcc\u00fc-T\u00fcrk\u00e7\u00fc Sabahattin \u00d6nkibar\u2019la Leninist-Maoist ulusalc\u0131 din d\u00fc\u015fmanlar\u0131n\u0131 kayna\u015ft\u0131r\u0131p kucakla\u015ft\u0131ran da \u0130slam ve M\u00fcsl\u00fcman T\u00fcrk kar\u015f\u0131tl\u0131\u011f\u0131 ve k\u0131c\u0131kl\u0131\u011f\u0131d\u0131r.<\/span><\/b><\/p>\n<p style=\"margin-bottom: 0.0001pt; text-align: justify; text-indent: 1cm; line-height: 16pt;\"><span style=\"font-size: 12pt; font-family: 'Arial','sans-serif';\">Avrupa\u2019da, M\u00fcsl\u00fcmanl\u0131k kadar T\u00fcrk\u2019e ve T\u00fcrk Devletine d\u00fc\u015fmanl\u0131\u011f\u0131 k\u00f6r\u00fckleyenlerin ba\u015f\u0131nda gelen Engels ve Marx gibi Yahudi k\u00f6kenli ki\u015fileri, bu Ulusalc\u0131 az\u0131nl\u0131\u011f\u0131n neden \u00f6rnek al\u0131p rehber tuttuklar\u0131, san\u0131r\u0131m \u015fimdi daha iyi anla\u015f\u0131lmaktad\u0131r. Eleba\u015flar\u0131n\u0131n tamam\u0131na yak\u0131n\u0131 Yahudi d\u00f6nmesi Masonlardan olu\u015fan, Osmanl\u0131 T\u00fcrk Devletini y\u0131k\u0131p Anadolu\u2019da \u0130srail\u2019in arka bah\u00e7esi olacak bir Siyon Devletinin temellerini atmaya \u00e7al\u0131\u015fan ve \u015feytani ama\u00e7lar\u0131na ula\u015f\u0131p, \u00fclkemizin bat\u0131l\u0131 g\u00fc\u00e7lerce i\u015fgalini sa\u011flad\u0131ktan sonra, hi\u00e7bir M\u00fcsl\u00fcman T\u00fcrk\u00fcn tenezz\u00fcl ve tevess\u00fcl edemeyece\u011fi bir al\u00e7akl\u0131kla, Osmanl\u0131y\u0131 sava\u015fa sokmak i\u00e7in 5 milyon mark r\u00fc\u015fvet ald\u0131klar\u0131 ve gavur generallerini T\u00fcrk ordusunun ba\u015f\u0131na atad\u0131klar\u0131 Alman z\u0131rhl\u0131lar\u0131na binip \u00fclkemizden ka\u00e7an \u0130ttihat ve Terakki hainlerini kahraman saymalar\u0131 ve kutsamalar\u0131 da, \u0130slam\u2019a ve M\u00fcsl\u00fcman T\u00fcrk\u2019e yapt\u0131klar\u0131 hakaret ve h\u0131yanetleri dolay\u0131s\u0131ylad\u0131r.<\/span><\/p>\n<p style=\"margin-bottom: 0.0001pt; text-align: justify; text-indent: 1cm; line-height: 16pt;\"><b><span style=\"font-size: 12pt; font-family: 'Arial','sans-serif';\">\u015eu din ve devlet tahrip\u00e7isi, ABD i\u015fbirlik\u00e7isi ve Ha\u00e7l\u0131 AB takip\u00e7isi AKP\u2019yi de, aynen \u0130ttihat ve Terakkiyi kurup kullanan Yahudi Marx\u2019\u0131n dinsiz ve dengesiz \u00f6\u011fretileriyle Rusya ve \u00c7in\u2019de kom\u00fcnist cinayet devrimini yapt\u0131ran ve \u0130slam D\u00fcnyas\u0131n\u0131n ortas\u0131na \u0130srail\u2019i kondurup kudurtan, y\u0131llarca d\u00fcnyay\u0131 kapitalist ve kom\u00fcnist kamplara ay\u0131r\u0131p insanlar\u0131 birbirine k\u0131rd\u0131rtarak kendi s\u00f6m\u00fcr\u00fc saltanat\u0131n\u0131 ayakta tutan S\u0130YON\u0130ST YAHUD\u0130 ODAKLAR, Erbakan\u2019dan kopar\u0131p, boynuna esaret madalyas\u0131 takarak iktidara ta\u015f\u0131m\u0131\u015flard\u0131r. Ulusalc\u0131lar\u0131n eleba\u015flar\u0131, Erbakan\u2019dan kurtulduklar\u0131 ve Erdo\u011fan\u2019a kavu\u015ftuklar\u0131 i\u00e7in asl\u0131nda i\u00e7in i\u00e7in bayram yapmaktad\u0131r.<\/span><\/b><\/p>\n<p style=\"margin-bottom: 0.0001pt; text-align: justify; text-indent: 1cm; line-height: 16pt;\"><span style=\"font-size: 12pt; font-family: 'Arial','sans-serif';\">Ak\u0131l ve mant\u0131k d\u0131\u015f\u0131 iddialar, hatta komplolar ve kurgularla ba\u015flat\u0131lan ve \u015fimdilik vicdanlar\u0131 kanatan mahk\u00fbmiyet kararlar\u0131 a\u00e7\u0131klanan Balyoz davas\u0131 ma\u011fdurlar\u0131ndan olup mahkemeye: <b><i>\u201c\u015eu, anda kuvvet sizin elinizdedir, ama hak bizimledir\u201d<\/i><\/b> diyecek kadar milli onur ve \u015fuurlu ve iman huzurlu Org. Ergin Saygun Pa\u015fa g\u00fcnl\u00fcklerinden olu\u015fan kitab\u0131nda\u00a0<\/span><b><span style=\"font-size: 16pt; line-height: 115%; font-family: 'Arial','sans-serif';\">Rahmetli Erbakan\u2019\u0131n:<\/span><\/b><span style=\"font-size: 12pt; font-family: 'Arial','sans-serif';\"> <\/span><span style=\"font-size: 14pt;\"><b><i><span style=\"font-family: 'Arial','sans-serif';\">\u201cBat\u0131 emperyalizmine kar\u015f\u0131, Milli, \u0130slami ve insani yeni bir d\u00fcnya hedefi, projeleri ve giri\u015fimleri y\u00fcz\u00fcnden d\u0131\u015f g\u00fc\u00e7lerin h\u00fccumuna u\u011fray\u0131p, 28 \u015eubat darbesiyle devre d\u0131\u015f\u0131 b\u0131rak\u0131ld\u0131\u011f\u0131n\u0131\u201d <\/span><\/i><\/b><\/span><span style=\"font-size: 12pt; font-family: 'Arial','sans-serif';\">a\u00e7\u0131k\u00e7a vurgulamaktad\u0131r. Oysa bu sahte Ulusalc\u0131lar\u0131n sald\u0131r\u0131p durduklar\u0131 AKP\u2019nin \u00f6n\u00fcn\u00fc as\u0131l sahip \u00e7\u0131k\u0131p alk\u0131\u015flad\u0131klar\u0131 28 \u015eubat\u00e7\u0131lar a\u00e7m\u0131\u015f ve iktidara ta\u015f\u0131m\u0131\u015flard\u0131r.<\/span><\/p>\n<p style=\"margin-bottom: 0.0001pt; text-align: justify; text-indent: 1cm; line-height: 16pt;\"><span style=\"font-size: 14pt;\"><b><span style=\"font-family: 'Arial','sans-serif';\">Bir \u00e7ok vatansever, d\u00fcr\u00fcst, Atat\u00fcrk Milliyet\u00e7isi ve AKP\u2019nin devlet-millet tahribinden endi\u015feli insan\u0131m\u0131z\u0131n, bu ulusalc\u0131lar\u0131n ger\u00e7ek mahiyetini bilmeden, halis bir niyetle onlara arka \u00e7\u0131kt\u0131klar\u0131n\u0131n, kat\u0131ld\u0131\u011f\u0131m\u0131z baz\u0131 toplant\u0131larda fark\u0131na varm\u0131\u015f ve ger\u00e7e\u011fi hat\u0131rlatm\u0131\u015ft\u0131k<i>. \u201cBu aziz ve asil milletin inanc\u0131 ve hayat tarz\u0131yla bar\u0131\u015fmadan, bu k\u00f6rk\u00fct\u00fck \u0130slam d\u00fc\u015fmanl\u0131\u011f\u0131n\u0131 ve dinsiz kom\u00fcnizm hayranl\u0131\u011f\u0131n\u0131 b\u0131rakmadan, toplumun itimat ve itibar\u0131n\u0131 kazanman\u0131n m\u00fcmk\u00fcn olmad\u0131\u011f\u0131n\u0131; bu y\u00f6nde yap\u0131c\u0131 ve kucaklay\u0131c\u0131 ad\u0131mlar at\u0131lmadan kimsenin kendilerinin Ulusalc\u0131l\u0131k s\u00f6ylem ve samimiyetine inanmayaca\u011f\u0131n\u0131, sadece TSK i\u00e7inde bulundu\u011funu sand\u0131klar\u0131 bir avu\u00e7 yanda\u015f ve yolda\u015f\u0131, laiklik ve Kemalizm sloganlar\u0131yla k\u0131\u015fk\u0131rtmakla hi\u00e7bir yere var\u0131lamayaca\u011f\u0131n\u0131\u201d<\/i> belirtip uyarmam\u0131z \u00e7ok \u015f\u00fck\u00fcr baz\u0131lar\u0131n\u0131n uyanmas\u0131na yaram\u0131\u015ft\u0131r. \u00c7\u00fcnk\u00fc bu \u00fclkenin ger\u00e7ek Atat\u00fcrk\u00e7\u00fclere, m\u00fcspet Milliyet\u00e7ilere ve gayretli vatanperverlere ihtiyac\u0131 vard\u0131r.<\/span><\/b><\/span><\/p>\n<p style=\"margin-bottom: 0.0001pt; text-align: justify; text-indent: 1cm;\"><strong><span style=\"font-size: 18pt; font-family: 'Arial','sans-serif';\"><span style=\"font-size: 16pt; line-height: 115%; font-family: 'Arial','sans-serif';\">Do\u011fu Perin\u00e7ek\u2019in fark\u0131na vard\u0131klar\u0131!<\/span><\/span><\/strong><\/p>\n<p style=\"margin-bottom: 0.0001pt; text-align: justify; text-indent: 1cm; line-height: 16pt;\"><b><span style=\"font-size: 12pt; font-family: 'Arial','sans-serif';\">Darbeler d\u00f6nemi kapand\u0131 m\u0131? ABD\u2019nin darbe se\u00e7ene\u011fi!<\/span><\/b><\/p>\n<p style=\"margin-bottom: 0.0001pt; text-align: justify; text-indent: 1cm; line-height: 16pt;\"><b><i><span style=\"font-size: 12pt; font-family: 'Arial','sans-serif';\">\u0130\u00e7ine girdi\u011fimiz s\u00fcre\u00e7, 12 Mart ve 12 Eyl\u00fcl d\u00f6nemiyle kar\u015f\u0131la\u015ft\u0131r\u0131lamayacak kadar ciddi \u00f6l\u00e7\u00fclerde bir fa\u015fizm tehdidini bar\u0131nd\u0131r\u0131yor. ABD, AKP ile devam ettiremeyece\u011fi denetimini, bir askeri darbeyle s\u00fcrd\u00fcrmeyi deneyebilir. Bu olas\u0131l\u0131k, hi\u00e7 ku\u015fkunuz olmas\u0131n ABD\u2019nin se\u00e7enekleri i\u00e7indedir. Dahas\u0131 darbe i\u00e7in toplumun r\u0131zas\u0131n\u0131 olu\u015fturacak etkenler de h\u0131zla g\u00fc\u00e7lenmektedir.<\/span><\/i><\/b><\/p>\n<p style=\"margin-bottom: 0.0001pt; text-align: justify; text-indent: 1cm; line-height: 16pt;\"><b><i><span style=\"font-size: 12pt; font-family: 'Arial','sans-serif';\">&#8211; Derinle\u015fen b\u00f6l\u00fcnme ve artan \u015fehitler, kentlerdeki kar\u0131\u015f\u0131kl\u0131klar.<\/span><\/i><\/b><\/p>\n<p style=\"margin-bottom: 0.0001pt; text-align: justify; text-indent: 1cm; line-height: 16pt;\"><b><i><span style=\"font-size: 12pt; font-family: 'Arial','sans-serif';\">&#8211; T\u00fcrkiye\u2019nin g\u00fcney cephesinin a\u015f\u0131r\u0131 \u0131s\u0131nmas\u0131.<\/span><\/i><\/b><\/p>\n<p style=\"margin-bottom: 0.0001pt; text-align: justify; text-indent: 1cm; line-height: 16pt;\"><b><i><span style=\"font-size: 12pt; font-family: 'Arial','sans-serif';\">&#8211; Ekonomide ya\u015fanacak ani daralmalar.<\/span><\/i><\/b><\/p>\n<p style=\"margin-bottom: 0.0001pt; text-align: justify; text-indent: 1cm; line-height: 16pt;\"><b><i><span style=\"font-size: 12pt; font-family: 'Arial','sans-serif';\">Bu etkenlerin belirledi\u011fi zemin, hem devrim zemini, hem de Amerikanc\u0131 darbe zeminidir.<\/span><\/i><\/b><\/p>\n<p style=\"margin-bottom: 0.0001pt; text-align: justify; text-indent: 1cm; line-height: 16pt;\"><b><i><span style=\"font-size: 12pt; font-family: 'Arial','sans-serif';\">Halk\u0131n otorite ve bar\u0131\u015f iste\u011fini ya darbeciler kullanacakt\u0131r. Ya da halk\u0131n bu iste\u011fi, devrimin enerjisine d\u00f6n\u00fc\u015fecektir. ABD\u2019nin son \u00e7aresi ile TSK\u2019nin komuta kademesindeki Atlantik\u00e7i e\u011filimler bulu\u015fursa, darbe tehdidi g\u00fcncel olarak \u00f6n\u00fcm\u00fcze \u00e7\u0131kar. ABD, kendi son \u00e7aresini, Atlantik g\u00fcd\u00fcm\u00fcnde \u00e7aresiz kalan komutanlara dayatabilir. T\u00fcrk Silahl\u0131 Kuvvetleri\u2019nin ve \u00f6zellikle komuta kademesinin k\u0131r\u0131lan itibar\u0131 ve ruh halindeki eziklik, olumsuz bir etkendir. \u0130tibar\u0131 sahte milli \u015fahlan\u0131\u015flarla kurtarma hevesleri, ABD\u2019nin k\u0131\u015fk\u0131rtmalar\u0131yla uyum i\u00e7ine girdi mi, darbe tehlikesi g\u00fcncelle\u015fir.<a href=\"#_ftn1\" name=\"_ftnref1\" title=\"title\"><span><span><span><b><span style=\"font-size: 12pt; line-height: 115%; font-family: 'Arial','sans-serif';\">[1]<\/span><\/b><\/span><\/span><\/span><\/a><\/span><\/i><\/b><\/p>\n<p style=\"margin-bottom: 0.0001pt; text-align: justify; text-indent: 1cm; line-height: 16pt;\"><b><span style=\"font-size: 12pt; font-family: 'Arial','sans-serif';\">Donanma Kurmay Ba\u015fkan\u0131n\u0131n istifa mesaj\u0131!<\/span><\/b><\/p>\n<p style=\"margin-bottom: 0.0001pt; text-align: justify; text-indent: 1cm; line-height: 16pt;\"><span style=\"font-size: 12pt; font-family: 'Arial','sans-serif';\">Deniz Harp Okulu Komutan\u0131 g\u00f6revindeyken son Y\u00fcksek Askeri \u015eura (YA\u015e) kararlar\u0131yla Donanma Kurmay Ba\u015fkanl\u0131\u011f\u0131\u2019na getirilen ve r\u00fctbesi Tu\u011famirallikten, T\u00fcmamiralli\u011fe y\u00fckseltilen Kemalettin G\u00fcr\u2019\u00fcn istifa etti\u011fi ortaya \u00e7\u0131km\u0131\u015ft\u0131. Balyoz davas\u0131 ve Askeri casusluk soru\u015fturmas\u0131n\u0131n Deniz Kuvvetleri Komutanl\u0131\u011f\u0131\u2019nda b\u00fcy\u00fck moral bozuklu\u011funa sebep oldu\u011fu konu\u015fulmaktayd\u0131. Baz\u0131 amiraller, Kurmay Ba\u015fkan\u0131 G\u00fcr\u2019\u00fcn istifas\u0131yla ilgili, <b><i>\u201cDonanma Kurmay ba\u015fkanl\u0131\u011f\u0131 gibi \u00e7ok \u00f6nemli bir g\u00f6reve gelmi\u015fken istifa etti. Deniz Kuvvetleri\u2019mizde soru\u015fturmaya u\u011framayan amiral kalmad\u0131. B\u00fcy\u00fck moral bozuklu\u011fu var\u201d<\/i><\/b> a\u00e7\u0131klamas\u0131n\u0131 yapm\u0131\u015ft\u0131.<\/span><\/p>\n<p style=\"margin-bottom: 0.0001pt; text-align: justify; text-indent: 1cm;\"><strong><span style=\"font-size: 18pt; font-family: 'Arial','sans-serif';\"><span style=\"font-size: 16pt; line-height: 115%; font-family: 'Arial','sans-serif';\">Devlet Bah\u00e7eli\u2019nin hat\u0131rlatt\u0131klar\u0131! Devlet Bah\u00e7eli\u2019nin feryad\u0131!<\/span><\/span><\/strong><\/p>\n<p style=\"margin-bottom: 0.0001pt; text-align: justify; text-indent: 1cm; line-height: 16pt;\"><b><span style=\"font-size: 12pt; font-family: 'Arial','sans-serif';\">MHP Genel Ba\u015fkan\u0131 Devlet Bah\u00e7eli, Balyoz Davas\u0131\u2019nda 18 y\u0131l hapse \u00e7arpt\u0131r\u0131lan MHP Milletvekili, emekli Korgeneral Engin Alan\u2019\u0131 Silivri Cezaevi\u2019nde ziyaretin ard\u0131ndan bir a\u00e7\u0131klama yaparak <i>\u201cUmar\u0131m Yarg\u0131tay daha adaletli de\u011ferlendirir. Aksi takdirde Yarg\u0131tay karar\u0131 T\u00fcrkiye\u2019yi b\u00f6l\u00fcnmeye g\u00f6t\u00fcrecek\u201d<\/i> diye uyarm\u0131\u015ft\u0131:<\/span><\/b><\/p>\n<p style=\"margin-bottom: 0.0001pt; text-align: justify; text-indent: 1cm; line-height: 16pt;\"><b><span style=\"font-size: 12pt; font-family: 'Arial','sans-serif';\">Bah\u00e7eli\u2019nin, <i>\u201cYarg\u0131tay konu \u00fczerinde acilen \u00e7al\u0131\u015fma yap\u0131p milletin vicdan\u0131n\u0131 rahatlatacak karar almal\u0131. Kahraman b\u00fct\u00fcn komutanlar gibi Engin Alan beyefendi y\u00fcksek moral ve sab\u0131rla T\u00fcrkiye\u2019nin adaletinin bir g\u00fcn ger\u00e7ekle\u015fece\u011fi inanc\u0131yla bizi kar\u015f\u0131lad\u0131. MHP olarak Engin Alan pa\u015fay\u0131 \u00f6nce Allah\u2019a sonra y\u00fcce T\u00fcrk Milletine emanet ediyorum. Medya patronlar\u0131, s\u00f6zde program yap\u0131yoruz diyenler, Milli birlik ve b\u00fct\u00fcnl\u00fc\u011f\u00fcm\u00fcz\u00fcn k\u00f6k\u00fcne dinamit koyanlar bu tav\u0131rlar\u0131ndan vazge\u00e7sinler. Say\u0131n Ba\u015fbakan ve Adalet Bakan\u0131\u2019n\u0131n tedbir almas\u0131n\u0131n iyi olaca\u011f\u0131n\u0131 d\u00fc\u015f\u00fcn\u00fcyoruz. T\u00fcrkiye tahamm\u00fcls\u00fczl\u00fc\u011fe gitmektedir.\u201d s<\/i>\u00f6zleri dikkatlerden ka\u00e7mam\u0131\u015ft\u0131r.<\/span><\/b><\/p>\n<p style=\"margin-bottom: 0.0001pt; text-align: justify; text-indent: 1cm;\"><strong><span style=\"font-size: 18pt; font-family: 'Arial','sans-serif';\"><span style=\"font-size: 16pt; line-height: 115%; font-family: 'Arial','sans-serif';\">Apo\u2019yu yarg\u0131layan Em. Albay Hasan Atilla U\u011fur\u2019un \u00e7\u0131k\u0131\u015flar\u0131!<\/span><\/span><\/strong><\/p>\n<p style=\"margin-bottom: 0.0001pt; text-align: justify; text-indent: 1cm; line-height: 16pt;\"><b><i><span style=\"font-size: 12pt; font-family: 'Arial','sans-serif';\">\u201cAKP\u2019den kurtulu\u015f i\u00e7in yeni bir hareket \u015fart!?\u201d<\/span><\/i><\/b><\/p>\n<p style=\"margin-bottom: 0.0001pt; text-align: justify; text-indent: 1cm; line-height: 16pt;\"><i><span style=\"font-size: 12pt; font-family: 'Arial','sans-serif';\">Durum tespit edilmi\u015ftir. Ve nettir. T\u00fcrkiye Cumhuriyeti devleti bu iktidarla devam edildi\u011fi takdirde par\u00e7alanma tehlikesinin g\u00f6be\u011fine oturacakt\u0131r. T\u00fcrk milletinin ilk ad\u0131m\u0131 AKP iktidar\u0131ndan derhal kurtulmak olmaz ise durumun vehameti iyice artacakt\u0131r. Talimatlarla idare olunan medya art\u0131k \u015fehit haberlerini bile 10\u2019uncu s\u0131rada vermeye ba\u015flam\u0131\u015ft\u0131r.<\/span><\/i><\/p>\n<p style=\"margin-bottom: 0.0001pt; text-align: justify; text-indent: 1cm; line-height: 16pt;\"><b><i><span style=\"font-size: 12pt; font-family: 'Arial','sans-serif';\">\u00c7areyi mevcutlarda aramak yanl\u0131\u015ft\u0131r!<\/span><\/i><\/b><\/p>\n<p style=\"margin-bottom: 0.0001pt; text-align: justify; text-indent: 1cm; line-height: 16pt;\"><i><span style=\"font-size: 12pt; font-family: 'Arial','sans-serif';\">T\u00fcrk Milleti i\u00e7in, \u00e7areyi hala \u201cmevcutlarda\u201d aramak ve onlardan medet ummak en b\u00fcy\u00fck yan\u0131lg\u0131 olacakt\u0131r. Yakla\u015f\u0131k 10 y\u0131ld\u0131r d\u00f6n\u00fc\u015ft\u00fcr\u00fclen ve ele ge\u00e7irilen sadece devlet kurumlar\u0131 olmam\u0131\u015ft\u0131r. Muhalefet partileri de giderek d\u00f6n\u00fc\u015fm\u00fc\u015f, AKP ve Fetullahi olu\u015fumun de\u011firmenine su ta\u015f\u0131yan konuma ta\u015f\u0131nm\u0131\u015ft\u0131r. Ge\u00e7enlerde yap\u0131lan bir ankette insanlar\u0131m\u0131z\u0131n %60\u2019\u0131n\u0131n \u201cyeni bir parti, yeni bir hareket \u015fart\u201d dedikleri ortaya \u00e7\u0131kt\u0131\u2026 Ee ne bekliyoruz o zaman\u2026 Milli devlet, milli h\u00fck\u00fcmet i\u00e7in yasalar\u0131n verdi\u011fi t\u00fcm imkanlardan faydalanal\u0131m.. Unutmayal\u0131m ki kurtulu\u015f re\u00e7etesinin ilk \u015fart\u0131 AKP iktidar\u0131ndan kurtulmakt\u0131r.<\/span><\/i><\/p>\n<p style=\"margin-bottom: 0.0001pt; text-align: justify; text-indent: 1cm; line-height: 16pt;\"><b><i><span style=\"font-size: 12pt; font-family: 'Arial','sans-serif';\">\u201cAksi r\u00fczgar darmada\u011f\u0131n eder\u201d<\/span><\/i><\/b><\/p>\n<p style=\"margin-bottom: 0.0001pt; text-align: justify; text-indent: 1cm; line-height: 16pt;\"><i><span style=\"font-size: 12pt; font-family: 'Arial','sans-serif';\">T\u00fcrk Milletinin kar\u015f\u0131s\u0131ndaki tehlikeli odaklar ne kadar g\u00fc\u00e7l\u00fc g\u00f6r\u00fcn\u00fcrlerse g\u00f6r\u00fcns\u00fcnler, ufak bir aksi r\u00fczgarda darmada\u011f\u0131n olacaklard\u0131r. Kar\u0131nlar\u0131n\u0131n en yumu\u015fak taraf\u0131 budur. Olas\u0131 bir f\u0131rt\u0131nada \u00f6nce birbirlerini satacaklard\u0131.<\/span><\/i><\/p>\n<p style=\"margin-bottom: 0.0001pt; text-align: justify; text-indent: 1cm; line-height: 16pt;\"><span style=\"font-size: 14pt;\"><b><span style=\"font-family: 'Arial','sans-serif';\">Ali Bayram\u2019\u0131n uyar\u0131s\u0131: Balyoz; Bir devrin ve neslin sonu.. Yeni bir d\u00f6nemin ba\u015flang\u0131c\u0131!?<\/span><\/b><\/span><\/p>\n<p style=\"margin-bottom: 0.0001pt; text-align: justify; text-indent: 1cm; line-height: 16pt;\"><i><span style=\"font-size: 12pt; font-family: 'Arial','sans-serif';\">T\u00fcrkiye\u2019de 2002\u2019yle ba\u015flayan de\u011fi\u015fim s\u00fcrecinin herhangi bir \u201csiyasi kopu\u015f\u201d olmadan, yeni bir \u201ckurucu iktidar\u201d olu\u015fmadan \u201cs\u00fcreklilik i\u00e7inde \u00e7al\u0131\u015fma hali\u201d \u00fczerinden meydana gelmesi, de\u011fi\u015fimin hedefi olan pek \u00e7ok kurumu ayn\u0131 zamanda bu de\u011fi\u015fimin ta\u015f\u0131y\u0131c\u0131s\u0131 k\u0131ld\u0131(\u2026) Bug\u00fcn bu \u201cde\u011fi\u015fim \u015fekli\u201dne oranla yeni bir sayfa a\u00e7\u0131l\u0131yor\u2026 (\u2026) Bu safha \u00f6nemlidir.(\u2026) Israrla s\u00f6yl\u00fcyoruz \u201cfinaller\u201d ayn\u0131 zamanda yeni \u201cba\u015flang\u0131\u00e7lar\u201d demektir.(\u2026)<\/span><\/i><\/p>\n<p style=\"margin-bottom: 0.0001pt; text-align: justify; text-indent: 1cm; line-height: 16pt;\"><span style=\"font-size: 14pt;\"><b><span style=\"font-family: 'Arial','sans-serif';\">Genelkurmay: \u201cAdil yarg\u0131lanacaklar\u0131na inan\u0131yoruz\u201d diyerek ku\u015fkular\u0131n\u0131 m\u0131 bast\u0131rmaktayd\u0131?<\/span><\/b><\/span><span style=\"font-size: 16pt; font-family: 'Arial','sans-serif';\"><\/span><\/p>\n<p style=\"margin-bottom: 0.0001pt; text-align: justify; text-indent: 1cm; line-height: 16pt;\"><span style=\"font-size: 12pt; font-family: 'Arial','sans-serif';\">\u00a0<i>Genelkurmay Ba\u015fkanl\u0131\u011f\u0131, Balyoz davas\u0131nda verilen kararlarla ilgili olarak bir duyuru yay\u0131nlam\u0131\u015ft\u0131. Son g\u00fcnlerde Genelkurmaya y\u00f6nelik tepkilerin artmas\u0131 \u00fczerine yap\u0131ld\u0131\u011f\u0131 d\u00fc\u015f\u00fcn\u00fclen a\u00e7\u0131klamadaki:<\/i><\/span><\/p>\n<p style=\"margin-bottom: 0.0001pt; text-align: justify; text-indent: 1cm; line-height: 16pt;\"><i><span style=\"font-size: 12pt; font-family: 'Arial','sans-serif';\"> \u201cKamuoyunda \u2018Balyoz Davas\u0131\u2019 olarak isimlendirilen davada \u0130stanbul 10\u2019uncu A\u011f\u0131r Ceza Mahkemesince 324 muvazzaf ve emekli TSK personeli hakk\u0131nda mahk\u00fbmiyet karar\u0131 verilmi\u015ftir. T\u00fcrkiye Cumhuriyeti\u2019nin bekas\u0131, Hukuk Devleti olman\u0131n erdemlili\u011fi ve Y\u00fcce Milletimize kar\u015f\u0131 olan sorumlulu\u011fumuz dikkate al\u0131narak, TSK mensuplar\u0131 hakk\u0131nda ba\u015flat\u0131lan soru\u015fturma ve kovu\u015fturmalar yak\u0131ndan takip edilmekle birlikte sab\u0131r, metanet, so\u011fukkanl\u0131l\u0131k ve akl\u0131selimle hareket edilerek yanl\u0131\u015f anla\u015f\u0131lmalardan daima ka\u00e7\u0131n\u0131lm\u0131\u015ft\u0131r.<\/span><\/i><\/p>\n<p style=\"margin-bottom: 0.0001pt; text-align: justify; text-indent: 1cm; line-height: 16pt;\"><i><span style=\"font-size: 12pt; font-family: 'Arial','sans-serif';\">Y\u0131llarca birlikte g\u00f6rev yapt\u0131\u011f\u0131m\u0131z silah arkada\u015flar\u0131m\u0131z\u0131n ve de\u011ferli ailelerinin ya\u015fad\u0131klar\u0131 \u00fcz\u00fcnt\u00fcy\u00fc derinden hissetmekte ve payla\u015fmaktay\u0131z. TSK olarak, bug\u00fcne kadar oldu\u011fu gibi bundan sonra da, hukukun \u00fcst\u00fcnl\u00fc\u011f\u00fcne sayg\u0131n\u0131n gere\u011fi olarak, adil yarg\u0131lanma ilkesi \u00e7er\u00e7evesinde, s\u00f6z konusu yarg\u0131laman\u0131n hakkaniyete uygun, kesin bir h\u00fck\u00fcmle neticelenece\u011fine inanmaktay\u0131z.\u201d <\/span><\/i><b><span style=\"font-size: 12pt; font-family: 'Arial','sans-serif';\">ifadeleri acaba yine ma\u011fdur TSK mensuplar\u0131n\u0131 avutmaya y\u00f6nelik bir oyalamaca m\u0131yd\u0131?<\/span><\/b><\/p>\n<p style=\"margin-bottom: 0.0001pt; text-align: justify; text-indent: 1cm; line-height: 16pt;\"><span style=\"font-size: 14pt;\"><b><span style=\"font-family: 'Arial','sans-serif';\">Komuta Kademesi Balyoz Tutuklular\u0131n\u0131 Kand\u0131rm\u0131\u015f m\u0131yd\u0131?<\/span><\/b><\/span><\/p>\n<p style=\"margin-bottom: 0.0001pt; text-align: justify; text-indent: 1cm; line-height: 16pt;\"><b><span style=\"font-size: 12pt; font-family: 'Arial','sans-serif';\">Komuta kademesinin, A\u011fustos ay\u0131 ba\u015f\u0131ndaki YA\u015e toplant\u0131s\u0131 sonras\u0131nda emekli olan komutanlar\u0131n ailelerine \u201cRamazan Bayram\u0131\u2019nda e\u015fleriniz yan\u0131n\u0131zda olacak\u201d s\u00f6z\u00fc verdi\u011fi ortaya \u00e7\u0131km\u0131\u015ft\u0131!<\/span><\/b><\/p>\n<p style=\"margin-bottom: 0.0001pt; text-align: justify; text-indent: 1cm; line-height: 16pt;\"><span style=\"font-size: 12pt; font-family: 'Arial','sans-serif';\">A\u011fustos ay\u0131 ba\u015f\u0131ndaki Y\u00fcksek Askeri \u015eura toplant\u0131s\u0131 sonras\u0131nda emekli olan komutanlar\u0131n ailelerine \u201cRamazan Bayram\u0131\u2019nda e\u015fleriniz yan\u0131n\u0131zda olacak\u201d denildi\u011fi ortaya \u00e7\u0131km\u0131\u015ft\u0131. Deniz Kuvvetleri Komutan\u0131 Murat Bilgel\u2019in e\u015fi Bahar Bilgel\u2019in, YA\u015e\u2019ta emekli edilen bir deniz subay\u0131n\u0131n e\u015fine Ramazan Bayram\u0131\u2019n\u0131 kastederek \u201cMerak etmeyin bayramda e\u015fleriniz yan\u0131n\u0131zda olacak\u201d dedi\u011fi anla\u015f\u0131lm\u0131\u015ft\u0131.<\/span><\/p>\n<p style=\"margin-bottom: 0.0001pt; text-align: justify; text-indent: 1cm; line-height: 16pt;\"><span style=\"font-size: 12pt; font-family: 'Arial','sans-serif';\">Bahar Bilgel, emekli edilen subay\u0131n e\u015fini \u00f6nce 5 A\u011fustos\u2019ta telefonla aray\u0131p, emeklilik karar\u0131na y\u00f6nelik tepki kar\u015f\u0131s\u0131nda &#8220;&#8230;&#8230;.ci\u011fim, hepimiz \u00e7ok \u00fczg\u00fcn\u00fcz, ama b\u00f6yle olmas\u0131 gerekiyordu. Telefonda s\u00f6yleyemeyece\u011fim \u015feyler var&#8221; diye oyalam\u0131\u015ft\u0131. Ard\u0131ndan da Bahar Bilgel, ertesi g\u00fcn deniz subay\u0131n\u0131n e\u015fini evinde ziyaret etmi\u015f ve ge\u00e7en Ramazan Bayram\u0131\u2019n\u0131 kastederek, \u201cMerak etmeyin bayramda e\u015fleriniz yan\u0131n\u0131zda olacak\u2019\u2019 diye yat\u0131\u015ft\u0131rm\u0131\u015ft\u0131. Bu olay\u0131n yay\u0131lmas\u0131 \u00fczerine, hem tutuklu subaylar, hem de aileleri aras\u0131nda, \u201cyak\u0131nda tahliyeler olacak\u201d umudu ba\u015flam\u0131\u015ft\u0131.<\/span><\/p>\n<p style=\"margin-bottom: 0.0001pt; text-align: justify; text-indent: 1cm; line-height: 16pt;\"><span style=\"font-size: 12pt; font-family: 'Arial','sans-serif';\">Ayn\u0131 komutan\u0131n karde\u015fi yapt\u0131\u011f\u0131 a\u00e7\u0131klamada Balyoz tutuklular\u0131n\u0131n bayramda tahliye olmamalar\u0131 ve 15 Eyl\u00fcl\u2019de Hasdal\u2019dan Silivri\u2019ye nakilleri olacakken, bu tarihin 6 Eyl\u00fcl\u2019e \u00e7ekilmesi \u00fczerine, 31 A\u011fustos\u2019ta telefonla Deniz Kuvvetleri Komutan\u0131 Oramiral Murat Bilgel\u2019i arad\u0131\u011f\u0131n\u0131 aktarm\u0131\u015ft\u0131.<\/span><\/p>\n<p style=\"margin-bottom: 0.0001pt; text-align: justify; text-indent: 1cm; line-height: 16pt;\"><span style=\"font-size: 12pt; font-family: 'Arial','sans-serif';\">Bu telefon konu\u015fmas\u0131ndan sonra 21 Eyl\u00fcl\u2019de tahliye olacaklar\u0131na kesin g\u00f6z\u00fcyle bakt\u0131klar\u0131n\u0131 belirten komutan\u2019\u0131n e\u015fi ve karde\u015fi, o y\u00fczden 21 Eyl\u00fcl\u2019deki karar g\u00fcn\u00fcnde mahkemeye \u00e7ok rahat ve emin bir \u015fekilde gittiklerini, fakat b\u00fcy\u00fck bir hayal k\u0131r\u0131kl\u0131\u011f\u0131 ve aldat\u0131lm\u0131\u015fl\u0131k ya\u015fad\u0131klar\u0131n\u0131 vurgulam\u0131\u015ft\u0131.<\/span><\/p>\n<p style=\"margin-bottom: 0.0001pt; text-align: justify; text-indent: 1cm; line-height: 16pt;\"><span style=\"font-size: 12pt; font-family: 'Arial','sans-serif';\">\u201c21 Eyl\u00fcl\u2019de verilen mahkeme karar\u0131ndan sonra Murat Bilgel\u2019in hem cebini hem de evini aramama ra\u011fmen telefonlar\u0131m\u0131za \u00e7\u0131kmad\u0131, anlatt\u0131klar\u0131m\u0131z\u0131 kimse yalanlamas\u0131n, yalanlama geldi\u011fi zaman \u0130leti\u015fim Daire Ba\u015fkanl\u0131\u011f\u0131\u2019ndan o g\u00fcne ait telefon kay\u0131tlar\u0131n\u0131 isteyece\u011fiz.\u201d<\/span><\/p>\n<p style=\"margin-bottom: 0.0001pt; text-align: justify; text-indent: 1cm; line-height: 16pt;\"><span style=\"font-size: 12pt; font-family: 'Arial','sans-serif';\">Balyoz h\u00fck\u00fcml\u00fcs\u00fc deniz subay\u0131n\u0131n karde\u015fi, bu telefon konu\u015fmalar\u0131n\u0131 H\u00fck\u00fcmet ile Genelkurmay aras\u0131nda bir anla\u015fma \u015feklinde yorumlam\u0131\u015ft\u0131. Bu yoruma g\u00f6re, YA\u015e \u00f6ncesinde H\u00fck\u00fcmet ile Genelkurmay aras\u0131nda \u201ckomutanlar\u0131n emekli edilmesi kar\u015f\u0131l\u0131\u011f\u0131nda Balyoz\u2019da tahliyeler olacak\u201d anla\u015fmas\u0131 yap\u0131lm\u0131\u015ft\u0131. Fakat ya H\u00fck\u00fcmet bu anla\u015fmaya uymam\u0131\u015f ya da cemaatin bask\u0131s\u0131yla bu anla\u015fmadaki s\u00f6z\u00fcn\u00fc tutmam\u0131\u015ft\u0131.<\/span><\/p>\n<p style=\"margin-bottom: 0.0001pt; text-align: justify; text-indent: 1cm; line-height: 16pt;\"><span style=\"font-size: 14pt;\"><b><i><span style=\"font-family: 'Arial','sans-serif';\">Eski Adalet Bakan\u0131 Hikmet Sami T\u00fcrk: Yarg\u0131 kullan\u0131larak ORDU y\u0131prat\u0131lmaktad\u0131r.<\/span><\/i><\/b><\/span><\/p>\n<p style=\"margin-bottom: 0.0001pt; text-align: justify; text-indent: 1cm; line-height: 16pt;\"><i><span style=\"font-size: 12pt; font-family: 'Arial','sans-serif';\">Hikmet Sami T\u00fcrk, Balyoz davas\u0131nda verilen kararlar i\u00e7in: \u201cHer \u015feyden \u00f6nce savunman\u0131n adil yarg\u0131lama ilkesinden tam olarak yararland\u0131\u011f\u0131n\u0131 sanm\u0131yorum. Ayr\u0131ca mahkemenin esas\u0131na neden olan birtak\u0131m belgelerin sonradan haz\u0131rlanm\u0131\u015f d\u00fczmece belgeler oldu\u011fu izlenimi var. Olay hakk\u0131nda bilgi verebilecek b\u00fct\u00fcn tan\u0131klar, olay tarihindeki Genelkurmay Ba\u015fkan\u0131 ve Kara Kuvvetleri Komutan\u0131 dinlenmemi\u015ftir. B\u00fct\u00fcn bunlar yarg\u0131laman\u0131n do\u011fru yap\u0131lmad\u0131\u011f\u0131n\u0131n, adil olmad\u0131\u011f\u0131n\u0131n g\u00f6stergeleridir\u201d ifadelerini kullanm\u0131\u015ft\u0131r.<\/span><\/i><\/p>\n<p style=\"margin-bottom: 0.0001pt; text-align: justify; text-indent: 1cm; line-height: 150%;\"><span style=\"font-size: 12pt;\"><b><i><span style=\"font-family: 'Arial','sans-serif';\">S\u00fcre\u00e7 Orduyu komutans\u0131z b\u0131rak\u0131r<\/span><\/i><\/b><b><i><span style=\"font-family: 'Arial','sans-serif';\"><\/span><\/i><\/b><\/span><\/p>\n<p style=\"margin-bottom: 0.0001pt; text-align: justify; text-indent: 1cm; line-height: 150%;\"><i><span style=\"font-family: 'Arial','sans-serif';\"><span style=\"font-size: 12pt;\">H. Sami T\u00fcrk, \u201cAKP iktidar\u0131 s\u00fcrecinde yarg\u0131 kullan\u0131larak T\u00fcrk ordusu y\u0131prat\u0131lm\u0131\u015ft\u0131r. \u00c7evremizde bunca olay ya\u015fan\u0131rken, s\u0131cak \u00e7at\u0131\u015fmalar varken, kom\u015fular\u0131m\u0131zda kan g\u00f6vdeyi g\u00f6t\u00fcr\u00fcrken, \u00e7at\u0131\u015fmalar\u0131n T\u00fcrkiye\u2019ye de s\u0131\u00e7rama tehlikesi bulunurken T\u00fcrk Ordusunun y\u0131prat\u0131lmas\u0131 kime yarar bilemiyorum. Bu s\u00fcre\u00e7 orduyu y\u00fcksek kademelerde komutans\u0131z b\u0131rakacak bir s\u00fcre\u00e7tir ve tehlikelidir. T\u00fcrkiye\u2019nin gelece\u011fi a\u00e7\u0131s\u0131ndan risktir\u201d.\u201cBu davadaki temel sorun, \u2018h\u00fck\u00fcmet darbesi\u2019 oldu\u011fu iddia edilen olay\u0131n bir harp oyunu senaryosu mu, yoksa ger\u00e7ek bir darbe te\u015febb\u00fcs\u00fc m\u00fc oldu\u011funun ayd\u0131nl\u0131\u011fa kavu\u015fturulmas\u0131d\u0131r. Olay tarihinde y\u00fcr\u00fcrl\u00fckte olan yasaya g\u00f6re <b>\u201cte\u015febb\u00fcsten s\u00f6z edebilmek i\u00e7in bir c\u00fcr\u00fcm\u00fcn \u00f6zel ara\u00e7larla icras\u0131na ba\u015flan\u0131p, ihtiyar\u0131nda olmayan sebeplerle c\u00fcr\u00fcm\u00fcn gerektirdi\u011fi fiillerin ger\u00e7ekle\u015fmemesi\u201d<\/b> gerekir. Yeni Ceza Kanunu <b>\u201csu\u00e7un elveri\u015fli hareketlerle icraya ba\u015flan\u0131p, elde olmayan nedenlerle tamamlanmamas\u0131 te\u015febb\u00fcs olarak nitelendirilmektedir.\u201d<\/b> \u015eimdi hangi vas\u0131talarla darbe giri\u015fimi sahneye konmu\u015ftu, bunun kan\u0131tlanmas\u0131 gerekir. Asker k\u0131\u015fladan m\u0131 \u00e7\u0131km\u0131\u015ft\u0131r? Yarat\u0131lacak olaylarla s\u0131k\u0131y\u00f6netimin ilan edilmesi ama\u00e7land\u0131\u011f\u0131 iddias\u0131 var. Oysa s\u0131k\u0131y\u00f6netim ilan\u0131 TBMM\u2019nin onay\u0131na sunulmak kayd\u0131yla Bakanlar Kurulu yetkisindedir. Demek ki burada Anayasaya uymayan bir iddia s\u00f6z konusudur\u201d s\u00f6zleriyle endi\u015felerini payla\u015fm\u0131\u015ft\u0131.<\/span><a href=\"#_ftn1\" name=\"_ftnref1\" title=\"title\"><span><span><span><b><span style=\"font-size: 11pt; line-height: 115%; font-family: 'Arial','sans-serif';\"><b><i><span style=\"font-size: 12pt; font-family: 'Arial','sans-serif';\"><i><span style=\"font-size: 11pt; line-height: 115%; font-family: 'Arial','sans-serif';\"><b><i><\/i><\/b><\/span><\/i><\/span><\/i><\/b><\/span><\/b><\/span><\/span><\/span><\/a><b><b><i><i><b><i><a href=\"#_ftn2\" name=\"_ftnref2\" title=\"title\"><span><span><span><b><span style=\"font-size: 12pt; line-height: 115%; font-family: 'Arial','sans-serif';\">[2]<\/span><\/b><\/span><\/span><\/span><\/a><\/i><\/b><\/i><\/i><\/b><\/b><\/span><\/i><\/p>\n<p style=\"margin-bottom: 0.0001pt; text-align: justify; text-indent: 1cm; line-height: 16pt;\">\u00a0<\/p>\n<p><br style=\"font-size: 12pt; font-family: 'Arial','sans-serif';\" \/><\/p>\n<div><a href=\"#_ftnref1\" name=\"_ftn1\" title=\"title\"><span><span style=\"font-size: 9pt; font-family: 'Arial','sans-serif';\"><span><span><span style=\"font-size: 9pt; line-height: 115%; font-family: 'Arial','sans-serif';\"><\/span><\/span><\/span><\/span><\/span><\/a><span style=\"font-size: 9pt; font-family: 'Arial','sans-serif';\"><\/span><\/div>\n<div><br clear=\"all\" \/><\/p>\n<hr align=\"left\" size=\"1\" width=\"33%\" \/>\n<div>\n<p><a href=\"#_ftnref1\" name=\"_ftn1\" title=\"title\"><span><span style=\"font-size: 9pt; font-family: 'Arial','sans-serif';\"><span><span><span style=\"font-size: 9pt; line-height: 115%; font-family: 'Arial','sans-serif';\">[1]<\/span><\/span><\/span><\/span><\/span><\/a><span style=\"font-size: 9pt; font-family: 'Arial','sans-serif';\"> Ayd\u0131nl\u0131k Gazete, 26-10-2012<\/span><\/p>\n<\/p><\/div>\n<div>\n<p><a href=\"#_ftnref2\" name=\"_ftn2\" title=\"title\"><span><span style=\"font-size: 9pt; font-family: 'Arial','sans-serif';\"><span><span><span style=\"font-size: 9pt; line-height: 115%; font-family: 'Arial','sans-serif';\">[2]<\/span><\/span><\/span><\/span><\/span><\/a><span style=\"font-size: 9pt; font-family: 'Arial','sans-serif';\"> Ayd\u0131nl\u0131k, sf.9, 26-09-2012<\/span><\/p>\n<\/p><\/div>\n<\/p><\/div>\n","protected":false},"excerpt":{"rendered":"<p>\u00a0D\u0131\u015fi\u015fleri Bakan\u0131 Ahmet Davuto\u011flu\u2019nun: \u201cUlusalc\u0131l\u0131kla hesapla\u015ft\u0131klar\u0131n\u0131\u201d s\u00f6ylemesi, kendi tahribatlar\u0131n\u0131 me\u015frula\u015ft\u0131rmaya ve toplumun AKP ile ilgili ku\u015fkular\u0131n\u0131 bast\u0131rmaya y\u00f6nelik bir sapt\u0131rma ve sahteciliktir. AKP\u2019nin \u0130ttihat\u00e7\u0131l\u0131k ve art\u0131klar\u0131 ile m\u00fccadele ettiklerini belirtmeleri, Ba\u015fbakan\u0131n itiraf\u0131yla \u201chalk\u0131n gaz\u0131n\u0131 alma\u201d giri\u015fimleridir. Asl\u0131nda AKP, \u0130ttihat\u00e7\u0131lar\u0131n yeni versiyonu gibidir. \u00c7\u00fcnk\u00fc her ikisi de masonik merkezlidir ve uluslararas\u0131 Yahudi Lobileri g\u00fcd\u00fcm\u00fcndedir. Her ikisi [&hellip;]<\/p>\n","protected":false},"author":8,"featured_media":0,"comment_status":"open","ping_status":"closed","sticky":false,"template":"","format":"standard","meta":{"footnotes":""},"categories":[98],"tags":[],"class_list":["post-2456","post","type-post","status-publish","format-standard","hentry","category-ozel-yazilar"],"_links":{"self":[{"href":"https:\/\/www.millicozum.com\/mc\/wp-json\/wp\/v2\/posts\/2456","targetHints":{"allow":["GET"]}}],"collection":[{"href":"https:\/\/www.millicozum.com\/mc\/wp-json\/wp\/v2\/posts"}],"about":[{"href":"https:\/\/www.millicozum.com\/mc\/wp-json\/wp\/v2\/types\/post"}],"author":[{"embeddable":true,"href":"https:\/\/www.millicozum.com\/mc\/wp-json\/wp\/v2\/users\/8"}],"replies":[{"embeddable":true,"href":"https:\/\/www.millicozum.com\/mc\/wp-json\/wp\/v2\/comments?post=2456"}],"version-history":[{"count":0,"href":"https:\/\/www.millicozum.com\/mc\/wp-json\/wp\/v2\/posts\/2456\/revisions"}],"wp:attachment":[{"href":"https:\/\/www.millicozum.com\/mc\/wp-json\/wp\/v2\/media?parent=2456"}],"wp:term":[{"taxonomy":"category","embeddable":true,"href":"https:\/\/www.millicozum.com\/mc\/wp-json\/wp\/v2\/categories?post=2456"},{"taxonomy":"post_tag","embeddable":true,"href":"https:\/\/www.millicozum.com\/mc\/wp-json\/wp\/v2\/tags?post=2456"}],"curies":[{"name":"wp","href":"https:\/\/api.w.org\/{rel}","templated":true}]}}