{"id":2502,"date":"2013-01-02T16:26:30","date_gmt":"2013-01-02T16:26:30","guid":{"rendered":"https:\/\/www.millicozum.com\/mc\/2013\/01\/02\/abd-istihbarat-raporuna-gore-turkiyenin-bolunmesi-ve-bolge-haritasinin-degismesi\/"},"modified":"2013-01-02T16:26:30","modified_gmt":"2013-01-02T16:26:30","slug":"abd-istihbarat-raporuna-gore-turkiyenin-bolunmesi-ve-bolge-haritasinin-degismesi","status":"publish","type":"post","link":"https:\/\/www.millicozum.com\/mc\/ozel-yazilar\/abd-istihbarat-raporuna-gore-turkiyenin-bolunmesi-ve-bolge-haritasinin-degismesi\/","title":{"rendered":"ABD \u0130stihbarat Raporuna G\u00f6re: T\u00dcRK\u0130YE\u2019N\u0130N B\u00d6L\u00dcNMES\u0130 VE B\u00d6LGE HAR\u0130TASININ DE\u011e\u0130\u015eMES\u0130"},"content":{"rendered":"\n<p style=\"margin-bottom: 0.0001pt; text-indent: 27pt; text-align: justify;\">\u00a0<b><span style=\"font-size: 12pt; line-height: 115%; font-family: 'Arial','sans-serif';\">ABD&#8217;deki istihbarat kurulu\u015flar\u0131n\u0131 b\u00fcnyesinde toplayan Ulusal \u0130stihbarat Direkt\u00f6rl\u00fc\u011f\u00fc&#8217;ne ba\u011fl\u0131, Ulusal \u0130stihbarat Konseyi taraf\u0131ndan haz\u0131rlanan &#8221;K\u00fcresel E\u011filimler 2030: Alternatif D\u00fcnyalar&#8221; raporunda, 2030 y\u0131l\u0131n\u0131 bekleyen en iyi senaryo olarak: ABD, Avrupa ve \u00c7in&#8217;in i\u015fbirli\u011finde ve tabi Siyonizm\u2019in g\u00fcd\u00fcm\u00fcnde bir d\u00fcnya, en k\u00f6t\u00fc senaryo ise, devletler aras\u0131nda geni\u015f \u00e7apl\u0131 ihtilaflar\u0131n olu\u015fmas\u0131, \u00f6zellikle T\u00fcrkiye-\u0130ran \u00e7at\u0131\u015fmas\u0131 ve G\u00fcneydo\u011fu Anadolu\u2019yu da i\u00e7ine alacak bir K\u00fcrdistan\u2019\u0131n kurulmas\u0131 \u00f6ng\u00f6r\u00fcl\u00fcyordu.<\/span><\/b><\/p>\n<p style=\"margin-bottom: 0.0001pt; text-indent: 27pt; text-align: justify;\"><span style=\"font-size: 12pt; line-height: 115%; font-family: 'Arial','sans-serif';\">ABD&#8217;de 5 y\u0131lda bir yay\u0131mlanan raporda, 2030 y\u0131l\u0131na kadar d\u00fcnyada tek bir &#8221;hegamonik g\u00fc\u00e7&#8221; yap\u0131s\u0131n\u0131n kalamayaca\u011f\u0131 kaydediliyor ve d\u00fcnya kamuoyundaki Amerikan g\u0131c\u0131kl\u0131\u011f\u0131 t\u00f6rp\u00fclenip halklar\u0131n havas\u0131 al\u0131n\u0131yordu. Raporda, 2030 y\u0131l\u0131na kadar ki d\u00fcnyay\u0131 \u015fekillendirecek 4 &#8221;b\u00fcy\u00fck e\u011filim&#8221; olarak, &#8221;bireysel g\u00fc\u00e7lenme&#8221;, &#8221;g\u00fc\u00e7lerin yay\u0131lmas\u0131&#8221;, &#8221;demografik d\u00fczen&#8221; ve &#8221;artan yiyecek, su ve enerji ba\u011f\u0131&#8221; \u00f6ne \u00e7\u0131kar\u0131l\u0131yordu. Bireylerin g\u00fc\u00e7lenip \u00f6ne \u00e7\u0131kmas\u0131n\u0131n ve tek kutuplu d\u00fcnya sisteminin sonlan\u0131p g\u00fcc\u00fcn devletler aras\u0131nda yay\u0131lmas\u0131n\u0131n, 1750&#8217;den bu yana gelen Bat\u0131&#8217;n\u0131n y\u00fckseli\u015fini tersine \u00e7evirip, k\u00fcresel ekonomide Asya&#8217;n\u0131n a\u011f\u0131rl\u0131\u011f\u0131n\u0131 tekrar d\u00fczenleyerek; uluslararas\u0131 ve ulusal d\u00fczeylerde yeni demokratikle\u015fme \u00e7a\u011f\u0131na \u00f6nc\u00fcl\u00fck ederek, d\u00fcnyada \u00e7arp\u0131c\u0131 etkiler yapaca\u011f\u0131 \u00f6ng\u00f6r\u00fcs\u00fcnde bulunuyordu. B\u00fct\u00fcn bu yald\u0131zl\u0131 laflar, Siyonist Yahudi hegemonyas\u0131n\u0131 gizleme ve k\u00fcresel s\u00f6m\u00fcr\u00fc saltanat\u0131n\u0131 s\u00fcrd\u00fcrme palavralar\u0131 oluyordu.<\/span><\/p>\n<p style=\"margin-bottom: 0.0001pt; text-indent: 27pt; text-align: justify;\"><b><span style=\"font-size: 14pt; line-height: 115%; font-family: 'Arial','sans-serif';\">Rapora g\u00f6re, 2030&#8217;a kadar uzanan d\u00f6nemde d\u00fcnyan\u0131n nas\u0131l d\u00f6n\u00fc\u015fece\u011fini b\u00fcy\u00fck oranda belirleyecek &#8221;oyun de\u011fi\u015ftirici&#8221; \u00f6\u011feler olarak \u015funlar say\u0131l\u0131yordu:<\/span><\/b><\/p>\n<p style=\"margin-bottom: 0.0001pt; text-indent: 27pt; text-align: justify;\"><span style=\"font-size: 12pt; line-height: 115%; font-family: 'Arial','sans-serif';\"><span style=\"font-family: arial black,avant garde;\"><strong><span style=\"font-size: 18pt;\">.<\/span><\/strong><\/span> &#8216;Krize meyilli bir k\u00fcresel ekonomi,<\/span><\/p>\n<p style=\"margin-bottom: 0.0001pt; text-indent: 27pt; text-align: justify;\"><span style=\"font-size: 12pt; line-height: 115%; font-family: 'Arial','sans-serif';\"><span style=\"font-size: 12pt; line-height: 115%; font-family: arial black,avant garde;\"><strong><span style=\"font-size: 18pt;\">.<\/span><\/strong><\/span> Y\u00f6netim bo\u015flu\u011fu ve artan \u00e7at\u0131\u015fma ihtimali,<\/span><\/p>\n<p style=\"margin-bottom: 0.0001pt; text-indent: 27pt; text-align: justify;\"><span style=\"font-size: 12pt; line-height: 115%; font-family: 'Arial','sans-serif';\"><span style=\"font-size: 12pt; line-height: 115%; font-family: 'Arial','sans-serif';\"><span style=\"font-size: 12pt; line-height: 115%; font-family: arial black,avant garde;\"><strong><span style=\"font-size: 18pt;\">.<\/span><\/strong><\/span><\/span> B\u00f6lgesel istikrars\u0131zl\u0131\u011f\u0131n kapsam\u0131n\u0131n geni\u015flemesi,<\/span><\/p>\n<p style=\"margin-bottom: 0.0001pt; text-indent: 27pt; text-align: justify;\"><span style=\"font-size: 12pt; line-height: 115%; font-family: 'Arial','sans-serif';\"><span style=\"font-size: 12pt; line-height: 115%; font-family: 'Arial','sans-serif';\"><span style=\"font-size: 12pt; line-height: 115%; font-family: arial black,avant garde;\"><strong><span style=\"font-size: 18pt;\">.<\/span><\/strong><\/span><\/span> Yeni teknolojilerin etkisi,<\/span><\/p>\n<p style=\"margin-bottom: 0.0001pt; text-indent: 27pt; text-align: justify;\"><span style=\"font-size: 12pt; line-height: 115%; font-family: 'Arial','sans-serif';\"><span style=\"font-size: 12pt; line-height: 115%; font-family: 'Arial','sans-serif';\"><span style=\"font-size: 12pt; line-height: 115%; font-family: arial black,avant garde;\"><strong><span style=\"font-size: 18pt;\">.<\/span><\/strong><\/span><\/span> ABD&#8217;nin rol\u00fc ve m\u00fcdahalesi,.<\/span><\/p>\n<p style=\"margin-bottom: 0.0001pt; text-indent: 27pt; text-align: justify;\"><span style=\"font-size: 12pt; line-height: 115%; font-family: 'Arial','sans-serif';\">Bunlar sonucunda da olas\u0131 &#8221;alternatif d\u00fcnya&#8221;lar \u015fu ba\u015fl\u0131klar alt\u0131nda s\u0131ralan\u0131yordu:<\/span><\/p>\n<p style=\"margin-bottom: 0.0001pt; text-indent: 27pt; text-align: justify;\"><span style=\"font-size: 12pt; line-height: 115%; font-family: 'Arial','sans-serif';\"><span style=\"font-size: 12pt; line-height: 115%; font-family: 'Arial','sans-serif';\"><span style=\"font-size: 12pt; line-height: 115%; font-family: arial black,avant garde;\"><strong><span style=\"font-size: 18pt;\">.<\/span><\/strong><\/span><\/span> Motorlar\u0131n aksamas\u0131,<\/span><\/p>\n<p style=\"margin-bottom: 0.0001pt; text-indent: 27pt; text-align: justify;\"><span style=\"font-size: 12pt; line-height: 115%; font-family: 'Arial','sans-serif';\"><span style=\"font-size: 12pt; line-height: 115%; font-family: 'Arial','sans-serif';\"><span style=\"font-size: 12pt; line-height: 115%; font-family: arial black,avant garde;\"><strong><span style=\"font-size: 18pt;\">.<\/span><\/strong><\/span><\/span> F\u00fczyon,<\/span><\/p>\n<p style=\"margin-bottom: 0.0001pt; text-indent: 27pt; text-align: justify;\"><span style=\"font-size: 12pt; line-height: 115%; font-family: 'Arial','sans-serif';\"><span style=\"font-size: 12pt; line-height: 115%; font-family: 'Arial','sans-serif';\"><span style=\"font-size: 12pt; line-height: 115%; font-family: arial black,avant garde;\"><strong><span style=\"font-size: 18pt;\">.<\/span><\/strong><\/span><\/span> \u015ei\u015feden cin \u00e7\u0131kmas\u0131,<\/span><\/p>\n<p style=\"margin-bottom: 0.0001pt; text-indent: 27pt; text-align: justify;\"><span style=\"font-size: 12pt; line-height: 115%; font-family: 'Arial','sans-serif';\"><span style=\"font-size: 12pt; line-height: 115%; font-family: 'Arial','sans-serif';\"><span style=\"font-size: 12pt; line-height: 115%; font-family: arial black,avant garde;\"><strong><span style=\"font-size: 18pt;\">.<\/span><\/strong><\/span><\/span> Devletten ba\u011f\u0131ms\u0131z bir d\u00fcnya.<\/span><\/p>\n<p style=\"margin-bottom: 0.0001pt; text-indent: 27pt; text-align: justify;\"><b><span style=\"font-size: 12pt; line-height: 115%; font-family: 'Arial','sans-serif';\">2030 \u00f6ng\u00f6r\u00fcs\u00fcnde, &#8221;b\u00fcy\u00fck e\u011filimler&#8221; \u201c\u015eeytani merkezlerin beyin e\u011fitimi\u201d anlam\u0131n\u0131 ta\u015f\u0131yordu!<\/span><\/b><\/p>\n<p style=\"margin-bottom: 0.0001pt; text-indent: 27pt; text-align: justify;\"><span style=\"font-size: 12pt; line-height: 115%; font-family: 'Arial','sans-serif';\">Ayr\u0131nt\u0131lara bak\u0131ld\u0131\u011f\u0131nda, birinci b\u00fcy\u00fck e\u011filim olan <b>&#8221;bireysel g\u00fc\u00e7lenme&#8221;<\/b>, \u00f6n\u00fcm\u00fczdeki 15-20 y\u0131lda k\u00fcresel orta s\u0131n\u0131f\u0131n g\u00fc\u00e7 kazanmas\u0131n\u0131, fakirli\u011fin azalmas\u0131n\u0131 ve daha iyi sa\u011fl\u0131k ve e\u011fitim ko\u015fullar\u0131n\u0131 ifade ediyordu. En \u00f6nemli &#8221;b\u00fcy\u00fck e\u011filim&#8221; olarak g\u00f6r\u00fclen bu e\u011filimin di\u011fer t\u00fcm e\u011filimleri etkileyebilece\u011fi belirtiliyordu.<\/span><\/p>\n<p style=\"margin-bottom: 0.0001pt; text-indent: 27pt; text-align: justify;\"><span style=\"font-size: 12pt; line-height: 115%; font-family: 'Arial','sans-serif';\">\u0130kinci b\u00fcy\u00fck e\u011filim olarak <b>&#8221;G\u00fcc\u00fcn Yay\u0131lmas\u0131&#8221;<\/b>nda da d\u00fcnyada art\u0131k hegamonik tek bir g\u00fc\u00e7 olmay\u0131p, g\u00fcc\u00fcn, \u00e7ok kutuplu d\u00fcnyada koalisyon ve a\u011flar aras\u0131 yer de\u011fi\u015ftirebilece\u011fi s\u00f6yleniyordu.<\/span><\/p>\n<p style=\"margin-bottom: 0.0001pt; text-indent: 27pt; text-align: justify;\"><b><span style=\"font-size: 14pt; line-height: 115%; font-family: 'Arial','sans-serif';\">Bu e\u011filimde, \u00c7in&#8217;in 2030 y\u0131l\u0131nda ABD&#8217;yi de geride b\u0131rakarak d\u00fcnyan\u0131n en b\u00fcy\u00fck ekonomisi olabilece\u011fi ifade edilirken, bu ortamda d\u00fcnya ekonomisinin rahatlamas\u0131n\u0131n, geleneksel olarak Bat\u0131dan \u00e7ok, geli\u015fmekte olan d\u00fcnyan\u0131n ekonomisinin istikrar\u0131na ba\u011fl\u0131 olaca\u011f\u0131 \u00f6ng\u00f6r\u00fcs\u00fc yer al\u0131yordu. Bu e\u011filimde, \u00c7in, Hindistan ve Brezilya&#8217;n\u0131n yan\u0131 s\u0131ra, T\u00fcrkiye, Nijerya, Endonezya, Kolombiya ve G\u00fcney Afrika gibi b\u00f6lgesel akt\u00f6rlerin de k\u00fcresel ekonomi i\u00e7in \u00f6nemli akt\u00f6rler haline gelmesi bekleniyor, Avrupa, Japonya ve Rusya&#8217;n\u0131n ise k\u00fcresel g\u00fc\u00e7 ba\u011flam\u0131nda 2030 y\u0131l\u0131na kadar gerilemeye ba\u015flayaca\u011f\u0131 tahmin ediliyordu.<\/span><\/b><\/p>\n<p style=\"margin-bottom: 0.0001pt; text-indent: 27pt; text-align: justify;\"><span style=\"font-size: 12pt; line-height: 115%; font-family: 'Arial','sans-serif';\">Raporda, &#8221;kara ku\u011fular&#8221; olarak adland\u0131r\u0131lan, tarihin ak\u0131\u015f\u0131n\u0131 de\u011fi\u015ftirebilecek olas\u0131 s\u0131ra d\u0131\u015f\u0131 olaylar\u0131n yaratabilece\u011fi y\u0131k\u0131c\u0131 etkilerden de bahsedilirken, bunlar aras\u0131nda, birka\u00e7 ayda milyonlar\u0131n \u00f6l\u00fcm\u00fcne neden olabilecek \u015fiddetli bir salg\u0131n ve iklim de\u011fi\u015fikli\u011finin h\u0131z\u0131nda d\u00fcnya n\u00fcfusunu beslemeyi zorla\u015ft\u0131racak derecede bir art\u0131\u015f g\u00f6r\u00fclmesi senaryolar\u0131 dikkat \u00e7ekiyordu. <\/span><\/p>\n<p style=\"margin-bottom: 0.0001pt; text-indent: 27pt; text-align: justify;\"><b><span style=\"font-size: 12pt; line-height: 115%; font-family: 'Arial','sans-serif';\">\u201cAlternatif d\u00fcnyalar&#8230;\u201d diye, eski zul\u00fcm ve s\u00f6m\u00fcr\u00fc sistemine, yeni jelatinler ge\u00e7iriliyordu!<\/span><\/b><\/p>\n<p style=\"margin-bottom: 0.0001pt; text-indent: 27pt; text-align: justify;\"><span style=\"font-size: 12pt; line-height: 115%; font-family: 'Arial','sans-serif';\">Raporda s\u0131ralanan <b>&#8221;alternatif d\u00fcnyalar&#8221;<\/b> senaryosunda, en k\u00f6t\u00fc se\u00e7enek <b>&#8221;motorun aksamas\u0131&#8221;<\/b>, en iyi se\u00e7enek ise <b>&#8221;f\u00fczyon&#8221;<\/b>du.<\/span><\/p>\n<p style=\"margin-bottom: 0.0001pt; text-indent: 27pt; text-align: justify;\"><b><span style=\"font-size: 12pt; line-height: 115%; font-family: 'Arial','sans-serif';\">En iyi senaryoda, ABD, Avrupa ve \u00c7in&#8217;in, birlikte hareket ederek G\u00fcney Asya&#8217;daki ihtilaflara m\u00fcdahale edip ate\u015fkes sa\u011flamas\u0131, bunun yan\u0131nda, AB, \u00c7in ve Avrupa&#8217;n\u0131n ikili ili\u015fkilerinde b\u00fcy\u00fck pozitif de\u011fi\u015fimlere \u00f6nc\u00fcl\u00fck ederek i\u015fbirli\u011fi yapacak ba\u015fka alanlar da bulmalar\u0131 ve daha geni\u015f kapsaml\u0131 olarak da k\u00fcresel problemlerle ba\u015fa \u00e7\u0131kmada ortak tav\u0131r almalar\u0131 \u00f6ng\u00f6r\u00fcl\u00fcyordu. Bunun anlam\u0131n\u0131 ve a\u00e7\u0131l\u0131m\u0131n\u0131: \u201cB\u00fct\u00fcn d\u00fcnyan\u0131n Siyonist Yahudi Lobilerinin gizli g\u00fcd\u00fcm\u00fcne al\u0131nmas\u0131\u201d \u015feklinde okumak gerekiyordu.<\/span><\/b><\/p>\n<p style=\"margin-bottom: 0.0001pt; text-indent: 27pt; text-align: justify;\"><b><span style=\"font-size: 12pt; line-height: 115%; font-family: 'Arial','sans-serif';\">\u201c\u015ei\u015feden cin \u00e7\u0131kmas\u0131\u201d ne anlama geliyordu?<\/span><\/b><\/p>\n<p style=\"margin-bottom: 0.0001pt; text-indent: 27pt; text-align: justify;\"><b><span style=\"font-size: 12pt; line-height: 115%; font-family: 'Arial','sans-serif';\">&#8221;\u015ei\u015feden cin \u00e7\u0131kmas\u0131&#8221;<\/span><\/b><span style=\"font-size: 12pt; line-height: 115%; font-family: 'Arial','sans-serif';\"> senaryosu ise &#8221;a\u015f\u0131r\u0131l\u0131klar\u0131&#8221; i\u00e7eren bir kurguydu. Bu senaryoda, bir\u00e7ok \u00fclkede siyasi ve sosyal tansiyonu art\u0131ran e\u015fitsizliklerin artmas\u0131 se\u00e7ene\u011fi bulunuyordu. Bu senaryoda, kazananlar ve kaybedenler keskin bi\u00e7imde ayr\u0131l\u0131yor; ABD, enerji ba\u011f\u0131ms\u0131zl\u0131\u011f\u0131n\u0131 kazan\u0131rken, \u00f6nde gelen g\u00fc\u00e7 olarak kalmay\u0131 da s\u00fcrd\u00fcr\u00fcyordu. Ancak, bu senaryoda ABD, art\u0131k her g\u00fcvenlik tehdidinde &#8221;k\u00fcresel polis&#8221; rol\u00fcn\u00fc oynamaya \u00e7al\u0131\u015fm\u0131yordu. <\/span><\/p>\n<p style=\"margin-bottom: 0.0001pt; text-indent: 27pt; text-align: justify;\"><b><span style=\"font-size: 12pt; line-height: 115%; font-family: 'Arial','sans-serif';\">&#8221;Devlet d\u0131\u015f\u0131 d\u00fcnya&#8221; <\/span><\/b><span style=\"font-size: 12pt; line-height: 115%; font-family: 'Arial','sans-serif';\">senaryosunda da, devlet d\u0131\u015f\u0131 olu\u015fumlar, \u00e7ok uluslu \u015firketler ve patronlar, akademik kurumlar ve etkin kurulu\u015flar, k\u00fcresel zorluklarla m\u00fccadele etmede ba\u015f\u0131 \u00e7ekiyordu. Yani Yahudi g\u00fcd\u00fcml\u00fc <b>\u201cGizli D\u00fcnya Devleti\u201d<\/b> fiilen kuruluyordu.<\/span><\/p>\n<p style=\"margin-bottom: 0.0001pt; text-indent: 27pt; text-align: justify;\"><b><span style=\"font-size: 16pt; line-height: 115%; font-family: 'Arial Black','sans-serif';\">T\u00fcrkiye, \u201c2030&#8217;a kadar b\u00f6lgesel akt\u00f6r olarak k\u00fcresel ekonomide \u00f6nemi artacak\u201d diye avutuluyordu!<\/span><\/b><\/p>\n<p style=\"margin-bottom: 0.0001pt; text-indent: 27pt; text-align: justify;\"><b><span style=\"font-size: 14pt; line-height: 115%; font-family: 'Arial','sans-serif';\">ABD&#8217;deki istihbarat kurulu\u015flar\u0131n\u0131 b\u00fcnyesinde toplayan Ulusal \u0130stihbarat Direkt\u00f6rl\u00fc\u011f\u00fc&#8217;ne ba\u011fl\u0131, Ulusal \u0130stihbarat Konseyi&#8217;nce haz\u0131rlanan, &#8221;K\u00fcresel E\u011filimler 2030: Alternatif D\u00fcnyalar&#8221; raporunun gelece\u011fe y\u00f6nelik &#8221;\u015fi\u015feden cin \u00e7\u0131kmas\u0131&#8221; senaryosunda, <i>&#8221;K\u00fcrdistan&#8217;\u0131n y\u00fckseli\u015fi T\u00fcrkiye&#8217;nin b\u00fct\u00fcnl\u00fc\u011f\u00fcne darbe vurabilir ve bu, \u00e7evresindeki kom\u015fular\u0131yla b\u00fcy\u00fck bir ihtilaf riskini art\u0131rabilir. Ortado\u011fu s\u0131n\u0131rlar\u0131, ortaya \u00e7\u0131kmakta olan K\u00fcrdistan ile yeniden \u00e7izilir&#8221;<\/i> ifadesi yer al\u0131yordu. Bu tespit ve tahminler, \u00f6n\u00fcm\u00fczdeki yak\u0131n gelecekte T\u00fcrkiye\u2019nin par\u00e7alanaca\u011f\u0131n\u0131, ihtimal yollu ilan ediyordu. Ulusal \u0130stihbarat Konseyi Dan\u0131\u015fman\u0131 ve raporun ba\u015fyazar\u0131 Mathew Burrows, <i>&#8221;Bu, muhtemel bir senaryo de\u011fil&#8221;<\/i> diyerek, halk\u0131m\u0131z\u0131n akl\u0131yla alay ediyordu. \u00c7\u00fcnk\u00fc &#8221;Ortado\u011fu s\u0131n\u0131rlar\u0131n\u0131n yeniden \u00e7izilebilece\u011fine\u201d a\u00e7\u0131k\u00e7a dikkat \u00e7ekiliyordu!<\/span><\/b><\/p>\n<p style=\"margin-bottom: 0.0001pt; text-indent: 27pt; text-align: justify;\"><b><span style=\"font-size: 14pt; line-height: 115%; font-family: 'Arial','sans-serif';\">\u0130ran&#8217;\u0131n n\u00fckleer kapasitesiyle ilgili b\u00f6l\u00fcmde, <i>&#8221;T\u00fcrkiye&#8217;nin olas\u0131 n\u00fckleer bir \u0130ran&#8217;a, kendisi de n\u00fckleer kapasite aray\u0131\u015f\u0131 i\u00e7ine girerek veya NATO savunma sistemine ba\u011fl\u0131 olarak kar\u015f\u0131l\u0131k verebilece\u011fi&#8221; <\/i>yorumunda bulunuluyor, b\u00f6ylece T\u00fcrkiye ile \u0130ran birbiriyle dengelenerek, hem K\u00fcrdistan\u2019\u0131n kurulmas\u0131na, hem de B\u00fcy\u00fck \u0130srail olu\u015fumuna haz\u0131r ve raz\u0131 konuma sokulaca\u011f\u0131 ima ediliyordu. Ve zaten ayn\u0131 ba\u015fl\u0131ktaki senaryolara ili\u015fkin bir tabloda &#8221;b\u00f6lgesel istikrar&#8221; maddesinde, <i>&#8221;Ortado\u011fu s\u0131n\u0131rlar\u0131, ortaya \u00e7\u0131kmakta olan bir K\u00fcrdistan ile yeniden \u00e7izilir&#8221;<\/i> denilerek, b\u00fct\u00fcn tepki ve direnmelere ra\u011fmen K\u00fcrdistan\u2019\u0131n kurulaca\u011f\u0131 ve T\u00fcrkiye\u2019nin par\u00e7alanaca\u011f\u0131 ilan ediliyordu.<\/span><\/b><\/p>\n<p style=\"margin-bottom: 0.0001pt; text-indent: 27pt; text-align: justify;\"><b><span style=\"font-size: 12pt; line-height: 115%; font-family: 'Arial','sans-serif';\">&#8221;Muhtemel senaryo de\u011fil&#8221; yalan\u0131 s\u0131r\u0131t\u0131yordu!<\/span><\/b><\/p>\n<p style=\"margin-bottom: 0.0001pt; text-indent: 27pt; text-align: justify;\"><span style=\"font-size: 12pt; line-height: 115%; font-family: 'Arial','sans-serif';\">Washington&#8217;da Ulusal Bas\u0131n Kul\u00fcb\u00fc&#8217;nde raporla ilgili brifing veren Ulusal \u0130stihbarat Konseyi Dan\u0131\u015fman\u0131 ve raporun ba\u015fyazar\u0131 Yahudi Mathew Burrows, rapordaki, &#8221;\u015fi\u015feden cin \u00e7\u0131kmas\u0131&#8221; senaryosu ba\u011flam\u0131nda kullan\u0131lan, <b><i>&#8221;K\u00fcrdistan&#8217;\u0131n y\u00fckseli\u015fi, T\u00fcrkiye&#8217;nin b\u00fct\u00fcnl\u00fc\u011f\u00fcne bir darbe olur ve bu, \u00e7evresindeki kom\u015fular\u0131yla b\u00fcy\u00fck bir ihtilaf riskini art\u0131r\u0131r&#8221;<\/i><\/b> ifadesiyle ilgili soruyu yan\u0131tlarken:<\/span><\/p>\n<p style=\"margin-bottom: 0.0001pt; text-indent: 27pt; text-align: justify;\"><b><i><span style=\"font-size: 12pt; line-height: 115%; font-family: 'Arial','sans-serif';\">Bunun \u201cmuhtemel bir senaryo olmay\u0131p, \u00f6zellikle Suriye&#8217;deki geli\u015fmelerin \u0131\u015f\u0131\u011f\u0131nda, Ortado\u011fu&#8217;yla ilgili kayg\u0131 duyduklar\u0131 hususlardan birinin olas\u0131 bir yans\u0131mas\u0131 ve b\u00f6lgenin b\u00f6l\u00fcnme \u015fans\u0131 oldu\u011funu\u201d belirterek<\/span><\/i><\/b><span style=\"font-size: 12pt; line-height: 115%; font-family: 'Arial','sans-serif';\"> adeta akl\u0131m\u0131zla ve halk\u0131m\u0131zla dalga ge\u00e7iyordu.<\/span><\/p>\n<p style=\"margin-bottom: 0.0001pt; text-indent: 27pt; text-align: justify;\"><span style=\"font-size: 12pt; line-height: 115%; font-family: 'Arial','sans-serif';\">Yahudi Burrows, <b><i>\u201cSuriye&#8217;nin olas\u0131 bir b\u00f6l\u00fcnmesinde, bunun Irak&#8217;a da s\u0131\u00e7rayabilece\u011fini (ve ard\u0131ndan \u0130ran, Irak, T\u00fcrkiye ve Suriye\u2019den toprak koparacak bir K\u00fcrdistan\u2019\u0131n ortaya \u00e7\u0131kabilece\u011fini) ifade ederek, elbette b\u00f6yle bir \u015feyi T\u00fcrkiye&#8217;nin ve b\u00f6lgedeki di\u011fer bir\u00e7ok \u00fclkenin istemedi\u011fini, dolay\u0131s\u0131yla bunun olmamas\u0131 i\u00e7in g\u00fc\u00e7lerin bir araya gelece\u011finin ve i\u015fbirli\u011fine gidilece\u011finin g\u00f6r\u00fclece\u011fini<\/i><\/b>\u201d vurguluyordu.<\/span><\/p>\n<p style=\"margin-bottom: 0.0001pt; text-indent: 27pt; text-align: justify;\"><b><span style=\"font-size: 12pt; line-height: 115%; font-family: 'Arial','sans-serif';\">&#8221;T\u00fcrkiye model olabilir&#8221; s\u00f6z\u00fc ne anlama geliyordu?<\/span><\/b><\/p>\n<p style=\"margin-bottom: 0.0001pt; text-indent: 27pt; text-align: justify;\"><span style=\"font-size: 12pt; line-height: 115%; font-family: 'Arial','sans-serif';\">Burrows, <b><i>\u201cOrtado\u011fu&#8217;daki Arap d\u00fcnyas\u0131 co\u011frafyas\u0131n\u0131 \u00e7evreleyen, T\u00fcrkiye, \u0130ran, \u0130srail gibi \u00fclkelerin, b\u00f6lgenin nas\u0131l \u015fekillenece\u011fi konusunda potansiyel ba\u011flamda \u00e7ok b\u00fcy\u00fck role sahip oldu\u011funa dikkati \u00e7ekerek &#8221;Elbette T\u00fcrkiye, \u00e7ok ba\u015far\u0131l\u0131 demokrasisi ve b\u00fcy\u00fck \u00e7aptaki ekonomik b\u00fcy\u00fcmesiyle, Ortado\u011fu&#8217;da ye\u015fermekte olan di\u011fer demokrasiler i\u00e7in bir model olabilir. T\u00fcrkiye i\u00e7in \u00f6ng\u00f6rd\u00fc\u011f\u00fcm rol bu&#8221;<\/i><\/b> ifadesini kullan\u0131yor ve a\u011fz\u0131ndaki baklay\u0131 \u00e7\u0131kar\u0131yordu.<\/span><\/p>\n<p style=\"margin-bottom: 0.0001pt; text-indent: 27pt; text-align: justify;\"><b><span style=\"font-size: 16pt; line-height: 115%; font-family: 'Arial Black','sans-serif';\">Bunun anlam\u0131:<\/span><\/b><\/p>\n<p style=\"margin: 0cm 0cm 0.0001pt; text-indent: 27pt; text-align: justify;\"><b><span style=\"font-size: 12pt; line-height: 115%; font-family: 'Arial','sans-serif';\">1-<span style=\"font: 7pt 'Times New Roman';\"><b> <\/b><\/span><\/span><\/b><b><span style=\"font-size: 12pt; line-height: 115%; font-family: 'Arial','sans-serif';\">T\u00fcrkiye ve \u0130ran, Birle\u015fik K\u00fcrdistan i\u00e7in topraklar\u0131n\u0131n bir k\u0131sm\u0131n\u0131 ellerinden \u00e7\u0131kmas\u0131na raz\u0131 konuma ta\u015f\u0131nacak<\/span><\/b><\/p>\n<p style=\"margin: 0cm 0cm 0.0001pt; text-indent: 27pt; text-align: justify;\"><b><span style=\"font-size: 12pt; line-height: 115%; font-family: 'Arial','sans-serif';\">2-<span style=\"font: 7pt 'Times New Roman';\"><b> <\/b><\/span><\/span><\/b><b><span style=\"font-size: 12pt; line-height: 115%; font-family: 'Arial','sans-serif';\">Barzani K\u00fcrdistan\u2019\u0131 Irak\u2019tan resmen ve fiilen ayr\u0131lacak<\/span><\/b><\/p>\n<p style=\"margin: 0cm 0cm 0.0001pt; text-indent: 27pt; text-align: justify;\"><b><span style=\"font-size: 12pt; line-height: 115%; font-family: 'Arial','sans-serif';\">3-<span style=\"font: 7pt 'Times New Roman';\"><b> <\/b><\/span><\/span><\/b><b><span style=\"font-size: 12pt; line-height: 115%; font-family: 'Arial','sans-serif';\">Suriye en az \u00fc\u00e7 par\u00e7aya ayr\u0131lacak ve kuzeyinde yeni bir K\u00fcrdistan olu\u015fturulacak.<\/span><\/b><\/p>\n<p style=\"margin: 0cm 0cm 0.0001pt; text-indent: 27pt; text-align: justify;\"><b><span style=\"font-size: 12pt; line-height: 115%; font-family: 'Arial','sans-serif';\">4-<span style=\"font: 7pt 'Times New Roman';\"><b> <\/b><\/span><\/span><\/b><b><span style=\"font-size: 12pt; line-height: 115%; font-family: 'Arial','sans-serif';\">Kulaklar\u0131 burulmu\u015f ve hizaya sokulmu\u015f T\u00fcrkiye ve \u0130ran, k\u00fcresel g\u00fc\u00e7lerin kontrol\u00fcnde g\u00f6stermelik bir demokratik ve ekonomik model te\u015fkil edip, \u0130srail\u2019le birlikte Ortado\u011fu\u2019nun etkin ve yetkin(!) fig\u00fcran akt\u00f6rleri durumuna sokulacak oluyordu!<\/span><\/b><\/p>\n<p style=\"margin: 0cm 0cm 0.0001pt; text-indent: 27pt; text-align: justify;\"><b><span style=\"font-size: 12pt; line-height: 115%; font-family: 'Arial','sans-serif';\">5-<span style=\"font: 7pt 'Times New Roman';\"><b> <\/b><\/span><\/span><\/b><b><span style=\"font-size: 12pt; line-height: 115%; font-family: 'Arial','sans-serif';\">Siyonist Burrows\u2019un <i>\u201cT\u00fcrkiye i\u00e7in \u00f6ng\u00f6rd\u00fc\u011f\u00fcm rol bu!\u201d<\/i> ifadeleri, asl\u0131nda ABD\u2019nin ve Yahudi Lobilerinin, gizli ve kirli niyetlerini ele veriyor, T\u00fcrkiye i\u00e7in bi\u00e7tikleri rolleri, hangi kurgular ve senaryolarla ger\u00e7ekle\u015ftirecekleri konusundaki \u015feytani projelerini de\u015fifre ediyordu. Evet, ba\u015fta T\u00fcrkiye b\u00fct\u00fcn b\u00f6lge \u00fclkelerinin b\u00f6l\u00fcn\u00fcp par\u00e7alanaca\u011f\u0131, K\u00fcrdistan\u2019\u0131n kurulup Ortado\u011fu haritas\u0131n\u0131n yeniden yap\u0131lanaca\u011f\u0131 bu raporla kesinlik kazan\u0131yordu.<\/span><\/b><\/p>\n<p style=\"margin-bottom: 0.0001pt; text-indent: 27pt; text-align: justify;\"><b><span style=\"font-size: 16pt; line-height: 115%; font-family: 'Arial Black','sans-serif';\">Peki, bu t\u00fcr raporlar ni\u00e7in haz\u0131rlan\u0131p a\u00e7\u0131klan\u0131yordu?<\/span><\/b><\/p>\n<p style=\"margin: 0cm 0cm 0.0001pt; text-indent: 27pt; text-align: justify;\"><b><span style=\"font-size: 12pt; line-height: 115%; font-family: 'Arial','sans-serif';\">A-<span style=\"font: 7pt 'Times New Roman';\"><b> <\/b><\/span><\/span><\/b><b><span style=\"font-size: 12pt; line-height: 115%; font-family: 'Arial','sans-serif';\">B\u00fct\u00fcn d\u00fcnya kamuoyunu, \u00f6zellikle hedef \u00fclkelerin halklar\u0131n\u0131, <\/span><\/b><b><i><span style=\"font-size: 14pt; line-height: 115%; font-family: 'Arial','sans-serif';\">\u201cmuhtemel senaryolar\u201d<\/span><\/i><\/b><b><span style=\"font-size: 12pt; line-height: 115%; font-family: 'Arial','sans-serif';\"> k\u0131l\u0131f\u0131 <\/span><\/b><b><i><span style=\"font-size: 14pt; line-height: 115%; font-family: 'Arial','sans-serif';\">\u201cm\u00fckemmel \u015feytani planlar\u0131na\u201d <\/span><\/i><\/b><b><span style=\"font-size: 12pt; line-height: 115%; font-family: 'Arial','sans-serif';\">psikolojikmen haz\u0131rlamak..<\/span><\/b><\/p>\n<p style=\"margin: 0cm 0cm 0.0001pt; text-indent: 27pt; text-align: justify;\"><b><span style=\"font-size: 12pt; line-height: 115%; font-family: 'Arial','sans-serif';\">B-<span style=\"font: 7pt 'Times New Roman';\"><b> <\/b><\/span><\/span><\/b><b><span style=\"font-size: 12pt; line-height: 115%; font-family: 'Arial','sans-serif';\">Bu <\/span><\/b><b><i><span style=\"font-size: 14pt; line-height: 115%; font-family: 'Arial','sans-serif';\">\u201cyeni haritalar, muhtemel olu\u015fumlar, mukadder par\u00e7alanmalar\u201d <\/span><\/i><\/b><b><span style=\"font-size: 12pt; line-height: 115%; font-family: 'Arial','sans-serif';\">konular\u0131n\u0131n kamuoyunda tart\u0131\u015f\u0131lmas\u0131, beyinlerin y\u0131kan\u0131p kurgulanmas\u0131, olas\u0131 tepkilerin \u015fimdiden tespit edilip demokratik y\u00f6ntemlerle(!) bast\u0131r\u0131lmas\u0131 i\u00e7in hizmet\u00e7i medyay\u0131 ve i\u015fbirlik\u00e7i iktidarlar\u0131 g\u00f6reve \u00e7a\u011f\u0131rmak.<\/span><\/b><\/p>\n<p style=\"margin: 0cm 0cm 0.0001pt; text-indent: 27pt; text-align: justify;\"><b><span style=\"font-size: 12pt; line-height: 115%; font-family: 'Arial','sans-serif';\">C-<span style=\"font: 7pt 'Times New Roman';\"><b> <\/b><\/span><\/span><\/b><b><span style=\"font-size: 12pt; line-height: 115%; font-family: 'Arial','sans-serif';\">Siyonist ve emperyalist ama\u00e7lar i\u00e7in kurgulanan, ama <\/span><\/b><b><i><span style=\"font-size: 14pt; line-height: 115%; font-family: 'Arial','sans-serif';\">\u201cdo\u011fal ve sosyal geli\u015fmelerin bir sonucu\u201d<\/span><\/i><\/b><b><span style=\"font-size: 12pt; line-height: 115%; font-family: 'Arial','sans-serif';\"> gibi takdime \u00e7al\u0131\u015f\u0131lan <\/span><\/b><b><i><span style=\"font-size: 14pt; line-height: 115%; font-family: 'Arial','sans-serif';\">\u201cT\u00fcrkiye\u2019nin par\u00e7alanmas\u0131, B\u00fcy\u00fck K\u00fcrdistan\u2019\u0131n kurulmas\u0131, \u0130srail\u2019le uyumlu bir Ortado\u011fu\u2019nun olu\u015fturulmas\u0131\u201d<\/span><\/i><\/b><b><span style=\"font-size: 12pt; line-height: 115%; font-family: 'Arial','sans-serif';\"> planlar\u0131n\u0131n; ABD ve Yahudi Lobilerince de\u011fil, kendi tabii seyri i\u00e7inde meydana geldi\u011fi ve b\u00fct\u00fcn kar\u015f\u0131 \u00e7\u0131k\u0131\u015flara ra\u011fmen bunlar\u0131n mutlaka ger\u00e7ekle\u015fece\u011fi kanaatini kafalara kaz\u0131mak ve Milli direni\u015f ruhunu bo\u011fmak..<\/span><\/b><\/p>\n<p style=\"margin: 0cm 0cm 0.0001pt; text-indent: 27pt; text-align: justify;\"><b><span style=\"font-size: 12pt; line-height: 115%; font-family: 'Arial','sans-serif';\">D-<span style=\"font: 7pt 'Times New Roman';\"><b> <\/b><\/span><\/span><\/b><b><span style=\"font-size: 12pt; line-height: 115%; font-family: 'Arial','sans-serif';\">Siyonizm\u2019in bu \u015feytani hedeflerine hizmet edecek iktidar ve yanda\u015flar\u0131n\u0131n i\u015fini kolayla\u015ft\u0131rmak, onlar\u0131n h\u0131yanetlerine <\/span><\/b><b><i><span style=\"font-size: 14pt; line-height: 115%; font-family: 'Arial','sans-serif';\">\u201cdemokratik cesaret ve \u00f6zveri\u201d<\/span><\/i><\/b><b><span style=\"font-size: 12pt; line-height: 115%; font-family: 'Arial','sans-serif';\"> k\u0131l\u0131f\u0131 sarmak, taviz ve teslimiyetlerine mazeret ve me\u015fruiyet uydurmak i\u00e7in bu t\u00fcr raporlar ve senaryolar haz\u0131rlan\u0131p yay\u0131nlan\u0131yordu!<\/span><\/b><\/p>\n<p style=\"margin-bottom: 0.0001pt; text-indent: 27pt; text-align: justify;\"><b><span style=\"font-size: 14pt; line-height: 115%; font-family: 'Arial','sans-serif';\">ABD Kongre raporuna g\u00f6re \u0130ran do\u011falgaz\u0131 kesilirse etkilenecek 3 \u00fclkenin ba\u015f\u0131nda T\u00fcrkiye geliyordu!<\/span><\/b><\/p>\n<p style=\"margin-bottom: 0.0001pt; text-indent: 27pt; text-align: justify;\"><span style=\"font-size: 12pt; line-height: 115%; font-family: 'Arial','sans-serif';\">\u0130ran&#8217;dan do\u011fal gaz sevkiyat\u0131n\u0131n azalmas\u0131 halinde, bunun uluslararas\u0131 do\u011falgaz arz\u0131na etkisinin s\u0131n\u0131rl\u0131 olaca\u011f\u0131, ancak k\u00f6t\u00fc etkilenecek \u00fclkelerin T\u00fcrkiye, Ermenistan ve Azerbaycan olaca\u011f\u0131 savunulmu\u015ftu. \u00c7\u00fcnk\u00fc Amerikan Kongresi, <b><i>\u0130ran&#8217;a y\u00f6nelik yapt\u0131r\u0131mlar\u0131 art\u0131rma ve petrol\u00fcn ard\u0131ndan do\u011falgaz sat\u0131\u015f\u0131na da ambargo uygulama konusunda \u00e7al\u0131\u015f\u0131yordu.<\/i><\/b> Amerikan y\u00f6netimi, bu ama\u00e7la Amerikan Enerji Enformasyon \u0130daresi&#8217;nden bir rapor haz\u0131rlamas\u0131n\u0131 istiyordu. Reuters ajans\u0131 taraf\u0131ndan bir kopyas\u0131 ele ge\u00e7irilen raporda, \u0130ran&#8217;dan do\u011falgaz ak\u0131\u015f\u0131n\u0131n azalmas\u0131 halinde, do\u011fabilecek sonu\u00e7lar irdeleniyordu.<\/span><\/p>\n<p style=\"margin-bottom: 0.0001pt; text-indent: 27pt; text-align: justify;\"><span style=\"font-size: 12pt; line-height: 115%; font-family: 'Arial','sans-serif';\">Rapora g\u00f6re, do\u011falgaz t\u00fcketimi daha \u00e7ok b\u00f6lgesel oldu\u011fu i\u00e7in, global d\u00fczeyde ciddi bir sorun ya\u015fanmayaca\u011f\u0131 hat\u0131rlat\u0131l\u0131yor, ancak <b><i>\u201cdo\u011falgaz\u0131n\u0131n \u00f6nemli bir b\u00f6l\u00fcm\u00fcn\u00fc \u0130ran&#8217;dan kar\u015f\u0131layan T\u00fcrkiye ile Azerbaycan&#8217;\u0131n g\u00fcneyi ve Ermenistan \u00fczerindeki etkisi b\u00fcy\u00fck olacak\u201d<\/i><\/b> deniyordu. Rapora g\u00f6re, <b><i>\u0130ran do\u011falgaz\u0131n\u0131n kesilmesi halinde T\u00fcrk sanayisinin ve elektrik \u00fcretiminin olumsuz etkilenmesi, evlerde \u0131s\u0131nma sorunu ya\u015fanmas\u0131<\/i><\/b> bekleniyordu. Avrupa Birli\u011fi d\u0131\u015fi\u015fleri bakanlar\u0131n\u0131n da, 15 Ekim&#8217;de yap\u0131lacak toplant\u0131lar\u0131nda, \u0130ran&#8217;dan do\u011falgaz ithalat\u0131n\u0131n yasaklanmas\u0131 konusunu g\u00f6r\u00fc\u015fmesi planlan\u0131yordu!<\/span><\/p>\n<p style=\"margin-bottom: 0.0001pt; text-indent: 27pt; text-align: justify;\"><b><span style=\"font-size: 14pt; line-height: 115%; font-family: 'Arial','sans-serif';\">B\u00fct\u00fcn bunlar \u0130ran\u2019\u0131 ve T\u00fcrkiye\u2019yi s\u0131k\u0131\u015ft\u0131rma ve hizaya sokma haz\u0131rl\u0131klar\u0131na h\u0131z verildi\u011fini g\u00f6steriyordu.<\/span><\/b><\/p>\n<p style=\"margin-bottom: 0.0001pt; text-indent: 27pt; text-align: justify;\"><b><span style=\"font-size: 16pt; line-height: 115%; font-family: 'Arial Black','sans-serif';\">Ba\u015fka bir ABD raporuna g\u00f6re ise: \u00d6calan \u201ckilit oyuncu\u201d say\u0131l\u0131yordu<\/span><\/b><\/p>\n<p style=\"margin-bottom: 0.0001pt; text-indent: 27pt; text-align: justify;\"><span style=\"font-size: 12pt; line-height: 115%; font-family: 'Arial','sans-serif';\">ABD Kongresi Ara\u015ft\u0131rmalar Merkezi taraf\u0131ndan haz\u0131rlanan di\u011fer bir raporda, <b><i>&#8216;T\u00fcrkiye&#8217;deki kilit oyuncular\u0131n profilleri&#8217;<\/i><\/b> b\u00f6l\u00fcm\u00fcnde Abdullah \u00d6calan&#8217;\u0131n ismi de ge\u00e7iyordu.<\/span><\/p>\n<p style=\"margin-bottom: 0.0001pt; text-indent: 27pt; text-align: justify;\"><span style=\"font-size: 12pt; line-height: 115%; font-family: 'Arial','sans-serif';\">ABD Kongresi&#8217;nin Ortado\u011fu Uzman\u0131 Jim Zanotti, kongrenin ara\u015ft\u0131rmalar merkezi ad\u0131na, <b><i>&#8216;T\u00fcrkiye: Arka plan ve ABD ile \u0130li\u015fkiler&#8217;<\/i><\/b> ba\u015fl\u0131kl\u0131 bir rapor haz\u0131rl\u0131yordu. \u00d6nemli iddialar\u0131n yer ald\u0131\u011f\u0131 ve Ak\u015fam gazetesinin <b><i>&#8220;Erdo\u011fan d\u00fcnya lideri G\u00fcl yumu\u015fat\u0131c\u0131 g\u00fc\u00e7&#8221; <\/i><\/b>ba\u015fl\u0131\u011f\u0131yla aktard\u0131\u011f\u0131 raporda dikkat \u00e7eken bir konu, <b><i>&#8216;T\u00fcrkiye&#8217;deki kilit oyuncular\u0131n profilleri&#8217;<\/i><\/b> ba\u015fl\u0131\u011f\u0131 alt\u0131nda yer al\u0131yordu. Bu b\u00f6l\u00fcme Cumhurba\u015fkan\u0131 Abdullah G\u00fcl, Ba\u015fbakan Erdo\u011fan, D\u0131\u015fi\u015fleri Bakan\u0131 Ahmet Davuto\u011flu ve CHP Genel Ba\u015fkan\u0131 Kemal K\u0131l\u0131\u00e7daro\u011flu&#8217;nun yan\u0131 s\u0131ra PKK eleba\u015f\u0131 Abdullah \u00d6calan&#8217;\u0131n ismi de konuluyordu.<\/span><\/p>\n<p style=\"margin-bottom: 0.0001pt; text-indent: 27pt; text-align: justify;\"><span style=\"font-size: 12pt; line-height: 115%; font-family: 'Arial','sans-serif';\">\u00d6zge\u00e7mi\u015flerin ve de\u011ferlendirmelerin aktar\u0131ld\u0131\u011f\u0131 b\u00f6l\u00fcmde, \u00d6calan i\u00e7in, <b><i>&#8220;1999&#8217;da muhtemelen ABD yard\u0131m\u0131yla Kenya&#8217;da yakaland\u0131, T\u00fcrkiye&#8217;ye g\u00f6t\u00fcr\u00fcld\u00fc. Hali haz\u0131rda \u0130mral\u0131&#8217;da maksimum g\u00fcvenlik seviyesinde tutuluyor. PKK&#8217;n\u0131n liderli\u011fini \u015fu anda Murat Karay\u0131lan yap\u0131yor gibi g\u00f6r\u00fcnse de, baz\u0131 g\u00f6zlemcilere g\u00f6re \u00d6calan hala &#8216;arac\u0131l\u0131 ileti\u015fim&#8217;le \u00f6rg\u00fct\u00fc y\u00f6netiyor&#8221;<\/i><\/b> <\/span><b><span style=\"font-size: 14pt; line-height: 115%; font-family: 'Arial','sans-serif';\">ifadeleri dikkat \u00e7ekiyordu. Amerikan resmi raporunda T\u00fcrkiye\u2019yi y\u00f6nlendiren \u201cetkin elemanlar\u201d listesinde Abdullah G\u00fcl ve Recep T. Erdo\u011fan\u2019\u0131n yan\u0131nda Abdullah \u00d6calan\u2019\u0131n da say\u0131lmas\u0131 halk\u0131m\u0131zdan gizlenen bir ger\u00e7e\u011fi a\u00e7\u0131\u011fa vuruyordu.<\/span><\/b><\/p>\n<p style=\"margin-bottom: 0.0001pt; text-indent: 27pt; text-align: justify;\"><span style=\"font-size: 12pt; line-height: 115%; font-family: 'Arial','sans-serif';\">Ak\u015fam&#8217;\u0131n haberine g\u00f6re, Cumhurba\u015fkan\u0131 Abdullah G\u00fcl i\u00e7in <b><i>&#8220;Hali haz\u0131rda Erdo\u011fan h\u00fck\u00fcmeti \u00fczerinde yumu\u015fat\u0131c\u0131 bir g\u00fc\u00e7 olarak rol oynuyor&#8221;<\/i><\/b> denen raporda, yeni anayasa ile ilgili kayg\u0131n\u0131n, <b><i>\u201cAK Parti&#8217;nin kendi istedi\u011fi gibi bir anayasa yapmas\u0131\u201d<\/i><\/b> oldu\u011fu belirtilerek, konsens\u00fcse ihtiya\u00e7 oldu\u011fu vurgusu yap\u0131l\u0131yordu. <\/span><\/p>\n<p style=\"margin-bottom: 0.0001pt; text-indent: 27pt; text-align: justify;\"><span style=\"font-size: 12pt; line-height: 115%; font-family: 'Arial','sans-serif';\">T\u00fcrkiye&#8217;de y\u00fczde 15-20&#8217;lik kesimi olu\u015fturan K\u00fcrtlere y\u00f6nelik h\u00fck\u00fcmetin att\u0131\u011f\u0131 en \u00f6nemli ad\u0131m\u0131, <b><i>\u201cK\u00fcrt\u00e7enin kullan\u0131m alan\u0131n\u0131n geni\u015fletilmesi\u201d<\/i><\/b> olarak g\u00f6ren rapor, <b><i>\u201c20 milyon civar\u0131ndaki Alevi&#8217;nin de laik sistemin koruyucu olarak alg\u0131land\u0131\u011f\u0131\u201d<\/i><\/b> saptamas\u0131nda bulunuyordu. <\/span><\/p>\n<p style=\"margin-bottom: 0.0001pt; text-indent: 27pt; text-align: justify;\"><span style=\"font-size: 12pt; line-height: 115%; font-family: 'Arial','sans-serif';\">Raporda ayr\u0131ca, Suriye y\u00f6netiminden gelen aksi y\u00f6ndeki a\u00e7\u0131klamalara ra\u011fmen, \u015eam y\u00f6netiminin PKK&#8217;y\u0131 T\u00fcrkiye&#8217;ye kar\u015f\u0131 kullanabilece\u011fi iddia ediliyor ve T\u00fcrkiye Suriye\u2019ye kar\u015f\u0131 k\u0131\u015fk\u0131rt\u0131l\u0131yordu.<\/span><\/p>\n<p style=\"margin-bottom: 0.0001pt; text-indent: 27pt; text-align: justify;\"><b><span style=\"font-size: 16pt; line-height: 115%; font-family: 'Arial Black','sans-serif';\">Kemal Burkay \u00e7ok ciddi ve ilgin\u00e7 iddialarda bulunuyordu!<\/span><\/b><\/p>\n<p style=\"margin-bottom: 0.0001pt; text-indent: 27pt; text-align: justify;\"><span style=\"font-size: 12pt; line-height: 115%; font-family: 'Arial','sans-serif';\">HAK PAR Genel Ba\u015fkan\u0131 ve AKP\u2019nin K\u00fcrt\u00e7\u00fcl\u00fck konusundaki \u00f6zel dan\u0131\u015fman\u0131 Kemal Burkay, KCK ile ilgili, M\u0130T\u2019i ve H\u00fck\u00fcmeti sorumlu tutan a\u00e7\u0131klamalar yap\u0131yordu.<\/span><\/p>\n<p style=\"margin-bottom: 0.0001pt; text-indent: 27pt; text-align: justify;\"><b><i><span style=\"font-size: 12pt; line-height: 115%; font-family: 'Arial','sans-serif';\">\u201c\u0130llegal ve silahl\u0131 bir PKK\u2019n\u0131n varl\u0131\u011f\u0131 yan\u0131nda, \u00f6te yandan BDP ve belediyeler gibi demokratik yap\u0131lar\u0131n da KCK i\u00e7ine girmesine bir mana veremedi\u011fini\u201d <\/span><\/i><\/b><b><span style=\"font-size: 12pt; line-height: 115%; font-family: 'Arial','sans-serif';\">belirten Burkay \u015funlar\u0131 s\u00f6yl\u00fcyordu:<\/span><\/b><\/p>\n<p style=\"margin-bottom: 0.0001pt; text-indent: 27pt; text-align: justify;\"><b><i><span style=\"font-size: 12pt; line-height: 115%; font-family: 'Arial','sans-serif';\">\u201c\u015eimdi KCK\u2019ya neden ihtiya\u00e7 duyuldu: KCK\u2019ya dikkat ederseniz ba\u015f\u0131nda Kandil\u2019deki en \u00fcst d\u00fczey komutan Murat Karay\u0131lan var. Bu illegal bir yap\u0131. \u0130\u00e7inde rahat\u00e7a siyaset yap\u0131lan BDP\u2019de, belediyelerde siyaset yapanlar buralara kanalize edildiyse bu \u00e7ok b\u00fcy\u00fck bir yanl\u0131\u015f. Bu insanlar\u0131 kriminalle\u015ftiriyor.<\/span><\/i><\/b><\/p>\n<p style=\"margin-bottom: 0.0001pt; text-indent: 27pt; text-align: justify;\"><b><i><span style=\"font-size: 14pt; line-height: 115%; font-family: 'Arial','sans-serif';\">\u00d6te yandan KCK\u2019n\u0131n i\u00e7inde \u00e7ok say\u0131da M\u0130T ajan\u0131 oldu\u011fu s\u00f6yleniyor. Hatta bin rakam\u0131ndan s\u00f6z ediliyor. Medyaya yans\u0131d\u0131, do\u011frusu bu bizi de \u015fa\u015f\u0131rtt\u0131. <\/span><\/i><\/b><\/p>\n<p style=\"margin-bottom: 0.0001pt; text-indent: 27pt; text-align: justify;\"><b><i><span style=\"font-size: 12pt; line-height: 115%; font-family: 'Arial','sans-serif';\">Sonradan KCK operasyonlar\u0131 yap\u0131l\u0131nca ortaya \u00e7\u0131kt\u0131 ki; KCK olay\u0131, ayn\u0131 zamanda M\u0130T\u2019in aktif rol oynad\u0131\u011f\u0131 bir yap\u0131. Bin tane M\u0130T eleman\u0131 var, bu ne demektir. Bu demektir ki bu \u00f6rg\u00fctler birlikte yap\u0131ld\u0131. B\u00f6yle bir \u015fey varsa devlet bundan sorumludur. Sadece bu \u00f6rg\u00fcte girmi\u015fleri BDP\u2019lileri, belediye ba\u015fkanlar\u0131n\u0131, belediyelerde g\u00f6rev yapan meclis \u00fcyelerini su\u00e7lamak haks\u0131zl\u0131k olur. \u0130llegal \u00f6rg\u00fcte girmelerinden dolay\u0131 hatalar\u0131 var. Bunu kabul etmek laz\u0131m. Yani ortada yasalara uygun olmayan bir durum, su\u00e7 var. \u00d6te yandan bu M\u0130T ile birlikte kotar\u0131lan bir \u015fey. Nedir? PKK\u2019y\u0131, K\u00fcrt hareketini kontrol etmek i\u00e7in. Yani devletin \u00f6teden beri yapt\u0131\u011f\u0131, uygulad\u0131\u011f\u0131 bir y\u00f6ntem bu. Bana g\u00f6re h\u00fck\u00fcmet bunu biliyor. H\u00fck\u00fcmetin bunda sorumlulu\u011fu olmasa bile. Bence KCK olu\u015fturulurken AK Parti H\u00fck\u00fcmeti duruma h\u00e2kim de\u011fildi.\u201d<\/span><\/i><\/b><\/p>\n<p style=\"margin-bottom: 0.0001pt; text-indent: 27pt; text-align: justify;\"><b><i><span style=\"font-size: 12pt; line-height: 115%; font-family: 'Arial','sans-serif';\">Demirta\u015f\u2019\u0131n \u201cKCK operasyonlar\u0131n\u0131n Ergenekonvari bir yap\u0131 taraf\u0131ndan y\u00f6netildi\u011fi\u201d iddialar\u0131na kendisinin de kat\u0131ld\u0131\u011f\u0131n\u0131 belirten Burkay, Demirta\u015f\u2019\u0131n ayr\u0131ca \u015funu da s\u00f6ylemesi gerekti\u011fini belirterek; \u201cKCK\u2019ya gerek yoktu. KCK olu\u015furken belediye ba\u015fkanlar\u0131n\u0131n, meclis \u00fcyelerinin, BDP\u2019lilerin orada i\u015fi ne? Yani legal politika yapanlar\u0131n orada i\u015fi ne? Dolay\u0131s\u0131yla devlet bu i\u015fi PKK i\u00e7indeki belli unsurlarla birlikte bu i\u015fi organize ettiyse devletin ciddi bir hatas\u0131 var. Bu bir skandald\u0131r. Bu adeta uyu\u015fturucu \u015febekesini yakalamak i\u00e7in i\u00e7erisine polis sokmak, onun vas\u0131tas\u0131yla eylem yapmak gibi bir \u015fey. <\/span><\/i><\/b><\/p>\n<p style=\"margin-bottom: 0.0001pt; text-indent: 27pt; text-align: justify;\"><b><i><span style=\"font-size: 12pt; line-height: 115%; font-family: 'Arial','sans-serif';\">\u015eimdi KCK olay\u0131 kar\u015f\u0131l\u0131kl\u0131, devlet ve BDP\u2019nin yapt\u0131\u011f\u0131 hatalar\u0131n bir d\u00fc\u011f\u00fcm\u00fcd\u00fcr. Bundan nas\u0131l \u00e7\u0131kaca\u011f\u0131z, buna bakmam\u0131z laz\u0131m. Ben KCK operasyonlar\u0131n\u0131 da do\u011fru bulmad\u0131m. Buna salt hukuk a\u00e7\u0131s\u0131ndan bakmamak laz\u0131m. Bu bir siyasi sorundur. Orada binlerce insan\u0131 al\u0131p i\u00e7eri t\u0131kmak, cezaland\u0131rmak sorunu \u00e7\u00f6zm\u00fcyor.<\/span><\/i><\/b><\/p>\n<p style=\"margin-bottom: 0.0001pt; text-indent: 27pt; text-align: justify;\"><b><i><span style=\"font-size: 12pt; line-height: 115%; font-family: 'Arial','sans-serif';\">Dokunulmazl\u0131klar\u0131 kald\u0131rmak da sorunu \u00e7\u00f6zm\u00fcyor. Siyasi bir yakla\u015f\u0131m gerekiyor. Bir uzla\u015fma, diyalog gerekiyor. Sonunda K\u00fcrt sorunu b\u00f6yle \u00e7\u00f6z\u00fcl\u00fcr. \u00d6yle bir yapal\u0131m ki KCK davalar\u0131 ortadan kalks\u0131n, dokunulmazl\u0131k meselesi de ortadan kalks\u0131n, hatta \u00f6yle yapal\u0131m ki da\u011fdaki insanlar silah b\u0131raks\u0131n.\u201d<a href=\"#_ftn1\" name=\"_ftnref1\" title=\"title\"><b><span style=\"font-size: 12pt; line-height: 115%; font-family: 'Arial','sans-serif';\">[1]<\/span><\/b><\/a><\/span><\/i><\/b><\/p>\n<p style=\"margin-bottom: 0.0001pt; text-indent: 27pt; text-align: justify;\"><b><span style=\"font-size: 14pt; line-height: 115%; font-family: 'Arial','sans-serif';\">Oysa, AKP iktidar\u0131n\u0131n da mutlaka haberi ve izni \u00e7er\u00e7evesinde KCK i\u00e7ine binlerce M\u0130T eleman\u0131 sokulmu\u015fsa, bunun iki nedene dayand\u0131\u011f\u0131 anla\u015f\u0131l\u0131yordu:<\/span><\/b><\/p>\n<p style=\"margin: 0cm 0cm 0.0001pt; text-indent: 27pt; text-align: justify;\"><b><span style=\"font-size: 14pt; line-height: 115%; font-family: 'Arial','sans-serif';\">1-<span style=\"font: 7pt 'Times New Roman';\"><b> <\/b><\/span><\/span><\/b><b><span style=\"font-size: 14pt; line-height: 115%; font-family: 'Arial','sans-serif';\">Ya iktidar, \u201cBak\u0131n\u0131z eliyle koymu\u015f gibi PKK\u2019l\u0131lar\u0131n \u015fehir yap\u0131lanmas\u0131n\u0131 tek tek yakalay\u0131p hapse t\u0131kt\u0131ran AKP, PKK\u2019n\u0131n k\u00f6k\u00fcn\u00fc kurutuyor\u201d havas\u0131yla halk\u0131n gaz\u0131n\u0131 al\u0131yor ve ucuz kahramanl\u0131k tasl\u0131yordu!<\/span><\/b><\/p>\n<p style=\"margin: 0cm 0cm 0.0001pt; text-indent: 27pt; text-align: justify;\"><b><span style=\"font-size: 14pt; line-height: 115%; font-family: 'Arial','sans-serif';\">2-<span style=\"font: 7pt 'Times New Roman';\"><b> <\/b><\/span><\/span><\/b><b><span style=\"font-size: 14pt; line-height: 115%; font-family: 'Arial','sans-serif';\">Ya da; G\u00fcneydo\u011fumuzun \u00fclkemizden kopar\u0131lmas\u0131 ve ileride B\u00fcy\u00fck K\u00fcrdistan\u2019a kat\u0131lacak \u201c\u00f6zerk federasyona\u201d kolayl\u0131k sa\u011flanmas\u0131 i\u00e7in, b\u00f6l\u00fcc\u00fcl\u00fck fikrinin K\u00fcrtlerin her kesimine bula\u015ft\u0131r\u0131lmas\u0131 i\u00e7in M\u0130T ve H\u00fck\u00fcmet, ABD raporlar\u0131 do\u011frultusundaki talimatlar\u0131 uyguluyordu!?<\/span><\/b><\/p>\n<p style=\"margin-bottom: 0.0001pt; text-indent: 27pt; text-align: justify;\"><b><span style=\"font-size: 12pt; line-height: 115%; font-family: 'Arial','sans-serif';\">B\u00fct\u00fcn bu felaket senaryolar\u0131n\u0131 ve h\u0131yanet haz\u0131rl\u0131klar\u0131n\u0131, AKP yalakas\u0131na d\u00f6n\u00fc\u015fen \u0130brahim Karag\u00fcl \u201cHaritalar\u0131 yeniden \u00e7izecek m\u00fcthi\u015f g\u00fc\u00e7\u201d yaz\u0131s\u0131nda, \u201cAKP\u2019nin kerameti ve g\u00fcya demokratik bilince kavu\u015fan bireylerin marifeti\u201d olarak yorumluyor ve hi\u00e7 de s\u0131k\u0131lm\u0131yordu.<\/span><\/b><\/p>\n<p style=\"margin-bottom: 0.0001pt; text-indent: 27pt; text-align: justify;\"><span style=\"font-size: 12pt; line-height: 115%; font-family: 'Arial','sans-serif';\">\u201c\u015eimdi s\u00f6z konusu rapora d\u00f6nelim: <\/span><\/p>\n<p style=\"margin-bottom: 0.0001pt; text-indent: 27pt; text-align: justify;\"><span style=\"font-size: 12pt; line-height: 115%; font-family: 'Arial','sans-serif';\">2030 y\u0131l\u0131na kadar d\u00fcnyay\u0131 de\u011fi\u015ftirecek d\u00f6rt b\u00fcy\u00fck e\u011filim var: Bireysel g\u00fc\u00e7lenme, g\u00fcc\u00fcn yay\u0131lmas\u0131, demografik d\u00fczen, artan g\u0131da ve enerji ihtiyac\u0131&#8230; Bireyin g\u00fc\u00e7lenmesi bence d\u00fcnyay\u0131 de\u011fi\u015ftirecek en \u00f6nemli etken. Arap Bahar\u0131 ve Tahrir ruhu ile g\u00fcndemimize giren, bug\u00fcn Ortado\u011fu&#8217;da kendini hissettiren, yar\u0131n Avrupa&#8217;n\u0131n ve Asya&#8217;n\u0131n en \u00f6nemli kentlerini harekete ge\u00e7irmesi beklenen, sokaklar\u0131n devletleri ve sistemleri de\u011fi\u015ftirdi\u011fi bir d\u00f6nem ba\u015fl\u0131yor. Belki de 21. Y\u00fczy\u0131l&#8217;\u0131n en b\u00fcy\u00fck de\u011fi\u015fikli\u011fi, devrimi bu olacak.<\/span><\/p>\n<p style=\"margin-bottom: 0.0001pt; text-indent: 27pt; text-align: justify;\"><span style=\"font-size: 12pt; line-height: 115%; font-family: 'Arial','sans-serif';\">G\u00fcc\u00fcn yay\u0131lmas\u0131na gelince.. &#8220;D\u00fcnyan\u0131n a\u011f\u0131rl\u0131k merkezi Do\u011fu&#8217;ya kay\u0131yor&#8221; c\u00fcmlesini herkes hat\u0131rlayacakt\u0131r. Yirmi y\u0131ld\u0131r yo\u011fun bi\u00e7imde bu tart\u0131\u015f\u0131l\u0131yor zaten. Son d\u00f6nemlerde T\u00fcrkiye&#8217;de &#8220;eksen kaymas\u0131&#8221; olarak ifadesini bulan tart\u0131\u015fma da bu b\u00fcy\u00fck g\u00fc\u00e7 kaymas\u0131n\u0131n bir par\u00e7as\u0131. <\/span><\/p>\n<p style=\"margin-bottom: 0.0001pt; text-indent: 27pt; text-align: justify;\"><b><i><span style=\"font-size: 12pt; line-height: 115%; font-family: 'Arial','sans-serif';\">K\u00fcrt devletinin kurulmas\u0131, T\u00fcrkiye ve b\u00f6lge i\u00e7in k\u00e2bus senaryosu olarak nitelenmi\u015f. Ba\u011f\u0131ms\u0131z bir K\u00fcrt devleti kurulmas\u0131, bug\u00fcnk\u00fc Ortado\u011fu&#8217;daki g\u00fc\u00e7 haritas\u0131n\u0131 tamamen de\u011fi\u015ftirecektir, bu do\u011fru. Ama \u00e7at\u0131\u015fmalar yerine ortakl\u0131klar in\u015fa edilirse bu ayn\u0131 zamanda m\u00fcthi\u015f bir g\u00fcce d\u00f6n\u00fc\u015fecektir, bu da do\u011fru&#8230;<\/span><\/i><\/b><\/p>\n<p style=\"margin-bottom: 0.0001pt; text-indent: 27pt; text-align: justify;\"><b><i><span style=\"font-size: 12pt; line-height: 115%; font-family: 'Arial','sans-serif';\">Birinci D\u00fcnya Sava\u015f\u0131 sonras\u0131 olu\u015fturulan Ortado\u011fu-\u0130slam ku\u015fa\u011f\u0131ndaki b\u00fct\u00fcn haritalar sanald\u0131r, ger\u00e7eklikten uzakt\u0131r. \u015eimdi, bu haritalar\u0131n de\u011fi\u015fece\u011fi s\u00f6yleniyor.<\/span><\/i><\/b><\/p>\n<p style=\"margin-bottom: 0.0001pt; text-indent: 27pt; text-align: justify;\"><b><i><span style=\"font-size: 12pt; line-height: 115%; font-family: 'Arial','sans-serif';\">Evet, haritalar de\u011fi\u015fecek. Nas\u0131l ki g\u00fc\u00e7 haritas\u0131 de\u011fi\u015fiyor, bunun bir ad\u0131m sonras\u0131 co\u011frafi haritalar\u0131n, \u00fclkelerin de\u011fi\u015fmesidir. Ancak bu, sadece Ortado\u011fu i\u00e7in de\u011fil b\u00fct\u00fcn d\u00fcnya i\u00e7in muhtemeldir.\u201d<a href=\"#_ftn2\" name=\"_ftnref2\" title=\"title\"><b><span style=\"font-size: 12pt; line-height: 115%; font-family: 'Arial','sans-serif';\">[2]<\/span><\/b><\/a><\/span><\/i><\/b><\/p>\n<p style=\"margin-bottom: 0.0001pt; text-indent: 27pt; text-align: justify;\"><b><span style=\"font-size: 14pt; line-height: 115%; font-family: 'Arial','sans-serif';\">\u0130\u015fte T\u00fcrkiye\u2019nin par\u00e7alanmas\u0131n\u0131, K\u00fcrdistan\u2019\u0131n kurulmas\u0131n\u0131 bile, olumlu bir ak\u0131bet ve onurlu bir maharet gibi sunanlar\u0131n, nas\u0131l bir ruh sefaletine u\u011frad\u0131klar\u0131n\u0131, art\u0131k izan ve vicdan sahibi herkes seziyordu.<\/span><\/b><\/p>\n<p style=\"margin-bottom: 0.0001pt; text-indent: 27pt; text-align: justify;\"><span style=\"font-size: 12pt; line-height: 115%; font-family: 'Arial','sans-serif';\">\u0130brahim Karag\u00fcl gibi, milli haysiyeti ve manevi hassasiyeti sa\u011flam bilinen ve kendilerine \u00fcmit beslenen yazarlar\u0131m\u0131z\u0131n bile bu denli yamulmas\u0131 ve toplumu yan\u0131ltmaya \u00e7al\u0131\u015fmas\u0131; hidayet kararmas\u0131n\u0131n, izan ve vicdan kaymas\u0131n\u0131n hangi boyutlara ula\u015ft\u0131\u011f\u0131n\u0131 g\u00f6stermesi bak\u0131m\u0131ndan bizleri dahi \u015fa\u015f\u0131rt\u0131yordu.<\/span><\/p>\n<p style=\"margin-bottom: 0.0001pt; text-indent: 27pt; text-align: justify;\"><b><span style=\"font-size: 16pt; line-height: 115%; font-family: 'Arial Black','sans-serif';\">Dindar K\u00fcrtler ise \u201cH\u00fcda-Par\u201d ile b\u00f6l\u00fcnmeye haz\u0131rlan\u0131yordu!<\/span><\/b><\/p>\n<p style=\"margin-bottom: 0.0001pt; text-indent: 27pt; text-align: justify;\"><span style=\"font-size: 12pt; line-height: 115%; font-family: 'Arial','sans-serif';\">Bu arada G\u00fcneydo\u011fu\u2019da ve Do\u011fu\u2019da BDP\u2019ye yana\u015fmayan, AKP\u2019de ise umdu\u011funu bulamayan K\u00fcrt karde\u015flerimizin dindar kesimi de, Hizbullah\u00e7\u0131lar\u0131n temsilcisi olarak kurulacak \u201cH\u00dcDA-PAR\u201d yoluyla organize edilip, \u0130slamc\u0131 s\u00f6ylemlerle T\u00fcrkiye\u2019nin par\u00e7alanmas\u0131na ve K\u00fcrdistan\u2019\u0131n kurulmas\u0131na taraftar hale getirilmeye \u00e7al\u0131\u015f\u0131l\u0131yordu. \u201cMustazaf Der\u201din kapat\u0131lmas\u0131n\u0131n ard\u0131ndan partile\u015fme karar\u0131 alan \u00e7evreler, PKK\u2019dan farkl\u0131 ve ayk\u0131r\u0131 s\u00f6ylemlerle, ama maalesef sonu\u00e7ta ayn\u0131 hedeflere varacak yanl\u0131\u015flara alet oluyordu.<\/span><\/p>\n<p style=\"margin-bottom: 0.0001pt; text-indent: 27pt; text-align: justify;\"><b><span style=\"font-size: 14pt; line-height: 115%; font-family: 'Arial','sans-serif';\">AJC (ABD Yahudi Kongresi)den \u201cCesaret Madalyas\u0131\u201d, ADL (Yahudi Kar\u015f\u0131tl\u0131\u011f\u0131na Kar\u015f\u0131 Birlik Derne\u011fi)den \u201c\u00dcst\u00fcn Hizmet Madalyas\u0131\u201d alan bir Ba\u015fbakan\u2019la T\u00fcrkiye nereye s\u00fcr\u00fckleniyordu?<\/span><\/b><\/p>\n<p style=\"margin-bottom: 0.0001pt; text-indent: 27pt; text-align: justify;\"><b><span style=\"font-size: 12pt; line-height: 115%; font-family: 'Arial','sans-serif';\">Yahudi cesaret madalyal\u0131 \u201c\u0130slam m\u00fccahidi\u201d(!) bizi mi, yoksa Yahudi Lobilerini mi kand\u0131r\u0131yordu?<\/span><\/b><\/p>\n<p style=\"margin-bottom: 0.0001pt; text-indent: 27pt; text-align: justify;\"><b><span style=\"font-size: 14pt; line-height: 115%; font-family: 'Arial','sans-serif';\">Ad\u0131: AJC (ABD Yahudi Kongresi)<\/span><\/b><\/p>\n<p style=\"margin-bottom: 0.0001pt; text-indent: 27pt; text-align: justify;\"><b><span style=\"font-size: 12pt; line-height: 115%; font-family: 'Arial','sans-serif';\">1906\u2019da New York\u2019ta Yahudi bankerler taraf\u0131ndan te\u015fkil edildi. Misyonu: \u0130srail devletini kurmak ve Siyonizm\u2019i d\u00fcnyaya egemen k\u0131lmak olarak belirlendi. D\u00fcnya Musevi \u00d6rg\u00fctleri\u2019nin \u00e7at\u0131s\u0131 olan AJC sadece Siyonist \u00f6nderlere lay\u0131k g\u00f6rd\u00fc\u011f\u00fc <\/span><\/b><b><span style=\"font-size: 14pt; line-height: 115%; font-family: 'Arial','sans-serif';\">cesaret madalyas\u0131n\u0131 <\/span><\/b><b><span style=\"font-size: 12pt; line-height: 115%; font-family: 'Arial','sans-serif';\">kurulu\u015fundan beri ilk kez bir M\u00fcsl\u00fcman\u2019a verdi. Bu ki\u015fi, b\u00fct\u00fcn gen\u00e7li\u011fini \u201cKahrolsun \u0130srail\u201d diye ba\u011f\u0131rarak ge\u00e7iren Recep Tayyip Erdo\u011fan\u2019dan ba\u015fkas\u0131 de\u011fildi.<\/span><\/b><\/p>\n<p style=\"margin-bottom: 0.0001pt; text-indent: 27pt; text-align: justify;\"><b><span style=\"font-size: 14pt; line-height: 115%; font-family: 'Arial','sans-serif';\">Ad\u0131: ADL (Anti Deformation Launge)<\/span><\/b><\/p>\n<p style=\"margin-bottom: 0.0001pt; text-indent: 27pt; text-align: justify;\"><b><span style=\"font-size: 12pt; line-height: 115%; font-family: 'Arial','sans-serif';\">Yahudilerin ABD\u2019deki bir di\u011fer b\u00fcy\u00fck \u00f6rg\u00fct\u00fc olarak bilinirdi. Ba\u015fkan\u0131 Abraham Foxman, Recep Tayyip Erdo\u011fan\u2019a \u00fcst\u00fcn hizmet madalyas\u0131n\u0131 takarken onu Musevilerin ebedi dostu olarak ilan etmi\u015fti. 2001 y\u0131l\u0131nda, yani AKP\u2019nin kurulu\u015f a\u015famas\u0131nda Abraham Foxman \u0130stanbul\u2019a gelip Erdo\u011fan ve G\u00fcl ile gizlice bulu\u015farak D\u00fcnya Yahudi Cemaati\u2019nin AKP\u2019ye verece\u011fi deste\u011fi taahh\u00fct eden Siyonist Yahudi\u2019ydi. Soruyorum size, siyasal \u0130slamc\u0131 g\u00fcruh taraf\u0131ndan Morrison lakab\u0131yla onlarca y\u0131l hedefe oturtulan S\u00fcleyman Demirel\u2019e bile verilmeyen bu Yahudi madalyalar\u0131n\u0131n amac\u0131 ve anlam\u0131 neydi? Bu madalyalar\u0131 alan ve hala takan Tayyip Erdo\u011fan\u2019\u0131n tak\u0131nd\u0131\u011f\u0131 o s\u00f6zde Filistin yanl\u0131s\u0131 tav\u0131r ve tutumlar hi\u00e7 inand\u0131r\u0131c\u0131 olabilir miydi? Ne yani, Filistin\u2019e sempati duyanlar\u0131n kakalar\u0131n\u0131 bile izleyip tahlile sokan \u0130srail, Tayyip Erdo\u011fan takiye yap\u0131yor da fark m\u0131 edememi\u015ftir? AJC ve ADL birini bu bi\u00e7imde madalyalarla kucaklam\u0131\u015fsa onun misyonu ortada demektir. Buradan hareketle bu madalyalar\u0131 alan birinin Gazze katliam\u0131 edebiyatlar\u0131n\u0131 yapmas\u0131 ne anlama gelmekteydi? Bir insan hem Yahudi madalyal\u0131 hem de Hamas sevdal\u0131s\u0131 olabilir miydi?<\/span><\/b><\/p>\n<p style=\"margin-bottom: 0.0001pt; text-indent: 27pt; text-align: justify;\"><b><i><span style=\"font-size: 12pt; line-height: 115%; font-family: 'Arial','sans-serif';\">\u201cSen duygu s\u00f6m\u00fcr\u00fcs\u00fcn\u00fc ve kof davul g\u00fcr\u00fclt\u00fcs\u00fcn\u00fc b\u0131rak\u0131p, Gazze\u2019de \u015fehadete eren bebelerin hat\u0131r\u0131na \u015fu Yahudi madalyalar\u0131ndan birini iade etsene!\u201d<\/span><\/i><\/b><span style=\"font-size: 12pt; line-height: 115%; font-family: 'Arial','sans-serif';\"> uyar\u0131 ve \u00e7a\u011fr\u0131lar\u0131na hala neden bir yan\u0131t gelmemi\u015fti?<\/span><\/p>\n<p style=\"margin-bottom: 0.0001pt; text-indent: 27pt; text-align: justify;\"><span style=\"font-size: 12pt; line-height: 115%; font-family: 'Arial','sans-serif';\">Abraham Foxman, ya da Amerikan Yahudi toplumunda &#8216;Abe&#8217; olarak an\u0131lan ve \u00f6zel bir sayg\u0131 duyulan Siyonist kahraman(!), ABD&#8217;deki \u0130srail lobisinin amiral gemisi Anti Defamation League (Ayr\u0131mc\u0131l\u0131k ve \u0130nk\u00e2ra Kar\u015f\u0131 Birlik)&#8217;in 1987&#8217;den beri kaptanl\u0131\u011f\u0131n\u0131 y\u00fcr\u00fctmekteydi. ADL, 2005 y\u0131l\u0131ndaki \u201c\u0130kinci D\u00fcnya Sava\u015f\u0131 s\u0131ras\u0131nda Avrupa&#8217;n\u0131n \u00e7e\u015fitli \u015fehirlerinde Yahudilerin hayatlar\u0131n\u0131 kurtaran T\u00fcrk diplomatlar\u0131n an\u0131s\u0131na\u201d k\u0131l\u0131f\u0131yla, ama asl\u0131nda Erbakan\u2019a h\u0131yaneti hat\u0131r\u0131na, Ba\u015fbakan Erdo\u011fan&#8217;a da &#8216;\u00dcst\u00fcn Cesaret \u00d6d\u00fcl\u00fc&#8217; vermi\u015fti.<\/span><\/p>\n<p style=\"margin-bottom: 0.0001pt; text-indent: 27pt; text-align: justify;\"><span style=\"font-size: 12pt; line-height: 115%; font-family: 'Arial','sans-serif';\">Abraham Foxman Polonya&#8217;da Sovyet i\u015fgalinin hemen ard\u0131ndan do\u011fmu\u015f ve i\u015fgal sonras\u0131 Polonya&#8217;y\u0131 terk etmek zorunda kalan ailesi taraf\u0131ndan Katolik bak\u0131c\u0131s\u0131na emanet edilince bir Katolik H\u0131ristiyan olarak vaftiz edilmi\u015fti. &#8216;Abe&#8217; d\u00f6rt ya\u015f\u0131ndayken geri d\u00f6nen ailesi, uzun s\u00fcren velayet davas\u0131n\u0131 kazan\u0131p ABD&#8217;ye g\u00f6\u00e7 edince, geri kalan\u0131n\u0131 Musevi olarak ge\u00e7irece\u011fi yeni bir hayata ba\u015flam\u0131\u015f ve Siyonist \u015febekede en \u00fcst r\u00fctbelere eri\u015fmi\u015fti.<\/span><\/p>\n<p style=\"margin-bottom: 0.0001pt; text-indent: 27pt; text-align: justify;\"><span style=\"font-size: 12pt; line-height: 115%; font-family: 'Arial','sans-serif';\">USA-Sabah New York temsilcisi \u0130smihan Y\u0131lmaz\u2019a verdi\u011fi r\u00f6portajda Abraham Foxman <\/span><b><span style=\"font-size: 14pt; line-height: 115%; font-family: 'Arial','sans-serif';\">Dinler Aras\u0131 Diyalog Grubunu<\/span><\/b><span style=\"font-size: 12pt; line-height: 115%; font-family: 'Arial','sans-serif';\"> kurdu\u011funu itiraf etmi\u015fti: <\/span><\/p>\n<p style=\"margin-bottom: 0.0001pt; text-indent: 27pt; text-align: justify;\"><b><i><span style=\"font-size: 12pt; line-height: 115%; font-family: 'Arial','sans-serif';\">\u201cM\u00fcsl\u00fcmanlar i\u00e7in ne yapt\u0131\u011f\u0131m\u0131za gelince, 11 Eyl\u00fcl&#8217;den sonra 400 civar\u0131nda cami sald\u0131r\u0131s\u0131 ya\u015fand\u0131, yeni camii in\u015faatlar\u0131 konusunda s\u0131k\u0131nt\u0131lar vard\u0131. Bu d\u00f6nemde ADL bir t\u00fcr M\u00fcsl\u00fcman, H\u0131ristiyan ve Yahudilerden olu\u015fan \u2018dinler aras\u0131\u2019 bir \u00e7al\u0131\u015fma grubu olu\u015fturarak M\u00fcsl\u00fcman Amerikal\u0131lar\u0131n bu haklar\u0131n\u0131 yerine getirebilmeleri i\u00e7in kampanyalar ba\u015flatt\u0131.\u201d <\/span><\/i><\/b><\/p>\n<p style=\"margin-bottom: 0.0001pt; text-indent: 27pt; text-align: justify;\"><b><i><span style=\"font-size: 12pt; line-height: 115%; font-family: 'Arial','sans-serif';\">\u201cBir zamanlar ili\u015fkilerimiz o derece yak\u0131nd\u0131 ki, Ba\u015fbakan Erdo\u011fan benim sarf etti\u011fim bir ifadeden dolay\u0131 \u015eimon Peres&#8217;i aray\u0131p benimle konu\u015fmas\u0131n\u0131 ve ifademi geri almam\u0131 rica etmi\u015fti ve \u015eimon Peres beni aray\u0131nca ricas\u0131n\u0131 yerine getirmi\u015ftim. Benim T\u00fcrkiye&#8217;nin y\u00f6neticileri ile \u00f6zledi\u011fim ili\u015fki bi\u00e7imi budur.\u201d<\/span><\/i><\/b><\/p>\n<p style=\"margin-bottom: 0.0001pt; text-indent: 27pt; text-align: justify;\"><b><i><span style=\"font-size: 12pt; line-height: 115%; font-family: 'Arial','sans-serif';\"><b><i><span style=\"font-size: 12pt; line-height: 115%; font-family: 'Arial','sans-serif';\">\u201c\u0130srail art\u0131k T\u00fcrkiye ile ili\u015fkilerinin daha fazla gerilmesini istemiyor; \u0130srail geri \u00e7ekti kendini ve T\u00fcrkiye&#8217;den de ayn\u0131 tavr\u0131 bekliyor. T\u00fcrkiye de gerilimi art\u0131racak t\u00fcrden fiillerden ka\u00e7\u0131n\u0131rsa bir s\u00fcre iki taraf da durup d\u00fc\u015f\u00fcn\u00fcp ili\u015fkileri yeniden g\u00f6zden ge\u00e7irebilirler. \u015eu anda ili\u015fkinin en az\u0131ndan oldu\u011fundan daha da k\u00f6t\u00fcye gitmesini engellemeye \u00e7abalamak gerekiyor. Zira Yunanistan ve \u0130ran gibi T\u00fcrk-\u0130srail ili\u015fkilerin k\u00f6t\u00fc olmas\u0131ndan faydalanmak isteyenler var. Bu durumdan faydalanmaya \u00e7al\u0131\u015fanlara f\u0131rsat verilmemeli. \u00c7\u00fcnk\u00fc \u0130srail ile T\u00fcrkiye hala dost bence. Sadece ili\u015fkinin yo\u011funlu\u011fu ve gerilimi biraz farkl\u0131 eskiye g\u00f6re, o kadar. \u0130li\u015fkilerin so\u011fumas\u0131 iki taraf\u0131 otomatik olarak d\u00fc\u015fman yapmaz birbirine.\u201d<b><i><span style=\"font-size: 12pt; line-height: 115%; font-family: 'Arial','sans-serif';\"><a href=\"#_ftn3\" name=\"_ftnref3\" title=\"title\"><b><span style=\"font-size: 12pt; line-height: 115%; font-family: 'Arial','sans-serif';\">[3]<\/span><\/b><\/a><\/span><\/i><\/b><\/span><\/i><\/b><\/span><\/i><\/b><\/p>\n<div>\n<hr align=\"left\" size=\"1\" width=\"33%\" \/>\n<div>\n<p><a href=\"#_ftnref1\" name=\"_ftn1\" title=\"title\"><span><span style=\"font-size: 9pt; font-family: 'Arial','sans-serif';\"><span><span><span style=\"font-size: 9pt; line-height: 115%; font-family: 'Arial','sans-serif';\">[1]<\/span><\/span><\/span><\/span><\/span><\/a><span style=\"font-size: 9pt; font-family: 'Arial','sans-serif';\"> <a href=\"http:\/\/www.sondevir.com\/manset\/107173\/kcknin-kurulusunda-mit-aktif-rol-oynadi.html\">http:\/\/www.sondevir.com\/manset\/107173\/kcknin-kurulusunda-mit-aktif-rol-oynadi.html<\/a><\/span><\/p>\n<\/p><\/div>\n<div>\n<p><a href=\"#_ftnref2\" name=\"_ftn2\" title=\"title\"><span><span style=\"font-size: 9pt; font-family: 'Arial','sans-serif';\"><span><span><span style=\"font-size: 9pt; line-height: 115%; font-family: 'Arial','sans-serif';\">[2]<\/span><\/span><\/span><\/span><\/span><\/a><span style=\"font-size: 9pt; font-family: 'Arial','sans-serif';\"> 12.12.2012-Yeni\u015fafak<\/span><\/p>\n<\/p><\/div>\n<div>\n<p><a href=\"#_ftnref3\" name=\"_ftn3\" title=\"title\"><span><span style=\"font-size: 9pt; font-family: 'Arial','sans-serif';\"><span><span><span style=\"font-size: 9pt; line-height: 115%; font-family: 'Arial','sans-serif';\">[3]<\/span><\/span><\/span><\/span><\/span><\/a><span style=\"font-size: 9pt; font-family: 'Arial','sans-serif';\"> (01.03.2011)<\/span><\/p>\n<\/p><\/div>\n<\/p><\/div>\n","protected":false},"excerpt":{"rendered":"<p>\u00a0ABD&#8217;deki istihbarat kurulu\u015flar\u0131n\u0131 b\u00fcnyesinde toplayan Ulusal \u0130stihbarat Direkt\u00f6rl\u00fc\u011f\u00fc&#8217;ne ba\u011fl\u0131, Ulusal \u0130stihbarat Konseyi taraf\u0131ndan haz\u0131rlanan &#8221;K\u00fcresel E\u011filimler 2030: Alternatif D\u00fcnyalar&#8221; raporunda, 2030 y\u0131l\u0131n\u0131 bekleyen en iyi senaryo olarak: ABD, Avrupa ve \u00c7in&#8217;in i\u015fbirli\u011finde ve tabi Siyonizm\u2019in g\u00fcd\u00fcm\u00fcnde bir d\u00fcnya, en k\u00f6t\u00fc senaryo ise, devletler aras\u0131nda geni\u015f \u00e7apl\u0131 ihtilaflar\u0131n olu\u015fmas\u0131, \u00f6zellikle T\u00fcrkiye-\u0130ran \u00e7at\u0131\u015fmas\u0131 ve G\u00fcneydo\u011fu Anadolu\u2019yu da [&hellip;]<\/p>\n","protected":false},"author":20,"featured_media":0,"comment_status":"open","ping_status":"closed","sticky":false,"template":"","format":"standard","meta":{"footnotes":""},"categories":[98],"tags":[],"class_list":["post-2502","post","type-post","status-publish","format-standard","hentry","category-ozel-yazilar"],"_links":{"self":[{"href":"https:\/\/www.millicozum.com\/mc\/wp-json\/wp\/v2\/posts\/2502","targetHints":{"allow":["GET"]}}],"collection":[{"href":"https:\/\/www.millicozum.com\/mc\/wp-json\/wp\/v2\/posts"}],"about":[{"href":"https:\/\/www.millicozum.com\/mc\/wp-json\/wp\/v2\/types\/post"}],"author":[{"embeddable":true,"href":"https:\/\/www.millicozum.com\/mc\/wp-json\/wp\/v2\/users\/20"}],"replies":[{"embeddable":true,"href":"https:\/\/www.millicozum.com\/mc\/wp-json\/wp\/v2\/comments?post=2502"}],"version-history":[{"count":0,"href":"https:\/\/www.millicozum.com\/mc\/wp-json\/wp\/v2\/posts\/2502\/revisions"}],"wp:attachment":[{"href":"https:\/\/www.millicozum.com\/mc\/wp-json\/wp\/v2\/media?parent=2502"}],"wp:term":[{"taxonomy":"category","embeddable":true,"href":"https:\/\/www.millicozum.com\/mc\/wp-json\/wp\/v2\/categories?post=2502"},{"taxonomy":"post_tag","embeddable":true,"href":"https:\/\/www.millicozum.com\/mc\/wp-json\/wp\/v2\/tags?post=2502"}],"curies":[{"name":"wp","href":"https:\/\/api.w.org\/{rel}","templated":true}]}}