{"id":2517,"date":"2013-01-26T21:05:22","date_gmt":"2013-01-26T21:05:22","guid":{"rendered":"https:\/\/www.millicozum.com\/mc\/2013\/01\/26\/tarih-bilinci-ve-sabataizm-gercegi\/"},"modified":"2013-01-26T21:05:22","modified_gmt":"2013-01-26T21:05:22","slug":"tarih-bilinci-ve-sabataizm-gercegi","status":"publish","type":"post","link":"https:\/\/www.millicozum.com\/mc\/2013\/subat-2013\/tarih-bilinci-ve-sabataizm-gercegi\/","title":{"rendered":"TAR\u0130H B\u0130L\u0130NC\u0130 VE SABATA\u0130ZM GER\u00c7E\u011e\u0130"},"content":{"rendered":"\n<p>&nbsp;<\/p>\n<div class=\"WordSection1\">\n<p style=\"margin-bottom: 0.0001pt; text-align: justify; text-indent: 1cm; line-height: 150%;\"><b><span style=\"font-size: 10pt; line-height: 150%; font-family: Arial, sans-serif; color: black;\">\u00d6ncelikle ve \u00f6zellikle belirtelim ki; bizim hi\u00e7 kimsenin k\u00f6keni ve kimli\u011fi ile bir sorunumuzun olmas\u0131 s\u00f6z konusu de\u011fildir. \u0130nsanlar\u0131n \u0131rk\u0131n\u0131, inanc\u0131n\u0131 veya ya\u015fam tarz\u0131n\u0131 sorgulamak, \u00e7a\u011fd\u0131\u015f\u0131 bir d\u00fc\u015f\u00fcncedir. \u00dclkemiz, Milletimiz ve devletimiz aleyhinde h\u0131yanete y\u00f6nelmeyen, d\u0131\u015f g\u00fc\u00e7lerle i\u015fbirli\u011fine giri\u015fmeyen, farkl\u0131 din ve k\u00f6kenden b\u00fct\u00fcn vatanda\u015flar\u0131m\u0131z bizim i\u00e7in sayg\u0131de\u011ferdir. Zaten ger\u00e7ek Cumhuriyet de\u011ferlerinde ve Laiklik ilkesinde, farkl\u0131, hatta ayk\u0131r\u0131 k\u00fclt\u00fcr ve kimli\u011fe mensup insanlar\u0131n, birlikte ve bar\u0131\u015f i\u00e7erisinde ya\u015fayabilmeleri, ortak ama\u00e7lar ve ihtiya\u00e7lar etraf\u0131nda kayna\u015fabilmeleri ve birbirlerine temel insan haklar\u0131 \u00e7er\u00e7evesinde yakla\u015fabilmeleri esas gayedir.<\/span><\/b><\/p>\n<p style=\"margin-bottom: 0.0001pt; text-align: justify; text-indent: 1cm; line-height: 150%;\"><b><span style=\"font-size: 10pt; line-height: 150%; font-family: Arial, sans-serif; color: black;\">Ancak sinsi emelleri ve gizli gayeleri i\u00e7in, zahiren bizden g\u00f6r\u00fcn\u00fcp, Milli birlik ve dirli\u011fimizi bozmaya, as\u0131rlar boyu biriktirilmi\u015f bir kinle, bizden intikam almaya y\u00f6nelen hainlerin varl\u0131\u011f\u0131 da bir ger\u00e7ektir ve bunlar\u0131 tan\u0131mak ve tedbirli olmak ta mutlaka gereklidir. Matt Goldish\u2019in yazd\u0131\u011f\u0131 \u201cSabataist Ermi\u015fler\u201d kitab\u0131nda Sabataist d\u00f6nmelerin ve Siyonist Yahudilerin Kapadokya ve Mezopotamya b\u00f6lgelerinin M\u00fcsl\u00fcman T\u00fcrklerden geri al\u0131nmas\u0131na kutsal bir ama\u00e7 olarak bakt\u0131klar\u0131n\u0131 haber vermektedir.<\/span><\/b><\/p>\n<p style=\"margin-bottom: 0.0001pt; text-align: justify; text-indent: 1cm; line-height: 150%;\"><span style=\"font-family: Arial, sans-serif; color: black;\">Tarih, bir toplumun ortak bilincidir. Kendi tarihine yabanc\u0131 olan, hatta utan\u0131p ondan kurtulmaya \u00e7al\u0131\u015fan bir toplum, millet olma \u00f6zelli\u011fini ve gelece\u011fe y\u00f6n verme \u00fcmit ve yetene\u011fini yitirmi\u015f demektir. Siyonizm ger\u00e7e\u011fini bilmeden yak\u0131n tarihimizi ve g\u00fcn\u00fcm\u00fcz\u00fcn problemlerini do\u011fru de\u011ferlendirmek ve \u00e7\u00f6z\u00fcm \u00fcretmek m\u00fcmk\u00fcn de\u011fildir. Bug\u00fcn, Amerika Birle\u015fik Devletleri tarihsizlikten kavruluyor. Bizim toplumumuzun kendi yak\u0131n tarihine tak\u0131lm\u0131\u015fl\u0131\u011f\u0131 ise hala s\u00fcr\u00fcyor. Ne yaz\u0131k ki bas\u0131n yay\u0131n ve bilim adamlar\u0131 \u00fczerine d\u00fc\u015feni yapm\u0131yor. Ve yak\u0131n tarih \u00fcst\u00fcm\u00fcze devriliyor. <\/span><\/p>\n<p style=\"margin-bottom: 0.0001pt; text-align: justify; text-indent: 1cm; line-height: 150%;\"><span style=\"font-family: Arial, sans-serif; color: black;\">Osmanl\u0131 d\u00f6neminde ilk Celali \u0130syanlar\u0131&#8217;n\u0131n temeli neydi? \u015eii inanc\u0131n\u0131 a\u015f\u0131lama ve ona kar\u015f\u0131 \u00e7\u0131kma gayretiyle halk y\u0131\u011f\u0131nlar\u0131 birbirine girmedi mi?<\/span><\/p>\n<p style=\"margin-bottom: 0.0001pt; text-align: justify; text-indent: 1cm; line-height: 150%;\"><span style=\"font-family: Arial, sans-serif; color: black;\">Ona benzer hadiselerin hepsini tek tek incelesek, kar\u015f\u0131m\u0131za \u00e7\u0131kacak olanlar\u0131n bir\u00e7o\u011fu sinsi ve Siyonist Yahudi hareketiydi.<\/span><\/p>\n<p style=\"margin-bottom: 0.0001pt; text-align: justify; text-indent: 1cm; line-height: 150%;\"><span style=\"font-family: Arial, sans-serif; color: black;\">G\u00fcn\u00fcm\u00fcze de bakarsak \u00f6\u011frenci olaylar\u0131n\u0131n, sa\u011f sol \u00e7at\u0131\u015fmalar\u0131n\u0131n, K\u00fcrt-T\u00fcrk ayr\u0131\u015fmas\u0131n\u0131n, Laik-dindar kampla\u015fmas\u0131n\u0131n ayn\u0131 d\u00fcrt\u00fclerle oldu\u011fu bir ger\u00e7ekti. 12 Eyl\u00fcl \u00f6ncesi \u00f6z be \u00f6z gen\u00e7lerimizi bize yani birbirlerimize d\u00fc\u015fman edenler, onlar de\u011fil miydi? Bunlar\u0131 bilmek i\u00e7in k\u00e2hin olmak ya da istihbarattan olmak gerekmez; a\u00e7\u0131ktan oynanan oyunlar\u0131 sezmek i\u00e7in biraz feraset yeterliydi.<\/span><\/p>\n<p style=\"margin-bottom: 0.0001pt; text-align: justify; text-indent: 1cm; line-height: 150%;\"><span style=\"font-family: Arial, sans-serif; color: black;\">Yine Osmanl\u0131 tarihindeki d\u00f6nme \u015feyh Bedreddin\u2019in izini s\u00fcrelim. \u015eeyh ve \u0130slam \u00e2limi ge\u00e7inen ve g\u00fcn\u00fcm\u00fczde baz\u0131 solcularca \u00f6rnek g\u00f6sterilen bu ki\u015fi de yine Yahudi d\u00f6nmesiydi ve M\u0131s\u0131r\u2019da ders g\u00f6rm\u00fc\u015f bir ki\u015fiydi.<\/span><a href=\"#_ftn1\" name=\"_ftnref1\" title=\"\"><span><span style=\"font-family: Arial, sans-serif; color: black;\"><span><span style=\"font-size: 11pt; line-height: 115%;\">[1]<\/span><\/span><\/span><\/span><\/a><span style=\"font-family: Arial, sans-serif; color: black;\"> Evet, ama \u0130slam ad\u0131na \u0130slam\u2019\u0131 yozla\u015ft\u0131ran birisiydi. \u0130slam\u2019\u0131 ve M\u00fcsl\u00fcman T\u00fcrkleri i\u00e7ten y\u0131kmakla g\u00f6revliydi. Bunlar\u0131n ve yobazlar\u0131n tahribatlar\u0131n\u0131 Atat\u00fcrk d\u00fczeltmeye ve \u0130slam\u2019\u0131 asl\u0131na d\u00f6nd\u00fcrmeye gayret etmi\u015fti. Osmanl\u0131 tarihinin hemen en \u00f6nceki ayaklanmas\u0131 olan Simavnal\u0131 \u015eeyh Bedreddin\u2019in \u0130syan\u0131\u2019ndan, ba\u015fka cumhuriyetten sonraki din istismarc\u0131lar\u0131 ve isyanc\u0131lar\u0131 da \u015eeyh Bedreddin\u2019in izinde y\u00fcr\u00fcm\u00fc\u015flerdir. Yani d\u0131\u015f \u00fclkelerin ayn\u0131 te\u015fkilat \u00e7al\u0131\u015fmalar\u0131n\u0131n s\u00fcre gelmesidir.<\/span><\/p>\n<p style=\"margin-bottom: 0.0001pt; text-align: justify; text-indent: 1cm; line-height: 150%;\"><b><span style=\"font-size: 10pt; line-height: 150%; font-family: Arial, sans-serif; color: black;\">Sabatay Sevi Kimdir?<\/span><\/b><\/p>\n<p style=\"margin-bottom: 0.0001pt; text-align: justify; text-indent: 1cm; line-height: 150%;\"><span style=\"font-size: 10pt; line-height: 150%; font-family: Arial, sans-serif; color: black;\">D\u00f6nmelik konusunda en \u00e7arp\u0131c\u0131 \u00f6rnek olan Sabatay Sevi&#8217;yi (\u015eaptay Tsvi) \u00f6zellikle izlemek ve irdelemek gerekir. Asl\u0131nda bir Yahudi haham\u0131 olan bu ki\u015fi as\u0131rlar boyu s\u00fcrecek bir sinsi h\u0131yanete \u00f6nc\u00fcl\u00fck etmi\u015ftir. Kud\u00fcs&#8217;e gidip iki y\u0131l hahaml\u0131k e\u011fitimi g\u00f6rerek \u0130zmir\u2019e d\u00f6nd\u00fckten sonra T\u00fcrkiye&#8217;deki \u0130sraillileri Mesihlik iddias\u0131yla s\u00f6z birli\u011fine getirmi\u015f, M\u00fcsl\u00fcman T\u00fcrkleri nas\u0131l \u015fa\u015f\u0131rtaca\u011f\u0131 hakk\u0131nda pl\u00e2nlar tertiplemi\u015ftir. &#8220;Esas ad\u0131 &#8220;Veled Mordohay&#8221; olan bu me\u015fhur d\u00f6nmenin. Yeni\u00e7erilerden bile elde etti\u011fi adamlar oldu\u011fu bilinmektedir.<\/span><\/p>\n<p style=\"margin-bottom: 0.0001pt; text-align: justify; text-indent: 1cm; line-height: 150%;\"><span style=\"font-size: 10pt; line-height: 150%; font-family: Arial, sans-serif; color: black;\">1670&#8217;lerden sonra yakalanm\u0131\u015f, ama sarayda ifadesi al\u0131n\u0131rken, Sultan\u0131n hekim ba\u015f\u0131 ve terc\u00fcmanl\u0131\u011f\u0131n\u0131 yapan, saray ad\u0131 Hayatizade Mustafa efendi (esas ad\u0131 Levin Warner) olan ve Sabatay Sevinin akrabas\u0131 bulunan ki\u015fi, \u0130spanyolca kula\u011f\u0131na f\u0131s\u0131ldayarak \u201cM\u00fcsl\u00fcman olursan kurtulursun\u201d demi\u015f ve Sevi zahiren M\u00fcsl\u00fcmanl\u0131\u011f\u0131 se\u00e7mi\u015ftir. \u00dcstelik 150 ak\u00e7e ayl\u0131k ba\u011flanarak taltif edilmi\u015ftir.<\/span><a href=\"#_ftn2\" name=\"_ftnref2\" title=\"\"><span><span style=\"font-size: 10pt; line-height: 150%; font-family: Arial, sans-serif; color: black;\"><span><span style=\"font-size: 10pt; line-height: 115%;\">[2]<\/span><\/span><\/span><\/span><\/a><span style=\"font-size: 10pt; line-height: 150%; font-family: Arial, sans-serif; color: black;\"> <\/span><\/p>\n<p style=\"margin-bottom: 0.0001pt; text-align: justify; text-indent: 1cm; line-height: 150%;\"><span style=\"font-size: 10pt; line-height: 150%; font-family: Arial, sans-serif; color: black;\">Ve s\u00f6zde M\u00fcsl\u00fcman olan Sevi Mehmed Aziz Efendi ad\u0131n\u0131 al\u0131yor. M\u00fcsl\u00fcman nasihat\u00e7isi olarak \u00e7\u0131k\u0131yor, yine eski h\u0131yanetine devam ediyor. Sonra da Arnavutluk&#8217;a s\u00fcr\u00fcl\u00fcyor. Oradan Selanik&#8217;e gelip yerle\u015fen Sevi, Selanik&#8217;te gizli te\u015fkil\u00e2t kuruyor. Onun \u015feytani ad\u0131mlar\u0131n\u0131 izleyen adamlar\u0131 Selanik\u2019te d\u00f6nme Cavit, Avukat Salem, Karasso gibi eleba\u015flar\u0131 yeti\u015ftiriyor. Bir yandan da Fransa\u2019yla, \u0130ngiltere\u2019yle, gizli misyon \u00f6rg\u00fctleriyle el birli\u011fi yaparak sabataist ve Siyonist \u0130ttihat-Terakki kuruluyor. <\/span><\/p>\n<p style=\"margin-bottom: 0.0001pt; text-align: justify; text-indent: 1cm; line-height: 150%;\"><span style=\"font-size: 10pt; line-height: 150%; font-family: Arial, sans-serif; color: black;\">Osmanl\u0131ya kar\u015f\u0131 ayaklanmalara destek olmaktan ba\u015fka, I. Tanzimat\u2019\u0131, II. Tanzimat\u2019\u0131, Me\u015frutiyeti, II. Me\u015frutiyeti bunlar k\u0131\u015fk\u0131rt\u0131yor. B\u00f6ylece. Mordahay&#8217;\u0131n vasiyeti yerine getiriliyor.<\/span><\/p>\n<p style=\"margin-bottom: 0.0001pt; text-align: justify; text-indent: 1cm; line-height: 150%;\"><span style=\"font-size: 10pt; line-height: 150%; font-family: Arial, sans-serif; color: black;\">Bunlardan ba\u015fka Teodor Herzl\u2019in ve haham Mo\u015fe Levi\u2019nin 1893&#8217;lerde Sultan Hamid&#8217;e toprak, isteme m\u00fcracaat\u0131n\u0131 bunlar tertipliyor. Hatta Ta\u015fk\u0131\u015fla oyunlar\u0131n\u0131, 31 Mart ayaklanmas\u0131n\u0131, Osmanl\u0131 imparatorlu\u011funun par\u00e7alanmas\u0131n\u0131 meydana getiren ittihat ve Terakki f\u0131rkas\u0131n\u0131 kuranlar, i\u015fte bu \u00e7izgiden gelen yerli ve yabanc\u0131 ajanlar ve misyonlar oluyor.<\/span><\/p>\n<p style=\"margin-bottom: 0.0001pt; text-align: justify; text-indent: 1cm; line-height: 150%;\"><span style=\"font-size: 10pt; line-height: 150%; font-family: Arial, sans-serif; color: black;\">Sultan Hamid&#8217;i tahttan indiren, Osmanl\u0131&#8217;y\u0131 hi\u00e7e do\u011fru g\u00f6t\u00fcren ve nihayet Mondros ve Sevr&#8217;e kadar g\u00f6t\u00fcren ayn\u0131 cins \u00e7al\u0131\u015fmalar bizi u\u00e7urumdan yuvarlamay\u0131 hedefliyor.<\/span><\/p>\n<p style=\"margin-bottom: 0.0001pt; text-align: justify; text-indent: 1cm; line-height: 150%;\"><span style=\"font-size: 10pt; line-height: 150%; font-family: Arial, sans-serif; color: black;\">Ve Atat\u00fcrk\u2019\u00fcn \u00f6nderli\u011findeki \u0130stiklal sava\u015f\u0131, bizim u\u00e7urumdan t\u0131rman\u0131p \u00e7\u0131kmam\u0131z\u0131 sa\u011fl\u0131yor.<\/span><\/p>\n<p style=\"margin-bottom: 0.0001pt; text-align: justify; text-indent: 1cm; line-height: 150%;\"><span style=\"font-size: 10pt; line-height: 150%; font-family: Arial, sans-serif; color: black;\">\u0130\u015fte tarihi olaylar\u0131n i\u00e7indeki talihsiz tuzaklar\u0131n hepsi bu yabanc\u0131lar\u0131n bizden g\u00f6r\u00fcnmesiyle y\u00fcr\u00fct\u00fcl\u00fcyor. Bunlar Siyonist misyonlardan ve Masonik ajanlardan olu\u015fuyor. Yurdumuzda d\u00fcnlerimizde neler olmu\u015fsa, bu g\u00fcnlerimizde de ayn\u0131 \u015feyler ya\u015fan\u0131yor.<\/span><\/p>\n<p style=\"margin-bottom: 0.0001pt; text-align: justify; text-indent: 1cm; line-height: 150%;\"><b><span style=\"font-size: 10pt; line-height: 150%; font-family: Arial, sans-serif; color: black;\">Atat\u00fcrk\u2019\u00fc Ateist \u0130deolojilerine Alet Edenlerin Sapt\u0131rmalar\u0131<\/span><\/b><span style=\"font-size: 10pt; line-height: 150%; font-family: Arial, sans-serif; color: black;\"><\/span><\/p>\n<p style=\"margin-bottom: 0.0001pt; text-align: justify; text-indent: 1cm; line-height: 150%;\"><b><span style=\"font-size: 10pt; line-height: 150%; font-family: Arial, sans-serif; color: black;\">Atat\u00fcrk d\u00f6nmelerce nas\u0131l ku\u015fat\u0131ld\u0131\u011f\u0131n\u0131, O Siyonist k\u0131skac\u0131na ra\u011fmen milli hedeflerini nas\u0131l ba\u015fard\u0131\u011f\u0131n\u0131 anlamak i\u00e7in; 01 \/ 08 Kanunisani 1924 tarihli Vakit Gazetesinde yer alan Karaka\u015f R\u00fc\u015ft\u00fc Bey\u2019in, Ankara\u2019ya gidip Meclise m\u00fcracaat\u0131n\u0131 konu alan yaz\u0131 ve r\u00f6portajlara bakmakta fayda vard\u0131r.<\/span><\/b><\/p>\n<p style=\"margin-bottom: 0.0001pt; text-align: justify; text-indent: 1cm; line-height: 150%;\"><span style=\"font-size: 10pt; line-height: 150%; font-family: Arial, sans-serif; color: black;\">R\u00fc\u015ft\u00fc Bey Selanik d\u00f6nmesi olup, Karaka\u015filerdendir. \u0130stanbul\u2019da ma\u011faza i\u015fletmektedir. Yahudi d\u00f6nmelerinin, T\u00fcrklere besledikleri husumetlere, \u00fclke i\u00e7in giri\u015ftikleri h\u0131yanetlere, M\u00fcsl\u00fcman g\u00f6r\u00fcn\u00fcp gizlice yapt\u0131klar\u0131 Yahudi ibadet ve adetlerine ve f\u0131rsat bulduk\u00e7a M\u00fcsl\u00fcmanlara reva g\u00f6rd\u00fckleri haks\u0131zl\u0131k ve hakaretlere dayanamay\u0131p isyan ederek Ankara\u2019ya gitmi\u015f ve T\u00fcrkiye B\u00fcy\u00fck Millet Meclisine \u201cB\u00fct\u00fcn D\u00f6nmelerin tek tek tespit edilip, Anadolu\u2019nun her taraf\u0131na da\u011f\u0131t\u0131lmas\u0131n\u0131 ve b\u00f6ylece zamanla M\u00fcsl\u00fcman T\u00fcrklerle mecburen kayna\u015f\u0131p kaybolmalar\u0131 sonucu bu fitne odas\u0131n\u0131n kurutulmas\u0131n\u0131 \u201c teklif eden bir dilek\u00e7e vermi\u015ftir.<\/span><\/p>\n<p style=\"margin-bottom: 0.0001pt; text-align: justify; text-indent: 1cm; line-height: 150%;\"><span style=\"font-size: 10pt; line-height: 150%; font-family: Arial, sans-serif; color: black;\">Ancak bu giri\u015fim mecliste b\u00fcy\u00fck bir tela\u015f ve tedirginlik meydana getirmi\u015ftir. \u00c7\u00fcnk\u00fc meclisteki mebuslar\u0131n \u00f6nemli bir k\u0131sm\u0131 Selaniklidir !?<\/span><\/p>\n<p style=\"margin-bottom: 0.0001pt; text-align: justify; text-indent: 1cm; line-height: 150%;\"><span style=\"font-size: 10pt; line-height: 150%; font-family: Arial, sans-serif; color: black;\">&nbsp;<\/span><\/p>\n<p style=\"margin-bottom: 0.0001pt; text-align: justify; text-indent: 1cm; line-height: 150%;\"><span style=\"font-size: 10pt; line-height: 150%; font-family: Arial, sans-serif; color: black;\">&nbsp;<\/span><\/p>\n<p style=\"margin-bottom: 0.0001pt; text-align: justify; text-indent: 1cm; line-height: 150%;\"><b><span style=\"font-family: Arial, sans-serif; color: black;\">\u0130\u015fte o s\u0131rada ve daha sonra meclise giren d\u00f6nmelerin baz\u0131lar\u0131:<\/span><\/b><\/p>\n<p style=\"margin-bottom: 0.0001pt; text-align: justify; text-indent: 1cm; line-height: 150%;\"><b><span style=\"font-family: Arial, sans-serif; color: black;\">&nbsp;<\/span><\/b><\/p>\n<p style=\"margin-bottom: 0.0001pt; text-align: justify; text-indent: 1cm; line-height: 150%;\"><b><span style=\"font-family: Arial, sans-serif; color: black;\">&nbsp;<\/span><\/b><\/p>\n<\/p><\/div>\n<p><b><span style=\"font-size: 11pt; line-height: 150%; font-family: Arial, sans-serif; color: black;\"><br clear=\"all\" style=\"page-break-before: auto;\" \/> <\/span><\/b><\/p>\n<div class=\"WordSection2\">\n<ol>\n<li><span style=\"font-size: 10pt; line-height: 150%; font-family: Arial, sans-serif; color: black;\">1.<\/span><span style=\"font-size: 10pt; line-height: 150%; font-family: Arial, sans-serif; color: black;\">Tahsin SAN (1865 \u2013 1951 )<\/span><\/li>\n<li><span style=\"font-size: 10pt; line-height: 150%; font-family: Arial, sans-serif; color: black;\">2.<\/span><span style=\"font-size: 10pt; line-height: 150%; font-family: Arial, sans-serif; color: black;\">Hasan Tahsin BERK ( 1881 &#8211; \u2026 )<\/span><\/li>\n<li><span style=\"font-size: 10pt; line-height: 150%; font-family: Arial, sans-serif; color: black;\">3.<\/span><span style=\"font-size: 10pt; line-height: 150%; font-family: Arial, sans-serif; color: black;\">Tahsin UZER ( 1879 &#8211; \u2026 )<\/span><\/li>\n<li><span style=\"font-size: 10pt; line-height: 150%; font-family: Arial, sans-serif; color: black;\">4.<\/span><span style=\"font-size: 10pt; line-height: 150%; font-family: Arial, sans-serif; color: black;\">Salih BOZOK ( 1881 \u2013 1941 )<\/span><\/li>\n<li><span style=\"font-size: 10pt; line-height: 150%; font-family: Arial, sans-serif; color: black;\">5.<\/span><span style=\"font-size: 10pt; line-height: 150%; font-family: Arial, sans-serif; color: black;\">S\u00fcleyman SIRRI ( 1874 \u2013 1941 )<\/span><\/li>\n<li><span style=\"font-size: 10pt; line-height: 150%; font-family: Arial, sans-serif; color: black;\">6.<\/span><span style=\"font-size: 10pt; line-height: 150%; font-family: Arial, sans-serif; color: black;\">\u015e\u00fckr\u00fc G\u00d6KBERK ( 1876 \u2013 1936 )<\/span><\/li>\n<li><span style=\"font-size: 10pt; line-height: 150%; font-family: Arial, sans-serif; color: black;\">7.<\/span><span style=\"font-size: 10pt; line-height: 150%; font-family: Arial, sans-serif; color: black;\">Nuri COKER ( 1881 \u2013 1937 )<\/span><\/li>\n<li><span style=\"font-size: 10pt; line-height: 150%; font-family: Arial, sans-serif; color: black;\">8.<\/span><span style=\"font-size: 10pt; line-height: 150%; font-family: Arial, sans-serif; color: black;\">Dr. Hilmi OYTA\u00c7 ( 1881 \u2013 1942 )<\/span><\/li>\n<li><span style=\"font-size: 10pt; line-height: 150%; font-family: Arial, sans-serif; color: black;\">9.<\/span><span style=\"font-size: 10pt; line-height: 150%; font-family: Arial, sans-serif; color: black;\">Mehmet Ali OKAR ( 1880 \u2013 1935 )<\/span><\/li>\n<li><span style=\"font-size: 10pt; line-height: 150%; font-family: Arial, sans-serif; color: black;\">10.<\/span><span style=\"font-size: 10pt; line-height: 150%; font-family: Arial, sans-serif; color: black;\">Asaf \u0130LBAY ( 1882 &#8211; \u2026 )<\/span><\/li>\n<li><span style=\"font-size: 10pt; line-height: 150%; font-family: Arial, sans-serif; color: black;\">11.<\/span><span style=\"font-size: 10pt; line-height: 150%; font-family: Arial, sans-serif; color: black;\">Naz\u0131m PORAY ( 1884 &#8211; \u2026 )<\/span><\/li>\n<li><span style=\"font-size: 10pt; line-height: 150%; font-family: Arial, sans-serif; color: black;\">12.<\/span><span style=\"font-size: 10pt; line-height: 150%; font-family: Arial, sans-serif; color: black;\">Aka G\u00dcND\u00dcZ ( 1884 \u2013 1958 )<\/span><\/li>\n<li><span style=\"font-size: 10pt; line-height: 150%; font-family: Arial, sans-serif; color: black;\">13.<\/span><span style=\"font-size: 10pt; line-height: 150%; font-family: Arial, sans-serif; color: black;\">Mehmet SOMER ( 1882 &#8211; \u2026 )<\/span><\/li>\n<li><span style=\"font-size: 10pt; line-height: 150%; font-family: Arial, sans-serif; color: black;\">14.<\/span><span style=\"font-size: 10pt; line-height: 150%; font-family: Arial, sans-serif; color: black;\">\u0130brahim Nemci D\u0130LMEN ( 1887 \u2013 1945 )<\/span><\/li>\n<li><span style=\"font-size: 10pt; line-height: 150%; font-family: Arial, sans-serif; color: black;\">15.<\/span><span style=\"font-size: 10pt; line-height: 150%; font-family: Arial, sans-serif; color: black;\">Mustafa \u00d6NSAY ( 1882 \u2013 1938 )<\/span><\/li>\n<li><span style=\"font-size: 10pt; line-height: 150%; font-family: Arial, sans-serif; color: black;\">16.<\/span><span style=\"font-size: 10pt; line-height: 150%; font-family: Arial, sans-serif; color: black;\">Gen. Zeki SOYDEM\u0130R ( 1883 &#8211; \u2026 )<\/span><\/li>\n<li><span style=\"font-size: 10pt; line-height: 150%; font-family: Arial, sans-serif; color: black;\">17.<\/span><span style=\"font-size: 10pt; line-height: 150%; font-family: Arial, sans-serif; color: black;\">Ali \u015eevket \u00d6NDERSEN ( 1884 \u2013 1940 )<\/span><\/li>\n<li><span style=\"font-size: 10pt; line-height: 150%; font-family: Arial, sans-serif; color: black;\">18.<\/span><span style=\"font-size: 10pt; line-height: 150%; font-family: Arial, sans-serif; color: black;\">Ali R\u0131za T\u00dcREL ( 1889 \u2013 1960 )<\/span><\/li>\n<li><span style=\"font-size: 10pt; line-height: 150%; font-family: Arial, sans-serif; color: black;\">19.<\/span><span style=\"font-size: 10pt; line-height: 150%; font-family: Arial, sans-serif; color: black;\">\u015e\u00fckr\u00fc BLEDA ( 1874 &#8211; \u2026 )<\/span><\/li>\n<li><span style=\"font-size: 10pt; line-height: 150%; font-family: Arial, sans-serif; color: black;\">20.<\/span><span style=\"font-size: 10pt; line-height: 150%; font-family: Arial, sans-serif; color: black;\">Hatice \u00d6ZGENER (1865 &#8211; \u2026 )<\/span><\/li>\n<li><span style=\"font-size: 10pt; line-height: 150%; font-family: Arial, sans-serif; color: black;\">21.<\/span><span style=\"font-size: 10pt; line-height: 150%; font-family: Arial, sans-serif; color: black;\">Mebrure AKSOLEY ( 1902 &#8211; \u2026)<\/span><\/li>\n<li><span style=\"font-size: 10pt; line-height: 150%; font-family: Arial, sans-serif; color: black;\">22.<\/span><span style=\"font-size: 10pt; line-height: 150%; font-family: Arial, sans-serif; color: black;\">Ahmet G\u00dcREL ( 1893 &#8211; \u2026)<\/span><\/li>\n<li><span style=\"font-size: 10pt; line-height: 150%; font-family: Arial, sans-serif; color: black;\">23.<\/span><span style=\"font-size: 10pt; line-height: 150%; font-family: Arial, sans-serif; color: black;\">Cafer T\u00dcZEL ( \u2026. \u2013 1961 )<\/span><\/li>\n<li><span style=\"font-size: 10pt; line-height: 150%; font-family: Arial, sans-serif; color: black;\">24.<\/span><span style=\"font-size: 10pt; line-height: 150%; font-family: Arial, sans-serif; color: black;\">Beh\u00e7et G\u00d6K\u00c7EN ( 1900 &#8211; \u2026 )<\/span><\/li>\n<li><span style=\"font-size: 10pt; line-height: 150%; font-family: Arial, sans-serif; color: black;\">25.<\/span><span style=\"font-size: 10pt; line-height: 150%; font-family: Arial, sans-serif; color: black;\">A. M\u00fcnip BERKAN ( 1884 \u2013 1949 )<\/span><\/li>\n<li><span style=\"font-size: 10pt; line-height: 150%; font-family: Arial, sans-serif; color: black;\">26.<\/span><span style=\"font-size: 10pt; line-height: 150%; font-family: Arial, sans-serif; color: black;\">Dr. Mithat SAKARO\u011eLU ( 1912 &#8211; \u2026)<\/span><\/li>\n<li><span style=\"font-size: 10pt; line-height: 150%; font-family: Arial, sans-serif; color: black;\">27.<\/span><span style=\"font-size: 10pt; line-height: 150%; font-family: Arial, sans-serif; color: black;\">Selahattin BA\u015eKAN ( 1895 &#8211; \u2026)<\/span><\/li>\n<li><span style=\"font-size: 10pt; line-height: 150%; font-family: Arial, sans-serif; color: black;\">28.<\/span><span style=\"font-size: 10pt; line-height: 150%; font-family: Arial, sans-serif; color: black;\">Nihat \u0130\u011eR\u0130BOZ ( 1893 &#8211; \u2026 )<\/span><\/li>\n<li><span style=\"font-size: 10pt; line-height: 150%; font-family: Arial, sans-serif; color: black;\">29.<\/span><span style=\"font-size: 10pt; line-height: 150%; font-family: Arial, sans-serif; color: black;\">Emin KALAFAT (1902 &#8211; \u2026)<\/span><\/li>\n<li><span style=\"font-size: 10pt; line-height: 150%; font-family: Arial, sans-serif; color: black;\">30.<\/span><span style=\"font-size: 10pt; line-height: 150%; font-family: Arial, sans-serif; color: black;\">Behzat B\u0130LG\u0130N ( \u2026\u2026\u2026.)<\/span><\/li>\n<li><span style=\"font-size: 10pt; line-height: 150%; font-family: Arial, sans-serif; color: black;\">31.<\/span><span style=\"font-size: 10pt; line-height: 150%; font-family: Arial, sans-serif; color: black;\">Dr. H\u00fcsn\u00fc T\u00dcRKANT ( 1900 &#8211; .. )<\/span><\/li>\n<li><span style=\"font-size: 10pt; line-height: 150%; font-family: Arial, sans-serif; color: black;\">32.<\/span><span style=\"font-size: 10pt; line-height: 150%; font-family: Arial, sans-serif; color: black;\">Firuz KESK\u0130N ( 1892 &#8211; \u2026 )<\/span><\/li>\n<li><span style=\"font-size: 10pt; line-height: 150%; font-family: Arial, sans-serif; color: black;\">33.<\/span><span style=\"font-size: 10pt; line-height: 150%; font-family: Arial, sans-serif; color: black;\">Sebati ATAMAN ( 1900 &#8211; \u2026 )<\/span><\/li>\n<li><span style=\"font-size: 10pt; line-height: 150%; font-family: Arial, sans-serif; color: black;\">34.<\/span><span style=\"font-size: 10pt; line-height: 150%; font-family: Arial, sans-serif; color: black;\">Naz\u0131m BEZMAN (1884 &#8211; \u2026)<\/span><\/li>\n<li><span style=\"font-size: 10pt; line-height: 150%; font-family: Arial, sans-serif; color: black;\">35.<\/span><span style=\"font-size: 10pt; line-height: 150%; font-family: Arial, sans-serif; color: black;\">Nuri YAMAT ( 1890 \u2013 1967 )\n<p> <\/span><\/li>\n<li><span style=\"font-size: 10pt; line-height: 150%; font-family: Arial, sans-serif; color: black;\">36.<\/span><span style=\"font-size: 10pt; line-height: 150%; font-family: Arial, sans-serif; color: black;\">Arif G\u00dcNG\u00d6REN ( 1894 &#8211; \u2026 )<\/span><\/li>\n<li><span style=\"font-size: 10pt; line-height: 150%; font-family: Arial, sans-serif; color: black;\">37.<\/span><span style=\"font-size: 10pt; line-height: 150%; font-family: Arial, sans-serif; color: black;\">Ahmet KINIK ( 1905 \u2013 1957 )<\/span><\/li>\n<li><span style=\"font-size: 10pt; line-height: 150%; font-family: Arial, sans-serif; color: black;\">38.<\/span><span style=\"font-size: 10pt; line-height: 150%; font-family: Arial, sans-serif; color: black;\">Recep DENG\u0130N ( 1914 &#8211; \u2026)<\/span><\/li>\n<li><span style=\"font-size: 10pt; line-height: 150%; font-family: Arial, sans-serif; color: black;\">39.<\/span><span style=\"font-size: 10pt; line-height: 150%; font-family: Arial, sans-serif; color: black;\">Sabih DURALI ( \u2026 &#8211; 1957 )<\/span><\/li>\n<li><span style=\"font-size: 10pt; line-height: 150%; font-family: Arial, sans-serif; color: black;\">40.<\/span><span style=\"font-size: 10pt; line-height: 150%; font-family: Arial, sans-serif; color: black;\">Recep DENG\u0130N ( 1914 &#8211; \u2026)<\/span><\/li>\n<li><span style=\"font-size: 10pt; line-height: 150%; font-family: Arial, sans-serif; color: black;\">41.<\/span><span style=\"font-size: 10pt; line-height: 150%; font-family: Arial, sans-serif; color: black;\">A. Nihat BEKD\u0130K ( 1901 &#8211; \u2026 )<\/span><\/li>\n<li><span style=\"font-size: 10pt; line-height: 150%; font-family: Arial, sans-serif; color: black;\">42.<\/span><span style=\"font-size: 10pt; line-height: 150%; font-family: Arial, sans-serif; color: black;\">Ay\u015fe G\u00dcNEL ( 1903 &#8211; \u2026 )<\/span><\/li>\n<li><span style=\"font-size: 10pt; line-height: 150%; font-family: Arial, sans-serif; color: black;\">43.<\/span><span style=\"font-size: 10pt; line-height: 150%; font-family: Arial, sans-serif; color: black;\">Yusuf SALMAN ( 1888 &#8211; \u2026)<\/span><\/li>\n<li><span style=\"font-size: 10pt; line-height: 150%; font-family: Arial, sans-serif; color: black;\">44.<\/span><span style=\"font-size: 10pt; line-height: 150%; font-family: Arial, sans-serif; color: black;\">E.D\u00fcndar BA\u015eAR ( ? )<\/span><\/li>\n<li><span style=\"font-size: 10pt; line-height: 150%; font-family: Arial, sans-serif; color: black;\">45.<\/span><span style=\"font-size: 10pt; line-height: 150%; font-family: Arial, sans-serif; color: black;\">Arif ERTUNGA ( ?)<\/span><\/li>\n<li><span style=\"font-size: 10pt; line-height: 150%; font-family: Arial, sans-serif; color: black;\">46.<\/span><span style=\"font-size: 10pt; line-height: 150%; font-family: Arial, sans-serif; color: black;\">T\u00fcmgen S\u0131rr\u0131 \u00d6KTEM (?)<\/span><\/li>\n<li><span style=\"font-size: 10pt; line-height: 150%; font-family: Arial, sans-serif; color: black;\">47.<\/span><span style=\"font-size: 10pt; line-height: 150%; font-family: Arial, sans-serif; color: black;\">BinBa\u015f\u0131 Rauf KIRAY ( ?)<\/span><\/li>\n<li><span style=\"font-size: 10pt; line-height: 150%; font-family: Arial, sans-serif; color: black;\">48.<\/span><span style=\"font-size: 10pt; line-height: 150%; font-family: Arial, sans-serif; color: black;\">Albay Osman K\u00d6KSAL ( ?)<\/span><\/li>\n<li><span style=\"font-size: 10pt; line-height: 150%; font-family: Arial, sans-serif; color: black;\">49.<\/span><span style=\"font-size: 10pt; line-height: 150%; font-family: Arial, sans-serif; color: black;\">M.Orhan MERS\u0130NL\u0130 ( ?)<\/span><\/li>\n<li><span style=\"font-size: 10pt; line-height: 150%; font-family: Arial, sans-serif; color: black;\">50.<\/span><span style=\"font-size: 10pt; line-height: 150%; font-family: Arial, sans-serif; color: black;\">Prof. Ahmet Vahit TURHAN (?)<\/span><\/li>\n<li><span style=\"font-size: 10pt; line-height: 150%; font-family: Arial, sans-serif; color: black;\">51.<\/span><span style=\"font-size: 10pt; line-height: 150%; font-family: Arial, sans-serif; color: black;\">Cahit ORTA\u00c7 ( \u2026 &#8211; 1961 )<\/span><\/li>\n<li><span style=\"font-size: 10pt; line-height: 150%; font-family: Arial, sans-serif; color: black;\">52.<\/span><span style=\"font-size: 10pt; line-height: 150%; font-family: Arial, sans-serif; color: black;\">Gen. Cahit TOKG\u00d6Z ( ?)<\/span><\/li>\n<li><span style=\"font-size: 10pt; line-height: 150%; font-family: Arial, sans-serif; color: black;\">53.<\/span><span style=\"font-size: 10pt; line-height: 150%; font-family: Arial, sans-serif; color: black;\">Gen. Ali Fuat CEBESOY (?)<\/span><\/li>\n<li><span style=\"font-size: 10pt; line-height: 150%; font-family: Arial, sans-serif; color: black;\">54.<\/span><span style=\"font-size: 10pt; line-height: 150%; font-family: Arial, sans-serif; color: black;\">Naki Cevat AKELMAN (1892 &#8211; \u2026)<\/span><\/li>\n<li><span style=\"font-size: 10pt; line-height: 150%; font-family: Arial, sans-serif; color: black;\">55.<\/span><span style=\"font-size: 10pt; line-height: 150%; font-family: Arial, sans-serif; color: black;\">Prof. Samuel MARMARAL\u0130 ( 1880 &#8211; )<\/span><\/li>\n<li><span style=\"font-size: 10pt; line-height: 150%; font-family: Arial, sans-serif; color: black;\">56.<\/span><span style=\"font-size: 10pt; line-height: 150%; font-family: Arial, sans-serif; color: black;\">Danyal AKBEL ( ? )<\/span><\/li>\n<li><span style=\"font-size: 10pt; line-height: 150%; font-family: Arial, sans-serif; color: black;\">57.<\/span><span style=\"font-size: 10pt; line-height: 150%; font-family: Arial, sans-serif; color: black;\">Prof. Avram GALENTE ( 1873 \u2013 1961 )<\/span><\/li>\n<li><span style=\"font-size: 10pt; line-height: 150%; font-family: Arial, sans-serif; color: black;\">58.<\/span><span style=\"font-size: 10pt; line-height: 150%; font-family: Arial, sans-serif; color: black;\">Halide Edip ADIVAR ( 1882 \u2013 1964 )<\/span><\/li>\n<li><span style=\"font-size: 10pt; line-height: 150%; font-family: Arial, sans-serif; color: black;\">59.<\/span><span style=\"font-size: 10pt; line-height: 150%; font-family: Arial, sans-serif; color: black;\">Henry SORIAND ( 1882 &#8211;&nbsp;&nbsp; \u2026 )<\/span><\/li>\n<li><span style=\"font-size: 10pt; line-height: 150%; font-family: Arial, sans-serif; color: black;\">60.<\/span><span style=\"font-size: 10pt; line-height: 150%; font-family: Arial, sans-serif; color: black;\">Necmi ARMAN ( ? )<\/span><\/li>\n<li><span style=\"font-size: 10pt; line-height: 150%; font-family: Arial, sans-serif; color: black;\">61.<\/span><span style=\"font-size: 10pt; line-height: 150%; font-family: Arial, sans-serif; color: black;\">Yarbay. Selim SOLEY ( ? )<\/span><\/li>\n<li><span style=\"font-size: 10pt; line-height: 150%; font-family: Arial, sans-serif; color: black;\">62.<\/span><span style=\"font-size: 10pt; line-height: 150%; font-family: Arial, sans-serif; color: black;\">\u0130shak ALTABEV (1900 &#8211; \u2026)<\/span><\/li>\n<li><span style=\"font-size: 10pt; line-height: 150%; font-family: Arial, sans-serif; color: black;\">63.<\/span><span style=\"font-size: 10pt; line-height: 150%; font-family: Arial, sans-serif; color: black;\">T\u00fcm. Gen. \u00d6.Zekai DORMAN ( ?)<\/span><\/li>\n<li><span style=\"font-size: 10pt; line-height: 150%; font-family: Arial, sans-serif; color: black;\">64.<\/span><span style=\"font-size: 10pt; line-height: 150%; font-family: Arial, sans-serif; color: black;\">Salamon ADATO ( ? )<\/span><\/li>\n<li><span style=\"font-size: 10pt; line-height: 150%; font-family: Arial, sans-serif; color: black;\">65.<\/span><span style=\"font-size: 10pt; line-height: 150%; font-family: Arial, sans-serif; color: black;\">Prof. M\u00fcnci KAPAN\u0130 (?)<\/span><\/li>\n<li><span style=\"font-size: 10pt; line-height: 150%; font-family: Arial, sans-serif; color: black;\">66.<\/span><span style=\"font-size: 10pt; line-height: 150%; font-family: Arial, sans-serif; color: black;\">\u015eahap KOCATOP\u00c7U ( ?)<\/span><\/li>\n<li><span style=\"font-size: 10pt; line-height: 150%; font-family: Arial, sans-serif; color: black;\">67.<\/span><span style=\"font-size: 10pt; line-height: 150%; font-family: Arial, sans-serif; color: black;\">\u0130zzet BRAND ( ?)<\/span><\/li>\n<li><span style=\"font-size: 10pt; line-height: 150%; font-family: Arial, sans-serif; color: black;\">68.<\/span><span style=\"font-size: 10pt; line-height: 150%; font-family: Arial, sans-serif; color: black;\">Turhan KAPANLI (?)<\/span><\/li>\n<li><span style=\"font-size: 10pt; line-height: 150%; font-family: Arial, sans-serif; color: black;\">69.<\/span><span style=\"font-size: 10pt; line-height: 150%; font-family: Arial, sans-serif; color: black;\">Dr. Adnan ADIVAR (1882 \u2013 1955)<\/span><a href=\"#_ftn3\" name=\"_ftnref3\" title=\"\"><sup><span style=\"font-size: 9pt; line-height: 150%; font-family: Arial, sans-serif; color: black;\"><sup><span style=\"font-size: 9pt; line-height: 115%;\">[3]<\/span><\/sup><\/span><\/sup><\/a><span style=\"font-size: 10pt; line-height: 150%; font-family: Arial, sans-serif; color: black;\"><\/span><\/li>\n<\/ol>\n<\/div>\n<p><span style=\"font-size: 10pt; line-height: 150%; font-family: Arial, sans-serif; color: black;\"><br clear=\"all\" style=\"page-break-before: always;\" \/> <\/span><\/p>\n<p style=\"margin-bottom: 0.0001pt; text-align: justify; text-indent: 1cm; line-height: 150%;\"><span style=\"font-size: 10pt; line-height: 150%; font-family: Arial, sans-serif; color: black;\">&nbsp;<\/span><\/p>\n<p style=\"margin-bottom: 0.0001pt; text-align: justify; text-indent: 1cm; line-height: 150%;\"><b><span style=\"font-size: 14pt; line-height: 150%; font-family: Arial, sans-serif; color: black;\">Atat\u00fcrk\u2019\u00fc \u0130ngiliz Masonlar\u0131n\u0131n casusu Mustafa Sagir \u00f6ld\u00fcrmek istiyor<\/span><\/b><\/p>\n<p style=\"margin-bottom: 0.0001pt; text-align: justify; text-indent: 1cm; line-height: 150%;\"><span style=\"font-size: 10pt; line-height: 150%; font-family: Arial, sans-serif; color: black;\">Afgan Emiri&#8217;nin de suikastla \u00f6ld\u00fcr\u00fclmesini tertipleyen \u0130ngiliz istihbarat\u0131, ayn\u0131 tertibi gittik\u00e7e g\u00fc\u00e7lenen Kemal Pa\u015fa&#8217;ya kar\u015f\u0131 da devreye sokma karar\u0131 al\u0131yor. Bu i\u015f i\u00e7in de Afgan Emiri&#8217;nin \u00f6ld\u00fcr\u00fclmesine kar\u0131\u015fan Mustafa Sagir ad\u0131nda Hintli bir M\u00fcsl\u00fcman ajan devreye sokuluyor.<\/span><\/p>\n<p style=\"margin-bottom: 0.0001pt; text-align: justify; text-indent: 1cm; line-height: 150%;\"><span style=\"font-size: 10pt; line-height: 150%; font-family: Arial, sans-serif; color: black;\">D\u00f6nemin \u0130ngiliz s\u00f6m\u00fcrgesi Hindistan&#8217;da do\u011fan Mustafa Sagir \u00e7ocuk ya\u015fta bu \u00fclkeden al\u0131narak \u0130ngiltere&#8217;de e\u011fitime yollan\u0131yor. Y\u00fcksek \u00f6\u011frenimini Cambridge&#8217;te yapan Sagir \u0130ngiliz D\u0131\u015fi\u015fleri Bakanl\u0131\u011f\u0131&#8217;n\u0131n emrine girmi\u015f, \u0130ngiliz istihbarat\u0131n\u0131n en g\u00fcvendi\u011fi M\u00fcsl\u00fcman bir ajan olarak biliniyor. Sagir, \u0130ngilizlerin s\u00f6m\u00fcrgesi durumunda olan M\u00fcsl\u00fcman \u00fclkelerde \u00e7al\u0131\u015ft\u0131r\u0131l\u0131yor.<\/span><\/p>\n<p style=\"margin-bottom: 0.0001pt; text-align: justify; text-indent: 1cm; line-height: 150%;\"><span style=\"font-size: 10pt; line-height: 150%; font-family: Arial, sans-serif; color: black;\">Milli M\u00fccadele&#8217;nin ba\u015far\u0131s\u0131n\u0131n t\u00fcm M\u00fcsl\u00fcman co\u011frafyada ba\u011f\u0131ms\u0131zl\u0131k ate\u015fini yakaca\u011f\u0131n\u0131 bilen \u0130ngilizler, Pa\u015fa&#8217;ya suikast\u0131n onay\u0131n\u0131 Londra&#8217;daki D\u0131\u015fi\u015fleri&#8217;nden al\u0131r almaz bu i\u015f i\u00e7in Mustafa Sagir&#8217;i \u0130stanbul&#8217;a yolluyor. Milli M\u00fccadeleye b\u00fcy\u00fck destek sunan Hint M\u00fcsl\u00fcman Komitesi&#8217;nin adam\u0131 rol\u00fcnde 20 Mart 1920 tarihinde \u0130stanbul&#8217;a gelen Sagir, k\u0131sa s\u00fcrede \u0130stanbul&#8217;daki \u0130ngiliz i\u015fbirlik\u00e7ilerinin de yard\u0131m\u0131yla millici \u00e7evrelerin i\u00e7ine s\u0131zarak g\u00fcven duyulan bir temsilci konumuna ula\u015f\u0131yor. Hindistanl\u0131 M\u00fcsl\u00fcmanlar\u0131n Anadolu&#8217;nun kurtulu\u015fu i\u00e7in toplad\u0131klar\u0131 \u00fc\u00e7 milyon \u0130ngiliz liras\u0131n\u0131n Ankara&#8217;ya teslim edilmesiyle g\u00f6revli oldu\u011funu s\u00f6yleyen Sagir, keskin bir \u0130ngiliz kar\u015f\u0131t\u0131 g\u00f6r\u00fcn\u00fcyor ve milli \u00e7evrelerde ilgi uyand\u0131r\u0131yor.<\/span><\/p>\n<p style=\"margin-bottom: 0.0001pt; text-align: justify; text-indent: 1cm; line-height: 150%;\"><b><span style=\"font-size: 10pt; line-height: 150%; font-family: Arial, sans-serif; color: black;\">Atat\u00fcrk ku\u015fkulan\u0131yor!<\/span><\/b><\/p>\n<p style=\"margin-bottom: 0.0001pt; text-align: justify; text-indent: 1cm; line-height: 150%;\"><span style=\"font-size: 10pt; line-height: 150%; font-family: Arial, sans-serif; color: black;\">Geli\u015finden on ay sonra Ankara&#8217;ya yola \u00e7\u0131kan Sagir, konaklad\u0131\u011f\u0131 her yerde en \u00fcst d\u00fczeyde a\u011f\u0131rlan\u0131yor. Ankara&#8217;da Pa\u015fa&#8217;n\u0131n da \u00e7evresine girece\u011fini d\u00fc\u015f\u00fcnen Sagir, i\u015flerin beklendi\u011fi gibi gitmeyece\u011fini k\u0131sa s\u00fcrede anl\u0131yor. Ankara&#8217;da yapt\u0131\u011f\u0131 g\u00f6r\u00fc\u015fmede Sagir&#8217;den ku\u015fkulanan ilk ki\u015fi de Pa\u015fa&#8217;n\u0131n kendisi oluyor. Pa\u015fa bu tespitini Sagir ile ilgili g\u00f6r\u00fc\u015f\u00fcn\u00fc soran ve kendisinin de bu Siyonist komplodan haberi oldu\u011fu anla\u015f\u0131lan Sabataist Yunus Nadi&#8217;ye &#8220;Casustur casus!&#8221; diyerek a\u00e7\u0131k\u00e7a ifade ediyor. \u00c7ok az say\u0131da ki\u015finin bilgisi d\u00e2hilinde d\u00f6nemin \u0130\u00e7i\u015fleri Bakan\u0131 olan, daha sonra kar\u0131s\u0131 Halide Edip\u2019le Atat\u00fcrk\u2019e y\u00f6nelik \u0130zmir suikast\u0131na kar\u0131\u015f\u0131p yurtd\u0131\u015f\u0131na ka\u00e7an Sabataist Adnan Ad\u0131var Bey&#8217;e gereken talimatlar\u0131 vererek Sagir&#8217;in her faaliyetini kontrol, g\u00f6zlem ve denetim alt\u0131na ald\u0131r\u0131yor.<\/span><\/p>\n<p style=\"margin-bottom: 0.0001pt; text-align: justify; text-indent: 1cm; line-height: 150%;\"><span style=\"font-size: 10pt; line-height: 150%; font-family: Arial, sans-serif; color: black;\">Yap\u0131lan gizli izlemelerin sonunda, ba\u015fta Ankara ve \u0130stanbul olmak \u00fczere yurdun her yan\u0131nda her t\u00fcrl\u00fc y\u0131k\u0131c\u0131 \u00e7al\u0131\u015fmalar\u0131 \u00f6rg\u00fctleyen \u0130ngiltere&#8217;nin, \u0130stanbul&#8217;daki Damat Ferit h\u00fck\u00fcmetinin ve Mustafa Kemal\u2019in \u00e7evresini ku\u015fatan Sabataist \u00c7etenin casusluk \u015febekesi ve bu i\u015fte kulland\u0131\u011f\u0131 yerli i\u015fbirlik\u00e7ileri de de\u015fifre ediliyor.<\/span><\/p>\n<p style=\"margin-bottom: 0.0001pt; text-align: justify; text-indent: 1cm; line-height: 150%;\"><span style=\"font-size: 10pt; line-height: 150%; font-family: Arial, sans-serif; color: black;\">21 May\u0131s 1921&#8217;de Ankara \u0130stiklal Mahkemesi&#8217;nde ba\u015flayan Sagir ve i\u015fbirlik\u00e7ilerinin davas\u0131 23 May\u0131s&#8217;ta Sagir&#8217;in idam karar\u0131yla sonu\u00e7lan\u0131yor ve infaz \u00fc\u00e7 g\u00fcn i\u00e7inde halka a\u00e7\u0131k olarak ger\u00e7ekle\u015ftiriliyor.<b><\/b><\/span><\/p>\n<p style=\"margin-bottom: 0.0001pt; text-align: justify; text-indent: 1cm;\"><b><span style=\"font-family: Arial, sans-serif; color: black;\">31 Mart vakas\u0131 ve Hareket Ordusunun perde arkas\u0131 aralan\u0131yor!<\/span><\/b><\/p>\n<ul>\n<li><b><span style=\"font-size: 13pt; line-height: 115%; font-family: Arial, sans-serif; color: black;\">Alayl\u0131lar\u0131n ordudan tasfiyesine<\/span><\/b><\/li>\n<li><b><span style=\"font-size: 13pt; line-height: 115%; font-family: Arial, sans-serif; color: black;\">Medreselilerin askere al\u0131nma te\u015febb\u00fcs\u00fcne<\/span><\/b><\/li>\n<li><b><span style=\"font-size: 13pt; line-height: 115%; font-family: Arial, sans-serif; color: black;\">\u0130ttihat\u00e7\u0131lar\u0131n kendi taraflar\u0131n\u0131 b\u00fcrokrasiye getirmesine<\/span><\/b><\/li>\n<li><b><span style=\"font-size: 13pt; line-height: 115%; font-family: Arial, sans-serif; color: black;\">Saray b\u00fcrokrasisinde, diplomaside ve i\u00e7-d\u0131\u015f ticaret ili\u015fkilerinde Osmanl\u0131y\u0131 avucuna alan Ermeni-Yahudi rekabeti aras\u0131nda ma\u011fdur edilenlerin<\/span><\/b><\/li>\n<\/ul>\n<p style=\"margin-bottom: 0.0001pt; text-align: justify; text-indent: 1cm;\"><b><span style=\"font-size: 13pt; line-height: 115%; font-family: Arial, sans-serif; color: black;\">K\u0131saca, makam ve menfaatleri kesilen b\u00fct\u00fcn kesimlerin, \u0130ttihat ve Terakkiye kar\u015f\u0131 bir isyan hareketiydi.&nbsp; Sabataist ve Mason \u0130ttihat\u00e7\u0131lar\u0131n Hareket Ordusu isyan\u0131na gerek\u00e7e haz\u0131rlamak \u00fczere 31 Mart\u2019\u0131 k\u0131\u015fk\u0131rt\u0131p kulland\u0131klar\u0131 sezilmekteydi.Abd\u00fclhamit d\u00f6nemine d\u00f6n\u00fc\u015f arzusu ve sloganlar\u0131, baz\u0131lar\u0131nca irtica diye nitelendirilmi\u015fti. Padi\u015fah Abd\u00fclhamit\u2019in bunlara kar\u015f\u0131 Hareket Ordusunu bast\u0131racak g\u00fcc\u00fc oldu\u011fu s\u00f6ylenemezdi. Hareket Ordusu, Selanik\u2019teki 3. Ordu ve Edirne\u2019deki 2. Ordudan kat\u0131lan 50 bini nizami, 20 bini \u00e7eteci, 70-80 bin ki\u015filik bir kuvvetti. Abd\u00fclhamit 1. Ordu ile kar\u015f\u0131 \u00e7\u0131kabilirdi, ama hem \u00e7ok kan d\u00f6k\u00fclecekti, hem de g\u00fc\u00e7leri yetmeyecekti. Hareket Ordusu, Mahmut \u015eevket Pa\u015fa komutas\u0131nda \u0130stanbul\u2019a girdi.<\/span><\/b><\/p>\n<p style=\"margin-bottom: 0.0001pt; text-align: justify; text-indent: 1cm; line-height: 150%;\"><b><span style=\"font-family: Arial, sans-serif; color: black;\">Mustafa Kemal 3. Ordunun, Kaz\u0131m Karabekir 2. Ordunun Kurmay Subaylar\u0131 olarak g\u00f6revliydi.<\/span><\/b><\/p>\n<p style=\"margin-bottom: 0.0001pt; text-align: justify; text-indent: 1cm; line-height: 150%;\"><span style=\"font-size: 10pt; line-height: 150%; font-family: Arial, sans-serif; color: black;\">1909 23 Nisan gecesi hareket Ordusu Mahmut \u015eevket Pa\u015fa\u2019n\u0131n fonografla kaydedilen tek y\u00fczl\u00fc ta\u015f plaklardaki konu\u015fmas\u0131 \u015f\u00f6yleydi:<\/span><\/p>\n<p style=\"margin-bottom: 0.0001pt; text-align: justify; text-indent: 1cm; line-height: 150%;\"><span style=\"font-size: 10pt; line-height: 150%; font-family: Arial, sans-serif; color: black;\">\u201cKarde\u015fler!<\/span><\/p>\n<p style=\"margin-bottom: 0.0001pt; text-align: justify; text-indent: 1cm; line-height: 150%;\"><span style=\"font-size: 10pt; line-height: 150%; font-family: Arial, sans-serif; color: black;\">Y\u00fcz binlerin kan\u0131 pahas\u0131na elde edilen me\u015frutiyetimizi mahvedip namusumuzu payimal edenlere kar\u015f\u0131 payitaht ve makarr\u0131 Hilafet bizden medet bekliyor!\u201d<\/span><\/p>\n<p style=\"margin-bottom: 0.0001pt; text-align: justify; text-indent: 1cm; line-height: 150%;\"><span style=\"font-size: 10pt; line-height: 150%; font-family: Arial, sans-serif; color: black;\">(Abd\u00fclhamit i\u00e7in bayku\u015f diye hitap ediyor. Oysa yola \u00e7\u0131karken askerleri Padi\u015fah\u0131 kurtaraca\u011f\u0131z diye kand\u0131r\u0131yor)<\/span><\/p>\n<p style=\"margin-bottom: 0.0001pt; text-align: justify; text-indent: 1cm; line-height: 150%;\"><span style=\"font-size: 10pt; line-height: 150%; font-family: Arial, sans-serif; color: black;\">Nihayet \u00e7at\u0131\u015fmalar ba\u015fl\u0131yor. 50-60 ki\u015fi hareket Ordusundan ve 400 ki\u015fi isyanc\u0131lardan \u00f6l\u00fcyor ve y\u00fczlercesi yaralan\u0131yor. Ye\u015filk\u00f6y\u2019de toplanan heyete soruluyor: Abd\u00fclhamit\u2019in hallini isteyenler kalks\u0131n.. Kalkmayanlara silahl\u0131 Talat pa\u015fa sert sert bak\u0131nca hepsi kalk\u0131yor. Sait Pa\u015fa: Talat Bey o\u011flum, biraz da \u015fu tarafa nazar buyurun!? \u015feklindeki uyar\u0131s\u0131 espri konusu oluyor.<\/span><\/p>\n<p style=\"margin-bottom: 0.0001pt; text-align: justify; text-indent: 1cm; line-height: 150%;\"><span style=\"font-size: 10pt; line-height: 150%; font-family: Arial, sans-serif; color: black;\">K\u0131saca 31 Mart\u2019\u0131 \u0130ttihat\u00e7\u0131 Sabataistler tezg\u00e2hl\u0131yor ve bir ihtilale bahane haz\u0131rlan\u0131yor. Ermeni ve Rum az\u0131nl\u0131klar\u0131, baz\u0131 medrese ve tekke mensuplar\u0131n\u0131 da bunlar kullan\u0131p k\u0131\u015fk\u0131rt\u0131yor. Osmanl\u0131\u2019n\u0131n az\u0131nl\u0131klar\u0131 s\u00fcrekli ho\u015f tutmas\u0131 ve geni\u015f haklar tan\u0131mas\u0131 ba\u015f\u0131na bela oluyor ve merhametten maraz do\u011fuyor.<\/span><\/p>\n<p style=\"margin-bottom: 0.0001pt; text-align: justify; text-indent: 1cm; line-height: 150%;\"><span style=\"font-size: 10pt; line-height: 150%; font-family: Arial, sans-serif; color: black;\">Sultan Fatih \u0130stanbul\u2019u ald\u0131\u011f\u0131nda Yahudi ve Rum az\u0131nl\u0131klara her t\u00fcrl\u00fc imk\u00e2n ve imtiyaz\u0131 sa\u011flad\u0131\u011f\u0131 biliniyor. Fatih\u2019ten sonra \u0130stanbul\u2019a 25 bin kadar M\u00fcsl\u00fcman T\u00fcrk yerle\u015ftiriliyor. 1477 Osmanl\u0131 kay\u0131tlar\u0131nda \u0130stanbul\u2019da; 8500 hane M\u00fcsl\u00fcman T\u00fcrk, 3500 hane Rum-Ortodoks, 2000 hane Yahudi ve 1500 hane de di\u011fer az\u0131nl\u0131klar\u0131n ya\u015fad\u0131\u011f\u0131 tespit ediliyor. Buna g\u00f6re o tarihteki \u0130stanbul\u2019un n\u00fcfusu 60-70 bin civar\u0131nda bulunuyor.<\/span><\/p>\n<p style=\"margin-bottom: 0.0001pt; text-align: justify; text-indent: 1cm; line-height: 150%;\"><b><span style=\"font-family: Arial, sans-serif; color: black;\">Siyonizmin g\u00fcd\u00fcm\u00fcndeki ABD T\u00fcrkiye\u2019yi AB\u2019ye niye sokmak istiyor<\/span><\/b><\/p>\n<p style=\"margin-bottom: 0.0001pt; text-align: justify; text-indent: 1cm; line-height: 150%;\"><span style=\"font-size: 10pt; line-height: 150%; font-family: Arial, sans-serif; color: black;\">T\u00fcrkiye&#8217;yi Avrupa&#8217;da eritmek ve onun \u00f6tesinde T\u00fcrkiye ile de Avrupa&#8217;y\u0131 suland\u0131rmak bir Amerikan projesidir. Politikan\u0131n \u00f6tesinde bu Siyonizmin bir hedefidir. Bunu ilk defa a\u00e7\u0131kl\u0131kla dile getirenlerden birisi eski Almanya ba\u015fbakanlar\u0131ndan Helmut Schmidt\u2019tir. Helmut Schmidt, T\u00fcrkiye&#8217;nin Avrupa Birli\u011fi perspektifinin ve y\u00f6neliminin asl\u0131nda bir Amerikan projesi oldu\u011funu belirtmi\u015ftir. Bernard Kouchner de zannederim ayn\u0131 \u015feyleri s\u00f6ylemi\u015fti. Ger\u00e7ekten de T\u00fcrkiye&#8217;nin Avrupa Birli\u011fi istikameti bir Amerikan projesi midir ve \u00f6yleyse bunun arkas\u0131ndan ne elde etmek istemektedir? So\u011fuk Sava\u015f\u0131n sonlar\u0131na do\u011fru Amerikal\u0131lar Avrupa Birli\u011fi&#8217;nin esnekli\u011fini kaybederek ABD kar\u015f\u0131s\u0131na ba\u011f\u0131ms\u0131z bir g\u00fc\u00e7 olarak \u00e7\u0131kmas\u0131ndan endi\u015fe ediyordu. \u00d6zellikle siyasi birli\u011fini temin etmesinden endi\u015fe ediyorlard\u0131. Zira de Gaulle&#8217;\u00fcn temsil etti\u011fi Avrupac\u0131 yakla\u015f\u0131m ABD&#8217;den ba\u011f\u0131ms\u0131z yekpare bir Avrupa&#8217;y\u0131 d\u00fc\u015fl\u00fcyordu. \u0130ngiltere ise bu tasavvura ne co\u011frafi ne de siyasi olarak uyuyordu. Tarihi nedenlerden \u00f6t\u00fcr\u00fc \u0130ngiltere ile ABD aras\u0131nda kopmaz bir ba\u011flant\u0131 bulunuyordu ve i\u015fte bu y\u00fczden \u0130ngiltere&#8217;nin AB \u00fcyeli\u011fi \u00e7ok sanc\u0131l\u0131 bir s\u00fcre\u00e7le ger\u00e7ekle\u015febiliyordu. Zira, \u0130ngiltere \u00fczerinden AB, bir \u015fekilde ABD&#8217;ye ba\u011f\u0131ml\u0131 hale geliyordu. Kararlar\u0131nda ba\u011f\u0131ms\u0131zl\u0131\u011f\u0131n\u0131 koruyam\u0131yordu. T\u00fcrkiye&#8217;nin \u00fcyeli\u011fi ise \u0130ngiltere&#8217;den sonra, AB\u2019yi suland\u0131rma i\u015flevinin ikinci aya\u011f\u0131n\u0131 temsil ediyordu.<\/span><\/p>\n<p style=\"margin-bottom: 0.0001pt; text-align: justify; text-indent: 1cm; line-height: 150%;\"><b><span style=\"font-size: 10pt; line-height: 150%; font-family: Arial, sans-serif; color: black;\">Amerikal\u0131lar AB&#8217;yi suland\u0131rmas\u0131 ve Siyonizmin kontrol\u00fcnde kalmas\u0131 i\u00e7in T\u00fcrkiye&#8217;nin AB i\u00e7inde yer almas\u0131n\u0131 savunuyordu. T\u00fcrkiye&#8217;nin bu hususta iki i\u015flevi daha bulunuyordu. \u0130kisinde de anahtar de\u011fil kilit rol\u00fc g\u00f6r\u00fcyor ve t\u0131kay\u0131c\u0131 bir g\u00f6rev y\u00fcr\u00fct\u00fcyordu. T\u00fcrkiye&#8217;nin AB e\u011filimi AB&#8217;nin geli\u015fimini aksat\u0131yor. \u00d6zellikle de siyasi birli\u011fine zarar verecek boyutlar ta\u015f\u0131yordu. Bu nedenle T\u00fcrkiye&#8217;nin AB&#8217;ye kat\u0131l\u0131m\u0131 AB projesi olmaktan ziyade bir Amerikan projesi olarak okunmas\u0131 gerekiyordu. T\u00fcrkiye&#8217;nin Avrupa vadilerinde kaybolmas\u0131n\u0131n ikinci nedeni de \u0130sl\u00e2m d\u00fcnyas\u0131n\u0131 ba\u015fs\u0131z b\u0131rakma amac\u0131n\u0131 ta\u015f\u0131yordu. Tam da bu nedenden dolay\u0131, baz\u0131lar\u0131 T\u00fcrkiye&#8217;nin AB istikametini ayn\u0131 zamanda bir \u0130ran projesi olarak g\u00f6steriyordu. Hatemi&#8217;den bug\u00fcnk\u00fc liderlere kadar hemen hemen b\u00fct\u00fcn \u0130ranl\u0131 liderler T\u00fcrkiye&#8217;nin AB \u00fcyelik perspektifini destekliyordu. Dolay\u0131s\u0131yla T\u00fcrkiye&#8217;nin ortada ve ba\u011f\u0131ms\u0131z durmas\u0131yla birlikte hem AB hem de Ortado\u011fu kilitli kal\u0131yordu. <\/span><\/b><\/p>\n<p style=\"margin-bottom: 0.0001pt; text-align: justify; text-indent: 1cm; line-height: 150%;\"><b><span style=\"font-size: 10pt; line-height: 150%; font-family: Arial, sans-serif; color: black;\">T\u00fcrkiye&#8217;ye dair ikinci Amerikan projesi de ideolojik olarak T\u00fcrkiye&#8217;nin \u0130sl\u00e2m \u00e2lemine Bat\u0131c\u0131 bir model sunmas\u0131d\u0131r. Obama&#8217;n\u0131n se\u00e7imi de en modern ve laik \u0130sl\u00e2m \u00fclkesi olarak T\u00fcrkiye&#8217;den taraft\u0131r. David Furum ve Richard Perle gibi Siyonist Yahudi teorisyenleri baz\u0131 ortak kitaplar\u0131nda, \u201cABD&#8217;nin 50 y\u0131ll\u0131k politikas\u0131n\u0131n \u0130sl\u00e2m d\u00fcnyas\u0131nda T\u00fcrkiye modelini yaymak ve tamim etmek oldu\u011funu\u201d yazm\u0131\u015flard\u0131r. Hatta Nas\u0131r&#8217;dan Suharto ve Saddam&#8217;a kadar b\u00fct\u00fcn denemelerin asl\u0131nda bir T\u00fcrkiye kopyalanmas\u0131ndan ibaret oldu\u011funu itiraftan sak\u0131nmam\u0131\u015flard\u0131r.\u201d<a href=\"#_ftn4\" name=\"_ftnref4\" title=\"\"><sup><b><sup><span style=\"font-size: 10pt; line-height: 115%; color: black;\">[4]<\/span><\/sup><\/b><\/sup><\/a><\/span><\/b><\/p>\n<p style=\"margin-bottom: 0.0001pt; text-align: justify; text-indent: 1cm; line-height: 150%;\"><b><span style=\"font-size: 10pt; line-height: 150%; font-family: Arial, sans-serif; color: black;\">\u00c7\u00fcnk\u00fc T\u00fcrkiye\u2019nin AB\u2019nin bir vilayeti ve nihayet \u0130srail\u2019in eyaleti olmas\u0131, \u0130ran\u2019\u0131 rakipsiz b\u0131rakaca\u011f\u0131 ve \u0130slam D\u00fcnyas\u0131n\u0131n tabii liderli\u011fi konumuna ta\u015f\u0131yaca\u011f\u0131 d\u00fc\u015f\u00fcn\u00fcl\u00fcyordu.<\/span><\/b><\/p>\n<p style=\"margin-bottom: 0.0001pt; text-align: justify; text-indent: 1cm; line-height: 150%;\"><b><span style=\"font-family: Arial, sans-serif; color: black;\">Sabataizm Ve K\u00fclt\u00fcr \u0130stilas\u0131<\/span><\/b><\/p>\n<p style=\"margin-bottom: 0.0001pt; text-align: justify; text-indent: 1cm; line-height: 150%;\"><span style=\"font-size: 10pt; line-height: 150%; font-family: Arial, sans-serif; color: black;\">\u00dclkemizdeki k\u00fclt\u00fcr yozla\u015fmas\u0131n\u0131n en \u00f6nemli fakt\u00f6rlerinden olan &#8220;D\u00f6nmelik&#8221; bilinmeden, sorunlar\u0131m\u0131za k\u00f6kl\u00fc \u00e7\u00f6z\u00fcmler \u00fcretmek m\u00fcmk\u00fcn de\u011fildir.<\/span><\/p>\n<p style=\"margin-bottom: 0.0001pt; text-align: justify; text-indent: 1cm; line-height: 150%;\"><span style=\"font-size: 10pt; line-height: 150%; font-family: Arial, sans-serif; color: black;\">\u00d6ncelikle ve \u00f6zellikle belirtelim ki iyi ahlak ve akl\u0131 selim sahibi olan, \u00fclkemiz ve milletimiz aleyhinde bulunmayan Yahudilerle iyi ge\u00e7inmek ve onlar\u0131n temel hak ve h\u00fcrriyetlerine g\u00f6zetmek, hem insani hem de \u0130sl\u00e2mi bir g\u00f6revdir ve b\u00f6ylesi d\u00fcr\u00fcst olan di\u011fer az\u0131nl\u0131k vatanda\u015flar\u0131m\u0131za kar\u015f\u0131 da ayn\u0131 iyi niyet beslenmektedir.<\/span><\/p>\n<p style=\"margin-bottom: 0.0001pt; text-align: justify; text-indent: 1cm; line-height: 150%;\"><span style=\"font-size: 10pt; line-height: 150%; font-family: Arial, sans-serif; color: black;\">Ancak hem Osmanl\u0131&#8217;n\u0131n y\u0131k\u0131l\u0131\u015f\u0131 ve \u00f6zellikle \u0130stanbul ve \u0130zmir ba\u015fta, b\u00fct\u00fcn \u00fclkemizin i\u015fgali s\u0131ras\u0131nda, hem Kurtulu\u015f Sava\u015f\u0131 esnas\u0131nda, hem de Cumhuriyet sonras\u0131nda bu az\u0131nl\u0131klar\u0131n bir k\u0131sm\u0131n\u0131n \u00f6nce a\u00e7\u0131k h\u0131yanetleri, sonra masonluk yoluyla siyasal, sosyal ve ekonomik hayat\u0131m\u0131zdaki gizli ve kirli etkinlikleri de inkar edilemez bir ger\u00e7ektir. Ve bu durum hala milletimize duyurulmas\u0131 ve uyar\u0131lmas\u0131 gereken ciddi bir tehdit ve tehlikedir.<\/span><\/p>\n<p style=\"margin-bottom: 0.0001pt; text-align: justify; text-indent: 1cm; line-height: 150%;\"><span style=\"font-size: 10pt; line-height: 150%; font-family: Arial, sans-serif; color: black;\">\u0130\u015fte &#8220;SABATAY\u0130ZM&#8221; de bu ba\u011flamda ele al\u0131nmas\u0131 ve halk\u0131m\u0131za anlat\u0131lmas\u0131 gereken \u00e7ok sinsi bir harekettir. Sabatayizm\u2019in \u00f6z\u00fc Yahudi d\u00f6nmeli\u011fidir. &#8220;D\u00f6nme&#8221;lik, bizim milletimize kar\u015f\u0131 &#8220;Yahudili\u011fi terk edip \u0130sl\u00e2m&#8217;a girmi\u015f, adlar\u0131m\u0131z\u0131 ve adetlerimizi benimseyip T\u00fcrkle\u015fmi\u015f, Yahudilikten d\u00f6nme M\u00fcsl\u00fcmanlar&#8221; \u015feklinde g\u00f6r\u00fcn\u00fcr ve g\u00f6sterilir. Ama kendi aralar\u0131nda &#8220;Sak\u0131n ha! Yahudilikten d\u00f6nme! Ki\u015fisel menfaatlerimiz ve kutsal hedeflerimiz i\u00e7in, zahirde M\u00fcsl\u00fcman g\u00f6r\u00fcn, ama asl\u0131n\u0131 ve amac\u0131n\u0131 terk etme!&#8221; felsefesi g\u00fcd\u00fclmektedir. Yani bunlar \u0130bni Sebe&#8217;nin \u00e7a\u011fda\u015f \u00f6rnekleridir. &#8220;Sabbataizm-D\u00f6nmelik&#8221; \u00fclkemizde \u015f\u00f6yle geli\u015fmi\u015ftir: Sabbatay Sevi, simsarl\u0131k, tefecilik, ve tacirlik yapan ve \u00e7evresinde kendisine Kara Mente\u015f lakab\u0131 tak\u0131lan Mordahay Sevi adl\u0131 bir Yahudinin \u00e7ocu\u011fu olarak, 1626 y\u0131l\u0131nda \u0130zmir&#8217;de do\u011fdu. Dindar bir Yahudi olan annesinin iste\u011fi \u00fczerine Sabbatay Sevi haham oldu ve \u0130zmir Sinagok&#8217;unun me\u015fhur haham\u0131 \u0130shak Dolba&#8217;dan Tevrat ve Telmut okudu ve Kabbalist s\u0131rlara vak\u0131f oldu. 1648 y\u0131l\u0131nda kendisini &#8220;Beklenen Mesih&#8221; ilan etti. \u0130zmir haham ba\u015f\u0131 Josef Eskopa buna kar\u015f\u0131 geldi ise de, s\u00f6z dinlemedi. Yahudiler \u00e7o\u011funlukla onu &#8220;MES\u0130H&#8221; &#8211; Yahudi ve H\u0131ristiyanlar\u0131n bekledi\u011fi kurtar\u0131c\u0131 olarak kabullendiler. Ve b\u00f6ylece Sabbatay Sevi i\u00e7in art\u0131k maceral\u0131 bir hayat ba\u015flam\u0131\u015ft\u0131.<\/span><\/p>\n<p style=\"margin-bottom: 0.0001pt; text-align: justify; text-indent: 1cm; line-height: 150%;\"><span style=\"font-size: 10pt; line-height: 150%; font-family: Arial, sans-serif; color: black;\">Sabbatay 1650&#8217;de \u0130stanbul&#8217;a oradan Selanik\u2019e gitti. Daha sonra Atina&#8217;ya ge\u00e7ti. 1659 y\u0131l\u0131nda tekrar \u0130stanbul&#8217;a ve \u0130zmir&#8217;e d\u00f6nd\u00fc. Gitti\u011fi her yerde, \u201cb\u00fcy\u00fck kurtar\u0131c\u0131\u201d olarak kar\u015f\u0131lan\u0131yor, sayg\u0131 g\u00f6r\u00fcyor ve destekleniyordu. 1662 y\u0131l\u0131nda M\u0131s\u0131r&#8217;a ve Kud\u00fcs&#8217;e gitti. \u0130zmir&#8217;e d\u00f6n\u00fc\u015f\u00fcnde Yahudi gelene\u011fine g\u00f6re t\u00f6renle ta\u00e7 giydi ve kendisini &#8220;B\u00fcy\u00fck Kurtar\u0131c\u0131&#8221; ilan edip d\u00fcnyay\u0131 38 m\u00fcridi aras\u0131nda b\u00f6l\u00fc\u015ft\u00fcrd\u00fc ve bir bildiri yay\u0131nlad\u0131. Sabbatay Sevi&#8217;yi ziyaret i\u00e7in Poyonya&#8217;dan, Almanya&#8217;dan, Akdeniz Adalar\u0131ndan Yahudiler \u0130zmir&#8217;e gelme\u011fe ba\u015flad\u0131.<\/span><\/p>\n<p style=\"margin-bottom: 0.0001pt; text-align: justify; text-indent: 1cm; line-height: 150%;\"><span style=\"font-size: 10pt; line-height: 150%; font-family: Arial, sans-serif; color: black;\">Bu tehlikeli geli\u015fmeler \u00fczerine Osmanl\u0131 Devleti duruma el koydu ve Sadrazam K\u00f6pr\u00fcl\u00fc Faz\u0131l Ahmet Pa\u015fa 1666 y\u0131l\u0131nda, Sabbatay sevi&#8217;yi tutuklat\u0131p \u0130stanbul&#8217;a getirtti ve Zindan kap\u0131s\u0131nda hapsetti. Sonra Aydos&#8217;a s\u00fcrg\u00fcn edildi. Sultan IV . Mehmet&#8217;in emriyle&nbsp; Edirne Saray\u0131nda yarg\u0131lan\u0131p idama mahkum edildi. Bunun \u00fczerine &#8220;\u015eeytani vesvese ve heveslerden kurtuldu\u011funu ve ara\u015ft\u0131rmalar\u0131 sonucu ger\u00e7e\u011fi bulup M\u00fcsl\u00fcman oldu\u011funu&#8221;&nbsp; a\u00e7\u0131klad\u0131 ve Mehmet Aziz ad\u0131n\u0131 alarak serbest b\u0131rak\u0131ld\u0131. B\u00f6ylece &#8220;D\u00f6nme&#8221;lik devri ba\u015flad\u0131. M\u00fcritleri de onun talimat\u0131yla M\u00fcsl\u00fcman olup T\u00fcrk isimleri ald\u0131lar. M\u00fcsl\u00fcman olduktan ve serbest b\u0131rak\u0131ld\u0131ktan sonra daha eski ve sinsi faaliyetlerini devam ettirdi. &#8220;Osmanl\u0131-\u0130sl\u00e2m Devleti&#8217;ni y\u0131kma, yerine Yahudi \u0130mparatorlu\u011funu kurma&#8221; hayal ve hevesinden vazge\u00e7medi. \u00dcstelik kendisi ve avenesi art\u0131k M\u00fcsl\u00fcman ge\u00e7indi\u011fi i\u00e7in, daha tehlikeli bir hale geldi. Bunun \u00fczerine, tekrar Arnavutluk&#8217;a s\u00fcrg\u00fcn edildi ve 1675 y\u0131l\u0131nda \u0130lg\u00fcn \u015fehrinde \u00f6ld\u00fc.<\/span><a href=\"#_ftn5\" name=\"_ftnref5\" title=\"\"><sup><span style=\"font-size: 9pt; line-height: 150%; font-family: Arial, sans-serif; color: black;\"><sup><span style=\"font-size: 9pt; line-height: 115%;\">[5]<\/span><\/sup><\/span><\/sup><\/a><span style=\"font-size: 10pt; line-height: 150%; font-family: Arial, sans-serif; color: black;\"> \u0130\u015fte bu Sabatayizm\/D\u00f6nmelik d\u00fc\u015f\u00fcncesini benimseyen Yahudiler 3 as\u0131rd\u0131r bu gelene\u011fi g\u00fcn\u00fcm\u00fcze kadar s\u00fcrd\u00fcrd\u00fc. G\u00f6r\u00fcn\u00fc\u015fte M\u00fcsl\u00fcman ve T\u00fcrk gibi davranmaya, ama ger\u00e7ekte gizli ve tehlikeli Kabbalist ve Siyonist planlar\u0131n\u0131 uygulamaya \u00e7al\u0131\u015fan bu d\u00f6nemler, ticaretten siyasete, sinema, tiyatro ve televizyondan ekonomiye, gazete ve dergicilikten devrimcili\u011fe, y\u00fcksek b\u00fcrokrasiden d\u0131\u015f i\u015flerine kadar, \u00fclkemizdeki her sahada yetkili konuma geldi.<\/span><\/p>\n<p style=\"margin-bottom: 0.0001pt; text-align: justify; text-indent: 1cm;\"><b><span style=\"line-height: 115%; font-family: Arial, sans-serif; color: black;\">Evet &#8220;Sabbatayc\u0131l\u0131k Yahudilik i\u00e7inden \u00e7\u0131kan dini ve siyasi ama\u00e7l\u0131 bir harekettir, temel esaslar\u0131 ve d\u00fc\u015f\u00fcnce yap\u0131s\u0131, Yahudi tarihi i\u00e7in vazge\u00e7ilmez bir kaynak olan &#8220;Zohar&#8221;a dayanmaktad\u0131r.&#8221; <\/span><\/b><a href=\"#_ftn6\" name=\"_ftnref6\" title=\"\"><b><sup><span style=\"font-size: 10pt; line-height: 115%; font-family: Arial, sans-serif; color: black;\"><b>[6]<\/b><\/span><\/sup><\/b><\/a><b><span style=\"line-height: 115%; font-family: Arial, sans-serif; color: black;\"><\/span><\/b><\/p>\n<p style=\"margin-bottom: 0.0001pt; text-align: justify; text-indent: 1cm;\"><b><span style=\"line-height: 115%; font-family: Arial, sans-serif; color: black;\">Zohar, Kabbala felsefesinin \u00f6nemli bir kitab\u0131d\u0131r. 13 y.y. \u0130spanya&#8217;da ya\u015fayan ve mutedil Musevi hahamlar\u0131 taraf\u0131ndan d\u0131\u015flanan Moiz de Leon adl\u0131 sap\u0131k Yahudi misti\u011fi taraf\u0131ndan aramca haz\u0131rlanm\u0131\u015ft\u0131r.<\/span><\/b><a href=\"#_ftn7\" name=\"_ftnref7\" title=\"\"><b><sup><span style=\"font-size: 10pt; line-height: 115%; font-family: Arial, sans-serif; color: black;\"><b>[7]<\/b><\/span><\/sup><\/b><\/a><b><span style=\"line-height: 115%; font-family: Arial, sans-serif; color: black;\"><\/span><\/b><\/p>\n<p style=\"margin-bottom: 0.0001pt; text-align: justify; text-indent: 1cm;\"><b><span style=\"line-height: 115%; font-family: Arial, sans-serif; color: black;\">Kabbala ise, baz\u0131 sap\u0131k Yahudi hahamlar\u0131n\u0131n \u015feytanla ili\u015fki kurmas\u0131 sonucu edindikleri gizli ve kirli s\u0131rlar \u00f6\u011fretisidir. <\/span><\/b><\/p>\n<p style=\"margin-bottom: 0.0001pt; text-align: justify; text-indent: 1cm;\"><b><span style=\"line-height: 115%; font-family: Arial, sans-serif; color: black;\">\u015eeytan\u0131 ve insan\u0131 ilahla\u015ft\u0131ran, sihir ve rumuzlu i\u015faretlerle gelecekle ilgili haber verme safsatas\u0131na dayanan ve Yahudilerin ba\u015fka insanlara hakimiyet kurmas\u0131n\u0131 ama\u00e7layan bozuk bir d\u00fc\u015f\u00fcnce sistemidir.<\/span><\/b><a href=\"#_ftn8\" name=\"_ftnref8\" title=\"\"><span><b><span style=\"line-height: 115%; font-family: Arial, sans-serif; color: black;\"><span><b><span style=\"font-size: 11pt; line-height: 115%;\">[8]<\/span><\/b><\/span><\/span><\/b><\/span><\/a><b><span style=\"line-height: 115%; font-family: Arial, sans-serif; color: black;\"><\/span><\/b><\/p>\n<p style=\"margin-bottom: 0.0001pt; text-align: justify; text-indent: 1cm; line-height: 150%;\"><span style=\"font-size: 10pt; line-height: 150%; font-family: Arial, sans-serif; color: black;\">&#8220;Sabbatay Sevi, ba\u015flatt\u0131\u011f\u0131 hareketin ilk zamanlar\u0131nda, Yahudilikteki, baz\u0131 inan\u00e7lar\u0131 de\u011fi\u015ftirmi\u015f olmakla beraber, g\u00fcnl\u00fck dualarda yine Yahudili\u011fe ba\u011fl\u0131 kalm\u0131\u015ft\u0131. Seferad rit\u00fcellerinin benimsedi\u011fi bu dualara sadece baz\u0131 eklemeler yapt\u0131. Ancak cemaat \u00fcyeleri her zaman bu dualar\u0131 gizlice tatbik ettiler. Kendi camialar\u0131 d\u0131\u015f\u0131nda, daime M\u00fcsl\u00fcman olduklar\u0131 inanc\u0131n\u0131 insanlara benimsetme\u011fe \u00e7al\u0131\u015ft\u0131lar, ki buda bizzat Sabbatay&#8217;\u0131n emridir.&#8221;<\/span><a href=\"#_ftn9\" name=\"_ftnref9\" title=\"\"><sup><span style=\"font-size: 9pt; line-height: 150%; font-family: Arial, sans-serif; color: black;\"><sup><span style=\"font-size: 9pt; line-height: 115%;\">[9]<\/span><\/sup><\/span><\/sup><\/a><span style=\"font-size: 10pt; line-height: 150%; font-family: Arial, sans-serif; color: black;\"><\/span><\/p>\n<p style=\"margin-bottom: 0.0001pt; text-align: justify; text-indent: 1cm; line-height: 150%;\"><span style=\"font-size: 10pt; line-height: 150%; font-family: Arial, sans-serif; color: black;\">Osmanl\u0131&#8217;da Tanzimat\u2019la ba\u015flayan bat\u0131l\u0131la\u015fma ve batma s\u00fcrecini h\u0131zland\u0131ran &#8220;\u0130ttihat ve Terakki\u201dnin kurulmas\u0131yla beraber Sabbatayc\u0131lar\u0131n \u00f6zellikle siyasi rolleri belirginle\u015fti. Genellikle, o d\u00f6nemdeki di\u011fer etnik unsurlara g\u00f6re, ticari ili\u015fkileri nedeni ile bat\u0131 \u00fclkelerine ve onlar\u0131n k\u00fclt\u00fcrlerine (daha fazla) ilgi g\u00f6steren Sabbatayc\u0131 (D\u00f6nme) cemaatler, politik m\u00fccadelelerini, \u00f6zellikle Fransa Devrimiyle \u00f6zde\u015fle\u015fen &#8220;H\u00fcrriyet, Karde\u015flik ve E\u015fitlik&#8221; d\u00fc\u015f\u00fcncelerinde somutla\u015ft\u0131rd\u0131lar. Sabbatayc\u0131 topluluklarda dini yap\u0131n\u0131n giderek etkisini yitirmesi, gurup \u00fcyelerini yeni aray\u0131\u015flara itti\u011finden bunlar\u0131n MASON&#8217;lu\u011fa ve MELAM\u0130L\u0130K&#8217;e kar\u015f\u0131 g\u00f6sterdikleri ilgi bizi \u015fa\u015f\u0131rtmamal\u0131d\u0131r. Nitekim ad\u0131 ge\u00e7en organizasyonlarda \u00fcst kademelere kadar gelmeleri bunun \u00f6rne\u011fidir.&#8221;<\/span><a href=\"#_ftn10\" name=\"_ftnref10\" title=\"\"><sup><span style=\"font-size: 9pt; line-height: 150%; font-family: Arial, sans-serif; color: black;\"><sup><span style=\"font-size: 9pt; line-height: 115%;\">[10]<\/span><\/sup><\/span><\/sup><\/a><span style=\"font-size: 10pt; line-height: 150%; font-family: Arial, sans-serif; color: black;\"><\/span><\/p>\n<p style=\"margin-bottom: 0.0001pt; text-align: justify; text-indent: 1cm; line-height: 150%;\"><span style=\"font-size: 10pt; line-height: 150%; font-family: Arial, sans-serif; color: black;\">\u00d6zellikle, Osmanl\u0131 \u0130mparatorlu\u011funun y\u0131k\u0131l\u0131\u015f d\u00f6neminde &#8220;Sabatayc\u0131 ayd\u0131nlar i\u00e7in Masonluk sosyalle\u015ftikleri bir \u00f6rg\u00fctt\u00fc.&#8221;<\/span><a href=\"#_ftn11\" name=\"_ftnref11\" title=\"\"><sup><span style=\"font-size: 9pt; line-height: 150%; font-family: Arial, sans-serif; color: black;\"><sup><span style=\"font-size: 9pt; line-height: 115%;\">[11]<\/span><\/sup><\/span><\/sup><\/a><span style=\"font-size: 10pt; line-height: 150%; font-family: Arial, sans-serif; color: black;\"><\/span><\/p>\n<p style=\"margin-bottom: 0.0001pt; text-align: justify; text-indent: 1cm; line-height: 150%;\"><b><span style=\"line-height: 150%; font-family: Arial, sans-serif; color: black;\">Yani art\u0131k Sabataist d\u00f6nmelerin yeni dini Siyonizm, tarikatlar\u0131 ise Masonluk olmu\u015ftu. <\/span><\/b><\/p>\n<p style=\"margin-bottom: 0.0001pt; text-align: justify; text-indent: 1cm; line-height: 150%;\"><span style=\"font-size: 10pt; line-height: 150%; font-family: Arial, sans-serif; color: black;\">D\u00f6nemin askeri ve sivil y\u00fcksekokullar\u0131na ve kolejler gibi \u00f6zel e\u011fitim kurumlar\u0131na s\u0131zan bu Sabataist d\u00f6nmeler, gen\u00e7 beyinleri kirletmeye ba\u015flad\u0131lar ve \u00fclke y\u00f6netiminin kozmopolit bir z\u00fcmrenin eline ge\u00e7mesine zemin haz\u0131rlad\u0131lar. <\/span><\/p>\n<p style=\"margin-bottom: 0.0001pt; text-align: justify; text-indent: 1cm; line-height: 150%;\"><span style=\"font-size: 10pt; line-height: 150%; font-family: Arial, sans-serif; color: black;\">Sabatayc\u0131 d\u00f6nmeler, M\u00fcsl\u00fcman g\u00f6r\u00fcnmenin verdi\u011fi m\u00fcnaf\u0131kl\u0131k ve kolayl\u0131kla, zamanla Bekta\u015filik, Mevlevilik ve Melamilik gibi \u0130sl\u00e2mi tarikatlara da s\u0131zarak, hem bunlar\u0131n yozla\u015fmas\u0131na, hem de masonlu\u011fun bir yan kurulu\u015fu gibi \u00e7al\u0131\u015fmalar\u0131na sebep olmu\u015flard\u0131r.<\/span><\/p>\n<p style=\"margin-bottom: 0.0001pt; text-align: justify; text-indent: 1cm; line-height: 150%;\"><span style=\"font-size: 10pt; line-height: 150%; font-family: Arial, sans-serif; color: black;\">Sabatayc\u0131 d\u00f6nmeler daha \u00f6nce \u0130ttihat ve Terakki ve J\u00f6n T\u00fcrk hareketlerine y\u00f6n verdikleri gibi modern T\u00fcrkiye&#8217;nin kurulu\u015fu s\u0131ras\u0131nda Kemalist ideolojiyi yozla\u015ft\u0131ran ve Atat\u00fcrk\u00e7\u00fcl\u00fck k\u0131l\u0131f\u0131na s\u0131\u011f\u0131nan ki\u015filer aras\u0131nda &#8220;Sabatayc\u0131 k\u00f6kenli ayd\u0131nlar\u0131n say\u0131s\u0131 belirgin olarak dikkat \u00e7ekmektedir. Zamanla bu cemaat \u00fcyeleri i\u00e7inden gelen ki\u015filer T\u00fcrkiye&#8217;nin toplumsal ya\u015fam\u0131nda da etkili olmay\u0131 ba\u015farm\u0131\u015flard\u0131r.&#8221;<\/span><a href=\"#_ftn12\" name=\"_ftnref12\" title=\"\"><sup><span style=\"font-size: 9pt; line-height: 150%; font-family: Arial, sans-serif; color: black;\"><sup><span style=\"font-size: 9pt; line-height: 115%;\">[12]<\/span><\/sup><\/span><\/sup><\/a><span style=\"font-size: 10pt; line-height: 150%; font-family: Arial, sans-serif; color: black;\"><\/span><\/p>\n<p style=\"margin-bottom: 0.0001pt; text-align: justify; text-indent: 1cm; line-height: 150%;\"><span style=\"font-size: 10pt; line-height: 150%; font-family: Arial, sans-serif; color: black;\">1924 M\u00fcbadele anla\u015fmas\u0131 sonucu Selanik&#8217;ten \u0130zmir ve \u0130stanbul ba\u015fta, T\u00fcrkiye&#8217;nin illerine gelen Sabatayc\u0131 d\u00f6nmelerin \u00f6zellikle, Yahudi mahallelerine yerle\u015fmeleri dikkat \u00e7ekicidir. Ayr\u0131ca 2. D\u00fcnya Sava\u015f\u0131ndan sonra Sabatayc\u0131lar\u0131n bir k\u0131sm\u0131 \u0130srail&#8217;e g\u00f6\u00e7 etmi\u015ftir. <\/span><\/p>\n<p style=\"margin-bottom: 0.0001pt; text-align: justify; text-indent: 1cm; line-height: 150%;\"><span style=\"font-size: 10pt; line-height: 150%; font-family: Arial, sans-serif; color: black;\">Siyonist d\u00fc\u015f\u00fcnceyi hararetle savunan Cumhuriyet d\u00f6nemi Sabatayc\u0131 d\u00f6nmelerinden Cavit Bey, Gazeteci Ahmet Emin Yalman gibilerin \u0130srail&#8217;in kurulmas\u0131n\u0131 ve T\u00fcrkiye&#8217;nin \u0130srail&#8217;i resmen tan\u0131yan ilk M\u00fcsl\u00fcman \u00fclke olmas\u0131n\u0131 \u0131srarla desteklemeleri bo\u015funa de\u011fildir. \u00d6yle ki, bizzat Yahudi olan kimseler bile Siyonist \u0130srail konusunda bu d\u00f6nemler kadar istekli ve ate\u015fli g\u00f6r\u00fcnmemi\u015flerdir.<\/span><\/p>\n<p style=\"margin-bottom: 0.0001pt; text-align: justify; text-indent: 1cm; line-height: 150%;\"><span style=\"font-size: 10pt; line-height: 150%; font-family: Arial, sans-serif; color: black;\">Hi\u00e7bir dinde ve d\u00fczende asla izin verilmeyen, &#8220;birbirlerine nik\u00e2h\u0131 d\u00fc\u015fmeyen aile fertleri ve yak\u0131n akrabalar\u0131 da d\u00e2hil, her t\u00fcrl\u00fc serbest seksin kendi aralar\u0131nda yayg\u0131n oldu\u011fu s\u00f6ylenen<\/span><a href=\"#_ftn13\" name=\"_ftnref13\" title=\"\"><sup><span style=\"font-size: 9pt; line-height: 150%; font-family: Arial, sans-serif; color: black;\"><sup><span style=\"font-size: 9pt; line-height: 115%;\">[13]<\/span><\/sup><\/span><\/sup><\/a><span style=\"font-size: 10pt; line-height: 150%; font-family: Arial, sans-serif; color: black;\"> ve \u015feytan\u0131n m\u00fcritlerinden ba\u015fkas\u0131n\u0131n asla tevess\u00fcl edemeyece\u011fi bu \u00e7irkin ili\u015fkileri baz\u0131 n\u00fcshalar\u0131 hala \u0130srail&#8217;de bulunan uydurma Tanah kitab\u0131ndaki ayetlere dayand\u0131rd\u0131klar\u0131 bilinen Sabatayc\u0131 d\u00f6nmeler, \u00f6nce Selanik&#8217;te sonra \u0130stanbul, \u0130zmir ve di\u011fer \u015fehirlerde ilk genel evlerini a\u00e7an ve kendi kad\u0131nlar\u0131n\u0131 ve k\u0131zlar\u0131n\u0131 buralara sermaye yapan kimselerdir. Bununla para kazanmaktan da \u00f6te M\u00fcsl\u00fcman T\u00fcrk\u00fcn ahlak ve aile yap\u0131s\u0131n\u0131 tahribe y\u00f6nelmi\u015flerdir.<\/span><\/p>\n<p style=\"margin-bottom: 0.0001pt; text-align: justify; text-indent: 1cm; line-height: 150%;\"><span style=\"font-size: 10pt; line-height: 150%; font-family: Arial, sans-serif; color: black;\">\u201cEvet, Ben Selanikliyim&#8221; kitab\u0131n\u0131n yazar\u0131 olan Ilgaz Zorlu ise halen \u0130stanbul da ya\u015fayan bir Sabataist\u2019tir. Ve kendi okuluna yaz\u0131lan Atat\u00fcrk\u2019\u00fcn de ilk \u00f6\u011fretmenli\u011fini yapan \u015eemsi Efendinin torunlar\u0131ndan birisidir.<\/span><\/p>\n<div><br clear=\"all\" \/><\/p>\n<hr align=\"left\" size=\"1\" width=\"33%\" \/>\n<div>\n<p style=\"margin-bottom: 0.0001pt; text-align: justify; line-height: normal;\"><a href=\"#_ftnref1\" name=\"_ftn1\" title=\"\"><span><span style=\"font-size: 9pt; font-family: Arial, sans-serif;\"><span><span style=\"font-size: 9pt; line-height: 115%;\">[1]<\/span><\/span><\/span><\/span><\/a><span style=\"font-size: 9pt; font-family: Arial, sans-serif;\"> D\u00f6nmeler (Sabataistler) Tarihi. Prof. Abdurrahman K\u00fc\u00e7\u00fck. Berikan yy. Ankara 2010. sh: 54-64<\/span><\/p>\n<\/p><\/div>\n<div>\n<p style=\"margin-bottom: 0.0001pt; text-align: justify; line-height: normal;\"><a href=\"#_ftnref2\" name=\"_ftn2\" title=\"\"><span><span style=\"font-size: 9pt; font-family: Arial, sans-serif;\"><span><span style=\"font-size: 9pt; line-height: 115%;\">[2]<\/span><\/span><\/span><\/span><\/a><span style=\"font-size: 9pt; font-family: Arial, sans-serif;\"> Sabataist Ermi\u015fler. Matt Goldish. \u00c7evri: Levent G\u00f6ktem. K\u0131rm\u0131z\u0131kedi yy. Eyl\u00fcl 2011 sh: 192-203<\/span><\/p>\n<\/p><\/div>\n<div>\n<p style=\"margin-bottom: 0.0001pt; text-align: justify; line-height: normal;\"><a href=\"#_ftnref3\" name=\"_ftn3\" title=\"\"><span><span style=\"font-size: 9pt; font-family: Arial, sans-serif;\"><span><span style=\"font-size: 9pt; line-height: 115%;\">[3]<\/span><\/span><\/span><\/span><\/a><span style=\"font-size: 9pt; font-family: Arial, sans-serif;\"> Bak: Tarihin Esrarengiz Sayfas\u0131\u2013D\u00f6nmeler, Ahmet ALMAZ\u2013K\u00fclt\u00fcr yay\u0131nc\u0131l\u0131k\u2013Eyl\u00fcl 2002, Syf.139-141<\/span><\/p>\n<\/p><\/div>\n<div>\n<p style=\"margin-bottom: 0.0001pt; text-align: justify; line-height: normal;\"><a href=\"#_ftnref4\" name=\"_ftn4\" title=\"\"><span><span style=\"font-size: 9pt; font-family: Arial, sans-serif;\"><span><span style=\"font-size: 9pt; line-height: 115%;\">[4]<\/span><\/span><\/span><\/span><\/a><span style=\"font-size: 9pt; font-family: Arial, sans-serif;\"> Bak: Mustafa \u00d6zcan \/ Milli Gazete \/ 11 04 2009<\/span><\/p>\n<\/p><\/div>\n<div>\n<p style=\"margin-bottom: 0.0001pt; text-align: justify; line-height: normal;\"><a href=\"#_ftnref5\" name=\"_ftn5\" title=\"\"><span><span style=\"font-size: 9pt; font-family: Arial, sans-serif;\"><span><span style=\"font-size: 9pt; line-height: 115%;\">[5]<\/span><\/span><\/span><\/span><\/a><span style=\"font-size: 9pt; font-family: Arial, sans-serif;\"> Meydan Larousse Sabah Yay\u0131n\u0131 C.17, Sh.162<\/span><\/p>\n<\/p><\/div>\n<div>\n<p style=\"margin-bottom: 0.0001pt; text-align: justify; line-height: normal;\"><a href=\"#_ftnref6\" name=\"_ftn6\" title=\"\"><span><span style=\"font-size: 9pt; font-family: Arial, sans-serif;\"><span><span style=\"font-size: 9pt; line-height: 115%;\">[6]<\/span><\/span><\/span><\/span><\/a><span style=\"font-size: 9pt; font-family: Arial, sans-serif;\"> Ilgaz Zorlu, evet Ben Selanikliyim. Sh.8<\/span><\/p>\n<\/p><\/div>\n<div>\n<p style=\"margin-bottom: 0.0001pt; text-align: justify; line-height: normal;\"><a href=\"#_ftnref7\" name=\"_ftn7\" title=\"\"><span><span style=\"font-size: 9pt; font-family: Arial, sans-serif;\"><span><span style=\"font-size: 9pt; line-height: 115%;\">[7]<\/span><\/span><\/span><\/span><\/a><span style=\"font-size: 9pt; font-family: Arial, sans-serif;\"> Meydan Larousse C.20, Sh.501<\/span><\/p>\n<\/p><\/div>\n<div>\n<p style=\"margin-bottom: 0.0001pt; text-align: justify; line-height: normal;\"><a href=\"#_ftnref8\" name=\"_ftn8\" title=\"\"><span><span style=\"font-size: 9pt; font-family: Arial, sans-serif;\"><span><span style=\"font-size: 9pt; line-height: 115%;\">[8]<\/span><\/span><\/span><\/span><\/a><span style=\"font-size: 9pt; font-family: Arial, sans-serif;\"> Bilgi \u0130\u00e7in: Prof. Abdurrahman K\u00fc\u00e7\u00fck. D\u00f6nmeler Tarihi. Sh: 113-117<\/span><\/p>\n<\/p><\/div>\n<div>\n<p style=\"margin-bottom: 0.0001pt; text-align: justify; line-height: normal;\"><a href=\"#_ftnref9\" name=\"_ftn9\" title=\"\"><span><span style=\"font-size: 9pt; font-family: Arial, sans-serif;\"><span><span style=\"font-size: 9pt; line-height: 115%;\">[9]<\/span><\/span><\/span><\/span><\/a><span style=\"font-size: 9pt; font-family: Arial, sans-serif;\"> Ilgaz Zorlu, Sh.14<\/span><\/p>\n<\/p><\/div>\n<div>\n<p style=\"margin-bottom: 0.0001pt; text-align: justify; line-height: normal;\"><a href=\"#_ftnref10\" name=\"_ftn10\" title=\"\"><span><span style=\"font-size: 9pt; font-family: Arial, sans-serif;\"><span><span style=\"font-size: 9pt; line-height: 115%;\">[10]<\/span><\/span><\/span><\/span><\/a><span style=\"font-size: 9pt; font-family: Arial, sans-serif;\"> A.G.E. Sh.45<\/span><\/p>\n<\/p><\/div>\n<div>\n<p style=\"margin-bottom: 0.0001pt; text-align: justify; line-height: normal;\"><a href=\"#_ftnref11\" name=\"_ftn11\" title=\"\"><span><span style=\"font-size: 9pt; font-family: Arial, sans-serif;\"><span><span style=\"font-size: 9pt; line-height: 115%;\">[11]<\/span><\/span><\/span><\/span><\/a><span style=\"font-size: 9pt; font-family: Arial, sans-serif;\"> A.G.E. Sh.59<\/span><\/p>\n<\/p><\/div>\n<div>\n<p style=\"margin-bottom: 0.0001pt; text-align: justify; line-height: normal;\"><a href=\"#_ftnref12\" name=\"_ftn12\" title=\"\"><span><span style=\"font-size: 9pt; font-family: Arial, sans-serif;\"><span><span style=\"font-size: 9pt; line-height: 115%;\">[12]<\/span><\/span><\/span><\/span><\/a><span style=\"font-size: 9pt; font-family: Arial, sans-serif;\"> Ilgaz Zorlu, Evet Ben Selanikliyim, Sh.8 <\/span><\/p>\n<\/p><\/div>\n<div>\n<p style=\"margin-bottom: 0.0001pt; text-align: justify; line-height: normal;\"><a href=\"#_ftnref13\" name=\"_ftn13\" title=\"\"><span><span style=\"font-size: 9pt; font-family: Arial, sans-serif;\"><span><span style=\"font-size: 9pt; line-height: 115%;\">[13]<\/span><\/span><\/span><\/span><\/a><span style=\"font-size: 9pt; font-family: Arial, sans-serif;\"> Ilgaz Zorlu, A.G.E., Sh.51<\/span><\/p>\n<\/p><\/div>\n<\/p><\/div>\n","protected":false},"excerpt":{"rendered":"<p>&nbsp; \u00d6ncelikle ve \u00f6zellikle belirtelim ki; bizim hi\u00e7 kimsenin k\u00f6keni ve kimli\u011fi ile bir sorunumuzun olmas\u0131 s\u00f6z konusu de\u011fildir. \u0130nsanlar\u0131n \u0131rk\u0131n\u0131, inanc\u0131n\u0131 veya ya\u015fam tarz\u0131n\u0131 sorgulamak, \u00e7a\u011fd\u0131\u015f\u0131 bir d\u00fc\u015f\u00fcncedir. \u00dclkemiz, Milletimiz ve devletimiz aleyhinde h\u0131yanete y\u00f6nelmeyen, d\u0131\u015f g\u00fc\u00e7lerle i\u015fbirli\u011fine giri\u015fmeyen, farkl\u0131 din ve k\u00f6kenden b\u00fct\u00fcn vatanda\u015flar\u0131m\u0131z bizim i\u00e7in sayg\u0131de\u011ferdir. Zaten ger\u00e7ek Cumhuriyet de\u011ferlerinde ve Laiklik [&hellip;]<\/p>\n","protected":false},"author":19,"featured_media":0,"comment_status":"open","ping_status":"closed","sticky":false,"template":"","format":"standard","meta":{"footnotes":""},"categories":[147],"tags":[],"class_list":["post-2517","post","type-post","status-publish","format-standard","hentry","category-subat-2013"],"_links":{"self":[{"href":"https:\/\/www.millicozum.com\/mc\/wp-json\/wp\/v2\/posts\/2517","targetHints":{"allow":["GET"]}}],"collection":[{"href":"https:\/\/www.millicozum.com\/mc\/wp-json\/wp\/v2\/posts"}],"about":[{"href":"https:\/\/www.millicozum.com\/mc\/wp-json\/wp\/v2\/types\/post"}],"author":[{"embeddable":true,"href":"https:\/\/www.millicozum.com\/mc\/wp-json\/wp\/v2\/users\/19"}],"replies":[{"embeddable":true,"href":"https:\/\/www.millicozum.com\/mc\/wp-json\/wp\/v2\/comments?post=2517"}],"version-history":[{"count":0,"href":"https:\/\/www.millicozum.com\/mc\/wp-json\/wp\/v2\/posts\/2517\/revisions"}],"wp:attachment":[{"href":"https:\/\/www.millicozum.com\/mc\/wp-json\/wp\/v2\/media?parent=2517"}],"wp:term":[{"taxonomy":"category","embeddable":true,"href":"https:\/\/www.millicozum.com\/mc\/wp-json\/wp\/v2\/categories?post=2517"},{"taxonomy":"post_tag","embeddable":true,"href":"https:\/\/www.millicozum.com\/mc\/wp-json\/wp\/v2\/tags?post=2517"}],"curies":[{"name":"wp","href":"https:\/\/api.w.org\/{rel}","templated":true}]}}