{"id":2519,"date":"2013-01-26T21:08:18","date_gmt":"2013-01-26T21:08:18","guid":{"rendered":"https:\/\/www.millicozum.com\/mc\/2013\/01\/26\/sefaat-ey-dost\/"},"modified":"2013-01-26T21:08:18","modified_gmt":"2013-01-26T21:08:18","slug":"sefaat-ey-dost","status":"publish","type":"post","link":"https:\/\/www.millicozum.com\/mc\/2013\/subat-2013\/sefaat-ey-dost\/","title":{"rendered":"\u015eEFAAT, EY DOST!"},"content":{"rendered":"\n<p style=\"margin-bottom: 0cm; text-align: justify; text-indent: 120.5pt;\"><strong><span style=\"font-size: 20pt; font-family: 'Arial', sans-serif;\">\u015eEFAAT, EY DOST!<\/span><\/strong><\/p>\n<p style=\"margin-bottom: 0cm; text-align: justify; text-indent: 120.5pt;\"><strong><span style=\"font-size: 20pt; font-family: 'Arial', sans-serif;\">\u00a0\u00a0\u00a0\u00a0\u00a0\u00a0 <\/span><\/strong><\/p>\n<p style=\"margin-bottom: 0cm; text-align: justify; text-indent: 70.9pt; line-height: 16pt;\"><strong><span style=\"font-size: 14pt; font-family: 'Arial', sans-serif;\">Tecellii cemalinden, nasipdar oldu g\u00f6zlerim<\/span><\/strong><\/p>\n<p style=\"margin-bottom: 0cm; text-align: justify; text-indent: 70.9pt; line-height: 16pt;\"><strong><span style=\"font-size: 14pt; font-family: 'Arial', sans-serif;\">Aya\u011f\u0131n de\u011fil t\u0131rna\u011f\u0131n, daim ba\u015f\u0131mda tac\u0131md\u0131r!<\/span><\/strong><\/p>\n<p style=\"margin-bottom: 0cm; text-align: justify; text-indent: 70.9pt; line-height: 16pt;\"><strong><span style=\"font-size: 14pt; font-family: 'Arial', sans-serif;\">Muhabbeti Kemalinden, ey Can visalin \u00f6zlerim<\/span><\/strong><\/p>\n<p style=\"margin-bottom: 0cm; text-align: justify; text-indent: 70.9pt; line-height: 16pt;\"><strong><span style=\"font-size: 14pt; font-family: 'Arial', sans-serif;\">Rab\u0131tanla Rabbe r\u0131hlet, benim manevi hacc\u0131md\u0131r!<\/span><\/strong><\/p>\n<p style=\"margin-bottom: 0cm; text-align: justify; text-indent: 70.9pt; line-height: 16pt;\"><strong><span style=\"font-size: 14pt; font-family: 'Arial', sans-serif;\">\u00a0\u00a0\u00a0\u00a0\u00a0\u00a0 <\/span><\/strong><\/p>\n<p style=\"margin-bottom: 0cm; text-align: justify; text-indent: 70.9pt; line-height: 16pt;\"><strong><span style=\"font-size: 14pt; font-family: 'Arial', sans-serif;\">Sana gelmek, Sana ermek; Senin olmakt\u0131r murad\u0131m<\/span><\/strong><\/p>\n<p style=\"margin-bottom: 0cm; text-align: justify; text-indent: 70.9pt; line-height: 16pt;\"><strong><span style=\"font-size: 14pt; font-family: 'Arial', sans-serif;\">Esen yelde a\u00e7an g\u00fclde, Mevl\u00e2m hep seni arad\u0131m<\/span><\/strong><\/p>\n<p style=\"margin-bottom: 0cm; text-align: justify; text-indent: 70.9pt; line-height: 16pt;\"><strong><span style=\"font-size: 14pt; font-family: 'Arial', sans-serif;\">Kabul eyle istirham\u0131m, hasret ac\u0131s\u0131 feryad\u0131m<\/span><\/strong><\/p>\n<p style=\"margin-bottom: 0cm; text-align: justify; text-indent: 70.9pt; line-height: 16pt;\"><strong><span style=\"font-size: 14pt; font-family: 'Arial', sans-serif;\">Senden gayr\u0131ya meyletmek, affet benim utanc\u0131md\u0131r!<\/span><\/strong><\/p>\n<p style=\"margin-bottom: 0cm; text-align: justify; text-indent: 70.9pt; line-height: 16pt;\"><strong><span style=\"font-size: 14pt; font-family: 'Arial', sans-serif;\">\u00a0\u00a0\u00a0\u00a0\u00a0\u00a0 <\/span><\/strong><\/p>\n<p style=\"margin-bottom: 0cm; text-align: justify; text-indent: 70.9pt; line-height: 16pt;\"><strong><span style=\"font-size: 14pt; font-family: 'Arial', sans-serif;\">Leyla sevdas\u0131 yetmez mi, divane Mecnun zakire<\/span><\/strong><\/p>\n<p style=\"margin-bottom: 0cm; text-align: justify; text-indent: 70.9pt; line-height: 16pt;\"><strong><span style=\"font-size: 14pt; font-family: 'Arial', sans-serif;\">Kap\u0131nda K\u0131tmirin olmak, ne devlettir bu hakire<\/span><\/strong><\/p>\n<p style=\"margin-bottom: 0cm; text-align: justify; text-indent: 70.9pt; line-height: 16pt;\"><strong><span style=\"font-size: 14pt; font-family: 'Arial', sans-serif;\">Mahrum etsen himayenden, kim sahip \u00e7\u0131kar fakire<\/span><\/strong><\/p>\n<p style=\"margin-bottom: 0cm; text-align: justify; text-indent: 70.9pt; line-height: 16pt;\"><strong><span style=\"font-size: 14pt; font-family: 'Arial', sans-serif;\">Ki derg\u00e2h\u0131n s\u0131\u011f\u0131na\u011f\u0131m, ikram\u0131n ihtiyac\u0131md\u0131r!<\/span><\/strong><\/p>\n<p style=\"margin-bottom: 0cm; text-align: justify; text-indent: 70.9pt; line-height: 16pt;\"><strong><span style=\"font-size: 14pt; font-family: 'Arial', sans-serif;\">\u00a0\u00a0\u00a0\u00a0\u00a0\u00a0 <\/span><\/strong><\/p>\n<p style=\"margin-bottom: 0cm; text-align: justify; text-indent: 70.9pt; line-height: 16pt;\"><strong><span style=\"font-size: 14pt; font-family: 'Arial', sans-serif;\">Seni bulan \u015fansl\u0131 g\u00f6n\u00fcl, ba\u015fkas\u0131n\u0131 arar m\u0131 Y\u00e2r<\/span><\/strong><\/p>\n<p style=\"margin-bottom: 0cm; text-align: justify; text-indent: 70.9pt; line-height: 16pt;\"><strong><span style=\"font-size: 14pt; font-family: 'Arial', sans-serif;\">Nurundan mahcup lale g\u00fcl, s\u0131fat\u0131n\u0131 sarar m\u0131 Y\u00e2r<\/span><\/strong><\/p>\n<p style=\"margin-bottom: 0cm; text-align: justify; text-indent: 70.9pt; line-height: 16pt;\"><strong><span style=\"font-size: 14pt; font-family: 'Arial', sans-serif;\">A\u015fk\u0131n a\u00e7t\u0131\u011f\u0131 yareye, gayr\u0131 merhem yarar m\u0131 Y\u00e2r<\/span><\/strong><\/p>\n<p style=\"margin-bottom: 0cm; text-align: justify; text-indent: 70.9pt; line-height: 16pt;\"><strong><span style=\"font-size: 14pt; font-family: 'Arial', sans-serif;\">Hak nazar\u0131n inayetin, her derdime ilac\u0131md\u0131r!<\/span><\/strong><\/p>\n<p style=\"margin-bottom: 0cm; text-align: justify; text-indent: 70.9pt; line-height: 16pt;\"><strong><span style=\"font-size: 14pt; font-family: 'Arial', sans-serif;\">\u00a0\u00a0\u00a0\u00a0\u00a0\u00a0 <\/span><\/strong><\/p>\n<p style=\"margin-bottom: 0cm; text-align: justify; text-indent: 70.9pt; line-height: 16pt;\"><strong><span style=\"font-size: 14pt; font-family: 'Arial', sans-serif;\">Taklit ettim sad\u0131klar\u0131, nolur hakikate kalbet<\/span><\/strong><\/p>\n<p style=\"margin-bottom: 0cm; text-align: justify; text-indent: 70.9pt; line-height: 16pt;\"><strong><span style=\"font-size: 14pt; font-family: 'Arial', sans-serif;\">Beni bana b\u0131rakma hi\u00e7, yular\u0131m tut Sana celbet<\/span><\/strong><\/p>\n<p style=\"margin-bottom: 0cm; text-align: justify; text-indent: 70.9pt; line-height: 16pt;\"><strong><span style=\"font-size: 14pt; font-family: 'Arial', sans-serif;\">Arayanlar maksudunu, en sonunda bulur elbet<\/span><\/strong><\/p>\n<p style=\"margin-bottom: 0cm; text-align: justify; text-indent: 70.9pt; line-height: 16pt;\"><strong><span style=\"font-size: 14pt; font-family: 'Arial', sans-serif;\">Ruhum ten kabrimde hapis, bedenim benim hanc\u0131md\u0131r!<\/span><\/strong><\/p>\n<p style=\"margin-bottom: 0cm; text-align: justify; text-indent: 70.9pt; line-height: 16pt;\"><strong><span style=\"font-size: 14pt; font-family: 'Arial', sans-serif;\">\u00a0\u00a0\u00a0\u00a0\u00a0\u00a0 <\/span><\/strong><\/p>\n<p style=\"margin-bottom: 0cm; text-align: justify; text-indent: 70.9pt; line-height: 16pt;\"><strong><span style=\"font-size: 14pt; font-family: 'Arial', sans-serif;\">C\u00fcmle mahl\u00fbkat g\u00f6lgedir, fani olana tapt\u0131rma<\/span><\/strong><\/p>\n<p style=\"margin-bottom: 0cm; text-align: justify; text-indent: 70.9pt; line-height: 16pt;\"><strong><span style=\"font-size: 14pt; font-family: 'Arial', sans-serif;\">D\u00fcnyay\u0131 mabud edinip, nefs\u00fc hevama kapt\u0131rma<\/span><\/strong><\/p>\n<p style=\"margin-bottom: 0cm; text-align: justify; text-indent: 70.9pt; line-height: 16pt;\"><strong><span style=\"font-size: 14pt; font-family: 'Arial', sans-serif;\">R\u0131zan y\u00fcce K\u00e2bem olsun, g\u00f6n\u00fcl k\u0131blemi sapt\u0131rma<\/span><\/strong><\/p>\n<p style=\"margin-bottom: 0cm; text-align: justify; text-indent: 70.9pt; line-height: 16pt;\"><strong><span style=\"font-size: 14pt; font-family: 'Arial', sans-serif;\">Senin bu hasretin ey dost, y\u00fcre\u011fimdeki sanc\u0131md\u0131r!<\/span><\/strong><\/p>\n<p style=\"margin-bottom: 0cm; text-align: justify; text-indent: 70.9pt; line-height: 16pt;\"><strong><span style=\"font-size: 14pt; font-family: 'Arial', sans-serif;\">\u00a0\u00a0\u00a0\u00a0\u00a0\u00a0 <\/span><\/strong><\/p>\n<p style=\"margin-bottom: 0cm; text-align: justify; text-indent: 70.9pt; line-height: 16pt;\"><strong><span style=\"font-size: 14pt; font-family: 'Arial', sans-serif;\">Nas\u0131l var\u0131r\u0131m huzura, \u00e7al\u0131n\u0131nca mah\u015fer mar\u015f\u0131<\/span><\/strong><\/p>\n<p style=\"margin-bottom: 0cm; text-align: justify; text-indent: 70.9pt; line-height: 16pt;\"><strong><span style=\"font-size: 14pt; font-family: 'Arial', sans-serif;\">Bin t\u00fcrl\u00fc g\u00fcnah kusurla, y\u00fcz\u00fcm yoktur Sana kar\u015f\u0131<\/span><\/strong><\/p>\n<p style=\"margin-bottom: 0cm; text-align: justify; text-indent: 70.9pt; line-height: 16pt;\"><strong><span style=\"font-size: 14pt; font-family: 'Arial', sans-serif;\">Lakin Ahmed&rsquo;in ay\u0131b\u0131, h\u00e2\u015f\u00e2 kirletir mi Ar\u015f\u0131<\/span><\/strong><\/p>\n<p style=\"margin-bottom: 0cm; text-align: justify; text-indent: 70.9pt; line-height: 16pt;\"><strong><span style=\"font-size: 14pt; font-family: 'Arial', sans-serif;\">Tek sermayem var Sultan\u0131m, \u011eufran\u0131na inanc\u0131md\u0131r!<\/span><\/strong><\/p>\n<p style=\"margin-bottom: 0cm; text-align: justify; text-indent: 70.9pt; line-height: 16pt;\"><strong><span style=\"font-size: 14pt; font-family: 'Arial', sans-serif;\">\u00a0\u00a0\u00a0\u00a0\u00a0\u00a0 <\/span><\/strong><\/p>\n<p style=\"margin-bottom: 0cm; text-align: justify; line-height: 16pt;\"><strong><span style=\"font-size: 14pt; font-family: 'Arial', sans-serif;\"><\/span><\/strong><\/p>\n<p style=\"margin-bottom: 0cm; text-align: justify; line-height: 16pt;\"><strong><span style=\"font-size: 10.5pt; font-family: 'Arial', sans-serif;\"><\/span><\/strong><\/p>\n<p>\u00a0<\/p>\n","protected":false},"excerpt":{"rendered":"<p>\u015eEFAAT, EY DOST! \u00a0\u00a0\u00a0\u00a0\u00a0\u00a0 Tecellii cemalinden, nasipdar oldu g\u00f6zlerim Aya\u011f\u0131n de\u011fil t\u0131rna\u011f\u0131n, daim ba\u015f\u0131mda tac\u0131md\u0131r! Muhabbeti Kemalinden, ey Can visalin \u00f6zlerim Rab\u0131tanla Rabbe r\u0131hlet, benim manevi hacc\u0131md\u0131r! \u00a0\u00a0\u00a0\u00a0\u00a0\u00a0 Sana gelmek, Sana ermek; Senin olmakt\u0131r murad\u0131m Esen yelde a\u00e7an g\u00fclde, Mevl\u00e2m hep seni arad\u0131m Kabul eyle istirham\u0131m, hasret ac\u0131s\u0131 feryad\u0131m Senden gayr\u0131ya meyletmek, affet benim utanc\u0131md\u0131r! [&hellip;]<\/p>\n","protected":false},"author":57,"featured_media":0,"comment_status":"open","ping_status":"closed","sticky":false,"template":"","format":"standard","meta":{"footnotes":""},"categories":[147],"tags":[],"class_list":["post-2519","post","type-post","status-publish","format-standard","hentry","category-subat-2013"],"_links":{"self":[{"href":"https:\/\/www.millicozum.com\/mc\/wp-json\/wp\/v2\/posts\/2519","targetHints":{"allow":["GET"]}}],"collection":[{"href":"https:\/\/www.millicozum.com\/mc\/wp-json\/wp\/v2\/posts"}],"about":[{"href":"https:\/\/www.millicozum.com\/mc\/wp-json\/wp\/v2\/types\/post"}],"author":[{"embeddable":true,"href":"https:\/\/www.millicozum.com\/mc\/wp-json\/wp\/v2\/users\/57"}],"replies":[{"embeddable":true,"href":"https:\/\/www.millicozum.com\/mc\/wp-json\/wp\/v2\/comments?post=2519"}],"version-history":[{"count":0,"href":"https:\/\/www.millicozum.com\/mc\/wp-json\/wp\/v2\/posts\/2519\/revisions"}],"wp:attachment":[{"href":"https:\/\/www.millicozum.com\/mc\/wp-json\/wp\/v2\/media?parent=2519"}],"wp:term":[{"taxonomy":"category","embeddable":true,"href":"https:\/\/www.millicozum.com\/mc\/wp-json\/wp\/v2\/categories?post=2519"},{"taxonomy":"post_tag","embeddable":true,"href":"https:\/\/www.millicozum.com\/mc\/wp-json\/wp\/v2\/tags?post=2519"}],"curies":[{"name":"wp","href":"https:\/\/api.w.org\/{rel}","templated":true}]}}