{"id":2643,"date":"2013-06-28T21:54:39","date_gmt":"2013-06-28T21:54:39","guid":{"rendered":"https:\/\/www.millicozum.com\/mc\/2013\/06\/28\/hocamizin-mujdeli-ve-ibretli-bir-ruyasi-2\/"},"modified":"2013-06-28T21:54:39","modified_gmt":"2013-06-28T21:54:39","slug":"hocamizin-mujdeli-ve-ibretli-bir-ruyasi-2","status":"publish","type":"post","link":"https:\/\/www.millicozum.com\/mc\/2013\/temmuz-2013\/hocamizin-mujdeli-ve-ibretli-bir-ruyasi\/","title":{"rendered":"HOCAMIZIN M\u00dcJDEL\u0130 VE \u0130BRETL\u0130 B\u0130R R\u00dcYASI"},"content":{"rendered":"\n<p>&nbsp;<\/p>\n<p style=\"text-align: center; line-height: normal; text-indent: 14.2pt; margin-bottom: 0pt;\" align=\"center\"><span style=\"font-family: 'Arial','sans-serif'; font-size: 16pt;\">29 Eyl\u00fcl 2012 \u2013 Gebze \u2013 Dar\u0131ca<\/span><\/p>\n<p style=\"text-align: justify; line-height: normal; text-indent: 14.2pt; margin-bottom: 0pt;\"><span style=\"font-family: 'Arial','sans-serif'; font-size: 14pt;\">Sanki ilkbahar mevsimi ve aynen cennet misali tarif edilmez \u00f6zellik ve g\u00fczellikte bir manzara i\u00e7inde oluyoruz. Hafif engebeli yaylalar, reng\u00e2renk \u00e7i\u00e7ek a\u00e7m\u0131\u015f bin bir \u00e7e\u015fit a\u011fa\u00e7lar, insan\u0131 mest\u00fc hayra b\u0131rakan kokular sa\u00e7an g\u00fcller ve otlar, c\u0131v\u0131lday\u0131p kanat \u00e7\u0131rpan ku\u015flar, bembeyaz ve berrak akan \u0131rmaklar ve onlar\u0131n aras\u0131na kurulan mimari harikas\u0131 k\u00f6pr\u00fcler ve etraf\u0131ndaki saraylar \u00fcst\u00fcnde, Cenab\u0131 Hakk hazretlerinin esma ve s\u0131fatlar\u0131n\u0131n tecellisini seyretmenin huzur ve mutlulu\u011fu ile bu manzaran\u0131n \u00fczerinde u\u00e7uyoruz. Kendi irade ve ihtiyar\u0131m d\u0131\u015f\u0131nda, manevi bir g\u00fcc\u00fcn y\u00f6nlendirmesiyle, bu sefer A\u011fr\u0131 Da\u011f\u0131 misali y\u00fcce bir da\u011f\u0131n zirvesine do\u011fru, da\u011f\u0131n yama\u00e7lar\u0131na paralel olarak yerden 20 m. kadar y\u00fckseklikten u\u00e7maya ba\u015fl\u0131yoruz. \u00d6nce g\u00f6n\u00fcl al\u0131c\u0131 ve g\u00f6zleri ok\u015fay\u0131c\u0131 g\u00fczellikteki yazl\u0131k konaklardan, bah\u00e7e ve ba\u011flardan, i\u00e7inde \u00e7a\u011flayanlar f\u0131\u015fk\u0131ran ormanl\u0131k alanlardan sonra bembeyaz bulutlar\u0131n aras\u0131ndan ge\u00e7ip, da\u011f\u0131n zirvesine yakla\u015f\u0131yoruz. Bulutlardan sonra art\u0131k yery\u00fcz\u00fcn\u00fc g\u00f6remiyoruz ve o esnada g\u00f6kten s\u00fcz\u00fclen nurani \u0131\u015f\u0131k huzmeleriyle olu\u015fan baz\u0131 insan suretlerinin film \u015feridi gibi belirip ge\u00e7ti\u011fini fark ediyoruz. Bu sil\u00fcetleri g\u00f6r\u00fcnce; <strong><i>\u201cDaha \u00f6nce Yahudi ve H\u0131ristiyanlar\u0131n bozulmam\u0131\u015f ve \u015firke bula\u015fmam\u0131\u015f Hak din mensuplar\u0131ndan baz\u0131 ruhbanlar\u0131n ve \u0130slam dinindeki baz\u0131 evliyan\u0131n, \u201ctecellinin son merhalesi\u201d zannettikleri bu g\u00f6r\u00fcnt\u00fcler, asl\u0131nda sadece bir ge\u00e7ici g\u00f6lgeden ibarettir ve daha al\u0131nacak b\u00fcy\u00fck mesafeler vard\u0131r.\u201d <\/i><\/strong>diye i\u00e7imizden ge\u00e7iriyoruz. Derken tepeye var\u0131p ancak \u201cTecelli Kabesi\u201d olarak tarif edebilece\u011fim iki katl\u0131, kesme ta\u015f ve \u00f6zel kerpi\u00e7le yap\u0131lm\u0131\u015f, g\u00f6rkemli ve tarihi bir binan\u0131n yan\u0131nda iniyoruz. Kemerli ve ha\u015fmetli giri\u015f kap\u0131s\u0131na var\u0131nca, \u00e7ok s\u0131k\u0131 kapand\u0131\u011f\u0131n\u0131 ve nice y\u0131llard\u0131r a\u00e7\u0131lmad\u0131\u011f\u0131n\u0131 g\u00f6r\u00fcyoruz. Bunun \u00fczerine merak ve heyecanla arka kap\u0131ya ko\u015fuyoruz, ama oras\u0131n\u0131n da kapal\u0131 oldu\u011funu fark edip, garip bir ku\u015fku ve korkuya kap\u0131l\u0131yoruz. Bu s\u0131rada pencerelerden bina i\u00e7ine bak\u0131nca manevi bir atmosfer ve ruhani g\u00f6r\u00fcnt\u00fclerle kar\u015f\u0131la\u015f\u0131p duygulan\u0131yoruz. \u201cAcaba ba\u015fka bir giri\u015f yolu bulabilir miyiz?\u201d umuduyla \u201cTecelli Kabesi\u201dnin etraf\u0131na dola\u015f\u0131rken, uzun ve aral\u0131kl\u0131 kesme ta\u015flarla \u00f6r\u00fclen bir bah\u00e7e duvar\u0131n\u0131n hafif y\u0131k\u0131lm\u0131\u015f k\u0131sm\u0131nda dar bir aral\u0131k buluyor ve bah\u00e7e i\u00e7ine giriyoruz. Orada esmer tenli, tahminen 10 ve 13 ya\u015flar\u0131nda iki M\u00fcsl\u00fcman Arap \u00e7ocu\u011funa, elindeki demir kam\u00e7\u0131yla i\u015fkence eden zenci k\u0131rmas\u0131 bir zebellah\u2019la kar\u015f\u0131la\u015f\u0131yoruz. Biz o mazlum \u00e7ocuklar\u0131 kurtarmak \u00fczere hamle yap\u0131nca, \u00e7ocuklar: <strong><i>\u201cSak\u0131n yakla\u015fma ve bizim i\u00e7in kendini tehlikeye atma, \u00e7\u00fcnk\u00fc o bir \u015feytand\u0131r, onunla ba\u015fa \u00e7\u0131kamazs\u0131n!\u201d<\/i><\/strong> diye uyar\u0131yorlar. Biz ise <strong><i>\u201cAllah\u2019\u0131n inayeti ve Erbakan Hocam\u0131z\u0131n himmetiyle zalim \u015feytanlar\u0131 tepeleyip def ederiz\u201d <\/i><\/strong>diye d\u00fc\u015f\u00fcn\u00fcp, o sald\u0131rgan ve azg\u0131n ki\u015fiye h\u00fccum ediyoruz. \u0130lk ba\u015fta, ele avuca s\u0131\u011fm\u0131yor ve hi\u00e7bir hamleden etkilenmiyor gibi g\u00f6r\u00fcnse de sonunda onu yere y\u0131kmay\u0131 ba\u015far\u0131yoruz. Fakat ne yapsak, bir t\u00fcrl\u00fc zarar veremiyoruz ve etkisiz duruma getiremiyoruz. Onu \u00f6ld\u00fcrmeyince de, Tecelli Kabesine giremeyece\u011fimizi hissediyoruz. Tam o esnada gaipten bir f\u0131s\u0131lt\u0131 <strong><i>\u201c\u0130\u015fte sana Hz. Ali\u2019nin Z\u00fclfikar adl\u0131 k\u0131l\u0131c\u0131, bu \u015feytan k\u0131l\u0131kl\u0131 adam\u0131 bununla \u00f6ld\u00fcr!\u201d<\/i><\/strong> diyor ve hemen yan\u0131mda g\u00fczel bir kabzaya (tutulacak k\u0131s\u0131ma) ba\u011fl\u0131 sert \u00e7elikten ucu sivri ve kur\u015fun kalem kal\u0131nl\u0131\u011f\u0131nda 2 metrelik, e\u011fe gibi \u00fc\u00e7 y\u00fczl\u00fc bir \u015fi\u015fi haz\u0131r buluyorum. Onu al\u0131p yerdeki \u015feytan\u0131n ayaklar\u0131ndan sokup karn\u0131ndan, kal\u00e7alar\u0131ndan sokup bo\u011faz\u0131ndan \u00e7\u0131kar\u0131yorum. Ba\u011f\u0131rsaklar\u0131n\u0131n ve i\u00e7 organlar\u0131n\u0131n de\u015filip d\u00f6k\u00fcld\u00fc\u011f\u00fcn\u00fc g\u00f6r\u00fcp, i\u011freniyorum. Ama o adam\u0131n bir t\u00fcrl\u00fc \u00f6lmedi\u011fine hayret ediyorum. O \u015feytani \u015fah\u0131s bana d\u00f6n\u00fcp: <strong><i>\u201cBeni par\u00e7a par\u00e7a edip k\u0131yma haline getirsen de, yine amac\u0131na ula\u015famazs\u0131n. \u00c7\u00fcnk\u00fc as\u0131l DECCAL ba\u015fka yerde saklan\u0131yor, ben onun bir komutan\u0131y\u0131m!\u201d<\/i><\/strong> deyince, onu o halde b\u0131rak\u0131p B\u00fcy\u00fck Deccal\u2019i aramaya \u00e7\u0131k\u0131yorum. O heyecan ve tela\u015fla, Z\u00fclfikar\u2019\u0131m\u0131 yani 2 metrelik ince ve keskin m\u0131zra\u011f\u0131m\u0131 unuttu\u011fumu fark edip geri d\u00f6nerek al\u0131yorum. Ancak giri\u015f k\u0131sm\u0131n\u0131 hat\u0131rlamad\u0131\u011f\u0131mdan, o binan\u0131n bah\u00e7e surlar\u0131ndan \u00e7\u0131k\u0131\u015f yolu ararken \u00f6yle uyan\u0131yorum.<\/span><\/p>\n<p style=\"text-align: justify; line-height: normal; text-indent: 14.2pt; margin-bottom: 0pt;\"><strong><span style=\"font-family: 'Arial','sans-serif'; font-size: 14pt;\"><span>&nbsp;&nbsp;&nbsp;&nbsp;&nbsp; <\/span>Manevi huzurla korku kar\u0131\u015f\u0131m\u0131 bir ruh hali i\u00e7inde, baz\u0131 dualar okuyup \u015eeytan\u0131n \u015ferrinden Allah\u2019a s\u0131\u011f\u0131nd\u0131ktan ve abdest al\u0131p iki rek\u00e2t namaz k\u0131ld\u0131ktan sonra tekrar uyuyorum ve sanki o r\u00fcyan\u0131n devam\u0131 gibi, hem ferahland\u0131r\u0131c\u0131, hem de nefsimizi terbiye edip uyar\u0131c\u0131 \u015feyler g\u00f6rmeye ba\u015fl\u0131yorum. Ama onlar\u0131 anlatmay\u0131 m\u00fcnasip bulmuyorum. <\/span><\/strong><\/p>\n<p style=\"text-align: justify; line-height: normal; text-indent: 14.2pt; margin-bottom: 0pt;\"><span style=\"font-family: 'Arial','sans-serif'; font-size: 14pt;\">Bu ikinci r\u00fcyada, Elaz\u0131\u011f\u2019\u0131n say\u0131l\u0131 \u00e2limlerinden takva ve cihat ehli Seyda Molla Bahri Hz.lerini ve talebesi muhterem Molla Saidi (Eski Sar\u0131can Belediye Ba\u015fkan\u0131) ve yine Rahmetullah Haydar Baba Hz.lerinin baz\u0131 sad\u0131k m\u00fcridlerini de g\u00f6r\u00fcp, onlar\u0131n iltifatlar\u0131na mazhar oluyorum.<\/span><\/p>\n<p style=\"text-align: justify; line-height: normal; text-indent: 14.2pt; margin-bottom: 0pt;\"><strong><span style=\"font-family: 'Arial','sans-serif'; font-size: 14pt;\">R\u00fcyamdan hat\u0131rlad\u0131\u011f\u0131m\u0131 ve anlad\u0131\u011f\u0131m\u0131 naklediyor, hizmet ve istikamet ehli karde\u015flerime moral ve motivasyon sa\u011flayaca\u011f\u0131n\u0131 umarak anlat\u0131yorum, yalan ve riyakarl\u0131ktan Rabb\u0131ma s\u0131\u011f\u0131n\u0131yorum.<\/span><\/strong><\/p>\n<p style=\"text-align: justify; line-height: normal; text-indent: 14.2pt; margin-bottom: 0pt;\"><span style=\"font-family: 'Arial','sans-serif'; font-size: 14pt;\">Cenab\u0131 Hakk Z\u00fclcelal Hz.leri, hay\u0131rlara, mazlumlar\u0131n huzur ve h\u00fcrriyete kavu\u015faca\u011f\u0131 ba\u015far\u0131l\u0131 sonu\u00e7lara tahvil ve tebdil buyursun. Amin. Veselam\u00fcnalelmurselin. Velhamd\u00fclillahiRabbilalemin.<\/span><\/p>\n<p style=\"text-align: justify; line-height: normal; text-indent: 14.2pt; margin-bottom: 0pt;\"><strong><span style=\"font-family: 'Arial','sans-serif'; font-size: 16pt;\">Tevili:<\/span><\/strong><\/p>\n<p style=\"text-align: justify; line-height: normal; text-indent: 14.2pt; margin-bottom: 0pt;\"><strong><span style=\"font-family: 'Arial','sans-serif'; font-size: 16pt;\">Bu \u00f6nemli ve m\u00fcjdeli r\u00fcyaya tevil yapmak ve yorumlamak yerine, tarihi bir olay\u0131 aktarmak istiyorum. \u0130z\u2019an ve irfan ehli, verilen mesaj\u0131 anlayacakt\u0131r.<\/span><\/strong><\/p>\n<p style=\"text-align: justify; line-height: normal; text-indent: 14.2pt; margin-bottom: 0pt;\"><span style=\"font-family: 'Arial','sans-serif'; font-size: 16pt;\">\u015eanl\u0131 Osmanl\u0131 Devletinin kurucusu Osman Gazi Hz.lerinin babas\u0131 Ertu\u011frul Gazi, atas\u0131 (Dedesi) ise G\u00fcnd\u00fcz Alp Hz.leridir. G\u00fcnd\u00fcz Alp, o\u011fullar\u0131 Ertu\u011frul, D\u00fcndar, Sungur Tekin ve G\u00fcndo\u011fdu ile beraber Pasin ovas\u0131nda bir zaman yerle\u015fip e\u011flenmi\u015flerdi. Sonra o\u011fullar\u0131 Sungur Tekin ve G\u00fcndo\u011fdu ata yurduna, yani Orta Asya\u2019ya d\u00f6nm\u00fc\u015flerdi. Bir m\u00fcddet ge\u00e7ince, Ertu\u011frul ve D\u00fcndar, daha uygun yaylaklar ve s\u00fcr\u00fclerine otlaklar bulmak \u00fczere \u0130\u00e7 Anadolu\u2019ya do\u011fru, 400 atl\u0131 olarak y\u00fcr\u00fcy\u00fc\u015fe ge\u00e7mi\u015flerdi.<\/span><\/p>\n<p style=\"text-align: justify; line-height: normal; text-indent: 14.2pt; margin-bottom: 0pt;\"><span style=\"font-family: 'Arial','sans-serif'; font-size: 16pt;\">Karacada\u011f y\u00f6resinde bir tepeyi a\u015ft\u0131klar\u0131nda, iki ordunun k\u0131yas\u0131ya sava\u015ft\u0131klar\u0131n\u0131 g\u00f6rm\u00fc\u015flerdi. Biraz dikkat edince, bunlardan bir taraf\u0131n Sel\u00e7uklu h\u00fck\u00fcmdar\u0131 Alaattin Keykubat, d\u00fc\u015fmanlar\u0131n\u0131n ise zalim ve k\u00e2fir Mo\u011fol ak\u0131nc\u0131lar\u0131 oldu\u011funu fark etmi\u015flerdi. \u0130\u00e7lerinden baz\u0131lar\u0131, <strong><i>\u201cMo\u011follar zaferi kazanmak \u00fczere, onlar\u0131n yan\u0131nda yer alal\u0131m da, ganimetten hisse kapal\u0131m\u201d<\/i><\/strong> deyince, Ertu\u011frul Gazi:<\/span><\/p>\n<p style=\"text-align: justify; line-height: normal; text-indent: 14.2pt; margin-bottom: 0pt;\"><strong><i><span style=\"font-family: 'Arial','sans-serif'; font-size: 16pt;\">\u201cBu ne baya\u011f\u0131 ve a\u015fa\u011f\u0131 bir tekliftir. Bizim iman\u0131m\u0131z ve insanl\u0131\u011f\u0131m\u0131z, g\u00fc\u00e7l\u00fcden de\u011fil hakl\u0131dan, zalimden de\u011fil mazlumdan taraf olmay\u0131 gerektirir. Haydi, m\u00fcmin karde\u015flerimize destek verelim ve onlar\u0131n imdad\u0131na yeti\u015felim\u201d<\/span><\/i><\/strong><span style=\"font-family: 'Arial','sans-serif'; font-size: 16pt;\"> diye k\u00fckremi\u015f ve ger\u00e7ekten y\u0131ld\u0131r\u0131m gibi cenge girip, Mo\u011follar\u0131 peri\u015fan etmi\u015flerdi.<\/span><\/p>\n<p style=\"text-align: justify; line-height: normal; text-indent: 14.2pt; margin-bottom: 0pt;\"><span style=\"font-family: 'Arial','sans-serif'; font-size: 16pt;\">Zaferi kazanan Sultan Alaattin Keykubat, bu H\u0131z\u0131r gibi yeti\u015fen \u015fanl\u0131 O\u011fuz boyunun Kay\u0131 kolundan cengaverleri kucaklay\u0131p tebrik etmi\u015f, ve biraz da <strong><i>\u201cburalarda kal\u0131rlarsa ileride g\u00fc\u00e7lenip ba\u015f\u0131m\u0131z\u0131 a\u011fr\u0131t\u0131rlar, en iyisi Bizans s\u0131n\u0131r\u0131na yak\u0131n yerlere yerle\u015ftireyim de, kafirlerle bo\u011fu\u015fsunlar\u201d <\/i><\/strong>d\u00fc\u015f\u00fcncesiyle:<\/span><\/p>\n<p style=\"text-align: justify; line-height: normal; text-indent: 14.2pt; margin-bottom: 0pt;\"><strong><i><span style=\"font-family: 'Arial','sans-serif'; font-size: 16pt;\">\u201cHaydi yi\u011fitlerim, Domani\u00e7 (Bal\u0131kesir) yaylalar\u0131 k\u0131\u015fl\u0131\u011f\u0131n\u0131z, S\u00f6\u011f\u00fct \u00f6n\u00fc (Eski\u015fehir-Bilecik) ovas\u0131 yazl\u0131\u011f\u0131n\u0131z olsun!\u201d<\/span><\/i><\/strong><span style=\"font-family: 'Arial','sans-serif'; font-size: 16pt;\"> diyerek onlar\u0131 \u00f6d\u00fcllendirip g\u00f6ndermi\u015fti.<\/span><\/p>\n<p style=\"text-align: justify; line-height: normal; text-indent: 14.2pt; margin-bottom: 0pt;\"><strong><span style=\"font-family: 'Arial','sans-serif'; font-size: 18pt;\">Evet, b\u00f6ylece g\u00fc\u00e7l\u00fcden ve pe\u015fin ganimetten yana de\u011fil, Haktan ve mazlumdan taraf olman\u0131n ve Allah yolunda riski g\u00f6ze alman\u0131n meyvesi olarak, kader onlar\u0131 630 y\u0131l cihana h\u00e2kim olacak Osmanl\u0131 Devletinin temellerini atma \u015ferefini bah\u015fetmi\u015fti.<\/span><\/strong><\/p>\n<p style=\"text-align: justify; line-height: normal; text-indent: 14.2pt; margin-bottom: 0pt;\"><strong><span style=\"font-family: 'Arial','sans-serif'; font-size: 18pt;\">\u0130smet Sezgin\u2019in R\u00fcyas\u0131<\/span><\/strong><\/p>\n<p style=\"text-align: justify; line-height: normal; text-indent: 14.2pt; margin-bottom: 0pt;\"><span style=\"font-family: 'Arial','sans-serif'; font-size: 14pt;\">\u00c7ar\u015famba il\u00e7emizde, rahmetli Babam\u0131n evinde, Ahmet Akg\u00fcl Hocam\u0131z bir sohbet yapm\u0131\u015f oluyor. Ard\u0131ndan Hocam\u0131z birilerince yeme\u011fe davet ediliyor. O ise \u201ckahvalt\u0131m\u0131z\u0131 yapt\u0131k\u201d diyerek te\u015fekk\u00fcr ediyor ve bir an evvel oradan ayr\u0131lmak istiyor. O s\u0131rada odaya Ahmet Hocam\u0131z\u0131n ye\u011fenlerinden biri (Sad\u0131k veya Tar\u0131k olabilir) \u00e7ok \u00f6nemli ve de\u011ferli m\u00fcjdeli bir emanet getiriyor. O gelen emanet \u00e7ok kutsal bir sanduka i\u00e7inde bulunuyor. Gelen o emanet sandukas\u0131n\u0131 Ahmet Hocam\u0131z asker selam\u0131 vererek kabul ediyor ve getirenler de asker selam\u0131yla teslim ediyor. Ahmet Hocam\u0131z\u0131n \u00fczerinde \u00e7ok k\u0131ymetli ve g\u00f6rkemli bir k\u00fcrk bulunmas\u0131 dikkat \u00e7ekiyor.<\/span><\/p>\n<p style=\"text-align: justify; line-height: normal; text-indent: 14.2pt; margin-bottom: 0pt;\"><span style=\"font-family: 'Arial','sans-serif'; font-size: 14pt;\">O esnada iki tane han\u0131m sandukan\u0131n ba\u015f\u0131nda mutluluk ve umut kaynakl\u0131 bir sevin\u00e7le ve Allah\u2019a \u015f\u00fck\u00fcr niyetiyle a\u011fla\u015f\u0131yor. Tarif edilmesi zor y\u00fcksek bir duygu seli ve heyecan\u0131 ya\u015fan\u0131yor. Olduk\u00e7a huzurlu ve manevi co\u015fkulu bir ortam olu\u015fuyor. Ve o vaziyette iken uyan\u0131yorum.<\/span><\/p>\n<p style=\"text-align: justify; line-height: normal; text-indent: 14.2pt; margin-bottom: 0pt;\"><strong><span style=\"font-family: 'Arial','sans-serif'; font-size: 16pt;\">Tevili:<\/span><\/strong><\/p>\n<p style=\"text-align: justify; line-height: normal; text-indent: 14.2pt; margin-bottom: 0pt;\"><span style=\"font-family: 'Arial','sans-serif'; font-size: 14pt;\">Bakara Suresi 248. Ayetinde: <\/span><strong><i><span style=\"font-family: 'Arial','sans-serif'; font-size: 14pt;\">\u201cPeygamberleri, onlara (\u015f\u00f6yle) dedi: &#8216;Onun h\u00fck\u00fcmdarl\u0131\u011f\u0131n\u0131n belgesi, size Tabut&#8217;un (Kutsal emanet bulunan sandukan\u0131n) gelmesi (olacakt\u0131r ki) onda Rabbinizden &#8216;bir g\u00fcven duygusu ve huzur&#8217; ile Musa ailesinden ve Harun ailesinden artakalanlar var; onu melekler ta\u015f\u0131r. E\u011fer inanm\u0131\u015flarsan\u0131z, bunda \u015f\u00fcphesiz sizin i\u00e7in bir delil vard\u0131r.\u201d<\/span><\/i><\/strong><span style=\"font-family: 'Arial','sans-serif'; font-size: 14pt;\"> Haber buyruldu\u011fu gibi, kutsal emanetleri ve ayet belgelerini ve \u00e7ok \u00f6nemli m\u00fcjdeler ve zafer bilgileri \u201cTabut-sanduka\u201d i\u00e7inde saklanm\u0131\u015f ve bu emanet Talut\u2019a ula\u015ft\u0131r\u0131lm\u0131\u015ft\u0131. \u0130n\u015fallah Hak davaya ve Erbakan\u2019a sad\u0131klar ekibine de ayn\u0131 m\u00fcjdeler ve \u015fifreler yollanacak ve <\/span><span style=\"font-family: 'Arial','sans-serif'; font-size: 18pt;\">kahraman Ordumuzun da \u015fuurlu ve onurlu harek\u00e2t\u0131yla tarihin en b\u00fcy\u00fck zaferi ve ink\u0131lab\u0131 ya\u015fanacakt\u0131r.<\/span><\/p>\n<p style=\"text-align: justify; line-height: normal; text-indent: 14.2pt; margin-bottom: 0pt;\"><strong><span style=\"font-family: 'Arial','sans-serif'; font-size: 18pt;\">Sad\u0131k Yamano\u011flu\u2019nun R\u00fcyas\u0131<\/span><\/strong><\/p>\n<p style=\"text-align: justify; line-height: normal; text-indent: 14.2pt; margin-bottom: 0pt;\"><span style=\"font-family: 'Arial','sans-serif'; font-size: 16pt;\">\u0130stanbul \u2013 05.10.2012<\/span><\/p>\n<p style=\"text-align: justify; line-height: normal; text-indent: 14.2pt; margin-bottom: 0pt;\"><span style=\"font-family: 'Arial','sans-serif'; font-size: 14pt;\">R\u00fcyamda, yak\u0131n arkada\u015flar\u0131m\u0131zla, Hz. Peygamber Aleyhisselam Efendimizi ziyarete gitmi\u015f oluyoruz. Ancak \u00fczerinde ne bir kubbe, ne bir t\u00fcrbe bulunmay\u0131p, sadece d\u00fcz toprak mezar i\u00e7inde ve \u00fczeri a\u00e7\u0131k bi\u00e7imde g\u00f6r\u00fcnce \u015fa\u015f\u0131r\u0131yoruz. M\u00fcbarek kefenine sar\u0131l\u0131 vaziyette ve 1430 y\u0131l \u00f6nceki vefat buyurdu\u011fu hal \u00fczerinde teri taze ve \u00e7ok g\u00fczel kokular sa\u00e7\u0131yorken g\u00f6r\u00fcnce hayret ve hayranl\u0131k duyuyoruz. Tam o s\u0131rada Hz. Peygamber Efendimizin, belden yukar\u0131s\u0131 birden do\u011frulunca, ha\u015fyete (sayg\u0131yla kar\u0131\u015f\u0131k korkuya) kap\u0131l\u0131yoruz. Ben i\u00e7imden, \u201cacaba, ibadet ve hizmetlerimdeki gev\u015feklik ve eksikliklerim y\u00fcz\u00fcnden beni uyarmak i\u00e7in mi b\u00f6yle davran\u0131yor?\u201d diye d\u00fc\u015f\u00fcn\u00fcrken, o s\u0131rada ziyaret i\u00e7in aram\u0131za kat\u0131lan day\u0131m Ahmet Akg\u00fcl Hocam\u0131za \u201cHo\u015f Geldin\u201d demek ve ona olan muhabbet ve \u015fefkatini g\u00f6stermek \u00fczere, Efendimizin do\u011fruldu\u011funu anl\u0131yor ve ona olan ilgisini ve sevgisini fark ediyoruz.<\/span><\/p>\n<p style=\"text-align: justify; line-height: normal; text-indent: 14.2pt; margin-bottom: 0pt;\"><span style=\"font-family: 'Arial','sans-serif'; font-size: 14pt;\">Nihayet ziyaretimizi tamamlay\u0131p evlerimize d\u00f6nmek \u00fczere konvoy d\u00fczenindeki arabalar\u0131m\u0131za geldi\u011fimizde, ola\u011fan\u00fcst\u00fc bir durum daha ya\u015fan\u0131yor, Hz. Peygamber Efendimizin Ahmet Akg\u00fcl Hocam\u0131z\u0131 u\u011furlamak l\u00fctfunda bulunarak oraya te\u015frif buyurdu\u011funu g\u00f6r\u00fcyoruz. Buna \u015fahit olan herkes day\u0131m\u0131n (Ahmet Akg\u00fcl Hocam\u0131z\u0131n) Hz. Peygamber (S.A.V) kat\u0131ndaki k\u0131ymetini takdir ve teslim ediyoruz.<\/span><\/p>\n<p style=\"text-align: justify; line-height: normal; text-indent: 14.2pt; margin-bottom: 0pt;\"><strong><span style=\"font-family: 'Arial','sans-serif'; font-size: 16pt;\">Tevili:<\/span><\/strong><\/p>\n<p style=\"text-align: justify; line-height: normal; text-indent: 14.2pt; margin-bottom: 0pt;\"><span style=\"font-family: 'Arial','sans-serif'; font-size: 14pt;\">Milli \u00c7\u00f6z\u00fcm Dergisi\u2019nin ve Ekibinin inan\u00e7 ve istikametinin hakkaniyetine, hizmet ve<br \/>gayretlerinin makbuliyetine bir i\u015farettir. Ayn\u0131 zamanda, b\u00fct\u00fcn heves ve hedefimizin, Rabbimizin r\u0131zas\u0131na ve Efendimizin \u015fefaatine ula\u015fmak ve d\u00fcnyevi gayelerden uzakla\u015fmak olmas\u0131 gerekti\u011fi de \u00f6\u011fretilmektedir. Hayatta iken makam ve imk\u00e2nlar\u0131n, vefat ettikten sonra g\u00f6rkemli t\u00fcrbe ve mezarlar\u0131n de\u011fil, Allah kat\u0131ndaki de\u011fer ve derecelerin \u00f6nemli oldu\u011fu dersi de verilmektedir?<\/span><\/p>\n<p style=\"text-align: justify; line-height: normal; text-indent: 14.2pt; margin-bottom: 0pt;\"><strong><span style=\"font-family: 'Arial','sans-serif'; font-size: 18pt;\">Harun Akg\u00fcl\u2019\u00fcn R\u00fcyas\u0131<\/span><\/strong><\/p>\n<p style=\"text-align: justify; line-height: normal; text-indent: 14.2pt; margin-bottom: 0pt;\"><span style=\"font-family: 'Arial','sans-serif'; font-size: 16pt;\">Elaz\u0131\u011f \/ 2007<\/span><\/p>\n<p style=\"text-align: justify; line-height: normal; text-indent: 14.2pt; margin-bottom: 0pt;\"><span style=\"font-family: 'Arial','sans-serif'; font-size: 14pt;\">R\u00fcyamda, da\u011flar ve ovalar dolusu toplanan kalabal\u0131klar oluyor. Ve kalabal\u0131klar b\u00fcy\u00fck bir heyecanla bekledikleri zat\u0131n kim oldu\u011fu tart\u0131\u015f\u0131rken birden padi\u015fah koltu\u011fu \u00fczerinde Erbakan Hocam\u0131z \u00e7\u0131kageliyor. Ben hemen bir f\u0131rsat\u0131n\u0131 bulup Erbakan Hoca\u2019m\u0131n elini \u00f6p\u00fcyorum. Ve o esnada bu toplulu\u011fa kar\u0131\u015fmay\u0131p kar\u015f\u0131da ayr\u0131 duran k\u00fc\u00e7\u00fck bir grubu g\u00f6ren Erbakan hocam\u0131z \u201cbunlar kim?\u201d diye k\u0131zg\u0131nl\u0131kla bana soruyor. Bende kendilerine \u201cHocam bunlar Elazizciler tak\u0131m\u0131\u201d diyorum. Bunun \u00fczerine Hocam nefret ve hiddet dolu bir bak\u0131\u015fla kafas\u0131n\u0131 sa\u011fa sola sallayarak: \u201c\u00f6yle miii, zaman\u0131 gelince onlarla da hesapla\u015faca\u011f\u0131m!\u201d diyor ve \u00f6ylece uyan\u0131yorum.<\/span><\/p>\n<p style=\"text-align: justify; line-height: normal; text-indent: 14.2pt; margin-bottom: 0pt;\"><strong><span style=\"font-family: 'Arial','sans-serif'; font-size: 18pt;\">Ufuk EFE\u2019nin 05-10-2012 Tarihli R\u00fcyas\u0131<\/span><\/strong><\/p>\n<p style=\"text-align: justify; line-height: normal; text-indent: 14.2pt; margin-bottom: 0pt;\"><span style=\"font-family: 'Arial','sans-serif'; font-size: 14pt;\">R\u00fcyamda bir yere acele bir \u015fekilde haz\u0131rlan\u0131p, \u00e7antama \u00fc\u00e7-be\u015f e\u015fya ile birlikte gidiyorum. Daha sonra vard\u0131\u011f\u0131m yerin daha evvel okudu\u011fum Kuleli Askeri Lisesindeki yatakhane ko\u011fu\u015fumun oldu\u011funu fark ediyorum, ranzalar vs hepsi sanki eskisi gibi\u2026.. Seyahat \u00e7antam\u0131 ranzam\u0131n alt\u0131na b\u0131rak\u0131p d\u0131\u015far\u0131 \u00e7\u0131k\u0131yorum, sanki bir yere yeti\u015fece\u011fim gibi, genelde de \u00e7evremde ayn\u0131 tela\u015f hakim\u2026<\/span><\/p>\n<p style=\"text-align: justify; line-height: normal; text-indent: 14.2pt; margin-bottom: 0pt;\"><span style=\"font-family: 'Arial','sans-serif'; font-size: 14pt;\">Daha sonra g\u00f6r\u00fcyorum ki binalar\u0131n \u00e7at\u0131s\u0131 yok yerine etraf\u0131 al\u00e7ak korkuluklarla \u00e7evrilmi\u015f, sanki k\u00fc\u00e7\u00fck k\u00fc\u00e7\u00fck localar olu\u015fturulmu\u015f ve insanlar seccade ya da k\u00fc\u00e7\u00fck has\u0131r, hal\u0131 vs.ler \u00fczerinde oturmu\u015f bekle\u015fiyorlar, hava ayd\u0131nl\u0131k ve g\u00fcne\u015fli. Onlar\u0131 bu hal \u00fczere g\u00f6r\u00fcnce akl\u0131ma namaz geliyor ve tela\u015ftan vakiti ge\u00e7iririm endi\u015fesi ile namaz\u0131 hemen k\u0131lay\u0131m diyorum, ama seccademi bir t\u00fcrl\u00fc bulam\u0131yorum aran\u0131rken biri bana kalk\u0131p yer a\u00e7\u0131yor, ben hemen \u201cacaba k\u0131ble ne taraf?\u201d diye bak\u0131n\u0131rken kolumdaki saate bakay\u0131m oradan k\u0131bleyi bulurum diyorum ama saati g\u00f6remiyorum, \u00e7antamda da olmad\u0131\u011f\u0131n\u0131 anlay\u0131nca \u00e7antam\u0131n a\u00e7\u0131l\u0131p sanki e\u015fyalar\u0131m\u0131n \u00e7al\u0131nd\u0131\u011f\u0131n\u0131n fark\u0131na var\u0131yorum, can\u0131m s\u0131k\u0131l\u0131yor ama bunu da pek belli etmemeye \u00e7al\u0131\u015f\u0131yorum. Teraslarda bana yer verenler k\u0131bleyi de tarif ediyorlar, bu ara bana yer a\u00e7anlara bak\u0131yorum, kimisi benim bu namaz k\u0131lmak i\u00e7in haz\u0131rl\u0131\u011f\u0131mdan memnun kimisi de sanki raz\u0131 olmasa bile kabullenmi\u015f gibi bir tav\u0131r sergiliyor, bunlar\u0131 o an zihnimde hissediyorum\u2026<\/span><\/p>\n<p style=\"text-align: justify; line-height: normal; text-indent: 14.2pt; margin-bottom: 0pt;\"><span style=\"font-family: 'Arial','sans-serif'; font-size: 14pt;\">Daha sonra tekrardan ko\u011fu\u015fumda oluyorum, <i>\u201c\u00e7antam da \u00e7al\u0131nd\u0131 \u015fimdi beden e\u011fitimi dersi olacak, orada e\u015fofmanlar\u0131m da, yok, ne giyece\u011fim, art\u0131k bu elbiselerle beden e\u011fitimi dersine girerim, terleyece\u011fiz ama ne yapal\u0131m!\u201d<\/i> gibi \u015feyler akl\u0131mdan ge\u00e7iriyorum\u2026<\/span><\/p>\n<p style=\"text-align: justify; line-height: normal; text-indent: 14.2pt; margin-bottom: 0pt;\"><strong><span style=\"font-family: 'Arial','sans-serif'; font-size: 14pt;\">Daha sonra bir ba\u015fka sahnede, uzun hangar gibi bir yer halini al\u0131yor, ko\u011fu\u015fumuz, s\u0131ral\u0131 ranzalar ve ben bir ranzan\u0131n alt kat\u0131nday\u0131m, biri gelecekmi\u015f onu bekliyoruz, yine herkeste bir heyecan ve tela\u015f\u2026 Birde bak\u0131yorum ki gelen Muhterem Erbakan Hocam\u0131z \u00e7\u0131ka geliyor! Hangar gibi ko\u011fu\u015fumuzdan soldan itibaren geliyor ve benim ranzam\u0131n hizas\u0131na gelince e\u011filip nur y\u00fcz\u00fc ile g\u00fcl\u00fcmseyerek bana \u201cHo\u015fgeldiniz!\u201d diyor ve elini uzat\u0131yor, ben hemen do\u011frulup ileri do\u011fru at\u0131larak Hocam\u0131z\u0131n elini \u00f6p\u00fcyorum ve genelde de yapt\u0131\u011f\u0131m\u0131z gibi seri bir \u015fekilde geri \u00e7ekiliyorum. Hocam\u0131z bana bakarak elini bir s\u00fcre daha \u00e7ekmiyor ve o an sanki zihnimde Hocam\u0131z\u0131n sesi yank\u0131lan\u0131yor ve bana <i>\u201cart\u0131k acele etmenize, \u00f6p\u00fcp hemen ka\u00e7man\u0131za gerek yok, \u00e7ok vaktimiz var, rahat ol\u201d <\/i>manas\u0131na s\u00f6zler s\u00f6yl\u00fcyor. Ve bir s\u00fcre sonra elini de \u00e7ekerek ko\u011fu\u015fun gerisine do\u011fru ba\u015f\u0131 ile selamlay\u0131p geri d\u00f6n\u00fcyor\u2026<\/span><\/strong><\/p>\n<p style=\"text-align: justify; line-height: normal; text-indent: 14.2pt; margin-bottom: 0pt;\"><strong><span style=\"font-family: 'Arial','sans-serif'; font-size: 16pt;\">Ben hemen arkas\u0131ndan bak\u0131yorum, hangardan \u00e7\u0131km\u0131\u015f ve etraf g\u00fcne\u015fli, yaz g\u00fcn\u00fc gibi, etraf\u0131nda sanki askeri erk\u00e2n y\u00fcr\u00fcyor, Hocam\u0131n arkas\u0131ndan bak\u0131yorum, hafif meyilli bir yoku\u015f yukar\u0131ya do\u011fru a\u011f\u0131r a\u011f\u0131r y\u00fcr\u00fcyor, dikkatimi \u00e7eken Hocam\u0131z\u0131n sa\u011f baca\u011f\u0131n\u0131 s\u00fcr\u00fcye s\u00fcr\u00fcye y\u00fcr\u00fcmesi idi. O \u015fekilde arkas\u0131ndan bakar halde iken r\u00fcyam bitiyor\u2026.<\/span><\/strong><\/p>\n<p style=\"text-align: justify; line-height: normal; text-indent: 14.2pt; margin-bottom: 0pt;\"><strong><span style=\"font-family: 'Arial','sans-serif'; font-size: 16pt;\">Tevili:<\/span><\/strong><\/p>\n<p style=\"text-align: justify; line-height: normal; text-indent: 14.2pt; margin-bottom: 0pt;\"><span style=\"font-family: 'Arial','sans-serif'; font-size: 14pt;\">Hocam\u0131z\u0131n himmet ve projeleri, Milli \u00c7\u00f6z\u00fcm\u2019\u00fcn gayretleri ve Kahraman Ordumuzun deste\u011fi ile beklenen tarihi de\u011fi\u015fimin yakla\u015ft\u0131\u011f\u0131na i\u015farettir.<\/span><\/p>\n<p style=\"text-align: justify; line-height: normal; text-indent: 14.2pt; margin-bottom: 0pt;\"><span style=\"font-family: 'Arial','sans-serif'; font-size: 14pt;\">En do\u011frusunu Allah bilir.<\/span><\/p>\n<p style=\"text-align: justify; line-height: normal; text-indent: 14.2pt; margin-bottom: 0pt;\"><strong><span style=\"font-family: 'Arial','sans-serif'; font-size: 18pt;\">\u0130smet Sezgin\u2019in R\u00fcyas\u0131<\/span><\/strong><\/p>\n<p style=\"text-align: justify; line-height: normal; text-indent: 14.2pt; margin-bottom: 0pt;\"><span style=\"font-family: 'Arial','sans-serif'; font-size: 16pt;\">Gebze \/ 10 Ekim 2012<\/span><\/p>\n<p style=\"text-align: justify; line-height: normal; text-indent: 14.2pt; margin-bottom: 0pt;\"><span style=\"font-family: 'Arial','sans-serif'; font-size: 14pt;\">Hal\u0131 ve kilim bulunmayan, ama d\u00fczg\u00fcn laminant d\u00f6\u015feli bir odada Ahmet Hocam\u0131zla oturuyoruz. D\u00fcnyan\u0131n bir yerinde \u00e7ok \u00f6nemli bir papaz \u00f6ld\u00fcr\u00fclecekmi\u015f ve bu hadise \u0130slam\u2019\u0131n galibiyet ve h\u00e2kimiyetinin ba\u015flang\u0131c\u0131 olacakm\u0131\u015f. O s\u0131rada Ahmet Hocam\u0131z Kur\u2019an\u2019\u0131 Kerim okuyor. Ben kendilerine soruyorum: \u201cHocam bu okuduklar\u0131n Rabbimizin ayetleri de\u011fil mi?\u201d O da \u201cevet\u201d deyince: \u201co halde Allah-u Te\u00e2l\u00e2 vadinden d\u00f6nmeyecektir, bu ayetler ger\u00e7ektir ve bunlar beklenen ve m\u00fcjdelenen zafer g\u00fcnlerinin kesin ve yak\u0131n oldu\u011funu g\u00f6stermektedir!\u201d diye kar\u015f\u0131l\u0131k veriyorum. O umut ve mutlulukla uyan\u0131yorum.&nbsp;&nbsp; <\/span><\/p>\n<p style=\"text-align: justify; line-height: normal; text-indent: 14.2pt; margin-bottom: 0pt;\"><strong><span style=\"font-family: 'Arial','sans-serif'; font-size: 16pt;\">\u0130BRETL\u0130 VE H\u0130KMETL\u0130 B\u0130R M\u00dcJDE!<\/span><\/strong><\/p>\n<p style=\"text-align: justify; line-height: normal; text-indent: 14.2pt; margin-bottom: 0pt;\"><strong><span style=\"font-family: 'Arial','sans-serif'; font-size: 12pt;\">F. BET\u00dcL ER\u0130\u015eK\u0130N\u2019\u0130N R\u00dcYASI Konya &#8211; 21.11.2012 <\/span><\/strong><\/p>\n<p style=\"text-align: justify; line-height: normal; text-indent: 14.2pt; margin-bottom: 0pt;\"><span style=\"font-family: 'Arial','sans-serif'; font-size: 12pt;\">E\u015fimle birlikte \u00e7ok sakin, derin ve berrak bir dere kenar\u0131nda, yol boyu geziniyoruz; \u00e7ocuklar\u0131m\u0131z bize evlilik y\u0131l d\u00f6n\u00fcm\u00fc s\u00fcrprizi haz\u0131rlam\u0131\u015flar, onlara do\u011fru y\u00fcr\u00fcyormu\u015fuz. E\u015fimin telefonu \u00e7al\u0131yor, a\u00e7\u0131yor; k\u00fc\u00e7\u00fck o\u011flum s\u00fcrekli oynad\u0131\u011f\u0131 k\u0131rm\u0131z\u0131 bozuk telefonla aram\u0131\u015f, bize <strong><i>\u201csa\u011fa bak\u0131n\u201d<\/i><\/strong> diyorlar. D\u00f6n\u00fcp bak\u0131yoruz; k\u00fc\u00e7\u00fck bir sandal, yanlar\u0131nda k\u00fcrek \u00e7eken yeti\u015fkin biri oluyor. Bize<br \/>yakla\u015f\u0131yorlar, derken k\u00fcrek \u00e7eken ki\u015finin Erbakan Hocam\u0131z oldu\u011funu g\u00f6r\u00fcp hayret ve sevin\u00e7le kar\u015f\u0131l\u0131yoruz.<\/span><\/p>\n<p style=\"text-align: justify; line-height: normal; text-indent: 14.2pt; margin-bottom: 0pt;\"><span style=\"font-family: 'Arial','sans-serif'; font-size: 12pt;\">Hocam bize:<\/span><\/p>\n<p style=\"margin: 0cm 0cm 0pt; text-align: justify; line-height: normal; text-indent: 14.2pt;\"><span style=\"font-size: 12pt;\"><span>&#8211;<span style=\"font: 7pt\/normal 'Times New Roman'; font-size-adjust: none; font-stretch: normal;\">&nbsp;&nbsp;&nbsp;&nbsp;&nbsp;&nbsp;&nbsp;&nbsp;&nbsp;&nbsp;&nbsp; <\/span><\/span><\/span><strong><i><span style=\"font-family: 'Arial','sans-serif'; font-size: 12pt;\">\u201cHay\u0131rl\u0131 olsun \u00e7ocuklar, bir y\u0131l\u0131 daha ba\u015far\u0131yla geride b\u0131rakt\u0131n\u0131z \u201c<\/span><\/i><\/strong><span style=\"font-family: 'Arial','sans-serif'; font-size: 12pt;\"> buyuruyor. Elini uzat\u0131yor, ikimizin de bir elinden tutup sandala binmemize yard\u0131m ediyor, oturuyoruz, e\u015fim k\u00fcrekleri almaya yelteniyor. <\/span><\/p>\n<p style=\"text-align: justify; line-height: normal; text-indent: 14.2pt; margin-bottom: 0pt;\"><span style=\"font-family: 'Arial','sans-serif'; font-size: 12pt;\">Hocam:<\/span><\/p>\n<p style=\"margin: 0cm 0cm 0pt; text-align: justify; line-height: normal; text-indent: 14.2pt;\"><span style=\"font-size: 12pt;\"><span>&#8211;<span style=\"font: 7pt\/normal 'Times New Roman'; font-size-adjust: none; font-stretch: normal;\">&nbsp;&nbsp;&nbsp;&nbsp;&nbsp;&nbsp;&nbsp;&nbsp;&nbsp;&nbsp;&nbsp; <\/span><\/span><\/span><strong><i><span style=\"font-family: 'Arial','sans-serif'; font-size: 12pt;\">\u201cHay\u0131r, bu g\u00f6rd\u00fc\u011f\u00fcn\u00fcz bu y\u0131lki kutlama program\u0131n\u0131n ba\u015flang\u0131c\u0131, daha ne s\u00fcrprizlerimiz var!\u201d<\/span><\/i><\/strong><span style=\"font-family: 'Arial','sans-serif'; font-size: 12pt;\"> deyip g\u00f6z k\u0131rp\u0131yor \u00e7ocuklara, onlar da Hocama yar\u0131m yamalak g\u00f6z k\u0131rp\u0131yorlar. Hocam g\u00f6ky\u00fcz\u00fcne i\u015faret edip;<\/span><\/p>\n<p style=\"margin: 0cm 0cm 0pt; text-align: justify; line-height: normal; text-indent: 14.2pt;\"><span style=\"font-size: 12pt;\"><span>&#8211;<span style=\"font: 7pt\/normal 'Times New Roman'; font-size-adjust: none; font-stretch: normal;\">&nbsp;&nbsp;&nbsp;&nbsp;&nbsp;&nbsp;&nbsp;&nbsp;&nbsp;&nbsp;&nbsp; <\/span><\/span><\/span><strong><i><span style=\"font-family: 'Arial','sans-serif'; font-size: 12pt;\">\u201cBak\u0131n bu Z\u00fchre y\u0131ld\u0131z\u0131d\u0131r, g\u00fcnd\u00fcz vakti her zaman, bu kadar a\u00e7\u0131k g\u00f6r\u00fcnmez, geceden beklettik, bizi k\u0131rmad\u0131\u201d<\/span><\/i><\/strong><span style=\"font-family: 'Arial','sans-serif'; font-size: 12pt;\"> buyuruyor. Y\u0131ld\u0131za i\u015faret ediyor, y\u0131ld\u0131z a\u015fa\u011f\u0131ya iniyor. Benim \u00fczerime beyaz bir gelinlik, ba\u015f\u0131ma k\u00fc\u00e7\u00fck k\u00fc\u00e7\u00fck y\u0131ld\u0131zlardan ta\u00e7; e\u015fimin \u00fczerine lacivert bir tak\u0131m elbise oluyor. <\/span><\/p>\n<p style=\"margin: 0cm 0cm 0pt; text-align: justify; line-height: normal; text-indent: 14.2pt;\"><span style=\"font-size: 12pt;\"><span>&#8211;<span style=\"font: 7pt\/normal 'Times New Roman'; font-size-adjust: none; font-stretch: normal;\">&nbsp;&nbsp;&nbsp;&nbsp;&nbsp;&nbsp;&nbsp;&nbsp;&nbsp;&nbsp;&nbsp; <\/span><\/span><\/span><span style=\"font-family: 'Arial','sans-serif'; font-size: 12pt;\">Hocam;<\/span><\/p>\n<p style=\"margin: 0cm 0cm 0pt; text-align: justify; line-height: normal; text-indent: 14.2pt;\"><span style=\"font-size: 12pt;\"><span>&#8211;<span style=\"font: 7pt\/normal 'Times New Roman'; font-size-adjust: none; font-stretch: normal;\">&nbsp;&nbsp;&nbsp;&nbsp;&nbsp;&nbsp;&nbsp;&nbsp;&nbsp;&nbsp;&nbsp; <\/span><\/span><\/span><strong><span style=\"font-family: 'Arial','sans-serif'; font-size: 12pt;\">\u201cBiraz \u00f6tede bir yolcu daha alaca\u011f\u0131z\u201d<\/span><\/strong><span style=\"font-family: 'Arial','sans-serif'; font-size: 12pt;\"> buyuruyor. Dere kenar\u0131na yakla\u015f\u0131yoruz, Ahmet Akg\u00fcl Hocam bekliyor; Hocam m\u00fcbarek elini uzat\u0131p Ahmet Hocam\u0131 da al\u0131yor sandala. Hocam;<\/span><\/p>\n<p style=\"margin: 0cm 0cm 0pt; text-align: justify; line-height: normal; text-indent: 14.2pt;\"><span style=\"font-size: 12pt;\"><span>&#8211;<span style=\"font: 7pt\/normal 'Times New Roman'; font-size-adjust: none; font-stretch: normal;\">&nbsp;&nbsp;&nbsp;&nbsp;&nbsp;&nbsp;&nbsp;&nbsp;&nbsp;&nbsp;&nbsp; <\/span><\/span><\/span><strong><i><span style=\"font-family: 'Arial','sans-serif'; font-size: 12pt;\">\u201c\u015eimdi Ahmet; bu Yahya ve Tar\u0131k Efeler, anne babalar\u0131n\u0131n nik\u00e2hlar\u0131ndaki mutluluklar\u0131na zaten \u015fahit, sen de ikinci \u015fahit ol, nik\u00e2hlar\u0131n\u0131 tazeleyece\u011fiz \u00e7ocuklar\u0131n\u201d<\/span><\/i><\/strong><span style=\"font-family: 'Arial','sans-serif'; font-size: 12pt;\"> buyuruyor. <\/span><\/p>\n<p style=\"text-align: justify; line-height: normal; text-indent: 14.2pt; margin-bottom: 0pt;\"><span style=\"font-family: 'Arial','sans-serif'; font-size: 12pt;\">Parmaklar\u0131yla tuz serper gibi yap\u0131yor, sandal g\u00fcllerle doluyor. Hocam hem resmi hem de dini nik\u00e2h\u0131m\u0131z\u0131 k\u0131y\u0131yor ve bize Kur\u2019an\u2019\u0131 Kerim hediye ediyor. <\/span><\/p>\n<p style=\"margin: 0cm 0cm 0pt; text-align: justify; line-height: normal; text-indent: 14.2pt;\"><span style=\"font-size: 12pt;\"><span>&#8211;<span style=\"font: 7pt\/normal 'Times New Roman'; font-size-adjust: none; font-stretch: normal;\">&nbsp;&nbsp;&nbsp;&nbsp;&nbsp;&nbsp;&nbsp;&nbsp;&nbsp;&nbsp;&nbsp; <\/span><\/span><\/span><span style=\"font-family: 'Arial','sans-serif'; font-size: 12pt;\">Hocam: <strong><i>\u201cBununla hem d\u00fcnya, hem de ahiret bor\u00e7lar\u0131n\u0131zdan kurtulacaks\u0131n\u0131z\u201d <\/i><\/strong>buyuruyor. Kur\u2019an-\u0131 Kerim\u2019i elime al\u0131p sayfas\u0131n\u0131 a\u00e7\u0131yorum, i\u00e7indeki harfler binlerce ku\u015f olup Hocam\u0131n \u00fczerinde bir bulut olu\u015fturuyor. Hocam elini derenin dibine dald\u0131r\u0131yor, bir avu\u00e7 kum \u00e7\u0131kar\u0131p yukar\u0131ya savuruyor. Ve o Ku\u015flara: <strong><i>\u201cHer biriniz iki\u015fer tane kum al\u0131p u\u00e7un, Filistin\u2019e var\u0131nca a\u011fz\u0131n\u0131zdaki taneleri b\u0131rak\u0131n, m\u00fcminlere iman\u2013umut, k\u00e2firlere ve i\u015fbirlik\u00e7ilerine korku\u2013ate\u015f olun, biz de geliyoruz hemen!\u201d<\/i><\/strong> buyuruyorlar ve taneleri kapan ku\u015flar u\u00e7up gidiyorlar, Hocam sonra kula\u011f\u0131ma e\u011filiyor ve:<\/span><\/p>\n<p style=\"margin: 0cm 0cm 0pt; text-align: justify; line-height: normal; text-indent: 14.2pt;\"><span style=\"font-size: 12pt;\"><span>&#8211;<span style=\"font: 7pt\/normal 'Times New Roman'; font-size-adjust: none; font-stretch: normal;\">&nbsp;&nbsp;&nbsp;&nbsp;&nbsp;&nbsp;&nbsp;&nbsp;&nbsp;&nbsp;&nbsp; <\/span><\/span><\/span><strong><i><span style=\"font-family: 'Arial','sans-serif'; font-size: 12pt;\">\u201cAsl\u0131nda bir \u015fey daha var ama gitmem laz\u0131m, bunu Necmettin\u2019e be\u015finci y\u0131l\u0131n\u0131zda s\u00f6yledik fakat uyan\u0131nca hat\u0131rlayamad\u0131, siz o\u011flanlarla haz\u0131rlay\u0131n\u201d<\/span><\/i><\/strong><span style=\"font-family: 'Arial','sans-serif'; font-size: 12pt;\"> buyuruyor ve ikimize birer y\u00fcz\u00fck tak\u0131yor. Sonra Hocam kanatlar\u0131 b\u00fct\u00fcn g\u00f6ky\u00fcz\u00fcn\u00fc kaplayacak b\u00fcy\u00fckl\u00fckte, uzakla\u015ft\u0131k\u00e7a \u015feffaf bir renge b\u00fcr\u00fcnen bir ku\u015f olup u\u00e7up gidiyor, arkas\u0131ndan da Ahmet Hocam ku\u015f olup u\u00e7up gidiyor. Onlar\u0131n kanat seslerinin serinli\u011fiyle uyan\u0131yorum.<\/span><\/p>\n<p style=\"text-align: justify; line-height: normal; text-indent: 14.2pt; margin-bottom: 0pt;\"><strong><span style=\"font-family: 'Arial','sans-serif'; font-size: 16pt;\">Bu m\u00fcjdeli ve hikmetli r\u00fcyan\u0131n tabiri:<\/span><\/strong><\/p>\n<p style=\"text-align: justify; line-height: normal; text-indent: 14.2pt; margin-bottom: 0pt;\"><strong><span style=\"font-family: 'Arial','sans-serif'; font-size: 12pt;\">Aziz Hocam\u0131z\u0131n berrak ve sakin bir dere \u00fczerinde sandalla g\u00f6r\u00fclmesi, in\u015fallah sad\u0131k m\u00fcminlerin ve Milli \u00c7\u00f6z\u00fcmc\u00fclerin s\u0131k\u0131nt\u0131 ve darl\u0131ktan kurtulup, rahatl\u0131k ve ferahl\u0131\u011fa eri\u015feceklerine\u2026<\/span><\/strong><\/p>\n<p style=\"text-align: justify; line-height: normal; text-indent: 14.2pt; margin-bottom: 0pt;\"><strong><span style=\"font-family: 'Arial','sans-serif'; font-size: 12pt;\">\u201cBu y\u0131lki kutlama program\u0131nda \u00e7ok daha sevindirici s\u00fcrprizler bulundu\u011funun\u201d belirtilmesi \u00f6n\u00fcm\u00fczdeki s\u00fcre\u00e7te ve yak\u0131n gelecekte, \u00dcmmeti Muhammed i\u00e7in \u00e7ok daha b\u00fcy\u00fck ve kutlu geli\u015fmeler g\u00f6r\u00fclece\u011fine\u2026<\/span><\/strong><\/p>\n<p style=\"text-align: justify; line-height: normal; text-indent: 14.2pt; margin-bottom: 0pt;\"><strong><span style=\"font-family: 'Arial','sans-serif'; font-size: 12pt;\">Z\u00fchre Y\u0131ld\u0131z\u0131n\u0131n emirle a\u015fa\u011f\u0131 inmesi ve ta\u00e7-elbise giydirilmesi, O zat\u0131n k\u00e2inat \u00e7ap\u0131ndaki tasarruf yetkisine ve r\u00fcyay\u0131 g\u00f6renlerin olduk\u00e7a sevilip se\u00e7ildi\u011fine\u2026<\/span><\/strong><\/p>\n<p style=\"text-align: justify; line-height: normal; text-indent: 14.2pt; margin-bottom: 0pt;\"><strong><span style=\"font-family: 'Arial','sans-serif'; font-size: 12pt;\">Kur\u2019an\u2019\u0131 Kerim hediye edilmesi, hidayet ve istikamet ehlinin ve Kur\u2019an\u2019\u0131 rehber edinenlerin \u015fereflenip y\u00fckselece\u011fine ve b\u00fcy\u00fck zaferlere eri\u015filece\u011fine\u2026<\/span><\/strong><\/p>\n<p style=\"text-align: justify; line-height: normal; text-indent: 14.2pt; margin-bottom: 0pt;\"><strong><span style=\"font-family: 'Arial','sans-serif'; font-size: 12pt;\">Kur\u2019an harflerinin ku\u015flara d\u00f6n\u00fc\u015fmesi ve Aziz Hocam\u0131z\u0131n dere dibinden al\u0131p att\u0131\u011f\u0131 kumlar\u0131 al\u0131p Filistin\u2019e kan kusturan Siyonist \u0130sraillilerin \u00fczerine g\u00f6nderilmesi ise<\/span><\/strong><\/p>\n<ul>\n<li><strong><span style=\"font-family: 'Arial','sans-serif'; font-size: 12pt;\">Hem manevi mermiler ta\u015f\u0131yan Ebabil ku\u015flar\u0131n\u0131n benzerine<\/span><\/strong><\/li>\n<li><strong><span style=\"font-family: 'Arial','sans-serif'; font-size: 12pt;\">Hem, Hz. Peygamber Efendimizin yerden bir avu\u00e7 kum al\u0131p d\u00fc\u015fmanlar\u0131n\u0131n \u00fczerine serpmesine ve zalimlerin hezimetine sebebiyet vermesine<\/span><\/strong><\/li>\n<li><strong><span style=\"font-family: 'Arial','sans-serif'; font-size: 12pt;\">Hem de, Erbakan Hocam\u0131z\u0131n Amerika ve Avrupa\u2019n\u0131n ve \u0130srail sald\u0131rgan\u0131n\u0131n b\u00fct\u00fcn n\u00fckleer f\u00fczelerini, askeri tesislerini ve son sistem sava\u015f ara\u00e7-gere\u00e7lerini \u00e7al\u0131\u015fmaz hale ve i\u015fe yaramaz hale getirecek TEKNOLOJ\u0130 HAR\u0130KASI ke\u015fiflerin kullan\u0131laca\u011f\u0131 g\u00fcnlerin geldi\u011fine i\u015faret ve be\u015farettir.<\/span><\/strong><\/li>\n<\/ul>\n<p style=\"text-align: justify; line-height: normal; text-indent: 14.2pt; margin-bottom: 0pt;\"><strong><span style=\"font-family: 'Arial','sans-serif'; font-size: 12pt;\">Aziz Hocam\u0131z\u0131n kanatlar\u0131yla b\u00fct\u00fcn g\u00f6ky\u00fcz\u00fcn\u00fc kapsayan g\u00f6r\u00fcnt\u00fcs\u00fcyle u\u00e7up gitmesi ve Ahmet Hoca\u2019n\u0131n da kanatlan\u0131p O\u2019nu takip etmesi, \u0130srail Siyonizm\u2019inin ve ABD emperyalizminin sonunun yakla\u015ft\u0131\u011f\u0131na alamettir. Bu r\u00fcya Efendimiz Aleyhisselam\u0131n, Hz. Cebrail\u2019i asli h\u00fcviyetiyle g\u00f6r\u00fcp nakletti\u011fi hadisi \u015ferifi akla getirmektedir.<\/span><\/strong><\/p>\n<p style=\"text-align: justify; line-height: normal; text-indent: 14.2pt; margin-bottom: 0pt;\"><strong><span style=\"font-family: 'Arial','sans-serif'; font-size: 12pt;\"><span>&nbsp;&nbsp;&nbsp;&nbsp;&nbsp;&nbsp; <\/span>Ayr\u0131ca Melheme-i K\u00fcbra (Siyonist ve emperyalist g\u00fc\u00e7lerle tarihi hesapla\u015fma- Armagedon) denen kutlu hadisede; Milli G\u00f6r\u00fc\u015f zihniyeti, ruhaniyeti ve projelerinin ve Erbakan Hocam\u0131z\u0131n 1980 ihtilali \u00f6ncesi bas\u0131n toplant\u0131s\u0131nda vurgulad\u0131\u011f\u0131 \u201cB\u0130Z M\u0130LL\u0130 \u00c7\u00d6Z\u00dcM TEMS\u0130LC\u0130S\u0130Y\u0130Z\u201d iltifat\u0131na mazhar olan Milli \u00c7\u00f6z\u00fcm ekibinin \u00e7ok \u00f6nemli roller ve g\u00f6revler \u00fcstlenece\u011fine i\u015faret edilmektedir.<\/span><\/strong><\/p>\n<p style=\"text-align: justify; line-height: normal; text-indent: 14.2pt; margin-bottom: 0pt;\"><strong><span style=\"font-family: 'Arial','sans-serif'; font-size: 12pt;\">En do\u011frusunu Allah bilir.<\/span><\/strong><\/p>\n<p style=\"text-align: justify; line-height: normal; text-indent: 14.2pt; margin-bottom: 0pt;\"><strong><span style=\"font-family: 'Arial','sans-serif'; font-size: 16pt;\">HAL\u0130L YAMAN\u2019IN R\u00dcYASI \u2013 G\u00f6lc\u00fck 24.11.2012<\/span><\/strong><\/p>\n<p style=\"text-align: justify; line-height: normal; text-indent: 14.2pt; margin-bottom: 0pt;\"><strong><span style=\"font-family: 'Arial','sans-serif'; font-size: 12pt;\">Bir haber al\u0131yoruz ki, Erbakan Hocam dirilip kalkm\u0131\u015f ve \u00e7ok \u00f6nemli a\u00e7\u0131klamalar yapacakm\u0131\u015f ta bu y\u00fczden b\u00fcy\u00fck bir meydanda mah\u015feri bir kalabal\u0131k toplanm\u0131\u015f. O kadar kabal\u0131k ki sanki herkes bu tarihi konu\u015fmaya \u015fahit olmak \u00fczere oraya y\u0131\u011f\u0131lm\u0131\u015f\u2026 Bu mah\u015feri kalabal\u0131\u011f\u0131n \u00f6n\u00fcnde g\u00f6rkemli bir sahne platformu haz\u0131rlanm\u0131\u015f. Herkes merak ve dikkatle bu sahneye do\u011fru bak\u0131yor ve Hocam\u0131z\u0131n k\u00fcrs\u00fcye \u00e7\u0131k\u0131p konu\u015fma yapmas\u0131n\u0131 bekliyorlar. Milli \u00c7\u00f6z\u00fcm ekibi de bu kalabal\u0131\u011f\u0131n sahneye g\u00f6re sa\u011f taraf\u0131nda duruyor ve hep birlikte Erbakan Hocam\u0131z\u0131n \u00e7\u0131kmas\u0131n\u0131 g\u00f6zl\u00fcyorlar. Bu s\u0131rada Osman Erayd\u0131n kula\u011f\u0131ma e\u011filiyor ve \u201cBak \u015fimdi kim \u00e7\u0131kacak ve herkes Erbakan Hocam\u0131n yerine Onun \u00e7\u0131kt\u0131\u011f\u0131n\u0131 g\u00f6r\u00fcnce \u015fa\u015f\u0131racak\u201d diye uyar\u0131yor. Bunun \u00fczerine ben hemen, kimin \u00e7\u0131kaca\u011f\u0131n\u0131 anl\u0131yorum ve Osman\u2019a g\u00fcl\u00fcms\u00fcyorum. Derken anons ediliyor ve beklenen zat sahneye y\u00fcr\u00fcyor, ama kalabal\u0131k \u015fa\u015fk\u0131nl\u0131\u011fa u\u011fruyor ve hayret \u00e7\u0131\u011fl\u0131klar\u0131 y\u00fckseliyor. \u00c7\u00fcnk\u00fc sahneye Ahmet Akg\u00fcl hocam\u0131z \u00e7\u0131k\u0131yor. Ard\u0131ndan \u015f\u00f6yle bir nida duyuluyor: <i>\u201cAhmet Hoca Erbakan\u2019\u0131n yolda\u015f\u0131d\u0131r ve O\u2019nun devam\u0131d\u0131r!\u201d <\/i>Tabi bizim i\u00e7imizden de hayrete d\u00fc\u015fenler oluyor. Biz ise sadece g\u00fcl\u00fcms\u00fcyoruz halk\u0131n \u00e7o\u011funlu\u011fu bu olaya seviniyor ve sahipleniyor baz\u0131 ufak gruplar ise kendi aralar\u0131nda \u201cb\u00f6yle \u015fey mi olur can\u0131m!\u201d diye itiraz ediyor ama a\u00e7\u0131k\u00e7a kar\u015f\u0131 koyam\u0131yor ve ortam\u0131 bozam\u0131yor. O mutluluk ve huzurla uyan\u0131yorum.<\/span><\/strong><\/p>\n<p style=\"text-align: justify; line-height: normal; text-indent: 14.2pt; margin-bottom: 0pt;\"><strong><span style=\"font-family: 'Arial','sans-serif'; font-size: 14pt;\">Bu r\u00fcyan\u0131n te\u2019vili:<\/span><\/strong><\/p>\n<p style=\"text-align: justify; line-height: normal; text-indent: 14.2pt; margin-bottom: 0pt;\"><strong><span style=\"font-family: 'Arial','sans-serif'; font-size: 12pt;\">Aziz Erbakan Hocam\u0131z, Hakk\u0131n temsilcisi ve terc\u00fcman\u0131 olarak b\u00fct\u00fcn \u015fer g\u00fc\u00e7lere ve \u015feytani \u00e7evrelere kar\u015f\u0131 mazlumlar\u0131n dili ve delili makam\u0131ndayd\u0131 Milli \u00c7\u00f6z\u00fcm Ekibi ise, Allah\u2019\u0131n r\u0131zas\u0131 ve insanl\u0131\u011f\u0131n hat\u0131r\u0131 i\u00e7in Erbakan\u2019\u0131n takip\u00e7isi, \u0130slami ger\u00e7eklerin ve Adil D\u00fczenin tebli\u011fcisi konumundad\u0131r. Bu r\u00fc\u2019ya, Hakk\u0131n ve hayr\u0131n hakimiyetine sad\u0131klar\u0131n galibiyetine, Milli G\u00f6r\u00fc\u015f zihniyetinin ve \u015fahsi manevisinin yeniden dirilip-derlenip kutlu hedefine eri\u015fece\u011fine ve yak\u0131nda herkesi hayret ve hayranl\u0131\u011fa sevk edecek geli\u015fmelerin zuhur edece\u011fine i\u015farettir. <\/span><\/strong><\/p>\n<p style=\"text-align: justify; line-height: normal; text-indent: 14.2pt; margin-bottom: 0pt;\"><strong><span style=\"font-family: 'Arial','sans-serif'; font-size: 12pt;\">En do\u011frusunu Allah bilir.<\/span><\/strong><\/p>\n<p style=\"text-align: justify; line-height: normal; text-indent: 14.2pt; margin-bottom: 0pt;\"><strong><span style=\"font-family: 'Arial','sans-serif'; font-size: 16pt;\">CAH\u0130L VE GAF\u0130L, NE B\u0130LS\u0130N!<\/span><\/strong><\/p>\n<p style=\"text-align: justify; line-height: normal; text-indent: 14.2pt; margin-bottom: 0pt;\"><span style=\"font-family: 'Arial','sans-serif'; font-size: 14pt;\">Ne tatl\u0131 bir bela imi\u015f, a\u015fk\u0131n\u0131n zevkine d\u00fc\u015fmek<\/span><\/p>\n<p style=\"text-align: justify; line-height: normal; text-indent: 14.2pt; margin-bottom: 0pt;\"><span style=\"font-family: 'Arial','sans-serif'; font-size: 14pt;\">Hasretinle seherlerde, a\u011flamayanlar ne bilsin!<\/span><\/p>\n<p style=\"text-align: justify; line-height: normal; text-indent: 14.2pt; margin-bottom: 0pt;\"><span style=\"font-family: 'Arial','sans-serif'; font-size: 14pt;\">Hayat\u0131n\u0131n pahas\u0131na, cihad\u0131n \u015fevkine d\u00fc\u015fmek<\/span><\/p>\n<p style=\"text-align: justify; line-height: normal; text-indent: 14.2pt; margin-bottom: 0pt;\"><span style=\"font-family: 'Arial','sans-serif'; font-size: 14pt;\">Yar yolunda yaralan\u0131p, sa\u011falmayanlar ne bilsin!<\/span><\/p>\n<p style=\"text-align: justify; line-height: normal; text-indent: 14.2pt; margin-bottom: 0pt;\"><span style=\"font-family: 'Arial','sans-serif'; font-size: 14pt;\">&nbsp;<\/span><\/p>\n<p style=\"text-align: justify; line-height: normal; text-indent: 14.2pt; margin-bottom: 0pt;\"><span style=\"font-family: 'Arial','sans-serif'; font-size: 14pt;\">Sen Aziz\u2019sin ben acizim, kusurumla mahcub oldum<\/span><\/p>\n<p style=\"text-align: justify; line-height: normal; text-indent: 14.2pt; margin-bottom: 0pt;\"><span style=\"font-family: 'Arial','sans-serif'; font-size: 14pt;\">Zulmet; keder gafletimmi\u015f, huzurunla s\u00fcrur buldum<\/span><\/p>\n<p style=\"text-align: justify; line-height: normal; text-indent: 14.2pt; margin-bottom: 0pt;\"><span style=\"font-family: 'Arial','sans-serif'; font-size: 14pt;\">Her zerrede tecellinle, zuhurunla \u015fuur buldum<\/span><\/p>\n<p style=\"text-align: justify; line-height: normal; text-indent: 14.2pt; margin-bottom: 0pt;\"><span style=\"font-family: 'Arial','sans-serif'; font-size: 14pt;\">Mevcudatla zikre d\u00fc\u015f\u00fcp, \u00e7a\u011flamayanlar ne bilsin!<\/span><\/p>\n<p style=\"text-align: justify; line-height: normal; text-indent: 14.2pt; margin-bottom: 0pt;\"><span style=\"font-family: 'Arial','sans-serif'; font-size: 14pt;\">&nbsp;<\/span><\/p>\n<p style=\"text-align: justify; line-height: normal; text-indent: 14.2pt; margin-bottom: 0pt;\"><span style=\"font-family: 'Arial','sans-serif'; font-size: 14pt;\">Bir noktadan milyar alem, alameti farikad\u0131r<\/span><\/p>\n<p style=\"text-align: justify; line-height: normal; text-indent: 14.2pt; margin-bottom: 0pt;\"><span style=\"font-family: 'Arial','sans-serif'; font-size: 14pt;\">Her \u015fey kudret eserindir, san\u2019at\u0131n ne harikad\u0131r<\/span><\/p>\n<p style=\"text-align: justify; line-height: normal; text-indent: 14.2pt; margin-bottom: 0pt;\"><span style=\"font-family: 'Arial','sans-serif'; font-size: 14pt;\">M\u00fc\u015frik, \u201cs\u00fcper g\u00fc\u00e7\u201d san\u0131yor, tapt\u0131\u011f\u0131 Amerika\u2019d\u0131r<\/span><\/p>\n<p style=\"text-align: justify; line-height: normal; text-indent: 14.2pt; margin-bottom: 0pt;\"><span style=\"font-family: 'Arial','sans-serif'; font-size: 14pt;\">Ahed Samed sohbetine, \u00e7a\u011fr\u0131lmayanlar ne bilsin!<\/span><\/p>\n<p style=\"text-align: justify; line-height: normal; text-indent: 14.2pt; margin-bottom: 0pt;\"><span style=\"font-family: 'Arial','sans-serif'; font-size: 14pt;\">&nbsp;<\/span><\/p>\n<p style=\"text-align: justify; line-height: normal; text-indent: 14.2pt; margin-bottom: 0pt;\"><span style=\"font-family: 'Arial','sans-serif'; font-size: 14pt;\">Hak dostu; zalime \u00e7etin, m\u00fcminlere kibar imi\u015f<\/span><\/p>\n<p style=\"text-align: justify; line-height: normal; text-indent: 14.2pt; margin-bottom: 0pt;\"><span style=\"font-family: 'Arial','sans-serif'; font-size: 14pt;\">M\u00fcnaf\u0131klar\u0131n maksudu; Mal makam itibar imi\u015f<\/span><\/p>\n<p style=\"text-align: justify; line-height: normal; text-indent: 14.2pt; margin-bottom: 0pt;\"><span style=\"font-family: 'Arial','sans-serif'; font-size: 14pt;\">\u00c7am sak\u0131z\u0131 onlarca y\u0131l, toprakta kehribar imi\u015f<\/span><\/p>\n<p style=\"text-align: justify; line-height: normal; text-indent: 14.2pt; margin-bottom: 0pt;\"><span style=\"font-family: 'Arial','sans-serif'; font-size: 14pt;\">Kalbin r\u0131za kap\u0131s\u0131na, ba\u011flamayanlar ne bilsin!<\/span><\/p>\n<p style=\"text-align: justify; line-height: normal; text-indent: 14.2pt; margin-bottom: 0pt;\"><span style=\"font-family: 'Arial','sans-serif'; font-size: 14pt;\">&nbsp;<\/span><\/p>\n<p style=\"text-align: justify; line-height: normal; text-indent: 14.2pt; margin-bottom: 0pt;\"><span style=\"font-family: 'Arial','sans-serif'; font-size: 14pt;\">Bela bilenmek i\u00e7indir, hangi imtihan sorunsuz<\/span><\/p>\n<p style=\"text-align: justify; line-height: normal; text-indent: 14.2pt; margin-bottom: 0pt;\"><span style=\"font-family: 'Arial','sans-serif'; font-size: 14pt;\">\u201cHayat; iman ve cihatt\u0131r\u201d, m\u00fcmin olur mu sorumsuz<\/span><\/p>\n<p style=\"text-align: justify; line-height: normal; text-indent: 14.2pt; margin-bottom: 0pt;\"><span style=\"font-family: 'Arial','sans-serif'; font-size: 14pt;\">Kitap s\u00fcnnet dayana\u011f\u0131m, Onsuz ya\u015fam ne onursuz<\/span><\/p>\n<p style=\"text-align: justify; line-height: normal; text-indent: 14.2pt; margin-bottom: 0pt;\"><span style=\"font-family: 'Arial','sans-serif'; font-size: 14pt;\">\u201cHuu\u201dsuz hava ci\u011ferini, ca\u011flamayanlar ne bilsin!<\/span><\/p>\n<p style=\"text-align: justify; line-height: normal; text-indent: 14.2pt; margin-bottom: 0pt;\"><span style=\"font-family: 'Arial','sans-serif'; font-size: 14pt;\">&nbsp;<\/span><\/p>\n<p style=\"text-align: justify; line-height: normal; text-indent: 14.2pt; margin-bottom: 0pt;\"><span style=\"font-family: 'Arial','sans-serif'; font-size: 14pt;\">\u015eirk ve \u015fekavet kirini, g\u00f6z ya\u015flar\u0131ylayuyarak<\/span><\/p>\n<p style=\"text-align: justify; line-height: normal; text-indent: 14.2pt; margin-bottom: 0pt;\"><span style=\"font-family: 'Arial','sans-serif'; font-size: 14pt;\">Buyruk: \u201cFefirruilellah\u201d<sup>[1]<\/sup>, dost \u00e7a\u011fr\u0131s\u0131n\u0131 duyarak<\/span><\/p>\n<p style=\"text-align: justify; line-height: normal; text-indent: 14.2pt; margin-bottom: 0pt;\"><span style=\"font-family: 'Arial','sans-serif'; font-size: 14pt;\">Ol; \u201cFekt\u00fcluuenf\u00fcsek\u00fcm\u201d<sup>[2]<\/sup>, Hak hitab\u0131na uyarak<\/span><\/p>\n<p style=\"text-align: justify; line-height: normal; text-indent: 14.2pt; margin-bottom: 0pt;\"><span style=\"font-family: 'Arial','sans-serif'; font-size: 14pt;\">Benlik idam sicimini, ya\u011flamayanlar ne bilsin!<\/span><\/p>\n<p style=\"text-align: justify; line-height: normal; text-indent: 14.2pt; margin-bottom: 0pt;\"><span style=\"font-family: 'Arial','sans-serif'; font-size: 14pt;\">&nbsp;<\/span><\/p>\n<p style=\"text-align: justify; line-height: normal; text-indent: 14.2pt; margin-bottom: 0pt;\"><span style=\"font-family: 'Arial','sans-serif'; font-size: 14pt;\">Elmas k\u00f6m\u00fcr ay\u0131rt eder, d\u00fcnyan\u0131n \u00f6m\u00fcr ele\u011fi<\/span><\/p>\n<p style=\"text-align: justify; line-height: normal; text-indent: 14.2pt; margin-bottom: 0pt;\"><span style=\"font-family: 'Arial','sans-serif'; font-size: 14pt;\">Ecel, sonsuzluk \u015ferbetim; kefenim damat yele\u011fi<\/span><\/p>\n<p style=\"text-align: justify; line-height: normal; text-indent: 14.2pt; margin-bottom: 0pt;\"><span style=\"font-family: 'Arial','sans-serif'; font-size: 14pt;\">\u00d6l\u00fcm, terhis tezkeresi; Azrail m\u00fcjde mele\u011fi<\/span><\/p>\n<p style=\"text-align: justify; line-height: normal; text-indent: 14.2pt; margin-bottom: 0pt;\"><span style=\"font-family: 'Arial','sans-serif'; font-size: 14pt;\">G\u00f6nl\u00fcn vuslat ate\u015fiyle, da\u011flamayanlar ne bilsin!<\/span><\/p>\n<p style=\"text-align: justify; line-height: normal; text-indent: 14.2pt; margin-bottom: 0pt;\"><span style=\"font-family: 'Arial','sans-serif'; font-size: 14pt;\">&nbsp;<\/span><\/p>\n<p style=\"text-align: justify; line-height: normal; text-indent: 14.2pt; margin-bottom: 0pt;\"><span style=\"font-family: 'Arial','sans-serif'; font-size: 14pt;\">Ahmetini rahmetinle, almazsan cennet evine<\/span><\/p>\n<p style=\"text-align: justify; line-height: normal; text-indent: 14.2pt; margin-bottom: 0pt;\"><span style=\"font-family: 'Arial','sans-serif'; font-size: 14pt;\">Senden ayr\u0131, nimet zahmet; s\u00fcrg\u00fcnde nas\u0131l sevine<\/span><\/p>\n<p style=\"text-align: justify; line-height: normal; text-indent: 14.2pt; margin-bottom: 0pt;\"><span style=\"font-family: 'Arial','sans-serif'; font-size: 14pt;\">Nice galip gelsin kulun, nefs\u00fcemmare devine<\/span><\/p>\n<p style=\"text-align: justify; line-height: normal; text-indent: 14.2pt; margin-bottom: 0pt;\"><span style=\"font-family: 'Arial','sans-serif'; font-size: 14pt;\">Hidayet, l\u00fctfu inayet; sa\u011flamayanlar ne bilsin!<\/span><\/p>\n<div><br clear=\"all\" \/><\/p>\n<hr align=\"left\" size=\"1\" width=\"33%\" \/>\n<div>\n<p style=\"text-align: justify;\"><span style=\"font-family: 'Arial','sans-serif'; font-size: 9pt;\"> \u201c(Fani ve fena \u015feyleri b\u0131rak\u0131p) Allah\u2019a ka\u00e7\u0131p (s\u0131\u011f\u0131n\u0131n)!\u201d (Zariyat: 50)<\/span><\/p>\n<\/p><\/div>\n<div>\n<p style=\"text-align: justify;\"><span style=\"font-family: 'Arial','sans-serif'; font-size: 9pt;\"> \u201cNefislerinizi \u00f6ld\u00fcr\u00fcn\u00fcz!\u201d (Bakara: 54)<\/span><\/p>\n<\/p><\/div>\n<\/p><\/div>\n","protected":false},"excerpt":{"rendered":"<p>&nbsp; 29 Eyl\u00fcl 2012 \u2013 Gebze \u2013 Dar\u0131ca Sanki ilkbahar mevsimi ve aynen cennet misali tarif edilmez \u00f6zellik ve g\u00fczellikte bir manzara i\u00e7inde oluyoruz. Hafif engebeli yaylalar, reng\u00e2renk \u00e7i\u00e7ek a\u00e7m\u0131\u015f bin bir \u00e7e\u015fit a\u011fa\u00e7lar, insan\u0131 mest\u00fc hayra b\u0131rakan kokular sa\u00e7an g\u00fcller ve otlar, c\u0131v\u0131lday\u0131p kanat \u00e7\u0131rpan ku\u015flar, bembeyaz ve berrak akan \u0131rmaklar ve onlar\u0131n aras\u0131na [&hellip;]<\/p>\n","protected":false},"author":7,"featured_media":0,"comment_status":"open","ping_status":"closed","sticky":false,"template":"","format":"standard","meta":{"footnotes":""},"categories":[152],"tags":[],"class_list":["post-2643","post","type-post","status-publish","format-standard","hentry","category-temmuz-2013"],"_links":{"self":[{"href":"https:\/\/www.millicozum.com\/mc\/wp-json\/wp\/v2\/posts\/2643","targetHints":{"allow":["GET"]}}],"collection":[{"href":"https:\/\/www.millicozum.com\/mc\/wp-json\/wp\/v2\/posts"}],"about":[{"href":"https:\/\/www.millicozum.com\/mc\/wp-json\/wp\/v2\/types\/post"}],"author":[{"embeddable":true,"href":"https:\/\/www.millicozum.com\/mc\/wp-json\/wp\/v2\/users\/7"}],"replies":[{"embeddable":true,"href":"https:\/\/www.millicozum.com\/mc\/wp-json\/wp\/v2\/comments?post=2643"}],"version-history":[{"count":0,"href":"https:\/\/www.millicozum.com\/mc\/wp-json\/wp\/v2\/posts\/2643\/revisions"}],"wp:attachment":[{"href":"https:\/\/www.millicozum.com\/mc\/wp-json\/wp\/v2\/media?parent=2643"}],"wp:term":[{"taxonomy":"category","embeddable":true,"href":"https:\/\/www.millicozum.com\/mc\/wp-json\/wp\/v2\/categories?post=2643"},{"taxonomy":"post_tag","embeddable":true,"href":"https:\/\/www.millicozum.com\/mc\/wp-json\/wp\/v2\/tags?post=2643"}],"curies":[{"name":"wp","href":"https:\/\/api.w.org\/{rel}","templated":true}]}}