{"id":2663,"date":"2013-07-27T08:04:12","date_gmt":"2013-07-27T08:04:12","guid":{"rendered":"https:\/\/www.millicozum.com\/mc\/2013\/07\/27\/erdoganin-karanlik-yonleri-2\/"},"modified":"2013-07-27T08:04:12","modified_gmt":"2013-07-27T08:04:12","slug":"erdoganin-karanlik-yonleri-2","status":"publish","type":"post","link":"https:\/\/www.millicozum.com\/mc\/2013\/agustos-2013\/erdoganin-karanlik-yonleri\/","title":{"rendered":"ERDO\u011eAN\u2019IN KARANLIK Y\u00d6NLER\u0130"},"content":{"rendered":"\n<p>&nbsp;<\/p>\n<p style=\"margin-bottom: 0.0001pt; text-align: justify; text-indent: 1cm; line-height: 150%;\"><strong><span style=\"font-size: 12pt; line-height: 150%; font-family: Arial, sans-serif;\">Sn. Ba\u015fbakan bug\u00fcnlerde PKK eleba\u015f\u0131yla resmen uzla\u015fma s\u00fcrecini demokratik(!) bir metanetle ve Yahudi Lobilerince tak\u0131lan \u00fcst\u00fcn cesaret madalyas\u0131n\u0131n kerametiyle y\u00fcr\u00fct\u00fcrken, <i>\u201cK\u00fcrtlerin anadilde savunma yapabilmeleri, G\u00fcneydo\u011fu (K\u00fcrdistan federasyonu) \u00f6zerk B\u00f6lgesinde K\u00fcrt\u00e7enin e\u011fitim dili haline getirilmesi\u201d<\/i> konusunda hassasiyet g\u00f6sterirken\u2026 Daha \u00f6nce 1. Hatay Medeniyetler Bulu\u015fmas\u0131ndaki b\u00fct\u00fcn d\u00fcnya dillerinin \u201cTEK D\u0130L-TEK D\u0130N\u201d hedefini hat\u0131rlay\u0131p hayretler i\u00e7inde kalm\u0131\u015ft\u0131k. Bir yandan b\u00fct\u00fcn dillerin ve dinlerin birle\u015ftirilmesini isteyen ba\u015fbakan niye T\u00fcrkiye\u2019de K\u00fcrtlerin ayr\u0131\u015fma giri\u015fimine ve K\u00fcrt\u00e7enin resmile\u015fmesine gayret g\u00f6stermekteydi?!<\/span><\/strong><\/p>\n<p style=\"margin-bottom: 0.0001pt; text-align: justify; text-indent: 1cm; line-height: 150%;\"><strong><span style=\"font-size: 12pt; line-height: 150%; font-family: Arial, sans-serif;\">\u201cSn. Erdo\u011fan\u2019\u0131n Yahudi a\u011fz\u0131yla konu\u015fmas\u0131!<\/span><\/strong><\/p>\n<p style=\"margin-bottom: 0.0001pt; text-align: justify; text-indent: 1cm; line-height: 150%;\"><strong><span style=\"font-size: 10pt; line-height: 150%; font-family: Arial, sans-serif;\">Sn. Ahmet Musao\u011flu\u2019nun 06-08. \u015eubat 2007 tarihinde Milli Gazete\u2019deki yaz\u0131s\u0131nda vurgulad\u0131\u011f\u0131 gibi:<\/span><\/strong><\/p>\n<p style=\"margin-bottom: 0.0001pt; text-align: justify; text-indent: 1cm; line-height: 150%;\"><strong><span style=\"font-size: 12pt; line-height: 150%; font-family: Arial, sans-serif;\">1.HATAY \u201cMedeniyetler Bulu\u015fmas\u0131\u201dn\u0131n a\u00e7\u0131l\u0131\u015f\u0131nda Ba\u015fbakan Erdo\u011fan: \u201c<i>Bug\u00fcn farkl\u0131 medeniyetlerin bir ideal etraf\u0131nda bir araya geldi\u011fi, bu idealin, \u2018Babil Kulesi\u2019 felaketinden bu yana, insanlar\u0131n \u00f6zlemlerinin en \u00f6nemlisini temsil etti\u011fi bilinmektedir. Bu toplant\u0131 Babil&#8217;de da\u011f\u0131lan insanl\u0131\u011f\u0131n tekrar bir araya nas\u0131l getirilebilece\u011fi \u00fczerine bir ad\u0131m olarak da kabul edilebilir, Art\u0131k Babil Kulesi sendromunu a\u015fman\u0131n da vakti gelmi\u015ftir<\/i>\u201d<\/span><\/strong><a title=\"\" name=\"_ftnref1\" href=\"file:\/\/\/D:\/_M%C3%87D\/Z%20-%20YEN%C4%B0%20YAZILAR%202012\/119\/119%20-%20SAYI%20--Abdullah%20--Osman%20%20Biten%2018%2007%202013.doc#_ftn1\"><span style=\"font-size: 12pt; line-height: 150%; font-family: Arial, sans-serif;\"><span style=\"font-size: 12pt; line-height: 115%;\">[1]<\/span><\/span><\/a><strong><span style=\"font-size: 12pt; line-height: 150%; font-family: Arial, sans-serif;\"> dedi\u011fi hat\u0131rlanacakt\u0131r.<\/span><\/strong><\/p>\n<p style=\"margin-bottom: 0.0001pt; text-align: justify; text-indent: 1cm; line-height: 150%;\"><span style=\"font-size: 10pt; line-height: 150%; font-family: Arial, sans-serif;\">Say\u0131n Tayyip Erdo\u011fan\u2019\u0131n s\u00f6z\u00fcn\u00fc etti\u011fi \u201cBabil Sendromu\u201d ya da<strong>&nbsp;&nbsp;<\/strong>\u201cBabil Kulesi Efsanesi\u201d denilen \u015fey, insanl\u0131k ailesinin \u201cbir (b\u00fct\u00fcn)\u201d iken trajik bir bi\u00e7imde par\u00e7alanarak yery\u00fcz\u00fcne da\u011f\u0131l\u0131\u015f efsanesini anlatmaktad\u0131r!..<\/span><\/p>\n<p style=\"margin-bottom: 0.0001pt; text-align: justify; text-indent: 1cm; line-height: 150%;\"><span style=\"font-size: 10pt; line-height: 150%; font-family: Arial, sans-serif;\">Muharref Tevrattaki bu efsaneye g\u00f6re, Tanr\u0131 (!), \u00c2dem\u2019in torunlar\u0131n\u0131n, O\u2019na kar\u015f\u0131 geliyor olmalar\u0131n\u0131 cezaland\u0131rmak i\u00e7in \u2018Babil Kulesi\u2019ni y\u0131km\u0131\u015f ve l\u00e2net olarak da hi\u00e7 kimsenin bir ba\u015fkas\u0131yla anla\u015famamas\u0131 karar\u0131n\u0131 alm\u0131\u015f, insanlar aras\u0131 ileti\u015fimi (-dili) yok etmek i\u00e7in<strong>&nbsp;<\/strong>dillerin \u00e7o\u011falmas\u0131n\u0131 ve birbirlerini anlamamalar\u0131n\u0131 insanlar\u0131n ba\u015f\u0131na bela yapm\u0131\u015ft\u0131. Tufandan sonra (Nuh Tufan\u0131\u2019ndan kurtulan) insanl\u0131\u011f\u0131n \u2018dil\u2019i \u2018bir\u2019, s\u00f6z\u00fc bir iken; kibri y\u00fcz\u00fcnden, Rab ile (!) yar\u0131\u015fa girip, g\u00f6\u011fe ula\u015facak (<i>pi\u015fmi\u015f kerpi\u00e7 ve ziftten g\u00f6klere y\u00fckselen<\/i>) bir \u2018kule\u2019 yapan insano\u011flunun, bu davran\u0131\u015f\u0131n\u0131 Tanr\u0131&nbsp;&nbsp;bir k\u00fcstahl\u0131k saym\u0131\u015f ve \u2018Babil Kulesi\u2019ni y\u0131karak, \u00f6ncesinde \u2018tek dil\u2019 konu\u015fan insanlar\u0131n, dillerini (farkl\u0131la\u015ft\u0131r\u0131p) birbirinden uzakla\u015ft\u0131rm\u0131\u015ft\u0131r! K\u0131saca \u2018Babil Kulesi Efsanesi\u2019, dillerin, insanl\u0131\u011f\u0131n bir daha uzla\u015fmamak \u00fczere Babil Kulesi&#8217;nden ayr\u0131l\u0131p yery\u00fcz\u00fcne da\u011f\u0131ld\u0131\u011f\u0131 \u2018inanc\u0131\u2019 olmaktad\u0131r.<\/span><\/p>\n<p style=\"margin-bottom: 0.0001pt; text-align: justify; text-indent: 1cm; line-height: 150%;\"><span style=\"font-size: 10pt; line-height: 150%; font-family: Arial, sans-serif;\">\u0130\u015fte, tarihte ya\u015fand\u0131\u011f\u0131 ileri s\u00fcr\u00fclen bu hadise, bug\u00fcn yery\u00fcz\u00fcndeki mevcut b\u00fct\u00fcn kavgalar\u0131n ve anla\u015fmazl\u0131klar\u0131n sebebi gibi sunulmakta ve \u2018Babil laneti\u2019 sonras\u0131 ortaya \u00e7\u0131kan da\u011f\u0131lma ayn\u0131 zamanda, \u2018Babil Sendromu\u2019 olarak da tan\u0131mlanmaktad\u0131r.<\/span><\/p>\n<p style=\"margin-bottom: 0.0001pt; text-align: justify; text-indent: 1cm; line-height: 150%;\"><strong><span style=\"font-size: 12pt; line-height: 150%; font-family: Arial, sans-serif; letter-spacing: -0.25pt;\">Babil Sendromu\u2019nun \u00e7\u0131k\u0131\u015f noktas\u0131.<\/span><\/strong><\/p>\n<p style=\"margin-bottom: 0.0001pt; text-align: justify; text-indent: 1cm; line-height: 150%;\"><strong><i><span style=\"font-size: 12pt; line-height: 150%; font-family: Arial, sans-serif;\">K\u00f6keni Yahudilik olan bu inan\u00e7, \u0130slam\u2019da ya da bilimsellikte yerini bulamamakta, Tevrat\u2019ta ise,&nbsp;Babil Kulesi ve dillerin ayr\u0131lmas\u0131 haberi \u015fu \u015fekilde anlat\u0131lmaktad\u0131r:<\/span><\/i><\/strong><\/p>\n<p style=\"margin-bottom: 0.0001pt; text-align: justify; text-indent: 1cm; line-height: 150%;\"><strong><i><span style=\"font-size: 12pt; line-height: 150%; font-family: Arial, sans-serif;\">1- Ba\u015flang\u0131\u00e7ta d\u00fcnyadaki b\u00fct\u00fcn insanlar ayn\u0131 dili konu\u015fur, ayn\u0131 s\u00f6zlerle anla\u015f\u0131rlard\u0131.<\/span><\/i><\/strong><\/p>\n<p style=\"margin-bottom: 0.0001pt; text-align: justify; text-indent: 1cm; line-height: 150%;\"><strong><i><span style=\"font-size: 12pt; line-height: 150%; font-family: Arial, sans-serif;\">2- Do\u011fuya g\u00f6\u00e7erlerken \u015einar b\u00f6lgesinde bir ova bulmu\u015flar ve orada kalm\u0131\u015flard\u0131.<\/span><\/i><\/strong><\/p>\n<p style=\"margin-bottom: 0.0001pt; text-align: justify; text-indent: 1cm; line-height: 150%;\"><strong><i><span style=\"font-size: 12pt; line-height: 150%; font-family: Arial, sans-serif;\">3- Birbirlerine, \u201cGelin tu\u011fla yap\u0131p iyice pi\u015firelim\u201d diyerek, ta\u015f yerine tu\u011fla, har\u00e7 yerine zift kullanm\u0131\u015flard\u0131.<\/span><\/i><\/strong><\/p>\n<p style=\"margin-bottom: 0.0001pt; text-align: justify; text-indent: 1cm; line-height: 150%;\"><strong><i><span style=\"font-size: 12pt; line-height: 150%; font-family: Arial, sans-serif;\">4- Sonra, \u201cKendimize bir kent kural\u0131m\u201d. \u201cG\u00f6klere eri\u015fecek bir kule dikip \u00fcn salal\u0131m. B\u00f6ylece yery\u00fcz\u00fcne da\u011f\u0131lmay\u0131z.\u201d (Birlikte ya\u015far\u0131z, karar\u0131 alm\u0131\u015flard\u0131.)<\/span><\/i><\/strong><\/p>\n<p style=\"margin-bottom: 0.0001pt; text-align: justify; text-indent: 1cm; line-height: 150%;\"><strong><i><span style=\"font-size: 12pt; line-height: 150%; font-family: Arial, sans-serif;\">5- RAB insanlar\u0131n yapt\u0131\u011f\u0131 kenti ve kuleyi g\u00f6rmek i\u00e7in a\u015fa\u011f\u0131 inip yapt\u0131klar\u0131na bakt\u0131.<\/span><\/i><\/strong><\/p>\n<p style=\"margin-bottom: 0.0001pt; text-align: justify; text-indent: 1cm; line-height: 150%;\"><strong><i><span style=\"font-size: 12pt; line-height: 150%; font-family: Arial, sans-serif;\">6- ve \u015f\u00f6yle dedi: \u201cTek bir halk olup ayn\u0131 dili konu\u015farak bunu yapmaya ba\u015flad\u0131klar\u0131na g\u00f6re d\u00fc\u015f\u00fcnd\u00fcklerini ger\u00e7ekle\u015ftirecek, hi\u00e7bir engel tan\u0131mayacaklar.\u201d Bunun \u00fczerine:<\/span><\/i><\/strong><\/p>\n<p style=\"margin-bottom: 0.0001pt; text-align: justify; text-indent: 1cm; line-height: 150%;\"><strong><i><span style=\"font-size: 12pt; line-height: 150%; font-family: Arial, sans-serif;\">7- \u201cGelin, a\u015fa\u011f\u0131 inip dillerini kar\u0131\u015ft\u0131ral\u0131m ki birbirini anlamas\u0131nlar.\u201d buyurmu\u015flard\u0131.<\/span><\/i><\/strong><\/p>\n<p style=\"margin-bottom: 0.0001pt; text-align: justify; text-indent: 1cm; line-height: 150%;\"><strong><i><span style=\"font-size: 12pt; line-height: 150%; font-family: Arial, sans-serif;\">8- B\u00f6ylece RAB onlar\u0131 yery\u00fcz\u00fcne da\u011f\u0131tarak kentin yap\u0131m\u0131n\u0131 akamete u\u011fratm\u0131\u015ft\u0131.<\/span><\/i><\/strong><\/p>\n<p style=\"margin-bottom: 0.0001pt; text-align: justify; text-indent: 1cm; line-height: 150%;\"><strong><i><span style=\"font-size: 12pt; line-height: 150%; font-family: Arial, sans-serif;\">9- Bu nedenle kente Babil ad\u0131 tak\u0131ld\u0131. \u00c7\u00fcnk\u00fc RAB b\u00fct\u00fcn insanlar\u0131n dilini orada kar\u0131\u015ft\u0131rd\u0131 ve onlar\u0131 yery\u00fcz\u00fcn\u00fcn d\u00f6rt buca\u011f\u0131na da\u011f\u0131tt\u0131 (Tevrat\/Tekvin\/Yarat\u0131l\u0131\u015f Kitab\u0131 11).<\/span><\/i><\/strong><\/p>\n<p style=\"margin-bottom: 0.0001pt; text-align: justify; text-indent: 1cm; line-height: 150%;\"><strong><i><span style=\"font-size: 12pt; line-height: 150%; font-family: Arial, sans-serif;\">Tahrif edilmi\u015f Tevrat\u2019a g\u00f6re, dillerin \u00e7o\u011falmas\u0131 b\u00f6yle ortaya \u00e7\u0131km\u0131\u015f, o g\u00fcne dek huzur ve bolluk i\u00e7inde bir arada ya\u015fayan insano\u011flu, b\u00f6l\u00fcn\u00fcp par\u00e7alanm\u0131\u015f, birbirinden farkl\u0131 dillerde konu\u015fmaya, bunun y\u00fcz\u00fcnden de birbirleriyle \u00e7at\u0131\u015fmaya ve kavgaya ba\u015flam\u0131\u015flard\u0131r! \u0130\u015fte bu hadise, insanl\u0131k tarihine \u2018kaos\u2019un sembol\u00fc olarak yaz\u0131lm\u0131\u015f, dolay\u0131s\u0131yla da bu \u2018sorun\u2019un \u00e7\u00f6z\u00fcm\u00fc (\u00e7at\u0131\u015fman\u0131n sonu), ayn\u0131 zamanda \u2018huzur\u2019un ba\u015flang\u0131c\u0131 olaca\u011f\u0131 varsay\u0131lm\u0131\u015ft\u0131r.<\/span><\/i><\/strong><\/p>\n<p style=\"margin-bottom: 0.0001pt; text-align: justify; text-indent: 1cm; line-height: 150%;\"><span style=\"font-size: 10pt; line-height: 150%; font-family: Arial, sans-serif;\">Oysa Tevrat\u2019\u0131n bildirdi\u011fi bu haber uydurmacad\u0131r. \u00c7\u00fcnk\u00fc, b\u00fct\u00fcn dillerin Babil Kulesi\u2019nden da\u011f\u0131ld\u0131\u011f\u0131 (do\u011fdu\u011fu) iddias\u0131, \u00c2dem (a.s.) neslinin konu\u015faca\u011f\u0131 dillerin genetik yollarla kodlanma ger\u00e7e\u011fine ayk\u0131r\u0131d\u0131r. B\u0131rak\u0131n \u0130slam\u2019\u0131n\/bilimin bu haberi tekzip etmesini, Tevrat\u2019\u0131n kendisi bile, Tekvin\/10\u2019undaki haberi ile Babil Kulesi Efsanesi\u2019ni yalanlamaktad\u0131r. \u00c7\u00fcnk\u00fc Tekvin\/10\u2019da, dillerin do\u011fmas\u0131n\u0131n Babil Kulesinden \u00f6nce oldu\u011fu kay\u0131tl\u0131d\u0131r. \u201cYarat\u0131l\u0131\u015f 10\u201d b\u00f6l\u00fcm\u00fcnde ise; Tufan\u2019dan sonra Nuh\u2019un o\u011fullar\u0131n\u0131n d\u00fcnyaya yay\u0131lmas\u0131ndan s\u00f6z edilirken, Yafes\u2019in soyu ile ilgili olarak, \u2018Memleketlerden her biri diline g\u00f6re, milletlerinde kabilelere g\u00f6re, milletlerin adalar\u0131 bunlardan b\u00f6l\u00fcnd\u00fcler\u2019 (10:5) denmekte ve Ham (10:20) ile Sam (10:31) o\u011fullar\u0131ndan s\u00f6z edilirken neredeyse benzer s\u00f6zlerle bu safsata tekrarlanmaktad\u0131r.<\/span><\/p>\n<p style=\"margin-bottom: 0.0001pt; text-align: justify; text-indent: 1cm; line-height: 150%;\"><strong><span style=\"font-size: 10pt; line-height: 150%; font-family: Arial, sans-serif;\">Tek dil ve tek din \u00f6zlemi Siyonizm\u2019in h\u00e2kimiyet arac\u0131d\u0131r!<\/span><\/strong><\/p>\n<p style=\"margin-bottom: 0.0001pt; text-align: justify; text-indent: 1cm; line-height: 150%;\"><span style=\"font-size: 10pt; line-height: 150%; font-family: Arial, sans-serif;\">Sorun, neden dillerin \u00e7o\u011falmas\u0131 (ayr\u0131mlanmas\u0131) \u2018u\u011fursuzluk (lanet)\u2019 olarak alg\u0131lans\u0131nd\u0131? Ya da insanl\u0131k-uygarl\u0131k, dillerin \u00e7o\u011fullu\u011fundan neden olumsuz etkilenecek de \u00e7at\u0131\u015fs\u0131nd\u0131. Ya da insanlar\u0131n \u00e7at\u0131\u015fmalar\u0131n\u0131n sebebi dillerin \u00e7ok olmas\u0131 m\u0131yd\u0131? Bu sorular\u0131n olumlu (bilimsel) bir cevab\u0131 olamazd\u0131. Yani dillerin \u00e7ok olmas\u0131 \u00e7at\u0131\u015fma sebebi say\u0131lmazd\u0131. <\/span><\/p>\n<p style=\"margin-bottom: 0.0001pt; text-align: justify; text-indent: 1cm; line-height: 150%;\"><span style=\"font-size: 10pt; line-height: 150%; font-family: Arial, sans-serif;\">Ba\u015fbakan Erdo\u011fan\u2019\u0131n hat\u0131rlatt\u0131\u011f\u0131, Babil Kulesi Sendromu\u2019nu a\u015fma \u00f6zlemi, Babil Kulesi\u2019nden da\u011f\u0131ld\u0131\u011f\u0131na inan\u0131lan insanl\u0131\u011f\u0131n (dillerin-dinlerin), tekrar bir araya getirilmesi (birle\u015ftirilmesi) isteklerinden ba\u015fka bir \u015fey say\u0131lmazd\u0131. Babil Kulesi Sendromu\u2019nun Yahudilerin bir \u00f6ng\u00f6r\u00fcs\u00fc oldu\u011funu g\u00f6z \u00f6n\u00fcne ald\u0131\u011f\u0131m\u0131zda, \u201ctek dil (-tek din)\u201d \u00f6zleminin, neyin ve kimin i\u00e7in oldu\u011fu (arka plan\u0131) ortaya \u00e7\u0131kmaktayd\u0131.<\/span><\/p>\n<p style=\"margin-bottom: 0.0001pt; text-align: justify; text-indent: 1cm; line-height: 150%;\"><strong><span style=\"font-size: 12pt; line-height: 150%; font-family: Arial, sans-serif;\">O halde, dillerin (-dinlerin) birle\u015fmesi ya da Babil Kulesi\u2019ni yeniden in\u015fa etmek imk\u00e2n\u0131 var m\u0131yd\u0131?<\/span><\/strong><\/p>\n<p style=\"margin-bottom: 0.0001pt; text-align: justify; text-indent: 1cm; line-height: 150%;\"><strong><span style=\"font-size: 10pt; line-height: 150%; font-family: Arial, sans-serif;\">Bu sorun (<i>Babil Sendromu denilmesi ile anlat\u0131lmak istenen \u015fey<\/i>),&nbsp;&nbsp;art\u0131k Avrupa Birli\u011fi\u2019nde de s\u0131k\u00e7a kullan\u0131lan bir tabir halini alm\u0131\u015f bulunuyor. Dillerin \u00e7ok \u00e7e\u015fitli olmas\u0131n\u0131n \u2018mali k\u00fclfet\u2019 getirdi\u011finden s\u00f6z ediliyor, \u201c<i>Birli\u011fin birbirini anlamak i\u00e7in bu y\u0131l harcayaca\u011f\u0131 para, 665 milyon dolar. Son geni\u015flemeyle \u00e7eviri masraflar\u0131 y\u0131ll\u0131k 1 milyar Euro\u2019ya \u00e7\u0131kt\u0131. Her y\u0131l \u00e7evrilmesi gereken sayfalar\u0131n say\u0131s\u0131 2006&#8217;da 2.4 milyona \u00e7\u0131kacak. Ve tabii AB&#8217;nin \u00e7evirmen ordusu, teorik olarak 380 olas\u0131 dil kombinasyonu yaratmak i\u00e7in cebelle\u015fecek. Birli\u011fin 80 bin sayfay\u0131 bulan yasal m\u00fcfredat\u0131, her g\u00fcn yap\u0131lan seminerler, toplant\u0131lar vs.&#8217;nin her dile yaz\u0131l\u0131 ve s\u00f6zl\u00fc olarak \u00e7evrilmesi derken, bu \u00f6zg\u00fcrl\u00fc\u011fe b\u00fcrokrasi dayan\u0131r m\u0131 bilinmez<\/i>..\u201d deniliyor<\/span><\/strong><a title=\"\" name=\"_ftnref2\" href=\"file:\/\/\/D:\/_M%C3%87D\/Z%20-%20YEN%C4%B0%20YAZILAR%202012\/119\/119%20-%20SAYI%20--Abdullah%20--Osman%20%20Biten%2018%2007%202013.doc#_ftn2\"><span style=\"font-size: 12pt; line-height: 150%; font-family: Arial, sans-serif;\"><span style=\"font-size: 12pt; line-height: 115%;\">[2]<\/span><\/span><\/a><strong><sup><span style=\"font-size: 10pt; line-height: 150%; font-family: Arial, sans-serif;\">.<\/span><\/sup><\/strong><strong><span style=\"font-size: 10pt; line-height: 150%; font-family: Arial, sans-serif;\"> Bu \u2018Kaos\u2019a (<i>Babil Kulesi Sendromu\u2019na<\/i>) \u00e7\u00f6z\u00fcm, AB ile de g\u00fcndeme gelmi\u015f bulunuyor. AB\u2019nin, \u2018Babil Kulesi\u2019 sendromunu a\u015fmaya \u00e7al\u0131\u015ft\u0131\u011f\u0131ndan s\u00f6z ediliyor,&nbsp;resmi dil say\u0131s\u0131n\u0131n yeni kat\u0131l\u0131mlarla 20\u2019ye \u00e7\u0131kt\u0131\u011f\u0131, dil karma\u015fas\u0131n\u0131n maliyet art\u0131\u015f\u0131na sebebiyet verdi\u011fi, bu sorunun&nbsp;a\u015f\u0131labilmesi i\u00e7in de&nbsp;(<i>bu kadar \u00e7ok say\u0131da dilin konu\u015fuldu\u011fu bir ortam\u0131n &#8216;Babil Kulesi&#8217;ne d\u00f6nmemesi i\u00e7in<\/i>)&nbsp;bir \u201cresmi dilin (-tek dil)\u201d se\u00e7ilmesi gerekti\u011finden s\u00f6z ediliyor.&nbsp;&nbsp;\u2018Babil\u2019 \u00f6rne\u011fini yads\u0131rcas\u0131na dillerin \u00e7e\u015fitlili\u011fini benimsemi\u015f bir yap\u0131 olan AB\u2019de, art\u0131k \u2018\u00e7ok dillilik\u2019 b\u00fcy\u00fck bir sorun olarak g\u00f6r\u00fcl\u00fcyor. Kimileri \u201cresmi (tek) dil\u201d sorununu Esperantoyu yeniden g\u00fcndeme getirerek \u00e7\u00f6zebileceklerini s\u00f6yleseler de, as\u0131l ama\u00e7 belli, y\u0131k\u0131lan Babil Kulesi (!) \u00f6ncesi kullan\u0131lan \u2018ata dil\u2019e d\u00f6n\u00fclmek isteniyor. AB\u2019deki mali k\u00fclfet sorunu asl\u0131nda, Babil Kulesi\u2019nin yeniden in\u015f\u00e2s\u0131, \u2018k\u00fcreselciler\u2019in dillerin birle\u015fmesi, \u201ctek (evrensel) dil\u201d olmas\u0131 \u00f6zlemleri oluyor. <i>Yani Siyonizm\u2019in h\u00e2kim oldu\u011fu bir d\u00fcnyada, k\u00fcresel k\u00f6leler ayn\u0131 dili kullans\u0131n, ayn\u0131 bat\u0131l dine (Siyonizm\u2019e) inans\u0131n diye beyinler y\u0131kan\u0131yordu.<\/i><\/span><\/strong><\/p>\n<p style=\"margin-bottom: 0.0001pt; text-align: justify; text-indent: 1cm; line-height: 150%;\"><strong><span style=\"font-size: 10pt; line-height: 150%; font-family: Arial, sans-serif;\">Bu \u2018inan\u00e7\u2019 y\u00fcz\u00fcnden \u2018tarih\u2019 yeniden kurgulan\u0131yordu. K\u00fcresel (ideolojik) akt\u00f6rlerden Samuel Huntington\u2019un ve Francis Fukuyama\u2019n\u0131n, \u201cTarihin (G\u00fcnlerin) Sonu\u201dnu \u00f6nermelerinin ya da Alt\u0131n \u00c7a\u011f beklentilerinin sebebi de bu, ula\u015f\u0131lacak \u201cilk ata dil\u201d ve \u201cilk ata din\u201de d\u00f6n\u00fc\u015f \u00f6zlemi oluyordu<\/span><\/strong><span style=\"font-size: 10pt; line-height: 150%; font-family: Arial, sans-serif;\">.<\/span><\/p>\n<p style=\"margin-bottom: 0.0001pt; text-align: justify; text-indent: 1cm; line-height: 150%;\"><span style=\"font-size: 10pt; line-height: 150%; font-family: Arial, sans-serif;\">\u0130yi de, ba\u015flang\u0131\u00e7ta huzur ve bolluk i\u00e7inde bir arada ya\u015fayan \u00c2demo\u011fullar\u0131n\u0131n, dillerin ayr\u0131lmas\u0131 sonucu par\u00e7alanmas\u0131ndan (<i>birbirinden farkl\u0131 dillerde konu\u015fmaya ba\u015flamalar\u0131ndan<\/i>) sonra tekrar \u201cayn\u0131 (ata) dile\u201d d\u00f6nme imk\u00e2n\u0131 var m\u0131yd\u0131? &nbsp;<strong>Ya da hangi Tanr\u0131\u2019ya ve hangi dine inanacaklard\u0131?<\/strong>&nbsp;Bir ba\u015fka \u015fekilde sorarsak da<strong>, \u2018k\u00fcreselle\u015fme\u2019nin amac\u0131 olan<\/strong>&nbsp;<strong>Babil Kulesi\u2019ni yeniden in\u015f\u00e2s\u0131 Deccalin- \u015eeytan\u0131n h\u00fck\u00fcmranl\u0131\u011f\u0131 m\u0131yd\u0131?<\/strong><\/span><\/p>\n<p style=\"margin-bottom: 0.0001pt; text-align: justify; text-indent: 1cm; line-height: 150%;\"><span style=\"font-size: 10pt; line-height: 150%; font-family: Arial, sans-serif;\">Siyonist bilim adam\u0131 Yehezkel Landau ile, \u0130stanbul\u2019da yap\u0131lan, \u201c<i>\u00c7ok K\u00fclt\u00fcrl\u00fc Bir D\u00fcnyada \u0130manl\u0131, Anlaml\u0131 ve Bar\u0131\u015f \u0130\u00e7inde Ya\u015fama Prati\u011fi: Risale-i Nur Yakla\u015f\u0131m\u0131<\/i>\u201d ba\u015fl\u0131kl\u0131 uluslararas\u0131 sempozyum s\u0131ras\u0131nda, \u201c<i>Yahudilerin \u00fcst\u00fcnl\u00fck kompleksi olmamal\u0131. \u2018Se\u00e7ilmi\u015flik\u2019 fikrinin anlam\u0131; eski zamanlarda Sina Da\u011f\u0131\u2019nda Tanr\u0131 \u0130srail kavmiyle, onlar\u0131 M\u0131s\u0131r\u2019dan kurtard\u0131ktan sonra bir anla\u015fma yapt\u0131: \u2018Siz benim tek ve do\u011fru Tanr\u0131 oldu\u011fuma \u015fahitlik edecek&nbsp;<strong>\u00f6zel kavmimsiniz<\/strong>.\u2019\u2026sonra&#8230; H\u0131ristiyanlar ayn\u0131 fikirle geldiler. Ard\u0131ndan \u0130slam geldi. Yahudilerin art\u0131k \u00f6zelli\u011fi kalmam\u0131\u015ft\u0131. Ama asl\u0131nda vard\u0131. \u00c7\u00fcnk\u00fc onlar ilk tek tanr\u0131l\u0131 din olarak se\u00e7ilmi\u015flerdi. \u2018Se\u00e7ilmi\u015flik\u2019 denince hepsi bu. Ailede ba\u015fka karde\u015fler de var. Biz sadece ilk do\u011fmu\u015f karde\u015fiz. Anne ve baba, \u00e7ocuklar\u0131 aras\u0131nda ayr\u0131m yapabilir mi?<\/i>\u201d demesi<\/span><a title=\"\" name=\"_ftnref3\" href=\"file:\/\/\/D:\/_M%C3%87D\/Z%20-%20YEN%C4%B0%20YAZILAR%202012\/119\/119%20-%20SAYI%20--Abdullah%20--Osman%20%20Biten%2018%2007%202013.doc#_ftn3\"><span style=\"font-size: 9pt; line-height: 150%; font-family: Arial, sans-serif;\"><span style=\"font-size: 9pt; line-height: 115%;\">[3]<\/span><\/span><\/a><span style=\"font-size: 10pt; line-height: 150%; font-family: Arial, sans-serif;\">, <strong><i>ile Recep T. Erdo\u011fan\u2019\u0131n Hatay Medeniyetler bulu\u015fmas\u0131ndaki temennileri ortakt\u0131, \u00e7\u00fcnk\u00fc ayn\u0131 merkezlerin plan\u0131yd\u0131.<\/i><\/strong><\/span><\/p>\n<p style=\"margin-bottom: 0.0001pt; text-align: justify; text-indent: 1cm; line-height: 150%;\"><strong><span style=\"font-size: 10pt; line-height: 150%; font-family: Arial, sans-serif;\">M\u00fcsl\u00fcman kalarak Yahudi\u2019nin istedi\u011fi y\u00f6nde de\u011fi\u015fmek imk\u00e2ns\u0131zd\u0131!<\/span><\/strong><\/p>\n<p style=\"margin-bottom: 0.0001pt; text-align: justify; text-indent: 1cm; line-height: 150%;\"><span style=\"font-size: 10pt; line-height: 150%; font-family: Arial, sans-serif;\">1.HATAY \u201cMedeniyetler Bulu\u015fmas\u0131\u201dn\u0131n a\u00e7\u0131l\u0131\u015f konu\u015fmas\u0131nda k\u00fcreselle\u015fme konusuna da de\u011finen Ba\u015fbakan Erdo\u011fan, <i>\u2018<strong>K\u00fcreselle\u015fmeye kar\u015f\u0131 kategorik reddedi\u015f \u00e7a\u011fr\u0131lar\u0131n\u0131n kar\u015f\u0131l\u0131ks\u0131z kalmaya mahk\u00fbm oldu\u011funu\u2019 <\/strong><\/i>s\u00f6ylemesinin yan\u0131nda<strong>, <i>\u201ctarih \u00e7evrimsel bir hat \u00fczerinde sanki tekrar ba\u015fa d\u00f6n\u00fcyor,&nbsp;insanl\u0131k binlerce y\u0131l aradan sonra yeniden ayn\u0131 dili konu\u015fan tek bir aile, yery\u00fcz\u00fc tek bir co\u011frafyaya d\u00f6n\u00fc\u015f\u00fcyor\u201d <\/i><\/strong>demi\u015f<\/span><a title=\"\" name=\"_ftnref4\" href=\"file:\/\/\/D:\/_M%C3%87D\/Z%20-%20YEN%C4%B0%20YAZILAR%202012\/119\/119%20-%20SAYI%20--Abdullah%20--Osman%20%20Biten%2018%2007%202013.doc#_ftn4\"><span style=\"font-size: 12pt; line-height: 150%; font-family: Arial, sans-serif;\"><span style=\"font-size: 12pt; line-height: 115%;\">[4]<\/span><\/span><\/a><span style=\"font-size: 10pt; line-height: 150%; font-family: Arial, sans-serif;\">. Say\u0131n Erdo\u011fan, Huntington ve Fukayama ile ayn\u0131 tezleri payla\u015fm\u0131\u015ft\u0131.<\/span><\/p>\n<p style=\"margin-bottom: 0.0001pt; text-align: justify; text-indent: 1cm; line-height: 150%;\"><span style=\"font-size: 10pt; line-height: 150%; font-family: Arial, sans-serif;\">Tayyip Bey\u2019in, \u2018<i>Yeniden ayn\u0131 dili konu\u015fan tek bir aile\u2019<\/i>&nbsp;\u00f6zleminin Siyonistlerin Babil Sendromu oldu\u011fu a\u00e7\u0131kt\u0131. Bu bat\u0131l inanc\u0131, Say\u0131n Tayyip Erdo\u011fan\u2019dan yakla\u015f\u0131k 2 sene \u00f6nce, Amerika\u2019dan (<i>1997-2000 aras\u0131nda Washington&#8217;da haber kovalay\u0131p gelen adam<\/i>), halen bas\u0131n dan\u0131\u015fman\u0131 (s\u00f6zc\u00fcs\u00fc), Bay Mehmet Akif Beki de yazm\u0131\u015ft\u0131.<\/span><\/p>\n<p style=\"margin-bottom: 0.0001pt; text-align: justify; text-indent: 1cm; line-height: 150%;\"><span style=\"font-size: 10pt; line-height: 150%; font-family: Arial, sans-serif;\">Siyonistlerin ve i\u015fbirlik\u00e7i siyaset\u00e7ilerin \u00f6n\u00fcm\u00fcze koydu\u011fu bu hurafeyi, \u201c<i>dinler aras\u0131 diyalog<\/i>\u201du savunan <i>\u0131l\u0131ml\u0131 ve g\u00e2vurlara ba\u011f\u0131ml\u0131 \u0130slamc\u0131lar da<\/i> ho\u015f g\u00f6r\u00fcyor (!), \u201c\u2026<i>insanl\u0131\u011f\u0131n durumu Babil\u2019den d\u00fcnyaya da\u011f\u0131lanlardan \u00e7ok da farkl\u0131 de\u011fil. Farkl\u0131 diller ve k\u00fclt\u00fcrler zenginlik de\u011fil bir \u00e7at\u0131\u015fma nedeni olarak kabul ediliyor. Bir dinin ya da k\u00fclt\u00fcr\u00fcn \u00fcst\u00fcn oldu\u011fu, di\u011ferlerinin yanl\u0131\u015fl\u0131\u011f\u0131 \u00fczerine politikalar geli\u015ftiriliyor. Bu a\u00e7\u0131dan bak\u0131ld\u0131\u011f\u0131nda Hatay&#8217;da pazar ak\u015fam\u0131 Ba\u015fbakan Erdo\u011fan&#8217;\u0131n a\u00e7\u0131l\u0131\u015f\u0131n\u0131 yapt\u0131\u011f\u0131 Medeniyetler Bulu\u015fmas\u0131 Toplant\u0131s\u0131, Babil\u2019de da\u011f\u0131lan insanl\u0131\u011f\u0131n tekrar bir araya nas\u0131l getirilebilece\u011fi \u00fczerine bir ad\u0131m olarak da kabul edilebilir<\/i>.\u201d deniyordu<\/span><a title=\"\" name=\"_ftnref5\" href=\"file:\/\/\/D:\/_M%C3%87D\/Z%20-%20YEN%C4%B0%20YAZILAR%202012\/119\/119%20-%20SAYI%20--Abdullah%20--Osman%20%20Biten%2018%2007%202013.doc#_ftn5\"><span style=\"font-size: 12pt; line-height: 150%; font-family: Arial, sans-serif;\"><span style=\"font-size: 12pt; line-height: 115%;\">[5]<\/span><\/span><\/a><span style=\"font-size: 10pt; line-height: 150%; font-family: Arial, sans-serif;\">. Peki, \u201cBen M\u00fcsl\u00fcman\u0131m\u201d diyen insanlar, bu Yahudi safsatalar\u0131na nas\u0131l inan\u0131p kutsal bir ideoloji gibi savunabiliyordu?<\/span><\/p>\n<p style=\"margin-bottom: 0.0001pt; text-align: justify; text-indent: 1cm; line-height: 150%;\"><strong><span style=\"font-size: 12pt; line-height: 150%; font-family: Arial, sans-serif;\">Ba\u015fbakan Erdo\u011fan, uygulamadaki aksakl\u0131klar konusunda uyar\u0131da bulunan (AB\u2019den) Verheugen\u2019e, \u201cBu alandaki eksikliklerimizin bilincindeyiz. Ancak uygulama bir zihinsel d\u00f6n\u00fc\u015f\u00fcm s\u00fcrecidir. Zaman al\u0131r\u201d<\/span><\/strong><a title=\"\" name=\"_ftnref6\" href=\"file:\/\/\/D:\/_M%C3%87D\/Z%20-%20YEN%C4%B0%20YAZILAR%202012\/119\/119%20-%20SAYI%20--Abdullah%20--Osman%20%20Biten%2018%2007%202013.doc#_ftn6\"><span style=\"font-size: 12pt; line-height: 150%; font-family: Arial, sans-serif;\"><span style=\"font-size: 12pt; line-height: 115%;\">[6]<\/span><\/span><\/a><strong><span style=\"font-size: 12pt; line-height: 150%; font-family: Arial, sans-serif;\"> diyordu.&nbsp;\u0130yi de, \u201c<i>zihinsel d\u00f6n\u00fc\u015f\u00fcm<\/i>\u201d ne anlama geliyordu ve kim kimin i\u00e7in ne yap\u0131yordu? Kur\u2019an, insanl\u0131\u011f\u0131n, K\u0131yamet an\u0131na kadar bir\/b\u00fct\u00fcn (tek) olamayaca\u011f\u0131n\u0131 bildirmesine ra\u011fmen, \u0130mam Hatip mezunu Say\u0131n Tayip Erdo\u011fan, Tevrat\u2019\u0131n kendi i\u00e7erisinde bile \u201ctutarl\u0131\u201d olmayan Babil Sendromu haberini, neden insanl\u0131k, dolay\u0131s\u0131yla da biz M\u00fcsl\u00fcmanlar (!) i\u00e7in \u2018\u00f6zlem\u2019 olarak \u00f6ng\u00f6r\u00fcyor ve bunun havarili\u011fini \u00fcstleniyordu?<\/span><\/strong><\/p>\n<p style=\"margin-bottom: 0.0001pt; text-align: justify; text-indent: 1cm; line-height: 150%;\"><span style=\"font-size: 10pt; line-height: 150%; font-family: Arial, sans-serif;\">Tayyip Bey i\u00e7in (<i>hurafe dolu<\/i>) kitap\u00e7\u0131k yazan, \u015fimdiki s\u00f6zc\u00fcs\u00fc M. Akif Beki, \u201c<i>Tayyip Erdo\u011fan ad\u0131 etraf\u0131ndaki tart\u0131\u015fmalar d\u00f6n\u00fcp dola\u015f\u0131p zihniyet d\u00f6n\u00fc\u015f\u00fcm\u00fc\u2019 ve \u2018niyet sorgulamas\u0131\u2019 noktas\u0131nda d\u00fc\u011f\u00fcmleniyordu. Asl\u0131nda daha derinlerde Tayyip Erdo\u011fan \u00fczerinden \u2018\u0130slamc\u0131 idealler\u2019in terk edilip edilmedi\u011fi tart\u0131\u015f\u0131ld\u0131\u011f\u0131nda, \u2018<strong>H\u00e2l\u00e2 M\u00fcsl\u00fcman kalarak bu y\u00f6nde de\u011fi\u015fmek m\u00fcmk\u00fcn m\u00fc?<\/strong>.. Sorusu kafalar\u0131 kurcal\u0131yordu. E\u011fer do\u011fruysa, do\u011fdu\u011fu g\u00fcnden bu yana Ortodoks \u0130slam yorumu \u00e7izgisinde ya\u015fanan en derin k\u0131r\u0131lmaya tan\u0131k oluyoruz demektir.&nbsp;<strong>Ve Tayyip Erdo\u011fan, bu k\u0131r\u0131lmay\u0131 temsil eden en \u00f6nemli fenomen olarak kar\u015f\u0131m\u0131zda duruyor<\/strong><\/i>.\u201d diyordu<\/span><a title=\"\" name=\"_ftnref7\" href=\"file:\/\/\/D:\/_M%C3%87D\/Z%20-%20YEN%C4%B0%20YAZILAR%202012\/119\/119%20-%20SAYI%20--Abdullah%20--Osman%20%20Biten%2018%2007%202013.doc#_ftn7\"><span style=\"font-size: 12pt; line-height: 150%; font-family: Arial, sans-serif;\"><span style=\"font-size: 12pt; line-height: 115%;\">[7]<\/span><\/span><\/a><span style=\"font-size: 10pt; line-height: 150%; font-family: Arial, sans-serif;\">. Bu tespiti ile de, Tayyip Erdo\u011fan fenomeninin, geleneksel \u0130slam\u2019\u0131 de\u011fi\u015ftirdi\u011fini, \u0130slam\u2019\u0131 bir ba\u015fka \u0130slam olarak ortaya koydu\u011funu (-<i>lightla\u015ft\u0131rd\u0131\u011f\u0131n\u0131, Protestanla\u015ft\u0131rd\u0131\u011f\u0131n\u0131<\/i>) itiraf ediyordu. Yani <strong>\u0130slam\u2019\u0131n ayd\u0131nl\u0131k y\u00fcz\u00fcnden, bilimd\u0131\u015f\u0131l\u0131\u011f\u0131n karanl\u0131k g\u00fcn\u00fcne ge\u00e7iliyordu!<\/strong><\/span><\/p>\n<p style=\"margin-bottom: 0.0001pt; text-align: justify; text-indent: 1cm; line-height: 150%;\"><strong><span style=\"font-size: 12pt; line-height: 150%; font-family: Arial, sans-serif;\">\u0130nsan akl\u0131, bu kadar keskin d\u00f6n\u00fc\u015f yapamayaca\u011f\u0131na g\u00f6re, neler oluyordu?<\/span><\/strong><\/p>\n<p style=\"margin-bottom: 0.0001pt; text-align: justify; text-indent: 1cm; line-height: 150%;\"><span style=\"font-size: 10pt; line-height: 150%; font-family: Arial, sans-serif;\">Bir peygamberle s\u0131radan bir insan aras\u0131ndan kurulan paralellik i\u00e7in;&nbsp;\u201cSa\u011fduyu sahibi olanlar ve olaylara mant\u0131kl\u0131 yakla\u015fanlar. Hz Musa ile Erdo\u011fan aras\u0131nda ne alaka var? Diye sormakta hakl\u0131yd\u0131. Do\u011frudur.. Hz. Musa, Tayip Erdo\u011fan gibi Bat\u0131l din mensuplar\u0131yla ittifaka girmek i\u00e7in mi u\u011fra\u015fm\u0131\u015ft\u0131? Hay\u0131r! Hz. Musa bat\u0131l din mensuplar\u0131na taviz \u00fcst\u00fcne taviz mi sunmu\u015flard\u0131? Hay\u0131r! Hz. Musa kendi \u015fahsi \u00e7\u0131karlar\u0131 i\u00e7in m\u00fc\u015friklerin her dedi\u011fini yapm\u0131\u015f m\u0131yd\u0131? Hay\u0131r! Hz. Musa\u2019n\u0131n hayat\u0131nda \u2018Papa 10. Innocent gibi bir \u015firk ehlinin heykelinin \u00f6n\u00fcnde ha\u00e7l\u0131 anayasas\u0131na imza atmak\u2019 gibi bir olay var m\u0131yd\u0131? Hay\u0131r! Hz. Musa\u2019n\u0131n hayat\u0131nda d\u00f6nemin emperyalist g\u00fc\u00e7lerine kar\u015f\u0131 boyun e\u011fmek var m\u0131yd\u0131? Hay\u0131r!\u201d<\/span><a title=\"\" name=\"_ftnref8\" href=\"file:\/\/\/D:\/_M%C3%87D\/Z%20-%20YEN%C4%B0%20YAZILAR%202012\/119\/119%20-%20SAYI%20--Abdullah%20--Osman%20%20Biten%2018%2007%202013.doc#_ftn8\"><span style=\"font-size: 12pt; line-height: 150%; font-family: Arial, sans-serif;\"><span style=\"font-size: 12pt; line-height: 115%;\">[8]<\/span><\/span><\/a><sup><span style=\"font-size: 10pt; line-height: 150%; font-family: Arial, sans-serif;\">.<\/span><\/sup><\/p>\n<p style=\"margin-bottom: 0.0001pt; text-align: justify; text-indent: 1cm; line-height: 150%;\"><span style=\"font-size: 10pt; line-height: 150%; font-family: Arial, sans-serif;\">Say\u0131n Tayyip Erdo\u011fan ve Onun gibi Milli G\u00f6r\u00fc\u015ften kaytaranlar, AKP\u2019nin kurulu\u015funa kadar kamuoyunda, \u0130slami hassasiyeti olan ki\u015filer olarak tan\u0131nm\u0131\u015ft\u0131. \u0130slami kimliklerini \u00f6ne \u00e7\u0131kard\u0131klar\u0131 i\u00e7in de sevilip, umut ba\u011flanm\u0131\u015flard\u0131. AKP ile birlikte, \u0130slami hassasiyetlerini \u00b4kald\u0131rd\u0131lar\u00b4, y\u0131llarca savunduklar\u0131n\u0131 ink\u00e2ra kalk\u0131\u015ft\u0131lar. \u0130nsan akl\u0131, bu kadar keskin d\u00f6n\u00fc\u015f yapamayaca\u011f\u0131na g\u00f6re, neler olmaktayd\u0131?<\/span><\/p>\n<p style=\"margin-bottom: 0.0001pt; text-align: justify; text-indent: 1cm; line-height: 150%;\"><span style=\"font-size: 10pt; line-height: 150%; font-family: Arial, sans-serif;\">Tayyip Erdo\u011fan ve Abdullah G\u00fcl gibilerin (- ve di\u011ferlerinin) cevaplamalar\u0131 gereken soru \u015fuydu: M\u00fcsl\u00fcmanl\u0131k, d\u00fcn de bug\u00fcn de farkl\u0131 anla\u015f\u0131lamayaca\u011f\u0131na g\u00f6re bu de\u011fi\u015fim ve d\u00f6n\u00fc\u015f\u00fcm neyi ama\u00e7lam\u0131\u015ft\u0131?<\/span><\/p>\n<p style=\"margin-bottom: 0.0001pt; text-align: justify; text-indent: 1cm; line-height: 150%;\"><span style=\"font-size: 10pt; line-height: 150%; font-family: Arial, sans-serif;\">Medeniyetler bulu\u015fmas\u0131n\u0131n ger\u00e7ekle\u015ftiren Hatay\u2019\u0131n, Valisi Abd\u00fclkadir Sar\u0131 Bey ile di\u011fer zevat\u0131, kentin sorunlar\u0131na \u00e7\u00f6z\u00fcm ararlarken (!) karma dini buluyor, Hatay M\u00fcft\u00fcs\u00fc Mustafa Varl\u0131\u2019n\u0131n \u00f6nerisiyle olu\u015fturulan ve i\u00e7lerinde, Katolik, Ortodoks, Musevi cemaat liderleri ve yerel temsilcilerin de bulundu\u011fu \u2018Hatay Evrensel De\u011ferleri Koruma Komisyonu\u2019\u2019, Hatay\u2019\u0131n \u2018A\u2019s\u0131n\u0131 \u2018Davut Y\u0131ld\u0131z\u0131\u2019, \u2018T\u2019sini \u2018H\u0131ristiyanlar\u0131n ha\u00e7\u0131\u2019, \u2018Y\u2019sini de \u2018M\u00fcsl\u00fcmanlar\u0131n hilali\u2019 yaparak amblemlerini olu\u015fturuyordu<\/span><a title=\"\" name=\"_ftnref9\" href=\"file:\/\/\/D:\/_M%C3%87D\/Z%20-%20YEN%C4%B0%20YAZILAR%202012\/119\/119%20-%20SAYI%20--Abdullah%20--Osman%20%20Biten%2018%2007%202013.doc#_ftn9\"><span style=\"font-size: 12pt; line-height: 150%; font-family: Arial, sans-serif;\"><span style=\"font-size: 12pt; line-height: 115%;\">[9]<\/span><\/span><\/a><sup><span style=\"font-size: 10pt; line-height: 150%; font-family: Arial, sans-serif;\">.<\/span><\/sup><span style=\"font-size: 10pt; line-height: 150%; font-family: Arial, sans-serif;\"> B\u00f6ylelikle de farkl\u0131 diller ve ayr\u0131 dinler (!), ayn\u0131 dili konu\u015farak (!) bir potada birle\u015fiyordu!..<\/span><\/p>\n<p style=\"margin-bottom: 0.0001pt; text-align: justify; text-indent: 1cm; line-height: 150%;\"><strong><span style=\"font-size: 10pt; line-height: 150%; font-family: Arial, sans-serif;\">Amerikan Yahudi\u2019si, ideolog Samuel Huntington, dinlerin kar\u0131\u015fmas\u0131 gerekti\u011fini 1993\u2019de \u00f6ng\u00f6rm\u00fc\u015ft\u00fc. \u0130nsanlardan istenen,&nbsp;tek din sahibi olmak de\u011fil, herkesin kendisini di\u011fer dinden de olmay\u0131 hissetmesiydi,&nbsp;bu ama\u00e7 hayata ge\u00e7iyordu. Ridley Scott&#8217;\u0131n \u201cKingdom of Heaven (Cennetin Krall\u0131\u011f\u0131\u201d filmi ile, 12. Y\u00fczy\u0131l\u2019da Ha\u00e7l\u0131 Seferleri s\u0131ras\u0131nda Kud\u00fcs&#8217;\u00fc savunmak \u00fczere \u015fehri \u00f6rg\u00fctleyen gen\u00e7 bir demircinin hikayesi anlat\u0131l\u0131yor gibi g\u00f6r\u00fcnse de, filmde &#8216;M\u00fcsl\u00fcmanlar&#8217;dan, Yahudiler\u2019den ve H\u0131ristiyanlar\u2019dan olu\u015fan bir Karde\u015flik Birli\u011fi\u2019nden (<i>kar\u0131\u015f\u0131k bir k\u00fclt\u00fcrden<\/i>) s\u00f6z edilmesi, filmin de \u2018Babil Kulesi\u2019 in\u015f\u00e2s\u0131 oldu\u011funu g\u00f6steriyordu.<\/span><\/strong><\/p>\n<p style=\"margin-bottom: 0.0001pt; text-align: justify; text-indent: 1cm; line-height: 150%;\"><strong><span style=\"font-size: 10pt; line-height: 150%; font-family: Arial, sans-serif;\">\u0130slam\u2019\u0131 lightla\u015ft\u0131ran (<i>kar\u0131\u015f\u0131k bir din yapan, protestanla\u015ft\u0131ran<\/i>) bu \u2018model\u2019, sadece \u00fclkemizde de\u011fil, \u0130slam olan her alanda \u00fcr\u00fcyor, Antakya\u2019dakine benzer bir uygulama, ayn\u0131 d\u00f6nemde Tataristan\u2019da da ye\u015feriyordu. \u201c<i>Dinler Evi\u2019nde \u00fc\u00e7 sembol. 145 milyonluk Rusya\u2019da 20 milyon M\u00fcsl\u00fcman\u2019\u0131n ba\u015fkenti haline gelen \u00f6zerk Tataristan Cumhuriyet\u2019i ba\u015fkenti Kazan bininci kurulu\u015f y\u0131ld\u00f6n\u00fcm\u00fcn\u00fc kutlarken yeni in\u015fa edilen Dinler Evi\u2019nin \u00fczerindeki hilal, ha\u00e7 ve Yahudi y\u0131ld\u0131z\u0131yla dinler aras\u0131 ho\u015fg\u00f6r\u00fc mesaj\u0131 veriyor<\/i>.\u201d&nbsp;deniyordu<\/span><\/strong><a title=\"\" name=\"_ftnref10\" href=\"file:\/\/\/D:\/_M%C3%87D\/Z%20-%20YEN%C4%B0%20YAZILAR%202012\/119\/119%20-%20SAYI%20--Abdullah%20--Osman%20%20Biten%2018%2007%202013.doc#_ftn10\"><span style=\"font-size: 12pt; line-height: 150%; font-family: Arial, sans-serif;\"><span style=\"font-size: 12pt; line-height: 115%;\">[10]<\/span><\/span><\/a><strong><span style=\"font-size: 10pt; line-height: 150%; font-family: Arial, sans-serif;\">.<\/span><\/strong><\/p>\n<p style=\"margin-bottom: 0.0001pt; text-align: justify; text-indent: 1cm; line-height: 150%;\"><strong><span style=\"font-size: 10pt; line-height: 150%; font-family: Arial, sans-serif;\">\u0130spanya Ba\u015fbakan\u0131 Zapatero ve bizim Ba\u015fbakan\u0131m\u0131z Erdo\u011fanl\u0131 \u00e7al\u0131\u015fan, \u201cMedeniyetler \u0130ttifak\u0131 projesi\u201d de durmuyor, meyvesini al\u0131yor, \u0130spanya&#8217;da ya\u015fayan 80 bin M\u00fcsl\u00fcman&#8217;\u0131 temsil eden (-<i>tabii ki edemeyen, M\u00fcsl\u00fcmanlar\u0131 de\u011fi\u015ftiren<\/i>) \u0130slam Konseyi, \u0130spanya Ba\u015fbakan Jose Luis Rodriguez Zapatero&#8217;dan, (<i>Cami iken katedral olan<\/i>) Cordoba Katedrali ve Ayasofya Cami&#8217;nin&nbsp;<i>evrensel ibadet yerleri<\/i>&nbsp;olmas\u0131n\u0131n sa\u011flanmas\u0131n\u0131 istiyordu. \u0130slam Konseyi\u2019nde yap\u0131lan a\u00e7\u0131klamada, H\u0131ristiyanlar, M\u00fcsl\u00fcmanlar, di\u011fer dinlerin inananlar\u0131 ayn\u0131 Allah i\u00e7in birlikte dua edebilir ve ruhsal d\u00fc\u011f\u00fcmleri aza indirebilir deniliyordu.<\/span><\/strong><a title=\"\" name=\"_ftnref11\" href=\"file:\/\/\/D:\/_M%C3%87D\/Z%20-%20YEN%C4%B0%20YAZILAR%202012\/119\/119%20-%20SAYI%20--Abdullah%20--Osman%20%20Biten%2018%2007%202013.doc#_ftn11\"><span style=\"font-size: 12pt; line-height: 150%; font-family: Arial, sans-serif;\"><span style=\"font-size: 12pt; line-height: 115%;\">[11]<\/span><\/span><\/a><strong><span style=\"font-size: 10pt; line-height: 150%; font-family: Arial, sans-serif;\"> Ortada \u2018ayn\u0131\u2019 olan Allah yok, tek (Tanr\u0131) olan Allah ile, tanr\u0131 olmayan tanr\u0131lar kar\u0131\u015ft\u0131r\u0131l\u0131yordu.<\/span><\/strong><\/p>\n<p style=\"margin-bottom: 0.0001pt; text-align: justify; text-indent: 1cm; line-height: 150%;\"><strong><span style=\"font-size: 10pt; line-height: 150%; font-family: Arial, sans-serif;\">Ayd\u0131n Do\u011fan:&nbsp;\u201c<span style=\"letter-spacing: -0.25pt;\">Babil Kulesi \u0130stanbul\u2019da kurulsun\u201ddiyordu!<\/span><\/span><\/strong><\/p>\n<p style=\"margin-bottom: 0.0001pt; text-align: justify; text-indent: 1cm; line-height: 150%;\"><span style=\"font-size: 10pt; line-height: 150%; font-family: Arial, sans-serif;\">\u00dc\u00e7 dinin (!), dillerin karmala\u015fmas\u0131 hizmetinin siyasi ve dini aya\u011f\u0131 yan\u0131nda, bir de \u2018medya\u2019 boyutu bulunuyor, D\u00fcnya Gazeteciler Birli\u011fi&#8217;nin 57. kongresinde (<i>2004 Haziran-\u0130stanbul<\/i>), T\u00fcrkiye Gazete Sahipleri Birli\u011fi Ba\u015fkan\u0131 Ayd\u0131n Do\u011fan bunu ortaya koyuyor; Babil Kulesi\u2019nin,&nbsp;<strong>\u0130stanbul\u2019da kurulmas\u0131n\u0131 istiyordu. \u201c<i>Birbiriyle \u00e7at\u0131\u015fma halinde g\u00f6r\u00fclen \u00fc\u00e7 din Ortak\u00f6y\u2019de bar\u0131\u015f i\u00e7inde ya\u015f\u0131yor, d\u00fcnyaya mesaj veriyor\u2026 <\/i><\/strong><i>21\u2019inci y\u00fczy\u0131lda d\u00fcnyan\u0131n bir yerine bar\u0131\u015f\u0131 temsil eden bir Babil Kulesi in\u015fa edilse, bunun i\u00e7in en iyi yer \u0130stanbul olabilir\u2026 \u0130\u00e7inde bulundu\u011fumuz bug\u00fcnlerde birbiriyle \u00e7at\u0131\u015fma halinde g\u00f6r\u00fclen bu \u00fc\u00e7 din, Ortak\u00f6y\u2019de birlikte ya\u015famay\u0131 ba\u015farabiliyor\u2026 Ortak ya\u015famay\u0131 ve bar\u0131\u015f\u0131 temsil eden bu yeni Babil Kulesi\u2019nin mimar\u0131 medya olmal\u0131. D\u00fcnya Gazeteler Birli\u011fi\u2019nin kongresi bizi ortak bir anlay\u0131\u015fa g\u00f6t\u00fcrecek olan bir Babil Kulesi\u2019nin temel atma t\u00f6reni olarak g\u00f6r\u00fcyorum<\/i>.\u201d diyordu<\/span><a title=\"\" name=\"_ftnref12\" href=\"file:\/\/\/D:\/_M%C3%87D\/Z%20-%20YEN%C4%B0%20YAZILAR%202012\/119\/119%20-%20SAYI%20--Abdullah%20--Osman%20%20Biten%2018%2007%202013.doc#_ftn12\"><span style=\"font-size: 12pt; line-height: 150%; font-family: Arial, sans-serif;\"><span style=\"font-size: 12pt; line-height: 115%;\">[12]<\/span><\/span><\/a><span style=\"font-size: 10pt; line-height: 150%; font-family: Arial, sans-serif;\">. Tabii ki de arzulanan \u2018ortak anlay\u0131\u015f (karma model\u2019imiz)\u2019, insanl\u0131k tarihinde \u201ckaos\u201dun sembol\u00fc olarak ge\u00e7en Siyonist Yahudi \u00f6ng\u00f6r\u00fcs\u00fc, Babil Sendromu\u2019nun a\u015f\u0131lmas\u0131 arzusu oluyordu. \u0130stanbul ise, anla\u015f\u0131lan yeni kutsal merkez olarak se\u00e7iliyordu.<\/span><\/p>\n<p style=\"margin-bottom: 0.0001pt; text-align: justify; text-indent: 1cm; line-height: 150%;\"><strong><span style=\"font-size: 10pt; line-height: 150%; font-family: Arial, sans-serif;\">\u201cYedi Kollu \u015eamdan\u201d\u0131n Ba\u015fbakanl\u0131k\u2019ta ne ar\u0131yordu?<\/span><\/strong><\/p>\n<p style=\"margin-bottom: 0.0001pt; text-align: justify; text-indent: 1cm; line-height: 150%;\"><strong><span style=\"font-size: 10pt; line-height: 150%; font-family: Arial, sans-serif;\">Son birka\u00e7 senedir \u0130stanbul\u2019da \u00e7ok \u00f6nemli Uluslararas\u0131 toplant\u0131lar yap\u0131l\u0131yordu, AKP\u2019li milletvekili Egemen Ba\u011f\u0131\u015f; \u0130stanbul\u2019un Avrupa\u2019n\u0131n k\u00fclt\u00fcr ba\u015fkenti olmas\u0131 i\u00e7in verilecek karar\u0131n, \u201ck\u00fclt\u00fcrel uyum ve bar\u0131\u015f i\u00e7inde birlikte ya\u015fama\u201d olaca\u011f\u0131n\u0131 s\u00f6yl\u00fcyor; bunun i\u00e7in yap\u0131lan tan\u0131t\u0131mda, minareler ile \u00e7an kuleleri ortak g\u00f6steriliyordu; \u0130stanbul\u2019un kimli\u011fi (-tabusu) olan Minareleri \u00f6rter bir \u015fekilde \u2018kule\u2019 projeleri ye\u015feriyordu!&nbsp;<i>T\u00fcrkiye i\u00e7in k\u00fclt\u00fcrel darbe<\/i>&nbsp;olan \u2018Dubai kuleleri\u2019, \u2018Babil Kulesi\u2019nin temel at\u0131m\u0131 gibi duruyor! Sahi, Merkez Bankas\u0131 \u0130dare Merkezi&#8217;ni, h\u00fck\u00fcmet ni\u00e7in Ankara&#8217;dan \u0130stanbul&#8217;a naklediyor ya da neden \u0130stanbul uluslararas\u0131 sistemin \u2018finans merkezi\u2019 yap\u0131l\u0131yordu? Yoksa Babil\u2019den ayr\u0131lanlar \u2018Yeni Babil\u2019e geri mi d\u00f6n\u00fcyordu?<\/span><\/strong><\/p>\n<p style=\"margin-bottom: 0.0001pt; text-align: justify; text-indent: 1cm; line-height: 150%;\"><strong><span style=\"font-size: 10pt; line-height: 150%; font-family: Arial, sans-serif;\">Doksanl\u0131 y\u0131llardan sonra d\u00fczenli olarak ABD ziyaretini aksatmayan Tayyip Erdo\u011fan\u2019\u0131n, sadece Siyonizm\u2019e hizmet eden devlet adamlar\u0131na verilen&nbsp; madalyalarla \u00f6d\u00fcllendirilmesi ne anlama geliyordu? &nbsp;Say\u0131n Tayyip Erdo\u011fan\u2019\u0131n, Yahudi efsanesi \u2018Babil Sendromu\u2019 \u00f6zlemi ile,&nbsp;Musevi olan Hz. Musa ve Say\u0131n Tayyip Erdo\u011fan aras\u0131nda ili\u015fki kurulmas\u0131 birbirini a\u00e7\u0131klar gibi g\u00f6r\u00fcn\u00fcyordu. A\u00e7\u0131klanmas\u0131 gereken bir \u015fey daha var:&nbsp;\u201c<i>Akif Beki&#8217;yi anlayabiliriz. 10 Eyl\u00fcl 2004 tarihinde gazeteci Ali K\u0131rca, Ba\u015fbakanl\u0131k konutunda Ba\u015fbakan Recep Tayip Erdo\u011fan&#8217;la bir r\u00f6portaj yapm\u0131\u015ft\u0131. ATV&#8217;den yay\u0131nlanan r\u00f6portaj s\u0131ras\u0131nda ekranda bir g\u00f6r\u00fcnt\u00fc dikkat \u00e7ekiyordu; ba\u015fbakan\u0131n oturdu\u011fu koltu\u011fun hemen yan\u0131nda, Atat\u00fcrk tablosunun alt\u0131nda bulunan sehpa \u00fczerinde, Yahudilerin kutsal yedi kollu \u015famdan\u0131 (Menora) vard\u0131. Yahudilerin kutsal yedi kollu \u015famdan\u0131n\u0131 Ba\u015fbakanl\u0131k konutuna kim, neden koymu\u015ftu? Yahudilerin kutsal yedi kollu \u015famdan\u0131n\u0131n g\u00f6sterilmesinin nedeni dekor de\u011fildi herhalde. Mutlak bir nedeni olmas\u0131 laz\u0131md\u0131. Ama ne? Ba\u015fbakanl\u0131ktan bu konuda hi\u00e7bir a\u00e7\u0131klama yap\u0131lmam\u0131\u015ft\u0131<\/i>.\u201d deniyordu.<\/span><\/strong><a title=\"\" name=\"_ftnref13\" href=\"file:\/\/\/D:\/_M%C3%87D\/Z%20-%20YEN%C4%B0%20YAZILAR%202012\/119\/119%20-%20SAYI%20--Abdullah%20--Osman%20%20Biten%2018%2007%202013.doc#_ftn13\"><span style=\"font-size: 12pt; line-height: 150%; font-family: Arial, sans-serif;\"><span style=\"font-size: 12pt; line-height: 115%;\">[13]<\/span><\/span><\/a><\/p>\n<p style=\"margin-bottom: 0.0001pt; text-align: justify; text-indent: 1cm; line-height: 150%;\"><strong><span style=\"font-size: 12pt; line-height: 150%; font-family: Arial, sans-serif;\">Erdo\u011fan \u0130slam\u2019\u0131n \u201cMehdi\u201dsi mi, Yahudilerin \u201cMesih\u201di mi oluyordu?<\/span><\/strong><\/p>\n<p style=\"margin-bottom: 0.0001pt; text-align: justify; text-indent: 1cm; line-height: 150%;\"><strong><span style=\"font-size: 12pt; line-height: 150%; font-family: Arial, sans-serif;\">Kimse kafas\u0131n\u0131 yormas\u0131n, Akif Beki nam zat, bu sorular\u0131n yan\u0131t\u0131n\u0131 zaten ortaya koyuyordu:&nbsp;\u2018K\u0131yamet saati\u2019 de\u011fil \u2018Se\u00e7im Vakti\u2019&nbsp;ba\u015fl\u0131\u011f\u0131 alt\u0131nda, \u00dc\u00e7lemecilerin<i>&nbsp;(-K\u0131yamet &nbsp;alameti olarak N\u00fcz\u00fcl-i \u0130sa, Mehdi, Deccal bekleyenler\u2026 \u0130sa Mesih \u00f6nderli\u011finde, \u00f6nce H\u0131ristiyan, pe\u015finden de Yahudiler ile birle\u015fmek i\u00e7in<\/i>)&nbsp;bekledikleri Mehdi\u2019nin kim&nbsp;(ne)&nbsp;olmas\u0131 gerekti\u011fini \u015f\u00f6yle izah ediyordu: \u201c<i>Ve Ona (Deccale) kar\u015f\u0131 \u00e7\u0131k\u0131p tepeleyecek olan Mehdi\u2019nin, s\u00f6ylendi\u011fi gibi \u015eam\u2019dan \u00e7\u0131k\u0131p gelece\u011fi san\u0131ld\u0131\u2026 Oysa g\u00f6klerden beklenen \u2018kurtar\u0131c\u0131\u2019, insanlar aras\u0131ndan zuhur etti. Hem de g\u00f6ksel de\u011fil d\u00fcnyevi bir kurtar\u0131c\u0131, bir siyasi lider olarak\u2026 B\u00fcy\u00fck bir kitlenin son umudu<\/i>.\u201d<\/span><\/strong><a title=\"\" name=\"_ftnref14\" href=\"file:\/\/\/D:\/_M%C3%87D\/Z%20-%20YEN%C4%B0%20YAZILAR%202012\/119\/119%20-%20SAYI%20--Abdullah%20--Osman%20%20Biten%2018%2007%202013.doc#_ftn14\"><span style=\"font-size: 12pt; line-height: 150%; font-family: Arial, sans-serif;\"><span style=\"font-size: 12pt; line-height: 115%;\">[14]<\/span><\/span><\/a><strong><span style=\"font-size: 12pt; line-height: 150%; font-family: Arial, sans-serif;\"> demekten sak\u0131nm\u0131yordu. Yani i\u015fbirlik\u00e7i bir fig\u00fcran Mehdi Aleyhisselam diye yutturuluyordu!<\/span><\/strong><\/p>\n<p style=\"margin-bottom: 0.0001pt; text-align: justify; text-indent: 1cm; line-height: 150%;\"><strong><span style=\"font-size: 12pt; line-height: 150%; font-family: Arial, sans-serif;\">Dahas\u0131, Tayyip Bey\u2019e bir \u2018ayr\u0131cal\u0131k\u2019 da H\u00fbrifi&nbsp;(-<i>Harflerin bir tak\u0131m gizli manalar\u0131na sahip oldu\u011funu ileri s\u00fcren<\/i>)&nbsp;\u00d6mer \u00c7elak\u0131l\u2019dan geliyordu; Kur\u2019an\u2019\u0131n,&nbsp;14&#8217;\u00fcnc\u00fc suresi, 24&#8217;\u00fcnc\u00fc ayetinde Tayyip Erdo\u011fan&#8217;\u0131n Ba\u015fbakan oldu\u011fu y\u0131la i\u015faret edildi\u011fini ileri s\u00fcr\u00fcyordu.<\/span><\/strong><a title=\"\" name=\"_ftnref15\" href=\"file:\/\/\/D:\/_M%C3%87D\/Z%20-%20YEN%C4%B0%20YAZILAR%202012\/119\/119%20-%20SAYI%20--Abdullah%20--Osman%20%20Biten%2018%2007%202013.doc#_ftn15\"><span style=\"font-size: 12pt; line-height: 150%; font-family: Arial, sans-serif;\"><span style=\"font-size: 12pt; line-height: 115%;\">[15]<\/span><\/span><\/a><\/p>\n<p style=\"margin-bottom: 0.0001pt; text-align: justify; text-indent: 1cm; line-height: 150%;\"><strong><span style=\"font-size: 12pt; line-height: 150%; font-family: Arial, sans-serif;\">Yeri gelmi\u015fken, Bay Erdo\u011fan ve \u015f\u00fcrek\u00e2s\u0131n\u0131n \u015fu sorular\u0131 da yan\u0131tlamas\u0131n\u0131 bekliyorduk:<\/span><\/strong><\/p>\n<p style=\"margin: 0cm 0cm 0.0001pt; text-align: justify; text-indent: 1cm; line-height: 150%;\">$1<strong><span style=\"font-size: 12pt; line-height: 150%; font-family: Arial, sans-serif;\">1-<span style=\"font-weight: normal; font-size: 7pt; line-height: normal; font-family: 'Times New Roman';\">&nbsp;&nbsp;&nbsp;&nbsp; <\/span><\/span><\/strong><strong><span style=\"font-size: 12pt; line-height: 150%; font-family: Arial, sans-serif;\">A&amp;G Ara\u015ft\u0131rmas\u0131n\u0131n sahibi Adil G\u00fcr 2011 sonlar\u0131nda 48 ilde 6500 hanede ger\u00e7ekle\u015fen ve Ak\u015fam gazetesinde ne\u015fredilen ankette \u201cH\u00fck\u00fcmet \u00d6calan\u2019la g\u00f6r\u00fc\u015fmeli mi\u201d sorusuna, K\u00fcrtlerin %65\u2019i, T\u00fcrklerin ise sadece %11\u2019i \u201cEvet\u201d derken, ortalama ise ancak %19\u2019u bulurken; hen\u00fcz bir y\u0131l bile ge\u00e7meden 14-19 Eyl\u00fcl 2012\u2019de ve 27 ilde 1275 ki\u015fi ile yap\u0131lan ankette bu sefer kat\u0131l\u0131mc\u0131lar\u0131n %42\u2019si \u201cH\u00fck\u00fcmetin PKK ile bar\u0131\u015f g\u00f6r\u00fc\u015fmesine\u201d \u201cEvet\u201d demi\u015fti!.. Peki, 1 y\u0131lda toplumun ayn\u0131 konuda birden bire g\u00f6r\u00fc\u015f de\u011fi\u015ftirip, \u00f6nce \u015fiddetle kar\u015f\u0131 \u00e7\u0131kt\u0131\u011f\u0131 biri giri\u015fime \u015fimdi hararetle destek vermesi, onlar\u0131n h\u00fcr tercihi ve vicdani kanaati miydi, yoksa beyin y\u0131kama mekanizmas\u0131 olan yanda\u015f medyan\u0131n manip\u00fclasyon marifeti miydi? Ve i\u015fte buna da demokrasi denmekteydi!?<\/span><\/strong><\/p>\n<p style=\"margin: 0cm 0cm 0.0001pt; text-align: justify; text-indent: 1cm; line-height: 150%;\">$1<strong><span style=\"font-size: 12pt; line-height: 150%; font-family: Arial, sans-serif;\">2-<span style=\"font-weight: normal; font-size: 7pt; line-height: normal; font-family: 'Times New Roman';\">&nbsp;&nbsp;&nbsp;&nbsp; <\/span><\/span><\/strong><strong><span style=\"font-size: 12pt; line-height: 150%; font-family: Arial, sans-serif;\">Bilindi\u011fi gibi PKK\u2019nin en \u00f6nemli gelir kayna\u011f\u0131 uyu\u015fturucu ticaretiydi. D\u00fcnyada 1 Trilyon dolar\u0131 a\u015fan uyu\u015fturucu trafi\u011finin \u00f6nemli k\u0131sm\u0131 Afganistan-\u0130ran ve T\u00fcrkiye \u00fczerinden Avrupa \u00fclkelerine y\u00f6nelikti. Y\u0131llar \u00f6nce Bo\u011fazi\u00e7i \u00dcniversitesindeki bir sempozyumda E. Org. Sabri Yirmibe\u015fo\u011flu <i>\u201cLondra\u2019dan Tokyo\u2019ya korkun\u00e7 bir uyu\u015fturucu demokrasisinin kuruldu\u011fundan\u201d <\/i>s\u00f6z etmi\u015fti. Bizzat AKP \u0130\u00e7i\u015fleri Bakan\u0131 \u0130dris Naim \u015eahin Gazi \u00dcniversitesindeki \u201cSu\u00e7 Ekonomisi\u201d panelinde, Avrupa\u2019ya sevk edilen uyu\u015fturucular\u0131n yar\u0131s\u0131ndan fazlas\u0131n\u0131n T\u00fcrkiye \u00fczerinden yap\u0131ld\u0131\u011f\u0131na dikkat \u00e7ekmi\u015fti. Bu uyu\u015fturucu mafyas\u0131n\u0131n en ba\u015f\u0131nda MOSSAD ve CIA ba\u011flant\u0131l\u0131 Yahudi baronlar\u0131, onlar\u0131n alt\u0131nda ilgili \u00fclkelerin istihbarat te\u015fkilatlar\u0131n\u0131n bulunduklar\u0131n\u0131 ve kurye olarak ta \u00f6zellikle PKK militanlar\u0131n\u0131 kulland\u0131klar\u0131n\u0131 herkes bilmekteydi. Sorumuz: acaba Hakan Fidan Abdullah \u00d6calan\u2019la g\u00f6r\u00fc\u015f\u00fcrken ve M\u0130T Kandil ile temas kurarken bu \u201cuyu\u015fturucu pastas\u0131ndan pay alma\u201d s\u00fcreci ve sistemiyle ilgili konu\u015fulup uzla\u015fma sa\u011flanabilmi\u015f miydi? <\/span><\/strong><\/p>\n<p style=\"margin: 0cm 0cm 0.0001pt; text-align: justify; text-indent: 1cm; line-height: 150%;\">$1<strong><span style=\"font-size: 12pt; line-height: 150%; font-family: Arial, sans-serif;\">3-<span style=\"font-weight: normal; font-size: 7pt; line-height: normal; font-family: 'Times New Roman';\">&nbsp;&nbsp;&nbsp;&nbsp; <\/span><\/span><\/strong><strong><span style=\"font-size: 12pt; line-height: 150%; font-family: Arial, sans-serif;\">Afganistan\u2019da baz\u0131 Taliban m\u00fcft\u00fcleri <i>\u201cDin d\u00fc\u015fman\u0131m\u0131z olan Bat\u0131l\u0131lar\u0131n uyu\u015fturularak zay\u0131flat\u0131lmas\u0131 caizdir\u201d<\/i> fetvas\u0131 vererek fakir ve \u00e7aresiz halk\u0131 uyu\u015fturucu ekimine te\u015fvik ettikleri gibi, acaba Sn. Recep T. Erdo\u011fan ve di\u011fer \u0131l\u0131ml\u0131 \u0130slamc\u0131lar da, M\u00fcsl\u00fcmanlar ve H\u0131ristiyanlar d\u00e2hil b\u00fct\u00fcn halklar\u0131n eski ve k\u00f6hne (!) inan\u00e7lar\u0131ndan kurtulup, Hatay Medeniyetler bulu\u015fmas\u0131nda beyan buyurduklar\u0131 gibi \u201cortak bir insanl\u0131k D\u0130N\u2019ine\u201d kavu\u015fmalar\u0131 i\u00e7in, beyinlerinin uyu\u015fturulmas\u0131 ve hayali mutluluk iklimine ula\u015fmalar\u0131 gibi ulvi (!) bir ama\u00e7la, PKK\u2019n\u0131n bula\u015ft\u0131\u011f\u0131 uyu\u015fturucu trafi\u011fine \u201cila\u00e7 \u00fcretimine katk\u0131, sa\u011fl\u0131k ekonomisine yard\u0131m\u201d gibi m\u00fcbarek k\u0131l\u0131flar ge\u00e7irmeyi d\u00fc\u015f\u00fcn\u00fcp deneyebilirler miydi? Daha a\u00e7\u0131\u011f\u0131; malum merkezler b\u00f6yle teklif ve temenniler iletmi\u015flerse, bunlara direnebilirler miydi? Ha, \u015funu da belirtelim ki, ara s\u0131ra yakalanan ve g\u00fcnlerce propagandas\u0131 yap\u0131lan uyu\u015fturucu miktar\u0131 ise, tam anlam\u0131yla \u201cdevede kulak\u201d mesabesindeydi. Ve tabi, nas\u0131l oluyor da, deveyi fark etmeyip sadece kula\u011f\u0131n\u0131 g\u00f6rmeleri ise, bunlar\u0131n kerametiydi!&#8230;<\/span><\/strong><\/p>\n<p style=\"margin-bottom: 0.0001pt; text-align: justify; text-indent: 1cm; line-height: 150%;\"><strong><span style=\"font-size: 12pt; line-height: 150%; font-family: Arial, sans-serif;\">Biliyorum, Erbakan Hocam\u0131z\u0131n tabiriyle; nice \u201csakall\u0131 H\u00fcsn\u00fcler\u201d hala bize<i> \u201cya hu niye h\u00fcsn\u00fc zan etmiyorsunuz?\u201d<\/i>diye sitem edeceklerdi!<\/span><\/strong><\/p>\n<div><br clear=\"all\" \/><\/p>\n<hr align=\"left\" size=\"1\" width=\"33%\" \/>\n<div>\n<p style=\"text-align: justify;\"><a title=\"\" name=\"_ftn1\" href=\"file:\/\/\/D:\/_M%C3%87D\/Z%20-%20YEN%C4%B0%20YAZILAR%202012\/119\/119%20-%20SAYI%20--Abdullah%20--Osman%20%20Biten%2018%2007%202013.doc#_ftnref1\"><span style=\"font-size: 9pt; font-family: Arial, sans-serif;\"><span style=\"font-size: 9pt; line-height: 115%;\">[1]<\/span><\/span><\/a><span style=\"font-size: 9pt; font-family: Arial, sans-serif;\"> <a href=\"http:\/\/www.akparti.org.tr\/site\/haber\/2418\/1-hatay-medeniyetler-bulusmasi-basbakan-erdogan-medeniyetler-catismasina-ha\">http:\/\/www.akparti.org.tr\/site\/haber\/2418\/1-hatay-medeniyetler-bulusmasi-basbakan-erdogan-medeniyetler-catismasina-ha<\/a><\/span><\/p>\n<\/p><\/div>\n<div>\n<p style=\"text-align: justify;\"><a title=\"\" name=\"_ftn2\" href=\"file:\/\/\/D:\/_M%C3%87D\/Z%20-%20YEN%C4%B0%20YAZILAR%202012\/119\/119%20-%20SAYI%20--Abdullah%20--Osman%20%20Biten%2018%2007%202013.doc#_ftnref2\"><span style=\"font-size: 8pt; font-family: Arial, sans-serif;\"><span style=\"font-size: 8pt; line-height: 115%;\">[2]<\/span><\/span><\/a><span style=\"font-size: 8pt; font-family: Arial, sans-serif;\"> <a href=\"http:\/\/www.radikal.com.tr\/haber.php?haberno=117306\">http:\/\/www.radikal.com.tr\/haber.php?haberno=117306<\/a><\/span><\/p>\n<\/p><\/div>\n<div>\n<p style=\"text-align: justify;\"><a title=\"\" name=\"_ftn3\" href=\"file:\/\/\/D:\/_M%C3%87D\/Z%20-%20YEN%C4%B0%20YAZILAR%202012\/119\/119%20-%20SAYI%20--Abdullah%20--Osman%20%20Biten%2018%2007%202013.doc#_ftnref3\"><span style=\"font-size: 8pt; font-family: Arial, sans-serif;\"><span style=\"font-size: 8pt; line-height: 115%;\">[3]<\/span><\/span><\/a><span style=\"font-size: 8pt; font-family: Arial, sans-serif;\"><a href=\"http:\/\/www.zaman.com.tr\/newsDetail_getNewsById.action?haberno=107212&amp;keyfield=596568657A6B656C204C616E646175\">http:\/\/www.zaman.com.tr\/newsDetail_getNewsById.action?haberno=107212&amp;keyfield=596568657A6B656C204C616E646175<\/a><\/span><\/p>\n<\/p><\/div>\n<div>\n<p style=\"text-align: justify;\"><a title=\"\" name=\"_ftn4\" href=\"file:\/\/\/D:\/_M%C3%87D\/Z%20-%20YEN%C4%B0%20YAZILAR%202012\/119\/119%20-%20SAYI%20--Abdullah%20--Osman%20%20Biten%2018%2007%202013.doc#_ftnref4\"><span style=\"font-size: 8pt; font-family: Arial, sans-serif;\"><span style=\"font-size: 8pt; line-height: 115%;\">[4]<\/span><\/span><\/a><span style=\"font-size: 8pt; font-family: Arial, sans-serif;\"> <a href=\"http:\/\/www.akparti.org.tr\/site\/haber\/2418\">http:\/\/www.akparti.org.tr\/site\/haber\/2418<\/a><\/span><span style=\"font-size: 9pt; font-family: Arial, sans-serif;\">\/1-hatay-medeniyetler-bulusmasi-basbakan-erdogan-medeniyetler-catismasina-ha<\/span><\/p>\n<\/p><\/div>\n<div>\n<p style=\"text-align: justify;\"><a title=\"\" name=\"_ftn5\" href=\"file:\/\/\/D:\/_M%C3%87D\/Z%20-%20YEN%C4%B0%20YAZILAR%202012\/119\/119%20-%20SAYI%20--Abdullah%20--Osman%20%20Biten%2018%2007%202013.doc#_ftnref5\"><span style=\"font-size: 9pt; font-family: Arial, sans-serif;\"><span style=\"font-size: 9pt; line-height: 115%;\">[5]<\/span><\/span><\/a><span style=\"font-size: 9pt; font-family: Arial, sans-serif;\"> <a href=\"http:\/\/www.yenimesaj.com.tr\/?artikel\">http:\/\/www.yenimesaj.com.tr\/?artikel<\/a>,5013772\/<\/span><\/p>\n<\/p><\/div>\n<div>\n<p style=\"text-align: justify;\"><a title=\"\" name=\"_ftn6\" href=\"file:\/\/\/D:\/_M%C3%87D\/Z%20-%20YEN%C4%B0%20YAZILAR%202012\/119\/119%20-%20SAYI%20--Abdullah%20--Osman%20%20Biten%2018%2007%202013.doc#_ftnref6\"><span style=\"font-size: 9pt; font-family: Arial, sans-serif;\"><span style=\"font-size: 9pt; line-height: 115%;\">[6]<\/span><\/span><\/a><span style=\"font-size: 9pt; font-family: Arial, sans-serif;\"> <a href=\"http:\/\/arsiv.sabah.com.tr\/2004\/09\/07\/gnd104.html\">http:\/\/arsiv.sabah.com.tr\/2004\/09\/07\/gnd104.html<\/a><\/span><\/p>\n<\/p><\/div>\n<div>\n<p style=\"text-align: justify;\"><a title=\"\" name=\"_ftn7\" href=\"file:\/\/\/D:\/_M%C3%87D\/Z%20-%20YEN%C4%B0%20YAZILAR%202012\/119\/119%20-%20SAYI%20--Abdullah%20--Osman%20%20Biten%2018%2007%202013.doc#_ftnref7\"><span style=\"font-size: 9pt; font-family: Arial, sans-serif;\"><span style=\"font-size: 9pt; line-height: 115%;\">[7]<\/span><\/span><\/a><span style=\"font-size: 9pt; font-family: Arial, sans-serif;\"> <a href=\"http:\/\/www.radikal.com.tr\/haber.php?haberno=62610\">http:\/\/www.radikal.com.tr\/haber.php?haberno=62610<\/a><\/span><\/p>\n<\/p><\/div>\n<div>\n<p style=\"text-align: justify;\"><a title=\"\" name=\"_ftn8\" href=\"file:\/\/\/D:\/_M%C3%87D\/Z%20-%20YEN%C4%B0%20YAZILAR%202012\/119\/119%20-%20SAYI%20--Abdullah%20--Osman%20%20Biten%2018%2007%202013.doc#_ftnref8\"><span style=\"font-size: 9pt; font-family: Arial, sans-serif;\"><span style=\"font-size: 9pt; line-height: 115%;\">[8]<\/span><\/span><\/a><span style=\"font-size: 9pt; font-family: Arial, sans-serif;\"> <a href=\"http:\/\/www.yenimesaj.com.tr\/?artikel\">http:\/\/www.yenimesaj.com.tr\/?artikel<\/a>,5006755<\/span><\/p>\n<\/p><\/div>\n<div>\n<p style=\"text-align: justify;\"><a title=\"\" name=\"_ftn9\" href=\"file:\/\/\/D:\/_M%C3%87D\/Z%20-%20YEN%C4%B0%20YAZILAR%202012\/119\/119%20-%20SAYI%20--Abdullah%20--Osman%20%20Biten%2018%2007%202013.doc#_ftnref9\"><span style=\"font-size: 9pt; font-family: Arial, sans-serif;\"><span style=\"font-size: 9pt; line-height: 115%;\">[9]<\/span><\/span><\/a><span style=\"font-size: 9pt; font-family: Arial, sans-serif;\"> <a href=\"http:\/\/arama.hurriyet.com.tr\/arsivnews.aspx?id=343292\">http:\/\/arama.hurriyet.com.tr\/arsivnews.aspx?id=343292<\/a><\/span><\/p>\n<\/p><\/div>\n<div>\n<p style=\"text-align: justify;\"><a title=\"\" name=\"_ftn10\" href=\"file:\/\/\/D:\/_M%C3%87D\/Z%20-%20YEN%C4%B0%20YAZILAR%202012\/119\/119%20-%20SAYI%20--Abdullah%20--Osman%20%20Biten%2018%2007%202013.doc#_ftnref10\"><span style=\"font-size: 9pt; font-family: Arial, sans-serif;\"><span style=\"font-size: 9pt; line-height: 115%;\">[10]<\/span><\/span><\/a><span style=\"font-size: 9pt; font-family: Arial, sans-serif;\"> <a href=\"http:\/\/arsiv.yenimesaj.com.tr\/index.php?haberno=5011098&amp;tarih=2005-09-01\">http:\/\/arsiv.yenimesaj.com.tr\/index.php?haberno=5011098&amp;tarih=2005-09-01<\/a><\/span><\/p>\n<\/p><\/div>\n<div>\n<p style=\"text-align: justify;\"><a title=\"\" name=\"_ftn11\" href=\"file:\/\/\/D:\/_M%C3%87D\/Z%20-%20YEN%C4%B0%20YAZILAR%202012\/119\/119%20-%20SAYI%20--Abdullah%20--Osman%20%20Biten%2018%2007%202013.doc#_ftnref11\"><span style=\"font-size: 9pt; font-family: Arial, sans-serif;\"><span style=\"font-size: 9pt; line-height: 115%;\">[11]<\/span><\/span><\/a><span style=\"font-size: 9pt; font-family: Arial, sans-serif;\"> <a href=\"http:\/\/arama.hurriyet.com.tr\/arsivnews.aspx?id=345697\">http:\/\/arama.hurriyet.com.tr\/arsivnews.aspx?id=345697<\/a><\/span><\/p>\n<\/p><\/div>\n<div>\n<p style=\"text-align: justify;\"><a title=\"\" name=\"_ftn12\" href=\"file:\/\/\/D:\/_M%C3%87D\/Z%20-%20YEN%C4%B0%20YAZILAR%202012\/119\/119%20-%20SAYI%20--Abdullah%20--Osman%20%20Biten%2018%2007%202013.doc#_ftnref12\"><span style=\"font-size: 9pt; font-family: Arial, sans-serif;\"><span style=\"font-size: 9pt; line-height: 115%;\">[12]<\/span><\/span><\/a><span style=\"font-size: 9pt; font-family: Arial, sans-serif;\"> <a href=\"http:\/\/www.radikal.com.tr\/haber.php?haberno=117998\">http:\/\/www.radikal.com.tr\/haber.php?haberno=117998<\/a><\/span><\/p>\n<\/p><\/div>\n<div>\n<p style=\"text-align: justify;\"><a title=\"\" name=\"_ftn13\" href=\"file:\/\/\/D:\/_M%C3%87D\/Z%20-%20YEN%C4%B0%20YAZILAR%202012\/119\/119%20-%20SAYI%20--Abdullah%20--Osman%20%20Biten%2018%2007%202013.doc#_ftnref13\"><span style=\"font-size: 9pt; font-family: Arial, sans-serif;\"><span style=\"font-size: 9pt; line-height: 115%;\">[13]<\/span><\/span><\/a><span style=\"font-size: 9pt; font-family: Arial, sans-serif;\"> <a href=\"http:\/\/www.erdalsarizeybek.com.tr\/makaleler\/basbakanlik-konutunda-yedi-kollu-samdanin-ne-isi-vardi-399h.html\">http:\/\/www.erdalsarizeybek.com.tr\/makaleler\/basbakanlik-konutunda-yedi-kollu-samdanin-ne-isi-vardi-399h.html<\/a><\/span><\/p>\n<\/p><\/div>\n<div>\n<p style=\"text-align: justify;\"><a title=\"\" name=\"_ftn14\" href=\"file:\/\/\/D:\/_M%C3%87D\/Z%20-%20YEN%C4%B0%20YAZILAR%202012\/119\/119%20-%20SAYI%20--Abdullah%20--Osman%20%20Biten%2018%2007%202013.doc#_ftnref14\"><span style=\"font-size: 9pt; font-family: Arial, sans-serif;\"><span style=\"font-size: 9pt; line-height: 115%;\">[14]<\/span><\/span><\/a><span style=\"font-size: 9pt; font-family: Arial, sans-serif;\"> <a href=\"http:\/\/www.milliyet.com.tr\/2007\/03\/18\/siyaset\/axsiy01.html\">http:\/\/www.milliyet.com.tr\/2007\/03\/18\/siyaset\/axsiy01.html<\/a><\/span><\/p>\n<\/p><\/div>\n<div>\n<p style=\"text-align: justify;\"><a title=\"\" name=\"_ftn15\" href=\"file:\/\/\/D:\/_M%C3%87D\/Z%20-%20YEN%C4%B0%20YAZILAR%202012\/119\/119%20-%20SAYI%20--Abdullah%20--Osman%20%20Biten%2018%2007%202013.doc#_ftnref15\"><span style=\"font-size: 9pt; font-family: Arial, sans-serif;\"><span style=\"font-size: 9pt; line-height: 115%;\">[15]<\/span><\/span><\/a><span style=\"font-size: 9pt; font-family: Arial, sans-serif;\"> <a href=\"http:\/\/arsiv.sabah.com.tr\/2006\/08\/16\/gnd124.html\">http:\/\/arsiv.sabah.com.tr\/2006\/08\/16\/gnd124.html<\/a><\/span><\/p>\n<\/p><\/div>\n<\/p><\/div>\n","protected":false},"excerpt":{"rendered":"<p>&nbsp; Sn. Ba\u015fbakan bug\u00fcnlerde PKK eleba\u015f\u0131yla resmen uzla\u015fma s\u00fcrecini demokratik(!) bir metanetle ve Yahudi Lobilerince tak\u0131lan \u00fcst\u00fcn cesaret madalyas\u0131n\u0131n kerametiyle y\u00fcr\u00fct\u00fcrken, \u201cK\u00fcrtlerin anadilde savunma yapabilmeleri, G\u00fcneydo\u011fu (K\u00fcrdistan federasyonu) \u00f6zerk B\u00f6lgesinde K\u00fcrt\u00e7enin e\u011fitim dili haline getirilmesi\u201d konusunda hassasiyet g\u00f6sterirken\u2026 Daha \u00f6nce 1. Hatay Medeniyetler Bulu\u015fmas\u0131ndaki b\u00fct\u00fcn d\u00fcnya dillerinin \u201cTEK D\u0130L-TEK D\u0130N\u201d hedefini hat\u0131rlay\u0131p hayretler i\u00e7inde kalm\u0131\u015ft\u0131k. [&hellip;]<\/p>\n","protected":false},"author":1,"featured_media":0,"comment_status":"open","ping_status":"closed","sticky":false,"template":"","format":"standard","meta":{"footnotes":""},"categories":[153],"tags":[],"class_list":["post-2663","post","type-post","status-publish","format-standard","hentry","category-agustos-2013"],"_links":{"self":[{"href":"https:\/\/www.millicozum.com\/mc\/wp-json\/wp\/v2\/posts\/2663","targetHints":{"allow":["GET"]}}],"collection":[{"href":"https:\/\/www.millicozum.com\/mc\/wp-json\/wp\/v2\/posts"}],"about":[{"href":"https:\/\/www.millicozum.com\/mc\/wp-json\/wp\/v2\/types\/post"}],"author":[{"embeddable":true,"href":"https:\/\/www.millicozum.com\/mc\/wp-json\/wp\/v2\/users\/1"}],"replies":[{"embeddable":true,"href":"https:\/\/www.millicozum.com\/mc\/wp-json\/wp\/v2\/comments?post=2663"}],"version-history":[{"count":0,"href":"https:\/\/www.millicozum.com\/mc\/wp-json\/wp\/v2\/posts\/2663\/revisions"}],"wp:attachment":[{"href":"https:\/\/www.millicozum.com\/mc\/wp-json\/wp\/v2\/media?parent=2663"}],"wp:term":[{"taxonomy":"category","embeddable":true,"href":"https:\/\/www.millicozum.com\/mc\/wp-json\/wp\/v2\/categories?post=2663"},{"taxonomy":"post_tag","embeddable":true,"href":"https:\/\/www.millicozum.com\/mc\/wp-json\/wp\/v2\/tags?post=2663"}],"curies":[{"name":"wp","href":"https:\/\/api.w.org\/{rel}","templated":true}]}}