{"id":2694,"date":"2013-09-02T21:01:17","date_gmt":"2013-09-02T21:01:17","guid":{"rendered":"https:\/\/www.millicozum.com\/mc\/2013\/09\/02\/tuncay-guneyle-abdurrahman-dilipakin-bilgi-kaynagi\/"},"modified":"2013-09-02T21:01:17","modified_gmt":"2013-09-02T21:01:17","slug":"tuncay-guneyle-abdurrahman-dilipakin-bilgi-kaynagi","status":"publish","type":"post","link":"https:\/\/www.millicozum.com\/mc\/ozel-yazilar\/tuncay-guneyle-abdurrahman-dilipakin-bilgi-kaynagi\/","title":{"rendered":"TUNCAY G\u00dcNEY\u2019LE ABDURRAHMAN D\u0130L\u0130PAK\u2019IN B\u0130LG\u0130 KAYNA\u011eI"},"content":{"rendered":"\n<p style=\"text-align: justify; line-height: 16pt; text-indent: 1cm; margin-bottom: 0pt;\"><strong><span style=\"font-family: 'Arial','sans-serif'; font-size: 14pt;\">Abdurrahman Dilipak\u2019\u0131n TGRT Haber Bas\u0131n Odas\u0131\u2019nda Hadi \u00d6z\u0131\u015f\u0131k\u2019a, Ergenekon davas\u0131, Cemaat-H\u00fck\u00fcmet kap\u0131\u015fmas\u0131 ve kaset sava\u015flar\u0131 ile ilgili \u00e7arp\u0131c\u0131 itiraflar\u0131n\u0131 ve \u015fimdi Kanada\u2019da Hahaml\u0131k yapan Tuncay G\u00fcney\u2019in a\u00e7\u0131klamalar\u0131n\u0131 dikkatlerinize sunuyoruz. Ve tabi bu birbirine benzer gizli ve kirli bilgilere nas\u0131l ula\u015ft\u0131klar\u0131n\u0131 ve neyi ama\u00e7lad\u0131klar\u0131n\u0131 da merak edip soruyoruz:<\/span><\/strong><\/p>\n<p style=\"text-align: justify; line-height: 16pt; text-indent: 1cm; margin-bottom: 0pt;\"><strong><span style=\"font-family: 'Arial','sans-serif'; font-size: 14pt;\">1- Il\u0131ml\u0131 \u0130slam bir ABD projesi ise Cemaat de bir ABD hizmet\u00e7isi miydi?<\/span><\/strong><\/p>\n<p style=\"text-align: justify; line-height: 16pt; text-indent: 1cm; margin-bottom: 0pt;\"><strong><span style=\"font-family: 'Arial','sans-serif'; font-size: 14pt;\">2- Ergenekon meselesi ABD\u2019ye itiraz edenleri hizaya sokmak \u00fczere tertiplendi ise, AKP\u2019yi kimler y\u00f6netmekteydi?<\/span><\/strong><\/p>\n<p style=\"text-align: justify; line-height: 16pt; text-indent: 1cm; margin-bottom: 0pt;\"><strong><span style=\"font-family: 'Arial','sans-serif'; font-size: 14pt;\">3- Baz\u0131 AKP\u2019li Milletvekillerine \u015fantaj yapmak ve g\u00fcd\u00fcmlerine sokmak \u00fczere, \u00f6zel kad\u0131nlarla ili\u015fkilerini belgeleyen kasetleri Cemaat haz\u0131rlad\u0131 ise, iktidar\u0131n emrindeki TMSF\u2019nin elinde nas\u0131l ve ni\u00e7in bekletilmekteydi?<\/span><\/strong><\/p>\n<p style=\"text-align: justify; line-height: 16pt; text-indent: 1cm; margin-bottom: 0pt;\"><strong><span style=\"font-family: 'Arial','sans-serif'; font-size: 14pt;\">4- Sn. Dilipak ve Tuncay G\u00fcney bu \u00e7ok \u00f6zel bilgilere nas\u0131l eri\u015fmekteydi?<\/span><\/strong><\/p>\n<p style=\"text-align: justify; line-height: 16pt; text-indent: 1cm; margin-bottom: 0pt;\"><strong><span style=\"font-family: 'Arial','sans-serif'; font-size: 14pt;\">5- Ergenekon yap\u0131lanmas\u0131n\u0131n(!) en a\u00e7\u0131k icraat\u0131(!) olarak g\u00f6sterilmeye \u00e7al\u0131\u015f\u0131lan Dan\u0131\u015ftay sald\u0131r\u0131s\u0131n\u0131n ba\u015f su\u00e7lusu ve sorumlusu olarak \u00f6nce m\u00fcebbet hapse mahk\u00fbm olan, sonra k\u00f6kten serbest b\u0131rak\u0131lan ve <i>\u201cbeni sal\u0131vermezlerse, art\u0131k konu\u015faca\u011f\u0131m ve her \u015feyi a\u00e7\u0131klayaca\u011f\u0131m\u201d<\/i> tehditlerinin bu kararda etkili oldu\u011fu savunulan\u2026 Ve dahi Savc\u0131 Zekeriya \u00d6z taraf\u0131ndan \u201cOsman\u2019\u0131m!\u201d diye hitap olunan <\/span><\/strong><strong><span style=\"font-family: 'Arial Black','sans-serif'; font-size: 14pt;\">Osman Y\u0131ld\u0131r\u0131m<\/span><\/strong><strong><span style=\"font-family: 'Arial','sans-serif'; font-size: 14pt;\"> aklan\u0131p d\u0131\u015far\u0131 b\u0131rak\u0131l\u0131rken; Genel Kurmay Ba\u015fkanl\u0131\u011f\u0131 ve Kuvvet Komutanl\u0131\u011f\u0131 yapm\u0131\u015f kurmaylar\u0131n m\u00fcebbet yemesi, Abdurrahman Dilipak\u2019a g\u00f6re, T\u00fcrkiye ve AKP\u2019nin mi, yoksa ABD\u2019nin mi marifetiydi?<\/span><\/strong><\/p>\n<p style=\"text-align: justify; line-height: 16pt; text-indent: 1cm; margin-bottom: 0pt;\"><strong><span style=\"font-family: 'Arial','sans-serif'; font-size: 14pt;\">L\u00fctfen a\u015fa\u011f\u0131da yaz\u0131lanlar\u0131 dikkatle okuyun ve \u00fczerinde kafa yorun. Art\u0131k yorum sizin\u2026<\/span><\/strong><\/p>\n<p style=\"text-align: justify; line-height: 16pt; text-indent: 1cm; margin-bottom: 0pt;\"><span style=\"font-family: 'Arial Black','sans-serif'; font-size: 14pt;\">Abdurrahman Dilipak Hadi \u00d6z\u0131\u015f\u0131k\u2019a 20 08 2013 Tarihli TGRT Haber Bas\u0131n Odas\u0131 Program\u0131nda \u015eu \u0130tiraflarda Bulunuyordu: <\/span><\/p>\n<p style=\"text-align: justify; line-height: 16pt; text-indent: 1cm; margin-bottom: 0pt;\"><strong><i><span style=\"font-family: 'Arial','sans-serif'; font-size: 12pt;\">\u201cABD, AB, \u0130srail M\u0131s\u0131r\u2019daki \u0130hvan direni\u015fi kar\u015f\u0131s\u0131nda panik i\u00e7erisinde. \u015eimdi bu i\u015fi \u00e7\u00f6zmek i\u00e7in Sisi\u2019yi harcayacaklar. Sisi\u2019nin halk\u0131na kar\u015f\u0131 yapt\u0131\u011f\u0131 bask\u0131 ve zul\u00fcmleri bahane edip kendisini g\u00f6revden alacaklar. Sonra \u201cM\u0131s\u0131r\u2019da demokrasiyi ray\u0131na oturtuyoruz, Mursi\u2019yi hapisten \u00e7\u0131kart\u0131yoruz, ama ev hapsine koyuyoruz deyip halk\u0131 oyalayacaklar\u201d<\/span><\/i><\/strong><span style=\"font-family: 'Arial','sans-serif'; font-size: 12pt;\"> \u015feklindeki bilgilere nas\u0131l ula\u015fm\u0131\u015ft\u0131?<\/span><\/p>\n<p style=\"text-align: justify; line-height: 16pt; text-indent: 1cm; margin-bottom: 0pt;\"><strong><span style=\"font-family: 'Arial Black','sans-serif'; font-size: 14pt;\"><span style=\"line-height: 115%; font-family: 'Arial Black','sans-serif'; font-size: 16pt;\">Tahrir\u2019de \u201cM\u00fcbarek Gitsin\u201d diye g\u00f6steri yapanlar da \u015fa\u015fk\u0131nd\u0131!<\/span><\/span><\/strong><\/p>\n<p style=\"text-align: justify; line-height: 16pt; text-indent: 1cm; margin-bottom: 0pt;\"><strong><span style=\"font-family: 'Arial','sans-serif'; font-size: 12pt;\">Acaba AKP niye, <em>&#8220;M\u0131s\u0131r\u2019da darbenin arkas\u0131nda \u0130srail var\u201d<\/em> diyordu? 14 A\u011fustos\u2019ta cunta ola\u011fan\u00fcst\u00fc hal ilan ediyor ve ard\u0131ndan Baradey istifa edip ayr\u0131l\u0131yordu. Birka\u00e7 g\u00fcn sonra <i>\u201c2 Haziran 2011 tarihinde \u00e7ekilen videoda \u0130srail Eski D\u0131\u015fi\u015fleri Bakan\u0131 ve MOSSAD ajan\u0131 <\/i><\/span><\/strong><strong><i><span style=\"font-family: 'Arial Black','sans-serif'; font-size: 12pt;\">Tzipi Livni<\/span><\/i><\/strong><strong><i><span style=\"font-family: 'Arial','sans-serif'; font-size: 12pt;\"> ile Frans\u0131z yazar Bernard-Henri L\u00e9vy&#8217;nin bir oturumdaki konu\u015fmalar\u0131 bug\u00fcn ger\u00e7ekle\u015fen M\u0131s\u0131r darbesini kimlerin planlad\u0131\u011f\u0131n\u0131 ortaya koyuyor.\u201d diyerek video medya ve internete s\u0131zd\u0131r\u0131l\u0131yor ve sonra T\u00fcrkiye&#8217;de Ba\u015fbakan ve h\u00fck\u00fcmet yanda\u015flar\u0131 aniden bu <\/span><\/i><\/strong><strong><i><span style=\"font-family: 'Arial Black','sans-serif'; font-size: 12pt;\">\u201ci\u015fin arkas\u0131nda \u0130srail var!\u201d<\/span><\/i><\/strong><strong><span style=\"font-family: 'Arial','sans-serif'; font-size: 12pt;\"> demeye ba\u015fl\u0131yordu. Yoksa Ba\u015fbakan&#8217;\u0131n tavr\u0131 ana plana uysun ve taban\u0131 da uyusun diye mi yap\u0131l\u0131yordu? Yani Sisi\u2019nin \u0130srail\u2019in adam\u0131 olarak tan\u0131t\u0131lmas\u0131 i\u015fi bizimkilere mi havale ediliyordu. E\u011fer planlar\u0131 i\u015fler ve i\u00e7eriden bir darbeyle Sisi ala\u015fa\u011f\u0131 edilirse bu yeni darbeciler; 1- \u0130srail\u2019in Sisi\u2019sini ala\u015fa\u011f\u0131 etmi\u015f kahraman gibi tan\u0131t\u0131lacaklar, 2- M\u0131s\u0131r Halk\u0131n\u0131 Sisi\u2019nin zulm\u00fcnden kurtarm\u0131\u015f rol\u00fc oynayacaklar, 3- B\u00f6ylece \u201cdarbeyi \u0130srail yapt\u0131\u201d iddialar\u0131 unutturulacak ve as\u0131l yeni Siyonist darbeye me\u015fruiyet kazand\u0131racaklar, 4 \u2013Bu ekip M\u00fcsl\u00fcman aleminde de, Sisi\u2019nin zulm\u00fcnden M\u0131s\u0131r\u2019\u0131 ve halk\u0131n\u0131 kurtaran kadro gibi g\u00f6sterilip, as\u0131l Siyonist darbeyi be\u011fenilir hale sokacaklar. 5- Darbeyi be\u011fenmeyip soka\u011fa \u00e7\u0131kan olursa hepsi ter\u00f6rist ilan edilerek, rahatl\u0131kla vuracaklar! Planlar\u0131 buydu ama, onlar Sisi\u2019ye darbe yaparak Mursi\u2019yi hapisten \u00e7\u0131kar\u0131p ev hapsine alma hesaplar\u0131 yaparken; Sisi M\u00fcbarek\u2019i hapisten \u00e7\u0131kar\u0131p ev hapsine g\u00f6nderince ap\u0131\u015f\u0131p kalm\u0131\u015flard\u0131! Herhalde, kimlerin hangi merkezlerin adam\u0131 oldu\u011fu ileride anla\u015f\u0131lacakt\u0131!<\/span><\/strong><\/p>\n<p style=\"text-align: justify; line-height: 16pt; text-indent: 1cm; margin-bottom: 0pt;\"><span style=\"font-family: 'Arial Black','sans-serif'; font-size: 14pt;\">Dilipak\u2019\u0131n \u015fu itiraflar\u0131 da kafa kar\u0131\u015ft\u0131r\u0131c\u0131yd\u0131!<\/span><\/p>\n<p style=\"text-align: justify; line-height: 16pt; text-indent: 1cm; margin-bottom: 0pt;\"><strong><i><span style=\"font-family: 'Arial','sans-serif'; font-size: 12pt;\">\u201c\u015eu an i\u00e7erde tutuklu bulunan Ergenekonculardan %25\u2019i do\u011frudan de\u011fil, emir komuta zinciri ve mecburiyetiyle olaylarla dolayl\u0131 ili\u015fkisi vard\u0131. Ama d\u0131\u015far\u0131da i\u00e7erdekilerden birka\u00e7 kat\u0131 var ve serbest bulunuyorlar. Yani birilerini i\u00e7eri al\u0131yorlar, di\u011ferlerine de \u201ck\u0131z\u0131m sana s\u00f6yl\u00fcyorum, gelinim sen anla\u201d cinsinden, bak sizi de bu hale getiririm diye \u00fcrk\u00fct\u00fcyorlar. Bir g\u00fc\u00e7 d\u0131\u015far\u0131dakileri kendi emir komuta zinciri i\u00e7erisinde tutmak ve almak istiyor.\u201d<\/span><\/i><\/strong><\/p>\n<p style=\"text-align: justify; line-height: 16pt; text-indent: 1cm; margin-bottom: 0pt;\"><strong><i><span style=\"font-family: 'Arial','sans-serif'; font-size: 12pt;\">\u201cABD ve uluslararas\u0131 sistem bunlar\u0131 kendi kontrol\u00fcne almaya \u00e7al\u0131\u015f\u0131yor. ABD \u0131l\u0131ml\u0131 \u0130slamc\u0131larla yola devam etmek istiyor ve laik Kemalist cuntan\u0131n bir tak\u0131m adamlar\u0131 i\u00e7eri al\u0131n\u0131yor. Yani ABD\u2019nin kontrol\u00fc d\u0131\u015f\u0131ndaki unsurlar ve ABD\u2019nin politikas\u0131n\u0131 desteklemeyen insanlar i\u00e7eri al\u0131n\u0131yor. D\u0131\u015far\u0131da kalanlar ise \u0131l\u0131ml\u0131 \u0130slam politikas\u0131n\u0131 destekliyor. Kar\u015f\u0131 \u00e7\u0131kabilecek olanlara da \u201cdurumunuz onlar gibi olur ha!\u201d diye g\u00f6zda\u011f\u0131 veriliyor.\u201d<\/span><\/i><\/strong><\/p>\n<p style=\"text-align: justify; line-height: 16pt; text-indent: 1cm; margin-bottom: 0pt;\"><strong><i><span style=\"font-family: 'Arial','sans-serif'; font-size: 12pt;\">\u201cCem Uzan gittikten sonra bir evini buldular ve oradaki kasas\u0131na ula\u015ft\u0131lar. Kasay\u0131 a\u00e7\u0131nca da, kasadan para de\u011fil kasetler \u00e7\u0131kt\u0131. Bunu herkes hat\u0131rl\u0131yor\u2026 O kasetler \u015fimdi; <\/span><\/i><\/strong><\/p>\n<p style=\"text-align: justify; line-height: 16pt; text-indent: 1cm; margin-bottom: 0pt;\"><strong><i><span style=\"font-family: 'Arial','sans-serif'; font-size: 12pt;\">1- Emniyet istihbarat\u2019ta<\/span><\/i><\/strong><\/p>\n<p style=\"text-align: justify; line-height: 16pt; text-indent: 1cm; margin-bottom: 0pt;\"><strong><i><span style=\"font-family: 'Arial','sans-serif'; font-size: 12pt;\">2- TMSF\u2019nin elinde bulunuyor.<\/span><\/i><\/strong><\/p>\n<p style=\"text-align: justify; line-height: 16pt; text-indent: 1cm; margin-bottom: 0pt;\"><strong><i><span style=\"font-family: 'Arial','sans-serif'; font-size: 12pt;\">O kasetlerin kopyalar\u0131na gelince, tabi o kasetleri oraya koyanda mutlaka kopyas\u0131 vard\u0131r. Yani o kasetleri servis eden ki\u015fi siyasi pazarl\u0131k da yapacakt\u0131r. Kasetler T\u00fcrkiye\u2019de her zaman i\u015f yapm\u0131\u015ft\u0131r.<\/span><\/i><\/strong><\/p>\n<p style=\"text-align: justify; line-height: 16pt; text-indent: 1cm; margin-bottom: 0pt;\"><strong><i><span style=\"font-family: 'Arial','sans-serif'; font-size: 12pt;\">Hadi \u00d6z\u0131\u015f\u0131k soruyor: Ama (Uzan\u2019a kar\u015f\u0131) o operasyonu yapan \u015fu anda i\u015fba\u015f\u0131ndaki iktidard\u0131r, yani kasetler iktidar\u0131n kasas\u0131nda m\u0131, \u00e7\u00fcnk\u00fc TMSF iktidar\u0131n tayin etti\u011fi bir b\u00fcrokratt\u0131r? <\/span><\/i><\/strong><\/p>\n<p style=\"text-align: justify; line-height: 16pt; text-indent: 1cm; margin-bottom: 0pt;\"><strong><i><span style=\"font-family: 'Arial','sans-serif'; font-size: 12pt;\">Dilipak: \u0130ktidar i\u00e7erisinde bir s\u00fcr\u00fc unsurlar bulunmaktad\u0131r!<\/span><\/i><\/strong><\/p>\n<p style=\"text-align: justify; line-height: 16pt; text-indent: 1cm; margin-bottom: 0pt;\"><strong><i><span style=\"font-family: 'Arial','sans-serif'; font-size: 12pt;\">\u00d6z\u0131\u015f\u0131k: Yani Ahmet Bey TMSF\u2019nin ba\u015f\u0131ndaki ki\u015fi olarak bunlardan haberdar m\u0131d\u0131r?<\/span><\/i><\/strong><\/p>\n<p style=\"text-align: justify; line-height: 16pt; text-indent: 1cm; margin-bottom: 0pt;\"><strong><i><span style=\"font-family: 'Arial','sans-serif'; font-size: 12pt;\">Dilipak: Tamam da her \u015fey Ahmet Beyden ibaret san\u0131lmas\u0131n&#8230; Yani onun memurlar\u0131 u\u011fra\u015f\u0131r.<\/span><\/i><\/strong><\/p>\n<p style=\"text-align: justify; line-height: 16pt; text-indent: 1cm; margin-bottom: 0pt;\"><strong><i><span style=\"font-family: 'Arial','sans-serif'; font-size: 12pt;\">\u00d6z\u0131\u015f\u0131k: Mevcut (AKP) Milletvekilleri ile ilgili de kaset var m\u0131d\u0131r? <\/span><\/i><\/strong><\/p>\n<p style=\"text-align: justify; line-height: 16pt; text-indent: 1cm; margin-bottom: 0pt;\"><strong><i><span style=\"font-family: 'Arial','sans-serif'; font-size: 12pt;\">Dilipak: Ben size \u00f6nemli bir kaynak s\u00f6yl\u00fcyorum, bu kaynak hem milletvekillerine, hem b\u00fcrokratlara, hem belediyelere, hem de i\u015f adamlar\u0131na zaten bilerek bu tezg\u00e2h\u0131 haz\u0131rlad\u0131lar. Birileri bu d\u00f6nem i\u00e7erisinde \u0131srarla birilerine kad\u0131n g\u00f6nderdi. Israrla para ili\u015fkilerine girdi.<\/span><\/i><\/strong><\/p>\n<p style=\"text-align: justify; line-height: 16pt; text-indent: 1cm; margin-bottom: 0pt;\"><strong><span style=\"font-family: 'Arial','sans-serif'; font-size: 12pt;\">\u00d6z\u0131\u015f\u0131k:<\/span><\/strong><span style=\"font-family: 'Arial','sans-serif'; font-size: 12pt;\"> <i>Milletvekillerine mi?<\/i> <\/span><\/p>\n<p style=\"text-align: justify; line-height: 16pt; text-indent: 1cm; margin-bottom: 0pt;\"><strong><span style=\"font-family: 'Arial','sans-serif'; font-size: 12pt;\">Dilipak:<\/span><\/strong><span style=\"font-family: 'Arial','sans-serif'; font-size: 12pt;\"> <i>Herkese\u2026 Milletvekillerine, b\u00fcrokratlara, belediyelere, i\u015fadamlar\u0131na. Kad\u0131n her zaman i\u015f yap\u0131yor. &#8220;\u0130\u015fadamlar\u0131na kad\u0131n g\u00f6nderiyorlar. Ben M\u00fcsl\u00fcman olmaya geldim diyenler var. Ba\u015f\u00f6rt\u00fcl\u00fcs\u00fc de var ba\u015f\u0131 a\u00e7\u0131k olan\u0131 da. Geliyorlar sonra bir s\u00fcre sonra i\u015fadamlar\u0131yla kendi \u00fclkelerine gidiyorlar ve hamile kal\u0131yorlar. \u00c7ocuk do\u011fduktan sonra avukata gidiyor. Bu i\u015fadam\u0131na bir protesto \u00e7ekiyor. Benim m\u00fcvekkilime tecav\u00fcz etmi\u015fsiniz diyor. Bu 3 y\u0131ldan 5 y\u0131la kadar hapis gerektirir diyor. Ama siz sayg\u0131n bir i\u015fadam\u0131s\u0131n\u0131z ve m\u00fcvekkilimin \u00e7ocu\u011funun da babas\u0131s\u0131n\u0131z. Sizin e\u015finiz var \u00e7ocuklar\u0131n\u0131z var diyorlar. Yat\u0131r\u0131mlar\u0131n\u0131za bloke koydururuz diyorlar. \u015eirketin y\u00fczde 25 hissesini ver diyorlar. B\u00f6yle bir olay\u0131n varl\u0131\u011f\u0131n\u0131 yazd\u0131m. Bunu birileri profesyonelce yap\u0131yor. Herkesin kap\u0131s\u0131n\u0131 \u00e7al\u0131yorlar.<\/i><\/span><\/p>\n<p style=\"text-align: justify; line-height: 16pt; text-indent: 1cm; margin-bottom: 0pt;\"><strong><span style=\"font-family: 'Arial','sans-serif'; font-size: 12pt;\">\u00d6z\u0131\u015f\u0131k:<\/span><\/strong><i><span style=\"font-family: 'Arial','sans-serif'; font-size: 12pt;\"> Bunlar kimdir biliyor musunuz, \u00e7ok mu var b\u00f6yle?<\/span><\/i><\/p>\n<p style=\"text-align: justify; line-height: 16pt; text-indent: 1cm; margin-bottom: 0pt;\"><strong><span style=\"font-family: 'Arial','sans-serif'; font-size: 12pt;\">Dilipak:<\/span><\/strong><i><span style=\"font-family: 'Arial','sans-serif'; font-size: 12pt;\"> Evet biliyorum, bir s\u00fcr\u00fc var b\u00f6yle.<\/span><\/i><\/p>\n<p style=\"text-align: justify; line-height: 16pt; text-indent: 1cm; margin-bottom: 0pt;\"><strong><span style=\"font-family: 'Arial','sans-serif'; font-size: 12pt;\">\u00d6z\u0131\u015f\u0131k:<\/span><\/strong><i><span style=\"font-family: 'Arial','sans-serif'; font-size: 12pt;\"> Bu 50 kadar Milletvekili ayartma i\u015finde ba\u015far\u0131l\u0131 olacaklar\u0131n\u0131 ve bu ayartma i\u015finde cemaatten bahsediyorsunuz? <\/span><\/i><\/p>\n<p style=\"text-align: justify; line-height: 16pt; text-indent: 1cm; margin-bottom: 0pt;\"><strong><span style=\"font-family: 'Arial','sans-serif'; font-size: 12pt;\">Dilipak:<\/span><\/strong><i><span style=\"font-family: 'Arial','sans-serif'; font-size: 12pt;\"> (Korkup k\u0131v\u0131rarak) Ben Cemaatlerden bahsediyorum.<\/span><\/i><\/p>\n<p style=\"text-align: justify; line-height: 16pt; text-indent: 1cm; margin-bottom: 0pt;\"><strong><span style=\"font-family: 'Arial','sans-serif'; font-size: 12pt;\">\u00d6z\u0131\u015f\u0131k:<\/span><\/strong><span style=\"font-family: 'Arial','sans-serif'; font-size: 12pt;\"> <i>Cemaatlerden bahsedildi\u011fi zaman malum cemaat olarak alg\u0131lan\u0131yor. \u015eimdi bunlar 50 milletvekilini (AKP\u2019den) koparma noktas\u0131nda hala \u00e7al\u0131\u015f\u0131yorlar m\u0131? <\/i><\/span><\/p>\n<p style=\"text-align: justify; line-height: 16pt; text-indent: 1cm; margin-bottom: 0pt;\"><strong><span style=\"font-family: 'Arial','sans-serif'; font-size: 12pt;\">Dilipak:<\/span><\/strong><i><span style=\"font-family: 'Arial','sans-serif'; font-size: 12pt;\"> Dini gruplar\u0131n siyaset\u00e7ilerle her zaman pazarl\u0131k yapt\u0131\u011f\u0131n\u0131 biliyoruz. Ecevit\u2019le de yap\u0131yorlard\u0131, MHP ile de yap\u0131yorlard\u0131. O partinin listesinden aday g\u00f6sterirler, o cemaatin taban\u0131 da o partiye oy verir. B\u00f6yle yaparak birileri pay istiyor iktidardan. Kald\u0131 ki \u201c\u0131l\u0131ml\u0131 \u0130slam\u201d unsurlar\u0131 b\u00fcrokrasiye enjekte olunacakt\u0131. Tayyip Erdo\u011fan\u2019\u0131 Ba\u015fbakan, Deniz Baykal\u2019\u0131 Cumhurba\u015fkan\u0131 yapacaklard\u0131. Evdeki hesap \u00e7ar\u015f\u0131ya uymad\u0131. Baykal rol\u00fcn\u00fc iyi oynayamad\u0131\u011f\u0131 i\u00e7in bir kasetle cezaland\u0131r\u0131ld\u0131&#8221; <\/span><\/i><strong><span style=\"font-family: 'Arial','sans-serif'; font-size: 12pt;\">diyen \u00a0D\u0130lipak:<\/span><\/strong><\/p>\n<p style=\"text-align: justify; line-height: 16pt; text-indent: 1cm; margin-bottom: 0pt;\"><strong><span style=\"font-family: 'Arial','sans-serif'; font-size: 12pt;\">a- Ergenekon dalgalar\u0131n\u0131n bir Amerikan plan\u0131 oldu\u011funu<\/span><\/strong><\/p>\n<p style=\"text-align: justify; line-height: 16pt; text-indent: 1cm; margin-bottom: 0pt;\"><strong><span style=\"font-family: 'Arial','sans-serif'; font-size: 12pt;\">b- Fetullahc\u0131 Cemaatin de, yine ABD derin devletinin g\u00fcd\u00fcm\u00fcnde bulundu\u011funu<\/span><\/strong><\/p>\n<p style=\"text-align: justify; line-height: 16pt; text-indent: 1cm; margin-bottom: 0pt;\"><strong><span style=\"font-family: 'Arial','sans-serif'; font-size: 12pt;\">c- H\u00fck\u00fcmet ve Cemaatin biri birine sar\u0131lmas\u0131n\u0131 da, kap\u0131\u015fmas\u0131n\u0131 da, Yahudi Lobilerinin tertipleyip sahneye koydu\u011funu, b\u00f6ylece itiraf m\u0131 ediyordu?<\/span><\/strong><\/p>\n<p style=\"text-align: justify; line-height: 16pt; text-indent: 1cm; margin-bottom: 0pt;\"><span style=\"font-family: 'Arial Black', sans-serif; font-size: 14pt; line-height: 16pt; text-indent: 1cm;\"><span style=\"line-height: 115%; font-family: 'Arial Black','sans-serif'; font-size: 16pt;\">Tuncay G\u00fcney Ne Demek \u0130stiyordu?<\/span><\/span><\/p>\n<p style=\"text-align: justify; line-height: 16pt; text-indent: 1cm; margin-bottom: 0pt;\"><strong><i><span style=\"font-family: 'Arial','sans-serif'; font-size: 14pt;\">275 ki\u015finin yarg\u0131land\u0131\u011f\u0131 ve \u00e7ok a\u011f\u0131r cezalara \u00e7arpt\u0131r\u0131ld\u0131\u011f\u0131 Ergenekon davas\u0131ndaki uyduruk bilgi ve belgelerin kayna\u011f\u0131 Tuncay G\u00fcney, Kanada\u2019n\u0131n Toronto kentinde ya\u015fad\u0131\u011f\u0131, y\u0131ll\u0131k kiras\u0131 15 bin dolar olan evinin kap\u0131lar\u0131n\u0131 ilk kez neden H\u00fcrriyet\u2019e a\u00e7m\u0131\u015ft\u0131. Kendisini \u201cErgenekon\u2019un so\u011fuk m\u00fchr\u00fcy\u00fcm\u201d diye tan\u0131mlayan G\u00fcney, \u015fehir merkezinde, giri\u015f ve \u00e7\u0131k\u0131\u015flar\u0131 \u00f6zel g\u00fcvenlik kameralar\u0131yla denetlenen 1.500 dairelik bir sitede, bir oda bir salon, mutfak, banyo ve balkondan olu\u015fan bir evde ya\u015famakta ve yatak odas\u0131nda as\u0131l\u0131 duran \u0130srail bayra\u011f\u0131 alt\u0131nda uyumaktayd\u0131. G\u00fcney, Toronto\u2019da <\/span><\/i><\/strong><strong><i><span style=\"font-family: 'Arial Black','sans-serif'; font-size: 14pt;\">Beth Israil Center<\/span><\/i><\/strong><strong><i><span style=\"font-family: 'Arial','sans-serif'; font-size: 14pt;\"> adl\u0131 bir Yahudi okulunda haham olarak Tevrat dersleri okutmaktayd\u0131. Buras\u0131 asl\u0131nda MOSSAD\u2019\u0131n \u201cUnderground haham\u201dlar\u0131n\u0131n yeti\u015fti\u011fi bir istihbarat okulu olmaktayd\u0131. \u0130\u00e7eride foto\u011fraf \u00e7ekmek yasakt\u0131. 20 kadar \u00f6\u011frenciye ders veren G\u00fcney\u2019in yeti\u015ftirdi\u011fi \u00f6\u011frenciler 8 ay ile 1 y\u0131l aras\u0131nda s\u0131k\u0131 bir e\u011fitim almaktayd\u0131.<\/span><\/i><\/strong><\/p>\n<p style=\"text-align: justify; line-height: 16pt; text-indent: 1cm; margin-bottom: 0pt;\"><strong><i><span style=\"font-family: 'Arial','sans-serif'; font-size: 14pt;\">2001 y\u0131l\u0131ndan beri yurtd\u0131\u015f\u0131nda ya\u015fayan G\u00fcney, Kanada\u2019da vatanda\u015fl\u0131k ald\u0131\u011f\u0131n\u0131, oturma ya da seyahat sorunu olmad\u0131\u011f\u0131n\u0131 s\u00f6yl\u00fcyordu. Allah\u2019a inan\u0131yor, ama hangi dine mensup oldu\u011fu soruldu\u011funda, <\/span><\/i><\/strong><strong><i><span style=\"font-family: 'Arial Black','sans-serif'; font-size: 14pt;\">\u201cElhamd\u00fclillah M\u00fcsl\u00fcman de\u011filim. Ben Tanr\u0131\u2019n\u0131n \u0130srail\u2019i i\u00e7in \u00e7al\u0131\u015f\u0131yorum. Ruhta Yahudi\u2019yim\u201d<\/span><\/i><\/strong><strong><i><span style=\"font-family: 'Arial','sans-serif'; font-size: 14pt;\"> diyordu. Boynunda, \u0130srail yaz\u0131l\u0131 alt\u0131n kolye, kolunda da \u201cDaniel\u201d yaz\u0131l\u0131 k\u00fcnye ta\u015f\u0131yordu. \u00dczerinde \u015f\u0131k giysiler ve pahal\u0131 tak\u0131larla dola\u015f\u0131yordu. Kolunda seramik kordonlu saatinin de\u011ferinin 5 bin dolar oldu\u011funu ve bunun gibi 20 saati daha oldu\u011funu belirtip \u00f6v\u00fcn\u00fcyor ve en pahal\u0131 markalardan giyiniyordu. Nas\u0131l ge\u00e7indi\u011fi soruldu\u011funda, \u201cTanr\u0131\u2019n\u0131n yard\u0131mlar\u0131yla\u201d yan\u0131t\u0131n\u0131 veriyordu. <\/span><\/i><\/strong><strong><i><span style=\"font-family: 'Arial Black','sans-serif'; font-size: 14pt;\">\u201cArkamda bir CIA, MOSSAD, M\u0130T yok. Ama paralar geliyor, nereden geldi\u011fini ben de bilemem\u201d<\/span><\/i><\/strong><strong><i><span style=\"font-family: 'Arial','sans-serif'; font-size: 14pt;\"> deyip \u00e7\u0131k\u0131yordu.<\/span><\/i><\/strong><\/p>\n<p style=\"text-align: justify; line-height: 16pt; text-indent: 1cm; margin-bottom: 0pt;\"><strong><span style=\"font-family: 'Arial','sans-serif'; font-size: 12pt;\">Kiras\u0131 \u00e7al\u0131\u015ft\u0131\u011f\u0131 kurum taraf\u0131ndan \u00f6deniyordu. Salonunu, deri koltuk tak\u0131m\u0131, \u00fczerinde M\u0131s\u0131r mitolojisini anlatan kedi fig\u00fcrl\u00fc firavun heykeli, sehpada k\u00f6peklerin \u00fczerinde duran y\u0131lan ba\u015fl\u0131kl\u0131 b\u0131\u00e7ak, duvarda \u00e7amurlu bir el i\u00e7indeki Davut y\u0131ld\u0131z\u0131 foto\u011fraf\u0131 s\u00fcsl\u00fcyordu. Mutfakta, yemek oca\u011f\u0131 ve \u00fczerinde \u201c\u015eabat\u201dlarda mum yak\u0131lan bir Yahudi \u015eamdan\u0131 bulunan bir buzdolab\u0131 ile duvar\u0131nda mantar pano bulunuyordu. Yatak odas\u0131nda ise ba\u015fucunda <\/span><\/strong><strong><i><span style=\"font-family: 'Arial Black','sans-serif'; font-size: 12pt;\">\u201cAlt\u0131nda uyumak ba\u015fka bir mutluluk dedi\u011fi\u201d<\/span><\/i><\/strong><strong><span style=\"font-family: 'Arial','sans-serif'; font-size: 12pt;\"> \u0130srail bayra\u011f\u0131 as\u0131l\u0131 duruyordu. Kap\u0131n\u0131n d\u0131\u015f\u0131nda, b\u00fct\u00fcn Yahudi evlerinin giri\u015finde bulunan \u201cMezuza\u201d atl\u0131 Yahudi duas\u0131 g\u00f6ze \u00e7arp\u0131yordu. Toronto\u2019da yapt\u0131\u011f\u0131 i\u015fin kar\u015f\u0131l\u0131\u011f\u0131 olarak ayda 5 bin dolar alan ve kendisine \u00f6zel \u015fof\u00f6rl\u00fc bir de ara\u00e7 tahsis edilen G\u00fcney, rahat bir hayat ya\u015f\u0131yordu. <\/span><\/strong><\/p>\n<p style=\"text-align: justify; line-height: 16pt; text-indent: 1cm; margin-bottom: 0pt;\"><span style=\"font-family: 'Arial Black','sans-serif'; font-size: 14pt;\">\u201cTehdit ald\u0131n\u0131z m\u0131 hi\u00e7?\u201d sorusuna, tehditle yan\u0131t verip meydan okuyordu:<\/span><\/p>\n<p style=\"text-align: justify; line-height: 16pt; text-indent: 1cm; margin-bottom: 0pt;\"><strong><i><span style=\"font-family: 'Arial','sans-serif'; font-size: 12pt;\">\u201cBana kar\u015f\u0131 fiziki bir sald\u0131r\u0131n\u0131n bedeli herkes i\u00e7in \u00e7ok ac\u0131 olacakt\u0131r. Bunu kar\u015f\u0131l\u0131ks\u0131z b\u0131rakmay\u0131z. Kral\u0131 bile bana dokunamaz. Biz de onlar\u0131n buradaki kendi adamlar\u0131na \u00f6yle bir sald\u0131r\u0131da bulunuruz ki, evlerindeki t\u00fcllerinin arkas\u0131ndan bakamazlar. B\u00f6yle bir sald\u0131r\u0131n\u0131n ne getirece\u011fini kendileri de bilir\u201d.<\/span><\/i><\/strong><\/p>\n<p style=\"text-align: justify; line-height: 16pt; text-indent: 1cm; margin-bottom: 0pt;\"><span style=\"font-family: 'Arial Black','sans-serif'; font-size: 14pt;\">Ergenekon davas\u0131n\u0131n sonu\u00e7lar\u0131n\u0131 de\u011ferlendiren Tuncay G\u00fcney, \u015funlar\u0131 s\u00f6yl\u00fcyordu:<\/span><\/p>\n<p style=\"text-align: justify; line-height: 16pt; text-indent: 1cm; margin-bottom: 0pt;\"><strong><i><span style=\"font-family: 'Arial','sans-serif'; font-size: 12pt;\">\u201cBu beklenen bir \u015feydi. 5 y\u0131l yatt\u0131lar, bir 5 y\u0131l daha yatarlar. Bu insanlar\u0131 m\u00fcebbet olarak hapislerde tutamazs\u0131n\u0131z. E\u011fer savunma yapmasalard\u0131 halk\u0131n g\u00f6z\u00fcnde kahraman olurlard\u0131. Mahkemeyi kilitlemelisiniz. Hi\u00e7biri savc\u0131l\u0131kta ifade vermeseydi, dosya mahkemeye gitmezdi. Mahkemeyi kilitleyebilirdiniz&#8230; Zaten yatacaks\u0131n\u0131z. Savunma yapsan da yat\u0131yorsun, yapmasan da. <\/span><\/i><\/strong><strong><i><span style=\"font-family: 'Arial Black','sans-serif'; font-size: 12pt;\">T\u00fcrkiye\u2019de adalet aramak, genelevde bakire k\u0131z aramaya benzer. <\/span><\/i><\/strong><strong><i><span style=\"font-family: 'Arial','sans-serif'; font-size: 12pt;\">Neyin adaletini ar\u0131yorlar bilmiyorum. <\/span><\/i><\/strong><strong><i><span style=\"font-family: 'Arial Black','sans-serif'; font-size: 12pt;\">Ergenekon bir ter\u00f6r \u00f6rg\u00fct\u00fc de\u011fil, sistemin, rejimin kendi te\u015fkilat\u0131.<\/span><\/i><\/strong><strong><i><span style=\"font-family: 'Arial','sans-serif'; font-size: 12pt;\"> Bu sistem kendi mitolojisini, efsanesini yarg\u0131lad\u0131. Cezalar tabii ki a\u011f\u0131r. Zaten bekliyorduk. Benim i\u00e7in s\u00fcrpriz olmad\u0131. \u0130nsanlar sorguluyor, \u00e7\u00fcnk\u00fc neyin ne oldu\u011funu bilmiyor. Halk bu olay\u0131n y\u00fczde 1\u2019ini, mahkeme y\u00fczde 5\u2019ini biliyor. Mahkeme bilmedi\u011fi bir \u015fey \u00fczerine m\u00fcebbet verdi zaten. \u2018Bu Ergenekon neydi?\u2019 deyin, hi\u00e7biri bir a\u00e7\u0131klama yapamayacak. <\/span><\/i><\/strong><strong><i><span style=\"font-family: 'Arial Black','sans-serif'; font-size: 12pt;\">\u2018Ergenekon bir ter\u00f6r \u00f6rg\u00fct\u00fc\u2019 demek bir haks\u0131zl\u0131k. Ergenekon bitti demek de bir hayalperestlik.<\/span><\/i><\/strong><strong><i><span style=\"font-family: 'Arial','sans-serif'; font-size: 12pt;\"> Baz\u0131lar\u0131 zafer sarho\u015flu\u011funda. Buzda\u011f\u0131n\u0131n g\u00f6r\u00fcnen bir k\u0131sm\u0131 sadece. \u0130\u00e7eridekiler i\u00e7in tamamen haks\u0131zd\u0131rlar diyemem. Beni \u00f6nce kara kutu diye servis yapt\u0131n\u0131z, sonra ma\u00e7tan \u00e7\u0131kard\u0131n\u0131z. Beni diskalifiye ettiler. Sistem beni \u00e7\u0131karmak istedi. Ergenekon\u2019dan yarg\u0131lananlar\u0131n ve Ergenekon\u2019a kar\u015f\u0131 olanlar\u0131n hem fikir oldu\u011fu bir \u015fey vard\u0131: Tuncay G\u00fcney\u2019i ma\u00e7tan \u00e7\u0131karal\u0131m. Ve \u00e7\u0131kard\u0131lar. Sonu\u00e7 m\u00fcebbetti, m\u00fcebbet oldu i\u015fte. Ben tan\u0131k olmad\u0131m. Gizli tan\u0131k da olmad\u0131m. \u2018Sen bize tan\u0131kl\u0131k i\u00e7in ba\u015fvur\u2019 dediler. \u2018Uluslararas\u0131 Tan\u0131kl\u0131k Yasas\u0131\u2019n\u0131 uygulay\u0131n o zaman\u2019 dedim, uygulayamad\u0131lar. E\u011fer uygulam\u0131\u015f olsalard\u0131, bug\u00fcn cezaevindekiler i\u00e7eride olmam\u0131\u015f olabilirlerdi.\u201d <\/span><\/i><\/strong><\/p>\n<p style=\"text-align: justify; line-height: 16pt; text-indent: 1cm; margin-bottom: 0pt;\"><span style=\"font-family: 'Arial Black','sans-serif'; font-size: 16pt;\">\u201c<span style=\"font-size: 14pt;\">1 numara yoktu Ba\u015fbu\u011f\u2019u bulup koydular!\u201d iddias\u0131nda bulunuyordu!<\/span><\/span><\/p>\n<p style=\"text-align: justify; line-height: 16pt; text-indent: 1cm; margin-bottom: 0pt;\"><i><span style=\"font-family: 'Arial','sans-serif'; font-size: 14pt;\">\u201c\u0130lker Ba\u015fbu\u011f\u2019un neden yarg\u0131land\u0131\u011f\u0131n\u0131 bilmiyorum. Daha do\u011frusu, Ergenekon mahkemesi neyi ayd\u0131nlatt\u0131? Faili me\u00e7hul cinayetler \u00e7\u00f6z\u00fcld\u00fc m\u00fc? Bu insanlar\u0131 da neden yarg\u0131lad\u0131klar\u0131n\u0131 da bilmiyoruz. Ergenekon\u2019un ortada 1 numaras\u0131 yoktu. \u00dcst d\u00fczeyde birisi yoktu. \u0130lker Ba\u015fbu\u011f\u2019u koydular. Okey tamamlanm\u0131\u015f oldu. Ergenekon\u2019a lider laz\u0131md\u0131. Ald\u0131lar Genel Kurmay Ba\u015fkan\u0131\u2019n\u0131, adam\u0131n ba\u015f\u0131n\u0131 yakt\u0131lar. Ergenekon bir Bat\u0131 \u00c7al\u0131\u015fma Grubu da de\u011fildir. Ergenekon, rejimin ve sistemin kendisidir. Ergenekon, Ergenekon\u2019la gizlenmi\u015ftir, Ergenekon de\u015fifre edilmemi\u015ftir. Ergenekon, reforme etmi\u015ftir kendini. Ergenekon\u2019un bir kolu su\u00e7a g\u00fcnaha bula\u015fm\u0131\u015ft\u0131. Miad\u0131 dolmu\u015ftu. O kolu kestiler. Bu, buzda\u011f\u0131n\u0131n sadece g\u00f6r\u00fcnen k\u0131sm\u0131. \u015eimdi vesayet de\u011fi\u015fti. Yarg\u0131 (kendi) mitolojisini, yani hukuk, (kendi) efsanesini cezaland\u0131rd\u0131.\u201d<\/span><\/i><\/p>\n<p style=\"text-align: justify; line-height: 16pt; text-indent: 1cm; margin-bottom: 0pt;\"><span style=\"font-family: 'Arial Black','sans-serif'; font-size: 14pt;\">Tuncay G\u00fcney kimdir?<\/span><\/p>\n<p style=\"text-align: justify; line-height: 16pt; text-indent: 1cm; margin-bottom: 0pt;\"><strong><span style=\"font-family: 'Arial','sans-serif'; font-size: 14pt;\">Farkl\u0131 medya kurulu\u015flar\u0131nda gazetecilik yapan 41 ya\u015f\u0131ndaki Tuncay G\u00fcney, 02 Mart 2001\u2019de \u00e7al\u0131nt\u0131 bir arac\u0131 \u0130stanbul&#8217;da satmaya \u00e7al\u0131\u015f\u0131rken, \u0130stanbul Emniyet M\u00fcd\u00fcrl\u00fc\u011f\u00fc Ka\u00e7ak\u00e7\u0131l\u0131k ve Organize Su\u00e7lar \u015eubesi\u2019nce yakalanm\u0131\u015ft\u0131. \u015eubenin o d\u00f6nemki m\u00fcd\u00fcr\u00fc Adil Serdar Sa\u00e7an ve ekibi taraf\u0131ndan sorgulanan G\u00fcney\u2019in evinde yap\u0131lan aramalarda, Ergenekon davas\u0131n\u0131n temelini olu\u015fturan 6 \u00e7uval belge \u00e7\u0131km\u0131\u015ft\u0131. Belgeler aras\u0131nda, \u00f6rg\u00fct\u00fcn \u015femas\u0131 vard\u0131. Emniyette kamera kar\u015f\u0131s\u0131nda verdi\u011fi ifadelerde ba\u015fta Veli K\u00fc\u00e7\u00fck olmak \u00fczere bir\u00e7ok asker, siyaset\u00e7i ve b\u00fcrokrat\u0131 Ergenekon\u2019a \u00fcye olmakla su\u00e7layan G\u00fcney, bu iddialar\u0131, kat\u0131ld\u0131\u011f\u0131 bir\u00e7ok televizyon program\u0131nda da tekrarlam\u0131\u015ft\u0131. G\u00fcney, Ergenekon davas\u0131 kapsam\u0131nda ifadeye \u00e7a\u011f\u0131r\u0131l\u0131nca, 2009 y\u0131l\u0131nda Kanada\u2019ya ka\u00e7m\u0131\u015ft\u0131. Halen Kanada\u2019da hahaml\u0131k yapan G\u00fcney, daha sonra emniyette verdi\u011fi ifadelerin do\u011fru olmad\u0131\u011f\u0131n\u0131 ve Adil Serdar Sa\u00e7an ile ekibinin kendisine i\u015fkence yapt\u0131\u011f\u0131n\u0131 ortaya atm\u0131\u015ft\u0131. Ergenekon davas\u0131n\u0131n kara kutular\u0131ndan biri olan G\u00fcney hakk\u0131nda, \u201cCIA ajan\u0131, M\u0130T \u00e7al\u0131\u015fan\u0131, Cemaatin eleman\u0131, \u0130srail\u2019in adam\u0131 oldu\u011fu\u201d \u015feklindeki iddialar s\u0131k s\u0131k g\u00fcndeme ta\u015f\u0131nm\u0131\u015ft\u0131. H\u00fcrriyet\u2019in yapt\u0131\u011f\u0131 bu r\u00f6portajla, b\u00fct\u00fcn bunlar \u201ciddia\u201d olmaktan \u00e7\u0131km\u0131\u015f, hakl\u0131l\u0131k kazanm\u0131\u015ft\u0131. Evet Tuncay G\u00fcney, Yahudi as\u0131ll\u0131 (sonradan Yahudili\u011fe girmek ve kabul g\u00f6rmek imkans\u0131zd\u0131) MOSSAD ajan\u0131, Fetullah Cemaatinin adam\u0131 ve M\u0130T\u2019le irtibatl\u0131 karanl\u0131k ve kiral\u0131k bir fig\u00fcrand\u0131.<\/span><\/strong><\/p>\n<p style=\"text-align: justify; line-height: 16pt; text-indent: 1cm; margin-bottom: 0pt;\"><span style=\"font-family: 'Arial Black','sans-serif'; font-size: 14pt;\">Gizli D\u00fcnya h\u00fck\u00fcmetinin ve ABD Derin Devletinin ba\u015f\u0131 Siyonist Yahudi i\u015fadam\u0131 Rockefeller\u2019\u0131n baz\u0131 a\u00e7\u0131klamalar\u0131, Rahmetli Erbakan\u2019\u0131 hakl\u0131 \u00e7\u0131kar\u0131yordu!<\/span><\/p>\n<p style=\"text-align: justify; line-height: 16pt; text-indent: 1cm; margin-bottom: 0pt;\"><strong><i><span style=\"font-family: 'Arial','sans-serif'; font-size: 12pt;\">\u201cAtat\u00fcrk y\u00fcz\u00fcnden, planlar\u0131m\u0131z\u0131 yar\u0131m y\u00fczy\u0131l ertelemek zorunda kald\u0131k\u201d diyen ABD\u2019li bankac\u0131, i\u015f adam\u0131 David Rockefeller\u2019\u0131n \u00e7ok uzun ve ayr\u0131nt\u0131l\u0131 (10 sayfa) \u201citiraf a\u00e7\u0131klamalar\u0131\u201dndan baz\u0131 notlar:<\/span><\/i><\/strong><\/p>\n<p style=\"text-align: justify; line-height: 16pt; text-indent: 1cm; margin-bottom: 0pt;\"><strong><i><span style=\"font-family: 'Arial','sans-serif'; font-size: 12pt;\">\u201cT\u00fcrkiye\u2019ye, Adnan Menderes zaman\u0131nda \u201cMarshall yard\u0131m\u0131\u201d ile el att\u0131k ve kontrol alt\u0131na ald\u0131k.\u201d<\/span><\/i><\/strong><\/p>\n<p style=\"text-align: justify; line-height: 16pt; text-indent: 1cm; margin-bottom: 0pt;\"><strong><i><span style=\"font-family: 'Arial','sans-serif'; font-size: 12pt;\">\u201c1980 darbesi bizim isteklerimiz do\u011frultusunda yap\u0131ld\u0131, (ama sonra kontrol\u00fcm\u00fczden \u00e7\u0131kmaya ba\u015flad\u0131)\u201d<\/span><\/i><\/strong><\/p>\n<p style=\"text-align: justify; line-height: 16pt; text-indent: 1cm; margin-bottom: 0pt;\"><strong><i><span style=\"font-family: 'Arial','sans-serif'; font-size: 12pt;\">\u201cBinlerce T\u00fcrk gencini, uydurma ideolojiler u\u011fruna birbirine k\u0131yd\u0131rd\u0131k\u201d<\/span><\/i><\/strong><\/p>\n<p style=\"text-align: justify; line-height: 16pt; text-indent: 1cm; margin-bottom: 0pt;\"><strong><i><span style=\"font-family: 'Arial','sans-serif'; font-size: 12pt;\">\u201cTurgut \u00d6zal, isteklerimiz do\u011frultusunda kap\u0131lar\u0131 sonuna kadar a\u00e7t\u0131. T\u00fcrkiye\u2019de para putla\u015ft\u0131r\u0131lmaya, arkada\u015f, dost, aile gibi kavramlar ve kutsallar unutulmaya ba\u015fland\u0131.\u201d<\/span><\/i><\/strong><\/p>\n<p style=\"text-align: justify; line-height: 16pt; text-indent: 1cm; margin-bottom: 0pt;\"><strong><i><span style=\"font-family: 'Arial','sans-serif'; font-size: 12pt;\">\u201cK\u00fcrt Devleti projesini\u201d hayata ge\u00e7irmek i\u00e7in \u00f6nce \u00f6rg\u00fct yaratt\u0131k. (PKK).\u201d<\/span><\/i><\/strong><\/p>\n<p style=\"text-align: justify; line-height: 16pt; text-indent: 1cm; margin-bottom: 0pt;\"><strong><i><span style=\"font-family: 'Arial','sans-serif'; font-size: 12pt;\">\u201cT\u00fcrkiye bizim i\u00e7in (\u0130srail ad\u0131na) \u00e7ok \u00f6nemli&#8230; Su kaynaklar\u0131n\u0131n \u00f6nemli bir k\u0131sm\u0131 burada bulunmaktad\u0131r\u201d<\/span><\/i><\/strong><\/p>\n<p style=\"text-align: justify; line-height: 16pt; text-indent: 1cm; margin-bottom: 0pt;\"><strong><i><span style=\"font-family: 'Arial','sans-serif'; font-size: 12pt;\">\u201cMedeniyetin be\u015fi\u011fi olarak T\u00fcrkleri kabul edemezdik, bu mirasa el koymal\u0131yd\u0131k. Zaten bu maksatla Osmanl\u0131\u2019y\u0131 y\u0131kmak zor olmad\u0131.\u201d<\/span><\/i><\/strong><\/p>\n<p style=\"text-align: justify; line-height: 16pt; text-indent: 1cm; margin-bottom: 0pt;\"><strong><i><span style=\"font-family: 'Arial','sans-serif'; font-size: 12pt;\">\u201cHitler, bizim taraf\u0131m\u0131zdan iktidara ta\u015f\u0131nd\u0131, \u00e7\u00fcnk\u00fc buradaki Yahudiler, \u0130srail devletini kurmaya yard\u0131mc\u0131 olmad\u0131lar.\u201d<\/span><\/i><\/strong><\/p>\n<p style=\"text-align: justify; line-height: 16pt; text-indent: 1cm; margin-bottom: 0pt;\"><strong><i><span style=\"font-family: 'Arial','sans-serif'; font-size: 12pt;\">\u201cAtom bombas\u0131, Yahudilerin ya\u015fad\u0131\u011f\u0131 Almanya\u2019ya at\u0131lamazd\u0131, bu nedenle Japonya k\u0131\u015fk\u0131rt\u0131ld\u0131 ve oraya at\u0131larak g\u00fcc\u00fcm\u00fcz ve kararl\u0131\u011f\u0131m\u0131z ispatland\u0131\u201d<\/span><\/i><\/strong><\/p>\n<p style=\"text-align: justify; line-height: 16pt; text-indent: 1cm; margin-bottom: 0pt;\"><strong><i><span style=\"font-family: 'Arial','sans-serif'; font-size: 12pt;\">\u201c\u0130srail Devleti, Rotschild Ailesi\u2019nin c\u00f6mert mali deste\u011fi ile kuruldu. Rockfeller sayesinde ayakta kald\u0131\u201d<\/span><\/i><\/strong><\/p>\n<p style=\"text-align: justify; line-height: 16pt; text-indent: 1cm; margin-bottom: 0pt;\"><strong><i><span style=\"font-family: 'Arial','sans-serif'; font-size: 12pt;\">\u201cSovyetler Birli\u011fi\u2019ne yeteri kadar \u00fclke b\u0131rak\u0131lm\u0131\u015f, Kom\u00fcnist ihtilali i\u00e7in mali destek sa\u011flanm\u0131\u015ft\u0131\u201d<\/span><\/i><\/strong><\/p>\n<p style=\"text-align: justify; line-height: 16pt; text-indent: 1cm; margin-bottom: 0pt;\"><strong><i><span style=\"font-family: 'Arial','sans-serif'; font-size: 12pt;\">\u00c7in, hen\u00fcz tamamen kontrol edemedi\u011fimiz bir \u00fclke ama ABD (Yahudi) ekonomisine katk\u0131s\u0131 b\u00fcy\u00fck olmaktad\u0131r\u201d.<\/span><\/i><\/strong><\/p>\n<p style=\"text-align: justify; line-height: 16pt; text-indent: 1cm; margin-bottom: 0pt;\"><strong><i><span style=\"font-family: 'Arial','sans-serif'; font-size: 12pt;\">\u201cVietnam, Kore, Kambo\u00e7ya, Tayland, Endonezya, Afganistan, \u0130ran-Irak ve Yugoslavya\u2019daki \u00e7at\u0131\u015fma, i\u015fgal ve b\u00f6l\u00fcnmeler sava\u015f sanayimizin deneme ve geli\u015fmesine yaram\u0131\u015ft\u0131r.\u201d <\/span><\/i><\/strong><\/p>\n<p style=\"text-align: justify; line-height: 16pt; text-indent: 1cm; margin-bottom: 0pt;\"><strong><i><span style=\"font-family: 'Arial','sans-serif'; font-size: 12pt;\">\u201cZaire, \u00c7ad, Yemen, Guatemala, \u015eili, Brezilya, Dominik, Somali, Panama, El Salvador, Bolivya, Ekvator, Peru, Uruguay, Angola\u2019daki sava\u015flar ve darbeler bizim planlar\u0131m\u0131zd\u0131.\u201d<\/span><\/i><\/strong><\/p>\n<p style=\"text-align: justify; line-height: 16pt; text-indent: 1cm; margin-bottom: 0pt;\"><strong><i><span style=\"font-family: 'Arial','sans-serif'; font-size: 12pt;\">\u201cB\u00fct\u00fcn \u00fclke y\u00f6netimlerini kontrol alt\u0131nda tutuyoruz, aksi halde ter\u00f6r olaylar\u0131n\u0131 devreye sokuyoruz.\u201d<\/span><\/i><\/strong><\/p>\n<p style=\"text-align: justify; line-height: 16pt; text-indent: 1cm; margin-bottom: 0pt;\"><strong><i><span style=\"font-family: 'Arial','sans-serif'; font-size: 12pt;\">\u201cD\u00fcnyada hi\u00e7bir yerde b\u00fcy\u00fck \u00e7apl\u0131 mafya ve ka\u00e7ak\u00e7\u0131l\u0131k olaylar\u0131 bizim iznimiz olmadan yap\u0131lamaz.\u201d <a title=\"title\" href=\"#ftn1\"><span style=\"vertical-align: super;\"><strong><span style=\"line-height: 115%; font-family: 'Arial','sans-serif'; font-size: 12pt;\">[1]<\/span><\/strong><\/span><\/a><\/span><\/i><\/strong><\/p>\n<p style=\"text-align: justify; line-height: 16pt; text-indent: 1cm; margin-bottom: 0pt;\"><strong><span style=\"font-family: 'Arial','sans-serif'; font-size: 14pt;\">B\u00fct\u00fcn bunlardan sonra Abdurrahman Dilipak\u2019\u0131n \u015fu konular\u0131 da a\u00e7\u0131klamas\u0131 ve ku\u015fkular\u0131 da\u011f\u0131tmas\u0131 bekleniyordu:<\/span><\/strong><\/p>\n<p style=\"text-align: justify; line-height: 16pt; text-indent: 1cm; margin-bottom: 0pt;\"><strong><span style=\"font-family: 'Arial','sans-serif'; font-size: 14pt;\"><strong><span style=\"line-height: 115%; font-family: 'Calibri Light','sans-serif'; font-size: 14pt;\">\u2022<\/span><\/strong> Sn. Recep T. Erdo\u011fan\u2019\u0131n, E\u015fba\u015fkan\u0131 oldu\u011funu tam 32 yerde a\u00e7\u0131klad\u0131\u011f\u0131 BOP ile Arap Bahar\u0131n\u0131n ve K\u00fcrt a\u00e7\u0131l\u0131m\u0131n\u0131n bir irtibat\u0131 var m\u0131yd\u0131?<\/span><\/strong><\/p>\n<p style=\"text-align: justify; line-height: 16pt; text-indent: 1cm; margin-bottom: 0pt;\"><strong><span style=\"font-family: 'Arial','sans-serif'; font-size: 14pt;\"><strong><span style=\"line-height: 115%; font-family: 'Calibri Light','sans-serif'; font-size: 14pt;\">\u2022<\/span><\/strong> Erbakan\u2019a bir y\u0131l bile dayanamayan ve iktidar\u0131n\u0131 post modern darbe ile y\u0131kan Amerika, \u015fimdi Sn. Recep T. Erdo\u011fan\u2019a g\u00fcc\u00fc m\u00fc yetmiyordu, yoksa AKP\u2019nin b\u00f6yle davranmas\u0131 -yani g\u00f6r\u00fcn\u00fc\u015fte ABD ve \u0130srail kar\u015f\u0131t\u0131 tav\u0131r tak\u0131n\u0131p ger\u00e7ekte onlar\u0131n projelerine hizmet sunmas\u0131- m\u0131 i\u015flerine geliyordu?<\/span><\/strong><\/p>\n<p style=\"text-align: justify; line-height: 16pt; text-indent: 1cm; margin-bottom: 0pt;\"><strong><span style=\"font-family: 'Arial','sans-serif'; font-size: 14pt;\"><strong><span style=\"line-height: 115%; font-family: 'Calibri Light','sans-serif'; font-size: 14pt;\">\u2022<\/span><\/strong> Sizler gibi \u0130slamc\u0131 ayd\u0131nlar ve yay\u0131nc\u0131lar da; bir yandan ABD ve \u0130srail\u2019i su\u00e7lay\u0131p sata\u015farak, \u00f6te taraftan T\u00fcrkiye\u2019nin siyonizmin g\u00fcd\u00fcm\u00fcndeki AB\u2019ye girme \u00e7abas\u0131n\u0131, demokrasi ad\u0131na tarihi ad\u0131m olarak alk\u0131\u015flayarak, halk\u0131n tepkilerini t\u00f6rp\u00fclemeye ve siyasi ferasetlerini k\u00f6rletmeye mi \u00e7al\u0131\u015fmaktayd\u0131?<\/span><\/strong><\/p>\n<p style=\"text-align: justify; line-height: 16pt; text-indent: 1cm; margin-bottom: 0pt;\"><strong><span style=\"font-family: 'Arial','sans-serif'; font-size: 14pt;\"><strong><span style=\"line-height: 115%; font-family: 'Calibri Light','sans-serif'; font-size: 14pt;\">\u2022<\/span><\/strong> AKP iktidar\u0131n\u0131n, sizler gibi \u0130slamc\u0131lar\u0131n ve ilahiyat hocalar\u0131n\u0131n Kur\u2019an\u2019a ve S\u00fcnnete dayal\u0131 evrensel \u0130slami projeler ortaya koymaya ve uygulamaya, ak\u0131llar\u0131 ve bilgi da\u011farc\u0131klar\u0131 m\u0131 yetmiyordu, yoksa cesaret fukaras\u0131 olarak imanlar\u0131 ve vicdanlar\u0131 m\u0131 yetersiz kal\u0131yordu?<\/span><\/strong><\/p>\n<p style=\"text-align: justify; line-height: 16pt; text-indent: 1cm; margin-bottom: 0pt;\"><strong><span style=\"font-family: 'Arial','sans-serif'; font-size: 14pt;\"><span style=\"line-height: 115%; font-family: 'Arial','sans-serif'; font-size: 14pt;\">Ve zaten Siyonistlerin beyin tak\u0131m\u0131, topunuzun bir Erbakan etmedi\u011fini \u00e7ok iyi bildikleri i\u00e7in, Onun yolunu t\u0131k\u0131yor ama sizlerin \u00f6n\u00fcn\u00fc a\u00e7\u0131yordu!<\/span><\/span><\/strong><strong><span style=\"line-height: 115%; font-family: 'Arial','sans-serif'; font-size: 14pt;\">\u00a0<\/span><\/strong>\u00a0<\/p>\n<div>\n<hr align=\"left\" size=\"1\" width=\"33%\" \/>\n<div>\n<p><span style=\"line-height: 115%; font-family: 'Arial','sans-serif'; font-size: 9pt;\"> [1] Yeni\u00e7a\u011f \/ 10 08 2013 (Yeni\u00e7a\u011f \u2013Hulki Cevizo\u011flu\u2019nun notlar\u0131, asl\u0131yla kar\u015f\u0131la\u015ft\u0131r\u0131l\u0131p baz\u0131 d\u00fczeltme ve eklemeler yap\u0131lm\u0131\u015ft\u0131r.)<\/span><\/p>\n<\/p><\/div>\n<\/p><\/div>\n","protected":false},"excerpt":{"rendered":"<p>Abdurrahman Dilipak\u2019\u0131n TGRT Haber Bas\u0131n Odas\u0131\u2019nda Hadi \u00d6z\u0131\u015f\u0131k\u2019a, Ergenekon davas\u0131, Cemaat-H\u00fck\u00fcmet kap\u0131\u015fmas\u0131 ve kaset sava\u015flar\u0131 ile ilgili \u00e7arp\u0131c\u0131 itiraflar\u0131n\u0131 ve \u015fimdi Kanada\u2019da Hahaml\u0131k yapan Tuncay G\u00fcney\u2019in a\u00e7\u0131klamalar\u0131n\u0131 dikkatlerinize sunuyoruz. Ve tabi bu birbirine benzer gizli ve kirli bilgilere nas\u0131l ula\u015ft\u0131klar\u0131n\u0131 ve neyi ama\u00e7lad\u0131klar\u0131n\u0131 da merak edip soruyoruz: 1- Il\u0131ml\u0131 \u0130slam bir ABD projesi ise Cemaat [&hellip;]<\/p>\n","protected":false},"author":9,"featured_media":0,"comment_status":"open","ping_status":"closed","sticky":false,"template":"","format":"standard","meta":{"footnotes":""},"categories":[98],"tags":[],"class_list":["post-2694","post","type-post","status-publish","format-standard","hentry","category-ozel-yazilar"],"_links":{"self":[{"href":"https:\/\/www.millicozum.com\/mc\/wp-json\/wp\/v2\/posts\/2694","targetHints":{"allow":["GET"]}}],"collection":[{"href":"https:\/\/www.millicozum.com\/mc\/wp-json\/wp\/v2\/posts"}],"about":[{"href":"https:\/\/www.millicozum.com\/mc\/wp-json\/wp\/v2\/types\/post"}],"author":[{"embeddable":true,"href":"https:\/\/www.millicozum.com\/mc\/wp-json\/wp\/v2\/users\/9"}],"replies":[{"embeddable":true,"href":"https:\/\/www.millicozum.com\/mc\/wp-json\/wp\/v2\/comments?post=2694"}],"version-history":[{"count":0,"href":"https:\/\/www.millicozum.com\/mc\/wp-json\/wp\/v2\/posts\/2694\/revisions"}],"wp:attachment":[{"href":"https:\/\/www.millicozum.com\/mc\/wp-json\/wp\/v2\/media?parent=2694"}],"wp:term":[{"taxonomy":"category","embeddable":true,"href":"https:\/\/www.millicozum.com\/mc\/wp-json\/wp\/v2\/categories?post=2694"},{"taxonomy":"post_tag","embeddable":true,"href":"https:\/\/www.millicozum.com\/mc\/wp-json\/wp\/v2\/tags?post=2694"}],"curies":[{"name":"wp","href":"https:\/\/api.w.org\/{rel}","templated":true}]}}