{"id":276,"date":"2006-11-25T02:47:55","date_gmt":"2006-11-25T02:47:55","guid":{"rendered":"https:\/\/www.millicozum.com\/mc\/2006\/11\/25\/darbeler-mtehlel-demokrasderebeylerm\/"},"modified":"2006-11-25T02:47:55","modified_gmt":"2006-11-25T02:47:55","slug":"darbeler-mi-tehlikeli-demokrasi-derebeyleri-mi","status":"publish","type":"post","link":"https:\/\/www.millicozum.com\/mc\/2006\/ocak-2006\/darbeler-mi-tehlikeli-demokrasi-derebeyleri-mi\/","title":{"rendered":"DARBELER M\u0130 TEHL\u0130KEL\u0130, DEMOKRAS\u0130 DEREBEYLER\u0130 M\u0130?"},"content":{"rendered":"<p>\u00a0  <\/p>\n<p> Atat\u00fcrk&#39;\u00fcn \u015f\u00fcpheli \u00f6l\u00fcm\u00fcn\u00fcn ard\u0131ndan \u0130smet \u0130n\u00f6n\u00fc&#39;y\u00fc ba\u015fa getiren ve devrimin y\u00f6n\u00fcn\u00fc tersine \u00e7eviren sabataist cunta; sistemi yeniden yap\u0131land\u0131rma s\u00fcrecinde, T\u00fcrk Silahl\u0131 Kuvvetlerini, d\u0131\u015f d\u00fc\u015fmanlara kar\u015f\u0131 de\u011fil, i\u00e7 d\u00fc\u015fmanlara kar\u015f\u0131 de\u011fil, i\u00e7 d\u00fc\u015fman g\u00f6rd\u00fc\u011f\u00fc M\u00fcslman halk\u0131m\u0131za kar\u015f\u0131 kullanacak \u015fartlar\u0131 haz\u0131rlad\u0131. Maalesef ordumuzun, kendisine as\u0131l tehdit ve tehlike olarak g\u00f6sterilen M\u00fcsl\u00fcman halk\u0131m\u0131za, i\u00e7 d\u00fc\u015fman olarak bakmas\u0131 sa\u011flanmaya \u00e7al\u0131\u015f\u0131ld\u0131 ve bu y\u00f6nde s\u00fcrekli, suni g\u00fcndemlerle k\u0131\u015fk\u0131rt\u0131ld\u0131. Ama\u00e7lar\u0131, TSK&#39;y\u0131, d\u0131\u015f Siyonist destekli i\u00e7 sabataist ve masonik saltanat\u0131n\u0131n demokrasi k\u0131l\u0131fl\u0131 despotizmine bek\u00e7ilik yapt\u0131rmakt\u0131. Ve bu istikamette nice talihsiz olaylar ya\u015fand\u0131.  <\/p>\n<p>  \u00a0  <\/p>\n<p> Ne varki, Milli G\u00f6r\u00fc\u015fle dirilen ve organize edilen Milli Derin Devlet yeniden devlet-Millet yak\u0131nla\u015fmas\u0131n\u0131 ve kayna\u015fmas\u0131n\u0131 sa\u011flamaya ba\u015flad\u0131 ve t\u00fcm Milli kurumlardaki sabataist kadrola\u015fman\u0131n etkinli\u011fini ve direncini k\u0131rmay\u0131 ba\u015fard\u0131.  <\/p>\n<p> Ancak h\u0131yanet odaklar\u0131, M\u00fcsl\u00fcman T\u00fcrk toplumu ile ordusunun dayan\u0131\u015fma ve yard\u0131mla\u015fma i\u00e7ine girdi\u011fini saklamaya \u00e7al\u0131\u015farak, Milletimizle ordumuz aras\u0131nda Laiklik kavgalar\u0131 ve irtica yaygaralar\u0131 \u00e7\u0131karmaya \u00e7al\u0131\u015fmaktad\u0131r.  <\/p>\n<p> Halbuki ordumuzun, basit politika oyunlar\u0131ndan ve i\u00e7 siyaset tart\u0131\u015fmalar\u0131ndan uzak tutulmas\u0131, onun sayg\u0131nl\u0131\u011f\u0131n\u0131 art\u0131racak ve as\u0131l tehdit ve tehlike olan d\u0131\u015f d\u00fc\u015fmanlara kar\u015f\u0131 haz\u0131rl\u0131klarda daha kararl\u0131 ve cayd\u0131r\u0131c\u0131 olmas\u0131n\u0131 sa\u011flayacak ve toplumun her kesiminden tam bir g\u00fcven ve destek alacakt\u0131r.  <\/p>\n<p> Ama emperyalist ve Siyonist \u00e7evreler ve yerli i\u015fbirlik\u00e7i hainler ise, Ordumuzun kendi haks\u0131z ve ahlaks\u0131z sistemlerine bek\u00e7ilik yapmas\u0131n\u0131, \u00fcstelik Milletimize y\u00f6nelik b\u00fct\u00fcn hakaretlerin su\u00e7unu ve sorumlu\u011funu da s\u0131rt\u0131na almas\u0131n\u0131 arzulamaktad\u0131r.  <\/p>\n<p> Bu \u015fekilde kas\u0131tl\u0131 olarak h\u0131rpalan\u0131p y\u0131prat\u0131lan ordumuzun ise, s\u00fcrekli d\u0131\u015f g\u00fc\u00e7lere ve i\u00e7imizdeki sabataist \u015febekeye mahkum ve mecbur b\u0131rak\u0131lacakt\u0131r.  <\/p>\n<p> Ama art\u0131k bu devran tersine d\u00f6nm\u00fc\u015f bulunmaktad\u0131r ve Ordumuz tekrar, T\u00fcrkiye \u00f6nc\u00fcl\u00fc\u011f\u00fcndeki yeni bir Bar\u0131\u015f ve bereket(\u0130slam) medeniyetinin kurulmas\u0131n\u0131 sa\u011flayacak tarihi ve talihli de\u011fi\u015fime ivme kazand\u0131racakt\u0131r.  <\/p>\n<p> Ger\u00e7ekten sinsi ve sistemli bir tehlike olan &quot;irticac\u0131l\u0131k, istismarc\u0131l\u0131k, \u0131l\u0131ml\u0131 \u0130slamc\u0131l\u0131k, radikal \u015feriat\u00e7\u0131l\u0131k&quot; gibi \u015feylere, hakl\u0131 olarak kar\u015f\u0131 \u00e7\u0131kmak ve tedbir almakla beraber, Kahraman ordumuzun, art\u0131k; Milletimizin, yani kendisinin varl\u0131k sebebi ve kahramanl\u0131k iksiri olan, y\u00fcce Dinimiz \u0130slamla ve dini inan\u00e7lar\u0131n\u0131 ya\u015fayan T\u00fcrk halk\u0131yla sanki bir problemi varm\u0131\u015f kanaatini y\u0131kacak ve bu kas\u0131tl\u0131 karay\u0131 aklayacak s\u00f6ylem ve eylemlerle ilgili ad\u0131mlar\u0131 biran evvel atmas\u0131 umulmaktad\u0131r.  <\/p>\n<p> \u0130\u015fte bu ba\u011flamda, KKK. Org. Ya\u015far B\u00fcy\u00fckan\u0131t&#39;\u0131n ABD ziyaretini, yeni bir bak\u0131\u015f a\u00e7\u0131s\u0131yla de\u011ferlendirmekte fayda vard\u0131r. Anahtar c\u00fcmle B\u00fcy\u00fckan\u0131t Pa\u015fan\u0131n \u015fu s\u00f6zlerinde sakl\u0131d\u0131r:  <\/p>\n<p> &quot;Ben ABD&#39;den icazet almaya gelmedim. T\u00fcrk askeri Atat\u00fcrk\u00fcn miras\u0131 ve Milli anayasas\u0131 d\u0131\u015f\u0131nda kimseden icazet almaz!&#8230;&quot;  <\/p>\n<p> Hat\u0131rlarsan\u0131z, Erbakan Hoca&#39;n\u0131n ABD ziyareti de &quot;icazet almaya gitti&quot; \u015feklinde \u00e7arp\u0131t\u0131lmaya \u00e7al\u0131\u015f\u0131lm\u0131\u015ft\u0131.  <\/p>\n<p> <strong>Sesar&#39;\u0131n:<\/strong>  <\/p>\n<p> <strong>&quot;Milli menfaatler&quot; a\u00e7\u0131s\u0131ndan uygulanmas\u0131 &quot;zaruret&quot; halini alm\u0131\u015f ihtilal y\u00f6nteminin &quot;hatal\u0131 ya da eksik uygulamalar&quot;dan \u00f6t\u00fcr\u00fc &quot;yanl\u0131\u015f&quot; damgas\u0131 yiyerek karalanmas\u0131 m\u0131 daha do\u011frudur, yoksa o g\u00fcn\u00fcn ya da bug\u00fcn\u00fcn (!) zaruretleri ile s\u00f6zkonusu y\u00f6ntem aras\u0131ndaki ba\u011f\u0131nt\u0131n\u0131n &quot;ger\u00e7ek\u00e7i&quot; bir bak\u0131\u015f a\u00e7\u0131s\u0131yla ele al\u0131nmas\u0131 m\u0131? Sorusuna bir cevap bulunmal\u0131d\u0131r.<\/strong>  <\/p>\n<p> <strong>&quot;Memleket hi\u00e7bir \u015feyden \u00e7ekmedi \u015fu darbelerden \u00e7ekti\u011fi kadar!&quot;<\/strong> diyerek <strong>&quot;d\u00fczenbazl\u0131k \u00e7ark\u0131 demokrasi park\u0131&quot;<\/strong>nda parsa toplayanlar, birilerini <strong>&quot;ihtilalcilik ve demokrasi d\u00fc\u015fmanl\u0131\u011f\u0131&quot;<\/strong>yla su\u00e7lay\u0131p yer yer <strong>timsah g\u00f6zya\u015flar\u0131yla kar\u0131\u015f\u0131k siyasal h\u0131\u00e7k\u0131r\u0131klar <\/strong>e\u015fli\u011finde <strong>&quot;Darbelerin G\u00f6lgesinde Bir Demokrasi!&quot;<\/strong> <strong>edebiyat\u0131<\/strong>na sar\u0131l\u0131yorlarsa; bunun nedenleri \u00fczerinde iyi durulmal\u0131d\u0131r.  <\/p>\n<p> <strong>Gazi Mustafa Kemal Atat\u00fcrk<\/strong>&#39;\u00fcn <strong><em>&quot;Ordumuz, T\u00fcrk Topraklar\u0131&#39;n\u0131n ve T\u00fcrkiye \u0130deali&#39;ni tahakkuk ettirmek i\u00e7in sarf etti\u011fimiz \u00e7al\u0131\u015fmalar\u0131n yenilmesi imk\u00e2ns\u0131z teminat\u0131d\u0131r!&quot; dedi\u011fi hayati bir kurumun y\u0131prat\u0131lmas\u0131na g\u00f6z yumulmamal\u0131d\u0131r.<\/em><\/strong>  <\/p>\n<p> Ayr\u0131ca bu noktada, esasen bir <strong>ilim<\/strong> olmas\u0131 gereken <strong>&quot;siyaset&quot;<\/strong>in,<strong> &quot;Bat\u0131&#39;n\u0131n ve d\u00fc\u015fmanlar\u0131n\u0131n sava\u015fla yapamad\u0131\u011f\u0131n\u0131 diplomasi ile yapma sanat\u0131&quot;<\/strong> haline getirilmeye \u00e7al\u0131\u015f\u0131ld\u0131\u011f\u0131n\u0131n alt\u0131n\u0131 \u00e7izmek de yerinde olacakt\u0131r&#8230;  <\/p>\n<p> Ancak bug\u00fcn bu noktada, <strong>&quot;\u00fclkenin b\u00f6l\u00fcnmez b\u00fct\u00fcnl\u00fc\u011f\u00fcn\u00fc ve milli g\u00fcvenli\u011fini g\u00f6zetmek&quot; g\u00f6revi ile vazifelendirilenler<\/strong> bu y\u00fck\u00fcml\u00fcl\u00fc\u011f\u00fc lay\u0131k\u0131yla yerine getirmek \u015f\u00f6yle dursun, t\u00fcm <strong>sorumluluk duygular\u0131n\u0131 ve yasal y\u00fck\u00fcml\u00fcl\u00fckleri<\/strong>ni yitirmi\u015flerken; <strong>&quot;demokrasi&quot; denilen &quot;siyaset merkezli&quot; ve asistematize olmu\u015f sistematik yap\u0131<\/strong>n\u0131n hangi mecraya do\u011fru akaca\u011f\u0131 sualini sormak ka\u00e7\u0131n\u0131lmazd\u0131r!  <\/p>\n<p> <strong>&quot;Demokrasi \u015f\u00f6valyeli\u011fi&quot;<\/strong>ne soyunarak, yap\u0131lan<strong> askeri m\u00fcdahaleleri &quot;toz duman olmu\u015f ortam\u0131 durultmak&quot; <\/strong>i\u00e7in de\u011fil de, <strong>pa\u015falar\u0131n keyfi kararlar\u0131ndan \u00f6t\u00fcr\u00fc<\/strong> yap\u0131lm\u0131\u015f\u00e7as\u0131na bir tav\u0131r tak\u0131nanlar\u0131n <strong>&quot;darbe&quot;<\/strong> \u00fczerine yaratt\u0131klar\u0131 <strong>kamuoyu<\/strong>; \u00fclkede zaman zaman netle\u015fip zaman zaman g\u00f6zden kaybolan <strong>&quot;demokratlar &#8211; darbeciler&quot;<\/strong> eksenindeki saflar\u0131 da s\u0131kla\u015ft\u0131rd\u0131!  <\/p>\n<p> Dolay\u0131s\u0131yla <strong>\u00fclke<\/strong>yi, <strong>&quot;etnik ve dini b\u00f6l\u00fcc\u00fcl\u00fck&quot;, &quot;ter\u00f6rizm&quot; <\/strong>neviinden t\u00fcrl\u00fc <strong>&quot;anar\u015fi olaylar\u0131&quot;<\/strong> gibi ortal\u0131\u011fa <strong>&quot;bilin\u00e7li&quot; <\/strong>olarak sa\u00e7\u0131lm\u0131\u015f <strong>&quot;sosyal dinamitler&quot;<\/strong>den kurtarmak ad\u0131na zemini temizlemenin ba\u015fka bir \u00e7aresini bulamayanlar, malesef <strong>&quot;su\u00e7lu&quot;, &quot;\u00f6zg\u00fcrl\u00fck kar\u015f\u0131t\u0131&quot;, &quot;ihtilalci&quot; <\/strong>ve<strong> &quot;fa\u015fo&quot; diye h\u0131rpalan\u0131rken; o karambol ortam\u0131ndan maksimum derecede istifade edebilmek ad\u0131na oltalar\u0131n\u0131 piyasaya salan yabanc\u0131 istihbarat servisleriyle can ci\u011fer kuzu sarmas\u0131 olup &quot;\u00dclkenin gelece\u011fi ad\u0131na \u00f6zg\u00fcrce siyaset yapmak zorunday\u0131z!&quot; pla\u011f\u0131 \u00e7alanlar<\/strong> ise <strong>&quot;demokrasi kahraman\u0131&quot;<\/strong>d\u0131r..<strong>(!)<\/strong>  <\/p>\n<p> Ortaya \u00e7\u0131kacak tablonun genel hatlar\u0131n\u0131 \u015fu \u015fekilde \u00f6zetleyelim&#8230;  <\/p>\n<p> <strong>DP<\/strong>&#39;nin<strong> Tek Parti<\/strong> \u015f\u0131mar\u0131kl\u0131\u011f\u0131:  <\/p>\n<p> Zira <strong>CHP,<\/strong> <strong>\u0130stiklal Sava\u015f\u0131<\/strong> ve <strong>\u0130kinci D\u00fcnya Sava\u015f\u0131<\/strong> gibi <strong>iki \u00f6nemli sava\u015f aras\u0131nda preslenmi\u015f sorunlu bir d\u00f6nem<\/strong>le ba\u015fetmeye \u00e7al\u0131\u015f\u0131rken o an i\u00e7in belki de bir <strong>l\u00fcks<\/strong> olan<strong> &quot;kat\u0131l\u0131mc\u0131 demokrasi&quot;<\/strong>yi<strong> <\/strong>geri plana iterek <strong>en acil ad\u0131mlar<\/strong>\u0131 atmaya y\u00f6nelmi\u015f olabilir lakin <strong>DP&#39;<\/strong>nin s\u00fcre\u00e7 i\u00e7inde bir <strong>&quot;siyasi \u00f6zg\u00fcven&quot;<\/strong>den <strong>&quot;rahatl\u0131k&quot;<\/strong>a ve hatta bir <strong>&quot;vurdumduymazl\u0131k&quot;a <\/strong>d\u00f6n\u00fc\u015fen <strong>&quot;siyasi ukalal\u0131k&quot;<\/strong>\u0131 <strong>mant\u0131ksal bir gerek\u00e7e<\/strong> ile temellendirilemez!\u00a0\u00a0  <\/p>\n<p> <strong>Adnan Menderes<\/strong>&#39;in<strong> <\/strong><strong><em>&quot;Odunu aday g\u00f6stersem milletvekili se\u00e7tiririm!&quot;, &quot;Ben orduyu astsubaylarla bile idare ederim!&quot;,<\/em><\/strong> <strong><em>&quot;14 May\u0131s&#39;ta T\u00fcrk Milleti Halk Partisi&#39;ni iktidardan, 3 Eyl\u00fcl&#39;de ise muhalefetten sildi!&quot; <\/em><\/strong>ya da<strong><em> &quot;Siz isterseniz hilafeti bile geri getirirsiniz!&quot;<\/em><\/strong> neviinden <strong>beylik s\u00f6zler<\/strong>i ile<strong> 2 May\u0131s 1954<\/strong>&#39;te<strong> <\/strong>yap\u0131lan ve <strong>halk<\/strong>\u0131n yine <strong>DP <\/strong>dedi\u011fi <strong>genel se\u00e7imler<\/strong>in akabinde maalesef <strong>bir\u00e7ok siyasi olu\u015fum ve liderin u\u011frad\u0131\u011f\u0131 &quot;a\u015f\u0131r\u0131 g\u00fc\u00e7 zehirlenmesi&quot;<\/strong>ne u\u011frayarak<strong> bas\u0131n ve akademik d\u00fcnya gibi \u00e7e\u015fitli g\u00fc\u00e7 dengelerine y\u00f6nelik politikalar<\/strong>\u0131n\u0131<strong> aniden <\/strong>de\u011fi\u015ftirip sertle\u015ftirmesi ise; bu <strong>&quot;siyasi ukalal\u0131k&quot;\u0131n somut g\u00f6r\u00fcng\u00fclerinden yaln\u0131zca birka\u00e7\u0131<\/strong>d\u0131r.  <\/p>\n<p> Sonu\u00e7 olarak<strong> 27 May\u0131s 1960 \u0130htilali<\/strong> ger\u00e7ekle\u015fmemi\u015f olsayd\u0131; <strong>1954 Genel Se\u00e7imleri<\/strong>&#39;nden sonra <strong>1957&#39;<\/strong>de de <strong>tek ba\u015f\u0131na iktidar <\/strong>olma durumunu s\u00fcrd\u00fcren <strong>DP&#39;<\/strong>nin bir <strong>tek parti d\u00f6nemi<\/strong> yaratmas\u0131 <strong>gayet do\u011fal bir netice<\/strong> olacak ve <strong>CHP<\/strong>&#39;nin <strong>demokrasi d\u0131\u015f\u0131<\/strong> g\u00f6r\u00fclen <strong>tek parti d\u00f6nemi<\/strong> bu sefer <strong>DP&#39;<\/strong>de tecelli ederek \u00e7ok daha<strong> etkili <\/strong>ve <strong>y\u0131k\u0131c\u0131<\/strong> bir \u015fekilde <strong>halk<\/strong>\u0131n kar\u015f\u0131s\u0131na \u00e7\u0131kacakt\u0131.  <\/p>\n<p> <strong>Mevcut siyasi plan\u0131 de\u011fi\u015ftirmede &quot;etkili&quot; olacak &quot;s\u0131rad\u0131\u015f\u0131 bir y\u00f6ntem&quot;in uygulamaya konulmas\u0131;<\/strong> o g\u00fcnk\u00fc ko\u015fullar itibar\u0131yla <strong>&quot;tercihi bir durum&quot; <\/strong>de\u011fil, tamam\u0131yla bir <strong>&quot;zaruret&quot;<\/strong> halini alm\u0131\u015ft\u0131.  <\/p>\n<p> Bu <strong>askeri bir m\u00fcdahale; &quot;s\u0131cak&quot;, &quot;sert&quot; <\/strong>ve do\u011fal olarak bir\u00e7ok <strong>&quot;risk&quot;<\/strong>i bar\u0131nd\u0131ran <strong>&quot;beklenmedik bir hamle&quot;<\/strong>dir ve <strong>27 May\u0131s 1960 Askeri M\u00fcdahalesi<\/strong> de \u015f\u00fcphesiz i\u00e7inde baz\u0131 <strong>a\u015f\u0131r\u0131l\u0131k, eksiklik ve yanl\u0131\u015flar\u0131 bar\u0131nd\u0131ran bir m\u00fcdahale <\/strong>olmu\u015ftur.\u00a0\u00a0\u00a0\u00a0\u00a0  <\/p>\n<p> <strong>1961 Anayasas\u0131 <\/strong>ve Ani Gelen<strong> &quot;\u00d6zg\u00fcrl\u00fck&quot;:<\/strong>  <\/p>\n<p> <strong>Acaba darbeciler manipule mi edildi?<\/strong>  <\/p>\n<p> <strong>27 May\u0131s 1960 \u0130htilali&#39;nin en tart\u0131\u015fmal\u0131 \u00fcr\u00fcnlerinden biri,<\/strong> \u015f\u00fcphesiz <strong>1961 Anayasas\u0131&#39;<\/strong>d\u0131r. \u00d6nce t<strong>\u00fcm siyasi plan\u0131 tasfiye eden askeri bir m\u00fcdahale<\/strong> ve hemen akabinde de <strong>&quot;T\u00fcrkiye Cumhuriyeti&#39;nin gelmi\u015f ge\u00e7mi\u015f en \u00f6zg\u00fcrl\u00fck\u00e7\u00fc anayasas\u0131&quot;<\/strong> denilen <strong>beklenmedik bir anayasal \u00e7er\u00e7eve.!?<\/strong>  <\/p>\n<p> Sonu\u00e7ta <strong>tahrip g\u00fcc\u00fc y\u00fcksek olmak durumunda olan m\u00fcdahale<\/strong>nin etkileri<strong> <\/strong>b\u00f6ylesi bir ad\u0131mla <strong>n\u00f6tralize <\/strong>edilerek, <strong>sars\u0131lan ve tedirginlik duyan toplumsal d\u00fczlemin i\u00e7ine girdi\u011fi titre\u015fim algalar\u0131<\/strong>n\u0131n \u015fiddeti azalt\u0131lmaya \u00e7al\u0131\u015f\u0131lm\u0131\u015f; ancak bu <strong>zarar\u0131 minimize etmeyi hedefleyen a\u00e7\u0131l\u0131m; <\/strong>hen\u00fcz daha <strong>haz\u0131r olmayan bir zemin<\/strong> \u00fczerinde tatbik edilmeye kalk\u0131l\u0131nca, evdeki hesap \u00e7ar\u015f\u0131ya uymam\u0131\u015f ve ilerleyen s\u00fcre\u00e7te g\u00f6r\u00fclece\u011fi gibi bu durum <strong>&quot;sa\u011f-sol \u00e7at\u0131\u015fmas\u0131&quot; <\/strong>ile <strong>&quot;etnik kalk\u0131\u015fma&quot;<\/strong>y\u0131 k\u0131\u015fk\u0131rtm\u0131\u015ft\u0131r.  <\/p>\n<p> Asl\u0131nda bu a\u00e7\u0131l\u0131m\u0131n <strong>ortam\u0131 germe<\/strong>nin<strong> <\/strong>\u00f6tesinde yaratt\u0131\u011f\u0131 <strong>en \u00f6nemli tehlike; &quot;sa\u011fl\u0131ks\u0131z bir \u00f6zg\u00fcrl\u00fck\u00e7\u00fc anlay\u0131\u015fa kilitlenen kitlenin &#8216;ulus &#8211; devlet anlay\u0131\u015f\u0131&#39;nda ciddi yaralar a\u00e7mas\u0131&quot;<\/strong> olmu\u015ftur.  <\/p>\n<p> Zira s\u00f6zkonusu <strong>ani doz a\u015f\u0131m\u0131, <\/strong>kitleleri <strong>&quot;ulus-devlet bilinci&quot;<\/strong>nden uzakla\u015ft\u0131rarak; <strong>etnik, dini, mezhebi ve s\u0131n\u0131fsal farkl\u0131l\u0131klar\u0131 maksimum derecede kullanmak isteyen d\u0131\u015f odaklar\u0131n avlanma giri\u015fimleri<\/strong>ni kolayla\u015ft\u0131rm\u0131\u015ft\u0131r.\u00a0  <\/p>\n<p> Ve <strong>n\u00f6tralize <\/strong>edeyim derken bir<strong> kataliz\u00f6r <\/strong>halini alan bu<strong> astratejik hamle<\/strong> ile <strong>1971<\/strong> ile <strong>1980<\/strong>&#39;e do\u011fru giden s\u00fcrece istemeden de olsa zemin haz\u0131rlanm\u0131\u015f ve bir t\u00fcrl\u00fc \u00f6n\u00fc al\u0131namayan s\u00fcre\u00e7 neticesinde <strong>&quot;1961&#39;de at\u0131lan \u00f6zg\u00fcrl\u00fck\u00e7\u00fc ad\u0131m&quot;,<\/strong> <strong>1982 Anayasas\u0131 ile<\/strong> geri al\u0131nmak durumunda kal\u0131nm\u0131\u015ft\u0131r.\u00a0\u00a0  <\/p>\n<p> Askeri Kanada S\u0131zan Vir\u00fcs; <strong>&quot;Hiziple\u015fme&quot;:<\/strong>  <\/p>\n<p> <strong>Siyaset<\/strong>te oldu\u011fu kadar <strong>askeri kanat <\/strong>i\u00e7erisinde de mevcut olan <strong>hizipler<\/strong>; s\u00f6zkonusu <strong>tehlike<\/strong>nin bertaraf edilebilmesi ad\u0131na uygulanmas\u0131 bir <strong>mecburiyet<\/strong> halini alm\u0131\u015f olan <strong>m\u00fcdahale<\/strong>nin<strong> &quot;istikrar&quot; <\/strong>ve<strong> &quot;tutarl\u0131l\u0131k&quot;<\/strong>\u0131na g\u00f6lge d\u00fc\u015f\u00fcren en \u00f6nemli noktalardan biri olmu\u015ftur.  <\/p>\n<p> Ancak <strong>hastal\u0131kl\u0131 siyasetin do\u011fas\u0131<\/strong>ndaki bu <strong>saf de\u011fi\u015fimi<\/strong>nin, <strong>27 May\u0131s<\/strong> \u00f6ncesi <strong>askeri kanat<\/strong> i\u00e7erisinde k\u00f6k sal\u0131\u015f\u0131 \u00e7ok daha <strong>problematik <\/strong>hususlar do\u011furmu\u015ftur.<strong> <\/strong>Hatta bu <strong>hiziple\u015fme<\/strong>nin hem <strong>27 May\u0131s Hareketi&#39;nin bir sonucu,<\/strong> hem de bir <strong>tetikleyici<\/strong>si oldu\u011funu s\u00f6ylemek yanl\u0131\u015f olmayacakt\u0131r.  <\/p>\n<p> Zira <strong>DP Politikalar\u0131&#39;n\u0131 destekleyen ya da bu \u00e7izginin kar\u015f\u0131s\u0131nda olan alt r\u00fctbeli ve \u00fcst r\u00fctbeli gruplar aras\u0131ndaki g\u00f6r\u00fc\u015f farkl\u0131l\u0131klar\u0131; <\/strong>hem <strong>ihtilal karar\u0131n\u0131 h\u0131zland\u0131r\u0131c\u0131 bir unsur <\/strong>olmu\u015f, hem de <strong>m\u00fcdahale sonras\u0131 istikrar ve tutarl\u0131l\u0131\u011f\u0131n yakalanmas\u0131na engel olu\u015fturmu\u015ftur<\/strong>.  <\/p>\n<p> Unutmayal\u0131m: nas\u0131l ki <strong>hukuk<\/strong> i\u00e7in <strong>&quot;G\u00fcn gelir herkese laz\u0131m olur.&quot;<\/strong> deniyorsa; ayn\u0131 \u015fey <strong>ordu<\/strong> i\u00e7in de ge\u00e7erlidir. Hatta <strong>ordu<\/strong>ya duyulan ihtiyac\u0131n a\u00e7\u0131\u011fa \u00e7\u0131kmas\u0131 i\u00e7in belirli bir zamana ihtiya\u00e7 da yoktur, zira <strong>ordu<\/strong> her an i\u00e7in <strong>&quot;olmazsa olmaz bir g\u00fc\u00e7&quot;<\/strong>t\u00fcr.  <\/p>\n<p> Elbette ki <strong>ordunun siyasete m\u00fcdahale etmemesini istemek <\/strong>de bir <strong>ordu kar\u015f\u0131tl\u0131\u011f\u0131<\/strong> de\u011fildir. Lakin <strong>&quot;T\u00fcrkiye&#39;nin en iyi ihra\u00e7 malzemesi ordusudur!&quot; <\/strong>diyen <strong>Soros<\/strong> gibi <strong>&quot;demokrasi tacirleri&quot;<\/strong>nin ekme\u011fine ya\u011f s\u00fcrmekten ba\u015fka hi\u00e7bir\u015feye yaramayacak olan ve <strong>hatal\u0131 genellemeler<\/strong>le adeta bir <strong>&quot;karalama kampanyas\u0131&quot;<\/strong>na d\u00f6n\u00fc\u015ft\u00fcr\u00fclen b\u00f6ylesi bir <strong>y\u0131pratma hareketi<\/strong>ne kap\u0131lman\u0131n, <strong>toplumsal kitle<\/strong>yi, <strong>\u00fclke<\/strong>yi ve <strong>devlet<\/strong>i nas\u0131l bir noktaya do\u011fru sevk edece\u011fini de<strong> sistematize bir anlay\u0131\u015f d\u00e2hilinde iyi analiz etmek <\/strong>\u015fartt\u0131r.  <\/p>\n<p> <strong>1971 M\u00fcdahalesi<\/strong> asl\u0131nda <strong>tarihi CHP &#8211; DP rekabetinin bir sonucu<\/strong> do\u011fmu\u015f; <strong>ordu-sol i\u015fbirli\u011fi<\/strong> ile <strong>bir DP uzant\u0131s\u0131 olan AP<\/strong> tasfiyeye \u00e7al\u0131\u015f\u0131lm\u0131\u015ft\u0131r.  <\/p>\n<p> <strong>Stratejik konumu ve &quot;ge\u00e7i\u015f iklimi&quot;ne a\u00e7\u0131k k\u00fclt\u00fcrel zenginli\u011fi<\/strong> ile <strong>d\u0131\u015f g\u00fc\u00e7ler<\/strong> taraf\u0131ndan her daim bir <strong>cazibe merkezi<\/strong> olarak alg\u0131lanm\u0131\u015f olan <strong>T\u00fcrkiye; <\/strong>tehlike \u00e7anlar\u0131n\u0131n \u00e7almaya ba\u015flad\u0131\u011f\u0131<strong> 1960 <\/strong>ile<strong> 1980 <\/strong>aras\u0131nda <strong>yo\u011fun bir d\u0131\u015f operasyon<\/strong>a tabi tutulmu\u015f ve <strong>tehdit alg\u0131lamas\u0131<\/strong> belirli bir boyuta ula\u015ft\u0131\u011f\u0131nda, mecburen m\u00fcdahale etmek durumunda kalan <strong>asker<\/strong>in,&quot;<strong>zemin temizleme \u00e7al\u0131\u015fmalar\u0131&quot;<\/strong> da sonu\u00e7 vermeyip mevcut <strong>siyasi istikrars\u0131zl\u0131k ortam\u0131<\/strong> daha da k\u00f6r\u00fcklenince yine olanlar olmu\u015f ve <strong>12 Eyl\u00fcl 1980<\/strong> m\u00fcdahalesi yap\u0131lm\u0131\u015ft\u0131r.\u00a0  <\/p>\n<p> Ve bu sefer <strong>1971<\/strong>&#39;de yap\u0131ld\u0131\u011f\u0131 gibi <strong>1961 Anayasas\u0131<\/strong>&#39;na <strong>ufak r\u00f6tu\u015flar<\/strong> atmak yerine <strong>Anayasa \u00fczerinde<\/strong> <strong>komple bir de\u011fi\u015fiklik yapma<\/strong> yoluna gidilmi\u015f; <strong>erken bir ad\u0131m<\/strong> oldu\u011fu i\u00e7in <strong>&quot;ulus-devlet&quot;<\/strong> anlay\u0131\u015f\u0131n\u0131 sekteye u\u011fratman\u0131n \u00f6tesinde sonu\u00e7 vermemi\u015f olan <strong>1961 ad\u0131m\u0131<\/strong> geri al\u0131narak, tan\u0131nan <strong>a\u015f\u0131r\u0131 \u00f6zg\u00fcrl\u00fckler<\/strong> <strong>1982 Anayasas\u0131<\/strong> ile b\u00fcy\u00fck \u00f6l\u00e7\u00fcde t\u0131ra\u015flanm\u0131\u015ft\u0131r.\u00a0\u00a0  <\/p>\n<p> Ayr\u0131ca <strong>&quot;H\u00fcrriyet ve Anayasa Bayram\u0131&quot;<\/strong> olarak kutlanan <strong>27 May\u0131s G\u00fcn\u00fc Kutlamalar\u0131 <\/strong>da <strong>askeri y\u00f6netim<\/strong>ce kald\u0131r\u0131larak, <strong>1960 M\u00fcdahalesi<\/strong> ile ilgili <strong>\u00e7eli\u015fki yaratabilecek t\u00fcm hususlar<\/strong> temizlenmeye \u00e7al\u0131\u015f\u0131lm\u0131\u015ft\u0131r.\u00a0\u00a0  <\/p>\n<p> Ancak <strong>yabanc\u0131 g\u00fc\u00e7lerce vizyona koyulan d\u00f6n\u00fc\u015ft\u00fcrme operasyonunun en son perdesi olan 80 \u00f6ncesi tablo<\/strong> b\u00f6ylesi bir ad\u0131mla durdurulmam\u0131\u015f olsayd\u0131; <strong>uluslararas\u0131 kurgunun de\u011fi\u015fmeyen kozlar\u0131<\/strong> olan <strong>&quot;K\u00fcrt-T\u00fcrk&quot;, &quot;sa\u011fc\u0131-solcu&quot;, &quot;Alevi-S\u00fcnni&quot; <\/strong>gibi<strong> suni kampla\u015fmalar <\/strong>\u00fczerinden h\u0131z verilen <strong>&quot;T\u00fcrkiye&#39;yi da\u011f\u0131tma plan\u0131&quot; amac\u0131na ula\u015fm\u0131\u015f <\/strong>ve <strong>BA\u011eIMSIZ T\u00dcRK\u0130YE CUMHUR\u0130YET\u0130 DEVLET\u0130 TAR\u0130HE kar\u0131\u015fm\u0131\u015ft\u0131&#8230;<\/strong>  <\/p>\n<p> <strong>Dolay\u0131s\u0131yla <\/strong><strong>12 Eyl\u00fcl M\u00fcdahalesi; T\u00fcrkiye Cumhuriyeti Devleti&#39;nin belini b\u00fckm\u00fc\u015f bir &quot;zul\u00fcm abidesi&quot; de\u011fil, tam aksine devletin varl\u0131\u011f\u0131n\u0131 devam ettirmesini temin eden bir &quot;milli zaruret&quot; olarak alg\u0131lanmal\u0131d\u0131r.<\/strong>  <\/p>\n<p> Bu nedenle <strong>27 May\u0131s 1960<\/strong> ve <strong>12 Mart 1971<\/strong> m\u00fcdahalelerinden daha <strong>sert bir imaj<\/strong> veren ve <strong>ordu<\/strong>nun <strong>kar\u015f\u0131 bir resim<\/strong> vermesine ra\u011fmen <strong>1983 Genel Se\u00e7imleri<\/strong> ile <strong>Amerika&#39;ya yak\u0131nl\u0131\u011f\u0131yla bilinen teknokrat \u00d6zal<\/strong>&#39;\u0131n ba\u015fa ge\u00e7mesiyle perde arkas\u0131 bulan\u0131kla\u015fan <strong>12 Eyl\u00fcl 1980 Askeri M\u00fcdahalesi; <\/strong>ne olursa olsun<strong> &quot;b\u00f6l\u00fcnmeyi \u00f6nleyici bir ihtilal&quot; <\/strong>niteli\u011fi ta\u015f\u0131maktad\u0131r.<strong> <\/strong>\u00a0\u00a0\u00a0\u00a0  <\/p>\n<p> Belki <strong>12 Eyl\u00fcl 1980<\/strong> <strong>&quot;b\u00f6l\u00fcnmeyi \u00f6nlemenin tedbirleri&quot;<\/strong>ni<strong> <\/strong>ortaya koyamam\u0131\u015ft\u0131r, ama <strong>Sevr&#39;i ge\u00e7ici de olsa \u00f6nleyen bir m\u00fcdahale<\/strong> olma s\u0131fat\u0131n\u0131 kazanm\u0131\u015ft\u0131r.  <\/p>\n<p> Ancak <strong>28 \u015eubat S\u00fcreci<\/strong> ile <strong>1960&#39;l\u0131 70&#39;li y\u0131llar<\/strong>da bir <strong>hiziple\u015fme <\/strong>olarak ifade edilebilecek <strong>&quot;ordu i\u00e7i safla\u015fma&quot;<\/strong> bir <strong>&quot;sat\u0131l\u0131k pa\u015falar skandal\u0131&quot;<\/strong>na d\u00f6n\u00fc\u015fm\u00fc\u015f ve <strong>ordu i\u00e7ine yerle\u015ftirilen<\/strong> de\u011fil, <strong>ordu i\u00e7inden sat\u0131n al\u0131nan isimler<\/strong> \u00fczerinden y\u00fcr\u00fct\u00fclen operasyonla, maalesef ordu <strong>manip\u00fclasyon<\/strong>a u\u011frat\u0131larak <strong>in\u015faas\u0131 hedeflenen siyasi fig\u00fcr<\/strong>\u00fcn yani AKP&#39;nin zemini haz\u0131rlanm\u0131\u015ft\u0131r.\u00a0\u00a0  <\/p>\n<p> Dolay\u0131s\u0131yla salt <strong>MGK Kararlar\u0131<\/strong> d\u00fczeyinde bir m\u00fcdahale oldu\u011fu i\u00e7in <strong>post-modern<\/strong> s\u0131fat\u0131 ile nitelendirilen <strong>&quot;28 \u015eubat&quot;,<\/strong> <strong>T\u00fcrk Silahl\u0131 Kuvvetleri <\/strong>taraf\u0131ndan planlanarak vizyona koyulan <strong>klasik bir askeri m\u00fcdahale<\/strong> de\u011fil; <strong>&quot;Siyonist cunta&quot;<\/strong>n\u0131n, adeta ta\u015feronla\u015ft\u0131rd\u0131\u011f\u0131 <strong>&quot;askeri cunta&quot; <\/strong>\u00fczerinden y\u00fcr\u00fctt\u00fc\u011f\u00fc bir &quot;<strong>d\u0131\u015f operasyon&quot;<\/strong>dur.\u00a0\u00a0\u00a0  <\/p>\n<p> <strong>\u0130tina ile yarat\u0131lan &quot;irtica canavar\u0131&quot; \u00fczerinden dezenforme edilen ordu<\/strong>nun, istenilen y\u00f6nde hareket ettirilerek <strong>siyasi d\u00fczlemin temizlenmesi<\/strong> sonucunda ise<strong> operasyon <\/strong>sonu\u00e7 vermi\u015f ve <strong>do\u011frudan talimatlarla y\u00f6nlendirilen \u00e7o\u011funluk sahibi, g\u00fc\u00e7l\u00fc ve &quot;k\u00fcresel tefeciler&quot;e hizmette kusur etmeyecek kadar iyi programlanm\u0131\u015f &#8216;AKP&#39; iktidara ta\u015f\u0131nm\u0131\u015ft\u0131r.<\/strong>  <\/p>\n<p> <strong><em>&quot;Bug\u00fcn\u00fcn T\u00fcrkiyesi&quot;<\/em><\/strong><em>nde<\/em><strong><em> &quot;Darbe&quot;<\/em><\/strong><em>yi <strong>\u00d6zleyen<\/strong> mi \u00c7ok, yoksa <strong>\u00d6zleten<\/strong> mi?<\/em>  <\/p>\n<p> \u00d6zet olarak <strong>&quot;siyasi tarihin \u00f6nemli par\u00e7alar\u0131ndan biri olan askeri darbeler&quot;in toplumsal ve siyasi ortam<\/strong> <strong>\u00fczerindeki etkileri<\/strong> ile y\u00fczle\u015filip darbelerin <strong>eksil<\/strong>eri<strong> <\/strong>kabul edildi\u011fi kadar; konuya ayn\u0131 \u00f6zenle, <strong>m\u00fcdahalelerin zaruretleri<\/strong> ile <strong>TSK&#39;y\u0131 da \u00e7evreleyerek Sevr&#39;e yol bulmaya \u00e7al\u0131\u015fan dezenformasyon odaklar\u0131 <\/strong>a\u00e7\u0131s\u0131ndan da yakla\u015f\u0131lmal\u0131 ve sergilenecek olan bu <strong>topyek\u00fcn de\u011ferlendirme<\/strong>yle <strong>darbeler \u00fczerinden yarat\u0131lan toz bulutunun kimlerin i\u015fine yarad\u0131\u011f\u0131 \u00fczerinde durulmal\u0131d\u0131r.<\/strong>  <\/p>\n<p> <strong>Ayr\u0131ca \u015fu nokta da a\u00e7\u0131kl\u0131kla ifade edilebilir ki; bu \u00fclkede darbelere sald\u0131rmay\u0131 adet haline getirmi\u015f g\u00fcruhlar\u0131n \u00e7o\u011funun arkas\u0131ndan da g\u00fcllerle \u00e7i\u00e7eklerle bezenen demokratik icraatlar falan de\u011fil, d\u00fcped\u00fcz &quot;ihanet&quot; \u00e7\u0131km\u0131\u015ft\u0131r!\u00a0\u00a0 <\/strong> <\/p>\n<p> Dolay\u0131s\u0131yla <strong>kamuoyu \u00f6n\u00fc<\/strong>ne<strong> &quot;kendini a\u015fm\u0131\u015f demokratik artistlerin&quot;<\/strong> dillerine dolad\u0131klar\u0131 <strong>&quot;demokrasi a\u011f\u0131tlar\u0131na&quot;<\/strong> <strong>akl\u0131selim<\/strong> ile yakla\u015f\u0131lmas\u0131 do\u011fru olacakt\u0131r.\u00a0\u00a0\u00a0\u00a0  <\/p>\n<p> <strong>Darbeleri geride b\u0131rakm\u0131\u015f T\u00fcrkiye&#39;nin bug\u00fcn\u00fc<\/strong>ne bak\u0131ld\u0131\u011f\u0131nda ise <strong>darbeyi \u00f6zleyenden \u00e7ok &quot;\u00f6zleten&quot; bir siyasi kadronun i\u015f ba\u015f\u0131nda oldu\u011fu<\/strong> g\u00f6r\u00fclecektir. <strong>Yani AKP icraatlar\u0131yla bir darbeyi adeta davet etmektedir.<\/strong>  <\/p>\n<ul>\n<li><strong>AB merkezli bir g\u00f6r\u00fcnt\u00fc <\/strong>\u00e7izilip<strong> &quot;AB&#39;ye Uyum S\u00fcreci&quot; <\/strong>i\u00e7inde toplanan<strong> parsa<\/strong>n\u0131n<strong> &quot;k\u00fcresel g\u00fc\u00e7 odaklar\u0131&quot;<\/strong>na ak\u0131t\u0131ld\u0131\u011f\u0131 bir <strong>d\u0131\u015f politika \u00e7izgisi,<\/strong><\/li>\n<li><strong>Bir k\u00fcresel tefeci olan IMF ve dava arkada\u015flar\u0131<\/strong>na<strong> ciro <\/strong>edilmi\u015f bir iflas <strong>ekonomisi&#8230;<\/strong><\/li>\n<li><strong>DP \u0130ktidar\u0131&#39;n\u0131n ithalat \u00e7\u0131lg\u0131nl\u0131\u011f\u0131<\/strong>na bir de <strong>\u00f6zelle\u015ftirme \u00e7\u0131lg\u0131nl\u0131\u011f\u0131<\/strong>n\u0131 ekleyerek <strong>&quot;ya\u011fma&quot; mant\u0131\u011f\u0131n\u0131 me\u015frula\u015ft\u0131rmaya \u00e7al\u0131\u015fan bir milli servet tasfiyesi&#8230;<\/strong><\/li>\n<li><strong>Etnik kartlar<\/strong>\u0131 so\u011futarak <strong>oyun d\u0131\u015f\u0131<\/strong> b\u0131rakaca\u011f\u0131na s\u00fcrekli \u0131s\u0131tarak <strong>sabotaj malzemesi<\/strong> haline getiren ahmak\u00e7a bir par\u00e7alama stratejisi<strong>,<\/strong><\/li>\n<li><strong>AB&#39;ye Uyum tezg\u00e2h\u0131<\/strong> \u00fczerinden ba\u015fta <strong>&quot;ter\u00f6r&quot; <\/strong>olmak \u00fczere <strong>bir\u00e7ok stratejik noktada pasifize edilen Anayasal D\u00fczlem<\/strong>&#39;i <strong>k\u00f6kl\u00fc bir de\u011fi\u015fim<\/strong>e u\u011fratabilmek ad\u0131na var g\u00fcc\u00fcyle \u00e7al\u0131\u015fan <strong>k\u00f6stebekler<\/strong>den olu\u015fan bir <strong>siyasi h\u0131yanet felsefesi,<\/strong><\/li>\n<li><strong>MGK&#39;n\u0131n siville\u015ftirilmesi<\/strong> gib<strong>i ba\u015flang\u0131\u00e7 hamleleri<\/strong>nin<strong> <\/strong>akabinde <strong>YA\u015e Kararlar\u0131&#39;n\u0131n yarg\u0131ya a\u00e7\u0131lmas\u0131<\/strong> gibi <strong>T\u00fcrk Silahl\u0131 Kuvvetleri&#39;<\/strong>ni tamamen <strong>saf d\u0131\u015f\u0131<\/strong> b\u0131rakacak talimatlar\u0131 <strong>AB Masal\u0131<\/strong> \u00fczerinden uygulamaya koyan bir ruh sefaleti<strong>,<\/strong><\/li>\n<li>Ve <strong>tamamen duygusal etkili bonuslar vas\u0131tas\u0131yla ehlile\u015ftirilen medya \u00fczerinde y\u00fcr\u00fct\u00fclen \u00e7\u00fcr\u00fctme operasyonu<\/strong>nu <strong>Y\u00d6K<\/strong> ve <strong>RT\u00dcK<\/strong> gibi <strong>\u00f6nemli kurumlar<\/strong> ile s\u00fcrd\u00fcrerek kendilerine ba\u011f\u0131\u015flanan <strong>koltu\u011fun hakk\u0131n\u0131 vermeye \u00e7al\u0131\u015fan bir s\u00f6zde &quot;ba\u015f&quot;bakan&#8230; resmi.<\/strong><\/li>\n<\/ul>\n<p> Dolay\u0131s\u0131yla bu noktada <strong>&quot;Acaba darbeyi \u00f6zleyen mi \u00e7ok, yoksa zorla \u00f6zleten ve davet eden mi?&quot;<\/strong> diye sormak fazla <strong>yad\u0131rganmamal\u0131d\u0131r.<\/strong>  <\/p>\n<p> Yoksa birileri \u00fclkenizin, ekme\u011fini yedi\u011finiz zeminin temellerine <strong>dinamit<\/strong> yerle\u015ftirirken, <strong>mevcut y\u0131k\u0131ma g\u00f6z yumarak hatta alk\u0131\u015f tutarak\u00a0 &quot;bir demokrasi kahraman\u0131&quot; <\/strong>m\u0131 olmal\u0131d\u0131r?\u00a0  <\/p>\n","protected":false},"excerpt":{"rendered":"<p>\u00a0  <\/p>\n<p> Atat\u00fcrk&#39;\u00fcn \u015f\u00fcpheli \u00f6l\u00fcm\u00fcn\u00fcn ard\u0131ndan \u0130smet \u0130n\u00f6n\u00fc&#39;y\u00fc ba\u015fa getiren ve devrimin y\u00f6n\u00fcn\u00fc tersine \u00e7eviren sabataist cunta; sistemi yeniden yap\u0131land\u0131rma s\u00fcrecinde, T\u00fcrk Silahl\u0131 Kuvvetlerini, d\u0131\u015f d\u00fc\u015fmanlara kar\u015f\u0131 de\u011fil, i\u00e7 d\u00fc\u015fmanlara kar\u015f\u0131 de\u011fil, i\u00e7 d\u00fc\u015fman g\u00f6rd\u00fc\u011f\u00fc M\u00fcslman halk\u0131m\u0131za kar\u015f\u0131 kullanacak \u015fartlar\u0131 haz\u0131rlad\u0131. Maalesef ordumuzun, kendisine as\u0131l tehdit ve tehlike olarak g\u00f6sterilen M\u00fcsl\u00fcman halk\u0131m\u0131za, i\u00e7 d\u00fc\u015fman olarak bakmas\u0131 sa\u011flanmaya \u00e7al\u0131\u015f\u0131ld\u0131 ve bu y\u00f6nde s\u00fcrekli, suni g\u00fcndemlerle k\u0131\u015fk\u0131rt\u0131ld\u0131. Ama\u00e7lar\u0131, TSK&#39;y\u0131, d\u0131\u015f Siyonist destekli i\u00e7 sabataist ve masonik saltanat\u0131n\u0131n demokrasi k\u0131l\u0131fl\u0131 despotizmine bek\u00e7ilik yapt\u0131rmakt\u0131. Ve bu istikamette nice talihsiz olaylar ya\u015fand\u0131.  <\/p>\n","protected":false},"author":4,"featured_media":0,"comment_status":"open","ping_status":"closed","sticky":false,"template":"","format":"standard","meta":{"footnotes":""},"categories":[39],"tags":[],"class_list":["post-276","post","type-post","status-publish","format-standard","hentry","category-ocak-2006"],"_links":{"self":[{"href":"https:\/\/www.millicozum.com\/mc\/wp-json\/wp\/v2\/posts\/276","targetHints":{"allow":["GET"]}}],"collection":[{"href":"https:\/\/www.millicozum.com\/mc\/wp-json\/wp\/v2\/posts"}],"about":[{"href":"https:\/\/www.millicozum.com\/mc\/wp-json\/wp\/v2\/types\/post"}],"author":[{"embeddable":true,"href":"https:\/\/www.millicozum.com\/mc\/wp-json\/wp\/v2\/users\/4"}],"replies":[{"embeddable":true,"href":"https:\/\/www.millicozum.com\/mc\/wp-json\/wp\/v2\/comments?post=276"}],"version-history":[{"count":0,"href":"https:\/\/www.millicozum.com\/mc\/wp-json\/wp\/v2\/posts\/276\/revisions"}],"wp:attachment":[{"href":"https:\/\/www.millicozum.com\/mc\/wp-json\/wp\/v2\/media?parent=276"}],"wp:term":[{"taxonomy":"category","embeddable":true,"href":"https:\/\/www.millicozum.com\/mc\/wp-json\/wp\/v2\/categories?post=276"},{"taxonomy":"post_tag","embeddable":true,"href":"https:\/\/www.millicozum.com\/mc\/wp-json\/wp\/v2\/tags?post=276"}],"curies":[{"name":"wp","href":"https:\/\/api.w.org\/{rel}","templated":true}]}}