{"id":277,"date":"2006-11-25T02:48:37","date_gmt":"2006-11-25T02:48:37","guid":{"rendered":"https:\/\/www.millicozum.com\/mc\/2006\/11\/25\/lker-ve-garller\/"},"modified":"2006-11-25T02:48:37","modified_gmt":"2006-11-25T02:48:37","slug":"celiskiler-ve-gariplikler","status":"publish","type":"post","link":"https:\/\/www.millicozum.com\/mc\/2006\/ocak-2006\/celiskiler-ve-gariplikler\/","title":{"rendered":"\u00c7EL\u0130\u015eK\u0130LER VE GAR\u0130PL\u0130KLER"},"content":{"rendered":"<p>\u00a0  <\/p>\n<p> \u00a0&quot;Lafla peynir gemisi y\u00fcr\u00fcmez&quot; denir amma, AKP palavrayla \u00fclkeyi bile y\u00f6netiyor!.. Vatanda\u015f i\u015fsizlik ve fakirlik i\u00e7inde k\u0131vran\u0131rken, esnaf ve at\u00f6lyeler kepenk kapat\u0131rken, rakam cambazl\u0131klar\u0131 ile &quot;ekonomik cennet&quot; g\u00f6steriliyor&#8230;  <\/p>\n<p> D\u0131\u015fi\u015fleri Bakan\u0131 b\u00fct\u00e7e g\u00f6r\u00fc\u015fmelerinde &quot;K\u0131br\u0131s T\u00fcrk halk\u0131n\u0131n \u00e7\u0131karlar\u0131n\u0131 koruyaca\u011f\u0131z&quot; diyerek, resmen K\u0131br\u0131s T\u00fcrk Cumhuriyetinin feda edildi\u011fini ilan ediyor, ama kimse anlamak istemiyor.  <\/p>\n<p> T\u00fcpra\u015f, Erdemir derken Telekom da kelepir fiyat\u0131na yabanc\u0131lara pe\u015fke\u015f \u00e7ekiliyor&#8230;  <\/p>\n<p> T\u00fcrban konusunda tam bir m\u00fcnaf\u0131kl\u0131k sergileniyor ve sadece t\u00fcrbinlere oynan\u0131yor. Ciddi ve cesaretli hi\u00e7bir ad\u0131m at\u0131lm\u0131yor&#8230;  <\/p>\n<p>  \u00a0  <\/p>\n<p> &quot;A\u0130HM&#39;nin ba\u015f\u00f6rt\u00fcs\u00fc konusunda karar verme hakk\u0131 yoktur&#8230; Bu konuda M\u00fcsl\u00fcman din \u00e2limlerine sorup ona g\u00f6re davranmas\u0131 gerekir&quot; diyen Sn. Recep T. Erdo\u011fan, T\u00fcrkiye AB&#39;ye girince, \u00fclkemizle ilgili kararlar\u0131n din ulemas\u0131na sorulup sorulmayaca\u011f\u0131n\u0131 bilmiyor mu? Hay\u0131r, a\u00e7\u0131k\u00e7a ba\u015fbakan, din istismar\u0131 ve dincilik suistimali yap\u0131yor..  <\/p>\n<p> Buna Kar\u015f\u0131, CHP&#39;nin &quot;T\u00fcrkiye Mollalar \u00fclkesi olmayacakt\u0131r. Hi\u00e7bir konu din \u00e2limlerine dan\u0131\u015f\u0131lamayacakt\u0131r&quot; tepkisi ve tepinmesi de, dine olan alerjisini ve CHP&#39;nin Halk\u00e7\u0131l\u0131k \u00e7eli\u015fkisin ortaya koyuyor.  <\/p>\n<p> H\u00e2lbuki bug\u00fcn Avrupa&#39;da H\u0131ristiyanl\u0131k mezhepleri veya Musevilikle ilgili konular\u0131n kiliselere soruldu\u011funu herkes\u00e7e biliyor.  <\/p>\n<p> \u00dcstelik AKP&#39;nin bu tutars\u0131z ve duyars\u0131z tav\u0131rlar\u0131, eski radikal \u0130slamc\u0131lardan, \u0130ranc\u0131lardan ve Turanc\u0131lardan alk\u0131\u015f al\u0131yor!&#8230;  <\/p>\n<p> Yeni \u015eafak\u00e7\u0131lar, Vakit\u00e7iler, Zamanc\u0131lar ve \u0131l\u0131ml\u0131 \u0130slamc\u0131lar b\u00fct\u00fcn bu h\u0131yanet ve hezimetlere ve hikmet ve keramet k\u0131l\u0131f\u0131 uyduruyor.  <\/p>\n<p> Eski AKP&#39;li \u015fimdi ANAP&#39;l\u0131 Emin \u015eirin ise:  <\/p>\n<p> &quot;Ba\u015fbakan bug\u00fcn ba\u015f\u00f6rt\u00fcs\u00fcn\u00fc din ulemas\u0131na sorar. Ama yar\u0131n i\u00e7 \u00e7ama\u015f\u0131rlar\u0131 da \u00e2limlere dan\u0131\u015fmaya kalk\u0131\u015f\u0131rsa durum nereye var\u0131r bilmem&quot; \u015feklindeki talihsiz ve terbiyesiz s\u00f6zleriyle, ba\u015f\u00f6rt\u00fcs\u00fcn\u00fc i\u00e7 \u00e7ama\u015f\u0131r\u0131 seviyesinde ve stat\u00fcs\u00fcnde g\u00f6stermek ve tabi ger\u00e7ek ayar\u0131n\u0131 de\u015fifre etmek durumuna d\u00fc\u015f\u00fcyor.  <\/p>\n<p> AKP&#39;yi iktidara ta\u015f\u0131yan g\u00fc\u00e7ler ve CIA, MOSSAD gibi \u00f6rg\u00fctler \u015fimdi g\u00fcneydo\u011fuyu isyana haz\u0131rl\u0131yor&#8230; Ers\u00f6nmez Yarbay gibi baz\u0131 AKP&#39;li Milletvekilleri bile h\u00fck\u00fcmeti, tutars\u0131zl\u0131k ve vurdumduymazl\u0131kla itham ve ikaz ediyor.  <\/p>\n<p> \u0130nsani de\u011ferler, vicdani kriterler s\u00f6n\u00fcyor!  <\/p>\n<p> &quot;T\u00fcrkiye&#39;de mevcut iktidar\u0131n, ABD \u00f6nc\u00fcl\u00fc\u011f\u00fcndeki B\u00fcy\u00fck Ortado\u011fu Projesi&#39;nde i\u015fgalcilerin saflar\u0131nda yer alma se\u00e7imi kar\u015f\u0131l\u0131\u011f\u0131nda, Siyonist g\u00fcd\u00fcml\u00fc K\u00f6rfez sermayesinin y\u00f6n\u00fcn\u00fc T\u00fcrkiye&#39;ye d\u00f6nd\u00fcrmesiyle \u00f6d\u00fcllendirildi\u011fini g\u00f6r\u00fcyoruz. Biraz derin d\u00fc\u015f\u00fcnseniz, ak\u0131l alacak \u015fey de\u011fil. Yan\u0131 ba\u015f\u0131n\u0131zda, bir \u00fclke alt\u00fcst olacak, kaynaklar\u0131na, gelece\u011fine el konulacak, ama en \u00f6nemlisi h\u00e2lihaz\u0131rda kan g\u00f6vdeyi g\u00f6t\u00fcrecek ve siz hi\u00e7bir \u015fey olmam\u0131\u015f gibi hayat\u0131n\u0131za devam edeceksiniz. Bunun insanl\u0131ktan \u00e7\u0131km\u0131\u015f olmaktan ba\u015fka izah edilir yan\u0131 yok. Maalesef, insanl\u0131ktan \u00e7\u0131kman\u0131n maliyeti \u00fczerine d\u00fc\u015f\u00fcnmemeye al\u0131\u015ft\u0131k, o nedenle maliyeti yokmu\u015f gibi davranma l\u00fcks\u00fcm\u00fcz var san\u0131yoruz. Oysa bu, ekonomik maliyetlerin \u00e7ok \u00fczerinde bir hasar. Vicdan\u0131na kulak vermek fantezi gibi geliyor, ama asl\u0131nda vicdan\u0131 \u00f6nemsiz, hatta yok saymak, bizi insanl\u0131k \u00f6z\u00fcrl\u00fc k\u0131l\u0131yor. Bu durum toplumlar\u0131n ba\u015f\u0131na gelebilecek en b\u00fcy\u00fck felaket. \u0130srail&#39;de \u0130\u015f\u00e7i Partisi liderli\u011fine se\u00e7ilen Peretz, ilk kez, \u0130srail&#39;in bug\u00fcne kadar izledi\u011fi politikalar\u0131n\u0131n, topluma &#8216;ahlaki maliyeti&#39;nden s\u00f6z etti. Bizde, T\u00fcrkiye&#39;nin, Ortado\u011fu&#39;da izlemeye ba\u015flad\u0131\u011f\u0131 yolun &#8216;ahlaki maliyeti&#39;ni, vakit ge\u00e7irmeden d\u00fc\u015f\u00fcnmek zorunday\u0131z.&quot;<a name=\"_ftnref1\" href=\"#_ftn1\" title=\"_ftnref1\">[1]<\/a>  <\/p>\n<p> Jackson bile:  <\/p>\n<p> <strong>&quot;Yahudiler beni mahvetti&quot; <\/strong>diyor, ama Tayip Bey hala uyanam\u0131yor!<strong> <\/strong> <\/p>\n<p> &quot;Pop y\u0131ld\u0131z\u0131 Michael Jackson&#39;\u0131n son zamanlarda ba\u015f\u0131na gelenlerden Yahudileri sorumlu tuttu\u011fu ve bunlar\u0131 bir &#39;&#39;Yahudi komplosu&#39;&#39; olarak niteledi\u011fi iddia edildi. ABC televizyonunda yay\u0131mlanan kayda g\u00f6re, Jackson eski bir dan\u0131\u015fman\u0131na b\u0131rakt\u0131\u011f\u0131 sesli mesajda, Yahudiler hakk\u0131nda &#39;&#39;Beni emdiler. Bunlar s\u00fcl\u00fck gibi. Bundan \u00e7ok yoruldum. D\u00fcnyan\u0131n en pop\u00fcler ki\u015fisiyle yola \u00e7\u0131kt\u0131lar, \u00e7ok para yapt\u0131lar. B\u00fcy\u00fck evler, arabalar ve her \u015fey&#8230; Sonunda bir kuru\u015fsuz b\u0131rakt\u0131lar. Bu bir komplodur. Yahudiler bunu kasten yapt\u0131lar&#39;&#39;<a name=\"_ftnref2\" href=\"#_ftn2\" title=\"_ftnref2\">[2]<\/a>  <\/p>\n<p> <strong>&quot;<\/strong><strong>ABD, Siyonist Yahudiler Blair&#39;i Dahi Kaz\u0131kl\u0131yor!&quot;<\/strong>  <\/p>\n<p> Irak&#39;\u0131n i\u015fgaline kar\u015f\u0131 \u00e7\u0131kmas\u0131 nedeniyle e\u015finin CIA ajan\u0131 oldu\u011fu bas\u0131na s\u0131zd\u0131r\u0131lan Wilson, Bush&#39;un yard\u0131mc\u0131lar\u0131n\u0131n \u0130ngiltere Ba\u015fbakan\u0131 Tony Blair&#39;i &#8216;kaz\u0131klad\u0131klar\u0131n\u0131&#39; s\u00f6yledi.  <\/p>\n<p> ABD eski diplomat\u0131 Joe Wilson, ABD Ba\u015fkan\u0131 George W. Bush&#39;un yard\u0131mc\u0131lar\u0131n\u0131n \u0130ngiltere Ba\u015fbakan\u0131 Tony Blair&#39;i &#8216;kaz\u0131klad\u0131klar\u0131n\u0131&#39; s\u00f6yledi.  <\/p>\n<p> Irak&#39;\u0131n i\u015fgaline kar\u015f\u0131 \u00e7\u0131kmas\u0131 nedeniyle e\u015finin CIA ajan\u0131 oldu\u011fu bas\u0131na s\u0131zd\u0131r\u0131lan Wilson, \u0130ngiliz BBC radyosuna, &quot;\u0130ngilizlerin kendi iddialar\u0131n\u0131 nas\u0131l savunduklar\u0131n\u0131 izledim. Anlayabildi\u011fim kadar\u0131yla silahs\u0131zlanma kampanyas\u0131na benziyordu&quot; dedi. Wilson&#39;un e\u015fi Valerie Plame&#39;in ajan oldu\u011funun bas\u0131na s\u0131zd\u0131r\u0131lmas\u0131 eski diplomat\u0131n Irak&#39;\u0131n i\u015fgalinin ne kadar mant\u0131kl\u0131 oldu\u011funa dair bir yaz\u0131s\u0131ndan sonra meydana gelmi\u015fti.  <\/p>\n<p> Wilson, &quot;Blair, ABD&#39;ye geldi\u011finde Bush, rejim de\u011fi\u015fikli\u011finden bahsediyordu. Blair ayr\u0131ld\u0131\u011f\u0131nda Bush, silahs\u0131zlanmadan bahsetmeye ba\u015flad\u0131&quot; dedi. Eski diplomat Wilson, &quot;Bush, BM&#39;ye \u0130ngilizlerin etkisi sonucu gitti&quot; \u015feklinde konu\u015ftu. Joe Wilson, &quot;Blair, silahs\u0131zlanma i\u00e7in u\u011fra\u015ft\u0131\u011f\u0131n\u0131 san\u0131yordu. Bende bunu destekliyordum. Ama san\u0131r\u0131m Washington&#39;daki rejim de\u011fi\u015fikli\u011fi taraftarlar\u0131 taraf\u0131ndan kand\u0131r\u0131ld\u0131&quot; dedi.  <\/p>\n<p> CIA, Irak&#39;\u0131n devrik lideri Saddam H\u00fcseyin&#39;in Nijer&#39;den i\u015flenmemi\u015f uranyum almaya \u00e7al\u0131\u015ft\u0131\u011f\u0131 iddialar\u0131n\u0131n ara\u015ft\u0131r\u0131lmas\u0131 i\u00e7in Joe Wilson&#39;u 2002&#39;de bu \u00fclkeye g\u00f6ndermi\u015fti. Wilson, Ba\u011fdat rejiminin bu y\u00f6nde \u00e7abas\u0131 olmad\u0131\u011f\u0131 y\u00f6n\u00fcnde rapor haz\u0131rlad\u0131. Buna ra\u011fmen ABD Ba\u015fkan\u0131 Bush, 2003 Birli\u011fin Durumu konu\u015fmas\u0131nda Irak&#39;\u0131n uranyum ald\u0131\u011f\u0131n\u0131 a\u00e7\u0131klad\u0131. Wilson, Bush&#39;u Irak&#39;\u0131 i\u015fgalinin ne kadar rasyonel oldu\u011funa dair bir yaz\u0131 yay\u0131nlanmas\u0131n\u0131n ard\u0131ndan e\u015fi Valerie Plame&#39;in ajan oldu\u011fu bas\u0131na s\u0131zd\u0131r\u0131ld\u0131.<a name=\"_ftnref3\" href=\"#_ftn3\" title=\"_ftnref3\">[3]<\/a>  <\/p>\n<p> <strong>Bu arada, \u00fclkemizde, \u015feytan\u0131 bile \u015fa\u015f\u0131rtan gariplikler ve \u00e7eli\u015fkiler ya\u015fan\u0131yor!..<\/strong>  <\/p>\n<p> 1.Milli g\u00f6r\u00fc\u015f ve Erbakan Ger\u00e7e\u011fini  <\/p>\n<p> 2.Atat\u00fcrk\u00e7\u00fc milli d\u00fc\u015f\u00fcnceyi, kendileri i\u00e7in iki b\u00fcy\u00fck engel g\u00f6ren Ha\u00e7l\u0131 Avrupa \u015f\u00f6valyelerinin: &quot;AB&#39;ye girmek istiyorsan\u0131z duvarlardan ve resmi dairelerden Atat\u00fcrk&#39;\u00fcn foto\u011fraflar\u0131n\u0131 indirin!&quot; \u015feklindeki k\u00fcstahl\u0131\u011f\u0131, sinsi talimat gibi alg\u0131lanm\u0131\u015f\u00e7as\u0131na, d\u00fcnyan\u0131n b\u00fct\u00fcn ordular\u0131 ve askeri uzmanlar\u0131nca, tarihi bir taktik dehas\u0131 olarak kabul edilen Kurtulu\u015f sava\u015f\u0131 kara Muharebelerini temsil eden Atat\u00fcrk&#39;\u00fcn Kocatepe Fig\u00fcr\u00fc, Genel Kurmay\u0131m\u0131z taraf\u0131ndan, Kara kuvvetleri ambleminden \u00e7\u0131kar\u0131l\u0131yor?!  <\/p>\n<p> Ve sanki baz\u0131lar\u0131:  <\/p>\n<p> &quot;AB&#39;ye eyalet olmak ve egemenli\u011fimizi bile k\u0131smen Avrupa&#39;ya ba\u011flamak ama\u00e7t\u0131r&#8230; Atat\u00fcrk\u00e7\u00fcl\u00fck ise bu amaca ula\u015fmak i\u00e7in sadece bir ara\u00e7t\u0131r&quot; mant\u0131\u011f\u0131yla:  <\/p>\n<p> &quot;AB, Atat\u00fcrk&#39;\u00fcn hayali ve hedefidir!? Diyerek hem tarihi ger\u00e7ekleri hem de \u00fclkemizin gereksinimlerini \u00e7arp\u0131t\u0131yor.  <\/p>\n<p> Tayyip Bey&#39;in Kirvesi Berlosconi ve Papa Hz.leri K\u00fcrt kabile reisi Barzani&#39;yi Devlet Ba\u015fkan\u0131 stat\u00fcs\u00fcyle kabul edilip a\u011f\u0131rl\u0131yor!&#8230;  <\/p>\n<p> Hayret: Fethullah G\u00fclen Papa&#39;n\u0131n elini \u00f6p\u00fcyor, emrinde oldu\u011funu arz ediyor ve evliya say\u0131l\u0131yor! Barzani&#39;de papan\u0131n elini \u00f6p\u00fcyor, sayg\u0131lar\u0131n\u0131 sunuyor ama o e\u015fk\u0131ya say\u0131l\u0131yor!? Yoksa her ikisi de, ayn\u0131 odaklar\u0131n avucunda m\u0131 oynat\u0131l\u0131yor.?  <\/p>\n<p> Ayn\u0131 Papa: Fener Rum patrik&#39;inin giri\u015fimiyle, Siyonistlerin &quot;vicdana \u00e7a\u011fr\u0131&quot; vakf\u0131nca d\u00fczenlenen 2. Bar\u0131\u015f ve Tolerans konferans\u0131na g\u00f6nderdi\u011fi mesajdan T\u00fcrkiye&#39;nin ve \u0130slam \u00fclkelerini ad\u0131n\u0131 bile anmaya tenezz\u00fcl etmiyor.  <\/p>\n<p> Baz\u0131lar\u0131nca Milli ve yerli kafal\u0131 zannedilen TOBB ba\u015fkan\u0131 R\u0131fat Hisarc\u0131kl\u0131o\u011flu Ariel \u015eharon&#39;un davetlisi olarak \u0130srail&#39;e ko\u015fuyor!&#8230;  <\/p>\n<p> \u00c7a\u011fr\u0131 ve \u00d6mer Muhtar filmlerini y\u00f6netmeni Suriyeli Mustafa Akkad, \u0130stanbul&#39;un Fethi ve Selahaddin Eyy\u00fcbi filmlerini \u00e7ekme haz\u0131rl\u0131\u011f\u0131nda iken, \u00dcrd\u00fcn deki bir otelin kundaklanmas\u0131yla k\u0131z\u0131yla birlikte \u00f6l\u00fcyor ve \u00fcstelik. Bu suikast El Kaide&#39;ye fatura ediliyor.!&#8230;  <\/p>\n<p> Mustafa Akkad kimdi? Siyonist Yahudiler ve Ha\u00e7l\u0131 emperyalistler ondan niye tedirgindi? Sorunlar\u0131 g\u00fcndeme bile gelmiyor!&#8230;  <\/p>\n<p> <strong>Korkut \u00d6zal AKP&#39;li talebelerine \u015f\u00f6yle uyar\u0131yordu:<\/strong>  <\/p>\n<p> &quot;Devletin yap\u0131s\u0131n\u0131 k\u00f6k\u00fcnden de\u011fi\u015ftirmek laz\u0131m. Modern d\u00fcnyan\u0131n de\u011ferleriyle yapmak gerek&quot;  <\/p>\n<p> <strong>Orduyu kasdederek:<\/strong>  <\/p>\n<p> &quot;Bu sistemi lehine \u00e7al\u0131\u015ft\u0131ran odaklar var. Sistemin de\u011fi\u015fmesini ve AB&#39;yi istemiyorlar. \u00c7\u00fcnk\u00fc o zaman stat\u00fclerinin egemenli\u011fini kaybedecekler. Anayasada 1960&#39;tan \u00f6nceki ve sonraki cumhurba\u015fkanlar\u0131n\u0131n yetkilerini mukayese edin. 60&#39;tan evvel temsili bir cumhurba\u015fkan\u0131 vard\u0131. Bu g\u00fcnk\u00fc cumhurba\u015fkan\u0131 T\u00fcrkiye&#39;nin her \u015feyini durdurabilir. Durduruyor da. Milletin iradesi iktidar olam\u0131yor. Birtak\u0131m g\u00fc\u00e7ler, anayasal mekanizmalar T\u00fcrkiye&#39;yi ellerine ge\u00e7irmi\u015f g\u00f6t\u00fcr\u00fcyor!&quot;  <\/p>\n<p> <strong>\u015eemdinli&#39;de ya\u015fananlar hakk\u0131ndaki yorumunuz nedir?<\/strong>  <\/p>\n<p> Susurluk olay\u0131 ortaya \u00e7\u0131kard\u0131 ki, bir tak\u0131m insanlar devlet ad\u0131na kolayca adam \u00f6ld\u00fcrm\u00fc\u015f. 15 bin ki\u015fi. Tak tak vurmu\u015f \u00f6ld\u00fcrm\u00fc\u015fler. \u0130ddialar b\u00f6yle. Kim kimi \u00f6ld\u00fcrd\u00fc, niye \u00f6ld\u00fcrd\u00fc bilmiyoruz. Efendim, i\u015fte ortada PKK hareketi varm\u0131\u015f, bunu durdurmak i\u00e7in yapm\u0131\u015flar. Sonra bir bakt\u0131lar ki bunun alt\u0131nda uyu\u015fturucu meselesi var, ba\u015fka \u015feyler var. Bu pislikler \u00e7\u0131k\u0131nca iddialar bir yerden ileri g\u00f6t\u00fcr\u00fclemedi, kapand\u0131. \u015eimdi \u015eemdinli&#39;de de b\u00f6yle bir durumla kar\u015f\u0131la\u015f\u0131lacak diye endi\u015feler var. Baz\u0131lar\u0131 da hay\u0131r, Susurluk&#39;a benzemeyecek, diyor. Siz Susurluk&#39;ta her \u015feyin ortaya \u00e7\u0131kt\u0131\u011f\u0131na emin misiniz? Hay\u0131r, \u015eemdinli meselesinde ortada olan \u015fu; benim g\u00fcvenlik kuvvetlerim ter\u00f6r yap\u0131yor. G\u00f6r\u00fcnen manzara el bombas\u0131n\u0131 atan g\u00fcvenlik kuvvetlerinin korudu\u011fu bir adam. Halk da ka\u00e7arken yakalam\u0131\u015f. Bagajdan \u00f6yle bilgiler \u00e7\u0131km\u0131\u015f ki.. Sadece silah de\u011fil; dosyalar da var. O dosyalar neden orada?  <\/p>\n<p> <strong>2006-2007 KR\u0130T\u0130K YILLAR OLACAK!<\/strong>  <\/p>\n<p> <strong>2006&#39;da genelkurmay ba\u015fkan\u0131 de\u011fi\u015fikli\u011fi olacak. 2007&#39;de ise hem cumhurba\u015fkan\u0131 se\u00e7ilecek hem de genel se\u00e7imler var. Bu durum gerilimi art\u0131r\u0131r m\u0131?<\/strong>  <\/p>\n<p> &quot;Genelkurmay Ba\u015fkan\u0131 T\u00fcrkiye&#39;nin gidi\u015fat\u0131na en uyumlu insanlardan biri. AB \u00fcyesi olmaya haz\u0131rlanan T\u00fcrkiye i\u00e7in konu\u015fmalar\u0131yla, de\u011ferler sistemiyle ideal bir genelkurmay ba\u015fkan\u0131d\u0131r.  <\/p>\n<p> <strong>Ama g\u00f6rev s\u00fcresi doluyor.<\/strong>  <\/p>\n<p> Bir \u00f6rnek vereyim. 1987 ve 1988&#39;de genelkurmay ba\u015fkan\u0131 Necdet \u00dcru\u011f idi. Necdet \u00d6ztorun&#39;un ise gelmesi s\u00f6z konusuydu. Turgut Bey onu istemedi ve engelledi. Devreye girerek onlar\u0131n mekanizmas\u0131n\u0131 bozdu, bunu atam\u0131yorum, dedi. Ba\u015fka biri atand\u0131. H\u00fck\u00fcmet iradesinin bu i\u015fteki nadir g\u00f6r\u00fcn\u00fcmlerinden biri oldu.  <\/p>\n<p> <strong>Peki, \u015fimdi b\u00f6yle bir \u015fey olabilir mi?<\/strong>  <\/p>\n<p> Ben h\u00fck\u00fcmet de\u011filim; dolay\u0131s\u0131yla bilemiyorum. Ama 2006-2007 T\u00fcrkiye&#39;nin en \u00f6nemli iki senesi. Avrupa ile ili\u015fkilerin de en hassas zaman\u0131. Onun i\u00e7in o b\u00f6lgede istikrar dikkat edilmesi gerekir. Ben ba\u015fbakan olsam Hilmi Pa\u015fan\u0131n g\u00f6revini bir sene daha uzatabilir miyim, diye d\u00fc\u015f\u00fcn\u00fcr\u00fcm.&quot;  <\/p>\n<p> Ve l\u00fctfen hat\u0131rlay\u0131n:  <\/p>\n<p> &quot;Orgeneral \u0130lker Ba\u015fbu\u011f&#39;un Genelkurmay ikinci Ba\u015fkanl\u0131\u011f\u0131 d\u00f6neminde bas\u0131n\u0131n Ankara Temsilcilerine 19 Temmuz&#39;da verdi\u011fi brifingde &quot;Ter\u00f6r eylemleri artabilir. \u00d6rg\u00fct son \u00e7\u0131rp\u0131n\u0131\u015flar\u0131n\u0131 yap\u0131yor. Bu arada en b\u00fcy\u00fck vatanda\u015f\u0131m\u0131z halk\u0131n devletin yan\u0131nda olmas\u0131d\u0131r. Buna b\u00fcy\u00fck \u00f6nem veriyoruz. Provokasyonlar da olabilir. Ba\u015fta medya olmak \u00fczere herkesin duyarl\u0131 olmas\u0131 laz\u0131m&quot; demi\u015fti&#8230;  <\/p>\n<p> Ben t\u00fcm okuyucular\u0131m\u0131zdan \u015funu istirham ediyorum. L\u00fctfen olay\u0131n ne oldu\u011funu ba\u015ftan sona iyi bir \u015fekilde okuyun. Bilgi kirlili\u011finden kurtulun. Oradaki kitapevinin sahibi kimmi\u015f ve daha \u00f6nce neler yapm\u0131\u015f, olaya kar\u0131\u015fan PKK itiraf\u00e7\u0131s\u0131 neciymi\u015f, bomban\u0131n at\u0131l\u0131\u015f tarz\u0131 nas\u0131lm\u0131\u015f, kitapevi sahibi patlamadan nas\u0131l kurtulmu\u015f ve olaya kar\u0131\u015ft\u0131\u011f\u0131 iddia edilen ki\u015fiyi an\u0131nda nas\u0131l yakalam\u0131\u015f, bir grup g\u00f6sterici k\u0131sa s\u00fcrede olay mahallinde nas\u0131l toplanm\u0131\u015f. Bunlar \u00fczerinde d\u00fc\u015f\u00fcnmek gerekir. Bu olay kime yar\u0131yor? Verili ger\u00e7ekleri kabul etmeyin. Sorgulay\u0131n.&quot;<a name=\"_ftnref4\" href=\"#_ftn4\" title=\"_ftnref4\">[4]<\/a>  <\/p>\n<p> Bu arada AKP:  <\/p>\n<p> <strong>Erken Se\u00e7im, \u00c7ankaya, Asker aras\u0131nda bocal\u0131yor:<\/strong>  <\/p>\n<p> CHP&#39;nin stratejisi gayet a\u00e7\u0131k: \u015eimdiki Meclis&#39;e Cumhurba\u015fkan\u0131&#39;n\u0131 se\u00e7tirmemek i\u00e7in, h\u00fck\u00fcmeti 2006&#39;da erken se\u00e7ime zorlamak! AKP h\u00fck\u00fcmeti her defas\u0131nda zaman\u0131nda (2007&#39;nin sonbahar\u0131nda) se\u00e7ime gidece\u011fini vurguluyor. B\u00f6ylelikle, \u015fimdiki Meclis&#39;in May\u0131s 2007&#39;deki \u00c7ankaya Se\u00e7imi&#39;ni yapaca\u011f\u0131n\u0131 da s\u00f6ylemi\u015f oluyor&#8230;  <\/p>\n<p> Bir de, Genelkurmay Ba\u015fkan\u0131 Org. Hilmi \u00d6zk\u00f6k&#39;le ilgili tart\u0131\u015fmalar var: Org. \u00d6zk\u00f6k&#39;\u00fcn g\u00f6rev s\u00fcresinin bir y\u0131l uzat\u0131laca\u011f\u0131, b\u00f6ylelikle h\u00fck\u00fcmetle mesafeli olan Org. Ya\u015far B\u00fcy\u00fckan\u0131t&#39;\u0131n G.Kurmay Ba\u015fkanl\u0131\u011f\u0131&#39;n\u0131n engellenece\u011fi y\u00f6n\u00fcndeki iddialar Ankara kulislerinde son g\u00fcnlerde pek bir reva\u00e7ta. Org. \u00d6zk\u00f6k, d\u00fcn yapt\u0131\u011f\u0131 a\u00e7\u0131klama ile bu s\u00f6ylentileri kesin bir dille yalanlad\u0131. G\u00f6rev s\u00fcresinin uzat\u0131lmas\u0131 y\u00f6n\u00fcnde bir d\u00fc\u015f\u00fcncesinin de, beklentisinin de olmad\u0131\u011f\u0131n\u0131 net bir bi\u00e7imde ifade etti.<a name=\"_ftnref5\" href=\"#_ftn5\" title=\"_ftnref5\">[5]<\/a>  <\/p>\n<p> <strong>Ya\u015far Pa\u015fa kimin hesab\u0131n\u0131 bozuyor? <\/strong> <\/p>\n<p> Birileri nedense ! Say\u0131n Ya\u015far B\u00fcy\u00fckan\u0131t&#39;tan \u00e7ok rahats\u0131z olmaktad\u0131rlar&#8230; M\u0130T M\u00fcste\u015far\u0131m\u0131z Emre Taner&#39;in, Barzani&#39;yi Washington ve Avrupa turu \u00f6ncesinde ziyaret etmesinin arka plan\u0131 ortada. &#8216;Gelecek foto\u011fraf\u0131&#39;nda, T\u00fcrkiye&#39;de, masada &#8216;oyun kurucular&#39;dand\u0131r.  <\/p>\n<p> Washington&#39;un efendileri yeni y\u0131ldan itibaren Irak&#39;tan \u00e7ekilip sadece Kuzey Irak&#39;\u0131 &#8216;\u00fcs&#39; olarak kabul edecekler ve birilerine g\u00f6re, &#8216;K\u00fcrdistan&#39; haritas\u0131 Suriye ve \u0130ran&#39;\u0131n &#8216;K\u00fcrt b\u00f6lgelerini de i\u00e7ine almakta. Dolay\u0131s\u0131yla da T\u00fcrkiye&#39;nin de hemen s\u0131n\u0131r \u00f6tesindeki bu geli\u015fmelerden etkilenmesi ka\u00e7\u0131n\u0131lmazd\u0131r. T\u00fcrkiye&#39;de kamuoyu bir sonraki ad\u0131mda &#8216; Eyalet sistemi&#39;ne haz\u0131rlanacakt\u0131r.  <\/p>\n<p> Bir di\u011fer cephede devam eden G\u00fcneydo\u011fumuz ait belirli d\u0131\u015f politik operasyonlara kar\u015f\u0131 koymas\u0131 muhtemel olan milli kurumlar\u0131m\u0131za-\u015fah\u0131slara y\u00f6nelik de itibar infaz\u0131 ba\u015flam\u0131\u015ft\u0131r. T\u00fcrkiye&#39;nin belirli kurumlar\u0131n\u0131n g\u00fcc\u00fcn\u00fcn k\u0131r\u0131lmas\u0131-etkisinin azalt\u0131lmas\u0131 e\u015fanl\u0131 olarak s\u00fcrmektedir. T\u00fcrk Silahl\u0131 Kuvvetleri bu anlamda hedeflenen kurumlar\u0131n ba\u015f\u0131ndad\u0131r. \u015eemdinli ile tetiklenen ve zaten aylard\u0131r G\u00fcneydo\u011fu&#39;nun de\u011fi\u015fik b\u00f6lgelerinde provoke edilerek sergilenen &#8216;sokak eylemleri&#39; ya da &#8216;a\u00e7\u0131k isyan g\u00f6r\u00fcnt\u00fcleri&#39; yaratma \u00e7abas\u0131 giderek daha b\u00fcy\u00fck dalgalarla \u00fclkede yay\u0131lmaya devam edebilir.&#39; Say\u0131n Ya\u015far B\u00fcy\u00fckan\u0131t&#39;a dair spek\u00fclasyonlar, son noktada &#8216;TSK&#39;y\u0131 a\u011f\u0131zlara sak\u0131z yapmaya ba\u015flam\u0131\u015ft\u0131r. Birileri nedense! Say\u0131n Ya\u015far B\u00fcy\u00fckan\u0131t&#39;tan \u00e7ok rahats\u0131z olmaktad\u0131rlar&#8230;  <\/p>\n<p> M\u0130T M\u00fcste\u015far\u0131m\u0131z Emre Taner&#39;in, Barzani&#39;yi Washington ve Avrupa turu \u00f6ncesinde ziyaret etmesinin arka plan\u0131 ortada. &#8216;gelecek foto\u011fraf\u0131&#39;nda, T\u00fcrkiye&#39;de, masada &#8216;oyun kurucular&#39;dand\u0131r. D\u00fcn, bir ba\u015fka uzman dostumun belirtti\u011fi gibi &#8216;K\u00fcrt kart\u0131n\u0131 elinde tutanlar &#8216;T\u00fcrkiye&#39;siz&#39; ba\u015far\u0131l\u0131 olamayacaklar\u0131n\u0131 \u00e7ok iyi biliyorlar, d\u00f6rt taraf\u0131 da\u011flarla \u00e7evrili b\u00f6lgenin T\u00fcrkiye&#39;ye hep ihtiyac\u0131 olacakt\u0131r, bizim i\u00e7 huzurumuzun ka\u00e7mas\u0131, birilerinin \u00e7oook daha huzursuz olmas\u0131-olaca\u011f\u0131 anlam\u0131 ta\u015f\u0131r&#8230;<a name=\"_ftnref6\" href=\"#_ftn6\" title=\"_ftnref6\">[6]<\/a>  <\/p>\n<p> Bu arada, ele\u015ftirilerimizin a\u011f\u0131r oldu\u011funu s\u00f6yleyip sitem eden bir AKP milletvekili eski dostumuz. &quot;Biz i\u015fin i\u00e7indeyiz. Biz Meclisteyiz, Milletvekiliyiz. Bizim bile fark edemedi\u011fimiz \u015feyleri siz nerden biliyorsunuz? Diye soruyor.  <\/p>\n<p> &quot;Bay eski dost!&#8230; Buz patencisi olmak i\u00e7in Kuzey kutbunda ya\u015f\u0131yor olmak yetseydi, b\u00fct\u00fcn Eskimolar \u015fampiyon olurdu!&#8230; Oysa bug\u00fcne kadar Eskimolardan tek bir patent\u00e7i \u00e7\u0131kmam\u0131\u015ft\u0131r.  <\/p>\n<p> Ve bunlar\u0131n hepsinden daha da ilginci ve hayret verici olan\u0131:  <\/p>\n<p> Anadolu Gen\u00e7lik Dergisi, Irak&#39;taki halk\u0131n S\u00fcnni direni\u015fini: &quot;Direni\u015f masal\u0131&quot; &quot;Ter\u00f6re dayal\u0131 kurtulu\u015f safsatas\u0131&quot; olarak niteleyen, talihsiz, temelsiz ve terbiyesiz yaz\u0131lar yay\u0131nl\u0131yor.<a name=\"_ftnref7\" href=\"#_ftn7\" title=\"_ftnref7\">[7]<\/a>  <\/p>\n<p> Bak\u0131n\u0131z neler yumurtluyor:  <\/p>\n<p> &quot;Saddam rejimi sonras\u0131nda g\u00fc\u00e7l\u00fc bir siyasal \u00f6rg\u00fctl\u00fcl\u00fckten mahrum kalan ve siyasal temsil a\u00e7\u0131s\u0131ndan tam bir kaos hali ya\u015fayan S\u00fcnn\u00ee Araplar, yeni s\u00fcrece de bir \u00f6nceki d\u00f6nemin stratejisiyle girdiler. Elbette s\u00fcrecin yenili\u011fine ra\u011fmen eski stratejide \u0131srar etme durumu, hesaplanm\u0131\u015f bir politikan\u0131n de\u011fil, S\u00fcnn\u00ee temsildeki kaosun ve \u00e7ok ba\u015fl\u0131l\u0131\u011f\u0131n do\u011furdu\u011fu bir politikas\u0131zl\u0131\u011f\u0131n \u00fcr\u00fcn\u00fcyd\u00fc.  <\/p>\n<p> S\u00fcnni Araplar\u0131n se\u00e7imi boykot etmesi, kendilerinin n\u00fcfuslar\u0131na nispetle meclisteki temsilini d\u00fc\u015f\u00fcr\u00fcrken, K\u00fcrt gruplar\u0131n mecliste n\u00fcfuslar\u0131na nispetle \u00e7ok daha fazla sandalye kazanmas\u0131na sebep oldu. Se\u00e7imi boykot etmelerine ra\u011fmen anayasan\u0131n haz\u0131rlanmas\u0131 s\u0131ras\u0131nda S\u00fcnn\u00ee Araplara ulusal uzla\u015fma ad\u0131na 17 temsilci kontenjan\u0131 verildiyse de, S\u00fcnn\u00ee Araplar, bu s\u00fcre\u00e7 i\u00e7erisinde se\u00e7im boykotu politikas\u0131n\u0131n bir hata oldu\u011fu de\u011ferlendirmesini yapt\u0131lar.  <\/p>\n<p> Aralar\u0131nda Savunma Bakanl\u0131\u011f\u0131 gibi kilit bir bakanl\u0131\u011f\u0131n da yer ald\u0131\u011f\u0131 iki bakanl\u0131\u011fa sahip olan S\u00fcnn\u00ee Araplar, boykot tavr\u0131n\u0131n hem mecliste ve anayasa haz\u0131rl\u0131k s\u00fcrecinde hem de y\u00fcr\u00fctmede kendilerini zay\u0131f b\u0131rakt\u0131\u011f\u0131n\u0131n fark\u0131na ge\u00e7 vard\u0131lar. Anayasa referandumunda boykot yanl\u0131\u015f\u0131n\u0131 tekrarlamamak ve referanduma kat\u0131larak ret oyu vermek \u015feklinde bir politika s\u00f6z konusu ise de S\u00fcnn\u00ee Araplar\u0131n maalesef h\u00e2l\u00e2 yeni s\u00fcrece ili\u015fkin yeni bir strateji geli\u015ftiremedi\u011fi s\u00f6ylenebilir.  <\/p>\n<p> Kom\u015fu Arap rejimlerinin istihbarat servislerinin ve ter\u00f6r gruplar\u0131n\u0131n sava\u015f d\u00f6nemi i\u00e7in ge\u00e7erli olabilecek &quot;direni\u015f&quot; ad\u0131 verilen stratejiyi fiili bir durum olarak dayatmalar\u0131 ve S\u00fcnn\u00ee Araplar\u0131n etkin ve kapsay\u0131c\u0131 bir siyasal liderli\u011fe sahip olamamas\u0131, bu kesimin yeni s\u00fcrece ili\u015fkin yeni bir strateji geli\u015ftirmesinin ve insiyatif alamamas\u0131n\u0131n en temel sebebi Ter\u00f6re dayal\u0131 &quot;direni\u015f&quot; stratejisi, bug\u00fcn \u015ei\u00eeleri hedef alan bir g\u00fcvenlik sorunu yarat\u0131yor olsa da asl\u0131nda S\u00fcnn\u00ee Araplar\u0131n Irak i\u00e7indeki toplumsal gelece\u011fini karartan ve onlar\u0131n siyasal alan\u0131n\u0131 gittik\u00e7e daraltan bir s\u00fcrece teslim olmas\u0131na sebep oluyor.  <\/p>\n<p> \u0130\u015fgalcilere kar\u015f\u0131 &quot;direni\u015f&quot; ad\u0131na s\u00fcrd\u00fcr\u00fclen ve <strong>S\u00fcnn\u00ee Araplar\u0131 da teslim alm\u0131\u015f g\u00f6z\u00fcken bu ter\u00f6r ve i\u00e7 sava\u015f stratejisi, asl\u0131nda i\u015fgalcilerin varl\u0131k gerek\u00e7esini me\u015frula\u015ft\u0131r\u0131yor. S\u00fcnn\u00ee Araplar\u0131n yeni s\u00fcre\u00e7te Irak&#39;\u0131n gelece\u011finde rol almaya d\u00f6n\u00fck makul ve ger\u00e7ek\u00e7i bir strateji \u00fcretememeleri ve hi\u00e7bir ak\u0131l ve vicdan sahibini kand\u0131ramayan &quot;direni\u015f masal\u0131&quot; \u00fczerine gelecek d\u00fc\u015flemeleri maalesef bu kesimi felakete s\u00fcr\u00fckl\u00fcyor.&quot;<\/strong>  <\/p>\n<p> \u0130\u015fte bu sat\u0131rlarda; \u015fevketli \u015feflerin g\u00fcd\u00fcm\u00fcnde g\u00fcd\u00fckle\u015ftirilen; ve Iraktaki Milli direni\u015f hareketini ter\u00f6rist g\u00f6sterecek kadar Milli G\u00f6r\u00fc\u015f d\u00fc\u015f\u00fcncesi dejenere edilen bir kesimin, fikri \u00e7eli\u015fki ve garipli\u011fi ve ruhi muzdaripli\u011fi s\u0131r\u0131t\u0131yor!..  <\/p>\n<p> MGV&#39;nin ve Anadolu Gen\u00e7li\u011fin, \u00e7ok \u015ferefli, ama \u00e7etrefilli m\u00fccadele s\u00fcrecinde, hangi hain eller ve bendeleri taraf\u0131ndan, nas\u0131l yozla\u015ft\u0131r\u0131lmak istendi\u011finin foto\u011fraf\u0131 sergileniyor!..  <\/p>\n<p> Ve b\u00f6ylece a\u015fa\u011f\u0131daki sorunun cevab\u0131 da kendili\u011finden ortaya \u00e7\u0131k\u0131yor.  <\/p>\n<p> &quot;Bu bildik beyler ve bendeleri, niye milli \u00e7\u00f6z\u00fcmden korkuyor ve yasakl\u0131yor?&quot;  <\/p>\n<p> <strong>&quot;A\u0130HM karar\u0131 kar\u015f\u0131s\u0131na tepkisiz toplum&quot;mu\u015fuz!.?<\/strong>  <\/p>\n<p> Bayramla\u015fma m\u00fcnasebetiyle kar\u015f\u0131la\u015ft\u0131\u011f\u0131m\u0131z, MTTB&#39;den tan\u0131d\u0131\u011f\u0131m kadim dostlardan biri ile hasret giderirken elbette 40 y\u0131l \u00f6nce yap\u0131lanlar\u0131 da konu\u015ftuk ve dostum \u015funlar\u0131 s\u00f6yledi: &quot;\u00d6nceki y\u0131llarda biz meselemizi Ankara&#39;da takip edecek insanlarla g\u00f6r\u00fc\u015fmek i\u00e7in otob\u00fcs tutar, milletvekillerini zorlard\u0131k. Bu te\u015febb\u00fcsten sonu\u00e7 almak i\u00e7in de daha sonra b\u00fcy\u00fck bir gayret sarfederdik. G\u00f6n\u00fcll\u00fc toplum kurulu\u015flar\u0131, sivil toplum \u00f6rg\u00fctleri ger\u00e7ekten \u00e7al\u0131\u015f\u0131rlard\u0131. \u015eimdi arkada\u015flar\u0131m\u0131z Ankara&#39;da, onlar meselelerimizi takip etsin, diye d\u00fc\u015f\u00fcn\u00fcl\u00fcyor sanki&#8230;&quot;  <\/p>\n<p> Tepkisiz toplumun h\u00fck\u00fcmeti de zor durumda b\u0131rakaca\u011f\u0131n\u0131 s\u00f6yledi\u011fimde, dostum &quot;Yaz bunlar\u0131!&quot; dedi, bir\u00e7ok eski arkada\u015f\u0131m\u0131n s\u00f6ylediklerini ifade etti: &quot;Sen bizim yazar\u0131m\u0131zs\u0131n!&quot;  <\/p>\n<p> Daha sonra dostum, &quot;Tepkisiz toplum olursak, her \u015feye m\u00fcstahak oluruz!&quot; dedi&#8230; Ben de ayn\u0131 kanaatteyim, buna bir \u00f6rnek olarak son olaylar \u00fczerinde k\u0131saca dural\u0131m.  <\/p>\n<p> <strong>D\u0131\u015far\u0131dan bak\u0131\u015fla Ankara <\/strong> <\/p>\n<p> Do\u011frusu, birilerinin s\u00f6zc\u00fcs\u00fc olarak konu\u015fmaya al\u0131\u015fk\u0131n bir politika yazar\u0131 de\u011filim,ama genel bir de\u011ferlendirme yapmak gerekirse, Ankara&#39;ya d\u0131\u015fardan bak\u0131\u015fla \u015funlar s\u00f6ylenebilir:  <\/p>\n<p> Pek \u00e7ok yanl\u0131\u015fl\u0131k yan\u0131nda, ba\u015f\u00f6rt\u00fcs\u00fc yasa\u011f\u0131 konusunda da AH\u0130M karar\u0131 kar\u015f\u0131s\u0131nda toplum ad\u0131na h\u00fck\u00fcmet tepki koymu\u015f, en sert ele\u015ftiri ve \u015fik\u00e2yet onlardan geliyor. Sanki toplum tepki g\u00f6stermesin ve bizden yapamayaca\u011f\u0131m\u0131z \u015feyler talep etmesin diye h\u00fck\u00fcmet ve AKP yetkilileri konu\u015fuyor; T\u00fcrk mahkemelerinin dikkate almad\u0131\u011f\u0131 Diyanet&#39;in fetvalar\u0131n\u0131 A\u0130HM&#39;nin dikkate almas\u0131n\u0131 istiyorlar. A\u0130HM&#39;nin ald\u0131\u011f\u0131 kararda h\u00fck\u00fcmet ad\u0131na yap\u0131lan savunman\u0131n etkisi olmad\u0131\u011f\u0131 hissi veriliyor. B\u00f6ylece tepkisiz toplum imaj\u0131 ortadan silinmeye \u00e7al\u0131\u015f\u0131l\u0131yor sanki. Bu ortamda, sosyal mutabakat\u0131n oldu\u011fu yerde &quot;kurumsal mutabakat&quot;\u0131n olu\u015fmas\u0131n\u0131 bekleyen, ba\u015fkalar\u0131n\u0131n a\u011fz\u0131na bakan h\u00fck\u00fcmete k\u0131zam\u0131yoruz. \u00c7\u00fcnk\u00fc hedefe muhalefet, CHP ve laik\u00e7iler oturuyor&#8230; Burada bir tuhafl\u0131k var ve biz sanki basireti ba\u011flanm\u0131\u015f insan toplulu\u011fu olarak tepkisizli\u011fe mahk\u00fbm ediliyoruz. Ke\u015fke Ba\u015fbakan&#39;la yard\u0131mc\u0131s\u0131ndan \u00f6nce biz konu\u015fsak ve bu mahkeme karar\u0131n\u0131 \u00f6ng\u00f6rebilen g\u00f6n\u00fcll\u00fc toplum kurulu\u015flar\u0131 her iki taraf\u0131n savunmas\u0131n\u0131 bilerek tepki koysa&#8230; O zaman AH\u0130M kararlar\u0131 \u00fclkede krize yol a\u00e7acak gerginlikler do\u011furmazd\u0131. Bir kamuoyu haz\u0131rlansayd\u0131 insan haklar\u0131 ihlali Avrupa&#39;da daha kolay g\u00f6r\u00fcl\u00fcrd\u00fc. Herkes biliyor ki, AH\u0130M T\u00fcrkiye&#39;nin lehine hi\u00e7bir zaman karar vermedi. \u00c7o\u011fu zaman devlet su\u00e7lu g\u00f6r\u00fcld\u00fc, tazminata mahk\u00fbm edildi. Son \u00e7arp\u0131c\u0131 \u00f6rneklerden biri, Aczimendi lideri oldu\u011fu iddia edilen M\u00fcslim G\u00fcnd\u00fcz&#39;\u00fc a\u00e7t\u0131\u011f\u0131 davada hakl\u0131 g\u00f6rerek, onu bile fikir su\u00e7lusu kabul etti de ba\u015f\u00f6rt\u00fcs\u00fcn\u00fcn inan\u00e7 gere\u011fi kullan\u0131ld\u0131\u011f\u0131n\u0131 kabul etmeyerek Y\u00d6K ile T\u00fcrk mahkemelerinin yasaklar\u0131n\u0131 onaylayarak karara ba\u011flad\u0131. Bunlar \u00f6nceden g\u00f6r\u00fclmeliydi.  <\/p>\n<p> Toplum tepkisi b\u00f6yle bir iktidara daha \u00e7ok ra\u011fbet ederek de\u011fil, ele\u015ftirerek ortaya \u00e7\u0131k\u0131nca anlaml\u0131 olur. Yoksa iktidar olmak halk\u0131 oyalamaktan \u00f6teye gidemez.&quot;<a name=\"_ftnref8\" href=\"#_ftn8\" title=\"_ftnref8\">[8]<\/a>  <\/p>\n<p> Sn. Mustafa Miyaso\u011flu, istese anayasay\u0131 bile de\u011fi\u015ftirecek bir \u00e7o\u011funlukla iktidara getirildi\u011fi halde korkusundan ve diyet borcundan dolay\u0131 ba\u015f\u00f6rt\u00fcs\u00fc sorununu \u00e7\u00f6zmedi\u011fi gibi, A\u0130HM&#39;deki savunmas\u0131nda bu olumsuz karar\u0131n \u00e7\u0131kmas\u0131na destek veren AKP&#39;yi mazur ve masum g\u00f6stermek i\u00e7in b\u00fct\u00fcn su\u00e7u ve sorumlulu\u011fu hala halk\u0131m\u0131z\u0131n \u00fcst\u00fcne y\u00fckleme y\u00fcreklili\u011fi g\u00f6stermektedir!.  <\/p>\n<p> Ne yani, toplum ba\u015f\u00f6rt\u00fcs\u00fc kar\u015f\u0131tlar\u0131na ve MHP gibi iktidara gelince \u00e7\u00f6zmekten ka\u00e7\u0131nanlara tepkisini sand\u0131kta ortaya koyup AKP&#39;yi iktidara getirdi\u011fi yetmiyormu\u015f gibi, \u015fimdide k\u0131l\u0131\u00e7lar\u0131n\u0131 \u00e7ekip Avrupa&#39;ya h\u00fccuma m\u0131 ge\u00e7melidir?!..  <\/p>\n<p> Maalesef Milli Gazete yazar\u0131 Mustafa Miyaso\u011flu:  <\/p>\n<p> &quot;Ey toplum, sizin ger\u00e7ek temsilciniz ve dertliniz olan Milli G\u00f6r\u00fc\u015f&#39;e tek ba\u015f\u0131na iktidar imk\u00e2n\u0131 vermedi\u011finiz ve Refah-Yol&#39;un bile k\u0131ymetini bilmedi\u011finiz i\u00e7in ba\u015f\u0131n\u0131za gelen bu mahcubiyet ve mahrumiyetlerden ders al\u0131p, \u00f6n\u00fcm\u00fczdeki ilk se\u00e7im f\u0131rsat\u0131n\u0131 do\u011fru de\u011ferlendirmek \u00fczere canlan\u0131p harekete ge\u00e7iniz!&quot; diyece\u011fine;  <\/p>\n<p> &quot;AKP&#39;yi aklamak ve arkalamak \u00fczere tepki g\u00f6sterin.. Mitingler tertipletin&quot;.. Anlam\u0131nda, halka Donki\u015fot misali A\u0130HM heykeline kar\u015f\u0131 koymay\u0131 \u00f6nermektedir..  <\/p>\n<p> Acaba bu \u00f6neri, kof ama saf bir tavsiye ve giri\u015fim midir?  <\/p>\n<p> Yoksa, AKP&#39;yi rahatland\u0131rma ve bunun r\u00fc\u015fvet ve rant\u0131n\u0131 toplama gayreti ve uzaktan bir selam g\u00f6nderme niyetimidir? Yeri gelmi\u015fken, Milli G\u00f6r\u00fc\u015fte her t\u00fcrl\u00fc yap\u0131c\u0131 ve yararl\u0131 teklif, tavsiye ve tenkide sayg\u0131 g\u00f6sterildi\u011fi ve de\u011ferlendirildi\u011fi halde, tam tersine ve maalesef seviyesizce bir tav\u0131rla:  <\/p>\n<p> &quot;Lider tabu mudur? Kusurlar\u0131n\u0131 konu\u015fmak su\u00e7 mu dur? Onu ele\u015ftirme hakk\u0131m\u0131z yok mu dur?&quot; sorular\u0131yla ortal\u0131\u011f\u0131 kar\u0131\u015ft\u0131ranlar, Milli \u00c7\u00f6z\u00fcm&#39;\u00fcn baz\u0131 yazar-\u00e7izer tak\u0131m\u0131n\u0131n, \u00e7ok a\u00e7\u0131k yamukluklar\u0131na dikkat! \u00c7ekmesine tahamm\u00fcl edememektedir&#8230;  <\/p>\n<p> <\/p>\n<hr \/>\n<p> <a name=\"_ftn1\" href=\"#_ftnref1\" title=\"_ftn1\">[1]<\/a> 24.11.2005 Nuray Mert Radikal\u00a0 (25.11.05 Milli Gazete)  <\/p>\n<p> <a name=\"_ftn2\" href=\"#_ftnref2\" title=\"_ftn2\">[2]<\/a> 24.11.2005 Bug\u00fcn gazetesi  <\/p>\n<p> <a name=\"_ftn3\" href=\"#_ftnref3\" title=\"_ftn3\">[3]<\/a> 25.11.2005 Milli Gazete  <\/p>\n<p> <a name=\"_ftn4\" href=\"#_ftnref4\" title=\"_ftn4\">[4]<\/a> 14.11.2005 \u0130smail K\u00fc\u00e7\u00fckkaya Ak\u015fam (28.11.2005 Milli Gazete)  <\/p>\n<p> <a name=\"_ftn5\" href=\"#_ftnref5\" title=\"_ftn5\">[5]<\/a> 25.11.2005 \/ Tamer Korkmaz Zaman\u00a0 (26.11.2005 Milli Gazete)  <\/p>\n<p> <a name=\"_ftn6\" href=\"#_ftnref6\" title=\"_ftn6\">[6]<\/a> 25.11.2005 G\u00fcler K\u00f6m\u00fcrc\u00fc Ak\u015fam (26.11.2005 Milli Gazete)  <\/p>\n<p> <a name=\"_ftn7\" href=\"#_ftnref7\" title=\"_ftn7\">[7]<\/a> Bak. Anadolu Gen\u00e7lik Say\u0131 69. SH.49 (Alptekin Dursuno\u011flu- Irak&#39;\u0131 do\u011fru Anlamak)  <\/p>\n<p> <a name=\"_ftn8\" href=\"#_ftnref8\" title=\"_ftn8\">[8]<\/a> 20.11.2005 M. Miyaso\u011flu Milli Gazete  <\/p>\n","protected":false},"excerpt":{"rendered":"<p>\u00a0  <\/p>\n<p> \u00a0&quot;Lafla peynir gemisi y\u00fcr\u00fcmez&quot; denir amma, AKP palavrayla \u00fclkeyi bile y\u00f6netiyor!.. Vatanda\u015f i\u015fsizlik ve fakirlik i\u00e7inde k\u0131vran\u0131rken, esnaf ve at\u00f6lyeler kepenk kapat\u0131rken, rakam cambazl\u0131klar\u0131 ile &quot;ekonomik cennet&quot; g\u00f6steriliyor&#8230;  <\/p>\n<p> D\u0131\u015fi\u015fleri Bakan\u0131 b\u00fct\u00e7e g\u00f6r\u00fc\u015fmelerinde &quot;K\u0131br\u0131s T\u00fcrk halk\u0131n\u0131n \u00e7\u0131karlar\u0131n\u0131 koruyaca\u011f\u0131z&quot; diyerek, resmen K\u0131br\u0131s T\u00fcrk Cumhuriyetinin feda edildi\u011fini ilan ediyor, ama kimse anlamak istemiyor.  <\/p>\n<p> T\u00fcpra\u015f, Erdemir derken Telekom da kelepir fiyat\u0131na yabanc\u0131lara pe\u015fke\u015f \u00e7ekiliyor&#8230;  <\/p>\n<p> T\u00fcrban konusunda tam bir m\u00fcnaf\u0131kl\u0131k sergileniyor ve sadece t\u00fcrbinlere oynan\u0131yor. Ciddi ve cesaretli hi\u00e7bir ad\u0131m at\u0131lm\u0131yor&#8230;  <\/p>\n","protected":false},"author":2,"featured_media":0,"comment_status":"open","ping_status":"closed","sticky":false,"template":"","format":"standard","meta":{"footnotes":""},"categories":[39],"tags":[],"class_list":["post-277","post","type-post","status-publish","format-standard","hentry","category-ocak-2006"],"_links":{"self":[{"href":"https:\/\/www.millicozum.com\/mc\/wp-json\/wp\/v2\/posts\/277","targetHints":{"allow":["GET"]}}],"collection":[{"href":"https:\/\/www.millicozum.com\/mc\/wp-json\/wp\/v2\/posts"}],"about":[{"href":"https:\/\/www.millicozum.com\/mc\/wp-json\/wp\/v2\/types\/post"}],"author":[{"embeddable":true,"href":"https:\/\/www.millicozum.com\/mc\/wp-json\/wp\/v2\/users\/2"}],"replies":[{"embeddable":true,"href":"https:\/\/www.millicozum.com\/mc\/wp-json\/wp\/v2\/comments?post=277"}],"version-history":[{"count":0,"href":"https:\/\/www.millicozum.com\/mc\/wp-json\/wp\/v2\/posts\/277\/revisions"}],"wp:attachment":[{"href":"https:\/\/www.millicozum.com\/mc\/wp-json\/wp\/v2\/media?parent=277"}],"wp:term":[{"taxonomy":"category","embeddable":true,"href":"https:\/\/www.millicozum.com\/mc\/wp-json\/wp\/v2\/categories?post=277"},{"taxonomy":"post_tag","embeddable":true,"href":"https:\/\/www.millicozum.com\/mc\/wp-json\/wp\/v2\/tags?post=277"}],"curies":[{"name":"wp","href":"https:\/\/api.w.org\/{rel}","templated":true}]}}