{"id":280,"date":"2006-11-25T02:51:21","date_gmt":"2006-11-25T02:51:21","guid":{"rendered":"https:\/\/www.millicozum.com\/mc\/2006\/11\/25\/sont-se-qyel-sermayeq-kilifi\/"},"modified":"2006-11-25T02:51:21","modified_gmt":"2006-11-25T02:51:21","slug":"siyonist-somuruye-yesil-sermaye-kilifi","status":"publish","type":"post","link":"https:\/\/www.millicozum.com\/mc\/2006\/ocak-2006\/siyonist-somuruye-yesil-sermaye-kilifi\/","title":{"rendered":"S\u0130YON\u0130ST S\u00d6M\u00dcR\u00dcYE &#8220;YE\u015e\u0130L SERMAYE&#8221; KILIFI"},"content":{"rendered":"<p>\u00a0  <\/p>\n<p> 11 Eyl\u00fcl sonras\u0131 M\u00fcsl\u00fcmanlara ve \u00f6zellikle Araplara kar\u015f\u0131 kopar\u0131lan yaygaralar ve \u00f6nyarg\u0131lar y\u00fcz\u00fcnden, Amerika ve Avrupa piyasas\u0131ndan \u00e7ekilen 1 Trilyon dolara yak\u0131n k\u00f6rfez paras\u0131, \u015fimdi &quot;Ye\u015fil sermaye&quot; diye \u0130slam \u00fclkelerine akacakm\u0131\u015f&#8230; Bunun i\u00e7in Dubai&#39;de DIFX ad\u0131nda yeni bir borsa yap\u0131lanm\u0131\u015f&#8230; Ama \u015fu garipli\u011fe bak\u0131n ki, bu ye\u015fil sermayeli borsan\u0131n ba\u015f\u0131na Nasdag Borsas\u0131n\u0131n eski patronu Yahudi as\u0131ll\u0131 Lynton Jones atanm\u0131\u015f&#8230;  <\/p>\n<p> Bu yeni K\u00f6rfez Borsas\u0131n\u0131n CEO&#39;su ise eski Br\u00fcksel Borsas\u0131n\u0131n eski ceo&#39;su yani Yahudi as\u0131ll\u0131 Steffen Schubert olacakm\u0131\u015f&#8230; \u0130\u015fte referans gazetesinin haberi:  <\/p>\n<p>  \u00a0  <\/p>\n<p> <strong>Arap d\u00fcnyas\u0131n\u0131n Hong Kong&#39;u ve Londra&#39;s\u0131 olma hedefiyle yola \u00e7\u0131kan Uluslararas\u0131 Dubai Borsas\u0131 26 Eyl\u00fcl&#39;de iki <\/strong><strong>y\u0131ld\u0131r <\/strong><strong>bu proje \u00fczerinde \u00e7al\u0131\u015fmalar y\u00fcr\u00fcten CEO Steffen Shubert (solda). \u0130dari Direkt\u00f6r \u00d6mer <\/strong><strong>Bin <\/strong><strong>S\u00fcleyman ve Borsa Ba\u015fkan\u0131 Lyton Jones taraf\u0131ndan a\u00e7\u0131ld\u0131.<\/strong>  <\/p>\n<p> <strong>Dubai Borsas\u0131n\u0131n kozu\u00a0 ( Yahudi As\u0131ll\u0131 )Avrupal\u0131 y\u00f6neticileri!<\/strong>  <\/p>\n<p> &quot;Yabanc\u0131 yat\u0131r\u0131mc\u0131lara k\u0131s\u0131tlamalar\u0131n tamamen kald\u0131r\u0131ld\u0131\u011f\u0131 yeni Uluslararas\u0131 Dubai Borsas\u0131, Nasdaq gibi borsalardan kadrosuna katt\u0131\u011f\u0131 y\u00f6neticilerle dev f\u00eenansal merkezlere meydan okuyacakm\u0131\u015f.  <\/p>\n<p> K\u00f6rfez b\u00f6lgesi\u00adnin finans merkezi olarak bilinen Du\u00adbai&#39;de, yabanc\u0131 yat\u0131\u00adr\u0131mc\u0131lar\u0131n i\u015ftah\u0131n\u0131 kabartan ye\u015fil sermayenin sahip oldu\u011fu petrodolarlara daha kolay ula\u015f\u0131labilmesi\u00adni sa\u011flayacak yeni bir borsa fa\u00adaliyete ge\u00e7ti. \u015eimdi K\u00f6rfez, DIEK ile ikinci bir &quot;Londra Borsas\u0131&quot;n\u0131 topraklar\u0131nda b\u00fcy\u00fctmeye haz\u0131r\u00adlan\u0131yor. B\u00fcnyesinde i\u015flem g\u00f6re\u00adcek olan \u015firketlere uluslararas\u0131 bir oyuncu olma f\u0131rsat\u0131 verecek olan DIFX, kote olacak \u015firket\u00adlerden yerel borsalarla kar\u015f\u0131la\u015f\u00adt\u0131r\u0131ld\u0131\u011f\u0131nda hisselerinin \u00e7ok da\u00adha az bir b\u00f6l\u00fcm\u00fcn\u00fc halka a\u00e7\u00admas\u0131n\u0131 talep ediyor.  <\/p>\n<p> Yerel borsalarda yabanc\u0131 yat\u0131\u00adr\u0131mc\u0131lara getirilen k\u0131s\u0131tlamalar\u0131 ise tamamen kald\u0131r\u0131yor. T\u00fcrki\u00adye&#39;deki \u015firketler ise DIFX&#39;in Or\u00adtado\u011fu b\u00f6lgesinin finansal mer\u00adkezi olma yolundaki en b\u00fcy\u00fck taliplerinden biri olarak g\u00f6sterili\u00adyor. DIFX borsas\u0131na a\u00e7\u0131lmak i\u00e7in en fazla ba\u015fvurunun ise \u00dcrd\u00fcn\u00adl\u00fc, Hindistanl\u0131 ve G\u00fcney Afrikal\u0131 \u015firketlerden gelmesi bekleniyor. DIFX&#39;in \u00f6nemli bir \u00f6zelli\u011fi ise y\u00f6netici kurulunda &quot;Bat\u0131&quot; tec\u00adr\u00fcbesinin konu\u015fturulacak ol\u00admas\u0131. D\u00fcnyan\u0131n en b\u00fcy\u00fck borsalar\u0131ndan esinlenerek QIFX&#39;i olu\u015fturan tak\u0131m\u0131n ba\u015f\u0131nda d\u00fcn\u00adyan\u0131n en b\u00fcy\u00fck teknoloji \u015firketlein izlendi\u011fi Nasdaq Borsas\u0131&#39;n\u0131n eski y\u00f6neticisi Lynton Jones geliyor.  <\/p>\n<p> <strong>1 trilyon dolar\u0131 a\u015fan varl\u0131k<\/strong>  <\/p>\n<p> Jones&#39;un borsa ba\u015fkan\u0131 olarak g\u00f6rev yapaca\u011f\u0131 DIFX&#39;in CEO&#39;su olarak ise Br\u00fcksel borsas\u0131n\u0131n eski CEO&#39;su Steffen Schubert yer al\u0131yor. DIFX&#39;de i\u015flem g\u00f6rmek iste\u00adyen \u015firketler toplam sermayeleri\u00adnin en az y\u00fczde 25&#39;ini borsaya a\u00e7mak suretiyle d\u00fcnya \u00e7ap\u0131ndaki yat\u0131r\u0131mc\u0131lar\u0131 kucaklama f\u0131rsat\u0131 ya\u00adkalayacak. DIFX b\u00f6ylece, yaban\u00adc\u0131 yat\u0131r\u0131mc\u0131lara getirdi\u011fi k\u0131s\u0131tlama\u00adlar ve y\u00fczde 50&#39;lik kat\u0131l\u0131m zorun\u00adlulu\u011fu nedeniyle tam anlam\u0131yla uluslararas\u0131 \u00e7apta bir finans plat\u00adformuna d\u00f6n\u00fc\u015femeyen Dubai Fi-nan Merkezi (DFM)&#39;ne alternatif olacak. Uzmanlar, DIFX&#39;in b\u00f6lge \u00fclkelerdeki borsalara bir rakip ol\u00admaktan ziyade daha \u00e7ok onlar\u0131 tamamlayan bir unsur i\u015flevi g\u00f6\u00adrece\u011fini savunuyor. Uluslarars\u0131 ticaretin \u00f6nemli merkezlerinden biri olup Hong Kong ve Singa\u00adpur&#39;dan sonraki en b\u00fcy\u00fck ihra\u00adcat merkezi konumunda bulu\u00adnan Dubai&#39;de i\u015fleme ba\u015flayan DIFX, bulundu\u011fu konum saye\u00adsinde serbest ticaret b\u00f6lgelerinde faaliyet g\u00f6steren 3 bin \u00e7ok uluslu ve b\u00f6lgesel \u015firketin de ilgisini \u00e7ekiyor.<a name=\"_ftnref1\" href=\"#_ftn1\" title=\"_ftnref1\">[1]<\/a>  <\/p>\n<p> <strong>Hurmal\u0131 \u0130ftar Pe\u015fke\u015fi<\/strong>  <\/p>\n<p> <strong>\u015eeyh <\/strong>Hazretleri, \u0130stanbul&#39;a <strong>5 milyar dolar <\/strong>tutar\u0131nda yat\u0131r\u0131m yapacakm\u0131\u015f! Peki nas\u0131l yapacak?  <\/p>\n<p> <strong>Kentin g\u00f6be\u011finde, en de\u011ferli yerlerdeki kamu arazileri kendisine verilecekmi\u015f. \u015eeyh buraya g\u00f6kdelenler dikecekmi\u015f!<\/strong>  <\/p>\n<p> Arazileri kim verecek? \u0130stanbul&#39;un <strong>AKP<\/strong>&#39;li B\u00fcy\u00fck\u015fehir Belediyesi, Karayollar\u0131, Devlet Demiryollar\u0131 Genel M\u00fcd\u00fcrl\u00fc\u011f\u00fc ve \u00f6teki <strong>kamu <\/strong>kurulu\u015flar\u0131.  <\/p>\n<p> <strong>Peki bu i\u015f i\u00e7in ba\u015fka yerlerden teklif al\u0131nd\u0131 m\u0131? \u0130hale a\u00e7\u0131ld\u0131 m\u0131? Pe\u015fke\u015f \u00f6teki taliplere duyuruldu mu? Ba\u015fkalar\u0131n\u0131n da bu i\u015fe girip fiyat vermesinin yolu a\u00e7\u0131ld\u0131 m\u0131? <\/strong> <\/p>\n<p> <strong>Hay\u0131r!<\/strong>  <\/p>\n<p> <strong>Her \u015fey gizlice ve el alt\u0131ndan, Dubaili i\u00e7in haz\u0131rland\u0131. <\/strong> <\/p>\n<p> Vallahi T\u00fcrkiye&#39;de \u00e7ok \u015feyler g\u00f6rd\u00fck, \u00e7ok \u015feyler ya\u015fad\u0131k da, Dubai \u015feyhine sa\u011flanan \u015fu son pe\u015fke\u015f gibisini do\u011frusu az g\u00f6rd\u00fck.  <\/p>\n<p> <strong>Bunlar\u0131n hesab\u0131 \u00e7ok yak\u0131n bir gelecekte Y\u00fcce Divan \u00f6n\u00fcnde g\u00f6r\u00fclecek. <\/strong> <\/p>\n<p> \u0130stanbul&#39;un g\u00f6be\u011fi, en de\u011ferli yerleri hi\u00e7 \u00e7akt\u0131rmadan, kimseye haber vermeden, ihale a\u00e7\u0131lmadan, hurmal\u0131 iftar sofras\u0131nda birdenbire ve gizlice Dubai \u015feyhine arma\u011fan ediliyor.  <\/p>\n<p> \u015eeyh <strong>El Maktum Hazretleri <\/strong>at yar\u0131\u015f\u0131 merakl\u0131s\u0131 imi\u015f. \u0130ngiltere&#39;de at yar\u0131\u015flar\u0131na \u00f6yle y\u00fcksek paralar basarm\u0131\u015f ki, ad\u0131na \u00f6zel tahtalar a\u00e7\u0131lm\u0131\u015f. \u0130stanbul&#39;a dikece\u011fi g\u00f6kdelenlerin y\u00fcksekli\u011fi <strong>650 metre<\/strong><strong> <\/strong>olacakm\u0131\u015f. Bu bir d\u00fcnya rekoru imi\u015f.  <\/p>\n<p> H\u00fck\u00fcmete \u00f6vg\u00fcler d\u00fczmekle \u00fcnl\u00fc <strong>Sabah <\/strong>Gazetesi d\u00fcn ba\u015fl\u0131klar atm\u0131\u015f: <strong>&#8216;\u0130stanbul sekizinci tepeye kavu\u015fuyor&#8230; Ke\u015fke 4 \u015feyh gelse, cari a\u00e7\u0131k kapan\u0131r&#8230;&#39; <\/strong> <\/p>\n<p> Vallahi helal olsun, <strong>ya\u011fc\u0131l\u0131\u011f\u0131n <\/strong>b\u00f6ylesi az g\u00f6r\u00fcl\u00fcr.  <\/p>\n<p> D\u00fcnk\u00fc <strong>Terc\u00fcman <\/strong>Gazetesi&#39;nin man\u015feti ise <strong>&#8216;El Maktum piyangosu&#39;. <\/strong> <\/p>\n<p> T\u00fcrkiye&#39;ye piyangonun b\u00fcy\u00fck ikramiyesi isabet etmi\u015f!  <\/p>\n<p> <strong>\u015eimdi s\u0131rada Umman Sultan\u0131, Kuveyt Emiri, Suudi Arabistan Kral\u0131 gibi \u015feyhleri ayarlamak var! Onlarda para, bizde arazi bol.<\/strong> <strong>\u0130halesiz mihalesiz, hi\u00e7 kimseye \u00e7akt\u0131rmadan verirsin en de\u011ferli arazilerini onlara, hurmal\u0131 iftar sofralar\u0131nda i\u015fi ba\u011flars\u0131n, mal\u0131 g\u00f6t\u00fcr\u00fcrler. <\/strong> <\/p>\n<p> Zaten m\u00fcbarek ayda ne olacaksa iftar sofralar\u0131nda olacak. <strong>AB <\/strong>yetkilisi Kayseri&#39;de iftar sofras\u0131na oturtuluyor, adama kola-lokum veriliyor. 12 Ekim g\u00fcn\u00fc Alman Ba\u015fbakan\u0131 gelecekmi\u015f, bizim Ba\u015fbakan onu da <strong>iftar sofras\u0131na <\/strong>oturtacakm\u0131\u015f!  <\/p>\n<p> Ama bu i\u015fler parayla de\u011fil, s\u0131rayla! H\u0131ristiyan kesimler de g\u00fcn\u00fc gelince bizimkileri kiliselerine \u00e7a\u011f\u0131racaklar. Bizim h\u00fck\u00fcmet erk\u00e1n\u0131n\u0131 oralarda <strong>ayinde <\/strong>izlemek \u00e7ok ho\u015f olacak! O zamana kadar <strong>AB&#39;<\/strong>nin bask\u0131s\u0131yla <strong>papaz okulunu <\/strong>da a\u00e7m\u0131\u015f olurlar, hep birlikte mum yak\u0131p dua ederler. <strong>&#8216;Medeniyetler bulu\u015fmas\u0131&#39; <\/strong>b\u00f6yle olur!  <\/p>\n<p> <strong>Dubai \u015eeyhi Hazretleri, <\/strong>\u0130stanbul&#39;a \u00f6zellikle 3 Ekim sonras\u0131nda gelmi\u015f, gizli anla\u015fmay\u0131 <strong>AB <\/strong>nedeniyle imzalam\u0131\u015f.<strong> <\/strong>Zaten bundan sonra Arap sermayesi T\u00fcrkiye&#39;ye akarm\u0131\u015f!.. \u00c7\u00fcnk\u00fc bu \u015feyh tak\u0131m\u0131, <strong>AB<\/strong>&#39;ye \u00e7ok hayranm\u0131\u015f.  <\/p>\n<p> \u0130yi de, bunlar <strong>arazi sotalamak, rant elde etmek <\/strong>i\u00e7in niye \u00f6teki <strong>AB <\/strong>\u00fclkelerine gitmiyorlar?  <\/p>\n<p> Niye masaya oturup \u00f6rne\u011fin <strong>Paris, Roma, Londra, Berlin, Atina<\/strong> gibi <strong>AB <\/strong>\u00fclkelerinin binlerce belediyesiyle anla\u015fmalar imzalam\u0131yorlar? O belediyelerin kafas\u0131 \u00e7al\u0131\u015fm\u0131yor mu? Onlar\u0131n kazanca ihtiyac\u0131 yok mu?  <\/p>\n<p> E\u011fer bu i\u015flerde o \u00fclkenin kazanaca\u011f\u0131 para varsa, o \u00fclkeler, o belediyeler enayi mi?  <\/p>\n<p> \u015eeyh Hazretleri, <strong>&#8216;kendisine bol kazan\u00e7, tek tarafl\u0131 avanta&#39; <\/strong>g\u00f6rmediyse, niye bize geliyor da oralara gitmiyor?.. Gidemez, \u00e7\u00fcnk\u00fc onlardan alaca\u011f\u0131 yan\u0131t\u0131, b\u00f6yle tek tarafl\u0131 <strong>rant\u0131 <\/strong>kimseye yedirmeyeceklerini bilir.  <\/p>\n<p> <strong>S\u00f6m\u00fcrgeler hari\u00e7 hi\u00e7bir \u00fclkenin topraklar\u0131, paha bi\u00e7ilmez kent arazileri, tesisleri, fabrikalar\u0131, limanlar\u0131, birilerine b\u00f6ylesine -bizdeki gibi- pe\u015fke\u015f \u00e7ekilemez. <\/strong> <\/p>\n<p> Hem de gizlice!<strong>.. <\/strong>\u0130halesiz!<strong>.. <\/strong>Kimseye duyurmadan, haber vermeden!<strong>..<\/strong>  <\/p>\n<p> <strong>&#8216;Aktif pazarlama yap\u0131yoruz&#8230; Paray\u0131 veren d\u00fcd\u00fc\u011f\u00fc \u00e7alar&#8230; Para gelsin de nas\u0131l gelirse gelsin, biz g\u00fcn\u00fc kurtaral\u0131m&#8230; Ne bulursak babalar gibi satar\u0131z!..&#39;<\/strong> T\u00fcrkiye bu kafalarla y\u00f6netilemez. B\u00f6yle \u015fey olmaz.  <\/p>\n<p> <strong>E\u011fer olursa, g\u00fcn\u00fcn birinde hesab\u0131 mutlaka sorulur&#8230; Ve sorulacak.<a name=\"_ftnref2\" href=\"#_ftn2\" title=\"_ftnref2\"><strong>[2]<\/strong><\/a><\/strong>  <\/p>\n<p> <strong>Dubai Prensi&#39;yle \u0130mza Galataport&#39;tan beter!<\/strong>  <\/p>\n<p> CHP Trabzon Milletvekili Akif Hamza\u00e7ebi, T\u00fcrkiye Galataport ihalesini tart\u0131\u015f\u0131rken, g\u00fcndeme \u015fimdi bir de Dubai Prensi&#39;yle imzalanan 5 milyar dolarl\u0131k anla\u015fman\u0131n geldi\u011fini belirterek, &#8216;S\u00f6z\u00fc edilen arazilerin \u00e7o\u011fu Hazine&#39;ye ait. Buralar\u0131 ihalesiz belediye bile alamaz. \u0130halesiz almaya kalkarlarsa su\u00e7 i\u015flerler. Bu anla\u015fma Galataport ihalesinden daha \u00f6te bir i\u015f&#39; dedi.  <\/p>\n<p> <strong>CHP<\/strong> Trabzon Milletvekili Mehmet Akif Hamza\u00e7ebi, Defterdarl\u0131k da yapt\u0131\u011f\u0131 \u0130stanbul i\u00e7in Ba\u015fbakan Tayyip Erdo\u011fan&#39;\u0131n da kat\u0131ld\u0131\u011f\u0131 bir t\u00f6renle B\u00fcy\u00fck\u015fehir Belediyesi Ba\u015fkan\u0131 Kadir Topba\u015f&#39;\u0131n Dubai Prensi El Maktum&#39;la imzalad\u0131\u011f\u0131 anla\u015fmada yer ald\u0131\u011f\u0131 belirtilen projelerin, &#8216;tart\u0131\u015fmal\u0131&#39; oldu\u011funu, mevcut \u015fartlarda s\u00f6z\u00fc edilen arsalar \u00fczerine in\u015faat yap\u0131lmas\u0131n\u0131n &#8216;su\u00e7&#39; oldu\u011funu vurgulad\u0131. Hamza\u00e7ebi, &#8216;\u0130stanbul Belediye Ba\u015fkan\u0131 Dubaili bir firma ile anla\u015fma imzal\u0131yor, \u015fu, \u015fu arsalar diye \u00f6rnek veriliyor. Bug\u00fcn Galataport tart\u0131\u015f\u0131l\u0131yor ama sonu\u00e7ta o bir ihaleydi. S\u00f6z edilen bu projeler \u00e7ok daha s\u0131k\u0131nt\u0131l\u0131 bir olay&#39; dedi.  <\/p>\n<p> <strong>Arsalar Hazine&#39;nin:<\/strong>  <\/p>\n<p> Ba\u015fbakan&#39;\u0131n \u00f6rnek olarak g\u00f6sterdi\u011fi projelerden baz\u0131lar\u0131n\u0131n Hazine&#39;ye ait arsalar \u00fczerine d\u00fc\u015f\u00fcn\u00fcld\u00fc\u011f\u00fcne dikkat \u00e7eken Hamza\u00e7ebi, \u015funlar\u0131 s\u00f6yledi: &#8216;Benim bildi\u011fim Kartal \u00c7imento Fabrikas\u0131&#39;n\u0131n arsas\u0131 Hazine&#39;ye ait. Oran\u0131n \u00e7ok b\u00fcy\u00fck bir b\u00f6l\u00fcm\u00fc ye\u015fil alan ve imar plan\u0131 yok. Levent&#39;teki eski \u0130ETT garaj\u0131 arsas\u0131n\u0131n yine bir b\u00f6l\u00fcm\u00fc Hazine&#39;nin. Zincirlikuyu&#39;ndaki Karayollar\u0131 arsas\u0131 da Hazine ile Karayollar\u0131&#39;n\u0131n. Bu arsa yap\u0131lan baz\u0131 d\u00fczenlemelerden dolay\u0131 1 Ocak&#39;tan itibaren t\u00fcm\u00fcyle Hazine&#39;nin olacak. Belediye \u015fimdiden Dubaililerle yapt\u0131\u011f\u0131 anla\u015fmalara bu arazileri koyuyorsa su\u00e7 i\u015fliyor. Kendisinin olmayan araziler \u00fczerinde tasarruf sahibi de olamaz.&#39;  <\/p>\n<p> <strong>\u0130hale Yap\u0131lmal\u0131:<\/strong>  <\/p>\n<p> Yasal olarak Hazine&#39;nin belediyelere do\u011frudan devir yapamayaca\u011f\u0131 gibi do\u011frudan sat\u0131\u015f da yapamayaca\u011f\u0131n\u0131 belirten Hamza\u00e7ebi, bu durumda ihale yap\u0131lmas\u0131 gerekti\u011fini vurgulad\u0131. \u0130mar plan\u0131 olmayan araziler \u00fczerine bu t\u00fcr projeler de geli\u015ftirilemeyece\u011fini ile getiren Hamza\u00e7ebi, \u00f6rnek olarak Kartal&#39;daki araziyi g\u00f6stererek, \u015f\u00f6yle konu\u015ftu: &#8216;Bu arazi ye\u015fil alan olarak g\u00f6r\u00fcn\u00fcyor. 3194 say\u0131l\u0131 \u0130mar Kanunu&#39;na g\u00f6re, imar de\u011fi\u015fikli\u011fi yaplamadan Hazine&#39;nin bu \u015fekliyle ihaleye \u00e7\u0131kmas\u0131 olmaz. \u00d6nce imar plan\u0131n\u0131n \u00e7\u0131kmas\u0131, ard\u0131ndan da ihalenin yap\u0131lmas\u0131 laz\u0131m.&#39;  <\/p>\n<p> <strong>\u00d6zel Kanun mu:<\/strong>  <\/p>\n<p> Bu \u015fartlar alt\u0131nda s\u00f6z\u00fc edilen bu projelerin nas\u0131l ger\u00e7ekle\u015ftirilebilece\u011fi konusunda &#8216;Bu \u015fartlarda tek \u00e7\u00f6z\u00fcm, \u00f6zel kanun \u00e7\u0131kartmalar\u0131&#39; diyen Hamza\u00e7ebi, Dubai Prensi El Maktum&#39;un \u015firketi olan Dubai International Properties (DIP) ile \u0130stanbul B\u00fcy\u00fck\u015fehir Belediyesi aras\u0131nda imzalanan 5 milyar dolarl\u0131k anla\u015fman\u0131n sadece bir &#8216;niyet anla\u015fmas\u0131&#39; olabilece\u011fini kaydetti.  <\/p>\n<p> <strong>Sembol Gereksiz:<\/strong>  <\/p>\n<p> Hamza\u00e7ebi, \u0130stanbul&#39;un yeni sembol aramaya ihtiyac\u0131 olmad\u0131\u011f\u0131n\u0131 belirterek, \u015funlar\u0131 s\u00f6yledi: &#8216;\u0130stanbul B\u00fcy\u00fck\u015fehir Belediye Ba\u015fkan\u0131, \u0130stanbul&#39;a yeni semboller d\u00fc\u015f\u00fcn\u00fcyor. \u00d6nce &#8216;Mevlana heykeli&#39; dedi, sonra Hali\u00e7&#39;e dev bir k\u00f6pr\u00fc yapt\u0131rmaktan s\u00f6z etti. \u015eimdi de kule diyor. \u0130stanbul&#39;un bu t\u00fcr sembollere ihtiyac\u0131 yok ki, \u0130stanbul&#39;un silueti zaten bir sembol.&#39;  <\/p>\n<p> <strong>Sermaye Getiren Adam\u0131n Namaz K\u0131lmas\u0131 Su\u00e7 mu?<\/strong>  <\/p>\n<p> Ba\u015fbakan Tayyip Erdo\u011fan, d\u00fcn Siirt Meydan\u0131&#39;nda halk hitap ederken, Dubai Veliaht Prensi \u015eeyh Muhammed Bin Ra\u015fit El Maktum&#39;un geli\u015fiyle ilgili olarak at\u0131lan &#8216;5 milyar dolarl\u0131k Teravih&#39; ba\u015fl\u0131\u011f\u0131 konusunda serzeni\u015fte bulundu.  <\/p>\n<p> Erdo\u011fan, \u015funlar\u0131 s\u00f6yledi:  <\/p>\n<p> <strong>\u00c7ok \u00c7irkin \u015eeyler Oldu<\/strong>  <\/p>\n<p> M\u00fczakere s\u00fcrecinin arkas\u0131ndan Dubai heyeti geldi. \u00d6nce \u0130stanbul&#39;da olmak \u00fczere bir\u00e7ok yat\u0131r\u0131mlar yapacaklar\u0131n\u0131 dile getirdiler. Fakat, \u00e7ok \u00fcz\u00fcc\u00fc, \u00e7ok \u00e7irkin \u015feyler oldu. Gazeteler, 5 milyar dolarl\u0131k teravih namaz\u0131 diye ba\u015fl\u0131k att\u0131lar. Biz fellik fellik d\u00fcnyay\u0131 dola\u015f\u0131yoruz, yabanc\u0131 sermaye T\u00fcrkiye&#39;ye gelsin diye.  <\/p>\n<p> <strong>Namaz K\u0131l\u0131yorsa Su\u00e7 mu: <\/strong> <\/p>\n<p> Bu sermaye getiren insan, Ba\u015fbakanla namaz k\u0131l\u0131yorsa, teravih k\u0131l\u0131yorsa su\u00e7 mu i\u015fliyor? Bu o insanlara sayg\u0131s\u0131zl\u0131k. Niye gelip 5 milyar dolarl\u0131k yat\u0131r\u0131m i\u00e7in namaz k\u0131ls\u0131n. Bunlar \u015fecaat arzederken sirkatin s\u00f6yler. (Yi\u011fitli\u011finden bahsederken h\u0131rs\u0131zl\u0131\u011f\u0131n\u0131 s\u00f6yler).  <\/p>\n<p> <strong>Hat\u0131rlayamad\u0131m, Sonra S\u00f6yledim:<\/strong>  <\/p>\n<p> Bire on rakam veriyor spek\u00fclasyonlar ba\u015fl\u0131yor. Ba\u015fbakanl\u0131k&#39;ta m\u0131 g\u00f6r\u00fc\u015ft\u00fc, ba\u015fka bir yerde mi g\u00f6r\u00fc\u015ft\u00fc? Ba\u015fbakanl\u0131k&#39;ta g\u00f6r\u00fc\u015fmedim. Hat\u0131rlayamad\u0131\u011f\u0131m noktalar oluyor. Daha sonra bunlar\u0131 a\u00e7\u0131klad\u0131m. Ben herkesle g\u00f6r\u00fc\u015f\u00fcr\u00fcm, kim olursa olsun g\u00f6r\u00fc\u015f\u00fcyorum.  <\/p>\n<p> <strong>Herkese D\u00fc\u015fmans\u0131n: <\/strong> <\/p>\n<p> Yahudi sermayesi gelmiyor, d\u00fc\u015fmans\u0131n, Arap sermayesi geliyor d\u00fc\u015fmans\u0131n, Bat\u0131l\u0131 geliyor ona da d\u00fc\u015fmans\u0131n. Ya Allah a\u015fk\u0131na sen kime dostsun, bunlarla nereye gidersin? \u0130\u015f\u015fisize nas\u0131l i\u015f bulaca\u011f\u0131z, nas\u0131l yat\u0131r\u0131mlar\u0131 art\u0131raca\u011f\u0131z onun derdindeyiz, bunlar onun derdinde. Bunlara sorun hayat\u0131nda bir koyun g\u00fctt\u00fcn m\u00fc? Yok.  <\/p>\n<p> \u015eimdi merak ediyoruz: Siyonist g\u00fcd\u00fcml\u00fc ye\u015fil sermaye ye sahip \u00e7\u0131kanlar acaba ERDEM\u0130R&#39;i alan OYAK&#39; tan niye g\u0131c\u0131k al\u0131yordu?!&#8230;<a name=\"bilge\" title=\"bilge\"><\/a>  <\/p>\n<p> Zaman Gazetesine g\u00f6re:  <\/p>\n<p> <strong>&quot;Yat\u0131r\u0131mc\u0131 &#8216;Oyak&#39;\u0131n tecr\u00fcbesi yok&#39; diye Erdemir&#39;den \u00e7\u0131k\u0131yor&quot;<\/strong>mu\u015f  <\/p>\n<p> Erdemir ihalesinde 2,77 milyar dolarla en y\u00fcksek teklifi Ordu Yard\u0131mla\u015fma Kurumu&#39;nun (Oyak) vermesi, &#8216;sanayinin devi yerlide kald\u0131&#39; \u015feklinde de\u011ferlendirilirken, d\u00fcn Borsa&#39;daki hareketlilik kafa kar\u0131\u015ft\u0131rd\u0131.  <\/p>\n<p> Y\u00fczde 46&#39;s\u0131 i\u00e7in verilen fiyat\u0131n Borsa&#39;daki Erdemir hisselerine tavan yapt\u0131rmas\u0131 bekleniyordu. Ancak Erdemir&#39;de sat\u0131\u015f bask\u0131s\u0131 g\u00fcn boyu s\u00fcrd\u00fc. 9,90&#39;dan g\u00fcne ba\u015flayan hisse y\u00fczde 10,56&#39;ya yak\u0131n de\u011fer kayb\u0131yla 8,05 YTL&#39;den kapand\u0131. Hissedeki d\u00fc\u015f\u00fc\u015f\u00fc &#8216;s\u00fcrpriz de\u011fil&#39; diye yorumlayan Borsa uzmanlar\u0131, Oyak&#39;\u0131n \u00e7elik sekt\u00f6r\u00fc d\u0131\u015f\u0131ndan bir isim olmas\u0131n\u0131n yat\u0131r\u0131mc\u0131y\u0131 endi\u015felendirdi\u011fini kaydetti. Kredi derecelendirme kurulu\u015fu Standard&amp;Poor&#39;s da ihale sonras\u0131nda Erdemir&#39;in &#8216;BB-&#39; olan kurumsal kredi notunu negatif izlemeye ald\u0131.  <\/p>\n<p> \u0130halede elenen d\u00fcnya \u00e7elik devleri Mittal ve Arcelor&#39;un da Erdemir k\u00e2\u011f\u0131tlar\u0131n\u0131 elden \u00e7\u0131kard\u0131klar\u0131 y\u00f6n\u00fcndeki haberler k\u00fc\u00e7\u00fck yat\u0131r\u0131mc\u0131daki pani\u011fi art\u0131rd\u0131. Y\u00fczde 8,61&#39;e kar\u015f\u0131l\u0131k gelen 23 milyon lot Erdemir hissesi tutan Mittal&#39;in bunun yar\u0131ya yak\u0131n\u0131n\u0131 satt\u0131\u011f\u0131 belirtiliyor. \u00d6nceki g\u00fcn ihale nedeniyle i\u015fleme kapal\u0131 kalan Erdemir hisseleri d\u00fcn sabah ilk seans a\u00e7\u0131l\u0131\u015f\u0131nda y\u00fczde 10 primle tavan fiyat olan 9,90 YTL&#39;den a\u00e7\u0131ld\u0131. Ancak bu noktadan gelen yo\u011fun sat\u0131\u015flar hisseyi k\u0131sa s\u00fcrede 8 YTL s\u0131n\u0131r\u0131na kadar \u00e7ekti. \u0130kinci seans i\u00e7inde hisseler taban fiyat\u0131 7,85 YTL&#39;ye dek gerileyerek bu noktadan sonra yatay bir seyir izledi. Ekspres Yat\u0131r\u0131m Ara\u015ft\u0131rma M\u00fcd\u00fcr\u00fc Haldun Alperat, &quot;\u0130haleye giren iki stratejik yat\u0131r\u0131mc\u0131n\u0131n Ere\u011fli&#39;de hissesi vard\u0131. Ya onlar hisselerini sat\u0131yor veya onlar satacak diye di\u011ferleri sat\u0131yor, hisse de bu y\u00fczden d\u00fc\u015f\u00fc\u015fte.&quot; dedi. Raymond James ara\u015ft\u0131rmadan sorumlu Genel M\u00fcd\u00fcr Yard\u0131mc\u0131s\u0131 Ay\u015fe Kan\u0131\u00f6z Moroz da, &quot;Mittal ve Arcelor, \u00f6zelle\u015ftirme ihalesini kazanacaklar\u0131 beklentisiyle bu hisseleri toplam\u0131\u015flard\u0131. Ancak \u015fimdi hisseye en az\u0131ndan y\u00fczde 10&#39;luk bir sat\u0131\u015f gelebilece\u011fi endi\u015feleri var.&quot; diye konu\u015ftu.  <\/p>\n<p> Uzmanlara g\u00f6re yat\u0131r\u0131mc\u0131lar Erdemir&#39;in yerli bir grup yerine d\u00fcnya \u00e7elik piyasas\u0131nda k\u00fcresel bir oyuncu olan bir gruba gitmesini daha \u00e7ok istiyor ve bekliyordu. B\u00f6yle bir dev \u015firketin Erdemir&#39;e daha \u00e7ok katma de\u011fer katabilece\u011fine ve Oyak&#39;\u0131n sekt\u00f6rdeki tecr\u00fcbe ve teknik bilgi birikiminin s\u0131n\u0131rl\u0131 oldu\u011funa i\u015faret eden uzmanlar, ihale bedeli y\u00fcksek olmas\u0131na ra\u011fmen ka\u011f\u0131tlar\u0131n d\u00fc\u015f\u00fck kald\u0131\u011f\u0131n\u0131 s\u00f6yledi. Bir analist, &quot;Oyak&#39;\u0131n Ere\u011fli&#39;ye ne kadar katma de\u011fer sa\u011flayabilece\u011fi konusunda \u015f\u00fcpheler var. Yo\u011fun rekabetin ya\u015fand\u0131\u011f\u0131 k\u00fcresel \u00e7elik sekt\u00f6r\u00fcnde pek tecr\u00fcbesi yok. Otomotiv ba\u011flant\u0131s\u0131 arac\u0131l\u0131\u011f\u0131yla sekt\u00f6rden mal al\u0131yor, ancak Ere\u011fli&#39;ye daha ucuza hammadde sa\u011flayacak bir sinerji \u00fcretebilece\u011fi hakk\u0131nda sorular var. Yabanc\u0131 bir ortak al\u0131rsa o zaman beklentiler de\u011fi\u015febilir.&quot; diye konu\u015ftu. Oyak Genel M\u00fcd\u00fcr\u00fc Co\u015fkun Ulusoy, ihaleden sonra yapt\u0131\u011f\u0131 a\u00e7\u0131klamada, ortakl\u0131\u011fa gidip gitmeyecekleri sorusunu, &quot;Her t\u00fcrl\u00fc konuyu d\u00fc\u015f\u00fcnmek durumunday\u0131z.&quot; diye cevaplayarak kap\u0131y\u0131 a\u00e7\u0131k b\u0131rakt\u0131. \u0130hale sonucu, Rekabet Kurulu g\u00f6r\u00fc\u015f\u00fc al\u0131nd\u0131ktan sonra nihai onay i\u00e7in \u00d6zelle\u015ftirme Y\u00fcksek Kurulu&#39;na g\u00f6nderilecek.  <\/p>\n<p> <strong>Kredi Notu D\u00fc\u015ft\u00fc<\/strong>  <\/p>\n<p> Uluslararas\u0131 derecelendirme kurulu\u015fu Standart &amp; Poor&#39;s, Erdemir&#39;in ihale \u00f6ncesi (BB-) olan uzun vadeli kurumsal kredi notunu negatif izlemeye ald\u0131\u011f\u0131n\u0131 a\u00e7\u0131klad\u0131. S&amp;P analisti Olivier Beroud, &quot;Kredi izleme durumundaki de\u011fi\u015fiklik, Erdemir&#39;in y\u00fczde 49&#39;luk pay\u0131n\u0131n Oyak&#39;a sat\u0131lmas\u0131n\u0131n ard\u0131ndan yap\u0131ld\u0131. Revizyon ayr\u0131ca Erdemirin T\u00fcrk h\u00fck\u00fcmetine ait y\u00fczde 49&#39;luk pay\u0131n\u0131n sat\u0131lmas\u0131n\u0131n ard\u0131ndan ileriki d\u00f6nemlere y\u00f6nelik operasyonel stratejisi ve finansal politikas\u0131na dair belirsizli\u011fi de yans\u0131tmaktad\u0131r.&quot; dedi.  <\/p>\n<p> S&amp;P&#39;ye g\u00f6re, belirli kararlarda \u00d6\u0130B&#39;ye oy hakk\u0131 tan\u0131yan alt\u0131n hisse olu\u015fturulmas\u0131na kar\u015f\u0131 a\u00e7\u0131lan daa, \u015firketle ilgili belirsizlikleri artt\u0131ran \u00f6nemli bir etken oldu. Ayr\u0131ca Erdemir ve Erdemir&#39;in % 91&#39;ne sahip oldu\u011fu i\u015ftirak\u0131 \u0130sdemir Genel M\u00fcd\u00fcrlerinin istifas\u0131 da kredilendirme \u015firketinin karar\u0131nda etkili oldu bu ve ba\u011fl\u0131 etkenlerin Erdemir&#39;in notlar\u0131n\u0131 ne kadar etkileyece\u011fi konusunu ise \u015firketin stratejik \u00f6neminden yeni sahiplerine kadar bir dizi etkene ba\u011fl\u0131 olaca\u011f\u0131na kaydeden S&amp;P, Erdemirin bir T\u00fcrk \u015firket taraf\u0131ndan sat\u0131n al\u0131nmas\u0131n\u0131 kredi notlar\u0131n\u0131 \u00fclke riskleriyle s\u0131n\u0131rlanmas\u0131 nedeniyle lot art\u0131r\u0131m\u0131na neden olmayaca\u011f\u0131na ifade etti.  <\/p>\n<p> Sahiplik yap\u0131s\u0131ndaki bu de\u011fi\u015fikli\u011fin Erdemir&#39;in operasyonel stratejisi ve mali politikalar\u0131 \u00fczerinde olumsuz etki do\u011furabilece\u011fini savunan Beroud, bu sebepten Erdemir&#39;i negatif izlemeye ald\u0131klar\u0131n\u0131 kaydetti. Beroud, &quot;Kredi izlemesi, S&amp;P&#39;nin Erdemir&#39;deki geli\u015fmeleri izlemesi ve Oyak&#39;\u0131n stratejisini anlamas\u0131na ba\u011fl\u0131 olacak.&quot; dedi.  <\/p>\n<p> <strong>\u0130haledeki Teklif Piyasa De\u011ferini Geride B\u0131rakt\u0131<\/strong>  <\/p>\n<p> \u00d6denmi\u015f sermayesi 487,9 milyon YTL olan Erdemir&#39;in toplam piyasa de\u011feri, 3 Ekim&#39;deki kapan\u0131\u015f fiyat\u0131 olan 9,00 YTL baz al\u0131n\u0131rsa 4,39 milyar YTL (yakla\u015f\u0131k 3,2 milyar dolar) seviyesindeydi. Bu da Oyak taraf\u0131ndan al\u0131nan y\u00fczde 46,12&#39;lik k\u0131sm\u0131n 2,03 milyar YTL (yakla\u015f\u0131k 1,5 milyar dolar) piyasa de\u011ferine sahip oldu\u011funu g\u00f6steriyor. Oyak&#39;\u0131n teklifi bu miktar\u0131n yakla\u015f\u0131k y\u00fczde 84 \u00fczerinde bulunuyor. Bu teklife g\u00f6re Erdemir&#39;in toplam de\u011feri de 6 milyar dolara denk geliyor.  <\/p>\n<p> <strong>H\u0131yar Tur\u015fusuymu\u015f \u00c7elik \u00dcreticisi Olmu\u015f&#39;mu\u015f <\/strong> <\/p>\n<p> <strong>Ne Deve Ne Ku\u015f&#39;mu\u015f<\/strong>  <\/p>\n<p> Malar\u0131 paras\u0131 pulu &quot;devlet mal\u0131&quot; say\u0131lan bir holding.. &quot;b\u00fcrokrasi \u015firketi, bir z\u00fcmre \u015firketi&quot;  <\/p>\n<p> Onun i\u00e7in bu \u00f6zelle\u015ftirme de\u011fil z\u00fcmrele\u015ftirme.  <\/p>\n<p> -Devletin (yani kamunun) Erdemirin &quot;\u00f6zelle\u015ftirilmesi&quot;nden OYAK zaferle \u00e7\u0131kt\u0131.  <\/p>\n<p> \u015eimdi; milli, kamu, devlet, \u00f6zel, \u015firket, \u00f6zelle\u015ftirme, devletle\u015ftirme, asker gibi kavramlar\u0131 akl\u0131n\u0131zda tu\u00adtun; tutmay\u0131n, akl\u0131n\u0131zda dola\u015ft\u0131r\u0131n ve \u015fu kanun maddesine bak\u0131n:  <\/p>\n<p> <strong>&quot;Kurumun her \u00e7e\u015fit mallar\u0131 ile gelir ve alacaklar\u0131, devlet malla\u00adr\u0131 hak ve r\u00fc\u00e7hanl\u0131\u011fm\u0131 haizdir. Bunlara kar\u015f\u0131 su\u00e7 i\u015fleyenler, devlet mallar\u0131na su\u00e7 i\u015fleyenler gibi takibata tutulur.&quot;<a name=\"_ftnref3\" href=\"#_ftn3\" title=\"_ftnref3\"><strong>[3]<\/strong><\/a> <\/strong> <\/p>\n<p> Ne anlad\u0131n\u0131z?  <\/p>\n<p> &quot;\u00d6zelle\u015ftirme&quot; ye kat\u0131lan, &quot;\u00f6zel\u00adle\u015ftirilen&quot; kamu \u015firketini alan, la\u00adkin kendisi, <strong>mallar\u0131 paras\u0131 pulu &quot;devlet mal\u0131&quot; say\u0131lan bir holding var.<\/strong>  <\/p>\n<p> Kurulu\u015funda ve ya\u015famas\u0131nda ana kaynak, di\u011fer memurlar gibi &quot;dev\u00adlet memuru&quot; olan subaylar, astsu\u00adbaylar&#8230; bir de Milli Savunma, Jan\u00addarma, OYAK b\u00fcnyesinde \u00e7al\u0131\u015fan\u00adlar.  <\/p>\n<p> Yani, her memur gibi milyonlarca vergi m\u00fckellefinin vergileriyle olu\u00ad\u015fan maa\u015f b\u00fct\u00e7esinden ayl\u0131k al\u0131r\u00adken, bunun y\u00fczde 10&#39;unu kayna\u011f\u0131n\u00adda OYAK&#39;a aktaranlar.  <\/p>\n<p> Ne &quot;kamu \u015firketi&quot;, ne de &quot;\u00f6zel \u015firket&quot;; kar\u015f\u0131m\u0131zdaki &quot;\u00f6zel bir \u015fir\u00adket&quot;!  <\/p>\n<p> <strong>1961&#39;den 2001&#39;e kadar bilan\u00e7o bile a\u00e7\u0131klamayan, 40 y\u0131l sonra &quot;\u015feffafla\u015fma&quot; karar\u0131 alan&#8230;<\/strong>  <\/p>\n<p> <strong>Ba\u015fta kurumlar vergisi, bir\u00e7ok vergiden kendisi ve \u00fcyeleri muaf bir \u015firket.<\/strong>  <\/p>\n<p> &quot;\u00d6zelle\u015ftirmede \u00f6zelle\u015ftirileni \u00f6zelle\u015ftiren&quot; OYAK&#39;\u0131n Genel Kurulu mesela, Milli Savunma Bakan\u0131, Mali\u00adye Bakan\u0131, Genelkurmay Ba\u015fkan\u0131, kuvvet komutanlar\u0131, Jandarma Ge\u00adnel Komutan\u0131 gibi \u00fcyelere&#8230;  <\/p>\n<p> Temsilciler Kurulu, &quot;birlik ve m\u00fc\u00adesseselerdeki komutan ve amirle\u00adrin tespit etti\u011fi, birliklerde vazifeli daimi \u00fcyeler&quot;, yani g\u00f6revdeki su\u00adbay \u00fcyelere sahip.  <\/p>\n<p> Y\u00f6netim kurulunun 7 \u00fcyesinden \u00fc\u00e7\u00fc Silahl\u0131 Kuvvetler&#39;den.  <\/p>\n<p> Holding genel kurulunun ve tem\u00adsilciler kurulunun otomatik ba\u015fka\u00adn\u0131, Milli Savunma Bakan\u0131.  <\/p>\n<p> Garip\u00a0\u00a0 ama ger\u00e7ek: Bat\u0131&#39;da ele\u015fti\u00adrildi\u011fi \u00fczere, Dev\u00adlet protokol\u00fcnde Milli Sa\u00advunma Bakan\u0131&#39;n\u0131n \u00f6n\u00fcnde olan Genelkurmay Ba\u015fkan\u0131, OYAK kurullar\u0131nda ancak bakan\u0131n yoklu\u011funda ba\u015fkan, yani bir ad\u0131m geride. En az\u0131ndan ka\u011f\u0131t \u00fcst\u00fcnde b\u00f6yle.  <\/p>\n<p> Yine de, ister &quot;sivil&quot; \u00f6nde olsun, ister &quot;asker&quot;; OYAK ne bir \u00f6zel \u015fir\u00adket, ne bir kamu \u015firketi.  <\/p>\n<p> O bir &quot;devlet \u015firketi, b\u00fcrokrasi \u015firketi, devletin i\u00e7inde bir birim, bir k\u0131s\u0131m, bir b\u00f6l\u00fcm, bir z\u00fcmre \u015firketi.&quot;  <\/p>\n<p> O y\u00fczden; <strong>OYAK Erdemir&#39;i al\u0131n\u00adca, &quot;\u00f6zelle\u015ftirme&quot; olmuyor.<\/strong>  <\/p>\n<p> Yabanc\u0131lara kapt\u0131r\u0131lmad\u0131\u011f\u0131 i\u00e7in Er-demir, elbette &quot;milli&quot; kal\u0131yor.  <\/p>\n<p> Ama, yanl\u0131\u015f ifadeyle &quot;devlet \u015fir\u00adketi&quot; denen bu kadim varl\u0131klar, as\u00adl\u0131nda &quot;kamu \u015firketi&quot;.  <\/p>\n<p> Yani, b\u00fct\u00fcn halka ait. Herkese ait.  <\/p>\n<p> Bu &quot;kamu&quot; \u015firketini &quot;h\u00fck\u00fcmet&quot; \u00f6zelle\u015ftirerek &quot;devletin bir z\u00fcmre\u00adsi&quot; nin, sosyal g\u00fcvenlik \u015firketi diye kurulan ama &quot;kapitalist bir holding ve fon&quot; olan kurumuna sat\u0131yor.  <\/p>\n<p> Bir ailenin olaca\u011f\u0131na, 223 bin \u00fcyenin olmas\u0131n\u0131, yabanc\u0131lar\u0131n ola\u00adca\u011f\u0131na milli kalmas\u0131n\u0131 benimseyebi\u00adlirsiniz; lakin <strong>&quot;\u00f6zelle\u015ftirme&quot; de\u00ad\u011fil, <\/strong>&quot;kamunun b\u00fct\u00fcn\u00fc&quot; nden kopa\u00adrarak <strong>&quot;z\u00fcmrele\u015ftirme&quot; <\/strong>demelisi\u00adniz.  <\/p>\n<p> &quot;Halka a\u00e7\u0131k olmayan&quot; nice \u00f6zel\u00adle\u015ftirmenin de asl\u0131nda &quot;ki\u015file\u015ftir\u00adme&quot; olmas\u0131 gibi.  <\/p>\n<p> Bu garip durumun hi\u00e7 dert  <\/p>\n<p> edinilmeyen bir yans\u0131mas\u0131 da \u015fu: Mesela 12 Eyl\u00fcl&#39;de bir <strong><u>darbeyle &quot;T\u00fcrkiye&#39;ye el koyanlar&quot;<\/u><\/strong><strong> <\/strong>radikal ve sert bir iktisadi ve anti-sosyal bir sosyal politika da benimsedi.  <\/p>\n<p> Benimserken, <strong>sadece &quot;T\u00fcrk Si\u00ad<u>lahl\u0131 Kuvvetleri komuta kademe\u00adsi&quot; de\u011fil, ayn\u0131 zamanda b\u00fcy\u00fck bir holdingin patronu, y\u00f6neticisi <\/u>ve hissedar\u0131 <\/strong>da olduklar\u0131n\u0131 hi\u00e7 d\u00fc\u00ad\u015f\u00fcnmedik! Bir emeklilik fonunu b\u00fc\u00ady\u00fck holding OYAK yapanlar, ba\u015fka \u00e7al\u0131\u015fanlar\u0131n, ba\u015fka emeklilerin d\u00fczenini oymakta teredd\u00fct etmedi.  <\/p>\n<p> <strong>Tasavvur edin: Patronunuz darbe yap\u0131p devlete el koymu\u015f ve ekonominin, i\u015f hayat\u0131n\u0131n kurallar\u0131n\u0131 belirlemi\u015f. <\/strong>Tasavvur etmeyin; \u00e7\u00fcnk\u00fc biraz \u00f6yle olmu\u015ftu.  <\/p>\n<p> Asl\u0131nda; hi\u00e7bir patron, hi\u00e7bir ik\u00adtisadi z\u00fcmre, misal <strong>kendisi Fran\u00ads\u0131zlarla ortak otomobil \u00fcretip satarken, Almanya&#39;da banka al\u0131p i\u015fletirken, Avrupa mevzuunda hepimizin kaderine de pek kar\u0131\u015f\u00admamal\u0131.<\/strong>  <\/p>\n<p> <strong>Bu da KDV rezaleti hat\u0131rlatmas\u0131<\/strong>  <\/p>\n<p> <strong>Erdemir&#39;de \u00e7al\u0131\u015fan 7 bin 537 i\u015f\u00e7i var. <\/strong>\u0130sdemir, Romanya&#39;daki fabrika ve maden yata\u011f\u0131yla birlikte \u00e7al\u0131\u00ad\u015fan say\u0131s\u0131 14 bin 961 i\u015f\u00e7iye \u00e7\u0131k\u0131yor. (..) Bu kadar i\u015f\u00e7iy\u00adle 3 milyon ton \u00e7elik \u00fcretmeye devam edecek. <strong>\u00c7in&#39;in daha ge\u00e7en y\u0131l kurdu\u011fu yeni \u00e7elik fabrikas\u0131nda sadece 650 i\u015f-<sub>x<\/sub>\u00e7iyle y\u0131lda 6 milyon ton \u00e7elik \u00fcretti\u011fi <\/strong>g\u00f6z \u00f6n\u00fcne al\u0131n\u0131rsa &#8211; OYAK&#39;\u0131n ne m\u00fcthi\u015f bir d\u00fcnya rekabetini g\u00f6\u011f\u00fcsledi\u011fi anla\u015f\u0131l\u0131r. C.) Ayr\u0131ca bir nokta! OYAK&#39;\u0131n &quot;tur\u00ad\u015fucu hale gele\u00adbilmesinin al\u00adt\u0131nda T\u00fcrk halk\u0131n\u0131n deste\u011fi vard\u0131.  <\/p>\n<p> OYAK, \u00f6zel bir kanunla kurulmu\u015ftu, subaylar\u0131n maa\u015f\u0131ndan kesintilerle yapt\u0131\u011f\u0131 ticaretten do\u011fan kazanc\u0131ndan ne gelir vergisi, ne\/kurumlar vergisi, ne de KDV al\u0131n\u0131yordu. Hatta,(..) <u>OYAK pazarlar\u0131nda sat\u0131lan mallardan KDV al\u0131nmad\u0131\u011f\u0131 halde, buradan al\u0131\u015fveri\u015f edenle\u00adrin vergi iadesi ald\u0131klar\u0131 ortaya \u00e7\u0131km\u0131\u015ft\u0131.<\/u> <a name=\"_ftnref4\" href=\"#_ftn4\" title=\"_ftnref4\">[4]<\/a>  <\/p>\n<p> <strong>Yeni\u00e7erilerimizde <\/strong><strong>esnaft\u0131 <\/strong><strong>bir zamanlar<\/strong>  <\/p>\n<p> 2 as\u0131r kadar \u00f6nce&#8230; Tam tam\u0131na da yazabiliriz; mesela 1805&#39;te bu \u00fclke\u00adnin en \u00f6nemli sorunu yeni\u00ad\u00e7eri idi. T\u00e2 1826&#39;ya kadar&#8230; Gayr-\u0131 m\u00fcslimden dev\u015firilen ve bir zamanlar Osman\u00adl\u0131&#39;n\u0131n medar-\u0131 iftihar\u0131 olan yeni\u00e7eri, art\u0131k \u00e7erilikten zi\u00ad<u>yade &quot;ticaret&quot; yapar hale gelmi\u015fti. K\u0131\u015flas\u0131ndan sabah \u00e7\u0131k\u0131yor, \u015fehre iniyor; al\u0131yor-verivor, kepenk a\u00e7\u0131yor, ser-oi kuruyor, sat\u0131yor, say\u0131yor; ve tabii bu arada sivil aha\u00adliye eli silahl\u0131 olman\u0131n \u00fcs\u00adt\u00fcnl\u00fc\u011f\u00fcn\u00fc kullan\u0131yordu. Te-pesi at\u0131nca kazan kald\u0131rma\u00ads\u0131 da eli silahl\u0131 olmas\u0131ndan-d\u0131. Diledi\u011fi vezirin kellesini al\u0131yor; Gene Osman gibi pa\u00addi\u015fahlar\u0131n bile \u00fcm\u00fc\u011f\u00fcne il\u00admik dolay\u0131p \u00f6ld\u00fcrebiliyor.<\/u> Ben, buraya kadar zinhar farkl\u0131 taraflar\u0131 yazma\u00add\u0131m; ayniyle Cumhuriyet devri okul kitaplar\u0131ndan.. Ama \u015fimdi hayal\/kurgu fasl\u0131 bana ait. <strong>Yeni\u00e7eri bu devirde olsayd\u0131 yine d\u00fckkanla, sergiyle, bak\u00adkalla m\u0131 u\u011fra\u015f\u0131rd\u0131? <\/strong>Otu\u00adrup, ya\u011f iskelesinde \u00fc\u00e7-be\u015f teneke peynir sataca\u011f\u0131m diye mi beklerdi? Hi\u00e7 san\u00adm\u0131yorum. \u00c7a\u011f\u0131m\u0131z dev mar\u00adket zincirlerinin \u00e7a\u011f\u0131&#8230; Kesin Migros, Tansa\u015f falan gibi hatta onlardan \u00e7ok daha b\u00fcy\u00fck giri\u015fimlere imza atard\u0131..  <\/p>\n<p> Atamaz m\u0131yd\u0131? Atsa bile zaten, 1826&#39;da oldu\u011fu gibi, bir <strong>&quot;Vak&#39;a-y\u0131 Hayriye&quot; <\/strong>ya\u00adni hay\u0131rl\u0131 hadisenin eli kula\u00ad\u011f\u0131nda m\u0131 olurdu? Bilemiyorum<a name=\"_ftnref5\" href=\"#_ftn5\" title=\"_ftnref5\">[5]<\/a>  <\/p>\n<p> <\/p>\n<hr \/>\n<p> <a name=\"_ftn1\" href=\"#_ftnref1\" title=\"_ftn1\">[1]<\/a> Referans\u00a0 \/ 09 10 2005  <\/p>\n<p> <a name=\"_ftn2\" href=\"#_ftnref2\" title=\"_ftn2\">[2]<\/a> H\u00fcrriyet \/ Emin \u00c7\u00f6la\u015fan  <\/p>\n<p> <a name=\"_ftn3\" href=\"#_ftnref3\" title=\"_ftn3\">[3]<\/a> (OYAK Ka\u00adnunu madde 37)  <\/p>\n<p> <a name=\"_ftn4\" href=\"#_ftnref4\" title=\"_ftn4\">[4]<\/a> Vatan \/ Necati Do\u011fru  <\/p>\n<h1><a name=\"_ftn5\" href=\"#_ftnref5\" title=\"_ftn5\">[5]<\/a> <span style=\"font-size: 8pt\">Abdullah Birisi<\/span> <\/h1>\n","protected":false},"excerpt":{"rendered":"<p>\u00a0  <\/p>\n<p> 11 Eyl\u00fcl sonras\u0131 M\u00fcsl\u00fcmanlara ve \u00f6zellikle Araplara kar\u015f\u0131 kopar\u0131lan yaygaralar ve \u00f6nyarg\u0131lar y\u00fcz\u00fcnden, Amerika ve Avrupa piyasas\u0131ndan \u00e7ekilen 1 Trilyon dolara yak\u0131n k\u00f6rfez paras\u0131, \u015fimdi &quot;Ye\u015fil sermaye&quot; diye \u0130slam \u00fclkelerine akacakm\u0131\u015f&#8230; Bunun i\u00e7in Dubai&#39;de DIFX ad\u0131nda yeni bir borsa yap\u0131lanm\u0131\u015f&#8230; Ama \u015fu garipli\u011fe bak\u0131n ki, bu ye\u015fil sermayeli borsan\u0131n ba\u015f\u0131na Nasdag Borsas\u0131n\u0131n eski patronu Yahudi as\u0131ll\u0131 Lynton Jones atanm\u0131\u015f&#8230;  <\/p>\n<p> Bu yeni K\u00f6rfez Borsas\u0131n\u0131n CEO&#39;su ise eski Br\u00fcksel Borsas\u0131n\u0131n eski ceo&#39;su yani Yahudi as\u0131ll\u0131 Steffen Schubert olacakm\u0131\u015f&#8230; \u0130\u015fte referans gazetesinin haberi:  <\/p>\n","protected":false},"author":6,"featured_media":0,"comment_status":"open","ping_status":"closed","sticky":false,"template":"","format":"standard","meta":{"footnotes":""},"categories":[39],"tags":[],"class_list":["post-280","post","type-post","status-publish","format-standard","hentry","category-ocak-2006"],"_links":{"self":[{"href":"https:\/\/www.millicozum.com\/mc\/wp-json\/wp\/v2\/posts\/280","targetHints":{"allow":["GET"]}}],"collection":[{"href":"https:\/\/www.millicozum.com\/mc\/wp-json\/wp\/v2\/posts"}],"about":[{"href":"https:\/\/www.millicozum.com\/mc\/wp-json\/wp\/v2\/types\/post"}],"author":[{"embeddable":true,"href":"https:\/\/www.millicozum.com\/mc\/wp-json\/wp\/v2\/users\/6"}],"replies":[{"embeddable":true,"href":"https:\/\/www.millicozum.com\/mc\/wp-json\/wp\/v2\/comments?post=280"}],"version-history":[{"count":0,"href":"https:\/\/www.millicozum.com\/mc\/wp-json\/wp\/v2\/posts\/280\/revisions"}],"wp:attachment":[{"href":"https:\/\/www.millicozum.com\/mc\/wp-json\/wp\/v2\/media?parent=280"}],"wp:term":[{"taxonomy":"category","embeddable":true,"href":"https:\/\/www.millicozum.com\/mc\/wp-json\/wp\/v2\/categories?post=280"},{"taxonomy":"post_tag","embeddable":true,"href":"https:\/\/www.millicozum.com\/mc\/wp-json\/wp\/v2\/tags?post=280"}],"curies":[{"name":"wp","href":"https:\/\/api.w.org\/{rel}","templated":true}]}}