{"id":281,"date":"2006-11-25T02:51:58","date_gmt":"2006-11-25T02:51:58","guid":{"rendered":"https:\/\/www.millicozum.com\/mc\/2006\/11\/25\/sele-satiliyor-mu\/"},"modified":"2006-11-25T02:51:58","modified_gmt":"2006-11-25T02:51:58","slug":"selimiye-satiliyor-mu","status":"publish","type":"post","link":"https:\/\/www.millicozum.com\/mc\/2006\/ocak-2006\/selimiye-satiliyor-mu\/","title":{"rendered":"SEL\u0130M\u0130YE SATILIYOR MU?"},"content":{"rendered":"<p>\u00a0  <\/p>\n<p> Genelkurmay Ba\u015fkanl\u0131\u011f\u0131 koltu\u011funda oturan Hilmi Bey; 3 Ekim&#39;de ba\u015flat\u0131lan m\u00fctareke s\u00fcreci ile ilgili sorulara &quot;asker olarak muhatab olmak istemedi\u011finin&quot; alt\u0131n\u0131 \u00e7iziyor.  <\/p>\n<p> Biz bunu; AKP&#39;nin derin raflar\u0131nda durdu\u011funu bildi\u011fimiz, AB ile m\u00fctareke s\u00fcreci \u00e7er\u00e7evesinde; Hilmi \u00d6zk\u00f6k&#39;\u00fc Savunma Bakan\u0131 yap\u0131p, TSK&#39;y\u0131 onun bakanl\u0131\u011f\u0131 s\u0131ras\u0131nda Milli Savunma Bakanl\u0131\u011f\u0131na ba\u011flama projesine ince bir destek olarak okuduk. Neticede Hilmi Bey; sanki AB s\u00fcrecine &quot;asker&quot; olarak de\u011fil, &quot;sivil&quot; olarak muhatab olmak istedi\u011fini ima ediyor.  <\/p>\n<p>  \u00a0  <\/p>\n<p> K\u0131br\u0131s&#39;tan, Adalara; G\u00fcneydo\u011fu&#39;dan, Dicle-F\u0131rat&#39;a kadar T\u00fcrkiye Cumhuriyeti Devleti&#39;nin g\u00fcvenli\u011fi ve bekaas\u0131n\u0131 \u00e7\u00fcr\u00fctmeyi hedefleyen AB projesini: &quot;Atat\u00fcrk&#39;\u00fcn vizyonunun bir A\u015eAMASI&quot; olarak lanse etmeye \u00e7al\u0131\u015fan ve bunu yaparken \u00fczerinde Atat\u00fcrk&#39;\u00fcn \u00fcniformas\u0131n\u0131 ta\u015f\u0131yan bir \u015fahs\u0131n; AB s\u00fcrecine art\u0131k asker olarak m\u00fcdahil olmakta zorland\u0131\u011f\u0131 anla\u015f\u0131l\u0131yor. Ayr\u0131ca kendisi; o &quot;demokrat&quot; ve &quot;entellekt\u00fcel&quot; duru\u015fu ile; TSK&#39;y\u0131 teskin edecek kadar &quot;asker&quot;; AB&#39;yi teskin edecek kadar da &quot;sivil&quot; bir portre sunuyor.  <\/p>\n<p> TSK&#39;y\u0131 Milli Savunma Bakanl\u0131\u011f\u0131&#39;na ba\u011flayarak; T\u00fcrkiye&#39;de her sekt\u00f6rel kurum k\u00fcresel g\u00fc\u00e7ler ad\u0131na \u00f6zerkle\u015ftirilirken; TSK gibi en k\u00f6kl\u00fc \u00f6zerk kurumu yine k\u00fcresel g\u00fc\u00e7ler ad\u0131na siyasalla\u015ft\u0131rma hedefini ger\u00e7ekle\u015ftirmek isteyenler; bu portrenin k\u0131ymetini; Tayyip Bey&#39;in de, AB&#39;nin de bilece\u011fine eminiz. O y\u00fczden kendisinin bu s\u00f6zlerini; ender do\u011fru tespitlerinden biri olarak kayda ge\u00e7iyoruz.  <\/p>\n<p> Tam yeri gelmi\u015fken Hilmi Bey&#39;e asker olarak muhatap olmas\u0131 gereken bir soru soruca\u011f\u0131z&#8230; Ama \u00f6nce sizinle ufak bir hikayeyi payla\u015fmak istiyoruz:  <\/p>\n<p> &#8230;&#8230;&#8230;&#8230;&#8230;&#8230;&#8230;  <\/p>\n<p> 100. Y\u0131la Bayrak \u00c7ekiyoruz projesini Genelkurmay Ba\u015fkanl\u0131\u011f\u0131&#39;ndaki ilgili birimlere sundu\u011fumda 2004&#39;\u00fcn Eyl\u00fcl ay\u0131yd\u0131. 2004&#39;\u00fcn ba\u015flar\u0131nda geli\u015ftirip, taslak \u00e7izimlerine kadar haz\u0131rlad\u0131\u011f\u0131m\u0131z bu projenin amac\u0131; \u0130stanbul&#39;un Bir T\u00fcrk \u015eehri oldu\u011funu herkesin g\u00f6z\u00fcne ve g\u00f6nl\u00fcne kaz\u0131yacak bir an\u0131t projeyi \u0130stanbul&#39;un siluetine dahil etmekti. Proje; i\u00e7inde \u00e7e\u015fitli katlar\u0131n bulundu\u011fu ve \u00e7evresi kamusal alan olarak organize edilerek, toplumun hizmetine sunulacak; Eyfel kulesi benzeri, 100 metrelik dev bir an\u0131t bayrak kulesini \u0130stanbul&#39;un siluetine kazand\u0131rmay\u0131 hedefliyordu.  <\/p>\n<p> Genelkurmay&#39;daki s\u00f6z konusu projeyi sundu\u011fumuz birim bu projeyi \u00e7ok be\u011fendi ve &quot;\u00fcst katlara&quot; arz edilece\u011fi s\u00f6ylendi. Hatta bu projeyi sundu\u011fumuz Pa\u015fa; &quot;Behi\u00e7&#39;cim bu projenin sahibi olarak hakk\u0131n\u0131n yenmesini de istemem&quot; gibi c\u00fcmle sarfedince, &quot;Pa\u015fam; bizim hakk\u0131m\u0131z\u0131n yenmesi sorun de\u011fil. Hakk\u0131m\u0131z yensin; yeter ki bu proje devreye sokulsun ve \u0130stanbul&#39;u hedefleyenlere net bir mesaj g\u00f6nderilsin&quot; cevab\u0131n\u0131 da verip, izin isteyip ayr\u0131ld\u0131k. Tabi projeyi sunmam\u0131z\u0131n hemen ertesinde proje \u00fcst katlara ula\u015ft\u0131 ama ondan sonra takdimi yapt\u0131\u011f\u0131m\u0131z Pa\u015fa&#39;ya bir daha ula\u015famad\u0131k. Hakk\u0131m\u0131z\u0131n yenmeyece\u011fini bize garanti eden Pa\u015fa&#39;m\u0131z; \u00fcst katlara sunmas\u0131n\u0131n ertesinde bizim telefonlara \u00e7\u0131kmaz oldu. (Bu arada kendisinin aile dostumuz olmas\u0131n\u0131 ufak bir ayr\u0131nt\u0131 olarak not edeyim sevgili okur da, i\u015fin vehametini siz anlay\u0131n)  <\/p>\n<p> Bu projeyi sunmam\u0131z\u0131n \u00fczerinden bir ay ge\u00e7medi ki; Milliyet&#39;te, Kadir Topba\u015f&#39;\u0131n \u0130stanbul&#39;a 110 metrelik semazen heykeli dikme projesinin oldu\u011fu ana sayfadan duyuruldu. Bunu da bir ay sonra; Kad\u0131k\u00f6y&#39;e dev Fatih Sultan Mehmet heykeli projesi izledi. Anla\u015f\u0131lan birileri Genelkurmay&#39;a sunulan bu projeden haberdar olup; 100 Metrelik T\u00fcrk Bayra\u011f\u0131 projesinin kar\u015f\u0131s\u0131na, 110 Metrelik Semazen Heykeli projesini koymu\u015flard\u0131. Halbuki Kadir Topba\u015f&#39;\u0131n asl\u0131nda \u00f6nceden b\u00f6yle bir projesi olmad\u0131\u011f\u0131n\u0131 da hat\u0131rlatal\u0131m&#8230;  <\/p>\n<p> Ayr\u0131ca; Yapt\u0131\u011f\u0131m\u0131z g\u00f6r\u00fc\u015fmelerde; bayra\u011f\u0131n dikilece\u011fi alan olarak Haydarpa\u015fa&#39;n\u0131n yan\u0131s\u0131ra alan olarak; Patrikhane&#39;nin kar\u015f\u0131s\u0131ndaki S\u00fctl\u00fcce ve ABD Ba\u015fkonsoloslu\u011fu&#39;nun kar\u015f\u0131s\u0131ndaki sahilin kullan\u0131labilece\u011finin alt\u0131n\u0131 \u00e7izmemizin; bu kar\u015f\u0131 hamlede bir etkisi var m\u0131yd\u0131, acaba?  <\/p>\n<p> \u00a0\u00a0 Sonu\u00e7ta;\u00a0 Bu proje ile Genelkurmay b\u00fcnyesinden bir sonu\u00e7 \u00e7\u0131kmayaca\u011f\u0131n\u0131 anlay\u0131nca; kap\u0131dan kovulup bacadan girme misali, (Asl\u0131nda bu laf\u0131n geli\u015fi. Neticede TSK bu Millet&#39;in kurumudur, ne kap\u0131dan kovabilirler, ne de bacadan girmemize gerek kal\u0131r. ) ald\u0131k elimize \u00e7izimlerimizi ve projelerimizi, 1. Ordu&#39;nun kap\u0131s\u0131n\u0131 \u00e7ald\u0131k. Sa\u011folsun bizi tan\u0131yanlar orada da bizi huzurlar\u0131na kabul ettiler ve yine bir &quot;\u00fcst kata&quot; sunulma s\u00f6z\u00fc ald\u0131k. Neticede bu sefer &quot;\u00fcst katta&quot; Hur\u015fit Tolon Pa\u015fa&#39;m\u0131z\u0131n olmas\u0131 i\u00e7imizi biraz daha rahatlatsa da, bir sonu\u00e7 alamayaca\u011f\u0131m\u0131z\u0131 bile bile bu giri\u015fimleri tekrarlad\u0131k&#8230;  <\/p>\n<p> Ve b\u00fct\u00fcn bu giri\u015fimler sonras\u0131nda bir bakt\u0131k; Haydarpa\u015fa&#39;ya, bir bayrak dire\u011fi dikilmi\u015f ve bayra\u011f\u0131m\u0131z herkesin g\u00f6rebilece\u011fi bir \u015fekilde dalgalan\u0131yor.\u00a0 Tabi s\u00f6zkonusu bir ka\u00e7 metrelik bayrak dire\u011finin; taban geni\u015fli\u011fi 760 metrekare olacak, i\u00e7inde g\u00f6zlem ve faaliyet katlar\u0131 bulunan ve \u00e7evre d\u00fczenlemeleri ile birlikte bir Milli Park&#39;a d\u00f6n\u00fc\u015fecek; 100 metre boyundaki an\u0131t bayrak kulesi projesi ile pek bir alakas\u0131 olmasa da, \u00e7orbada ufak bir tuzumuz oldu\u011fu hissine kap\u0131larak sevindik. \u015eimdi her tekne ile ge\u00e7i\u015fimde, Haydarpa\u015fa&#39;daki o bayra\u011f\u0131 ba\u015fka bir g\u00f6zle izliyorum.  <\/p>\n<p> Bu hikayeyi payla\u015fma gere\u011fime gelince&#8230;  <\/p>\n<p> &#8230;&#8230;&#8230;&#8230;&#8230;&#8230;&#8230;&#8230;&#8230;&#8230;.  <\/p>\n<p> Konu;  <\/p>\n<p> Hilmi Bey&#39;e soraca\u011f\u0131m\u0131z ve asker olarak muhatab almas\u0131 gereken soru ile ba\u011flant\u0131l\u0131. Haydarpa\u015fa ve burada konu\u015flu 1. Ordu&#39;nun karargah\u0131 Selimiye k\u0131\u015flas\u0131;\u00a0 bir k\u0131\u015flan\u0131n \u00f6tesinde, tarihi bir sembold\u00fcr. \u00d6n\u00fcne dikilen T\u00fcrk Bayra\u011f\u0131 sadece \u0130stanbul ad\u0131na de\u011fil, bu k\u0131\u015fla ad\u0131na da \u00e7ok b\u00fcy\u00fck anlamlar i\u00e7ermektedir. \u0130stanbul B\u00fcy\u00fck\u015fehir Belediyesi&#39;nin ge\u00e7enlerde yay\u0131nlad\u0131\u011f\u0131 b\u00fclteninin kapa\u011f\u0131nda Napolyon&#39;un a\u015fa\u011f\u0131daki s\u00f6z\u00fcne yer verilmi\u015fti : &quot;D\u00fcnya tek devlet olsayd\u0131, \u0130stanbul Ba\u015fkenti olurdu&quot;\u00a0 Bu s\u00f6z\u00fc b\u00fct\u00fcn anlamlar\u0131 ile \u015fiar edinmi\u015f Tayyip Erdo\u011fan ve ekibinin; sanki babas\u0131n\u0131n mal\u0131ym\u0131\u015f gibi, \u0130stanbul&#39;un Galata k\u0131y\u0131s\u0131n\u0131 siyonist, Haydarpa\u015fa k\u0131y\u0131s\u0131n\u0131 ise Arap g\u00f6r\u00fcn\u00fcml\u00fc AngloSakson sermayeye pazarlama niyetini her ge\u00e7en g\u00fcn daha net bir \u015fekilde g\u00f6zlemleniyor.  <\/p>\n<p> \u0130stanbul&#39;daki metro altyap\u0131s\u0131 i\u00e7in sa\u011flanan kredilerin; Rotschild ailesinin Avusturya&#39;daki bir bankas\u0131 \u00fczerinden aktar\u0131l\u0131yor olmas\u0131 gibi detaylarda bu tabloyu peki\u015ftiriyor.  <\/p>\n<p> \u00a0\u00a0 Fakat benim i\u00e7in en anlaml\u0131 g\u00f6stergelerden bir tanesini; m\u00fcstakbel genelkurmay ba\u015fkanlar\u0131m\u0131zdan \u0130lker Bey&#39;in, ilk ziyaretlerinden birini \u0130stanbul Belediye Ba\u015fkan\u0131 Kadir Topba\u015f&#39;a yapmas\u0131 olu\u015fturuyor.  <\/p>\n<p> \u00a0\u00a0 Allah mubabbetlerini eksik etmesin.  <\/p>\n<p> Fakat \u0130lker Bey \u0130stanbul&#39;da g\u00f6reve ba\u015flad\u0131 ba\u015flayal\u0131, Tayyip Bey&#39;in yak\u0131n \u00e7evresindeki ki\u015filerin a\u011fz\u0131ndan \u015fu c\u00fcmle daha s\u0131k duyuluyor: &quot;Haydarpa\u015fa&#39;ya g\u00f6kdelenleri dikiyoruz, Selimiye&#39;yi de otel yapaca\u011f\u0131z&quot; Haydarpa\u015fa Port projesinin en \u00f6nemli ayaklar\u0131ndan birinin; Selimiye&#39;nin bo\u015falt\u0131larak, be\u015f y\u0131ld\u0131zl\u0131 bir otel yap\u0131lmas\u0131 oldu\u011funu art\u0131k sa\u011f\u0131r sultan bile duymu\u015f bulunuyor.  <\/p>\n<p> \u00a0\u00a0 Kimse Genelkurmay&#39;\u0131n b\u00f6yle bir iste\u011fe EVET demesine ihtimal vermek istemiyor!  <\/p>\n<p> \u00a0\u00a0 Irak&#39;tan \u00e7ekilen, hatta ka\u00e7\u0131r\u0131lan.  <\/p>\n<p> T\u00fcrkiye&#39;nin K\u0131br\u0131s&#39;tan \u00e7ekilmesinin \u00f6n\u00fcn\u00fc a\u00e7an Annan Plan\u0131 oylan\u0131rken g\u0131k\u0131n\u0131 \u00e7\u0131karmayan;  <\/p>\n<p> ve en son olarak da,  <\/p>\n<p> &quot;B\u00fcy\u00fck Ermenistan&quot; hayali i\u00e7in b\u00fcy\u00fck bir de\u011fer ifade eden &quot;Ani Harabelerini&quot;; &quot;buray\u0131 g\u00f6rmek isteyen 6 milyon Ermeni var, gelip bize para kazand\u0131racaklar&quot; tezine prim verip &quot;askeri b\u00f6lge&quot; olmaktan \u00e7\u0131kar\u0131p, AKP&#39;yi k\u0131rmayan Genelkurmay kadrolar\u0131n\u0131n;  <\/p>\n<p> \u00a0\u00a0 b\u00f6yle bir \u015feye EVET diyece\u011fine \u015fahsen ben de ihtimal vermiyorum.  <\/p>\n<p> \u00a0\u00a0 Haklar\u0131n\u0131 yemeyelim; bug\u00fcne kadar hi\u00e7 bir \u015feye &quot;EVET&quot; demediler.  <\/p>\n<p> \u00a0\u00a0 Onlar susmay\u0131 ve &quot;HAYIR&quot; dememeyi bir sanat haline getirdiler.  <\/p>\n<p> \u00a0\u00a0 Bu y\u00fczden; &quot;k\u00fcresel oyunun en de\u011ferli sessizli\u011fi \u00f6d\u00fcl\u00fcn\u00fc&quot; yak\u0131nda Hilmi Bey&#39;e vereceklerini umuyorum!.  <\/p>\n<p> Abdullah G\u00fcl&#39;\u00fcn T\u00fcrkiye&#39;nin art\u0131k daha \u00f6ng\u00f6r\u00fclebilir olmas\u0131 ile \u00f6v\u00fcnd\u00fc\u011f\u00fc g\u00fcnlerde; &quot;Dubai sermayesi&quot; olarak lanse edilen, halbuki arkas\u0131nda bir ba\u015fka k\u00fcresel \u00e7apano\u011flu bulunan sermayenin Haydarpa\u015fa&#39;ya sulanmas\u0131 kar\u015f\u0131s\u0131nda; Hilmi Bey&#39;in bu \u00e7ok de\u011ferli suskunlu\u011funun s\u00fcr\u00fcp s\u00fcrmeyece\u011fi T\u00fcrk Milleti&#39;ni yak\u0131ndan ilgilendiriyor.  <\/p>\n<p> \u00a0\u00a0 &quot;Turizm Geliri&quot; gelecek diye Ani Harabelerini askeri b\u00f6lge olmaktan \u00e7\u0131karan Genelkurmay Kadrolar\u0131n\u0131n; bu sefer de; &quot;\u00fclkeye o kadar yabanc\u0131 sermaye geliyor, bunlar\u0131 \u00fcrk\u00fctmemek laz\u0131m&quot; tezinden \u00fcrk\u00fcp, Selimiye&#39;yi otele \u00e7evirme projesine EVET demesi, Mustafa Kemal&#39;in de; T\u00fcrk Bayra\u011f\u0131&#39;n\u0131n da \u0130stanbul siluetinden s\u00f6k\u00fclmesi anlam\u0131n\u0131 ta\u015f\u0131yor.!  <\/p>\n<p> \u00a0\u00a0 Bu konu ile ilgili s\u00f6ylentiler art\u0131k \u00dcsk\u00fcdar meydan\u0131ndaki minib\u00fcs\u00e7\u00fclerin a\u011fz\u0131na bile pelesenk olmu\u015f durumdad\u0131r. Ve bu noktada Genelkurmay&#39;\u0131n bu s\u00f6ylentilere kesin ve net bir \u015fekilde cevap vermesi zaman\u0131 gelmi\u015ftir, hatta ge\u00e7iyor&#8230;  <\/p>\n<p> \u00a0\u00a0 \u015eimdi soruyoruz:  <\/p>\n<p> \u00a0\u00a0 Selimiye&#39;yi otel yapma projesi; AKP taraf\u0131ndan \u015fu veya bu seviyede, g\u00fcndeme ta\u015f\u0131nd\u0131 m\u0131?  <\/p>\n<p> \u00a0\u00a0 Bu proje, \u015fu veya bu seviyede, incelemeye al\u0131nd\u0131 m\u0131?  <\/p>\n<p> \u00a0\u00a0 Tayyip Erdo\u011fan&#39;a; bu proje ile ilgili bir s\u00f6z verildi ve bir mutabakat sa\u011fland\u0131 m\u0131?  <\/p>\n<p> \u00a0\u00a0 Kadir Topba\u015f ile 1. Ordu Komutan\u0131 \u0130lker Bey aras\u0131nda, bu konu ile ilgili bir g\u00f6r\u00fc\u015fme yap\u0131ld\u0131 m\u0131?  <\/p>\n<p> \u00a0\u00a0 K\u00fcresel baronlar, Topkap\u0131 manzaral\u0131 fuhu\u015f yapabilsinler diye Selimiye&#39;yi otele \u00e7evirmek, bu \u00fclkeyi Diyarbak\u0131r&#39;\u0131ndan \u0130stanbul&#39;una ona buna pazarlamay\u0131 huy edinmi\u015f; en ufak bir vicdani rahats\u0131zl\u0131k duymadan, &quot;biz sat\u0131c\u0131y\u0131z&quot; diyebilen S\u0130V\u0130L kadrolar a\u00e7\u0131s\u0131ndan bizi \u015fa\u015f\u0131rtmaz.  <\/p>\n<p> \u00a0\u00a0 Ama, biz; ESAS; sizlerin bu projeye &quot;EVET&quot; demesine \u00e7ok \u015fa\u015f\u0131r\u0131r\u0131z.  <\/p>\n<p> \u00a0\u00a0 Bug\u00fcne kadar; T\u00fcrkiye&#39;nin Avrupa&#39;ya vilayet yap\u0131lmas\u0131, AB; K\u0131br\u0131s&#39;\u0131 AB topra\u011f\u0131 yapacak Annan Plan\u0131; Irak&#39;\u0131n kuzeyinin K\u00fcrdistanla\u015ft\u0131r\u0131lmas\u0131; G\u00fcneydo\u011fu&#39;nun federalle\u015ftirilmesi; Limanlar\u0131m\u0131z\u0131n emperyalizmin depolar\u0131na d\u00f6n\u00fc\u015ft\u00fcr\u00fclmesi; Deniz Kuvvetleri&#39;nin Kas\u0131mpa\u015fa&#39;dan \u00e7\u0131kar\u0131larak, Galataport \u00fczerinden \u00e7evrilecek binbir dolaba stratejik derinlik sa\u011flanmas\u0131;\u00a0 ve bunun gibi onlarca proje kar\u015f\u0131s\u0131nda ki\u00a0 o m\u00fcthi\u015f suskunlu\u011funuzun;  <\/p>\n<p> \u00a0\u00a0 Erdo\u011fan ve ekibinin milyonlarca &quot;EVET&quot;&#39;inden daha de\u011ferli oldu\u011funu g\u00f6rd\u00fc\u011f\u00fcm\u00fcz halde,  <\/p>\n<p> \u00a0\u00a0 Biz yine de AKP kadrolar\u0131n\u0131 \u00fczmemek i\u00e7in Selimiye Oteli projesine EVET demenize \u00e7ok \u015fa\u015f\u0131r\u0131r\u0131z!&#8230;  <\/p>\n<p> \u00a0\u00a0 Bu M\u0130LLET&#39;e bir HAYIR borcunuz var.  <\/p>\n<p> \u00a0\u00a0 Irak&#39;ta kullanmad\u0131n\u0131z&#8230;  <\/p>\n<p> \u00a0\u00a0 \u0130skenderun&#39;da kullanmad\u0131n\u0131z&#8230;  <\/p>\n<p> \u00a0\u00a0 K\u0131br\u0131s&#39;ta kullanmad\u0131n\u0131z&#8230;  <\/p>\n<p> \u00a0\u00a0 G\u00fcneydo\u011fu&#39;da kullanmad\u0131n\u0131z&#8230;  <\/p>\n<p> \u00a0\u00a0 Sabiha G\u00f6k\u00e7en&#39;de kullanmad\u0131n\u0131z&#8230;  <\/p>\n<p> \u00a0\u00a0 ABD B\u00fcy\u00fckel\u00e7isi, askerinizin ba\u015f\u0131na \u00e7uval ge\u00e7irdi\u011finin ertesi g\u00fcn\u00fc size &quot;nezaket&quot; ziyaretinde bulundu&#8230;  <\/p>\n<p> \u00a0\u00a0 ORADA B\u0130LE KULLANMADINIZ!..  <\/p>\n<p> \u00a0\u00a0 Size bir ASKER olarak muhatab alman\u0131z gereken bir soru soruyoruz.  <\/p>\n<p> \u00a0\u00a0 ve siz de T\u00dcRK M\u0130LLET\u0130&#39;ne bir ASKER OLARAK A\u00c7IKLAMA YAPARAK A\u015eA\u011eIDAK\u0130 \u015eU SORUYA  <\/p>\n<p> \u00a0\u00a0 &quot;HAYIR&quot; diye cevap veriniz ki,  <\/p>\n<p> \u00a0\u00a0 biz utanal\u0131m&#8230;  <\/p>\n<p> \u00a0\u00a0 size g\u00fcvenenlerin ise y\u00fcz\u00fc g\u00fcls\u00fcn.  <\/p>\n<p> \u00a0\u00a0 O KR\u0130T\u0130K SORU \u015eUDUR:  <\/p>\n<p> \u00a0\u00a0 PA\u015eAM;  <\/p>\n<p> \u00a0\u00a0 AKP H\u00fck\u00fcmeti&#39;nin Haydarpa\u015fa Projesi ile birlikte, Selimiye&#39;yi de bo\u015falt\u0131p, otel yapma projesi oldu\u011fu yolunda s\u00f6ylentiler ayyuka \u00e7\u0131km\u0131\u015ft\u0131r.  <\/p>\n<p> \u00a0\u00a0 B\u00f6yle bir proje \u00f6n\u00fcn\u00fcze koyulursa, bu projeye cevab\u0131n\u0131z ne olacakt\u0131r?  <\/p>\n<p> \u00a0\u00a0 Elimizdeki bilgiler; bu projenin esasen \u015fu anda 1. Ordu Komutanl\u0131\u011f\u0131 yapmakta olan \u0130lker Bey&#39;in zaman\u0131nda g\u00fcndeme getirilece\u011fi yolundad\u0131r.  <\/p>\n<p> \u00a0\u00a0 Tayyip Bey&#39;in \u00e7evre ekibi, \u0130lker Bey ile 1. Ordu Komutanl\u0131\u011f\u0131 s\u0131ras\u0131nda kazan\u0131lan zeminin, proje g\u00fcndeme geldi\u011finde \u00e7ok i\u015fe yarayaca\u011f\u0131n\u0131 ortal\u0131kta anlat\u0131p durmaktad\u0131r.  <\/p>\n<p> \u00a0\u00a0 Dolay\u0131s\u0131 ile bu soruya ASKER olarak muhatab olmas\u0131 gereken sadece Hilmi Bey de\u011fil.  <\/p>\n<p> \u00a0\u00a0 Fakat Hilmi Bey&#39;in TSK ad\u0131na verece\u011fi cevap, herkesi ba\u011flayacakt\u0131r ve tarihe not d\u00fc\u015f\u00fclecektir.  <\/p>\n<p> \u00a0\u00a0 &#8230;&#8230;.  <\/p>\n<p> \u00a0\u00a0 ASKER; her\u015feye ra\u011fmen, &quot;HAYIR&quot; diyebildi\u011fi i\u00e7in ASKER&#39;dir  <\/p>\n<p> \u00a0\u00a0 Her\u015feye &quot;EVET&quot; demek, AB ile g\u00fcya m\u00fczakere yapacak olan S\u0130V\u0130LLERE daha \u00e7ok yak\u0131\u015f\u0131r.  <\/p>\n<p> \u00a0\u00a0 Hilmi Bey&#39;in de kendi ifade etti\u011fi gibi;\u00a0 \u00a0\u00a0\u00a0 art\u0131k sorulara ASKER olarak muhatab olmak istememesi \u00e7ok do\u011fru ve yerinde bir karard\u0131r&#8230;  <\/p>\n<p> \u00a0\u00a0 Eminiz ki; S\u0130V\u0130LL\u0130K ona daha \u00e7ok yak\u0131\u015facakt\u0131r.  <\/p>\n<p> \u00a0\u00a0 \u00dcz\u00fclmesin.  <\/p>\n<p> \u00a0\u00a0 Tayyip Bey; onun S\u0130V\u0130L&#39;de de k\u0131ymetini bilir.  <\/p>\n<p> \u00a0\u00a0 \u0130nsan &quot;Hoca&quot;&#39;s\u0131n\u0131 \u00fczer mi hi\u00e7?<a name=\"_ftnref1\" href=\"#_ftn1\" title=\"_ftnref1\">[1]<\/a>  <\/p>\n<p> \u00a0\u00a0\u00a0\u00a0\u00a0\u00a0\u00a0\u00a0\u00a0\u00a0\u00a0  <\/p>\n<p> <\/p>\n<hr \/>\n<p> <a name=\"_ftn1\" href=\"#_ftnref1\" title=\"_ftn1\">[1]<\/a> Behi\u00e7 G\u00fcrcihan, 25 EK\u0130M 2005, \u0130leti\u015fim Raporu  <\/p>\n","protected":false},"excerpt":{"rendered":"<p>\u00a0  <\/p>\n<p> Genelkurmay Ba\u015fkanl\u0131\u011f\u0131 koltu\u011funda oturan Hilmi Bey; 3 Ekim&#39;de ba\u015flat\u0131lan m\u00fctareke s\u00fcreci ile ilgili sorulara &quot;asker olarak muhatab olmak istemedi\u011finin&quot; alt\u0131n\u0131 \u00e7iziyor.  <\/p>\n<p> Biz bunu; AKP&#39;nin derin raflar\u0131nda durdu\u011funu bildi\u011fimiz, AB ile m\u00fctareke s\u00fcreci \u00e7er\u00e7evesinde; Hilmi \u00d6zk\u00f6k&#39;\u00fc Savunma Bakan\u0131 yap\u0131p, TSK&#39;y\u0131 onun bakanl\u0131\u011f\u0131 s\u0131ras\u0131nda Milli Savunma Bakanl\u0131\u011f\u0131na ba\u011flama projesine ince bir destek olarak okuduk. Neticede Hilmi Bey; sanki AB s\u00fcrecine &quot;asker&quot; olarak de\u011fil, &quot;sivil&quot; olarak muhatab olmak istedi\u011fini ima ediyor.  <\/p>\n","protected":false},"author":8,"featured_media":0,"comment_status":"open","ping_status":"closed","sticky":false,"template":"","format":"standard","meta":{"footnotes":""},"categories":[39],"tags":[],"class_list":["post-281","post","type-post","status-publish","format-standard","hentry","category-ocak-2006"],"_links":{"self":[{"href":"https:\/\/www.millicozum.com\/mc\/wp-json\/wp\/v2\/posts\/281","targetHints":{"allow":["GET"]}}],"collection":[{"href":"https:\/\/www.millicozum.com\/mc\/wp-json\/wp\/v2\/posts"}],"about":[{"href":"https:\/\/www.millicozum.com\/mc\/wp-json\/wp\/v2\/types\/post"}],"author":[{"embeddable":true,"href":"https:\/\/www.millicozum.com\/mc\/wp-json\/wp\/v2\/users\/8"}],"replies":[{"embeddable":true,"href":"https:\/\/www.millicozum.com\/mc\/wp-json\/wp\/v2\/comments?post=281"}],"version-history":[{"count":0,"href":"https:\/\/www.millicozum.com\/mc\/wp-json\/wp\/v2\/posts\/281\/revisions"}],"wp:attachment":[{"href":"https:\/\/www.millicozum.com\/mc\/wp-json\/wp\/v2\/media?parent=281"}],"wp:term":[{"taxonomy":"category","embeddable":true,"href":"https:\/\/www.millicozum.com\/mc\/wp-json\/wp\/v2\/categories?post=281"},{"taxonomy":"post_tag","embeddable":true,"href":"https:\/\/www.millicozum.com\/mc\/wp-json\/wp\/v2\/tags?post=281"}],"curies":[{"name":"wp","href":"https:\/\/api.w.org\/{rel}","templated":true}]}}