{"id":2811,"date":"2014-02-01T10:27:52","date_gmt":"2014-02-01T10:27:52","guid":{"rendered":"https:\/\/www.millicozum.com\/mc\/2014\/02\/01\/akp-ve-cemaatin-yalani-turkiyenin-talani\/"},"modified":"2014-02-01T10:27:52","modified_gmt":"2014-02-01T10:27:52","slug":"akp-ve-cemaatin-yalani-turkiyenin-talani","status":"publish","type":"post","link":"https:\/\/www.millicozum.com\/mc\/2014\/subat-2014\/akp-ve-cemaatin-yalani-turkiyenin-talani\/","title":{"rendered":"AKP VE CEMAAT\u0130N YALANI, T\u00dcRK\u0130YE\u2019N\u0130N TALANI"},"content":{"rendered":"\n<p>&nbsp;<\/p>\n<p style=\"margin-bottom: 0.0001pt; text-align: justify; text-indent: 14.2pt; line-height: normal;\"><span style=\"font-size: 10pt; font-family: 'Arial Black', sans-serif;\">Cemaat ve \u0130ktidar\u0131n ortak tahribatlar\u0131<\/span><\/p>\n<p style=\"margin-bottom: 0.0001pt; text-align: justify; text-indent: 14.2pt; line-height: normal;\"><strong><span style=\"font-size: 10pt; font-family: Arial, sans-serif;\">S\u00f6zde \u00e7\u00f6z\u00fcm s\u00fcreci, PKK\u2019y\u0131 \u00f6z\u00fcmseme s\u00fcrecine d\u00f6n\u00fc\u015f\u00fcyordu. Ba\u015fbakan\u0131n palavralar\u0131 aksine, PKK\u2019l\u0131 ter\u00f6ristler silahlar\u0131yla birlikte \u0130ran, Irak ve Suriye\u2019ye \u00e7ekiliyordu. Murat Karay\u0131lan e\u015fkiyas\u0131n\u0131n a\u00e7\u0131klamalar\u0131ndan ve Bat\u0131l\u0131 m\u00fcttefiklerimizin tav\u0131rlar\u0131ndan, PKK\u2019n\u0131n ter\u00f6ristlikten \u00e7\u0131kar\u0131l\u0131p, me\u015fruiyet ve resmiyet kazanm\u0131\u015f bir \u201chalk ordusu\u201dna d\u00f6n\u00fc\u015ft\u00fcr\u00fclece\u011fi anla\u015f\u0131l\u0131yordu. B\u00f6yle bir yap\u0131lanman\u0131n, <\/span><\/strong><strong><i><span style=\"font-family: Arial, sans-serif;\">\u201cistendi\u011fi anda ve oranda, T\u00fcrkiye ve kom\u015fu \u00fclkeler aleyhine \u00e7ok daha rahat kullan\u0131laca\u011f\u0131\u201d<\/span><\/i><\/strong><strong><span style=\"font-size: 10pt; font-family: Arial, sans-serif;\"> ger\u00e7e\u011fini nedense hi\u00e7 kimse g\u00fcndeme getirmiyordu. Ve zaten AKP yalakas\u0131 ve Yeni\u015fafak yazar\u0131 \u0130brahim Karag\u00fcl, <\/span><\/strong><strong><i><span style=\"font-family: Arial, sans-serif;\">\u201cKahramanl\u0131k taslarken h\u0131rs\u0131zl\u0131\u011f\u0131n\u0131 anlatan K\u0131pti\u201d<\/span><\/i><\/strong><strong><span style=\"font-size: 10pt; font-family: Arial, sans-serif;\"> misali, 25 Nisan 2013 tarihli \u201cPKK\u2019y\u0131 K\u00fcrt Petrol\u00fc Bitirdi\u201d yaz\u0131s\u0131nda, <\/span><\/strong><strong><i><span style=\"font-family: Arial, sans-serif;\">Kuzey Irak petrollerini tamamen kontrol alt\u0131na almak isteyen g\u00fc\u00e7lerin PKK\u2019y\u0131 T\u00fcrkiye d\u0131\u015f\u0131na \u00e7\u0131kar\u0131p, yeniden yap\u0131land\u0131rmaya \u00e7al\u0131\u015ft\u0131klar\u0131n\u0131<\/span><\/i><\/strong><strong><span style=\"font-size: 10pt; font-family: Arial, sans-serif;\"> a\u011fz\u0131ndan ka\u00e7\u0131r\u0131yor, yani Erdo\u011fan ve \u00d6calan\u2019\u0131n sadece bu s\u00fcrece fig\u00fcranl\u0131k yapt\u0131klar\u0131n\u0131 dolayl\u0131 itiraf ediyordu.<\/span><\/strong><\/p>\n<p style=\"margin-bottom: 0.0001pt; text-align: justify; text-indent: 14.2pt; line-height: normal;\"><span style=\"font-size: 9pt; font-family: Arial, sans-serif;\">Bilindi\u011fi gibi G\u00fcneydo\u011fu\u2019da 220 bin asker g\u00f6rev yap\u0131yor, bu say\u0131 son y\u0131llarda 170 bine indiriliyordu. \u0130mral\u0131 m\u00fczakereleriyle birlikte durum de\u011fi\u015fiyor, asker mevcudu 130 bine d\u00fc\u015f\u00fcr\u00fcl\u00fcyordu. T\u00fcrkiye\u2019deki ter\u00f6rist say\u0131s\u0131 konusunda sa\u011fl\u0131kl\u0131 bir bilgi yoktu. K\u0131\u015f\u0131 topraklar\u0131m\u0131zda ge\u00e7iren ter\u00f6rist say\u0131s\u0131n\u0131n bin 500 civar\u0131nda oldu\u011fu devlet yetkilileri taraf\u0131ndan belirtilirken, ter\u00f6ristlere g\u00f6re ise bu say\u0131 800\u2019\u00fc bulmuyordu. \u015eimdi bunlar\u0131n \u00e7ekilip \u00e7ekilmeyece\u011fi, \u00e7ekilirse nas\u0131l \u00e7ekilece\u011fi tart\u0131\u015f\u0131l\u0131yordu. Ter\u00f6ristler \u00e7ekilse bile s\u0131n\u0131r \u00f6tesinde siyasi ve askeri e\u011fitimlerini s\u00fcrd\u00fcrecekleri belirtiliyordu. \u00c7\u00fcnk\u00fc, K\u00fcrt vatanda\u015flar i\u00e7in \u00f6zerklik verilmesi halinde bunlardan o b\u00f6lgenin silahl\u0131 g\u00fcc\u00fc olarak yararlan\u0131laca\u011f\u0131 ve bunun i\u00e7in kendilerine maa\u015f da ba\u011flanaca\u011f\u0131 konu\u015fuluyordu&#8230;<\/span><\/p>\n<p style=\"margin-bottom: 0.0001pt; text-align: justify; text-indent: 14.2pt; line-height: normal;\"><strong><span style=\"font-size: 10pt; font-family: Arial, sans-serif;\">Ayr\u0131ca baz\u0131 askeri uzmanlar ter\u00f6ristlerin b\u00fct\u00fcn unsurlar\u0131yla s\u0131n\u0131r \u00f6tesine \u00e7ekilmeyece\u011fini ve g\u00fcvenlik g\u00fc\u00e7lerinin giremedi\u011fi baz\u0131 yerleri terk etmeyece\u011fini s\u00f6yl\u00fcyordu. B\u00f6yle kritik \u00f6nemdeki yerlere i\u015fler tersine gitti\u011finde yine ihtiya\u00e7lar\u0131 olaca\u011f\u0131 belirtiliyordu. T\u00fcrkiye\u2019den \u00e7ekilece\u011fi s\u00f6ylenen 800 ter\u00f6ristten sadece \u00e7e\u015fitli katliamlara bula\u015fm\u0131\u015f ve hakk\u0131nda kesin yakalama emri \u00e7\u0131kar\u0131lm\u0131\u015f olan 300 PKK\u2019l\u0131n\u0131n yurt d\u0131\u015f\u0131na \u00e7\u0131kaca\u011f\u0131, di\u011fer 500 ki\u015finin ise silahlar\u0131yla kendi evlerine d\u00f6nmeye ba\u015flad\u0131\u011f\u0131 anla\u015f\u0131l\u0131yordu.<\/span><\/strong><\/p>\n<p style=\"margin-bottom: 0.0001pt; text-align: justify; text-indent: 14.2pt; line-height: normal;\"><strong><span style=\"font-size: 9pt; font-family: Arial, sans-serif;\">Evet, T\u00fcrkiye bir ter\u00f6r \u00f6rg\u00fct\u00fcnden \u00f6te, sanki PKK devletiyle pazarl\u0131k yap\u0131yor ve yeni K\u00fcrdistan\u2019\u0131n temel ta\u015flar\u0131 d\u00f6\u015feniyordu!<\/span><\/strong><span style=\"font-size: 9pt; font-family: Arial, sans-serif;\"> \u201cB\u00fcy\u00fck K\u00fcrdistan T\u00fcrkiye\u2019nin himayesine verilecek\u201d palavras\u0131yla T\u00fcrkiye g\u00f6z g\u00f6re g\u00f6re b\u00f6l\u00fcnmeye haz\u0131rlan\u0131yordu. Peki, Bulgaristan ve Yunanistan\u2019daki T\u00fcrk az\u0131nl\u0131klar niye \u201cBiz \u00f6zerklik ilan edip T\u00fcrkiye\u2019nin himayesine girece\u011fiz\u201d diyemiyordu ve sahip \u00e7\u0131k\u0131lm\u0131yordu?<\/span><\/p>\n<p style=\"margin-bottom: 0.0001pt; text-align: justify; text-indent: 14.2pt; line-height: normal;\"><strong><span style=\"font-size: 10pt; font-family: 'Arial Black', sans-serif;\">ABD\u2019nin M\u0131s\u0131r \u00dczerinden T\u00fcrkiye Mesajlar\u0131 Recep Bey\u2019in ve G\u00fclen\u2019in Son \u00c7\u0131rp\u0131n\u0131\u015flar\u0131<\/span><\/strong><\/p>\n<p style=\"margin-bottom: 0.0001pt; text-align: justify; text-indent: 14.2pt; line-height: normal;\"><strong><span style=\"font-size: 9pt; font-family: Arial, sans-serif;\">\u0130ktidar\u0131n ve Cemaat\u2019in M\u0131s\u0131r\u2019daki askeri darbeyle ilgili tav\u0131rlar\u0131nda \u00e7ok a\u00e7\u0131k bir terslik ve samimiyetsizlik s\u0131r\u0131t\u0131yordu. Bu darbeyi bizzat ABD\u2019nin planlay\u0131p arka \u00e7\u0131kt\u0131\u011f\u0131n\u0131 Amerikan bas\u0131n\u0131 bile itiraf ediyor, ama Ahmet Davuto\u011flu ABD D\u0131\u015fi\u015fleri Bakan\u0131 John Kerry ile g\u00f6r\u00fc\u015f\u00fcp durumu d\u00fczeltece\u011fini san\u0131yordu. Barack Obama buna darbe bile demiyor, ama kankas\u0131 Recep Erdo\u011fan demokrasi havarisi kesiliyordu. <\/span><\/strong><strong><span style=\"font-size: 10pt; font-family: Arial, sans-serif;\">Ne yaz\u0131k ki bu horozlanmalar\u0131n ard\u0131ndan AKP iktidar\u0131, askeri darbe ile gelen yeni M\u0131s\u0131r y\u00f6netimi ile her t\u00fcrl\u00fc ili\u015fkiyi devam ettirme karar\u0131 al\u0131yor, yani Mursi\u2019yi ve demokrasiyi resmen sat\u0131yordu.<\/span><\/strong><strong><span style=\"font-size: 9pt; font-family: Arial, sans-serif;\"> Avrupa \u00fclkeleri, \u0130slamc\u0131 H\u00fck\u00fcmet devrildi diye bayram ediyor, ama AKP kurmaylar\u0131 ve yalakalar\u0131 hala AB\u2019ye al\u0131nmak i\u00e7in \u00e7\u0131rp\u0131n\u0131yordu.. Ve hele Fetullah G\u00fclen, insana pes dedirten bir \u00e7eli\u015fki ve pi\u015fkinlik sergiliyordu. \u00c7\u00fcnk\u00fc hen\u00fcz bir y\u0131l\u0131n\u0131 bile doldurmadan ger\u00e7ekten efsane hizmetler ba\u015faran ve d\u00fcnya \u00e7ap\u0131nda at\u0131l\u0131mlar ba\u015flatan Erbakan H\u00fck\u00fcmetine kar\u015f\u0131, televizyonlara \u00e7\u0131k\u0131p aleyhte kampanya a\u00e7an ve bir nevi darbeye davetiye \u00e7\u0131karan Fetullah G\u00fclen \u015fimdi <\/span><\/strong><strong><i><span style=\"font-size: 10pt; font-family: Arial, sans-serif;\">\u201cDemokratik se\u00e7imle gelmi\u015f Mursi\u2019ye icraat yapma ve kendini kan\u0131tlama f\u0131rsat\u0131 vermeden \u201csen bunu ba\u015faramad\u0131n\u201d demek haks\u0131zl\u0131kt\u0131r, halka sayg\u0131s\u0131zl\u0131kt\u0131r. \u00c7\u00fcnk\u00fc insan\u0131n bir y\u0131lda a\u011fz\u0131n\u0131 burnunu, sa\u011f\u0131n\u0131 solunu tan\u0131mas\u0131 bile imk\u00e2ns\u0131zd\u0131r\u201d<\/span><\/i><\/strong><strong><span style=\"font-size: 9pt; font-family: Arial, sans-serif;\"> anlam\u0131nda laflar ediyor ve arka \u00e7\u0131k\u0131yordu. Acaba Erbakan\u2019a yapt\u0131klar\u0131ndan pi\u015fmanl\u0131k duyup g\u00fcnah m\u0131 \u00e7\u0131kar\u0131yordu? Yoksa\u2026.. M\u0131s\u0131r\u2019da i\u00e7 sava\u015f \u00e7\u0131kmas\u0131n\u0131 ve bu \u00fclkenin par\u00e7alanmas\u0131n\u0131 isteyen Yahudi Lobilerinin \u00f6zel ricas\u0131yla \u0130hvan\u0131 M\u00fcslimin\u2019i k\u0131\u015fk\u0131rtmak i\u00e7in mi b\u00f6yle davran\u0131yordu? Ve bu bahane ile M\u0131s\u0131r ordusu da iyice y\u0131prat\u0131l\u0131p, \u0130srail\u2019in eli g\u00fc\u00e7lendirilmek mi isteniyordu? Ve tam da b\u00f6yle bir s\u00fcre\u00e7te Rusya\u2019n\u0131n \u0130ngilizce yay\u0131n yapan resmi kanal\u0131 RT\u2019ye konu\u015fan g\u00fcvenilir bir kaynak, \u0130srail\u2019in Suriye\u2019nin Lazkiye askeri tesislerini vurmak i\u00e7in T\u00fcrkiye\u2019deki \u00fcsleri kulland\u0131\u011f\u0131n\u0131 belirtiyordu! Yani malum merkezler Recep Beye<\/span><\/strong><strong><i><span style=\"font-size: 10pt; font-family: Arial, sans-serif;\">: \u201cBizim istediklerimizi yap, ama kendi istedi\u011fin gibi konu\u015fup hava at!\u201d<\/span><\/i><\/strong><strong><span style=\"font-size: 10pt; font-family: Arial, sans-serif;\">demi\u015fler gibi davran\u0131l\u0131yordu. Ve Sn. Erdo\u011fan Mursi\u2019ye destek mitingini kendisi yapmaya cesaret edemiyor, bu i\u015fi Saadet partisine b\u0131rak\u0131yordu.<\/span><\/strong><\/p>\n<p style=\"margin-bottom: 0.0001pt; text-align: justify; text-indent: 14.2pt; line-height: normal;\"><strong><span style=\"font-size: 10pt; font-family: Arial, sans-serif;\">\u00d6nce M\u0131s\u0131r\u2019da sahnelenen oyun ne ilk, ne de son oluyordu. Ayr\u0131ca oynanan oyunun ger\u00e7ek ad\u0131 \u201cdemokrasi\u201d de\u011fil, \u201cdemokratur\u201d oyunuydu.<\/span><\/strong><\/p>\n<p style=\"margin-bottom: 0.0001pt; text-align: justify; text-indent: 14.2pt; line-height: normal;\"><span style=\"font-size: 9pt; font-family: Arial, sans-serif;\">D\u00fcnya sistemini elinde tutan ve as\u0131l oyun kurucu olan Siyonizm\u2019i, ya\u015fad\u0131\u011f\u0131m\u0131z \u00e7a\u011fda en iyi te\u015fhis eden Ba\u015fbakan Erbakan, ahir \u00f6mr\u00fcnde en \u00e7ok bu konu \u00fczerinde dururdu. Hocam\u0131z: <strong><i>\u201cdemokrasi\u201d; halk\u0131n kendi kendisini y\u00f6netmesidir. \u201cDemokratur\u201d ise; halk\u0131n y\u00f6netime alet edilmesidir\u201d<\/i><\/strong> diyordu. Demokratur hilesinin, yani Yahudi Lobilerinin tayin edip, halka se\u00e7tirdi\u011fi Sn. Abdullah G\u00fcl ve Recep T. Erdo\u011fan\u2019\u0131n \u00f6zellikle destekleyip \u0130slam \u0130\u015fbirli\u011fi Te\u015fkilat\u0131\u2019n\u0131n ba\u015f\u0131na ge\u00e7irdikleri Ekmeleddin \u0130hsano\u011flu ile M\u0131s\u0131r\u2019daki darbe dengeleniyordu. Erdo\u011fan ve G\u00fcl g\u00fcya darbeye kar\u015f\u0131 \u00e7\u0131k\u0131yor, ama \u0130hsano\u011flu Suudiler ve ABD ile birlikte davran\u0131yordu.<\/span><\/p>\n<p style=\"margin-bottom: 0.0001pt; text-align: justify; text-indent: 14.2pt; line-height: normal;\"><strong><span style=\"font-size: 10pt; font-family: 'Arial Black', sans-serif;\">G\u00fcl ve Erdo\u011fan \u201cD\u0131\u015f G\u00fc\u00e7lerin ve Faiz Lobilerinin\u201d Siyonist yap\u0131lanmas\u0131na destek veriyordu!<\/span><\/strong><\/p>\n<p style=\"margin-bottom: 0.0001pt; text-align: justify; text-indent: 14.2pt; line-height: normal;\"><strong><span style=\"font-size: 10pt; font-family: Arial, sans-serif;\">Cumhurba\u015fkan\u0131 Abdullah G\u00fcl ve Ba\u015fbakan Recep Tayyip Erdo\u011fan\u2019\u0131n, Siyonist \u0130lluminati\u2019nin en \u00f6nemli organlar\u0131ndan birinin (CFR\u2019nin) T\u00fcrkiye yap\u0131lanmas\u0131na onay verdikleri ortaya \u00e7\u0131k\u0131yordu. Konunun daha iyi anla\u015f\u0131lmas\u0131 bak\u0131m\u0131ndan \u00f6nce \u0130lluminati (Siyonizm\u2019in D\u00fcnya Devleti) yap\u0131lanmas\u0131 hakk\u0131nda \u00e7ok k\u0131sa \u00f6zet bir bilgi aktarmak gerekiyordu.<\/span><\/strong><\/p>\n<p style=\"margin-bottom: 0.0001pt; text-align: justify; text-indent: 14.2pt; line-height: normal;\"><strong><span style=\"font-size: 9pt; font-family: Arial, sans-serif;\">D\u00fcnyay\u0131 kendilerine \u201cbilge adamlar\u201d ad\u0131n\u0131 veren, 10 se\u00e7kin Yahudi y\u00f6netiyordu. \u0130lluminati\u2019nin \u015feytan \u015febekesi, d\u00fcnyan\u0131n en g\u00fc\u00e7l\u00fc baronlar\u0131ndan, yat\u0131r\u0131mc\u0131lar\u0131ndan, \u015firket ba\u015fkanlar\u0131ndan ve siyasi kodamanlar\u0131ndan olu\u015fuyordu. \u201c\u0130\u00e7 \u00e7ember\u201d denilen en tepedeki bu 10 ki\u015fiye ba\u011fl\u0131 300 ki\u015fi ise onlar\u0131n alt kadrosunda yer al\u0131yor ve talimatlar\u0131n\u0131 yerine getiriyordu. \u201c\u0130\u00e7 \u00e7ember\u201d \u00fcyelerinin hepsi D\u0131\u015f \u0130li\u015fkiler Konseyi, Bilderberg, Trilateral Komisyon, Mason Localar\u0131, Kafatas\u0131 ve Kemik Tarikat\u0131, Aspen Enstit\u00fcs\u00fc, Malta \u015e\u00f6valyeleri, Opus Dei, Roma Kul\u00fcb\u00fc, Bohemian Grove, D\u00fcnya Ekonomik Forumu, D\u00fcnya Federalleri gibi Siyonist olu\u015fumlar\u0131n \u00fcyesi oluyordu. G\u00f6r\u00fcld\u00fc\u011f\u00fc \u00fczere <\/span><\/strong><strong><span style=\"font-size: 9pt; font-family: 'Arial Black', sans-serif;\">Council on Foreign Relations<\/span><\/strong><strong><span style=\"font-size: 9pt; font-family: Arial, sans-serif;\"> (CFR\u2013D\u0131\u015f \u0130li\u015fkiler Konseyi) Siyonizm\u2019in Gizli D\u00fcnya Devleti\u2019nin en \u00f6nemli yap\u0131lanmalar\u0131ndan say\u0131l\u0131yordu. Ve gelelim CFR\u2019nin T\u00fcrkiye yap\u0131lanmas\u0131na\u2026<\/span><\/strong><\/p>\n<p style=\"margin-bottom: 0.0001pt; text-align: justify; text-indent: 14.2pt; line-height: normal;\"><strong><span style=\"font-size: 10pt; font-family: Arial, sans-serif;\">CFR, AKP \u0130ktidar\u0131 s\u0131ras\u0131nda T\u00fcrkiye\u2019de Global \u0130li\u015fkiler Forumu (G\u0130F) ad\u0131yla \u00f6rg\u00fctleniyor ve G\u0130F, CFR\u2019nin \u201cKonseyler Konseyi\u201d olarak nitelendirdi\u011fi yap\u0131lanman\u0131n T\u00fcrkiye aya\u011f\u0131 olarak kuruluyordu. G\u0130F (T\u00fcrkiye\u2019de Global \u0130li\u015fkiler Formu\u2019nun) ba\u015f\u0131nda Rahmi Ko\u00e7 bulunuyor, Forumun Y\u00f6netim Kurulu \u00fcyeleri \u015fu isimlerden olu\u015fuyordu:<\/span><\/strong><\/p>\n<p style=\"margin-bottom: 0.0001pt; text-align: justify; text-indent: 14.2pt; line-height: normal;\"><strong><span style=\"font-size: 9pt; font-family: Arial, sans-serif;\">Ba\u015fkan: Rahmi M. Ko\u00e7 <\/span><\/strong><\/p>\n<p style=\"margin-bottom: 0.0001pt; text-align: justify; text-indent: 14.2pt; line-height: normal;\"><strong><span style=\"font-size: 9pt; font-family: Arial, sans-serif;\">Ba\u015fkan Yard\u0131mc\u0131s\u0131: Memduh Karakulluk\u00e7u <\/span><\/strong><\/p>\n<p style=\"margin-bottom: 0.0001pt; text-align: justify; text-indent: 14.2pt; line-height: normal;\"><strong><span style=\"font-size: 9pt; font-family: Arial, sans-serif;\">Ba\u015fkan Yard\u0131mc\u0131s\u0131: Hanzade Do\u011fan Boyner <\/span><\/strong><\/p>\n<p style=\"margin-bottom: 0.0001pt; text-align: justify; text-indent: 14.2pt; line-height: normal;\"><strong><span style=\"font-size: 9pt; font-family: Arial, sans-serif;\">\u00dcyeler: Lucien Arkas, Asl\u0131 Ba\u015fg\u00f6z, Hasan T. \u00c7olako\u011flu, Salim Dervi\u015fo\u011flu, Suzan Sabanc\u0131 Din\u00e7er, Ali Do\u011framac\u0131, Metin Fad\u0131ll\u0131o\u011flu, S\u00f6nmez K\u00f6ksal, G\u00fcls\u00fcn Sa\u011flamer, \u00d6zdem Sanberk, Ferit \u015eahenk, \u0130lter T\u00fcrkmen.<\/span><\/strong><\/p>\n<p style=\"margin-bottom: 0.0001pt; text-align: justify; text-indent: 14.2pt; line-height: normal;\"><strong><span style=\"font-size: 10pt; font-family: Arial, sans-serif;\">Ve bak\u0131n G\u0130F\u2019in Y\u00f6netim Kurulu Ba\u015fkan\u0131 Rahmi Ko\u00e7 neler s\u00f6yl\u00fcyordu:<\/span><\/strong><\/p>\n<p style=\"margin-bottom: 0.0001pt; text-align: justify; text-indent: 14.2pt; line-height: normal;\"><strong><i><span style=\"font-size: 9pt; font-family: Arial, sans-serif;\">\u201c\u00c7e\u015fitli alanlardan se\u00e7ti\u011fimiz arkada\u015flarla Global \u0130li\u015fkiler Forumu\u2019nu kurduk. GIF\u2019i kurmadan evvel, Say\u0131n Cumhurba\u015fkan\u0131, Say\u0131n Ba\u015fbakan, D\u0131\u015fi\u015fleri Bakan\u0131 Say\u0131n Ahmet Davuto\u011flu, Ekonomiden Sorumlu Devlet Bakan\u0131 ve Ba\u015fbakan Yard\u0131mc\u0131s\u0131 Say\u0131n Ali Babacan, Devlet Bakan\u0131 ve Ba\u015fm\u00fczakereci Say\u0131n Egemen Ba\u011f\u0131\u015f ve Sanayi ve Ticaret Bakan\u0131 Say\u0131n Zafer \u00c7a\u011flayan ile konuyu g\u00f6r\u00fc\u015ft\u00fck ve \u00f6ncelikle onlar\u0131n icazetlerini ald\u0131k.\u201d<\/span><\/i><\/strong><\/p>\n<p style=\"margin-bottom: 0.0001pt; text-align: justify; text-indent: 14.2pt; line-height: normal;\"><strong><span style=\"font-size: 10pt; font-family: Arial, sans-serif;\">Evet, Rahmi Ko\u00e7 bunlar\u0131 anlat\u0131yor, yap\u0131lanmaya Cumhurba\u015fkan\u0131 G\u00fcl ve Ba\u015fbakan Erdo\u011fan ile birlikte Ahmet Davuto\u011flu, Ali Babacan, Egemen Ba\u011f\u0131\u015f ve Zafer \u00c7a\u011flayan gibi AKP\u2019nin \u201ca\u011f\u0131r\u201d toplar\u0131n\u0131n da destek verdi\u011fi g\u00f6r\u00fcl\u00fcyordu.<\/span><\/strong><\/p>\n<p style=\"margin-bottom: 0.0001pt; text-align: justify; text-indent: 14.2pt; line-height: normal;\"><span style=\"font-size: 10pt; font-family: 'Arial Black', sans-serif;\">Demokratur (Demokrasi Derebeyli\u011fi) darbeler kadar zararl\u0131d\u0131r!<\/span><\/p>\n<p style=\"margin-bottom: 0.0001pt; text-align: justify; text-indent: 14.2pt; line-height: normal;\"><strong><span style=\"font-size: 10pt; font-family: Arial, sans-serif;\">D\u0131\u015f G\u00fc\u00e7lerle, gizli ve kirli ili\u015fkilere giri\u015fen siyasi fig\u00fcrlerden cemaat rehberlerine hi\u00e7 kimse, art\u0131k \u00e7eli\u015fkilerden kurtulam\u0131yor, \u00e7\u0131rp\u0131nd\u0131k\u00e7a daha \u00e7ok bat\u0131yordu. \u015eimdi M\u0131s\u0131r\u2019da, Mursi\u2019ye y\u00f6nelik askeri darbeye g\u00fcya kar\u015f\u0131 \u00e7\u0131k\u0131yor gibi davranan Fetullah G\u00fclen, 28 \u015eubat tertibinde Erbakan\u2019a y\u00f6nelik postmodern darbeye niye arka \u00e7\u0131kt\u0131\u011f\u0131n\u0131; <i>\u201c28 \u015eubat, T\u00fcrkiye\u2019de demokrasinin yerle\u015fmesini de h\u0131zland\u0131rd\u0131\u201d<a title=\"\" name=\"_ftnref1\" href=\"file:\/\/\/C:\/Users\/uefe_000\/AppData\/Local\/Temp\/Rar$DIa0.674\/125%20-%20SAYI%20%20%C4%B0%C3%87%C4%B0NDEK%C4%B0LER%20-%20Abdullah%20-%20OSMAN%20%20-%20NA%C4%B0L%20-%2020.01.2014%20RAMAZANA.doc#_ftn1\"><sup><strong><sup><span style=\"font-size: 10pt; line-height: 115%;\">[1]<\/span><\/sup><\/strong><\/sup><\/a><\/i> s\u00f6zleriyle savunmaya \u00e7al\u0131\u015f\u0131yordu.<\/span><\/strong><\/p>\n<p style=\"margin-bottom: 0.0001pt; text-align: justify; text-indent: 14.2pt; line-height: normal;\"><strong><span style=\"font-size: 10pt; font-family: Arial, sans-serif;\">Yani ABD Yahudi Lobilerinin tezg\u00e2h\u0131 ve yerli ma\u015falar\u0131n katk\u0131s\u0131yla Erbakan\u2019\u0131n devrilmesini ve yerine AKP iktidar\u0131n\u0131n getirilmesini ve ad\u0131m ad\u0131m ertelenen Sevr\u2019in y\u00fcr\u00fct\u00fclmesini <i>\u201cT\u00fcrkiye\u2019ye demokrasinin yerle\u015fmesi\u201d<\/i> olarak g\u00f6steriyordu.<\/span><\/strong><\/p>\n<p style=\"margin-bottom: 0.0001pt; text-align: justify; text-indent: 14.2pt; line-height: normal;\"><strong><i><span style=\"font-family: Arial, sans-serif;\">\u201cT\u00fcrkiye par\u00e7alansa, devlet pa\u00e7avra olsa bile, yine de asker kar\u0131\u015fmas\u0131n\u201d<\/span><\/i><\/strong><strong><span style=\"font-size: 10pt; font-family: Arial, sans-serif;\"> demek, ahmakl\u0131ktan da \u00f6te bir al\u00e7akl\u0131\u011f\u0131 yans\u0131t\u0131yordu!<\/span><\/strong><\/p>\n<p style=\"margin-bottom: 0.0001pt; text-align: justify; text-indent: 14.2pt; line-height: normal;\"><strong><span style=\"font-size: 10pt; font-family: Arial, sans-serif;\">a) Bug\u00fcn T\u00fcrkiye\u2019mizde 10 parti, 10 mezhep, 10 me\u015frep, 10 k\u00f6ken kayna\u015f\u0131p birle\u015fmi\u015ftir, ama hepsi tek M\u0130LLET\u2019tir.<\/span><\/strong><\/p>\n<p style=\"margin-bottom: 0.0001pt; text-align: justify; text-indent: 14.2pt; line-height: normal;\"><strong><span style=\"font-size: 10pt; font-family: Arial, sans-serif;\">b) Ordu da i\u015fte bu milletin bir kesimidir, yani kendisidir.<\/span><\/strong><\/p>\n<p style=\"margin-bottom: 0.0001pt; text-align: justify; text-indent: 14.2pt; line-height: normal;\"><strong><span style=\"font-size: 10pt; font-family: Arial, sans-serif;\">c) Adam \u00f6ld\u00fcrmek en b\u00fcy\u00fck vebaldir, cinayettir, bir insan\u0131 haks\u0131z yere katletmek, b\u00fct\u00fcn insanl\u0131\u011f\u0131 \u00f6ld\u00fcrmek gibidir. Ama \u00e7ok istisnai ve zaruri durumlarda idam cezas\u0131 da verilebilir ve sald\u0131rgan d\u00fc\u015fmanlar\u0131 veya ter\u00f6rist isyanc\u0131lar\u0131 bertaraf etmek gerekebilir.<\/span><\/strong><\/p>\n<p style=\"margin-bottom: 0.0001pt; text-align: justify; text-indent: 14.2pt; line-height: normal;\"><strong><span style=\"font-size: 10pt; font-family: Arial, sans-serif;\">\u015eimdi soral\u0131m:<\/span><\/strong><\/p>\n<p style=\"margin-bottom: 0.0001pt; text-align: justify; text-indent: 14.2pt; line-height: normal;\"><strong><span style=\"font-size: 10pt; font-family: Arial, sans-serif;\">1- Asker de bu milletin bir kesimi oldu\u011funa g\u00f6re; \u00fclke b\u00f6l\u00fcnmeye giderse, milli birlik ve dirlik tehlikeye d\u00fc\u015ferse, devlet ve d\u00fczen dejenere edilirse ve sivil y\u00f6netim ve yetkililer de:<\/span><\/strong><\/p>\n<p style=\"margin-bottom: 0.0001pt; text-align: justify; text-indent: 14.2pt; line-height: normal;\"><strong><span style=\"font-size: 10pt; font-family: Batang, serif;\">\u2022<\/span><\/strong><strong><span style=\"font-size: 10pt; font-family: Arial, sans-serif;\">&nbsp;&nbsp; Ya acziyet ve zafiyetinden<\/span><\/strong><\/p>\n<p style=\"margin-bottom: 0.0001pt; text-align: justify; text-indent: 14.2pt; line-height: normal;\"><strong><span style=\"font-size: 10pt; font-family: Batang, serif;\">\u2022<\/span><\/strong><strong><span style=\"font-size: 10pt; font-family: Arial, sans-serif;\">&nbsp;&nbsp; Ya h\u0131yanet ve i\u015fbirli\u011finden<\/span><\/strong><\/p>\n<p style=\"margin-bottom: 0.0001pt; text-align: justify; text-indent: 14.2pt; line-height: normal;\"><strong><span style=\"font-size: 10pt; font-family: Arial, sans-serif;\">Dolay\u0131, ciddi ve tehlikeyi giderici tedbirleri geciktirirse;<\/span><\/strong><\/p>\n<p style=\"margin-bottom: 0.0001pt; text-align: justify; text-indent: 14.2pt; line-height: normal;\"><strong><span style=\"font-size: 10pt; font-family: Arial, sans-serif;\">O zaman hala <i>\u201cOrdu m\u00fcdahaleye kalk\u0131\u015fmas\u0131n, gerekirse demokrasi hat\u0131r\u0131na \u00fclke par\u00e7alans\u0131n\u201d <\/i>denilebilir mi? <\/span><\/strong><\/p>\n<p style=\"margin-bottom: 0.0001pt; text-align: justify; text-indent: 14.2pt; line-height: normal;\"><strong><span style=\"font-size: 10pt; font-family: Arial, sans-serif;\">2- D\u0131\u015f g\u00fc\u00e7ler ve i\u015fbirlik\u00e7i hain \u00e7evreler \u2013\u015fimdiki gibi K\u00fcrt-T\u00fcrk d\u00fc\u015fmanl\u0131\u011f\u0131- ge\u00e7mi\u015fteki gibi Alevi-S\u00fcnni kampla\u015fmas\u0131, sa\u011fc\u0131-solcu kap\u0131\u015fmas\u0131, dindar-laik kutupla\u015fmas\u0131 ba\u015flat\u0131p bir i\u00e7 sava\u015f \u00e7\u0131kar\u0131rsa, buna ra\u011fmen demokrasi hat\u0131r\u0131na, yine de \u201cOrdu bu i\u015fe bula\u015fmas\u0131n, gerekirse millet y\u0131llarca birbirini bo\u011fazlas\u0131n; can, mal ve namus emniyeti, din ve d\u00fc\u015f\u00fcnce h\u00fcrriyeti ayaklar alt\u0131na al\u0131ns\u0131n\u201d denilebilir mi?<\/span><\/strong><\/p>\n<p style=\"margin-bottom: 0.0001pt; text-align: justify; text-indent: 14.2pt; line-height: normal;\"><strong><span style=\"font-size: 10pt; font-family: Arial, sans-serif;\">3- 31 Mart isyan\u0131 ne kadar haks\u0131z ve ahlaks\u0131z ise; 19 May\u0131s ve sonras\u0131 Kurtulu\u015f sava\u015f\u0131 k\u0131yam\u0131 da o denli laz\u0131m ve \u015fanl\u0131 de\u011fil miydi?<\/span><\/strong><\/p>\n<p style=\"margin-bottom: 0.0001pt; text-align: justify; text-indent: 14.2pt; line-height: normal;\"><span style=\"font-size: 10pt; font-family: 'Arial Black', sans-serif;\">Gezi k\u0131\u015fk\u0131rtmalar\u0131 ve Erdo\u011fan\u2019\u0131n palavralar\u0131!<\/span><\/p>\n<p style=\"margin-bottom: 0.0001pt; text-align: justify; text-indent: 14.2pt; line-height: normal;\"><strong><span style=\"font-size: 10pt; font-family: Arial, sans-serif;\">Ba\u015fbakan yard\u0131mc\u0131s\u0131 B\u00fclent Ar\u0131n\u00e7, Fetullah G\u00fclen a\u011fz\u0131yla bar\u0131\u015f\u00e7\u0131l mesajlar verip \u00f6z\u00fcr diliyor, Belediye Ba\u015fkan\u0131 Kadir Topba\u015f Taksim projelerini ask\u0131ya ald\u0131klar\u0131n\u0131 a\u00e7\u0131kl\u0131yor, \u0130stanbul Valisi eylemci gen\u00e7lere s\u0131cak sevgiler sunuyor; ama Sn. Ba\u015fbakan hala Mitinglerde kutupla\u015ft\u0131r\u0131c\u0131 ve k\u0131\u015fk\u0131rt\u0131c\u0131 bir dil kullan\u0131yordu. Acaba iktidar kurmaylar\u0131 kendi aralar\u0131nda <i>\u201cBa\u015fbakan\u0131m\u0131z havas\u0131n\u0131 ats\u0131n, biz de toplumun gaz\u0131n\u0131 al\u0131p dengeyi sa\u011flayal\u0131m\u201d<\/i> diye dan\u0131\u015f\u0131kl\u0131 bir d\u00f6v\u00fc\u015f m\u00fc sergiliyordu, yoksa art\u0131k kimse kimseyi takm\u0131yor, herkes bildi\u011fini okuyor ve Erdo\u011fan yaln\u0131zl\u0131\u011fa m\u0131 itiliyordu?<\/span><\/strong><\/p>\n<p style=\"margin-bottom: 0.0001pt; text-align: justify; text-indent: 14.2pt; line-height: normal;\"><strong><span style=\"font-size: 10pt; font-family: Arial, sans-serif;\">Veya d\u0131\u015f g\u00fc\u00e7ler ve faiz lobileri:<\/span><\/strong><\/p>\n<p style=\"margin-bottom: 0.0001pt; text-align: justify; text-indent: 14.2pt; line-height: normal;\"><strong><span style=\"font-size: 10pt; font-family: Arial, sans-serif;\">Sn. Recep T. Erdo\u011fan Taksim\u2019de ba\u015flat\u0131lan ve k\u0131sa zamanda b\u00fct\u00fcn illerde yayg\u0131nla\u015ft\u0131r\u0131lan protesto ve propagandalar\u0131n \u201cKendisini parlatan ve yeterince yararlan\u0131p y\u0131pratan odaklarca art\u0131k g\u00f6zden \u00e7\u0131kar\u0131ld\u0131\u011f\u0131\u201d mesaj\u0131 da ta\u015f\u0131d\u0131\u011f\u0131n\u0131 anlay\u0131nca iyice huysuzla\u015f\u0131yor ve \u201carkamda %50 oyum var\u201d kozuyla \u015fantaj yapmaya ba\u015fl\u0131yordu. Bu tavr\u0131yla halk\u0131 iyice kutupla\u015ft\u0131r\u0131p birbirine kar\u015f\u0131 k\u0131\u015fk\u0131rtt\u0131\u011f\u0131n\u0131 ve malum odaklar\u0131n i\u015fini kolayla\u015ft\u0131rd\u0131\u011f\u0131n\u0131 bile fark etmiyordu. Cumhuriyet h\u00fck\u00fcmetlerinden hi\u00e7 birinin sa\u011flamad\u0131\u011f\u0131 vurgun ve soygun f\u0131rsatlar\u0131n\u0131 sundu\u011fu faiz lobisine g\u00f6zda\u011f\u0131 vermeye kalk\u0131\u015f\u0131yor, Ko\u00e7 \u00dcniversitesinin Sar\u0131yer\u2019deki orman katliam\u0131n\u0131 hat\u0131rlat\u0131p hava at\u0131yordu. Bu olayda bile ger\u00e7ekleri \u00e7arp\u0131t\u0131yor, \u015fecaat arz ederken \u015farlatanl\u0131\u011f\u0131n\u0131 yans\u0131t\u0131yordu. Olay\u0131n asl\u0131 \u015f\u00f6yle geli\u015fiyordu:<\/span><\/strong><\/p>\n<p style=\"margin-bottom: 0.0001pt; text-align: justify; text-indent: 14.2pt; line-height: normal;\"><span style=\"font-size: 9pt; font-family: Arial, sans-serif;\">Rahmi Ko\u00e7 \u00dcniversite kuraca\u011f\u0131z diye Sar\u0131yer\u2019deki binlerce d\u00f6n\u00fcml\u00fck orman\u0131 tahrip etme konusunda, d\u00f6nemin \u0130stanbul Belediye Ba\u015fkan\u0131 Recep Tayyip Erdo\u011fan\u2019la gizlice anla\u015ft\u0131klar\u0131 konu\u015fuluyordu. Hatta Belediye Enc\u00fcmeninde bizzat evet oyu veriyordu. Bu durumu haber alan rahmetli Erbakan Hoca hemen devreye giriyor ve Recep Beyi uyar\u0131p ilgili ve yetkili birimleri dikkatli olmalar\u0131 konusunda teyakkuza ge\u00e7iriyordu. Recep bey Rahmi Ko\u00e7\u2019a <strong><i>\u201cBen raz\u0131y\u0131m amma Hoca engel oluyor, onu ikna etmeniz laz\u0131m\u201d<\/i><\/strong> deyince, Rahmi Ko\u00e7 Erbakan\u2019\u0131 telefonla ar\u0131yordu. Tam o esnada baz\u0131 te\u015fkilat mensuplar\u0131yla sohbet yapan Erbakan Hoca, bu faizci ve rantiyeci kesimin ger\u00e7ek ayar\u0131n\u0131 ve amac\u0131n\u0131 orada bulunanlara g\u00f6stermek i\u00e7in telefonun ahizesini a\u00e7\u0131yor, konu\u015fmalar\u0131 onlara da dinletiyordu. O d\u00f6nemde Ad\u0131yaman G\u00f6lba\u015f\u0131 Merkez \u0130l\u00e7e Ba\u015fkan\u0131 olan Adnan Uyar da bunlara \u015fahit oluyordu. Rahmi Ko\u00e7 Erbakan Hoca\u2019ya: <strong><i>\u201cSar\u0131yer ormanlar\u0131 i\u00e7inde kurulacak \u00dcniversiteye engel olmamas\u0131n\u0131, se\u00e7imden birinci parti \u00e7\u0131kmalar\u0131na ra\u011fmen iktidar f\u0131rsat\u0131 tan\u0131nmamas\u0131n\u0131n nedenlerini hesaba katmas\u0131n\u0131\u201d<\/i><\/strong> teklif ve tavsiye ediyor ve dolayl\u0131 teklif ve tehditler sunuyordu. Erbakan Hoca ise: <strong><i>\u201cBir k\u00f6yl\u00fc vatanda\u015f ormandan bir e\u015fek y\u00fck\u00fc odun kesse hemen hapse koyuldu\u011fu halde, y\u00fczlerce y\u0131lda yeti\u015fmi\u015f binlerce a\u011fac\u0131n arsa a\u00e7\u0131lmak \u00fczere kesilmesinin ne hukuken, ne vicdanen asla kabul edilmeyece\u011fini, \u00dcniversite yapmak i\u00e7in \u00e7ok daha m\u00fcnasip ve bo\u015f arazilerin de\u011ferlendirilmesi ve haz\u0131r orman\u0131 tahrip etmek de\u011fil, yeni a\u011fa\u00e7lar dikilip, \u00e7evreye \u00f6rnek olunmas\u0131 gerekti\u011fini\u201d<\/i><\/strong> s\u00f6yl\u00fcyor ve Rahmi Ko\u00e7\u2019a \u015funlar\u0131 hat\u0131rlat\u0131yordu: <strong><i>\u201cBizim as\u0131l derdimiz, ne pahas\u0131na olursa olsun iktidara gelmek de\u011fil, iktidar\u0131 \u00fclkenin ve milletin hizmetinde de\u011ferlendirmektir. Halk\u0131n al\u0131n terinin ve Milli servetin nas\u0131l talan edildi\u011fini g\u00f6sterip vatanda\u015f\u0131 bilgilendirmek ve pansuman tedbirler de\u011fil, k\u00f6kl\u00fc \u00e7\u00f6z\u00fcmlerimizdir\u201d<\/i><\/strong><\/span><\/p>\n<p style=\"margin-bottom: 0.0001pt; text-align: justify; text-indent: 14.2pt; line-height: normal;\"><span style=\"font-size: 9pt; font-family: Arial, sans-serif;\">B\u00fct\u00fcn bunlara ald\u0131rmayan Rahmi Ko\u00e7, b\u00fcy\u00fck bir orman tahribat\u0131yla \u00dcniversitesini kuruyor, sonunda a\u00e7\u0131lan mahkemeyi kaybetmesine ra\u011fmen, Kahraman Recep T. Erdo\u011fan <strong><i>\u201cEh madem binalar tamamland\u0131, art\u0131k burada yap\u0131lacak e\u011fitim ve \u00f6\u011fretim hat\u0131r\u0131na \u00dcniversiteyi y\u0131kmay\u0131p yerinde b\u0131rakal\u0131m\u201d<\/i><\/strong> karar\u0131n\u0131 al\u0131yordu. Yahu, tenha yerlere ve tepelere binalar kurup i\u00e7inde oturan vatanda\u015f\u0131n evlerini ba\u015flar\u0131na y\u0131karken, \u015fu Ko\u00e7\u2019un \u00dcniversitesine hangi kanun ve vicdanla g\u00f6z yumuyorsun? Diyen de maalesef \u00e7\u0131km\u0131yordu.<\/span><\/p>\n<p style=\"margin-bottom: 0.0001pt; text-align: justify; text-indent: 14.2pt; line-height: normal;\"><span style=\"font-size: 9pt; font-family: Arial, sans-serif;\">Sn. Ba\u015fbakan\u2019\u0131n bu \u00e7eli\u015fkili ve pi\u015fkin tavr\u0131 Libya sald\u0131r\u0131s\u0131nda da s\u0131r\u0131t\u0131yordu. Bir hafta \u00f6ncesinde: <strong><i>\u201cNATO askerlerinin ve Avrupa g\u00fc\u00e7lerinin Libya\u2019da ne i\u015fi var?\u201d<\/i><\/strong> Diye kar\u015f\u0131 \u00e7\u0131karken, birdenbire fikir de\u011fi\u015ftirip NATO ile birlikte Libya\u2019ya h\u00fccum eden, 80 bin insan\u0131n katline ve Libya\u2019n\u0131n tamamen tahribine sebebiyet veren Sn. Ba\u015fbakan, bir de kalk\u0131p: <strong><i>\u201cBiz arabam\u0131za koydu\u011fumuz her litre benzine, \u201cacaba masum bir Libyal\u0131n\u0131n kan\u0131 kar\u0131\u015fm\u0131\u015f m\u0131?\u201d diye vicdan azab\u0131 \u00e7ekeriz\u201d<\/i><\/strong> demekten s\u0131k\u0131lm\u0131yordu. Pi\u015fkinli\u011fin bu derecesini kahramanl\u0131k ve dindarl\u0131k sananlar\u0131n bu gaflet uykusundan uyanacaklar\u0131 zaman da yakla\u015f\u0131yordu.<\/span><\/p>\n<p style=\"margin-bottom: 0.0001pt; text-align: justify; text-indent: 14.2pt; line-height: normal;\"><span style=\"font-size: 10pt; font-family: 'Arial Black', sans-serif;\">Gazeteciler ve Yazarlar Vakf\u0131\u2019n\u0131n yarg\u0131 itiraf\u0131!<\/span><\/p>\n<p style=\"margin-bottom: 0.0001pt; text-align: justify; text-indent: 14.2pt; line-height: normal;\"><strong><i><span style=\"font-size: 10pt; font-family: Arial, sans-serif;\">&nbsp;\u201cKald\u0131 ki, son d\u00f6nemde medyada s\u0131kl\u0131kla yer alan baz\u0131 haber ve yaz\u0131lar sayesinde Hizmet\u2019e yak\u0131n oldu\u011fu iddia edilen yarg\u0131 mensuplar\u0131n\u0131n zaten tasfiye edildi\u011fi de kamuoyunun bilgisi d\u00e2hilindedir.\u201d <\/span><\/i><\/strong><\/p>\n<p style=\"margin-bottom: 0.0001pt; text-align: justify; text-indent: 14.2pt; line-height: normal;\"><span style=\"font-size: 10pt; font-family: Arial, sans-serif;\">S\u00f6zleri ise, itiraz g\u00f6r\u00fcn\u00fcml\u00fc bir itiraft\u0131r ve Cemaat su\u00e7\u00fcst\u00fc yakalanm\u0131\u015ft\u0131r.<\/span><\/p>\n<p style=\"margin-bottom: 0.0001pt; text-align: justify; text-indent: 14.2pt; line-height: normal;\"><span style=\"font-size: 10pt; font-family: Arial, sans-serif;\">a) <strong><i>\u201cHizmete yak\u0131n Yarg\u0131 mensuplar\u0131n\u0131n zaten tasfiye edildi\u011fi kamuoyunun bilgisi d\u00e2hilindedir\u201d<\/i><\/strong> ifadeleri, Cemaate yak\u0131n ve yatk\u0131n yarg\u0131 mensuplar\u0131n\u0131n\u2026 Cemaatle irtibatl\u0131 olan H\u00e2kim ve savc\u0131lar\u0131n varl\u0131\u011f\u0131n\u0131 itiraf ve ikrard\u0131r.<\/span><\/p>\n<p style=\"margin-bottom: 0.0001pt; text-align: justify; text-indent: 14.2pt; line-height: normal;\"><span style=\"font-size: 10pt; font-family: Arial, sans-serif;\">b) Demek ki Cemaat ile H\u00fck\u00fcmet kavgas\u0131 da ya\u015fanmakta ki, yukar\u0131daki itiraflara g\u00f6re, h\u00fck\u00fcmet Cemaat\u00e7i yarg\u0131 mensuplar\u0131n\u0131 tasfiye edip etkisiz b\u0131rakm\u0131\u015ft\u0131r.<\/span><\/p>\n<p style=\"margin-bottom: 0.0001pt; text-align: justify; text-indent: 14.2pt; line-height: normal;\"><span style=\"font-size: 10pt; font-family: Arial, sans-serif;\">c) Bu a\u00e7\u0131k ve net beyanlar \u201c\u015eecaat arz ederken sirkatini s\u00f6ylemek &#8211; yani kahramanl\u0131k taslarken h\u0131rs\u0131zl\u0131\u011f\u0131n\u0131 de\u015fifre etmek\u201d cinsinden bir ahmakl\u0131kt\u0131r ve tabi \u201cCemaat\u00e7i Yarg\u0131 mensuplar\u0131n\u0131n\u201d varl\u0131\u011f\u0131n\u0131n kuru bir iddia ve iftira de\u011fil ger\u00e7ek oldu\u011funun if\u015fas\u0131 ve ispat\u0131d\u0131r.<\/span><\/p>\n<p style=\"margin-bottom: 0.0001pt; text-align: justify; text-indent: 14.2pt; line-height: normal;\"><span style=\"font-size: 10pt; font-family: Arial, sans-serif;\">d) Bu noktada, as\u0131l sorun ve T\u00fcrkiye i\u00e7in acil durum; Bir savc\u0131 ve h\u00e2kimin hukuka, kanunlara ve vicdan\u0131na g\u00f6re de\u011fil de, herhangi bir cemaate, tarikata, partiye veya imtiyazl\u0131k kesime yak\u0131n olmas\u0131, dolay\u0131s\u0131yla bunlara kar\u015f\u0131 olanlara da pe\u015finen \u00f6nyarg\u0131l\u0131 bulunmas\u0131, hukuken yasak, vicdanen sakat ve ahlaken zaaft\u0131r ki, bu \u00fclkemizdeki adalet sisteminin iflas\u0131 anlam\u0131ndad\u0131r ve ba\u015f su\u00e7lusu da Cemaattir. Ve acaba Cemaatin, kendilerini himayesine alan ve Fetullah G\u00fclen\u2019ce s\u0131\u011f\u0131n\u0131lan ABD derin devleti (Yahudi Lobileri) ve k\u00fcresel fitne merkezleri sayesinde b\u00f6ylesine palazlan\u0131p \u015f\u0131mard\u0131\u011f\u0131\u201d yolundaki tart\u0131\u015fmalar b\u00f6ylece hakl\u0131l\u0131k m\u0131 kazanmaktad\u0131r?<\/span><\/p>\n<p style=\"margin-bottom: 0.0001pt; text-align: justify; text-indent: 14.2pt; line-height: normal;\"><strong><span style=\"font-size: 10pt; font-family: Arial, sans-serif;\">\u015eimdi soral\u0131m:<\/span><\/strong><\/p>\n<p style=\"margin-bottom: 0.0001pt; text-align: justify; text-indent: 14.2pt; line-height: normal;\"><strong><span style=\"font-size: 10pt; font-family: Batang, serif;\">\u2022<\/span><\/strong><strong><span style=\"font-size: 10pt; font-family: Arial, sans-serif;\">&nbsp;&nbsp; Hani yarg\u0131da, emniyet te\u015fkilat\u0131nda ve di\u011fer devlet kurumlar\u0131ndaki Cemaat yap\u0131lanmas\u0131 iftirayd\u0131?<\/span><\/strong><\/p>\n<p style=\"margin-bottom: 0.0001pt; text-align: justify; text-indent: 14.2pt; line-height: normal;\"><strong><span style=\"font-size: 10pt; font-family: Batang, serif;\">\u2022<\/span><\/strong><strong><span style=\"font-size: 10pt; font-family: Arial, sans-serif;\">&nbsp;&nbsp; Hani bu yap\u0131lanma nedeniyle, iktidar\u0131n kendi yetki alan\u0131n\u0131n daralt\u0131lmas\u0131na kar\u015f\u0131 \u00e7\u0131kmas\u0131 ve Fetullah\u00e7\u0131lar\u0131 tasfiye \u00e7abas\u0131 yaland\u0131?<\/span><\/strong><\/p>\n<p style=\"margin-bottom: 0.0001pt; text-align: justify; text-indent: 14.2pt; line-height: normal;\"><strong><span style=\"font-size: 10pt; font-family: Batang, serif;\">\u2022<\/span><\/strong><strong><span style=\"font-size: 10pt; font-family: Arial, sans-serif;\">&nbsp;&nbsp; Hani Cemaat, iktidar\u0131n yetki s\u0131n\u0131rlar\u0131na kar\u0131\u015fmaz ve tasarruflar\u0131ndan gocunmazd\u0131?<\/span><\/strong><\/p>\n<p style=\"margin-bottom: 0.0001pt; text-align: justify; text-indent: 14.2pt; line-height: normal;\"><strong><span style=\"font-size: 10pt; font-family: Batang, serif;\">\u2022<\/span><\/strong><strong><span style=\"font-size: 10pt; font-family: Arial, sans-serif;\">&nbsp;&nbsp; Hani Cemaatin siyasi hedefleri ve ABD ad\u0131na sisteme m\u00fcdahil olma gayretleri olamazd\u0131 ve bunlar kas\u0131tl\u0131 ve as\u0131ls\u0131z iddialard\u0131?<\/span><\/strong><\/p>\n<p style=\"margin-bottom: 0.0001pt; text-align: justify; text-indent: 14.2pt; line-height: normal;\"><strong><i><span style=\"font-size: 10pt; font-family: Arial, sans-serif;\">\u201cAlternatif iktidara giden yol, Pennsylvania\u2019dan (Fetullah Hoca\u2019dan) m\u0131 ge\u00e7iyor?\u201d <\/span><\/i><\/strong><span style=\"font-size: 10pt; font-family: Arial, sans-serif;\">diye soran, Sabataist Mehmet Barlas bile Sabah\u2019taki k\u00f6\u015fesinde:<\/span><\/p>\n<p style=\"margin-bottom: 0.0001pt; text-align: justify; text-indent: 14.2pt; line-height: normal;\"><strong><i><span style=\"font-size: 10pt; font-family: Arial, sans-serif;\">\u201c28 \u015eubat Darbesi s\u00fcrecinde bir m\u00fcddet Zaman\u2019da yazd\u0131\u011f\u0131n\u0131, ama (Mason) Mesut Y\u0131lmaz\u2019\u0131 ele\u015ftiren yaz\u0131lar\u0131n\u0131n Cemaat kurmaylar\u0131nca makasland\u0131\u011f\u0131n\u0131, o d\u00f6nemde Mesut Y\u0131lmaz\u2019a g\u00f6sterilen muhabbet ve ho\u015fg\u00f6r\u00fcn\u00fcn, bug\u00fcn Erdo\u011fan\u2019dan esirgenmesini bir t\u00fcrl\u00fc anlayamad\u0131\u011f\u0131n\u0131\u201d<\/span><\/i><\/strong><span style=\"font-size: 10pt; font-family: Arial, sans-serif;\"> yazmaktad\u0131r. Oysa Sn. Barlas Cemaatin de H\u00fck\u00fcmetin de, Siyonistlerin ve Sabataistlerin g\u00fcd\u00fcm\u00fcnde olduklar\u0131n\u0131 ve k\u00fcresel tahterevallide y\u00f6resel denge rol\u00fc oynad\u0131klar\u0131n\u0131 herkesten daha iyi bilmesi laz\u0131md\u0131.<\/span><\/p>\n<p style=\"margin-bottom: 0.0001pt; text-align: justify; text-indent: 14.2pt; line-height: normal;\"><span style=\"font-size: 10pt; font-family: Arial, sans-serif;\">AKP ve Cemaat gibi gafleti uzun olanlar\u0131n devleti k\u0131sa, ak\u0131beti h\u00fcz\u00fcn olacakt\u0131r. M\u0131s\u0131r\u2019da <strong><i>\u201cdinciler devrildi, dinsizler sivrildi\u201d <\/i><\/strong>diye bayram edip korkun\u00e7 katliamlar\u0131 me\u015fru sayan ve her f\u0131rsatta \u0130slam\u2019a kin kusan ulusalc\u0131 solcular\u0131n ve Pakradun (Yahudilikten Ermenili\u011fe, oradan da Darwinist sosyalistli\u011fe ge\u00e7en) Devrimbazlar\u0131n din istismarc\u0131s\u0131 \u0131l\u0131ml\u0131 \u0130slamc\u0131lardan ne fark\u0131 vard\u0131r? Emperyalist Amerika ve Avrupa\u2019n\u0131n tezg\u00e2hlay\u0131p arka \u00e7\u0131kt\u0131\u011f\u0131 M\u0131s\u0131r darbecilerine alk\u0131\u015f tutan ulusalc\u0131lar\u0131n bu sahtek\u00e2rl\u0131\u011f\u0131 s\u0131r\u0131tmakta ve boyal\u0131 maskeleri y\u00fczs\u00fcz y\u00fczlerinden akmaktad\u0131r.<\/span><\/p>\n<p style=\"margin-bottom: 0.0001pt; text-align: justify; text-indent: 14.2pt; line-height: normal;\"><span style=\"font-size: 10pt; font-family: 'Arial Black', sans-serif;\">Ekrem Dumanl\u0131\u2019n\u0131n ayar\u0131 ve uyar\u0131lar\u0131!<\/span><\/p>\n<p style=\"margin-bottom: 0.0001pt; text-align: justify; text-indent: 14.2pt; line-height: normal;\"><i><span style=\"font-size: 9pt; font-family: Arial, sans-serif;\">\u201cTer\u00f6r \u00f6rg\u00fct\u00fc liderleri, PKK\u2019n\u0131n d\u00fczenli orduya ge\u00e7i\u015fini, yeniden yap\u0131lanma i\u00e7inde olduklar\u0131n\u0131 balland\u0131ra balland\u0131ra anlat\u0131yor, gazeteler de bunlara yer veriyor. E hani silah b\u0131rakacaklard\u0131, hani \u201csilahs\u0131z \u00e7\u00f6z\u00fcm\u201d \u00fczerine uzla\u015f\u0131lm\u0131\u015ft\u0131? \u00c7\u00f6z\u00fcm s\u00fcreci ad\u0131na devlet cephesi bu kadar iyi niyetli iken \u00f6rg\u00fct ne yapmaya \u00e7al\u0131\u015f\u0131yor? Anlayan var m\u0131? \u201c\u00c7\u00f6z\u00fcm s\u00fcrecine\u201d iman derecesinde sahip \u00e7\u0131kan ve en k\u00fc\u00e7\u00fck kayg\u0131y\u0131 h\u0131yanet gibi g\u00f6renlerin bu durumu a\u00e7\u0131klamas\u0131 gerekmiyor mu?<\/span><\/i><\/p>\n<p style=\"margin-bottom: 0.0001pt; text-align: justify; text-indent: 14.2pt; line-height: normal;\"><i><span style=\"font-size: 9pt; font-family: Arial, sans-serif;\">M\u0131s\u0131r\u2019da ya\u015fanan korkun\u00e7 hadiseler \u00f6fke patlamalar\u0131na yol a\u00e7\u0131yor. Bat\u0131\u2019n\u0131n sessizli\u011fi, baz\u0131 \u0130slam \u00fclkelerinin deste\u011fi vs. Bu arada \u0130slam \u0130\u015fbirli\u011fi Te\u015fkilat\u0131\u2019na (dolay\u0131s\u0131yla genel sekreteri Ekmeleddin \u0130hsano\u011flu\u2019na) kar\u015f\u0131 a\u011f\u0131r laflar s\u00f6yleniyor. Sanki Ekmeleddin Bey de\u011fil de bir ba\u015fkas\u0131 bu g\u00f6revde olsayd\u0131 Te\u015fkilat sorunlar\u0131 \u00e7\u00f6zecekmi\u015f gibi yapmak yanl\u0131\u015f.\u201d<a title=\"\" name=\"_ftnref2\" href=\"file:\/\/\/C:\/Users\/uefe_000\/AppData\/Local\/Temp\/Rar$DIa0.674\/125%20-%20SAYI%20%20%C4%B0%C3%87%C4%B0NDEK%C4%B0LER%20-%20Abdullah%20-%20OSMAN%20%20-%20NA%C4%B0L%20-%2020.01.2014%20RAMAZANA.doc#_ftn2\"><sup><strong><sup><span style=\"font-size: 9pt; line-height: 115%;\">[2]<\/span><\/sup><\/strong><\/sup><\/a> <\/span><\/i><\/p>\n<p style=\"margin-bottom: 0.0001pt; text-align: justify; text-indent: 14.2pt; line-height: normal;\"><strong><span style=\"font-size: 10pt; font-family: Arial, sans-serif;\">\u201cSiyonizm\u2019in; \u00d6calan\u2019la da, Erdo\u011fan\u2019la da i\u015fi tamamlanm\u0131\u015ft\u0131!\u201d<\/span><\/strong><\/p>\n<p style=\"margin-bottom: 0.0001pt; text-align: justify; text-indent: 14.2pt; line-height: normal;\"><strong><span style=\"font-size: 9pt; font-family: Arial, sans-serif;\">Haftalar ve aylar \u00f6ncesinden, Milli \u00c7\u00f6z\u00fcm Dergisi\u2019nin hem yaz\u0131lar\u0131nda hem de konferanslar\u0131nda \u0131srarla hat\u0131rlatt\u0131\u011f\u0131:<\/span><\/strong><strong><span style=\"font-size: 10pt; font-family: Arial, sans-serif;\"> <i>\u201cPKK\u2019n\u0131n, s\u00f6zde K\u00fcrdistan\u2019\u0131n \u201c\u00f6z savunma g\u00fcc\u00fc\u201d olarak yeniden yap\u0131land\u0131r\u0131ld\u0131\u011f\u0131, t\u00fcm G\u00fcneydo\u011fu\u2019nun yeni Afganistan\u2019a \u00e7evrildi\u011fi ve uyu\u015fturucu tarlalar\u0131n\u0131n h\u0131zla yayg\u0131nla\u015ft\u0131r\u0131ld\u0131\u011f\u0131\u201d \u015feklindeki uyar\u0131lar\u0131n\u0131, \u201cAKP\u2019nin \u00e7\u00f6z\u00fcm s\u00fcrecini karalama giri\u015fimleri ve Ahmet Akg\u00fcl\u2019\u00fcn komplo teorileri\u201d<\/i> <\/span><\/strong><strong><span style=\"font-size: 9pt; font-family: Arial, sans-serif;\">olarak yorumlayanlar\u0131n, \u015e\u0131rnak-Cizre\u2019deki PKK \u00e7apulcular\u0131n\u0131n resmige\u00e7it t\u00f6reniyle ve Lice\u2019deki karakol bask\u0131n\u0131yla birden bire g\u00f6zleri a\u00e7\u0131l\u0131yordu.<\/span><\/strong><strong><span style=\"font-size: 10pt; font-family: Arial, sans-serif;\"> Ve hele AKP\u2019nin ve Recep Bey\u2019in sayesinde ve gaflet siyasetiyle Suriye\u2019nin kuzeyinde g\u00fc\u00e7lenen ve \u00f6zerklik ilan eden PYD\u2019nin (Suriye PKK\u2019s\u0131) Esad muhalifi El Nusra ile \u00e7arp\u0131\u015f\u0131p sonunda T\u00fcrkiye s\u0131n\u0131r b\u00f6lgesindeki b\u00fct\u00fcn karakollar\u0131 ele ge\u00e7irmesi herkesi \u015fa\u015fk\u0131nl\u0131\u011fa u\u011frat\u0131yordu.<\/span><\/strong><\/p>\n<p style=\"margin-bottom: 0.0001pt; text-align: justify; text-indent: 14.2pt; line-height: normal;\"><strong><span style=\"font-size: 10pt; font-family: Arial, sans-serif;\">PKK&#8217;n\u0131n G\u00fcneydo\u011fu\u2019da, \u00f6zellikle de k\u0131rsalda b\u00f6lgesel kolluk kuvveti gibi davranmaya ba\u015flad\u0131\u011f\u0131na dair haberleri epeydir al\u0131n\u0131yordu. Kendilerine \u201c\u00d6z Savunma G\u00fcc\u00fc\u201d ad\u0131n\u0131 veren baz\u0131lar\u0131n\u0131n yol kesip kimlik kontrol\u00fc yapt\u0131klar\u0131n\u0131, piknikte e\u011flenen baz\u0131 gen\u00e7leri sorgulamaya kalkt\u0131klar\u0131n\u0131, hatta d\u00f6v\u00fcp arabalar\u0131n\u0131 yakt\u0131klar\u0131n\u0131, ormana giden k\u00f6yl\u00fclerin \u00f6n\u00fcn\u00fc kesip a\u011fa\u00e7 kesme izninin bundan b\u00f6yle PKK\u2019dan al\u0131naca\u011f\u0131n\u0131 hat\u0131rlatt\u0131klar\u0131n\u0131 daha \u00f6nce de duymu\u015ftuk. Cizre olay\u0131 yeni bir sinyal oldu. Anla\u015f\u0131lan o ki, baz\u0131lar\u0131 silahlar\u0131n b\u0131rak\u0131l\u0131p demokratik siyasete ge\u00e7ilmesini, K\u00fcrt b\u00f6lgesinin PKK&#8217;n\u0131n (ya da PKK art\u0131klar\u0131n\u0131n) h\u00e2kimiyet alan\u0131 haline gelmesi; ad\u0131 konulmam\u0131\u015f bir &#8220;kurtar\u0131lm\u0131\u015f b\u00f6lge&#8221; yaratma f\u0131rsat\u0131 olarak anl\u0131yordu. Normalle\u015fme sa\u011fland\u0131ktan sonra da, PKK&#8217;n\u0131n b\u00f6lgedeki prestijinden (ve ayn\u0131 zamanda y\u0131llar y\u0131l\u0131 yaratt\u0131\u011f\u0131 korku ve panikten) yararlanarak \u00f6zerk bir konum elde edebileceklerini sananlar fiilen harekete ge\u00e7iyordu\u201d<\/span><\/strong><span style=\"font-size: 9pt; font-family: Arial, sans-serif;\"> tespitleri ger\u00e7e\u011fi yans\u0131t\u0131yordu.<\/span><\/p>\n<p style=\"margin-bottom: 0.0001pt; text-align: justify; text-indent: 14.2pt; line-height: normal;\"><span style=\"font-size: 10pt; font-family: 'Arial Black', sans-serif;\">GKB Sn. Necdet \u00d6zel&#8217;e anlaml\u0131 bir mektup yaz\u0131l\u0131yordu!<\/span><\/p>\n<p style=\"margin-bottom: 0.0001pt; text-align: justify; text-indent: 14.2pt; line-height: normal;\"><strong><i><span style=\"font-size: 9pt; font-family: Arial, sans-serif;\">Emekli \u00d6\u011f. Kd. Alb. Candan Y\u0131ld\u0131zhan, Genelkurmay Ba\u015fkan\u0131 Orgeneral Necdet \u00d6zel\u2019e bir mektup yaz\u0131yor bir suretini de Arslan Bulut\u2019a g\u00f6nderiyordu: <\/span><\/i><\/strong><\/p>\n<p style=\"margin-bottom: 0.0001pt; text-align: justify; text-indent: 14.2pt; line-height: normal;\"><strong><i><span style=\"font-size: 9pt; font-family: Arial, sans-serif;\">\u201cSay\u0131n \u2018\u00d6zel\u2019 Orgeneralim;<\/span><\/i><\/strong><\/p>\n<p style=\"margin-bottom: 0.0001pt; text-align: justify; text-indent: 14.2pt; line-height: normal;\"><strong><span style=\"font-size: 10pt; font-family: Batang, serif;\">\u2022<\/span><\/strong><strong><i><span style=\"font-size: 9pt; font-family: Arial, sans-serif;\">&nbsp;&nbsp; \u00dclkemizin ve milletimizin b\u00f6l\u00fcnmez b\u00fct\u00fcnl\u00fc\u011f\u00fcne kast i\u00e7inde oldu\u011fu her eylemi ve beyan\u0131 ile a\u00e7\u0131k olan ter\u00f6r \u00f6rg\u00fct\u00fc taraf\u0131ndan 20 Haziran 2013 tarihinde Hakk\u00e2ri ili Y\u00fcksekova il\u00e7esi \u0130kiyaka Da\u011flar\u0131\u2019ndan Asayi\u015f Kolordu Komutan\u0131n\u0131z\u0131n da i\u00e7inde haz\u0131r bulundu\u011fu komuta kontrol helikopterine ate\u015f a\u00e7\u0131lm\u0131\u015ft\u0131r. Ancak makam\u0131n\u0131zca bu durum kar\u015f\u0131s\u0131nda kamuoyuna sadece; \u2018ka\u00e7\u0131nma manevras\u0131 yap\u0131larak ate\u015f b\u00f6lgesinden s\u00fcratle uzakla\u015f\u0131ld\u0131\u011f\u0131\u2019 \u015feklinde bir a\u00e7\u0131klama ile yetinilmi\u015f ve adeta ter\u00f6ristlerden ka\u00e7\u0131ld\u0131\u011f\u0131 beyan edilmi\u015ftir. Makam\u0131n\u0131zca b\u00f6l\u00fcc\u00fc ter\u00f6ristlere y\u00f6nelik me\u015fru m\u00fcdafaa hakk\u0131n\u0131 kullanacak bir irade ve kararl\u0131l\u0131k sergilenememi\u015ftir.<\/span><\/i><\/strong><\/p>\n<p style=\"margin-bottom: 0.0001pt; text-align: justify; text-indent: 14.2pt; line-height: normal;\"><strong><span style=\"font-size: 10pt; font-family: Batang, serif;\">\u2022<\/span><\/strong><strong><i><span style=\"font-size: 9pt; font-family: Arial, sans-serif;\">&nbsp;&nbsp; Kamuoyu, mevcut iktidar\u0131n icraatlar\u0131na y\u00f6nelik demokratik (g\u00f6r\u00fcn\u00fcml\u00fc kaotik N.G.) eylemler ve bunlara y\u00f6nelik h\u00fck\u00fcmetin sergiledi\u011fi hukuk d\u0131\u015f\u0131 tepkilerle me\u015fgul olurken; b\u00f6l\u00fcc\u00fc ter\u00f6r \u00f6rg\u00fct\u00fc ve uzant\u0131s\u0131 olu\u015fumlarca G\u00fcneydo\u011fu Anadolu B\u00f6lgesi \u2018Kuzey K\u00fcrdistan\u2019 olarak ilan edilmi\u015ftir. Bu do\u011frultuda Diyarbak\u0131r\u2019da \u2018Kuzey K\u00fcrdistan Birlik ve \u00c7\u00f6z\u00fcm Konferans\u0131\u2019 ad\u0131 alt\u0131nda d\u00fczenlenen konferansa ve bu konferansta al\u0131nan b\u00f6l\u00fcnme kararlar\u0131na makam\u0131n\u0131zca k\u00f6r ve dilsiz kal\u0131nmak suretiyle bir anlamda onay verilmi\u015ftir.<\/span><\/i><\/strong><\/p>\n<p style=\"margin-bottom: 0.0001pt; text-align: justify; text-indent: 14.2pt; line-height: normal;\"><strong><span style=\"font-size: 10pt; font-family: Batang, serif;\">\u2022<\/span><\/strong><strong><i><span style=\"font-size: 9pt; font-family: Arial, sans-serif;\">&nbsp;&nbsp; \u015e\u0131rnak\u2019\u0131n Cizre il\u00e7esinde b\u00f6l\u00fcc\u00fc ter\u00f6ristlerce \u2018Yurtsever Devrimci Gen\u00e7lik Hareketi\u2019 ad\u0131 alt\u0131nda s\u00f6zde \u2019asayi\u015f\u2019 birimleri olu\u015fturulmas\u0131na; yol kesip, kimlik kontrol\u00fc yapmalar\u0131na kay\u0131ts\u0131z kalmak suretiyle, b\u00f6l\u00fcnmeyi realize ve sembolize eden bu giri\u015fimlere makam\u0131n\u0131zca <\/span><\/i><\/strong><strong><i><span style=\"font-size: 10pt; font-family: Arial, sans-serif;\">daha etkin tedbirler beklenmektedir.\u201d<\/span><\/i><\/strong><a title=\"\" name=\"_ftnref3\" href=\"file:\/\/\/C:\/Users\/uefe_000\/AppData\/Local\/Temp\/Rar$DIa0.674\/125%20-%20SAYI%20%20%C4%B0%C3%87%C4%B0NDEK%C4%B0LER%20-%20Abdullah%20-%20OSMAN%20%20-%20NA%C4%B0L%20-%2020.01.2014%20RAMAZANA.doc#_ftn3\"><strong><i><sup><span style=\"font-size: 9pt; font-family: Arial, sans-serif;\"><strong><sup><span style=\"font-size: 9pt; line-height: 115%;\">[3]<\/span><\/sup><\/strong><\/span><\/sup><\/i><\/strong><\/a><\/p>\n<p style=\"margin-bottom: 0.0001pt; text-align: justify; text-indent: 14.2pt; line-height: normal;\"><span style=\"font-size: 9pt; font-family: Arial, sans-serif;\">Erdo\u011fan\u2019\u0131n a\u00e7\u0131l\u0131m safsatas\u0131na me\u015fruiyet kazand\u0131rmak i\u00e7in \u201cErbakan\u2019\u0131n da Apo ile g\u00f6r\u00fc\u015fmeler yapt\u0131\u011f\u0131\u201d iddialar\u0131 tam bir sahtek\u00e2rl\u0131kt\u0131. KCK E\u015fba\u015fkan\u0131 Cemil Bay\u0131k a\u011fz\u0131yla bu t\u00fcr yalanlar yay\u0131l\u0131yordu. B\u00f6ylece eli kanl\u0131 ter\u00f6rist ba\u015flar\u0131n\u0131n s\u00f6zleri tarihi kan\u0131t ve hukuki tan\u0131k muamelesi g\u00f6r\u00fcyordu!<\/span><\/p>\n<p style=\"margin-bottom: 0.0001pt; text-align: justify; text-indent: 14.2pt; line-height: normal;\"><span style=\"font-size: 10pt; font-family: 'Arial Black', sans-serif;\">\u0130smail Nacar\u2019\u0131n Sapla Saman\u0131 Kar\u0131\u015ft\u0131rmas\u0131 ve Ger\u00e7e\u011fi Sapt\u0131rmas\u0131:<\/span><\/p>\n<p style=\"margin-bottom: 0.0001pt; text-align: justify; text-indent: 14.2pt; line-height: normal;\"><span style=\"font-size: 9pt; font-family: Arial, sans-serif;\">Bir zamanlar koyu \u00fclk\u00fcc\u00fc olan ve Gladyonun gizli g\u00fcd\u00fcm\u00fcnde oldu\u011fu sonradan anla\u015f\u0131lan \u201cMilliyet\u00e7i komando\u201d te\u015fkilat\u0131n\u0131 kuran; \u00fcniversite tarih b\u00f6l\u00fcm\u00fcnde okumu\u015f, ama \u0130slami konulara da ilgi duymu\u015f birisi olan; hakl\u0131 oldu\u011fu yanlar\u0131 bulunsa da, tasavvuf ve tarikat ger\u00e7e\u011fine k\u00f6kten d\u00fc\u015fmanl\u0131\u011f\u0131n\u0131n alt\u0131nda Malatya\u2019da ya\u015fay\u0131p \u00f6len rahmetli Sait \u00c7ekmegil\u2019in etkisi s\u0131r\u0131tan; ve baz\u0131 merkezlerin kendisine bilgi s\u0131zd\u0131r\u0131p \u201creklam ajans\u0131\u201d gibi kulland\u0131klar\u0131 anla\u015f\u0131lan; \u00e7ok s\u0131\u011f ve s\u0131n\u0131rl\u0131 dini bilgisine ra\u011fmen, \u00e2limlik ve bilgi\u00e7lik havas\u0131 atan \u0130SMA\u0130L NACAR, bir TV kanal\u0131na \u00e7\u0131kar\u0131l\u0131p (Fatih Altayl\u0131\u2019ya) \u015funlar\u0131 s\u00f6yl\u00fcyordu:<\/span><\/p>\n<p style=\"margin-bottom: 0.0001pt; text-align: justify; text-indent: 14.2pt; line-height: normal;\"><i><span style=\"font-size: 9pt; font-family: Arial, sans-serif;\">\u201cSa\u011f veya sol, her iktidar ABD\u2019ye yaranmak ve yaslanmak ihtiyac\u0131n\u0131 duymu\u015ftu. Ama Erbakan\u2019da bu yoktu\u2026\u201d<\/span><\/i><span style=\"font-size: 9pt; font-family: Arial, sans-serif;\"> (Zaten bu milli, haysiyetli ve cesaretli tavr\u0131 y\u00fcz\u00fcnden hedef tahtas\u0131na konmu\u015ftu.)<\/span><\/p>\n<p style=\"margin-bottom: 0.0001pt; text-align: justify; text-indent: 14.2pt; line-height: normal;\"><i><span style=\"font-size: 9pt; font-family: Arial, sans-serif;\">\u201cPKK\u2019y\u0131 tasfiyeye ABD\u2019nin karar verdi\u011fi anla\u015f\u0131l\u0131yordu. Ve bu konuda AKP\u2019ye destek veriyordu.\u201d<\/span><\/i><span style=\"font-size: 9pt; font-family: Arial, sans-serif;\"> (Do\u011fru, \u00e7\u00fcnk\u00fc PKK siyasalla\u015ft\u0131r\u0131l\u0131p, kandilden Meclise ta\u015f\u0131n\u0131yordu. Ve 2. \u0130srail olacak B\u00fcy\u00fck K\u00fcrdistan projesinde, BOP E\u015f ba\u015fkan\u0131 olarak Recep Bey ve ekibi, ta\u015feron olarak kullan\u0131l\u0131yordu)<\/span><\/p>\n<p style=\"margin-bottom: 0.0001pt; text-align: justify; text-indent: 14.2pt; line-height: normal;\"><span style=\"font-size: 9pt; font-family: Arial, sans-serif;\">Ve \u0130smail Nacar:<\/span><\/p>\n<p style=\"margin-bottom: 0.0001pt; text-align: justify; text-indent: 14.2pt; line-height: normal;\"><i><span style=\"font-size: 9pt; font-family: Arial, sans-serif;\">\u201cAKP \u00e7ok ak\u0131ll\u0131 bir d\u0131\u015f politika izliyor, i\u00e7te ve d\u0131\u015fta hayranl\u0131k kazan\u0131yor\u201d<\/span><\/i><span style=\"font-size: 9pt; font-family: Arial, sans-serif;\"> diyerek a\u00e7\u0131k\u00e7a AKP yalakal\u0131\u011f\u0131 ve tabi Siyonizm&#8217;in propagandas\u0131n\u0131 yap\u0131yordu.<\/span><\/p>\n<p style=\"margin-bottom: 0.0001pt; text-align: justify; text-indent: 14.2pt; line-height: normal;\"><span style=\"font-size: 9pt; font-family: Arial, sans-serif;\">Sn. Nacar, b\u00fct\u00fcn bu giri\u015flerden ve \u201cr\u00fc\u015fveti kelam\u201d cinsinden s\u00f6zlerinden sonra as\u0131l i\u00e7indekini kusuyor ve Erbakan Hoca&#8217;y\u0131 \u201cAbdullah \u00d6calan\u2019la g\u00f6r\u00fc\u015fme imk\u00e2nlar\u0131 arayan Ba\u015fbakan\u201d olarak g\u00f6stermek i\u00e7in:<\/span><\/p>\n<p style=\"margin-bottom: 0.0001pt; text-align: justify; text-indent: 14.2pt; line-height: normal;\"><strong><span style=\"font-size: 10pt; font-family: Batang, serif;\">\u2022<\/span><\/strong><span style=\"font-size: 9pt; font-family: Arial, sans-serif;\">&nbsp;&nbsp; Yanl\u0131\u015flarla do\u011frular\u0131 harmanl\u0131yor.<\/span><\/p>\n<p style=\"margin-bottom: 0.0001pt; text-align: justify; text-indent: 14.2pt; line-height: normal;\"><strong><span style=\"font-size: 10pt; font-family: Batang, serif;\">\u2022<\/span><\/strong><span style=\"font-size: 9pt; font-family: Arial, sans-serif;\">&nbsp;&nbsp; Kendi yorumlar\u0131n\u0131 ya\u015fanm\u0131\u015f gibi aktar\u0131yor.<\/span><\/p>\n<p style=\"margin-bottom: 0.0001pt; text-align: justify; text-indent: 14.2pt; line-height: normal;\"><strong><span style=\"font-size: 10pt; font-family: Batang, serif;\">\u2022<\/span><\/strong><span style=\"font-size: 9pt; font-family: Arial, sans-serif;\">&nbsp;&nbsp; Hayallerle hakikatleri kar\u0131\u015ft\u0131r\u0131yordu.<\/span><\/p>\n<p style=\"margin-bottom: 0.0001pt; text-align: justify; text-indent: 14.2pt; line-height: normal;\"><strong><span style=\"font-size: 9pt; font-family: Arial, sans-serif;\">\u201cBizi al\u0131p Ba\u015fbakan\u2019a (Erbakan Hoca\u2019ya) g\u00f6t\u00fcrd\u00fcler. Biz; ordu, M\u0130T ve di\u011fer ilgili devlet kurumlar\u0131yla ve koalisyon orta\u011f\u0131 (Tansu \u00c7iller Han\u0131mla) konu\u015fup ortak bir karar al\u0131nm\u0131\u015f olarak, benden: \u201c\u00d6calan\u2019la devlet aras\u0131nda arac\u0131 olmam\u0131n istenece\u011fini\u201d<\/span><\/strong><span style=\"font-size: 9pt; font-family: Arial, sans-serif;\"> beklerken, Erbakan d\u00f6n\u00fcp:<\/span><\/p>\n<p style=\"margin-bottom: 0.0001pt; text-align: justify; text-indent: 14.2pt; line-height: normal;\"><strong><i><span style=\"font-size: 9pt; font-family: Arial, sans-serif;\">\u201cMadem gelmi\u015fsin, onlarla g\u00f6r\u00fc\u015f\u00fcrsen s\u00f6yle, derhal silah\u0131 b\u0131rak\u0131p teslim olsunlar, yoksa \u00e7ok pi\u015fman ve peri\u015fan olacaklar!\u201d anlam\u0131nda \u015feyler s\u00f6yleyince, \u015fa\u015f\u0131r\u0131p kald\u0131m..\u201d<\/span><\/i><\/strong><\/p>\n<p style=\"margin-bottom: 0.0001pt; text-align: justify; text-indent: 14.2pt; line-height: normal;\"><span style=\"font-size: 9pt; font-family: Arial, sans-serif;\">\u0130tiraf\u0131yla \u0130smail Nacar; Ba\u015fbakan Erbakan\u2019\u0131n ve devlet organlar\u0131n\u0131n<strong><i>, \u201cAPO\u2019ya \u00f6zel el\u00e7i s\u0131fat\u0131yla ve gayr\u0131 resmi \u00f6zel arabulucu rol\u00fcyle\u201d<\/i><\/strong> kendisinin muhatap olaca\u011f\u0131n\u0131 umarken\u2026 Veya malum merkezler, onu bu y\u00f6nde doldurup kurgulam\u0131\u015fken&#8230; Erbakan Hoca\u2019n\u0131n b\u00f6ylesine ferasetli ve haysiyetli tarz\u0131 ve devlet adaml\u0131\u011f\u0131 tavr\u0131 kar\u015f\u0131s\u0131nda hayal k\u0131r\u0131kl\u0131\u011f\u0131na u\u011fruyor ve haddini hat\u0131rl\u0131yordu. Yani Hoca, d\u0131\u015f g\u00fc\u00e7lerin ve i\u015fbirlik\u00e7i \u00e7evrelerin haz\u0131rlad\u0131\u011f\u0131 basit ve fasit senaryolar\u0131, b\u00f6yle bir manevrayla bo\u015fa \u00e7\u0131kar\u0131yordu!..<\/span><\/p>\n<p style=\"margin-bottom: 0.0001pt; text-align: justify; text-indent: 14.2pt; line-height: normal;\"><span style=\"font-size: 10pt; font-family: 'Arial Black', sans-serif;\">Faiz Lobileriyle AKP+Cemaat ortakl\u0131\u011f\u0131!<\/span><\/p>\n<p style=\"margin-bottom: 0.0001pt; text-align: justify; text-indent: 14.2pt; line-height: normal;\"><strong><span style=\"font-size: 10pt; font-family: Arial, sans-serif;\">AKP Genel Ba\u015fkan Yard\u0131mc\u0131s\u0131 H\u00fcseyin \u00c7elik, Barzani\u2019ye biat sunmaya ve Irak\u2019tan kopar\u0131lan K\u00fcrdistan\u2019a fiili resmiyet kazand\u0131rmaya y\u00f6nelik Erbil ziyaretinde: \u201cPKK ile giri\u015filen bar\u0131\u015f s\u00fcreci i\u00e7in, K\u00fcrtlerin tatmin, T\u00fcrklerin ise ikna edilmesi\u201d<\/span><\/strong><span style=\"font-size: 9pt; font-family: Arial, sans-serif;\"> gerekti\u011fini s\u00f6yl\u00fcyor ve baklay\u0131 a\u011fz\u0131ndan \u00e7\u0131kar\u0131yordu. B\u00f6ylece bir\u00e7o\u011fu Sabataist-Mason k\u00f6kenli ve resmen KCK\u2019li, gerisi de Cemaat\u00e7i ve \u0130slamc\u0131 ge\u00e7inen AKP hizmet\u00e7isi olan \u201cAkil Adam\u201dlar\u0131n ne maksatla olu\u015fturuldu\u011funu da itiraf ediyordu.<\/span><\/p>\n<p style=\"margin-bottom: 0.0001pt; text-align: justify; text-indent: 14.2pt; line-height: normal;\"><strong><span style=\"font-size: 9pt; font-family: Arial, sans-serif;\">Nafiz Can Paker kim oluyordu?<\/span><\/strong><\/p>\n<p style=\"margin-bottom: 0.0001pt; text-align: justify; text-indent: 14.2pt; line-height: normal;\"><span style=\"font-size: 9pt; font-family: Arial, sans-serif;\">Do\u011fu Anadolu B\u00f6lgesi Akil Adamlar heyeti ba\u015fkan\u0131 Nafiz Can Paker 1942 \u0130stanbul do\u011fumludur. Mesle\u011fi makine m\u00fchendisi, y\u00f6netici ve sivil toplumcudur. Can Paker, s\u0131ras\u0131yla Robert Koleji, Berlin Teknik \u00dcniversitesi, Y\u0131ld\u0131z Teknik \u00dcniversitesi, Columbia \u00dcniversitesi&#8217;nde okumu\u015f, Y\u0131ld\u0131z \u00dcniversitesi ve Columbia \u00dcniversitesi&#8217;nde lisans\u00fcst\u00fc ve doktora talebesi olmu\u015ftur.<\/span><\/p>\n<p style=\"margin-bottom: 0.0001pt; text-align: justify; text-indent: 14.2pt; line-height: normal;\"><span style=\"font-size: 9pt; font-family: Arial, sans-serif;\">T\u00dcS\u0130AD, \u0130stanbul K\u00fclt\u00fcr ve Sanat Vakf\u0131, TESEV gibi genellikle Sabataist (Yahudi d\u00f6nmeleri)nin g\u00fcd\u00fcm\u00fcndeki ve Masonlar\u0131n denetimindeki bir\u00e7ok sivil toplum kurulu\u015funun y\u00f6netiminde yer al\u0131yordu.. Robert Kolej M\u00fctevelli Heyeti, Sabanc\u0131 \u00dcniversitesi M\u00fctevelli Heyeti, ENKA Okullar\u0131 Dan\u0131\u015fma Kurulu \u00fcyeli\u011fi gibi g\u00f6revler \u00fcstleniyordu. Ayr\u0131ca Yahudi spek\u00fclat\u00f6r George Soros taraf\u0131ndan kurulan A\u00e7\u0131k Toplum Enstit\u00fcs\u00fc T\u00fcrkiye Dan\u0131\u015fma Kurulu \u00fcyeleri aras\u0131nda bulunuyor ve dan\u0131\u015fma kurulu ba\u015fkanl\u0131\u011f\u0131 yap\u0131yordu.<\/span><\/p>\n<p style=\"margin-bottom: 0.0001pt; text-align: justify; text-indent: 14.2pt; line-height: normal;\"><span style=\"font-size: 9pt; font-family: Arial, sans-serif;\">Can Paker uzun y\u0131llard\u0131r politika ile ilgileniyor, bir d\u00f6nem Deniz Baykal\u2019\u0131n dan\u0131\u015fmanl\u0131k g\u00f6revini de \u00fcsleniyordu. Politik olarak liberal-demokrat \u00e7izgide oldu\u011fu biliniyordu. Can Paker; Sabataist ailelerin kurdu\u011fu \u015ei\u015fli Terakki Lisesi Y\u00f6netim Kurulu \u00fcyesi olan kuzeni L\u00fctf\u00fc Paker\u2019in k\u0131z karde\u015fi Mihriban Paker ile evli bulunuyordu. Mehmet Barlas&#8217;\u0131n gazeteci e\u015fi Mecbure Canan Barlas\u2019\u0131n a\u011fabeyi oluyordu. Ayr\u0131ca Sabanc\u0131 \u00dcniversitesi M\u00fctevelli Heyeti \u00fcyeli\u011fi yap\u0131yordu.<\/span><\/p>\n<p style=\"margin-bottom: 0.0001pt; text-align: justify; text-indent: 14.2pt; line-height: normal;\"><strong><span style=\"font-size: 10pt; font-family: Arial, sans-serif;\">Can Peker\u2019in de i\u00e7inde bulundu\u011fu T\u00dcS\u0130AD\u2019\u00e7\u0131lar Erbakan\u2019\u0131n demokratik se\u00e7imler ve usullerle kurdu\u011fu Refah-Yol\u2019u y\u0131kmaya \u00e7al\u0131\u015f\u0131yordu.<\/span><\/strong><\/p>\n<p style=\"margin-bottom: 0.0001pt; text-align: justify; text-indent: 14.2pt; line-height: normal;\"><strong><span style=\"font-size: 10pt; font-family: 'Arial Black', sans-serif;\">Fetullah\u00e7\u0131 B\u00fclent Ar\u0131n\u00e7\u2019\u0131n Gaby Levy ile yak\u0131nl\u0131\u011f\u0131!<\/span><\/strong><\/p>\n<p style=\"margin-bottom: 0.0001pt; text-align: justify; text-indent: 14.2pt; line-height: normal;\"><strong><span style=\"font-size: 9pt; font-family: Arial, sans-serif;\">1860 y\u0131l\u0131nda Suriye\u2019den Alanya\u2019ya ka\u00e7an Kripto Sebatay Ahmet Ne\u015f\u015far\u2019\u0131n (Denizli Milletvekili Ahmet U\u011fur Ne\u015f\u015far\u2019\u0131n Dedeleri mi?) K\u0131z\u0131 Raziye\u2019nin, Bergama d\u00f6nmelerine gelin gitmesiyle do\u011fan k\u0131z\u0131 Sevdiye Han\u0131m\u2019\u0131n nesi oldu\u011funu, B\u00fclent Ar\u0131n\u00e7\u2019a sormak laz\u0131md\u0131. Bu Bergama Yahudileri, \u0130srail B\u00fcy\u00fckel\u00e7isi Levi\u2019nin ve CHP Manisa Milletvekili Mason \u015eahin Meng\u00fc\u2019n\u00fcn de ortak akrabalar\u0131 m\u0131yd\u0131!? Ve Sn. B\u00fclent Ar\u0131n\u00e7\u2019\u0131n o\u011flunun d\u00fc\u011f\u00fcn\u00fcne \u0130srail B\u00fcy\u00fckel\u00e7isi Levi\u2019nin \u015feref konu\u011fu gibi kat\u0131lmas\u0131, acaba derin bir akrabal\u0131k ba\u011f\u0131 m\u0131yd\u0131, yoksa sadece siyasi bir g\u00f6n\u00fcl yak\u0131nl\u0131\u011f\u0131 m\u0131yd\u0131?<a title=\"\" name=\"_ftnref4\" href=\"file:\/\/\/C:\/Users\/uefe_000\/AppData\/Local\/Temp\/Rar$DIa0.674\/125%20-%20SAYI%20%20%C4%B0%C3%87%C4%B0NDEK%C4%B0LER%20-%20Abdullah%20-%20OSMAN%20%20-%20NA%C4%B0L%20-%2020.01.2014%20RAMAZANA.doc#_ftn4\"><sup><strong><sup><span style=\"font-size: 9pt; line-height: 115%;\">[4]<\/span><\/sup><\/strong><\/sup><\/a><\/span><\/strong><\/p>\n<p style=\"margin-bottom: 0.0001pt; text-align: justify; text-indent: 14.2pt; line-height: normal;\"><span style=\"font-size: 10pt; font-family: 'Arial Black', sans-serif;\">AKP ve Cemaatle \u0130lgili Tenkitlerimiz milli ve manevi mesuliyetimiz icab\u0131d\u0131r<\/span><\/p>\n<p style=\"margin-bottom: 0.0001pt; text-align: justify; text-indent: 14.2pt; line-height: normal;\"><strong><span style=\"font-size: 9pt; font-family: Arial, sans-serif;\">Hem kar\u015f\u0131la\u015ft\u0131\u011f\u0131m\u0131zda, hem telefon konu\u015fmalar\u0131m\u0131zda:<\/span><\/strong><\/p>\n<p style=\"margin-bottom: 0.0001pt; text-align: justify; text-indent: 14.2pt; line-height: normal;\"><strong><span style=\"font-size: 10pt; font-family: Batang, serif;\">\u2022<\/span><\/strong><strong><span style=\"font-size: 9pt; font-family: Arial, sans-serif;\">&nbsp;&nbsp; <i>H\u00fck\u00fcmete ve Cemaate haks\u0131z yere sald\u0131rd\u0131\u011f\u0131m\u0131z\u0131 ve hay\u0131rl\u0131 hizmetlerini hesaba katmad\u0131\u011f\u0131m\u0131z\u0131<\/i><\/span><\/strong><\/p>\n<p style=\"margin-bottom: 0.0001pt; text-align: justify; text-indent: 14.2pt; line-height: normal;\"><strong><span style=\"font-size: 10pt; font-family: Batang, serif;\">\u2022<\/span><\/strong><strong><span style=\"font-size: 9pt; font-family: Arial, sans-serif;\">&nbsp;&nbsp; <i>Milli G\u00f6r\u00fc\u015f\u00e7\u00fcl\u00fckle Atat\u00fcrk\u00e7\u00fcl\u00fc\u011f\u00fcn asla uyu\u015fmad\u0131\u011f\u0131n\u0131 ve bu nedenle gereksiz ve temelsiz iddialara kalk\u0131\u015ft\u0131\u011f\u0131m\u0131z\u0131<\/i><\/span><\/strong><\/p>\n<p style=\"margin-bottom: 0.0001pt; text-align: justify; text-indent: 14.2pt; line-height: normal;\"><strong><span style=\"font-size: 10pt; font-family: Batang, serif;\">\u2022<\/span><\/strong><strong><span style=\"font-size: 9pt; font-family: Arial, sans-serif;\">&nbsp;&nbsp; <i>\u201cAdil D\u00fczen\u201din, i\u00e7i doldurulmam\u0131\u015f sloganik bir s\u00f6ylem oldu\u011funu, b\u00f6ylesi hamasi ve hayali projelerle, reel bir sistem olan \u201cK\u00fcresel D\u00fczen\u201din kar\u015f\u0131s\u0131na \u00e7\u0131k\u0131lamayaca\u011f\u0131n\u0131<\/i><\/span><\/strong><\/p>\n<p style=\"margin-bottom: 0.0001pt; text-align: justify; text-indent: 14.2pt; line-height: normal;\"><strong><span style=\"font-size: 10pt; font-family: Batang, serif;\">\u2022<\/span><\/strong><strong><span style=\"font-size: 9pt; font-family: Arial, sans-serif;\">&nbsp;&nbsp; <i>\u201cSiyonizm\u2019in yak\u0131nda \u00e7\u00f6kece\u011fi ve Adil D\u00fczen\u2019in h\u00e2kimiyeti\u201d konusunda insanlar\u0131 bo\u015funa umutland\u0131rd\u0131\u011f\u0131m\u0131z\u0131<\/i><\/span><\/strong><\/p>\n<p style=\"margin-bottom: 0.0001pt; text-align: justify; text-indent: 14.2pt; line-height: normal;\"><strong><span style=\"font-size: 9pt; font-family: Arial, sans-serif;\">Hat\u0131rlat\u0131p bizi uyaran, hatta yumu\u015fak \u015fekilde \u201cfesat\u00e7\u0131l\u0131kla\u201d su\u00e7layan dostuma, \u00f6nce hakk\u0131m\u0131zdaki duygu ve d\u00fc\u015f\u00fcncelerini a\u00e7\u0131k\u00e7a payla\u015ft\u0131\u011f\u0131 ve \u201cpaylar gibi\u201d davransa da, arkam\u0131zdan konu\u015fmad\u0131\u011f\u0131 i\u00e7in, tebrik ve takdirlerimi sunuyorum. Ayr\u0131ca, bu konulardaki ger\u00e7eklerin a\u00e7\u0131klanmas\u0131na vesile olduklar\u0131 i\u00e7in de kendilerine te\u015fekk\u00fcr ediyorum.<\/span><\/strong><\/p>\n<p style=\"margin-bottom: 0.0001pt; text-align: justify; text-indent: 14.2pt; line-height: normal;\"><span style=\"font-size: 10pt; font-family: Arial, sans-serif;\">\u00d6ncelikle bizi tenkit, hatta tahkir ettikleri hususlardaki kanaat ve gayretlerimizin, \u00f6yle kendi kafam\u0131zdan ve kuruntular\u0131m\u0131zdan kaynaklanan \u201csaplant\u0131 ve sapt\u0131rmalar\u201d olmay\u0131p, Kur\u2019an-\u0131 Kerim ayetlerinin ve Hadis-i \u015eeriflerin a\u00e7\u0131k buyruklar\u0131na, ge\u00e7mi\u015fteki ve g\u00fcn\u00fcm\u00fczdeki ilim ve irfan erbab\u0131n\u0131n beyanlar\u0131na dayand\u0131\u011f\u0131n\u0131, M\u00fcsl\u00fcmanlar\u0131n ve insanl\u0131\u011f\u0131n ihtiya\u00e7lar\u0131n\u0131 kar\u015f\u0131lamay\u0131 ve bu zillet ve sefaletten kurtarmay\u0131 ama\u00e7lad\u0131\u011f\u0131n\u0131, \u00f6zellikle belirtmek istiyorum.<\/span><\/p>\n<p style=\"margin-bottom: 0.0001pt; text-align: justify; text-indent: 14.2pt; line-height: normal;\"><strong><span style=\"font-size: 10pt; font-family: Arial, sans-serif;\">AKP H\u00fck\u00fcmeti ve Fetullah G\u00fclen Hareketi ise, ettikleri hizmetler, verdikleri hezimetlerin yan\u0131nda hi\u00e7 kalan olu\u015fumlard\u0131r. Kur\u2019an\u2019\u0131n g\u00fcnah-sevap kefesinde ve vicdan terazisiyle tart\u0131ld\u0131\u011f\u0131nda korkun\u00e7 tahribatlar\u0131 ortaya \u00e7\u0131kmaktad\u0131r!<\/span><\/strong><\/p>\n<p style=\"margin-bottom: 0.0001pt; text-align: justify; text-indent: 14.2pt; line-height: normal;\"><strong><span style=\"font-size: 10pt; font-family: Arial, sans-serif;\">Cemaat: <\/span><\/strong><\/p>\n<p style=\"margin-bottom: 0.0001pt; text-align: justify; text-indent: 14.2pt; line-height: normal;\"><strong><span style=\"font-size: 10pt; font-family: Batang, serif;\">\u2022<\/span><\/strong><strong><span style=\"font-size: 9pt; font-family: Arial, sans-serif;\">&nbsp;&nbsp; S\u00f6zde de\u011fil, ama fikren ve fiilen Kur\u2019an\u2019\u0131n \u015feriat h\u00fck\u00fcmlerini ve \u0130slami adalet \u00f6l\u00e7\u00fclerini gereksiz saymakta<\/span><\/strong><\/p>\n<p style=\"margin-bottom: 0.0001pt; text-align: justify; text-indent: 14.2pt; line-height: normal;\"><strong><span style=\"font-size: 10pt; font-family: Batang, serif;\">\u2022<\/span><\/strong><strong><span style=\"font-size: 9pt; font-family: Arial, sans-serif;\">&nbsp;&nbsp; Ha\u00e7l\u0131 emperyalistlere ve Siyonist Yahudilere yaranmak hat\u0131r\u0131na, Kelime-i \u015eehadet\u2019in \u201cMuhammed\u00fcn Resul\u00fcllah\u201d r\u00fckn\u00fcn\u00fc bile kald\u0131rmakta<\/span><\/strong><\/p>\n<p style=\"margin-bottom: 0.0001pt; text-align: justify; text-indent: 14.2pt; line-height: normal;\"><strong><span style=\"font-size: 10pt; font-family: Batang, serif;\">\u2022<\/span><\/strong><strong><span style=\"font-size: 9pt; font-family: Arial, sans-serif;\">&nbsp;&nbsp; \u201cDinler Aras\u0131 Diyolog\u201d safsatas\u0131yla, bat\u0131l ve bozuk felsefelerle \u0130slamiyet\u2019i kar\u0131\u015ft\u0131r\u0131p-bar\u0131\u015ft\u0131r\u0131p yozla\u015ft\u0131rmakta<\/span><\/strong><\/p>\n<p style=\"margin-bottom: 0.0001pt; text-align: justify; text-indent: 14.2pt; line-height: normal;\"><strong><span style=\"font-size: 10pt; font-family: Batang, serif;\">\u2022<\/span><\/strong><strong><span style=\"font-size: 9pt; font-family: Arial, sans-serif;\">&nbsp;&nbsp; ABD ve AB\u2019nin M\u00fcsl\u00fcmanlara ve mazlum insanl\u0131\u011fa y\u00f6nelik i\u015fgal ve s\u00f6m\u00fcr\u00fclerine ta\u015feronluk yapmakta<\/span><\/strong><\/p>\n<p style=\"margin-bottom: 0.0001pt; text-align: justify; text-indent: 14.2pt; line-height: normal;\"><strong><span style=\"font-size: 10pt; font-family: Batang, serif;\">\u2022<\/span><\/strong><strong><span style=\"font-size: 9pt; font-family: Arial, sans-serif;\">&nbsp;&nbsp; Zalim ve k\u00e2fir odaklar\u0131n cinayet ve rezaletlerine mazeret ve me\u015fruiyet uydurmakta<\/span><\/strong><\/p>\n<p style=\"margin-bottom: 0.0001pt; text-align: justify; text-indent: 14.2pt; line-height: normal;\"><strong><span style=\"font-size: 10pt; font-family: Batang, serif;\">\u2022<\/span><\/strong><strong><span style=\"font-size: 9pt; font-family: Arial, sans-serif;\">&nbsp;&nbsp; Cihat (Devlet ve h\u00e2kimiyet) ruhu k\u00f6reltilip, k\u00fcresel emperyalizmin dindar ve demokrat g\u00f6n\u00fcll\u00fcleri haline getirilmi\u015f bir nesil haz\u0131rlamakta<\/span><\/strong><\/p>\n<p style=\"margin-bottom: 0.0001pt; text-align: justify; text-indent: 14.2pt; line-height: normal;\"><strong><span style=\"font-size: 10pt; font-family: Batang, serif;\">\u2022<\/span><\/strong><strong><span style=\"font-size: 9pt; font-family: Arial, sans-serif;\">&nbsp;&nbsp; \u0130slami temellere ve insani hedeflere odakl\u0131 saf ve sa\u011flam hareketleri k\u00f6rletip k\u0131s\u0131rla\u015ft\u0131rmaktad\u0131r.<\/span><\/strong><\/p>\n<p style=\"margin-bottom: 0.0001pt; text-align: justify; text-indent: 14.2pt; line-height: normal;\"><strong><span style=\"font-size: 9pt; font-family: Arial, sans-serif;\">Bu Milli ve manevi tahribatlar\u0131n\u0131 kesin belgelerle anlatt\u0131\u011f\u0131m\u0131z 900 sayfal\u0131k \u201cK\u00fcresel Fesat\u00e7\u0131l\u0131k ve Fetullah\u00e7\u0131l\u0131k\u201d kitab\u0131m\u0131za bir sat\u0131r itiraz bile yap\u0131lamam\u0131\u015ft\u0131r. A\u00e7t\u0131klar\u0131 mahkemeler de bizim lehimize sonu\u00e7lanm\u0131\u015ft\u0131r. Ve yine 1200 sayfal\u0131k <\/span><\/strong><strong><span style=\"font-size: 9pt; font-family: 'Arial Black', sans-serif;\">\u201cCumhuriyet T\u00fcrkiye\u2019sinde Nifak Hareketleri\u201d<\/span><\/strong><strong><span style=\"font-size: 9pt; font-family: Arial, sans-serif;\"> kitab\u0131m\u0131z, bunlar\u0131n sapk\u0131nl\u0131k batakl\u0131\u011f\u0131n\u0131 ve karanl\u0131k ba\u011flant\u0131lar\u0131n\u0131 ortaya koymaktad\u0131r.<\/span><\/strong><\/p>\n<p style=\"margin-bottom: 0.0001pt; text-align: justify; text-indent: 14.2pt; line-height: normal;\"><span style=\"font-size: 10pt; font-family: 'Arial Black', sans-serif;\">Rahmetli Erbakan\u2019\u0131 \u00f6nlemek i\u00e7in di\u011fer \u0130slamc\u0131 hareketler desteklenip \u00f6ne \u00e7\u0131kar\u0131lm\u0131\u015ft\u0131r:<\/span><\/p>\n<p style=\"margin-bottom: 0.0001pt; text-align: justify; text-indent: 14.2pt; line-height: normal;\"><strong><span style=\"font-size: 10pt; font-family: Arial, sans-serif;\">Y\u0131llard\u0131r dile getirdi\u011fimiz ve dikkat \u00e7ekti\u011fimiz bir ger\u00e7ek var:<\/span><\/strong><\/p>\n<p style=\"margin-bottom: 0.0001pt; text-align: justify; text-indent: 14.2pt; line-height: normal;\"><strong><span style=\"font-size: 10pt; font-family: Arial, sans-serif;\">Kendi sinsi s\u00f6m\u00fcr\u00fc saltanatlar\u0131n\u0131 y\u0131kacak, adil ve asil bir devrim yapacak beyin ve becerinin sahibi Erbakan oldu\u011funu fark eden Siyonist \u015feytanlar ve masonik ma\u015falar: Milli G\u00f6r\u00fc\u015f\u00fc etkisiz k\u0131lmak ve desteksiz b\u0131rakmak \u00fczere:<\/span><\/strong><\/p>\n<p style=\"margin-bottom: 0.0001pt; text-align: justify; text-indent: 14.2pt; line-height: normal;\"><strong><span style=\"font-size: 10pt; font-family: Arial, sans-serif;\">a-&nbsp; Di\u011fer \u201cdindar ve muhafazak\u00e2r\u201d partileri cilalay\u0131p parlatmaya ba\u015flad\u0131lar.<\/span><\/strong><\/p>\n<p style=\"margin-bottom: 0.0001pt; text-align: justify; text-indent: 14.2pt; line-height: normal;\"><strong><span style=\"font-size: 10pt; font-family: Arial, sans-serif;\">b-&nbsp; O g\u00fcne kadar \u201cgerici ve tehlikeli\u201d g\u00f6rd\u00fckleri baz\u0131 \u0130slami hizmet ve hareketleri g\u00fcndemine al\u0131p \u00f6ne \u00e7\u0131kard\u0131lar.<\/span><\/strong><\/p>\n<p style=\"margin-bottom: 0.0001pt; text-align: justify; text-indent: 14.2pt; line-height: normal;\"><strong><span style=\"font-size: 10pt; font-family: Arial, sans-serif;\">c-&nbsp; Eski \u201cAk\u0131nc\u0131\u201dlardan \u201c\u015feriat\u00e7\u0131\u201dlardan birka\u00e7 ki\u015fiyi ayart\u0131p vitrine koyduklar\u0131 \u201c\u0130ranc\u0131, Hizbullah\u00e7\u0131, \u0130BDACI\u201d gibi Radikal \u0130slamc\u0131 ter\u00f6r hareketlerini, Milli G\u00f6r\u00fc\u015f\u2019\u00fcn bir uzant\u0131s\u0131 gibi takdime \u00e7al\u0131\u015ft\u0131lar.<\/span><\/strong><\/p>\n<p style=\"margin-bottom: 0.0001pt; text-align: justify; text-indent: 14.2pt; line-height: normal;\"><strong><span style=\"font-size: 10pt; font-family: Arial, sans-serif;\">d-&nbsp; Bunlar i\u015flettikleri vah\u015fet ve deh\u015fet g\u00f6r\u00fcnt\u00fcleriyle \u00fcrk\u00fctt\u00fckleri toplumu; \u201cIl\u0131ml\u0131 \u0130slam\u201d\u0131n temsilcisi Fetullah G\u00fclen\u2019e ve AKP\u2019ye y\u00f6neltmeyi ba\u015fard\u0131lar.<\/span><\/strong><\/p>\n<p style=\"margin-bottom: 0.0001pt; text-align: justify; text-indent: 14.2pt; line-height: normal;\"><strong><span style=\"font-size: 10pt; font-family: Arial, sans-serif;\">e-&nbsp; Daha \u00f6nce \u00d6zal hareketini de bu ama\u00e7la, yani Erbakan\u2019dan kurtulmak hesab\u0131yla ve \u201cO\u2019nun bir devam\u0131\u201d propagandas\u0131yla iktidara ta\u015f\u0131y\u0131p, ekonomik, sosyal ve siyasal b\u00fcy\u00fck tahribatlar yapt\u0131lar.<\/span><\/strong><\/p>\n<p style=\"margin-bottom: 0.0001pt; text-align: justify; text-indent: 14.2pt; line-height: normal;\"><strong><span style=\"font-size: 10pt; font-family: Arial, sans-serif;\">f-&nbsp;&nbsp; Milli G\u00f6r\u00fc\u015f partilerini par\u00e7alamak ve Erbakan\u2019\u0131 su\u00e7lu ve sorumlu konuma d\u00fc\u015f\u00fcrecek yanl\u0131\u015flar\u0131 yapt\u0131rmak \u00fczere de, Hoca\u2019n\u0131n yak\u0131n \u00e7evresine \u201ckendilerine yatk\u0131n\u201d adamlar\u0131n\u0131 soktular\u2026<\/span><\/strong><\/p>\n<p style=\"margin-bottom: 0.0001pt; text-align: justify; text-indent: 14.2pt; line-height: normal;\"><span style=\"font-size: 10pt; font-family: 'Arial Black', sans-serif;\">Suriye\u2019nin kar\u0131\u015ft\u0131r\u0131lmas\u0131 ve b\u00fcy\u00fck hesapla\u015fman\u0131n yakla\u015fmas\u0131<\/span><\/p>\n<p style=\"margin-bottom: 0.0001pt; text-align: justify; text-indent: 14.2pt; line-height: normal;\"><span style=\"font-size: 9pt; font-family: Arial, sans-serif;\">Maalesef, \u00fclkemiz ve milletimiz belki de tarihin en sinsi ve tehlikeli bir s\u00fcrecini ya\u015famakta, par\u00e7alanma ve da\u011f\u0131lma a\u015famas\u0131na dayanm\u0131\u015f bulunmaktad\u0131r. Rahmetli Erbakan Hoca\u2019n\u0131n ifadesiyle <strong><i>\u201cArt\u0131k toprak ayaklar\u0131m\u0131z\u0131n alt\u0131ndan kaymaya ba\u015flam\u0131\u015ft\u0131r\u201d<\/i><\/strong> Bir ruh i\u00e7in beden ne ise, bir millet i\u00e7in de vatan ayn\u0131 konumdad\u0131r. Vatan\u0131 i\u015fgal edilen veya b\u00f6l\u00fcn\u00fcp ba\u015fka g\u00fc\u00e7lerin g\u00fcd\u00fcm\u00fcne giren bir toplum: <strong>H\u00fcrriyet ve huzurunu, namus ve onurunu ve haysiyetli millet \u015fuurunu kaybetmi\u015f olacakt\u0131r.<\/strong><\/span><\/p>\n<p style=\"margin-bottom: 0.0001pt; text-align: justify; text-indent: 14.2pt; line-height: normal;\"><strong><span style=\"font-size: 10pt; font-family: Batang, serif;\">\u2022<\/span><\/strong><span style=\"font-size: 9pt; font-family: Arial, sans-serif;\">&nbsp;&nbsp; Bug\u00fcn \u0130srail\u2019i kurmak ve Siyonizm\u2019in D\u00fcnya h\u00e2kimiyeti hedefine kavu\u015fmak \u00fczere BOP istikametinde ve b\u00f6ylesine yabanc\u0131 ve T\u00fcrkiye\u2019yi de y\u0131k\u0131c\u0131 bir projede, d\u0131\u015f odaklarca Ba\u015fbakan\u0131m\u0131za verilen e\u015fba\u015fkanl\u0131k sayesinde:<\/span><\/p>\n<p style=\"margin-bottom: 0.0001pt; text-align: justify; text-indent: 14.2pt; line-height: normal;\"><span style=\"font-size: 9pt; font-family: Arial, sans-serif;\">1-&nbsp;&nbsp; Irak fiilen \u00fc\u00e7e par\u00e7alanm\u0131\u015ft\u0131r.<\/span><\/p>\n<p style=\"margin-bottom: 0.0001pt; text-align: justify; text-indent: 14.2pt; line-height: normal;\"><span style=\"font-size: 9pt; font-family: Arial, sans-serif;\">2-&nbsp;&nbsp; Libya NATO tahribat\u0131yla ikiye ayr\u0131lm\u0131\u015ft\u0131r.<\/span><\/p>\n<p style=\"margin-bottom: 0.0001pt; text-align: justify; text-indent: 14.2pt; line-height: normal;\"><span style=\"font-size: 9pt; font-family: Arial, sans-serif;\">3-&nbsp;&nbsp; \u015eimdi Suriye da\u011f\u0131t\u0131lmak \u00fczere hedef tahtas\u0131ndad\u0131r.<\/span><\/p>\n<p style=\"margin-bottom: 0.0001pt; text-align: justify; text-indent: 14.2pt; line-height: normal;\"><span style=\"font-size: 9pt; font-family: Arial, sans-serif;\">4-&nbsp;&nbsp; M\u0131s\u0131r par\u00e7alanmaya ve i\u00e7 sava\u015f \u00e7\u0131kar\u0131lmaya \u00e7al\u0131\u015f\u0131lmaktad\u0131r.<\/span><\/p>\n<p style=\"margin-bottom: 0.0001pt; text-align: justify; text-indent: 14.2pt; line-height: normal;\"><span style=\"font-size: 9pt; font-family: Arial, sans-serif;\">5-&nbsp;&nbsp; Daha \u00f6nce Ke\u015fmir b\u00f6lgesi kopart\u0131lan Pakistan\u2019dan, bu sefer Pe\u015ftunistan\u0131 da kopar\u0131p, Afganistan\u2019a ba\u011flama hesaplar\u0131 yap\u0131lmaktad\u0131r.<\/span><\/p>\n<p style=\"margin-bottom: 0.0001pt; text-align: justify; text-indent: 14.2pt; line-height: normal;\"><span style=\"font-size: 9pt; font-family: Arial, sans-serif;\">6-&nbsp;&nbsp; Ard\u0131ndan Afganistan Pe\u015ftunlar\u0131yla, Pakistan Pe\u015ftunlar\u0131 birle\u015ftirilip yeni bir kukla devlet kurulmas\u0131 ama\u00e7lanmaktad\u0131r. Yani Afganistan da \u015feriat\u00e7\u0131 Taliban b\u00f6lgesiyle, demokratik Karzai b\u00f6lgesi olarak par\u00e7alanmaya haz\u0131rlanmaktad\u0131r.<\/span><\/p>\n<p style=\"margin-bottom: 0.0001pt; text-align: justify; text-indent: 14.2pt; line-height: normal;\"><span style=\"font-size: 9pt; font-family: Arial, sans-serif;\">7-&nbsp;&nbsp; Daha sonra \u0130ran\u2019a sald\u0131r\u0131l\u0131p K\u00fcrtler; Azeriler, Farisiler ve Arap \u015eiiler diye d\u00f6rde ayr\u0131lacakt\u0131r.<\/span><\/p>\n<p style=\"margin-bottom: 0.0001pt; text-align: justify; text-indent: 14.2pt; line-height: normal;\"><span style=\"font-size: 9pt; font-family: Arial, sans-serif;\">8-&nbsp;&nbsp; B\u00fct\u00fcn bunlar\u0131n ard\u0131ndan \u201cG\u00fcneydo\u011fu \u00f6zerk K\u00fcrdistan\u2019\u0131, AB\u2019ye kat\u0131l\u0131m s\u00fcrecinde pilot b\u00f6lge Marmara \u00f6zel d\u00fckal\u0131\u011f\u0131, Tarihi ve turistik ama\u00e7l\u0131 Karadeniz Pontus miras\u0131\u201d olarak, s\u0131ra T\u00fcrkiye\u2019nin par\u00e7alanmas\u0131na gelip dayanacakt\u0131r.<\/span><\/p>\n<p style=\"margin-bottom: 0.0001pt; text-align: justify; text-indent: 14.2pt; line-height: normal;\"><span style=\"font-size: 9pt; font-family: Arial, sans-serif;\">ABD\u2019nin kukla ba\u015fkan\u0131 ve Siyonist Yahudi lobilerinin kahyas\u0131 Obama ile, Suriye\u2019ye m\u00fcdahale konusunu g\u00f6r\u00fc\u015fmek \u00fczere G\u00fcney Kore\u2019nin ba\u015fkenti Seul\u2019e giderken, Recep T. Erdo\u011fan\u2019\u0131n <strong><i>\u201cSuriye\u2019yi oturup seyredemeyiz. \u00dcst\u00fcm\u00fcze d\u00fc\u015fen g\u00f6revi yerine getirece\u011fiz.\u201d<\/i><\/strong> S\u00f6zleri gayet a\u00e7\u0131kt\u0131r. Yani Suriye\u2019ye askeri m\u00fcdahale edip par\u00e7alanmas\u0131n\u0131 kolayla\u015ft\u0131rma ihalesi AKP iktidar\u0131n\u0131n \u00fczerinde kalm\u0131\u015ft\u0131r. Bu nedenle:<\/span><\/p>\n<p style=\"margin-bottom: 0.0001pt; text-align: justify; text-indent: 14.2pt; line-height: normal;\"><strong><span style=\"font-size: 9pt; font-family: Arial, sans-serif;\">Bremen m\u0131z\u0131kac\u0131lar\u0131, hep bir a\u011f\u0131zdan: \u201czorba ve diktat\u00f6r Esad devrilsin, Suriye\u2019ye demokrasi getirilsin\u201d sloganlar\u0131 atmaktad\u0131r.<\/span><\/strong><\/p>\n<p style=\"margin-bottom: 0.0001pt; text-align: justify; text-indent: 14.2pt; line-height: normal;\"><span style=\"font-size: 9pt; font-family: Arial, sans-serif;\">Ayn\u0131 mutfaktan beslendikleri ve ayn\u0131 odaklarca \u015fi\u015firildikleri belli olan fig\u00fcranlar hep bir a\u011f\u0131zdan <strong><i>\u201cT\u00fcrkiye \u00e7abuk yeti\u015fsin ve Suriye\u2019ye bar\u0131\u015f ve demokrasi getirsin.\u201d<\/i><\/strong> Diye \u00e7\u0131\u011fl\u0131k atmakta ve kamuoyunu bu y\u00f6nde \u015fartland\u0131rmaktayd\u0131.<\/span><\/p>\n<p style=\"margin-bottom: 0.0001pt; text-align: justify; text-indent: 14.2pt; line-height: normal;\"><span style=\"font-size: 10pt; font-family: 'Arial Black', sans-serif;\">ABD \u0130ncirlik\u2019teki atom bombalar\u0131n\u0131 yeniliyordu! <\/span><\/p>\n<p style=\"margin-bottom: 0.0001pt; text-align: justify; text-indent: 14.2pt; line-height: normal;\"><strong><span style=\"font-size: 10pt; font-family: Arial, sans-serif;\">Tam bu s\u00fcre\u00e7te ABD Ba\u015fkan\u0131 Barack Obama, aralar\u0131nda T\u00fcrkiye\u2019nin de bulundu\u011fu be\u015f NATO m\u00fcttefiki \u00fclkede bulunan taktik n\u00fckleer bombalar\u0131n yenilenmesi amac\u0131yla 2014 b\u00fct\u00e7e tasar\u0131s\u0131nda 537 milyon dolar tahsis ediyordu. New York Times gazetesi, \u201cedit\u00f6rler kurulu\u201d imzas\u0131yla yay\u0131mlad\u0131\u011f\u0131 ba\u015fyaz\u0131s\u0131nda, ABD\u2019nin Avrupa\u2019da 180 kadar B61 tipi n\u00fckleer bomba bulundurdu\u011funu, \u201cso\u011fuk sava\u015f d\u00f6k\u00fcnt\u00fcs\u00fc\u201d bu bombalar\u0131n Bel\u00e7ika, Almanya, \u0130talya, Hollanda ve T\u00fcrkiye\u2019de konu\u015flu oldu\u011funu yaz\u0131yordu. Obama\u2019n\u0131n bombalar\u0131n modernizasyonu amac\u0131yla 2014 b\u00fct\u00e7e tasar\u0131s\u0131na da 537 milyon dolar koydu\u011fu hat\u0131rlat\u0131l\u0131yor ve uzmanlar, bombalar\u0131n yenilenmesi program\u0131n\u0131n maliyetinin hesaplanan 4 milyar dolar\u0131 a\u015farak 10 milyar dolara ula\u015faca\u011f\u0131n\u0131 bekliyordu.<\/span><\/strong><\/p>\n<p style=\"margin-bottom: 0.0001pt; text-align: justify; text-indent: 14.2pt; line-height: normal;\"><strong><span style=\"font-size: 9pt; font-family: Arial, sans-serif;\">\u0130ncirlik\u2019te 90 atom bombas\u0131 \u201cyak\u0131n bir sava\u015f\u201d i\u00e7in mi haz\u0131rlan\u0131yordu?<\/span><\/strong><\/p>\n<p style=\"margin-bottom: 0.0001pt; text-align: justify; text-indent: 14.2pt; line-height: normal;\"><span style=\"font-size: 9pt; font-family: Arial, sans-serif;\">Amerikan n\u00fckleer bombalar\u0131n\u0131n nerelerde oldu\u011fu daha \u00f6nce WikiLeaks\u2019ten s\u0131zan belgelerle ortaya \u00e7\u0131km\u0131\u015ft\u0131. Belgelerde ABD\u2019nin Avrupa\u2019da b\u0131rakt\u0131\u011f\u0131 200 civar\u0131nda taktik n\u00fckleer silah\u0131n \u00e7o\u011funun T\u00fcrkiye, Bel\u00e7ika, Hollanda ve Almanya\u2019da bulundu\u011fu belirtiliyordu. Belgelere g\u00f6re, Adana\u2019daki \u0130ncirlik \u00dcss\u00fc\u2019nde ABD\u2019ye ait 90 n\u00fckleer ba\u015fl\u0131k bulunuyordu. CIA\u2019ya yak\u0131nl\u0131\u011f\u0131 ile bilinen <strong>Washington Enstit\u00fcs\u00fc<\/strong>\u2019n\u00fcn yay\u0131nlad\u0131\u011f\u0131 Richard Outzen imzal\u0131 bir raporda, T\u00fcrkiye\u2019de konu\u015flanm\u0131\u015f Amerikan n\u00fckleer bombalar\u0131 harita \u00fczerinde tam liste olarak g\u00f6steriliyordu. (Raporun asl\u0131: www.washingtoninstitute.org\/uploads\/Documents\/pubs\/Policy Note12.pdf) Rapora g\u00f6re, \u0130zmit, Bal\u0131kesir, Eski\u015fehir, Konya, Ankara, Malatya ve Erzurum\u2019da ABD\u2019nin n\u00fckleer silah depolar\u0131 bulunuyordu. Raporda n\u00fckleer bombalar\u0131n say\u0131s\u0131 belirtilmezken, Turgut \u00d6zal d\u00f6nemi ABD-NATO-T\u00fcrkiye ili\u015fkilerinde en iyi d\u00f6nem olarak anlat\u0131l\u0131yor, AKP d\u00f6nemi de bu ili\u015fkilerin tavan yapt\u0131\u011f\u0131 d\u00f6nem olarak g\u00f6steriliyordu.<\/span><\/p>\n<p style=\"margin-bottom: 0.0001pt; text-align: justify; text-indent: 14.2pt; line-height: normal;\"><span style=\"font-size: 10pt; font-family: 'Arial Black', sans-serif;\">Biz, \u0130slam D\u00fc\u015f\u00fcnceli, M\u00fcspet Milliyet\u00e7i ve Erbakan takip\u00e7isi insanlar\u0131z!<\/span><\/p>\n<p style=\"margin-bottom: 0.0001pt; text-align: justify; text-indent: 14.2pt; line-height: normal;\"><span style=\"font-size: 9pt; font-family: Arial, sans-serif;\">Biz g\u00f6r\u00fc\u015flerimizi, ger\u00e7eklerimizi ve tarafgirli\u011fimizi olu\u015ftururken, <\/span><span style=\"font-size: 9pt; font-family: 'Arial Black', sans-serif;\">\u201cMutlak Do\u011fru\u201d<\/span><span style=\"font-size: 9pt; font-family: Arial, sans-serif;\">lar\u0131 esas alarak ve <\/span><span style=\"font-size: 9pt; font-family: 'Arial Black', sans-serif;\">\u201cMutlak Yanl\u0131\u015f\u201d<\/span><span style=\"font-size: 9pt; font-family: Arial, sans-serif;\">lardan sak\u0131narak hareket etmekteyiz. <\/span><\/p>\n<p style=\"margin-bottom: 0.0001pt; text-align: justify; text-indent: 14.2pt; line-height: normal;\"><span style=\"font-size: 9pt; font-family: 'Arial Black', sans-serif;\">\u201cDo\u011fru\u201d<\/span><span style=\"font-size: 9pt; font-family: Arial, sans-serif;\"> ve <\/span><span style=\"font-size: 9pt; font-family: 'Arial Black', sans-serif;\">\u201cYanl\u0131\u015f\u201d<\/span><span style=\"font-size: 9pt; font-family: Arial, sans-serif;\"> tespitinde ise \u015fu be\u015f de\u011feri \u00f6l\u00e7\u00fc ediniriz:<\/span><\/p>\n<p style=\"margin-bottom: 0.0001pt; text-align: justify; text-indent: 14.2pt; line-height: normal;\"><span style=\"font-size: 9pt; font-family: 'Arial Black', sans-serif;\">1-&nbsp; Akl\u0131 Selim<\/span><\/p>\n<p style=\"margin-bottom: 0.0001pt; text-align: justify; text-indent: 14.2pt; line-height: normal;\"><span style=\"font-size: 9pt; font-family: 'Arial Black', sans-serif;\">2-&nbsp; M\u00fcsbet ilim<\/span><\/p>\n<p style=\"margin-bottom: 0.0001pt; text-align: justify; text-indent: 14.2pt; line-height: normal;\"><span style=\"font-size: 9pt; font-family: 'Arial Black', sans-serif;\">3-&nbsp; Tarihi deneyim ve birikim<\/span><\/p>\n<p style=\"margin-bottom: 0.0001pt; text-align: justify; text-indent: 14.2pt; line-height: normal;\"><span style=\"font-size: 9pt; font-family: 'Arial Black', sans-serif;\">4-&nbsp; Vicdani kanaat ve tatmin<\/span><\/p>\n<p style=\"margin-bottom: 0.0001pt; text-align: justify; text-indent: 14.2pt; line-height: normal;\"><strong><span style=\"font-size: 9pt; font-family: 'Arial Black', sans-serif;\">5-&nbsp; \u0130lahi Din<\/span><\/strong><strong><span style=\"font-size: 9pt; font-family: Arial, sans-serif;\"> (Kur\u2019an\u2019\u0131n muhkem ayetleri ve Resul\u00fcllah\u2019\u0131n (SAV) sa\u011flam s\u00fcnneti)<\/span><\/strong><\/p>\n<p style=\"margin-bottom: 0.0001pt; text-align: justify; text-indent: 14.2pt; line-height: normal;\"><strong><span style=\"font-size: 9pt; font-family: 'Arial Black', sans-serif;\">\u0130\u015fte bu be\u015f temel \u00f6l\u00e7\u00fcn\u00fcn ittifakla:<\/span><\/strong><\/p>\n<p style=\"margin-bottom: 0.0001pt; text-align: justify; text-indent: 14.2pt; line-height: normal;\"><strong><span style=\"font-size: 9pt; font-family: 'Arial Black', sans-serif;\">\u201cYararl\u0131, hay\u0131rl\u0131 gerekli ve g\u00fczel\u201d<\/span><\/strong><strong><span style=\"font-size: 9pt; font-family: Arial, sans-serif;\"> buldu\u011fu \u015feyleri <\/span><\/strong><strong><span style=\"font-size: 9pt; font-family: 'Arial Black', sans-serif;\">do\u011fru;<\/span><\/strong><strong><span style=\"font-size: 9pt; font-family: Arial, sans-serif;\"> ve yine bu temel de\u011fer birimlerinin ittifakla, <\/span><\/strong><strong><span style=\"font-size: 9pt; font-family: 'Arial Black', sans-serif;\">\u201cK\u00f6t\u00fc, zararl\u0131 ve \u00e7irkin\u201d<\/span><\/strong><strong><span style=\"font-size: 9pt; font-family: Arial, sans-serif;\"> buldu\u011fu \u015feyleri <\/span><\/strong><strong><span style=\"font-size: 9pt; font-family: 'Arial Black', sans-serif;\">yanl\u0131\u015f<\/span><\/strong><strong><span style=\"font-size: 9pt; font-family: Arial, sans-serif;\"> biliriz. \u00c7\u00fcnk\u00fc Kur\u2019ani kurallar\u0131 dikkate almamak, imans\u0131zl\u0131k ve sapk\u0131nl\u0131k\u2026 M\u00fcsbet bilimi ve akl\u0131selimi hesaba katmamak, manyakl\u0131k ve mant\u0131ks\u0131zl\u0131k\u2026 Tarihi tecr\u00fcbeleri ve vicdani kanaatleri \u00f6nemli saymamak ise ahmakl\u0131k ve insafs\u0131zl\u0131k alametidir.<\/span><\/strong><\/p>\n<p style=\"margin-bottom: 0.0001pt; text-align: justify; text-indent: 14.2pt; line-height: normal;\"><strong><span style=\"font-size: 9pt; font-family: Arial, sans-serif;\">Sa\u011flam temellere ve vicdani kanaatimize g\u00f6re d\u00fc\u015f\u00fcnce ve davran\u0131\u015f \u00fcretti\u011fimizden; \u00fclkemizin ve milletimizin menfaatlerini, \u015fahsi heveslerimizin \u00fcst\u00fcnde g\u00f6rd\u00fc\u011f\u00fcm\u00fczden; gizli, kirli ve \u00e7etrefilli ili\u015fkilere tevess\u00fcl ve tenezz\u00fcl etmedi\u011fimizden ve imtihan i\u00e7in g\u00f6nderildi\u011fimiz bu d\u00fcnyadan kalbi selim ve uhrevi sermaye ile g\u00f6\u00e7meyi en \u00f6nemli gaye edindi\u011fimizden; \u00f6z\u00fcm\u00fcz mert, s\u00f6z\u00fcm\u00fcz net, hatta biraz serttir. \u0130\u015fte bu nedenle, Allah\u2019\u0131n izni ve iradesi d\u0131\u015f\u0131nda, ABD\u2019nin gizli servisleri, CIA destekli Cemaatin kalem\u015for tetik\u00e7ileri, AKP\u2019nin kiral\u0131k hizmet\u00e7ileri ile bir sivrisine\u011fin bize zarar ve yarar\u0131 e\u015fittir.<\/span><\/strong><\/p>\n<p style=\"margin-bottom: 0.0001pt; text-align: justify; text-indent: 14.2pt; line-height: normal;\"><strong><span style=\"font-size: 9pt; font-family: Arial, sans-serif;\">Rabbim dilerse bir sivrisinek \u0131s\u0131rmas\u0131yla vir\u00fcs kapt\u0131r\u0131p \u00f6ld\u00fcrebilir ve yine dilerse n\u00fckleer f\u00fczelerden ve suikast giri\u015fimlerinden kurtarabilir. \u0130man\u0131n en tabii neticesi (en \u00fcst derecesi de\u011fil) olan bu tavr\u0131m\u0131z\u0131 idrak edemeyen iz\u2019an ve iman fakirleri, bu basiret ve cesaretimizin alt\u0131ndaki g\u00fc\u00e7 kayna\u011f\u0131n\u0131 merak etmekte ve nice tutars\u0131z tahminler y\u00fcr\u00fctmektedir. \u0130mani ve insani de\u011ferlerimiz ve milli ideallerimiz u\u011frunda, ne a\u011f\u0131r cezalara \u00e7arpt\u0131r\u0131ld\u0131\u011f\u0131m\u0131z\u0131, defalarca tutuklan\u0131p hapis yatt\u0131\u011f\u0131m\u0131z\u0131, nice s\u00fcrg\u00fcnlere ve g\u00f6revine son verilmelere u\u011frad\u0131\u011f\u0131m\u0131z\u0131 ve hala her ay ba\u015fka bir mahkeme kap\u0131s\u0131nda dola\u015ft\u0131r\u0131ld\u0131\u011f\u0131m\u0131z\u0131, yani rahatl\u0131k ve ferahl\u0131k d\u00f6\u015fe\u011finde kuru kahramanl\u0131k edebiyat\u0131 yapmad\u0131\u011f\u0131m\u0131z\u0131 da hat\u0131rlatmam\u0131z gerekir<\/span><\/strong><span style=\"font-size: 9pt; font-family: Arial, sans-serif;\">.<\/span><\/p>\n<p style=\"margin-bottom: 0.0001pt; text-align: justify; text-indent: 14.2pt; line-height: normal;\"><span style=\"font-size: 10pt; font-family: 'Arial Black', sans-serif;\">Atat\u00fcrk\u00e7\u00fcl\u00fckle Milli G\u00f6r\u00fc\u015f\u00e7\u00fcl\u00fc\u011f\u00fc ayk\u0131r\u0131 g\u00f6rmek, tarihi bir yan\u0131lg\u0131d\u0131r!<\/span><\/p>\n<p style=\"margin-bottom: 0.0001pt; text-align: justify; text-indent: 14.2pt; line-height: normal;\"><strong><span style=\"font-size: 9pt; font-family: Arial, sans-serif;\">CIA T\u00fcrkiye Masas\u0131 eski \u015fefi, ABD\u2019deki Siyonist Yahudi Lobilerinin etkili ismi, Fetullah\u00e7\u0131lar\u0131n ve AKP iktidar\u0131n\u0131n destek\u00e7isi Graham E. Fuller\u2019in yazd\u0131\u011f\u0131 \u201cYeni T\u00fcrkiye Cumhuriyeti\u201d kitab\u0131 (Tima\u015f yy. Mustafa Acar \u00e7evirisi) dikkatle okundu\u011funda, \u00f6zet olarak iki ekol\u00fcn tasfiye edilmesi gerekti\u011fini, iki olu\u015fumun da sahiplenilmesini \u00f6\u011f\u00fctledi\u011fi g\u00f6r\u00fclecektir.<\/span><\/strong><\/p>\n<p style=\"margin-bottom: 0.0001pt; text-align: justify; text-indent: 14.2pt; line-height: normal;\"><strong><span style=\"font-size: 9pt; font-family: Arial, sans-serif;\">Dolayl\u0131 ifade ve i\u015faretlerle T\u00fcrkiye\u2019de tasfiye edilmesi gerekti\u011fini, yani \u00fclke ve b\u00f6lge bar\u0131\u015f\u0131 dedi\u011fi kendi Siyonist ve emperyalist hedefleri ve h\u00e2kimiyetleri i\u00e7in tehlikeli g\u00f6rd\u00fckleri iki ekol:<\/span><\/strong><\/p>\n<p style=\"margin-bottom: 0.0001pt; text-align: justify; text-indent: 14.2pt; line-height: normal;\"><strong><span style=\"font-size: 9pt; font-family: Arial, sans-serif;\">1- Milli ve m\u00fcstakil (ba\u011f\u0131ms\u0131z) d\u00fc\u015f\u00fcnceye dayal\u0131, AB i\u00e7inde erimeye ve ABD\u2019ye gizli s\u00f6m\u00fcrgecili\u011fe kapal\u0131 olan KEMAL\u0130ZM<\/span><\/strong><\/p>\n<p style=\"margin-bottom: 0.0001pt; text-align: justify; text-indent: 14.2pt; line-height: normal;\"><strong><span style=\"font-size: 9pt; font-family: Arial, sans-serif;\">2- Abdulhamit\u2019in Pan-\u0130slamist projelerini dirilten ve ad\u0131m ad\u0131m hayata ge\u00e7iren ve b\u00f6ylece d\u00fcnya bar\u0131\u015f\u0131 ve demokrasi yar\u0131\u015f\u0131 (dedikleri Amerikan-\u0130srail hegemonyas\u0131)n\u0131 tehdit eden ERBAKAN\u0130ZM\u2026<\/span><\/strong><\/p>\n<p style=\"margin-bottom: 0.0001pt; text-align: justify; text-indent: 14.2pt; line-height: normal;\"><strong><span style=\"font-size: 9pt; font-family: Arial, sans-serif;\">Siyonist CIA \u015fefi Graham Fuller bu iki tehdit ve tehlikeye kar\u015f\u0131 panzehir olmak cinsinden iki olu\u015fumu ise umut ve kurtulu\u015f gibi g\u00f6stermektedir:<\/span><\/strong><\/p>\n<p style=\"margin-bottom: 0.0001pt; text-align: justify; text-indent: 14.2pt; line-height: normal;\"><strong><span style=\"font-size: 9pt; font-family: Arial, sans-serif;\">1- \u00c7etin Altan ve o\u011fullar\u0131 gibi eski solcular\u0131n, Taha Akyol ve Nazl\u0131 \u0131l\u0131cak gibi eski sa\u011fc\u0131lar\u0131n, Fehmi Koru ve Mehmet Metiner gibi eski \u0130slamc\u0131lar\u0131n uydurup sahiplendi\u011fi ve Bat\u0131 emperyalizmine entegrasyonun hedeflendi\u011fi 2. Cumhuriyet\u00e7ilik.. Ki Graham Fuller de kitab\u0131na bu nedenle: \u201cYeni T\u00fcrkiye Cumhuriyeti\u201d ismini vermektedir.<\/span><\/strong><\/p>\n<p style=\"margin-bottom: 0.0001pt; text-align: justify; text-indent: 14.2pt; line-height: normal;\"><strong><span style=\"font-size: 9pt; font-family: Arial, sans-serif;\">2- Il\u0131ml\u0131, yani Siyonizm\u2019e ba\u011f\u0131ml\u0131 \u0130slam safsatas\u0131yla yozla\u015ft\u0131r\u0131lm\u0131\u015f, adalet ve h\u00e2kimiyet esas\u0131 k\u0131s\u0131rla\u015ft\u0131r\u0131lm\u0131\u015f bir din anlay\u0131\u015f\u0131n\u0131n simgesi ve sahte Yeni Osmanl\u0131 modelinin halifesi olarak g\u00f6sterilen Fetullah G\u00fclen hareketi\u2026<\/span><\/strong><\/p>\n<p style=\"margin-bottom: 0.0001pt; text-align: justify; text-indent: 14.2pt; line-height: normal;\"><span style=\"font-size: 10pt; font-family: 'Arial Black', sans-serif;\">Milli M\u00fccadelenin ve Milli G\u00f6r\u00fc\u015f\u2019\u00fcn ortak amac\u0131<\/span><\/p>\n<p style=\"margin-bottom: 0.0001pt; text-align: justify; text-indent: 14.2pt; line-height: normal;\"><span style=\"font-size: 9pt; font-family: Arial, sans-serif;\">Mustafa Kemal\u2019in Milli M\u00fccadeledeki en b\u00fcy\u00fck ba\u015far\u0131s\u0131, bizzat kumanda etti\u011fi ve binlerce mekanize ara\u00e7 ve son sistem a\u011f\u0131r silahla donat\u0131lan, \u0130ngiliz, Frans\u0131z ve Amerikal\u0131larca destek \u00e7\u0131k\u0131lan Yunan ordusunu yendi\u011fi SAKARYA Meydan Muharebesidir. Sakarya zaferi, kem talihimizi tersine \u00e7eviren tarihi bir d\u00f6n\u00fcm noktas\u0131 yerindedir. Ve tabi Sakarya zaferi denilince akla Mustafa Kemal gelmektedir, \u00e7\u00fcnk\u00fc Atat\u00fcrk\u2019le Sakarya \u00f6zde\u015fle\u015fmi\u015ftir. Milli Haysiyet ve hassasiyetini yitirmi\u015f ve Ha\u00e7l\u0131 AB himayesine g\u00f6z dikmi\u015f demokrasi densizlerinin \u201cVATAN, M\u0130LLET SAKARYA\u201d tekerlemesiyle Milli m\u00fccadeleyi k\u00fc\u00e7\u00fcmseyip alay konusu edindi\u011fi bir s\u00fcre\u00e7te rahmetli Erbakan Hoca\u2019n\u0131n \u00e7\u0131k\u0131p:<\/span><\/p>\n<p style=\"margin-bottom: 0.0001pt; text-align: justify; text-indent: 14.2pt; line-height: normal;\"><strong><span style=\"font-size: 10pt; font-family: Arial, sans-serif;\">\u201cHerhangi bir kimse:<\/span><\/strong><\/p>\n<p style=\"margin-bottom: 0.0001pt; text-align: justify; text-indent: 14.2pt; line-height: normal;\"><strong><span style=\"font-size: 10pt; font-family: Arial, sans-serif;\">Malazgirt\u2019te inan\u0131\u015f\u0131n \u015fahlan\u0131\u015f\u0131n\u0131 ya\u015famadan; Kosava\u2019da, Ni\u011fbolu\u2019da bir k\u0131l\u0131\u00e7 olup parlamadan; Ulubatl\u0131 Hasan olup \u0130stanbul\u2019u feth etmeden; Sultan Fatih olup at\u0131n\u0131 denize s\u00fcrmeden; Kanuni olup, \u015fanl\u0131 ordular\u0131yla Avrupa\u2019n\u0131n i\u00e7ine y\u00fcr\u00fcmeden; Seyyit \u00c7avu\u015f olup, 250 kiloluk mermiyi \u201cya Allah!\u201d diyerek top namlusuna s\u00fcrmeden; Bir insan, SAKARYA\u2019NIN S\u0130PERLER\u0130NE G\u0130RMEDEN; ve K\u0131br\u0131s\u2019ta d\u00fc\u015fman tahkimat\u0131n\u0131n aras\u0131ndan ge\u00e7meden, Milli G\u00f6r\u00fc\u015f\u00fcn ne oldu\u011funu anlayamaz.\u201d<\/span><\/strong><\/p>\n<p style=\"margin-bottom: 0.0001pt; text-align: justify; text-indent: 14.2pt; line-height: normal;\"><span style=\"font-size: 9pt; font-family: Arial, sans-serif;\">S\u00f6zleri<\/span><\/p>\n<p style=\"margin-bottom: 0.0001pt; text-align: justify; text-indent: 14.2pt; line-height: normal;\"><strong><span style=\"font-size: 9pt; font-family: Arial, sans-serif;\">a.<\/span><\/strong><span style=\"font-size: 9pt; font-family: Arial, sans-serif;\">&nbsp;&nbsp; Hem Sakarya Meydan Muharebesinin tarihimizin en \u00f6nemli zaferlerinden birisi oldu\u011funu belirtmektedir.<\/span><\/p>\n<p style=\"margin-bottom: 0.0001pt; text-align: justify; text-indent: 14.2pt; line-height: normal;\"><span style=\"font-size: 9pt; font-family: Arial, sans-serif;\">&nbsp;<\/span><strong><span style=\"font-size: 9pt; font-family: Arial, sans-serif;\">b.<\/span><\/strong><span style=\"font-size: 9pt; font-family: Arial, sans-serif;\">&nbsp;&nbsp; Bu \u015fanl\u0131 m\u00fccadelenin, tamamen Milli ve \u015ferefli oldu\u011funu vurgulay\u0131p \u00f6vmektedir.<\/span><\/p>\n<p style=\"margin-bottom: 0.0001pt; text-align: justify; text-indent: 14.2pt; line-height: normal;\"><span style=\"font-size: 9pt; font-family: Arial, sans-serif;\">&nbsp;<\/span><strong><span style=\"font-size: 9pt; font-family: Arial, sans-serif;\">c.<\/span><\/strong><span style=\"font-size: 9pt; font-family: Arial, sans-serif;\">&nbsp;&nbsp; Ve tabii dolay\u0131s\u0131yla, Sakarya zaferinin komutan\u0131 Mustafa Kemal Atat\u00fcrk\u2019\u00fc de sahiplenip Milli G\u00f6r\u00fc\u015f\u2019e d\u00e2hil etmektedir<\/span><\/p>\n<p style=\"margin-bottom: 0.0001pt; text-align: justify; text-indent: 14.2pt; line-height: normal;\"><span style=\"font-size: 9pt; font-family: Arial, sans-serif;\">\u00c7\u00fcnk\u00fc Erbakan Kurtulu\u015f Sava\u015f\u0131\u2019n\u0131, Milletimizin bin y\u0131ll\u0131k mayas\u0131n\u0131 olu\u015fturan Milli G\u00f6r\u00fc\u015f\u2019\u00fcn yeni bir \u015fahlan\u0131\u015f\u0131 olarak de\u011ferlendirmektedir.<\/span><\/p>\n<p style=\"margin-bottom: 0.0001pt; text-align: justify; text-indent: 14.2pt; line-height: normal;\"><strong><span style=\"font-size: 10pt; font-family: Batang, serif;\">\u2022<\/span><\/strong><strong><span style=\"font-size: 10pt; font-family: Arial, sans-serif;\">&nbsp;&nbsp; Gen\u00e7li\u011fe Hitabe\u2019deki b\u00fct\u00fcn olumsuz ve onursuz \u015fartlar zuhur etse -ki etmektedir- <\/span><\/strong><\/p>\n<p style=\"margin-bottom: 0.0001pt; text-align: justify; text-indent: 14.2pt; line-height: normal;\"><strong><span style=\"font-size: 10pt; font-family: Batang, serif;\">\u2022<\/span><\/strong><strong><span style=\"font-size: 10pt; font-family: Arial, sans-serif;\">&nbsp;&nbsp; \u0130ktidardaki siyasiler, i\u015fgalci ve emperyalist g\u00fc\u00e7lerle i\u015fbirli\u011fine giri\u015fse -ki giri\u015filmektedir- <\/span><\/strong><\/p>\n<p style=\"margin-bottom: 0.0001pt; text-align: justify; text-indent: 14.2pt; line-height: normal;\"><strong><span style=\"font-size: 10pt; font-family: Batang, serif;\">\u2022<\/span><\/strong><strong><span style=\"font-size: 10pt; font-family: Arial, sans-serif;\">&nbsp;&nbsp; Asker ve sivil t\u00fcm y\u00fcksek b\u00fcrokrasi gaflet, dalalet ve hatta h\u0131yanet i\u00e7ine d\u00fc\u015fse biz yine bu \u00fclkenin ve bu devletin; AB\u2019nin eyaleti, \u0130srail\u2019in vilayeti, ABD\u2019nin s\u00f6m\u00fcrgesi yap\u0131lmas\u0131na asla m\u00fcsaade etmeyece\u011fiz! Biz Kim miyiz?<\/span><\/strong><\/p>\n<p style=\"margin-bottom: 0.0001pt; text-align: justify; text-indent: 14.2pt; line-height: normal;\"><strong><span style=\"font-size: 10pt; font-family: Arial, sans-serif;\">Biz, bu aziz milletin hala uyu\u015fturulamayan beyinleriyiz! <\/span><\/strong><\/p>\n<p style=\"margin-bottom: 0.0001pt; text-align: justify; text-indent: 14.2pt; line-height: normal;\"><strong><span style=\"font-size: 10pt; font-family: Arial, sans-serif;\">Biz, \u015fanl\u0131 tarihimizin birikimi, \u015fehitler emanetinin bek\u00e7ileriyiz!<\/span><\/strong><\/p>\n<p style=\"margin-bottom: 0.0001pt; text-align: justify; text-indent: 14.2pt; line-height: normal;\"><strong><span style=\"font-size: 10pt; font-family: Arial, sans-serif;\">Biz; asl\u0131m\u0131z\u0131n, inanc\u0131m\u0131z\u0131n ve ba\u011f\u0131ms\u0131zl\u0131\u011f\u0131m\u0131z\u0131n g\u00f6n\u00fcll\u00fc fedaileriyiz!<\/span><\/strong><\/p>\n<p style=\"margin-bottom: 0.0001pt; text-align: justify; text-indent: 14.2pt; line-height: normal;\"><strong><span style=\"font-size: 10pt; font-family: Arial, sans-serif;\">Biz, Rabbimizden ziyade s\u00fcper g\u00fc\u00e7lere iman ve itaat edenler gibi; Amerika\u2019n\u0131n himayesine, Avrupa\u2019n\u0131n himmetine ve Yahudi Lobilerinin hizmetine girmeyi, seviyesizli\u011fin en esfelessafilini bilen m\u00fc\u2019minleriz!<\/span><\/strong><\/p>\n<p style=\"margin-bottom: 0.0001pt; text-align: justify; text-indent: 14.2pt; line-height: normal;\"><strong><span style=\"font-size: 10pt; font-family: Arial, sans-serif;\">Biz; \u00c7anakkale\u2019yiz, Milli M\u00fccadeleyiz\u2026 Daha \u00f6zelini merak edenlere s\u00f6yleyelim: <\/span><\/strong><\/p>\n<p style=\"margin-bottom: 0.0001pt; text-align: justify; text-indent: 14.2pt; line-height: normal;\"><strong><span style=\"font-size: 10pt; font-family: Arial, sans-serif;\">Biz; 1974 \u015eanl\u0131 K\u0131br\u0131s Harek\u00e2t\u0131nda, koalisyon orta\u011f\u0131n\u0131n ve d\u0131\u015f odaklar\u0131n kar\u015f\u0131 \u00e7\u0131kmas\u0131na ra\u011fmen, Kahraman Ordumuzu zafere u\u011furlayan Erbakan\u2019\u0131n talebesi ve takip\u00e7isiyiz!<\/span><\/strong><\/p>\n<p style=\"margin-bottom: 0.0001pt; text-align: justify; text-indent: 14.2pt; line-height: normal;\"><span style=\"font-size: 10pt; font-family: 'Arial Black', sans-serif;\">T\u00fcrkiye ku\u015fat\u0131lm\u0131\u015ft\u0131r ve tarihi hesapla\u015fma ka\u00e7\u0131n\u0131lmazd\u0131r<\/span><\/p>\n<p style=\"margin-bottom: 0.0001pt; text-align: justify; text-indent: 14.2pt; line-height: normal;\"><span style=\"font-size: 10pt; font-family: Arial, sans-serif;\">T\u00fcrkiye\u2019nin, \u201cPKK ile bar\u0131\u015fma\u201d perdesi alt\u0131nda bir \u201cayr\u0131\u015fma\u201d s\u00fcrecine do\u011fru h\u0131zla kayd\u0131r\u0131lmas\u0131ndan endi\u015fe ediyoruz. \u00c7\u00f6z\u00fcm k\u0131l\u0131fl\u0131 bir \u00e7\u00f6z\u00fclme plan\u0131ndan ku\u015fkulan\u0131yoruz. \u015eimdi, bir zamanlar Rahmetli Erbakan\u2019\u0131n demokratik se\u00e7imler sonucu kurulan Refah-Yol iktidar\u0131n\u0131 y\u0131kmak i\u00e7in be\u015fli \u00e7ete olu\u015fturan, \u0130mam Hatiplerin k\u00f6k\u00fcn\u00fc kurutacak raporlar haz\u0131rlayan, bug\u00fcn AKP\u2019nin uygulad\u0131\u011f\u0131 K\u00fcrt a\u00e7\u0131l\u0131m\u0131n\u0131n temel projelerini ortaya koyan: T\u00dcS\u0130AD ve TESEV yetkilisi, George Soros desteklisi, Sabataist k\u00f6kenli \u015ei\u015fli Terakki ailesi, me\u015fhur Robert Kolejli, Mehmet Barlas\u2019\u0131n e\u015fi Mecbure Canan Barlas\u2019\u0131n a\u011fabeyi \u015fu CAN PAKER\u2019in Do\u011fu B\u00f6lgesi Akil Heyeti Ba\u015fkan\u0131 oldu\u011fu bir projeden \u015f\u00fcphe ve endi\u015fe duydu\u011fumuz i\u00e7in niye haks\u0131z bulunuyoruz? Bu kayg\u0131 ve ku\u015fkular\u0131m\u0131z yersiz ise, sadece biz \u201ca\u015f\u0131r\u0131 ku\u015fkucu ve hayal kurgucu\u201d oluruz.. Yok, e\u011fer bu endi\u015felerimizin y\u00fczde biri bile hakl\u0131ysa, o zaman \u00fclkemizin Irak\u2019\u0131n durumuna d\u00fc\u015fmesinden elbette korkuyoruz!<\/span><\/p>\n<p style=\"margin-bottom: 0.0001pt; text-align: justify; text-indent: 14.2pt; line-height: normal;\"><strong><i><span style=\"font-size: 10pt; font-family: Arial, sans-serif;\">\u201cE\u011fer o bir yalanc\u0131 ve komplo tak\u0131nt\u0131l\u0131 birisi ise yalan\u0131 kendi aleyhinedir ve sonunda onu rezil edecektir. Yok e\u011fer iddialar\u0131nda do\u011fru ise o ve vaat etti\u011fi musibet ve felaketlerin bir k\u0131sm\u0131 bile size dokunsa, bu sizin mahvolman\u0131z demektir\u201d <\/span><\/i><\/strong><span style=\"font-size: 10pt; font-family: Arial, sans-serif;\">(M\u00fc\u2019min: 28)<\/span><\/p>\n<p style=\"margin-bottom: 0.0001pt; text-align: justify; text-indent: 14.2pt; line-height: normal;\"><strong><span style=\"font-size: 10pt; font-family: Batang, serif;\">\u2022<\/span><\/strong><span style=\"font-size: 10pt; font-family: Arial, sans-serif;\">&nbsp;&nbsp; JGK Bekir Kalyoncu\u2019nun 2012 strateji raporunda Milli birlik ve dirli\u011fimizin ciddi tehdit alt\u0131nda oldu\u011funu vurgulamas\u0131 bo\u015funa de\u011fildir.<\/span><\/p>\n<p style=\"margin-bottom: 0.0001pt; text-align: justify; text-indent: 14.2pt; line-height: normal;\"><strong><span style=\"font-size: 10pt; font-family: Batang, serif;\">\u2022<\/span><\/strong><span style=\"font-size: 10pt; font-family: Arial, sans-serif;\">&nbsp;&nbsp; 28 Nisan 2013 Radikal\u2019de Cengiz \u00c7andar: Kandil sohbetinde, Murat Karay\u0131lan\u2019\u0131n, BM\u2019e ba\u011fl\u0131 etkin bir kurulu\u015fun, \u00f6zel bir u\u00e7akla PKK yetkililerini Oslo\u2019ya g\u00f6t\u00fcrd\u00fc\u011f\u00fcn\u00fc ve Barzani y\u00f6netiminden destek g\u00f6r\u00fcld\u00fc\u011f\u00fcn\u00fc\u201d a\u00e7\u0131klad\u0131\u011f\u0131n\u0131 belirtmi\u015ftir. Yani bu bar\u0131\u015f s\u00fcrecinde Sn. Erdo\u011fan ve \u00d6calan sadece postac\u0131l\u0131k rol\u00fc \u00fcstlenmi\u015ftir.<\/span><\/p>\n<p style=\"margin-bottom: 0.0001pt; text-align: justify; text-indent: 14.2pt; line-height: normal;\"><strong><span style=\"font-size: 10pt; font-family: Batang, serif;\">\u2022<\/span><\/strong><span style=\"font-size: 10pt; font-family: Arial, sans-serif;\">&nbsp;&nbsp; Tarihte Nemrutlara, Firavunlara ve Neronlara tap\u0131nanlar gibi, bug\u00fcn de \u201casla ba\u015f edilmez\u201d diyerek Amerika\u2019y\u0131 tanr\u0131la\u015ft\u0131ranlara kar\u015f\u0131, yeg\u00e2ne kuvvet ve kudret sahibi Allah\u2019a s\u0131\u011f\u0131n\u0131p milli h\u00fcrriyet ve haysiyet m\u00fccadelesi vermek bir iman ve insanl\u0131k g\u00f6revimizdir.<\/span><\/p>\n<p style=\"margin-bottom: 0.0001pt; text-align: justify; text-indent: 14.2pt; line-height: normal;\"><strong><span style=\"font-size: 10pt; font-family: Batang, serif;\">\u2022<\/span><\/strong><span style=\"font-size: 10pt; font-family: Arial, sans-serif;\">&nbsp;&nbsp; \u0130man\u0131n temel esas\u0131 ve insanl\u0131\u011f\u0131n hassas\u0131; Hakka ve hayra tarafgirlik, Bat\u0131la ve barbarl\u0131\u011fa kar\u015f\u0131 gelmektir.<\/span><\/p>\n<p style=\"margin-bottom: 0.0001pt; text-align: justify; text-indent: 14.2pt; line-height: normal;\"><strong><i><span style=\"font-size: 10pt; font-family: Arial, sans-serif;\">\u201cKim Ta\u011futu red ve ink\u00e2r eder de Allah\u2019a iman getirirse, o sapasa\u011flam bir kulpa yap\u0131\u015fm\u0131\u015ft\u0131r\u201d<\/span><\/i><\/strong><span style=\"font-size: 10pt; font-family: Arial, sans-serif;\"> (Bakara: 256) <\/span><\/p>\n<p style=\"margin-bottom: 0.0001pt; text-align: justify; text-indent: 14.2pt; line-height: normal;\"><span style=\"font-size: 10pt; font-family: Arial, sans-serif;\">Yani \u0130slam\u2019\u0131n ve insanl\u0131\u011f\u0131n gere\u011fi, antiemperyalist ve antisiyonist bir tav\u0131r sergilemektir.<\/span><\/p>\n<p style=\"margin-bottom: 0.0001pt; text-align: justify; text-indent: 14.2pt; line-height: normal;\"><span style=\"font-size: 10pt; font-family: Arial, sans-serif;\">Mustafa Kemal o g\u00fcnk\u00fc \u015fartlarda olduk\u00e7a zahmetli ve tehlikeli bir yolculukla, Libya\u2019y\u0131 emperyalist Bat\u0131 i\u015fgalinden kurtarmak \u00fczere bu \u00fclkeye gitmi\u015f ve \u00d6mer Muhtar\u2019lar\u0131n \u015fanl\u0131 m\u00fccadele fitilini ate\u015flemi\u015ftir. Ve yine 1937\u2019de Siyonist merkezlerin ve ABD ile \u0130ngiltere\u2019nin Filistin\u2019de bir Yahudi devleti kuraca\u011f\u0131n\u0131 sezip \u201cHz. Peygamber Efendimizin Miraca \u00e7\u0131kt\u0131\u011f\u0131 kutsal mek\u00e2nlar\u0131 koruma hat\u0131r\u0131na, gerekirse b\u00f6lgeye kahraman ordumuzu g\u00f6nderece\u011fini ama \u0130srail\u2019in kurulu\u015funa m\u00fcsaade etmeyece\u011fini\u201d bildirmi\u015ftir.<\/span><\/p>\n<p style=\"margin-bottom: 0.0001pt; text-align: justify; text-indent: 14.2pt; line-height: normal;\"><span style=\"font-size: 10pt; font-family: 'Arial Black', sans-serif;\">Necmettin Erbakan Hocam\u0131z\u2019\u0131n Atat\u00fcrk\u2019le ilgili m\u00fcspet tavr\u0131:<\/span><\/p>\n<p style=\"margin-bottom: 0.0001pt; text-align: justify; text-indent: 14.2pt; line-height: normal;\"><span style=\"font-size: 9pt; font-family: Arial, sans-serif;\">10 Kas\u0131m 2010 tarihli Milli Gazetede, Aziz Hocam\u0131z\u0131n \u015fu tarihi beyanat\u0131 \u00e7\u0131km\u0131\u015ft\u0131. Bu s\u00f6zler \u00f6yle gizli kapal\u0131 sohbet notlar\u0131 olmay\u0131p, aleniyet ve resmiyet kazanm\u0131\u015ft\u0131. Ve b\u00f6ylece Milli \u00c7\u00f6z\u00fcm\u2019\u00fcn yakla\u015f\u0131m\u0131na destek \u00e7\u0131k\u0131lm\u0131\u015ft\u0131.<\/span><\/p>\n<p style=\"margin-bottom: 0.0001pt; text-align: justify; text-indent: 14.2pt; line-height: normal;\"><span style=\"font-size: 9pt; font-family: Arial, sans-serif;\">Saadet Partisi Genel Ba\u015fkan\u0131 Prof. Dr. Necmettin Erbakan\u2019\u0131n, Mustafa Kemal Atat\u00fcrk&#8217;\u00fcn vefat\u0131n\u0131n 72. y\u0131l\u0131 dolay\u0131s\u0131yla yay\u0131nlad\u0131\u011f\u0131 mesaj, tarihi ger\u00e7ekler ve talihli m\u00fcjdeler i\u00e7ermekteydi:<\/span><\/p>\n<p style=\"margin-bottom: 0.0001pt; text-align: justify; text-indent: 14.2pt; line-height: normal;\"><span style=\"font-size: 9pt; font-family: Arial, sans-serif;\">Atat\u00fcrk&#8217;\u00fc Milli M\u00fccadele&#8217;ye \u00f6nc\u00fcl\u00fck etmi\u015f b\u00fcy\u00fck bir komutan olarak nitelendiren Erbakan\u2019\u0131n, <strong><i>&#8220;Gazi Mustafa Kemal Atat\u00fcrk, milletimizin ba\u011f\u0131ms\u0131zl\u0131k konusundaki vazge\u00e7ilmez kararl\u0131l\u0131\u011f\u0131n\u0131 arkas\u0131na alarak T\u00fcrkiye Cumhuriyeti&#8217;ni kurmu\u015f birisidir. \u00d6nc\u00fcl\u00fck etti\u011fi Milli M\u00fccadele hareketi ile milletimizin esarete asla boyun e\u011fmeyece\u011fini b\u00fct\u00fcn d\u00fcnyaya g\u00f6stermi\u015ftir.&#8221; <\/i><\/strong>tespitleri olduk\u00e7a anlaml\u0131 ve \u00f6nemliydi. <\/span><\/p>\n<p style=\"margin-bottom: 0.0001pt; text-align: justify; text-indent: 14.2pt; line-height: normal;\"><span style=\"font-size: 9pt; font-family: Arial, sans-serif;\">Milli G\u00f6r\u00fc\u015f Lideri, yapt\u0131\u011f\u0131 yaz\u0131l\u0131 a\u00e7\u0131klamada, Atat\u00fcrk&#8217;\u00fcn <strong><i>&#8220;Muas\u0131r Medeniyet&#8221;<\/i><\/strong> hedefine ancak devleti ve milletiyle b\u00fct\u00fcnle\u015fmi\u015f, ekonomik geli\u015fmesini sa\u011flam\u0131\u015f, insan hak ve \u00f6zg\u00fcrl\u00fcklerini ger\u00e7ekle\u015ftirmi\u015f bir T\u00fcrkiye ile ula\u015f\u0131l\u0131p a\u015f\u0131labilece\u011fini kaydetmi\u015fti. <\/span><\/p>\n<p style=\"margin-bottom: 0.0001pt; text-align: justify; text-indent: 14.2pt; line-height: normal;\"><span style=\"font-size: 9pt; font-family: Arial, sans-serif;\">\u0130stiklal m\u00fccadelesinde Anadolu topraklar\u0131n\u0131 i\u015fgal eden emperyalist \u00fclkelerin bug\u00fcn ayn\u0131 planlar\u0131n\u0131 \u00e7ok daha tehlikeli ve sinsi oyunlarla ger\u00e7ekle\u015ftirmeye \u00e7al\u0131\u015ft\u0131\u011f\u0131n\u0131 belirten Erbakan Hoca\u2019n\u0131n: <\/span><\/p>\n<p style=\"margin-bottom: 0.0001pt; text-align: justify; text-indent: 14.2pt; line-height: normal;\"><strong><i><span style=\"font-size: 9pt; font-family: Arial, sans-serif;\">&#8220;Milletimiz t\u0131pk\u0131 Milli M\u00fccadele g\u00fcnlerinde oldu\u011fu gibi bu sinsi planlar\u0131 bo\u015fa \u00e7\u0131karacak inan\u00e7, azim ve kararl\u0131l\u0131\u011fa sahip bulunmaktad\u0131r. Sahip oldu\u011fu tecr\u00fcbe ile bu oyunlar\u0131 tekrar bo\u015fa \u00e7\u0131karacakt\u0131r. Bizler tarih boyunca, d\u00fcnyaya huzur ve saadet getirmi\u015f bir ecdad\u0131n varisleri olman\u0131n onurunu ve sorumlulu\u011funu ta\u015f\u0131maktay\u0131z. \u201cYi\u011fit d\u00fc\u015ft\u00fc\u011f\u00fc yerden kalkacak.\u201d, T\u00fcrkiye yeni ve adil bir Medeniyet de\u011fi\u015fimine \u00f6nc\u00fcl\u00fck yapacakt\u0131r. Bug\u00fcn d\u00fcnyaya h\u00e2kim olan a\u00e7l\u0131k, sefalet, kan ve g\u00f6zya\u015f\u0131na son verecek iradeyi yine milletimiz ortaya koyacakt\u0131r. &#8216;Uydu de\u011fil, lider \u00fclke&#8217; vizyonu do\u011frultusunda \u00f6nce Yeniden B\u00fcy\u00fck T\u00fcrkiye, ard\u0131ndan Yeni Bir D\u00fcnya mutlaka kurulacakt\u0131r. Bu vesileyle vefat\u0131n\u0131n 72&#8217;nci y\u0131l\u0131nda Gazi Mustafa Kemal Atat\u00fcrk&#8217;\u00fc, Milli M\u00fccadele kahramanlar\u0131m\u0131z\u0131 ve bu vatan i\u00e7in can\u0131n\u0131 vermi\u015f b\u00fct\u00fcn \u015fehitlerimizi rahmet ve \u015f\u00fckranla an\u0131yorum.&#8221;<\/span><\/i><\/strong><span style=\"font-size: 9pt; font-family: Arial, sans-serif;\"> S\u00f6zleri ise; kutlu ufuklar\u0131n i\u015fareti ve mutlu yar\u0131nlar\u0131n m\u00fcjdeleriydi.<\/span><\/p>\n<p style=\"margin-bottom: 0.0001pt; text-align: justify; text-indent: 14.2pt; line-height: normal;\"><strong><span style=\"font-size: 9pt; font-family: Arial, sans-serif;\">\u00d6yle ya;<\/span><\/strong><\/p>\n<p style=\"margin-bottom: 0.0001pt; text-align: justify; text-indent: 14.2pt; line-height: normal;\"><strong><span style=\"font-size: 9pt; font-family: Arial, sans-serif;\">E\u011fer Atat\u00fcrk ba\u011f\u0131ms\u0131zl\u0131\u011f\u0131m\u0131z\u0131n \u00f6nc\u00fc komutan\u0131, Milli kalk\u0131nmam\u0131z\u0131n mimar\u0131, \u0130slam inan\u00e7l\u0131 ve Hz. Muhammed (SAV) hayran\u0131, ama din istismar\u0131na ve yobazl\u0131\u011fa kar\u015f\u0131, Lider \u00fclke b\u00fcy\u00fck T\u00fcrkiye sevdal\u0131s\u0131 ve Bat\u0131 Medeniyetine ula\u015fmay\u0131 de\u011fil onu a\u015fmay\u0131 hedef g\u00f6steren ender ve \u00f6nder bir devlet adam\u0131 ise, o halde Atat\u00fcrk\u00e7\u00fcl\u00fckle Milli G\u00f6r\u00fc\u015f\u00e7\u00fcl\u00fck niye uyu\u015fmas\u0131nd\u0131?<\/span><\/strong><\/p>\n<p style=\"margin-bottom: 0.0001pt; text-align: justify; text-indent: 14.2pt; line-height: normal;\"><strong><i><span style=\"font-size: 9pt; font-family: Arial, sans-serif;\">\u201cE\u011fer Mustafa Kemal ya\u015fasayd\u0131, elbette Milli G\u00f6r\u00fc\u015f\u00e7\u00fc olacakt\u0131\u201d<\/span><\/i><\/strong><span style=\"font-size: 9pt; font-family: Arial, sans-serif;\"> buyuran da Erbakan Hocam\u0131zd\u0131. Ve Atat\u00fcrk\u2019\u00fcn y\u0131llard\u0131r gizlenen vasiyeti a\u00e7\u0131ld\u0131\u011f\u0131nda, herkesin dudaklar\u0131 u\u00e7uklayacak ve Milli \u00c7\u00f6z\u00fcm\u2019e hayranl\u0131k duyulacakt\u0131.<\/span><\/p>\n<p style=\"margin-bottom: 0.0001pt; text-align: justify; text-indent: 14.2pt; line-height: normal;\"><strong><i><span style=\"font-size: 9pt; font-family: Arial, sans-serif;\">Mustafa Kemal\u2019i tebdil ve tevil ederek hakk\u0131nda h\u00fcsn\u00fc zanna y\u00f6neldi\u011fin gibi, AKP h\u00fck\u00fcmeti ve Fetullah G\u00fclen hareketiyle ilgili de, \u201conlar\u0131n Siyonist merkezlerle m\u00fcnasebetlerini ve baz\u0131 tavizlerini, hay\u0131rl\u0131 hizmet ve hedeflere yakla\u015fmak i\u00e7in bir strateji ve taktik olarak\u201d de\u011ferlendirmen gerekirken niye \u015fiddetle tenkit ediyorsun?<\/span><\/i><\/strong><span style=\"font-size: 9pt; font-family: Arial, sans-serif;\"> \u015eeklindeki sorulara yan\u0131t\u0131m\u0131z ise;<\/span><\/p>\n<p style=\"margin-bottom: 0.0001pt; text-align: justify; text-indent: 14.2pt; line-height: normal;\"><span style=\"font-size: 9pt; font-family: Arial, sans-serif;\">Atat\u00fcrk vefat edip gitmi\u015ftir. O\u2019nu kendi dinsizlik ideolojilerine alet etmek isteyenlere ve Onun istismar\u0131yla zul\u00fcm saltanatlar\u0131n\u0131 s\u00fcrd\u00fcrenlere, bu f\u0131rsat\u0131 vermemek gerekir. Ama AKP yetkileri ve Cemaat liderinin halen hayatlar\u0131 devam etmektedir ve zalim merkezlerle m\u00fcnasebetleri ve d\u0131\u015f g\u00fc\u00e7lerin destekleri a\u00e7\u0131k ve kesindir. Ve bu gidi\u015fin hangi sonu\u00e7lar\u0131 ama\u00e7lad\u0131\u011f\u0131 bizce belli de\u011fildir<strong><i>. \u201cH\u00fck\u00fcm zahire g\u00f6redir; h\u0131yanet ve dalalet giri\u015fimlerine h\u00fcsn\u00fc zanla mukabeleye izin verilmemi\u015ftir.\u201d<\/i><\/strong><\/span><\/p>\n<p style=\"margin-bottom: 0.0001pt; text-align: justify; text-indent: 14.2pt; line-height: normal;\"><strong><span style=\"font-size: 9pt; font-family: Arial, sans-serif;\">\u015eimdi Atat\u00fcrk gibi bir \u015fahsiyeti Sabataist s\u00f6m\u00fcr\u00fc sisteminin ve laiklik k\u0131l\u0131fl\u0131 dinsizlik ideolojisinin istismar aleti olmaktan \u00e7ekip (Bedi\u00fczzaman\u2019\u0131n tabiriyle, Kemalizm\u2019i tebdil ve tevil ederek de\u011fi\u015ftirip d\u00fczeltip) Milli ve Manevi gereklerimize ve ger\u00e7eklere uygun, yeniden yorumlamak e\u011fer bir su\u00e7 ise; bu su\u00e7 bizim sevab\u0131m\u0131z ve faziletimizdir!<\/span><\/strong><\/p>\n<p style=\"margin-bottom: 0.0001pt; text-align: justify; text-indent: 14.2pt; line-height: normal;\"><span style=\"font-size: 10pt; font-family: 'Arial Black', sans-serif;\">22.08.2013\u2019te G\u00f6r\u00fclen R\u00fcya (Ak\u0131n Cengiz \/ Konya)<\/span><\/p>\n<p style=\"margin-bottom: 0.0001pt; text-align: justify; text-indent: 14.2pt; line-height: normal;\"><span style=\"font-size: 9pt; font-family: Arial, sans-serif;\">Toplum i\u00e7inde bulunulan bir ortamda oluyoruz. (sanki \u00c7e\u00e7enistan) Bir \u0130slam \u00fclkesine daha b\u00fcy\u00fck zul\u00fcmler yap\u0131ld\u0131\u011f\u0131 (\u00e7oluk \u00e7ocuk herkesin zulme maruz kald\u0131\u011f\u0131) haberi duyuluyor. Haberi duydu\u011fumuzda i\u00e7imiz kan a\u011fl\u0131yor ve i\u00e7imizden Rabbimizden imdat etmesini istiyoruz (toplum da genel olarak bu imdad\u0131 bekliyor gibi) tam bu esnada bir binan\u0131n \u00f6n\u00fcnden ge\u00e7iyoruz. Birden h\u0131zl\u0131 bir isti\u015fare karar\u0131 al\u0131narak (ifadeyi tam hat\u0131rlam\u0131yorum) <strong><i>sanki emir bekleyen noktalara \u015fu mesaj ula\u015ft\u0131r\u0131l\u0131yor; \u201cTamam ba\u015flay\u0131n art\u0131k yeter, zalimlere yapt\u0131klar\u0131n\u0131n cezas\u0131n\u0131 verip zul\u00fcmleri \u00f6nleme zaman\u0131 geldi\u201d<\/i><\/strong> anlam\u0131nda bir komut veriliyor. Ard\u0131ndan elektrik \u015falterlerinin a\u00e7\u0131lmas\u0131 kadar kolay bir i\u015flemle <strong><i>her t\u00fcrl\u00fc sald\u0131r\u0131y\u0131 engelleyece\u011fine kesin olarak inan\u0131lan m\u00fckemmel bir teknolojik f\u00fcze kalkan\u0131 sistemi (an\u0131nda ve h\u0131zla) devreye sokuluyor. <\/i><\/strong>7-8 par\u00e7a, ayr\u0131 katmanlardan meydana gelen, bir birine de\u011fmeyen ama birbirini destekleyen bir yap\u0131 <strong><i>\u0131\u015f\u0131k ve nur kar\u0131\u015f\u0131m\u0131 bir bi\u00e7imde o binan\u0131n (Biz f\u00fcze vb sald\u0131r\u0131lara kar\u015f\u0131 t\u00fcm \u00fclkemizden emin oluyoruz) \u00fczerinde geni\u015f olarak beliriyor.<\/i><\/strong> O esnada i\u00e7imden sevin\u00e7le; <strong><i>\u201c\u0130\u015fte Erbakan hocam\u0131z\u0131n m\u00fcjdeledi\u011fi teknolojik silahlar!\u201d<\/i><\/strong> diyorum.<\/span><\/p>\n<p style=\"margin-bottom: 0.0001pt; text-align: justify; text-indent: 14.2pt; line-height: normal;\"><span style=\"font-size: 9pt; font-family: Arial, sans-serif;\">Bu komutu Ordu i\u00e7erisindeki Atat\u00fcrk\u2019\u00fcn de b\u00fcy\u00fck etkisinin oldu\u011fu (sanki sivil y\u00f6n\u00fc de olan) bir ekip uyguluyor, (ve sanki Atat\u00fcrk de o ordu i\u00e7inde imi\u015f alg\u0131s\u0131 olu\u015fuyor) Ben de (Atat\u00fcrk hakk\u0131nda olu\u015fturulan yanl\u0131\u015f alg\u0131lar dolay\u0131s\u0131 ile) acaba toplum tam destek olur mu? diye endi\u015fe ediyorum. Di\u011fer taraftan da t\u00fcm haz\u0131rl\u0131klar tamamlan\u0131nca, sanki Atat\u00fcrk\u2019\u00fcn <strong>\u2018\u2019Ordular \u0130lk Hedefiniz Akdeniz\u2019dir\u2019\u2019 <\/strong>emri gibi <strong>(Akdeniz \u00fczerinden \u0130srail\u2019i <\/strong>\u00f6nceleyen) yeni bir emir duymak istiyorum; derken bu ifade kullan\u0131lmasa da, bu anlam\u0131 da ta\u015f\u0131yan h\u00fccum emri geliyor. Atat\u00fcrk\u2019\u00fcn de manevi etkisinin oldu\u011fu o binadan (sanki Atat\u00fcrk\u2019\u00fcn de sesi duyuluyor): <\/span><\/p>\n<p style=\"margin-bottom: 0.0001pt; text-align: justify; text-indent: 14.2pt; line-height: normal;\"><strong><span style=\"font-size: 9pt; font-family: Arial, sans-serif;\">\u201cAllah-u Ekber, Allah-u Ekber\u201d<\/span><\/strong><span style=\"font-size: 9pt; font-family: Arial, sans-serif;\"> nidalar\u0131 y\u00fckseliyor sonra dikkatler g\u00f6ky\u00fcz\u00fcne \u00e7evriliyor (sanki meleklerden<strong>)&nbsp; \u201cAllah-u Ekber, Allah-u Ekber\u201d<\/strong> sesleri geliyor. <\/span><\/p>\n<p style=\"margin-bottom: 0.0001pt; text-align: justify; text-indent: 14.2pt; line-height: normal;\"><span style=\"font-size: 9pt; font-family: Arial, sans-serif;\">Daha sonra (Erbakan Hocam\u0131z\u0131n b\u00f6cek vb tarzl\u0131 teknolojik silahlar\u0131ndan baz\u0131lar\u0131) sanki Anadolu\u2019dan \u00e7\u0131k\u0131p zul\u00fcmleri \u00f6nlemeye odakl\u0131 bir gidi\u015fle Ortado\u011fu\u2019ya do\u011fru yol alan bir <strong>KURBA\u011eAYA<\/strong> dikkat kesiliyorum. D\u00fc\u015fman taraf\u0131nda ise onun kar\u015f\u0131s\u0131na bir AYI dikiliyor ve ben <strong><i>\u201conunla nas\u0131l ba\u015fa \u00e7\u0131kacak?\u201d<\/i><\/strong> diyorum ve normal kurba\u011falardan bir k\u0131sm\u0131 o ay\u0131dan ka\u00e7\u0131yorlar (Ay\u0131 onlar\u0131n ka\u00e7\u0131\u015f\u0131n\u0131 k\u00fc\u00e7\u00fcmseyici bir bak\u0131\u015fla izliyor.) Giden kurba\u011fa da sanki tam ne yapaca\u011f\u0131n\u0131 bilmez gibi iken ay\u0131 ile kar\u015f\u0131la\u015ft\u0131\u011f\u0131 anda, birden en az ay\u0131 b\u00fcy\u00fckl\u00fc\u011f\u00fcnde olup sald\u0131r\u0131yor, <strong>ay\u0131 neye u\u011frad\u0131\u011f\u0131n\u0131 \u015fa\u015f\u0131r\u0131yor ve korkarak h\u0131zla ka\u00e7\u0131yor!<\/strong>&nbsp;&nbsp; <\/span><\/p>\n<p style=\"margin-bottom: 0.0001pt; text-align: justify; text-indent: 14.2pt; line-height: normal;\"><span style=\"font-size: 9pt; font-family: Arial, sans-serif;\">Bu noktada r\u00fcya sona eriyor.<\/span><\/p>\n<p style=\"margin-bottom: 0.0001pt; text-align: justify; text-indent: 14.2pt; line-height: normal;\"><span style=\"font-size: 10pt; font-family: 'Arial Black', sans-serif;\">Bu R\u00fcyan\u0131n yorumu yerine m\u00fcjdeli ayetler: <\/span><\/p>\n<p style=\"margin-bottom: 0.0001pt; text-align: justify; text-indent: 14.2pt; line-height: normal;\"><span style=\"font-size: 10pt; font-family: 'Arial Black', sans-serif;\">(Saffat suresi: Son Ayetler)<\/span><\/p>\n<p style=\"margin-bottom: 0.0001pt; text-align: justify; text-indent: 14.2pt; line-height: normal;\"><strong><i><span style=\"font-size: 10pt; font-family: Arial, sans-serif;\">164\u2013 \u201cBizden her birimiz i\u00e7in belirli bir (hizmet, izzet ve mes\u2019uliyet) makam\u0131 (takdir edilmi\u015ftir.)<\/span><\/i><\/strong><\/p>\n<p style=\"margin-bottom: 0.0001pt; text-align: justify; text-indent: 14.2pt; line-height: normal;\"><strong><i><span style=\"font-size: 10pt; font-family: Arial, sans-serif;\">165\u2013 \u201cBiziz o, saflar halinde (kenetlenmi\u015f ve farkl\u0131 g\u00f6revler \u00fcstlenmi\u015f) kimseler, ger\u00e7ekten bizleriz.\u201d<\/span><\/i><\/strong><\/p>\n<p style=\"margin-bottom: 0.0001pt; text-align: justify; text-indent: 14.2pt; line-height: normal;\"><strong><i><span style=\"font-size: 10pt; font-family: Arial, sans-serif;\">166\u2013 \u201cBiziz o, (Allah\u2019\u0131) tesbih edenler (Hak davay\u0131 savunup y\u00fcceltenler) de, ger\u00e7ekten bizleriz.\u201d<\/span><\/i><\/strong><\/p>\n<p style=\"margin-bottom: 0.0001pt; text-align: justify; text-indent: 14.2pt; line-height: normal;\"><strong><i><span style=\"font-size: 10pt; font-family: Arial, sans-serif;\">172\u2013 \u201cMuhakkak (b\u00f6yle olanlar) onlar, kesinlikle nusret (ilahi yard\u0131m) olunup, zafere eri\u015feceklerdir.<\/span><\/i><\/strong><\/p>\n<p style=\"margin-bottom: 0.0001pt; text-align: justify; text-indent: 14.2pt; line-height: normal;\"><strong><i><span style=\"font-size: 10pt; font-family: Arial, sans-serif;\">173\u2013 \u201cVe \u015f\u00fcphesiz bizim ordular\u0131m\u0131z (manevi g\u00fc\u00e7lerimiz ve Mehdiyet emrindeki askeri kuvvetlerimiz) i\u015fte \u00fcst\u00fcn gelecek olanlar\u0131n ta kendileridir.\u201d<\/span><\/i><\/strong><\/p>\n<p style=\"margin-bottom: 0.0001pt; text-align: justify; text-indent: 14.2pt; line-height: normal;\"><strong><i><span style=\"font-size: 10pt; font-family: Arial, sans-serif;\">174\u2013 \u201c\u00d6yleyse Sen, (yak\u0131n) bir s\u00fcreye kadar (zalim ink\u00e2rc\u0131lardan ve i\u015fbirlik\u00e7i m\u00fcnaf\u0131klardan) y\u00fcz \u00e7evir.\u201d<\/span><\/i><\/strong><\/p>\n<p style=\"margin-bottom: 0.0001pt; text-align: justify; text-indent: 14.2pt; line-height: normal;\"><strong><i><span style=\"font-size: 10pt; font-family: Arial, sans-serif;\">175\u2013 \u201cVe onlar\u0131n (ac\u0131 ve al\u00e7alt\u0131c\u0131 ak\u0131betlerini) seyret ki, (hezimet ve zilleti) yak\u0131nda g\u00f6receklerdir.\u201d<\/span><\/i><\/strong><\/p>\n<p style=\"margin-bottom: 0.0001pt; text-align: justify; text-indent: 14.2pt; line-height: normal;\"><strong><i><span style=\"font-size: 10pt; font-family: Arial, sans-serif;\">176\u2013 \u201c\u015eimdilik onlar, bizim azab\u0131m\u0131z\u0131 (hafife al\u0131p veya alay konusu yap\u0131p) acele (gelmesini mi) istemektedir?\u201d<\/span><\/i><\/strong><\/p>\n<p style=\"margin-bottom: 0.0001pt; text-align: justify; text-indent: 14.2pt; line-height: normal;\"><strong><i><span style=\"font-size: 10pt; font-family: Arial, sans-serif;\">177\u2013 \u201cFakat (O vaat edilen intikam ve ink\u0131l\u00e2p) onlar\u0131n (en g\u00fc\u00e7l\u00fc g\u00f6rd\u00fckleri ve g\u00fcvendikleri Hava-Deniz kuvvetleri ve N\u00fckleer F\u00fczeleri) sahas\u0131na indi\u011fi (ve t\u00fcm sistemlerini etkisiz hale getirdi\u011fi) vakit, yap\u0131lan bunca uyar\u0131lar\u0131 dikkate almayanlar ne k\u00f6t\u00fc bir sabahla (uyan\u0131vereceklerdir)\u201d<\/span><\/i><\/strong><\/p>\n<div><br clear=\"all\" \/><\/p>\n<hr align=\"left\" size=\"1\" width=\"33%\" \/>\n<div>\n<p><a title=\"\" name=\"_ftn1\" href=\"file:\/\/\/C:\/Users\/uefe_000\/AppData\/Local\/Temp\/Rar$DIa0.674\/125%20-%20SAYI%20%20%C4%B0%C3%87%C4%B0NDEK%C4%B0LER%20-%20Abdullah%20-%20OSMAN%20%20-%20NA%C4%B0L%20-%2020.01.2014%20RAMAZANA.doc#_ftnref1\"><span style=\"font-size: 9pt; font-family: Arial, sans-serif;\"><span style=\"font-size: 9pt; line-height: 115%;\">[1]<\/span><\/span><\/a><span style=\"font-size: 9pt; font-family: Arial, sans-serif;\"> 08.07.2013, Hab<\/span><span style=\"font-size: 9pt; font-family: Arial, sans-serif;\">e<\/span><span style=\"font-size: 9pt; font-family: Arial, sans-serif;\">rX<\/span><\/p>\n<\/p><\/div>\n<div>\n<p><a title=\"\" name=\"_ftn2\" href=\"file:\/\/\/C:\/Users\/uefe_000\/AppData\/Local\/Temp\/Rar$DIa0.674\/125%20-%20SAYI%20%20%C4%B0%C3%87%C4%B0NDEK%C4%B0LER%20-%20Abdullah%20-%20OSMAN%20%20-%20NA%C4%B0L%20-%2020.01.2014%20RAMAZANA.doc#_ftnref2\"><span style=\"font-size: 9pt; font-family: Arial, sans-serif;\"><span style=\"font-size: 9pt; line-height: 115%;\">[2]<\/span><\/span><\/a><span style=\"font-size: 9pt; font-family: Arial, sans-serif;\"> 19 A\u011fustos 2013, Zaman<\/span><\/p>\n<\/p><\/div>\n<div>\n<p><a title=\"\" name=\"_ftn3\" href=\"file:\/\/\/C:\/Users\/uefe_000\/AppData\/Local\/Temp\/Rar$DIa0.674\/125%20-%20SAYI%20%20%C4%B0%C3%87%C4%B0NDEK%C4%B0LER%20-%20Abdullah%20-%20OSMAN%20%20-%20NA%C4%B0L%20-%2020.01.2014%20RAMAZANA.doc#_ftnref3\"><span style=\"font-size: 9pt; font-family: Arial, sans-serif;\"><span style=\"font-size: 9pt; line-height: 115%;\">[3]<\/span><\/span><\/a><span style=\"font-size: 9pt; font-family: Arial, sans-serif;\"> 01.07.2013, Yeni\u00e7a\u011f (Not: O makama kar\u015f\u0131 m\u00fcnasip g\u00f6rmedi\u011fimiz baz\u0131 kelimeler yumu\u015fat\u0131lm\u0131\u015ft\u0131r. N.G.)<\/span><\/p>\n<\/p><\/div>\n<div>\n<p><a title=\"\" name=\"_ftn4\" href=\"file:\/\/\/C:\/Users\/uefe_000\/AppData\/Local\/Temp\/Rar$DIa0.674\/125%20-%20SAYI%20%20%C4%B0%C3%87%C4%B0NDEK%C4%B0LER%20-%20Abdullah%20-%20OSMAN%20%20-%20NA%C4%B0L%20-%2020.01.2014%20RAMAZANA.doc#_ftnref4\"><span style=\"font-size: 9pt; font-family: Arial, sans-serif;\"><span style=\"font-size: 9pt; line-height: 115%;\">[4]<\/span><\/span><\/a><span style=\"font-size: 9pt; font-family: Arial, sans-serif;\"> Bak: <a href=\"http:\/\/www.turkishnews.com\">http:\/\/www.turkishnews.com<\/a> \/ 11 08 2013<\/span><\/p>\n<\/p><\/div>\n<\/p><\/div>\n","protected":false},"excerpt":{"rendered":"<p>&nbsp; Cemaat ve \u0130ktidar\u0131n ortak tahribatlar\u0131 S\u00f6zde \u00e7\u00f6z\u00fcm s\u00fcreci, PKK\u2019y\u0131 \u00f6z\u00fcmseme s\u00fcrecine d\u00f6n\u00fc\u015f\u00fcyordu. Ba\u015fbakan\u0131n palavralar\u0131 aksine, PKK\u2019l\u0131 ter\u00f6ristler silahlar\u0131yla birlikte \u0130ran, Irak ve Suriye\u2019ye \u00e7ekiliyordu. Murat Karay\u0131lan e\u015fkiyas\u0131n\u0131n a\u00e7\u0131klamalar\u0131ndan ve Bat\u0131l\u0131 m\u00fcttefiklerimizin tav\u0131rlar\u0131ndan, PKK\u2019n\u0131n ter\u00f6ristlikten \u00e7\u0131kar\u0131l\u0131p, me\u015fruiyet ve resmiyet kazanm\u0131\u015f bir \u201chalk ordusu\u201dna d\u00f6n\u00fc\u015ft\u00fcr\u00fclece\u011fi anla\u015f\u0131l\u0131yordu. B\u00f6yle bir yap\u0131lanman\u0131n, \u201cistendi\u011fi anda ve oranda, T\u00fcrkiye ve kom\u015fu [&hellip;]<\/p>\n","protected":false},"author":9,"featured_media":0,"comment_status":"open","ping_status":"closed","sticky":false,"template":"","format":"standard","meta":{"footnotes":""},"categories":[159],"tags":[],"class_list":["post-2811","post","type-post","status-publish","format-standard","hentry","category-subat-2014"],"_links":{"self":[{"href":"https:\/\/www.millicozum.com\/mc\/wp-json\/wp\/v2\/posts\/2811","targetHints":{"allow":["GET"]}}],"collection":[{"href":"https:\/\/www.millicozum.com\/mc\/wp-json\/wp\/v2\/posts"}],"about":[{"href":"https:\/\/www.millicozum.com\/mc\/wp-json\/wp\/v2\/types\/post"}],"author":[{"embeddable":true,"href":"https:\/\/www.millicozum.com\/mc\/wp-json\/wp\/v2\/users\/9"}],"replies":[{"embeddable":true,"href":"https:\/\/www.millicozum.com\/mc\/wp-json\/wp\/v2\/comments?post=2811"}],"version-history":[{"count":0,"href":"https:\/\/www.millicozum.com\/mc\/wp-json\/wp\/v2\/posts\/2811\/revisions"}],"wp:attachment":[{"href":"https:\/\/www.millicozum.com\/mc\/wp-json\/wp\/v2\/media?parent=2811"}],"wp:term":[{"taxonomy":"category","embeddable":true,"href":"https:\/\/www.millicozum.com\/mc\/wp-json\/wp\/v2\/categories?post=2811"},{"taxonomy":"post_tag","embeddable":true,"href":"https:\/\/www.millicozum.com\/mc\/wp-json\/wp\/v2\/tags?post=2811"}],"curies":[{"name":"wp","href":"https:\/\/api.w.org\/{rel}","templated":true}]}}