{"id":288,"date":"2006-11-25T05:34:37","date_gmt":"2006-11-25T05:34:37","guid":{"rendered":"https:\/\/www.millicozum.com\/mc\/2006\/11\/25\/sont-spekat-sorostan-nasil-para-alinir-mi\/"},"modified":"2006-11-25T05:34:37","modified_gmt":"2006-11-25T05:34:37","slug":"siyonist-spekulator-sorostan-nasil-para-alinir-mis","status":"publish","type":"post","link":"https:\/\/www.millicozum.com\/mc\/2006\/ocak-2006\/siyonist-spekulator-sorostan-nasil-para-alinir-mis\/","title":{"rendered":"S\u0130YON\u0130ST SPEK\u00dcLAT\u00d6R SOROS&#8217;TAN NASIL PARA ALINIR? (MI\u015e..)"},"content":{"rendered":"<p>\u00a0  <\/p>\n<p> <strong>T\u00fcrkiye&#39;de \u015firketler ve AB d\u0131\u015f\u0131nda, STK&#39;lara fon sa\u011flayacak ba\u015fka kurulu\u015flar yok mu? Bunun cevab\u0131 d\u00fcnyaca \u00fcnl\u00fc spek\u00fclat\u00f6r George Soros&#39;un, yakla\u015f\u0131k 50 \u00fclkede faaliyet g\u00f6steren a\u00e7\u0131k toplum enstit\u00fcs\u00fcnde&#8230; T\u00fcrkiye^de bir ofisi bulunan enstit\u00fcn\u00fcn d\u00fcnya b\u00fct\u00e7esi ge\u00e7ti\u011fimiz y\u0131l 400 milyon dolar\u0131n \u00fczerinde ger\u00e7ekle\u015fti.<\/strong>  <\/p>\n<p>  \u00a0  <\/p>\n<p> Sivil toplum kurulu\u015flar\u0131, projeleri i\u00e7in \u00e7o\u011funlukla T\u00fcrkiye&#39;deki \u015firketlerden kaynak bulmaya \u00e7al\u0131\u015f\u0131yor. Bu kurulu\u015flar\u0131n, g\u00f6rece daha \u015fansl\u0131 olanlar\u0131, b\u00fcy\u00fck projeleri i\u00e7in Avrupa Birli\u011finden de fon bulabiliyor. Peki T\u00fcrkiye&#39;de STK&#39;lara fon sa\u011flayacak ba\u015fka kurulu\u015flar yok mu? Bunun cevab\u0131 d\u00fcnyaca \u00fcnl\u00fc spek\u00fclat\u00f6r George Soros&#39;un yakla\u015f\u0131k 50 \u00fclkede faaliyet g\u00f6steren A\u00e7\u0131k Toplum Enstit\u00fcs\u00fcnde&#8230; T\u00fcrkiye&#39;de de bir ofisi bulunan Enstit\u00fcn\u00fcn d\u00fcnya b\u00fct\u00e7esi ge\u00e7ti\u011fimiz y\u0131l 400 milyon dolar\u0131n \u00fczerinde ger\u00e7ekle\u015fti. Asl\u0131nda Enstit\u00fcn\u00fcn T\u00fcrkiye aya\u011f\u0131n\u0131n b\u00fct\u00e7esine bak\u0131ld\u0131\u011f\u0131nda \u00e7ok b\u00fcy\u00fck olmad\u0131\u011f\u0131n\u0131 g\u00f6r\u00fcyoruz. Y\u0131ll\u0131k b\u00fct\u00e7esi 2 milyon dolar. Fakat kurumun, proje se\u00e7icili\u011finde dikkat etti\u011fi k\u0131staslar g\u00f6z \u00f6n\u00fcne al\u0131nd\u0131\u011f\u0131nda bu b\u00fct\u00e7enin pek de az olmad\u0131\u011f\u0131 kanaatine varmak m\u00fcmk\u00fcn. Enstit\u00fc taraf\u0131ndan belirlenen ilk kriter, projeye T\u00fcrk kurum ya da kurulu\u015flar\u0131n\u0131n destek verip vermedi\u011fi&#8230; Enstit\u00fc, kendi deyimleriyle bir projede &quot;orkestra \u015fefi&quot; olmak istemiyor. T\u00fcrk \u015firketlerinin ya da ki\u015filerin destek vermeye lay\u0131k g\u00f6rmedi\u011fi projeler, A\u00e7\u0131k Toplum Enstit\u00fcs\u00fc taraf\u0131ndan da destek g\u00f6rm\u00fcyor. \u0130kinci bir k\u0131stas ise projenin T\u00fcrkiye&#39;de, &quot;a\u00e7\u0131k toplum&quot; konusunda bir geli\u015fmeyi, d\u00f6n\u00fc\u015f\u00fcm\u00fc sa\u011flay\u0131p sa\u011flayamayaca\u011f\u0131. &quot;A\u00e7\u0131k toplum nedir&quot; sorusunun yan\u0131t\u0131n\u0131 ise Enstit\u00fcn\u00fcn T\u00fcrkiye Direkt\u00f6r\u00fc Hakan Alt\u0131nay veriyor: &quot;A\u00e7\u0131k toplum Kari Popper&#39;\u0131n pop\u00fclerle\u015ftirdi\u011fi bir kavram. Bu, ideal bir toplum de\u011fil. Ama yapt\u0131\u011f\u0131 hatalar\u0131n \u00e7abuk fark\u0131na varabilecek, daha iyiye gitme konusunda \u00e7evik olabilecek bir toplum anlam\u0131na geliyor. A\u00e7\u0131k toplumun, birtak\u0131m olmazsa olmazlar\u0131 var. Mesela, pop\u00fcler olmayan g\u00f6r\u00fc\u015flere kar\u015f\u0131 ho\u015fg\u00f6r\u00fcl\u00fc olmam\u0131z gerekiyor. \u00d6zg\u00fcrl\u00fck ve demokrasi de bu kavram\u0131n olmazsa olmazlar\u0131 aras\u0131nda. Bu konuda STKTar b\u00fcy\u00fck \u00f6nem ta\u015f\u0131yor. \u00c7\u00fcnk\u00fc STK&#39;lar\u0131, yeni fikirlerin geli\u015fti\u011fi yerler olarak d\u00fc\u015f\u00fcn\u00fcyoruz. Dolay\u0131s\u0131yla bunlar\u0131n \u00e7ok renkli, \u00e7ok sesli olmas\u0131, k\u00fclt\u00fcr ve sanata \u00f6nemli kaynaklar ayr\u0131lmas\u0131, a\u00e7\u0131k toplumun \u00f6zelliklerini olu\u015fturuyor. Bu nedenle STK&#39;lar taraf\u0131ndan geli\u015ftirilen projelerin, bize ba\u011f\u0131ml\u0131 olarak yola \u00e7\u0131kmas\u0131n\u0131 istemiyoruz. \u0130nsanlar\u0131n, yapmazlarsa uykular\u0131 ka\u00e7acak kadar \u00f6nemli oldu\u011funu d\u00fc\u015f\u00fcnd\u00fckleri konularda, buradaki kurumlar\u0131 ikna etmi\u015flerse biz de bir destek olarak projeye giriyoruz.&quot;  <\/p>\n<p> <strong>Dan\u0131\u015fma Kurulundan Onay<\/strong>  <\/p>\n<p> B\u00fct\u00fcn bu kurallara icabet eden STK&#39;lar\u0131 bekleyen ba\u015fka bir zorluk ise projenin, belirlenen kadro taraf\u0131ndan yap\u0131labilmesinin m\u00fcmk\u00fcn olup olmayaca\u011f\u0131. Bu kriterleri inceleyen Enstit\u00fc taraf\u0131ndan, \u00fc\u00e7 sorunun yan\u0131t\u0131 da olumlu olursa proje, iki ayda bir toplanan Dan\u0131\u015fma Kuruluna sunuluyor. Dan\u0131\u015fma Kurulu her y\u0131l de\u011fi\u015fmekle birlikte, sivil toplumu \u00e7ok iyi bilen, bizzat i\u00e7inde bulunan baz\u0131 STK y\u00f6neticileri ile akademisyenlerden olu\u015fuyor. Yani A\u00e7\u0131k Toplum Enstit\u00fcs\u00fcn\u00fcn devaml\u0131 \u00e7al\u0131\u015fanlar\u0131ndan &quot;olur&quot; alsan\u0131z bile sivil toplumun &quot;pir&#39;leri taraf\u0131ndan projeniz fon almaya uygun g\u00f6r\u00fclmeyebilir. Asl\u0131nda b\u00fct\u00fcn bu zorluklara ra\u011fmen Enstit\u00fc&#39;n\u00fcn T\u00fcrkiye Direkt\u00f6r\u00fc Hakan Altmay \u00e7ok a\u00e7\u0131k ve net: &quot;Bizce STK&#39;lar kaynak aray\u0131\u015f\u0131ndan \u00f6nce fikirlerle ilgilenmeli. Bu noktaya gelen STK&#39;lar, a\u00e7\u0131k toplumun \u00f6n\u00fcndeki sorunlar\u0131 ortadan kald\u0131rma konusunda att\u0131klar\u0131 ad\u0131mlarla \u00e7ok \u00f6nemli fikirler \u00fcretebiliyor. Bu t\u00fcr projeleri f\u00f6nl\u00fcyoruz.&quot; Sivil toplumun \u00f6ncelikli hedefinin fikir \u00fcretmek olmas\u0131 konusunda Alt\u0131-nay \u00e7ok da haks\u0131z say\u0131lmaz asl\u0131nda. STK&#39;larm okul, yurt yapmay\u0131 b\u0131rakmalar\u0131 gerekti\u011fini belirten Altmay, nedenini de \u015f\u00f6yle a\u00e7\u0131kl\u0131yor: &quot;Sivil toplum, illaki kaynak ya da bina anlam\u0131na gelmiyor. E\u011fitimle ilgili \u00e7al\u0131\u015fma yapan t\u00fcm vak\u0131f ve dernekleri toplasan\u0131z, b\u00fct\u00e7eleri y\u0131lda 100 milyon dolar\u0131 ge\u00e7mez. Ama Milli E\u011fitim Bakanl\u0131\u011f\u0131 e\u011fitim i\u00e7in y\u0131lda 10 milyar dolar harc\u0131yor. Dolay\u0131s\u0131yla bizim ana katma de\u011ferimiz para de\u011fil fikir olabilir. \u0130htiyaca daha yak\u0131n oldu\u011fumuz i\u00e7in, daha az b\u00fcrokratik oldu\u011fumuz i\u00e7in m\u00fcfredat belirlenmesinde, G\u00fcneydo\u011fu Anadolu B\u00f6lgesi&#39;nde k\u0131z \u00e7ocuklar\u0131n\u0131n okula gitmesinin sa\u011flanmas\u0131nda, analitik d\u00fc\u015f\u00fcncelerin nas\u0131l desteklenece\u011fi konusunda fikir \u00fcretmek, sivil toplum a\u00e7\u0131s\u0131ndan \u00e7ok daha anlaml\u0131 bir i\u015f b\u00f6l\u00fcm\u00fc. Yaln\u0131z e\u011fitim politikalar\u0131nda de\u011fil, sosyal politikalarda da taze, akademik bilgiyle bar\u0131\u015f\u0131k, d\u00fcnya uygulamalar\u0131 hakk\u0131nda haberdar olarak yeni fikirler \u00fcretmemiz gerekiyor&quot;  <\/p>\n<p> <strong>Prosed\u00fcr Yok<\/strong>  <\/p>\n<p> \u00d6te yandan A\u00e7\u0131k Toplum Enstit\u00fcs\u00fcnden fon almak isteyenlerin ilk etapta, ofise gelmeleri gerekmiyor. T\u00fcrkiye&#39;nin neresinde olurlarsa olsunlar, bir e-posta ile projelerini anlatabiliyorlar. Yani, AB fonlar\u0131na ba\u015fvurulardaki gibi, prosed\u00fcrlere maruz kal\u0131nm\u0131yor. Hatta Hakan Alt\u0131nay, hem b\u00fcrokrasiden uzak kalabilmek hem de proje sahiplerinin projelerini &quot;kendi dilleriyle&quot; anlatmalar\u0131n\u0131n \u00f6nemi ad\u0131na form doldurman\u0131n, t\u00fcm projeleri ayn\u0131 k\u0131ld\u0131\u011f\u0131na inan\u0131yor. \u00d6ncelikli olarak, yap\u0131lmak istenen projenin bir sayfa ile anlat\u0131lmas\u0131 uygun. Daha \u00f6nce de anlatt\u0131\u011f\u0131m\u0131z gibi proje, a\u00e7\u0131k toplum ideali konusunda Enstit\u00fcyle uyu\u015fursa, o zaman ayr\u0131nt\u0131lar isteniyor.  <\/p>\n<p> <strong>A\u00e7\u0131k Toplum Enstit\u00fcs\u00fc Kime Ne Verdi?<\/strong>  <\/p>\n<ul>\n<li>A\u00c7EV ve Bo\u011fazi\u00e7i \u00dcniversitesi i\u015fbirli\u011fi ile iki a\u015famal\u0131 olarak d\u00fczenlenen ve \u00e7ocuklar\u0131 okula haz\u0131rlamay\u0131 ama\u00e7layan &quot;G\u00fcneydo\u011fu&#39;da Okul \u00d6ncesi E\u011fitimi&quot; projesi i\u00e7in toplam 142 bin dolar.<\/li>\n<li>Tarih Vakf\u0131n\u0131n, T\u00fcrkiye bilimler Akademisi ile i\u015fbirli\u011fi i\u00e7inde, farkl\u0131l\u0131klara, \u00e7e\u015fitli inan\u00e7, k\u00fclt\u00fcr ve kimliklere sayg\u0131l\u0131 bir gen\u00e7lik yeti\u015ftirilmesi amac\u0131yla ba\u015flatt\u0131\u011f\u0131 &quot;Ders Kitaplar\u0131nda insan Haklan Taramas\u0131&quot; projesi i\u00e7in 88 bin dolar.<\/li>\n<li>Sabanc\u0131 \u00dcniversitesi istanbul Politikalar Merkezi b\u00fcnyesinde kurulu E\u011fitim Reformu Giri\u015fimi &#39;nin iki a\u015famal\u0131 &quot;Herkes i\u00e7in Kaliteli E\u011fitim&quot; projesi i\u00e7in toplam 500 bin dolar.<\/li>\n<li>K\u00fclt\u00fcr Bilincini Geli\u015ftirme Vakf\u0131n\u0131n, \u00e7ocuklar\u0131 k\u00fclt\u00fcrel de\u011ferlerle tan\u0131\u015ft\u0131rmay\u0131, ya\u015fad\u0131klar\u0131 \u00e7evrenin fark\u0131nda olmay\u0131 sa\u011flamay\u0131 hedefleyen &quot;K\u00fclt\u00fcr Kar\u0131ncalan&quot; projesi i\u00e7in 20 bin dolar.<\/li>\n<li>Turist Rehberleri Vakf\u0131n\u0131n, \u00e7ocuklar\u0131n farkl\u0131 k\u00fclt\u00fcrleri \u00f6\u011frenmesine y\u00f6nelik geli\u015ftirdi\u011fi bir m\u00fcze gezme modeli olan &quot;\u00c7ocuk ve M\u00fcze&quot; projesi i\u00e7in 46 bin dolar.<\/li>\n<li>\u015eizofreni Dostlar\u0131 Derne\u011finin, toplumu psikiyatrik rahats\u0131zl\u0131klar konusunda ayd\u0131nlatmay\u0131 ve kamuoyu olu\u015fturmay\u0131 ama\u00e7lad\u0131\u011f\u0131 &quot;Psikiyatrik Rahats\u0131zl\u0131klar\u0131 Olan Ki\u015filerin insan Haklan Projesi&quot; i\u00e7in 18 bin dolar.<\/li>\n<li>Kad\u0131n Giri\u015fimciler Derne\u011finin (KAG\u0130DER), dayak yiyen kad\u0131ndan, i\u015f kurmak isteyenine ve film yapmay\u0131 d\u00fc\u015f\u00fcnenine kadar t\u00fcm kad\u0131nlar\u0131n ihtiyac\u0131na y\u00f6nelik projelerini tonlamay\u0131 ama\u00e7layan &quot;Kad\u0131n Fonu&quot; projesi i\u00e7in 75 bin avro.<a name=\"_ftnref1\" href=\"#_ftn1\" title=\"_ftnref1\">[1]<\/a><\/li>\n<\/ul>\n<p> Siyonist spek\u00fclat\u00f6r George Soros&#39;un vak\u0131flar\u0131 eliyle da\u011f\u0131t\u0131lan b\u00fct\u00fcn bu paralar T\u00fcrkiyemizin ba\u011f\u0131ms\u0131zl\u0131\u011f\u0131n\u0131 ve bekas\u0131n\u0131 ve milli devlet yap\u0131m\u0131z\u0131 bozmaya y\u00f6neliktir.  <\/p>\n<p> <strong>K\u00fcresel S\u00fcre\u00e7te Ulus Devlet Yap\u0131s\u0131<\/strong>  <\/p>\n<p> K\u00fcreselle\u015fme s\u00fcrecinin en \u00e7ok tart\u0131\u015f\u0131lan konular\u0131n\u0131n ba\u015f\u0131nda &quot;ulus devlet&quot; yap\u0131s\u0131 gelmektedir. K\u00fcresel s\u00fcre\u00e7te ulus devlet yap\u0131s\u0131n\u0131n alaca\u011f\u0131 yeni \u015fekil, beraberinde pek \u00e7ok k\u00f6kl\u00fc de\u011fi\u015fikli\u011fi de getirece\u011fi i\u00e7in ayr\u0131ca \u00f6nem ta\u015f\u0131maktad\u0131r  <\/p>\n<p> K\u00fcreselle\u015fme s\u00fcreci ulus devletin yap\u0131s\u0131nda \u00f6nemli de\u011fi\u015fim ve d\u00f6n\u00fc\u015f\u00fcmlere yol a\u00e7maktad\u0131r. Ulus devletin de\u011fi\u015fen yap\u0131s\u0131, i\u00e7 politikayla birlikte d\u0131\u015f politikan\u0131n olu\u015fumu ve y\u00f6netimine de yans\u0131maktad\u0131r.  <\/p>\n<p> K\u00fcreselle\u015fme s\u00fcrecinde devletler aras\u0131ndaki etkile\u015fimin \u015fekli de\u011fi\u015fmekte, h\u00fck\u00fcmetler aras\u0131nda i\u015fleyen ili\u015fki modeli art\u0131k toplumlara ve uluslararas\u0131 \u00f6rg\u00fctlere do\u011fru kaymaktad\u0131r. \u00dclkeler aras\u0131ndaki temas\u0131n ba\u015fl\u0131ca akt\u00f6rleri olan d\u0131\u015f politika ve diplomasi, yerini h\u0131zla uluslararas\u0131 organizasyonlara b\u0131rakmaktad\u0131r.  <\/p>\n<p> K\u00fcreselle\u015fme s\u00fcrecinde ulus devlet giderek uluslararas\u0131 insan haklar\u0131 d\u00fczenine kar\u015f\u0131 sorumlu tutulmakta ve onun taraf\u0131ndan me\u015frula\u015ft\u0131r\u0131lmaktad\u0131r. Devletin fonksiyonlar\u0131 de\u011fi\u015fmektedir. Ulus devletin egemenlik alan\u0131 ve rol\u00fc, uluslararas\u0131 d\u00fczen taraf\u0131ndan tan\u0131mlanmaktad\u0131r. Ulus devlet, bu d\u00fczenin ayr\u0131lmaz bir par\u00e7as\u0131 haline gelmektedir. Ulus devletin ama\u00e7lar\u0131 ve uygulamalar\u0131, yaln\u0131zca kendi ulusal s\u0131n\u0131rlar\u0131n\u0131n veya \u00e7\u0131karlar\u0131n\u0131n korunmas\u0131yla s\u0131n\u0131rl\u0131 olmaktan \u00e7\u0131kmaktad\u0131r. Ulus devlet daha kapsaml\u0131 ve b\u00fcy\u00fck bir birime ba\u011fl\u0131 hale gelmektedir.  <\/p>\n<p> K\u00fcresel s\u00fcre\u00e7te ulus devletlerin kendi toplumlar\u0131n\u0131 k\u00fcresel geli\u015fmelerden tecrit etmesi, uzak tutmas\u0131 da neredeyse imkans\u0131z hale gelmektedir. \u00c7\u00fcnk\u00fc ula\u015f\u0131m kolayl\u0131klar\u0131n\u0131n yayg\u0131nla\u015fmas\u0131, haberle\u015fme teknolojisindeki ola\u011fan\u00fcst\u00fc geli\u015fmeler, emek ve sermayenin ak\u0131\u015fkanl\u0131\u011f\u0131 gibi etkenler, insanlar\u0131n kendilerinden \u00e7ok uzaktaki olaylardan ve de\u011ferlerden etkilenmelerine neden olmaktad\u0131r.  <\/p>\n<p> Ulus devlet, ekonomi alan\u0131ndaki yetkilerini de giderek ulus\u00fcst\u00fc kurumlara devretmeye zorlanmaktad\u0131r. Ulus devlet&#39;in ekonomi d\u00fczlemindeki yetkilerinin ulus\u00fcst\u00fc kurumlara devredilmesinde D\u00fcnya Bankas\u0131, IMF, OECD ve GATT gibi \u00f6rg\u00fctler \u00f6nemli rol oynamaktad\u0131rlar. Ulus\u00fcst\u00fc \u00f6rg\u00fctlerde ikinci aya\u011f\u0131 ise, b\u00f6lgesel i\u015fbirli\u011fi anla\u015fmalar\u0131 olu\u015fturmaktad\u0131r. Bu anla\u015fmalar, ulus devlet&#39;in karar alma, uygulama ve denetleme g\u00fcc\u00fcn\u00fc a\u015f\u0131nd\u0131rmakta, ulus\u00fcst\u00fc bir olu\u015fum ortaya \u00e7\u0131kmaktad\u0131r.  <\/p>\n<p> Ayr\u0131ca ekonomik ve k\u00fclt\u00fcrel ba\u011flar da ulus devlet yap\u0131s\u0131 i\u00e7indeki h\u00fck\u00fcmetlerin g\u00fcc\u00fcn\u00fcn ve etkinli\u011finin azalmas\u0131na neden olmaktad\u0131r. H\u00fck\u00fcmetler ekonomik nesnelerin, teknolojik yeniliklerin ve bilginin ak\u0131\u015f\u0131n\u0131 art\u0131k s\u0131n\u0131rlar\u0131nda kontrol etmekte g\u00fc\u00e7l\u00fck \u00e7ekmektedir. \u0130leti\u015fim ve ula\u015f\u0131m alan\u0131ndaki teknolojik geli\u015fmeler, pazarlar ve toplumlar aras\u0131ndaki s\u0131n\u0131rlar\u0131n kalkmas\u0131na yola\u00e7maktad\u0131r. Bu da ulus devletlerin ulusal ekonomik politika izlemelerini zorla\u015ft\u0131rmaktad\u0131r.  <\/p>\n<p> Uluslararas\u0131 ili\u015fkilerin yo\u011funla\u015fmas\u0131yla devletler aras\u0131nda akdedilen iki tarafl\u0131 ve \u00e7ok tarafl\u0131 anla\u015fmalar\u0131n say\u0131s\u0131n\u0131n artmas\u0131 da, ulus devletin iktidar\u0131n\u0131 zay\u0131flatan bir ba\u015fka etken olarak kar\u015f\u0131m\u0131za \u00e7\u0131kmaktad\u0131r. Bu anla\u015fmalar\u0131n \u00e7o\u011funun ekonomik konularda i\u015fbirli\u011fi, yat\u0131r\u0131m, ticaret ve ileti\u015fim alanlar\u0131nda olmas\u0131 da dikkat \u00e7ekicidir.  <\/p>\n<p> K\u00fcresel s\u00fcre\u00e7te ulus devletin yap\u0131s\u0131nda meydana gelen de\u011fi\u015fiklikler, d\u0131\u015f politika yap\u0131m\u0131na da yans\u0131maktad\u0131r. &quot;Bir devletin karar vericilerinin, ulusal \u00e7\u0131kar hedeflerini elde etmek i\u00e7in, di\u011fer devletler ya da uluslararas\u0131 birimlere do\u011fru geli\u015ftirdi\u011fi planl\u0131 hareketler y\u00f6ntemi&quot; \u015feklinde tan\u0131mlanan d\u0131\u015f politika, devletlerin karar alma mekanizmalar\u0131 taraf\u0131ndan olu\u015fturulmakta fakat di\u011fer politikalardan ayr\u0131 olarak, uluslararas\u0131 ortamda uygulanmaktad\u0131r. Bu nedenle uluslararas\u0131 arenada meydana gelen geli\u015fmeler ile siyasi, ekonomik ve hukuki s\u00fcre\u00e7ler ulus devletlerin olu\u015fturdu\u011fu d\u0131\u015f politikalar\u0131 da do\u011frudan etkilemektedir.  <\/p>\n<p> Devletlerin karar alma mekanizmalar\u0131, d\u0131\u015f politikan\u0131n parametrelerini saptarken kendi d\u00fcnya g\u00f6r\u00fc\u015fleri, ulusal \u00e7\u0131kar anlay\u0131\u015flar\u0131 ve hedefleri yan\u0131s\u0131ra art\u0131k uluslararas\u0131 ortam\u0131n talep, bask\u0131 ve dayatmalar\u0131n\u0131 da hesaba katmak zorunda kalmaktad\u0131r.  <\/p>\n<p> Ulus devletin k\u00fcresel s\u00fcre\u00e7te alaca\u011f\u0131 yeni \u015fekil ve icra edece\u011fi yeni fonksiyon ile en yak\u0131ndan ilgilenen \u00fclkelerin ba\u015f\u0131nda Amerika Birle\u015fik Devletleri geliyor. Amerikan y\u00f6netimine yak\u0131nl\u0131\u011f\u0131 bilinen Francis Fukuyama&#39;n\u0131n &quot;devlet in\u015fas\u0131&quot; tezi, ulus devletlerin k\u00fcresel s\u00fcre\u00e7te &quot;kendi ba\u015flar\u0131na b\u0131rak\u0131lmayacak kadar \u00f6nemli oldu\u011fu&quot; g\u00f6r\u00fc\u015f\u00fcn\u00fc savunuyor.  <\/p>\n<p> Amerika Birle\u015fik Devletleri, k\u00fcresel s\u00fcre\u00e7te ulus devletlerin de\u011fi\u015fim ve d\u00f6n\u00fc\u015f\u00fcmlerini kendisi kontrol etmek istiyor, k\u00fcresel hegemonya planlar\u0131 i\u00e7in bunu hayati derecede \u00f6nemli buluyor. Ayr\u0131ca kendisinin kontrol\u00fcnde olan ulus devletleri, \u00e7ok uluslu \u015firketleri i\u00e7in uygun pazar alanlar\u0131 olarak g\u00f6r\u00fcyor.  <\/p>\n<p> Ulus devletlerin, k\u00fcresel s\u00fcre\u00e7te daha nereye kadar de\u011fi\u015fip d\u00f6n\u00fc\u015fece\u011fini, hangi de\u011ferlerini k\u00fcresel sisteme kurban verece\u011fini ve kendisini nas\u0131l bir sonucun bekledi\u011fini \u015fimdiden kestirebilmek g\u00fc\u00e7. Ama mevcut d\u00f6n\u00fc\u015f\u00fcm\u00fc ciddiye al\u0131p, olan biteni anlamaya, m\u00fcmk\u00fcn olan hert\u00fcrl\u00fc \u00f6nlemi almaya ihtiya\u00e7 oldu\u011fu da a\u00e7\u0131k&#8230;  <\/p>\n<p> T\u00fcrkiye&#39;nin ise k\u00fcresel s\u00fcre\u00e7te nelerin oldu\u011fundan, kendisini hangi tehlikelerin bekledi\u011finden haberinin oldu\u011fu bile me\u00e7hul&#8230;  <\/p>\n<p> Yaz\u0131k ki, ne yaz\u0131k.<a name=\"_ftnref2\" href=\"#_ftn2\" title=\"_ftnref2\">[2]<\/a>  <\/p>\n<p> <\/p>\n<hr \/>\n<p> <a name=\"_ftn1\" href=\"#_ftnref1\" title=\"_ftn1\">[1]<\/a> Turkistime &#8211; 2005, Sh:148  <\/p>\n<p> <a name=\"_ftn2\" href=\"#_ftnref2\" title=\"_ftn2\">[2]<\/a> Milli Gazete \/ 06 11 2005 \/ Abdullah \u00d6zkan  <\/p>\n","protected":false},"excerpt":{"rendered":"<p>\u00a0  <\/p>\n<p> <strong>T\u00fcrkiye&#39;de \u015firketler ve AB d\u0131\u015f\u0131nda, STK&#39;lara fon sa\u011flayacak ba\u015fka kurulu\u015flar yok mu? Bunun cevab\u0131 d\u00fcnyaca \u00fcnl\u00fc spek\u00fclat\u00f6r George Soros&#39;un, yakla\u015f\u0131k 50 \u00fclkede faaliyet g\u00f6steren a\u00e7\u0131k toplum enstit\u00fcs\u00fcnde&#8230; T\u00fcrkiye^de bir ofisi bulunan enstit\u00fcn\u00fcn d\u00fcnya b\u00fct\u00e7esi ge\u00e7ti\u011fimiz y\u0131l 400 milyon dolar\u0131n \u00fczerinde ger\u00e7ekle\u015fti.<\/strong>  <\/p>\n","protected":false},"author":10,"featured_media":0,"comment_status":"open","ping_status":"closed","sticky":false,"template":"","format":"standard","meta":{"footnotes":""},"categories":[39],"tags":[],"class_list":["post-288","post","type-post","status-publish","format-standard","hentry","category-ocak-2006"],"_links":{"self":[{"href":"https:\/\/www.millicozum.com\/mc\/wp-json\/wp\/v2\/posts\/288","targetHints":{"allow":["GET"]}}],"collection":[{"href":"https:\/\/www.millicozum.com\/mc\/wp-json\/wp\/v2\/posts"}],"about":[{"href":"https:\/\/www.millicozum.com\/mc\/wp-json\/wp\/v2\/types\/post"}],"author":[{"embeddable":true,"href":"https:\/\/www.millicozum.com\/mc\/wp-json\/wp\/v2\/users\/10"}],"replies":[{"embeddable":true,"href":"https:\/\/www.millicozum.com\/mc\/wp-json\/wp\/v2\/comments?post=288"}],"version-history":[{"count":0,"href":"https:\/\/www.millicozum.com\/mc\/wp-json\/wp\/v2\/posts\/288\/revisions"}],"wp:attachment":[{"href":"https:\/\/www.millicozum.com\/mc\/wp-json\/wp\/v2\/media?parent=288"}],"wp:term":[{"taxonomy":"category","embeddable":true,"href":"https:\/\/www.millicozum.com\/mc\/wp-json\/wp\/v2\/categories?post=288"},{"taxonomy":"post_tag","embeddable":true,"href":"https:\/\/www.millicozum.com\/mc\/wp-json\/wp\/v2\/tags?post=288"}],"curies":[{"name":"wp","href":"https:\/\/api.w.org\/{rel}","templated":true}]}}