{"id":2918,"date":"2014-05-30T19:41:59","date_gmt":"2014-05-30T19:41:59","guid":{"rendered":"https:\/\/www.millicozum.com\/mc\/2014\/05\/30\/mit-yasasindaki-bit-hasari-ve-cumhurbaskanligi\/"},"modified":"2014-05-30T19:41:59","modified_gmt":"2014-05-30T19:41:59","slug":"mit-yasasindaki-bit-hasari-ve-cumhurbaskanligi","status":"publish","type":"post","link":"https:\/\/www.millicozum.com\/mc\/2014\/haziran-2014\/mit-yasasindaki-bit-hasari-ve-cumhurbaskanligi\/","title":{"rendered":"M\u0130T YASASINDAK\u0130 B\u0130T HASARI VE CUMHURBA\u015eKANLI\u011eI"},"content":{"rendered":"\n<p style=\"margin-bottom: 0.0001pt; text-align: justify; text-indent: 14.2pt; line-height: normal;\"><b><span style=\"font-size: 12pt; font-family: 'Arial','sans-serif';\">T\u00fcrkiye\u2019nin sadece \u00fclkesel de\u011fil, ayn\u0131 zamanda b\u00f6lgesel hatta evrensel \u00e7apta \u00f6zel operasyon ve organizasyonlar yapacak etkinlik ve yetkinlikte bir Milli \u0130stihbarat Te\u015fkilat\u0131na elbette ihtiyac\u0131 vard\u0131r; hem tarihi misyonu (Milli ve insani g\u00f6rev ve sorumluluklar\u0131), hem de gelecek vizyonu (stratejik \u00f6ng\u00f6r\u00fc ve programlar\u0131) bunu gerekli k\u0131lmaktad\u0131r. Ancak b\u00f6ylesine geni\u015f imk\u00e2n, eleman ve ekipmanlarla ve son sistem teknolojik donan\u0131mla ve bir nevi dokunulmazl\u0131k z\u0131rh\u0131 alt\u0131nda bu f\u0131rsatlara kavu\u015fturulan M\u0130T\u2019i, Milli hedefler do\u011frultusunda \u00e7al\u0131\u015ft\u0131rmak ve kontrol alt\u0131nda tutmak i\u00e7in, her bak\u0131mdan ba\u011f\u0131ms\u0131z ve kararl\u0131 bir h\u00fck\u00fcmetin i\u015fba\u015f\u0131nda bulunmas\u0131 ve devletin b\u00f6lgesel ve k\u00fcresel planlar haz\u0131rlay\u0131p uygulayacak ekonomik, teknolojik ve diplomatik bir sayg\u0131nl\u0131\u011fa ula\u015fmas\u0131 da \u015fartt\u0131r. Aksi halde bu denli g\u00fc\u00e7l\u00fc ve yetkili bir M\u0130T zay\u0131f h\u00fck\u00fcmeti ve devleti kendi g\u00fcd\u00fcm\u00fcne sokacak, T\u00fcrkiye bir \u0130stihbarat Cumhuriyeti olacak ve tabi O M\u0130T\u2019i de k\u00fcresel g\u00fc\u00e7ler, CIA-MOSSAD gibi merkezler y\u00f6nlendirip yararlanacakt\u0131r. Bu durumu anlamak i\u00e7in, Sultan Abd\u00fclhamit\u2019in o \u00e7ok tart\u0131\u015f\u0131lan ve aleyhine koz olarak kullan\u0131lan, Osmanl\u0131 Donanmas\u0131n\u0131 feshetmesi olay\u0131n\u0131 hat\u0131rlatmam\u0131zda yarar vard\u0131r. Abd\u00fclhamit Han, ittihat\u00e7\u0131 Masonlar\u0131n gaflet ve h\u0131yaneti sonucu Donanman\u0131n her kademesine Yahudi d\u00f6nmesi Sabataistlerin, Ha\u00e7l\u0131larca k\u0131\u015fk\u0131rt\u0131l\u0131p kullan\u0131lan Rum ve Ermenilerin yerle\u015ftirildi\u011fini, herhangi bir sava\u015f durumunda bu ki\u015filerin d\u00fc\u015fman saf\u0131na ge\u00e7ebilece\u011fini ve \u00fcstelik emperyalistlere <i>\u201cOsmanl\u0131 \u00e7ok g\u00fc\u00e7l\u00fc bir donanma ile sald\u0131r\u0131ya haz\u0131rlan\u0131yor\u201d<\/i> bahanesinin verilip devletin hedef haline getirildi\u011fini g\u00f6r\u00fcnce ve bu kas\u0131tl\u0131 kadrolar\u0131 de\u011fi\u015ftirme f\u0131rsat\u0131 da verilmeyince, mecburen donanma te\u015fkilat\u0131n\u0131 feshetme karar\u0131 alm\u0131\u015f, sonra gizlice yeniden yap\u0131land\u0131rmaya ba\u015flam\u0131\u015f, b\u00f6ylece \u00fclkeyi hem b\u00fcy\u00fck bir k\u00fclfetten hem de muhtemel felaketten kurtarm\u0131\u015ft\u0131r. \u00c7\u00fcnk\u00fc senin Milli \u00e7\u0131karlar istikametinde kullanamayaca\u011f\u0131n ve kontrol alt\u0131nda tutamayaca\u011f\u0131n \u00e7ok g\u00fc\u00e7l\u00fc bir kurum, asl\u0131nda rakiplerin fitne ve fesat kararg\u00e2h\u0131d\u0131r! Devaml\u0131 su almakta ve bat\u0131r\u0131lmakta olan Osmanl\u0131 Gemisini 33 y\u0131l deniz \u00fcst\u00fcnde tutan ve onu \u00e7ok \u00f6zel ve m\u00fckemmel tedbirleri sayesinde ba\u015faran, i\u015fte bu y\u00fczden ad\u0131 K\u0131z\u0131l Sultan\u2019a ve despot padi\u015faha \u00e7\u0131kan Abd\u00fclhamit Han\u2019a, hala Siyonist merkezler ve sosyalist zevzekler her f\u0131rsatta sald\u0131r\u0131p durmaktad\u0131r. Sultan Abd\u00fclhamit g\u00f6r\u00fcn\u00fc\u015fte donanma te\u015fkilat\u0131n\u0131 feshedip Bat\u0131l\u0131 g\u00e2vurlar\u0131 rahatland\u0131r\u0131p oyalarken, ayn\u0131 zamanda gizlice donanmay\u0131 yeniden yap\u0131land\u0131rma \u00e7al\u0131\u015fmalar\u0131n\u0131 ba\u015flatm\u0131\u015f ve \u00c7anakkale\u2019de destanlar yazan donanma tertibat\u0131n\u0131 ve m\u00fcrettebat\u0131n\u0131 haz\u0131rlam\u0131\u015ft\u0131r. <\/span><\/b><\/p>\n<p style=\"margin-bottom: 0.0001pt; text-align: justify; text-indent: 14.2pt; line-height: normal;\"><span style=\"font-size: 14pt;\"><b><span style=\"font-family: 'Arial','sans-serif';\">M\u0130T yasas\u0131 bir\u00e7ok \u00e7eli\u015fkiyi ve tehlikeyi i\u00e7inde bar\u0131nd\u0131rmaktad\u0131r:<\/span><\/b><\/span><\/p>\n<p style=\"margin-bottom: 0.0001pt; text-align: justify; text-indent: 14.2pt; line-height: normal;\"><span style=\"font-size: 12pt; font-family: 'Arial','sans-serif';\">21. y\u00fczy\u0131l T\u00fcrkiye\u2019sinin i\u00e7 ve d\u0131\u015f g\u00fcvenlik, istihbarat te\u015fkilatlar\u0131 bak\u0131m\u0131ndan yasal ve kurumsal altyap\u0131lar\u0131 yeniden d\u00fczenlemesi ka\u00e7\u0131n\u0131lmazd\u0131r. Ancak son M\u0130T teklifi bu ihtiyac\u0131 kar\u015f\u0131lamaktan \u00e7ok uzakt\u0131r ve karanl\u0131k noktalar\u0131 bulunmaktad\u0131r. Tasar\u0131 gerek\u00e7esinde d\u0131\u015f politikan\u0131n ve d\u00fcnyadaki g\u00fcvenlik alg\u0131s\u0131n\u0131n tamamen de\u011fi\u015fmesi nedeni ile 30 y\u0131l \u00f6nce y\u00fcr\u00fcrl\u00fc\u011fe giren yasan\u0131n ihtiya\u00e7lara cevap vermedi\u011fi hat\u0131rlat\u0131lmakta ve istihbarat te\u015fkilat\u0131n\u0131n devlet kurumlar\u0131 ile koordinasyonunun sa\u011flanmas\u0131 i\u00e7in de\u011fi\u015fiklik yap\u0131laca\u011f\u0131 vurgulanmaktad\u0131r. Ancak 15 maddeden olu\u015fan teklifte, madde gerek\u00e7eleri t\u00fcm\u00fc itibar\u0131yla bir bu\u00e7uk sayfadan olu\u015fmaktad\u0131r. Teklifte ilk olarak g\u00f6ze \u00e7arpan husus, bunun acele ile haz\u0131rland\u0131\u011f\u0131 ve madde gerek\u00e7elerinin yeterince detayland\u0131r\u0131lmad\u0131\u011f\u0131d\u0131r. Yeni M\u0130T yasas\u0131nda 4. maddeye yeni eklenen (\u0130) bendi ile; <b><i>d\u0131\u015f istihbarat, milli savunma, ter\u00f6rle m\u00fccadele ve uluslararas\u0131 su\u00e7lar ile siber g\u00fcvenlik konular\u0131nda teknik istihbarat, insan istihbarat\u0131, ara\u00e7 ve sistem kullanmak suretiyle veri toplama, kaydetme ve analiz etme<\/i><\/b> yetkisi tan\u0131nmaktad\u0131r. Yasaya eklenen bu h\u00fck\u00fcm ki\u015fisel veri toplama ile ilgili haz\u0131rlanm\u0131\u015ft\u0131r. Anayasan\u0131n 20. maddesinin son f\u0131kras\u0131 kapsam\u0131nda ki\u015fisel verilerin toplanmas\u0131nda \u2018amaca ba\u011fl\u0131l\u0131k\u2019 ilkesi esast\u0131r. Eklenen bu yeni h\u00fck\u00fcmde de belli ama\u00e7lar say\u0131lmakta ve b\u00f6ylece belirtilen prensibe uygun bir d\u00fczenleme yap\u0131ld\u0131\u011f\u0131 havas\u0131 olu\u015fturulmaktad\u0131r. Ancak, ki\u015fisel veriler hukukunda, veriyi toplaman\u0131n \u00f6tesinde, bunu kaydetme, saklama ve ba\u015fka bir makama verme hususunun da d\u00fczenlenmesi \u015fartt\u0131r. \u00d6nerilen h\u00fckme bu a\u00e7\u0131dan bakt\u0131\u011f\u0131m\u0131zda, verileri kimin, nas\u0131l toplayaca\u011f\u0131na, kaydetti\u011finde nerede saklayaca\u011f\u0131na ve analiz sonras\u0131 hangi makama ula\u015ft\u0131r\u0131laca\u011f\u0131na ili\u015fkin ayr\u0131nt\u0131l\u0131 d\u00fczenleme yer almamaktad\u0131r. Bu y\u00f6n\u00fc ile getirilen h\u00fck\u00fcm, Anayasan\u0131n 20\/son maddesine ayk\u0131r\u0131d\u0131r.<\/span><\/p>\n<p style=\"margin-bottom: 0.0001pt; text-align: justify; text-indent: 14.2pt; line-height: normal;\"><span style=\"font-size: 12pt; font-family: 'Arial','sans-serif';\">Bu konuda: \u201c<b><i>\u00d6ng\u00f6r\u00fclemeyen uygulamalar\u0131n\u201d <\/i><\/b>\u00e7ok hassas bir c\u00fcmle oldu\u011funa dikkat \u00e7eken uzmanlar hakl\u0131d\u0131r. Kanunun 5. maddesinin 3. f\u0131kras\u0131nda yap\u0131lmas\u0131 \u00f6nerilen de\u011fi\u015fiklik ile Ba\u015fbakan ba\u015fkanl\u0131\u011f\u0131nda Milli \u0130stihbarat Koordinasyon Kurulu (M\u0130KK) kurulmaktad\u0131r. Ayn\u0131 maddenin 4. f\u0131kras\u0131n\u0131n da de\u011fi\u015ftirilmesi \u00f6nerilmekte ve M\u0130KK\u2019n\u0131n Ba\u015fbakan taraf\u0131ndan belirlenen bakanlar ve \u00fcst d\u00fczey kamu g\u00f6revlilerinden olu\u015fan kurulun, \u00fc\u00e7 ayda bir ola\u011fan, gerekti\u011finde ola\u011fan\u00fcst\u00fc toplanabilece\u011fi ve kararlar\u0131n\u0131n ba\u011flay\u0131c\u0131 oldu\u011fu, belirtilmekte ve b\u00f6ylece kuvvetler ayr\u0131l\u0131\u011f\u0131 fiilen ortadan kald\u0131r\u0131lmaktad\u0131r. <\/span><\/p>\n<p style=\"margin-bottom: 0.0001pt; text-align: justify; text-indent: 14.2pt; line-height: normal;\"><span style=\"font-size: 12pt; font-family: 'Arial','sans-serif';\">M\u0130T\u2019in ter\u00f6r \u00f6rg\u00fctleriyle masaya oturmas\u0131 gerekti\u011fi de hat\u0131rlat\u0131larak: yeni 6\/1-A \u00f6nerisi: <b><i>\u201cHer t\u00fcrl\u00fc kurum, kurulu\u015f, \u00f6rg\u00fct veya olu\u015fumlar ile ki\u015filerle do\u011frudan ili\u015fki kurmak, uygun koordinasyon y\u00f6ntemleri uygulamak\u201d<\/i><\/b> \u015feklinde yaz\u0131lm\u0131\u015ft\u0131r. Bu yetkinin milli g\u00fcvenlik ve \u00fclke menfaatinin gerektirdi\u011fi hallerde kullan\u0131labilece\u011fi vurgulanm\u0131\u015ft\u0131r. Bu belirleme, kapsam\u0131 \u00e7ok geni\u015f ve s\u0131n\u0131rlar\u0131 belli olmayan bir tan\u0131mlamad\u0131r. H\u00fck\u00fcmde s\u00f6z\u00fc ge\u00e7en t\u00fcm \u00f6rg\u00fct ve olu\u015fum kelimeleri de yasal olu\u015fum ve \u00f6rg\u00fctler olarak anla\u015f\u0131lmal\u0131d\u0131r. Zira yasad\u0131\u015f\u0131 su\u00e7 \u00f6rg\u00fctleriyle do\u011frudan ili\u015fki kurulmas\u0131 ve uygun koordinasyon y\u00f6ntemlerinin uygulanmas\u0131, hukuk devletinde, devlet organlar\u0131n\u0131n su\u00e7 \u00f6rg\u00fctleriyle i\u015fbirli\u011fi yapmas\u0131 anlam\u0131 ta\u015f\u0131r ki, bu t\u00fcr davran\u0131\u015flar su\u00e7 ortakl\u0131\u011f\u0131n\u0131 do\u011furacakt\u0131r.<\/span><\/p>\n<p style=\"margin-bottom: 0.0001pt; text-align: justify; text-indent: 14.2pt; line-height: normal;\"><span style=\"font-size: 14pt;\"><b><span style=\"font-family: 'Arial','sans-serif';\">Erdo\u011fan\u2019\u0131n ihtiras\u0131 ve M\u0130T Yasas\u0131!<\/span><\/b><\/span><\/p>\n<p style=\"margin-bottom: 0.0001pt; text-align: justify; text-indent: 14.2pt; line-height: normal;\"><b><span style=\"font-size: 12pt; font-family: 'Arial','sans-serif';\">\u201cMilli \u0130stihbarat Te\u015fkilat\u0131 Kanununda De\u011fi\u015fiklik\u201d Resmi Gazete\u2019de yay\u0131mlanarak y\u00fcr\u00fcrl\u00fc\u011fe girmi\u015f bulunmaktad\u0131r. B\u00f6ylece M\u0130T, art\u0131k \u00fclkenin \u201cen g\u00fc\u00e7l\u00fc ve en bask\u0131n\u201d istihbarat kurumu konumundayd\u0131. M\u0130T, askeri istihbarat\u0131n \u201cderin kulak\u201d olarak bilinen \u201celektronik sistemleri\u201dni de devralm\u0131\u015ft\u0131. Ayr\u0131ca Emniyet\u2019in istihbarat birimi da\u011f\u0131t\u0131lm\u0131\u015f ve etkisiz k\u0131l\u0131nm\u0131\u015ft\u0131r. \u201cBu giri\u015fimlerle devletin M\u0130T\u2019e, M\u0130T\u2019in ise Recep Tayyip Beye ba\u011fland\u0131\u011f\u0131 ve yine Sn. Erdo\u011fan\u2019\u0131n alt yap\u0131s\u0131n\u0131 haz\u0131rlad\u0131\u011f\u0131 Ba\u015fkanl\u0131k sisteminde M\u0130T\u2019i \u015fahsi ve siyasi maksatlar\u0131 i\u00e7in kullanaca\u011f\u0131!\u201d ku\u015fkular\u0131nda da elbette hakl\u0131l\u0131k pay\u0131 vard\u0131, ancak bu iddia ve ithamlar, M\u0130T yasas\u0131 olay\u0131n\u0131n vahamet boyutlar\u0131n\u0131 anlatmaktan \u00e7ok uzakt\u0131r. \u00d6zellikle d\u0131\u015f istihbarat ve operasyonlar i\u00e7in bu denli yetkili k\u0131l\u0131nan M\u0130T\u2019in, hi\u00e7bir gerekli ve ger\u00e7ek\u00e7i alt yap\u0131s\u0131n\u0131n bulunmad\u0131\u011f\u0131 bu sahada uzman eleman say\u0131s\u0131n\u0131n sadece %3 civar\u0131nda bulunmas\u0131, <i>\u201cM\u0130T, CIA ve MOSSAD\u2019\u0131n b\u00f6lge kararg\u00e2h\u0131 m\u0131 yap\u0131l\u0131yor?\u201d <\/i>ku\u015fkular\u0131n\u0131 g\u00fcndeme ta\u015f\u0131maktad\u0131r. Acaba b\u00fct\u00fcn bunlara kar\u015f\u0131l\u0131k, h\u00fck\u00fcmetin M\u0130T \u00fczerinden yapt\u0131\u011f\u0131 ve yapt\u0131raca\u011f\u0131 bir tak\u0131m hukuksuzluklar\u0131n \u00fczerini kapatma r\u00fc\u015fveti mi kendilerine sunulmaktad\u0131r? Ge\u00e7mi\u015fteki soru\u015fturmalar da hesaba kat\u0131ld\u0131\u011f\u0131nda, bu konuda Meclis denetiminin getirilmesinin de g\u00f6stermelik bir avutma tedbiri oldu\u011fu s\u0131r\u0131tmaktad\u0131r.<\/span><\/b><\/p>\n<p style=\"margin-bottom: 0.0001pt; text-align: justify; text-indent: 14.2pt; line-height: normal;\"><span style=\"font-size: 14pt;\"><b><span style=\"font-family: 'Arial','sans-serif';\">\u015eimdi, halk\u0131m\u0131zdan gizlenen ve yeterince g\u00fcndeme getirilmeyen baz\u0131 ger\u00e7ekleri ve geli\u015fmeleri tekrar hat\u0131rlatal\u0131m:<\/span><\/b><\/span><\/p>\n<p style=\"margin-bottom: 0.0001pt; text-align: justify; text-indent: 14.2pt; line-height: normal;\"><span style=\"font-size: 12pt; font-family: 'Arial','sans-serif';\">* Ba\u015fbakan Erdo\u011fan, d\u0131\u015far\u0131da \u0130srail aleyhine horozlan\u0131p dururken, perde arkas\u0131nda, \u0130srail\u2019in hem de mazlum Gazze sahilinde \u00e7\u0131kard\u0131\u011f\u0131 do\u011falgaz\u0131 Trans Anadolu Do\u011falgaz Boru Hatt\u0131na (TANAP) ba\u011flay\u0131p, K\u0131br\u0131s \u00e7evresinden \u00e7\u0131karaca\u011f\u0131 do\u011falgaz\u0131 da kat\u0131p T\u00fcrkiye \u00fczerinden Avrupa\u2019ya ta\u015f\u0131ma ortakl\u0131\u011f\u0131 ad\u0131m ad\u0131m y\u00fcr\u00fcyordu.<\/span><\/p>\n<p style=\"margin-bottom: 0.0001pt; text-align: justify; text-indent: 14.2pt; line-height: normal;\"><span style=\"font-size: 14pt;\"><b><span style=\"font-family: 'Arial','sans-serif';\">* M\u0130T ile \u0130srail g\u00fcd\u00fcml\u00fc KDP aras\u0131nda \u2018hendek anla\u015fmas\u0131\u2019 yap\u0131l\u0131yordu<\/span><\/b><\/span><\/p>\n<p style=\"margin-bottom: 0.0001pt; text-align: justify; text-indent: 14.2pt; line-height: normal;\"><span style=\"font-size: 14pt;\"><b><span style=\"font-family: 'Arial','sans-serif';\"><span style=\"font-size: 12pt; font-family: 'Arial','sans-serif';\">Suriye\u2019de ya\u015fanan i\u00e7 sava\u015f\u0131n ard\u0131ndan Suriye s\u0131n\u0131r\u0131 ile T\u00fcrkiye aras\u0131na kaz\u0131lan hendekler tart\u0131\u015fma konusu olmu\u015ftu. S\u0131n\u0131rda kaz\u0131lan bu hendeklerin KDP ile M\u0130T aras\u0131nda yap\u0131lan anla\u015fma sonucunda s\u00f6zde s\u0131n\u0131r g\u00fcvenli\u011fi ama\u00e7l\u0131 kaz\u0131ld\u0131\u011f\u0131 iddia ediliyordu. Suriye\u2019nin Rojava ve Kuzey Irak K\u00fcrt B\u00f6lgesel Y\u00f6netimi aras\u0131nda K\u00fcrdistan Demokrat Parti (KDP) taraf\u0131ndan, Rojava ile Kuzey Irak K\u00fcrt Y\u00f6netimi aras\u0131nda ise T\u00fcrkiye taraf\u0131ndan kaz\u0131lan ve b\u00fcy\u00fck tepkilere neden olan hendeklerin KDP ile M\u0130T aras\u0131nda \u015eubat ay\u0131nda imzalanan bir anla\u015fma sonucunda hendeklerin kaz\u0131ld\u0131\u011f\u0131 ortaya \u00e7\u0131k\u0131yordu. Kuzey Irak K\u00fcrt B\u00f6lgesel Y\u00f6netiminde K\u00fcrt\u00e7e\u2019nin Sorani leh\u00e7esinde yay\u0131n yapan Hawlati gazetesi Milli \u0130stihbarat Te\u015fkilat\u0131 (M\u0130T) ile KDP aras\u0131nda imzalanan bir anla\u015fman\u0131n belgesine ula\u015ft\u0131\u011f\u0131n\u0131 duyuruyordu. Hawlati bu iddias\u0131n\u0131 IHAL-8317-TAR kodu ile \u2018gizli ve elden\u2019 ibareli, T\u00fcrkiye D\u0131\u015fi\u015fleri Bakanl\u0131\u011f\u0131 AG\u0130M\u2019e ba\u011fl\u0131 GIGY ve A\u0130GY M\u00fcd\u00fcrl\u00fckleri taraf\u0131ndan Erbil Konsoloslu\u011fu\u2019na hitaben yaz\u0131ld\u0131\u011f\u0131 ileri s\u00fcr\u00fclen belgede, M\u0130T M\u00fcste\u015far\u0131 Hakan Fidan\u2019\u0131n Erbil ziyareti ard\u0131ndan birtak\u0131m \u201cstratejik kararlara\u201d ula\u015f\u0131ld\u0131\u011f\u0131 belirtilerek baz\u0131 uygulanmas\u0131 gereken kararlar s\u0131ralan\u0131yordu. S\u00f6z konusu belgede hendek kaz\u0131m\u0131n\u0131n s\u00fcrd\u00fcr\u00fclmesinin \u015eubat ay\u0131ndaki M\u0130T-KDP yetkilileri aras\u0131ndaki toplant\u0131da al\u0131nd\u0131\u011f\u0131 belirtiliyordu. B\u00f6ylece M\u0130T \u00fczerinden Irak ve Suriye K\u00fcrdistanlar\u0131na resmiyet kazand\u0131r\u0131l\u0131p Ba\u011f\u0131ms\u0131z devlet muamelesi mi yap\u0131l\u0131yordu?<\/span><\/span><\/b><\/span><\/p>\n<p style=\"margin-bottom: 0.0001pt; text-align: justify; text-indent: 14.2pt; line-height: normal;\"><b><span style=\"font-size: 12pt; font-family: 'Arial','sans-serif';\">* AB ve ABD K\u0131br\u0131s turlar\u0131n\u0131 yo\u011funla\u015ft\u0131r\u0131yordu!<\/span><\/b><\/p>\n<p style=\"margin-bottom: 0.0001pt; text-align: justify; text-indent: 14.2pt; line-height: normal;\"><b><span style=\"font-size: 12pt; font-family: 'Arial','sans-serif';\"><span style=\"font-size: 12pt; font-family: 'Arial','sans-serif';\">K\u0131br\u0131s sorununa ili\u015fkin T\u00fcrk ve Rum taraf\u0131 aras\u0131nda g\u00f6r\u00fc\u015fmelerin s\u00fcrd\u00fc\u011f\u00fc s\u00fcre\u00e7te bu hafta ba\u015f\u0131nda AB ve ABD&#8217;den adaya \u00fcst d\u00fczey ziyaretlerin yap\u0131lacak olmas\u0131 dikkat \u00e7ekiyordu. Avrupa Komisyonu&#8217;nun Geni\u015flemeden Sorumlu \u00dcyesi Stefan F\u00fcle, ard\u0131ndan ABD D\u0131\u015fi\u015fleri Bakanl\u0131\u011f\u0131 M\u00fcste\u015far\u0131 Eric Rubin K\u0131br\u0131s&#8217;a gidiyordu. F\u00fcle&#8217;nin ziyaretinin amac\u0131n\u0131n, &#8220;Avrupa Komisyonu&#8217;nun birle\u015fme s\u00fcrecince g\u00fc\u00e7lendirilmi\u015f deste\u011fini vurgulamak oldu\u011funu&#8221; s\u00f6yl\u00fcyordu.<\/span><\/span><\/b><\/p>\n<p style=\"margin-bottom: 0.0001pt; text-align: justify; text-indent: 14.2pt; line-height: normal;\"><b><span style=\"font-size: 12pt; font-family: 'Arial','sans-serif';\">* AKP\u2019nin dolayl\u0131 destek \u00e7\u0131kt\u0131\u011f\u0131 konu\u015fulan El Nusra\u2019n\u0131n lideri, \u0130srail \u0130stihbarat\u0131ndan bilgi al\u0131yordu! Ve s\u0131k s\u0131k \u0130srail\u2019e gitti\u011fi yolunda Bat\u0131 medyas\u0131nda haberler ve g\u00f6r\u00fcnt\u00fcler \u00e7\u0131k\u0131yordu!<\/span><\/b><\/p>\n<p style=\"margin-bottom: 0.0001pt; text-align: justify; text-indent: 14.2pt; line-height: normal;\"><span style=\"font-size: 12pt; font-family: 'Arial','sans-serif';\">* Siyonist g\u00fcd\u00fcml\u00fc ABD Sava\u015f Lobisinin kirli Suriye tertipleri, M\u0130T m\u00fcste\u015far\u0131 Hakan Fidan\u2019\u0131n: <b><i>\u201cgerekirse Suriye\u2019de ki S\u00fcleyman \u015eah T\u00fcrbesi\u2019ni bombalat\u0131r, kar\u015f\u0131 taraftan da T\u00fcrkiye\u2019ye 8 f\u00fcze att\u0131r\u0131r\u0131z\u201d<\/i><\/b> ifadeleriyle de\u015fifre ediliyordu.<\/span><\/p>\n<p style=\"margin-bottom: 0.0001pt; text-align: justify; text-indent: 14.2pt; line-height: normal;\"><span style=\"font-size: 14pt;\"><b><span style=\"font-family: 'Arial','sans-serif';\">Suriye\u2019deki \u0130slamc\u0131 k\u0131l\u0131fl\u0131 katliam \u015febekelerine ABD\u2019nin TOW\u2019lar\u0131n\u0131 M\u0130T mi ta\u015f\u0131yordu?<\/span><\/b><\/span><\/p>\n<p style=\"margin-bottom: 0.0001pt; text-align: justify; text-indent: 14.2pt; line-height: normal;\"><span style=\"font-size: 12pt; font-family: 'Arial','sans-serif';\">Suriye\u2019deki ter\u00f6r gruplar\u0131 taraf\u0131ndan ilk kez Nisan ay\u0131 ba\u015f\u0131nda kullan\u0131lan ABD men\u015feli g\u00fcd\u00fcml\u00fc anti-tank f\u00fczelerinin, \u0130stanbul\u2019daki \u00d6SO komutan\u0131 Salim \u0130dris kanal\u0131yla M\u0130T taraf\u0131ndan Suriye\u2019ye ula\u015ft\u0131r\u0131ld\u0131\u011f\u0131 iddialar\u0131 ortaya at\u0131l\u0131yordu. Suriye\u2019de inisiyatifi kaybeden ABD, T\u00fcrkiye\u2019de yeniden \u00f6rg\u00fctledi\u011fi ter\u00f6r gruplar\u0131na ABD yap\u0131ml\u0131, g\u00fcd\u00fcml\u00fc anti-tank f\u00fczeleri g\u00f6ndermeye ba\u015fl\u0131yordu. M\u0130T-CIA-\u00d6SO \u00fc\u00e7genindeki f\u00fcze trafi\u011finin ayr\u0131nt\u0131lar\u0131na g\u00f6re Nisan ay\u0131 ba\u015f\u0131nda ilk kez kullan\u0131lmaya ba\u015flanan TOW ad\u0131 verilen anti tank f\u00fczelerinin \u0130stanbul\u2019da faaliyetlerini y\u00fcr\u00fcten eski \u00d6SO komutan\u0131 Salim \u0130dris kanal\u0131yla M\u0130T taraf\u0131ndan g\u00f6nderiliyordu. Harek\u00e2t el-Hazm adl\u0131 gruba verilen f\u00fczeler ilk kez Hatay\u2019\u0131n Hac\u0131pa\u015fa b\u00f6lgesindeki s\u0131n\u0131r\u0131n kar\u015f\u0131s\u0131nda yer alan \u0130dlip kentinde Suriye ordusuna ait tanklara kar\u015f\u0131 kullan\u0131ld\u0131\u011f\u0131 s\u00f6yleniyordu.<\/span><\/p>\n<p style=\"margin-bottom: 0.0001pt; text-align: justify; text-indent: 14.2pt; line-height: normal;\"><span style=\"font-size: 14pt;\"><b><span style=\"font-family: 'Arial','sans-serif';\">ABD\u2019nin T\u00fcrkiye \u00fczerinden yollad\u0131\u011f\u0131 silahlar ter\u00f6r \u00f6rg\u00fctleri pazar\u0131nda sat\u0131l\u0131yordu<\/span><\/b><\/span><\/p>\n<p style=\"margin-bottom: 0.0001pt; text-align: justify; text-indent: 14.2pt; line-height: normal;\"><span style=\"font-size: 12pt; font-family: 'Arial','sans-serif';\">TIR\u2019larla ter\u00f6r gruplar\u0131na g\u00f6nderilen silah ve m\u00fchimmatlar\u0131n El Kaide\u2019ye yak\u0131n silahl\u0131 gruplara sat\u0131ld\u0131\u011f\u0131 ortaya \u00e7\u0131k\u0131yordu. D\u0131\u015fi\u015fleri\u2019ndeki Suriye\u2019yle sava\u015f \u00e7\u0131kartma yollar\u0131n\u0131n g\u00f6r\u00fc\u015f\u00fcld\u00fc\u011f\u00fc toplant\u0131da M\u0130T M\u00fcste\u015far\u0131 Hakan Fidan\u2019\u0131n sarfetti\u011fi \u201cT\u00fcrkiye\u2019den Suriye\u2019ye iki bin TIR g\u00f6nderdik\u201d s\u00f6zlerinin perde arkas\u0131 giderek netle\u015fiyordu. M\u0130T \u00fczerinden Suriye\u2019deki ter\u00f6r gruplar\u0131na g\u00f6nderilen silahlar\u0131n karaborsada sat\u0131ld\u0131\u011f\u0131 yaz\u0131l\u0131p konu\u015fuluyordu. Buna g\u00f6re Halep\u2019in kuzeyinde etkinlik g\u00f6steren \u201cFatih Sultan Mehmet Tugaylar\u0131\u201dn\u0131n komutan\u0131 Mahmut Kamu S\u00fcleyman adl\u0131 Suriyeli, T\u00fcrkiye\u2019nin M\u0130T kanal\u0131yla g\u00f6nderdi\u011fi 4 adet do\u00e7ka u\u00e7aksavar\u0131 Halep\u2019in kuzeyindeki El-Bab kentinde El Kaide\u2019ye yak\u0131n ter\u00f6r \u00f6rg\u00fctlerine sat\u0131l\u0131yordu.<\/span><\/p>\n<p style=\"margin-bottom: 0.0001pt; text-align: justify; text-indent: 14.2pt; line-height: normal;\"><span style=\"font-size: 14pt;\"><b><span style=\"font-family: 'Arial','sans-serif';\">BDP\u2019li Sak\u0131k, PKK\u2019n\u0131n \u00f6zerklik s\u00fcrecine katk\u0131s\u0131 nedeniyle M\u0130T\u2019e te\u015fekk\u00fcr ediyordu!?<\/span><\/b><\/span><\/p>\n<p style=\"margin-bottom: 0.0001pt; text-align: justify; text-indent: 14.2pt; line-height: normal;\"><span style=\"font-size: 12pt; font-family: 'Arial','sans-serif';\">TBMM\u2019de M\u0130T Yasas\u0131 g\u00f6r\u00fc\u015fmelerinde, \u201cBen burada Hakan Fidan ve ekibini kutluyorum\u201d dedi\u011fi i\u00e7in kendi partisinden de ele\u015ftiri alan BDP mu\u015f Milletvekili S\u0131rr\u0131 Sak\u0131k, s\u00f6ylediklerinin yanl\u0131\u015f y\u00f6ne \u00e7ekildi\u011fini, as\u0131l hedefin Oslo ve \u0130mral\u0131 g\u00f6r\u00fc\u015fmesi oldu\u011funu s\u00f6yl\u00fcyordu. M\u0130T\u2019e te\u015fekk\u00fcr etti\u011fi i\u00e7in milliyet\u00e7i cephe taraf\u0131ndan lin\u00e7e maruz kald\u0131\u011f\u0131n\u0131 belirten Sak\u0131k, konu\u015fmas\u0131n\u0131n yanl\u0131\u015f aktar\u0131ld\u0131\u011f\u0131n\u0131 s\u00f6yleyerek Milliyet\u2019e \u015f\u00f6yle konu\u015fuyordu:<\/span><\/p>\n<p style=\"margin-bottom: 0.0001pt; text-align: justify; text-indent: 14.2pt; line-height: normal;\"><b><i><span style=\"font-size: 12pt; font-family: 'Arial','sans-serif';\">\u201cGe\u00e7mi\u015ften bug\u00fcne kadar M\u0130T\u2019in bir\u00e7ok cinayetin i\u00e7erisinde oldu\u011funu, J\u0130TEM ile M\u0130T\u2019in, kontrgerilla birli\u011finin, korucu a\u015firetlerinin i\u00e7 i\u00e7e oldu\u011fu bir s\u00fcreci ya\u015fad\u0131k. Kimse ele\u015ftirmezken bug\u00fcn ulusalc\u0131 ve milliyet\u00e7i cephenin \u00f6zellikle sald\u0131rmas\u0131, M\u0130T\u2019in elindeki yetkilerle ilgili de\u011fil. As\u0131l hedefleri \u015fu: \u2018neden M\u0130T, Oslo\u2019da ve bug\u00fcn \u0130mral\u0131\u2019da g\u00f6r\u00fc\u015fmeleri s\u00fcrd\u00fcr\u00fcyor.\u2019 Benim vurgulamak istedi\u011fim bu. M\u0130T\u2019in ge\u00e7mi\u015ften bug\u00fcne kadar cinayet i\u015fledi\u011fini s\u00f6yleyen de benim k\u00fcrs\u00fcde. Oslo ve \u0130mral\u0131 s\u00fcrecine katk\u0131s\u0131 olan herkese te\u015fekk\u00fcr etmi\u015fim. Vurgulamak istedi\u011fim buydu.\u201d <\/span><\/i><\/b><\/p>\n<p style=\"margin-bottom: 0.0001pt; text-align: justify; text-indent: 14.2pt; line-height: normal;\"><span style=\"font-size: 14pt;\"><b><span style=\"font-family: 'Arial','sans-serif';\">ABD\u2019nin Konsolosu \u00f6zerklik \u00e7al\u0131\u015fmas\u0131na kat\u0131l\u0131yordu!<\/span><\/b><\/span><\/p>\n<p style=\"margin-bottom: 0.0001pt; text-align: justify; text-indent: 14.2pt; line-height: normal;\"><b><span style=\"font-size: 12pt; font-family: 'Arial','sans-serif';\">BDP y\u00f6neticilerinin \u201cYerel se\u00e7imlerden sonra \u00f6zerkli\u011fi in\u015fa etmeye ba\u015flayaca\u011f\u0131z\u201d a\u00e7\u0131klamalar\u0131ndan sonra ABD\u2019nin Adana 2. Konsolosu J.M. Saxton Ruiz, gezi ve incelemelerde bulunmak \u00fczere Van\u2019a gidiyordu. Ruiz\u2019in Van\u2019dan BDP\u2019nin en \u00f6nemsedi\u011fi yerler olan Diyarbak\u0131r, Batman, Mardin ve \u015eanl\u0131urfa\u2019ya da gidece\u011fi \u00f6\u011freniliyordu. Ziyareti s\u0131ras\u0131nda gazetecilerin sorular\u0131n\u0131 yan\u0131tlayan Konsolos Ruiz, K\u00fcrtlerin \u00f6zerklik d\u00e2hil b\u00fct\u00fcn haklar\u0131na kavu\u015fmas\u0131 gerekti\u011fini savunuyordu!<\/span><\/b><\/p>\n<p style=\"margin-bottom: 0.0001pt; text-align: justify; text-indent: 14.2pt; line-height: normal;\"><span style=\"font-size: 14pt;\"><b><span style=\"font-family: 'Arial','sans-serif';\">Jandarma\u2019ya niye operasyon ba\u015flat\u0131l\u0131yordu?<\/span><\/b><\/span><\/p>\n<p style=\"margin-bottom: 0.0001pt; text-align: justify; text-indent: 14.2pt; line-height: normal;\"><span style=\"font-size: 12pt; font-family: 'Arial','sans-serif';\">Jandarma\u2019ya y\u00f6nelik operasyon i\u00e7in d\u00fc\u011fmeye bas\u0131l\u0131yor, M\u0130T\u2019e ait TIR\u2019larla ilgili soru\u015fturma \u00e7er\u00e7evesinde, Jandarma\u2019n\u0131n M\u0130T\u2019i dinledi\u011fi haberleri servis edilerek, g\u00f6revden almalar ba\u015fl\u0131yordu. Jandarma\u2019ya y\u00f6nelik d\u00f6n\u00fc\u015ft\u00fcrme operasyonu kapsam\u0131nda \u00e7ok say\u0131da Jandarma personelinin g\u00f6rev yerlerinin de\u011fi\u015ftirildi\u011fi ortaya \u00e7\u0131k\u0131yordu. \u015eubat ay\u0131 ba\u015f\u0131nda, bu operasyonun d\u00fc\u011fmesine bas\u0131l\u0131yor, kamuoyuna y\u00f6nelik servislerin perde arkas\u0131nda da h\u00fck\u00fcmete ve M\u0130T\u2019e yak\u0131n kaynaklar\u0131n oldu\u011fu bildiriliyordu. Jandarma ile M\u0130T aras\u0131nda T\u00fcrkiye\u2019nin ulusal g\u00fcvenli\u011fini tehdit eden bir\u00e7ok konuda kritik g\u00f6r\u00fc\u015f ayr\u0131l\u0131klar\u0131 ya\u015fan\u0131yordu. Jandarma ile M\u0130T aras\u0131nda g\u00f6r\u00fc\u015f ayr\u0131l\u0131klar\u0131 \u015fu ba\u015fl\u0131klar alt\u0131nda de\u011ferlendiriliyordu:<\/span><\/p>\n<p style=\"margin-bottom: 0.0001pt; text-align: justify; text-indent: 14.2pt; line-height: normal;\"><span style=\"font-size: 12pt; font-family: 'Arial','sans-serif';\"><\/span><\/p>\n<p style=\"margin-bottom: 0.0001pt; text-align: justify; text-indent: 14.2pt; line-height: normal;\"><b><span style=\"font-size: 12pt; font-family: 'Arial','sans-serif';\">* A\u00e7\u0131l\u0131m konular\u0131:<\/span><\/b><span style=\"font-size: 12pt; font-family: 'Arial','sans-serif';\"> Jandarma\u2019n\u0131n a\u00e7\u0131l\u0131m s\u00fcrecinde baz\u0131 itirazlar\u0131 oldu\u011fu biliniyordu. Eski Jandarma Genel Komutan\u0131 Emekli Orgeneral Bekir Kalyoncu\u2019nun g\u00f6revdeyken Nisan 2013\u2019te haz\u0131rlanan Jandarma Faaliyet Raporu\u2019nda kulland\u0131\u011f\u0131 \u015fu ifadeler, Jandarma\u2019n\u0131n a\u00e7\u0131l\u0131ma itiraz\u0131 olarak bas\u0131nda yer al\u0131yordu. <b><i>\u201c\u00dclke b\u00fct\u00fcnl\u00fc\u011f\u00fcn\u00fcn par\u00e7alanmas\u0131na y\u00f6nelik tehditleri, i\u00e7te ve d\u0131\u015fta artan yo\u011funlukta g\u00fc\u00e7 kazanma \u00e7abas\u0131 kar\u015f\u0131s\u0131nda, i\u00e7 g\u00fcvenli\u011fin sa\u011flanmas\u0131 ve korunmas\u0131 \u00f6ncelik kazanm\u0131\u015ft\u0131r.\u201d <\/i><\/b>Bekir Kalyoncu\u2019nun bu ifadeleri kullanmas\u0131n\u0131n ard\u0131ndan, \u00f6zellikle yanda\u015f bas\u0131n\u0131n hedefine oturtuluyor ve A\u011fustos Y\u00fcksek Askeri \u015euras\u0131\u2019nda da, Kara Kuvvetleri Komutan\u0131 olmas\u0131 beklenirken emekliye sevk ediliyordu.<\/span><\/p>\n<p style=\"margin-bottom: 0.0001pt; text-align: justify; text-indent: 14.2pt; line-height: normal;\"><span style=\"font-size: 12pt; font-family: 'Arial','sans-serif';\"><\/span><\/p>\n<p style=\"margin-bottom: 0.0001pt; text-align: justify; text-indent: 14.2pt; line-height: normal;\"><b><span style=\"font-size: 12pt; font-family: 'Arial','sans-serif';\">* Suriye politikalar\u0131:<\/span><\/b><span style=\"font-size: 12pt; font-family: 'Arial','sans-serif';\"> Jandarma, i\u00e7 g\u00fcvenlikle ilgili askeri kolluk g\u00f6revi \u00e7er\u00e7evesinde \u00f6zellikle El Nusra gibi \u00f6rg\u00fctlerin militanlar\u0131n\u0131n, T\u00fcrkiye\u2019de cirit atmas\u0131, Jandarma\u2019y\u0131 ek tedbirler almaya itiyor, bu \u00e7er\u00e7evede, bu ter\u00f6ristlerin T\u00fcrkiye i\u00e7indeki faaliyetleri yak\u0131n takibe al\u0131n\u0131yordu. Hatta 11 May\u0131s 2013 tarihinde Reyhanl\u0131\u2019daki ter\u00f6r sald\u0131r\u0131s\u0131ndan k\u0131sa bir s\u00fcre \u00f6nce, El Nusra militanlar\u0131n\u0131n bombal\u0131 ara\u00e7larla sald\u0131r\u0131 ger\u00e7ekle\u015ftirebilece\u011fi y\u00f6n\u00fcnde bir Jandarma Bilgi Notu ortaya \u00e7\u0131k\u0131yordu. Yetkililerin bu bilgi notunu g\u00f6z ard\u0131 etmesi \u00fczerine Reyhanl\u0131\u2019daki bombal\u0131 sald\u0131r\u0131larda maalesef 53 yurtta\u015f\u0131m\u0131z hayat\u0131n\u0131 kaybediyordu.<\/span><\/p>\n<p style=\"margin-bottom: 0.0001pt; text-align: justify; text-indent: 14.2pt; line-height: normal;\"><span style=\"font-size: 12pt; font-family: 'Arial','sans-serif';\"><\/span><\/p>\n<p style=\"margin-bottom: 0.0001pt; text-align: justify; text-indent: 14.2pt; line-height: normal;\"><span style=\"font-size: 14pt;\"><b><span style=\"font-family: 'Arial','sans-serif';\">PYD\u2019nin \u2018\u00f6zerklik\u2019 faaliyeti M\u0130T destekli mi y\u00fcr\u00fct\u00fcl\u00fcyordu?<\/span><\/b><\/span><\/p>\n<p style=\"margin-bottom: 0.0001pt; text-align: justify; text-indent: 14.2pt; line-height: normal;\"><b><span style=\"font-size: 12pt; font-family: 'Arial','sans-serif';\">Jandarma istihbarat\u0131 ayr\u0131ca, 2010 y\u0131l\u0131 sonunda PKK\u2019n\u0131n Suriye\u2019nin kuzeyine y\u0131\u011f\u0131nak yapt\u0131\u011f\u0131n\u0131, o b\u00f6lgeye dikkat edilmesi y\u00f6n\u00fcnde tespitler yap\u0131yordu. Suriye\u2019deki olaylar hen\u00fcz ba\u015flamam\u0131\u015fken ve b\u00f6lge sakinken PKK\u2019n\u0131n kritik y\u00f6neticilerinin, Suriye\u2019nin kuzeyinde, PYD\u2019nin e\u011fitimine ba\u015flamas\u0131n\u0131n M\u0130T i\u00e7indeki baz\u0131 unsurlarca da bilindi\u011fi ve engellenmedi\u011fi iddia ediliyor ve bu durum iki kurumu kar\u015f\u0131 kar\u015f\u0131ya getiriyordu.<\/span><\/b><\/p>\n<p style=\"margin-bottom: 0.0001pt; text-align: justify; text-indent: 14.2pt; line-height: normal;\"><span style=\"font-size: 14pt;\"><b><span style=\"font-family: 'Arial','sans-serif';\">Ve nihayet ABD \u0130ncirlik\u2019teki atom bombas\u0131n\u0131 yeniliyordu!<\/span><\/b><\/span><\/p>\n<p style=\"margin-bottom: 0.0001pt; text-align: justify; text-indent: 14.2pt; line-height: normal;\"><span style=\"font-size: 12pt; font-family: 'Arial','sans-serif';\">ABD&#8217;nin, Adana&#8217;daki \u0130ncirlik \u00dcss\u00fc d\u00e2hil Avrupa&#8217;daki 5 \u00fclkede konu\u015fland\u0131rd\u0131\u011f\u0131 eski tip &#8220;B-61&#8221; atom bombalar\u0131n\u0131, yeni &#8220;g\u00fcd\u00fcml\u00fc&#8221; bombalarla (B61-12) de\u011fi\u015ftirece\u011fi belirtiliyordu. HaberT\u00fcrk&#8217;te yer alan bilgilere g\u00f6re, ABD Ulusal N\u00fckleer G\u00fcvenlik Dairesi (NNSA), yeni tip B61-12 g\u00fcd\u00fcml\u00fc n\u00fckleer f\u00fczelerin foto\u011fraflar\u0131n\u0131 yay\u0131nl\u0131yordu. \u0130ncirlik&#8217;teki 60-70 civar\u0131ndaki B-61 tipi atom bombas\u0131n\u0131n yerini modern B61-12&#8217;ler alaca\u011f\u0131 s\u00f6yleniyordu. NNSA, B61-12 g\u00fcd\u00fcml\u00fc n\u00fckleer bomban\u0131n ilk denemesinin &#8220;ba\u015far\u0131l\u0131&#8221; ge\u00e7ti\u011fini bildiriyordu.<\/span><\/p>\n<p style=\"margin-bottom: 0.0001pt; text-align: justify; text-indent: 14.2pt; line-height: normal;\"><span style=\"font-size: 14pt;\"><b><span style=\"font-family: 'Arial','sans-serif';\">Yoksa 3. D\u00fcnya Sava\u015f\u0131\u2019n\u0131n b\u00f6lge ta\u015feronlu\u011fu M\u0130T \u00fczerinden T\u00fcrkiye\u2019ye yapt\u0131r\u0131lmak m\u0131 isteniyordu?<\/span><\/b><\/span><\/p>\n<p style=\"margin-bottom: 0.0001pt; text-align: justify; text-indent: 14.2pt; line-height: normal;\"><b><span style=\"font-size: 12pt; font-family: 'Arial','sans-serif';\">Milyonlarca masumun can\u0131na mal olan analar\u0131, k\u0131zlar\u0131, ihtiyarlar\u0131, \u00e7ocuklar\u0131 yak\u0131p kavuran, hayatlar\u0131m\u0131z\u0131 ve h\u00fclyalar\u0131m\u0131z\u0131 k\u00e2busa d\u00f6n\u00fc\u015ft\u00fcr\u00fcp karartan, korku, ter\u00f6r, tecav\u00fcz, i\u015fkence ve talan do\u011furan, onlarca sava\u015fa ra\u011fmen, neden halen d\u00fcnya bar\u0131\u015f\u0131 kurulamamaktad\u0131r? Tarihten ve sava\u015flardan ders alamad\u0131\u011f\u0131m\u0131z i\u00e7in de\u011fil, d\u00fcnyay\u0131 s\u00f6m\u00fcren ve insanl\u0131\u011f\u0131 ezen Siyonist canavar kana doymad\u0131\u011f\u0131 i\u00e7in b\u00fct\u00fcn bunlar ya\u015fanmaktad\u0131r. ABD\u2019nin 26. Ba\u015fkan\u0131 olan Theodore Roosevelt 1909 tarihinde, ABD\u2019nin ni\u00e7in her daim bir sava\u015fa ihtiya\u00e7 duydu\u011funu itiraf etmi\u015ftir: <i>\u201cHer t\u00fcrl\u00fc sava\u015f\u0131 selamlay\u0131p sahip \u00e7\u0131kmak laz\u0131md\u0131r. Sava\u015f ABD\u2019nin sa\u011fl\u0131k sigortas\u0131d\u0131r. \u00c7\u00fcnk\u00fc her on senede bir d\u0131\u015far\u0131da sava\u015f ya\u015famaz isek bu sava\u015f\u0131 i\u00e7imizde yapmak zorunda kal\u0131nacakt\u0131r\u201d<\/i> demi\u015ftir. ABD\u2019yi Birinci Cihan Sava\u015f\u0131na sokan ve \u201cbar\u0131\u015f sembol\u00fc\u201d Ba\u015fkan palavras\u0131 ile tan\u0131t\u0131lan 28. Ba\u015fkan Woodrow Wilson: \u201cBedeli ne olursa olsun, bankalar\u0131m\u0131z, askeri sanayimiz ve silah kurumlar\u0131m\u0131z, \u015firketlerimiz ve fabrikalar\u0131m\u0131z i\u00e7in yabanc\u0131 pazarlar bize ait olmal\u0131d\u0131r\u201d bunun yolu da sava\u015f ortam\u0131 haz\u0131rlamakt\u0131r.<\/span><\/b><\/p>\n<p style=\"margin-bottom: 0.0001pt; text-align: justify; text-indent: 14.2pt; line-height: normal;\"><b><span style=\"font-size: 12pt; font-family: 'Arial','sans-serif';\">ABD \u00f6n\u00fcm\u00fczdeki on sene zarf\u0131nda n\u00fckleer silahlar\u0131n modernizasyonu, yeni n\u00fckleer silah teknolojisi \u00fcretimi, bak\u0131m ve deneyler i\u00e7in 640 milyar dolar para harcayacakt\u0131r. D\u00fcnyadaki toplam n\u00fckleer kuvvetlerin harcayaca\u011f\u0131 para miktar\u0131 d\u00fcnyadaki t\u00fcm a\u00e7l\u0131k, hastal\u0131k ve yoksulluklar\u0131 katbekat kar\u015f\u0131layacak orandad\u0131r. ABD 2014 askeri b\u00fct\u00e7esini 646 milyar dolar olarak a\u00e7\u0131klam\u0131\u015f, \u00c7in 100 milyar dolar ile ikinci s\u0131rada, Rusya 70 milyar dolar ile \u00fc\u00e7\u00fcnc\u00fc s\u0131radad\u0131r. \u0130ngiltere 60, Japonya 47 milyar dolar ay\u0131racakt\u0131r. 4 milyon n\u00fcfuslu \u0130srail 15 milyar dolar ile silahlanma yar\u0131\u015f\u0131nda \u00fcst s\u0131ralardad\u0131r. Petrol-Dolar K\u00f6rfez Krall\u0131klar\u0131n sadece 2013\u2019te silah i\u00e7in harcad\u0131klar\u0131 miktar 123 Milyar dolard\u0131r. \u201cKhadim-i El-Harameyn\u201d (iki Kutsal mek\u00e2n\u0131n Hizmet\u00e7isi) Suudi Krall\u0131\u011f\u0131 67 Milyar Dolar ile harcamada liste ba\u015f\u0131d\u0131r. Balkanlar, Do\u011fu Avrupa, \u00d6n Asya, Orta Asya, Uzak Do\u011fu Asya, Kafkaslar, Latin ve G\u00fcney Amerika ile Arap \u00fclkeleri kan revan i\u00e7inde \u00e7\u0131rp\u0131nmaktad\u0131r. Cinayet ve harami \u015febekeleri bazen \u00e7ember sakall\u0131, bazen gamal\u0131 bazen de kravatl\u0131 \u201ckutsal\u201d ter\u00f6r\u00fcn\u00fc musallat eder, hep ABD ve AB\u2019yi g\u00fcd\u00fcm\u00fcne alan Siyonist odaklard\u0131r. D\u00fcnya tekelleri yeni bir sava\u015f\u0131n altyap\u0131s\u0131n\u0131 haz\u0131rlamaktad\u0131r.<sup>[1]<\/sup><\/span><\/b><\/p>\n<p style=\"margin-bottom: 0.0001pt; text-align: justify; text-indent: 14.2pt; line-height: normal;\"><span style=\"font-size: 14pt;\"><b><span style=\"font-family: 'Arial','sans-serif';\">\u00dcst\u00fcn vas\u0131fl\u0131 bir Cumhurba\u015fkan\u0131, ama nas\u0131l?<\/span><\/b><\/span><\/p>\n<p style=\"margin-bottom: 0.0001pt; text-align: justify; text-indent: 14.2pt; line-height: normal;\"><b><span style=\"font-size: 12pt; font-family: 'Arial','sans-serif';\">T\u00fcrkiye\u2019nin ba\u015f\u0131na ve b\u00f6ylesine kritik bir ortamda; a) Y\u00fcksek ehliyetli (yeterli derecede bilgili ve birikimli) b) Ger\u00e7ek iradeli ve dirayetli c) Ve \u00f6rnek basiret ve hidayet sahibi bir Cumhurba\u015fkan\u0131n\u0131n ge\u00e7mesine kesinlikle ihtiya\u00e7 vard\u0131. MHP, CHP, Saadet ve B\u00fcy\u00fck Birlik partileri bu meziyet ve faziletlere sahip ortak bir aday etraf\u0131nda uzla\u015fsa, K\u00fcrt karde\u015flerimizden ve AKP i\u00e7indeki duyarl\u0131 kesimlerden de destek sa\u011flansa, T\u00fcrkiye Erdo\u011fan\u2019a mahk\u00fbm olmaktan kurtar\u0131l\u0131rd\u0131.<\/span><\/b><\/p>\n<p style=\"margin-bottom: 0.0001pt; text-align: justify; text-indent: 14.2pt; line-height: normal;\"><b><span style=\"font-size: 12pt; font-family: 'Arial','sans-serif';\">Cumhurba\u015fkan\u0131, elbette cumhurun, yani halk\u0131m\u0131z\u0131 olu\u015fturan her kesim ve unsurun ba\u015fkan\u0131 olmal\u0131yd\u0131. Farkl\u0131 din, mezhepten, ayr\u0131 k\u00f6ken ve k\u00fclt\u00fcrden herkesin temel insan haklar\u0131n\u0131 ve evrensel hukuk kurallar\u0131n\u0131 g\u00f6zetip korumal\u0131yd\u0131. Az\u0131nl\u0131klar\u0131 \u00e7o\u011funlu\u011fun insaf\u0131na b\u0131rakmamal\u0131, ama imtiyazl\u0131 az\u0131nl\u0131\u011f\u0131n keyfine \u00e7o\u011funlu\u011fun istismar\u0131na da f\u0131rsat tan\u0131mamal\u0131yd\u0131. \u0130slamiyet\u2019le Cumhuriyeti, laiklikle din h\u00fcrriyetini, milli haysiyetimizle evrensel hassasiyetleri birlikte ve dengede tutacak, bir duyarl\u0131l\u0131k ve tutarl\u0131l\u0131k sahibi olmal\u0131yd\u0131. Cumhurba\u015fkan\u0131 devlet v\u00fccudunun beyni konumundayd\u0131, di\u011fer organlar fel\u00e7 veya hasta-sakat ise beynin yapaca\u011f\u0131 fazla bir \u015fey kalmayacakt\u0131. Cumhurba\u015fkan\u0131 dindar olmal\u0131, ama riyak\u00e2rl\u0131k ve yobazl\u0131ktan uzak bulunmal\u0131yd\u0131\u2026 \u00c7a\u011fda\u015f olmal\u0131, ama Bat\u0131 hayran\u0131, AB a\u015f\u0131\u011f\u0131 ve ABD u\u015fa\u011f\u0131 olmamal\u0131yd\u0131\u2026 Cumhurba\u015fkan\u0131n\u0131n \u201cdahi\u201d olmas\u0131 gerekmiyordu, ama dan\u0131\u015fmas\u0131n\u0131 ve ara\u015ft\u0131rmas\u0131n\u0131 bilmesi laz\u0131md\u0131\u2026 Ondan keramet beklenmiyordu, ama basiret ve feraset sahibi olmas\u0131 \u015fartt\u0131\u2026 <\/span><\/b><\/p>\n<p style=\"margin-bottom: 0.0001pt; text-align: justify; text-indent: 14.2pt; line-height: normal;\"><span style=\"font-size: 12pt; font-family: 'Arial','sans-serif';\">Bu \u015fartlar\u0131 okurken baz\u0131lar\u0131n\u0131n i\u00e7inden \u015f\u00f6yle ge\u00e7irdi\u011fi muhakkakt\u0131: Yahu iyi de b\u00f6yle bir aday nerden bulunacakt\u0131?! Haydi bulundu kim ve hangi y\u00f6ntemle o makama ta\u015f\u0131yacakt\u0131?!. Haydi ta\u015f\u0131nd\u0131 diyelim, hangi sistem ona halk\u0131m\u0131za hizmet imk\u00e2n\u0131 sunacakt\u0131?! Haydi o sistem kuruldu, hangi d\u00fcnya g\u00fc\u00e7leri ve dengeleri bu Adil Sisteme f\u0131rsat tan\u0131yacakt\u0131?! Bu noktada: \u201c<b><i>Ya d\u00fcnyay\u0131 de\u011fi\u015ftireceksiniz, ya da bir kasabada bile h\u00fckm\u00fcn\u00fcz\u00fc y\u00fcr\u00fctemeyeceksiniz\u201d<\/i><\/b> ger\u00e7e\u011fi kar\u015f\u0131m\u0131za \u00e7\u0131kmaktayd\u0131.<\/span><\/p>\n<p style=\"margin-bottom: 0.0001pt; text-align: justify; text-indent: 14.2pt; line-height: normal;\"><b><span style=\"font-size: 12pt; font-family: 'Arial','sans-serif';\">Sonu\u00e7 olarak; b\u00f6ylesi liderler, ya toplumun b\u00fcy\u00fck \u00e7o\u011funlu\u011funun \u015fuurlu, onurlu ve sorumlu davranma olgunlu\u011funa ula\u015fmalar\u0131 sayesinde ve demokratik se\u00e7imlerle i\u015fba\u015f\u0131na ta\u015f\u0131n\u0131rd\u0131. Ya da, \u00fclke, b\u00f6lge, hatta d\u00fcnya dengelerini etkileyip de\u011fi\u015ftirecek bir sald\u0131r\u0131 ve sava\u015f gibi b\u00fcy\u00fck felaketlerin ard\u0131ndan ya\u015fanacak tarihi de\u011fi\u015fim ve devrimler neticesinde dizginleri ele al\u0131rd\u0131. Erdo\u011fan\u2019\u0131n K\u00f6\u015fk\u2019e \u00e7\u0131kmas\u0131 \u00fczerine AKP\u2019nin da\u011f\u0131lmas\u0131 s\u00fcrecinde ortaya \u00e7\u0131kacak ciddi bir siyasi ve ekonomik kriz; belki de T\u00fcrkiye\u2019de sistem ve y\u00f6ntem de\u011fi\u015fikli\u011fine yol a\u00e7acak f\u0131rsatlar\u0131 do\u011furacakt\u0131. Unutmay\u0131n\u0131z ki, her \u015fey ilahi takdirin kontrol\u00fc alt\u0131ndad\u0131r; \u00fcstelik Kur\u2019ani ve Nebevi i\u015faretler, tarihi ve tabii geli\u015fmeler beklenen Medeniyet devriminin T\u00fcrkiye merkezli ya\u015fanaca\u011f\u0131 yolundad\u0131r. T\u00fcrkiye\u2019nin, \u0130slam \u00fcmmetinin ve insanl\u0131k \u00e2leminin kutlu gelece\u011fi ya m\u00fccahitlerin al\u0131n teri ve \u015fehitlerin m\u00fcbarek kanlar\u0131yla\u2026 Veya Hakka sevdal\u0131 ve Adil Nizama ba\u011fl\u0131 ilim erbab\u0131n\u0131n m\u00fcrekkebi ve onlar\u0131n \u0130slami ve insani programlar\u0131yla \u015fekillenmi\u015f olacakt\u0131r. Hz. Peygamber Efendimizin <i>\u201cK\u0131yamet g\u00fcn\u00fc \u00e2limlerin kaleminin m\u00fcrekkebi, \u015fehitlerin kanlar\u0131yla (ayn\u0131 de\u011ferde) tart\u0131lacakt\u0131r\u201d <\/i>hadisi \u015ferifi de bu hakikati haber buyurmaktad\u0131r.<\/span><\/b><\/p>\n<p style=\"margin-bottom: 0.0001pt; text-align: justify; text-indent: 14.2pt; line-height: normal;\"><b><span style=\"font-size: 12pt; font-family: 'Arial','sans-serif';\">Yoksa hakl\u0131 davas\u0131n\u0131 ve birlikte yola \u00e7\u0131kt\u0131klar\u0131 sad\u0131klar\u0131 b\u0131rak\u0131p, yolda rastlad\u0131klar\u0131 rantiyeci sahtek\u00e2rlar\u0131 s\u0131rtlayan; tasma gibi boyunlar\u0131na tak\u0131lan Siyonist madalyalar\u0131 ile \u015f\u0131mar\u0131p kahramanl\u0131k taslayan f\u0131rsat\u00e7\u0131larla, kutlu ufuklara asla var\u0131lamayacakt\u0131r.<\/span><\/b><\/p>\n<p>&nbsp;<\/p>\n<hr \/>\n<p style=\"text-align: justify;\"><a id=\"ftn1\" style=\"vertical-align: super;\" href=\"#ftnref1\">[1]<\/a><span style=\"font-size: 9pt; font-family: 'Arial','sans-serif';\"> Bak: <a href=\"mailto:yuvacennudi@gmail.com\">yuvacennudi@gmail.com<\/a>, 5 May\u0131s 2014<\/span><\/p>\n<p>&nbsp;<\/p>\n","protected":false},"excerpt":{"rendered":"<p>T\u00fcrkiye\u2019nin sadece \u00fclkesel de\u011fil, ayn\u0131 zamanda b\u00f6lgesel hatta evrensel \u00e7apta \u00f6zel operasyon ve organizasyonlar yapacak etkinlik ve yetkinlikte bir Milli \u0130stihbarat Te\u015fkilat\u0131na elbette ihtiyac\u0131 vard\u0131r; hem tarihi misyonu (Milli ve insani g\u00f6rev ve sorumluluklar\u0131), hem de gelecek vizyonu (stratejik \u00f6ng\u00f6r\u00fc ve programlar\u0131) bunu gerekli k\u0131lmaktad\u0131r. Ancak b\u00f6ylesine geni\u015f imk\u00e2n, eleman ve ekipmanlarla ve son sistem [&hellip;]<\/p>\n","protected":false},"author":4,"featured_media":0,"comment_status":"open","ping_status":"closed","sticky":false,"template":"","format":"standard","meta":{"footnotes":""},"categories":[163],"tags":[],"class_list":["post-2918","post","type-post","status-publish","format-standard","hentry","category-haziran-2014"],"_links":{"self":[{"href":"https:\/\/www.millicozum.com\/mc\/wp-json\/wp\/v2\/posts\/2918","targetHints":{"allow":["GET"]}}],"collection":[{"href":"https:\/\/www.millicozum.com\/mc\/wp-json\/wp\/v2\/posts"}],"about":[{"href":"https:\/\/www.millicozum.com\/mc\/wp-json\/wp\/v2\/types\/post"}],"author":[{"embeddable":true,"href":"https:\/\/www.millicozum.com\/mc\/wp-json\/wp\/v2\/users\/4"}],"replies":[{"embeddable":true,"href":"https:\/\/www.millicozum.com\/mc\/wp-json\/wp\/v2\/comments?post=2918"}],"version-history":[{"count":0,"href":"https:\/\/www.millicozum.com\/mc\/wp-json\/wp\/v2\/posts\/2918\/revisions"}],"wp:attachment":[{"href":"https:\/\/www.millicozum.com\/mc\/wp-json\/wp\/v2\/media?parent=2918"}],"wp:term":[{"taxonomy":"category","embeddable":true,"href":"https:\/\/www.millicozum.com\/mc\/wp-json\/wp\/v2\/categories?post=2918"},{"taxonomy":"post_tag","embeddable":true,"href":"https:\/\/www.millicozum.com\/mc\/wp-json\/wp\/v2\/tags?post=2918"}],"curies":[{"name":"wp","href":"https:\/\/api.w.org\/{rel}","templated":true}]}}