{"id":2923,"date":"2014-05-30T21:34:39","date_gmt":"2014-05-30T21:34:39","guid":{"rendered":"https:\/\/www.millicozum.com\/mc\/2014\/05\/30\/siyonistlerin-erbakan-korkulari-ve-erdogan-kurgulari-2\/"},"modified":"2014-05-30T21:34:39","modified_gmt":"2014-05-30T21:34:39","slug":"siyonistlerin-erbakan-korkulari-ve-erdogan-kurgulari-2","status":"publish","type":"post","link":"https:\/\/www.millicozum.com\/mc\/2014\/haziran-2014\/siyonistlerin-erbakan-korkulari-ve-erdogan-kurgulari\/","title":{"rendered":"S\u0130YON\u0130STLER\u0130N ERBAKAN KORKULARI VE ERDO\u011eAN KURGULARI"},"content":{"rendered":"\n<p style=\"margin-bottom: 0.0001pt; text-align: justify; text-indent: 14.2pt; line-height: normal;\">&nbsp;<b><span style=\"font-size: 12pt; font-family: 'Arial','sans-serif';\">T\u00fcrkiye buland\u0131r\u0131lmak, eli kolu ba\u011flanmak ve hatta bo\u011fulmak isteniyordu. Ama bu hain darbeler, tam aksine, milletimizi diriltiyor ve giderek kendine getiriyordu. \u0130\u015fte bunu fark ettikleri i\u00e7indir ki, Siyonist tertibi ve sistem ter\u00f6r\u00fcyle, Erbakan Hoca\u2019n\u0131n umut \u0131\u015f\u0131\u011f\u0131 s\u00f6nd\u00fcr\u00fclmeye ve milli g\u00fc\u00e7ler sindirilmeye \u00e7al\u0131\u015f\u0131l\u0131yordu. D\u0131\u015far\u0131dan keyfi m\u00fcdahalelerle giderek siyasalla\u015fan ve terazi ayar\u0131 bozulan adalet mekanizmas\u0131 da, maalesef g\u00fcvenini yitirmi\u015f bulunuyordu. Evet i\u015fte herkesin bildi\u011fi ve yak\u0131ndan takip etti\u011fi BOTA\u015e yolsuzluk davas\u0131nda, san\u0131klar\u0131n su\u00e7u sabit g\u00f6r\u00fcl\u00fcp, her birine 1 y\u0131l 2 ay hapis ve 2 milyon para cezas\u0131 veriliyor. Ve bu su\u00e7lar\u0131 tekraren i\u015flediklerinden cezalar\u0131 art\u0131r\u0131l\u0131yordu. Ancak, iyi halleri g\u00f6z \u00f6n\u00fcne al\u0131narak, hapis cezalar\u0131 paraya \u00e7evriliyor ve toplam 6 milyon 46 bin lirayla kurtuluyordu. Ama Erbakan Hoca\u2019n\u0131n kas\u0131tl\u0131 davas\u0131, hem de yetkisiz bir mahkeme taraf\u0131ndan, 2 y\u0131l hapis karar\u0131yla sonu\u00e7lan\u0131yor ve Yarg\u0131tay\u2019ca onan\u0131yordu. Yani devleti defalarca ve 90 trilyon soyanlara, 6 milyon para cezas\u0131&#8230; Ama RP\u2019ye devletin kendi verdi\u011fi 800 milyar\u0131n harcanmas\u0131nda, g\u00fcya usuls\u00fczl\u00fck yap\u0131lm\u0131\u015f iddias\u0131na, 2 y\u0131l hapis reva g\u00f6r\u00fcl\u00fcyordu!? \u00c7\u00fcnk\u00fc bu karar, 300 ki\u015fiden olu\u015fan ve Gizli D\u00fcnya Devleti\u2019nin B\u00fcy\u00fck Meclisi say\u0131lan ve tamam\u0131 en \u00fcst d\u00fczey Yahudi olan \u201cSiyonist Konseyinden\u201d \u00e7\u0131km\u0131\u015f bulunuyordu!..<\/span><\/b><\/p>\n<p style=\"margin-bottom: 0.0001pt; text-align: justify; text-indent: 14.2pt; line-height: normal;\"><b><span style=\"font-size: 12pt; font-family: 'Arial','sans-serif';\">Koca iktidarlar\u0131, imparatorluklar\u0131, diktat\u00f6rl\u00fckleri parma\u011f\u0131nda oynatan \u015eeytan \u015eebekesi, her nedense Erbakan\u2019\u0131n g\u00f6lgesinden bile korkuyordu. Hala karanl\u0131k komplolarla, dayatma kararlarla O\u2019nu k\u00f6t\u00fc g\u00f6stermeye ve k\u00f6steklemeye \u00e7al\u0131\u015f\u0131yordu. D\u0131\u015f g\u00fc\u00e7ler ve i\u015fbirlik\u00e7ileri h\u0131rs\u0131zl\u0131k ve ars\u0131zl\u0131klar\u0131na engel olan Erbakan\u2019\u0131 yolsuzlukla su\u00e7luyor ve tabi \u00e7\u0131rp\u0131nd\u0131k\u00e7a bat\u0131yordu. \u00c7\u00fcnk\u00fc \u201cEceli gelen it, cami duvar\u0131na kusuyordu ve Saltanat\u0131 sallanan Siyonist ise Erbakan davas\u0131na tosluyordu!\u201d Evet, birileri T\u00fcrkiye\u2019yi kar\u0131\u015ft\u0131r\u0131yor ve ter\u00f6r\u00fc te\u015fvik ediyor, insanlar\u0131 k\u0131\u015fk\u0131rt\u0131yor, ama Milli G\u00f6r\u00fc\u015f\u00e7\u00fcler bug\u00fcne kadar oldu\u011fu gibi; b\u00f6ylesi basit fitne ve fesatl\u0131klara alet olmuyor ve ucuz ve sonu\u00e7suz kahramanl\u0131klara tevess\u00fcl ve tenezz\u00fcl etmiyordu. Ama \u015fuurlu, onurlu ve zorunlu bir kar\u015f\u0131l\u0131k gerekiyordu ve bu g\u00f6rev, takdirin cilvesi, Erbakan\u2019\u0131n sad\u0131k talebe ve takip\u00e7ilerine kal\u0131yordu.<\/span><\/b><\/p>\n<p style=\"margin-bottom: 0.0001pt; text-align: justify; text-indent: 14.2pt; line-height: normal;\"><span style=\"font-size: 14pt;\"><b><span style=\"font-family: 'Arial','sans-serif';\">Art\u0131k, Milli ve haysiyetli bir dirili\u015f, direni\u015f ve de\u011fi\u015fim bekleniyordu!..<\/span><\/b><\/span><\/p>\n<p style=\"margin-bottom: 0.0001pt; text-align: justify; text-indent: 14.2pt; line-height: normal;\"><span style=\"font-size: 12pt; font-family: 'Arial','sans-serif';\">Y\u0131llard\u0131r, h\u0131yanet, h\u0131rs\u0131zl\u0131k, haks\u0131zl\u0131k ve hayas\u0131zl\u0131k \u015febekelerini da\u011f\u0131tmaya; \u00dclkemizde ve yery\u00fcz\u00fcnde adil ve asil bir d\u00fczen kurmaya \u00e7al\u0131\u015ft\u0131\u011f\u0131 i\u00e7in, masonik merkezlerin ve m\u00fcnaf\u0131k \u00e7evrelerin korkulu r\u00fcyas\u0131 olan Erbakan\u2019dan intikam alma ve ondan kurtulma senaryolar\u0131, Milli vicdan\u0131 derinden yaral\u0131yor, giderek sab\u0131rlar daral\u0131yor, kim bilir, belki de kader, b\u00f6ylece kurtulu\u015f kap\u0131s\u0131n\u0131 aral\u0131yor ve fecri kazib olan AKP, fecri sad\u0131k san\u0131l\u0131p, 3 d\u00f6nem iktidara ta\u015f\u0131n\u0131yordu.<\/span><\/p>\n<p style=\"margin-bottom: 0.0001pt; text-align: justify; text-indent: 14.2pt; line-height: normal;\"><span style=\"font-size: 12pt; font-family: 'Arial','sans-serif';\">Trilyonluk de\u011fil, katrilyonluk soygunlar\u0131 ve bir gecede hazineyi bo\u015faltan vurgunlar\u0131 y\u00fcz\u00fcnden iktidardan ve bakanl\u0131klardan d\u00fc\u015f\u00fcr\u00fclenler aklan\u0131rken, en ciddi ve askeri mahkemelerce bile, 12 Eyl\u00fcl sonras\u0131 5 y\u0131l boyunca ara\u015ft\u0131r\u0131l\u0131p bir kuru\u015f haks\u0131z kazanc\u0131na ve bir kar\u0131\u015f h\u0131yanet odaklar\u0131yla yak\u0131nl\u0131\u011f\u0131na rastlanmam\u0131\u015f ve davas\u0131 beraat ile sonu\u00e7lanm\u0131\u015f Erbakan\u2019\u0131, b\u00f6yle kahpece karalamaya ve ondan kurtulmaya \u00e7al\u0131\u015fmalar\u0131, bir karanl\u0131k d\u00f6nemin kapanmas\u0131n\u0131 kolayla\u015ft\u0131r\u0131yordu. Bu nas\u0131l adalet, bu nas\u0131l yarg\u0131 oluyordu!? \u0130\u015fine geldi\u011finde Kur\u2019an\u2019i ve \u0130slami kaynaklar\u0131 delil g\u00f6steriyor, i\u015fine gelmedi mi, dini referanslar\u0131 laikli\u011fe ayk\u0131r\u0131 buluyordu! 1980 ihtilalcileri, tutarl\u0131 ve duyarl\u0131 bir yakla\u015f\u0131mla, k\u0131l\u0131k k\u0131yafet ile ilgili d\u00fczenlemeler yaparken, Diyanet \u0130\u015fleri Ba\u015fkanl\u0131\u011f\u0131\u2019ndan g\u00f6r\u00fc\u015f istiyor ve Ba\u015f\u00f6rt\u00fcs\u00fcn\u00fcn Kur\u2019an\u2019\u0131n tart\u0131\u015fmas\u0131z emri oldu\u011fu bildiriliyordu. Edirne \u0130dare Mahkemesi, Diyanetin bu karar\u0131n\u0131 da \u00f6rnek g\u00f6sterip, ba\u015f\u00f6rt\u00fcs\u00fc yasa\u011f\u0131n\u0131n yasal olmad\u0131\u011f\u0131na h\u00fckmediyordu. Ard\u0131ndan \u0130stanbul B\u00f6lge \u0130dare Mahkemesi <b><i>\u201cLaik Devlette, din referans g\u00f6sterilemez!\u201d <\/i><\/b>diye bu h\u00fckm\u00fc bozuyordu. Daha sonra bir 312 su\u00e7lusuna verdi\u011fi kararda, bizzat Yarg\u0131tay <b><i>\u201cO\u2019nun bu tutumu, Kur\u2019an\u2019\u0131n Hucurat suresinde belirtilen, \u201cM\u00fcsl\u00fcmanlardan iki topluluk kar\u015f\u0131 kar\u015f\u0131ya gelirse, aralar\u0131n\u0131 g\u00fczellikle bulun\u201d h\u00fckm\u00fcne de ayk\u0131r\u0131d\u0131r\u201d<\/i><\/b> diyerek, h\u00fckm\u00fcn\u00fc dine dayand\u0131r\u0131yordu. Ve Ankara 23. Asliye Hukuk Mahkemesi (Aral\u0131k 2003) verdi\u011fi bir karara g\u00f6re: \u0130slam\u2019da \u201c<b><i>Cami\u201dnin yeri yoktur. Kul evrenin her yerinde ibadette bulunur. Bizzat Peygamber kendi d\u00f6neminde yap\u0131lan bir mescidi y\u0131kt\u0131rm\u0131\u015ft\u0131r.\u201d<\/i><\/b> \u0130\u00e7tihad\u0131nda bulunuyordu. \u015eunu hat\u0131rlatal\u0131m ki; Hz. Peygamber\u2019in \u201cMescid-i D\u0131rar (zarar vermek, b\u00f6l\u00fcc\u00fcl\u00fck ve h\u0131yanet merkezi edinmek) i\u00e7in kas\u0131tl\u0131 kurulan mescit ve mekan\u201d diye bilinen nifak giri\u015fimini y\u0131kt\u0131rd\u0131\u011f\u0131 biliniyor. Ancak, o d\u00f6nemde daha \u00f6nce bizzat Efendimiz\u2019in yapt\u0131rd\u0131\u011f\u0131 Kuba, Mescid-i Nebi gibi en az 5 b\u00fcy\u00fck caminin bulundu\u011fu da tarihi bir ger\u00e7ek olarak ortada duruyordu. \u015eimdi laik bir mahkemenin eksik ve yanl\u0131\u015f baz\u0131 bilgi k\u0131r\u0131nt\u0131lar\u0131yla, hem de \u0130slam ad\u0131na b\u00f6ylesine g\u00fcl\u00fcn\u00e7, hatta korkun\u00e7 kararlar vermesi, yarg\u0131n\u0131n ne derece yaralanm\u0131\u015f ve yanl\u0131 davranmaya ba\u015flam\u0131\u015f oldu\u011funu a\u00e7\u0131k\u00e7a g\u00f6steriyordu. B\u00fct\u00fcn bu olumsuz geli\u015fmeler, \u00fclkemizi tedirginlik ve ter\u00f6r ortam\u0131na biraz daha itiyor, karga\u015fa, kampla\u015fma ve kavga zemini haz\u0131rl\u0131yordu. Evet, baz\u0131 g\u00fc\u00e7ler ve i\u015fbirlik\u00e7ileri, T\u00fcrkiye Irak olsun, Suriye, Libya, Afganistan olsun istiyordu. Tam bu s\u00fcre\u00e7te, i\u015fgalci ve vah\u015fi conilerin ramazan Bayram\u0131nda Ba\u011fdat yak\u0131nlar\u0131ndaki Samarra kentinde 175 ki\u015fiyi a\u011f\u0131r yaralay\u0131p, 54 ki\u015fiyi katlettikleri olay ya\u015fan\u0131yordu. Amerikan askerleri Ramazan\u0131n 15\u2019inde Samarra kentinde 40-50 kadar gen\u00e7 k\u0131z\u0131 zorla toplay\u0131p, k\u0131\u015flalarda 3 g\u00fcn boyunca tecav\u00fcz ediyor ve bu zavall\u0131lar ellerine 10 dolar s\u0131k\u0131\u015ft\u0131r\u0131l\u0131p serbest b\u0131rak\u0131l\u0131yor, ama bu k\u0131zlar\u0131n, yar\u0131s\u0131 intihar ediyordu. Ayn\u0131 i\u015fgal vah\u015fileri Bayram G\u00fcn\u00fc yine Samarra\u2019ya k\u0131z toplamaya geliyor, ancak kasaba halk\u0131n\u0131n, gen\u00e7 k\u0131z ve gelinlerini uzak k\u00f6ylere g\u00f6ndermelerine k\u0131zan askerler, evlerden gen\u00e7 erkekleri toplay\u0131p otomatik silahlarla tar\u0131yordu. Bu \u0131rza tecav\u00fczler ve cinayetler, Irak\u2019\u0131n her yerinde ve her g\u00fcn ve hala yap\u0131l\u0131yordu! Bu haberi yazan Yeni \u015eafak\u2019a ABD Konsoloslu\u011fu bask\u0131 yap\u0131yor, Yeni \u015eafak Y\u00f6netimi de, bu haberi sadece \u0130stanbul\u2019dan okul arkada\u015f\u0131 bir Irak\u2019l\u0131ya dayand\u0131ran, haber merkezi yetkililerini kovmak istiyordu! Oysa d\u0131\u015f kaynakl\u0131 haber ajanslar\u0131nda Samarra\u2019l\u0131 gen\u00e7ler <b><i>\u201c\u00f6nce namusumuz kirletildi. Sonra insanlar\u0131m\u0131z katledildi\u201d <\/i><\/b>diye \u00e7\u0131rp\u0131n\u0131yordu.<\/span><\/p>\n<p style=\"margin-bottom: 0.0001pt; text-align: justify; text-indent: 14.2pt; line-height: normal;\"><span style=\"font-size: 12pt; font-family: 'Arial','sans-serif';\">ABD\u2019nin T\u00fcrkiye\u2019ye kar\u015f\u0131 samimiyetsizli\u011finin ve b\u00f6lgemizdeki h\u0131yanetlerinin fark\u0131na varan ve hakl\u0131 bir nefret boyutuna ula\u015fan toplumsal tepkiyi istismar etmek ve yine kendi \u00e7\u0131karlar\u0131na \u00e7evirmek isteyen Siyonist mihraklar\u0131n ortaya \u00e7\u0131kard\u0131\u011f\u0131 \u201cs\u00f6zde Anti Amerikanc\u0131\u201d AKP gibi parti, dernek ve gazeteleri eliyle, hem halk\u0131m\u0131z\u0131 AB\u2019ye y\u00f6nlendirmek, hem Siyonizm\u2019e duyulan \u00f6fkeyi ABD\u2019ye kanalize etme tuzaklar\u0131 haz\u0131rlan\u0131yordu.<\/span><\/p>\n<p style=\"margin-bottom: 0.0001pt; text-align: justify; text-indent: 14.2pt; line-height: normal;\"><span style=\"font-size: 14pt;\"><b><span style=\"font-family: 'Arial','sans-serif';\">Bu konuda, Anti Amerikanc\u0131 ge\u00e7inen s\u00f6zde \u0130slamc\u0131 gazete ve yazarlar\u0131n sahte tav\u0131rlar\u0131 da iyice s\u0131r\u0131t\u0131yordu.<\/span><\/b><\/span><\/p>\n<p style=\"margin-bottom: 0.0001pt; text-align: justify; text-indent: 14.2pt; line-height: normal;\"><span style=\"font-size: 12pt; font-family: 'Arial','sans-serif';\">Vakit gazetesi (A\u011fustos 2003 \u2013 kongreden 4 ay \u00f6nce), Numan Kurtulmu\u015f ile tam sayfa r\u00f6portaj yaparak, O\u2019nu SP\u2019nin potansiyel Genel Ba\u015fkan aday\u0131 olarak lanse etmeye ba\u015fl\u0131yor, yani Milli G\u00f6r\u00fc\u015f\u2019\u00fc ele ge\u00e7irip, AKP\u2019ye ba\u011flama hesaplar\u0131 yap\u0131l\u0131yordu. Acaba Yarg\u0131tay\u2019\u0131n Hoca\u2019n\u0131n cezas\u0131n\u0131 onaylayaca\u011f\u0131n\u0131 ve SP\u2019ye yeni bir Genel Ba\u015fkan laz\u0131m olaca\u011f\u0131n\u0131 4 ay \u00f6ncesinden bunlar nas\u0131l hesaplayabiliyordu?<\/span><\/p>\n<p style=\"margin-bottom: 0.0001pt; text-align: justify; text-indent: 14.2pt; line-height: normal;\"><span style=\"font-size: 12pt; font-family: 'Arial','sans-serif';\">Ve yine sn. Recep Tayyip Erdo\u011fan, AKP \u0130l Ba\u015fkanlar\u0131 toplant\u0131s\u0131nda, Hoca\u2019y\u0131 ve sad\u0131k dava arkada\u015flar\u0131n\u0131 kastederek: <b><i>\u201cBu gafletleriyle bu g\u00fcnlerini de yar\u0131nlar\u0131n\u0131 da kaybettiler!?\u201d<\/i><\/b> diye kin kusmu\u015ftu.<sup>[1]<\/sup> Sanki, Hoca\u2019n\u0131n ve kurmaylar\u0131n\u0131n, bir mahkeme karar\u0131yla, \u00f6m\u00fcr boyu siyasetten yasaklanacaklar\u0131n\u0131 biliyordu!?.. B\u00fct\u00fcn bunlar\u0131 Vakit\u2019in ve Erdo\u011fan\u2019\u0131n kula\u011f\u0131na kimler f\u0131s\u0131ld\u0131yordu?<\/span><\/p>\n<p style=\"margin-bottom: 0.0001pt; text-align: justify; text-indent: 14.2pt; line-height: normal;\"><span style=\"font-size: 12pt; font-family: 'Arial','sans-serif';\">Se\u00e7im \u00f6ncesinde her yerde <b><i>\u201cBiz Milli G\u00f6r\u00fc\u015f\u2019\u00fcn devam\u0131y\u0131z\u2026 Siyaset gere\u011fi b\u00f6yle davranmaktay\u0131z\u2026 \u0130ktidar olunca Erbakan Hocam\u0131z\u0131 Cumhurba\u015fkan\u0131 yapaca\u011f\u0131z.<\/i><\/b>\u201d Palavralar\u0131 atan AKP y\u00f6neticileri, o s\u00fcre\u00e7te haks\u0131z ve yak\u0131\u015f\u0131ks\u0131z bir iddiayla Erbakan Hocay\u0131 mahk\u00fbmiyetten kurtarmak \u00fczere, ilgili kanuna: <b><i>\u201cPartiler kapat\u0131lsa da, a\u00e7\u0131lm\u0131\u015f davalar\u0131na Anayasa mahkemesi bakar.<\/i><\/b>\u201d \u015eeklinde tek c\u00fcmlelik bir madde eklenmesini \u00f6ng\u00f6ren teklif ve tasar\u0131y\u0131, kimlerin bask\u0131s\u0131yla ve hangi vefa duygusuyla, aylard\u0131r s\u00fcmen alt\u0131nda bekletip kabineye ve Meclise bir t\u00fcrl\u00fc getirmiyordu? <\/span><\/p>\n<p style=\"margin-bottom: 0.0001pt; text-align: justify; text-indent: 14.2pt; line-height: normal;\"><span style=\"font-size: 14pt;\"><b><span style=\"font-family: 'Arial','sans-serif';\">Me\u015fhur \u0130slamc\u0131 ve anti Amerikanc\u0131 yazar Abdurrahman Dilipak, Mazlum-Der\u2019in Kocaeli \u015eubesinin gecesinde:<\/span><\/b><\/span><\/p>\n<p style=\"margin-bottom: 0.0001pt; text-align: justify; text-indent: 14.2pt; line-height: normal;\"><b><i><span style=\"font-size: 12pt; font-family: 'Arial','sans-serif';\">\u201cBa\u015f\u00f6rt\u00fcs\u00fc bir sorun de\u011fil, onurdur&#8230; D\u00fcnyada ya\u015fanan bunca z\u00fcl\u00fcm i\u00e7erisinde, ba\u015f\u00f6rt\u00fcs\u00fc \u00e7ok k\u00fc\u00e7\u00fck bir detayd\u0131r&#8230; Benim de e\u015fim, k\u0131z\u0131m, gelinim ba\u015f\u00f6rt\u00fcl\u00fc olmas\u0131na ra\u011fmen, bu konu benim umurumda olmamaktad\u0131r&#8230; Bu sorunlar sadece M\u00fcsl\u00fcmanlara \u00f6zg\u00fc de de\u011fil&#8230; Sizin derdinizi ancak Allah \u00e7\u00f6zer!<\/span><\/i><\/b><b><span style=\"font-size: 12pt; font-family: 'Arial','sans-serif';\">\u201d<sup>[2]<\/sup> <\/span><\/b><span style=\"font-size: 12pt; font-family: 'Arial','sans-serif';\">\u015feklinde s\u00f6zler ederek, bu t\u00fcr zul\u00fcmleri kald\u0131rmak \u00fczere, millet taraf\u0131ndan b\u00fcy\u00fck bir \u00e7o\u011funlukla iktidara getirilen AKP\u2019yi aklamaya \u00e7al\u0131\u015fmaktayd\u0131. Ba\u015f\u00f6rt\u00fcs\u00fc ma\u011fdurlar\u0131n\u0131, onurdur diye bu zulme katlanmaya \u00e7a\u011f\u0131ran ve M\u00fcsl\u00fcmanlara yap\u0131lan bu t\u00fcr bask\u0131 ve barbarl\u0131klar\u0131 hafife almaya u\u011fra\u015fan bu kahraman yazar\u0131 kimler doldurmaktayd\u0131?.. Daha \u00f6nceleri \u201c<b><i>Ba\u015f\u00f6rt\u00fcs\u00fc bir teferruatt\u0131r!\u201d<\/i><\/b> diyen Fetullah G\u00fclen\u2019e ate\u015f p\u00fcsk\u00fcren bu yazarlara \u015fimdi <b><i>\u201cBa\u015f\u00f6rt\u00fcs\u00fc zulm\u00fc k\u00fc\u00e7\u00fck bir detayd\u0131r!\u201d<\/i><\/b> dedirten ve Fetullah G\u00fclen\u2019le ayn\u0131 hizaya getiren de, kamuda k\u0131smi serbestlikle halk\u0131n havas\u0131n\u0131 indiren de, ayn\u0131 odaklard\u0131.<\/span><\/p>\n<p style=\"margin-bottom: 0.0001pt; text-align: justify; text-indent: 14.2pt; line-height: normal;\"><span style=\"font-size: 14pt;\"><b><span style=\"font-family: 'Arial','sans-serif';\">Uluslararas\u0131 Ter\u00f6rizmle m\u00fccadele ba\u015flatt\u0131\u011f\u0131n\u0131 s\u00f6yleyen Siyonist ABD\u2019ye sorulmal\u0131yd\u0131:<\/span><\/b><\/span><\/p>\n<p style=\"margin-bottom: 0.0001pt; text-align: justify; text-indent: 14.2pt; line-height: normal;\"><span style=\"font-size: 12pt; font-family: 'Arial','sans-serif';\">\u201cPeki, bir \u00fclkenin milli b\u00fct\u00fcnl\u00fc\u011f\u00fcn\u00fc bozmaya ve PKK gibi ayr\u0131l\u0131k\u00e7\u0131 unsurlar\u0131 k\u0131\u015fk\u0131rtmaya \u00e7al\u0131\u015fmak, ter\u00f6re arka \u00e7\u0131kmak say\u0131lmaz m\u0131yd\u0131? Siyonist sermayenin serbest dola\u015f\u0131m\u0131n\u0131 sa\u011flamak ve Yahudi\u2019nin d\u00fcnya hakimiyetini kolayla\u015ft\u0131rmak \u00fczere \u201c\u00fcniter devlet\u201d anlay\u0131\u015f\u0131n\u0131 yozla\u015ft\u0131rmak, ordu ve milli kurumlar\u0131 y\u0131pratma giri\u015fimlerini h\u0131zland\u0131rmak&#8230; Ve bunlar\u0131 da AKP h\u00fck\u00fcmeti, Fetullah G\u00fclen deste\u011fi ve Vakit, Yeni \u015eafak gibi yanda\u015f gazeteler eliyle yapt\u0131rmak, sonrada Cemaatle H\u00fck\u00fcmeti kap\u0131\u015ft\u0131rmak, ter\u00f6rden daha tehlikeli bir durum olu\u015fturmaz m\u0131yd\u0131? AB\u2019ye uyum paketleriyle MGK Genel Sekreterli\u011finin i\u015flevsiz hale getirilmesi, orduya lojistik destek sa\u011flayan T\u00dcB\u0130TAK\u2019\u0131n ele ge\u00e7irilmesi, AYCEL\u2019nin b\u00fct\u00fcn milletvekillerine ve emniyet g\u00f6revlerine bedava konu\u015fma hatt\u0131 vererek, yani art\u0131k konu\u015fulanlar\u0131 sistematik bir \u015fekilde kontrol ederek, t\u00fcm stratejik bilgilerin M\u0130T eliyle ABD\u2019ye aktar\u0131lma hevesleri.\u201d<sup>[3]<\/sup> Ve orduyu da AKP gibi laytla\u015ft\u0131rma giri\u015fimleri, acaba hangi sinsi hesaplara dayanmaktayd\u0131?<\/span><\/p>\n<p style=\"margin-bottom: 0.0001pt; text-align: justify; text-indent: 14.2pt; line-height: normal;\"><span style=\"font-size: 14pt;\"><b><span style=\"font-family: 'Arial','sans-serif';\">Fetullah Hocac\u0131lar\u0131n Malatya\u2019daki H\u00dcGEM dershanelerinin lise ikinci s\u0131n\u0131flarda yapt\u0131\u011f\u0131 deneme s\u0131nav\u0131 kitap\u00e7\u0131\u011f\u0131ndaki 39. soru:<\/span><\/b><\/span><\/p>\n<p style=\"margin: 0cm 0cm 0.0001pt; text-align: justify; text-indent: 14.2pt; line-height: normal;\"><span style=\"font-size: 12pt; font-family: 'Times New Roman','serif';\">&#8211;<span style=\"font: 7pt 'Times New Roman';\">&nbsp; <\/span><\/span><b><i><span style=\"font-size: 12pt; font-family: 'Arial','sans-serif';\">\u201cYeni\u00e7eriler\u2019in yenilik yapmak isteyen ikinci Osman\u2019\u0131 tahttan indirmesi ve Nizam\u0131 Cedit gibi Avrupa tarz\u0131 \u0131slahat yapan \u00fc\u00e7\u00fcnc\u00fc Selim\u2019in Yeni\u00e7eriler taraf\u0131ndan \u00f6ld\u00fcr\u00fclmesi\u201d, durumlar\u0131na bakarak,<\/span><\/i><\/b><\/p>\n<p style=\"margin-bottom: 0.0001pt; text-align: justify; text-indent: 14.2pt; line-height: normal;\"><b><i><span style=\"font-size: 12pt; font-family: 'Arial','sans-serif';\">1- Askerin siyasete do\u011frudan m\u00fcdahale etti\u011finin,<\/span><\/i><\/b><\/p>\n<p style=\"margin-bottom: 0.0001pt; text-align: justify; text-indent: 14.2pt; line-height: normal;\"><b><i><span style=\"font-size: 12pt; font-family: 'Arial','sans-serif';\">2- Yeni\u00e7eri Oca\u011f\u0131n\u0131n bozuldu\u011funun,<\/span><\/i><\/b><\/p>\n<p style=\"margin-bottom: 0.0001pt; text-align: justify; text-indent: 14.2pt; line-height: normal;\"><b><i><span style=\"font-size: 12pt; font-family: 'Arial','sans-serif';\">3- Ordunun as\u0131l amac\u0131ndan uzakla\u015farak, \u00fczerine vazife olmayan i\u015flere kar\u0131\u015ft\u0131klar\u0131n\u0131n;<\/span><\/i><\/b><\/p>\n<p style=\"margin-bottom: 0.0001pt; text-align: justify; text-indent: 14.2pt; line-height: normal;\"><b><i><span style=\"font-size: 12pt; font-family: 'Arial','sans-serif';\">Yarg\u0131lar\u0131ndan hangilerine ula\u015f\u0131labilir?<\/span><\/i><\/b><\/p>\n<p style=\"margin-bottom: 0.0001pt; text-align: justify; text-indent: 14.2pt; line-height: normal;\"><b><i><span style=\"font-size: 12pt; font-family: 'Arial','sans-serif';\">A)Yaln\u0131z 1, B)Yaln\u0131z 2, C) 1 ve 2, D) 2 ve 3 E) 1-2-3<\/span><\/i><\/b><\/p>\n<p style=\"margin-bottom: 0.0001pt; text-align: justify; text-indent: 14.2pt; line-height: normal;\"><b><i><span style=\"font-size: 12pt; font-family: 'Arial','sans-serif';\">Cevap: \u201cE\u201d se\u00e7ene\u011fi!\u201d<\/span><\/i><\/b><span style=\"font-size: 12pt; font-family: 'Arial','sans-serif';\"> \u015feklinde yaz\u0131l\u0131yordu. Acaba F. G\u00fclen neden ordunun, kendisi gibi Siyonizm\u2019le uyumlu ve \u201c\u0131l\u0131ml\u0131\u201d olmas\u0131n\u0131 arzulamaktayd\u0131? Ve yine, \u0130srail\u2019in bu T. Erdo\u011fan hayranl\u0131\u011f\u0131, nereden kaynaklanmaktayd\u0131?<\/span><\/p>\n<p style=\"margin-bottom: 0.0001pt; text-align: justify; text-indent: 14.2pt; line-height: normal;\"><span style=\"font-size: 14pt;\"><b><span style=\"font-family: 'Arial','sans-serif';\">Bak\u0131n \u0130srail\u2019in 1980\u2019li y\u0131llardaki T\u00fcrkiye Maslahatg\u00fczar\u0131 Alon Liel neler s\u00f6yl\u00fcyordu:<\/span><\/b><\/span><\/p>\n<p style=\"margin-bottom: 0.0001pt; text-align: justify; text-indent: 14.2pt; line-height: normal;\"><b><i><span style=\"font-size: 12pt; font-family: 'Arial','sans-serif';\">\u201cK\u00f6kenleri \u0130slam\u2019a dayanan yeni \u201cErdo\u011fanizm\u201d, her nas\u0131lsa Atat\u00fcrk\u2019\u00fcn Bat\u0131 yanl\u0131s\u0131 ve LA\u0130K Kemalizmini g\u00fcncelliyor ve g\u00fc\u00e7lendiriyor. T\u00fcrkiye\u2019nin izledi\u011fi \u201cDemo-\u0130slam\u201d \u00e7izgisi, t\u00fcm d\u00fcnyadaki M\u00fcsl\u00fcman diktat\u00f6rl\u00fcklerin ger\u00e7ek alternatifi&#8230; T\u00fcrk siyasi laboratuar\u0131nda b\u00f6yle bir deneyin ba\u015far\u0131l\u0131 olmas\u0131, t\u00fcm \u0130slam d\u00fcnyas\u0131na son derece \u00f6nemli bir ders verebilir. Erdo\u011fan, kamusal ya\u015famda demokrasiyi koruyan ve en b\u00fcy\u00fck potansiyel rakibi olan, Kemalizmin bek\u00e7isi T\u00fcrkiye\u2019nin laik ordusu ile bir \u00e7at\u0131\u015fma ya\u015famaktan ka\u00e7\u0131nmak i\u00e7in gemisine ihtiyatla kaptanl\u0131k eden Bat\u0131 yanl\u0131s\u0131 bir politikac\u0131&#8230;\u201d<\/span><\/i><\/b><\/p>\n<p style=\"margin-bottom: 0.0001pt; text-align: justify; text-indent: 14.2pt; line-height: normal;\"><span style=\"font-size: 12pt; font-family: 'Arial','sans-serif';\">Alon Liel, bu g\u00f6r\u00fc\u015flerini Jerusalem Post\u2019a aktar\u0131yordu. Jerusalem Post sadece Ortado\u011fu\u2019dakilere de\u011fil, Amerika ve Avrupa\u2019daki \u201ckanaat \u00f6nderleri\u201d ile \u201ckarar odaklar\u0131\u201dn\u0131 etkileyen, etkileyebilece\u011fini ge\u00e7mi\u015fte kan\u0131tlam\u0131\u015f bir gazete oldu\u011funu herkes biliyordu.<sup>[4]<\/sup><\/span><\/p>\n<p style=\"margin-bottom: 0.0001pt; text-align: justify; text-indent: 14.2pt; line-height: normal;\"><span style=\"font-size: 14pt;\"><b><span style=\"font-family: 'Arial','sans-serif';\">Evet, \u00f6yle anla\u015f\u0131l\u0131yor ki, se\u00e7im sand\u0131\u011f\u0131ndan AKP \u00e7\u0131kar\u0131ld\u0131\u011f\u0131 g\u00fcn, \u00e7uval T\u00fcrkiye\u2019nin ba\u015f\u0131na ge\u00e7irmi\u015f oluyordu. Tayyip Erdo\u011fan ve Abdullah G\u00fcl\u2019\u00fcn partisi \u201cstratejik piyon\u201d olarak se\u00e7ilmi\u015fti ve \u00fclkemiz siyaseten hipnotize edilmi\u015flerin eline veriliyordu.<\/span><\/b><\/span><\/p>\n<p style=\"margin-bottom: 0.0001pt; text-align: justify; text-indent: 14.2pt; line-height: normal;\"><span style=\"font-size: 12pt; font-family: 'Arial','sans-serif';\">Siyonist sava\u015f \u00e7etesi, Huntington\u2019a \u201cMedeniyetler \u00c7at\u0131\u015fmas\u0131n\u0131\u201d yazd\u0131rm\u0131\u015f ve \u0130slam alemi, hatta Rusya, \u00c7in ve Hindistan cephesi \u201cEl Kafir, El Katil\u201d olarak ilan edilmi\u015fti&#8230; Taliban ve El-Kaide de bu \u015feytani senaryoya fig\u00fcran olarak \u00fcretilmi\u015fti. Siyonist g\u00fc\u00e7ler ve k\u00fcresel \u00e7eteler, vah\u015f\u00ee ter\u00f6r sald\u0131r\u0131lar\u0131n\u0131 ve \u0130slam d\u00fcnyas\u0131na a\u00e7t\u0131klar\u0131 sava\u015flar\u0131na gerek\u00e7e g\u00f6sterdikleri El-Kaide \u00f6rg\u00fct\u00fcn\u00fc (daha do\u011frusu posta kutusunu) da, \u00f6yle icap etti\u011fi i\u00e7in, yine kendileri icat etmi\u015flerdir. Mili Gazete yazarlar\u0131ndan B\u00fclent Alan<sup>[5]<\/sup> \u00e7ok ciddi ve \u00e7arp\u0131c\u0131 tespitlerle bu ger\u00e7e\u011fi dile getirmi\u015ftir:<\/span><\/p>\n<p style=\"margin-bottom: 0.0001pt; text-align: justify; text-indent: 14.2pt; line-height: normal;\"><b><i><span style=\"font-size: 12pt; font-family: 'Arial','sans-serif';\">\u00d6nce, El-Kaide\u2019nin temeli say\u0131lan Taliban (Talebeler) \u00f6rg\u00fct\u00fcn\u00fcn g\u00fcndeme geli\u015fi ve h\u0131zl\u0131 y\u00fckseli\u015fi, dikkat \u00e7ekicidir. 1996 y\u0131l\u0131nda, T\u00fcrkmen petrol ve do\u011fal gaz\u0131n\u0131 Afganistan \u00fczerinden Hint Okyanusu\u2019na ta\u015f\u0131ma ve \u0130ran\u2019\u0131 ablukaya alma ve etkisiz b\u0131rakma projesiyle, ABD taraf\u0131ndan \u00fclkesine g\u00f6nderilen Yahudi Unocal \u015eirketini reddeden Devlet Ba\u015fkan\u0131 Burhaneddin Rabbani, kendisini iknaya giden Unocal dan\u0131\u015fman\u0131 Siyonist Henry Kissinger\u2019i de dinlemeyince, devrilmesi ve devre d\u0131\u015f\u0131na itilmesi, Siyonistlerce kesinle\u015fmi\u015fti. O s\u0131rada Kandahar Valisi olan Taliban\u2019\u0131n ikinci adam\u0131 Molla Hasan, Arjantin k\u00f6kenli Yahudi \u015eirketi Bridas\u2019la \u00e7oktan anla\u015fm\u0131\u015f ve her t\u00fcrl\u00fc g\u00fcvenceyi, Rabbani\u2019ye ra\u011fmen onlara vermi\u015fti. Her ne hikmetse, bu antla\u015fma \u00fczerine Taliban h\u0131zla ilerleyip Kabil\u2019i ku\u015fatm\u0131\u015f ve Pencir Arslan\u0131 ve Ruslar\u0131n korkulu r\u00fcyas\u0131 Ahmet \u015eah Mesut bile \u015fa\u015f\u0131rm\u0131\u015f ve kan d\u00f6k\u00fclmesin diye Kabil\u2019i terk etmi\u015fti. <\/span><\/i><\/b><\/p>\n<p style=\"margin-bottom: 0.0001pt; text-align: justify; text-indent: 14.2pt; line-height: normal;\"><span style=\"font-size: 14pt;\"><b><span style=\"font-family: 'Arial','sans-serif';\">\u015eimdi soral\u0131m:<\/span><\/b><\/span><\/p>\n<p style=\"margin-bottom: 0.0001pt; text-align: justify; text-indent: 14.2pt; line-height: normal;\"><span style=\"font-size: 12pt; font-family: 'Arial','sans-serif';\">1- Sadece klasik medrese e\u011fitimi g\u00f6rm\u00fc\u015f bu talebeler, nas\u0131l oluyordu da d\u00fczenli ve deneyimli ordu birliklerini hezimete u\u011fratacak sava\u015f taktikleri uyguluyordu?<\/span><\/p>\n<p style=\"margin-bottom: 0.0001pt; text-align: justify; text-indent: 14.2pt; line-height: normal;\"><span style=\"font-size: 12pt; font-family: 'Arial','sans-serif';\">2- Bisiklet s\u00fcrmesini bile bilmeyen bu medrese talebeleri, nas\u0131l oluyordu da modern tanklar\u0131 ve u\u00e7aklar\u0131 ustal\u0131kla kullan\u0131yordu?<\/span><\/p>\n<p style=\"margin-bottom: 0.0001pt; text-align: justify; text-indent: 14.2pt; line-height: normal;\"><span style=\"font-size: 12pt; font-family: 'Arial','sans-serif';\">3- \u00dcstelik bu tanklar\u0131, toplar\u0131, u\u00e7aklar\u0131 Taliban hangi para ve pazarl\u0131kla ve kimden al\u0131yordu?<\/span><\/p>\n<p style=\"margin-bottom: 0.0001pt; text-align: justify; text-indent: 14.2pt; line-height: normal;\"><span style=\"font-size: 12pt; font-family: 'Arial','sans-serif';\">4- Bu u\u00e7aklar\u0131n Pakistan\u2019daki Amerikan \u00fcslerinden kalkt\u0131\u011f\u0131 iddialar\u0131 niye resmen cevaps\u0131z b\u0131rak\u0131l\u0131yordu?<\/span><\/p>\n<p style=\"margin-bottom: 0.0001pt; text-align: justify; text-indent: 14.2pt; line-height: normal;\"><span style=\"font-size: 12pt; font-family: 'Arial','sans-serif';\">5- ABD\u2019nin adam\u0131 ve ajan\u0131 olarak bilinen d\u00f6nemin Pakistan \u0130\u00e7i\u015fleri Bakan\u0131 Nasrullah Bab\u00fcr\u2019\u00fcn, Taliban\u2019\u0131n as\u0131l beyni oldu\u011fu s\u00f6ylentileri \u00fczerinde niye durulmuyordu?<\/span><\/p>\n<p style=\"margin-bottom: 0.0001pt; text-align: justify; text-indent: 14.2pt; line-height: normal;\"><span style=\"font-size: 12pt; font-family: 'Arial','sans-serif';\">6- Ahmet \u015eah Mesut\u2019un \u015fahadetinden k\u0131sa bir s\u00fcre \u00f6nce Routers Ajans\u0131na: \u201cBiz Taliban\u2019la falan de\u011fil, Amerikan destekli Pakistan askerleriyle sava\u015f\u0131yoruz\u201d s\u00f6zleri niye de\u011ferlendirilmiyordu?<\/span><\/p>\n<p style=\"margin-bottom: 0.0001pt; text-align: justify; text-indent: 14.2pt; line-height: normal;\"><span style=\"font-size: 12pt; font-family: 'Arial','sans-serif';\">7- O d\u00f6nemde BM Afgan Temsilcisi olan ve Amerikan\u2019\u0131n sad\u0131k u\u015fa\u011f\u0131 bulunan Mahmut Mestiri\u2019nin Ekim 1996\u2019da Time Dergisine verdi\u011fi: <b><i>\u201cTaliban \u00e7ok ak\u0131ll\u0131 gen\u00e7ler. Ne yapacaklar\u0131n\u0131 iyi biliyorlar\u201d<\/i><\/b> deme\u00e7leri ne anlama geliyordu?<\/span><\/p>\n<p style=\"margin-bottom: 0.0001pt; text-align: justify; text-indent: 14.2pt; line-height: normal;\"><span style=\"font-size: 12pt; font-family: 'Arial','sans-serif';\">8- Hatta baz\u0131 Pakistan yetkililerini: \u201cBize yard\u0131mc\u0131 olun. Taliban eliyle Afganistan\u2019\u0131 ele ge\u00e7irelim. Sonra i\u00e7i\u015flerinde ba\u011f\u0131ms\u0131z, d\u0131\u015fi\u015flerinde Pakistan\u2019a ba\u011fl\u0131, Pe\u015ftu a\u011f\u0131rl\u0131kl\u0131 bir y\u00f6netim kural\u0131m!? Diye aldatan Amerikan teklifleri niye hi\u00e7 g\u00fcndeme ta\u015f\u0131nm\u0131yordu?<\/span><\/p>\n<p style=\"margin-bottom: 0.0001pt; text-align: justify; text-indent: 14.2pt; line-height: normal;\"><span style=\"font-size: 12pt; font-family: 'Arial','sans-serif';\">9- Yakalanan baz\u0131 Taliban askerlerinin \u00fczerinde tomar tomar, hem de 1994 bas\u0131m\u0131 ABD dolarlar\u0131 ne ar\u0131yordu?<\/span><\/p>\n<p style=\"margin-bottom: 0.0001pt; text-align: justify; text-indent: 14.2pt; line-height: normal;\"><span style=\"font-size: 12pt; font-family: 'Arial','sans-serif';\">10- Burhanettin Rabbani\u2019nin Taliban\u2019a yapt\u0131\u011f\u0131 b\u00fct\u00fcn bar\u0131\u015f \u00e7a\u011fr\u0131lar\u0131 ni\u00e7in ve neden hep kar\u015f\u0131l\u0131ks\u0131z kal\u0131yordu?<\/span><\/p>\n<p style=\"margin-bottom: 0.0001pt; text-align: justify; text-indent: 14.2pt; line-height: normal;\"><span style=\"font-size: 12pt; font-family: 'Arial','sans-serif';\">11- Ahmet \u015eah Mesut gibi \u00e7ok \u00f6nemli bir \u015fahsiyetin, \u0130ngiltere\u2019den yola \u00e7\u0131kan El-Kaide elamanlar\u0131nca \u015fehit edilmesi, niye Siyonist g\u00fc\u00e7leri sevindiriyordu?<\/span><\/p>\n<p style=\"margin-bottom: 0.0001pt; text-align: justify; text-indent: 14.2pt; line-height: normal;\"><span style=\"font-size: 12pt; font-family: 'Arial','sans-serif';\">12- Taliban ve El-Kaide bu denli g\u00fc\u00e7l\u00fc idiyse, ABD\u2019nin Afganistan i\u015fgali s\u0131ras\u0131nda niye ve nas\u0131l bir anda ortadan kaybolmu\u015ftu?<\/span><\/p>\n<p style=\"margin-bottom: 0.0001pt; text-align: justify; text-indent: 14.2pt; line-height: normal;\"><span style=\"font-size: 12pt; font-family: 'Arial','sans-serif';\">13- 11 Eyl\u00fcl sald\u0131r\u0131lar\u0131 sonras\u0131, d\u00fcnyan\u0131n pek \u00e7ok \u00fclkesinde, Siyonizm\u2019e ve emperyalizme \u00f6fkeli ve gayretli binlerce gencin Usame Bin Laden ve adamlar\u0131nca Afganistan\u2019a \u00e7a\u011fr\u0131l\u0131p, hayat\u0131nda eline silah almam\u0131\u015f ve e\u011fitim yapmam\u0131\u015f bu insanlar\u0131n \u00e7o\u011funu Amerikan tanklar\u0131na ve u\u00e7aklar\u0131na do\u011fratan, geri kalan\u0131n\u0131n Guatemala cehennemine yollayan El-Kaide, kendisine kat\u0131lanlar\u0131n \u00e7o\u011fu iyi niyetli olsa da, Allah a\u015fk\u0131na, ger\u00e7ekte kimlere yar\u0131yordu?<\/span><\/p>\n<p style=\"margin-bottom: 0.0001pt; text-align: justify; text-indent: 14.2pt; line-height: normal;\"><span style=\"font-size: 12pt; font-family: 'Arial','sans-serif';\">14- G\u00fcya \u0130slam ad\u0131na, Riyad\u2019da \u0130stanbul\u2019da \u00e7o\u011fu M\u00fcsl\u00fcman olan masum insanlar\u0131 \u00f6ld\u00fcrenler ve t\u00fcm \u0130slam D\u00fcnyas\u0131\u2019n\u0131 hedef haline getirenler, nas\u0131l oluyor da kendileri bir t\u00fcrl\u00fc yakalanam\u0131yordu?<\/span><\/p>\n<p style=\"margin-bottom: 0.0001pt; text-align: justify; text-indent: 14.2pt; line-height: normal;\"><span style=\"font-size: 12pt; font-family: 'Arial','sans-serif';\">15- Yine B\u00fclent Alan\u2019\u0131n do\u011fru de\u011ferlendirmesiyle: K\u00fcrtleri kurtaraca\u011f\u0131z diye, y\u0131llarca masum K\u00fcrtleri katleden PKK ile El-Kaide\u2019nin benzerli\u011fi hatta \u0130stanbul olaylar\u0131ndaki i\u015fbirli\u011fi niye g\u00f6zlerden saklan\u0131yordu?<\/span><\/p>\n<p style=\"margin-bottom: 0.0001pt; text-align: justify; text-indent: 14.2pt; line-height: normal;\"><span style=\"font-size: 14pt;\"><b><span style=\"font-family: 'Arial','sans-serif';\">\u0130\u015fte bu gibi sorular\u0131n do\u011fru ve doyurucu cevaplar\u0131 ara\u015ft\u0131r\u0131ld\u0131\u011f\u0131nda, \u015fu sonu\u00e7lar ortaya \u00e7\u0131kmaktad\u0131r:<\/span><\/b><\/span><\/p>\n<p style=\"margin-bottom: 0.0001pt; text-align: justify; text-indent: 14.2pt; line-height: normal;\"><b><span style=\"font-size: 12pt; font-family: 'Arial','sans-serif';\">a- Taliban ve El-Kaide\u2019nin \u015fahs\u0131nda \u0130slam\u2019\u0131 barbar, ac\u0131mas\u0131z ve \u00e7a\u011f d\u0131\u015f\u0131 g\u00f6stermek.<\/span><\/b><\/p>\n<p style=\"margin-bottom: 0.0001pt; text-align: justify; text-indent: 14.2pt; line-height: normal;\"><b><span style=\"font-size: 12pt; font-family: 'Arial','sans-serif';\">b- \u0130slam D\u00fcnyas\u0131na ve ABD emperyalizmine kar\u015f\u0131 duranlara yap\u0131lacak sald\u0131r\u0131 ve sava\u015flara bahane yapmak \u00fczere Taliban ve El-Kaide\u2019yi adres haline getirmek.<\/span><\/b><\/p>\n<p style=\"margin-bottom: 0.0001pt; text-align: justify; text-indent: 14.2pt; line-height: normal;\"><b><span style=\"font-size: 12pt; font-family: 'Arial','sans-serif';\">c- B\u00f6ylece \u0130slam D\u00fcnyas\u0131nda ba\u015flayan ve hedefine yakla\u015fan hakl\u0131 ve hay\u0131rl\u0131 hareketleri k\u00f6t\u00fclemek ve k\u00f6steklemek \u00fczere, El Kaide tipi s\u00f6zde kat\u0131 \u015feriat\u00e7\u0131 \u00f6rg\u00fctler de, Cemaat gibi \u0131l\u0131ml\u0131 \u0130slamc\u0131 hareketler de, hep ayn\u0131 Siyonist merkezlerce kurgulan\u0131p kullan\u0131lmaktad\u0131r.<\/span><\/b><\/p>\n<p style=\"margin-bottom: 0.0001pt; text-align: justify; text-indent: 14.2pt; line-height: normal;\"><span style=\"font-size: 12pt; font-family: 'Arial','sans-serif';\">Yugoslavya Eski GenelKurmay Ba\u015fkan\u0131 Pavkovi\u00e7: <b><i>\u201cIrak\u2019\u0131n Zaho kentinde CIA, MOSSAD VE PKK\u2019n\u0131n 9 Kas\u0131m 2003\u2019te bir gizli toplant\u0131 yapt\u0131klar\u0131n\u0131, orada Irak\u2019\u0131n ve T\u00fcrkiye\u2019nin par\u00e7alanmas\u0131 ve K\u00fcrdistan\u2019\u0131n kurulmas\u0131 y\u00f6n\u00fcnde ortak hareket edilmesini karala\u015ft\u0131rd\u0131klar\u0131n\u0131\u201d<\/i><\/b> dile getirmi\u015fti.<sup>[6]<\/sup> \u0130stanbul\u2019daki patlamalar\u0131n da MOSSAD g\u00fcd\u00fcm\u00fcndeki PKK ve \u0130slamc\u0131 elemanlar eliyle ger\u00e7ekle\u015ftirildi\u011fi s\u00f6ylenmi\u015fti. Bu patlamalar\u0131n hemen arkas\u0131ndan T\u00fcrkiye Yahudilerinin \u00f6nemli temsilcilerinden Ressam ve yazar Yusuf Habip Gerez, Los Angeles Times gazetesine \u015fu demeci vermi\u015fti: \u201c<b><i>Bu sald\u0131r\u0131lar kesinlikle d\u0131\u015f merkezlidir ve T\u00fcrkiye\u2019deki Musevi Cemaatiyle M\u00fcsl\u00fcmanlar\u0131 biri birine d\u00fc\u015f\u00fcrme ve Yahudileri tedirgin etme gayretidir<\/i><\/b>.\u201d<sup>[7]<\/sup><\/span><\/p>\n<p style=\"margin-bottom: 0.0001pt; text-align: justify; text-indent: 14.2pt; line-height: normal;\"><span style=\"font-size: 12pt; font-family: 'Arial','sans-serif';\">Bu arada, tekrar hat\u0131rlatal\u0131m ki, \u0130srail\u2019deki Likud Partisi ve Ariel \u015earon\u2019la \u00e7ok \u00f6zel ili\u015fkisi bilinen, 1986\u2019da Moskova B\u00fcy\u00fckel\u00e7isi iken Rusya\u2019n\u0131n \u00e7\u00f6kmesine&#8230; 1990\u2019da Do\u011fu Avrupa direkt\u00f6r\u00fc iken Var\u015fova Pakt\u0131n\u0131n \u00e7\u00f6z\u00fclmesine&#8230; 1993\u2019te \u00c7ekoslovakya B\u00fcy\u00fckel\u00e7ilik M\u00fcste\u015far\u0131 iken \u00c7ekoslovakya\u2019n\u0131n ikiye b\u00f6l\u00fcnmesine sebebiyet veren, Eric Edelman\u2019\u0131n \u00f6zellikle bu s\u00fcre\u00e7te T\u00fcrkiye\u2019ye g\u00f6nderilmesi \u00fczerine niye hi\u00e7 gidilmemi\u015fti?<\/span><\/p>\n<p style=\"margin-bottom: 0.0001pt; text-align: justify; text-indent: 14.2pt; line-height: normal;\"><span style=\"font-size: 14pt;\"><b><span style=\"font-family: 'Arial','sans-serif';\">Ve \u015fu sorular\u0131n cevab\u0131 hala, niye verilmemi\u015fti?<\/span><\/b><\/span><\/p>\n<p style=\"margin-bottom: 0.0001pt; text-align: justify; text-indent: 14.2pt; line-height: normal;\"><span style=\"font-size: 12pt; font-family: 'Arial','sans-serif';\">* Sald\u0131r\u0131lardan bir hafta \u00f6nce ABD B\u00fcy\u00fckel\u00e7ili\u011finde, Star TV hari\u00e7 b\u00fcy\u00fck kanallardan ve T\u00fcrkiye, Star Cumhuriyet haricinde b\u00fcy\u00fck gazetelerden 28 gazeteci \u00f6zel bir toplant\u0131 i\u00e7in ABD B\u00fcy\u00fckel\u00e7ili\u011fi\u2019nde topland\u0131 m\u0131?<\/span><\/p>\n<p style=\"margin-bottom: 0.0001pt; text-align: justify; text-indent: 14.2pt; line-height: normal;\"><span style=\"font-size: 12pt; font-family: 'Arial','sans-serif';\">* ABD B\u00fcy\u00fckel\u00e7ili\u011fi siyasi m\u00fcste\u015far\u0131 \u0130stanbul sald\u0131r\u0131lar\u0131ndan sonra aralar\u0131ndaki \u00fcnl\u00fc i\u015fadamlar\u0131n\u0131n da bulundu\u011fu hangi \u201ckanaat \u00f6nderlerini\u201d ziyaret etti?<\/span><\/p>\n<p style=\"margin-bottom: 0.0001pt; text-align: justify; text-indent: 14.2pt; line-height: normal;\"><span style=\"font-size: 12pt; font-family: 'Arial','sans-serif';\">* D\u0131\u015fi\u015fleri Bakanl\u0131\u011f\u0131\u2019nda 15 Temmuz tarihinde; \u00fczerinde \u201cThe terror of the red will be as red as the red flag\u201d (K\u0131rm\u0131z\u0131n\u0131n ter\u00f6r\u00fc, k\u0131rm\u0131z\u0131 bayra\u011f\u0131n k\u0131rm\u0131z\u0131s\u0131 kadar kanl\u0131 olacak) c\u00fcmlesi ve yan\u0131nda \u201c21.11.2003\u201d tarihi (Bu tarih Kadir gecesine ve \u0130stanbul sald\u0131r\u0131lar\u0131ndan bir g\u00fcn sonra Cuma\u2019ya denk geliyor) yaz\u0131l\u0131 \u201cTHEM\u201d imzal\u0131 bir faks geldi mi?<\/span><\/p>\n<p style=\"margin-bottom: 0.0001pt; text-align: justify; text-indent: 14.2pt; line-height: normal;\"><span style=\"font-size: 12pt; font-family: 'Arial','sans-serif';\">* Bu sald\u0131r\u0131larda ta\u015feron olarak kullan\u0131lan ideolojik altyap\u0131 Adana merkezli Mealciler i\u00e7inden mi \u00e7\u0131kt\u0131?<\/span><\/p>\n<p style=\"margin-bottom: 0.0001pt; text-align: justify; text-indent: 14.2pt; line-height: normal;\"><span style=\"font-size: 12pt; font-family: 'Arial','sans-serif';\">* Sald\u0131r\u0131larda kullan\u0131lan malzemeler Adapazar\u0131 merkezli olarak m\u0131 tesis edildi?<\/span><\/p>\n<p style=\"margin-bottom: 0.0001pt; text-align: justify; text-indent: 14.2pt; line-height: normal;\"><span style=\"font-size: 12pt; font-family: 'Arial','sans-serif';\">* Bu sald\u0131r\u0131da ve di\u011fer benzer sald\u0131r\u0131larda kullan\u0131lan ideolojik kadrolara ter\u00f6r e\u011fitimi veren yerler aras\u0131nda Manyas G\u00f6l\u00fc civar\u0131ndaki \u201cbaz\u0131 uluslararas\u0131 kurumlara ait tesisler\u201d var m\u0131? Ve bu uluslararas\u0131 kurumlara ait Malatya-Kayseri yolu \u00fczerinde Darende civarlar\u0131ndaki tesislerde, \u0130stanbul sald\u0131r\u0131lar\u0131n\u0131 ger\u00e7ekle\u015ftirecek \u201cbeyin g\u00fcc\u00fc\u201d bulunuyor mu?<\/span><\/p>\n<p style=\"margin-bottom: 0.0001pt; text-align: justify; text-indent: 14.2pt; line-height: normal;\"><span style=\"font-size: 12pt; font-family: 'Arial','sans-serif';\">* \u201c\u0130slami ter\u00f6r\u00fc\u201d g\u00fcvenlik konseptinin merkezine oturtan NATO, \u0130stanbul sald\u0131r\u0131lar\u0131ndan hemen sonra NATO konseyini toplad\u0131. Acaba daha \u00f6nceden NATO; bu \u00f6rg\u00fctlerle i\u015fbirli\u011fi yapt\u0131 m\u0131; tesislerinde bunlar\u0131 e\u011fitti mi?<\/span><\/p>\n<p style=\"margin-bottom: 0.0001pt; text-align: justify; text-indent: 14.2pt; line-height: normal;\"><span style=\"font-size: 12pt; font-family: 'Arial','sans-serif';\">* HSCB Bank ve \u0130ngiliz Konsoloslu\u011fu \u00f6n\u00fcndeki sald\u0131r\u0131lar \u00f6ncesinde, H\u0131z\u0131r Acil gibi acil ambulans servislerini kimler aray\u0131p, Bostanc\u0131 ve G\u00f6ztepe\u2019de patlama oldu\u011fu ihbar\u0131n\u0131 yap\u0131p b\u00fct\u00fcn ambulanslar\u0131n buraya y\u00f6nlendirmesine neden oldu?<\/span><\/p>\n<p style=\"margin-bottom: 0.0001pt; text-align: justify; text-indent: 14.2pt; line-height: normal;\"><span style=\"font-size: 12pt; font-family: 'Arial','sans-serif';\">* Sald\u0131r\u0131lardan sonra nedense ortadan kaybolan ve g\u00f6r\u00fcnmeyen HSCB Bank Genel M\u00fcd\u00fcr\u00fc Piraye Antika\u2019ya; Kas\u0131m ay\u0131n\u0131n ba\u015f\u0131nda ve sald\u0131r\u0131lardan iki g\u00fcn \u00f6nce, \u201cbankan\u0131n ar\u015fivlerini eri\u015filemeyecek stat\u00fcye getirmeye\u201d haz\u0131r olmas\u0131 emri verildi mi? HSCB Bank\u2019\u0131n ar\u015fivlerine y\u00f6nelik kayg\u0131lar\u0131n, Engin Ak\u00e7akoca\u2019n\u0131n evinde ele ge\u00e7irilen kolilerle bir ba\u011flant\u0131s\u0131 var m\u0131?<\/span><\/p>\n<p style=\"margin-bottom: 0.0001pt; text-align: justify; text-indent: 14.2pt; line-height: normal;\"><span style=\"font-size: 12pt; font-family: 'Arial','sans-serif';\">* HSCB Genel M\u00fcd\u00fcr\u00fc Piraye Antika, CIA ve MI6\u2019in T\u00fcrkiye\u2019deki istasyon \u015fefleri ile neden \u00e7ok s\u0131k\u0131 bir ili\u015fki i\u00e7indedir?<\/span><\/p>\n<p style=\"margin-bottom: 0.0001pt; text-align: justify; text-indent: 14.2pt; line-height: normal;\"><span style=\"font-size: 12pt; font-family: 'Arial','sans-serif';\">* Sald\u0131r\u0131lardan sonra kanaat \u00f6nderlerini dola\u015farak \u201csald\u0131r\u0131lar\u0131n arka plan\u0131nda ordunun da parma\u011f\u0131 olabilece\u011fi\u201d propagandas\u0131n\u0131 yapan ABD B\u00fcy\u00fckel\u00e7ili\u011fi siyasi m\u00fcste\u015far\u0131 ile HSCB Bank Genel M\u00fcd\u00fcr\u00fc Piraye Antika\u2019n\u0131n ili\u015fkileri ne d\u00fczeydedir?<\/span><\/p>\n<p style=\"margin-bottom: 0.0001pt; text-align: justify; text-indent: 14.2pt; line-height: normal;\"><span style=\"font-size: 12pt; font-family: 'Arial','sans-serif';\">* Sald\u0131r\u0131lardan sonra; genellikle bu t\u00fcr konularda deme\u00e7ler vermek i\u00e7in ideal isim olarak bilinen ve T\u00fcrkiye\u2019yi toparlay\u0131c\u0131 ki\u015fi olarak lanse edilen S\u00fcleyman Demirel\u2019in, tek bir demeci bile olmad\u0131 ve yay\u0131nlanmad\u0131, Neden?<sup>[8]<\/sup><\/span><\/p>\n<p style=\"margin-bottom: 0.0001pt; text-align: justify; text-indent: 14.2pt; line-height: normal;\"><span style=\"font-size: 12pt; font-family: 'Arial','sans-serif';\">Demirel uzman\u0131 olarak g\u00f6r\u00fcnen, Derin ve Karanl\u0131k g\u00fc\u00e7lerin kiral\u0131k kalemi olman\u0131n \u015f\u0131mar\u0131kl\u0131\u011f\u0131 ile b\u00f6b\u00fcrlenen yerli C.A (C\u00fcneyt Arcay\u00fcrek), \u201cUzakta Kalan Tarih\u201d diye yazd\u0131\u011f\u0131 485 sayfal\u0131k kitapta, \u201cKahramanl\u0131k taslarken, h\u0131rs\u0131zl\u0131\u011f\u0131n\u0131 ve ahmakl\u0131\u011f\u0131n\u0131 ortaya d\u00f6ken \u00c7ingene\u201d misali, ABD\u2019deki Siyonist merkezlerin talimat\u0131yla, s\u00f6m\u00fcr\u00fc saltanatlar\u0131na \u00e7omak sokan Erbakan\u2019a ve Refah-Yol iktidar\u0131na kar\u015f\u0131 baz\u0131 ordu mensuplar\u0131n\u0131 ve zaman\u0131n Cumhurba\u015fkan\u0131\u2019n\u0131 nas\u0131l k\u0131\u015fk\u0131rtt\u0131\u011f\u0131n\u0131 anlatm\u0131\u015f ta anlatm\u0131\u015ft\u0131&#8230; Asl\u0131nda be\u015f sat\u0131rl\u0131k bir ger\u00e7e\u011fi, be\u015f y\u00fcz sayfa \u015fi\u015firip, okuyucuya 1 gram \u015feker tadacak diye 500 kg ke\u00e7iboynuzu \u00e7i\u011fnetmeye kalk\u0131\u015fm\u0131\u015f&#8230; Yar\u0131m saatte, alt\u0131n\u0131 \u00e7izerek ve not edinerek okudu\u011fumuz kitab\u0131n \u00f6zeti \u015fuydu:<\/span><\/p>\n<p style=\"margin-bottom: 0.0001pt; text-align: justify; text-indent: 14.2pt; line-height: normal;\"><span style=\"font-size: 12pt; font-family: 'Arial','sans-serif';\">\u00dcnl\u00fc Siyonistlerden ve ABD derin devletinin stratejistlerinden Kissenger, Time dergisine: <b><i>\u201cT\u00fcrkiye\u2019ye stratejik de\u011ferinin hak etti\u011fi \u015fekilde davranman\u0131n zaman\u0131d\u0131r. K\u00f6kten dincilerin (daha do\u011frusu Milli g\u00fc\u00e7lerin) kazanaca\u011f\u0131 bir zafer, T\u00fcrkiye\u2019deki se\u00e7ene\u011fimizi ortadan kald\u0131rmadan \u00f6nce harekete ge\u00e7memiz gerekmektedir<\/i><\/b>\u201d<sup>[9]<\/sup> diye, bir deme\u00e7 vermi\u015f, yerli u\u015faklar bu mesaj\u0131 al\u0131r almaz, Erbakan\u2019\u0131 y\u0131kma senaryolar\u0131 yaz\u0131lm\u0131\u015f, <b><i>\u201cTaksime cami, Hocalara iftar\u201d<\/i><\/b> tart\u0131\u015fmalar\u0131 ba\u015flat\u0131lm\u0131\u015ft\u0131. Eski ANAP lideri Mesut Y\u0131lmaz\u2019\u0131n a\u011fz\u0131ndan <b><i>\u201cRefah taban\u0131 silahlan\u0131yor. 50 bin silahl\u0131 refah muhaf\u0131z\u0131 haz\u0131r bekliyor\u201d<\/i><\/b><sup>[10]<\/sup> man\u015fetleri at\u0131lm\u0131\u015f&#8230; S\u00fcleyman Demirel <b><i>\u201cSiz biri birinizle \u00e7eki\u015fir de solu b\u00f6lerseniz, i\u015fte memleket bu adam\u0131n (Erbakan demeye dilleri varm\u0131yor) elinde kal\u0131r\u201d <\/i><\/b>diye Ecevit ve Deniz Baykal\u2019\u0131 su\u00e7lam\u0131\u015ft\u0131&#8230;<sup>[11]<\/sup><\/span><\/p>\n<p style=\"margin-bottom: 0.0001pt; text-align: justify; text-indent: 14.2pt; line-height: normal;\"><b><i><span style=\"font-size: 12pt; font-family: 'Arial','sans-serif';\">\u201cVe bu Say\u0131n Demirel, eski Ba\u015fsavc\u0131n\u0131n Refah\u2019\u0131 kapatma davas\u0131 a\u00e7mad\u0131\u011f\u0131na k\u0131zm\u0131\u015f ve Refah-Yol d\u00f6neminde kapatma davas\u0131 a\u00e7acak olan Vural Sava\u015f\u2019\u0131 kendisi atam\u0131\u015f\u201d<\/span><\/i><\/b><span style=\"font-size: 12pt; font-family: 'Arial','sans-serif';\"> ve yarg\u0131y\u0131 siyasalla\u015ft\u0131rmaktan sak\u0131nmam\u0131\u015ft\u0131\u2026<sup>[12]<\/sup><\/span><\/p>\n<p style=\"margin-bottom: 0.0001pt; text-align: justify; text-indent: 14.2pt; line-height: normal;\"><span style=\"font-size: 12pt; font-family: 'Arial','sans-serif';\">Ecevit ve Tansu \u00c7iller, Erbakan\u2019la koalisyona kat\u0131ld\u0131klar\u0131 i\u00e7in, afaroza u\u011fram\u0131\u015f, ve nihayet The New York Times <b><i>\u201cT\u00fcrkiye\u2019de askerin sabr\u0131 ta\u015f\u0131yor<\/i><\/b>\u201d ba\u015fl\u0131kl\u0131 makalesinde Erbakan\u2019s\u0131z bir h\u00fck\u00fcmet talimat\u0131 verince, Kripto (gizli) Yahudi d\u00f6nmelerinden \u0130n\u00f6n\u00fc\u2019n\u00fcn damad\u0131 Metin Toker\u2019in \u00e7\u00f6mezlerinden C\u00fcneyt Arcay\u00fcrek\u2019in<sup>[13]<\/sup> \u00c7evik Bir gibi asker ve S. Demirel ve M. Y\u0131lmaz gibi sivil masonlar\u0131 ve de T\u00dcS\u0130AD gibi sermaye baronlar\u0131 ve sendika simsarlar\u0131, 28 \u015eubat darbesini yapm\u0131\u015flar ve b\u00f6ylece \u00fclkeyi Erbakan\u2019dan kurtar\u0131p Amerika\u2019ya ba\u011flam\u0131\u015flard\u0131!&#8230;<\/span><\/p>\n<p style=\"margin-bottom: 0.0001pt; text-align: justify; text-indent: 14.2pt; line-height: normal;\"><span style=\"font-size: 12pt; font-family: 'Arial','sans-serif';\">Prof. Yal\u00e7\u0131n K\u00fc\u00e7\u00fck\u2019\u00fcn tespitiyle: \u201c<b><i>Bug\u00fcne kadar, asla analiz etmeye cesaret edilmemi\u015f bir sinsi siyaset tiyatrosu ve bir dizi darbeler sonucu<\/i><\/b>\u201d Sabataist sermaye saltanat\u0131n\u0131 ve masonik medya h\u00fck\u00fcmranl\u0131\u011f\u0131n\u0131, b\u00f6ylece sa\u011flama alm\u0131\u015flard\u0131!..<sup>[14]<\/sup><\/span><\/p>\n<p style=\"margin-bottom: 0.0001pt; text-align: justify; text-indent: 14.2pt; line-height: normal;\"><b><span style=\"font-size: 12pt; font-family: 'Arial','sans-serif';\">T\u00fcrkiye\u2019den ABD\u2019ye gidip iltica talebinde bulunanlardan sadece bir e\u015fcinsele ve Fetullahc\u0131 diye ordudan uzakla\u015ft\u0131r\u0131l\u0131p, sonra T. Erdo\u011fan taraf\u0131ndan \u0130stanbul Belediyesi\u2019ne al\u0131nan bir \u00fcste\u011fmene arac\u0131l\u0131k yapan&#8230; T\u00fcrkiye\u2019nin art\u0131k Kemalizm\u2019den kurtulup, k\u00fcreselle\u015fme kervan\u0131na kat\u0131lmas\u0131n\u0131 savunan&#8230; K\u00fcrt\u00e7\u00fc PKK\u2019l\u0131larla Fetullahc\u0131 \u0131l\u0131ml\u0131 \u0130slamc\u0131lara s\u00fcrekli sahip \u00e7\u0131kan ve hatta Said\u2019i Nursi\u2019yi anma konferanslar\u0131na kat\u0131lan&#8230; Merve Kavakc\u0131\u2019n\u0131n ABD vatanda\u015fl\u0131\u011f\u0131 ile ilgili gizli belgeleri T\u00fcrkiye\u2019ye s\u0131zd\u0131ran&#8230; Amerikan K\u00fcrt Enformasyon \u015eebekesi Ba\u015fkan\u0131 Kani Gulam\u2019\u0131n sahte pasaport davas\u0131n\u0131, 10 y\u0131l mahk\u00fbmiyetten kurtar\u0131p serbest b\u0131rakt\u0131ran&#8230; K\u0131br\u0131s\u2019ta Denkta\u015f\u2019\u0131n yerine ge\u00e7irilmek ve T\u00fcrkiye\u2019ye s\u0131rt \u00e7evirmek teklifine yana\u015fmad\u0131\u011f\u0131 i\u00e7in i\u015fadam\u0131 Asil Nadir\u2019in hayat\u0131n\u0131 karartan&#8230; Kamuda havuz sistemine ge\u00e7mesi, \u0130ran gezisi ve D-8\u2019ler projesi y\u00fcz\u00fcnden Erbakan H\u00fck\u00fcmetinin y\u0131kt\u0131r\u0131l\u0131p, Tayyip Erdo\u011fan\u2019\u0131n iktidara haz\u0131rlanmas\u0131 yolunu a\u00e7an<sup>[15]<\/sup> Graham Fuller, Hanry Barkey, Wolfowitz, Alan makovski, Dick Cheny gibi Siyonist Amerikal\u0131lar\u0131n T\u00fcrkiye\u2019deki ta\u015feronlar\u0131, \u0130stanbul\u2019daki sald\u0131r\u0131lar\u0131 bahane ederek, \u201c\u0130slami Ter\u00f6r\u201d iftiras\u0131yla, M\u00fcsl\u00fcmanl\u0131\u011fa sava\u015f a\u00e7m\u0131\u015flard\u0131r.&nbsp;&nbsp; <\/span><\/b><\/p>\n<p style=\"margin-bottom: 0.0001pt; text-align: justify; text-indent: 14.2pt; line-height: normal;\"><span style=\"font-size: 14pt;\"><b><span style=\"font-family: 'Arial','sans-serif';\">Bu MOSSAD-CIA kokusu gelen \u0130stanbul sald\u0131r\u0131lar\u0131n\u0131n \u00e7ok \u00f6nemli bir amac\u0131n\u0131n da, Irak\u2019ta aleyhimize geli\u015fen ve gelece\u011fimizi tehdit eden olaylar\u0131 unutturmakt\u0131r.<\/span><\/b><\/span><\/p>\n<p style=\"margin-bottom: 0.0001pt; text-align: justify; text-indent: 14.2pt; line-height: normal;\"><span style=\"font-size: 12pt; font-family: 'Arial','sans-serif';\">Ba\u011fdat\u2019taki T\u00fcrk B\u00fcy\u00fckel\u00e7ili\u011fine yap\u0131lan sald\u0131r\u0131lar\u0131n \u00e7\u0131kard\u0131\u011f\u0131 toz duman ortas\u0131nda K\u00fcrt Liderlerin, ba\u011f\u0131ms\u0131zl\u0131\u011f\u0131n \u00f6nemli bir ad\u0131m\u0131 olarak \u201cK\u00fcrt Federasyonu\u201d i\u00e7in karar almalar\u0131\u2026 Ve \u0130stanbul sald\u0131r\u0131lar\u0131n\u0131n g\u00fcr\u00fclt\u00fcs\u00fc pat\u0131rt\u0131s\u0131 aras\u0131nda, Irak ge\u00e7ici y\u00f6netiminin bu karar\u0131 onaylamas\u0131 \u00fczerinde hi\u00e7 durulamam\u0131\u015f, toplumumuz suni g\u00fcndemlerle oyalanm\u0131\u015ft\u0131r. Bu giri\u015fim ve geli\u015fmeler bir T\u00fcrkiye-\u0130ran \u00e7at\u0131\u015fmas\u0131n\u0131n da alt yap\u0131s\u0131n\u0131 haz\u0131rlamaktad\u0131r. \u00c7\u00fcnk\u00fc Kuzey Irak\u2019ta bir K\u00fcrdistan olu\u015fumuna g\u00f6z yumacak bir T\u00fcrkiye\u2019de i\u00e7 karga\u015fa ve karde\u015f kavgas\u0131 ba\u015flat\u0131lacak&#8230; Kuzey Irak\u2019a m\u00fcdahale etmeye kalk\u0131nca da \u0130ran\u2019la sava\u015ft\u0131r\u0131lacakt\u0131r.<\/span><\/p>\n<p style=\"margin-bottom: 0.0001pt; text-align: justify; text-indent: 14.2pt; line-height: normal;\"><span style=\"font-size: 12pt; font-family: 'Arial','sans-serif';\">1983 y\u0131l\u0131nda yay\u0131nlanan 2937 say\u0131l\u0131 \u201cDevlet \u0130stihbarat Hizmetleri Te\u015fkilat Yasas\u0131\u201dn\u0131 bile \u00e7al\u0131\u015ft\u0131ramayan, M\u0130T, Emniyet, Jandarma, GKB, MGK sekreterli\u011fi, Cumhurba\u015fkanl\u0131\u011f\u0131 istihbarat\u0131, ayr\u0131ca Kuvvet Komutanl\u0131klar\u0131n\u0131n \u00f6zel bilgi kaynaklar\u0131 gibi kurumlar aras\u0131nda bir koordine ve organizeyi bile sa\u011flayamayan ve bu maksatla 1984\u2019te \u00e7\u0131kar\u0131lan bir kanunun gere\u011fini bile ba\u015faramayan yetkililerin, Amerika ve \u0130ngiltere gibi bir\u00e7ok geli\u015fmi\u015f ve demokratikle\u015fmi\u015f \u00fclkelerde, istihbarat \u00f6rg\u00fctlerinin baz\u0131 bilgi ve belgeleri Kongre \u00fcyelerinden bile gizlenirken, Bizim b\u00fct\u00fcn istihbarat\u0131m\u0131z\u0131n ve stratejik haz\u0131rl\u0131klar\u0131m\u0131z\u0131n \u201c\u015feffafla\u015fma\u201d safsatas\u0131yla i\u015fportaya d\u00f6k\u00fclmesine \u00e7al\u0131\u015fan gafillerin, \u0130stanbul sald\u0131r\u0131lar\u0131n\u0131n daha duman\u0131 t\u00fcterken, hemen \u201cFailleri yakalad\u0131k, b\u00fcy\u00fck ba\u015far\u0131 kazand\u0131k!\u201d gibi beyanatlar vermesi elbette inand\u0131r\u0131c\u0131 olmayacakt\u0131r.<\/span><\/p>\n<p style=\"margin-bottom: 0.0001pt; text-align: justify; text-indent: 14.2pt; line-height: normal;\"><span style=\"font-size: 12pt; font-family: 'Arial','sans-serif';\">Ve hele AKP h\u00fck\u00fcmetince adres olarak El-Kaide\u2019nin g\u00f6sterilmesi, hem \u201c\u0130slamc\u0131 ter\u00f6r\u201d iddias\u0131na hakl\u0131l\u0131k kazand\u0131rmak, hem de as\u0131l su\u00e7lu ve sorumlu olan Siyonist merkezleri temize \u00e7\u0131karmakt\u0131r. Ve 11 y\u0131l sonra AKP Suriye\u2019de ayn\u0131 odaklarla irtibat ve ittifak kuracakt\u0131r.<\/span><\/p>\n<p style=\"margin-bottom: 0.0001pt; text-align: justify; text-indent: 14.2pt; line-height: normal;\"><span style=\"font-size: 14pt;\"><b><span style=\"font-family: 'Arial','sans-serif';\">Ortak d\u00fcnya h\u00e2kimiyeti hevesleriyle Siyonistlerle i\u015fbirli\u011fi yapan o g\u00fcnk\u00fc Bush, bug\u00fcnk\u00fc Obama y\u00f6netimi:<\/span><\/b><\/span><\/p>\n<p style=\"margin-bottom: 0.0001pt; text-align: justify; text-indent: 14.2pt; line-height: normal;\"><span style=\"font-size: 12pt; font-family: 'Arial','sans-serif';\">a- Bu t\u00fcr sald\u0131r\u0131larla k\u00f6kten dinci yaftas\u0131 takt\u0131klar\u0131 ter\u00f6r\u00fcn, T\u00fcrkiye\u2019yi hedef, hatta merkez \u00fcss\u00fc se\u00e7tikleri kanaatini yayg\u0131nla\u015ft\u0131rmak,<\/span><\/p>\n<p style=\"margin-bottom: 0.0001pt; text-align: justify; text-indent: 14.2pt; line-height: normal;\"><span style=\"font-size: 12pt; font-family: 'Arial','sans-serif';\">b- B\u00f6ylece Avrupa\u2019y\u0131 T\u00fcrkiye\u2019den uzakla\u015ft\u0131rmak,<\/span><\/p>\n<p style=\"margin-bottom: 0.0001pt; text-align: justify; text-indent: 14.2pt; line-height: normal;\"><span style=\"font-size: 12pt; font-family: 'Arial','sans-serif';\">c- T\u00fcrkiye\u2019yi yaln\u0131z ve yard\u0131ms\u0131z kald\u0131\u011f\u0131na inand\u0131rmak, ABD ve \u0130srail\u2019e yakla\u015ft\u0131rmak,<\/span><\/p>\n<p style=\"margin-bottom: 0.0001pt; text-align: justify; text-indent: 14.2pt; line-height: normal;\"><span style=\"font-size: 12pt; font-family: 'Arial','sans-serif';\">d- Bu arada Irak\u2019\u0131n istikrar\u0131n\u0131 BM\u2019ne b\u0131rakarak, ABD\u2019yi bu \u00e7\u0131kmazdan kurtarmak,<\/span><\/p>\n<p style=\"margin-bottom: 0.0001pt; text-align: justify; text-indent: 14.2pt; line-height: normal;\"><span style=\"font-size: 12pt; font-family: 'Arial','sans-serif';\">e- Kuzey Irak\u2019ta g\u00fcya ABD kontrol\u00fc d\u0131\u015f\u0131nda geli\u015fen bir K\u00fcrdistan olu\u015fumuna kar\u015f\u0131, T\u00fcrkiye\u2019ye yard\u0131m i\u00e7in 60-70 bin ABD askerini G\u00fcneydo\u011fu\u2019da konu\u015fland\u0131rmak, (Marc Grosman\u2019\u0131n 9 Aral\u0131k 2003\u2019te Ankara\u2019ya gelip, \u0130ncirlik \u00fcss\u00fcn\u00fc yeniden muharip ama\u00e7l\u0131 kullanma d\u00fczenlemelerini ba\u015flatacaklar\u0131n\u0131 a\u00e7\u0131klamas\u0131 buna bir haz\u0131rl\u0131kt\u0131r)<\/span><\/p>\n<p style=\"margin-bottom: 0.0001pt; text-align: justify; text-indent: 14.2pt; line-height: normal;\"><span style=\"font-size: 12pt; font-family: 'Arial','sans-serif';\">f- Kuzey Irak\u2019a m\u00fcdahale eden T\u00fcrkiye\u2019ye kar\u015f\u0131 \u0130ran\u2019\u0131 k\u0131\u015fk\u0131rt\u0131p yeni bir sava\u015f fitili yakmak,<\/span><\/p>\n<p style=\"margin-bottom: 0.0001pt; text-align: justify; text-indent: 14.2pt; line-height: normal;\"><span style=\"font-size: 12pt; font-family: 'Arial','sans-serif';\">g- T\u00fcrkiye\u2019ye iyice yerle\u015fen ABD\u2019nin, buradan Ortado\u011fu, Kafkaslar, Orta Asya, Uzakdo\u011fu ve Rusya\u2019n\u0131n kontrol\u00fcn\u00fc daha kolay sa\u011flamak,<\/span><\/p>\n<p style=\"margin-bottom: 0.0001pt; text-align: justify; text-indent: 14.2pt; line-height: normal;\"><span style=\"font-size: 12pt; font-family: 'Arial','sans-serif';\">h- <b>Ve b\u00f6ylece B\u00fcy\u00fck \u0130srail hedefine ve Siyonizm\u2019in D\u00fcnya Hakimiyetine zemin haz\u0131rlamak, hesaplar\u0131 yapmaktad\u0131r. Bu vah\u015fi heves ve hesaplar\u0131n\u0131n, bizzat sa\u011fduyu sahibi Yahudi ve H\u0131ristiyanlar aras\u0131nda bile \u00e7ok ciddi tela\u015f ve itirazlara yol a\u00e7t\u0131\u011f\u0131 bir ortamda, bizdeki baz\u0131 medyan\u0131n ve gafil iktidar\u0131n, hala Bush\u2019a ve Siyonist kadrosuna g\u00fcvenmesi, hayret uyand\u0131r\u0131c\u0131d\u0131r&#8230; <\/b> <\/span><\/p>\n<p style=\"margin-bottom: 0.0001pt; text-align: justify; text-indent: 14.2pt; line-height: normal;\"><span style=\"font-size: 12pt; font-family: 'Arial','sans-serif';\">\u0130stanbul sald\u0131r\u0131lar\u0131n\u0131n hemen arkas\u0131ndan \u015earon\u2019un b\u00fct\u00fcn Yahudileri \u0130srail\u2019e \u00e7a\u011f\u0131rmas\u0131, Yahudiler aras\u0131nda bile \u015fa\u015fk\u0131nl\u0131k yaratm\u0131\u015ft\u0131r. ABD\u2019de Haham Dawid Feldman \u201cYahudilerin sessiz \u00e7o\u011funlu\u011fu, \u0130srail devletini kuran ve Ortado\u011fu\u2019yu kar\u0131\u015ft\u0131ran Siyonizm\u2019e kar\u015f\u0131d\u0131r. \u00c7\u00fcnk\u00fc Siyonistler Tevrat\u2019\u0131n temel ilkelerini ve Musa \u015eeriat\u0131n\u0131n hedeflerini sapt\u0131rm\u0131\u015ft\u0131r.\u201d<sup>[16]<\/sup> \u0130srail\u2019deki Seferad (\u0130spanya ve Akdeniz k\u00f6kenli) Yahudilerin temsilcisi ve dinci \u015eas Partisinin Ba\u015fkan\u0131 olan 80 ya\u015f\u0131ndaki Haham Ovadya Yosef ise \u201cT\u00fcm \u015ferlerin ve k\u00f6t\u00fcl\u00fcklerin k\u00f6keninde A\u015fkenaz (Orta ve Do\u011fu Avrupa) Yahudileri vard\u0131r. \u0130srail\u2019e gelip ortal\u0131\u011f\u0131 kar\u0131\u015ft\u0131rm\u0131\u015flard\u0131r\u201d diyerek \u015earon\u2019u ve destekleyicilerini su\u00e7lam\u0131\u015ft\u0131r.<sup>[18]<\/sup> Siyonizm kar\u015f\u0131t\u0131 Yahudilerin Eyl\u00fcl ay\u0131nda, \u0130srail Devleti ve sald\u0131rgan siyaseti aleyhine ABD Ba\u015fkan\u0131 Bush\u2019a yazd\u0131klar\u0131 mektup Washington Post\u2019ta yay\u0131nlanm\u0131\u015ft\u0131; \u00f6zetle:<\/span><\/p>\n<p style=\"margin-bottom: 0.0001pt; text-align: justify; text-indent: 14.2pt; line-height: normal;\"><b><i><span style=\"font-size: 12pt; font-family: 'Arial','sans-serif';\">\u201cD\u00fcnya Kamuoyu, kendisine yanl\u0131\u015f ve haks\u0131z olarak \u0130srail ad\u0131 koyan devlet ile t\u00fcm Yahudi halk\u0131n\u0131 biri birine kar\u0131\u015ft\u0131rmaktad\u0131r. Tevrat, ne kutsal topraklarda, ne ba\u015fka bir diyarda, ba\u011f\u0131ms\u0131z bir Yahudi Devleti kurmay\u0131 kesinlikle yasaklam\u0131\u015ft\u0131r. Tam tersine, kutsal kitab\u0131m\u0131z, birlikte ya\u015fad\u0131\u011f\u0131m\u0131z \u00fclkelere ve korumas\u0131 alt\u0131nda bulundu\u011fumuz milletlere, samimiyet ve sadakati emir buyurmaktad\u0131r. \u00d6zellikle Yahudiler ve M\u00fcsl\u00fcmanlar tarih boyunca bar\u0131\u015f ve dostluk i\u00e7inde ya\u015fam\u0131\u015f olmas\u0131na ra\u011fmen, Siyonistlerin, emperyalist g\u00fc\u00e7lerin deste\u011fiyle, Filistin halk\u0131n\u0131 taciz ederek kurduklar\u0131 \u0130srail Devleti\u2019ni ve i\u015fledikleri cinayetleri, hem inanc\u0131m\u0131za hem de insanl\u0131\u011fa ayk\u0131r\u0131d\u0131r.\u201d[19]<\/span><\/i><\/b><\/p>\n<p style=\"margin-bottom: 0.0001pt; text-align: justify; text-indent: 14.2pt; line-height: normal;\"><b><span style=\"font-size: 12pt; font-family: 'Arial','sans-serif';\"><span style=\"font-size: 14pt;\">Evet, \u0130srail me\u015fru bir devlet de\u011fil, sadece bir Ter\u00f6r Merkezidir. Bunu anlamak i\u00e7in, \u0130srail\u2019in ter\u00f6r tarihine ve cinayet listesine bakmak k\u00e2fidir.<\/span> <\/span><\/b><\/p>\n<p style=\"margin-bottom: 0.0001pt; text-align: justify; text-indent: 14.2pt; line-height: normal;\"><span style=\"font-size: 12pt; font-family: 'Arial','sans-serif';\">1918 y\u0131l\u0131nda Osmanl\u0131 Hilafet Ordusu, maalesef aldat\u0131lm\u0131\u015f Araplar\u0131n, \u0130ngiliz ordusuna verdikleri destek ile mukaddes \u015fehir Kud\u00fcs&#8217;ten \u00e7ekilince Filistin topraklar\u0131 30 y\u0131l boyunca \u0130ngiliz i\u015fgali alt\u0131na girmi\u015ftir. \u0130ngilizler bu 30 y\u0131ll\u0131k s\u00fcre i\u00e7inde d\u00fcnyan\u0131n d\u00f6rt bir yan\u0131ndan Yahudilerin Filistin&#8217;e g\u00f6\u00e7 etmesine izin vermi\u015f ve daha do\u011frusu bir Yahudi devleti kurulmas\u0131 i\u00e7in verilen Balfur vaadi gere\u011fi Yahudiler g\u00f6\u00e7 ettirilmi\u015f, 30 y\u0131l boyunca devlet kadrolar\u0131n\u0131n %90&#8217;\u0131nda Yahudiler istihdam edilerek fiilen bu korsan devleti Yahudilerin eline vermi\u015flerdir. 1948&#8217;de de zaten \u0130ngilizlerin \u00e7ekildi\u011fi g\u00fcn, \u0130srail devleti ilan edilmi\u015ftir. <\/span><\/p>\n<p style=\"margin-bottom: 0.0001pt; text-align: justify; text-indent: 14.2pt; line-height: normal;\"><span style=\"font-size: 12pt; font-family: 'Arial','sans-serif';\">\u0130srail i\u015fgal etti\u011fi Filistin topraklar\u0131ndaki Filistinlilerin kan\u0131n\u0131 ak\u0131tmay\u0131 adeta m\u00fcbah g\u00f6rerek ter\u00f6r\u00fcn\u00fc s\u00fcrd\u00fcrm\u00fc\u015f, bununla da yetinmeyip k\u00e2h Tunus&#8217;u, k\u00e2h Ba\u011fdat&#8217;\u0131, k\u00e2h L\u00fcbnan&#8217;\u0131 vurmaktan \u00e7ekinmemi\u015ftir. Estirdi\u011fi ter\u00f6re kar\u015f\u0131 mukavemet edenlere kar\u015f\u0131 deliye d\u00f6nen \u0130srail, Cumhurba\u015fkan\u0131 ve Ba\u015fbakan\u0131 a\u011fz\u0131yla Kuzey L\u00fcbnan&#8217;\u0131 kan g\u00f6l\u00fcne \u00e7evireceklerini ilan etmi\u015f ve milyonlarca mazlum Filistin\u2019li sivilin ba\u015fka yerlere mecburi g\u00f6\u00e7\u00fcne sebebiyet vermi\u015flerdir.<\/span><\/p>\n<p style=\"margin-bottom: 0.0001pt; text-align: justify; text-indent: 14.2pt; line-height: normal;\"><span style=\"font-size: 14pt;\"><b><span style=\"font-family: 'Arial','sans-serif';\">\u0130\u015fte \u0130srail&#8217;in Ger\u00e7ek Y\u00fcz\u00fc ve Siyonistlerin ter\u00f6r y\u00f6ntemleri:<\/span><\/b><\/span><\/p>\n<p style=\"margin-bottom: 0.0001pt; text-align: justify; text-indent: 14.2pt; line-height: normal;\"><span style=\"font-size: 12pt; font-family: 'Arial','sans-serif';\">1. Suikast ve katliamlar yapmak,<\/span><\/p>\n<p style=\"margin-bottom: 0.0001pt; text-align: justify; text-indent: 14.2pt; line-height: normal;\"><span style=\"font-size: 12pt; font-family: 'Arial','sans-serif';\">2. Meskenleri, i\u00e7inde oturanlar\u0131n \u00fczerine y\u0131kmak,<\/span><\/p>\n<p style=\"margin-bottom: 0.0001pt; text-align: justify; text-indent: 14.2pt; line-height: normal;\"><span style=\"font-size: 12pt; font-family: 'Arial','sans-serif';\">3. \u00c7ar\u015f\u0131, kahvehane gibi genel toplant\u0131 alanlar\u0131na ve ula\u015f\u0131m ara\u00e7lar\u0131na patlay\u0131c\u0131larla sald\u0131rmak,<\/span><\/p>\n<p style=\"margin-bottom: 0.0001pt; text-align: justify; text-indent: 14.2pt; line-height: normal;\"><span style=\"font-size: 12pt; font-family: 'Arial','sans-serif';\">4. Konutlar\u0131n aras\u0131nda bulunan ara\u00e7lar\u0131 patlay\u0131c\u0131larla havaya u\u00e7urmak,<\/span><\/p>\n<p style=\"margin-bottom: 0.0001pt; text-align: justify; text-indent: 14.2pt; line-height: normal;\"><span style=\"font-size: 12pt; font-family: 'Arial','sans-serif';\">5. Kad\u0131n, ihtiyar ve \u00e7ocuklar\u0131 zehirli gazlarla bo\u011fmak,<\/span><\/p>\n<p style=\"margin-bottom: 0.0001pt; text-align: justify; text-indent: 14.2pt; line-height: normal;\"><span style=\"font-size: 12pt; font-family: 'Arial','sans-serif';\">6. Filistin k\u00f6ylerini y\u0131kmak, yakmak ve tamam\u0131yla ortadan kald\u0131rmak. (Bug\u00fcne kadar 350 k\u00f6y ortadan kald\u0131r\u0131lm\u0131\u015ft\u0131r)<\/span><\/p>\n<p style=\"margin-bottom: 0.0001pt; text-align: justify; text-indent: 14.2pt; line-height: normal;\"><span style=\"font-size: 12pt; font-family: 'Arial','sans-serif';\">7. Bombal\u0131 mektup ve paketler yollamak,<\/span><\/p>\n<p style=\"margin-bottom: 0.0001pt; text-align: justify; text-indent: 14.2pt; line-height: normal;\"><span style=\"font-size: 12pt; font-family: 'Arial','sans-serif';\">8. Ekonomik tahribat yapmak, M\u00fcsl\u00fcmanlar\u0131 a\u00e7l\u0131\u011fa ve yoklu\u011fa mahk\u00fbm b\u0131rakmak,<\/span><\/p>\n<p style=\"margin-bottom: 0.0001pt; text-align: justify; text-indent: 14.2pt; line-height: normal;\"><span style=\"font-size: 12pt; font-family: 'Arial','sans-serif';\">9. Sivil halka hava sald\u0131r\u0131lar\u0131 d\u00fczenlemek, bomba ya\u011fd\u0131rmak,<\/span><\/p>\n<p style=\"margin-bottom: 0.0001pt; text-align: justify; text-indent: 14.2pt; line-height: normal;\"><span style=\"font-size: 12pt; font-family: 'Arial','sans-serif';\">10. Kullan\u0131lmas\u0131 uluslararas\u0131 anla\u015fmalar gere\u011fi yasak olan napalm, fosfor bombas\u0131 ve zehirleyici gaz bombalar\u0131 gibi silahlar\u0131 kullanmak, bu Siyonist zalimlerin ba\u015fl\u0131ca ter\u00f6r y\u00f6ntemleridir. Ve \u00e7ok ac\u0131 ve al\u00e7alt\u0131c\u0131 bir ak\u0131beti bin kere hak etmi\u015flerdir.<\/span><\/p>\n<p>&nbsp;<\/p>\n<hr \/>\n<p style=\"text-align: justify;\"><a id=\"ftn1\" style=\"vertical-align: super;\" href=\"#ftnref1\">[1]<\/a><span style=\"font-size: 9pt; font-family: 'Arial','sans-serif';\"> Memduh Bayraktaro\u011flu \/ Terc\u00fcman \/ 10.11.2003<\/span><\/p>\n<p style=\"text-align: justify;\"><a id=\"ftn2\" style=\"vertical-align: super;\" href=\"#ftnref2\">[2]<\/a><span style=\"font-size: 9pt; font-family: 'Arial','sans-serif';\"> Milli Gazete \/ 08.12.2003<\/span><\/p>\n<p style=\"text-align: justify;\"><a id=\"ftn3\" style=\"vertical-align: super;\" href=\"#ftnref3\">[3]<\/a><span style=\"font-size: 9pt; font-family: 'Arial','sans-serif';\"> Murat Yetkin \/ Radikal \/ 07.12.2003<\/span><\/p>\n<p style=\"text-align: justify;\"><a id=\"ftn4\" style=\"vertical-align: super;\" href=\"#ftnref4\">[4]<\/a><span style=\"font-size: 9pt; font-family: 'Arial','sans-serif';\"> Deniz Arman \/ Vatan \/ 05.12.2003<\/span><\/p>\n<p style=\"text-align: justify;\"><a id=\"ftn5\" style=\"vertical-align: super;\" href=\"#ftnref5\">[5]<\/a><span style=\"font-size: 9pt; font-family: 'Arial','sans-serif';\"> Bak: Milli gazete \/ El-Kaide Ger\u00e7e\u011fi \/ 8-9-10.Aral\u0131k.2003<\/span><\/p>\n<p style=\"text-align: justify;\"><a id=\"ftn6\" style=\"vertical-align: super;\" href=\"#ftnref6\">[6]<\/a><span style=\"font-size: 9pt; font-family: 'Arial','sans-serif';\"> Ayd\u0131nl\u0131k \/ 23 Kas\u0131m<\/span><\/p>\n<p style=\"text-align: justify;\"><a id=\"ftn7\" style=\"vertical-align: super;\" href=\"#ftnref7\">[7]<\/a><span style=\"font-size: 9pt; font-family: 'Arial','sans-serif';\"> H\u00fcrriyet \/ 18.11.2003<\/span><\/p>\n<p style=\"text-align: justify;\"><a id=\"ftn8\" style=\"vertical-align: super;\" href=\"#ftnref8\">[8]<\/a><span style=\"font-size: 9pt; font-family: 'Arial','sans-serif';\"> Nuh G\u00f6n\u00fclta\u015f \/ Terc\u00fcman \/ 05.12.2003<\/span><\/p>\n<p style=\"text-align: justify;\"><a id=\"ftn9\" style=\"vertical-align: super;\" href=\"#ftnref9\">[9]<\/a><span style=\"font-size: 9pt; font-family: 'Arial','sans-serif';\"> Bak: Sh: 56<\/span><\/p>\n<p style=\"text-align: justify;\"><a id=\"ftn10\" style=\"vertical-align: super;\" href=\"#ftnref10\">[10]<\/a><span style=\"font-size: 9pt; font-family: 'Arial','sans-serif';\"> Radikal \/ 10.02.1997<\/span><\/p>\n<p style=\"text-align: justify;\"><a id=\"ftn11\" style=\"vertical-align: super;\" href=\"#ftnref11\">[11]<\/a><span style=\"font-size: 9pt; font-family: 'Arial','sans-serif';\"> Bak: sh:87<\/span><\/p>\n<p style=\"text-align: justify;\"><a id=\"ftn12\" style=\"vertical-align: super;\" href=\"#ftnref12\">[12]<\/a><span style=\"font-size: 9pt; font-family: 'Arial','sans-serif';\"> Bak: C\u00fcneyt Arcay\u00fcrek \/ Uzakta Kalan Tarih sh: 119 ve 120 &#8211; Bilgi Yay\u0131nevi &#8211; Kas\u0131m 2003<\/span><\/p>\n<p style=\"text-align: justify;\"><a id=\"ftn13\" style=\"vertical-align: super;\" href=\"#ftnref13\">[13]<\/a><span style=\"font-size: 9pt; font-family: 'Arial','sans-serif';\"> Bak: Yal\u00e7\u0131n K\u00fc\u00e7\u00fck \/ Tekeliyet \u2013 sh:468<\/span><\/p>\n<p style=\"text-align: justify;\"><a id=\"ftn14\" style=\"vertical-align: super;\" href=\"#ftnref14\">[14]<\/a><span style=\"font-size: 9pt; font-family: 'Arial','sans-serif';\"> Bak: Tekeliyet &#8211; sh. 287<\/span><\/p>\n<p style=\"text-align: justify;\"><a id=\"ftn15\" style=\"vertical-align: super;\" href=\"#ftnref15\">[15]<\/a><span style=\"font-size: 9pt; font-family: 'Arial','sans-serif';\"> Y\u0131lmaz Polat \/ Amerikan \u015eahinleri kargalar\u0131 &#8211; sh.83 ve \u00f6ncesi &#8211; Alfa yay\u0131nlar\u0131 &#8211; Kas\u0131m 2003<\/span><\/p>\n<p style=\"text-align: justify;\"><a id=\"ftn16\" style=\"vertical-align: super;\" href=\"#ftnref16\">[16]<\/a><span style=\"font-size: 9pt; font-family: 'Arial','sans-serif';\"> El-Cezire TV<\/span><\/p>\n<p style=\"text-align: justify;\"><a id=\"ftn17\" style=\"vertical-align: super;\" href=\"#ftnref17\">[17]<\/a><span style=\"font-size: 9pt; font-family: 'Arial','sans-serif';\"> Umur Talu \/ Sabah \/ 28.11.2003<\/span><\/p>\n<p style=\"text-align: justify;\"><a id=\"ftn18\" style=\"vertical-align: super;\" href=\"#ftnref18\">[18]<\/a><span style=\"font-size: 9pt; font-family: 'Arial','sans-serif';\"> Bak: R\u0131fat. N. Bali Aliya \/ Toplu G\u00f6\u00e7\u00fcn \u00d6yk\u00fcs\u00fc &#8211; \u0130leti\u015fim Yay\u0131nlar\u0131<\/span><\/p>\n","protected":false},"excerpt":{"rendered":"<p>&nbsp;T\u00fcrkiye buland\u0131r\u0131lmak, eli kolu ba\u011flanmak ve hatta bo\u011fulmak isteniyordu. Ama bu hain darbeler, tam aksine, milletimizi diriltiyor ve giderek kendine getiriyordu. \u0130\u015fte bunu fark ettikleri i\u00e7indir ki, Siyonist tertibi ve sistem ter\u00f6r\u00fcyle, Erbakan Hoca\u2019n\u0131n umut \u0131\u015f\u0131\u011f\u0131 s\u00f6nd\u00fcr\u00fclmeye ve milli g\u00fc\u00e7ler sindirilmeye \u00e7al\u0131\u015f\u0131l\u0131yordu. D\u0131\u015far\u0131dan keyfi m\u00fcdahalelerle giderek siyasalla\u015fan ve terazi ayar\u0131 bozulan adalet mekanizmas\u0131 da, maalesef [&hellip;]<\/p>\n","protected":false},"author":8,"featured_media":0,"comment_status":"open","ping_status":"closed","sticky":false,"template":"","format":"standard","meta":{"footnotes":""},"categories":[163],"tags":[],"class_list":["post-2923","post","type-post","status-publish","format-standard","hentry","category-haziran-2014"],"_links":{"self":[{"href":"https:\/\/www.millicozum.com\/mc\/wp-json\/wp\/v2\/posts\/2923","targetHints":{"allow":["GET"]}}],"collection":[{"href":"https:\/\/www.millicozum.com\/mc\/wp-json\/wp\/v2\/posts"}],"about":[{"href":"https:\/\/www.millicozum.com\/mc\/wp-json\/wp\/v2\/types\/post"}],"author":[{"embeddable":true,"href":"https:\/\/www.millicozum.com\/mc\/wp-json\/wp\/v2\/users\/8"}],"replies":[{"embeddable":true,"href":"https:\/\/www.millicozum.com\/mc\/wp-json\/wp\/v2\/comments?post=2923"}],"version-history":[{"count":0,"href":"https:\/\/www.millicozum.com\/mc\/wp-json\/wp\/v2\/posts\/2923\/revisions"}],"wp:attachment":[{"href":"https:\/\/www.millicozum.com\/mc\/wp-json\/wp\/v2\/media?parent=2923"}],"wp:term":[{"taxonomy":"category","embeddable":true,"href":"https:\/\/www.millicozum.com\/mc\/wp-json\/wp\/v2\/categories?post=2923"},{"taxonomy":"post_tag","embeddable":true,"href":"https:\/\/www.millicozum.com\/mc\/wp-json\/wp\/v2\/tags?post=2923"}],"curies":[{"name":"wp","href":"https:\/\/api.w.org\/{rel}","templated":true}]}}