{"id":293,"date":"2006-11-25T05:40:05","date_gmt":"2006-11-25T05:40:05","guid":{"rendered":"https:\/\/www.millicozum.com\/mc\/2006\/11\/25\/cia-ve-mossad-geydoda-akp-uykuda\/"},"modified":"2006-11-25T05:40:05","modified_gmt":"2006-11-25T05:40:05","slug":"cia-ve-mossad-guneydoguda-akp-uykuda","status":"publish","type":"post","link":"https:\/\/www.millicozum.com\/mc\/2006\/ocak-2006\/cia-ve-mossad-guneydoguda-akp-uykuda\/","title":{"rendered":"CIA ve MOSSAD G\u00dcNEYDO\u011eUDA, AKP UYKUDA"},"content":{"rendered":"<p>\u00a0  <\/p>\n<p> <strong>K\u00fcresel otorite ve kutsal yabanc\u0131 sermaye&#8230;<\/strong>  <\/p>\n<p> \u00a0 &quot;Yabanc\u0131 sermaye, d\u00fcnya vatanda\u015fl\u0131\u011f\u0131, k\u00fcreselle\u015fme&quot;&#8230; \u0130\u015fte yeni D\u00fcnya d\u00fczeninin \u00fc\u00e7 sihirli s\u00f6zc\u00fc\u011f\u00fc.  <\/p>\n<p> \u00a0 Ba\u015fbakan Recep Tayyip Erdo\u011fan&#39;\u0131n milli sermayeyi savunanlar\u0131 &#8216;sermaye \u0131rk\u00e7\u0131s\u0131&#39; ilan etmesi, yabanc\u0131 sermayeye &#8216;kutsall\u0131k&#39; atfeden s\u00f6ylemleri kafa kar\u0131\u015ft\u0131r\u0131yor&#8230; Kimileri Tayyip Bey&#39;i anlamakta zorlan\u0131yor. Ba\u015fbakan\u0131n ne dedi\u011fi, neyi kastetti\u011fi konusunda baz\u0131lar\u0131 ihtilafa d\u00fc\u015f\u00fcyor. Ama san\u0131r\u0131z; \u00fcnl\u00fc The Time dergisinde &#8216;K\u00fcresel devletin do\u011fu\u015fu&#39; ba\u015fl\u0131kl\u0131 bir makale kaleme alan Strobe Talbot, Ba\u015fbakan&#39;\u0131 en iyi anlayanlar\u0131n ba\u015f\u0131nda geliyor.  <\/p>\n<p>  \u00a0  <\/p>\n<p> Neden mi? Bunun Cevab\u0131n\u0131 Talbot&#39;un makalesinden yapt\u0131\u011f\u0131m\u0131z al\u0131nt\u0131 versin isterseniz:  <\/p>\n<p> \u00a0 &quot;\u0130ddia ediyorum ki, \u00f6n\u00fcm\u00fczdeki y\u00fcz y\u0131lda bizim bildi\u011fimiz ulus devlet\u00e7ili\u011fin modas\u0131 ge\u00e7ecek ve t\u00fcm devletler tek bir k\u00fcresel otoriteyi kabul edecekler. B\u00f6ylece 20. y\u00fczy\u0131l ortalar\u0131nda benimsenen hedef &#8216;D\u00fcnya Vatanda\u015fl\u0131\u011f\u0131&#39; da ger\u00e7ekle\u015ftirilmi\u015f olacak. Ulusal egemenlik ve ba\u011f\u0131ms\u0131zl\u0131k gibi kavramlar; yeni d\u00fcnya d\u00fczenine yak\u0131\u015fmayan, a\u011fdal\u0131, abart\u0131l\u0131 kavramlar say\u0131lacak. B\u00fct\u00fcn devletler asl\u0131nda birer sosyal d\u00fczenlemeden ibarettir ve ger\u00e7ekte t\u00fcm devletler ge\u00e7ici ve yapay olu\u015fumlard\u0131r. GATT&#39;\u0131n ard\u0131ndan olu\u015fturulan D\u00fcnya Ticaret \u00d6rg\u00fct\u00fc s\u0131n\u0131rs\u0131z bir d\u00fcnyan\u0131n polisli\u011fini \u00fcstlenecek ve \u00fcye \u00fclkelerin i\u00e7 olaylar\u0131na bile m\u00fcdahale edilebilecek bir g\u00fcce sahip olacakt\u0131r.&quot; \u00d6zetle b\u00fct\u00fcn insanl\u0131k K\u00fcreselle\u015fme k\u0131l\u0131f\u0131yla, Siyonist sermayenin k\u00f6lesi yap\u0131lacakt\u0131r! T. Erdo\u011fan ve AKP&#39;side buna bir ara\u00e7t\u0131r.  <\/p>\n<p> \u00a0 <strong>ABD : &quot;Vaat edilmi\u015f toprak&quot;m\u0131\u015f!&#8230;<\/strong>  <\/p>\n<p> \u00a0 Thema Larousse, 2. cildinin 431&#39;inci sayfas\u0131nda ABD&#39;ye ilgin\u00e7 bir tematik bak\u0131\u015f yapm\u0131\u015f. Konu ba\u015fl\u0131\u011f\u0131 bile ba\u015fl\u0131 ba\u015f\u0131na dikkat \u00e7ekici: &#8216;ABD: Vaat edilmi\u015f toprak&#39;.  <\/p>\n<p> \u00a0 Ba\u015fl\u0131\u011f\u0131n hemen alt\u0131ndaki konu spotu da, George Bush&#39;un kendisini &#8216;se\u00e7ilmi\u015f insan&#39; kabul etmesi ve Amerika&#39;n\u0131n Irak&#39;\u0131 i\u015fgalini Tanr\u0131n\u0131n buyru\u011fu olarak g\u00f6rmesine \u015fa\u015ft\u0131rmayacak kadar ilgin\u00e7:  <\/p>\n<p> &quot;Amerikan ulusu tarihi k\u00f6klerden yoksun olarak do\u011fdu. Ulusal birli\u011fini toprak veya k\u00fclt\u00fcre de\u011fil, mecburen Tanr\u0131n\u0131n takdiriyle do\u011frulanan b\u00fcy\u00fck bir projeye dayand\u0131racakt\u0131&quot;!?  <\/p>\n<p> \u00a0 Yerlilerin at ko\u015fturdu\u011fu bakir bir \u00dclke ve de\u011fi\u015fik \u00fclkelerden gelmi\u015f g\u00f6\u00e7menler, yeni ulus devletin b\u00fct\u00fcnl\u00fc\u011f\u00fcn\u00fc sa\u011flamak i\u00e7in yeterli de\u011fildi. Avrupa d\u0131\u015f\u0131 yeni bir devletin kurulmas\u0131, Eski K\u0131ta&#39;n\u0131n tarihiyle iplerin kopart\u0131lmas\u0131 anlam\u0131na geliyordu. Thema Larousse&#39;tan devam edelim: &quot;Kitab\u0131 Mukaddes&#39;teki K\u0131z\u0131ldeniz&#39;in ge\u00e7ilmesi efsanesine sar\u0131lan ABD&#39;nin kurucu babalar\u0131, kendi devletlerine evrensel bir misyon buldular. Tanr\u0131 taraf\u0131ndan istenen, b\u00fct\u00fcn d\u00fcnya uluslar\u0131na \u00f6rnek olacak, \u00f6zg\u00fcr ve muzaffer bir se\u00e7ilmi\u015f Devletin ve yeni bir Kud\u00fcs&#39;\u00fcn kurulmas\u0131..&quot; Ve can al\u0131c\u0131 b\u00f6l\u00fcm geliyor. B\u00fcy\u00fck Ortado\u011fu\/\u0130srail Projesi (BOP)&#39;nin fazlas\u0131yla tart\u0131\u015f\u0131ld\u0131\u011f\u0131 bug\u00fcnlerde B\u00fcy\u00fck \u0130srail&#39;in ilk \u00f6nce Amerika&#39;da kuruldu\u011funu yeniden d\u00fc\u015f\u00fcnmemizi sa\u011fl\u0131yor, Thema Larousse: &quot;ABD diplomatik ve askeri oyunlardan olu\u015fan Avrupa tarihine kar\u015f\u0131 &#8216;vaat edilmi\u015f topra\u011f\u0131 (Arz-\u0131 Mev&#39;ud) yaratt\u0131. Anayasal bir uzla\u015fmadan ve erdeme dayal\u0131 kurumlar\u0131n yarat\u0131lmas\u0131ndan yola \u00e7\u0131karak, tarih d\u0131\u015f\u0131 bir ulusal kimlik tan\u0131mlad\u0131lar. Amerika kendisini, hem tanr\u0131n\u0131n eserinin tamamlanmas\u0131 i\u00e7in \u00f6nceden se\u00e7ilmi\u015f yer, hem de d\u00fcnyan\u0131n yeniden do\u011fu\u015funun hareket noktas\u0131 olarak g\u00f6rd\u00fc.&quot;  <\/p>\n<p> Theodore Roosevelt&#39;i biliyoruz hepimiz. Hani \u015fu &#8216;hi\u00e7bir \u015feyin tesad\u00fcf olmad\u0131\u011f\u0131n\u0131, olup biten her\u015feyin \u00f6nceden planland\u0131\u011f\u0131n\u0131&#39; s\u00f6yleyen ABD&#39;nin Musevi ba\u015fkanlar\u0131ndan. Thema Larousse&#39;\u0131n ABD&#39;sinde bir de Roosevelt notu var: &quot;D\u00fcnyan\u0131n Amerikanla\u015fmas\u0131 bizim yazg\u0131m\u0131zd\u0131r&#8230;&quot; Demek ki, ABD, B\u00fcy\u00fck \u0130srail hayalinin hizmetk\u00e2r\u0131d\u0131r!..<a name=\"_ftnref1\" href=\"#_ftn1\" title=\"_ftnref1\">[1]<\/a>  <\/p>\n<p> <strong>Evet, Amerika \u0130srail&#39;e hizmet ediyor. Peki, \u015eemdinli&#39;yi, kim k\u0131\u015fk\u0131rt\u0131yor?<\/strong>  <\/p>\n<p> \u00a0<strong> <\/strong><strong>CIA T\u00fcrkiye&#39;de ne haltlar kar\u0131\u015ft\u0131r\u0131yor?<\/strong>  <\/p>\n<p> \u00a0 G\u00fcn\u00fcn birinde, CIA&#39;n\u0131n T\u00fcrkiye&#39;de ne haltlar kar\u0131\u015ft\u0131rd\u0131\u011f\u0131n\u0131 birileri ortaya \u00e7\u0131kard\u0131\u011f\u0131nda bug\u00fcn susanlar ne yapacak? Nereye kadar gizleyebileceksiniz? \u0130ncirlik&#39;te ne oluyor? Ankara&#39;da, Diyarbak\u0131r&#39;da, \u0130stanbul&#39;da da gizli sorgu evleri var m\u0131?  <\/p>\n<p> \u00a0 \u0130\u015fkence merkezleri ve gizli hapishaneler ABD ile birlikte bir\u00e7ok \u00fclkeyi bat\u0131racak. Avrupa Parlamentosu, ABD&#39;nin gizli cezaevlerine ev sahipli\u011fi yapan \u00fclkeleri kara listeye ald\u0131. ABD&#39;nin ta\u015feronu AB \u00fcyesi Polonya ile aday \u00fclke Romanya bu insanl\u0131k su\u00e7una ortak oldu. AP, CIA&#39;ya ba\u011fl\u0131 gizli cezaevleri bulunan \u00fclkelere siyasi yapt\u0131r\u0131m uygulanmas\u0131n\u0131 istedi. Avrupa Komisyonu&#39;nun bir a\u00e7\u0131klama yapmas\u0131 bekleniyor&#8230; \u0130\u015fkence merkezleri bu katliamdan, Guantanamo&#39;dan, Ebu Gureyb&#39;deki i\u015fkence ve tecav\u00fczlerden sonra ortaya \u00e7\u0131kar\u0131lan bir ba\u015fka al\u00e7akl\u0131k! ABD&#39;nin, \u0130ngiltere&#39;nin, \u0130srail&#39;in birlikte planlad\u0131\u011f\u0131, yeni yetme m\u00fcttefiklerin ortak oldu\u011fu bir ba\u015fka canilik. \u0130ngiltere&#39;de, Danimarka&#39;da, Hollanda&#39;da, Bulgaristan&#39;da yok mu? Kosova&#39;da yok mu? Ukrayna&#39;da, G\u00fcrcistan&#39;da yok mu? Azerbaycan, \u00d6zbekistan, M\u0131s\u0131r, \u00dcrd\u00fcn, Tayland, Filipinler listenin ba\u015f\u0131nda. Avrupa&#39;n\u0131n merkezinde insanl\u0131\u011f\u0131n ortak vicdan\u0131n\u0131 yaralayan cinayetler i\u015fleniyor. Hangi Bat\u0131 de\u011ferlerinden s\u00f6z ediyorlar!  <\/p>\n<p> T\u00fcrkiye&#39;de, \u0130spanyol savc\u0131n\u0131n yapt\u0131\u011f\u0131n\u0131 yapacak, \u0130ncirlik ve ABD \u00fcslerini takibe alacak, cesaretle konunun \u00fczerine gidecek bir savc\u0131 var m\u0131? Kuzey Irak s\u0131n\u0131r\u0131ndan Mersin&#39;e uzanan hatta neler d\u00f6nd\u00fc\u011f\u00fcn\u00fc sorgulayacak biri var m\u0131? Diago Garcia&#39;da, Afganistan&#39;daki \u00f6l\u00fcm kamplar\u0131nda, Irak&#39;ta h\u00e2l\u00e2 kad\u0131n ve \u00e7ocuklar\u0131n tutuldu\u011fu i\u015fkence merkezlerinde, Kuzey Irak&#39;ta, a\u00e7\u0131k denizlerdeki hayalet gemilerde, \u0130srail&#39;in Negev \u00c7\u00f6l\u00fc&#39;nde, Afrika&#39;da, G\u00fcneydo\u011fu Asya&#39;n\u0131n ya\u011fmur ormanlar\u0131nda, askeri \u00fcslerde ya\u015fananlar\u0131 kim ortaya \u00e7\u0131karacak? Bu barbarl\u0131\u011fa kim dur diyecek?  <\/p>\n<p> Yeralt\u0131ndaki sorgu merkezlerinde, bir\u00e7ok \u00fclkede apartman dairelerinde olu\u015fturulan sorgu\/i\u015fkence merkezlerinde CIA sorgucular\u0131n\u0131n elindekilere hangi hukuk, adalet ve vicdan sahip \u00e7\u0131kacak?<a name=\"_ftnref2\" href=\"#_ftn2\" title=\"_ftnref2\">[2]<\/a>  <\/p>\n<p> M\u0130T Daire Eski Ba\u015fkan\u0131 Prof. Dr. Mahir Kaynak:  <\/p>\n<p> <strong>Yap\u0131lmak \u0130stenen bir operasyondur <\/strong> <\/p>\n<p> Hakk\u00e2ri&#39;nin \u015eemdinli \u0130l\u00e7esinde bir hafta \u00f6nce, 2 ki\u015finin \u00f6ld\u00fc\u011f\u00fc 13 ki\u015finin yaraland\u0131\u011f\u0131 bombalamayla ate\u015flenen olaylar bir t\u00fcrl\u00fc durulmad\u0131 ve di\u011fer il\u00e7elere ve illere de yay\u0131ld\u0131.  <\/p>\n<p> Y\u00fcksekova il\u00e7esinde ya\u015fanan olaylar\u0131n ard\u0131ndan, Van&#39;da 3 askerin \u015fehit olmas\u0131 gerginli\u011fi biraz daha art\u0131rd\u0131. Hakk\u00e2ri&#39;de ya\u015fanan olaylar\u0131 de\u011ferlendiren M\u0130T Daire Eski Ba\u015fkan\u0131 Prof. Dr. Mahir Kaynak, \u015eemdinli ve Y\u00fcksekova&#39;da ya\u015fanan olaylar\u0131n basit bir zab\u0131ta olay\u0131 olmad\u0131\u011f\u0131n\u0131 belirterek, <strong>&quot;Bir g\u00fc\u00e7 kaymas\u0131 olu\u015fturuluyor. \u00d6nce siyasi olarak T\u00fcrkiye&#39;nin egemenli\u011fi azalt\u0131ld\u0131. \u015eimdi de b\u00f6lgedeki askeri g\u00fcc\u00fcn etkisini azaltmaya \u00e7al\u0131\u015f\u0131yorlar. Bu olaylar sonras\u0131nda b\u00f6lgedeki siyasal geli\u015fmelerle ilgili ve oradaki egemenli\u011fi etkiyecek sonu\u00e7lar do\u011fabilecektir. \u0130lk a\u015famada b\u00f6lgedeki siyasi g\u00fc\u00e7 \u015fekillenmi\u015f \u015fimdi askeri g\u00fcc\u00fcn tasfiyesine \u00e7al\u0131\u015f\u0131l\u0131yor&quot; diye uyard\u0131. <\/strong> <\/p>\n<p> T\u00fcrkiye&#39;yi y\u00f6netenlerin, &quot;devlet y\u00f6netmenin kolay oldu\u011funu&quot; d\u00fc\u015f\u00fcnd\u00fc\u011f\u00fcn\u00fc ve devleti y\u00f6neten herkesin kendini yeterli g\u00f6rd\u00fc\u011f\u00fcn\u00fc s\u00f6yleyen M\u0130T Daire Eski Ba\u015fkan\u0131 Prof. Dr. Mahir Kaynak, &quot;Bir \u00fclke ancak \u00f6ng\u00f6r\u00fcs\u00fc olan ki\u015filer ve kurumlarca y\u00f6netilebilir. Bir \u00fclkenin gelece\u011fini etkileyebilecek bir geli\u015fmeyi s\u00fcrpriz olarak kar\u015f\u0131l\u0131yorsan\u0131z, zaten o \u00fclkeyi y\u00f6netmiyorsunuz demektir. Bir olay\u0131 \u00f6nceden bilmek i\u00e7in falc\u0131 olmak gerekir, ama geli\u015fmelerin y\u00f6n\u00fcn\u00fc tahmin etmek i\u00e7in buna gerek yoktur. T\u00fcrkiye&#39;de bir \u00e7at\u0131\u015fma ortam\u0131n\u0131n yarat\u0131lmak istendi\u011fini g\u00f6rmemek i\u00e7in bilgisizlikten \u00f6te ilgisiz de olmak gerekir. \u00dcstelik \u015eemdinli&#39;deki olay adeta davul zurnayla geldi\u011fini a\u00e7\u0131klad\u0131.  <\/p>\n<p> <strong>Olaylar yanl\u0131\u015f de\u011ferlendiriliyor<\/strong>  <\/p>\n<p> Olaylar\u0131 de\u011ferlendirirken kullan\u0131lan metotlar\u0131n yanl\u0131\u015fl\u0131\u011f\u0131na i\u015faret eden Kaynak, &quot;S\u00f6zde Failler yakalanacak, sorgular\u0131ndan elde edilen bilgiler \u0131\u015f\u0131\u011f\u0131nda olay\u0131n niteli\u011fi ve sebebi anla\u015f\u0131lmaya \u00e7al\u0131\u015facakt\u0131r. Bu yolla do\u011fruya ula\u015fma ihtimali s\u0131f\u0131rd\u0131r Ama \u00fclkemizde bunun d\u0131\u015f\u0131nda bir yol da bilinmemektedir. E\u011fer eylemi yapanlar\u0131n rant amac\u0131yla bu i\u015fi yapt\u0131\u011f\u0131 sonucuna var\u0131l\u0131rsa, bu vahim bir hata olur.\u00a0 Bu durum \u00fclke i\u00e7in genel bir tehdide d\u00f6n\u00fc\u015fm\u00fc\u015ft\u00fcr. Ben kimsenin yapt\u0131\u011f\u0131 yolsuzlukla ilgilenmiyorum ama yolsuzluklara kar\u0131\u015fanlar\u0131n ba\u015fkalar\u0131ndan ald\u0131klar\u0131 emirleri uygulamak zorunda olan robotlara d\u00f6n\u00fc\u015fmesinden kayg\u0131 duyuyorum. Yasa d\u0131\u015f\u0131 gelir sa\u011flayanlar\u0131n \u00fclke y\u00f6netiminde oynad\u0131klar\u0131 rol artt\u0131k\u00e7a tehlike daha ciddi hale gelmektedir&quot; diye konu\u015ftu.  <\/p>\n<p> <strong>Basit bir zab\u0131ta olay\u0131 de\u011fildir<\/strong>  <\/p>\n<p> B\u00f6yle bir olayla kar\u015f\u0131la\u015f\u0131ld\u0131\u011f\u0131 zaman siyasi bir mesaj vermenin gere\u011fine dikkat \u00e7eken Prof. Kaynak, &quot;Su\u00e7lular\u0131n yakalanaca\u011f\u0131 ve cezalar\u0131n\u0131n verilece\u011finin s\u00f6ylenmesinin hi\u00e7bir anlam\u0131 yoktur. Basit bir zab\u0131ta olay\u0131yla kar\u015f\u0131 kar\u015f\u0131ya de\u011filiz. B\u00f6lgedeki siyasal geli\u015fmelerle ilgili ve oradaki egemenli\u011fi etkiyecek sonu\u00e7lar do\u011fabilecektir. \u0130lk a\u015famada b\u00f6lgedeki siyasi g\u00fc\u00e7 \u015fekillenmi\u015f, \u015fimdi askeri g\u00fcc\u00fcn tasfiyesine \u00e7al\u0131\u015f\u0131lmaktad\u0131r. Olay\u0131n seyri do\u011fal say\u0131lamaz ve ele ge\u00e7en deliller \u00f6nceden haz\u0131rlanm\u0131\u015f oldu\u011fu izlenimini yaratmaktad\u0131r. Bir operasyona, kendi aleyhinde kullan\u0131labilecek bir s\u00fcr\u00fc d\u00f6k\u00fcmanla birlikte gitmek anla\u015f\u0131lamaz ve bu durum operasyonu d\u00fczenleyenlerin, kullan\u0131lan ki\u015filerin ba\u011fl\u0131 oldu\u011fu yerden farkl\u0131 bir adreste oldu\u011fu anlam\u0131n\u0131 ta\u015f\u0131maktad\u0131r. Bir yandan adalet g\u00f6revini yaparken di\u011fer yandan olu\u015facak siyasi sonu\u00e7lar\u0131 de\u011ferlendirmek ve bunun b\u00fcy\u00fck boyutlu olaca\u011f\u0131n\u0131 anlamak gerekir. Kar\u015f\u0131 tedbirler ancak siyasi tav\u0131r ve yarat\u0131lan sonu\u00e7lar\u0131 etkisiz k\u0131lacak davran\u0131\u015flar olabilir. Ve hele TSK&#39;y\u0131 su\u00e7layacak bir sonu\u00e7 operasyonu yapanlar\u0131n ba\u015far\u0131l\u0131 oldu\u011fu anlam\u0131na gelir&quot; \u015feklinde a\u00e7\u0131klamalar yapt\u0131. Baz\u0131 g\u00fc\u00e7lerin T\u00fcrkiye&#39;de soy \u00e7at\u0131\u015fmas\u0131 istedi\u011fini ve bu y\u00fczden soyk\u0131r\u0131mc\u0131 yapmaya \u00e7al\u0131\u015ft\u0131\u011f\u0131n\u0131 belirten Prof. Kaynak, &quot;Olaylar bir projenin eseridir. Bu proje uygulan\u0131yor. Benim a\u00e7\u0131mdan s\u00fcrpriz yok. T\u00fcrkiye&#39;yi \u00f6nce soyk\u0131r\u0131mc\u0131 yapacaklar, daha sonra m\u00fcdahale hakk\u0131 elde edeceklerdir&quot; ifadesini kulland\u0131.  <\/p>\n<p> <strong>Derinlik korkusu<\/strong>  <\/p>\n<p> \u015eemdinli&#39;den Y\u00fcksekova&#39;ya Hakk\u00e2ri&#39;den Van&#39;a yay\u0131lan olaylar\u0131n, sadece belli bir y\u00f6n\u00fcne odakland\u0131\u011f\u0131m\u0131z i\u00e7in, baz\u0131 sorular sormay\u0131 unutuyoruz.  <\/p>\n<p> \u00a0 T\u00fcrkiye, ne yaz\u0131k ki g\u00fcvenlik birimleri koordinasyon halinde \u00e7al\u0131\u015fan, istihbarat\u0131n do\u011fru d\u00fcr\u00fcst elde edildi\u011fi, payla\u015f\u0131ld\u0131\u011f\u0131 ve kullan\u0131ld\u0131\u011f\u0131 bir \u00fclke de\u011fil. Aksine bu kadar hayati \u00f6nem ta\u015f\u0131yan kurumlar aras\u0131nda, bitmek bilmeyen \u00e7eki\u015fmeler, kar\u015f\u0131l\u0131kl\u0131 birbirine \u00e7elme atma gayretleri ve hepsinden \u00f6nemlisi &quot;hedef farkl\u0131l\u0131\u011f\u0131&quot; bulunuyor.  <\/p>\n<p> Siyasi merkezin, milletin de\u011ferleriyle bar\u0131\u015f\u0131k olmas\u0131n\u0131n \u00f6nemine s\u0131k s\u0131k at\u0131fta bulunuyoruz. Aradaki mesafe art\u0131nca, daha a\u00e7\u0131k ifadeyle siyasi merkez \u0130slam&#39;a tavr\u0131n\u0131 devam ettirince, ba\u015fka diyarlardan ithal edilen &quot;ak\u0131l&quot;lar, geldikleri merkez ya da merkezlerin \u00e7\u0131karlar\u0131n\u0131 \u00f6rg\u00fctl\u00fcyor. \u015eu g\u00fcnlerde ortal\u0131\u011f\u0131 kas\u0131p kavuran geli\u015fmeler kar\u015f\u0131s\u0131nda duyulmas\u0131 gereken en b\u00fcy\u00fck endi\u015fe, &quot;siyasi ak\u0131l&quot; noktas\u0131ndaki zaaft\u0131r. Ya da ba\u015fka projelerin kendisine rahatl\u0131kla hareket edece\u011fi alanlar bulmas\u0131d\u0131r. Meselenin bir ba\u015fka boyutu daha var. Acaba g\u00fcneydo\u011fuda g\u00f6rev yapan ve ger\u00e7ekten zorlu \u015fartlarda m\u00fccadele eden devlet g\u00f6revlileri, d\u00fcnyaya, T\u00fcrkiye&#39;ye, hayata hangi perspektiften bak\u0131yorlar. M\u00fccadele verdikleri co\u011frafyada ya\u015fananlar\u0131n, hangi dengeler, b\u00fcy\u00fck projeler sonucunda ortaya \u00e7\u0131kt\u0131\u011f\u0131n\u0131 ne kadar biliyorlar. Onlara kendi e\u011fitim d\u00f6nemlerinde ve g\u00f6rev i\u00e7in yap\u0131lan haz\u0131rl\u0131klarda ne t\u00fcr donan\u0131mlar kazand\u0131r\u0131l\u0131yor. Kimse kalk\u0131p, en iyi e\u011fitimi biz veriyoruz, \u015fu hedefler do\u011frultusunda kenetlenmi\u015f bir yap\u0131y\u0131z, \u015fu ideallerle \u00e7ocuklar\u0131m\u0131z\u0131 oraya g\u00f6nderiyoruz gibi s\u00fcsl\u00fc laflar etmesin. Burada kast\u0131m\u0131z sadece g\u00fcvenlik mensuplar\u0131, askerler, polisler, istihbarat\u00e7\u0131lar da de\u011fil. Valisinden kaymakam\u0131na, \u00f6\u011fretmeninden maliye memuruna kadar geni\u015f bir alana bakal\u0131m. Hala g\u00fcneydo\u011funun bir an \u00f6nce g\u00f6rev yap\u0131l\u0131p ka\u00e7\u0131lacak bir b\u00f6lge olarak g\u00f6r\u00fcld\u00fc\u011f\u00fcn\u00fc de unutmayal\u0131m.  <\/p>\n<p> \u00a0 Bu da\u011f\u0131n\u0131kl\u0131k, hedef farkl\u0131l\u0131\u011f\u0131 ya da hedefsizlikle, y\u00fczy\u0131ldan daha fazla bir zamand\u0131r buralarda cirit atan birtak\u0131m g\u00fc\u00e7lerle ve onlar\u0131n uzant\u0131lar\u0131yla ba\u015fa \u00e7\u0131kmak ne kadar m\u00fcmk\u00fcn olabilir. Bu i\u015flerin fazlaca konu\u015fulmas\u0131ndan rahats\u0131z olanlara inat biz hat\u0131rlatal\u0131m. Acaba buralarda sadece bir tane mi &quot;derin devlet&quot; var? Hay\u0131r, CIA burada, MOSSAD burada, \u00f6tekilerin her biri \u00e7ok say\u0131da mensup ve uzant\u0131s\u0131yla bu b\u00f6lgede. Sivil toplum ad\u0131na ya da medya ve ara\u015ft\u0131rma k\u0131l\u0131flar\u0131yla \u00e7ok say\u0131da &quot;g\u00f6n\u00fcll\u00fc&quot; ve &quot;hedef sahibi&quot; \u00e7al\u0131\u015fmalar y\u00fcr\u00fct\u00fcyor. Onlar\u0131n en b\u00fcy\u00fck yard\u0131mc\u0131s\u0131, bu topraklarla g\u00f6n\u00fcl ba\u011f\u0131n\u0131 \u00e7oktan koparm\u0131\u015f bir y\u0131\u011f\u0131n i\u015fbirlik\u00e7i.  <\/p>\n<p> Kim bu manzaraya bak\u0131p da olaylar\u0131n ger\u00e7ekten T\u00fcrkiye&#39;nin kontrol\u00fcnde oldu\u011funu, endi\u015fe edilmemesi gerekti\u011fini s\u00f6yleyebilir. Mesele \u015eemdinli&#39;deki olaylar\u0131n g\u00f6r\u00fcnen faillerinin kim olup olmad\u0131\u011f\u0131 de\u011fildir. Perdenin \u00f6n\u00fcnde resmi kimlik ta\u015f\u0131yan birileri olabilir. Hatta onlar\u0131n \u00fcstlerinde de bu t\u00fcrden i\u015flere kar\u0131\u015fanlar, hukuk d\u0131\u015f\u0131 birtak\u0131m i\u015fleri, \u00fclke ad\u0131na m\u00fccadele zannedenler de olabilir. Ama t\u00fcm bunlar\u0131n ger\u00e7ekle\u015fmesine f\u0131rsat tan\u0131yan, b\u00f6yle tehlikeli batakl\u0131l\u0131klar \u00fcreten; kendi \u00fclkesinde olup bitene hakim olamayan siyasettir, ba\u015fka &quot;derin&quot; yap\u0131lara kucak a\u00e7anlard\u0131r. Devlete sald\u0131rmay\u0131, sokaklara insan d\u00f6kmeyi f\u0131rsat bilenler i\u00e7in, \u015fu g\u00fcnlerde ortaya \u00e7\u0131kan manzara e\u015fsiz f\u0131rsatlar sunuyor. \u0130ki tane g\u00fcvenlik g\u00f6revlisine, bilmem hangi kirli ba\u011flar\u0131n uzant\u0131s\u0131 haline gelen itiraf\u00e7\u0131lara \u00e7ullanmak kolayd\u0131r. \u00c7\u00fcnk\u00fc maliyetsizdir, \u00e7\u00fcnk\u00fc bu olaylar\u0131n ger\u00e7ek faillerine ula\u015fmam\u0131z\u0131 engelleyecek kadar g\u00fcr\u00fclt\u00fc \u00e7\u0131karmaya yeterlidir.  <\/p>\n<p> Peki, GAP b\u00f6lgesinde sinsi emellerini s\u00fcrd\u00fcren ve &quot;stratejik m\u00fcttefikimiz&quot; olan \u00fclkeyi kim g\u00fcndeme getiriyor. K\u0131saca NGO denilen s\u00f6zde yard\u0131m kurulu\u015flar\u0131n\u0131n, sadece bizim s\u0131n\u0131rlar\u0131m\u0131zda de\u011fil, y\u0131llard\u0131r Irak&#39;\u0131n kuzeyinde ve daha pek \u00e7ok alanda yeni i\u015fgal projesinin haz\u0131rl\u0131klar\u0131n\u0131 y\u00fcr\u00fctt\u00fc\u011f\u00fcn\u00fc kim s\u00f6yl\u00fcyor.  <\/p>\n<p> \u00a0 &quot;Hukukun herkese laz\u0131m oldu\u011fu do\u011frudur. Bunu tart\u0131\u015fmak bile abestir. Fakat kendi topraklar\u0131ndaki her t\u00fcrl\u00fc yabanc\u0131 unsurla i\u015fbirli\u011fi yapmakta sak\u0131nca g\u00f6rmeyenlerin, birdenbire &quot;daha \u00e7ok hukuk&quot; ve &quot;daha \u00e7ok demokrasi&quot; slogan\u0131yla k\u0131yamet koparmas\u0131 ger\u00e7ekten tuhaft\u0131r.  <\/p>\n<p> Fail-i me\u00e7hul cinayetleri konu\u015fal\u0131m. Devletin her t\u00fcrl\u00fc m\u00fccadeleyi mutlaka hukuk \u00e7er\u00e7evesinde y\u00fcr\u00fctmesini \u0131srarla, her zaman ve her olayda savunal\u0131m. Hukuk d\u0131\u015f\u0131na \u00e7\u0131kanlar\u0131 cezas\u0131z b\u0131rakmayal\u0131m. Ama \u00f6nce gelin, f\u00fctursuzca ve hepimizin g\u00f6zlerinin i\u00e7ine bakarak bu \u00fclkeyi i\u015fgal k\u0131vam\u0131na getirmeye \u00e7al\u0131\u015fanlara kar\u015f\u0131 m\u00fccadele verelim. Onlar\u0131n eli bu topraklardan \u00e7ekildi\u011fi zaman g\u00f6receksiniz, derinlik olarak sadece hukuk ve adalet hakim olacakt\u0131r.&quot;<a name=\"_ftnref3\" href=\"#_ftn3\" title=\"_ftnref3\">[3]<\/a>  <\/p>\n<p> Bug\u00fcn, Suriye ve \u0130ran&#39;la ve di\u011fer kom\u015fular\u0131m\u0131zla g\u00fc\u00e7 ve g\u00f6n\u00fcl birli\u011fi yapman\u0131n en zaruri oldu\u011fu bir d\u00f6nemde, AKP&#39;nin Amerikan ama\u00e7lar\u0131na amigoluk yapmas\u0131 gaflet ve cehaletten \u00e7ok \u00f6te bir anlam ta\u015f\u0131maktad\u0131r.  <\/p>\n<p> <strong>&quot;Devlet: &#8216;Ya hep ya hi\u00e7&#39;!&quot; olacakt\u0131r&#8230;<\/strong>  <\/p>\n<p> &quot;S\u00fcper g\u00fc\u00e7&quot; Amerika Birle\u015fik Devletleri, Alaska y\u00fcz\u00fcnden damardan ba\u011fl\u0131 oldu\u011fu Kanada ile birle\u015fmeyi elzem kabul ediyor.  <\/p>\n<p> D\u00fcnyan\u0131n en b\u00fcy\u00fck ekonomilerinden birine sahip olan Almanya, gelece\u011fini teminat alt\u0131na almak i\u00e7in Fransa ve di\u011fer Avrupa \u00fclkeleri ile birle\u015fmeye \u00e7al\u0131\u015f\u0131yor.  <\/p>\n<p> Afrika&#39;n\u0131n en zengin \u00fclkesi G\u00fcney Afrika Cumhuriyeti, Afrika Birli\u011fi&#39;nin bayraktarl\u0131\u011f\u0131n\u0131 yap\u0131yor.  <\/p>\n<p> Venez\u00fcella ve Brezilya, ille de G\u00fcney Amerika birli\u011fi diyor.  <\/p>\n<p> Birlik, birlik, birlik&#8230;  <\/p>\n<p> Akl\u0131 olan, kom\u015fular\u0131yla birle\u015ferek b\u00fcy\u00fcmeye \u00e7al\u0131\u015f\u0131yor.  <\/p>\n<p> Akl\u0131n\u0131 peynir ekmekle yiyenler ise, kom\u015fular\u0131n\u0131n y\u00fcz\u00fcne bakmad\u0131klar\u0131 gibi, ayn\u0131 evi payla\u015ft\u0131klar\u0131 insanlara bile surat as\u0131yorlar.  <\/p>\n<p> Yuvalar\u0131n\u0131 da\u011f\u0131tmaya \u00e7al\u0131\u015f\u0131yorlar.  <\/p>\n<p> Evlerini ay\u0131rmaya \u00e7al\u0131\u015f\u0131yorlar.  <\/p>\n<p> Afrika&#39;da, Avrupa&#39;da, Kuzey ve G\u00fcney Amerika&#39;da birlik r\u00fczg\u00e2rlar\u0131, Ortado\u011fu&#39;da ayr\u0131l\u0131k r\u00fczg\u00e2rlar\u0131 esiyor.  <\/p>\n<p> Etnik milliyet\u00e7ilik vir\u00fcs\u00fc, i\u00e7timai b\u00fcnyemizi mahvu peri\u015fan ediyor.  <\/p>\n<p> 70 milyon n\u00fcfuslu kocaman T\u00fcrkiye, 1000 y\u0131ll\u0131k devlet gelene\u011fine ra\u011fmen uluslar aras\u0131 sistemin bir acentas\u0131 olmaktan kurtulamazken, birileri, Anglo-Amerika ve \u0130srail&#39;in kuca\u011f\u0131nda kurulacak be\u015f-on milyon n\u00fcfuslu mezhep ve \u0131rk devletleriyle &quot;ba\u011f\u0131ms\u0131zl\u0131\u011fa&quot; kavu\u015fabileceklerini zannediyor.  <\/p>\n<p> Ba\u015fka birileri de bu dalgay\u0131 &#8216;Kodum mu oturturum&#39; edas\u0131yla k\u0131rabilece\u011fini zannediyor.  <\/p>\n<p> O edayla k\u0131r\u0131lmaz o dalga.  <\/p>\n<p> Bu saatten sonra, &quot;ulus devlet&quot; \u00e7er\u00e7evesi dahilinde s\u00f6ylenecek karde\u015flik t\u00fcrk\u00fcleriyle de k\u0131r\u0131lmayabilir.  <\/p>\n<p> Ba\u015fbakan Erdo\u011fan, \u015eemdinli&#39;de \u00e7ok g\u00fczel konu\u015ftu; Cenab-\u0131 Allah ecrini art\u0131rs\u0131n; fakat bu t\u00fcr konu\u015fmalar k\u0131sa vadede tansiyonu d\u00fc\u015f\u00fcrse de uzun vadede k\u00e2r etmeyebilir.  <\/p>\n<p> Gerek T\u00fcrkiye&#39;nin ve gerekse Irak&#39;\u0131n, Suriye&#39;nin, \u0130ran&#39;\u0131n etnik (\u0131rk\u00ee, mezhebi) b\u00f6l\u00fcnme potansiyeli, ancak KOM\u015eULARIYLA B\u0130RLE\u015eEREK B\u00dcY\u00dcME form\u00fcl\u00fcyle yok edilebilir.  <\/p>\n<p> \u00dclkeleri birle\u015ftirmek yetmez, \u015fovenizmin her t\u00fcr\u00fcnden uzak durulmas\u0131 gerekti\u011fi fikrinde de birle\u015fmek gerekir.  <\/p>\n<p> T\u00fcrk, Arap veya Fars \u015fovenistli\u011fi yaparak K\u00fcrt \u015fovenizmini yarg\u0131layamazs\u0131n\u0131z.  <\/p>\n<p> S\u00fcnni \u015fovenistli\u011fi yaparak \u015eii \u015fovenizmini, \u015eii \u015fovenistli\u011fi yaparak S\u00fcnni \u015fovenizmini yarg\u0131layamazs\u0131n\u0131z.  <\/p>\n<p> &quot;Ulus devlet&quot;i kutsayarak &quot;Ben ayr\u0131 bir ulusum, \u00f6yleyse ayr\u0131 bir devletim olmal\u0131&quot; anlay\u0131\u015f\u0131n\u0131 yarg\u0131layamazs\u0131n\u0131z.  <\/p>\n<p> Tarihe bak\u0131n; b\u00f6l\u00fck-p\u00f6r\u00e7\u00fck Ortado\u011fu&#39;nun Ha\u00e7l\u0131lar taraf\u0131ndan nas\u0131l ezilip ge\u00e7ildi\u011fine bak\u0131n; sonra, Nureddin Zengi&#39;nin y\u00fckseltti\u011fi bayrak alt\u0131nda birle\u015fen Ortado\u011fu&#39;nun, Ha\u00e7l\u0131lar\u0131 nas\u0131l def etti\u011fine bak\u0131n; bak\u0131n ve g\u00f6r\u00fcn:  <\/p>\n<p> Bu co\u011frafyada devlet &#8211; deyim yerindeyse &#8211; ya hep ya hi\u00e7tir!<a name=\"_ftnref4\" href=\"#_ftn4\" title=\"_ftnref4\">[4]<\/a>  <\/p>\n<p> <strong>B\u00fcy\u00fck Resim <\/strong> <\/p>\n<p> \u015eemdinli&#39;de ba\u015flayan ve hafta sonunda G\u00fcneydo\u011fu&#39;nun b\u00fcy\u00fck bir b\u00f6l\u00fcm\u00fcne s\u0131\u00e7rayan, sonra da Y\u00fcksekova&#39;da toplumsal \u00e7at\u0131\u015fma g\u00f6r\u00fcnt\u00fcs\u00fc kazanan olaylar\u0131n perde arkas\u0131n\u0131 iyi anlamak laz\u0131m. Bir anda ortaya at\u0131lan &#8216;Susurluk&#39; dedikodular\u0131 ne taraftan bak\u0131l\u0131rsa bak\u0131ls\u0131n inand\u0131r\u0131c\u0131 g\u00f6r\u00fcnm\u00fcyor. \u0130\u015fin k\u00f6t\u00fcs\u00fc bu &#8216;derin devlet&#39; senaryolar\u0131 asl\u0131nda resmin b\u00fct\u00fcn\u00fcn\u00fc gizlemeye y\u00f6nelik giri\u015fimlere benziyor.  <\/p>\n<p> Zaten hadise \u00fczerine ba\u015flat\u0131lan soru\u015fturma, i\u015fin bir \u00f6rt\u00fcl\u00fc operasyon oldu\u011fu ihtimalini azalt\u0131yor. Ama hadise \u00fczerine patlak veren olaylardan amac\u0131n ne oldu\u011funu tespit etmek m\u00fcmk\u00fcn. \u00d6zetle s\u00f6ylemek gerekirse, bir g\u00fcn saat 12.15 sular\u0131nda \u015eemdinli&#39;nin tek pasaj\u0131ndaki tek kitap\u00e7\u0131 d\u00fckk\u00e2n\u0131na bir bomba at\u0131l\u0131yor. \u0130ki dakika i\u00e7inde y\u00fczlerce ki\u015filik bir kalabal\u0131k toplanarak, olay\u0131 jandarma \u00f6zel timlerinin yapt\u0131klar\u0131n\u0131 s\u00f6yleyerek galeyan olu\u015fturuyor.  <\/p>\n<p> \u00a0 Pasaj\u0131n etraf\u0131nda bulunan jandarma personeline sald\u0131r\u0131yor. Polis noktas\u0131n\u0131 tahrip ediyor. Devlete ait b\u00fct\u00fcn semboller ve bayrak tahrip ediliyor ve bir aral\u0131k \u015fehrin giri\u015fine PKK el koyuyor. Bu arada m\u00fczakere\/m\u00fctareke bas\u0131n\u0131 ve televizyonlar\u0131 &#8216;Susurluk&#39; yaygaras\u0131n\u0131 yaymaya ba\u015fl\u0131yor. Bu sayede toplu ayaklanma g\u00f6sterisinin \u00fcst\u00fc \u00f6rt\u00fcl\u00fcyor. Kitap\u00e7\u0131n\u0131n PKK&#39;l\u0131 oldu\u011fu; on y\u0131l\u0131 a\u015fk\u0131n bir s\u00fcre i\u00e7erde yatt\u0131\u011f\u0131 ve AKP&#39;nin da\u011fa d\u00f6n\u00fc\u015f aff\u0131 sayesinde \u00e7\u0131kt\u0131\u011f\u0131 \u0131srarla gizleniyor. Bir ka\u00e7 g\u00fcn i\u00e7erisinde b\u00f6lgenin pek \u00e7ok il ve il\u00e7esinde toplu kalk\u0131\u015fma senaryolar\u0131 devreye sokuluyor. Her yerde PKK bayraklar\u0131, her yerde \u00d6calan posterleri vs.  <\/p>\n<p> Ama\u00e7 a\u00e7\u0131k. Susurluk hik\u00e2yeleriyle b\u00f6lgedeki polis timlerinin morali bozulmu\u015ftu. S\u0131ra \u015fimdi jandarmada. Zaten Kat\u0131l\u0131m Ortakl\u0131\u011f\u0131 Belgesi&#39;nde k\u00f6y koruculu\u011fu sisteminin derhal la\u011fvedilmesi talebi var. Jandarma b\u00f6lgeden \u00e7ekilip, k\u00f6y koruculu\u011fu da la\u011fvedilirse, b\u00f6lge tam manas\u0131yla PKK&#39;n\u0131n etkili denetimine b\u0131rak\u0131lm\u0131\u015f olur. Ortalama K\u00fcrt k\u00f6kenli insan, devletin bu b\u00f6lgeyi PKK&#39;ya b\u0131rakt\u0131\u011f\u0131n\u0131 d\u00fc\u015f\u00fcnerek onlara yamanman\u0131n yollar\u0131n\u0131 aramaya ba\u015flar.  <\/p>\n<p> Ard\u0131ndan bir ka\u00e7 ilde toplu kalk\u0131\u015fma ve zorla y\u00f6netime el koyma senaryolar\u0131 devreye girer. Derken mesele, bir \u00e7at\u0131\u015fma b\u00f6lgesi stat\u00fcs\u00fc kazan\u0131r ve arkas\u0131ndan da T\u00fcrkiye&#39;ye &#8216;madem ki orada bir \u00e7at\u0131\u015fma var; o halde b\u00f6lgeye uluslararas\u0131 bar\u0131\u015f g\u00fcc\u00fc yerle\u015ftirmek laz\u0131md\u0131r&#39; denilmeye ba\u015flan\u0131r. Nas\u0131l olsa bu h\u00fck\u00fcmetin kabul etmeyece\u011fi her hangi bir \u015fey, i\u00e7ine sindiremeyece\u011fi bir muamele g\u00f6r\u00fcnm\u00fcyor.  <\/p>\n<p> K\u0131br\u0131s&#39;ta da ayn\u0131 senaryo zaten devrede. Amerika&#39;y\u0131 ziyaretinin ard\u0131ndan T\u00fcrkiye kar\u015f\u0131tl\u0131\u011f\u0131 konusunda cesareti artm\u0131\u015f g\u00f6r\u00fcnen Mehmet Ali Talat, Ek Protokol&#39;\u00fcn TBMM taraf\u0131ndan onaylanmas\u0131 halinde nas\u0131l bir stratejiyi devreye sokaca\u011f\u0131n\u0131n i\u015faretlerini ge\u00e7ti\u011fimiz aylarda ortaya koydu. \u00d6nce milli makyajl\u0131 laflarla T\u00fcrkiye&#39;nin kendi \u00e7\u0131karlar\u0131 do\u011frultusunda hareket ederek Ek Protokol&#39;\u00fc onaylad\u0131\u011f\u0131; bu durumda T\u00fcrkiye ile K\u0131br\u0131sl\u0131 T\u00fcrklerin \u00e7\u0131karlar\u0131n\u0131n giderek farkl\u0131la\u015ft\u0131\u011f\u0131 y\u00f6n\u00fcnde ba\u015flayacak olan propagandalar, bir s\u00fcre sonra &#8216;T\u00fcrkiye bizi satt\u0131&#39; noktas\u0131na var\u0131r.  <\/p>\n<p> Ard\u0131ndan &#8216;T\u00fcrkiye bizi satm\u0131\u015fken egemenlik ve siyasi e\u015fitlik iddias\u0131nda bulunamay\u0131z&#39; laflar\u0131, nihayette &#8216;biz bir an evvel AB vatanda\u015flar\u0131 olal\u0131m ve AB hukuku i\u00e7erisinde kendimizi savunal\u0131m&#39; tezine d\u00f6n\u00fc\u015fecektir. Ondan sonras\u0131 kolay. \u00d6nce AB vatanda\u015flar\u0131 olarak Rumlara teslim olmak gerekecek. Bunun i\u00e7in de T\u00fcrk askerinin adadan \u00e7ekilmesi \u015fart. Bu da mevcut \u015fartlarda pek zor olmayacak. AKP h\u00fck\u00fcmeti &#8216;K\u0131br\u0131s halk\u0131 b\u00f6yle istiyorsa biz ne yapal\u0131m&#39; mazeretine sar\u0131lacak. Ve sonu\u00e7ta ba\u015fta Amerika ve \u0130ngiltere olmak \u00fczere AB&#39;nin de d\u00e2hil oldu\u011fu bir koro T\u00fcrkiye&#39;ye &#8216;adadan \u00e7\u0131k&#39; demeye ba\u015flayacak.  <\/p>\n<p> &quot;Yani &#8216;kuzu kuzu&#39; \u00e7ekilme senaryosu ger\u00e7ekle\u015fecek. G\u00fcneydo\u011fu&#39;ya yabanc\u0131 bar\u0131\u015f g\u00fcc\u00fc yerle\u015ftirilir ve K\u0131br\u0131s&#39;ta toptan teslime gidilirse hi\u00e7 \u015fa\u015f\u0131rmayal\u0131m. Bu g\u00fcnler pek uza\u011f\u0131m\u0131zda g\u00f6r\u00fcnm\u00fcyor. G\u00f6rmek isteyen g\u00f6zler i\u00e7in her \u015fey \u00e7ok a\u00e7\u0131k&#8230;&quot;<a name=\"_ftnref5\" href=\"#_ftn5\" title=\"_ftnref5\">[5]<\/a>  <\/p>\n<p> <strong>T\u00fcrkiye, n\u00fckleer g\u00fc\u00e7 m\u00fc oluyor?<\/strong>  <\/p>\n<p> <strong>Yoksa \u0130ran gibi hedef yap\u0131lmaya m\u0131 haz\u0131rlan\u0131yor?<\/strong>  <\/p>\n<p> Amerikan CBS televizyonu, Kas\u0131m ay\u0131n\u0131n ilk haftas\u0131 T\u00fcrkiye&#39;yi yak\u0131ndan ilgilendiren ilgin\u00e7 bir haber yay\u0131nlad\u0131. Frans\u0131z istihbarat\u0131na dayand\u0131r\u0131lan haberde, El Kaide&#39;nin \u00c7e\u00e7enistan&#39;dan Rus yap\u0131m\u0131 4 Sam f\u00fczesi ald\u0131\u011f\u0131, f\u00fczelerin T\u00fcrkiye&#39;ye getirildi\u011fi ancak T\u00fcrkiye&#39;de kayboldu\u011fu iddia edildi. El Kaide&#39;nin Paris&#39;e ya da bir ba\u015fka yere sald\u0131r\u0131 haz\u0131rl\u0131\u011f\u0131 \u00e7er\u00e7evesinde aktar\u0131lan haber, T\u00fcrkiye \u00fczerinden y\u00fcr\u00fct\u00fclen n\u00fckleer ka\u00e7ak\u00e7\u0131l\u0131\u011f\u0131 ve T\u00fcrkiye&#39;nin n\u00fckleer silahlara sahip olup olmad\u0131\u011f\u0131n\u0131 yeniden g\u00fcndeme getirdi. \u00c7\u00fcnk\u00fc T\u00fcrkiye, Sovyet sonras\u0131 n\u00fckleer ka\u00e7ak\u00e7\u0131l\u0131kta \u00f6nemli bir g\u00fczerg\u00e2h. Azerbaycan, Rusya, Kazakistan, G\u00fcrcistan, Romanya, Moldova gibi \u00fclkelerden \u00fc\u00e7\u00fcnc\u00fc \u00fclkelere y\u00f6nelen 104 ka\u00e7ak\u00e7\u0131l\u0131k vakas\u0131 tespit edildi. Bunlar genelde mafya \u00fczerinden y\u00fcr\u00fct\u00fclen ka\u00e7ak\u00e7\u0131l\u0131k \u00f6rnekleri.  <\/p>\n<p> &quot;Plame, Pakistan, a Nuclear Turkey&#8230;&quot; ba\u015fl\u0131kl\u0131 bir yaz\u0131ya dikkat \u00e7ekmek istiyorum. Yaz\u0131da, T\u00fcrkiye, \u0130srail ve Pakistan&#39;\u0131n dahil oldu\u011fu kapsaml\u0131 &quot;ticaret&quot;ten n\u00fckleer malzeme transferinden s\u00f6z ediliyor. T\u00fcrk-Amerikan Konseyi ve T\u00fcrk-Amerikan Derne\u011fi gibi kurulu\u015flar\u0131n yan\u0131 s\u0131ra, ABD&#39;deki T\u00fcrkiye Yahudileri&#39;nin kurdu\u011fu \u015firketlerin bu transferlerde ad\u0131 ge\u00e7iyor. Pakistan&#39;\u0131n n\u00fckleer g\u00fcc\u00fcn\u00fcn \u00f6nc\u00fcs\u00fc Abd\u00fclkadir Han ve sorgulanan onlarca bilim adam\u0131n\u0131n gizli &quot;ticaret&quot;te \u00f6nemli yeri oldu\u011fu belirtiliyor, ancak bunun bir ka\u00e7ak\u00e7\u0131l\u0131k de\u011fil, devletleraras\u0131 ticaret oldu\u011fu ima ediliyor. T\u00fcrk m\u00fchendislerin Libya&#39;n\u0131n n\u00fckleer teknolojisinin bir k\u0131sm\u0131nda rol almas\u0131na, \u0130stanbul, Dubai, \u0130spanya, G\u00fcney Afrika aras\u0131ndaki transferlerde T\u00fcrkiye Yahudileri&#39;nin sahibi oldu\u011fu Giza Technologies adl\u0131 \u015firketin \u00fcslendi\u011fi role dikkat \u00e7ekiyor.  <\/p>\n<p> George Bush ekibini sarsan CIA skandal\u0131n\u0131n merkezindeki isim Valerie Plame&#39;in bu \u00e7er\u00e7evede bir \u00e7ok kez T\u00fcrkiye&#39;ye geldi\u011fi, baz\u0131 bilim adamlar\u0131yla g\u00f6r\u00fc\u015ft\u00fc\u011f\u00fc belirtiliyor. Hatta baz\u0131lar\u0131, Plame skandal\u0131n\u0131n T\u00fcrkiye&#39;ye kadar uzanaca\u011f\u0131n\u0131 s\u00f6yl\u00fcyor.  <\/p>\n<p> <strong>Mafya ba\u011flant\u0131l\u0131 n\u00fckleer ka\u00e7ak\u00e7\u0131l\u0131k ve devletler aras\u0131ndaki gizli n\u00fckleer trafik&#8230; El Kaide bunun neresinde? El Kaide ad\u0131 alt\u0131nda yine bir \u015feyler mi gizleniyor? <\/strong> <\/p>\n<p> T\u00fcrkiye ve n\u00fckleer konusunda ilk iki konu bu. Ama bir konu daha var ki, can al\u0131c\u0131 ve d\u00fcnyan\u0131n dikkatle izledi\u011fi nokta buras\u0131. T\u00fcrkiye n\u00fckleer silahlanmaya m\u0131 gidiyor?..  <\/p>\n<p> Pakistan n\u00fckleer g\u00fc\u00e7. \u0130ran&#39;\u0131n n\u00fckleer \u00e7al\u0131\u015fmalar\u0131 b\u00fct\u00fcn d\u00fcnyan\u0131n g\u00fcndeminde. Ya T\u00fcrkiye? Son aylarda, \u0130ran&#39;\u0131n n\u00fckleer g\u00fc\u00e7 olmas\u0131n\u0131n T\u00fcrkiye&#39;yi de n\u00fckleer silaha y\u00f6neltece\u011fine ili\u015fkin haberler yay\u0131nlan\u0131yor. T\u00fcrkiye&#39;nin 12 Eyl\u00fcl darbesinden sonra Pakistan&#39;la askeri yak\u0131nla\u015fmas\u0131na dikkat \u00e7ekiliyor. Hatta T\u00fcrkiye&#39;nin Pakistan&#39;a, n\u00fckleer \u00e7al\u0131\u015fmalar\u0131nda teknolojik destek verdi\u011fi s\u00f6yleniyor&#8230; \u0130ran ve T\u00fcrkiye ile birlikte n\u00fckleer silah yar\u0131\u015f\u0131 dramatik bir hale gelecek. ABD ve Avrupa ve \u0130srail, T\u00fcrkiye&#39;yi bundan vazge\u00e7irebilecek mi? \u0130ran&#39;a ekonomik taahh\u00fctlerde bulundular. Ya T\u00fcrkiye&#39;ye ne \u00f6nerecekler? Teklif mi yoksa tehdit mi?<a name=\"_ftnref6\" href=\"#_ftn6\" title=\"_ftnref6\">[6]<\/a>  <\/p>\n<p> <strong>\u0130nsan Haklar\u0131 t\u00fcccarlar\u0131! <\/strong> <\/p>\n<p> The Washington Post 18 Kas\u0131m&#39;da, CIA&#39;n\u0131n 24 \u00fclkeyle y\u00fcr\u00fctt\u00fc\u011f\u00fc ortak operasyonlar\u0131 i\u00e7eren bilgiler, gizli cezaevleri ve i\u015fkence u\u00e7u\u015flar\u0131n\u0131n boyutlar\u0131n\u0131 da ortaya koydu. Peki, T\u00fcrkiye bunlar\u0131n d\u0131\u015f\u0131nda m\u0131? De\u011fil!  <\/p>\n<p> Bunu anlamak i\u00e7in; ABD-\u0130ngiltere-\u0130srail-T\u00fcrkiye-\u00dcrd\u00fcn aras\u0131nda 1990 sonras\u0131 ba\u015flayan, 1996&#39;larda zirveye \u00e7\u0131kan istihbarat ortakl\u0131\u011f\u0131n\u0131, &quot;radikal \u0130slam&#39;la sava\u015f&quot; ad\u0131 alt\u0131nda y\u00fcr\u00fct\u00fclen operasyonlar\u0131, T\u00fcrkiye&#39;nin ABD ve \u0130srail i\u00e7in Ortado\u011fu&#39;dan \u00d6zbekistan&#39;a hatta G\u00fcney Asya&#39;ya kadar hangi cephelerde sava\u015ft\u0131\u011f\u0131n\u0131 ortaya koymak gerekiyor. &quot;28 \u015eubat m\u00fcdahalesi&quot;ni sadece T\u00fcrkiye i\u00e7i bir iktidar \u00e7at\u0131\u015fmas\u0131 olarak m\u0131 de\u011ferlendiriyorsunuz h\u00e2l\u00e2?..  <\/p>\n<p> ABD\/\u0130ngiliz\/\u0130srail istihbarat\u0131n\u0131n y\u00f6netti\u011fi \u00dcrd\u00fcn&#39;\u00fcn bu operasyonlarda nas\u0131l \u00fcs haline getirildi\u011fini, T\u00fcrkiye-\u0130ran s\u0131n\u0131r\u0131n\u0131n nas\u0131l kontrol edildi\u011fini, bu \u00fclkelere ait istihbarat mensuplar\u0131n\u0131n daha o zamanlar T\u00fcrkiye&#39;de operasyonlar yapt\u0131\u011f\u0131n\u0131 hat\u0131rlatal\u0131m.  <\/p>\n<p> Gazete&#39;ye g\u00f6re; \u0130lk iki merkez 1990&#39;da kuruldu. O zaman 11 Eyl\u00fcl olmam\u0131\u015ft\u0131 ve onlar Bosna&#39;da, S. Arabistan&#39;da, M\u0131s\u0131r&#39;da, Yemen&#39;de, Endonezya&#39;da insanlar\u0131 tutuyor, ka\u00e7\u0131r\u0131yor, sorguluyordu.  <\/p>\n<p> CIA y\u00f6netiminde \u00e7al\u0131\u015fan 24 \u00fclkeye ait istihbarat birimleri sadece 11 Eyl\u00fcl&#39;den sonra 3 binden fazla operasyon yapt\u0131. Sonu\u00e7lar, CIA ve Frans\u0131z istihbarat\u0131 kontrol\u00fcnde Paris&#39;te kurulan &quot;\u00c7okuluslu Operasyon Merkezi&quot;nden y\u00f6netiliyor. Ortado\u011fu, Avrupa ve Asya&#39;da \u00fc\u00e7 merkez olu\u015fturuldu. Paris&#39;teki kod ad\u0131 Alliance \u00dcss\u00fc olan yerde ABD ve Fransa&#39;n\u0131n d\u0131\u015f\u0131nda \u0130ngiltere, Almanya, Kanada ve Avustralya&#39;dan istihbarat\u00e7\u0131lar g\u00f6rev yap\u0131yor.  <\/p>\n<p> Bu \u00f6zel birim, 1990&#39;dan bu yana 80 \u00fclkede operasyonlar yapt\u0131 ve hala devam ediyor. Bush, 17 Aral\u0131k 2001&#39;de bu &quot;\u00f6rt\u00fcl\u00fc operasyonlar&quot;a ili\u015fkin izin belgesini onaylad\u0131. Ard\u0131ndan \u00f6zel sava\u015f birimleri onlarca \u00fclkeye g\u00f6nderildi ve operasyonlar yapt\u0131lar. \u0130nsanlar tutukland\u0131, bilinmeyen yerlere g\u00f6t\u00fcr\u00fcld\u00fc, sorguland\u0131, baz\u0131lar\u0131ndan bir daha haber al\u0131namad\u0131 ve \u00f6zellikle yarg\u0131dan uzak tutuldu.  <\/p>\n<p> 7 Mart&#39;ta \u0130stanbul&#39;dan kalk\u0131p Danimarka&#39;ya u\u00e7an CIA u\u00e7a\u011f\u0131 da bu operasyon kapsam\u0131nda kullan\u0131l\u0131yordu. \u00dcrd\u00fcn b\u00f6lgedeki en \u00f6nemli merkez, &quot;ABD-T\u00fcrkiye-\u0130srail-\u00dcrd\u00fcn ekseni&quot;nin di\u011fer \u00fclkesi T\u00fcrkiye, operasyonlar\u0131n merkezinde yer al\u0131yor&#8230; \u0130sve\u00e7, Norve\u00e7, Danimarka CIA&#39;n\u0131n karanl\u0131k d\u00fcnyas\u0131n\u0131n merkezinde. CIA&#39;n\u0131n i\u015fkence turlar\u0131 kapsam\u0131nda. Belki gizli cezaevleri de vard\u0131r, yak\u0131nda ortaya \u00e7\u0131kar. Yak\u0131nda anla\u015f\u0131l\u0131r. Bar\u0131\u015f \u00d6d\u00fclleri veren \u0130nsan haklar\u0131 t\u00fcccarlar\u0131 bunlar!<a name=\"_ftnref7\" href=\"#_ftn7\" title=\"_ftnref7\">[7]<\/a>  <\/p>\n<p> A\u015fa\u011f\u0131da, bir zamanlar\u0131n radikal dincisi, \u015fimdilerin ise AKP&#39;cisi ve h\u0131zl\u0131 AB&#39;cisi Abdurrahman Dilipak&#39;\u0131n Vakit&#39;teki \u015fu yaz\u0131s\u0131n\u0131, bu tiplerin ger\u00e7ek karakterini ortaya koyan bir belge olarak, aynen sunuyoruz:  <\/p>\n<p> <strong>B\u00fcy\u00fckan\u0131t bilinmezi<\/strong>  <\/p>\n<p> \u015eemdinli olaylar\u0131 ile ilgili olarak B\u00fcy\u00fckan\u0131t&#39;\u0131n daha ilk g\u00fcnden ortaya \u00e7\u0131k\u0131p, zanl\u0131 hakk\u0131nda &quot;tan\u0131yorum, iyi askerdir&quot; \u015feklindeki a\u00e7\u0131klamalar\u0131 ve ard\u0131ndan olaylar\u0131 protesto eden insanlar\u0131n \u00fczerinden F-16&#39;lar\u0131n al\u00e7aktan u\u00e7urtulmas\u0131 ile ilgili tart\u0131\u015fmalar giderek b\u00fcy\u00fcyor&#8230;  <\/p>\n<p> Genelkurmay Ba\u015fkanl\u0131\u011f\u0131&#39;na aday bir ki\u015finin bu \u015fekilde davranmas\u0131n\u0131n makam\u0131n\u0131n ciddiyeti ve sorumlulu\u011fu ile ba\u011fda\u015fmad\u0131\u011f\u0131 yolundaki genel kan\u0131, ordu kademelerinde ciddi bir rahats\u0131zl\u0131k sebebi olmaya ba\u015flam\u0131\u015f g\u00f6z\u00fck\u00fcyor.  <\/p>\n<p> Al\u00e7ak u\u00e7u\u015f konusunu &quot;rutin&quot; g\u00f6rev diye a\u00e7\u0131klamak da durumu kurtarmaya yetmedi. &quot;Durumdan vazife \u00e7\u0131karmas\u0131n\u0131&quot; bilen askerlerin, bu kadar hassas bir konuda bu \u015fekilde bir tedbirsizli\u011fini, b\u00f6ylesine bir a\u00e7\u0131klama ile ge\u00e7i\u015ftirmenin zorlu\u011fu ortada iken, daha \u00f6nceden Sincan&#39;da tanklar\u0131n y\u00fcr\u00fct\u00fclmesini de rutin, daha \u00f6nceden planlanm\u0131\u015f bir g\u00f6rev olarak a\u00e7\u0131klamak aras\u0131nda pek de bir fark bulunmuyor&#8230;  <\/p>\n<p> B\u00fcy\u00fckan\u0131t olay\u0131n\u0131n \u00f6n\u00fcm\u00fczdeki g\u00fcnlerde de tart\u0131\u015f\u0131lmaya devam edilmesi bekleniyor. Kimilerine g\u00f6re B\u00fcy\u00fckan\u0131t, emekli General Tolon&#39;un d\u0131\u015far\u0131da yapmak istedi\u011fini i\u00e7eriden yapmak isteyen bir isim&#8230; Politik a\u00e7\u0131klamalara istekli g\u00f6r\u00fcnen B\u00fcy\u00fckan\u0131t&#39;\u0131n \u00f6n\u00fcm\u00fczdeki d\u00f6nemde isminin bas\u0131nda ve politik kulislerde daha \u00e7ok konu\u015fulmas\u0131 ka\u00e7\u0131n\u0131lmaz gibi g\u00f6z\u00fck\u00fcyor.  <\/p>\n<p> \u015eemdinli olay\u0131 ile ilgili daha i\u015fin ba\u015f\u0131nda verdi\u011fi mesajlar, bir yandan siyasilere, \u00f6te yandan b\u00fcrokratlara ve ayn\u0131 zamanda yarg\u0131ya verilmi\u015f bir mesaj olarak g\u00f6r\u00fcl\u00fcyor&#8230; Dahas\u0131 bir generalin bir astsubay\u0131 i\u015fin ba\u015f\u0131nda bu \u015fekilde sahiplenmesi, kendisi ile bu ve benzer olaylar aras\u0131nda bir ili\u015fki oldu\u011fu \u015feklinde de yorumlan\u0131yor&#8230;  <\/p>\n<p> \u015eemdinli olay\u0131n\u0131n darbe heveslileri ile ve ter\u00f6r lobisi ile ba\u011f\u0131 oldu\u011fu yolundaki iddialar, bu konuyu daha da mide buland\u0131r\u0131c\u0131 hale getiriyor&#8230;  <\/p>\n<p> Zaten daha ilk g\u00fcnden bu olayla ba\u011flant\u0131l\u0131 olarak bir anda, \u00d6zk\u00f6k&#39;\u00fcn g\u00f6rev s\u00fcresinin uzat\u0131laca\u011f\u0131 ve B\u00fcy\u00fckan\u0131t&#39;\u0131n Genelkurmay Ba\u015fkanl\u0131\u011f\u0131&#39;na gelmesinin \u00f6nlenece\u011fi yolunda spek\u00fclasyonlar yap\u0131lmaya ba\u015flad\u0131 bile&#8230; Bundan sonra medya ve B\u00fcy\u00fckan\u0131t&#39;\u0131n aile, kurum ve d\u0131\u015f ili\u015fkileri, a\u00e7\u0131klamalar\u0131 daha b\u00fcy\u00fck bir dikkatle izlenecek&#8230;  <\/p>\n<p> B\u00f6lgeden gelen haberler hi\u00e7 de i\u00e7 a\u00e7\u0131c\u0131 de\u011fil. Hem \u015eemdinli olay\u0131, hem sonraki geli\u015fmeler, F-16 olay\u0131, b\u00f6lge halk\u0131n\u0131n devlete olan g\u00fcvenini ciddi anlamda yaralad\u0131&#8230; Art\u0131k a\u00e7\u0131k a\u00e7\u0131k bir kopu\u015ftan s\u00f6z ediliyor&#8230; 3 illegal operasyon g\u00f6revlisinin korunmas\u0131 ad\u0131na, \u00fclkenin gelece\u011fi ipotek alt\u0131na sokuluyor&#8230;  <\/p>\n<p> B\u00fcy\u00fckan\u0131t&#39;\u0131n bu beklenmedik \u00e7\u0131k\u0131\u015f\u0131, onun bu t\u00fcr operasyonlarla ilgili, bilgili ve ilgili oldu\u011fu iddialar\u0131n\u0131n ortaya at\u0131lmas\u0131na sebeb oluyor&#8230; Bu gibi konularda bu kadar acemice \u00e7\u0131k\u0131\u015flar\u0131 yapabilen birinin, yar\u0131n zor bir g\u00f6rev kar\u015f\u0131s\u0131nda \u00fclkeyi ciddi anlamda riske sokacak \u00e7\u0131k\u0131\u015flar yapmas\u0131 ihtimalinden yola \u00e7\u0131kan uzmanlar, bu durumu kayg\u0131 verici buluyorlar&#8230;  <\/p>\n<p> B\u00fcy\u00fckan\u0131t&#39;\u0131n duruma a\u00e7\u0131kl\u0131k getirmek i\u00e7in yapt\u0131\u011f\u0131 a\u00e7\u0131klamalar asl\u0131nda durumu a\u00e7\u0131klamak yerine daha da i\u00e7inden \u00e7\u0131k\u0131lmaz hale getirdi&#8230; \u00d6zellikle s\u00fcrece yap\u0131lan m\u00fcdahaleler, malum medyay\u0131 kullanarak olaylar\u0131 karartma giri\u015fimleri ve yeni and\u0131\u00e7lar, bilgi notlar\u0131n\u0131n servise sunulmak istenirken de\u015fifre olmas\u0131 bu i\u015fi t\u00fcm kamuoyunun g\u00fcndemine oturttu.  <\/p>\n<p> Medya, siyaset d\u00fcnyas\u0131nda birileri \u00f6yle anla\u015f\u0131l\u0131yor ki, kendi karanl\u0131k ili\u015fkilerini ve g\u00fcnahlar\u0131n\u0131 gizlemek ad\u0131na, \u00fclkeyi ve toplumsal bar\u0131\u015f\u0131n tehlikeye at\u0131lmas\u0131na g\u00f6z yumuyor..  <\/p>\n<p> Durumun netle\u015fmesi i\u00e7in Bush&#39;un, \u015earon&#39;un ve Erdo\u011fan&#39;\u0131n ak\u0131betinin netle\u015fmesi gerek&#8230; Mart&#39;a kadar vakit var&#8230; Bu arada s\u00fcrpriz bir kararla \u0130ngiltere Irak&#39;tan \u00e7ekilebilir&#8230; Irak se\u00e7imlerinin ard\u0131ndan Irak h\u00fck\u00fcmeti ile yap\u0131lacak savunma ve g\u00fcvenlik anla\u015fmas\u0131 ile petrol, savunma ve g\u00fcvenlik i\u015fbirli\u011fi anla\u015fmalar\u0131n\u0131n ard\u0131ndan \u0130ngiliz askerleri kademeli olarak evine d\u00f6nebilir. Muhtemelen bir askeri \u00fcs ve birka\u00e7 askeri tesis ve bir miktar asker burada daha uzun s\u00fcre kalmaya devam edecektir. \u0130ngiltere bu \u015fartlarda ABD ve \u0130srail&#39;in macerac\u0131 emrivaki siyasetlerine daha fazla dayanamaz&#8230; Aksi halde Irak&#39;\u0131 kurtarmaya gelenler, kendileri ayakta durmaktan aciz duruma d\u00fc\u015febilir&#8230;  <\/p>\n<p> T\u00fcrkiye&#39;ye bu kadar \u00e7ok Yahudi sermayesi geldikten sonra, ekonomiyi uzun s\u00fcre olumsuz bir y\u00f6nde etkileyecek bir darbe ve belirsizlik s\u00f6zkonusu olmaz&#8230; K\u0131sa d\u00f6nemli \u00e7alkant\u0131lar ise her zaman olur&#8230;  <\/p>\n<p> B\u00fcy\u00fckan\u0131t&#39;\u0131n gelece\u011fi ve \u00d6zk\u00f6k&#39;le ilgili tart\u0131\u015fmalar burada bitece\u011fe benzemiyor&#8230; Bu i\u015fin hiyerar\u015fik yap\u0131 i\u00e7inde sebeb oldu\u011fu sorunlar ise her zaman \u00f6rt\u00fcl\u00fc bir tart\u0131\u015fma ve s\u00f6ylentiler \u015feklinde s\u00fcrece\u011fe benzemektedir. \u015eemdinli olay\u0131, derin devlet, kontrgerilla ve J\u0130TEM tart\u0131\u015fmalar\u0131 s\u00fcrd\u00fck\u00e7e bu tart\u0131\u015fman\u0131n da s\u00fcrece\u011fi a\u00e7\u0131k, kesin ve net&#8230; B\u00fcy\u00fckan\u0131t&#39;\u0131n bu konuya hemen i\u015fin ba\u015f\u0131nda m\u00fcdahil olmas\u0131 da onun bu i\u015flerle ilgili bilgisi oldu\u011funu g\u00f6steren bir durum olarak onun kariyerini ciddi \u015fekilde etkileyece\u011finden ku\u015fku yok. TSK bu kadar tart\u0131\u015fmal\u0131 bir ki\u015fiyi ta\u015f\u0131yamayabilir&#8230; Bunu zaman g\u00f6sterecek. Sel\u00e2m ve dua ile.<a name=\"_ftnref8\" href=\"#_ftn8\" title=\"_ftnref8\">[8]<\/a>  <\/p>\n<p> <strong>Dilipak&#39;\u0131n s\u00f6zlerinin \u00f6zeti \u015fu:<\/strong>  <\/p>\n<ul>\n<li>a- Tolon ve B\u00fcy\u00fckan\u0131t gibi Milli ve haysiyetli ekip, darbe d\u00fc\u015f\u00fcn\u00fcyor&#8230;<\/li>\n<li>b- Ama bir darbe yapmalar\u0131 m\u00fcmk\u00fcn g\u00f6r\u00fclm\u00fcyor.<\/li>\n<li>c- \u00c7\u00fcnk\u00fc T\u00fcrkiye&#39;ye olduk\u00e7a b\u00fcy\u00fck oranda Yahudi-s\u00f6m\u00fcr\u00fc sermayesi girmi\u015f bulunuyor.<\/li>\n<li>d- Ve Siyonist sermaye, AKP&#39;den \u00e7ok raz\u0131 bu y\u00fczden darbe istemiyor.<\/li>\n<\/ul>\n<p> <strong>\u015eimdi bu form\u00fclden \u00e7\u0131kan sonu\u00e7:<\/strong>  <\/p>\n<ul>\n<li>1- Ya\u015far B\u00fcy\u00fckan\u0131t, Hur\u015fit Tolon, Necati \u00d6zgen v.b. Pa\u015falar Siyonist ve emperyalist ku\u015fatmaya kar\u015f\u0131d\u0131r.<\/li>\n<li>2- Abdurrahman Dilipak gibileri ise, Ha\u00e7l\u0131 AB&#39;nin ve Siyonist \u0130srail&#39;in hizmetk\u00e2r\u0131 ve taraftar\u0131d\u0131r.<\/li>\n<\/ul>\n<p align=\"center\"> &#160; <\/p>\n<p align=\"center\"> &#160; <\/p>\n<p> <\/p>\n<hr \/>\n<p> <a name=\"_ftn1\" href=\"#_ftnref1\" title=\"_ftn1\">[1]<\/a> 15.11.2005 Milli Gazete Kulis Ankara  <\/p>\n<p> <a name=\"_ftn2\" href=\"#_ftnref2\" title=\"_ftn2\">[2]<\/a> 16.11.2005 Yeni \u015eafak \u0130brahim Karag\u00fcl  <\/p>\n<p> <a name=\"_ftn3\" href=\"#_ftnref3\" title=\"_ftn3\">[3]<\/a> 17.11.2005 Milli Gazete Nasuhi G\u00fcng\u00f6r  <\/p>\n<p> <a name=\"_ftn4\" href=\"#_ftnref4\" title=\"_ftn4\">[4]<\/a> 26.11.2005 Milli Gazete Hakan Albayrak  <\/p>\n<p> <a name=\"_ftn5\" href=\"#_ftnref5\" title=\"_ftn5\">[5]<\/a> 17.11.2005 Milli Gazete Hasan \u00dcnal  <\/p>\n<p> <a name=\"_ftn6\" href=\"#_ftnref6\" title=\"_ftn6\">[6]<\/a> 23.11.2005 Milli Gazete Medya (22.11.05 \u0130. Karag\u00fcl Yeni \u015eafak)  <\/p>\n<p> <a name=\"_ftn7\" href=\"#_ftnref7\" title=\"_ftn7\">[7]<\/a> 25.11.2005 Milli Gazete Medya (24.11.05 \u0130. Karag\u00fcl Yeni \u015eafak)  <\/p>\n<p> <a name=\"_ftn8\" href=\"#_ftnref8\" title=\"_ftn8\">[8]<\/a> Vakit Gazetesi 01.12.2005 Abdurrahman Dilipak  <\/p>\n","protected":false},"excerpt":{"rendered":"<p>\u00a0  <\/p>\n<p> <strong>K\u00fcresel otorite ve kutsal yabanc\u0131 sermaye&#8230;<\/strong>  <\/p>\n<p> \u00a0 &quot;Yabanc\u0131 sermaye, d\u00fcnya vatanda\u015fl\u0131\u011f\u0131, k\u00fcreselle\u015fme&quot;&#8230; \u0130\u015fte yeni D\u00fcnya d\u00fczeninin \u00fc\u00e7 sihirli s\u00f6zc\u00fc\u011f\u00fc.  <\/p>\n<p> \u00a0 Ba\u015fbakan Recep Tayyip Erdo\u011fan&#39;\u0131n milli sermayeyi savunanlar\u0131 &#8216;sermaye \u0131rk\u00e7\u0131s\u0131&#39; ilan etmesi, yabanc\u0131 sermayeye &#8216;kutsall\u0131k&#39; atfeden s\u00f6ylemleri kafa kar\u0131\u015ft\u0131r\u0131yor&#8230; Kimileri Tayyip Bey&#39;i anlamakta zorlan\u0131yor. Ba\u015fbakan\u0131n ne dedi\u011fi, neyi kastetti\u011fi konusunda baz\u0131lar\u0131 ihtilafa d\u00fc\u015f\u00fcyor. Ama san\u0131r\u0131z; \u00fcnl\u00fc The Time dergisinde &#8216;K\u00fcresel devletin do\u011fu\u015fu&#39; ba\u015fl\u0131kl\u0131 bir makale kaleme alan Strobe Talbot, Ba\u015fbakan&#39;\u0131 en iyi anlayanlar\u0131n ba\u015f\u0131nda geliyor.  <\/p>\n","protected":false},"author":14,"featured_media":0,"comment_status":"open","ping_status":"closed","sticky":false,"template":"","format":"standard","meta":{"footnotes":""},"categories":[39],"tags":[],"class_list":["post-293","post","type-post","status-publish","format-standard","hentry","category-ocak-2006"],"_links":{"self":[{"href":"https:\/\/www.millicozum.com\/mc\/wp-json\/wp\/v2\/posts\/293","targetHints":{"allow":["GET"]}}],"collection":[{"href":"https:\/\/www.millicozum.com\/mc\/wp-json\/wp\/v2\/posts"}],"about":[{"href":"https:\/\/www.millicozum.com\/mc\/wp-json\/wp\/v2\/types\/post"}],"author":[{"embeddable":true,"href":"https:\/\/www.millicozum.com\/mc\/wp-json\/wp\/v2\/users\/14"}],"replies":[{"embeddable":true,"href":"https:\/\/www.millicozum.com\/mc\/wp-json\/wp\/v2\/comments?post=293"}],"version-history":[{"count":0,"href":"https:\/\/www.millicozum.com\/mc\/wp-json\/wp\/v2\/posts\/293\/revisions"}],"wp:attachment":[{"href":"https:\/\/www.millicozum.com\/mc\/wp-json\/wp\/v2\/media?parent=293"}],"wp:term":[{"taxonomy":"category","embeddable":true,"href":"https:\/\/www.millicozum.com\/mc\/wp-json\/wp\/v2\/categories?post=293"},{"taxonomy":"post_tag","embeddable":true,"href":"https:\/\/www.millicozum.com\/mc\/wp-json\/wp\/v2\/tags?post=293"}],"curies":[{"name":"wp","href":"https:\/\/api.w.org\/{rel}","templated":true}]}}