{"id":2930,"date":"2014-05-30T22:08:07","date_gmt":"2014-05-30T22:08:07","guid":{"rendered":"https:\/\/www.millicozum.com\/mc\/2014\/05\/30\/tek-care-adil-duzen\/"},"modified":"2014-05-30T22:08:07","modified_gmt":"2014-05-30T22:08:07","slug":"tek-care-adil-duzen","status":"publish","type":"post","link":"https:\/\/www.millicozum.com\/mc\/2014\/haziran-2014\/tek-care-adil-duzen\/","title":{"rendered":"TEK \u00c7ARE AD\u0130L D\u00dcZEN"},"content":{"rendered":"\n<p><span style=\"font-size: 14pt;\">&nbsp;<\/span><\/p>\n<p style=\"margin-bottom: 0.0001pt; text-align: justify; text-indent: 155.95pt; line-height: normal;\"><span style=\"font-size: 14pt; font-family: 'Arial','sans-serif';\">H\u00fck\u00fcmet de Cemaat de; kuklad\u0131r \u015fer g\u00fc\u00e7lere<\/span><\/p>\n<p style=\"margin-bottom: 0.0001pt; text-align: justify; text-indent: 155.95pt; line-height: normal;\"><span style=\"font-size: 14pt; font-family: 'Arial','sans-serif';\">Suni bahar oldu hazan, Tek \u00e7are Adil D\u00fczen!<\/span><\/p>\n<p style=\"margin-bottom: 0.0001pt; text-align: justify; text-indent: 155.95pt; line-height: normal;\"><span style=\"font-size: 14pt; font-family: 'Arial','sans-serif';\">Sa\u011flam bina kurulur mu, ham toprak kerpi\u00e7lere<\/span><\/p>\n<p style=\"margin-bottom: 0.0001pt; text-align: justify; text-indent: 155.95pt; line-height: normal;\"><span style=\"font-size: 14pt; font-family: 'Arial','sans-serif';\">Y\u0131k\u0131l\u0131r bu k\u00f6hne nizam, tek \u00e7\u00f6z\u00fcm Adil D\u00fczen!<\/span><\/p>\n<p style=\"margin-bottom: 0.0001pt; text-align: justify; text-indent: 155.95pt; line-height: normal;\">&nbsp;<\/p>\n<p style=\"margin-bottom: 0.0001pt; text-align: justify; text-indent: 155.95pt; line-height: normal;\"><span style=\"font-size: 14pt; font-family: 'Arial','sans-serif';\">Bay Fetullah par\u00e7as\u0131ym\u0131\u015f, papal\u0131k misyonunun<\/span><\/p>\n<p style=\"margin-bottom: 0.0001pt; text-align: justify; text-indent: 155.95pt; line-height: normal;\"><span style=\"font-size: 14pt; font-family: 'Arial','sans-serif';\">Recep Bey sevdal\u0131s\u0131ym\u0131\u015f, Avrupa vizyonunun<\/span><\/p>\n<p style=\"margin-bottom: 0.0001pt; text-align: justify; text-indent: 155.95pt; line-height: normal;\"><span style=\"font-size: 14pt; font-family: 'Arial','sans-serif';\">Hi\u00e7 \u00e7aresi bulunmazm\u0131\u015f, kap\u0131\u015fma f\u00fczyonunun<\/span><\/p>\n<p style=\"margin-bottom: 0.0001pt; text-align: justify; text-indent: 155.95pt; line-height: normal;\"><span style=\"font-size: 14pt; font-family: 'Arial','sans-serif';\">Ne vicdan kald\u0131 ne iz\u2019an, tek \u00e7are Adil D\u00fczen!<\/span><\/p>\n<p style=\"margin-bottom: 0.0001pt; text-align: justify; text-indent: 155.95pt; line-height: normal;\">&nbsp;<\/p>\n<p style=\"margin-bottom: 0.0001pt; text-align: justify; text-indent: 155.95pt; line-height: normal;\"><span style=\"font-size: 14pt; font-family: 'Arial','sans-serif';\">Bak yolda\u015flar seviniyor, yanda\u015flar per peri\u015fan<\/span><\/p>\n<p style=\"margin-bottom: 0.0001pt; text-align: justify; text-indent: 155.95pt; line-height: normal;\"><span style=\"font-size: 14pt; font-family: 'Arial','sans-serif';\">\u201cYalanc\u0131 Peygamber\u201d oldu, Muhterem Zat\u0131 zi-\u015fan<\/span><\/p>\n<p style=\"margin-bottom: 0.0001pt; text-align: justify; text-indent: 155.95pt; line-height: normal;\"><span style=\"font-size: 14pt; font-family: 'Arial','sans-serif';\">\u00c7irkef sa\u00e7ar a\u011f\u0131zlar\u0131, ne onursuz bir ni\u015fan<\/span><\/p>\n<p style=\"margin-bottom: 0.0001pt; text-align: justify; text-indent: 155.95pt; line-height: normal;\"><span style=\"font-size: 14pt; font-family: 'Arial','sans-serif';\">Ahmakt\u0131r mezar\u0131n kazan, tek \u00e7are Adil D\u00fczen!<\/span><\/p>\n<p style=\"margin-bottom: 0.0001pt; text-align: justify; text-indent: 155.95pt; line-height: normal;\">&nbsp;<\/p>\n<p style=\"margin-bottom: 0.0001pt; text-align: justify; text-indent: 155.95pt; line-height: normal;\"><span style=\"font-size: 14pt; font-family: 'Arial','sans-serif';\">Bozuk kantar do\u011fru tartmaz, ne yap\u0131lsa nafile<\/span><\/p>\n<p style=\"margin-bottom: 0.0001pt; text-align: justify; text-indent: 155.95pt; line-height: normal;\"><span style=\"font-size: 14pt; font-family: 'Arial','sans-serif';\">Hainler rehber se\u00e7ilse, hayra varmaz kafile<\/span><\/p>\n<p style=\"margin-bottom: 0.0001pt; text-align: justify; text-indent: 155.95pt; line-height: normal;\"><span style=\"font-size: 14pt; font-family: 'Arial','sans-serif';\">Din iman tart\u0131l\u0131r olmu\u015f, \u015falvar ve \u00e7ar\u015faf ile<\/span><\/p>\n<p style=\"margin-bottom: 0.0001pt; text-align: justify; text-indent: 155.95pt; line-height: normal;\"><span style=\"font-size: 14pt; font-family: 'Arial','sans-serif';\">Z\u0131rto sanki \u0130mam Azam, tek \u00e7are Adil D\u00fczen!<\/span><\/p>\n<p style=\"margin-bottom: 0.0001pt; text-align: justify; text-indent: 155.95pt; line-height: normal;\">&nbsp;<\/p>\n<p style=\"margin-bottom: 0.0001pt; text-align: justify; text-indent: 155.95pt; line-height: normal;\"><span style=\"font-size: 14pt; font-family: 'Arial','sans-serif';\">Milli olmayan sistemler, Milletimize tuzak<\/span><\/p>\n<p style=\"margin-bottom: 0.0001pt; text-align: justify; text-indent: 155.95pt; line-height: normal;\"><span style=\"font-size: 14pt; font-family: 'Arial','sans-serif';\">\u0130slam\u2019a uymayan her \u015fey, insanl\u0131ktan da uzak<\/span><\/p>\n<p style=\"margin-bottom: 0.0001pt; text-align: justify; text-indent: 155.95pt; line-height: normal;\"><span style=\"font-size: 14pt; font-family: 'Arial','sans-serif';\">D\u00fcnyaya tapan ki\u015filer, \u015eeytan elinde tutsak<\/span><\/p>\n<p style=\"margin-bottom: 0.0001pt; text-align: justify; text-indent: 155.95pt; line-height: normal;\"><span style=\"font-size: 14pt; font-family: 'Arial','sans-serif';\">Hak saf\u0131d\u0131r benim hizam, tek \u00e7are Adil D\u00fczen!<\/span><\/p>\n<p style=\"margin-bottom: 0.0001pt; text-align: justify; text-indent: 155.95pt; line-height: normal;\">&nbsp;<\/p>\n<p style=\"margin-bottom: 0.0001pt; text-align: justify; text-indent: 155.95pt; line-height: normal;\"><span style=\"font-size: 14pt; font-family: 'Arial','sans-serif';\">Zalim d\u00fczenler y\u00fcz\u00fcnden, halk\u0131m\u0131z neler \u00e7ekti<\/span><\/p>\n<p style=\"margin-bottom: 0.0001pt; text-align: justify; text-indent: 155.95pt; line-height: normal;\"><span style=\"font-size: 14pt; font-family: 'Arial','sans-serif';\">Kur\u2019an Kutsal vazge\u00e7ildi, Avrupa tek \u00f6l\u00e7ekti<\/span><\/p>\n<p style=\"margin-bottom: 0.0001pt; text-align: justify; text-indent: 155.95pt; line-height: normal;\"><span style=\"font-size: 14pt; font-family: 'Arial','sans-serif';\">Bat\u0131 ve bat\u0131l Tanr\u0131yd\u0131, uymayan \u00f6lecekti<\/span><\/p>\n<p style=\"margin-bottom: 0.0001pt; text-align: justify; text-indent: 155.95pt; line-height: normal;\"><span style=\"font-size: 14pt; font-family: 'Arial','sans-serif';\">Olur mu hi\u00e7 zulme r\u0131zam, tek \u00e7are Adil D\u00fczen!<\/span><\/p>\n<p style=\"margin-bottom: 0.0001pt; text-align: justify; text-indent: 155.95pt; line-height: normal;\">&nbsp;<\/p>\n<p style=\"margin-bottom: 0.0001pt; text-align: justify; text-indent: 155.95pt; line-height: normal;\"><span style=\"font-size: 14pt; font-family: 'Arial','sans-serif';\">Ne sa\u011fc\u0131l\u0131k ne solculuk, ne de sahte dindarl\u0131k<\/span><\/p>\n<p style=\"margin-bottom: 0.0001pt; text-align: justify; text-indent: 155.95pt; line-height: normal;\"><span style=\"font-size: 14pt; font-family: 'Arial','sans-serif';\">Ne \u201c<b>demukratur<\/b>\u201d hilesi, ne zalim h\u00fck\u00fcmdarl\u0131k<\/span><\/p>\n<p style=\"margin-bottom: 0.0001pt; text-align: justify; text-indent: 155.95pt; line-height: normal;\"><span style=\"font-size: 14pt; font-family: 'Arial','sans-serif';\">Ne \u201c<b>mezhebi \u00e7ok geni\u015f<\/b>\u201dlik, ne yobaz dini darl\u0131k<\/span><\/p>\n<p style=\"margin-bottom: 0.0001pt; text-align: justify; text-indent: 155.95pt; line-height: normal;\"><span style=\"font-size: 14pt; font-family: 'Arial','sans-serif';\">Ak\u0131l k\u0131yas, Kur\u2019an mizan; tek \u00e7are Adil D\u00fczen!<\/span><\/p>\n<p style=\"margin-bottom: 0.0001pt; text-align: justify; text-indent: 155.95pt; line-height: normal;\">&nbsp;<\/p>\n<p style=\"margin-bottom: 0.0001pt; text-align: justify; text-indent: 155.95pt; line-height: normal;\"><span style=\"font-size: 14pt; font-family: 'Arial','sans-serif';\">Milli G\u00f6r\u00fc\u015f, Milli \u00c7\u00f6z\u00fcm; dirili\u015f kervan\u0131d\u0131r<\/span><\/p>\n<p style=\"margin-bottom: 0.0001pt; text-align: justify; text-indent: 155.95pt; line-height: normal;\"><span style=\"font-size: 14pt; font-family: 'Arial','sans-serif';\">\u00d6rnek laik ve demokrat, Hak d\u00fczen hayran\u0131d\u0131r<\/span><\/p>\n<p style=\"margin-bottom: 0.0001pt; text-align: justify; text-indent: 155.95pt; line-height: normal;\"><span style=\"font-size: 14pt; font-family: 'Arial','sans-serif';\">Art\u0131k sevinin yakla\u015fan, zaferler bayram\u0131d\u0131r<\/span><\/p>\n<p style=\"margin-bottom: 0.0001pt; text-align: justify; text-indent: 155.95pt; line-height: normal;\"><span style=\"font-size: 14pt; font-family: 'Arial','sans-serif';\">Cennet olur hatta Fizan, tek \u00e7are Adil D\u00fczen!<\/span><\/p>\n<p style=\"margin-bottom: 0.0001pt; text-align: justify; text-indent: 155.95pt; line-height: normal;\">&nbsp;<\/p>\n<p style=\"margin-bottom: 0.0001pt; text-align: justify; text-indent: 155.95pt; line-height: normal;\">&nbsp;<\/p>\n<p style=\"margin-bottom: 0.0001pt; text-align: justify; text-indent: 14.2pt; line-height: normal;\"><span style=\"font-size: 14pt;\"><b><span style=\"font-family: 'Arial','sans-serif';\">Kerpi\u00e7<\/span><\/b><span style=\"font-family: 'Arial','sans-serif';\">: \u00c7amur ve saman kar\u0131\u015ft\u0131r\u0131l\u0131p g\u00fcne\u015fte kurutulan ve kolay da\u011f\u0131lan tu\u011fla<\/span><\/span><\/p>\n<p style=\"margin-bottom: 0.0001pt; text-align: justify; text-indent: 14.2pt; line-height: normal;\"><span style=\"font-size: 14pt;\"><b><span style=\"font-family: 'Arial','sans-serif';\">Misyon: <\/span><\/b><span style=\"font-family: 'Arial','sans-serif';\">Y\u00fcklenen \u00f6zel g\u00f6rev<\/span><\/span><\/p>\n<p style=\"margin-bottom: 0.0001pt; text-align: justify; text-indent: 14.2pt; line-height: normal;\"><span style=\"font-size: 14pt;\"><b><span style=\"font-family: 'Arial','sans-serif';\">Vizyon: <\/span><\/b><span style=\"font-family: 'Arial','sans-serif';\">G\u00f6r\u00fc\u015f, d\u00fc\u015f\u00fcnce, hedef<\/span><\/span><\/p>\n<p style=\"margin-bottom: 0.0001pt; text-align: justify; text-indent: 14.2pt; line-height: normal;\"><span style=\"font-size: 14pt;\"><b><span style=\"font-family: 'Arial','sans-serif';\">F\u00fczyon:<\/span><\/b><span style=\"font-family: 'Arial','sans-serif';\"> Erime, \u00e7\u00f6z\u00fclme, \u00e7\u00fcr\u00fcme<\/span><\/span><\/p>\n<p style=\"margin-bottom: 0.0001pt; text-align: justify; text-indent: 14.2pt; line-height: normal;\"><span style=\"font-size: 14pt;\"><b><span style=\"font-family: 'Arial','sans-serif';\">Zi-\u015fan<\/span><\/b><span style=\"font-family: 'Arial','sans-serif';\">: \u015ean ve \u015f\u00f6hret sahibi<\/span><\/span><\/p>\n<p style=\"margin-bottom: 0.0001pt; text-align: justify; text-indent: 14.2pt; line-height: normal;\"><span style=\"font-size: 14pt;\"><b><span style=\"font-family: 'Arial','sans-serif';\">Nafile:<\/span><\/b><span style=\"font-family: 'Arial','sans-serif';\"> Bo\u015f \u00e7aba<\/span><\/span><\/p>\n<p style=\"margin-bottom: 0.0001pt; text-align: justify; text-indent: 14.2pt; line-height: normal;\"><span style=\"font-size: 14pt;\"><b><span style=\"font-family: 'Arial','sans-serif';\">Z\u0131rto:<\/span><\/b><span style=\"font-family: 'Arial','sans-serif';\"> Ahmak ve \u015f\u0131mar\u0131k<\/span><\/span><\/p>\n<p style=\"margin-bottom: 0.0001pt; text-align: justify; text-indent: 14.2pt; line-height: normal;\"><span style=\"font-size: 14pt;\"><b><span style=\"font-family: 'Arial','sans-serif';\">Hiza:<\/span><\/b><span style=\"font-family: 'Arial','sans-serif';\"> S\u0131ra, saf d\u00fczeni<\/span><\/span><\/p>\n<p style=\"margin-bottom: 0.0001pt; text-align: justify; text-indent: 14.2pt; line-height: normal;\"><span style=\"font-size: 14pt;\"><b><span style=\"font-family: 'Arial','sans-serif';\">Fizan:<\/span><\/b><span style=\"font-family: 'Arial','sans-serif';\"> Libya\u2019n\u0131n en \u0131ss\u0131z ve bak\u0131ms\u0131z b\u00f6lgesi, Osmanl\u0131n\u0131n s\u00fcrg\u00fcn yeri.<\/span><\/span><\/p>\n","protected":false},"excerpt":{"rendered":"<p>&nbsp; H\u00fck\u00fcmet de Cemaat de; kuklad\u0131r \u015fer g\u00fc\u00e7lere Suni bahar oldu hazan, Tek \u00e7are Adil D\u00fczen! Sa\u011flam bina kurulur mu, ham toprak kerpi\u00e7lere Y\u0131k\u0131l\u0131r bu k\u00f6hne nizam, tek \u00e7\u00f6z\u00fcm Adil D\u00fczen! &nbsp; Bay Fetullah par\u00e7as\u0131ym\u0131\u015f, papal\u0131k misyonunun Recep Bey sevdal\u0131s\u0131ym\u0131\u015f, Avrupa vizyonunun Hi\u00e7 \u00e7aresi bulunmazm\u0131\u015f, kap\u0131\u015fma f\u00fczyonunun Ne vicdan kald\u0131 ne iz\u2019an, tek \u00e7are Adil [&hellip;]<\/p>\n","protected":false},"author":98,"featured_media":0,"comment_status":"open","ping_status":"closed","sticky":false,"template":"","format":"standard","meta":{"footnotes":""},"categories":[163],"tags":[],"class_list":["post-2930","post","type-post","status-publish","format-standard","hentry","category-haziran-2014"],"_links":{"self":[{"href":"https:\/\/www.millicozum.com\/mc\/wp-json\/wp\/v2\/posts\/2930","targetHints":{"allow":["GET"]}}],"collection":[{"href":"https:\/\/www.millicozum.com\/mc\/wp-json\/wp\/v2\/posts"}],"about":[{"href":"https:\/\/www.millicozum.com\/mc\/wp-json\/wp\/v2\/types\/post"}],"author":[{"embeddable":true,"href":"https:\/\/www.millicozum.com\/mc\/wp-json\/wp\/v2\/users\/98"}],"replies":[{"embeddable":true,"href":"https:\/\/www.millicozum.com\/mc\/wp-json\/wp\/v2\/comments?post=2930"}],"version-history":[{"count":0,"href":"https:\/\/www.millicozum.com\/mc\/wp-json\/wp\/v2\/posts\/2930\/revisions"}],"wp:attachment":[{"href":"https:\/\/www.millicozum.com\/mc\/wp-json\/wp\/v2\/media?parent=2930"}],"wp:term":[{"taxonomy":"category","embeddable":true,"href":"https:\/\/www.millicozum.com\/mc\/wp-json\/wp\/v2\/categories?post=2930"},{"taxonomy":"post_tag","embeddable":true,"href":"https:\/\/www.millicozum.com\/mc\/wp-json\/wp\/v2\/tags?post=2930"}],"curies":[{"name":"wp","href":"https:\/\/api.w.org\/{rel}","templated":true}]}}