{"id":295,"date":"2006-11-25T05:41:21","date_gmt":"2006-11-25T05:41:21","guid":{"rendered":"https:\/\/www.millicozum.com\/mc\/2006\/11\/25\/dt-tarunutmayalim\/"},"modified":"2006-11-25T05:41:21","modified_gmt":"2006-11-25T05:41:21","slug":"su-dort-tarihi-unutmayalim","status":"publish","type":"post","link":"https:\/\/www.millicozum.com\/mc\/2006\/ocak-2006\/su-dort-tarihi-unutmayalim\/","title":{"rendered":"\u015eU D\u00d6RT TAR\u0130H\u0130 UNUTMAYALIM!.."},"content":{"rendered":"<p>\u00a0  <\/p>\n<p> 26 Haziran 2005 tarihli Washington Times&#39;ta; nedense Bas\u0131n Yay\u0131n&#39;\u0131n &#8216;&#39;D\u0131\u015f Bas\u0131nda T\u00fcrkiye&#39;&#39; b\u00f6l\u00fcm\u00fcnde yer verilmeyen bir makale yay\u0131nland\u0131.  <\/p>\n<p> &#8216;&#39;Avrupa Birli\u011fi&#39;ne (AB) \u00fcyelik \u015fans\u0131n\u0131 g\u00fc\u00e7lendirmek isteyen T\u00fcrkiye&#39;nin askeriyesinin de, ac\u0131 dolu reformlardan ge\u00e7ti\u011fi&#39;&#39; belirtilen makalede ba\u015fl\u0131ca \u00fc\u00e7 konunun alt\u0131 \u00e7izildi.  <\/p>\n<p> 1. T\u00fcrkiye&#39;de silahl\u0131 kuvvetlerin Genelkurmay Ba\u015fkan\u0131 Orgeneral Hilmi \u00d6zk\u00f6k liderli\u011finde daha &quot;transparan&quot; bir hal ald\u0131\u011f\u0131n\u0131n \u00f6ne s\u00fcr\u00fcld\u00fc ve ge\u00e7mi\u015fte oldu\u011funun aksine, orduda ya\u015fanan skandallar\u0131n g\u00fcn \u0131\u015f\u0131\u011f\u0131na \u00e7\u0131kar\u0131lmaya ba\u015fland\u0131\u011f\u0131 ve b\u00f6ylelikle AB&#39;ye de silahl\u0131 kuvvetlerin demokratik olabilece\u011fine dair bir mesaj g\u00f6nderildi\u011fi belirtildi  <\/p>\n<p>  \u00a0  <\/p>\n<p> 2. T\u00fcrk &#8216;&#8216;askeriyesinin&#39;&#39; resmi enstit\u00fclerdeki otoritesinin azalmaya ba\u015flam\u0131\u015f olmas\u0131na ra\u011fmen perde arkas\u0131nda hala etkin bir rol oynad\u0131\u011f\u0131na da \u00f6ne s\u00fcren makale, ge\u00e7en sene imam hatip lisesi mezunlar\u0131n\u0131n \u00fcniversiteye giri\u015flerini kolayla\u015ft\u0131racak bir yasa tasar\u0131s\u0131n\u0131n, askeriyenin ele\u015ftirisi \u00fczerine h\u00fck\u00fcmet taraf\u0131ndan nas\u0131l geri \u00e7ekildi\u011finden \u00f6rnek verdi. Askeriyenin bu resmi olmayan tarz m\u00fcdahalelerinin AB yetkililerini hala endi\u015felendirdi\u011fine de\u011finilen makalede, AB&#39;nin Geni\u015flemeden Sorumlu S\u00f6zc\u00fcs\u00fc Kriszt\u0131na Nagy&#39;n\u0131n, &quot;Silahl\u0131 kuvvetler resmi olmayan mekanizmalar yoluyla etkisini g\u00f6stermeye devam ediyor. T\u00fcrkiye tam \u00fcye olmak istiyorsa sivil y\u00f6netimi askeriyenin kontrol\u00fcnden tamamen \u00e7\u0131karmal\u0131&quot; s\u00f6zlerine de yer verildi.  <\/p>\n<p> 3. T\u00fcrk Silahl\u0131 Kuvvetleri&#39;nin baz\u0131 \u00fcyelerinin, T\u00fcrkiye&#39;nin, AB \u00fcyeli\u011fini tam destekledi\u011fini, \u00e7\u00fcnk\u00fc AB \u00fcyeli\u011fini Mustafa Kemal Atat\u00fcrk&#39;\u00fcn bat\u0131l\u0131 T\u00fcrkiye modeli i\u00e7in tek yol olarak g\u00f6rd\u00fcklerini belirten gazetede, &quot;Askeriye i\u00e7indeki AB destek\u00e7ileri \u00fcyelik halinde T\u00fcrk halk\u0131n\u0131n ekonomik ve e\u011fitim d\u00fczeyinin artaca\u011f\u0131n\u0131, b\u00f6ylelikle \u0130slamc\u0131 etkinin ortadan kalkarak yerini laikli\u011fe b\u0131rakaca\u011f\u0131na inan\u0131yorlar&quot; denildi. Silahl\u0131 kuvvetlerin, Ba\u015fbakan Recep Tayyip Erdo\u011fan&#39;\u0131n &quot;\u0131l\u0131ml\u0131 \u0130slamc\u0131&quot; h\u00fck\u00fcmeti kar\u015f\u0131s\u0131nda da hala dini \u015f\u00fcpheler ta\u015f\u0131d\u0131\u011f\u0131na de\u011finilen yaz\u0131da, AB&#39;nin T\u00fcrk Silahl\u0131 Kuvvetleri&#39;nin, Savunma Bakan\u0131&#39;n\u0131n yetkisi alt\u0131na verilmesini istemesi hat\u0131rlat\u0131larak, &quot;Askeriye sivil bir yetkilinin, \u00f6zellikle \u0130slamc\u0131 bir sivil yetkilinin yetkisi alt\u0131na girmeyi asla kabul etmeyecektir&quot; g\u00f6r\u00fc\u015flerine yer verildi.  <\/p>\n<p> Bu &#8216;&#39;askeriye&#39;&#39; s\u00f6zc\u00fc\u011f\u00fcn\u00fc kullanan terc\u00fcmana gereken cevab\u0131 verilmi\u015ftir.  <\/p>\n<p> &#8216;&#39;Transparan asker&#39;&#39;e de Genelkurmay Adli M\u00fc\u015favirli\u011finin gerekli ilgiyi g\u00f6sterece\u011fine eminiz.  <\/p>\n<p> Ancak b\u00fct\u00fcn bunlar, metinde ge\u00e7en &#8216;&#39;transparan&#39;&#39; s\u00f6zc\u00fc\u011f\u00fcn\u00fc ne yaz\u0131k ki ortadan kald\u0131rm\u0131yor.  <\/p>\n<p> \u00a0Ne diyor Washington Times?  <\/p>\n<p> <strong>\u00a0&#8216;&#39;T\u00fcrkiye&#39;de silahl\u0131 kuvvetler Genelkurmay Ba\u015fkan\u0131 Orgeneral Hilmi \u00d6zk\u00f6k liderli\u011finde daha &quot;transparan&quot; bir hal ald\u0131 ve ge\u00e7mi\u015fte oldu\u011funun aksine, orduda ya\u015fanan skandallar g\u00fcn \u0131\u015f\u0131\u011f\u0131na \u00e7\u0131kar\u0131lmaya ba\u015fland\u0131 ve b\u00f6ylelikle AB&#39;ye de silahl\u0131 kuvvetlerin demokratik olabilece\u011fine dair bir mesaj g\u00f6nderildi.&#39;&#39;<br \/> <\/strong>\u00a0\u00a0\u00a0\u00a0\u00a0\u00a0\u00a0\u00a0\u00a0\u00a0\u00a0 \u00a0 Peki ama transparanl\u0131\u011f\u0131n g\u00f6stergesi neden sadece yolsuzluklarla ilgili konulardaki skandallar\u0131n soru\u015fturulmas\u0131 oluyor?  <\/p>\n<p> \u00a0\u00a0 Emir komutan zafiyetlerinden neden hi\u00e7 s\u00f6z edilmiyor?  <\/p>\n<p> Biz son y\u0131llarda &#8216;&#39;Divan-\u0131 harb&#39;&#39; kurumunun \u00e7al\u0131\u015ft\u0131r\u0131lmas\u0131 gereken \u00e7ok \u00f6nemli d\u00f6rt olay biliyoruz.  <\/p>\n<p> \u00a0\u00a0\u00a0 Amerikan gazetesi bu konular\u0131 tabii ki es ge\u00e7er, ama biz neden kendi inisiyatifimizle, kendi &#8216;&#39;\u015feffafl\u0131\u011f\u0131m\u0131z\u0131n&#39;&#39; do\u011fru \u00f6l\u00e7\u00fcs\u00fcn\u00fc koyam\u0131yoruz?  <\/p>\n<p> a) Mesel\u00e2 2 Ekim 1992 tarihini niye kimse hat\u0131rlam\u0131yor?  <\/p>\n<p> b) 4 Temmuz 2003 tarihi neden unutuluyor?  <\/p>\n<p> c) Peki 74 K\u0131br\u0131s Harek\u00e2t\u0131n\u0131n zaferle sonu\u00e7lanmas\u0131,\u00a0 Kocaeli muhribini kendi kendimize bombalayarak bat\u0131rmam\u0131z ay\u0131b\u0131n\u0131 soru\u015fturmam\u0131z ve sorumlular\u0131n\u0131 mahkemeye sevk etmemiz gerekti\u011fi ger\u00e7e\u011fini neden \u00f6rt\u00fcyor?  <\/p>\n<p> d) 3 Ekim 2005 tarihi ni\u00e7in sorgulam\u0131yor?  <\/p>\n<p> \u015eimdi:  <\/p>\n<p> 2 Ekim 1992 Muavenet olay\u0131n\u0131n tarihidir, ACABA KAZA MI, YOKSA KASIT MI?  <\/p>\n<p> 2 Ekim 1992 tarihinde T\u00fcrk Muhribi TCG MUAVENET, Ege Denizi&#39;nde icra edilen bir NATO tatbikat\u0131 s\u0131ras\u0131nda ABD u\u00e7ak gemisi USS SARATOGA&#39;n\u0131n f\u00fcze sald\u0131r\u0131s\u0131na maruz kalm\u0131\u015ft\u0131r.  <\/p>\n<p> \u00a0\u00a0\u00a0 Kaza oldu\u011fu iddia edilen bu sald\u0131r\u0131 neticesinde 5 T\u00fcrk denizcisi \u015eehit olmu\u015f, 26 denizcimiz de muhtelif \u015fekillerde yaralanm\u0131\u015ft\u0131r. Ancak ABD 2 \u015fehit ailesi ve 20 yaral\u0131 askere tazminat \u00f6dememi\u015ftir. Ayr\u0131ca kamuoyunda san\u0131ld\u0131\u011f\u0131 gibi Muavenet&#39;in vurulmas\u0131na kar\u015f\u0131l\u0131k T\u00fcrkiye&#39;ye 8 adet Knox s\u0131n\u0131f\u0131 Firkateyn hibe edilmemi\u015f, ABD taraf\u0131ndan kullan\u0131m d\u0131\u015f\u0131na \u00e7\u0131kar\u0131lm\u0131\u015f bu gemilerin 7&#39;si paralar\u0131 \u00f6denerek sat\u0131n al\u0131nm\u0131\u015ft\u0131r. Di\u011fer taraftan T.C h\u00fck\u00fcmetleri bu g\u00fcne dek yap\u0131lan m\u00fcracaatlara ra\u011fmen bu olayda ma\u011fdur d\u00fc\u015f\u00fcr\u00fclen \u015fehit ailelerine ve di\u011fer denizcilere hi\u00e7 bir \u015fekilde yard\u0131mc\u0131 olmam\u0131\u015f ve T.C Vatanda\u015flar\u0131n\u0131n haklar\u0131n\u0131 savunmak \u00fczere ABD nezdinde bir giri\u015fimde bulunmam\u0131\u015ft\u0131r&#8230;<a name=\"_ftnref1\" href=\"#_ftn1\" title=\"_ftnref1\">[1]<\/a>  <\/p>\n<p> \u00a0\u00a0\u00a0 Olaydan sonra ABD&#39;de a\u00e7\u0131lan davalarda ABD mahkemeleri bu olay\u0131n &quot;POLITIK MESELE&quot; oldu\u011funa h\u00fckmederek tazminat davas\u0131 ac\u0131lamaz karar\u0131na varm\u0131\u015ft\u0131r.  <\/p>\n<p> \u00a0\u00a0\u00a0\u00a0 Ya 4 Temmuz 2003? \u00c7UVALLAMA MI, ABD \u00c7UVALDIZI MI?  <\/p>\n<p> \u00a0\u00a0\u00a0 4 Temmuz 2003, T\u00fcrk Kara Kuvvetlerinin; 2214 y\u0131ll\u0131k tarihi boyunca rastlan\u0131lmam\u0131\u015f \u00f6l\u00e7\u00fcde bir hakaret u\u011frat\u0131ld\u0131\u011f\u0131 &#8216;&#39;\u00e7uval&#39;&#39; olay\u0131n\u0131n olu\u015f tarihidir.  <\/p>\n<p> \u00a0\u00a0\u00a0 O g\u00fcn\u00fc ya\u015fam\u0131\u015f olan hi\u00e7 birimiz; ve Trabzon&#39;daki bal\u0131k\u00e7\u0131, ne Giresun&#39;daki bir emekli subay, ne Edirne&#39;deki f\u0131r\u0131nc\u0131, ne Adana&#39;daki t\u00fcccar, ne \u0130skenderun&#39;daki ne Doktor, \u0130stanbul&#39;daki avukat&#8230; Ama hi\u00e7 birimiz bu ay\u0131ba ortak olma utanc\u0131ndan kendimizi s\u0131y\u0131ramay\u0131z.  <\/p>\n<p> \u00a0\u00a0\u00a0 Ben torunumun bana &#8216;&#39;Sen o zaman ne yapt\u0131n?&#39;&#39; sorusunu soraca\u011f\u0131 g\u00fcnleri d\u00fc\u015f\u00fcnerek \u00fcrperiyorum da, s\u0131r\u00e7a k\u00f6\u015fkte oturan a\u011falar, beyler, efendiler&#8230; Ve dahi kahraman yetkililer neden hi\u00e7 \u00fczerlerine al\u0131nm\u0131yorlar?  <\/p>\n<p> \u00a0\u00a0\u00a0 Ruhumun ac\u0131d\u0131\u011f\u0131n\u0131, onurumun tamir edilemez derecede par\u00e7aland\u0131\u011f\u0131n\u0131 hissediyorum&#8230;  <\/p>\n<p> \u00a0\u00a0\u00a0 Bu efendiler neden hi\u00e7bir \u015fey olmam\u0131\u015f gibi oturmaya-kalkmaya, dola\u015fmaya, gezmeye devam ediyorlar?  <\/p>\n<p> \u00a0Nas\u0131l oluyor da yemeden i\u00e7meden kesilmiyorlar?  <\/p>\n<p> Yok farz ederek, isimlerinin tarihin utan\u00e7 duvar\u0131na yaz\u0131lm\u0131\u015f olmalar\u0131n\u0131 unutturabileceklerini mi zannediyorlar?  <\/p>\n<p> \u00a0\u00a0\u00a0 Fakat bu olay kamuoyuna da mal oldu\u011funa ve vicdanlar\u0131 son derece rahats\u0131z etti\u011fine g\u00f6re sorumlulara ne yap\u0131ld\u0131\u011f\u0131n\u0131n ve nas\u0131l cezaland\u0131r\u0131ld\u0131klar\u0131n\u0131n da a\u00e7\u0131klanmas\u0131 gerekmez mi?  <\/p>\n<p> \u00a0\u00dcstelik Hayrullah Mahmud&#39;un www.acikistihbarat.com&#39;daki yaz\u0131s\u0131ndan \u015funlar\u0131 \u00f6\u011frendikten sonra hayretiniz, h\u0131rs\u0131n\u0131z ve \u00f6fkenizin daha da artmas\u0131 gerekmez mi?  <\/p>\n<p> \u00a0\u00a0\u00a0 <strong>&#8216;&#39; Belge IV: FM. 0100 (AYTA\u00c7) TO: MS5 TSG: 051030C TEM03 HRK: 234\u00a0\u00a0\u00a0 Ankara&#39;dan gelen emirler do\u011frultusunda A unsurlar\u0131 ile kesinlikle \u00e7at\u0131\u015fmaya girilmemesini, A unsur komutan\u0131n\u0131n merkezde misafir edilmesinin gerekli g\u00f6r\u00fc\u015fmelerin yap\u0131lmas\u0131n\u0131 ve sonucun derhal bildirilmesini&#8230;&#39;&#39;<\/strong>  <\/p>\n<p> \u00a0\u00a0\u00a0 Bunun ad\u0131 geleneksel T\u00fcrk konukseverli\u011fi filan de\u011fildir beyler!.. A unsurlar\u0131 ile neden \u00e7at\u0131\u015fmaya girilmeyecekmi\u015f? A unsur komutan\u0131 neden misafir edilecekmi\u015f?  <\/p>\n<p> \u00a0\u00a0\u00a0 Ankara&#39;dan gelen emri veren kim? Aktaran kim? Hi\u00e7 kimse inisiyatifini kullanamad\u0131 m\u0131?  <\/p>\n<p> \u00a0\u00a0\u00a0\u00a0 Ne yap\u0131ld\u0131 haklar\u0131nda?  <\/p>\n<p> \u00a0\u00a0\u00a0\u00a0 Hangi yetkiyle ba\u015f\u0131m\u0131za \u00e7uval ge\u00e7irilmesine onay verdi bu adam?  <\/p>\n<p> \u00a0Hayrullah Mahmud yukar\u0131daki yaz\u0131\u015fmay\u0131 kendi hayalhanesinde uydurmu\u015f olamazd\u0131.  <\/p>\n<p> \u00a0Olaydan rahats\u0131zl\u0131k duyan bir tak\u0131m vatanseverler kendisine bilgi vermi\u015f olmal\u0131yd\u0131.  <\/p>\n<p> \u00a0\u00a0Peki 11 askerden herhangi birinin emekli olduktan sonra yahut \u00f6l\u00fcm\u00fcnden sonra a\u00e7\u0131lmak \u00fczere ger\u00e7ekleri anlatmas\u0131na nas\u0131l engel olacaks\u0131n\u0131z?  <\/p>\n<p> \u00a0Bu i\u015fin bizi ilgilendiren taraf\u0131yd\u0131&#8230;  <\/p>\n<p> \u00a0Bir de Albay Maywille ve ona emir verenler vard\u0131..  <\/p>\n<p> \u00a0Amerika ayn\u0131 Saratoga olay\u0131nda oldu\u011fu gibi \u00e7uval k\u00fcstahl\u0131\u011f\u0131nda da kula\u011f\u0131n\u0131n \u00fczerine yatm\u0131\u015ft\u0131r.  <\/p>\n<p> \u00a0Ama yakalar\u0131n\u0131 b\u0131rakmayaca\u011f\u0131z.  <\/p>\n<p> Devlet ve millet olarak hesab\u0131n\u0131n sorulmas\u0131n\u0131n sonuna kadar takip\u00e7isi olaca\u011f\u0131z.  <\/p>\n<p> Bunu her yetkiliye hat\u0131rlataca\u011f\u0131z.  <\/p>\n<p> \u00c7\u00fcnk\u00fc bizim o g\u00fcnden bu yana her gece uykular\u0131m\u0131z ka\u00e7\u0131yor, tarifsiz k\u00e2buslar g\u00f6r\u00fcyoruz.  <\/p>\n<p> Vars\u0131n biraz da a\u011falar, beyler, efendiler&#8230; AB&#39;ciler, ABD&#39;ciler, NATO beyinliler uyuyamas\u0131n&#8230;  <\/p>\n<p> Hesap sormay\u0131 ve milli onurumuzu korumay\u0131 kendimizde hak ve g\u00f6rev telakki ediyoruz!<a name=\"_ftnref2\" href=\"#_ftn2\" title=\"_ftnref2\">[2]<\/a>\u00a0\u00a0\u00a0\u00a0  <\/p>\n<p> Ve 3 &#8211; Ekim &#8211; 2005 AB \u0130NK\u0130LABI MI, \u00c7ANAKKALEN\u0130N \u0130NT\u0130KAMI MI?  <\/p>\n<p> <strong>Diyalogcu Fetullahc\u0131larla Atat\u00fcrkc\u00fc Pa\u015falar\u0131n &quot;Erasmus&quot; \u0130ttifak\u0131 : <\/strong> <\/p>\n<p> 24 may\u0131s 2004 Tarihli Zaman Gazetesinde bir bayram sevinciyle \u015fu haber veriliyordu :  <\/p>\n<p> T\u00fcrkiye, may\u0131s ay\u0131 itibar\u0131yla Avrupa Birli\u011fi E\u011fitim ve Gen\u00e7lik Program\u0131&#39;na resmen kabul edildi. 18 ayd\u0131r Avrupa&#39;daki \u00fcniversitelerle pilot projeler \u00fcreten T\u00fcrkiye, AB&#39;nin e\u011fitim programlar\u0131na kat\u0131lma hakk\u0131n\u0131 elde etti.  <\/p>\n<p> T\u00fcrkiye&#39;ye AB Komisyonu taraf\u0131ndan 2004 y\u0131l\u0131nda 9 ayl\u0131k d\u00f6nem i\u00e7in 18,353 milyon Euro fon ayr\u0131ld\u0131. 2006 y\u0131l\u0131na kadar bu miktar\u0131n 39,143 milyon Euro&#39;ya \u00e7\u0131kmas\u0131 \u00f6ng\u00f6r\u00fcl\u00fcyor. Y\u00fcksek\u00f6\u011fretim programlar\u0131ndan biri olan Erasmus ile 2010 y\u0131l\u0131nda T\u00fcrkiye&#39;den Avrupa \u00fclkelerine 40 bin \u00f6\u011frencinin g\u00f6nderilmesi hedefleniyor.  <\/p>\n<p> Programlar\u0131 T\u00fcrkiye&#39;de organize eden Ulusal Ajans (AB E\u011fitim ve Gen\u00e7lik Programlar\u0131 Merkezi) Ba\u015fkan\u0131 Nuri Birtek, ama\u00e7lar\u0131n\u0131n T\u00fcrkiye&#39;yi AB s\u00fcrecine haz\u0131rlamak oldu\u011funu s\u00f6yledi. Programla T\u00fcrk ve Avrupa&#39;daki \u00f6\u011frencilerin birbirlerini kar\u015f\u0131l\u0131kl\u0131 tan\u0131ma f\u0131rsat\u0131 bulduklar\u0131n\u0131 belirten Birtek, ortak projelerin T\u00fcrkiye&#39;de e\u011fitimin kalitesini y\u00fckseltece\u011fini kaydetti. 8 May\u0131s 2004 itibar\u0131yla AB Komisyonu&#39;nun T\u00fcrkiye i\u00e7in haz\u0131rlad\u0131\u011f\u0131 2003 \u0130lerleme Raporu&#39;nda e\u011fitim programlar\u0131nda Komisyon&#39;la ortak hareket etme amac\u0131 da ger\u00e7ekle\u015fmi\u015f oldu. Programlara bireysel ba\u015fvuru yap\u0131lam\u0131yor. Dernek, vak\u0131f, \u00fcniversite gibi t\u00fczel ki\u015filer Ulusal Ajans&#39;a ba\u015fvuruyor.  <\/p>\n<p> T\u00fcrkiye, AB&#39;ye resmen \u00fcye olamasa da \u00f6zel ili\u015fki kapsam\u0131nda bir\u00e7ok konuda birlikle hareket ediyor. 1996&#39;da kabul edilen G\u00fcmr\u00fck Birli\u011fi ile ekonomik birlik politikalar\u0131n\u0131 uygulayan T\u00fcrkiye, 8 May\u0131s&#39;ta AB Komisyonu&#39;nca kabul edilen AB E\u011fitim ve Gen\u00e7lik Program\u0131 ile e\u011fitim alan\u0131nda ortak projeler \u00fcretmeyi kabul etti.  <\/p>\n<p> A\u011fustos&#39;ta AB&#39;nin\u00a0 &quot;dev\u015firme&quot; program\u0131 Erasmus&#39;a kat\u0131l\u0131m m\u00fcjdesiyle ilgili Tabip T\u00fcmgeneral Dervi\u015f \u015een ise \u015funlar\u0131 s\u00f6yl\u00fcyordu:  <\/p>\n<p> \u00a0\u00a0 G\u00fclhane&#39;den mezun olan 110 tabip te\u011fmen i\u00e7in d\u00fcn G\u00fclhane Askeri T\u0131p Akademisi&#39;nde d\u00fczenlenen t\u00f6rende konu\u015fan Tabip T\u00fcm General Dervi\u015f \u015een &quot;\u00fclkedeki y\u00fcksek \u00f6\u011frenim kalitesini art\u0131rmak, \u00fclkeler aras\u0131 i\u015fbirli\u011fini te\u015fvik etmek amac\u0131yla AB&#39;nin E\u011fitim ve Gen\u00e7lik Program\u0131 olan Socrates Erasmus program\u0131na yapt\u0131klar\u0131 ba\u015fvurunun kabul edildi\u011fini&quot; gururla a\u00e7\u0131kl\u0131yordu.  <\/p>\n<p> \u00a0\u00a0 Peki, Erasmus bir dev\u015firme program\u0131 de\u011fil midir?  <\/p>\n<p> &quot;&#8230; gelecek nesillerin Avrupa i\u00e7inde yeti\u015fmesi&quot; , &quot;&#8230;e\u011fitimde Avrupa Boyutunun geli\u015ftirilmesi&quot; , &quot;\u00f6\u011frencileri Avrupa&#39;ya getirmek, Avrupa&#39;y\u0131 t\u00fcm \u00f6\u011frencilere g\u00f6t\u00fcrmek&quot; , &quot;Avrupa bilincini g\u00fc\u00e7lendirmek&quot; , &quot;AB&#39;nin ekonomik, politik ve y\u00f6netsel yap\u0131s\u0131n\u0131n anla\u015f\u0131lmas\u0131 yoluyla duyarl\u0131l\u0131k art\u0131r\u0131lmas\u0131&quot; , &quot;Bar\u0131\u015f yolunda b\u00fct\u00fcn engelleri, d\u00fc\u015fmanl\u0131klar\u0131, sonradan yarat\u0131lm\u0131\u015f b\u00f6l\u00fcnmeleri ve zorla varsay\u0131lan farkl\u0131l\u0131klar\u0131 a\u015fm\u0131\u015f bir Avrupa&quot;, &quot;Avrupa anlay\u0131\u015f\u0131n\u0131 gen\u00e7ler aras\u0131nda yayg\u0131nla\u015ft\u0131rmak&quot;, &quot; B\u00f6lgesel \u00f6zelliklerin ve k\u00fclt\u00fcrel farkl\u0131l\u0131klar\u0131n Avrupa \u00fcst kimli\u011fiyle bir sentezini olu\u015fturmak&quot; gibi sinsi ve \u015feytani ama\u00e7lar asl\u0131nda:  <\/p>\n<p> \u00a0\u00a0 &quot;&#8230; gelecekte Avrupa&#39;n\u0131n karar alma mekanizmalar\u0131nda g\u00f6rev alacak olan gen\u00e7ler aras\u0131nda ileti\u015fimi ve i\u015fbirli\u011fini artt\u0131rmay\u0131, kar\u015f\u0131l\u0131kl\u0131 ho\u015fg\u00f6r\u00fc geli\u015ftirmeyi&quot; sa\u011flamak bahanesiyle, M\u00fcsl\u00fcman kendi \u00f6z benli\u011fini ve bilincini yitirip &quot;Avrupa Vatanda\u015f\u0131&quot; kimli\u011fi kazan\u0131mlar\u0131n (!) yolunu a\u00e7maktad\u0131r.  <\/p>\n<p> \u00a0\u00a0 Peki bu projenin ad\u0131n\u0131 ald\u0131\u011f\u0131 Filozof Erasmus Kimdir?  <\/p>\n<p> \u00a0\u00a0 Erasmus uzun s\u00fcre \u00f6nce ba\u015flat\u0131lm\u0131\u015f olan bir projenin son aya\u011f\u0131d\u0131r. T\u00fcrkiye a\u00e7\u0131s\u0131ndan Erasmus projesi, bundan sonraki ku\u015faklar\u0131n &#8211; art\u0131k iyice &#8211; Avrupal\u0131 gibi d\u00fc\u015f\u00fcnmesi ve Avrupal\u0131n\u0131n o bildi\u011fimiz \u015farkiyat\u00e7\u0131 bak\u0131\u015f\u0131n\u0131 olumlamas\u0131 anlam\u0131n\u0131 ta\u015f\u0131maktad\u0131r.  <\/p>\n<p> \u00a0\u00a0 Erasmus hakk\u0131nda da sizlere ilgin\u00e7 gelebilece\u011fine inand\u0131\u011f\u0131m\u0131z bir bilgiyi payla\u015fmak istiyoruz. Yazar, Trandafir G.Djuvara&#39;n\u0131n doktora tezi olan &quot;T\u00fcrkiye&#39;nin Payla\u015f\u0131lmas\u0131 Hakk\u0131nda Y\u00fcz Proje&quot; adl\u0131 kitab\u0131nda bu Projelerden birininde ERASMUS&#39;UN PROJES\u0130&quot; oldu\u011fu yaz\u0131l\u0131d\u0131r.  <\/p>\n<p> \u00a0\u00a0 Erasmus (1530) \u00e7a\u011fda\u015f Avrupa g\u00f6r\u00fc\u015f\u00fcn\u00fcn \u00f6nc\u00fclerinden say\u0131lmaktad\u0131r. Ne kadar \u00e7a\u011fda\u015f bir Avrupa d\u00fc\u015f\u00fcn\u00fcr\u00fc oldu\u011funu eserin kendisine ayr\u0131lan k\u0131s\u0131mdan anlayabiliriz umar\u0131m(!)  <\/p>\n<p> \u00a0\u00a0 &quot;Erasmus pek de felsefi say\u0131lmayacak bir \u00fcslupta T\u00fcrklere kar\u015f\u0131 sanki bir iddianame yazm\u0131\u015ft\u0131r. Ona g\u00f6re, &quot;T\u00fcrkler ge\u00e7mi\u015fleri karanl\u0131k barbar insanlar&quot; d\u0131r: Latince : gens barbara obscurae originis; &quot; H\u0131ristiyanlar\u0131n varl\u0131klar\u0131n\u0131\u00a0 s\u00fcrd\u00fcrebilmeleri i\u00e7in T\u00fcrkleri yok etmesi laz\u0131md\u0131r: Sic jugulare turcum ut eixstad christianus, sic dejicere impium exoriatur pius.&quot;  <\/p>\n<p> \u00a0\u00a0 &quot;Erasmus bug\u00fcne kadar T\u00fcrklere kar\u015f\u0131 ba\u015far\u0131s\u0131z pek \u00e7ok sava\u015f verildi\u011finden ve Hristiyanlar\u0131n M\u00fcsl\u00fcman T\u00fcrklere yenilgisinden yak\u0131nmaktad\u0131r. Erasmus&#39;a g\u00f6re, Osmanl\u0131 \u0130mparatorlu\u011fun b\u00fcy\u00fckl\u00fc\u011f\u00fc insan\u0131 korkutmamal\u0131d\u0131r; Roma \u0130mparatorlu\u011fu ve B\u00fcy\u00fck \u0130skender &#8216;in \u0130mparatorlu\u011fu da \u00e7ok b\u00fcy\u00fckt\u00fc ve yenilmez san\u0131l\u0131rd\u0131; oysa gene de y\u0131k\u0131lm\u0131\u015ft\u0131r.  <\/p>\n<p> <\/p>\n<hr \/>\n<p> <a name=\"_ftn1\" href=\"#_ftnref1\" title=\"_ftn1\">[1]<\/a> <a href=\"http:\/\/www.muavenet.ilkturk.org\/\">http:\/\/www.muavenet.ilkturk.org\/<\/a>  <\/p>\n<p> <a name=\"_ftn2\" href=\"#_ftnref2\" title=\"_ftn2\">[2]<\/a> Giresun I\u015f\u0131k Gazetesi \/ 2 &#8211; Temmuz 2005 \/ H\u00fcseyin M\u00fcmtaz\u00a0\u00a0  <\/p>\n","protected":false},"excerpt":{"rendered":"<p>\u00a0  <\/p>\n<p> 26 Haziran 2005 tarihli Washington Times&#39;ta; nedense Bas\u0131n Yay\u0131n&#39;\u0131n &#8216;&#39;D\u0131\u015f Bas\u0131nda T\u00fcrkiye&#39;&#39; b\u00f6l\u00fcm\u00fcnde yer verilmeyen bir makale yay\u0131nland\u0131.  <\/p>\n<p> &#8216;&#39;Avrupa Birli\u011fi&#39;ne (AB) \u00fcyelik \u015fans\u0131n\u0131 g\u00fc\u00e7lendirmek isteyen T\u00fcrkiye&#39;nin askeriyesinin de, ac\u0131 dolu reformlardan ge\u00e7ti\u011fi&#39;&#39; belirtilen makalede ba\u015fl\u0131ca \u00fc\u00e7 konunun alt\u0131 \u00e7izildi.  <\/p>\n<p> 1. T\u00fcrkiye&#39;de silahl\u0131 kuvvetlerin Genelkurmay Ba\u015fkan\u0131 Orgeneral Hilmi \u00d6zk\u00f6k liderli\u011finde daha &quot;transparan&quot; bir hal ald\u0131\u011f\u0131n\u0131n \u00f6ne s\u00fcr\u00fcld\u00fc ve ge\u00e7mi\u015fte oldu\u011funun aksine, orduda ya\u015fanan skandallar\u0131n g\u00fcn \u0131\u015f\u0131\u011f\u0131na \u00e7\u0131kar\u0131lmaya ba\u015fland\u0131\u011f\u0131 ve b\u00f6ylelikle AB&#39;ye de silahl\u0131 kuvvetlerin demokratik olabilece\u011fine dair bir mesaj g\u00f6nderildi\u011fi belirtildi  <\/p>\n","protected":false},"author":30,"featured_media":0,"comment_status":"open","ping_status":"closed","sticky":false,"template":"","format":"standard","meta":{"footnotes":""},"categories":[39],"tags":[],"class_list":["post-295","post","type-post","status-publish","format-standard","hentry","category-ocak-2006"],"_links":{"self":[{"href":"https:\/\/www.millicozum.com\/mc\/wp-json\/wp\/v2\/posts\/295","targetHints":{"allow":["GET"]}}],"collection":[{"href":"https:\/\/www.millicozum.com\/mc\/wp-json\/wp\/v2\/posts"}],"about":[{"href":"https:\/\/www.millicozum.com\/mc\/wp-json\/wp\/v2\/types\/post"}],"author":[{"embeddable":true,"href":"https:\/\/www.millicozum.com\/mc\/wp-json\/wp\/v2\/users\/30"}],"replies":[{"embeddable":true,"href":"https:\/\/www.millicozum.com\/mc\/wp-json\/wp\/v2\/comments?post=295"}],"version-history":[{"count":0,"href":"https:\/\/www.millicozum.com\/mc\/wp-json\/wp\/v2\/posts\/295\/revisions"}],"wp:attachment":[{"href":"https:\/\/www.millicozum.com\/mc\/wp-json\/wp\/v2\/media?parent=295"}],"wp:term":[{"taxonomy":"category","embeddable":true,"href":"https:\/\/www.millicozum.com\/mc\/wp-json\/wp\/v2\/categories?post=295"},{"taxonomy":"post_tag","embeddable":true,"href":"https:\/\/www.millicozum.com\/mc\/wp-json\/wp\/v2\/tags?post=295"}],"curies":[{"name":"wp","href":"https:\/\/api.w.org\/{rel}","templated":true}]}}