{"id":2959,"date":"2014-07-07T19:17:44","date_gmt":"2014-07-07T19:17:44","guid":{"rendered":"https:\/\/www.millicozum.com\/mc\/2014\/07\/07\/ey-akp-yetkilileri-ve-fetvaci-kesimleri-sizi-nasil-bir-akibet-ve-ahiret-beklemektedir\/"},"modified":"2014-07-07T19:17:44","modified_gmt":"2014-07-07T19:17:44","slug":"ey-akp-yetkilileri-ve-fetvaci-kesimleri-sizi-nasil-bir-akibet-ve-ahiret-beklemektedir","status":"publish","type":"post","link":"https:\/\/www.millicozum.com\/mc\/ozel-yazilar\/ey-akp-yetkilileri-ve-fetvaci-kesimleri-sizi-nasil-bir-akibet-ve-ahiret-beklemektedir\/","title":{"rendered":"Ey AKP Yetkilileri ve Fetvac\u0131 Kesimleri; S\u0130Z\u0130 NASIL B\u0130R AKIBET VE AH\u0130RET BEKLEMEKTED\u0130R?"},"content":{"rendered":"\n<p style=\"margin-top: 3pt; margin-bottom: 3pt; text-align: justify; text-indent: 1cm; line-height: 16pt;\"><span style=\"font-family: arial,helvetica,sans-serif; font-size: 12pt;\">\u201c<b><i>Ey \u0130man Edenler, (g\u00f6r\u00fcn\u00fc\u015fte de\u011fil ger\u00e7ekten) iman edin; <\/i><\/b><\/span><\/p>\n<p style=\"margin-top: 3pt; margin-bottom: 3pt; text-align: justify; text-indent: 1cm; line-height: 16pt;\"><span style=\"font-family: arial,helvetica,sans-serif; font-size: 12pt;\"><b><i>ALLAH\u2019a<\/i><\/b>; (her \u015feyin Rabbi, sahibi yegane hakimi ve kuluna kafi (her konuda yeterli, kefil ve vekil) oldu\u011funa)<\/span><\/p>\n<p style=\"margin-top: 3pt; margin-bottom: 3pt; text-align: justify; text-indent: 1cm; line-height: 16pt;\"><span style=\"font-family: arial,helvetica,sans-serif; font-size: 12pt;\"><b><i>RESUL\u00dc\u2019ne<\/i><\/b>; (Hz. Peygamberin en g\u00fczel \u00f6rnek-model, en m\u00fckemmel rehber ve s\u00fcnnetinin hayat sistemi ve huzur prensipleri oldu\u011funa)<\/span><\/p>\n<p style=\"margin-top: 3pt; margin-bottom: 3pt; text-align: justify; text-indent: 1cm; line-height: 16pt;\"><span style=\"font-family: arial,helvetica,sans-serif; font-size: 12pt;\"><b><i>K\u0130TABI\u2019na<\/i><\/b>; (Kur\u2019an\u0131n, ekonomiden siyasete d\u0131\u015f ili\u015fkilerden sosyal adalete b\u00fct\u00fcn h\u00fck\u00fcm ve haberlerin hak ve hay\u0131rl\u0131 oldu\u011funa, bu ilahi kanunlara ayk\u0131r\u0131 b\u00fct\u00fcn kurum, kural ve olu\u015fumlar\u0131n \u015fa\u015fk\u0131nl\u0131k ve \u015feytanl\u0131k say\u0131ld\u0131\u011f\u0131na, \u0130lahi h\u00fck\u00fcmleri b\u0131rak\u0131p bunlara tabi ve taraf olanlar\u0131n inkara ve tu\u011fyana sapt\u0131\u011f\u0131na) <b><i>iman edin ve amelinizle-tarafgirli\u011finizle bunu ispatlay\u0131p g\u00f6sterin<\/i><\/b><strong><i>.\u201d<\/i><\/strong> (Nisa:136)<\/span><\/p>\n<p style=\"margin-top: 3pt; margin-bottom: 3pt; text-align: justify; text-indent: 1cm; line-height: 16pt;\"><span style=\"font-family: arial,helvetica,sans-serif; font-size: 12pt;\"><b><i>\u201c(Ey Resul\u00fcm) Sana indirilen <\/i><\/b><i>(Kur\u2019ana)<b> ve senden \u00f6nce indirilen <\/b>(kitaplar\u0131n asl\u0131na) <b>kesinlikle inand\u0131klar\u0131n\u0131 iddia eden; ancak red ve terk etmekle emrolunmalar\u0131na ra\u011fmen, TA\u011eUT\u2019un <\/b>(b\u00fct\u00fcn bat\u0131l ve zalim sistemler \u00fczerine ve \u0130slam d\u00fc\u015fman\u0131- Kur\u2019an d\u0131\u015f\u0131 kesimler)<b> \u00f6n\u00fcnde mahkeme olmay\u0131 <\/b>(yani bat\u0131l ve bozuk bir d\u00fczen i\u00e7inde ya\u015famay\u0131 isteyen<b>, <\/b>(b\u00f6ylece) <b>\u015feytanlar\u0131n derin bir delaletle sapt\u0131rd\u0131\u011f\u0131 kesinle\u015fen, M\u00dcNAFIK kimseleri g\u00f6rmezmisin; ki onlara \u201c<\/b>(bu \u015ferli ve \u015feytani d\u00fczenleri b\u0131rak\u0131p) <b>Allah\u2019\u0131n indirdi\u011fi <\/b>(Kur\u2019an\u2019\u0131n h\u00fck\u00fcmlerine) <b>ve peygamberin <\/b>(s\u00fcnnetine ve sistemine)<b> gelin!\u201d<\/b><\/i> <b>denildi\u011finde senden nefretle uzakla\u015f\u0131p ka\u00e7t\u0131klar\u0131n\u0131 g\u00f6receksin\u2026\u201d<\/b> (Nisa:60-61)<\/span><\/p>\n<p style=\"margin-top: 3pt; margin-bottom: 3pt; text-align: justify; text-indent: 1cm; line-height: 16pt;\"><span style=\"font-family: arial,helvetica,sans-serif; font-size: 12pt;\"><b><i>\u201cAllah\u2019\u0131n ahdini <\/i><\/b><i>(ve Hak davas\u0131na ba\u011fl\u0131 kalacaklar\u0131 hususundaki sadakat)<b> yeminlerini <\/b>(makam ve menfaat h\u0131rs\u0131yla )<b> az bir paha, yani d\u00fcnyal\u0131k de\u011fersiz \u015feyler kar\u015f\u0131l\u0131\u011f\u0131 satanlar (var ya) i\u015fte onlar i\u00e7in ahirette hi\u00e7 bir pay <\/b>(paye ve \u015feref)<b> olmayacakt\u0131r, k\u0131yamet g\u00fcn\u00fc Allah onlarla konu\u015fmayacak, y\u00fczlerine bakmayacak ve onlar\u0131 temize \u00e7\u0131karmayacakt\u0131r. Onlar <\/b>(dinlerini ve davalar\u0131n\u0131 d\u00fcnyal\u0131k kar\u015f\u0131l\u0131\u011f\u0131 satanlar)<b> i\u00e7in \u00e7ok ac\u0131 ve al\u00e7alt\u0131c\u0131 bir azap vard\u0131r.\u201d <\/b><\/i>(Ali \u0130mran:77) <\/span><\/p>\n<p style=\"margin-top: 3pt; margin-bottom: 3pt; text-align: justify; text-indent: 1cm; line-height: 16pt;\"><span style=\"font-family: arial,helvetica,sans-serif; font-size: 12pt;\"><i>\u201c(Dindar ge\u00e7inmelerine ve dini istismar etmelerine ra\u011fmen, Kur\u2019an nizam\u0131 kar\u015f\u0131t\u0131 ve Hak dava ka\u00e7k\u0131n\u0131)<b> m\u00fcnaf\u0131klar\u0131 \u00f6ylesine ac\u0131 ve al\u00e7alt\u0131c\u0131 bir azapla m\u00fcjdele <\/b>(uyar\u0131p haber ver)<b> ki onlar m\u00fc\u2019minleri <\/b>(\u0130slam karde\u015fli\u011fi cephesini) <b>b\u0131rak\u0131p, k\u00e2firlerin<\/b> (ve zalimlerin) velayetini- himayesini (haks\u0131zl\u0131k ve ahlaks\u0131zl\u0131k temelli Ha\u00e7l\u0131 birlikteli\u011fini)<b> hedef ittihaz ediniyorlar. <\/b>(Bu m\u00fcnaf\u0131klar)<b> \u0130zzeti <\/b>(\u015eeref huzur ve h\u00fcrriyeti)<b> onlar\u0131n <\/b>(bat\u0131l ve barbar odaklar\u0131n)<b> yan\u0131nda m\u0131 ar\u0131yorlar? Oysa b\u00fct\u00fcn izzet <\/b>(kuvvet haysiyet)<b> kesinlikle Allah\u2019\u0131nd\u0131r<\/b> (ve \u0130slam\u2019dad\u0131r)<b>.\u201d<\/b><\/i> (Nisa 138-139)<\/span><\/p>\n<p style=\"margin-top: 3pt; margin-bottom: 3pt; text-align: justify; text-indent: 1cm; line-height: 16pt;\"><span style=\"font-family: arial,helvetica,sans-serif; font-size: 12pt;\"><b>Ey Sn. Diyanet \u0130\u015fleri Ba\u015fkan\u0131 ve muhterem din adamlar\u0131! Ey AKP yanda\u015f\u0131 ilahiyat Proflar\u0131 ve yalaka \u0130slamc\u0131lar\u0131! \u015eayet ayetlere alakas\u0131z ve haks\u0131z mana vermi\u015f, yanl\u0131\u015f ve yan\u0131lt\u0131c\u0131 yorumlar getirmi\u015fsek, l\u00fctfen bizi uyar\u0131n ve do\u011fru olanlar\u0131 siz yaz\u0131n; aksi halde Bakara 159 ve 174 ayetlerinde, ilahi hidayet ve hakikatleri gizleyenlerle ilgili tehditlere muhatap olaca\u011f\u0131n\u0131z\u0131 unutmay\u0131n! Allah Peygamber a\u015fk\u0131na, devlet Millet ve \u00fclke hat\u0131r\u0131na susmay\u0131n!<\/b><\/span><\/p>\n<p style=\"margin-top: 3pt; margin-bottom: 3pt; text-align: justify; text-indent: 1cm; line-height: 16pt;\"><span style=\"font-family: arial,helvetica,sans-serif; font-size: 12pt;\"><b>\u0130slam\u2019a, yani Kur\u2019an\u2019a ve Resulullah\u2019a g\u00f6re; akla vicdana izan ve insafa g\u00f6re; ger\u00e7ek\u00e7i ve ge\u00e7erli hi\u00e7bir mazeret ve mecburiyet olmadan, hi\u00e7bir ciddi zafiyet ve acziyet durumu bulunmadan:<\/b><\/span><\/p>\n<p style=\"margin-top: 3pt; margin-bottom: 3pt; text-align: justify; text-indent: 1cm; line-height: 16pt;\"><span style=\"font-family: arial,helvetica,sans-serif; font-size: 12pt;\"><b>* En yayg\u0131n s\u00f6m\u00fcr\u00fc ve zul\u00fcm arac\u0131 olan FA\u0130Z\u2019i <i>\u201cd\u00fcnya ger\u00e7e\u011fi ve \u00e7a\u011f\u0131n gere\u011fi\u201d<\/i> sayman\u0131n<\/b><\/span><\/p>\n<p style=\"margin-top: 3pt; margin-bottom: 3pt; text-align: justify; text-indent: 1cm; line-height: 16pt;\"><span style=\"font-family: arial,helvetica,sans-serif; font-size: 12pt;\"><b>* AB dayatmas\u0131yla Z\u0130NA\u2019y\u0131 su\u00e7 olmaktan ve ceza almaktan \u00e7\u0131karman\u0131n<\/b><\/span><\/p>\n<p style=\"margin-top: 3pt; margin-bottom: 3pt; text-align: justify; text-indent: 1cm; line-height: 16pt;\"><span style=\"font-family: arial,helvetica,sans-serif; font-size: 12pt;\"><b>* Kur\u2019an\u2019\u0131n \u201chayat sigortas\u0131\u201d olarak vas\u0131fland\u0131rd\u0131\u011f\u0131 KISAS h\u00fckm\u00fcn\u00fc ve \u0130DAM cezas\u0131n\u0131 kald\u0131rman\u0131n<\/b><\/span><\/p>\n<p style=\"margin-top: 3pt; margin-bottom: 3pt; text-align: justify; text-indent: 1cm; line-height: 16pt;\"><span style=\"font-family: arial,helvetica,sans-serif; font-size: 12pt;\"><b>* Siyonist Yahudi sermayesi g\u00fcd\u00fcml\u00fc bir HA\u00c7LI-HIR\u0130ST\u0130YAN Kul\u00fcb\u00fc olan Avrupa Birli\u011fi\u2019ni \u201chayat\u0131n\u0131n stratejik hedefi\u201d yapman\u0131n<\/b><\/span><\/p>\n<p style=\"margin-top: 3pt; margin-bottom: 3pt; text-align: justify; text-indent: 1cm; line-height: 16pt;\"><span style=\"font-family: arial,helvetica,sans-serif; font-size: 12pt;\"><b>* Ve AB-ABD talimat\u0131yla G\u00fcneydo\u011fumuzda, ileride Barzani gibi tam ba\u011f\u0131ms\u0131zl\u0131\u011fa kalk\u0131\u015facak bir PKK \u00f6zerkli\u011fine \u201cbar\u0131\u015f ve \u00e7\u00f6z\u00fcm\u201d k\u0131l\u0131f\u0131 sarman\u0131n; FETVASI, CEZASI, d\u00fcnyevi ve uhrevi KAR\u015eILI\u011eI nedir? A\u00e7\u0131klay\u0131n, hat\u0131rlat\u0131n, halk\u0131m\u0131z\u0131n g\u00fcndemine bunlar\u0131 ta\u015f\u0131y\u0131n ve tart\u0131\u015f\u0131n!.. 07.07.2014 tarihli Rotahaber\u2019de, Zonguldak\u2019\u0131n Devrek il\u00e7esinde Belediye temizlik i\u015f\u00e7isi Sefer B\u2026, sabah kalkt\u0131\u011f\u0131nda 19 ya\u015f\u0131ndaki k\u0131z\u0131 E.B..\u2019yi ayn\u0131 yatakta yabanc\u0131 bir erkekle yakalay\u0131nca, \u015fa\u015fk\u0131nl\u0131\u011fa u\u011fray\u0131p k\u0131z\u0131na bir tokat att\u0131\u011f\u0131 i\u00e7in mahkemeye verilip, \u00f6nce <\/b><b>3 bin 600 <\/b><b>L<\/b><b>ira\u2019ya sonra a\u015f\u0131r\u0131 tahrikten 740 Lira Para cezas\u0131na \u00e7arpt\u0131r\u0131lm\u0131\u015ft\u0131. Zavall\u0131 adam hakimin kendisine <i>\u201cZinan\u0131n cezas\u0131 yok, tokat atman\u0131n var, kanun b\u00f6yle, ben ne yapay\u0131m!?\u201d<\/i> dedi\u011fini de aktarm\u0131\u015ft\u0131. \u0130\u015fte dindar kahraman Recep Bey sayesinde ahlaki rezalet ve hukuki garabet bu noktalara ula\u015fm\u0131\u015ft\u0131\u2026<\/b><\/span><\/p>\n<p style=\"margin: 0cm 0cm 0.0001pt; text-align: justify; text-indent: 1cm; line-height: 16pt;\"><span style=\"font-family: arial,helvetica,sans-serif; font-size: 12pt;\"><b>Ey Cemaatin me\u015fhur Hocas\u0131 ve Risale-i Nur tandansl\u0131 yazar ve yorumcular\u0131! Sizler de, hakimiyet ve ganimet kavgalar\u0131n\u0131, manevi ve uhrevi k\u0131l\u0131fl\u0131 d\u00fcnyevi \u00e7\u0131kar hesaplar\u0131n\u0131 b\u0131rak\u0131p, AKP\u2019nin bu konulardaki tahribat\u0131n\u0131 topluma anlat\u0131n!&#8230;Ama anlatamazs\u0131n\u0131z, bu imani ve Kur\u2019ani ger\u00e7ekleri konu\u015fup yazmaya yana\u015famazs\u0131n\u0131z&#8230; \u00c7\u00fcnk\u00fc sizler de ayn\u0131 bozuk yolun yolcular\u0131, ayn\u0131 AB ve ABD\u2019nin davulcular\u0131, ayn\u0131 Siyonist odaklar\u0131n diyalogcu reklamc\u0131lar\u0131s\u0131n\u0131z!<\/b><\/span><\/p>\n<p style=\"margin: 0cm 0cm 0.0001pt; text-align: justify; text-indent: 1cm; line-height: 16pt;\"><span style=\"font-family: arial,helvetica,sans-serif; font-size: 12pt;\"><b>Acaba, AMER\u0130KA ve Siyonist odaklar bunlar\u0131n TANRI\u2019lar\u0131, Helsinki yasalar\u0131 ve Kopenhag m\u00fcktesebat\u0131 Kutsal K\u0130TAP\u2019lar\u0131, Avrupa Birli\u011fi CENNET-\u0130 ALA\u2019lar\u0131, Demokratik Liberalizim D\u0130N-\u0130MAN\u2019lar\u0131, Fetullah Hoca ve Recep Erdo\u011fan EL\u00c7\u0130L\u0130K Makam\u2019lar\u0131, Washington ve L\u00fcxemburg ise KIBLEGAH\u2019lar\u0131 m\u0131yd\u0131?<\/b><\/span><\/p>\n<p style=\"margin: 0cm 0cm 0.0001pt; text-align: justify; text-indent: 1cm; line-height: 16pt;\"><span style=\"font-family: arial,helvetica,sans-serif; font-size: 12pt;\"><b>ATO Kongre Merkezi&#8217;nde d\u00fczenlenen toplant\u0131da AKP Genel Ba\u015fkan Yard\u0131mc\u0131s\u0131 Mehmet Ali \u015eahin, Cumhurba\u015fkanl\u0131\u011f\u0131 se\u00e7imine ili\u015fkin s\u00fcreci anlatt\u0131ktan sonra, partilerinin aday\u0131n\u0131n Recep Tayyip Erdo\u011fan oldu\u011funu a\u00e7\u0131klam\u0131\u015ft\u0131. Adayl\u0131\u011f\u0131n\u0131n a\u00e7\u0131klanmas\u0131n\u0131n ard\u0131ndan k\u00fcrs\u00fcye gelen Recep Tayyip Erdo\u011fan, <\/b><b>\u015f\u00fck\u00fcr duas\u0131yla ba\u015flay\u0131p, Fatiha Suresi&#8217;nin T\u00fcrk\u00e7esi ile konu\u015fmas\u0131n\u0131 sonland\u0131rm\u0131\u015ft\u0131:<\/b><\/span><\/p>\n<p style=\"margin-top: 3pt; margin-bottom: 3pt; text-align: justify; text-indent: 1cm; line-height: 16pt;\"><span style=\"font-family: arial,helvetica,sans-serif; font-size: 12pt;\"><b><i>&#8220;E\u011fer se\u00e7ilirsek in\u015fallah farkl\u0131 bir cumhurba\u015fkanl\u0131\u011f\u0131n\u0131 ortaya koyaca\u011f\u0131z. Ekonomiyi b\u00fcy\u00fctmek, demokrasiyi ileri standartlara kavu\u015fturmak, AB&#8217;ye tam \u00fcye olmak i\u00e7in daha \u00e7ok \u00e7al\u0131\u015faca\u011f\u0131z. \u00c7\u00f6z\u00fcm s\u00fcrecini bedeli her ne olursa olsun s\u00fcrd\u00fcr\u00fcp hedefine vard\u0131raca\u011f\u0131z\u201d<\/i><\/b> diyen <b>Recep Erdo\u011fan\u2019a hat\u0131rlatmak laz\u0131md\u0131: <\/b>okudu\u011funuz Fatiha\u2019n\u0131n 7. Ayetinde <b><i>\u201cAllah\u2019\u0131m, Gazaba u\u011frayanlar\u0131n (Siyonist Yahudi odaklar\u0131n) ve az\u0131t\u0131p sap\u0131tm\u0131\u015flar\u0131n (Ha\u00e7l\u0131 emperyalist H\u0131ristiyanlar\u0131n) bozuk ve bat\u0131l yoluna kayanlardan etme bizi!\u201d<\/i><\/b><i> <\/i>dedi\u011finiz halde hemen arkas\u0131ndan <b><i>\u201cAB\u2019ye tam \u00fcye olmak i\u00e7in daha \u00e7ok \u00e7al\u0131\u015faca\u011f\u0131z<\/i><\/b><b>\u201d<\/b>demek, ak\u0131l ve anlay\u0131\u015f fukaral\u0131\u011f\u0131 m\u0131d\u0131r, yoksa m\u00fcnaf\u0131kl\u0131k m\u0131d\u0131r? Daha \u00f6nceleri: <b><i>\u201cBirka\u00e7 ayya\u015f\u0131n yapt\u0131\u011f\u0131 yasalarla bir yere var\u0131lmaz\u201d, \u201cLaik M\u00fcsl\u00fcman olunmaz\u201d, \u201cElhamd\u00fclillah \u015eeriat\u00e7\u0131y\u0131z\u201d<\/i><\/b> \u015feklinde hava atan Erdo\u011fan, nas\u0131l b\u00f6yle AB hayran\u0131 olup \u00e7\u0131km\u0131\u015ft\u0131?<\/span><\/p>\n<p style=\"margin-top: 3pt; margin-bottom: 3pt; text-align: justify; text-indent: 1cm; line-height: 16pt;\"><span style=\"font-family: arial,helvetica,sans-serif; font-size: 12pt;\"><b>Emekli Pa\u015fa \u0130smail Hakk\u0131 Pekin; \u201cSadece umut etmek yeterli olmuyor\u201d yaz\u0131s\u0131nda AKP iktidar\u0131na ve Erdo\u011fan\u2019a daha fazla f\u0131rsat verilmesi halinde \u015fu tehlikeli \u00f6ng\u00f6r\u00fclerini dile getirmekteydi:<\/b><\/span><\/p>\n<p style=\"margin: 0cm 0cm 0.0001pt; text-align: justify; text-indent: 1cm; line-height: 16pt;\"><span style=\"font-size: 12pt; font-family: arial,helvetica,sans-serif;\">&#8211;<i>Recep Tayyip Erdo\u011fan, cumhurba\u015fkan\u0131 se\u00e7ilecektir.<\/i><\/span><\/p>\n<p style=\"margin: 0cm 0cm 0.0001pt; text-align: justify; text-indent: 1cm; line-height: 16pt;\"><span style=\"font-family: arial,helvetica,sans-serif; font-size: 12pt;\"><i>-T\u00fcrkiye, parlamenter sistemden ba\u015fkanl\u0131k sistemine rejim de\u011fi\u015ftirecektir.<\/i><\/span><\/p>\n<p style=\"margin: 0cm 0cm 0.0001pt; text-align: justify; text-indent: 1cm; line-height: 16pt;\"><span style=\"font-family: arial,helvetica,sans-serif; font-size: 12pt;\"><i>&#8211;<\/i><b><i>\u0130slami bir y\u00f6netim \u015fekli yerle\u015fecektir.<\/i><\/b><i><\/i><\/span><\/p>\n<p style=\"margin: 0cm 0cm 0.0001pt; text-align: justify; text-indent: 1cm; line-height: 16pt;\"><span style=\"font-family: arial,helvetica,sans-serif; font-size: 12pt;\"><i>-K\u00fcrt \u00f6zerk b\u00f6lgesi tesis ve ilan edilecektir.<\/i><\/span><\/p>\n<p style=\"margin: 0cm 0cm 0.0001pt; text-align: justify; text-indent: 1cm; line-height: 16pt;\"><span style=\"font-family: arial,helvetica,sans-serif; font-size: 12pt;\"><i>-Ba\u015fka \u00f6zerk b\u00f6lgelerin de ortaya \u00e7\u0131kmas\u0131 muhtemeldir.<\/i><\/span><\/p>\n<p style=\"margin: 0cm 0cm 0.0001pt; text-align: justify; text-indent: 1cm; line-height: 16pt;\"><span style=\"font-family: arial,helvetica,sans-serif; font-size: 12pt;\"><i>-E\u011fitim ve \u00f6\u011fretimin ba\u015fka dillerde yap\u0131lmas\u0131 kabul edilecektir.<\/i><\/span><\/p>\n<p style=\"margin: 0cm 0cm 0.0001pt; text-align: justify; text-indent: 1cm; line-height: 16pt;\"><span style=\"font-family: arial,helvetica,sans-serif; font-size: 12pt;\"><i>-Anayasa ve temel yasalar bunlara g\u00f6re de\u011fi\u015fecektir.<\/i><\/span><\/p>\n<p style=\"margin: 0cm 0cm 0.0001pt; text-align: justify; text-indent: 1cm; line-height: 16pt;\"><span style=\"font-family: arial,helvetica,sans-serif; font-size: 12pt;\"><b><i>-Anayasa ve temel yasalar \u0130slami a\u011f\u0131rl\u0131kl\u0131 geli\u015fecektir.<\/i><\/b><\/span><\/p>\n<p style=\"margin: 0cm 0cm 0.0001pt; text-align: justify; text-indent: 1cm; line-height: 16pt;\"><span style=\"font-family: arial,helvetica,sans-serif; font-size: 12pt;\"><i>-Laiklik sadece lafta kalacak veya ba\u015fka bir kar\u015f\u0131l\u0131\u011f\u0131 kullan\u0131larak anlam\u0131n\u0131 yitirecektir.<\/i><\/span><\/p>\n<p style=\"margin: 0cm 0cm 0.0001pt; text-align: justify; text-indent: 1cm; line-height: 16pt;\"><span style=\"font-family: arial,helvetica,sans-serif; font-size: 12pt;\"><i>-Demokrasi sadece hayal olarak kalacakt\u0131r.<\/i><\/span><\/p>\n<p style=\"margin: 0cm 0cm 0.0001pt; text-align: justify; text-indent: 1cm; line-height: 16pt;\"><span style=\"font-family: arial,helvetica,sans-serif; font-size: 12pt;\"><i>-\u00dclkede otokratik ve teok-ratik bir y\u00f6netim \u015fekli olu\u015facakt\u0131r.<\/i><\/span><\/p>\n<p style=\"margin: 0cm 0cm 0.0001pt; text-align: justify; text-indent: 1cm; line-height: 16pt;\"><span style=\"font-family: arial,helvetica,sans-serif; font-size: 12pt;\"><i>-Vah\u015fi kapitalist sistem ac\u0131mas\u0131z bir bi\u00e7imde devam edecektir.<\/i><\/span><\/p>\n<p style=\"margin: 0cm 0cm 0.0001pt; text-align: justify; text-indent: 1cm; line-height: 16pt;\"><span style=\"font-family: arial,helvetica,sans-serif; font-size: 12pt;\"><i>-Ege ve Do\u011fu Akdeniz&#8217;deki hak ve menfaatlerimiz elden gidecektir.<\/i><\/span><\/p>\n<p style=\"margin: 0cm 0cm 0.0001pt; text-align: justify; text-indent: 1cm; line-height: 16pt;\"><span style=\"font-family: arial,helvetica,sans-serif; font-size: 12pt;\"><i>-\u00dclkede etnik, mezhepsel ve laiklikten kaynaklanan i\u00e7 sava\u015f k\u00f6r\u00fcklenecektir.<\/i><\/span><\/p>\n<p style=\"margin: 0cm 0cm 0.0001pt; text-align: justify; text-indent: 1cm; line-height: 16pt;\"><span style=\"font-family: arial,helvetica,sans-serif; font-size: 12pt;\"><i>-&#8220;Ermeni soyk\u0131r\u0131m\u0131&#8221; iddias\u0131 kabul edilecek, T\u00fcrkiye toprak ve tazminat verecektir.<\/i><\/span><\/p>\n<p style=\"margin: 0cm 0cm 0.0001pt; text-align: justify; text-indent: 1cm; line-height: 16pt;\"><span style=\"font-family: arial,helvetica,sans-serif; font-size: 12pt;\"><i>-TSK b\u00f6lgemizdeki \u00e7at\u0131\u015fmalarda, ABD stratejisi kapsam\u0131nda g\u00f6revlendirilecektir.<\/i><\/span><\/p>\n<p style=\"margin: 0cm 0cm 0.0001pt; text-align: justify; text-indent: 1cm; line-height: 16pt;\"><span style=\"font-family: arial,helvetica,sans-serif; font-size: 12pt;\"><i>-D\u0131\u015f politikam\u0131z ABD menfaatleri do\u011frultusunda belirlenecektir.<\/i><\/span><\/p>\n<p style=\"margin: 0cm 0cm 0.0001pt; text-align: justify; text-indent: 1cm; line-height: 16pt;\"><span style=\"font-family: arial,helvetica,sans-serif; font-size: 12pt;\"><i>-Ortado\u011fu ve Afrika&#8217;daki s\u0131n\u0131rlar ABD ve Bat\u0131 planlar\u0131 kapsam\u0131nda de\u011fi\u015ftirilecektir.<\/i><\/span><\/p>\n<p style=\"margin: 0cm 0cm 0.0001pt; text-align: justify; text-indent: 1cm; line-height: 16pt;\"><span style=\"font-family: arial,helvetica,sans-serif; font-size: 12pt;\"><i>-Irak ve Suriye b\u00f6l\u00fcnecektir.<\/i><\/span><\/p>\n<p style=\"margin: 0cm 0cm 0.0001pt; text-align: justify; text-indent: 1cm; line-height: 16pt;\"><span style=\"font-family: arial,helvetica,sans-serif; font-size: 12pt;\"><i>-Kuzey Irak&#8217;ta &#8220;ba\u011f\u0131ms\u0131z K\u00fcrt devleti&#8221; resmile\u015fecektir.<\/i><\/span><\/p>\n<p style=\"margin: 0cm 0cm 0.0001pt; text-align: justify; text-indent: 1cm; line-height: 16pt;\"><span style=\"font-family: arial,helvetica,sans-serif; font-size: 12pt;\"><i>-\u0130ran b\u00f6l\u00fcnecektir.<\/i><\/span><\/p>\n<p style=\"margin: 0cm 0cm 0.0001pt; text-align: justify; text-indent: 1cm; line-height: 16pt;\"><span style=\"font-family: arial,helvetica,sans-serif; font-size: 12pt;\"><i>-T\u00fcrkiye&#8217;dekiler dahil d\u00f6rt par\u00e7adaki K\u00fcrtler birle\u015ferek &#8220;ba\u011f\u0131ms\u0131z ve b\u00fcy\u00fck K\u00fcrdistan&#8221; meydana getirilecektir.<\/i><\/span><\/p>\n<p style=\"margin: 0cm 0cm 0.0001pt; text-align: justify; text-indent: 1cm; line-height: 16pt;\"><span style=\"font-family: arial,helvetica,sans-serif; font-size: 12pt;\"><i>-B\u00f6lgede Suudi Arabistan, \u00dcrd\u00fcn, Katar, T\u00fcrkiye ve M\u0131s\u0131r dahil ABD m\u00fcttefiki \u00fclkeler par\u00e7alan\u0131p gidecektir.<\/i><\/span><\/p>\n<p style=\"margin: 0cm 0cm 0.0001pt; text-align: justify; text-indent: 1cm; line-height: 16pt;\"><span style=\"font-family: arial,helvetica,sans-serif; font-size: 12pt;\"><i>-Filistin sorunu, Sina Yar\u0131madas\u0131&#8217;n\u0131n M\u0131s\u0131r&#8217;a ait olan b\u00f6l\u00fcm\u00fc verilerek \u00e7\u00f6z\u00fclecektir.<\/i><\/span><\/p>\n<p style=\"margin: 0cm 0cm 0.0001pt; text-align: justify; text-indent: 1cm; line-height: 16pt;\"><span style=\"font-family: arial,helvetica,sans-serif; font-size: 12pt;\"><i>-G\u00fcrcistan, Ermenistan ve Azerbaycan&#8217;\u0131n s\u0131n\u0131rlar\u0131 da de\u011fi\u015fecektir.<\/i><\/span><\/p>\n<p style=\"margin: 0cm 0cm 0.0001pt; text-align: justify; text-indent: 1cm; line-height: 16pt;\"><span style=\"font-family: arial,helvetica,sans-serif; font-size: 12pt;\"><b><i>B\u00fct\u00fcn bu olanlar Recep Tayyip Erdo\u011fan&#8217;\u0131n Cumhurba\u015fkan\u0131 se\u00e7ilmesi dahil ne iktidara, ne kendisine ne de muhalefete yarayacakt\u0131r. Sadece ABD, AB ve \u0130srail yararlanacakt\u0131r bu geli\u015fmelerden. \u00dclkemiz ve M\u00fcsl\u00fcman d\u00fcnyas\u0131na lay\u0131k g\u00f6r\u00fclen ise sadece \u00f6l\u00fcm, ac\u0131 ve y\u0131k\u0131md\u0131r. \u00d6ng\u00f6r\u00fcs\u00fczl\u00fck hem iktidar hem muhalefet hem de onlar\u0131n liderlerinin sonu olacakt\u0131r. Ama as\u0131l felaket ve ac\u0131, b\u00f6lge halklar\u0131n\u0131n \u00fczerine d\u00fc\u015fecektir\u201d<\/i><\/b> \u015feklinde do\u011fru ve duyarl\u0131 tespitler yapan Sn. Pekin\u2019in \u201c(Recep T. Erdo\u011fan Cumhurba\u015fkan\u0131 se\u00e7ilirse) <b><i>\u0130slami bir y\u00f6netim \u015fekli getirecek, anayasa ve kanunlar \u0130slam\u2019a g\u00f6re de\u011fi\u015fecektir<\/i><\/b>\u201d tahlilleri ise, l<b><i>Ya \u0130slam d\u00fc\u015fmanl\u0131\u011f\u0131ndan kaynakl\u0131d\u0131r. <\/i><\/b>l<b><i>Veya Erdo\u011fan\u2019\u0131n bedava reklam\u0131n\u0131 yapmak ve M\u00fcsl\u00fcman halk\u0131 Onun tuza\u011f\u0131na itmeye \u00e7al\u0131\u015fmakt\u0131r.<\/i><\/b> \u00c7\u00fcnk\u00fc <b>1-<\/b> <b>Erdo\u011fan bizzat 12 y\u0131l Ba\u015fbakanl\u0131\u011f\u0131nda ve icraat makam\u0131nda kald\u0131\u011f\u0131 halde, \u0130slami kanunlar\u0131 de\u011fil, AB uyum yasalar\u0131n\u0131 esas alm\u0131\u015ft\u0131r. 2- Ve Sn. Pekin zaten ilericilik ad\u0131na Ha\u00e7l\u0131 Bat\u0131n\u0131n \u00e7a\u011fda\u015f (!) kanun ve kurumlar\u0131n\u0131 savunmak sizlerin de alameti farikan\u0131zd\u0131r. \u00d6yle ise AKP\u2019den ne fark\u0131n\u0131z vard\u0131r? Bu \u0130slam kar\u015f\u0131tl\u0131\u011f\u0131 y\u00fcz\u00fcnden halk\u0131m\u0131z\u0131n sizlere itimat ve itibar etmedi\u011fini anlaman\u0131z i\u00e7in daha ka\u00e7 as\u0131r ge\u00e7mesi laz\u0131md\u0131r?<\/b><\/span><\/p>\n<p style=\"margin: 0cm 0cm 0.0001pt; text-align: justify; text-indent: 1cm; line-height: 16pt;\"><span style=\"font-family: arial,helvetica,sans-serif; font-size: 14pt;\"><b>AKP kurmaylar\u0131n\u0131n ve yanda\u015f tak\u0131m\u0131n\u0131n \u0130slamiyet ve samimiyet ayar\u0131!<\/b><\/span><\/p>\n<p style=\"margin: 0cm 0cm 0.0001pt; text-align: justify; text-indent: 1cm; line-height: 16pt;\"><span style=\"font-family: arial,helvetica,sans-serif; font-size: 12pt;\"><b>Art\u0131k d\u00fcr\u00fcst\u00e7e ve net ifadelerle \u015fu sorular\u0131n yan\u0131tlar\u0131n\u0131 beklemek hakk\u0131m\u0131zd\u0131r:<\/b><\/span><\/p>\n<p style=\"margin: 0cm 0cm 0.0001pt; text-align: justify; text-indent: 1cm; line-height: 16pt;\"><span style=\"font-family: arial,helvetica,sans-serif; font-size: 12pt;\"><b>1-<span style=\"font-style: normal; font-variant: normal; font-weight: normal; line-height: normal; font-size-adjust: none; font-stretch: normal; -moz-font-feature-settings: normal; -moz-font-language-override: normal;\">\u00a0<\/span><\/b><b>AKP zihniyeti ve h\u00fck\u00fcmeti; Kur\u2019an\u2019\u0131n emirlerini, helal-haram h\u00fck\u00fcmlerini esas alan bir medeniyet modelini ve \u0130slam Birli\u011fi mi, yoksa AB kriterleri mi ama\u00e7lam\u0131\u015ft\u0131r?<\/b> <\/span><\/p>\n<p style=\"margin: 0cm 0cm 0.0001pt; text-align: justify; text-indent: 1cm; line-height: 16pt;\"><span style=\"font-family: arial,helvetica,sans-serif; font-size: 12pt;\"><b>2-<span style=\"font-style: normal; font-variant: normal; font-weight: normal; line-height: normal; font-size-adjust: none; font-stretch: normal; -moz-font-feature-settings: normal; -moz-font-language-override: normal;\">\u00a0<\/span><\/b><b>Hz. Peygamberin s\u00fcnnetine ve \u00f6\u011fretilerine dayal\u0131 bir hayat sistemi mi, yoksa stratejik ABD m\u00fcttefikli\u011fine k\u0131l\u0131f yap\u0131lan bir demokratur derebeyli\u011fi mi hedef al\u0131nm\u0131\u015ft\u0131r?<\/b> <\/span><\/p>\n<p style=\"margin: 0cm 0cm 0.0001pt; text-align: justify; text-indent: 1cm; line-height: 16pt;\"><span style=\"font-family: arial,helvetica,sans-serif; font-size: 12pt;\"><b>3-<span style=\"font-style: normal; font-variant: normal; font-weight: normal; line-height: normal; font-size-adjust: none; font-stretch: normal; -moz-font-feature-settings: normal; -moz-font-language-override: normal;\">\u00a0<\/span><\/b><b>Erbakan\u2019\u0131n; ekonomik, siyasi, ilmi ve ahlaki AD\u0130L D\u00dcZEN projeleri mi, yoksa faize, zinaya ve kumara resmiyet ve serbestiyet kazand\u0131ran Kapitalist-Liberalist s\u00f6m\u00fcr\u00fc ve k\u00f6lelik rejimi mi, AKP\u2019nin sevdas\u0131d\u0131r?<\/b> <\/span><\/p>\n<p style=\"margin: 0cm 0cm 0.0001pt; text-align: justify; text-indent: 1cm; line-height: 16pt;\"><span style=\"font-family: arial,helvetica,sans-serif; font-size: 12pt;\"><b><i>\u201cEy iman edenler, e\u011fer kendilerine kitap verilen (Yahudi ve H\u0131ristiyanlardan) herhangi bir gruba uyacak olursan\u0131z, sizi iman\u0131n\u0131zdan sonra tekrar k\u00fcfre d\u00f6nd\u00fcr\u00fcrler\u201d<\/i><\/b>(Al-i \u0130mran: 100) ayetini bunlar hi\u00e7 okumam\u0131\u015f m\u0131d\u0131r? <b><i>\u201cAllah\u2019\u0131n indirdi\u011fi \u00f6l\u00e7\u00fclerle h\u00fckmetmeyenlerin k\u00e2firler, zalimler ve fas\u0131k-facirler oldu\u011funu\u201d <\/i><\/b>(Maide: 44-45-47) nas\u0131l unutmu\u015flard\u0131r?<\/span><\/p>\n<p style=\"margin: 0cm 0cm 0.0001pt; text-align: justify; text-indent: 1cm; line-height: 16pt;\"><span style=\"font-family: arial,helvetica,sans-serif; font-size: 12pt;\"><b><i>\u201cBizden olmayan (Yahudilere ve H\u0131ristiyanlar\u0131n ve di\u011fer k\u00e2fir ve m\u00fc\u015frik tak\u0131m\u0131n\u0131n) M\u00fcsl\u00fcmanlara tuzak kurmak ve zarara u\u011fratmak i\u00e7in f\u0131rsat kollad\u0131klar\u0131n\u0131, bizim geli\u015fip g\u00fc\u00e7lenmemize ve huzura eri\u015fmemize asla raz\u0131 olmad\u0131klar\u0131n\u0131 ve hi\u00e7bir zaman samimi dost gibi davranmayacaklar\u0131n\u0131\u201d<\/i><\/b> hat\u0131rlatan (Al-i \u0130mran: 118-119 ve 120) ayetlerini, bu AKP h\u00fck\u00fcmeti ve G\u00fclen cemaati niye hi\u00e7 hesaba katmamaktad\u0131r?<\/span><\/p>\n<p style=\"margin: 0cm 0cm 0.0001pt; text-align: justify; text-indent: 1cm; line-height: 16pt;\"><span style=\"font-family: arial,helvetica,sans-serif; font-size: 12pt;\"><b>Evet evet, ne AKP-CHP kavgas\u0131, ne h\u00fck\u00fcmet cemaat dala\u015fmas\u0131, asla hak ve hakikat tart\u0131\u015fmas\u0131 de\u011fil, sadece makam ve menfaat sevdas\u0131d\u0131r. Ama aziz milletimiz elbette M\u00fcsl\u00fcmand\u0131r, dinine ve devletine ba\u011fl\u0131d\u0131r ve en az %80\u2019i Ha\u00e7l\u0131-empeyalist AB\u2019den de\u011fil, Adil D\u00fczen\u2019den yana tercihini yapacakt\u0131r. Bu AKP\u2019nin Fecr-i Kazip (yalanc\u0131 \u015fafak ve sahte bahar) oldu\u011funu fark edince, herhalde bunlar\u0131n pe\u015fini b\u0131rakacak, \u00f6z\u00fcne k\u00f6k\u00fcne ve kimli\u011fine sahip \u00e7\u0131kacakt\u0131r.<\/b><\/span><\/p>\n<p style=\"margin: 0cm 0cm 0.0001pt; text-align: justify; text-indent: 1cm; line-height: 16pt;\"><span style=\"font-family: arial,helvetica,sans-serif; font-size: 12pt;\"><b><i>\u201cABD\u2019de i\u015f\u00e7i olarak \u00e7al\u0131\u015ft\u0131m\u201d<\/i><\/b><b> diyerek sahte belgelerle bedelli askerlik yapan, oysa g\u00f6sterdi\u011fi tarihlerde fiilen T\u00fcrkiye\u2019de bulunan d\u00fcr\u00fcstl\u00fck ve vatanseverlik timsali (!) <\/b><b>Numan Kurtulmu\u015f<\/b><b> gibilerini, \u00f6nce Milli G\u00f6r\u00fc\u015f\u2019e s\u0131zd\u0131ran, sonra AKP\u2019ye kayd\u0131ran malum ve mel\u2019un odaklar\u0131n g\u00fcd\u00fcm\u00fcndeki bu yamuk yap\u0131dan, milletimiz kesinlikle kurtulacakt\u0131r.<\/b><\/span><\/p>\n<p style=\"margin: 0cm 0cm 0.0001pt; text-align: justify; text-indent: 1cm; line-height: 16pt;\"><span style=\"font-family: arial,helvetica,sans-serif; font-size: 14pt;\"><b>Ekmeleddin \u0130hsano\u011flu\u2019nun \u00f6zge\u00e7mi\u015fi!<\/b><\/span><\/p>\n<p style=\"margin: 0cm 0cm 0.0001pt; text-align: justify; text-indent: 1cm; line-height: 16pt;\"><span style=\"font-size: 12pt; font-family: arial,helvetica,sans-serif;\">Ekmeleddin \u0130hsano\u011flu ad\u0131n\u0131, 12 Eyl\u00fcl 1980 darbesinin ilk g\u00fcnlerinde, T\u00fcrk-\u0130slam sentezinin, Graham Fuller&#8217;in deyi\u015fiyle &#8220;Il\u0131ml\u0131 \u0130slam&#8221; ideolojisinin ilk uygulamalar\u0131ndan olan Uluslararas\u0131 \u0130slam K\u00fclt\u00fcr ve Sanat Tarihi Ara\u015ft\u0131rma Merkezi&#8217;nin (IRCICA) kurulu\u015fuyla g\u00fcndeme gelmi\u015fti. IRCICA, Fethullah G\u00fclen cemaati ile yak\u0131n ili\u015fkideydi. IRCICA 1999 y\u0131l\u0131nda Fethullah G\u00fclen&#8217;in Zaman gazetesi taraf\u0131ndan promosyon olarak da\u011f\u0131t\u0131lan &#8220;Osmanl\u0131 Medeniyeti Tarihi Ansiklopedisi&#8221;ni haz\u0131rlad\u0131. Zaman gazetesi, ansiklopediyi Osmanl\u0131 Devleti&#8217;nin 700&#8217;\u00fcnc\u00fc kurulu\u015f y\u0131ld\u00f6n\u00fcm\u00fc arma\u011fan\u0131 olarak verilmi\u015fti. <\/span><\/p>\n<p style=\"margin: 0cm 0cm 0.0001pt; text-align: justify; text-indent: 1cm; line-height: 16pt;\"><span style=\"font-size: 12pt; font-family: arial,helvetica,sans-serif;\">Ekmeleddin \u0130hsano\u011flu, \u0130KT Genel Sekreteri iken, 13 Aral\u0131k 2013&#8217;te Papa ile g\u00f6r\u00fc\u015fm\u00fc\u015f ve Papa&#8217;n\u0131n, g\u00f6reve geldikten sonra \u0130slam d\u00fcnyas\u0131na kar\u015f\u0131 \u00e7ok m\u00fcspet mesajlar verdi\u011fini s\u00f6ylemi\u015fti. <b><i>\u201cH\u0131ristiyan ve M\u00fcsl\u00fcmanlar\u0131n &#8220;\u0130brahimi din ailesine mensup olduklar\u0131&#8221;<\/i><\/b>n\u0131 belirterek<b><i>: &#8220;(Papa Hazretleri) konu\u015fmas\u0131nda diyalo\u011fun ehemmiyetinden de\u011fil, mecburiyetinden bahsettiler. Tabii bizim i\u00e7in \u00f6nemli bu. Diyoruz ki diyalog, diyalog i\u00e7in de\u011fil, bunun bir hedefi olmal\u0131, neticeye varmal\u0131&#8221;<\/i><\/b> demi\u015fti. \u0130KT Genel Sekreterli\u011fi d\u00f6neminde \u0130hsano\u011flu\u2019na, 11 Ekim 2013&#8217;te ABD&#8217;deki Do\u011fu Bat\u0131 Enstit\u00fcs\u00fc&#8217;nden (EWI) <b>&#8220;Hayat Boyu Ba\u015far\u0131 \u00d6d\u00fcl\u00fc&#8221; <\/b>verilmi\u015fti. Ekmeleddin \u0130hsano\u011flu \u00f6d\u00fcl\u00fcn\u00fc eski Beyaz Saray Ulusal G\u00fcvenlik Dan\u0131\u015fman\u0131 James Jones&#8217;un elinden ald\u0131. \u00d6d\u00fcl gecesinde konu\u015fan EWI Ba\u015fkan\u0131 John Edwin Mroz, <b><i>&#8220;Ho\u015fg\u00f6r\u00fcs\u00fczl\u00fc\u011f\u00fcn ve silahl\u0131 \u00e7at\u0131\u015fmalar\u0131n \u00e7ok yayg\u0131n oldu\u011fu g\u00fcn\u00fcm\u00fczde, Genel Sekreter \u0130hsano\u011flu ho\u015fg\u00f6r\u00fcn\u00fcn ve ihtilaflar\u0131n bar\u0131\u015f\u00e7\u0131l \u015fekilde \u00e7\u00f6z\u00fclmesinin yorulmaz savunucusu oldu&#8221;<\/i><\/b> dile getirmi\u015f. \u0130hsano\u011flu ise, \u0130slam d\u00fcnyas\u0131 ile ABD aras\u0131ndaki dostlu\u011fun her zamankinden daha \u00f6nemli oldu\u011funa dikkat \u00e7ekmi\u015fti.<\/span><\/p>\n<p style=\"margin: 0cm 0cm 0.0001pt; text-align: justify; text-indent: 1cm; line-height: 16pt;\"><span style=\"font-size: 12pt; font-family: arial,helvetica,sans-serif;\">Hat\u0131rlayacaks\u0131n\u0131z Mart 2002\u2019de Saraybosna\u2019da Benevolence Uluslararas\u0131 Fonu adl\u0131 Suudi merkezli bir kurulu\u015fun merkezine bask\u0131n d\u00fczenlemi\u015fti. Suudi Arabistan merkezli bu kurulu\u015fta yap\u0131lan aramada bilgisayarlarda baz\u0131 belgeler ele ge\u00e7irilmi\u015fti. Bunlardan birisi de taranarak bilgisayara aktar\u0131lm\u0131\u015f bir el yaz\u0131s\u0131 belgeydi. Belgede ad\u0131 ge\u00e7en 20 ki\u015fi, Suudi Arabistan k\u00f6kenli multi milyarderlerdi. ABD Hazine Bakanl\u0131\u011f\u0131\u2019n\u0131n \u201cter\u00f6r destek\u00e7isi\u201d kurum olarak ilan etti\u011fi s\u00f6z konusu kurulu\u015fta bulunan listedeki ki\u015filerin, Usame bin Ladin\u2019in El Kaide adl\u0131 \u00f6rg\u00fct\u00fcn\u00fcn ilk finans\u00f6rleri oldu\u011fu belirlenmi\u015fti. Liste, \u201cGolden Chain\u201d, T\u00fcrk\u00e7esiyle \u201cAlt\u0131n Zincir\u201d veya \u201cAlt\u0131n Silsile\u201d olarak kayda ge\u00e7mi\u015fti. Listede ad\u0131 yaz\u0131lanlardan birisi, \u015eeyh Ahmed Zeki Yamani\u2019ydi. \u015eeyh Yamani, 1962\u2019den 1986\u2019ya kadar Suudi Arabistan\u2019\u0131n Petrol Bakanl\u0131\u011f\u0131\u2019n\u0131 y\u00fcr\u00fcten isimdi. 1968-69 y\u0131llar\u0131nda Petrol \u0130hra\u00e7 Eden \u00dclkeler \u00d6rg\u00fct\u00fc\u2019n\u00fcn (OPEC) genel sekreterli\u011fini, 1974-75 aras\u0131nda da bu \u00f6rg\u00fct\u00fcn ba\u015fkanl\u0131\u011f\u0131n\u0131 yapan ki\u015fiydi.<\/span><\/p>\n<p style=\"margin: 0cm 0cm 0.0001pt; text-align: justify; text-indent: 1cm; line-height: 16pt;\"><span style=\"font-family: arial,helvetica,sans-serif; font-size: 14pt;\"><b>CIA BANK RAJH\u0130, HSBC, BCCI \u0130li\u015fkisi.<\/b><\/span><\/p>\n<p style=\"margin: 0cm 0cm 0.0001pt; text-align: justify; text-indent: 1cm; line-height: 16pt;\"><span style=\"font-size: 12pt; font-family: arial,helvetica,sans-serif;\">Listede yer alan ki\u015filerden biri de S\u00fcleyman bin Abd\u00fclaziz Al Rajhi\u2019ydi. Multi milyarder Rajhi\u2019nin, Al Rajhi Bank adl\u0131 bir bankas\u0131 bilinmekteydi. ABD Senatosu\u2019nun 16 Temmuz 2012\u2019de a\u00e7\u0131klanan bir raporuna g\u00f6re, Bin Ladin\u2019in finans\u00f6rleri ve Suudi Arabistan\u2019\u0131n en b\u00fcy\u00fck \u00f6zel bankas\u0131 Al Rajhi Bank ile HSBC aras\u0131nda 2010 y\u0131l\u0131n\u0131n sonuna kadar derin bir ili\u015fki dikkat \u00e7ekiciydi. HSBC de CIA ve MI 6\u2019n\u0131n \u00f6rt\u00fcl\u00fc operasyonlarda kulland\u0131\u011f\u0131, kara para aklama arac\u0131s\u0131 olmakla \u00fcnlenmi\u015fti. Hepsi de Siyonist Yahudi Lobilerinin Suudi ekibiydi.<\/span><\/p>\n<p style=\"margin: 0cm 0cm 0.0001pt; text-align: justify; text-indent: 1cm; line-height: 16pt;\"><span style=\"font-family: arial,helvetica,sans-serif; font-size: 12pt;\"><b>Peki, b\u00fct\u00fcn bunlar\u0131n Ekmeleddin \u0130hsano\u011flu ile ne ilgisi var? Denilebilirdi. El Kaide\u2019nin para kayna\u011f\u0131 oldu\u011fu saptanan \u015eeyh Ahmed Zeki Yamani\u2019nin, kurucusu ve ba\u015fkan\u0131 oldu\u011fu bir vak\u0131f daha tespit edilmi\u015fti. Kendi tan\u0131t\u0131m\u0131na g\u00f6re amac\u0131, \u201c\u0130slami miras\u0131 korumak ve bu konuda ara\u015ft\u0131rmalar yapmak\u201d olan Al-Furqan Vakf\u0131\u2019n\u0131n as\u0131l hedefi, \u0131l\u0131ml\u0131 \u0130slam k\u0131l\u0131fl\u0131 Amerikan \u00e7\u0131karlar\u0131n\u0131 g\u00f6zetmekti. Ba\u015fkan yard\u0131mc\u0131s\u0131 ise Ekmeleddin \u0130hsano\u011flu idi. \u015eeyh Zeki Yamani ile \u00e7ok yak\u0131n ili\u015fkiye sahip olan Ekmeleddin \u0130hsano\u011flu, 5 A\u011fustos 2005\u2019te \u015eeyh Yamani\u2019nin \u0130stanbul\u2019da \u00c7\u0131ra\u011fan Saray\u0131\u2019nda yap\u0131lan k\u0131z\u0131n\u0131n d\u00fc\u011f\u00fcn\u00fcnde ba\u015f konuklardan biriydi. Di\u011fer ba\u015f konuk ise Abdullah G\u00fcl beydi. <\/b><\/span><\/p>\n<p style=\"margin: 0cm 0cm 0.0001pt; text-align: justify; text-indent: 1cm; line-height: 16pt;\"><span style=\"font-family: arial,helvetica,sans-serif; font-size: 14pt;\"><b>AKP ile CHP ayn\u0131 zihniyet ve istikametteydi!<\/b><\/span><\/p>\n<p style=\"margin: 0cm 0cm 0.0001pt; text-align: justify; text-indent: 1cm; line-height: 16pt;\"><span style=\"font-family: arial,helvetica,sans-serif; font-size: 12pt;\"><b>\u00d6calan\u2019\u0131n iste\u011fi CHP teklifi haline getirilmi\u015fti. AKP\u2019nin PKK a\u00e7\u0131l\u0131m\u0131nda Meclis\u2019e sundu\u011fu yeni paketin ard\u0131ndan CHP de \u00d6calan\u2019\u0131n daha \u00f6nce \u00e7izdi\u011fi \u00e7er\u00e7eveye uygun a\u00e7\u0131l\u0131m paketini TBMM\u2019ye vermi\u015fti. Zaten CHP\u2019den gelen a\u00e7\u0131klamalar, partinin a\u00e7\u0131l\u0131m konusunda AKP\u2019den daha hevesli oldu\u011funu g\u00f6stermekteydi. CHP Genel Ba\u015fkan\u0131 Kemal K\u0131l\u0131\u00e7daro\u011flu, AKP\u2019nin yeni \u201ca\u00e7\u0131l\u0131m\u201d paketine \u201cS\u00f6z\u00fcm\u00fcz\u00fcn arkas\u0131nday\u0131z, katk\u0131 verece\u011fiz\u201d deste\u011fini vermi\u015fti. CHP Genel Ba\u015fkan Yard\u0131mc\u0131s\u0131 Sezgin Tanr\u0131kulu da Abdullah \u00d6calan\u2019\u0131n isteklerini tasa teklifi haline getirerek TBMM Ba\u015fkanl\u0131\u011f\u0131\u2019na iletmi\u015fti.<\/b><\/span><\/p>\n<p style=\"margin: 0cm 0cm 0.0001pt; text-align: justify; text-indent: 1cm; line-height: 16pt;\"><span style=\"font-family: arial,helvetica,sans-serif; font-size: 12pt;\"><b>ABD koordinat\u00f6rl\u00fc\u011f\u00fcnde, AKP-\u0130mral\u0131-Kandil aras\u0131nda s\u00fcrd\u00fcr\u00fclen pazarl\u0131klar sonucunda haz\u0131rlanan yeni <\/b><b>\u201cPKK yasas\u0131<\/b><b>\u201d i\u00e7in CHP Genel Ba\u015fkan\u0131 K\u0131l\u0131\u00e7daro\u011flu, teklifte birka\u00e7 d\u00fczenleme yap\u0131lmas\u0131 halinde itirazlar\u0131 olmad\u0131\u011f\u0131n\u0131 bildirmi\u015fti. K\u0131l\u0131\u00e7daro\u011flu, \u201cBiz yasal dayanak istemi\u015ftik. S\u00f6z\u00fcm\u00fcz\u00fcn arkas\u0131nday\u0131z. H\u00fck\u00fcmete verilen yetki denetimsiz olmamal\u0131, Meclis denetlemeli. Mu\u011flak ifadelerle yasad\u0131\u015f\u0131 eylem yapman\u0131n \u00f6n\u00fc a\u00e7\u0131labilir. Meclis\u2019te \u00e7ekincelerimizi s\u00f6yleyip, gerekli katk\u0131y\u0131 verece\u011fiz\u201d demi\u015fti. Bu arada, Abdullah \u00d6calan, \u201ctarihi nitelikte\u201d buldu\u011fu h\u00fck\u00fcmet tasar\u0131s\u0131n\u0131n \u201cs\u00fcrecin yasal zemine ta\u015f\u0131nmas\u0131 a\u00e7\u0131s\u0131ndan son derece \u00f6nemli\u201d oldu\u011funu belirtmi\u015f, CHP\u2019nin \u00e7\u0131kar\u0131lacak yasalara ve s\u00fcrece destek vermesini de istemi\u015fti. <\/b><\/span><\/p>\n<p style=\"margin: 0cm 0cm 0.0001pt; text-align: justify; text-indent: 1cm; line-height: 16pt;\"><span style=\"font-family: arial,helvetica,sans-serif; font-size: 12pt;\"><b>Bu arada Irak B\u00f6lgesel Y\u00f6netiminin \u201cKerk\u00fck\u2019\u00fc ilhak karar\u0131m\u0131zdan T\u00fcrkiye de memnun\u201d a\u00e7\u0131klamas\u0131 h\u0131yaneti de\u015fifre etmekteydi. <\/b>Irak B\u00f6lgesel Y\u00f6netimi\u2019nin \u00fcst d\u00fczey yetkilisi Muhammed \u0130hsan, <b><i>\u201cBa\u011fdat, art\u0131k Kerk\u00fck\u2019\u00fcn K\u00fcrdistan\u2019\u0131n bir par\u00e7as\u0131 oldu\u011funu kabul etmeli\u201d <\/i><\/b>diyerek, <b><i>\u201cT\u00fcrkiye ve \u0130ran\u2019\u0131n karar\u0131ndan memnun olacaklar\u0131ndan eminiz\u201d<\/i><\/b> s\u00f6zleriyle dikkat \u00e7ekmi\u015fti.<\/span><\/p>\n<p style=\"margin: 0cm 0cm 0.0001pt; text-align: justify; text-indent: 1cm; line-height: 16pt;\"><span style=\"font-family: arial, helvetica, sans-serif; font-size: 14pt;\"><b>B\u00f6ylece ikinci \u0130srail olacak K\u00fcrdistan, AKP\u2019nin kollar\u0131nda b\u00fcy\u00fct\u00fclmekteydi!<\/b><\/span><\/p>\n<p style=\"margin: 0cm 0cm 0.0001pt; text-align: justify; text-indent: 1cm; line-height: 16pt;\"><span style=\"font-family: arial,helvetica,sans-serif; font-size: 12pt;\"><b>Evet, Irak K\u00fcrdistan B\u00f6lgesi Petrol Bakan\u0131 A\u015fti Havrami, <\/b><b><i>&#8220;Ba\u011f\u0131ms\u0131zl\u0131k ilan\u0131 olursa Ankara&#8217;dan habersiz yap\u0131lmaz&#8221; <\/i><\/b><b>demi\u015fti. AKP h\u00fck\u00fcmeti ile petrol pazarl\u0131klar\u0131n\u0131n merkezinde yer alan Havrami, H\u00fcrriyet&#8217;te yay\u0131nlanan r\u00f6portajda, Barzani y\u00f6netiminin bu a\u015famadaki hedefini de, &#8220;b\u00f6lgelerin daha etkin olaca\u011f\u0131 konfederal bir y\u00f6netim&#8221; olarak belirtmi\u015fti. Havrami&#8217;nin s\u00f6zleri, Ankara ile Erbil aras\u0131nda s\u0131k\u0131 bir e\u015fg\u00fcd\u00fcm\u00fcn oldu\u011funu g\u00f6stermekteydi. Havrami&#8217;nin y\u0131llardan beri, Enerji Bakan\u0131 Taner Y\u0131ld\u0131z ve Irak&#8217;\u0131n kuzeyinde ihaleler alan Tayyip Erdo\u011fan&#8217;a yak\u0131n i\u015fadamlar\u0131yla sa\u011flam ili\u015fkilere sahip oldu\u011fu zaten bilinmekteydi. Bu arada Erdo\u011fan&#8217;\u0131n Irak T\u00fcrkmen Cephesi Ba\u015fkan\u0131 Er\u015fad Salihi&#8217;ye s\u00f6yledi\u011fi &#8220;Kerk\u00fck de Musul da \u00f6zerk b\u00f6lge olacak&#8221; a\u00e7\u0131klamas\u0131 ve AKP&#8217;nin misafiri Tar\u0131k el Ha\u015fimi&#8217;nin I\u015e\u0130D i\u015fgaliyle ba\u015flayan operasyondaki ortakl\u0131\u011f\u0131, e\u015fg\u00fcd\u00fcm\u00fcn \u00f6nemli bir kan\u0131t\u0131 niteli\u011findeydi.<\/b><\/span><\/p>\n<p style=\"margin: 0cm 0cm 0.0001pt; text-align: justify; text-indent: 1cm; line-height: 16pt;\"><span style=\"font-family: arial,helvetica,sans-serif; font-size: 12pt;\"><b>I\u015e\u0130D&#8217;in Haziran ay\u0131 ba\u015f\u0131nda ba\u015flatt\u0131\u011f\u0131 Musul i\u015fgalinin ard\u0131ndan Barzani y\u00f6netimi Pe\u015fmergesi, ba\u015fta Kerk\u00fck olmak \u00fczere 2003&#8217;teki Amerikan i\u015fgalinden itibaren Irak topraklar\u0131nda denetimi ele ge\u00e7irmi\u015fti. Irak K\u00fcrt B\u00f6lgesi&#8217;nin, Irak Anayasas\u0131&#8217;na uygun olarak hakimiyeti alt\u0131ndaki topraklara g\u00f6re \u00fc\u00e7te bir oran\u0131nda daha geni\u015f bir b\u00f6lgede askeri kontrol\u00fc ele ge\u00e7irdi\u011fi s\u00f6ylenmekteydi. Ancak Barzani y\u00f6netimi, bu b\u00f6lgede mevcut y\u00f6netim mekanizmalar\u0131n\u0131 ele ge\u00e7irmi\u015f de\u011fildi. \u0130srail Ba\u015fbakan\u0131 Benyamin Netanyahu, b\u00f6lgedeki \u0131l\u0131ml\u0131 g\u00fc\u00e7lerle \u0130srail aras\u0131ndaki ittifak\u0131n bir par\u00e7as\u0131 olarak ba\u011f\u0131ms\u0131z K\u00fcrdistan&#8217;\u0131n kurulmas\u0131 gerekti\u011fini s\u00f6ylemi\u015fti. Tel-Aviv \u00dcniversitesi Milli G\u00fcvenlik Ara\u015ft\u0131rmalar\u0131 Enstit\u00fcs\u00fc&#8217;nde konu\u015fan Netenyahu<i>, &#8220;K\u00fcrtler m\u00fccadeleleriyle ba\u011f\u0131ms\u0131zl\u0131\u011fa lay\u0131kt\u0131r&#8221;<\/i> demi\u015fti. \u0130srail Cumhurba\u015fkan\u0131 \u015eimon Peres de, ABD Ba\u015fkan\u0131 Barack Obama ile yapt\u0131\u011f\u0131 g\u00f6r\u00fc\u015fmede <i>&#8220;K\u00fcrtler defakto olarak devletlerini kurmu\u015f durumda. T\u00fcrkiye de onlarla petrol ticareti yaparak buna haz\u0131r oldu\u011funu g\u00f6steriyor&#8221;<\/i> s\u00f6zlerini sarf etmi\u015fti. <\/b>Bu a\u00e7\u0131klamayla e\u015fzamanl\u0131 olarak, Yarg\u0131tay Cumhuriyet Ba\u015fsavc\u0131l\u0131\u011f\u0131 &#8220;T\u00fcrkiye K\u00fcrdistan\u0131&#8221; ifadesini yasalla\u015ft\u0131ran bir karara imzalay\u0131vermi\u015fti. AKP S\u00f6zc\u00fcs\u00fc H\u00fcseyin \u00c7elik de <b><i>&#8220;Onlar\u0131n ad\u0131 K\u00fcrdistan ve bunun kabul edilmesi gerekli&#8221;<\/i><\/b>diyerek AKP ad\u0131na K\u00fcrdistan&#8217;\u0131 tan\u0131ma sinyali vermi\u015fti.<\/span><\/p>\n<p style=\"margin: 0cm 0cm 0.0001pt; text-align: justify; text-indent: 1cm; line-height: 16pt;\"><span style=\"font-family: arial,helvetica,sans-serif; font-size: 14pt;\"><b>\u0130slamc\u0131 yazar\u0131n serzeni\u015fleri!<\/b><\/span><\/p>\n<p style=\"margin-top: 3pt; margin-bottom: 3pt; text-align: justify; text-indent: 1cm; line-height: 16pt;\"><span style=\"font-family: arial,helvetica,sans-serif; font-size: 12pt;\"><b><i>\u201cBask\u0131dan, tehditlerden, karalama kampanyalar\u0131ndan korktu\u011fumuz i\u00e7in ger\u00e7ek tabloyu yazam\u0131yoruz. \u201cBar\u0131\u015f s\u00fcreci\u201d iki ki\u015finin ki\u015fisel h\u0131rs ve cambazl\u0131\u011f\u0131na malzeme yap\u0131lm\u0131\u015f, buna ses \u00e7\u0131karam\u0131yoruz. \u201c\u0130ki y\u0131ld\u0131r cenaze gelmiyor, az m\u0131?\u201d sorusuyla olu\u015fturulan \u201cbeterin beteri var\u201d alg\u0131s\u0131 daha iyisini istememizin \u00f6n\u00fcne ge\u00e7iyor. Sanki ger\u00e7ek, i\u00e7i dolu ve haysiyetli bir bar\u0131\u015f yap\u0131lamazm\u0131\u015f gibi ortal\u0131ktaki bu pespayeli\u011fe itiraz edemiyoruz.<\/i><\/b><\/span><\/p>\n<p style=\"margin-top: 3pt; margin-bottom: 3pt; text-align: justify; text-indent: 1cm; line-height: 16pt;\"><span style=\"font-family: arial,helvetica,sans-serif; font-size: 12pt;\"><b><i>Ba\u015fbakan \u015fehirlerde \u00e7ocuklar\u0131 \u00f6ld\u00fcren polisleri kahraman ilan ediyor. PKK h\u00e2l\u00e2 13-14 ya\u015f\u0131ndaki \u00e7ocuklar\u0131 da\u011fa ka\u00e7\u0131r\u0131p kendi saflar\u0131na kat\u0131yor. Biz de bu h\u00fck\u00fcmet ile \u00e7etenin liderinin mutabakat\u0131na \u201cbar\u0131\u015f\u201d diyoruz. Bask\u0131n\u0131n, tahamm\u00fcls\u00fczl\u00fc\u011f\u00fcn, ki\u015fisel h\u0131rs\u0131n, despotlu\u011fun her taraf\u0131 kas\u0131p kavurdu\u011fu bir ortamda bar\u0131\u015f serab\u0131 g\u00f6r\u00fcyoruz. \u0130ktidar\u0131n K\u00fcrt politikas\u0131nda \u00f6zg\u00fcrl\u00fck\u00e7\u00fc, demokrat, ho\u015fg\u00f6r\u00fcl\u00fc, nazik, istikrarl\u0131 olabilece\u011fini san\u0131yoruz. G\u00fcvenin, s\u00f6z\u00fcn\u00fcn eri olman\u0131n, sayg\u0131n\u0131n, fedak\u00e2rl\u0131\u011f\u0131n olmad\u0131\u011f\u0131 bir bar\u0131\u015f s\u00fcrecinden bu \u00fclkeye bir fayda gelece\u011fini d\u00fc\u015f\u00fcn\u00fcyoruz. 14 ya\u015f\u0131ndaki \u00e7ocuklar\u0131 da\u011fa ka\u00e7\u0131ran, sokak \u00e7etesi gibi hareket eden bir toplulu\u011fa \u201c\u00f6zg\u00fcrl\u00fck sava\u015f\u00e7\u0131s\u0131\u201d muamelesi yap\u0131yoruz. Bu \u00e7eteden asalet ve selamet bekliyoruz ve yan\u0131ld\u0131\u011f\u0131m\u0131z\u0131 g\u00f6rd\u00fc\u011f\u00fcm\u00fcz halde t\u00fcm bunlara ses \u00e7\u0131karam\u0131yoruz. Ve b\u00f6ylece bir s\u00fcrece \u201cBar\u0131\u015f\u201d diyerek kendimizi ve birbirimizi kand\u0131r\u0131yoruz.<\/i><\/b><\/span><\/p>\n<p style=\"margin-top: 3pt; margin-bottom: 3pt; text-align: justify; text-indent: 1cm; line-height: 16pt;\"><span style=\"font-family: arial,helvetica,sans-serif; font-size: 12pt;\"><b><i>Resmen al g\u00fcl\u00fcm, ver g\u00fcl\u00fcm tavr\u0131 sergileniyor. Kar\u015f\u0131l\u0131kl\u0131 tehditler, kurnazl\u0131klar, siyasi kazan\u0131m hesaplar\u0131; bar\u0131\u015f ad\u0131 alt\u0131nda b\u00fcy\u00fck bir kumar oynan\u0131yor. Hi\u00e7 birimiz K\u00fcrtlerin h\u00fck\u00fcmetten ne istedi\u011fini bilmiyoruz. Kapal\u0131 kap\u0131lar ard\u0131nda s\u00fcrd\u00fcr\u00fclen pazarl\u0131klar\u0131 bilmiyoruz. Tayyip Erdo\u011fan neyi veriyormu\u015f gibi yap\u0131p cumhurba\u015fkanl\u0131\u011f\u0131 se\u00e7imlerinde K\u00fcrtlerin oyunu alacak, bilmiyoruz. Abdullah \u00d6calan neyden vaz ge\u00e7ecek, veyahut ne vaat edecek de tutsakl\u0131\u011f\u0131n\u0131 \u00f6zg\u00fcrl\u00fc\u011fe d\u00f6n\u00fc\u015ft\u00fcrecek, bilmiyoruz. K\u00fcrtlerin oyu ni\u00e7in birka\u00e7 ki\u015finin cebinde? Buna bile yad\u0131rgam\u0131yoruz.<\/i><\/b><\/span><\/p>\n<p style=\"margin-top: 3pt; margin-bottom: 3pt; text-align: justify; text-indent: 1cm; line-height: 16pt;\"><span style=\"font-family: arial,helvetica,sans-serif; font-size: 12pt;\"><b><i>\u0130ktidara sormam\u0131z gerekmez mi: Ni\u00e7in sorunlar\u0131 bir b\u00fct\u00fcn olarak de\u011fil de, par\u00e7a par\u00e7a ve bir pazarl\u0131\u011fa matuf olarak g\u00fcndeme ta\u015f\u0131yorsunuz? Neden ki\u015fisel \u00e7\u0131karlar\u0131n\u0131z\u0131 bir kenara b\u0131rak\u0131p bu \u00fclkede ya\u015fayan herkese \u00f6zg\u00fcr, itibarl\u0131, haysiyetli bir yurtta\u015fl\u0131k sa\u011flam\u0131yorsunuz? K\u00fcrtlerin ne istedi\u011fini, ve sizin ne verebilece\u011finizi bu toplumun \u00f6n\u00fcnde ni\u00e7in a\u00e7\u0131k y\u00fcreklilikle s\u00f6ylemiyorsunuz? Tayyip Erdo\u011fan kendi ki\u015fisel hedeflerine varmak i\u00e7in ald\u0131\u011f\u0131 risklerin onda birini \u00fclkenin sorunlar\u0131n\u0131 \u00e7\u00f6zmek i\u00e7in alsayd\u0131 bug\u00fcn d\u00fcnyan\u0131n en \u00f6zg\u00fcr ve demokrat \u00fclkesi olurduk. Despot, tahamm\u00fcls\u00fcz, megaloman, bilgelikten ve derinlikten uzak iki mahalle liderinden d\u00fcnya lideri gibi davran\u0131p \u00fcst\u00fcn nitelikli bir bar\u0131\u015f yapmalar\u0131n\u0131 bekliyoruz\u201d<b>[1]<\/b><\/i><\/b> diyen yazar\u0131n bu uyan\u0131\u015f\u0131na ve uyar\u0131lar\u0131na seviniyoruz, ama <b>\u201cya hu tam 12 y\u0131l boyunca Erdo\u011fan\u2019\u0131, <\/b><b><i>bar\u0131\u015f ve hay\u0131rda yar\u0131\u015f kahraman\u0131, AKP iktidar\u0131n\u0131 ise tarihi kalk\u0131nma ve ba\u011f\u0131ms\u0131zl\u0131k kervan\u0131\u201d<\/i><\/b> <b>diye \u00f6vd\u00fcklerinizi ne \u00e7abuk unutuyorsunuz? diye sormadan da edemiyoruz.<\/b><\/span><\/p>\n<p style=\"margin: 0cm 0cm 0.0001pt; text-align: justify; text-indent: 1cm; line-height: 16pt;\"><strong><span style=\"font-size: 14pt; font-family: arial,helvetica,sans-serif;\">Ortado\u011fu Cehenneminin temelini atan gizli anla\u015fman\u0131n haritas\u0131<\/span><\/strong><\/p>\n<p style=\"margin-top: 3pt; margin-bottom: 3pt; text-align: justify; text-indent: 1cm; line-height: 16pt;\"><span style=\"font-family: arial,helvetica,sans-serif; font-size: 12pt;\"><b>1916 y\u0131l\u0131nda Sykes &#8211; Picot haritas\u0131 bug\u00fcn Ortado\u011fu&#8217;nun ya\u015fad\u0131\u011f\u0131 cehennemin haz\u0131rlay\u0131c\u0131s\u0131yd\u0131. I\u015e\u0130D ile birlikte Irak \u015fimdi 3 par\u00e7aya ayr\u0131lacakt\u0131. ABD tezlerine g\u00f6re Suriye&#8217;den ise 4 ayr\u0131 devlet \u00e7\u0131kacakt\u0131. Arap Bahar\u0131 ile savrulan Ortado\u011fu&#8217;da s\u0131n\u0131rlar yeniden \u015fekillenirken, bug\u00fcnk\u00fc cehennemi yaratan \u0130ngiltere ve Fransa&#8217;n\u0131n 1. D\u00fcnya sava\u015f\u0131nda masa ba\u015f\u0131nda haz\u0131rlad\u0131klar\u0131 gizli haritas\u0131yd\u0131. 20&#8217;inci y\u00fczy\u0131lda ya\u011fl\u0131 kalemle \u00e7izilen Sykes Picot haritas\u0131, Ortado\u011fu&#8217;nun bug\u00fcn ya\u015fad\u0131\u011f\u0131 kaosun ba\u015flang\u0131c\u0131yd\u0131. \u0130ngiliz ve Frans\u0131zlar\u0131n 100 y\u0131ll\u0131k planlar\u0131na dair h\u0131rslar\u0131n\u0131 ve \u00e7\u0131lg\u0131nl\u0131klar\u0131n\u0131 g\u00f6steren harita, b\u00f6lgenin cetvelle \u00e7izilip gizli anla\u015fmayla b\u00f6l\u00fcnmesine yol a\u00e7m\u0131\u015ft\u0131. <\/b>Ortado\u011fu&#8217;nun bug\u00fcnk\u00fc haritas\u0131<b> \u0130ngiltere<\/b> h\u00fck\u00fcmetini temsil eden <b>Mark Sykes<\/b> ve Fransa h\u00fck\u00fcmetini temsil eden <b>Francois Georges-Picot<\/b> taraf\u0131ndan 1916 y\u0131l\u0131nda haz\u0131rlanm\u0131\u015ft\u0131. <\/span><\/p>\n<p style=\"margin-top: 3pt; margin-bottom: 3pt; text-align: justify; text-indent: 1cm; line-height: 16pt;\"><span style=\"font-family: arial,helvetica,sans-serif; font-size: 12pt;\"><b>Sykes ve Picot s\u00f6m\u00fcrge imparatorlu\u011funun yeti\u015ftirdi\u011fi Yahudi as\u0131ll\u0131 mason insanlard\u0131 ve Osmanl\u0131 topraklar\u0131ndaki bu b\u00f6lgenin Avrupa\u2019n\u0131n himayesi alt\u0131nda daha iyi ko\u015fullarda olabilece\u011fine inanan aristokratlard\u0131. Her ikisi de Orta Do\u011fu&#8217;ya dair derin bilgilere sahip Siyonist diplomatlard\u0131. Birinci D\u00fcnya Sava\u015f\u0131&#8217;n\u0131n yaratt\u0131\u011f\u0131 karma\u015fan\u0131n ortas\u0131nda alelacele y\u00fcr\u00fctt\u00fckleri m\u00fczakerelerde var\u0131lan anla\u015fman\u0131n prensipleri bug\u00fcn hala Orta Do\u011fu&#8217;yu kar\u0131\u015ft\u0131rmakta ve B\u00fcy\u00fck \u0130srail projesine zemin olu\u015fturmaktayd\u0131. Malum BOP\u2019un g\u00fcn\u00fcm\u00fczdeki T\u00fcrkiye kahyas\u0131 ise Recep T. Erdo\u011fan\u2019d\u0131!?<\/b><\/span><\/p>\n<p>\u00a0<\/p>\n<hr \/>\n<p><span style=\"font-family: arial,helvetica,sans-serif; font-size: 12pt;\"><a id=\"ftn1\" style=\"vertical-align: super;\" href=\"#ftnref1\">[1]<\/a> \u0130nternethaber\/ Levent G\u00fcltekin \/ 29 06 2014<\/span><\/p>\n<p><span style=\"font-family: arial,helvetica,sans-serif; font-size: 12pt;\">\u00a0<\/span><\/p>\n","protected":false},"excerpt":{"rendered":"<p>\u201cEy \u0130man Edenler, (g\u00f6r\u00fcn\u00fc\u015fte de\u011fil ger\u00e7ekten) iman edin; ALLAH\u2019a; (her \u015feyin Rabbi, sahibi yegane hakimi ve kuluna kafi (her konuda yeterli, kefil ve vekil) oldu\u011funa) RESUL\u00dc\u2019ne; (Hz. Peygamberin en g\u00fczel \u00f6rnek-model, en m\u00fckemmel rehber ve s\u00fcnnetinin hayat sistemi ve huzur prensipleri oldu\u011funa) K\u0130TABI\u2019na; (Kur\u2019an\u0131n, ekonomiden siyasete d\u0131\u015f ili\u015fkilerden sosyal adalete b\u00fct\u00fcn h\u00fck\u00fcm ve haberlerin hak [&hellip;]<\/p>\n","protected":false},"author":13,"featured_media":0,"comment_status":"open","ping_status":"closed","sticky":false,"template":"","format":"standard","meta":{"footnotes":""},"categories":[98],"tags":[],"class_list":["post-2959","post","type-post","status-publish","format-standard","hentry","category-ozel-yazilar"],"_links":{"self":[{"href":"https:\/\/www.millicozum.com\/mc\/wp-json\/wp\/v2\/posts\/2959","targetHints":{"allow":["GET"]}}],"collection":[{"href":"https:\/\/www.millicozum.com\/mc\/wp-json\/wp\/v2\/posts"}],"about":[{"href":"https:\/\/www.millicozum.com\/mc\/wp-json\/wp\/v2\/types\/post"}],"author":[{"embeddable":true,"href":"https:\/\/www.millicozum.com\/mc\/wp-json\/wp\/v2\/users\/13"}],"replies":[{"embeddable":true,"href":"https:\/\/www.millicozum.com\/mc\/wp-json\/wp\/v2\/comments?post=2959"}],"version-history":[{"count":0,"href":"https:\/\/www.millicozum.com\/mc\/wp-json\/wp\/v2\/posts\/2959\/revisions"}],"wp:attachment":[{"href":"https:\/\/www.millicozum.com\/mc\/wp-json\/wp\/v2\/media?parent=2959"}],"wp:term":[{"taxonomy":"category","embeddable":true,"href":"https:\/\/www.millicozum.com\/mc\/wp-json\/wp\/v2\/categories?post=2959"},{"taxonomy":"post_tag","embeddable":true,"href":"https:\/\/www.millicozum.com\/mc\/wp-json\/wp\/v2\/tags?post=2959"}],"curies":[{"name":"wp","href":"https:\/\/api.w.org\/{rel}","templated":true}]}}