{"id":296,"date":"2006-11-25T05:42:10","date_gmt":"2006-11-25T05:42:10","guid":{"rendered":"https:\/\/www.millicozum.com\/mc\/2006\/11\/25\/entel-genen-lamci-yetmeler\/"},"modified":"2006-11-25T05:42:10","modified_gmt":"2006-11-25T05:42:10","slug":"entel-gecinen-islamci-yetmeler","status":"publish","type":"post","link":"https:\/\/www.millicozum.com\/mc\/2006\/ocak-2006\/entel-gecinen-islamci-yetmeler\/","title":{"rendered":"ENTEL GE\u00c7\u0130NEN \u0130SLAMCI YETMELER!"},"content":{"rendered":"<p>\u00a0  <\/p>\n<p> 9 Kas\u0131m 2005 Milli Gazetedeki Yaz\u0131s\u0131nda \u0130brahim Tenekecinin &quot;Ku\u015faklar\u0131n \u00dcstatlar\u0131n\u0131 ve \u0130smet \u00d6zel hayranl\u0131\u011f\u0131n\u0131&quot; dile getiren yaz\u0131s\u0131 okuyunca, dostu Ahmet Hakan&#39;\u0131 hat\u0131rlad\u0131k. Se\u00e7imler yakla\u015f\u0131yor&#8230; (mu\u015f&#8230; Acaba kendisi ve Ahmet Hakan a\u011fbisi de adaym\u0131y m\u0131\u015f&#8230;)  <\/p>\n<p> &quot;Her \u015fair kendi okuyucusunu s\u0131f\u0131rdan olu\u015fturur. Yine, her ku\u015fak kendi \u015fairini se\u00e7er. Ve her ku\u015fa\u011f\u0131n &quot;\u00fcstad&quot; bildi\u011fi \u015fair bir tanedir.  <\/p>\n<p> Mesela yetmi\u015f ku\u015fa\u011f\u0131, yani bug\u00fcn elli \/ altm\u0131\u015f ya\u015f aras\u0131nda olanlar, \u015fairleri olarak Necip Faz\u0131l K\u0131sak\u00fcrek&#39;i se\u00e7mi\u015flerdir. Muhterem Hasan Ayc\u0131n&#39;dan Mustafa Miyaso\u011flu&#39;na, Ali Haydar Haksal&#39;dan \u0130brahim Balc\u0131&#39;ya kadar, bu ku\u015fa\u011f\u0131n \u00f6nemli isimleri Necip Faz\u0131l&#39;\u0131 \u00e7ok sever, sayar, en yukar\u0131ya onun ismini yazarlar. Hem \u015fair, hem yazar olarak.  <\/p>\n<p>  \u00a0  <\/p>\n<p> Seksen ku\u015fa\u011f\u0131n\u0131n \u015fairi ve \u00fcstad\u0131 Sezai Karako\u00e7&#39;tur. Karako\u00e7&#39;un \u015fiir ve yaz\u0131lar\u0131, bu ku\u015fak i\u00e7in \u00e7ok \u00f6nemli metinlerdir. Seksen ku\u015fa\u011f\u0131n\u0131n dikkat \u00e7eken isimlerine bakt\u0131\u011f\u0131m\u0131zda; mesela Necat \u00c7avu\u015f ve \u015eaban Abak&#39;a, \u00d6mer Erdem ve Ebubekir Ero\u011flu&#39;na, bu \u015fairlerin Karako\u00e7 \u00e7izgisinde olduklar\u0131n\u0131 g\u00f6r\u00fcr\u00fcz.  <\/p>\n<p> Doksan ku\u015fa\u011f\u0131n\u0131n &quot;\u00fcstad&quot; olarak se\u00e7ti\u011fi isim \u0130smet \u00d6zel&#39;dir. \u0130smet \u00d6zel, yaz\u0131 ve \u015fiirleriyle, doksan ku\u015fa\u011f\u0131n\u0131 derinden etkilemi\u015f, y\u00f6nlendirmi\u015ftir. Dikkat edilirse, bu ku\u015fa\u011f\u0131n kayda de\u011fer isimleri, \u0130smet \u00d6zel&#39;in izini s\u00fcrenlerdir. Dergilerde yay\u0131nlanan bir\u00e7ok \u015fiirde \u0130smet \u00d6zel etkisi vard\u0131r. Yetmi\u015fli y\u0131llarda yay\u0131nlanan \u015fiirlerde Necip Faz\u0131l, seksenli y\u0131llarda yay\u0131nlanan \u015fiirlerde Sezai Karako\u00e7 etkisinin olmas\u0131 gibi&quot;.  <\/p>\n<p> \u0130lgin\u00e7tir&#8230; Bu ki\u015filerin ortak \u00f6zellikleri, Milli G\u00f6r\u00fc\u015f hareketine ve \u015fahsi manevisine, en sonunda hakaret ve h\u0131yanet etmeleridir.  <\/p>\n<p> Acaba bunlara duyulan \u00e7ok derin h\u00fcrmet ve engin muhabbet yoksa Erbakan&#39;a duyulan, ama erkek\u00e7e a\u00e7\u0131\u011fa vurulamayan gizli husumetin farkl\u0131 bir tezah\u00fcr\u00fc gibimidir?  <\/p>\n<p> Milli G\u00f6r\u00fc\u015f camias\u0131na, en a\u015fa\u011f\u0131 ve baya\u011f\u0131 ifadelerle hakaretler ya\u011fd\u0131r\u0131p ayr\u0131lan \u0130smet \u00d6zel hayranl\u0131\u011f\u0131yla Milli G\u00f6r\u00fc\u015f taraftarl\u0131\u011f\u0131 ayn\u0131 ki\u015fide nas\u0131l birle\u015fmektedir?  <\/p>\n<p> Ahmet Hakan dostlu\u011fuyla, Milli Gazete duyarl\u0131l\u0131\u011f\u0131 nas\u0131l ayn\u0131 g\u00f6n\u00fcle yerle\u015fmektedir?!.  <\/p>\n<p> Hat\u0131rlarsan\u0131z Erbakan&#39;a sata\u015farak kendisini, patronlar\u0131na pazarlayan Ahmet Hakan, \u0130slami hassasiyetinden dolay\u0131 ha\u015fama ile denize giren kad\u0131nlar\u0131n ne kadar banal olduklar\u0131n\u0131 ve yabani \u00fczerine bir yaz\u0131 yazm\u0131\u015ft\u0131r.  <\/p>\n<p> Bu tipler kendi ge\u00e7mi\u015flerin ve ger\u00e7eklerini unutup, ekonomik ve sosyal anlamda bir santim s\u0131n\u0131f atlay\u0131nca yolculu\u011fa ilk ba\u015flad\u0131klar\u0131 noktan\u0131n resmini hi\u00e7 g\u00f6rmek istemezler. O resmi par\u00e7alamak, yok etmek ve k\u00fc\u00e7\u00fcmsemek i\u00e7in \u00e7\u0131rp\u0131n\u0131rlar.  <\/p>\n<p> Ahmet Hasan&#39;\u0131n &quot;ha\u015famal\u0131&quot; yaz\u0131 da bir nevi &quot;Ne oldum delisi&quot; tarz\u0131ndayd\u0131&#8230;  <\/p>\n<p> B\u00f6ylece, d\u00f6nekli\u011fin ilk kilometre ta\u015f\u0131 topra\u011fa \u00e7ak\u0131lm\u0131\u015ft\u0131.  <\/p>\n<p> Fakat Ertu\u011frul \u00d6zk\u00f6k gibi deneyimli bir d\u00f6nek (de\u011fi\u015fim ge\u00e7irmeye kar\u015f\u0131 de\u011filiz. Sol jargonlardan biraz ilerleyelim) kendi ya\u015fad\u0131\u011f\u0131 psikolojiyi Ahmet Hakan&#39;\u0131n da ya\u015famas\u0131n\u0131 istemedi\u011finden (operasyonunu ayr\u0131nt\u0131s\u0131n\u0131 ileride yazar\u0131z) Mine K\u0131r\u0131kkanat&#39;a bir orta yapt\u0131r\u0131p, Ahmet Hakan&#39;\u0131; halk\u0131 k\u00fc\u00e7\u00fcmseyen elit rol\u00fcyle ve parlat\u0131p ve burjuvaya haddini bildiren \u00e7\u0131k\u0131\u015flar \u0130slami kesime &quot;Ya hu bu Ahmet Hakan \u00e7ok olgun ve dolgun bir adamm\u0131\u015f&quot; dedirtip yeni bir &quot;m\u00fcr\u015fit&quot; in\u015fa etmeye \u00e7al\u0131\u015fmaktayd\u0131&#8230;  <\/p>\n<p> <strong>\u00c7\u00fcnk\u00fc yeni bir \u0130smet \u00d6zel&#39;e \u015fiddetle ihtiya\u00e7 vard\u0131!&#8230;?..<\/strong>  <\/p>\n<p> \u015eimdi bu bir k\u0131s\u0131m salon solcular (l\u00fctfen as\u0131llar\u0131 al\u0131nmas\u0131n) k\u00fclt\u00fcr, siyaset, toplum, ekonomi gibi alanlarda monopol olu\u015fturmak i\u00e7in yukar\u0131daki gibi senaryolar yaz\u0131yorlar.  <\/p>\n<p> Asl\u0131nda T\u00fcrkiye&#39;de\u00a0 sa\u011f gelenekten gelmeyen bir k\u0131s\u0131m \u0130slamc\u0131 (biz bunlar\u0131n \u00e7o\u011funa eyyamc\u0131 diyoruz) ayd\u0131nc\u0131klar\u0131n burjuva, solcular\u0131yla sosyo-psikolojik \u00f6zde\u015fli\u011fi vard\u0131r.  <\/p>\n<p> Ortak \u00d6zellikler;  <\/p>\n<p> *Atat\u00fcrk&#39;\u00fc be\u011fenmezler, kafalar\u0131nda muhayyel bir Atat\u00fcrk imaj\u0131 vard\u0131r.  <\/p>\n<p> *\u0130slam-\u0131, Kur&#39;an ve S\u00fcnnet \u00e7er\u00e7evesinde alg\u0131lamakta isteksiz davran\u0131rlar.  <\/p>\n<p> *Halk onlar i\u00e7in hep; cahil, pis, aptal ve i\u011fren\u00e7tir.  <\/p>\n<p> *S\u0131n\u0131f atlad\u0131k\u00e7a \u015f\u0131mar\u0131rlar. Bunlar Hz. Muhammed&#39;in &quot;Veda Hutbesi&quot;nde belirtti\u011fi gibi &quot;do\u011fdu3\u011fu yata\u011f\u0131 inkar edenler&quot; dir.  <\/p>\n<p> *Kapitalizmin ve emperyalizmin sokak s\u00fcp\u00fcrgecileridir.  <\/p>\n<p> *Ayd\u0131n tak\u0131n\u0131rlar, ama &quot;paray\u0131 verene pezevenklik yapar\u0131m mant\u0131\u011f\u0131 ile hareket ettiklerinden makyajlar\u0131 \u00e7abuk d\u00f6k\u00fclmektedir.  <\/p>\n<p> *Bu t\u00fcr sahte \u0130slamc\u0131lar (eyyamc\u0131lar) ve salon solcular kendi toplumlar\u0131na, k\u00fclt\u00fcrlerine, devletlerine, tarihlerine yabanc\u0131la\u015ft\u0131klar\u0131ndan &quot;k\u00fcresel&quot; ve &quot;yerel baronlar&quot; bunlar\u0131, Halklar\u0131n\u0131 yabanc\u0131la\u015ft\u0131rmak, ve a\u015fa\u011f\u0131lamak i\u00e7in ta\u015feron olarak kullanabilmektedir.  <\/p>\n<p> *Ayd\u0131n\u0131ms\u0131 solcu; (As\u0131llar\u0131n\u0131 tenzih ederek) yani k\u00fcresel baronlar\u0131n papyonlu ve entel duru\u015flu k\u00f6leleri ise aras\u0131nda halka \u015firin g\u00f6r\u00fcnmek i\u00e7in ba\u015f\u00f6rt\u00fcs\u00fc, inan\u00e7 \u00f6zg\u00fcrl\u00fc\u011f\u00fc, fakirlik hakk\u0131nda yaz\u0131lar kaleme alarak ge\u00e7ici demokrat rol\u00fc \u00fcstlenmektedir.  <\/p>\n<p> *Devlete \u015firin g\u00f6r\u00fcnmek i\u00e7in de resmi ideolojiyi ve \u00e7a\u011fda\u015fla\u015fmay\u0131 kendilerince form\u00fcle edip bir de Atat\u00fcrk ya\u011fc\u0131l\u0131\u011f\u0131 \u00e7ekerek (arkadan han\u00e7erlemek \u00fczere de bir yandan mevziler haz\u0131rlay\u0131p) poz verilmektedir. Baz\u0131 \u0130slamc\u0131lar\u0131 yerin dibine bat\u0131rarak resmi ideolojiye selam g\u00f6nderirler.  <\/p>\n<p> *Bir yandan da ne olur ne olmaz bir &quot;proleter&quot;, pardon &quot;paraya ihtilali&quot; olabilir diye de &quot;varo\u015flar&quot;, &quot;\u00f6tekiler&quot;, &quot;sokak \u00e7ocuklar\u0131 edebiyat\u0131&quot; yaparak toplumsal ve h\u00fcmanist duyarl\u0131l\u0131klar\u0131n\u0131 (be\u015f y\u0131ld\u0131zl\u0131 makam odalar\u0131ndan) dile getirmektedirler.  <\/p>\n<p> Ayd\u0131n\u0131ms\u0131 \u0130slamc\u0131lar da, bunlar\u0131n benzerliklerini biraz daha de\u011fi\u015fik yaparlar. Bunlar da ayd\u0131n\u0131ms\u0131 solcular gibi ele\u015ftirel \u0130slami yakla\u015f\u0131mlar\u0131 ile k\u00fcresel baronlar\u0131n \u00e7a\u011fda\u015f duru\u015flu k\u00f6lelerinin ye\u015filimt\u0131rak renklerini d\u0131\u015fa vururlar.  <\/p>\n<p> Ahmet Hakan Co\u015fkun gibi M\u00fcsl\u00fcman halk\u0131n giyim ve davran\u0131\u015flar\u0131ndan ne kadar utand\u0131klar\u0131n\u0131 ve ortaya d\u00f6k\u00fclen hi\u00e7 de estetik olmayan tabloyu ne kadar k\u0131nad\u0131klar\u0131n\u0131 yazarak; kurulu ekonomik, sosyal, k\u00fclt\u00fcrel ve siyasal sisteme selam dururlar.  <\/p>\n<p> D\u00fczenin derebeylerine \u015firin g\u00f6r\u00fcnmek i\u00e7in de yine k\u0131yafet, ba\u015f\u00f6rt\u00fcs\u00fc, \u0130slam anlay\u0131\u015f\u0131 gibi konularda M\u00fcsl\u00fcman halk\u0131n cehaletinden dem vururlar. Ben art\u0131k Recep Tayyip gibi zenci(!) yim, yani de\u011fi\u015ftim havas\u0131na girilir. Ki bu istismar\u0131n \u00fczeri en kaymakl\u0131 b\u00f6l\u00fcmd\u00fcr. Sonra Atat\u00fcrk ya\u015fasayd\u0131 edebiyat\u0131 ba\u015flar. Ya da a\u00e7\u0131k oturumlarda s\u00f6m\u00fcrgeci + light Atat\u00fcrk bak\u0131\u015fl\u0131 k\u00f6\u015fe yazarlar\u0131 \u00f6ne \u00e7\u0131kar\u0131larak &quot;Atat\u00fcrk\u00e7\u00fcl\u00fc\u011fe selam, yola devam&quot; edilir.  <\/p>\n<p> Bu arada sokakla ve halkla irtibat\u0131 koparmamak i\u00e7in de din ve d\u00fc\u015f\u00fcnce h\u00fcrriyeti ba\u015f\u00f6rt\u00fcs\u00fc ve \u0130mam Hatip ma\u011fduriyetini dile getirilir. B\u00f6ylelikle pis, cahil ve i\u011fren\u00e7 (!) halk\u0131n oylar\u0131 ve g\u00f6n\u00fclleri al\u0131n\u0131r. Sonra \u00e7okbilmi\u015f bir defa ile kollar kavu\u015fturularak &quot;entel&quot; resimler verilir. Ya da Ba\u015fbakan&#39;\u0131n u\u00e7a\u011f\u0131ndan ayakta &quot;artistik pozlar&quot; yans\u0131t\u0131l\u0131r.  <\/p>\n<p> B\u00fct\u00fcn bunlar asl\u0131nda bizim toplumumuzun trajedisidir. Ne olaca\u011f\u0131na bir t\u00fcrl\u00fc karar verememi\u015flerin ansiklopediler dolduracak ibretli hikayesidir.  <\/p>\n<p> &quot;Yi\u011fit muhta\u00e7 olmu\u015f kuru so\u011fana&quot; c\u00fcmlesinin ac\u0131kl\u0131 t\u00fcrevleridir.  <\/p>\n<p> Ne Ertu\u011frul \u00d6zk\u00f6k&#39;e ve Ahmet Hakan&#39;a ne de Mine K\u0131r\u0131kkanat&#39;a (soyad\u0131yla m\u00fcsemma) k\u0131zmayal\u0131m.  <\/p>\n<p> Bunlar \u0131l\u0131k suya at\u0131lan kurba\u011falard\u0131r. \u0130dealler \u00f6l\u00fcp de istismarc\u0131l\u0131k ve patronlara ya\u011fc\u0131l\u0131k ba\u015flay\u0131nca ancak b\u00f6yle yaz\u0131l\u0131r.  <\/p>\n<p> Bu ba\u011flamda yukar\u0131dakileri mazur g\u00f6rebilirsiniz.  <\/p>\n<p> T\u00fcrk insan\u0131n\u0131 B\u00fcy\u00fck\u015fehirlere d\u00f6ken, 1950 y\u0131l\u0131ndan sonraki d\u00f6nemin ayd\u0131nlar\u0131, b\u00fcrokratlar\u0131 ve toplumsal \u00f6nderleri (Ertu\u011frul \u00d6zk\u00f6k gibi 68 ku\u015fa\u011f\u0131n\u0131n temsilcileri) sahillerdeki ve kent merkezlerindeki naho\u015f g\u00f6r\u00fcnt\u00fclerin sorumlular\u0131 de\u011fil midir?  <\/p>\n<p> Beyler! Bu dram hepimizin, sorumluluk hepimizin, maalesef sonu\u00e7 da hepimizin.  <\/p>\n<p> D\u00f6k\u00fcn ete\u011finizdeki ta\u015flar\u0131!  <\/p>\n<p> 28 \u015eubat&#39;\u00e7\u0131lar, toplum ve siyaset m\u00fchendisli\u011fi yap\u0131yor diye k\u0131z\u0131yordunuz ve bir k\u0131sm\u0131n\u0131z destekliyordunuz.  <\/p>\n<p> \u015eimdi Siz de 28 \u015fubat\u00e7\u0131lar gibi Siyonist m\u00fctahitlere m\u00fchendislik yap\u0131yorsunuz.<a name=\"_ftnref1\" href=\"#_ftn1\" title=\"_ftnref1\">[1]<\/a>  <\/p>\n<p align=\"center\"> &#160; <\/p>\n<p align=\"center\"> <strong>\u015e\u0130\u0130R<\/strong>  <\/p>\n<p> \u015eairlere dava, ilke, sormak ay\u0131pm\u0131\u015f..  <\/p>\n<p> Onlar\u0131n \u015ferefi, laf\u0131, kala kalayc\u0131l\u0131kt\u0131r!&#8230;  <\/p>\n<p> Entel olmamak, ne de, b\u00fcy\u00fck kay\u0131pm\u0131\u015f&#8230;  <\/p>\n<p> Huylar\u0131 halk\u0131 hor g\u00f6rmek alayc\u0131l\u0131kt\u0131r!&#8230;  <\/p>\n<p> Biraz \u0130slamc\u0131 Tak\u0131n\u0131r, biraz eyyamc\u0131  <\/p>\n<p> Bazen Naz\u0131m Hikmet&#39;cidir, bazen Hayyamc\u0131  <\/p>\n<p> \u00c7o\u011fu riyakar tav\u0131rt\u0131, yalan beyanc\u0131  <\/p>\n<p> Kaypakl\u0131kt\u0131r y\u00fckten ka\u00e7mak, kolayc\u0131l\u0131kt\u0131r!&#8230;  <\/p>\n<p> Edebiyat malzemesi, \u0130slam bunlara  <\/p>\n<p> Kimi Hanlara \u00f6zenir, kimi Hunlara  <\/p>\n<p> Para \u015f\u00f6hret i\u00e7in ko\u015far, mason moonlara  <\/p>\n<p> Layla&#39;da sema, Londra da, halayc\u0131l\u0131kt\u0131r!&#8230;  <\/p>\n<p> <\/p>\n<hr \/>\n<p> <a name=\"_ftn1\" href=\"#_ftnref1\" title=\"_ftn1\">[1]<\/a> Sesar \/ 6. Temmuz 2005 \/ Olabilemez Bir giri\u015fim  <\/p>\n","protected":false},"excerpt":{"rendered":"<p>\u00a0  <\/p>\n<p> 9 Kas\u0131m 2005 Milli Gazetedeki Yaz\u0131s\u0131nda \u0130brahim Tenekecinin &quot;Ku\u015faklar\u0131n \u00dcstatlar\u0131n\u0131 ve \u0130smet \u00d6zel hayranl\u0131\u011f\u0131n\u0131&quot; dile getiren yaz\u0131s\u0131 okuyunca, dostu Ahmet Hakan&#39;\u0131 hat\u0131rlad\u0131k. Se\u00e7imler yakla\u015f\u0131yor&#8230; (mu\u015f&#8230; Acaba kendisi ve Ahmet Hakan a\u011fbisi de adaym\u0131y m\u0131\u015f&#8230;)  <\/p>\n<p> &quot;Her \u015fair kendi okuyucusunu s\u0131f\u0131rdan olu\u015fturur. Yine, her ku\u015fak kendi \u015fairini se\u00e7er. Ve her ku\u015fa\u011f\u0131n &quot;\u00fcstad&quot; bildi\u011fi \u015fair bir tanedir.  <\/p>\n<p> Mesela yetmi\u015f ku\u015fa\u011f\u0131, yani bug\u00fcn elli \/ altm\u0131\u015f ya\u015f aras\u0131nda olanlar, \u015fairleri olarak Necip Faz\u0131l K\u0131sak\u00fcrek&#39;i se\u00e7mi\u015flerdir. Muhterem Hasan Ayc\u0131n&#39;dan Mustafa Miyaso\u011flu&#39;na, Ali Haydar Haksal&#39;dan \u0130brahim Balc\u0131&#39;ya kadar, bu ku\u015fa\u011f\u0131n \u00f6nemli isimleri Necip Faz\u0131l&#39;\u0131 \u00e7ok sever, sayar, en yukar\u0131ya onun ismini yazarlar. Hem \u015fair, hem yazar olarak.  <\/p>\n","protected":false},"author":28,"featured_media":0,"comment_status":"open","ping_status":"closed","sticky":false,"template":"","format":"standard","meta":{"footnotes":""},"categories":[39],"tags":[],"class_list":["post-296","post","type-post","status-publish","format-standard","hentry","category-ocak-2006"],"_links":{"self":[{"href":"https:\/\/www.millicozum.com\/mc\/wp-json\/wp\/v2\/posts\/296","targetHints":{"allow":["GET"]}}],"collection":[{"href":"https:\/\/www.millicozum.com\/mc\/wp-json\/wp\/v2\/posts"}],"about":[{"href":"https:\/\/www.millicozum.com\/mc\/wp-json\/wp\/v2\/types\/post"}],"author":[{"embeddable":true,"href":"https:\/\/www.millicozum.com\/mc\/wp-json\/wp\/v2\/users\/28"}],"replies":[{"embeddable":true,"href":"https:\/\/www.millicozum.com\/mc\/wp-json\/wp\/v2\/comments?post=296"}],"version-history":[{"count":0,"href":"https:\/\/www.millicozum.com\/mc\/wp-json\/wp\/v2\/posts\/296\/revisions"}],"wp:attachment":[{"href":"https:\/\/www.millicozum.com\/mc\/wp-json\/wp\/v2\/media?parent=296"}],"wp:term":[{"taxonomy":"category","embeddable":true,"href":"https:\/\/www.millicozum.com\/mc\/wp-json\/wp\/v2\/categories?post=296"},{"taxonomy":"post_tag","embeddable":true,"href":"https:\/\/www.millicozum.com\/mc\/wp-json\/wp\/v2\/tags?post=296"}],"curies":[{"name":"wp","href":"https:\/\/api.w.org\/{rel}","templated":true}]}}