{"id":2989,"date":"2014-08-15T09:01:45","date_gmt":"2014-08-15T09:01:45","guid":{"rendered":"https:\/\/www.millicozum.com\/mc\/2014\/08\/15\/hayasiz-iman-barinmaz\/"},"modified":"2014-08-15T09:01:45","modified_gmt":"2014-08-15T09:01:45","slug":"edep-ya-hu-4","status":"publish","type":"post","link":"https:\/\/www.millicozum.com\/mc\/siir\/edep-ya-hu\/","title":{"rendered":"EDEP YA HU!"},"content":{"rendered":"\n<p style=\"margin: 0cm 0cm 0.0001pt; text-align: justify; text-indent: 120.5pt; line-height: 16pt;\"><span style=\"font-size: 14pt; font-family: arial,helvetica,sans-serif;\">Hayas\u0131z iman bar\u0131nmaz, be hey utanmaz gafil<\/span><\/p>\n<p style=\"margin: 0cm 0cm 0.0001pt; text-align: justify; text-indent: 120.5pt; line-height: 16pt;\"><span style=\"font-size: 14pt; font-family: arial,helvetica,sans-serif;\">Tesett\u00fcr kabu\u011fun soyma, solar meyve \u00e7i\u00e7ekler!<\/span><\/p>\n<p style=\"margin: 0cm 0cm 0.0001pt; text-align: justify; text-indent: 120.5pt; line-height: 16pt;\"><span style=\"font-size: 14pt; font-family: arial,helvetica,sans-serif;\">Mostra Mehdi olur mu, zavall\u0131 \u015fa\u015fk\u0131n safdil!<\/span><\/p>\n<p style=\"margin: 0cm 0cm 0.0001pt; text-align: justify; text-indent: 120.5pt; line-height: 16pt;\"><span style=\"font-size: 14pt; font-family: arial,helvetica,sans-serif;\">Hepsi m\u00fc\u00e7tehid kesilmi\u015f, geri zeka gerzekler!<\/span><\/p>\n<p style=\"margin: 0cm 0cm 0.0001pt; text-align: justify; text-indent: 120.5pt; line-height: 16pt;\">&nbsp;<\/p>\n<p style=\"margin: 0cm 0cm 0.0001pt; text-align: justify; text-indent: 120.5pt; line-height: 16pt;\"><span style=\"font-size: 14pt; font-family: arial,helvetica,sans-serif;\">K\u0131c\u0131kl\u0131\u011f\u0131 kanc\u0131kl\u0131\u011f\u0131, c\u0131v\u0131kl\u0131\u011f\u0131 s\u0131r\u0131t\u0131r<\/span><\/p>\n<p style=\"margin: 0cm 0cm 0.0001pt; text-align: justify; text-indent: 120.5pt; line-height: 16pt;\"><span style=\"font-size: 14pt; font-family: arial,helvetica,sans-serif;\">Bak k\u0131\u00e7\u0131na kadar a\u00e7\u0131k, k\u0131zlar\u0131yla k\u0131r\u0131t\u0131r<\/span><\/p>\n<p style=\"margin: 0cm 0cm 0.0001pt; text-align: justify; text-indent: 120.5pt; line-height: 16pt;\"><span style=\"font-size: 14pt; font-family: arial,helvetica,sans-serif;\">Filistinli kan kusarken, g\u00f6bek at\u0131p k\u0131v\u0131rt\u0131r<\/span><\/p>\n<p style=\"margin: 0cm 0cm 0.0001pt; text-align: justify; text-indent: 120.5pt; line-height: 16pt;\"><span style=\"font-size: 14pt; font-family: arial,helvetica,sans-serif;\">Hani iz\u2019an, nerde vicdan; ey kiral\u0131k k\u00f6\u00e7ekler?<\/span><\/p>\n<p style=\"margin: 0cm 0cm 0.0001pt; text-align: justify; text-indent: 120.5pt; line-height: 16pt;\">&nbsp;<\/p>\n<p style=\"margin: 0cm 0cm 0.0001pt; text-align: justify; text-indent: 120.5pt; line-height: 16pt;\"><span style=\"font-size: 14pt; font-family: arial,helvetica,sans-serif;\">Hele g\u00f6ster ki Kur\u2019anda, var m\u0131 bunun \u00f6rne\u011fi<\/span><\/p>\n<p style=\"margin: 0cm 0cm 0.0001pt; text-align: justify; text-indent: 120.5pt; line-height: 16pt;\"><span style=\"font-size: 14pt; font-family: arial,helvetica,sans-serif;\">Efendimiz kurdu mu hi\u00e7, ha\u015fa dans\u00f6z derne\u011fi<\/span><\/p>\n<p style=\"margin: 0cm 0cm 0.0001pt; text-align: justify; text-indent: 120.5pt; line-height: 16pt;\"><span style=\"font-size: 14pt; font-family: arial,helvetica,sans-serif;\">Kim ger\u00e7ekten istiyorsa, hidayete erme\u011fi<\/span><\/p>\n<p style=\"margin: 0cm 0cm 0.0001pt; text-align: justify; text-indent: 120.5pt; line-height: 16pt;\"><span style=\"font-size: 14pt; font-family: arial,helvetica,sans-serif;\">Kur\u2019an ve s\u00fcnnette haz\u0131r, prensipler \u00f6l\u00e7ekler!<\/span><\/p>\n<p style=\"margin: 0cm 0cm 0.0001pt; text-align: justify; text-indent: 120.5pt; line-height: 16pt;\">&nbsp;<\/p>\n<p style=\"margin: 0cm 0cm 0.0001pt; text-align: justify; text-indent: 120.5pt; line-height: 16pt;\"><span style=\"font-size: 14pt; font-family: arial,helvetica,sans-serif;\">Allah\u2019a iman yetermi\u015f, gereksizmi\u015f \u015feriat<\/span><\/p>\n<p style=\"margin: 0cm 0cm 0.0001pt; text-align: justify; text-indent: 120.5pt; line-height: 16pt;\"><span style=\"font-size: 14pt; font-family: arial,helvetica,sans-serif;\">Tesett\u00fcr sade tercihmi\u015f, dekolteler tarikat\u2026<\/span><\/p>\n<p style=\"margin: 0cm 0cm 0.0001pt; text-align: justify; text-indent: 120.5pt; line-height: 16pt;\"><span style=\"font-size: 14pt; font-family: arial,helvetica,sans-serif;\">Biraz meal sonra kal\u00e7a, hak yoluna barikat<\/span><\/p>\n<p style=\"margin: 0cm 0cm 0.0001pt; text-align: justify; text-indent: 120.5pt; line-height: 16pt;\"><span style=\"font-size: 14pt; font-family: arial,helvetica,sans-serif;\">Kuruyorken bu z\u00fcppeler, g\u00f6rmez mi k\u00f6r mercekler?<\/span><\/p>\n<p style=\"margin: 0cm 0cm 0.0001pt; text-align: justify; text-indent: 120.5pt; line-height: 16pt;\">&nbsp;<\/p>\n<p style=\"margin: 0cm 0cm 0.0001pt; text-align: justify; text-indent: 120.5pt; line-height: 16pt;\"><span style=\"font-size: 14pt; font-family: arial,helvetica,sans-serif;\">Nas\u0131l \u00f6rt\u00fcn\u00fcn diyorsa, Resul\u00fcllah ve Kur\u2019an<\/span><\/p>\n<p style=\"margin: 0cm 0cm 0.0001pt; text-align: justify; text-indent: 120.5pt; line-height: 16pt;\"><span style=\"font-size: 14pt; font-family: arial,helvetica,sans-serif;\">Bunu nas\u0131l anl\u0131yorsa, sahabe \u0130mam Azam<\/span><\/p>\n<p style=\"margin: 0cm 0cm 0.0001pt; text-align: justify; text-indent: 120.5pt; line-height: 16pt;\"><span style=\"font-size: 14pt; font-family: arial,helvetica,sans-serif;\">Bu konuda ne buyurmu\u015f, \u00dcstat Bedi\u00fczzaman<\/span><\/p>\n<p style=\"margin: 0cm 0cm 0.0001pt; text-align: justify; text-indent: 120.5pt; line-height: 16pt;\"><span style=\"font-size: 14pt; font-family: arial,helvetica,sans-serif;\">Soynuk dindar(!) soytar\u0131lar, be hey \u015fa\u015fk\u0131n ku\u00e7ekler![1]<\/span><\/p>\n<p style=\"margin: 0cm 0cm 0.0001pt; text-align: justify; text-indent: 120.5pt; line-height: 16pt;\">&nbsp;<\/p>\n<p style=\"margin: 0cm 0cm 0.0001pt; text-align: justify; text-indent: 120.5pt; line-height: 16pt;\"><span style=\"font-size: 14pt; font-family: arial,helvetica,sans-serif;\">Cahiller cesur olurmu\u015f, durmaz fetva s\u0131ralar<\/span><\/p>\n<p style=\"margin: 0cm 0cm 0.0001pt; text-align: justify; text-indent: 120.5pt; line-height: 16pt;\"><span style=\"font-size: 14pt; font-family: arial,helvetica,sans-serif;\">Ekranda ahkam kesiyor, din ad\u0131na z\u0131rvalar<\/span><\/p>\n<p style=\"margin: 0cm 0cm 0.0001pt; text-align: justify; text-indent: 120.5pt; line-height: 16pt;\"><span style=\"font-size: 14pt; font-family: arial,helvetica,sans-serif;\">Arslan av\u0131na \u00e7\u0131karsa, b\u00f6yle uyuz s\u0131rtlanlar<\/span><\/p>\n<p style=\"margin: 0cm 0cm 0.0001pt; text-align: justify; text-indent: 120.5pt; line-height: 16pt;\"><span style=\"font-size: 14pt; font-family: arial,helvetica,sans-serif;\">Kendini fil sanacakt\u0131r, kara may\u0131s b\u00f6cekler!<\/span><\/p>\n<p style=\"margin: 0cm 0cm 0.0001pt; text-align: justify; text-indent: 120.5pt; line-height: 16pt;\">&nbsp;<\/p>\n<p style=\"margin: 0cm 0cm 0.0001pt; text-align: justify; text-indent: 120.5pt; line-height: 16pt;\"><span style=\"font-size: 14pt; font-family: arial,helvetica,sans-serif;\">Yarat\u0131l\u0131\u015f belgeseli ve bilgiler m\u00fckemmel<\/span><\/p>\n<p style=\"margin: 0cm 0cm 0.0001pt; text-align: justify; text-indent: 120.5pt; line-height: 16pt;\"><span style=\"font-size: 14pt; font-family: arial,helvetica,sans-serif;\">Bu eserler Onun de\u011fil, yazan m\u00fcbarek bir el<\/span><\/p>\n<p style=\"margin: 0cm 0cm 0.0001pt; text-align: justify; text-indent: 120.5pt; line-height: 16pt;\"><span style=\"font-size: 14pt; font-family: arial,helvetica,sans-serif;\">M\u00fcnaf\u0131k tavr\u0131 \u015f\u0131mar\u0131k, tarz\u0131 ise m\u00fcbtezel<\/span><\/p>\n<p style=\"margin: 0cm 0cm 0.0001pt; text-align: justify; text-indent: 120.5pt; line-height: 16pt;\"><span style=\"font-size: 14pt; font-family: arial,helvetica,sans-serif;\">Yak\u0131nda ortaya \u00e7\u0131kar, b\u00fct\u00fcn gizli ger\u00e7ekler!<\/span><\/p>\n<p style=\"margin: 0cm 0cm 0.0001pt; text-align: justify; text-indent: 120.5pt; line-height: 16pt;\">&nbsp;<\/p>\n<p style=\"margin: 0cm 0cm 0.0001pt; text-align: justify; text-indent: 120.5pt; line-height: 16pt;\"><span style=\"font-size: 14pt; font-family: arial,helvetica,sans-serif;\">Amerkaya hi\u00e7 laf etmez, iktidar yalakas\u0131<\/span><\/p>\n<p style=\"margin: 0cm 0cm 0.0001pt; text-align: justify; text-indent: 120.5pt; line-height: 16pt;\"><span style=\"font-size: 14pt; font-family: arial,helvetica,sans-serif;\">Sabataist taifenin, bu masonik halkas\u0131<\/span><\/p>\n<p style=\"margin: 0cm 0cm 0.0001pt; text-align: justify; text-indent: 120.5pt; line-height: 16pt;\"><span style=\"font-size: 14pt; font-family: arial,helvetica,sans-serif;\">Boyunlar\u0131na ge\u00e7ince, Z\u00fcntikam[2] falakas\u0131<\/span><\/p>\n<p style=\"margin: 0cm 0cm 0.0001pt; text-align: justify; text-indent: 120.5pt; line-height: 16pt;\"><span style=\"font-size: 14pt; font-family: arial,helvetica,sans-serif;\">Hep birlikte devrilecek, BOP kahyas\u0131 d\u00f6nekler!<\/span><\/p>\n<p><span style=\"font-family: arial,helvetica,sans-serif; font-size: 14pt;\">&nbsp;<\/span><\/p>\n<hr \/>\n<p><span style=\"font-family: arial,helvetica,sans-serif; font-size: 14pt;\"><a id=\"ftn1\" style=\"vertical-align: super;\" href=\"#ftnref1\">[1]<\/a> Ku\u00e7ek: Fars\u00e7a; k\u00fc\u00e7\u00fck ve \u015f\u0131mar\u0131k o\u011flanlar<\/span><\/p>\n<p><span style=\"font-family: arial,helvetica,sans-serif; font-size: 14pt;\"><a id=\"ftn2\" style=\"vertical-align: super;\" href=\"#ftnref2\">[2]<\/a> Z\u00fcntikam: \u0130ntikam sahibi (Allah C.C)<\/span><\/p>\n<p><span style=\"font-family: arial,helvetica,sans-serif; font-size: 14pt;\">&nbsp;<\/span><\/p>\n","protected":false},"excerpt":{"rendered":"<p>Hayas\u0131z iman bar\u0131nmaz, be hey utanmaz gafil Tesett\u00fcr kabu\u011fun soyma, solar meyve \u00e7i\u00e7ekler! Mostra Mehdi olur mu, zavall\u0131 \u015fa\u015fk\u0131n safdil! Hepsi m\u00fc\u00e7tehid kesilmi\u015f, geri zeka gerzekler! &nbsp; K\u0131c\u0131kl\u0131\u011f\u0131 kanc\u0131kl\u0131\u011f\u0131, c\u0131v\u0131kl\u0131\u011f\u0131 s\u0131r\u0131t\u0131r Bak k\u0131\u00e7\u0131na kadar a\u00e7\u0131k, k\u0131zlar\u0131yla k\u0131r\u0131t\u0131r Filistinli kan kusarken, g\u00f6bek at\u0131p k\u0131v\u0131rt\u0131r Hani iz\u2019an, nerde vicdan; ey kiral\u0131k k\u00f6\u00e7ekler? &nbsp; Hele g\u00f6ster ki Kur\u2019anda, [&hellip;]<\/p>\n","protected":false},"author":35,"featured_media":0,"comment_status":"open","ping_status":"closed","sticky":false,"template":"","format":"standard","meta":{"footnotes":""},"categories":[145],"tags":[],"class_list":["post-2989","post","type-post","status-publish","format-standard","hentry","category-siir"],"_links":{"self":[{"href":"https:\/\/www.millicozum.com\/mc\/wp-json\/wp\/v2\/posts\/2989","targetHints":{"allow":["GET"]}}],"collection":[{"href":"https:\/\/www.millicozum.com\/mc\/wp-json\/wp\/v2\/posts"}],"about":[{"href":"https:\/\/www.millicozum.com\/mc\/wp-json\/wp\/v2\/types\/post"}],"author":[{"embeddable":true,"href":"https:\/\/www.millicozum.com\/mc\/wp-json\/wp\/v2\/users\/35"}],"replies":[{"embeddable":true,"href":"https:\/\/www.millicozum.com\/mc\/wp-json\/wp\/v2\/comments?post=2989"}],"version-history":[{"count":0,"href":"https:\/\/www.millicozum.com\/mc\/wp-json\/wp\/v2\/posts\/2989\/revisions"}],"wp:attachment":[{"href":"https:\/\/www.millicozum.com\/mc\/wp-json\/wp\/v2\/media?parent=2989"}],"wp:term":[{"taxonomy":"category","embeddable":true,"href":"https:\/\/www.millicozum.com\/mc\/wp-json\/wp\/v2\/categories?post=2989"},{"taxonomy":"post_tag","embeddable":true,"href":"https:\/\/www.millicozum.com\/mc\/wp-json\/wp\/v2\/tags?post=2989"}],"curies":[{"name":"wp","href":"https:\/\/api.w.org\/{rel}","templated":true}]}}