{"id":2999,"date":"2014-08-28T19:57:09","date_gmt":"2014-08-28T19:57:09","guid":{"rendered":"https:\/\/www.millicozum.com\/mc\/2014\/08\/28\/2014-kritik-tarih-turkiye-ya-dogrulacak-ya-dagilacakti\/"},"modified":"2014-08-28T19:57:09","modified_gmt":"2014-08-28T19:57:09","slug":"2014-kritik-tarih-turkiye-ya-dogrulacak-ya-dagilacakti","status":"publish","type":"post","link":"https:\/\/www.millicozum.com\/mc\/2014\/eylul-2014\/2014-kritik-tarih-turkiye-ya-dogrulacak-ya-dagilacakti\/","title":{"rendered":"2014 Kritik Tarih T\u00dcRK\u0130YE YA DO\u011eRULACAK YA DA\u011eILACAKTI!"},"content":{"rendered":"\n<p style=\"margin-bottom: 0.0001pt; text-align: justify; text-indent: 14.2pt; line-height: normal;\"><span style=\"font-size: 14pt;\"><b><span style=\"font-family: 'Arial','sans-serif';\">Obama\u2019dan \u00e7ok kritik \u201cT\u00fcrkiye plan\u0131!\u201d<\/span><\/b><\/span><\/p>\n<p style=\"margin-bottom: 0.0001pt; text-align: justify; text-indent: 14.2pt; line-height: normal;\"><span style=\"font-size: 12pt; font-family: 'Arial','sans-serif';\">Obama, Suriye&#8217;deki \u0131l\u0131ml\u0131 muhaliflerin askeri e\u011fitimi i\u00e7in g\u00f6z\u00fcn\u00fc T\u00fcrkiye&#8217;ye dikmi\u015fti! ABD&#8217;nin yeni ter\u00f6rle m\u00fccadele konseptini a\u00e7\u0131klayan Obama, olu\u015fturulan fonla m\u00fcttefik ve ortaklar\u0131na ter\u00f6rle m\u00fccadele deste\u011fi verecekti. Obama&#8217;n\u0131n Suriye plan\u0131 ise \u0131l\u0131ml\u0131 muhaliflerin T\u00fcrkiye&#8217;de silahl\u0131 e\u011fitim verilmesiydi! Siyonist Lobilerin g\u00fcd\u00fcm\u00fcndeki ABD, sene sonunda Afganistan\u2019da s\u00fcren 13 y\u0131ll\u0131k sava\u015f\u0131 sona erdirmeye haz\u0131rlan\u0131rken, ter\u00f6rle m\u00fccadelede ise yeni bir konsept geli\u015ftirmi\u015fti. ABD Ba\u015fkan\u0131 Barack Obama\u2019n\u0131n New York\u2019taki West Point Askeri Akademisi\u2019nde a\u00e7\u0131klad\u0131\u011f\u0131 plana g\u00f6re ABD Ba\u015fkan\u0131, \u00f6nce Kongre\u2019den Ter\u00f6rle M\u00fccadele Ortakl\u0131k Fonu (CTPF) ad\u0131yla bir yetkilendirme talep edecekti. Kaynaklar\u0131n verdi\u011fi bilgiye g\u00f6re Suriye\u2019de geli\u015fen radikal gruplar da bu y\u00f6ntemle dizginlenecekti. Yeni fonun sa\u011flad\u0131\u011f\u0131 olanaklarla, Suriye\u2019ye kom\u015fu \u00fclkelerden birinde Suriyeli \u0131l\u0131ml\u0131 muhaliflere askeri e\u011fitim verilecekti. Ve e\u011fitim alan gruplar\u0131n hem Esad rejimine hem de \u00fclkedeki El Kaide ba\u011flant\u0131l\u0131 gruplara kar\u015f\u0131 m\u00fccadele y\u00fcr\u00fctmesi desteklenecekti. Obama da West Point\u2019teki mezuniyet konu\u015fmas\u0131nda detay vermese de aralar\u0131nda T\u00fcrkiye\u2019nin de bulundu\u011fu Suriye\u2019ye kom\u015fu \u00fclkelere sa\u011flanacak ter\u00f6rle m\u00fccadele deste\u011finden bahsederken konuya de\u011finmi\u015fti. Obama konu\u015fmas\u0131nda \u015funlar\u0131 s\u00f6yledi: <b><i>\u201cBu \u00e7abalar\u0131n (yeni ter\u00f6rle m\u00fccadele konsepti) \u00f6nemli bir oda\u011f\u0131 da Suriye\u2019de devam eden kriz olacakt\u0131r. Bug\u00fcn a\u00e7\u0131klad\u0131\u011f\u0131m ilave kaynaklarla, \u00dcrd\u00fcn, L\u00fcbnan, T\u00fcrkiye ve Irak, Suriye\u2019nin kom\u015fular\u0131na desteklerimiz artt\u0131r\u0131lacakt\u0131r\u201d<b>[1]<\/b><\/i><\/b><\/span><\/p>\n<p style=\"margin-bottom: 0.0001pt; text-align: justify; text-indent: 14.2pt; line-height: normal;\"><span style=\"font-size: 14pt;\"><b><span style=\"font-family: 'Arial','sans-serif';\">Obama\u2019dan \u201cma\u015fa\u201d aray\u0131\u015f\u0131<\/span><\/b><\/span><\/p>\n<p style=\"margin-bottom: 0.0001pt; text-align: justify; text-indent: 14.2pt; line-height: normal;\"><span style=\"font-size: 12pt; font-family: 'Arial','sans-serif';\">ABD para verecek, kukla y\u00f6netimler ise \u00f6ld\u00fcrecekti! ABD, El Kaide ve Boko Haram gibi Bat\u0131 kaynakl\u0131 ter\u00f6r \u00f6rg\u00fctleriyle m\u00fccadele ediyoruz yalan\u0131yla Ortado\u011fu ve Arap \u00fclkelerinin kaynaklar\u0131n\u0131 s\u00f6m\u00fcrmek ve M\u00fcsl\u00fcman kan\u0131 ak\u0131tmak i\u00e7in yeni bir y\u00f6ntem geli\u015ftirilmi\u015fti. Obama, 5 milyar dolarl\u0131k s\u00f6zde \u2018Ter\u00f6rle\u2019 M\u00fccadele Ortakl\u0131k Fonu olu\u015fturduklar\u0131n\u0131 belirtmi\u015fti. Suriye\u2019ye kom\u015fu olan \u00dcrd\u00fcn, L\u00fcbnan, T\u00fcrkiye ve Irak\u2019a bu \u00e7er\u00e7evede ek kaynak verilecekti.<\/span><\/p>\n<p style=\"margin-bottom: 0.0001pt; text-align: justify; text-indent: 14.2pt; line-height: normal;\"><span style=\"font-size: 14pt;\"><b><span style=\"font-family: 'Arial','sans-serif';\">Obama\u2019n\u0131n biz de\u011fil, onlar vursun takti\u011fi<\/span><\/b><\/span><\/p>\n<p style=\"margin-bottom: 0.0001pt; text-align: justify; text-indent: 14.2pt; line-height: normal;\"><span style=\"font-size: 12pt; font-family: 'Arial','sans-serif';\">Ter\u00f6r \u00f6rg\u00fct\u00fc El Kaide tehdidinin art\u0131k merkezi liderlikten de\u011fil, ba\u011flant\u0131l\u0131 gruplardan geldi\u011fine i\u015faret eden Obama, bu nedenle b\u00fcy\u00fck askeri birlikler kullanmak yerine partnerlerle ve o \u00fclkelerle \u00e7al\u0131\u015fman\u0131n \u00f6nemine de\u011finmi\u015fti. Obama, bu kapsamda, partner \u00fclkelerin kapasitelerinin art\u0131r\u0131lmas\u0131 ve birliklerinin e\u011fitilmesi gibi konularda kullan\u0131lmak \u00fczere 5 milyar dolarl\u0131k Ter\u00f6rle M\u00fccadele Ortakl\u0131k Fonu olu\u015fturduklar\u0131n\u0131 belirtmi\u015fti.[2]<\/span><\/p>\n<p style=\"margin-bottom: 0.0001pt; text-align: justify; text-indent: 14.2pt; line-height: normal;\"><span style=\"font-size: 14pt;\"><b><span style=\"font-family: 'Arial','sans-serif';\">T\u00fcrkiye\u2019yi ku\u015fatmak \u00fczere; \u0130ran \u2013 Suudi Arabistan ittifak\u0131 bile sa\u011flanm\u0131\u015ft\u0131!<\/span><\/b><\/span><\/p>\n<p style=\"margin-bottom: 0.0001pt; text-align: justify; text-indent: 14.2pt; line-height: normal;\"><span style=\"font-size: 12pt; font-family: 'Arial','sans-serif';\">Ortado\u011fu\u2019daki geli\u015fmeler \u00fczerine ABD\u2019nin kendisini korumayaca\u011f\u0131n\u0131 d\u00fc\u015f\u00fcnen Riyad\u2019\u0131 d\u00fc\u015f\u00fck profilli ve risksiz d\u0131\u015f politikay\u0131 terk ederek, Ortado\u011fu\u2019da geli\u015fmeleri etkilemeye \u00e7al\u0131\u015fan y\u00fcksek riskli, iddial\u0131 bir politika izlemeye giri\u015fmi\u015fti. ABD\u2019 Suriye\u2019de diplomasi yolunu tercih ederken, Suudilerin Suriye politikas\u0131n\u0131n mimar\u0131 olan Prens Bandar Avrupal\u0131 muhataplar\u0131na ABD\u2019nin Suriye politikas\u0131n\u0131n yanl\u0131\u015f oldu\u011funu ve Suudi Arabistan\u2019\u0131n Suriye muhalefetini silahland\u0131raca\u011f\u0131n\u0131 s\u00f6ylemi\u015fti. Washington\u2019un \u0130ran ile n\u00fckleer pazarl\u0131\u011fa ba\u015flamas\u0131 ve Ruhani y\u00f6netimi ile Washington aras\u0131nda g\u00f6r\u00fclen yumu\u015fama Riyad\u2019\u0131 endi\u015felendirmi\u015fti. Kraliyet ailesinin bir dan\u0131\u015fman\u0131, \u201cBize yalan s\u00f6ylendi. Hadiseler bizden gizlendi\u201d diyerek, Riyad\u2019\u0131n ABD\u2019ye tepkisini dile getirmi\u015fti. Suudi istihbarat\u0131n\u0131n eski \u015feflerinden T\u00fcrk-i el Faysal, ABD\u2019nin Ortado\u011fu politikas\u0131n\u0131 ele\u015ftirirken, \u201cmesele \u0130ran veya Suriye de\u011fil, mesele Obama y\u00f6netiminin Ortado\u011fu politikas\u0131n\u0131n belirsizli\u011fi\u201d s\u00f6zleri ilgin\u00e7ti. ABD\u2019nin kar\u015f\u0131 \u00e7\u0131kmas\u0131na ra\u011fmen Prens Bandar, El Kaide ile ili\u015fkili gruplar\u0131 askeri olarak desteklemi\u015fti. Ancak Riyad\u2019\u0131n yard\u0131mlar\u0131 sadece silah ve \u00f6rg\u00fct ili\u015fkisi i\u00e7inde de\u011fildi. Suudiler, Hizbullah\u2019a kar\u015f\u0131 destekledikleri L\u00fcbnan Ordusu\u2019na 3 milyar dolarl\u0131k bir yard\u0131m g\u00f6ndermi\u015fti. Bu para L\u00fcbnan ordusunun iki senelik b\u00fct\u00e7esine denkti. ABD, M\u0131s\u0131r\u2019da askeri rejim ile M\u00fcsl\u00fcman Karde\u015fler aras\u0131nda uzla\u015fma aray\u0131\u015f\u0131 i\u00e7inde iken M\u00fcsl\u00fcman Karde\u015flerin ezilmesini isteyen Riyad Kahire\u2019deki askeri rejime 5 milyar dolar hibe etmi\u015fti.<\/span><\/p>\n<p style=\"margin-bottom: 0.0001pt; text-align: justify; text-indent: 14.2pt; line-height: normal;\"><span style=\"font-size: 12pt; font-family: 'Arial','sans-serif';\">ABD-Suudi Arabistan gerginli\u011fi, Nisan 2014\u2019de Prens Bandar\u2019\u0131n Suudi istihbarat ba\u015fkanl\u0131\u011f\u0131ndan ayr\u0131lmas\u0131 ile yeni bir d\u00f6nemece girdi\u011fi sinyallerini vermi\u015fti. 13 May\u0131s\u2019ta Suudi Arabistan D\u0131\u015fi\u015fleri Bakan\u0131, \u0130ran D\u0131\u015fi\u015fleri Bakan\u0131n\u0131 Riyad\u2019a davet etmi\u015fti. 14 May\u0131s 2014\u2019de ABD Savunma Bakan\u0131 Chuck Hagel K\u00f6rfez \u0130\u015fbirli\u011fi Konseyi\u2019nin Birinci Savunma \u0130\u015fbirli\u011fi Konseyi isti\u015fare toplant\u0131s\u0131na kat\u0131lmak amac\u0131 ile Riyad\u2019da iken Kral Abdullah ad\u0131na bir dizi kararname yay\u0131nlayan Veliaht Prens Salman Suudi ordusunun \u00fcst d\u00fczey komuta kademesinde b\u00fcy\u00fck de\u011fi\u015fikliklere gitmi\u015fti. Savunma Bakan\u0131, Genelkurmay Ba\u015fkan\u0131 ve iki yard\u0131mc\u0131s\u0131, hava ve deniz kuvvetleri komutanlar\u0131 yerine yenileri getirilmi\u015fti. Ayr\u0131lanlar aras\u0131nda Suudi Arabistan\u2019\u0131n Suriye politikas\u0131n\u0131n icrac\u0131lar\u0131n\u0131n olmas\u0131 da dikkat \u00e7ekiciydi. De\u011fi\u015fiklikler ile Prens Bandar\u2019\u0131n Ortado\u011fu\u2019da ABD ile ayr\u0131\u015fan politikalar temsil eden kadrolar tasfiye edilmi\u015fti. Bu geli\u015fmelerden \u00e7\u0131kar\u0131labilecek erken sonu\u00e7, Riyad\u2019\u0131n ABD ile uzun s\u00fcreli bir gerginli\u011fi g\u00f6ze alamad\u0131\u011f\u0131 ve bu politikay\u0131 temsil eden kadrolar\u0131 tasfiye etti\u011fidir. Suriye\u2019de ABD-Suudi politikalar\u0131, Washington\u2019un istedi\u011fi \u015fekilde y\u00fcr\u00fcyecektir. Bunlar Riyad-Tahran yak\u0131nla\u015fmas\u0131n\u0131n ilk sinyalleridir. Suudi Arabistan-ABD ili\u015fkilerindeki yeni \u015fekillenmenin Ankara\u2019n\u0131n Ortado\u011fu politikalar\u0131 \u00fczerinde de etkileri olaca\u011f\u0131 kesindir.[3]<\/span><\/p>\n<p style=\"margin-bottom: 0.0001pt; text-align: justify; text-indent: 14.2pt; line-height: normal;\"><span style=\"font-size: 12pt; font-family: 'Arial','sans-serif';\">Hat\u0131rlay\u0131n\u0131z. T\u00fcrkiye Kuzey Irak petrol\u00fcn\u00fcn \u201csevkiyat\u0131na\u201d yeniden ba\u015flan\u0131ld\u0131\u011f\u0131n\u0131 ilan edince Amerika\u2019dan hemen itiraz sesleri y\u00fckselmi\u015fti. Malum, Kuzey Irak y\u00f6netimi ile Irak y\u00f6netimi aras\u0131nda petrol konusundaki anla\u015fmazl\u0131k s\u00fcr\u00fcp gitmektedir. Irak y\u00f6netimi Kuzey Irak\u2019\u0131n petrol konusunda \u201ctek ba\u015f\u0131na\u201d hareket etmesini hakl\u0131 olarak ele\u015ftirmektedir. G\u00f6steriyor ki Irak y\u00f6netimi Kuzey Irak y\u00f6netimine kar\u015f\u0131 Amerika\u2019n\u0131n deste\u011fini arkas\u0131na alm\u0131\u015f vaziyettedir. Amerika, T\u00fcrkiye\u2019nin yapt\u0131\u011f\u0131 a\u00e7\u0131klaman\u0131n ard\u0131ndan b\u00f6yle bir uygulaman\u0131n T\u00fcrkiye, Irak ve Kuzey Irak aras\u0131nda yeni anla\u015fmazl\u0131klar \u00e7\u0131kmas\u0131na yol a\u00e7aca\u011f\u0131n\u0131 iddia etmekte ve T\u00fcrkiye\u2019ye: 1- \u201cBenim r\u0131zam olmadan \u00f6yle kendi ba\u015f\u0131n\u0131za hareket edemezsiniz\u201d demektedir.<\/span><\/p>\n<p style=\"margin-bottom: 0.0001pt; text-align: justify; text-indent: 14.2pt; line-height: normal;\"><span style=\"font-size: 12pt; font-family: 'Arial','sans-serif';\">2- \u201cBana ra\u011fmen hareket ederseniz, yeni anla\u015fmazl\u0131k konular\u0131 \u00e7\u0131kart\u0131r\u0131m\u201d diye tehdit etmektedir.<\/span><\/p>\n<p style=\"margin-bottom: 0.0001pt; text-align: justify; text-indent: 14.2pt; line-height: normal;\"><span style=\"font-size: 14pt;\"><b><span style=\"font-family: 'Arial','sans-serif';\">Bat\u0131l\u0131lar\u0131n 2014 endi\u015fesi nereden kaynakl\u0131yd\u0131?<\/span><\/b><\/span><\/p>\n<p style=\"margin-bottom: 0.0001pt; text-align: justify; text-indent: 14.2pt; line-height: normal;\"><span style=\"font-size: 12pt; font-family: 'Arial','sans-serif';\">Hem Vatikan\u2019da hem Yahudi mihraklarda s\u00f6zlerine \u00f6zel bir \u00f6nem verilen Frans\u0131z bir kahin \u015f\u00f6yle bir iddia g\u00fcndeme getirmi\u015fti: <b><i>\u201cTanr\u0131 b\u00f6yle istiyor\u201d<\/i><\/b> diyen Kahin Bat\u0131 i\u00e7in <b><i>\u201cTarihin sonu\u201d<\/i><\/b>nu getirecek bir <b><i>\u201cMedeniyetler aras\u0131 sava\u015f\u201d <\/i><\/b>i\u00e7in dikkat \u00e7ekmi\u015fti. Bu kahin, her nedense hep 2014\u2019e vurgu yaparak Bat\u0131l\u0131lar\u0131 bir y\u0131k\u0131l\u0131\u015f tehdidine kar\u015f\u0131 uyar\u0131vermi\u015fti. Yoksa Hz. Peygamber Efendimizin \u0131srarla haber verdi\u011fi, \u0130slam b\u00fcy\u00fcklerinin ve m\u00fcminlerin hasretle bekledi\u011fi tarihi hesapla\u015fma bu kadar yak\u0131n m\u0131 g\u00f6r\u00fclmekteydi?<\/span><\/p>\n<p style=\"margin-bottom: 0.0001pt; text-align: justify; text-indent: 14.2pt; line-height: normal;\"><b><span style=\"font-size: 12pt; font-family: 'Arial','sans-serif';\">Siyonistler, Mescid-i Aksa\u2019y\u0131 M\u00fcsl\u00fcmanlardan kopar\u0131p almak i\u00e7in t\u00fcrl\u00fc oyunlar \u00e7evirmekteydi. Mescid-i Aksa \u00fczerindeki emelleri bilinen \u0130srail\u2019e kar\u015f\u0131 birle\u015femeyen ve Erbakan\u2019\u0131n derleni\u015f ve direni\u015f \u015fuurunu yitiren yek v\u00fccut olamayan M\u00fcsl\u00fcmanlar, ne yaz\u0131k ki Mescid-i Aksa\u2019n\u0131n yok olu\u015funu sadece seyretmekteydi. \u0130slam d\u00fcnyas\u0131n\u0131n sessizli\u011finden cesaret alan Siyonistler, meclisten ge\u00e7irmeye \u00e7al\u0131\u015ft\u0131klar\u0131 yasa tasar\u0131s\u0131yla Mescid-i Aksa\u2019y\u0131 yok etmeye giri\u015fmi\u015fti.<\/span><\/b><\/p>\n<p style=\"margin-bottom: 0.0001pt; text-align: justify; text-indent: 14.2pt; line-height: normal;\"><span style=\"font-size: 12pt; font-family: 'Arial','sans-serif';\">Siyonist \u0130srail aylard\u0131r Mescid-i Aksa\u2019n\u0131n alt\u0131nda yapt\u0131\u011f\u0131 kaz\u0131larla M\u00fcsl\u00fcmanlar\u0131n ilk k\u0131blesini y\u0131karak iddia ettikleri S\u00fcleyman Mabedini in\u015fa etmek \u00fczere her t\u00fcrl\u00fc haz\u0131rl\u0131\u011f\u0131 y\u00fcr\u00fctmekteydi. Ortaya \u00e7\u0131kan ve Milli Gazetede yay\u0131nlanan yeni belgelerde \u0130srail\u2019in Mescid-i Aksa\u2019y\u0131 b\u00f6lmek i\u00e7in Siyonist meclisine yeni bir kanun teklifi verildi\u011fini g\u00f6stermekteydi. \u0130srail Ba\u015fbakan\u0131 Netenyahu\u2019nun partisi Likud\u2019un Mescid-i Aksa\u2019y\u0131 b\u00f6lme planlar\u0131 deh\u015fet vericiydi. Likud Partisi\u2019nin i\u00e7inde yer alan ve kendilerini Minhijot Yahudit olarak adland\u0131ran bir grubun lideri olan Mu\u015fih Vijlin Kinisit\u2019in Mescid-i Aksa\u2019y\u0131 b\u00f6lme y\u00f6n\u00fcndeki kanun tasar\u0131s\u0131n\u0131 Kinisit\u2019te (Meclis) sunmak i\u00e7in Yahudi Diyanet \u0130\u015fleri Ba\u015fkan\u0131n\u0131n masas\u0131na b\u0131rakt\u0131\u011f\u0131 \u00f6\u011frenilmi\u015fti. Karar\u0131n yasa olarak kabul edilmesi y\u00f6n\u00fcnde \u00e7al\u0131\u015fmalar d\u00fczenleyen grup, \u0130srail h\u00fck\u00fcmetinin de deste\u011fiyle bu tasar\u0131y\u0131 kanunla\u015ft\u0131rma pe\u015findeydi. Konu hakk\u0131nda bir a\u00e7\u0131klama yapan Aksa M\u00fcessesesi yetkilileri, bu karar\u0131n Mescid-i Aksa\u2019y\u0131 a\u00e7\u0131k\u00e7a tehdit etti\u011fini belirtmi\u015fti. Hz. Peygamberimizin (SAV) <b><i>\u201cDeccal d\u00f6neminde Mescid-i Aksa\u2019n\u0131n y\u0131k\u0131laca\u011f\u0131 ve k\u00fcstahl\u0131\u011f\u0131n \u0130slam aleminde b\u00fcy\u00fck infial uyand\u0131r\u0131p tarihi hesapla\u015fman\u0131n ba\u015flayaca\u011f\u0131 ve Siyonist g\u00fc\u00e7lerin y\u0131k\u0131l\u0131p da\u011f\u0131t\u0131laca\u011f\u0131\u201d <\/i><\/b>y\u00f6n\u00fcndeki haberleri de, Frans\u0131z Kahinin 2014 endi\u015felerinde hakl\u0131 oldu\u011funu g\u00f6stermekteydi.<\/span><\/p>\n<p style=\"margin-bottom: 0.0001pt; text-align: justify; text-indent: 14.2pt; line-height: normal;\"><b><span style=\"font-size: 12pt; font-family: 'Arial','sans-serif';\">Eski Marksist Maoist militan, yeni Liberalist ve realist (!) bilgi\u00e7 adam Cengiz \u00c7andar \u00f6yle olmad\u0131\u011f\u0131n\u0131 s\u00f6ylese de, Gizli D\u00fcnya Devletinin Siyonist h\u00fck\u00fcmeti oldu\u011fu bilinen BILDERBERG toplant\u0131s\u0131nda da \u201cgizli g\u00fcndem\u201d T\u00fcrkiye ve Tayyip Bey imi\u015f\u2026<\/span><\/b><\/p>\n<p style=\"margin-bottom: 0.0001pt; text-align: justify; text-indent: 14.2pt; line-height: normal;\"><b><i><span style=\"font-size: 12pt; font-family: 'Arial','sans-serif';\">\u201cY\u0131lda bir kez ABD ya da Bat\u0131 Avrupa \u00fclkelerinden birinde toplanan Bilderberg toplant\u0131lar\u0131n\u0131n 62\u2019ncisi bu kez Danimarka\u2019n\u0131n ba\u015fkenti Kopenhag\u2019da ger\u00e7ekle\u015fti. Ben de T\u00fcrkiye\u2019den kat\u0131lan az say\u0131dan birisiyim. Mustafa Ko\u00e7, \u00dcmit Taftal\u0131, CHP\u2019nin yak\u0131n d\u00f6neme kadar genel ba\u015fkan yard\u0131mc\u0131lar\u0131ndan biri olan Umut Oran, Paris\u2019ten gelip kat\u0131lan, yak\u0131n d\u00f6nemde Paris\u2019te Legion d\u2019Honneur \u00f6d\u00fcl\u00fcyle onurland\u0131r\u0131lan tan\u0131nm\u0131\u015f sosyolo\u011fumuz Prof. Nil\u00fcfer G\u00f6le, bu y\u0131l\u0131n Nobel Bar\u0131\u015f \u00d6d\u00fcl\u00fc\u2019n\u00fc, merkezi Lahey\u2019de bulunan Kimyasal Silahlar\u0131n \u00d6nlenmesi \u00d6rg\u00fct\u00fc ad\u0131na alm\u0131\u015f olan B\u00fcy\u00fckel\u00e7i Ahmet \u00dcz\u00fcmc\u00fc\u2019n\u00fcn d\u0131\u015f\u0131nda bir de T\u00fcrk olarak ben gitmi\u015ftim\u2026\u201d <\/span><\/i><\/b><\/p>\n<p style=\"margin-bottom: 0.0001pt; text-align: justify; text-indent: 14.2pt; line-height: normal;\"><b><i><span style=\"font-size: 12pt; font-family: 'Arial','sans-serif';\">\u201c(Protesto i\u00e7in oraya gelen)<\/span><\/i><\/b><span style=\"font-size: 12pt; font-family: 'Arial','sans-serif';\"> <b><i>T\u00fcrk grubu, d\u00fcn \u00f6\u011fle yeme\u011fi i\u00e7in, otelin d\u0131\u015f\u0131na \u00e7\u0131karken, \u201cYou are criminals. We do not want you here\u201d diye ba\u011f\u0131r\u0131yordu, az say\u0131daki kalabal\u0131k. \u0130stanbul\u2019da ayn\u0131 saatlerde Gezi Park\u0131 ve Taksim\u2019e gitmesi engellenenler aras\u0131nda yer alan LBGT bayra\u011f\u0131n\u0131n ayn\u0131s\u0131n\u0131n alt\u0131nda ba\u011f\u0131r\u0131yorlard\u0131. Nil\u00fcfer G\u00f6le\u2019ye \u015faka yollu seslendim: \u201cBizim \u2018Gezici\u2019 oldu\u011fumuzu s\u00f6ylesene onlara&#8230;\u201d <\/i><\/b><\/span><\/p>\n<p style=\"margin-bottom: 0.0001pt; text-align: justify; text-indent: 14.2pt; line-height: normal;\"><b><i><span style=\"font-size: 12pt; font-family: 'Arial','sans-serif';\">Bilderberg\u2019e kat\u0131lm\u0131\u015f olmaktan hi\u00e7bir s\u0131k\u0131nt\u0131m ve \u015fik\u00e2yetimin olmamas\u0131n\u0131n bir nedeni, ak\u015fam yeme\u011finde yan yana denk geldi\u011fim, 91 ya\u015f\u0131n\u0131 devirmi\u015f olan ama kafas\u0131 bir \u0130svi\u00e7re saati gibi m\u00fckemmel i\u015flemeye devam eden Henry Kissinger ile birka\u00e7 cilt kitap okusam, elde edemeyece\u011fim bilgi ve bak\u0131\u015f a\u00e7\u0131s\u0131n\u0131 kazand\u0131\u011f\u0131m bir hararetli sohbete koyulmam. Bir de Bilderberg\u2019in sabahtan ak\u015fama kadar s\u00fcren oturumlar\u0131nda izledi\u011fim oturumlar\u0131\u2026\u201d<\/span><\/i><\/b><\/p>\n<p style=\"margin-bottom: 0.0001pt; text-align: justify; text-indent: 14.2pt; line-height: normal;\"><b><i><span style=\"font-size: 12pt; font-family: 'Arial','sans-serif';\">\u201cBuralarda yer alanlar, birka\u00e7 \u00fclkenin toplam ekonomik g\u00fcc\u00fcnden daha fazla g\u00fcc\u00fc olan Airbus, BP, Shell, Nokia, Goldman Sachs, Fiat, Google, Microsoft gibi uluslararas\u0131 \u015firketlerin CEO\u2019lar\u0131 ve en \u00fcst d\u00fczey y\u00f6neticilerinden, \u0130sve\u00e7 ve \u0130spanya d\u0131\u015fi\u015fleri bakanlar\u0131na, AB Komisyonerlerinden Amerikan Hazinesi\u2019nin ba\u015f\u0131nda d\u00fcnya ekonomisini etkileyen kararlara imza atm\u0131\u015f olan Lawrence Summers, Robert Rubin gibi isimlere, yak\u0131n d\u00f6neme dek ABD\u2019nin Siberuzay Komutan\u0131 ve NSA Ba\u015fkan\u0131 olan Keith Alexander ile \u0130ngiliz Gizli Servis Ba\u015fkan\u0131 John Sawers\u2019a, \u0130spanya\u2019da demokrasi m\u00fccadelesinin ba\u015f\u0131n\u0131 \u00e7ekmi\u015f olan El Pais Genel Yay\u0131n Y\u00f6netmeni, sosyalist Juan Luis Cebrian\u2019dan yak\u0131n d\u00f6neme dek Fransa\u2019n\u0131n \u00fcnl\u00fc Le Monde\u2019unun ba\u015f\u0131nda bulunan Natalie Nougayrede\u2019ye, Financial Times\u2019\u0131n Martin Wolf\u2019una kalbur\u00fcst\u00fc bas\u0131n mensuplar\u0131na, Hollanda Prensesi ile \u0130spanya Krali\u00e7esi\u2019nden, IMF\u2019nin ba\u015f\u0131ndaki Christine Lagarde\u2019dan D\u00fcnya Bankas\u0131\u2019n\u0131n eski ba\u015fkanlar\u0131 James Wolfensohn ve Robert Zoellick\u2019e, Harvard\u2019\u0131n MIT\u2019nin \u00f6nde gelen profes\u00f6rlerinden, \u00e7e\u015fitli Avrupal\u0131 siyaset adamlar\u0131na, ABD\u2019nin Obama\u2019dan sonra ikinci siyah ba\u015fkan\u0131 olma ihtimali en y\u00fcksek ki\u015fisi say\u0131labilecek Atlanta Belediye Ba\u015fkan\u0131 Kasim Reed\u2019e, \u0130ngiltere\u2019nin iktidardaki maliye bakan\u0131 ile muhalefetin g\u00f6lge maliye bakan\u0131na, NATO Genel Sekreteri Rasmussen\u2019den SACEUR yani NATO Avrupa Kuvvetleri Komutan\u0131 General Philip Breedlove\u2019a, Irak ve Afganistan tecr\u00fcbelerini ta\u015f\u0131yan emekli General David Petraeus\u2019a ve benzeri nice isimlere uzanan, bu isimlerin d\u0131\u015f\u0131nda kalan ve bu isimlerin bir\u00e7o\u011fuyla e\u015fde\u011fer ve d\u00fczeyde, yakla\u015f\u0131k 140 ki\u015fi\u2026\u201d <\/span><\/i><\/b><b><span style=\"font-size: 12pt; font-family: 'Arial','sans-serif';\">tespitiyle hangi Yahudi \u015firketlerin ve Siyonist stratejistlerin d\u00fcnyay\u0131 dizayn ettiklerini itiraf eden ama; <i>\u201cBu arada bir Bilderberg izlenimi: T\u00fcrkiye, Bat\u0131 d\u00fcnyas\u0131n\u0131n g\u00fcndeminde pek g\u00f6z\u00fckm\u00fcyor. Bir \u201cde\u011fer erozyonu\u201d dikkat \u00e7ekiyor. Yani, T\u00fcrkiye\u2019nin Bilderberg\u2019de konu olmamas\u0131, T\u00fcrkiye a\u00e7\u0131s\u0131ndan pek hay\u0131rl\u0131 bir i\u015faret de\u011fil\u201d d<\/i>iyen Cengiz \u00c7andar her nedense bir ger\u00e7e\u011fi gizleme pe\u015findeydi. \u00c7\u00fcnk\u00fc hemen ard\u0131ndan; <i>\u201cBu sat\u0131rlar\u0131 yazd\u0131\u011f\u0131m \u015fu anda, Bilderberg\u2019de \u201cDemokrasinin Gelece\u011fi ve Orta Gelir Tuza\u011f\u0131\u201d ba\u015fl\u0131kl\u0131 oturum ba\u015flad\u0131. Oturum ba\u015fkan\u0131 Freedom House raporlar\u0131na g\u00f6nderme yaparak, 2014\u2019te \u201cdemokrasinin Rusya, M\u0131s\u0131r ve T\u00fcrkiye\u2019de geri gitti\u011fini\u201d s\u00f6yledi\u201d<\/i><\/span><\/b><span style=\"font-size: 12pt; font-family: 'Arial','sans-serif';\"> <b>diyen Bay \u00c7andar, Bilderberg\u2019te <i>\u201cT\u00fcrkiye demokrasisinin ve gelece\u011finin tart\u0131\u015f\u0131ld\u0131\u011f\u0131n\u0131\u201d<\/i> de\u015fifre etmekteydi. Yaz\u0131s\u0131n\u0131n hemen giri\u015finde: <i>\u201cKendimiz, Kopenhag\u2019da, \u201cBilderberg\u201ddeyiz. G\u00f6nl\u00fcm\u00fcz, \u0130stanbul\u2019da. Gezi\u2019de. Demokrasi ve \u00f6zg\u00fcrl\u00fc\u011f\u00fcn yan\u0131nday\u0131z. Herhalde d\u00fcnyada yan yana gelebilmesi d\u00fc\u015f\u00fcn\u00fclemeyecek iki s\u00f6zc\u00fck akla gelebilirse, bunlar \u201cBilderberg\u201d ve \u201cGezi\u201d olabilirdi. Ne var ki, pek\u00e2l\u00e2 bir araya gelebileceklerini Bilderberg toplant\u0131s\u0131 vesilesiyle ben g\u00f6rebildim\u201d <\/i>diyen Cengiz Bey, acaba Recep Bey\u2019in hem kahramanla\u015ft\u0131r\u0131lmas\u0131 hem de hizaya sokulup kontrol alt\u0131nda tutulmas\u0131 i\u00e7in, Bilderbergciler taraf\u0131ndan gezi olaylar\u0131n\u0131n tezg\u00e2hland\u0131\u011f\u0131n\u0131 ve nice insan\u0131n fig\u00fcran olarak kullan\u0131ld\u0131\u011f\u0131n\u0131 ger\u00e7ekten bilmiyor ve hala fark etmiyor olabilir miydi?<\/b><\/span><\/p>\n<p style=\"margin-bottom: 0.0001pt; text-align: justify; text-indent: 14.2pt; line-height: normal;\"><span style=\"font-size: 14pt;\"><b><span style=\"font-family: 'Arial','sans-serif';\">G\u00fcneydo\u011fu fiilen kopar\u0131lmaya haz\u0131rlanmaktayd\u0131.<\/span><\/b><\/span><\/p>\n<p style=\"margin-bottom: 0.0001pt; text-align: justify; text-indent: 14.2pt; line-height: normal;\"><span style=\"font-size: 12pt; font-family: 'Arial','sans-serif';\">Diyarbak\u0131r\u2019\u0131n Lice ile Hani il\u00e7eleri aras\u0131nda yol kesen PKK\u2019l\u0131lar 1 uzman \u00e7avu\u015fu ka\u00e7\u0131r\u0131yordu. PKK Diyarbak\u0131r\u2019\u0131n Lice \u0130l\u00e7esinde g\u00fcnlerce yol kesiyor pervas\u0131zl\u0131k sergiliyordu. PKK\u2019l\u0131lar Diyarbak\u0131r-Bing\u00f6l karayolunun ard\u0131ndan bu kez de Mu\u015f\u2019un Varto il\u00e7esi ile Bing\u00f6l\u2019\u00fcn Karl\u0131ova il\u00e7elerinde yol kapat\u0131yor m\u00fcdahale eden 16 jandarmaya ate\u015f a\u00e7\u0131p yaral\u0131yordu. Mu\u015f\u2019un Varto il\u00e7esi ile Bing\u00f6l\u2019\u00fcn Karl\u0131ova il\u00e7eleri aras\u0131ndaki karayoluna barikat kurarak kesen PKK\u2019l\u0131lar ara\u00e7lar\u0131n ge\u00e7i\u015fine izin vermiyordu. Art\u0131k G\u00fcneydo\u011fu\u2019da i\u015fler giderek \u00e7\u0131\u011f\u0131r\u0131ndan \u00e7\u0131k\u0131yordu. Cizre\u2019de kentin merkezinde karayolunu ula\u015f\u0131ma kapatan ter\u00f6ristler, durdurduklar\u0131 ara\u00e7takilere kimlik kontrol\u00fc yap\u0131yordu. Olaylar s\u0131ras\u0131nda g\u00f6stericilerin att\u0131\u011f\u0131 molotoftan ka\u00e7an z\u0131rhl\u0131 takla at\u0131yor, ara\u00e7ta bulunan 3 polis yaralan\u0131yordu. Dahas\u0131 YDG-H isimli PKK\u2019n\u0131n s\u00f6zde g\u00fcvenlik \u00f6rg\u00fct\u00fcn\u00fcn kapatt\u0131\u011f\u0131 Diyarbak\u0131r-Bing\u00f6l karayolunda bulunan Fisovas\u0131 b\u00f6lgesinde kapatt\u0131\u011f\u0131 yolun a\u00e7\u0131lmas\u0131 i\u00e7in yap\u0131lan m\u00fcdahalede yedi asker yaralan\u0131yordu. YDG-H \u00fcyeleri, bu s\u0131rada olaya m\u00fcdahale eden askere el yap\u0131m\u0131 bomba, Molotof, havai fi\u015fek ve ta\u015fl\u0131 sald\u0131r\u0131da bulunuyordu. PKK yol kapatma, i\u015f yeri bas\u0131p yakma, y\u0131kma ile de durmuyor. \u0130zmir-Diyarbak\u0131r havalisinden \u00e7ocuklar\u0131 ka\u00e7\u0131r\u0131p da\u011fa \u00e7\u0131kar\u0131yordu. \u00d6n\u00fcne gelen herkese k\u00fckreyen Ba\u015fbakan dahil olmak \u00fczere hi\u00e7bir devlet yetkilisi konuya ili\u015fkin sorulan sorulara cevap vermiyordu. G\u00fcneydo\u011fu\u2019da yaln\u0131z \u00e7ocuklar da\u011fa \u00e7\u0131kar\u0131lm\u0131yor. Yollar kesiliyor, kimlik kontrol\u00fc yap\u0131l\u0131yor, asker\/sivil rehin al\u0131n\u0131yordu. AKP ise HDP\u2019yi araya koyarak ka\u00e7\u0131r\u0131lan baz\u0131 askerlerin serbest b\u0131rak\u0131lmas\u0131 i\u00e7in \u00e7\u0131rp\u0131n\u0131yordu. <\/span><\/p>\n<p style=\"margin-bottom: 0.0001pt; text-align: justify; text-indent: 14.2pt; line-height: normal;\"><span style=\"font-size: 12pt; font-family: 'Arial','sans-serif';\">\u201c\u00c7\u00f6z\u00fcm S\u00fcreci\u201d ba\u011flam\u0131nda \u00fc\u00e7 h\u00fck\u00fcmet \u00fcyesi bakan ile PKK ad\u0131na \u00fc\u00e7 HDP\u2019li kapal\u0131 kap\u0131lar aras\u0131nda rutin g\u00f6r\u00fc\u015fmeler yap\u0131yordu. T\u00fcrkiye\u2019de fiilen iki g\u00fc\u00e7 oda\u011f\u0131 olu\u015fmu\u015f bulunuyordu. Bir yanda ter\u00f6r \u00f6rg\u00fct\u00fc ve lideri di\u011fer yanda ise AKP g\u00f6revlileri g\u00f6r\u00fcn\u00fcyordu. Bu durum iktidar\u0131n milletten ald\u0131\u011f\u0131 egemenlik hakk\u0131n\u0131 fiilen ter\u00f6r \u00f6rg\u00fct\u00fc mensuplar\u0131yla payla\u015ft\u0131\u011f\u0131 anlam\u0131na geliyordu. Bu ger\u00e7ek AKP iktidar\u0131n\u0131n me\u015fruiyetini yitirdi\u011fi anlam\u0131na geliyordu. Recep Tayyip Erdo\u011fan\u2019\u0131n \u015fu s\u00f6zleri ac\u0131 ger\u00e7e\u011fi ortaya koyuyordu: <b><i>\u201cPKK \u00e7\u0131k\u0131yor, \u2018yol yapma, baraj yapma, ge\u00e7i\u015f yollar\u0131na kontrol noktalar\u0131 kurma\u2019 diyorlar. Asker operasyon d\u00fczenlemek i\u00e7in valili\u011fe ba\u015fvuruyor. Valilik izin vermiyor. \u0130zin verilmedi\u011fine dair belgeler askerin ar\u015fivinde. Asker 20 y\u0131l sonra bana niye gere\u011fini yapmad\u0131n diye soruldu\u011funda ben bu belgeleri g\u00f6sterece\u011fim\u2019 diyor. Hakl\u0131 olarak kendini g\u00fcvenceye al\u0131yor.\u201d <\/i><\/b>Bu s\u00f6zleriyle Tayyip Erdo\u011fan, g\u00fcvenlik g\u00fc\u00e7lerinin elini kolunu ba\u011flad\u0131\u011f\u0131n\u0131 itiraf etmi\u015f oluyordu. Ba\u015fbakan asker, operasyon yapmak i\u00e7in valili\u011fe ba\u015fvurdu\u011funda \u2018bizim AB talimat\u0131yla \u00e7\u0131kard\u0131\u011f\u0131m\u0131z kanunlar do\u011frultusunda valilik izin vermiyor\u2019 ger\u00e7e\u011fini dile getiriyordu. <\/span><\/p>\n<p style=\"margin-bottom: 0.0001pt; text-align: justify; text-indent: 14.2pt; line-height: normal;\"><span style=\"font-size: 14pt;\"><b><span style=\"font-family: 'Arial','sans-serif';\">\u015e\u0131rnak Valisi: \u201cErdo\u011fan ve \u00d6calan\u2019\u0131 takdirle kar\u015f\u0131lad\u0131\u011f\u0131n\u0131\u201d a\u00e7\u0131klamaktayd\u0131.<\/span><\/b><\/span><\/p>\n<p style=\"margin-bottom: 0.0001pt; text-align: justify; text-indent: 14.2pt; line-height: normal;\"><span style=\"font-size: 12pt; font-family: 'Arial','sans-serif';\">\u015e\u0131rnak Valisi Hasan \u0130pek, <b><i>\u201c\u00c7\u00f6z\u00fcm s\u00fcrecini bu a\u015famaya getiren Ba\u015fbakan\u0131m\u0131z Tayyip Erdo\u011fan\u2019a ve bu konuda ciddi gayretleri olan Abdullah \u00d6calan\u2019\u0131 takdirle kar\u015f\u0131l\u0131yorum. Halk\u0131n bu yo\u011fun ilgisine hi\u00e7 kimse kar\u015f\u0131 \u00e7\u0131kmas\u0131n istiyorum\u201d<\/i><\/b> a\u00e7\u0131klamas\u0131 yaparken, Diyarbak\u0131r\u2019da BDP taraf\u0131ndan d\u00fczenlenen \u00d6calan\u2019a \u00f6zg\u00fcrl\u00fck y\u00fcr\u00fcy\u00fc\u015f\u00fcnde grubun i\u00e7inden baz\u0131 ki\u015filer polise ta\u015fl\u0131 sald\u0131r\u0131da bulunuyordu. BDP\u2019li yetkililerle g\u00f6r\u00fc\u015fen polis m\u00fcd\u00fcrleri, grubun Ko\u015fuyolu Park\u0131\u2019na gidebilece\u011fini belirtiyor, Emniyet M\u00fcd\u00fcr\u00fc ise BDP\u2019li kad\u0131n Belediye Ba\u015fkan yard\u0131mc\u0131lar\u0131na \u2018Siz hepiniz benim ablalar\u0131ms\u0131n\u0131z\u2019 diye ya\u011f \u00e7ekmek zorunda kal\u0131yordu. PKK \u00e7ocuk ka\u00e7\u0131rma iddialar\u0131yla ilgili baz\u0131 ailelerin Diyarbak\u0131r\u2019da yapt\u0131\u011f\u0131 eylemler \u00fczerine \u00f6rg\u00fcte yak\u0131n internet siteleri arac\u0131l\u0131\u011f\u0131yla a\u00e7\u0131klama yap\u0131yor, devletin Abdullah \u00d6calan\u2019\u0131n geli\u015ftirdi\u011fi demokratik \u00e7\u00f6z\u00fcm s\u00fcrecine olumlu bir cevap vermemesine tepki olarak son d\u00f6nemde gen\u00e7lerin PKK saflar\u0131na kat\u0131l\u0131mlar\u0131n\u0131n yo\u011funla\u015ft\u0131\u011f\u0131n\u0131 \u00f6ne s\u00fcrecek kadar \u015f\u0131mar\u0131yordu. <\/span><\/p>\n<p style=\"margin-bottom: 0.0001pt; text-align: justify; text-indent: 14.2pt; line-height: normal;\"><span style=\"font-size: 14pt;\"><b><span style=\"font-family: 'Arial','sans-serif';\">Kandil\u2019e giden Akil insan Erdo\u011fan\u2019\u0131 haks\u0131z \u00e7\u0131kartm\u0131\u015ft\u0131.<\/span><\/b><\/span><\/p>\n<p style=\"margin-bottom: 0.0001pt; text-align: justify; text-indent: 14.2pt; line-height: normal;\"><span style=\"font-size: 12pt; font-family: 'Arial','sans-serif';\">AKP h\u00fck\u00fcmetinin olu\u015fturdu\u011fu Akil \u0130nsanlar Heyeti\u2019nde yer alan 78\u2019liler Federasyon Ba\u015fkan\u0131 Celalettin Can ka\u00e7\u0131r\u0131lan \u00e7ocuklarla ilgili h\u00fck\u00fcmeti ele\u015ftiriyordu. \u201cKa\u00e7\u0131r\u0131lan \u00e7ocuklar\u201d meselesini \u00e7\u00f6zecek olanaklara sahip olan Ba\u015fbakan\u2019\u0131n konuyu siyasi polemik unsuru haline getirdi\u011fini \u00f6ne s\u00fcren Can \u015f\u00f6yle devam ediyordu: <b><i>\u201cBar\u0131\u015f s\u00fcrecinin tam merkezinde yer alan bir Ba\u015fbakan, m\u00fczakere yapt\u0131\u011f\u0131 muhataplar\u0131na kar\u015f\u0131 kamuoyunun \u00f6n\u00fcnde bu kadar a\u00e7\u0131k pozisyon almaz. \u0130stese sessizce M\u0130T kanal\u0131yla bu meseleyi \u0130mral\u0131\u2019ya Kandil\u2019e \u00e7\u00f6zd\u00fcrebilirdi. Bunu yapmay\u0131p meseleyi do\u011frudan kendisi g\u00fcndeme getirdi. Bu y\u00fczden taktik bir hareket oldu\u011funu d\u00fc\u015f\u00fcn\u00fcyorum.\u201d<\/i><\/b><\/span><\/p>\n<p style=\"margin-bottom: 0.0001pt; text-align: justify; text-indent: 14.2pt; line-height: normal;\"><span style=\"font-size: 14pt;\"><b><span style=\"font-family: 'Arial','sans-serif';\">K\u00fcrtler Vatikan\u2019da Papa\u2019yla bulu\u015fmu\u015flard\u0131!<\/span><\/b><\/span><\/p>\n<p style=\"margin-bottom: 0.0001pt; text-align: justify; text-indent: 14.2pt; line-height: normal;\"><span style=\"font-size: 12pt; font-family: 'Arial','sans-serif';\">Diyarbak\u0131r K\u0131rklar Meclisi ad\u0131na yaz\u0131lan mektup, Sur eski Belediye Ba\u015fkan\u0131 Abdullah Demirta\u015f taraf\u0131ndan Vatikan\u2019da Papa\u2019ya veriliyordu. Diyarbak\u0131r&#8217;dan Papa Francesco&#8217;yu ziyaret eden ilk heyet olan &#8216;Diyarbak\u0131r K\u0131rklar Meclisi&#8217;nin Papa&#8217;ya verdi\u011fi mektupta K\u00fcrt sorununa sahip \u00e7\u0131kmas\u0131 isteniyordu. B\u00f6lgede ilk kez \u00e7ok dilli belediyecili\u011fi ba\u015flatmas\u0131yla tan\u0131nan merkez Sur \u0130l\u00e7esi Belediye eski Ba\u015fkan\u0131 Abdullah Demirta\u015f taraf\u0131ndan olu\u015fturulan, her din ve etnik kimlikten ki\u015filerin yer ald\u0131\u011f\u0131 \u201cK\u0131rklar Meclisi\u201d heyeti 14 May\u0131s\u2019ta Vatikan\u2019da protokolde kendilerine ayr\u0131lan b\u00f6l\u00fcmde papa Francesco ile haftal\u0131k ayinden sonra g\u00f6r\u00fc\u015f\u00fcp Papa\u2019ya mektup veriyor. T\u00fcrkiye, Irak, \u0130ran ve Suriye\u2019deki K\u00fcrtlerin \u2018boyunduruk alt\u0131nda\u2019 olduklar\u0131 savunuluyordu. <b>\u015eimdi sormak gerekiyordu: \u201cDevlet mi \u00d6calan\u2019\u0131, yoksa \u00d6calan m\u0131 devleti kullan\u0131yordu?\u201d<\/b><\/span><\/p>\n<p style=\"margin-bottom: 0.0001pt; text-align: justify; text-indent: 14.2pt; line-height: normal;\"><b><span style=\"font-size: 12pt; font-family: 'Arial','sans-serif';\">Abdullah \u00d6calan, Twitter\u2019da yay\u0131mlad\u0131\u011f\u0131 mesajlar\u0131nda G\u00fcneydo\u011fu\u2019da \u00f6zerkli\u011fi kabullendirmek i\u00e7in i\u00e7 sava\u015f tehdidinde bulunuyordu. <i>\u20185 milyon ki\u015fi de \u00f6lse biz bu teslimiyeti asla kabul etmeyiz\u2019<\/i> iletisini payla\u015f\u0131yordu.<\/span><\/b><\/p>\n<p style=\"margin-bottom: 0.0001pt; text-align: justify; text-indent: 14.2pt; line-height: normal;\"><span style=\"font-size: 12pt; font-family: 'Arial','sans-serif';\">Yerel se\u00e7imlerin ard\u0131ndan G\u00fcneydo\u011fu\u2019da \u00f6zerklik \u00e7al\u0131\u015fmalar\u0131n\u0131 h\u0131zland\u0131raca\u011f\u0131n\u0131 daha \u00f6nce a\u00e7\u0131klayan PKK bu amac\u0131na ula\u015fmak i\u00e7in Bat\u0131\u2019da i\u00e7 sava\u015f tehditlerine ba\u015fl\u0131yordu. Abdullah \u00d6calan\u2019\u0131n avukatlar\u0131 taraf\u0131ndan y\u00f6netilen Twitter hesab\u0131ndan 2 Nisan g\u00fcn\u00fcn\u00fcn ilk saatlerinde tehdit mesajlar\u0131 yay\u0131nlan\u0131yordu. \u00d6calan\u2019\u0131n mesajlar\u0131n\u0131n yan\u0131 s\u0131ra, BDP\u2019nin kazanamad\u0131\u011f\u0131 baz\u0131 il\u00e7elerde silahl\u0131 PKK\u2019l\u0131lar\u0131n da kar\u0131\u015ft\u0131\u011f\u0131 bildirilen ve \u00e7at\u0131\u015fmalar\u0131n ya\u015fand\u0131\u011f\u0131 eylemlerle, zor yoluyla belediye say\u0131s\u0131n\u0131 artt\u0131rma giri\u015fimleri ya\u015fan\u0131yor, KCK y\u00fcr\u00fctme Konseyi, herkesi T\u00fcrkiye \u00e7ap\u0131nda eyleme \u00e7a\u011f\u0131r\u0131yordu.<\/span><\/p>\n<p style=\"margin-bottom: 0.0001pt; text-align: justify; text-indent: 14.2pt; line-height: normal;\"><span style=\"font-size: 14pt;\"><b><span style=\"font-family: 'Arial','sans-serif';\">PKK\/BDP y\u00f6neticilerinden ard\u0131 ard\u0131na \u00f6zerklik a\u00e7\u0131klamalar\u0131 geliyor ve \u2018Ankara\u2019n\u0131n \u00f6zerkli\u011fi kabul etti\u011fi\u2019 s\u00f6yleniyordu.<\/span><\/b><\/span><\/p>\n<p style=\"margin-bottom: 0.0001pt; text-align: justify; text-indent: 14.2pt; line-height: normal;\"><span style=\"font-size: 12pt; font-family: 'Arial','sans-serif';\">K\u0131\u015fanak <b><i>\u201cPetrolden pay alaca\u011f\u0131z\u201d<\/i><\/b> a\u00e7\u0131klamas\u0131n\u0131 AB Yerel Y\u00f6netimler \u015eartnamesi\u2019ne dayanarak yapt\u0131\u011f\u0131n\u0131 s\u00f6yl\u00fcyor. Bay\u0131k da <b><i>\u201cB\u00f6lge enerjiden adeta mahrum b\u0131rak\u0131lmaktad\u0131r\u201d<\/i><\/b> diyerek destek veriyordu. Yerel se\u00e7imlerden sonra PKK ve BDP y\u00f6neticileri \u00fcst \u00fcste \u00f6zerklik a\u00e7\u0131klamalar\u0131 yapmaya devam ediyordu. Se\u00e7imlerden \u00f6nce s\u00f6z etti\u011fi \u201cDemokratik \u00f6zerklik\u201d program\u0131n\u0131n kendisine bir getirisi olmayan PKK\/BDP, \u015fimdi de halk\u0131 \u00f6zerkli\u011fe ikna etmek i\u00e7in \u201cmali \u00f6zerklik\u201d propagandas\u0131 yap\u0131yordu. \u201cDiyarbak\u0131r\u2019da \u00e7\u0131kan petrolden pay alaca\u011f\u0131z\u201d a\u00e7\u0131klamas\u0131yla b\u00fcy\u00fck tepki \u00e7eken Diyarbak\u0131r B\u00fcy\u00fck\u015fehir Belediye Ba\u015fkan\u0131 G\u00fcltan K\u0131\u015fanak, bu kez <b><i>\u201cT\u00fcrkiye, Avrupa Birli\u011fi\u2019nin Yerel Y\u00f6netimler \u00d6zerklik \u015eart\u0131\u2019na imza atm\u0131\u015ft\u0131r. Devlet, bu \u015fartlara imza atarak \u00f6zerklik hukukunu kabul etmi\u015f oluyor\u201d<\/i><\/b> diyordu. Diyarbak\u0131r\u2019daki yeralt\u0131 kaynaklar\u0131ndan pay alacaklar\u0131n\u0131 bir kez daha vurgulayan Diyarbak\u0131r B\u00fcy\u00fck\u015fehir Belediye Ba\u015fkan\u0131 K\u0131\u015fanak, B\u00fcy\u00fck\u015fehir Yasas\u0131\u2019yla yeralt\u0131 kaynaklar\u0131n\u0131n kontrol\u00fcn\u00fcn belediyelere ge\u00e7ti\u011fini s\u00f6yleyerek, \u201cE\u011fer yerel y\u00f6netimler halk\u0131n iradesini temsil ediyorsa belediyenin sorumluluk alan\u0131 i\u00e7erisinde olan yeralt\u0131 ve yer\u00fcst\u00fc kaynaklar\u0131n\u0131n t\u00fcm\u00fcn\u00fcn, halk\u0131n iradesini temsil eden belediyelere devredilmesi gerekiyor\u201d diye konu\u015ftu. PKK yay\u0131n organlar\u0131, K\u0131\u015fanak\u2019\u0131n a\u00e7\u0131klamas\u0131n\u0131 \u201cMali \u00f6zerkli\u011fi geli\u015ftirece\u011fiz\u201d diye verdi.<\/span><\/p>\n<p style=\"margin-bottom: 0.0001pt; text-align: justify; text-indent: 14.2pt; line-height: normal;\"><span style=\"font-size: 14pt;\"><b><span style=\"font-family: 'Arial','sans-serif';\">Bay\u0131k\u2019tan K\u0131\u015fanak\u2019a destek<\/span><\/b><\/span><\/p>\n<p style=\"margin-bottom: 0.0001pt; text-align: justify; text-indent: 14.2pt; line-height: normal;\"><span style=\"font-size: 12pt; font-family: 'Arial','sans-serif';\">PKK\u2019n\u0131n \u00fcst organ\u0131 KCK Y\u00fcr\u00fctme Konseyi Ba\u015fkan\u0131 Cemil Bay\u0131k\u2019tan Diyarbak\u0131r B\u00fcy\u00fck \u015eehir Belediye Ba\u015fkan\u0131 G\u00fcltan K\u0131\u015fanak\u2019a destek geliyordu. Bay\u0131k, <b><i>\u201cE\u011fer K\u00fcrtlerin zengin kaynaklar\u0131 K\u00fcrdistan\u2019a kal\u0131rsa b\u00fct\u00fcn ekonomik sorunlar\u0131 \u00e7\u00f6z\u00fclecektir\u201d diye yaz\u0131yordu. T\u00fcrkiye\u2019de K\u00fcrt\u00e7e yay\u0131nlanan Azadiya Welat gazetesine yazd\u0131\u011f\u0131 makalede, \u201cK\u0131\u015fanak\u2019\u0131n s\u00f6yledi\u011fi \u015feyler K\u00fcrdistan\u2019\u0131n bilinen ger\u00e7ekli\u011fidir. T\u00fcrkiye\u2019nin, enerji ihtiyac\u0131n\u0131n b\u00fcy\u00fck k\u0131sm\u0131 K\u00fcrdistan\u2019dan \u00fcretiliyor. K\u00fcrdistan da ise enerji sorunu var, b\u00f6lge enerjiden adeta mahrum b\u0131rak\u0131lmaktad\u0131r. K\u00fcrdistan\u2019da \u00fcretilen enerji K\u00fcrdistan\u2019\u0131n ihtiyac\u0131 olan enerjinin 100 kat\u0131 kadard\u0131r\u201d <\/i><\/b>diyebiliyordu.<\/span><\/p>\n<p style=\"margin-bottom: 0.0001pt; text-align: justify; text-indent: 14.2pt; line-height: normal;\"><span style=\"font-size: 14pt;\"><b><span style=\"font-family: 'Arial','sans-serif';\">T\u00fcrk\u2019ten \u00f6zerklik a\u00e7\u0131klamas\u0131<\/span><\/b><\/span><\/p>\n<p style=\"margin-bottom: 0.0001pt; text-align: justify; text-indent: 14.2pt; line-height: normal;\"><span style=\"font-size: 12pt; font-family: 'Arial','sans-serif';\">Ahmet T\u00fcrk\u2019ten de \u00f6zerklik a\u00e7\u0131klamas\u0131 geliyordu. T\u00fcrk, \u0130l \u00d6zel \u0130daresi\u2019ne ait ta\u015f\u0131nmazlar\u0131n belediyeye devrini isteyerek <b><i>\u201cDemokratik \u00f6zerklik, K\u00fcrt halk\u0131n\u0131n talebidir. Bu, asl\u0131nda partimizin de program\u0131ndad\u0131r. Bunun in\u015fas\u0131, altyap\u0131s\u0131n\u0131 olu\u015fturma konusunda ortak \u00e7al\u0131\u015fmalar yapaca\u011f\u0131z\u201d<\/i><\/b> diyordu.<\/span><\/p>\n<p style=\"margin-bottom: 0.0001pt; text-align: justify; text-indent: 14.2pt; line-height: normal;\"><b><span style=\"font-size: 12pt; font-family: 'Arial','sans-serif';\">AB Yerel Y\u00f6netimler \u015eartnamesi nedir?<\/span><\/b><\/p>\n<p style=\"margin-bottom: 0.0001pt; text-align: justify; text-indent: 14.2pt; line-height: normal;\"><b><span style=\"font-size: 12pt; font-family: 'Arial','sans-serif';\">AB Yerel Y\u00f6netimler \u015eartnamesi, yerel y\u00f6netimlerde \u00f6zerkli\u011fin \u00f6n\u00fcn\u00fc a\u00e7an ve yeralt\u0131 yer\u00fcst\u00fc kaynaklar\u0131ndan yerel belediyelerin pay almas\u0131n\u0131 ve halktan vergi toplamas\u0131n\u0131n \u00f6n\u00fcn\u00fc a\u00e7an bir metin oluyordu. Bu metni T\u00fcrkiye 1988 y\u0131l\u0131nda kabul ederek, 1993 y\u0131l\u0131nda da TBMM\u2019de onayl\u0131yordu. 1993\u2019ten bu yana Erbakan hari\u00e7 b\u00fct\u00fcn iktidarlar AB Yerel Y\u00f6netimler \u015eartnamesi\u2019ni savunuyor ve destekliyordu. BDP\u2019li K\u0131\u015fanak da yeralt\u0131 zenginliklerinden pay alma talebini de AB Yerel Y\u00f6netimler \u015eartnamesi\u2019ne dayanarak yap\u0131yordu.<\/span><\/b><\/p>\n<p style=\"margin-bottom: 0.0001pt; text-align: justify; text-indent: 14.2pt; line-height: normal;\"><b><span style=\"font-size: 12pt; font-family: 'Arial','sans-serif';\">Bu arada Mesut Barzani Merkezi Irak y\u00f6netimine tehditler ya\u011fd\u0131rmaktayd\u0131!<\/span><\/b><\/p>\n<p style=\"margin-bottom: 0.0001pt; text-align: justify; text-indent: 14.2pt; line-height: normal;\"><span style=\"font-size: 12pt; font-family: 'Arial','sans-serif';\">IKBY Ba\u015fkan\u0131 Mesut Barzani, Irak Ba\u015fbakan\u0131 Maliki&#8217;nin 3. kez ayn\u0131 g\u00f6reve gelmesi durumunda Irak&#8217;tan ayr\u0131lmak i\u00e7in harekete ge\u00e7eceklerini s\u00f6yl\u00fcyordu. Barzani&#8217;nin liderli\u011fini yapt\u0131\u011f\u0131 K\u00fcrdistan Demokrat Partisi&#8217;nden yap\u0131lan yaz\u0131l\u0131 a\u00e7\u0131klamaya g\u00f6re, IKYB Ba\u015fkan\u0131, &#8220;Maliki \u00fc\u00e7\u00fcnc\u00fc kez de ba\u015fbakan olursa, K\u00fcrdistan&#8217;da halk referandumuna gidilecek ve Ba\u011fdat&#8217;la ili\u015fkilerimize yeni form\u00fcl bulaca\u011f\u0131z&#8221; deniyordu. Evet \u00f6zerklikle ba\u015flayan s\u00fcre\u00e7 i\u015fte b\u00f6yle bitiyordu.<\/span><\/p>\n<p style=\"margin-bottom: 0.0001pt; text-align: justify; text-indent: 14.2pt; line-height: normal;\"><b><span style=\"font-size: 12pt; font-family: 'Arial','sans-serif';\">Hat\u0131rlay\u0131n\u0131z T\u00fcrk subaylar\u0131, Amerika, ABD\u2019li \u00fcst d\u00fczey yetkililerle PKK\u2019l\u0131lar\u0131n g\u00f6r\u00fc\u015fmelerini izletip tepkilerini dile getirince hemen ard\u0131ndan Balyoz kapsam\u0131nda tutuklanmalar ba\u015fl\u0131yordu.<\/span><\/b><\/p>\n<p style=\"margin-bottom: 0.0001pt; text-align: justify; text-indent: 14.2pt; line-height: normal;\"><span style=\"font-size: 12pt; font-family: 'Arial','sans-serif';\">Balyoz davas\u0131 kapsam\u0131nda 18 y\u0131l hapis cezas\u0131na \u00e7arpt\u0131r\u0131lan Albay Mustafa \u00d6nsel, Mamak Cezaevi\u2019nde ikinci kitab\u0131n\u0131 yazm\u0131\u015ft\u0131. <b>\u201cSilivri\u2019de Firavun T\u00f6reni\u201d<\/b> adl\u0131 kitab\u0131nda, tutuklu komutanlar\u0131n g\u00f6rev y\u0131llar\u0131nda, \u00f6zellikle ABD\u2019ye kar\u015f\u0131 dik duru\u015flar\u0131n\u0131 \u015f\u00f6yle anlatmaktayd\u0131: <\/span><\/p>\n<p style=\"margin-bottom: 0.0001pt; text-align: justify; text-indent: 14.2pt; line-height: normal;\"><b><i><span style=\"font-size: 12pt; font-family: 'Arial','sans-serif';\">\u201cOrgeneral Ergin Saygun ve Albay Burhan G\u00f6\u011fce 2007 y\u0131l\u0131nda ABD\u2019ye gidiyor. G\u00f6r\u00fc\u015fme \u00f6ncesi kald\u0131klar\u0131 otele, birka\u00e7 Amerikal\u0131 gelir ve yapacaklar\u0131 sunuyu \u00f6nceden g\u00f6rmek istiyor. Ancak Burhan Albay, sunuyu vermeyince. ABD\u2019liler \u00e7ok bozuluyor. Sonradan toplant\u0131ya gidiliyor ve orada sunu yap\u0131l\u0131yor. Sunuda 3 tane film g\u00f6steriliyor. \u0130lkinde, ABD\u2019li \u00fcst d\u00fczey yetkililerle PKK\u2019l\u0131lar\u0131n g\u00f6r\u00fc\u015fmeleri bulunuyor. \u0130kinci filmde; ABD\u2019lilerin, sand\u0131k sand\u0131k silah ve m\u00fchimmat\u0131 PKK\u2019l\u0131lara teslimat g\u00f6r\u00fcnt\u00fcs\u00fc yer al\u0131yor. \u00dc\u00e7\u00fcnc\u00fcs\u00fcnde de T\u00fcrk s\u0131n\u0131r\u0131na hareket eden PKK\u2019l\u0131lara yard\u0131m eden ABD\u2019li asker grubu g\u00f6r\u00fcl\u00fcyor.<\/span><\/i><\/b><\/p>\n<p style=\"margin-bottom: 0.0001pt; text-align: justify; text-indent: 14.2pt; line-height: normal;\"><b><i><span style=\"font-size: 12pt; font-family: 'Arial','sans-serif';\">Mesaj \u00e7ok nettir: \u201cHer hareketinizi biliyoruz. Bizimle dost olmaya devam edecekseniz bu ili\u015fkiyi kesmek zorundas\u0131n\u0131z.\u201d Bunun \u00fczerine odada \u00e7ok so\u011fuk bir hava esiyor. Org. Saygun ve Burhan Albay g\u00f6n\u00fcl rahatl\u0131\u011f\u0131yla otellerine d\u00f6n\u00fcyor. K\u0131sa bir s\u00fcre sonra ABD\u2019li bir yetkili arayarak, d\u00f6nemin ABD Ba\u015fkan Yard\u0131mc\u0131s\u0131 Dick Cheney\u2019nin, kendilerini ofisinde bekledi\u011fini s\u00f6yl\u00fcyor. Ertesi g\u00fcn Cheney\u2019in ofisine gidiliyor, ancak kap\u0131daki g\u00f6revli taraf\u0131ndan durduruluyor. G\u00fcvenlik cihaz\u0131 \u00f6tt\u00fc\u011f\u00fc i\u00e7in ceketlerini \u00e7\u0131karmalar\u0131 isteniyor. Burhan Albay, bunun diplomatik kurallara ayk\u0131r\u0131 oldu\u011funu ifade ediyor. G\u00f6revli, siyahi bir askerdir ve \u201cBurada, buran\u0131n kurallar\u0131 esast\u0131r\u201d diye kar\u015f\u0131l\u0131k veriyor.<\/span><\/i><\/b><\/p>\n<p style=\"margin-bottom: 0.0001pt; text-align: justify; text-indent: 14.2pt; line-height: normal;\"><b><i><span style=\"font-size: 12pt; font-family: 'Arial','sans-serif';\">Bunun \u00fczerine Saygun Pa\u015fa, Dick Cheney\u2019le g\u00f6r\u00fc\u015fmekten vazge\u00e7ip otele d\u00f6n\u00fcyor. Bu sefer ABD\u2019li yetkililer defalarca aray\u0131p \u00f6z\u00fcr dileyerek Cheney\u2019in g\u00f6r\u00fc\u015fmek i\u00e7in kendilerini bekledi\u011fini belirtiyor ancak Saygun Pa\u015fa, bu sayg\u0131s\u0131zl\u0131\u011f\u0131 affetmeyip g\u00f6r\u00fc\u015fmeye gitmiyor. Ak\u015fam\u00fczeri, bizzat ABD Genelkurmay Ba\u015fkan\u0131 \u00d6zel Kalemi arar ve Genelkurmay Ba\u015fkan\u0131\u2019n\u0131n kendilerini konutunda yeme\u011fe bekledi\u011fini s\u00f6yl\u00fcyor. Team\u00fcller gere\u011fi teklif kabul ediliyor. Ertesi g\u00fcn ABD\u2019li yetkililer taraf\u0131ndan otelden al\u0131n\u0131yor. B\u00fcy\u00fckel\u00e7i de onlarla beraber gidiyor. <\/span><\/i><\/b><\/p>\n<p style=\"margin-bottom: 0.0001pt; text-align: justify; text-indent: 14.2pt; line-height: normal;\"><span style=\"font-size: 14pt;\"><b><i><span style=\"font-family: 'Arial','sans-serif';\">Tehdit ve tutuklama<\/span><\/i><\/b><\/span><\/p>\n<p style=\"margin-bottom: 0.0001pt; text-align: justify; text-indent: 14.2pt; line-height: normal;\"><b><i><span style=\"font-size: 12pt; font-family: 'Arial','sans-serif';\">ABD Genelkurmay Ba\u015fkan\u0131\u2019n\u0131n yan\u0131nda \u00e7e\u015fitli kademelerden b\u00fcrokrat ve senat\u00f6rler bulunuyor. Konu, \u00f6nceki g\u00fcn yap\u0131lan ABD-PKK sunumuna geliyor. Org. Saygun, orada bulunanlara, ABD\u2019nin PKK\u2019ya yard\u0131m etmesinin kabul edilemeyece\u011fini ifade ediyor. Bu kadarla da kalm\u0131yor; konuyu Kuzey Irak ve Barzani\u2019nin desteklenmesine getiriyor. Org. Saygun, bu b\u00f6lgede yeni bir devlet kurulmas\u0131n\u0131n sak\u0131ncalar\u0131n\u0131 dile getiriyor ve buna katk\u0131 vermemelerini istiyor. Org. Saygun\u2019un, bu konu\u015fmas\u0131ndan sonra bir senat\u00f6r yan\u0131na geliyor ve \u201cSizler, bu tutumunuzla \u00e7ok \u00e7etin bir yola girdiniz, i\u015finizin \u00e7ok zor oldu\u011funu s\u00f6yleyebilirim\u201d diye uyar\u0131yor. Bu tarihten 3 y\u0131l sonra, 2010\u2019da, T\u00fcrk askeri Balyoz tertibinin hedefi oluyor. 11 \u015eubat 2011\u2019de de Org. Saygun ve Burhan Albay tutuklan\u0131yor<\/span><\/i><\/b><span style=\"font-size: 12pt; font-family: 'Arial','sans-serif';\">.[4]<\/span><\/p>\n<p style=\"margin-bottom: 0.0001pt; text-align: justify; text-indent: 14.2pt; line-height: normal;\"><span style=\"font-size: 14pt;\"><b><span style=\"font-family: 'Arial','sans-serif';\">Ba\u015fbu\u011f\u2019dan \u201cmevzide ateist olmaz\u201d \u00e7\u0131k\u0131\u015f\u0131 ve ge\u00e7 de olsa olumlu itiraflar\u0131<\/span><\/b><\/span><\/p>\n<p style=\"margin-bottom: 0.0001pt; text-align: justify; text-indent: 14.2pt; line-height: normal;\"><span style=\"font-size: 12pt; font-family: 'Arial','sans-serif';\">Ergenekon davas\u0131nda 2 y\u0131l\u0131 a\u015fk\u0131n s\u00fcre tutuklu kalan Eski Genelkurmay Ba\u015fkan\u0131 Ba\u015fbu\u011f, Fikret Bila&#8217;ya \u00f6nemli a\u00e7\u0131klamalarda bulunuyordu. \u0130lker Ba\u015fbu\u011f, &#8220;mevziye girince kimse ateist olmaz, dua eder\u201d diyerek do\u011fru s\u00f6yl\u00fcyor, ancak bar\u0131\u015f zaman\u0131nda da Ordu\u2019nun bu \u0130mana sahip \u00e7\u0131kmas\u0131 ve halk\u0131n inanc\u0131na ve \u0130slam\u2019a sayg\u0131l\u0131 davranmas\u0131 gerekti\u011fi de vurgulan\u0131yordu. Eski Genelkurmay Ba\u015fkan\u0131 Ba\u015fbu\u011f, Milliyet Gazetesi Genel Yay\u0131n Y\u00f6netmeni Fikret Bila&#8217;ya Ergenekon ve Balyoz davalar\u0131nda yanl\u0131\u015f buldu\u011fu noktalar\u0131 s\u0131ral\u0131yor. TSK&#8217;n\u0131n baz\u0131 uygulamalarda vatanda\u015flara yanl\u0131\u015f yapt\u0131\u011f\u0131n\u0131 itiraf ediyordu. TSK\u2019ya y\u00f6nelik ele\u015ftirilerin haks\u0131zl\u0131k oldu\u011funu hatta zaman zaman psikolojik harekata d\u00f6n\u00fc\u015ft\u00fcr\u00fcld\u00fc\u011f\u00fcne dikkat \u00e7ekerek \u015f\u00f6yle konu\u015fuyordu:<\/span><\/p>\n<p style=\"margin-bottom: 0.0001pt; text-align: justify; text-indent: 14.2pt; line-height: normal;\"><b><i><span style=\"font-size: 12pt; font-family: 'Arial','sans-serif';\">\u201cB\u00f6yle bir \u015fey olabilir mi? Ben daha \u00f6nce de s\u00f6yledim Peygamber oca\u011f\u0131 dedi\u011finiz bir kurumdur ordu. Dinsizlik s\u00f6z konusu olabilir mi? Allah Allah diye taarruz eden bir ordudan, gemilerinin dire\u011finde Kur\u2019an\u2019\u0131 Kerim bulunan bir ordudan s\u00f6z ediyoruz. Bu TSK\u2019ya y\u00f6neltilen en haks\u0131z ele\u015ftiridir. T\u00fcrk ordusunu bu \u015fekilde su\u00e7lamak kabul edilemez, bizler bu oca\u011f\u0131n i\u00e7inde b\u00fcy\u00fcd\u00fck, ya\u015fad\u0131k. Ben sorumlu oldu\u011fum her kademede \u00e7ok hassas davranm\u0131\u015f, gerekli imkanlar\u0131n sa\u011flanmas\u0131na \u00f6zen g\u00f6stermi\u015fimdir.\u201d \u201cPeki bizim \u00e7eli\u015fkilerimiz, hatalar\u0131m\u0131z yok muydu?\u201d \u201cEvet, elbette vard\u0131. Bizim de hatalar\u0131m\u0131z, \u00e7eli\u015fkili tutumlar\u0131m\u0131z vard\u0131. Mesela \u015fehidimiz oldu\u011fu zaman gidiyoruz, \u015fehidimizin ba\u015f\u0131 \u00f6rt\u00fcl\u00fc annesinin elini \u00f6p\u00fcyoruz, ona anne diyoruz, sar\u0131l\u0131yoruz, ac\u0131s\u0131n\u0131 y\u00fcrekten payla\u015f\u0131yoruz. Ama o anneler yemin t\u00f6renine geldiklerinde ba\u015flar\u0131 \u00f6rt\u00fcl\u00fc diye i\u00e7eri alm\u0131yoruz. \u0130\u015fte bu bizim \u00e7eli\u015fkimiz ve hatam\u0131z. Bunu ben de g\u00f6revli oldu\u011fum d\u00f6nemde arkada\u015flar\u0131mla konu\u015ftum. Bir \u00e7\u00f6z\u00fcm bulmalar\u0131n\u0131 istedim. T\u00f6rende bir protokol b\u00f6l\u00fcm\u00fc olur, oradakiler g\u00f6revleri gere\u011fi oradad\u0131r, ama annelerin, babalar\u0131n t\u00f6rene kat\u0131laca\u011f\u0131 yer de olur. Keza bir ba\u015fka \u00e7eli\u015fki, bir ba\u015fka hata, cenazeye gidiyoruz ama namaz s\u0131ras\u0131nda ayr\u0131l\u0131yoruz ve kenarda duruyoruz. Bu da hatal\u0131 bir davran\u0131\u015ft\u0131. Sonra bu hatadan d\u00f6n\u00fcld\u00fc.\u201d<\/span><\/i><\/b><\/p>\n<p style=\"margin-bottom: 0.0001pt; text-align: justify; text-indent: 14.2pt; line-height: normal;\"><b><span style=\"font-size: 12pt; font-family: 'Arial','sans-serif';\">\u201cYeniden yap\u0131lanma\u201d plan\u0131n\u0131n arkas\u0131ndaki ger\u00e7ek ortaya \u00e7\u0131k\u0131yor, TSK\u2019ya NATO\u2019da piyon rol\u00fc verilmek isteniyordu<\/span><\/b><\/p>\n<p style=\"margin-bottom: 0.0001pt; text-align: justify; text-indent: 14.2pt; line-height: normal;\"><span style=\"font-size: 12pt; font-family: 'Arial','sans-serif';\">MGK&#8217;da, TSK&#8217;n\u0131n NATO&#8217;nun yeni konseptine g\u00f6re yeniden yap\u0131lanmas\u0131 konusundaki ayr\u0131nt\u0131lar g\u00f6r\u00fc\u015f\u00fcl\u00fcyor, yeni yap\u0131lanmada TSK&#8217;ya verilen rol\u00fcn <b><i>&#8216;k\u00fcresel g\u00fcvenlik i\u00e7in bek\u00e7ilik!&#8217;<\/i><\/b> oldu\u011fu s\u0131r\u0131t\u0131yordu. Milli G\u00fcvenlik Kurulu&#8217;nun 30 Nisan&#8217;daki toplant\u0131s\u0131nda, T\u00fcrk Silahl\u0131 Kuvvetleri&#8217;nde reform konusunun da g\u00fcndeme geldi\u011fi bas\u0131na yans\u0131yordu. Toplant\u0131 sonunda yay\u0131nlanan bildiride: &#8220;B\u00f6lgesel ve k\u00fcresel g\u00fcvenlik ortam\u0131ndaki geli\u015fmelere uygun olarak, \u00fclkemizin ihtiyac\u0131 olan ve Say\u0131n Cumhurba\u015fkan\u0131m\u0131zca ba\u015flat\u0131lan savunma reformu \u00e7al\u0131\u015fmalar\u0131 hakk\u0131nda bilgi verilmi\u015ftir&#8221; deniyordu. Bas\u0131na yans\u0131yan bilgilere g\u00f6re, toplant\u0131da Abdullah G\u00fcl&#8217;\u00fcn bir y\u0131l \u00f6nce olu\u015fturdu\u011fu \u00e7al\u0131\u015fma grubu sunum yap\u0131yor, \u015fu ba\u015fl\u0131klar \u00f6ne \u00e7\u0131k\u0131yordu:<\/span><\/p>\n<p style=\"margin-bottom: 0.0001pt; text-align: justify; text-indent: 14.2pt; line-height: normal;\"><b><i><span style=\"font-size: 12pt; font-family: 'Arial','sans-serif';\">&#8220;Yeni savunma konseptleri do\u011frultusunda, &#8216;T\u00fcrk Silahl\u0131 Kuvvetleri&#8217; nas\u0131l daha etkin olur?&#8221;<\/span><\/i><\/b><\/p>\n<p style=\"margin-bottom: 0.0001pt; text-align: justify; text-indent: 14.2pt; line-height: normal;\"><b><i><span style=\"font-size: 12pt; font-family: 'Arial','sans-serif';\">&#8220;Kolordu yap\u0131lanmas\u0131, savunma sanayii boyutu, TSK&#8217;n\u0131n sivil denetimi; bu kapsamda kararlar\u0131n\u0131n ve uygulamalar\u0131n\u0131n TBMM ve Say\u0131\u015ftay denetimine a\u00e7\u0131lmas\u0131&#8221;.<\/span><\/i><\/b><\/p>\n<p style=\"margin-bottom: 0.0001pt; text-align: justify; text-indent: 14.2pt; line-height: normal;\"><b><span style=\"font-size: 12pt; font-family: 'Arial','sans-serif';\">NATO&#8217;nun yeni konseptine uyum<\/span><\/b><\/p>\n<p style=\"margin-bottom: 0.0001pt; text-align: justify; text-indent: 14.2pt; line-height: normal;\"><span style=\"font-size: 12pt; font-family: 'Arial','sans-serif';\">NATO&#8217;nun 1999 y\u0131l\u0131ndaki stratejik kavram de\u011fi\u015fikli\u011fiyle, alan d\u0131\u015f\u0131 m\u00fcdahale benimseniyordu. Buna g\u00f6re, daha \u00f6nce NATO \u00fclkelerinin g\u00fcvenli\u011fini tehdit eden unsurlar \u0130ttifak&#8217;\u0131n kapsad\u0131\u011f\u0131 alan\u0131n d\u0131\u015f\u0131nda olsa da bertaraf edilmesi gerekiyordu. 1999 y\u0131l\u0131ndaki stratejik kavramda &#8220;Ter\u00f6rizm, etnik \u00e7at\u0131\u015fmalar, insan haklar\u0131 ihlalleri, siyasi istikrars\u0131zl\u0131k, ekonomik k\u0131r\u0131lganl\u0131klar ve n\u00fckleer, biyolojik, kimyasal silahlar gibi konular \u00f6ncelikli tehditler olarak say\u0131l\u0131yor. 19-20 Kas\u0131m 2010&#8217;da stratejik kavram yenileniyordu. Bu kavrama son \u015fekli, 20 May\u0131s 2012&#8217;de ABD&#8217;nin Chicago kentinde d\u00fczenlenen NATO Devlet ve h\u00fck\u00fcmet ba\u015fkanlar\u0131 zirvesinde veriliyordu. NATO yeni stratejik kavram\u0131yla etnik, dinsel, siyasal \u00e7at\u0131\u015fmalara, ittifak \u00fcyesi \u00fclkelere zarar vermemesi gerek\u00e7esiyle m\u00fcdahale etmeyi benimsiyordu. \u00d6rne\u011fin Libya operasyonu, bu t\u00fcr bir gerek\u00e7eye dayanarak yap\u0131l\u0131yordu. \u00d6te yandan yeni d\u00f6nemde, NATO&#8217;nun en \u00f6nemli g\u00f6revlerinden biri olarak kriz y\u00f6netimi g\u00f6steriliyordu. NATO&#8217;nun &#8220;ak\u0131ll\u0131 savunma (smart defense)&#8221; ad\u0131yla an\u0131lan yeni konseptinde NATO&#8217;nun her zaman harekete haz\u0131r acil m\u00fcdahale birliklerinin art\u0131r\u0131lmas\u0131 ve bu \u00e7er\u00e7evede ABD&#8217;nin a\u011f\u0131rl\u0131\u011f\u0131n\u0131n azalt\u0131lmas\u0131 hedefleniyordu.<\/span><\/p>\n<p style=\"margin-bottom: 0.0001pt; text-align: justify; text-indent: 14.2pt; line-height: normal;\"><b><span style=\"font-size: 12pt; font-family: 'Arial','sans-serif';\">MGSB ve MASK&#8217;ta de\u011fi\u015fiklik<\/span><\/b><\/p>\n<p style=\"margin-bottom: 0.0001pt; text-align: justify; text-indent: 14.2pt; line-height: normal;\"><span style=\"font-size: 12pt; font-family: 'Arial','sans-serif';\">Asl\u0131nda bu anlay\u0131\u015f\u0131 hayata ge\u00e7irecek d\u00fczenlemeleri AKP H\u00fck\u00fcmeti \u00e7ok \u00f6nceden ba\u015flat\u0131yordu. Milli G\u00fcvenlik Siyaset Belgesi (MGSB) ve buna ba\u011fl\u0131 olarak Milli Askeri Stratejik Kavram (MASK) de\u011fi\u015fiklikleriyle bu s\u00fcre\u00e7 y\u00fcr\u00fct\u00fcl\u00fcyordu. MGSB, d\u00fczenli olarak her be\u015f y\u0131lda bir g\u00f6zden ge\u00e7iriliyor. AKP H\u00fck\u00fcmeti&#8217;nin i\u015fba\u015f\u0131nda oldu\u011fu d\u00f6nemde, 2005 ve 2010&#8217;da MGSB ve MASK&#8217;ta iki kez de\u011fi\u015fiklik yap\u0131l\u0131yor ve tehditler ba\u015ftan a\u015fa\u011f\u0131 yeniliyordu.<a id=\"ftnref5\" style=\"vertical-align: super;\" href=\"#ftn5\">[5]<\/a><\/span><\/p>\n<p style=\"margin-bottom: 0.0001pt; text-align: justify; text-indent: 14.2pt; line-height: normal;\"><b><span style=\"font-size: 12pt; font-family: 'Arial','sans-serif';\">2003\u2019te Washington Post\u2019ta yay\u0131mland\u0131\u011f\u0131na g\u00f6re: Erdo\u011fan; \u201cT\u00fcrk halk\u0131na ra\u011fmen hava saham\u0131z\u0131 ABD\u2019ye a\u00e7t\u0131klar\u0131n\u0131\u201d a\u00e7\u0131klam\u0131\u015ft\u0131.<\/span><\/b><\/p>\n<p style=\"margin-bottom: 0.0001pt; text-align: justify; text-indent: 14.2pt; line-height: normal;\"><span style=\"font-size: 12pt; font-family: 'Arial','sans-serif';\">Recep Tayyip Erdo\u011fan, 21 Nisan 2003\u2019te Washington Post\u2019ta yay\u0131mlanan makalesinde ABD\u2019ye ve Irak i\u015fgaline \u00f6yle \u00f6vg\u00fcler diziyordu. \u201cPayla\u015f\u0131lm\u0131\u015f Bir Stratejik Vizyon\u201d ba\u015fl\u0131\u011f\u0131n\u0131 ta\u015f\u0131yan yaz\u0131s\u0131nda Erdo\u011fan \u015fu c\u00fcmleleri kullan\u0131yordu: <b><i>\u201cUzun m\u00fczakerelerden sonra ve T\u00fcrk halk\u0131n\u0131n y\u00fczde 94\u2019\u00fcn\u00fcn Irak\u2019a a\u00e7\u0131lacak yeni bir sava\u015fa kar\u015f\u0131 olmas\u0131na ra\u011fmen, h\u00fck\u00fcmetim, m\u00fcttefik kuvvetlerin Irak\u2019a girerken T\u00fcrk Hava sahas\u0131n\u0131 kullanmas\u0131 i\u00e7in onay \u00e7\u0131karabildi.\u201d<\/i> <\/b><\/span><\/p>\n<p style=\"margin-bottom: 0.0001pt; text-align: justify; text-indent: 14.2pt; line-height: normal;\"><span style=\"font-size: 12pt; font-family: 'Arial','sans-serif';\">Amerika, 24 M\u00fcsl\u00fcman \u00fclkenin s\u0131n\u0131rlar\u0131n\u0131 de\u011fi\u015ftirmek \u00fczere b\u00f6lgeye sald\u0131r\u0131rken, Erdo\u011fan bu planlara destek oluyor. \u00dcstelik bunu T\u00fcrk halk\u0131na ra\u011fmen yapt\u0131\u011f\u0131n\u0131 da itiraf ediyordu. Makalenin giri\u015f c\u00fcmlesinde Irak i\u015fgalini \u201cIrak\u2019a \u00d6zg\u00fcrl\u00fck Operasyonu\u201d olarak tarif eden Erdo\u011fan, yaz\u0131n\u0131n genelinde de T\u00fcrkiye\u2019nin bu s\u00fcre\u00e7te Amerika\u2019yla beraber hareket etmesi gerekti\u011finden bahsediyordu. Tayyip Erdo\u011fan, \u0130ncirlik hava sahas\u0131n\u0131n ABD taraf\u0131ndan kullan\u0131lmas\u0131na izin vermelerinin ard\u0131ndan geli\u015fen s\u00fcreci de \u015fu s\u00f6zleriyle aktar\u0131yordu: <b><i>\u201cBu geli\u015fmeler, Kuzey Irak K\u00fcrt gruplar\u0131n\u0131 Ba\u011fdat\u2019\u0131n \u00f6fkesinden korudu ve bu b\u00f6lgede ya\u015fayan etnik gruplar\u0131n demokrasiyi tecr\u00fcbe etmelerini, \u00f6zg\u00fcrl\u00fck ve refah i\u00e7in bir a\u015fama kaydetmelerini sa\u011flad\u0131.\u201d <\/i><\/b><\/span><\/p>\n<p style=\"margin-bottom: 0.0001pt; text-align: justify; text-indent: 14.2pt; line-height: normal;\"><span style=\"font-size: 12pt; font-family: 'Arial','sans-serif';\">Tayyip Erdo\u011fan\u2019\u0131n 31 Mart 2003\u2019te Wall Street Journal\u2019da yay\u0131mlanan ve \u201cT\u00fcrkiye Sad\u0131k bir M\u00fcttefik ve Bir Dost\u201d ba\u015fl\u0131\u011f\u0131n\u0131 ta\u015f\u0131yan makalesinde de \u015fu sat\u0131rlar yer al\u0131yordu: <b><i>\u201cAmerika\u2019yla olan yak\u0131n i\u015fbirli\u011fimizi s\u00fcrd\u00fcrmeye kararl\u0131y\u0131z. Dahas\u0131, bu cesur kad\u0131n ve erkeklerin en az kay\u0131pla evlerine d\u00f6nmelerini ve Irak\u2019taki ac\u0131n\u0131n en k\u0131sa zamanda sona ermesini umuyor ve bunun i\u00e7in dua ediyoruz.\u201d<\/i><\/b><\/span><\/p>\n<p style=\"margin-bottom: 0.0001pt; text-align: justify; text-indent: 14.2pt; line-height: normal;\"><span style=\"font-size: 12pt; font-family: 'Arial','sans-serif';\">&nbsp;&nbsp;&nbsp;&nbsp; Ne var ki Tarih\u00e7i \u2013 Yazar bozuntusu Murat Belge gibilerin<b><i>: &#8220;Ayasofya, her daim birilerinin g\u00f6nl\u00fcnde yatan aslan olarak bir yerlerde durmu\u015f ve zaman zaman alevlenmi\u015ftir. &#8216;Biz vaktiyle d\u00fcnyaya egemendik, bizi ne hale getirdiler, Ayasofya&#8217;y\u0131 da elimizden ald\u0131lar&#8217; gibi kompleksli s\u00f6ylemlerle beslenen hatal\u0131, hastal\u0131kl\u0131 ve zararl\u0131 bir ruh hali hala devam etmektedir..&#8221;<\/i><\/b> \u015feklindeki k\u00fcstah a\u00e7\u0131klamalar\u0131, halk\u0131m\u0131z\u0131 hala Erdo\u011fan\u2019\u0131n tuza\u011f\u0131na itiyordu. \u00d6ncelikle, Ayasofya M\u00fcsl\u00fcmanlara ecdad\u0131n yadig\u00e2r\u0131d\u0131r. Sultan Fatih\u2019in masraflar\u0131n\u0131 kendi b\u00fct\u00e7esinden kar\u015f\u0131lad\u0131\u011f\u0131, \u0130slam \u00dcmmeti\u2019ne arma\u011fan\u0131, miras\u0131d\u0131r. Tarihi miras\u0131na sahip \u00e7\u0131kan insanlar\u0131m\u0131z\u0131: <b><i>\u201cHatal\u0131, hastal\u0131kl\u0131 ve zararl\u0131\u201d<\/i><\/b> bir ruh halinde g\u00f6sterenler asl\u0131nda AKP\u2019ye ve ABD\u2019ye \u00e7al\u0131\u015fmaktayd\u0131. \u201cZul\u00fcm 1453\u2019te ba\u015flad\u0131\u201d \u015feklindeki duvar yaz\u0131lar\u0131, \u0130slam\u2019a ve M\u00fcsl\u00fcmanlara ve \u015fanl\u0131 ecdad\u0131m\u0131za k\u00fcstah\u00e7a bir sald\u0131r\u0131yd\u0131. Nitekim Patrik Bartholomeos da 29 May\u0131s haz\u0131rl\u0131klar\u0131 \u00e7er\u00e7evesinde hen\u00fcz Mart ay\u0131nda harekete ge\u00e7erek <b><i>\u201cAyasofya Cami olarak a\u00e7\u0131lamaz, asl\u0131na uygun \u015fekilde kilise olarak a\u00e7\u0131lmal\u0131d\u0131r. Cami olarak a\u00e7\u0131lmaya kalk\u0131\u015f\u0131l\u0131rsa t\u00fcm H\u0131ristiyan d\u00fcnyas\u0131 yekv\u00fccut olarak tepkisini koyacakt\u0131r\u201d<\/i><\/b> \u015feklinde tehditler savurmu\u015flard\u0131.<\/span><\/p>\n<p>&nbsp;<\/p>\n<hr \/>\n<p><a id=\"ftn1\" style=\"vertical-align: super;\" href=\"#ftnref1\">[1]<\/a><span style=\"font-size: 9pt; font-family: 'Arial','sans-serif';\"> D\u00fcnya \u2013 28-05-2014<\/span><\/p>\n<p><a id=\"ftn2\" style=\"vertical-align: super;\" href=\"#ftnref2\">[2]<\/a><span style=\"font-size: 9pt; font-family: 'Arial','sans-serif';\"> Milli Gazete \u2013 30-05-2014<\/span><\/p>\n<p><a id=\"ftn3\" style=\"vertical-align: super;\" href=\"#ftnref3\">[3]<\/a><span style=\"font-size: 9pt; font-family: 'Arial','sans-serif';\"> Yeni \u00c7a\u011f- \u00dcmit Bozda\u011f \u2013 24-05-2014<\/span><\/p>\n<p><a id=\"ftn4\" style=\"vertical-align: super;\" href=\"#ftnref4\">[4]<\/a><span style=\"font-size: 9pt; font-family: 'Arial','sans-serif';\"> Ayd\u0131nlik \u2013 \u00d6nder \u00d6zt\u00fcrk \u2013 26-03-2014<\/span><\/p>\n<p><a id=\"ftn5\" style=\"vertical-align: super;\" href=\"#ftnref5\">[5]<\/a><span style=\"font-size: 9pt; font-family: 'Arial','sans-serif';\"> Ayd\u0131nl\u0131k, Fikret Akf\u0131rat, 3-05-2014<\/span><\/p>\n<p>&nbsp;<\/p>\n","protected":false},"excerpt":{"rendered":"<p>Obama\u2019dan \u00e7ok kritik \u201cT\u00fcrkiye plan\u0131!\u201d Obama, Suriye&#8217;deki \u0131l\u0131ml\u0131 muhaliflerin askeri e\u011fitimi i\u00e7in g\u00f6z\u00fcn\u00fc T\u00fcrkiye&#8217;ye dikmi\u015fti! ABD&#8217;nin yeni ter\u00f6rle m\u00fccadele konseptini a\u00e7\u0131klayan Obama, olu\u015fturulan fonla m\u00fcttefik ve ortaklar\u0131na ter\u00f6rle m\u00fccadele deste\u011fi verecekti. Obama&#8217;n\u0131n Suriye plan\u0131 ise \u0131l\u0131ml\u0131 muhaliflerin T\u00fcrkiye&#8217;de silahl\u0131 e\u011fitim verilmesiydi! Siyonist Lobilerin g\u00fcd\u00fcm\u00fcndeki ABD, sene sonunda Afganistan\u2019da s\u00fcren 13 y\u0131ll\u0131k sava\u015f\u0131 sona erdirmeye haz\u0131rlan\u0131rken, [&hellip;]<\/p>\n","protected":false},"author":19,"featured_media":0,"comment_status":"open","ping_status":"closed","sticky":false,"template":"","format":"standard","meta":{"footnotes":""},"categories":[166],"tags":[],"class_list":["post-2999","post","type-post","status-publish","format-standard","hentry","category-eylul-2014"],"_links":{"self":[{"href":"https:\/\/www.millicozum.com\/mc\/wp-json\/wp\/v2\/posts\/2999","targetHints":{"allow":["GET"]}}],"collection":[{"href":"https:\/\/www.millicozum.com\/mc\/wp-json\/wp\/v2\/posts"}],"about":[{"href":"https:\/\/www.millicozum.com\/mc\/wp-json\/wp\/v2\/types\/post"}],"author":[{"embeddable":true,"href":"https:\/\/www.millicozum.com\/mc\/wp-json\/wp\/v2\/users\/19"}],"replies":[{"embeddable":true,"href":"https:\/\/www.millicozum.com\/mc\/wp-json\/wp\/v2\/comments?post=2999"}],"version-history":[{"count":0,"href":"https:\/\/www.millicozum.com\/mc\/wp-json\/wp\/v2\/posts\/2999\/revisions"}],"wp:attachment":[{"href":"https:\/\/www.millicozum.com\/mc\/wp-json\/wp\/v2\/media?parent=2999"}],"wp:term":[{"taxonomy":"category","embeddable":true,"href":"https:\/\/www.millicozum.com\/mc\/wp-json\/wp\/v2\/categories?post=2999"},{"taxonomy":"post_tag","embeddable":true,"href":"https:\/\/www.millicozum.com\/mc\/wp-json\/wp\/v2\/tags?post=2999"}],"curies":[{"name":"wp","href":"https:\/\/api.w.org\/{rel}","templated":true}]}}