{"id":3032,"date":"2014-09-28T12:13:55","date_gmt":"2014-09-28T12:13:55","guid":{"rendered":"https:\/\/www.millicozum.com\/mc\/2014\/09\/28\/milli-cozumu-tutuklama-operasyonu-bir-ergenekomik-senaryosu-ve-cia-fetullahci-fiyaskosu-2\/"},"modified":"2014-09-28T12:13:55","modified_gmt":"2014-09-28T12:13:55","slug":"milli-cozumu-tutuklama-operasyonu-bir-ergenekomik-senaryosu-ve-cia-fetullahci-fiyaskosu-2","status":"publish","type":"post","link":"https:\/\/www.millicozum.com\/mc\/ozel-yazilar\/milli-cozumu-tutuklama-operasyonu-bir-ergenekomik-senaryosu-ve-cia-fetullahci-fiyaskosu\/","title":{"rendered":"Milli \u00c7\u00f6z\u00fcm\u2019\u00fc Tutuklama Operasyonu: B\u0130R ERGENEKOM\u0130K SENARYOSU VE CIA-FETULLAH\u00c7I F\u0130YASKOSU"},"content":{"rendered":"\n<p style=\"font-size: 12.0120115280151px; margin-bottom: 0.0001pt; text-align: justify; text-indent: 14.2pt; line-height: normal;\"><span style=\"font-size: 12pt;\"><b><span style=\"font-family: Arial, sans-serif;\">Milli \u00c7\u00f6z\u00fcm Dergimizin, Cemaatin ve AKP H\u00fck\u00fcmetinin perde arkas\u0131n\u0131 irdeleyen ve Milletimizi do\u011fru bilgilendiren yay\u0131nlar\u0131ndan rahats\u0131z olan \u00e7evrelerin ve \u00f6zellikle \u0130srail-ABD B\u00fcy\u00fckel\u00e7ili\u011finin aylar ve y\u0131llar s\u00fcren telefon dinlemeleri, b\u00fct\u00fcn dergi ve kitaplar\u0131m\u0131z\u0131 incelemeleri sonucu,\u00a0<i>\u201cErgenekon\u2019un Dinci Kanad\u0131\u201d<\/i>\u00a0yaftas\u0131yla ve sabah\u0131n karanl\u0131\u011f\u0131nda onlarca polis bask\u0131n\u0131yla tutuklan\u0131p Konya\u2019ya g\u00f6t\u00fcr\u00fcl\u00fcyorduk. Emniyetteki Fetullahc\u0131 kadrolar\u0131n ve AKP iktidar\u0131n\u0131n t\u00fcm bask\u0131lar\u0131na, yanda\u015f ve Cemaat medyas\u0131n\u0131n aleyhimize ba\u015flatt\u0131\u011f\u0131 lin\u00e7 kampanyas\u0131na ra\u011fmen, y\u0131llar boyu bizi haks\u0131z yere hapishanelerde ve mahkemelerde s\u00fcr\u00fcnd\u00fcrmeyi tasarlayanlar\u0131n b\u00fct\u00fcn \u015feytani planlar\u0131 ve temelsiz iddialar\u0131 \u00fc\u00e7 g\u00fcnde bo\u015fa \u00e7\u0131k\u0131yor ve yetkili Adana savc\u0131l\u0131\u011f\u0131 bizleri su\u00e7suz bularak serbest b\u0131rak\u0131yordu! Konya\u2019da tutuklu kald\u0131\u011f\u0131m\u0131z \u00f6zel emniyet binas\u0131nda uykusuz geceler buyunca ve yo\u011fun psikolojik bask\u0131 alt\u0131nda bize y\u00f6neltilen sorular\u0131 ve verdi\u011fimiz yan\u0131tlar\u0131n bir k\u0131sm\u0131n\u0131 resmi tutanaklardan aynen aktar\u0131p, Milli \u00c7\u00f6z\u00fcm\u2019e y\u00f6nelik kumpaslar\u0131 okurlar\u0131m\u0131za hat\u0131rlatmak istiyorum.<\/span><\/b><\/span>\u00a0<\/p>\n<p style=\"font-size: 12.0120115280151px; margin-bottom: 0.0001pt; text-align: justify; text-indent: 14.2pt; line-height: normal;\"><span style=\"font-size: 12pt;\"><b><span style=\"font-family: Arial, sans-serif;\">ABD ve AB\u2019nin emperyalist planlar\u0131n\u0131, i\u015fbirlik\u00e7i AKP\u2019nin perde arkas\u0131n\u0131, Fetullah G\u00fclen\u2019in kirli ve tehlikeli ba\u011flant\u0131lar\u0131n\u0131, Ergenekon yap\u0131lanmas\u0131n\u0131n d\u0131\u015f patronlar\u0131n\u0131 de\u015fifre etmesi, Siyonist \u0130srail\u2019in \u00fclkemiz ve b\u00f6lgemiz \u00fczerindeki sinsi planlar\u0131n\u0131 s\u0131k\u00e7a g\u00fcndeme getirmesi, malum ve mel\u2019un g\u00fc\u00e7leri tedirgin etmi\u015f ve masonik merkezleri harekete ge\u00e7irmi\u015fti. Konjonkt\u00fcr\u00fcn de m\u00fcsait olmas\u0131n\u0131 f\u0131rsat bilen fesat\u00e7\u0131lar\u0131n (Fetullah\u00e7\u0131lar, AKP yanda\u015flar\u0131, Milli G\u00f6r\u00fc\u015f\u2019\u00fcn marazl\u0131lar\u0131) k\u0131\u015fk\u0131rtmas\u0131yla, b\u00fct\u00fcn yazar ekibimizle birlikte \u201cErgenekon Davas\u0131 \u00e7er\u00e7evesinde ve gizli \u00f6rg\u00fct kurma iddias\u0131yla\u201d hakk\u0131m\u0131zda tutuklanma emri verilmi\u015fti. Ama \u00fc\u00e7 g\u00fcn i\u00e7erisinde, b\u00fct\u00fcn iddia ve isnatlar\u0131n temelsiz ve yetersiz oldu\u011fu anla\u015f\u0131l\u0131p, arkada\u015flar\u0131m\u0131z\u0131n hepsi sal\u0131verilmi\u015f, bir iki ay sonra da savc\u0131l\u0131ktan takipsizlik karar\u0131 gelmi\u015fti.<\/span><\/b><\/span>\u00a0<\/p>\n<p style=\"font-size: 12.0120115280151px; margin-bottom: 0.0001pt; text-align: justify; text-indent: 14.2pt; line-height: normal;\"><span style=\"font-size: 12pt;\"><b><span style=\"font-family: Arial, sans-serif;\">\u00d6ncelikle Polislerimizin; g\u00f6revleri ve bize isnat edilen sa\u00e7ma sapan su\u00e7lar\u0131n mahiyeti gere\u011fi, g\u00f6sterdikleri titizlik ve abart\u0131l\u0131 tedbirler d\u0131\u015f\u0131nda, hem yakalama ve tutuklama esnas\u0131nda, hem y\u00fczlerce kilometrelik ta\u015f\u0131ma ve g\u00f6zalt\u0131nda tutma s\u0131ras\u0131nda, m\u00fcd\u00fcrlerinden ekip amirlerine, memurlar\u0131ndan di\u011fer g\u00f6revlilerine kadar hepsinin, olumlu ve olgun yakla\u015f\u0131mlar\u0131n\u0131, polisli\u011fe yak\u0131\u015f\u0131r a\u011f\u0131rba\u015fl\u0131 ama sayg\u0131l\u0131 davran\u0131\u015flar\u0131n\u0131 takdir ve tebrik ediyor ve \u00fclkem ad\u0131na gurur duyuyordum. Sadece, CIA ba\u011flant\u0131l\u0131 Fetullah\u00e7\u0131 tak\u0131m\u0131 ve gladyo uzant\u0131s\u0131 olduklar\u0131 her t\u00fcrl\u00fc tav\u0131rlar\u0131ndan, tafralar\u0131ndan ve aylard\u0131r haz\u0131rlad\u0131klar\u0131 anla\u015f\u0131lan tuzak ve tutars\u0131z sorular\u0131ndan ve kin kusan bak\u0131\u015flar\u0131ndan anla\u015f\u0131lan, baz\u0131 \u201c\u015fef\u201dleri bunun d\u0131\u015f\u0131nda tutuyordum. Bu arada Fetullah G\u00fclen gibi, bizzat Zaman Gazetesinin haberleriyle Yahudi Mafya Kurulu\u015fu ADL ve JINSA\u2019dan destekli ve CIA hizmetlisi oldu\u011fu kesinle\u015fen ki\u015filerin ve baz\u0131 bilin\u00e7li ve hain \u00e7\u00f6mezlerinin d\u0131\u015f\u0131nda, di\u011fer talebe ve tabilerinin b\u00fcy\u00fck k\u0131sm\u0131n\u0131n; dinini, devletini, \u00fclkesini ve milletini seven iyi niyetli ve istikametli insanlar\u0131m\u0131z olduklar\u0131n\u0131 zaten biliyordum. Ama hem Y\u00fcce Dinimizi yozla\u015ft\u0131r\u0131p, M\u00fcsl\u00fcmanlar\u0131 emperyalizme u\u015fakla\u015ft\u0131rmaya, hem de devletimizi y\u0131prat\u0131p y\u0131kmaya y\u00f6nelik, \u201cgaflet, dalalet, hatta h\u0131yanet\u201d kokan giri\u015fimleri ve i\u015fbirlik\u00e7ileri de\u015fifre etmeyi, Milli birlik ve dirli\u011fimizi tehdit eden kirli giri\u015fimlere kar\u015f\u0131 gelmeyi inanc\u0131m\u0131z\u0131n ve insanl\u0131\u011f\u0131m\u0131z\u0131n bir gere\u011fi ve g\u00f6revi olarak g\u00f6r\u00fcyordum. Bu Fetullahc\u0131 tezg\u00e2h\u0131n, dini ve insani hizmet sevdal\u0131s\u0131 de\u011fil, CIA-MOSSAD destekli bir paralel yap\u0131 oldu\u011funu, Erdo\u011fan\u2019dan tam 12 sene \u00f6nce fark edip halk\u0131m\u0131z\u0131 uyard\u0131\u011f\u0131 i\u00e7inde Milli \u00c7\u00f6z\u00fcm Dergisini kutluyorum.<\/span><\/b><\/span>\u00a0<\/p>\n<p style=\"font-size: 12.0120115280151px; margin-bottom: 0.0001pt; text-align: justify; text-indent: 14.2pt; line-height: normal;\"><span style=\"font-size: 14pt;\"><b><span style=\"font-family: Arial, sans-serif;\">\u0130\u015fte tam 19 ayd\u0131r \u00f6zenle haz\u0131rlan\u0131p bize y\u00f6neltilen, nerdeyse bir kitap hacmindeki tuzak sorulardan baz\u0131lar\u0131 ve komplocular\u0131 tela\u015fland\u0131r\u0131p \u015fa\u015fk\u0131nla\u015ft\u0131ran yan\u0131tlar\u0131: (Not: Yaz\u0131m hatalar\u0131 d\u00fczeltilerek aktar\u0131lm\u0131\u015ft\u0131r)<\/span><\/b>\u00a0<\/span><\/p>\n<p style=\"font-size: 12.0120115280151px; margin-bottom: 0.0001pt; text-align: justify; text-indent: 14.2pt; line-height: normal;\"><span style=\"font-size: 12pt;\"><b><i><span style=\"font-family: Arial, sans-serif;\">SORULDU:\u00a0<span style=\"font-size: 14pt;\">T\u00fcrk Silahl\u0131 Kuvvetlerine kar\u015f\u0131 b\u00fct\u00fcn partileri bir araya getirdi\u011fini s\u00f6yledi\u011finiz Siyonist g\u00fc\u00e7ler kimlerden olu\u015fmaktad\u0131r? Ni\u00e7in T\u00fcrk Silahl\u0131 Kuvvetlerine kar\u015f\u0131 b\u00f6yle bir \u00e7al\u0131\u015fma i\u00e7erisine girildi\u011fini s\u00f6yl\u00fcyorsunuz?<\/span>\u00a0T\u00fcrkiye Cumhuriyeti Cumhurba\u015fkan\u0131n\u0131n Yahudiler taraf\u0131ndan getirildi\u011fi bilgisini nerden edindiniz? Ni\u00e7in Cumhurba\u015fkan\u0131na atfen &#8220;Yahudi kendi kullanmak i\u00e7in getirdi&#8221; &#8220;Ordu bunu ge\u00e7ici olarak hizmetine ald\u0131, ulan adam gibi ge\u00e7ici \u015fartla burada duracaks\u0131n&#8221; gibi hakaret i\u00e7eren s\u00f6zler kullan\u0131yorsunuz? A\u00e7\u0131klay\u0131n\u0131z.<\/span><\/i><\/b><\/span>\u00a0<\/p>\n<p style=\"font-size: 12.0120115280151px; margin-bottom: 0.0001pt; text-align: justify; text-indent: 14.2pt; line-height: normal;\"><span style=\"font-size: 12pt;\"><b><span style=\"font-family: Arial, sans-serif;\">CEVABEN: Siyonist g\u00fc\u00e7lerden KASTETT\u0130\u011e\u0130M: Amerika&#8217;daki J\u0130NSA ve ADL gibi Yahudi lobileri, T\u00fcrkiye&#8217;deki mason localar\u0131 ve Siyonist Yahudi ve ihtilalci oldu\u011fu bilinen Soros gibi b\u00fcy\u00fck spek\u00fclat\u00f6rlerin g\u00fcd\u00fcm\u00fcndeki olu\u015fumlar ve kesimlerdir.<\/span><\/b><\/span>\u00a0<\/p>\n<p style=\"font-size: 12.0120115280151px; margin-bottom: 0.0001pt; text-align: justify; text-indent: 14.2pt; line-height: normal;\"><span style=\"font-size: 12pt;\"><b><span style=\"font-family: Arial, sans-serif;\">Biz \u201cordu milletiz\u201d, Atat\u00fcrk&#8217;\u00fcn de \u0131srarla belirtti\u011fi \u00fczere; (\u00f6rne\u011fin Afyon Dumlup\u0131nar \u00f6ncesi k\u0131\u015flada subaylara yapt\u0131\u011f\u0131 konu\u015fmadaki gibi) milletimizi y\u0131kmak ve par\u00e7alamak isteyenlerin, \u00f6nce ordumuzu y\u0131pratmak ve zay\u0131flatmaya giri\u015ftikleri ink\u00e2r edilmez bir ger\u00e7ektir. Televizyonlarda konunun uzman\u0131 pek \u00e7ok insan\u0131n bu kanaatimizi g\u00fc\u00e7lendiren beyanlar\u0131 ve Cumhurba\u015fkanl\u0131\u011f\u0131 \u00f6ncesi s\u00fcre\u00e7lerde Amerika\u2019daki Yahudi kurulu\u015flar\u0131 ile belgelenen irtibatlar\u0131 ve devlet imk\u00e2nlar\u0131yla incelenip halk\u0131m\u0131z bilgilendirilmelidir. Cumhurba\u015fkan\u0131na atfen s\u00f6yledi\u011fim belirtilen s\u00f6zlerdeki maksat, kimsenin k\u00f6keni ve kimli\u011fi de\u011fil; milletimize ve devletimize sadakatle hizmet edip etmedi\u011fi bizim i\u00e7in \u00f6nemlidir. Devletimizin sahipsiz olmad\u0131\u011f\u0131n\u0131 ve kimsenin kendi keyfine kullanamayaca\u011f\u0131n\u0131 temenni etmemizdendir.<\/span><\/b><\/span>\u00a0<\/p>\n<p style=\"font-size: 12.0120115280151px; margin-bottom: 0.0001pt; text-align: justify; text-indent: 14.2pt; line-height: normal;\"><span style=\"font-size: 12pt;\"><b><i><span style=\"font-family: Arial, sans-serif;\">SORULDU: Milli Devrim dedi\u011finiz devrimin i\u00e7eri\u011fini detayl\u0131ca anlat\u0131n\u0131z. Ayr\u0131ca T\u00fcrk Silahl\u0131 Kuvvetlerinin perde arkas\u0131ndan hukuki bir s\u00fcre\u00e7te b\u00f6yle bir devrim yapaca\u011f\u0131 bilgisini nerden edindiniz? Yap\u0131lacak olan devrimin ne \u015fekilde cereyan edece\u011fini ve hukuki s\u00fcrecin nas\u0131l i\u015fleyece\u011fini detayl\u0131ca anlat\u0131n\u0131z.<\/span><\/i><\/b><\/span>\u00a0<\/p>\n<p style=\"font-size: 12.0120115280151px; margin-bottom: 0.0001pt; text-align: justify; text-indent: 14.2pt; line-height: normal;\"><span style=\"font-size: 12pt;\"><b><span style=\"font-family: Arial, sans-serif;\">CEVABEN: Bu sadece milletimizin ve devletimizin bekas\u0131 ve ba\u011f\u0131ms\u0131zl\u0131\u011f\u0131 i\u00e7in samimi bir temennimdir ve tarih boyunca Kurtulu\u015f sava\u015f\u0131m\u0131z d\u00e2hil ordu-millet i\u015fbirli\u011fiyle ger\u00e7ekle\u015fmi\u015ftir.\u00a0<span style=\"font-size: 14pt;\">Ke\u015fke bana bu soruyu T\u00fcrkiye&#8217;min ve milletimin d\u00fc\u015fman\u0131 olanlara sordursayd\u0131n\u0131z!<\/span>\u00a0Yap\u0131lacak olan devrimle ilgili (ki bunlar tabii de\u011fi\u015fim ve geli\u015fim kar\u015f\u0131l\u0131\u011f\u0131d\u0131r) bunlar\u0131n d\u0131\u015f\u0131nda herhangi bir a\u00e7\u0131klama yapmayaca\u011f\u0131m, yazd\u0131\u011f\u0131m 32 adet kitab\u0131 okursan\u0131z anlars\u0131n\u0131z. Benim s\u00f6ylemlerim sadece tarihi ve bilimsel tespitlerden ve temenniden ibarettir.<\/span><\/b><\/span>\u00a0<\/p>\n<p style=\"font-size: 12.0120115280151px; margin-bottom: 0.0001pt; text-align: justify; text-indent: 14.2pt; line-height: normal;\"><span style=\"font-size: 12pt;\"><b><i><span style=\"font-family: Arial, sans-serif;\">&#8220;SORULDU: Ni\u00e7in Milliyet\u00e7i Hareket Partisinin h\u0131yanet \u015febekesi oldu\u011funu s\u00f6yl\u00fcyorsunuz? \u0130ktidar Partisi AKP\u2019nin PKK ter\u00f6r \u00f6rg\u00fct\u00fc s\u00f6zde lideri Abdullah \u00d6CALAN&#8217;\u0131n dokuz maddelik eylem plan\u0131n\u0131 hayata ge\u00e7irdi\u011fini ve Sevr&#8217;in tatbikine zemin haz\u0131rland\u0131\u011f\u0131n\u0131 s\u00f6ylemenizin sebebi nedir?<\/span><\/i><\/b><\/span>\u00a0<\/p>\n<p style=\"font-size: 12.0120115280151px; margin-bottom: 0.0001pt; text-align: justify; text-indent: 14.2pt; line-height: normal;\"><span style=\"font-size: 12pt;\"><b><span style=\"font-family: Arial, sans-serif;\">CEVABEN: (Bu soru yanl\u0131\u015ft\u0131r ve yan\u0131lt\u0131c\u0131d\u0131r. Bizim te\u015fkilat ve taban olarak MHP\u2019ye d\u00fc\u015fman olmam\u0131z iddias\u0131 akla ve vicdana s\u0131\u011fmayan ve bunun i\u00e7in hi\u00e7bir neden bulunmayan ve zaten ahlak ve anlay\u0131\u015f\u0131m\u0131za da uymayan bir sapt\u0131rmad\u0131r.) Milliyet\u00e7i Hareket Partisinin taban\u0131n\u0131 ve pek \u00e7ok te\u015fkilat mensuplar\u0131n\u0131 \u00fclkesine ve devletine olan ba\u011fl\u0131l\u0131klar\u0131 ve fedak\u00e2rl\u0131klar\u0131 noktas\u0131nda takdir eden bir insan\u0131m. Ama belirtti\u011fim gibi tavandaki baz\u0131 ki\u015filerin; ordumuzu y\u0131pratma, ordu polis rekabetini k\u0131\u015fk\u0131rtma ve AB kriterleri, demokratikle\u015fme hevesi ve bahanesi ile PKK\u2019n\u0131n silahla ve zorla ba\u015faramad\u0131\u011f\u0131: T\u00fcrkiye&#8217;yi par\u00e7alamak ve federasyonlara ay\u0131rmak plan\u0131na direk veya dolayl\u0131 yarayacak ve hele Kuzey Irak&#8217;taki \u00e7ok ba\u015far\u0131l\u0131 operasyonlar sonucu Amerika ve \u0130srail g\u00fcd\u00fcml\u00fc PKK\u2019y\u0131 hizaya getiren Ya\u015far B\u00dcY\u00dcKANIT&#8217;\u0131n \u015fahs\u0131nda ordumuzu zaafa u\u011fratacak hareketleri; Atat\u00fcrk&#8217;\u00fcn ifadesi ile: \u201cgaflet dalalet ve hatta h\u0131yanetle\u201d e\u015f g\u00f6renlerdenim. PKK\u2019y\u0131 y\u0131lard\u0131r destekleyen ABD, AB ve \u0130srail&#8217;in \u015fimdi ayn\u0131 hedeflerini silahla de\u011fil PKK\u2019y\u0131 siyasalla\u015ft\u0131rmak sureti ile yapmalar\u0131na, Say\u0131n Ba\u015fbakan\u0131n:\u00a0<i>\u201cPKK\u2019l\u0131lar da\u011fdan ovaya insin meclise girsin\u201d<\/i>\u00a0s\u00f6zleri ile, bilerek veya bilmeyerek ta\u015feronluk yapt\u0131\u011f\u0131 kanaati bizi derinden \u00fczmektedir.<\/span><\/b><\/span>\u00a0<\/p>\n<p style=\"font-size: 12.0120115280151px; margin-bottom: 0.0001pt; text-align: justify; text-indent: 14.2pt; line-height: normal;\"><span style=\"font-size: 12pt;\"><b><i><span style=\"font-family: Arial, sans-serif;\">SORULDU:\u00a0<span style=\"font-size: 14pt;\">Bir \u00f6nceki g\u00f6r\u00fc\u015fmenizde, ordu taraf\u0131ndan y\u00f6nlendirildi\u011finin anla\u015f\u0131ld\u0131\u011f\u0131, ancak ordunun perde arkas\u0131nda kald\u0131\u011f\u0131 ve hukuki bir s\u00fcrecin de kullan\u0131ld\u0131\u011f\u0131 bir devrimin yap\u0131laca\u011f\u0131n\u0131,<\/span>\u00a0bu g\u00f6r\u00fc\u015fmenizde ise 12 Eyl\u00fcl ve 27 May\u0131s gibi direk olmasa bile yine ordu taraf\u0131ndan bir devrim yap\u0131laca\u011f\u0131n\u0131 belirtiyorsunuz. Size T\u00fcrk Silahl\u0131 Kuvvetlerinin darbe-devrim veya benzeri bir hareket haz\u0131rl\u0131\u011f\u0131nda oldu\u011fu bilgisi kimlerden, ne \u015fekilde gelmektedir? Yine devrimlerde ve darbe \u015fartlar\u0131n\u0131n olu\u015fmas\u0131nda halk kat\u0131l\u0131m\u0131n\u0131n gereklili\u011fi \u015fart\u0131 dikkate al\u0131nd\u0131\u011f\u0131nda, ordu taraf\u0131ndan yap\u0131laca\u011f\u0131n\u0131 belirtti\u011finiz devrim i\u00e7inde gerekli \u015fartlar\u0131n olu\u015fturulmas\u0131 amac\u0131yla darbenin sivil aya\u011f\u0131n\u0131 olu\u015fturan \u00e7e\u015fitli yap\u0131lanmalar\u0131n meydana getirildi\u011fi anla\u015f\u0131lmaktad\u0131r. Siz b\u00f6yle bir olu\u015fumun i\u00e7erisinde mi g\u00f6rev almaktas\u0131n\u0131z. Ni\u00e7in g\u00f6r\u00fc\u015fme yapt\u0131\u011f\u0131n\u0131z \u015fah\u0131slara \u0131srarla ordunun da i\u00e7inde yer alaca\u011f\u0131 ve bizzat y\u00f6nlendirece\u011fi bir devrimin yak\u0131n zamanda yap\u0131laca\u011f\u0131na dair telkinlerde bulunuyorsunuz?<\/span><\/i><\/b><\/span>\u00a0<\/p>\n<p style=\"font-size: 12.0120115280151px; margin-bottom: 0.0001pt; text-align: justify; text-indent: 14.2pt; line-height: normal;\"><span style=\"font-size: 12pt;\"><b><span style=\"font-family: Arial, sans-serif;\">CEVABEN: Benim s\u00f6zlerimden devrim ve darbe ile ilgili sonu\u00e7 \u00e7\u0131kartmak kas\u0131tl\u0131 bir \u00e7arp\u0131tma gibi gelmektedir. Sadece, Ukrayna&#8217;da, G\u00fcrcistan&#8217;da, Balkanlarda ve Kafkasya\u2019da ihtilaller yapt\u0131rd\u0131\u011f\u0131 herkes\u00e7e bilinen; Siyonist Soros\u2019un paralar\u0131 ile beslendi\u011fini itiraf eden TESEV ve TUS\u0130AD gibi i\u015fbirlik\u00e7i s\u00f6m\u00fcr\u00fc baronlar\u0131n\u0131n y\u0131pratmaya ve millete d\u00fc\u015fman tan\u0131tmaya \u00e7al\u0131\u015ft\u0131\u011f\u0131, ba\u011f\u0131ms\u0131zl\u0131\u011f\u0131m\u0131z\u0131n ve \u00f6zg\u00fcrl\u00fc\u011f\u00fcm\u00fcz\u00fcn sigortas\u0131 olan orduma sahip \u00e7\u0131kma niyetidir.<\/span><\/b><\/span>\u00a0<\/p>\n<p style=\"font-size: 12.0120115280151px; margin-bottom: 0.0001pt; text-align: justify; text-indent: 14.2pt; line-height: normal;\"><span style=\"font-size: 14pt;\"><b><span style=\"font-family: Arial, sans-serif;\">S\u00f6z\u00fcmle ve \u00f6z\u00fcmle asla alakas\u0131 bulunmayan; inanc\u0131ma ve insanl\u0131\u011f\u0131ma hakaret sayd\u0131\u011f\u0131m bir \u00e7arp\u0131tmay\u0131 bana mal edip, asl\u0131 astar\u0131 olmayan bir yap\u0131lanma i\u00e7erisindeki yerimi sormak, bu \u00fclkede nas\u0131l bir milli de\u011fi\u015fim ve d\u00f6n\u00fc\u015f\u00fcm ihtiyac\u0131n\u0131n gerekti\u011finin de a\u00e7\u0131k g\u00f6stergesidir ve bunun hukuki demokratik bir s\u00fcre\u00e7le ger\u00e7ekle\u015fece\u011finin \u00fcmidini vermektedir. Bu iddialar bana bir iftirad\u0131r, benim b\u00f6yle bir telkinim yoktur, kas\u0131tl\u0131 bir \u00e7amuru bana s\u0131\u00e7ratma gayretidir.<\/span><\/b><\/span>\u00a0<\/p>\n<p style=\"font-size: 12.0120115280151px; margin-bottom: 0.0001pt; text-align: justify; text-indent: 14.2pt; line-height: normal;\"><span style=\"font-size: 12pt;\"><b><i><span style=\"font-family: Arial, sans-serif;\">SORULDU: Y<span style=\"font-size: 14pt;\">apt\u0131\u011f\u0131n\u0131z g\u00f6r\u00fc\u015fmede Genelkurmay Ba\u015fkanl\u0131\u011f\u0131n\u0131n devrim veya darbe yapabilmek amac\u0131yla gerekli \u015fartlar\u0131n olu\u015fabilmesi i\u00e7in mevcut T\u00fcrkiye Cumhuriyeti H\u00fck\u00fcmetini ve Amerika&#8217;y\u0131 destekler gibi g\u00f6z\u00fckt\u00fc\u011f\u00fc ve olas\u0131 bir Amerika-\u0130ran sava\u015f\u0131n\u0131 bekledi\u011fi bilgisini veriyorsunuz.\u00a0<\/span>Siz Genelkurmay ba\u015fkanl\u0131\u011f\u0131n\u0131n yapt\u0131\u011f\u0131 b\u00f6yle bir plan\u0131n bilgisine nas\u0131l ula\u015ft\u0131n\u0131z? B\u00f6yle bir darbe veya devrimin yap\u0131lmas\u0131n\u0131 isteme sebebiniz nedir? Mart ay\u0131n\u0131 \u00f6zenle bekliyorum derken nas\u0131l bir beklentinizden bahsediyorsunuz? Detayl\u0131ca a\u00e7\u0131klay\u0131n\u0131z.<\/span><\/i><\/b><\/span>\u00a0<\/p>\n<p style=\"font-size: 12.0120115280151px; margin-bottom: 0.0001pt; text-align: justify; text-indent: 14.2pt; line-height: normal;\"><span style=\"font-size: 12pt;\"><b><span style=\"font-family: Arial, sans-serif;\">CEVABEN: Benim bu konudaki s\u00f6ylediklerim gelecekle ilgili \u00f6nsezi ve tahminlerimdir. B\u00f6ylesi beklentilerin bilgisi ve belgesi olmaz. Ve amac\u0131m da toplumda olu\u015fturulan:\u00a0<i>\u201cemperyalist Bat\u0131ya teslimiyetten ba\u015fka \u00e7are yoktur\u201d<\/i>\u00a0kanaatini de\u011fi\u015ftirip, \u00f6z\u00fcne ve milletine g\u00fcven duymas\u0131n\u0131 sa\u011flamakt\u0131r. B\u00f6yle silahl\u0131 ve kanl\u0131 bir darbe iddias\u0131n\u0131 akl\u0131mdan ve hayalimden bile ge\u00e7irmi\u015f de\u011filim. \u00dclkemiz ve b\u00f6lgemiz \u00fczerindeki kirli emellerini, gafil ve hainlerden ba\u015fka hi\u00e7 kimsenin ink\u00e2r edemeyece\u011fi, Amerika ve \u0130srail\u2019in ve Ha\u00e7l\u0131 AB \u00fclkelerinin (zul\u00fcm ve s\u00f6m\u00fcr\u00fc saltanat\u0131n\u0131n) mensubu oldu\u011fumuz mazlum milletlerin dirili\u015f ve b\u00fct\u00fcnle\u015fmesi ile y\u0131k\u0131laca\u011f\u0131n\u0131 bekliyorum ve bu \u00fcmidimi hi\u00e7 kaybetmiyorum.<\/span><\/b><\/span>\u00a0<\/p>\n<p style=\"font-size: 12.0120115280151px; margin-bottom: 0.0001pt; text-align: justify; text-indent: 14.2pt; line-height: normal;\"><span style=\"font-size: 12pt;\"><b><i><span style=\"font-family: Arial, sans-serif;\">SORULDU: G\u00f6r\u00fc\u015fmenizde ger\u00e7ekle\u015fece\u011fini s\u00f6yledi\u011finiz olas\u0131 Amerika-\u0130ran sava\u015f\u0131, a\u00e7\u0131lacak yeni cepheler ve T\u00fcrkiye&#8217;nin i\u00e7ine d\u00fc\u015fece\u011fi b\u00fcy\u00fck bir ekonomik kriz ve sonras\u0131nda istikrars\u0131z ortam ve \u00fclkenin \u00e7\u00f6k\u00fc\u015f\u00fc, yine mevcut iktidar partisi AKP\u2019nin ba\u015f\u00f6rt\u00fcs\u00fc serbestli\u011fi bahane edilerek hukuki bir s\u00fcre\u00e7le devre d\u0131\u015f\u0131 b\u0131rak\u0131laca\u011f\u0131 ile ilgili bilgileri nereden edindiniz? Detayl\u0131ca a\u00e7\u0131klay\u0131n\u0131z.<\/span><\/i><\/b><\/span>\u00a0<\/p>\n<p style=\"font-size: 12.0120115280151px; margin-bottom: 0.0001pt; text-align: justify; text-indent: 14.2pt; line-height: normal;\"><span style=\"font-size: 12pt;\"><b><span style=\"font-family: Arial, sans-serif;\">CEVABEN: T\u00fcrkiye\u2019nin b\u00fct\u00fcn gazeteleri ve internet siteleri, dergileri TV haberleri buna benzer y\u00fczlerce haber ve yorum yay\u0131nlanmaktad\u0131r.<\/span><\/b><\/span>\u00a0<\/p>\n<p style=\"font-size: 12.0120115280151px; margin-bottom: 0.0001pt; text-align: justify; text-indent: 14.2pt; line-height: normal;\"><span style=\"font-size: 12pt;\"><b><i><span style=\"font-family: Arial, sans-serif;\">SORULDU:\u00a0<span style=\"font-size: 14pt;\">Yine mevcut Saadet Partisi ile ilgili olarak T\u00fcrkiye&#8217;de ya\u015fanacak devrimden sonra partinin sa\u011flam ellere verilece\u011fini, size d\u00fc\u015fenin ise ger\u00e7eklere sahip \u00e7\u0131karak sab\u0131rla beklemek oldu\u011funu belirtiyorsunuz. Sa\u011flam eller dedi\u011finiz \u015fah\u0131slar kimlerdir? Size b\u00f6yle bir vaatte mi bulunuldu? Sahip \u00e7\u0131kman\u0131z gerekti\u011fini s\u00f6yledi\u011finiz ger\u00e7ekler nelerdir? Detayl\u0131ca bilgi verin.<\/span><\/span><\/i><\/b><\/span>\u00a0<\/p>\n<p style=\"font-size: 12.0120115280151px; margin-bottom: 0.0001pt; text-align: justify; text-indent: 14.2pt; line-height: normal;\"><span style=\"font-size: 12pt;\"><b><span style=\"font-family: Arial, sans-serif;\">CEVABEN: Bunlar \u00f6zel de\u011fil, \u00e7ok genel temennilerdir. Yoksa y\u00fczde birlerin alt\u0131na d\u00fc\u015fm\u00fc\u015f bir partinin kimlerin eline ge\u00e7ece\u011fi de\u011fil, benim derdim; \u00fclkem ve insanl\u0131k i\u00e7in \u00e7ok tarihi ve talihli bir proje ve potansiyel ta\u015f\u0131yan Milli G\u00f6r\u00fc\u015f d\u00fc\u015f\u00fcncesinin halk\u0131ma hizmet edecek hale gelmesini istemektir. Yok, e\u011fer bu partiyi ele ge\u00e7irmeye \u00e7al\u0131\u015f\u0131yorsam, normalde bunun yolu; etkin ve yetkin isimlere ya\u011f \u00e7ekmek ve g\u00f6zlerine girmek oldu\u011fu halde, ben \u00fclkeme hizmet i\u00e7in ama\u00e7 de\u011fil ara\u00e7 bildi\u011fim bir partinin en \u00f6nemli yetkililerini bile a\u00e7\u0131k\u00e7a tenkit etmenin, bana hi\u00e7bir siyasi yarar vermeyece\u011fini d\u00fc\u015f\u00fcnecek kapasitedeyim.<\/span><\/b><\/span>\u00a0<\/p>\n<p style=\"font-size: 12.0120115280151px; margin-bottom: 0.0001pt; text-align: justify; text-indent: 14.2pt; line-height: normal;\"><span style=\"font-size: 12pt;\"><b><i><span style=\"font-family: Arial, sans-serif;\">SORULDU:\u00a0<span style=\"font-size: 14pt;\">PKK Ter\u00f6r \u00f6rg\u00fct\u00fcne y\u00f6nelik ba\u015flat\u0131lan Kara Harek\u00e2t\u0131 ile ilgili sorulan soruya cevap vermekten ni\u00e7in ka\u00e7\u0131nmaktas\u0131n\u0131z? Size bu gibi konular\u0131n telefonda konu\u015fulmamas\u0131 hususunda kim taraf\u0131ndan ne ama\u00e7la ikaz geldi?<\/span>\u00a0Yazd\u0131\u011f\u0131n\u0131z kitaplar, yay\u0131nlad\u0131\u011f\u0131n\u0131z dergi ve konferanslar yoluyla geni\u015f bir kitleye d\u00fc\u015f\u00fcncelerinizi aktarma \u00e7al\u0131\u015fmas\u0131 yapman\u0131za ra\u011fmen, yine ayn\u0131 konular ile ilgili telefonda konu\u015ftuklar\u0131n\u0131z\u0131n duyulmamas\u0131n\u0131 istemenizin sebebi nedir? Yasal olmayan gizli bir niyet ve \u00e7al\u0131\u015fmalar\u0131n\u0131z m\u0131 vard\u0131r?<\/span><\/i><\/b><\/span>\u00a0<\/p>\n<p style=\"font-size: 12.0120115280151px; margin-bottom: 0.0001pt; text-align: justify; text-indent: 14.2pt; line-height: normal;\"><span style=\"font-size: 12pt;\"><b><span style=\"font-family: Arial, sans-serif;\">CEVABEN:\u00a0<span style=\"font-size: 14pt;\">Bu g\u00f6r\u00fc\u015fmeyi yapt\u0131m, hat\u0131rl\u0131yorum. Bu t\u00fcr sorulara her g\u00fcn y\u00fczlerce kere muhatap oldu\u011fumdan ve zaten dergiyi de bu sorular\u0131n cevab\u0131 olarak \u00e7\u0131kard\u0131\u011f\u0131m\u0131zdan; herkesi dergimizi ve kitaplar\u0131m\u0131z\u0131 okumaya bir nevi ikazd\u0131r. Yoksa o konu\u015fmamam\u0131 tespit edenler, \u00fczerime y\u0131k\u0131lmaya \u00e7al\u0131\u015f\u0131lan cinsten karanl\u0131k ve farkl\u0131 gizli bir g\u00f6r\u00fc\u015fme ve bulu\u015fma yapt\u0131\u011f\u0131mdan nas\u0131l haberdar olamazlar? \u00c7\u00fcnk\u00fc yoktur, bu soru daha \u00f6nce beni bir \u00f6rg\u00fct lideri g\u00f6stermeye \u00e7al\u0131\u015fan sorular\u0131n tam aksine, bu sefer de\u00a0<i>\u201cba\u015fka gizli \u00f6rg\u00fctlerin bir eleman\u0131ym\u0131\u015f\u0131m\u201d<\/i>\u00a0gibi g\u00f6stermeye y\u00f6nelik, insanl\u0131k haysiyetime de hakaret say\u0131lan bir yakla\u015f\u0131md\u0131r. Ama T\u00fcrkiye&#8217;de siyaset\u00e7isinden gazetecisine, i\u015f adam\u0131ndan b\u00fcrokrat\u0131na, kurulu robot gibi makam ve menfaat hat\u0131r\u0131na uzaktan kumanda edilen tiplerin \u00e7o\u011fald\u0131\u011f\u0131 bir \u00fclkede, beni de kendilerinden zannetmeleri garipsenecek bir \u015fey de\u011fildir. Bu sorunun cevab\u0131 di\u011fer cevaplar\u0131n i\u00e7inde de vard\u0131r.<\/span><\/span><\/b><\/span><\/p>\n<p style=\"font-size: 12.0120115280151px; margin-bottom: 0.0001pt; text-align: justify; text-indent: 14.2pt; line-height: normal;\"><span style=\"font-size: 12pt;\"><b><i><span style=\"font-family: Arial, sans-serif;\">SORULDU:\u00a0<span style=\"font-size: 14pt;\">G\u00f6r\u00fc\u015fmenizde kastetti\u011finiz \u201cMilli Taraf ve Kirli taraf\u201d kimlerden veya hangi kurulu\u015flardan olu\u015fmaktad\u0131r?<\/span>\u00a0Konu ile ilgili detayl\u0131 a\u00e7\u0131klama yap\u0131n\u0131z. Yine telefonlar\u0131n\u0131z\u0131n dinlendi\u011fine dair uyar\u0131da bulunarak &#8220;ge\u00e7en ay \u015fey yapt\u0131lar bizim telefonlar \u00f6zel dinlemeye alm\u0131\u015flar&#8221; demektesiniz. Size telefonlar\u0131n\u0131z\u0131n dinlendi\u011fine dair bilgi ne zaman ve kimler taraf\u0131ndan verildi? Detayl\u0131ca a\u00e7\u0131klay\u0131n\u0131z.<\/span><\/i><\/b><\/span>\u00a0<\/p>\n<p style=\"font-size: 12.0120115280151px; margin-bottom: 0.0001pt; text-align: justify; text-indent: 14.2pt; line-height: normal;\"><span style=\"font-size: 12pt;\"><b><span style=\"font-family: Arial, sans-serif;\">CEVABEN: Daha \u00f6nce bu sorunun cevab\u0131 ge\u00e7ti. Kirli taraf ABD, AB ve \u0130srail g\u00fcd\u00fcml\u00fc faaliyetlerdir. Milli taraf ise; devletimizin \u00f6z\u00fc ve kendisidir. Biz de burada, as\u0131l silahl\u0131 ihtilal ve devrimin bizim devletimiz taraf\u0131ndan de\u011fil, d\u0131\u015f g\u00fc\u00e7ler taraf\u0131ndan haz\u0131rland\u0131\u011f\u0131n\u0131 ve arzuland\u0131\u011f\u0131n\u0131 a\u00e7\u0131k\u00e7a ifade etmi\u015fiz. Telefonlar\u0131m\u0131n dinlenme kanaati: ola\u011fan \u00fcst\u00fc seslerin ve kesilmelerin, gizli frekansl\u0131 sistemlerin ortaya \u00e7\u0131kmas\u0131, zaten yayg\u0131n olan ve s\u00fcrekli konu\u015fulan bu konuda beni de b\u00f6yle bir d\u00fc\u015f\u00fcnceye sevk etti. Yan\u0131lmad\u0131\u011f\u0131m\u0131 da b\u00fct\u00fcn bu sorular\u0131n\u0131z g\u00f6stermektedir.\u00a0<span style=\"font-size: 14pt;\">Yoksa asl\u0131nda beni dinleyenlerin bana bilgi vermesi laz\u0131m. O zaman bu telefon g\u00f6r\u00fc\u015fmelerini tespit eden size soruyorum, beni kime dinlettiniz ve bana haber vermesi i\u00e7in kimi g\u00f6revlendirdiniz?<\/span><\/span><\/b><\/span>\u00a0<\/p>\n<p style=\"font-size: 12.0120115280151px; margin-bottom: 0.0001pt; text-align: justify; text-indent: 14.2pt; line-height: normal;\"><span style=\"font-size: 12pt;\"><b><i><span style=\"font-family: Arial, sans-serif;\">SORULDU: Telefonlar\u0131n\u0131z\u0131n \u00f6zellikle dinlendi\u011fi konusunda uyar\u0131y\u0131 nerden ald\u0131n\u0131z? Telefonlarda bu konulara de\u011finerek kar\u015f\u0131 tarafa koz vermek istemedi\u011finizi s\u00f6yl\u00fcyorsunuz. Kar\u015f\u0131 taraf kimdir? Konu\u015fmalar\u0131n\u0131z kar\u015f\u0131 tarafa ne t\u00fcr kozlar verecektir? Sizin g\u00f6r\u00fc\u015flerinizi ve \u00e7al\u0131\u015fmalar\u0131n\u0131z\u0131, gizlemenizi gerektiren ne t\u00fcr illegal faaliyetleriniz vard\u0131r? Kapatma davas\u0131 ile ba\u015flayan s\u00fcre\u00e7te size y\u00fcklenen bir misyonunuz mu var? Detayl\u0131ca a\u00e7\u0131klay\u0131n\u0131z.<\/span><\/i><\/b><\/span>\u00a0<\/p>\n<p style=\"font-size: 12.0120115280151px; margin-bottom: 0.0001pt; text-align: justify; text-indent: 14.2pt; line-height: normal;\"><span style=\"font-size: 12pt;\"><b><span style=\"font-family: Arial, sans-serif;\">CEVABEN: Ayn\u0131 mahiyetteki sorular\u0131n cevab\u0131 verildi. Amerika\u2019ya u\u015fakl\u0131k yapanlar, Avrupa\u2019ya hizmeti \u015feref sayanlar, \u0130srail\u2019in \u00e7\u0131karlar\u0131n\u0131 T\u00fcrkiye\u2019den \u00f6nde tutanlar ve bunu baz\u0131lar\u0131n\u0131n din istismar\u0131 ile baz\u0131lar\u0131n da Atat\u00fcrk\u00e7\u00fcl\u00fck simsarl\u0131\u011f\u0131 ile y\u00fcr\u00fctme\u011fe \u00e7al\u0131\u015fmalar\u0131; tap\u0131nd\u0131klar\u0131 emperyalist g\u00fc\u00e7lerin \u015fanl\u0131 ve \u015ferefli T\u00fcrkiye\u2019nin \u00f6n\u00fcnde diz \u00e7\u00f6kmesini \u00f6nleyemeyecektir. Bunlara inan\u0131p ifade etmek, kanaatimce su\u00e7lanmas\u0131 de\u011fil sahip \u00e7\u0131k\u0131lmas\u0131 gereken bir gayrettir. Kar\u015f\u0131 taraf diye \u0131srarla s\u00f6yledi\u011fim: PKK ve Hizbullah gibi, mason localar\u0131 gibi, Soros\u00e7u vak\u0131flar gibi, h\u0131yanet \u015febekelerini y\u00f6neten d\u0131\u015f g\u00fc\u00e7lerdir. E\u011fer bir iktidar\u0131 kapatmak gibi bir g\u00fcc\u00fcm ve yetkim olsayd\u0131, benim \u00f6yle bir partiyi iktidara getirmek gibi bir g\u00fcc\u00fcm\u00fcn de olmas\u0131 gerekirdi. H\u00e2lbuki bu g\u00fcl\u00fcn\u00e7 bir iddiad\u0131r. Oysa 54. h\u00fck\u00fcmetin ba\u015fbakan\u0131 Muhterem Profes\u00f6r Dr. Necmettin ERBAKAN&#8217;\u0131n, T\u00fcrkiye&#8217;yi ekonomik, teknolojik ve politik y\u00f6nden yeniden \u015faha kald\u0131rd\u0131\u011f\u0131 ve toplumun her kesiminin hala unutamad\u0131\u011f\u0131 hay\u0131rl\u0131 ve ba\u015far\u0131l\u0131 hizmetlerin yap\u0131ld\u0131\u011f\u0131 Refah-Yol\u2019a, dokuz-on ay dayanamay\u0131p, hep kar\u015f\u0131 oldu\u011fumuz darbenin post moderni ile Erbakan&#8217;\u0131 devre d\u0131\u015f\u0131 b\u0131rakanlar\u0131n ve belgeleri televizyonlarda a\u00e7\u0131klanan Frans\u0131z B\u00fcy\u00fck Mason Localar\u0131n\u0131n ve Amerika\u2019daki Yahudi odaklar\u0131n\u0131n; g\u00fcya Erbakan&#8217;\u0131n eski talebeleri san\u0131lan insanlar\u0131; televizyonlar\u0131 ile, medyas\u0131 ile, finans kaynaklar\u0131 ile ve t\u00fcm imk\u00e2nlar\u0131 ile destekleyip nas\u0131l ve ni\u00e7in iktidara ta\u015f\u0131d\u0131klar\u0131n\u0131n sorular\u0131 yan\u0131tlan\u0131rsa, b\u00f6yle kullan\u0131p i\u015fi bittikten sonra, yine ayn\u0131 olu\u015fumlar\u0131 hangi g\u00fc\u00e7lerin saf d\u0131\u015f\u0131 b\u0131rakt\u0131klar\u0131 da ortaya \u00e7\u0131kacakt\u0131r; s\u00fcper g\u00fc\u00e7lerin melanetlerini ve sinsi marifetlerini (g\u00fcndeme ta\u015f\u0131maktan ba\u015fka su\u00e7u bulunmayan) benim gibi kaleminden ba\u015fka hi\u00e7bir silah\u0131(!) bulunmayan bir insana bu sorular y\u00f6neltilemezdi.<\/span><\/b><\/span>\u00a0<\/p>\n<p style=\"font-size: 12.0120115280151px; margin-bottom: 0.0001pt; text-align: justify; text-indent: 14.2pt; line-height: normal;\"><span style=\"font-size: 12pt;\"><b><i><span style=\"font-family: Arial, sans-serif;\">SORULDU: Kapatma davas\u0131 ile ba\u015flayan s\u00fcre\u00e7 ile ilgili daha \u00f6nce konu\u015ftu\u011funuz \u015feyler nelerdir? Kar\u015f\u0131 taraf Siyonist cephe dedi\u011finiz ki\u015fi veya kurumlar kimlerdir? Kar\u015f\u0131 taraf dedi\u011finiz kesimlerce aleyhinize kullan\u0131lmamas\u0131n\u0131 istedi\u011finiz \u015feyler ve fark\u0131na var\u0131lmamas\u0131n\u0131 istedi\u011finiz taktikleriniz nelerdir? \u00dczerinde taktik geli\u015ftirdi\u011finiz ve \u00f6\u011frenilmesini istemedi\u011finiz nas\u0131l bir \u00e7al\u0131\u015fman\u0131z var? Detayl\u0131ca a\u00e7\u0131klay\u0131n\u0131z.<\/span><\/i><\/b><\/span>\u00a0<\/p>\n<p style=\"font-size: 12.0120115280151px; margin-bottom: 0.0001pt; text-align: justify; text-indent: 14.2pt; line-height: normal;\"><span style=\"font-size: 12pt;\"><b><span style=\"font-family: Arial, sans-serif;\">CEVABEN: T\u00fcrkiye&#8217;de ve b\u00fct\u00fcn d\u00fcnyada CIA ve MOSSAD\u2019\u0131n ve bunlar\u0131n arkas\u0131ndaki ABD ve \u0130srail&#8217;in; Irak&#8217;taki, Sudan Darfur&#8217;daki, Bosna Hersek&#8217;teki ve PKK eliyle \u00fclkemizdeki cinayet ve h\u0131yanetlerin sahipleri i\u015fte bizim dikkat \u00e7ekti\u011fimiz Siyonist g\u00fc\u00e7lerdir. Herhangi bir takti\u011fim yoktur, bu a\u00e7\u0131klama yeterli san\u0131r\u0131m.<\/span><\/b><\/span>\u00a0<\/p>\n<p style=\"font-size: 12.0120115280151px; margin-bottom: 0.0001pt; text-align: justify; text-indent: 14.2pt; line-height: normal;\"><span style=\"font-size: 12pt;\"><b><i><span style=\"font-family: Arial, sans-serif;\">SORULDU:\u00a0<span style=\"font-size: 14pt;\">Necmettin ERBAKAN taraf\u0131ndan sizin ve ekibinizin kabul g\u00f6rmesi beklentileriniz aras\u0131nda olan bir geli\u015fme midir? Ayr\u0131ca \u201cgidi\u015fat\u0131n sadece bir partinin de\u011fil sistemin k\u00f6kten d\u00fczelmesine yol a\u00e7acak geli\u015fmeler\u201d<\/span>\u00a0oldu\u011funu belirtiyorsunuz. Mevcut anayasal sistemin k\u00f6kten de\u011fi\u015ftirilmesi ile ilgili ne gibi planlar\u0131n\u0131z var? Bu konudaki \u00e7al\u0131\u015fmalar\u0131n\u0131z\u0131 ve i\u015f birli\u011fi yapt\u0131\u011f\u0131n\u0131z ki\u015fi ve kurumlar\u0131 detayl\u0131ca anlat\u0131n\u0131z.<\/span><\/i><\/b><\/span>\u00a0<\/p>\n<p style=\"font-size: 12.0120115280151px; margin-bottom: 0.0001pt; text-align: justify; text-indent: 14.2pt; line-height: normal;\"><span style=\"font-size: 12pt;\"><b><span style=\"font-family: Arial, sans-serif;\">CEVABEN:\u00a0<span style=\"font-size: 14pt;\">Muhterem Erbakan Hoca&#8217;y\u0131, \u00fclkeme ve mazlum milletlere huzur ve h\u00fcrriyet yolunu g\u00f6steren b\u00fcy\u00fck bir ilim ve devlet adam\u0131 olarak sevip say\u0131yoruz. Ama samimiyetle takip\u00e7isi ve talebesi olmak d\u0131\u015f\u0131nda ne kendisi ile ne de partileri ile bu g\u00fcne kadar hi\u00e7bir organik ve resmi bir ba\u011f\u0131m\u0131z olmam\u0131\u015ft\u0131r. \u00dclkem i\u00e7in hay\u0131rl\u0131 g\u00f6rd\u00fc\u011f\u00fcm bu hizmetlere 40 y\u0131ld\u0131r destek verdi\u011fim ve parti yetkililerinden haks\u0131zl\u0131k ve hakaret g\u00f6rd\u00fc\u011f\u00fcm halde ve \u00fcstelik milletvekili, belediye ba\u015fkan\u0131, y\u00fcksek b\u00fcrokrat gibi makam ve menfaatler elde etmedi\u011fim halde, s\u0131rf Erbakan&#8217;\u0131n hizmet ve fikirlerini sevip sahiplenmemden dolay\u0131, ke\u015fke \u0130srail ve ABD gizli servisleri bu sorular\u0131 bana y\u00f6neltseydi.<\/span><\/span><\/b><\/span>\u00a0<\/p>\n<p style=\"font-size: 12.0120115280151px; margin-bottom: 0.0001pt; text-align: justify; text-indent: 14.2pt; line-height: normal;\"><span style=\"font-size: 12pt; font-family: Arial, sans-serif;\"><b><i>SORULDU: Yine g\u00f6r\u00fc\u015fmenizde kapatma davas\u0131 ile ba\u015flayan s\u00fcre\u00e7te kim zarar g\u00f6r\u00fcrse g\u00f6rs\u00fcn, e\u011fer zarar g\u00f6recekler AKP\u2019liler ise b\u0131rak g\u00f6rs\u00fcnler diyorsunuz. AK Partinin son genel se\u00e7imlerde se\u00e7men n\u00fcfusunun y\u00fczde k\u0131rk yedilik bir oranda oyunu ald\u0131\u011f\u0131n\u0131 hat\u0131rlarsak, zarar g\u00f6rmesinden rahats\u0131z olmad\u0131\u011f\u0131n\u0131z kesimin \u00fclkemizde \u00e7ok say\u0131da vatanda\u015f\u0131m\u0131za kar\u015f\u0131l\u0131k gelece\u011fi anla\u015f\u0131lacakt\u0131r. Sizin devam eden bu s\u00fcre\u00e7ten nas\u0131l bir beklentileriniz var ki, olu\u015fabilecek s\u0131k\u0131nt\u0131lardan rahats\u0131zl\u0131k duymuyorsunuz?<\/i><\/b><\/span>\u00a0<\/p>\n<p style=\"font-size: 12.0120115280151px; margin-bottom: 0.0001pt; text-align: justify; text-indent: 14.2pt; line-height: normal;\"><span style=\"font-size: 12pt;\"><b><span style=\"font-family: Arial, sans-serif;\">CEVABEN: AKP&#8217;den kast\u0131m, asla y\u00fczde k\u0131rk yedilik oy potansiyeli olan milletimiz de\u011fildir, AKP i\u00e7inde \u00e7\u00f6reklenen ve bunu \u00e7e\u015fitli kitaplar\u0131m\u0131zda, dergilerimizde belgelerle a\u00e7\u0131klad\u0131\u011f\u0131m\u0131z bir k\u0131s\u0131m i\u015fbirlik\u00e7i insanlard\u0131r. Aksi halde oy veren toplumu kastetmek, ayn\u0131 zamanda bir insan\u0131n kendi belas\u0131n\u0131 istemesi gibi bir \u015feydir, asla b\u00f6yle bir \u015fey kastetmedim.<\/span><\/b><\/span>\u00a0<\/p>\n<p style=\"font-size: 12.0120115280151px; margin-bottom: 0.0001pt; text-align: justify; text-indent: 14.2pt; line-height: normal;\"><span style=\"font-size: 12pt;\"><b><i><span style=\"font-family: Arial, sans-serif;\">SORULDU: Do\u011fu PER\u0130N\u00c7EK ve Kemal ALEMDAROGLU&#8217;nun Ergenekon Ter\u00f6r \u00f6rg\u00fct\u00fcne y\u00f6nelik \u0130stanbul Emniyet M\u00fcd\u00fcrl\u00fc\u011f\u00fcnce yap\u0131lan \u00e7al\u0131\u015fmalar kapsam\u0131nda g\u00f6zalt\u0131na al\u0131nmas\u0131 sonras\u0131 yapt\u0131\u011f\u0131n\u0131z yorumda, bu g\u00f6zalt\u0131lar i\u00e7in yanl\u0131\u015fl\u0131k oldu\u011funu, kontrol alt\u0131nda bir bulan\u0131kl\u0131k olu\u015fturuldu\u011funu, bu bulan\u0131kl\u0131k i\u00e7inde yanl\u0131\u015fl\u0131k dedi\u011finiz g\u00f6zalt\u0131lar\u0131n bilin\u00e7li olarak yapt\u0131r\u0131ld\u0131\u011f\u0131n\u0131 belirtiyorsunuz. \u00dclkemizi kontroll\u00fc bir \u015fekilde bilin\u00e7li olarak buland\u0131ranlar kimlerdir? Bu konudaki bilgi ve g\u00f6rg\u00fclerinizi detayl\u0131 \u015fekilde anlat\u0131n\u0131z.<\/span><\/i><\/b><\/span>\u00a0<\/p>\n<p style=\"font-size: 12.0120115280151px; margin-bottom: 0.0001pt; text-align: justify; text-indent: 14.2pt; line-height: normal;\"><span style=\"font-size: 12pt;\"><b><span style=\"font-family: Arial, sans-serif;\">CEVABEN:\u00a0<span style=\"font-size: 14pt;\">Benim ifademle alakas\u0131 olamayan bir isnat bana y\u00fcklenmeye \u00e7al\u0131\u015f\u0131l\u0131yor. Ben \u00fclkemizde;\u00a0<i>\u201cErgenekon \u00f6rg\u00fct\u00fcn\u00fcn de, asl\u0131nda beni su\u00e7lamaya \u00e7al\u0131\u015f\u0131lan cinsten bir ihtilal ve silahl\u0131 devrim ve karga\u015fa \u00e7\u0131kararak, \u00fclkemizdeki gizli masonik d\u00fczenin devam\u0131n\u0131 sa\u011flamaya \u00e7al\u0131\u015fanlar oldu\u011funu\u201d<\/i>\u00a0d\u00fc\u015f\u00fcnmekteyim. Bu kar\u0131\u015f\u0131kl\u0131\u011f\u0131n, T\u00fcrkiye&#8217;nin ba\u011f\u0131ms\u0131zl\u0131\u011f\u0131n\u0131n AB&#8217;ye devredilmesi, \u00fclkemizin federasyonlarla \u00e7\u00f6z\u00fclmesi, ekonominin ve sosyal hayat\u0131n dejenere edilmesi gibi su\u00e7lardan de\u011fil de, milletimizin gelene\u011fi ve inanc\u0131n\u0131n gere\u011fi olan ba\u015f\u00f6rt\u00fcs\u00fc kar\u015f\u0131tl\u0131\u011f\u0131 ile AKP\u2019nin aleyhinde sald\u0131r\u0131lar\u0131n yo\u011funla\u015fmas\u0131; her iki taraf\u0131n da \u00fclkemizin hayr\u0131n\u0131 istemedi\u011fi kanaatini bende olu\u015fturmaktad\u0131r. Ancak benim gibi bir insan\u0131n bile Ergenekon gibi bir \u00f6rg\u00fctle irtibatland\u0131r\u0131lma gayreti, maalesef\u00a0<i>\u201cbir k\u0131s\u0131m darbeci ve \u015febekeci tiplerin toplum nazar\u0131nda su\u00e7suzmu\u015f gibi alg\u0131lanmas\u0131na yol a\u00e7mas\u0131\u201d<\/i>\u00a0bak\u0131m\u0131ndan, yine ger\u00e7ek su\u00e7lular de\u011fil de, \u00fclkesini milletini seven kimselerin zarar g\u00f6rmesi ile sonu\u00e7lanacak ve maalesef \u00e7ok \u00f6nemli bir adalet g\u00fcvencemiz olan yarg\u0131m\u0131za kar\u015f\u0131 sayg\u0131 yerine kayg\u0131n\u0131n olu\u015fmas\u0131n\u0131 do\u011furacak diye \u00fcz\u00fcl\u00fcyorum.<\/span><\/span><\/b><\/span>\u00a0<\/p>\n<p style=\"font-size: 12.0120115280151px; margin-bottom: 0.0001pt; text-align: justify; text-indent: 14.2pt; line-height: normal;\"><span style=\"font-size: 12pt;\"><b><i><span style=\"font-family: Arial, sans-serif;\">SORULDU: Yapt\u0131\u011f\u0131n\u0131z g\u00f6r\u00fc\u015fmede \u00f6nce Ergenekon ter\u00f6r \u00f6rg\u00fct\u00fcne yap\u0131lan adli soru\u015fturmay\u0131 T\u00fcrkiye&#8217;de Milli geli\u015fmeleri gizlemeye y\u00f6nelik bir hareket olarak de\u011ferlendiriyorsunuz. Daha sonra Ergenekon ter\u00f6r \u00f6rg\u00fct\u00fcn\u00fc d\u0131\u015f g\u00fc\u00e7lerin kontrol etti\u011fi bir h\u0131yanet ekibi olarak yorumlay\u0131p telefonlar\u0131n\u0131z\u0131n dinlendi\u011fini s\u00f6yleyerek konuyu kapat\u0131yorsunuz. Ergenekon ter\u00f6r \u00f6rg\u00fct\u00fc ve bu \u00f6rg\u00fcte y\u00f6nelik d\u00fczenlenen adli soru\u015fturma hakk\u0131nda yapt\u0131\u011f\u0131n\u0131z bu \u00e7eli\u015fkili yorumlar telefonlar\u0131n\u0131z\u0131n dinlendi\u011fi y\u00f6n\u00fcndeki ald\u0131\u011f\u0131n\u0131z uyar\u0131lardan m\u0131 kaynaklanmaktad\u0131r? A\u00e7\u0131klay\u0131n\u0131z.<\/span><\/i><\/b><\/span>\u00a0<\/p>\n<p style=\"font-size: 12.0120115280151px; margin-bottom: 0.0001pt; text-align: justify; text-indent: 14.2pt; line-height: normal;\"><span style=\"font-size: 12pt;\"><b><span style=\"font-family: Arial, sans-serif;\">CEVABEN:\u00a0<span style=\"font-size: 14pt;\">Bu bana y\u00f6nelik as\u0131ls\u0131z bir ithamd\u0131r. Ergenekon olay\u0131na bula\u015ft\u0131\u011f\u0131 bilinen kimselerin bir\u00e7o\u011funu eskiden de bug\u00fcn de asla tasvip etmiyorum ve yeri geldik\u00e7e net ve sert c\u00fcmlelerle uyar\u0131yorum. Ancak AKP\u2019ye y\u00f6nelik kapatma davas\u0131n\u0131 y\u00fcr\u00fcten yarg\u0131n\u0131n da, Ergenekon soru\u015fturmas\u0131n\u0131 y\u00fcr\u00fcten yarg\u0131n\u0131n da, ayn\u0131 oranda sayg\u0131n ve duyarl\u0131 (veya ayn\u0131 oranda tarafl\u0131 ve kas\u0131tl\u0131) say\u0131lmas\u0131 gerekti\u011fi halde, bizi b\u00f6l\u00fcc\u00fcl\u00fckle su\u00e7layanlar\u0131n, bunlardan bir tarafa destek verenleri sahiplenip kar\u015f\u0131 taraf\u0131 k\u00f6t\u00fcleme gayretleri, yarg\u0131m\u0131za yap\u0131lacak en b\u00fcy\u00fck g\u00f6zden d\u00fc\u015f\u00fcrme hareketidir. Telefonumun dinlendi\u011fi y\u00f6n\u00fcndeki sorunuza da zaten daha \u00f6nce cevap vermi\u015ftim.<\/span><\/span><\/b><\/span><\/p>\n<p style=\"font-size: 12.0120115280151px; margin-bottom: 0.0001pt; text-align: justify; text-indent: 14.2pt; line-height: normal;\"><span style=\"font-size: 12pt;\"><b><i><span style=\"font-family: Arial, sans-serif;\">SORULDU: Yapt\u0131\u011f\u0131n\u0131z yorumda devlet i\u00e7erisinde yap\u0131lanm\u0131\u015f bulunan bir derin devletin varl\u0131\u011f\u0131ndan s\u00f6z edip bu derin devleti besleyen, yani hizmetini y\u00fcr\u00fctenlerden birinin de Milli \u00c7\u00f6z\u00fcm ve temsil etti\u011fi grup i\u00e7erisinde bulunan \u015fah\u0131slar\u0131n oldu\u011funu s\u00f6yl\u00fcyorsunuz. Yine derin devletten Milli G\u00fc\u00e7ler diyerek bahsediyorsunuz. Varl\u0131\u011f\u0131ndan s\u00f6z etti\u011finiz derin devleti olu\u015fturan ki\u015filer kimlerdir? Askerin derin devlet ile olan ili\u015fkisi nedir ve hangi boyuttad\u0131r? Bu ki\u015filerin olu\u015fturdu\u011fu te\u015fkilatlanmalar hakk\u0131nda, bug\u00fcne kadar yapt\u0131klar\u0131 eylem ve faaliyetler hakk\u0131nda ve Milli \u00c7\u00f6z\u00fcm Dergisinin ve temsil etti\u011fi grubun derin devlete yapt\u0131\u011f\u0131 hizmetler hakk\u0131nda detayl\u0131 bilgi verin.<\/span><\/i><\/b><\/span>\u00a0<\/p>\n<p style=\"font-size: 12.0120115280151px; margin-bottom: 0.0001pt; text-align: justify; text-indent: 14.2pt; line-height: normal;\"><span style=\"font-size: 12pt;\"><b><span style=\"font-family: Arial, sans-serif;\">CEVABEN:\u00a0<span style=\"font-size: 14pt;\">Benim o s\u00f6zlerimden bu neticeyi \u00e7\u0131karmak, ger\u00e7ekten b\u00fcy\u00fck bir anlay\u0131\u015f k\u0131s\u0131rl\u0131\u011f\u0131 de\u011fil ise, kas\u0131tl\u0131 bir iftirad\u0131r. Benim milli devletten kast\u0131m; \u201cd\u0131\u015f g\u00fc\u00e7lere direnen ve Atat\u00fcrk\u2019\u00fcn gen\u00e7li\u011fe hitabesinde haber verdi\u011fi kalelerimizi, yani milli m\u00fcesseselerimizi koruyan kendi devletimizdir\u201d. Milli \u00c7\u00f6z\u00fcm Dergisi ise; devletimize ve gelece\u011fimize sahip \u00e7\u0131kman\u0131n onurunu ve kendi \u00e7ap\u0131ndaki gayretlerini \u015fansl\u0131 ve \u015ferefli bir nasip saymaktad\u0131r.<\/span><\/span><\/b><\/span>\u00a0<\/p>\n<p style=\"font-size: 12.0120115280151px; margin-bottom: 0.0001pt; text-align: justify; text-indent: 14.2pt; line-height: normal;\"><span style=\"font-size: 12pt;\"><b><i><span style=\"font-family: Arial, sans-serif;\">SORULDU: R\u00fcyalara getirdi\u011finiz yorumlar ile yapt\u0131\u011f\u0131n\u0131z i\u015flerin ve y\u00fcr\u00fctt\u00fc\u011f\u00fcn\u00fcz hizmetlerin g\u00f6rd\u00fc\u011f\u00fcn\u00fcz r\u00fcyalar ile de do\u011fruluklar\u0131n\u0131n tasdik edildi\u011fini ve hay\u0131rl\u0131 i\u015fler oldu\u011funu anlatmaya \u00e7al\u0131\u015farak, size bir \u015fekilde ba\u011fl\u0131 olan, yani i\u015f kolu veya g\u00f6n\u00fcl ba\u011fl\u0131l\u0131\u011f\u0131 bulunan ki\u015filerin motivasyonunu canl\u0131 tutmaya \u00e7al\u0131\u015f\u0131yorsunuz. Bu \u015fekilde motive edilmi\u015f bir grup ile derin devlete hizmet edebilecek g\u00fc\u00e7l\u00fc bir sivil yap\u0131lanma m\u0131 olu\u015fturmak istiyorsunuz? Sizin Derin devlet lehine ald\u0131\u011f\u0131n\u0131z g\u00f6revler ve y\u00fck\u00fcml\u00fcl\u00fckleriniz nelerdir? Detayl\u0131 bilgi verin.<\/span><\/i><\/b><\/span>\u00a0<\/p>\n<p style=\"font-size: 12.0120115280151px; margin-bottom: 0.0001pt; text-align: justify; text-indent: 14.2pt; line-height: normal;\"><span style=\"font-size: 12pt;\"><b><span style=\"font-family: Arial, sans-serif;\">CEVABEN:\u00a0<span style=\"font-size: 14pt;\">Bu iddiay\u0131 asla kabul etmiyorum. O zaman b\u00fct\u00fcn din g\u00f6revlilerini milletimizi manen motive etti\u011fi i\u00e7in Ergenekoncu kapsam\u0131nda hesaba \u00e7ekmeniz gerekir.<\/span><\/span><\/b><\/span>\u00a0<\/p>\n<p style=\"font-size: 12.0120115280151px; margin-bottom: 0.0001pt; text-align: justify; text-indent: 14.2pt; line-height: normal;\"><span style=\"font-size: 12pt; font-family: Arial, sans-serif;\"><b><i>SORULDU: Emekli T\u00fcmgeneralin, Ya\u015far ALKAN taraf\u0131ndan size aktar\u0131lan\u00a0<span style=\"font-size: 14pt;\">\u201c\u00fclkenin \u00e7ok gizli operasyonel g\u00fc\u00e7lere ihtiyac\u0131 oldu\u011fu bu hainlerin ba\u015fka t\u00fcrl\u00fc temizlenemeyece\u011fi\u201d<\/span>\u00a0fikrine destek vermenizin ve sizin de bu fikre bir a\u00e7\u0131l\u0131m getirerek bu i\u015fi el alt\u0131ndan askerin yerine getirmesi gerekti\u011fi fikrini ortaya atman\u0131z\u0131n sebebi nedir? Neden b\u00f6yle bir beklenti i\u00e7erisinde oldu\u011funuzu belirtiyorsunuz? Askeri personel taraf\u0131ndan olu\u015fturulacak gizli operasyonel bir g\u00fcc\u00fcn \u00fclkemizin ba\u015fbakan\u0131na, cumhurba\u015fkan\u0131na veya benzeri makam sahiplerine suikast d\u00fczenlemesinin \u00fclkeye ne gibi faydas\u0131 olacakt\u0131r? Ayr\u0131ca bahsi ge\u00e7en emekli t\u00fcmgeneralin ba\u015fbakan\u0131 ve cumhurba\u015fkan\u0131n\u0131 hainler olarak nitelendirmesi sizi rahats\u0131z etmiyor mu? Ni\u00e7in b\u00f6yle bir fikre kat\u0131l\u0131yorsunuz? Detayl\u0131ca a\u00e7\u0131klay\u0131n\u0131z.<\/i><\/b><\/span>\u00a0<\/p>\n<p style=\"font-size: 12.0120115280151px; margin-bottom: 0.0001pt; text-align: justify; text-indent: 14.2pt; line-height: normal;\"><span style=\"font-size: 12pt;\"><b><span style=\"font-family: Arial, sans-serif;\">CEVABEN:\u00a0<span style=\"font-size: 14pt;\">Ben b\u00f6yle bir beklenti i\u00e7erisinde de\u011filim. Ancak T\u00fcrk askerini \u201cSoros\u2019un bek\u00e7ileri\u201d g\u00f6renler ile ayn\u0131 fikri payla\u015fmad\u0131\u011f\u0131m\u0131 da belirtmeliyim. Asker olan\u0131n ve ordu mensuplar\u0131n\u0131n sanki bu milletten say\u0131lmad\u0131\u011f\u0131n\u0131, onlar\u0131 seven ve sahiplenenlerin anar\u015fist muamelesine reva g\u00f6r\u00fcl\u00fcp sorguland\u0131\u011f\u0131n\u0131 (g\u00f6rmek), T\u00fcrkiye\u2019mizin neden bir zihniyet d\u00f6n\u00fc\u015f\u00fcm\u00fcne ihtiya\u00e7 duydu\u011fu kanaatimizin hakl\u0131l\u0131\u011f\u0131n\u0131 g\u00f6stermektedir. Beni rahats\u0131z eden; T\u00fcrkiye\u2019nin y\u00f6netiminde s\u00f6z sahibi olanlara, ABD ve AB gibi tarih boyunca d\u00fc\u015fmanl\u0131klar\u0131 bilinen \u00fclkelerin ve mahfillerin niye destek verdi\u011fidir?! Ve yine i\u00e7imizdeki mason localar\u0131n\u0131n ve PKK ve mafya bozuntular\u0131n\u0131n hamili\u011fini yapan d\u0131\u015f g\u00fc\u00e7lerce baz\u0131lar\u0131na madalyalar tak\u0131l\u0131rken; ordusunun g\u00fc\u00e7lenmesine, PKK\u2019ya kar\u015f\u0131 onurlu sonu\u00e7lar elde etmesine sevinen benim gibi milli d\u00fc\u015f\u00fcnceli bir insan\u0131n b\u00f6yle sorguya \u00e7ekilmesinin sebebi nedir?<\/span><\/span><\/b><\/span>\u00a0<\/p>\n<p style=\"font-size: 12.0120115280151px; margin-bottom: 0.0001pt; text-align: justify; text-indent: 14.2pt; line-height: normal;\"><span style=\"font-size: 12pt;\"><b><i><span style=\"font-family: Arial, sans-serif;\">SORULDU: Yusuf BULDU isimli \u015fah\u0131s kimdir ve ne i\u015f yapmaktad\u0131r? Ulusal kanal isimli TV, y\u00f6netici ve \u00e7al\u0131\u015fanlar\u0131 ile ne gibi bir ili\u015fki ve irtibat\u0131n\u0131z vard\u0131r? \u201cK\u0131br\u0131s&#8217;\u0131 satmaya \u00e7al\u0131\u015fanlar, kar\u0131s\u0131n\u0131 satmaya \u00e7al\u0131\u015fanlardan al\u00e7akt\u0131r\u201d s\u00f6z\u00fc kimlere kar\u015f\u0131 ne sebeple s\u00f6ylenmi\u015ftir. Ayr\u0131ca sahip oldu\u011funuzu s\u00f6yledi\u011finiz Necmettin ERBAKAN kaynakl\u0131 Millicilik g\u00f6r\u00fc\u015f\u00fc ile sol fikriyattan beslendi\u011fi bilinen Ayd\u0131nl\u0131k dergisi ve Ulusal kanal\u0131 bir araya getiren ortak ama\u00e7 nedir? Hangi hedeflerinizi elbirli\u011fi ile ba\u015faraca\u011f\u0131n\u0131z\u0131 d\u00fc\u015f\u00fcn\u00fcyorsunuz? Detayl\u0131ca bilgi verin.<\/span><\/i><\/b><\/span>\u00a0<\/p>\n<p style=\"font-size: 12.0120115280151px; margin-bottom: 0.0001pt; text-align: justify; text-indent: 14.2pt; line-height: normal;\"><span style=\"font-size: 12pt;\"><b><span style=\"font-family: Arial, sans-serif;\">CEVABEN:\u00a0<span style=\"font-size: 14pt;\">Yusuf BULDU isimli \u015fahs\u0131 nas\u0131l tan\u0131d\u0131\u011f\u0131m\u0131 daha \u00f6nce size anlatm\u0131\u015ft\u0131m. Hatta burada g\u00f6rd\u00fc\u011f\u00fcmde hat\u0131rlayamad\u0131m. Ulusal kanal\u0131n bir d\u00f6nem baz\u0131 programlar\u0131na davet edilmem, benim de bu davetleri inanc\u0131m ve \u00fclke \u00e7\u0131kar\u0131m ad\u0131na de\u011ferlendirmem d\u0131\u015f\u0131nda hi\u00e7bir ilgim ve irtibat\u0131m yoktur. \u0130\u015f\u00e7i Partisi ile de (Sizin kastetti\u011finiz anlamda) herhangi bir ba\u011flant\u0131m ve ili\u015fkim yoktur. K\u0131br\u0131s ile ilgili s\u00f6z\u00fc kim s\u00f6ylemi\u015fse, niyeti ona sorulmal\u0131d\u0131r. Ancak, belli bir ki\u015fi veya parti hedef al\u0131nmay\u0131p genel bir anlam olarak s\u00f6yl\u00fcyorum:\u00a0<i>\u201cK\u0131br\u0131s\u2019\u0131m\u0131z\u0131n tamam\u0131n\u0131 de\u011fil, bir k\u00fc\u00e7\u00fcc\u00fck k\u00f6y\u00fcn\u00fc bile satmaya kalkanlar\u0131n, bu tan\u0131m\u0131 hak edecekleri fikri\u201d<\/i>\u00a0acaba kimleri rahats\u0131z etmektedir? Satmak isteyen veya buna gerek\u00e7e \u00fcreten kimlerdir ki, bu s\u00f6z onlar\u0131 \u00fcrk\u00fctmektedir? Bizi Ergenekoncularla bir arada ve ayn\u0131 do\u011frultuda g\u00f6stermek kas\u0131tl\u0131 bir \u00e7arp\u0131tma giri\u015fimidir. T\u00fcrkiye\u2019de a\u00e7\u0131k\u00e7a Abdullah \u00d6calan\u2019\u0131 lider kabul edenlere, kongrelerinde ve konferanslar\u0131nda T\u00fcrk bayra\u011f\u0131n\u0131 indirenlere, demokratik nezaket g\u00f6sterenler, (ho\u015f g\u00f6r\u00fcl\u00fcrken); bizim birka\u00e7 sefer, o da halk\u0131m\u0131za y\u00f6nelik, Ermeni soyk\u0131r\u0131m\u0131 gibi milli davalar i\u00e7in, baz\u0131 toplant\u0131larda bulu\u015fmam\u0131z, Milli ve insani sorumluluk gere\u011fidir. Bizim Ergenekoncularla hi\u00e7bir kirli ve gizli niyetimiz ve gayret birlikteli\u011fimiz olamaz. Ama Kurtulu\u015f Sava\u015f\u0131 \u015fartlar\u0131 gibi, \u015fimdi de: ekonomik sosyal ve siyasal bir ku\u015fat\u0131lm\u0131\u015fl\u0131ktan, IMF s\u00f6m\u00fcr\u00fc k\u0131skac\u0131ndan, AB h\u0131yanet tuza\u011f\u0131ndan, Amerika\u2019ya gizli s\u00f6m\u00fcrge olmaktan ve \u0130srail\u2019in vilayeti yap\u0131lmaktan kurtulmak i\u00e7in, tamamen milli olan hedeflerde;\u00a0<i>\u201cben de bu hizmetlere katk\u0131 sa\u011flamak istiyorum\u201d\u00a0<\/i>diyen kendi \u00fclkemizin insanlar\u0131n\u0131 d\u0131\u015flamak ve d\u00fc\u015fman olmak veya ge\u00e7mi\u015fteki baz\u0131 saplant\u0131 ve yanl\u0131\u015fl\u0131klar\u0131 bahane edilerek, ortak bir konsens\u00fcse kar\u015f\u0131 \u00e7\u0131kmak; b\u0131rak\u0131n bir T\u00fcrk vatanda\u015f\u0131 olman\u0131n, acaba insafl\u0131 bir d\u00fc\u015fman\u0131n bile yapabilece\u011fi ve sorgulayabilece\u011fi bir i\u015f midir? BOP \u00e7er\u00e7evesinde emperyalistlerle, \u00e7\u00f6z\u00fcm s\u00fcreci bahanesiyle ter\u00f6ristlerle i\u015fbirli\u011fi yapanlar, bizim kendi insan\u0131m\u0131zla hay\u0131rl\u0131 ve yararl\u0131 hedefler i\u00e7in bir araya gelmemizden niye endi\u015fe etmektedir. Dinleraras\u0131 diyalogcular, kendi halk\u0131m\u0131z\u0131n diyalo\u011fundan niye \u00fcrkmektedir?<\/span><\/span><\/b><\/span>\u00a0<\/p>\n<p style=\"font-size: 12.0120115280151px; margin-bottom: 0.0001pt; text-align: justify; text-indent: 14.2pt; line-height: normal;\"><span style=\"font-size: 12pt; font-family: Arial, sans-serif;\"><b><i>SORULDU: Ulusal Kanal\u2019dan arad\u0131\u011f\u0131 tespit edilen Nuran G\u00d6KDEM\u0130R isimli bayan ile ne gibi irtibat\u0131n\u0131z vard\u0131r? Al\u0131nan mahkeme karar\u0131 ile tamamen yasalara uygun bir \u015fekilde adli i\u015flem yerine getiren g\u00f6revlilere e\u015fk\u0131yal\u0131k yap\u0131yorlar demenizin sebebi nedir? Ulusal Kanal\u2019a yard\u0131m etmeyi ni\u00e7in boynunuzun borcu olarak g\u00f6r\u00fcyorsunuz? Adli bir soru\u015fturmay\u0131 y\u00fcr\u00fcten g\u00f6revlilere ve temsil ettikleri kurumlara y\u00f6nelik kendi sonlar\u0131n\u0131 haz\u0131rl\u0131yorlar demenizin sebebi nedir? Nas\u0131l ve kimler taraf\u0131ndan verilecek bir sondan bahsediyorsunuz? Cami duvar\u0131na i\u015fediler c\u00fcmlesinden kast edilen nedir? Ayr\u0131ca T\u00fcrkiye&#8217;de Amerika ve Avrupa&#8217;ya kar\u015f\u0131 bir m\u00fccadele mi y\u00fcr\u00fct\u00fclmektedir? Ulusal Kanal bu m\u00fccadelenin \u00f6nderlerinden midir? Bahsedilen nas\u0131l bir m\u00fccadeledir? Detayl\u0131 bilgi veriniz.<\/i><\/b><\/span><\/p>\n<p style=\"font-size: 12.0120115280151px; margin-bottom: 0.0001pt; text-align: justify; text-indent: 14.2pt; line-height: normal;\"><span style=\"font-size: 12pt; font-family: Arial, sans-serif;\"><\/span><span style=\"font-size: 12pt;\"><b><span style=\"font-family: Arial, sans-serif;\">CEVABEN: Ben daha \u00f6nce ili\u015fki ve irtibat\u0131m\u0131 anlatm\u0131\u015ft\u0131m. Onun d\u0131\u015f\u0131nda sistemli ve s\u00fcrekli bir m\u00fcnasebetimiz yoktur. \u201cE\u015fk\u0131yal\u0131k\u201d tabiri, bir k\u0131s\u0131m medyan\u0131n yarg\u0131 kararlar\u0131 kesinle\u015fmemi\u015f bir s\u00fcrecin ba\u015f\u0131nda; hem ahlaken hem hukuken masum say\u0131lmas\u0131 gereken ki\u015filere kar\u015f\u0131 bir karalama kampanyas\u0131na i\u015farettir. Ulusal Kanal\u2019a, sadece masonik merkezlerin ve d\u0131\u015f g\u00fc\u00e7lerin \u00fclkemizi y\u0131kma faaliyetlerine kar\u015f\u0131 uyar\u0131lar\u0131 sebebiyle ve bize ters d\u00fc\u015fen bir tak\u0131m g\u00f6r\u00fc\u015f ve d\u00fc\u015f\u00fcncelerini kabul etmemek kayd\u0131yla ve sadece bu tan\u0131\u015f\u0131kl\u0131k m\u00fcnasebetiyle telefon a\u00e7\u0131p c\u00fczi bir yard\u0131m talebine kar\u015f\u0131 bir nezaket ifadesidir ve hepsi bundan ibarettir. Ne adli kurumlar\u0131m\u0131z\u0131 ne de \u015ferefli polis te\u015fkilat\u0131m\u0131z\u0131 b\u00f6ylesine al\u00e7ak\u00e7a bir s\u0131fatlamadan utan\u0131r\u0131m. Benim tepkim kas\u0131tl\u0131 medyan\u0131n tarafl\u0131 ve k\u0131\u015fk\u0131rt\u0131c\u0131 tav\u0131rlar\u0131na y\u00f6neliktir. Hatta bizim tepkimiz ve nefretimiz Avrupa ve Amerika halklar\u0131na kar\u015f\u0131 de\u011fil; Avrupa ve Amerika\u2019da siyasete ve sermayeye h\u00fckmeden bir k\u0131s\u0131m masonik merkezleredir. Bunlar\u0131n sinsi T\u00fcrkiye hesaplar\u0131na, NATO toplant\u0131lar\u0131ndaki haritalarla \u00fclkemizi par\u00e7alama planlar\u0131na ve hain sald\u0131r\u0131lar\u0131na kar\u015f\u0131 olumlu ve onurlu m\u00fccadeleye katk\u0131 sa\u011flayan, sa\u011fdan veya soldan her ki\u015fi ve kuruma; milletim, tarihim ve gelece\u011fim ad\u0131na bir minnet duygusu ta\u015f\u0131mam da normaldir, ama \u00f6l\u00e7\u00fcm ve \u00e7er\u00e7evem bundan ibarettir.<\/span><\/b><\/span>\u00a0<\/p>\n<p style=\"font-size: 12.0120115280151px; margin-bottom: 0.0001pt; text-align: justify; text-indent: 14.2pt; line-height: normal;\"><span style=\"font-size: 12pt;\"><b><i><span style=\"font-family: Arial, sans-serif;\">SORULDU: G\u00f6r\u00fc\u015fmenizde kat\u0131ld\u0131\u011f\u0131n\u0131z\u0131 belirtti\u011finiz \u00f6zel toplant\u0131n\u0131n i\u00e7eri\u011fi ve kat\u0131l\u0131mc\u0131lar hakk\u0131nda detayl\u0131 bilgi verin.<\/span><\/i><\/b><\/span><\/p>\n<p style=\"font-size: 12.0120115280151px; margin-bottom: 0.0001pt; text-align: justify; text-indent: 14.2pt; line-height: normal;\"><span style=\"font-size: 12pt;\"><b><span style=\"font-family: Arial, sans-serif;\">CEVABEN:\u00a0<span style=\"font-size: 14pt;\">Ben \u00f6yle gizli bir toplant\u0131ya falan kat\u0131lmad\u0131m, herkese a\u00e7\u0131k bir programa \u00e7a\u011fr\u0131ld\u0131m. Televizyonlarda g\u00f6sterilen ve ismi ge\u00e7en Kemal ALEMDARO\u011eLU\u2019na y\u00fczlerce kat\u0131l\u0131mc\u0131 i\u00e7inde:\u00a0<i>\u201cBa\u015f\u00f6rt\u00fcs\u00fc bahanesiyle AKP\u2019ye sata\u015fmalar\u0131n\u0131n bir \u00e7ifte standard\u0131 yans\u0131tt\u0131\u011f\u0131n\u0131, hatta bunun toplumun geneline bir sald\u0131r\u0131 say\u0131ld\u0131\u011f\u0131n\u0131, \u00e7\u00fcnk\u00fc kendisinin \u015fimdi ba\u015fkanl\u0131\u011f\u0131n\u0131 yapt\u0131\u011f\u0131 \u0130stanbul Rotary kul\u00fcplerinin, \u00f6nceki ba\u015fkan\u0131n\u0131n da AKP \u0130stanbul kurucu il ba\u015fkan\u0131 ve \u015fimdi AKP\u2019nin \u00f6nemli bir adam\u0131 oldu\u011funu\u201d,<\/i>\u00a0y\u00fczlerine kar\u015f\u0131 s\u00f6ylemi\u015f bir insan\u0131m. Benim bunlarla gizli ve kirli ili\u015fkilerim olmad\u0131\u011f\u0131n\u0131 ve \u015fimdi s\u0131\u011f\u0131nd\u0131klar\u0131 Kemalizm noktas\u0131nda da samimiyet noksanl\u0131klar\u0131n\u0131;\u00a0<i>\u201cAtat\u00fcrk\u2019\u00fcn kapatt\u0131\u011f\u0131 mason localar\u0131na niye kar\u015f\u0131 olmad\u0131klar\u0131n\u0131?\u201d<\/i>\u00a0sormakla kan\u0131tlam\u0131\u015f\u0131m. (Kat\u0131ld\u0131\u011f\u0131m bu konferans\u0131n b\u00fct\u00fcn kay\u0131tlar\u0131 elinizde bulunmas\u0131na ra\u011fmen, hala niye kat\u0131ld\u0131\u011f\u0131m\u0131 sorgulay\u0131p, ama neler konu\u015ftuklar\u0131m\u0131 atlaman\u0131z, nas\u0131l bir komplo ve karalama ile kar\u015f\u0131 kar\u015f\u0131ya oldu\u011fumun g\u00f6stergesidir. Kald\u0131 ki bu toplant\u0131n\u0131n video kayd\u0131n\u0131 ve orada benim neler konu\u015ftuklar\u0131m\u0131 izleyen savc\u0131, hakl\u0131 olarak bizi serbest b\u0131rakma karar\u0131 vermi\u015ftir.)<\/span><\/span><\/b><\/span><\/p>\n<p style=\"font-size: 12.0120115280151px; margin-bottom: 0.0001pt; text-align: justify; text-indent: 14.2pt; line-height: normal;\"><span style=\"font-size: 12pt;\"><b><i><span style=\"font-family: Arial, sans-serif;\">SORULDU: \u0130stanbul ilinde Talat Pa\u015fa Komitesinin d\u00fczenledi\u011fi ve Ergenekon soru\u015fturmas\u0131 kapsam\u0131nda yakalanan ve tutuklanan \u015fah\u0131slar\u0131n da kat\u0131ld\u0131\u011f\u0131 toplant\u0131ya Milli \u00c7\u00f6z\u00fcm Dergisi olarak kat\u0131lma sebeplerinizi a\u00e7\u0131klay\u0131n\u0131z?<\/span><\/i><\/b><\/span>\u00a0<\/p>\n<p style=\"font-size: 12.0120115280151px; margin-bottom: 0.0001pt; text-align: justify; text-indent: 14.2pt; line-height: normal;\"><span style=\"font-size: 12pt;\"><b><span style=\"font-family: Arial, sans-serif;\">CEVABEN:\u00a0<span style=\"font-size: 14pt;\">Amac\u0131m\u0131z, \u00fclkemiz ad\u0131na hay\u0131rl\u0131 bildi\u011fimiz do\u011frular\u0131 s\u00f6yleyip uyarmak, zararl\u0131 g\u00f6rd\u00fc\u011f\u00fcm\u00fcz yanl\u0131\u015flar\u0131 hat\u0131rlatmakt\u0131r. Bu nas\u0131l bir soru \u015feklidir ki, o toplant\u0131da yapt\u0131\u011f\u0131m konu\u015fma bana bu soruyu y\u00f6neltenleri mahcup edecek, milli ve haysiyetli bir i\u00e7eri\u011fe sahip oldu\u011fu i\u00e7in hi\u00e7 de\u011finilmemi\u015ftir. Oraya ni\u00e7in kat\u0131ld\u0131\u011f\u0131m\u0131n cevab\u0131, zaten yapt\u0131\u011f\u0131m konu\u015fman\u0131n i\u00e7eri\u011findedir.<\/span><\/span><\/b><\/span><\/p>\n<p style=\"font-size: 12.0120115280151px; margin-bottom: 0.0001pt; text-align: justify; text-indent: 14.2pt; line-height: normal;\"><span style=\"font-size: 12pt;\"><b><i><span style=\"font-family: Arial, sans-serif;\">SORULDU:\u00a0<span style=\"font-size: 14pt;\">G\u00f6r\u00fc\u015fmede ismi ge\u00e7en Hasan \u00dcNAL kimdir? G\u00f6r\u00fc\u015fmenin i\u00e7eri\u011fi hakk\u0131nda bilgi verin.<\/span><\/span><\/i><\/b><\/span>\u00a0<\/p>\n<p style=\"font-size: 12.0120115280151px; margin-bottom: 0.0001pt; text-align: justify; text-indent: 14.2pt; line-height: normal;\"><span style=\"font-size: 12pt;\"><b><span style=\"font-family: Arial, sans-serif;\">CEVABEN:\u00a0<span style=\"font-size: 14pt;\">Hasan \u00dcNAL Gazi \u00dcniversitesinde Uluslararas\u0131 ili\u015fkiler konusunda uzman, g\u00f6r\u00fc\u015flerine d\u00fcnya \u00e7ap\u0131nda de\u011fer verilen \u015fahsiyetli bir ayd\u0131n\u0131m\u0131zd\u0131r. T\u00fcrkiye&#8217;de \u00e7ok farkl\u0131 kurum ve kurulu\u015flar\u0131n onun bilgisine ve g\u00f6r\u00fc\u015flerine ba\u015fvurdu\u011fu bilinen bir bilim adam\u0131m\u0131zd\u0131r.<\/span><\/span><\/b><\/span>\u00a0<\/p>\n<p style=\"font-size: 12.0120115280151px; margin-bottom: 0.0001pt; text-align: justify; text-indent: 14.2pt; line-height: normal;\"><span style=\"font-size: 12pt;\"><b><i><span style=\"font-family: Arial, sans-serif;\">SORULDU: Konya ilinde d\u00fczenlenen ve sizin organize etti\u011finiz anla\u015f\u0131lan konferans\u0131n organizasyonu i\u00e7in ne kadar harcama yap\u0131lm\u0131\u015ft\u0131r. Konferans\u0131n yap\u0131ld\u0131\u011f\u0131 yer ile ilgili \u00f6deme kimin ad\u0131na fatura edilmi\u015ftir. Bu harcamalar kim ya da kimler taraf\u0131ndan finanse edilmi\u015ftir. Detayl\u0131ca bilgi veriniz?<\/span><\/i><\/b><\/span>\u00a0<\/p>\n<p style=\"font-size: 12.0120115280151px; margin-bottom: 0.0001pt; text-align: justify; text-indent: 14.2pt; line-height: normal;\"><span style=\"font-size: 12pt;\"><b><span style=\"font-family: Arial, sans-serif;\">CEVABEN: Herhangi bir konu\u015fmac\u0131n\u0131n davet edildi\u011fi ildeki haz\u0131rl\u0131klar\u0131 ve onu a\u011f\u0131rlama masraflar\u0131n\u0131, kimin yapt\u0131\u011f\u0131n\u0131 sormas\u0131 ve bilmesi, soruldu\u011fu zaman bunlara cevap vermesi, hangi kanuni ve ahlaki kanunun gere\u011fidir? Bu soru Ahmet AKG\u00dcL&#8217;den ba\u015fka kimlere y\u00f6neltilmi\u015ftir? Bunlarla ilgili her \u015fey ilgim ve bilgim haricindedir.<\/span><\/b><\/span>\u00a0<\/p>\n<p style=\"font-size: 12.0120115280151px; margin-bottom: 0.0001pt; text-align: justify; text-indent: 14.2pt; line-height: normal;\"><span style=\"font-size: 12pt;\"><b><i><span style=\"font-family: Arial, sans-serif;\">SORULDU: \u0130smet SEZG\u0130N&#8217;in Nevzat G\u00dcND\u00dcZ arac\u0131l\u0131\u011f\u0131 ile size g\u00f6nderdi\u011fi paran\u0131n kar\u015f\u0131l\u0131\u011f\u0131nda herhangi bir al\u0131\u015fveri\u015finiz oldu mu? Paran\u0131n size g\u00f6nderilme sebebi nedir? A\u00e7\u0131klay\u0131n\u0131z.<\/span><\/i><\/b><\/span>\u00a0<\/p>\n<p style=\"font-size: 12.0120115280151px; margin-bottom: 0.0001pt; text-align: justify; text-indent: 14.2pt; line-height: normal;\"><span style=\"font-size: 12pt;\"><b><span style=\"font-family: Arial, sans-serif;\">CEVABEN: Bir soruyu ayn\u0131 soru\u015fturma kapsam\u0131nda defalarca sormak, e\u011fer bir kavray\u0131\u015f kusuru de\u011filse; kas\u0131tl\u0131 bir y\u00f6nlendirme ve isnatlar\u0131 mecburen kabul ettirme y\u00f6ntemidir. Ben Elaz\u0131\u011f&#8217;da oturan bir insan\u0131m. Milli \u00c7\u00f6z\u00fcm yaz\u0131lar\u0131n\u0131 kontrol eden, defalarca d\u00fczeltip de\u011fi\u015ftiren ve yaz\u0131lar\u0131n bir k\u0131sm\u0131n\u0131 mecburen para kar\u015f\u0131l\u0131\u011f\u0131 bu i\u015fi bilenlere yapt\u0131ran, her hafta onlarca dergi ve yeni kitap okumak, olaylar\u0131 yakinen takip etmek mecburiyetinde olan bir insan\u0131m. B\u00fct\u00fcn bunlar muhakkak \u00f6nemli bir k\u00fclfet getiren \u00e7al\u0131\u015fmalard\u0131r. Benim emekli maa\u015f\u0131mla, kendi idarem yan\u0131nda, b\u00fct\u00fcn bunlar\u0131 kar\u015f\u0131lama imk\u00e2n\u0131m olmad\u0131\u011f\u0131ndan, \u00f6yle s\u00fcrekli ve sistemli de\u011fil, arkada\u015flar\u0131m\u0131n da zaten bildi\u011fi baz\u0131 durumlarda, ekip dayan\u0131\u015fmas\u0131 ruhu ile baz\u0131 karde\u015flerimizin bu masraflar\u0131 kar\u015f\u0131lama gayretidir. Zaten \u00f6zge\u00e7mi\u015fimde de yanl\u0131\u015f hat\u0131rlam\u0131yorsam 6.000 YTL civar\u0131nda bankada param oldu\u011funu, onunda bir ev de\u011fi\u015fiminden arta kald\u0131\u011f\u0131n\u0131, asl\u0131nda gayet m\u00fctevaz\u0131 bir hayat ya\u015fad\u0131\u011f\u0131m\u0131, bunun d\u0131\u015f\u0131nda ne benim \u00fczerime, ne de e\u015fimin \u00fczerine hi\u00e7bir mal varl\u0131\u011f\u0131m\u0131n olmad\u0131\u011f\u0131n\u0131 s\u00f6ylemi\u015ftim. Ben b\u00f6yle kirli menfaat ili\u015fkileri i\u00e7erisinde bulunmad\u0131\u011f\u0131m\u0131 s\u00f6yl\u00fcyorum.<\/span><\/b><\/span>\u00a0<\/p>\n<p style=\"font-size: 12.0120115280151px; margin-bottom: 0.0001pt; text-align: justify; text-indent: 14.2pt; line-height: normal;\"><span style=\"font-size: 12pt;\"><b><i><span style=\"font-family: Arial, sans-serif;\">SORULDU:\u00a0<span style=\"font-size: 14pt;\">G\u00f6r\u00fc\u015fme yapt\u0131\u011f\u0131n\u0131z Ali \u00c7A\u011eIL isimli \u015fah\u0131s kimdir, ili\u015fki ve irtibat\u0131n\u0131z\u0131 anlat\u0131n\u0131z. Ayr\u0131ca AKP\u2019ye kar\u015f\u0131 a\u00e7\u0131lm\u0131\u015f olan kapatma davas\u0131n\u0131 ele\u015ftirdi\u011fi s\u00f6ylenen \u015eevket KAZAN isimli siyaset\u00e7iye ni\u00e7in \u00f6fkelenip hakaret i\u00e7eren s\u00f6zler sarf ediyorsunuz?<\/span>\u00a0Sizce kapatma davas\u0131n\u0131n ele\u015ftirilmesi al\u00e7akl\u0131k ve Yahudilik midir? Detayl\u0131 bilgi verin.<\/span><\/i><\/b><\/span>\u00a0<\/p>\n<p style=\"font-size: 12.0120115280151px; margin-bottom: 0.0001pt; text-align: justify; text-indent: 14.2pt; line-height: normal;\"><span style=\"font-size: 12pt;\"><b><span style=\"font-family: Arial, sans-serif;\">CEVABEN: \u015eevket Kazan denen ki\u015fi daha \u00f6nce Tayip Erdo\u011fan\u2019\u0131 ve Say\u0131n Cumhurba\u015fkan\u0131 Abdullah G\u00dcL ve adamlar\u0131n\u0131 Milli G\u00f6r\u00fc\u015f davas\u0131na sokan ve yine Milli G\u00f6r\u00fc\u015f\u2019le hi\u00e7bir alakas\u0131 olmayan Abdullatif \u015eENER\u2019i Sivas\u2019tan milletvekili ve bakan yapan, bunlar\u0131 partide en yetkili konumlara ta\u015f\u0131yan, ancak yine bu davaya zarar vermek i\u00e7in bu ki\u015fileri d\u0131\u015flay\u0131p, k\u0131\u015fk\u0131rt\u0131p partiden ayr\u0131lmalar\u0131na bahaneler a\u00e7an ki\u015fi olmas\u0131na ra\u011fmen; \u015fimdi tekrar demokratik bir gayret g\u00f6r\u00fcnt\u00fcs\u00fc ile, AKP&#8217;nin kapat\u0131lma davas\u0131na kar\u015f\u0131 \u00e7\u0131karak, bu \u00e7ok endi\u015fe verici \u00e7ifte standartlar\u0131n\u0131 i\u00e7ime sindiremedi\u011fimden ve asl\u0131nda AKP\u2019nin da\u011f\u0131t\u0131l\u0131p kapatma s\u00fcrecinin yakla\u015ft\u0131\u011f\u0131n\u0131 te\u015fkilatlarda s\u00f6yleyip, AKP\u2019den arta kalanlar ile yeniden parti kuraca\u011f\u0131ndan iddia etmesi y\u00fcz\u00fcnden, b\u00f6yle \u015fah\u0131slar\u0131 sevmemekteyim. Daha \u00f6nce de hi\u00e7 ilgim ve bilgim bulunmayan, ayn\u0131 d\u00fc\u015f\u00fcnceye mensup gen\u00e7lerin birbirine k\u0131\u015fk\u0131rt\u0131l\u0131p kavgaya tutu\u015fturulmas\u0131 ve ard\u0131ndan da bir organize su\u00e7 \u00e7etesi gibi bunun sorumlulu\u011funun bana y\u00fcklenilmeye \u00e7al\u0131\u015f\u0131lmas\u0131, ancak savc\u0131 ve yarg\u0131\u00e7lar\u0131m\u0131z\u0131n s\u0131r\u0131tan bir sahtek\u00e2rl\u0131\u011f\u0131 fark edip b\u00f6yle bir iddiaya ra\u011fmen benim ifademe bile ba\u015fvurmay\u0131 gereksiz saymas\u0131, (bunlar\u0131n kar\u0131\u015f\u0131k ve m\u00fcnaf\u0131k ki\u015filikleri) konusundaki kanaatlerimi de g\u00fc\u00e7lendirmektedir.<\/span><\/b><\/span>\u00a0<\/p>\n<p style=\"font-size: 12.0120115280151px; margin-bottom: 0.0001pt; text-align: justify; text-indent: 14.2pt; line-height: normal;\"><span style=\"font-size: 12pt;\"><b><i><span style=\"font-family: Arial, sans-serif;\">SORULDU: Yine bahsetti\u011finiz Milli Derin devletin T\u00fcrkiye&#8217;deki alt yap\u0131s\u0131 ile d\u00fcnya \u00e7ap\u0131ndaki ba\u011flant\u0131lar\u0131 hakk\u0131nda ve d\u0131\u015f g\u00fc\u00e7lerin hileleri ile i\u015fbirlik\u00e7ilerin h\u0131yanetlerini dizginleyip \u00fclke lehine kullanmak i\u00e7in yapt\u0131\u011f\u0131 faaliyetler hakk\u0131nda detayl\u0131 bilgi verin.<\/span><\/i><\/b><\/span>\u00a0<\/p>\n<p style=\"font-size: 12.0120115280151px; margin-bottom: 0.0001pt; text-align: justify; text-indent: 14.2pt; line-height: normal;\"><span style=\"font-size: 12pt;\"><b><span style=\"font-family: Arial, sans-serif;\">CEVABEN: Bizim kanaatlerimiz devletimize ve milletimizin asaletine g\u00fcvenmenin bir neticesidir. Yery\u00fcz\u00fcndeki hi\u00e7 de arzu etmedi\u011fimiz bir k\u0131s\u0131m s\u0131k\u0131nt\u0131 ve sald\u0131r\u0131lar\u0131n pen\u00e7esinden b\u00f6lge halk\u0131n\u0131n ve insanl\u0131\u011f\u0131n yeniden milletimizin himayesiyle kurtulabilece\u011fi sevinci ve beklentisidir.<\/span><\/b><\/span>\u00a0<\/p>\n<p style=\"font-size: 12.0120115280151px; margin-bottom: 0.0001pt; text-align: justify; text-indent: 14.2pt; line-height: normal;\"><span style=\"font-size: 12pt;\"><b><span style=\"font-family: Arial, sans-serif;\">SORULDU:\u00a0<i>Yukar\u0131daki yaz\u0131n\u0131zda; Milli Derin Devletin nas\u0131l organize edildi\u011fi ve bu yap\u0131n\u0131n devlet-millet yak\u0131nla\u015fmas\u0131n\u0131 nas\u0131l sa\u011flad\u0131\u011f\u0131, sabataist kadrolar\u0131n etkinli\u011fini ve direncini nas\u0131l k\u0131rd\u0131\u011f\u0131n\u0131 detayl\u0131ca anlat\u0131n\u0131z. Ayr\u0131ca Sabataist kadrolar olarak kastetti\u011finiz ki\u015filerin kim olduklar\u0131 hakk\u0131nda detayl\u0131 bilgi verin.<\/i><\/span><\/b><\/span>\u00a0<\/p>\n<p style=\"font-size: 12.0120115280151px; margin-bottom: 0.0001pt; text-align: justify; text-indent: 14.2pt; line-height: normal;\"><span style=\"font-size: 12pt;\"><b><span style=\"font-family: Arial, sans-serif;\">CEVABEN: \u0130\u015fte o milli dirili\u015f ve hizmetlerin canl\u0131 bir \u00f6rne\u011fi 54. Refah-Yol h\u00fck\u00fcmetinin, b\u00fct\u00fcn zalim g\u00fc\u00e7leri ve i\u015fbirlik\u00e7ileri tela\u015fa d\u00fc\u015f\u00fcren hizmet ve gayretleridir. Ben gizli bir dernek ve olu\u015fumdan de\u011fil, demokratik usul ve yollardan gelmi\u015f milli h\u00fck\u00fcmetten ve onu devre d\u0131\u015f\u0131 b\u0131rakan kirli g\u00fc\u00e7lerden bahsediyorum. Kavramlar\u0131n daha iyi anla\u015f\u0131lmas\u0131na g\u00fczel bir \u00f6rnektir.<\/span><\/b><\/span>\u00a0<\/p>\n<p style=\"font-size: 12.0120115280151px; margin-bottom: 0.0001pt; text-align: justify; text-indent: 14.2pt; line-height: normal;\"><span style=\"font-size: 12pt;\"><b><span style=\"font-family: Arial, sans-serif;\">SORULDU:\u00a0<i>Milli \u00c7\u00f6z\u00fcm Dergisinin 2005 y\u0131l\u0131 Nisan say\u0131s\u0131nda yazd\u0131\u011f\u0131n\u0131z Barbar ABD bat\u0131yor ba\u015fl\u0131kl\u0131 yaz\u0131n\u0131zda;<\/i><\/span><\/b><\/span>\u00a0<\/p>\n<ul style=\"font-size: 12.0120115280151px; line-height: 15.8080005645752px;\">\n<li><span style=\"font-size: 12pt;\"><b><i><span style=\"font-family: Arial, sans-serif;\">Hala, bu Amerika&#8217;ya ve arkas\u0131ndaki Siyonist odaklara g\u00fcvenen;<\/span><\/i><\/b><\/span><\/li>\n<li><span style=\"font-size: 12pt;\"><b><i><span style=\"font-family: Arial, sans-serif;\">Ayd\u0131n ve g\u00f6z\u00fc a\u00e7\u0131k ge\u00e7inen kalpleri k\u00f6r, kafas\u0131 kiral\u0131klar\u0131n,<\/span><\/i><\/b><\/span><\/li>\n<li><span style=\"font-size: 12pt;\"><b><i><span style=\"font-family: Arial, sans-serif;\">AKP gibi izans\u0131z ve insafs\u0131z iktidarlar\u0131n,\u00a0\u00a0\u00a0\u00a0\u00a0\u00a0<\/span><\/i><\/b><\/span><\/li>\n<li><span style=\"font-size: 12pt;\"><b><i><span style=\"font-family: Arial, sans-serif;\">Yahudi Lobilerinden beslenen ve Amerikan kar\u015f\u0131t\u0131 rol \u00fcstlenen, radikal \u0130slamc\u0131 m\u00fcnaf\u0131klar\u0131n,<\/span><\/i><\/b><\/span><\/li>\n<li><span style=\"font-size: 12pt;\"><b><i><span style=\"font-family: Arial, sans-serif;\">&#8220;Amerika&#8217;n\u0131n ve u\u015faklar\u0131n\u0131n Irak&#8217;taki i\u015fgalini ve vah\u015fetini k\u0131n\u0131yorum.&#8221;<\/span><\/i><\/b><\/span><\/li>\n<li><span style=\"font-size: 12pt;\"><b><i><span style=\"font-family: Arial, sans-serif;\">&#8220;\u0130srail&#8217;in, masum ve savunmas\u0131z Filistin halk\u0131na y\u00f6nelik haks\u0131z ve ahlaks\u0131z, sald\u0131r\u0131 ve soyk\u0131r\u0131m\u0131 kabul etmiyorum.&#8221;<\/span><\/i><\/b><\/span><\/li>\n<\/ul>\n<p style=\"font-size: 12.0120115280151px; margin-bottom: 0.0001pt; text-align: justify; text-indent: 14.2pt; line-height: normal;\"><span style=\"font-size: 12pt;\"><b><i><span style=\"font-family: Arial, sans-serif;\">Gibi, de\u011fil \u015fuurlu ve sorumlu bir M\u00fcsl\u00fcman\u0131n, hatta her onurlu insan\u0131n bile hayk\u0131rmas\u0131 gereken bir a\u00e7\u0131klamay\u0131 dahi yapamayan, Ho\u015fg\u00f6r\u00fc Hocalar\u0131n\u0131n ve Dinleraras\u0131 Diyalog davulcular\u0131n\u0131n, tarihi bir darbe ile derbeder olmalar\u0131 da yak\u0131nd\u0131r.<\/span><\/i><\/b><\/span><\/p>\n<p style=\"font-size: 12.0120115280151px; margin-bottom: 0.0001pt; text-align: justify; text-indent: 14.2pt; line-height: normal;\"><span style=\"font-size: 12pt;\"><b><i><span style=\"font-family: Arial, sans-serif;\">Kimlik Bunal\u0131m\u0131 ba\u015fl\u0131kl\u0131 b\u00f6l\u00fcm\u00fcnde;<\/span><\/i><\/b><\/span><\/p>\n<p style=\"font-size: 12.0120115280151px; margin-bottom: 0.0001pt; text-align: justify; text-indent: 14.2pt; line-height: normal;\"><span style=\"font-size: 12pt;\"><b><i><span style=\"font-family: Arial, sans-serif;\">Atat\u00fcrk&#8217;ten sonra ray\u0131ndan \u00e7\u0131kar\u0131lan ve sadece bat\u0131l\u0131 efendilerine hizmete amade seri robotlar \u00fcretmeyi ama\u00e7layan bu sistem; Ya yeni bir Kuvay\u0131 Milliye devrimiyle ortadan kald\u0131r\u0131lacak&#8230; Veya bu gidi\u015fat bizi tarihin mezarl\u0131\u011f\u0131na ta\u015f\u0131yacakt\u0131r!&#8230; dedi\u011finiz tespit edilmi\u015ftir.<\/span><\/i><\/b><\/span><\/p>\n<p style=\"font-size: 12.0120115280151px; margin-bottom: 0.0001pt; text-align: justify; text-indent: 14.2pt; line-height: normal;\"><span style=\"font-size: 12pt;\"><b><i><span style=\"font-family: Arial, sans-serif;\">\u015eimdi: Yukar\u0131daki yaz\u0131n\u0131zda; yak\u0131n oldu\u011funu belirtti\u011finiz tarihi darbe ile Kuvay\u0131 Milliye devrimi hakk\u0131nda detayl\u0131 bilgi verin.<\/span><\/i><\/b><\/span><\/p>\n<p style=\"font-size: 12.0120115280151px; margin-bottom: 0.0001pt; text-align: justify; text-indent: 14.2pt; line-height: normal;\"><span style=\"font-size: 12pt;\"><b><span style=\"font-family: Arial, sans-serif;\">CEVABEN: Ben bunun yan\u0131t\u0131n\u0131 ABD ve AB yetkililerine hayk\u0131rmak \u00fczere veriyorum! Tarihin en karanl\u0131k d\u00f6nemlerinde bile yeniden dirilmeyi ve insanl\u0131\u011fa y\u00f6n vermeyi ba\u015farma \u015ferefini ta\u015f\u0131yan bu milletin ve devletimin, daha mutlu ve daha umutlu yar\u0131nlara imza ataca\u011f\u0131n\u0131, bu s\u00f6zlerimle m\u00fcjdeliyorum. Bunun i\u00e7eri\u011fini ve inceliklerini ise i\u015fbirli\u011fi yapt\u0131\u011f\u0131n\u0131z CIA ve MOSSAD\u2019dan sorup \u00f6\u011frenebilirsiniz.<\/span><\/b><\/span><\/p>\n<p style=\"font-size: 12.0120115280151px; margin-bottom: 0.0001pt; text-align: justify; text-indent: 14.2pt; line-height: normal;\"><span style=\"font-size: 12pt;\"><b><span style=\"font-family: Arial, sans-serif;\">SORULDU:\u00a0<i>Milli \u00c7\u00f6z\u00fcm Dergisinde 2006 y\u0131l\u0131 Ocak say\u0131s\u0131nda yazd\u0131\u011f\u0131n\u0131z Darbeler mi Tehlikeli, Demokrasi Derebeyleri mi? ba\u015fl\u0131kl\u0131 yaz\u0131n\u0131zda; Darbeleri geride b\u0131rakm\u0131\u015f T\u00fcrkiye&#8217;nin bug\u00fcn\u00fcne bak\u0131ld\u0131\u011f\u0131nda ise darbeyi \u00f6zleyenden \u00e7ok &#8220;\u00f6zleten&#8221; bir siyasi kadronun i\u015f ba\u015f\u0131nda oldu\u011fu g\u00f6r\u00fclecektir. Yani AKP icraatlar\u0131yla bir darbeyi adeta davet etmektedir.<\/i><\/span><\/b><\/span><\/p>\n<ul style=\"font-size: 12.0120115280151px; line-height: 15.8080005645752px;\">\n<li><span style=\"font-size: 12pt;\"><b><i><span style=\"font-family: Arial, sans-serif;\">AB merkezli bir g\u00f6r\u00fcnt\u00fc \u00e7izilip &#8220;AB&#8217;ye Uyum S\u00fcreci&#8221; i\u00e7inde toplanan parsan\u0131n &#8220;k\u00fcresel g\u00fc\u00e7 odaklar\u0131&#8221;na ak\u0131t\u0131ld\u0131\u011f\u0131 bir d\u0131\u015f politika \u00e7izgisi,<\/span><\/i><\/b><\/span><\/li>\n<li><span style=\"font-size: 12pt;\"><b><i><span style=\"font-family: Arial, sans-serif;\">Bir k\u00fcresel tefeci olan IMF ve dava arkada\u015flar\u0131na ciro edilmi\u015f bir iflas ekonomisi&#8230;<\/span><\/i><\/b><\/span><\/li>\n<li><span style=\"font-size: 12pt;\"><b><i><span style=\"font-family: Arial, sans-serif;\">DP \u0130ktidar\u0131&#8217;n\u0131n ithalat \u00e7\u0131lg\u0131nl\u0131\u011f\u0131na bir de \u00f6zelle\u015ftirme \u00e7\u0131lg\u0131nl\u0131\u011f\u0131n\u0131 ekleyerek &#8220;ya\u011fma&#8221; mant\u0131\u011f\u0131n\u0131 me\u015frula\u015ft\u0131rmaya \u00e7al\u0131\u015fan bir milli servet tasfiyesi&#8230;<\/span><\/i><\/b><\/span><\/li>\n<li><span style=\"font-size: 12pt;\"><b><i><span style=\"font-family: Arial, sans-serif;\">Etnik kartlar\u0131 so\u011futarak oyun d\u0131\u015f\u0131 b\u0131rakaca\u011f\u0131na s\u00fcrekli \u0131s\u0131tarak sabotaj malzemesi haline getiren ahmak\u00e7a bir par\u00e7alama stratejisi,<\/span><\/i><\/b><\/span><\/li>\n<li><span style=\"font-size: 12pt;\"><b><i><span style=\"font-family: Arial, sans-serif;\">AB&#8217;ye Uyum tezg\u00e2h\u0131 \u00fczerinden ba\u015fta &#8220;ter\u00f6r&#8221; olmak \u00fczere bir\u00e7ok stratejik noktada pasifize edilen Anayasal D\u00fczlem&#8217;i k\u00f6kl\u00fc bir de\u011fi\u015fime u\u011fratabilmek ad\u0131na var g\u00fcc\u00fcyle \u00e7al\u0131\u015fan k\u00f6stebeklerden olu\u015fan bir siyasi h\u0131yanet felsefesi,<\/span><\/i><\/b><\/span><\/li>\n<li><span style=\"font-size: 12pt;\"><b><i><span style=\"font-family: Arial, sans-serif;\">MGK&#8217;n\u0131n siville\u015ftirmesi gibi ba\u015flang\u0131\u00e7 hamlelerinin akabinde YA\u015e Kararlar\u0131&#8217;n\u0131n yarg\u0131ya a\u00e7\u0131lmas\u0131 gibi T\u00fcrk Silahl\u0131 Kuvvetleri&#8217;ni tamamen saf d\u0131\u015f\u0131 b\u0131rakacak talimatlar\u0131 AB Masal\u0131 \u00fczerinden uygulamaya koyan bir ruh sefaleti,<\/span><\/i><\/b><\/span><\/li>\n<li><span style=\"font-size: 12pt;\"><b><i><span style=\"font-family: Arial, sans-serif;\">Ve tamamen duygusal etkili bonuslar vas\u0131tas\u0131yla ehlile\u015ftirilen medya \u00fczerinde y\u00fcr\u00fct\u00fclen \u00e7\u00fcr\u00fctme operasyonunu Y\u00d6K ve RT\u00dcK gibi \u00f6nemli kurumlar ile s\u00fcrd\u00fcrerek kendilerine ba\u011f\u0131\u015flanan koltu\u011fun hakk\u0131n\u0131 vermeye \u00e7al\u0131\u015fan bir s\u00f6zde &#8220;ba\u015f&#8221;bakan&#8230; resmi. Dolay\u0131s\u0131yla bu noktada &#8220;Acaba darbeyi \u00f6zleyen mi \u00e7ok, yoksa zorla \u00f6zleten ve davet eden mi?&#8221; diye sormak fazla yad\u0131rganmamal\u0131d\u0131r.<\/span><\/i><\/b><\/span><\/li>\n<\/ul>\n<p style=\"font-size: 12.0120115280151px; margin-bottom: 0.0001pt; text-align: justify; text-indent: 14.2pt; line-height: normal;\"><span style=\"font-size: 14pt;\"><b><i><span style=\"font-family: Arial, sans-serif;\">\u015eimdi: Yay\u0131nlad\u0131\u011f\u0131n\u0131z Milli \u00c7\u00f6z\u00fcm Dergisi arac\u0131l\u0131\u011f\u0131 ile derginizi takip eden kitleyi \u00fclkemizde bir darbenin gerekli oldu\u011funa inand\u0131rmak istemenizin sebebi nedir? Yap\u0131lacak olan bir darbeden sizin ne gibi bir beklentileriniz vard\u0131r? Detayl\u0131 bilgi verin.<\/span><\/i><\/b><\/span>\u00a0<\/p>\n<p style=\"font-size: 12.0120115280151px; margin-bottom: 0.0001pt; text-align: justify; text-indent: 14.2pt; line-height: normal;\"><span style=\"font-size: 12pt;\"><b><span style=\"font-family: Arial, sans-serif;\">CEVABEN:\u00a0<span style=\"font-size: 14pt;\">Bu soruyla asl\u0131nda, Milli \u00c7\u00f6z\u00fcm Dergisinin ger\u00e7ek su\u00e7unun: AB ve ABD h\u0131yanetlerine kar\u015f\u0131 T\u00fcrkiye Cumhuriyeti devletinin birli\u011fini ve bekas\u0131n\u0131 savunma gayretimiz oldu\u011fu kesinlik kazanm\u0131\u015ft\u0131r. \u00dcstelik kas\u0131tl\u0131 bir \u00e7arp\u0131tma de\u011fil ise, bir beyin fukaral\u0131\u011f\u0131 s\u0131r\u0131tmaktad\u0131r. \u00c7\u00fcnk\u00fc o yaz\u0131da a\u00e7\u0131k\u00e7a \u201c<i>darbelerin \u00fclkemize verdi\u011fi zarar kadar, darbeleri me\u015frula\u015ft\u0131ran ve bir nevi mecbur hale sokan iktidarlar\u0131n da su\u00e7lu oldu\u011funu\u201d<\/i>\u00a0hat\u0131rlat\u0131p darbe heveslilerine f\u0131rsat ve ruhsat vermememiz gerekti\u011fini savunuyor ve sahip \u00e7\u0131k\u0131yorum.<\/span><\/span><\/b><\/span>\u00a0<\/p>\n<p style=\"font-size: 12.0120115280151px; margin-bottom: 0.0001pt; text-align: justify; text-indent: 14.2pt; line-height: normal;\"><span style=\"font-size: 12pt;\"><b><i><span style=\"font-family: Arial, sans-serif;\">SORULDU: Milli \u00c7\u00f6z\u00fcm dergisi b\u00fcnyesinde yay\u0131nlanan bu t\u00fcr yaz\u0131lar ile yasal zeminler i\u00e7erisinde varl\u0131\u011f\u0131 kabul edilemeyecek olan derin devlet olgusunun s\u00fcrekli olarak i\u015flenme amac\u0131 nedir? Ni\u00e7in \u00fclkemizdeki \u00e7e\u015fitli g\u00f6rev ve sorumluluklar\u0131 olan resmi ve t\u00fczel ki\u015fi ve kurulu\u015flar b\u00f6yle bir olgu ile kampla\u015ft\u0131r\u0131lmaya \u00e7al\u0131\u015f\u0131lmaktad\u0131r? Derginizde s\u0131k\u00e7a i\u015flenen derin devlet olu\u015fumdan ne t\u00fcr bir beklenti i\u00e7erisine girilmektedir ve bu olu\u015fumun nas\u0131l bir g\u00f6rev \u00fcstlenmesi arzulanmaktad\u0131r? Sizler de Kuvay\u0131 Milliyeci olarak Milli Derin Devlet i\u00e7erisinde mi yer almaktas\u0131n\u0131z? Yukar\u0131da tespiti yap\u0131lan konu hakk\u0131nda detayl\u0131 bilgi veriniz.<\/span><\/i><\/b><\/span>\u00a0<\/p>\n<p style=\"font-size: 12.0120115280151px; margin-bottom: 0.0001pt; text-align: justify; text-indent: 14.2pt; line-height: normal;\"><span style=\"font-size: 12pt;\"><b><span style=\"font-family: Arial, sans-serif;\">CEVABEN: \u00d6yle kastedilen \u015fekilde bir derin devlet veya gizli organize istemekten uzak ve \u00f6te, T\u00fcrkiye Cumhuriyeti devletimizin bekas\u0131n\u0131 ve ba\u011f\u0131ms\u0131zl\u0131\u011f\u0131n\u0131 devam ettirme sorumlulu\u011funday\u0131z. Kurtulu\u015f sava\u015f\u0131m\u0131zdaki Kuvay\u0131 Milliye dirili\u015f ve direni\u015fine kar\u015f\u0131 \u00e7\u0131k\u0131p \u0130ngilizlerle, Yunanl\u0131larla, Frans\u0131zlarla veya Ruslarla i\u015f birli\u011fi yapan soysuzlar ve f\u0131rsat bulduk\u00e7a bizi ba\u011fr\u0131m\u0131zdan b\u0131\u00e7aklayan baz\u0131 az\u0131nl\u0131klar ne kadar hainse, bu g\u00fcn de AB\u2019ye eyalet, \u0130srail\u2019e vilayet yap\u0131lmam\u0131z i\u00e7in BOP projesine ta\u015feronluk, i\u015fte o kadar sak\u0131ncal\u0131 ve sanc\u0131l\u0131 bir durumdur.<\/span><\/b><\/span>\u00a0<\/p>\n<p style=\"font-size: 12.0120115280151px; margin-bottom: 0.0001pt; text-align: justify; text-indent: 14.2pt; line-height: normal;\"><span style=\"font-size: 12pt;\"><b><i><span style=\"font-family: Arial, sans-serif;\">SORULDU: Yaz\u0131lara bak\u0131ld\u0131\u011f\u0131nda tek kalemden \u00e7\u0131km\u0131\u015f ve tek merkezden y\u00f6nlendirilmek suretiyle yaz\u0131lm\u0131\u015f gibi g\u00f6z\u00fckmekte ve yaz\u0131larda ortak konular olarak; \u00dclke y\u00f6netiminde bulunan H\u00fck\u00fcmet ve onu destekleyenler Kirli Cephe, H\u00fck\u00fcmetin kar\u015f\u0131s\u0131nda olanlar ise Kuvay\u0131 Milliyeciler nitelendirmesi ile Asker ve Sivil b\u00fct\u00fcn olarak Milli Cephe diye ikiye ay\u0131rarak kampla\u015ft\u0131rma yap\u0131ld\u0131\u011f\u0131, \u00fclkede h\u00fck\u00fcmet taraf\u0131ndan ihanete varan art niyetli ve k\u00f6t\u00fc bir y\u00f6netim oldu\u011fu, yine \u00fclkede gerek suikastlar gerekse ekonomik krizlerle bir kaos ortam\u0131n\u0131n ya\u015fanaca\u011f\u0131, sivil olu\u015fumlar ve TSK\u2019n\u0131n birlikte hareket ederek mevcut h\u00fck\u00fcmeti devre d\u0131\u015f\u0131 b\u0131rakmas\u0131 gerekti\u011fi, bunun i\u00e7in de gerekirse darbelerin, gerekirse de harplerin yap\u0131labilece\u011fini, yine TSK\u2019n\u0131n h\u00fck\u00fcmeti devirmek i\u00e7in darbe yapmaya haz\u0131r oldu\u011fu ve zaman\u0131n\u0131n \u00e7ok yak\u0131n oldu\u011fu, emekli askerlerin de bu olu\u015fumun i\u00e7inde yer ald\u0131\u011f\u0131 \u0131srarla ve yo\u011fun bi\u00e7imde a\u00e7\u0131k a\u00e7\u0131k vurgulanmaktad\u0131r.<\/span><\/i><\/b><\/span>\u00a0<\/p>\n<p style=\"font-size: 12.0120115280151px; margin-bottom: 0.0001pt; text-align: justify; text-indent: 14.2pt; line-height: normal;\"><span style=\"font-size: 12pt;\"><b><i><span style=\"font-family: Arial, sans-serif;\">\u0130stanbul C. Ba\u015fsavc\u0131l\u0131\u011f\u0131nca Ergenekon ter\u00f6r \u00f6rg\u00fct\u00fcne y\u00f6nelik yap\u0131lan soru\u015fturma kapsam\u0131nda elde edilen Ergenekon Analiz isimli belgede g\u00f6sterilen \u015feman\u0131n incelenmesinde, sivil olu\u015fumlar ile s\u00f6zde TSK\u2019dan emekli olmu\u015f subaylar\u0131n birlikte hareket etmesi gerekti\u011fi vurgulanmakta olup, bahse konu belgede ge\u00e7en bu de\u011ferlendirme ile Milli \u00c7\u00f6z\u00fcm Dergisinde yay\u0131nlanan yaz\u0131larda empoze edilmeye \u00e7al\u0131\u015f\u0131lan fikirlerin birebir \u00f6rt\u00fc\u015ft\u00fc\u011f\u00fc g\u00f6r\u00fclmektedir. \u00dclkede bir kaos ortam\u0131 olu\u015fturmak ve bunun sonucunda da askeri bir darbe yap\u0131lmas\u0131n\u0131 sa\u011flamak amac\u0131yla yukar\u0131da belirtildi\u011fi gibi bir yay\u0131n politikas\u0131 izlemenizin ger\u00e7ek sebebi nedir? Bu konu ile ilgili derginize y\u00fcklenmi\u015f bir misyon- g\u00f6rev mi vard\u0131r?<\/span><\/i><\/b><\/span>\u00a0<\/p>\n<p style=\"font-size: 12.0120115280151px; margin-bottom: 0.0001pt; text-align: justify; text-indent: 14.2pt; line-height: normal;\"><span style=\"font-size: 12pt;\"><b><span style=\"font-family: Arial, sans-serif;\">CEVABEN:\u00a0<span style=\"font-size: 14pt;\">Benim o s\u00f6zlerimden b\u00f6yle bir netice \u00e7\u0131karmak; y\u00fczlerce zoraki yorumlarla,\u00a0<i>\u201cbizi gizli bir \u00e7ete ve tehlikeli bir organize\u201d<\/i>\u00a0gibi g\u00f6sterme \u00e7abas\u0131na ve b\u00f6ylece ABD ve AB k\u00e2hyal\u0131\u011f\u0131n\u0131 ve i\u015fbirlik\u00e7i iktidarlar\u0131 masum g\u00f6sterme amac\u0131na y\u00f6nelik bir tav\u0131rd\u0131r. Asla kabul etmiyorum, nedenlerini de daha \u00f6nceki sorularda a\u00e7\u0131klam\u0131\u015f bulunuyorum. B\u00f6yle yap\u0131laca\u011f\u0131na: ABD, AB ve \u0130srail\u2019e kar\u015f\u0131 olanlar\u0131n t\u00fcm\u00fcn\u00fc \u00e7ete \u00fcyesi kabul edip, hatta T\u00fcrkiye\u2019nin etraf\u0131na tel \u00f6rg\u00fc \u00e7ekip, \u00fclkenin tamam\u0131n\u0131n bir a\u00e7\u0131k hava hapishanesine \u00e7evrilmesi daha uygun olur diye d\u00fc\u015f\u00fcn\u00fcyor ve \u00fcz\u00fcl\u00fcyorum. AB\u2019ye girdi\u011fimiz g\u00fcn ba\u011f\u0131ms\u0131zl\u0131k ve h\u00fck\u00fcmranl\u0131k haklar\u0131m\u0131z zaten B\u00fcr\u00fcksel\u2019e devredilece\u011finden, T\u00fcrkiye Yunanistan\u2019a eyalet haline gelece\u011finden, i\u00e7 ve d\u0131\u015f politikam\u0131z onlar\u0131n g\u00fcd\u00fcm\u00fcne girece\u011finden, \u015fanl\u0131 \u00c7anakkale savunmam\u0131z\u0131 ve kutlu kurtulu\u015f sava\u015f\u0131m\u0131z\u0131 bir nevi bo\u015funa yapm\u0131\u015f olaca\u011f\u0131m\u0131z i\u00e7in, bu korkun\u00e7 neticeler kendili\u011finden meydana gelecektir.<\/span><\/span><\/b><\/span>\u00a0<\/p>\n<p style=\"font-size: 12.0120115280151px; margin-bottom: 0.0001pt; text-align: justify; text-indent: 14.2pt; line-height: normal;\"><span style=\"font-size: 12pt;\"><b><i><span style=\"font-family: Arial, sans-serif;\">SORULDU: Yukar\u0131daki yaz\u0131n\u0131z\u0131n 8. paragraf\u0131nda bahsetti\u011finiz ulusal zeminin tan\u0131mlamas\u0131n\u0131 ve i\u00e7erisinde TSK\u2019n\u0131n da bulundu\u011funu belirtti\u011finiz ulusal zeminde kalan g\u00fc\u00e7lerin hangi ki\u015fi veya kurumlar\/kurulu\u015flar oldu\u011funu a\u00e7\u0131klay\u0131n\u0131z.<\/span><\/i><\/b><\/span>\u00a0<\/p>\n<p style=\"font-size: 12.0120115280151px; margin-bottom: 0.0001pt; text-align: justify; text-indent: 14.2pt; line-height: normal;\"><span style=\"font-size: 12pt;\"><b><span style=\"font-family: Arial, sans-serif;\">CEVABEN: Daha \u00f6nceki b\u00fct\u00fcn ifadelerimde T\u00fcrkiye Cumhuriyetinin resmi ve sivil kurumlar\u0131n\u0131n d\u0131\u015f bask\u0131lardan ve masonik ku\u015fatmadan temizlenmesi gerekti\u011fini vurgulam\u0131\u015ft\u0131m. Yoksa milli derin devlet, kendi devletimdir. Asla ki\u015fisel heveslerle karanl\u0131k ili\u015fkilerle ifade edilen ter\u00f6rist yap\u0131lanmalar\u0131, hayat\u0131m\u0131z boyunca kabul etmedik bundan sonra da etmeyece\u011fiz.<\/span><\/b><\/span>\u00a0<\/p>\n<p style=\"font-size: 12.0120115280151px; margin-bottom: 0.0001pt; text-align: justify; text-indent: 14.2pt; line-height: normal;\"><span style=\"font-size: 12pt;\"><b><i><span style=\"font-family: Arial, sans-serif;\">SORULDU:\u00a0<span style=\"font-size: 14pt;\">Yine 9. paragrafta; G\u00f6rev ve sorumluluklar\u0131 Anayasa ve yasalar ile belirlenmi\u015f olan T\u00fcrk Silahl\u0131 Kuvvetlerinin misyonunun belirleyicisi olarak Bursa Nutkunu g\u00f6stermenizin sebebi nedir?<\/span>\u00a0Yine klasik darbe yapma e\u011filiminde olmad\u0131\u011f\u0131n\u0131 belirtti\u011finiz TSK\u2019n\u0131n yasal olmasa dahi bir darbenin kayna\u011f\u0131 ve taraf\u0131 olmak konusunda teredd\u00fct etmeyece\u011fini belirtmenizin sebebi nedir?<\/span><\/i><\/b><\/span>\u00a0<\/p>\n<p style=\"font-size: 12.0120115280151px; margin-bottom: 0.0001pt; text-align: justify; text-indent: 14.2pt; line-height: normal;\"><span style=\"font-size: 12pt;\"><b><span style=\"font-family: Arial, sans-serif;\">CEVABEN:\u00a0<span style=\"font-size: 14pt;\">(Bu soru) Bursa nutkunu veren Mustafa Kemal Atat\u00fcrk\u2019le ve milli m\u00fccadele \u015fuuru ile hesapla\u015fmak ve T\u00fcrkiye\u2019mizi ayakta tutan iki temel dinamizm olan: Atat\u00fcrk milliyet\u00e7ili\u011finden ve saf \u0130slam d\u00fc\u015f\u00fcncesinden kurtulmak isteyen h\u0131yanet \u015febekelerinin milli \u00e7\u00f6z\u00fcmden duyduklar\u0131 rahats\u0131zl\u0131\u011f\u0131n bir ifadesidir.<\/span><\/span><\/b><\/span>\u00a0<\/p>\n<p style=\"font-size: 12.0120115280151px; margin-bottom: 0.0001pt; text-align: justify; text-indent: 14.2pt; line-height: normal;\"><span style=\"font-size: 12pt;\"><b><i><span style=\"font-family: Arial, sans-serif;\">SORULDU: Yine 11. paragrafta Savc\u0131lar, mahkemeler g\u00f6revini yapmal\u0131d\u0131r. Her vatansever baz\u0131 riskleri art\u0131k g\u00f6ze almal\u0131d\u0131r s\u00f6z\u00fcyle yarg\u0131 g\u00fcc\u00fcn\u00fc hangi riskleri alarak nas\u0131l bir g\u00f6reve \u00e7a\u011f\u0131r\u0131yorsunuz? A\u00e7\u0131klay\u0131n\u0131z.<\/span><\/i><\/b><\/span>\u00a0<\/p>\n<p style=\"font-size: 12.0120115280151px; margin-bottom: 0.0001pt; text-align: justify; text-indent: 14.2pt; line-height: normal;\"><span style=\"font-size: 12pt;\"><b><span style=\"font-family: Arial, sans-serif;\">CEVABEN: Yarg\u0131m\u0131z\u0131n temel ve genel dayana\u011f\u0131 olan ve me\u015fruiyet kayna\u011f\u0131n\u0131 olu\u015fturan: aziz milletimizin ve milli menfaatlerimizin korunmas\u0131 ve kollanmas\u0131 noktas\u0131ndaki anayasal g\u00f6rev ve sorumluluklar\u0131n\u0131, daha \u00f6zg\u00fcr ve daha g\u00fcvenli yapabilecekleri \u015fartlar\u0131n olu\u015fturulmas\u0131nda her s\u0131n\u0131f ve seviyeden insan\u0131m\u0131z\u0131n duyarl\u0131 davranmas\u0131 gerekti\u011fini temenni ve teklif ediyoruz.<\/span><\/b><\/span><\/p>\n<p style=\"font-size: 12.0120115280151px; margin-bottom: 0.0001pt; text-align: justify; text-indent: 14.2pt; line-height: normal;\"><span style=\"font-size: 12pt;\"><b><i><span style=\"font-family: Arial, sans-serif;\">SORULDU: Milli \u00c7\u00f6z\u00fcm Dergisinde yay\u0131nlanan yaz\u0131 ve \u015fiirlerin taraf\u0131n\u0131zdan yaz\u0131lmas\u0131na ra\u011fmen sanki di\u011fer yazarlarca kaleme al\u0131nm\u0131\u015f gibi g\u00f6stermenizin sebebi nedir? Bu konuda bir uygulama i\u00e7in kimden talimat al\u0131yorsunuz? Detayl\u0131ca a\u00e7\u0131klay\u0131n\u0131z.<\/span><\/i><\/b><\/span>\u00a0<\/p>\n<p style=\"font-size: 12.0120115280151px; margin-bottom: 0.0001pt; text-align: justify; text-indent: 14.2pt; line-height: normal;\"><span style=\"font-size: 12pt;\"><b><span style=\"font-family: Arial, sans-serif;\">CEVABEN: Bu yaz\u0131lar\u0131n ve \u015fiirlerin nas\u0131l haz\u0131rland\u0131\u011f\u0131n\u0131 ve nas\u0131l yay\u0131nland\u0131\u011f\u0131n\u0131 daha \u00f6nce belirtmi\u015ftim yeni bir a\u00e7\u0131klamaya gerek g\u00f6rm\u00fcyorum. \u00dcstelik M\u00fcstear &#8211; takma isimle yaz\u0131 yazmak yay\u0131n tarihinde asla su\u00e7 say\u0131lmad\u0131\u011f\u0131 bilinen bir gelenektir. Bunu bir su\u00e7mu\u015f gibi bize isnad\u0131n\u0131 da anlayabilmi\u015f de\u011filim.<\/span><\/b><\/span>\u00a0<\/p>\n<p style=\"font-size: 12.0120115280151px; margin-bottom: 0.0001pt; text-align: justify; text-indent: 14.2pt; line-height: normal;\"><span style=\"font-size: 12pt;\"><b><i><span style=\"font-family: Arial, sans-serif;\">SORULDU: Milli Derin Devlet kavram\u0131n\u0131 s\u00fcrekli i\u015fleyerek, darbe i\u00e7in gerekli kaos ortam\u0131n\u0131n olu\u015fturulmas\u0131nda rol alacak illegal olu\u015fumlar\u0131n mutlak surette gereklili\u011fine kamuoyunu inand\u0131rmaya \u00e7al\u0131\u015ft\u0131\u011f\u0131n\u0131z; dolay\u0131s\u0131yla \u00fclkemizde bir darbe yapmak ve \u00fclkemizi yeniden yap\u0131land\u0131rmak amac\u0131yla faaliyet g\u00f6steren Ergenekon ter\u00f6r \u00f6rg\u00fct\u00fcn\u00fcn bu g\u00fcne kadar de\u015fifre edilmi\u015f eylem ve faaliyetleri ile paralel bir yay\u0131n politikas\u0131 izlemi\u015f oldu\u011funuz ve Ergenekon Ter\u00f6r \u00f6rg\u00fct\u00fcn\u00fcn Alt yap\u0131lanmas\u0131 olan Lobi faaliyetlerinin i\u00e7erisinde ileti\u015fim ve propaganda alan\u0131nda faaliyet g\u00f6sterdi\u011finiz anla\u015f\u0131lmaktad\u0131r. Bu konu ile ilgili detayl\u0131 ifadenizi veriniz.<\/span><\/i><\/b><\/span>\u00a0<\/p>\n<p style=\"font-size: 12.0120115280151px; margin-bottom: 0.0001pt; text-align: justify; text-indent: 14.2pt; line-height: normal;\"><span style=\"font-size: 12pt;\"><b><span style=\"font-family: Arial, sans-serif;\">CEVABEN:\u00a0<span style=\"font-size: 14pt;\">Bu iddialar\u0131n tamam\u0131n\u0131n kas\u0131tl\u0131 bir \u00e7arp\u0131tma ve sapt\u0131rma oldu\u011fu kanaatimi uzun uzun belirtmi\u015ftim. \u0130ddialar\u0131n tam aksine gizli veya a\u00e7\u0131k hi\u00e7bir ilgim ve bilgim bulunmayan Ergenekon yap\u0131lanmas\u0131 gibi kirli hareketlerin v\u00fccut bulmamas\u0131 i\u00e7in gayret g\u00f6stermi\u015fim. Hele ordu ile h\u00fck\u00fcmeti kar\u015f\u0131 kar\u015f\u0131ya getirme niyetine ve g\u00fcc\u00fcne sahip olmad\u0131\u011f\u0131m gibi, \u201cordunun \u015ferefli mensuplar\u0131na sahip \u00e7\u0131kmam\u0131 ve sayg\u0131 duymam\u0131 bile, Amerikan Emperyalizmine h\u0131yanet gibi\u201d alg\u0131layan bir d\u00fc\u015f\u00fcnce yap\u0131s\u0131n\u0131n, \u015fimdi de; \u201corduma sahip \u00e7\u0131k\u0131yor g\u00f6r\u00fcnt\u00fcs\u00fc vermesi\u201d \u00e7ok sinsi ve tehlikeli bir tuzak gibidir. Biz iktidarlara da di\u011fer me\u015fru kurumlara da, g\u00f6rebildi\u011fimiz kadar yanl\u0131\u015fl\u0131klar\u0131n\u0131 da ba\u015far\u0131lar\u0131n\u0131 da hat\u0131rlatmak gibi bir milli sorumluluk bilinci ile hareket ettik. B\u00fct\u00fcn bu yak\u0131\u015ft\u0131rmalar\u0131n \u0130srail Siyonizm\u2019ine, Amerikan emperyalizmine, Ha\u00e7l\u0131 Avrupa hevesine u\u015fakl\u0131k yapanlar\u0131n kirli oyunlar\u0131na projekt\u00f6r tutmu\u015f olmam\u0131z\u0131n verdi\u011fi bir panikle haz\u0131rland\u0131\u011f\u0131 bellidir. Bu su\u00e7lamalar\u0131 asla kabul etmiyorum.<\/span><\/span><\/b><\/span>\u00a0<\/p>\n<p style=\"font-size: 12.0120115280151px; margin-bottom: 0.0001pt; text-align: justify; text-indent: 14.2pt; line-height: normal;\"><span style=\"font-size: 12pt;\"><b><i><span style=\"font-family: Arial, sans-serif;\">SORULDU: &#8220;Size ait oldu\u011fu anla\u015f\u0131lan ve disket \u00fczerindeki yaz\u0131dan ulusal TV de yap\u0131lacak bir r\u00f6portaj oldu\u011fu anla\u015f\u0131lan yaz\u0131n\u0131n Ali \u00c7A\u011eIL&#8217;da bulunma sebebi nedir? Yaz\u0131lan bu metni kim haz\u0131rlam\u0131\u015ft\u0131r? Ayr\u0131ca size atfedilen bu yaz\u0131da T\u00fcrkiye Cumhuriyeti Ba\u015fbakan\u0131na ve Milletvekillerine a\u011f\u0131r \u015fekilde hakaret edilmesinin sebebi nedir?<\/span><\/i><\/b><\/span>\u00a0<\/p>\n<p style=\"font-size: 12.0120115280151px; margin-bottom: 0.0001pt; text-align: justify; text-indent: 14.2pt; line-height: normal;\"><span style=\"font-size: 12pt;\"><b><span style=\"font-family: Arial, sans-serif;\">CEVABEN:\u00a0<span style=\"font-size: 14pt;\">O yaz\u0131n\u0131n bir noktas\u0131 bile bize ait de\u011fildir. Yay\u0131nland\u0131ktan aylar sonra bile tekzip edildi\u011fine rastlamad\u0131\u011f\u0131m\u0131z me\u015fhur SESAR internet sitesinden al\u0131nd\u0131\u011f\u0131, o yaz\u0131n\u0131n alt\u0131nda dip not olarak g\u00f6sterilmi\u015ftir. Kald\u0131 ki C\u00fcneyt ZAPSU\u2019nun Amerika\u2019daki Yahudi lobilerine, Recep Tayip Erdo\u011fan\u2019\u0131 kast ederek:\u00a0<i>\u201cbunu \u00e7\u00f6p deli\u011fine s\u00fcp\u00fcr\u00fcp ataca\u011f\u0131n\u0131za, haz\u0131r elinize ge\u00e7mi\u015fken tepe tepe kullan\u0131n\u0131z\u201d<\/i>\u00a0dedi\u011fini onlarca gazete ve dergi man\u015fet yap\u0131p defalarca sayfalar\u0131na ta\u015f\u0131mas\u0131na ra\u011fmen, herkesin AKP\u2019nin ve Ba\u015fbakan\u0131n sa\u011f kolu olarak bildi\u011fi bu adam\u0131 \u00e7a\u011f\u0131r\u0131p, bu s\u00f6z\u00fc s\u00f6yleyip s\u00f6ylemedi\u011fi, s\u00f6ylemi\u015f olsa bile tekzip etmesi gerekti\u011fi bas\u0131na bile yans\u0131mam\u0131\u015f ve kimse duymam\u0131\u015ft\u0131r. H\u00fck\u00fcmetin ve Recep Tayyip ERDO\u011eAN beyin manevi \u015fahsiyetini koruyanlar, \u00f6nce uzun zaman s\u00f6zde ba\u015f dan\u0131\u015fmanl\u0131\u011f\u0131n\u0131 yapan C\u00fcneyt ZAPSU\u2019dan bunun hesab\u0131n\u0131 sorsunlar ve \u00f6nce C\u00fcneyt ZAPSU\u2019ya hakaret davas\u0131 a\u00e7s\u0131nlar. (Kendi kendilerini hakaret ve rezalet bata\u011f\u0131na at\u0131p \u00e7\u0131rp\u0131nanlara d\u00fc\u015fmanl\u0131k yap\u0131lmaz, sadece ac\u0131n\u0131r ve kurtar\u0131lmaya \u00e7al\u0131\u015f\u0131l\u0131r. \u00c7\u00fcnk\u00fc zaten belas\u0131n\u0131 bulmu\u015flard\u0131r.)<\/span><\/span><\/b><\/span>\u00a0<\/p>\n<p style=\"font-size: 12.0120115280151px; margin-bottom: 0.0001pt; text-align: justify; text-indent: 14.2pt; line-height: normal;\"><span style=\"font-size: 12pt;\"><b><i><span style=\"font-family: Arial, sans-serif;\">SORULDU: \u0130kametinizde yap\u0131lan aramada Hakk\u0131nda \u0130stanbul 6 Nolu DGM taraf\u0131ndan 22.12.2000 tarih ve 2000\/756 M\u00fct say\u0131s\u0131 ile hakk\u0131nda toplatma karar\u0131 bulunan Abdullah \u00d6CALAN \u201cnas\u0131l ya\u015famal\u0131\u201d isimli kitap elde edilmi\u015ftir. Konu ile ilgili olarak ifadenizi veriniz.<\/span><\/i><\/b><\/span>\u00a0<\/p>\n<p style=\"font-size: 12.0120115280151px; margin-bottom: 0.0001pt; text-align: justify; text-indent: 14.2pt; line-height: normal;\"><span style=\"font-size: 12pt;\"><b><span style=\"font-family: Arial, sans-serif;\">CEVABEN: Bu kitab\u0131n yasakland\u0131\u011f\u0131ndan ve topland\u0131\u011f\u0131ndan ilk defa haberdar oluyorum. Keban cezaevinde yatarken solcu siyasi mahk\u00fbmlar\u0131n bulundu\u011fu ko\u011fu\u015ftan savc\u0131l\u0131k m\u00fcsaadesi ile ho\u015f geldin ziyaretine gelen Diyarbak\u0131rl\u0131 ve Erganili iki ki\u015finin Abdullah \u00d6calan\u2019\u0131 kurtulu\u015f rehberi gibi g\u00f6stermeleri ve onun ger\u00e7ek h\u00fcrriyet\u00e7ili\u011finin bahsedilen kitapta izah edildi\u011fini s\u00f6ylemeleri \u00fczerine, bu ter\u00f6r eleba\u015f\u0131n\u0131n as\u0131l mahiyetini ve kirli heveslerini bizzat o kitaptan okuyarak, onlar\u0131 ve ba\u015fka kap\u0131lm\u0131\u015f insanlar\u0131 uyarmak ve ayd\u0131nlatmak i\u00e7in ihtiya\u00e7 duydum. Uzun zaman d\u0131\u015far\u0131daki arkada\u015flar bu kitab\u0131 bulamad\u0131lar. En son Avrupa\u2019da insanlara kar\u015f\u0131l\u0131ks\u0131z olarak da\u011f\u0131t\u0131ld\u0131\u011f\u0131n\u0131 s\u00f6yleyen biri bana getirdi. \u00c7ok da iyi ettiler. Kitab\u0131n pek \u00e7ok yerinde, nas\u0131l insanl\u0131k d\u0131\u015f\u0131 niyetler ta\u015f\u0131d\u0131\u011f\u0131n\u0131 ve \u00f6zellikle \u201cK\u00fcrt kad\u0131nlar\u0131n\u0131n nikah ba\u011f\u0131ndan kurtulup, b\u00fct\u00fcn erkeklerin orta mal\u0131 olmas\u0131 gerekti\u011fini\u201d uzun uzun anlatan b\u00f6l\u00fcmlerini, hem cezaevindeki, hem d\u0131\u015far\u0131daki PKK yanda\u015flar\u0131n\u0131n hatta ve maalesef din hocas\u0131 ge\u00e7inip Abdullah \u00d6calan\u2019\u0131 K\u00fcrtlerin peygamberi g\u00f6sterecek kadar sap\u0131tm\u0131\u015f insanlar\u0131n ger\u00e7e\u011fi g\u00f6rmesine yard\u0131mc\u0131 oldu. (Kald\u0131 ki siz de g\u00f6rd\u00fcn\u00fcz, Elaz\u0131\u011f ve \u0130stanbul\u2019da yakla\u015f\u0131k yedi-sekiz bin ciltlik k\u00fct\u00fcphanelerimde Abdullah \u00d6calan\u2019\u0131n, pek \u00e7ok sayfas\u0131na nefretle not d\u00fc\u015ft\u00fc\u011f\u00fcm bir kitab\u0131n\u0131 su\u00e7 unsuru olarak soru\u015fturmak da, tam bir komplo mant\u0131\u011f\u0131d\u0131r. Kald\u0131 ki AKP iktidar\u0131 \u00d6calan\u2019\u0131 muhatap al\u0131p, bar\u0131\u015f masas\u0131na oturmaktad\u0131r.)<\/span><\/b><\/span>\u00a0<\/p>\n<p style=\"font-size: 12.0120115280151px; margin-bottom: 0.0001pt; text-align: justify; text-indent: 14.2pt; line-height: normal;\"><span style=\"font-size: 12pt; font-family: Arial, sans-serif;\"><b><i>SORULDU: Aramalarda ele ge\u00e7irilen CD&#8217;de kapatma davas\u0131 ve Ergenekon ba\u011flant\u0131s\u0131 ba\u015fl\u0131kl\u0131 3 sayfal\u0131k yaz\u0131n\u0131n son k\u0131sm\u0131nda; not: \u201c\u0130lhan Sel\u00e7uk ve Odalar Birli\u011fi-Kom\u00fcnizmle m\u00fccadele\u201d ibaresinin bulundu\u011fu tespit edilmi\u015ftir, belirtilen konu ile ilgili detayl\u0131 bilgi veriniz.<\/i><\/b><\/span><\/p>\n<p style=\"font-size: 12.0120115280151px; margin-bottom: 0.0001pt; text-align: justify; text-indent: 14.2pt; line-height: normal;\"><span style=\"font-size: 12pt;\"><b><span style=\"font-family: Arial, sans-serif;\">CEVABEN: Erbakan Hoca, tahminen 25 y\u0131l \u00f6nce bir hat\u0131ras\u0131n\u0131 anlat\u0131rken bunu s\u00f6ylemi\u015fti. Biliyorsunuz Hoca 1969\u2019da T\u00fcrkiye\u2019de Odalar Birli\u011fi Ba\u015fkanl\u0131\u011f\u0131na se\u00e7ilmi\u015fti. Bize \u015funu anlatm\u0131\u015ft\u0131: Gelir gider defterlerini kontrol ederken, dikkat \u00e7ekici bir evraka rastlad\u0131\u011f\u0131n\u0131, evrak\u0131n odalar birli\u011fi k\u00fclt\u00fcrel hizmet fonundan \u201ckom\u00fcnizmle m\u00fccadele edenlere, yaz\u0131lar\u0131 kar\u015f\u0131l\u0131\u011f\u0131 para aktar\u0131ld\u0131\u011f\u0131n\u0131\u201d belirtmi\u015fti. Biz hayretten donakalm\u0131\u015ft\u0131k. \u00c7\u00fcnk\u00fc sosyalizmin fikir babalar\u0131ndan ve sosyalist gen\u00e7lik \u00fczerinde etkin olan yazarlarda \u0130lhan SEL\u00c7UK ismini g\u00f6rd\u00fc\u011f\u00fcn\u00fc de ifade etmi\u015fti. Bizde bu durumu hayretle kar\u015f\u0131lam\u0131\u015ft\u0131k. Erbakan Hoca bize bunu \u015f\u00f6yle izah etmi\u015fti: Hay\u0131r, kom\u00fcnizmle as\u0131l m\u00fccadele eden \u0130lhan Sel\u00e7uk\u2019tur, demi\u015fti. Biz daha da \u015fa\u015f\u0131rm\u0131\u015ft\u0131k. \u015e\u00f6yle ki: \u201cSiyonizm\u2019i bir timsaha benzetirseniz, \u00fcst \u00e7enesi kapitalizm, alt \u00e7enesi kom\u00fcnizmdir. Bu ikisinin \u00e7arp\u0131\u015f\u0131yor g\u00f6r\u00fcnmesi d\u00fc\u015fmanl\u0131klar\u0131ndan de\u011fil, avlar\u0131n\u0131 par\u00e7alamak ve Siyonist g\u00f6vdeyi beslemek i\u00e7indir. T\u00fcrkiye co\u011frafi \u015fartlar\u0131 itibariyle, do\u011fu blokuna daha yak\u0131n olmas\u0131na ra\u011fmen, milli ve tarihi yap\u0131s\u0131 kom\u00fcnizmi kabullenemeyecek oldu\u011fu i\u00e7in, kapitalist sistemin bir par\u00e7as\u0131 yap\u0131lmak istenmi\u015ftir. Ancak toplumun kapitalizmin zulm\u00fcne raz\u0131 olmas\u0131 i\u00e7in de, g\u00f6stermelik ve kontroll\u00fc bir kom\u00fcnist hareketin bulunmas\u0131 gerekir. Ama bu kom\u00fcnist hareketin, dengeleri bozup kapitalist sistemi zora sokmamas\u0131 i\u00e7in de; asl\u0131nda mason olan, sistemin adam\u0131 olan, ama kom\u00fcnist rol\u00fc oynayan insanlara ihtiya\u00e7 vard\u0131r. Ta ki etkili olduklar\u0131 solcu gen\u00e7lik, fazla ba\u015f a\u011fr\u0131t\u0131nca, onlar\u0131 g\u00fcvendikleri bu yazarlar eliyle manip\u00fcle edebilsinler. \u0130\u015fte \u0130lhan Sel\u00e7uk da bunlardan biridir. Ve masonlar\u0131n g\u00fcd\u00fcm\u00fcndeki Odalar Birli\u011fi, \u015fuurlu olarak bu hizmetleri kar\u015f\u0131l\u0131\u011f\u0131 kendisine b\u00fcy\u00fck paralar \u00f6demi\u015ftir\u201d \u015feklinde konuya a\u00e7\u0131kl\u0131k getirmi\u015fti. Ben de konferans\u0131mda bunu hat\u0131rlatmakla, \u00e7o\u011fu solcu ge\u00e7inen insanlar\u0131n asl\u0131nda kapitalist kafaya sahip olduklar\u0131n\u0131 ve solculuk hevesindeki insanlar\u0131 kullanmaya \u00e7al\u0131\u015ft\u0131klar\u0131n\u0131 uyarmak istedim.\u00a0\u00a0 Benim bu konu ile ilgili olarak diyeceklerim bundan ibarettir.<\/span><\/b><\/span>\u00a0<\/p>\n<p style=\"font-size: 12.0120115280151px; margin-bottom: 0.0001pt; text-align: justify; text-indent: 14.2pt; line-height: normal;\"><span style=\"font-size: 14pt;\"><b><span style=\"font-family: Arial, sans-serif;\">\u0130\u00e7eri al\u0131nmam\u0131za sevinen, sal\u0131nmam\u0131za \u00fcz\u00fclen zavall\u0131lar\u0131n g\u0131c\u0131kl\u0131\u011f\u0131!<\/span><\/b><\/span>\u00a0<\/p>\n<p style=\"font-size: 12.0120115280151px; margin-bottom: 0.0001pt; text-align: justify; text-indent: 14.2pt; line-height: normal;\"><span style=\"font-size: 12pt; font-family: Arial, sans-serif;\">Daha \u00f6nce nefsaniyetlerinin ve sinsi mahiyetlerinin fark\u0131na var\u0131p b\u00fct\u00fcn alakam\u0131z\u0131 kopard\u0131\u011f\u0131m\u0131z\u0131 defalarca a\u00e7\u0131klad\u0131\u011f\u0131m\u0131z halde, hem kabahatlerini \u00fcst\u00fcm\u00fcze y\u0131kmak, hem de toplumda itimat ve itibar kazanmak i\u00e7in, AKP\u2019li d\u00f6neklerin;\u00a0<b><i>\u201cbiz Erbakan\u2019\u0131n devam\u0131y\u0131z ve ayn\u0131y\u0131z<\/i><\/b>\u201d dedikleri gibi; uzun zaman \u201cbiz hala Ahmet Akg\u00fcl\u2019le irtibatl\u0131y\u0131z\u201d havas\u0131 veren ve istismar eden \u015fu zavall\u0131 El-Aziz ekibinin o s\u00fcre\u00e7te:\u00a0<b><i>\u201cNas\u0131l olsa Ahmet Akg\u00fcl bu beladan kurtulamaz ve art\u0131k hapisten \u00e7\u0131kamaz\u201d\u00a0<\/i><\/b>\u00fcmidi ve sevinciyle ve tabi Fetullah\u00e7\u0131 yap\u0131lanmaya ve her say\u0131s\u0131nda \u00f6v\u00fcp sahiplendikleri AKP\u2019li kahramanlar\u0131na yaranmak hevesiyle:\u00a0<b><i>\u201cBizim bunlarla hi\u00e7bir alakam\u0131z yoktur\u201d\u00a0<\/i><\/b>a\u00e7\u0131klamalar\u0131\u2026 Ve yine\u00a0<b><i>\u201cBizim Milli \u00c7\u00f6z\u00fcm ekibiyle hi\u00e7bir ilgimiz bulunmamaktad\u0131r\u201d<\/i><\/b>\u00a0beyanlar\u0131 veren ve Milli G\u00f6r\u00fc\u015f\u2019e maksatl\u0131 olarak \u00e7\u00f6reklenen \u015eevket Kazan ve O\u011fuzhan Asilt\u00fcrk ve \u00e7\u00f6mezleriyle ayn\u0131 fettan, f\u0131rsat\u00e7\u0131 ve nank\u00f6r f\u0131trata sahip olduklar\u0131n\u0131n a\u00e7\u0131k bir g\u00f6stergesi de\u011fil midir?<\/span>\u00a0<\/p>\n<p style=\"font-size: 12.0120115280151px; margin-bottom: 0.0001pt; text-align: justify; text-indent: 14.2pt; line-height: normal;\"><span style=\"font-size: 12pt;\"><b><i><span style=\"font-family: Arial, sans-serif;\">Dergimizde bir\u00e7ok kere yaz\u0131p hat\u0131rlatt\u0131\u011f\u0131m\u0131z gibi, Konya\u2019da tamamen ilgimiz ve bilgimiz d\u0131\u015f\u0131nda ger\u00e7ekle\u015fen ve herkes gibi haberimiz olduktan sonra da; ayn\u0131 Milli G\u00f6r\u00fc\u015f d\u00fc\u015f\u00fcncesine sahip gen\u00e7lerin b\u00f6yle bir kavgaya s\u00fcr\u00fcklenmesine ne denli \u00fcz\u00fcl\u00fcp g\u00fccendi\u011fimiz; dinlenen telefon g\u00f6r\u00fc\u015fmelerimizde aynen tespit edilen olay bahanesiyle: AGD Konya Temsilcisi Yusuf G\u00fcne\u015f\u2019in ve kavga yap\u0131lan ve isimleri taraf\u0131mdan hat\u0131rlanmayan Konya SP Gen\u00e7lik \u00fcyelerinin, bizi \u201corganize su\u00e7 \u00e7etesi reisi\u201d g\u00f6stermek \u00fczere, \u015eevket Kazan ve O\u011fuzhan Asilt\u00fcrk\u2019\u00fcn y\u00f6nlendirmesi ve L\u00fctf\u00fc Yalman\u2019\u0131n te\u015fvikleriyle tezg\u00e2hland\u0131\u011f\u0131 s\u0131r\u0131tan bir vicdan yoksunlu\u011fuyla, aleyhimize delil olarak kullan\u0131lmak \u00fczere uydurup mahkemeye sunduklar\u0131, hi\u00e7bir insani ve ahlaki \u00f6l\u00e7\u00fcye s\u0131\u011fmayan yalanc\u0131 \u015fahitlik ve sahtek\u00e2rl\u0131klar\u0131n\u0131 ve yine yetkili savc\u0131 ve yarg\u0131\u00e7lar\u0131n bu d\u00fczmeceleri nas\u0131l hi\u00e7 ciddiye almay\u0131p bu konuda bizi ifadeye bile \u00e7a\u011f\u0131rmad\u0131klar\u0131n\u0131, ama maalesef k\u00fcfl\u00fc dosyalardan toplanan safsatalar\u0131n bu tutuklanma kapsam\u0131nda su\u00e7 delili olarak nas\u0131l yine kar\u015f\u0131m\u0131za \u00e7\u0131kar\u0131l\u0131p sorguland\u0131\u011f\u0131m\u0131z\u0131, bizzat ya\u015fay\u0131p; bu marazl\u0131 tav\u0131rlar\u0131 ve menfaat\u00e7i kuklalar\u0131 hakk\u0131ndaki kanaatlerimizin do\u011frulu\u011funu bir kez daha anlam\u0131\u015ft\u0131k.<\/span><\/i><\/b><\/span>\u00a0<\/p>\n<p style=\"font-size: 12.0120115280151px; margin-bottom: 0.0001pt; text-align: justify; text-indent: 14.2pt; line-height: normal;\"><span style=\"font-size: 12pt;\"><b><span style=\"font-family: Arial, sans-serif;\"><span style=\"font-size: 14pt;\">Evet haks\u0131z ve dayanaks\u0131z iddialarla Milli \u00c7\u00f6z\u00fcm Ekibini tutuklama s\u0131ras\u0131nda; Il\u0131ml\u0131 \u0130slamc\u0131lardan, kat\u0131 \u015feriat\u00e7\u0131lara\u2026 Avrupa a\u015f\u0131klar\u0131ndan Amerikan u\u015faklar\u0131na\u2026 Salak ve asalak sahte solculardan, milliyetsiz ve cibiliyetsiz masonlardan s\u0131\u011f\u0131nt\u0131 sa\u011fc\u0131lara, T\u00dcM MARAZLI MEDYA su\u00e7\u00fcst\u00fc yakalanm\u0131\u015ft\u0131r!<\/span>\u00a0\u015eu CIA-MOSSAD ma\u015fas\u0131 ve Amerikan \u015fak\u015fak\u00e7\u0131s\u0131 Fetullahc\u0131lardan, \u015eu AKP\u2019nin ve i\u015fbirlik\u00e7i akreplerin yanda\u015f\u0131 marazl\u0131 m\u00fcnaf\u0131klara: hepsinin yarg\u0131s\u0131z infaz gibi bize her t\u00fcrl\u00fc isnad\u0131 yak\u0131\u015ft\u0131rmalar\u0131na\u2026 Kamuoyunda \u201canar\u015fist, ihtilalci\u201d gibi alg\u0131lanmam\u0131z i\u00e7in \u00e7arp\u0131t\u0131c\u0131 ve sapt\u0131r\u0131c\u0131 b\u00fct\u00fcn yay\u0131n ve yorumlar\u0131na ra\u011fmen, 4 g\u00fcn sonra b\u00fct\u00fcn iddia ve isnatlar\u0131n\u0131n temelsiz ve ge\u00e7ersiz oldu\u011fu anla\u015f\u0131l\u0131p, y\u00fcksek bir feraset ve hukuki dirayet sahibi ilgili Adana Savc\u0131l\u0131\u011f\u0131nca serbest b\u0131rak\u0131lmam\u0131z \u00fczerine;<\/span><\/b><\/span>\u00a0<\/p>\n<p style=\"font-size: 12.0120115280151px; margin-bottom: 0.0001pt; text-align: justify; text-indent: 14.2pt; line-height: normal;\"><span style=\"font-size: 12pt;\"><b><span style=\"font-family: Arial, sans-serif;\">Bu \u201cdo\u011fruluk, soyluluk ve sorumluluk\u201d kavramlar\u0131n\u0131 katleden medyan\u0131n;<\/span><\/b><\/span>\u00a0<\/p>\n<p style=\"font-size: 12.0120115280151px; margin-bottom: 0.0001pt; text-align: justify; text-indent: 14.2pt; line-height: normal;\"><span style=\"font-size: 12pt;\"><b><span style=\"font-family: Arial, sans-serif;\">Bu utanmaz, bu uslanmaz, bu hokkabaz maymunlar\u0131n: \u015fahs\u0131m\u0131zdan, Milli \u00c7\u00f6z\u00fcm camias\u0131ndan ve yan\u0131lt\u0131p yamultmaya u\u011fra\u015ft\u0131klar\u0131 toplumdan en az\u0131ndan bir \u00f6z\u00fcr dilemeleri gerekmez miydi?<\/span><\/b><\/span>\u00a0<\/p>\n<p style=\"font-size: 12.0120115280151px; margin-bottom: 0.0001pt; text-align: justify; text-indent: 14.2pt; line-height: normal;\"><span style=\"font-size: 12pt;\"><b><span style=\"font-family: Arial, sans-serif;\">Bu edepsiz ve erdemsiz tav\u0131r; \u015eu Saman TV\u2019sinden A(rs\u0131z) TV\u2019sine, \u015fu en kahraman yazarlar\u0131n\u0131n bile ne haltlar kar\u0131\u015ft\u0131rd\u0131\u011f\u0131 mahkemelere ta\u015f\u0131nan \u015feriat\u00e7\u0131 m\u00fcnaf\u0131k Vakit Gazetesinden, \u0130srailci H\u00fcrriyet Gazetesine kadar b\u00fct\u00fcn bu yazar-bozar m\u00fcsveddelerinin nas\u0131l bir \u015feytan \u015febekesi olduklar\u0131n\u0131 g\u00f6stermeye yetmez miydi?<\/span><\/b><\/span>\u00a0<\/p>\n<p style=\"font-size: 12.0120115280151px; margin-bottom: 0.0001pt; text-align: justify; text-indent: 14.2pt; line-height: normal;\"><span style=\"font-size: 12pt;\"><b><span style=\"font-family: Arial, sans-serif;\">Ey \u015feytan\u0131n \u015fakirtleri!. Ey MOSSAD ve CIA\u2019n\u0131n, ey Mason Localar\u0131n\u0131n yalanc\u0131 \u015fahitleri!.. S\u00f6yleyin bakal\u0131m; Toplumun dirli\u011fi ve devletin d\u00fczeni i\u00e7in, bizim yay\u0131nlar\u0131m\u0131z ve yorumlar\u0131m\u0131z m\u0131 tehlikelidir, yoksa sizin insafs\u0131z infazlar\u0131n\u0131z m\u0131 ter\u00f6ristlikti? Bizi, \u201csivri dilli\u201d buldu\u011funuz, ama \u201cbu sivrili\u011fin ve keskinli\u011fin kimin \u00e7\u0131banlar\u0131n\u0131 de\u015fti\u011fi? Sorusu kar\u015f\u0131s\u0131nda sustu\u011funuz yaz\u0131lar\u0131m\u0131z ve konu\u015fmalar\u0131m\u0131z m\u0131 terbiyesizliktir, yoksa sizin soysuz ve sorumsuz tav\u0131rlar\u0131n\u0131z m\u0131, halk\u0131m\u0131z\u0131, ahlak\u0131m\u0131z\u0131 ve insan haklar\u0131m\u0131z\u0131 tahrip ediciydi?<\/span><\/b><\/span><span style=\"font-size: 12pt;\"><\/span><\/p>\n","protected":false},"excerpt":{"rendered":"<p>Milli \u00c7\u00f6z\u00fcm Dergimizin, Cemaatin ve AKP H\u00fck\u00fcmetinin perde arkas\u0131n\u0131 irdeleyen ve Milletimizi do\u011fru bilgilendiren yay\u0131nlar\u0131ndan rahats\u0131z olan \u00e7evrelerin ve \u00f6zellikle \u0130srail-ABD B\u00fcy\u00fckel\u00e7ili\u011finin aylar ve y\u0131llar s\u00fcren telefon dinlemeleri, b\u00fct\u00fcn dergi ve kitaplar\u0131m\u0131z\u0131 incelemeleri sonucu,\u00a0\u201cErgenekon\u2019un Dinci Kanad\u0131\u201d\u00a0yaftas\u0131yla ve sabah\u0131n karanl\u0131\u011f\u0131nda onlarca polis bask\u0131n\u0131yla tutuklan\u0131p Konya\u2019ya g\u00f6t\u00fcr\u00fcl\u00fcyorduk. Emniyetteki Fetullahc\u0131 kadrolar\u0131n ve AKP iktidar\u0131n\u0131n t\u00fcm bask\u0131lar\u0131na, yanda\u015f ve [&hellip;]<\/p>\n","protected":false},"author":68,"featured_media":0,"comment_status":"open","ping_status":"closed","sticky":false,"template":"","format":"standard","meta":{"footnotes":""},"categories":[98],"tags":[],"class_list":["post-3032","post","type-post","status-publish","format-standard","hentry","category-ozel-yazilar"],"_links":{"self":[{"href":"https:\/\/www.millicozum.com\/mc\/wp-json\/wp\/v2\/posts\/3032","targetHints":{"allow":["GET"]}}],"collection":[{"href":"https:\/\/www.millicozum.com\/mc\/wp-json\/wp\/v2\/posts"}],"about":[{"href":"https:\/\/www.millicozum.com\/mc\/wp-json\/wp\/v2\/types\/post"}],"author":[{"embeddable":true,"href":"https:\/\/www.millicozum.com\/mc\/wp-json\/wp\/v2\/users\/68"}],"replies":[{"embeddable":true,"href":"https:\/\/www.millicozum.com\/mc\/wp-json\/wp\/v2\/comments?post=3032"}],"version-history":[{"count":0,"href":"https:\/\/www.millicozum.com\/mc\/wp-json\/wp\/v2\/posts\/3032\/revisions"}],"wp:attachment":[{"href":"https:\/\/www.millicozum.com\/mc\/wp-json\/wp\/v2\/media?parent=3032"}],"wp:term":[{"taxonomy":"category","embeddable":true,"href":"https:\/\/www.millicozum.com\/mc\/wp-json\/wp\/v2\/categories?post=3032"},{"taxonomy":"post_tag","embeddable":true,"href":"https:\/\/www.millicozum.com\/mc\/wp-json\/wp\/v2\/tags?post=3032"}],"curies":[{"name":"wp","href":"https:\/\/api.w.org\/{rel}","templated":true}]}}