{"id":30531,"date":"2025-09-04T21:01:52","date_gmt":"2025-09-04T18:01:52","guid":{"rendered":"https:\/\/www.millicozum.com\/mc\/?p=30531"},"modified":"2025-09-04T21:03:18","modified_gmt":"2025-09-04T18:03:18","slug":"aziz-ve-asil-ordumuza-siir-3","status":"publish","type":"post","link":"https:\/\/www.millicozum.com\/mc\/ozel-yazilar\/aziz-ve-asil-ordumuza-siir-3\/","title":{"rendered":"AZ\u0130Z VE AS\u0130L ORDUMUZA<br> (\u015e\u0130\u0130R)"},"content":{"rendered":"\t\t<div data-elementor-type=\"wp-post\" data-elementor-id=\"30531\" class=\"elementor elementor-30531\" data-elementor-settings=\"{&quot;element_pack_global_tooltip_width&quot;:{&quot;unit&quot;:&quot;px&quot;,&quot;size&quot;:&quot;&quot;,&quot;sizes&quot;:[]},&quot;element_pack_global_tooltip_width_tablet&quot;:{&quot;unit&quot;:&quot;px&quot;,&quot;size&quot;:&quot;&quot;,&quot;sizes&quot;:[]},&quot;element_pack_global_tooltip_width_mobile&quot;:{&quot;unit&quot;:&quot;px&quot;,&quot;size&quot;:&quot;&quot;,&quot;sizes&quot;:[]},&quot;element_pack_global_tooltip_padding&quot;:{&quot;unit&quot;:&quot;px&quot;,&quot;top&quot;:&quot;&quot;,&quot;right&quot;:&quot;&quot;,&quot;bottom&quot;:&quot;&quot;,&quot;left&quot;:&quot;&quot;,&quot;isLinked&quot;:true},&quot;element_pack_global_tooltip_padding_tablet&quot;:{&quot;unit&quot;:&quot;px&quot;,&quot;top&quot;:&quot;&quot;,&quot;right&quot;:&quot;&quot;,&quot;bottom&quot;:&quot;&quot;,&quot;left&quot;:&quot;&quot;,&quot;isLinked&quot;:true},&quot;element_pack_global_tooltip_padding_mobile&quot;:{&quot;unit&quot;:&quot;px&quot;,&quot;top&quot;:&quot;&quot;,&quot;right&quot;:&quot;&quot;,&quot;bottom&quot;:&quot;&quot;,&quot;left&quot;:&quot;&quot;,&quot;isLinked&quot;:true},&quot;element_pack_global_tooltip_border_radius&quot;:{&quot;unit&quot;:&quot;px&quot;,&quot;top&quot;:&quot;&quot;,&quot;right&quot;:&quot;&quot;,&quot;bottom&quot;:&quot;&quot;,&quot;left&quot;:&quot;&quot;,&quot;isLinked&quot;:true},&quot;element_pack_global_tooltip_border_radius_tablet&quot;:{&quot;unit&quot;:&quot;px&quot;,&quot;top&quot;:&quot;&quot;,&quot;right&quot;:&quot;&quot;,&quot;bottom&quot;:&quot;&quot;,&quot;left&quot;:&quot;&quot;,&quot;isLinked&quot;:true},&quot;element_pack_global_tooltip_border_radius_mobile&quot;:{&quot;unit&quot;:&quot;px&quot;,&quot;top&quot;:&quot;&quot;,&quot;right&quot;:&quot;&quot;,&quot;bottom&quot;:&quot;&quot;,&quot;left&quot;:&quot;&quot;,&quot;isLinked&quot;:true}}\" data-elementor-post-type=\"post\">\n\t\t\t\t\t\t<section class=\"elementor-section elementor-top-section elementor-element elementor-element-431ab3c0 elementor-section-boxed elementor-section-height-default elementor-section-height-default\" data-id=\"431ab3c0\" data-element_type=\"section\">\n\t\t\t\t\t\t<div class=\"elementor-container elementor-column-gap-default\">\n\t\t\t\t\t<div class=\"elementor-column elementor-col-100 elementor-top-column elementor-element elementor-element-2b65ca06\" data-id=\"2b65ca06\" data-element_type=\"column\">\n\t\t\t<div class=\"elementor-widget-wrap elementor-element-populated\">\n\t\t\t\t\t\t<div class=\"elementor-element elementor-element-6124fd27 elementor-widget elementor-widget-heading\" data-id=\"6124fd27\" data-element_type=\"widget\" data-widget_type=\"heading.default\">\n\t\t\t\t<div class=\"elementor-widget-container\">\n\t\t\t\t\t<h3 class=\"elementor-heading-title elementor-size-default\">AZ\u0130Z VE AS\u0130L ORDUMUZA<\/h3>\t\t\t\t<\/div>\n\t\t\t\t<\/div>\n\t\t\t\t\t<\/div>\n\t\t<\/div>\n\t\t\t\t\t<\/div>\n\t\t<\/section>\n\t\t\t\t<section class=\"elementor-section elementor-top-section elementor-element elementor-element-5d1d67d6 elementor-section-boxed elementor-section-height-default elementor-section-height-default\" data-id=\"5d1d67d6\" data-element_type=\"section\">\n\t\t\t\t\t\t<div class=\"elementor-container elementor-column-gap-default\">\n\t\t\t\t\t<div class=\"elementor-column elementor-col-100 elementor-top-column elementor-element elementor-element-dffc72a\" data-id=\"dffc72a\" data-element_type=\"column\">\n\t\t\t<div class=\"elementor-widget-wrap elementor-element-populated\">\n\t\t\t\t\t\t<div class=\"elementor-element elementor-element-6da885b6 elementor-widget elementor-widget-text-editor\" data-id=\"6da885b6\" data-element_type=\"widget\" data-widget_type=\"text-editor.default\">\n\t\t\t\t<div class=\"elementor-widget-container\">\n\t\t\t\t\t\t\t\t\t<p><strong>Mertlik ve yi\u011fitlik \u015fan\u0131; vatan namusu <\/strong><br \/><strong>Dostuna g\u00fcven a\u015f\u0131lar, g\u00e2vurun k\u00e2busu <\/strong><br \/><strong>Askerime emanettir, \u00fclkem tapusu <\/strong><br \/><strong>Le\u015fe bakmaz, iti takmaz; kurdumuz bizim <\/strong><br \/><strong>Anadolu arslanlar\u0131, Ordumuz bizim!<\/strong><\/p><p><strong>\u015eehitlik en b\u00fcy\u00fck r\u00fctbe, gazilik onur <\/strong><br \/><strong>Cennete u\u011furlar gibi, kabire konur <\/strong><br \/><strong>Ha\u00e7l\u0131 onu Malazgirt&#8217;ten, Afyon&#8217;dan tan\u0131r <\/strong><br \/><strong>Elli d\u00fc\u015fmana bedeldir, d\u00f6rd\u00fcm\u00fcz bizim <\/strong><br \/><strong>Kahramanlar harman\u0131d\u0131r, Ordumuz bizim!<\/strong><\/p><p><strong>PKK &#8220;say\u0131n&#8221; yap\u0131ld\u0131, pa\u015falar san\u0131k <\/strong><br \/><strong>\u015eahinler kanad\u0131 k\u0131r\u0131k, hainler tan\u0131k <\/strong><br \/><strong>Devran tersine d\u00f6n\u00fcyor, ba\u015flad\u0131 panik <\/strong><br \/><strong>\u00c7akallara mek\u00e2n olmaz, yurdumuz bizim <\/strong><br \/><strong>Sefer ve zafer yolcusu, Ordumuz bizim!<\/strong><\/p><p><strong>Mermimiz biterse yeter, s\u00fcng\u00fcyle dip\u00e7ik <\/strong><br \/><strong>Cephede arslan kesilir, gayr\u0131 Mehmet\u00e7ik <\/strong><br \/><strong>Tarihten yolda\u015ft\u0131r; Murat, Munzur ve Har\u00e7ik <\/strong><br \/><strong>Karde\u015f; Laz, \u00c7erkez, Alevi, K\u00fcrd\u00fcm\u00fcz bizim <\/strong><br \/><strong>Hayat huzur sigortam\u0131z, Ordumuz bizim!<\/strong><\/p><p><strong>Baz\u0131lar\u0131 Erbakan&#8217;a, hatalar yapt\u0131 <\/strong><br \/><strong>Dindar halk\u0131 \u00f6c\u00fc sand\u0131, insaftan sapt\u0131 <\/strong><br \/><strong>\u0130slam\u2019a \u015fa\u015f\u0131 bakan\u0131, \u015fehitler \u00e7arpt\u0131 <\/strong><br \/><strong>Her \u015fey asl\u0131na d\u00f6necek, duygumuz bizim <\/strong><br \/><strong>Resul m\u00fcjdesi duas\u0131; Ordumuz bizim!<\/strong><\/p><p><strong>Askerime kin tutanlar, s\u00fct\u00fc bozuktur <\/strong><br \/><strong>Kutsal\u0131na kir katanlar, sonu kaz\u0131kt\u0131r <\/strong><br \/><strong>Halkla bar\u0131\u015f, Hak\u2019ta yar\u0131\u015f; yoksa yaz\u0131kt\u0131r <\/strong><br \/><strong>Kaderle \u00e7izilmi\u015f kutlu, kurgumuz bizim <\/strong><br \/><strong>&#8220;Nizam-\u0131 \u00c2lem&#8221; sevdal\u0131, Ordumuz bizim!<\/strong><\/p><p><strong>\u0130slam\u2019a yan bakma sak\u0131n, uykudan uyan <\/strong><br \/><strong>Ata\u2019n \u0130stiklal Mar\u015f\u0131&#8217;n\u0131, oku da utan <\/strong><br \/><strong>\u00c7a\u011fda\u015f say\u0131l\u0131r m\u0131 barbar, Bat\u0131\u2019y\u0131 tutan <\/strong><br \/><strong>Helal toplar, hayra harcar; lordumuz bizim <\/strong><br \/><strong>&#8220;\u00d6nce Vatan!&#8221; parolas\u0131, Ordumuz bizim!<\/strong><\/p><p><strong>Kur&#8217;an kural, Resul \u00f6rnek; ak\u0131l pusula <\/strong><br \/><strong>\u0130man \u0131\u015f\u0131k, ilim rehber; Hakka v\u00fcsula <\/strong><br \/><strong>Soysuzlar y\u00fcz\u00fcnden bela, gelir husula <\/strong><br \/><strong>Adil D\u00fczen, Milli \u00c7\u00f6z\u00fcm; kadromuz bizim<\/strong><br \/><strong>Hak Peygamber Oca\u011f\u0131d\u0131r, Ordumuz bizim!<\/strong><\/p>\t\t\t\t\t\t\t\t<\/div>\n\t\t\t\t<\/div>\n\t\t\t\t\t<\/div>\n\t\t<\/div>\n\t\t\t\t\t<\/div>\n\t\t<\/section>\n\t\t\t\t<\/div>\n\t\t","protected":false},"excerpt":{"rendered":"<p>AZ\u0130Z VE AS\u0130L ORDUMUZA Mertlik ve yi\u011fitlik \u015fan\u0131; vatan namusu Dostuna g\u00fcven a\u015f\u0131lar, g\u00e2vurun k\u00e2busu Askerime emanettir, \u00fclkem tapusu Le\u015fe bakmaz, iti takmaz; kurdumuz bizim Anadolu arslanlar\u0131, Ordumuz bizim! \u015eehitlik en b\u00fcy\u00fck r\u00fctbe, gazilik onur Cennete u\u011furlar gibi, kabire konur Ha\u00e7l\u0131 onu Malazgirt&#8217;ten, Afyon&#8217;dan tan\u0131r Elli d\u00fc\u015fmana bedeldir, d\u00f6rd\u00fcm\u00fcz bizim Kahramanlar harman\u0131d\u0131r, Ordumuz bizim! PKK [&hellip;]<\/p>\n","protected":false},"author":107,"featured_media":0,"comment_status":"open","ping_status":"closed","sticky":false,"template":"","format":"standard","meta":{"footnotes":""},"categories":[98],"tags":[],"class_list":["post-30531","post","type-post","status-publish","format-standard","hentry","category-ozel-yazilar"],"_links":{"self":[{"href":"https:\/\/www.millicozum.com\/mc\/wp-json\/wp\/v2\/posts\/30531","targetHints":{"allow":["GET"]}}],"collection":[{"href":"https:\/\/www.millicozum.com\/mc\/wp-json\/wp\/v2\/posts"}],"about":[{"href":"https:\/\/www.millicozum.com\/mc\/wp-json\/wp\/v2\/types\/post"}],"author":[{"embeddable":true,"href":"https:\/\/www.millicozum.com\/mc\/wp-json\/wp\/v2\/users\/107"}],"replies":[{"embeddable":true,"href":"https:\/\/www.millicozum.com\/mc\/wp-json\/wp\/v2\/comments?post=30531"}],"version-history":[{"count":0,"href":"https:\/\/www.millicozum.com\/mc\/wp-json\/wp\/v2\/posts\/30531\/revisions"}],"wp:attachment":[{"href":"https:\/\/www.millicozum.com\/mc\/wp-json\/wp\/v2\/media?parent=30531"}],"wp:term":[{"taxonomy":"category","embeddable":true,"href":"https:\/\/www.millicozum.com\/mc\/wp-json\/wp\/v2\/categories?post=30531"},{"taxonomy":"post_tag","embeddable":true,"href":"https:\/\/www.millicozum.com\/mc\/wp-json\/wp\/v2\/tags?post=30531"}],"curies":[{"name":"wp","href":"https:\/\/api.w.org\/{rel}","templated":true}]}}