{"id":3178,"date":"2015-02-26T14:10:03","date_gmt":"2015-02-26T14:10:03","guid":{"rendered":"https:\/\/www.millicozum.com\/mc\/2015\/02\/26\/akp-ve-cemaatin-tarafi-ayni-sadece-tarzlari-ve-tavirlari-farkliydi\/"},"modified":"2015-02-26T14:10:03","modified_gmt":"2015-02-26T14:10:03","slug":"akp-ve-cemaatin-tarafi-ayni-sadece-tarzlari-ve-tavirlari-farkliydi","status":"publish","type":"post","link":"https:\/\/www.millicozum.com\/mc\/2015\/mart-2015\/akp-ve-cemaatin-tarafi-ayni-sadece-tarzlari-ve-tavirlari-farkliydi\/","title":{"rendered":"AKP ve Cemaat\u2019in TARAFI ayn\u0131; SADECE TARZLARI VE TAVIRLARI FARKLIYDI!"},"content":{"rendered":"\n<p>&nbsp;<\/p>\n<p style=\"margin-bottom: 0.0001pt; text-align: justify; text-indent: 14.2pt; line-height: normal;\"><b><span style=\"font-size: 12pt; font-family: 'Arial',sans-serif;\">H\u00fck\u00fcmetle Cemaat aras\u0131ndaki seviyesiz ve sayg\u0131s\u0131z \u00e7at\u0131\u015fmay\u0131 bir hay\u0131r ve hizmet yar\u0131\u015f\u0131 veya Hak Bat\u0131l sava\u015f\u0131 sanmak, ger\u00e7e\u011fi saklamak ve sapt\u0131rmakt\u0131r. (\u0130yi niyetle AKP\u2019ye oy veren kitleleri H\u00fck\u00fcmet\u2019in kurmay kadrosundan ve Cemaat\u2019in istikametli talebe ve takip\u00e7ilerini CIA-MOSSAD ma\u015fas\u0131 \u00fcst kademe tak\u0131m\u0131ndan kesinlikle ay\u0131rarak s\u00f6yl\u00fcyorum ki) Bu kahpe kavgay\u0131, paralel \u00e7ete olu\u015fumlar\u0131yla, me\u015fru devlet kurumlar\u0131n\u0131n, yani kirli ve hain parazitlerle Milli cephenin bir hesapla\u015fmas\u0131 \u015feklinde de\u011ferlendirmek de yanl\u0131\u015ft\u0131r. Bu ya\u015fananlar, \u015fahsi ihtiras ve iktidarlar\u0131 u\u011fruna dini, devleti ve milleti tahrip pahas\u0131na d\u0131\u015f odaklara ta\u015feronluk yapmaktan sak\u0131nmayan sapk\u0131nlar\u0131n, ilahi intikam ve kader k\u0131rbac\u0131yla birbirlerini defedip saf d\u0131\u015f\u0131 b\u0131rakma olay\u0131d\u0131r. <i>\u201cE\u011fer Allah\u2019\u0131n, insanlar(\u0131n hain ve zalim tak\u0131m\u0131n\u0131n) bir k\u0131sm\u0131n\u0131 di\u011fer k\u0131sm\u0131yla (baz\u0131s\u0131n\u0131 baz\u0131s\u0131yla) def edip (etkisizle\u015ftirip devre d\u0131\u015f\u0131 b\u0131rakmas\u0131) olmasayd\u0131, (adalet nizam\u0131 ve insan haklar\u0131na sayg\u0131 \u00e7er\u00e7evesinde, birlikte huzur ve emniyet i\u00e7erisinde ya\u015famas\u0131 gereken) manast\u0131rlar, kiliseler, havralar ve Allah isminin \u00e7ok\u00e7a zikredildi\u011fi Camiler, muhakkak y\u0131k\u0131l\u0131p harap olurdu. Allah kendi (dini)ne yard\u0131m edenlere (ve Adil bir D\u00fczen i\u00e7in gayret g\u00f6sterenlere) kesinlikle yard\u0131m edecek (ve zafere eri\u015ftirecektir)\u201d <\/i>(Hacc: 40)<i> <\/i>ayeti bu ger\u00e7e\u011fi anlatmaktad\u0131r. Evet, kaderin cilvesi ve Milli G\u00fc\u00e7lerin sevkiyle, \u00f6nce AKP H\u00fck\u00fcmeti eliyle Cemaat=CIA-MOSSAD tak\u0131m\u0131 iyice de\u015fifre edilip savu\u015fturulacak, ard\u0131ndan d\u00fcnyal\u0131k makam ve menfaat h\u0131rs\u0131yla bir araya toplanan AKP da\u011f\u0131t\u0131lacakt\u0131r. Ey dostlar, Kur\u2019an\u2019\u0131n adalet nizam\u0131n\u0131 arzulamayan ve bu yolda gayesi ve gayreti olmayanlar\u0131n, Allah\u2019\u0131n ve Resul\u00fcllah\u2019\u0131n r\u0131zas\u0131n\u0131 arad\u0131klar\u0131na, hangi izan ve vicdanla inan\u0131lacakt\u0131r? <\/span><\/b><\/p>\n<p style=\"margin-bottom: 0.0001pt; text-align: justify; text-indent: 14.2pt; line-height: normal;\"><b><span style=\"font-size: 12pt; font-family: 'Arial',sans-serif;\"><span style=\"font-size: 14pt;\">\u0130nsan\u0131n taraf\u0131 ve saf\u0131:<\/span> \u0130man; Hakka, hayra ve temel insan haklar\u0131na taraf olmakt\u0131r. \u00c7\u00fcnk\u00fc <i>\u201c\u0130man edenler (mecburen) Allah yolunda (Hak ve adaleti h\u00e2kim k\u0131lmak amac\u0131yla) \u00e7arp\u0131\u015f\u0131p \u00e7\u0131rp\u0131nanlard\u0131r. \u0130nk\u00e2r edenler ise, ta\u011fut yolunda (haks\u0131zl\u0131k ve ahlaks\u0131zl\u0131k d\u00fczenleri devam etsin diye) \u00e7arp\u0131\u015f\u0131p \u00e7\u0131rp\u0131nanlard\u0131r\u201d<\/i> (Nisa:76) Yery\u00fcz\u00fcnde ve b\u00fct\u00fcn tarih s\u00fcrecinde, sadece iki saf=cephe bulunacakt\u0131r: Hak-Bat\u0131l, \u0130man-K\u00fcf\u00fcr, Rahmani-\u015eeytani\u2026 Ve insanlar\u0131n imtihan\u0131 i\u015fte bunlardan hangisine tabi ve taraf oldu\u011fu sorusuyla ba\u015flamaktad\u0131r. Haktan m\u0131, Bat\u0131ldan m\u0131; \u0130slam nizam\u0131ndan m\u0131, yoksa Siyonist-Ha\u00e7l\u0131 Bat\u0131dan m\u0131? taraf oldu\u011fu, bir insan\u0131n en \u015fa\u015fmaz iman ayar\u0131d\u0131r. Her konuda ve her durumda mutlaka Hakka taraf olmak ve \u0130slam\u2019\u0131n saf\u0131nda yer almak ne kadar l\u00fczumlu, olumlu ve onurlu bir davran\u0131\u015fsa; kendi Cemaat, tarikat, mezhep, kavmiyet ve partisini \u0130slam karde\u015fli\u011finin ve \u00fcmmet bilincinin \u00fcst\u00fcnde saymak ve ba\u015fka M\u00fcsl\u00fcmanlara nefret ve husumetle yakla\u015fmak olan <i>\u201ctarafgirlik ve taassup\u201d<\/i> da o denli a\u015fa\u011f\u0131 ve baya\u011f\u0131 bir anlay\u0131\u015ft\u0131r.<\/span><\/b><\/p>\n<p style=\"margin-bottom: 0.0001pt; text-align: justify; text-indent: 14.2pt; line-height: normal;\"><b><span style=\"font-size: 12pt; font-family: 'Arial',sans-serif;\"><span style=\"font-size: 14pt;\">\u0130nsan\u0131n tarz\u0131:<\/span> Bir insan\u0131n inanc\u0131n\u0131, ya\u015fama amac\u0131n\u0131 ve faziletli farkl\u0131l\u0131klar\u0131n\u0131 d\u0131\u015fa vuran ve onun karakter ve kapasitesini yans\u0131tan genel yakla\u015f\u0131mlar\u0131d\u0131r.<\/span><\/b><\/p>\n<p style=\"margin-bottom: 0.0001pt; text-align: justify; text-indent: 14.2pt; line-height: normal;\"><b><span style=\"font-size: 12pt; font-family: 'Arial',sans-serif;\"><span style=\"font-size: 14pt;\">\u0130nsan\u0131n tavr\u0131:<\/span> Tav\u0131r; bir durum ve bir olu\u015fum kar\u015f\u0131s\u0131nda ki\u015filerin tak\u0131nd\u0131\u011f\u0131 davran\u0131\u015flard\u0131r. \u201cTav\u0131r almak, tav\u0131r koymak, tav\u0131r tak\u0131nmak\u201d deyimleri, insan\u0131n etkilenece\u011fi olaylar kar\u015f\u0131s\u0131ndaki tepkilerini anlatan kavramlard\u0131r. \u00d6rne\u011fin \u015fuurlu ve sorumlu bir M\u00fcsl\u00fcman\u2019\u0131n, her yerde ve her halde \u0130slam\u2019\u0131n birli\u011finden ve M\u00fcsl\u00fcmanlar\u0131n dirli\u011finden TARAF olmas\u0131 imani tercih ve gayretinin; zulme ve h\u0131yanete d\u00fc\u015fmeyen farkl\u0131 parti, tarikat ve cemaat mensubu din karde\u015flerine ve ayr\u0131 Dinden kimselere olgun ve olumlu TARZI onun insani efendilik ve edebinin; \u00e7e\u015fitli felaket ve musibetlere u\u011fram\u0131\u015f, her din ve d\u00fc\u015f\u00fcnceden herkesin ac\u0131s\u0131n\u0131 payla\u015fan TAVRI ise vicdani erdeminin bir icab\u0131 ve toplumsal bar\u0131\u015f\u0131n ihtiyac\u0131d\u0131r. Aksi halde rakip bildi\u011fi ve fayda gelmez zannetti\u011fi kesimlerin cenazelerine bile sayg\u0131 g\u00f6stermemek, o gen\u00e7leri sahiplenmemek, ailelerinden ve yak\u0131n \u00e7evrelerinden bir taziye mesaj\u0131n\u0131 bile esirgemek ve hele \u201cben %50\u2019den fazlay\u0131m\u201d diye bu insani tav\u0131rlara tenezz\u00fcl etmemek, Rahmetli Erbakan\u2019\u0131n tan\u0131m\u0131yla a\u00e7\u0131k bir \u201chidayet kararmas\u0131\u201d, vicdani damar ve duyarl\u0131l\u0131klar\u0131n kurumas\u0131 ve \u201cmayas\u0131zl\u0131k f\u0131trat\u0131n\u0131n\u201d a\u00e7\u0131\u011fa \u00e7\u0131kmas\u0131d\u0131r!<\/span><\/b><\/p>\n<p style=\"margin-bottom: 0.0001pt; text-align: justify; text-indent: 14.2pt; line-height: normal;\"><b><span style=\"font-size: 12pt; font-family: 'Arial',sans-serif;\">\u0130nsan; taraf\u0131, tarz\u0131 ve tavr\u0131yla, \u00f6zg\u00fcn bir kimlik kazan\u0131r. Taraf\u0131 \u015fahsiyetinin, tarz\u0131 haysiyetinin, tavr\u0131 ise hassasiyetinin d\u0131\u015fa vurulmas\u0131d\u0131r. Fetullah Hoca, Siyonist+Ha\u00e7l\u0131 odaklar\u0131n T\u00fcrkiye vitrin kuklas\u0131; Cemaat, CIA-MOSSAD\u2019\u0131n paralel yap\u0131lanmas\u0131d\u0131r. Recep T. Erdo\u011fan ise, T\u00fcrkiye dahil 27 \u0130slam \u00fclkesinin par\u00e7alanmas\u0131n\u0131 ama\u00e7layan BOP\u2019un e\u015f ba\u015fkan\u0131, yani bu Siyonist plan\u0131n kahyas\u0131d\u0131r. Fetullah Hoca ve Cemaatin de, Recep T. Erdo\u011fan ve AKP H\u00fck\u00fcmetinin de <span style=\"font-size: 14pt;\">TARAFI<\/span>, \u0130slam Birli\u011fi ve Kur\u2019an Nizam\u0131 de\u011fil, Avrupa Birli\u011fi ve Amerikan M\u00fcttefikli\u011fi temelli BATI\u2019d\u0131r. Yani her ikisinin de ger\u00e7ek ayar\u0131 ve taraf\u0131 ayn\u0131d\u0131r; sadece istismar alanlar\u0131 ve kendilerine verilen rol icab\u0131, <span style=\"font-size: 14pt;\">TARZ<\/span>\u2019lar\u0131 ve TAVIR\u2019lar\u0131 farkl\u0131d\u0131r. Elbette b\u00fct\u00fcn bunlar\u0131 birbirinden tamamen ba\u011f\u0131ms\u0131z ve alakas\u0131z sanmak yanl\u0131\u015ft\u0131r. Ama imani taraf\u0131m\u0131z insani tavr\u0131m\u0131za ve vicdani tarz\u0131m\u0131za engel olmamal\u0131d\u0131r.<\/span><\/b><\/p>\n<p style=\"margin-bottom: 0.0001pt; text-align: justify; text-indent: 14.2pt; line-height: normal;\"><b><span style=\"font-size: 12pt; font-family: 'Arial',sans-serif;\">\u0130nsanlar\u0131n Taraf\u0131 (saf\u0131), Tarz\u0131 ve Tavr\u0131, \u015fu kaynaklardan beslenip olgunla\u015f\u0131yordu:<\/span><\/b><\/p>\n<p style=\"margin-bottom: 0.0001pt; text-align: justify; text-indent: 14.2pt; line-height: normal;\"><b><span style=\"font-size: 12pt; font-family: 'Arial',sans-serif;\">\u0130nsanlar\u0131n taraf\u0131: ki\u015finin inanc\u0131yla ve hayata bak\u0131\u015f a\u00e7\u0131s\u0131yla; tarz\u0131: f\u0131trat\u0131 (yarat\u0131l\u0131\u015f\u0131yla), yeti\u015fme ve e\u011fitilme a\u015famalar\u0131yla; tavr\u0131 ise: onun ahlak\u0131yla ve insani yakla\u015f\u0131m\u0131yla alakal\u0131d\u0131r.<\/span><\/b><\/p>\n<p style=\"margin-bottom: 0.0001pt; text-align: justify; text-indent: 14.2pt; line-height: normal;\"><b><span style=\"font-size: 12pt; font-family: 'Arial',sans-serif;\">\u0130nsanlar\u0131n taraf\u0131, ideolojik hedefleriyle; tarz\u0131, psikolojik perspektifiyle; tavr\u0131 ise sosyolojik prensibiyle ilgili bir olgu say\u0131lmaktad\u0131r.<\/span><\/b><\/p>\n<p style=\"margin-bottom: 0.0001pt; text-align: justify; text-indent: 14.2pt; line-height: normal;\"><b><span style=\"font-size: 12pt; font-family: 'Arial',sans-serif;\">\u0130nsanlar\u0131n taraf\u0131, temel de\u011ferlerini; tarz\u0131, \u00f6zel karakterini; tavr\u0131 ise genel terbiyesini yans\u0131t\u0131r.<\/span><\/b><\/p>\n<p style=\"margin-bottom: 0.0001pt; text-align: justify; text-indent: 14.2pt; line-height: normal;\"><b><span style=\"font-size: 12pt; font-family: 'Arial',sans-serif;\">\u0130nsanlar\u0131n taraf\u0131, iman ayar\u0131yla; tarz\u0131, kafa yap\u0131s\u0131yla; tavr\u0131 ise vicdani duyarl\u0131l\u0131\u011f\u0131yla ortaya \u00e7\u0131kmaktad\u0131r. <\/span><\/b><\/p>\n<p style=\"margin-bottom: 0.0001pt; text-align: justify; text-indent: 14.2pt; line-height: normal;\"><b><span style=\"font-size: 12pt; font-family: 'Arial',sans-serif;\">Evet, insanlar\u0131n taraf\u0131n\u0131n itikat ve iz\u2019an\u0131yla; tarz\u0131n\u0131n ilim ve irfan\u0131yla; tavr\u0131n\u0131n ise ihsan ve insaf\u0131yla \u015fekillendi\u011fi bir vak\u0131ad\u0131r.<\/span><\/b><\/p>\n<p style=\"margin-bottom: 0.0001pt; text-align: justify; text-indent: 14.2pt; line-height: normal;\"><b><span style=\"font-size: 12pt; font-family: 'Arial',sans-serif;\">\u00d6z k\u0131z karde\u015fine hatta kendi annesine tecav\u00fcz ettikten sonra \u00f6ld\u00fcrmelerin ba\u015flad\u0131\u011f\u0131, ensest cinsi sap\u0131klar\u0131n yayg\u0131nla\u015ft\u0131\u011f\u0131, milyonluk r\u00fc\u015fvetler al\u0131p vermeye ve devlet mal\u0131n\u0131 zimmetine ge\u00e7irme\u011fe fetvalar\u0131n al\u0131nd\u0131\u011f\u0131, Milli duyarl\u0131l\u0131klar\u0131n ve manevi sorumluluklar\u0131n h\u0131zla erozyona u\u011frad\u0131\u011f\u0131, kas\u0131tl\u0131 olarak kampla\u015ft\u0131r\u0131l\u0131p kutupla\u015ft\u0131r\u0131lan toplumun korkun\u00e7 bir kaos ve kap\u0131\u015fma ortam\u0131na haz\u0131rland\u0131\u011f\u0131, g\u00fcn\u00fc kurtarmak i\u00e7in topraklar\u0131m\u0131z\u0131n, fabrikalar\u0131m\u0131z\u0131n, limanlar\u0131m\u0131z\u0131n yabanc\u0131lara sat\u0131ld\u0131\u011f\u0131 bir T\u00fcrkiye, i\u015fte bu erdemsiz ve edepsiz tav\u0131rlar\u0131n ac\u0131 sonu\u00e7lar\u0131d\u0131r.<\/span><\/b><\/p>\n<p style=\"margin-bottom: 0.0001pt; text-align: justify; text-indent: 14.2pt; line-height: normal;\"><b><span style=\"font-size: 12pt; font-family: 'Arial',sans-serif;\">AKP g\u00fcn\u00fc kurtar\u0131yor, ama gelece\u011fimizi karart\u0131yordu!<\/span><\/b><\/p>\n<p style=\"margin-bottom: 0.0001pt; text-align: justify; text-indent: 14.2pt; line-height: normal;\"><b><span style=\"font-size: 12pt; font-family: 'Arial',sans-serif;\">Evet, AKP iktidarlar\u0131 d\u00f6neminde, duble yolarla \u015fehirleraras\u0131 trafik olduk\u00e7a rahatlam\u0131\u015ft\u0131\u2026 TOK\u0130\u2019lerle halk\u0131m\u0131z\u0131n konut ihtiyac\u0131 \u00f6nemli \u00f6l\u00e7\u00fcde kar\u015f\u0131lanm\u0131\u015ft\u0131\u2026 Hastane ve sa\u011fl\u0131k hizmetleri kolayla\u015f\u0131p yayg\u0131nla\u015fm\u0131\u015ft\u0131\u2026 Pek \u00e7ok ilimize havaalanlar\u0131 yap\u0131l\u0131p ula\u015f\u0131m \u00e7abukla\u015fm\u0131\u015ft\u0131\u2026 E\u011fitimde imk\u00e2n ve f\u0131rsatlar art\u0131r\u0131l\u0131p yeni \u00fcniversiteler a\u00e7\u0131lm\u0131\u015ft\u0131\u2026 Keyfi ba\u015f\u00f6rt\u00fcs\u00fc yasa\u011f\u0131 pek \u00e7ok resmi kurumda kald\u0131r\u0131l\u0131p birtak\u0131m temel haklar sa\u011flanm\u0131\u015ft\u0131\u2026 Sosyal yard\u0131mlarla bir\u00e7ok ma\u011fdur aileye el at\u0131lm\u0131\u015ft\u0131\u2026 Ancaaak\u2026 B\u00fct\u00fcn bunlar, kanser t\u00fcm\u00f6rleri b\u00fct\u00fcn i\u00e7 organlar\u0131n\u0131 sararken ve kan damarlar\u0131 kangrenle\u015firken, hastan\u0131n a\u011fr\u0131-s\u0131z\u0131lar\u0131n\u0131 dindiren uyu\u015fturucular verilerek, y\u00fcz\u00fcne estetik yap\u0131p pudra s\u00fcrmekten ve g\u00fczel elbiseler giydirip s\u00fcslemekten farks\u0131zd\u0131!.<\/span><\/b><\/p>\n<p style=\"margin-bottom: 0.0001pt; text-align: justify; text-indent: 14.2pt; line-height: normal;\"><b><span style=\"font-size: 12pt; font-family: 'Arial',sans-serif;\">Barzani\u2019nin hat\u0131r\u0131, Ba\u015fbakan\u2019\u0131n inat kat\u0131r\u0131n\u0131 bast\u0131r\u0131yordu!<\/span><\/b><\/p>\n<p style=\"margin-bottom: 0.0001pt; text-align: justify; text-indent: 14.2pt; line-height: normal;\"><b><span style=\"font-size: 12pt; font-family: 'Arial',sans-serif;\">06.03.2014 ATV\u2019de canl\u0131 yay\u0131na kat\u0131lan Ba\u015fbakan\u2019a Mehmet Barlas soruyordu: <\/span><\/b><\/p>\n<p style=\"margin-bottom: 0.0001pt; text-align: justify; text-indent: 14.2pt; line-height: normal;\"><b><span style=\"font-size: 12pt; font-family: 'Arial',sans-serif;\">&#8211; Mustafa Ko\u00e7 sizden randevu istiyor, ancak vermiyordunuz. Sonra araya \u00e7ok hat\u0131rl\u0131 birini soktu ve randevu verdiniz. Bu hat\u0131rl\u0131 ki\u015fi kimdir?<\/span><\/b><\/p>\n<p style=\"margin-bottom: 0.0001pt; text-align: justify; text-indent: 14.2pt; line-height: normal;\"><b><span style=\"font-size: 12pt; font-family: 'Arial',sans-serif;\">Ba\u015fbakan Erdo\u011fan:<\/span><\/b><\/p>\n<p style=\"margin-bottom: 0.0001pt; text-align: justify; text-indent: 14.2pt; line-height: normal;\"><b><span style=\"font-size: 12pt; font-family: 'Arial',sans-serif;\">&#8211; Evet, Mustafa ve Ali Ko\u00e7, abi karde\u015f geldiler, konu\u015ftuk ve g\u00f6r\u00fc\u015ft\u00fck, ama araya soktuklar\u0131 ki\u015fiyi bana sormay\u0131n!<\/span><\/b><\/p>\n<p style=\"margin-bottom: 0.0001pt; text-align: justify; text-indent: 14.2pt; line-height: normal;\"><b><span style=\"font-size: 12pt; font-family: 'Arial',sans-serif;\">Mehmet Barlas:<\/span><\/b><\/p>\n<p style=\"margin-bottom: 0.0001pt; text-align: justify; text-indent: 14.2pt; line-height: normal;\"><span style=\"font-size: 12pt; font-family: 'Arial',sans-serif;\">-Biz s\u00f6yleyebilir miyiz? \u00c7\u00fcnk\u00fc haber de\u011feri var!<\/span><\/p>\n<p style=\"margin-bottom: 0.0001pt; text-align: justify; text-indent: 14.2pt; line-height: normal;\"><span style=\"font-size: 12pt; font-family: 'Arial',sans-serif;\">-Tabii, buyurun s\u00f6yleyin\u2026<\/span><\/p>\n<p style=\"margin-bottom: 0.0001pt; text-align: justify; text-indent: 14.2pt; line-height: normal;\"><span style=\"font-size: 12pt; font-family: 'Arial',sans-serif;\">-Mesut Barzani!<\/span><\/p>\n<p style=\"margin-bottom: 0.0001pt; text-align: justify; text-indent: 14.2pt; line-height: normal;\"><span style=\"font-size: 12pt; font-family: 'Arial',sans-serif;\">-Evet, Ko\u00e7 \u015firketi Kuzey Irak\u2019ta yat\u0131r\u0131m yap\u0131yor. O yat\u0131r\u0131m hakk\u0131nda g\u00f6r\u00fc\u015ft\u00fck\u2026<\/span><\/p>\n<p style=\"margin-bottom: 0.0001pt; text-align: justify; text-indent: 14.2pt; line-height: normal;\"><span style=\"font-size: 12pt; font-family: 'Arial',sans-serif;\">-Peki, Ayd\u0131n Do\u011fan\u2019a da randevu vermiyordunuz, e\u011fer Barzani\u2019yi devreye soksa verir misiniz?<\/span><\/p>\n<p style=\"margin-bottom: 0.0001pt; text-align: justify; text-indent: 14.2pt; line-height: normal;\"><b><span style=\"font-size: 12pt; font-family: 'Arial',sans-serif;\">Ba\u015fbakan:<\/span><\/b><\/p>\n<p style=\"margin-bottom: 0.0001pt; text-align: justify; text-indent: 14.2pt; line-height: normal;\"><b><span style=\"font-size: 12pt; font-family: 'Arial',sans-serif;\">&#8211; <\/span><\/b><b><span style=\"font-size: 12pt; font-family: 'Arial',sans-serif;\">Hay\u0131r, O\u2019nun daha b\u00fcy\u00fck bir arac\u0131 bulmas\u0131 laz\u0131m!\u2026<\/span><\/b><\/p>\n<p style=\"margin-bottom: 0.0001pt; text-align: justify; text-indent: 14.2pt; line-height: normal;\"><b><span style=\"font-size: 12pt; font-family: 'Arial',sans-serif;\">Evet, g\u00f6r\u00fcn\u00fc\u015fte Fetullah G\u00fclen cemaatine, yani Ba\u015fbakan\u2019\u0131n ifadesiyle \u201cParalel \u00c7ete\u201dye destek oldu\u011fu ve \u201cFaiz Lobisi\u201dne mensup bulundu\u011fu i\u00e7in zehirli oklar\u0131na hedef olan Mustafa Ko\u00e7\u2019la Sn. Erdo\u011fan, Mesut Barzani\u2019nin hat\u0131r\u0131n\u0131 k\u0131ramay\u0131p \u015firketleriyle ilgili \u00f6zel g\u00f6r\u00fc\u015fmeler yap\u0131yordu!?.. Kendi itiraf\u0131yla, ayn\u0131 t\u00fcr g\u00f6r\u00fc\u015fmeleri rakip say\u0131p sald\u0131rd\u0131\u011f\u0131 Milliyet grubunun sahibi Ayd\u0131n Do\u011fan\u2019la da yapabilece\u011fini, ancak daha hat\u0131rl\u0131 zevat\u2019\u0131n devreye girmesi gerekti\u011fini s\u00f6yl\u00fcyordu! Toplumu s\u00fcrekli \u00e7at\u0131\u015fma ve kutupla\u015fma ortam\u0131na iten ve g\u00fcya faiz lobisine haddini bildiren Recep T. Erdo\u011fan, asl\u0131nda onlarla ve Barzani gibi ortak dostlar\u0131n\u0131n arac\u0131l\u0131\u011f\u0131yla s\u00fcrekli g\u00f6r\u00fc\u015f\u00fcyordu. Yani Cemaat-H\u00fck\u00fcmet kap\u0131\u015fmas\u0131n\u0131n senaryosu bile ba\u015fkalar\u0131nca haz\u0131rlan\u0131yor, Recep Bey ve Fetullah G\u00fclen sadece rollerini oynuyordu!?<\/span><\/b><\/p>\n<p style=\"margin-bottom: 0.0001pt; text-align: justify; text-indent: 14.2pt; line-height: normal;\"><b><i><span style=\"font-size: 12pt; font-family: 'Arial',sans-serif;\">\u201c\u0130lker Ba\u015fbu\u011f\u2019un tahliyesi sembolik olarak yeni bir d\u00f6nemin ba\u015flad\u0131\u011f\u0131n\u0131n da i\u015fareti\u2026 E\u011fer AKP \u00f6n\u00fcm\u00fczdeki se\u00e7imlerde y\u00fczde 45 civar\u0131nda bir oy al\u0131rsa s\u00f6z konusu yeni d\u00f6nem ger\u00e7ek\u00e7i bir h\u00fcviyet kazanacak. Muhtemelen \u00f6n\u00fcm\u00fczdeki y\u0131la yay\u0131lan bir bi\u00e7imde b\u00fcrokrasi i\u00e7inde bir \u2018yeniden yap\u0131lanmaya\u2019 tan\u0131k olaca\u011f\u0131z ve bunun akabinde \u00e7\u00f6z\u00fcm s\u00fcrecinde daha kal\u0131c\u0131 ad\u0131mlar at\u0131lacak. H\u00fck\u00fcmet ge\u00e7mi\u015fte asker\u00ee vesayeti p\u00fcsk\u00fcrtmek i\u00e7in Hizmet Hareketi ile koalisyon yapm\u0131\u015ft\u0131. Bug\u00fcn ise yarg\u0131n\u0131n bir vesayet arac\u0131 olarak kullan\u0131lmas\u0131n\u0131 engellemek \u00fczere Cumhuriyet b\u00fcrokrasisi ile koalisyon yapmaya meylediyor. Beklenti, h\u00fck\u00fcmetin toplumsal me\u015fruiyeti per\u00e7inlemesi ile birlikte, ba\u015fta asker olmak \u00fczere b\u00fcrokrasinin de kendisini yeni duruma adapte edece\u011fi. B\u00f6ylece \u00e7\u00f6z\u00fcm s\u00fcreci K\u00fcrtler nezdinde de daha g\u00fcvenilir bir \u2018devlet\u2019 zeminine oturacak. Dolay\u0131s\u0131yla Ba\u015fbu\u011f\u2019un tahliyesinin i\u015fin \u00f6z\u00fcnde siyas\u00ee bir tasarruf oldu\u011funu s\u00f6ylemek m\u00fcmk\u00fcn\u2026 Bunun, T\u00fcrkiye\u2019deki siyas\u00ee atmosferi belirgin bir bi\u00e7imde de\u011fi\u015ftirece\u011fi a\u00e7\u0131k\u2026 Laik kesimin yeniden \u00f6zg\u00fcven kazanaca\u011f\u0131 bir d\u00f6neme girilirken, AKP ile asker aras\u0131ndaki ili\u015fkinin yumu\u015famas\u0131na da tan\u0131k olaca\u011f\u0131z\u201d<\/span><\/i><\/b>[1]<span style=\"font-size: 12pt; font-family: 'Arial',sans-serif;\"> <b>diyen Etyen Mah\u00e7upyan, Ordu\u2019ya y\u00f6nelik tahribatlar\u0131n tamire \u00e7al\u0131\u015f\u0131lmas\u0131ndan ve asker-sivil yak\u0131nla\u015fmas\u0131ndan, yoksa tedirgin mi oluyordu? Acaba bu yeni ittifaklar ve irtibatlar d\u00f6nemini kimler ba\u015flat\u0131yordu ve birbiri ard\u0131na cezaevinden \u00e7\u0131kan isimler ve bunlar\u0131n ard\u0131ndaki g\u00fc\u00e7 kimler oluyordu? \u00c7\u00fcnk\u00fc \u0130lker Ba\u015fbu\u011f ba\u015fta olmak \u00fczere pek \u00e7ok tan\u0131nm\u0131\u015f ismin tahliye edilmesi, T\u00fcrkiye\u2019de yeni bir d\u00f6nemin ba\u015flad\u0131\u011f\u0131na i\u015faret ediyordu. Tahliyeler, tahliye edilenlerden ziyade, yeni bir s\u00fcreci ba\u015flatmas\u0131 bak\u0131m\u0131ndan \u00f6nem kazan\u0131yordu. Bu tahliye zinciri, elbette \u00f6ncelikle hukukun gere\u011fi idi, \u00fcstelik \u00e7ok da ge\u00e7 kalm\u0131\u015f bir durumdu. Ancak bu tahliyelerin hukuk d\u0131\u015f\u0131nda da anlam\u0131 ve kar\u015f\u0131l\u0131\u011f\u0131 bulunuyordu.<\/b><\/span><\/p>\n<p style=\"margin-bottom: 0.0001pt; text-align: justify; text-indent: 14.2pt; line-height: normal;\"><b><span style=\"font-size: 12pt; font-family: 'Arial',sans-serif;\">Tam bu s\u0131rada MHP Grup Ba\u015fkanvekili Oktay Vural, Oslo g\u00f6r\u00fc\u015fmelerine Abdullah \u00d6calan ve Ba\u015fbakan Erdo\u011fan&#8217;\u0131n da kat\u0131ld\u0131\u011f\u0131n\u0131 ima ediyordu. Ter\u00f6rist ba\u015f\u0131 \u00d6calan&#8217;la Ba\u015fbakan Erdo\u011fan&#8217;\u0131n; &#8216;KCK Paralel Devlet&#8217; yap\u0131lanmas\u0131nda Kuzey K\u00fcrdistan&#8217;\u0131n kurulmas\u0131nda ve T\u00fcrkiye&#8217;de bir K\u00fcrdistan co\u011frafyas\u0131 olu\u015fturulmas\u0131nda anla\u015fmaya vard\u0131\u011f\u0131n\u0131 s\u00f6yleyen Vural, <i>&#8220;Bu anla\u015fma muhtemelen y\u00fcz y\u00fcze bir g\u00f6r\u00fc\u015fme neticesinde oldu\u011funa ili\u015fkin bende bir kanaat g\u00fc\u00e7l\u00fcd\u00fcr&#8221;<\/i> diyordu. <\/span><\/b><\/p>\n<p style=\"margin-bottom: 0.0001pt; text-align: justify; text-indent: 14.2pt; line-height: normal;\"><span style=\"font-size: 12pt; font-family: 'Arial',sans-serif;\">Milliyet gazetesi sahibi Erdo\u011fan Demir\u00f6ren&#8217;in \u0130mral\u0131 tutanaklar\u0131n\u0131n yay\u0131nlanmas\u0131ndan dolay\u0131 Ba\u015fbakan Erdo\u011fan taraf\u0131ndan azarland\u0131\u011f\u0131n\u0131 ifade eden Vural, \u00d6calan&#8217;\u0131n Erdo\u011fan&#8217;\u0131n koruma ve kollamas\u0131 alt\u0131nda oldu\u011funu vurguluyordu. Oslo&#8217;daki m\u00fczakereler s\u0131ras\u0131nda Ba\u015fbakan&#8217;\u0131n \u00d6calan&#8217;la irtibata ge\u00e7mesinin yad\u0131rganacak bir husus olmad\u0131\u011f\u0131n\u0131 belirten Vural, <b><i>&#8220;Ba\u015fbakan Erdo\u011fan\u2019\u0131n yol arkada\u015f\u0131n\u0131n \u00d6calan oldu\u011fu gayet a\u00e7\u0131k ve net ortadad\u0131r. B\u00f6yle bir foto\u011fraf oldu\u011funu biliyoruz. Foto\u011fraf\u0131n \u00f6tesinde bir harita \u00fczerinde anla\u015ft\u0131klar\u0131n\u0131 biliyoruz. Bu haritay\u0131 da me\u015frula\u015ft\u0131rmak i\u00e7in ad\u0131m atacaklar\u0131n\u0131 s\u00f6yl\u00fcyorlar.&#8221;<\/i><\/b> diyordu.<\/span><\/p>\n<p style=\"margin-bottom: 0.0001pt; text-align: justify; text-indent: 14.2pt; line-height: normal;\"><b><i><span style=\"font-size: 12pt; font-family: 'Arial',sans-serif;\">\u201c17 Aral\u0131k\u2019tan beri taraflar kendisini hakl\u0131, kar\u015f\u0131s\u0131ndakini haks\u0131z say\u0131yor. \u0130ki taraf\u0131n da s\u00fcre\u00e7 i\u00e7erisinde kar\u015f\u0131s\u0131ndakinin haks\u0131z oldu\u011funu ispatlamak i\u00e7in kullanabilece\u011fi epey malzeme birikti. Taraflar\u0131n her durumda deste\u011fe haz\u0131r g\u00fc\u00e7leri var ve o g\u00fc\u00e7ler kar\u015f\u0131 taraf\u0131 \u2018bitirme\u2019 \u00fczerine kurulu bir stratejinin par\u00e7as\u0131 oluyor. Ge\u00e7mi\u015fte, \u015fimdi birbirine kar\u015f\u0131 sava\u015fan taraflar\u0131 bir arada \u2018bitirmeyi\u2019 \u00f6ng\u00f6ren askerlerce haz\u0131rlanm\u0131\u015f bir plan kamuoyu bilgisi d\u00e2hiline girdi\u011finde, ikisi birden, buna ola\u011fan\u00fcst\u00fc tepki g\u00f6stermi\u015f, o tepki y\u00fcz\u00fcnden plan\u0131 haz\u0131rlayanlar ink\u00e2r yoluna sapm\u0131\u015flard\u0131. Oysa (askerlerin haz\u0131rlad\u0131\u011f\u0131) o plan\u0131n \u2018ger\u00e7ekli\u011fi\u2019 bug\u00fcn her zamankinden daha fazla kendini belli ediyor: \u0130ki taraf\u0131 bitirmeyle sonu\u00e7lanabilecek bir plan \u015fu anda y\u00fcr\u00fct\u00fcl\u00fcyor. En b\u00fcy\u00fck kavgalar\u0131 bu y\u00fczy\u0131lda \u2018d\u00fcnya sava\u015f\u0131\u2019 olarak ya\u015fad\u0131 insanl\u0131k; sava\u015f\u0131 ba\u015flatan \u00fclkelerin (tamam\u0131 zararla bitirmi\u015ftir.) \u0130ki d\u00fcnya sava\u015f\u0131n\u0131n tek galibi, her iki sava\u015fa da sonradan kat\u0131lan \u00fclkedir: ABD&#8230; ABD\u2019nin 11 Eyl\u00fcl (2001) sonras\u0131nda kendisini taraf etti\u011fi sava\u015flardan sonra eski g\u00fcc\u00fcnde oldu\u011fu iddia edilebilir mi peki? <\/span><\/i><\/b><\/p>\n<p style=\"margin-bottom: 0.0001pt; text-align: justify; text-indent: 14.2pt; line-height: normal;\"><b><i><span style=\"font-size: 12pt; font-family: 'Arial',sans-serif;\">Sava\u015flar, kavgalar \u00fclkeleri ve insanlar\u0131 bitirmiyor, bitirmekten beter ediyor, t\u00fcketiyor&#8230; Kimin hakl\u0131 oldu\u011fu bir s\u00fcre sonra art\u0131k \u00f6nem ta\u015f\u0131maktan uzakla\u015f\u0131yor. Ba\u015flarda bir tarafa hak verenlerden ilerleyen d\u00f6nemlerde saf de\u011fi\u015ftirenler \u00e7\u0131kabiliyor. Saf de\u011fi\u015ftirmese de kanaat de\u011fi\u015ftiren \u00e7o\u011fal\u0131yor; dizlerini d\u00f6venler, \u201cElim k\u0131r\u0131lsayd\u0131\u201d noktas\u0131na gelenler ise g\u0131rla gidiyor. Kavga devam ederken taraflar bileniyor ve birbirinin y\u00fcz\u00fcne bakamayacak hale geliyorlar&#8230; Diyelim biri sonunda kazand\u0131 ve di\u011ferini \u2018bitirdi\u2019. Kim kazan\u00e7l\u0131 \u00e7\u0131kacak bu durumdan? Biri kazan\u0131rsa, i\u00e7eride geni\u015f y\u0131\u011f\u0131nlara ula\u015fmas\u0131nda ve d\u00fcnyaya a\u00e7\u0131lmas\u0131nda hep yan\u0131nda buldu\u011fu en b\u00fcy\u00fck destek\u00e7isini kendi eliyle \u00f6ld\u00fcrm\u00fc\u015f olacak; di\u011feri kazan\u0131rsa, \u00fclkesinin \u2018erdemli g\u00fc\u00e7\u2019 bilinmesinde en \u00f6nemli bayrak ta\u015f\u0131y\u0131c\u0131dan (Erdo\u011fan\u2019dan) mahrum kalacak&#8230; Hi\u00e7bir sava\u015f veya kavga ebediyyen s\u00fcrm\u00fcyor; bir g\u00fcn geliyor, sava\u015flar da bitiyor&#8230; (ama taraflar\u0131 da bitiriyor!?)<\/span><\/i><\/b>[2]<span style=\"font-size: 12pt; font-family: 'Arial',sans-serif;\"> diye uyaran ve ac\u0131 ak\u0131betin fark\u0131na varan yanda\u015f yazarlar\u0131n feryad\u0131 bile art\u0131k duyulmuyordu. Fehmi Koru b\u00f6ylece <b><i>\u201cH\u00fck\u00fcmet ve Cemaat\u2019in TSK\u2019y\u0131 sindirmek \u00fczere bir araya getirildi\u011fini\u201d<\/i><\/b> de itiraf ediyordu.<\/span><\/p>\n<p style=\"margin-bottom: 0.0001pt; text-align: justify; text-indent: 14.2pt; line-height: normal;\"><span style=\"font-size: 14pt;\"><b><span style=\"font-family: 'Arial',sans-serif;\">Parti-Cemaat \u00e7at\u0131\u015f\u0131rken, devlet \u00e7\u00f6k\u00fcyordu!<\/span><\/b><\/span><\/p>\n<p style=\"margin-bottom: 0.0001pt; text-align: justify; text-indent: 14.2pt; line-height: normal;\"><b><span style=\"font-size: 12pt; font-family: 'Arial',sans-serif;\">\u00dclkemizde \u201cse\u00e7im\u201dler yakla\u015f\u0131yor, ama program ve projelerden ziyade \u201c\u00e7at\u0131\u015fmalar\u201d, \u201csu\u00e7lamalar\u201d ve \u201coperasyonlar\u201d konu\u015fuluyordu. Bu durumda \u00fclkemizde siyaset y\u0131pran\u0131yor, siyasiler y\u0131pran\u0131yor, partiler y\u0131pran\u0131yor, sosyal yap\u0131 y\u0131pran\u0131yor, milli yap\u0131 derinden \u00e7at\u0131rd\u0131yor, k\u0131saca devletimiz \u00e7\u00f6k\u00fc\u015fe s\u00fcr\u00fckleniyordu. Askeriye zaten yeterince y\u0131pranm\u0131\u015f ve h\u0131rpalanm\u0131\u015ft\u0131, \u015fimdi e\u011fitim y\u0131pran\u0131yor, emniyet y\u0131pran\u0131yor, yarg\u0131 y\u0131pran\u0131yor yani devletimizin b\u00fct\u00fcn temel yap\u0131lar\u0131 tahrip ediliyordu. Evet, Parti-Cemaat, AKP-Camia, H\u00fck\u00fcmet-Hizmet \u00e7at\u0131\u015f\u0131yordu. T\u00fcrkiye zarar g\u00f6r\u00fcyor, siyasi ve sosyal yap\u0131m\u0131z erozyona u\u011fruyor, devletimiz sars\u0131l\u0131yordu. Neden b\u00f6yle oluyor, b\u00fct\u00fcn bunlar ne anlama geliyordu?<\/span><\/b><\/p>\n<p style=\"margin-bottom: 0.0001pt; text-align: justify; text-indent: 14.2pt; line-height: normal;\"><span style=\"font-size: 12pt; font-family: 'Arial',sans-serif;\">Cumhuriyet kuruldu\u011fundan beri yolsuzluklara ve \u00f6zellikle Sabataist-Masonik kesimin vurgun ve soygunlar\u0131na g\u00f6z yumuluyordu. 1950\u2019lerden itibaren ise maalesef iktidarlar yolsuzluklara ortak olmaya ba\u015fl\u0131yordu. Bug\u00fcn s\u00f6ylenenlerin hepsi veya b\u00fcy\u00fck bir ekseriyeti maalesef do\u011fruydu. Cemaat bug\u00fcn \u00e7ok b\u00fcy\u00fck bir servete, \u00e7ok b\u00fcy\u00fck organize ve uluslararas\u0131 deste\u011fe sahiptir; bu kadar b\u00fcy\u00fck serveti nereden buldu, bu imk\u00e2nlara ve deste\u011fe nas\u0131l kavu\u015ftu, Siyonist sermayenin ve Yahudi Lobilerinin Cemaat\u2019i sahiplenmesi, neyi ama\u00e7l\u0131yordu ve Cemaat din-iman hizmeti k\u0131l\u0131f\u0131yla bu g\u00e2vurlar\u0131n hangi i\u015flerini kolayla\u015ft\u0131r\u0131yordu? Demirel ve \u00d6zal ba\u015fta olmak \u00fczere, Masonik iktidarlar ve baz\u0131 odaklar \u201canla\u015fmal\u0131\u201d olarak bunlar\u0131 neden destekliyordu? Ba\u015fbakan Erdo\u011fan bile <b><i>\u201cNe istediler de vermedik?\u201d<\/i><\/b> diyordu! Ko\u00e7\u2019lar ve di\u011ferleri bile son zamanlarda \u201csponsor\u201d oluyor, arka \u00e7\u0131k\u0131yordu! A\u00e7\u0131k\u00e7a ifade edelim; Tanzimat\u2019tan beri Masonlar da devlet\u00e7e destekleniyordu! Mevcut d\u00fczen; yani bu <b>\u201cZul\u00fcm-Zina-R\u00fc\u015fvet-Kay\u0131rma-\u0130ltimas-Faiz D\u00fczeni\u201d<\/b> i\u015fte bu \u201ck\u0131s\u0131r d\u00f6ng\u00fc\u201d ve \u201cdeh\u015fet dengesi\u201d \u00fczerine kurulmu\u015f bulunuyordu. Bu \u201cvah\u015fi, zalim, faizci ve zinac\u0131 d\u00fczenin\u201d gereklerini yapmayanlar; Erbakan gibi birka\u00e7 ayda iktidardan indiriliyordu!? AKP on iki seneden beri iktidarda \u201csadece faizci s\u00f6m\u00fcr\u00fc sermayesine <b>her sene 40-50 milyar faiz <\/b>\u00f6dedi\u011fi i\u00e7in\u201d kalabiliyordu, yani \u00e7alanlar\u0131n i\u015fini kolayla\u015ft\u0131rd\u0131\u011f\u0131 i\u00e7in orada oturabiliyordu! Tek \u00e7are \u201cyeni bir anayasa\u201dd\u0131r; <b>\u201cAdil D\u00fczen\u2019e G\u00f6re \u0130nsanl\u0131k Anayasas\u0131\u201d<\/b>d\u0131r.\u201d[3] Ve <b>\u201cMilli \u00c7\u00f6z\u00fcm-Milli Onar\u0131m \u0130ktidar\u0131\u201d<\/b>d\u0131r!<\/span><\/p>\n<p style=\"margin-bottom: 0.0001pt; text-align: justify; text-indent: 14.2pt; line-height: normal;\"><b><i><span style=\"font-size: 12pt; font-family: 'Arial',sans-serif;\">\u201cHrant Dink\u2019in cenazesine de Berkin Elvan\u2019\u0131n cenazesine de y\u00fcz binler kat\u0131l\u0131yordu. Asl\u0131nda sadece cenazeleri de\u011fil benze\u015fen: \u0130kisi de bu \u00fclkenin itilip kak\u0131lan kesimlerinden geliyor: Hrant Ermeni, Berkin ise Alevi oluyordu. \u0130kisinin de \u00f6l\u00fcm\u00fcnden birinci derecede devlet sorumluydu. Ve ikisinin de katilleri devlet taraf\u0131ndan korunuyordu\u201d<\/span><\/i><\/b>[4]<span style=\"font-size: 12pt; font-family: 'Arial',sans-serif;\"> <b>diyen Ru\u015fen \u00c7ak\u0131r niye h\u00fck\u00fcmeti su\u00e7lamaya ve halk\u0131 devlete kar\u015f\u0131 k\u0131\u015fk\u0131rtmaya ba\u015fl\u0131yordu?<\/b><\/span><\/p>\n<p style=\"margin-bottom: 0.0001pt; text-align: justify; text-indent: 14.2pt; line-height: normal;\"><b><span style=\"font-size: 12pt; font-family: 'Arial',sans-serif;\">Ve sahi Tayyip Erdo\u011fan onca \u0131srarl\u0131 \u00e7a\u011fr\u0131lara ra\u011fmen, neden Berkin ad\u0131n\u0131 a\u011fz\u0131na bile alam\u0131yordu?<\/span><\/b><\/p>\n<p style=\"margin-bottom: 0.0001pt; text-align: justify; text-indent: 14.2pt; line-height: normal;\"><b><span style=\"font-size: 12pt; font-family: 'Arial',sans-serif;\">Ve art\u0131k, bu \u00fclkede insanlar \u00f6yle \u201cSa\u011fc\u0131\u2013Solcu, Dindar-Ulusalc\u0131, Alevi-S\u00fcnni\u201d diye ayr\u0131lm\u0131yor, hangi d\u00fcnya g\u00f6r\u00fc\u015f\u00fcnden olursa olsun ikiye b\u00f6l\u00fcn\u00fcyordu; Peki, bu \u00fclke nereye s\u00fcr\u00fckleniyordu?<\/span><\/b><\/p>\n<p style=\"margin-bottom: 0.0001pt; text-align: justify; text-indent: 14.2pt; line-height: normal;\"><span style=\"font-size: 12pt; font-family: 'Arial',sans-serif;\">MHP&#8217;li Oktay Vural, Erdo\u011fan ile Abdullah \u00d6calan&#8217;\u0131n y\u00fcz y\u00fcze g\u00f6r\u00fc\u015fme yapt\u0131\u011f\u0131n\u0131 ileri s\u00fcr\u00fcyor, Kemal K\u0131l\u0131\u00e7daro\u011flu ise Erdo\u011fan&#8217;\u0131n evinden, paralar\u0131n kamyonla ta\u015f\u0131nd\u0131\u011f\u0131n\u0131 belirtiyordu. Sabatayc\u0131 Nazl\u0131 Il\u0131cak: <b><i>\u201cB\u00f6yle bir g\u00f6r\u00fc\u015fme ger\u00e7ekle\u015fmi\u015f olsa dahi, bar\u0131\u015f s\u00fcreci kapsam\u0131nda bunu makul kar\u015f\u0131lamak m\u00fcmk\u00fcn\u201d<\/i><\/b> diyor, ama K\u0131l\u0131\u00e7daro\u011flu&#8217;nun s\u00f6yledikleri gibi <b><i>\u201c17 Aral\u0131k&#8217;ta Erdo\u011fan-Bilal telefon g\u00f6r\u00fc\u015fmesinden sonra, paralar kamyonla ta\u015f\u0131nm\u0131\u015fsa, ikamet edilen evlerin \u00f6n\u00fcnde bir kamyon g\u00f6r\u00fcnt\u00fcs\u00fc ortaya \u00e7\u0131karsa, bence bu \u00e7ok vahim bir durum\u201d<\/i><\/b> diye uyar\u0131yordu. Vatan gazetesi yazar\u0131 ve h\u00fck\u00fcmet yalakas\u0131 <b>H\u00fcseyin Yayman<\/b>, se\u00e7im sonras\u0131 liderlerin ak\u0131betini yaz\u0131yordu. Yayman&#8217;a g\u00f6re en rahat lider Bah\u00e7eli ve Demirta\u015f oluyordu. <b><i>\u201cErdo\u011fan&#8217;\u0131n durumu ise kazan\u0131nca \u015fekillenecek\u201d<\/i><\/b> deniyordu. K\u0131l\u0131\u00e7daro\u011flu kaybederse CHP&#8217;nin yaza do\u011fru kongreye gitmesi bekleniyordu. Peki, Cemaat\u2019in durumu ne olacakt\u0131? Yayman&#8217;a g\u00f6re onlar\u0131n durumu daha da zordu. \u00c7\u00fcnk\u00fc art\u0131k onlara selam vermeye bile korkuluyordu. Ancak Erdo\u011fan&#8217;\u0131 devirebilseler dahi, sonu\u00e7 de\u011fi\u015fmiyordu. Onlarla i\u015fbirli\u011fi yapanlar\u0131n bir sonraki hedefi Cemaat olaca\u011f\u0131na kesin g\u00f6z\u00fcyle bak\u0131l\u0131yordu.<\/span><\/p>\n<p style=\"margin-bottom: 0.0001pt; text-align: justify; text-indent: 14.2pt; line-height: normal;\"><b><i><span style=\"font-size: 12pt; font-family: 'Arial',sans-serif;\">\u201cHizmet-h\u00fck\u00fcmet gerginli\u011finde bir i\u00e7 zaaf\u0131m\u0131z\u0131 fark ettik; ahlak\u00ee olarak ciddi bir erozyona u\u011fram\u0131\u015f\u0131z, haberimiz yok. Ortada bir \u201cyolsuzluk ve r\u00fc\u015fvet\u201d oldu\u011fu apa\u00e7\u0131k; kasalar, milyon dolarlar, Euro\u2019lar, pahal\u0131 saatler, istifa ettirilen bakanlar, internete d\u00fc\u015fen ses kay\u0131tlar\u0131 vs. Birileri hala bunlar\u0131n tamam\u0131 yalan, sahte delil ve temelsiz su\u00e7lama oldu\u011funu savunuyor. Birileri de \u201cTamam da, neden \u015fimdi?\u201d diye soruyor. Bir de \u201cHerkes \u00e7al\u0131yor, hi\u00e7 de\u011filse bu adamlar i\u015f yap\u0131yor\u201d s\u0131n\u0131f\u0131nda yer alanlara rastlan\u0131yor. Son iki grupta yer alanlar yolsuzluk ve r\u00fc\u015fvetin varl\u0131\u011f\u0131n\u0131 kabul ediyorlar. Esas\u0131nda k\u00fc\u00e7\u00fck bir grup hari\u00e7 ezici \u00e7o\u011funluk yolsuzluk ve r\u00fc\u015fvetin fark\u0131ndalar. \u0130tirazlar\u0131 \u201cNeden \u015fimdi?\u201d ve \u201cHerkes \u00e7al\u0131yor, \u00e7almayan m\u0131 var?\u201d noktas\u0131nda toplan\u0131yor. \u0130\u015fte s\u00f6z konusu itirazlar\u0131 yapanlar\u0131n a\u011f\u0131rl\u0131kl\u0131 olarak \u201cdindar-muhafazak\u00e2r \u00e7evreler\u201dden olu\u015fmas\u0131 as\u0131l b\u00fcnyedeki derin \u00e7\u00fcr\u00fcmeye i\u015faret ediyor. Bir M\u00fcsl\u00fcman d\u00fc\u015f\u00fcn\u00fcn, \u201cTamam yolsuzluk var, neden \u015fimdi ortaya \u00e7\u0131kar\u0131l\u0131yor, yani tam se\u00e7im arefesinde, demek ki burada bir kas\u0131t var\u201d diyebiliyor. \u00d6n\u00fcm\u00fczde se\u00e7im oldu\u011fu do\u011fru, ama bir de\u011fil \u00fc\u00e7 se\u00e7im var: 30 Mart belediye, A\u011fustos Cumhurba\u015fkanl\u0131\u011f\u0131 ve Haziran-2015\u2019te genel milletvekili se\u00e7imleri. Bu itiraza g\u00f6re \u201csavc\u0131lar iki sene beklemelidir, aksi halde yolsuzluk dosyalar\u0131n\u0131n g\u00fcndeme gelmesi partiye zarar verecektir\u201d. Vahim olan \u015fu: \u0130tiraz edenler yolsuzluk yapanlar\u0131n fiillerini sorgulam\u0131yor.\u201d <\/span><\/i><\/b><b><span style=\"font-size: 12pt; font-family: 'Arial',sans-serif;\">diyerek \u00e7ok derin bir kangrenle\u015fmeye dikkat \u00e7eken Ali Bula\u00e7, her nedense<\/span><\/b><span style=\"font-size: 12pt; font-family: 'Arial',sans-serif;\"> <b><i>\u201cCemaat\u2019in T.C. H\u00fck\u00fcmetiyle \u00e7arp\u0131\u015facak bu g\u00fcc\u00fc ve g\u00fcvenceyi hangi d\u0131\u015f ve i\u00e7 odaklardan ald\u0131\u011f\u0131n\u0131 ve neyin kar\u015f\u0131l\u0131\u011f\u0131nda kiralan\u0131p kullan\u0131ld\u0131\u011f\u0131n\u0131?\u201d<\/i><\/b> hi\u00e7 g\u00fcndeme ta\u015f\u0131m\u0131yor ve sorgulam\u0131yordu?<\/span><\/p>\n<p style=\"margin-bottom: 0.0001pt; text-align: justify; text-indent: 14.2pt; line-height: normal;\"><span style=\"font-size: 12pt; font-family: 'Arial',sans-serif;\">S\u00f6zde hizmet cemaatine ba\u011fl\u0131 Zaman gazetesinin yazar\u0131 Kerim Balc\u0131, Filistin&#8217;deki \u00f6zg\u00fcrl\u00fck m\u00fccadelesini a\u015fa\u011f\u0131layarak, Filistin m\u00fccadelesini ter\u00f6rist eylem olarak g\u00f6steriyordu. Son d\u00f6nemde Fetullah cemaatinin anla\u015f\u0131lmaz bir \u015fekilde \u0130srail&#8217;in bas\u0131n s\u00f6zc\u00fcs\u00fc gibi hareket etmesi, Filistinlileri derinden yaral\u0131yordu. 14 Mart 2014 ak\u015fam\u0131 Samanyolu Televizyonu skandal bir habere imza at\u0131yordu: <b><i>\u201c\u0130srail Hava Kuvvetleri, Gazze&#8217;de ter\u00f6ristlere ait 7 hedefi bombalad\u0131\u201d<\/i><\/b> diye haber yap\u0131yor ve STV mazlum Filistinlilerin hakl\u0131 direni\u015fini ter\u00f6r hareketi gibi g\u00f6sterip \u0130srail\u2019e yaranmaya \u00e7al\u0131\u015f\u0131yordu. Her nedense Ali Bula\u00e7 gibi duyarl\u0131 ve tutarl\u0131(!) Cemaat yazarlar\u0131 bu duruma hi\u00e7bir tepki g\u00f6stermiyordu. <b>Zaman yazar\u0131 Ahmet Kurucan:<\/b> \u201cBenim Hocaefendinin sitemlerinden ve sat\u0131r aralar\u0131na s\u0131k\u0131\u015ft\u0131r\u0131lan c\u00fcmlelerden anlad\u0131\u011f\u0131m \u015fu ki; Hocaefendi\u2019yi bu s\u00fcre\u00e7te en \u00e7ok rahats\u0131z eden bu hakaretler kar\u015f\u0131s\u0131nda baz\u0131 dostlar\u0131n suskunlu\u011fudur. Ge\u00e7en g\u00fcn <b><i>\u201cgurbet i\u00e7re gurbet ya\u015f\u0131yorum\u201d<\/i><\/b> derken bunu kastediyordu bana g\u00f6re. <b><i>\u201cBen 60 ve 80 ihtilalini, 71 muht\u0131ras\u0131n\u0131, 28 \u015eubat postmodern darbesini, 99 Haziran f\u0131rt\u0131nas\u0131n\u0131 g\u00f6rd\u00fcm ve ya\u015fad\u0131m. Hi\u00e7bir d\u00f6nemde bu kadar hakaret i\u015fitmedim\u201d<\/i><\/b> diyordu. Nitekim \u00f6mr\u00fc boyunca Hocaefendi ve Hizmet aleyhinde yaz\u0131lar yazm\u0131\u015f olan ulusalc\u0131 Hikmet \u00c7etinkaya da ayn\u0131 tespiti yap\u0131yor. <b><i>\u201cBen G\u00fclen\u2019i hep yazd\u0131m ama hakaret etmedim. Vallahi \u015fimdi yaz\u0131lanlar kar\u015f\u0131s\u0131nda a\u011fz\u0131m a\u00e7\u0131k kal\u0131yor\u201d<\/i><\/b> \u015feklinde hayretini belirtiyordu.<\/span><\/p>\n<p style=\"margin-bottom: 0.0001pt; text-align: justify; text-indent: 14.2pt; line-height: normal;\"><b><span style=\"font-size: 12pt; font-family: 'Arial',sans-serif;\">\u0130yi de Fetullah G\u00fclen ve ekibi, CIA ve MOSSAD\u2019\u0131n hedef g\u00f6sterdi\u011fi herkesi su\u00e7layan ve karalayan itham ve iftiralar\u0131 g\u00fcndeme ta\u015f\u0131rken, kendilerinin kirli ve \u00e7etrefilli ili\u015fkilerini g\u00fcndeme getirenlere (Milli \u00c7\u00f6z\u00fcm Dergisi gibi) \u201cErgenekoncu\u201d diye sald\u0131r\u0131p, sahte belgeler d\u00fczenlerken, bu masum ve ma\u011fdur insanlar\u0131n neler \u00e7ektiklerini hala sezmi\u015f ve t\u00f6vbe etmi\u015f g\u00f6r\u00fcnm\u00fcyordu!..<\/span><\/b><\/p>\n<p style=\"margin-bottom: 0.0001pt; text-align: justify; text-indent: 14.2pt; line-height: normal;\"><b><span style=\"font-size: 12pt; font-family: 'Arial',sans-serif;\">\u0130ktidar ve Cemaat Karadelik\u2019e yakla\u015f\u0131yordu!<\/span><\/b><\/p>\n<p style=\"margin-bottom: 0.0001pt; text-align: justify; text-indent: 14.2pt; line-height: normal;\"><b><span style=\"font-size: 12pt; font-family: 'Arial',sans-serif;\">O s\u0131rada Ba\u015fbakan olan Sn. Erdo\u011fan; hidayet kararmas\u0131n\u0131n, vicdani tutars\u0131zl\u0131\u011f\u0131n ve yolsuzluklar\u0131n a\u00e7\u0131\u011fa \u00e7\u0131kmas\u0131yla k\u00f6\u015feye s\u0131k\u0131\u015ft\u0131ran hukuki ve siyasi karamsarl\u0131\u011f\u0131n neden oldu\u011fu psikolojik panik ve peri\u015fanl\u0131kla, rakip g\u00f6rd\u00fcklerine seviyesizce sata\u015fmaktayd\u0131. Kendileri ve veletleri yolsuzlu\u011fa bula\u015ft\u0131\u011f\u0131 gerek\u00e7esiyle eski bakanlar\u0131yla ilgili fezlekelerin Meclis\u2019e sunulmas\u0131 Erdo\u011fan\u2019\u0131 daha da h\u0131r\u00e7\u0131nla\u015ft\u0131rm\u0131\u015ft\u0131. Polisin biber gaz\u0131 kaps\u00fcl\u00fcyle girdi\u011fi komada bir y\u0131l sonra vefat eden 14\u2019\u00fcndeki Berkin Elvan\u2019\u0131n babas\u0131, yine sokak olaylar\u0131nda k\u00f6r bir kur\u015funa kurban giden Burak Can\u2019\u0131n babas\u0131n\u0131 aray\u0131p ba\u015fsa\u011fl\u0131\u011f\u0131 diledi\u011fi halde, Ba\u015fbakan hala k\u0131\u015fk\u0131rtma, hakaret ya\u011fd\u0131rma ve kalabal\u0131klara yuhalatma sorumsuzlu\u011fundayd\u0131. Ba\u015fbakan\u0131n bu tarz\u0131yla Mavi Marmara katliam\u0131nda \u0130srail deniz komandolar\u0131n\u0131 hakl\u0131 \u00e7\u0131karan Fetullah Hoca\u2019n\u0131n tarz\u0131 aras\u0131nda ne fark vard\u0131? <\/span><\/b><\/p>\n<p style=\"margin-bottom: 0.0001pt; text-align: justify; text-indent: 14.2pt; line-height: normal;\"><b><i><span style=\"font-size: 12pt; font-family: 'Arial',sans-serif;\">\u201cT\u00fcrkiye\u2019nin en b\u00fcy\u00fck sorunu ne K\u00fcrt sorunudur ne de ba\u015fka bir meseledir. T\u00fcrkiye\u2019yi yiyip bitiren, kemiren sorunun ad\u0131 \u2018derin devlet\u2019tir. \u2018Derin devleti\u2019 Bat\u0131 demokrasilerindeki \u2018gizli devlet\u2019le, yani istihbarat topluluklar\u0131yla kar\u0131\u015ft\u0131rmamak gerekir. Bahsi ge\u00e7en \u00fclkelerde istihbarat birimleri, yasalar ve gelenekler ile se\u00e7imle gelen sivil h\u00fck\u00fcmetlere ba\u011fl\u0131d\u0131rlar ve Meclis ile yarg\u0131n\u0131n denetimine tabidir. Kanunlarla ba\u011fl\u0131 olmamas\u0131 nedeniyle, s\u00f6z konusu yap\u0131 \u00fcyelerinin bireysel \u00e7\u0131karlar\u0131n\u0131 her zaman \u00f6n planda g\u00f6zetmi\u015ftir. Hal b\u00f6yle olunca, i\u00e7eride laikli\u011fi kurtarmak veya s\u00f6zde sak\u0131ncal\u0131 bir lideri engellemek ad\u0131na d\u0131\u015f g\u00fc\u00e7lerle ittifaklara giri\u015filmi\u015f veya para vs. kar\u015f\u0131l\u0131\u011f\u0131nda devletin s\u0131rlar\u0131\/\u00e7\u0131karlar\u0131 d\u0131\u015far\u0131ya pe\u015fke\u015f \u00e7ekilmi\u015ftir. T\u00fcm bunlara ek olarak, \u00e7ok uzak devletlerden kom\u015fular\u0131m\u0131za kadar pek \u00e7ok devlet \u00fclkemizde s\u0131zma operasyonlar\u0131 ger\u00e7ekle\u015ftirmi\u015f ve bunda b\u00fcy\u00fck ba\u015far\u0131lar da elde edilmi\u015ftir\u201d<\/span><\/i><\/b>[5]<span style=\"font-size: 12pt; font-family: 'Arial',sans-serif;\"> <b>diyerek Fetullah cemaatini d\u0131\u015f g\u00fc\u00e7lerle i\u015fbirli\u011fi yapan \u201cDerin Kirli Devlet\u201d olarak tan\u0131tan Star yazar\u0131 ve Erdo\u011fan yalakas\u0131 Sedat La\u00e7iner bize <i>&#8220;Benim annem senin anneni Genel Lobi\u2019de g\u00f6rm\u00fc\u015f!.. E, sa\u011flam bir papu\u00e7sa senin annen orada ne ar\u0131yormu\u015f?..\u201d<\/i> f\u0131kras\u0131n\u0131 hat\u0131rlatm\u0131\u015ft\u0131.. Yoksa Sn. Erdo\u011fan, d\u0131\u015f g\u00fc\u00e7lerin beyni olan Yahudi Lobilerince boynuna as\u0131lan cesaret madalyalar\u0131n\u0131 geri vermi\u015fti de bizim mi haberimiz olmam\u0131\u015ft\u0131?<\/b><\/span><\/p>\n<p style=\"margin-bottom: 0.0001pt; text-align: justify; text-indent: 14.2pt; line-height: normal;\"><b><span style=\"font-size: 12pt; font-family: 'Arial',sans-serif;\">Oysa ne Cemaat ne AKP, kaderin mekrinden-kumpas\u0131ndan ve ilahi intikamdan asla kurtulamayacaklard\u0131. Erbakan\u2019\u0131n \u015fahs\u0131nda \u0130slam davas\u0131na ve \u201cLider \u00dclke T\u00fcrkiye\u201d sevdas\u0131na h\u0131yanet kar\u015f\u0131l\u0131\u011f\u0131, malum ve melun odaklarca parlat\u0131l\u0131p iktidara ta\u015f\u0131nan bu suni ve sahte y\u0131ld\u0131z gruplar\u0131, yak\u0131nda kaderin Karadeliklerine yakalan\u0131p yutulacakt\u0131!.. Biliyorsunuz, Karadelikler; evrendeki \u201cy\u0131ld\u0131z tuzaklar\u0131\u201d ve en karanl\u0131k kudret u\u00e7urumlar\u0131yd\u0131. Bir y\u0131ld\u0131z\u0131n, bu Karadeliklerin \u00e7ekim kuvvetinden kurtulmas\u0131 i\u00e7in saniyede 300 bin km. s\u00fcrati, yani \u0131\u015f\u0131k h\u0131z\u0131n\u0131 a\u015fmas\u0131 laz\u0131md\u0131. Bu Karadeliklerin i\u00e7 ve d\u0131\u015f s\u0131n\u0131r\u0131n\u0131 ay\u0131ran \u00e7izgi <i>\u201colay ufku\u201d<\/i> tabir olunmaktayd\u0131. \u0130\u015fte AKP ve Cemaat bu \u201colay ufkuna\u201d h\u0131zla yakla\u015fmaktayd\u0131. Daha \u00f6nce Adalet Partisi ve Anavatan Partisi\u2019nin ak\u0131betleri \u015fimdi AKP\u2019yi bekliyordu.<\/span><\/b><\/p>\n<p>&nbsp;<\/p>\n<hr \/>\n<p style=\"margin-bottom: 0.0001pt; text-align: justify; line-height: normal;\"><a id=\"ftn1\" style=\"vertical-align: super;\" href=\"#ftnref1\">[1]<\/a><span style=\"font-size: 9pt; font-family: 'Arial',sans-serif;\"> 13.03.2014<\/span><\/p>\n<p style=\"margin-bottom: 0.0001pt; text-align: justify; line-height: normal;\"><a id=\"ftn2\" style=\"vertical-align: super;\" href=\"#ftnref2\">[2]<\/a><span style=\"font-size: 9pt; font-family: 'Arial',sans-serif;\"> 15.03.2014, Star<\/span><\/p>\n<p style=\"margin-bottom: 0.0001pt; text-align: justify; line-height: normal;\"><a id=\"ftn3\" style=\"vertical-align: super;\" href=\"#ftnref3\">[3]<\/a><span style=\"font-size: 9pt; font-family: 'Arial',sans-serif;\"> R. Nuri Erol, Milli Gazete<\/span><\/p>\n<p style=\"margin-bottom: 0.0001pt; text-align: justify; line-height: normal;\"><a id=\"ftn4\" style=\"vertical-align: super;\" href=\"#ftnref4\">[4]<\/a><span style=\"font-size: 9pt; font-family: 'Arial',sans-serif;\"> 13.03.2014, Vatan <\/span><\/p>\n<p style=\"margin-bottom: 0.0001pt; text-align: justify; line-height: normal;\"><a id=\"ftn5\" style=\"vertical-align: super;\" href=\"#ftnref5\">[5]<\/a><span style=\"font-size: 9pt; font-family: 'Arial',sans-serif;\"> 16 Mart 2014, Star<\/span><\/p>\n","protected":false},"excerpt":{"rendered":"<p>&nbsp; H\u00fck\u00fcmetle Cemaat aras\u0131ndaki seviyesiz ve sayg\u0131s\u0131z \u00e7at\u0131\u015fmay\u0131 bir hay\u0131r ve hizmet yar\u0131\u015f\u0131 veya Hak Bat\u0131l sava\u015f\u0131 sanmak, ger\u00e7e\u011fi saklamak ve sapt\u0131rmakt\u0131r. (\u0130yi niyetle AKP\u2019ye oy veren kitleleri H\u00fck\u00fcmet\u2019in kurmay kadrosundan ve Cemaat\u2019in istikametli talebe ve takip\u00e7ilerini CIA-MOSSAD ma\u015fas\u0131 \u00fcst kademe tak\u0131m\u0131ndan kesinlikle ay\u0131rarak s\u00f6yl\u00fcyorum ki) Bu kahpe kavgay\u0131, paralel \u00e7ete olu\u015fumlar\u0131yla, me\u015fru devlet kurumlar\u0131n\u0131n, [&hellip;]<\/p>\n","protected":false},"author":8,"featured_media":0,"comment_status":"open","ping_status":"closed","sticky":false,"template":"","format":"standard","meta":{"footnotes":""},"categories":[174],"tags":[],"class_list":["post-3178","post","type-post","status-publish","format-standard","hentry","category-mart-2015"],"_links":{"self":[{"href":"https:\/\/www.millicozum.com\/mc\/wp-json\/wp\/v2\/posts\/3178","targetHints":{"allow":["GET"]}}],"collection":[{"href":"https:\/\/www.millicozum.com\/mc\/wp-json\/wp\/v2\/posts"}],"about":[{"href":"https:\/\/www.millicozum.com\/mc\/wp-json\/wp\/v2\/types\/post"}],"author":[{"embeddable":true,"href":"https:\/\/www.millicozum.com\/mc\/wp-json\/wp\/v2\/users\/8"}],"replies":[{"embeddable":true,"href":"https:\/\/www.millicozum.com\/mc\/wp-json\/wp\/v2\/comments?post=3178"}],"version-history":[{"count":0,"href":"https:\/\/www.millicozum.com\/mc\/wp-json\/wp\/v2\/posts\/3178\/revisions"}],"wp:attachment":[{"href":"https:\/\/www.millicozum.com\/mc\/wp-json\/wp\/v2\/media?parent=3178"}],"wp:term":[{"taxonomy":"category","embeddable":true,"href":"https:\/\/www.millicozum.com\/mc\/wp-json\/wp\/v2\/categories?post=3178"},{"taxonomy":"post_tag","embeddable":true,"href":"https:\/\/www.millicozum.com\/mc\/wp-json\/wp\/v2\/tags?post=3178"}],"curies":[{"name":"wp","href":"https:\/\/api.w.org\/{rel}","templated":true}]}}