{"id":3183,"date":"2015-02-26T14:29:26","date_gmt":"2015-02-26T14:29:26","guid":{"rendered":"https:\/\/www.millicozum.com\/mc\/2015\/02\/26\/ataturk-bediuzzaman-ve-orduya-bakisi\/"},"modified":"2015-02-26T14:29:26","modified_gmt":"2015-02-26T14:29:26","slug":"ataturk-bediuzzaman-ve-orduya-bakisi","status":"publish","type":"post","link":"https:\/\/www.millicozum.com\/mc\/2015\/mart-2015\/ataturk-bediuzzaman-ve-orduya-bakisi\/","title":{"rendered":"ATAT\u00dcRK, BED\u0130\u00dcZZAMAN VE ORDUYA BAKI\u015eI"},"content":{"rendered":"\n<p>&nbsp;<\/p>\n<p style=\"margin-bottom: 0.0001pt; text-align: justify; text-indent: 14.2pt; line-height: normal;\"><b><span style=\"font-size: 12pt; font-family: 'Arial',sans-serif;\">Erg\u00fcn Poyraz\u2019\u0131n:<\/span><\/b><span style=\"font-size: 12pt; font-family: 'Arial',sans-serif;\"> Siyonist Yahudi g\u00fcd\u00fcml\u00fc <b><i>\u201cAmerikan State Univercity of NewYork Eress\u201d<\/i><\/b> taraf\u0131ndan, Sabataist \u015eerif Mardin\u2019e haz\u0131rlatt\u0131r\u0131lan \u201cBED\u0130\u00dcZZAMAN\u201d adl\u0131 kitab\u0131ndaki hesapl\u0131 \u00e7arp\u0131tmalar\u0131 ve alakas\u0131z yorumlar\u0131 ger\u00e7ekmi\u015f gibi esas alarak, O b\u00fcy\u00fck \u015fahsiyeti <b><i>\u201cErmeni as\u0131ll\u0131 ve h\u0131yanet kas\u0131tl\u0131\u201d<\/i><\/b> g\u00f6sterme \u00e7abalar\u0131; AMER\u0130KADAK\u0130 \u0130MAM kitab\u0131ndaki <b>CIA fig\u00fcran\u0131 Fetullah G\u00fclen\u2019le<\/b> ilgili ciddi ve hayret verici tespitlerinin g\u00fcvenilirli\u011fine de maalesef g\u00f6lge d\u00fc\u015f\u00fcrmekteydi. (Bak Sh. 32,36) Bedi\u00fczzaman\u2019\u0131n Van G\u00f6l\u00fc kenar\u0131nda ve Edremit yak\u0131n\u0131nda, <b>Dini ilimlerle fenni ilimlerin birlikte okutulaca\u011f\u0131,<\/b> M\u0131s\u0131rdaki El-Ezher \u00dcniversitesi benzeri <b>Medreset\u00fcz-Zehra<\/b> giri\u015fimini, o d\u00f6nemin \u0130ngiltere Van Konsolosu Albay Chamsi\u2019nin de ve tabi K\u00fcrtleri k\u0131\u015fk\u0131rtmak maksad\u0131yla b\u00f6yle bir hedefi oldu\u011fu gerek\u00e7esiyle \u00dcstad\u0131 <b><i>\u201c\u0130ngilizlerin adam\u0131 ve Ermeni Militan\u0131\u201d<\/i><\/b> diye itham etme gayretleri, elbette \u00e7irkin ve temelsiz bir iftiradan ibaretti. O s\u00fcre\u00e7te, Ermenilerin Bitlis ve Van\u2019da olduk\u00e7a kalabal\u0131k, zengin ve etkin olduklar\u0131n\u0131 ve Bedi\u00fczzaman\u2019\u0131n da bu b\u00f6lgede do\u011fup ya\u015fad\u0131\u011f\u0131n\u0131 bahane ederek, O\u2019nu \u015feytanlar\u0131n bile nefret edece\u011fi \u015feylerle su\u00e7lamak, e\u011fer koyu bir bilgi fukaral\u0131\u011f\u0131ndan kaynaklanm\u0131yorsa, mutlaka \u0130slam d\u00fc\u015fmanl\u0131\u011f\u0131n\u0131n dolayl\u0131 bir \u015fekliydi.<\/span><\/p>\n<p style=\"margin-bottom: 0.0001pt; text-align: justify; text-indent: 14.2pt; line-height: normal;\"><b><span style=\"font-size: 12pt; font-family: 'Arial',sans-serif;\">Oysa \u015eerif Mardin, CIA istasyon \u015fefi Yahudi-Siyonist Graham E. Fuller gibi birisinin himayesindeki ki\u015fiydi. Ve hele Erg\u00fcn Poyraz sadece s\u00fcrg\u00fcne ve mahkemeye gidi\u015flerinde bir iki sefer bindi\u011fi, ba\u015fkalar\u0131na ait bir chevrolet arabay\u0131 \u00f6ne s\u00fcr\u00fcp <i>\u201cBedi\u00fczzaman ya\u015fad\u0131\u011f\u0131 devirde say\u0131l\u0131 zenginler aras\u0131ndayd\u0131\u201d <\/i>(sh.55) diyerek g\u00fcl\u00fcn\u00e7 duruma d\u00fc\u015fmekteydi. \u00c7\u00fcnk\u00fc Onun d\u00fcnyaya metelik vermedi\u011fi ve asla mal-m\u00fclk edinmedi\u011fi dost-d\u00fc\u015fman herkesin bildi\u011fi \u015feydi. O tarihlerdeki y\u00fczlerce Osmanl\u0131 \u00e2limi ve m\u00fcellifi gibi, Latin harflerini bilmedi\u011fi \u2013\u00e7\u00fcnk\u00fc Arap harfleriyle okuyup yazma \u00f6\u011frendikleri- i\u00e7in, Bedi\u00fczzaman\u2019\u0131 cahillikle su\u00e7lay\u0131p sa\u00e7malamas\u0131 ise tam bir bilgisizlik ve ger\u00e7eklere ilgisizlik g\u00f6stergesiydi. (Bak. Sh.241) Bedi\u00fczzaman\u2019\u0131 kendi eserlerinden ve tarihi belgelerden ara\u015ft\u0131r\u0131p tan\u0131ma zahmetine katlanmayan, hatta o k\u0131ymetli eserleri okuyup anlama kapasitesinden bile yoksun bulunan baz\u0131 kolayc\u0131 ve \u00f6n yarg\u0131l\u0131 kimselerin; Onunla ilgili \u00e7o\u011fu kas\u0131tl\u0131 ve sapt\u0131r\u0131c\u0131 yorum ve yay\u0131nlara dayanarak h\u00fck\u00fcm vermeleri, hem b\u00f6ylesi ilim ve irfan erbab\u0131na hem de kendi okurlar\u0131na kar\u015f\u0131 tam bir sayg\u0131s\u0131zl\u0131k ve sahtek\u00e2rl\u0131k alametiydi, \u00fcstelik gayet ucuz ve uyuz bir gayretke\u015flikti. Kald\u0131 ki, b\u00f6ylesi tarihi \u015fahsiyet ve hadiselerin, perde arkas\u0131 psikolojik ve sosyolojik nedenlerini, taktik ve stratejik hedeflerini de \u00e7ok ince ve derince kavramaya \u00e7al\u0131\u015fmak ve hesaba katmak gerekirdi.<\/span><\/b><\/p>\n<p style=\"margin-bottom: 0.0001pt; text-align: justify; text-indent: 14.2pt; line-height: normal;\"><b><span style=\"font-size: 12pt; font-family: 'Arial',sans-serif;\">Ancak hakk\u0131n\u0131 teslim etmek gelir ki; kitab\u0131n as\u0131l konusu olan Fetullah G\u00fclen\u2019le ilgili tespitleri, olduk\u00e7a ger\u00e7ek\u00e7i ve belgeliydi. H\u00e2lbuki Bedi\u00fczzaman, ha\u00e7l\u0131 ve emperyalist bat\u0131n\u0131n (Amerika ve Avrupa\u2019n\u0131n) k\u0131\u015fk\u0131rtmas\u0131yla ayaklanan Ermeni Militanlar\u0131n\u0131n da destek \u00e7\u0131kt\u0131\u011f\u0131 Rus i\u015fgaline kar\u015f\u0131, g\u00f6n\u00fcll\u00fc milis komutan\u0131 olarak, Bitlis savunmas\u0131na kat\u0131l\u0131p sava\u015fm\u0131\u015f, yaralan\u0131p esir al\u0131narak Rusya\u2019ya g\u00f6nderilmi\u015f ve y\u0131llarca zindanlarda \u00e7ile \u00e7ektirilmi\u015f vatanperver ve m\u00fccahit bir din \u00e2limiydi. Bu arada \u201cH\u00dcR ADAM\u201d filmi de; tarihi ger\u00e7ekleri \u00e7arp\u0131tmaya, Bedi\u00fczzaman, istismar\u0131yla \u0131l\u0131ml\u0131 \u0130slamc\u0131lar\u0131 ve Amerikan u\u015faklar\u0131n\u0131 kahramanla\u015ft\u0131r\u0131p me\u015frula\u015ft\u0131rmaya ve Atat\u00fcrk d\u00fc\u015fmanl\u0131\u011f\u0131 \u00fczerinden TSK\u2019y\u0131 yaralay\u0131p y\u0131pratmaya y\u00f6nelik mesajlar i\u00e7ermekteydi.<\/span><\/b><\/p>\n<p style=\"margin-bottom: 0.0001pt; text-align: justify; text-indent: 14.2pt; line-height: normal;\"><b><span style=\"font-size: 12pt; font-family: 'Arial',sans-serif;\">Bedi\u00fczzaman Said Nursi, \u00e7a\u011f\u0131m\u0131z\u0131n en b\u00fcy\u00fck \u00e2limlerinden olup; sa\u011flam hadis ve haberlerle m\u00fcjdelenen b\u00fcy\u00fck devrim ve de\u011fi\u015fime alt yap\u0131 ve \u00f6n haz\u0131rl\u0131k g\u00f6renlerden, \u00e7ok \u00f6nemli bir \u015fahsiyettir.<\/span><\/b><\/p>\n<p style=\"margin-bottom: 0.0001pt; text-align: justify; text-indent: 14.2pt; line-height: normal;\"><b><span style=\"font-size: 12pt; font-family: 'Arial',sans-serif;\">Kendisi K\u00fcrt k\u00f6kenlidir. Ancak b\u00fct\u00fcn himmet ve hizmetini T\u00fcrkiye\u2019ye ve aziz milletimize vermi\u015ftir. <i>\u201cT\u00fcrk olan bir tek Hulusi\u2019yi, binlerce cahil k\u00fcrde de\u011fi\u015fmem\u2026 Binlerce gafil k\u00fcrd\u00fc, birer T\u00fcrk olan As\u0131m, Refet ve H\u00fcsrev\u2019e mukabil g\u00f6rmem<\/i>\u201d[1]&nbsp;diyecek kadar \u0131rk\u00e7\u0131l\u0131k d\u00fc\u015f\u00fcncesinden uzak bilinmektedir. T\u00fcrk devletine, milletine ve askerine, a\u015fk derecesinde ba\u011fl\u0131 birisidir. Ve zaten en birinci ve bahtiyar talebesi olan Elaz\u0131\u011fl\u0131 Hac\u0131 Hulusi (Yahyagil) Bey de, \u00c7anakkale, Kafkas ve Milli M\u00fccadele gazisi olan \u015ferefli bir Albay emeklisidir.<\/span><\/b><\/p>\n<p style=\"margin-bottom: 0.0001pt; text-align: justify; text-indent: 14.2pt; line-height: normal;\"><span style=\"font-size: 14pt;\"><b><span style=\"font-family: Arial, sans-serif;\">Bizim kanaatimize g\u00f6re, Atat\u00fcrk konusunda bir \u201c\u0130ltibas-kar\u0131\u015ft\u0131rma\u201d mevzubahistir.<\/span><\/b><\/span><\/p>\n<p style=\"margin-bottom: 0.0001pt; text-align: justify; text-indent: 14.2pt; line-height: normal;\"><b><span style=\"font-size: 12pt; font-family: 'Arial',sans-serif;\">Atat\u00fcrk, Tanzimattan beri \u00fclkenin hayati kurumlar\u0131n\u0131 ele ge\u00e7iren ve b\u00fct\u00fcn d\u00fcnyada h\u00e2kimiyetlerini hissettiren Siyonist Yahudiler ve Sabataist d\u00f6nmelere ra\u011fmen, hi\u00e7bir hareketin ba\u015far\u0131l\u0131 olmayaca\u011f\u0131n\u0131 sezmi\u015f ve onlar\u0131n yan\u0131nda ve yolunda g\u00f6r\u00fcnerek, en az\u0131ndan zahiri ve resmi planda Anadolu\u2019yu kurtarmay\u0131 ve T\u00fcrkiye Cumhuriyetini kurmay\u0131 hedeflemi\u015ftir. Ve tabi y\u0131llar sonra fark edilen bu \u00e7ok ince siyaset ve stratejisinde; Sabataist d\u00f6nmeleri ve Siyonist Yahudileri bile uzun zaman inand\u0131racak ger\u00e7ek\u00e7i bir rol \u00fcstlenmi\u015ftir. O\u2019nun bu d\u00e2hiyane rol\u00fcn\u00fc fark edemeyenlerin: <i>\u201cT\u00fcrkiye\u2019mizi Siyon \u00fclkesi, milletimizi Yahudi k\u00f6lesi\u201d<\/i> yapmaya \u00e7al\u0131\u015fan h\u0131yanet \u015febekesine duyduklar\u0131 hakl\u0131 nefret ve tepkiyi bazen, onlar\u0131n eleba\u015f\u0131 g\u00f6r\u00fcn\u00fcm\u00fcndeki Mustafa Kemal\u2019e y\u00f6neltmelerini \u00e7ok dikkatli tahlil etmelidir.<\/span><\/b><\/p>\n<p style=\"margin-bottom: 0.0001pt; text-align: justify; text-indent: 14.2pt; line-height: normal;\"><span style=\"font-size: 14pt;\"><b><span style=\"font-family: Arial, sans-serif;\">Bak\u0131n\u0131z, Bedi\u00fczzaman bu konuda \u015funlar\u0131 s\u00f6ylemektedir:<\/span><\/b><\/span><\/p>\n<p style=\"margin-bottom: 0.0001pt; text-align: justify; text-indent: 14.2pt; line-height: normal;\"><b><i><span style=\"font-size: 12pt; font-family: 'Arial',sans-serif;\">\u201cLozan antla\u015fmas\u0131ndan sonra, \u0130ngiltere Avam Kamaras\u0131nda, kendisine y\u00f6neltilen \u201cT\u00fcrkler\u2019in istiklalini (ba\u011f\u0131ms\u0131z cumhuriyetlerini) ni\u00e7in tan\u0131d\u0131n\u0131z? E\u011fer, b\u00f6yle olacakt\u0131ysa, bunca sava\u015f\u0131 ve zayiat\u0131 ni\u00e7in yapt\u0131n\u0131z?\u201d diye y\u00fckselen itirazlara, Lord Curzon \u015fu cevab\u0131 vermi\u015ftir: \u201c\u00c7\u00fcnk\u00fc i\u015fte as\u0131l bundan sonra T\u00fcrkler, bir daha eski satvet (Kuvvet) ve \u015fevketlerine kavu\u015famayacaklard\u0131r. Zira biz onlar\u0131 Kur\u2019an ve \u0130slam yolundan koparmakla, ruh ve maneviyat cephelerinden \u00f6ld\u00fcrm\u00fc\u015f bulunuyoruz.\u201d Demek ki Mustafa Kemal ve \u0130smet\u2019in raz\u0131 olduklar\u0131 durum, T\u00fcrk milletini manen ve \u0130slamiyet y\u00f6n\u00fcnden \u00f6ld\u00fcrme ve yok etme plan\u0131d\u0131r. \u0130slam dinine ve \u00fcmmetine h\u0131yanet eden o deh\u015fetli \u015fahs\u0131n, \u00f6nemli bir kuvvetinin ve ekibinin Yahudiler olaca\u011f\u0131 yolundaki hadis ve haberlerin do\u011frulu\u011funu; Lord Curzon ve Hayim Naum gibileri ortaya koymaktad\u0131r\u201d[2]<\/span><\/i><\/b><\/p>\n<p style=\"margin-bottom: 0.0001pt; text-align: justify; text-indent: 14.2pt; line-height: normal;\"><b><span style=\"font-size: 12pt; font-family: 'Arial',sans-serif;\">Bu s\u00f6zlerden de a\u00e7\u0131k\u00e7a anla\u015f\u0131l\u0131yor ki, Bedi\u00fczzaman, Yeni T\u00fcrkiye Cumhuriyetinin perde arkas\u0131ndaki Yahudi ve d\u00f6nme h\u0131yanetini herkesten \u00f6nce sezmi\u015f, ancak Atat\u00fcrk\u2019\u00fcn de onlardan birisi oldu\u011funu zannetmi\u015ftir. H\u00e2lbuki Atat\u00fcrk en g\u00fc\u00e7l\u00fc bulundu\u011fu, muzaffer bir komutan ve Cumhurba\u015fkan\u0131 oldu\u011fu bir d\u00f6nemde, Bedi\u00fczzaman\u2019\u0131 defalarca Ankara\u2019ya davet etmi\u015f, h\u00fcrmet ve ra\u011fbet g\u00f6stermi\u015f, \u00e7ok \u00f6nemli ve yetkili g\u00f6revler vermek istemi\u015f ve b\u00fct\u00fcn bunlara ra\u011fmen Bedi\u00fczzaman\u0131n \u00e7ok sert ve ters tepkilerinin as\u0131l niyetini bildi\u011fi i\u00e7in olacak ki, kendi f\u0131trat\u0131na hi\u00e7 uygun d\u00fc\u015fmeyecek \u015fekilde, yine de sab\u0131r ve s\u00fck\u00fbnetle kar\u015f\u0131l\u0131k vermi\u015ftir. Bak\u0131n\u0131z, Bedi\u00fczzaman\u2019\u0131n M\u0131s\u0131r\u2019daki El-Ezher \u00fcniversitesine kar\u015f\u0131l\u0131k, hatta i\u00e7inde m\u00fcspet ilimlerle dini ilimlerin birlikte okutulaca\u011f\u0131 ve b\u00fct\u00fcn Asya\u2019daki M\u00fcsl\u00fcmanlar\u0131n ilmi ve \u0130slami y\u00fcksek\u00f6\u011fretim merkezi olaca\u011f\u0131; T\u00fcrk, K\u00fcrt, Arap, Acem, Hint, \u00c7in gibi farkl\u0131 kavimlerin kayna\u015faca\u011f\u0131 T\u00fcrk\u00e7e, K\u00fcrt\u00e7e ve Arap\u00e7a\u2019n\u0131n birlikte konu\u015fulup okutulaca\u011f\u0131 bir \u201cMedreset\u00fcz Zehra\u201dy\u0131 Van ilimizde kurmak istedi\u011finde, Ankara B\u00fcy\u00fck Millet Meclisindeki 200 mebustan, ba\u015fta Mustafa Kemal\u2019in de bulundu\u011fu 163 mebus, \u015fimdi trilyonlar de\u011ferinde olan 150 bin Lira tahsisat vermeyi kabul etmi\u015flerdir.\u201d[3]<\/span><\/b><\/p>\n<p style=\"margin-bottom: 0.0001pt; text-align: justify; text-indent: 14.2pt; line-height: normal;\"><span style=\"font-size: 12pt; font-family: 'Arial',sans-serif;\">Bedi\u00fczzaman Osmanl\u0131n\u0131n son d\u00f6nemlerinde \u0130stanbul\u2019daki Dar\u2019ul-Hikmet azas\u0131 iken bat\u0131l\u0131 barbarlar\u0131n \u00c7anakkale\u2019ye h\u00fccumu \u00fczerine <b>\u201cHutuvat-\u0131 Sitte\u201d<\/b> isimli gaddar zalimlerin y\u00fcz\u00fcne t\u00fck\u00fcren risalesi, daha sonra \u0130stanbul\u2019u i\u015fgal eden \u0130ngiliz ba\u015fkomutan\u0131na okutulunca, olduk\u00e7a hiddetlenmi\u015f ve Bedi\u00fczzaman hakk\u0131nda idam karar\u0131 vermi\u015ftir. Ancak Do\u011fu ve G\u00fcneydo\u011fu Anadolu\u2019da ve \u00f6zellikle K\u00fcrtler aras\u0131nda \u00e7ok sevilen ve say\u0131lan Bedi\u00fczzaman\u0131n \u00f6ld\u00fcr\u00fclmesi halinde, a\u015firetlerin isyan edece\u011fi ve \u0130ngilizlerin Anadolu\u2019yu par\u00e7alamak \u00fczere d\u00fc\u015f\u00fcnd\u00fckleri K\u00fcrdistan hayalinin suya d\u00fc\u015fece\u011fi endi\u015feleri hat\u0131rlat\u0131l\u0131nca bundan vazge\u00e7mi\u015ftir.[4]&nbsp;\u0130\u015fte Bedi\u00fczzaman\u2019\u0131n bu kabiliyet ve karakterini iyi bilen Atat\u00fcrk, onun k\u0131ymetini ve ehemmiyetini takdir ederek, defalarca Ankara\u2019ya davet etmi\u015ftir. Bunlar\u0131n birka\u00e7\u0131na olumsuz cevap veren Bedi\u00fczzaman, sonunda yak\u0131n dostu Van valisi Tahsin Beyin de \u0131srar\u0131yla Ankara\u2019ya gitmi\u015f ve Mecliste ayakta alk\u0131\u015flarla kar\u015f\u0131lan\u0131p, h\u00fcrmet ve ra\u011fbet g\u00f6sterilmi\u015ftir. Bir m\u00fcddet Hac\u0131 Bayram civar\u0131nda ikamet eden Bedi\u00fczzaman, pek \u00e7ok mebusun namaza ba\u015flamas\u0131na, Mecliste daha b\u00fcy\u00fck bir mescit a\u00e7\u0131lmas\u0131na \u00f6nc\u00fcl\u00fck etmi\u015ftir.<\/span><\/p>\n<p style=\"margin-bottom: 0.0001pt; text-align: justify; text-indent: 14.2pt; line-height: normal;\"><span style=\"font-size: 12pt; font-family: 'Arial',sans-serif;\">Ancak bu arada, mebuslar aras\u0131nda namaz ve dindarl\u0131k konusunda \u015fiddetli m\u00fcnaka\u015fa ve m\u00fcnazaralar da ba\u015flam\u0131\u015ft\u0131r. Bunun \u00fczerine Atat\u00fcrk, Bedi\u00fczzaman\u2019a: <b><i>\u201cSizin gibi kahraman bir Hoca bize \u00e7ok l\u00e2z\u0131md\u0131. Bu y\u00fczden sizin y\u00fcksek fikirlerinizden istifade etmek niyetiyle buraya \u00e7a\u011f\u0131rd\u0131k\u2026 Ama siz, gelir gelmez en \u00f6nce, namaza y\u00f6nelik \u015feyler konu\u015fup yazmakla i\u015fe ba\u015flad\u0131n\u0131z ve maalesef aram\u0131zda ihtilaf \u00e7\u0131kard\u0131n\u0131z\u2026\u201d<\/i><\/b> deyince, \u00fcstad hiddetlenerek ve sert cevaplar vererek Ankara\u2019dan ayr\u0131lm\u0131\u015ft\u0131r.[5]<\/span><\/p>\n<p style=\"margin-bottom: 0.0001pt; text-align: justify; text-indent: 14.2pt; line-height: normal;\"><b><span style=\"font-size: 12pt; font-family: 'Arial',sans-serif;\">Bu t\u00fcr kar\u015f\u0131l\u0131k ve kar\u0131\u015f\u0131kl\u0131klara hi\u00e7 tahamm\u00fcl\u00fc olmayan Atat\u00fcrk\u2019\u00fcn, yine Bedi\u00fczzaman\u2019\u0131 sayg\u0131 ve s\u00fck\u00fbnetle dinlemesi ve ho\u015f g\u00f6rmesi olduk\u00e7a dikkat \u00e7ekicidir ve \u00fczerinde durmak ve d\u00fc\u015f\u00fcnmek gerekir. Yine bizim kanaatimize g\u00f6re Atat\u00fcrk, Siyonist d\u00f6nmelerin milleti dinsizle\u015ftirme faaliyetlerine kar\u015f\u0131, Bedi\u00fczzaman\u2019dan yararlanmak istemi\u015fti. \u00c7\u00fcnk\u00fc O\u2019nun ge\u00e7mi\u015fte \u0130ttihat Terakkiyle m\u00fcnasebeti ve Abdulhamid\u2019e kar\u015f\u0131 muhalefeti, b\u00f6yle bir hizmette, gizli h\u0131yanet komitelerine kar\u015f\u0131 da oyalay\u0131c\u0131 bir f\u0131rsat do\u011furabilecekti\u2026 Ancak Bedi\u00fczzaman\u2019\u0131n, takvas\u0131ndan ve tavizsiz yakla\u015f\u0131m\u0131ndan kaynaklanan: <i>\u201cBeyin e\u011fitiminden \u00f6nce Beden e\u011fitimi\u201d<\/i> yapt\u0131rmak cinsinden biraz aceleci davran\u0131\u015f\u0131 ve daha sonra yazaca\u011f\u0131 Risale-i Nur\u2019lar\u0131n \u201c\u00f6nce iman\u0131 takviye\u201d prensibine de ayk\u0131r\u0131 olarak hemen namazla i\u015fe koyulmas\u0131, Atat\u00fcrk\u2019\u00fcn bu giri\u015fimini ba\u015flamadan bitirmi\u015fti. Ve yine yeri gelmi\u015fken bir kanaatimizi daha belirtelim ki: Bedi\u00fczzaman\u2019\u0131n Sultan Abdulhamid\u2019i \u00f6nce m\u00fcstebid (\u0130stibdat\u00e7\u0131 ve Zorba) ve bask\u0131c\u0131 zannetmesi, Mason cemiyeti olan \u0130ttihat Terakkiyi, h\u00fcrriyet ve adalet feda\u00eeleri bilerek i\u00e7lerine girmesi ne ise; Atat\u00fcrk\u2019\u00fc, devleti ve cumhuriyeti ele ge\u00e7iren h\u0131yanet ekibinin ba\u015f\u0131 olarak g\u00f6rmesi ve hatta d\u00f6nmelerin damad\u0131 olan ve An\u0131tkabir\u2019i yaparak ve Atat\u00fcrk\u2019\u00fc koruma kanunu \u00e7\u0131kararak, Mustafa Kemal\u2019in tabula\u015ft\u0131r\u0131l\u0131p Siyonistler taraf\u0131ndan istismar\u0131na ve T\u00fcrkiye\u2019nin Amerika\u2019n\u0131n yar\u0131 s\u00f6m\u00fcrgesi yap\u0131lmas\u0131na \u00e7al\u0131\u015fan Adnan Menderes\u2019i bir \u0130slam kahraman\u0131 ilan etmesi de, ayn\u0131 \u201c\u0130ltibas\u201d (\u00f6z\u00fc biri birinden farkl\u0131, ama y\u00fcz\u00fc \u00e7ok yak\u0131n ve benzer \u015feylerin kar\u0131\u015ft\u0131r\u0131lmas\u0131) hadisesidir.<\/span><\/b><\/p>\n<p style=\"margin-bottom: 0.0001pt; text-align: justify; text-indent: 1cm; line-height: 16pt;\"><span style=\"font-size: 14pt;\"><b><span style=\"font-family: Arial, sans-serif;\">Mustafa Kemal\u2019in:<\/span><\/b><\/span><\/p>\n<p style=\"margin-bottom: 0.0001pt; text-align: justify; text-indent: 1cm; line-height: 16pt;\"><b><span style=\"font-size: 12pt; font-family: Arial, sans-serif;\"><b style=\"font-size: 16px; line-height: normal; text-align: justify; text-indent: 18.9333324432373px;\"><span style=\"font-family: Arial, sans-serif;\">\u2022<\/span><\/b>&nbsp;D\u00fcnyaya h\u00e2kim ve galip devletleri \u00fcrk\u00fctmeden Yeni T\u00fcrkiye Cumhuriyetini g\u00fc\u00e7lendirmek i\u00e7in zaman kazanma stratejisini ve bu maksatla verdi\u011fi tavizleri,<\/span><\/b><\/p>\n<p style=\"margin-bottom: 0.0001pt; text-align: justify; text-indent: 1cm; line-height: 16pt;\"><span style=\"font-size: 14pt;\"><b><span style=\"font-family: 'Gill Sans Ultra Bold', sans-serif;\"><b style=\"font-size: 16px; line-height: normal; text-align: justify; text-indent: 18.9333324432373px;\"><span style=\"font-family: Arial, sans-serif;\">\u2022<\/span><\/b>&nbsp;<\/span><\/b><\/span><b><span style=\"font-size: 12pt; font-family: Arial, sans-serif;\">T\u00fcrkiye\u2019yi \u201c\u00f6n \u0130srail\u201d yapma hesab\u0131 g\u00fcden Siyonist Yahudi merkezleri ve i\u00e7erideki \u0130ttihat ve Terakki art\u0131\u011f\u0131 sabataist ve masonik \u015febekeyi umutland\u0131r\u0131p oyalama takti\u011fini ve mazeretini, <\/span><\/b><\/p>\n<p style=\"margin-bottom: 0.0001pt; text-align: justify; text-indent: 1cm; line-height: 16pt;\"><span style=\"font-size: 14pt;\"><b><span style=\"font-family: 'Gill Sans Ultra Bold', sans-serif;\"><b style=\"font-size: 16px; line-height: normal; text-align: justify; text-indent: 18.9333324432373px;\"><span style=\"font-family: Arial, sans-serif;\">\u2022<\/span><\/b>&nbsp;<\/span><\/b><\/span><b><span style=\"font-size: 12pt; font-family: Arial, sans-serif;\">Baz\u0131lar\u0131 zaten maalesef d\u00f6nme Yahudilerin ve i\u015fbirlik\u00e7i gafillerin g\u00fcd\u00fcm\u00fcne girmi\u015f, bir k\u0131sm\u0131 da meskenet yuvas\u0131na ve istismar oca\u011f\u0131na \u00e7evrilmi\u015f dini cemaat ve tarikatlar\u0131n Cumhuriyete y\u00f6nelik tahrik ve tertiplerini \u00f6nleme mecburiyetini hesaba katmayarak,<\/span><\/b><\/p>\n<p style=\"margin-bottom: 0.0001pt; text-align: justify; text-indent: 1cm; line-height: 16pt;\"><span style=\"font-size: 14pt;\"><b><span style=\"font-family: 'Gill Sans Ultra Bold', sans-serif;\"><b style=\"font-size: 16px; line-height: normal; text-align: justify; text-indent: 18.9333324432373px;\"><span style=\"font-family: Arial, sans-serif;\">\u2022<\/span><\/b>&nbsp;<\/span><\/b><\/span><b><span style=\"font-size: 12pt; font-family: Arial, sans-serif;\">Mustafa Kemal\u2019in, kas\u0131tl\u0131 ve az\u0131l\u0131 bir din tahrip\u00e7isi, malum ve mel\u2019un g\u00fc\u00e7lerin tabii hizmet\u00e7isi oldu\u011funu sanarak; O\u2019nun ileride \u00e7ok talihli sonu\u00e7lar do\u011furabilecek, y\u00fcksek r\u00fctbeli ve yetkili, resmi ve dini g\u00f6rev tekliflerini reddeden \u00dcstat Bedi\u00fczzaman Hz.leri; anla\u015f\u0131lan \u0130slamiyet\u2019e ve Millete y\u00f6nelik tahribatlar\u0131n aleti olmaktan sak\u0131nm\u0131\u015f, ama bizim kanaatimizce tarihi bir f\u0131rsat ka\u00e7\u0131r\u0131lm\u0131\u015ft\u0131r. Ancak, unutmayal\u0131m ki, kader her \u015feye bask\u0131nd\u0131r.<\/span><\/b><\/p>\n<p style=\"margin-bottom: 0.0001pt; text-align: justify; text-indent: 14.2pt; line-height: normal;\"><b><span style=\"font-size: 12pt; font-family: 'Arial',sans-serif;\">Atat\u00fcrk\u2019\u00fcn, her t\u00fcrl\u00fc imk\u00e2n ve iktidar elinde olmas\u0131na ra\u011fmen, Bedi\u00fczzaman\u2019\u0131n bu a\u011f\u0131r tenkit ve tahriklerine kar\u015f\u0131, ona gayet sab\u0131rl\u0131 ve sayg\u0131l\u0131 bir tav\u0131r tak\u0131nmas\u0131, Onun bir diktat\u00f6r de\u011fil, ne kadar demokrat bir ki\u015filik oldu\u011funun da g\u00f6stergesidir. \u00c7\u00fcnk\u00fc bug\u00fcn demokrasi havarisi kesilen y\u00f6neticilerin, kendilerinin gaflet, cehalet ve h\u0131yanetlerini konu\u015fup yazanlar\u0131, nas\u0131l yaftalat\u0131p tutuklatt\u0131klar\u0131n\u0131 ve a\u011f\u0131z dolusu hakaretler ya\u011fd\u0131rd\u0131klar\u0131n\u0131 herkes g\u00f6rmektedir.<\/span><\/b><\/p>\n<p style=\"margin-bottom: 0.0001pt; text-align: justify; text-indent: 14.2pt; line-height: normal;\"><span style=\"font-size: 14pt;\"><b><span style=\"font-family: Arial, sans-serif;\">\u00dcstelik Bedi\u00fczzaman: <i>\u201cAtat\u00fcrk\u2019e ili\u015filmemesi gerekti\u011fini\u201d<\/i> s\u00f6ylemekte ve Ankara\u2019daki davran\u0131\u015f\u0131ndan dolay\u0131 pi\u015fmanl\u0131k g\u00f6stermektedir:<\/span><\/b><\/span><\/p>\n<p style=\"margin-bottom: 0.0001pt; text-align: justify; text-indent: 14.2pt; line-height: normal;\"><b><i><span style=\"font-size: 12pt; font-family: 'Arial',sans-serif;\">\u201cBeni Ankara\u2019ya istediler, gittim. Gidi\u015fatlar\u0131 benim ihtiyarl\u0131k hissiyat\u0131ma uygun gelmedi. \u201cBizimle beraber \u00e7al\u0131\u015f\u201d dediler. \u201cYeni Said \u00f6teki d\u00fcnyaya \u00e7al\u0131\u015fmak istiyor. Sizinle beraber \u00e7al\u0131\u015famaz. Fakat size de ili\u015fmez\u201d cevab\u0131n\u0131 verdim. Evet, ili\u015fmedim, hatta ili\u015fenlere de i\u015ftirak ve meyil de\u011fil, belki teess\u00fcf ettim. (Mustafa Kemal\u2019in aleyhine \u00e7al\u0131\u015fanlar\u0131 asla ho\u015f g\u00f6rmedim) \u00c7\u00fcnk\u00fc \u0130slam Milliyet\u00e7ili\u011finin gelenekleri lehinde yararlan\u0131labilir (Atat\u00fcrk gibi) acip, (hayret verici) bir askeri dehay\u0131 (maalesef benim sert tepkilerim) bir derece bu ananelerin aleyhine d\u00f6nmesine bir vesile oldu. Evet, ben, \u00f6zellikle reisicumhurda muannid (inat\u00e7\u0131 ve kararl\u0131) bir deha hissettim ve (kendi kendime s\u00f6z verip) dedim: \u201cBu dehay\u0131 ku\u015fkuland\u0131r\u0131p \u0130slami ananelerin aleyhine \u00e7evirmek caiz de\u011fildir.\u201d Onun i\u00e7in elimden geldi\u011fi kadar d\u00fcnyalar\u0131ndan \u00e7ekildim ve kar\u0131\u015fmad\u0131m.\u201d[6]<\/span><\/i><\/b><\/p>\n<p style=\"margin-bottom: 0.0001pt; text-align: justify; text-indent: 14.2pt; line-height: normal;\"><span style=\"font-size: 12pt; font-family: 'Arial',sans-serif;\">Ama baz\u0131lar\u0131, Atat\u00fcrk\u2019\u00fcn Bedi\u00fczzaman\u2019a kar\u015f\u0131 bu ilgisini, \u201cO\u2019na Milletvekilli\u011fi, \u00fcniversite \u00f6\u011fretim g\u00f6revlili\u011fi, \u015eeyh S\u00fcnusi gibi umumi Anadolu vaizli\u011fi gibi \u00f6nemli hizmet tekliflerini: <b><i>\u201conun n\u00fcfuzundan, (etkinli\u011finden) kendi hesab\u0131na yararlanmak istiyor. Bedi\u00fczzaman\u2019\u0131 susturmak ve kendine ba\u011flamak istiyor\u201d[7]<\/i><\/b>&nbsp;\u015feklinde de\u011ferlendirmi\u015ftir. H\u00e2lbuki tarafs\u0131z ve \u00f6n yarg\u0131s\u0131z bir \u015fekilde ve dikkatle incelenirse, bu olaya bizim bak\u0131\u015f a\u00e7\u0131m\u0131zla yakla\u015f\u0131labilece\u011fi de g\u00f6r\u00fclecek ve hak verilecektir.<\/span><\/p>\n<p style=\"margin-bottom: 0.0001pt; text-align: justify; text-indent: 14.2pt; line-height: normal;\"><b><span style=\"font-size: 12pt; font-family: 'Arial',sans-serif;\">\u00dcstelik \u00fczerine: \u201c\u00c7ok m\u00fchim bir mektup\u201d notu d\u00fc\u015f\u00fclerek Cumhurba\u015fkanl\u0131\u011f\u0131 ar\u015fivinde saklanan bir mektupta, \u00dcstat Bedi\u00fczzaman Hz.leri Mustafa Kemal\u2019e:<\/span><\/b><\/p>\n<p style=\"margin-bottom: 0.0001pt; text-align: justify; text-indent: 14.2pt; line-height: normal;\"><b><span style=\"font-size: 12pt; font-family: 'Arial',sans-serif;\">\u201c\u0130slam \u00c2leminin Kahraman\u0131 Pa\u015fa Hazretlerine! \u015feklinde hitap etmekte, <i>\u201cEy \u015eanl\u0131 Gazi, Y\u00fcce \u015eahsiyetiniz hem muzaffer ordunun hem de Y\u00fcce Meclisin \u015fahsi manevisini temsil ediyorsunuz\u201d <\/i>diye \u00f6vmektedir. Bu mektubunda on maddelik tavsiyelerinin 9. Maddesinde: \u201c<i>Sizin bu ba\u015far\u0131lar\u0131n\u0131z\u0131, y\u00fcksek hizmet ve fedak\u00e2rl\u0131\u011f\u0131n\u0131z\u0131 takdir ve tasvip eden ve sizi canu g\u00f6n\u00fclden sevenlerin \u00e7o\u011funlu\u011fu inan\u00e7l\u0131 insanlard\u0131r ve sa\u011flam M\u00fcsl\u00fcmanlard\u0131r. \u00d6yle ise sizin de Kur\u2019an\u2019\u0131n emirlerine uygun davranman\u0131z, hem M\u00fcsl\u00fcman halk\u0131n yarar\u0131nad\u0131r, hem de \u015ferefinizi art\u0131racakt\u0131r\u201d<\/i> <\/span><\/b><span style=\"font-size: 12pt; font-family: 'Arial',sans-serif;\">s\u00f6zleri ile Mustafa Kemal\u2019le ilgili kanaatlerini ve ondan samimi beklentilerini dile getirmektedir.<\/span><\/p>\n<p style=\"margin-bottom: 0.0001pt; text-align: justify; text-indent: 14.2pt; line-height: normal;\"><span style=\"font-size: 12pt; font-family: 'Arial',sans-serif;\">Elaz\u0131\u011f Palu kazas\u0131ndaki \u015eeyh Sait Efendi\u2019nin, Van\u2019daki Bedi\u00fczzaman\u2019dan \u201cSizin n\u00fcfuzunuz kuvvetlidir\u2026 Yard\u0131m\u0131n\u0131z gereklidir\u201d diyerek yapmay\u0131 tasarlad\u0131\u011f\u0131 isyan hareketine kat\u0131lmas\u0131n\u0131 isteyen mektubuna: <b><i>\u201cT\u00fcrk milleti as\u0131rlardan beri \u0130slamiyet\u2019e hizmet etmi\u015f ve \u00e7ok \u00e2limler-veliler yeti\u015ftirmi\u015f necip bir millettir. Bunlar\u0131n torunlar\u0131na ve ehli imana k\u0131l\u0131\u00e7 \u00e7ekmek caiz de\u011fildir. Siz de sak\u0131n b\u00f6yle bir i\u015fe giri\u015fmeyiniz ve bu te\u015febb\u00fcs\u00fcn\u00fczden vazge\u00e7iniz. \u00dclke d\u00e2hilinde silahla de\u011fil, islahla neticeye gidilir. Millet ir\u015fat ve tenvir edilmelidir\u201d[8]<\/i><\/b>&nbsp;\u015feklinde cevap vermesine ra\u011fmen, kaderin sevkiyle ve Risale-i Nurun yaz\u0131lmas\u0131 hikmetiyle, Isparta\u2019n\u0131n \u0131ss\u0131z bir kasabas\u0131 olan Barla\u2019ya s\u00fcrg\u00fcn edilmi\u015ftir.<\/span><\/p>\n<p style=\"margin-bottom: 0.0001pt; text-align: justify; text-indent: 14.2pt; line-height: normal;\"><span style=\"font-size: 14pt;\"><b><span style=\"font-family: Arial, sans-serif;\">Bedi\u00fczzaman ve Ordu:<\/span><\/b><\/span><\/p>\n<p style=\"margin-bottom: 0.0001pt; text-align: justify; text-indent: 14.2pt; line-height: normal;\"><b><span style=\"font-size: 12pt; font-family: 'Arial',sans-serif;\">Kahraman T\u00fcrk ordusuna \u00e7ok de\u011fer veren ve s\u00fcrekli \u00f6vg\u00fcyle bahseden Bedi\u00fczzaman: \u201cBen bu milletin bahad\u0131r ordusunun milyonlarca efrad\u0131n\u0131, erat\u0131n\u0131 ve subaylar\u0131n\u0131 samimiyetle seviyorum, h\u00fcrmet ve haysiyetlerini, elimden geldi\u011fi kadar korumaya \u00e7al\u0131\u015f\u0131yorum. Ama benim garazk\u00e2r ve mason muar\u0131zlar\u0131m ise, bir tek adam\u0131 sevmek ve y\u00fcceltmek bahanesiyle, T\u00fcrk ordusunun \u015fehit olan ve hayatta bulunan milyonlarca mensubuna h\u0131yanet ve hakaret ediyor\u2026 Bana h\u00fccum edenlerin tek bahanesi \u201cMustafa Kemal\u2019e itiraz\u0131m ve dost olmad\u0131\u011f\u0131m\u201dd\u0131r. H\u00e2lbuki o beni taltif etmek (itimat ve itibar g\u00f6stermek) ve b\u00fct\u00fcn Do\u011fu ve G\u00fcneydo\u011fu Anadolu\u2019ya resmi yetkili umumi vaiz olarak g\u00f6ndermek \u00fczere Ankara\u2019ya \u00e7a\u011f\u0131rm\u0131\u015ft\u0131r\u201d[9]&nbsp;diyerek aleyhindeki iddialar\u0131 yalanlamaktad\u0131r.<\/span><\/b><\/p>\n<p style=\"margin-bottom: 0.0001pt; text-align: justify; text-indent: 14.2pt; line-height: normal;\"><span style=\"font-size: 12pt; font-family: 'Arial',sans-serif;\">Bedi\u00fczzaman; ge\u00e7mi\u015fteki, g\u00fcn\u00fcm\u00fczdeki ve gelecekteki milyonlarca mensubuna hayran ve hay\u0131rhah oldu\u011fum <b><i>\u201cBin seneden beri ceng\u00e2verli\u011fini, gazili\u011fini ve hak peresli\u011fini d\u00fcnyada g\u00f6steren ve ispatlayan\u2026 Kur\u2019an\u2019\u0131n bayraktarl\u0131\u011f\u0131n\u0131 k\u0131l\u0131\u00e7lar\u0131yla ve kanlar\u0131yla imzalayan[10]&nbsp;bir ordunun bir tek kumandan\u0131na, yanl\u0131\u015f ve haks\u0131z buldu\u011fum davran\u0131\u015flar\u0131 y\u00fcz\u00fcnden kar\u015f\u0131 \u00e7\u0131kmam bahane edilerek, bana bu denli h\u00fccum ve hakareti hak ediyor muyum? diye sormakta ve asl\u0131nda Atat\u00fcrk\u2019\u00fcn istismar ve suiistimal edildi\u011fine parmak basmaktad\u0131r.\u201d<\/i><\/b><\/span><\/p>\n<p style=\"margin-bottom: 0.0001pt; text-align: justify; text-indent: 14.2pt; line-height: normal;\"><span style=\"font-size: 12pt; font-family: 'Arial',sans-serif;\">Bu arada, biz de merak edip soruyoruz: Ge\u00e7mi\u015fte ve g\u00fcn\u00fcm\u00fczde <b><i>\u201cAtat\u00fcrk\u2019e dil uzat\u0131yor. Rejimi tehlikeye at\u0131yor\u201d<\/i><\/b> gibi bahanelerle M\u00fcsl\u00fcman d\u00fc\u015f\u00fcn\u00fcr ve din adamlar\u0131na yapmad\u0131klar\u0131n\u0131 b\u0131rakmayan asker ve sivil sahte Atat\u00fcrk\u00e7\u00fcler, \u015fimdi, <b><i>ABD\u2019li Siyonist Yahudi Graham Fuller\u2019in \u201cAtat\u00fcrk\u2019\u00fcn d\u00fc\u015f\u00fcnceleri kendi \u00e7a\u011f\u0131 i\u00e7in gerekliydi. Bug\u00fcn art\u0131k ge\u00e7erli de\u011fildir. Zaten T\u00fcrkiye bir ulus da de\u011fildir. T\u00fcrkiye ulusal kimli\u011fini, y\u00f6r\u00fcngesini ve d\u00fcnyadaki yerini, yeniden g\u00f6zden ge\u00e7irmelidir. T\u00fcrkiye diniyle bar\u0131\u015fmal\u0131, \u0131l\u0131ml\u0131 \u0130slam\u2019la ho\u015f ge\u00e7inmelidir<\/i><\/b><strong><em>\u201d<\/em><em>[11]<\/em><\/strong>&nbsp;\u015feklindeki hezeyanlar\u0131 kar\u015f\u0131s\u0131nda niye susmaktad\u0131r? Atat\u00fcrk\u2019\u00fcn kurdu\u011fu T\u00fcrkiye Cumhuriyetinin temellerine dinamit koyan Siyonist ve emperyalist kafirlerin \u00f6n\u00fcnde secdeye kapananlar, sadece sahtekar de\u011fil, ayn\u0131 zamanda sat\u0131l\u0131kt\u0131r!&#8230; <b>Ve zaten Atat\u00fcrk\u2019\u00fcn as\u0131l niyetini ve hedefini sezen d\u0131\u015f g\u00fc\u00e7ler ve Sabataist d\u00f6nmeler, O\u2019nu mason doktorlar\u0131 eliyle zehirleyerek gen\u00e7 ya\u015fta \u00f6l\u00fcme yollam\u0131\u015f ve bunu bilen Atat\u00fcrk <i>\u201cBeni T\u00fcrk hekimlerine emanet ediniz!&#8230;\u201d<\/i> diye feryat etmeye mecbur kalm\u0131\u015ft\u0131r.[12]<\/b><\/span><\/p>\n<p style=\"margin-bottom: 0.0001pt; text-align: justify; text-indent: 14.2pt; line-height: normal;\"><b><span style=\"font-size: 12pt; font-family: 'Arial',sans-serif;\">Aziz T\u00fcrk milletinin ve Devletinin madd\u00ee ve manev\u00ee iki g\u00fc\u00e7le ayakta kalaca\u011f\u0131na inanan Bedi\u00fczzaman:<\/span><\/b><\/p>\n<p style=\"margin-bottom: 0.0001pt; text-align: justify; text-indent: 14.2pt; line-height: normal;\"><span style=\"font-size: 12pt; font-family: 'Arial',sans-serif;\">\u201c\u0130\u015fte; 1- Haysiyet-i askeriye (yani ordunun onuru, de\u011feri, g\u00fcc\u00fc ve kuvveti), 2- Hamiyet-i \u0130slamiye (\u0130slam ve iman gayreti) ve \u015eeriat-\u0131 Muhammediye (Kur\u2019an\u2019\u0131n b\u00fct\u00fcn insanl\u0131\u011fa getirdi\u011fi adaleti) bir terazinin iki kefesindeki A\u011fr\u0131 da\u011f\u0131 ile S\u00fcbhan da\u011f\u0131 gibi iki dengeye benzer\u201d[13]&nbsp;diyerek, ordunun \u00f6nemini ve de\u011ferini ortaya koymaktad\u0131r. <b>Ve yine kendi kanaatlerini y\u00fcz\u00fcne kar\u015f\u0131 s\u00f6yledi\u011fi halde, fikre ve ilim ehline h\u00fcrmetinden dolay\u0131 Atat\u00fcrk s\u00fck\u00fbt ge\u00e7mi\u015f ve m\u00fcsamaha g\u00f6stermi\u015fken daha sonra, o mason z\u0131nd\u0131klar\u0131n tahrikiyle s\u0131radan bir subay\u0131n, hatta onba\u015f\u0131n\u0131n kendisine hakaret etmesi kar\u015f\u0131s\u0131nda, Bedi\u00fczzaman hakl\u0131 teess\u00fcflerini a\u00e7\u0131\u011fa vurmakta ve \u201cSait Nursi, devlete ba\u015fkald\u0131r\u0131yor\u201d bahanesiyle mazlumlara zarar gelmesin diye b\u00fct\u00fcn bunlara katland\u0131\u011f\u0131n\u0131 anlatmaktad\u0131r.[14]<\/b><\/span><\/p>\n<p style=\"margin-bottom: 0.0001pt; text-align: justify; text-indent: 14.2pt; line-height: normal;\"><b><span style=\"font-size: 12pt; font-family: 'Arial',sans-serif;\">Bu durum, Atat\u00fcrk\u2019\u00fcn Bedi\u00fczzaman\u2019\u0131n n\u00fcfuzundan korktu\u011fu veya yararlanmaya \u00e7al\u0131\u015ft\u0131\u011f\u0131 zann\u0131n\u0131 da bo\u015fa \u00e7\u0131karmaktad\u0131r.<\/span><\/b><\/p>\n<p style=\"margin-bottom: 0.0001pt; text-align: justify; text-indent: 14.2pt; line-height: normal;\"><span style=\"font-size: 12pt; font-family: 'Arial',sans-serif;\">\u00c7\u00fcnk\u00fc \u00fcstad\u0131n da teess\u00fcf ve teess\u00fcrle ifade etti\u011fi gibi; s\u0131radan bir karakol \u00e7avu\u015funun bile hakaret etmeye kalk\u0131\u015ft\u0131\u011f\u0131 ve hi\u00e7 kimsenin sahip \u00e7\u0131kamad\u0131\u011f\u0131 bir zat\u0131n geni\u015f \u00e7evresinden ve etkinli\u011finden korkulaca\u011f\u0131n\u0131 s\u00f6ylemek tutarl\u0131 bir iddia olmaktan uzakt\u0131r.<\/span><\/p>\n<p style=\"margin-bottom: 0.0001pt; text-align: justify; text-indent: 14.2pt; line-height: normal;\"><b><span style=\"font-size: 12pt; font-family: 'Arial',sans-serif;\">\u00d6yle ise, bize g\u00f6re Atat\u00fcrk\u2019\u00fcn, Bedi\u00fczzaman\u2019a yakla\u015f\u0131m\u0131nda daha ba\u015fka ama\u00e7lar aramal\u0131d\u0131r.<\/span><\/b><\/p>\n<p style=\"margin-bottom: 0.0001pt; text-align: justify; text-indent: 14.2pt; line-height: normal;\"><b><span style=\"font-size: 12pt; font-family: 'Arial',sans-serif;\"><b style=\"font-size: 16px; line-height: normal; text-align: justify; text-indent: 18.9333324432373px;\"><span style=\"font-family: Arial, sans-serif;\">\u2022&nbsp;<\/span><\/b><\/span><\/b><span style=\"font-size: 12pt; font-family: Arial, sans-serif;\">Yurdumuzun barbar bat\u0131l\u0131larca i\u015fgali s\u0131ras\u0131nda ve m\u00fctareke y\u0131llar\u0131nda; istila kuvvetlerine \u015fiddetle ve cesaretle kar\u015f\u0131 \u00e7\u0131k\u0131p direnen ve Milli M\u00fccadeleye ve Atat\u00fcrk\u2019\u00fcn Ankara H\u00fck\u00fcmetine taraftarl\u0131k g\u00f6steren[15]<\/span><a style=\"vertical-align: super;\" href=\"file:\/\/\/E:\/NA%C4%B0L%20M%C4%B0LL%C4%B0%20%C3%87%C3%96Z%C3%9CM%20-%2025.02.2015\/YEN%C4%B0%20DERG%C4%B0%20YAZILARI\/YEN%C4%B0%20DERGILER%20-%20KASIM%202014\/Dergi%20138\/138%20-%20%C4%B0%C3%87%C4%B0NDEK%C4%B0LER%20-%20NA%C4%B0L%20-%2021.02.2015%20-%20TAMAMI.doc#_ftn1\"><br \/><\/a><\/p>\n<p style=\"margin-bottom: 0.0001pt; text-align: justify; text-indent: 14.2pt; line-height: normal;\">&nbsp;<\/p>\n<p style=\"margin-bottom: 0.0001pt; text-align: justify; text-indent: 14.2pt; line-height: 16pt;\"><span style=\"font-size: 12pt; font-family: Arial, sans-serif;\"><b style=\"font-size: 12.1599998474121px; line-height: normal; text-align: justify; text-indent: 18.9333324432373px;\"><span style=\"font-size: 12pt; font-family: Arial, sans-serif;\"><b style=\"text-indent: 18.9333324432373px;\"><span>\u2022&nbsp;<\/span><\/b><\/span><\/b>Anadolu hareketine kar\u015f\u0131 \u0130ngilizlerin dayatmas\u0131yla Damat Ferit H\u00fck\u00fcmetinin, \u015eeyh\u00fclislam D\u00fcrrizade imzas\u0131yla yay\u0131nlad\u0131\u011f\u0131 \u201cBunlar \u0130syan etmi\u015ftir. \u00d6ld\u00fcr\u00fclmeleri gerekir\u201d fetvas\u0131n\u0131 \u201cM\u00fcsl\u00fcman halk\u0131 Kuvay-\u0131 Milliye aleyhine k\u0131\u015fk\u0131rtt\u0131\u011f\u0131\u201d i\u00e7in kabul etmeyen, Ankara M\u00fcft\u00fcs\u00fc R\u0131fat B\u00f6rek\u00e7inin fetvas\u0131n\u0131 destekleyen[16]&nbsp;<\/span><span style=\"font-size: 12pt; font-family: Arial, sans-serif;\">ve \u201cZ\u0131t kavramlar yer de\u011fi\u015ftirmi\u015ftir; Zulme adalet, Cihada isyan, esarete ise h\u00fcrriyet ad\u0131 verilmi\u015ftir\u201d diyerek Atat\u00fcrk\u2019\u00fcn ba\u015flatt\u0131\u011f\u0131 Milli M\u00fccadeleyi cihat ve h\u00fcrriyet hareketi kabul eden<\/span><\/p>\n<p style=\"margin-bottom: 0.0001pt; text-align: justify; text-indent: 14.2pt; line-height: normal;\">&nbsp;<\/p>\n<p style=\"margin-bottom: 0.0001pt; text-align: justify; text-indent: 14.2pt; line-height: 16pt;\"><span style=\"font-size: 12pt; font-family: Arial, sans-serif;\"><b style=\"font-size: 12.1599998474121px; line-height: normal; text-align: justify; text-indent: 18.9333324432373px;\"><span style=\"font-size: 12pt; font-family: Arial, sans-serif;\"><b style=\"text-indent: 18.9333324432373px;\"><span>\u2022&nbsp;<\/span><\/b><\/span><\/b>\u201cAnkara\u2019da mevcut 200 mebustan 163 mebusun imzas\u0131 ile 150 bin lira, o zaman paran\u0131n k\u0131ymetli vaktinde ayn\u0131 \u00dcniversite (\u00dcstad\u0131n Van\u2019da kurmay\u0131 tasarlad\u0131\u011f\u0131 Medreset\u00fcz zehra) i\u00e7in vermeyi kabul ve imza ettiler. Mustafa Kemal de i\u00e7inde idi&#8221;[17]<\/span><span style=\"font-size: 12pt; font-family: Arial, sans-serif;\">&nbsp;diyerek Atat\u00fcrk\u2019\u00fcn ve Ankara H\u00fck\u00fcmetinin, kendisinin hay\u0131rl\u0131 te\u015febb\u00fcslerine destek verdi\u011fini dile getiren Bedi\u00fczzaman\u2019la Atat\u00fcrk aras\u0131nda baz\u0131 konularda yanl\u0131\u015f anla\u015f\u0131lmalar\u0131n olabildi\u011fini s\u00f6ylemek, acaba birtak\u0131m kimseleri niye b\u00f6ylesine huysuzla\u015ft\u0131rmaktad\u0131r?<\/span><\/p>\n<p style=\"margin-bottom: 0.0001pt; text-align: justify; text-indent: 14.2pt; line-height: 16pt;\"><span style=\"font-size: 12pt; font-family: Arial, sans-serif;\"><\/span><span style=\"font-family: Arial, sans-serif; font-size: 12pt; line-height: normal; text-indent: 14.2pt;\">Hatta Hz. \u00dcstat Yeni Said d\u00f6neminde ve Kastamonu\u2019da bulundu\u011fu s\u00fcre\u00e7te yazd\u0131\u011f\u0131 \u201c\u0130nna Eateyna\u201d s\u0131rr\u0131nda: \u201c12\u201313 sene sonra \u0130slamiyet\u2019e darbe vuranlar\u0131n ba\u015flar\u0131nda \u00f6yle m\u00fcthi\u015f bir patlay\u0131\u015f olacak ki k\u0131yamete kadar unutulmayacak\u201d mealindeki \u0130stihrac-\u0131 cifri \u00e7ok geni\u015f bir dairede oldu\u011fu halde; nur m\u00fcjdesi s\u0131rr\u0131n\u0131n aksine olarak; dar bir dairede ve hususi bir h\u00fck\u00fcmette tatbik etmek suretiyle, <\/span><b style=\"font-family: Arial, sans-serif; font-size: 12pt; line-height: normal; text-indent: 14.2pt;\">fikrim o geni\u015f daireyi ihata edemeyerek, o hakikatin suretini de\u011fi\u015ftirmi\u015f\u2026\u201d<\/b><span style=\"font-family: Arial, sans-serif; font-size: 12pt; line-height: normal; text-indent: 14.2pt;\"> (Kastamonu Lahikas\u0131 27.Mektup Ehemmiyetli, fakat bir derece mahremdir) diyerek, baz\u0131 i\u015faret ve be\u015faretleri kar\u0131\u015ft\u0131rd\u0131\u011f\u0131n\u0131 ve bu kusur ve kar\u0131\u015ft\u0131rmalar\u0131ndan dolay\u0131 manevi s\u0131k\u0131nt\u0131lara u\u011frad\u0131\u011f\u0131n\u0131, kendileri de itiraf ve ifade buyurmaktad\u0131r.<\/span><\/p>\n<p style=\"margin-bottom: 0.0001pt; text-align: justify; text-indent: 14.2pt; line-height: normal;\"><b><span style=\"font-size: 12pt; font-family: 'Arial',sans-serif;\">Ama her \u015feye ra\u011fmen, m\u00fcjdelenen ve hasretle beklenen <span style=\"font-size: 14pt;\"><i>Mehdiyet Medeniyetinin en \u00f6nemli destek ve dayana\u011f\u0131n\u0131n yine Asil T\u00fcrk ordusu olaca\u011f\u0131n\u0131<\/i> <\/span>haber veren Bedi\u00fczzaman \u015funlar\u0131 s\u00f6ylemektedir:<\/span><\/b><\/p>\n<p style=\"margin-bottom: 0.0001pt; text-align: justify; text-indent: 14.2pt; line-height: normal;\"><b><i><span style=\"font-size: 12pt; font-family: 'Arial',sans-serif;\">\u201cGariptir, hem \u00e7ok gariptir (hayret edilir ki) yedi y\u00fcz sene boyunca \u0130slamiyetin ve Kur\u2019an\u2019\u0131n elinde \u015eeref-\u015fiar (\u015ean ve \u015ferefle \u015f\u00f6hret bulan), barika-asa (\u015eim\u015fek gibi parlayan) bir elmas k\u0131l\u0131n\u00e7 olan T\u00fcrk milletini ve T\u00fcrk\u00e7\u00fcl\u00fck (d\u00fc\u015f\u00fcncesini), muvakketen (ge\u00e7ici bir d\u00f6nem) \u0130slamiyetin bir k\u0131s\u0131m \u015eeairine (Ezan, Kur\u2019an, \u0130mam-Hatip, ba\u015f\u00f6rt\u00fcs\u00fc gibi dinin simgelerine) kar\u015f\u0131 kullanmaya \u00e7al\u0131\u015f\u0131r. Fakat (tam) muvaffak olamaz (sonunda) geri \u00e7ekilmeye (mecbur kal\u0131r) (\u00c7\u00fcnk\u00fc) \u201cKahraman ordu, dizginini onun (masonlu\u011fun, Siyonist ve sabataist gurubunun) elinden kurtar\u0131yor\u201d (ve kurtaracak) diye, (hadis) rivayetlerden anla\u015f\u0131l\u0131yor<\/span><\/i><\/b><span style=\"font-size: 12pt; font-family: 'Arial',sans-serif;\">.\u201d[18]<\/span><\/p>\n<p style=\"margin-bottom: 0.0001pt; text-align: justify; text-indent: 14.2pt; line-height: normal;\"><span style=\"font-size: 12pt; font-family: 'Arial',sans-serif;\">Evet, Yunanistan\u2019\u0131n Stratejik Ara\u015ft\u0131rmalar Enstit\u00fcs\u00fc eski ba\u015fkan\u0131 Korgeneral Tagaris taraf\u0131ndan yaz\u0131lan ve ABD Chicago\u2019da H\u0131ristiyan Siyonistlerin Armegeddon yay\u0131n evinde 1978\u2019de bas\u0131lan ve \u00fccretsiz da\u011f\u0131t\u0131lan kitab\u0131nda:<\/span><\/p>\n<p style=\"margin-bottom: 0.0001pt; text-align: justify; text-indent: 14.2pt; line-height: normal;\"><b><i><span style=\"font-size: 12pt; font-family: 'Arial',sans-serif;\">\u201cBiz T\u00fcrklerin canavar derecesinde barbar bir \u0131rka mensup oldu\u011fumuzu\u2026 Anadolu\u2019da farkl\u0131 din ve k\u00f6kenden milyonlarca insan\u0131 katledip, \u015fimdi kendimize ait olmayan topraklarda oturdu\u011fumuzu\u2026 \u00d6yle 50 milyon falan de\u011fil, K\u00fcrtler, ermeni ve Rum as\u0131ll\u0131lar say\u0131lmazsa n\u00fcfusumuzun 20 milyonu zor buldu\u011funu\u2026 Tarihi adaletin bu T\u00fcrk vah\u015fetini temizlemek \u00fczere; Anadolu\u2019da yeniden K\u00fcrdistan\u2019\u0131n, Ermenistan\u2019\u0131n ve Pontus \u0130mparatorlu\u011funun kurulmas\u0131n\u0131n \u015fart oldu\u011funu\u201d[19]&nbsp;yazarken\u2026<\/span><\/i><\/b><\/p>\n<p style=\"margin-bottom: 0.0001pt; text-align: justify; text-indent: 14.2pt; line-height: normal;\"><span style=\"font-size: 12pt; font-family: 'Arial',sans-serif;\">Ve yine Avrupa konseyinin 26 Nisan 2003 tarihli karar\u0131nda 6\u2019nc\u0131 ve 12\u2019nci maddelerinde \u201csiyasi \u00e7\u00f6z\u00fcm\u201d diye, az\u0131nl\u0131k sayd\u0131\u011f\u0131 K\u00fcrtlere ve di\u011fer k\u00f6kenlere her t\u00fcrl\u00fc haklar\u0131n\u0131n verilmesini z\u0131rvalarken, hala AB\u2019ye girmeye can atan NATO kafal\u0131 gafillere\u2026 Ba\u015fbakan iken, Kuvvet komutanlar\u0131n\u0131n atama g\u00f6r\u00fc\u015fmelerini ve MGK\u2019daki geli\u015fmeleri Ertu\u011frul \u00d6zk\u00f6k, Zafer Mutlu ve Hasan Cemal gibi sicili bozuk gazetecilerle konu\u015fup de\u011ferlendirecek kadar seviyesini al\u00e7altan Bilderbergci Mason Mesut Y\u0131lmaz gibi siyasilere\u2026[20]&nbsp;Emin \u00c7\u00f6la\u015fan\u2019\u0131n 27 Mart 2003 tarihli k\u00f6\u015fesinde \u201cBu s\u00fcre\u00e7te beni \u00fcrk\u00fcten bir \u015fey var. Genel Kurmay Ba\u015fkan\u0131n\u0131n ki\u015fili\u011finde, toplumun g\u00fcvendi\u011fi tek kurum olan Silahl\u0131 kuvvetlerin y\u0131pranmas\u0131ndan endi\u015fe ediyorum\u201d dedi\u011fi\u2026 28 Mart 2003\u2019de Mustafa Balbay\u2019\u0131n ise: \u201cAcaba yurt d\u0131\u015f\u0131nda ve NATO k\u0131\u015flas\u0131nda on sekiz (18) sene kalmas\u0131n\u0131n etkisiyle mi, \u00fclkemizin hassasiyetlerine ve dengelerine bat\u0131 g\u00f6z\u00fcyle bak\u0131yor?\u201d diye hayret etti\u011fi baz\u0131 generallere ra\u011fmen\u2026<\/span><\/p>\n<p style=\"margin-bottom: 0.0001pt; text-align: justify; text-indent: 14.2pt; line-height: normal;\"><span style=\"font-size: 12pt; font-family: 'Arial',sans-serif;\">1974 K\u0131br\u0131s Bar\u0131\u015f Harek\u00e2t\u0131 s\u0131ras\u0131nda, Yarbay r\u00fctbesiyle komutan\u0131 oldu\u011fu Kocatepe muhribinin, Genel Kurmaya g\u00f6nderdi\u011fi yanl\u0131\u015f mesajlar y\u00fcz\u00fcnden Yunan sava\u015f gemisi zannedilerek bizim jetlerimizce vurulup bat\u0131r\u0131lmas\u0131na sebep olan\u2026 Kocatepe muhribimizle en az 60 (altm\u0131\u015f) Mehmet\u00e7i\u011fimizi deryan\u0131n dibine bat\u0131ran\u2026 Ama kendisi denize atlayan, nas\u0131l bir tesad\u00fcfse, bu sava\u015f ortas\u0131nda oralarda g\u00fcya avlanan \u0130srail bal\u0131k\u00e7\u0131 gemisi taraf\u0131ndan bulunup kurtar\u0131lan!.. Ve bu olaydan sonra h\u0131zla y\u00fckselip Oramiral olan, hatta bir ara Genel Kurmay ba\u015fkanl\u0131\u011f\u0131na oynayan ve 28 \u015eubat\u0131n me\u015fhurlar\u0131ndan say\u0131lan\u2026 Emekli olunca da Korkmaz Yi\u011fit gibi devlet soyguncular\u0131na katiplik yapan G\u00fcven Erkaya gibi baz\u0131 ucuz kahramanlara\u2026 Korgenerallikten emekli edilince MHP\u2019ye girip Devlet Bah\u00e7eliye dan\u0131\u015fman olan ve Amerika\u2019n\u0131n Irak i\u015fgaline kar\u015f\u0131 \u00e7\u0131kanlara \u015fiddet ve hiddetle sald\u0131ran ve: \u201cAmerika Afganistan\u2019daki bata\u011f\u0131 kurutamaz\u201d dediler. Bak adam gitti, iki g\u00fcnde halletti oray\u0131\u2026 Irak sava\u015f\u0131nda da ayn\u0131 \u015feyler s\u00f6ylendi\u2026 \u201cNeymi\u015f; gelmesinler, gitmesinler, b\u00f6lgede bilmem neler olurmu\u015f\u2026\u201d Adam geldi vurdu, yerle\u015fti\u2026 Ve Amerika bir daha buradan gitmez!\u201d[21]&nbsp;diyen ve ABD\u2019nin i\u015fgal ve i\u015fkencesine sevinen milliyet\u00e7i dan\u0131\u015fmanlara ra\u011fmen\u2026<\/span><\/p>\n<p style=\"margin-bottom: 0.0001pt; text-align: justify; text-indent: 14.2pt; line-height: normal;\"><span style=\"font-size: 12pt; font-family: 'Arial',sans-serif;\">Kurmay Albay r\u00fctbesiyle 1978\u201380 aras\u0131 Kara Harp Okulu \u00f6\u011frenci Alay komutan\u0131 iken, 500 Harbiyeliden 400 kadar\u0131n\u0131, b\u00f6l\u00fcc\u00fc ve y\u0131k\u0131c\u0131 faaliyetlerinin tespit edilerek bu kutsal ve Milli kurumdan at\u0131lmas\u0131n\u0131 sa\u011flayan\u2026 Ege ordu komutanl\u0131\u011f\u0131 s\u0131ras\u0131nda, 3 Haziran 1997 gecesi \u0130zmir\u2019e giden ve Hikmet K\u00f6ksal, G\u00fcven Erkaya, Ahmet \u00c7\u00f6rek\u00e7i ve Teoman Koman\u2019la birlikte; gizli g\u00fc\u00e7lerin dayatmas\u0131yla Genel Kurmay Ba\u015fkan\u0131 \u0130smail Hakk\u0131 Karaday\u0131\u2019n\u0131n y\u00f6netime el koyup, Erbakan h\u00fck\u00fcmetini devirme teklifine; 3\u2019nc\u00fc Ordu komutan\u0131 Atilla Ate\u015fle beraber cesaret ve dirayetle kar\u015f\u0131 \u00e7\u0131karak, masonik merkezlerin bu oyununu bozan\u2026 Ve Genel Kurmay Ba\u015fkan\u0131 oldu\u011funda da, bir\u00e7ok davet almas\u0131na ra\u011fmen Amerika\u2019ya gitmeyip, \u00c7in, Hindistan, Pakistan, Japonya ve Rusya\u2019ya ziyaretler yapan ve ABD-AB emperyalizmine kar\u015f\u0131 T\u00fcrkiye merkezli yeni bir olu\u015fumun sinyallerini yakan <b>H\u00fcseyin K\u0131vr\u0131ko\u011flu<\/b> gibi asaletli, haysiyetli, cesaretli ve Milli d\u00fc\u015f\u00fcnceli \u201cba\u015f tac\u0131\u201dlar\u0131m\u0131z vard\u0131r.<\/span><\/p>\n<p style=\"margin-bottom: 0.0001pt; text-align: justify; text-indent: 14.2pt; line-height: normal;\"><span style=\"font-size: 12pt; font-family: 'Arial',sans-serif;\">Harp Akademilerindeki bir konu\u015fmas\u0131nda <b><i>\u201cAB\u2019ye mahk\u00fbm ve mecbur de\u011filiz. Bir \u00fctopya u\u011fruna \u00fclke gelece\u011fimizin ve g\u00fcvenli\u011fimizin tehlikeye girdi\u011fini g\u00f6z ard\u0131 edemeyiz\u2026 Hatta gerekirse \u00fclke ve b\u00f6lge yarar\u0131m\u0131z ve Milli \u00e7\u0131karlar\u0131m\u0131z i\u00e7in \u0130ran ve Rusya ile irtibat ve ittifaklar kurabiliriz\u201d<\/i><\/b> anlam\u0131nda tarihi ve talihli tespitler ve tembihler yapan Milli haysiyetli pa\u015falar\u0131m\u0131z da vard\u0131r\u2026<\/span><\/p>\n<p style=\"margin-bottom: 0.0001pt; text-align: justify; text-indent: 14.2pt; line-height: normal;\"><span style=\"font-size: 12pt; font-family: 'Arial',sans-serif;\">Elaz\u0131\u011f\u2019daki 8\u2019nci Kolordu Komutanl\u0131\u011f\u0131ndan tan\u0131d\u0131\u011f\u0131m\u0131z ve 1995 Ekiminde Antalya\u2019da yap\u0131lan uluslar aras\u0131 G\u00fcvenlik ve i\u015fbirli\u011fi konferans\u0131nda: <b><i>\u201cDaha ne zamana kadar ulusal \u00e7\u0131karlar\u0131m\u0131z\u0131 g\u00f6z ard\u0131 etmek pahas\u0131na, ABD\u2019nin \u00e7\u0131karlar\u0131na hizmet edece\u011fiz!?\u201d TSK ve T\u00fcrkiye, kraldan ziyade kralc\u0131 kesilip, kendi savunma ihtiya\u00e7lar\u0131n\u0131 bir kenara itip, NATO direktiflerinin esiri olmu\u015f gibiyiz!&#8230; Biz bu yanl\u0131\u015f zihniyetin cezas\u0131n\u0131, haz\u0131rl\u0131kl\u0131 olmad\u0131\u011f\u0131m\u0131zdan dolay\u0131 G\u00fcneydo\u011fudaki ter\u00f6r m\u00fccadelemizde \u00e7ok ac\u0131 \u015fekilde \u00e7ekmi\u015fiz!\u201d <\/i><\/b>diye hayk\u0131r\u0131\u015flar\u0131n\u0131 hat\u0131rlad\u0131\u011f\u0131m\u0131z mert, metin ve M\u00fcmin komutanlar\u0131m\u0131z vard\u0131r.<\/span><\/p>\n<p style=\"margin-bottom: 0.0001pt; text-align: justify; text-indent: 14.2pt; line-height: normal;\"><span style=\"font-size: 12pt; font-family: 'Arial',sans-serif;\">Duyarl\u0131 bir ayd\u0131n\u0131m\u0131z\u0131n yerinde tespitiyle, \u201cd\u00f6nemin \u0130ngiliz B\u00fcy\u00fckel\u00e7isi ve mason Re\u015fit Pa\u015fan\u0131n birlikte haz\u0131rlad\u0131\u011f\u0131 ve Tanzimat-\u0131 Hayriye diye toplumun aldat\u0131ld\u0131\u011f\u0131 s\u00fcre\u00e7 asl\u0131nda, M\u00fcsl\u00fcman T\u00fcrklerin \u00e7\u00f6z\u00fclmesi ve Barbar bat\u0131l\u0131larca fikren ve fiilen esir edilmesinin en somut ad\u0131m\u0131d\u0131r. <b><i>\u201cEn az y\u00fczde on hain kontenjan\u0131m\u0131z vard\u0131r\u201d<\/i><\/b> ve emperyalist g\u00fc\u00e7ler i\u00e7imizdeki bu hainler eliyle \u00fclkemizi kontrol alt\u0131nda tutmaktad\u0131r.<\/span><\/p>\n<p style=\"margin-bottom: 0.0001pt; text-align: justify; text-indent: 14.2pt; line-height: normal;\"><b><span style=\"font-size: 12pt; font-family: 'Arial',sans-serif;\">Mustafa Kemal, bu \u00e7\u00f6z\u00fclme s\u00fcrecinin h\u0131z\u0131n\u0131 azaltmaya ve d\u00e2hiyane bir manevra ile hain masonlar\u0131 oyalamaya ve hi\u00e7 de\u011filse s\u0131n\u0131rlar\u0131 belirli bir vatan par\u00e7as\u0131n\u0131 kurtarmaya \u00e7al\u0131\u015fm\u0131\u015f ve ba\u015farm\u0131\u015ft\u0131r. Atat\u00fcrk, rejimi Cumhuriyet olan Milli bir devlet kurmak ve bunu \u0130slam-\u00dcmmet bilincinden s\u00fczece\u011fi Milli ve medeni bir k\u00fclt\u00fcr temeline oturtmak amac\u0131n\u0131 ta\u015f\u0131m\u0131\u015ft\u0131r. Atat\u00fcrk her t\u00fcrl\u00fc mandac\u0131l\u0131\u011f\u0131n ve Bat\u0131l\u0131lara dayanman\u0131n kar\u015f\u0131s\u0131ndad\u0131r. \u0130smet \u0130n\u00f6n\u00fc ile aralar\u0131ndaki uyu\u015fmazl\u0131\u011f\u0131n esas nedeni de bu noktada aranmal\u0131d\u0131r. \u0130smet \u0130n\u00f6n\u00fc mandac\u0131d\u0131r. Tam h\u00fcrriyetten de\u011fil, d\u0131\u015f himayeden yanad\u0131r. \u0130\u015fte bu y\u00fczden Hatay sorunu s\u0131ras\u0131nda Atat\u00fcrk\u2019le aralar\u0131 tamamen a\u00e7\u0131lm\u0131\u015f ve Mustafa Kemal, \u0130smet \u0130n\u00f6n\u00fc\u2019y\u00fc Ba\u015fbakanl\u0131ktan uzakla\u015ft\u0131rm\u0131\u015f ve \u00f6l\u00fcnceye kadar yan\u0131na yakla\u015ft\u0131rmam\u0131\u015ft\u0131r. Ve Atat\u00fcrk\u2019ten sonra onun \u00f6l\u00fcm\u00fcne sebep olan hain g\u00fc\u00e7ler (masonlar ve d\u00f6nmeler) taraf\u0131ndan \u0130n\u00f6n\u00fc hi\u00e7 hesapta yokken Cumhurba\u015fkan\u0131 yap\u0131lm\u0131\u015f ve uydurduklar\u0131 Kemalizm safsatas\u0131yla Atat\u00fcrk\u2019\u00fcn ba\u015flatt\u0131\u011f\u0131 Milli, yerli ve haysiyetli bir d\u00f6nemi kapatm\u0131\u015f, Tanzimat\u2019la ba\u015flayan \u00e7\u00f6z\u00fclme s\u00fcrecine yeniden h\u0131z kazand\u0131rm\u0131\u015ft\u0131r. Anadolu\u2019yu par\u00e7alama plan\u0131 olan \u201cSEVR\u201d ameliyat\u0131n\u0131n yap\u0131labilmesi i\u00e7in, Milletimizi narkozla uyu\u015fturma a\u015famas\u0131 say\u0131lan \u201cLOZAN\u201d\u0131n gizli maddeleri bir bir tatbikata sokularak, \u00fclkemizdeki etnik ve dini \u00e7at\u0131\u015fma ve yozla\u015fman\u0131n yollar\u0131 a\u00e7\u0131lm\u0131\u015ft\u0131r.<\/span><\/b><\/p>\n<p>&nbsp;<\/p>\n<hr \/>\n<p style=\"margin-bottom: 0.0001pt; text-align: justify; line-height: normal;\"><a id=\"ftn1\" style=\"vertical-align: super;\" href=\"#ftnref1\">[1]<\/a><span style=\"font-size: 9pt; font-family: 'Arial',sans-serif;\"> Barla Lahikas\u0131 Sh:1503<\/span><\/p>\n<p style=\"margin-bottom: 0.0001pt; text-align: justify; line-height: normal;\"><a id=\"ftn2\" style=\"vertical-align: super;\" href=\"#ftnref2\">[2]<\/a><span style=\"font-size: 9pt; font-family: 'Arial',sans-serif;\"> Bak: Emirda\u011f Lahikas\u0131 Sh:1820\u20131821 R\u0130salei Nur K\u00fclliyat\u0131 2. Cilt Nesil Ne\u015friyat<\/span><\/p>\n<p style=\"margin-bottom: 0.0001pt; text-align: justify; line-height: normal;\"><a id=\"ftn3\" style=\"vertical-align: super;\" href=\"#ftnref3\">[3]<\/a><span style=\"font-size: 9pt; font-family: 'Arial',sans-serif;\"> Bak: Emirda\u011f Lahikas\u0131 27.Mektup<\/span><\/p>\n<p style=\"margin-bottom: 0.0001pt; text-align: justify; line-height: normal;\"><a id=\"ftn4\" style=\"vertical-align: super;\" href=\"#ftnref4\">[4]<\/a><span style=\"font-size: 9pt; font-family: 'Arial',sans-serif;\"> Tarih\u00e7e-i Hayat \u0130lk Hayat\u0131 Sh:2137<\/span><\/p>\n<p style=\"margin-bottom: 0.0001pt; text-align: justify; line-height: normal;\"><a id=\"ftn5\" style=\"vertical-align: super;\" href=\"#ftnref5\">[5]<\/a><span style=\"font-size: 9pt; font-family: 'Arial',sans-serif;\"> Tarih\u00e7e-i Hayat \u0130lk Hayat\u0131 Sh:2138<\/span><\/p>\n<p style=\"margin-bottom: 0.0001pt; text-align: justify; line-height: normal;\"><a id=\"ftn6\" style=\"vertical-align: super;\" href=\"#ftnref6\">[6]<\/a><span style=\"font-size: 9pt; font-family: 'Arial',sans-serif;\"> Said Nursi Tarih\u00e7e-i Hayat. Eski\u015fehir Hayat\u0131<\/span><\/p>\n<p style=\"margin-bottom: 0.0001pt; text-align: justify; line-height: normal;\"><a id=\"ftn7\" style=\"vertical-align: super;\" href=\"#ftnref7\">[7]<\/a><span style=\"font-size: 9pt; font-family: 'Arial',sans-serif;\"> Bak: \u0130lk Hayat Sh:2139<\/span><\/p>\n<p style=\"margin-bottom: 0.0001pt; text-align: justify; line-height: normal;\"><a id=\"ftn8\" style=\"vertical-align: super;\" href=\"#ftnref8\">[8]<\/a><span style=\"font-size: 9pt; font-family: 'Arial',sans-serif;\"> Barla Hayat\u0131 Sh:2140<\/span><\/p>\n<p style=\"margin-bottom: 0.0001pt; text-align: justify; line-height: normal;\"><a id=\"ftn9\" style=\"vertical-align: super;\" href=\"#ftnref9\">[9]<\/a><span style=\"font-size: 9pt; font-family: 'Arial',sans-serif;\"> Emirda\u011f Lahikas\u0131 27. Mektup<\/span><\/p>\n<p style=\"margin-bottom: 0.0001pt; text-align: justify; line-height: normal;\"><a id=\"ftn10\" style=\"vertical-align: super;\" href=\"#ftnref10\">[10]<\/a><span style=\"font-size: 9pt; font-family: 'Arial',sans-serif;\"> Emirda\u011f Lahikas\u0131 27. Mektup<\/span><\/p>\n<p style=\"margin-bottom: 0.0001pt; text-align: justify; line-height: normal;\"><a id=\"ftn11\" style=\"vertical-align: super;\" href=\"#ftnref11\">[11]<\/a><span style=\"font-size: 9pt; font-family: 'Arial',sans-serif;\"> Hulki Cevizo\u011flu B\u00fct\u00fcn Kaleler Zapt Edilmedi Sh:8<\/span><\/p>\n<p style=\"margin-bottom: 0.0001pt; text-align: justify; line-height: normal;\"><a id=\"ftn12\" style=\"vertical-align: super;\" href=\"#ftnref12\">[12]<\/a><span style=\"font-size: 9pt; font-family: 'Arial',sans-serif;\"> D\u00fcnyan\u0131n Gizli Y\u00f6neticileri Mehmet \u00d6ks\u00fcz Mavi Ay Yay\u0131nlar\u0131<\/span><\/p>\n<p style=\"margin-bottom: 0.0001pt; text-align: justify; line-height: normal;\"><a id=\"ftn13\" style=\"vertical-align: super;\" href=\"#ftnref13\">[13]<\/a><span style=\"font-size: 9pt; font-family: 'Arial',sans-serif;\"> Divan-\u0131 Harbi \u00d6rfi Sh:1925<\/span><\/p>\n<p style=\"margin-bottom: 0.0001pt; text-align: justify; line-height: normal;\"><a id=\"ftn14\" style=\"vertical-align: super;\" href=\"#ftnref14\">[14]<\/a><span style=\"font-size: 9pt; font-family: 'Arial',sans-serif;\"> Emirda\u011f Lahikas\u0131 27. Mektup Sh:1760<\/span><\/p>\n<p style=\"margin-bottom: 0.0001pt; text-align: justify; line-height: normal;\"><a id=\"ftn15\" style=\"vertical-align: super;\" href=\"#ftnref15\">[15]<\/a><span style=\"font-size: 9pt; font-family: 'Arial',sans-serif;\"> K\u00fclliyat Nesil Yay. 1. Cilt Sh:1080- Ba\u015fbakanl\u0131\u011fa mektup<\/span><\/p>\n<p style=\"margin-bottom: 0.0001pt; text-align: justify; line-height: normal;\"><a id=\"ftn16\" style=\"vertical-align: super;\" href=\"#ftnref16\">[16]<\/a><span style=\"font-size: 9pt; font-family: 'Arial',sans-serif;\"> Bak. Bedi\u00fczzaman\u0131n hayat\u0131. Ye\u011feni Abdurrahman Nursi Sh. 106-107 Piran yay. \u0130st<\/span><\/p>\n<p style=\"margin-bottom: 0.0001pt; text-align: justify; line-height: normal;\"><a id=\"ftn17\" style=\"vertical-align: super;\" href=\"#ftnref17\">[17]<\/a><span style=\"font-size: 9pt; font-family: 'Arial',sans-serif;\"> Emirda\u011f Lahikas\u0131 27. Mektup<\/span><\/p>\n<p style=\"margin-bottom: 0.0001pt; text-align: justify; line-height: normal;\"><a id=\"ftn18\" style=\"vertical-align: super;\" href=\"#ftnref18\">[18]<\/a><span style=\"font-size: 9pt; font-family: 'Arial',sans-serif;\"> Be\u015finci \u015eua 3. K\u00fc\u00e7\u00fck Mesele 3. Hadise<\/span><\/p>\n<p style=\"margin-bottom: 0.0001pt; text-align: justify; line-height: normal;\"><a id=\"ftn19\" style=\"vertical-align: super;\" href=\"#ftnref19\">[19]<\/a><span style=\"font-size: 9pt; font-family: 'Arial',sans-serif;\"> Atilla \u0130lhan\u2019la Birka\u00e7 Saat Hulki Cevizo\u011flu Sh:5-6-7<\/span><\/p>\n<p style=\"margin-bottom: 0.0001pt; text-align: justify; line-height: normal;\"><a id=\"ftn20\" style=\"vertical-align: super;\" href=\"#ftnref20\">[20]<\/a><span style=\"font-size: 9pt; font-family: 'Arial',sans-serif;\"> Apolet-K\u0131l\u0131\u00e7 ve \u0130ktidar Faruk Mercan 4. Bask\u0131 Do\u011fan Kitap Sh:33<\/span><\/p>\n<p style=\"margin-bottom: 0.0001pt; text-align: justify; line-height: normal;\"><a id=\"ftn21\" style=\"vertical-align: super;\" href=\"#ftnref21\">[21]<\/a><span style=\"font-size: 9pt; font-family: 'Arial',sans-serif;\"> Apolet-K\u0131l\u0131\u00e7 ve \u0130ktidar Faruk Mercan Sh:258<\/span><\/p>\n","protected":false},"excerpt":{"rendered":"<p>&nbsp; Erg\u00fcn Poyraz\u2019\u0131n: Siyonist Yahudi g\u00fcd\u00fcml\u00fc \u201cAmerikan State Univercity of NewYork Eress\u201d taraf\u0131ndan, Sabataist \u015eerif Mardin\u2019e haz\u0131rlatt\u0131r\u0131lan \u201cBED\u0130\u00dcZZAMAN\u201d adl\u0131 kitab\u0131ndaki hesapl\u0131 \u00e7arp\u0131tmalar\u0131 ve alakas\u0131z yorumlar\u0131 ger\u00e7ekmi\u015f gibi esas alarak, O b\u00fcy\u00fck \u015fahsiyeti \u201cErmeni as\u0131ll\u0131 ve h\u0131yanet kas\u0131tl\u0131\u201d g\u00f6sterme \u00e7abalar\u0131; AMER\u0130KADAK\u0130 \u0130MAM kitab\u0131ndaki CIA fig\u00fcran\u0131 Fetullah G\u00fclen\u2019le ilgili ciddi ve hayret verici tespitlerinin g\u00fcvenilirli\u011fine de maalesef [&hellip;]<\/p>\n","protected":false},"author":13,"featured_media":0,"comment_status":"open","ping_status":"closed","sticky":false,"template":"","format":"standard","meta":{"footnotes":""},"categories":[174],"tags":[],"class_list":["post-3183","post","type-post","status-publish","format-standard","hentry","category-mart-2015"],"_links":{"self":[{"href":"https:\/\/www.millicozum.com\/mc\/wp-json\/wp\/v2\/posts\/3183","targetHints":{"allow":["GET"]}}],"collection":[{"href":"https:\/\/www.millicozum.com\/mc\/wp-json\/wp\/v2\/posts"}],"about":[{"href":"https:\/\/www.millicozum.com\/mc\/wp-json\/wp\/v2\/types\/post"}],"author":[{"embeddable":true,"href":"https:\/\/www.millicozum.com\/mc\/wp-json\/wp\/v2\/users\/13"}],"replies":[{"embeddable":true,"href":"https:\/\/www.millicozum.com\/mc\/wp-json\/wp\/v2\/comments?post=3183"}],"version-history":[{"count":0,"href":"https:\/\/www.millicozum.com\/mc\/wp-json\/wp\/v2\/posts\/3183\/revisions"}],"wp:attachment":[{"href":"https:\/\/www.millicozum.com\/mc\/wp-json\/wp\/v2\/media?parent=3183"}],"wp:term":[{"taxonomy":"category","embeddable":true,"href":"https:\/\/www.millicozum.com\/mc\/wp-json\/wp\/v2\/categories?post=3183"},{"taxonomy":"post_tag","embeddable":true,"href":"https:\/\/www.millicozum.com\/mc\/wp-json\/wp\/v2\/tags?post=3183"}],"curies":[{"name":"wp","href":"https:\/\/api.w.org\/{rel}","templated":true}]}}