{"id":3190,"date":"2015-02-26T15:09:50","date_gmt":"2015-02-26T15:09:50","guid":{"rendered":"https:\/\/www.millicozum.com\/mc\/2015\/02\/26\/ey-gafil-yonetici\/"},"modified":"2015-02-26T15:09:50","modified_gmt":"2015-02-26T15:09:50","slug":"ey-gafil-yonetici","status":"publish","type":"post","link":"https:\/\/www.millicozum.com\/mc\/2015\/mart-2015\/ey-gafil-yonetici\/","title":{"rendered":"EY GAF\u0130L Y\u00d6NET\u0130C\u0130"},"content":{"rendered":"\n<p>\u00a0<\/p>\n<p style=\"margin-bottom: 0.0001pt; text-align: justify; text-indent: 144pt;\"><b><span style=\"font-size: 16pt; font-family: Arial, sans-serif;\">EY GAF\u0130L Y\u00d6NET\u0130C\u0130<\/span><\/b><\/p>\n<p style=\"margin-bottom: 0.0001pt; text-align: justify; text-indent: 144pt;\">\u00a0<\/p>\n<p style=\"margin-bottom: 0.0001pt; text-align: justify; text-indent: 4cm; line-height: normal;\"><span style=\"font-size: 12pt; font-family: 'Arial',sans-serif;\">Akl\u0131 olan hakl\u0131 yoldan, vicdan\u0131 da var ise<\/span><\/p>\n<p style=\"margin-bottom: 0.0001pt; text-align: justify; text-indent: 4cm; line-height: normal;\"><span style=\"font-size: 12pt; font-family: 'Arial',sans-serif;\">Milli G\u00f6r\u00fc\u015f katar\u0131ndan, y\u00fckten ka\u00e7\u0131p iner mi?<\/span><\/p>\n<p style=\"margin-bottom: 0.0001pt; text-align: justify; text-indent: 4cm; line-height: normal;\"><span style=\"font-size: 12pt; font-family: 'Arial',sans-serif;\">\u0130man\u0131yla bar\u0131\u015f\u0131ksa, Mevlas\u0131 da yar ise<\/span><\/p>\n<p style=\"margin-bottom: 0.0001pt; text-align: justify; text-indent: 4cm; line-height: normal;\"><span style=\"font-size: 12pt; font-family: 'Arial',sans-serif;\">\u015eeytan Siyon kat\u0131r\u0131na, makam i\u00e7in biner mi?<\/span><\/p>\n<p style=\"margin-bottom: 0.0001pt; text-align: justify; text-indent: 4cm; line-height: normal;\"><span style=\"font-size: 12pt; font-family: 'Arial',sans-serif;\">.<\/span><\/p>\n<p style=\"margin-bottom: 0.0001pt; text-align: justify; text-indent: 4cm; line-height: normal;\"><span style=\"font-size: 12pt; font-family: 'Arial',sans-serif;\">Bir zamanlar g\u00f6n\u00fcldeydin, bir bak \u015fimdi nerdesin<\/span><\/p>\n<p style=\"margin-bottom: 0.0001pt; text-align: justify; text-indent: 4cm; line-height: normal;\"><span style=\"font-size: 12pt; font-family: 'Arial',sans-serif;\">Y\u00fccelerden d\u00fc\u015f\u00fcverdin, en safilin yerdesin<\/span><\/p>\n<p style=\"margin-bottom: 0.0001pt; text-align: justify; text-indent: 4cm; line-height: normal;\"><span style=\"font-size: 12pt; font-family: 'Arial',sans-serif;\">Dilin hay\u0131r s\u00f6ylese de, billahi hep \u015ferdesin<\/span><\/p>\n<p style=\"margin-bottom: 0.0001pt; text-align: justify; text-indent: 4cm; line-height: normal;\"><span style=\"font-size: 12pt; font-family: 'Arial',sans-serif;\">Din sat\u0131p d\u00fcnyay\u0131 almak, s\u00f6yle dostum h\u00fcner mi?<\/span><\/p>\n<p style=\"margin-bottom: 0.0001pt; text-align: justify; text-indent: 4cm; line-height: normal;\"><span style=\"font-size: 12pt; font-family: 'Arial',sans-serif;\">.<\/span><\/p>\n<p style=\"margin-bottom: 0.0001pt; text-align: justify; text-indent: 4cm; line-height: normal;\"><span style=\"font-size: 12pt; font-family: 'Arial',sans-serif;\">\u0130blis madalya takarak, fani taht\u0131n onard\u0131<\/span><\/p>\n<p style=\"margin-bottom: 0.0001pt; text-align: justify; text-indent: 4cm; line-height: normal;\"><span style=\"font-size: 12pt; font-family: 'Arial',sans-serif;\">Manevi m\u00fcflis olarak, baki baht\u0131n karard\u0131<\/span><\/p>\n<p style=\"margin-bottom: 0.0001pt; text-align: justify; text-indent: 4cm; line-height: normal;\"><span style=\"font-size: 12pt; font-family: 'Arial',sans-serif;\">Sen kukla \u015fah yap\u0131ld\u0131n ya, veliaht\u0131n sorard\u0131:<\/span><\/p>\n<p style=\"margin-bottom: 0.0001pt; text-align: justify; text-indent: 4cm; line-height: normal;\"><span style=\"font-size: 12pt; font-family: 'Arial',sans-serif;\">Rotschild mi bay eder beni, yoksa yerli Ciner mi?<\/span><\/p>\n<p style=\"margin-bottom: 0.0001pt; text-align: justify; text-indent: 4cm; line-height: normal;\"><b><i><span style=\"font-size: 12pt; font-family: 'Arial',sans-serif;\">.<\/span><\/i><\/b><\/p>\n<p style=\"margin-bottom: 0.0001pt; text-align: justify; text-indent: 4cm; line-height: normal;\"><b><i><span style=\"font-size: 12pt; font-family: 'Arial',sans-serif;\">\u0130slam Birli\u011fi<\/span><\/i><\/b><span style=\"font-size: 12pt; font-family: 'Arial',sans-serif;\"> kursana, h\u00fcrs\u00fcn g\u00fc\u00e7l\u00fcs\u00fcn madem<\/span><\/p>\n<p style=\"margin-bottom: 0.0001pt; text-align: justify; text-indent: 4cm; line-height: normal;\"><span style=\"font-size: 12pt; font-family: 'Arial',sans-serif;\">Zalime alet olmakla, artar vebalin her dem<\/span><\/p>\n<p style=\"margin-bottom: 0.0001pt; text-align: justify; text-indent: 4cm; line-height: normal;\"><b><i><span style=\"font-size: 12pt; font-family: 'Arial',sans-serif;\">\u201cGavurdan dost, domuzdan post\u201d,<\/span><\/i><\/b><span style=\"font-size: 12pt; font-family: 'Arial',sans-serif;\"> olur mu hi\u00e7 be adem<\/span><\/p>\n<p style=\"margin-bottom: 0.0001pt; text-align: justify; text-indent: 4cm; line-height: normal;\"><span style=\"font-size: 12pt; font-family: 'Arial',sans-serif;\">Sen esrar m\u0131 \u00e7ektin yahu, yoksa afyon tiner mi?<\/span><\/p>\n<p style=\"margin-bottom: 0.0001pt; text-align: justify; text-indent: 4cm; line-height: normal;\"><span style=\"font-size: 12pt; font-family: 'Arial',sans-serif;\">.<\/span><\/p>\n<p style=\"margin-bottom: 0.0001pt; text-align: justify; text-indent: 4cm; line-height: normal;\"><span style=\"font-size: 12pt; font-family: 'Arial',sans-serif;\">Haktan uzakta in\u015fallah, bozulmam\u0131\u015f tiynetin<\/span><\/p>\n<p style=\"margin-bottom: 0.0001pt; text-align: justify; text-indent: 4cm; line-height: normal;\"><span style=\"font-size: 12pt; font-family: 'Arial',sans-serif;\">Hayra d\u00f6n huzur bulas\u0131n, kat kat arts\u0131n k\u0131ymetin<\/span><\/p>\n<p style=\"margin-bottom: 0.0001pt; text-align: justify; text-indent: 4cm; line-height: normal;\"><span style=\"font-size: 12pt; font-family: 'Arial',sans-serif;\">Nasipten fazlas\u0131 olmaz, neyse gelir k\u0131smetin<\/span><\/p>\n<p style=\"margin-bottom: 0.0001pt; text-align: justify; text-indent: 4cm; line-height: normal;\"><span style=\"font-size: 12pt; font-family: 'Arial',sans-serif;\">Sen Kur\u2019an\u2019a y\u00f6nelmezsen, ruhta azap diner mi?<\/span><\/p>\n<p style=\"margin-bottom: 0.0001pt; text-align: justify; text-indent: 4cm; line-height: normal;\"><span style=\"font-size: 12pt; font-family: 'Arial',sans-serif;\">.<\/span><\/p>\n<p style=\"margin-bottom: 0.0001pt; text-align: justify; text-indent: 4cm; line-height: normal;\"><span style=\"font-size: 12pt; font-family: 'Arial',sans-serif;\">\u015eimdi t\u00f6vbe zaman\u0131d\u0131r, Adil D\u00fczene yap\u0131\u015f<\/span><\/p>\n<p style=\"margin-bottom: 0.0001pt; text-align: justify; text-indent: 4cm; line-height: normal;\"><span style=\"font-size: 12pt; font-family: 'Arial',sans-serif;\">G\u00f6n\u00fclden Allah\u2019a s\u0131\u011f\u0131n, korkma zalimle kap\u0131\u015f<\/span><\/p>\n<p style=\"margin-bottom: 0.0001pt; text-align: justify; text-indent: 4cm; line-height: normal;\"><span style=\"font-size: 12pt; font-family: 'Arial',sans-serif;\">Yeter nefse k\u00f6leli\u011fin, diren kendinle \u00e7arp\u0131\u015f<\/span><\/p>\n<p style=\"margin-bottom: 0.0001pt; text-align: justify; text-indent: 4cm; line-height: normal;\"><span style=\"font-size: 12pt; font-family: 'Arial',sans-serif;\">Kahraman olan bir ki\u015fi, d\u00fc\u015fman\u0131ndan siner mi?<\/span><\/p>\n<p style=\"margin-bottom: 0.0001pt; text-align: justify; text-indent: 4cm; line-height: normal;\"><span style=\"font-size: 12pt; font-family: 'Arial',sans-serif;\">.<\/span><\/p>\n<p style=\"margin-bottom: 0.0001pt; text-align: justify; text-indent: 4cm; line-height: normal;\"><span style=\"font-size: 12pt; font-family: 'Arial',sans-serif;\">Tercihin ahiret midir, yoksa d\u00fcnya \u00fclk\u00fcn m\u00fc<\/span><\/p>\n<p style=\"margin-bottom: 0.0001pt; text-align: justify; text-indent: 4cm; line-height: normal;\"><span style=\"font-size: 12pt; font-family: 'Arial',sans-serif;\">Mal ve makam emanettir, san\u0131yorsun m\u00fclk\u00fcn m\u00fc<\/span><\/p>\n<p style=\"margin-bottom: 0.0001pt; text-align: justify; text-indent: 4cm; line-height: normal;\"><span style=\"font-size: 12pt; font-family: 'Arial',sans-serif;\">Hem Rahman\u0131 hem \u015eeytan\u2019\u0131, raz\u0131 etmek m\u00fcmk\u00fcn m\u00fc<\/span><\/p>\n<p style=\"margin-bottom: 0.0001pt; text-align: justify; text-indent: 4cm; line-height: normal;\"><span style=\"font-size: 12pt; font-family: 'Arial',sans-serif;\">Ger\u00e7ek iman sahipleri, hi\u00e7 Allah\u2019\u0131 dener mi?<\/span><\/p>\n<p style=\"margin-bottom: 0.0001pt; text-align: justify; text-indent: 4cm; line-height: normal;\"><span style=\"font-size: 12pt; font-family: 'Arial',sans-serif;\">.<\/span><\/p>\n<p style=\"margin-bottom: 0.0001pt; text-align: justify; text-indent: 1cm; line-height: normal;\"><b><span style=\"font-size: 12pt; font-family: 'Arial',sans-serif;\">Safilin:<\/span><\/b><span style=\"font-size: 12pt; font-family: 'Arial',sans-serif;\"> En a\u015fa\u011f\u0131<\/span><\/p>\n<p style=\"margin-bottom: 0.0001pt; text-align: justify; text-indent: 1cm; line-height: normal;\"><b><span style=\"font-size: 12pt; font-family: 'Arial',sans-serif;\">\u0130blis:<\/span><\/b><span style=\"font-size: 12pt; font-family: 'Arial',sans-serif;\"> \u015eeytan<\/span><\/p>\n<p style=\"margin-bottom: 0.0001pt; text-align: justify; text-indent: 1cm; line-height: normal;\"><b><span style=\"font-size: 12pt; font-family: 'Arial',sans-serif;\">M\u00fcflis:<\/span><\/b><span style=\"font-size: 12pt; font-family: 'Arial',sans-serif;\"> \u0130flas etmi\u015f, de\u011ferini yitirmi\u015f<\/span><\/p>\n<p style=\"margin-bottom: 0.0001pt; text-align: justify; text-indent: 1cm; line-height: normal;\"><b><span style=\"font-size: 12pt; font-family: 'Arial',sans-serif;\">Tiynet:<\/span><\/b><span style=\"font-size: 12pt; font-family: 'Arial',sans-serif;\"> Karakter, asli \u00f6zellik<\/span><\/p>\n<p style=\"margin-bottom: 0.0001pt; text-align: justify; text-indent: 1cm; line-height: normal;\"><b><span style=\"font-size: 12pt; font-family: 'Arial',sans-serif;\">Sinmek:<\/span><\/b><span style=\"font-size: 12pt; font-family: 'Arial',sans-serif;\"> Korkup \u00e7ekinmek<\/span><\/p>\n","protected":false},"excerpt":{"rendered":"<p>\u00a0 EY GAF\u0130L Y\u00d6NET\u0130C\u0130 \u00a0 Akl\u0131 olan hakl\u0131 yoldan, vicdan\u0131 da var ise Milli G\u00f6r\u00fc\u015f katar\u0131ndan, y\u00fckten ka\u00e7\u0131p iner mi? \u0130man\u0131yla bar\u0131\u015f\u0131ksa, Mevlas\u0131 da yar ise \u015eeytan Siyon kat\u0131r\u0131na, makam i\u00e7in biner mi? . Bir zamanlar g\u00f6n\u00fcldeydin, bir bak \u015fimdi nerdesin Y\u00fccelerden d\u00fc\u015f\u00fcverdin, en safilin yerdesin Dilin hay\u0131r s\u00f6ylese de, billahi hep \u015ferdesin Din sat\u0131p [&hellip;]<\/p>\n","protected":false},"author":98,"featured_media":0,"comment_status":"open","ping_status":"closed","sticky":false,"template":"","format":"standard","meta":{"footnotes":""},"categories":[174],"tags":[],"class_list":["post-3190","post","type-post","status-publish","format-standard","hentry","category-mart-2015"],"_links":{"self":[{"href":"https:\/\/www.millicozum.com\/mc\/wp-json\/wp\/v2\/posts\/3190","targetHints":{"allow":["GET"]}}],"collection":[{"href":"https:\/\/www.millicozum.com\/mc\/wp-json\/wp\/v2\/posts"}],"about":[{"href":"https:\/\/www.millicozum.com\/mc\/wp-json\/wp\/v2\/types\/post"}],"author":[{"embeddable":true,"href":"https:\/\/www.millicozum.com\/mc\/wp-json\/wp\/v2\/users\/98"}],"replies":[{"embeddable":true,"href":"https:\/\/www.millicozum.com\/mc\/wp-json\/wp\/v2\/comments?post=3190"}],"version-history":[{"count":0,"href":"https:\/\/www.millicozum.com\/mc\/wp-json\/wp\/v2\/posts\/3190\/revisions"}],"wp:attachment":[{"href":"https:\/\/www.millicozum.com\/mc\/wp-json\/wp\/v2\/media?parent=3190"}],"wp:term":[{"taxonomy":"category","embeddable":true,"href":"https:\/\/www.millicozum.com\/mc\/wp-json\/wp\/v2\/categories?post=3190"},{"taxonomy":"post_tag","embeddable":true,"href":"https:\/\/www.millicozum.com\/mc\/wp-json\/wp\/v2\/tags?post=3190"}],"curies":[{"name":"wp","href":"https:\/\/api.w.org\/{rel}","templated":true}]}}