{"id":3244,"date":"2015-03-28T12:56:33","date_gmt":"2015-03-28T12:56:33","guid":{"rendered":"https:\/\/www.millicozum.com\/mc\/2015\/03\/28\/qa-haberq-ayarsizlarina-uyari\/"},"modified":"2015-03-28T12:56:33","modified_gmt":"2015-03-28T12:56:33","slug":"a-haber-ayarsizlarina-uyari","status":"publish","type":"post","link":"https:\/\/www.millicozum.com\/mc\/ozel-yazilar\/a-haber-ayarsizlarina-uyari\/","title":{"rendered":"&#8220;a Haber&#8221; AYARSIZLARINA UYARI!"},"content":{"rendered":"\n<p style=\"text-indent: 1cm; text-align: center;\"><span style=\"font-size: 18pt;\"><strong><span style=\"line-height: 107%; font-family: 'Arial',sans-serif;\">&ldquo;<\/span><\/strong><strong><span style=\"line-height: 107%; font-family: 'Arial',sans-serif;\">a<\/span><\/strong><strong><span style=\"line-height: 107%; font-family: 'Arial',sans-serif;\"> Haber&rdquo; AYARSIZLARINA UYARI!<\/span><\/strong><\/span><\/p>\n<p style=\"text-indent: 1cm; text-align: justify;\"><span style=\"font-size: 12pt;\"><strong><span style=\"line-height: 107%; font-family: 'Arial',sans-serif;\">27 Mart 2015 ATV&rsquo;nin &ldquo;<\/span><\/strong><span style=\"font-size: 18pt;\"><strong><span style=\"line-height: 107%; font-family: 'Arial',sans-serif;\">a <\/span><\/strong><\/span><strong><span style=\"line-height: 107%; font-family: 'Arial',sans-serif;\"><span style=\"font-size: 14pt;\">Habe<\/span>r<\/span><\/strong><strong><span style=\"line-height: 107%; font-family: 'Arial',sans-serif;\">&rdquo;de CHP Gn. Ba\u015fkan\u0131 Sn. K\u0131l\u0131\u00e7daro\u011flu&rsquo;nun : <\/span><\/strong><strong><em><span style=\"line-height: 107%; font-family: 'Arial',sans-serif;\">&ldquo;<span style=\"font-size: 14pt;\">\u0130ktidara geldiklerinde, b\u00fct\u00fcn emeklilere, iki bayramda birer maa\u015f ikramiye<\/span><\/span><\/em><\/strong><strong><span style=\"line-height: 107%; font-family: 'Arial',sans-serif;\">&rdquo; \u00f6ng\u00f6ren NOTER tasdikli garanti belgesini ger\u00e7ek d\u0131\u015f\u0131 bulup g\u00fcya dalga ge\u00e7ilerek, bu bahane ile ge\u00e7mi\u015f Ba\u015fbakanlar\u0131n alt\u0131 bo\u015f vaatlerini \u00f6rneklerle s\u0131ralarken, haks\u0131z ve alakas\u0131z bi\u00e7imde Erbakan&rsquo;a \u00e7atman\u0131z tam bir \u015farlatanl\u0131kt\u0131. Erbakan&rsquo;\u0131n &ldquo;<\/span><\/strong><span style=\"font-size: 14pt;\"><strong><em><span style=\"line-height: 107%; font-family: 'Arial',sans-serif;\">Be\u015f bin tank \u00fcretme temennisinin<\/span><\/em><\/strong><\/span><strong><span style=\"line-height: 107%; font-family: 'Arial',sans-serif;\">&rdquo; de hayali ve se\u00e7meni aldatmaya y\u00f6nelik oldu\u011funu s\u00f6yleyip ger\u00e7ekler sapt\u0131r\u0131lm\u0131\u015ft\u0131. \u00d6nce, daha evvel baz\u0131lar\u0131n\u0131n uydurdu\u011fu gibi Rahmetli Erbakan &ldquo;<\/span><\/strong><span style=\"font-size: 14pt;\"><strong><span style=\"line-height: 107%; font-family: 'Arial',sans-serif;\">100 bin tank<\/span><\/strong><\/span><strong><span style=\"line-height: 107%; font-family: 'Arial',sans-serif;\">&rdquo; de\u011fil, &ldquo;<\/span><\/strong><span style=\"font-size: 14pt;\"><strong><span style=\"line-height: 107%; font-family: 'Arial',sans-serif;\">100 bin motor \u00fcretece\u011fini<\/span><\/strong><\/span><strong><span style=\"line-height: 107%; font-family: 'Arial',sans-serif;\">&rdquo; belirtmi\u015f ve bizzat kendisinin a\u00e7t\u0131\u011f\u0131 Konya T\u00dcMOSAN 20 sene \u00f6nce 100 bin motor hedefini a\u015fm\u0131\u015ft\u0131. B\u00fclent Ecevit&rsquo;te aynen sizin gibi bu konuyu \u00e7arpt\u0131r\u0131p: &ldquo;<em>Erbakan 100 bin tank yapma gibi hayallerin adam\u0131d\u0131r!&rdquo;<\/em> tarz\u0131nda ve kendi akl\u0131nca Hoca&rsquo;ya sata\u015fm\u0131\u015f ve hala video kay\u0131tlar\u0131 elimizde bulundu\u011fu \u00fczere, Mecliste bizzat Erbakan&rsquo;dan onurlu ve susturucu yan\u0131t\u0131n\u0131 alm\u0131\u015ft\u0131. Kald\u0131 ki Erbakan d\u00fcnya \u00e7ap\u0131nda bir makine profes\u00f6r\u00fcyd\u00fc ve LEOPARD tanklar\u0131n\u0131n i\u015fe yaramaz ate\u015fleme sistemini yeniden icat eden insand\u0131. Ey ATV&rsquo;nin ve &ldquo;<\/span><\/strong><strong><span style=\"line-height: 107%; font-family: 'Arial',sans-serif;\"><span style=\"font-size: 18pt;\">a<\/span> <\/span><\/strong><strong><span style=\"line-height: 107%; font-family: 'Arial',sans-serif;\"><span style=\"font-size: 14pt;\">haber<\/span>&rdquo;in kiral\u0131k yalaka tak\u0131m\u0131! \u00d6nce bir konuyla ilgili gerekli ve ger\u00e7ek\u00e7i bilginiz yoksa, veya beyniniz olay\u0131n esprisini kavramaya yetmiyorsa, kalk\u0131p sahte bilgi\u00e7lik havas\u0131yla yorum getirmeye ve dalga ge\u00e7meye yeltenmeye <\/span><\/strong><span style=\"font-size: 14pt;\"><strong><span style=\"line-height: 107%; font-family: 'Arial',sans-serif;\">sunuculuk de\u011fil soytar\u0131l\u0131k <\/span><\/strong><\/span><strong><span style=\"line-height: 107%; font-family: 'Arial',sans-serif;\">dendi\u011fini unutmay\u0131n!. Biir&hellip;<\/span><\/strong><\/span><\/p>\n<p style=\"text-indent: 1cm; text-align: justify;\"><span style=\"font-size: 12pt;\"><strong><span style=\"line-height: 107%; font-family: 'Arial',sans-serif;\">\u0130kincisi, <\/span><\/strong><span style=\"font-size: 14pt;\"><strong><span style=\"line-height: 107%; font-family: 'Arial',sans-serif;\">Erbakan Hoca<\/span><\/strong><\/span><strong><span style=\"line-height: 107%; font-family: 'Arial',sans-serif;\">&rsquo;y\u0131 da, di\u011fer palavrac\u0131 ve mason g\u00fcd\u00fcml\u00fc politikac\u0131lardan birisi gibi g\u00f6sterme ve b\u00f6ylece Siyonist \u0130srail&rsquo;in ve ABD Lobilerinin g\u00f6z\u00fcne girme gayretinizle.. <\/span><\/strong><\/span><\/p>\n<p style=\"text-indent: 1cm; text-align: justify;\"><span style=\"font-size: 12pt;\"><strong><span style=\"line-height: 107%; font-family: 'Arial',sans-serif;\">Veya &ldquo;<\/span><\/strong><span style=\"font-size: 14pt;\"><strong><span style=\"line-height: 107%; font-family: 'Arial',sans-serif;\">BOP E\u015f Ba\u015fkanl\u0131\u011f\u0131, yani gavur kahyal\u0131\u011f\u0131, PKK yav\u015fakl\u0131\u011f\u0131, Ha\u00e7l\u0131 AB u\u015fakl\u0131\u011f\u0131 ve Erbakan&rsquo;\u0131n yapt\u0131\u011f\u0131 fabrikalar\u0131, stratejik sanayi kurulu\u015flar\u0131m\u0131z\u0131, \u00fclkemizin b\u00fct\u00fcn kazan\u0131mlar\u0131n\u0131; hem de yok pahas\u0131na, yanda\u015f ortakl\u0131 yabanc\u0131lara sat\u0131p savma al\u00e7akl\u0131\u011f\u0131<\/span><\/strong><\/span><strong><span style=\"line-height: 107%; font-family: 'Arial',sans-serif;\">&rdquo; ile malum ve mal\u00fcl iktidarlar\u0131n\u0131za ve patronlar\u0131n\u0131za &ldquo;<\/span><\/strong><span style=\"font-size: 14pt;\"><strong><span style=\"line-height: 107%; font-family: 'Arial',sans-serif;\">seviye kazand\u0131rma<\/span><\/strong><\/span><strong><span style=\"line-height: 107%; font-family: 'Arial',sans-serif;\">&rdquo; gayenizle; tutup Erbakan&rsquo;a \u00e7amur atmaya, hatta haddinizi a\u015f\u0131p alay konusu yapmaya kalk\u0131\u015fman\u0131z\u0131 isteyenlerin, <\/span><\/strong><strong><span style=\"line-height: 107%; font-family: 'Arial',sans-serif;\"><span style=\"font-size: 14pt;\">kuyruk ac\u0131lar\u0131 k\u0131pra\u015fm\u0131\u015f ve bir yerleri ka\u015f\u0131nm\u0131\u015f olmas\u0131 do\u011fald\u0131&hellip;<\/span> <\/span><\/strong><strong><span style=\"line-height: 107%; font-family: 'Arial',sans-serif;\">Ama sizlerin de bu fig\u00fcranl\u0131k ve soytar\u0131l\u0131\u011f\u0131n ay\u0131b\u0131n\u0131 ve al\u00e7alt\u0131c\u0131 sonu\u00e7lar\u0131n\u0131 d\u00fc\u015f\u00fcnmeniz laz\u0131md\u0131!<\/span><\/strong><\/span><\/p>\n<p style=\"text-indent: 1cm; text-align: justify;\">\u00a0 \u00a0 \u00a0 \u00a0 \u00a0 \u00a0 \u00a0 \u00a0 \u00a0 \u00a0 \u00a0 \u00a0 \u00a0 \u00a0 \u00a0 \u00a0 \u00a0 \u00a0 \u00a0 \u00a0 \u00a0 \u00a0 \u00a0 \u00a0 \u00a0 \u00a0 \u00a0 \u00a0 \u00a0 \u00a0 \u00a0 \u00a0 \u00a0 \u00a0 \u00a0 \u00a0 \u00a0 \u00a0 \u00a0 \u00a0 \u00a0 \u00a0 \u00a0 \u00a0 \u00a0 \u00a0 \u00a0 \u00a0\u00a0<span style=\"font-size: 18pt; font-family: arial black,avant garde;\"><strong><span style=\"line-height: 107%;\">Milli \u00c7\u00f6z\u00fcm Dergisi Ad\u0131na\u00a0<\/span><\/strong><\/span><\/p>\n<p style=\"text-indent: 1cm; text-align: justify;\"><span style=\"font-size: 18pt; font-family: arial black,avant garde;\"><strong><span style=\"line-height: 107%;\"><\/span><\/strong><\/span><span style=\"font-size: 14pt; font-family: arial black,avant garde;\"><strong><span style=\"line-height: 107%;\"><span style=\"font-size: 18pt;\">\u00a0 \u00a0 \u00a0 \u00a0 \u00a0 \u00a0 \u00a0 \u00a0 \u00a0 \u00a0 \u00a0 \u00a0 \u00a0 \u00a0 \u00a0 \u00a0 \u00a0 \u00a0 \u00a0 \u00a0 \u00a0 \u00a0 \u00a0 \u00a0 \u00a0 \u00a0 \u00a0 \u00a0Ufuk EFE<\/span><\/span><\/strong><span style=\"font-size: 18pt;\"><\/span><\/span><\/p>\n","protected":false},"excerpt":{"rendered":"<p>&ldquo;a Haber&rdquo; AYARSIZLARINA UYARI! 27 Mart 2015 ATV&rsquo;nin &ldquo;a Haber&rdquo;de CHP Gn. Ba\u015fkan\u0131 Sn. K\u0131l\u0131\u00e7daro\u011flu&rsquo;nun : &ldquo;\u0130ktidara geldiklerinde, b\u00fct\u00fcn emeklilere, iki bayramda birer maa\u015f ikramiye&rdquo; \u00f6ng\u00f6ren NOTER tasdikli garanti belgesini ger\u00e7ek d\u0131\u015f\u0131 bulup g\u00fcya dalga ge\u00e7ilerek, bu bahane ile ge\u00e7mi\u015f Ba\u015fbakanlar\u0131n alt\u0131 bo\u015f vaatlerini \u00f6rneklerle s\u0131ralarken, haks\u0131z ve alakas\u0131z bi\u00e7imde Erbakan&rsquo;a \u00e7atman\u0131z tam bir \u015farlatanl\u0131kt\u0131. [&hellip;]<\/p>\n","protected":false},"author":1,"featured_media":0,"comment_status":"open","ping_status":"closed","sticky":false,"template":"","format":"standard","meta":{"footnotes":""},"categories":[98],"tags":[],"class_list":["post-3244","post","type-post","status-publish","format-standard","hentry","category-ozel-yazilar"],"_links":{"self":[{"href":"https:\/\/www.millicozum.com\/mc\/wp-json\/wp\/v2\/posts\/3244","targetHints":{"allow":["GET"]}}],"collection":[{"href":"https:\/\/www.millicozum.com\/mc\/wp-json\/wp\/v2\/posts"}],"about":[{"href":"https:\/\/www.millicozum.com\/mc\/wp-json\/wp\/v2\/types\/post"}],"author":[{"embeddable":true,"href":"https:\/\/www.millicozum.com\/mc\/wp-json\/wp\/v2\/users\/1"}],"replies":[{"embeddable":true,"href":"https:\/\/www.millicozum.com\/mc\/wp-json\/wp\/v2\/comments?post=3244"}],"version-history":[{"count":0,"href":"https:\/\/www.millicozum.com\/mc\/wp-json\/wp\/v2\/posts\/3244\/revisions"}],"wp:attachment":[{"href":"https:\/\/www.millicozum.com\/mc\/wp-json\/wp\/v2\/media?parent=3244"}],"wp:term":[{"taxonomy":"category","embeddable":true,"href":"https:\/\/www.millicozum.com\/mc\/wp-json\/wp\/v2\/categories?post=3244"},{"taxonomy":"post_tag","embeddable":true,"href":"https:\/\/www.millicozum.com\/mc\/wp-json\/wp\/v2\/tags?post=3244"}],"curies":[{"name":"wp","href":"https:\/\/api.w.org\/{rel}","templated":true}]}}