{"id":3245,"date":"2015-03-30T15:15:24","date_gmt":"2015-03-30T15:15:24","guid":{"rendered":"https:\/\/www.millicozum.com\/mc\/2015\/03\/30\/mhp-sp-ve-bbp-secim-ittifaki-tarihi-bir-inkilabtir\/"},"modified":"2015-03-30T15:15:24","modified_gmt":"2015-03-30T15:15:24","slug":"mhp-sp-ve-bbp-secim-ittifaki-tarihi-bir-inkilabtir","status":"publish","type":"post","link":"https:\/\/www.millicozum.com\/mc\/ozel-yazilar\/mhp-sp-ve-bbp-secim-ittifaki-tarihi-bir-inkilabtir\/","title":{"rendered":"MHP, SP VE BBP SE\u00c7\u0130M \u0130TT\u0130FAKI, TAR\u0130H\u0130 B\u0130R \u0130NKILABTIR"},"content":{"rendered":"\n<p><span style=\"font-family: arial,helvetica,sans-serif; font-size: 12pt;\"><\/span><\/p>\n<p style=\"margin-bottom: 0.0001pt; text-align: justify; text-indent: 1cm; line-height: 16pt;\"><span style=\"font-family: arial,helvetica,sans-serif; font-size: 12pt;\"><strong>Saadet Partisi&rsquo;nin BBP&rsquo;ninde kat\u0131l\u0131m\u0131yla MHP ile bir se\u00e7im ittifak\u0131 giri\u015fimleri konu\u015fulmaktad\u0131r ve in\u015fallah olduk\u00e7a hay\u0131rl\u0131 ve ba\u015far\u0131l\u0131 sonu\u00e7lar do\u011furacakt\u0131r. BBP Gn. Ba\u015fkan\u0131 Sn. Mustafa Destici&rsquo;nin <\/strong><span style=\"font-size: 14pt;\"><strong><em>&ldquo;Saadet ve MHP ile se\u00e7im ittifak\u0131na haz\u0131r\u0131z&rdquo;<\/em><\/strong><\/span><strong> beyanat\u0131 da bu tarihi f\u0131rsat\u0131 de\u011ferlendirme azmi bak\u0131m\u0131ndan ferahlat\u0131c\u0131d\u0131r. Asla unutmayal\u0131m ki, <\/strong><strong><span style=\"font-size: 14pt;\">iftirak<\/span> <\/strong><strong>(ayr\u0131l\u0131k ve gayr\u0131l\u0131k) zaman\u0131 de\u011fil <\/strong><strong><span style=\"font-size: 14pt;\">ittifak<\/span> <\/strong><strong>(irtibat ve ittihat) ortam\u0131d\u0131r. \u00c7\u00fcnk\u00fc ittifak irfan\u0131 (yak\u0131ndan tan\u0131may\u0131) ve irtibat\u0131; irtibat insicam ve islah\u0131; salih ve salim kafayla karar al\u0131p ortak i\u015f yapmak ise en yararl\u0131 sonu\u00e7lar\u0131 do\u011furacak, bize h\u00fck\u00fcmet imkan\u0131 ve iktidar\u0131 sunacakt\u0131r. <\/strong><strong><em>&ldquo;Allah ve Ras\u00fcl\u00fcne itaat edin ve sak\u0131n \u00e7eki\u015fip birbirinize d\u00fc\u015fmeyin (ki aksi halde) riyhiniz (kuvvet ve \u015fevketinizi) elden gidecektir. (Hakta ve hay\u0131rda) sabredin (direnin ve bekleyin ki) \u015f\u00fcphesiz Allah sabreden (sadakat ve cesaretle direnen)lerle beraberdir (ve Onlar\u0131 galip getirecektir)&rdquo;<\/em><\/strong><strong> (Enfal:46) ayetinin emri ve inananlar\u0131n g\u00f6revi a\u00e7\u0131kt\u0131r.<\/strong><\/span><\/p>\n<p style=\"margin-bottom: 0.0001pt; text-align: justify; text-indent: 1cm; line-height: 16pt;\"><span style=\"font-family: arial,helvetica,sans-serif; font-size: 12pt;\"><strong>1991 se\u00e7imlerinde MHP ile se\u00e7im ittifak\u0131na inatla ve \u0131srarla kar\u015f\u0131 \u00e7\u0131kan, ama uza\u011f\u0131 g\u00f6ren Erbakan Hoca&rsquo;n\u0131n \u00f6zel dirayetiyle ve Rahmetli T\u00fcrke\u015f&rsquo;in gayretiyle ba\u015far\u0131lan ve \u00e7ok hay\u0131rl\u0131 sonu\u00e7lara ula\u015f\u0131lan o tarihi ad\u0131mlar\u0131 bozmaya \u00e7al\u0131\u015fan baz\u0131 \u015fah\u0131slar\u0131n ve odaklar\u0131n, bug\u00fcnk\u00fc yap\u0131c\u0131 ve yap\u0131\u015ft\u0131r\u0131c\u0131 tavr\u0131 da olumlu bir yakla\u015f\u0131md\u0131r. O s\u00fcre\u00e7te de MHP ile se\u00e7im ortakl\u0131\u011f\u0131na hatta daha k\u00f6kl\u00fc ve kal\u0131c\u0131 irtibat ve ittifaklara bizler samimiyetle sahip \u00e7\u0131km\u0131\u015f ve <\/strong><span style=\"font-size: 14pt;\"><strong>Erbakan Hocam\u0131z\u0131n \u00f6zel talimat\u0131yla<\/strong><\/span><strong> ADANA&rsquo;dan Milletvekili aday\u0131 yap\u0131lm\u0131\u015ft\u0131k. \u00c7\u00fcnk\u00fc MSP ile MHP bir \u00e7ok temel konuda &ldquo;ayn\u0131&rdquo;, baz\u0131 durumlarda ise &ldquo;pek yak\u0131n&rdquo; d\u00fc\u015f\u00fcncelere ve ortak Milli hedeflere sahip bulunmaktad\u0131r, sadece ifade tarzlar\u0131 ve \u00f6ncelik s\u0131ralamalar\u0131 biraz farkl\u0131d\u0131r;\u00a0 bu nedenle yapacaklar\u0131 ittifaklar <em>e\u011freti ve zoraki<\/em> de\u011fil, do\u011fal ve sosyal kanunlar\u0131n icab\u0131d\u0131r. Unutmayal\u0131m ki, <em>&ldquo;Ruhsuz beden kuru ceset, cesetsiz ruh sadece hayalettir!&rdquo; <\/em> SP ile MHP ittifak\u0131 sosyal bedenimize kuvvet ve metanet, beynimize bereket ve feraset, ruhumuza sevin\u00e7 ve be\u015faret (m\u00fcjde) katacak, AKP&rsquo;nin yanl\u0131\u015f ve y\u0131k\u0131c\u0131 politikalar\u0131yla t\u0131kanm\u0131\u015f T\u00fcrkiye&rsquo;nin yeniden \u00f6n\u00fcn\u00fc a\u00e7acakt\u0131r. <\/strong><\/span><\/p>\n<p style=\"margin-bottom: 0.0001pt; text-align: justify; text-indent: 1cm; line-height: 16pt;\"><span style=\"font-family: arial,helvetica,sans-serif; font-size: 12pt;\"><strong>Bu arada Sn. Devlet Bah\u00e7eli&rsquo;nin, s\u00fcrekli ve samimiyetle Erbakan Hocam\u0131za sayg\u0131l\u0131 ve vefal\u0131 konu\u015fmalar\u0131, Ona y\u00f6nelik haks\u0131zl\u0131klar kar\u015f\u0131s\u0131nda ger\u00e7ekleri savunmas\u0131 ve zaten genelde tutarl\u0131 ve oturakl\u0131 tav\u0131rlar\u0131 da in\u015fallah bu ittifak arzular\u0131n\u0131n hayat bulmas\u0131na yard\u0131mc\u0131 olacakt\u0131r.<\/strong><\/span><\/p>\n<p style=\"margin-bottom: 0.0001pt; text-align: justify; text-indent: 1cm; line-height: 16pt;\"><span style=\"font-family: arial,helvetica,sans-serif; font-size: 12pt;\"><strong>B\u00f6yle durumlarda karde\u015f partilerin<\/strong><span style=\"font-size: 14pt;\"><strong><em>&ldquo;oy oran\u0131<\/em><\/strong><strong><em>&rdquo; <\/em><\/strong><\/span><strong>hesab\u0131 yapmas\u0131 ve pek fazla katk\u0131s\u0131 olmayaca\u011f\u0131n\u0131 sanmas\u0131 da, olduk\u00e7a hatal\u0131 bir yakla\u015f\u0131md\u0131r. \u00c7\u00fcnk\u00fc bu ortamda partilerin <\/strong><strong>oy oranlar\u0131ndan ziyade do\u011furaca\u011f\u0131 <\/strong><strong><em><span style=\"font-size: 14pt;\">potansiyel sonu\u00e7lar\u0131<\/span> <\/em><\/strong><strong>hesaba kat\u0131lmal\u0131d\u0131r. MHP, SP ve BBP&rsquo;nin se\u00e7im ittifak\u0131yla toplumda olu\u015facak yeni umut ve heyecan dalgalar\u0131, &ldquo;Baraja tak\u0131l\u0131rsa oylar\u0131m\u0131z heba olur, AKP&rsquo;ye veya CHP&rsquo;ye g\u00fcn do\u011far?&rdquo; ku\u015fkular\u0131 da\u011f\u0131lacak, %2&rsquo;lik parti %7&rsquo;lik oy art\u0131\u015flar\u0131na yol a\u00e7acakt\u0131r.<\/strong><\/span><\/p>\n<p style=\"margin-bottom: 0.0001pt; text-align: justify; text-indent: 1cm; line-height: 16pt;\"><span style=\"font-family: arial,helvetica,sans-serif; font-size: 12pt;\"><strong>Bu ittifak; sadece AKP&rsquo;den kurtulma ve tahribatlar\u0131na engel olma \u015fans\u0131 de\u011fil, ayn\u0131 zamanda Milli ve manevi de\u011ferler istikametinde kutlu ve mutlu bir gelece\u011fi ortakla\u015fa in\u015fa f\u0131rsat\u0131n\u0131 da vermi\u015f olacakt\u0131r. \u00c7\u00fcnk\u00fc T\u00fcrkiye tarihi bir yol ayr\u0131m\u0131ndad\u0131r, ayakta kalmak veya par\u00e7alanmak riski alt\u0131ndad\u0131r; bu nedenle particilik taassubuyla davranmak de\u011fil, manevi mesuliyetli ve Milliyet\u00e7i bir duygu ve duyarl\u0131l\u0131kla s\u00fcrekli dan\u0131\u015fma ve dayan\u0131\u015fma i\u00e7inde olmak zaman\u0131d\u0131r.<\/strong><\/span><\/p>\n<p style=\"margin-bottom: 0.0001pt; text-align: justify; text-indent: 1cm; line-height: 16pt;\"><span style=\"font-family: arial,helvetica,sans-serif; font-size: 12pt;\">Art\u0131k AKP kaynayan cad\u0131 kazan\u0131na d\u00f6nm\u00fc\u015f durumdad\u0131r. Genel Ba\u015fkan Yard\u0131mc\u0131s\u0131 <span style=\"font-size: 14pt;\"><strong>B\u00fclent Ar\u0131n\u00e7<\/strong><\/span>, Ankara Belediye Ba\u015fkan\u0131 <strong><span style=\"font-size: 14pt;\">Melih G\u00f6k\u00e7ek<\/span>&rsquo;in <\/strong><span style=\"font-size: 14pt;\"><strong>h\u0131rs\u0131zl\u0131klar\u0131n\u0131, ars\u0131zl\u0131klar\u0131n\u0131, rant kazanmak i\u00e7in tertipledi\u011fi yolsuzluklar\u0131n\u0131 <\/strong><\/span>say\u0131p durmakta, G\u00f6k\u00e7ek ise Ar\u0131n\u00e7&rsquo;\u0131n <span style=\"font-size: 14pt;\"><strong>ayars\u0131zl\u0131\u011f\u0131na ve as\u0131ls\u0131zl\u0131\u011f\u0131na vurgu yapmaktad\u0131r. <\/strong><\/span>Meclis Ba\u015fkan\u0131 <span style=\"font-size: 14pt;\"><strong>Cemil \u00c7i\u00e7ek <\/strong><strong><em>&ldquo;Medya kar\u015f\u0131s\u0131nda, parti i\u00e7i sorunlar\u0131 tart\u0131\u015fma, ba\u015f\u0131m\u0131za yeni gaileler a\u00e7ma!&rdquo; <\/em><\/strong><\/span>diye Sn. Cumhurba\u015fkan\u0131n\u0131 uyar\u0131rken, <span style=\"font-size: 14pt;\"><strong>Sn. Erdo\u011fan <\/strong><\/span><span style=\"font-size: 14pt;\"><strong><em>&ldquo;Beni konu mankeni sanan yan\u0131l\u0131r, ben fiili Ba\u015fkan\u0131m!&rdquo;<\/em><\/strong><\/span> havalar\u0131 atmaktad\u0131r. <span style=\"font-size: 14pt;\"><strong>Davuto\u011flu<\/strong><\/span>&rsquo;nun davul tozu cinsinden \u00e7\u0131k\u0131\u015flar\u0131n\u0131 hi\u00e7 kimse ciddiye almamakta, parti ise bir curcuna ve par\u00e7alanmaya do\u011fru kaymaktad\u0131r. <\/span><\/p>\n<p style=\"margin-bottom: 0.0001pt; text-align: justify; text-indent: 1cm; line-height: 16pt;\"><span style=\"font-family: arial,helvetica,sans-serif; font-size: 12pt;\">AKP <span style=\"font-size: 14pt;\"><strong>ayakta kalma<\/strong><\/span>, Erdo\u011fan <span style=\"font-size: 14pt;\"><strong>BA\u015eKAN olma<\/strong><\/span>, PKK-BDP ise ba\u011f\u0131ms\u0131zl\u0131\u011f\u0131n ilk resmi ad\u0131m\u0131 olan <span style=\"font-size: 14pt;\"><strong>\u00f6zerkli\u011fi sa\u011flama <\/strong><\/span>sevdalar\u0131yla oyalan\u0131rken, \u00fclkemiz ve b\u00f6lgemizde harita de\u011fi\u015fiklikleri ve tarihimizin en ciddi g\u00fcvenlik endi\u015feleri gelip kap\u0131m\u0131za dayanm\u0131\u015ft\u0131r. PKK sekretaryas\u0131 BDP kahyas\u0131 <strong><span style=\"font-size: 14pt;\">Demirta\u015f<\/span> <\/strong>Nevruzda, <span style=\"font-size: 14pt;\"><strong><em>&ldquo;\u00e7\u00f6z\u00fcm s\u00fcreci istedikleri neticeye ula\u015fmazsa olacaklardan sorumlu say\u0131lmayacaklar\u0131n\u0131&rdquo;<\/em><\/strong> <\/span>hayk\u0131r\u0131p devlete meydan okuyacak kadar k\u00fcstahla\u015f\u0131rken kar\u015f\u0131s\u0131nda beyinleri y\u0131kanm\u0131\u015f zavall\u0131lar <span style=\"font-size: 14pt;\"><strong><em>&ldquo;Ey Ba\u015fkan Apo, ne emredersen o; bar\u0131\u015fa da haz\u0131r\u0131z, sava\u015fa da!&rdquo; <\/em><\/strong><\/span>pankart\u0131yla asl\u0131nda nelerin pazarl\u0131k masas\u0131na yat\u0131r\u0131ld\u0131\u011f\u0131n\u0131 ortaya koymu\u015flard\u0131.<\/span><\/p>\n<p style=\"margin-bottom: 0.0001pt; text-align: justify; text-indent: 1cm; line-height: 16pt;\"><span style=\"font-family: arial,helvetica,sans-serif; font-size: 12pt;\"><strong>Bu nedenle in\u015fallah ger\u00e7ekle\u015fecek olan MHP+SP ve BBP ittifak\u0131nda; ba\u015fta K\u00fcrt karde\u015flerimiz olmak \u00fczere \u00fclkemizin tamam\u0131n\u0131 kucaklayan ve kayna\u015ft\u0131ran bir lisan ve tav\u0131rla, herkese ve her kesime sahip \u00e7\u0131k\u0131lmal\u0131, \u00e7a\u011fr\u0131m\u0131z her y\u00f6rede ve her evde yank\u0131lanmal\u0131, k\u0131r\u0131c\u0131 ve k\u0131\u015fk\u0131rt\u0131c\u0131 s\u00f6ylem ve eylemden mutlaka sak\u0131nmal\u0131d\u0131r. Bu tarihi se\u00e7im ittifak\u0131 b\u00fcy\u00fck bir irtibat halkas\u0131 olu\u015fturacak, <\/strong><strong>PKK&rsquo;n\u0131n tuza\u011f\u0131na at\u0131lmak<\/strong><strong> veya PKK&rsquo;ya kar\u015f\u0131 mecburen <\/strong><strong>H\u00fcdapara kat\u0131lmak<\/strong><strong> zorunda b\u0131rak\u0131lan samimiyetli ve dini gayretli K\u00fcrt karde\u015flerimizin de, in\u015fallah kucakla\u015fma adresi olacakt\u0131r.<\/strong><\/span><\/p>\n<p style=\"margin-bottom: 0.0001pt; text-align: justify; text-indent: 1cm; line-height: 16pt;\"><span style=\"font-family: arial,helvetica,sans-serif; font-size: 12pt;\">Rahmetli <span style=\"font-size: 14pt;\"><strong>Alparslan T\u00fcrke\u015f<\/strong>&rsquo;<\/span>in de, \u00f6zelikle 12 Eyl\u00fcl sonras\u0131 <span style=\"font-size: 14pt;\"><strong>Erbakan Hoca<\/strong><\/span> ile<span style=\"font-size: 14pt;\"> <strong>Uzunada ve Ankara Dil Okulunda<\/strong><\/span> beraber tutukluluk s\u0131ras\u0131nda <span style=\"font-size: 14pt;\"><strong><em>olduk\u00e7a samimi ve seviyeli diyaloglar kurduklar\u0131n\u0131 ve art\u0131k bundan sonra Siyonist ve emperyalist merkezlere kar\u015f\u0131 birlikte, irtibat ve isti\u015fare halinde davranma karar\u0131 ald\u0131klar\u0131n\u0131<\/em><\/strong><\/span>, o s\u00fcreci bizzat ya\u015fayan ve \u015fahit olan arkada\u015flar\u0131m\u0131z anlatm\u0131\u015flard\u0131. Ancak <span style=\"font-size: 14pt;\"><strong>Rahmetli Yaz\u0131c\u0131o\u011flu&rsquo;<\/strong><\/span>nun MHP&rsquo;den ayr\u0131lma ser\u00fcvenlerinin bu y\u00f6ndeki umulanlar\u0131 sekteye u\u011fratt\u0131\u011f\u0131n\u0131 ve maalesef her iki tarafta da moral bozuklu\u011funa ve hayal k\u0131r\u0131kl\u0131\u011f\u0131na yol a\u00e7t\u0131\u011f\u0131n\u0131 da vurgulam\u0131\u015flard\u0131. Bazen \u00e7ok iyi niyetle de yap\u0131lsa, zamans\u0131z ve haz\u0131rl\u0131ks\u0131z sadece samimi heyecanlarla ba\u015flat\u0131lan \u00e7\u0131k\u0131\u015flar, \u00e7ok ac\u0131 sonu\u00e7lar ve pi\u015fmanl\u0131klar do\u011furmaktayd\u0131. <\/span><\/p>\n<p style=\"margin-bottom: 0.0001pt; text-align: justify; text-indent: 1cm; line-height: 16pt;\"><span style=\"font-family: arial,helvetica,sans-serif; font-size: 14pt;\"><strong>Hat\u0131rlay\u0131n\u0131z MHP Lideri Sn. Devlet Bah\u00e7eli, Erdo\u011fan&rsquo;\u0131n I\u015e\u0130D konusunda ikili oynad\u0131\u011f\u0131n\u0131 belirterek: <em>&lsquo;I\u015e\u0130D ile PKK&rsquo;y\u0131 ayn\u0131 kefeye koyarken, el alt\u0131ndan PYD&rsquo;ye destek sa\u011flamas\u0131 kapat\u0131lamayacak bir \u00e7eli\u015fkidir&rsquo;<\/em> diye uyarm\u0131\u015ft\u0131.<\/strong><\/span><\/p>\n<p style=\"margin-bottom: 0.0001pt; text-align: justify; text-indent: 1cm; line-height: 16pt;\"><span style=\"font-family: arial,helvetica,sans-serif; font-size: 12pt;\"> Sn. Devlet Bah\u00e7eli, partisinin Abdi \u0130pek\u00e7i Spor Salonu&rsquo;nda d\u00fczenlenen bayramla\u015fma t\u00f6reninde konu\u015fmas\u0131ndaki: <strong><em>&ldquo;\u015eahit oldu\u011fumuz onca hadise ve kanl\u0131 vaka, k\u00fcresel operasyonlar\u0131n b\u00f6lgemizdeki yeni tezgah\u0131d\u0131r. Sahnelenen y\u0131k\u0131m senaryosu ac\u0131d\u0131r, g\u00f6sterime giren vah\u015fet foto\u011fraflar\u0131 can yak\u0131c\u0131d\u0131r, \u0131srarla g\u00fcndemde tutulan par\u00e7alanma ve b\u00f6l\u00fcnme projesinin son a\u015famas\u0131d\u0131r. 4 par\u00e7al\u0131 K\u00fcrdistan ihalesi yap\u0131lm\u0131\u015f, k\u00fcresel ve b\u00f6lgesel ter\u00f6r i\u015fletmecileri faaliyet ba\u015f\u0131ndad\u0131r. &ldquo;S\u0131n\u0131rlar\u0131m\u0131z\u0131n hemen dibinde, I\u015e\u0130D, PKK, PYD ve farkl\u0131 ter\u00f6r \u00f6rg\u00fctleri k\u00fcmelenmi\u015f ve de\u011fi\u015fik alanlarda konu\u015flanm\u0131\u015ft\u0131r. \u0130nsan can\u0131yla kan\u0131yla beslenen katiller, s\u0131n\u0131r g\u00fcvenli\u011fimizi ve milli gelece\u011fimizi a\u015f\u0131r\u0131 \u00f6l\u00e7\u00fcde riske sokmaktad\u0131r. I\u015e\u0130D&rsquo;\u0130 do\u011furan, besleyen ve te\u015fvik eden sebepler zinciri do\u011fru ve detayl\u0131 analiz edilmeden at\u0131lacak her ad\u0131m, bo\u015flukta kalacakt\u0131r. Bu itibarla, I\u015e\u0130D ve benzeri \u00f6rg\u00fctlerin kaynak ve zemini kurutulmadan, militan ve lojistik kanallar\u0131 t\u0131kanmadan, bu ter\u00f6r yuvalar\u0131na kar\u015f\u0131 yap\u0131lan ve yap\u0131lmas\u0131 d\u00fc\u015f\u00fcn\u00fclen her sald\u0131r\u0131 sonu\u00e7suz kalacak. Hatta hava harekat\u0131 destekli kara operasyonu, b\u00f6lgenin sosyolojik, siyasal ve k\u00fclt\u00fcrel yap\u0131s\u0131n\u0131 t\u00fcmden bozarak, Ortado\u011fu&rsquo;yu cehenneme \u00e7evirmekten ba\u015fka i\u015fe yaramayacakt\u0131r&rdquo;<\/em><\/strong> <span style=\"font-size: 14pt;\"><strong>s\u00f6zleri talihsiz geli\u015fmelere terc\u00fcmanl\u0131k yapmaktad\u0131r.<\/strong><\/span><\/span><\/p>\n<p style=\"margin-bottom: 0.0001pt; text-align: justify; text-indent: 1cm; line-height: 16pt;\"><span style=\"font-family: arial,helvetica,sans-serif; font-size: 14pt;\"><strong>\u015eimdi ey Milli ve manevi duyarl\u0131l\u0131klar\u0131 y\u00fcksek dostlar!<\/strong><\/span><\/p>\n<p style=\"margin-bottom: 0.0001pt; text-align: justify; text-indent: 1cm; line-height: 16pt;\"><span style=\"font-family: arial,helvetica,sans-serif; font-size: 12pt;\"><strong>\u0130slam&#8217;\u0131n son g\u00fc\u00e7l\u00fc kalesi T\u00fcrkiye par\u00e7alanmaya \u00e7al\u0131\u015f\u0131l\u0131rken, Siyonist \u0130srail Mescid-i Aksa&rsquo;y\u0131 y\u0131kma haz\u0131rl\u0131\u011f\u0131 yaparken, Saray Bosna&rsquo;dan Sincan Uygurlar\u0131na, Orta Do\u011fudan Orta Asya&rsquo;ya nice mazlum ve ma\u011fdur insan\u0131m\u0131z bizim himmet ve himayemizi beklerken, basit senlik benlik inatlar\u0131, particilik taassuplar\u0131 ve \u015fahsi makam-menfaat hesaplar\u0131yla bu tarihi ittifaka engel de\u011fil, destek olal\u0131m. B\u00f6ylece yeni ve Milli bir sar\u0131l\u0131\u015f ve \u015fahlan\u0131\u015f\u0131n fikri ve fiili \u015ferefini birlikte kazanal\u0131m.<\/strong><\/span><\/p>\n<p style=\"margin-bottom: 0.0001pt; text-align: justify; text-indent: 1cm; line-height: 16pt;\"><span style=\"font-size: 14pt;\"><strong><span style=\"font-family: 'Arial',sans-serif;\">Bu soysuz &ldquo;Din soyguncular\u0131ndan&rdquo; mutlaka kurtulmam\u0131z \u015fartt\u0131!<\/span><\/strong><\/span><\/p>\n<p style=\"margin-bottom: 0.0001pt; text-align: justify; text-indent: 1cm; line-height: 16pt;\"><span style=\"font-size: 12pt;\"><strong><span style=\"font-family: 'Arial',sans-serif;\">\u0130\u015fte Dilipak&rsquo;\u0131n &ldquo;<em>7 Nisan&#8217;da kimin seks kaseti \u00e7\u0131kacak?<\/em>&rdquo; iddias\u0131<\/span><\/strong><\/span><\/p>\n<p style=\"margin-bottom: 0.0001pt; text-align: justify; text-indent: 1cm; line-height: 16pt;\"><span style=\"font-size: 12pt;\"><strong><em><span style=\"font-family: 'Arial',sans-serif;\">7 Nisan 2015 tarihinde AKP adaylar\u0131 a\u00e7\u0131kland\u0131\u011f\u0131 anda cemaat d\u00fc\u011fmeye basacakm\u0131\u015f ve Abdurrahman Dilipak&#8217;\u0131n iddias\u0131na g\u00f6re <\/span><\/em><\/strong><strong><em><span style=\"font-family: 'Arial',sans-serif;\">&#8216;kar\u0131,k\u0131z<\/span><\/em><\/strong><strong><em><span style=\"font-family: 'Arial',sans-serif;\">&#8216; kasetleri devreye sokulacakm\u0131\u015f!..<\/span><\/em><\/strong><\/span><\/p>\n<p style=\"margin-bottom: 0.0001pt; text-align: justify; text-indent: 1cm; line-height: 16pt;\"><span style=\"font-size: 12pt;\"><strong><em><span style=\"font-family: 'Arial',sans-serif;\">&#8220;Ok y<\/span><\/em><\/strong><\/span><span style=\"font-size: 12pt;\"><strong><em><span style=\"font-family: 'Arial',sans-serif;\">aydan \u00e7\u0131km<\/span><\/em><\/strong><strong><em><span style=\"font-family: 'Arial',sans-serif;\">adan gereken tedbiri almak gerek.. Son pi\u015fmanl\u0131k fayda sa\u011flamaz&#8221;<\/span><\/em><\/strong><span style=\"font-family: 'Arial',sans-serif;\"> diyen Abdurrahman Dilipak, Cemaatin har\u0131l har\u0131l Pensilvanya&#8217;daki ar\u015fivleri kar\u0131\u015ft\u0131rd\u0131\u011f\u0131n\u0131 hat\u0131rlatm\u0131\u015ft\u0131. <strong><em>&#8216;Benden s\u00f6ylemesi. \u0130\u015f i\u015ften ge\u00e7meden bir \u015feyler yapmak gerek&#8221;<\/em><\/strong> diyen Dilipak, Cemaatin 7 Nisan&#8217;da AK Parti aday listeleri a\u00e7\u0131klan\u0131nca <\/span><strong><em><span style=\"font-family: 'Arial',sans-serif;\">yeni &#8216;seks&#8217; kasetlerini piyasaya s\u00fcrece\u011fini<\/span><\/em><\/strong><span style=\"font-family: 'Arial',sans-serif;\"> a\u00e7\u0131klam\u0131\u015ft\u0131.<\/span><\/span><\/p>\n<p style=\"margin-bottom: 0.0001pt; text-align: justify; text-indent: 1cm; line-height: 16pt;\"><span style=\"font-size: 12pt;\"><strong><em><span style=\"font-family: 'Arial',sans-serif;\">&ldquo;Kar\u0131-k\u0131z, para ili\u015fkisi olanlar ke\u015fke kendileri \u00e7ekilseler.. Haber veriyorum cemaat tepelerine binecek. E\u011fer cemaate teslim olurlarsa, parti i\u015flerini bitirecek. \u00d6zellikle de eskiden cemaatle i\u015f tutup, \u015fimdi cemaate kar\u015f\u0131 partinin yan\u0131nda imi\u015f gibi g\u00f6z\u00fcken, kraldan fazla kralc\u0131lara dikkat.. Akademisyen, i\u015fadam\u0131, b\u00fcrokrat, yurtd\u0131\u015f\u0131 seyahatlerde ipin ucunu ka\u00e7\u0131ranlar i\u00e7in adayl\u0131k dua ile istenen bir belaya d\u00f6n\u00fc\u015febilir.. (31 Mart 2015 &ndash; internethaber.com)&rdquo; <\/span><\/em><\/strong><span style=\"font-size: 14pt;\"><strong><span style=\"font-family: 'Arial',sans-serif;\">diyen Abdurrahman Dilipak&rsquo;a sormak laz\u0131md\u0131:<\/span><\/strong><\/span><\/span><\/p>\n<p style=\"margin-bottom: 0.0001pt; text-align: justify; text-indent: 1cm; line-height: 16pt;\"><span style=\"font-size: 12pt;\"><strong><span style=\"font-family: 'Arial',sans-serif;\">1&ndash; Dindar ve halka hizmetkar (!) partiniz AKP i\u00e7inde, hem de milletvekili, bakan, b\u00fcrokrat mevkilerinde &ldquo;<\/span><\/strong><span style=\"font-size: 14pt;\"><strong><em><span style=\"font-family: 'Arial',sans-serif;\">kar\u0131-k\u0131z kasetleri<\/span><\/em><\/strong><\/span><strong><span style=\"font-family: 'Arial',sans-serif;\">&rdquo;, yani &ldquo;<\/span><\/strong><span style=\"font-size: 14pt;\"><strong><span style=\"font-family: 'Arial',sans-serif;\">zina belgeleri<\/span><\/strong><\/span><strong><span style=\"font-family: 'Arial',sans-serif;\">&rdquo; olanlar vard\u0131 ve bunlar\u0131 biliyordunuz da a\u00e7\u0131klamak ve ay\u0131klamak i\u00e7in bug\u00fcne kadar beklemeniz, onlar\u0131n melanetine ortakl\u0131k say\u0131lmaz m\u0131yd\u0131?<\/span><\/strong><\/span><\/p>\n<p style=\"margin-bottom: 0.0001pt; text-align: justify; text-indent: 1cm; line-height: 16pt;\"><span style=\"font-size: 12pt;\"><strong><span style=\"font-family: 'Arial',sans-serif;\">2&ndash; Cemaatin bu rezil haz\u0131rl\u0131klar\u0131n\u0131 size ula\u015ft\u0131ran hangi CIA ajan\u0131yd\u0131, nas\u0131l bir irtibat\u0131n\u0131z vard\u0131, yoksa y\u00fcksek kerametlerinizle mi bu bilgiye ula\u015f\u0131lm\u0131\u015ft\u0131?<\/span><\/strong><\/span><\/p>\n<p style=\"margin-bottom: 0.0001pt; text-align: justify; text-indent: 1cm; line-height: 16pt;\"><span style=\"font-size: 12pt;\"><strong><span style=\"font-family: 'Arial',sans-serif;\">3&ndash; &ldquo;<\/span><\/strong><span style=\"font-size: 14pt;\"><strong><em><span style=\"font-family: 'Arial',sans-serif;\">B\u00f6ylesi kepazelikleri i\u015fleyen ve \u00fcstelik din istismar\u0131yla ge\u00e7inen al\u00e7aklar\u0131n partisini b\u0131rak\u0131p, hakl\u0131 ve hay\u0131rl\u0131 bir partiye sahip \u00e7\u0131kal\u0131m<\/span><\/em><\/strong><\/span><strong><span style=\"font-family: 'Arial',sans-serif;\">&rdquo; demesi gereken &ldquo;<\/span><\/strong><strong><span style=\"font-family: 'Arial',sans-serif;\"><span style=\"font-size: 14pt;\">Abdurrahman \u00c7eleb<\/span>i<\/span><\/strong><strong><span style=\"font-family: 'Arial',sans-serif;\">&rdquo;nin, &ldquo;<\/span><\/strong><span style=\"font-size: 14pt;\"><strong><span style=\"font-family: 'Arial',sans-serif;\">Aman dikkat edin, kirli \u00e7ama\u015f\u0131rlar\u0131n\u0131z\u0131 temizleyin!<\/span><\/strong><\/span><strong><span style=\"font-family: 'Arial',sans-serif;\">&rdquo; diye y\u0131rt\u0131nmas\u0131, genelev patronlar\u0131n\u0131n elemanlar\u0131n\u0131 uyarmas\u0131n\u0131 hat\u0131rlatm\u0131\u015ft\u0131.<\/span><\/strong><\/span><\/p>\n<p style=\"margin-bottom: 0.0001pt; text-align: justify; text-indent: 1cm; line-height: 16pt;\"><span style=\"font-family: arial,helvetica,sans-serif; font-size: 12pt;\"><strong>Gelin Dostlar!<\/strong><\/span><\/p>\n<p style=\"margin-bottom: 0.0001pt; text-align: justify; text-indent: 1cm; line-height: 16pt;\"><span style=\"font-family: arial,helvetica,sans-serif; font-size: 12pt;\"><strong><span style=\"font-size: 14pt;\">&bull;<\/span> Maddi ve manevi en b\u00fcy\u00fck tahribatlar\u0131 yapan,<\/strong><\/span><\/p>\n<p style=\"margin-bottom: 0.0001pt; text-align: justify; text-indent: 1cm; line-height: 16pt;\"><span style=\"font-family: arial,helvetica,sans-serif; font-size: 12pt;\"><strong><span style=\"font-family: arial,helvetica,sans-serif; font-size: 12pt;\"><strong><span style=\"font-size: 14pt;\">&bull;<\/span> <\/strong><\/span>Zinay\u0131 serbest b\u0131rakan,<\/strong><\/span><\/p>\n<p style=\"margin-bottom: 0.0001pt; text-align: justify; text-indent: 1cm; line-height: 16pt;\"><span style=\"font-family: arial,helvetica,sans-serif; font-size: 12pt;\"><strong><span style=\"font-family: arial,helvetica,sans-serif; font-size: 12pt;\"><strong><span style=\"font-size: 14pt;\">&bull;<\/span> <\/strong><\/span>Domuz etini kasapl\u0131k et sayan,<\/strong><\/span><\/p>\n<p style=\"margin-bottom: 0.0001pt; text-align: justify; text-indent: 1cm; line-height: 16pt;\"><span style=\"font-family: arial,helvetica,sans-serif; font-size: 12pt;\"><strong><span style=\"font-family: arial,helvetica,sans-serif; font-size: 12pt;\"><strong><span style=\"font-size: 14pt;\">&bull;<\/span> <\/strong><\/span>E\u015fcinsellere dernek kurduran,<\/strong><\/span><\/p>\n<p style=\"margin-bottom: 0.0001pt; text-align: justify; text-indent: 1cm; line-height: 16pt;\"><span style=\"font-family: arial,helvetica,sans-serif; font-size: 12pt;\"><strong><span style=\"font-family: arial,helvetica,sans-serif; font-size: 12pt;\"><strong><span style=\"font-size: 14pt;\">&bull;<\/span> <\/strong><\/span>Ateistlere h\u00fcrmet ya\u011fd\u0131ran,<\/strong><\/span><\/p>\n<p style=\"margin-bottom: 0.0001pt; text-align: justify; text-indent: 1cm; line-height: 16pt;\"><span style=\"font-family: arial,helvetica,sans-serif; font-size: 12pt;\"><strong><span style=\"font-family: arial,helvetica,sans-serif; font-size: 12pt;\"><strong><span style=\"font-size: 14pt;\">&bull;<\/span> <\/strong><\/span>Faizi d\u00fcnya ger\u00e7e\u011fi kabul edip azd\u0131ran,<\/strong><\/span><\/p>\n<p style=\"margin-bottom: 0.0001pt; text-align: justify; text-indent: 1cm; line-height: 16pt;\"><span style=\"font-family: arial,helvetica,sans-serif; font-size: 12pt;\"><strong><span style=\"font-family: arial,helvetica,sans-serif; font-size: 12pt;\"><strong><span style=\"font-size: 14pt;\">&bull;<\/span> <\/strong><\/span>\u0130slam Bakanl\u0131\u011f\u0131 de\u011fil de Avrupa Bakanl\u0131\u011f\u0131 olu\u015fturan,<\/strong><\/span><\/p>\n<p style=\"margin-bottom: 0.0001pt; text-align: justify; text-indent: 1cm; line-height: 16pt;\"><span style=\"font-family: arial,helvetica,sans-serif; font-size: 12pt;\"><strong><span style=\"font-family: arial,helvetica,sans-serif; font-size: 12pt;\"><strong><span style=\"font-size: 14pt;\">&bull;<\/span> <\/strong><\/span>Ba\u015f\u00f6rt\u00fcs\u00fc istismar\u0131yla pornoculu\u011fu k\u00f6r\u00fckleyen, gen\u00e7li\u011fi ba\u015ftan \u00e7\u0131karan,<\/strong><\/span><\/p>\n<p style=\"margin-bottom: 0.0001pt; text-align: justify; text-indent: 1cm; line-height: 16pt;\"><span style=\"font-family: arial,helvetica,sans-serif; font-size: 12pt;\"><strong><span style=\"font-family: arial,helvetica,sans-serif; font-size: 12pt;\"><strong><span style=\"font-size: 14pt;\">&bull;<\/span> <\/strong><\/span>Geldiklerinde litre fiyat\u0131 1,10 olan mazotu, 5 TL&rsquo;ye ula\u015ft\u0131ran,<\/strong><\/span><\/p>\n<p style=\"margin-bottom: 0.0001pt; text-align: justify; text-indent: 1cm; line-height: 16pt;\"><span style=\"font-family: arial,helvetica,sans-serif; font-size: 12pt;\"><strong><span style=\"font-family: arial,helvetica,sans-serif; font-size: 12pt;\"><strong><span style=\"font-size: 14pt;\">&bull;<\/span> <\/strong><\/span>G\u00fcbre, saman, tohum fiyatlar\u0131n\u0131 be\u015f kat artt\u0131ran,<\/strong><\/span><\/p>\n<p style=\"margin-bottom: 0.0001pt; text-align: justify; text-indent: 1cm; line-height: 16pt;\"><span style=\"font-family: arial,helvetica,sans-serif; font-size: 12pt;\"><strong><span style=\"font-family: arial,helvetica,sans-serif; font-size: 12pt;\"><strong><span style=\"font-size: 14pt;\">&bull;<\/span> <\/strong><\/span>\u015eeker pancar\u0131 tar\u0131m\u0131n\u0131n ve b\u00fcy\u00fckba\u015f hayvanc\u0131l\u0131\u011f\u0131n k\u00f6k\u00fcn\u00fc kurutan,<\/strong><\/span><\/p>\n<p style=\"margin-bottom: 0.0001pt; text-align: justify; text-indent: 1cm; line-height: 16pt;\"><span style=\"font-family: arial,helvetica,sans-serif; font-size: 12pt;\"><strong><span style=\"font-family: arial,helvetica,sans-serif; font-size: 12pt;\"><strong><span style=\"font-size: 14pt;\">&bull;<\/span> <\/strong><\/span>Vatanda\u015flardan toplanan vergilerle, 750 adet kilisenin tamirat\u0131n\u0131 yapt\u0131ran<\/strong><\/span><\/p>\n<p style=\"text-align: justify;\"><span style=\"font-family: arial,helvetica,sans-serif; font-size: 12pt;\"><strong><span style=\"font-family: arial,helvetica,sans-serif; font-size: 12pt;\"><strong><span style=\"font-size: 14pt;\">\u00a0\u00a0\u00a0\u00a0\u00a0 &bull;<\/span> <\/strong><\/span>Hepsinden beteri PKK&rsquo;y\u0131 me\u015frula\u015ft\u0131r\u0131p kar\u015f\u0131s\u0131nda bar\u0131\u015f masas\u0131na oturan, <\/strong><\/span><\/p>\n<p style=\"text-align: justify;\"><span style=\"font-family: arial,helvetica,sans-serif; font-size: 12pt;\"><strong><span style=\"font-family: arial,helvetica,sans-serif; font-size: 12pt;\"><strong><span style=\"font-size: 14pt;\">\u00a0\u00a0\u00a0\u00a0 &bull;<\/span>\u00a0<\/strong><\/span>Velhas\u0131l gelece\u011fimizi ve g\u00fcvenli\u011fimizi karartan bu AKP\u00a0 iletinden birlikte kurtulal\u0131m.\u00a0 B\u00f6ylece AKP&rsquo;ye oy veren samimi vatanda\u015flar\u0131m\u0131z\u0131, hatta AKP&rsquo;nin iyi niyetli vekillerini ve kurmaylar\u0131n\u0131 da bu beladan \u00e7ekip alal\u0131m. <\/strong><\/span><span style=\"font-size: 12pt;\"><strong><span style=\"line-height: 107%; font-family: 'Arial',sans-serif;\">Elektrik \u015firketlerinin, devletten borcunu alamay\u0131nca, <span style=\"font-size: 12pt;\"><em>onlar\u0131n 1 g\u00fcnl\u00fck kesinti uyar\u0131s\u0131 yapt\u0131\u011f\u0131<\/em><\/span> konu\u015fulmaktayd\u0131. AKP iktidar\u0131n\u0131n bu aciz ve \u00e7aresiz tavr\u0131, yar\u0131n s\u0131cak para spek\u00fclat\u00f6rlerinin bankalar\u0131 bo\u015faltmas\u0131 halinde, \u00fclkenin nas\u0131l bir ak\u0131bete kayd\u0131r\u0131laca\u011f\u0131n\u0131n da ispat\u0131yd\u0131. Bu \u00fclke \u00e7ap\u0131ndaki skandal elektrik kesintileri palavrac\u0131 politikac\u0131lara bir <em>kulak \u00e7ekme provas\u0131yd\u0131<\/em> ve art\u0131k T\u00fcrkiye&rsquo;mizi bu karanl\u0131k kafalardan kurtarma zaman\u0131yd\u0131! \u00c7\u00fcnk\u00fc h\u00fck\u00fcmet bu kesintilerin sebebini bile bulup millete a\u00e7\u0131klayamam\u0131\u015ft\u0131.!?<\/span><\/strong><\/span><\/p>\n<p style=\"text-align: justify; text-indent: 1cm; line-height: 16pt;\"><strong><span style=\"font-size: 14pt; font-family: 'Arial','sans-serif';\">Rivayetlerde ve \u0130slami eserlerde, ahir zamanda; faiz, fitne, \u015fehvet, zul\u00fcm ve ahlaks\u0131zl\u0131kla insanl\u0131\u011f\u0131 fesada verecek olan DECCAL&rsquo;\u0131n M\u00fcsl\u00fcman ve \u00f6nemli bir \u00fclkedeki gizli temsilcisi ve takip\u00e7isi olan ve S\u00dcFYAN s\u0131fat\u0131n\u0131 ta\u015f\u0131yan insan\u0131n:<\/span><\/strong><span style=\"font-size: 14pt; font-family: 'Arial','sans-serif';\"> <strong><em>Dindar kahraman rol\u00fc oynamas\u0131, ilahiyat\u00e7\u0131, dini hizmet erbab\u0131, \u0130slamc\u0131 yazar tak\u0131m\u0131 ve prof. yaftal\u0131 kiral\u0131k adamlar\u0131 makam, menfaat ve \u015f\u00f6hret hat\u0131r\u0131na etraf\u0131na toplay\u0131p taraftar yaparak;<\/em><\/strong> <\/span><strong><span style=\"font-size: 12pt; font-family: 'Arial','sans-serif';\">halk\u0131 ise hipnotize eder gibi kendisine ba\u011flayarak kurdu\u011fu <\/span><\/strong><strong><em><span style=\"font-size: 14pt; font-family: 'Arial','sans-serif';\">hile, h\u0131yanet ve kirli siyaset saltanat\u0131n\u0131n<\/span><\/em><\/strong><strong><span style=\"font-size: 12pt; font-family: 'Arial','sans-serif';\">, en zirveye ula\u015ft\u0131\u011f\u0131 ve art\u0131k ba\u015fa \u00e7\u0131k\u0131lmaz san\u0131ld\u0131\u011f\u0131 bir s\u00fcre\u00e7te, aniden ve mucizevi \u015fekilde, bin bir t\u00fcrl\u00fc rezalet ve h\u0131yanetlerinin de\u015fifre olmas\u0131 suretiyle derbeder olup devrilecekleri anlat\u0131lmaktad\u0131r.<\/span><\/strong><\/p>\n<p style=\"text-align: justify; text-indent: 1cm; line-height: 16pt;\"><strong><span style=\"font-size: 12pt; font-family: 'Arial','sans-serif';\">Hz. \u00dcstad\u0131n \u015fu tespit ve tarifleri de olduk\u00e7a enteresand\u0131r:<\/span><\/strong><\/p>\n<p style=\"margin-bottom: 0.0001pt; text-align: justify; text-indent: 1cm; line-height: 16pt;\"><strong><span style=\"font-size: 12pt; font-family: 'Arial','sans-serif';\">&ldquo;Her iki <\/span><span style=\"font-size: 14pt; font-family: 'Arial','sans-serif';\">Deccal <\/span><\/strong><em><span style=\"font-size: 12pt; font-family: 'Arial','sans-serif';\">(\u0130slam S\u00fcfyan\u0131 ile Yahudi H\u0131ristiyanlar\u0131n Mesihi Deccal\u0131)<\/span><\/em><strong><span style=\"font-size: 12pt; font-family: 'Arial','sans-serif';\"> Yahudi&rsquo;nin, \u0130slam ve H\u0131ristiyan aleyhinde \u015fiddetli bir intikam <\/span><\/strong><em><span style=\"font-size: 12pt; font-family: 'Arial','sans-serif';\">(hissi ve h\u0131rs\u0131)<\/span><\/em><strong><span style=\"font-size: 12pt; font-family: 'Arial','sans-serif';\"> besleyen gizli <\/span><span style=\"font-size: 16pt; font-family: 'Arial','sans-serif';\">komitesinin <\/span><\/strong><em><span style=\"font-size: 12pt; font-family: 'Arial','sans-serif';\">(CFR ve ADL gibi Siyonist Lobilerin)<\/span><\/em><strong><span style=\"font-size: 12pt; font-family: 'Arial','sans-serif';\"> muavenetini <\/span><\/strong><em><span style=\"font-size: 12pt; font-family: 'Arial','sans-serif';\">(\u00f6zel himayesini ve gizli deste\u011fini alan)<\/span><\/em><strong><span style=\"font-size: 12pt; font-family: 'Arial','sans-serif';\"> ve kad\u0131n h\u00fcrriyetlerinin <\/span><\/strong><em><span style=\"font-size: 12pt; font-family: 'Arial','sans-serif';\">(sa\u011flanmas\u0131 ve kad\u0131na \u015fiddetin son bulmas\u0131 bahanesi ve)<\/span><\/em><strong><span style=\"font-size: 12pt; font-family: 'Arial','sans-serif';\"> perdesi alt\u0131ndaki deh\u015fetli di\u011fer bir komitenin yard\u0131m\u0131n\u0131 <\/span><\/strong><em><span style=\"font-size: 12pt; font-family: 'Arial','sans-serif';\">(arkas\u0131na s\u0131\u011f\u0131nmas\u0131n\u0131)<\/span><\/em><strong><span style=\"font-size: 12pt; font-family: 'Arial','sans-serif';\">, hatta \u0130slam Deccal\u0131 <\/span><em><span style=\"font-size: 16pt; font-family: 'Arial','sans-serif';\">(S\u00fcfyan&rsquo;\u0131n) <\/span><\/em><span style=\"font-size: 12pt; font-family: 'Arial','sans-serif';\">masonlar\u0131n <\/span><\/strong><em><span style=\"font-size: 12pt; font-family: 'Arial','sans-serif';\">(baz\u0131)<\/span><\/em><strong><span style=\"font-size: 12pt; font-family: 'Arial','sans-serif';\"> komitelerini aldat\u0131p m\u00fczaharetlerini <\/span><\/strong><em><span style=\"font-size: 12pt; font-family: 'Arial','sans-serif';\">(medya ve banka yoluyla arka \u00e7\u0131kmalar\u0131n\u0131)<\/span><\/em><strong><span style=\"font-size: 12pt; font-family: 'Arial','sans-serif';\"> kazand\u0131klar\u0131ndan <\/span><\/strong><em><span style=\"font-size: 12pt; font-family: 'Arial','sans-serif';\">(onun siyasi ba\u015far\u0131lar\u0131)<\/span><\/em><strong><span style=\"font-size: 12pt; font-family: 'Arial','sans-serif';\"> deh\u015fetli <\/span><\/strong><em><span style=\"font-size: 12pt; font-family: 'Arial','sans-serif';\">(ve kuvvetli ger\u00e7ek bir)<\/span><\/em><strong><span style=\"font-size: 12pt; font-family: 'Arial','sans-serif';\"> iktidar zannedilir.&rdquo; <\/span><\/strong><span style=\"font-size: 12pt; font-family: 'Arial','sans-serif';\">(\u015eualar 5. \u015eua, 3. K\u00fc\u00e7\u00fck Mesele, Sh.469)<strong> Oysa b\u00fct\u00fcn bu ge\u00e7ici ve gev\u015fek iktidar ve imk\u00e2nlar\u0131, hi\u00e7 ummad\u0131\u011f\u0131 bir anda ve daha \u00f6nce kendisinin Hak davas\u0131na ve vatan\u0131na yapt\u0131\u011f\u0131 h\u0131yanet ve tezg\u00e2hlar benzeri intikamlarla y\u0131k\u0131l\u0131p da\u011f\u0131lacakt\u0131r.<\/strong><\/span><\/p>\n<p style=\"margin-bottom: 0.0001pt; text-align: justify; text-indent: 1cm; line-height: 16pt;\"><span style=\"font-family: arial,helvetica,sans-serif; font-size: 12pt;\"><strong>Haydi Bismillah diyerek ba\u015flamak bizden, ba\u015far\u0131ya ula\u015ft\u0131rmak ise elbette Y\u00fcce Rabbimizdendir.. <em>&ldquo;Can\u0131m, dara d\u00fc\u015f\u00fcnce mi bizi hat\u0131rlad\u0131n\u0131z?&rdquo;<\/em> diyenlere yan\u0131t\u0131m\u0131z ise: Aziz ve Asil Milletimizin en belirgin vasf\u0131, sendeleyenlerin elinden tutmakt\u0131r. Vesselam.<\/strong><\/span><\/p>\n<p style=\"margin-bottom: 0.0001pt; text-align: justify; text-indent: 1cm; line-height: 16pt;\"><strong><span style=\"font-size: 12pt; line-height: 115%; font-family: Arial, sans-serif;\">Elbette ki, ma&rsquo;\u015feri (toplum) vicdan terazisinde ve gelecek tarihin de\u011ferlendirme sahifelerinde, bu hakl\u0131 ve hay\u0131rl\u0131 ittifaka destek sunanlar da, k\u00f6stek olanlar da ortaya \u00e7\u0131kacak, sevap ve sorumluluklar\u0131 tart\u0131\u015f\u0131lacakt\u0131!<\/span><\/strong><\/p>\n<p style=\"margin-bottom: 0.0001pt; text-align: justify; text-indent: 1cm; line-height: 16pt;\"><strong><span style=\"font-size: 12pt; line-height: 115%; font-family: Arial, sans-serif;\">Bu arada aday listelerinin teslimine 1 hafta kala bu ittifaka kalk\u0131\u015f\u0131lmas\u0131 ve MHP&rsquo;nin kap\u0131s\u0131n\u0131n \u00e7al\u0131nmas\u0131, bu giri\u015fimin ciddiyet ve ehemmiyetine yak\u0131\u015fmayan ve kar\u015f\u0131 tarafa g\u00fcven a\u015f\u0131lamayan bir tav\u0131rd\u0131. Her \u015feye ra\u011fmen BBP ile SP&rsquo;nin bu y\u00f6ndeki karar\u0131 elbette olumlu ve \u015fuurlu bir tav\u0131rd\u0131. Ancak, bu ittifaka yak\u0131n ve yatk\u0131n isimlerin ara\u015ft\u0131r\u0131l\u0131p kendilerine ba\u015fvurulmas\u0131 ve davet edilip \u00e7a\u011fr\u0131lmas\u0131 yan\u0131nda <\/span><span style=\"font-size: 16pt; line-height: 115%; font-family: Arial, sans-serif;\">Sn. Fatih Erbakan <\/span><span style=\"font-size: 12pt; line-height: 115%; font-family: Arial, sans-serif;\">i\u00e7in kalk\u0131p da <\/span><em><span style=\"font-size: 14pt; line-height: 115%; font-family: Arial, sans-serif;\">&ldquo;Efendim bize bir m\u00fcracaat\u0131 olmam\u0131\u015ft\u0131r!&rdquo;<\/span><\/em><span style=\"font-size: 12pt; line-height: 115%; font-family: Arial, sans-serif;\"> tarz\u0131ndaki a\u00e7\u0131klamalar samimiyetten uzakt\u0131 ve tabii yaz\u0131k olmaktayd\u0131. \u015eimdi art\u0131k en hay\u0131rl\u0131 ve ba\u015far\u0131l\u0131 sonu\u00e7lar\u0131 almak i\u00e7in \u00e7al\u0131\u015fma zaman\u0131yd\u0131.<\/span><\/strong><\/p>\n<p style=\"margin-bottom: 0.0001pt; text-align: justify; text-indent: 1cm; line-height: 16pt;\">\u00a0<\/p>\n","protected":false},"excerpt":{"rendered":"<p>Saadet Partisi&rsquo;nin BBP&rsquo;ninde kat\u0131l\u0131m\u0131yla MHP ile bir se\u00e7im ittifak\u0131 giri\u015fimleri konu\u015fulmaktad\u0131r ve in\u015fallah olduk\u00e7a hay\u0131rl\u0131 ve ba\u015far\u0131l\u0131 sonu\u00e7lar do\u011furacakt\u0131r. BBP Gn. Ba\u015fkan\u0131 Sn. Mustafa Destici&rsquo;nin &ldquo;Saadet ve MHP ile se\u00e7im ittifak\u0131na haz\u0131r\u0131z&rdquo; beyanat\u0131 da bu tarihi f\u0131rsat\u0131 de\u011ferlendirme azmi bak\u0131m\u0131ndan ferahlat\u0131c\u0131d\u0131r. Asla unutmayal\u0131m ki, iftirak (ayr\u0131l\u0131k ve gayr\u0131l\u0131k) zaman\u0131 de\u011fil ittifak (irtibat ve ittihat) ortam\u0131d\u0131r. [&hellip;]<\/p>\n","protected":false},"author":4,"featured_media":0,"comment_status":"open","ping_status":"closed","sticky":false,"template":"","format":"standard","meta":{"footnotes":""},"categories":[98],"tags":[],"class_list":["post-3245","post","type-post","status-publish","format-standard","hentry","category-ozel-yazilar"],"_links":{"self":[{"href":"https:\/\/www.millicozum.com\/mc\/wp-json\/wp\/v2\/posts\/3245","targetHints":{"allow":["GET"]}}],"collection":[{"href":"https:\/\/www.millicozum.com\/mc\/wp-json\/wp\/v2\/posts"}],"about":[{"href":"https:\/\/www.millicozum.com\/mc\/wp-json\/wp\/v2\/types\/post"}],"author":[{"embeddable":true,"href":"https:\/\/www.millicozum.com\/mc\/wp-json\/wp\/v2\/users\/4"}],"replies":[{"embeddable":true,"href":"https:\/\/www.millicozum.com\/mc\/wp-json\/wp\/v2\/comments?post=3245"}],"version-history":[{"count":0,"href":"https:\/\/www.millicozum.com\/mc\/wp-json\/wp\/v2\/posts\/3245\/revisions"}],"wp:attachment":[{"href":"https:\/\/www.millicozum.com\/mc\/wp-json\/wp\/v2\/media?parent=3245"}],"wp:term":[{"taxonomy":"category","embeddable":true,"href":"https:\/\/www.millicozum.com\/mc\/wp-json\/wp\/v2\/categories?post=3245"},{"taxonomy":"post_tag","embeddable":true,"href":"https:\/\/www.millicozum.com\/mc\/wp-json\/wp\/v2\/tags?post=3245"}],"curies":[{"name":"wp","href":"https:\/\/api.w.org\/{rel}","templated":true}]}}