{"id":3252,"date":"2015-04-08T14:45:40","date_gmt":"2015-04-08T14:45:40","guid":{"rendered":"https:\/\/www.millicozum.com\/mc\/2015\/04\/08\/calan-tehlike-canlari-ve-hakli-cagrilarin-karakacanlari\/"},"modified":"2015-04-08T14:45:40","modified_gmt":"2015-04-08T14:45:40","slug":"calan-tehlike-canlari-ve-hakli-cagrilarin-karakacanlari","status":"publish","type":"post","link":"https:\/\/www.millicozum.com\/mc\/ozel-yazilar\/calan-tehlike-canlari-ve-hakli-cagrilarin-karakacanlari\/","title":{"rendered":"\u00c7alan Tehlike \u00c7anlar\u0131 Ve HAKLI \u00c7A\u011eRILARIN KARAKA\u00c7ANLARI"},"content":{"rendered":"\n<p style=\"margin-bottom: 0.0001pt; text-align: justify; text-indent: 1cm; line-height: 16pt;\"><strong><span style=\"font-size: 16pt; font-family: 'Arial','sans-serif';\">Faruk Arslan<\/span><\/strong><strong><span style=\"font-size: 14pt; font-family: 'Arial','sans-serif';\"> diye bir zavall\u0131, Milli \u00c7\u00f6z\u00fcm aleyhine kin kusan ne kadar marazl\u0131 varsa hepsini \u00f6zetle toparlay\u0131p \u015f\u00f6yle z\u0131rvalam\u0131\u015ft\u0131:[1] <\/span><\/strong><strong><em><span style=\"font-size: 16pt; font-family: 'Arial','sans-serif';\">&ldquo;&hellip;Bu Ahmet Akg\u00fcl daha ileri gidip: &ldquo;Gezi olaylar\u0131n\u0131 Cemaat\u00e7i polislerin t\u0131rmand\u0131rd\u0131\u011f\u0131, Fethullah Hoca&rsquo;n\u0131n AKP&rsquo;deki milletvekillerini ay\u0131r\u0131p CHP&rsquo;ye yamayaca\u011f\u0131, yak\u0131nda AKP ile Cemaatin k\u0131yas\u0131ya kap\u0131\u015faca\u011f\u0131&rdquo; <\/span><\/em><\/strong><strong><span style=\"font-size: 12pt; font-family: 'Arial','sans-serif';\">yolunda isabetsiz ve basiretsiz iddialar s\u0131ralam\u0131\u015ft\u0131r&rdquo; \u015feklinde Fetullah\u00e7\u0131l\u0131\u011f\u0131n\u0131 ve CIA fig\u00fcranl\u0131\u011f\u0131n\u0131 yans\u0131tan bir yaz\u0131 kaleme alm\u0131\u015ft\u0131. <\/span><\/strong><strong><span style=\"font-size: 14pt; font-family: 'Arial','sans-serif';\">\u015eimdi bu ak\u0131l fukaras\u0131 ve ahlak\u0131 marazl\u0131 \u015fahsa sormak laz\u0131md\u0131. <\/span><\/strong><\/p>\n<p style=\"margin-top: 0cm; margin-right: 0cm; margin-bottom: 0.0001pt; text-align: justify; text-indent: 1cm; line-height: 16pt;\"><strong><span style=\"font-size: 12pt; font-family: 'Arial','sans-serif';\">1- Cemaatle AKP kap\u0131\u015f\u0131p sava\u015fmaya ba\u015flamad\u0131 m\u0131? <\/span><\/strong><strong><span style=\"font-size: 16pt; font-family: 'Arial','sans-serif';\">Evet!<\/span><\/strong><\/p>\n<p style=\"margin-top: 0cm; margin-right: 0cm; margin-bottom: 0.0001pt; text-align: justify; text-indent: 1cm; line-height: 16pt;\"><strong><span style=\"font-size: 12pt; font-family: 'Arial','sans-serif';\">2- Gezi olaylar\u0131n\u0131, cemaat\u00e7i polislerin k\u0131\u015fk\u0131rtt\u0131\u011f\u0131 bizzat Cumhurba\u015fkan\u0131, Ba\u015fbakan ve Bakanlarca defalarca tekrarlan\u0131p yetkili makamlarca konu mahkemeye ta\u015f\u0131nd\u0131 m\u0131? <\/span><\/strong><strong><span style=\"font-size: 16pt; font-family: 'Arial','sans-serif';\">Evet!<\/span><\/strong><\/p>\n<p style=\"margin-top: 0cm; margin-right: 0cm; margin-bottom: 0.0001pt; text-align: justify; text-indent: 1cm; line-height: 16pt;\"><strong><span style=\"font-size: 12pt; font-family: 'Arial','sans-serif';\">3- Cemaatle CHP pek \u00e7ok hususta pasla\u015fmaya ve birbirine destek \u00e7\u0131kmaya \u00e7al\u0131\u015fmakta m\u0131? <\/span><\/strong><strong><span style=\"font-size: 16pt; font-family: 'Arial','sans-serif';\">Evet!<\/span><\/strong><\/p>\n<p style=\"margin-bottom: 0.0001pt; text-align: justify; text-indent: 1cm; line-height: 16pt;\"><strong><span style=\"font-size: 14pt; font-family: 'Arial','sans-serif';\">\u00d6yle ise Bay Faruk Arslan ve Onun gibi mostra tak\u0131m\u0131!<\/span><\/strong><\/p>\n<p style=\"margin-bottom: 0.0001pt; text-align: justify; text-indent: 1cm; line-height: 16pt;\"><span style=\"font-family: 'arial black', 'avant garde'; font-size: 14pt;\"><strong>.<\/strong><\/span><strong><span style=\"font-size: 12pt; font-family: 'Arial','sans-serif';\"> Ahmet Akg\u00fcl&rsquo;\u00fcn iddialar\u0131 m\u0131 ak\u0131l d\u0131\u015f\u0131yd\u0131, yoksa sizin yakla\u015f\u0131m\u0131n\u0131z m\u0131 ahmak\u00e7ayd\u0131?<\/span><\/strong><\/p>\n<p style=\"margin-bottom: 0.0001pt; text-align: justify; text-indent: 1cm; line-height: 16pt;\"><strong><span style=\"font-size: 12pt; font-family: 'Gill Sans Ultra Bold','sans-serif';\"><strong style=\"font-family: 'arial black', 'avant garde'; font-size: 18.6666660308838px; line-height: 21.3333339691162px; text-align: justify; text-indent: 37.7952766418457px;\">.<\/strong>\u00a0<\/span><\/strong><strong><span style=\"font-size: 12pt; font-family: 'Arial','sans-serif';\">Ahmet Akg\u00fcl m\u00fc kafadan s\u0131kmakta ve ortal\u0131\u011f\u0131 kar\u0131\u015ft\u0131rmaktayd\u0131, yoksa sizin gibi \u015fap\u015fallar\u0131n m\u0131, olaylar\u0131 yorumlamak i\u00e7in daha be\u015f f\u0131r\u0131n somun (veya saman) yemeleri laz\u0131md\u0131?<\/span><\/strong><\/p>\n<p style=\"margin-bottom: 0.0001pt; text-align: justify; text-indent: 1cm; line-height: 16pt;\"><strong><span style=\"font-size: 12pt; font-family: 'Gill Sans Ultra Bold','sans-serif';\"><strong style=\"font-family: 'arial black', 'avant garde'; font-size: 18.6666660308838px; line-height: 21.3333339691162px; text-align: justify; text-indent: 37.7952766418457px;\">.<\/strong>\u00a0<\/span><\/strong><strong><span style=\"font-size: 12pt; font-family: 'Arial','sans-serif';\">Ayr\u0131ca Ahmet Akg\u00fcl&rsquo;\u00fcn ve Milli \u00c7\u00f6z\u00fcm Dergisi&rsquo;nin bir d\u00f6nem, onlar\u0131n <\/span><\/strong><strong><span style=\"font-size: 14pt; font-family: 'Arial','sans-serif';\">Ermeni ve K\u0131br\u0131s meselesindeki <\/span><\/strong><strong><span style=\"font-size: 12pt; font-family: 'Arial','sans-serif';\">Milli ve gerekli yakla\u015f\u0131mlar\u0131na destek \u00e7\u0131kmas\u0131 yan\u0131nda, <\/span><\/strong><strong><span style=\"font-size: 14pt; font-family: 'Arial','sans-serif';\">Ulusalc\u0131lar\u0131n ve Ayd\u0131nl\u0131k yazarlar\u0131n\u0131n<\/span><\/strong><strong><span style=\"font-size: 12pt; font-family: 'Arial','sans-serif';\"> dini ve ahlaki de\u011ferlerimize, milli ve insani dinamiklerimize ve tabi Erbakan ger\u00e7e\u011fine ve Mili G\u00f6r\u00fc\u015f prensiplerine y\u00f6nelik ba\u011fnaz ve insafa s\u0131\u011fmaz sata\u015fmalar\u0131na kar\u015f\u0131 10 y\u0131ld\u0131r, her ay dergisinde ve sitesinde en \u015fuurlu ve onurlu tepkileri koyup susturdu\u011funu g\u00f6recek ve \u00f6z\u00fcr dileyecek kadar bir insani damar\u0131n\u0131z, acaba hi\u00e7 kalmam\u0131\u015f m\u0131yd\u0131? <\/span><\/strong><strong><span style=\"font-size: 12pt; font-family: 'Arial','sans-serif';\">Eh, biraz daha bekleyin; Rahman&rsquo;\u0131n (cc) m\u00fcjdesiyle ve Furkan&rsquo;\u0131n ferasetiyle, daha ne tespit ve temennilerimiz \u00e7\u0131kacak ve utanmay\u0131 unutmu\u015f y\u00fczleriniz kim bilir nas\u0131l k\u0131zaracakt\u0131!<\/span><\/strong><\/p>\n<p style=\"margin-bottom: 0.0001pt; text-align: justify; text-indent: 1cm; line-height: 16pt;\"><strong><span style=\"font-size: 12pt; font-family: 'Arial','sans-serif';\">Sevgili ve sizin kadar seviyeli(!) karde\u015finiz <\/span><\/strong><strong><span style=\"font-size: 14pt; font-family: 'Arial','sans-serif';\">Tuncay G\u00fcney <\/span><\/strong><strong><span style=\"font-size: 12pt; font-family: 'Arial','sans-serif';\">Kanada&rsquo;da Haham \u00e7\u0131ra\u011f\u0131 yap\u0131lm\u0131\u015ft\u0131. \u015eimdi Pensilvanya&rsquo;dan kovulmaya haz\u0131rlanan <\/span><\/strong><strong><span style=\"font-size: 14pt; font-family: 'Arial','sans-serif';\">Fetullah Hocan\u0131z\u0131<\/span><\/strong><strong><span style=\"font-size: 12pt; font-family: 'Arial','sans-serif';\"> Kanada&rsquo;ya ta\u015f\u0131yacaklarm\u0131\u015f.. Herhalde Ona \u00e7\u0131rakl\u0131k yak\u0131\u015fmaz, art\u0131k HAHAM yap\u0131lmal\u0131yd\u0131&hellip; Ey CIA ve MOSSAD&rsquo;\u0131n ve bunlar\u0131n yan ve yedek kurulu\u015flar\u0131n\u0131n, k\u0131saca Siyonist Yahudi ve Ha\u00e7l\u0131 H\u0131ristiyan odaklar\u0131n kiral\u0131k fig\u00fcranlar\u0131, bakal\u0131m ABD ve AB tanr\u0131lar\u0131n\u0131z ve Fetullah S\u00fcfyan\u0131n\u0131z kendilerini ve sizleri daha ne kadar koruyacakt\u0131? O kumpaslar kurdu\u011funuz kahraman ordumuzun onurlu himayesine ve Erbakan&rsquo;\u0131n Adil D\u00fczenine mecbur ve muhta\u00e7 olaca\u011f\u0131n\u0131z g\u00fcnler yak\u0131nd\u0131!<\/span><\/strong><\/p>\n<p style=\"margin-bottom: 0.0001pt; text-align: justify; text-indent: 1cm;\"><strong><span style=\"font-size: 12pt; line-height: 115%; font-family: 'Arial',sans-serif;\">Bu Faruk Arslan Kimlerin adam\u0131d\u0131r?<\/span><\/strong><\/p>\n<p style=\"margin-bottom: 0.0001pt; text-align: justify; text-indent: 1cm;\"><strong><span style=\"font-size: 10.5pt; line-height: 115%; font-family: 'Arial',sans-serif;\">Kendisine <\/span><\/strong><strong><span style=\"font-size: 12pt; line-height: 115%; font-family: 'Arial',sans-serif;\">Toronto<\/span><\/strong><strong><span style=\"font-size: 10.5pt; line-height: 115%; font-family: 'Arial',sans-serif;\"> Belediyesi&rsquo;nin Sosyal Planlama Departman&rsquo;\u0131n\u0131n <em>&ldquo;\u00dclkeye Yeni Gelen Kad\u0131nlar Merkezi&rdquo;<\/em> ile ortakla\u015fa y\u00fcr\u00fctt\u00fc\u011f\u00fc <\/span><\/strong><strong><span style=\"font-size: 11.5pt; line-height: 115%; font-family: 'Arial',sans-serif;\">&lsquo;<em>Kazan\u0131m&rsquo; adl\u0131 projede Sosyal Ara\u015ft\u0131rmac\u0131 s\u0131fat\u0131 tak\u0131lm\u0131\u015f<\/em> <\/span><\/strong><strong><span style=\"font-size: 10.5pt; line-height: 115%; font-family: 'Arial',sans-serif;\">ve k\u0131sa ad\u0131 MANA (Media Asembly of North America) olan Kuzey Amerika Medya Birli\u011fi ba\u015fkan\u0131 yap\u0131lm\u0131\u015ft\u0131.. 3 y\u0131ll\u0131k GATA Sa\u011fl\u0131k Astsubay Haz\u0131rlama Okulu&rsquo;ndan sonra Sa\u011fl\u0131k Astsubay S\u0131n\u0131f Okulu&rsquo;ndan mezun olmaya 3 ay kala 1987&rsquo;de ayr\u0131lm\u0131\u015ft\u0131. Azerbaycan \u00dcniversitesi Uluslararas\u0131 \u0130li\u015fkiler b\u00f6l\u00fcm\u00fcnden uyduruk bir diploma ald\u0131r\u0131lm\u0131\u015f ve CIA g\u00fcd\u00fcm\u00fcnde Kanada&rsquo;da Centennial College&rsquo;den 2008&rsquo;de &lsquo;Sosyal Toplumcu&rsquo; diplomas\u0131 ayarlanm\u0131\u015ft\u0131. <\/span><\/strong><\/p>\n<p style=\"margin-bottom: 0.0001pt; text-align: justify; text-indent: 1cm;\"><span style=\"font-size: 12pt;\"><strong><span style=\"font-family: 'Arial',sans-serif;\">Faruk Arslan, Azerbaycan Zaman Gazetesi&rsquo;nde \u00e7al\u0131\u015fm\u0131\u015f, CHA Azerbaycan temsilcili\u011fi yapm\u0131\u015f, 2000-2001&rsquo;de Kanada Zaman gazetesi temsilcili\u011fi g\u00f6revine atanm\u0131\u015ft\u0131. Yaz\u0131lar\u0131 ve kriptolar\u0131 sonunda hepsi fos \u00e7\u0131kan Balyoz ve Ergenekon davalar\u0131n\u0131n sahte delillerine dayanarak yap\u0131lm\u0131\u015ft\u0131. <\/span><\/strong><\/span><\/p>\n<p style=\"margin-bottom: 0.0001pt; text-align: justify; text-indent: 1cm;\"><strong><span style=\"font-size: 10pt; line-height: 115%; font-family: 'Arial',sans-serif;\"><span style=\"font-size: 12pt;\">2008&rsquo;den itibaren<\/span> <\/span><\/strong><span style=\"font-size: 14pt;\"><strong><span style=\"line-height: 115%; font-family: Arial, sans-serif;\">Esra Co\u015fkun<\/span><\/strong><\/span><span style=\"font-size: 12pt;\"><strong><span style=\"line-height: 115%; font-family: Arial, sans-serif;\"> m\u00fcstear ad\u0131yla Canadat\u00fcrk gazetesinde <\/span><\/strong><strong><em><span style=\"font-family: 'Arial',sans-serif;\">&lsquo;hayali bayan k\u00f6\u015fe yazarl\u0131\u011f\u0131&rsquo; <\/span><\/em><\/strong><strong><span style=\"line-height: 115%; font-family: Arial, sans-serif;\">yapmas\u0131, yolda\u015f\u0131 <\/span><\/strong><strong><span style=\"font-family: 'Arial',sans-serif;\">Tuncay G\u00fcney<\/span><\/strong><strong><span style=\"line-height: 115%; font-family: Arial, sans-serif;\"> gibi nas\u0131l bir ruh sefaletine ve kanc\u0131kl\u0131k psikolojisine sahip oldu\u011funun kan\u0131t\u0131yd\u0131. <\/span><\/strong><\/span><\/p>\n<p style=\"margin-bottom: 0.0001pt; text-align: justify; text-indent: 1cm;\"><span style=\"font-size: 12pt;\"><strong><span style=\"line-height: 115%; font-family: Arial, sans-serif;\">Eyl\u00fcl 2012&rsquo;den beri Toronto&rsquo;da devlet okulu, \u0130ngiliz Mason localar\u0131 protokoll\u00fc ve CIA kontroll\u00fc <em>Lyon <\/em><\/span><\/strong><strong><em><span style=\"font-family: 'Arial',sans-serif;\">William McKenzei College Institute<\/span><\/em><\/strong><strong><span style=\"font-family: 'Arial',sans-serif;\">&rsquo;<\/span><\/strong><strong><span style=\"line-height: 115%; font-family: Arial, sans-serif;\">de g\u00f6n\u00fcll\u00fc g\u00f6rev alm\u0131\u015ft\u0131. Hem Kanada hem T\u00fcrkiye vatanda\u015f\u0131 olarak Toronto&rsquo;da ya\u015fayan ve Ankara Ba\u015fsavc\u0131l\u0131\u011f\u0131n\u0131n ifadesiyle <\/span><\/strong><strong><span style=\"font-family: 'Arial',sans-serif;\">&ldquo;Fetullah\u00e7\u0131 Ter\u00f6r Yap\u0131lanmas\u0131&rdquo;<\/span><\/strong><\/span><strong><span style=\"font-size: 12pt; line-height: 115%; font-family: Arial, sans-serif;\"> olan Cemaat&rsquo;in<\/span><span style=\"line-height: 115%; font-family: 'Arial',sans-serif;\"> <\/span><\/strong><span style=\"font-size: 14pt;\"><strong><span style=\"font-family: 'Arial',sans-serif;\">(yani CIAmaat\u0131n)<\/span><\/strong><\/span><span style=\"font-size: 12pt;\"><strong><span style=\"line-height: 115%; font-family: Arial, sans-serif;\"> Kanada kanad\u0131n\u0131n en etkili elemanlar\u0131ndan say\u0131lan <\/span><\/strong><\/span><strong><span style=\"font-size: 12pt; line-height: 115%; font-family: 'Arial',sans-serif;\"><span style=\"font-size: 14pt;\">Faruk Arslan<\/span><\/span><span style=\"line-height: 115%; font-family: Arial, sans-serif;\">&rsquo;<\/span><\/strong><strong><span style=\"font-size: 10pt; line-height: 115%; font-family: 'Arial',sans-serif;\">\u0131n CIA ve MOSSAD ba\u011flant\u0131lar\u0131 Rusya ve Azerbaycan yetkililerince a\u00e7\u0131klananlar aras\u0131ndayd\u0131. \u0130\u015fte b\u00f6yle bir adam\u0131n Ahmet Akg\u00fcl&rsquo;den ve Milli \u00c7\u00f6z\u00fcm&rsquo;den g\u0131c\u0131k almas\u0131 ve iftira atmas\u0131 do\u011fal kar\u015f\u0131lanmal\u0131yd\u0131.<\/span><\/strong><\/p>\n<p style=\"margin-bottom: 0.0001pt; text-align: justify; text-indent: 1cm; line-height: 16pt;\"><strong><span style=\"font-size: 16pt; font-family: 'Arial','sans-serif';\">ABD&rsquo;li Stratejist William Engdahl&rsquo;a g\u00f6re Fetullah G\u00fclen CIA&rsquo;n\u0131n T\u00fcrkiye aya\u011f\u0131d\u0131r!<\/span><\/strong><\/p>\n<p style=\"margin-bottom: 0.0001pt; text-align: justify; text-indent: 1cm; line-height: 16pt;\"><span style=\"font-size: 12pt; font-family: 'Arial','sans-serif';\">William Engdahl&rsquo;a g\u00f6re: <strong><em>t\u00fcm deliller Fetullah G\u00fclen&rsquo;in, T\u00fcrkiye&rsquo;deki kurumlarda darbe yapmak ve Avrasya b\u00f6lgesinde istikrars\u0131zl\u0131k yaratmak i\u00e7in kullan\u0131lan bir CIA unsuru oldu\u011funun kan\u0131t\u0131d\u0131r!<\/em><\/strong><\/span><\/p>\n<p style=\"margin-bottom: 0.0001pt; text-align: justify; text-indent: 1cm; line-height: 16pt;\"><span style=\"font-size: 12pt; font-family: 'Arial','sans-serif';\">Jeopolitika \u00fczerine ara\u015ft\u0131rmalar yapan ABD&rsquo;li gazeteci <\/span><strong><span style=\"font-size: 14pt; font-family: 'Arial','sans-serif';\">William Engdahl, Fetullah G\u00fclen<\/span><\/strong><span style=\"font-size: 12pt; font-family: 'Arial','sans-serif';\">&rsquo;le ilgili bulgular\u0131n\u0131 <strong><em>&ldquo;The GULEN &#8211; Bir Gladyo Projesi&rdquo;<\/em><\/strong> belgeselinde anlatm\u0131\u015ft\u0131: Y\u00f6netmenli\u011fini Serkan Ko\u00e7&rsquo;un yapt\u0131\u011f\u0131 The GULEN belgeselinde, Cemaat&rsquo;in 1970&rsquo;lerde \u0130zmir Kemalpa\u015fa&rsquo;da kurdu\u011fu kamp yerine ve tan\u0131klara ula\u015f\u0131lm\u0131\u015ft\u0131. G\u00fclen&rsquo;in bir Gladyo unsuru oldu\u011funu kan\u0131tlayan belgeler yay\u0131nlam\u0131\u015f, T\u00fcrkiye&rsquo;deki g\u00f6revi fark edilince Amerika&rsquo;ya ka\u00e7\u0131r\u0131ld\u0131\u011f\u0131 ve operasyonlar\u0131n\u0131 oradan nas\u0131l s\u00fcrd\u00fcrd\u00fc\u011f\u00fc aktar\u0131lm\u0131\u015ft\u0131. Y\u00f6netmen Yard\u0131mc\u0131s\u0131 Beste G\u00fcl \u00d6neren taraf\u0131ndan, G\u00fclen hareketini yak\u0131ndan takip eden gazeteci William Engdahl ile internet \u00fczerinden g\u00f6r\u00fc\u015fme yap\u0131lm\u0131\u015ft\u0131. Engdahl, ula\u015ft\u0131\u011f\u0131 bilgi ve belgeleri \u015f\u00f6yle a\u00e7\u0131klam\u0131\u015ft\u0131:<\/span><\/p>\n<p style=\"margin-bottom: 0.0001pt; text-align: justify; text-indent: 1cm; line-height: 16pt;\"><strong><em><span style=\"font-size: 12pt; font-family: 'Arial','sans-serif';\">&ldquo;Amerikan&rsquo;\u0131n &ldquo;Demokrasiyi geli\u015ftirmek&rdquo; kisvesi alt\u0131ndaki operasyonlar\u0131n\u0131n, Ortado\u011fu&rsquo;da s\u0131n\u0131rlar\u0131 tekrar \u00e7izmek ve y\u00fckselen ba\u011f\u0131ms\u0131zl\u0131\u011f\u0131n \u00f6n\u00fcn\u00fc kesmekle alakal\u0131 oldu\u011funu saptad\u0131m. G\u00fclen&rsquo;in de bu stratejinin bir par\u00e7as\u0131 oldu\u011funu anlad\u0131m. G\u00fclen&rsquo;e 3 ki\u015finin araya girmesiyle, kendisine <\/span><\/em><\/strong><strong><em><span style=\"font-size: 14pt; font-family: 'Arial','sans-serif';\">\u00fcst\u00fcn meziyetli yabanc\u0131<\/span><\/em><\/strong><strong><em><span style=\"font-size: 12pt; font-family: 'Arial','sans-serif';\"> stat\u00fcs\u00fcnde kal\u0131c\u0131 oturma izni \u00e7\u0131kar\u0131ld\u0131: Eski T\u00fcrkiye B\u00fcy\u00fckel\u00e7isi Morton Abramowitz, CIA ile ba\u011flant\u0131lar\u0131 olan George Fidas ve CIA&rsquo;n\u0131n kritik isimlerinden Graham Fuller yard\u0131mc\u0131 olmu\u015flard\u0131. Fuller, CIA ve Pentagon&rsquo;un \u0130slamc\u0131 cihad\u0131 silah olarak kullanma ve d\u00fcnya \u00e7ap\u0131nda kaos yaratma politikas\u0131n\u0131n mimar\u0131d\u0131r. Orta Asya ve Kafkaslar&rsquo;da G\u00fclen&rsquo;in a\u00e7t\u0131\u011f\u0131 T\u00fcrk okullar\u0131ndaki \u0130ngilizce \u00f6\u011fretmenleri CIA ajan\u0131yd\u0131. \u0130lk olarak 500 &ldquo;\u00f6\u011fretmen maskeli&rdquo; ajan, bu okullar sayesinde Orta Asya&rsquo;ya s\u0131zd\u0131. T\u00fcm deliller G\u00fclen&rsquo;in, T\u00fcrkiye&rsquo;deki kurumlarda darbe yapmak ve kendilerinin &ldquo;Do\u011fu T\u00fcrkistan&rdquo; dedi\u011fi, \u00c7in&rsquo;e kadar uzanan Avrasya b\u00f6lgesinde istikrars\u0131zl\u0131k yaratmak i\u00e7in kullan\u0131lan bir CIA unsuru oldu\u011funu kan\u0131tlamaktad\u0131r.&rdquo;<\/span><\/em><\/strong><\/p>\n<p style=\"margin-bottom: 0.0001pt; text-align: justify; text-indent: 1cm; line-height: 16pt;\"><strong><span style=\"font-size: 14pt; font-family: 'Arial','sans-serif';\">Sak\u0131n ha, bu s\u00f6zlerle iktidar\u0131 hakl\u0131 buldu\u011fumuz ve d\u00f6neklerden hay\u0131r umdu\u011fumuz falan san\u0131lmas\u0131nd\u0131. Akl\u0131 olan i\u00e7in &ldquo;bir damla, bir deryaya i\u015faret say\u0131l\u0131rd\u0131.&rdquo;<\/span><\/strong><\/p>\n<p style=\"margin-bottom: 0.0001pt; text-align: justify; text-indent: 1cm; line-height: 16pt;\"><strong><span style=\"font-size: 12pt; font-family: 'Arial','sans-serif';\">Bir olay anlatay\u0131m; art\u0131k k\u0131yas\u0131n\u0131 ak\u0131l ve vicdan sahipleri yaps\u0131nd\u0131. T\u00fcrkiye&rsquo;nin en \u00f6nemli makamlar\u0131n\u0131n birinin ba\u015f\u0131ndaki <\/span><\/strong><strong><span style=\"font-size: 14pt; font-family: 'Arial','sans-serif';\">\u015fah\u0131s<\/span><\/strong><strong><span style=\"font-size: 12pt; font-family: 'Arial','sans-serif';\">, Elaz\u0131\u011f&rsquo;a geldi\u011finde emekli \u0130mam-Hatip Okulu m\u00fcd\u00fcrlerinden ve \u015fehrimizin tan\u0131nan ve sayg\u0131 duyulan \u015fahsiyetlerinden muhterem <\/span><\/strong><strong><span style=\"font-size: 14pt; font-family: 'Arial','sans-serif';\">Ahmet Turan Kar<\/span><\/strong><strong><span style=\"font-size: 12pt; font-family: 'Arial','sans-serif';\"> a\u011fabeyimizi, bir kaza sonucu aya\u011f\u0131 k\u0131r\u0131ld\u0131\u011f\u0131 i\u00e7in ziyaretine u\u011fram\u0131\u015flard\u0131. O b\u00fcy\u00fck Devlet Adam\u0131, ziyaretine geldi\u011fi bu beyefendinin o\u011flunun, E. \u0130\u00e7i\u015fleri Bakan\u0131 olan ve AKP&rsquo;den ayr\u0131lan <\/span><\/strong><strong><span style=\"font-size: 14pt; font-family: 'Arial','sans-serif';\">\u0130dris Naim \u015eahin<\/span><\/strong><strong><span style=\"font-size: 12pt; font-family: 'Arial','sans-serif';\">&rsquo;in damad\u0131 oldu\u011funu \u00f6\u011frenince birden k\u00f6p\u00fcr\u00fcp h\u0131r\u00e7\u0131nla\u015fm\u0131\u015f, sade ve s\u0131radan bir vatanda\u015fa bile asla yak\u0131\u015fmayan \u00e7ok \u00e7i\u011f bir tav\u0131rla; Valiye ve Belediye Ba\u015fkan\u0131 M\u00fccahit Yan\u0131lmaz&rsquo;a: <\/span><\/strong><strong><em><span style=\"font-size: 14pt; font-family: 'Arial','sans-serif';\">&ldquo;Beni bu eve ni\u00e7in y\u00f6nlendirdiniz&hellip; Beni arkadan han\u00e7erleyenlerin d\u00fcn\u00fcrlerinin aya\u011f\u0131na nas\u0131l getirirsiniz!?&rdquo;<\/span><\/em><\/strong><strong><span style=\"font-size: 12pt; font-family: 'Arial','sans-serif';\"> \u015feklinde f\u0131r\u00e7a atmaya ba\u015flam\u0131\u015ft\u0131. Tabii ki herhalde iyi niyetli ve faziletli Sn. Ahmet Turan Kar da neye u\u011frad\u0131\u011f\u0131n\u0131 \u015fa\u015f\u0131rm\u0131\u015f, g\u00f6z\u00fcnde ve g\u00f6nl\u00fcnde b\u00fcy\u00fctt\u00fckleri zevat\u0131n ger\u00e7ek surat\u0131n\u0131 ve s\u0131fat\u0131n\u0131 g\u00f6r\u00fcp y\u0131k\u0131lm\u0131\u015flard\u0131.!. \u015eimdi san\u0131yorsunuz ki <\/span><\/strong><strong><span style=\"font-size: 14pt; font-family: 'Arial','sans-serif';\">Ahmet Akg\u00fcl<\/span><\/strong><strong><span style=\"font-size: 16pt; font-family: 'Arial','sans-serif';\"> de sizin gibi bu t\u0131ynetteki tiplere yaranmaya \u00e7al\u0131\u015facak kadar gaflet ve cehalet m\u00fcptelas\u0131 m\u0131yd\u0131?<\/span><\/strong><\/p>\n<p style=\"margin-bottom: 0.0001pt; text-align: justify; text-indent: 1cm; line-height: 16pt;\"><strong><span style=\"font-size: 16pt; font-family: 'Arial','sans-serif';\">\u015eah-F\u0131rat Olay\u0131 ve Genelkurmay&rsquo;\u0131n Tavr\u0131!<\/span><\/strong><\/p>\n<p style=\"margin-bottom: 0.0001pt; text-align: justify; text-indent: 1cm; line-height: 16pt;\"><strong><span style=\"font-size: 12pt; font-family: 'Arial','sans-serif';\">\u00c7ok gizli ve ciddi mazeretlerle ve yine olduk\u00e7a ge\u00e7erli ve ger\u00e7ek\u00e7i &#8220;stratejik geri ad\u0131m&#8221; gerek\u00e7eleriyle de\u011fil de &ldquo;def-\u00fcl bela (yani haz\u0131r belay\u0131 ucuz yoldan def edip kurtulma)&rdquo; cinsinden bir kararla <\/span><\/strong><strong><span style=\"font-size: 14pt; font-family: 'Arial','sans-serif';\">&ldquo;S\u00fcleyman \u015eah T\u00fcrbesi&rdquo;<\/span><\/strong><strong><span style=\"font-size: 12pt; font-family: 'Arial','sans-serif';\"> makam\u0131ndan ve resmen T\u00fcrk topra\u011f\u0131ndan s\u00f6k\u00fcl\u00fcp ka\u00e7\u0131r\u0131lm\u0131\u015fsa, bunun hesab\u0131, \u00f6zellikle siyasi sorumlulardan mutlaka sorulacakt\u0131. Yetmez, olduk\u00e7a cesaretli ve milli gayretli bir kararla Kuzey Irak&rsquo;taki stratejik mevkilere konu\u015fland\u0131r\u0131lan ve Erbakan iktidar\u0131nda takviye olunan askeri g\u00fc\u00e7lerimizin ve savunma ara\u00e7-gere\u00e7lerimizin ak\u0131beti, yani onlar\u0131n da geri \u00e7ekilip \u00e7ekilmedi\u011fi konusu da g\u00fcndeme ta\u015f\u0131nmal\u0131 ve tart\u0131\u015f\u0131lmal\u0131yd\u0131. Bu kapsamda, Eski E\u015fk\u0131yaba\u015f\u0131 yeni bar\u0131\u015f kahraman\u0131(!) \u00d6calan&rsquo;\u0131n Diyarbak\u0131r&rsquo;da okunan Nevruz mesaj\u0131nda <\/span><\/strong><strong><span style=\"font-size: 14pt; font-family: 'Arial','sans-serif';\">&ldquo;E\u015fme ruhu&rdquo;<\/span><\/strong><strong><span style=\"font-size: 12pt; font-family: 'Arial','sans-serif';\">ndan bahsederek, <\/span><\/strong><strong><em><span style=\"font-size: 12pt; font-family: 'Arial','sans-serif';\">&ldquo;S\u00fcleyman \u015eah T\u00fcrbesinin ta\u015f\u0131nmas\u0131nda, PYD ve PKK&rsquo;n\u0131n da TSK&rsquo;ya yard\u0131m etti\u011fi ve bunun devam edece\u011fi&rdquo;<\/span><\/em><\/strong><strong><span style=\"font-size: 12pt; font-family: 'Arial','sans-serif';\">gibi bir alg\u0131 olu\u015fturma \u00e7abas\u0131na Genelkurmay&rsquo;\u0131n \u00e7ok net ve sert yan\u0131t\u0131 <\/span><\/strong><strong><em><span style=\"font-size: 14pt; font-family: 'Arial','sans-serif';\">&ldquo;TSK&rsquo;n\u0131n asla siyasi polemik ve pasla\u015fmalar\u0131n fig\u00fcran\u0131 olmayaca\u011f\u0131&rdquo;<\/span><\/em><\/strong><strong><span style=\"font-size: 12pt; font-family: 'Arial','sans-serif';\"> anlam\u0131ndaki uyar\u0131lar\u0131, PKK ile AKP h\u00fck\u00fcmeti aras\u0131ndaki kirli ve sinsi ili\u015fkilerin faturas\u0131n\u0131n TSK&rsquo;ya kesilmek istendi\u011fini ve bundan duyulan tedirginli\u011fi yans\u0131tmaktayd\u0131. De\u011fil y\u00fcksek sorumlu bir devlet adam\u0131, hatta s\u0131radan ve saf bir insan i\u00e7in bile asla ho\u015f kar\u015f\u0131lanmayan; <\/span><\/strong><strong><em><span style=\"font-size: 14pt; font-family: 'Arial','sans-serif';\">&ldquo;s\u00fcrekli aldat\u0131lmak ve i\u011ffal olunmak&rdquo; zann\u0131na ve zehab\u0131na tutulan zatlar\u0131n y\u00f6netimindeki bir \u00fclke, hangi tehlikelere a\u00e7\u0131kt\u0131r!&rdquo; <\/span><\/em><\/strong><strong><span style=\"font-size: 12pt; font-family: 'Arial','sans-serif';\">Yok e\u011fer aldat\u0131lmad\u0131\u011f\u0131 halde, <\/span><\/strong><strong><em><span style=\"font-size: 14pt; font-family: 'Arial','sans-serif';\">sadece \u00e7\u0131kar \u00e7ark\u0131 bozulunca b\u00f6yle bir iddiaya s\u0131\u011f\u0131n\u0131l\u0131yorsa<\/span><\/em><\/strong><strong><span style=\"font-size: 12pt; font-family: 'Arial','sans-serif';\">; veya s\u00fcrekli aldat\u0131lma psikolojisiyle bir rahats\u0131zl\u0131k sergileniyor, gereksiz korku ve ku\u015fkular i\u00e7inde s\u0131k\u0131nt\u0131 \u00e7ekiliyorsa, bu dalg\u0131nl\u0131kla trafik kazas\u0131 yapmas\u0131n diye s\u00fcr\u00fcc\u00fc ehliyetinin bile iptal edilmesi gereken \u015fah\u0131slar\u0131n g\u00fcd\u00fcm\u00fcnde, gelece\u011fimizden ve g\u00fcvencemizden nas\u0131l emin olunacakt\u0131r?<\/span><\/strong><\/p>\n<p style=\"margin-bottom: 0.0001pt; text-align: justify; text-indent: 1cm; line-height: 16pt;\"><strong><span style=\"font-size: 16pt; font-family: 'Arial','sans-serif';\">Kuzey Irak&rsquo;ta T\u00fcrk \u00dcslerinin varl\u0131\u011f\u0131 ve Bat\u0131&rsquo;n\u0131n rahats\u0131zl\u0131\u011f\u0131!<\/span><\/strong><\/p>\n<p style=\"margin-bottom: 0.0001pt; text-align: justify; text-indent: 1cm; line-height: 16pt;\"><strong><span style=\"font-size: 12pt; font-family: 'Arial','sans-serif';\">Merkezi Irak h\u00fck\u00fcmetiyle T\u00fcrkiye aras\u0131nda k\u00f6t\u00fcle\u015fen ikili ili\u015fkiler kukla Ba\u011fdat y\u00f6netiminin k\u0131\u015fk\u0131rt\u0131lmas\u0131yla kritik bir a\u015famaya dayanm\u0131\u015ft\u0131. Hat\u0131rlanaca\u011f\u0131 \u00fczere s\u0131n\u0131r \u00f6tesi operasyon konusunda h\u00fck\u00fcmete verilen yetkinin 1 y\u0131l daha uzat\u0131lmas\u0131n\u0131 \u00f6ng\u00f6ren tezkerenin, TBMM Ba\u015fkanl\u0131\u011f\u0131&rsquo;na sunulmas\u0131n\u0131n ard\u0131ndan Ba\u011fdat; Kuzey Irak&rsquo;a T\u00fcrk ordusunun girmesine ve \u00fcslerdeki varl\u0131\u011f\u0131n\u0131 s\u00fcrd\u00fcrmesine kar\u015f\u0131 \u00e7\u0131kmaya ba\u015flam\u0131\u015ft\u0131. Bu g\u00fcndemle toplanan Irak kabinesi, Irak&rsquo;ta yabanc\u0131 askeri g\u00fc\u00e7lerin varl\u0131\u011f\u0131na imk\u00e2n tan\u0131yan anla\u015fmalar\u0131n kald\u0131r\u0131lmas\u0131 y\u00f6n\u00fcnde karar alm\u0131\u015ft\u0131. 1990&rsquo;lardan bu yana Irak&rsquo;\u0131n kuzeyinde askeri \u00fcslere sahip olan T\u00fcrkiye&rsquo;yi do\u011frudan etkileyecek karar\u0131; h\u00fck\u00fcmet s\u00f6zc\u00fcs\u00fc Ali El Dabbah a\u00e7\u0131klam\u0131\u015ft\u0131. <\/span><\/strong><\/p>\n<p style=\"margin-bottom: 0.0001pt; text-align: justify; text-indent: 1cm; line-height: 16pt;\"><span style=\"font-size: 12pt; font-family: 'Arial','sans-serif';\">O tarihlerde Frans\u0131z haber ajans\u0131 AFP&rsquo;ye konu\u015fan \u00fcst d\u00fczey bir Irakl\u0131 yetkili bu karar\u0131n <strong><em>&ldquo;T\u00fcrkiye&rsquo;nin Kuzey Irak&rsquo;\u0131n Dohuk b\u00f6lgesindeki askeri varl\u0131\u011f\u0131n\u0131 bitirmeyi ama\u00e7lad\u0131\u011f\u0131&rdquo;<\/em><\/strong> yorumunu yapm\u0131\u015ft\u0131. Ad\u0131 a\u00e7\u0131klanmayan yetkili, s\u00f6z konusu anla\u015fman\u0131n 1995 y\u0131l\u0131nda d\u00f6nemin Devlet Ba\u015fkan\u0131 Saddam H\u00fcseyin&rsquo;le imzalanan ve 35 bin T\u00fcrk askerinin kat\u0131ld\u0131\u011f\u0131 \u00c7elik Harek\u00e2t\u0131&rsquo;na zemin sa\u011flayan ve Rahmetli Erbakan iktidar\u0131nda daha sa\u011flam ve kal\u0131c\u0131 \u015fartlara kavu\u015fturulan mutabakatlardan biri oldu\u011fu vurgulanm\u0131\u015ft\u0131r. Kuzey Irak b\u00f6lgesel y\u00f6netiminin ikinci adam\u0131 olan Ne\u00e7irvan Barzani de daha \u00f6nce T\u00fcrkiye&rsquo;nin K\u00fcrt b\u00f6lgesi i\u00e7erisinde \u00fcs sahibi olmas\u0131n\u0131 sa\u011flayan anla\u015fman\u0131n 1997&rsquo;den beri y\u00fcr\u00fcrl\u00fckte oldu\u011funu hat\u0131rlatm\u0131\u015ft\u0131r. Resmi olarak a\u00e7\u0131klanmasa da PKK&rsquo;n\u0131n faaliyetlerini izlemek amac\u0131yla y\u0131llard\u0131r Kuzey Irak&rsquo;ta konu\u015flu bulunan T\u00fcrk Silahl\u0131 Kuvvetleri (TSK), Zaho&rsquo;dan \u00c7ukurca b\u00f6lgesine kadar olan 30 km derinlik, Bamerni Havaalan\u0131&rsquo;ndan i\u00e7 b\u00f6lgelere do\u011fru ise 80 kilometrelik s\u0131n\u0131r \u015feridini s\u00fcrekli kontrol alt\u0131nda tutmaktad\u0131r ve bu askeri birlikler a\u011f\u0131rl\u0131kl\u0131 olarak tank ve top\u00e7u birliklerinden olu\u015fmaktad\u0131r.<\/span><\/p>\n<p style=\"margin-bottom: 0.0001pt; text-align: justify; text-indent: 1cm; line-height: 16pt;\"><strong><span style=\"font-size: 16pt; font-family: 'Arial','sans-serif';\">Kuzey Irak&rsquo;taki T\u00fcrk Askeri varl\u0131\u011f\u0131 ve konu\u015fland\u0131\u011f\u0131 b\u00f6lgelerle ilgili raporlar\u0131 g\u00f6\u011fs\u00fcm\u00fcz\u00fc kabartmaktad\u0131r.<\/span><\/strong><\/p>\n<p style=\"margin-bottom: 0.0001pt; text-align: justify; text-indent: 1cm; line-height: 16pt;\"><strong><span style=\"font-size: 12pt; font-family: 'Gill Sans Ultra Bold','sans-serif';\"><strong style=\"font-family: 'arial black', 'avant garde'; font-size: 18.6666660308838px; line-height: 21.3333339691162px; text-align: justify; text-indent: 37.7952766418457px;\">.<\/strong>\u00a0<\/span><\/strong><strong><span style=\"font-size: 12pt; font-family: 'Arial','sans-serif';\">T\u00fcrkiye s\u0131n\u0131r\u0131na yak\u0131n noktadaki Batufa ile Kanimasi&rsquo;de bine yak\u0131n asker ve 20 civar\u0131nda Alman Leopar- 1 tank\u0131 bulunmaktad\u0131r.<\/span><\/strong><\/p>\n<p style=\"margin-bottom: 0.0001pt; text-align: justify; text-indent: 1cm; line-height: 16pt;\"><strong><span style=\"font-size: 12pt; font-family: 'Gill Sans Ultra Bold','sans-serif';\"><strong style=\"font-family: 'arial black', 'avant garde'; font-size: 18.6666660308838px; line-height: 21.3333339691162px; text-align: justify; text-indent: 37.7952766418457px;\">.<\/strong>\u00a0<\/span><\/strong><strong><span style=\"font-size: 12pt; font-family: 'Arial','sans-serif';\">Duhok ve Amediye aras\u0131ndaki Bamerni&rsquo;de 10&rsquo;a yak\u0131n tank ve bine yak\u0131n asker haz\u0131rd\u0131r. Tanklar\u0131n bir k\u0131sm\u0131 havaalan\u0131nda ate\u015f pozisyonunda tutulurken, bir k\u0131sm\u0131 da arazi ve tepelerde mevzilenmi\u015f durumdad\u0131r.<\/span><\/strong><\/p>\n<p style=\"margin-bottom: 0.0001pt; text-align: justify; text-indent: 1cm; line-height: 16pt;\"><strong><span style=\"font-size: 12pt; font-family: 'Gill Sans Ultra Bold','sans-serif';\"><strong style=\"font-family: 'arial black', 'avant garde'; font-size: 18.6666660308838px; line-height: 21.3333339691162px; text-align: justify; text-indent: 37.7952766418457px;\">.<\/strong>\u00a0<\/span><\/strong><strong><span style=\"font-size: 12pt; font-family: 'Arial','sans-serif';\">Metina b\u00f6lgesinde bulunan Bamerni&rsquo;deki tepelerde tanklar\u0131n mevzilere yerle\u015ftirildi\u011fi g\u00f6zlerden ka\u00e7mamaktad\u0131r. TSK; buradan Duhok, Sersing, Gare, Metina b\u00f6lgelerini kontrol alt\u0131nda tutmaktat\u0131r.<\/span><\/strong><\/p>\n<p style=\"margin-bottom: 0.0001pt; text-align: justify; text-indent: 1cm; line-height: 16pt;\"><strong><span style=\"font-size: 12pt; font-family: 'Gill Sans Ultra Bold','sans-serif';\"><strong style=\"font-family: 'arial black', 'avant garde'; font-size: 18.6666660308838px; line-height: 21.3333339691162px; text-align: justify; text-indent: 37.7952766418457px;\">.<\/strong>\u00a0<\/span><\/strong><strong><span style=\"font-size: 12pt; font-family: 'Arial','sans-serif';\">Havaalan\u0131nda T\u00fcrk askerlerinin lojistik ve intikaller i\u00e7in d\u00fczenli olarak kulland\u0131klar\u0131 bir helikopter pisti de vard\u0131r.<\/span><\/strong><\/p>\n<p style=\"margin-bottom: 0.0001pt; text-align: justify; text-indent: 1cm; line-height: 16pt;\"><strong><span style=\"font-size: 12pt; font-family: 'Gill Sans Ultra Bold','sans-serif';\"><strong style=\"font-family: 'arial black', 'avant garde'; font-size: 18.6666660308838px; line-height: 21.3333339691162px; text-align: justify; text-indent: 37.7952766418457px;\">.<\/strong>\u00a0<\/span><\/strong><strong><span style=\"font-size: 12pt; font-family: 'Arial','sans-serif';\">Kuzey Irak&rsquo;taki Zap b\u00f6lgesindeki Amediye&rsquo;de ise, \u015fehir merkezinin kuzeyinde kurulan kararg\u00e2hta 3 civar\u0131nda tank\u0131m\u0131z yer almaktad\u0131r.<\/span><\/strong><\/p>\n<p style=\"margin-bottom: 0.0001pt; text-align: justify; text-indent: 1cm; line-height: 16pt;\"><strong><span style=\"font-size: 12pt; font-family: 'Gill Sans Ultra Bold','sans-serif';\"><strong style=\"font-family: 'arial black', 'avant garde'; font-size: 18.6666660308838px; line-height: 21.3333339691162px; text-align: justify; text-indent: 37.7952766418457px;\">.<\/strong>\u00a0<\/span><\/strong><strong><span style=\"font-size: 12pt; font-family: 'Arial','sans-serif';\">\u015eeladize ve Deraluk civar\u0131nda ise, 10&rsquo;a yak\u0131n tank ile 500 \u00fczerinde asker ve \u00e7e\u015fitli askeri ara\u00e7lar s\u00fcrekli haz\u0131r durumdad\u0131r..<\/span><\/strong><\/p>\n<p style=\"margin-bottom: 0.0001pt; text-align: justify; text-indent: 1cm; line-height: 16pt;\"><strong><span style=\"font-size: 12pt; font-family: 'Gill Sans Ultra Bold','sans-serif';\"><strong style=\"font-family: 'arial black', 'avant garde'; font-size: 18.6666660308838px; line-height: 21.3333339691162px; text-align: justify; text-indent: 37.7952766418457px;\">.<\/strong>\u00a0<\/span><\/strong><strong><span style=\"font-size: 12pt; font-family: 'Arial','sans-serif';\">Dohuk ve Zaho b\u00f6lgesinde kontrol alan\u0131n\u0131 geni\u015fleten TSK&rsquo;n\u0131n hareketlerini izlemek amac\u0131yla <\/span><\/strong><strong><span style=\"font-size: 14pt; font-family: 'Arial','sans-serif';\">KDP Pe\u015fmergeleri<\/span><\/strong><strong><span style=\"font-size: 16pt; font-family: 'Arial','sans-serif';\"> askerlere yak\u0131n alanlarda kontrol noktalar\u0131 kurmu\u015flard\u0131r. Pe\u015fmergeler, askeri birliklerin hareketini yak\u0131ndan izleyip Eribil&rsquo;deki merkezi h\u00fck\u00fcmete rapor sunmaktad\u0131r.[2]<\/span><\/strong><\/p>\n<p style=\"margin-bottom: 0.0001pt; text-align: justify; text-indent: 1cm; line-height: 16pt;\"><strong><span style=\"font-size: 16pt; line-height: 115%; font-family: 'Arial','sans-serif';\">Bamerni Havaalan\u0131ndan kimler ve niye endi\u015fe duymaktad\u0131r?<\/span><\/strong><\/p>\n<p style=\"margin-bottom: 0.0001pt; text-align: justify; text-indent: 1cm; line-height: 16pt;\"><strong><span style=\"font-size: 12pt; font-family: 'Arial','sans-serif';\">Bamerni Havaalan\u0131, T\u00fcrkiye&#8217;nin PKK s\u0131zmalar\u0131n\u0131 \u00f6nlemek ve b\u00f6lgenin g\u00fcvenli\u011fini sa\u011flamak \u00fczere, elektronik sistemleri T\u00fcrkiye&#8217;den getirerek modernize edilip tanklarla destekledi\u011fi Kuzey Irak&#8217;\u0131n <\/span><\/strong><strong><span style=\"font-size: 16pt; font-family: 'Arial','sans-serif';\">Dohuk<\/span><\/strong><strong><span style=\"font-size: 12pt; font-family: 'Arial','sans-serif';\"> b\u00f6lgesindeki <\/span><\/strong><strong><span style=\"font-size: 16pt; font-family: 'Arial','sans-serif';\">Bamerni <\/span><\/strong><strong><span style=\"font-size: 12pt; font-family: 'Arial','sans-serif';\">kasabas\u0131nda (Osmanl\u0131 d\u00f6neminde Musul Sanca\u011f\u0131 \u0130madiye Kazas\u0131 i\u00e7inde) bulunan askeri ve \u00e7ok stratejik bir havaalan\u0131d\u0131r. Havaalan\u0131n\u0131n <\/span><\/strong><strong><em><span style=\"font-size: 14pt; font-family: 'Arial','sans-serif';\">T\u00fcrkiye&#8217;nin kontrol\u00fc alt\u0131nda oldu\u011fu<\/span><\/em><\/strong><strong><span style=\"font-size: 12pt; font-family: 'Arial','sans-serif';\"> 2002&#8217;de Celal Talabani&rsquo;nin NTV&rsquo;ye yapt\u0131\u011f\u0131 bir a\u00e7\u0131klama sonras\u0131 g\u00fcndeme ta\u015f\u0131nm\u0131\u015ft\u0131r. Havaalan\u0131 36. paralelin kuzeyinde, T\u00fcrkiye s\u0131n\u0131r\u0131na 40 km mesafede bulunmaktad\u0131r. 1990&#8217;lar\u0131n ba\u015f\u0131ndan beri b\u00f6lgede Tugay seviyesinde birlik bulunduran T\u00fcrkiye&#8217;nin, <\/span><\/strong><strong><span style=\"font-size: 16pt; font-family: 'Arial','sans-serif';\">Bamerni Havaliman\u0131<\/span><\/strong><strong><span style=\"font-size: 16pt; font-family: 'Arial','sans-serif';\">&#8216;ndaki varl\u0131\u011f\u0131 bug\u00fcn 60 tank ve \u00e7e\u015fitli Z\u0131rhl\u0131 birlikler ile yakla\u015f\u0131k 2.000 askeri a\u015fmaktad\u0131r. Bu b\u00f6lgedeki askeri \u00fcslerimiz Erbakan&rsquo;\u0131n Refah-Yol iktidar\u0131nda daha da tahkim edilmi\u015f durumdad\u0131r.<\/span><\/strong><\/p>\n<p style=\"margin-bottom: 0.0001pt; text-align: justify; text-indent: 1cm; line-height: 16pt;\"><strong><span style=\"font-size: 16pt; line-height: 115%; font-family: 'Arial','sans-serif';\">S\u00fcleyman \u015eah ka\u00e7\u0131r\u0131lmas\u0131, daha \u00e7ok ba\u015f a\u011fr\u0131tacakt\u0131r!<\/span><\/strong><\/p>\n<p style=\"margin-top: 0cm; margin-right: 0cm; margin-bottom: 0.0001pt; text-align: justify; text-indent: 1cm; line-height: 16pt;\"><strong><span style=\"font-size: 12pt; font-family: 'Arial','sans-serif';\">Suriye&rsquo;de bulunan T\u00fcrk topra\u011f\u0131 S\u00fcleyman \u015eah T\u00fcrbesi ve Sayg\u0131 Karakolu&rsquo;nun, &ldquo;\u015eah-F\u0131rat&rdquo; ad\u0131 verilen operasyonla ta\u015f\u0131nmas\u0131 yeni bir krize yol a\u00e7m\u0131\u015ft\u0131. D\u0131\u015fi\u015fleri Bakanl\u0131\u011f\u0131 ve Adalet Bakanl\u0131\u011f\u0131 yetkilileri taraf\u0131ndan olu\u015fturulan D\u0131\u015fi\u015fleri Bakanl\u0131\u011f\u0131&rsquo;ndaki &ldquo;S\u00fcleyman \u015eah Kriz Masas\u0131&rdquo; T\u00fcrkiye&rsquo;nin uluslararas\u0131 hukuk taraf\u0131ndan cezaland\u0131r\u0131lmamas\u0131 i\u00e7in yo\u011fun bir \u015fekilde \u00e7al\u0131\u015fmaya ba\u015flam\u0131\u015ft\u0131. Son d\u00f6nemde ABD&rsquo;nin Suriye&rsquo;de Esad rejimiyle masaya oturabileceklerine y\u00f6nelik sinyal vermesi T\u00fcrk taraf\u0131ndaki tedirginli\u011fi daha da art\u0131rm\u0131\u015ft\u0131. Esad&rsquo;\u0131n ortal\u0131k yat\u0131\u015ft\u0131ktan sonra BM&rsquo;ye m\u00fcracaat ederek <\/span><\/strong><strong><em><span style=\"font-size: 14pt; font-family: 'Arial','sans-serif';\">&ldquo;T\u00fcrkiye&rsquo;yi i\u015fgalci bir \u00fclke durumuna sokmas\u0131ndan&rdquo;<\/span><\/em><\/strong><strong><span style=\"font-size: 12pt; font-family: 'Arial','sans-serif';\"> endi\u015fe duyulmaktayd\u0131. Bakanl\u0131ktaki uzmanlar masada 4 konu ba\u015fl\u0131\u011f\u0131 \u00fczerinde yo\u011funla\u015fm\u0131\u015ft\u0131:<\/span><\/strong><\/p>\n<p style=\"margin-top: 0cm; margin-right: 0cm; margin-bottom: 0.0001pt; text-align: justify; text-indent: 1cm; line-height: 16pt;\"><strong><span style=\"font-size: 12pt; font-family: 'Arial','sans-serif';\">1- T\u00fcrkiye topra\u011f\u0131ndan vaz m\u0131 ge\u00e7iyordu?<\/span><\/strong><\/p>\n<p style=\"margin-top: 0cm; margin-right: 0cm; margin-bottom: 0.0001pt; text-align: justify; text-indent: 1cm; line-height: 16pt;\"><span style=\"font-size: 12pt; font-family: 'Arial','sans-serif';\">Frans\u0131zlarla yap\u0131lan 1921 Ankara Anla\u015fmas\u0131 ve Lozan&rsquo;a g\u00f6re, S\u00fcleyman \u015eah T\u00fcrbesi&rsquo;nin bulundu\u011fu alan T\u00fcrk topra\u011f\u0131 say\u0131l\u0131yordu. T\u00fcrkiye, buray\u0131 bo\u015faltmak suretiyle &ldquo;kendi topra\u011f\u0131ndan&rdquo; vazge\u00e7mi\u015f mi oluyordu?<\/span><\/p>\n<p style=\"margin-bottom: 0.0001pt; text-align: justify; text-indent: 1cm; line-height: 16pt;\"><strong><span style=\"font-size: 12pt; font-family: 'Arial','sans-serif';\">2- Nakil olay\u0131 uluslararas\u0131 anla\u015fmaya dayanm\u0131yordu!<\/span><\/strong><\/p>\n<p style=\"margin-bottom: 0.0001pt; text-align: justify; text-indent: 1cm; line-height: 16pt;\"><span style=\"font-size: 12pt; font-family: 'Arial','sans-serif';\">Mevcut yer, uluslararas\u0131 hukuka g\u00f6re T\u00fcrk topra\u011f\u0131 say\u0131l\u0131yordu. T\u00fcrkiye buray\u0131 bo\u015faltarak hem topra\u011f\u0131ndan vazge\u00e7iyor, hem de izinsiz olarak bir \u00fclkenin ba\u015fka bir topra\u011f\u0131n\u0131 i\u015fgal etmi\u015f konumuna d\u00fc\u015f\u00fcyordu.<\/span><\/p>\n<p style=\"margin-top: 0cm; margin-right: 0cm; margin-bottom: 0.0001pt; text-align: justify; text-indent: 1cm; line-height: 16pt;\"><strong><span style=\"font-size: 12pt; font-family: 'Arial','sans-serif';\">3- Suriye, oray\u0131 BM karar\u0131yla bo\u015faltt\u0131rmaya haz\u0131rlan\u0131yordu!<\/span><\/strong><\/p>\n<p style=\"margin-bottom: 0.0001pt; text-align: justify; text-indent: 1cm; line-height: 16pt;\"><span style=\"font-size: 12pt; font-family: 'Arial','sans-serif';\">Suriye&rsquo;de olaylar\u0131n yat\u0131\u015fmas\u0131yla birlikte \u015eam y\u00f6netiminin, BM&rsquo;ye ba\u015fvurmak suretiyle S\u00fcleyman \u015eah t\u00fcrbesinin yeni nakil yerini bo\u015faltt\u0131rabilece\u011fi konu\u015fuluyordu. T\u00fcrkiye&rsquo;den i\u015fgalci ad\u0131 alt\u0131nda tazminat alaca\u011f\u0131 ve BM&rsquo;nin zorla \u00e7\u0131kartma karar\u0131 alaca\u011f\u0131 endi\u015fesi g\u00fc\u00e7leniyordu.<\/span><\/p>\n<p style=\"margin-top: 0cm; margin-right: 0cm; margin-bottom: 0.0001pt; text-align: justify; text-indent: 1cm; line-height: 16pt;\"><strong><span style=\"font-size: 12pt; font-family: 'Arial','sans-serif';\">4- \u0130hanet su\u00e7u mu i\u015fleniyordu?<\/span><\/strong><\/p>\n<p style=\"margin-bottom: 0.0001pt; text-align: justify; text-indent: 1cm; line-height: 16pt;\"><span style=\"font-size: 12pt; font-family: 'Arial','sans-serif';\">T\u00fcrk Ceza Kanunu&rsquo;na g\u00f6re, vatan topra\u011f\u0131n\u0131n uluslararas\u0131 anla\u015fmaya dayanmadan ve TBMM karar\u0131 olmadan terk edilmesi &rsquo;vatana ihanet&rsquo; su\u00e7u say\u0131l\u0131yordu. Bu karar\u0131 veren Cumhurba\u015fkan\u0131 olmak \u00fczere ilgililerin yarg\u0131lanabilece\u011fi konu\u015fuluyordu. <strong><em>&ldquo;7 Haziran&rsquo;dan sonra b\u00fcy\u00fck kaosa haz\u0131rl\u0131kl\u0131 olun&rdquo; <\/em><\/strong>diyen Sn. Ahmet Takan acaba bu ger\u00e7e\u011fe mi parmak bas\u0131yordu?<\/span><\/p>\n<p style=\"margin-bottom: 0.0001pt; text-align: justify; text-indent: 1cm; line-height: 16pt;\"><strong><span style=\"font-size: 12pt; font-family: 'Arial','sans-serif';\">\u015eimdi as\u0131l kafa kurcalayan ve Milli G\u00f6r\u00fc\u015f&rsquo;e h\u0131yanet kar\u015f\u0131l\u0131\u011f\u0131 iktidara ta\u015f\u0131nanlar\u0131n karn\u0131n\u0131 a\u011fr\u0131tacak olan soru \u015fudur: \u015eah-F\u0131rat operasyonuyla, malum T\u00fcrbenin ka\u00e7\u0131r\u0131lmas\u0131yla birlikte, Kuzey Irak&rsquo;taki stratejik \u00fcslerde konu\u015flu di\u011fer askeri birliklerimiz de geri \u00e7ekilip T\u00fcrkiye&rsquo;ye ta\u015f\u0131nm\u0131\u015f m\u0131yd\u0131? B\u00f6yle ise vahim durum ve sorumluluk daha da a\u011f\u0131rla\u015f\u0131rd\u0131!<\/span><\/strong><\/p>\n<p style=\"margin-bottom: 0.0001pt; text-align: justify; text-indent: 1cm; line-height: 16pt;\"><strong><span style=\"font-size: 16pt; font-family: 'Arial','sans-serif';\">\u0130\u015fte \u00e7evremizi ku\u015fatan tehdit ve tehlikelerden baz\u0131lar\u0131:<\/span><\/strong><\/p>\n<p style=\"margin-bottom: 0.0001pt; text-align: justify; text-indent: 1cm; line-height: 16pt;\"><strong><span style=\"font-size: 14pt; font-family: 'Arial','sans-serif';\">1- <\/span><\/strong><strong><em><span style=\"font-size: 14pt; font-family: 'Arial','sans-serif';\">&ldquo;Zul\u00fcm ve i\u015fgali geni\u015fletmeye devam edece\u011fim&rdquo;<\/span><\/em><\/strong><strong><span style=\"font-size: 14pt; font-family: 'Arial','sans-serif';\"> diyen Siyonist Netanyahu yine se\u00e7im kazanm\u0131\u015ft\u0131.<\/span><\/strong><\/p>\n<p style=\"margin-bottom: 0.0001pt; text-align: justify; text-indent: 1cm; line-height: 16pt;\"><span style=\"font-size: 12pt; font-family: 'Arial','sans-serif';\">Se\u00e7im kampanyas\u0131n\u0131 Filistin&rsquo;e kar\u015f\u0131 zul\u00fcm politikas\u0131 \u00fczerinden y\u00fcr\u00fcten ve se\u00e7ime bir g\u00fcn kala, <strong><em>&ldquo;E\u011fer se\u00e7ilirsem Filistin devleti diye bir \u015feye asla ge\u00e7it vermeyece\u011fim. Yahudi i\u015fgal birimlerini geni\u015fletmeye devam edece\u011fim&rdquo;<\/em><\/strong> diyerek i\u015fgalci halka istedikleri \u015feyi vaat eden \u0131rk\u00e7\u0131 Netanyahu yine se\u00e7imi kazanm\u0131\u015f, ama AKP kurmaylar\u0131 ve yanda\u015f yazarlar\u0131 &ldquo;Netanyahu \u00e7ark etti ve Filistin&rsquo;i tan\u0131yaca\u011f\u0131n\u0131 s\u00f6yledi&rdquo; patavats\u0131zl\u0131klar\u0131yla halk\u0131 oyalamaktayd\u0131.<\/span><\/p>\n<p style=\"margin-bottom: 0.0001pt; text-align: justify; text-indent: 1cm; line-height: 16pt;\"><strong><span style=\"font-size: 12pt; font-family: 'Arial','sans-serif';\">Sn. Davuto\u011flu&rsquo;nun da gururla kat\u0131ld\u0131\u011f\u0131 &ldquo;Charlie Hebdo olay\u0131 en \u00e7ok \u0130srail&rsquo;e yaram\u0131\u015ft\u0131!&rdquo;<\/span><\/strong><\/p>\n<p style=\"margin-bottom: 0.0001pt; text-align: justify; text-indent: 1cm; line-height: 16pt;\"><span style=\"font-size: 12pt; font-family: 'Arial','sans-serif';\">\u0130srail&rsquo;in Gazze katliam\u0131yla ilgili yay\u0131mlad\u0131\u011f\u0131 karikat\u00fcr i\u00e7in hakk\u0131nda soru\u015fturma a\u00e7\u0131lan ve mahkemeye sevk edilen Frans\u0131z \u00e7izer Zeon, Charlie Hebdo sald\u0131r\u0131lar\u0131n\u0131n Fransa, ABD ve \u0130srail i\u015fbirli\u011finde yap\u0131lm\u0131\u015f olabilece\u011fini belirterek<strong><em>, &ldquo;Charlie Hebdo sald\u0131r\u0131lar\u0131ndan en k\u00e2rl\u0131 \u00e7\u0131kan \u00fclke \u0130srail&rsquo;dir. Ya Charlie&rsquo;sin, ya ter\u00f6ristsin noktas\u0131na gelinmi\u015ftir&rdquo; <\/em><\/strong>diyerek ac\u0131 ve al\u00e7alt\u0131c\u0131 bir ger\u00e7e\u011fi vurgulamaktayd\u0131.<\/span><\/p>\n<p style=\"margin-bottom: 0.0001pt; text-align: justify; text-indent: 1cm; line-height: 16pt;\"><strong><span style=\"font-size: 14pt; font-family: 'Arial','sans-serif';\">2) AKP iktidar\u0131n\u0131n ve Sn. Cumhurba\u015fkan\u0131&rsquo;n\u0131n Suriye ve Esad politikalar\u0131 tam anlam\u0131yla iflas edip t\u0131kanm\u0131\u015ft\u0131.<\/span><\/strong><\/p>\n<p style=\"margin-bottom: 0.0001pt; text-align: justify; text-indent: 1cm; line-height: 16pt;\"><strong><span style=\"font-size: 12pt; font-family: 'Arial','sans-serif';\">ABD&rsquo;nin Esad sahtek\u00e2rl\u0131\u011f\u0131 ve Suriye tezg\u00e2h\u0131 b\u00fct\u00fcn\u00fcyle a\u00e7\u0131\u011fa \u00e7\u0131km\u0131\u015ft\u0131, ama hala AKP iktidar\u0131 anlamam\u0131\u015ft\u0131. Suriye&rsquo;de 4 y\u0131ld\u0131r y\u00fcz binlerce M\u00fcsl\u00fcman&rsquo;\u0131n kan\u0131n\u0131n akmas\u0131na neden olan ABD, Esad konusunda resmen oyun oynamaktayd\u0131. Bug\u00fcn Esad&rsquo;la m\u00fczakere etmek zorunda kalacaklar\u0131n\u0131 s\u00f6yleyen ABD, d\u00fcne kadar <\/span><\/strong><strong><em><span style=\"font-size: 14pt; font-family: 'Arial','sans-serif';\">&ldquo;Esad&rsquo;\u0131n Suriye&rsquo;nin gelece\u011finde yeri olmad\u0131\u011f\u0131n\u0131&rdquo;<\/span><\/em><\/strong><strong><span style=\"font-size: 12pt; font-family: 'Arial','sans-serif';\"> savunmaktayd\u0131. ABD D\u0131\u015fi\u015fleri Bakanl\u0131\u011f\u0131 S\u00f6zc\u00fcs\u00fc, John Kerry&#8217;nin kat\u0131ld\u0131\u011f\u0131 bir televizyon program\u0131nda Suriye konusunda rejimle m\u00fczakere yap\u0131lmas\u0131 gerekti\u011fi a\u00e7\u0131klamas\u0131yla, Suriye Devlet Ba\u015fkan\u0131 Be\u015far Esad&#8217;\u0131 kastetmedi\u011fini s\u00f6ylemesi tam bir aldatmacayd\u0131. AKP iktidar\u0131 da ABD&rsquo;nin kuyru\u011funa tak\u0131lman\u0131n \u015fa\u015fk\u0131nl\u0131\u011f\u0131n\u0131 ya\u015famaktayd\u0131.<\/span><\/strong><\/p>\n<p style=\"margin-bottom: 0.0001pt; text-align: justify; text-indent: 1cm; line-height: 16pt;\"><strong><span style=\"font-size: 14pt; font-family: 'Arial','sans-serif';\">3- \u0130\u015e\u0130D, ABD&rsquo;nin bir Siyonist tezg\u00e2h\u0131yd\u0131 ve AKP&rsquo;ye bu senaryoda fig\u00fcranl\u0131k yapt\u0131r\u0131lm\u0131\u015ft\u0131.<\/span><\/strong><\/p>\n<p style=\"margin-bottom: 0.0001pt; text-align: justify; text-indent: 1cm; line-height: 16pt;\"><span style=\"font-size: 12pt; font-family: 'Arial','sans-serif';\">Gizli bilgileri s\u0131zd\u0131rd\u0131\u011f\u0131 i\u00e7in ka\u00e7arak Rusya&#8217;ya s\u0131\u011f\u0131nan ABD Merkezi \u0130stihbarat Te\u015fkilat\u0131 CIA ve ABD ulusal g\u00fcvenlik dairesi NSA&rsquo;nin eski ajan\u0131 Edward Snowden, Suriye ve Irak&#8217;ta kelle kesen, ci\u011fer yiyen I\u015e\u0130D&#8217;in arkas\u0131nda ABD, \u0130ngiltere ve \u0130srail istihbarat\u0131n\u0131n bulundu\u011funu a\u00e7\u0131klam\u0131\u015ft\u0131. <\/span><strong><span style=\"font-size: 14pt; font-family: 'Arial','sans-serif';\">Global Research&rsquo;<\/span><\/strong><span style=\"font-size: 12pt; font-family: 'Arial','sans-serif';\">te yay\u0131mlanan bir haberde, <strong><em>&ldquo;I\u015e\u0130D&#8217;in b\u00f6lgede \u0130srail&#8217;in g\u00fcvenli\u011fini sa\u011flad\u0131\u011f\u0131n\u0131&rdquo;<\/em><\/strong> s\u00f6yleyen Snowden&#8217;a g\u00f6re ABD, \u0130ngiltere ve \u0130srail istihbaratlar\u0131 d\u00fcnyadaki b\u00fct\u00fcn ter\u00f6r\u00fc &#8220;e\u015fek ar\u0131s\u0131 yuvas\u0131&#8221; (Hornet&rsquo;sNest) adl\u0131 bir strateji ile bir araya getirip kullanmaktayd\u0131. Ger\u00e7i bu haber (16 Temmuz 2014) Wikileaks&rsquo;in twitter hesab\u0131ndan tam 23 g\u00fcn sonra yalanland\u0131, ama haberin kayna\u011f\u0131 olarak g\u00f6sterilen Snowden hala yalanlamam\u0131\u015ft\u0131. Ve zaten sadece o de\u011fil, \u0130ran Genelkurmay Ba\u015fkan\u0131 Orgeneral Hasan Firuzabadi de Haziran ay\u0131nda I\u015e\u0130D&rsquo;in ABD ve \u0130srail taraf\u0131ndan, Siyonizm&rsquo;in \u00e7\u0131karlar\u0131n\u0131 korumak i\u00e7in olu\u015fturuldu\u011funu vurgulam\u0131\u015ft\u0131. AKP iktidar\u0131 ise S\u00fcleyman \u015eah T\u00fcrbesini I\u015e\u0130D&rsquo;den ka\u00e7\u0131rmay\u0131 kahramanl\u0131k saymaktayd\u0131!<\/span><\/p>\n<p style=\"margin-bottom: 0.0001pt; text-align: justify; text-indent: 1cm; line-height: 16pt;\"><strong><span style=\"font-size: 14pt; font-family: 'Arial','sans-serif';\">4- ABD ve AB, Kom\u015fumuz Rusya ile milli \u00e7\u0131karlar\u0131m\u0131za ve b\u00f6lge bar\u0131\u015f\u0131na yarayacak \u015fekilde irtibat ve ittifak kurmam\u0131za a\u00e7\u0131k\u00e7a engel olmakta ve i\u00e7i\u015flerimize kar\u0131\u015fmaktayd\u0131!<\/span><\/strong><\/p>\n<p style=\"margin-bottom: 0.0001pt; text-align: justify; text-indent: 1cm; line-height: 16pt;\"><strong><span style=\"font-size: 12pt; font-family: 'Arial','sans-serif';\">Rusya&rsquo;dan Bat\u0131&rsquo;ya kar\u015f\u0131 milli SWIFT hamlesi<\/span><\/strong><\/p>\n<p style=\"margin-bottom: 0.0001pt; text-align: justify; text-indent: 1cm; line-height: 16pt;\"><strong><span style=\"font-size: 12pt; font-family: 'Arial','sans-serif';\">Rusya Merkez Bankas\u0131, Bel\u00e7ika&rsquo;daki SWIFT sistemine kar\u015f\u0131, mili SWIFT sistemini hizmete alm\u0131\u015ft\u0131. Ekonomistler bu geli\u015fmeyi <\/span><\/strong><strong><em><span style=\"font-size: 14pt; font-family: 'Arial','sans-serif';\">&lsquo;D\u00fcnya para trafi\u011fini Bat\u0131&rsquo;n\u0131n tekelinden \u00e7\u0131karmaya y\u00f6nelik bir hamle&rsquo;<\/span><\/em><\/strong><strong><span style=\"font-size: 12pt; font-family: 'Arial','sans-serif';\"> olarak yorumlam\u0131\u015ft\u0131. Rusya Merkez Bankas\u0131, <\/span><\/strong><strong><em><span style=\"font-size: 14pt; font-family: 'Arial','sans-serif';\">SWIFT \u00f6deme sisteminin<\/span><\/em><\/strong><strong><span style=\"font-size: 12pt; font-family: 'Arial','sans-serif';\"> Rus versiyonunu hizmete soktu\u011funu a\u00e7\u0131klamas\u0131 <\/span><\/strong><strong><span style=\"font-size: 14pt; font-family: 'Arial','sans-serif';\">Siyonist s\u00f6m\u00fcr\u00fc baronlar\u0131n\u0131<\/span><\/strong><strong><span style=\"font-size: 12pt; font-family: 'Arial','sans-serif';\"> tela\u015fland\u0131rm\u0131\u015ft\u0131.<\/span><\/strong><\/p>\n<p style=\"margin-bottom: 0.0001pt; text-align: justify; text-indent: 1cm; line-height: 16pt;\"><span style=\"font-size: 12pt; font-family: 'Arial','sans-serif';\">Rusya Merkez Bankas\u0131&rsquo;n\u0131n internet sitesinden yapt\u0131\u011f\u0131 a\u00e7\u0131klamada, kredi kurumlar\u0131na finansal bilgilerin SWIFT \u015feklinde aktar\u0131lmas\u0131n\u0131 \u00f6ng\u00f6ren, yurt i\u00e7i operasyonlarda kullan\u0131lmak \u00fczere ve hi\u00e7bir k\u0131s\u0131tlaman\u0131n olmad\u0131\u011f\u0131 yeni bir hizmet sunuldu\u011fu vurgulanm\u0131\u015ft\u0131. AA&rsquo;da yer alan habere g\u00f6re; alt\u0131 ay \u00f6nce haz\u0131rlanmaya ba\u015flanan ve bug\u00fcn resmen devreye al\u0131nan bu giri\u015fim \u00e7ok stratejik bir at\u0131l\u0131md\u0131. \u00c7\u00fcnk\u00fc Siyonist sermayenin g\u00fcd\u00fcm\u00fcnde haz\u0131rlanan ve merkezi Bel\u00e7ika&rsquo;da bulunan bu sistem sayesinde d\u00fcnyadaki para trafi\u011fi ve ticareti y\u00f6nlendirilmeye \u00e7al\u0131\u015f\u0131lmaktayd\u0131. SWIFT&rsquo;teki bilgilere sahip olanlar\u0131n t\u00fcm d\u00fcnyadaki para ve ticaret verilerine de sahip olduklar\u0131 konu\u015fulmaktayd\u0131. Daha \u00f6nce Suriye, Libya ve \u0130ran&rsquo;a yap\u0131lan transferlerin bu sistem sayesinde dondurulmas\u0131n\u0131 hat\u0131rlamak laz\u0131md\u0131. \u00c7\u00fcnk\u00fc mesela &ldquo;T\u00fcrkiye&rsquo;den Pakistan&rsquo;a para g\u00f6nderece\u011finizde bu sistemi kullanmak zorunda&rsquo;&rsquo; kalmaktayd\u0131 ve bu sistem CIA taraf\u0131ndan kontrol alt\u0131na al\u0131nm\u0131\u015ft\u0131. K\u0131saca Rusya milli SWIFT sistemiyle &lsquo;d\u00fcnya para trafi\u011fini Bat\u0131&rsquo;n\u0131n tekelinden \u00e7\u0131karmaya y\u00f6nelik bir hamle&rsquo; yapm\u0131\u015ft\u0131 ve bu tarihi bir at\u0131l\u0131md\u0131.<\/span><\/p>\n<p style=\"margin-bottom: 0.0001pt; text-align: justify; text-indent: 1cm; line-height: 16pt;\"><strong><span style=\"font-size: 16pt; font-family: 'Arial','sans-serif';\">SWIFT nedir?<\/span><\/strong><\/p>\n<p style=\"margin-bottom: 0.0001pt; text-align: justify; text-indent: 1cm; line-height: 16pt;\"><strong><span style=\"font-size: 12pt; font-family: 'Arial','sans-serif';\">K\u0131sa ad\u0131 SWIFT olan Society for Worldwide Interbank Financial Telecommunication yani uluslararas\u0131 para transfer sistemi; t\u00fcm d\u00fcnyada bankalar aras\u0131nda elektronik para transferi standard\u0131 sa\u011flayan ve para trafi\u011finin yap\u0131ld\u0131\u011f\u0131 bir kurgulamayd\u0131. 1977&rsquo;de faaliyete ge\u00e7en SWIFT sistemi i\u00e7erisinde 210 \u00fclkeden 10 binin \u00fczerinde banka ve finansal kurulu\u015f bulunmaktayd\u0131. Sistem g\u00fcnl\u00fck 6 trilyon dolar\u0131n \u00fczerinde i\u015flem hacmine ula\u015fm\u0131\u015ft\u0131. Bu tarihi f\u0131rsat\u0131 de\u011ferlendirmesi ve Rusya&rsquo;y\u0131 destekleyip yeni sistemi g\u00fc\u00e7lendirmesi gereken AKP iktidar\u0131, maalesef tam tersine bu giri\u015fime \u00e7omak sokmaktayd\u0131! \u00dcstelik CFR&rsquo;nin bu y\u0131lki toplant\u0131s\u0131na kat\u0131lan Ahmet Davuto\u011flu Siyonist Hass taraf\u0131ndan: <\/span><\/strong><strong><em><span style=\"font-size: 14pt; font-family: 'Arial','sans-serif';\">&ldquo;Rusya&rsquo;n\u0131n Bat\u0131&rsquo;dan ba\u011f\u0131ms\u0131z projelerine engel olmamakla&rdquo;<\/span><\/em><\/strong><strong><span style=\"font-size: 12pt; font-family: 'Arial','sans-serif';\"> su\u00e7lan\u0131p azarlanm\u0131\u015ft\u0131. Oysa Rusya dolar\u0131n s\u00f6m\u00fcr\u00fc saltanat\u0131n\u0131 bitirecek bir hamle ba\u015flatm\u0131\u015ft\u0131<\/span><\/strong><\/p>\n<p style=\"margin-bottom: 0.0001pt; text-align: justify; text-indent: 1cm; line-height: 16pt;\"><strong><em><span style=\"font-size: 14pt; font-family: 'Arial','sans-serif';\">&lsquo;Acil ekonomik \u00e7\u00f6z\u00fcm \u015funlard\u0131r: faizleri s\u0131f\u0131rlay\u0131p sert m\u00fcdahalelerden vazge\u00e7mek, Amerika ve \u0130ngiltere&rsquo;ye borcu olan \u015firketlerin bor\u00e7lar\u0131n\u0131 \u00f6dememek, dolar\u0131n Rusya&rsquo;da serbest dola\u015f\u0131m\u0131na son vermektir&rsquo;<\/span><\/em><\/strong><span style=\"font-size: 12pt; font-family: 'Arial','sans-serif';\"> <strong>diyen Putin&rsquo;in dan\u0131\u015fman\u0131 bile &ldquo;Faiz&rdquo;in korkun\u00e7 tahribat\u0131n\u0131 anlam\u0131\u015f, ama AKP iktidar\u0131 ve s\u00f6zde T\u00fcrkiye&rsquo;nin muhalefet kurmaylar\u0131 hala bunun fark\u0131na varamam\u0131\u015ft\u0131. Rusya&rsquo;da 1993&rsquo;ten bug\u00fcne kesintisiz en uzun s\u00fcre milletvekili olan siyaset\u00e7i Yevgeniy Alekseyevi\u00e7 Federov Rusya&rsquo;ya kar\u015f\u0131 y\u00fcr\u00fct\u00fclen Bat\u0131 ambargolar\u0131n\u0131 ve Rus paras\u0131 rublenin u\u011frad\u0131\u011f\u0131 sald\u0131r\u0131lar\u0131 anlatm\u0131\u015ft\u0131. Rusya Ba\u015fkan\u0131 Vladimir Putin&rsquo;in iktidar partisi Birle\u015fik Rusya (Yedinaya Rossiya) Milletvekili Federov, Rusya&rsquo;da dolar h\u00e2kimiyetini sonland\u0131rmak i\u00e7in mecliste proje \u00fcreten en k\u0131demli isim olarak tan\u0131nmaktayd\u0131.<\/strong><\/span><\/p>\n<p style=\"margin-bottom: 0.0001pt; text-align: justify; text-indent: 1cm; line-height: 16pt;\"><strong><span style=\"font-size: 16pt; font-family: 'Arial','sans-serif';\">Rusya NATO ku\u015fatmas\u0131na al\u0131nm\u0131\u015ft\u0131<\/span><\/strong><\/p>\n<p style=\"margin-bottom: 0.0001pt; text-align: justify; text-indent: 1cm; line-height: 16pt;\"><strong><span style=\"font-size: 12pt; font-family: 'Arial','sans-serif';\">Rusya 2000 y\u0131l\u0131nda iktidara gelen Putin taraf\u0131ndan toparlanm\u0131\u015ft\u0131. Bu arada NATO birinci dalga geni\u015flemesini tamamlam\u0131\u015f ve Rusya&rsquo;y\u0131 da bar\u0131\u015f i\u00e7in ortakl\u0131k projesine paralel, NATO Rusya Konseyi olu\u015fumu ile yan\u0131na \u00e7ekmeye \u00e7al\u0131\u015fm\u0131\u015ft\u0131. Rusya&rsquo;n\u0131n yak\u0131n \u00e7evresinin NATO \u00fcyeli\u011fine al\u0131nmayaca\u011f\u0131 ve Rusya s\u0131n\u0131rlar\u0131nda NATO tatbikat\u0131 yap\u0131lmayaca\u011f\u0131 s\u0131k\u00e7a tekrarlanm\u0131\u015f, ama bu s\u00f6zler tutulmam\u0131\u015ft\u0131. Ukrayna ve G\u00fcrcistan hari\u00e7 Rusya&rsquo;n\u0131n bat\u0131 s\u0131n\u0131r\u0131ndaki t\u00fcm \u00fclkeler NATO \u00fcyesi yap\u0131lm\u0131\u015ft\u0131. Rusya&rsquo;n\u0131n Balt\u0131k&rsquo;taki Kaliningrad Oblast&rsquo;\u0131, NATO \u00fcyesi \u00fclkeleri aras\u0131nda tek ba\u015f\u0131na anavatanla irtibat\u0131 kesilmi\u015f bir &lsquo;anklav&rsquo; durumdayd\u0131.<\/span><\/strong><\/p>\n<p style=\"margin-bottom: 0.0001pt; text-align: justify; text-indent: 1cm; line-height: 16pt;\"><strong><span style=\"font-size: 16pt; font-family: 'Arial','sans-serif';\">S\u00f6zde bar\u0131\u015f s\u00fcreci bir ABD tezg\u00e2h\u0131yd\u0131!<\/span><\/strong><\/p>\n<p style=\"margin-bottom: 0.0001pt; text-align: justify; text-indent: 1cm; line-height: 16pt;\"><strong><span style=\"font-size: 12pt; font-family: 'Arial','sans-serif';\">Suriye&rsquo;de PKK saflar\u0131nda I\u015e\u0130D&rsquo;e kar\u015f\u0131 sava\u015fan ABD&rsquo;li &ldquo;Ayn-el Araba gitmek, Miami&rsquo;ye gitmekten daha kolay&rdquo; diyerek PYD ve PKK&rsquo;n\u0131n ABD ve \u0130srail subaylar\u0131nca e\u011fitilip y\u00f6n verildi\u011fini a\u00e7\u0131klam\u0131\u015ft\u0131. PKK&rsquo;n\u0131n Kandil Komutan\u0131(!) ve \u0130srail kuklas\u0131 Cemil Bay\u0131k&rsquo;\u0131n: <\/span><\/strong><strong><em><span style=\"font-size: 14pt; font-family: 'Arial','sans-serif';\">&ldquo;\u00c7\u00f6z\u00fcm G\u00f6r\u00fc\u015fmelerine ABD&rsquo;nin \u00fc\u00e7\u00fcnc\u00fc taraf ve hakem g\u00f6zlemci s\u0131fat\u0131yla kat\u0131lmas\u0131 sonucu kolayla\u015ft\u0131r\u0131r&rdquo;<\/span><\/em><\/strong><strong><span style=\"font-size: 12pt; font-family: 'Arial','sans-serif';\"> s\u00f6zleri ise art\u0131k gizli ve kirli senaryolar\u0131n perde arkas\u0131n\u0131 ortaya koymaktayd\u0131. GKB Necdet \u00d6zel&rsquo;in Havac\u0131l\u0131k Dergisi&rsquo;ne <\/span><\/strong><strong><em><span style=\"font-size: 14pt; font-family: 'Arial','sans-serif';\">&ldquo;PKK, I\u015e\u0130D&rsquo;le sava\u015fan bir me\u015fru g\u00fc\u00e7 gibi g\u00f6r\u00fclmeye ba\u015fland\u0131&rdquo;<\/span><\/em><\/strong><strong><span style=\"font-size: 12pt; font-family: 'Arial','sans-serif';\"> \u00e7\u0131k\u0131\u015flar\u0131 ve Bat\u0131l\u0131 m\u00fcttefiklerimiz kadar AKP H\u00fck\u00fcmetini de uyar\u0131s\u0131 hakl\u0131 mesajlar ta\u015f\u0131maktayd\u0131.<\/span><\/strong><\/p>\n<p style=\"margin-bottom: 0.0001pt; text-align: justify; text-indent: 1cm; line-height: 16pt;\"><strong><span style=\"font-size: 12pt; font-family: 'Arial','sans-serif';\">\u00dclkemizde y\u0131llard\u0131r T\u00fcrklerle K\u00fcrtleri birbirine k\u0131rd\u0131rmaya \u00e7al\u0131\u015fm\u0131\u015flard\u0131. S\u00fcnnilerle Alevileri birbirine d\u00fc\u015fman kamplara ay\u0131rm\u0131\u015flard\u0131. Dindarlarla laikleri, bar\u0131\u015f kabul etmez iki has\u0131m gibi k\u0131\u015fk\u0131rtm\u0131\u015flard\u0131. Sa\u011fc\u0131larla solcular\u0131, kapal\u0131larla a\u00e7\u0131klar\u0131, Ordusu ile halk\u0131 s\u00fcrekli farkl\u0131 ve ayk\u0131r\u0131 cephelerde konu\u015fland\u0131rm\u0131\u015flard\u0131. B\u00fct\u00fcn bunlar\u0131 da toplumsal bar\u0131\u015f\u0131 ve mutabakat\u0131 y\u0131karak T\u00fcrkiye&rsquo;yi par\u00e7alamak i\u00e7in yapm\u0131\u015flard\u0131. Ama ayn\u0131 karanl\u0131k odaklar ve kiral\u0131k fig\u00fcranlar\u0131 \u015fimdi PKK&rsquo;y\u0131 &ldquo;K\u00fcrt Sorunlar\u0131&rdquo; diye me\u015frula\u015ft\u0131rmaya u\u011fra\u015fmaktayd\u0131 ve GKB&rsquo;n\u0131n \u00e7\u0131k\u0131\u015f\u0131 bu ba\u011flamda tarihi bir \u00f6nem ta\u015f\u0131maktayd\u0131.<\/span><\/strong><\/p>\n<p style=\"margin-bottom: 0.0001pt; text-align: justify; text-indent: 1cm; line-height: 16pt;\"><strong><span style=\"font-size: 14pt; font-family: 'Arial','sans-serif';\">Fetullah\u00e7\u0131lar ve yanda\u015f f\u0131rsat\u00e7\u0131lar NATO CD&rsquo;si ile \u00f6nce TSK&rsquo;y\u0131 vurmaya kalk\u0131\u015fm\u0131\u015flard\u0131!<\/span><\/strong><\/p>\n<p style=\"margin-bottom: 0.0001pt; text-align: justify; text-indent: 1cm; line-height: 16pt;\"><span style=\"font-size: 12pt; font-family: 'Arial','sans-serif';\">And\u0131\u00e7 davas\u0131ndan yarg\u0131land\u0131ktan sonra tahliye olan E. Kurmay Albay \u0130lker Ziya G\u00f6kta\u015f, NATO CD&rsquo;sinin bir ba\u015fka boyutunu a\u00e7\u0131klam\u0131\u015ft\u0131. G\u00f6kta\u015f, yetkili bir konumda g\u00f6rev yapt\u0131\u011f\u0131 d\u00f6nemde NATO CD&rsquo;si ile kar\u015f\u0131la\u015fmas\u0131n\u0131 \u015f\u00f6yle anlatm\u0131\u015ft\u0131: <\/span><\/p>\n<p style=\"margin-bottom: 0.0001pt; text-align: justify; text-indent: 1cm; line-height: 16pt;\"><strong><em><span style=\"font-size: 12pt; font-family: 'Arial','sans-serif';\">&ldquo;Benim Genelkurmaydaki ilk g\u00f6revim Yabanc\u0131 Askeri Ata\u015fe \u0130rtibat Subayl\u0131\u011f\u0131yd\u0131. K\u0131saca Ankara&rsquo;daki b\u00fct\u00fcn yabanc\u0131 askeri ata\u015feler benim \u00e7al\u0131\u015ft\u0131\u011f\u0131m \u015fube \u00fczerinden Genelkurmayla temaslar\u0131n\u0131 sa\u011flamaktayd\u0131. Bana 2007 sonu veya 2008 ba\u015f\u0131nda Alman Askeri Ata\u015fesi sizin de su\u00e7land\u0131\u011f\u0131n\u0131z CD&rsquo;nin bir kopyas\u0131n\u0131 ula\u015ft\u0131rd\u0131. Fetullah\u00e7\u0131 Zaman yazar\u0131 <\/span><\/em><\/strong><strong><em><span style=\"font-size: 14pt; font-family: 'Arial','sans-serif';\">Abd\u00fclhamit Bilici<\/span><\/em><\/strong><strong><em><span style=\"font-size: 12pt; font-family: 'Arial','sans-serif';\">&rsquo;nin de bu CD&rsquo;den haberi vard\u0131.[3]<\/span><\/em><\/strong><\/p>\n<p style=\"margin-bottom: 0.0001pt; text-align: justify; text-indent: 1cm; line-height: 16pt;\"><strong><span style=\"font-size: 16pt; line-height: 115%; font-family: 'Arial','sans-serif';\"><strong><span style=\"font-size: 12pt; line-height: 115%; font-family: 'Arial','sans-serif';\">S\u00f6zde &lsquo;duyarl\u0131 vatanda\u015f&rsquo; masal\u0131!<\/span><\/strong><\/span><\/strong><\/p>\n<p style=\"margin-bottom: 0.0001pt; text-align: justify; text-indent: 1cm; line-height: 16pt;\"><span style=\"font-size: 12pt; font-family: 'Arial','sans-serif';\">&ldquo;Alman Askeri Ata\u015fesi CD&rsquo;nin hik\u00e2yesini \u015f\u00f6yle anlatt\u0131: Bu CD bir ihbar mektubu ile \u0130stanbul&rsquo;daki \u0130ngiliz Konsoloslu\u011funa postalanm\u0131\u015f. Bu mektup her zaman oldu\u011fu gibi duyarl\u0131 bir vatanda\u015f taraf\u0131ndan \u0130ngiliz Konsoloslu\u011funa yaz\u0131lm\u0131\u015f. G\u00fcya \u0130stanbul&rsquo;a hava kuvvetleri mensubu bir subay bu CD&rsquo;yi baz\u0131 a\u015f\u0131r\u0131 dinci gruplara vermek i\u00e7in alm\u0131\u015f. Bu s\u0131rada bu duyarl\u0131 ki\u015fi onun \u00e7antas\u0131ndan g\u00fcya CD&rsquo;yi \u00e7alm\u0131\u015f. Ama her nas\u0131lsa T\u00fcrk makamlar\u0131 yerine yanl\u0131\u015fl\u0131kla efendileri \u0130ngiliz Konsoloslu\u011funa yazm\u0131\u015f. Diyor ki, <strong><em>&lsquo;bir T\u00fcrk subay\u0131 nas\u0131l olur da bunu yapar?&rsquo; <\/em><\/strong>\u0130ngiliz Konsoloslu\u011fu da bu CD&rsquo;yi Ankara&rsquo;daki B\u00fcy\u00fckel\u00e7ili\u011fi&rsquo;ne g\u00f6ndermi\u015f. Onlar da b\u00fct\u00fcn NATO \u00fcyesi b\u00fcy\u00fckel\u00e7ili\u011fi bulunan \u00fclkelerle Ankara&rsquo;da bir toplant\u0131 yap\u0131p bu CD&rsquo;nin birer kopyas\u0131n\u0131 vermi\u015fler. Alman Ata\u015fesi, bu CD&rsquo;den bir n\u00fcsha da bana haz\u0131rlay\u0131p getirmi\u015fti. Ben de bunu Genelkurmay \u0130stihbarat Ba\u015fkanl\u0131\u011f\u0131&rsquo;nda ilgili makamlara verdim. <\/span><strong><span style=\"font-size: 12pt; font-family: 'Arial','sans-serif';\">Bu CD ile ili\u015fkilendirilen subay, senelerce Fetullah ile m\u00fccadele edilen bir birim i\u00e7inde g\u00f6rev yapt\u0131\u011f\u0131 i\u00e7in hedef se\u00e7ilmi\u015fti. Son g\u00f6rev yeri \u0130zmir&rsquo;de bahsi ge\u00e7en NATO kararg\u00e2h\u0131yd\u0131. <\/span><\/strong><\/p>\n<p style=\"margin-bottom: 0.0001pt; text-align: justify; text-indent: 1cm; line-height: 16pt;\"><strong><span style=\"font-size: 12pt; font-family: 'Arial','sans-serif';\">Fetullah\u00e7\u0131lar TSK&rsquo;y\u0131 NATO&rsquo;ya \u015fik\u00e2yet ediyorlard\u0131!<\/span><\/strong><\/p>\n<p style=\"margin-bottom: 0.0001pt; text-align: justify; text-indent: 1cm; line-height: 16pt;\"><span style=\"font-size: 12pt; font-family: 'Arial','sans-serif';\">Genelkurmay erken haberdar olup ilgili \u00fclkeler nezdinde bilgilendirme yap\u0131p tedbir al\u0131nca Fetullah\u00e7\u0131 Zaman Yazar\u0131 Abd\u00fclhamit Bilici CD&rsquo;den istedi\u011fi sonucu \u00e7\u0131karamad\u0131klar\u0131 i\u00e7in yaz\u0131s\u0131ndan da anla\u015f\u0131laca\u011f\u0131 \u00fczere, T\u00fcrk ordusunu NATO makamlar\u0131na \u015fik\u00e2yet etmeyi bile g\u00f6ze alm\u0131\u015ft\u0131r. Bu ki\u015finin NATO makamlar\u0131na yazd\u0131\u011f\u0131 yaz\u0131lar da Genelkurmay&rsquo;a Br\u00fcksel&rsquo;de g\u00f6revli bir subay\u0131m\u0131z taraf\u0131ndan ula\u015ft\u0131r\u0131lm\u0131\u015ft\u0131r. <\/span><\/p>\n<p style=\"margin-bottom: 0.0001pt; text-align: justify; text-indent: 1cm; line-height: 16pt;\"><strong><span style=\"font-size: 16pt; font-family: 'Arial','sans-serif';\">Fuat Avni; Hakan Fidan&rsquo;\u0131n irtibat ve tahribatlar\u0131n\u0131 \u015f\u00f6yle s\u0131ralam\u0131\u015ft\u0131:<\/span><\/strong><\/p>\n<p style=\"margin-bottom: 0.0001pt; text-align: justify; text-indent: 1cm; line-height: 16pt;\"><span style=\"font-size: 12pt; font-family: 'Arial','sans-serif';\">AKP H\u00fck\u00fcmetiyle ilgili verdi\u011fi bilgilerle <\/span><strong><em><span style=\"font-size: 14pt; font-family: 'Arial','sans-serif';\">&ldquo;gizli ve kirli s\u0131rlar\u0131 de\u015fifre eden adam&rdquo;<\/span><\/em><\/strong><span style=\"font-size: 12pt; font-family: 'Arial','sans-serif';\"> havalar\u0131 atan Twitter fenomeni <\/span><strong><span style=\"font-size: 14pt; font-family: 'Arial','sans-serif';\">Fuat Avni<\/span><\/strong><span style=\"font-size: 12pt; font-family: 'Arial','sans-serif';\">, yapt\u0131\u011f\u0131 payla\u015f\u0131mlarda M\u0130T M\u00fcste\u015farl\u0131\u011f\u0131 g\u00f6revinden istifa eden ve tekrar geri d\u00f6nen Hakan Fidan hakk\u0131nda bomba iddialarda bulunmu\u015flard\u0131. (Bu Hakan Fidan da aynen Faruk Arslan gibi astsubayl\u0131ktan a\u015f\u0131r\u0131l\u0131p a\u015f\u0131lanm\u0131\u015ft\u0131)<\/span><\/p>\n<p style=\"margin-bottom: 0.0001pt; text-align: justify; text-indent: 1cm; line-height: 16pt;\"><strong><span style=\"font-size: 12pt; font-family: 'Arial','sans-serif';\">\u0130\u015fte o tweetler: <\/span><\/strong><\/p>\n<p style=\"margin-bottom: 0.0001pt; text-align: justify; text-indent: 1cm; line-height: 16pt;\"><span style=\"font-size: 12pt; font-family: 'Arial','sans-serif';\">1. Fidan, Mit Kanunu&rsquo;yla yasama dokunulmazl\u0131\u011f\u0131n\u0131n fazlas\u0131n\u0131 elde etmesine ra\u011fmen s\u00fcrecin kendi aleyhine d\u00f6nd\u00fc\u011f\u00fcn\u00fc anlad\u0131.<\/span><\/p>\n<p style=\"margin-bottom: 0.0001pt; text-align: justify; text-indent: 1cm; line-height: 16pt;\"><span style=\"font-size: 12pt; font-family: 'Arial','sans-serif';\">2. Ba\u015fbakan olarak z\u0131rh\u0131na z\u0131rh katmak, \u00d6calan&rsquo;a verdi\u011fi s\u00f6zleri rahat\u00e7a yerine getirmek i\u00e7in g\u00f6revinden ayr\u0131ld\u0131.<\/span><\/p>\n<p style=\"margin-bottom: 0.0001pt; text-align: justify; text-indent: 1cm; line-height: 16pt;\"><span style=\"font-size: 12pt; font-family: 'Arial','sans-serif';\">3. \u0130stifas\u0131n\u0131 vermeden birka\u00e7 g\u00fcn \u00f6nce, <\/span><strong><span style=\"font-size: 14pt; font-family: 'Arial','sans-serif';\">Yezid&rsquo;<\/span><\/strong><span style=\"font-size: 12pt; font-family: 'Arial','sans-serif';\">le ilgili olu\u015fturdu\u011fu b\u00fct\u00fcn kirli i\u015flerin ar\u015fivini de yan\u0131na alm\u0131\u015ft\u0131.<\/span><\/p>\n<p style=\"margin-bottom: 0.0001pt; text-align: justify; text-indent: 1cm; line-height: 16pt;\"><span style=\"font-size: 12pt; font-family: 'Arial','sans-serif';\">4. Fidan elindeki ar\u015fivi \u0130ran&rsquo;a da servis ederek, <\/span><strong><span style=\"font-size: 14pt; font-family: 'Arial','sans-serif';\">Yezid&rsquo;<\/span><\/strong><span style=\"font-size: 12pt; font-family: 'Arial','sans-serif';\">e istedi\u011fini yapt\u0131raca\u011f\u0131n\u0131 sanm\u0131\u015ft\u0131. Fidan, <\/span><strong><span style=\"font-size: 14pt; font-family: 'Arial','sans-serif';\">Yezid&rsquo;<\/span><\/strong><span style=\"font-size: 12pt; font-family: 'Arial','sans-serif';\">in en b\u00fcy\u00fck belas\u0131 say\u0131l\u0131rd\u0131.<\/span><\/p>\n<p style=\"margin-bottom: 0.0001pt; text-align: justify; text-indent: 1cm; line-height: 16pt;\"><span style=\"font-size: 12pt; font-family: 'Arial','sans-serif';\">5. Fidan, Yezid&rsquo;in a\u00e7\u0131klar\u0131n\u0131 depolayadursun ben de Fidan&rsquo;\u0131n her ad\u0131m\u0131n\u0131n fark\u0131nday\u0131m. Elindeki kay\u0131tlar onu kurtaramayacak ve \u0130ran&rsquo;a da ka\u00e7amayacakt\u0131r.<\/span><\/p>\n<p style=\"margin-bottom: 0.0001pt; text-align: justify; text-indent: 1cm; line-height: 16pt;\"><span style=\"font-size: 12pt; font-family: 'Arial','sans-serif';\">6. Fidan, <\/span><strong><span style=\"font-size: 14pt; font-family: 'Arial','sans-serif';\">Oslo g\u00f6r\u00fc\u015fmelerine<\/span><\/strong><span style=\"font-size: 12pt; font-family: 'Arial','sans-serif';\">kat\u0131lmaya ba\u015flad\u0131ktan sonra s\u00fcrecin seyrini \u00f6rg\u00fct lehine ola\u011fan\u00fcst\u00fc h\u0131zland\u0131rm\u0131\u015ft\u0131r.<\/span><\/p>\n<p style=\"margin-bottom: 0.0001pt; text-align: justify; text-indent: 1cm; line-height: 16pt;\"><span style=\"font-size: 12pt; font-family: 'Arial','sans-serif';\">7. \u00d6rg\u00fcte ve \u00d6calan&rsquo;a devlet ad\u0131na garantiler sunarken, KCK i\u00e7erisindeki adamlar\u0131na da eylemleri art\u0131r\u0131n talimat\u0131 ula\u015ft\u0131rm\u0131\u015ft\u0131.<\/span><\/p>\n<p style=\"margin-bottom: 0.0001pt; text-align: justify; text-indent: 1cm; line-height: 16pt;\"><span style=\"font-size: 12pt; font-family: 'Arial','sans-serif';\">8. Oysa Genelkurmay&rsquo;\u0131n da\u011fda, emniyetin \u015fehirlerde kademeli \u015fekilde yapt\u0131\u011f\u0131 operasyonlar, \u00f6rg\u00fct\u00fc bitme noktas\u0131na ta\u015f\u0131m\u0131\u015ft\u0131.<\/span><\/p>\n<p style=\"margin-bottom: 0.0001pt; text-align: justify; text-indent: 1cm; line-height: 16pt;\"><span style=\"font-size: 12pt; font-family: 'Arial','sans-serif';\">9. TSK, \u0130HA deste\u011fiyle Karay\u0131lan&rsquo;\u0131n yerini saptam\u0131\u015ft\u0131 ve elde etti\u011fi raporlar do\u011frultusunda vurmak i\u00e7in g\u00fcn saymaktayd\u0131.<\/span><\/p>\n<p style=\"margin-bottom: 0.0001pt; text-align: justify; text-indent: 1cm; line-height: 16pt;\"><span style=\"font-size: 12pt; font-family: 'Arial','sans-serif';\">10. Fidan, Mit eleman\u0131 Frans\u0131z Haber Ajans\u0131 muhabiri Mustafa \u00d6zer&rsquo;e acilen Karay\u0131lan&rsquo;\u0131n yan\u0131na gitmesi talimat\u0131 verip Ona haber yollam\u0131\u015ft\u0131.<\/span><\/p>\n<p style=\"margin-bottom: 0.0001pt; text-align: justify; text-indent: 1cm; line-height: 16pt;\"><span style=\"font-size: 12pt; font-family: 'Arial','sans-serif';\">11. Kandil&rsquo;den randevuyu da Mit eleman\u0131 olan F\u0131rat Haber Ajans\u0131 Avrupa sorumlusu \u0130smet Kayhan ayarlam\u0131\u015ft\u0131.<\/span><\/p>\n<p style=\"margin-bottom: 0.0001pt; text-align: justify; text-indent: 1cm; line-height: 16pt;\"><span style=\"font-size: 12pt; font-family: 'Arial','sans-serif';\">12. Karay\u0131lan&rsquo;la bulu\u015fan \u00d6zer, Karay\u0131lan&rsquo;a Fidan&rsquo;dan gelen, b\u00f6lgeyi terk etmesi gerekti\u011fi mesaj\u0131n\u0131 aktarm\u0131\u015ft\u0131.<\/span><\/p>\n<p style=\"margin-bottom: 0.0001pt; text-align: justify; text-indent: 1cm; line-height: 16pt;\"><span style=\"font-size: 12pt; font-family: 'Arial','sans-serif';\">13. Karay\u0131lan \u0130ran topraklar\u0131ndaki kamplara s\u0131\u011f\u0131nm\u0131\u015f ve \u0130ran&rsquo;\u0131n Karay\u0131lan&rsquo;\u0131 yakalad\u0131\u011f\u0131 haberi Anadolu Ajans\u0131 taraf\u0131ndan do\u011frulanm\u0131\u015ft\u0131.<\/span><\/p>\n<p style=\"margin-bottom: 0.0001pt; text-align: justify; text-indent: 1cm; line-height: 16pt;\"><span style=\"font-size: 12pt; font-family: 'Arial','sans-serif';\">14. Karay\u0131lan&rsquo;\u0131n hayat\u0131n\u0131 kurtaran Fidan, \u0130ran Devrim Muhaf\u0131zlar\u0131 Generali Seyed Ali Akbar Mir Vakili&#8217;yi aray\u0131p Karay\u0131lan&rsquo;\u0131 serbest b\u0131rakt\u0131rm\u0131\u015ft\u0131.<\/span><\/p>\n<p style=\"margin-bottom: 0.0001pt; text-align: justify; text-indent: 1cm; line-height: 16pt;\"><span style=\"font-size: 12pt; font-family: 'Arial','sans-serif';\">15. \u00d6calan, bu hamle i\u00e7in Fidan&rsquo;a \u015f\u00fckranlar\u0131n\u0131 hat\u0131rlatm\u0131\u015ft\u0131. Fidan kendini ak\u0131ll\u0131 sanadursun, bunlar\u0131n hepsi kayda al\u0131nm\u0131\u015ft\u0131.<\/span><\/p>\n<p style=\"margin-bottom: 0.0001pt; text-align: justify; text-indent: 1cm; line-height: 16pt;\"><strong><span style=\"font-size: 12pt; font-family: 'Arial','sans-serif';\">16. Bunlardan <\/span><\/strong><strong><span style=\"font-size: 14pt; font-family: 'Arial','sans-serif';\">Yezid&rsquo;<\/span><\/strong><strong><span style=\"font-size: 12pt; font-family: 'Arial','sans-serif';\">in haberi olmam\u0131\u015ft\u0131. \u00c7\u00fcnk\u00fc bunlar olurken ev sahibi Faruk Koca ve Mustafa Varank onu b\u00f6ceklerle oyalamaktayd\u0131.<\/span><\/strong><\/p>\n<p style=\"margin-bottom: 0.0001pt; text-align: justify; text-indent: 1cm; line-height: 16pt;\"><strong><span style=\"font-size: 12pt; font-family: 'Arial','sans-serif';\">17. Fidan, Oslo&rsquo;da &lsquo;Yezid&rsquo;i kontrol alt\u0131na almakta zorlan\u0131yorum&rsquo; itiraf\u0131nda bulunmu\u015flard\u0131. Bu ses kayd\u0131n\u0131 Yezid&rsquo;e hapse girdi\u011finde dinletmek \u00fczere saklamaktay\u0131m.<\/span><\/strong><\/p>\n<p style=\"margin-bottom: 0.0001pt; text-align: justify; text-indent: 1cm; line-height: 16pt;\"><span style=\"font-size: 12pt; font-family: 'Arial','sans-serif';\">18. Fidan&rsquo;\u0131n su\u00e7lar\u0131n\u0131 yazsam, savc\u0131lar i\u00e7in kolay bir iddianame olacakt\u0131r. Bildiklerimin \u00e7ok az bir k\u0131sm\u0131n\u0131 payla\u015faca\u011f\u0131m.<\/span><\/p>\n<p style=\"margin-bottom: 0.0001pt; text-align: justify; text-indent: 1cm; line-height: 16pt;\"><span style=\"font-size: 12pt; font-family: 'Arial','sans-serif';\">19. Radyo kurmak isteyen \u00f6rg\u00fcte (PKK&rsquo;ya) M\u0130T olmaz deyince, M\u00fcste\u015far Yrd. Fidan, <strong><em>&lsquo;M\u0130T&rsquo;i bo\u015fverin, radyoyu kurun yak\u0131nda orada ben olaca\u011f\u0131m&rsquo; <\/em><\/strong>buyurmu\u015flard\u0131.<\/span><\/p>\n<p style=\"margin-bottom: 0.0001pt; text-align: justify; text-indent: 1cm; line-height: 16pt;\"><span style=\"font-size: 12pt; font-family: 'Arial','sans-serif';\">20. U\u011fur Mumcu&rsquo;yu katleden ekibe para g\u00f6nderen \u0130ranl\u0131 General Mir Vakili ile \u00f6zel telefon hatt\u0131 olan Fidan, Mumcu suikast\u0131n\u0131 kapatm\u0131\u015ft\u0131. (Not: Do\u011frucu rol\u00fc oynayan ve Fuat Avni mahlas\u0131n\u0131 kullanan Fetullah\u00e7\u0131 casusu MOSSAD&rsquo;\u0131n tezg\u00e2hlad\u0131\u011f\u0131 U\u011fur Mumcu suikast\u0131n\u0131 \u0130ran&rsquo;\u0131n s\u0131rt\u0131na y\u0131kmaya ve yine CIA-MOSSAD yeti\u015ftirmesi Hakan Fidan&rsquo;\u0131 \u0130ran&rsquo;\u0131n adam\u0131 g\u00f6sterme sahtek\u00e2rl\u0131\u011f\u0131 s\u0131r\u0131tmaktayd\u0131)<\/span><\/p>\n<p style=\"margin-bottom: 0.0001pt; text-align: justify; text-indent: 1cm; line-height: 16pt;\"><strong><span style=\"font-size: 12pt; font-family: 'Arial','sans-serif';\">21. \u00d6calan&rsquo;\u0131n eylem talimatlar\u0131n\u0131 ve mektuplar\u0131n\u0131 bizzat Kandil&rsquo;e Hakan Fidan&rsquo;\u0131n g\u00f6nderdi\u011fi de ileride yap\u0131lacak itiraflarla ortaya \u00e7\u0131kacakt\u0131.<\/span><\/strong><\/p>\n<p style=\"margin-bottom: 0.0001pt; text-align: justify; text-indent: 1cm; line-height: 16pt;\"><strong><span style=\"font-size: 12pt; font-family: 'Arial','sans-serif';\">22. Fidan, M\u0130T <\/span><\/strong><strong><em><span style=\"font-size: 14pt; font-family: 'Arial','sans-serif';\">\u00f6rg\u00fct\u00fcn \u015fifreli mail trafi\u011fini \u00e7\u00f6zd\u00fc\u011f\u00fc<\/span><\/em><\/strong><strong><span style=\"font-size: 12pt; font-family: 'Arial','sans-serif';\"> halde bunu hi\u00e7bir g\u00fcvenlik g\u00fcc\u00fcne tek bir sat\u0131r yaz\u0131yla ula\u015ft\u0131rmam\u0131\u015f ve haberdar k\u0131lmam\u0131\u015ft\u0131.<\/span><\/strong><\/p>\n<p style=\"margin-bottom: 0.0001pt; text-align: justify; text-indent: 1cm; line-height: 16pt;\"><span style=\"font-size: 12pt; font-family: 'Arial','sans-serif';\">23. Fidan, 2010-2011 y\u0131llar\u0131 aras\u0131 \u0130stanbul Emniyeti taraf\u0131ndan yap\u0131lan 1109 operasyonun sadece 4&rsquo;\u00fcnde bilgi aktarm\u0131\u015ft\u0131.<\/span><\/p>\n<p style=\"margin-bottom: 0.0001pt; text-align: justify; text-indent: 1cm; line-height: 16pt;\"><span style=\"font-size: 12pt; font-family: 'Arial','sans-serif';\">24. 2011 Temmuz&rsquo;unda \u00d6calan&rsquo;\u0131n eylem mektubunu Kandil&rsquo;e ula\u015ft\u0131ran Fidan, Silvan&rsquo;da \u015fehit olan 13 askerin katledilmesinin vebaline ortakt\u0131.<\/span><\/p>\n<p style=\"margin-bottom: 0.0001pt; text-align: justify; text-indent: 1cm; line-height: 16pt;\"><span style=\"font-size: 12pt; font-family: 'Arial','sans-serif';\">25. Fidan&rsquo;\u0131n \u00f6rg\u00fcte verdi\u011fi s\u00f6zler aras\u0131nda: <\/span><strong><span style=\"font-size: 12pt; font-family: 'Arial','sans-serif';\">\u00f6zerklik ve ter\u00f6rle m\u00fccadele eden kamu g\u00f6revlilerinin yarg\u0131lanmas\u0131 da bulunmaktayd\u0131.<\/span><\/strong><\/p>\n<p style=\"margin-bottom: 0.0001pt; text-align: justify; text-indent: 1cm; line-height: 16pt;\"><span style=\"font-size: 12pt; font-family: 'Arial','sans-serif';\">26. 2009 Eyl\u00fcl&rsquo;de \u00f6rg\u00fctle yapt\u0131\u011f\u0131 toplant\u0131da, \u00d6calan&rsquo;\u0131 &lsquo;Say\u0131n&rsquo; hitab\u0131na bo\u011fan Fidan, T\u00fcrkiye&rsquo;nin bu hale gelmesinde Yezid kadar sorumlu bir insand\u0131r.<\/span><\/p>\n<p style=\"margin-bottom: 0.0001pt; text-align: justify; text-indent: 1cm; line-height: 16pt;\"><span style=\"font-size: 12pt; font-family: 'Arial','sans-serif';\">27. Fidan, ayn\u0131 toplant\u0131da, hi\u00e7bir yetkisi olmamas\u0131na ra\u011fmen <strong><em>asker ve polise talimat verdi\u011fini, bundan sonra operasyon olmayaca\u011f\u0131n\u0131 a\u00e7\u0131klam\u0131\u015ft\u0131r.<\/em><\/strong><\/span><\/p>\n<p style=\"margin-bottom: 0.0001pt; text-align: justify; text-indent: 1cm; line-height: 16pt;\"><span style=\"font-size: 12pt; font-family: 'Arial','sans-serif';\">28. Fiilen kaybedilen Y\u00fcksekova, Cizre ve yak\u0131n gelecekte kaybedilecek Nusaybin&rsquo;in bu hale gelmesinin sorumlusu Fidan&rsquo;d\u0131r.<\/span><\/p>\n<p style=\"margin-bottom: 0.0001pt; text-align: justify; text-indent: 1cm; line-height: 16pt;\"><span style=\"font-size: 12pt; font-family: 'Arial','sans-serif';\">29. Fidan, <strong><em>Yezid ile \u00d6calan&rsquo;\u0131n bak\u0131\u015f a\u00e7\u0131lar\u0131n\u0131n ayn\u0131 oldu\u011funu, ikisinin de devlet ba\u015fkan\u0131 gibi davrand\u0131\u011f\u0131n\u0131<\/em><\/strong> s\u00f6yleyeli d\u00f6rt y\u0131ldan fazlad\u0131r.<\/span><\/p>\n<p style=\"margin-bottom: 0.0001pt; text-align: justify; text-indent: 1cm; line-height: 16pt;\"><span style=\"font-size: 12pt; font-family: 'Arial','sans-serif';\">30. Fidan, K. \u00c7ekmece&rsquo;de yak\u0131lan Serap Eser&rsquo;in, Uludere&rsquo;de k\u0131y\u0131lan 34 gencin kan\u0131 ellerine bula\u015fm\u0131\u015fken ba\u015fbakan olmaya \u00e7al\u0131\u015fm\u0131\u015f, (ama milli derin devletin tepkisi ve terslemesiyle geri ad\u0131m atmak zorunda b\u0131rak\u0131lm\u0131\u015ft\u0131r)[4]<\/span><\/p>\n<p style=\"margin-bottom: 0.0001pt; text-align: justify; text-indent: 1cm; line-height: 16pt;\"><strong><span style=\"font-size: 12pt; font-family: 'Arial','sans-serif';\">Bu iddialar\u0131n ne kadar\u0131 do\u011fru ne kadar\u0131 yanl\u0131\u015ft\u0131? Hakan Fidan nas\u0131l bir misyonla ve hangi odaklar\u0131n fonksiyonuyla o makama ta\u015f\u0131nm\u0131\u015ft\u0131 ve hala tutulmaktayd\u0131? Fetullah\u00e7\u0131lar ve Fuat Avni gibi casuslar, ger\u00e7ekten Hakan Fidan&rsquo;\u0131 karalamaya m\u0131, yoksa aklay\u0131p kahramanla\u015ft\u0131rmaya m\u0131 \u00e7al\u0131\u015fmaktayd\u0131? B\u00fct\u00fcn bu sorular\u0131n yan\u0131t\u0131 bir g\u00fcn elbette ortaya \u00e7\u0131kacakt\u0131. \u00c7\u00fcnk\u00fc sinsi kanser urlar\u0131 gibi, kirli devlet s\u0131rlar\u0131 da, sonsuza kadar gizli kalamazd\u0131.<\/span><\/strong><\/p>\n<p>\u00a0<\/p>\n<hr style=\"text-align: left;\" size=\"1\" width=\"33%\" \/>\n<p><a href=\"#ftnref1\" id=\"ftnref1\" name=\"ftn1\" style=\"vertical-align: super;\">[1]<\/a><span style=\"font-size: 9pt; font-family: 'Arial','sans-serif';\"> Bak: 23 Temmuz 2013, Generallerin Milli G\u00f6r\u00fc\u015f\u00fcne Ne Oldu?<\/span><\/p>\n<p><a href=\"#ftnref2\" id=\"ftnref2\" name=\"ftn2\" style=\"vertical-align: super;\">[2]<\/a><span style=\"font-size: 9pt; font-family: 'Arial','sans-serif';\"><a href=\"http:\/\/www.milliyet.com.tr\/uslerinizi-kaptin-askeri-\"><span style=\"color: windowtext; text-decoration: none;\">http:\/\/www.milliyet.com.tr\/uslerinizi-kaptin-askeri-<\/span><\/a>cekin\/gundem\/gundemdetay\/03.10.2012\/1605850\/default.htm<\/span><\/p>\n<p><a href=\"#ftnref3\" id=\"ftnref3\" name=\"ftn3\" style=\"vertical-align: super;\">[3]<\/a><span style=\"font-size: 9pt; font-family: 'Arial','sans-serif';\"> 19 A\u011fustos 2009 tarihli Zaman gazetesinde \u00e7\u0131kan &lsquo;Gareth&rsquo;\u0131n Raporu ve hedefteki NATO Komutan\u0131&rsquo; ba\u015fl\u0131kl\u0131 yaz\u0131<\/span><\/p>\n<p><a href=\"#ftnref4\" id=\"ftnref4\" name=\"ftn4\" style=\"vertical-align: super;\">[4]<\/a><span style=\"font-size: 9pt; font-family: 'Arial','sans-serif';\"> \u00dclk\u00fcc\u00fc Medya, 10 Mart 2015<\/span><\/p>\n","protected":false},"excerpt":{"rendered":"<p>Faruk Arslan diye bir zavall\u0131, Milli \u00c7\u00f6z\u00fcm aleyhine kin kusan ne kadar marazl\u0131 varsa hepsini \u00f6zetle toparlay\u0131p \u015f\u00f6yle z\u0131rvalam\u0131\u015ft\u0131:[1] &ldquo;&hellip;Bu Ahmet Akg\u00fcl daha ileri gidip: &ldquo;Gezi olaylar\u0131n\u0131 Cemaat\u00e7i polislerin t\u0131rmand\u0131rd\u0131\u011f\u0131, Fethullah Hoca&rsquo;n\u0131n AKP&rsquo;deki milletvekillerini ay\u0131r\u0131p CHP&rsquo;ye yamayaca\u011f\u0131, yak\u0131nda AKP ile Cemaatin k\u0131yas\u0131ya kap\u0131\u015faca\u011f\u0131&rdquo; yolunda isabetsiz ve basiretsiz iddialar s\u0131ralam\u0131\u015ft\u0131r&rdquo; \u015feklinde Fetullah\u00e7\u0131l\u0131\u011f\u0131n\u0131 ve CIA fig\u00fcranl\u0131\u011f\u0131n\u0131 yans\u0131tan [&hellip;]<\/p>\n","protected":false},"author":4,"featured_media":0,"comment_status":"open","ping_status":"closed","sticky":false,"template":"","format":"standard","meta":{"footnotes":""},"categories":[98],"tags":[],"class_list":["post-3252","post","type-post","status-publish","format-standard","hentry","category-ozel-yazilar"],"_links":{"self":[{"href":"https:\/\/www.millicozum.com\/mc\/wp-json\/wp\/v2\/posts\/3252","targetHints":{"allow":["GET"]}}],"collection":[{"href":"https:\/\/www.millicozum.com\/mc\/wp-json\/wp\/v2\/posts"}],"about":[{"href":"https:\/\/www.millicozum.com\/mc\/wp-json\/wp\/v2\/types\/post"}],"author":[{"embeddable":true,"href":"https:\/\/www.millicozum.com\/mc\/wp-json\/wp\/v2\/users\/4"}],"replies":[{"embeddable":true,"href":"https:\/\/www.millicozum.com\/mc\/wp-json\/wp\/v2\/comments?post=3252"}],"version-history":[{"count":0,"href":"https:\/\/www.millicozum.com\/mc\/wp-json\/wp\/v2\/posts\/3252\/revisions"}],"wp:attachment":[{"href":"https:\/\/www.millicozum.com\/mc\/wp-json\/wp\/v2\/media?parent=3252"}],"wp:term":[{"taxonomy":"category","embeddable":true,"href":"https:\/\/www.millicozum.com\/mc\/wp-json\/wp\/v2\/categories?post=3252"},{"taxonomy":"post_tag","embeddable":true,"href":"https:\/\/www.millicozum.com\/mc\/wp-json\/wp\/v2\/tags?post=3252"}],"curies":[{"name":"wp","href":"https:\/\/api.w.org\/{rel}","templated":true}]}}