{"id":3266,"date":"2015-04-30T03:21:31","date_gmt":"2015-04-30T03:21:31","guid":{"rendered":"https:\/\/www.millicozum.com\/mc\/2015\/04\/30\/akpnin-ahlak-ve-maneviyat-tahribati-ve-dagilma-telasi-2\/"},"modified":"2015-04-30T03:21:31","modified_gmt":"2015-04-30T03:21:31","slug":"akpnin-ahlak-ve-maneviyat-tahribati-ve-dagilma-telasi-2","status":"publish","type":"post","link":"https:\/\/www.millicozum.com\/mc\/2015\/mayis-2015\/akpnin-ahlak-ve-maneviyat-tahribati-ve-dagilma-telasi\/","title":{"rendered":"AKP\u2019N\u0130N AHLAK VE MANEV\u0130YAT TAHR\u0130BATI VE DA\u011eILMA TELA\u015eI"},"content":{"rendered":"\n<p style=\"margin-top: 0cm; margin-right: 0cm; margin-bottom: 0.0001pt; text-align: justify; text-indent: 1cm; line-height: 16pt;\"><strong><span style=\"font-size: 12pt; font-family: 'Arial',sans-serif;\"><strong><span style=\"font-size: 12pt; font-family: 'Arial',sans-serif;\"><strong><span style=\"font-size: 12pt; font-family: 'Arial',sans-serif;\"><span style=\"font-family: arial,helvetica,sans-serif; font-size: 18pt;\">.<\/span><\/span><\/strong><\/span><\/strong> Evet AKP d\u00f6neminde \u00e7ok g\u00fczel duble yollar yap\u0131lm\u0131\u015ft\u0131, ama l\u00fctfen iz&rsquo;an ve insafla d\u00fc\u015f\u00fcn\u00fcn; bunlar, her y\u0131l milyarlarca dolar verip sat\u0131n ald\u0131\u011f\u0131m\u0131z yabanc\u0131 otomobil firmalar\u0131n\u0131n m\u0131 yoksa halk\u0131m\u0131z\u0131n m\u0131 daha \u00e7ok i\u015fine yarard\u0131? Sn. Erdo\u011fan defalarca g\u00fcndeme ta\u015f\u0131mas\u0131na ra\u011fmen, s\u0131radan \u00fclkeler kadar dahi olamam\u0131\u015f, hala bir yerli otomobil bile yapamam\u0131\u015ft\u0131.<\/span><\/strong><\/p>\n<p style=\"margin-top: 0cm; margin-right: 0cm; margin-bottom: 0.0001pt; text-align: justify; text-indent: 1cm; line-height: 16pt;\"><strong><span style=\"font-size: 12pt; font-family: 'Arial',sans-serif;\"><strong><span style=\"font-size: 12pt; font-family: 'Arial',sans-serif;\"><span style=\"font-family: arial,helvetica,sans-serif; font-size: 18pt;\">.<\/span><\/span><\/strong> Ve yine sizlerin akl\u0131na ve vicdan\u0131na sesleniyorum: Hi\u00e7bir ihtiya\u00e7 yokken \u0130stanbul&rsquo;a yap\u0131lacak yeni Hava Liman\u0131 paras\u0131yla, d\u00fcnyan\u0131n en ileri yolcu u\u00e7ak fabrikas\u0131 kurulabilirdi. \u015eimdi u\u00e7a\u011f\u0131ndan yedek par\u00e7as\u0131na, elektronik donan\u0131m\u0131ndan bak\u0131m masraflar\u0131na yabanc\u0131 firmalara her y\u0131l milyarlarca dolar \u00f6deyece\u011fimiz ve Siyonist s\u00f6m\u00fcr\u00fc sermayesinin a\u00e7\u0131k pazar\u0131 haline gelebilece\u011fimiz bu yat\u0131r\u0131mlar halk\u0131m\u0131z\u0131n m\u0131 yoksa yabanc\u0131 g\u00e2vurlar\u0131n m\u0131 daha \u00e7ok i\u015fine yarard\u0131?<\/span><\/strong><\/p>\n<p style=\"margin-top: 0cm; margin-right: 0cm; margin-bottom: 0.0001pt; text-align: justify; text-indent: 1cm; line-height: 16pt;\"><strong><span style=\"font-size: 12pt; font-family: 'Arial',sans-serif;\">Erbakan Hoca&rsquo;n\u0131n Koalisyon H\u00fck\u00fcmetlerinde Karayollar\u0131 Genel M\u00fcd\u00fcr\u00fc yapt\u0131\u011f\u0131 Rahmetli Orhan Bat\u0131 \u015f\u00f6yle bir an\u0131s\u0131n\u0131 anlatm\u0131\u015ft\u0131: Bir ara bizim yol yap\u0131m tecr\u00fcbelerimizden yararlanmak \u00fczere Avusturya&rsquo;dan bir teknik ekip resmi ziyaret i\u00e7in Ankara&rsquo;ya yollanm\u0131\u015ft\u0131. G\u00f6r\u00fc\u015fme esnas\u0131nda kendilerine: &ldquo;Yeni karayollar\u0131 yap\u0131m\u0131 i\u00e7in Marshall fonundan T\u00fcrkiye&rsquo;ye oldu\u011fu gibi size de ayn\u0131 yard\u0131m aktar\u0131lm\u0131\u015ft\u0131. Neden yol yap\u0131m\u0131nda geri kald\u0131n\u0131z?&rdquo; sorusunu y\u00f6neltince verdikleri yan\u0131t \u00e7arp\u0131c\u0131yd\u0131: <em>&ldquo;Biz o yard\u0131m paras\u0131n\u0131n biraz\u0131n\u0131 acilen gerekli yollar\u0131n yap\u0131m\u0131na harcad\u0131k, geri kalan\u0131n\u0131 ise as\u0131l yol yap\u0131m\u0131nda kullan\u0131lacak i\u015f makinalar\u0131n\u0131 \u00fcreten fabrikalara yat\u0131rd\u0131k!&rdquo; <\/em><\/span><\/strong><\/p>\n<p style=\"margin-top: 0cm; margin-right: 0cm; margin-bottom: 0.0001pt; text-align: justify; text-indent: 1cm; line-height: 16pt;\"><strong><span style=\"font-size: 12pt; font-family: 'Arial',sans-serif;\">Bizde ise Menderes ve Demirel H\u00fck\u00fcmetleri, o yard\u0131m paralar\u0131n\u0131n \u00f6nemli k\u0131sm\u0131n\u0131, d\u0131\u015far\u0131dan i\u015f makinas\u0131 al\u0131m\u0131na yat\u0131rm\u0131\u015f, onlar\u0131n yedek par\u00e7alar\u0131na harcam\u0131\u015f ve bir miktar yol yapt\u0131ktan sonra T\u00fcrkiye maalesef i\u015f makinalar\u0131 hurdal\u0131\u011f\u0131na (ma\u015fatl\u0131\u011f\u0131na-mezarl\u0131\u011f\u0131na) \u00e7evrilmi\u015f durumdayd\u0131. Ve i\u015fte Erbakan yerli makina yapan fabrikalara, Milli Harp Sanayi ve teknoloji yat\u0131r\u0131mlar\u0131na \u00f6ncelik verdi\u011fi i\u00e7in hedef yap\u0131lm\u0131\u015f ve partileri kapat\u0131lm\u0131\u015f, nihayet AKP&rsquo;nin \u00f6n\u00fc a\u00e7\u0131lm\u0131\u015ft\u0131. Bug\u00fcn bar\u0131\u015f s\u00fcreci palavralar\u0131 kulaklar\u0131 ok\u015famaktayd\u0131, ama Do\u011fu ve G\u00fcneydo\u011fumuzun bir k\u0131sm\u0131 fiilen PKK h\u00e2kimiyeti alt\u0131na al\u0131nm\u0131\u015ft\u0131! \u00d6yle ki Cizre&rsquo;de Hakk\u00e2ri&rsquo;de polisler geceleri soka\u011fa \u00e7\u0131kamaz, g\u00fcnd\u00fczleri de panzerden ayr\u0131lamaz konumuna ta\u015f\u0131nm\u0131\u015ft\u0131.<\/span><\/strong><\/p>\n<p style=\"margin-top: 0cm; margin-right: 0cm; margin-bottom: 0.0001pt; text-align: justify; text-indent: 1cm; line-height: 16pt;\"><strong><em><span style=\"font-size: 12pt; font-family: 'Arial',sans-serif;\">&ldquo;Dindar Kahramanl\u0131k&rdquo; <\/span><\/em><\/strong><strong><span style=\"font-size: 12pt; font-family: 'Arial',sans-serif;\">k\u0131l\u0131f\u0131 alt\u0131nda derin ve \u00e7irkin bir &ldquo;<em>din istismarc\u0131l\u0131\u011f\u0131 ve ahlak tahribat\u0131&rdquo;<\/em> yap\u0131lan AKP d\u00f6neminde, y\u00fcze vuran yaralar pansuman edilip pudra s\u00fcr\u00fcl\u00fcrken, as\u0131l i\u00e7erideki kanser urlar\u0131 b\u00fct\u00fcn v\u00fccudu sarmakta ve Milli b\u00fcnyemizi sarsmaktad\u0131r. \u00d6rne\u011fin Dinsizli\u011fin ve densizli\u011fin daniskas\u0131 olan <em>&ldquo;Evrim safsatas\u0131&rdquo;<\/em> ders kitaplar\u0131nda hala resmen bilim diye okutulmakta, b\u00f6ylece iman\u0131n ve gen\u00e7 dima\u011flar\u0131n temeline dinamit koyulmaktad\u0131r.<\/span><\/strong><\/p>\n<p style=\"margin-bottom: 0.0001pt; text-align: justify; text-indent: 1cm; line-height: 16pt;\"><strong><span style=\"font-size: 12pt; font-family: 'Arial',sans-serif;\">Ve yine Ankara&rsquo;n\u0131n g\u00f6be\u011finde 1968 y\u0131l\u0131nda kurulan MTA Tabiat Tarihi M\u00fczesi&rsquo;ndeki evrim safsatas\u0131 m\u00fczesi 12 y\u0131ll\u0131k AKP iktidar\u0131na ra\u011fmen hala yerinde durmaktad\u0131r!<\/span><\/strong><\/p>\n<p style=\"margin-bottom: 0.0001pt; text-align: justify; text-indent: 1cm; line-height: 16pt;\"><strong><span style=\"font-size: 12pt; font-family: 'Arial',sans-serif;\">Enerji Bakanl\u0131\u011f\u0131&rsquo;na ba\u011fl\u0131 MTA Tabiat Tarihi M\u00fczesi&rsquo;nde &ldquo;Evrim skandal\u0131&rdquo; ya\u015fanmaktad\u0131r. \u0130lkokul \u00e7ocuklar\u0131 dahil, y\u0131lda y\u00fcz bin \u00f6\u011frenci ve vatanda\u015f\u0131n ziyaret etti\u011fi m\u00fczede rehberler, gen\u00e7 nesillere &ldquo;Evren, do\u011fa ve insan\u0131n Yarat\u0131l\u0131\u015f ile de\u011fil de, tesad\u00fcfler sonucu meydana geldi\u011fini ve insan\u0131n maymundan evrildi\u011fini&rdquo; Primat Vitrinini \u00f6rnek g\u00f6stererek anlat\u0131p durmaktad\u0131r!<\/span><\/strong><\/p>\n<p style=\"margin-bottom: 0.0001pt; text-align: justify; text-indent: 1cm; line-height: 16pt;\"><span style=\"font-size: 12pt; font-family: 'Arial',sans-serif;\">MTA Genel M\u00fcd\u00fcrl\u00fc\u011f\u00fc i\u00e7inde yer alan 3 katl\u0131 Tabiat M\u00fczesi&rsquo;nde yery\u00fcz\u00fcnde ya\u015fam ve insanl\u0131\u011f\u0131n tarihi Darwin&rsquo;in Evrim Teorisi&rsquo;ne g\u00f6re ziyaret\u00e7ilere g\u00f6rseller \u00fczerinden anlatmaya ve d\u00fczmece teoriler bilimsel ger\u00e7ek gibi yutturulmaya \u00e7al\u0131\u015f\u0131lmaktad\u0131r. \u0130lk olarak canl\u0131 toplulu\u011fu tek h\u00fccreli \u015feklinde ba\u015fl\u0131yor. Buradan \u00e7ok h\u00fccreliler olu\u015fuyor. \u00c7ok h\u00fccrelilerden omurgas\u0131zlar, sonra omurgal\u0131lar, onlardan ise memeliler, memelilerden sonra ise evrimin daha \u00fcst halkas\u0131 kabul ettikleri primatlar olu\u015fuyor. M\u00fczedeki sunumlara g\u00f6re primatlar; \u015fempanze, goril, orangutan, eski d\u00fcnya ve yenid\u00fcnya maymunlar\u0131 ile insan\u0131n da dahil oldu\u011fu bir s\u0131n\u0131f olarak takdim ediliyor. <strong>Oysa modern ara\u015ft\u0131rmalara g\u00f6re k\u00e2inatta bulunan \u00fc\u00e7 \u00e7e\u015fit canl\u0131 olan bitkilerin h\u00fccre yap\u0131s\u0131 tek bo\u011fum, hayvanlar\u0131n iki bo\u011fum, insanlar\u0131n ise \u00fc\u00e7 bo\u011fumdan olu\u015ftu\u011fu ortaya \u00e7\u0131km\u0131\u015f durumdad\u0131r. Bu \u00fc\u00e7\u00fcnc\u00fc bo\u011fum ise insan\u0131; iyiyi k\u00f6t\u00fcden, do\u011fruyu yanl\u0131\u015ftan, faydal\u0131y\u0131 zararl\u0131dan ve adaleti zul\u00fcmden ay\u0131ran d\u00f6rt \u00f6nemli \u00f6zelli\u011fiyle insan\u0131 maymun ve bitkilerden tamam\u0131yla ay\u0131rmaktad\u0131r.<strong>[1]<\/strong><\/strong><\/span><\/p>\n<p style=\"margin-bottom: 0.0001pt; text-align: justify; text-indent: 1cm; line-height: 16pt;\"><strong><span style=\"font-size: 12pt; font-family: 'Arial',sans-serif;\">T\u00fcrkiye \u00f6zellikle 13 y\u0131ll\u0131k AKP d\u00f6neminde, e\u011fitim ve \u00f6\u011fretim d\u00fczeyinde, maalesef d\u00fcnya genelinde en son s\u0131ralara geriledi\u011fi halde, bu sorunlar\u0131 a\u015facak ve bizi umutla ve donan\u0131mla gelece\u011fe ta\u015f\u0131yacak bilimsel ve ger\u00e7ek\u00e7i ad\u0131mlar\u0131 atmak yerine, sadece halk\u0131n temelsiz his ve heyecanlar\u0131n\u0131 ok\u015fayacak ve oy avc\u0131l\u0131\u011f\u0131 yapacak kararlar\u0131n g\u00fcndeme ta\u015f\u0131n\u0131p tart\u0131\u015f\u0131lmas\u0131 da, bu h\u00fck\u00fcmetin en iyi ba\u015fard\u0131\u011f\u0131 bir politikayd\u0131. Gelece\u011fimizi karartmak pahas\u0131na g\u00fcncelimizi kurtarma palavralar\u0131 bakal\u0131m daha ne kadar ay\u0131plar\u0131n\u0131 kapatacakt\u0131?!<\/span><\/strong><\/p>\n<p style=\"margin-bottom: 0.0001pt; text-align: justify; text-indent: 1cm; line-height: 16pt;\"><span style=\"font-size: 14pt;\"><strong><span style=\"font-family: Arial, sans-serif;\">AKP&#8217;li Milletvekili Ali G\u00fcltekin K\u0131l\u0131n\u00e7: <em>&ldquo;T\u00fcrkiye, \u015feriat devleti tehlikesiyle kar\u015f\u0131 kar\u015f\u0131ya&rdquo;<\/em> diyecek kadar z\u0131rvalam\u0131\u015ft\u0131<\/span><\/strong><\/span><\/p>\n<p style=\"margin-bottom: 0.0001pt; text-align: justify; text-indent: 1cm; line-height: 16pt;\"><strong><em><span style=\"font-size: 12pt; font-family: 'Arial',sans-serif;\">&ldquo;Allah&rsquo;\u0131n izniyle \u015feriat devletine izin vermeyece\u011fiz!&rdquo;<\/span><\/em><\/strong><strong><span style=\"font-size: 12pt; font-family: 'Arial',sans-serif;\"> kahramanl\u0131\u011f\u0131!<\/span><\/strong><\/p>\n<p style=\"margin-bottom: 0.0001pt; text-align: justify; text-indent: 1cm; line-height: 16pt;\"><span style=\"font-size: 12pt; font-family: 'Arial',sans-serif;\">12 y\u0131ll\u0131k AKP iktidar\u0131nda yap\u0131lan \u0130slami dejenerasyon son s\u00fcrat giderken muhafazak\u00e2r kimli\u011fini \u00f6n plana \u00e7\u0131karan partinin Ayd\u0131n milletvekilinden gelen a\u00e7\u0131klama kafalar\u0131 kar\u0131\u015ft\u0131rm\u0131\u015ft\u0131. T\u00fcrkiye&rsquo;nin i\u00e7 ve d\u0131\u015f d\u00fc\u015fmanlar\u0131n\u0131n sistemi ele ge\u00e7irip bir \u015feriat devleti kurma hedefi oldu\u011funu s\u00f6yleyen AKP Ayd\u0131n milletvekili Ali G\u00fcltekin K\u0131l\u0131n\u00e7, buna izin vermeyeceklerini hayk\u0131rm\u0131\u015ft\u0131! AKP Ayd\u0131n Milletvekili Ali G\u00fcltekin K\u0131l\u0131n\u00e7, T\u00fcrkiye&rsquo;nin bir \u015feriat devleti tehlikesiyle kar\u015f\u0131 kar\u015f\u0131ya oldu\u011funu yumurtlam\u0131\u015ft\u0131. Ayd\u0131n&rsquo;da haftal\u0131k yay\u0131n yapan Man\u015fet gazetesinde \u00e7\u0131kan habere g\u00f6re AKP&rsquo;li Milletvekili Ali G\u00fcltekin K\u0131l\u0131n\u00e7, AKP&rsquo;li Kuyucak il\u00e7e te\u015fkilat\u0131n\u0131 ziyaretinde ilgin\u00e7 a\u00e7\u0131klamalar yapm\u0131\u015ft\u0131. <\/span><\/p>\n<p style=\"margin-bottom: 0.0001pt; text-align: justify; text-indent: 1cm; line-height: 16pt;\"><span style=\"font-size: 12pt; font-family: 'Arial',sans-serif;\">Man\u015fet&rsquo;te yer alan habere g\u00f6re K\u0131l\u0131n\u00e7: <strong><em>&ldquo;Biz hadiseyi g\u00f6rd\u00fck\u00e7e, sistemin i\u00e7ine girdik\u00e7e \u00fclkenin nas\u0131l bir tehlikeyle kar\u015f\u0131 kar\u015f\u0131ya oldu\u011funu daha iyi g\u00f6rmeye ba\u015flad\u0131k. Sadece cumhurba\u015fkan\u0131m\u0131z\u0131n ve ba\u015fbakan\u0131m\u0131z\u0131n yarg\u0131lanmak istenmesi de\u011fil, T\u00fcrkiye&rsquo;deki t\u00fcm sistemin ele ge\u00e7irilip T\u00fcrkiye&rsquo;de bir \u015feriat devleti kurma gibi bir tehlikeyle kar\u015f\u0131 kar\u015f\u0131yay\u0131z. T\u00fcrkiye&rsquo;de rejim de\u011fi\u015fecek, her \u015fey de\u011fi\u015fecek. Ancak biz buna izin vermeyece\u011fiz&rdquo;<\/em><\/strong> diyerek AKP&rsquo;nin ni\u00e7in iktidara ta\u015f\u0131nd\u0131\u011f\u0131n\u0131 ortaya koymu\u015flard\u0131.<\/span><\/p>\n<p style=\"margin-bottom: 0.0001pt; text-align: justify; text-indent: 1cm; line-height: 16pt;\"><strong><span style=\"font-size: 12pt; font-family: 'Arial',sans-serif;\">Yakla\u015f\u0131k 10 sene \u00f6nce, bir TV program\u0131nda kart Mason ve Erbakan kar\u015f\u0131t\u0131 Talat Halman&rsquo;\u0131n yapt\u0131\u011f\u0131 a\u00e7\u0131klamalar bu AKP&rsquo;nin karakterini yans\u0131tmaktayd\u0131.<\/span><\/strong><\/p>\n<p style=\"margin-bottom: 0.0001pt; text-align: justify; text-indent: 1cm; line-height: 16pt;\"><strong><em><span style=\"font-size: 12pt; font-family: 'Arial',sans-serif;\">&ldquo;\u0130slam kelimesinin ba\u015f\u0131na ter\u00f6r kelimesi ekleniyorsa d\u00f6n\u00fcp aynaya bakmam\u0131z ve su\u00e7u kendimizde aramam\u0131z laz\u0131md\u0131r!&rdquo;<\/span><\/em><\/strong><span style=\"font-size: 12pt; font-family: 'Arial',sans-serif;\"> diyen Diyanet&rsquo;ten sorumlu AKP&rsquo;L\u0130 Devlet Bakan\u0131 ve \u0130lahiyat Profes\u00f6r\u00fc <strong>Mehmet Ayd\u0131n,<\/strong> o makama a\u011flamak i\u00e7in de\u011fil \u00e7\u00f6z\u00fcm \u00fcretmek i\u00e7in geldi\u011fini unutmu\u015f olacak ki Aral\u0131k 2005&rsquo;te \u0130skele Sancak (Kanal 7) program\u0131nda birlikte canl\u0131 yay\u0131n konu\u011fu oldu\u011fu eski K\u00fclt\u00fcr Bakan\u0131 <strong>Talat Halman<\/strong>&rsquo;\u0131n: <strong><em>&ldquo;Cihad\u0131n anlam\u0131nda de\u011fi\u015fiklik yap\u0131lmal\u0131, sevgi, bar\u0131\u015f, karde\u015flik kavramlar\u0131 \u00fczerinde yo\u011funla\u015fmal\u0131y\u0131z. `Dinler Aras\u0131 Diyalog&rsquo;un insanl\u0131\u011fa huzur getirece\u011fini anlatmal\u0131y\u0131z. Kitab\u0131m\u0131z bu kavramlar\u0131 \u00e7ok g\u00fczel kullan\u0131yor. Ancak; kitab\u0131m\u0131z H\u0131ristiyan ve Musevilere biraz sert davran\u0131yor. \u0130slami h\u00fck\u00fcmlerde yumu\u015fatma yapmal\u0131y\u0131z!&rdquo;<\/em><\/strong> \u015feklindeki s\u00f6zlerine AKP&rsquo;li Bakan Mehmet Ayd\u0131n en ufak bir tepkide bulunmam\u0131\u015ft\u0131.<\/span><\/p>\n<p style=\"margin-bottom: 0.0001pt; text-align: justify; text-indent: 1cm; line-height: 16pt;\"><span style=\"font-size: 12pt; font-family: 'Arial',sans-serif;\">Fazilet Partisi kongresi \u00f6ncesinde Recai Kutan&rsquo;a kar\u015f\u0131 aday olan <strong>Abdullah G\u00fcl,<\/strong> delegelere da\u011f\u0131tt\u0131\u011f\u0131 kitap\u00e7\u0131kta: <strong><em>&ldquo;Bir Bat\u0131 medeniyeti var bir de bizim medeniyetimiz, \u015funu kabul etmemiz laz\u0131m ki maalesef, bizim medeniyetimiz Bat\u0131 medeniyeti kar\u015f\u0131s\u0131nda kaybetmi\u015f ve yenilmi\u015ftir!&rdquo;<\/em><\/strong> ifadeleriyle AKP&rsquo;nin kafa yap\u0131s\u0131n\u0131 ve iman ayar\u0131n\u0131 a\u00e7\u0131k\u00e7a ortaya koymu\u015flard\u0131.<\/span><\/p>\n<p style=\"margin-bottom: 0.0001pt; text-align: justify; text-indent: 1cm; line-height: 16pt;\"><span style=\"font-size: 12pt; font-family: 'Arial',sans-serif;\"> Milli G\u00f6r\u00fc\u015f&rsquo;le yolunu ay\u0131r\u0131nca <strong>&ldquo;Dini esaslara dayal\u0131 siyaseti tasvip etmiyoruz&rdquo;<\/strong> diyen, 20 y\u0131l faizsiz ekonomiyi nas\u0131l tesis ederiz diye m\u00fccadele ederken Milli G\u00f6r\u00fc\u015f g\u00f6mle\u011fini \u00e7\u0131kar\u0131nca &ldquo;<strong>Siz ba\u015fka galakside mi ya\u015f\u0131yorsunuz, faiz g\u00fcn\u00fcm\u00fcz\u00fcn ger\u00e7e\u011fi&rdquo;<\/strong> diyen, 20 y\u0131l <strong>&ldquo;Ne sa\u011f ne sol, \u0130slam tek yol&rdquo; <\/strong>diye ba\u011f\u0131r\u0131rken, g\u00f6mle\u011fi \u00e7\u0131kar\u0131rken 2003&rsquo;te hem de Cidde&rsquo;de <strong>&ldquo;Kampla\u015fmaya \u00e7a\u011fr\u0131\u015f\u0131m yapt\u0131\u011f\u0131 i\u00e7in \u0130slam Ortak Pazar\u0131&rsquo;na kar\u015f\u0131y\u0131m&rdquo;<\/strong> diyen Recep T. Erdo\u011fanlar\u0131n&hellip; <strong> <em>&ldquo;Egemenli\u011fin devri su\u00e7 de\u011fil, ay\u0131p de\u011fil, g\u00fcnah de\u011fil&rdquo;<\/em><\/strong> <strong>s\u00f6yleminde bulunanlar\u0131n ger\u00e7ek niyetini ve mahiyetini hala anlamayanlar ise, ya ak\u0131l fukaras\u0131yd\u0131 veya Haktan s\u0131yr\u0131lm\u0131\u015ft\u0131.<\/strong><\/span><\/p>\n<p style=\"margin-bottom: 0.0001pt; text-align: justify; text-indent: 1cm; line-height: 16pt;\"><strong><span style=\"font-size: 12pt; font-family: 'Arial',sans-serif;\">ABD&rsquo;de idam &ldquo;cayd\u0131r\u0131c\u0131l\u0131k&rdquo;, bizde &ldquo;barbarl\u0131k&rdquo; say\u0131lmaktayd\u0131!<\/span><\/strong><\/p>\n<p style=\"margin-bottom: 0.0001pt; text-align: justify; text-indent: 1cm; line-height: 16pt;\"><span style=\"font-size: 12pt; font-family: 'Arial',sans-serif;\">ABD&rsquo;nin Missouri eyaletinde eski kom\u015fusunu \u00e7eki\u00e7le \u00f6ld\u00fcren bir ki\u015fi idam edilmi\u015fti. St. Louis&#8217;de 1998 y\u0131l\u0131nda daha \u00f6nceki kom\u015fusu olan 63 ya\u015f\u0131ndaki Joan Crotts&#8217;a cinsel sald\u0131r\u0131da bulunduktan sonra kad\u0131n\u0131 merdiven bo\u015flu\u011funa iten ve ba\u015f\u0131na \u00e7eki\u00e7le vurarak \u00f6ld\u00fcren 48 ya\u015f\u0131ndaki Paul Goodwin&#8217;in cezas\u0131 zehirli i\u011fneyle infaz edilmi\u015fti. Kur&rsquo;an&rsquo;\u0131n &ldquo;<strong><em>Sizin i\u00e7in k\u0131sasta (haks\u0131z yere cana k\u0131yanlar\u0131n idamla cezaland\u0131r\u0131lmas\u0131nda) hayat (huzur ve emniyet) vard\u0131r&rdquo; <\/em>buyurmas\u0131na ra\u011fmen dindar kahraman(!) Erdo\u011fan iktidar\u0131 Ha\u00e7l\u0131 AB&rsquo;nin talimat\u0131yla idam cezas\u0131n\u0131 kald\u0131rm\u0131\u015ft\u0131. Kumar, fuhu\u015f ve faiz, bunlar\u0131n d\u00f6neminde alabildi\u011fine yayg\u0131nla\u015fm\u0131\u015ft\u0131 ve AKP iktidar\u0131 bizzat Allah ve Peygamberle sava\u015fmaktayd\u0131. (Bakara: 279)<\/strong><\/span><\/p>\n<p style=\"margin-bottom: 0.0001pt; text-align: justify; text-indent: 1cm; line-height: 16pt;\"><span style=\"font-size: 14pt;\"><strong><span style=\"font-family: Arial, sans-serif;\">D\u0131\u015f G\u00fc\u00e7lerin amac\u0131 Erbakan&rsquo;dan kurtulmakt\u0131!<\/span><\/strong><\/span><\/p>\n<p style=\"margin-bottom: 0.0001pt; text-align: justify; text-indent: 1cm; line-height: 16pt;\"><strong><span style=\"font-size: 12pt; font-family: 'Arial',sans-serif;\">Erbakan&rsquo;\u0131n Refah-Yol iktidar\u0131n\u0131 y\u0131karak, O&rsquo;nun; i\u00e7eride faizci rantiyecilerin s\u00f6m\u00fcr\u00fc hortumlar\u0131n\u0131 kesen <em>Havuz Sistemi<\/em>&rsquo;ni, d\u0131\u015far\u0131da ise <em>D-8&rsquo;ler (\u0130slam Birli\u011fi ve insanl\u0131\u011f\u0131n dirli\u011fi)<\/em> projelerini akim b\u0131rakmak \u00fczere, ABD derin mahfillerince (Yahudi Lobilerince) tezg\u00e2hlanan ve yerli i\u015fbirlik\u00e7ileri (siyaset, s\u00f6m\u00fcr\u00fc sermayesi, medya destek\u00e7ileri, kiral\u0131k i\u015f\u00e7i ve i\u015fveren temsilcileri, baz\u0131 cemaat ve tarikat fig\u00fcrleri ve asker i\u00e7indeki yanda\u015f isimler) eliyle sahneye konulan 28 \u015eubat Post Modern Darbesi&rsquo;nin gayr\u0131 me\u015fru meyvesi olarak parlat\u0131l\u0131p iktidara ta\u015f\u0131nan AKP d\u00f6neminde, Cumhuriyet tarihimizin en derin siyasi, ekonomik, ahlaki-ailevi, Milli ve manevi tahribatlar\u0131 yap\u0131lm\u0131\u015ft\u0131r. AKP, S\u00fcleyman Demirel AP&rsquo;sinin ve Turgut \u00d6zal ANAP&rsquo;\u0131n\u0131n post modern bir kurgulanmas\u0131d\u0131r, ama s\u00fcrekli <em>&ldquo;Erbakan&rsquo;\u0131n ve Milli G\u00f6r\u00fc\u015f\u00fcn devam\u0131&rdquo;<\/em> olarak tan\u0131t\u0131larak toplum yan\u0131lt\u0131lm\u0131\u015ft\u0131r. I\u015e\u0130D denen vah\u015fet ve cinayet \u015febekesini kendileri kurdurup Irak ve Suriye&rsquo;deki \u00e7\u0131karlar\u0131n\u0131 bunlar eliyle koruduklar\u0131, ama b\u00fct\u00fcn rezalet ve melanetlerinin su\u00e7unu \u0130slam&rsquo;a y\u0131kt\u0131klar\u0131 gibi, AKP&rsquo;yi de ayn\u0131 Siyonist-emperyalist odaklar planlay\u0131p pohpohlay\u0131p iktidara ta\u015f\u0131yarak, kendi hesaplar\u0131 u\u011fruna b\u00fcy\u00fck tahribatlar yapt\u0131rm\u0131\u015flar, ama bunlar\u0131n su\u00e7unu ve sorumlulu\u011funu da Erbakan&rsquo;\u0131n ve Milli G\u00f6r\u00fc\u015f davas\u0131n\u0131n s\u0131rt\u0131na y\u0131kmaya \u00e7al\u0131\u015fm\u0131\u015flard\u0131r. <\/span><\/strong><\/p>\n<p style=\"margin-bottom: 0.0001pt; text-align: justify; text-indent: 1cm; line-height: 16pt;\"><strong><span style=\"font-size: 12pt; font-family: 'Arial',sans-serif;\">Tekrar vurgulayal\u0131m ki, AKP, Milli G\u00f6r\u00fc\u015f&rsquo;\u00fcn de\u011fil, Demirel AP&rsquo;sinin ve \u00d6zal ANAP&rsquo;\u0131n\u0131n, \u0130slamc\u0131l\u0131k sosu artt\u0131r\u0131lm\u0131\u015f ve Milli g\u00f6r\u00fc\u015f jelatini sar\u0131lm\u0131\u015f post modern bir devam\u0131d\u0131r. Solcu CHP eliyle toplum b\u00fcnyesinde, bay\u0131ltmadan ve ba\u011f\u0131rtarak zararl\u0131 ameliyatlar yapt\u0131ran ve k\u00fc\u00e7\u00fck par\u00e7alar kopartan \u015feytani merkezler, Sa\u011fc\u0131 Demirel, \u00d6zal ve \u015fimdi kahraman \u0130slamc\u0131(!) Erdo\u011fan h\u00fck\u00fcmetleriyle, ama halk\u0131 narkozlay\u0131p bay\u0131ltarak daha b\u00fcy\u00fck par\u00e7alar kopartmakta, daha tehlikeli ameliyatlar yapmakta, ama uyutulan toplum bunlar\u0131n fark\u0131na varmamakta, \u00fcstelik rahat ve refaha kavu\u015ftu\u011funu san\u0131p, bu organ mafyas\u0131 kafal\u0131lara dualar ve \u00f6vg\u00fcler ya\u011fd\u0131rmaktad\u0131r. <em>&ldquo;\u0130ktidarda ba\u015far\u0131s\u0131z k\u0131lmak ve umut olmaktan \u00e7\u0131karmak&rdquo;<\/em> \u00fczere, kendilerinin dolayl\u0131 deste\u011fi ile iktidara gelmesine g\u00f6z yumulan, ama Milli icraatlar\u0131 ve talihli-tarihi at\u0131l\u0131mlar\u0131yla d\u0131\u015f g\u00fc\u00e7leri \u00fcrk\u00fctmeye ba\u015flayan ve ba\u015fa \u00e7\u0131kamayacaklar\u0131n\u0131 anlay\u0131nca 28 \u015eubat darbesine mecbur kalan odaklar, <span style=\"font-family: arial, helvetica, sans-serif;\"><em>Erbakan&rsquo;a 11 ay dayanamad\u0131klar\u0131 halde, Erdo\u011fan&rsquo;\u0131n ve AKP \u0130ktidar\u0131n\u0131n kuru s\u0131k\u0131 ve can s\u0131k\u0131c\u0131 kabaday\u0131l\u0131klar\u0131na 13 y\u0131l niye katland\u0131klar\u0131n\u0131n(!?)<\/em><\/span> yan\u0131t\u0131, bunlar\u0131n perde arkas\u0131na ayna tutmaktad\u0131r. Yo\u011fun medya ve manip\u00fclasyonlar\u0131yla anlama ve alg\u0131lama ayarlar\u0131 bozulan; hoca efendileri, \u015feyhleri, a\u011fabeyleri ve s\u00f6zde kanaat \u00f6nderleri vas\u0131tas\u0131yla beyinlerine ipotek koyulan halk\u0131m\u0131z\u0131n, b\u0131\u00e7ak kemi\u011fi de ge\u00e7ip ili\u011fe dayan\u0131nca sinir u\u00e7lar\u0131n\u0131n yeniden canlan\u0131p uyanaca\u011f\u0131, Milli dirili\u015f ve haysiyetli direni\u015f gayretlerine sahip \u00e7\u0131kaca\u011f\u0131 g\u00fcnler de giderek yakla\u015fmaktad\u0131r.<\/span><\/strong><\/p>\n<p style=\"margin-bottom: 0.0001pt; text-align: justify; text-indent: 1cm; line-height: 16pt;\"><span style=\"font-size: 14pt;\"><strong><span style=\"font-family: Arial, sans-serif;\">AKP&rsquo;nin Ahlaki ve Manevi Tahribatlar\u0131:<\/span><\/strong><\/span><\/p>\n<p style=\"margin-bottom: 0.0001pt; text-align: justify; text-indent: 1cm; line-height: 16pt;\"><strong><span style=\"font-size: 12pt; font-family: 'Arial',sans-serif;\">AKP&rsquo;nin 13 y\u0131ll\u0131k iktidar\u0131ndaki en derin ve sinsi tahribat\u0131; Milli duyarl\u0131l\u0131klar\u0131 ve manevi duygular\u0131 k\u00f6reltme sahas\u0131ndad\u0131r. Hi\u00e7bir d\u00f6nemde yap\u0131lmad\u0131k kadar ahlaki ve ailevi dejenerasyon ya\u015fanmaktad\u0131r. Zina yapanlara verilen cezan\u0131n kald\u0131r\u0131lmas\u0131ndan sonra, AB&rsquo;nin bask\u0131s\u0131yla e\u015fcinselli\u011fin me\u015frula\u015ft\u0131r\u0131lmas\u0131 ve yayg\u0131nla\u015ft\u0131r\u0131lmas\u0131 yolunda ad\u0131mlar at\u0131lm\u0131\u015ft\u0131r. Porno filmlerini alabildi\u011fine yayg\u0131nla\u015ft\u0131ran ve hi\u00e7bir ciddi-cayd\u0131r\u0131c\u0131 \u00f6nlem almayan AKP iktidar\u0131, dindarl\u0131k pozlar\u0131 alt\u0131nda gen\u00e7lerimizin seks manya\u011f\u0131 yap\u0131lmas\u0131na zemin haz\u0131rlam\u0131\u015ft\u0131r. \u00d6yle ki bir y\u0131lda her be\u015f \u00e7iftten birisi bo\u015fanmaktad\u0131r.<\/span><\/strong><\/p>\n<p style=\"margin-bottom: 0.0001pt; text-align: justify; text-indent: 1cm; line-height: 16pt;\"><span style=\"font-size: 14pt;\"><strong><span style=\"font-family: Arial, sans-serif;\">Milletin haklar\u0131n\u0131 savunmay\u0131 bir kenara b\u0131rakan Meclis \u00e7at\u0131s\u0131 alt\u0131ndaki s\u00f6zde muhalefet partilerinin de deste\u011fi ile cinsel sapk\u0131nl\u0131k semineri i\u00e7in Milletvekillerini Tiran&rsquo;a g\u00f6nderme karar\u0131 al\u0131nm\u0131\u015ft\u0131r.<\/span><\/strong><\/span><\/p>\n<p style=\"margin-bottom: 0.0001pt; text-align: justify; text-indent: 1cm; line-height: 16pt;\"><strong><span style=\"font-size: 12pt; font-family: 'Arial',sans-serif;\">Milletin haklar\u0131n\u0131 savunmak, milli ve manevi de\u011ferleri korumak i\u00e7in halk\u0131n se\u00e7ip meclise g\u00f6nderdi\u011fi milletvekilleri e\u015fcinsel gruplar\u0131n &ldquo;haklar\u0131n\u0131&rdquo; savunmak i\u00e7in Arnavutluk&rsquo;un ba\u015fkenti Tiran&rsquo;a yollanm\u0131\u015ft\u0131r. LGBT\u0130, yani <em>&ldquo;cinsel sapk\u0131nl\u0131klar&rdquo;<\/em> seminerine TBMM&rsquo;yi temsilen AKP&rsquo;den milletvekili Nursuna Memecan, CHP&rsquo;den \u0130stanbul milletvekili Binnaz Toprak kat\u0131lm\u0131\u015flard\u0131r. MHP&rsquo;den Eski\u015fehir milletvekili Ruhsar Demirel kat\u0131lacakken son anda vazge\u00e7ilmesi bile haysiyetli bir davran\u0131\u015ft\u0131r. Daha \u00f6nce medyada ismi ge\u00e7en AKP Ad\u0131yaman milletvekili Mehmet Metiner ise de\u015fifre olunca geri ad\u0131m atm\u0131\u015ft\u0131r.<\/span><\/strong><\/p>\n<p style=\"margin-bottom: 0.0001pt; text-align: justify; text-indent: 1cm; line-height: 16pt;\"><span style=\"font-size: 12pt; font-family: 'Arial',sans-serif;\">Milli Gazetemizin T\u00fcrkiye g\u00fcndemine ta\u015f\u0131yarak TBMM ve partileri uyard\u0131\u011f\u0131 &ldquo;AB&rsquo;nin Ahlaks\u0131z Daveti&rdquo;nin Meclis&rsquo;te onaylanmas\u0131ndan sonra bu skandal davete kat\u0131l\u0131m, tekrar Genel Kurul g\u00fcndemine sunularak maalesef yanl\u0131\u015fl\u0131k ve ahlaks\u0131zl\u0131k onaylanm\u0131\u015ft\u0131r. TBMM&rsquo;yi temsilen AKP ve CHP&rsquo;li vekiller, e\u015fcinsel gruplar\u0131n s\u00f6zde haklar\u0131n\u0131 savunmak i\u00e7in Arnavutluk&rsquo;un ba\u015fkenti Tiran&rsquo;a yollanm\u0131\u015ft\u0131r. Skandal kat\u0131l\u0131m, AKP ve MHP&rsquo;yi kar\u0131\u015ft\u0131rm\u0131\u015ft\u0131r. <strong>&ldquo;Temel Haklar, Ayr\u0131mc\u0131l\u0131k Yasa\u011f\u0131 ve LGBTI (lezbiyen, gay, biseks\u00fcel, transseks\u00fcel, interseks\u00fcel) D\u00e2hil Olmak \u00dczere Hassas Gruplar\u0131n Korunmas\u0131&rdquo;<\/strong> adl\u0131 seminere hangi partinin ve milletvekillerinin kat\u0131laca\u011f\u0131, TBMM Genel Kurulu&rsquo;nda okunup tart\u0131\u015f\u0131lm\u0131\u015ft\u0131r. Bu ahlaks\u0131zl\u0131k seminerine, daha \u00f6nce s\u00f6z konusu gruplarla ilgili Meclis&rsquo;te \u00e7al\u0131\u015fma yap\u0131lmas\u0131n\u0131 isteyen CHP ve HDP&rsquo;li vekillerin kat\u0131lmas\u0131 beklenirken, AKP ve MHP&rsquo;nin de isim bildirmesi \u015fa\u015fk\u0131nl\u0131kla kar\u015f\u0131lanm\u0131\u015f, MHP daha sonra geri ad\u0131m atm\u0131\u015ft\u0131r.<\/span><\/p>\n<p style=\"margin-bottom: 0.0001pt; text-align: justify; text-indent: 1cm; line-height: 16pt;\"><strong><span style=\"font-size: 12pt; font-family: 'Arial',sans-serif;\"> D-8&rsquo;in ve \u0130slam Karde\u015fli\u011finin M\u00fcsl\u00fcman \u00fclkeler aras\u0131nda canland\u0131r\u0131lmas\u0131 ve Yeni Bir D\u00fcnya kurman\u0131n \u00f6nc\u00fcl\u00fc\u011f\u00fcn\u00fc yaparak b\u00f6lgemizdeki zul\u00fcmlerin durdurulmas\u0131 \u00f6nemsenmezken, AB&rsquo;nin sapk\u0131n talepleri sanki ilahi bir emirmi\u015f gibi AKP taraf\u0131ndan ciddiye al\u0131nmaktad\u0131r. T\u00fcrkiye&rsquo;nin Bat\u0131l\u0131la\u015fma maceras\u0131 ve yar\u0131m as\u0131rl\u0131k Avrupa Birli\u011fi&rsquo;ne \u00fcyelik sevdas\u0131, M\u00fcsl\u00fcman T\u00fcrk toplum yap\u0131s\u0131n\u0131 dinamitleyecek noktaya varm\u0131\u015ft\u0131r. Tamam\u0131 H\u0131ristiyan \u00fclkelerin tabii Birlikteli\u011fi olarak Avrupa Birli\u011fi (AB), Sel\u00e7uklu ve Osmanl\u0131 tarihinden dolay\u0131 \u0130slam d\u00fcnyas\u0131na \u00f6nc\u00fc ve liderlik potansiyeli ta\u015f\u0131yan tek M\u00fcsl\u00fcman \u00fclkesi T\u00fcrkiye&rsquo;yi yar\u0131m as\u0131rd\u0131r kap\u0131s\u0131nda oyalarken, di\u011fer yandan da \u00fclkede ahlaks\u0131zl\u0131\u011f\u0131n yayg\u0131nla\u015fmas\u0131 i\u00e7in \u0130ktidara ve Meclis&rsquo;e bask\u0131lar\u0131n\u0131 yo\u011funla\u015ft\u0131rm\u0131\u015ft\u0131r. AB&rsquo;nin ahlaks\u0131zl\u0131\u011f\u0131 yayma ve savunma \u00e7al\u0131\u015fmalar\u0131na T\u00fcrkiye B\u00fcy\u00fck Millet Meclisi&rsquo;nin ve partilerin alet olmas\u0131 ise \u015fa\u015fk\u0131nl\u0131ktan \u00f6te, bir intihard\u0131r.<\/span><\/strong><\/p>\n<p style=\"margin-bottom: 0.0001pt; text-align: justify; text-indent: 1cm; line-height: 16pt;\"><span style=\"font-size: 14pt;\"><strong><span style=\"font-family: Arial, sans-serif;\">AKP Avrupa Te\u015fkilat\u0131&#8217;nda <em>&#8216;muta nik\u00e2h\u0131&#8217;<\/em> istifas\u0131<\/span><\/strong><\/span><\/p>\n<p style=\"margin-bottom: 0.0001pt; text-align: justify; text-indent: 1cm; line-height: 16pt;\"><span style=\"font-size: 12pt; font-family: 'Arial',sans-serif;\">AKP&#8217;nin Avrupa Te\u015fkilat\u0131 olarak bilinen UETD&#8217;nin Halkla \u0130li\u015fkiler Ba\u015fkan Yard\u0131mc\u0131s\u0131 Arzu <strong>K\u0131l\u0131\u00e7o\u011flu,<\/strong> <strong><em>&#8216;AKP&rsquo;li evli bir erke\u011fin partili bir kad\u0131nla e\u015finden habersiz ve muta nik\u00e2h\u0131 ile evlendirilmesi&#8217;<\/em><\/strong> nedeniyle istifa etti\u011fini a\u00e7\u0131klam\u0131\u015ft\u0131r.[2] S\u00f6zc\u00fc gazetesinden Ali G\u00fclen&#8217;in haberine g\u00f6re <strong>Arzu K\u0131l\u0131\u00e7o\u011flu<\/strong> istifas\u0131 ile ilgili, &ldquo;<strong><em>Muta nik\u00e2h\u0131 olay\u0131 maalesef do\u011fruyu yans\u0131tmaktad\u0131r. Partililerin bu nik\u00e2htan haberleri vard\u0131 ve onaylamaktad\u0131r. Partinin, &lsquo;fuhu\u015f yuvas\u0131&rsquo; ve &lsquo;a\u00e7\u0131k genelev&rsquo; diye su\u00e7lanmas\u0131na neden olanlarla ayn\u0131 yerde kalamazd\u0131m ve B\u00fcy\u00fck Usta&rsquo;ya (Recep T. Erdo\u011fan&rsquo;a) zarar gelmemesi i\u00e7in istifa etmek zorundayd\u0131m&rdquo;<\/em><\/strong> <strong>yorumlar\u0131 tam bir AKP kafas\u0131n\u0131 yans\u0131tmaktad\u0131r. Yani AKP te\u015fkilatlar\u0131nda Muta k\u0131l\u0131fl\u0131 zinan\u0131n yayg\u0131nla\u015fmas\u0131; \u0130slam&rsquo;a, toplum yap\u0131s\u0131nda ve aile kurumuna zarar verdi\u011fi i\u00e7in de\u011fil, Sn. Recep Bey&rsquo;i s\u0131k\u0131nt\u0131ya d\u00fc\u015f\u00fcrece\u011fi i\u00e7in yanl\u0131\u015f bulunmaktad\u0131r!?<\/strong><\/span><\/p>\n<p style=\"margin-bottom: 0.0001pt; text-align: justify; text-indent: 1cm; line-height: 16pt;\"><strong><span style=\"font-size: 12pt; font-family: 'Arial',sans-serif;\">Olay\u0131n AKP parti genel merkezinde de tart\u0131\u015f\u0131ld\u0131\u011f\u0131 ve Avrupa te\u015fkilat\u0131 olarak kurulan Avrupal\u0131 T\u00fcrk Demokratlar Birli\u011fi&rsquo;nin (UETD) la\u011fvedilip yerini VUSLAT isimli derne\u011fin alaca\u011f\u0131 da yaz\u0131l\u0131p konu\u015fulmaktad\u0131r. AKP Avrupa te\u015fkilat\u0131n\u0131 \u00e7alkalayan bu kriz evli bir adamla kar\u0131s\u0131n\u0131n haberi olmadan ya\u015famaya ba\u015flayan ve onunla partililer \u00f6n\u00fcnde nik\u00e2h k\u0131yan AKP&rsquo;li bir kad\u0131n\u0131n (partiden onay ald\u0131\u011f\u0131) iddialar\u0131n\u0131n ortaya at\u0131lmas\u0131yla ba\u015flam\u0131\u015ft\u0131.<\/span><\/strong><\/p>\n<p style=\"margin-bottom: 0.0001pt; text-align: justify; text-indent: 1cm; line-height: 16pt;\"><span style=\"font-size: 14pt;\"><strong><span style=\"font-family: Arial, sans-serif;\">Arzu K\u0131l\u0131\u00e7o\u011flu Han\u0131m\u0131n ibretlik a\u00e7\u0131klamas\u0131! <\/span><\/strong><\/span><\/p>\n<p style=\"margin-bottom: 0.0001pt; text-align: justify; text-indent: 1cm; line-height: 16pt;\"><strong><em><span style=\"font-size: 12pt; font-family: 'Arial',sans-serif;\">&ldquo;UETD Genel Merkezi&rsquo;nin bilgisi dahilinde evlilik d\u0131\u015f\u0131 ili\u015fki me\u015frula\u015ft\u0131r\u0131lmaya \u00e7al\u0131\u015f\u0131lm\u0131\u015ft\u0131r. Bir UETD yetkilisi bayan ile ba\u015fkas\u0131yla evli bir adam ikinci bir dini nik\u00e2h t\u00f6reni yap\u0131lm\u0131\u015f, bunlar UETD&rsquo;nin bilgisi dahilinde ya\u015fanm\u0131\u015ft\u0131r. UETD&rsquo;nin kad\u0131nlara sark\u0131nt\u0131l\u0131k eden dernek oldu\u011fu y\u00f6n\u00fcndeki iddialar ayyuka \u00e7\u0131km\u0131\u015ft\u0131r. Olaylar bas\u0131na yans\u0131y\u0131nca UETD genel merkezinden yalan a\u00e7\u0131klamalar yap\u0131lm\u0131\u015ft\u0131r. \u0130\u00e7inde bulundu\u011fum de\u011ferli bir kurum hakk\u0131nda, y\u00f6netimde bulunan insanlar\u0131n yapm\u0131\u015f oldu\u011fu hatalardan dolay\u0131, &lsquo;fuhu\u015f yuvas\u0131&rsquo;, &lsquo;a\u00e7\u0131k genelev&rsquo;, &lsquo;evli erkeklerin dul kad\u0131nlarla e\u011flenme mek\u00e2n\u0131&rsquo; diye bahsedilmesi beni derinden sarsm\u0131\u015ft\u0131r. Kendimi koruma ama\u00e7l\u0131 b\u00f6yle bir karar\u0131n daha uygun olaca\u011f\u0131 kan\u0131s\u0131na vard\u0131m. \u00d6zellikle B\u00dcY\u00dcK USTA&rsquo;ya asla zarar gelmesini istemedi\u011fimden istifa edip ayr\u0131ld\u0131m. \u0130tibars\u0131zla\u015ft\u0131rman\u0131n as\u0131l sebebi, zaten bu yanl\u0131\u015flara sebebiyet ve f\u0131rsat verenler oldu\u011fu a\u00e7\u0131kt\u0131r.&rdquo;<\/span><\/em><\/strong><\/p>\n<p style=\"margin-bottom: 0.0001pt; text-align: justify; text-indent: 1cm; line-height: 16pt;\"><strong><span style=\"font-size: 12pt; font-family: 'Arial',sans-serif;\">AKP&rsquo;nin bir tak\u0131m tahribatlar\u0131n\u0131 g\u00fcndeme ta\u015f\u0131yan Haydar Ba\u015f&rsquo;\u00e7\u0131lar, bunlar\u0131n Yeni Mesaj-Meltem yazarlar\u0131 ve yorumcular\u0131, \u015eia&rsquo;n\u0131n T\u00fcrkiye temsilcisi gibi \u00e7al\u0131\u015ft\u0131klar\u0131ndan dolay\u0131, her nedense bu Muta nik\u00e2h\u0131 konusunu hi\u00e7 a\u011f\u0131zlar\u0131na almamaktad\u0131r. \u00c7\u00fcnk\u00fc Ehli S\u00fcnnetin 4 mezhebine g\u00f6re zina ve haram say\u0131lan; para kar\u015f\u0131l\u0131\u011f\u0131 ge\u00e7ici birliktelik olan Muta nik\u00e2h\u0131 \u015eia taraf\u0131ndan da me\u015fru ve mubah say\u0131lmaktad\u0131r.<\/span><\/strong><\/p>\n<p style=\"margin-bottom: 0.0001pt; text-align: justify; text-indent: 1cm; line-height: 16pt;\"><strong><em><span style=\"font-size: 12pt; font-family: 'Arial',sans-serif;\">&ldquo;\u0130slam&rsquo;\u0131 d\u00f6rt kar\u0131l\u0131 merhametsizlerin dini olarak g\u00f6stermek haks\u0131zl\u0131kt\u0131r&rdquo;<\/span><\/em><\/strong><strong><span style=\"font-size: 12pt; font-family: 'Arial',sans-serif;\"> ba\u015fl\u0131\u011f\u0131nda:<\/span><\/strong><\/p>\n<p style=\"margin-bottom: 0.0001pt; text-align: justify; text-indent: 1cm; line-height: 16pt;\"><strong><em><span style=\"font-size: 12pt; font-family: 'Arial',sans-serif;\">&ldquo;\u0130slam&rsquo;a kar\u015f\u0131 olanlar onun g\u00fczel y\u00fcz\u00fcn\u00fc gizlemek ve insan\u0131m\u0131z\u0131, \u00f6zellikle gen\u00e7lerimizi ondan uzakla\u015ft\u0131rmak i\u00e7in &ldquo;\u015feriat ad\u0131na&rdquo; baz\u0131 \u00e7arp\u0131t\u0131lm\u0131\u015f kurallar\u0131 ve uygulamalar\u0131 s\u0131ralamakta ve (kafa kar\u0131\u015ft\u0131r\u0131c\u0131) sorular sormaktad\u0131r&hellip; \u00dcst\u00fcnl\u00fck etnik ve k\u00fclt\u00fcrel aidiyette de\u011fil, takvada aranmal\u0131d\u0131r. Takva ise Hz. Peygamber&rsquo;in \u00f6rnekli\u011finde ger\u00e7ekle\u015fen sorumluluk duygusudur ve bunun meyvesi olan g\u00fczel ahlakt\u0131r&hellip; \u0130zzet, onur ve \u00fcst\u00fcnl\u00fck Allah&rsquo;a, el\u00e7isine ve O&rsquo;nun m\u00fcmin kullar\u0131na aittir. \u0130nsan\u0131 zillete d\u00fc\u015f\u00fcren, ge\u00e7ici ma\u011flubiyetler de\u011fil, \u00fcmitsizlik ve a\u015fa\u011f\u0131l\u0131k duygular\u0131d\u0131r&#8230; Kamuya a\u00e7\u0131k alanlarda g\u00fcnahlar\u0131, yasaklar\u0131 ve ay\u0131plar\u0131 \u00e7i\u011fneyenler engellenir. \u00d6zel mek\u00e2nlar\u0131nda, gizleyerek bir \u015feyler yapanlar ara\u015ft\u0131r\u0131lmaz, soru\u015fturulmaz, bu manada \u00f6zel hayat\u0131n dokunulmazl\u0131\u011f\u0131 vard\u0131r&hellip;&rdquo;[3]<\/span><\/em><\/strong><span style=\"font-size: 12pt; font-family: 'Arial',sans-serif;\">\u00a0diyen AKP Fetvac\u0131s\u0131 ve Yeni \u015eafak yazar\u0131 \u0130lahiyat Hocas\u0131 Hayrettin Karaman&rsquo;lar b\u00fct\u00fcn bu yanl\u0131\u015fl\u0131k ve hayas\u0131zl\u0131klar kar\u015f\u0131s\u0131nda niye dut yemi\u015f b\u00fclb\u00fcl misali susup durmaktad\u0131r.<\/span><\/p>\n<p style=\"margin-bottom: 0.0001pt; text-align: justify; text-indent: 1cm; line-height: 16pt;\"><strong><span style=\"font-size: 12pt; font-family: 'Arial',sans-serif;\"><span style=\"font-size: 14pt;\">Faizin haram oldu\u011funa iman etti\u011fini s\u00f6yleyen M\u00fcsl\u00fcmanlar hala gaflet uykusundayd\u0131.<\/span> AKP&rsquo;li Bakan faiz geliriyle ge\u00e7indi\u011fini a\u00e7\u0131klam\u0131\u015ft\u0131!<\/span><\/strong><\/p>\n<p style=\"margin-bottom: 0.0001pt; text-align: justify; text-indent: 1cm; line-height: 16pt;\"><strong><span style=\"font-size: 12pt; font-family: 'Arial',sans-serif;\">Eski bakanlarla ilgili yolsuzluk ve r\u00fc\u015fvet iddialar\u0131n\u0131 ara\u015ft\u0131ran TBMM Soru\u015fturma Komisyonu&rsquo;na ifade veren Muammer G\u00fcler, ekonomik durumunun sorulmas\u0131 \u00fczerine, &ldquo;Kira gelirlerim var, ayr\u0131ca banka faizi olarak, mevduat\u0131m\u0131n normal geliri var. Ticari i\u015fletmem yok&rdquo; diyerek faizle ge\u00e7indi\u011fini resmi beyan olarak sunmas\u0131 komisyonda \u015fa\u015fk\u0131nl\u0131kla kar\u015f\u0131lanm\u0131\u015ft\u0131!<\/span><\/strong><\/p>\n<p style=\"margin-bottom: 0.0001pt; text-align: justify; text-indent: 1cm; line-height: 16pt;\"><strong><span style=\"font-size: 12pt; font-family: 'Arial',sans-serif;\">Soru\u015fturma Komisyonu&rsquo;na &ldquo;beni Y\u00fcce Divan&rsquo;a sevk etmeyin!&rdquo; diye rica eden Muammer G\u00fcler&rsquo;in: <em>&ldquo;faizle ge\u00e7iniyorum&rdquo;<\/em> itiraf\u0131!<\/span><\/strong><\/p>\n<p style=\"margin-bottom: 0.0001pt; text-align: justify; text-indent: 1cm; line-height: 16pt;\"><span style=\"font-size: 12pt; font-family: 'Arial',sans-serif;\">Eski bakanlarla ilgili yolsuzluk ve r\u00fc\u015fvet iddialar\u0131n\u0131 ara\u015ft\u0131ran TBMM Soru\u015fturma Komisyonu&rsquo;na ifade veren eski \u0130\u00e7i\u015fleri Bakan\u0131 Muammer G\u00fcler, kendisinin Y\u00fcce Divan&rsquo;a g\u00f6nderilmemesi talebini aktarm\u0131\u015ft\u0131. G\u00fcler, <strong><em>&ldquo;Ku\u015fkudan san\u0131k yararlan\u0131r ilkesi g\u00f6zetilerek, Y\u00fcce Divan&rsquo;a sevkime karar verilmemesini takdir ve tasviplerinize sayg\u0131lar\u0131mla arz ederim&rdquo;<\/em><\/strong> diye yalvarm\u0131\u015ft\u0131. O\u011flu Bar\u0131\u015f G\u00fcler&rsquo;e ait 26 tarla ve 4 daire tespit edilen G\u00fcler, \u00e7ocuklar\u0131n\u0131n mal varl\u0131\u011f\u0131na ili\u015fkin sorular\u0131 cevaplarken zorlanm\u0131\u015ft\u0131. Komisyon Ba\u015fkan\u0131 Hakk\u0131 K\u00f6yl\u00fc ise, ilgili kurulu\u015flardan istedikleri bilgilerin gelmemesinden yak\u0131nm\u0131\u015ft\u0131.<\/span><\/p>\n<p style=\"margin-bottom: 0.0001pt; text-align: justify; text-indent: 1cm; line-height: 16pt;\"><strong><span style=\"font-size: 12pt; font-family: 'Arial',sans-serif;\">Sarraf&rsquo;tan Muammer G\u00fcler&rsquo;in akrabas\u0131na 100 bin TL maa\u015f ba\u011flanm\u0131\u015ft\u0131!<\/span><\/strong><\/p>\n<p style=\"margin-bottom: 0.0001pt; text-align: justify; text-indent: 1cm; line-height: 16pt;\"><strong><span style=\"font-size: 12pt; font-family: 'Arial',sans-serif;\">R\u0131za Sarraf&rsquo;la amcas\u0131n\u0131n torunu olan R\u00fc\u00e7han Bayar \u00fczerinden tan\u0131\u015ft\u0131klar\u0131n\u0131 belirten G\u00fcler, Bayar&rsquo;\u0131n 2012 y\u0131l\u0131ndan itibaren Sarraf&rsquo;\u0131n yan\u0131nda \u00e7al\u0131\u015ft\u0131\u011f\u0131n\u0131, ayl\u0131k kazanc\u0131n\u0131n da 50-200 bin dolar aras\u0131nda de\u011fi\u015fti\u011fini anlatt\u0131. G\u00fcler, o\u011flu Bar\u0131\u015f&rsquo;\u0131n akrabalar\u0131 R\u00fc\u00e7han Bayar&rsquo;a 2007 y\u0131l\u0131nda 2 milyon 50 bin dolar bor\u00e7 verdi\u011fini ve aralar\u0131nda \u00f6deme plan\u0131 oldu\u011funu hat\u0131rlatm\u0131\u015ft\u0131. Bu paray\u0131 alabilmek i\u00e7in g\u00f6r\u00fc\u015fmeler yaparken, yan\u0131nda \u00e7al\u0131\u015ft\u0131\u011f\u0131 Sarraf&rsquo;la diyalog olu\u015ftu\u011funu aktarm\u0131\u015ft\u0131.<\/span><\/strong><\/p>\n<p style=\"margin-bottom: 0.0001pt; text-align: justify; text-indent: 1cm; line-height: 16pt;\"><span style=\"font-size: 14pt;\"><strong><span style=\"font-family: Arial, sans-serif;\">15.5 milyon vatanda\u015f bankalar\u0131n tuza\u011f\u0131na kap\u0131lm\u0131\u015ft\u0131!<\/span><\/strong><\/span><\/p>\n<p style=\"margin-bottom: 0.0001pt; text-align: justify; text-indent: 1cm; line-height: 16pt;\"><span style=\"font-size: 12pt; font-family: 'Arial',sans-serif;\">Yanl\u0131\u015f ve adaletsiz ekonomi politikalar\u0131 vatanda\u015f\u0131 bor\u00e7 bata\u011f\u0131na s\u00fcr\u00fcklerken, bu i\u015ften en \u00e7ok &ldquo;faiz lobisi&rdquo; diye su\u00e7lanan ancak &ldquo;ekonominin tek kazanan\u0131&rdquo; olan bankalar kazan\u00e7l\u0131 \u00e7\u0131kmaktayd\u0131. 2014 y\u0131l\u0131 Temmuz-Eyl\u00fcl d\u00f6nemi itibar\u0131yla, t\u00fcketici ve konut kredisi kullanan toplam ki\u015fi say\u0131s\u0131 15 milyon 561 bin 105 ki\u015fiye, kredi miktar\u0131 ise 252 milyar liraya ula\u015fm\u0131\u015ft\u0131. T\u00fcrkiye Bankalar Birli\u011fi (TBB), Temmuz &#8211; Eyl\u00fcl 2014 d\u00f6nemi t\u00fcketici ve konut kredileri raporunu yay\u0131mlam\u0131\u015ft\u0131. Rapora g\u00f6re, Temmuz &#8211; Eyl\u00fcl 2014 d\u00f6neminde 2 milyon 932 bin 507 ki\u015fiye, 41,9 milyar TL tutar\u0131nda t\u00fcketici kredisi ve konut kredisi kulland\u0131r\u0131lm\u0131\u015ft\u0131. Kredi kullanan ki\u015fi say\u0131s\u0131 bir \u00f6nceki y\u0131l\u0131n ayn\u0131 d\u00f6nemine g\u00f6re y\u00fczde 8, bir \u00f6nceki \u00fc\u00e7 ayl\u0131k d\u00f6neme g\u00f6re ise y\u00fczde 11 artm\u0131\u015ft\u0131. Temmuz &#8211; Eyl\u00fcl 2014 d\u00f6nemi sonu itibariyle t\u00fcketici kredileri ve konut kredileri bakiyesi 252 milyar lira, kredi kullanan toplam ki\u015fi say\u0131s\u0131 ise 15 milyon 561 bin 105 olmu\u015f, toplam ki\u015fi say\u0131s\u0131 Temmuz-Eyl\u00fcl 2013&rsquo;e g\u00f6re y\u00fczde 10, bir \u00f6nceki \u00fc\u00e7 ayl\u0131k d\u00f6neme g\u00f6re ise y\u00fczde 4 artm\u0131\u015ft\u0131. Yani faizci AKP, Allah ve Peygamberle sava\u015fmaktayd\u0131.<\/span><\/p>\n<p style=\"margin-bottom: 0.0001pt; text-align: justify; text-indent: 1cm; line-height: 16pt;\"><span style=\"font-size: 14pt;\"><strong><span style=\"font-family: Arial, sans-serif;\">Devletin resmi rakamlar\u0131na g\u00f6re 3 milyon 64 bin ki\u015fi i\u015fsiz durumdayd\u0131<\/span><\/strong><\/span><\/p>\n<p style=\"margin-bottom: 0.0001pt; text-align: justify; text-indent: 1cm; line-height: 16pt;\"><strong><span style=\"font-size: 12pt; font-family: 'Arial',sans-serif;\">Oysa k\u00f6ylerdeki ve kentlerdeki &ldquo;gizli i\u015fsizler&rdquo;le birlikte bu rakam\u0131n 7 milyonu ge\u00e7ti\u011fi konu\u015fulmaktayd\u0131. Eyl\u00fcl ay\u0131nda i\u015fsizlik oran\u0131, A\u011fustos&rsquo;a g\u00f6re 0,4 puan artarak y\u00fczde 10,5&rsquo;e y\u00fckselirken; A\u011fustos&rsquo;ta 2 milyon 944 bin olan i\u015fsiz say\u0131s\u0131, Eyl\u00fcl ay\u0131nda 3 milyon 64 bin ki\u015fiye \u00e7\u0131km\u0131\u015ft\u0131. Y\u00fczde 10,5&rsquo;lik i\u015fsizlik oran\u0131 \u015eubat 2011&rsquo;den bu yana en y\u00fcksek i\u015fsizlik oran\u0131 olurken; gen\u00e7ler aras\u0131ndaki i\u015fsizlik ise y\u00fczde 20&rsquo;yi a\u015fm\u0131\u015ft\u0131. Baz\u0131lar\u0131na sadece rakam olarak g\u00f6r\u00fcnse de, resmiyette 3 milyonu hakikatte 7 milyonu (ki bu 20 milyonluk bir kitleyi temsil eder) a\u015fk\u0131n &ldquo;insan&rdquo; evine ekmek g\u00f6t\u00fcremiyor olman\u0131n peri\u015fanl\u0131\u011f\u0131n\u0131 ya\u015famaktayd\u0131. Ge\u00e7imini sa\u011flamak ve ailesinin r\u0131zk\u0131n\u0131 temin etmek i\u00e7in bir i\u015fe ihtiya\u00e7 duyanlar\u0131n say\u0131s\u0131 y\u00fczde 10&rsquo;lar\u0131 a\u015farken, \u00e7al\u0131\u015fanlar\u0131n bir\u00e7o\u011fu da ge\u00e7im darl\u0131\u011f\u0131 i\u00e7inde k\u0131vranmaktayd\u0131. \u00c7al\u0131\u015fma Bakan\u0131&rsquo;na g\u00f6re 2002&rsquo;de 2,8 milyon ki\u015fi asgari \u00fccretliyken, 2014&rsquo;te 5 milyon ki\u015fi sefalet \u00fccretinden farks\u0131z olan asgari \u00fccretle \u00e7al\u0131\u015fmaktayd\u0131. Daha bir talihli g\u00f6r\u00fcnen memurlar, &ldquo;kuru\u015f&rdquo; zamlarla enflasyona ezdirilirken; ge\u00e7im sava\u015f\u0131 veren milyonlar i\u015fsizlere g\u00f6re &ldquo;talihli&rdquo; say\u0131lmaktayd\u0131. D\u00f6rt ki\u015filik bir ailenin a\u00e7l\u0131k s\u0131n\u0131r\u0131 bin 225 TL ve yoksulluk s\u0131n\u0131r\u0131 ise 3 bin 990 TL iken, \u00e7al\u0131\u015fanlar\u0131n \u00e7o\u011fu da sadece &ldquo;i\u015fi var&rdquo; say\u0131lmaktayd\u0131.<\/span><\/strong><\/p>\n<p style=\"margin-bottom: 0.0001pt; text-align: justify; text-indent: 1cm; line-height: 16pt;\"><strong><span style=\"font-size: 12pt; font-family: 'Arial',sans-serif;\">\u0130nsanl\u0131k da birlikte batm\u0131\u015ft\u0131!<\/span><\/strong><\/p>\n<p style=\"margin-bottom: 0.0001pt; text-align: justify; text-indent: 1cm; line-height: 16pt;\"><span style=\"font-size: 12pt; font-family: 'Arial',sans-serif;\">Ayd\u0131n&rsquo;\u0131n Didim il\u00e7esinde ya\u015fayan \u00d6ncel \u00e7ifti, 5 g\u00fcn arayla \u00f6l\u00fcp d\u00fcnyadan ayr\u0131lm\u0131\u015ft\u0131. Evden k\u00f6t\u00fc kokular\u0131n yay\u0131lmas\u0131n\u0131n ard\u0131ndan kom\u015fular\u0131n olay\u0131 polise bildirmesiyle durum ortaya \u00e7\u0131kar\u0131lm\u0131\u015ft\u0131. Edinilen bilgiye g\u00f6re; Faik \u00d6ncel (70) fel\u00e7li e\u015fi Nurcan \u00d6ncel (72) uzun y\u0131llard\u0131r Didim \u00c7aml\u0131k Mahallesi 529. Sokak Menek\u015fe apartman\u0131nda oturmaktayd\u0131. Faik \u00d6ncel yakla\u015f\u0131k 22 y\u0131ld\u0131r fel\u00e7li ya\u015fayan e\u015fine kendi evinde bakmaktayd\u0131. Bir hafta \u00f6nce Faik \u00d6ncel evinin banyosunda \u00f6l\u00fcp kalm\u0131\u015ft\u0131. Fakat fel\u00e7li olan e\u015fi durumdan kimseyi haberdar edemeyince bir hafta boyunca ila\u00e7lar\u0131n\u0131 alamay\u0131p a\u00e7l\u0131k ve susuzluktan evde hayat\u0131n\u0131 kaybedip bu d\u00fcnyadan ayr\u0131lm\u0131\u015ft\u0131. Bu bir insanl\u0131k dram\u0131yd\u0131, AKP&rsquo;nin ay\u0131b\u0131yd\u0131. Ermenek&rsquo;te o\u011flu k\u00f6m\u00fcr oca\u011f\u0131nda can veren ihtiyar baban\u0131n y\u0131rt\u0131k lastikleri asl\u0131nda AKP T\u00fcrkiyesinin ger\u00e7ek foto\u011fraf\u0131yd\u0131.<\/span><\/p>\n<p style=\"margin-bottom: 0.0001pt; text-align: justify; text-indent: 1cm; line-height: 16pt;\"><span style=\"font-size: 14pt;\"><strong><span style=\"font-family: Arial, sans-serif;\">Bu arada Sn. Erdo\u011fan; Paralel&rsquo;i MOSSAD ve CIA&rsquo;n\u0131n y\u00f6netti\u011fini s\u00f6yleyip kendilerini aklamaya \u00e7al\u0131\u015fm\u0131\u015ft\u0131<\/span><\/strong><\/span><\/p>\n<p style=\"margin-bottom: 0.0001pt; text-align: justify; text-indent: 1cm; line-height: 16pt;\"><strong><span style=\"font-size: 12pt; font-family: 'Arial',sans-serif;\">Fetullah G\u00fclen&rsquo;in eski sa\u011f kolu kilit tan\u0131k Latif Erdo\u011fan&rsquo;\u0131n; savc\u0131ya Paralel Yap\u0131&rsquo;y\u0131 anlat\u0131rken <em>&ldquo;Fetullah G\u00fclen&rsquo;i bir \u00fcst ak\u0131l harekete ge\u00e7irdi&rdquo;<\/em> iddias\u0131 hayretle kar\u015f\u0131lanm\u0131\u015ft\u0131. G\u00fclen grubu, 1990&rsquo;l\u0131 y\u0131llarda milli duru\u015funu b\u0131rakarak CIA ve MOSSAD gibi gizli servislerin kontrol\u00fcne al\u0131nm\u0131\u015ft\u0131. B\u00f6ylece ABD ve \u0130srail&rsquo;in, T\u00fcrk ve \u0130slam co\u011frafyas\u0131nda kendi ama\u00e7lar\u0131 i\u00e7in kulland\u0131\u011f\u0131 etkili bir olu\u015fum olup \u00e7\u0131km\u0131\u015ft\u0131. Paralel Yap\u0131 olarak adland\u0131r\u0131lan bu yeni olu\u015fum, ter\u00f6r \u00f6rg\u00fct\u00fc niteli\u011fi ta\u015f\u0131maktayd\u0131. Bu yap\u0131n\u0131n i\u00e7inde yabanc\u0131 gizli servisler bulunmaktayd\u0131. \u00dclkemiz, uluslararas\u0131 g\u00fc\u00e7lerin himayesinde olan bir g\u00fc\u00e7le kar\u015f\u0131 kar\u015f\u0131yayd\u0131. ABD ve \u0130srail&rsquo;den olu\u015fan \u00fcst ak\u0131l, dershaneler konusunu f\u0131rsat bilerek G\u00fclen&rsquo;in h\u00fck\u00fcmete kar\u015f\u0131 harekete ge\u00e7mesini sa\u011flam\u0131\u015ft\u0131. Devlet i\u00e7inde yatay b\u00fcy\u00fcyen bu grup, dikey b\u00fcy\u00fcmeye ge\u00e7erek devletle \u00e7at\u0131\u015fmaya ba\u015flam\u0131\u015ft\u0131.[4]<\/span><\/strong><\/p>\n<p style=\"margin-bottom: 0.0001pt; text-align: justify; text-indent: 1cm; line-height: 16pt;\"><strong><span style=\"font-size: 12pt; font-family: 'Arial',sans-serif;\"><\/span><\/strong><span style=\"font-size: 14pt;\"><strong><span style=\"font-family: Arial, sans-serif;\">AKP&rsquo;nin Ha\u00e7l\u0131lara hizmet, \u0130slam&rsquo;a h\u0131yanet \u00e7abalar\u0131!<\/span><\/strong><\/span><\/p>\n<p style=\"margin-bottom: 0.0001pt; text-align: justify; text-indent: 1cm; line-height: 16pt;\"><strong><span style=\"font-size: 12pt; font-family: 'Arial',sans-serif;\">Sn. Erdo\u011fan&rsquo;\u0131n <em>&ldquo;Kutsiyetpenah &#8211; s\u0131\u011f\u0131n\u0131lacak kutsal varl\u0131k&rdquo;<\/em> diye \u00e7a\u011f\u0131r\u0131p a\u011f\u0131rlad\u0131\u011f\u0131 Papa&rsquo;n\u0131n ziyaretinden geriye; &ldquo;Kiliseler aras\u0131ndaki bin y\u0131ll\u0131k husumetin&rdquo; rafa kald\u0131r\u0131lmas\u0131&hellip; \u0130slam&rsquo;a kar\u015f\u0131 verilen birlik foto\u011fraflar\u0131&hellip; Patrikhaneye Ek\u00fcmenik destek sa\u011flanmas\u0131&hellip; Ve en \u00f6nemlisi yerli medya eliyle pazarlanan tevazu ve al\u00e7ak g\u00f6n\u00fcll\u00fc pozlarla yap\u0131lan piar \u00e7al\u0131\u015fmas\u0131 kalm\u0131\u015ft\u0131. AKP&rsquo;nin pay\u0131na ise H\u0131ristiyan birli\u011finin te\u015fekk\u00fcl\u00fcne yard\u0131m ve yatakl\u0131k \u015ferefi(!) kalm\u0131\u015ft\u0131.<\/span><\/strong><\/p>\n<p style=\"margin-bottom: 0.0001pt; text-align: justify; text-indent: 1cm; line-height: 16pt;\"><strong><span style=\"font-size: 12pt; font-family: 'Arial',sans-serif;\">AKP medyas\u0131 misyoneri oynam\u0131\u015ft\u0131!<\/span><\/strong><\/p>\n<p style=\"margin-bottom: 0.0001pt; text-align: justify; text-indent: 1cm; line-height: 16pt;\"><span style=\"font-size: 12pt; font-family: 'Arial',sans-serif;\">Papa Francesco&rsquo;nun T\u00fcrkiye ziyareti yerli ve yabanc\u0131 y\u00fczlerce medya mensubu taraf\u0131ndan ilgiyle takibe al\u0131nm\u0131\u015ft\u0131. Papa&rsquo;n\u0131n ziyareti yerli medyan\u0131n basiretsizli\u011fini ve ferasetsizli\u011fini bir kez daha ortaya \u00e7\u0131karm\u0131\u015ft\u0131. Tek hak din olan \u0130slam&rsquo;\u0131 ifsad projesi olan <strong>dinler aras\u0131 diyalog safsatas\u0131n\u0131<\/strong> ve \u0130stanbul&rsquo;daki H\u0131ristiyan zirvesini g\u00f6rmezden gelen yerli medya, yine paparazzilik oynam\u0131\u015ft\u0131. Papa&rsquo;n\u0131n ziyaretleri boyunca hal\u0131ya aya\u011f\u0131n\u0131n tak\u0131l\u0131p s\u00fcr\u00e7mesini, makam arac\u0131 olarak Albea istemesini, T\u00fcrkiye i\u00e7in dua etmesini g\u00fcndeminin birinci s\u0131ras\u0131na koyan medya, Papa&rsquo;n\u0131n misyonerlik faaliyetine katk\u0131 sunmu\u015flard\u0131. Papa&rsquo;y\u0131 bir iyilik el\u00e7isi, m\u00fctevaz\u0131l\u0131k abidesi olarak g\u00fcndeme ta\u015f\u0131yan AKP medyas\u0131, adeta misyonerlikte Vatikan ile yar\u0131\u015fm\u0131\u015ft\u0131. Ad\u0131 s\u00fcrekli olarak r\u00fc\u015fvetle, yolsuzlukla, doland\u0131r\u0131c\u0131l\u0131kla, \u00e7ocuk tacizleriyle an\u0131lan Vatikan&rsquo;\u0131n imaj y\u00fcz\u00fc olan Papa Francesco&rsquo;yu amac\u0131na uygun bir \u015fekilde metheden yerli medya H\u0131ristiyanlar\u0131n y\u0131llard\u0131r yapamad\u0131\u011f\u0131 bir misyonerlik ba\u015far\u0131s\u0131 sa\u011flam\u0131\u015ft\u0131. \u0130\u015fte medyan\u0131n s\u00f6yledi\u011finin aksine Vatikan&rsquo;\u0131n ger\u00e7ek y\u00fcz\u00fcne birka\u00e7 \u00f6rnek; Vatikan&rsquo;da ge\u00e7ti\u011fimiz y\u0131l patlak veren kara para aklama skandal\u0131 Papal\u0131k mali i\u015fler yetkililerinden \u00fcst d\u00fczey bir din adam\u0131n\u0131n 50 milyon liray\u0131 bulan vurgunuyla ortaya \u00e7\u0131km\u0131\u015ft\u0131. R\u00fc\u015fvet yoluyla 20 milyon Euro (yakla\u015f\u0131k 50 milyon TL) tutar\u0131ndaki kara paray\u0131 \u0130svi\u00e7re&rsquo;den \u0130talya&rsquo;ya sokmaya \u00e7al\u0131\u015fmakla su\u00e7lanan din adam\u0131, kendisine yard\u0131m eden iki ki\u015fiyle birlikte tutuklanm\u0131\u015ft\u0131.<\/span><\/p>\n<p style=\"margin-bottom: 0.0001pt; text-align: justify; text-indent: 1cm; line-height: 16pt;\"><span style=\"font-size: 14pt;\"><strong><span style=\"font-family: Arial, sans-serif;\">AKP&rsquo;de da\u011f\u0131lma tela\u015f\u0131 ba\u015flam\u0131\u015ft\u0131! AKP&rsquo;de grup darmada\u011f\u0131n kongrelerle sanc\u0131l\u0131yd\u0131!<\/span><\/strong><\/span><\/p>\n<p style=\"margin-bottom: 0.0001pt; text-align: justify; text-indent: 1cm; line-height: 16pt;\"><strong><span style=\"font-size: 12pt; font-family: 'Arial',sans-serif;\">AKP&rsquo;de Tayyip Erdo\u011fan&rsquo;\u0131n partiden ayr\u0131lmas\u0131yla ba\u015flayan rahats\u0131zl\u0131k giderek artmaktayd\u0131. Davuto\u011flu ile motivasyon kayb\u0131n\u0131n ya\u015fand\u0131\u011f\u0131n\u0131 anlatan partililer sorunun \u00e7\u00f6z\u00fcm\u00fc i\u00e7in de ad\u0131m at\u0131lmad\u0131\u011f\u0131ndan yak\u0131nm\u0131\u015flard\u0131. Ahmet Davuto\u011flu&rsquo;nun Ba\u015fbakanl\u0131\u011f\u0131 Tayyip Erdo\u011fan&rsquo;dan devralmas\u0131 sonras\u0131nda partide g\u00fcn y\u00fcz\u00fcne \u00e7\u0131kan motivasyon kayb\u0131, hem kongrelere hem de Meclis grubuna yans\u0131m\u0131\u015ft\u0131. AKP&rsquo;nin Afyonkarahisar&rsquo;daki kamp\u0131nda su y\u00fcz\u00fcne \u00e7\u0131kan olumsuzluk havas\u0131, partinin b\u00fct\u00fcn kademelerine yay\u0131lm\u0131\u015ft\u0131. Genel merkezin listelere do\u011frudan m\u00fcdahale etmesi parti taban\u0131nda rahats\u0131zl\u0131k yarat\u0131rken, &ldquo;eski ekip-yeni ekip&rdquo; tart\u0131\u015fmas\u0131n\u0131 bu rahats\u0131zl\u0131\u011f\u0131 isyan boyutuna ta\u015f\u0131m\u0131\u015ft\u0131.<\/span><\/strong><\/p>\n<p style=\"margin-bottom: 0.0001pt; text-align: justify; text-indent: 1cm; line-height: 16pt;\"><strong><span style=\"font-size: 12pt; font-family: 'Arial',sans-serif;\">Acaba, Davuto\u011flu&rsquo;nun <em>&ldquo;Herkes anayasal konuma uygun davranmal\u0131d\u0131r&rdquo; <\/em>s\u00f6zleri Cumhurba\u015fkan\u0131&rsquo;na dolayl\u0131 bir g\u00f6nderme gibi mi okunmal\u0131yd\u0131? Ve yine ayn\u0131 demecinde <em>&ldquo;Kim yaparsa yaps\u0131n, b\u00fct\u00fcn yolsuzluklar ara\u015ft\u0131r\u0131l\u0131p soru\u015fturulmas\u0131 ve hi\u00e7 kimsenin \u00e7ald\u0131\u011f\u0131-\u00e7\u0131rpt\u0131\u011f\u0131 yan\u0131na k\u00e2r kalmamal\u0131d\u0131r&rdquo;<\/em> anlam\u0131ndaki s\u00f6zleri de her nedense Erdo\u011fanc\u0131lar kendi \u00fczerlerine alm\u0131\u015flard\u0131!?<\/span><\/strong><\/p>\n<p style=\"margin-bottom: 0.0001pt; text-align: justify; text-indent: 1cm; line-height: 16pt;\"><strong><em><span style=\"font-size: 12pt; font-family: 'Arial',sans-serif;\">Bir iktidar\u0131n gidici oldu\u011funun ilk i\u015fareti b\u00fcrokrasiden anla\u015f\u0131l\u0131rd\u0131. E\u011fer b\u00fcrokratlar kurumlardan bilgi, belge s\u0131zd\u0131rmaya ba\u015flam\u0131\u015fsa iktidar\u0131n sonu yakla\u015fm\u0131\u015ft\u0131. AKP 12 y\u0131lda b\u00fcrokrasiyi tamamen avucuna alm\u0131\u015f, b\u00fct\u00fcn m\u00fcste\u015farlar\u0131, genel m\u00fcd\u00fcrleri, yard\u0131mc\u0131lar\u0131, daire ba\u015fkanlar\u0131n\u0131 kendisine uyarlam\u0131\u015ft\u0131. Buna ra\u011fmen piyasada yolsuzluk ve usuls\u00fczl\u00fck dosyalar\u0131 \u00e7o\u011falm\u0131\u015ft\u0131. &ldquo;Kritik dosyalar\u0131 ortada b\u0131rakmay\u0131n&rdquo; talimat\u0131na ra\u011fmen gizli ve kirli belgeler ortal\u0131\u011fa sa\u00e7\u0131lmaya ba\u015flanm\u0131\u015ft\u0131. AKP iktidara geleli beri h\u00fck\u00fcmetin de\u011firmenine su ta\u015f\u0131yanlarda bir de\u011fi\u015fim ya\u015fanmaktayd\u0131. &ldquo;Tarafs\u0131z&rdquo; g\u00f6r\u00fcnt\u00fcs\u00fc alt\u0131nda AKP&rsquo;den yana taraf tutan sendikalar, demokratik kitle \u00f6rg\u00fctleri, toplumda s\u00f6z\u00fcne itibar edildi\u011fi d\u00fc\u015f\u00fcn\u00fclen kanaat \u00f6nderleri(!) h\u00fck\u00fcmete kar\u015f\u0131 seslerini y\u00fckseltmeye ba\u015flam\u0131\u015ft\u0131. Evet, AKP&rsquo;nin da\u011f\u0131lma kokusunu alanlar, yeni konumlar\u0131n\u0131 haz\u0131rlamaktayd\u0131&rdquo; <\/span><\/em><\/strong><span style=\"font-size: 12pt; font-family: 'Arial',sans-serif;\">diyenler hakl\u0131yd\u0131.<\/span><\/p>\n<p style=\"margin-bottom: 0.0001pt; text-align: justify; text-indent: 1cm; line-height: 16pt;\"><strong><em><span style=\"font-size: 12pt; font-family: 'Arial',sans-serif;\">&ldquo;Ba\u015fta Suriye olmak \u00fczere, M\u0131s\u0131r, Irak, \u0130ran politikalar\u0131ndaki yanl\u0131\u015fl\u0131klar \u00fclkemizin d\u0131\u015far\u0131daki itibar\u0131n\u0131 \u00f6nemli \u00f6l\u00e7\u00fcde zedelemi\u015ftir. Her g\u00fcn bir AB yetkilisi T\u00fcrkiye&rsquo;nin demokrasiden, \u00f6zg\u00fcrl\u00fcklerden ve AB normlar\u0131ndan uzakla\u015ft\u0131\u011f\u0131n\u0131 ifade etmektedir. Yanl\u0131\u015f d\u0131\u015f politikalar T\u00fcrkiye&rsquo;yi d\u00fcnyada yaln\u0131zla\u015ft\u0131rm\u0131\u015ft\u0131r. Bu siyasi yap\u0131 T\u00fcrkiye&rsquo;yi ta\u015f\u0131yamad\u0131\u011f\u0131 gibi, T\u00fcrkiye de bu siyasi yap\u0131y\u0131 art\u0131k ta\u015f\u0131yamaz hale gelmi\u015ftir. Halk\u0131m\u0131z\u0131 demokrasi ve kutsallar\u0131m\u0131zla aldatan ve tamamen iflas eden bu siyasi yap\u0131dan \u00fclkemiz bir an \u00f6nce kurtulmal\u0131d\u0131r. Bu siyaset anlay\u0131\u015f\u0131n\u0131n ve zihniyetinin \u00fclkemizde daha fazla tahribat meydana getirmeden iktidardan ve siyasi hayat\u0131m\u0131zdan uzakla\u015ft\u0131r\u0131lmas\u0131 \u015fart olmu\u015ftur. Bu da ancak ve ancak yepyeni bir siyasi olu\u015fumla m\u00fcmk\u00fcn olacakt\u0131r. Bunu sadece yeni bir siyasi parti kurmak \u015feklinde d\u00fc\u015f\u00fcnmek ve tasarlamak yanl\u0131\u015f olur. Bu yeni siyasi olu\u015fum, bir siyaset seferberli\u011fi anlay\u0131\u015f\u0131yla bizzat halk\u0131m\u0131z taraf\u0131ndan yap\u0131lmal\u0131d\u0131r. Siyaset; \u00e7\u0131kar, rant, menfaat, makam ve \u015f\u00f6hret i\u00e7in yap\u0131lan bir meslek olmaktan kurtar\u0131lmal\u0131d\u0131r. Daha do\u011frusu siyaset bir meslek olmaktan kurtar\u0131lmal\u0131d\u0131r. \u00c7\u00fcnk\u00fc siyaset meslek de\u011fildir. Her meslekten ba\u015far\u0131l\u0131 olmu\u015f ve iyi yeti\u015fmi\u015f insanlar\u0131n, \u00fclkenin ve insanl\u0131\u011f\u0131n sorunlar\u0131na \u00e7\u00f6z\u00fcm \u00fcretme sanat\u0131d\u0131r siyaset. Siyasetin \u00e7\u0131kar i\u00e7in yap\u0131lmas\u0131 insan\u0131 canavarla\u015ft\u0131rmaktad\u0131r&rdquo;<\/span><\/em><\/strong><span style=\"font-size: 12pt; font-family: 'Arial',sans-serif;\"> <strong>diyen Demokraside Birlik Vakf\u0131 Ba\u015fkan\u0131 Mehmet Bozdemir yeni bir olu\u015fum i\u00e7in d\u00fc\u011fmeye basm\u0131\u015ft\u0131.<\/strong><\/span><\/p>\n<p style=\"margin-bottom: 0.0001pt; text-align: justify; text-indent: 1cm; line-height: 16pt;\"><span style=\"font-size: 12pt; font-family: 'Arial',sans-serif;\">Eski AKP milletvekili, \u0130\u00e7i\u015fleri Bakan\u0131 ve AKP Genel Sekreteri <strong>\u0130dris Naim \u015eahin<\/strong>&rsquo;den, Kayseri E. Belediye Ba\u015fkan\u0131 <strong>\u015e\u00fckr\u00fc Karatepe<\/strong>&rsquo;ye&hellip; E. Adalet Bakan\u0131 ANAP&rsquo;l\u0131 <strong>M. Oltan Sungurlu<\/strong>&rsquo;dan Tarih\u00e7i <strong>Yusuf Hala\u00e7o\u011flu<\/strong>&rsquo;na&hellip; E. K\u00fclt\u00fcr Bakan\u0131 <strong>Nam\u0131k Kemal Zeybek<\/strong>&rsquo;ten Vali <strong>Dursun Ali \u015eahin<\/strong>&rsquo;e&hellip; E. \u00c7evre Bakan\u0131 ve DP Genel Ba\u015fkan Yard\u0131mc\u0131s\u0131 <strong>R\u0131za Ak\u00e7al\u0131<\/strong>&rsquo;dan, E. (AKP&rsquo;li) Ankara Milletvekili <strong>Haluk \u00d6zdalga<\/strong>&rsquo;ya&hellip; TBMM Ba\u015fkan Vekili <strong>Nuri Pakdil<\/strong>&rsquo;den Diyanet \u0130\u015fleri Ba\u015fkan Yard\u0131mc\u0131s\u0131 Prof. <strong>Saim Yeprem<\/strong>&rsquo;e ve de\u011ferli dostumuz G\u00f6z Doktoru<strong> Sel\u00e7uk Bulut&rsquo;<\/strong>a pek \u00e7ok eski AKP&rsquo;li ismi b\u00fcnyesinde bulu\u015fturan bu <strong><em>&ldquo;Yeni Olu\u015fum&rdquo;<\/em><\/strong> <strong>giri\u015fimi, iyice y\u0131pranan ve y\u0131k\u0131lmaya y\u00fcz tutan AKP&rsquo;nin yerine, yine Bat\u0131&rsquo;n\u0131n ve Masonik odaklar\u0131n g\u00fcd\u00fcm\u00fcnde yeni bir partile\u015fme haz\u0131rl\u0131\u011f\u0131 olmas\u0131nd\u0131?!&#8230;<\/strong><\/span><\/p>\n<p style=\"margin-bottom: 0.0001pt; text-align: justify; text-indent: 1cm; line-height: 16pt;\"><strong><span style=\"font-size: 12pt; font-family: 'Arial',sans-serif;\">Se\u00e7ime kadar bunlar m\u0131 olacakt\u0131?<\/span><\/strong><\/p>\n<p style=\"margin-bottom: 0.0001pt; text-align: justify; text-indent: 1cm; line-height: 16pt;\"><span style=\"font-size: 12pt; font-family: 'Arial',sans-serif;\"><strong><span style=\"font-size: 12pt; font-family: 'Arial',sans-serif;\"><strong><span style=\"font-size: 12pt; font-family: 'Arial',sans-serif;\"><strong><span style=\"font-size: 12pt; font-family: 'Arial',sans-serif;\"><span style=\"font-family: arial,helvetica,sans-serif; font-size: 18pt;\">.<\/span><\/span><\/strong><\/span><\/strong><\/span><\/strong> Abdullah G\u00fcl ve AKP&rsquo;den kopacak 20 isim yeni kurulup birle\u015fecek olan partilerin ba\u015f\u0131na ge\u00e7ecek ki bu projeye Saadet&rsquo;in dahil edilmesi d\u00fc\u015f\u00fcn\u00fclmektedir.<\/span><\/p>\n<p style=\"margin-bottom: 0.0001pt; text-align: justify; text-indent: 1cm; line-height: 16pt;\"><span style=\"font-size: 12pt; font-family: 'Arial',sans-serif;\"><strong><span style=\"font-size: 12pt; font-family: 'Arial',sans-serif;\"><strong><span style=\"font-size: 12pt; font-family: 'Arial',sans-serif;\"><strong><span style=\"font-size: 12pt; font-family: 'Arial',sans-serif;\"><span style=\"font-family: arial,helvetica,sans-serif; font-size: 18pt;\">.<\/span><\/span><\/strong><\/span><\/strong><\/span><\/strong> Se\u00e7ime yak\u0131n bir zaman diliminde T\u00fcrkiye&rsquo;nin kredi notu d\u00fc\u015f\u00fcr\u00fclecektir.<\/span><\/p>\n<p style=\"margin-bottom: 0.0001pt; text-align: justify; text-indent: 1cm; line-height: 16pt;\"><span style=\"font-size: 12pt; font-family: 'Arial',sans-serif;\"><strong><span style=\"font-size: 12pt; font-family: 'Arial',sans-serif;\"><strong><span style=\"font-size: 12pt; font-family: 'Arial',sans-serif;\"><strong><span style=\"font-size: 12pt; font-family: 'Arial',sans-serif;\"><span style=\"font-family: arial,helvetica,sans-serif; font-size: 18pt;\">.<\/span><\/span><\/strong><\/span><\/strong><\/span><\/strong> \u00d6n\u00fcm\u00fczdeki haftalardan itibaren \u00f6nemli merkezlerde art arda kitlesel ter\u00f6r katliamlar\u0131na giri\u015filecektir.<\/span><\/p>\n<p style=\"margin-bottom: 0.0001pt; text-align: justify; text-indent: 1cm; line-height: 16pt;\"><span style=\"font-size: 12pt; font-family: 'Arial',sans-serif;\"><strong><span style=\"font-size: 12pt; font-family: 'Arial',sans-serif;\"><strong><span style=\"font-size: 12pt; font-family: 'Arial',sans-serif;\"><strong><span style=\"font-size: 12pt; font-family: 'Arial',sans-serif;\"><span style=\"font-family: arial,helvetica,sans-serif; font-size: 18pt;\">.<\/span><\/span><\/strong><\/span><\/strong><\/span><\/strong> AKP taban\u0131nda se\u00e7imden sonra <strong>Numan Ba\u015fbakan<\/strong> r\u00fczg\u00e2rlar\u0131 estirilecektir.<\/span><\/p>\n<p style=\"margin-bottom: 0.0001pt; text-align: justify; text-indent: 1cm; line-height: 16pt;\"><span style=\"font-size: 12pt; font-family: 'Arial',sans-serif;\"><strong><span style=\"font-size: 12pt; font-family: 'Arial',sans-serif;\"><strong><span style=\"font-size: 12pt; font-family: 'Arial',sans-serif;\"><strong><span style=\"font-size: 12pt; font-family: 'Arial',sans-serif;\"><span style=\"font-family: arial,helvetica,sans-serif; font-size: 18pt;\">.<\/span><\/span><\/strong><\/span><\/strong><\/span><\/strong> Anayasa Mahkemesinin \u00f6n\u00fcn\u00fc a\u00e7aca\u011f\u0131 baraj tart\u0131\u015fmalar\u0131na h\u0131z verilecektir.<\/span><\/p>\n<p style=\"margin-bottom: 0.0001pt; text-align: justify; text-indent: 1cm; line-height: 16pt;\"><span style=\"font-size: 12pt; font-family: 'Arial',sans-serif;\"><strong><span style=\"font-size: 12pt; font-family: 'Arial',sans-serif;\"><strong><span style=\"font-size: 12pt; font-family: 'Arial',sans-serif;\"><strong><span style=\"font-size: 12pt; font-family: 'Arial',sans-serif;\"><span style=\"font-family: arial,helvetica,sans-serif; font-size: 18pt;\">.<\/span><\/span><\/strong><\/span><\/strong><\/span><\/strong> Abdullah \u00d6calan&rsquo;\u0131n \u0130mral\u0131 adas\u0131nda villa hapsine al\u0131nmas\u0131 kesinle\u015fecektir.<\/span><\/p>\n<p style=\"margin-bottom: 0.0001pt; text-align: justify; text-indent: 1cm; line-height: 16pt;\"><span style=\"font-size: 12pt; font-family: 'Arial',sans-serif;\"><strong><span style=\"font-size: 12pt; font-family: 'Arial',sans-serif;\"><strong><span style=\"font-size: 12pt; font-family: 'Arial',sans-serif;\"><strong><span style=\"font-size: 12pt; font-family: 'Arial',sans-serif;\"><span style=\"font-family: arial,helvetica,sans-serif; font-size: 18pt;\">.<\/span><\/span><\/strong><\/span><\/strong><\/span><\/strong> Fetullah G\u00fclen&rsquo;in merkezinde oldu\u011fu \u00f6rg\u00fct davas\u0131 a\u00e7\u0131lacak ve yarg\u0131 ile Emniyet&rsquo;ten \u00e7ok say\u0131da isim a\u00e7\u0131\u011fa al\u0131nacakt\u0131r.<\/span><\/p>\n<p style=\"margin-bottom: 0.0001pt; text-align: justify; text-indent: 1cm; line-height: 16pt;\"><span style=\"font-size: 12pt; font-family: 'Arial',sans-serif;\"><strong><span style=\"font-size: 12pt; font-family: 'Arial',sans-serif;\"><strong><span style=\"font-size: 12pt; font-family: 'Arial',sans-serif;\"><strong><span style=\"font-size: 12pt; font-family: 'Arial',sans-serif;\"><span style=\"font-family: arial,helvetica,sans-serif; font-size: 18pt;\">.<\/span><\/span><\/strong><\/span><\/strong><\/span><\/strong> F tipi yap\u0131ya kar\u015f\u0131 vergi incelemeleri gibi t\u00fcrl\u00fc finans operasyonlar\u0131 yap\u0131lacakt\u0131r.<\/span><\/p>\n<p style=\"margin-bottom: 0.0001pt; text-align: justify; text-indent: 1cm; line-height: 16pt;\"><span style=\"font-size: 12pt; font-family: 'Arial',sans-serif;\"><strong><span style=\"font-size: 12pt; font-family: 'Arial',sans-serif;\"><strong><span style=\"font-size: 12pt; font-family: 'Arial',sans-serif;\"><strong><span style=\"font-size: 12pt; font-family: 'Arial',sans-serif;\"><span style=\"font-family: arial,helvetica,sans-serif; font-size: 18pt;\">.<\/span><\/span><\/strong><\/span><\/strong><\/span><\/strong> F tipi \u00f6rg\u00fct ard\u0131ndaki k\u00fcresel irade ile beraber Tayyip&rsquo;e kar\u015f\u0131 taarruza ge\u00e7ip \u0130svi\u00e7re hesaplar\u0131 dahil pek \u00e7ok \u00f6zel konuda servisler yapacakt\u0131r.<\/span><\/p>\n<p style=\"margin-bottom: 0.0001pt; text-align: justify; text-indent: 1cm; line-height: 16pt;\"><span style=\"font-size: 12pt; font-family: 'Arial',sans-serif;\"><strong><span style=\"font-size: 12pt; font-family: 'Arial',sans-serif;\"><strong><span style=\"font-size: 12pt; font-family: 'Arial',sans-serif;\"><strong><span style=\"font-size: 12pt; font-family: 'Arial',sans-serif;\"><span style=\"font-family: arial,helvetica,sans-serif; font-size: 18pt;\">.<\/span><\/span><\/strong><\/span><\/strong><\/span><\/strong> CHP adaylar\u0131n\u0131 b\u00fcy\u00fck ekseriyetle merkezden belirleyecek ve bu durum partiyi se\u00e7im \u00f6ncesinde kaosa sokup y\u00fczde 10 tehdidi ile y\u00fcz y\u00fcze b\u0131rakacakt\u0131r.<\/span><\/p>\n<p style=\"margin-bottom: 0.0001pt; text-align: justify; text-indent: 1cm; line-height: 16pt;\"><span style=\"font-size: 12pt; font-family: 'Arial',sans-serif;\"><strong><span style=\"font-size: 12pt; font-family: 'Arial',sans-serif;\"><strong><span style=\"font-size: 12pt; font-family: 'Arial',sans-serif;\"><strong><span style=\"font-size: 12pt; font-family: 'Arial',sans-serif;\"><span style=\"font-family: arial,helvetica,sans-serif; font-size: 18pt;\">.<\/span><\/span><\/strong><\/span><\/strong><\/span><\/strong> PKK se\u00e7im \u00f6ncesinde verilen tavizleri yeterli bulmay\u0131p h\u00fck\u00fcmeti a\u00e7\u0131ktan tehdit edip yeni tavizler koparacakt\u0131r.<\/span><\/p>\n<p style=\"margin-bottom: 0.0001pt; text-align: justify; text-indent: 1cm; line-height: 16pt;\"><strong><span style=\"font-size: 12pt; font-family: 'Arial',sans-serif;\">Diyen eski \u00fclk\u00fcc\u00fc sa\u011fc\u0131 ve kom\u00fcnist d\u00fc\u015fman\u0131 sonra mason ve m\u00fcnaf\u0131k iktidarlar\u0131n ve i\u015fadamlar\u0131n\u0131n yalakas\u0131, \u015fimdi ise yeni ulusalc\u0131 militan\u0131 Sabahattin \u00d6nkibar, acaba bu bilgilere nas\u0131l ula\u015fm\u0131\u015ft\u0131?<\/span><\/strong><\/p>\n<p style=\"margin-bottom: 0.0001pt; text-align: justify; text-indent: 1cm; line-height: 16pt;\"><strong><span style=\"font-size: 12pt; font-family: 'Arial',sans-serif;\">Sonu\u00e7:<\/span><\/strong><\/p>\n<p style=\"margin-bottom: 0.0001pt; text-align: justify; text-indent: 1cm; line-height: 16pt;\"><strong><span style=\"font-size: 12pt; font-family: 'Arial',sans-serif;\">AKP&rsquo;nin da\u011f\u0131lmas\u0131 ka\u00e7\u0131n\u0131lmazd\u0131 ve ilahi adalet gere\u011fi, Milli G\u00f6r\u00fc\u015f&rsquo;e yapt\u0131klar\u0131 h\u0131yanet benzeri bir giri\u015fimle mutlaka kar\u015f\u0131la\u015f\u0131lacakt\u0131. Ancak bu par\u00e7alanmadan parsa kapmay\u0131 uman istismarc\u0131 f\u0131rsat\u00e7\u0131lar da yan\u0131lmaktayd\u0131. Evet, art\u0131k AKP da\u011f\u0131lacakt\u0131, s\u00f6m\u00fcr\u00fc saltanat\u0131 y\u0131k\u0131lacakt\u0131; ama yerine milli ve haysiyetli bir s\u00fcre\u00e7 ba\u015flayacakt\u0131.<\/span><\/strong><\/p>\n<p style=\"margin-bottom: 0.0001pt; text-align: justify; text-indent: 1cm; line-height: 16pt;\"><strong><span style=\"font-size: 12pt; font-family: 'Arial',sans-serif;\">Karakteri malum B\u00fclent Ar\u0131n\u00e7&rsquo;\u0131n, s\u00f6zde \u00e7\u00f6z\u00fcm s\u00fcreci ve izleme komitesiyle ilgili Sn. Cumhurba\u015fkan\u0131na <em>&ldquo;H\u00fck\u00fcmetin i\u015fine kar\u0131\u015fma!&rdquo;<\/em> \u00e7\u0131k\u0131\u015f\u0131ndan sonra; y\u0131llard\u0131r AKP&rsquo;nin Ankara Belediye Ba\u015fkan\u0131 olan Melih G\u00f6k\u00e7ek&rsquo;i <em>&ldquo;Hileli ve ak\u00e7eli i\u015flere bula\u015fmak ve haks\u0131z kazan\u00e7 sa\u011flamak&rdquo;<\/em>la su\u00e7lamas\u0131 ve kar\u015f\u0131l\u0131kl\u0131 sata\u015f\u0131p i\u00e7lerini kusmalar\u0131, parti i\u00e7inde Erdo\u011fanc\u0131larla gizli Fetullah\u00e7\u0131lar\u0131n ve Abdullah G\u00fcl tak\u0131m\u0131n\u0131n liste sava\u015flar\u0131n\u0131 yans\u0131tmaktayd\u0131&hellip; Ve bu yama, art\u0131k diki\u015f tutmazd\u0131!..<\/span><\/strong><\/p>\n<p>\u00a0<\/p>\n<hr style=\"text-align: left;\" size=\"1\" width=\"33%\" \/>\n<p style=\"margin-bottom: 0.0001pt; text-align: justify; line-height: normal;\"><a href=\"#ftnref1\" id=\"ftnref1\" name=\"ftn1\" style=\"vertical-align: super;\">[1]<\/a><span style=\"font-size: 9pt; font-family: 'Arial',sans-serif;\"> Ahmet Yavuz, Milli Gazete, 24 Kas\u0131m 2014<\/span><\/p>\n<p style=\"margin-bottom: 0.0001pt; text-align: justify; line-height: normal;\"><a href=\"#ftnref2\" id=\"ftnref2\" name=\"ftn2\" style=\"vertical-align: super;\">[2]<\/a><span style=\"font-size: 9pt; font-family: 'Arial',sans-serif;\"> 01.12.2014, Radikal<\/span><\/p>\n<p style=\"margin-bottom: 0.0001pt; text-align: justify; line-height: normal;\"><a href=\"#ftnref3\" id=\"ftnref3\" name=\"ftn3\" style=\"vertical-align: super;\">[3]<\/a><span style=\"font-size: 9pt; font-family: 'Arial',sans-serif;\"> 28.11.2014, Yeni \u015eafak<\/span><\/p>\n<p style=\"margin-bottom: 0.0001pt; text-align: justify; line-height: normal;\"><a href=\"#ftnref4\" id=\"ftnref4\" name=\"ftn4\" style=\"vertical-align: super;\">[4]<\/a><span style=\"font-size: 9pt; font-family: 'Arial',sans-serif;\"> 27 Kas\u0131m 2014, Sabah<\/span><\/p>\n","protected":false},"excerpt":{"rendered":"<p>. Evet AKP d\u00f6neminde \u00e7ok g\u00fczel duble yollar yap\u0131lm\u0131\u015ft\u0131, ama l\u00fctfen iz&rsquo;an ve insafla d\u00fc\u015f\u00fcn\u00fcn; bunlar, her y\u0131l milyarlarca dolar verip sat\u0131n ald\u0131\u011f\u0131m\u0131z yabanc\u0131 otomobil firmalar\u0131n\u0131n m\u0131 yoksa halk\u0131m\u0131z\u0131n m\u0131 daha \u00e7ok i\u015fine yarard\u0131? Sn. Erdo\u011fan defalarca g\u00fcndeme ta\u015f\u0131mas\u0131na ra\u011fmen, s\u0131radan \u00fclkeler kadar dahi olamam\u0131\u015f, hala bir yerli otomobil bile yapamam\u0131\u015ft\u0131. . Ve yine sizlerin [&hellip;]<\/p>\n","protected":false},"author":4,"featured_media":0,"comment_status":"open","ping_status":"closed","sticky":false,"template":"","format":"standard","meta":{"footnotes":""},"categories":[176],"tags":[],"class_list":["post-3266","post","type-post","status-publish","format-standard","hentry","category-mayis-2015"],"_links":{"self":[{"href":"https:\/\/www.millicozum.com\/mc\/wp-json\/wp\/v2\/posts\/3266","targetHints":{"allow":["GET"]}}],"collection":[{"href":"https:\/\/www.millicozum.com\/mc\/wp-json\/wp\/v2\/posts"}],"about":[{"href":"https:\/\/www.millicozum.com\/mc\/wp-json\/wp\/v2\/types\/post"}],"author":[{"embeddable":true,"href":"https:\/\/www.millicozum.com\/mc\/wp-json\/wp\/v2\/users\/4"}],"replies":[{"embeddable":true,"href":"https:\/\/www.millicozum.com\/mc\/wp-json\/wp\/v2\/comments?post=3266"}],"version-history":[{"count":0,"href":"https:\/\/www.millicozum.com\/mc\/wp-json\/wp\/v2\/posts\/3266\/revisions"}],"wp:attachment":[{"href":"https:\/\/www.millicozum.com\/mc\/wp-json\/wp\/v2\/media?parent=3266"}],"wp:term":[{"taxonomy":"category","embeddable":true,"href":"https:\/\/www.millicozum.com\/mc\/wp-json\/wp\/v2\/categories?post=3266"},{"taxonomy":"post_tag","embeddable":true,"href":"https:\/\/www.millicozum.com\/mc\/wp-json\/wp\/v2\/tags?post=3266"}],"curies":[{"name":"wp","href":"https:\/\/api.w.org\/{rel}","templated":true}]}}