{"id":3275,"date":"2015-04-30T16:32:22","date_gmt":"2015-04-30T16:32:22","guid":{"rendered":"https:\/\/www.millicozum.com\/mc\/2015\/04\/30\/ahmet-akgul-hocamizin-28-nisan-2-mayis-afyon-milli-cozum-kampi-sohbet-konusmasi-video-cozumu\/"},"modified":"2015-04-30T16:32:22","modified_gmt":"2015-04-30T16:32:22","slug":"memleketin-manzarasi-ders-vermenin-tam-sirasi","status":"publish","type":"post","link":"https:\/\/www.millicozum.com\/mc\/2015\/mayis-2015\/memleketin-manzarasi-ders-vermenin-tam-sirasi\/","title":{"rendered":"Memleketin Manzaras\u0131 DERS VERMEN\u0130N TAM SIRASI!"},"content":{"rendered":"\n<p><span style=\"font-family: arial,helvetica,sans-serif; font-size: 12pt;\"><\/span><\/p>\n<p style=\"margin-bottom: 0.0001pt; text-align: center; text-indent: 1cm; line-height: 16pt;\"><strong><span style=\"font-size: 14pt; line-height: 115%; font-family: Arial, sans-serif;\">AHMET AKG&Uuml;L Hocam\u0131z\u0131n 28 Nisan-2 May\u0131s Afyon Milli &Ccedil;&ouml;z&uuml;m Kamp\u0131 Sohbet Konu\u015fmas\u0131 (Video &Ccedil;&ouml;z&uuml;m&uuml;)<\/span><\/strong><\/p>\n<p style=\"margin-bottom: 0.0001pt; text-align: center; text-indent: 1cm; line-height: 16pt;\"><span style=\"font-family: arial, helvetica, sans-serif; font-size: 18pt;\"><strong>Memleketin Manzaras\u0131<\/strong><\/span><\/p>\n<p style=\"margin-bottom: 0.0001pt; text-align: center; text-indent: 1cm; line-height: 16pt;\"><span style=\"font-family: arial, helvetica, sans-serif; font-size: 18pt;\"><strong>DERS VERMEN\u0130N TAM SIRASI!<\/strong><\/span><\/p>\n<p style=\"margin-bottom: 0.0001pt; text-align: justify; text-indent: 1cm; line-height: 16pt;\">&nbsp;<\/p>\n<p style=\"margin-bottom: 0.0001pt; text-align: justify; text-indent: 1cm; line-height: 16pt;\"><span style=\"font-size: 12pt; font-family: arial,helvetica,sans-serif;\">\u0130n\u015fallah hay\u0131rl\u0131 ve yararl\u0131 olacak bu Milli &Ccedil;&ouml;z&uuml;m E\u011fitim Kamp\u0131na, &ouml;nc&uuml;l&uuml;k yapanlara, haz\u0131rl\u0131klara kat\u0131lanlara ve aileleriyle bu toplant\u0131lar\u0131m\u0131za te\u015frif buyuranlara tebrik ve takdirlerimi sunuyor ve Cenab-\u0131 Hakka sonsuz \u015f&uuml;k&uuml;rlerimi arz ederek ba\u015fl\u0131yorum. 5 g&uuml;nl&uuml;k program &ccedil;er&ccedil;evesinde <strong>Ekonomik Adil D&uuml;zen, Adil D&uuml;zen&rsquo;de Siyaset ve H&uuml;k&uuml;met, Adil D&uuml;zen&rsquo;de E\u011fitim Kurumlar\u0131 ve Kurallar\u0131 ve Adil D&uuml;zen&rsquo;de Ahlaki Yap\u0131lanma ve Sorumluluklar\u0131 <\/strong>konular\u0131n\u0131 kendi sahalar\u0131nda uzman olan, bu konular\u0131 &uuml;niversitelerde doktora tezi olarak haz\u0131rlayan ve Adil D&uuml;zen ve Yeni Bir D&uuml;nya kitab\u0131m\u0131z\u0131n \u0130ngilizce &ccedil;evirisini yap\u0131p, in\u015fallah 20 &uuml;lkede okunmas\u0131n\u0131 sa\u011flayan arkada\u015flar\u0131m\u0131za, ayr\u0131ca sohbetleriyle bizleri rahatlatacak de\u011ferli yazarlar\u0131m\u0131za da te\u015fekk&uuml;r ediyor, bu e\u011fitim kamp\u0131m\u0131z\u0131n ve bilimsel toplant\u0131lar\u0131m\u0131z\u0131n ba\u015far\u0131l\u0131 ve ayd\u0131nlat\u0131c\u0131 olmas\u0131n\u0131 diliyorum. <\/span><\/p>\n<p style=\"margin-bottom: 0.0001pt; text-align: justify; text-indent: 1cm; line-height: 16pt;\"><span style=\"font-size: 12pt; font-family: arial,helvetica,sans-serif;\">&Ouml;nce <strong><em>&ldquo;burada ne ar\u0131yoruz?&rdquo;<\/em><\/strong> sorusunun yan\u0131t\u0131yla ba\u015flayal\u0131m. Hem d&uuml;nyada, Milli birlik ve dirli\u011fimiz, yani huzur, h&uuml;rriyet ve haysiyetimiz i&ccedil;in; hem de ahirette Rabbimize hesap verece\u011fimiz i&ccedil;in, bir sorumluluk duygusu ve dayan\u0131\u015fma gayesiyle toplan\u0131yor ve i\u015fte bu nedenle Milli &Ccedil;&ouml;z&uuml;m Dergimizi &ccedil;\u0131kar\u0131yoruz. &Ouml;zellikle <strong><em>&ldquo;Manevi tamirat k\u0131l\u0131fl\u0131 \u0130slami tahribat&rdquo; <\/em><\/strong>yapanlar\u0131 uyarmaya ve topluma tan\u0131tmaya &ccedil;al\u0131\u015f\u0131yoruz. Kur&rsquo;ani &ouml;l&ccedil;&uuml;lere g&ouml;re ve halis niyetlerle yapt\u0131\u011f\u0131m\u0131z takdirde, bu &ccedil;abalar\u0131m\u0131zda isabet edersek iki, yan\u0131l\u0131rsak bir sevap alaca\u011f\u0131m\u0131z\u0131 umuyoruz. Bu ba\u011flamda Dine ve davaya zarar verdi\u011fimiz zann\u0131yla bize kar\u015f\u0131 &ccedil;\u0131kanlara da pe\u015finen te\u015fekk&uuml;rlerimizi sunuyor ve hakk\u0131m\u0131z\u0131 helal ediyoruz. Ama l&uuml;tfen bu karar\u0131 vermeden &ouml;nce bir sefer olsun yaz\u0131p konu\u015ftuklar\u0131m\u0131z\u0131 okumalar\u0131n\u0131 istirham ediyoruz.<\/span><\/p>\n<p style=\"margin-bottom: 0.0001pt; text-align: justify; text-indent: 1cm; line-height: 16pt;\"><span style=\"font-family: arial,helvetica,sans-serif; font-size: 12pt;\"><strong>Aziz dostlar! Bir davan\u0131n dertlisi olmayan derinli\u011fine varamaz! Rahmetli Erbakan Hocam\u0131z, imam\u0131m\u0131z ve &uuml;stad\u0131m\u0131z; <em>&ldquo;Cihat delisi olanlar kazan\u0131r!&rdquo; <\/em>buyururlard\u0131. Cihat delisi olmak; farkl\u0131 din ve d&uuml;\u015f&uuml;nceden, ayr\u0131 k&uuml;lt&uuml;r ve k&ouml;kenden b&uuml;t&uuml;n insanlar\u0131n mutlu ve onurlu ya\u015fayaca\u011f\u0131 bir Adil D&uuml;zeni kurma sevdas\u0131n\u0131 ta\u015f\u0131mak, yani kutlu davas\u0131na ve Mehdiyet ink\u0131l&acirc;b\u0131na &acirc;\u015f\u0131k olmakt\u0131r. &Ccedil;\u0130N&rsquo;de, &ccedil;ok y&uuml;ksek teknolojik ara&ccedil;lar ve bilimsel ara\u015ft\u0131rmalar sonucu <em>&ldquo;Bir kad\u0131na &acirc;\u015f\u0131k olanlar\u0131n ve bir konuya tutkuyla ba\u011flananlar\u0131n beyinlerinde en az 15-20 merkezin uyan\u0131kl\u0131\u011f\u0131 aktif oldu\u011fu, buna kar\u015f\u0131l\u0131k dertsiz ve ilgisiz insanlar\u0131n beyinlerinde sadece bir iki merkezin hareketli bulundu\u011fu&rdquo;<\/em> sonucuna var\u0131lm\u0131\u015ft\u0131r. Yani Hak dava &acirc;\u015f\u0131klar\u0131n\u0131n ve sad\u0131klar\u0131n\u0131n beyni bilinci, bilgeli\u011fi, feraset ve basireti artmaktad\u0131r. <\/strong><\/span><\/p>\n<p style=\"margin-bottom: 0.0001pt; text-align: justify; text-indent: 1cm; line-height: 16pt;\"><span style=\"font-size: 12pt; font-family: arial,helvetica,sans-serif;\">Evet, Allah davas\u0131na sad\u0131k ve Mevla&rsquo;s\u0131na &acirc;\u015f\u0131k insanlar\u0131n; alg\u0131lar\u0131, anlay\u0131\u015flar\u0131, f\u0131k\u0131hlar\u0131-yani kavray\u0131\u015flar\u0131 ve olaylar\u0131 yorumlama zek&acirc;lar\u0131 nurlan\u0131p a&ccedil;\u0131lmaktad\u0131r. Bak\u0131n\u0131z Frankfurt&rsquo;ta, Avrupa Merkez Bankas\u0131&rsquo;n\u0131n a&ccedil;\u0131l\u0131\u015f\u0131na kar\u015f\u0131 &ccedil;\u0131kan ve <strong><em>&ldquo;Almanya tarih oluyor ve s&ouml;m&uuml;r&uuml; sermayesinin g&uuml;d&uuml;m&uuml;ne giriyor!&rdquo;<\/em><\/strong> diye, on binlerce ki\u015finin protestosu ac\u0131mas\u0131zca bast\u0131r\u0131lm\u0131\u015f, onlarca polis arabas\u0131 yak\u0131lm\u0131\u015f, 50 kadar polis yaralanm\u0131\u015f, 160 g&ouml;sterici hastaneye kald\u0131r\u0131lm\u0131\u015f, 350 ki\u015fi tutuklanm\u0131\u015f, ama hem Alman medyas\u0131 hem de yerli Mason medyas\u0131 buna g&ouml;z&uuml;n&uuml; kula\u011f\u0131n\u0131 kapam\u0131\u015ft\u0131r. Ve daha ac\u0131s\u0131, <strong><em>&ldquo;AB&rsquo;ye girmek bizim stratejik hedefimizdir!&rdquo; <\/em><\/strong>diyen AKP, hala dindar halk\u0131m\u0131zdan alk\u0131\u015f ve oy almaktad\u0131r. <\/span><\/p>\n<p style=\"margin-bottom: 0.0001pt; text-align: justify; text-indent: 1cm; line-height: 16pt;\"><span style=\"font-family: arial,helvetica,sans-serif; font-size: 12pt;\"><strong>Hi&ccedil; kimse kalk\u0131p ta: Ya hu bug&uuml;n hi&ccedil; y&uuml;z&uuml; k\u0131zarmadan <em>&ldquo;Cemaat beni 11 y\u0131l aldatt\u0131&rdquo;<\/em> diyenlerin yar\u0131n &ccedil;\u0131k\u0131p: <em>&ldquo;Yahu \u015fu Abdullah &Ouml;calan da beni kand\u0131r\u0131p kulland\u0131!&rdquo;<\/em> demeyece\u011finin garantisi var m\u0131? diye sormamaktad\u0131r. Sn. Cumhurba\u015fkan\u0131, kendi ba\u015flatt\u0131\u011f\u0131 ve en b&uuml;y&uuml;k ba\u015far\u0131s\u0131 sayd\u0131\u011f\u0131 &Ccedil;&ouml;z&uuml;m S&uuml;reci ve \u0130mral\u0131 heyetiyle ilgili, daha \u015fimdiden kar\u015f\u0131 tav\u0131r almaya ve bu giri\u015fimleri yanl\u0131\u015f buldu\u011funu a&ccedil;\u0131klamaya ba\u015flad\u0131. Acaba bu a&ccedil;\u0131k bir tutars\u0131zl\u0131k m\u0131d\u0131r, yoksa &ccedil;ifte standart yani ikili oynamak m\u0131d\u0131r? \u0130n\u015fallah tarihi yanl\u0131\u015fl\u0131k ve tahribatlar\u0131n\u0131n fark\u0131na varm\u0131\u015ft\u0131r! Hatta ter&ouml;ristba\u015f\u0131 &Ouml;calan&rsquo;\u0131n Nevruz gibi mesajlar\u0131 &ouml;nce H&uuml;k&uuml;met&rsquo;e ula\u015fmakta d&uuml;zeltilip de\u011fi\u015ftirilmeler yap\u0131lmakta, sonra halka okunmakta; ama hi&ccedil; utanmadan bir de AKP&rsquo;li yetkililer kalk\u0131p bu mesajlara kar\u015f\u0131 &ccedil;\u0131kmaktad\u0131r.<\/strong><\/span><\/p>\n<p style=\"margin-bottom: 0.0001pt; text-align: justify; text-indent: 1cm; line-height: 16pt;\"><span style=\"font-family: arial, helvetica, sans-serif; font-size: 14pt;\"><strong>Siyonist senaryoda dindarl\u0131k rol&uuml; oynayanlar m&uuml;naf\u0131kt\u0131r<\/strong><\/span><\/p>\n<p style=\"margin-bottom: 0.0001pt; text-align: justify; text-indent: 1cm; line-height: 16pt;\"><span style=\"font-family: arial,helvetica,sans-serif; font-size: 12pt;\"><strong>Maalesef b&uuml;t&uuml;n d&uuml;nya bir Siyonist tiyatrosuna &ccedil;evrilmi\u015f durumdad\u0131r. Bu zul&uuml;m ve s&ouml;m&uuml;r&uuml; tiyatrosunda, Siyonist Yahudilerin yazd\u0131\u011f\u0131 senaryoda, devlet, parti (siyaset) ve b&uuml;y&uuml;k \u015firket y&ouml;neticilerinin kimisi H\u0131ristiyanl\u0131k, kimisi M&uuml;sl&uuml;manl\u0131k, kimisi Putatap\u0131c\u0131l\u0131k, kimisi solculuk kimisi de sa\u011fc\u0131l\u0131k rol&uuml; oynamaktad\u0131r. Halk ise kendilerinden sand\u0131\u011f\u0131 bu y&ouml;neticilerin kurus\u0131k\u0131 palavralar\u0131 ve g&ouml;n&uuml;l ok\u015fay\u0131c\u0131 propagandalar\u0131 ile oyalan\u0131p avutulmaktad\u0131r. Gizli D&uuml;nya Devleti; dolardan modaya, finans kurumlar\u0131ndan medyaya, silah ve sanayi fabrikalar\u0131ndan sinemaya, Birle\u015fmi\u015f Milletlerden NATO&rsquo;ya, GDO&rsquo;lu g\u0131dadan me\u015frubatlara hemen her \u015feyi kontrol&uuml;ne alm\u0131\u015f bulunmaktad\u0131r. Bug&uuml;n insanl\u0131k ekonomik ve siyasi y&ouml;nden bunalm\u0131\u015ft\u0131r, sosyal tufanlar ba\u015flam\u0131\u015ft\u0131r, &ouml;zellikle \u0130slam co\u011frafyas\u0131 anar\u015fi, i&ccedil; sava\u015f, i\u015fgal alt\u0131nda buhrandad\u0131r. Art\u0131k tarihi bir patlama ve hesapla\u015fma ka&ccedil;\u0131n\u0131lmazd\u0131r, mevcut Siyonist sistem mutlaka y\u0131k\u0131lacak, Adil D&uuml;zen kurulacakt\u0131r. Bu kutlu d&ouml;n&uuml;\u015f&uuml;m, derin dengelerin yer de\u011fi\u015ftirmesi \u015feklinde olacak ve umar\u0131z kan d&ouml;k&uuml;lmeden ba\u015far\u0131ya ula\u015facakt\u0131r. &Ccedil;&uuml;nk&uuml;, ABD, \u0130srail ve NATO g&uuml;&ccedil;lerinin; n&uuml;kleer ba\u015fl\u0131kl\u0131 f&uuml;zelerini ve di\u011fer sald\u0131r\u0131 sistemlerini kilitleyip &ccedil;al\u0131\u015fmaz hale getirecek, u&ccedil;ak gemilerini ele ge&ccedil;irecek teknoloji harikalar\u0131 haz\u0131rlan\u0131p tamamlanm\u0131\u015ft\u0131r.<\/strong><\/span><\/p>\n<p style=\"margin-bottom: 0.0001pt; text-align: justify; text-indent: 1cm; line-height: 16pt;\"><span style=\"font-family: arial, helvetica, sans-serif; font-size: 14pt;\"><strong>B&uuml;t&uuml;n d&uuml;nya, 13 Yahudi ailesinin &ccedil;iftli\u011fi konumundad\u0131r.<\/strong><\/span><\/p>\n<p style=\"margin-bottom: 0.0001pt; text-align: justify; text-indent: 1cm; line-height: 16pt;\"><span style=\"font-size: 12pt; font-family: arial,helvetica,sans-serif;\">Sivil toplum &ouml;rg&uuml;t&uuml; <em>\u0130ntermon Oxfam<\/em>&#8216;\u0131n raporunda, <strong>d&uuml;nyadaki zenginli\u011fin neredeyse yar\u0131s\u0131n\u0131n (y&uuml;zde 46) d&uuml;nya n&uuml;fusunun y&uuml;zde 1&#8217;inin elinde oldu\u011fu<\/strong> ortaya &ccedil;\u0131kar\u0131lm\u0131\u015ft\u0131. Davos&#8217;ta, 22 Ocak&#8217;ta ba\u015flayan D&uuml;nya Ekonomi Forumu &ouml;ncesinde ilgin&ccedil; k\u0131yaslamalar yap\u0131lan raporda, d&uuml;nyan\u0131n en zengin y&uuml;zde 1&#8217;lik n&uuml;fusunun zenginli\u011finin, d&uuml;nya n&uuml;fusunun en fakir yar\u0131s\u0131n\u0131n toplam zenginli\u011finin 65 kat\u0131na denk geldi\u011fi a&ccedil;\u0131klanm\u0131\u015ft\u0131. Raporda, d&uuml;nyadaki fakir n&uuml;fusun yar\u0131s\u0131n\u0131n gelirinin d&uuml;nyan\u0131n en zengini olan 85 ki\u015finin varl\u0131\u011f\u0131na ula\u015fmad\u0131\u011f\u0131, 2009&#8217;dan itibaren ABD&#8217;deki y&uuml;zde 1&#8217;lik en zengin n&uuml;fus daha fazla zenginle\u015firken d&uuml;nyadaki fakir n&uuml;fusun y&uuml;zde 90&#8217;\u0131n\u0131n daha da fakirle\u015fti\u011fi aktar\u0131lm\u0131\u015ft\u0131. D&uuml;nyadaki sosyal dengenin ge&ccedil;mi\u015fte &ouml;rne\u011fi g&ouml;r&uuml;lmemi\u015f bir \u015fekilde bozuldu\u011fu saptanan raporda, zenginler ve fakirler aras\u0131ndaki korkun&ccedil; u&ccedil;urumlar\u0131n, geri d&ouml;n&uuml;\u015f&uuml; olmayan bir s&uuml;reklili\u011fe girme tehdidiyle kar\u015f\u0131 kar\u015f\u0131ya oldu\u011fu vurgulanm\u0131\u015ft\u0131. Raporun sonu&ccedil; metninde <strong><em>&#8220;Ekonominin elit k\u0131sm\u0131, ekonomi oyununun kurallar\u0131n\u0131 istedikleri gibi de\u011fi\u015ftirebilmek i&ccedil;in siyaset g&uuml;c&uuml;n&uuml; tutsak alm\u0131\u015ft\u0131r&#8221;<\/em><\/strong> tespiti yer alm\u0131\u015ft\u0131. <strong>Bu raporda, d&uuml;nyan\u0131n %1&rsquo;lik en zengin tabakas\u0131n\u0131n toplam servetinin yar\u0131dan fazlas\u0131n\u0131n 13 Yahudi ailesinin elinde bulundu\u011fu ger&ccedil;e\u011fi ise, malum korkular ve bask\u0131lar y&uuml;z&uuml;nden saklanm\u0131\u015ft\u0131.<\/strong><\/span><\/p>\n<p style=\"margin-bottom: 0.0001pt; text-align: justify; text-indent: 1cm; line-height: 16pt;\"><span style=\"font-family: arial, helvetica, sans-serif; font-size: 14pt;\"><strong>Sabah namaz\u0131n\u0131, ama medya e\u015fli\u011finde Hac\u0131 Bayram&rsquo;da k\u0131lacak kadar dindar Davuto\u011flu, Siyonist CFR&rsquo;ye s\u0131\u011f\u0131nm\u0131\u015ft\u0131!<\/strong><\/span><\/p>\n<p style=\"margin-bottom: 0.0001pt; text-align: justify; text-indent: 1cm; line-height: 16pt;\"><span style=\"font-size: 12pt; font-family: arial,helvetica,sans-serif;\">Siyonist s&ouml;m&uuml;r&uuml; sermayesinin g&uuml;d&uuml;m&uuml;ndeki ABD&rsquo;nin faizleri artt\u0131raca\u011f\u0131n\u0131 a&ccedil;\u0131klamas\u0131ndan sonra s\u0131cak paran\u0131n yava\u015f yava\u015f ka&ccedil;t\u0131\u011f\u0131 T&uuml;rkiye, yeni bor&ccedil;lar bulmak ve yabanc\u0131 yat\u0131r\u0131mc\u0131lar\u0131 T&uuml;rkiye&rsquo;den gitmemeye ikna etmek i&ccedil;in k&uuml;resel rantiyenin kap\u0131s\u0131n\u0131 &ccedil;alm\u0131\u015ft\u0131. Yahudi lobisinin en etkili ve tehlikeli kurulu\u015flar\u0131ndan <strong>CFR<\/strong>&rsquo;nin <strong>(Council on Foregin Affairs-D\u0131\u015f \u0130li\u015fkiler Konseyi) <\/strong>4-7 Mart tarihlerindeki y\u0131ll\u0131k kurumsal toplant\u0131s\u0131na &ldquo;Onur Konu\u011fu&rdquo; yaftas\u0131yla kat\u0131lan Ba\u015fbakan Ahmet Davuto\u011flu, hem <strong>Citibank<\/strong> ve <strong>Goldman Sachs&nbsp;<\/strong>gibi k&uuml;resel rantiye \u015firketlerine, <strong><em>&ldquo;T&uuml;rkiye, ekonomik dinamizm ve siyasi istikrar a&ccedil;\u0131s\u0131ndan gelecek i&ccedil;in size umut vadeden bir &uuml;lke, gelin yat\u0131r\u0131m yap\u0131n&rdquo;<\/em><\/strong> diye yalvarm\u0131\u015f, hem de yabanc\u0131 yat\u0131r\u0131mc\u0131lar i&ccedil;in referans niteli\u011finde olan Siyonist CFR&rsquo;nin deste\u011fini almaya &ccedil;al\u0131\u015fm\u0131\u015ft\u0131. Ba\u015fbakan Davuto\u011flu, CFR&rsquo;de<strong><em>&ldquo;s&ouml;zl&uuml;ye kalkm\u0131\u015f bir &ouml;\u011frenci&rdquo;<\/em><\/strong> gibi Siyonist lobinin sorular\u0131n\u0131 yan\u0131tlam\u0131\u015ft\u0131. Davuto\u011flu, &ldquo;Onur Konu\u011fu&rdquo; pozuyla kat\u0131ld\u0131\u011f\u0131 program\u0131n moderat&ouml;r&uuml; <strong>CFR Ba\u015fkan\u0131 Richard N. Haass<\/strong>&rsquo;\u0131n i&ccedil; g&uuml;venlik paketine dair sorusunu yan\u0131tlay\u0131p, <strong><em>&ldquo;kom\u015fularla s\u0131f\u0131r sorun&rdquo;<\/em><\/strong> palavras\u0131yla ilgili a&ccedil;\u0131klamalar yapm\u0131\u015ft\u0131. Siyonist <strong>Haass<\/strong>, T&uuml;rkiye&rsquo;nin i&ccedil; meselelerine dair sorular\u0131n ard\u0131ndan daha da ileri giderek, Davuto\u011flu&rsquo;nu, <strong>&ldquo;Rusya ile ili\u015fkilerinizde sorun yoksa, bu da bizim i&ccedil;in bir sorun say\u0131l\u0131r. T&uuml;rkiye&rsquo;nin Rusya&rsquo;dan tam ba\u011f\u0131ms\u0131z hareket etti\u011fini savunuyorsunuz ama bizim buradan g&ouml;rd&uuml;\u011f&uuml;m&uuml;z do\u011falgaz ihtiyac\u0131n\u0131z\u0131n y&uuml;zde 60&rsquo;\u0131n\u0131 Rusya&rsquo;dan kar\u015f\u0131l\u0131yorsunuz. T&uuml;rkiye, Rusya&rsquo;n\u0131n Ukrayna&rsquo;da sebep oldu\u011fu sorundan dolay\u0131 izole edilmesini istemiyor&rdquo;<\/strong> \u015feklinde su&ccedil;layacak kadar k&uuml;stahla\u015fm\u0131\u015ft\u0131.<\/span><\/p>\n<p style=\"margin-bottom: 0.0001pt; text-align: justify; text-indent: 1cm; line-height: 16pt;\"><span style=\"font-family: arial, helvetica, sans-serif; font-size: 14pt;\"><strong>Faiz belas\u0131 ve bor&ccedil; bata\u011f\u0131<\/strong><\/span><\/p>\n<p style=\"margin-bottom: 0.0001pt; text-align: justify; text-indent: 1cm; line-height: 16pt;\"><span style=\"font-family: arial,helvetica,sans-serif; font-size: 12pt;\"><strong>12 y\u0131ll\u0131k AKP iktidar\u0131 boyunca, halk\u0131m\u0131z kas\u0131tl\u0131 ve planl\u0131 bir <em>&ldquo;Beyin y\u0131kay\u0131p faizli krediyle bor&ccedil;land\u0131rma&rdquo; <\/em>s&uuml;reciyle %80&rsquo;i &ccedil;o\u011fu Yahudi olan yabanc\u0131lar\u0131n elindeki bankalara bor&ccedil;land\u0131r\u0131lm\u0131\u015f, T&uuml;rkiye <em>&ldquo;gizli s&ouml;m&uuml;rge &uuml;lkesine&rdquo;<\/em> toplum ise, t&uuml;ketim te\u015fvikiyle &ldquo;Siyonist sermaye k&ouml;lesine&rdquo; &ccedil;evrilmi\u015f durumdad\u0131r. Memurundan i\u015f&ccedil;isine, esnaf\u0131ndan k&ouml;yl&uuml;s&uuml;ne, tam 16 milyona yak\u0131n insan\u0131m\u0131z; ev, araba, mobilya sahibi olma ve tatil yapma hevesiyle bankalara bor&ccedil;land\u0131r\u0131lm\u0131\u015f, yani faizci vah\u015fi kapitalizmin uzaktan kumandal\u0131 kuklalar\u0131 konumuna ta\u015f\u0131nm\u0131\u015ft\u0131r. B&ouml;ylece faizli krediye bula\u015ft\u0131r\u0131lan her vatanda\u015f\u0131n en az gelecek 10 (on) y\u0131l\u0131n\u0131n b&uuml;t&uuml;n kazanc\u0131 ve ayl\u0131\u011f\u0131 pe\u015finen ipotek alt\u0131na al\u0131nm\u0131\u015ft\u0131r. <\/strong><\/span><\/p>\n<p style=\"margin-bottom: 0.0001pt; text-align: justify; text-indent: 1cm; line-height: 16pt;\"><span style=\"font-family: arial,helvetica,sans-serif; font-size: 12pt;\"><strong>Bug&uuml;n devlet dairelerinde, belediyelerde ve &ouml;zel sekt&ouml;rde &ccedil;al\u0131\u015fan kesim, art\u0131k ayba\u015f\u0131nda bankamatik s\u0131ralar\u0131 olu\u015fturmamaktad\u0131r; &ccedil;&uuml;nk&uuml; maa\u015flar\u0131n\u0131n tamam\u0131 zaten faizli kredi bor&ccedil;lar\u0131na mahsuben kesilmi\u015f bulunmaktad\u0131r. Art\u0131k en zaruri ihtiya&ccedil;lar\u0131n\u0131 bile kar\u015f\u0131lamakta zorlanan i\u015f&ccedil;i ve memur kesimi, mecburen han\u0131mlar\u0131na &ndash;ne olursa olsun- i\u015f bulma tela\u015f\u0131na kap\u0131lmakta, bu da aile yap\u0131s\u0131n\u0131n sars\u0131lmas\u0131na, yuvalar\u0131n da\u011f\u0131lmas\u0131na, psikolojik bunal\u0131mlar\u0131n artmas\u0131na ve k\u0131skan&ccedil;l\u0131k katliamlar\u0131na yol a&ccedil;maktad\u0131r; &ccedil;&uuml;nk&uuml; namus d&uuml;\u015fmanlar\u0131na ve f\u0131rsat istismarc\u0131lar\u0131na g&uuml;n do\u011fmaktad\u0131r.<\/strong><\/span><\/p>\n<p style=\"margin-bottom: 0.0001pt; text-align: justify; text-indent: 1cm; line-height: 16pt;\"><span style=\"font-family: arial,helvetica,sans-serif; font-size: 12pt;\"><strong>T&uuml;rkiye&#8217;yi yabanc\u0131 kaynakl\u0131 ve ekonomikmen teslim alma maksatl\u0131 <em>&ldquo;kar\u015f\u0131l\u0131ks\u0131z s\u0131cak para&rdquo;<\/em> ile aldat\u0131c\u0131 ve g&uuml;n&uuml; kurtar\u0131c\u0131 bir sahte rahatl\u0131k ortam\u0131yla avutup oyalayan AKP iktidar kurmaylar\u0131, hatta fiili Ba\u015fbakan gibi davranan Sn. Cumhurba\u015fkan\u0131 ile, maalesef b&uuml;y&uuml;k pay\u0131 yabanc\u0131 ortakl\u0131 Merkez Bankas\u0131yla giri\u015fti\u011fi laf at\u0131\u015fmalar\u0131 &ndash;veya planl\u0131 dan\u0131\u015f\u0131kl\u0131 d&ouml;v&uuml;\u015f hesaplar\u0131- sonucu h\u0131zla artan dolar y&uuml;kseli\u015fi sonucu, sadece bir ayda bor&ccedil; toplam\u0131 tam 100 milyar dolar artm\u0131\u015f bulunmaktad\u0131r. <\/strong><\/span><\/p>\n<p style=\"margin-bottom: 0.0001pt; text-align: justify; text-indent: 1cm; line-height: 16pt;\"><span style=\"font-family: arial,helvetica,sans-serif; font-size: 12pt;\"><strong>Faizli kredi borcuna mahk&ucirc;m edilen vatanda\u015flarda &ldquo;AKP&rsquo;ye oy vermeye mecburuz&rdquo; alg\u0131s\u0131 olu\u015fmaktad\u0131r!<\/strong><\/span><\/p>\n<p style=\"margin-bottom: 0.0001pt; text-align: justify; text-indent: 1cm; line-height: 16pt;\"><span style=\"font-family: arial,helvetica,sans-serif; font-size: 12pt;\"><strong>Faizli krediyle Siyonist s&ouml;m&uuml;r&uuml; sermayeli bankalara bor&ccedil;land\u0131r\u0131lan 16 milyon vatanda\u015f\u0131n 13,4 milyonunun AKP&rsquo;ye, 1 milyon MHP&rsquo;ye, 2 milyon kadar\u0131n\u0131n CHP&rsquo;ye oy verdi\u011fi hesaplanm\u0131\u015ft\u0131r. Faizli kredi ile esir al\u0131nan vatanda\u015flarda: <em>&ldquo;istikrar bozulacak ve AKP iktidardan uzakla\u015facak olursa, faiz puanlar\u0131n\u0131n, dolay\u0131s\u0131yla bor&ccedil; oranlar\u0131n\u0131n kat kat artaca\u011f\u0131, bunlar\u0131 &ouml;deyemeyeceklerinden, EV ve ARABA&rsquo;lara el konulaca\u011f\u0131, bu nedenle AKP&rsquo;ye mutlaka oy verilip istikrar\u0131n korunmas\u0131 gerekti\u011fi&rdquo;<\/em> alg\u0131s\u0131 olu\u015fturulmaktad\u0131r!<\/strong><\/span><\/p>\n<p style=\"margin-bottom: 0.0001pt; text-align: justify; text-indent: 1cm; line-height: 16pt;\"><span style=\"font-family: arial, helvetica, sans-serif; font-size: 14pt;\"><strong>Can\u0131m bu AKP d&ouml;neminde hi&ccedil; mi iyi \u015feyler yap\u0131lmam\u0131\u015ft\u0131?<\/strong><\/span><\/p>\n<p style=\"margin-bottom: 0.0001pt; text-align: justify; text-indent: 1cm; line-height: 16pt;\"><span style=\"font-family: arial,helvetica,sans-serif; font-size: 12pt;\"><strong>Evet, AKP iktidarlar\u0131 d&ouml;neminde, duble yolarla \u015fehirleraras\u0131 trafik olduk&ccedil;a rahatlam\u0131\u015ft\u0131&hellip; TOK\u0130&rsquo;lerle halk\u0131m\u0131z\u0131n konut ihtiyac\u0131 &ouml;nemli &ouml;l&ccedil;&uuml;de kar\u015f\u0131lanm\u0131\u015ft\u0131&hellip; Hastane ve sa\u011fl\u0131k hizmetleri kolayla\u015f\u0131p yayg\u0131nla\u015fm\u0131\u015ft\u0131&hellip; Pek &ccedil;ok ilimize havaalanlar\u0131 yap\u0131l\u0131p ula\u015f\u0131m &ccedil;abukla\u015fm\u0131\u015ft\u0131&hellip; E\u011fitimde imk&acirc;n ve f\u0131rsatlar art\u0131r\u0131l\u0131p yeni &uuml;niversiteler a&ccedil;\u0131lm\u0131\u015ft\u0131&hellip; Keyfi ba\u015f&ouml;rt&uuml;s&uuml; yasa\u011f\u0131 pek &ccedil;ok resmi kurumda kald\u0131r\u0131l\u0131p birtak\u0131m temel haklar sa\u011flanm\u0131\u015ft\u0131&hellip; Sosyal yard\u0131mlarla bir&ccedil;ok ma\u011fdur aileye el at\u0131lm\u0131\u015ft\u0131&hellip; Ancaaak&hellip; B&uuml;t&uuml;n bunlar, kanser t&uuml;m&ouml;rleri b&uuml;t&uuml;n i&ccedil; organlar\u0131n\u0131 sararken ve kan damarlar\u0131 kangrenle\u015firken, hastan\u0131n a\u011fr\u0131-s\u0131z\u0131lar\u0131n\u0131 dindiren uyu\u015fturucular verilerek, y&uuml;z&uuml;ne estetik yap\u0131p pudra s&uuml;rmekten ve g&uuml;zel elbiseler giydirip s&uuml;slemekten farks\u0131zd\u0131!.<\/strong><\/span><\/p>\n<p style=\"margin-bottom: 0.0001pt; text-align: justify; text-indent: 1cm; line-height: 16pt;\"><span style=\"font-family: arial,helvetica,sans-serif; font-size: 12pt;\"><strong>AKP <em>&ldquo;Dini siyasete&rdquo;<\/em>, Cemaat ise <em>&ldquo;Dini Siyonizm&rsquo;e&rdquo;<\/em> alet edip riyak&acirc;rl\u0131k yap\u0131lmaktayd\u0131!<\/strong><\/span><\/p>\n<p style=\"margin-bottom: 0.0001pt; text-align: justify; text-indent: 1cm; line-height: 16pt;\"><span style=\"font-family: arial,helvetica,sans-serif; font-size: 12pt;\"><strong>Recep T. Erdo\u011fan, 30 Mart 2014 Yerel Se&ccedil;im sonras\u0131 yapt\u0131\u011f\u0131 balkon konu\u015fmas\u0131nda, ba\u015fta Cemaat&rsquo;e ve t&uuml;m muhaliflere yine a\u011f\u0131r hakaretlerle sald\u0131r\u0131yor, bir nevi intikam &ccedil;\u0131\u011fl\u0131klar\u0131 atarak <em>&ldquo;Bunlar\u0131n ka&ccedil;mas\u0131na bile izin vermeyece\u011fiz, inlerine girip temizleyece\u011fiz!&rdquo;<\/em> \u015feklinde tehditler savuruyordu. \u0130ngiliz Financial Times, Ba\u015fbakan&rsquo;\u0131n bu s&ouml;zleri &uuml;zerine <em>&ldquo;G&uuml;lencilere y&ouml;nelik sert &ouml;nlemler geliyor!&rdquo;<\/em> \u015feklinde yorumlar yap\u0131yordu. &Ouml;zetle se&ccedil;im zaferi sonucu yumu\u015famas\u0131 ve her kesimi kucaklamas\u0131 beklenen ve zaten &ouml;yle olmas\u0131 gereken Recep T. Erdo\u011fan, tam aksine daha da \u015f\u0131mar\u0131p ta\u015fk\u0131nla\u015f\u0131yor ve; <em>&ldquo;\u0130\u015fte bu (ac\u0131 ve al&ccedil;alt\u0131c\u0131 ak\u0131bet) sizin yery&uuml;z&uuml;nde haks\u0131z yere \u015f\u0131mar\u0131p \u015fa\u015f\u0131rman\u0131z ve azg\u0131nca &ouml;l&ccedil;&uuml;y&uuml; ka&ccedil;\u0131r\u0131p ta\u015fk\u0131nla\u015fman\u0131z dolay\u0131s\u0131ylad\u0131r!&rdquo; <\/em>(M&uuml;min: 75) ayetinin tokad\u0131na u\u011frayacak g&uuml;nlere haz\u0131rlan\u0131yordu. <\/strong><\/span><\/p>\n<p style=\"margin-bottom: 0.0001pt; text-align: justify; text-indent: 1cm; line-height: 16pt;\"><span style=\"font-family: arial,helvetica,sans-serif; font-size: 12pt;\"><strong>Evet, h\u0131rs\u0131zl\u0131klar\u0131n, yolsuzluklar\u0131n, hukuki su&ccedil;lar\u0131n ve ahlaki sorumluluklar\u0131n se&ccedil;im sand\u0131\u011f\u0131nda al\u0131nan sonu&ccedil;larla akland\u0131\u011f\u0131 havas\u0131 olu\u015fturanlar\u0131n ve hele &uuml;lkesinin gelece\u011fini ve g&uuml;venli\u011fini, \u015fahsi ikbal ve ihtiraslar\u0131 u\u011fruna malum odaklara r&uuml;\u015fvet sunanlar\u0131n, Allah&rsquo;\u0131n &ldquo;KAHHAR&rdquo; s\u0131fat\u0131ndan ve \u015fehit atalar\u0131m\u0131z\u0131n bedduas\u0131ndan asla kurtulamayacaklar\u0131 ve derbeder olacaklar\u0131 d&ouml;nem yakla\u015f\u0131yordu.<\/strong><\/span><\/p>\n<p style=\"margin-bottom: 0.0001pt; text-align: justify; text-indent: 1cm; line-height: 16pt;\"><span style=\"font-family: arial,helvetica,sans-serif; font-size: 12pt;\"><strong>Sevr&rsquo;in 62. ve 64. Maddeleriyle AKP&rsquo;nin Meclis&rsquo;ten &ccedil;\u0131kard\u0131\u011f\u0131 kanun metni t\u0131pat\u0131p ayn\u0131d\u0131r ve K&uuml;rdistan kurularak T&uuml;rkiye&rsquo;nin par&ccedil;alanmas\u0131n\u0131 ama&ccedil;lamaktad\u0131r:<\/strong><\/span><\/p>\n<p style=\"margin-bottom: 0.0001pt; text-align: justify; text-indent: 1cm; line-height: 16pt;\"><span style=\"font-family: arial,helvetica,sans-serif; font-size: 12pt;\"><strong>Ha&ccedil;l\u0131 M&uuml;ttefik Devletlerle, \u0130ttihat&ccedil;\u0131 Osmanl\u0131 H&uuml;k&uuml;meti Aras\u0131nda 10 A\u011fustos 1920&#8217;de Sevres&#8217;de \u0130mzalanan Bar\u0131\u015f Antla\u015fmas\u0131: Kesim III. K&uuml;rdistan Ba\u015fl\u0131\u011f\u0131<\/strong><\/span><\/p>\n<p style=\"margin-bottom: 0.0001pt; text-align: justify; text-indent: 1cm; line-height: 16pt;\"><span style=\"font-family: arial,helvetica,sans-serif; font-size: 12pt;\"><strong>Madde 62.<\/strong><\/span><\/p>\n<p style=\"margin-bottom: 0.0001pt; text-align: justify; text-indent: 1cm; line-height: 16pt;\"><span style=\"font-size: 12pt; font-family: arial,helvetica,sans-serif;\">F\u0131rat&#8217;\u0131n do\u011fusunda, ileride saptanacak Ermenistan&#8217;\u0131n g&uuml;ney s\u0131n\u0131r\u0131n\u0131n g&uuml;neyinde ve 27. maddenin II\/2. ve 3. f\u0131kralar\u0131ndaki tan\u0131ma uygun olarak saptanan Suriye ve Irak ile T&uuml;rkiye s\u0131n\u0131r\u0131n\u0131n kuzeyinde, K&uuml;rtlerin say\u0131ca &uuml;st&uuml;n bulundu\u011fu b&ouml;lgelerin yerel &ouml;zerkli\u011fini, i\u015fbu Antla\u015fman\u0131n y&uuml;r&uuml;rl&uuml;\u011fe konulmas\u0131ndan ba\u015flayarak alt\u0131 ay i&ccedil;inde, \u0130stanbul&#8217;da toplanan ve \u0130ngiliz, Frans\u0131z ve \u0130talyan H&uuml;k&uuml;metlerinden her birinin atad\u0131\u011f\u0131 &uuml;&ccedil; &uuml;yeden olu\u015fan bir Komisyon haz\u0131rlayacakt\u0131r. Herhangi bir sorun &uuml;zerinde oybirli\u011fi olu\u015famazsa, bu sorun, Komisyon &uuml;yelerince,- ba\u011fl\u0131 olduklar\u0131 H&uuml;k&uuml;metlerine g&ouml;t&uuml;r&uuml;lecektir. Bu pl&acirc;n, S&uuml;ryan&icirc;-Geldan&icirc;lerile, bu b&ouml;lgelerin i&ccedil;indeki &ouml;teki etnik ve dinsel az\u0131nl\u0131klar\u0131n korunmas\u0131na ili\u015fkin tam g&uuml;venceler de kapsayacakt\u0131r; bu ama&ccedil;la, \u0130ngiliz, Frans\u0131z, \u0130talyan, \u0130ranl\u0131 ve K&uuml;rt temsilcilerden olu\u015fan bir Komisyon incelemelerde bulunmak ve, i\u015fbu Antla\u015fma uyar\u0131nca, T&uuml;rkiye s\u0131n\u0131r\u0131n\u0131n Iran s\u0131n\u0131r\u0131 ile birle\u015fmesi durumlar\u0131nda, T&uuml;rkiye s\u0131n\u0131r\u0131nda yap\u0131lmas\u0131 gerekebilecek d&uuml;zeltmeleri kararla\u015ft\u0131rmak &uuml;zere bu yerleri ziyaret edecektir.<\/span><\/p>\n<p style=\"margin-bottom: 0.0001pt; text-align: justify; text-indent: 1cm; line-height: 16pt;\"><span style=\"font-family: arial,helvetica,sans-serif; font-size: 12pt;\"><strong>MADDE 64.<\/strong><\/span><\/p>\n<p style=\"margin-bottom: 0.0001pt; text-align: justify; text-indent: 1cm; line-height: 16pt;\"><span style=\"font-size: 12pt; font-family: arial,helvetica,sans-serif;\">\u0130\u015fbu Antla\u015fman\u0131n y&uuml;r&uuml;rl&uuml;\u011fe konu\u015fundan bir y\u0131l sonra, 62. maddede belirtilen b&ouml;lgelerdeki K&uuml;rtler, bu b&ouml;lgelerdeki n&uuml;fusun &ccedil;o\u011funlu\u011funun T&uuml;rkiye&#8217;den ba\u011f\u0131ms\u0131z olmak istediklerini kan\u0131tlayarak Milletler Cemiyeti Konseyine ba\u015fvururlarsa ve Konsey de bu n&uuml;fusun ba\u011f\u0131ms\u0131zl\u0131\u011fa yetenekli oldu\u011fu g&ouml;r&uuml;\u015f&uuml;ne var\u0131rsa ve bu ba\u011f\u0131ms\u0131zl\u0131\u011f\u0131 onlara tan\u0131may\u0131 T&uuml;rkiye&#8217;ye sal\u0131k verirse, T&uuml;rkiye, bu &ouml;\u011f&uuml;tlemeye [tavsiyeye] uymay\u0131 ve bu b&ouml;lgeler &uuml;zerinde b&uuml;t&uuml;n haklar\u0131ndan ve s\u0131fatlar\u0131ndan vazge&ccedil;meyi, \u015fimdiden y&uuml;k&uuml;mlenir.<\/span><\/p>\n<p style=\"margin-bottom: 0.0001pt; text-align: justify; text-indent: 1cm; line-height: 16pt;\"><span style=\"font-family: arial,helvetica,sans-serif; font-size: 12pt;\"><strong>T&uuml;rkiye&rsquo;de, maalesef s&ouml;zde farkl\u0131 halklara kendi geleceklerini belirleme (Self- Determinasyon) hakk\u0131 veren ikiz s&ouml;zle\u015fmeleri ANAP-DSP-MHP koalisyon h&uuml;k&uuml;meti zaman\u0131nda 15 A\u011fustos 2000 tarihinde imzalad\u0131. Ancak bu S&ouml;zle\u015fmeler 4 Haziran 2003 g&uuml;n&uuml; AKP iktidar\u0131nca 4867 ve 4868 say\u0131l\u0131 kanunlar ile TBMM&rsquo;de kabul edilip resmiyet kazand\u0131.<\/strong><\/span><\/p>\n<p style=\"margin-bottom: 0.0001pt; text-align: justify; text-indent: 1cm; line-height: 16pt;\"><span style=\"font-family: arial,helvetica,sans-serif; font-size: 12pt;\"><strong>\u0130\u015fte Ki\u015fisel ve Siyasal Haklar Uluslararas\u0131 S&ouml;zle\u015fmesi:<\/strong><\/span><\/p>\n<p style=\"margin-bottom: 0.0001pt; text-align: justify; text-indent: 1cm; line-height: 16pt;\"><span style=\"font-family: arial,helvetica,sans-serif; font-size: 12pt;\"><strong>B&ouml;l&uuml;m I: Madde 1- Halklar\u0131n Kendi Kaderini Tayin Hakk\u0131<\/strong><\/span><\/p>\n<p style=\"margin-bottom: 0.0001pt; text-align: justify; text-indent: 1cm; line-height: 16pt;\"><span style=\"font-family: arial,helvetica,sans-serif; font-size: 12pt;\"><strong>1. B&uuml;t&uuml;n halklar kendi kaderlerini tayin hakk\u0131na sahiptir. Bu hak vas\u0131tas\u0131yla halklar kendi siyasal stat&uuml;lerini serbest&ccedil;e tayin edebilir ve ekonomik, sosyal ve siyasal geli\u015fmelerini serbest&ccedil;e s&uuml;rd&uuml;rebilirler.<\/strong><\/span><\/p>\n<p style=\"margin-bottom: 0.0001pt; text-align: justify; text-indent: 1cm; line-height: 16pt;\"><span style=\"font-family: arial,helvetica,sans-serif; font-size: 12pt;\"><strong>2. B&uuml;t&uuml;n halklar uluslararas\u0131 hukuka ve kar\u015f\u0131l\u0131kl\u0131 menfaat ilkesine dayanan uluslararas\u0131 ekonomik i\u015fbirli\u011fi y&uuml;k&uuml;ml&uuml;l&uuml;klerine zarar vermemek ko\u015fuluyla, do\u011fal kaynaklar\u0131 ve zenginlikleri &uuml;zerinde kendi yarar\u0131na serbest&ccedil;e tasarrufta bulunabilir. Bir halk sahip oldu\u011fu maddi kaynaklardan hi&ccedil; bir ko\u015fulda yoksun b\u0131rak\u0131lamaz.<\/strong><\/span><\/p>\n<p style=\"margin-bottom: 0.0001pt; text-align: justify; text-indent: 1cm; line-height: 16pt;\"><span style=\"font-family: arial,helvetica,sans-serif; font-size: 12pt;\"><strong>3. Kendini Y&ouml;netemeyen ve Vesayet alt\u0131ndaki &Uuml;lkelerden sorumlu olan Devletler de dahil bu S&ouml;zle\u015fmeye Taraf b&uuml;t&uuml;n Devletler, kendi kaderini tayin hakk\u0131n\u0131n ger&ccedil;ekle\u015ftirilmesi i&ccedil;in &ccedil;aba g&ouml;sterir ve Birle\u015fmi\u015f Milletler \u015eart\u0131n\u0131n h&uuml;k&uuml;mlerine uygun olarak bu hakka sayg\u0131 g&ouml;sterir.<\/strong><\/span><\/p>\n<p style=\"margin-bottom: 0.0001pt; text-align: justify; text-indent: 1cm; line-height: 16pt;\"><span style=\"font-family: arial, helvetica, sans-serif; font-size: 14pt;\"><strong>K&uuml;rt A&ccedil;\u0131l\u0131m\u0131; Erdo\u011fan&rsquo;\u0131n m\u0131, &Ouml;calan&rsquo;\u0131n m\u0131 Plan\u0131yd\u0131?<\/strong><\/span><\/p>\n<p style=\"margin-bottom: 0.0001pt; text-align: justify; text-indent: 1cm; line-height: 16pt;\"><span style=\"font-family: arial,helvetica,sans-serif; font-size: 12pt;\"><strong>Soral\u0131m, akl\u0131m\u0131z\u0131 ve vicdan\u0131m\u0131z\u0131 devreye sokal\u0131m:<\/strong><\/span><\/p>\n<p style=\"margin-bottom: 0.0001pt; text-align: justify; text-indent: 1cm; line-height: 16pt;\"><span style=\"font-family: arial,helvetica,sans-serif; font-size: 12pt;\"><strong>&bull;Abdullah &Ouml;calan&rsquo;\u0131, T&uuml;rkiye mi ele ge&ccedil;irmi\u015fti, yoksa sinsi ama&ccedil;lar ve ko\u015fullar alt\u0131nda ABD mi teslim etmi\u015fti?<\/strong><\/span><\/p>\n<p style=\"margin-bottom: 0.0001pt; text-align: justify; text-indent: 1cm; line-height: 16pt;\"><span style=\"font-family: arial,helvetica,sans-serif; font-size: 12pt;\"><strong>&bull;&Ouml;calan&rsquo;\u0131n &ldquo;derin devlet&rdquo;le ili\u015fkisi &ouml;teden beri tart\u0131\u015f\u0131lagelmektedir. As\u0131l soru: Milli derinlerin mi, kirli ve hain derinlerin mi g&uuml;d&uuml;m&uuml;ndeydi?<\/strong><\/span><\/p>\n<p style=\"margin-bottom: 0.0001pt; text-align: justify; text-indent: 1cm; line-height: 16pt;\"><span style=\"font-family: arial,helvetica,sans-serif; font-size: 12pt;\"><strong>&bull;K&uuml;rt A&ccedil;\u0131l\u0131m\u0131, AKP&rsquo;nin mi, PKK&rsquo;n\u0131n m\u0131 projesidir? &Ouml;calan m\u0131 Erdo\u011fan&rsquo;\u0131n stratejik partneri, yoksa Erdo\u011fan m\u0131 &Ouml;calan&rsquo;\u0131n siyasi aletiydi?<\/strong><\/span><\/p>\n<p style=\"margin-bottom: 0.0001pt; text-align: justify; text-indent: 1cm; line-height: 16pt;\"><span style=\"font-family: arial,helvetica,sans-serif; font-size: 12pt;\"><strong>&bull;Hakan Fidan&rsquo;l\u0131 M\u0130T, e\u011fer milli &ccedil;izgide ve &Ouml;calan &uuml;zerinden PKK&rsquo;y\u0131 pasifize ve tasfiye s&uuml;recinde ise, ABD g&uuml;d&uuml;ml&uuml; Cemaat niye Hakan Fidan&rsquo;\u0131n ve dolay\u0131s\u0131yla Erdo\u011fan&rsquo;\u0131n aleyhine tertipler i&ccedil;indeydi?<\/strong><\/span><\/p>\n<p style=\"margin-bottom: 0.0001pt; text-align: justify; text-indent: 1cm; line-height: 16pt;\"><span style=\"font-family: arial,helvetica,sans-serif; font-size: 12pt;\"><strong>&bull;Ulusalc\u0131 Ayd\u0131nl\u0131k&ccedil;\u0131lar, &Ouml;calan&rsquo;\u0131n &ldquo;devlete teslimiyet ve hizmetinden&rdquo; mi, yoksa, O&rsquo;nun Darwinist, kom&uuml;nist ve anar\u015fist tavr\u0131n\u0131 terk edip laik, demokratik Kemalist &ccedil;izgiye gelmesinden mi endi\u015feliydi?<\/strong><\/span><\/p>\n<p style=\"margin-bottom: 0.0001pt; text-align: justify; text-indent: 1cm; line-height: 16pt;\"><span style=\"font-family: arial,helvetica,sans-serif; font-size: 12pt;\"><strong>&bull;Acaba, AKP&rsquo;sinden PKK&rsquo;s\u0131na, \u0130P&rsquo;sinden Cemaat&rsquo;ine, yani din s&ouml;m&uuml;r&uuml;c&uuml;lerinden devrim tacirlerine, bunlar\u0131n hepsi, Siyonist ve emperyalist Gizli D&uuml;nya Devleti&rsquo;nin &ldquo;sa\u011fc\u0131, ulusalc\u0131 ve \u0131l\u0131ml\u0131 \u0130slamc\u0131&rdquo; fig&uuml;rleri, T&uuml;rkiye&rsquo;de milli ink\u0131l&acirc;b\u0131n ve ger&ccedil;ek \u0130slam&rsquo;\u0131n engelleri miydi?<\/strong><\/span><\/p>\n<p style=\"margin-bottom: 0.0001pt; text-align: justify; text-indent: 1cm; line-height: 16pt;\"><span style=\"font-size: 12pt; font-family: arial,helvetica,sans-serif;\">Bu g&uuml;ne kadar ne Filistinlilere kan kusturan \u0130srail canilerine, ne Irak&rsquo;\u0131 cehenneme &ccedil;eviren Amerikan Conilerine, ne de kendi &uuml;lkemizde M&uuml;sl&uuml;manlara zulmeden kesimlere asla reva g&ouml;rmedikleri <strong><em>&ldquo;Allah evlerine ate\u015f sals\u0131n, yuvalar\u0131n\u0131 ba\u015flar\u0131na y\u0131ks\u0131n, onlarda dirlik-d&uuml;zen b\u0131rakmas\u0131n!&rdquo;<\/em><\/strong> \u015feklindeki beddualar\u0131, menfaat kumpaslar\u0131 biraz zarar g&ouml;r&uuml;nce Recep Tayyib&rsquo;e ve ekibine y&ouml;nelten Amerikan dostu (Evliya &uuml;\u015f-\u015eeytan) Fetullah G&uuml;len&rsquo;in Zaman Gazetesi, daha d&uuml;ne kadar &ldquo;B&uuml;y&uuml;k bar\u0131\u015fma, tarihi uzla\u015fma!&rdquo; diye sahip &ccedil;\u0131kt\u0131klar\u0131 &ldquo;a&ccedil;\u0131l\u0131m&rdquo; y&uuml;z&uuml;nden \u015fimdi <strong><em>&ldquo;&Ouml;calan: Devlet heyetiyle g&ouml;r&uuml;\u015fmelerimiz olumlu ge&ccedil;iyor&rdquo; <\/em><\/strong>diyerek, AKP&rsquo;yi PKK ile g&ouml;r&uuml;\u015f&uuml;yor bahanesiyle k&ouml;t&uuml;lemeye giri\u015fmi\u015fti. <strong><em>&ldquo;Ter&ouml;r &ouml;rg&uuml;t&uuml; lideri Abdullah &Ouml;calan&rsquo;\u0131n ye\u011feni Dilek &Ouml;calan, \u0130mral\u0131 Adas\u0131&rsquo;na yapt\u0131\u011f\u0131 ziyaretin ayr\u0131nt\u0131lar\u0131n\u0131 anlatt\u0131. Dilek &Ouml;calan, Abdullah &Ouml;calan&rsquo;\u0131n, kendisine, devlet heyeti ile yap\u0131lan son g&ouml;r&uuml;\u015fmelerin iyi ge&ccedil;ti\u011fini s&ouml;yledi\u011fini aktard\u0131&rdquo;<\/em><\/strong> diyen Zaman&rsquo;\u0131n ikiy&uuml;zl&uuml;l&uuml;\u011f&uuml; dikkat &ccedil;ekmekteydi.<\/span><\/p>\n<p style=\"margin-bottom: 0.0001pt; text-align: justify; text-indent: 1cm; line-height: 16pt;\"><span style=\"font-family: arial,helvetica,sans-serif; font-size: 12pt;\"><strong>Baz\u0131lar\u0131na g&ouml;re; &Ouml;calan eve &ccedil;\u0131kar\u0131lacak, &ccedil;&ouml;z&uuml;m s&uuml;recinde cesur(!) ad\u0131mlar at\u0131lacakt\u0131!?<\/strong><\/span><\/p>\n<p style=\"margin-bottom: 0.0001pt; text-align: justify; text-indent: 1cm; line-height: 16pt;\"><span style=\"font-size: 12pt; font-family: arial,helvetica,sans-serif;\">&Ccedil;&ouml;z&uuml;m s&uuml;recinde fla\u015f bir ad\u0131m at\u0131lacak; &Ouml;calan ev hapsine &ccedil;\u0131kar\u0131lacakt\u0131! Kulislere yans\u0131yan &ccedil;&ouml;z&uuml;m s&uuml;recinde ad\u0131m ad\u0131m izlenecek yeni yol haritas\u0131nda \u015funlar vard\u0131:<\/span><\/p>\n<p style=\"margin-bottom: 0.0001pt; text-align: justify; text-indent: 1cm; line-height: 16pt;\"><span style=\"font-size: 12pt; font-family: arial,helvetica,sans-serif;\"><\/span><span style=\"font-size: 12pt; font-family: arial,helvetica,sans-serif;\"><span style=\"font-family: 'arial black', 'avant garde'; font-size: 14pt;\">.&nbsp;<\/span>Bu yeni s&uuml;re&ccedil;te diyalog a\u015famas\u0131ndan m&uuml;zakere a\u015famas\u0131na ge&ccedil;ilecek somut ad\u0131mlar at\u0131lacakt\u0131.<\/span><\/p>\n<p style=\"margin-bottom: 0.0001pt; text-align: justify; text-indent: 1cm; line-height: 16pt;\"><span style=\"font-size: 12pt; font-family: arial,helvetica,sans-serif;\"><span style=\"font-family: 'arial black', 'avant garde'; font-size: 18.6666660308838px; line-height: 21.3333339691162px; text-align: justify; text-indent: 37.7952766418457px;\">.&nbsp;<\/span><\/span><span style=\"font-size: 12pt; font-family: arial,helvetica,sans-serif;\">Bu ad\u0131mlar\u0131n en &ouml;nemlisi de Abdullah &Ouml;calan&rsquo;\u0131n \u0130mral\u0131&rsquo;da ev hapsine &ccedil;\u0131kar\u0131lmas\u0131yd\u0131. Al Jazeera&rsquo;n\u0131n haberine g&ouml;re, &Ouml;calan&rsquo;\u0131n ev hapsini ge&ccedil;irece\u011fi yer \u015fimdilik Adalet Bakanl\u0131\u011f\u0131&rsquo;na ba\u011fl\u0131 \u0130mral\u0131 Adas\u0131&rsquo;nda bulunan <strong>Mete Tesisleri<\/strong> olacakt\u0131.<\/span><\/p>\n<p style=\"margin-bottom: 0.0001pt; text-align: justify; text-indent: 1cm; line-height: 16pt;\"><span style=\"font-size: 12pt; font-family: arial,helvetica,sans-serif;\"><span style=\"font-family: 'arial black', 'avant garde'; font-size: 18.6666660308838px; line-height: 21.3333339691162px; text-align: justify; text-indent: 37.7952766418457px;\">.&nbsp;<\/span><\/span><span style=\"font-size: 12pt; font-family: arial,helvetica,sans-serif;\">S&uuml;re&ccedil;te yeniden bir t\u0131kanman\u0131n olmamas\u0131 durumunda, taraftarlar\u0131n talepleri &ldquo;m&uuml;zakere s&uuml;reci d&ouml;nemi&rdquo;nde tek tek hayata ge&ccedil;irilip uygulanacakt\u0131.<\/span><\/p>\n<p style=\"margin-bottom: 0.0001pt; text-align: justify; text-indent: 1cm; line-height: 16pt;\"><span style=\"font-family: arial,helvetica,sans-serif; font-size: 12pt;\"><strong>Al Jazeera T&uuml;rk&rsquo;&uuml;n edindi\u011fi bilgilere g&ouml;re, bug&uuml;n itibar\u0131yla &uuml;zerinde anla\u015fma sa\u011flanan &ouml;nemli ad\u0131mlar \u015funlard\u0131:<\/strong><\/span><\/p>\n<p style=\"margin-bottom: 0.0001pt; text-align: justify; text-indent: 1cm; line-height: 16pt;\"><span style=\"font-family: arial,helvetica,sans-serif; font-size: 12pt;\"><strong>1. HDP heyetine Hatip Dicle ve Ceylan Ba\u011fr\u0131yan\u0131k dahil olacakt\u0131.<\/strong><\/span><\/p>\n<p style=\"margin-bottom: 0.0001pt; text-align: justify; text-indent: 1cm; line-height: 16pt;\"><span style=\"font-family: arial,helvetica,sans-serif; font-size: 12pt;\"><strong>2. &Ouml;calan Kandil&rsquo;e &#8216;mutlak eylemsizlik&rsquo; &ccedil;a\u011fr\u0131s\u0131 yapacak, Kandil ise &ccedil;a\u011fr\u0131y\u0131 de\u011ferlendirip karar\u0131n\u0131 a&ccedil;\u0131klayacakt\u0131.<\/strong><\/span><\/p>\n<p style=\"margin-bottom: 0.0001pt; text-align: justify; text-indent: 1cm; line-height: 16pt;\"><span style=\"font-family: arial,helvetica,sans-serif; font-size: 12pt;\"><strong>3. &Ouml;calan&rsquo;\u0131n &ccedil;al\u0131\u015fmalar\u0131na yard\u0131mc\u0131 olacak be\u015f mahk&ucirc;mdan olu\u015fan sekretarya kurulacakt\u0131. (\u0130mral\u0131&rsquo;daki mahk&ucirc;mlar yerine yeni mahk&ucirc;mlar ta\u015f\u0131nacak, bunlar ara\u015ft\u0131rma yapacak, kay\u0131t tutacak ve &Ouml;calan&rsquo;\u0131n yard\u0131mc\u0131lar\u0131 olarak &ccedil;al\u0131\u015facaklard\u0131. Bu mahk&ucirc;mlar &ouml;rg&uuml;t&uuml;n cezaevlerindeki &ouml;nemli isimlerinden olu\u015facakt\u0131)<\/strong><\/span><\/p>\n<p style=\"margin-bottom: 0.0001pt; text-align: justify; text-indent: 1cm; line-height: 16pt;\"><span style=\"font-family: arial,helvetica,sans-serif; font-size: 12pt;\"><strong>4.&nbsp; \u0130zleme Kurulu olu\u015facakt\u0131. (16 ki\u015filik akil insanlar ve d\u0131\u015far\u0131dan &uuml;&ccedil; isim olacakt\u0131. Bu isimlere &Ouml;calan&rsquo;\u0131n onay vermesiyle birlikte k\u0131sa s&uuml;re i&ccedil;inde kamuoyuna a&ccedil;\u0131klanacakt\u0131.)<\/strong><\/span><\/p>\n<p style=\"margin-bottom: 0.0001pt; text-align: justify; text-indent: 1cm; line-height: 16pt;\"><span style=\"font-family: arial,helvetica,sans-serif; font-size: 12pt;\"><strong>5. A\u011f\u0131r say\u0131lan PKK militan\u0131 hasta mahk&ucirc;mlar serbest b\u0131rak\u0131lacakt\u0131.<\/strong><\/span><\/p>\n<p style=\"margin-bottom: 0.0001pt; text-align: justify; text-indent: 1cm; line-height: 16pt;\"><span style=\"font-family: arial,helvetica,sans-serif; font-size: 12pt;\"><strong>6. &Ouml;calan ev hapsine al\u0131nacakt\u0131. (Adalet Bakanl\u0131\u011f\u0131&rsquo;na ba\u011fl\u0131 \u0130mral\u0131 Adas\u0131&rsquo;nda bulunan Mete Tesisleri haz\u0131rlanmaktayd\u0131.)<\/strong><\/span><\/p>\n<p style=\"margin-bottom: 0.0001pt; text-align: justify; text-indent: 1cm; line-height: 16pt;\"><span style=\"font-family: arial,helvetica,sans-serif; font-size: 12pt;\"><strong>7. Gazeteciler \u0130mral\u0131&rsquo;ya giderek &Ouml;calan ile g&ouml;r&uuml;\u015fme imk&acirc;n\u0131 bulacakt\u0131.<\/strong><\/span><\/p>\n<p style=\"margin-bottom: 0.0001pt; text-align: justify; text-indent: 1cm; line-height: 16pt;\"><span style=\"font-family: arial,helvetica,sans-serif; font-size: 12pt;\"><strong>8. &Ouml;calan, silahs\u0131zlanma &ccedil;a\u011fr\u0131s\u0131 yapacakt\u0131. (&Ccedil;a\u011fr\u0131y\u0131 Kandil uygun bulursa &ouml;rg&uuml;t militanlar\u0131 T&uuml;rkiye&#8217;ye gelerek siyasete kat\u0131lacakt\u0131.)<\/strong><\/span><\/p>\n<p style=\"margin-bottom: 0.0001pt; text-align: justify; text-indent: 1cm; line-height: 16pt;\"><span style=\"font-family: arial,helvetica,sans-serif; font-size: 12pt;\"><strong>9. Ter&ouml;rle M&uuml;cadele Kanunu&rsquo;nda (TMK) de\u011fi\u015fiklik ile geri d&ouml;n&uuml;\u015f yasas\u0131 Meclis&#8217;e sunularak &ccedil;\u0131kar\u0131lacakt\u0131.<\/strong><\/span><\/p>\n<p style=\"margin-bottom: 0.0001pt; text-align: justify; text-indent: 1cm; line-height: 16pt;\"><span style=\"font-family: arial,helvetica,sans-serif; font-size: 12pt;\"><strong>10. T&uuml;rkiye&rsquo;nin, Avrupa Yerel Y&ouml;netimler &Ouml;zerklik \u015eart\u0131ndaki baz\u0131 maddelere koydu\u011fu &ccedil;ekinceleri kald\u0131racakt\u0131. (B&ouml;ylece &Ouml;zek K&uuml;rdistan&rsquo;a resmiyet kazand\u0131r\u0131lacakt\u0131.)<\/strong><\/span><\/p>\n<p style=\"margin-bottom: 0.0001pt; text-align: justify; text-indent: 1cm; line-height: 16pt;\"><span style=\"font-family: arial,helvetica,sans-serif; font-size: 12pt;\"><strong>11. Genel af &ccedil;\u0131kar\u0131lacak, PKK anar\u015fistleri, &Ouml;zerk Federatif K&uuml;rdistan&rsquo;\u0131n &ldquo;&ouml;z savunma ve g&uuml;venlik g&uuml;c&uuml;ne&rdquo; kat\u0131lacakt\u0131!<\/strong><\/span><\/p>\n<p style=\"margin-bottom: 0.0001pt; text-align: justify; text-indent: 1cm; line-height: 16pt;\"><span style=\"font-family: arial, helvetica, sans-serif; font-size: 14pt;\"><strong>Eski Milli G&ouml;r&uuml;\u015f&ccedil;&uuml;, \u015fimdi kirli d&uuml;\u015f&uuml;\u015f&ccedil;&uuml;, s&ouml;zde ilim erbab\u0131 yalakalara sormak laz\u0131md\u0131:<\/strong><\/span><\/p>\n<p style=\"margin-bottom: 0.0001pt; text-align: justify; text-indent: 1cm; line-height: 16pt;\"><span style=\"font-family: arial,helvetica,sans-serif; font-size: 12pt;\"><strong>&bull; 12 y\u0131ll\u0131k iktidar\u0131 boyunca faizsiz d&uuml;zen i&ccedil;in hi&ccedil;bir ad\u0131m atmayan, hatta &ldquo;faizi d&uuml;nya ger&ccedil;e\u011fi&rdquo; say\u0131p me\u015frula\u015ft\u0131ran ve yayg\u0131nla\u015ft\u0131ran, <\/strong><\/span><\/p>\n<p style=\"margin-bottom: 0.0001pt; text-align: justify; text-indent: 1cm; line-height: 16pt;\"><span style=\"font-family: arial,helvetica,sans-serif; font-size: 12pt;\"><strong>&bull; Kur&rsquo;an&rsquo;\u0131n, Resul&uuml;llah&rsquo;\u0131n, tarihi ve tabii hakikatlerin bize &ldquo;sinsi ve tehlikeli d&uuml;\u015fman olduklar\u0131n\u0131 s\u0131k&ccedil;a hat\u0131rlat\u0131p onlar\u0131 evliya edinmekten ve g&uuml;d&uuml;mlerine girmekten \u0131srarla sak\u0131nd\u0131ran ve yasaklayan&rdquo; Ha&ccedil;l\u0131 Avrupa Birli\u011fi&rsquo;ne kuyruk olma gafletini hayat\u0131n\u0131n stratejik gayesi sayan,<\/strong><\/span><\/p>\n<p style=\"margin-bottom: 0.0001pt; text-align: justify; text-indent: 1cm; line-height: 16pt;\"><span style=\"font-family: arial,helvetica,sans-serif; font-size: 12pt;\"><strong>&bull; AB talimat\u0131yla Kur&rsquo;an&rsquo;\u0131n &ldquo;hayat ve huzur garantisi&rdquo; olarak emretti\u011fi idam cezas\u0131n\u0131 &ccedil;a\u011fd\u0131\u015f\u0131 g&ouml;r&uuml;p ask\u0131ya alan,<\/strong><\/span><\/p>\n<p style=\"margin-bottom: 0.0001pt; text-align: justify; text-indent: 1cm; line-height: 16pt;\"><span style=\"font-family: arial,helvetica,sans-serif; font-size: 12pt;\"><strong>&bull; Evli &ccedil;iftlerin zina cezas\u0131n\u0131 kald\u0131ran,<\/strong><\/span><\/p>\n<p style=\"margin-bottom: 0.0001pt; text-align: justify; text-indent: 1cm; line-height: 16pt;\"><span style=\"font-family: arial,helvetica,sans-serif; font-size: 12pt;\"><strong>&bull; E\u015fcinsellik ahlaks\u0131zl\u0131\u011f\u0131na me\u015fruiyet kazand\u0131ran,<\/strong><\/span><\/p>\n<p style=\"margin-bottom: 0.0001pt; text-align: justify; text-indent: 1cm; line-height: 16pt;\"><span style=\"font-family: arial,helvetica,sans-serif; font-size: 12pt;\"><strong>&bull; Irak, Suriye ve Libya i\u015fgaline ta\u015feronluk yap\u0131p on binlerce masum M&uuml;sl&uuml;man katline ortak olan, <\/strong><\/span><\/p>\n<p style=\"margin-bottom: 0.0001pt; text-align: justify; text-indent: 1cm; line-height: 16pt;\"><span style=\"font-family: arial,helvetica,sans-serif; font-size: 12pt;\"><strong>T&uuml;rkiye&rsquo;nin milli ve yerli ger&ccedil;ek kalk\u0131nmas\u0131na engel olup, sanayi yat\u0131r\u0131mlar\u0131n\u0131 ve fabrikalar\u0131n\u0131 sat\u0131p kapatan, &uuml;lkeyi Siyonist sermayenin s\u0131cak para esaretine sokup halk\u0131m\u0131z\u0131 faiz ve rantiye \u015fehvetiyle yozla\u015ft\u0131ran AKP iktidar\u0131n\u0131n ve Sn. Erdo\u011fan&rsquo;\u0131n bu korkun&ccedil; tahribatlar\u0131na mazeret, hatta keramet uydurmas\u0131na \u015fahit olunca hayretler i&ccedil;inde kalmam\u0131za ve imani bir duyarl\u0131l\u0131kla tepki koymam\u0131za ni&ccedil;in bu denli kar\u015f\u0131 &ccedil;\u0131k\u0131l\u0131p h&uuml;cum edilmektedir?<\/strong> Ger&ccedil;ek dost, b&uuml;t&uuml;n bu vebal ve rezaletlere ve yakla\u015fan &ccedil;ok ac\u0131 ve al&ccedil;alt\u0131c\u0131 ak\u0131betlere kar\u015f\u0131 uyaran ve hakk\u0131 hayk\u0131ran kimseler midir, yoksa yanda\u015fl\u0131k ve yalakal\u0131k d&uuml;rt&uuml;s&uuml;yle bunlara &ouml;vg&uuml;ler dizip makam ve menfaat dev\u015firenler midir?<\/span><\/p>\n<p style=\"margin-bottom: 0.0001pt; text-align: justify; text-indent: 1cm; line-height: 16pt;\"><span style=\"font-family: arial,helvetica,sans-serif; font-size: 12pt;\"><strong>\u015eimdi bu zevata hat\u0131rlatmak farzd\u0131:<\/strong><\/span><\/p>\n<p style=\"margin-bottom: 0.0001pt; text-align: justify; text-indent: 1cm; line-height: 16pt;\"><span style=\"font-family: arial,helvetica,sans-serif; font-size: 12pt;\"><strong>&bull; H&acirc;\u015f&acirc;, Cenab\u0131 Allah m\u0131 dinini b\u0131rakm\u0131\u015f ve Kur&rsquo;ani h&uuml;k&uuml;mleri ask\u0131ya alm\u0131\u015ft\u0131?<\/strong><\/span><\/p>\n<p style=\"margin-bottom: 0.0001pt; text-align: justify; text-indent: 1cm; line-height: 16pt;\"><span style=\"font-family: arial,helvetica,sans-serif; font-size: 12pt;\"><strong>&bull; Hz. Peygamber Aleyhisselam m\u0131 s&uuml;nnetini ve sistemini b\u0131rakm\u0131\u015ft\u0131?<\/strong><\/span><\/p>\n<p style=\"margin-bottom: 0.0001pt; text-align: justify; text-indent: 1cm; line-height: 16pt;\"><span style=\"font-family: arial,helvetica,sans-serif; font-size: 12pt;\"><strong>&bull; Muhterem Mezhep \u0130mamlar\u0131n\u0131n ve M&uuml;&ccedil;tehit Uleman\u0131n i&ccedil;tihatlar\u0131 m\u0131 art\u0131k bo\u015fa &ccedil;\u0131km\u0131\u015ft\u0131?<\/strong><\/span><\/p>\n<p style=\"margin-bottom: 0.0001pt; text-align: justify; text-indent: 1cm; line-height: 16pt;\"><span style=\"font-family: arial,helvetica,sans-serif; font-size: 12pt;\"><strong>&bull; Yoksa AKP iktidar\u0131, kurmay ve yanda\u015f tak\u0131m\u0131 m\u0131 sap\u0131tm\u0131\u015f ve hak yoldan ayr\u0131lm\u0131\u015ft\u0131?<\/strong><\/span><\/p>\n<p style=\"margin-bottom: 0.0001pt; text-align: justify; text-indent: 1cm; line-height: 16pt;\"><span style=\"font-family: arial, helvetica, sans-serif; font-size: 14pt;\"><strong>Dilipak&rsquo;\u0131n itiraf\u0131yla: AKP zaten karanl\u0131k g&uuml;&ccedil;lerin bir plan\u0131yd\u0131!<\/strong><\/span><\/p>\n<p style=\"margin-bottom: 0.0001pt; text-align: justify; text-indent: 1cm; line-height: 16pt;\"><span style=\"font-family: arial,helvetica,sans-serif; font-size: 12pt;\"><strong>Dilipak, Merkez Parti Genel Ba\u015fkan\u0131 Abdurrahim Karsl\u0131&rsquo;n\u0131n evinde &ouml;zetle \u015funlar\u0131 anlatm\u0131\u015ft\u0131: <\/strong>Bat\u0131l\u0131 &uuml;lkeler, 1990&rsquo;l\u0131 y\u0131llar\u0131n ba\u015flar\u0131ndan itibaren T&uuml;rkiye&rsquo;ye s\u0131kl\u0131kla gidip gelmeye ba\u015flam\u0131\u015ft\u0131 ve siyasal \u0130slamc\u0131 gruplarla, bir tak\u0131m taahh&uuml;tler kar\u015f\u0131l\u0131\u011f\u0131nda yol arkada\u015fl\u0131\u011f\u0131 yapmaya &ccedil;al\u0131\u015f\u0131lm\u0131\u015ft\u0131. Bu teklif &ouml;nce Milli G&ouml;r&uuml;\u015f lideri <strong>Necmettin Erbakan&rsquo;a <\/strong>yap\u0131lm\u0131\u015f, O&rsquo;nun kesinlikle reddetmesi &uuml;zerine aray\u0131\u015fa giren <strong>ABD, \u0130ngiltere ve \u0130srail<\/strong> temsilcileri, ayn\u0131 teklifi bu kez&nbsp;<strong>Tayyip Erdo\u011fan&nbsp;<\/strong>ve&nbsp;<strong>Abdullah G&uuml;l<\/strong>&rsquo;e ta\u015f\u0131m\u0131\u015ft\u0131. Her iki isme yabanc\u0131 odaklarca al\u0131nan taahh&uuml;t kar\u015f\u0131l\u0131\u011f\u0131nda destek &ccedil;\u0131k\u0131lm\u0131\u015f ve AKP kurularak iktidar yolu a&ccedil;\u0131lm\u0131\u015ft\u0131. <strong>Dilipak da bunlar\u0131 do\u011frulam\u0131\u015f, ama zoraki yorumlarla k\u0131v\u0131rmaya ba\u015flam\u0131\u015ft\u0131.<\/strong><\/span><\/p>\n<p style=\"margin-bottom: 0.0001pt; text-align: justify; text-indent: 1cm; line-height: 16pt;\"><span style=\"font-family: arial, helvetica, sans-serif; font-size: 14pt;\"><strong>Fetullah G&uuml;len de Haham olacak m\u0131yd\u0131?<\/strong><\/span><\/p>\n<p style=\"margin-bottom: 0.0001pt; text-align: justify; text-indent: 1cm; line-height: 16pt;\"><span style=\"font-family: arial,helvetica,sans-serif; font-size: 12pt;\"><strong>Paralel yap\u0131n\u0131n de\u015fifre olmas\u0131yla k&ouml;\u015feye s\u0131k\u0131\u015fan Fetullah G&uuml;len T&uuml;rkiye&rsquo;ye iade edilmemek i&ccedil;in Kanada&rsquo;ya gitme haz\u0131rl\u0131\u011f\u0131na ba\u015flam\u0131\u015ft\u0131. T&uuml;rkiye ile su&ccedil;lular\u0131iade anla\u015fmas\u0131 bulunmayan Kanada&rsquo;ya daha &ouml;nce de Tuncay G&uuml;ney&nbsp; ka&ccedil;m\u0131\u015ft\u0131. Verdi\u011fi yalan yanl\u0131\u015f ifadelerle Ergenekon soru\u015fturmas\u0131n\u0131n ba\u015flamas\u0131n\u0131 sa\u011flayan ve ard\u0131ndan Kanada&rsquo;ya ka&ccedil;arak haham olan Tuncay G&uuml;ney, paralel yap\u0131n\u0131n eleba\u015f\u0131 Fetullah G&uuml;len&rsquo;e ilham kayna\u011f\u0131 m\u0131 olacakt\u0131? T&uuml;rkiye ile su&ccedil;lular\u0131 iade anla\u015fmas\u0131 olmayan Kanada&rsquo;ya ka&ccedil;mak isteyen Fetullah G&uuml;len&rsquo;e yak\u0131n isimlerin Kanada h&uuml;k&uuml;metiyle temas kurup izin istedikleri ve Toronto&rsquo;da ikamet yeri bakt\u0131klar\u0131 ortaya &ccedil;\u0131km\u0131\u015ft\u0131.<\/strong><\/span><\/p>\n<p style=\"margin-bottom: 0.0001pt; text-align: justify; text-indent: 1cm; line-height: 16pt;\"><span style=\"font-family: arial,helvetica,sans-serif; font-size: 12pt;\"><strong>Elbette yakla\u015fan se&ccedil;imler b&uuml;y&uuml;k bir f\u0131rsatt\u0131r ve tabi imtihand\u0131r. &Ccedil;&uuml;nk&uuml; OY manevi emanettir, OY milli mesuliyettir, OY taraf\u0131m\u0131z\u0131 ve saf\u0131m\u0131z\u0131 tercihtir; bu nedenle en hakl\u0131 ve hay\u0131rl\u0131 zihniyet ve hedeflerin adresi olan SAADET PART\u0130&rsquo;mize mutlaka sahip &ccedil;\u0131k\u0131lacakt\u0131r. Ancak topluma ve taban\u0131m\u0131za g&uuml;ven a\u015f\u0131lamak ve baraj &ccedil;emberini k\u0131rmak i&ccedil;in, partiye &ccedil;&ouml;reklenen baz\u0131 yamuk kafalardan ve pinti politikalardan art\u0131k kurtulmam\u0131z da \u015fartt\u0131r. <\/strong><\/span><\/p>\n<p style=\"margin-bottom: 0.0001pt; text-align: justify; text-indent: 1cm; line-height: 16pt;\"><span style=\"font-family: arial,helvetica,sans-serif; font-size: 12pt;\"><strong>23 \u015eubat 2015 tarihinde (1 hafta &ouml;ncesinde ve sonras\u0131nda da tekraren) bize telefon a&ccedil;an SP Elaz\u0131\u011f \u0130l Ba\u015fkan\u0131 de\u011ferli karde\u015fim \u0130brahim Hac\u0131bekiro\u011flu Bey:<\/strong><\/span><\/p>\n<p style=\"margin-bottom: 0.0001pt; text-align: justify; text-indent: 1cm; line-height: 16pt;\"><span style=\"font-family: arial,helvetica,sans-serif; font-size: 12pt;\"><strong><em>&ldquo;Te\u015fkilat mensuplar\u0131m\u0131z\u0131n b&uuml;y&uuml;k &ccedil;o\u011funlukla bizi 1. S\u0131ra Milletvekili aday\u0131 yazd\u0131klar\u0131n\u0131, fikren ve fiilen zaten birlikte olsak da, art\u0131k resmen de hizmete kat\u0131lmam\u0131z\u0131 ve aram\u0131zdaki so\u011fuklu\u011fun kald\u0131r\u0131lmas\u0131n\u0131 arzulad\u0131klar\u0131n\u0131 ve bu konuyu O\u011fuzhan Asilt&uuml;rk&rsquo;e de (telefonda) a&ccedil;t\u0131klar\u0131n\u0131 ve olumlu kar\u015f\u0131lad\u0131klar\u0131n\u0131, bu nedenle Ankara&rsquo;ya gidip bir kahvesini i&ccedil;memizin &ccedil;ok iyi olaca\u011f\u0131n\u0131&rdquo;<\/em><\/strong> belirtip kanaat ve karar\u0131m\u0131z\u0131 sormu\u015flard\u0131. (Not: Bu g&ouml;r&uuml;\u015fmeler ve kar\u015f\u0131l\u0131kl\u0131 s&ouml;yle\u015filer her ikimizin cep telefonlar\u0131nda kay\u0131tl\u0131d\u0131r.) Biz kendilerinin bu samimi arzular\u0131na ve duyarl\u0131l\u0131klar\u0131na te\u015fekk&uuml;r ettikten sonra, hakl\u0131 ve hay\u0131rl\u0131 davam\u0131za resmen ve sorumluluk y&uuml;klenerek hizmet etmeyi bir \u015fans ve \u015feref sayaca\u011f\u0131m\u0131z\u0131 belirtip \u015funlar\u0131 hat\u0131rlatm\u0131\u015ft\u0131k;<\/span><\/p>\n<p style=\"margin-bottom: 0.0001pt; text-align: justify; text-indent: 1cm; line-height: 16pt;\"><span style=\"font-family: arial,helvetica,sans-serif; font-size: 12pt;\"><strong><em>&ldquo;Merak ediyorum, bizim Genel Ba\u015fkan\u0131m\u0131z Mustafa Kamalak Bey oldu\u011fu halde, neden bu konular\u0131 Onunla de\u011fil de, Onun alt\u0131ndaki isti\u015fare heyeti ba\u015fkan\u0131yla konu\u015fmaktas\u0131n\u0131z? Sn. Kamalak, -h&acirc;\u015f&acirc;- sadece bir vitrin mankeni ve O\u011fuzhan Asilt&uuml;rk&rsquo;&uuml;n kuklas\u0131 ise, bu toplumun partimize itibar ve itimat etmesini beklemekte ne kadar hakl\u0131y\u0131z? Allah&rsquo;\u0131n izni ve inayetiyle partimiz iktidar olacaksa, yetkili Ba\u015fbakan Mustafa Kamalak m\u0131, O\u011fuzhan Asilt&uuml;rk m&uuml; olacakt\u0131r. Yani halk\u0131m\u0131z hangisine oy atacakt\u0131r? O\u011fuzhan Asilt&uuml;rk bu denli mutemet ve m&uuml;barek bir insan ise, niye Aziz Hocam\u0131z kendisinden sonra Genel Ba\u015fkanl\u0131\u011fa Onu de\u011fil de, Sn. Mustafa Kamalak Beyi i\u015faret ve tensip buyurmu\u015flard\u0131r? Biz evrensel proje ve prensiplere sahip bir siyasi cihat te\u015fkilat\u0131 m\u0131y\u0131z, yoksa O\u011fuzhan Asilt&uuml;rk Tarikat\u0131 m\u0131y\u0131z?&rdquo; <\/em><\/strong><strong>dedikten sonra kendilerine \u015fu maruzat\u0131m\u0131z\u0131 aktarm\u0131\u015ft\u0131k:<\/strong><\/span><\/p>\n<p style=\"margin-bottom: 0.0001pt; text-align: justify; text-indent: 1cm; line-height: 16pt;\"><span style=\"font-family: arial,helvetica,sans-serif; font-size: 12pt;\"><strong>&ldquo;T&uuml;rkiye&rsquo;nin en s\u0131k\u0131nt\u0131l\u0131 ve partimizin en zay\u0131f ilinde 1. de\u011fil, en son s\u0131radan aday olmaya haz\u0131r\u0131m. Hi&ccedil; aday yap\u0131lmadan da istedi\u011finiz b&ouml;lgede b&uuml;t&uuml;n g&uuml;c&uuml;mle &ccedil;al\u0131\u015fmaya var\u0131m ve bunu kutlu bir g&ouml;rev sayar\u0131m. 40 y\u0131ld\u0131r \u015fahs\u0131ma y&ouml;nelik b&uuml;t&uuml;n haks\u0131z su&ccedil;lama ve d\u0131\u015flamalar\u0131 da asla hesaba katmayaca\u011f\u0131m. Ancak Masonik ve m&uuml;naf\u0131k &ccedil;evrelerce: <em>&ldquo;Bosna&rsquo;ya yard\u0131m paralar\u0131n\u0131 i&ccedil; etti&rdquo; &ldquo;Partiye verilen devlet yard\u0131m\u0131n\u0131 zimmetine ge&ccedil;irdi&rdquo;<\/em><\/strong> \u015feklindeki haks\u0131z ve dayanaks\u0131z iddialara muhatap ve mahk&ucirc;m olan <strong>Aziz Erbakan Hocam\u0131z<\/strong>&rsquo;a y&ouml;nelik: <strong><em>&ldquo;Davaya hizmet i&ccedil;in toplanan paralar\u0131 -g&uuml;ya- el konulmas\u0131n ve zayi olmas\u0131n diye mala &ccedil;evirip kendi &uuml;zerine tapulad\u0131 ve bunlar\u0131 &ccedil;ocuklar\u0131na miras b\u0131rakt\u0131; Onlar da beyt&uuml;l mal\u0131n &uuml;zerine yatt\u0131!&rdquo; <\/em>\u015feklindeki alakas\u0131z ve ahlaks\u0131z bir iftiray\u0131 hi&ccedil; kimse yapmam\u0131\u015f ve zalim &ccedil;evrelerin a\u011fz\u0131na sak\u0131z atmam\u0131\u015ft\u0131r. Herhalde: bu iddia ve iftirada, as\u0131l su&ccedil;lanmak ve sorumlu tutulmak istenen &ccedil;ocuklar\u0131 de\u011fil, bizzat Erbakan oldu\u011funu anlamamak i&ccedil;in, ya AHMAK veya AL&Ccedil;AK olmak laz\u0131md\u0131r! &Ccedil;&uuml;nk&uuml; defalarca ve \u0130slami kaynaklar\u0131yla yazd\u0131\u011f\u0131m\u0131z gibi <em>&ldquo;Beyt&uuml;lmal\u0131, cihat paralar\u0131n\u0131, hatta ganimet paylar\u0131n\u0131, her ne sebep ve bahaneyle olursa olsun; kendi \u015fahsi m&uuml;lk&uuml;ne-zimmetine ge&ccedil;iren, vefat\u0131 ve tutuklanmas\u0131 halinde bunlar\u0131n hizmete iadesi i&ccedil;in \u015fahitli vasiyet belgesi ve durum bildirgesi d&uuml;zenlemeyen yetkili ki\u015filer, en b&uuml;y&uuml;k vebal alt\u0131ndad\u0131r ve a&ccedil;\u0131k hadislerle Hz. Peygamber Efendimizin lanetine u\u011fram\u0131\u015ft\u0131r!?&rdquo; <\/em><\/strong><\/span><\/p>\n<p style=\"margin-bottom: 0.0001pt; text-align: justify; text-indent: 1cm; line-height: 16pt;\"><span style=\"font-family: arial,helvetica,sans-serif; font-size: 12pt;\"><strong>Aziz Hocam\u0131z bu t&uuml;r baya\u011f\u0131l\u0131klardan elbette uzak ve m&uuml;stesna bir zatt\u0131r. &Ouml;yle ise, ilk yap\u0131lmas\u0131 gereken ve bizim de kesin beklentimiz; Aziz Hocam\u0131z\u0131n ruhaniyetini t&ouml;hmet alt\u0131nda tutan bu as\u0131ls\u0131z ve asaletsiz ithamlar\u0131n yalan ve yanl\u0131\u015f oldu\u011funun, Milli Gazetemizde ve TV5&rsquo;te acilen yay\u0131nlanmas\u0131d\u0131r.<\/strong><\/span><\/p>\n<p style=\"margin-bottom: 0.0001pt; text-align: justify; text-indent: 1cm; line-height: 16pt;\"><span style=\"font-family: arial,helvetica,sans-serif; font-size: 12pt;\"><strong><em>&ldquo;Yahu, \u015fimdi bunlar\u0131n s\u0131ras\u0131 m\u0131d\u0131r, birlik dirlik zaman\u0131d\u0131r!&rdquo;<\/em><\/strong><strong> gibi s&ouml;zler, maalesef <em>&ldquo;hakarete mazeret k\u0131l\u0131f\u0131 uydurmak&rdquo; <\/em>ve sorumluluktan ka&ccedil;makt\u0131r. Hocam\u0131z gibi Zat&rsquo;a, hatta herhangi bir insana, b&ouml;ylesine iftiralar\u0131 d\u0131\u015far\u0131dakiler atarsa g&uuml;nah, i&ccedil;erdekiler atarsa m&uuml;bah m\u0131d\u0131r? Ba\u015fkalar\u0131n\u0131n haks\u0131z ve ahlaks\u0131z iddialar\u0131na kar\u015f\u0131 susmak &ldquo;dilsiz \u015feytanl\u0131k&rdquo; da, kendisini Y\u0130K Ba\u015fkan\u0131 sayanlar\u0131n alakas\u0131z ve dayanaks\u0131z isnatlar\u0131na kar\u015f\u0131 el ba\u011flay\u0131p pusmak kahramanl\u0131k m\u0131d\u0131r? Ya da, Erbakan&rsquo;a as\u0131ls\u0131z isnatlarda bulunup t&ouml;hmet alt\u0131nda tutmak bir hak da, O\u011fuzhan&rsquo;\u0131n bu iddias\u0131na kar\u015f\u0131 &ccedil;\u0131kmak yasak m\u0131d\u0131r? Bu nas\u0131l bir vicdan, bu nas\u0131l bir iz&rsquo;an, bu nas\u0131l bir \u0130slam ve insanl\u0131k anlay\u0131\u015f\u0131d\u0131r? Yoksa b&uuml;t&uuml;n bunlar, Erbakan&rsquo;a duyulan gizli kin ve intikam duygusunun d\u0131\u015fa vurulmas\u0131 m\u0131d\u0131r?<\/strong><\/span><\/p>\n<p style=\"margin-bottom: 0.0001pt; text-align: justify; text-indent: 1cm; line-height: 16pt;\"><span style=\"font-family: arial, helvetica, sans-serif; font-size: 14pt;\"><strong>\u0130\u015fte AKP&rsquo;nin Ahl&acirc;k Ayar\u0131; Yeti\u015ftirme Yurtlar\u0131 ve D\u0131\u015f Politika Duyars\u0131zl\u0131\u011f\u0131<\/strong><\/span><\/p>\n<p style=\"margin-bottom: 0.0001pt; text-align: justify; text-indent: 1cm; line-height: 16pt;\"><span style=\"font-family: arial,helvetica,sans-serif; font-size: 12pt;\"><strong>Yap\u0131lan bilimsel ara\u015ft\u0131rmalar, nikotin zehri i&ccedil;eren t&uuml;t&uuml;n yapraklar\u0131na ve esrar &uuml;retilen Hint Keneviri otlar\u0131na, b&ouml;ceklerin ve sineklerin bile konmad\u0131\u011f\u0131n\u0131; hatta kar\u0131nca ve ha\u015farat\u0131n margarin gibi suni ya\u011flara yakla\u015fmad\u0131\u011f\u0131n\u0131 ortaya &ccedil;\u0131karm\u0131\u015ft\u0131r. Oysa insanla hayvan\u0131n fark\u0131; Hakla Bat\u0131l\u0131, do\u011fru ile yanl\u0131\u015f\u0131, faydal\u0131 ile zararl\u0131y\u0131 ay\u0131rmaya yarayan akl\u0131d\u0131r. Hayvanlar\u0131n bile yakla\u015fmad\u0131\u011f\u0131 zul&uuml;m ve zararlara bula\u015fan, hayr\u0131 ve \u015ferri ay\u0131ramayan kimseler insanl\u0131k onurundan giderek uzakla\u015fmaktad\u0131r. Elaz\u0131\u011f Palu kazas\u0131nda ya\u015fam\u0131\u015f rahmetli \u015eeyh Mehdin Efendi, yeni kurduklar\u0131 camilerinin a&ccedil;\u0131l\u0131\u015f\u0131n\u0131 yapmak &uuml;zere Karabegan&rsquo;\u0131n bir k&ouml;y&uuml;ne &ccedil;a\u011fr\u0131lm\u0131\u015ft\u0131. \u015eeyh efendi, o k&ouml;yl&uuml;lerin; faizcilikle u\u011fra\u015fan, kom\u015fular aras\u0131nda fitne &ccedil;\u0131karan ve ba\u015fkas\u0131n\u0131n namusuna kem g&ouml;zle bakan huysuz ve soysuz bir adam\u0131 muhtar se&ccedil;tiklerini haber alm\u0131\u015ft\u0131. Camide \u0130lk Cuma namaz\u0131 k\u0131l\u0131nd\u0131ktan ve ikram sofras\u0131ndan sonra ilim ve hikmet ehli Rahmetullah Mehdin Efendiye yeni camilerini nas\u0131l bulduklar\u0131 sorulunca verdi\u011fi yan\u0131t herkesi \u015fa\u015f\u0131rtm\u0131\u015ft\u0131;<\/strong> <strong><em>&ldquo;&Ccedil;ok g&uuml;zel ve g&ouml;steri\u015fli yap\u0131lm\u0131\u015f<\/em><em>, ancak &ouml;nemli bir husus eksik b\u0131rak\u0131lm\u0131\u015f&#8230; Caminin i&ccedil;indeki d&ouml;rt duvar\u0131 boyunca yemlikler (ah\u0131rlarda hayvanlar\u0131n yemlerini yiyece\u011fi &ouml;zel b&ouml;l&uuml;mler) de tamamlansayd\u0131 daha iyi olacakm\u0131\u015f!..&#8221;<\/em><\/strong><\/span><\/p>\n<p style=\"margin-bottom: 0.0001pt; text-align: justify; text-indent: 1cm; line-height: 16pt;\"><span style=\"font-family: arial,helvetica,sans-serif; font-size: 12pt;\"><strong>S&ouml;zde dindar kahraman AKP \u0130ktidar\u0131 d&ouml;neminde b&uuml;t&uuml;n milli ve yerli sanayimizin &ccedil;&ouml;kertilmesi, b&uuml;t&uuml;n fabrikalar\u0131m\u0131z\u0131n ve kazan\u0131mlar\u0131m\u0131z\u0131n yabanc\u0131lara pe\u015fke\u015f &ccedil;ekilmesi yan\u0131nda, ahlaki ve ailevi tahribat da korkun&ccedil; boyutlara ula\u015fm\u0131\u015ft\u0131. Zina su&ccedil; olmaktan &ccedil;\u0131kar\u0131l\u0131p fuhu\u015f yayg\u0131nla\u015ft\u0131r\u0131lm\u0131\u015f, e\u015fcinselli\u011fe me\u015fruiyet kazand\u0131r\u0131lm\u0131\u015ft\u0131. \u0130\u015fte g&uuml;ya devletin denetimde ve AKP H&uuml;k&uuml;metinin g&ouml;zetimindeki &ccedil;ocuk yeti\u015ftirme yuvalar\u0131n\u0131n bir k\u0131sm\u0131 maalesef fuhu\u015f merkezlerine ve gizil genelevine d&ouml;nd&uuml;r&uuml;lm&uuml;\u015f bulunmaktayd\u0131. Elaz\u0131\u011f Harput Yeti\u015ftirme Yurdu&rsquo;nda y\u0131llard\u0131r devam etti\u011fi anla\u015f\u0131lan ve b&uuml;t&uuml;n g&ouml;revlileri a&ccedil;\u0131\u011fa al\u0131nan tecav&uuml;z skandal\u0131, bu dindar AKP&rsquo;nin y&uuml;zkaras\u0131 ve ahl&acirc;k aynas\u0131yd\u0131. &Uuml;lkemizi, milletimizi ve &uuml;mmeti bu talihsiz gidi\u015fat ve tahribattan kurtarma umudu olmas\u0131 gereken Saadet Partisi ise, maalesef O\u011fuzhan Tarikat\u0131na &ccedil;evrilmi\u015f durumdayd\u0131.<\/strong><\/span><\/p>\n<p style=\"margin-bottom: 0.0001pt; text-align: justify; text-indent: 1cm; line-height: 16pt;\"><span style=\"font-family: arial, helvetica, sans-serif; font-size: 14pt;\"><strong>Milli G&ouml;r&uuml;\u015f&ccedil;&uuml;lerin Tarihi Sorumluluklar\u0131<\/strong><\/span><\/p>\n<p style=\"margin-bottom: 0.0001pt; text-align: justify; text-indent: 1cm; line-height: 16pt;\"><span style=\"font-family: arial,helvetica,sans-serif; font-size: 12pt;\"><strong>O\u011fuzhan Asilt&uuml;rk &ldquo;tan\u0131k s\u0131fat\u0131&rdquo;yla ve kendi iddialar\u0131yla alakal\u0131 &ccedil;a\u011fr\u0131ld\u0131\u011f\u0131 savc\u0131l\u0131kta ifadeye &ccedil;a\u011fr\u0131lm\u0131\u015f, Erbakan ailesiyle ilgili b&uuml;t&uuml;n t&uuml;k&uuml;rd&uuml;klerini yalam\u0131\u015ft\u0131!?<\/strong><\/span><\/p>\n<p style=\"margin-bottom: 0.0001pt; text-align: justify; text-indent: 1cm; line-height: 16pt;\"><span style=\"font-size: 12pt; font-family: arial,helvetica,sans-serif;\">SP Genel \u0130dare Kurulu &uuml;yesi (kendi tertibiyle YIK reisi) <strong>O\u011fuzhan Asilt&uuml;rk de <\/strong>12 Nisan 2012&#8217;de tan\u0131k s\u0131fat\u0131yla savc\u0131l\u0131kta ifade veriyordu. Erbakan&#8217;\u0131 1954&#8217;ten bu yana tan\u0131d\u0131\u011f\u0131 i&ccedil;in (O\u011fuzhan Bey ger&ccedil;e\u011fi &ccedil;arp\u0131t\u0131yor ve camiam\u0131z\u0131 yan\u0131lt\u0131yordu. &Ccedil;&uuml;nk&uuml; S. Arif Beyin a&ccedil;\u0131k beyan\u0131na g&ouml;re, Erbakan Hocam\u0131z 1970 y\u0131l\u0131na kadar kendisini tan\u0131m\u0131yordu. M. &Ccedil;.) ailesini de yak\u0131ndan bildi\u011fini belirten Asilt&uuml;rk, Zeynep Erbakan&#8217;\u0131n dilek&ccedil;e verdi\u011findenhaberi oldu\u011funu anlat\u0131yordu. &Ccedil;&uuml;nk&uuml; zaten O&#8217;nu kendisi k\u0131\u015fk\u0131rt\u0131yordu. Zeynep Erbakan&rsquo;\u0131n dilek&ccedil;esinin ard\u0131ndan Y&uuml;ksek \u0130sti\u015fare Kurulu&rsquo;nu toplay\u0131p Mehmet Alt\u0131n&ouml;z ile Fatih Erbakan&#8217;\u0131 &ccedil;a\u011f\u0131rd\u0131klar\u0131n\u0131, ama Fatih&#8217;in gelmedi\u011fini, Alt\u0131n&ouml;z&rsquo;e ise yal\u0131y\u0131 sorduklar\u0131n\u0131 belirten Asilt&uuml;rk, <strong>&ldquo;Kendisi ailesinin tasarruflar\u0131 ile ald\u0131\u011f\u0131n\u0131, zengin bir aileye mensup oldu\u011funu s&ouml;yledi&#8221; diyerek, aylarca <em>&#8220;Erbakan cihat paralar\u0131n\u0131, mala &ccedil;evirip &uuml;st&uuml;ne tapulad\u0131<\/em> ve <em>bunlar\u0131 &ccedil;ocuklar\u0131na miras b\u0131rakt\u0131&rdquo; <\/em>iddialar\u0131n\u0131n birer \u0130ftira oldu\u011funu b&ouml;ylece \u0130tiraf ediyordu. <\/strong>Milli Gazete Yazar\u0131m\u0131z <strong>Mevl&uuml;t &Ouml;zcan Hoca<\/strong> bir r&uuml;yas\u0131n\u0131 aktarm\u0131\u015ft\u0131: Cehenneme at\u0131lan bir tan\u0131d\u0131k milletvekilini kurtarmaya &ccedil;al\u0131\u015fm\u0131\u015f, ama g&ouml;revli melekler mani olunca, O&rsquo;nun g&uuml;nah\u0131n\u0131 sormu\u015flard\u0131. Melekler ise, <strong><em>&ldquo;O Erbakan Hoca&rsquo;ya at\u0131lan iftiraya inanm\u0131\u015f ve yaym\u0131\u015ft\u0131&rdquo;<\/em><\/strong> \u015feklinde yan\u0131tlam\u0131\u015ft\u0131. Peki, \u015fimdi O\u011fuzhan Asilt&uuml;rk&rsquo;&uuml;n yapt\u0131\u011f\u0131: &ldquo;Erbakan cihat paralar\u0131n\u0131 mala &ccedil;evirip kendi &uuml;st&uuml;ne tapulad\u0131, onlar da &ccedil;ocuklar\u0131na miras kald\u0131&rdquo; iftiras\u0131nda susanlar\u0131n hali ne olacakt\u0131?<\/span><\/p>\n<p style=\"margin-bottom: 0.0001pt; text-align: justify; text-indent: 1cm; line-height: 16pt;\"><span style=\"font-family: arial,helvetica,sans-serif; font-size: 12pt;\"><strong>Efendim, &ouml;yleyse Erbakan niye bunlar\u0131 etraf\u0131na toplam\u0131\u015ft\u0131?<\/strong><\/span><\/p>\n<p style=\"margin-bottom: 0.0001pt; text-align: justify; text-indent: 1cm; line-height: 16pt;\"><span style=\"font-size: 12pt; font-family: arial,helvetica,sans-serif;\">B&uuml;y&uuml;k liderler herkesi, kendi kabiliyeti ve karakteri do\u011frultusunda de\u011ferlendiren ve bu dengeleri g&ouml;zeten zatlard\u0131r. &Ouml;rne\u011fin muhterem S&uuml;leyman Arif Emre Bey kendisi anlat\u0131yor: <strong><em>&ldquo;Biz MSP olarak Mason Hayrettin Erkmen&rsquo;i, \u0130srail yanl\u0131s\u0131 diye gensoru verip d&uuml;\u015f&uuml;rd&uuml;k, Siyonistleri &uuml;rk&uuml;tt&uuml;k; bir de kalk\u0131p Konya&rsquo;da Kud&uuml;s Mitingi yaparsak ba\u015f\u0131m\u0131za bela a&ccedil;ar\u0131z!&rdquo;<\/em><\/strong> diye, Erbakan Hocam\u0131z\u0131n \u0131srarlar\u0131na ra\u011fmen Konya Mitingine kat\u0131lm\u0131yor&hellip; Buna ra\u011fmen Hocam &ldquo;Bir incele, kanunlara ayk\u0131r\u0131 k\u0131s\u0131mlar var m\u0131?&rdquo; diye &ccedil;ekilen g&ouml;r&uuml;nt&uuml;leri kendisine g&ouml;nderince iyice afall\u0131yor ve Hocam\u0131za: <strong><em>&ldquo;Biz sizi Nak\u015fi bilirdik, ama siz mitingde on binlerce cehri zikir &ccedil;ektirmi\u015fsiniz!&rdquo;<\/em><\/strong> gibi sitemleri ediyor..<\/span><\/p>\n<p style=\"margin-bottom: 0.0001pt; text-align: justify; text-indent: 1cm; line-height: 16pt;\"><span style=\"font-family: arial,helvetica,sans-serif; font-size: 12pt;\"><strong>\u0130yi de Hoca partinin gelece\u011fini ve g&uuml;venli\u011fini S. Arif Emre Bey kadar d&uuml;\u015f&uuml;nm&uuml;yor muydu? Kim bilir, belki de tasarlad\u0131\u011f\u0131n\u0131 bildi\u011fi bir askeri m&uuml;dahalenin, sonu&ccedil;lar\u0131 itibariyle dinimize, devletimize ve milletimize daha b&uuml;y&uuml;k hay\u0131rlar getirece\u011fini sezmi\u015f bulunuyordu!? Oysa ayn\u0131 muhterem, 1979&rsquo;da genel ba\u015fkan\u0131 oldu\u011fu MSP&rsquo;yi kapatt\u0131rmak i&ccedil;in kendisine atfedilen baz\u0131 uydurma deme&ccedil;lerin MGK&rsquo;ya verildi\u011fini duyunca tela\u015flan\u0131p Hocam\u0131za hat\u0131rlatm\u0131\u015f, Hocam\u0131z da gidip Nahit &Ouml;zg&uuml;r Pa\u015fa&rsquo;dan bu metinleri al\u0131p okuyunca <em>&ldquo;Bu s&ouml;zler \u015fu anda Eski\u015fehir cezaevinde bulunan Kadir M\u0131s\u0131ro\u011flu&rsquo;na aittir. Ama sizi yan\u0131ltmak i&ccedil;in Sn. S&uuml;leyman Arif Beye aitmi\u015f gibi g&ouml;sterilmi\u015ftir&rdquo; <\/em>diyerek, Masonlar\u0131n tezg&acirc;h\u0131n\u0131 bozduklar\u0131n\u0131 da yine kendisi anlatm\u0131\u015ft\u0131r.<\/strong><\/span><\/p>\n<p style=\"margin-bottom: 0.0001pt; text-align: justify; text-indent: 1cm; line-height: 16pt;\"><span style=\"font-family: arial, helvetica, sans-serif; font-size: 14pt;\"><strong>Arif Ersoy&rsquo;un tutars\u0131zl\u0131\u011f\u0131!<\/strong><\/span><\/p>\n<p style=\"margin-bottom: 0.0001pt; text-align: justify; text-indent: 1cm; line-height: 16pt;\"><span style=\"font-family: arial,helvetica,sans-serif; font-size: 12pt;\"><strong><em>&ldquo;Hayat\u0131nda hi&ccedil; Erbakanc\u0131 olmamakla&rdquo;<\/em><\/strong> &ouml;v&uuml;nen ve bu s&ouml;zleriyle &ldquo;Erbakanc\u0131y\u0131m&rdquo; diyenleri dolayl\u0131 bi&ccedil;imde tenkit eden (Oysa, Hanifi, \u015eafii, Kadiri, Nak\u015fi ve Mevlevii olmak gibi <strong>Erbakani<\/strong> olmak ta bir me\u015frep ve meziyet tarifidir ve elbette caiz ve g&uuml;zeldir) ve <strong>Erbakan Vakf\u0131<\/strong>&rsquo;n\u0131n ak\u0131ldanesi ve akademisyeni bilinen ve &uuml;stelik Recai Kutan Bey&rsquo;in ba\u015f\u0131ndaki ESAM&rsquo;\u0131n Genel sekreterli\u011fini y&uuml;r&uuml;ten muhterem <strong>Arif Ersoy<\/strong> bile maalesef sonunda Rahmetli Hocam\u0131z\u0131n defaatle: <strong><em>&ldquo;Bunlar Siyonizm&rsquo;in i\u015fbirlik&ccedil;i tahsildarlar\u0131 ve hidayetleri kararm\u0131\u015f zavall\u0131lar&rdquo;<\/em><\/strong> dedi\u011fi AKP&rsquo;den aday olmaktan sak\u0131nmam\u0131\u015f ve bu tavr\u0131yla nas\u0131l bir adam oldu\u011funu da ispatlam\u0131\u015ft\u0131. Acaba bu Hak davadan en ba\u015f\u0131ndan kaytar\u0131p ayr\u0131lanlar m\u0131, yoksa en sona kalanlar m\u0131 daha bedbahtt\u0131. Zirveye yakla\u015fm\u0131\u015fken kay\u0131p a\u015fa\u011f\u0131 yuvarlananlar m\u0131, yoksa zorlu yoku\u015fun hen&uuml;z ilk basamaklar\u0131nda iken vazge&ccedil;ip ka&ccedil;anlar m\u0131 daha &ccedil;ok h&uuml;srandayd\u0131? Birka&ccedil; puanla &uuml;niversite s\u0131nav\u0131n\u0131 kazanamayanlar m\u0131, yoksa zaten hi&ccedil;bir iddias\u0131 bulunmayanlar m\u0131 daha fazla dizine vuracakt\u0131? Ya Rab bu ne muazzam ve k&uuml;l yutturulmaz bir imtihand\u0131!.. Kald\u0131 ki <strong><em>&ldquo;(Ayn\u0131 K\u0131bleye y&ouml;nelmek) Y&uuml;zlerinizi do\u011fuya ve bat\u0131ya &ccedil;evirmek (tek ba\u015f\u0131na) bir iyilik ve hay\u0131r (say\u0131lmayacakt\u0131r)&hellip; &hellip;(As\u0131l iyilik ve \u015feref Hak u\u011frunda) M&uuml;cadele ve m&uuml;cahadenin en k\u0131z\u0131\u015ft\u0131\u011f\u0131 (ve gev\u015feklerin ka&ccedil;t\u0131\u011f\u0131) bir ortamda, zorluklar\u0131n ve hastal\u0131klar\u0131n artmas\u0131 durumunda sab\u0131rl\u0131 ve sabit kalmakt\u0131r. Ve i\u015fte sad\u0131k ve sa\u011flam duranlar da, samimi ve muttaki olanlar da bunlard\u0131r&rdquo; <\/em><\/strong>(Bakara: 177. Ayetin ba\u015f\u0131 ve son k\u0131sm\u0131) Umar\u0131z bu dostumuzun vicdani ayar\u0131 de\u011fil, sadece makam ve menfaat damar\u0131 kaym\u0131\u015ft\u0131.<\/span><\/p>\n<p style=\"margin-bottom: 0.0001pt; text-align: justify; text-indent: 1cm; line-height: 16pt;\"><span style=\"font-family: arial,helvetica,sans-serif; font-size: 12pt;\"><strong>Erbakan U&ccedil;ak Fabrikas\u0131n\u0131 T&uuml;rkiye&rsquo;ye Ta\u015f\u0131yacakt\u0131!<\/strong><\/span><\/p>\n<p style=\"margin-bottom: 0.0001pt; text-align: justify; text-indent: 1cm; line-height: 16pt;\"><span style=\"font-size: 12pt; font-family: arial,helvetica,sans-serif;\">&ldquo;Ben Erbakan&rsquo;a: <strong><em>&ldquo;Ya hu \u015fu siyaseti b\u0131rak, Evliya menk\u0131beleri anlatmaya bak!&rdquo;<\/em><\/strong> dedim&rdquo; diyecek kadar d&uuml;\u015f&uuml;k ayar\u0131n\u0131 ve ahlak\u0131n\u0131 ortaya koyan C&uuml;bbeli Ahmet gibilerin Hoca&rsquo;y\u0131 ve tarihi ink\u0131l&acirc;b\u0131n\u0131 anlamalar\u0131 i&ccedil;in daha &ccedil;ok emek ve ekmek laz\u0131md\u0131. Ba\u015fbakanl\u0131\u011f\u0131 d&ouml;neminde Erbakan&rsquo;\u0131n b&uuml;y&uuml;k bir gizlilikle y&uuml;r&uuml;tt&uuml;\u011f&uuml; <strong>McDonall <\/strong>\u015eirketini sat\u0131n al\u0131p T&uuml;rkiye&rsquo;ye ta\u015f\u0131ma giri\u015fimi, uluslararas\u0131 derin yap\u0131lar\u0131 ku\u015fkuland\u0131rm\u0131\u015ft\u0131. Harekete ge&ccedil;en k&uuml;resel savunma lobisi, T&uuml;rkiye&rsquo;de 28 \u015eubat Darbe Plan\u0131 yaparken, &ouml;te yanda b&uuml;y&uuml;k u&ccedil;ak firmalar\u0131 McDonall Douglas&rsquo;a hemen m&uuml;\u015fteri &ccedil;\u0131k\u0131p bu yolu kapatm\u0131\u015ft\u0131<strong>. B&ouml;ylece Yahudi Boing firmas\u0131, McDonall&rsquo;\u0131 sat\u0131n alarak merg denilen birle\u015fmeye mecbur kalm\u0131\u015ft\u0131.<\/strong><\/span><\/p>\n<p style=\"margin-bottom: 0.0001pt; text-align: justify; text-indent: 1cm; line-height: 16pt;\"><span style=\"font-family: arial,helvetica,sans-serif; font-size: 12pt;\"><strong>Erbakan&rsquo;\u0131n yerine, se&ccedil;imsiz bir \u015fekilde post modern darbe ile iktidara getirilen Anasol-D (Y\u0131lmaz, Ecevit-Sezgin) H&uuml;k&uuml;meti, b&uuml;t&uuml;n bu &ccedil;al\u0131\u015fmalar\u0131 tarihin tozlu raflar\u0131na kald\u0131rd\u0131ktan sonra THY i&ccedil;in 4,5 Milyar Dolarl\u0131k 54 adet u&ccedil;ak al\u0131m i\u015fini yabanc\u0131 firmalara aktarm\u0131\u015ft\u0131. O g&uuml;nden beri T&uuml;rkiye, yolcu u&ccedil;aklar\u0131n\u0131 da, sava\u015f u&ccedil;aklar\u0131n\u0131 da Bat\u0131l\u0131lardan almakta, modernizasyonunu ise \u0130srail&rsquo;e yapt\u0131rmaktayd\u0131. Ve i\u015fte bu u&ccedil;aklar da pat\u0131r pat\u0131r d&uuml;\u015f&uuml;p par&ccedil;alanmaktayd\u0131. Dindar kahraman rol&uuml; oynayan AKP iktidarlar\u0131 ise di\u011ferlerinden daha Amerikanc\u0131 ve Bat\u0131 ba\u011f\u0131ml\u0131s\u0131 &ccedil;\u0131km\u0131\u015ft\u0131. Velhas\u0131l C&uuml;bbeli Ahmet gibi ak\u0131l ve irfan fukaras\u0131 laf cambazlar\u0131n\u0131n bir t&uuml;rl&uuml; kavrayamad\u0131\u011f\u0131 Erbakan&rsquo;\u0131 Siyonist lobilerin beyin tak\u0131m\u0131 &ccedil;ok daha iyi anlam\u0131\u015f ve gerekli tedbirleri alm\u0131\u015flard\u0131. Hem imanen ve ahlaken, hem de ekonomik ve askeri y&ouml;nden g&uuml;&ccedil;l&uuml; ve s&ouml;z&uuml; ge&ccedil;erli oldu\u011fu i&ccedil;indir ki, her ba\u011f bozumunda s\u0131n\u0131r\u0131 ge&ccedil;ip gelerek kazan&ccedil;lar\u0131n\u0131 ya\u011fmalayan Frans\u0131z &ccedil;apulcular\u0131na kar\u015f\u0131 Osmanl\u0131&rsquo;dan medet bekleyen ve bir miktar askerle korunmalar\u0131n\u0131 isteyen Almanlara, d&ouml;nemin Padi\u015fah\u0131 <em>&ldquo;Askerimizi oraya yollamaya gerek yok, verece\u011fimiz birka&ccedil; &ccedil;uval Yeni&ccedil;eri k\u0131yafetini korkuluklara ge&ccedil;irin, bu Frans\u0131z sald\u0131rganlar\u0131 durdurmaya yeter!&rdquo;<\/em> demi\u015f ve ger&ccedil;ekten uzaktan bu k\u0131yafetleri g&ouml;ren Frans\u0131zlar y\u0131llarca Manhaim&rsquo;e u\u011frayamam\u0131\u015flard\u0131 ve hala her y\u0131l g&uuml;z mevsiminde bu olay\u0131n kutlamalar\u0131 yap\u0131l\u0131rd\u0131. <\/strong><\/span><\/p>\n<p style=\"margin-bottom: 0.0001pt; text-align: justify; text-indent: 1cm; line-height: 16pt;\"><span style=\"font-family: arial, helvetica, sans-serif; font-size: 14pt;\"><strong>Yeg&acirc;ne kuvvet ve kudret sahibi Cenab\u0131 Hakt\u0131r ve zafer yak\u0131nd\u0131r! <\/strong><\/span><\/p>\n<p style=\"margin-bottom: 0.0001pt; text-align: justify; text-indent: 1cm; line-height: 16pt;\"><span style=\"font-size: 12pt; font-family: arial,helvetica,sans-serif;\">T&uuml;rkiye&rsquo;mizin genel manzaras\u0131n\u0131 ve marazl\u0131 m&uuml;naf\u0131klar\u0131n tavr\u0131n\u0131 resmetmemizin nedeni, sorunlar\u0131m\u0131z\u0131 kavramak ve sorumluluklar\u0131m\u0131z\u0131 ku\u015fanmak ama&ccedil;l\u0131d\u0131r. Yoksa karamsarl\u0131k ancak iblis \u015eeytan\u0131na yak\u0131\u015f\u0131r. Bize d&uuml;\u015fen iyi kimseler olmak ve iyiliklerin h&acirc;kim olmas\u0131 i&ccedil;in &ccedil;al\u0131\u015fmakt\u0131r. Hat\u0131rlayacaks\u0131n\u0131z; <strong>iman, ilim, ittika, ibadet, infak, ihsan, ihl&acirc;s, iyilik ve istikamet <\/strong>gibi <strong>&ldquo;9 i prensibi&rdquo;<\/strong> olarak yaz\u0131p s\u0131n\u0131fland\u0131rd\u0131\u011f\u0131m\u0131z ger&ccedil;ekleri, Erbakan Hocam\u0131z &uuml;&ccedil;-be\u015f ay sonra, yeniden d&uuml;zeltip d&uuml;zenleyip b&uuml;t&uuml;n te\u015fkilatlar\u0131m\u0131za ders olarak anlatmaya ba\u015flam\u0131\u015ft\u0131. Bu h&acirc;\u015f&acirc; <strong><em>&ldquo;bizden &ouml;\u011frendi&rdquo;<\/em><\/strong> anlam\u0131n\u0131 de\u011fil, <strong>bizim tasnif ve tespitlerimizi uygun ve makbul buldu\u011fu ve manen tasdik ve takviye buyurdu\u011fu <\/strong>mesaj\u0131n\u0131 ta\u015f\u0131maktayd\u0131. Elbette \u015fanl\u0131 askerimizle birlikte aziz milletimizin &ouml;nc&uuml;l&uuml;\u011f&uuml;nde yeni bir bar\u0131\u015f ve bereket ink\u0131l&acirc;b\u0131 ka&ccedil;\u0131n\u0131lmazd\u0131r ve in\u015fallah pek yak\u0131nda bir AD\u0130L D&Uuml;ZEN devrimi ya\u015fanacakt\u0131r.<\/span><\/p>\n<p style=\"margin-bottom: 0.0001pt; text-align: justify; text-indent: 1cm; line-height: 16pt;\"><span style=\"font-family: arial,helvetica,sans-serif; font-size: 12pt;\"><strong>Bizim millet anlay\u0131\u015f\u0131m\u0131z\u0131 bir kere daha hat\u0131rlatmakta fayda vard\u0131r.<\/strong><\/span><\/p>\n<p style=\"margin-bottom: 0.0001pt; text-align: justify; text-indent: 1cm; line-height: 16pt;\"><span style=\"font-family: arial,helvetica,sans-serif; font-size: 12pt;\"><strong>&ldquo;T&uuml;rk Milleti&rdquo;: Necip T&uuml;rk kavminin y&uuml;ksek inanc\u0131, insani ama&ccedil;lar\u0131 ve kahramanl\u0131k damar\u0131yla; Anadolu&rsquo;daki, Balkanlar&rsquo;daki, Kafkaslar&rsquo;daki, Ortado\u011fu&rsquo;daki farkl\u0131 k&ouml;ken ve k&uuml;lt&uuml;rdeki insanlar\u0131, \u0130slamiyet mayas\u0131, adalet kimyas\u0131 ve devlet-medeniyet DNA&rsquo;s\u0131yla meczedip b&uuml;t&uuml;nle\u015ftirdi\u011fi ve b&uuml;t&uuml;n d&uuml;nyan\u0131n b&ouml;yle bilip tarif etti\u011fi, tarihi ve tabii ger&ccedil;ekli\u011fin ifadesidir. T&uuml;rk Milleti kavram\u0131; K&uuml;rtleri, &Ccedil;erkezleri, g&ouml;&ccedil;menleri asla ink&acirc;r ve istihfaf (hafife alma) de\u011fildir; hatta hepsini bar\u0131nd\u0131ran ve onurland\u0131ran bir tariftir. Anadolu co\u011frafyas\u0131n\u0131 T&uuml;rkiye, sayd\u0131\u011f\u0131m\u0131z asil ve aziz topluluklar\u0131 T&uuml;rk Milleti yapan bu \u015fanl\u0131 ve \u015fansl\u0131 kavmin varl\u0131\u011f\u0131n\u0131 ve kurucu rehberlik pay\u0131n\u0131 ink&acirc;r etmek, hem kaderin taksimine itiraz gafleti, hem de fiili birlik ve dirli\u011fimizi dinamitleme giri\u015fimidir. Bunun yan\u0131nda \u0130slam&rsquo;\u0131 d\u0131\u015flayan veya &ldquo;T&uuml;rkl&uuml;\u011f&uuml;n aksesuar\u0131&rdquo; gibi yakla\u015fan kesimler de, hem milletimize, hem de Y&uuml;ce Dinimize kar\u015f\u0131 en b&uuml;y&uuml;k k&ouml;t&uuml;l&uuml;\u011f&uuml; i\u015flemektedir.<\/strong><\/span><\/p>\n<p style=\"margin-bottom: 0.0001pt; text-align: justify; text-indent: 1cm; line-height: 16pt;\"><span style=\"font-size: 12pt; font-family: arial,helvetica,sans-serif;\">&Ouml;rne\u011fin Bedi&uuml;zzaman Hazretleri ba\u015fta 29. Mektup en az 20 yerde <strong>&ldquo;T&uuml;rk Milleti&rdquo;<\/strong> tabirini kullanmakta, T&uuml;rklerin \u0130slamiyet&rsquo;in en kahraman bayraktar\u0131 oldu\u011funu hat\u0131rlatmakta ve beklenen b&uuml;y&uuml;k MEHD\u0130YET devriminin kahraman T&uuml;rk Ordusu deste\u011fi ile ger&ccedil;ekle\u015fece\u011fini vurgulamaktad\u0131r. <\/span><\/p>\n<p style=\"margin-bottom: 0.0001pt; text-align: justify; text-indent: 1cm; line-height: 16pt;\"><span style=\"font-family: arial, helvetica, sans-serif; font-size: 14pt;\"><strong>Peki, AD\u0130L D&Uuml;ZEN nedir?<\/strong><\/span><\/p>\n<p style=\"margin-bottom: 0.0001pt; text-align: justify; text-indent: 1cm; line-height: 16pt;\"><span style=\"font-size: 12pt; font-family: arial,helvetica,sans-serif;\">Biz g&ouml;r&uuml;\u015flerimizi, prensiplerimizi ve <strong>Adil D&uuml;zenimizi<\/strong> olu\u015ftururken, <strong>&ldquo;Mutlak Do\u011fru&rdquo;<\/strong>lar\u0131 esas alarak ve <strong>&ldquo;Mutlak Yanl\u0131\u015f&rdquo;<\/strong>lardan sak\u0131narak hareket etmekteyiz. <strong>&ldquo;Do\u011fru&rdquo;<\/strong> ve <strong>&ldquo;Yanl\u0131\u015f&rdquo;<\/strong> tespitinde ise \u015fu be\u015f de\u011feri &ouml;l&ccedil;&uuml; ediniriz:<\/span><\/p>\n<p style=\"margin-bottom: 0.0001pt; text-align: justify; text-indent: 1cm; line-height: 16pt;\"><span style=\"font-size: 12pt; font-family: arial,helvetica,sans-serif;\"><\/span><span style=\"font-family: arial,helvetica,sans-serif; font-size: 12pt;\"><strong>1-<span style=\"font-style: normal; font-weight: normal; line-height: normal; font-size-adjust: none; font-stretch: normal; font-feature-settings: normal; font-language-override: normal; font-kerning: auto; font-synthesis: weight style; font-variant: normal;\">&nbsp; <\/span><\/strong><strong>Akl\u0131 Selim<\/strong><\/span><\/p>\n<p style=\"margin-bottom: 0.0001pt; text-align: justify; text-indent: 1cm; line-height: 16pt;\"><span style=\"font-family: arial,helvetica,sans-serif; font-size: 12pt;\"><\/span><span style=\"font-family: arial,helvetica,sans-serif; font-size: 12pt;\"><strong>2-<span style=\"font-style: normal; font-weight: normal; line-height: normal; font-size-adjust: none; font-stretch: normal; font-feature-settings: normal; font-language-override: normal; font-kerning: auto; font-synthesis: weight style; font-variant: normal;\">&nbsp; <\/span><\/strong><strong>M&uuml;spet ilim<\/strong><\/span><\/p>\n<p style=\"margin-bottom: 0.0001pt; text-align: justify; text-indent: 1cm; line-height: 16pt;\"><span style=\"font-family: arial,helvetica,sans-serif; font-size: 12pt;\"><\/span><span style=\"font-family: arial,helvetica,sans-serif; font-size: 12pt;\"><strong>3-<span style=\"font-style: normal; font-weight: normal; line-height: normal; font-size-adjust: none; font-stretch: normal; font-feature-settings: normal; font-language-override: normal; font-kerning: auto; font-synthesis: weight style; font-variant: normal;\">&nbsp; <\/span><\/strong><strong>Tarihi deneyim ve birikim<\/strong><\/span><\/p>\n<p style=\"margin-bottom: 0.0001pt; text-align: justify; text-indent: 1cm; line-height: 16pt;\"><span style=\"font-family: arial,helvetica,sans-serif; font-size: 12pt;\"><\/span><span style=\"font-family: arial,helvetica,sans-serif; font-size: 12pt;\"><strong>4-<span style=\"font-style: normal; font-weight: normal; line-height: normal; font-size-adjust: none; font-stretch: normal; font-feature-settings: normal; font-language-override: normal; font-kerning: auto; font-synthesis: weight style; font-variant: normal;\">&nbsp; <\/span><\/strong><strong>Vicdani kanaat ve tatmin<\/strong><\/span><\/p>\n<p style=\"margin-bottom: 0.0001pt; text-align: justify; text-indent: 1cm; line-height: 16pt;\"><span style=\"font-family: arial,helvetica,sans-serif; font-size: 12pt;\"><\/span><span style=\"font-family: arial,helvetica,sans-serif; font-size: 12pt;\"><strong>5-<span style=\"font-style: normal; font-weight: normal; line-height: normal; font-size-adjust: none; font-stretch: normal; font-feature-settings: normal; font-language-override: normal; font-kerning: auto; font-synthesis: weight style; font-variant: normal;\">&nbsp; <\/span><\/strong><strong>\u0130lahi Din (Kur&rsquo;an&rsquo;\u0131n muhkem ayetleri ve Resul&uuml;llah&rsquo;\u0131n (SAV) sa\u011flam s&uuml;nneti)<\/strong><\/span><\/p>\n<p style=\"margin-bottom: 0.0001pt; text-align: justify; text-indent: 1cm; line-height: 16pt;\"><span style=\"font-size: 12pt; font-family: arial,helvetica,sans-serif;\">\u0130\u015fte bu be\u015f temel &ouml;l&ccedil;&uuml;n&uuml;n ittifakla; <strong><em>&ldquo;Yararl\u0131, hay\u0131rl\u0131 gerekli ve g&uuml;zel&rdquo;<\/em><\/strong> buldu\u011fu \u015feyleri <strong>do\u011fru<\/strong>; ve yine bu temel de\u011fer birimlerinin ittifakla, <strong><em>&ldquo;K&ouml;t&uuml;, zararl\u0131 ve &ccedil;irkin&rdquo;<\/em><\/strong> buldu\u011fu \u015feyleri <strong>yanl\u0131\u015f <\/strong>biliriz. &Ccedil;&uuml;nk&uuml; Kur&rsquo;ani kurallar\u0131 dikkate almamak, imans\u0131zl\u0131k ve sapk\u0131nl\u0131k&hellip; M&uuml;spet bilimi ve akl\u0131selimi hesaba katmamak, manyakl\u0131k ve mant\u0131ks\u0131zl\u0131k&hellip; Tarihi tecr&uuml;beleri ve vicdani kanaatleri &ouml;nemli saymamak ise ahmakl\u0131k ve insafs\u0131zl\u0131k alametidir.<\/span><\/p>\n<p style=\"margin-bottom: 0.0001pt; text-align: justify; text-indent: 1cm; line-height: 16pt;\"><span style=\"font-family: arial,helvetica,sans-serif; font-size: 12pt;\"><strong>M&uuml;jde, Amerika&rsquo;n\u0131n kozmik odalar\u0131, TSK&rsquo;n\u0131n g&ouml;r&uuml;\u015f alan\u0131ndayd\u0131!<\/strong><\/span><\/p>\n<p style=\"margin-bottom: 0.0001pt; text-align: justify; text-indent: 1cm; line-height: 16pt;\"><span style=\"font-size: 12pt; font-family: arial,helvetica,sans-serif;\">Bir zamanlar, T&uuml;rkiye&#8217;nin en mahrem s\u0131rlar\u0131, gizli g&ouml;r&uuml;\u015fme kay\u0131tlar\u0131, askeri &uuml;sleri ve tatbikatlar\u0131, havadaki u&ccedil;aklar\u0131, karadaki tanklar\u0131, denizdeki vapurlar\u0131, hatta derin sulardaki denizalt\u0131lar\u0131&#8230; Hepsi ABD&#8217;nin <strong>&#8220;b&uuml;y&uuml;kg&ouml;z&uuml;&#8221;<\/strong>n&uuml;n g&ouml;r&uuml;\u015f alan\u0131 i&ccedil;inde bulunmaktayd\u0131. Ancak bu kez durum farkl\u0131yd\u0131; Genelkurmay, kurulu\u015f &ccedil;al\u0131\u015fmalar\u0131n\u0131 ve amac\u0131 2013 ba\u015f\u0131nda a&ccedil;\u0131klam\u0131\u015ft\u0131: <strong>G&ouml;r&uuml;nt&uuml; istihbarat\u0131, g&uuml;venli haberle\u015fme a\u011f\u0131, balistik f&uuml;ze tehdidine kar\u015f\u0131 erken ihbar-ikaz alarm\u0131 sa\u011flayacak, her co\u011frafya ve ko\u015fulda en verimli \u015fekilde &ccedil;al\u0131\u015facak olan, G&ouml;kt&uuml;rk-2 uydusu<\/strong> 18 Aral\u0131k 2012&#8217;de y&ouml;r&uuml;ngeye oturtulmu\u015f bulunmaktayd\u0131. Ve ard\u0131ndan Hava Kuvvetleri b&uuml;nyesinde stratejik merkez kurulup &ccedil;al\u0131\u015fmaya ba\u015flam\u0131\u015ft\u0131: <strong>Ke\u015fif Uydu Komutanl\u0131\u011f\u0131!<\/strong><\/span><\/p>\n<p style=\"margin-bottom: 0.0001pt; text-align: justify; text-indent: 1cm; line-height: 16pt;\"><span style=\"font-family: arial,helvetica,sans-serif; font-size: 12pt;\"><strong>TSK&#8217;n\u0131n Uydu Ke\u015fif Komutanl\u0131\u011f\u0131 &#8220;g&ouml;zleriyle&#8221; Amerika&#8217;n\u0131n en mahrem &uuml;slerini yakalay\u0131p foto\u011fraflam\u0131\u015ft\u0131! Yanl\u0131\u015f okumad\u0131n\u0131z; ABD&#8217;nin en gizli insans\u0131z hava arac\u0131 operasyonlar\u0131n\u0131 y&ouml;netti\u011fi &ccedil;&ouml;l&uuml;n i&ccedil;ine saklanm\u0131\u015f Hollaman Hava &Uuml;ss&uuml;n&uuml; kayda alm\u0131\u015ft\u0131. Buras\u0131 ABD&#8217;nin en &ouml;nemli operasyon merkezi ve kara kutusu say\u0131lmaktayd\u0131. \u0130ncirlik&#8217;te konu\u015flu ABD predatorlerinin pilotlar\u0131n\u0131n yeti\u015fti\u011fi merkez konumundayd\u0131. Burada bir hareketlilik ya\u015fan\u0131rsa, ABD&rsquo;nin d&uuml;nyan\u0131n herhangi bir k&ouml;\u015fesinde yine bir operasyon yapaca\u011f\u0131 anla\u015f\u0131l\u0131rd\u0131. Buray\u0131 bilmek deyim yerindeyse ABD&#8217;nin yatak odas\u0131na girmek anlam\u0131n\u0131 ta\u015f\u0131rd\u0131 ve TSK i\u015fte bunu ba\u015farm\u0131\u015ft\u0131. Yani Erbakan&rsquo;\u0131n teknoloji harikalar\u0131 tek tek ortaya &ccedil;\u0131kmaya ba\u015flam\u0131\u015ft\u0131.<\/strong><\/span><\/p>\n","protected":false},"excerpt":{"rendered":"<p>AHMET AKG&Uuml;L Hocam\u0131z\u0131n 28 Nisan-2 May\u0131s Afyon Milli &Ccedil;&ouml;z&uuml;m Kamp\u0131 Sohbet Konu\u015fmas\u0131 (Video &Ccedil;&ouml;z&uuml;m&uuml;) Memleketin Manzaras\u0131 DERS VERMEN\u0130N TAM SIRASI! &nbsp; \u0130n\u015fallah hay\u0131rl\u0131 ve yararl\u0131 olacak bu Milli &Ccedil;&ouml;z&uuml;m E\u011fitim Kamp\u0131na, &ouml;nc&uuml;l&uuml;k yapanlara, haz\u0131rl\u0131klara kat\u0131lanlara ve aileleriyle bu toplant\u0131lar\u0131m\u0131za te\u015frif buyuranlara tebrik ve takdirlerimi sunuyor ve Cenab-\u0131 Hakka sonsuz \u015f&uuml;k&uuml;rlerimi arz ederek ba\u015fl\u0131yorum. 5 g&uuml;nl&uuml;k [&hellip;]<\/p>\n","protected":false},"author":72,"featured_media":0,"comment_status":"open","ping_status":"closed","sticky":false,"template":"","format":"standard","meta":{"footnotes":""},"categories":[176],"tags":[],"class_list":["post-3275","post","type-post","status-publish","format-standard","hentry","category-mayis-2015"],"_links":{"self":[{"href":"https:\/\/www.millicozum.com\/mc\/wp-json\/wp\/v2\/posts\/3275","targetHints":{"allow":["GET"]}}],"collection":[{"href":"https:\/\/www.millicozum.com\/mc\/wp-json\/wp\/v2\/posts"}],"about":[{"href":"https:\/\/www.millicozum.com\/mc\/wp-json\/wp\/v2\/types\/post"}],"author":[{"embeddable":true,"href":"https:\/\/www.millicozum.com\/mc\/wp-json\/wp\/v2\/users\/72"}],"replies":[{"embeddable":true,"href":"https:\/\/www.millicozum.com\/mc\/wp-json\/wp\/v2\/comments?post=3275"}],"version-history":[{"count":0,"href":"https:\/\/www.millicozum.com\/mc\/wp-json\/wp\/v2\/posts\/3275\/revisions"}],"wp:attachment":[{"href":"https:\/\/www.millicozum.com\/mc\/wp-json\/wp\/v2\/media?parent=3275"}],"wp:term":[{"taxonomy":"category","embeddable":true,"href":"https:\/\/www.millicozum.com\/mc\/wp-json\/wp\/v2\/categories?post=3275"},{"taxonomy":"post_tag","embeddable":true,"href":"https:\/\/www.millicozum.com\/mc\/wp-json\/wp\/v2\/tags?post=3275"}],"curies":[{"name":"wp","href":"https:\/\/api.w.org\/{rel}","templated":true}]}}