{"id":3283,"date":"2015-04-30T21:33:31","date_gmt":"2015-04-30T21:33:31","guid":{"rendered":"https:\/\/www.millicozum.com\/mc\/2015\/04\/30\/qoyq-emanettir-oyuna-gelmeyin-5\/"},"modified":"2024-10-22T04:10:26","modified_gmt":"2024-10-22T01:10:26","slug":"oy-emanettir-oyuna-gelmeyin-5","status":"publish","type":"post","link":"https:\/\/www.millicozum.com\/mc\/2015\/mayis-2015\/oy-emanettir-oyuna-gelmeyin\/","title":{"rendered":"&#8220;OY&#8221; EMANETT\u0130R, OYUNA GELMEY\u0130N!"},"content":{"rendered":"<p>&nbsp;<\/p>\n<p style=\"margin-bottom: 0.0001pt; text-align: center; line-height: 12pt;\"><span style=\"font-size: 12pt; font-family: arial,helvetica,sans-serif;\"> \u00a0\u00a0\u00a0\u00a0\u00a0<span style=\"font-size: 14pt;\">\u00a0 <strong><span style=\"font-size: 18pt;\">\u201cOy\u201dum saadete, Toplum Sel\u00e2mete!\u00a0<\/span> <\/strong>\u00a0\u00a0\u00a0\u00a0\u00a0 <\/span> <\/span><\/p>\n<p style=\"margin-bottom: 0.0001pt; text-align: center; line-height: 12pt;\"><span style=\"font-family: arial, helvetica, sans-serif; font-size: 18pt;\"><strong>&#8220;OY&#8221; EMANETT\u0130R, OYUNA GELMEY\u0130N!<\/strong><\/span><\/p>\n<p style=\"margin-bottom: 0.0001pt; text-align: center; line-height: 12pt;\">\n<p style=\"margin-top: 0cm; margin-right: 0cm; margin-bottom: 0.0001pt; text-align: justify; text-indent: 1cm; line-height: 16p;\"><strong style=\"line-height: 16p; text-indent: 1cm; font-family: arial, helvetica, sans-serif; font-size: 12pt;\">\u00d6n\u00fcm\u00fczdeki se\u00e7imler tarihi bir f\u0131rsatt\u0131r. \u00c7\u00fcnk\u00fc insanlar se\u00e7imlerde, partileri de\u011fil, kendi gelece\u011fini se\u00e7mektedir. Ki\u015fi sevdi\u011fi ve se\u00e7ti\u011fi ile beraberdir. Herkesin gelece\u011fi ve g\u00fcvencesi, oy verip destekledi\u011fi zihniyetlerle belirlenecektir. \u00d6zetle; gelece\u011fimiz, kendi elimiz ve amelimizle \u015fekillenecektir. Oylar\u0131m\u0131zda sadece kendimizin ve yak\u0131n \u00e7evremizin de\u011fil, 78 milyon milletimizin ve hatta milyarlarca ezilenin hakk\u0131 vard\u0131r. Oy verdi\u011fimiz partilerin b\u00fct\u00fcn iyilik ve k\u00f6t\u00fcl\u00fcklerine ve bunlar\u0131n yan etkilerine ortak olunmaktad\u0131r.<\/strong><\/p>\n<p style=\"margin-top: 0cm; margin-right: 0cm; margin-bottom: 0.0001pt; text-align: justify; text-indent: 1cm; line-height: 16p;\"><span style=\"font-family: arial,helvetica,sans-serif; font-size: 12pt;\"><strong>Unutmay\u0131n, bu se\u00e7imler, sekiz parti aras\u0131nda de\u011fil, iki zihniyet aras\u0131nda yap\u0131lacakt\u0131r. Sonunda, 1-Ya Milli G\u00f6r\u00fc\u015f\u00e7\u00fcler 2- Ya i\u015fbirlik\u00e7iler kazanacakt\u0131r.<\/strong><\/span><\/p>\n<p style=\"margin-top: 0cm; margin-right: 0cm; margin-bottom: 0.0001pt; text-align: justify; text-indent: 1cm; line-height: 16p;\"><span style=\"font-family: arial,helvetica,sans-serif; font-size: 12pt;\">Ha\u00e7l\u0131 Avrupa Birli\u011fi, faiz ve s\u00f6m\u00fcr\u00fc demektir&#8230; Faiz ise, haks\u0131zl\u0131k ve ahlaks\u0131zl\u0131\u011f\u0131n temel sebebidir. AB&#8217;ciler, yani faizciler ve rantiyeci i\u015fbirlik\u00e7iler, Hak&#8217;la ve halkla sava\u015fan kimselerdir. Gavurlar\u0131n re\u00e7eteleri girdi\u011fi her \u00fclkeye mutlaka zul\u00fcm ve zillet getirmi\u015ftir. Milli G\u00f6r\u00fc\u015f d\u0131\u015f\u0131ndaki partiler, AB ve ABD re\u00e7etelerini uygulayacaklar\u0131n\u0131 a\u00e7\u0131k\u00e7a dile getirmekte, faizci ve rantiyeci olduklar\u0131n\u0131 ilan etmektedir. Hepsi de, ayn\u0131 yanl\u0131\u015f g\u00f6r\u00fc\u015f\u00fcn farkl\u0131 g\u00f6r\u00fcnt\u00fcleridir. <\/span><\/p>\n<p style=\"margin-top: 0cm; margin-right: 0cm; margin-bottom: 0.0001pt; text-align: justify; text-indent: 1cm; line-height: 16p;\"><span style=\"font-family: arial,helvetica,sans-serif; font-size: 12pt;\"><strong>AKP ise, uluslararas\u0131 Siyonist sermaye ile &#8220;d\u00fczenli ve d\u00fczeyli ili\u015fkilerini s\u00fcrd\u00fcreceklerini&#8221; s\u00f6ylemekte ve kapitalizm zehirine yerli \u00e7ikolata s\u00fcrerek milletimize yedirmektedir. B\u00fct\u00fcn fabrikalar\u0131m\u0131z sat\u0131l\u0131p yabanc\u0131lara ve yanda\u015flara pe\u015fke\u015f \u00e7ekilmi\u015f, tar\u0131m ve hayvanc\u0131l\u0131k bitirilmi\u015ftir. AKP, faizci partilerin en tehlikelisidir, kuzu postuna b\u00fcr\u00fcnm\u00fc\u015f kurt yerindedir. Bunlar\u0131n ahlaki, ailevi ve manevi tahribatlar\u0131 ise \u00e7ok daha vahimdir; T\u00fcrkiye\u2019miz b\u00f6l\u00fcnmek \u00fczeredir.<\/strong><\/span><\/p>\n<p style=\"margin-top: 0cm; margin-right: 0cm; margin-bottom: 0.0001pt; text-align: justify; text-indent: 1cm; line-height: 16p;\"><span style=\"font-family: arial,helvetica,sans-serif; font-size: 12pt;\">Oysa mikroptan ila\u00e7 yap\u0131ld\u0131\u011f\u0131, faizden fayda sa\u011fland\u0131\u011f\u0131, AB re\u00e7eteleriyle \u00fclke kalk\u0131nd\u0131\u011f\u0131 hi\u00e7 g\u00f6r\u00fclmemi\u015ftir. Bu nedenle Bat\u0131&#8217;c\u0131 partilere oy vermek, Amerikan deh\u015fetini ve \u0130srail vah\u015fetini desteklemekle ayn\u0131 \u015feydir. Ve b\u00f6yle bir vebale girenlerin vicdanlar\u0131 nas\u0131l rahat edecektir?! Daha da beteri, \u00fclkemiz AB hayali ve demokratikle\u015fme jelatiniyle kas\u0131tl\u0131 ve planl\u0131 bir y\u0131k\u0131l\u0131\u015fa s\u00fcr\u00fcklenmekte, PKK pazarl\u0131ktan \u00f6te, art\u0131k devleti azarlamaya ve ayarlamaya c\u00fcret etmektedir. Ve hele 13 y\u0131ll\u0131k yamukluk ve yanl\u0131\u015fl\u0131klar\u0131ndan sonra, hala AKP&#8217;ye oy vermek, felakete davetiye g\u00f6ndermektir. Dershane rantlar\u0131 nedeniyle Cemaatle H\u00fck\u00fcmet aras\u0131ndaki seviyesiz sald\u0131r\u0131lar da; bunlar\u0131n hizmet ortakl\u0131\u011f\u0131 de\u011fil, menfaat ittifak\u0131 yapt\u0131klar\u0131n\u0131n g\u00f6stergesidir.<\/span><\/p>\n<p style=\"margin-top: 0cm; margin-right: 0cm; margin-bottom: 0.0001pt; text-align: justify; text-indent: 1cm; line-height: 16p;\"><span style=\"font-family: arial,helvetica,sans-serif; font-size: 12pt;\"><strong>Unutma, senin &#8220;oy&#8221;unda, \u00e7\u00f6pl\u00fckten ekmek toplayanlar\u0131n ve \u00e7aresizlikten v\u00fccudunu sat\u0131l\u0131\u011fa \u00e7\u0131karanlar\u0131n hakk\u0131 vard\u0131r!.. Senin &#8220;oy&#8221;unda, bu \u00fclkeyi bize vatan b\u0131rakan \u015fehitlerimizin ve gelecek nesillerimizin hakk\u0131 vard\u0131r. Do\u011fu T\u00fcrkistanl\u0131 sahipsizlerin, Filistinli gelinlerin, Suriyeli gariplerin, Irakl\u0131 yetimlerin senin \u201coy\u201dunda hakk\u0131 vard\u0131r!<\/strong><\/span><\/p>\n<p style=\"margin-top: 0cm; margin-right: 0cm; margin-bottom: 0.0001pt; text-align: justify; text-indent: 1cm; line-height: 16p;\"><span style=\"font-family: arial,helvetica,sans-serif; font-size: 12pt;\">\u00d6yle ise, ne Hak\u2019tan kopuk ve halka so\u011fuk partilere, ne de asl\u0131n\u0131 ink\u00e2r eden d\u00f6neklere ve Milli G\u00f6r\u00fc\u015f\u2019\u00fc b\u00f6lmekle b\u00f6b\u00fcrlenenlere sak\u0131n oy atma!.. Bu \u00fclkeyi 40 y\u0131lda 4 kere felaketten ve iflas etmekten kurtaran Erbakan&#8217;\u0131 unutma!.. Yapanlarla y\u0131kanlar\u0131, sad\u0131klarla sahtek\u00e2rlar\u0131 bir tutma! Refah-Yol h\u00fck\u00fcmetinde ekonominin d\u00fcze \u00e7\u0131kar\u0131ld\u0131\u011f\u0131n\u0131, i\u015f\u00e7iye, memura, k\u00f6yl\u00fcye ve emekliye en iyi imk\u00e2nlar\u0131n sa\u011fland\u0131\u011f\u0131n\u0131, Milli G\u00f6r\u00fc\u015f Belediyelerin de destanlar yaz\u0131ld\u0131\u011f\u0131n\u0131, fakir fukaraya nas\u0131l sahip \u00e7\u0131k\u0131ld\u0131\u011f\u0131n\u0131 hat\u0131rla!.. Kendini ba\u011fr\u0131 yan\u0131klar\u0131n ve sistemin pen\u00e7esinde k\u0131vrananlar\u0131n bedduas\u0131na u\u011fratma!.. D\u00fcnyan\u0131 ve ahiretini karartma!..<\/span><\/p>\n<p style=\"margin-top: 0cm; margin-right: 0cm; margin-bottom: 0.0001pt; text-align: justify; text-indent: 1cm; line-height: 16p;\"><span style=\"font-family: arial,helvetica,sans-serif; font-size: 12pt;\"><strong>D\u00fc\u015f\u00fcn: <\/strong><\/span><\/p>\n<p style=\"margin-top: 0cm; margin-right: 0cm; margin-bottom: 0.0001pt; text-align: justify; text-indent: 1cm; line-height: 16p;\"><span style=\"font-family: arial,helvetica,sans-serif; font-size: 12pt;\"><strong>1- Saadet&#8217;ten ba\u015fka; ahlaki ve manevi tahribat\u0131 dert edinen ve \u00e7are g\u00f6steren var m\u0131?<\/strong><\/span><\/p>\n<p style=\"margin-top: 0cm; margin-right: 0cm; margin-bottom: 0.0001pt; text-align: justify; text-indent: 1cm; line-height: 16p;\"><span style=\"font-family: arial,helvetica,sans-serif; font-size: 12pt;\"><strong>2- Saadet&#8217;ten ba\u015fka, faizsiz, rantiyesiz, Milli ve yerli kalk\u0131nma projeleri \u00fcreten var m\u0131?<\/strong><\/span><\/p>\n<p style=\"margin-top: 0cm; margin-right: 0cm; margin-bottom: 0.0001pt; text-align: justify; text-indent: 1cm; line-height: 16p;\"><span style=\"font-family: arial,helvetica,sans-serif; font-size: 12pt;\"><strong>3- Saadet&#8217;ten ba\u015fka, ABD ve AB emperyalizmine ve \u0130srail Siyonizm\u2019ine kar\u015f\u0131 D-8&#8217;ler, \u0130slam Birli\u011fi ve ezilenlerin dirli\u011fi diyebilen var m\u0131? <\/strong><\/span><\/p>\n<p style=\"margin-top: 0cm; margin-right: 0cm; margin-bottom: 0.0001pt; text-align: justify; text-indent: 1cm; line-height: 16p;\"><span style=\"font-family: arial,helvetica,sans-serif; font-size: 12pt;\"><strong>\u00d6yle ise; &#8220;oy&#8221;lar\u0131nla ya saadetini se\u00e7eceksin veya sefaletini&#8230; Ya Milli G\u00f6r\u00fc\u015f\u00fc se\u00e7eceksin veya kirli bir zihniyeti&#8230; Ya Refah\u0131n\u0131 ve menfaatini se\u00e7eceksin veya felaketini&#8230; Evet, &#8220;oy&#8221;unla, ya \u00fclkemiz \u00fczerindeki oyunlar\u0131 bozacaks\u0131n veya oyuna gelip, Bat\u0131l\u0131n ve Bat\u0131l\u0131lar\u0131n vebaline ortak olacaks\u0131n! <\/strong><\/span><\/p>\n<p style=\"margin-top: 0cm; margin-right: 0cm; margin-bottom: 0.0001pt; text-align: justify; text-indent: 1cm; line-height: 16p;\"><span style=\"font-family: arial,helvetica,sans-serif; font-size: 12pt;\"><strong>Ve sak\u0131n unutma!<\/strong> <strong><em>&#8220;\u0130nsanlar\u0131n hay\u0131rl\u0131s\u0131, insanlara faydas\u0131 dokunand\u0131r.&#8221;<\/em><\/strong> En sevapl\u0131 ve en kapsaml\u0131 hizmet ise, hakl\u0131 ve hay\u0131rl\u0131 bir zihniyetin iktidar olmas\u0131na katk\u0131da bulunmakt\u0131r. \u00c7\u00fcnk\u00fc <strong><em>&#8220;bir saat adaletle h\u00fckmetmek, yetmi\u015f y\u0131l nafile ibadetten hay\u0131rl\u0131&#8221;<\/em><\/strong> say\u0131lm\u0131\u015ft\u0131r.<\/span><\/p>\n<p style=\"margin-bottom: 0.0001pt; text-align: justify; text-indent: 1cm; line-height: 16p;\"><span style=\"font-family: arial,helvetica,sans-serif; font-size: 12pt;\"><strong>Ve kesinlikle \u00fcmit var olmal\u0131d\u0131r; hele g\u00f6relim, yar\u0131nlar neler do\u011furacakt\u0131r? \u00c7\u00fcnk\u00fc karanl\u0131\u011f\u0131n en koyu oldu\u011fu an, sabaha en yak\u0131n oldu\u011fu zamand\u0131r! Sayg\u0131lar\u0131m\u0131zla.<\/strong><\/span><\/p>\n<p style=\"margin-bottom: 0.0001pt; text-align: justify; text-indent: 1cm; line-height: 16p;\"><span style=\"font-family: arial,helvetica,sans-serif; font-size: 12pt;\"><strong>\u00a0 \u00a0 \u00a0 \u00a0 \u00a0 \u00a0 \u00a0 \u00a0 \u00a0 \u00a0 \u00a0 \u00a0 \u00a0 \u00a0 \u00a0 \u00a0 \u00a0 \u00a0 \u00a0 \u00a0 \u00a0 \u00a0 \u00a0 \u00a0 \u00a0 \u00a0 \u00a0 \u00a0 \u00a0 \u00a0 \u00a0 \u00a0 \u00a0 \u00a0 \u00a0 \u00a0 \u00a0 \u00a0 \u00a0 \u00a0 \u00a0<span style=\"font-family: 'arial black', 'avant garde';\">Milli \u00c7\u00f6z\u00fcm Dergisi<\/span> <\/strong> <\/span><\/p>\n<p>&nbsp;<\/p>\n","protected":false},"excerpt":{"rendered":"<p>&nbsp; \u00a0\u00a0\u00a0\u00a0\u00a0\u00a0 \u201cOy\u201dum saadete, Toplum Sel\u00e2mete!\u00a0 \u00a0\u00a0\u00a0\u00a0\u00a0 &#8220;OY&#8221; EMANETT\u0130R, OYUNA GELMEY\u0130N! \u00d6n\u00fcm\u00fczdeki se\u00e7imler tarihi bir f\u0131rsatt\u0131r. \u00c7\u00fcnk\u00fc insanlar se\u00e7imlerde, partileri de\u011fil, kendi gelece\u011fini se\u00e7mektedir. Ki\u015fi sevdi\u011fi ve se\u00e7ti\u011fi ile beraberdir. Herkesin gelece\u011fi ve g\u00fcvencesi, oy verip destekledi\u011fi zihniyetlerle belirlenecektir. \u00d6zetle; gelece\u011fimiz, kendi elimiz ve amelimizle \u015fekillenecektir. Oylar\u0131m\u0131zda sadece kendimizin ve yak\u0131n \u00e7evremizin de\u011fil, 78 milyon [&hellip;]<\/p>\n","protected":false},"author":61,"featured_media":0,"comment_status":"open","ping_status":"closed","sticky":false,"template":"","format":"standard","meta":{"footnotes":""},"categories":[176],"tags":[],"class_list":["post-3283","post","type-post","status-publish","format-standard","hentry","category-mayis-2015"],"_links":{"self":[{"href":"https:\/\/www.millicozum.com\/mc\/wp-json\/wp\/v2\/posts\/3283","targetHints":{"allow":["GET"]}}],"collection":[{"href":"https:\/\/www.millicozum.com\/mc\/wp-json\/wp\/v2\/posts"}],"about":[{"href":"https:\/\/www.millicozum.com\/mc\/wp-json\/wp\/v2\/types\/post"}],"author":[{"embeddable":true,"href":"https:\/\/www.millicozum.com\/mc\/wp-json\/wp\/v2\/users\/61"}],"replies":[{"embeddable":true,"href":"https:\/\/www.millicozum.com\/mc\/wp-json\/wp\/v2\/comments?post=3283"}],"version-history":[{"count":0,"href":"https:\/\/www.millicozum.com\/mc\/wp-json\/wp\/v2\/posts\/3283\/revisions"}],"wp:attachment":[{"href":"https:\/\/www.millicozum.com\/mc\/wp-json\/wp\/v2\/media?parent=3283"}],"wp:term":[{"taxonomy":"category","embeddable":true,"href":"https:\/\/www.millicozum.com\/mc\/wp-json\/wp\/v2\/categories?post=3283"},{"taxonomy":"post_tag","embeddable":true,"href":"https:\/\/www.millicozum.com\/mc\/wp-json\/wp\/v2\/tags?post=3283"}],"curies":[{"name":"wp","href":"https:\/\/api.w.org\/{rel}","templated":true}]}}