{"id":3391,"date":"2015-07-30T11:45:55","date_gmt":"2015-07-30T11:45:55","guid":{"rendered":"https:\/\/www.millicozum.com\/mc\/2015\/07\/30\/korgeneral-kor-general-olursa-2\/"},"modified":"2015-07-30T11:45:55","modified_gmt":"2015-07-30T11:45:55","slug":"korgeneral-kor-general-olursa-2","status":"publish","type":"post","link":"https:\/\/www.millicozum.com\/mc\/2015\/agustos-2015\/korgeneral-kor-general-olursa\/","title":{"rendered":"KORGENERAL K\u00d6R GENERAL OLURSA\u2026"},"content":{"rendered":"\n<p>&nbsp;<\/p>\n<p style=\"margin-bottom: 0.0001pt; text-align: justify; text-indent: 1cm; line-height: 16pt;\"><strong><span style=\"font-size: 12pt; font-family: 'Arial','sans-serif';\">Bizzat Meclis Ba\u015fkan\u0131 AKP&rsquo;li Cemil &Ccedil;i&ccedil;ek <em>&ldquo;Maalesef devlet la&ccedil;kala\u015ft\u0131. Art\u0131k devlet diye bir \u015fey kalmad\u0131. Ortada; ne Anayasa, ne Meclis, ne de Kuvvetler Ayr\u0131l\u0131\u011f\u0131 kald\u0131!&rdquo;<\/em> diye uyarmaktayd\u0131. Tarafs\u0131z olmas\u0131 gereken Cumhurba\u015fkan\u0131, AKP&rsquo;nin fiili genel ba\u015fkan\u0131 ve muhalefetin &ouml;zel d&uuml;\u015fman\u0131 gibi davranmaktayd\u0131. <em>&ldquo;Se&ccedil;im sonu&ccedil;lar\u0131nda hile yap\u0131laca\u011f\u0131&rdquo;<\/em> iddialar\u0131 ve kayg\u0131lar\u0131 giderek artm\u0131\u015ft\u0131. Devlet ve H&uuml;k&uuml;metten de tek kelime rahatlat\u0131c\u0131 bir a&ccedil;\u0131klama yap\u0131lmam\u0131\u015ft\u0131. TSK&rsquo;y\u0131 Amerika&rsquo;n\u0131n dayatmas\u0131yla Suriye ve Irak bata\u011f\u0131na saplatma senaryolar\u0131na kar\u015f\u0131 hakl\u0131 olarak direnen &ldquo;&Ouml;zel&rdquo; pa\u015falar, \u015fimdilik sa\u011fl\u0131k sorunlar\u0131ndan ve paralelci yaftas\u0131ndan kurtulma &ccedil;abas\u0131ndayd\u0131. MGK, h\u0131rs\u0131zl\u0131k ve ars\u0131zl\u0131k la\u011f\u0131mlar\u0131 patlayan yanda\u015f holding ve \u015firketleri d&uuml;ze ve temize &ccedil;\u0131karma hilek&acirc;rl\u0131klar\u0131na ara&ccedil; yap\u0131lmaya &ccedil;al\u0131\u015f\u0131lmaktayd\u0131. Oslo&rsquo;da PKK&rsquo;ye verilen s&ouml;zler, &ldquo;Bar\u0131\u015f ve &Ccedil;&ouml;z&uuml;m&rdquo; s&uuml;reci k\u0131l\u0131f\u0131yla yerine getirilmeye u\u011fra\u015f\u0131lmakta ve T&uuml;rkiye b&ouml;l&uuml;nme e\u015fi\u011fine ta\u015f\u0131nmaktayd\u0131. &Uuml;lkemizin &ldquo;Darbeci&rdquo;lerden ziyade &ldquo;Darbe davet&ccedil;ilerinden&rdquo; yani darbelere mazeret ve me\u015fruiyet &uuml;retenlerden &ccedil;ekti\u011fini fark eden baz\u0131 AKP&rsquo;lilerin yakla\u015fan tehlikeden kurtulmak i&ccedil;in, Fatih Erbakan&rsquo;a SP&rsquo;den ayr\u0131l\u0131p kendilerinin de kat\u0131laca\u011f\u0131 Refah Partisi&rsquo;ni kurmas\u0131 y&ouml;n&uuml;nde kumpaslar y&uuml;r&uuml;tt&uuml;kleri konu\u015fulmaktayd\u0131. Velhas\u0131l art\u0131k <em>&ldquo;Devletin &ccedil;ivisi &ccedil;\u0131km\u0131\u015ft\u0131&rdquo;<\/em> ve bu tespit bizzat Meclis Ba\u015fkan\u0131 Cemil &Ccedil;i&ccedil;ek&rsquo;in itiraf\u0131yd\u0131.<\/span><\/strong><\/p>\n<p style=\"margin-bottom: 0.0001pt; text-align: justify; text-indent: 1cm; line-height: 16pt;\"><strong><span style=\"font-size: 12pt; font-family: 'Arial','sans-serif';\">Yeni \u015eafak yazar\u0131 ve AKP yanda\u015f fetvac\u0131s\u0131 Hayrettin Karaman bile, Yi\u011fit Bulut ve Ethem Sancak gibi yalakac\u0131 ve Yahudi odaklarla alakal\u0131 dan\u0131\u015fmanlar\u0131n\u0131n yanl\u0131\u015f y&ouml;nlendirmesinden dolay\u0131 Sn. Erdo\u011fan&rsquo;\u0131 uyarm\u0131\u015f ve bunlar\u0131 <em>vebadan daha tehlikeli<\/em> saym\u0131\u015ft\u0131. Bunlar\u0131n dini hizmet perdesi alt\u0131nda yapt\u0131klar\u0131n\u0131n &ccedil;o\u011fu da <em>&ldquo;manevi hezimete yol a&ccedil;makta&rdquo;<\/em> toplumda \u0130slam ahlak\u0131 ve vicdan duyarl\u0131l\u0131\u011f\u0131 giderek azal\u0131p yozla\u015fmaktayd\u0131. Ve maalesef zaten as\u0131rlard\u0131r, Kur&rsquo;an&rsquo;i k\u0131ssalar\u0131n hik&acirc;ye k\u0131sm\u0131 &ouml;ne &ccedil;\u0131kar\u0131lm\u0131\u015f, aslolan hikmet ve ibret uyar\u0131lar\u0131 arka plana at\u0131lm\u0131\u015ft\u0131r. Oysa Kur&rsquo;an&rsquo;\u0131n k\u0131ssalar\u0131 hisse, ders yani mesaj a\u011f\u0131rl\u0131kl\u0131d\u0131r. Kur&rsquo;an&rsquo;\u0131n zalim ve k&acirc;fir y&ouml;neticilerin orijinal &ouml;rne\u011fi olarak s\u0131k&ccedil;a hat\u0131rlatt\u0131\u011f\u0131 Firavun Sisteminin de; Karun (Faizci ve kan emici &#8211; emek haini zengin tipi) ve Haman (O g&uuml;nk&uuml; ismiyle Amon) yani y&uuml;ksek mertebeli din s&ouml;m&uuml;r&uuml;c&uuml;leri ve etkiledikleri paralel b&uuml;rokrasi &ccedil;eteleri) sayesinde ayakta kald\u0131\u011f\u0131n\u0131 vurgulamaktad\u0131r. <\/span><\/strong><\/p>\n<p style=\"margin-bottom: 0.0001pt; text-align: justify; text-indent: 1cm; line-height: 16pt;\"><strong><span style=\"font-size: 12pt; font-family: 'Arial','sans-serif';\">\u0130\u015fte b&ouml;ylesine kritik bir s&uuml;re&ccedil;te, Ayd\u0131nl\u0131k yazar\u0131 E. bir Korgeneral, g&uuml;ya dobral\u0131k ve demokratl\u0131k g&ouml;sterisiyle stratejik bir hata yapm\u0131\u015ft\u0131.<\/span><\/strong><\/p>\n<p style=\"margin-bottom: 0.0001pt; text-align: justify; text-indent: 1cm; line-height: 16pt;\"><span style=\"font-size: 14pt;\"><strong><span style=\"font-family: Arial, sans-serif;\">&ldquo;Rota Haber&rdquo;de (19.05.2015) Eski Genelkurmay \u0130stihbarat Ba\u015fkan\u0131 emekli Korgeneral \u0130smail Hakk\u0131 Pekin&rsquo;in &ouml;nemli a&ccedil;\u0131klamalar\u0131 yay\u0131nlanm\u0131\u015ft\u0131. Zaman Gazetesinde de bu konu Do\u011fan Ertu\u011frul imzas\u0131yla &ccedil;\u0131km\u0131\u015ft\u0131.<\/span><\/strong><\/span><\/p>\n<p style=\"margin-bottom: 0.0001pt; text-align: justify; text-indent: 1cm; line-height: 16pt;\"><strong><em><span style=\"font-size: 12pt; font-family: 'Arial','sans-serif';\">&ldquo;Biz (TSK olarak) asli g&ouml;revimiz d\u0131\u015f\u0131nda &lsquo;Ba\u015fka \u015feylerle u\u011fra\u015ft\u0131k&rsquo;, siyasete m&uuml;dahaleye kalk\u0131\u015ft\u0131k, irtica geliyor dedik, gereksiz \u015feyler s&ouml;yledik. &Uuml;stelik bunlar\u0131 toplum i&ccedil;inde, ba\u011f\u0131ra ba\u011f\u0131ra s&ouml;yledik. Oysa bunlar\u0131n s&ouml;ylenece\u011fi yerler bellidir. MGK&rsquo;d\u0131r, asker&icirc; \u015f&ucirc;rad\u0131r, ba\u015fbakan ve cumhurba\u015fkan\u0131 ile yap\u0131lan g&ouml;r&uuml;\u015fmelerdir. \u015eunu g&ouml;rmemiz laz\u0131m; bu &uuml;lkede ya\u015fayan herkes en az asker kadar bu &uuml;lkeyi sevmektedir&rdquo;<\/span><\/em><\/strong><span style=\"font-size: 12pt; font-family: 'Arial','sans-serif';\"> <strong>gibi do\u011fru ve olumlu itiraflarda bulunmu\u015flard\u0131.<\/strong><\/span><\/p>\n<p style=\"margin-bottom: 0.0001pt; text-align: justify; text-indent: 1cm; line-height: 16pt;\"><strong><em><span style=\"font-size: 12pt; font-family: 'Arial','sans-serif';\">&ldquo;Cumhurba\u015fkan\u0131, Harp Akademileri&rsquo;nde TSK&rsquo;ya y&ouml;nelik komplo ve kumpaslardan bahsetti, ama bununla kendisini kurtarmas\u0131 m&uuml;mk&uuml;n de\u011fildir. E\u011fer (Paralel yap\u0131 taraf\u0131ndan) TSK&rsquo;ya y&ouml;nelik bir komplo ve kumpas varsa bunun siyasi sorumlulu\u011fu kendisine aittir. \u0130ktidar o h&acirc;kimleri, savc\u0131lar\u0131 meslekten ihra&ccedil; etmekle bu i\u015ften kurtulaca\u011f\u0131n\u0131 zannetmektedir. Cumhurba\u015fkan\u0131, M\u0130T M&uuml;ste\u015far\u0131&rsquo;n\u0131n istifas\u0131ndan sonra Silahl\u0131 Kuvvetler&rsquo;le ittifak aray\u0131\u015f\u0131na girmi\u015ftir. San\u0131yorum AKP i&ccedil;inde de kendisine kar\u015f\u0131 grupla\u015fmalar sezmi\u015ftir&hellip; Bu nedenle yeni ittifaklara mecburiyet hissetmi\u015ftir.<\/span><\/em><\/strong><\/p>\n<p style=\"margin-bottom: 0.0001pt; text-align: justify; text-indent: 1cm; line-height: 16pt;\"><strong><span style=\"font-size: 12pt; font-family: 'Arial','sans-serif';\">M\u0130T, Suriyeli muhaliflere silah m\u0131 g&ouml;ndermektedir!<\/span><\/strong><\/p>\n<p style=\"margin-bottom: 0.0001pt; text-align: justify; text-indent: 1cm; line-height: 16pt;\"><strong><em><span style=\"font-size: 12pt; font-family: 'Arial','sans-serif';\">&ldquo;Muhaliflerin silahlar\u0131n\u0131n bir k\u0131sm\u0131 M\u0130T arac\u0131l\u0131\u011f\u0131yla gitmektedir. M\u0130T cihat&ccedil;\u0131 gruplara silah g&ouml;ndermektedir. Katar arac\u0131l\u0131\u011f\u0131 ile kurulan naylon \u015firketler bu i\u015fi y&uuml;r&uuml;tmektedir. Onlar arac\u0131l\u0131\u011f\u0131 ile I\u015e\u0130D&rsquo;e, El Nusra&rsquo;ya paral\u0131 asker sevkiyat\u0131 ger&ccedil;ekle\u015fmektedir. T&uuml;rkiye&rsquo;deki bu \u015firketlerin tespit edilmesi gerekir. Mesela emekli bir tu\u011fgeneralin kurdu\u011fu bir \u015firket Suriye&rsquo;ye paral\u0131 asker sevk etmektedir ve bu \u015eirket M\u0130T ad\u0131na bu i\u015fi &uuml;stlenmi\u015ftir, ba\u015fka t&uuml;rl&uuml; &ccedil;al\u0131\u015fmas\u0131 m&uuml;mk&uuml;n de\u011fildir&rdquo;<\/span><\/em><\/strong><span style=\"font-size: 12pt; font-family: 'Arial','sans-serif';\"> <strong>\u015feklinde &ccedil;ok ciddi ithamlar da ortaya atm\u0131\u015flard\u0131.<\/strong><\/span><\/p>\n<p style=\"margin-bottom: 0.0001pt; text-align: justify; text-indent: 1cm; line-height: 16pt;\"><strong><span style=\"font-size: 12pt; font-family: 'Arial','sans-serif';\">Ancak:<\/span><\/strong><span style=\"font-size: 12pt; font-family: 'Arial','sans-serif';\"> <strong><em>&ldquo;Uludere&rsquo;de T&uuml;rkiye&rsquo;ye komplo kuruldu\u011fu kesindir. O b&ouml;lgeye Predat&ouml;r&rsquo;le bakt\u0131\u011f\u0131n\u0131zda onlar\u0131n ka&ccedil;ak&ccedil;\u0131 oldu\u011funu g&ouml;rebilirsiniz. Genelkurmay Kararg&acirc;h\u0131&rsquo;n\u0131n bu nedenle ate\u015f emri vermemesi gerekirdi. Pilotun kabahati yok &ccedil;&uuml;nk&uuml; koordinat a\u015fa\u011f\u0131dan verilir ve yukar\u0131da bir \u015fey g&ouml;remezdi. Ka&ccedil;ak&ccedil;\u0131larla birlikte b&ouml;lgede PKK&rsquo;l\u0131 Bahoz Erdal&rsquo;\u0131n da bulundu\u011fu istihbarat\u0131n\u0131n geldi\u011fi s&ouml;ylenmektedir. Ama bunun i&ccedil;in 40 ki\u015fiyi &ouml;ld&uuml;remezsiniz. B&ouml;lgedeki jandarmaya sorsalar bile onlar\u0131n ka&ccedil;ak&ccedil;\u0131 oldu\u011funu &ouml;\u011frenirlerdi. Hata TSK&rsquo;n\u0131n hatas\u0131d\u0131r, hatay\u0131 ba\u015fka yerde aramak gereksizdir. Yanl\u0131\u015f istihbarat M\u0130T&rsquo;ten ya da ABD&rsquo;den gelmi\u015f, bunlar sonraki meseledir&rdquo;<\/em><\/strong><strong>iddialar\u0131 ise sanki <em>&ldquo;TSK&rsquo;y\u0131 karalamaya, Amerika&rsquo;y\u0131 aklamaya ve AKP iktidar\u0131n\u0131 hakl\u0131 &ccedil;\u0131karmaya&rdquo; <\/em>y&ouml;nelik bir tav\u0131r gibi alg\u0131lanmaktayd\u0131.<\/strong><\/span><\/p>\n<p style=\"margin-bottom: 0.0001pt; text-align: justify; text-indent: 1cm; line-height: 16pt;\"><strong><span style=\"font-size: 12pt; font-family: 'Arial','sans-serif';\">E. Korgeneral \u0130. Hakk\u0131 Pekin&rsquo;in: <em>&ldquo;28 \u015eubat, Silahl\u0131 Kuvvetler&rsquo;le beraber i\u015f &ccedil;evrelerinin i\u015fbirli\u011fiyle haz\u0131rlanm\u0131\u015ft\u0131. Asl\u0131nda 28 \u015eubat&rsquo;ta rahmetli Erbakan &ccedil;\u0131ksa ve mesela 27 Nisan&rsquo;da oldu\u011fu gibi, &lsquo;kabul etmiyoruz&rsquo; deseydi, asker darbe falan yapamazd\u0131. Hi&ccedil; kimse de sesini &ccedil;\u0131kartamazd\u0131. E\u011fer o g&uuml;n Erbakan, Cumhurba\u015fkan\u0131 Demirel&rsquo;den gereken deste\u011fi g&ouml;rseydi ve kar\u015f\u0131 dursayd\u0131, darbe filan yap\u0131lamazd\u0131. &Ccedil;&uuml;nk&uuml; Erbakan&rsquo;da da, Demirel&rsquo;de de ge&ccedil;mi\u015ften gelen bir asker korkusu vard\u0131. D&uuml;\u015f&uuml;n&uuml;n 12 Eyl&uuml;l&rsquo;&uuml;n getirdi\u011fi &ccedil;ok b&uuml;y&uuml;k bir y\u0131k\u0131m ya\u015fanm\u0131\u015ft\u0131. Bu y&uuml;zden 28 \u015eubat&rsquo;ta darbe ihtimali yoktu ama asker korkusu vard\u0131&rdquo; <\/em>bi&ccedil;imindeki<\/span><\/strong><span style=\"font-size: 12pt; font-family: 'Arial','sans-serif';\"> <strong>a&ccedil;\u0131klamalarla do\u011fru ile yanl\u0131\u015flar\u0131 harmanlay\u0131p ger&ccedil;ekleri &ccedil;arp\u0131tarak, yani Erbakan&rsquo;\u0131 korkakl\u0131kla su&ccedil;layarak acaba hangi odaklara yaranmaya &ccedil;al\u0131\u015fm\u0131\u015ft\u0131?<\/strong><\/span><\/p>\n<p style=\"margin-bottom: 0.0001pt; text-align: justify; text-indent: 1cm; line-height: 16pt;\"><strong><span style=\"font-size: 12pt; font-family: 'Arial','sans-serif';\">Sn. Pekin&rsquo;e g&ouml;re, Erbakan Hoca da, ABD g&uuml;d&uuml;ml&uuml; Erdo\u011fan ve AKP iktidar\u0131 gibi, CIA ma\u015fas\u0131 Cemaatle birlikte TSK&rsquo;ya kumpas kurup mensuplar\u0131n\u0131 kodese t\u0131k\u0131nca m\u0131 <em>&ldquo;Korkusuz Kahraman&rdquo;<\/em> say\u0131lacakt\u0131? Millet ve devlet hassasiyetiyle ve Ordunun haysiyetini korumak gayretiyle kendi partisini ve h&uuml;k&uuml;metini bile feda etmekten sak\u0131nmayan bir Liderin de\u011ferini anlamak i&ccedil;in bu zavall\u0131lar\u0131n daha ka&ccedil; f\u0131r\u0131n ekmek yemesi veya daha ka&ccedil; y\u0131l kodeste &ccedil;&uuml;r&uuml;mesi laz\u0131md\u0131!?<\/span><\/strong><\/p>\n<p style=\"margin-bottom: 0.0001pt; text-align: justify; text-indent: 1cm; line-height: 16pt;\"><strong><span style=\"font-size: 12pt; font-family: 'Arial','sans-serif';\">Hayret, bir korgeneralin, ger&ccedil;eklere bu denli k&ouml;r ve nank&ouml;r olmas\u0131 \u015fa\u015f\u0131rt\u0131c\u0131yd\u0131. Koca devletlerin ve d&uuml;nyaya y&ouml;n verdi\u011fi zannedilen (me\u015fhur) y&ouml;neticilerin ve askeri yetkililerin bile kar\u015f\u0131lar\u0131nda e\u011filip emir bekledi\u011fi k&uuml;resel sermayeye ve Siyonist mahfillere sava\u015f a&ccedil;acak, yeni ve Adil bir D&uuml;nya D&uuml;zeni ortaya koyup bunun fiili temellerini atacak kadar y&uuml;ksek cesaret ve dirayet sahibi bir \u015fahsiyetin, g&ouml;zbebe\u011fi gibi sak\u0131nd\u0131\u011f\u0131 kendi ordusundan korktu\u011funu sanmak, e\u011fer safl\u0131k de\u011filse kas\u0131tl\u0131 bir sapt\u0131rmaca ve sa&ccedil;mal\u0131kt\u0131.<\/span><\/strong><\/p>\n<p style=\"margin-bottom: 0.0001pt; text-align: justify; text-indent: 1cm; line-height: 16pt;\"><em><span style=\"font-size: 12pt; font-family: 'Arial','sans-serif';\">&ldquo;Ben Do\u011fu Perin&ccedil;ek ve arkada\u015flar\u0131yla hapishanede tan\u0131\u015ft\u0131m, daha &ouml;ncesinden bir sempatim de yoktu. Tan\u0131\u015ft\u0131ktan sonra b&uuml;y&uuml;k bir m&uuml;cadele i&ccedil;inde olduklar\u0131n\u0131 g&ouml;rd&uuml;m. Dava s&uuml;recinde bizim arkam\u0131zda duran kimse &ccedil;\u0131kmad\u0131. <strong>En zor zamanlarda yan\u0131mda oldular. Annem &ouml;ld&uuml;, onlar yan\u0131mdayd\u0131. \u015eimdi ben de onlara destek veriyorum.<\/strong> Bu ki\u015fisel nedenler d\u0131\u015f\u0131nda &uuml;lke b&uuml;t&uuml;nl&uuml;\u011f&uuml;, alt\u0131 ok gibi ortak noktalar\u0131m\u0131z vard\u0131. Ama &lsquo;asker millet el ele&rsquo; laflar\u0131 filan bana uygun de\u011fil. TSK&rsquo;ya d&uuml;\u015fen, kendi g&ouml;revini yapmakt\u0131r. Silahl\u0131 Kuvvetler, iktidar olmak i&ccedil;in ara&ccedil; de\u011fildir&rdquo;<\/span><\/em><span style=\"font-size: 12pt; font-family: 'Arial','sans-serif';\"> <strong>diyerek <em>&ldquo;\u015fahsi ve ailevi destek g&ouml;rd&uuml;\u011f&uuml; kesimlere kayma&rdquo;<\/em><\/strong> <strong>zaafiyetini itiraf eden Sn. \u0130. Hakk\u0131 Pekin acaba bu beyanatlar\u0131 kar\u015f\u0131l\u0131\u011f\u0131 kimlerden ve neler ummaktayd\u0131? sorular\u0131 da kafam\u0131za tak\u0131lm\u0131\u015ft\u0131.<\/strong><\/span><\/p>\n<p style=\"margin-bottom: 0.0001pt; text-align: justify; text-indent: 1cm; line-height: 16pt;\"><span style=\"font-size: 14pt;\"><strong><span style=\"font-family: Arial, sans-serif;\">Said Sefa sahtek&acirc;rl\u0131\u011f\u0131!<\/span><\/strong><\/span><\/p>\n<p style=\"margin-bottom: 0.0001pt; text-align: justify; text-indent: 1cm; line-height: 16pt;\"><strong><em><span style=\"font-size: 12pt; font-family: 'Arial','sans-serif';\">&ldquo;Siyasal \u0130slam&rsquo;\u0131n hi&ccedil; \u015f&uuml;phesiz en &ouml;nemli iddias\u0131, Alem-i \u0130slam&rsquo;\u0131n birlik ve beraberlik i&ccedil;erisinde ya\u015famas\u0131n\u0131 sa\u011flamakt\u0131r. D&uuml;nyan\u0131n hangi M&uuml;sl&uuml;man &uuml;lkesinde siyaset ile \u0130slam bir arada zikredilmi\u015fse mutlaka b&uuml;t&uuml;n \u0130slam &uuml;lkelerini ku\u015fatmak isteyen bir hilafet arzusu g&uuml;ndeme ta\u015f\u0131nm\u0131\u015ft\u0131r. Baz\u0131lar\u0131 krall\u0131kla y&ouml;netilen, di\u011fer sistemlerle y&ouml;netilenlerin de tek adama mahk&ucirc;m oldu\u011fu \u0130slam &uuml;lkeleri asla birlikte hareket etme kabiliyetine ula\u015famam\u0131\u015ft\u0131r. Bu y&uuml;zden evet, birden fazla M&uuml;sl&uuml;man &uuml;lke vard\u0131r, ama &Acirc;lem-i \u0130slam hi&ccedil;bir zaman olmam\u0131\u015ft\u0131r&rdquo;[1]<\/span><\/em><\/strong><span style=\"font-size: 12pt; font-family: 'Arial','sans-serif';\">&nbsp;<strong>diyen Said Sefa imzal\u0131 \u015eeytan cazg\u0131r\u0131 acaba <em>&ldquo;\u0130slam &acirc;leminin birle\u015fmesi&rdquo;<\/em> heves ve hedefinden niye bu denli rahats\u0131zd\u0131? Ha&ccedil;l\u0131 H\u0131ristiyanlar\u0131n Avrupa Birli\u011fi&rsquo;nden, Siyonist g&uuml;d&uuml;ml&uuml; Birle\u015fmi\u015f Milletler&rsquo;den ve ABD emperyalizminin h&acirc;kimiyetinden hi&ccedil; gocunmayan bu soysuzlar \u0130slam Birli\u011finden neden b&ouml;ylesine g\u0131c\u0131k kaparlard\u0131? Kald\u0131 ki, <em>&ldquo;Yeni Osmanl\u0131c\u0131l\u0131k&rdquo;<\/em> safsatas\u0131n\u0131 Recep Tayyiplerin kafas\u0131na sokanlar, bunlar\u0131 Erbakan&rsquo;\u0131n \u0130slam Birli\u011fi Te\u015fkilat\u0131, \u0130slam Ortak Pazar\u0131, \u0130slam Dinar\u0131, \u0130slam Savunma Pakt\u0131 ve \u0130slam E\u011fitim ve bilim i\u015fbirli\u011fi kurumlar\u0131 gibi tarihi projelerini, ilmi ve insani hedeflerini ask\u0131ya al\u0131p akamete u\u011fratmak &uuml;zere pohpohlay\u0131p iktidara ta\u015f\u0131yan odaklard\u0131. Bunlar\u0131 hala Erbakan&rsquo;\u0131n takip&ccedil;isi ve projelerinin tatbik&ccedil;isi g&ouml;stermek e\u011fer ahmakl\u0131k de\u011filse a&ccedil;\u0131k bir sahtek&acirc;rl\u0131kt\u0131. <\/strong><\/span><\/p>\n<p style=\"margin-bottom: 0.0001pt; text-align: justify; text-indent: 1cm; line-height: 16pt;\"><strong><em><span style=\"font-size: 12pt; font-family: 'Arial','sans-serif';\"> &ldquo;Zira hilafet son olarak Osmanl\u0131&rsquo;dayd\u0131 ve Osmanl\u0131c\u0131l\u0131k fikrini temelde Hilafet anlay\u0131\u015f\u0131n\u0131n &uuml;zerine kurmu\u015flard\u0131. Erbakan&rsquo;a verilen &lsquo;Hoca&rsquo; lakab\u0131n\u0131n alt\u0131nda sadece siyasi bir fig&uuml;r de\u011fil, manevi bir \u015fahsiyet ve Mehdiyet&rsquo;in &ouml;nemli bir pay\u0131 da vard\u0131. Erbakan&rsquo;a biat etmek farzd\u0131, O&rsquo;nun kurdu\u011fu partilere oy vermeyenler k&acirc;fir say\u0131l\u0131rd\u0131. \u0130srail&rsquo;den nefret etmek asli unsurlar\u0131yd\u0131. &Ccedil;&uuml;nk&uuml; \u0130slam birli\u011finin &ouml;n&uuml;ndeki en b&uuml;y&uuml;k engel Siyonist \u0130srail mutlaka y\u0131k\u0131lmal\u0131yd\u0131. <\/span><\/em><\/strong><\/p>\n<p style=\"margin-bottom: 0.0001pt; text-align: justify; text-indent: 1cm; line-height: 16pt;\"><strong><em><span style=\"font-size: 12pt; font-family: 'Arial','sans-serif';\">Siyaset sadece mecliste de\u011fil, okulda, evde, camide, k\u0131\u015flada her yerde olmal\u0131yd\u0131. Zira siyaset bir ara&ccedil;t\u0131 ve ama&ccedil; dini de\u011ferlerin ya\u015fat\u0131lmas\u0131 ve yeni bir d&uuml;zenin kurulmas\u0131yd\u0131. Bu d&uuml;zenin ad\u0131n\u0131 &lsquo;Adil D&uuml;zen&rsquo; koymu\u015flard\u0131. Erbakan Hoca&rsquo;n\u0131n yerine uzun zaman kimse talip olamam\u0131\u015ft\u0131. O&rsquo;nun yerine talip olmak sadece parti genel ba\u015fkanl\u0131\u011f\u0131na g&ouml;z koymak anlam\u0131n\u0131 ta\u015f\u0131mamaktayd\u0131. Talip olan, Erbakan&rsquo;\u0131n manevi misyonuna, Mehdiyet&rsquo;teki pay\u0131na ve m&uuml;cahitlik makam\u0131na da talip olacakt\u0131.<\/span><\/em><\/strong><\/p>\n<p style=\"margin-bottom: 0.0001pt; text-align: justify; text-indent: 1cm; line-height: 16pt;\"><strong><em><span style=\"font-size: 12pt; font-family: 'Arial','sans-serif';\">Erdo\u011fan&rsquo;\u0131 tahlil edenler art\u0131k bir \u015feyin fark\u0131ndad\u0131r. Erdo\u011fan asla ikinci adaml\u0131\u011f\u0131 kabullenecek biri olmayacakt\u0131r. Erbakan&rsquo;\u0131n etraf\u0131nda pervaz ederken bile Erbakan&rsquo;\u0131n yerine talip olmay\u0131 kafas\u0131na koymu\u015f bir insand\u0131r. (Daha do\u011frusu Erbakan&rsquo;dan korkup kurtulmak isteyen \u015feytani odaklar onu b&ouml;yle \u015fi\u015firip doldurmu\u015flard\u0131r.) Erdo\u011fan, uzun zaman birlikte oldu\u011fu Hoca&rsquo;s\u0131na kazan kald\u0131r\u0131rken sadece parti ba\u015fkanl\u0131\u011f\u0131na de\u011fil, O&rsquo;nun Hoca&rsquo;l\u0131\u011f\u0131na (ve hilafet sevdas\u0131na) da ba\u015fkald\u0131rm\u0131\u015ft\u0131r. AKP i&ccedil;erde g&uuml;&ccedil;lendik&ccedil;e M\u0131s\u0131r&rsquo;dan Suriye&rsquo;ye kadar uzanan &ccedil;izgide Alem-i \u0130slam&rsquo;\u0131n koruyucusu, kollay\u0131c\u0131s\u0131 ve hamisi olma duygusu Erdo\u011fan&rsquo;\u0131 &ccedil;epe&ccedil;evre ku\u015fatm\u0131\u015ft\u0131r. Zaten onun f\u0131trat\u0131 b&ouml;yle \u015fekillenmi\u015f durumdayd\u0131. Siyasal \u0130slam&rsquo;\u0131n kodlar\u0131yla d&uuml;\u015f&uuml;nce yap\u0131s\u0131 \u015fekillenmi\u015f biri d&uuml;nya lideri de\u011fil \u0130slam Halifesi olma hayalini kurard\u0131. Ancak &Acirc;lem-i \u0130slam&rsquo;\u0131n birlikteli\u011fi Eski T&uuml;rkiye&rsquo;nin vesayet anlay\u0131\u015f\u0131na g&ouml;re olamazd\u0131, yeni bir ba\u015flang\u0131&ccedil; laz\u0131md\u0131. Milli \u0130rade ve Yeni T&uuml;rkiye&rsquo;nin in\u015fas\u0131 denilen projenin temelde Erbakan&rsquo;\u0131n, Adil D&uuml;zen&rsquo;inden fark\u0131 yoktu&rdquo; <\/span><\/em><\/strong><strong><span style=\"font-size: 12pt; font-family: 'Arial','sans-serif';\">z\u0131rvalar\u0131, herhalde Erdo\u011fan&rsquo;\u0131 aklamak ve &ldquo;Erbakan&rsquo;\u0131n devam\u0131 ve Adil D&uuml;zen daval\u0131&rdquo; g&ouml;sterip, hem Erbakan&rsquo;\u0131 karalamak hem de Erdo\u011fan&rsquo;\u0131 kahramanla\u015ft\u0131rmak i&ccedil;in uydurulmu\u015f olmal\u0131yd\u0131. <\/span><\/strong><span style=\"font-size: 12pt; font-family: 'Arial','sans-serif';\">Oysa bizzat en yak\u0131n ve yalaka yazarlar\u0131 <strong>Abdurrahman Dilipak&rsquo;<\/strong>\u0131n itiraf\u0131yla <strong><em>&ldquo;AKP, bir Siyonist proje partisi olarak; 1- Erbakan&rsquo;dan kurtulmak 2- \u0130srail&rsquo;in g&uuml;venli\u011fini garantiye almak 3- \u0130slam&rsquo;\u0131 \u0131l\u0131mla\u015ft\u0131r\u0131p yozla\u015ft\u0131rmak &uuml;zere tezg&acirc;hlan\u0131p iktidara ta\u015f\u0131nm\u0131\u015ft\u0131&rdquo;.<\/em><\/strong><\/span><\/p>\n<p style=\"margin-bottom: 0.0001pt; text-align: justify; text-indent: 1cm; line-height: 16pt;\"><span style=\"font-size: 14pt;\"><strong><span style=\"font-family: Arial, sans-serif;\">\u0130srail a\u015f\u0131\u011f\u0131 ve Siyonizm&rsquo;in u\u015fa\u011f\u0131 Said Sefa&rsquo;n\u0131n geri kalan safsata ve sapt\u0131rmalar\u0131n\u0131 da \u015f&ouml;yle d&uuml;zeltmek laz\u0131md\u0131:<\/span><\/strong><\/span><\/p>\n<p style=\"margin-bottom: 0.0001pt; text-align: justify; text-indent: 1cm; line-height: 16pt;\"><strong><span style=\"font-size: 12pt; font-family: 'Arial','sans-serif';\">&Ouml;nce, Erdo\u011fan bizim de\u011fil, sizin adam\u0131n\u0131zd\u0131. Yoksa Erbakan resmen D-8&rsquo;leri kurup \u0130slam Birli\u011finin temellerini att\u0131\u011f\u0131 i&ccedil;in mi, bu ateist, bu kom&uuml;nist, bu kapitalist art\u0131klar\u0131 yani t&uuml;m Siyonist u\u015faklar\u0131 hala bu denli kin kusmaktayd\u0131 ve AB bek&ccedil;isi ve ABD i\u015fbirlik&ccedil;isi Erdo\u011fan bahanesiyle kendisine sata\u015f\u0131lmaktayd\u0131.<\/span><\/strong><\/p>\n<p style=\"margin-bottom: 0.0001pt; text-align: justify; text-indent: 1cm; line-height: 16pt;\"><strong><span style=\"font-size: 12pt; font-family: 'Arial','sans-serif';\">DAE\u015e (I\u015e\u0130D) gibi ter&ouml;r &ouml;rg&uuml;tleri de ABD&rsquo;nin kuklas\u0131 ve ta\u015feronlar\u0131yd\u0131<\/span><\/strong><\/p>\n<p style=\"margin-bottom: 0.0001pt; text-align: justify; text-indent: 1cm; line-height: 16pt;\"><strong><span style=\"font-size: 12pt; font-family: 'Arial','sans-serif';\">\u0130\u015fgalci ABD y&ouml;netimi, DAE\u015e&rsquo;in Enbar vilayetinin merkezi Ramadi&rsquo;nin kontrol&uuml;n&uuml; eline ge&ccedil;irmesini <em>&ldquo;&ouml;rg&uuml;tle m&uuml;cadelede gerileme&rdquo;<\/em> oldu\u011funu kabul ederken, uluslararas\u0131 koalisyonun deste\u011fiyle Irakl\u0131 g&uuml;venlik g&uuml;&ccedil;lerince kentin geri al\u0131naca\u011f\u0131ndan &ldquo;emin&rdquo; oldu\u011funu a&ccedil;\u0131klam\u0131\u015ft\u0131. ABD D\u0131\u015fi\u015fleri Bakanl\u0131\u011f\u0131 S&ouml;zc&uuml;s&uuml; Jeff Rathke&rsquo;ye, son 18 ayda da Ramadi&rsquo;de &ccedil;at\u0131\u015fmalar\u0131n devam etti\u011fini, Irakl\u0131 g&uuml;venlik g&uuml;&ccedil;lerinin yerel unsurlarla birlikte &ouml;rg&uuml;te kar\u015f\u0131 sava\u015ft\u0131\u011f\u0131 bilgisini aktarm\u0131\u015ft\u0131. ABD Genelkurmay Ba\u015fkan\u0131 Martin Dempsey ise, DAE\u015e&rsquo;in Ramadi&rsquo;nin kontrol&uuml;n&uuml; eline ge&ccedil;irmesini Irakl\u0131 g&uuml;venlik g&uuml;&ccedil;leri i&ccedil;in &ldquo;zaafiyet&rdquo; olarak nitelendirirken, bu t&uuml;r durumlar\u0131n &ldquo;&uuml;z&uuml;c&uuml; ancak sava\u015fta ola\u011fan d\u0131\u015f\u0131 olmad\u0131\u011f\u0131n\u0131&rdquo; s&ouml;yleyip DAE\u015e&rsquo;in Ramadi&rsquo;de kontrol&uuml; sa\u011flamas\u0131n\u0131n ard\u0131ndan yapt\u0131\u011f\u0131 yaz\u0131l\u0131 a&ccedil;\u0131klamada, s&ouml;z konusu durumu Irakl\u0131 g&uuml;venlik birimleri i&ccedil;in &ldquo;gerileme&rdquo; olarak tan\u0131mlarken, kentin Irakl\u0131 g&uuml;&ccedil;ler taraf\u0131ndan geri al\u0131nmas\u0131 i&ccedil;in \u015fimdi &ldquo;daha fazla &ccedil;aba&rdquo; g&ouml;sterilmesi gerekti\u011fini vurgulam\u0131\u015ft\u0131.<\/span><\/strong><\/p>\n<p style=\"margin-bottom: 0.0001pt; text-align: justify; text-indent: 1cm; line-height: 16pt;\"><strong><span style=\"font-size: 12pt; font-family: 'Arial','sans-serif';\">Irak \u0130nsan Haklar\u0131 Komiserli\u011fi, DAE\u015e&rsquo;in Ramadi&rsquo;ye sald\u0131rmas\u0131n\u0131n ard\u0131ndan iki hafta i&ccedil;inde on binlerce ailenin b&ouml;lgeden g&ouml;&ccedil; etti\u011fini duyurmu\u015flard\u0131. Irak parlamentosuna ba\u011fl\u0131 \u0130nsan Haklar\u0131 Komiserli\u011fi &Uuml;yesi Mesrur Asud, DAE\u015e&rsquo;in Enbar&rsquo;\u0131n kent merkezi olan Ramadi&rsquo;ye sald\u0131rmas\u0131 ve buradaki devlet binalar\u0131n\u0131 ele ge&ccedil;irmesinin ard\u0131ndan insanlar\u0131n b&uuml;y&uuml;k ma\u011fduriyet ya\u015fad\u0131klar\u0131n\u0131 hat\u0131rlatm\u0131\u015ft\u0131. &Ouml;te yandan Irak Ba\u015fbakan\u0131 Haydar el-\u0130badi, DAE\u015e&rsquo;in ele ge&ccedil;irdi\u011fi topraklar\u0131 art\u0131k koruyamayaca\u011f\u0131n\u0131 a&ccedil;\u0131klam\u0131\u015ft\u0131. &Ccedil;&uuml;nk&uuml; DAE\u015e (I\u015e\u0130D)in arkas\u0131nda Amerika ve \u0130srail vard\u0131. Hem Irak&rsquo;ta hem Suriye&rsquo;de hem Afrika&rsquo;da &ldquo;Tav\u015fana ka&ccedil;, taz\u0131ya tut&rdquo; politikas\u0131 uygulanarak M&uuml;sl&uuml;man halklar k\u0131y\u0131ma u\u011frat\u0131lmakta ve Amerika&rsquo;n\u0131n himayesine mecbur ve mahk&ucirc;m b\u0131rak\u0131lmaktayd\u0131. \u0130\u015fte AKP iktidar\u0131 da bu kirli ve karanl\u0131k planlar\u0131n, kiral\u0131k bir piyonu konumundayd\u0131.<\/span><\/strong><\/p>\n<p style=\"margin-bottom: 0.0001pt; text-align: justify; text-indent: 1cm; line-height: 16pt;\"><span style=\"font-size: 14pt;\"><strong><span style=\"font-family: Arial, sans-serif;\">AKP&rsquo;nin &ldquo;Yeni T&uuml;rkiye&rsquo;&rdquo; slogan\u0131, Menderes ve Demirellerin &ldquo;K&uuml;&ccedil;&uuml;k ABD&rdquo; olaca\u011f\u0131z safsatalar\u0131n\u0131n farkl\u0131 bir yans\u0131mas\u0131yd\u0131.<\/span><\/strong><\/span><\/p>\n<p style=\"margin-bottom: 0.0001pt; text-align: justify; text-indent: 1cm; line-height: 16pt;\"><strong><span style=\"font-size: 12pt; font-family: 'Arial','sans-serif';\">T&uuml;rgev;<\/span><\/strong><span style=\"font-size: 12pt; font-family: 'Arial','sans-serif';\"> Erdo\u011fan&rsquo;\u0131n sahte mehdiyetine inanacak, ABD ve \u0130srail g&uuml;d&uuml;m&uuml;ndeki <strong>hilafetine <\/strong>biat edip tabi olacak kadrolar\u0131n yeti\u015ftirilmesi i&ccedil;in kurmu\u015flard\u0131. Bu yolda yap\u0131lacak h\u0131rs\u0131zl\u0131klar, yolsuzluklar, al\u0131nan komisyonlar haram say\u0131lmazd\u0131. T&uuml;rkiye&rsquo;de tam muktedir olmak ve de \u0130slam Alemi&rsquo;nin birli\u011fini sa\u011flay\u0131p Siyonizmin=ABD ve AB Emperyalizminin g&uuml;d&uuml;m&uuml;ne sokmak i&ccedil;in olabildi\u011fince servete ihtiya&ccedil; vard\u0131. Bu serveti edinmek u\u011fruna her yola ba\u015fvurmak mubaht\u0131. Bug&uuml;n AKP&rsquo;ye destek veren \u0130slamc\u0131lar\u0131n &ccedil;o\u011fu bu tezi sat\u0131n alm\u0131\u015f oldu\u011fundan her yerde Erdo\u011fan&rsquo;\u0131 ve AKP iktidar\u0131n\u0131 savunup durmaktayd\u0131. Onlara g&ouml;re yap\u0131lanlar g&uuml;nah de\u011fil, hatta sevapt\u0131. <\/span><\/p>\n<p style=\"margin-bottom: 0.0001pt; text-align: justify; text-indent: 1cm; line-height: 16pt;\"><span style=\"font-size: 12pt; font-family: 'Arial','sans-serif';\">\u0130ktidar\u0131n ve paran\u0131n verdi\u011fi \u015f\u0131mar\u0131kl\u0131k art\u0131k&ccedil;a &uuml;lke i&ccedil;inde ve d\u0131\u015f\u0131nda kendisine biat ve itaat etmeyecek insanlar harcanmaya ba\u015fland\u0131. Esad ve H&uuml;sn&uuml; M&uuml;barek gibileri problem &ccedil;\u0131kar\u0131rd\u0131. Esad devrilsin diye T&uuml;rkiye, Esad muhaliflerini koordine etmekle kalmam\u0131\u015f her t&uuml;rl&uuml; sava\u015f m&uuml;himmat\u0131yla onlara arka &ccedil;\u0131km\u0131\u015f, Suriye&rsquo;deki i&ccedil; sava\u015f\u0131 k\u0131z\u0131\u015ft\u0131r\u0131p y&uuml;z binlerin katliam\u0131na zemin haz\u0131rlanm\u0131\u015ft\u0131.<\/span><\/p>\n<p style=\"margin-bottom: 0.0001pt; text-align: justify; text-indent: 1cm; line-height: 16pt;\"><strong><span style=\"font-size: 12pt; font-family: 'Arial','sans-serif';\">M\u0131s\u0131r&rsquo;da <\/span><\/strong><span style=\"font-size: 12pt; font-family: 'Arial','sans-serif';\">halk soka\u011fa d&ouml;k&uuml;l&uuml;rken ve M&uuml;barek&rsquo;i devirirken AKP&rsquo;nin akl\u0131na &lsquo;&uuml;st ak\u0131l&rsquo; hi&ccedil; tak\u0131lmam\u0131\u015f, Amerika ve Avrupa su&ccedil;lanmam\u0131\u015ft\u0131. Ayn\u0131 Ha&ccedil;l\u0131 Bat\u0131l\u0131larla bir olup, Libya&rsquo;y\u0131 barbarca bombalamaktan ve par&ccedil;alamaktan sak\u0131nmayan Erdo\u011fan b&uuml;t&uuml;n bu g&uuml;nahlar\u0131n alt\u0131ndan nas\u0131l kalkacakt\u0131?<\/span><\/p>\n<p style=\"margin-bottom: 0.0001pt; text-align: justify; text-indent: 1cm; line-height: 16pt;\"><strong><span style=\"font-size: 12pt; font-family: 'Arial','sans-serif';\">Nijerya&rsquo;ya<\/span><\/strong><span style=\"font-size: 12pt; font-family: 'Arial','sans-serif';\"> giden silahlar\u0131n kimi &ouml;ld&uuml;rece\u011fini bilmeyenlerin feryad\u0131, bir Bakan\u0131n karde\u015finin &lsquo;Bizim bir&ccedil;ok &uuml;lkede ordumuz var&rsquo; itiraf\u0131 bunlar\u0131n bo\u015f kuruntular ve BOP e\u015fba\u015fkanl\u0131\u011f\u0131yla at\u0131lm\u0131\u015f ad\u0131mlar\u0131n ispat\u0131yd\u0131.<\/span><\/p>\n<p style=\"margin-bottom: 0.0001pt; text-align: justify; text-indent: 1cm; line-height: 16pt;\"><strong><span style=\"font-size: 12pt; font-family: 'Arial','sans-serif';\">Erbakan&rsquo;a <\/span><\/strong><span style=\"font-size: 12pt; font-family: 'Arial','sans-serif';\">ba\u015fkald\u0131ran ve Milli G&ouml;r&uuml;\u015f programlar\u0131n\u0131 aksatma kar\u015f\u0131l\u0131\u011f\u0131 iktidara ta\u015f\u0131nan Erdo\u011fan, nefsi ve siyasi ama&ccedil;lar\u0131na yakla\u015ft\u0131\u011f\u0131n\u0131 san\u0131p ABD himayeli Hilafet&rsquo;in gayri resmi i\u015fleme sokulaca\u011f\u0131n\u0131 ummaktayd\u0131. Millet hen&uuml;z buna haz\u0131r olmad\u0131\u011f\u0131ndan Hilafet yerine \u015fimdilik ba\u015fkanl\u0131k kavram\u0131n\u0131 ortaya atm\u0131\u015ft\u0131.<\/span><\/p>\n<p style=\"margin-bottom: 0.0001pt; text-align: justify; text-indent: 1cm; line-height: 16pt;\"><span style=\"font-size: 14pt;\"><strong><span style=\"font-family: Arial, sans-serif;\">Mehmet Bekaro\u011flu&rsquo;nun itiraflar\u0131!<\/span><\/strong><\/span><\/p>\n<p style=\"margin-bottom: 0.0001pt; text-align: justify; text-indent: 1cm; line-height: 16pt;\"><span style=\"font-size: 12pt; font-family: 'Arial','sans-serif';\">Bir zamanlar Numan Kurtulmu\u015f ile birlikte hareket ederek HAS Parti&rsquo;yi kuran ve Saadet Partisi&rsquo;nden ayr\u0131lan, ard\u0131ndan da HAS Parti maceras\u0131n\u0131n h&uuml;sranla sonu&ccedil;lanmas\u0131ndan sonra CHP&rsquo;ye ge&ccedil;erek Genel Ba\u015fkan Yard\u0131mc\u0131s\u0131 olan <strong>Mehmet Bekaro\u011flu<\/strong>&rsquo;nun ilgin&ccedil; tespitleri vard\u0131. Eski yol arkada\u015f\u0131 Numan Kurtulmu\u015f i&ccedil;in, <strong><em>&ldquo;O benim i&ccedil;in bir hayal k\u0131r\u0131kl\u0131\u011f\u0131d\u0131r&rdquo;<\/em><\/strong> diyerek HAS Parti d&ouml;neminde s&ouml;ylediklerinde samimi olmad\u0131\u011f\u0131n\u0131 vurgulam\u0131\u015ft\u0131. Demek ki Kurtulmu\u015f, Bekaro\u011flu&rsquo;nun &ldquo;hayal k\u0131r\u0131kl\u0131\u011f\u0131&rdquo;, Fuat Avni&rsquo;nin ifadelerine g&ouml;re de Erdo\u011fan&rsquo;\u0131n &ldquo;g&uuml;venilemeyen adam\u0131&rdquo; konumundayd\u0131.<\/span><\/p>\n<p style=\"margin-bottom: 0.0001pt; text-align: justify; text-indent: 1cm; line-height: 16pt;\"><strong><span style=\"font-size: 12pt; font-family: 'Arial','sans-serif';\">B&uuml;t&uuml;n bu itiraflar\u0131n \u015f&ouml;yle bir anlam\u0131 vard\u0131: T&uuml;rkiye&rsquo;de, solcu, sa\u011fc\u0131 veya din istismarc\u0131s\u0131 partilerde &ouml;ne &ccedil;\u0131kman\u0131n en &ouml;nemli \u015fart\u0131, Erbakan&rsquo;a ve Milli G&ouml;r&uuml;\u015f davas\u0131na h\u0131yanette bulunmakt\u0131. Bu d&ouml;neklerin karakterleri ve kabiliyetleri farkl\u0131 da olsa, ortak marifet ve meziyetleri, Erbakan&rsquo;\u0131 arkadan b\u0131&ccedil;aklamak suretiyle Amerika&rsquo;n\u0131n ve Siyonist odaklar\u0131n be\u011fenisini kazanmakt\u0131.<\/span><\/strong><\/p>\n<p style=\"margin-bottom: 0.0001pt; text-align: justify; text-indent: 1cm; line-height: 16pt;\"><span style=\"font-size: 14pt;\"><strong><span style=\"font-family: Arial, sans-serif;\">Ayd\u0131n Do\u011fan&rsquo;\u0131n \u0130stanbul Conrad Otel&rsquo;de Sn. Recep T. Erdo\u011fan&rsquo;a:<\/span><\/strong><\/span><\/p>\n<p style=\"margin-bottom: 0.0001pt; text-align: justify; text-indent: 1cm; line-height: 16pt;\"><strong><em><span style=\"font-size: 12pt; font-family: 'Arial','sans-serif';\">&ldquo;Ben Sizin d&ouml;neminizde 1&rsquo;e 5 kazand\u0131m. Ben Say\u0131n Demirel&rsquo;le, &Ouml;zal&rsquo;la ve Tansu Han\u0131mla da &ccedil;al\u0131\u015ft\u0131m.&rdquo; <\/span><\/em><\/strong><span style=\"font-size: 12pt; font-family: 'Arial','sans-serif';\">Yani onlar\u0131n d&ouml;neminde bu kadar kazanamad\u0131m, dedi\u011fini \u015fimdi Sn. Cumhurba\u015fkan\u0131 hat\u0131rlatm\u0131\u015f, kendisinin de Ona<strong><em>: &ldquo;Ben do\u011fma b&uuml;y&uuml;me Kas\u0131mpa\u015fal\u0131y\u0131m.. Bizden hakk\u0131n olan\u0131 al\u0131rs\u0131n, hakk\u0131n olmayan\u0131 alamazs\u0131n&rdquo;<\/em><\/strong> buyurduklar\u0131n\u0131 aktarm\u0131\u015ft\u0131. Bu ifadeler; <strong><em>&ldquo;kahramanl\u0131k arz ederken&rdquo;<\/em><\/strong> ne kahredici bir itiraft\u0131&hellip; Zira Ayd\u0131n Do\u011fan&rsquo;lara Demirel ve &Ouml;zal d&ouml;nemlerinden be\u015f misli fazla kazand\u0131rd\u0131klar\u0131n\u0131 bizzat a&ccedil;\u0131\u011fa vurmu\u015flard\u0131. Yahu b&ouml;yle Kas\u0131mpa\u015fal\u0131ya Ayd\u0131n Do\u011fan gibi rantiyeci baronlar kul kurban olmazlar m\u0131yd\u0131? Gazetelerinde g&uuml;ya aleyhine at\u0131p tutuyor tav\u0131rlar\u0131 ise, dan\u0131\u015f\u0131kl\u0131 d&ouml;v&uuml;\u015f&uuml;n bir icab\u0131yd\u0131, &ccedil;&uuml;nk&uuml; Erdo\u011fan&rsquo;\u0131n kavga edip kahramanl\u0131k taslayaca\u011f\u0131 kimselere ihtiya&ccedil; vard\u0131.<\/span><\/p>\n<p style=\"margin-bottom: 0.0001pt; text-align: justify; text-indent: 1cm; line-height: 16pt;\"><span style=\"font-size: 12pt; font-family: 'Arial','sans-serif';\">Sn. Erdo\u011fan&rsquo;\u0131n \u0130srail&rsquo;e at\u0131p tutmas\u0131 da bu a&ccedil;\u0131dan yorumlanmal\u0131yd\u0131. <strong>Tekrar hat\u0131rlatal\u0131m ki,<\/strong> en yak\u0131n yalakalar\u0131ndan Abdurrahman Dilipak&rsquo;\u0131n itiraf\u0131yla <strong>&ldquo;AKP, 1- \u0130srail&rsquo;in g&uuml;venli\u011fini garantiye almak 2- Erbakan Tehlikesini(!) devre d\u0131\u015f\u0131 b\u0131rakmak 3- \u0130slam&rsquo;\u0131 \u0131l\u0131mla\u015ft\u0131r\u0131p yozla\u015ft\u0131r\u0131lmak \u015fart\u0131yla bir d\u0131\u015f proje partisi olarak haz\u0131rlan\u0131p iktidara ta\u015f\u0131nm\u0131\u015ft\u0131.&rdquo; <\/strong>Ancak, halk\u0131 avutup uyutmak ve bu hizmetlerini daha rahat kotarmak i&ccedil;in de, zahiren \u0130srail&rsquo;e horozlanmas\u0131na ruhsat tan\u0131nm\u0131\u015ft\u0131&hellip;<\/span><\/p>\n<p style=\"margin-bottom: 0.0001pt; text-align: justify; text-indent: 1cm; line-height: 16pt;\"><span style=\"font-size: 12pt; font-family: 'Arial','sans-serif';\">Bu arada Sn. Meral Ak\u015fener&rsquo;e y&ouml;nelik kaset iddias\u0131 nedeniyle Eski <strong>Fetullah&ccedil;\u0131,<\/strong> sonra <strong>itiraf&ccedil;\u0131,<\/strong> \u015fimdi <strong>iftirac\u0131 <\/strong>olan <strong>Latif Erdo\u011fan<\/strong>&rsquo;\u0131 <strong><em>&ldquo;\u015ferefsiz ilan eden&rdquo;<\/em><\/strong> Ahmet Hakan hakl\u0131yd\u0131, &ccedil;&uuml;nk&uuml; bu tipleri en iyi kendisi tan\u0131rd\u0131. Cemaat&rsquo;in ve 11 y\u0131l boyunca i\u015fbirlik&ccedil;isi AKP H&uuml;k&uuml;metinin ortak tertipleriyle bizim (Milli &Ccedil;&ouml;z&uuml;m Ekibinin) aleyhimize de <strong>&ldquo;Ergenekon&rsquo;un Dinci Kanad\u0131&rdquo;<\/strong> diye iftira at\u0131lm\u0131\u015f, i\u015fte bu korkutulup-hizaya sokulup Milli G&ouml;r&uuml;\u015f&rsquo;ten ayart\u0131lan Bay Ahmet Hakan da ayn\u0131 \u015ferefsizli\u011fi bize yapm\u0131\u015ft\u0131.<\/span><\/p>\n<p style=\"margin-top: 0cm; margin-right: 0cm; margin-bottom: 0.0001pt; text-align: justify; text-indent: 1cm; line-height: 16pt;\"><span style=\"font-size: 14pt;\"><strong><span style=\"font-family: Arial, sans-serif;\">Her \u015feye ra\u011fmen, m&uuml;nkirlerin k&ouml;kleri kuruyup azalmakta, m&uuml;&rsquo;minlerin ise say\u0131s\u0131 h\u0131zla artmaktayd\u0131! \u0130\u015fte Barbar Bat\u0131&rsquo;y\u0131 bu y&uuml;zden \u0130slam korkusu sarm\u0131\u015ft\u0131.<\/span><\/strong><\/span><\/p>\n<p style=\"margin-top: 0cm; margin-right: 0cm; margin-bottom: 0.0001pt; text-align: justify; text-indent: 1cm; line-height: 16pt;\"><span style=\"font-size: 14pt;\"><strong><span style=\"font-family: Arial, sans-serif;\">Barbar Bat\u0131&rsquo;n\u0131n \u0130slam korkular\u0131!<\/span><\/strong><\/span><\/p>\n<p style=\"margin-top: 0cm; margin-right: 0cm; margin-bottom: 0.0001pt; text-align: justify; text-indent: 1cm; line-height: 16pt;\"><strong><span style=\"font-size: 12pt; font-family: 'Arial','sans-serif';\">Merkezi Washington&rsquo;da bulunan Pew Ara\u015ft\u0131rma Merkezi adl\u0131 kurulu\u015f tarihi bir ara\u015ft\u0131rma yapm\u0131\u015f ve sonu&ccedil;lar\u0131n\u0131 yay\u0131nlam\u0131\u015ft\u0131. Bu kurulu\u015f 198 &uuml;lkenin do\u011fum oran\u0131, ya\u015f ortalamas\u0131, dini inan&ccedil;lara ba\u011fl\u0131l\u0131k, din de\u011fi\u015ftirme oran\u0131, g&ouml;&ccedil; ve benzeri verilerinden yola &ccedil;\u0131karak vard\u0131\u011f\u0131 sonu&ccedil;lar\u0131 raporla\u015ft\u0131rm\u0131\u015ft\u0131. Ara\u015ft\u0131rma, \u015fimdinin toplumsal davran\u0131\u015f e\u011filimlerinden yola &ccedil;\u0131karak 30-40 y\u0131l sonras\u0131n\u0131n d&uuml;nyas\u0131n\u0131 say\u0131sal verilerle ortaya koyulmaktayd\u0131. <\/span><\/strong><\/p>\n<p style=\"margin-top: 0cm; margin-right: 0cm; margin-bottom: 0.0001pt; text-align: justify; text-indent: 1cm; line-height: 16pt;\"><strong><span style=\"font-size: 12pt; font-family: 'Arial','sans-serif';\">Emperyalist Bat\u0131&rsquo;n\u0131n \u0130slam&rsquo;\u0131 ter&ouml;rizmin kayna\u011f\u0131 olarak g&ouml;sterme sahtek&acirc;rl\u0131\u011f\u0131n\u0131n ve i&ccedil; &ccedil;at\u0131\u015fmalarla M&uuml;sl&uuml;man&rsquo;\u0131 M&uuml;sl&uuml;man&rsquo;a vurdurma &ccedil;abalar\u0131n\u0131n alt\u0131nda i\u015fte bu ku\u015fkular yatmaktayd\u0131. <\/span><\/strong><\/p>\n<p style=\"margin-top: 0cm; margin-right: 0cm; margin-bottom: 0.0001pt; text-align: justify; text-indent: 1cm; line-height: 16pt;\"><strong><span style=\"font-size: 12pt; font-family: 'Arial','sans-serif';\">Bu ara\u015ft\u0131rmaya g&ouml;re 2050&rsquo;in insanl\u0131k manzaras\u0131!<\/span><\/strong><\/p>\n<p style=\"margin-top: 0cm; margin-right: 0cm; margin-bottom: 0.0001pt; text-align: justify; text-indent: 1cm; line-height: 16pt;\"><strong><span style=\"font-size: 12pt; font-family: 'Arial','sans-serif';\"><strong style=\"line-height: 21.3333339691162px; text-align: justify; text-indent: 37.7952766418457px;\"><span style=\"font-size: 11pt; line-height: 16.8666667938232px; font-family: Arial, sans-serif;\"><span style=\"font-size: 12pt;\">&bull;<\/span>&nbsp;<\/span><\/strong><\/span><\/strong><span style=\"font-size: 12pt;\"><strong><span style=\"font-family: Arial, sans-serif;\">2010 y\u0131l\u0131nda toplam 6.9 milyar olan d&uuml;nya n&uuml;fusunun 1.6 milyar\u0131 M&uuml;sl&uuml;man, 2.17 milyar\u0131 H\u0131ristiyan&rsquo;d\u0131. H\u0131ristiyanlar\u0131n d&uuml;nya n&uuml;fusuna oran\u0131 y&uuml;zde 31.4, M&uuml;sl&uuml;manlar\u0131n oran\u0131 y&uuml;zde 23.2 civar\u0131ndayd\u0131.<\/span><\/strong><\/span><\/p>\n<p style=\"margin-top: 0cm; margin-right: 0cm; margin-bottom: 0.0001pt; text-align: justify; text-indent: 1cm; line-height: 16pt;\"><span style=\"font-size: 12pt;\"><strong><span style=\"font-family: Arial, sans-serif;\"><strong style=\"line-height: 21.3333339691162px; text-align: justify; text-indent: 37.7952766418457px;\"><span style=\"font-size: 11pt; line-height: 16.8666667938232px; font-family: Arial, sans-serif;\"><span style=\"font-size: 12pt;\">&bull;<\/span>&nbsp;<\/span><\/strong><\/span><\/strong><\/span><span style=\"font-size: 12pt;\"><strong><span style=\"font-family: Arial, sans-serif;\">\u0130nanan\u0131 en h\u0131zl\u0131 art\u0131\u015f g&ouml;steren \u0130slamiyet, 2070 y\u0131l\u0131nda H\u0131ristiyanl\u0131\u011f\u0131 geride b\u0131rakacakt\u0131. M&uuml;sl&uuml;man n&uuml;fus y&uuml;zde 73, H\u0131ristiyan n&uuml;fus y&uuml;zde 35 oran\u0131nda art\u0131\u015f sa\u011flayacakt\u0131.<\/span><\/strong><\/span><\/p>\n<p style=\"margin-top: 0cm; margin-right: 0cm; margin-bottom: 0.0001pt; text-align: justify; text-indent: 1cm; line-height: 16pt;\"><span style=\"font-size: 12pt;\"><strong><span style=\"font-family: Arial, sans-serif;\"><strong style=\"line-height: 21.3333339691162px; text-align: justify; text-indent: 37.7952766418457px;\"><span style=\"font-size: 11pt; line-height: 16.8666667938232px; font-family: Arial, sans-serif;\"><span style=\"font-size: 12pt;\">&bull;<\/span>&nbsp;<\/span><\/strong><\/span><\/strong><\/span><span style=\"font-size: 12pt;\"><strong><span style=\"font-family: Arial, sans-serif;\">2050 y\u0131l\u0131nda d&uuml;nya n&uuml;fusu 9.3 milyara &ccedil;\u0131kacak, H\u0131ristiyan n&uuml;fus 2.92 milyar olacakt\u0131. D&uuml;nya n&uuml;fusunun genel art\u0131\u015f ortalamas\u0131ndan daha y&uuml;ksek bir art\u0131\u015f g&ouml;steren M&uuml;sl&uuml;man n&uuml;fus, 2.76 milyara &ccedil;\u0131kacakt\u0131. M&uuml;sl&uuml;manlar\u0131n d&uuml;nya n&uuml;fusuna oran\u0131 y&uuml;zde 29.7&rsquo;ye y&uuml;kselecek, H\u0131ristiyanlar\u0131n oran\u0131 ayn\u0131 kalacakt\u0131.<\/span><\/strong><\/span><\/p>\n<p style=\"margin-top: 0cm; margin-right: 0cm; margin-bottom: 0.0001pt; text-align: justify; text-indent: 1cm; line-height: 16pt;\"><span style=\"font-size: 12pt;\"><strong><span style=\"font-family: Arial, sans-serif;\"><strong style=\"line-height: 21.3333339691162px; text-align: justify; text-indent: 37.7952766418457px;\"><span style=\"font-size: 11pt; line-height: 16.8666667938232px; font-family: Arial, sans-serif;\"><span style=\"font-size: 12pt;\">&bull;<\/span>&nbsp;<\/span><\/strong><\/span><\/strong><\/span><span style=\"font-size: 12pt;\"><strong><span style=\"font-family: Arial, sans-serif;\">&Uuml;&ccedil;&uuml;nc&uuml; b&uuml;y&uuml;k din olan Hinduizm&rsquo;in n&uuml;fusu 1.03 milyardan 1.38 milyara &ccedil;\u0131kacak, ama oran\u0131 y&uuml;zde 15&rsquo;ten 14.9&rsquo;a kayacakt\u0131.<\/span><\/strong><\/span><\/p>\n<p style=\"margin-top: 0cm; margin-right: 0cm; margin-bottom: 0.0001pt; text-align: justify; text-indent: 1cm; line-height: 16pt;\"><span style=\"font-size: 12pt;\"><strong><span style=\"font-family: Arial, sans-serif;\"><strong style=\"line-height: 21.3333339691162px; text-align: justify; text-indent: 37.7952766418457px;\"><span style=\"font-size: 11pt; line-height: 16.8666667938232px; font-family: Arial, sans-serif;\"><span style=\"font-size: 12pt;\">&bull;<\/span>&nbsp;<\/span><\/strong><\/span><\/strong><\/span><span style=\"font-size: 12pt;\"><strong><span style=\"font-family: Arial, sans-serif;\">\u0130nan&ccedil;s\u0131zlar\u0131n n&uuml;fusu 1.13 milyarda kalacak, D&uuml;nya toplam n&uuml;fusundaki oran\u0131 y&uuml;zde 16.4&rsquo;ten y&uuml;zde 13.2&rsquo;ye gerilemi\u015f olacakt\u0131.<\/span><\/strong><\/span><\/p>\n<p style=\"margin-top: 0cm; margin-right: 0cm; margin-bottom: 0.0001pt; text-align: justify; text-indent: 1cm; line-height: 16pt;\"><span style=\"font-size: 12pt;\"><strong><span style=\"font-family: Arial, sans-serif;\"><\/span><\/strong><\/span><span style=\"font-size: 12pt;\"><strong><span style=\"line-height: 115%; font-family: Arial, sans-serif;\">&bull; <\/span><span style=\"line-height: 115%; font-family: Arial, sans-serif;\">Budizm&rsquo;in, y&ouml;resel putperest dinlerinin ve Musevili\u011fin n&uuml;fuslar\u0131nda da azalma ya\u015fanacakt\u0131.<\/span><\/strong><\/span><\/p>\n<p style=\"margin-top: 0cm; margin-right: 0cm; margin-bottom: 0.0001pt; text-indent: 1cm; line-height: 16pt; text-align: justify;\"><strong><span style=\"font-size: 12pt; font-family: 'Arial','sans-serif';\">Pew Ara\u015ft\u0131rma Merkezi&rsquo;nin bulgulara dayal\u0131 varsay\u0131m\u0131na g&ouml;re, \u0130slamiyet&rsquo;in di\u011fer dinlere oranla daha h\u0131zl\u0131 b&uuml;y&uuml;mesinin nedeni y&uuml;ksek do\u011fum oran\u0131yd\u0131 (ve temel insan haklar\u0131n\u0131 korumas\u0131yd\u0131). M&uuml;sl&uuml;manlarda anne ortalama 3.1 &ccedil;ocuk do\u011fururken, H\u0131ristiyanlarda bu oran 2.7&rsquo;lerde kalmaktayd\u0131.<\/span><\/strong><\/p>\n<p style=\"margin-top: 0cm; margin-right: 0cm; margin-bottom: 0.0001pt; text-align: justify; text-indent: 1cm; line-height: 16pt;\"><strong><span style=\"font-size: 12pt; font-family: 'Arial','sans-serif';\">Pew Ara\u015ft\u0131rma Merkezi, dinlerin mensuplar\u0131n\u0131n ya\u015f oranlar\u0131n\u0131 da 2010&rsquo;dan 2050&rsquo;ye projeksiyonla kar\u015f\u0131la\u015ft\u0131rmal\u0131 olarak inceleyip a&ccedil;\u0131klam\u0131\u015ft\u0131:<\/span><\/strong><\/p>\n<p style=\"margin-top: 0cm; margin-right: 0cm; margin-bottom: 0.0001pt; text-align: justify; text-indent: 1cm; line-height: 16pt;\"><strong><span style=\"font-size: 12pt; font-family: 'Arial','sans-serif';\"><strong style=\"font-size: 16px; line-height: 21.3333339691162px; text-align: justify; text-indent: 37.7952766418457px;\"><span style=\"line-height: 18.3999996185303px; font-family: Arial, sans-serif;\">&bull;&nbsp;<\/span><\/strong><\/span><\/strong><span style=\"font-size: 12pt;\"><strong><span style=\"font-family: Arial, sans-serif;\">M&uuml;sl&uuml;manlarda 15 ya\u015f alt\u0131 grubun toplam n&uuml;fusa oran\u0131 y&uuml;zde 34, Hindularda y&uuml;zde 30, H\u0131ristiyanlarda y&uuml;zde 27, halk dinlerinde y&uuml;zde 22, Musevilikte y&uuml;zde 21, Budizm&rsquo;de y&uuml;zde 20, inan&ccedil;s\u0131zlarda y&uuml;zde 19 kadard\u0131.<\/span><\/strong><\/span><\/p>\n<p style=\"margin-top: 0cm; margin-right: 0cm; margin-bottom: 0.0001pt; text-align: justify; text-indent: 1cm; line-height: 16pt;\"><span style=\"font-size: 12pt;\"><strong><span style=\"font-family: Arial, sans-serif;\"><strong style=\"font-size: 16px; line-height: 21.3333339691162px; text-align: justify; text-indent: 37.7952766418457px;\"><span style=\"line-height: 18.3999996185303px; font-family: Arial, sans-serif;\">&bull;&nbsp;<\/span><\/strong><\/span><\/strong><\/span><span style=\"font-size: 12pt;\"><strong><span style=\"font-family: Arial, sans-serif;\">60 ve &uuml;st&uuml; ya\u015f grubunun en y&uuml;ksek oldu\u011fu din y&uuml;zde 20 ile Musevilik, en az oldu\u011fu din y&uuml;zde 7 ile M&uuml;sl&uuml;manl\u0131kt\u0131. Bu oran Budizm&rsquo;de y&uuml;zde 15, H\u0131ristiyanl\u0131kta y&uuml;zde 14, inan&ccedil;s\u0131zlarda y&uuml;zde 13, Hinduizm&rsquo;de y&uuml;zde 8 civar\u0131ndayd\u0131.&nbsp;<\/span><\/strong><\/span><\/p>\n<p style=\"margin-top: 0cm; margin-right: 0cm; margin-bottom: 0.0001pt; text-align: justify; text-indent: 1cm; line-height: 16pt;\"><span style=\"font-size: 12pt;\"><strong><span style=\"font-family: Arial, sans-serif;\"><\/span><\/strong><\/span><strong><span style=\"font-size: 12pt; font-family: 'Arial','sans-serif';\">K\u0131talara ve &uuml;lkelere g&ouml;re \u015funlar ya\u015fanacakt\u0131:<\/span><\/strong><\/p>\n<p style=\"margin-top: 0cm; margin-right: 0cm; margin-bottom: 0.0001pt; text-align: justify; text-indent: 1cm; line-height: 16pt;\"><strong><span style=\"font-size: 12pt; font-family: 'Arial','sans-serif';\"><strong style=\"font-size: 16px; line-height: 21.3333339691162px; text-align: justify; text-indent: 37.7952766418457px;\"><span style=\"font-family: Arial, sans-serif;\"><strong style=\"line-height: 21.3333339691162px;\"><span style=\"line-height: 18.3999996185303px;\">&bull;&nbsp;<\/span><\/strong><\/span><\/strong><\/span><\/strong><span style=\"font-size: 12pt;\"><strong><span style=\"font-family: Arial, sans-serif;\">ABD&rsquo;de H\u0131ristiyan n&uuml;fusun oran\u0131 y&uuml;zde 78&rsquo;den y&uuml;zde 66&rsquo;ya d&uuml;\u015fm&uuml;\u015f olacakt\u0131. M&uuml;sl&uuml;manlar ise artacakt\u0131.<\/span><\/strong><\/span><\/p>\n<p style=\"margin-top: 0cm; margin-right: 0cm; margin-bottom: 0.0001pt; text-align: justify; text-indent: 1cm; line-height: 16pt;\"><span style=\"font-size: 12pt;\"><strong><span style=\"font-family: Arial, sans-serif;\"><strong style=\"font-size: 16px; line-height: 21.3333339691162px; text-align: justify; text-indent: 37.7952766418457px;\"><span style=\"font-family: Arial, sans-serif;\"><strong style=\"line-height: 21.3333339691162px;\"><span style=\"line-height: 18.3999996185303px;\">&bull;&nbsp;<\/span><\/strong><\/span><\/strong><\/span><\/strong><\/span><span style=\"font-size: 12pt;\"><strong><span style=\"font-family: Arial, sans-serif;\">ABD&rsquo;de \u0130slam Musevili\u011fi ge&ccedil;ecek, H\u0131ristiyanl\u0131ktan sonra ikinci din konumuna &ccedil;\u0131kacakt\u0131.<\/span><\/strong><\/span><\/p>\n<p style=\"margin-top: 0cm; margin-right: 0cm; margin-bottom: 0.0001pt; text-align: justify; text-indent: 1cm; line-height: 16pt;\"><span style=\"font-size: 12pt;\"><strong><span style=\"font-family: Arial, sans-serif;\"><strong style=\"font-size: 16px; line-height: 21.3333339691162px; text-align: justify; text-indent: 37.7952766418457px;\"><span style=\"font-family: Arial, sans-serif;\"><strong style=\"line-height: 21.3333339691162px;\"><span style=\"line-height: 18.3999996185303px;\">&bull;&nbsp;<\/span><\/strong><\/span><\/strong><\/span><\/strong><\/span><span style=\"font-size: 12pt;\"><strong><span style=\"font-family: Arial, sans-serif;\">N&uuml;fusu d&uuml;\u015fecek olan tek b&ouml;lge Avrupa&rsquo;n\u0131n H\u0131ristiyan n&uuml;fusu 100 milyon azalacakt\u0131.<\/span><\/strong><\/span><\/p>\n<p style=\"margin-top: 0cm; margin-right: 0cm; margin-bottom: 0.0001pt; text-align: justify; text-indent: 1cm; line-height: 16pt;\"><span style=\"font-size: 12pt;\"><strong><span style=\"font-family: Arial, sans-serif;\"><strong style=\"font-size: 16px; line-height: 21.3333339691162px; text-align: justify; text-indent: 37.7952766418457px;\"><span style=\"font-family: Arial, sans-serif;\"><strong style=\"line-height: 21.3333339691162px;\"><span style=\"line-height: 18.3999996185303px;\">&bull;&nbsp;<\/span><\/strong><\/span><\/strong><\/span><\/strong><\/span><span style=\"font-size: 12pt;\"><strong><span style=\"font-family: Arial, sans-serif;\">Do\u011fum oran\u0131 bug&uuml;nk&uuml; gibi s&uuml;rerse M&uuml;sl&uuml;manlar Avrupa&rsquo;n\u0131n toplam n&uuml;fusunun y&uuml;zde 10&rsquo;unu olu\u015fturacakt\u0131.<\/span><\/strong><\/span><\/p>\n<p style=\"margin-top: 0cm; margin-right: 0cm; margin-bottom: 0.0001pt; text-align: justify; text-indent: 1cm; line-height: 16pt;\"><span style=\"font-size: 12pt;\"><strong><span style=\"font-family: Arial, sans-serif;\"><strong style=\"font-size: 16px; line-height: 21.3333339691162px; text-align: justify; text-indent: 37.7952766418457px;\"><span style=\"font-family: Arial, sans-serif;\"><strong style=\"line-height: 21.3333339691162px;\"><span style=\"line-height: 18.3999996185303px;\">&bull;&nbsp;<\/span><\/strong><\/span><\/strong><\/span><\/strong><\/span><span style=\"font-size: 12pt;\"><strong><span style=\"font-family: Arial, sans-serif;\">Hindistan Endonezya&rsquo;y\u0131 geride b\u0131rakarak, en &ccedil;ok M&uuml;sl&uuml;man n&uuml;fusun ya\u015fad\u0131\u011f\u0131 &uuml;lke olacakt\u0131.<\/span><\/strong><\/span><\/p>\n<p style=\"margin-top: 0cm; margin-right: 0cm; margin-bottom: 0.0001pt; text-indent: 1cm; line-height: 16pt; text-align: justify;\"><span style=\"font-size: 12pt;\"><strong><span style=\"line-height: 115%; font-family: Arial, sans-serif;\">&bull; <\/span><span style=\"line-height: 115%; font-family: Arial, sans-serif;\">Ateistlerin ve inan&ccedil;s\u0131zlar\u0131n oran\u0131 ABD&rsquo;de ve ba\u015fta Fransa olmak &uuml;zere Avrupa&rsquo;da artarken, d&uuml;nyada genel olarak dinsizlerin say\u0131s\u0131 b&uuml;y&uuml;k oranda azalacakt\u0131. 2050 y\u0131l\u0131nda ABD&rsquo;de H\u0131ristiyan n&uuml;fusun &ccedil;eyre\u011fi inan&ccedil;s\u0131z ve ateist olacak, ama \u0130slamiyet h\u0131zla artacakt\u0131.[2]<\/span><\/strong><\/span><\/p>\n<p style=\"margin-top: 0cm; margin-right: 0cm; margin-bottom: 0.0001pt; text-align: justify; text-indent: 1cm; line-height: 16pt;\">&nbsp;<\/p>\n<p>&nbsp;<\/p>\n<hr style=\"text-align: left;\" size=\"1\" width=\"33%\" \/>\n<p style=\"margin-bottom: 0.0001pt; line-height: normal;\"><a href=\"#ftnref1\" id=\"ftnref1\" name=\"ftn1\" style=\"vertical-align: super;\">[1]<\/a><span style=\"font-size: 9pt; font-family: 'Arial','sans-serif';\"> <a href=\"http:\/\/www.hbrdr.com\/ben-sizin-halifenizim-makale\">http:\/\/www.hbrdr.com\/ben-sizin-halifenizim-makale<\/a>,107.html<\/span><\/p>\n<p style=\"margin-bottom: 0.0001pt; line-height: normal;\"><a href=\"#_ftnref2\" id=\"ftnref2\" name=\"_ftn2\" style=\"vertical-align: super;\">[2]<\/a><span style=\"font-size: 9pt; font-family: 'Arial','sans-serif';\"> <a href=\"mailto:hbogun@gmail.com\">hbogun@gmail.com<\/a><\/span><\/p>\n","protected":false},"excerpt":{"rendered":"<p>&nbsp; Bizzat Meclis Ba\u015fkan\u0131 AKP&rsquo;li Cemil &Ccedil;i&ccedil;ek &ldquo;Maalesef devlet la&ccedil;kala\u015ft\u0131. Art\u0131k devlet diye bir \u015fey kalmad\u0131. Ortada; ne Anayasa, ne Meclis, ne de Kuvvetler Ayr\u0131l\u0131\u011f\u0131 kald\u0131!&rdquo; diye uyarmaktayd\u0131. Tarafs\u0131z olmas\u0131 gereken Cumhurba\u015fkan\u0131, AKP&rsquo;nin fiili genel ba\u015fkan\u0131 ve muhalefetin &ouml;zel d&uuml;\u015fman\u0131 gibi davranmaktayd\u0131. &ldquo;Se&ccedil;im sonu&ccedil;lar\u0131nda hile yap\u0131laca\u011f\u0131&rdquo; iddialar\u0131 ve kayg\u0131lar\u0131 giderek artm\u0131\u015ft\u0131. Devlet ve H&uuml;k&uuml;metten de [&hellip;]<\/p>\n","protected":false},"author":12,"featured_media":0,"comment_status":"open","ping_status":"closed","sticky":false,"template":"","format":"standard","meta":{"footnotes":""},"categories":[179],"tags":[],"class_list":["post-3391","post","type-post","status-publish","format-standard","hentry","category-agustos-2015"],"_links":{"self":[{"href":"https:\/\/www.millicozum.com\/mc\/wp-json\/wp\/v2\/posts\/3391","targetHints":{"allow":["GET"]}}],"collection":[{"href":"https:\/\/www.millicozum.com\/mc\/wp-json\/wp\/v2\/posts"}],"about":[{"href":"https:\/\/www.millicozum.com\/mc\/wp-json\/wp\/v2\/types\/post"}],"author":[{"embeddable":true,"href":"https:\/\/www.millicozum.com\/mc\/wp-json\/wp\/v2\/users\/12"}],"replies":[{"embeddable":true,"href":"https:\/\/www.millicozum.com\/mc\/wp-json\/wp\/v2\/comments?post=3391"}],"version-history":[{"count":0,"href":"https:\/\/www.millicozum.com\/mc\/wp-json\/wp\/v2\/posts\/3391\/revisions"}],"wp:attachment":[{"href":"https:\/\/www.millicozum.com\/mc\/wp-json\/wp\/v2\/media?parent=3391"}],"wp:term":[{"taxonomy":"category","embeddable":true,"href":"https:\/\/www.millicozum.com\/mc\/wp-json\/wp\/v2\/categories?post=3391"},{"taxonomy":"post_tag","embeddable":true,"href":"https:\/\/www.millicozum.com\/mc\/wp-json\/wp\/v2\/tags?post=3391"}],"curies":[{"name":"wp","href":"https:\/\/api.w.org\/{rel}","templated":true}]}}