{"id":34098,"date":"2026-03-30T20:48:08","date_gmt":"2026-03-30T17:48:08","guid":{"rendered":"https:\/\/www.millicozum.com\/mc\/?p=34098"},"modified":"2026-04-29T03:51:36","modified_gmt":"2026-04-29T00:51:36","slug":"suriyede-sdgye-ozerklik-tuzagi-ve-hukumetin-kirmizi-cizgileri-palavrasi","status":"publish","type":"post","link":"https:\/\/www.millicozum.com\/mc\/ozel-yazilar\/suriyede-sdgye-ozerklik-tuzagi-ve-hukumetin-kirmizi-cizgileri-palavrasi\/","title":{"rendered":"SUR\u0130YE&#8217;DE SDG&#8217;YE \u00d6ZERKL\u0130K TUZA\u011eI<br> VE<br> \u201cH\u00dcK\u00dcMET\u0130N KIRMIZI \u00c7\u0130ZG\u0130LER\u0130\u201d PALAVRASI!"},"content":{"rendered":"\t\t<div data-elementor-type=\"wp-post\" data-elementor-id=\"34098\" class=\"elementor elementor-34098\" data-elementor-settings=\"{&quot;element_pack_global_tooltip_width&quot;:{&quot;unit&quot;:&quot;px&quot;,&quot;size&quot;:&quot;&quot;,&quot;sizes&quot;:[]},&quot;element_pack_global_tooltip_width_tablet&quot;:{&quot;unit&quot;:&quot;px&quot;,&quot;size&quot;:&quot;&quot;,&quot;sizes&quot;:[]},&quot;element_pack_global_tooltip_width_mobile&quot;:{&quot;unit&quot;:&quot;px&quot;,&quot;size&quot;:&quot;&quot;,&quot;sizes&quot;:[]},&quot;element_pack_global_tooltip_padding&quot;:{&quot;unit&quot;:&quot;px&quot;,&quot;top&quot;:&quot;&quot;,&quot;right&quot;:&quot;&quot;,&quot;bottom&quot;:&quot;&quot;,&quot;left&quot;:&quot;&quot;,&quot;isLinked&quot;:true},&quot;element_pack_global_tooltip_padding_tablet&quot;:{&quot;unit&quot;:&quot;px&quot;,&quot;top&quot;:&quot;&quot;,&quot;right&quot;:&quot;&quot;,&quot;bottom&quot;:&quot;&quot;,&quot;left&quot;:&quot;&quot;,&quot;isLinked&quot;:true},&quot;element_pack_global_tooltip_padding_mobile&quot;:{&quot;unit&quot;:&quot;px&quot;,&quot;top&quot;:&quot;&quot;,&quot;right&quot;:&quot;&quot;,&quot;bottom&quot;:&quot;&quot;,&quot;left&quot;:&quot;&quot;,&quot;isLinked&quot;:true},&quot;element_pack_global_tooltip_border_radius&quot;:{&quot;unit&quot;:&quot;px&quot;,&quot;top&quot;:&quot;&quot;,&quot;right&quot;:&quot;&quot;,&quot;bottom&quot;:&quot;&quot;,&quot;left&quot;:&quot;&quot;,&quot;isLinked&quot;:true},&quot;element_pack_global_tooltip_border_radius_tablet&quot;:{&quot;unit&quot;:&quot;px&quot;,&quot;top&quot;:&quot;&quot;,&quot;right&quot;:&quot;&quot;,&quot;bottom&quot;:&quot;&quot;,&quot;left&quot;:&quot;&quot;,&quot;isLinked&quot;:true},&quot;element_pack_global_tooltip_border_radius_mobile&quot;:{&quot;unit&quot;:&quot;px&quot;,&quot;top&quot;:&quot;&quot;,&quot;right&quot;:&quot;&quot;,&quot;bottom&quot;:&quot;&quot;,&quot;left&quot;:&quot;&quot;,&quot;isLinked&quot;:true}}\" data-elementor-post-type=\"post\">\n\t\t\t\t\t\t<section class=\"elementor-section elementor-top-section elementor-element elementor-element-4931b567 elementor-section-boxed elementor-section-height-default elementor-section-height-default\" data-id=\"4931b567\" data-element_type=\"section\">\n\t\t\t\t\t\t<div class=\"elementor-container elementor-column-gap-default\">\n\t\t\t\t\t<div class=\"elementor-column elementor-col-100 elementor-top-column elementor-element elementor-element-245e0ff2\" data-id=\"245e0ff2\" data-element_type=\"column\">\n\t\t\t<div class=\"elementor-widget-wrap elementor-element-populated\">\n\t\t\t\t\t\t<div class=\"elementor-element elementor-element-ccd3c2d elementor-widget elementor-widget-heading\" data-id=\"ccd3c2d\" data-element_type=\"widget\" data-widget_type=\"heading.default\">\n\t\t\t\t<div class=\"elementor-widget-container\">\n\t\t\t\t\t<h3 class=\"elementor-heading-title elementor-size-default\">SUR\u0130YE'DE SDG'YE \u00d6ZERKL\u0130K TUZA\u011eI<br> VE<br> \u201cH\u00dcK\u00dcMET\u0130N KIRMIZI \u00c7\u0130ZG\u0130LER\u0130\u201d PALAVRASI!\n<\/h3>\t\t\t\t<\/div>\n\t\t\t\t<\/div>\n\t\t\t\t\t<\/div>\n\t\t<\/div>\n\t\t\t\t\t<\/div>\n\t\t<\/section>\n\t\t\t\t<section class=\"elementor-section elementor-top-section elementor-element elementor-element-19908ac3 elementor-section-boxed elementor-section-height-default elementor-section-height-default\" data-id=\"19908ac3\" data-element_type=\"section\">\n\t\t\t\t\t\t<div class=\"elementor-container elementor-column-gap-default\">\n\t\t\t\t\t<div class=\"elementor-column elementor-col-100 elementor-top-column elementor-element elementor-element-160fed65\" data-id=\"160fed65\" data-element_type=\"column\">\n\t\t\t<div class=\"elementor-widget-wrap elementor-element-populated\">\n\t\t\t\t\t\t<section class=\"elementor-section elementor-inner-section elementor-element elementor-element-3f850856 elementor-section-full_width elementor-section-content-middle elementor-section-height-default elementor-section-height-default\" data-id=\"3f850856\" data-element_type=\"section\">\n\t\t\t\t\t\t<div class=\"elementor-container elementor-column-gap-default\">\n\t\t\t\t\t<div class=\"elementor-column elementor-col-25 elementor-inner-column elementor-element elementor-element-4ec3b9a2\" data-id=\"4ec3b9a2\" data-element_type=\"column\">\n\t\t\t<div class=\"elementor-widget-wrap elementor-element-populated\">\n\t\t\t\t\t\t<div class=\"elementor-element elementor-element-27cb1208 elementor-widget elementor-widget-image\" data-id=\"27cb1208\" data-element_type=\"widget\" data-widget_type=\"image.default\">\n\t\t\t\t<div class=\"elementor-widget-container\">\n\t\t\t\t\t\t\t\t\t\t\t\t\t\t\t<img decoding=\"async\" width=\"128\" height=\"128\" src=\"https:\/\/www.millicozum.com\/mc\/wp-content\/uploads\/9024874_speaker_simple_high_light_icon-2.png\" class=\"attachment-large size-large wp-image-29248\" alt=\"\" \/>\t\t\t\t\t\t\t\t\t\t\t\t\t\t\t<\/div>\n\t\t\t\t<\/div>\n\t\t\t\t\t<\/div>\n\t\t<\/div>\n\t\t\t\t<div class=\"elementor-column elementor-col-25 elementor-inner-column elementor-element elementor-element-25ff767f\" data-id=\"25ff767f\" data-element_type=\"column\">\n\t\t\t<div class=\"elementor-widget-wrap elementor-element-populated\">\n\t\t\t\t\t\t<div class=\"elementor-element elementor-element-8d67267 elementor-widget elementor-widget-image\" data-id=\"8d67267\" data-element_type=\"widget\" data-settings=\"{&quot;_animation&quot;:&quot;none&quot;,&quot;element_pack_widget_tooltip&quot;:&quot;yes&quot;,&quot;element_pack_widget_tooltip_text&quot;:&quot;YouTube&quot;,&quot;element_pack_widget_tooltip_placement&quot;:&quot;bottom&quot;,&quot;element_pack_widget_tooltip_x_offset&quot;:{&quot;unit&quot;:&quot;px&quot;,&quot;size&quot;:&quot;&quot;,&quot;sizes&quot;:[]},&quot;element_pack_widget_tooltip_y_offset&quot;:{&quot;unit&quot;:&quot;px&quot;,&quot;size&quot;:&quot;&quot;,&quot;sizes&quot;:[]}}\" data-widget_type=\"image.default\">\n\t\t\t\t<div class=\"elementor-widget-container\">\n\t\t\t\t\t\t\t\t\t\t\t\t\t\t\t\t<a href=\"https:\/\/youtu.be\/VBmoKjevY6c\" target=\"_blank\">\n\t\t\t\t\t\t\t<img decoding=\"async\" width=\"128\" height=\"128\" src=\"https:\/\/www.millicozum.com\/mc\/wp-content\/uploads\/317714_video_youtube_icon-2.png\" class=\"attachment-large size-large wp-image-29249\" alt=\"\" \/>\t\t\t\t\t\t\t\t<\/a>\n\t\t\t\t\t\t\t\t\t\t\t\t\t\t\t<\/div>\n\t\t\t\t<\/div>\n\t\t\t\t\t<\/div>\n\t\t<\/div>\n\t\t\t\t<div class=\"elementor-column elementor-col-25 elementor-inner-column elementor-element elementor-element-62d78116\" data-id=\"62d78116\" data-element_type=\"column\">\n\t\t\t<div class=\"elementor-widget-wrap elementor-element-populated\">\n\t\t\t\t\t\t<div class=\"elementor-element elementor-element-2add1e5f elementor-widget elementor-widget-image\" data-id=\"2add1e5f\" data-element_type=\"widget\" data-settings=\"{&quot;element_pack_widget_tooltip&quot;:&quot;yes&quot;,&quot;element_pack_widget_tooltip_text&quot;:&quot;DailyMotion&quot;,&quot;element_pack_widget_tooltip_placement&quot;:&quot;bottom&quot;,&quot;element_pack_widget_tooltip_x_offset&quot;:{&quot;unit&quot;:&quot;px&quot;,&quot;size&quot;:&quot;&quot;,&quot;sizes&quot;:[]},&quot;element_pack_widget_tooltip_y_offset&quot;:{&quot;unit&quot;:&quot;px&quot;,&quot;size&quot;:&quot;&quot;,&quot;sizes&quot;:[]}}\" data-widget_type=\"image.default\">\n\t\t\t\t<div class=\"elementor-widget-container\">\n\t\t\t\t\t\t\t\t\t\t\t\t\t\t\t\t<a href=\"https:\/\/dai.ly\/xa3nltc\" target=\"_blank\">\n\t\t\t\t\t\t\t<img decoding=\"async\" width=\"128\" height=\"128\" src=\"https:\/\/www.millicozum.com\/mc\/wp-content\/uploads\/dailymotion-2.png\" class=\"attachment-large size-large wp-image-29250\" alt=\"\" \/>\t\t\t\t\t\t\t\t<\/a>\n\t\t\t\t\t\t\t\t\t\t\t\t\t\t\t<\/div>\n\t\t\t\t<\/div>\n\t\t\t\t\t<\/div>\n\t\t<\/div>\n\t\t\t\t<div class=\"elementor-column elementor-col-25 elementor-inner-column elementor-element elementor-element-6bdab7c6\" data-id=\"6bdab7c6\" data-element_type=\"column\">\n\t\t\t<div class=\"elementor-widget-wrap elementor-element-populated\">\n\t\t\t\t\t\t<div class=\"elementor-element elementor-element-35fa3922 elementor-widget elementor-widget-image\" data-id=\"35fa3922\" data-element_type=\"widget\" data-settings=\"{&quot;element_pack_widget_tooltip&quot;:&quot;yes&quot;,&quot;element_pack_widget_tooltip_text&quot;:&quot;Yerel Kaynak&quot;,&quot;element_pack_widget_tooltip_placement&quot;:&quot;bottom&quot;,&quot;element_pack_widget_tooltip_x_offset&quot;:{&quot;unit&quot;:&quot;px&quot;,&quot;size&quot;:&quot;&quot;,&quot;sizes&quot;:[]},&quot;element_pack_widget_tooltip_y_offset&quot;:{&quot;unit&quot;:&quot;px&quot;,&quot;size&quot;:&quot;&quot;,&quot;sizes&quot;:[]}}\" data-widget_type=\"image.default\">\n\t\t\t\t<div class=\"elementor-widget-container\">\n\t\t\t\t\t\t\t\t\t\t\t\t\t\t\t\t<a href=\"https:\/\/www.millicozum.com\/mc\/wp-content\/uploads\/mp3\/sesli-makale\/suriyedesdgyeozerkliktuzagi.m4a\" target=\"_blank\">\n\t\t\t\t\t\t\t<img loading=\"lazy\" decoding=\"async\" width=\"128\" height=\"128\" src=\"https:\/\/www.millicozum.com\/mc\/wp-content\/uploads\/9020538_audio_podcast_music_sound_icon-2.png\" class=\"attachment-large size-large wp-image-29251\" alt=\"\" \/>\t\t\t\t\t\t\t\t<\/a>\n\t\t\t\t\t\t\t\t\t\t\t\t\t\t\t<\/div>\n\t\t\t\t<\/div>\n\t\t\t\t\t<\/div>\n\t\t<\/div>\n\t\t\t\t\t<\/div>\n\t\t<\/section>\n\t\t\t\t\t<\/div>\n\t\t<\/div>\n\t\t\t\t\t<\/div>\n\t\t<\/section>\n\t\t\t\t<section class=\"elementor-section elementor-top-section elementor-element elementor-element-f39647a elementor-section-boxed elementor-section-height-default elementor-section-height-default\" data-id=\"f39647a\" data-element_type=\"section\">\n\t\t\t\t\t\t<div class=\"elementor-container elementor-column-gap-default\">\n\t\t\t\t\t<div class=\"elementor-column elementor-col-100 elementor-top-column elementor-element elementor-element-60fa2e80\" data-id=\"60fa2e80\" data-element_type=\"column\">\n\t\t\t<div class=\"elementor-widget-wrap elementor-element-populated\">\n\t\t\t\t\t\t<div class=\"elementor-element elementor-element-4edbe11b satir-basi siyah-link elementor-widget elementor-widget-text-editor\" data-id=\"4edbe11b\" data-element_type=\"widget\" data-widget_type=\"text-editor.default\">\n\t\t\t\t<div class=\"elementor-widget-container\">\n\t\t\t\t\t\t\t\t\t<p style=\"text-align: justify;\"><strong>Ter\u00f6ristba\u015f\u0131 \u00d6calan, SDG\u2019nin S\u0131k\u0131\u015ft\u0131r\u0131lmas\u0131ndan Niye Rahats\u0131zd\u0131? <\/strong><\/p><p style=\"text-align: justify;\"><strong>DEM Parti \u0130mral\u0131 heyeti, PKK lideri Abdullah \u00d6calan&#8217;la g\u00f6r\u00fc\u015fmesinin ard\u0131ndan yapt\u0131\u011f\u0131 a\u00e7\u0131klamada, <em>\u201c\u00d6calan&#8217;\u0131n Suriye&#8217;deki \u00e7at\u0131\u015fmalar ve artan gerilim nedeniyle endi\u015feli oldu\u011funa\u201d<\/em> ili\u015fkin s\u00f6zlerini aktarm\u0131\u015ft\u0131. Heyet \u00fcyeleri TBMM Ba\u015fkanvekili Pervin Buldan, \u015eanl\u0131urfa Milletvekili Mithat Sancar ve Asr\u0131n Hukuk B\u00fcrosu avukat\u0131 Faik \u00d6zg\u00fcr Erol, 17 Ocak 2026 Cumartesi g\u00fcn\u00fc PKK lideri Abdullah \u00d6calan ile bir g\u00f6r\u00fc\u015fme yapm\u0131\u015flard\u0131. Yakla\u015f\u0131k iki bu\u00e7uk saat s\u00fcrd\u00fc\u011f\u00fc belirtilen g\u00f6r\u00fc\u015fmede; <em>\u00d6calan&#8217;\u0131n, s\u00fcrecin ilerletilmesinin \u00f6nemine<\/em> vurgu yapt\u0131\u011f\u0131 belirtilmi\u015fti.<\/strong><\/p><p style=\"text-align: justify;\"><strong>Suriye&#8217;de ya\u015fanan geli\u015fmelerin; g\u00f6r\u00fc\u015fmede ana g\u00fcndem oldu\u011fu belirtilen a\u00e7\u0131klamada, \u00d6calan&#8217;\u0131n <em>&#8220;\u00e7at\u0131\u015fmalar ve artan gerilim nedeniyle son derece endi\u015feli oldu\u011funu&#8221; <\/em>belirtti\u011fi \u00f6zellikle hat\u0131rlat\u0131lm\u0131\u015ft\u0131. \u00d6calan&#8217;\u0131n, bu durumu <em>&#8220;Bar\u0131\u015f ve Demokratik Toplum S\u00fcrecini baltalama giri\u015fimi&#8221; <\/em>olarak de\u011ferlendirdi\u011fi ve <em>&#8220;Suriye&#8217;deki t\u00fcm sorunlar\u0131n ancak diyalog, m\u00fczakere ve ortak ak\u0131lla \u00e7\u00f6z\u00fclebilece\u011fini&#8221;<\/em> vurgulad\u0131\u011f\u0131 tekrarlanm\u0131\u015ft\u0131.<a href=\"#_ftn1\" name=\"_ftnref1\">[1]<\/a><\/strong><\/p><p style=\"text-align: justify;\"><strong>MHP Genel Ba\u015fkan\u0131 Devlet Bah\u00e7eli, Suriye&#8217;de K\u00fcrtlere Tan\u0131nan Yeni Haklar ve Bu \u00dclkede Ya\u015fananlarla \u0130lgili Yaz\u0131l\u0131 A\u00e7\u0131klama Yay\u0131mlam\u0131\u015ft\u0131!<\/strong><\/p><p style=\"text-align: justify;\"><strong>Bah\u00e7eli, a\u00e7\u0131klamas\u0131nda Suriye i\u00e7in sekiz maddelik bir &#8220;yol haritas\u0131&#8221; payla\u015fm\u0131\u015ft\u0131. Bah\u00e7eli, Suriye Demokratik G\u00fc\u00e7leri&#8217;nin (SDG) \u00fclkenin kuzeydo\u011fusundaki fiili kontrol alanlar\u0131n\u0131n, &#8220;yeniden in\u015fa ve istikrar s\u00fcrecinin \u00f6n\u00fcndeki en temel engellerden biri&#8221; haline geldi\u011fini, SDG\u2019nin ve alt\u0131ndaki t\u00fcm yap\u0131larla birlikte feshedilmesi gerekti\u011fini a\u00e7\u0131klam\u0131\u015ft\u0131. Bah\u00e7eli, SDG&#8217;nin \u00f6n\u00fcnde \u00fc\u00e7 temel se\u00e7enek oldu\u011funu aktarm\u0131\u015ft\u0131. <em>&#8220;Bunlar; <\/em><\/strong><\/p><p style=\"text-align: justify;\"><strong><em>1- Merkezi h\u00fck\u00fcmetle b\u00fct\u00fcnle\u015fmeyi kabul ederek silahl\u0131 ve siyasi iddialar\u0131ndan geri ad\u0131m atmak;<\/em><\/strong><\/p><p style=\"text-align: justify;\"><strong><em>2- Mevcut stat\u00fckoyu s\u00fcrd\u00fcrmeye \u00e7al\u0131\u015farak asker\u00ee ve siyasi bask\u0131n\u0131n giderek artmas\u0131n\u0131 g\u00f6ze almak; <\/em><\/strong><\/p><p style=\"text-align: justify;\"><strong><em>3- D\u0131\u015f akt\u00f6rlere dayanarak zaman kazanmaya \u00e7al\u0131\u015fmakt\u0131r.&#8221;<\/em><\/strong><\/p><p style=\"text-align: justify;\"><strong>Bah\u00e7eli ard\u0131ndan &#8220;yol haritas\u0131n\u0131&#8221; \u015f\u00f6yle s\u0131ralam\u0131\u015ft\u0131:<\/strong><\/p><p style=\"text-align: justify;\"><strong> \u2022 10 Mart 2025 mutabakat\u0131n\u0131n hayata ge\u00e7irilmesi, SDG ve &#8220;t\u00fcrev yap\u0131lar\u0131n&#8221; feshedilerek Suriye devlet kurumlar\u0131na entegre olunmas\u0131\u2026<\/strong><\/p><p style=\"text-align: justify;\"><strong> \u2022 <em>Federasyon, \u00f6zerklik ve b\u00f6l\u00fcnme<\/em> tart\u0131\u015fmalar\u0131n\u0131n g\u00fcndemden \u00e7\u0131kar\u0131lmas\u0131, merkezi devlet otoritesinin \u00fclke genelinde tesis edilmesi, \u00fcniter devlet yap\u0131s\u0131n\u0131n korunmas\u0131\u2026<\/strong><\/p><p style=\"text-align: justify;\"><strong> \u2022 K\u00fcrtlerle SDG&#8217;nin net bi\u00e7imde ayr\u0131\u015ft\u0131r\u0131lmas\u0131, SDG&#8217;nin &#8220;K\u00fcrtlerin temsilcisi&#8221; oldu\u011fu alg\u0131s\u0131n\u0131n toplumsal d\u00fczeyde k\u0131r\u0131lmas\u0131\u2026<\/strong><\/p><p style=\"text-align: justify;\"><strong> \u2022 K\u00fcrt\u00e7enin se\u00e7meli ders olarak e\u011fitim sistemine sokulmas\u0131, T\u00fcrkmenler ve t\u00fcm asli unsurlar\u0131n k\u00fclt\u00fcrel haklar\u0131n\u0131n g\u00fcndeme al\u0131nmas\u0131\u2026<\/strong><\/p><p style=\"text-align: justify;\"><strong> \u2022 <em>\u201cSuriye vatanda\u015fl\u0131\u011f\u0131&#8221;<\/em> kavram\u0131n\u0131n g\u00fc\u00e7lendirilmesi, tek resmi dil ilkesinin korunmas\u0131, toplumsal uzla\u015fma ve milli birli\u011fi sa\u011flayacak ad\u0131mlar at\u0131lmas\u0131 laz\u0131md\u0131r.<\/strong><\/p><p style=\"text-align: justify;\"><strong>Bu teklif ve temennilerin, halk\u0131m\u0131z\u0131 avutup oyalamaktan ve SDG\u2019nin resmi \u00f6zerklik kazanmas\u0131na f\u0131rsat tan\u0131maktan ba\u015fka i\u015fe yaramayaca\u011f\u0131 a\u00e7\u0131kt\u0131. Hatta ter\u00f6ristba\u015f\u0131 APO bile bunlardan daha duyarl\u0131 ve tutarl\u0131 bir tav\u0131r tak\u0131nm\u0131\u015f, <em>hem SDG\u2019ye hem DEM Parti\u2019ye, (K\u00fcrtlere \u00d6zerklik yolunu a\u00e7acak) aceleci ve T\u00fcrkiye\u2019yi \u00fcrk\u00fctecek s\u00f6z ve eylemlerden ka\u00e7\u0131n\u0131lmas\u0131<\/em> \u00e7a\u011fr\u0131s\u0131 yapm\u0131\u015ft\u0131.<\/strong><\/p><p style=\"text-align: justify;\"><strong>Tam Bu Esnada Mesud Barzani\u2019nin Ba\u015fkanl\u0131\u011f\u0131nda ABD ve Rojava Temsilcileri Erbil\u2019de Toplanm\u0131\u015ft\u0131!<\/strong><\/p><p style=\"text-align: justify;\"><strong>Mesud Barzani\u2019nin ba\u015fkanl\u0131\u011f\u0131nda; ABD\u2019nin Suriye \u00d6zel Temsilcisi B\u00fcy\u00fckel\u00e7i Thomas Barrack, Demokratik Suriye G\u00fc\u00e7leri (DSG) Genel Komutan\u0131 Mazlum Abdi ve ENKS Ba\u015fkan\u0131 Muhammed \u0130smail Erbil\u2019de bir araya toplanm\u0131\u015ft\u0131. G\u00f6r\u00fc\u015fmeye ayr\u0131ca Rojava \u00d6zerk Y\u00f6netimi D\u0131\u015f \u0130li\u015fkiler Dairesi E\u015f Ba\u015fkan\u0131 \u0130lham Ahmed, Ba\u015fbakan Mesrur Barzani ve ilgili yetkililer de kat\u0131lm\u0131\u015ft\u0131.<\/strong><\/p><p style=\"text-align: justify;\"><strong>Ba\u015fkan Mesud Barzani, Suriye\u2019deki krizin \u00e7\u00f6z\u00fcm\u00fc ve Rojava durumu i\u00e7in kritik bir toplant\u0131ya ev sahipli\u011fi yapm\u0131\u015ft\u0131. Barzani Ofisi\u2019nden yap\u0131lan a\u00e7\u0131klamaya g\u00f6re, Ba\u015fkan Mesud Barzani 17.01.2026\u2019da Pirmam\u2019da ger\u00e7ekle\u015fen bu geni\u015f kat\u0131l\u0131ml\u0131 zirvede, uluslararas\u0131 ve b\u00f6lgesel d\u00fczeyde \u00e7ok kritik isimleri bir araya ta\u015f\u0131m\u0131\u015ft\u0131. \u00a0Diplomatik ve askeri heyette ayr\u0131ca ABD Erbil Ba\u015fkonsolosu Wendy Green, ABD\u2019nin Suriye\u2019deki Kuvvetleri Komutan\u0131 General Kevin Lambert ve Albay Zakaria Kork da yer alm\u0131\u015ft\u0131.\u00a0\u00a0 \u00a0\u00a0\u00a0\u00a0<\/strong><\/p><p style=\"text-align: justify;\"><strong>ABD\u2019den Ba\u015fkan Barzani\u2019ye te\u015fekk\u00fcr mesaj\u0131\u00a0\u00a0<\/strong><\/p><p style=\"text-align: justify;\"><strong>ABD\u2019nin Suriye \u00d6zel Temsilcisi B\u00fcy\u00fckel\u00e7i Thomas Barrack, ABD h\u00fck\u00fcmeti ad\u0131na Ba\u015fkan Barzani\u2019ye bu \u00f6nemli bulu\u015fmaya \u00f6nc\u00fcl\u00fck etti\u011fi ve b\u00f6lgedeki s\u00fcregelen yap\u0131c\u0131 rol\u00fc i\u00e7in te\u015fekk\u00fcrlerini sunmu\u015flard\u0131. G\u00f6r\u00fc\u015fmenin ana g\u00fcndem maddelerinden biri de istikrar\u0131n kal\u0131c\u0131 hale getirilmesi i\u00e7in at\u0131lacak pratik ad\u0131mlard\u0131. Kat\u0131l\u0131mc\u0131lar; Suriye\u2019de insani durumun iyile\u015ftirilmesi, siyasi diyalo\u011fun s\u00fcreklili\u011fi ve g\u00fcvenlik koordinasyonu gibi konularda fikir al\u0131\u015fveri\u015finde bulunarak, sahada uygulanacak somut mekanizmalar \u00fczerinde durmu\u015flard\u0131. As\u0131l gizli g\u00fcndem ise, Suriye\u2019de SDG\u2019ye \u00f6zerklik sa\u011flayacak bir k\u0131l\u0131f haz\u0131rlanmas\u0131yd\u0131. <\/strong><\/p><p style=\"text-align: justify;\"><strong><em>\u201cTer\u00f6rs\u00fcz T\u00fcrkiye\u201d <\/em><\/strong><strong>Oyunlar\u0131 Bunlar\u0131n Sonunu Haz\u0131rlayacakt\u0131!<\/strong><\/p><p style=\"text-align: justify;\"><strong>Suriye\u2019de SDG\u2019ye ba\u011fl\u0131 \u00fc\u00e7 Tugay (yani 3 ayr\u0131 ter\u00f6rist e\u015fk\u0131yalar\u0131) bir T\u00dcMEN olu\u015fturacak ve Suriye ordusunda g\u00f6revli ve yetkili k\u0131l\u0131nacakt\u0131. B\u00f6ylece T\u00fcrkiye, Suriye ordusu diye r\u00fctbe tak\u0131lm\u0131\u015f PKK\u2019yla muhatap olacakt\u0131. <\/strong><\/p><p style=\"text-align: justify;\"><strong>\u00d6nceki, s\u00f6zde A\u00e7\u0131l\u0131m S\u00fcrecinde; Diyarbak\u0131r-Batman-Siirt-Gen\u00e7lik Kamp\u0131 diye El\u00e2z\u0131\u011f Hazar G\u00f6l\u00fc k\u0131y\u0131s\u0131nda Orta-Lise \u00e7ocuklar\u0131n\u0131 al\u0131p, beyinlerini y\u0131kay\u0131p PKK\u2019l\u0131 yaparak da\u011fa \u00e7\u0131kar\u0131yorlard\u0131. <\/strong><\/p><p style=\"text-align: justify;\"><strong>Karde\u015fim Necati\u2019yi <em>\u201cSu analizleri ve g\u00f6ldeki sa\u011fl\u0131k problemleri bahanesiyle git oray\u0131 kapat!\u201d<\/em> diye g\u00f6reve yollam\u0131\u015flard\u0131. O b\u00f6lgede yetkili Askeri Komutana: <em>Niye bunlara izin veriyorsunuz? <\/em>diye sorunca <\/strong><strong><em>\u201cBen ilgili makamlara on tane rapor yazd\u0131m. \u2018A\u00e7\u0131l\u0131ma zarar verir ve PKK\u2019l\u0131lar g\u00fccenir\u2019<\/em><\/strong><strong><em> diye sumen alt\u0131 ettiler\u201d<\/em><\/strong><strong> \u015feklinde yan\u0131tlam\u0131\u015ft\u0131. <\/strong><\/p><p style=\"text-align: justify;\"><strong>Yak\u0131nda herkes g\u00f6recek ve anlayacakt\u0131; Devlet ve \u0130lahi Kudret var m\u0131ym\u0131\u015f yok muymu\u015f!?.. O Deruni Devlet ki, O \u0130lahi Kudret ki hainlerin yular\u0131n\u0131 uzat\u0131rm\u0131\u015f!.. \u201cHer yapt\u0131\u011f\u0131m yan\u0131ma k\u00e2r kal\u0131yor!\u201d sanan gafiller ve i\u015fbirlik\u00e7iler iyice az\u0131t\u0131rm\u0131\u015f!.. Sonunda Allah\u2019\u0131n kahr\u0131, Siyonist zalimlerin ve hainlerin devran\u0131n\u0131 kaz\u0131t\u0131rm\u0131\u015f!..<\/strong><\/p><p style=\"text-align: justify;\"><strong>Erdo\u011fan\u2019\u0131n Garda\u015f\u0131, Kuduz Netanyahu\u2019nun Yolda\u015f\u0131; Azerbaycan Cumhurba\u015fkan\u0131&#8217;ndan \u00c7akma Ba\u015fbakan Barzani&#8217;ye Bak\u00fc \u00c7a\u011fr\u0131s\u0131!<\/strong><\/p><p style=\"text-align: justify;\"><strong>Azerbaycan Cumhurba\u015fkan\u0131 \u0130lham Aliyev, K\u00fcrdistan B\u00f6lgesi Ba\u015fbakan\u0131 Mesrur Barzani\u2019yi Bak\u00fc&#8217;ye davet buyurmu\u015flard\u0131\u2026 Herhalde bu davetten \u0130srail\u2019in de haberi vard\u0131. Ba\u015fbakan Mesrur Barzani, (20 Ocak 2026 Sal\u0131 g\u00fcn\u00fc) Davos&#8217;ta Azerbaycan Cumhurba\u015fkan\u0131 \u0130lham Aliyev ile bulu\u015fmu\u015flard\u0131\u2026 K\u00fcrdistan B\u00f6lgesi H\u00fck\u00fcmeti\u2019nden yap\u0131lan a\u00e7\u0131klamaya g\u00f6re g\u00f6r\u00fc\u015fmede, ba\u015fta yat\u0131r\u0131m ve ticari al\u0131\u015fveri\u015f olmak \u00fczere \u00e7e\u015fitli alanlarda ikili ili\u015fkilerin g\u00fc\u00e7lendirilmesinin \u00f6nemi konusunda mutab\u0131k kal\u0131nm\u0131\u015ft\u0131.<\/strong><\/p><p style=\"text-align: justify;\"><strong>A\u00e7\u0131klamada, Azerbaycan Cumhurba\u015fkan\u0131&#8217;n\u0131n iki halk aras\u0131ndaki ili\u015fkilere verdi\u011fi \u00f6neme dikkat \u00e7ekilerek \u015fu ifadeler kullan\u0131lm\u0131\u015ft\u0131:<\/strong><\/p><p style=\"text-align: justify;\"><strong><em>&#8220;Cumhurba\u015fkan\u0131 Aliyev, Azerbaycan ve K\u00fcrdistan halklar\u0131 aras\u0131ndaki k\u00f6kl\u00fc ve dostane ili\u015fkilere vurgu yaparak, Ba\u015fbakan Mesrur Barzani&#8217;yi Bak\u00fc&#8217;ye davet etti. Aliyev ayr\u0131ca, \u00fclkesinin Erbil&#8217;de Ba\u015fkonsolosluk a\u00e7maya haz\u0131r oldu\u011funu da belirtti!&#8221;<a href=\"#_ftn2\" name=\"_ftnref2\">[2]<\/a><\/em><\/strong><\/p><p style=\"text-align: justify;\"><strong>Ba\u015fbakan Barzani de K\u00fcrdistan B\u00f6lgesi ile Azerbaycan Cumhuriyeti aras\u0131ndaki i\u015f birli\u011fi ve koordinasyonu peki\u015ftirme arzusunu hat\u0131rlatm\u0131\u015ft\u0131. G\u00f6r\u00fc\u015fmenin bir di\u011fer \u00f6nemli g\u00fcndem maddesi ise b\u00f6lgedeki genel durum ve \u00f6zellikle Suriye&#8217;deki olaylar ve SDG\u2019ye f\u0131rsat sa\u011flanmas\u0131yd\u0131.<\/strong><\/p><p style=\"text-align: justify;\"><strong>\u00a0<\/strong><strong>Trump&#8217;tan Ba\u015fkan Erdo\u011fan&#8217;a \u015eaibeli \u00c7a\u011fr\u0131!<\/strong><\/p><p style=\"text-align: justify;\"><strong>Gazze&#8217;nin g\u00fcvenli\u011fi ve yeniden imar s\u00fcrecine y\u00f6nelik \u00e7al\u0131\u015fmalar ba\u015flarken &#8220;Gazze Kurulu&#8221; isminde bir yap\u0131 kurulmas\u0131 kararla\u015ft\u0131r\u0131lm\u0131\u015ft\u0131. ABD Ba\u015fkan\u0131 Donald Trump, Cumhurba\u015fkan\u0131 Erdo\u011fan&#8217;a g\u00f6nderdi\u011fi mektupta, Erdo\u011fan\u2019\u0131 kurulda kurucu \u00fcye olmaya \u00e7a\u011f\u0131rm\u0131\u015ft\u0131. \u0130leti\u015fim Ba\u015fkan\u0131 Burhanettin Duran, Birle\u015fmi\u015f Milletler G\u00fcvenlik Konseyi&#8217;nin 2803 say\u0131l\u0131 kararla Gazze&#8217;deki ihtilaf\u0131n sona erdirilmesine y\u00f6nelik yeni bir s\u00fcreci ba\u015flatt\u0131\u011f\u0131n\u0131 a\u00e7\u0131klam\u0131\u015ft\u0131.<\/strong><\/p><p style=\"text-align: justify;\"><strong>Duran&#8217;\u0131n payla\u015f\u0131m\u0131na g\u00f6re, karar kapsam\u0131nda ABD Ba\u015fkan\u0131 Donald Trump taraf\u0131ndan duyurulan &#8220;Gazze \u0130htilaf\u0131n\u0131 Sona Erdirmek i\u00e7in Kapsaml\u0131 Plan&#8221; desteklenirken, Gazze&#8217;de g\u00fcvenli\u011fin sa\u011flanmas\u0131 ve yeniden imardan sorumlu olacak Bar\u0131\u015f Kurulu ve ilgili organlar\u0131n kurulmas\u0131 esas al\u0131nm\u0131\u015ft\u0131. A\u00e7\u0131klamada, ABD Ba\u015fkan\u0131 Trump&#8217;\u0131n 16 Ocak 2026 tarihinde Bar\u0131\u015f Kurulu&#8217;nun Kurucu Ba\u015fkan\u0131 s\u0131fat\u0131yla bir mektup g\u00f6ndererek,\u00a0Cumhurba\u015fkan\u0131 Recep T. Erdo\u011fan&#8217;\u0131 Bar\u0131\u015f Kurulu&#8217;nda kurucu \u00fcye olarak yer almaya davet etti\u011fi vurgulanm\u0131\u015ft\u0131.<\/strong><\/p><p style=\"text-align: justify;\"><strong>Beyaz Saray, Gazze&#8217;de ate\u015fkes s\u00fcrecinin ikinci a\u015famas\u0131n\u0131n \u00f6nemli bir par\u00e7as\u0131 olarak kurulan &#8220;Bar\u0131\u015f Kurulu&#8221; \u00fcyeleri ile ge\u00e7i\u015f s\u00fcrecini y\u00f6netecek olan &#8220;Gazze Y\u00f6netimi Ulusal Komitesi&#8221; Ba\u015fkan\u0131n\u0131 a\u00e7\u0131klam\u0131\u015ft\u0131. ABD Ba\u015fkan\u0131 Donald Trump&#8217;\u0131n 20 maddelik Gazze&#8217;de bar\u0131\u015f plan\u0131na at\u0131f yap\u0131larak, ikinci a\u015famaya ge\u00e7ildi\u011fi hat\u0131rlat\u0131lm\u0131\u015ft\u0131. Bu a\u015faman\u0131n \u00f6nemli bir par\u00e7as\u0131 olarak Gazze Y\u00f6netimi Ulusal Komitesi&#8217;nin kuruldu\u011fu ve komiteye <em>Filistin Y\u00f6netimi&#8217;nin eski Planlama Bakan Yard\u0131mc\u0131s\u0131 Dr. Ali Shaath&#8217;\u0131n Ba\u015fkanl\u0131k edece\u011fi <\/em>a\u00e7\u0131klanm\u0131\u015ft\u0131.<a href=\"#_ftn3\" name=\"_ftnref3\">[3]<\/a><\/strong><\/p><p style=\"text-align: justify;\"><strong>\u0130yi de bu ki\u015fi \u0130srail g\u00fcd\u00fcm\u00fcnde tescilli bir hain olmaktayd\u0131. Sn. Erdo\u011fan, bu h\u0131yanete ortak m\u0131 yap\u0131lmaktayd\u0131? \u0130\u015fte, dostu Trump, hem Gazze\u2019yi bir <\/strong><strong><em>Emlak F\u0131rsat\u0131<\/em><\/strong> <strong>olarak g\u00f6rd\u00fc\u011f\u00fcn\u00fc a\u00e7\u0131klam\u0131\u015ft\u0131, hem de kuduz \u0130srail\u2019e yeni bir silah sat\u0131\u015f\u0131n\u0131 ve hibe karar\u0131n\u0131 onaylam\u0131\u015ft\u0131!..<\/strong><\/p><p style=\"text-align: justify;\"><strong>Erdo\u011fan Bar\u0131\u015f Diplomasisi mi Uygulamaktayd\u0131, Yoksa Trump\u2019\u0131n \u00d6zel El\u00e7isi mi Olmaktayd\u0131?<\/strong><\/p><p style=\"text-align: justify;\"><strong>The Guardian gazetesi, Trump\u2019\u0131n \u0130ran sald\u0131r\u0131s\u0131n\u0131 ask\u0131ya almas\u0131nda Erdo\u011fan\u2019\u0131n diplomatik ba\u015far\u0131s\u0131n\u0131 \u00f6ne \u00e7\u0131karm\u0131\u015ft\u0131! \u0130ngiliz bas\u0131n\u0131, ABD ve \u0130ran aras\u0131ndaki gerilimin s\u0131cak \u00e7at\u0131\u015fmaya d\u00f6n\u00fc\u015fmesinin son anda nas\u0131l \u00f6nlendi\u011fini yazm\u0131\u015ft\u0131. The Guardian&#8217;a g\u00f6re; T\u00fcrkiye, Suudi Arabistan ve Katar&#8217;\u0131n ba\u015f\u0131n\u0131 \u00e7ekti\u011fi diplomatik bask\u0131 ve &#8220;b\u00f6lgesel kaos&#8221; uyar\u0131s\u0131, Trump&#8217;a geri ad\u0131m att\u0131rm\u0131\u015ft\u0131. Haberde D\u0131\u015fi\u015fleri Bakan\u0131 Hakan Fidan&#8217;\u0131n y\u00fcr\u00fctt\u00fc\u011f\u00fc diplomasi trafi\u011fine ve T\u00fcrkiye&#8217;nin kilit rol\u00fcne dikkat \u00e7ekilmesi enteresand\u0131. \u0130yi de, Trump \u00fczerinde bu denli etkin olan bu ki\u015filer Kuduz \u0130srail\u2019in Gazze anla\u015fmas\u0131n\u0131 s\u00fcrekli ihlaline ve \u00fcstelik Bat\u0131 \u015eeria\u2019y\u0131 i\u015fgaline kar\u015f\u0131 niye Trump\u2019\u0131 harekete ge\u00e7iremiyorlard\u0131?<\/strong><\/p><p style=\"text-align: justify;\"><strong>\u00dcstelik Trump&#8217;\u0131n yeni Bar\u0131\u015f Kurulu&#8217;nda kal\u0131c\u0131 \u00fcyelik isteyen \u00fclkelerden en az <\/strong><strong><em>bir milyar dolar katk\u0131 talep etti\u011fi <\/em><\/strong><strong>anla\u015f\u0131lm\u0131\u015ft\u0131. Bloomberg taraf\u0131ndan g\u00f6r\u00fclen taslak t\u00fcz\u00fc\u011fe g\u00f6re ABD Ba\u015fkan\u0131 Donald Trump, kurulun ilk Ba\u015fkan\u0131 olarak g\u00f6rev yapacak ve kimlerin \u00fcye olarak davet edilece\u011finin karar\u0131n\u0131 kendisi alacakt\u0131. Kurulda kararlar oy \u00e7oklu\u011fuyla al\u0131nacak ve her \u00fcye \u00fclkenin bir oy hakk\u0131 bulunsa da t\u00fcm kararlar\u0131n y\u00fcr\u00fcrl\u00fc\u011fe girmesi i\u00e7in Ba\u015fkan\u0131n onay\u0131 \u015fart ko\u015fulacakt\u0131.<\/strong><\/p><p style=\"text-align: justify;\"><strong>Hayret, eskiden i\u015fbirlik\u00e7ilerine ABD para da\u011f\u0131t\u0131rd\u0131; \u015fimdi ise Trump\u2019a hizmetin ve Beyaz Saray\u2019da ra\u011fbet g\u00f6rmenin kar\u015f\u0131l\u0131\u011f\u0131 1 milyar dolar yat\u0131rmakt\u0131!?<\/strong><\/p><p style=\"text-align: justify;\"><strong>Pentagon\u2019un ve Trump\u2019\u0131n, \u0130ran\u2019a y\u00f6nelik: <\/strong><\/p><p style=\"text-align: justify;\"><strong> \u2022 <em>T\u00fcm n\u00fckleer tesisleri, Atom Enerjisi Kurumu \u00fczerinden ABD\u2019nin denetimine a\u00e7acaks\u0131n\u0131z\u2026<\/em><\/strong><\/p><p style=\"text-align: justify;\"><strong> \u2022 <em>Enerji maksatl\u0131 birimler d\u0131\u015f\u0131nda, n\u00fckleer bomba ihtimali saptanan tesislerin ba\u015fka bir \u00fclkeye ta\u015f\u0131nmas\u0131na raz\u0131 olacaks\u0131n\u0131z\u2026<\/em><\/strong><\/p><p style=\"text-align: justify;\"><strong> \u2022 <em>Aksi halde, \u0130ran\u2019\u0131n bombalanmas\u0131na ve halk\u0131n k\u0131\u015fk\u0131rt\u0131lmas\u0131na katlanacaks\u0131n\u0131z!..<\/em><\/strong><\/p><p style=\"text-align: justify;\"><strong>Dayatmalar\u0131na yana\u015fmalar\u0131 i\u00e7in, Sn. Erdo\u011fan ve D\u0131\u015fi\u015fleri b\u00fcrokratlar\u0131 \u0130ran\u2019\u0131 hizaya sokmaya m\u0131 \u00e7al\u0131\u015f\u0131yorlard\u0131?<\/strong><\/p><p style=\"text-align: justify;\"><strong>Yeni Sava\u015f \u015eartlar\u0131na Haz\u0131r m\u0131y\u0131z?<\/strong><\/p><p style=\"text-align: justify;\"><strong>\u201cArt\u0131k\u00a0\u2018\u00dc\u00e7\u00fcnc\u00fc D\u00fcnya Sava\u015f\u0131\u2019\u00a0s\u00f6ylemi s\u0131k\u00e7a dillendiriliyordu. Hatta baz\u0131 uzmanlar sava\u015f\u0131n \u00e7ok cepheli, d\u00fc\u015f\u00fck\/orta yo\u011funluklu ve s\u00fcreklilik arz eden bir \u00e7at\u0131\u015fma evresi olarak fiilen ba\u015flad\u0131\u011f\u0131n\u0131 savunuyordu. Ukrayna-Rusya\u00a0sava\u015f\u0131,\u00a0\u0130srail-\u0130ran\u00a0hatt\u0131nda t\u0131rmanan sald\u0131r\u0131lar, klasik cephe sava\u015flar\u0131n\u0131n yerini uzun menzilli f\u00fczeler, \u0130nsans\u0131z Hava Ara\u00e7lar\u0131 (\u0130HA), Silahl\u0131 \u0130nsans\u0131z Hava Ara\u00e7lar\u0131 (S\u0130HA), hassas g\u00fcd\u00fcml\u00fc m\u00fchimmatlar, siber unsurlar\u0131n ald\u0131\u011f\u0131 yeni bir sava\u015f karakterini a\u00e7\u0131k bi\u00e7imde ortaya koyuyordu. Bu \u00e7at\u0131\u015fmalar\u0131n en kritik sonucu, sivil alan\u0131n do\u011frudan hedef haline gelmesi g\u00f6steriliyordu. Enerji altyap\u0131lar\u0131, ula\u015f\u0131m a\u011flar\u0131, haberle\u015fme sistemleri, \u015fehir merkezleri ve sivil yerle\u015fimler art\u0131k\u00a0\u2018arka cephe\u2019\u00a0de\u011fil; modern sava\u015f\u0131n aktif ve \u00f6ncelikli muharebe alanlar\u0131 oluyordu.\u00a0Kafkaslardan Ortado\u011fu\u2019ya uzanan geni\u015f bir kriz\u00a0ku\u015fa\u011f\u0131n\u0131n merkezinde bulunan T\u00fcrkiye, bu yeni g\u00fcvenlik mimarisinden do\u011frudan etkileniyordu.<\/strong><\/p><p style=\"text-align: justify;\"><strong>Asker\u00ee kapasite a\u00e7\u0131s\u0131ndan T\u00fcrkiye; profesyonel ordusu, operasyonel tecr\u00fcbesi ve geli\u015fmi\u015f savunma sanayi altyap\u0131s\u0131yla sahada\u00a0g\u00fc\u00e7l\u00fc bir akt\u00f6r g\u00f6r\u00fcl\u00fcyordu.\u00a0Ancak g\u00fcn\u00fcm\u00fczde asker\u00ee haz\u0131rl\u0131k tek ba\u015f\u0131na yeterli say\u0131lm\u0131yordu. Sava\u015f\u0131n karakteri de\u011fi\u015ftik\u00e7e, <em>sivil alan\u0131n korunmas\u0131, dayan\u0131kl\u0131l\u0131\u011f\u0131, hatta Milli Savunmaya destek \u00e7\u0131kmas\u0131,<\/em> ulusal g\u00fcvenli\u011fin merkez\u00ee unsurlar\u0131ndan biri haline geliyordu. Bu noktada as\u0131l soru;\u00a0kamu kurumlar\u0131n\u0131n, kritik altyap\u0131lar\u0131n ve toplumun sava\u015f ko\u015fullar\u0131na ne \u00f6l\u00e7\u00fcde haz\u0131r oldu\u011fudur. 2009 y\u0131l\u0131na kadar sivil n\u00fcfusun korunmas\u0131, kritik ve stratejik tesislerin emniyeti,\u00a0n\u00fckleer, biyolojik ve kimyasal tehditlere kar\u015f\u0131 haz\u0131rl\u0131k ve m\u00fcdahale s\u00fcre\u00e7leri gibi hayati g\u00f6revler Sivil Savunma Genel M\u00fcd\u00fcrl\u00fckleri taraf\u0131ndan y\u00fcr\u00fct\u00fcl\u00fcyordu.\u00a0Bu yap\u0131 b\u00fcnyesinde g\u00f6rev yapan e\u011fitimli sivil savunma uzmanlar\u0131; farkl\u0131 tehdit senaryolar\u0131na y\u00f6nelik planlamalar yap\u0131yor, bunlar d\u00fczenli tatbikatlarda test ediliyordu. Bu uzman kadrolar arac\u0131l\u0131\u011f\u0131yla her kurum i\u00e7in s\u0131\u011f\u0131nak ve korunakl\u0131 alan planlamalar\u0131 haz\u0131rlan\u0131yor, acil durum planlar\u0131 olu\u015fturuluyordu.<\/strong><\/p><p style=\"text-align: justify;\"><strong>Peki bug\u00fcn ne durumday\u0131z?<\/strong><\/p><p style=\"text-align: justify;\"><strong>Murat Kaya, d\u00f6rt y\u0131l Milli G\u00fcvenlik Kurulu (MGK) Genel Sekreterli\u011fi\u2019nde Seferberlik ve Sava\u015f Hali Haz\u0131rl\u0131klar\u0131 Daire Ba\u015fkanl\u0131\u011f\u0131 yapm\u0131\u015ft\u0131. Emekli Tu\u011fgeneral Kaya\u2019ya, T\u00fcrkiye\u2019nin sivil savunma y\u00f6n\u00fcnden durumunun nas\u0131l oldu\u011funu sordum. \u015eunlar\u0131 s\u00f6yledi:<\/strong><\/p><p style=\"text-align: justify;\"><strong><em>\u201cBug\u00fcn k\u00fcresel \u00f6l\u00e7ekte bir\u00a0sava\u015f ihtimalinin yeniden ciddiyetle ele al\u0131nd\u0131\u011f\u0131 mevcut g\u00fcvenlik ortam\u0131nda, Avrupa\u2019dan ba\u015flayarak bir\u00e7ok devletin sivil halk\u0131n\u0131 seferberlik ve sava\u015f h\u00e2line haz\u0131rlamaya y\u00f6nelik e\u011fitim ve tatbikatlar ger\u00e7ekle\u015ftiriyor. T\u00fcrkiye\u2019nin, sivil haz\u0131rl\u0131k ve toplumsal dayan\u0131kl\u0131l\u0131k a\u00e7\u0131s\u0131na bakt\u0131\u011f\u0131m\u0131zda, 2009 y\u0131l\u0131nda, So\u011fuk Sava\u015f d\u00f6neminin devlet merkezli ve klasik sivil savunma anlay\u0131\u015f\u0131n\u0131 yans\u0131tt\u0131\u011f\u0131 gerek\u00e7esiyle\u00a0Sivil Savunma Genel M\u00fcd\u00fcrl\u00fc\u011f\u00fc la\u011fvedilmi\u015f; sivil savunmaya ili\u015fkin g\u00f6rev ve yetkiler, daire ba\u015fkanl\u0131\u011f\u0131 d\u00fczeyine indirgenerek\u00a0AFAD b\u00fcnyesine aktar\u0131lm\u0131\u015ft\u0131r. G\u00fcn\u00fcm\u00fczde kar\u015f\u0131 kar\u015f\u0131ya olunan g\u00fcvenlik ortam\u0131, 2009\u2019un stratejik ba\u011flam\u0131ndan belirgin bi\u00e7imde ayr\u0131\u015f\u0131yor. Sivil alan\u0131 do\u011frudan hedef alan yeni \u00e7at\u0131\u015fma bi\u00e7imleri, sivil savunmay\u0131 yeniden\u00a0merkez\u00ee ve b\u00fct\u00fcnc\u00fcl bir g\u00fcvenlik unsuru h\u00e2line getirmi\u015f bulunuyor.\u00a0Bu kurumsal modelin, sava\u015f ve y\u00fcksek yo\u011funluklu kriz ko\u015fullar\u0131nda yeterli olup olmad\u0131\u011f\u0131 ciddi bi\u00e7imde tart\u0131\u015f\u0131lmal\u0131d\u0131r.\u201d<\/em><\/strong><\/p><p style=\"text-align: justify;\"><strong>Askeri g\u00fc\u00e7 tek ba\u015f\u0131na yeterli olmayacakt\u0131r!<\/strong><\/p><p style=\"text-align: justify;\"><strong>De\u011fi\u015fen sava\u015f karakteri kar\u015f\u0131s\u0131nda T\u00fcrkiye\u2019nin; sivil savunmay\u0131 AFAD b\u00fcnyesinde sava\u015f odakl\u0131 bir anlay\u0131\u015fla k\u00f6kl\u00fc bi\u00e7imde g\u00fc\u00e7l\u00fc k\u0131lmas\u0131, veya sava\u015f odakl\u0131 ayr\u0131 ve uzmanla\u015fm\u0131\u015f bir sivil savunma te\u015fkilat\u0131na yeniden ihtiya\u00e7 duyup duymad\u0131\u011f\u0131\u00a0stratejik d\u00fczeyde ele al\u0131nmal\u0131d\u0131r.\u00a0\u00dcstelik sivil savunmaya ili\u015fkin temel mevzuat\u0131n 1960\u2019l\u0131 y\u0131llar\u0131n\u00a0So\u011fuk Sava\u015f\u00a0ko\u015fullar\u0131nda haz\u0131rlanm\u0131\u015f olmas\u0131 da bu ihtiyac\u0131 daha da g\u00f6r\u00fcn\u00fcr ve acil hale getiriyor. Emekli Tu\u011fgeneral Murat Kaya, sorumuzu \u015f\u00f6yle cevapland\u0131rd\u0131:<\/strong><\/p><p style=\"text-align: justify;\"><strong><em>\u201c16 Ekim 2025\u00a0tarihli Cumhurba\u015fkanl\u0131\u011f\u0131 karar\u0131yla bakanl\u0131klar b\u00fcnyesinde olu\u015fturulan ba\u011f\u0131ms\u0131z\u00a0\u2018Acil Durum ve Savunma Planlama Daireleri\u2019, bu alandaki bo\u015flu\u011fun fark edildi\u011fini g\u00f6stermesi a\u00e7\u0131s\u0131ndan \u00f6nemli ve yerinde bir ad\u0131md\u0131r. Ancak bu dairenin profesyonel bir kapasiteye kavu\u015fturulmas\u0131 hayati \u00f6nem ta\u015f\u0131maktad\u0131r. G\u00fcn\u00fcm\u00fcz sava\u015flar\u0131 a\u00e7\u0131k\u00e7a g\u00f6stermektedir ki\u00a0asker\u00ee g\u00fc\u00e7 tek ba\u015f\u0131na yeterli olamamaktad\u0131r.\u00a0Uzun menzilli ve insans\u0131z sistemlerin sivil alan\u0131 do\u011frudan hedef ald\u0131\u011f\u0131 bir d\u00f6nemde,\u00a0g\u00fc\u00e7l\u00fc bir ordu ancak haz\u0131r, \u00f6rg\u00fctl\u00fc ve dayan\u0131kl\u0131 bir sivil cephe ile anlam kazan\u0131r.\u00a0Aksi halde asker\u00ee \u00fcst\u00fcnl\u00fck dahi, stratejik bir k\u0131r\u0131lganl\u0131\u011fa d\u00f6n\u00fc\u015fme riski ta\u015f\u0131r.<\/em><\/strong><\/p><p style=\"text-align: justify;\"><strong><em>2009 y\u0131l\u0131na kadar sivil savunma personeli, uzmanlar\u0131 vard\u0131. \u015eimdi bunlardan ancak 40 civar\u0131nda ki\u015fi kald\u0131. \u00d6zel Kuvvetler Komutanl\u0131\u011f\u0131 b\u00fcnyesinde \u2018Seferberlik Tetkik Kurulu\u2019 bulunuyordu. Hat\u0131rlay\u0131n\u0131z, bu iktidar\u0131n gaflet ve himayesinde <\/em><\/strong><strong><em>\u2018Kozmik Oda\u2019<\/em><\/strong><strong><em>ya FET\u00d6\u2019c\u00fc oldu\u011fu belirlenen savc\u0131lar girmeye \u00e7al\u0131\u015fm\u0131\u015ft\u0131. Seferberlik Tetkik Kurulu Daire Ba\u015fkan\u0131 General Selahattin K\u0131sac\u0131k\u00a0izin vermemi\u015fti. Sonu\u00e7ta mahkeme karar\u0131yla girildi. H\u00e2kim\u00a0Kadir Kayan\u00a0g\u00fcnlerce kozmik odalarda inceleme yapt\u0131. O h\u00e2kim \u015fimdi nerede mi? FET\u00d6\u2019c\u00fc oldu\u011fu bilinen o h\u00e2kim, yurtd\u0131\u015f\u0131na ka\u00e7t\u0131. Odaya girmeye \u00e7al\u0131\u015fan savc\u0131lar\u0131n baz\u0131lar\u0131 yurtd\u0131\u015f\u0131na ka\u00e7t\u0131, baz\u0131lar\u0131 cezaevinde tutuluyordu. Seferberlik Tetkik Kurulu, bir sava\u015f halinde sivillerden olu\u015fan mukavemet te\u015fkilat\u0131 olu\u015fturuyordu. Bunlar, il ve il\u00e7elerde \u00f6nemli g\u00f6r\u00fclen ve g\u00fcvenilir ki\u015filerden olu\u015fturuluyor, bir seferberlik, sava\u015f durumunda mukavemet te\u015fkilatlar\u0131 kuruluyor, askerle birlikte harekete ge\u00e7iyordu. Bug\u00fcn, Seferberlik Tetkik Kurulu da yoktu. Kriz an\u0131nda, sava\u015f durumunda \u015fu anda bu i\u015fleri yapabilecek\u00a0AFAD\u2019dan ba\u015fka herhangi bir te\u015fkilat bulunmuyordu. Uzmanlar, T\u00fcrkiye\u2019nin sivil savunma ile ilgili eksikliklerini zaman ge\u00e7irmeden tamamlamas\u0131 ve g\u00fc\u00e7l\u00fc bir sivil savunma sistemi kurulmas\u0131 gerekti\u011fini\u201d<a href=\"#_ftn4\" name=\"_ftnref4\">[4]<\/a><\/em><\/strong><strong> vurguluyordu.<\/strong><\/p><p style=\"text-align: justify;\"><strong>Siyonist \u0130srail\u2019in Bat\u0131 \u015eeria\u2019y\u0131 \u0130\u015fgal Plan\u0131!<\/strong><\/p><p style=\"text-align: justify;\"><strong>Y\u0131llard\u0131r Filistin topraklar\u0131n\u0131 ad\u0131m ad\u0131m gasbeden \u0130srail, 2005 y\u0131l\u0131nda bo\u015falt\u0131lan <em>Sanur yerle\u015fim birimini<\/em> yeniden ter\u00f6r yuvas\u0131na d\u00f6n\u00fc\u015ft\u00fcr\u00fcyordu. Siyonistlerin hedefi; Bat\u0131 \u015eeria\u2019n\u0131n kuzeyini tamamen ele ge\u00e7irmek oluyordu. \u0130\u015fgalci rejim, Filistin\u2019in ba\u011fr\u0131na bir han\u00e7er daha sapl\u0131yordu. Ama dindar kahraman Erdo\u011fan h\u00e2l\u00e2, Trump\u2019\u0131n sahte bar\u0131\u015f tuza\u011f\u0131nda rol al\u0131yordu. 2005 y\u0131l\u0131nda s\u00f6zde\u00a0&#8220;Ayr\u0131lma Plan\u0131&#8221;\u00a0ile tahliye edilen Bat\u0131 \u015eeria\u2019n\u0131n kuzeyindeki\u00a0Sanur yerle\u015fim birimi, i\u015fgal ordusunun korumas\u0131 alt\u0131nda yeniden in\u015fa ediliyordu. Birle\u015fmi\u015f Milletler (BM) kararlar\u0131n\u0131 ve uluslararas\u0131 hukuku k\u00e2\u011f\u0131t par\u00e7as\u0131 olarak g\u00f6ren Siyonist ak\u0131l, Sanur\u2019da yeni konutlar\u0131n in\u015fas\u0131 i\u00e7in onay veriyordu.<\/strong><\/p><p style=\"text-align: justify;\"><strong>\u0130srail Sivil \u0130daresine ba\u011fl\u0131 Y\u00fcksek Planlama Konseyi, Filistin halk\u0131n\u0131n m\u00fclk\u00fc olan topraklara\u00a0126 yeni i\u015fgal konutu\u00a0dikilmesi plan\u0131n\u0131 karara ba\u011fl\u0131yordu. Bu plan\u0131n h\u0131zla devreye sokulaca\u011f\u0131 ve iki ay i\u00e7erisinde Yahudi yerle\u015fimci gruplar\u0131n b\u00f6lgeye ta\u015f\u0131naca\u011f\u0131 belirtiliyordu. Irk\u00e7\u0131 ve a\u015f\u0131r\u0131 sa\u011fc\u0131 kimli\u011fiyle bilinen s\u00f6zde\u00a0Maliye Bakan\u0131 Bezalel Smotrich, Sanur sahas\u0131nda yapt\u0131\u011f\u0131 a\u00e7\u0131klamada niyetlerini gizlemiyordu. 2005 y\u0131l\u0131ndaki \u00e7ekilmeyi &#8220;zay\u0131fl\u0131k&#8221; olarak niteleyen Smotrich, &#8220;Bat\u0131 \u015eeria\u2019n\u0131n kuzeyindeki bu utanca son veriyoruz. Topraklar\u0131m\u0131z\u0131 (i\u015fgal alt\u0131ndaki topraklar) bir kar\u0131\u015f b\u0131rakmadan yeniden yerle\u015fime a\u00e7aca\u011f\u0131z&#8221; diyerek Siyonist geni\u015flemecili\u011fin s\u0131n\u0131r tan\u0131mayaca\u011f\u0131n\u0131 bir kez daha ilan ediyordu.<\/strong><\/p><p style=\"text-align: justify;\"><strong>ABD Ba\u015fkan\u0131 Trump\u2019\u0131n, Somali Halk\u0131n\u0131 ve M\u00fcsl\u00fcmanlar\u0131 A\u015fa\u011f\u0131lamas\u0131!<\/strong><\/p><p style=\"text-align: justify;\"><strong>ABD Ba\u015fkan\u0131 Trump, Minnesota\u2019da ya\u015fanan mali kay\u0131plar\u0131 tart\u0131\u015f\u0131rken Somali toplulu\u011funu hedef g\u00f6steriyordu. Somali halk\u0131na sert tepki g\u00f6steren Trump, onlar\u0131 &#8220;d\u00fc\u015f\u00fck zek\u00e2l\u0131 insanlar&#8221; olarak nitelendiriyordu. 27 Ocak 2026\u2019da Beyaz Saray\u2019da d\u00fczenledi\u011fi bas\u0131n toplant\u0131s\u0131nda, Demokrat Parti Minnesota Milletvekili ve Somali as\u0131ll\u0131\u00a0Ilhan Omar\u2019\u0131 milyonlarca dolarl\u0131k serveti nedeniyle sert s\u00f6zlerle ele\u015ftiren Trump, Temsilciler Meclisi G\u00f6zetim Komitesi\u2019nin Omar\u2019\u0131n servet art\u0131\u015f\u0131n\u0131 ara\u015ft\u0131ran soru\u015fturmas\u0131 s\u0131ras\u0131nda, Somali do\u011fumlu Milletvekilini \u201chilebaz\u201d olarak nitelendiriyordu. Ve yine Somali\u2019de askeri \u00fcs kurmakla \u00f6v\u00fcnen Sn. Erdo\u011fan, Trump\u2019\u0131n bu k\u00fcstahl\u0131\u011f\u0131n\u0131 duymazdan geliyordu. Ve K\u0131z\u0131l G\u00e2vur Trump bu \u0130slam d\u00fc\u015fmanl\u0131\u011f\u0131yla Epstein rezaletlerini \u00f6rtmeye \u00e7al\u0131\u015f\u0131yordu!<\/strong><\/p><p style=\"text-align: justify;\"><strong>Bu iktidar d\u00f6neminde, sadece huzurumuz, onurumuz ve yurdumuz de\u011fil, namusumuz da b\u00fcy\u00fck tehlike alt\u0131ndayd\u0131!<\/strong><\/p><p style=\"text-align: justify;\"><strong>D\u00fcnya tarihinin en rezil pezevenkleri Siyonist Yahudi baronlard\u0131 ve MOSSAD g\u00fcd\u00fcml\u00fc Epstein \u00c7ocuk Adas\u0131yd\u0131!<\/strong><\/p><p style=\"text-align: justify;\"><strong>S\u00f6zde d\u00fcnyay\u0131 y\u00f6neten kodamanlar\u0131n ve onlar\u0131n di\u011fer \u00fclkelerdeki i\u015fbirlik\u00e7i devlet adamlar\u0131n\u0131n bir\u00e7o\u011funun, Epstein\u2019in 11-14 ya\u015f aras\u0131 k\u0131z \u00e7ocuklar\u0131n\u0131 pazarlad\u0131\u011f\u0131 fuhu\u015f a\u011f\u0131na tak\u0131ld\u0131klar\u0131 ABD Adalet Bakanl\u0131\u011f\u0131\u2019nca ve belgeler \u0131\u015f\u0131\u011f\u0131nda a\u00e7\u0131\u011fa \u00e7\u0131kar\u0131lm\u0131\u015ft\u0131.<\/strong><\/p><p style=\"text-align: justify;\"><strong>Hatta o belgelerden birinde Slovakya Ba\u015fbakan\u0131na sorulmaktayd\u0131; T\u00fcrkiye ziyaretiniz s\u0131ras\u0131nda, <em>sana s\u00fcrekli kay\u0131t yapan ve bizimle irtibat\u0131 sa\u011flayan \u00f6zel Apple Watch saati tak\u0131ld\u0131 m\u0131?<\/em> Ne yani, T\u00fcrkiye\u2019nin yetkilileri Epstein\u2019e m\u00fc\u015fteri mi ayarlamaktalard\u0131?<\/strong><\/p><p style=\"text-align: justify;\"><strong>T\u00fcrkiye\u2019nin Henry Kissinger\u2019i olarak tan\u0131t\u0131lan eski Ba\u015fbakan\u0131, yani Siyonizm\u2019in hizmetk\u00e2r\u0131 bilgi\u00e7 adam diye sunulan kim olmaktayd\u0131?<\/strong><\/p><p style=\"text-align: justify;\"><strong>Din istismarc\u0131s\u0131 TGRT ve \u0130hlas Holding\u2019in patronu M\u00fccahit \u00d6ren\u2019in <\/strong><strong><em>yaramazl\u0131klar\u0131<\/em><\/strong> <strong>hangi boyutlara ula\u015fm\u0131\u015ft\u0131?<\/strong><\/p><p style=\"text-align: justify;\"><strong>Ve TBMM\u2019ye bu rezaletlerle ilgili yaz\u0131l\u0131 soru \u00f6nergesi sunulmu\u015f durumdayd\u0131: <em>2002-2025 y\u0131llar\u0131 aras\u0131nda, T\u00fcrkiye\u2019de ka\u00e7 k\u00fc\u00e7\u00fck k\u0131z\u0131m\u0131z kay\u0131pt\u0131 ve bunlar\u0131n ka\u00e7\u0131 me\u015fhur ve mel\u2019un Epstein Adas\u0131\u2019na ka\u00e7\u0131r\u0131lm\u0131\u015ft\u0131?<\/em><\/strong><\/p><p style=\"text-align: justify;\"><strong>Bir soru da biz soral\u0131m; b\u00fct\u00fcn bu mel\u2019anet ve rezaletleri yapanlara de\u011fil de, bunlar\u0131 ortaya \u00e7\u0131karan Milli \u00c7\u00f6z\u00fcm Dergisi\u2019ne sata\u015fanlar nas\u0131l bir vicdan ta\u015f\u0131maktalard\u0131?<\/strong><\/p><p style=\"text-align: justify;\"><strong>Rusya, T\u00fcrkiye\u2019nin Orta Asya A\u00e7\u0131l\u0131m\u0131ndan Rahats\u0131zd\u0131!..<\/strong><\/p><p style=\"text-align: justify;\"><strong>Rusya\u2019n\u0131n en k\u00f6kl\u00fc d\u00fc\u015f\u00fcnce kurulu\u015flar\u0131ndan IMEMO\u2019nun analizine g\u00f6re T\u00fcrkiye, Orta Asya\u2019da enerji, ticaret ve lojistik temelli ekonomik giri\u015fimler \u00fczerinden etkisini h\u0131zla art\u0131r\u0131rken, Moskova bu s\u00fcreci rekabetten \u00e7ok, temkinli ve dikkatli bir izleme politikas\u0131yla kar\u015f\u0131l\u0131yordu. Rusya, T\u00fcrk Devletleri Te\u015fkilat\u0131&#8217;n\u0131n, BM nezdindeki giri\u015fimini de b\u00fcy\u00fck bir dikkatle takip ediyordu. Rusya\u2019n\u0131n d\u0131\u015f politikas\u0131nda belirleyici kurumlardan biri olarak kabul edilen, 101 y\u0131ll\u0131k D\u00fcnya Ekonomisi ve Uluslararas\u0131 \u0130li\u015fkiler Enstit\u00fcs\u00fc\u2019n\u00fcn (IMEMO) yay\u0131mlad\u0131\u011f\u0131 son rapor,\u00a0T\u00fcrkiye\u2019nin Orta Asya\u2019daki etkisini Moskova perspektifinden ayr\u0131nt\u0131l\u0131 bi\u00e7imde ele al\u0131yordu. Rusya D\u0131\u015fi\u015fleri Bakanl\u0131\u011f\u0131 ve Kremlin \u00e7evrelerinde referans kabul edilen analizlerde, Ankara\u2019n\u0131n\u00a0T\u00fcrk Devletleri Te\u015fkilat\u0131\u00a0(TDT) \u00fczerindeki etkisi, T\u00fcrkmenistan ile geli\u015fen ili\u015fkiler ve Birle\u015fmi\u015f Milletler (BM) zeminindeki kurumsal hamleleri, Avrasya dengeleri a\u00e7\u0131s\u0131ndan \u201cstratejik bir geni\u015fleme\u201d olarak de\u011ferlendiriliyordu. Rapora g\u00f6re <em>\u201cT\u00fcrkiye, k\u00fclt\u00fcrel s\u00f6ylemin \u00f6tesine ge\u00e7en somut ad\u0131mlarla Orta Asya\u2019da yeni bir jeopolitik a\u011f\u0131rl\u0131k merkezi in\u015fa ediyordu!\u201d<\/em> T\u00fcrkiye\u2019nin T\u00fcrk Devletleri Te\u015fkilat\u0131, enerji i\u015f birlikleri ve lojistik hatlar \u00fczerinden Orta Asya\u2019da artan etkisi, Moskova merkezli analizlerde \u201cstratejik geni\u015fleme\u201d olarak de\u011ferlendiriliyordu.<\/strong><\/p><p style=\"text-align: justify;\"><strong>Rusya Bu Rekabetten Rahats\u0131zd\u0131!<\/strong><\/p><p style=\"text-align: justify;\"><strong>Raporda dikkat \u00e7ekilen bir di\u011fer ba\u015fl\u0131k ise TDT ile Rusya merkezli Avrasya Ekonomik Birli\u011fi (EAEU) aras\u0131ndaki \u00f6rt\u00fck rekabet oluyordu.\u00a0IMEMO\u2019ya g\u00f6re, <em>\u201cTDT\u2019nin uluslararas\u0131 me\u015fruiyet aray\u0131\u015f\u0131, Rusya\u2019n\u0131n Avrasya\u2019daki a\u011f\u0131rl\u0131\u011f\u0131yla \u00e7eli\u015fiyor ve \u00e7ak\u0131\u015f\u0131yordu. Moskova\u2019daki diplomatik \u00e7evreler, TDT\u2019nin BM d\u00fczeyinde g\u00fc\u00e7 kazanmas\u0131n\u0131 Avrasya\u2019daki g\u00fc\u00e7 mimarisini etkileyebilecek uzun vadeli bir hamle olarak okuyordu.\u201d<\/em><\/strong><\/p><p style=\"text-align: justify;\"><strong>Raporun genel tonunda\u00a0T\u00fcrkiye\u2019ye y\u00f6nelik bir kar\u015f\u0131tl\u0131ktan ziyade temkinli bir izleme yakla\u015f\u0131m\u0131 \u00f6n plana \u00e7\u0131k\u0131yordu.\u00a0IMEMO\u2019ya g\u00f6re Ankara\u2019n\u0131n Orta Asya\u2019daki etkinli\u011fi giderek art\u0131yor ancak bu geni\u015fleme ekonomik ger\u00e7ekler, tarafs\u0131zl\u0131k doktrinleri ve b\u00f6lgesel riskler nedeniyle do\u011fal bir \u00e7er\u00e7evede ilerliyordu. Yine de Rus stratejik \u00e7evreleri, TDT\u2019nin kurumsal derinlik kazanmas\u0131n\u0131 ve T\u00fcrkiye\u2019nin enerji merkezli varl\u0131\u011f\u0131n\u0131 Avrasya dengeleri a\u00e7\u0131s\u0131ndan dikkatle izlemeye devam ediyordu. \u00d6zetle; Rusya, T\u00fcrkiye\u2019nin geli\u015fmesinden ve Orta Asya stratejisinden rahats\u0131zl\u0131k duyuyor, ama \u015fimdilik bunu a\u00e7\u0131k\u00e7a dillendirmiyordu!..<\/strong><\/p><p style=\"text-align: justify;\"><strong>Mehmet \u015eim\u015fek&#8217;in 24,6 Milyar Dolarl\u0131k Alt\u0131n Hatas\u0131<\/strong><\/p><p style=\"text-align: justify;\"><strong>Mehmet \u015eim\u015fek&#8217;in cari a\u00e7\u0131\u011f\u0131 d\u00fc\u015f\u00fcrmek i\u00e7in uygulad\u0131\u011f\u0131 alt\u0131n kotas\u0131, \u00e2deta devasa bir servet kayb\u0131na yol a\u00e7\u0131yordu. Cari a\u00e7\u0131k k\u00e2\u011f\u0131t \u00fcst\u00fcnde d\u00fc\u015f\u00fcyor ama kasan\u0131n zarar\u0131 24,6 milyar dolar\u0131 buluyordu. Mehmet \u015eim\u015fek&#8217;in 2024 y\u0131l\u0131ndan itibaren uygulad\u0131\u011f\u0131 <em>alt\u0131n kotas\u0131n\u0131n mali boyutu<\/em> ortaya \u00e7\u0131k\u0131yordu. Y\u0131lda ortalama 325 ton alt\u0131n ithal edildi\u011fini belirten uzmanlar, 2024 ve 2025 y\u0131llar\u0131nda uygulanan kotan\u0131n ard\u0131ndan bu rakam\u0131n 126 tona geriledi\u011fini s\u00f6yl\u00fcyordu. \u201cD\u00f6viz gitmesin\u201d diye 398 ton alt\u0131n al\u0131nmad\u0131. Ortalamalara g\u00f6re yakla\u015f\u0131k 37,4 milyar dolar kasada tutulmu\u015ftu. Peki, o alamad\u0131\u011f\u0131m\u0131z alt\u0131nlar\u0131n bug\u00fcnk\u00fc de\u011feri ne olacakt\u0131? Tam 62 milyar dolar! Aradaki fark ne kadard\u0131? 24,6 milyar dolardan fazlayd\u0131.<\/strong><\/p><p style=\"text-align: justify;\"><strong>\u201cT\u00fcrk \u00dcretici Arap \u00c7\u00f6llerine Ka\u00e7t\u0131&#8221;<\/strong><\/p><p style=\"text-align: justify;\"><strong><em>\u201cSadece para de\u011fil\u2026 \u00dcretimi ve gelece\u011fi de kaybettik! Nitekim bu i\u015fin bir de sanayi taraf\u0131 vard\u0131. T\u00fcrkiye\u2019nin kuyumculuk sekt\u00f6r\u00fc d\u00fcnyada ilk \u00fc\u00e7te yer almaktayd\u0131&#8230; \u0130talyanlarla kafa kafaya yar\u0131\u015f\u0131yorduk. Ne oldu? Sen i\u00e7eride alt\u0131n\u0131 d\u00fcnyaya g\u00f6re pahal\u0131 hale getirince, ihracat\u00e7\u0131 adam ne yaps\u0131n? Hammaddeyi pahal\u0131ya al\u0131p, kime mal satacakt\u0131? Mecburen M\u0131s\u0131r\u2019a ka\u00e7t\u0131lar, Dubai\u2019ye ta\u015f\u0131nd\u0131lar. Kuyumcukent\u2019teki at\u00f6lyeler birer birer kapand\u0131. Y\u00fcz y\u0131ll\u0131k ustalar, tezg\u00e2h\u0131 toplay\u0131p Arap \u00e7\u00f6llerinde at\u00f6lye kurmak zorunda kald\u0131.\u201d <\/em><\/strong><strong>diyenler hakl\u0131yd\u0131.<\/strong><\/p><p style=\"text-align: justify;\"><strong>Merkez Bankas\u0131 Ba\u015fkan\u0131 Karahan Enflasyon Riskini A\u00e7\u0131kl\u0131yordu!<\/strong><\/p><p style=\"text-align: justify;\"><strong>Memur ve emekli maa\u015flar\u0131nda etkili olacak 2024 aral\u0131k ay\u0131 enflasyonu d\u00fc\u015f\u00fck g\u00f6sterilirken Merkez Bankas\u0131 Ba\u015fkan\u0131 Fatih Karahan \u00f6n\u00fcm\u00fczdeki iki ay i\u00e7in enflasyonda dalgalanma olabilece\u011fini belirtiyordu. Karahan, yabanc\u0131 yat\u0131r\u0131mc\u0131lara T\u00fcrkiye ekonomisindeki dezenflasyon s\u00fcrecinin <em>&#8220;genele yay\u0131ld\u0131\u011f\u0131<\/em>&#8221; mesaj\u0131n\u0131 verirken, i\u00e7 piyasaya y\u00f6nelik \u00f6nemli bir risk uyar\u0131s\u0131nda bulunuyor ve <em>&#8220;iki ay boyunca dikkatli olun&#8221;<\/em> diyordu. Karahan\u2019\u0131n sunumundaki en dikkat \u00e7ekici ba\u015fl\u0131k, k\u0131sa vadeli enflasyon g\u00f6r\u00fcn\u00fcm\u00fcne ili\u015fkin oluyordu. Ba\u015fkan, \u00f6n\u00fcm\u00fczdeki iki ayda enflasyon verilerinde &#8220;dalgalanma&#8221; ihtimaline i\u015faret edip uyar\u0131yordu. Bu durum, piyasa uzmanlar\u0131 taraf\u0131ndan baz etkisi ve mevsimsel fiyat hareketleri nedeniyle ocak ve \u015fubat aylar\u0131nda halk\u0131n c\u00fczdan\u0131n\u0131 yakacak yeni\u00a0zam\u00a0dalgalar\u0131n\u0131n gelebilece\u011fi \u015feklinde yorumlan\u0131yordu. Yani Ekonomi iflas alarm\u0131 veriyordu.<\/strong><\/p>\t\t\t\t\t\t\t\t<\/div>\n\t\t\t\t<\/div>\n\t\t\t\t\t<\/div>\n\t\t<\/div>\n\t\t\t\t\t<\/div>\n\t\t<\/section>\n\t\t\t\t<section class=\"elementor-section elementor-top-section elementor-element elementor-element-6c9f4c9 elementor-section-boxed elementor-section-height-default elementor-section-height-default\" data-id=\"6c9f4c9\" data-element_type=\"section\">\n\t\t\t\t\t\t<div class=\"elementor-container elementor-column-gap-default\">\n\t\t\t\t\t<div class=\"elementor-column elementor-col-100 elementor-top-column elementor-element elementor-element-44c998c2\" data-id=\"44c998c2\" data-element_type=\"column\">\n\t\t\t<div class=\"elementor-widget-wrap elementor-element-populated\">\n\t\t\t\t\t\t<div class=\"elementor-element elementor-element-64977bde dipnot elementor-widget elementor-widget-text-editor\" data-id=\"64977bde\" data-element_type=\"widget\" data-widget_type=\"text-editor.default\">\n\t\t\t\t<div class=\"elementor-widget-container\">\n\t\t\t\t\t\t\t\t\t<ol><li>BBC News T\u00fcrk\u00e7e &#8211; 18 Ocak 2026<\/li><li>https:\/\/www.kurdistan24.net\/tr<\/li><li>ahaber.com.tr &#8211; 17 Ocak 2026<\/li><li>Sava\u015f\u0131n Yeni Cephesinde &#8211; S. \u00d6zt\u00fcrk &#8211; 18 Ocak 2026<\/li><\/ol>\t\t\t\t\t\t\t\t<\/div>\n\t\t\t\t<\/div>\n\t\t\t\t\t<\/div>\n\t\t<\/div>\n\t\t\t\t\t<\/div>\n\t\t<\/section>\n\t\t\t\t<\/div>\n\t\t","protected":false},"excerpt":{"rendered":"<p>SUR\u0130YE&#8217;DE SDG&#8217;YE \u00d6ZERKL\u0130K TUZA\u011eI VE \u201cH\u00dcK\u00dcMET\u0130N KIRMIZI \u00c7\u0130ZG\u0130LER\u0130\u201d PALAVRASI! Ter\u00f6ristba\u015f\u0131 \u00d6calan, SDG\u2019nin S\u0131k\u0131\u015ft\u0131r\u0131lmas\u0131ndan Niye Rahats\u0131zd\u0131? DEM Parti \u0130mral\u0131 heyeti, PKK lideri Abdullah \u00d6calan&#8217;la g\u00f6r\u00fc\u015fmesinin ard\u0131ndan yapt\u0131\u011f\u0131 a\u00e7\u0131klamada, \u201c\u00d6calan&#8217;\u0131n Suriye&#8217;deki \u00e7at\u0131\u015fmalar ve artan gerilim nedeniyle endi\u015feli oldu\u011funa\u201d ili\u015fkin s\u00f6zlerini aktarm\u0131\u015ft\u0131. Heyet \u00fcyeleri TBMM Ba\u015fkanvekili Pervin Buldan, \u015eanl\u0131urfa Milletvekili Mithat Sancar ve Asr\u0131n Hukuk B\u00fcrosu avukat\u0131 Faik [&hellip;]<\/p>\n","protected":false},"author":4,"featured_media":0,"comment_status":"open","ping_status":"closed","sticky":false,"template":"","format":"standard","meta":{"footnotes":""},"categories":[98],"tags":[272,6306,6950,6953,7009,7033],"class_list":["post-34098","post","type-post","status-publish","format-standard","hentry","category-ozel-yazilar","tag-israil","tag-erdogan","tag-trump","tag-suriye","tag-ocalan","tag-sdg"],"_links":{"self":[{"href":"https:\/\/www.millicozum.com\/mc\/wp-json\/wp\/v2\/posts\/34098","targetHints":{"allow":["GET"]}}],"collection":[{"href":"https:\/\/www.millicozum.com\/mc\/wp-json\/wp\/v2\/posts"}],"about":[{"href":"https:\/\/www.millicozum.com\/mc\/wp-json\/wp\/v2\/types\/post"}],"author":[{"embeddable":true,"href":"https:\/\/www.millicozum.com\/mc\/wp-json\/wp\/v2\/users\/4"}],"replies":[{"embeddable":true,"href":"https:\/\/www.millicozum.com\/mc\/wp-json\/wp\/v2\/comments?post=34098"}],"version-history":[{"count":14,"href":"https:\/\/www.millicozum.com\/mc\/wp-json\/wp\/v2\/posts\/34098\/revisions"}],"predecessor-version":[{"id":34528,"href":"https:\/\/www.millicozum.com\/mc\/wp-json\/wp\/v2\/posts\/34098\/revisions\/34528"}],"wp:attachment":[{"href":"https:\/\/www.millicozum.com\/mc\/wp-json\/wp\/v2\/media?parent=34098"}],"wp:term":[{"taxonomy":"category","embeddable":true,"href":"https:\/\/www.millicozum.com\/mc\/wp-json\/wp\/v2\/categories?post=34098"},{"taxonomy":"post_tag","embeddable":true,"href":"https:\/\/www.millicozum.com\/mc\/wp-json\/wp\/v2\/tags?post=34098"}],"curies":[{"name":"wp","href":"https:\/\/api.w.org\/{rel}","templated":true}]}}