{"id":34182,"date":"2026-04-02T18:48:15","date_gmt":"2026-04-02T15:48:15","guid":{"rendered":"https:\/\/www.millicozum.com\/mc\/?p=34182"},"modified":"2026-04-02T20:46:48","modified_gmt":"2026-04-02T17:46:48","slug":"neler-ettin-nefsim-bana-siir-3","status":"publish","type":"post","link":"https:\/\/www.millicozum.com\/mc\/ozel-yazilar\/neler-ettin-nefsim-bana-siir-3\/","title":{"rendered":"NELER ETT\u0130N, NEFS\u0130M BANA! <br>(\u015e\u0130\u0130R)"},"content":{"rendered":"\t\t<div data-elementor-type=\"wp-post\" data-elementor-id=\"34182\" class=\"elementor elementor-34182\" data-elementor-settings=\"{&quot;element_pack_global_tooltip_width&quot;:{&quot;unit&quot;:&quot;px&quot;,&quot;size&quot;:&quot;&quot;,&quot;sizes&quot;:[]},&quot;element_pack_global_tooltip_width_tablet&quot;:{&quot;unit&quot;:&quot;px&quot;,&quot;size&quot;:&quot;&quot;,&quot;sizes&quot;:[]},&quot;element_pack_global_tooltip_width_mobile&quot;:{&quot;unit&quot;:&quot;px&quot;,&quot;size&quot;:&quot;&quot;,&quot;sizes&quot;:[]},&quot;element_pack_global_tooltip_padding&quot;:{&quot;unit&quot;:&quot;px&quot;,&quot;top&quot;:&quot;&quot;,&quot;right&quot;:&quot;&quot;,&quot;bottom&quot;:&quot;&quot;,&quot;left&quot;:&quot;&quot;,&quot;isLinked&quot;:true},&quot;element_pack_global_tooltip_padding_tablet&quot;:{&quot;unit&quot;:&quot;px&quot;,&quot;top&quot;:&quot;&quot;,&quot;right&quot;:&quot;&quot;,&quot;bottom&quot;:&quot;&quot;,&quot;left&quot;:&quot;&quot;,&quot;isLinked&quot;:true},&quot;element_pack_global_tooltip_padding_mobile&quot;:{&quot;unit&quot;:&quot;px&quot;,&quot;top&quot;:&quot;&quot;,&quot;right&quot;:&quot;&quot;,&quot;bottom&quot;:&quot;&quot;,&quot;left&quot;:&quot;&quot;,&quot;isLinked&quot;:true},&quot;element_pack_global_tooltip_border_radius&quot;:{&quot;unit&quot;:&quot;px&quot;,&quot;top&quot;:&quot;&quot;,&quot;right&quot;:&quot;&quot;,&quot;bottom&quot;:&quot;&quot;,&quot;left&quot;:&quot;&quot;,&quot;isLinked&quot;:true},&quot;element_pack_global_tooltip_border_radius_tablet&quot;:{&quot;unit&quot;:&quot;px&quot;,&quot;top&quot;:&quot;&quot;,&quot;right&quot;:&quot;&quot;,&quot;bottom&quot;:&quot;&quot;,&quot;left&quot;:&quot;&quot;,&quot;isLinked&quot;:true},&quot;element_pack_global_tooltip_border_radius_mobile&quot;:{&quot;unit&quot;:&quot;px&quot;,&quot;top&quot;:&quot;&quot;,&quot;right&quot;:&quot;&quot;,&quot;bottom&quot;:&quot;&quot;,&quot;left&quot;:&quot;&quot;,&quot;isLinked&quot;:true}}\" data-elementor-post-type=\"post\">\n\t\t\t\t\t\t<section class=\"elementor-section elementor-top-section elementor-element elementor-element-cca3173 elementor-section-boxed elementor-section-height-default elementor-section-height-default\" data-id=\"cca3173\" data-element_type=\"section\">\n\t\t\t\t\t\t<div class=\"elementor-container elementor-column-gap-default\">\n\t\t\t\t\t<div class=\"elementor-column elementor-col-100 elementor-top-column elementor-element elementor-element-4abee512\" data-id=\"4abee512\" data-element_type=\"column\">\n\t\t\t<div class=\"elementor-widget-wrap elementor-element-populated\">\n\t\t\t\t\t\t<div class=\"elementor-element elementor-element-7ea88601 elementor-widget elementor-widget-heading\" data-id=\"7ea88601\" data-element_type=\"widget\" data-widget_type=\"heading.default\">\n\t\t\t\t<div class=\"elementor-widget-container\">\n\t\t\t\t\t<h3 class=\"elementor-heading-title elementor-size-default\">NELER ETT\u0130N, NEFS\u0130M BANA!<\/h3>\t\t\t\t<\/div>\n\t\t\t\t<\/div>\n\t\t\t\t<div class=\"elementor-element elementor-element-4b45036a elementor-widget elementor-widget-text-editor\" data-id=\"4b45036a\" data-element_type=\"widget\" data-widget_type=\"text-editor.default\">\n\t\t\t\t<div class=\"elementor-widget-container\">\n\t\t\t\t\t\t\t\t\t<p><strong>Hayat \u00e7etin, bir imtihan<br \/><\/strong><strong>Neler ettin, nefsim bana\u2026<br \/><\/strong><strong>Kur\u2019an\u2019la buldum itminan<br \/><\/strong><strong>Neler ettin, nefsim bana\u2026<\/strong><\/p><p><strong>Tehlikeymi\u015f, cahil nefis<br \/><\/strong><strong>Ne hainmi\u015f, gafil nefis<br \/><\/strong><strong>Hem zalimmi\u015f, k\u00e2fir nefis<br \/><\/strong><strong>Neler ettin, nefsim bana\u2026<\/strong><\/p><p><strong>Riyak\u00e2rs\u0131n, m\u00fcnaf\u0131ks\u0131n<br \/><\/strong><strong>\u015eeytan ile, muvaf\u0131ks\u0131n<br \/><\/strong><strong>Zevke tapan bir sap\u0131ks\u0131n<br \/><\/strong><strong>Neler ettin, nefsim bana\u2026<\/strong><\/p><p><strong>Aldan\u0131p sana kand\u0131k\u00e7a<br \/><\/strong><strong>Utan\u0131r\u0131m her and\u0131k\u00e7a<br \/><\/strong><strong>Mahcup ve mahzun yand\u0131k\u00e7a<br \/><\/strong><strong>Neler ettin, nefsim bana\u2026<\/strong><\/p><p><strong>Hayr deyip \u015ferre gidersin<br \/><\/strong><strong>\u015eeytandan al\u0131rs\u0131n dersin<br \/><\/strong><strong>Hesap g\u00fcn\u00fcnde nedersin<br \/><\/strong><strong>Neler ettin, nefsim bana\u2026<\/strong><\/p><p><strong>Utan\u00e7tan y\u00fcz\u00fcm kasar\u0131m<br \/><\/strong><strong>A\u015fik\u00e2r olsa asar\u0131m<br \/><\/strong><strong>Kur\u2019an\u2019a elim basar\u0131m<br \/><\/strong><strong>Neler ettin, nefsim bana\u2026<\/strong><\/p><p><strong>Zulmedip ald\u0131m karg\u0131\u015flar<br \/><\/strong><strong>Su\u00e7uma \u015fa\u015far yarg\u0131\u00e7lar<br \/><\/strong><strong>Ya Rab gayr\u0131, kim ba\u011f\u0131\u015flar<br \/><\/strong><strong>Neler ettin, nefsim bana\u2026<\/strong><\/p><p><strong>Halt i\u015flettin, neden ni\u00e7in<br \/><\/strong><strong>\u00c7ok pi\u015fman\u0131m, yanar i\u00e7im<br \/><\/strong><strong>L\u00fctfun kessen, Ey Dost hi\u00e7im<br \/><\/strong><strong>Neler ettin, nefsim bana\u2026<\/strong><\/p><p><strong>Her an farkl\u0131, bi\u00e7imdeymi\u015f<br \/><\/strong><strong>Ba\u015f d\u00fc\u015fman\u0131m, i\u00e7imdeymi\u015f<br \/><\/strong><strong>\u0130man; do\u011fru se\u00e7imdeymi\u015f<br \/><\/strong><strong>Neler ettin, nefsim bana\u2026<\/strong><\/p><p><strong>Gazap gurur, hata kusur<br \/><\/strong><strong>G\u00f6n\u00fcl k\u0131rd\u0131m, bozdum huzur<br \/><\/strong><strong>Hakka asi, halka muzur<br \/><\/strong><strong>Neler ettin, nefsim bana\u2026<\/strong><\/p><p><strong>Ka\u00e7 defa \u015fa\u015ft\u0131m K\u00e2be\u2019mi<br \/><\/strong><strong>Bin kere bozdum tevbemi<br \/><\/strong><strong>Affedip Rabbim, sev beni<br \/><\/strong><strong>Neler ettin, nefsim bana\u2026<\/strong><\/p><p><strong>Yalan katt\u0131m, dedi\u011fime<br \/><\/strong><strong>Haram katt\u0131m, yedi\u011fime<br \/><\/strong><strong>Zarar a\u00e7t\u0131m, sevdi\u011fime<br \/><\/strong><strong>Neler ettin, nefsim bana\u2026<\/strong><\/p><p><strong>B\u00e2t\u0131l pe\u015finde ko\u015fturdun<br \/><\/strong><strong>\u00c7\u0131kar makamla co\u015fturdun<br \/><\/strong><strong>Gece yat\u0131p, g\u00fcn bo\u015f durdun<br \/><\/strong><strong>Neler ettin, nefsim bana\u2026<\/strong><\/p><p><strong>Ne Kerimsin, Ulu \u015eah\u0131m<br \/><\/strong><strong>Settar Gaffar, Padi\u015fah\u0131m<br \/><\/strong><strong>Kurban Sana, ba\u015f Allah\u2019\u0131m<br \/><\/strong><strong>Neler ettin, nefsim bana\u2026<\/strong><\/p><p><strong>\u015eimdi koca, \u00f6mr\u00fcm kay\u0131p<br \/><\/strong><strong>\u015eerre uydum, Hak\u2019tan cay\u0131p<br \/><\/strong><strong>Yeter art\u0131k, utan ay\u0131p<br \/><\/strong><strong>Neler ettin, nefsim bana\u2026<\/strong><strong>\u00a0<\/strong><\/p><p><strong>Hidayet duyur Allah\u2019\u0131m<br \/><\/strong><strong>\u0130nayet buyur Allah\u2019\u0131m <br \/><\/strong><strong>Su uyur \u015eeytan k\u00fclah\u0131m<br \/><\/strong><strong>Neler ettin, nefsim bana\u2026<\/strong><\/p>\t\t\t\t\t\t\t\t<\/div>\n\t\t\t\t<\/div>\n\t\t\t\t\t<\/div>\n\t\t<\/div>\n\t\t\t\t\t<\/div>\n\t\t<\/section>\n\t\t\t\t<\/div>\n\t\t","protected":false},"excerpt":{"rendered":"<p>NELER ETT\u0130N, NEFS\u0130M BANA! Hayat \u00e7etin, bir imtihanNeler ettin, nefsim bana\u2026Kur\u2019an\u2019la buldum itminanNeler ettin, nefsim bana\u2026 Tehlikeymi\u015f, cahil nefisNe hainmi\u015f, gafil nefisHem zalimmi\u015f, k\u00e2fir nefisNeler ettin, nefsim bana\u2026 Riyak\u00e2rs\u0131n, m\u00fcnaf\u0131ks\u0131n\u015eeytan ile, muvaf\u0131ks\u0131nZevke tapan bir sap\u0131ks\u0131nNeler ettin, nefsim bana\u2026 Aldan\u0131p sana kand\u0131k\u00e7aUtan\u0131r\u0131m her and\u0131k\u00e7aMahcup ve mahzun yand\u0131k\u00e7aNeler ettin, nefsim bana\u2026 Hayr deyip \u015ferre gidersin\u015eeytandan al\u0131rs\u0131n dersinHesap [&hellip;]<\/p>\n","protected":false},"author":20,"featured_media":0,"comment_status":"open","ping_status":"closed","sticky":false,"template":"","format":"standard","meta":{"footnotes":""},"categories":[98],"tags":[],"class_list":["post-34182","post","type-post","status-publish","format-standard","hentry","category-ozel-yazilar"],"_links":{"self":[{"href":"https:\/\/www.millicozum.com\/mc\/wp-json\/wp\/v2\/posts\/34182","targetHints":{"allow":["GET"]}}],"collection":[{"href":"https:\/\/www.millicozum.com\/mc\/wp-json\/wp\/v2\/posts"}],"about":[{"href":"https:\/\/www.millicozum.com\/mc\/wp-json\/wp\/v2\/types\/post"}],"author":[{"embeddable":true,"href":"https:\/\/www.millicozum.com\/mc\/wp-json\/wp\/v2\/users\/20"}],"replies":[{"embeddable":true,"href":"https:\/\/www.millicozum.com\/mc\/wp-json\/wp\/v2\/comments?post=34182"}],"version-history":[{"count":10,"href":"https:\/\/www.millicozum.com\/mc\/wp-json\/wp\/v2\/posts\/34182\/revisions"}],"predecessor-version":[{"id":34201,"href":"https:\/\/www.millicozum.com\/mc\/wp-json\/wp\/v2\/posts\/34182\/revisions\/34201"}],"wp:attachment":[{"href":"https:\/\/www.millicozum.com\/mc\/wp-json\/wp\/v2\/media?parent=34182"}],"wp:term":[{"taxonomy":"category","embeddable":true,"href":"https:\/\/www.millicozum.com\/mc\/wp-json\/wp\/v2\/categories?post=34182"},{"taxonomy":"post_tag","embeddable":true,"href":"https:\/\/www.millicozum.com\/mc\/wp-json\/wp\/v2\/tags?post=34182"}],"curies":[{"name":"wp","href":"https:\/\/api.w.org\/{rel}","templated":true}]}}