{"id":34183,"date":"2026-04-02T18:49:33","date_gmt":"2026-04-02T15:49:33","guid":{"rendered":"https:\/\/www.millicozum.com\/mc\/?p=34183"},"modified":"2026-04-09T00:38:42","modified_gmt":"2026-04-08T21:38:42","slug":"erdogan-akpsinin-hikayesi-feto-ile-yola-cikildi-apo-ile-yere-cakildi","status":"publish","type":"post","link":"https:\/\/www.millicozum.com\/mc\/ozel-yazilar\/erdogan-akpsinin-hikayesi-feto-ile-yola-cikildi-apo-ile-yere-cakildi\/","title":{"rendered":"Erdo\u011fan AKP\u2019sinin Hik\u00e2yesi: <br>FETO \u0130LE YOLA \u00c7IKILDI; APO \u0130LE YERE \u00c7AKILDI!.."},"content":{"rendered":"\t\t<div data-elementor-type=\"wp-post\" data-elementor-id=\"34183\" class=\"elementor elementor-34183\" data-elementor-settings=\"{&quot;element_pack_global_tooltip_width&quot;:{&quot;unit&quot;:&quot;px&quot;,&quot;size&quot;:&quot;&quot;,&quot;sizes&quot;:[]},&quot;element_pack_global_tooltip_width_tablet&quot;:{&quot;unit&quot;:&quot;px&quot;,&quot;size&quot;:&quot;&quot;,&quot;sizes&quot;:[]},&quot;element_pack_global_tooltip_width_mobile&quot;:{&quot;unit&quot;:&quot;px&quot;,&quot;size&quot;:&quot;&quot;,&quot;sizes&quot;:[]},&quot;element_pack_global_tooltip_padding&quot;:{&quot;unit&quot;:&quot;px&quot;,&quot;top&quot;:&quot;&quot;,&quot;right&quot;:&quot;&quot;,&quot;bottom&quot;:&quot;&quot;,&quot;left&quot;:&quot;&quot;,&quot;isLinked&quot;:true},&quot;element_pack_global_tooltip_padding_tablet&quot;:{&quot;unit&quot;:&quot;px&quot;,&quot;top&quot;:&quot;&quot;,&quot;right&quot;:&quot;&quot;,&quot;bottom&quot;:&quot;&quot;,&quot;left&quot;:&quot;&quot;,&quot;isLinked&quot;:true},&quot;element_pack_global_tooltip_padding_mobile&quot;:{&quot;unit&quot;:&quot;px&quot;,&quot;top&quot;:&quot;&quot;,&quot;right&quot;:&quot;&quot;,&quot;bottom&quot;:&quot;&quot;,&quot;left&quot;:&quot;&quot;,&quot;isLinked&quot;:true},&quot;element_pack_global_tooltip_border_radius&quot;:{&quot;unit&quot;:&quot;px&quot;,&quot;top&quot;:&quot;&quot;,&quot;right&quot;:&quot;&quot;,&quot;bottom&quot;:&quot;&quot;,&quot;left&quot;:&quot;&quot;,&quot;isLinked&quot;:true},&quot;element_pack_global_tooltip_border_radius_tablet&quot;:{&quot;unit&quot;:&quot;px&quot;,&quot;top&quot;:&quot;&quot;,&quot;right&quot;:&quot;&quot;,&quot;bottom&quot;:&quot;&quot;,&quot;left&quot;:&quot;&quot;,&quot;isLinked&quot;:true},&quot;element_pack_global_tooltip_border_radius_mobile&quot;:{&quot;unit&quot;:&quot;px&quot;,&quot;top&quot;:&quot;&quot;,&quot;right&quot;:&quot;&quot;,&quot;bottom&quot;:&quot;&quot;,&quot;left&quot;:&quot;&quot;,&quot;isLinked&quot;:true}}\" data-elementor-post-type=\"post\">\n\t\t\t\t\t\t<section class=\"elementor-section elementor-top-section elementor-element elementor-element-7cb80edf elementor-section-boxed elementor-section-height-default elementor-section-height-default\" data-id=\"7cb80edf\" data-element_type=\"section\">\n\t\t\t\t\t\t<div class=\"elementor-container elementor-column-gap-default\">\n\t\t\t\t\t<div class=\"elementor-column elementor-col-100 elementor-top-column elementor-element elementor-element-32ae87e1\" data-id=\"32ae87e1\" data-element_type=\"column\">\n\t\t\t<div class=\"elementor-widget-wrap elementor-element-populated\">\n\t\t\t\t\t\t<div class=\"elementor-element elementor-element-3e740c0e elementor-widget elementor-widget-heading\" data-id=\"3e740c0e\" data-element_type=\"widget\" data-widget_type=\"heading.default\">\n\t\t\t\t<div class=\"elementor-widget-container\">\n\t\t\t\t\t<h3 class=\"elementor-heading-title elementor-size-default\">Erdo\u011fan AKP\u2019sinin Hik\u00e2yesi: <br>FETO \u0130LE YOLA \u00c7IKILDI; APO \u0130LE YERE \u00c7AKILDI!..<\/h3>\t\t\t\t<\/div>\n\t\t\t\t<\/div>\n\t\t\t\t\t<\/div>\n\t\t<\/div>\n\t\t\t\t\t<\/div>\n\t\t<\/section>\n\t\t\t\t<section class=\"elementor-section elementor-top-section elementor-element elementor-element-1046b146 elementor-section-boxed elementor-section-height-default elementor-section-height-default\" data-id=\"1046b146\" data-element_type=\"section\">\n\t\t\t\t\t\t<div class=\"elementor-container elementor-column-gap-default\">\n\t\t\t\t\t<div class=\"elementor-column elementor-col-100 elementor-top-column elementor-element elementor-element-5cab4c46\" data-id=\"5cab4c46\" data-element_type=\"column\">\n\t\t\t<div class=\"elementor-widget-wrap elementor-element-populated\">\n\t\t\t\t\t\t<section class=\"elementor-section elementor-inner-section elementor-element elementor-element-7f3eb37 elementor-section-full_width elementor-section-content-middle elementor-section-height-default elementor-section-height-default\" data-id=\"7f3eb37\" data-element_type=\"section\">\n\t\t\t\t\t\t<div class=\"elementor-container elementor-column-gap-default\">\n\t\t\t\t\t<div class=\"elementor-column elementor-col-25 elementor-inner-column elementor-element elementor-element-66b77304\" data-id=\"66b77304\" data-element_type=\"column\">\n\t\t\t<div class=\"elementor-widget-wrap elementor-element-populated\">\n\t\t\t\t\t\t<div class=\"elementor-element elementor-element-8853c0b elementor-widget elementor-widget-image\" data-id=\"8853c0b\" data-element_type=\"widget\" data-widget_type=\"image.default\">\n\t\t\t\t<div class=\"elementor-widget-container\">\n\t\t\t\t\t\t\t\t\t\t\t\t\t\t\t<img decoding=\"async\" width=\"128\" height=\"128\" src=\"https:\/\/www.millicozum.com\/mc\/wp-content\/uploads\/9024874_speaker_simple_high_light_icon-2.png\" class=\"attachment-large size-large wp-image-29248\" alt=\"\" \/>\t\t\t\t\t\t\t\t\t\t\t\t\t\t\t<\/div>\n\t\t\t\t<\/div>\n\t\t\t\t\t<\/div>\n\t\t<\/div>\n\t\t\t\t<div class=\"elementor-column elementor-col-25 elementor-inner-column elementor-element elementor-element-62569ca4\" data-id=\"62569ca4\" data-element_type=\"column\">\n\t\t\t<div class=\"elementor-widget-wrap elementor-element-populated\">\n\t\t\t\t\t\t<div class=\"elementor-element elementor-element-77e61e47 elementor-widget elementor-widget-image\" data-id=\"77e61e47\" data-element_type=\"widget\" data-settings=\"{&quot;_animation&quot;:&quot;none&quot;,&quot;element_pack_widget_tooltip&quot;:&quot;yes&quot;,&quot;element_pack_widget_tooltip_text&quot;:&quot;YouTube&quot;,&quot;element_pack_widget_tooltip_placement&quot;:&quot;bottom&quot;,&quot;element_pack_widget_tooltip_x_offset&quot;:{&quot;unit&quot;:&quot;px&quot;,&quot;size&quot;:&quot;&quot;,&quot;sizes&quot;:[]},&quot;element_pack_widget_tooltip_y_offset&quot;:{&quot;unit&quot;:&quot;px&quot;,&quot;size&quot;:&quot;&quot;,&quot;sizes&quot;:[]}}\" data-widget_type=\"image.default\">\n\t\t\t\t<div class=\"elementor-widget-container\">\n\t\t\t\t\t\t\t\t\t\t\t\t\t\t\t\t<a href=\"https:\/\/youtu.be\/qKCFmy1399E\" target=\"_blank\">\n\t\t\t\t\t\t\t<img decoding=\"async\" width=\"128\" height=\"128\" src=\"https:\/\/www.millicozum.com\/mc\/wp-content\/uploads\/317714_video_youtube_icon-2.png\" class=\"attachment-large size-large wp-image-29249\" alt=\"\" \/>\t\t\t\t\t\t\t\t<\/a>\n\t\t\t\t\t\t\t\t\t\t\t\t\t\t\t<\/div>\n\t\t\t\t<\/div>\n\t\t\t\t\t<\/div>\n\t\t<\/div>\n\t\t\t\t<div class=\"elementor-column elementor-col-25 elementor-inner-column elementor-element elementor-element-72622669\" data-id=\"72622669\" data-element_type=\"column\">\n\t\t\t<div class=\"elementor-widget-wrap elementor-element-populated\">\n\t\t\t\t\t\t<div class=\"elementor-element elementor-element-737195f6 elementor-widget elementor-widget-image\" data-id=\"737195f6\" data-element_type=\"widget\" data-settings=\"{&quot;element_pack_widget_tooltip&quot;:&quot;yes&quot;,&quot;element_pack_widget_tooltip_text&quot;:&quot;DailyMotion&quot;,&quot;element_pack_widget_tooltip_placement&quot;:&quot;bottom&quot;,&quot;element_pack_widget_tooltip_x_offset&quot;:{&quot;unit&quot;:&quot;px&quot;,&quot;size&quot;:&quot;&quot;,&quot;sizes&quot;:[]},&quot;element_pack_widget_tooltip_y_offset&quot;:{&quot;unit&quot;:&quot;px&quot;,&quot;size&quot;:&quot;&quot;,&quot;sizes&quot;:[]}}\" data-widget_type=\"image.default\">\n\t\t\t\t<div class=\"elementor-widget-container\">\n\t\t\t\t\t\t\t\t\t\t\t\t\t\t\t\t<a href=\"https:\/\/dai.ly\/xa428ba\" target=\"_blank\">\n\t\t\t\t\t\t\t<img decoding=\"async\" width=\"128\" height=\"128\" src=\"https:\/\/www.millicozum.com\/mc\/wp-content\/uploads\/dailymotion-2.png\" class=\"attachment-large size-large wp-image-29250\" alt=\"\" \/>\t\t\t\t\t\t\t\t<\/a>\n\t\t\t\t\t\t\t\t\t\t\t\t\t\t\t<\/div>\n\t\t\t\t<\/div>\n\t\t\t\t\t<\/div>\n\t\t<\/div>\n\t\t\t\t<div class=\"elementor-column elementor-col-25 elementor-inner-column elementor-element elementor-element-3c1be3f4\" data-id=\"3c1be3f4\" data-element_type=\"column\">\n\t\t\t<div class=\"elementor-widget-wrap elementor-element-populated\">\n\t\t\t\t\t\t<div class=\"elementor-element elementor-element-67b88a80 elementor-widget elementor-widget-image\" data-id=\"67b88a80\" data-element_type=\"widget\" data-settings=\"{&quot;element_pack_widget_tooltip&quot;:&quot;yes&quot;,&quot;element_pack_widget_tooltip_text&quot;:&quot;Yerel Kaynak&quot;,&quot;element_pack_widget_tooltip_placement&quot;:&quot;bottom&quot;,&quot;element_pack_widget_tooltip_x_offset&quot;:{&quot;unit&quot;:&quot;px&quot;,&quot;size&quot;:&quot;&quot;,&quot;sizes&quot;:[]},&quot;element_pack_widget_tooltip_y_offset&quot;:{&quot;unit&quot;:&quot;px&quot;,&quot;size&quot;:&quot;&quot;,&quot;sizes&quot;:[]}}\" data-widget_type=\"image.default\">\n\t\t\t\t<div class=\"elementor-widget-container\">\n\t\t\t\t\t\t\t\t\t\t\t\t\t\t\t\t<a href=\"https:\/\/www.millicozum.com\/mc\/wp-content\/uploads\/mp3\/sesli-makale\/fetoileyolacikildiapoileyerecakildi.m4a\" target=\"_blank\">\n\t\t\t\t\t\t\t<img loading=\"lazy\" decoding=\"async\" width=\"128\" height=\"128\" src=\"https:\/\/www.millicozum.com\/mc\/wp-content\/uploads\/9020538_audio_podcast_music_sound_icon-2.png\" class=\"attachment-large size-large wp-image-29251\" alt=\"\" \/>\t\t\t\t\t\t\t\t<\/a>\n\t\t\t\t\t\t\t\t\t\t\t\t\t\t\t<\/div>\n\t\t\t\t<\/div>\n\t\t\t\t\t<\/div>\n\t\t<\/div>\n\t\t\t\t\t<\/div>\n\t\t<\/section>\n\t\t\t\t\t<\/div>\n\t\t<\/div>\n\t\t\t\t\t<\/div>\n\t\t<\/section>\n\t\t\t\t<section class=\"elementor-section elementor-top-section elementor-element elementor-element-37a2a6fc elementor-section-boxed elementor-section-height-default elementor-section-height-default\" data-id=\"37a2a6fc\" data-element_type=\"section\">\n\t\t\t\t\t\t<div class=\"elementor-container elementor-column-gap-default\">\n\t\t\t\t\t<div class=\"elementor-column elementor-col-100 elementor-top-column elementor-element elementor-element-5931a3ec\" data-id=\"5931a3ec\" data-element_type=\"column\">\n\t\t\t<div class=\"elementor-widget-wrap elementor-element-populated\">\n\t\t\t\t\t\t<div class=\"elementor-element elementor-element-44466cef satir-basi elementor-widget elementor-widget-text-editor\" data-id=\"44466cef\" data-element_type=\"widget\" data-widget_type=\"text-editor.default\">\n\t\t\t\t<div class=\"elementor-widget-container\">\n\t\t\t\t\t\t\t\t\t<p><strong>\u015eahsi imk\u00e2n ve iktidar u\u011fruna malum ve mel\u2019un odaklarla i\u015f birli\u011fine yana\u015fan, hatta T\u00fcrkiye\u2019yi de par\u00e7alamay\u0131 ama\u00e7layan BOP E\u015fba\u015fkanl\u0131\u011f\u0131na bile ta\u015f\u0131nan AKP\u2019nin <\/strong><strong><em>\u201cTer\u00f6rs\u00fcz T\u00fcrkiye\u201d<\/em><\/strong><strong> k\u0131l\u0131f\u0131yla ba\u015flatt\u0131\u011f\u0131 s\u00fcre\u00e7, asl\u0131nda T\u00fcrkiye \u00d6zerk K\u00fcrdistan\u0131\u2019na zemin haz\u0131rlama ve B\u00dcY\u00dcK \u0130SRA\u0130L\u2019e kap\u0131 aralama a\u015famas\u0131yd\u0131. Erbakan Hoca\u2019ya ve Milli G\u00f6r\u00fc\u015f Davas\u0131na h\u0131yanet kar\u015f\u0131l\u0131\u011f\u0131 ba\u015flayan bu talihsiz maceran\u0131n \u00f6zeti: <em>\u201c<\/em><\/strong><strong><em>FETO ile yola \u00e7\u0131k\u0131ld\u0131; APO ile yere \u00e7ak\u0131ld\u0131<\/em><\/strong><strong><em>!..\u201d <\/em><\/strong><strong>olacakt\u0131. \u00c7\u00fcnk\u00fc, T\u00fcrkiye Cumhuriyeti\u2019nin tapusu say\u0131lan LOZAN\u2019\u0131n y\u0131rt\u0131l\u0131p SEVR\u2019in hortlat\u0131lmas\u0131n\u0131 ama\u00e7layan bu gaflet, cehalet ve hatta h\u0131yanet giri\u015fimi, asla sinsi ve Siyonist hedefine ula\u015famayacakt\u0131. <\/strong><strong><em>\u201cTek Millet, Tek Devlet ve Tek Memleket&#8230;\u201d<\/em><\/strong><strong> esas\u0131na dayanan T\u00fcrkiye Cumhuriyeti\u2019nin \u00fcniter\/ulus yap\u0131s\u0131n\u0131 bozmaya kalk\u0131\u015fanlar, elbette bir kere daha bozguna u\u011frayacaklard\u0131. Bu arada LA\u0130KL\u0130K\u2019i, <\/strong><strong><em>\u201c\u0130slam\u2019\u0131 hayat\u0131n her alan\u0131ndan d\u0131\u015flamak ve Dine d\u00fc\u015fmanl\u0131k yapmak\u201d<\/em><\/strong><strong> \u015feklinde yorumlay\u0131p yozla\u015ft\u0131rmak isteyen ve Aziz Milletimizin birlik ve dirli\u011finin as\u0131l mayas\u0131 olan \u0130slam\u2019a kin ve nefret kusmak i\u00e7in <\/strong><strong><em>Kemalizm sahtek\u00e2rl\u0131\u011f\u0131na<\/em><\/strong> <strong>s\u0131\u011f\u0131nan Ha\u00e7l\u0131 Bat\u0131 u\u015faklar\u0131na ve Siyonizm\u2019in g\u00f6n\u00fcll\u00fc \u015fak\u015fak\u00e7\u0131lar\u0131na da asla pabu\u00e7 b\u0131rak\u0131lmayacakt\u0131r. Ger\u00e7ek bir Laikli\u011fin, \u00f6rnek bir Demokrasinin ve y\u00fcksek bir medeniyetin kurulaca\u011f\u0131 AD\u0130L D\u00dcZEN de\u011fi\u015fimi mutlaka ve in\u015faallah pek yak\u0131nda ya\u015fanacakt\u0131r.<\/strong><\/p><p><strong>S\u00f6zde Milli Dayan\u0131\u015fma Komisyonu Raporundaki:<\/strong><\/p><p><strong><em>\u201cT\u00fcrklerin, K\u00fcrtlerin ve Araplar\u0131n b\u00f6lgede ya\u015fayan di\u011fer karde\u015f halklarla birlikte olu\u015fturaca\u011f\u0131 do\u011fal ittifak&#8230;\u201d<\/em><\/strong><strong> c\u00fcmlesi Ulus Devletin ve \u00dcniter Cumhuriyetin alt\u0131na dinamit koyma k\u0131l\u0131f\u0131d\u0131r.<\/strong><\/p><p><strong>Ayn\u0131 raporda: <\/strong><\/p><p><strong><em>\u201cT\u00fcrkiye Modeli olarak adland\u0131r\u0131lan yakla\u015f\u0131m\u0131n kurucu ilkeleri, milli iradeye dayanan siyasal bir metin disiplini i\u00e7inde kayda ge\u00e7irilmektedir.\u201d<\/em><\/strong><strong> ifadeleri, <em>\u201cT\u00fcrkiye Modeli\u201d<\/em> palavras\u0131yla <\/strong><strong>T\u00fcrk Milletini<\/strong><strong> da\u011f\u0131tma planlar\u0131n\u0131 yans\u0131tmaktad\u0131r.<\/strong><\/p><p><strong>Raporda, \u00e7ok kritik ve \u015feytani stratejik ifadeler yer almaktad\u0131r:<\/strong><\/p><p><strong><em>\u201cBirinci D\u00fcnya Sava\u015f\u0131\u2019ndan sonra birbirinden kopart\u0131lan, aralar\u0131na tel \u00f6rg\u00fcler \u00e7ekilen halklar, art\u0131k yeniden birbirlerini daha y\u00fcksek sesle duymay\u0131 ve bar\u0131\u015f i\u00e7inde ya\u015famay\u0131 hak etmektedir.\u201d <\/em><\/strong><strong>Yani <\/strong><strong><em>\u201cVatan\u0131n i\u015fgalden kurtar\u0131lmas\u0131, Lozan\u2019la T\u00fcrkiye\u2019nin tapusunun al\u0131nmas\u0131\u201d<\/em><\/strong><strong> halklar\u0131 birbirinden koparm\u0131\u015ft\u0131r! demeye \u00e7al\u0131\u015f\u0131lmaktad\u0131r. Bu ifadeler Lozan\u2019\u0131 ve Cumhuriyet\u2019i d\u0131\u015flayan safsatalard\u0131r.<\/strong><\/p><p><strong>Raporda yer alan Yeni Anayasa haz\u0131rl\u0131\u011f\u0131 da \u015fimdilik gizli tutulmaktad\u0131r.<\/strong><\/p><p><strong><em>\u201cYeni bir anayasa haz\u0131rlama konusu ise, komisyonumuzun g\u00f6rev alan\u0131nda olmamakla birlikte, \u00fclkemiz i\u00e7in tehir edilemez, yerine getirilmesi gereken ortak bir \u00f6dev ve sorumluluk olarak \u00f6n\u00fcm\u00fczde durmaktad\u0131r.\u201d\u00a0 <\/em><\/strong><strong>\u0130\u015fte \u015fimdilik saklanan bu yeni Anayasa ile PKK\u2019l\u0131 K\u00fcrtlere \u00f6zerklik yolu a\u00e7\u0131lacak, B\u00fcy\u00fck \u0130srail\u2019e zemin olu\u015fturulacak ve BOP E\u015fba\u015fkanl\u0131\u011f\u0131 g\u00f6revi tamamlanm\u0131\u015f olacakt\u0131r!<\/strong><\/p><p><strong>Milli Dayan\u0131\u015fma, Karde\u015flik ve Demokrasi Komisyonu&#8217;nun ortak raporu TBMM&#8217;nin internet sitesinden yay\u0131mlanm\u0131\u015ft\u0131<\/strong><\/p><p>Milli Dayan\u0131\u015fma, Karde\u015flik ve Demokrasi Komisyonu&#8217;nda okunarak oylanan ve 47 evet, 2 hay\u0131r ve 1 \u00e7ekimser oyla kabul edilen <strong>&#8220;ortak rapor&#8221;<\/strong> internet sitesinden yay\u0131mlanm\u0131\u015ft\u0131. \u0130nternette toplam 110 sayfa olarak yay\u0131mlanan raporun, 49. sayfas\u0131ndan sonras\u0131 <strong>&#8220;Ekler&#8221;<\/strong> b\u00f6l\u00fcm\u00fcnden olu\u015fmaktayd\u0131. Raporun ekler k\u0131sm\u0131nda her siyasi partinin daha \u00f6nce komisyona sundu\u011fu g\u00f6r\u00fc\u015f ve \u00f6nerilerini i\u00e7eren raporlar\u0131 da yer alm\u0131\u015ft\u0131.<\/p><p>Rapor, <strong>\u201c\u0130\u00e7indekiler\u201d<\/strong> ba\u015fl\u0131\u011f\u0131ndan sonra Milli Dayan\u0131\u015fma, Karde\u015flik ve Demokrasi Komisyonu\u2019na ba\u015fkanl\u0131k eden TBMM Ba\u015fkan\u0131 Numan Kurtulmu\u015f\u2019un 8 sayfal\u0131k <strong>\u201cTakdim\u201d <\/strong>yaz\u0131s\u0131yla ba\u015flamaktayd\u0131. Numan Kurtulmu\u015f takdiminde, Milli Dayan\u0131\u015fma, Karde\u015flik ve Demokrasi Komisyonu\u2019nun kurulu\u015f amac\u0131 ve rapora ili\u015fkin bilgi aktar\u0131rken <strong><em>\u201cYapt\u0131\u011f\u0131m\u0131z \u00e7al\u0131\u015fmalar, gelinen a\u015famayla s\u0131n\u0131rl\u0131 ve tamamlanm\u0131\u015f bir s\u00fcre\u00e7 olarak de\u011ferlendirilemez. Komisyonumuzun sergiledi\u011fi sa\u011fduyulu, kapsay\u0131c\u0131 ve \u00e7\u00f6z\u00fcm odakl\u0131 yakla\u015f\u0131m; yar\u0131n\u0131n g\u00fc\u00e7l\u00fc, etkili ve huzurlu T\u00fcrkiye\u2019sine uzanan sa\u011flam bir \u00e7er\u00e7eve ortaya koymu\u015ftur. Komisyonumuz taraf\u0131ndan titizlikle haz\u0131rlanan rapor, bundan sonraki s\u00fcre\u00e7te at\u0131lacak ad\u0131mlara istikamet \u00e7izen ve ortak hedefler do\u011frultusunda yol g\u00f6steren k\u0131ymetli bir ba\u015fvuru metni olma \u00f6zelli\u011fini ta\u015f\u0131maktad\u0131r. Komisyon raporumuz bu anlamda bir nihayet de\u011fil, bilakis at\u0131lan ve at\u0131lacak kararl\u0131 ad\u0131mlar\u0131n mihenk ta\u015f\u0131 olarak kabul edilmelidir\u201d <\/em><\/strong><strong>ifadeleri,<\/strong> <strong>as\u0131l sinsi ve siyasi ama\u00e7lar\u0131n sakland\u0131\u011f\u0131n\u0131 ve T\u00fcrkiye\u2019nin \u00f6nce fikren, sonra fiilen par\u00e7alanmas\u0131na k\u0131l\u0131f haz\u0131rland\u0131\u011f\u0131n\u0131 a\u00e7\u0131\u011fa vurmaktayd\u0131.<\/strong><\/p><p><strong>&#8220;S\u00fcrece \u0130li\u015fkin Yasal D\u00fczenlemeler&#8221;<\/strong> ba\u015fl\u0131\u011f\u0131nda, <strong><em>\u201cKritik E\u015fik: \u00d6rg\u00fct\u00fcn Silah B\u0131rakmas\u0131, Toplumsal B\u00fct\u00fcnle\u015fmeyi G\u00fc\u00e7lendirecek Yasal D\u00fczenlemeler yap\u0131lmas\u0131, \u00d6rg\u00fct Mensuplar\u0131n\u0131n Durumunun netlik kazanmas\u0131, Toplumsal B\u00fct\u00fcnle\u015fmeye yol a\u00e7\u0131lmas\u0131, \u0130zleme ve Raporlama Mekanizmas\u0131, S\u00fcre\u00e7te G\u00f6rev Alanlara Yasal G\u00fcvence Sa\u011flanmas\u0131\u201d<\/em><\/strong> alt ba\u015fl\u0131klar\u0131 s\u0131ralanm\u0131\u015ft\u0131.<\/p><p><strong><em>\u201cDemokratikle\u015fme ile \u0130lgili \u00d6neriler\u201d <\/em><\/strong>ana ba\u015fl\u0131\u011f\u0131 alt\u0131nda ise <strong><em>\u201cAvrupa \u0130nsan Haklar\u0131 Mahkemesi ile Anayasa Mahkemesi Kararlar\u0131, Yarg\u0131lama ve \u0130nfaza \u0130li\u015fkin Kurallar, Hak ve \u00d6zg\u00fcrl\u00fcklerin Geni\u015fletilmesi ile \u0130lgili Taslaklar ve Yerel Y\u00f6netimlerin g\u00fc\u00e7l\u00fc k\u0131l\u0131nmas\u0131\u201d<\/em><\/strong> gibi gizemli konular vard\u0131.<\/p><p><strong>Raporun onaylanmas\u0131n\u0131n ard\u0131ndan, PKK\u2019n\u0131n <em>KCK Y\u00fcr\u00fctme Konseyi E\u015fba\u015fkanl\u0131\u011f\u0131&#8217;ndan<\/em> rapora ve s\u00fcrece dair a\u00e7\u0131klama yap\u0131lm\u0131\u015ft\u0131.<\/strong><\/p><p>Komisyon raporunun <strong>&#8220;\u00e7ok temel yanl\u0131\u015f ve eksiklikler&#8221;<\/strong> i\u00e7erdi\u011fi belirtilen a\u00e7\u0131klamada, <strong><em>&#8220;Raporda K\u00fcrt sorununun ad\u0131 ge\u00e7memi\u015ftir. Bir sorunun ad\u0131 konulmadan \u00e7\u00f6z\u00fclmesi m\u00fcmk\u00fcn de\u011fildir&#8221;<\/em><\/strong> itirazlar\u0131 vard\u0131.<\/p><p>Raporda, K\u00fcrt varl\u0131\u011f\u0131 ve sorunundan s\u00f6z edilmedi\u011fi, her \u015feyin &#8220;ter\u00f6rizm parantezine s\u0131k\u0131\u015ft\u0131r\u0131larak&#8221; eski anlay\u0131\u015f ve politikan\u0131n devam ettirilmekte oldu\u011fu vurgulanm\u0131\u015ft\u0131. <strong><em>&#8220;Hareketimizin ter\u00f6rizmle damgalanmas\u0131n\u0131 kabul etmiyoruz&#8221; <\/em><\/strong>denilerek kay\u0131plar\u0131 tek tarafl\u0131 yans\u0131tman\u0131n do\u011fru olmad\u0131\u011f\u0131 hat\u0131rlat\u0131lm\u0131\u015ft\u0131.\u00a0<\/p><p><strong><em>&#8220;27 \u015eubat \u00e7a\u011fr\u0131s\u0131 \u00fczerinden bir y\u0131l ge\u00e7mesine ra\u011fmen fazla ilerleme olmad\u0131ysa, bunun nedeni APO\u2019nun \u00f6zg\u00fcr \u00e7al\u0131\u015f\u0131r ko\u015fullara sahip olmamas\u0131d\u0131r&#8221; <\/em><\/strong>denilen a\u00e7\u0131klamada, \u00d6calan&#8217;\u0131n \u00f6zg\u00fcrl\u00fc\u011f\u00fc i\u00e7in \u00e7a\u011fr\u0131 yap\u0131lm\u0131\u015ft\u0131. B\u00fct\u00fcn bunlar endi\u015felerimizi hakl\u0131 \u00e7\u0131karmaktayd\u0131\u2026<\/p><p>A\u00e7\u0131klaman\u0131n devam\u0131nda, <strong><em>&#8220;Raporda defalarca demokratikle\u015fmeden s\u00f6z ediliyor. B\u00f6ylece sorunun kayna\u011f\u0131, K\u00fcrtlerin varl\u0131\u011f\u0131n\u0131n ve temel haklar\u0131n\u0131n kabul\u00fcn\u00fc sa\u011flayacak olan demokratikle\u015fmenin olmamas\u0131 olarak kabul ediliyor. K\u00fcrt varl\u0131\u011f\u0131 ve sorunu ortaya konulmadan nas\u0131l demokratikle\u015fme olacak? K\u00fcrts\u00fcz demokratikle\u015fme mi olacak? Raporun mant\u0131\u011f\u0131 bunu ifade ediyor&#8221;<\/em><\/strong> s\u00f6zleri yer alm\u0131\u015ft\u0131.<\/p><p><strong>\u2018M\u00fccadelemizin d\u0131\u015f g\u00fc\u00e7lere dayand\u0131\u011f\u0131 s\u00f6ylemi karalamad\u0131r&#8217; \u00e7\u0131k\u0131\u015f\u0131!<\/strong><\/p><p>KCK a\u00e7\u0131klamas\u0131nda, <strong><em>&#8220;\u00d6te yandan 100 y\u0131ld\u0131r s\u00fcren K\u00fcrt sorunu, K\u00fcrt halk\u0131n\u0131n itirazlar\u0131, direni\u015fleri ve m\u00fccadelesi d\u0131\u015f g\u00fc\u00e7lere ba\u011flan\u0131yor. \u00d6zg\u00fcrl\u00fck hareketimiz, halk\u0131m\u0131z\u0131n \u00f6z g\u00fcc\u00fcne dayanarak ve zorluklar kar\u015f\u0131s\u0131nda fedaice direnerek 52 y\u0131ld\u0131r m\u00fccadele etmektedir&#8221;<\/em><\/strong> iddias\u0131na kalk\u0131\u015f\u0131lm\u0131\u015ft\u0131. <strong><em>\u201cT\u00fcrkiye devletinin ise on y\u0131llard\u0131r NATO \u00fcyeli\u011fini kullanarak d\u0131\u015f g\u00fc\u00e7lerin deste\u011fini ald\u0131\u011f\u0131 ve K\u00fcrt hareketine kar\u015f\u0131 sald\u0131r\u0131 y\u00fcr\u00fctmekte oldu\u011fu\u201d<\/em><\/strong> ifade edilecek kadar k\u00fcstahla\u015f\u0131lm\u0131\u015ft\u0131.<\/p><p>A\u00e7\u0131klamada<strong><em>, &#8220;Bizim i\u00e7imizdeki baz\u0131 unsurlar taraf\u0131ndan lider APO ve Hareketimizin kabul etmedi\u011fi olaylar yap\u0131lm\u0131\u015f olsa da, m\u00fccadelemiz en temiz ve onurlu \u00f6zg\u00fcrl\u00fck m\u00fccadelelerinden biri olarak tarihteki yerini alm\u0131\u015ft\u0131r&#8221; <\/em><\/strong>denilerek<strong><em> &#8220;hareketlerinin ter\u00f6rizmle damgalanmas\u0131n\u0131&#8221;<\/em><\/strong> kabul etmedikleri vurgulanm\u0131\u015ft\u0131. <strong><em>&#8220;Devletin askeri, polisi ya da ba\u011fl\u0131 milis g\u00fc\u00e7leri taraf\u0131ndan i\u015flenen on binlerce cinayet vard\u0131r&#8221;<\/em><\/strong> denilen a\u00e7\u0131klamada, kay\u0131plar\u0131 tek tarafl\u0131 yans\u0131tman\u0131n do\u011fru olmad\u0131\u011f\u0131 savunulmaktayd\u0131.\u00a0<\/p><p><strong><em>\u201c\u2018Silahlar\u0131 b\u0131rak\u0131n eve d\u00f6n\u00fcn\u2019<\/em><\/strong><strong> demek onur k\u0131r\u0131c\u0131 bir yakla\u015f\u0131md\u0131r!..\u201d k\u00fcstahl\u0131\u011f\u0131\u2026<\/strong><\/p><p><strong><em>&#8220;Bundan sonraki siyasi hayat\u0131m\u0131z\u0131n ve m\u00fccadele stratejimizin, demokratik siyaset temelinde olaca\u011f\u0131n\u0131 s\u00f6yl\u00fcyoruz. APO da siyasi hayat\u0131n\u0131 demokratik siyaset y\u00fcr\u00fcterek s\u00fcrd\u00fcrmek istedi\u011fini vurgulam\u0131\u015ft\u0131r.<\/em><\/strong> <strong><em>Bizler herhangi bireyler de\u011filiz. Silah ku\u015fanm\u0131\u015f gerillalar da eve d\u00f6nmeyi d\u00fc\u015f\u00fcnen bireyler de\u011fildir. Silahlar\u0131 b\u0131rak\u0131n eve d\u00f6n\u00fcn demek, onur k\u0131r\u0131c\u0131 bir yakla\u015f\u0131md\u0131r&#8221;<\/em><\/strong> iddias\u0131nda bulunmu\u015flard\u0131.<\/p><p><strong>KCK (K\u00fcrdistan Topluluklar Birli\u011fi=Koma Civak\u00ean Kurdistan\u00ea) A\u00e7\u0131klamas\u0131ndaki:<\/strong><\/p><p><strong><em>&#8220;Lider APO\u2019nun ortaya koydu\u011fu bir paradigma, demokratik siyaset ve demokratik entegrasyon anlay\u0131\u015f\u0131, bunun \u00f6rg\u00fctlenme modeli ve \u00e7al\u0131\u015fma tarz\u0131 vard\u0131r. Bu temelde \u00f6zg\u00fcr demokratik siyasi m\u00fccadele yap\u0131labilecek midir? Yoksa \u015fu andaki T\u00fcrkiye gibi demokratik siyaset yapan ve K\u00fcrt sorununun \u00e7\u00f6z\u00fcm\u00fc i\u00e7in demokratik m\u00fccadele edenlerin su\u00e7lu g\u00f6r\u00fcl\u00fcp cezaevine at\u0131laca\u011f\u0131 bir siyasal ortama niye gidilsin? Dolay\u0131s\u0131yla silahlar\u0131n t\u00fcmden b\u0131rak\u0131l\u0131p T\u00fcrkiye\u2019ye d\u00f6n\u00fclmesi, d\u00fc\u015f\u00fcnce ve \u00f6rg\u00fctlenme \u00f6zg\u00fcrl\u00fc\u011f\u00fc temelinde engelsiz demokratik siyaset yap\u0131lmas\u0131n\u0131n g\u00fcvenceye al\u0131nmas\u0131 ve demokratik entegrasyonla K\u00fcrt sorunun \u00e7\u00f6z\u00fcm\u00fcn\u00fcn ger\u00e7ekle\u015fece\u011finin ortaya konulmas\u0131yla m\u00fcmk\u00fcn olur.&#8221; <\/em><\/strong><strong>ifadeleri, \u00fclkemiz ve gelece\u011fimiz \u00fczerinde nas\u0131l bir tuzak tezg\u00e2hland\u0131\u011f\u0131n\u0131n kan\u0131t\u0131yd\u0131.<\/strong><\/p><p><strong>Hayret, ABD\u2019li Siyonist stratejistler Graham E. Fuller ve Henri J. Barkey\u2019in yazd\u0131\u011f\u0131, T\u00fcrk\u00e7e \u00e7evirisinin de yap\u0131ld\u0131\u011f\u0131 <em>\u201cT\u00fcrkiye\u2019nin K\u00fcrt Meselesi\u201d<\/em> kitab\u0131ndaki \u015feytani \u00f6nerileriyle bu komisyon raporundaki tavsiyeler neredeyse ayn\u0131yd\u0131!..<\/strong><\/p><p><strong>1-<em> \u201cTarihsel Arka Plan: Osmanl\u0131&#8217;dan Cumhuriyet&#8217;e\u201d<\/em><\/strong><strong> B\u00f6l\u00fcm\u00fcnde:<\/strong><\/p><p><strong>\u2022 Osmanl\u0131 d\u00f6neminde K\u00fcrtlerin yerel \u00f6zerklikle varl\u0131\u011f\u0131n\u0131 s\u00fcrd\u00fcrd\u00fc\u011f\u00fc, merkezi yap\u0131n\u0131n nispeten gev\u015fek oldu\u011fu yalan\u0131 tarihi ger\u00e7ek gibi anlat\u0131l\u0131r.<\/strong><\/p><p><strong>\u2022 T\u00fcrkiye\u2019de 19. y\u00fczy\u0131lda merkezile\u015fme politikalar\u0131yla K\u00fcrt b\u00f6lgelerinin kontrol alt\u0131na al\u0131nmas\u0131n\u0131n ilk gerilimleri do\u011furdu\u011fu yalan\u0131 aktar\u0131l\u0131r.<\/strong><\/p><p><strong>\u2022 Cumhuriyet&#8217;in kurulu\u015fuyla birlikte tek kimlikli (T\u00fcrk ulus-devleti) anlay\u0131\u015f\u0131n dayat\u0131ld\u0131\u011f\u0131 ve K\u00fcrt kimli\u011finin resm\u00ee olarak tan\u0131nmad\u0131\u011f\u0131 vurgulan\u0131r.<\/strong><\/p><p><strong>\u2022 1925 \u015eeyh Said \u0130syan\u0131 ve sonraki ayaklanmalar\u0131n g\u00fcvenlik perspektifiyle bast\u0131r\u0131ld\u0131\u011f\u0131 ve K\u00fcrtlerin T\u00fcrk olmaya zorland\u0131\u011f\u0131 hat\u0131rlat\u0131l\u0131p k\u0131\u015fk\u0131rt\u0131l\u0131r.<\/strong><\/p><p><strong>2-<em> \u201cK\u00fcrt Milliyet\u00e7ili\u011finin Geli\u015fimi\u201d<\/em><\/strong><strong> B\u00f6l\u00fcm\u00fcnde:<\/strong><\/p><p><strong>\u2022 Irak, Suriye ve \u0130ran&#8217;daki K\u00fcrtlerin varl\u0131\u011f\u0131, meselenin b\u00f6lgesel bir karakter ta\u015f\u0131mas\u0131na ve T\u00fcrkiye K\u00fcrtleriyle i\u015f birli\u011fi yap\u0131lmas\u0131na sebebiyet verdi\u011fi,<\/strong><\/p><p><strong>\u2022 ABD ve Avrupa Birli\u011fi&#8217;nin K\u00fcrtlerle ilgili insan haklar\u0131 ve az\u0131nl\u0131k haklar\u0131 konusundaki bask\u0131lar\u0131n\u0131n T\u00fcrkiye&#8217;yi reformlara y\u00f6neltti\u011fi,<\/strong><\/p><p><strong>\u2022 K\u00f6rfez Sava\u015f\u0131 sonras\u0131 Irak&#8217;\u0131n kuzeyindeki geli\u015fmelerin Barzani \u00d6zerk B\u00f6lgesinin T\u00fcrkiye&#8217;yi etkiledi\u011fi anlat\u0131l\u0131r.<\/strong><\/p><p><strong>\u2022<em> Bu arada, T\u00fcrk halk\u0131n\u0131n \u00fcniter-ulus devlet konusunda \u00e7ok hassas oldu\u011fu dikkate al\u0131narak yumu\u015fak ve \u00f6rt\u00fcl\u00fc ifadeler kullan\u0131lmas\u0131 hat\u0131rlat\u0131l\u0131r\u2026<\/em><\/strong><\/p><p><strong>3-<em> \u201c\u00c7\u00f6z\u00fcm \u00d6nerileri\u201d<\/em><\/strong><strong> B\u00f6l\u00fcm\u00fcnde:<\/strong><\/p><p><strong>\u2022 K\u00fcrtlere geni\u015f k\u00fclt\u00fcrel haklar\u0131n tan\u0131nmas\u0131,<\/strong><\/p><p><strong>\u2022 K\u00fcrt\u00e7e \u00fczerindeki yasaklar\u0131n kald\u0131r\u0131lmas\u0131 ve e\u011fitim dili yap\u0131lmas\u0131,<\/strong><\/p><p><strong>\u2022 Yerel y\u00f6netimlerin g\u00fc\u00e7lendirilmesi ve \u00f6zerklik sa\u011flanmas\u0131,<\/strong><\/p><p><strong>\u2022 Demokratikle\u015fme ve ifade \u00f6zg\u00fcrl\u00fc\u011f\u00fcn\u00fcn geni\u015fletilmesi, ilgili yasalar\u0131n \u00e7\u0131kar\u0131lmas\u0131,<\/strong><\/p><p><strong>\u2022 B\u00f6lgeye \u00f6zel ekonomik kalk\u0131nma yat\u0131r\u0131mlar\u0131n\u0131n art\u0131r\u0131lmas\u0131 tespit ve tavsiyeleri yap\u0131l\u0131r.<\/strong><\/p><p><strong>Milli Dayan\u0131\u015fma, Karde\u015flik ve Demokrasi Komisyonu\u2019nun teklif ve tavsiyeleriyle Siyonist Graham E. Fuller\u2019in tespit ve \u00f6nerilerinin bu kadar benze\u015fmesi herhalde tesad\u00fcf olamazd\u0131!..<\/strong><\/p><p><strong>DEM Parti E\u015f Genel Ba\u015fkan\u0131 Tuncer Bak\u0131rhan, &#8220;Milli Dayan\u0131\u015fma, Karde\u015flik ve Demokrasi Komisyonu&#8221; taraf\u0131ndan onaylanan ortak rapor ve s\u00fcrece dair a\u00e7\u0131klamalar\u0131 h\u0131yanet plan\u0131n\u0131n gizli kodlar\u0131n\u0131 a\u00e7\u0131\u011fa vurmaktayd\u0131!\u00a0<\/strong><\/p><p>K\u00fcrt sorununun <strong>&#8220;ter\u00f6r sorunu&#8221;<\/strong> de\u011fil; <strong>&#8220;demokrasi, \u00f6zg\u00fcrl\u00fck, dil ve kimlik sorunu&#8221;<\/strong> oldu\u011funu savunan Bak\u0131rhan, <strong><em>&#8220;Bizim ba\u015flatt\u0131\u011f\u0131m\u0131z s\u00fcre\u00e7 K\u00fcrt\u2019\u00fcn kendisini ink\u00e2r edece\u011fi bir s\u00fcre\u00e7 de\u011fildir. Yurtta\u015fl\u0131k tan\u0131m\u0131n\u0131n kesinlikle de\u011fi\u015fmesi gerekir. T\u00fcrkiye&#8217;nin b\u00fct\u00fcn renklerine uygun bir yurtta\u015fl\u0131k tan\u0131m\u0131 getirilmelidir!&#8221;<\/em><\/strong><\/p><p>Raporda kat\u0131ld\u0131klar\u0131 gibi kat\u0131lmad\u0131klar\u0131 maddeler de oldu\u011funu s\u00f6yleyen Bak\u0131rhan, raporun <strong><em>K\u00fcrt meselesinin \u00e7\u00f6z\u00fcm\u00fc de\u011fil, ba\u015flang\u0131c\u0131<\/em><\/strong> oldu\u011funu belirtti<strong><em>. &#8220;Rapordaki yasal \u00f6nerileri bir an \u00f6nce Meclis\u2019in yasalla\u015ft\u0131r\u0131p, hayata ge\u00e7irmesi gerekiyor&#8221;<\/em><\/strong> demi\u015ftir.<\/p><p><strong>\u00d6te yandan Bak\u0131rhan, a\u00e7l\u0131k s\u0131n\u0131r\u0131n\u0131n alt\u0131nda kalan asgari \u00fccreti de K\u00fcrt sorununa ba\u011flayarak \u015fu \u00f6rt\u00fcl\u00fc tehditlerden sak\u0131nmam\u0131\u015ft\u0131:<\/strong><\/p><p><strong><em>&#8220;T\u00fcrkiye bug\u00fcn emek\u00e7isine doyacak kadar \u00fccret veremiyorsa, asgari \u00fccret diye ge\u00e7inebilece\u011fi kadar; \u00e7ocuklar\u0131n\u0131 okula g\u00f6nderece\u011fi, karn\u0131n\u0131 doyuraca\u011f\u0131 kadar \u00fccret veremiyorsa sebebi K\u00fcrt meselesindeki \u00e7\u00f6z\u00fcms\u00fczl\u00fckt\u00fcr.&#8221;<\/em> Bu ifadeler ayn\u0131 zamanda \u0130srail ve Bat\u0131 hesab\u0131na ter\u00f6rle T\u00fcrkiye\u2019yi bo\u011fmaya \u00e7al\u0131\u015ft\u0131klar\u0131n\u0131n itiraf\u0131d\u0131r!<\/strong><\/p><p><strong><em>\u201cEmek\u00e7isine doyacak \u00fccret veremiyorsa sebebi K\u00fcrt meselesindeki \u00e7\u00f6z\u00fcms\u00fczl\u00fck\u201d<\/em><\/strong><strong> k\u00fcstahl\u0131\u011f\u0131!<\/strong><\/p><p><strong><em>&#8220;T\u00fcrkiye bug\u00fcn emek\u00e7isine doyacak kadar \u00fccret veremiyorsa, asgari \u00fccret diye ge\u00e7inebilece\u011fi kadar; \u00e7ocuklar\u0131n\u0131 okula g\u00f6nderece\u011fi, karn\u0131n\u0131 doyuraca\u011f\u0131 kadar \u00fccret veremiyorsa sebebi K\u00fcrt meselesindeki \u00e7\u00f6z\u00fcms\u00fczl\u00fckt\u00fcr&#8221;<\/em><\/strong> iddias\u0131nda bulunan Bak\u0131rhan s\u00f6zlerini \u015f\u00f6yle devam ettirdi:<\/p><p><strong><em>&#8220;K\u00fcrt dilini konu\u015fmas\u0131n diye bo\u015fu bo\u015funa milyarlarca dolar harcand\u0131. \u0130\u015fte Say\u0131n \u00d6calan&#8217;\u0131n ba\u015flatt\u0131\u011f\u0131 Bar\u0131\u015f ve Demokratik Toplum S\u00fcreci asl\u0131nda ba\u015far\u0131ya ula\u015f\u0131rsa en ba\u015fta ezilenler, emek\u00e7iler ve emekliler insanca ya\u015fayacaklar\u0131 ko\u015fullara kavu\u015facakt\u0131r. Onun i\u00e7in Cumhuriyetin ikinci y\u00fczy\u0131l\u0131nda K\u00fcrtler olmal\u0131, K\u00fcrtlerin dili, kimli\u011fi ve k\u00fclt\u00fcr\u00fc yasal ve hukuki bir g\u00fcvenceye kavu\u015fmal\u0131d\u0131r diyoruz. Kurulu\u015funda, kurtulu\u015funda K\u00fcrt&#8217;\u00fc karde\u015f g\u00f6ren ama kurulduktan, kurtulduktan sonra K\u00fcrt&#8217;\u00fc \u00f6teki g\u00f6ren, 100 y\u0131l sonra ter\u00f6r parantezi, g\u00fcvenlik parantezi i\u00e7erisine alan bu akl\u0131 biz tan\u0131m\u0131yoruz. Bu ak\u0131l yanl\u0131\u015ft\u0131r. Bu ak\u0131l do\u011fru yolda gitmiyor.&#8221;<\/em> diyen Tuncay Bak\u0131rhan\u2019a g\u00f6re: <\/strong><strong><em>\u201cK\u00fcrt&#8217;\u00fcn diline, kimli\u011fine yeni bir hukuki d\u00fczenleme yap\u0131lmal\u0131d\u0131r!\u201d<\/em><\/strong><\/p><p><strong>K\u00fcrt kimli\u011finin tan\u0131nmas\u0131 ve resmiyet kazanmas\u0131 gerekti\u011fini vurgulayan Bak\u0131rhan,<\/strong> <strong><em>&#8220;Bunun m\u00fccadelesini y\u00fcr\u00fct\u00fcyoruz. Karde\u015flik hukukunun gere\u011finin yerine getirilmesini istiyoruz. Madem karde\u015fsek, bizim farkl\u0131 bir dilimiz var. O dilimizi ya\u015fatmam\u0131z, o dilimizde e\u011fitim g\u00f6rmemiz, k\u00fclt\u00fcr\u00fcm\u00fcz\u00fc geli\u015ftirmemiz, \u00e7ocu\u011fumuzun, gelecek nesillerimizin kendi dilini \u00f6\u011frenmesi ve dilinde e\u011fitim g\u00f6rmesi gerekiyor&#8221; <\/em><\/strong><strong>diyen Bak\u0131rhan da biliyor ki, K\u00fcrt\u00e7enin resmi e\u011fitim dili olmas\u0131, \u00d6zerk K\u00fcrdistan kurulmas\u0131n\u0131n ilk kap\u0131s\u0131d\u0131r!<\/strong><\/p><p><strong>PKK hangi hukuka g\u00f6re silah\u0131 b\u0131rakacakt\u0131?<\/strong><\/p><p>Abdullah \u00d6calan&#8217;\u0131n \u00e7a\u011fr\u0131 yapt\u0131\u011f\u0131n\u0131 ama h\u00e2l\u00e2 yasan\u0131n yap\u0131lmad\u0131\u011f\u0131n\u0131 s\u00f6yleyen Bak\u0131rhan, <strong><em>&#8220;Ya Allah a\u015fk\u0131na, silah b\u0131rak dedi\u011fin insan hangi hukuka g\u00f6re silah\u0131 b\u0131rakacak? Nereye gidecek? Silah\u0131 b\u0131rak ama \u00fclkeye gelemezsin. Silah\u0131 b\u0131rak ama ailene gidemezsin. Silah\u0131 b\u0131rak ama yerinde buharla\u015f. B\u00f6yle bir d\u00fcnya var m\u0131 ya?&#8221;<\/em><\/strong> diye \u00e7\u0131k\u0131\u015fm\u0131\u015ft\u0131.<\/p><p><strong>Evet, Rudaw T\u00fcrk\u00e7e\u2019nin (@rudawturkce) haberine g\u00f6re; Erbil Valisi Omid Xo\u015fnav, K\u00fcrt halk\u0131na ve davas\u0131na verdi\u011fi kararl\u0131 destekten dolay\u0131 ABD\u2019li Cumhuriyet\u00e7i Senat\u00f6r Lindsey Graham\u2019\u0131n heykelinin ba\u015fkent Erbil\u2019de yap\u0131laca\u011f\u0131n\u0131 a\u00e7\u0131klam\u0131\u015ft\u0131. Zaten b\u00f6lgede 50 d\u00f6n\u00fcm arazi \u00fczerinde B\u00fcy\u00fckel\u00e7ilik projesiyle ABD, B\u00fcy\u00fck \u0130srail\u2019in Kararg\u00e2h merkezi yani Armageddon\u2019un komuta merkezi yapmay\u0131 planlamaktayd\u0131.<\/strong><\/p><p><strong>A\u00e7\u0131klanan Komisyon Raporu; Yeni Devlet Kurma Haz\u0131rl\u0131\u011f\u0131yd\u0131! <\/strong><\/p><p>Raporda<strong><em>, \u201cOrtak tarih, k\u00fclt\u00fcr ve medeniyet iddiam\u0131z\u0131n sonucu, ka\u00e7\u0131n\u0131lmaz \u015fekilde huzura ve m\u00fc\u015fterek \u00e7\u0131karlara dayal\u0131 ortak gelecek irademizdir.\u201d<\/em><\/strong> diyor. \u00d6ncelikle T\u00fcrk Milleti\u2019nde tarih birli\u011fi, dil birli\u011fi, \u00fclk\u00fc birli\u011fi, devlet birli\u011fi, vatan birli\u011fi, kader birli\u011fi, tasada birlik, k\u0131van\u00e7ta birlik, afete ko\u015farken birlik\u2026 Akl\u0131n\u0131za gelen her konuda birlik vard\u0131r. (Ve bu kutlu birli\u011fin ve dirli\u011fin as\u0131l mayas\u0131 da \u0130SLAM\u2019d\u0131r.) Ancak, bu birlik ifadelerinin yerine <strong>\u201cortakl\u0131k\u201d<\/strong> kelimesini koyarsan\u0131z; <strong><em>tarih ortakl\u0131\u011f\u0131, dil ortakl\u0131\u011f\u0131, \u00fclk\u00fc ortakl\u0131\u011f\u0131, devlet ortakl\u0131\u011f\u0131, vatan ortakl\u0131\u011f\u0131, kader ortakl\u0131\u011f\u0131, tasada ortakl\u0131k, k\u0131van\u00e7ta ortakl\u0131k, afete ko\u015farken ortakl\u0131k\u2026<\/em><\/strong> demeye kalk\u0131\u015f\u0131rsan\u0131z \u00fclkeyi de milleti de par\u00e7alars\u0131n\u0131z!..<\/p><p><strong>Mesela aile ortakl\u0131\u011f\u0131 demiyoruz. Onun ad\u0131 aile birli\u011fidir. Ve aile milletin prototipidir. Bir yast\u0131kta kocay\u0131n diye dua etti\u011fimiz kad\u0131n ve erkek ortakl\u0131k kurmuyorlar. Bak\u0131n\u0131z; aileye ortakl\u0131k diye bakanlar \u00e7ok \u00e7abuk bo\u015fan\u0131yorlar!.. Peki, ni\u00e7in millet ortakl\u0131\u011f\u0131na zorlan\u0131yoruz?<\/strong><\/p><p><strong>Raporun \u00fc\u00e7\u00fcnc\u00fc b\u00f6l\u00fcm\u00fc ilgin\u00e7 c\u00fcmlelerle ilerliyor, bak\u0131n\u0131z:<\/strong><\/p><p><strong><em>\u201cT\u00fcrkler ve K\u00fcrtler ayn\u0131 co\u011frafyan\u0131n sahipleri, ayn\u0131 \u00fclkenin yurtta\u015flar\u0131, ayn\u0131 inanc\u0131n mensuplar\u0131, ayn\u0131 medeniyet ve k\u00fclt\u00fcr\u00fcn varisleri, birlikte var olmu\u015f karde\u015f ve kaderda\u015f halklard\u0131r.\u201d<\/em><\/strong> deniyor ve \u201cayn\u0131\u201dl\u0131\u011f\u0131 de\u011fil, ayr\u0131l\u0131\u011f\u0131 ve farkl\u0131l\u0131\u011f\u0131 \u00f6ne \u00e7\u0131karan bir yakla\u015f\u0131m sergileniyor. Ve daha tehlikelisi milletin tarifi \u00e7arp\u0131t\u0131l\u0131yor. <strong>\u201cHalklar\u0131n karde\u015fli\u011fine\u201d<\/strong> ve <strong>\u201chalklar\u0131n bile\u015fkesine\u201d<\/strong> evrilecek gibi g\u00f6r\u00fcn\u00fcyor. Bunun da ilk d\u00f6rt maddeye dokunmadan yap\u0131lmas\u0131 tasarlan\u0131yor!..<\/p><p><strong>De\u011fi\u015ftirilmeye \u00e7al\u0131\u015f\u0131lan tarih ve hukuk<\/strong><\/p><p><strong><em>\u201cTarih\u00ee s\u00fcreklili\u011fin merkezinde yer alan kavram, karde\u015flik hukukudur. Bu yakla\u015f\u0131m, farkl\u0131l\u0131klar\u0131 \u00e7at\u0131\u015fma gerek\u00e7esine d\u00f6n\u00fc\u015ft\u00fcren s\u00f6ylemlere kap\u0131 aralamayan; aksine farkl\u0131l\u0131klar\u0131 ortak hayat\u0131n zenginli\u011fi olarak kabul eden bir toplumsal dengeyi hedeflemektedir.\u201d<\/em><\/strong> ifadeleri, milli yap\u0131m\u0131z\u0131 tahrife y\u00f6neliyor.<\/p><p>Bir sonraki paragraftaki, <strong><em>\u201cBu co\u011frafyan\u0131n T\u00fcrk, K\u00fcrt, Arap, Alevi, S\u00fcnni ve di\u011fer t\u00fcm kesimleri, on y\u0131llar boyunca s\u00fcregelen ac\u0131lar\u0131n ve \u00e7at\u0131\u015fmalar\u0131n tekrar\u0131na r\u0131za g\u00f6stermemektedir.\u201d<\/em><\/strong> <strong>c\u00fcmlesinin kendi sinsi ve Siyonist tezleri i\u00e7in kurguland\u0131\u011f\u0131 s\u0131r\u0131t\u0131yor. Tarihi \u00e7arp\u0131t\u0131p farkl\u0131la\u015ft\u0131r\u0131yorlar. Bizim tarihimizde b\u00f6yle bir kay\u0131t yok. Bu co\u011frafyada kimse \u201con y\u0131llarca\u201d \u00e7at\u0131\u015fmad\u0131. Ayr\u0131l\u0131k\u00e7\u0131 ter\u00f6r \u00f6rg\u00fct\u00fc d\u0131\u015f\u0131nda uzun y\u0131llar devam eden bir durum yok. Bu c\u00fcmle T\u00fcrk Milleti\u2019ne b\u00fchtand\u0131r. <\/strong><\/p><p>Ayn\u0131 b\u00f6l\u00fcmden bir paragraf daha: <strong><em>\u201cSorunlar\u0131n kal\u0131c\u0131 \u00e7\u00f6z\u00fcm\u00fc i\u00e7in e\u015fitlik, demokratik kat\u0131l\u0131m, yerel kalk\u0131nma, k\u00fclt\u00fcrel sayg\u0131 ve sosyal adalet gibi alanlarda at\u0131lacak ad\u0131mlar, karde\u015fli\u011fi g\u00fc\u00e7lendiren ve ayr\u0131\u015ft\u0131r\u0131c\u0131 senaryolar\u0131 bo\u015fa d\u00fc\u015f\u00fcren zeminleri \u00fcretecektir.\u201d<\/em><\/strong> deniyor.<\/p><p><strong>Oysa bunlar\u0131n hepsi de bizim anayasa ve yasalar\u0131m\u0131zda olan hususlar. Anayasam\u0131zda vatanda\u015flar\u0131n birey olarak e\u015fitli\u011fi gayet a\u00e7\u0131k. O zaman e\u015fitlikten kastedilen ne, kimler aras\u0131nda sa\u011flanacak? Elbette hep sayd\u0131klar\u0131 <\/strong><strong><em>\u201cT\u00fcrk, K\u00fcrt, Arap\u2026 S\u00fcnni, Alevi\u201d <\/em><\/strong><strong>aras\u0131nda. Bireyler zaten e\u015fit oldu\u011funa g\u00f6re, demek ki gruplar\u0131n e\u015fitli\u011fine ge\u00e7ilmesi, \u00f6zel stat\u00fcl\u00fc \u00f6zerklikler getirilmesi planlan\u0131yor!..<\/strong><\/p><p><strong>Bu d\u00fc\u015f\u00fcncelerini desteklemek i\u00e7in kurduklar\u0131 bir c\u00fcmle daha:<\/strong> <strong><em>\u201cNitekim g\u00f6n\u00fcl co\u011frafyam\u0131zdaki kom\u015fular\u0131m\u0131z\u0131n ve karde\u015f halklar\u0131n y\u00fcz\u00fcn\u00fc T\u00fcrkiye\u2019ye d\u00f6nmesi; demokratik kapasitesi g\u00fc\u00e7l\u00fc, kalk\u0131nma imk\u00e2nlar\u0131 geni\u015f, tarih\u00ee ve k\u00fclt\u00fcrel ba\u011flar\u0131 derin \u00fclkemizin artan \u00e7ekim g\u00fcc\u00fcn\u00fc g\u00f6stermektedir.\u201d<\/em><\/strong><\/p><p><strong>Yeni PKK a\u00e7\u0131l\u0131m s\u00fcrecini<\/strong> kamufle edebilmek i\u00e7in \u015fuur alt\u0131na, <strong><em>\u201cT\u00fcrkiye olarak b\u00fcy\u00fcyece\u011fiz, eski co\u011frafyalarda Suriye ve Irak\u2019ta etkin konuma gelece\u011fiz. Bu \u015fekilde h\u0131zla geli\u015fip yeni Osmanl\u0131\u2019y\u0131 diriltece\u011fiz!\u201d <\/em><\/strong><strong>safsatalar\u0131n\u0131 \u015f\u0131r\u0131nga ediyorlar. Daha do\u011frusu \u0130srail\u2019e eyalet olma g\u00f6revlerini gizliyorlar.[1]<\/strong><\/p><p><strong>T\u00fcrkiye; Cumhur \u0130ttifak\u0131 kafas\u0131yla, yakla\u015fan k\u00fcresel f\u0131rt\u0131nay\u0131 atlatamazd\u0131. <\/strong><\/p><p><strong>D\u00fcnyada 12 bin 512 n\u00fckleer sava\u015f ba\u015fl\u0131\u011f\u0131 vard\u0131!..<\/strong><\/p><p><strong>Stockholm Uluslararas\u0131 Bar\u0131\u015f Ara\u015ft\u0131rmalar\u0131 Enstit\u00fcs\u00fcn\u00fcn (SIPRI) 2023 raporuna g\u00f6re, d\u00fcnyada 12 bin 512 n\u00fckleer sava\u015f ba\u015fl\u0131\u011f\u0131 bulunmaktayd\u0131.<\/strong><\/p><p><strong>Rusya, 5 bin 889 n\u00fckleer sava\u015f ba\u015fl\u0131\u011f\u0131yla, n\u00fckleer g\u00fcce sahip \u00fclkeler aras\u0131nda ilk s\u0131rada yer al\u0131rken, 5 bin 244 ba\u015fl\u0131kla ABD ve 410 n\u00fckleer ba\u015fl\u0131kla \u00c7in vard\u0131. Fransa&#8217;n\u0131n 290, \u0130ngiltere&#8217;nin 225, Pakistan&#8217;\u0131n 170, Hindistan&#8217;\u0131n 164, \u0130srail&#8217;in 90, Kuzey Kore&#8217;nin ise tahminlere g\u00f6re 30 n\u00fckleer sava\u015f ba\u015fl\u0131\u011f\u0131 haz\u0131rd\u0131.<\/strong><\/p><p><strong>ABD ve Rusya&#8217;n\u0131n; n\u00fckleer sava\u015f ba\u015fl\u0131klar\u0131n\u0131, f\u00fcze, u\u00e7ak ve denizalt\u0131 f\u0131rlatma sistemlerini ve n\u00fckleer silah \u00fcretim tesislerini yenilemek ve modernize etmek i\u00e7in kapsaml\u0131 programlara sahip oldu\u011fu saptanm\u0131\u015ft\u0131. \u00c7in&#8217;in Ocak 2022&#8217;de 350 oldu\u011fu d\u00fc\u015f\u00fcn\u00fclen n\u00fckleer sava\u015f ba\u015fl\u0131klar\u0131n\u0131n say\u0131s\u0131, Ocak 2023&#8217;te 410&#8217;a y\u00fckseldi. \u00c7in&#8217;in n\u00fckleer g\u00fcc\u00fc tam olarak bilinmezken, rapordaki de\u011ferlendirmelerin \u00f6nemli k\u0131sm\u0131 ABD Savunma Bakanl\u0131\u011f\u0131n\u0131n verilerine dayand\u0131r\u0131lm\u0131\u015ft\u0131. <\/strong><strong>ABD\u2019nin \u0130ran\u2019a sald\u0131r\u0131s\u0131n\u0131n, 3. D\u00fcnya Sava\u015f\u0131\u2019na yol a\u00e7aca\u011f\u0131ndan ku\u015fku duyulmaktayd\u0131\u2026<\/strong><\/p><p><strong>Kuzey Kom\u015fular\u0131m\u0131zda B\u00fcy\u00fck Bir Yang\u0131n Vard\u0131!<\/strong><\/p><p><strong>D\u00f6rt y\u0131ld\u0131r s\u00fcren Rusya-Ukrayna sava\u015f\u0131nda, NATO verilerine g\u00f6re Rusya\u2019n\u0131n asker ve sivil insan kayb\u0131 1 milyon 200 bine ula\u015fm\u0131\u015ft\u0131. Her iki taraf\u0131n toplam insan kayb\u0131 ise 2 milyonu a\u015fm\u0131\u015ft\u0131.<\/strong><\/p><p><strong>Her iki taraf\u0131n; binlerce tank, y\u00fczlerce u\u00e7ak ve helikopter kayb\u0131 vard\u0131. Ayr\u0131ca Rusya\u2019n\u0131n 140 bin, Ukrayna\u2019n\u0131n 150 bin \u0130HA ve S\u0130HA\u2019s\u0131 d\u00fc\u015f\u00fcr\u00fclm\u00fc\u015f durumdayd\u0131.<\/strong><\/p><p><strong>\u0130srail\u2019in dikenli telleri T\u00fcrkiye\u2019den yola \u00e7\u0131km\u0131\u015ft\u0131!<\/strong><\/p><p><strong>T\u00fcrkiye, i\u015fgalci \u0130srail\u2019e dikenli tel ihracat\u0131nda 2026 Ocak ay\u0131nda son bir y\u0131l\u0131n en y\u00fcksek seviyesine ula\u015fm\u0131\u015ft\u0131. T\u00fcrkiye \u0130statistik Kurumu\u2019nun (T\u00dc\u0130K) verilerine g\u00f6re i\u015fgalden beri T\u00fcrkiye yakla\u015f\u0131k 10 milyon TL de\u011ferinde dikenli teli i\u015fgalcilere yollam\u0131\u015ft\u0131.<\/strong><\/p><p><strong>T\u00fcrkiye\u2019nin \u0130srail\u2019e yapt\u0131\u011f\u0131 ihracatta \u00e7arp\u0131c\u0131 bir veri ortaya \u00e7\u0131km\u0131\u015ft\u0131. T\u00dc\u0130K verilerine g\u00f6re T\u00fcrkiye, 7 Ekim 2023\u2019ten beri de \u0130srail\u2019e dikenli tel ihracat\u0131 yapmaktayd\u0131. Hatta \u00f6yle ki 2024 Ocak ay\u0131 demir\/\u00e7elikten dikenli teller; \u00e7it yapmada kullan\u0131lacak t\u00fcrde \u00e7ember veya yal\u0131n kat d\u00fcz tel ihracat\u0131nda 2023 y\u0131l\u0131n\u0131n en y\u00fcksek ihracat\u0131ndan (Haziran 135 bin 567 dolar) daha fazlayd\u0131. 2024 Ocak ay\u0131nda T\u00fcrkiye\u2019nin \u0130srail\u2019e dikenli tel ihracat\u0131 196 bin 540 dolard\u0131.<\/strong><\/p><p><strong>HAMAS Bu Telleri Keserek Operasyonu Yapm\u0131\u015ft\u0131<\/strong><\/p><p><strong>7 Ekim 2023 Aksa Tufan\u0131 Operasyonu\u2019nu yapan HAMAS, i\u015fgal edilen topraklara girmek i\u00e7in i\u015fte bu dikenli telleri kesip s\u0131zm\u0131\u015ft\u0131. 2021 y\u0131l\u0131nda \u0130srail, Gazze \u015eeridi boyunca uzanan ve yer alt\u0131nda beton bir bariyer i\u00e7eren 40 mil uzunlu\u011fundaki &#8220;ak\u0131ll\u0131 \u00e7it&#8221; ad\u0131n\u0131 verdi\u011fi dikenli metal tellerin tamamland\u0131\u011f\u0131n\u0131 a\u00e7\u0131klam\u0131\u015ft\u0131. Proje, HAMAS&#8217;\u0131n 2014 sava\u015f\u0131nda \u0130srail g\u00fc\u00e7lerine sald\u0131rmak i\u00e7in yer alt\u0131 t\u00fcnellerini kullanmas\u0131n\u0131n ard\u0131ndan 2016 y\u0131l\u0131nda kamuoyuyla payla\u015f\u0131lm\u0131\u015ft\u0131. <\/strong><\/p><p><strong>\u0130\u015fte bu ger\u00e7ekler \u0131\u015f\u0131\u011f\u0131nda diyoruz ki; T\u00fcrkiye, AKP iktidar\u0131yla ve Cumhur \u0130ttifak\u0131\u2019yla bu h\u0131yanet tuzaklar\u0131ndan kurtulamazd\u0131.<\/strong><\/p>\t\t\t\t\t\t\t\t<\/div>\n\t\t\t\t<\/div>\n\t\t\t\t<div class=\"elementor-element elementor-element-d39e418 dipnot elementor-widget elementor-widget-text-editor\" data-id=\"d39e418\" data-element_type=\"widget\" data-widget_type=\"text-editor.default\">\n\t\t\t\t<div class=\"elementor-widget-container\">\n\t\t\t\t\t\t\t\t\t<ol><li>23 \u015eubat 2026 &#8211; Hakan Paksoy<\/li><\/ol>\t\t\t\t\t\t\t\t<\/div>\n\t\t\t\t<\/div>\n\t\t\t\t\t<\/div>\n\t\t<\/div>\n\t\t\t\t\t<\/div>\n\t\t<\/section>\n\t\t\t\t<\/div>\n\t\t","protected":false},"excerpt":{"rendered":"<p>Erdo\u011fan AKP\u2019sinin Hik\u00e2yesi: FETO \u0130LE YOLA \u00c7IKILDI; APO \u0130LE YERE \u00c7AKILDI!.. \u015eahsi imk\u00e2n ve iktidar u\u011fruna malum ve mel\u2019un odaklarla i\u015f birli\u011fine yana\u015fan, hatta T\u00fcrkiye\u2019yi de par\u00e7alamay\u0131 ama\u00e7layan BOP E\u015fba\u015fkanl\u0131\u011f\u0131na bile ta\u015f\u0131nan AKP\u2019nin \u201cTer\u00f6rs\u00fcz T\u00fcrkiye\u201d k\u0131l\u0131f\u0131yla ba\u015flatt\u0131\u011f\u0131 s\u00fcre\u00e7, asl\u0131nda T\u00fcrkiye \u00d6zerk K\u00fcrdistan\u0131\u2019na zemin haz\u0131rlama ve B\u00dcY\u00dcK \u0130SRA\u0130L\u2019e kap\u0131 aralama a\u015famas\u0131yd\u0131. Erbakan Hoca\u2019ya ve Milli G\u00f6r\u00fc\u015f [&hellip;]<\/p>\n","protected":false},"author":4,"featured_media":0,"comment_status":"open","ping_status":"closed","sticky":false,"template":"","format":"standard","meta":{"footnotes":""},"categories":[98],"tags":[271,308,6407,6523,7454,7455],"class_list":["post-34183","post","type-post","status-publish","format-standard","hentry","category-ozel-yazilar","tag-akp","tag-pkk","tag-hamas","tag-cumhur-ittifaki","tag-milli-dayanisma","tag-kardeslik-ve-demokrasi-komisyonu"],"_links":{"self":[{"href":"https:\/\/www.millicozum.com\/mc\/wp-json\/wp\/v2\/posts\/34183","targetHints":{"allow":["GET"]}}],"collection":[{"href":"https:\/\/www.millicozum.com\/mc\/wp-json\/wp\/v2\/posts"}],"about":[{"href":"https:\/\/www.millicozum.com\/mc\/wp-json\/wp\/v2\/types\/post"}],"author":[{"embeddable":true,"href":"https:\/\/www.millicozum.com\/mc\/wp-json\/wp\/v2\/users\/4"}],"replies":[{"embeddable":true,"href":"https:\/\/www.millicozum.com\/mc\/wp-json\/wp\/v2\/comments?post=34183"}],"version-history":[{"count":11,"href":"https:\/\/www.millicozum.com\/mc\/wp-json\/wp\/v2\/posts\/34183\/revisions"}],"predecessor-version":[{"id":34287,"href":"https:\/\/www.millicozum.com\/mc\/wp-json\/wp\/v2\/posts\/34183\/revisions\/34287"}],"wp:attachment":[{"href":"https:\/\/www.millicozum.com\/mc\/wp-json\/wp\/v2\/media?parent=34183"}],"wp:term":[{"taxonomy":"category","embeddable":true,"href":"https:\/\/www.millicozum.com\/mc\/wp-json\/wp\/v2\/categories?post=34183"},{"taxonomy":"post_tag","embeddable":true,"href":"https:\/\/www.millicozum.com\/mc\/wp-json\/wp\/v2\/tags?post=34183"}],"curies":[{"name":"wp","href":"https:\/\/api.w.org\/{rel}","templated":true}]}}