{"id":3440,"date":"2015-08-27T12:52:05","date_gmt":"2015-08-27T12:52:05","guid":{"rendered":"https:\/\/www.millicozum.com\/mc\/2015\/08\/27\/rahmetli-erbakan-ve-turkesle-ilgili-ibretlik-ruyalar-2\/"},"modified":"2015-08-27T12:52:05","modified_gmt":"2015-08-27T12:52:05","slug":"rahmetli-erbakan-ve-turkesle-ilgili-ibretlik-ruyalar-2","status":"publish","type":"post","link":"https:\/\/www.millicozum.com\/mc\/2015\/eylul-2015\/rahmetli-erbakan-ve-turkesle-ilgili-ibretlik-ruyalar\/","title":{"rendered":"RAHMETL\u0130 ERBAKAN VE T\u00dcRKE\u015e\u2019LE \u0130LG\u0130L\u0130 \u0130BRETL\u0130K R\u00dcYALAR"},"content":{"rendered":"\n<p>&nbsp;<\/p>\n<p style=\"margin-bottom: 0.0001pt; text-align: justify; text-indent: 1cm; line-height: 16pt;\"><span style=\"font-size: 14pt;\"><strong><span style=\"font-family: Arial, sans-serif;\">Nevzat TEMELTA\u015e \/ Eski\u015fehir \/ 27.07.2015<\/span><\/strong><\/span><\/p>\n<p style=\"margin-bottom: 0.0001pt; text-align: justify; text-indent: 1cm; line-height: 16pt;\"><strong><span style=\"font-size: 12pt; font-family: 'Arial','sans-serif';\">R&uuml;yamda:<\/span><\/strong><\/p>\n<p style=\"margin-bottom: 0.0001pt; text-align: justify; text-indent: 1cm; line-height: 16pt;\"><strong><span style=\"font-size: 12pt; font-family: 'Arial','sans-serif';\">Aziz Erbakan Hocam<\/span><\/strong><span style=\"font-size: 12pt; font-family: 'Arial','sans-serif';\"> ve <strong>Alparslan T&uuml;rke\u015f<\/strong>, Nil Nehrinin kenar\u0131nda abdest al\u0131p namaz k\u0131l\u0131yorlar ve her ikisi de &ccedil;ok ne\u015feli bir halde g&ouml;r&uuml;n&uuml;yorlar. Ben yanlar\u0131na yakla\u015f\u0131p kendilerine selam veriyorum. <strong>Rahmetli<\/strong> <strong>Alparslan T&uuml;rke\u015f: &#8220;Bu nehrin kayna\u011f\u0131 cennettir!&#8221;<\/strong> diyor. <strong>Erbakan Hocam<\/strong> da m&uuml;barek ba\u015flar\u0131yla <strong>Alparslan T&uuml;rke\u015f&#8217;<\/strong>in dedi\u011fini tasdik ediyorlar. Ben<strong>: <em>&#8220;Muhterem Hocam, resminizi &ccedil;ekip alt\u0131na da &#8216;O, karanl\u0131\u011f\u0131 delen y\u0131ld\u0131zd\u0131r!&#8217; (Tar\u0131k S&uuml;resi: 3) ayetini yazd\u0131r\u0131p tablo haline getirsem ve Ahmet AKG&Uuml;L Hocama g&ouml;ndersem m&uuml;saade eder misiniz?&#8221;<\/em><\/strong> diye soruyorum. <strong>Erbakan Hocam: <em>&#8220;&Ouml;yle bir \u015fey yapman\u0131za gerek yok, ben peygamber de\u011fil, bir kulum. &Ouml;yle yaparsan\u0131z \u015firk olabilir. Ayr\u0131ca namaz k\u0131l\u0131nan hi&ccedil; bir yere resim asmay\u0131n karde\u015fim. Bizimle \u015fu anda g&ouml;r&uuml;\u015ft&uuml;klerinin hepsi ger&ccedil;ektir. Alparslan&#8217;la biz Elhamd&uuml;lillah &ccedil;ok rahat\u0131z. \u0130kimiz de nak\u015fi idik. Ahmet Akg&uuml;l karde\u015fime de benden &ccedil;ok selam s&ouml;yle!&#8221;<\/em><\/strong> deyince <strong>Alparslan T&uuml;rke\u015f<em>: &ldquo;Ma\u015fallah, Ahmet Akg&uuml;l &ccedil;ok iyi cihat ediyor fakat &ouml;n&uuml;nde bir merhale daha var Hocam, onu da a\u015facak ve Allah&#8217;\u0131n izniyle zafere ula\u015f\u0131lacak, &ouml;yle de\u011fil mi?&#8221;<\/em><\/strong> diye sorunca <strong>Erbakan Hocam da: &#8220;Evet, o merhaleyi de a\u015far a\u015fmaz zafer onundur Allah&#8217;\u0131n izniyle, kalemi keskin olsun in\u015fallah!&#8221;<\/strong> deyip dua ediyorlar ve <strong>&#8220;Biz burada rahat\u0131z, hizmet&ccedil;ilerimiz falan var. Elhamd&uuml;lillah biz &uuml;mmetin ve &uuml;lkemizin vebalini almad\u0131k ve ne yapt\u0131ysak Allah r\u0131zas\u0131 i&ccedil;in yapt\u0131k!&#8221;<\/strong> buyuruyorlar. O arada uyand\u0131m.<\/span><\/p>\n<p style=\"margin-bottom: 0.0001pt; text-align: justify; text-indent: 1cm; line-height: 16pt;\"><span style=\"font-size: 14pt;\"><strong><span style=\"font-family: Arial, sans-serif;\">Te&rsquo;vili:<\/span><\/strong><\/span><\/p>\n<p style=\"margin-bottom: 0.0001pt; text-align: justify; text-indent: 1cm; line-height: 16pt;\"><strong><span style=\"font-size: 12pt; font-family: 'Arial','sans-serif';\">Erbakan Hocam\u0131zla Rahmetli T&uuml;rke\u015f&rsquo;in Nil Nehrinde abdest almalar\u0131; hem onlar\u0131n ahiretteki huzurlar\u0131na, hem de <em>&ldquo;Nil&rsquo;den F\u0131rat&rsquo;a, b&uuml;y&uuml;k \u0130srail&rsquo;i Kurma&rdquo;<\/em> hayalini ta\u015f\u0131yan Siyonist odaklar\u0131n bu \u015feytani ama&ccedil;lar\u0131na ula\u015famayacaklar\u0131na ve onlar\u0131n planlar\u0131n\u0131 bozacak b&uuml;y&uuml;k bir de\u011fi\u015fimin &ccedil;ok yak\u0131nda ya\u015fanaca\u011f\u0131na; M&uuml;min ve metin Milli G&ouml;r&uuml;\u015f&ccedil;&uuml; &ndash; Milli &Ccedil;&ouml;z&uuml;mc&uuml;lerle, M&uuml;min ve &ccedil;etin &uuml;lk&uuml;c&uuml;lerin gayret ve deste\u011fi ile Kutlu devrim ve de\u011fi\u015fimin yakla\u015ft\u0131\u011f\u0131na i\u015farettir. <\/span><\/strong><\/p>\n<p style=\"margin-bottom: 0.0001pt; text-align: justify; text-indent: 1cm; line-height: 16pt;\"><strong><span style=\"font-size: 12pt; font-family: 'Arial','sans-serif';\">Erbakan Hocam\u0131z, Mehdiyet ink\u0131l&acirc;b\u0131n\u0131n mimar\u0131, Hakikat davas\u0131n\u0131n devam\u0131, Hz. Peygamber Efendimizin varisi makam\u0131nda se&ccedil;kin bir \u015fahsiyettir, ama elbette &ldquo;kulluk&rdquo; mertebesindedir. Aleyhisselat&uuml; Vesselam Efendimiz son peygamberdir. Ul&ucirc;hiyetten uzakl\u0131k noktas\u0131nda bir peygamberle bir &ccedil;ekirge e\u015fittir. Ama tecelli ve tezah&uuml;r dereceleri elbette &ccedil;e\u015fitlidir. Herhangi bir al&uuml;minyum atomuyla bir fantom u&ccedil;a\u011f\u0131 herhalde bir de\u011fildir. Yaratt\u0131klar\u0131 aras\u0131ndaki de\u011fer ve derece fark\u0131n\u0131 belirleyen Y&uuml;ce Rabbimizdir. \u0130\u015fte Hazreti Peygamber Efendimiz, \u0130lahi tecelli ve tezah&uuml;r&uuml;n en son timsali ve zirvesidir. (SAV.) Velhas\u0131l b&ouml;ylesi muhterem ve m&uuml;stesna \u015fahsiyetleri sevmek ve sahiplenmek, iman\u0131n ve vicdanl\u0131 insan olman\u0131n gere\u011fi ve g&ouml;stergesidir. Ama dikkat! Bu muhabbet asla ubudiyyet&rsquo;e d&ouml;n&uuml;\u015fmemelidir, &ccedil;&uuml;nk&uuml; bu \u015firktir. <\/span><\/strong><\/p>\n<p style=\"margin-bottom: 0.0001pt; text-align: justify; text-indent: 1cm; line-height: 16pt;\"><strong><span style=\"font-size: 12pt; font-family: 'Arial','sans-serif';\">Her iki \u015fahsiyet taraf\u0131ndan, Milli &Ccedil;&ouml;z&uuml;m&uuml;n hizmet g&ouml;revlisine, tebrik, selam ve m&uuml;jde g&ouml;nderilmesi, hakl\u0131 ve hay\u0131rl\u0131 &ccedil;izgimizdeki gayretlere bir te\u015fvik ve manevi takviyedir. B&ouml;b&uuml;rlenip havalara girmek ve kendinde bir \u015feyler vehmedip kibirlenmek yerine, Rabbimize \u015f&uuml;kretmek ve aya\u011f\u0131m\u0131z\u0131 kayd\u0131rmay\u0131p hidayet ve istikamet buyurmas\u0131 i&ccedil;in devaml\u0131 duaya y&ouml;nelmek gerekir. <\/span><\/strong><\/p>\n<p style=\"margin-bottom: 0.0001pt; text-align: justify; text-indent: 1cm; line-height: 16pt;\"><strong><span style=\"font-size: 12pt; font-family: 'Arial','sans-serif';\">Bu r&uuml;ya ayn\u0131 zamanda Milli duyarl\u0131l\u0131klar\u0131 y&uuml;ksek, cesur ve onurlu &uuml;lk&uuml;c&uuml;lerle, sa\u011flam, \u015fuurlu ve huzurlu Milli G&ouml;r&uuml;\u015f&ccedil;&uuml;lerin ve Milli &Ccedil;&ouml;z&uuml;m ekibinin biri birlerini daha iyi anlama, ortak Milli ve Manevi de\u011ferler etraf\u0131nda fikren ve kalben halkalanma, iman ve vatan d&uuml;\u015fmanlar\u0131na kar\u015f\u0131 birlikte ak\u0131lc\u0131 ve cayd\u0131r\u0131c\u0131 tav\u0131r alma noktas\u0131nda sorumlu ve uyumlu hareket etmelerini de ikaz ve i\u015faret etmektedir.<\/span><\/strong><\/p>\n<p style=\"margin-bottom: 0.0001pt; text-align: justify; text-indent: 1cm; line-height: 16pt;\"><strong><span style=\"font-size: 12pt; font-family: 'Arial','sans-serif';\">En do\u011frusunu Allah bilir.<\/span><\/strong><\/p>\n<p style=\"margin-bottom: 0.0001pt; text-align: justify; text-indent: 1cm; line-height: 16pt;\">&nbsp;<\/p>\n<p style=\"margin-bottom: 0.0001pt; text-align: justify; text-indent: 1cm; line-height: 16pt;\"><strong><span style=\"font-size: 12pt; font-family: 'Arial','sans-serif';\"> <\/span><\/strong><\/p>\n<p style=\"margin-bottom: 0.0001pt; text-align: justify; text-indent: 1cm; line-height: 16pt;\"><span style=\"font-size: 14pt;\"><strong><span style=\"font-family: Arial, sans-serif;\">Nevzat G&Uuml;ND&Uuml;Z \/ Gebze \/ 21.07.2015<\/span><\/strong><\/span><\/p>\n<p style=\"margin-bottom: 0.0001pt; text-align: justify; text-indent: 1cm; line-height: 16pt;\"><strong><span style=\"font-size: 12pt; font-family: 'Arial','sans-serif';\">R&uuml;yamda:<\/span><\/strong><\/p>\n<p style=\"margin-bottom: 0.0001pt; text-align: justify; text-indent: 1cm; line-height: 16pt;\"><span style=\"font-size: 12pt; font-family: 'Arial','sans-serif';\">Bir toplant\u0131 &ccedil;\u0131k\u0131\u015f\u0131nda Sn. Devlet BAH&Ccedil;EL\u0130 ile kar\u015f\u0131la\u015f\u0131yoruz. Kendimizi tan\u0131tmak i&ccedil;in s&ouml;ze ba\u015flay\u0131nca o bizleri tan\u0131d\u0131\u011f\u0131n\u0131 ve Milli &Ccedil;&ouml;z&uuml;m yazar\u0131 oldu\u011fumuzu s&ouml;yl&uuml;yor. Ve <strong>Ahmet Akg&uuml;l Hocam\u0131z\u0131<\/strong> soruyor. <strong><em>&ldquo;Uzun zamand\u0131r kendisinin hal ve hat\u0131r\u0131n\u0131 soramad\u0131m, herhangi bir ihtiyac\u0131 var m\u0131? Yard\u0131mc\u0131 olmaktan \u015feref duyar\u0131z!&rdquo;<\/em><\/strong> deyince ben:<strong> &ldquo;Hay\u0131r, Hocam\u0131z &ccedil;ok iyiler, te\u015fekk&uuml;r ederiz!&rdquo;<\/strong> diyorum. Kendisi:<strong> &ldquo;Bir ara m&uuml;sait olurlarsa Ahmet Hocam\u0131zla g&ouml;r&uuml;\u015felim!&rdquo;<\/strong> diyorlar ve beraberce bir ofise &ccedil;\u0131k\u0131yoruz. Sn. Devlet BAH&Ccedil;EL\u0130 bir koltu\u011fa oturuyor, eline bir kitap al\u0131p onun i&ccedil;inden &ouml;nemli g&ouml;rd&uuml;\u011f&uuml; yerleri k\u0131sa k\u0131sa &ouml;zet halinde okumaya ba\u015fl\u0131yor. O s\u0131rada yan\u0131mda A.&Ccedil;. karde\u015fimiz ve M.T.&rsquo;nin orta\u011f\u0131 H.K. oturuyor. Devlet Bah&ccedil;eli&rsquo;yi dikkatli dinlememiz gerekti\u011fi i&ccedil;in, sayg\u0131da kusur etmememiz laz\u0131m diye i&ccedil;imden ge&ccedil;iriyorum fakat A.&Ccedil;. karde\u015fimiz:<strong><em> &ldquo;Devlet Bey&rsquo;in elindeki kitab\u0131n yazar\u0131n\u0131n Adil D&uuml;zeni &ccedil;ok iyi anlad\u0131\u011f\u0131n\u0131 ve MHP Te\u015fkilatlar\u0131n\u0131n ba\u015f\u0131na e\u011fitimci yap\u0131lsa &ccedil;ok iyi olaca\u011f\u0131n\u0131&rdquo;<\/em><\/strong> f\u0131s\u0131ld\u0131yor. Ben sessiz olsunlar diye u\u011fra\u015f\u0131yorum, biraz sonra A.&Ccedil;. karde\u015fimiz elinde tuttu\u011fu <strong>Adil D&uuml;zen<\/strong> kitab\u0131n\u0131 <strong>&ldquo;Bunu hemen Devlet Bey&rsquo;e verelim!&rdquo;<\/strong> deyince ben<strong> A.&Ccedil;. karde\u015fime: &ldquo;Devlet Bey&rsquo;de o kitaptan var. Zaten konu\u015fmas\u0131 da hen&uuml;z bitmedi, bekle s&ouml;z&uuml;n&uuml; bitirsin takdim ederiz. B&ouml;yle aceleci ve m&uuml;dahaleci davran\u0131rsan, seni bir daha b&ouml;yle g&ouml;r&uuml;\u015fmelere getirmem!&rdquo;<\/strong> diye susmas\u0131 i&ccedil;in ikaz ediyorum. H.K.&rsquo;nin ayak ayak&uuml;st&uuml;ne atm\u0131\u015f oldu\u011funu g&ouml;r&uuml;nce:<strong> &ldquo;Ay\u0131pt\u0131r, indir aya\u011f\u0131n\u0131, edepli otur!&rdquo;<\/strong> diye uyar\u0131yorum. Bu arada Devlet Bey&rsquo;in elindeki kitab\u0131n arka sayfas\u0131nda kitab\u0131 yazan \u015fahs\u0131n foto\u011fraf\u0131n\u0131 g&ouml;r&uuml;yorum, ama ismini &ccedil;\u0131karam\u0131yorum. Birden ayn\u0131 r&uuml;yadaki sahne de\u011fi\u015fiyor. <\/span><\/p>\n<p style=\"margin-bottom: 0.0001pt; text-align: justify; text-indent: 1cm; line-height: 16pt;\"><span style=\"font-size: 12pt; font-family: 'Arial','sans-serif';\">Sonras\u0131nda <strong>Ahmet Akg&uuml;l Hocam\u0131zla<\/strong> birlikte Gebze&rsquo;de bir toplant\u0131ya kat\u0131lmak i&ccedil;in giderken Sn. Devlet Bah&ccedil;eli ile yapt\u0131\u011f\u0131m\u0131z g&ouml;r&uuml;\u015fmeyi kendilerine anlat\u0131yorum ve <strong><em>&ldquo;Devlet Bey sizinle g&ouml;r&uuml;\u015fmek istiyor&rdquo;<\/em><\/strong> diyorum. <strong>Ahmet Hocam\u0131z da: &ldquo;G&ouml;r&uuml;\u015f&uuml;r&uuml;z in\u015fallah!&rdquo;<\/strong> yan\u0131t\u0131n\u0131 veriyor. &Ccedil;ok ge&ccedil;meden telefonum &ccedil;al\u0131yor, a&ccedil;\u0131nca Sn. Devlet Bah&ccedil;eli oldu\u011funu fark ediyorum. Bana: <strong>&ldquo;E\u011fer Hocam\u0131z da m&uuml;saitlerse Gebze&rsquo;de &lsquo;Kebap Diyar\u0131&rsquo; lokantas\u0131nda g&ouml;r&uuml;\u015felim!&rdquo;<\/strong> diyor. Ben ise <strong>Ahmet Hocam\u0131zla<\/strong> g&ouml;r&uuml;\u015f&uuml;p kendisine d&ouml;nece\u011fimi s&ouml;yl&uuml;yorum ve <strong>Ahmet Hocam\u0131za<\/strong> durumu iletiyorum. Hocam\u0131z bana: <strong><em>&ldquo;Elbette, hemen gidelim!&rdquo;<\/em><\/strong> buyuruyor. Derken m&uuml;nasip ve m&uuml;sait bir lokantada <strong>Ahmet Akg&uuml;l Hocam\u0131zla<\/strong> Sn. Devlet Bah&ccedil;eli kar\u015f\u0131l\u0131kl\u0131 oturdular. Konu\u015fmaya Sn. Devlet Bah&ccedil;eli ba\u015flad\u0131lar ve <strong>Ahmet Hocam\u0131za<em>: &ldquo;Zati &acirc;liniz Aytun&ccedil; Alt\u0131ndal ile konferanslara gidiyorsunuz ama o \u015fah\u0131s bizden de\u011fil, ancak onunla birlikte &ouml;len biri vard\u0131 ya i\u015fte o iyi bir M&uuml;sl&uuml;mand\u0131!&rdquo; <\/em><\/strong>deyince <strong><em>Ahmet Hocam\u0131z: &ldquo;Ben Aytun&ccedil; Bey&rsquo;i tan\u0131yorum, o bizim oradaki Elaziz ekibinden&rdquo;<\/em><\/strong> diyor. &Ccedil;ok daha &ouml;nemli bilgileri <strong>Ahmet Hocam\u0131z<\/strong> kendilerine anlat\u0131nca Devlet Bah&ccedil;eli hayretle ve h&uuml;rmetle dinliyor. Yine Sn. Bah&ccedil;eli s&ouml;z&uuml; TSK&rsquo;ya getirip: <strong><em>&ldquo;Bizim d&ouml;nemimizde ordu daha iyi idi. (Kendisi de &ouml;nceleri orduda generalmi\u015f) \u015eimdi baz\u0131 s\u0131k\u0131nt\u0131lar var.&rdquo;<\/em><\/strong> deyince <strong>Ahmet Hocam\u0131z<\/strong> ordunun &ouml;zel durumunu, stratejik konumunu, &uuml;rkek ve gev\u015fek de\u011fil ama sab\u0131rl\u0131 ve ak\u0131lc\u0131 tutumunu bir iki c&uuml;mle ile anlat\u0131nca Devlet Bey dikkatlice dinliyor ve seviniyor. O esnada ben de: &ldquo;Se&ccedil;imden &ouml;nce <strong>Ahmet Hocam\u0131zla<\/strong> &ouml;zel bir konu g&ouml;r&uuml;\u015f&uuml;lm&uuml;\u015f idi&rdquo; diye d&uuml;\u015f&uuml;n&uuml;yorum ve &ldquo;o mevzudan Devlet Bey&rsquo;in haberi varm\u0131\u015f&rdquo; diye i&ccedil;imden ge&ccedil;iriyorum. Bu arada Devlet Bah&ccedil;eli Bey&rsquo;e bir telefon gelince g&ouml;r&uuml;\u015fmek i&ccedil;in d\u0131\u015far\u0131 &ccedil;\u0131k\u0131yorlar ve b&ouml;ylece uyan\u0131yorum.<\/span><\/p>\n<p style=\"margin-bottom: 0.0001pt; text-align: justify; text-indent: 1cm; line-height: 16pt;\"><strong><span style=\"font-size: 12pt; font-family: 'Arial','sans-serif';\">Bu arada Sn. Bah&ccedil;eli iki ki\u015fiden bahsediyor. &ldquo;Biri ne ise de di\u011ferine g&uuml;venilmez&rdquo; diye uyar\u0131yor. <\/span><\/strong><\/p>\n<p style=\"margin-bottom: 0.0001pt; text-align: justify; text-indent: 1cm; line-height: 16pt;\"><span style=\"font-size: 14pt;\"><strong><span style=\"font-family: Arial, sans-serif;\">Te&rsquo;vili:<\/span><\/strong><\/span><\/p>\n<p style=\"margin-bottom: 0.0001pt; text-align: justify; text-indent: 1cm; line-height: 16pt;\"><strong><span style=\"font-size: 12pt; font-family: 'Arial','sans-serif';\"> a) Say\u0131n Devlet Bah&ccedil;eli&rsquo;nin, Milli &Ccedil;izgide ve y&uuml;ksek bir duyarl\u0131l\u0131k halinde oldu\u011funa, ayr\u0131ca Milli &Ccedil;&ouml;z&uuml;m &ouml;nerilerine yatk\u0131nl\u0131\u011f\u0131na&hellip;<\/span><\/strong><\/p>\n<p style=\"margin-bottom: 0.0001pt; text-align: justify; text-indent: 1cm; line-height: 16pt;\"><strong><span style=\"font-size: 12pt; font-family: 'Arial','sans-serif';\">b) &Uuml;lkenin birli\u011fi ve Milletin dirli\u011fi hat\u0131r\u0131na, sorunlar\u0131m\u0131z\u0131n ortak sorumluluk bilinciyle a\u015f\u0131lmas\u0131 l&uuml;zumuna i\u015farettir.<\/span><\/strong><\/p>\n<p style=\"margin-bottom: 0.0001pt; text-align: justify; text-indent: 1cm; line-height: 16pt;\"><strong><span style=\"font-size: 12pt; font-family: 'Arial','sans-serif';\">c) B&ouml;ylesi &ouml;nemli \u015fahsiyetlerin yan\u0131nda edep ve h&uuml;rmet &ouml;l&ccedil;&uuml;lerine dikkatli davranma gere\u011fi &ouml;\u011fretilmektedir.<\/span><\/strong><\/p>\n<p style=\"margin-bottom: 0.0001pt; text-align: justify; text-indent: 1cm; line-height: 16pt;\"><strong><span style=\"font-size: 12pt; font-family: 'Arial','sans-serif';\">d) Milli &Ccedil;&ouml;z&uuml;m Dergisindeki yaz\u0131lar\u0131m\u0131z\u0131 ve ba\u015fta &ldquo;Adil D&uuml;zen&rdquo; olmak &uuml;zere di\u011fer Kitaplar\u0131m\u0131z\u0131n &ccedil;ok hay\u0131rl\u0131, yararl\u0131 ve yakla\u015ft\u0131r\u0131c\u0131 bir rol oynad\u0131\u011f\u0131na dikkat &ccedil;eken bir m&uuml;jdedir. <\/span><\/strong><\/p>\n<p style=\"margin-bottom: 0.0001pt; text-align: justify; text-indent: 1cm; line-height: 16pt;\"><strong><span style=\"font-size: 12pt; font-family: 'Arial','sans-serif';\">e) Sa\u011flam &Uuml;lk&uuml;c&uuml;lerle, sad\u0131k Milli G&ouml;r&uuml;\u015f&ccedil;&uuml;lerin ortak fikri gayretleriyle &ouml;nemli mesafeler al\u0131n\u0131p bu zor merhalenin a\u015f\u0131laca\u011f\u0131na da bir alamettir.<\/span><\/strong><\/p>\n<p style=\"margin-bottom: 0.0001pt; text-align: justify; text-indent: 1cm; line-height: 16pt;\"><strong><span style=\"font-size: 12pt; font-family: 'Arial','sans-serif';\">En do\u011frusun Allah bilir.<\/span><\/strong><\/p>\n<p style=\"margin-bottom: 0.0001pt; text-align: justify; text-indent: 1cm; line-height: 16pt;\">&nbsp;<\/p>\n<p style=\"margin-bottom: 0.0001pt; text-align: justify; text-indent: 1cm; line-height: 16pt;\"><strong><span style=\"font-size: 12pt; font-family: 'Arial','sans-serif';\"> <\/span><\/strong><\/p>\n<p style=\"margin-bottom: 0.0001pt; text-align: justify; text-indent: 1cm; line-height: 16pt;\"><span style=\"font-size: 14pt;\"><strong><span style=\"font-family: Arial, sans-serif;\">Tuba TA\u015eKIN \/ Elaz\u0131\u011f \/ 23.07.2015<\/span><\/strong><\/span><\/p>\n<p style=\"margin-bottom: 0.0001pt; text-align: justify; text-indent: 1cm; line-height: 16pt;\"><strong><span style=\"font-size: 12pt; font-family: 'Arial','sans-serif';\">R&uuml;yamda:<\/span><\/strong><\/p>\n<p style=\"margin-bottom: 0.0001pt; text-align: justify; text-indent: 1cm; line-height: 16pt;\"><strong><span style=\"font-size: 12pt; font-family: 'Arial','sans-serif';\">Yoku\u015f bir yoldan, a\u015fa\u011f\u0131ya do\u011fru kalabal\u0131k bir toplulukla y&uuml;r&uuml;yorum. Y&uuml;r&uuml;yen insanlar i&ccedil;inde &ccedil;o\u011funluk uzun boylu, c&uuml;bbeli, sar\u0131kl\u0131 insanlar var ve duru\u015flar\u0131 beni &ccedil;ok &uuml;rk&uuml;t&uuml;yor. Y&uuml;r&uuml;d&uuml;\u011f&uuml;m&uuml;z yolun sonunda Mekke \u015fehri kar\u015f\u0131m\u0131za &ccedil;\u0131k\u0131yor. Mekke sular alt\u0131nda kalm\u0131\u015f oluyor ama biz y&uuml;r&uuml;d&uuml;k&ccedil;e sular &ccedil;ekiliyor ve \u015fehir a&ccedil;\u0131\u011fa &ccedil;\u0131k\u0131yor. Su alt\u0131ndan &ccedil;\u0131kan insanlar\u0131n bir k\u0131sm\u0131 koyun, deve, s\u0131\u011f\u0131r gibi hayvanlar\u0131 kurban ediyorlar. Bir k\u0131sm\u0131 da insanlar\u0131 kurban etmeye haz\u0131rlan\u0131yorlar. Kurban edilecek insanlar da kurban edilmeyi hevesle bekliyorlar, b\u0131&ccedil;aktan ve kesilmekten hi&ccedil; korkmuyorlar. Bir tarafta da babam\u0131 (Ahmet Akg&uuml;l Hocam\u0131z\u0131) yan\u0131nda bir koyun ile haz\u0131r beklerken g&ouml;r&uuml;yorum. Babama: &ldquo;Baba, acaba bu koyun kurban olaca\u011f\u0131n\u0131 bilse senin yan\u0131nda durur muydu?&rdquo; diye soruyorum. Babam da<em>: &ldquo;E\u011fer durmazsa ben de kendimi kurban ederim&rdquo;<\/em> deyip keskin b\u0131&ccedil;a\u011f\u0131 boynuna day\u0131yor. Ben de &ccedil;ok &uuml;z&uuml;l&uuml;p a\u011flamaya ba\u015fl\u0131yorum. Babam da bana<em>: &ldquo;K\u0131z\u0131m &uuml;z&uuml;lme, sevin; &ccedil;&uuml;nk&uuml; Allah yoluna kurban olmak can ac\u0131tmaz!&rdquo;<\/em> deyip beni teselli ediyor ve uyan\u0131yorum. <\/span><\/strong><\/p>\n<p style=\"margin-bottom: 0.0001pt; text-align: justify; text-indent: 1cm; line-height: 16pt;\"><strong><span style=\"font-size: 12pt; font-family: 'Arial','sans-serif';\"><span style=\"font-size: 14pt;\">Te&rsquo;vili:<\/span> Sular alt\u0131nda kalan Mekke&rsquo;nin sel bask\u0131n\u0131ndan kurtulmas\u0131, Siyonist sistemin y\u0131k\u0131l\u0131\u015f\u0131na ve Adil D&uuml;zenin ortaya &ccedil;\u0131k\u0131\u015f\u0131na alamettir. Allah i&ccedil;in kurban olmay\u0131 istemek ise, in\u015fallah sonunda \u015fehit edilece\u011fine i\u015farettir. En do\u011frusunu Allah bilir.<\/span><\/strong><\/p>\n<p style=\"margin-bottom: 0.0001pt; text-align: justify; text-indent: 1cm; line-height: 16pt;\">&nbsp;<\/p>\n<p style=\"margin-bottom: 0.0001pt; text-align: justify; text-indent: 1cm; line-height: 16pt;\"><span style=\"font-size: 14pt;\"><strong><span style=\"font-family: Arial, sans-serif;\">Tuba TA\u015eKIN \/ Elaz\u0131\u011f \/ 07.07.2015<\/span><\/strong><\/span><\/p>\n<p style=\"margin-bottom: 0.0001pt; text-align: justify; text-indent: 1cm; line-height: 16pt;\"><strong><span style=\"font-size: 12pt; font-family: 'Arial','sans-serif';\">R&uuml;yamda:<\/span><\/strong><\/p>\n<p style=\"margin-bottom: 0.0001pt; text-align: justify; text-indent: 1cm; line-height: 16pt;\"><strong><span style=\"font-size: 12pt; font-family: 'Arial','sans-serif';\">K&acirc;be&rsquo;de oluyoruz. Yan\u0131mda e\u015fim ve &ccedil;ocuklar\u0131mla tavaf yap\u0131yoruz. Tavaf yaparken &ldquo;Ya Rabbim, Sen yine mi nasip ettin&rdquo; diyerek a\u011fl\u0131yorum. Tavaf ederken tan\u0131d\u0131k simalar g&ouml;r&uuml;yorum (Haf\u0131z Cuma&rsquo;n\u0131n k\u0131zlar\u0131). Daha sonra yengem Vildan yan\u0131ma geliyor ve bana: &ldquo;Benim foto\u011fraf\u0131m\u0131 &ccedil;eker misin? \u0130lk geldi\u011fimde &ccedil;ok mutlu olamad\u0131m, ama \u015fimdi &ccedil;ok mutluyum&rdquo; diyor. K&acirc;be&rsquo;nin bir taraf\u0131nda babam\u0131 arkas\u0131nda kalabal\u0131k olmayan bir cemaate namaz k\u0131ld\u0131r\u0131rken g&ouml;r&uuml;yorum. <\/span><\/strong><\/p>\n<p style=\"margin-bottom: 0.0001pt; text-align: justify; text-indent: 1cm; line-height: 16pt;\"><strong><span style=\"font-size: 12pt; font-family: 'Arial','sans-serif';\">Tavaf ederken yan\u0131ma (Genelev k\u0131l\u0131kl\u0131 k\u0131zlarla c\u0131v\u0131kla\u015fan ve Siyonist \u0130srail&rsquo;i aklamaya &ccedil;al\u0131\u015fan) A.O. geliyor. Bana k&ouml;t&uuml; bir niyetle yakla\u015f\u0131p: &ldquo;Y&uuml;z&uuml;n dikkatimi &ccedil;ekti, demek sen Ahmet Hocan\u0131n k\u0131z\u0131s\u0131n&rdquo; diyor. Tedirgin halde babam\u0131n yan\u0131na gidip bu olay\u0131 anlat\u0131yorum. Babam &ccedil;ok sinirleniyor. O s\u0131rada A.O. K&acirc;be&rsquo;nin tam kar\u015f\u0131s\u0131nda y&uuml;ksek bir taht &uuml;zerinde gururla oturuyor ve kendisini Beytullah&rsquo;tan &uuml;st&uuml;n zannediyor. Babam hemen oraya &ccedil;\u0131k\u0131p A.O.&rsquo;yu d&ouml;vmeye ba\u015fl\u0131yor. O&rsquo;nun boyu &ccedil;ok uzun g&ouml;r&uuml;n&uuml;yor. Bu s\u0131rada K&acirc;be&rsquo;de olan her &uuml;lkeden insanlar babam i&ccedil;in: &ldquo;Bu adam\u0131n yapt\u0131\u011f\u0131, Peygamber&rsquo;in cahiliye devrinde K&acirc;be&rsquo;deki putlar\u0131 k\u0131rmas\u0131 gibidir!&rdquo; diyerek A.O.&rsquo;yu pataklay\u0131p, lin&ccedil; ediyorlar. Bu s\u0131rada ben i&ccedil;imden: &ldquo;Ahir zamanda sahte Mehdileri &ouml;ld&uuml;recek ki\u015fi babamm\u0131\u015f&rdquo; diye seviniyorum. Daha sonra, bayram namaz\u0131ndaki gibi tekbirler getiriliyor. Bayram Namaz\u0131na niyet edip namaz k\u0131l\u0131yoruz ve o heyecanla uyan\u0131yorum. <\/span><\/strong><\/p>\n<p style=\"margin-bottom: 0.0001pt; text-align: justify; text-indent: 1cm; line-height: 16pt;\"><span style=\"font-size: 14pt;\"><strong><span style=\"font-family: Arial, sans-serif;\">Te&rsquo;vili:<\/span><\/strong><\/span><span style=\"font-size: 12pt; font-family: 'Arial','sans-serif';\"> <strong>K&acirc;be&rsquo;de Bayram namaz\u0131n\u0131 k\u0131ld\u0131rmak ve hutbe okutmak devlet ba\u015fkanl\u0131\u011f\u0131na ve b&uuml;y&uuml;k bir devrim haz\u0131rl\u0131\u011f\u0131na i\u015farettir. Bu r&uuml;ya &ccedil;ok &ouml;nemli ve b&uuml;t&uuml;n &uuml;mmeti ilgilendiren b&uuml;y&uuml;k devlet g&ouml;revlerine getirilmeye de alamettir. (A.O. gibi) fas\u0131k, m&uuml;naf\u0131k ve bidat&ccedil;\u0131 \u015fah\u0131slar\u0131n \u0130slam S&uuml;fyan\u0131n\u0131n yard\u0131mc\u0131lar\u0131 olduklar\u0131na ve kendilerini Beytullah&rsquo;\u0131n \u015fahs\u0131 manevisinden bile &uuml;st&uuml;n tutacak kadar sap\u0131tt\u0131klar\u0131na dikkat &ccedil;ekilmekte, bu t&uuml;r tahrip&ccedil;ilerin Milli &Ccedil;&ouml;z&uuml;m eliyle hadlerinin bildirildi\u011fi ve bildirilece\u011fi de m&uuml;jdelenmektedir. Zaten haccetmek izzet, devlet ve kudrete eri\u015filece\u011fine i\u015farettir. As\u0131l &ouml;nemli olan y&uuml;ksek devlet g&ouml;revlerine gelmek de\u011fil, Kur&rsquo;ani ger&ccedil;ekleri tebli\u011f etmek ve ilmi&ndash;siyasi cihad\u0131m\u0131z\u0131 s&uuml;rd&uuml;rmek suretiyle, bu kutlu neticeler h&acirc;s\u0131l olmu\u015f gibi sevap elde etmek ve Rabbimizin r\u0131zas\u0131na eri\u015fmektir. En do\u011frusunu elbette Allah bilir.<\/strong> <\/span><\/p>\n<p style=\"margin-bottom: 0.0001pt; text-align: justify; text-indent: 1cm; line-height: 16pt;\">&nbsp;<\/p>\n","protected":false},"excerpt":{"rendered":"<p>&nbsp; Nevzat TEMELTA\u015e \/ Eski\u015fehir \/ 27.07.2015 R&uuml;yamda: Aziz Erbakan Hocam ve Alparslan T&uuml;rke\u015f, Nil Nehrinin kenar\u0131nda abdest al\u0131p namaz k\u0131l\u0131yorlar ve her ikisi de &ccedil;ok ne\u015feli bir halde g&ouml;r&uuml;n&uuml;yorlar. Ben yanlar\u0131na yakla\u015f\u0131p kendilerine selam veriyorum. Rahmetli Alparslan T&uuml;rke\u015f: &#8220;Bu nehrin kayna\u011f\u0131 cennettir!&#8221; diyor. Erbakan Hocam da m&uuml;barek ba\u015flar\u0131yla Alparslan T&uuml;rke\u015f&#8217;in dedi\u011fini tasdik ediyorlar. Ben: [&hellip;]<\/p>\n","protected":false},"author":19,"featured_media":0,"comment_status":"open","ping_status":"closed","sticky":false,"template":"","format":"standard","meta":{"footnotes":""},"categories":[180],"tags":[],"class_list":["post-3440","post","type-post","status-publish","format-standard","hentry","category-eylul-2015"],"_links":{"self":[{"href":"https:\/\/www.millicozum.com\/mc\/wp-json\/wp\/v2\/posts\/3440","targetHints":{"allow":["GET"]}}],"collection":[{"href":"https:\/\/www.millicozum.com\/mc\/wp-json\/wp\/v2\/posts"}],"about":[{"href":"https:\/\/www.millicozum.com\/mc\/wp-json\/wp\/v2\/types\/post"}],"author":[{"embeddable":true,"href":"https:\/\/www.millicozum.com\/mc\/wp-json\/wp\/v2\/users\/19"}],"replies":[{"embeddable":true,"href":"https:\/\/www.millicozum.com\/mc\/wp-json\/wp\/v2\/comments?post=3440"}],"version-history":[{"count":0,"href":"https:\/\/www.millicozum.com\/mc\/wp-json\/wp\/v2\/posts\/3440\/revisions"}],"wp:attachment":[{"href":"https:\/\/www.millicozum.com\/mc\/wp-json\/wp\/v2\/media?parent=3440"}],"wp:term":[{"taxonomy":"category","embeddable":true,"href":"https:\/\/www.millicozum.com\/mc\/wp-json\/wp\/v2\/categories?post=3440"},{"taxonomy":"post_tag","embeddable":true,"href":"https:\/\/www.millicozum.com\/mc\/wp-json\/wp\/v2\/tags?post=3440"}],"curies":[{"name":"wp","href":"https:\/\/api.w.org\/{rel}","templated":true}]}}