{"id":34506,"date":"2026-04-26T20:54:52","date_gmt":"2026-04-26T17:54:52","guid":{"rendered":"https:\/\/www.millicozum.com\/mc\/?p=34506"},"modified":"2026-04-26T20:54:52","modified_gmt":"2026-04-26T17:54:52","slug":"turkiyem-kayiyor-buhrana-dogru-siir-3","status":"publish","type":"post","link":"https:\/\/www.millicozum.com\/mc\/ozel-yazilar\/turkiyem-kayiyor-buhrana-dogru-siir-3\/","title":{"rendered":"T\u00dcRK\u0130YEM KAYIYOR BUHRANA DO\u011eRU <br>(\u015e\u0130\u0130R)"},"content":{"rendered":"\t\t<div data-elementor-type=\"wp-post\" data-elementor-id=\"34506\" class=\"elementor elementor-34506\" data-elementor-settings=\"{&quot;element_pack_global_tooltip_width&quot;:{&quot;unit&quot;:&quot;px&quot;,&quot;size&quot;:&quot;&quot;,&quot;sizes&quot;:[]},&quot;element_pack_global_tooltip_width_tablet&quot;:{&quot;unit&quot;:&quot;px&quot;,&quot;size&quot;:&quot;&quot;,&quot;sizes&quot;:[]},&quot;element_pack_global_tooltip_width_mobile&quot;:{&quot;unit&quot;:&quot;px&quot;,&quot;size&quot;:&quot;&quot;,&quot;sizes&quot;:[]},&quot;element_pack_global_tooltip_padding&quot;:{&quot;unit&quot;:&quot;px&quot;,&quot;top&quot;:&quot;&quot;,&quot;right&quot;:&quot;&quot;,&quot;bottom&quot;:&quot;&quot;,&quot;left&quot;:&quot;&quot;,&quot;isLinked&quot;:true},&quot;element_pack_global_tooltip_padding_tablet&quot;:{&quot;unit&quot;:&quot;px&quot;,&quot;top&quot;:&quot;&quot;,&quot;right&quot;:&quot;&quot;,&quot;bottom&quot;:&quot;&quot;,&quot;left&quot;:&quot;&quot;,&quot;isLinked&quot;:true},&quot;element_pack_global_tooltip_padding_mobile&quot;:{&quot;unit&quot;:&quot;px&quot;,&quot;top&quot;:&quot;&quot;,&quot;right&quot;:&quot;&quot;,&quot;bottom&quot;:&quot;&quot;,&quot;left&quot;:&quot;&quot;,&quot;isLinked&quot;:true},&quot;element_pack_global_tooltip_border_radius&quot;:{&quot;unit&quot;:&quot;px&quot;,&quot;top&quot;:&quot;&quot;,&quot;right&quot;:&quot;&quot;,&quot;bottom&quot;:&quot;&quot;,&quot;left&quot;:&quot;&quot;,&quot;isLinked&quot;:true},&quot;element_pack_global_tooltip_border_radius_tablet&quot;:{&quot;unit&quot;:&quot;px&quot;,&quot;top&quot;:&quot;&quot;,&quot;right&quot;:&quot;&quot;,&quot;bottom&quot;:&quot;&quot;,&quot;left&quot;:&quot;&quot;,&quot;isLinked&quot;:true},&quot;element_pack_global_tooltip_border_radius_mobile&quot;:{&quot;unit&quot;:&quot;px&quot;,&quot;top&quot;:&quot;&quot;,&quot;right&quot;:&quot;&quot;,&quot;bottom&quot;:&quot;&quot;,&quot;left&quot;:&quot;&quot;,&quot;isLinked&quot;:true}}\" data-elementor-post-type=\"post\">\n\t\t\t\t\t\t<section class=\"elementor-section elementor-top-section elementor-element elementor-element-7d9f2864 elementor-section-boxed elementor-section-height-default elementor-section-height-default\" data-id=\"7d9f2864\" data-element_type=\"section\">\n\t\t\t\t\t\t<div class=\"elementor-container elementor-column-gap-default\">\n\t\t\t\t\t<div class=\"elementor-column elementor-col-100 elementor-top-column elementor-element elementor-element-57949caa\" data-id=\"57949caa\" data-element_type=\"column\">\n\t\t\t<div class=\"elementor-widget-wrap elementor-element-populated\">\n\t\t\t\t\t\t<div class=\"elementor-element elementor-element-3154f5e5 elementor-widget elementor-widget-heading\" data-id=\"3154f5e5\" data-element_type=\"widget\" data-widget_type=\"heading.default\">\n\t\t\t\t<div class=\"elementor-widget-container\">\n\t\t\t\t\t<h3 class=\"elementor-heading-title elementor-size-default\">T\u00dcRK\u0130YEM KAYIYOR BUHRANA DO\u011eRU<\/h3>\t\t\t\t<\/div>\n\t\t\t\t<\/div>\n\t\t\t\t<div class=\"elementor-element elementor-element-6736d843 elementor-widget elementor-widget-text-editor\" data-id=\"6736d843\" data-element_type=\"widget\" data-widget_type=\"text-editor.default\">\n\t\t\t\t<div class=\"elementor-widget-container\">\n\t\t\t\t\t\t\t\t\t<p><strong><em>\u201cAKP\u2019nin boyu oyu, uygun amma Bat\u0131\u2019ya gebeymi\u015f!\u201d<br \/><\/em><\/strong><strong>Suudiyle sald\u0131racakm\u0131\u015f, \u0130ran\u2019a ve Turan\u2019a do\u011fru!..<br \/><\/strong><strong>FETO APO hep i\u011ffal etmi\u015f, zek\u00e2 \u00f6z\u00fcrl\u00fc engebeymi\u015f<br \/><\/strong><strong><em>\u201cBa\u015fkanl\u0131k, Musul\u2026\u201d<\/em><\/strong> <strong>derken \u00fclke, s\u00fcr\u00fcklenir buhrana do\u011fru!..<\/strong><\/p><p><strong>On be\u015f y\u0131l ne tavizler verdi, Bakanl\u0131\u011f\u0131n\u0131 bile o kurdu<br \/><\/strong><strong>Esaret zillet paketlerini, demokrasi diye okuturdu<br \/><\/strong><strong>\u015eimdi \u015fantaj yap\u0131p AB\u2019yi, \u015eangay be\u015fliyle korkuturdu<br \/><\/strong><strong>Gafil kahramanlar ne zaman, d\u00f6necekler Kur\u2019an\u2019a do\u011fru!..<\/strong><\/p><p><strong><em>\u201c\u0130slam Birli\u011fi, Adil D\u00fczen\u201d<\/em><\/strong><strong><em>,<\/em><\/strong><strong> bunlar\u0131 ham hayal saym\u0131\u015ft\u0131<br \/><\/strong><strong>Akl\u0131 ve iman\u0131 yatmam\u0131\u015f, ka\u00e7\u0131p Hak davadan caym\u0131\u015ft\u0131<br \/><\/strong><strong>\u0130ktidar h\u0131rs\u0131na kap\u0131l\u0131p, g\u00f6mlek \u00e7\u0131kararak kaym\u0131\u015ft\u0131<br \/><\/strong><strong>Kendilerini ve milleti, yakla\u015ft\u0131rd\u0131 virana do\u011fru!..<\/strong><\/p><p><strong>Darwinist dinsizler sald\u0131r\u0131r, hep bunlara <\/strong><strong><em>\u2018dinci\u2019<\/em><\/strong> <strong>diye<br \/><\/strong><strong>Millet AKP\u2019ye sar\u0131l\u0131r, yahu bu ne g\u00fczel hediye<br \/><\/strong><strong>Hi\u00e7 hesap sorulmaz san\u0131rlar; yak\u0131n, k\u00e2r\u0131 y\u00fckler kediye<br \/><\/strong><strong>\u0130n\u015faallah toplum uyan\u0131r, vicdanlar\u0131 Furkan\u2019a do\u011fru!..<\/strong><\/p><p><strong>Yaz\u0131k \u00f6z\u00fc yitmi\u015f Dinimin, kuru \u015fekilci resmi kalm\u0131\u015f<br \/><\/strong><strong>\u0130z\u2019an irfan vicdan kararm\u0131\u015f, m\u00fc\u2019min taklit\u00e7i cismi kalm\u0131\u015f<br \/><\/strong><strong>Faiz fuhu\u015f kumar yay\u0131lm\u0131\u015f, \u0130slam\u2019\u0131n sade ismi kalm\u0131\u015f<br \/><\/strong><strong>Ahl\u00e2k \u015fuur \u00e7\u00fcr\u00fcm\u00fc\u015f ald\u0131rmaz, halk tak\u0131lm\u0131\u015f t\u00fcrbana do\u011fru!..<\/strong><\/p><p><strong>Bir nizam kural\u0131m; vicdana, ilme akla Kur\u2019an\u2019a uygun<br \/><\/strong><strong>Herkes hakk\u0131na kavu\u015fsun ki, art\u0131k olmas\u0131n vurgun soygun<br \/><\/strong><strong>\u0130nsanlar huzur onur bulsun, kafa kalp ve kar\u0131nlar doygun<br \/><\/strong><strong>Milletimin \u00fcn\u00fc yay\u0131ls\u0131n, d\u00fcnyaya d\u00f6rt yana do\u011fru!..<\/strong><\/p><p><strong>Ya Rab y\u0131llard\u0131r; vaad etti\u011fin, o kutlu g\u00fcnleri \u00f6zlerim<br \/><\/strong><strong>Senin r\u0131zan ve kullar\u0131n\u0131n, rahat\u0131 i\u00e7indir s\u00f6zlerim<br \/><\/strong><strong>Saadet medeniyetini, ta ki g\u00f6rs\u00fcn ya\u015fl\u0131 g\u00f6zlerim<br \/><\/strong><strong>Hak h\u00e2kim olsun; g\u00f6t\u00fcrs\u00fcnler, v\u00fccudumu kurbana do\u011fru!..<\/strong><\/p>\t\t\t\t\t\t\t\t<\/div>\n\t\t\t\t<\/div>\n\t\t\t\t\t<\/div>\n\t\t<\/div>\n\t\t\t\t\t<\/div>\n\t\t<\/section>\n\t\t\t\t<\/div>\n\t\t","protected":false},"excerpt":{"rendered":"<p>T\u00dcRK\u0130YEM KAYIYOR BUHRANA DO\u011eRU \u201cAKP\u2019nin boyu oyu, uygun amma Bat\u0131\u2019ya gebeymi\u015f!\u201dSuudiyle sald\u0131racakm\u0131\u015f, \u0130ran\u2019a ve Turan\u2019a do\u011fru!..FETO APO hep i\u011ffal etmi\u015f, zek\u00e2 \u00f6z\u00fcrl\u00fc engebeymi\u015f\u201cBa\u015fkanl\u0131k, Musul\u2026\u201d derken \u00fclke, s\u00fcr\u00fcklenir buhrana do\u011fru!.. On be\u015f y\u0131l ne tavizler verdi, Bakanl\u0131\u011f\u0131n\u0131 bile o kurduEsaret zillet paketlerini, demokrasi diye okuturdu\u015eimdi \u015fantaj yap\u0131p AB\u2019yi, \u015eangay be\u015fliyle korkuturduGafil kahramanlar ne zaman, d\u00f6necekler Kur\u2019an\u2019a [&hellip;]<\/p>\n","protected":false},"author":98,"featured_media":0,"comment_status":"open","ping_status":"closed","sticky":false,"template":"","format":"standard","meta":{"footnotes":""},"categories":[98],"tags":[],"class_list":["post-34506","post","type-post","status-publish","format-standard","hentry","category-ozel-yazilar"],"_links":{"self":[{"href":"https:\/\/www.millicozum.com\/mc\/wp-json\/wp\/v2\/posts\/34506","targetHints":{"allow":["GET"]}}],"collection":[{"href":"https:\/\/www.millicozum.com\/mc\/wp-json\/wp\/v2\/posts"}],"about":[{"href":"https:\/\/www.millicozum.com\/mc\/wp-json\/wp\/v2\/types\/post"}],"author":[{"embeddable":true,"href":"https:\/\/www.millicozum.com\/mc\/wp-json\/wp\/v2\/users\/98"}],"replies":[{"embeddable":true,"href":"https:\/\/www.millicozum.com\/mc\/wp-json\/wp\/v2\/comments?post=34506"}],"version-history":[{"count":4,"href":"https:\/\/www.millicozum.com\/mc\/wp-json\/wp\/v2\/posts\/34506\/revisions"}],"predecessor-version":[{"id":34511,"href":"https:\/\/www.millicozum.com\/mc\/wp-json\/wp\/v2\/posts\/34506\/revisions\/34511"}],"wp:attachment":[{"href":"https:\/\/www.millicozum.com\/mc\/wp-json\/wp\/v2\/media?parent=34506"}],"wp:term":[{"taxonomy":"category","embeddable":true,"href":"https:\/\/www.millicozum.com\/mc\/wp-json\/wp\/v2\/categories?post=34506"},{"taxonomy":"post_tag","embeddable":true,"href":"https:\/\/www.millicozum.com\/mc\/wp-json\/wp\/v2\/tags?post=34506"}],"curies":[{"name":"wp","href":"https:\/\/api.w.org\/{rel}","templated":true}]}}