{"id":34623,"date":"2026-04-30T21:44:11","date_gmt":"2026-04-30T18:44:11","guid":{"rendered":"https:\/\/www.millicozum.com\/mc\/?p=34623"},"modified":"2026-04-30T21:44:22","modified_gmt":"2026-04-30T18:44:22","slug":"yaklasan-armageddon-savasi-ve-israilin-turkiye-telasi-2","status":"publish","type":"post","link":"https:\/\/www.millicozum.com\/mc\/2026\/mayis-2026\/yaklasan-armageddon-savasi-ve-israilin-turkiye-telasi-2\/","title":{"rendered":"YAKLA\u015eAN ARMAGEDDON SAVA\u015eI<br> VE<br> \u0130SRA\u0130L\u2019\u0130N T\u00dcRK\u0130YE TELA\u015eI"},"content":{"rendered":"\t\t<div data-elementor-type=\"wp-post\" data-elementor-id=\"34623\" class=\"elementor elementor-34623\" data-elementor-settings=\"{&quot;element_pack_global_tooltip_width&quot;:{&quot;unit&quot;:&quot;px&quot;,&quot;size&quot;:&quot;&quot;,&quot;sizes&quot;:[]},&quot;element_pack_global_tooltip_width_tablet&quot;:{&quot;unit&quot;:&quot;px&quot;,&quot;size&quot;:&quot;&quot;,&quot;sizes&quot;:[]},&quot;element_pack_global_tooltip_width_mobile&quot;:{&quot;unit&quot;:&quot;px&quot;,&quot;size&quot;:&quot;&quot;,&quot;sizes&quot;:[]},&quot;element_pack_global_tooltip_padding&quot;:{&quot;unit&quot;:&quot;px&quot;,&quot;top&quot;:&quot;&quot;,&quot;right&quot;:&quot;&quot;,&quot;bottom&quot;:&quot;&quot;,&quot;left&quot;:&quot;&quot;,&quot;isLinked&quot;:true},&quot;element_pack_global_tooltip_padding_tablet&quot;:{&quot;unit&quot;:&quot;px&quot;,&quot;top&quot;:&quot;&quot;,&quot;right&quot;:&quot;&quot;,&quot;bottom&quot;:&quot;&quot;,&quot;left&quot;:&quot;&quot;,&quot;isLinked&quot;:true},&quot;element_pack_global_tooltip_padding_mobile&quot;:{&quot;unit&quot;:&quot;px&quot;,&quot;top&quot;:&quot;&quot;,&quot;right&quot;:&quot;&quot;,&quot;bottom&quot;:&quot;&quot;,&quot;left&quot;:&quot;&quot;,&quot;isLinked&quot;:true},&quot;element_pack_global_tooltip_border_radius&quot;:{&quot;unit&quot;:&quot;px&quot;,&quot;top&quot;:&quot;&quot;,&quot;right&quot;:&quot;&quot;,&quot;bottom&quot;:&quot;&quot;,&quot;left&quot;:&quot;&quot;,&quot;isLinked&quot;:true},&quot;element_pack_global_tooltip_border_radius_tablet&quot;:{&quot;unit&quot;:&quot;px&quot;,&quot;top&quot;:&quot;&quot;,&quot;right&quot;:&quot;&quot;,&quot;bottom&quot;:&quot;&quot;,&quot;left&quot;:&quot;&quot;,&quot;isLinked&quot;:true},&quot;element_pack_global_tooltip_border_radius_mobile&quot;:{&quot;unit&quot;:&quot;px&quot;,&quot;top&quot;:&quot;&quot;,&quot;right&quot;:&quot;&quot;,&quot;bottom&quot;:&quot;&quot;,&quot;left&quot;:&quot;&quot;,&quot;isLinked&quot;:true}}\" data-elementor-post-type=\"post\">\n\t\t\t\t\t\t<section class=\"elementor-section elementor-top-section elementor-element elementor-element-7499b29b elementor-section-boxed elementor-section-height-default elementor-section-height-default\" data-id=\"7499b29b\" data-element_type=\"section\">\n\t\t\t\t\t\t<div class=\"elementor-container elementor-column-gap-default\">\n\t\t\t\t\t<div class=\"elementor-column elementor-col-100 elementor-top-column elementor-element elementor-element-55d8f911\" data-id=\"55d8f911\" data-element_type=\"column\">\n\t\t\t<div class=\"elementor-widget-wrap elementor-element-populated\">\n\t\t\t\t\t\t<div class=\"elementor-element elementor-element-8e36bb2 elementor-widget elementor-widget-heading\" data-id=\"8e36bb2\" data-element_type=\"widget\" data-widget_type=\"heading.default\">\n\t\t\t\t<div class=\"elementor-widget-container\">\n\t\t\t\t\t<h3 class=\"elementor-heading-title elementor-size-default\">YAKLA\u015eAN ARMAGEDDON SAVA\u015eI<br>\nVE<br>\n\u0130SRA\u0130L\u2019\u0130N T\u00dcRK\u0130YE TELA\u015eI\n<\/h3>\t\t\t\t<\/div>\n\t\t\t\t<\/div>\n\t\t\t\t\t<\/div>\n\t\t<\/div>\n\t\t\t\t\t<\/div>\n\t\t<\/section>\n\t\t\t\t<section class=\"elementor-section elementor-top-section elementor-element elementor-element-34227725 elementor-section-boxed elementor-section-height-default elementor-section-height-default\" data-id=\"34227725\" data-element_type=\"section\">\n\t\t\t\t\t\t<div class=\"elementor-container elementor-column-gap-default\">\n\t\t\t\t\t<div class=\"elementor-column elementor-col-100 elementor-top-column elementor-element elementor-element-1fcc7dbe\" data-id=\"1fcc7dbe\" data-element_type=\"column\">\n\t\t\t<div class=\"elementor-widget-wrap elementor-element-populated\">\n\t\t\t\t\t\t<section class=\"elementor-section elementor-inner-section elementor-element elementor-element-54683e6f elementor-section-full_width elementor-section-content-middle elementor-section-height-default elementor-section-height-default\" data-id=\"54683e6f\" data-element_type=\"section\">\n\t\t\t\t\t\t<div class=\"elementor-container elementor-column-gap-default\">\n\t\t\t\t\t<div class=\"elementor-column elementor-col-25 elementor-inner-column elementor-element elementor-element-5bfd79fb\" data-id=\"5bfd79fb\" data-element_type=\"column\">\n\t\t\t<div class=\"elementor-widget-wrap elementor-element-populated\">\n\t\t\t\t\t\t<div class=\"elementor-element elementor-element-41ea92f2 elementor-widget elementor-widget-image\" data-id=\"41ea92f2\" data-element_type=\"widget\" data-widget_type=\"image.default\">\n\t\t\t\t<div class=\"elementor-widget-container\">\n\t\t\t\t\t\t\t\t\t\t\t\t\t\t\t<img decoding=\"async\" width=\"128\" height=\"128\" src=\"https:\/\/www.millicozum.com\/mc\/wp-content\/uploads\/9024874_speaker_simple_high_light_icon.png\" class=\"attachment-large size-large wp-image-23657\" alt=\"\" \/>\t\t\t\t\t\t\t\t\t\t\t\t\t\t\t<\/div>\n\t\t\t\t<\/div>\n\t\t\t\t\t<\/div>\n\t\t<\/div>\n\t\t\t\t<div class=\"elementor-column elementor-col-25 elementor-inner-column elementor-element elementor-element-14999fbe\" data-id=\"14999fbe\" data-element_type=\"column\">\n\t\t\t<div class=\"elementor-widget-wrap elementor-element-populated\">\n\t\t\t\t\t\t<div class=\"elementor-element elementor-element-4656cdf0 elementor-widget elementor-widget-image\" data-id=\"4656cdf0\" data-element_type=\"widget\" data-settings=\"{&quot;_animation&quot;:&quot;none&quot;,&quot;element_pack_widget_tooltip&quot;:&quot;yes&quot;,&quot;element_pack_widget_tooltip_text&quot;:&quot;YouTube&quot;,&quot;element_pack_widget_tooltip_placement&quot;:&quot;bottom&quot;,&quot;element_pack_widget_tooltip_x_offset&quot;:{&quot;unit&quot;:&quot;px&quot;,&quot;size&quot;:&quot;&quot;,&quot;sizes&quot;:[]},&quot;element_pack_widget_tooltip_y_offset&quot;:{&quot;unit&quot;:&quot;px&quot;,&quot;size&quot;:&quot;&quot;,&quot;sizes&quot;:[]}}\" data-widget_type=\"image.default\">\n\t\t\t\t<div class=\"elementor-widget-container\">\n\t\t\t\t\t\t\t\t\t\t\t\t\t\t\t\t<a href=\"https:\/\/youtu.be\/hTV-jjXzX1U\" target=\"_blank\">\n\t\t\t\t\t\t\t<img decoding=\"async\" width=\"128\" height=\"128\" src=\"https:\/\/www.millicozum.com\/mc\/wp-content\/uploads\/317714_video_youtube_icon.png\" class=\"attachment-large size-large wp-image-23658\" alt=\"\" \/>\t\t\t\t\t\t\t\t<\/a>\n\t\t\t\t\t\t\t\t\t\t\t\t\t\t\t<\/div>\n\t\t\t\t<\/div>\n\t\t\t\t\t<\/div>\n\t\t<\/div>\n\t\t\t\t<div class=\"elementor-column elementor-col-25 elementor-inner-column elementor-element elementor-element-658303d7\" data-id=\"658303d7\" data-element_type=\"column\">\n\t\t\t<div class=\"elementor-widget-wrap elementor-element-populated\">\n\t\t\t\t\t\t<div class=\"elementor-element elementor-element-21259ada elementor-widget elementor-widget-image\" data-id=\"21259ada\" data-element_type=\"widget\" data-settings=\"{&quot;element_pack_widget_tooltip&quot;:&quot;yes&quot;,&quot;element_pack_widget_tooltip_text&quot;:&quot;DailyMotion&quot;,&quot;element_pack_widget_tooltip_placement&quot;:&quot;bottom&quot;,&quot;element_pack_widget_tooltip_x_offset&quot;:{&quot;unit&quot;:&quot;px&quot;,&quot;size&quot;:&quot;&quot;,&quot;sizes&quot;:[]},&quot;element_pack_widget_tooltip_y_offset&quot;:{&quot;unit&quot;:&quot;px&quot;,&quot;size&quot;:&quot;&quot;,&quot;sizes&quot;:[]}}\" data-widget_type=\"image.default\">\n\t\t\t\t<div class=\"elementor-widget-container\">\n\t\t\t\t\t\t\t\t\t\t\t\t\t\t\t\t<a href=\"https:\/\/dai.ly\/xa4dd1g\" target=\"_blank\">\n\t\t\t\t\t\t\t<img decoding=\"async\" width=\"128\" height=\"128\" src=\"https:\/\/www.millicozum.com\/mc\/wp-content\/uploads\/dailymotion.png\" class=\"attachment-large size-large wp-image-23659\" alt=\"\" \/>\t\t\t\t\t\t\t\t<\/a>\n\t\t\t\t\t\t\t\t\t\t\t\t\t\t\t<\/div>\n\t\t\t\t<\/div>\n\t\t\t\t\t<\/div>\n\t\t<\/div>\n\t\t\t\t<div class=\"elementor-column elementor-col-25 elementor-inner-column elementor-element elementor-element-111aab03\" data-id=\"111aab03\" data-element_type=\"column\">\n\t\t\t<div class=\"elementor-widget-wrap elementor-element-populated\">\n\t\t\t\t\t\t<div class=\"elementor-element elementor-element-177e9e4c elementor-widget elementor-widget-image\" data-id=\"177e9e4c\" data-element_type=\"widget\" data-settings=\"{&quot;element_pack_widget_tooltip&quot;:&quot;yes&quot;,&quot;element_pack_widget_tooltip_text&quot;:&quot;Yerel Kaynak&quot;,&quot;element_pack_widget_tooltip_placement&quot;:&quot;bottom&quot;,&quot;element_pack_widget_tooltip_x_offset&quot;:{&quot;unit&quot;:&quot;px&quot;,&quot;size&quot;:&quot;&quot;,&quot;sizes&quot;:[]},&quot;element_pack_widget_tooltip_y_offset&quot;:{&quot;unit&quot;:&quot;px&quot;,&quot;size&quot;:&quot;&quot;,&quot;sizes&quot;:[]}}\" data-widget_type=\"image.default\">\n\t\t\t\t<div class=\"elementor-widget-container\">\n\t\t\t\t\t\t\t\t\t\t\t\t\t\t\t\t<a href=\"https:\/\/www.millicozum.com\/mc\/wp-content\/uploads\/mp3\/sesli-makale\/yaklasanarmageddonsavasi.m4a\" target=\"_blank\">\n\t\t\t\t\t\t\t<img loading=\"lazy\" decoding=\"async\" width=\"128\" height=\"128\" src=\"https:\/\/www.millicozum.com\/mc\/wp-content\/uploads\/9020538_audio_podcast_music_sound_icon.png\" class=\"attachment-large size-large wp-image-23660\" alt=\"\" \/>\t\t\t\t\t\t\t\t<\/a>\n\t\t\t\t\t\t\t\t\t\t\t\t\t\t\t<\/div>\n\t\t\t\t<\/div>\n\t\t\t\t\t<\/div>\n\t\t<\/div>\n\t\t\t\t\t<\/div>\n\t\t<\/section>\n\t\t\t\t\t<\/div>\n\t\t<\/div>\n\t\t\t\t\t<\/div>\n\t\t<\/section>\n\t\t\t\t<section class=\"elementor-section elementor-top-section elementor-element elementor-element-4b9d7483 elementor-section-boxed elementor-section-height-default elementor-section-height-default\" data-id=\"4b9d7483\" data-element_type=\"section\">\n\t\t\t\t\t\t<div class=\"elementor-container elementor-column-gap-default\">\n\t\t\t\t\t<div class=\"elementor-column elementor-col-100 elementor-top-column elementor-element elementor-element-4085e4ad\" data-id=\"4085e4ad\" data-element_type=\"column\">\n\t\t\t<div class=\"elementor-widget-wrap elementor-element-populated\">\n\t\t\t\t\t\t<div class=\"elementor-element elementor-element-5dee0091 satir-basi elementor-widget elementor-widget-text-editor\" data-id=\"5dee0091\" data-element_type=\"widget\" data-widget_type=\"text-editor.default\">\n\t\t\t\t<div class=\"elementor-widget-container\">\n\t\t\t\t\t\t\t\t\t<p style=\"text-align: justify;\"><span style=\"font-family: arial, helvetica, sans-serif;\"><strong>ABD uyduruk bahanelerle ve \u0130srail\u2019le birlikte ve tam bir \u201cazg\u0131n ayg\u0131r\u201d mant\u0131\u011f\u0131 ile \u0130RAN\u2019a sald\u0131rm\u0131\u015ft\u0131r. Dini lider Hamaney\u2019i, \u00e7ocuklar\u0131 ve torunlar\u0131yla katletmekten sak\u0131nmam\u0131\u015flard\u0131r. Okullar\u0131 bombalay\u0131p y\u00fczlerce masum \u00e7ocu\u011fu hayattan koparm\u0131\u015flard\u0131r.<\/strong><\/span><\/p><p style=\"text-align: justify;\"><span style=\"font-family: arial, helvetica, sans-serif;\"><strong>Bizim ucuz kahramanlar\u0131m\u0131z ise: \u201cD-8 orta\u011f\u0131m\u0131za ve kom\u015fu \u0130slam topraklar\u0131m\u0131za sald\u0131ramazs\u0131n\u0131z; size \u00fcslerimizi kulland\u0131rtmay\u0131z!\u201d diyeceklerine \u201cHer iki tarafa da itidal \u00e7a\u011fr\u0131s\u0131 yap\u0131yorlard\u0131 ve \u0130ran\u2019\u0131 da ABD-\u0130srail kadar su\u00e7lu ve sorumlu g\u00f6steriyorlard\u0131.\u201d Daha \u00f6nce Irak\u2019a, Libya\u2019ya demokrasi getiren ABD, \u015fimdi de \u0130ran\u2019a demokrasi getirme iddias\u0131ndayd\u0131\u2026 Hepsi yaland\u0131, hepsi palavrayd\u0131\u2026 <\/strong><\/span><\/p><p style=\"text-align: justify;\"><span style=\"font-family: arial, helvetica, sans-serif;\"><strong>\u0130ran Devrim Muhaf\u0131zlar\u0131 da, kom\u015fu \u0130slam \u00fclkelerini daha \u00e7ok ABD\u2019nin tuza\u011f\u0131na itmek yerine, K\u00f6rfez\u2019deki ve Do\u011fu Akdeniz\u2019deki u\u00e7ak gemilerini ve \u00f6zellikle en cayd\u0131r\u0131c\u0131 \u015fekilde \u0130srail\u2019i hedef almalar\u0131 laz\u0131md\u0131; \u201c\u0130srail ve ABD iyice s\u0131k\u0131\u015fm\u0131\u015ft\u0131&#8230;\u201d diyenlere hat\u0131rlatal\u0131m: \u0130ran, K\u00f6rfez\u2019deki ABD radar \u00fcslerini ve askeri merkezlerini vurmaktayd\u0131.<\/strong><\/span><\/p><p style=\"text-align: justify;\"><span style=\"font-family: arial, helvetica, sans-serif;\"><strong>4 y\u0131ld\u0131r s\u00fcren ve 2 milyon insan kayb\u0131na sebebiyet veren Rusya-Ukrayna sava\u015f\u0131ndan sonra \u0130ran\u2019a sald\u0131r\u0131lmas\u0131 3. D\u00fcnya Sava\u015f\u0131\u2019na yol a\u00e7acakt\u0131r.<\/strong><\/span><\/p><p style=\"text-align: justify;\"><span style=\"font-family: arial, helvetica, sans-serif;\"><strong>Bunun sonucunda Hilal-Ha\u00e7 kap\u0131\u015fmas\u0131, Armageddon sava\u015f\u0131 ka\u00e7\u0131n\u0131lmazd\u0131r ve \u0130srail\u2019in y\u0131k\u0131lmas\u0131yla sonu\u00e7lanacakt\u0131r.<\/strong><\/span><\/p><p style=\"text-align: justify;\"><span style=\"font-family: arial, helvetica, sans-serif;\"><strong>Ve tabi AKP iktidar\u0131 ve Cumhur \u0130ttifak\u0131 kafas\u0131yla bu badireler atlat\u0131lamazd\u0131!<\/strong><\/span><\/p><p style=\"text-align: justify;\"><span style=\"font-family: arial, helvetica, sans-serif;\"><strong>Olaylar\u0131n perde arkas\u0131n\u0131 ve muhtemel sonu\u00e7lar\u0131n\u0131 daha iyi anlamak i\u00e7in, d\u00fcnyadaki son 3-4 ayl\u0131k geli\u015fmeleri hat\u0131rlatmam\u0131zda fayda vard\u0131r!<\/strong><\/span><\/p><p style=\"text-align: justify;\"><span style=\"font-family: arial, helvetica, sans-serif;\"><strong>Biliyorsunuz; Trump\u2019\u0131n Kanada ve Gr\u00f6nland planlar\u0131, AB ile ABD\u2019yi iyice ayr\u0131\u015ft\u0131rm\u0131\u015ft\u0131. Rusya; Gr\u00f6nland\u2019\u0131n kimseye ait olmad\u0131\u011f\u0131n\u0131 a\u00e7\u0131klam\u0131\u015f, yani dolayl\u0131 Trump\u2019a destek \u00e7\u0131km\u0131\u015ft\u0131. Trump ise, Ukrayna\u2019n\u0131n i\u015fgal edilen Donbas b\u00f6lgesinin Rusya\u2019ya b\u0131rak\u0131lmas\u0131 gere\u011fini vurgulam\u0131\u015ft\u0131. Yani d\u00fcnyadaki eski bloklar ve kamplar; ayr\u0131\u015fmaya, \u00e7at\u0131\u015fmaya, NATO ve BM gibi kurulu\u015flar tart\u0131\u015f\u0131lmaya a\u00e7\u0131lm\u0131\u015ft\u0131!.. Hatta Avrupa \u00fclkeleri yeni g\u00fcvenlik stratejileri olu\u015fturmaya ba\u015flam\u0131\u015ft\u0131.<\/strong><\/span><\/p><p style=\"text-align: justify;\"><span style=\"font-family: arial, helvetica, sans-serif;\"><strong>\u00c7\u00f6kmekte olan k\u00fcresel d\u00fczen \u00fczerine Macron\u2019un itiraf\u0131!<\/strong><\/span><\/p><p style=\"text-align: justify;\"><span style=\"font-family: arial, helvetica, sans-serif;\"><strong>Fransa Cumhurba\u015fkan\u0131 Emmanuel Macron 20 Ocak 2026\u2019da Davos\u2019ta yapt\u0131\u011f\u0131 konu\u015fmada D\u00fcnya Sisteminin \u00e7\u00f6kmesi konusunda forumun en \u00e7ok al\u0131nt\u0131lanan uyar\u0131s\u0131n\u0131 yapm\u0131\u015ft\u0131.<\/strong><\/span><\/p><p style=\"text-align: justify;\"><span style=\"font-family: arial, helvetica, sans-serif;\"><strong><em>&#8220;Bu gidi\u015fatla; uluslararas\u0131 hukukun ayaklar alt\u0131na al\u0131nd\u0131\u011f\u0131, en g\u00fc\u00e7l\u00fc olan\u0131n hakl\u0131 say\u0131ld\u0131\u011f\u0131 ve kurals\u0131z bir d\u00fcnyaya do\u011fru kay\u0131ld\u0131\u011f\u0131 a\u00e7\u0131kt\u0131r!&#8221;<\/em><\/strong><strong> diyen Macron, Avrupa&#8217;n\u0131n Amerika\u2019ya itiraz\u0131n\u0131 hayk\u0131rm\u0131\u015ft\u0131.<\/strong><\/span><\/p><p style=\"text-align: justify;\"><span style=\"font-family: arial, helvetica, sans-serif;\"><strong>Evet, Milli \u00c7\u00f6z\u00fcm y\u0131llard\u0131r \u015funlar\u0131 hat\u0131rlatm\u0131\u015ft\u0131: B\u00e2t\u0131l ve barbar Bat\u0131l\u0131 sistemlerde <em>\u201cKurallar\u0131 krallar ve masonik odaklar koyard\u0131. B\u00fct\u00fcn halklar ise mecburen bunlara uyard\u0131.\u201d <\/em>Ama Adil D\u00fczen\u2019de \u00f6l\u00e7\u00fc \u015funlard\u0131: <em>\u201cKurallar\u0131 Hak merkezli halk koyacakt\u0131r\u2026 Art\u0131k krallar ve Siyonist sermaye baronlar\u0131 da, bu kurallara uyacakt\u0131r!..\u201d<\/em><\/strong><\/span><\/p><p style=\"text-align: justify;\"><span style=\"font-family: arial, helvetica, sans-serif;\"><strong>Avrupa Komisyonu Ba\u015fkan\u0131 Siyonist Ursula von der Leyen, <em>ABD ve AB olarak her iki taraf\u0131 da gerilimi t\u0131rmand\u0131rmaktan ka\u00e7\u0131nmaya<\/em> \u00e7a\u011f\u0131rm\u0131\u015f ve Bat\u0131&#8217;n\u0131n b\u00fct\u00fcnl\u00fc\u011f\u00fcne y\u00f6nelik riskler konusunda uyar\u0131lar yapm\u0131\u015ft\u0131.<\/strong><\/span><\/p><p style=\"text-align: justify;\"><span style=\"font-family: arial, helvetica, sans-serif;\"><strong><em>&#8220;Biz yoku\u015f a\u015fa\u011f\u0131 do\u011fru bir sarmala yuvarlanmaktay\u0131z, her ikimizin de; stratejik \u00fcst\u00fcnl\u00fc\u011f\u00fc elimizden ka\u00e7\u0131raca\u011f\u0131m\u0131z\u0131 art\u0131k anlamal\u0131y\u0131z!&#8221;<\/em><\/strong><strong> diyen Von der Leyen, ABD-Avrupa ticaret \u00e7at\u0131\u015fmas\u0131n\u0131n Rusya ve \u0130ran gibilerin i\u015fine yarad\u0131\u011f\u0131n\u0131 hat\u0131rlatm\u0131\u015ft\u0131.<\/strong><\/span><\/p><p style=\"text-align: justify;\"><span style=\"font-family: arial, helvetica, sans-serif;\"><strong>NATO Genel Sekreteri Mark Rutte ise; <em>mevcut karga\u015fan\u0131n, d\u00fcnyan\u0131n dikkatini Moskova&#8217;n\u0131n Ukrayna&#8217;da devam eden topyek\u00fbn sava\u015f\u0131ndan uzakla\u015ft\u0131rd\u0131\u011f\u0131n\u0131 ve Bat\u0131 kar\u015f\u0131tlar\u0131n\u0131n i\u015fine yarad\u0131\u011f\u0131n\u0131<\/em> vurgulam\u0131\u015ft\u0131. <\/strong><\/span><\/p><p style=\"text-align: justify;\"><span style=\"font-family: arial, helvetica, sans-serif;\"><strong>Ve i\u015fte tam b\u00f6yle bir s\u00fcre\u00e7te, Siyonist g\u00fcd\u00fcml\u00fc Bat\u0131, \u0130srail\u2019in te\u015fvikiyle \u0130ran\u2019a, daha do\u011frusu \u0130SLAM\u2019a sava\u015f a\u00e7m\u0131\u015ft\u0131 ve tabi Siyonist Bat\u0131, mukadder ak\u0131betine yakla\u015fmaktayd\u0131. Yani Deccal Netanyahu, ABD\u2019yi \u0130ran\u2019a sald\u0131rt\u0131p, Amerika ve Avrupa\u2019n\u0131n kap\u0131\u015fmas\u0131na \u015fimdilik engel olmu\u015flard\u0131&#8230;<\/strong><\/span><\/p><p style=\"text-align: justify;\"><span style=\"font-family: arial, helvetica, sans-serif;\"><strong>Bak\u0131n\u0131z! Trump ve Kuduz \u0130srail, \u0130ran\u2019da bir ilkokula sald\u0131r\u0131p 200 k\u0131z \u00e7ocu\u011funu katlederken, Trump\u2019\u0131n kar\u0131s\u0131 BM oturumuna ba\u015fkanl\u0131k edip \u201cD\u00fcnya \u00e7ocuklar\u0131n\u0131n korunmas\u0131\u201d konusunu anlatm\u0131\u015ft\u0131\u2026 Riyak\u00e2rl\u0131\u011f\u0131n, sahtek\u00e2rl\u0131\u011f\u0131n ve m\u00fcnaf\u0131kl\u0131\u011f\u0131n b\u00f6ylesine tarih boyunca rastlanmam\u0131\u015ft\u0131. Firavunlar, Nemrutlar ve Neronlar bile bu kadar al\u00e7ak, bu kadar ac\u0131mas\u0131z olmam\u0131\u015flard\u0131. \u015eu anda \u0130ran\u2019da resmen soyk\u0131r\u0131m ya\u015fanmaktayd\u0131\u2026 ABD\u2019li \u0130ncil vaizi kad\u0131n h\u00e2l\u00e2 vur vur vur! diye y\u0131rt\u0131nmaktayd\u0131.<\/strong><\/span><\/p><p style=\"text-align: justify;\"><span style=\"font-family: arial, helvetica, sans-serif;\"><strong>\u015eimdi anl\u0131yor muyuz, Rabbimiz Kur\u2019an-\u0131 Kerim\u2019de; Yahudi ve Hristiyan zihniyetiyle DOST olmay\u0131, Amerika ve Avrupa\u2019ya g\u00fcvenip dayanmay\u0131\u2026 Ha\u00e7l\u0131 ve ahl\u00e2ks\u0131z AB\u2019ye girmek i\u00e7in can atmay\u0131 ni\u00e7in yasak etti\u011fini\u2026 Ni\u00e7in lanetledi\u011fini?..<\/strong><\/span><\/p><p style=\"text-align: justify;\"><span style=\"font-family: arial, helvetica, sans-serif;\"><strong>Bu Ha\u00e7l\u0131-Siyonist Bat\u0131; bin y\u0131ld\u0131r bizi Anadolu\u2019dan atmak i\u00e7in 21 Ha\u00e7l\u0131 Seferi haz\u0131rlad\u0131\u2026 \u00c7anakkale\u2019de, \u015eanl\u0131 Kurtulu\u015f M\u00fccadelemizde, 1974 K\u0131br\u0131s \u00e7\u0131karmam\u0131z s\u00fcrecinde, hep bunlarla \u00e7arp\u0131\u015fm\u0131\u015ft\u0131k\u2026 PKK belas\u0131n\u0131 bunlar ba\u015f\u0131m\u0131za sarm\u0131\u015ft\u0131. \u015eimdi Ter\u00f6rs\u00fcz T\u00fcrkiye tuza\u011f\u0131n\u0131 da bunlar bize dayatmaktad\u0131r. Eski \u0130srail Ba\u015fbakan\u0131 Neftali Bennett soysuzu: \u201cT\u00fcrkiye potansiyel d\u00fc\u015fman\u0131m\u0131zd\u0131r\u201d diye kin kusmaktad\u0131r.<\/strong><\/span><\/p><p style=\"text-align: justify;\"><span style=\"font-family: arial, helvetica, sans-serif;\"><strong>\u015eimdi ABD Sava\u015f Bakan\u0131 soysuz PETE Hegseth <em>\u201c\u0130slam Peygamberinin (ve Kur\u2019an-\u0131 Kerim\u2019in) =h\u00e2\u015f\u00e2= sa\u00e7ma-sapan yalanlar\u0131na ve yan\u0131lg\u0131lar\u0131na inanan \u0130ran gibi rejimler asla n\u00fckleer g\u00fcce sahip olmamal\u0131d\u0131r!..\u201d <\/em>gibi k\u00fcstahl\u0131klar kusmu\u015flard\u0131. Ve kolundaki d\u00f6vmede, 1. HA\u00c7LI seferinde e\u015fk\u0131ya s\u00fcr\u00fclerinin kulland\u0131\u011f\u0131: <em>\u201cM\u00fcsl\u00fcmanlar, yok edilmesi gereken varl\u0131klard\u0131r!..\u201d<\/em> yaz\u0131l\u0131yd\u0131\u2026<\/strong><\/span><\/p><p style=\"text-align: justify;\"><span style=\"font-family: arial, helvetica, sans-serif;\"><strong>Peki, hani nerede s\u00f6zde \u0130slam kahramanlar\u0131 ve d\u00fcnya kaptanlar\u0131? Hani neredeler mangalda k\u00fcl b\u0131rakmayan Din istismarc\u0131lar\u0131?.. Hani nerede bunlar\u0131n duyars\u0131z Bakanlar\u0131, y\u00fcksek b\u00fcrokratlar\u0131?.. Hani nerede Diyanet Ba\u015fkanlar\u0131? Niye sapk\u0131n ABD Sava\u015f Bakan\u0131na kar\u015f\u0131 mitingler yapmazlar, niye meydanlar\u0131 doldurmazlard\u0131? Bunlar\u0131n \u0130slam ve Resul\u00fcllah sevgileri bu kadar m\u0131yd\u0131? Hani nerede ilahilerle, \u015fiirlerle riyak\u00e2rl\u0131k yapan s\u00f6zde Peygamber sevdal\u0131lar\u0131?<\/strong><\/span><\/p><p style=\"text-align: justify;\"><span style=\"font-family: arial, helvetica, sans-serif;\"><strong>Ey Milli \u00c7\u00f6z\u00fcm\u2019\u00fcn bu konferans\u0131na kat\u0131lan siz duyarl\u0131 ve tutarl\u0131 insanlar\u0131m\u0131z, siz; g\u00f6revinizin ve inanc\u0131n\u0131z\u0131n gere\u011fini yapt\u0131n\u0131z!.. \u00c7\u00fcnk\u00fc en zor zamanda i\u015fte buradas\u0131n\u0131z!.. \u00c7\u00fcnk\u00fc Kuduz \u0130srail ve g\u00e2vur Amerika ve Avrupa, \u015fimdi de MESC\u0130D-\u0130 AKSA\u2019y\u0131 y\u0131k\u0131p, su\u00e7u \u0130ran\u2019\u0131n \u00fczerine atma haz\u0131rl\u0131\u011f\u0131ndad\u0131r!<\/strong><\/span><\/p><p style=\"text-align: justify;\"><span style=\"font-family: arial, helvetica, sans-serif;\"><strong>AKP iktidar\u0131n\u0131n ve Cumhur \u0130ttifak\u0131\u2019n\u0131n ayar\u0131na bak\u0131n; milletimiz \u0130ncirlik ve K\u00fcrecik\u2019in ABD ve \u0130srail\u2019e kapat\u0131lmas\u0131n\u0131 beklerken, bunlar Malatya K\u00fcrecik \u00dcss\u00fc\u2019ne NATO\u2019nun yeni patriotlar\u0131n\u0131 kurmas\u0131na izin veriyorlard\u0131!? Onun i\u00e7in diyoruz ki, \u00f6n\u00fcm\u00fczdeki b\u00fcy\u00fck tehlike bu iktidarla atlat\u0131lamazd\u0131, mutlaka bir Milli Mutabakat \u0130ktidar\u0131na ihtiya\u00e7 vard\u0131.<\/strong><\/span><\/p><p style=\"text-align: justify;\"><span style=\"font-family: arial, helvetica, sans-serif;\"><strong>Bu arada d\u00fcnyadaki bozuk ekonomik s\u00f6m\u00fcr\u00fc \u00e7ark\u0131n\u0131n \u00fclkemizdeki tatbikat\u0131 daha da ac\u0131d\u0131r! Bak\u0131n\u0131z b\u00fct\u00fcn anket \u015firketlerinin ortak tespitlerine g\u00f6re: <\/strong><strong>2024\u2019te<\/strong><strong> ekonomik gidi\u015fattan <\/strong><strong>\u015fik\u00e2yet\u00e7i <\/strong><strong>olanlar\u0131n oran\u0131 %60\u2019larda iken, <\/strong><strong>2026\u2019ya gelindi\u011finde <\/strong><strong>%80\u2019lere ula\u015ft\u0131\u011f\u0131 halde, topluma umut a\u015f\u0131layan bir parti veya muhalefet de ortada g\u00f6r\u00fclm\u00fcyordu. Toplumun \u00f6nemli bir kesimi, insanca bir ya\u015fam s\u00fcrm\u00fcyor, maalesef s\u00fcr\u00fcn\u00fcyordu. Ve i\u015fte Mehmet \u015eim\u015fek\u2019in en parlak b\u00fcrokrat\u0131, MB eski ba\u015fkan yard\u0131mc\u0131s\u0131 Emrah \u015eener\u2019e, \u0130stanbul Ba\u015fsavc\u0131l\u0131\u011f\u0131 devleti doland\u0131rmaktan dava a\u00e7\u0131yordu!<\/strong><\/span><\/p><p style=\"text-align: justify;\"><span style=\"font-family: arial, helvetica, sans-serif;\"><strong>T\u00fcrkiye Cumhuriyet Merkez Bankas\u0131 Alt\u0131n Rezervlerini, Uluslararas\u0131 Swap (Takas) i\u015flemleri ve g\u00fcvenli saklama gerek\u00e7esiyle \u0130ngiltere Merkez Bankas\u0131 (Bank of England \u2013 BoE) kasalar\u0131nda tutmaktad\u0131r.<\/strong><\/span><\/p><p style=\"text-align: justify;\"><span style=\"font-family: arial, helvetica, sans-serif;\"><strong>G\u00fcya Londra\u2019daki \u0130ngiliz Merkez Bankas\u0131\u2019nda alt\u0131n\u0131 olan \u00fclkelere, Avrupa ve Amerika\u2019daki Siyonist Yahudi Bankalar, daha kolay faizli bor\u00e7 para veriyorlard\u0131!?..<\/strong><\/span><\/p><p style=\"text-align: justify;\"><span style=\"font-family: arial, helvetica, sans-serif;\"><strong>Do\u011fu Akdeniz Havzas\u0131 ve Amik Ovas\u0131\u2019nda Tarihin En B\u00fcy\u00fck Hesapla\u015fmas\u0131 Ya\u015fanacakt\u0131r!<\/strong><\/span><\/p><p style=\"text-align: justify;\"><span style=\"font-family: arial, helvetica, sans-serif;\"><strong>Do\u011fu Akdeniz\u2019de, yani T\u00fcrkiye, Suriye, \u0130srail, Filistin, M\u0131s\u0131r ve K\u0131br\u0131s b\u00f6lgesinde; tarihte hi\u00e7 g\u00f6r\u00fclmedik \u00f6l\u00e7ekte bir sava\u015f y\u0131\u011f\u0131na\u011f\u0131 yap\u0131l\u0131yordu. 10 y\u0131llar \u00f6ncesinde Rusya, sadece Akdeniz\u2019de de\u011fil Hazar Denizi&#8217;nde de 50 sava\u015f gemisinin kat\u0131ld\u0131\u011f\u0131 bir tatbikat ba\u015flat\u0131yordu. <\/strong><\/span><\/p><p style=\"text-align: justify;\"><span style=\"font-family: arial, helvetica, sans-serif;\"><strong>Bunlar\u0131 bir tehdit gerek\u00e7esi (daha do\u011frusu bahanesi) sayan NATO (Ba\u015fta ABD, \u0130ngiltere, Almanya, Fransa ve \u0130talya) da, b\u00f6lgeye sava\u015f z\u0131rhl\u0131lar\u0131n\u0131 ve u\u00e7ak gemilerini g\u00f6nderiyordu. <\/strong><\/span><\/p><p style=\"text-align: justify;\"><span style=\"font-family: arial, helvetica, sans-serif;\"><strong>ABD uyduruk bahanelerle \u0130ran\u2019a sald\u0131rmaya haz\u0131rlan\u0131yor ve vuruyordu. AB ise Devrim Muhaf\u0131zlar\u0131n\u0131 ter\u00f6r listesine al\u0131yordu. Zaten \u0130srail \u201cABD vurmazsa, biz vuraca\u011f\u0131z\u201d diyordu. T\u00fcrkiye ise s\u00f6zde arabuluculuk yap\u0131yor ve maalesef iktidar; ABD ve \u0130srail Siyonist taleplerine sava\u015fs\u0131z ula\u015fs\u0131nlar diye \u0130ran\u2019a tavsiyeler yap\u0131yordu. Oysa CIA eski istihbarat direkt\u00f6r\u00fc Larry Johnson; \u201cABD \u0130ran\u2019a kar\u015f\u0131 sava\u015f\u0131 kaybediyor\u201d diyordu.<\/strong><\/span><\/p><p style=\"text-align: justify;\"><span style=\"font-family: arial, helvetica, sans-serif;\"><strong>K\u0131sacas\u0131 Akdeniz giderek karar\u0131yordu&#8230; T\u00fcm barbar g\u00fc\u00e7ler; \u0130slam co\u011frafyas\u0131 \u00fczerine \u00fcsleriyle, sava\u015f gemileriyle, bombard\u0131man u\u00e7aklar\u0131yla korkun\u00e7 bir y\u0131\u011f\u0131nak yap\u0131yordu! Ve as\u0131l hedef T\u00fcrkiye oluyordu\u2026<\/strong><\/span><\/p><p style=\"text-align: justify;\"><span style=\"font-family: arial, helvetica, sans-serif;\"><strong>O tarihlerde Papa Francis\u2019in s\u0131k s\u0131k g\u00fcndeme getirdi\u011fi \u201c3. D\u00fcnya Sava\u015f\u0131\u201d, \u0130slam co\u011frafyas\u0131 \u00fczerinde a\u011f\u0131rl\u0131\u011f\u0131n\u0131 her ge\u00e7en g\u00fcn daha da hissettiriyordu. Son y\u0131llarda \u0130slam d\u00fcnyas\u0131na y\u00f6nelik tehditk\u00e2r tavr\u0131n\u0131 artt\u0131ran Bat\u0131, \u00f6zellikle Ortado\u011fu\u2019da sahneye koydu\u011fu kanl\u0131 senaryo ile M\u00fcsl\u00fcmanlara y\u00f6nelik topyek\u00fbn bir Ha\u00e7l\u0131 sava\u015f\u0131na haz\u0131rlan\u0131yordu. <\/strong><\/span><\/p><p style=\"text-align: justify;\"><span style=\"font-family: arial, helvetica, sans-serif;\"><strong>ABD, Rusya, \u00c7in, Fransa, \u0130ngiltere, Almanya gibi \u00fclkeler askeri ve lojistik olarak b\u00f6lgede varl\u0131\u011f\u0131n\u0131 kuvvetlendirirken, bir zamanlar \u2018T\u00fcrk g\u00f6l\u00fc\u2019 olan Akdeniz\u2019de \u015fimdi Ha\u00e7l\u0131 \u0130ttifak\u0131\u2019na ait sava\u015f gemileri cirit at\u0131yordu. Libya, Suriye, Irak, Afganistan, Mali gibi \u0130slam co\u011frafyalar\u0131n\u0131n tarumar edildi\u011fi \u015fu g\u00fcnlerde, Akdeniz\u2019de ya\u015fanan askeri hareketlilik, \u0130slam d\u00fcnyas\u0131 i\u00e7in yeni bir yok etme plan\u0131n\u0131n devreye sokuldu\u011funu g\u00f6zler \u00f6n\u00fcne seriyordu. Uluslararas\u0131 g\u00fc\u00e7ler, b\u00fct\u00fcn y\u0131\u011f\u0131na\u011f\u0131n\u0131 \u0130slam co\u011frafyas\u0131na yap\u0131yordu. \u0130ran\u2019\u0131n G\u00fcney K\u0131br\u0131s\u2019a bir f\u00fcze atmas\u0131 bahanesiyle, Fransa ve \u0130ngiltere ba\u015fta, b\u00fct\u00fcn Avrupa Do\u011fu Akdeniz\u2019e u\u00e7ak ve sava\u015f gemilerini y\u0131\u011f\u0131yordu!..<\/strong><\/span><\/p><p style=\"text-align: justify;\"><span style=\"font-family: arial, helvetica, sans-serif;\"><strong>Ve \u015fu ayeti hat\u0131rlatman\u0131n tam zaman\u0131yd\u0131:<\/strong><\/span><\/p><p style=\"text-align: justify;\"><span style=\"font-family: arial, helvetica, sans-serif;\"><strong>S\u00e2d 11. ayetinde \u015f\u00f6yle buyrulmaktad\u0131r:<em> \u201cOysa onlar, \u00e7e\u015fitli hizip (parti, ekip ve kavim)lerden (toplan\u0131p meydana getirilmi\u015f), \u015funun \u015furas\u0131nda (mutlaka) hezimete-ma\u011flubiyete mahk\u00fbm edilmi\u015f kalabal\u0131k (ve kof) bir ordudan (NATO ve BM gibi \u015eeytani organizasyondan) ibarettir. <\/em>Sadakallah\u00fclAzim-Allah do\u011fru s\u00f6ylemektedir.<\/strong><\/span><\/p><p style=\"text-align: justify;\"><span style=\"font-family: arial, helvetica, sans-serif;\"><strong>Melheme-i K\u00fcbra: Amik Ovas\u0131 Sava\u015f\u0131 Ka\u00e7\u0131n\u0131lmazd\u0131r!..<\/strong><\/span><\/p><p style=\"text-align: justify;\"><span style=\"font-family: arial, helvetica, sans-serif;\"><strong>Bir hadis-i \u015ferifte \u015f\u00f6yle buyrulmaktad\u0131r:<\/strong><\/span><\/p><p style=\"text-align: justify;\"><span style=\"font-family: arial, helvetica, sans-serif;\"><strong><em>\u201cSizinle Beni Esfer (Rumlar-Bat\u0131l\u0131lar) aras\u0131nda bir m\u00fcddet sulh (anla\u015fmas\u0131 ve ittifak\u0131) olacakt\u0131r. Sonra onlar muahedeyi (bar\u0131\u015f anla\u015fma s\u00f6zlerini) bozarak on iki bin ki\u015filik seksen f\u0131rkal\u0131k (toplama) bir kuvvetle \u00fczerinize sald\u0131racaklard\u0131r.\u201d<\/em><\/strong> <strong>Hatay Amik Ovas\u0131 ve a\u015fa\u011f\u0131s\u0131nda (Akdeniz Havzas\u0131\u2019nda) ya\u015fanacak bu sava\u015f\u0131 Ha\u00e7l\u0131 Bat\u0131l\u0131lar de\u011fil M\u00fcsl\u00fcmanlar ve \u015fanl\u0131 T\u00fcrk ordusu kazanacakt\u0131r. <\/strong><\/span><\/p><p style=\"text-align: justify;\"><span style=\"font-family: arial, helvetica, sans-serif;\"><strong>\u00d6yle anla\u015f\u0131l\u0131yor ki, g\u00fcya \u0130ran\u2019a kar\u015f\u0131 \u0130srail\u2019i korumak ve Rusya\u2019ya kar\u015f\u0131 T\u00fcrkiye\u2019yi korumak amac\u0131yla Akdeniz\u2019e ve b\u00f6lgemize y\u0131\u011f\u0131lan NATO g\u00fc\u00e7leri, sonunda bize sald\u0131racaklar, ama kendileri hezimete u\u011frayacaklard\u0131r.<\/strong><\/span><\/p><p style=\"text-align: justify;\"><span style=\"font-family: arial, helvetica, sans-serif;\"><strong>Tamam\u0131 Siyonist sermayenin elinde bulunan ve kas\u0131tl\u0131 olarak sava\u015flar \u00e7\u0131karan, ABD\u2019nin be\u015f b\u00fcy\u00fck silah \u015firketi, kazan\u00e7lar\u0131n\u0131n be\u015fte birini \u0130srail\u2019e ba\u011f\u0131\u015flama karar\u0131 alm\u0131\u015flard\u0131, ama bu da Kuduz \u0130srail\u2019i kurtaramayacakt\u0131. ABD b\u00fct\u00fcn kuvvetlerinin 3\u2019te birini b\u00f6lgeye y\u0131\u011fd\u0131\u011f\u0131 halde, 3-4 g\u00fcnde \u0130ran\u2019\u0131 bitirece\u011fiz sanm\u0131\u015flard\u0131, \u015fimdi 5-6 aya \u00e7\u0131karm\u0131\u015flard\u0131. \u201cTrump\u2019\u0131n \u0130ran sald\u0131r\u0131s\u0131 intihard\u0131r!\u201d diyen istihbarat direkt\u00f6r\u00fc istifa edip ayr\u0131lm\u0131\u015ft\u0131! <\/strong><\/span><\/p><p style=\"text-align: justify;\"><span style=\"font-family: arial, helvetica, sans-serif;\"><strong>\u0130ran\u2019\u0131n K\u00f6rfez\u2019de vurdu\u011fu yerlerin \u00e7o\u011fu, Yahudi firmalar\u0131yd\u0131\u2026 Erbakan Hoca son zamanlar\u0131nda \u0130ran\u2019a bo\u015funa gitmi\u015f olamazd\u0131\u2026<\/strong><\/span><\/p><p style=\"text-align: justify;\"><span style=\"font-family: arial, helvetica, sans-serif;\"><strong>En yetkililerinin itiraflar\u0131yla; <em>\u201ck\u00fcresel \u00fcst\u00fcnl\u00fc\u011f\u00fcn\u00fc kaybetti\u011fi\u201d<\/em> anla\u015f\u0131lan ABD&#8217;nin kar\u015f\u0131la\u015faca\u011f\u0131 risklerin incelendi\u011fi 2015 raporunda; <em>\u201c<\/em><em>T\u00fcrkiye\u2019de 12 y\u0131l i\u00e7inde bir i\u00e7 \u00e7at\u0131\u015fman\u0131n ya\u015fanaca\u011f\u0131 ve ABD\u2019nin T\u00fcrkiye\u2019ye askeri m\u00fcdahalede bulunaca\u011f\u0131\u201d<\/em> vurgulanm\u0131\u015ft\u0131.<\/strong><\/span><\/p><p style=\"text-align: justify;\"><span style=\"font-family: arial, helvetica, sans-serif;\"><strong>Ayn\u0131 s\u00fcre\u00e7te Trump ve Netanyahu aras\u0131nda <em>\u201cB\u00fcy\u00fck \u0130srail\u2019i Kurma Anla\u015fmas\u0131\u201d <\/em>yap\u0131lm\u0131\u015ft\u0131. Maalesef Erdo\u011fan T\u00fcrkiyesi ise \u0130srail\u2019le NORMALLE\u015eME Anla\u015fmas\u0131 imzalam\u0131\u015ft\u0131! Ve b\u00fct\u00fcn uyar\u0131lara ra\u011fmen bu anla\u015fmay\u0131 bozmam\u0131\u015ft\u0131.<\/strong><\/span><\/p><p style=\"text-align: justify;\"><span style=\"font-family: arial, helvetica, sans-serif;\"><strong>Peki \u0130srail&#8217;in Ba\u011f\u0131ms\u0131z K\u00fcrdistan&#8217;a neden ihtiyac\u0131 vard\u0131!?<\/strong><\/span><\/p><p style=\"text-align: justify;\"><span style=\"font-family: arial, helvetica, sans-serif;\"><strong>Irak K\u00fcrt B\u00f6lgesel Y\u00f6netimi Ba\u015fkan\u0131 Mesud Barzani\u2019ye yak\u0131nl\u0131\u011f\u0131yla bilinen Rudaw\u2019da, dikkat \u00e7eken bir yaz\u0131 kaleme al\u0131nm\u0131\u015ft\u0131.<\/strong> <strong>\u0130srail merkezli Begin-Sadat Stratejik Ara\u015ft\u0131rmalar Merkezi uzman\u0131 Edy Cohen, <em>\u201c\u0130srail\u2019in &#8216;ba\u011f\u0131ms\u0131z K\u00fcrdistan\u2019\u0131 destekledi\u011fini \u00e7\u00fcnk\u00fc s\u00f6zde K\u00fcrdistan\u2019\u0131n B\u00fcy\u00fck \u0130srail\u2019e evrilece\u011fini\u201d<\/em> a\u00e7\u0131klam\u0131\u015ft\u0131.<\/strong><\/span><\/p><p style=\"text-align: justify;\"><span style=\"font-family: arial, helvetica, sans-serif;\"><strong>Bu nedenle Atat\u00fcrk, 1. D\u00fcnya Sava\u015f\u0131 s\u0131ras\u0131nda K\u00fcrdistan kurulmas\u0131na kar\u015f\u0131 \u00e7\u0131km\u0131\u015ft\u0131!<\/strong><\/span><\/p><p style=\"text-align: justify;\"><span style=\"font-family: arial, helvetica, sans-serif;\"><strong>Birinci D\u00fcnya Sava\u015f\u0131 sonras\u0131nda Bat\u0131\u2019n\u0131n K\u00fcrdistan va\u2019adini hat\u0131rlatan Siyonist Cohen, <em>\u201cBirinci D\u00fcnya Sava\u015f\u0131&#8217;ndan sonra kazanan g\u00fc\u00e7ler, K\u00fcrtlere ba\u011f\u0131ms\u0131zl\u0131k s\u00f6z\u00fcn\u00fc verdi; ancak bu s\u00f6z yerine getirilemedi. Temel sebep ise; yeni T\u00fcrkiye&#8217;nin kurucusu Mustafa Kemal Atat\u00fcrk&#8217;\u00fcn engellemesiydi&#8221;<\/em> itiraf\u0131nda bulunmu\u015flard\u0131. Ama Yahudi Cohen \u015fu ger\u00e7e\u011fi saklam\u0131\u015ft\u0131; Mustafa Kemal, \u0130srail\u2019in de kurulu\u015funu 11 y\u0131l geciktirmi\u015f insand\u0131!<\/strong><\/span><\/p><p style=\"text-align: justify;\"><span style=\"font-family: arial, helvetica, sans-serif;\"><strong>Derin ABD\u2019nin sesi say\u0131lan <em>National Review Dergisi<\/em> \u00f6nemli bir soruyu g\u00fcndeme ta\u015f\u0131m\u0131\u015ft\u0131: <em>\u201cT\u00fcrkiye NATO\u2019da kalmal\u0131 m\u0131yd\u0131, \u00e7\u0131kar\u0131lmal\u0131 m\u0131yd\u0131?\u201d<\/em><\/strong><\/span><\/p><p style=\"text-align: justify;\"><span style=\"font-family: arial, helvetica, sans-serif;\"><strong>ABD&#8217;de \u00f6nemli mahfillerde T\u00fcrkiye&#8217;nin NATO&#8217;daki varl\u0131\u011f\u0131 ile ilgili son 10 y\u0131ld\u0131r yo\u011fun bir tart\u0131\u015fma yap\u0131lmaktayd\u0131. Baz\u0131lar\u0131 <em>\u201cT\u00fcrkiye&#8217;yi NATO&#8217;dan kovma vaktinin yakla\u015ft\u0131\u011f\u0131n\u0131\u201d<\/em> savunurken, baz\u0131lar\u0131 da <em>bundan en fazla Rusya, \u00c7in ve \u0130ran&#8217;\u0131n kazan\u00e7l\u0131 \u00e7\u0131kaca\u011f\u0131n\u0131,<\/em> <em>bu nedenle T\u00fcrkiye i\u00e7in \u015fimdilik \u00f6zel bir form\u00fcl uygulanaca\u011f\u0131n\u0131 <\/em>vurgulamaktayd\u0131. <\/strong><\/span><\/p><p style=\"text-align: justify;\"><span style=\"font-family: arial, helvetica, sans-serif;\"><strong>Dostlar!.. \u00c7ok ac\u0131 bir ger\u00e7ek vard\u0131: Sn. Erdo\u011fan&#8217;\u0131n \u0130srail ve ABD\u2019ye her \u201csert \u00e7\u0131k\u0131\u015f\u0131\u201d sonras\u0131, bu \u00fclkelere \u00e7ok \u00f6nemli ve gizli tavizler sunulmaktayd\u0131!<\/strong><\/span><\/p><p style=\"text-align: justify;\"><span style=\"font-family: arial, helvetica, sans-serif;\"><strong>Cumhurba\u015fkan\u0131 Sn. Erdo\u011fan 10 y\u0131l \u00f6ncesi AKP Adana \u0130l Kongresinde, \u0130srail askerlerinin Gazze&#8217;de &#8220;B\u00fcy\u00fck Geri D\u00f6n\u00fc\u015f Y\u00fcr\u00fcy\u00fc\u015f\u00fc&#8221; kapsam\u0131nda ger\u00e7ekle\u015ftirdi\u011fi m\u00fcdahaleleri sert bi\u00e7imde k\u0131nam\u0131\u015ft\u0131. Erdo\u011fan <em>&#8221;En ahl\u00e2kl\u0131 ordu \u0130srail ordusudur\u201d<\/em> diyen \u0130srail Ba\u015fbakan\u0131 Netanyahu&#8217;ya; <em>&#8221;Ey Netanyahu sen i\u015fgalcisin. Sen bir ter\u00f6ristsin!&#8221; <\/em>diyerek \u00e7\u0131k\u0131\u015fm\u0131\u015ft\u0131. Sn. Erdo\u011fan&#8217;a hat\u0131rlatmak laz\u0131md\u0131: Bunlar\u0131n hepsi hakl\u0131 ve do\u011fru saptamalard\u0131, ancak ter\u00f6rist ve \u0130\u015fgalci \u0130srail\u2019le \u201cNormalle\u015fme Anla\u015fmas\u0131\u201d imzalaman\u0131z ve h\u00e2l\u00e2 ask\u0131ya almaman\u0131z nas\u0131l yorumlanmal\u0131yd\u0131?<\/strong><\/span><\/p><p style=\"text-align: justify;\"><span style=\"font-family: arial, helvetica, sans-serif;\"><strong>Kuduz Trump\u2019\u0131n \u0130ran\u2019\u0131 pes ettirememesi, ABD\u2019nin yenilgisi say\u0131lacakt\u0131 ve bir \u00e7\u0131lg\u0131nl\u0131kla n\u00fckleer bomba kullanmaya kalk\u0131\u015faca\u011f\u0131 konu\u015fulmaktayd\u0131\u2026 Sn. Erdo\u011fan kimin saf\u0131nda oldu\u011funun fark\u0131nda m\u0131yd\u0131? <\/strong><\/span><\/p><p style=\"text-align: justify;\"><span style=\"font-family: arial, helvetica, sans-serif;\"><strong>Bak\u0131n\u0131z 13-15 \u015eubat 2026&#8217;da yap\u0131lan M\u00fcnih G\u00fcvenlik Zirvesi\u2019ne: \u0130ran ad\u0131na Devrik \u015eah\u2019\u0131n o\u011flu a\u011f\u0131rlanm\u0131\u015f, Suriye ad\u0131na ise T\u00fcrkiye\u2019de k\u0131rm\u0131z\u0131 b\u00fcltenle aranan SDG ba\u015f\u0131 Mazlum Abdi \u00e7a\u011fr\u0131lm\u0131\u015ft\u0131. Tom Barrack \u201cBir foto\u011fraf bin sayfa laftan anlaml\u0131d\u0131r!..\u201d diyerek k\u00fcstahla\u015fm\u0131\u015ft\u0131.<\/strong><\/span><\/p><p style=\"text-align: justify;\"><span style=\"font-family: arial, helvetica, sans-serif;\"><strong>Bu arada \u0130ran PKK\u2019s\u0131 PJAK, ABD\u2019nin hizmetinde \u0130ran\u2019\u0131 vurmaya haz\u0131rlanmaktayd\u0131.<\/strong><\/span><\/p><p style=\"text-align: justify;\"><span style=\"font-family: arial, helvetica, sans-serif;\"><strong>Siyasilerin, <em>ald\u0131klar\u0131 oy oran\u0131 kadar, ak\u0131ll\u0131, ba\u015far\u0131l\u0131, hakl\u0131 ve ahl\u00e2kl\u0131<\/em> olduklar\u0131 kanaati, yayg\u0131n bir yan\u0131lg\u0131yd\u0131.<\/strong><\/span><\/p><p style=\"text-align: justify;\"><span style=\"font-family: arial, helvetica, sans-serif;\"><strong>Hat\u0131rlay\u0131n\u0131z, ABD Ba\u015fkan\u0131 Donald Trump&#8217;\u0131n, herhangi bir konuya be\u015f dakikadan fazla odaklanamayacak kadar manyak kafal\u0131\u2026 \u00dcvey k\u0131z\u0131na sulanacak kadar d\u00fc\u015f\u00fck ahl\u00e2kl\u0131\u2026 Amerikan halk\u0131n\u0131 bile, dinlerine, k\u00f6kenlerine ve k\u00fclt\u00fcrlerine g\u00f6re ayr\u0131\u015ft\u0131racak, zencilere ve M\u00fcsl\u00fcmanlara hakaret ya\u011fd\u0131racak kadar sapk\u0131n ve saplant\u0131l\u0131 oldu\u011funu, bizzat ABD\u2019li yazarlar ve uzmanlar a\u00e7\u0131klamaktayd\u0131. Ama i\u015fte bu Trump, iki seferdir %50\u2019den fazla oy alarak, se\u00e7imi kazanm\u0131\u015ft\u0131. Ama ne var ki halk\u0131n %50\u2019sinden fazlas\u0131n\u0131n oyunu almak bir insan\u0131 hakl\u0131, hay\u0131rl\u0131, ak\u0131ll\u0131 ve ba\u015far\u0131l\u0131 konuma ta\u015f\u0131mazd\u0131.<\/strong><\/span><\/p><p style=\"text-align: justify;\"><span style=\"font-family: arial, helvetica, sans-serif;\"><strong>Soysuz Bat\u0131\u2019n\u0131n ahl\u00e2k\u0131 da yoktur. Epstein rezaletleri, ABD\u2019nin ve AB \u00fclkelerinin; en ba\u015f y\u00f6neticilerinin, en ileri zenginlerinin, g\u00fcya demokrasi ve \u00e7a\u011fda\u015f de\u011ferleri savunan bilginlerinin ve \u0130slam \u00fclkelerindeki i\u015fbirlik\u00e7ilerinin, nas\u0131l 8-14 ya\u015f\u0131ndaki k\u0131z ve erkek \u00e7ocuklarla melanetlerini ortaya \u00e7\u0131karm\u0131\u015ft\u0131.<\/strong><\/span><\/p><p style=\"text-align: justify;\"><span style=\"font-family: arial, helvetica, sans-serif;\"><strong>Dostlar, T\u00fcrkiye Ya Do\u011frulacak, Ya Da\u011f\u0131lacakt\u0131! Ama \u0130n\u015faallah \u015eahlanacak ve Yeni Bir D\u00fcnya Kurulacakt\u0131. A\u00e7\u0131k\u00e7a S\u00f6yl\u00fcyorum:<\/strong><\/span><\/p><p style=\"text-align: justify;\"><span style=\"font-family: arial, helvetica, sans-serif;\"><strong><em>\u201cTer\u00f6rs\u00fcz T\u00fcrkiye ve PKK ile \u00c7\u00f6z\u00fcm\u201d<\/em><\/strong><strong> s\u00fcre\u00e7leri \u00fclkemizi \u00e7\u00f6zme gayesi g\u00fctmektedir. Suriye\u2019de, Halep ve Deyrizor\u2019dan YPG\u2019nin \u00e7\u0131kar\u0131lmas\u0131, s\u0131n\u0131r\u0131m\u0131zda SDG K\u00fcrdistan\u0131\u2019na me\u015fruiyet kazand\u0131rma giri\u015fimleridir! Sn. Bah\u00e7eli\u2019nin \u00fclkemize ve milletimize yapaca\u011f\u0131 en b\u00fcy\u00fck iyilik, Cumhur \u0130ttifak\u0131\u2019n\u0131 terk etmesidir! Yahu, g\u00f6rm\u00fcyorlar m\u0131, ABD g\u00fcya tehdit g\u00f6rd\u00fc\u011f\u00fc DEA\u015e militanlar\u0131n\u0131n on binlercesini Irak\u2019a nakletmi\u015ftir; yani \u0130ran\u2019a kar\u015f\u0131 kullanmak \u00fczere onlara hayat garantisi vermi\u015ftir. Evet DEA\u015e\u2019\u0131 \u015fimdi \u0130ran\u2019a kar\u015f\u0131 s\u00fcrecektir!<\/strong><\/span><\/p><p style=\"text-align: justify;\"><span style=\"font-family: arial, helvetica, sans-serif;\"><strong>Sn. Bah\u00e7eli\u2019nin <em>\u201cCHP\u2019li Belediye Ba\u015fkan\u0131 Ahmet \u00d6zer\u2019e ter\u00f6r \u00f6rg\u00fct\u00fcne \u00fcyelikten hapis cezas\u0131 verilmesi, Ter\u00f6rs\u00fcz T\u00fcrkiye hedefine terstir\u201d <\/em>a\u00e7\u0131klamas\u0131, <em>Milli ve Derin T\u00fcrkiye bize engel oluyor!<\/em> mesaj\u0131 gibidir. Ve hele <em>YPG-SDG militanlar\u0131n\u0131n Suriye Ordusuna entegrasyonu, Suriye Ordusunun PKK\u2019la\u015fmas\u0131 <\/em>demektir ve ter\u00f6r ba\u015flar\u0131yla bizim komutanlar\u0131m\u0131z\u0131n art\u0131k e\u015fit say\u0131laca\u011f\u0131 anlam\u0131na gelir. Medya manip\u00fclasyonlar\u0131yla bu ger\u00e7ekler toplumdan gizlenmektedir!<\/strong><\/span><\/p><p style=\"text-align: justify;\"><span style=\"font-family: arial, helvetica, sans-serif;\"><strong>30 sene \u00f6nce Milli Gazete\u2019deki bir yaz\u0131m\u0131zda Van\u2019\u0131n Erci\u015f il\u00e7esinde Kadirasker Medresesi&#8217;ni ziyarete gelen ilim ve irfan ehli bir zat, camilerinin k\u0131ymetli hal\u0131lar\u0131n\u0131 \u00e7alan h\u0131rs\u0131zlar i\u00e7in \u015fik\u00e2yet\u00e7i olan cemaate: <em>\u201cRamazan Bayram\u0131 m\u00fcsaade eder, Kurban Bayram\u0131 f\u0131rsat vermez!\u201d<\/em> buyurduklar\u0131n\u0131 aktarm\u0131\u015ft\u0131m. Ger\u00e7ekten Ramazan ge\u00e7ince ve Kurban\u2019dan \u00f6nce h\u0131rs\u0131zlar yakalanm\u0131\u015flard\u0131. Erbakan Hocam\u0131z bu olay\u0131 defalarca m\u00fcjde makam\u0131nda hat\u0131rlatm\u0131\u015ft\u0131. <\/strong><\/span><\/p><p style=\"text-align: justify;\"><span style=\"font-family: arial, helvetica, sans-serif;\"><strong>Evet, \u00fcmitle bekleyelim, bu zul\u00fcm ve h\u0131yanetlere, Ramazan Bayram\u0131 m\u00fcsaade etse de Kurban Bayram\u0131 in\u015faallah f\u0131rsat tan\u0131mayacakt\u0131r!..<\/strong><\/span><\/p><p style=\"text-align: justify;\"><span style=\"font-family: arial, helvetica, sans-serif;\"><strong>Maalesef bu iktidar\u0131n en b\u00fcy\u00fck \u015fans\u0131; ciddi, cesaret ve \u00fcmit verici bir muhalefetin olmamas\u0131d\u0131r. Erbakan Hoca\u2019n\u0131n siyasi miras\u0131na konanlar bile <em>\u201cAdil D\u00fczen\u2019i, \u0130slam Birle\u015fmi\u015f Milletleri Projelerini\u201d<\/em> a\u011f\u0131zlar\u0131na alm\u0131yorlar. Siyonist Bilderberg eleman\u0131 Ali Babacan\u2019\u0131n, Siyonist CFR\u2019nin \u00f6zel adam\u0131 Davuto\u011flu\u2019nun pe\u015finde ko\u015fuyorlar\u2026<\/strong><\/span><\/p><p style=\"text-align: justify;\"><span style=\"font-family: arial, helvetica, sans-serif;\"><strong><em>\u201cTer\u00f6rs\u00fcz T\u00fcrkiye\u201d <\/em><\/strong><strong>Oyunlar\u0131 Bunlar\u0131n Sonunu Haz\u0131rlayacakt\u0131r!<\/strong><\/span><\/p><p style=\"text-align: justify;\"><span style=\"font-family: arial, helvetica, sans-serif;\"><strong>Suriye\u2019de SDG\u2019ye ba\u011fl\u0131 \u00fc\u00e7 Tugay (yani 3 ayr\u0131 ter\u00f6rist e\u015fk\u0131yalar\u0131) bir T\u00dcMEN olu\u015fturacak ve Suriye ordusunda g\u00f6revli ve yetkili k\u0131l\u0131nacakt\u0131. B\u00f6ylece T\u00fcrkiye, Suriye ordusu diye r\u00fctbe tak\u0131lm\u0131\u015f PKK\u2019yla muhatap olacakt\u0131. \u0130mral\u0131\u2019ya villa yap\u0131lacak, \u00d6calan DEM\u2019in ba\u015f\u0131na oturacakt\u0131!<\/strong><\/span><\/p><p style=\"text-align: justify;\"><span style=\"font-family: arial, helvetica, sans-serif;\"><strong>\u00d6nceki, s\u00f6zde A\u00e7\u0131l\u0131m S\u00fcrecinde; Diyarbak\u0131r-Batman-Siirt-Gen\u00e7lik Kamp\u0131 diye El\u00e2z\u0131\u011f Hazar G\u00f6l\u00fc k\u0131y\u0131s\u0131nda Orta-Lise \u00e7ocuklar\u0131n\u0131 al\u0131p, beyinlerini y\u0131kay\u0131p PKK\u2019l\u0131 yaparak da\u011fa \u00e7\u0131kar\u0131yorlard\u0131. <\/strong><\/span><\/p><p style=\"text-align: justify;\"><span style=\"font-family: arial, helvetica, sans-serif;\"><strong>Karde\u015fim Necati\u2019yi <em>\u201cSu analizleri ve g\u00f6ldeki sa\u011fl\u0131k problemleri bahanesiyle git oray\u0131 kapat!\u201d<\/em> diye g\u00f6reve yollam\u0131\u015flard\u0131. O b\u00f6lgede yetkili Askeri Komutana: <em>Niye bunlara izin veriyorsunuz? <\/em>diye sorunca <em>\u201cBen ilgili makamlara on tane rapor yazd\u0131m. \u2018A\u00e7\u0131l\u0131ma zarar verir ve PKK\u2019l\u0131lar g\u00fccenir\u2019 <\/em>diye sumen alt\u0131 ettiler\u201d \u015feklinde yan\u0131tlam\u0131\u015ft\u0131. Zaten Rudaw\u2019daki bir haberde; Rojava \u00d6zerk Y\u00f6netimi (Suriye \u00d6zel K\u00fcrt B\u00f6lgesi) Newroz ve Ramazan Bayram\u0131 i\u00e7in \u00f6zel af \u00e7\u0131karm\u0131\u015ft\u0131!..<\/strong><\/span><\/p><p style=\"text-align: justify;\"><span style=\"font-family: arial, helvetica, sans-serif;\"><strong>Ama yak\u0131nda herkes g\u00f6recek ve anlayacakt\u0131; Devlet ve \u0130lahi Kudret var m\u0131ym\u0131\u015f yok muymu\u015f!?.. O Deruni Devlet ki, O \u0130lahi Kudret ki, hainlerin yular\u0131n\u0131 uzat\u0131rm\u0131\u015f!.. \u201cHer yapt\u0131\u011f\u0131m yan\u0131ma k\u00e2r kal\u0131yor!\u201d sanan gafiller ve i\u015fbirlik\u00e7iler iyice az\u0131t\u0131rm\u0131\u015f!.. Sonunda Allah\u2019\u0131n kahr\u0131, Siyonist zalimlerin ve hainlerin devran\u0131n\u0131 kaz\u0131t\u0131rm\u0131\u015f!..<\/strong><\/span><\/p><p style=\"text-align: justify;\"><span style=\"font-family: arial, helvetica, sans-serif;\"><strong>\u015eimdi AKP iktidar\u0131na ve yanda\u015f yazar ve yorumcular\u0131na bir \u00e7a\u011fr\u0131m\u0131z vard\u0131: Daha \u00f6nce ink\u00e2r etmesine ra\u011fmen Erdo\u011fan iktidar\u0131n\u0131n; katil ve kuduz \u0130srail ile ticaret yapt\u0131\u011f\u0131 belgelerle ortaya \u00e7\u0131km\u0131\u015ft\u0131.<\/strong><\/span><\/p><p style=\"text-align: justify;\"><span style=\"font-family: arial, helvetica, sans-serif;\"><strong>&#8211; Hani \u0130srail\u2019le asla ticaret yapm\u0131yordunuz! Kesin bir a\u011f\u0131zla; aylard\u0131r milletin g\u00f6z\u00fcn\u00fcn i\u00e7ine baka baka, ekranlarda ve se\u00e7im meydanlar\u0131nda bunu reddediyor, bizi yalan s\u00f6ylemekle su\u00e7luyordunuz! Ama sonunda yapt\u0131\u011f\u0131n\u0131z bu k\u0131smi k\u0131s\u0131tlama karar\u0131, daha \u00f6nce \u0130srail\u2019e y\u00fczlerce gemi mal ta\u015f\u0131d\u0131\u011f\u0131n\u0131z\u0131 itiraf niteli\u011fi mi ta\u015f\u0131yordu?<\/strong><\/span><\/p><p style=\"text-align: justify;\"><span style=\"font-family: arial, helvetica, sans-serif;\"><strong>&#8211; Hem bu k\u0131s\u0131tlama, ni\u00e7in b\u00fct\u00fcn ticaret alan\u0131nda yap\u0131lam\u0131yordu? Yoksa \u0130srailli dostlar\u0131n\u0131z \u201cyaln\u0131zca bu alanlarda k\u0131s\u0131tlama yapabilirsiniz\u201d diye size yol y\u00f6ntem mi \u00f6\u011fretiyordu?<\/strong><\/span><\/p><p style=\"text-align: justify;\"><span style=\"font-family: arial, helvetica, sans-serif;\"><strong>&#8211; Ayr\u0131ca, bu k\u0131s\u0131tlama yapt\u0131\u011f\u0131n\u0131z \u00fcr\u00fcnlerin oranlar\u0131 ve y\u00fczdeleri, ni\u00e7in kamuoyuna a\u00e7\u0131klanm\u0131yordu?<\/strong><\/span><\/p><p style=\"text-align: justify;\"><span style=\"font-family: arial, helvetica, sans-serif;\"><strong>&#8211; En m\u00fchimi de; bu k\u0131s\u0131tlamay\u0131 yapmak, binlerce can yitip gittikten, Filistin\u2019in cennet gibi Gazze b\u00f6lgesi harabeye d\u00f6nd\u00fckten sonra m\u0131 akl\u0131n\u0131za geliyordu? Kald\u0131 ki \u0130srail resmi makamlar\u0131, T\u00fcrkiye\u2019nin 2025 y\u0131l\u0131nda kendilerine 925 milyon dolarl\u0131k mal g\u00f6nderdi\u011fini a\u00e7\u0131kl\u0131yordu!..<\/strong><\/span><\/p><p style=\"text-align: justify;\"><span style=\"font-family: arial, helvetica, sans-serif;\"><strong>Ey AKP iktidar\u0131 ve ucuz kahramanlar\u0131!<\/strong><\/span><\/p><p style=\"text-align: justify;\"><span style=\"font-family: arial, helvetica, sans-serif;\"><strong>&#8211; E\u011fer \u0130srail\u2019le ticareti s\u0131f\u0131r noktas\u0131na getiremiyorsan\u0131z!..<\/strong><\/span><\/p><p style=\"text-align: justify;\"><span style=\"font-family: arial, helvetica, sans-serif;\"><strong>&#8211; H\u00e2l\u00e2 \u0130ncirlik ve K\u00fcrecik \u00fcslerini kapatam\u0131yorsan\u0131z!..<\/strong><\/span><\/p><p style=\"text-align: justify;\"><span style=\"font-family: arial, helvetica, sans-serif;\"><strong>&#8211; Yani, \u0130srail\u2019den korktu\u011funuz kadar Allah&#8217;tan korkmuyorsan\u0131z!..<\/strong><\/span><\/p><p style=\"text-align: justify;\"><span style=\"font-family: arial, helvetica, sans-serif;\"><strong>O halde<em> &#8220;Katil \u0130srail, i\u015fbirlik\u00e7i AKP&#8221;<\/em> slogan\u0131ndan rahats\u0131z olmayacaks\u0131n\u0131z!..<\/strong><\/span><\/p><p style=\"text-align: justify;\"><span style=\"font-family: arial, helvetica, sans-serif;\"><strong>\u00d6nce <em>&#8220;\u0130srail\u2019le ticaret yapm\u0131yoruz&#8221;<\/em> diyeceksiniz! Bu yalan\u0131n\u0131z alenen ortaya konulunca d\u00f6n\u00fcp; <em>&#8220;Biz asl\u0131nda o mallar\u0131 Filistin&#8217;e g\u00f6nderiyoruz!&#8221;<\/em> diye \u00e7evireceksiniz!..<\/strong><\/span><\/p><p style=\"text-align: justify;\"><span style=\"font-family: arial, helvetica, sans-serif;\"><strong>Duyarl\u0131 vatanda\u015flar\u0131m\u0131z bu yalanlar\u0131 da yemeyip; <em>\u201c\u0130srail&#8217;le ticaret, Filistin&#8217;e ihanet!&#8221;<\/em> diye slogan at\u0131nca da, kad\u0131n-erkek, gen\u00e7-ya\u015fl\u0131, hepsini ters kelep\u00e7e tutuklay\u0131p darp edeceksiniz!<\/strong><\/span><\/p><p style=\"text-align: justify;\"><span style=\"font-family: arial, helvetica, sans-serif;\"><strong>Siz, \u00f6nce 7 ay boyunca, milletin g\u00f6z\u00fcn\u00fcn i\u00e7ine baka baka; barutundan g\u0131das\u0131na, BOR&#8217;undan demirine ve \u00e7imentosuna kadar \u0130srail\u2019e g\u00f6nderecek, y\u00fckledi\u011finiz gemiler Bo\u011faz\u2019daki k\u00f6pr\u00fcn\u00fcn alt\u0131ndan \u0130srail&#8217;e yol al\u0131rken, siz ayn\u0131 k\u00f6pr\u00fcn\u00fcn \u00fczerinde Filistin&#8217;e destek mitingi d\u00fczenleyeceksiniz! B\u00f6yle bir riyak\u00e2rl\u0131\u011fa tarih \u015fahit olmam\u0131\u015ft\u0131r.<\/strong><\/span><\/p><p style=\"text-align: justify;\"><span style=\"font-family: arial, helvetica, sans-serif;\"><strong>Ama, g\u00f6rd\u00fc\u011f\u00fcn\u00fcz gibi art\u0131k millet g\u00f6z\u00fcn\u00fc a\u00e7m\u0131\u015ft\u0131. Y\u0131llar \u00f6nce Milli \u00c7\u00f6z\u00fcm Dergisi\u2019nin dile getirdi\u011fi s\u00f6zleri ve sloganlar\u0131, \u015fimdi on binler meydanlarda hayk\u0131rmaktad\u0131r.<\/strong><\/span><\/p><p style=\"text-align: justify;\"><span style=\"font-family: arial, helvetica, sans-serif;\"><strong>Bu arada; <em>\u201cEfendim biz ticareti \u0130srail \u00fczerinden Filistin\u2019le yap\u0131yoruz\u201d<\/em> yalan\u0131na s\u0131\u011f\u0131n\u0131yorsunuz. Yahu milletin akl\u0131yla dalga m\u0131 ge\u00e7iyorsunuz!? \u00c7\u00fcnk\u00fc her \u00fclkenin bir ticari kodu vard\u0131r. Siz, T\u00fcrkiye koduna ticari y\u00fck y\u00fckleyip, o y\u00fck\u00fc Irak\u2019a, Amerika\u2019ya g\u00f6nderemezsiniz. Hangi \u00fclke kodunu girdiyseniz y\u00fck\u00fcn\u00fcz o \u00fclkeye gider. Yani siz, \u0130srail kodu ile Filistin\u2019e ticari mal g\u00f6nderemezsiniz, kimi kand\u0131r\u0131yorsunuz?<\/strong><\/span><\/p><p style=\"text-align: justify;\"><span style=\"font-family: arial, helvetica, sans-serif;\"><strong>Bu iktidar d\u00f6neminde, sadece huzurumuz, onurumuz ve yurdumuz de\u011fil, aile yuvam\u0131z ve namusumuz da b\u00fcy\u00fck tehlike alt\u0131ndayd\u0131!<\/strong><\/span><\/p><p style=\"text-align: justify;\"><span style=\"font-family: arial, helvetica, sans-serif;\"><strong>D\u00fcnya tarihinin en rezil pezevenkleri, Siyonist Yahudi baronlard\u0131 ve MOSSAD g\u00fcd\u00fcml\u00fc Epstein\u2019in \u00c7ocuk Adas\u0131yd\u0131!<\/strong><\/span><\/p><p style=\"text-align: justify;\"><span style=\"font-family: arial, helvetica, sans-serif;\"><strong>S\u00f6zde d\u00fcnyay\u0131 y\u00f6neten kodamanlar\u0131n ve onlar\u0131n di\u011fer \u00fclkelerdeki i\u015fbirlik\u00e7i devlet adamlar\u0131n\u0131n bir\u00e7o\u011funun, Epstein\u2019in 8-14 ya\u015f aras\u0131 k\u0131z ve erkek \u00e7ocuklar\u0131n\u0131 pazarlad\u0131\u011f\u0131 fuhu\u015f a\u011f\u0131na tak\u0131ld\u0131klar\u0131 ABD Adalet Bakanl\u0131\u011f\u0131nca ve belgeler \u0131\u015f\u0131\u011f\u0131nda a\u00e7\u0131\u011fa \u00e7\u0131kar\u0131lm\u0131\u015ft\u0131.<\/strong><\/span><\/p><p style=\"text-align: justify;\"><span style=\"font-family: arial, helvetica, sans-serif;\"><strong>Hatta o belgelerden birinde Slovakya Ba\u015fbakan\u0131na sorulmaktayd\u0131; T\u00fcrkiye ziyaretiniz s\u0131ras\u0131nda, <em>sana s\u00fcrekli kay\u0131t yapan ve bizimle irtibat\u0131 sa\u011flayan \u00f6zel APPLE WATCH saati tak\u0131ld\u0131 m\u0131?<\/em> Ne yani, T\u00fcrkiye\u2019nin yetkilileri Epstein\u2019e m\u00fc\u015fteri mi ayarlamaktalard\u0131?<\/strong><\/span><\/p><p style=\"text-align: justify;\"><span style=\"font-family: arial, helvetica, sans-serif;\"><strong>T\u00fcrkiye\u2019nin Henry Kissinger\u2019i olarak tan\u0131t\u0131lan eski Ba\u015fbakan, yani Siyonizm\u2019in hizmetk\u00e2r\u0131 bilgi\u00e7 adam diye sunulan kim olmaktayd\u0131?<\/strong><\/span><\/p><p style=\"text-align: justify;\"><span style=\"font-family: arial, helvetica, sans-serif;\"><strong>Din istismarc\u0131s\u0131 TGRT ve \u0130hlas Holding\u2019in patronu M\u00fccahit \u00d6ren\u2019in <em>yaramazl\u0131klar\u0131<\/em> hangi boyutlara ula\u015fm\u0131\u015ft\u0131?<\/strong><\/span><\/p><p style=\"text-align: justify;\"><span style=\"font-family: arial, helvetica, sans-serif;\"><strong>Ve TBMM\u2019ye bu rezaletlerle ilgili yaz\u0131l\u0131 soru \u00f6nergesi sunulmu\u015f durumdayd\u0131: <em>2002-2025 y\u0131llar\u0131 aras\u0131nda, T\u00fcrkiye\u2019de ka\u00e7 k\u00fc\u00e7\u00fck k\u0131z\u0131m\u0131z kay\u0131pt\u0131 ve bunlar\u0131n ka\u00e7\u0131 me\u015fhur ve mel\u2019un Epstein Adas\u0131na ka\u00e7\u0131r\u0131lm\u0131\u015ft\u0131?<\/em><\/strong><\/span><\/p><p style=\"text-align: justify;\"><span style=\"font-family: arial, helvetica, sans-serif;\"><strong>Bir soru da biz soral\u0131m; b\u00fct\u00fcn bu mel\u2019anet ve rezaletleri yapanlara de\u011fil de, bunlar\u0131 ortaya \u00e7\u0131karan Milli \u00c7\u00f6z\u00fcm Dergisi\u2019ne sata\u015fanlar, nas\u0131l bir vicdan ta\u015f\u0131maktalard\u0131? Ve yine 16 ya\u015f alt\u0131na sosyal ve sanal medya yasa\u011f\u0131 getiren Avustralya ve \u015fimdi Avrupa \u00fclkeleri, Hristiyan hatta inan\u00e7s\u0131z olmalar\u0131na ra\u011fmen \u00e7ocuklar\u0131n\u0131 rezaletlerden korumaya u\u011fra\u015f\u0131rken, bu konuda bizim g\u00fcya Dindar iktidar\u0131m\u0131z niye bir ad\u0131m atmazd\u0131?<\/strong><\/span><\/p><p style=\"text-align: justify;\"><span style=\"font-family: arial, helvetica, sans-serif;\"><strong>Art\u0131k sormak zorunday\u0131z\u2026<\/strong><\/span><\/p><p style=\"text-align: justify;\"><span style=\"font-family: arial, helvetica, sans-serif;\"><strong>Yoksa baz\u0131 gizli yard\u0131mlar\u0131 i\u00e7in mi, <\/strong><strong>\u0130srail\u2019den Erdo\u011fan\u2019a: <em>\u201cD\u00fc\u015fman G\u00f6r\u00fcn\u00fcml\u00fc Dost!\u201d<\/em> tan\u0131m\u0131 yap\u0131lm\u0131\u015ft\u0131!?<\/strong><\/span><\/p><p style=\"text-align: justify;\"><span style=\"font-family: arial, helvetica, sans-serif;\"><strong>Suudi yay\u0131n kurulu\u015fu \u0130laf\u2019a deme\u00e7 veren \u0130srail \u0130stihbarat ve Savunma Bakan\u0131 <em>Yisrael Katz,<\/em> <em>Hayfa\u2019dan Suudi Arabistan\u2019a uzanan bir demiryolu projesi \u00fczerinde \u00e7al\u0131\u015f\u0131ld\u0131\u011f\u0131n\u0131 ve T\u00fcrkiye\u2019nin de mallar\u0131n\u0131 K\u00f6rfez \u00fclkelerine, Hayfa Liman\u0131\u2019ndan ula\u015ft\u0131rd\u0131\u011f\u0131n\u0131<\/em> a\u00e7\u0131klam\u0131\u015ft\u0131. Kuduz \u0130srailli Siyonist Bakan Yisrael Katz, ABD Ba\u015fkan\u0131 Donald Trump\u2019\u0131n Kud\u00fcs\u2019\u00fc \u0130srail\u2019in ba\u015fkenti olarak tan\u0131mas\u0131ndan sonra <em>Erdo\u011fan\u2019\u0131n \u201cD\u00fc\u015fmanDOST\u201d (Frenemy) rol\u00fc oynad\u0131\u011f\u0131n\u0131 <\/em>hat\u0131rlatm\u0131\u015ft\u0131. Siyonist Katz, T\u00fcrkiye Cumhurba\u015fkan\u0131 Erdo\u011fan i\u00e7in: <em>\u201cG\u00f6r\u00fcn\u00fc\u015fte, bize olduk\u00e7a fazla sald\u0131r\u0131yor. Biz de haliyle cevap veriyoruz. Ancak unutmamak gerekir ki, Sn. Erdo\u011fan ger\u00e7ekte bize yar\u0131yor; bak\u0131n T\u00fcrkiye, mallar\u0131n\u0131 Hayfa Liman\u0131 \u00fczerinden K\u00f6rfez b\u00f6lgesine g\u00f6nderiyor. T\u00fcrkiye\u2019nin K\u00f6rfez \u00fclkelerine yapt\u0131\u011f\u0131 ihracat\u0131n %25\u2019i Hayfa Liman\u0131 \u00fczerinden ger\u00e7ekle\u015ftiriliyor\u201d <\/em>itiraf\u0131nda bulunmu\u015flard\u0131. Ve bu iddialar yalanlanmam\u0131\u015ft\u0131!?<\/strong><\/span><\/p><p style=\"text-align: justify;\"><span style=\"font-family: arial, helvetica, sans-serif;\"><strong>Erdo\u011fan&#8217;\u0131n Yahudi Dan\u0131\u015fman\u0131, Acaba Ona Neler A\u015f\u0131lam\u0131\u015ft\u0131?<\/strong><\/span><\/p><p style=\"text-align: justify;\"><span style=\"font-family: arial, helvetica, sans-serif;\"><strong>Hatta bir ara; Musevi as\u0131ll\u0131 Siyonist kafal\u0131 Kalman Chaim Sporn, Cumhurba\u015fkan\u0131 T. Erdo\u011fan\u2019\u0131n strateji dan\u0131\u015fman\u0131 yap\u0131lm\u0131\u015ft\u0131. Anla\u015fma, d\u00f6nemin Washington B\u00fcy\u00fckel\u00e7isi Murat Mercan\u2019la Sporn aras\u0131nda imzalanm\u0131\u015ft\u0131. Kalman Chaim Sporn\u2019un as\u0131l misyonu, dan\u0131\u015fmanl\u0131k yapt\u0131klar\u0131n\u0131 \u0130srail\u2019e yarar konuma sokmakt\u0131!<\/strong><\/span><\/p><p style=\"text-align: justify;\"><span style=\"font-family: arial, helvetica, sans-serif;\"><strong>Bir ara Erbakan Hoca\u2019n\u0131n \u00f6zel talimat\u0131yla g\u00f6r\u00fc\u015ft\u00fc\u011f\u00fcm \u015eevket Kazan a\u011fz\u0131ndan ka\u00e7\u0131rm\u0131\u015ft\u0131; \u201cP\u0131narhisar\u2019da Erol Toy\u2019un \u2018\u0130mparator\u2019 kitab\u0131n\u0131 Erdo\u011fan\u2019a hediye ettim.\u201d O kitapta; bir NATO \u00fclkesinde Ba\u015fbakan olmak i\u00e7in \u0130srail\u2019e yana\u015fmak ve masonlarla uzla\u015fmak gerekti\u011fi yaz\u0131yordu.<\/strong><\/span><\/p><p style=\"text-align: justify;\"><span style=\"font-family: arial, helvetica, sans-serif;\"><strong>Gelelim As\u0131l Konuya: Erbakan Hoca\u2019n\u0131n Gizli Silahlar\u0131 ve Siyonizm\u2019in-Emperyalizmin Hizaya Sokulmas\u0131!?<\/strong><\/span><\/p><p style=\"text-align: justify;\"><span style=\"font-family: arial, helvetica, sans-serif;\"><strong>Erbakan Hocam\u0131z bu bilimsel ve \u00fcmit verici ger\u00e7ekleri bir ESAM Konferans\u0131nda hat\u0131rlatm\u0131\u015ft\u0131. Ayn\u0131 konuda ba\u015fka konu\u015fmalar\u0131ndaki a\u00e7\u0131klay\u0131c\u0131 bilgi ve bulgularla ve daha net anla\u015f\u0131l\u0131r izahlarla sizlere aktarmaya \u00e7al\u0131\u015faca\u011f\u0131z. Hocam\u0131z \u015f\u00f6yle buyurmu\u015flard\u0131:<\/strong><\/span><\/p><p style=\"text-align: justify;\"><span style=\"font-family: arial, helvetica, sans-serif;\"><strong>\u201c(\u015eu gafil Erdo\u011fan \u0130ktidar\u0131, ne diyor:) <em>\u2018Efendim, Ortado\u011fu&#8217;da \u0130srail&#8217;le beraber bir anla\u015fma yapal\u0131m!\u2019<\/em>\u00a0 Bu manas\u0131z bir s\u00f6zd\u00fcr (bo\u015funa bir \u00e7abad\u0131r). \u00c7\u00fcnk\u00fc \u0130srail&#8217;in gayeleri (B\u00e2t\u0131l ve barbar inanc\u0131ndan kaynakl\u0131d\u0131r; bunlar bozuk) D\u0130N\u00ce buyruklar\u0131d\u0131r. Dinini mi de\u011fi\u015ftirecek seninle anla\u015faca\u011f\u0131m diye? Siyonistler B\u00fcy\u00fck \u0130srail hedefinden mi vazge\u00e7ecek? Bu m\u00fcmk\u00fcn de\u011fil. Kendinizi aldat\u0131p oyal\u0131yorsunuz!..<\/strong><\/span><\/p><p style=\"text-align: justify;\"><span style=\"font-family: arial, helvetica, sans-serif;\"><strong>\u0130srail&#8217;i hakk\u0131na raz\u0131 etmek (ve zul\u00fcmden vazge\u00e7irmek), ancak m\u00fceyyide ile olur; (\u00e7\u00fcnk\u00fc \u0131rk\u00e7\u0131 emperyalistler sadece g\u00fc\u00e7ten anlamaktad\u0131r!) yani bir benzetme \u015feklinde s\u00f6yleyecek olursak; bunlar\u0131n aln\u0131na tabancay\u0131 dayars\u0131n; <em>\u201cotur bakay\u0131m \u015fu masaya, at bakay\u0131m \u015furaya imzan\u0131\u201d<\/em> dersin zalimlere, ancak b\u00f6yle (do\u011fru ve uygun bir) i\u015f g\u00f6sterirsin. Bu \u201ctabanca\u201d dedi\u011fimiz nedir? M\u00fceyyide. (Yani Siyonistleri hizaya sokacak ve bar\u0131\u015fa mecbur b\u0131rakacak, yapt\u0131r\u0131m g\u00fcc\u00fcn ve cayd\u0131r\u0131c\u0131 haz\u0131rl\u0131\u011f\u0131n olacak.)<\/strong><\/span><\/p><p style=\"text-align: justify;\"><span style=\"font-family: arial, helvetica, sans-serif;\"><strong>Peki ne m\u00fceyyidesi uygulanacak, biz ne yapaca\u011f\u0131z da bunlara kar\u015f\u0131 maddi \u00fcst\u00fcnl\u00fc\u011f\u00fc sa\u011flayaca\u011f\u0131z? \u0130\u015fte bunun i\u00e7in bizim, \u0130slam \u00e2lemi olarak, \u00f6nce hep beraber; (\u00fcst\u00fcn teknolojik) projelerimizi haz\u0131rlamam\u0131z, planlar\u0131m\u0131z\u0131 olu\u015fturmam\u0131z ve bunu geciktirmeden yapmam\u0131z laz\u0131md\u0131 yapt\u0131k!<\/strong><\/span><\/p><p style=\"text-align: justify;\"><span style=\"font-family: arial, helvetica, sans-serif;\"><strong>(Unutmay\u0131n, bu \u00e7a\u011fda) Cenab-\u0131 Allah&#8217;\u0131n en b\u00fcy\u00fck nimeti, l\u00fctfu, rahmeti; teknolojidir. Teknoloji ak\u0131l ve bilim i\u015fidir. Siz (\u00fcst\u00fcn ve orijinal) teknolojiyle (Siyonist-emperyalistlerin) ak\u0131llar\u0131 almayacak ve hayalleri bile ula\u015famayacak b\u00fcy\u00fck i\u015fler yapabilirsiniz.<\/strong><\/span><\/p><p style=\"text-align: justify;\"><span style=\"font-family: arial, helvetica, sans-serif;\"><strong>Siyonizm\u2019in en \u00e7ok korkusu <em>\u201cYa M\u00fcsl\u00fcmanlar teknolojide bizden \u00f6ne ge\u00e7erse!?\u201d<\/em> ku\u015fkular\u0131d\u0131r. Bunun i\u00e7in Silikon Vadisi\u2019ne milyarlar yat\u0131r\u0131yorlar. Aram\u0131zdaki teknoloji mesafesini a\u00e7mak \u00fczere kendilerini ve geleceklerini garantiye almak i\u00e7in bunlar\u0131 yap\u0131yorlar&#8230;<\/strong><\/span><\/p><p style=\"text-align: justify;\"><span style=\"font-family: arial, helvetica, sans-serif;\"><strong>\u0130yi de, teknolojiyle neler yapmak m\u00fcmk\u00fcnd\u00fcr? Mesela, Amerikan gemisinden at\u0131lm\u0131\u015f olan bir f\u00fczeyi, siz \u00fcst\u00fcn ve orijinal bir teknolojiyle havada kontrol\u00fcn\u00fcze al\u0131rs\u0131n\u0131z, onu geri \u00e7evirmeyi ba\u015far\u0131rs\u0131n\u0131z ve atan geminin \u00fczerinde par\u00e7alars\u0131n\u0131z!..<\/strong><\/span><\/p><p style=\"text-align: justify;\"><span style=\"font-family: arial, helvetica, sans-serif;\"><strong>Bu m\u00fcmk\u00fcn m\u00fc? Evet m\u00fcmk\u00fcnd\u00fcr!.. <em>(Unutmay\u0131n ki Hocan\u0131z bir Teknoloji Profes\u00f6r\u00fcd\u00fcr!..)<\/em><\/strong><\/span><\/p><p style=\"text-align: justify;\"><span style=\"font-family: arial, helvetica, sans-serif;\"><strong>Ayr\u0131ca, teknolojiyle \u015funlar da m\u00fcmk\u00fcnd\u00fcr! Ben \u015fimdi bu masada oturuyorum, \u015furada bir d\u00fc\u011fmeye bas\u0131yorum, \u0130stanbul Havaliman\u0131&#8217;ndan pilotsuz bir u\u00e7ak havalan\u0131yor, hedefine kilitlenmi\u015f gidiyor. Bu u\u00e7a\u011f\u0131n \u00f6n\u00fcndeki ekran\u0131nda g\u00f6r\u00fcnen ne varsa, ben de \u00f6n\u00fcmdeki ekranda g\u00f6r\u00fcyorum. Ve bu u\u00e7a\u011f\u0131 Tel Aviv\u2019e y\u00f6nlendiriyorum, elimdeki \u00e7ok \u00f6zel elektronik kumandayla bunlar\u0131 yap\u0131yorum. (Bu \u0130HA\u2019y\u0131) Tel Aviv\u2019in ormanlar\u0131n\u0131n kenar\u0131na indiriyorum. U\u00e7a\u011f\u0131n i\u00e7inden k\u00fc\u00e7\u00fck bir k\u00f6stebek \u00e7\u0131k\u0131yor. Yine, (k\u00fc\u00e7\u00fck ama \u00e7ok etkin) bombayla donat\u0131lm\u0131\u015f bu k\u00f6stebek, buradan kumandayla, istenen istikamete y\u00fcr\u00fcyor. O ne g\u00f6r\u00fcyorsa ben de burada ekranda g\u00f6r\u00fcyorum.<\/strong><\/span><\/p><p style=\"text-align: justify;\"><span style=\"font-family: arial, helvetica, sans-serif;\"><strong>\u0130srail&#8217;in atom silahlar\u0131n\u0131n bulunmu\u015f oldu\u011fu gizli ve \u00f6zel binaya do\u011fru (bu k\u00f6stebe\u011fi) y\u00fcr\u00fct\u00fcyorum. Bu k\u00f6stebek b\u00f6cek duvardan atl\u0131yor, pencereden i\u00e7eri giriyor. (B\u00fct\u00fcn) Bunlar hep par\u00e7a par\u00e7a yap\u0131lm\u0131\u015ft\u0131r. (Ya farkl\u0131 \u0130slam \u00fclkelerinde veya T\u00fcrkiye\u2019de ayr\u0131 birimlerde t\u00fcm altyap\u0131s\u0131 ve seri \u00fcretim a\u015famas\u0131 tamamlanm\u0131\u015ft\u0131r.) Ve kar\u015f\u0131mdaki santralde duran d\u00fc\u011fmeye basar basmaz bu b\u00f6cek bombay\u0131 patlat\u0131yorum ve hedefi berhava ediyorum. \u00dcstelik oturdu\u011fum yerden bunu yap\u0131yorum; ortada insan falan yok, kimseyi tehlikeye atm\u0131yorum.<\/strong><\/span><\/p><p style=\"text-align: justify;\"><span style=\"font-family: arial, helvetica, sans-serif;\"><strong>Art\u0131k, sava\u015flar yava\u015f yava\u015f, \u00e2deta sanal sava\u015fa d\u00f6n\u00fc\u015fmeye ba\u015flayacak. Oturulan yerden yap\u0131lacak ve insans\u0131z olarak ba\u015far\u0131lacak. B\u00fct\u00fcn bunlar ne ile m\u00fcmk\u00fcn? Elbette teknoloji ile m\u00fcmk\u00fcn (onu da ba\u015farm\u0131\u015f\u0131z ve yak\u0131nda uygulayaca\u011f\u0131z in\u015faallah\u2026)<\/strong><\/span><\/p><p style=\"text-align: justify;\"><span style=\"font-family: arial, helvetica, sans-serif;\"><strong>\u0130\u015fte M\u00fcsl\u00fcmanlar teknolojik bak\u0131mdan b\u00f6yle ileri ge\u00e7tikleri zaman, onlar\u0131n 40 tane u\u00e7ak gemisine kar\u015f\u0131 art\u0131k bizim 80 tane u\u00e7ak gemisi yapmam\u0131za falan gerek kalmayacakt\u0131r. Sadece onun att\u0131\u011f\u0131 f\u00fczeyi \u00f6zel teknolojiler ve elektromanyetik sistemlerle kontrol\u00fcm\u00fcze al\u0131r\u0131z, geri \u00e7evirip kendi gemisinin \u00fczerinde patlat\u0131r\u0131z. B\u00f6ylece o u\u00e7ak gemisi bizim say\u0131l\u0131r. Ve bu da \u00e7ok az bir parayla yap\u0131l\u0131r. 80 tane u\u00e7ak gemisinin paras\u0131yla k\u0131yaslanmayacak kadar (k\u00fc\u00e7\u00fck harcamalarla ba\u015far\u0131l\u0131r)!\u201d buyurmu\u015flard\u0131.<\/strong><\/span><\/p><p style=\"text-align: justify;\"><span style=\"font-family: arial, helvetica, sans-serif;\"><strong>Ancaak!.. 1974 \u015fanl\u0131 K\u0131br\u0131s \u00e7\u0131karmam\u0131zda bize her t\u00fcrl\u00fc deste\u011fi sa\u011flayan Kaddafi\u2019yi sonunda kuduz Ha\u00e7l\u0131lar\u0131n kuca\u011f\u0131na atan ucuz kahramanlar\u0131n\u2026 Daha \u00f6nceleri \u201cKarde\u015fim\u201d dedi\u011fi Venezuela Ba\u015fkan\u0131 Maduro\u2019nun \u201cUyu\u015fturucu imalat\u0131 ve ihracat\u0131yla\u201d su\u00e7lan\u0131p, e\u015fiyle yata\u011f\u0131ndan al\u0131narak ABD\u2019ye ka\u00e7\u0131r\u0131lmas\u0131 korsanl\u0131\u011f\u0131n\u0131, k\u0131s\u0131k ve p\u0131s\u0131r\u0131k bir sesle ve esefle k\u0131nayanlar\u0131n, d\u00fcnyan\u0131n ba\u015f belas\u0131 Siyonist ve emperyalist odaklara kar\u015f\u0131 koyamayacaklar\u0131 ve onlarla ba\u015fa \u00e7\u0131kamayacaklar\u0131 a\u00e7\u0131kt\u0131r. <\/strong><\/span><\/p><p style=\"text-align: justify;\"><span style=\"font-family: arial, helvetica, sans-serif;\"><strong>Art\u0131k \u00fclkemizin, b\u00f6lgemizin ve insanl\u0131k \u00e2leminin Erbakan&#8217;ca bir duru\u015fa ve Milli \u00c7\u00f6z\u00fcm a\u00e7\u0131l\u0131m\u0131na ihtiyac\u0131 vard\u0131r. L\u00fctfen hat\u0131rlay\u0131n\u0131z!<\/strong><\/span><\/p><p style=\"text-align: justify;\"><span style=\"font-family: arial, helvetica, sans-serif;\"><strong> \u2022 28 Nisan 2025&#8217;te \u0130spanya-Portekiz merkezli t\u00fcm Bat\u0131 Avrupa\u2019y\u0131 \u015fa\u015fk\u0131nl\u0131\u011fa u\u011fratan yayg\u0131n ve nedeni kay\u0131p elektrik kesintileri ya\u015fanm\u0131\u015ft\u0131\u2026<\/strong><\/span><\/p><p style=\"text-align: justify;\"><span style=\"font-family: arial, helvetica, sans-serif;\"><strong> \u2022 4 Ocak 2026&#8217;da ise Yunanistan\u2019da Hava Trafi\u011fini fel\u00e7 eden Radyo Frekans kopukluklar\u0131 ve nedeni bilinmeyen Kule-Pilot irtibat\u0131n\u0131n sa\u011flanamamas\u0131, Yunanistan\u2019\u0131 \u015fa\u015fk\u0131nl\u0131\u011fa u\u011fratm\u0131\u015ft\u0131.<\/strong><\/span><\/p><p style=\"text-align: justify;\"><span style=\"font-family: arial, helvetica, sans-serif;\"><strong>\u0130\u015fte bunlar Erbakan Hocam\u0131z\u0131n bu \u00f6zel ve gizli teknoloji harikalar\u0131n\u0131n hem m\u00fcmk\u00fcn oldu\u011funu hem de \u00f6nemini ve l\u00fczumunu bir kez daha ortaya \u00e7\u0131karm\u0131\u015ft\u0131. <\/strong><\/span><\/p><p style=\"text-align: justify;\"><span style=\"font-family: arial, helvetica, sans-serif;\"><strong>Soranlar \u00e7\u0131kmaktayd\u0131; iyi de bu teknolojiler varsa niye kullan\u0131lmazd\u0131?<\/strong><\/span><\/p><p style=\"text-align: justify;\"><span style=\"font-family: arial, helvetica, sans-serif;\"><strong>1- \u00c7\u0131banlar\u0131 olgunla\u015fmadan de\u015fmek yanl\u0131\u015ft\u0131\u2026<\/strong><\/span><\/p><p style=\"text-align: justify;\"><span style=\"font-family: arial, helvetica, sans-serif;\"><strong>2- Sa\u011fc\u0131, solcu ve din istismarc\u0131s\u0131 b\u00fct\u00fcn parti ve sistemlerin iflas\u0131ndan sonra Hakk\u0131n va\u2019di ve tecellisi ortaya \u00e7\u0131kard\u0131. D\u00fc\u015f\u00fcn\u00fcn 3-5 sene \u00f6nce \u0130srail\u2019e vurulsa, herkes haks\u0131z \u00e7\u0131kar\u0131rd\u0131; ama bug\u00fcn vuruldu\u011funda d\u00fcnya alk\u0131\u015flard\u0131!<\/strong><\/span><\/p><p style=\"text-align: justify;\"><span style=\"font-family: arial, helvetica, sans-serif;\"><strong>Art\u0131k Adil D\u00fczen\u2019e ve Milli \u00c7\u00f6z\u00fcm&#8217;e inanan kadrolar eliyle, \u00fclkemizde ve yery\u00fcz\u00fcnde ger\u00e7ek bar\u0131\u015f ve bereketi sa\u011flayacak bir de\u011fi\u015fim ve devrim ka\u00e7\u0131n\u0131lmazd\u0131r!<\/strong><\/span><\/p><p style=\"text-align: justify;\"><span style=\"font-family: arial, helvetica, sans-serif;\"><strong>Yakinen biliyoruz ki; sim\u00fclat\u00f6r sistemiyle, bu \u00f6zel ve orijinal u\u00e7aklar\u0131n; hem de kendilerine zarar vermeden \u00e7ok \u00e7e\u015fitli denemeler rahatl\u0131kla yap\u0131lm\u0131\u015ft\u0131r. B\u00fct\u00fcn bunlarda seri imalat safhas\u0131na gelinmi\u015f durumdad\u0131r. Her t\u00fcrl\u00fc silah ve teknolojik ara\u00e7 ve gere\u00e7ler \u00fcretilip savunma ihtiya\u00e7lar\u0131m\u0131z i\u00e7in haz\u0131rlanm\u0131\u015ft\u0131r. B\u00fct\u00fcn bu \u00f6zg\u00fcn ba\u015far\u0131 ve birikimlerin, \u015fanl\u0131 ordumuzun hizmetine sunulaca\u011f\u0131 g\u00fcnler yak\u0131nd\u0131r!<\/strong><\/span><\/p><p style=\"text-align: justify;\"><span style=\"font-family: arial, helvetica, sans-serif;\"><strong> \u2022 <em>Evet, pilotsuz u\u00e7aklar\u0131n ve her t\u00fcrl\u00fc bilgisayarl\u0131 ara\u00e7 gere\u00e7lerin,<\/em><\/strong><\/span><\/p><p style=\"text-align: justify;\"><span style=\"font-family: arial, helvetica, sans-serif;\"><strong> \u2022 <em>Duvardan, kap\u0131dan, may\u0131nl\u0131 ortamdan, tel \u00f6rg\u00fcl\u00fc ve elektrikli manialardan a\u015fan ve hedefine ula\u015f\u0131p g\u00f6revini yapan, y\u00fcr\u00fcyen teknolojik b\u00f6ceklerin,<\/em><\/strong><\/span><\/p><p style=\"text-align: justify;\"><span style=\"font-family: arial, helvetica, sans-serif;\"><strong> \u2022 <em>Ulusal ve uluslararas\u0131 her t\u00fcrl\u00fc stratejik konu\u015fma ve yaz\u0131\u015fmalar\u0131 dinleyecek ve de\u011ferlendirecek, ama kendisi asla \u00e7\u00f6z\u00fclmeyecek son sistem ileti\u015fim aletlerinin hepsi haz\u0131rd\u0131r! D\u00fc\u015fmanlar\u0131n tamam\u0131n\u0131n bilgisayar sistemlerini, teknolojik projelerini, h\u0131yanet ve sald\u0131r\u0131 giri\u015fimlerini, \u00e7ok \u00f6zel ve gizli casusluk \u015febekelerini takip ve tahrip edici, sentetik ila\u00e7 kaps\u00fclleri benzeri, uzaktan kumandal\u0131 ve fark edilmesi imk\u00e2ns\u0131z; <\/em>bir nevi \u201csuni cin\u201d modelleri haz\u0131rd\u0131r.<\/strong><\/span><\/p><p style=\"text-align: justify;\"><span style=\"font-family: arial, helvetica, sans-serif;\"><strong>Bunlar\u0131n <em>tasar\u0131m ve proje ba\u015flang\u0131\u00e7lar\u0131n\u0131, Model ve deneme safhalar\u0131n\u0131, Seri \u00fcretim ve geli\u015ftirme a\u015famalar\u0131n\u0131, ger\u00e7ek ve \u00f6rnek video \u00e7ekimleriyle g\u00f6steren tan\u0131t\u0131m filmi, bizde hayret ve hayranl\u0131k uyand\u0131rm\u0131\u015f ve: \u201cAhir zamanda ve Hz. Mehdi\u2019nin Deccal\u2019e kar\u015f\u0131 kutlu sava\u015f\u0131nda \u201cbarut ate\u015f almayacak, silahlar patlamayacak\u201d mealinde m\u00fcjdelenen haberlerin nas\u0131l hakikat olaca\u011f\u0131 b\u00f6ylece ispatlanm\u0131\u015ft\u0131r.<\/em><\/strong><\/span><\/p><p style=\"text-align: justify;\"><span style=\"font-family: arial, helvetica, sans-serif;\"><strong>Amerika, Avrupa, \u00c7in, Rusya, Hindistan; bir ak\u015fam bakacaklar ki:<\/strong><\/span><\/p><p style=\"text-align: justify;\"><span style=\"font-family: arial, helvetica, sans-serif;\"><strong> \u2022 Elektrik da\u011f\u0131t\u0131m \u015febekeleri devre d\u0131\u015f\u0131 b\u0131rak\u0131lm\u0131\u015f\u2026<\/strong><\/span><\/p><p style=\"text-align: justify;\"><span style=\"font-family: arial, helvetica, sans-serif;\"><strong> \u2022 T\u00fcm bilgisayar faaliyetleri ask\u0131ya al\u0131nm\u0131\u015f\u2026<\/strong><\/span><\/p><p style=\"text-align: justify;\"><span style=\"font-family: arial, helvetica, sans-serif;\"><strong> \u2022 B\u00fct\u00fcn telefon ve ileti\u015fim ba\u011flar\u0131 kopar\u0131lm\u0131\u015f\u2026<\/strong><\/span><\/p><p style=\"text-align: justify;\"><span style=\"font-family: arial, helvetica, sans-serif;\"><strong> \u2022 Sivil ve Askeri istihbarat sistemleri \u00e7al\u0131nm\u0131\u015f ve \u00e7al\u0131\u015fmaz duruma ta\u015f\u0131nm\u0131\u015f\u2026<\/strong><\/span><\/p><p style=\"text-align: justify;\"><span style=\"font-family: arial, helvetica, sans-serif;\"><strong> \u2022 K\u0131talararas\u0131 balistik ve n\u00fckleer ba\u015fl\u0131k rampalar\u0131ndaki f\u00fczelerin ate\u015fleme mekanizmalar\u0131n\u0131n, metalik vir\u00fcslerle \u00e7\u00fcr\u00fct\u00fcld\u00fc\u011f\u00fcn\u00fcn; patlamaz ve i\u015fe yaramaz bir hal alm\u0131\u015f oldu\u011funun fark\u0131na vard\u0131klar\u0131nda\u2026<\/strong><\/span><\/p><p style=\"text-align: justify;\"><span style=\"font-family: arial, helvetica, sans-serif;\"><strong>\u0130\u015fte bu duruma bu s\u00fcper zalim odaklar bir gece dayanamazlar ve 2 g\u00fcn bu teknolojik ambargo uygulan\u0131rsa, hepsi mecburen teslim olacak ve Adil D\u00fczen \u015fartlar\u0131na uyacaklar!..<\/strong><\/span><\/p><p style=\"text-align: justify;\"><span style=\"font-family: arial, helvetica, sans-serif;\">\u0627\u064e\u0645\u0651\u064e\u0646\u0652 \u0647\u0670\u0630\u064e\u0627 \u0627\u0644\u0651\u064e\u0630\u06ea\u064a \u0647\u064f\u0648\u064e \u062c\u064f\u0646\u0652\u062f\u064c \u0644\u064e\u0643\u064f\u0645\u0652 \u064a\u064e\u0646\u0652\u0635\u064f\u0631\u064f\u0643\u064f\u0645\u0652 \u0645\u0650\u0646\u0652 \u062f\u064f\u0648\u0646\u0650 \u0627\u0644\u0631\u0651\u064e\u062d\u0652\u0645\u0670\u0646\u0650\u06dc \u0627\u0650\u0646\u0650 \u0627\u0644\u0652\u0643\u064e\u0627\u0641\u0650\u0631\u064f\u0648\u0646\u064e \u0627\u0650\u0644\u0651\u064e\u0627 \u0641\u06ea\u064a \u063a\u064f\u0631\u064f\u0648\u0631\u064d\u06da<\/span><\/p><p style=\"text-align: justify;\"><span style=\"font-family: arial, helvetica, sans-serif;\"><strong><em>\u201c(Ey Siyonist ve emperyalist zalim g\u00fc\u00e7ler ve Allah\u2019tan ziyade bunlardan \u00e7ekinen ve g\u00fcvenen gafiller! \u0130\u015fte bu yeg\u00e2ne kuvvet ve kudret sahibi olan) Rahman\u2019a kar\u015f\u0131 (ve O\u2019na ra\u011fmen), size yard\u0131m edece\u011fine (inand\u0131\u011f\u0131n\u0131z ve s\u00fcper g\u00fc\u00e7 sand\u0131\u011f\u0131n\u0131z) \u015fu sizin ordunuz (u\u00e7ak gemilerinizden, balistik f\u00fczelerinizden ve tank roketlerinizden olu\u015fan bir s\u00fcr\u00fc devasa filonuz; Cenab-\u0131 Hakk\u0131n Kudreti kar\u015f\u0131s\u0131nda neymi\u015f ve) kimmi\u015f (ki korkup onlara s\u0131\u011f\u0131nmaktas\u0131n\u0131z\u2026?) Oysa ger\u00e7ekte b\u00fct\u00fcn k\u00e2firler, (ve onlardan korkan gafiller) sadece bo\u015f bir gurur ve aldan\u0131\u015f i\u00e7inde bulunmaktad\u0131rlar.\u201d<\/em><\/strong><strong> (M\u00fclk: 20)<\/strong><\/span><\/p><p style=\"text-align: justify;\"><span style=\"font-family: arial, helvetica, sans-serif;\"><strong>Bug\u00fcn sadece ki\u015filerin de\u011fil, \u00fclkelerin, stratejik birimlerin ve istihbarat \u00f6rg\u00fctlerinin b\u00fct\u00fcn gizli bilgileri maalesef birka\u00e7 k\u00fcresel Siyonist ileti\u015fim \u015firketlerinin elinde bulunmaktad\u0131r. \u0130\u015fte \u00f6nce bu tekeli k\u0131rmakla i\u015fe ba\u015flamal\u0131 ve bunu ger\u00e7ekle\u015ftirecek teknoloji harikalar\u0131na sahip olunmal\u0131yd\u0131&#8230; Bunu tek ba\u015faran ise Erbakan\u2019d\u0131r ve Onun sad\u0131klar\u0131 kullanacakt\u0131r!..<\/strong><\/span><\/p><p style=\"text-align: justify;\"><span style=\"font-family: arial, helvetica, sans-serif;\"><strong><em>B\u00fct\u00fcn bu harika haz\u0131rl\u0131klar, kesinlikle g\u00fcd\u00fck kalmayacak ve bo\u015fa \u00e7\u0131kmayacakt\u0131r. Bu \u00fcst\u00fcn teknolojileri ve insani projeleri uygulayacak ekipler ve takip\u00e7iler elbette g\u00f6revini yapacak ve Erbakan\u2019\u0131n Milli G\u00f6r\u00fc\u015f davas\u0131n\u0131 hedefine ta\u015f\u0131yacakt\u0131r\u2026<\/em><\/strong><\/span><\/p><p style=\"text-align: justify;\"><span style=\"font-family: arial, helvetica, sans-serif;\"><strong>Evet bu iktidar d\u00f6neminde \u0130HA\u2019lar ve S\u0130HA\u2019lar gibi birtak\u0131m savunma teknolojilerinde ve Erbakan Hocam\u0131z\u0131n att\u0131\u011f\u0131 temeller \u00fczerinde baz\u0131 sevindirici geli\u015fmeler ya\u015fanm\u0131\u015ft\u0131r. Ama bunlar, maalesef \u0130srail\u2019e ve Bat\u0131l\u0131 g\u00fc\u00e7lere kafa tutacak ve cayd\u0131racak yeterlilikten uzakt\u0131r. Art\u0131k cesaret ve dirayet ehli iktidarlara ve zalim odaklar\u0131n bilmedikleri ve beklemedikleri teknoloji harikalar\u0131na kesin ihtiya\u00e7 vard\u0131r.<\/strong><\/span><\/p><p style=\"text-align: justify;\"><span style=\"font-family: arial, helvetica, sans-serif;\"><strong>Bak\u0131n\u0131z; asgari \u00fccret 27 bin lira ama a\u00e7l\u0131k s\u0131n\u0131r\u0131 32 bin lirad\u0131r. Memur maa\u015f\u0131 40 bin ama yoksulluk s\u0131n\u0131r\u0131 102 bin lirad\u0131r. Milletimizi bu sefalete mahk\u00fbm edenlerle huzurlu bir kalk\u0131nma ve onurlu bir savunma imk\u00e2ns\u0131zd\u0131r. 10 y\u0131l \u00f6nce halk\u0131n %42\u2019si gelecek umudunu yitirmi\u015f durumdayd\u0131, bug\u00fcn halk\u0131n %80\u2019i bu iktidarla ve Cumhur \u0130ttifak\u0131\u2019yla d\u00fcze \u00e7\u0131kma \u00fcmidini kaybetmi\u015f bulunmaktad\u0131r.<\/strong><\/span><\/p><p style=\"text-align: justify;\"><span style=\"font-family: arial, helvetica, sans-serif;\"><strong>Hep s\u00f6yl\u00fcyoruz: Ba\u015fbakan olmak, Cumhurba\u015fkan\u0131 olmak kolayd\u0131r. Zor olan Erbakan olmakt\u0131r. Bu \u00fclkenin Erbakan\u2019a yani Onun programlar\u0131na ihtiyac\u0131 vard\u0131r.<\/strong><\/span><\/p><p style=\"text-align: justify;\"><span style=\"font-family: arial, helvetica, sans-serif;\"><strong>\u00c7\u00fcnk\u00fc Erbakan: Erkence bakan, herkesten \u00f6nce tehlikenin fark\u0131na varan feraset-basiret sahibi olmakt\u0131r.<\/strong><\/span><\/p><p style=\"text-align: justify;\"><span style=\"font-family: arial, helvetica, sans-serif;\"><strong>\u00c7\u00fcnk\u00fc Erbakan: Olaylara ergince-ermi\u015fce bakmakt\u0131r.<\/strong><\/span><\/p><p style=\"text-align: justify;\"><span style=\"font-family: arial, helvetica, sans-serif;\"><strong>\u00c7\u00fcnk\u00fc Erbakan: \u0130\u00e7 ve d\u0131\u015f tehditlere tam erce, yani erkek\u00e7e yakla\u015fmak, ger\u00e7eklere sahip \u00e7\u0131kmakt\u0131r.<\/strong><\/span><\/p><p style=\"text-align: justify;\"><span style=\"font-family: arial, helvetica, sans-serif;\"><strong>\u015eu hale bak\u0131n!<\/strong><\/span><\/p><p style=\"text-align: justify;\"><span style=\"font-family: arial, helvetica, sans-serif;\"><strong>Neymi\u015f, TOGG araba yapt\u0131k, elektrik motoru Almanya Bosch firmas\u0131ndan geliyor\u2026<\/strong><\/span><\/p><p style=\"text-align: justify;\"><span style=\"font-family: arial, helvetica, sans-serif;\"><strong>\u0130HA\u2019lar\u0131n-S\u0130HA\u2019lar\u0131n, motorlar\u0131 Kanada ve Ukrayna\u2019dan al\u0131n\u0131yor\u2026<\/strong><\/span><\/p><p style=\"text-align: justify;\"><span style=\"font-family: arial, helvetica, sans-serif;\"><strong>KAAN u\u00e7a\u011f\u0131yla havalar at\u0131ld\u0131, motoru Amerika\u2019dan yollan\u0131yor\u2026 Amerikal\u0131 11 ayd\u0131r bu motorlar\u0131 g\u00f6ndermedi\u011fi i\u00e7in KAAN at\u00f6lyesi kapal\u0131 duruyor. Bak\u0131n fabrikas\u0131 demiyorum\u2026 Neymi\u015f, 2034\u2019te yerli motor yap\u0131m\u0131 hedefleniyormu\u015f!..<\/strong><\/span><\/p><p style=\"text-align: justify;\"><span style=\"font-family: arial, helvetica, sans-serif;\"><strong>Dostlar, Cumhuriyet tarihimiz boyunca \u00fclkemizin ve milletimizin sorunlar\u0131n\u0131 a\u015fmaya ve mutlu-onurlu bir gelecek kurgulamaya \u00e7al\u0131\u015fan, dirayet ve cesaret ehli iki Lider tan\u0131yoruz\u2026 Biri Mustafa Kemal Atat\u00fcrk\u2019t\u00fcr\u2026<\/strong> <strong>Di\u011feri Erbakan Hocam\u0131zd\u0131r!..<\/strong><\/span><\/p><p style=\"text-align: justify;\"><span style=\"font-family: arial, helvetica, sans-serif;\"><strong>K\u0131yaslaman\u0131z, yani kar\u015f\u0131la\u015ft\u0131rma yapman\u0131z i\u00e7in bir tek olay anlatay\u0131m. Atat\u00fcrk, Nah\u00e7\u0131van\u2019la aram\u0131zdaki \u0130ran topraklar\u0131n\u0131, \u015eah R\u0131za Pehlevi\u2019yi ikna ederek K\u00fc\u00e7\u00fck A\u011fr\u0131\u2019n\u0131n arka y\u00fcz\u00fcyle de\u011fi\u015f toku\u015f yapmak suretiyle, ileride Azerbaycan ve Orta Asya ile bir irtibat yolunun temellerini atm\u0131\u015ft\u0131. Bu tarihi ve talihli ger\u00e7e\u011fi Milli \u00c7\u00f6z\u00fcm Dergimiz belgeleriyle g\u00fcn y\u00fcz\u00fcne \u00e7\u0131karm\u0131\u015ft\u0131. Ama maalesef, bug\u00fcnk\u00fc iktidarlar, Zengezur Koridoru\u2019nu 100 y\u0131ll\u0131\u011f\u0131na ABD\u2019nin Trump\u2019\u0131n \u015firketine b\u0131rakm\u0131\u015f, yani Amerika patron T\u00fcrkiye garson yap\u0131lm\u0131\u015ft\u0131.<\/strong><\/span><\/p><p style=\"text-align: justify;\"><span style=\"font-family: arial, helvetica, sans-serif;\"><strong>Oysa Cumhur \u0130ttifak\u0131 biraz diretse, bu proje T\u00fcrkiye\u2019nin kontrol\u00fcnde olacakt\u0131 ve ABD Ermenistan\u2019a daha \u015fimdiden 1000 asker konu\u015fland\u0131r\u0131p \u00fclkemizi ku\u015fatmayacakt\u0131. Zavall\u0131 Ula\u015ft\u0131rma Bakan\u0131: <em>\u201cNah\u00e7\u0131van\u2019dan Karadeniz\u2019e varacak hat \u00fczerinde lokantalar\u0131m\u0131z ve istasyonlar\u0131m\u0131z \u00fczerinden b\u00fcy\u00fck gelir sa\u011flayaca\u011f\u0131z!\u201d<\/em> edebiyat\u0131yla <em>\u201cG\u00e2vurlara patronluk, halk\u0131m\u0131za garsonluk\u201d<\/em> durumuna raz\u0131 olmu\u015flard\u0131.<\/strong><\/span><\/p><p style=\"text-align: justify;\"><span style=\"font-family: arial, helvetica, sans-serif;\"><strong>De\u011ferli dostlar; S\u00fcper G\u00fc\u00e7 olmak ve d\u00fcnya dengelerini olu\u015fturmak i\u00e7in:<\/strong><\/span><\/p><p style=\"text-align: justify;\"><span style=\"font-family: arial, helvetica, sans-serif;\"><strong> \u2022 Ekonomik \u00fcst\u00fcnl\u00fck gereklidir, ama yeterli de\u011fildir\u2026 Bak\u0131n Almanya S\u00fcper G\u00fc\u00e7 say\u0131lm\u0131yordu.<\/strong><\/span><\/p><p style=\"text-align: justify;\"><span style=\"font-family: arial, helvetica, sans-serif;\"><strong> \u2022 S\u00fcper G\u00fc\u00e7 olmak i\u00e7in, teknolojik \u00fcst\u00fcnl\u00fck de gereklidir, ama yeterli de\u011fildir&#8230; Bu y\u00fczden \u00f6rne\u011fin, Japonya S\u00fcper G\u00fc\u00e7 say\u0131lm\u0131yordu.<\/strong><\/span><\/p><p style=\"text-align: justify;\"><span style=\"font-family: arial, helvetica, sans-serif;\"><strong> \u2022 S\u00fcper G\u00fc\u00e7 olmak i\u00e7in n\u00fcfus yo\u011funlu\u011fu ve askeri \u00fcst\u00fcnl\u00fck de gereklidir, ama yeterli de\u011fildir. Bu nedenle i\u015fte Hindistan S\u00fcper G\u00fc\u00e7 say\u0131lm\u0131yordu.<\/strong><\/span><\/p><p style=\"text-align: justify;\"><span style=\"font-family: arial, helvetica, sans-serif;\"><strong> \u2022 S\u00fcper G\u00fc\u00e7 olmak i\u00e7in jeopolitik konum ve imparatorluk deneyimi de \u00e7ok \u00f6nemlidir. Ama T\u00fcrkiye\u2019miz bu avantaj\u0131na ra\u011fmen, \u015fimdilik S\u00fcper G\u00fc\u00e7 olam\u0131yordu; ancak tarihe y\u00f6n verecek yak\u0131n g\u00fcnleri bekliyordu\u2026<\/strong><\/span><\/p><p style=\"text-align: justify;\"><span style=\"font-family: arial, helvetica, sans-serif;\"><strong> \u2022 S\u00fcper G\u00fc\u00e7 olmak ve tarihi devrimlere \u00f6nc\u00fcl\u00fck yapmak i\u00e7in, yukar\u0131da say\u0131lan; Ekonomik, Teknolojik, Askeri ve Jeopolitik imk\u00e2nlara sahip olmak yan\u0131nda; stratejik bir beyne, harika teknolojik ke\u015fiflere ve t\u00fcm insanl\u0131\u011fa huzur ve refah sa\u011flayacak bir Adil D\u00fczen projesine ihtiya\u00e7 vard\u0131\u2026 \u0130\u015fte T\u00fcrkiye\u2019nin \u015fans\u0131, bu se\u00e7kin Beyne, Birikime, bu Bilge \u015fahsiyete ve Yeni-Orijinal Adil sistem Projelerine sahip olmas\u0131yd\u0131!.. \u0130nan\u0131yoruz ve bekliyoruz! \u201cVenezuela, Kanada ve Gr\u00f6nland bize laz\u0131md\u0131r\u201d diyen ve \u0130ran\u2019a h\u00fccum eden Trump ve vah\u015fi ayg\u0131r Amerika\u2019y\u0131\u2026<\/strong><\/span><\/p><p style=\"text-align: justify;\"><span style=\"font-family: arial, helvetica, sans-serif;\"><strong>Ukrayna\u2019ya sald\u0131ran ve t\u00fcm T\u00fcrki Cumhuriyetleri h\u00e2l\u00e2 s\u00f6m\u00fcr\u00fcp duran Kutup Ay\u0131s\u0131 Rusya\u2019y\u0131\u2026<\/strong><\/span><\/p><p style=\"text-align: justify;\"><span style=\"font-family: arial, helvetica, sans-serif;\"><strong>\u0130mans\u0131z ve vicdans\u0131z bir tav\u0131rla Sincan-Do\u011fu T\u00fcrkistan M\u00fcsl\u00fcmanlar\u0131n\u0131 ve kendi halk\u0131n\u0131 ezmekten sak\u0131nmayan \u00c7in canavar\u0131n\u0131 hizaya sokacak ve teslime mecbur b\u0131rakacak teknoloji harikalar\u0131n\u0131n kullan\u0131laca\u011f\u0131 ve insanl\u0131\u011f\u0131n kurtulaca\u011f\u0131 g\u00fcnler yak\u0131nd\u0131r!.. Aman dikkat edin!<\/strong><\/span><\/p><p style=\"text-align: justify;\"><span style=\"font-family: arial, helvetica, sans-serif;\"><strong>Bu m\u00fcjdeyi veren, k\u00e2inat\u0131n sahibi Allah\u2019t\u0131r ve O\u2019nun kel\u00e2m\u0131 Kur\u2019an-\u0131 Azim\u00fc\u015f\u015fan\u2019d\u0131r\u2026 300 milyar Galaksinin\u2026 Her birinde 250 milyar G\u00fcne\u015f gibi y\u0131ld\u0131z k\u00fcmesinin Y\u00fcce Yarat\u0131c\u0131s\u0131\u2026 Ki bu Galaksilerin birbirlerinden uzakl\u0131k aras\u0131 5 milyon I\u015eIK YILINA ula\u015fmaktad\u0131r. Bildi\u011finiz gibi \u0131\u015f\u0131k, saniyede 300 bin km yol almaktad\u0131r. Bu bir y\u0131lda yakla\u015f\u0131k 10 trilyon km\u2019yi bulmaktad\u0131r. \u015eimdi 5 milyon kere 10 trilyon km\u2019lik mesafeyi yazacak hesap makinesi ve bilgisayar aleti bulunmamaktad\u0131r. \u0130\u015fte bu muhte\u015fem K\u00e2inat\u0131n Rabbi ve Sahibi olan Allah, \u0130sr\u00e2 Suresi 4-5-6 ve 7. ayetlerinde; <em>\u201cTarih boyunca iki sefer devlet kurup \u015f\u0131maracak olan Ben\u00ee \u0130srail\u2019in, bu kuduz azg\u0131nl\u0131k s\u00fcrecinin \u00e7ok yak\u0131nda son bulaca\u011f\u0131n\u0131 ve inan\u00e7l\u0131-se\u00e7kin kullar\u0131 eliyle Adil bir D\u00fcnyan\u0131n kurulaca\u011f\u0131n\u0131\u201d <\/em>m\u00fcjde buyuran da Cenab-\u0131 Hak\u2019t\u0131r. <\/strong><\/span><\/p><p style=\"text-align: justify;\"><span style=\"font-family: arial, helvetica, sans-serif;\"><strong>Birle\u015fmi\u015f Milletler Yeni D\u00fczen Komisyonu Ba\u015fkan\u0131 Nobel \u00f6d\u00fcll\u00fc Prof. Ervin Lazslo\u2019nun: <em>\u201cK\u0131rk y\u0131ld\u0131r hayalini kurdu\u011fum t\u00fcm insani de\u011ferleri ve ihtiyaci gerekleri i\u00e7inde bar\u0131nd\u0131ran, Erbakan\u2019\u0131n haz\u0131rlad\u0131\u011f\u0131 Adil D\u00fczen oldu\u011funu fark etmenin bahtiyarl\u0131\u011f\u0131n\u0131 ya\u015famaktay\u0131m!\u201d <\/em>dedi\u011fi Adil D\u00fczen Devrimi yak\u0131nd\u0131r.<\/strong><\/span><\/p><p style=\"text-align: justify;\"><span style=\"font-family: arial, helvetica, sans-serif;\"><strong>O kutlu zaferlerde ve o mutlu g\u00fcnlerde bulu\u015fmak \u00fczere\u2026<\/strong><\/span><\/p>\t\t\t\t\t\t\t\t<\/div>\n\t\t\t\t<\/div>\n\t\t\t\t\t<\/div>\n\t\t<\/div>\n\t\t\t\t\t<\/div>\n\t\t<\/section>\n\t\t\t\t<\/div>\n\t\t","protected":false},"excerpt":{"rendered":"<p>YAKLA\u015eAN ARMAGEDDON SAVA\u015eI VE \u0130SRA\u0130L\u2019\u0130N T\u00dcRK\u0130YE TELA\u015eI ABD uyduruk bahanelerle ve \u0130srail\u2019le birlikte ve tam bir \u201cazg\u0131n ayg\u0131r\u201d mant\u0131\u011f\u0131 ile \u0130RAN\u2019a sald\u0131rm\u0131\u015ft\u0131r. Dini lider Hamaney\u2019i, \u00e7ocuklar\u0131 ve torunlar\u0131yla katletmekten sak\u0131nmam\u0131\u015flard\u0131r. Okullar\u0131 bombalay\u0131p y\u00fczlerce masum \u00e7ocu\u011fu hayattan koparm\u0131\u015flard\u0131r. Bizim ucuz kahramanlar\u0131m\u0131z ise: \u201cD-8 orta\u011f\u0131m\u0131za ve kom\u015fu \u0130slam topraklar\u0131m\u0131za sald\u0131ramazs\u0131n\u0131z; size \u00fcslerimizi kulland\u0131rtmay\u0131z!\u201d diyeceklerine \u201cHer iki tarafa [&hellip;]<\/p>\n","protected":false},"author":9,"featured_media":0,"comment_status":"open","ping_status":"closed","sticky":false,"template":"","format":"standard","meta":{"footnotes":""},"categories":[7463],"tags":[272,278,6306,6427,6537,7446],"class_list":["post-34623","post","type-post","status-publish","format-standard","hentry","category-mayis-2026","tag-israil","tag-erbakan","tag-erdogan","tag-armageddon","tag-esam","tag-gizli-silahlar"],"_links":{"self":[{"href":"https:\/\/www.millicozum.com\/mc\/wp-json\/wp\/v2\/posts\/34623","targetHints":{"allow":["GET"]}}],"collection":[{"href":"https:\/\/www.millicozum.com\/mc\/wp-json\/wp\/v2\/posts"}],"about":[{"href":"https:\/\/www.millicozum.com\/mc\/wp-json\/wp\/v2\/types\/post"}],"author":[{"embeddable":true,"href":"https:\/\/www.millicozum.com\/mc\/wp-json\/wp\/v2\/users\/9"}],"replies":[{"embeddable":true,"href":"https:\/\/www.millicozum.com\/mc\/wp-json\/wp\/v2\/comments?post=34623"}],"version-history":[{"count":1,"href":"https:\/\/www.millicozum.com\/mc\/wp-json\/wp\/v2\/posts\/34623\/revisions"}],"predecessor-version":[{"id":34624,"href":"https:\/\/www.millicozum.com\/mc\/wp-json\/wp\/v2\/posts\/34623\/revisions\/34624"}],"wp:attachment":[{"href":"https:\/\/www.millicozum.com\/mc\/wp-json\/wp\/v2\/media?parent=34623"}],"wp:term":[{"taxonomy":"category","embeddable":true,"href":"https:\/\/www.millicozum.com\/mc\/wp-json\/wp\/v2\/categories?post=34623"},{"taxonomy":"post_tag","embeddable":true,"href":"https:\/\/www.millicozum.com\/mc\/wp-json\/wp\/v2\/tags?post=34623"}],"curies":[{"name":"wp","href":"https:\/\/api.w.org\/{rel}","templated":true}]}}