{"id":34625,"date":"2026-04-30T21:45:57","date_gmt":"2026-04-30T18:45:57","guid":{"rendered":"https:\/\/www.millicozum.com\/mc\/?p=34625"},"modified":"2026-04-30T21:46:07","modified_gmt":"2026-04-30T18:46:07","slug":"trump-muammasi-ve-allahin-siyonistlerden-intikami-2","status":"publish","type":"post","link":"https:\/\/www.millicozum.com\/mc\/2026\/mayis-2026\/trump-muammasi-ve-allahin-siyonistlerden-intikami-2\/","title":{"rendered":"TRUMP MUAMMASI <br>VE<br> ALLAH&#8217;IN S\u0130YON\u0130STLERDEN \u0130NT\u0130KAMI"},"content":{"rendered":"\t\t<div data-elementor-type=\"wp-post\" data-elementor-id=\"34625\" class=\"elementor elementor-34625\" data-elementor-settings=\"{&quot;element_pack_global_tooltip_width&quot;:{&quot;unit&quot;:&quot;px&quot;,&quot;size&quot;:&quot;&quot;,&quot;sizes&quot;:[]},&quot;element_pack_global_tooltip_width_tablet&quot;:{&quot;unit&quot;:&quot;px&quot;,&quot;size&quot;:&quot;&quot;,&quot;sizes&quot;:[]},&quot;element_pack_global_tooltip_width_mobile&quot;:{&quot;unit&quot;:&quot;px&quot;,&quot;size&quot;:&quot;&quot;,&quot;sizes&quot;:[]},&quot;element_pack_global_tooltip_padding&quot;:{&quot;unit&quot;:&quot;px&quot;,&quot;top&quot;:&quot;&quot;,&quot;right&quot;:&quot;&quot;,&quot;bottom&quot;:&quot;&quot;,&quot;left&quot;:&quot;&quot;,&quot;isLinked&quot;:true},&quot;element_pack_global_tooltip_padding_tablet&quot;:{&quot;unit&quot;:&quot;px&quot;,&quot;top&quot;:&quot;&quot;,&quot;right&quot;:&quot;&quot;,&quot;bottom&quot;:&quot;&quot;,&quot;left&quot;:&quot;&quot;,&quot;isLinked&quot;:true},&quot;element_pack_global_tooltip_padding_mobile&quot;:{&quot;unit&quot;:&quot;px&quot;,&quot;top&quot;:&quot;&quot;,&quot;right&quot;:&quot;&quot;,&quot;bottom&quot;:&quot;&quot;,&quot;left&quot;:&quot;&quot;,&quot;isLinked&quot;:true},&quot;element_pack_global_tooltip_border_radius&quot;:{&quot;unit&quot;:&quot;px&quot;,&quot;top&quot;:&quot;&quot;,&quot;right&quot;:&quot;&quot;,&quot;bottom&quot;:&quot;&quot;,&quot;left&quot;:&quot;&quot;,&quot;isLinked&quot;:true},&quot;element_pack_global_tooltip_border_radius_tablet&quot;:{&quot;unit&quot;:&quot;px&quot;,&quot;top&quot;:&quot;&quot;,&quot;right&quot;:&quot;&quot;,&quot;bottom&quot;:&quot;&quot;,&quot;left&quot;:&quot;&quot;,&quot;isLinked&quot;:true},&quot;element_pack_global_tooltip_border_radius_mobile&quot;:{&quot;unit&quot;:&quot;px&quot;,&quot;top&quot;:&quot;&quot;,&quot;right&quot;:&quot;&quot;,&quot;bottom&quot;:&quot;&quot;,&quot;left&quot;:&quot;&quot;,&quot;isLinked&quot;:true}}\" data-elementor-post-type=\"post\">\n\t\t\t\t\t\t<section class=\"elementor-section elementor-top-section elementor-element elementor-element-6cb01aad elementor-section-boxed elementor-section-height-default elementor-section-height-default\" data-id=\"6cb01aad\" data-element_type=\"section\">\n\t\t\t\t\t\t<div class=\"elementor-container elementor-column-gap-default\">\n\t\t\t\t\t<div class=\"elementor-column elementor-col-100 elementor-top-column elementor-element elementor-element-7a275fbd\" data-id=\"7a275fbd\" data-element_type=\"column\">\n\t\t\t<div class=\"elementor-widget-wrap elementor-element-populated\">\n\t\t\t\t\t\t<div class=\"elementor-element elementor-element-5ef0b8bf elementor-widget elementor-widget-heading\" data-id=\"5ef0b8bf\" data-element_type=\"widget\" data-widget_type=\"heading.default\">\n\t\t\t\t<div class=\"elementor-widget-container\">\n\t\t\t\t\t<h3 class=\"elementor-heading-title elementor-size-default\">TRUMP MUAMMASI<br>\nVE<br>\nALLAH'IN S\u0130YON\u0130STLERDEN \u0130NT\u0130KAMI\n<\/h3>\t\t\t\t<\/div>\n\t\t\t\t<\/div>\n\t\t\t\t\t<\/div>\n\t\t<\/div>\n\t\t\t\t\t<\/div>\n\t\t<\/section>\n\t\t\t\t<section class=\"elementor-section elementor-top-section elementor-element elementor-element-6131be4b elementor-section-boxed elementor-section-height-default elementor-section-height-default\" data-id=\"6131be4b\" data-element_type=\"section\">\n\t\t\t\t\t\t<div class=\"elementor-container elementor-column-gap-default\">\n\t\t\t\t\t<div class=\"elementor-column elementor-col-100 elementor-top-column elementor-element elementor-element-7e8630e8\" data-id=\"7e8630e8\" data-element_type=\"column\">\n\t\t\t<div class=\"elementor-widget-wrap elementor-element-populated\">\n\t\t\t\t\t\t<section class=\"elementor-section elementor-inner-section elementor-element elementor-element-25c73e7 elementor-section-full_width elementor-section-content-middle elementor-section-height-default elementor-section-height-default\" data-id=\"25c73e7\" data-element_type=\"section\">\n\t\t\t\t\t\t<div class=\"elementor-container elementor-column-gap-default\">\n\t\t\t\t\t<div class=\"elementor-column elementor-col-25 elementor-inner-column elementor-element elementor-element-6329a9c8\" data-id=\"6329a9c8\" data-element_type=\"column\">\n\t\t\t<div class=\"elementor-widget-wrap elementor-element-populated\">\n\t\t\t\t\t\t<div class=\"elementor-element elementor-element-4f888c16 elementor-widget elementor-widget-image\" data-id=\"4f888c16\" data-element_type=\"widget\" data-widget_type=\"image.default\">\n\t\t\t\t<div class=\"elementor-widget-container\">\n\t\t\t\t\t\t\t\t\t\t\t\t\t\t\t<img decoding=\"async\" width=\"128\" height=\"128\" src=\"https:\/\/www.millicozum.com\/mc\/wp-content\/uploads\/9024874_speaker_simple_high_light_icon-2.png\" class=\"attachment-large size-large wp-image-29248\" alt=\"\" \/>\t\t\t\t\t\t\t\t\t\t\t\t\t\t\t<\/div>\n\t\t\t\t<\/div>\n\t\t\t\t\t<\/div>\n\t\t<\/div>\n\t\t\t\t<div class=\"elementor-column elementor-col-25 elementor-inner-column elementor-element elementor-element-3577cde4\" data-id=\"3577cde4\" data-element_type=\"column\">\n\t\t\t<div class=\"elementor-widget-wrap elementor-element-populated\">\n\t\t\t\t\t\t<div class=\"elementor-element elementor-element-7d580a0e elementor-widget elementor-widget-image\" data-id=\"7d580a0e\" data-element_type=\"widget\" data-settings=\"{&quot;_animation&quot;:&quot;none&quot;,&quot;element_pack_widget_tooltip&quot;:&quot;yes&quot;,&quot;element_pack_widget_tooltip_text&quot;:&quot;YouTube&quot;,&quot;element_pack_widget_tooltip_placement&quot;:&quot;bottom&quot;,&quot;element_pack_widget_tooltip_x_offset&quot;:{&quot;unit&quot;:&quot;px&quot;,&quot;size&quot;:&quot;&quot;,&quot;sizes&quot;:[]},&quot;element_pack_widget_tooltip_y_offset&quot;:{&quot;unit&quot;:&quot;px&quot;,&quot;size&quot;:&quot;&quot;,&quot;sizes&quot;:[]}}\" data-widget_type=\"image.default\">\n\t\t\t\t<div class=\"elementor-widget-container\">\n\t\t\t\t\t\t\t\t\t\t\t\t\t\t\t\t<a href=\"https:\/\/youtu.be\/8-jx5ItoVvE\" target=\"_blank\">\n\t\t\t\t\t\t\t<img decoding=\"async\" width=\"128\" height=\"128\" src=\"https:\/\/www.millicozum.com\/mc\/wp-content\/uploads\/317714_video_youtube_icon-2.png\" class=\"attachment-large size-large wp-image-29249\" alt=\"\" \/>\t\t\t\t\t\t\t\t<\/a>\n\t\t\t\t\t\t\t\t\t\t\t\t\t\t\t<\/div>\n\t\t\t\t<\/div>\n\t\t\t\t\t<\/div>\n\t\t<\/div>\n\t\t\t\t<div class=\"elementor-column elementor-col-25 elementor-inner-column elementor-element elementor-element-706922bd\" data-id=\"706922bd\" data-element_type=\"column\">\n\t\t\t<div class=\"elementor-widget-wrap elementor-element-populated\">\n\t\t\t\t\t\t<div class=\"elementor-element elementor-element-46a894c2 elementor-widget elementor-widget-image\" data-id=\"46a894c2\" data-element_type=\"widget\" data-settings=\"{&quot;element_pack_widget_tooltip&quot;:&quot;yes&quot;,&quot;element_pack_widget_tooltip_text&quot;:&quot;DailyMotion&quot;,&quot;element_pack_widget_tooltip_placement&quot;:&quot;bottom&quot;,&quot;element_pack_widget_tooltip_x_offset&quot;:{&quot;unit&quot;:&quot;px&quot;,&quot;size&quot;:&quot;&quot;,&quot;sizes&quot;:[]},&quot;element_pack_widget_tooltip_y_offset&quot;:{&quot;unit&quot;:&quot;px&quot;,&quot;size&quot;:&quot;&quot;,&quot;sizes&quot;:[]}}\" data-widget_type=\"image.default\">\n\t\t\t\t<div class=\"elementor-widget-container\">\n\t\t\t\t\t\t\t\t\t\t\t\t\t\t\t\t<a href=\"https:\/\/dai.ly\/xa4lypk\" target=\"_blank\">\n\t\t\t\t\t\t\t<img decoding=\"async\" width=\"128\" height=\"128\" src=\"https:\/\/www.millicozum.com\/mc\/wp-content\/uploads\/dailymotion-2.png\" class=\"attachment-large size-large wp-image-29250\" alt=\"\" \/>\t\t\t\t\t\t\t\t<\/a>\n\t\t\t\t\t\t\t\t\t\t\t\t\t\t\t<\/div>\n\t\t\t\t<\/div>\n\t\t\t\t\t<\/div>\n\t\t<\/div>\n\t\t\t\t<div class=\"elementor-column elementor-col-25 elementor-inner-column elementor-element elementor-element-6b1707a7\" data-id=\"6b1707a7\" data-element_type=\"column\">\n\t\t\t<div class=\"elementor-widget-wrap elementor-element-populated\">\n\t\t\t\t\t\t<div class=\"elementor-element elementor-element-39e25375 elementor-widget elementor-widget-image\" data-id=\"39e25375\" data-element_type=\"widget\" data-settings=\"{&quot;element_pack_widget_tooltip&quot;:&quot;yes&quot;,&quot;element_pack_widget_tooltip_text&quot;:&quot;Yerel Kaynak&quot;,&quot;element_pack_widget_tooltip_placement&quot;:&quot;bottom&quot;,&quot;element_pack_widget_tooltip_x_offset&quot;:{&quot;unit&quot;:&quot;px&quot;,&quot;size&quot;:&quot;&quot;,&quot;sizes&quot;:[]},&quot;element_pack_widget_tooltip_y_offset&quot;:{&quot;unit&quot;:&quot;px&quot;,&quot;size&quot;:&quot;&quot;,&quot;sizes&quot;:[]}}\" data-widget_type=\"image.default\">\n\t\t\t\t<div class=\"elementor-widget-container\">\n\t\t\t\t\t\t\t\t\t\t\t\t\t\t\t\t<a href=\"https:\/\/www.millicozum.com\/mc\/wp-content\/uploads\/mp3\/sesli-makale\/trumpmuammasive-allahinsiyonistlerdenintikami.m4a\" target=\"_blank\">\n\t\t\t\t\t\t\t<img loading=\"lazy\" decoding=\"async\" width=\"128\" height=\"128\" src=\"https:\/\/www.millicozum.com\/mc\/wp-content\/uploads\/9020538_audio_podcast_music_sound_icon-2.png\" class=\"attachment-large size-large wp-image-29251\" alt=\"\" \/>\t\t\t\t\t\t\t\t<\/a>\n\t\t\t\t\t\t\t\t\t\t\t\t\t\t\t<\/div>\n\t\t\t\t<\/div>\n\t\t\t\t\t<\/div>\n\t\t<\/div>\n\t\t\t\t\t<\/div>\n\t\t<\/section>\n\t\t\t\t\t<\/div>\n\t\t<\/div>\n\t\t\t\t\t<\/div>\n\t\t<\/section>\n\t\t\t\t<section class=\"elementor-section elementor-top-section elementor-element elementor-element-6a8ae698 elementor-section-boxed elementor-section-height-default elementor-section-height-default\" data-id=\"6a8ae698\" data-element_type=\"section\">\n\t\t\t\t\t\t<div class=\"elementor-container elementor-column-gap-default\">\n\t\t\t\t\t<div class=\"elementor-column elementor-col-100 elementor-top-column elementor-element elementor-element-2f750d5a\" data-id=\"2f750d5a\" data-element_type=\"column\">\n\t\t\t<div class=\"elementor-widget-wrap elementor-element-populated\">\n\t\t\t\t\t\t<div class=\"elementor-element elementor-element-5c2f7705 satir-basi elementor-widget elementor-widget-text-editor\" data-id=\"5c2f7705\" data-element_type=\"widget\" data-widget_type=\"text-editor.default\">\n\t\t\t\t<div class=\"elementor-widget-container\">\n\t\t\t\t\t\t\t\t\t<p><strong>Trump&#8217;\u0131n; <em>ABD&#8217;yi Siyonist s\u00f6m\u00fcr\u00fc sermayesinin tahakk\u00fcm\u00fcnden kurtarma\u2026 D\u00fcnya jandarmal\u0131\u011f\u0131 k\u0131l\u0131f\u0131yla k\u00fcresel Yahudi sistemine hizmetk\u00e2rl\u0131\u011f\u0131 sonland\u0131rma\u2026 Yani Amerika\u2019y\u0131 Amerikal\u0131lara b\u0131rakma <\/em>hesab\u0131n\u0131 g\u00fctt\u00fc\u011f\u00fc kanaatimizi daha \u00f6nce a\u00e7\u0131klam\u0131\u015ft\u0131k. Baz\u0131lar\u0131n\u0131n buna <\/strong><strong><em>\u201cK\u00fcreselcilerle Ulusalc\u0131 kesimin kavgas\u0131\u201d<\/em><\/strong><strong> g\u00f6z\u00fcyle bakmas\u0131 da do\u011fald\u0131r. Trump; \u00c7in, G\u00fcney Kore, Uzak Do\u011fu ve Japonya\u2019n\u0131n h\u0131zl\u0131 kalk\u0131nmalar\u0131n\u0131n, buralarda yat\u0131r\u0131m yapan ve Amerika\u2019y\u0131 bir arac\u0131 gibi kullanan Yahudi sermayesinin tuza\u011f\u0131ndan kurtulma \u00e7abas\u0131ndad\u0131r. Eski ABD Ba\u015fkanlar\u0131 Clinton ve Obama&#8217;n\u0131n, halk\u0131 Trump&#8217;a kar\u015f\u0131 k\u0131\u015fk\u0131rt\u0131p sokaklar\u0131 doldurma \u00e7a\u011fr\u0131lar\u0131, Yahudi Lobilerinin bir tertip ve tela\u015f\u0131d\u0131r.<\/strong> <strong>Bu arada Rusya D\u0131\u015f Bakan\u0131 Sergey Lavrov&#8217;un TGRT&#8217;ye verdi\u011fi deme\u00e7te: <\/strong><strong><em>\u201cK\u00fcresel sistemdeki \u00e7\u00f6z\u00fclme ve \u00e7\u00f6k\u00fc\u015f\u00fc, Sn. Erdo\u011fan T\u00fcrkiye\u2019si durdurabilir!?\u201d<\/em><\/strong><strong> ifadeleri, bizimkilerin Siyonizm\u2019e ve zul\u00fcm sistemine dolayl\u0131 destek \u00e7\u0131kt\u0131klar\u0131n\u0131n itiraf\u0131 \u015feklinde yorumlanm\u0131\u015ft\u0131.<\/strong><\/p><p><strong>Cumhurba\u015fkan\u0131 Sn. Erdo\u011fan\u2019la, ABD Ba\u015fkan\u0131 Trump dost olmu\u015flard\u0131&#8230; Sn. Erdo\u011fan, <\/strong><strong><em>\u201cDostum Trump\u2026\u201d<\/em><\/strong><strong> diye c\u00fcmleler kurmaktan \u00e7ok ho\u015flan\u0131r ve bu dostlu\u011fu <em>\u201cK\u00fcresel bir onur\u201d<\/em> sayard\u0131. Daha \u00f6nceleri kendisine mektup yaz\u0131p <em>\u201cHafife alan, hatta hakarete varan ifadeler kullanan\u2026\u201d<\/em> Trump&#8217;la dostluklar\u0131 Suudi Kral\u0131 ve BAE Sultan\u0131 gibi Amerika\u2019ya ve Trump&#8217;a sunulan Siyonist sermayenin 100 milyarlarca dolar <em>\u201chediye = r\u00fc\u015fvet\u201d a\u011f\u0131na tak\u0131lan <\/em>kahramanlarla da Sn. Erdo\u011fan\u2019\u0131n \u00f6zel dostluklar\u0131 vard\u0131\u2026 Ama Trump&#8217;a 100 milyarlar ak\u0131t\u0131rken, Erdo\u011fan\u2019a ve T\u00fcrkiye\u2019ye gelince birka\u00e7 y\u00fcz milyon dolarc\u0131\u011f\u0131 bile k\u0131skan\u0131rlard\u0131. Sn. Erdo\u011fan neredeyse Trump&#8217;\u0131n Ortado\u011fu \u00f6zel orta\u011f\u0131 gibi davran\u0131r ve kar\u015f\u0131l\u0131\u011f\u0131nda, on y\u0131l \u00f6nce paras\u0131n\u0131 pe\u015fin verdi\u011fimiz F-35\u2019lerin yerine, hatta F-16\u2019lar\u0131 bile de\u011fil, bol bol \u00f6vg\u00fcler al\u0131rd\u0131.<\/strong><\/p><p><strong>\u0130ngiliz Siyaset Dergisi <\/strong><strong>New Statesman; <\/strong><strong><em>\u201cTrump\u2019\u0131n \u0130ran politikalar\u0131n\u0131n bir k\u00fcresel felakete do\u011fru gitti\u011fini ve ABD\u2019nin Liderlik rol\u00fcn\u00fc kaybedece\u011fini\u201d<\/em><\/strong><strong> yazm\u0131\u015ft\u0131. (9 Nisan 2026)<\/strong><\/p><p><strong>Trump\u2019\u0131n; g\u00f6stermelik bir zafer edas\u0131yla, <em>\u201cH\u00fcrm\u00fcz Bo\u011faz\u0131&#8217;n\u0131n a\u00e7\u0131lmas\u0131 ve tanker trafi\u011finin rahatlamas\u0131 i\u00e7in \u0130ran\u2019la uzla\u015fmaya mecbur kald\u0131\u011f\u0131n\u0131\u201d<\/em> vurgulayan \u0130ngiliz Siyaset Dergisi, <em>\u201c\u0130ran f\u00fczelerinin hafife al\u0131nd\u0131\u011f\u0131n\u0131, hatta \u00f6nceden fark\u0131na bile var\u0131lmad\u0131\u011f\u0131n\u0131\u201d <\/em>hat\u0131rlatm\u0131\u015ft\u0131.<\/strong><\/p><p><strong>Trump 21 Ocak 2026 Davos Konu\u015fmas\u0131nda; \u201c<\/strong><strong>Gr\u00f6nland&#8217;\u0131 <em>\u2018d\u00fcnya dengelerinin korunmas\u0131 i\u00e7in\u2019<\/em> ABD&#8217;ye katmak istedi\u011fini tekrarlam\u0131\u015ft\u0131, <em>&#8220;zorla olmayacak&#8221;<\/em> diyerek yumu\u015fatm\u0131\u015ft\u0131 ama &#8220;hay\u0131r derseniz hat\u0131rlar\u0131z&#8221; tehdidiyle de bask\u0131 yapm\u0131\u015ft\u0131. Avrupa&#8217;y\u0131; g\u00f6\u00e7, enerji, NATO y\u00fck payla\u015f\u0131m\u0131 \u00fczerinden sert ele\u015ftirmekten sak\u0131nmam\u0131\u015f, ABD&#8217;nin &#8220;g\u00fc\u00e7le bar\u0131\u015f sa\u011flad\u0131\u011f\u0131&#8221;n\u0131 vurgulam\u0131\u015f ve hidrokarbon\/n\u00fckleer enerjiye odaklanarak, r\u00fczg\u00e2r enerjisini &#8220;aptall\u0131k&#8221; diyerek kar\u015f\u0131 \u00e7\u0131km\u0131\u015ft\u0131.\u00a0K\u0131saca; ABD hegemonik d\u00f6n\u00fc\u015f\u00fc, &#8220;i\u015flemsel diplomasi&#8221; ata\u011f\u0131 ve Arktik\/Kuzey Kutbu&#8217;nda \u00c7in-Rusya&#8217;ya kar\u015f\u0131 \u00fcst\u00fcnl\u00fck amac\u0131ndayd\u0131.<\/strong><\/p><p><strong>\u00c7\u00fcnk\u00fc Gr\u00f6nland&#8217;\u0131n stratejik de\u011feri; nadir toprak elementleri de\u011fil, savunma\/Arktik h\u00e2kimiyeti olmaktayd\u0131. ABD&#8217;nin silahlanma\/teknoloji ata\u011f\u0131 ve enerji politikas\u0131 da bu hesaplad\u0131r. Genel \u00e7er\u00e7evede anla\u015f\u0131lan \u015fudur: Trump <em>\u201cyeni bir D\u00fcnya Sava\u015f\u0131\u2019na haz\u0131r olma d\u00f6nemini&#8221;<\/em> ba\u015flatm\u0131\u015ft\u0131. <\/strong><\/p><p><strong>Ancak Trump\u2019\u0131n tek ba\u015f\u0131na bu tarihi ve tehlikeli giri\u015fimleri ba\u015flatmas\u0131, ba\u015farmas\u0131 imk\u00e2ns\u0131zd\u0131. Anla\u015f\u0131lan ona ak\u0131l veren ve strateji \u00f6\u011freten \u00f6zel dan\u0131\u015fmanlar\u0131 vard\u0131!..<\/strong><\/p><p><strong>Almanya\u2019dan Bat\u0131\u2019ya Uyar\u0131: Eski D\u00fczen Y\u0131k\u0131ld\u0131!..<\/strong><\/p><p><strong>Almanya Ba\u015fbakan\u0131 Friedrich Merz, k\u00fcresel g\u00fc\u00e7 dengelerine ili\u015fkin yapt\u0131\u011f\u0131 son yorumlarda, uluslararas\u0131 siyasetin temelini olu\u015fturan \u201ckurallara dayal\u0131 d\u00fczen\u201d anlay\u0131\u015f\u0131n\u0131n art\u0131k i\u015flevini b\u00fcy\u00fck \u00f6l\u00e7\u00fcde kaybetti\u011fini a\u00e7\u0131klam\u0131\u015ft\u0131. Mevcut jeopolitik tabloyu \u201cyeni bir belirsizlik \u00e7a\u011f\u0131\u201d olarak tan\u0131mlayan Merz, \u00fclkelerin ortak normlardan uzakla\u015f\u0131p kendi g\u00fcvenlik ve \u00e7\u0131kar alanlar\u0131n\u0131 \u00f6nceledi\u011fini vurgulam\u0131\u015ft\u0131. Alman Ba\u015fbakan, \u00f6zellikle b\u00fcy\u00fck g\u00fc\u00e7ler aras\u0131ndaki rekabetin art\u0131k yaln\u0131zca ekonomik veya diplomatik de\u011fil, ayn\u0131 zamanda sistemsel bir m\u00fccadeleye d\u00f6n\u00fc\u015ft\u00fc\u011f\u00fcn\u00fc vurgulam\u0131\u015ft\u0131.\u00a0Merz\u2019e g\u00f6re; <em>d\u00fcnya siyaseti, mutabakata dayal\u0131 y\u00f6netimden \u00e7\u0131k\u0131p, g\u00fc\u00e7 temelli ili\u015fkilere do\u011fru kaymaya ba\u015flam\u0131\u015ft\u0131.<\/em> Bunun anlam\u0131, Siyonist sermayenin hilek\u00e2rl\u0131k ve h\u00fck\u00fcmranl\u0131k sistemi \u00e7\u00f6kme a\u015famas\u0131ndayd\u0131.<\/strong><\/p><p><strong>ABD\u2019nin Liderli\u011fi Tart\u0131\u015fmaya A\u00e7\u0131lm\u0131\u015ft\u0131<\/strong><\/p><p><strong>Konu\u015fmas\u0131nda Washington\u2019un k\u00fcresel rol\u00fcne de de\u011finen Merz, ABD\u2019nin geleneksel liderlik konumunun uluslararas\u0131 kamuoyunda daha fazla sorguland\u0131\u011f\u0131n\u0131 hat\u0131rlatm\u0131\u015f, ancak buna ra\u011fmen transatlantik ba\u011flar\u0131n kopar\u0131lmas\u0131n\u0131n Avrupa i\u00e7in ciddi bir stratejik risk olu\u015fturaca\u011f\u0131 konusunda uyarm\u0131\u015ft\u0131. <em>\u201cABD ile fikir ayr\u0131l\u0131klar\u0131 ya\u015fanabilir; fakat onu dostlar kategorisinin d\u0131\u015f\u0131na itmek Avrupa\u2019n\u0131n g\u00fcvenli\u011fini zay\u0131flat\u0131r\u201d<\/em> diyen Merz, NATO ve Bat\u0131 ittifak\u0131n\u0131n gelece\u011fi a\u00e7\u0131s\u0131ndan diyalog kanallar\u0131n\u0131n a\u00e7\u0131k tutulmas\u0131n\u0131n hayati \u00f6nem ta\u015f\u0131d\u0131\u011f\u0131n\u0131 vurgulam\u0131\u015ft\u0131.<\/strong><\/p><p><strong>\u00c7in Vurgusu: Kurallar\u0131 \u00c7arp\u0131tmaktad\u0131r!<\/strong><\/p><p><strong>Alman lider, Pekin y\u00f6netiminin uluslararas\u0131 hukuk ve ticaret normlar\u0131n\u0131 kendi perspektifi do\u011frultusunda yorumlad\u0131\u011f\u0131n\u0131 ve bunun k\u00fcresel rekabeti daha karma\u015f\u0131k duruma ta\u015f\u0131d\u0131\u011f\u0131n\u0131 vurgulam\u0131\u015ft\u0131. \u00d6zellikle ticaret, teknoloji ve g\u00fcvenlik alanlar\u0131nda yeni blokla\u015fmalar\u0131n olu\u015ftu\u011funa dikkat \u00e7eken Merz, <em>\u201cBug\u00fcn\u00fcn d\u00fcnyas\u0131nda kurallar ortakla\u015fa uygulanm\u0131yor; akt\u00f6rler kurallar\u0131 kendi \u00e7\u0131karlar\u0131na g\u00f6re tan\u0131ml\u0131yor\u201d<\/em> ifadelerini kullanm\u0131\u015ft\u0131.<\/strong><\/p><p><strong>M\u00fcttefiklere Acil Toplant\u0131 \u00c7a\u011fr\u0131s\u0131<\/strong><\/p><p><strong>Avrupa ile ABD aras\u0131nda yakla\u015f\u0131m farklar\u0131n\u0131n giderek belirginle\u015fti\u011fini kaydeden Alman Ba\u015fbakan, bu durumun asl\u0131nda yeni olmad\u0131\u011f\u0131n\u0131, ilk i\u015faretlerin yakla\u015f\u0131k bir y\u0131l \u00f6nce Washington y\u00f6netiminden ve Trump \u00fczerinden gelen a\u00e7\u0131klamalarla ortaya \u00e7\u0131kt\u0131\u011f\u0131n\u0131 hat\u0131rlatm\u0131\u015ft\u0131. \u0130\u015fte bu nedenle m\u00fcttefik \u00fclkelerin daha s\u0131k bir araya gelmesi gerekti\u011fini belirten Merz, <em>ortak strateji geli\u015ftirilmezse k\u00fcresel sistemde par\u00e7alanman\u0131n h\u0131zlanaca\u011f\u0131n\u0131<\/em> hat\u0131rlatm\u0131\u015ft\u0131.<\/strong><\/p><p><strong>Trump, D\u00fcnyan\u0131n \u00c7ivisini Kayd\u0131rm\u0131\u015ft\u0131!<\/strong><\/p><p><strong>Ocak ay\u0131nda D\u00fcnya Ekonomik Forumu, \u015fubat ay\u0131nda ise M\u00fcnih G\u00fcvenlik Konferans\u0131&#8217;n\u0131n 2026 raporlar\u0131 yay\u0131mlanm\u0131\u015ft\u0131. D\u00fcnya Ekonomik Forumu&#8217;nun raporu &#8220;belirsizlik&#8221; vurgusu yaparken M\u00fcnih G\u00fcvenlik Konferans\u0131&#8217;n\u0131n raporu ise <\/strong><strong><em>uluslararas\u0131 d\u00fczenin &#8220;y\u0131k\u0131ld\u0131\u011f\u0131n\u0131&#8221; hayk\u0131rm\u0131\u015ft\u0131.<\/em><\/strong> <strong>\u0130svi\u00e7re&#8217;nin Davos kasabas\u0131nda d\u00fczenlenen\u00a0D\u00fcnya Ekonomik Forumu&#8217;nun &#8220;2026 K\u00fcresel Riskler Raporu&#8221; 14 Ocak&#8217;ta yay\u0131mland\u0131. Yakla\u015f\u0131k iki hafta sonra (1 \u015eubat&#8217;ta) M\u00fcnih G\u00fcvenlik Konferans\u0131&#8217;n\u0131n 2026 raporu da yay\u0131mlanm\u0131\u015ft\u0131. M\u00fcnih G\u00fcvenlik Konferans\u0131&#8217;n\u0131n bu seneki raporunun ismi &#8220;Y\u0131k\u0131m Alt\u0131nda (Under Destruction)&#8221; ba\u015fl\u0131\u011f\u0131n\u0131 ta\u015f\u0131maktayd\u0131. Kapakta, bir fil g\u00f6rseli g\u00f6r\u00fcl\u00fcyor. &#8220;Filler tepi\u015fir, \u00e7imenler ezilir&#8221; atas\u00f6z\u00fcn\u00fc ak\u0131llara getiren bu fil g\u00f6rseli, ayn\u0131 zamanda\u00a0ABD\u00a0Cumhuriyet\u00e7i Parti&#8217;nin de simgesi olmaktayd\u0131. \u0130ki rapor da ayn\u0131 noktaya parmak basm\u0131\u015ft\u0131. 1945&#8217;ten beri devam eden ve ABD \u00f6nc\u00fcl\u00fc\u011f\u00fcnde kurulan k\u00fcresel d\u00fczen y\u0131k\u0131lman\u0131n e\u015fi\u011fine dayanm\u0131\u015ft\u0131. D\u00fcnya Ekonomik Forumu&#8217;nun raporu 2026 i\u00e7in &#8220;belirsizlik&#8221; kelimesini \u00f6ne \u00e7\u0131kar\u0131rken, M\u00fcnih G\u00fcvenlik Konferans\u0131&#8217;n\u0131n raporu ise &#8220;k\u00f6kl\u00fc y\u0131k\u0131mlar\u0131n&#8221; d\u00f6nemin anlay\u0131\u015f\u0131n\u0131 yans\u0131tt\u0131\u011f\u0131n\u0131 vurgulam\u0131\u015ft\u0131. \u0130ki raporda da yer verilen anket \u00e7al\u0131\u015fmalar\u0131, gelecek i\u00e7in umutsuz tablo \u00e7izerken, jeopolitik \u00e7at\u0131\u015fmalar bu ba\u011flamda \u00f6n plana \u00e7\u0131kmaktayd\u0131.<\/strong><\/p><p><strong>K\u00fcresel Endi\u015fe Artm\u0131\u015ft\u0131<\/strong><\/p><p><strong>D\u00fcnya Ekonomik Forumu&#8217;nun 2026 raporunda, i\u015f d\u00fcnyas\u0131ndan politika yap\u0131c\u0131lara, sivil toplum kurulu\u015flar\u0131ndan akademi camias\u0131na kadar uzanan 1300 ki\u015filik \u00f6rneklemle haz\u0131rlanm\u0131\u015f ara\u015ft\u0131rmaya g\u00f6re, <em>\u00f6n\u00fcm\u00fczdeki iki ve on senelik d\u00f6nemler i\u00e7in karamsar bir tablo ortaya \u00e7\u0131km\u0131\u015ft\u0131. <\/em>Ara\u015ft\u0131rmaya g\u00f6re, kat\u0131l\u0131mc\u0131lar\u0131n yaln\u0131zca %1&#8217;i \u00f6n\u00fcm\u00fczdeki iki senelik d\u00f6nemin &#8220;sakin&#8221; ge\u00e7ece\u011fi kanaatini ta\u015f\u0131maktayd\u0131. %50&#8217;lik bir kesim ise \u00f6n\u00fcm\u00fczdeki iki senenin &#8220;t\u00fcrb\u00fclansl\u0131&#8221; veya &#8220;f\u0131rt\u0131nal\u0131&#8221; bir d\u00f6nem olaca\u011f\u0131 kanaatini payla\u015fm\u0131\u015ft\u0131. 2026 y\u0131l\u0131, 2023&#8217;te zirve yapan k\u00fcresel endi\u015feye do\u011fru giden yolun \u00f6nemli d\u00f6n\u00fcm noktalar\u0131ndan biri say\u0131lm\u0131\u015ft\u0131. Ukrayna-Rusya Sava\u015f\u0131, 24 \u015eubat 2022&#8217;de ba\u015flam\u0131\u015f, bu sava\u015f\u0131n ard\u0131ndan yay\u0131mlanan ilk D\u00fcnya Ekonomik Forumu raporunda (2023) kat\u0131l\u0131mc\u0131lar\u0131n %82&#8217;si, devam\u0131ndaki iki y\u0131ll\u0131k d\u00f6nemin &#8220;t\u00fcrb\u00fclansl\u0131&#8221; veya &#8220;f\u0131rt\u0131nal\u0131&#8221; ge\u00e7ece\u011fini vurgulam\u0131\u015ft\u0131. Bu oran, 2024&#8217;te %30&#8217;a d\u00fc\u015fse de bir sonraki y\u0131l %36\u2019ya \u00e7\u0131km\u0131\u015f, 2026&#8217;da ise %50 civar\u0131ndayd\u0131. Raporun devam\u0131ndaki bir ba\u015fka ara\u015ft\u0131rmaya g\u00f6re ise kat\u0131l\u0131mc\u0131lar\u0131n %18&#8217;i olas\u0131 bir k\u00fcresel krizi tetikleyecek sebebin bir jeoekonomik \u00e7at\u0131\u015fma olaca\u011f\u0131 g\u00f6r\u00fc\u015f\u00fcndeydi. Jeoekonomik \u00e7at\u0131\u015fma, \u00f6nceki sene \u00fc\u00e7\u00fcnc\u00fc sebep olarak s\u0131ralanm\u0131\u015ft\u0131.<\/strong><\/p><p><strong>Mevcut D\u00fczen Art\u0131k Y\u0131k\u0131m S\u00fcrecine Girmi\u015f Durumdad\u0131r!<\/strong><\/p><p><strong>M\u00fcnih G\u00fcvenlik Konferans\u0131 raporunda da benzer bir tablo kar\u015f\u0131m\u0131za \u00e7\u0131km\u0131\u015ft\u0131. Raporun ba\u015f\u0131ndaki \u015fu c\u00fcmleler ise yaz\u0131n\u0131n geri kalan\u0131n\u0131n \u00f6zeti say\u0131l\u0131rd\u0131.<\/strong><\/p><p><strong><em>&#8220;D\u00fcnya, y\u0131k\u0131c\u0131 politika d\u00f6nemine girmi\u015f durumdad\u0131r. G\u00fcn\u00fcn emri, dikkatli reformlar ve politika d\u00fczeltmeleri yapmak yerine k\u00f6kl\u00fc y\u0131k\u0131mlar yapmakt\u0131r. \u00dclkesini mevcut d\u00fczenin k\u0131s\u0131tlamalar\u0131ndan kurtar\u0131p daha g\u00fc\u00e7l\u00fc ve daha refah bir ulus in\u015fa edece\u011fini vadedenlerin en \u00f6ne \u00e7\u0131kan\u0131 ise mevcut ABD y\u00f6netimi olmaktad\u0131r. Sonu\u00e7 olarak, in\u015fas\u0131na ba\u015flanmas\u0131n\u0131n \u00fczerinden 80 y\u0131l\u0131 a\u015fk\u0131n bir s\u00fcre ge\u00e7tikten sonra, ABD \u00f6nc\u00fcl\u00fc\u011f\u00fcndeki 1945 sonras\u0131 uluslararas\u0131 d\u00fczen art\u0131k y\u0131k\u0131m s\u00fcrecine girmi\u015f durumdad\u0131r.&#8221;<\/em><\/strong><\/p><p><strong>Rapor, ABD ve\u00a0Donald Trump\u00a0Vurgusu Yapmaktan Sak\u0131nmam\u0131\u015ft\u0131!<\/strong><\/p><p><strong>Raporda, uluslararas\u0131 nizam\u0131 baltalayanlar aras\u0131nda en g\u00fc\u00e7l\u00fc ismin Donald Trump oldu\u011fu; Trump destek\u00e7ilerinin ise bunun, t\u0131kan\u0131kl\u0131\u011fa yol a\u00e7an k\u00fcresel problemleri \u00e7\u00f6zece\u011fini d\u00fc\u015f\u00fcnd\u00fckleri vurgulanm\u0131\u015ft\u0131. Devam\u0131nda, t\u0131pk\u0131 D\u00fcnya Ekonomik Forumu&#8217;nun raporundaki gibi M\u00fcnih G\u00fcvenlik Konferans\u0131&#8217;n\u0131n raporunda da bu politikalar\u0131n i\u015fe yaray\u0131p yaramayaca\u011f\u0131n\u0131n belirsiz oldu\u011fu hat\u0131rlat\u0131lm\u0131\u015ft\u0131.<\/strong><\/p><p><strong>AB ile Savunma A\u00e7\u0131s\u0131ndan \u0130li\u015fkiler \u00c7\u0131kmazdayd\u0131!<\/strong><\/p><p><strong>Savunma konusu, Trump\u2019\u0131n ABD a\u00e7\u0131s\u0131ndan yeniden kurgulayaca\u011f\u0131 birinci aland\u0131. Zira ilk y\u00f6netim d\u00f6neminde uzay rekabetine odaklanan, \u00c7in ve Rusya ile b\u00fcy\u00fck g\u00fc\u00e7 rekabetini h\u0131zland\u0131ran Trump, ABD\u2019nin So\u011fuk Sava\u015f s\u0131ras\u0131nda Sovyet i\u015fgali tehdidine kar\u015f\u0131 kurulan transatlantik savunma ittifak\u0131 NATO\u2019daki rol\u00fcn\u00fc yeniden ele alm\u0131\u015ft\u0131. Trump\u2019\u0131n 2020\u2019de \u00fcst d\u00fczey Avrupal\u0131 yetkililere \u201cNATO \u00f6lm\u00fc\u015ft\u00fcr\u201d dedi\u011fini, Ba\u015fkanl\u0131\u011f\u0131 d\u00f6neminde ABD\u2019yi bir\u00e7ok uluslararas\u0131 anla\u015fmadan \u00e7ekti\u011fini, ayr\u0131ca NATO\u2019nun Avrupal\u0131 \u00fcye \u00fclkelerini GSY\u0130H\u2019nin en az %2\u2019si oran\u0131nda savunma harcamalar\u0131 yapma \u015fart\u0131n\u0131 geri getirmemekle ele\u015ftirdi\u011fini, hatta bu \u00fclkeleri ABD\u2019yi mali a\u00e7\u0131dan s\u00f6m\u00fcrmekle su\u00e7lad\u0131\u011f\u0131n\u0131 unutmamal\u0131y\u0131z. \u00a0<\/strong><\/p><p><strong>Trump\u2019\u0131n ilk Ba\u015fkanl\u0131k d\u00f6neminde NATO\u2019ya kar\u015f\u0131 ele\u015ftirilerinin dozunu art\u0131rmas\u0131 ve \u0130ttifak\u2019\u0131n kurucu ilkelerinden olan kolektif savunma ilkesini (5\u2019inci madde) sorgulamas\u0131, Almanya ba\u015fta olmak \u00fczere bir\u00e7ok AB \u00fclkesini savunma harcamalar\u0131n\u0131 art\u0131rmaya mecbur b\u0131rakm\u0131\u015ft\u0131. Zira bu maddeye g\u00f6re bir NATO \u00fcyesi \u00fclkeye sald\u0131r\u0131 olmas\u0131 halinde di\u011fer m\u00fcttefikler savunmaya kat\u0131lmakla y\u00fck\u00fcml\u00fc tutulmaktayd\u0131. \u015euras\u0131 net ki Trump, ABD\u2019nin deniza\u015f\u0131r\u0131 taahh\u00fctlerini azaltmak konusunda \u0131srarl\u0131 ad\u0131mlar atmak hususunda kararl\u0131yd\u0131.\u00a0\u00a0<\/strong><\/p><p><strong>Dolay\u0131s\u0131yla yeni ABD y\u00f6netimi, NATO konusunda Avrupa g\u00fcvenli\u011finin y\u00fck\u00fcn\u00fc payla\u015fmaktansa, y\u00fck\u00fc Avrupa\u2019n\u0131n omuzlar\u0131na iade etmeye do\u011fru kayan bir yakla\u015f\u0131m ba\u015flatm\u0131\u015ft\u0131. Bu da AB \u00fclkelerinin ittifak i\u00e7inde Avrupa aya\u011f\u0131n\u0131 g\u00fc\u00e7lendirmeye y\u00f6nelik ad\u0131mlar atmas\u0131n\u0131, Avrupa silahl\u0131 kuvvetlerinin muharebe yeteneklerini g\u00fc\u00e7lendirmeye yat\u0131r\u0131m yap\u0131p NATO\u2019nun kumanda ve kontrol yap\u0131s\u0131na Avrupal\u0131 personel istihdam\u0131n\u0131, Do\u011fu Avrupa\u2019daki m\u00fcttefikleri de asker\u00ee a\u00e7\u0131dan g\u00fc\u00e7l\u00fc k\u0131lmas\u0131n\u0131 sa\u011flayacakt\u0131. Haziran 2025\u2019te Hollanda\u2019da ger\u00e7ekle\u015fen NATO zirvesi \u00f6ncesi, Trump\u2019\u0131n 2028 y\u0131l\u0131na kadar olan g\u00f6rev s\u00fcresi boyunca, NATO \u00fclkelerinin savunma harcamalar\u0131n\u0131n %3\u2019e y\u00fckseltilmesi gibi \u00f6neriler bile haz\u0131rlam\u0131\u015ft\u0131.\u00a0<\/strong><\/p><p><strong>Trump, ABD\u2019nin NATO kar\u015f\u0131s\u0131ndaki k\u00fcresel konumuna dair farkl\u0131 bir bak\u0131\u015f a\u00e7\u0131s\u0131 sunuyor ve Avrupa\u2019y\u0131 yaln\u0131zca savunma harcamalar\u0131n\u0131 art\u0131rmas\u0131 ko\u015fuluyla koruyaca\u011f\u0131n\u0131 vurguluyordu. Bu da ABD\u2019nin NATO i\u00e7indeki konumunu <em>\u201ck\u0131sa s\u00fcreli \u00e7\u0131kar odakl\u0131\u201d<\/em> hale getiriyordu. Dolay\u0131s\u0131yla ABD\u2019nin 5\u2019inci madde kapsam\u0131ndaki y\u00fck\u00fcml\u00fcl\u00fcklerine ba\u011fl\u0131l\u0131\u011f\u0131, bu yeni s\u00fcre\u00e7te, hem \u0130ttifak \u00fcyesi \u00fclkeler hem de cayd\u0131r\u0131c\u0131l\u0131k uygulanmas\u0131n\u0131n ama\u00e7land\u0131\u011f\u0131 \u00fclkeler a\u00e7\u0131s\u0131ndan ku\u015fkulu hale geliyordu.<\/strong><\/p><p><strong>Trump&#8217;tan Netanyahu&#8217;ya Uyar\u0131: <em>\u201cDemir Kubbe ile \u00d6v\u00fcnme; Onu Biz Yapt\u0131k!\u201d<\/em><\/strong><\/p><p><strong>ABD Ba\u015fkan\u0131 Donald Trump&#8217;\u0131n Davos zirvesindeki konu\u015fmas\u0131na \u0130srail Ba\u015fbakan\u0131 Netanyahu ile ilgili s\u00f6yledi\u011fi s\u00f6zler \u00e7ok tart\u0131\u015f\u0131lm\u0131\u015ft\u0131. Trump, &#8220;\u0130srail&#8217;deki Demir Kubbe&#8217;den \u00e7ok daha iyisini yapaca\u011f\u0131z. Zaten onu da biz yapt\u0131k, \u0130srail Ba\u015fbakan\u0131 Bibi&#8217;ye de bunu hat\u0131rlatt\u0131m. Netanyahu&#8217;ya, Demir Kubbe i\u00e7in \u00f6vg\u00fcy\u00fc ve sahiplenmeyi b\u0131rakmas\u0131n\u0131 s\u00f6yledim, bu bizim teknolojimiz.&#8221; ifadelerini kullanm\u0131\u015ft\u0131.<\/strong><\/p><p><strong> \u2022 ABD Ba\u015fkan\u0131 Donald Trump, \u0130srail Ba\u015fbakan\u0131 Binyamin Netanyahu&#8217;ya Demir Kubbe hava savunma sisteminin ABD teknolojisi oldu\u011funu s\u00f6ylemi\u015fti.<\/strong><\/p><p><strong> \u2022 Donald Trump, ABD&#8217;nin \u0130srail&#8217;deki Demir Kubbe&#8217;den daha iyi bir Alt\u0131n Kubbe in\u015fa edece\u011fini belirtmi\u015fti.<\/strong><\/p><p><strong> \u2022 Demir Kubbe sistemi, k\u0131sa menzilli roket ve mermileri havada imha eden, %90&#8217;\u0131n \u00fczerinde ba\u015far\u0131 oran\u0131na sahip bir hava savunma sistemiydi.<\/strong><\/p><p><strong>Trump\u2019\u0131n as\u0131l mesaj\u0131: <em>\u201cABD olarak biz himayemizi \u00e7ekersek, \u0130srail bir saat dayanamaz!\u201d<\/em> ger\u00e7e\u011fini dolayl\u0131 bir dille hat\u0131rlatmakt\u0131. <\/strong><\/p><p><strong>Trump ve FED Ba\u015fkan\u0131 Aras\u0131ndaki \u00c7eki\u015fme Nereye Varacakt\u0131?<\/strong><\/p><p><strong>ABD Merkez Bankas\u0131 Ba\u015fkan\u0131&#8217;na FED binas\u0131 yenileme projesiyle ilgili ifadesi \u00fczerinden soru\u015fturma ba\u015flat\u0131lm\u0131\u015ft\u0131. Trump y\u00f6netiminin bu hamlesi piyasalar\u0131 kar\u0131\u015ft\u0131rm\u0131\u015ft\u0131. Siyonist sermaye baronlar\u0131yla Trump\u2019\u0131n gizli kap\u0131\u015fmas\u0131 umar\u0131z insanl\u0131k i\u00e7in hay\u0131rl\u0131 kap\u0131lar a\u00e7acakt\u0131. ABD Merkez Bankas\u0131 Ba\u015fkan\u0131 Jerome Powell&#8217;a\u00a0Trump\u00a0y\u00f6netimi soru\u015fturma ba\u015flatm\u0131\u015ft\u0131. Trump y\u00f6netimiyle bir t\u00fcrl\u00fc y\u0131ld\u0131z\u0131 bar\u0131\u015fmayan Ba\u015fkan Powell &#8220;2005 yaz\u0131nda\u00a0FED\u00a0binas\u0131 yenileme projesiyle ilgili verdi\u011fi Kongre ifadesi nedeniyle kendisine ceza davas\u0131 a\u00e7makla tehdit etti\u011fini ve b\u00fcy\u00fck j\u00fcri celpleri g\u00f6nderdi\u011fini, bunun da Merkez Bankas\u0131na faiz oranlar\u0131n\u0131 d\u00fc\u015f\u00fcrmesi i\u00e7in bask\u0131 yapmay\u0131 ama\u00e7layan bir \u2018bahane\u2019 oldu\u011funu&#8221; a\u00e7\u0131klam\u0131\u015ft\u0131.<\/strong><\/p><p><strong>Siyonist Sermaye Paras\u0131 Dolar, Dalgalanmaya Ba\u015flam\u0131\u015ft\u0131!<\/strong><\/p><p><strong>S&amp;P 500 vadeli i\u015flemleri %0,5 d\u00fc\u015ferken, Avrupa vadeli i\u015flemleri %0,1 gerilemi\u015f ve dolar, \u00e7o\u011fu \u00f6nemli para birimi kar\u015f\u0131s\u0131nda yakla\u015f\u0131k %0,2 de\u011fer kaybederek 158 yenin alt\u0131na ve euro kar\u015f\u0131s\u0131nda 1,1660 dolara inmi\u015f durumdayd\u0131. Bu geli\u015fmeler piyasa kat\u0131l\u0131mc\u0131lar\u0131n\u0131 tedirgin etmeye ba\u015flam\u0131\u015ft\u0131. G\u00f6sterge niteli\u011findeki 10 y\u0131ll\u0131k ABD Hazine tahvili vadeli i\u015flemleri 3 kademe y\u00fckselerek %4,15&#8217;lik bir getiri sa\u011flam\u0131\u015ft\u0131; bu da nakit piyasas\u0131 kapan\u0131\u015f\u0131n\u0131n yakla\u015f\u0131k bir baz puan alt\u0131ndayd\u0131. FED fonu vadeli i\u015flemleri bu y\u0131l yakla\u015f\u0131k \u00fc\u00e7 baz puan daha fazla faiz indirimi beklentisiyle y\u00fckselmi\u015f durumdayd\u0131; bu k\u00fc\u00e7\u00fck bir art\u0131\u015f olsa da FED&#8217;in daha agresif davranmaya itilmesi riskini \u00e7a\u011fr\u0131\u015ft\u0131rm\u0131\u015ft\u0131. Bu durum yat\u0131r\u0131mc\u0131lar\u0131n Merkez Bankas\u0131n\u0131n ba\u011f\u0131ms\u0131zl\u0131\u011f\u0131na ili\u015fkin endi\u015felerini artt\u0131rm\u0131\u015ft\u0131.\u00a0<\/strong><\/p><p><strong>Washington\u2019da FED Depremi: FED Ba\u015fkan\u0131 Hakk\u0131nda Cezai Soru\u015fturma Ba\u015flat\u0131lm\u0131\u015ft\u0131!<\/strong><\/p><p><strong>Powell, FED\u2019e g\u00f6nderilen b\u00fcy\u00fck j\u00fcri celbinin, <em>faiz indirimi taleplerine yan\u0131t vermeyi reddetmesine kar\u015f\u0131 bir misilleme<\/em> oldu\u011funu aktarm\u0131\u015ft\u0131! ABD\u2019de federal savc\u0131lar, ABD Merkez Bankas\u0131 (FED) Genel Merkezinin, maliyeti 2,5 milyar dolar olarak a\u00e7\u0131klanan yenileme projesiyle ilgili FED Ba\u015fkan\u0131 Jerome Powell hakk\u0131nda cezai soru\u015fturma ba\u015flatm\u0131\u015ft\u0131. Bu hamle, Trump y\u00f6netimi ile FED aras\u0131ndaki gerilimi daha da t\u0131rmand\u0131rm\u0131\u015ft\u0131, FED Siyonist sermayenin kalesi konumundayd\u0131.<\/strong><\/p><p><strong>Powell yapt\u0131\u011f\u0131 a\u00e7\u0131klamada, mahkemeden FED\u2019e b\u00fcy\u00fck j\u00fcri celbi geldi\u011fini ve 2025 yaz\u0131nda ABD Kongresi&#8217;nde genel merkezi yenileme \u00e7al\u0131\u015fmalar\u0131yla ilgili verdi\u011fi ifadeyle ili\u015fkili olarak Adalet Bakanl\u0131\u011f\u0131 taraf\u0131ndan hakk\u0131nda cezai soru\u015fturma ba\u015flatmakla tehdit edildi\u011fini aktarm\u0131\u015ft\u0131. Powell, soru\u015fturman\u0131n, FED&#8217;in faiz oranlar\u0131n\u0131 belirleme konusundaki ba\u011f\u0131ms\u0131zl\u0131\u011f\u0131n\u0131 k\u0131s\u0131tlamak i\u00e7in kullan\u0131lan bir bahane oldu\u011funu a\u00e7\u0131klam\u0131\u015ft\u0131. Bu geli\u015fme, Trump&#8217;\u0131n Powell&#8217;a y\u00f6nelik, <em>bor\u00e7lanma maliyetlerini d\u00fc\u015f\u00fcrmeyi reddetti\u011fi i\u00e7in onu \u2018inat\u00e7\u0131\u2019 olarak nitelendirdi\u011fi ele\u015ftirilerini s\u00fcrd\u00fcrd\u00fc\u011f\u00fc bir d\u00f6nemde<\/em> ya\u015fanm\u0131\u015ft\u0131.<\/strong><\/p><p><strong>K\u00fcresel Piyasalar ABD&#8217;de A\u00e7\u0131klanacak Enflasyon Verisine Odaklanm\u0131\u015ft\u0131.<\/strong><\/p><p><strong>K\u00fcresel piyasalar, FED\u2019in s\u00f6zde ba\u011f\u0131ms\u0131zl\u0131\u011f\u0131na, <em>asl\u0131nda Siyonist sermayenin g\u00fcd\u00fcm\u00fcnde kal\u0131p kalmayaca\u011f\u0131na<\/em> y\u00f6nelik endi\u015feler ve jeopolitik gerilimlere ra\u011fmen teknoloji ve savunma \u015firketi hisselerindeki y\u00fckseli\u015flerin etkisiyle pozitif seyrederken, g\u00f6zler ABD\u2019de a\u00e7\u0131klanacak enflasyon verilerine \u00e7evrilmi\u015f durumdayd\u0131. Trump, FED\u2019i <\/strong><strong><em>(ABD Merkez Bankas\u0131 san\u0131lan Yahudi sermaye kararg\u00e2h\u0131n\u0131)<\/em><\/strong> <strong>millile\u015ftirme \u00e7abas\u0131ndayd\u0131. Ve bu giri\u015fim Siyonistleri \u00e7\u0131ld\u0131rtmaktayd\u0131. Yat\u0131r\u0131mc\u0131lar, ABD&#8217;de federal h\u00fck\u00fcmetin a\u00e7\u0131lmas\u0131 sonras\u0131nda verilerin a\u00e7\u0131klanmaya ba\u015flamas\u0131yla birlikte enflasyondaki gidi\u015fata ili\u015fkin ipucu ar\u0131yorlard\u0131. \u00d6te yandan jeopolitik riskler de piyasalar\u0131 me\u015fgul etmeye ba\u015flam\u0131\u015ft\u0131. ABD Ba\u015fkan\u0131 Donald Trump, \u0130ran ile i\u015f yapan \u00fclkelerin, ABD ile ticaretlerinde %25 oran\u0131nda g\u00fcmr\u00fck vergisi \u00f6deyece\u011fini a\u00e7\u0131klam\u0131\u015ft\u0131. ABD bas\u0131n\u0131nda, Trump&#8217;\u0131n FED&#8217;in yeni ba\u015fkan\u0131 olabilecek adaylar aras\u0131nda ismi ge\u00e7en, varl\u0131k y\u00f6netim \u015firketi BlackRock&#8217;ta y\u00f6netici olan <\/strong><strong>Rick Rieder<\/strong><strong> ile m\u00fclakat yapaca\u011f\u0131 konu\u015fulmaktayd\u0131. Trump, sosyal medya hesab\u0131ndan ABD Y\u00fcksek Mahkemesinin beklenen tarife karar\u0131na ili\u015fkin a\u00e7\u0131klama yapm\u0131\u015ft\u0131. Mahkemenin g\u00fcmr\u00fck vergileri konusunda aleyhte karar vermesi durumunda <em>ABD&#8217;nin geri \u00f6demesi gereken tutar\u0131n y\u00fcz milyarlarca dolar\u0131 bulaca\u011f\u0131n\u0131 <\/em>belirten Trump, bunun yat\u0131r\u0131mlar da eklenirse trilyonlarca dolara ula\u015fabilece\u011fini uyarm\u0131\u015ft\u0131.<\/strong><\/p><p><strong>Siyonist \u00e7evreler; <\/strong><strong><em>ABD Merkez Bankas\u0131n\u0131n (FED) ba\u011f\u0131ms\u0131zl\u0131\u011f\u0131na y\u00f6nelik endi\u015feleri pompalamaktayd\u0131. FED&#8217;in eski Ba\u015fkanlar\u0131 ve Siyonist sermaye u\u015faklar\u0131, bankan\u0131n ba\u011f\u0131ms\u0131zl\u0131\u011f\u0131n\u0131n ekonomik performans a\u00e7\u0131s\u0131ndan \u00f6nemine<\/em><\/strong><strong> i\u015faret ederek, FED Ba\u015fkan\u0131 Jerome Powell&#8217;a bildirilen &#8220;cezai soru\u015fturman\u0131n&#8221; bu ba\u011f\u0131ms\u0131zl\u0131\u011f\u0131 zay\u0131flatmaya y\u00f6nelik, savc\u0131l\u0131k yoluyla yap\u0131lan benzeri g\u00f6r\u00fclmemi\u015f bir giri\u015fim oldu\u011funu iddia ediyorlard\u0131.<\/strong><\/p><p><strong>Yeni Epstein Foto\u011fraflar\u0131yla Trump K\u00f6\u015feye S\u0131k\u0131\u015ft\u0131r\u0131lmaktayd\u0131!..<\/strong><\/p><p><strong>Epstein ar\u015fivinden \u00e7\u0131kan yeni foto\u011fraflarda Trump\u2019\u0131n kad\u0131nlarla birlikte g\u00f6r\u00fcld\u00fc\u011f\u00fc kareler ABD siyasetinde tart\u0131\u015fmalara yol a\u00e7m\u0131\u015ft\u0131. Siyonistlerin te\u015fvikiyle ABD\u00a0Temsilciler Meclisi Denetim Komitesi\u2019nin Demokrat \u00fcyeleri, pedofil milyarder Jeffrey\u00a0Epstein\u2019e ait ar\u015fivlerden yeni foto\u011fraflar yay\u0131mlam\u0131\u015ft\u0131. Kamuoyuyla payla\u015f\u0131lan bu g\u00f6rseller aras\u0131nda, Donald\u00a0Trump\u2019\u0131n da yer ald\u0131\u011f\u0131 birka\u00e7 kare bulunmaktayd\u0131. Komiteden yap\u0131lan a\u00e7\u0131klamaya g\u00f6re, Epstein\u2019in miras\u0131ndan teslim edilen toplamda yakla\u015f\u0131k 95.000 foto\u011fraf incelemeye al\u0131nm\u0131\u015ft\u0131. Yay\u0131mlanan 19 yeni foto\u011fraf aras\u0131nda Trump\u2019\u0131n sosyal ortamlarda, y\u00fczleri karart\u0131lm\u0131\u015f baz\u0131 kad\u0131nlarla g\u00f6r\u00fcld\u00fc\u011f\u00fc kareler yer alm\u0131\u015ft\u0131. Foto\u011fraflar \u00fczerinde isim, tarih veya yer gibi ba\u011flamsal bilgi bulunmad\u0131\u011f\u0131 anla\u015f\u0131lmaktayd\u0131.<\/strong><\/p><p><strong>Demokrat vekiller, bu foto\u011fraflar\u0131n Epstein\u2019in zengin ve g\u00fc\u00e7l\u00fc \u00e7evresiyle ili\u015fkileri hakk\u0131nda soru i\u015faretleri do\u011furdu\u011funu savunuyorlard\u0131. Temsilci Robert Garcia, a\u00e7\u0131klamas\u0131nda <em>\u201cBu foto\u011fraflar daha fazla soruya neden oluyor ve adalet i\u00e7in t\u00fcm Epstein dosyalar\u0131n\u0131n serbest b\u0131rak\u0131lmas\u0131 gerekiyor\u201d<\/em> diye \u00e7\u0131k\u0131\u015fm\u0131\u015ft\u0131. G\u00f6rsellerden baz\u0131lar\u0131, Trump\u2019\u0131n yanlar\u0131nda baz\u0131 kad\u0131nlarla bir arada oldu\u011fu siyah-beyaz kareleri ve partilerde \u00e7ekildi\u011fi izlenimi veren g\u00f6r\u00fcnt\u00fcleri i\u00e7eriyorlard\u0131. Cumhuriyet\u00e7iler ise, payla\u015f\u0131lan se\u00e7ilmi\u015f foto\u011fraflar\u0131n Trump\u2019\u0131 olumsuz g\u00f6stermek i\u00e7in se\u00e7ildi\u011fini ve bir \u201cyan\u0131ltma\u201d amac\u0131 ta\u015f\u0131d\u0131\u011f\u0131 \u015feklinde ele\u015ftiriler yapm\u0131\u015flard\u0131. Komitenin payla\u015ft\u0131\u011f\u0131 g\u00f6rsellerde herhangi bir kan\u0131tlanm\u0131\u015f su\u00e7 veya yasa d\u0131\u015f\u0131 davran\u0131\u015f g\u00f6steren i\u00e7erik bulunmad\u0131\u011f\u0131na dikkat \u00e7ekiyorlard\u0131.<\/strong><\/p><p><strong>La\u011f\u0131m Patlam\u0131\u015f; Binlerce Yeni Epstein Belgesi Yay\u0131mlanm\u0131\u015ft\u0131!..<\/strong><\/p><p><strong>ABD Adalet Bakanl\u0131\u011f\u0131, h\u00fck\u00fcm giymi\u015f ve ard\u0131ndan intihar etmi\u015f cinsel su\u00e7lu Jeffrey Epstein\u2019in siyasi a\u00e7\u0131dan son derece hassas davas\u0131na ili\u015fkin soru\u015fturmalar\u0131ndan olu\u015fan ve uzun s\u00fcredir tart\u0131\u015f\u0131lan belge y\u0131\u011f\u0131n\u0131n\u0131 yay\u0131mlamaya ba\u015flam\u0131\u015ft\u0131. Ancak yay\u0131mlanan materyalin b\u00fcy\u00fck b\u00f6l\u00fcm\u00fc a\u011f\u0131r \u015fekilde karart\u0131lm\u0131\u015f durumdayd\u0131. Ar\u015fivde, eski Demokrat Ba\u015fkan Bill Clinton\u2019\u0131n yan\u0131 s\u0131ra Mick Jagger ve Michael Jackson gibi Epstein\u2019in sosyal \u00e7evresinde yer alan bir\u00e7ok tan\u0131nm\u0131\u015f ismi g\u00f6steren \u00e7ok say\u0131da foto\u011fraf vard\u0131. Bu foto\u011fraflar\u0131n yay\u0131mlanmas\u0131n\u0131n ard\u0131ndan, Beyaz Saray Bas\u0131n S\u00f6zc\u00fcs\u00fc Karoline Leavitt ve \u00fcst d\u00fczey dan\u0131\u015fman Steven Cheung da dahil olmak \u00fczere Beyaz Saray\u2019dan baz\u0131 yetkililer, sosyal medyada bu g\u00f6r\u00fcnt\u00fclere dikkat \u00e7eken payla\u015f\u0131mlar yapm\u0131\u015ft\u0131. Trump ise Kuzey Carolina\u2019da bir konu\u015fma yapmak \u00fczere Beyaz Saray\u2019dan ayr\u0131l\u0131rken konuyu a\u00e7mam\u0131\u015ft\u0131. Clinton\u2019\u0131n s\u00f6zc\u00fcs\u00fc Angel Ure\u00f1a, yapt\u0131\u011f\u0131 yaz\u0131l\u0131 a\u00e7\u0131klamada Epstein soru\u015fturmas\u0131n\u0131n \u201cBill Clinton\u2019la ilgili olmad\u0131\u011f\u0131n\u0131\u201d vurgulam\u0131\u015ft\u0131.<\/strong><\/p><p><strong>Belgelerin pek \u00e7o\u011funda yap\u0131lan kapsaml\u0131 karartmalar bulunmas\u0131 ve Ba\u015fkan Donald Trump y\u00f6netimindeki yetkililerin, yay\u0131mlama s\u00fcrecini s\u0131k\u0131 bi\u00e7imde kontrol alt\u0131na almas\u0131 bu a\u00e7\u0131klaman\u0131n \u00fcst d\u00fczey bir \u00f6rtbas iddias\u0131na ili\u015fkin komplo teorilerini ger\u00e7ekten susturup susturamayaca\u011f\u0131 konusunda \u015f\u00fcpheleri art\u0131rm\u0131\u015ft\u0131. \u00d6rne\u011fin, 254 mas\u00f6z\u00fc listeleyen yedi sayfan\u0131n tamam\u0131nda isimlerin \u00fczeri kal\u0131n siyah bantlarla kapat\u0131lm\u0131\u015f durumdayd\u0131. Yanlar\u0131nda ise \u015fu not yer alm\u0131\u015ft\u0131: <em>\u201cOlas\u0131 ma\u011fdur bilgilerini korumak amac\u0131yla karart\u0131lm\u0131\u015ft\u0131r.\u201d <\/em>Her dosyada, \u00e7\u0131plak ya da yar\u0131 \u00e7\u0131plak ki\u015filerin yer ald\u0131\u011f\u0131 onlarca sans\u00fcrl\u00fc g\u00f6r\u00fcnt\u00fc bulunuyordu. Baz\u0131 foto\u011fraflarda ise Epstein ve yan\u0131ndakiler, y\u00fczleri gizlenmi\u015f halde silahlarla poz verirken g\u00f6r\u00fcl\u00fcyordu. Bir ba\u015fka karede Clinton, koyu sa\u00e7l\u0131 bir kad\u0131nla birlikte y\u00fcz\u00fcyor; bu kad\u0131n\u0131n Epstein\u2019in su\u00e7 orta\u011f\u0131 oldu\u011fu belirtilen Ghislaine Maxwell oldu\u011fu d\u00fc\u015f\u00fcn\u00fcl\u00fcyordu. Maxwell, ayr\u0131 bir foto\u011frafta ise eski Prens Andrew ile birlikte g\u00f6r\u00fcl\u00fcyordu. <\/strong><\/p><p><strong>Siyasilerin Kayda Al\u0131nmas\u0131na Bir de &#8216;\u0130stihbarat&#8217; Penceresinden Bak\u0131lmas\u0131 Gerekiyordu: MOSSAD Ajan\u0131 Baban\u0131n (Robert Maxwell) K\u0131ymetli Varisi Ghislaine Maxwell Kim Oluyordu?<\/strong><\/p><p><strong>ABD Adalet Bakanl\u0131\u011f\u0131&#8217;n\u0131n yay\u0131mlad\u0131\u011f\u0131 Epstein belgeleri d\u00fcnyan\u0131n g\u00fcndemini me\u015fgul etmeye devam ediyordu. Belgeleri iyi de\u011ferlendirebilmek i\u00e7in seks su\u00e7lusu Jeffrey Epstein&#8217;in k\u0131z arkada\u015f\u0131 ve su\u00e7 orta\u011f\u0131 <\/strong><strong><em>Ghislaine Maxwell&#8217;in<\/em><\/strong><strong> babas\u0131 hakk\u0131nda bilgi sahibi olmak olduk\u00e7a \u00f6nemli say\u0131l\u0131yordu. <\/strong><strong>Robert Maxwell\u00a0<\/strong><strong>1923\u2019te, \u00c7ekoslovakya\u2019n\u0131n bir k\u00f6y\u00fcnde, a\u015f\u0131r\u0131 yoksul bir Yahudi ailesinde Jan Ludvik Hoch ad\u0131yla do\u011fmu\u015ftu. \u0130nsan ili\u015fkilerindeki yetene\u011fi sayesinde haham olmas\u0131 umuluyordu. Ancak 16 ya\u015f\u0131nda buklelerini kesiyor, evden ayr\u0131l\u0131yor ve II. D\u00fcnya Sava\u015f\u0131 yakla\u015f\u0131rken \u0130ngiltere\u2019ye gidiyordu. Orada ismini de\u011fi\u015ftirip, \u0130ngiliz ordusuna giriyordu. Fransa ve Almanya\u2019da sava\u015f\u0131yordu. Bu s\u0131rada ailesi Holokost\u2019un i\u00e7inde yok ediliyordu. Sadece iki k\u0131z karde\u015fi hayatta kal\u0131yordu. E\u015fi Betty an\u0131lar\u0131nda bu d\u00f6nemi, <em>\u201cGe\u00e7mi\u015fi onun i\u00e7in h\u00e2l\u00e2 a\u00e7\u0131k bir yarayd\u0131, kederiyle y\u00fczle\u015femedi, su\u00e7luluk duygusunu a\u015famad\u0131\u201d<\/em> ifadeleriyle anlat\u0131yordu. Haham olmuyor, aksine bir \u201cbeyefendi\u201d ve toprak sahibi olmaya karar veriyordu. Rus\u00e7a, \u0130ngilizce ve Frans\u0131zca bilmesi, onu Britanya istihbarat\u0131 i\u00e7in de\u011ferli k\u0131l\u0131yordu. Sava\u015f sonras\u0131 Berlin\u2019de propaganda operasyonu y\u00fcr\u00fct\u00fcyordu. Ard\u0131ndan, MI6\u2019n\u0131n e\u015fi benzeri g\u00f6r\u00fclmemi\u015f yat\u0131r\u0131m\u0131yla Alman bilimsel yay\u0131n kataloglar\u0131n\u0131 sat\u0131n alarak yay\u0131nc\u0131l\u0131k imparatorlu\u011funu kuruyordu. Eski bir istihbarat\u00e7\u0131 olan Desmond Bristow \u201cfiilen bizim ajan\u0131m\u0131z haline gelmi\u015fti\u201d diyordu. Y\u0131llar boyunca yay\u0131nc\u0131l\u0131k a\u011f\u0131n\u0131 Sovyet temaslar\u0131na dezenformasyon s\u0131zd\u0131rmak ve yeni teknolojiler hakk\u0131nda bilgi toplamak i\u00e7in kullan\u0131yordu. Kurucusu oldu\u011fu Pergamon, Britanya\u2019da modern bilimsel yay\u0131nc\u0131l\u0131\u011f\u0131 ba\u015flat\u0131yordu. Ama Maxwell i\u00e7in bu yetmiyor \u015firketleri birbirine bor\u00e7land\u0131rarak varl\u0131k bo\u015faltma al\u0131\u015fkanl\u0131\u011f\u0131 ediniyordu. <\/strong><\/p><p><strong>Medya Patronlu\u011fu D\u00f6nemi ve Sonras\u0131<\/strong><\/p><p><strong>1969 y\u0131l\u0131na gelindi\u011finde Robert Maxwell\u2019 in doland\u0131r\u0131c\u0131l\u0131k yapt\u0131\u011f\u0131 ortaya \u00e7\u0131k\u0131yor, bir Amerikan \u015firketi defterleri inceleyince, ana \u015firketten kovuluyordu. K\u0131z\u0131 Ghislaine o s\u0131rada 7 ya\u015f\u0131nda bulunuyordu, ancak Maxwell kovulduktan sonra yeniden y\u00fckseliyordu. Yine tart\u0131\u015fmal\u0131 mali manevralarla \u015firketi geri al\u0131yordu. 1980\u2019lerdeki yard\u0131mc\u0131s\u0131 Peter Jay onun hakk\u0131nda <em>\u201cAhl\u00e2ks\u0131zdan ziyade, ahl\u00e2k \u00f6ncesi biriydi, iyiyle k\u00f6t\u00fcn\u00fcn fark\u0131nda de\u011fil gibiydi\u201d <\/em>diyordu.<\/strong><\/p><p><strong>MOSSAD\u2019\u0131n Tepe \u0130smiyle Tan\u0131\u015fmas\u0131<\/strong><\/p><p><strong>Maxwell\u2019in y\u0131llar boyunca Do\u011fu Avrupa\u2019da g\u00fc\u00e7l\u00fc ba\u011flant\u0131lar geli\u015ftirdi\u011fini bilen Peres, onu d\u00f6nemin MOSSAD Ba\u015fkan\u0131 Nahum Admoni ile tan\u0131\u015ft\u0131r\u0131yordu. Maxwell ve Admoni\u2019nin \u00c7ekoslovakya do\u011fumlu olmak gibi ortak \u00f6zellikleri vard\u0131 ve ikisi de Siyonist\u2019ti. Bu iki isim bir y\u0131l sonra, 15 Mart 1985\u2019te yeniden bulu\u015fmu\u015flard\u0131. Maxwell 1974 y\u0131l\u0131ndan beri \u0130ngiltere\u2019deki en g\u00fc\u00e7l\u00fc sayand\u0131. (Sayan: MOSSAD i\u00e7in istihbarat toplayan ki\u015fi) Ve art\u0131k \u00fcst d\u00fczey i\u015f bitiren say\u0131l\u0131yordu. En y\u00fcksek pozisyonlardan insanlar\u0131n kap\u0131lar\u0131n\u0131 a\u00e7abiliyordu. Sahibi oldu\u011fu gazetelerin g\u00fcc\u00fc politik isimlerle yak\u0131n ba\u011flant\u0131 kurmas\u0131n\u0131 sa\u011fl\u0131yordu. O d\u00f6nem bir di\u011fer MOSSAD ajan\u0131 olan Ari Ben-Menashe ise Maxwell\u2019i yak\u0131ndan takip ediyordu. Menashe 1989 y\u0131l\u0131nda New York\u2019ta tutukland\u0131\u011f\u0131nda \u0130srail H\u00fck\u00fcmeti kendisinden kesinlikle haberdar olmad\u0131klar\u0131n\u0131 s\u00f6yl\u00fcyordu. Art\u0131k \u0130srail istihbarat\u0131n\u0131n tek istedi\u011fi \u015fey Menashe\u2019nin g\u00f6zden kaybolmas\u0131 oluyordu. Ama Ari Ben-Menashe \u201cProfits of War\u201d adl\u0131 bir kitap yaz\u0131yordu.<\/strong><\/p><p><strong>&#8220;Epstein MOSSAD Eleman\u0131yd\u0131&#8221;<\/strong><\/p><p><strong>\u0130srail istihbarat\u0131 MOSSAD&#8217;da g\u00f6revli eski subay Ari Ben-Menashe&#8217;nin, Jeffrey Epstein hakk\u0131nda yapt\u0131\u011f\u0131 a\u00e7\u0131klamalar g\u00fcn y\u00fcz\u00fcne \u00e7\u0131k\u0131yordu. ABD\u2019li i\u015f insan\u0131 ve seks su\u00e7lusu Jeffrey Epstein\u2019in MOSSAD ba\u011flant\u0131s\u0131, eski te\u015fkilat \u00e7al\u0131\u015fan\u0131 taraf\u0131ndan do\u011frulan\u0131yordu. 80\u2019li y\u0131llarda MOSSAD ajan\u0131 olan Ari Ben-Menashe, 2022 y\u0131l\u0131nda kat\u0131ld\u0131\u011f\u0131 bir programda Epstein\u2019in MOSSAD ba\u011flant\u0131s\u0131n\u0131 a\u00e7\u0131k\u00e7a vurguluyor ve \u015funlar\u0131 s\u00f6yl\u00fcyordu: <\/strong><\/p><p><strong><em>\u201cAmerikan h\u00fck\u00fcmetinin bir nevi \u0130srailliler taraf\u0131ndan tuza\u011fa d\u00fc\u015f\u00fcr\u00fcld\u00fc\u011f\u00fcne inan\u0131yorum. Jeffrey Epstein, onlar\u0131 tuza\u011fa d\u00fc\u015f\u00fcrmek i\u00e7in kulland\u0131klar\u0131 ara\u00e7lardan biriydi. Ve ben \u0130sraillilerin, Amerikan h\u00fck\u00fcmetini, Epstein ile ge\u00e7mi\u015fte ya\u015fananlar nedeniyle \u201cEsir\u201d ald\u0131\u011f\u0131na inan\u0131yorum. Bak\u0131n size ge\u00e7mi\u015ften bir \u00f6rnek vereyim. Ba\u015fkan Bill Clinton ve Ehud Barak 90\u2019larda Arafat ile g\u00f6r\u00fc\u015ft\u00fcler ve bir anla\u015fma sa\u011flanamad\u0131. Bunun sebebi Epstein taraf\u0131ndan \u015fantaja u\u011framalar\u0131yd\u0131. O d\u00f6nemin \u0130srail Ba\u015fbakan\u2019\u0131 olan Barak, Epstein\u2019in arkada\u015f\u0131yd\u0131. Ancak o d\u00f6nem ayr\u0131ca \u0130srail sa\u011f\u0131 taraf\u0131ndan da \u015fantaja u\u011fruyordu. \u0130ki devletli bir \u00e7\u00f6z\u00fcm i\u00e7in Arafat ile bir anla\u015fmaya varmak \u00fczere iken durduruldular. Ve bu anla\u015fma her ikisinin de (Clinton ve Barak\u2019\u0131n) Epstein taraf\u0131ndan \u015fantaja maruz kalmalar\u0131ndan dolay\u0131 durdurulmu\u015ftu\u2026\u201d<\/em><\/strong><\/p><p><strong>Yani Epstein, bir bak\u0131ma muhtemelen \u0130srailliler taraf\u0131ndan bir ara\u00e7 olarak kullan\u0131larak bu b\u00f6lgedeki tarihin ak\u0131\u015f\u0131n\u0131 de\u011fi\u015ftirmeye yard\u0131mc\u0131 olmu\u015ftu!.. <\/strong><\/p><p><strong>Yakla\u015fan Armageddon Sava\u015f\u0131 ve \u0130srail\u2019in T\u00fcrkiye Tela\u015f\u0131<\/strong><\/p><p><strong>Trump\u2019\u0131n Kanada ve Gr\u00f6nland planlar\u0131 AB ile ABD\u2019yi iyice ayr\u0131\u015ft\u0131rm\u0131\u015ft\u0131. Rusya Gr\u00f6nland\u2019\u0131n kimseye ait olmad\u0131\u011f\u0131n\u0131 a\u00e7\u0131klam\u0131\u015f, yani dolayl\u0131 olarak Trump\u2019a destek \u00e7\u0131km\u0131\u015ft\u0131. Trump ise, Ukrayna\u2019n\u0131n i\u015fgal edilen Donbas b\u00f6lgesinin Rusya\u2019ya b\u0131rak\u0131lmas\u0131 gere\u011fini vurgulam\u0131\u015ft\u0131. Yani d\u00fcnyadaki eski bloklar, kamplar ayr\u0131\u015fmaya, \u00e7at\u0131\u015fmaya; NATO ve BM gibi kurulu\u015flar tart\u0131\u015f\u0131lmaya a\u00e7\u0131lm\u0131\u015ft\u0131!.. Hatta Avrupa \u00fclkeleri yeni g\u00fcvenlik stratejileri olu\u015fturmaya ba\u015flam\u0131\u015ft\u0131.<\/strong><\/p><p><strong>Siyonizm\u2019in en etkili oldu\u011fu AB \u00fclkelerine kar\u015f\u0131, Trump Amerikas\u0131\u2019n\u0131n ve Putin Rusyas\u0131\u2019n\u0131n ad\u0131 konulmam\u0131\u015f bir ittifak gibi davrand\u0131klar\u0131 ve Avrupa\u2019n\u0131n 3. D\u00fcnya Sava\u015f\u0131\u2019na haz\u0131rland\u0131\u011f\u0131 yorumlar\u0131 yap\u0131lmaktayd\u0131!<\/strong><\/p><p><strong>\u00c7\u00f6kmekte olan k\u00fcresel d\u00fczen \u00fczerine Macron\u2019un itiraf\u0131!<\/strong><\/p><p><strong>Fransa Cumhurba\u015fkan\u0131 Emmanuel Macron 20 Ocak 2026\u2019da Davos\u2019ta yapt\u0131\u011f\u0131 konu\u015fmada \u00e7ok tarafl\u0131l\u0131ktan uzakla\u015fma konusunda Forum\u2019un en \u00e7ok al\u0131nt\u0131lanan uyar\u0131s\u0131n\u0131 yapm\u0131\u015ft\u0131. <em>&#8220;Bu gidi\u015fat; uluslararas\u0131 hukukun ayaklar alt\u0131na al\u0131nd\u0131\u011f\u0131, en g\u00fc\u00e7l\u00fc olan\u0131n hakl\u0131 say\u0131ld\u0131\u011f\u0131 ve kurals\u0131z bir d\u00fcnyaya do\u011fru kay\u0131ld\u0131\u011f\u0131 a\u00e7\u0131kt\u0131r!&#8221;<\/em> diyen Macron, Avrupa&#8217;n\u0131n y\u00fckselen tek tarafl\u0131l\u0131kla ilgili endi\u015felerini \u00f6zetlemi\u015fti.<\/strong><\/p><p><strong>Evet, Milli \u00c7\u00f6z\u00fcm y\u0131llard\u0131r \u015funlar\u0131 hayk\u0131rmaktayd\u0131: B\u00e2t\u0131l ve barbar Bat\u0131l\u0131 sistemlerde <em>\u201cKurallar\u0131 krallar ve masonik odaklar koyard\u0131. B\u00fct\u00fcn halklar ise mecburen bunlara uyard\u0131.\u201d <\/em>Ama Adil D\u00fczen\u2019de \u00f6l\u00e7\u00fc \u015funlard\u0131: <em>Kurallar\u0131 Hak merkezli halk koyacakt\u0131\u2026 Art\u0131k krallar ve Siyonist sermaye baronlar\u0131 da bu kurallara uyacakt\u0131!..<\/em><\/strong><\/p><p><strong>Avrupa Komisyonu Ba\u015fkan\u0131 Siyonist Ursula von der Leyen, <em>ABD ve AB olarak her iki taraf\u0131 da gerilimi t\u0131rmand\u0131rmaktan ka\u00e7\u0131nmaya<\/em> \u00e7a\u011f\u0131rm\u0131\u015f ve Bat\u0131&#8217;n\u0131n b\u00fct\u00fcnl\u00fc\u011f\u00fcne y\u00f6nelik riskler konusunda uyar\u0131lar yapm\u0131\u015ft\u0131. <em>&#8220;Biz yoku\u015f a\u015fa\u011f\u0131 do\u011fru bir sarmala yuvarlanmaktay\u0131z, her ikimizin de stratejik \u00fcst\u00fcnl\u00fc\u011f\u00fc elimizden ka\u00e7\u0131raca\u011f\u0131m\u0131z\u0131 art\u0131k anlamal\u0131y\u0131z!&#8221;<\/em> diyen Von der Leyen, ABD-Avrupa ticaret \u00e7at\u0131\u015fmas\u0131n\u0131n Rusya gibilerin i\u015fine yarad\u0131\u011f\u0131n\u0131 hat\u0131rlatm\u0131\u015ft\u0131.<\/strong><\/p><p><strong>NATO Genel Sekreteri Mark Rutte ise; <em>mevcut karga\u015fan\u0131n d\u00fcnyan\u0131n dikkatini Moskova&#8217;n\u0131n Ukrayna&#8217;da devam eden topyek\u00fbn sava\u015f\u0131ndan uzakla\u015ft\u0131rd\u0131\u011f\u0131n\u0131 ve Bat\u0131 kar\u015f\u0131tlar\u0131n\u0131n i\u015fine yarad\u0131\u011f\u0131n\u0131<\/em> vurgulam\u0131\u015ft\u0131.<\/strong><\/p><p><strong>Kanada Ba\u015fbakan\u0131&#8217;ndan Davos\u2019ta A\u00e7\u0131k \u0130tiraf: <em>\u201cKurallara Dayal\u0131 D\u00fcnya D\u00fczeni \u00dctopik Bir Kurguydu, Art\u0131k T\u0131kanm\u0131\u015ft\u0131r!\u201d<\/em><\/strong><\/p><p><strong>Kanada Ba\u015fbakan\u0131 Mark Carney, <em>k\u00fcresel d\u00fczenin; g\u00fc\u00e7l\u00fcn\u00fcn faydaland\u0131\u011f\u0131 bir kurgudan<\/em> ibaret oldu\u011funu ve art\u0131k i\u015flemedi\u011fini s\u00f6ylerken, Avrupa liderleri de Trump\u2019\u0131n Gr\u00f6nland hamlelerini \u201cyeni emperyalizm\u201d olarak tan\u0131mlam\u0131\u015ft\u0131. Mark Carney, \u0130svi\u00e7re\u2019nin Davos kentinde d\u00fczenlenen D\u00fcnya Ekonomik Forumu\u2019nda yapt\u0131\u011f\u0131 konu\u015fmada, ABD liderli\u011finde \u015fekillenen k\u00fcresel d\u00fczenin bir \u201cge\u00e7i\u015f\u201d de\u011fil, a\u00e7\u0131k bir kopu\u015f s\u00fcrecine girdi\u011fini a\u00e7\u0131klam\u0131\u015ft\u0131. Carney, son y\u0131llarda b\u00fcy\u00fck g\u00fc\u00e7lerin ekonomik entegrasyonu bir i\u015f birli\u011fi arac\u0131 olmaktan \u00e7\u0131kar\u0131p a\u00e7\u0131k bir bask\u0131 mekanizmas\u0131na d\u00f6n\u00fc\u015ft\u00fcrd\u00fc\u011f\u00fcn\u00fc vurgulam\u0131\u015ft\u0131.<\/strong><\/p><p><strong>Kanada Ba\u015fbakan\u0131n\u0131n: <em>\u201cUluslararas\u0131 d\u00fczen g\u00fc\u00e7l\u00fcn\u00fcn yan\u0131ndayd\u0131, yanl\u0131\u015ft\u0131 ve art\u0131k t\u0131kanm\u0131\u015ft\u0131r!\u201d<\/em> itiraf\u0131!\u00a0<\/strong><\/p><p><strong>\u201c<em>Bir ge\u00e7i\u015f de\u011fil, bir kopu\u015fun ortas\u0131nday\u0131z<\/em>\u201d diyen Carney, Kanada\u2019n\u0131n da faydaland\u0131\u011f\u0131 eski d\u00fczenin, Amerikan hegemonyas\u0131, a\u00e7\u0131k deniz yollar\u0131, istikrarl\u0131 finansal sistem, kolektif g\u00fcvenlik ve uluslararas\u0131 anla\u015fmazl\u0131klar\u0131 \u00e7\u00f6zmeye y\u00f6nelik \u00e7er\u00e7eveler, b\u00fcy\u00fck \u00f6l\u00e7\u00fcde yaln\u0131zca g\u00fc\u00e7l\u00fc olana yarar sa\u011flayan bir anlat\u0131 oldu\u011funu s\u00f6ylemi\u015f, ancak bu anlat\u0131n\u0131n art\u0131k i\u015flemedi\u011fini hat\u0131rlatm\u0131\u015ft\u0131: \u201cUluslararas\u0131 kurallara dayal\u0131 d\u00fczenin hik\u00e2yesinin k\u0131smen yanl\u0131\u015f oldu\u011funu biliyorduk. En g\u00fc\u00e7l\u00fc olan, i\u015fine geldi\u011finde kendini bu kurallardan muaf tutmaktayd\u0131. Ticaret kurallar\u0131 asimetrik uyguland\u0131, uluslararas\u0131 hukuk ise failin kimli\u011fine g\u00f6re farkl\u0131la\u015ft\u0131. Bu bir pazarl\u0131kt\u0131. Art\u0131k i\u015fe yaram\u0131yordu, \u00e7\u00fcnk\u00fc t\u0131kanm\u0131\u015ft\u0131!\u201d<\/strong><\/p><p><strong>D\u00fcnyan\u0131n en g\u00fc\u00e7l\u00fc patronundan DAVOS&#8217;ta itiraf: <em>&#8220;Kapitalizmin Son B\u00fcy\u00fck Facias\u0131na Haz\u0131rlan\u0131n!&#8221;<\/em><\/strong><\/p><p><strong>BlackRock CEO\u2019su Larry Fink, Davos\u2019un a\u00e7\u0131l\u0131\u015f\u0131nda k\u00fcresel elitlerin y\u00fcz\u00fcne kar\u015f\u0131: <em>&#8220;Kapitalist sistem 30 y\u0131ld\u0131r halklara hi\u00e7bir \u015fey kazand\u0131rmam\u0131\u015ft\u0131r. \u015eimdi Yapay Zek\u00e2, beyaz yakal\u0131lar\u0131 yutmaya haz\u0131rlanmaktad\u0131r!&#8221;<\/em> diye uyarm\u0131\u015ft\u0131. Mevcut Bat\u0131 Sistemi s\u00fcrd\u00fcr\u00fclemez u\u00e7urum konumundad\u0131r! <em>&#8220;Berlin Duvar\u0131 y\u0131k\u0131ld\u0131\u011f\u0131ndan beri tarihin en b\u00fcy\u00fck serveti yarat\u0131ld\u0131 ama bu para, toplumsal bar\u0131\u015f\u0131 bozacak kadar k\u00fc\u00e7\u00fck bir az\u0131nl\u0131\u011f\u0131n cebine aktar\u0131ld\u0131. Bu kadar adaletsiz bir da\u011f\u0131l\u0131m\u0131 hi\u00e7bir toplum uzun s\u00fcre kald\u0131ramazd\u0131, sonunda barbar sistem \u00e7at\u0131rdamaktad\u0131r!&#8221;<\/em> feryatlar\u0131 Siyonizm\u2019in zul\u00fcm ve s\u00f6m\u00fcr\u00fc saltanat\u0131n\u0131n temelinden sars\u0131ld\u0131\u011f\u0131n\u0131n kan\u0131t\u0131yd\u0131.<\/strong><\/p><p><strong>\u00dclkemizdeki durum daha da ac\u0131d\u0131r! Bak\u0131n\u0131z b\u00fct\u00fcn anket \u015firketlerinin ortak tespitlerine g\u00f6re iki sene \u00f6nce ekonomik gidi\u015fattan \u015fik\u00e2yet\u00e7i olanlar\u0131n oran\u0131 %60\u2019larda iken, bug\u00fcn %80\u2019lere ula\u015ft\u0131\u011f\u0131 halde, topluma umut a\u015f\u0131layan bir parti veya muhalefet ortada g\u00f6r\u00fclm\u00fcyor. Toplumun \u00f6nemli bir kesimi insanca ya\u015fam s\u00fcrm\u00fcyor, maalesef s\u00fcr\u00fcn\u00fcyor!<\/strong><\/p><p><strong>Do\u011fu Akdeniz Havzas\u0131 ve Amik Ovas\u0131\u2019nda Tarihin En B\u00fcy\u00fck Hesapla\u015fmas\u0131 Ya\u015fanacakt\u0131r!<\/strong><\/p><p><strong>Do\u011fu Akdeniz\u2019de, yani T\u00fcrkiye, Suriye, \u0130srail, Filistin, M\u0131s\u0131r ve K\u0131br\u0131s b\u00f6lgesinde; tarihte hi\u00e7 g\u00f6r\u00fclmedik \u00f6l\u00e7ekte bir sava\u015f y\u0131\u011f\u0131na\u011f\u0131 yap\u0131l\u0131yordu. 10 y\u0131llar \u00f6ncesinde Rusya, sadece Akdeniz\u2019de de\u011fil Hazar Denizi&#8217;nde de 50 sava\u015f gemisinin kat\u0131ld\u0131\u011f\u0131 bir tatbikat ba\u015flat\u0131yordu. Bunlar\u0131 bir tehdit gerek\u00e7esi (daha do\u011frusu bahanesi) sayan NATO (ba\u015fta ABD, \u0130ngiltere, Almanya, Fransa ve \u0130talya) da b\u00f6lgeye sava\u015f z\u0131rhl\u0131lar\u0131n\u0131 ve u\u00e7ak gemilerini g\u00f6nderiyordu. Tam bu s\u00fcre\u00e7te Genelkurmay Ba\u015fkanl\u0131\u011f\u0131, NATO gemilerinin Akdeniz\u2019de e\u011fitim ger\u00e7ekle\u015ftirdi\u011fini a\u00e7\u0131kl\u0131yordu. Buna g\u00f6re NATO\u2019nun Etkin \u00c7aba Harek\u00e2t\u0131\u2019na i\u015ftirak eden NATO Daim\u00ee Deniz G\u00f6rev Grubu-1 unsurlar\u0131ndan Kanada Deniz Kuvvetleri f\u0131rkateyni SPS Blas de Lezo ile Akdeniz Kalkan\u0131 Harek\u00e2t\u0131\u2019nda g\u00f6rev yapan T\u00fcrk Deniz Kuvvetleri unsurlar\u0131 TCG G\u00f6k\u00e7eada f\u0131rkateyni ve TCG Atak h\u00fccumbotunun kat\u0131l\u0131m\u0131yla 28 Kas\u0131m 2015 tarihinde K\u0131br\u0131s Adas\u0131 g\u00fcneyinde m\u00fc\u015fterek deniz e\u011fitimleri icra ediliyordu.<\/strong><\/p><p><strong>K\u0131sacas\u0131 Akdeniz giderek karar\u0131yordu&#8230; T\u00fcm barbar g\u00fc\u00e7ler; \u0130slam co\u011frafyas\u0131 \u00fczerine \u00fcsleriyle, sava\u015f gemileriyle, bombard\u0131man u\u00e7aklar\u0131yla korkun\u00e7 bir y\u0131\u011f\u0131nak yap\u0131yordu!<\/strong><\/p><p><strong>O tarihlerde Papa Francis\u2019in s\u0131k s\u0131k g\u00fcndeme getirdi\u011fi \u201c3. D\u00fcnya Sava\u015f\u0131\u201d, \u0130slam co\u011frafyas\u0131 \u00fczerinden a\u011f\u0131rl\u0131\u011f\u0131n\u0131 her ge\u00e7en g\u00fcn daha da hissettiriyordu. Son y\u0131llarda \u0130slam d\u00fcnyas\u0131na y\u00f6nelik tehditk\u00e2r konu\u015flanmas\u0131n\u0131 artt\u0131ran Bat\u0131, \u00f6zellikle Ortado\u011fu\u2019da sahneye koydu\u011fu kanl\u0131 senaryo ile M\u00fcsl\u00fcmanlara y\u00f6nelik topyek\u00fbn bir Ha\u00e7l\u0131 Sava\u015f\u0131\u2019na haz\u0131rlan\u0131yordu. ABD, Rusya, \u00c7in, Fransa, \u0130ngiltere, Almanya gibi \u00fclkeler askeri ve lojistik olarak b\u00f6lgede varl\u0131\u011f\u0131n\u0131 kuvvetlendirirken, bir zamanlar \u2018T\u00fcrk G\u00f6l\u00fc\u2019 olan Akdeniz\u2019de Ha\u00e7l\u0131 \u0130ttifak\u0131\u2019na ait sava\u015f gemileri cirit at\u0131yordu. Libya, Suriye, Irak, Afganistan, Mali gibi \u0130slam co\u011frafyalar\u0131n\u0131n tarumar edildi\u011fi \u015fu g\u00fcnlerde, Akdeniz\u2019de ya\u015fanan askeri hareketlilik, \u0130slam d\u00fcnyas\u0131 i\u00e7in yeni bir yok etme plan\u0131n\u0131n devreye sokuldu\u011funu g\u00f6zler \u00f6n\u00fcne seriyordu. Uluslararas\u0131 dengeler, y\u0131\u011f\u0131na\u011f\u0131n\u0131 \u0130slam co\u011frafyas\u0131na yap\u0131yordu.<\/strong><\/p><p><strong>Ve \u015fu ayeti hat\u0131rlatman\u0131n tam zaman\u0131yd\u0131:<\/strong><\/p><p><strong><em>\u201cOysa onlar, \u00e7e\u015fitli hizip (parti, ekip ve kavim)lerden (toplan\u0131p meydana getirilmi\u015f), \u015funun \u015furas\u0131nda (mutlaka) hezimete-ma\u011flubiyete mahk\u00fbm edilmi\u015f kalabal\u0131k (ve kof) bir ordudan (NATO ve BM gibi \u015eeytani organizasyondan) ibarettir. <\/em><\/strong><strong>(Sad: 11)<\/strong><\/p><p><strong>Melheme-i K\u00fcbra: Amik Ovas\u0131 Sava\u015f\u0131 Yakla\u015fm\u0131\u015ft\u0131!..<\/strong><\/p><p><strong>Bir hadis-i \u015ferifte \u015f\u00f6yle buyrulmaktad\u0131r:<\/strong><\/p><p><strong><em>\u201cSizinle Beni Esfer (Rumlar-Bat\u0131l\u0131lar) aras\u0131nda sulh (anla\u015fmas\u0131 ve ittifak\u0131) olacakt\u0131r. Sonra onlar muahedeyi (bar\u0131\u015f anla\u015fma s\u00f6zlerini) bozarak on iki bin ki\u015filik seksen f\u0131rkal\u0131k (toplama) bir kuvvetle \u00fczerinize sald\u0131racaklard\u0131r.\u201d[1]<\/em><\/strong> <strong>Hatay Amik Ovas\u0131 ve a\u015fa\u011f\u0131s\u0131nda (Akdeniz Havzas\u0131nda) ya\u015fanacak bu sava\u015f\u0131 Ha\u00e7l\u0131 Bat\u0131l\u0131lar de\u011fil M\u00fcsl\u00fcmanlar kazanacakt\u0131r. \u00d6yle anla\u015f\u0131l\u0131yor ki, g\u00fcya Rusya\u2019ya kar\u015f\u0131 T\u00fcrkiye\u2019yi korumak amac\u0131yla Akdeniz\u2019e ve b\u00f6lgemize y\u0131\u011f\u0131lan NATO g\u00fc\u00e7leri bile bize h\u00fccuma kalk\u0131\u015facakt\u0131r.<\/strong><\/p><p><strong>Birle\u015fmi\u015f Milletler Yeni D\u00fczen Komisyonu Ba\u015fkan\u0131 Nobel \u00f6d\u00fcll\u00fc Prof. Ervin Laszlo\u2019nun: <em>\u201cK\u0131rk y\u0131ld\u0131r hayalini kurdu\u011fum t\u00fcm insani de\u011ferleri ve ihtiyaci gerekleri i\u00e7inde bar\u0131nd\u0131ran, Erbakan\u2019\u0131n haz\u0131rlad\u0131\u011f\u0131 Adil D\u00fczen oldu\u011funu fark etmenin bahtiyarl\u0131\u011f\u0131n\u0131 ya\u015famaktay\u0131m!\u201d<\/em> dedi\u011fi Adil D\u00fczen Devrimi yak\u0131nd\u0131r. <\/strong><\/p>\t\t\t\t\t\t\t\t<\/div>\n\t\t\t\t<\/div>\n\t\t\t\t<div class=\"elementor-element elementor-element-107d2801 dipnot elementor-widget elementor-widget-text-editor\" data-id=\"107d2801\" data-element_type=\"widget\" data-widget_type=\"text-editor.default\">\n\t\t\t\t<div class=\"elementor-widget-container\">\n\t\t\t\t\t\t\t\t\t<ol><li>Bak: Ramuz El-Ehadis, 258.3<\/li><\/ol>\t\t\t\t\t\t\t\t<\/div>\n\t\t\t\t<\/div>\n\t\t\t\t\t<\/div>\n\t\t<\/div>\n\t\t\t\t\t<\/div>\n\t\t<\/section>\n\t\t\t\t<\/div>\n\t\t","protected":false},"excerpt":{"rendered":"<p>TRUMP MUAMMASI VE ALLAH&#8217;IN S\u0130YON\u0130STLERDEN \u0130NT\u0130KAMI Trump&#8217;\u0131n; ABD&#8217;yi Siyonist s\u00f6m\u00fcr\u00fc sermayesinin tahakk\u00fcm\u00fcnden kurtarma\u2026 D\u00fcnya jandarmal\u0131\u011f\u0131 k\u0131l\u0131f\u0131yla k\u00fcresel Yahudi sistemine hizmetk\u00e2rl\u0131\u011f\u0131 sonland\u0131rma\u2026 Yani Amerika\u2019y\u0131 Amerikal\u0131lara b\u0131rakma hesab\u0131n\u0131 g\u00fctt\u00fc\u011f\u00fc kanaatimizi daha \u00f6nce a\u00e7\u0131klam\u0131\u015ft\u0131k. Baz\u0131lar\u0131n\u0131n buna \u201cK\u00fcreselcilerle Ulusalc\u0131 kesimin kavgas\u0131\u201d g\u00f6z\u00fcyle bakmas\u0131 da do\u011fald\u0131r. Trump; \u00c7in, G\u00fcney Kore, Uzak Do\u011fu ve Japonya\u2019n\u0131n h\u0131zl\u0131 kalk\u0131nmalar\u0131n\u0131n, buralarda yat\u0131r\u0131m yapan ve [&hellip;]<\/p>\n","protected":false},"author":12,"featured_media":0,"comment_status":"open","ping_status":"closed","sticky":false,"template":"","format":"standard","meta":{"footnotes":""},"categories":[7463],"tags":[293,6424,6425,6473,6778,6950,7174],"class_list":["post-34625","post","type-post","status-publish","format-standard","hentry","category-mayis-2026","tag-mossad","tag-nato","tag-cin","tag-epstein","tag-fed","tag-trump","tag-dolar"],"_links":{"self":[{"href":"https:\/\/www.millicozum.com\/mc\/wp-json\/wp\/v2\/posts\/34625","targetHints":{"allow":["GET"]}}],"collection":[{"href":"https:\/\/www.millicozum.com\/mc\/wp-json\/wp\/v2\/posts"}],"about":[{"href":"https:\/\/www.millicozum.com\/mc\/wp-json\/wp\/v2\/types\/post"}],"author":[{"embeddable":true,"href":"https:\/\/www.millicozum.com\/mc\/wp-json\/wp\/v2\/users\/12"}],"replies":[{"embeddable":true,"href":"https:\/\/www.millicozum.com\/mc\/wp-json\/wp\/v2\/comments?post=34625"}],"version-history":[{"count":1,"href":"https:\/\/www.millicozum.com\/mc\/wp-json\/wp\/v2\/posts\/34625\/revisions"}],"predecessor-version":[{"id":34626,"href":"https:\/\/www.millicozum.com\/mc\/wp-json\/wp\/v2\/posts\/34625\/revisions\/34626"}],"wp:attachment":[{"href":"https:\/\/www.millicozum.com\/mc\/wp-json\/wp\/v2\/media?parent=34625"}],"wp:term":[{"taxonomy":"category","embeddable":true,"href":"https:\/\/www.millicozum.com\/mc\/wp-json\/wp\/v2\/categories?post=34625"},{"taxonomy":"post_tag","embeddable":true,"href":"https:\/\/www.millicozum.com\/mc\/wp-json\/wp\/v2\/tags?post=34625"}],"curies":[{"name":"wp","href":"https:\/\/api.w.org\/{rel}","templated":true}]}}