{"id":3497,"date":"2015-10-05T14:43:10","date_gmt":"2015-10-05T14:43:10","guid":{"rendered":"https:\/\/www.millicozum.com\/mc\/2015\/10\/05\/fuat-avni-muammasi-ve-devlet-sirri\/"},"modified":"2015-10-05T14:43:10","modified_gmt":"2015-10-05T14:43:10","slug":"fuat-avni-muammasi-ve-devlet-sirri","status":"publish","type":"post","link":"https:\/\/www.millicozum.com\/mc\/ozel-yazilar\/fuat-avni-muammasi-ve-devlet-sirri\/","title":{"rendered":"\u201cFuat Avni\u201d Muammas\u0131 ve Devlet S\u0131rr\u0131!"},"content":{"rendered":"\n<p style=\"margin-bottom: 0.0001pt; text-align: justify; text-indent: 1cm; line-height: 16pt;\"><strong><span style=\"font-size: 14pt; font-family: 'Arial','sans-serif';\">Fuat Avni<\/span><\/strong><strong><span style=\"font-size: 12pt; font-family: 'Arial','sans-serif';\"> diye bir internet fenomeni, en yetkili ve etkili ki\u015fileri ve kesimleri bile tedirgin edip ortal\u0131\u011f\u0131 tela\u015fa vermekteydi. Kimileri bu <\/span><\/strong><strong><span style=\"font-size: 14pt; font-family: 'Arial','sans-serif';\">Fuat Avni<\/span><\/strong><strong><span style=\"font-size: 12pt; font-family: 'Arial','sans-serif';\">&rsquo;nin bir CIA ajan\u0131, kimileri Fetullah&ccedil;\u0131 Cemaatin gizli Truva At\u0131, kimileri derin devletin adam\u0131, kimileri iktidar\u0131n ve Sn. Erdo\u011fan&rsquo;\u0131n AKP&rsquo;yi b&ouml;lme haz\u0131rl\u0131\u011f\u0131ndaki rakiplerinin bir eleman\u0131 oldu\u011funu s&ouml;ylemekteydi. Yoksa bu Fuat Avni, <\/span><\/strong><strong><em><span style=\"font-size: 12pt; font-family: 'Arial','sans-serif';\">&ldquo;Fetullah&ccedil;\u0131 a\u011fz\u0131yla yazan, ama Milli Derin Devletin eleman\u0131 olan&rdquo;<\/span><\/em><\/strong><strong><span style=\"font-size: 12pt; font-family: 'Arial','sans-serif';\"> birisi miydi?!<\/span><\/strong><\/p>\n<p style=\"margin-bottom: 0.0001pt; text-align: justify; text-indent: 1cm; line-height: 16pt;\"><span style=\"font-size: 14pt;\"><strong><span style=\"font-family: 'Arial','sans-serif';\">Fuad:<\/span><\/strong><\/span><strong><span style=\"font-size: 12pt; font-family: 'Arial','sans-serif';\"> Kalp, g&ouml;n&uuml;l, y&uuml;rek, iz&rsquo;an ve vicdan hissi anlam\u0131na gelmekteydi. <\/span><\/strong><span style=\"font-size: 14pt;\"><strong><span style=\"font-family: 'Arial','sans-serif';\">Avni<\/span><\/strong><\/span><strong><span style=\"font-size: 12pt; font-family: 'Arial','sans-serif';\"> ise, <em>&ldquo;avn&rdquo;<\/em>; yard\u0131m, destek, muavenet k&ouml;k&uuml;nden, &ldquo;&ouml;zel destek ve yard\u0131mla ilgili, himmet ve muavenet edici&rdquo; anlamlar\u0131n\u0131 i&ccedil;ermekteydi. &Ouml;yle ise &ldquo;<\/span><\/strong><strong><span style=\"font-size: 14pt; font-family: 'Arial','sans-serif';\">Fuat Avni&rsquo;yi<\/span><\/strong><strong><span style=\"font-size: 12pt; font-family: 'Arial','sans-serif';\">&rdquo;; Dinini, devletini, milletini ve &uuml;lkesini d&uuml;\u015f&uuml;nen haysiyet ve hassasiyet sahiplerinin, &ouml;nemli ve gizemli bilgilere eri\u015fmesi ve h\u0131yanet ehliyle daha etkili m&uuml;cadele vermesi i&ccedil;in, Allah&rsquo;\u0131n askerlerinden ve manevi g&ouml;revlilerinden birisi saymak m\u0131 gerekirdi? Zaten Kur&rsquo;an&rsquo;\u0131 Kerim, meleklerden, cinlerden ve ruhanilerden b&ouml;yle g&ouml;revlilerin bulundu\u011funa, pek &ccedil;ok ayette i\u015faret etmekteydi. Evet ama bunlar gaybi ve g&ouml;r&uuml;nmez g&uuml;&ccedil;lerdi. \u015eimdi koskaca devletin ve yetkili \u015fahsiyetlerin ba\u015fta M\u0130T olmak &uuml;zere, son sistem teknolojiye sahip b&uuml;t&uuml;n istihbarat birimlerinin hala bu ki\u015fiyi bulamamalar\u0131 nas\u0131l izah edilecekti? Bu bir acizlik miydi, beceriksizlik miydi?<\/span><\/strong><\/p>\n<p style=\"margin-bottom: 0.0001pt; text-align: justify; text-indent: 1cm; line-height: 16pt;\"><strong><span style=\"font-size: 14pt; font-family: 'Arial','sans-serif';\">Fuat Avni&rsquo;nin yeni iddialar\u0131n\u0131n sars\u0131c\u0131 ve bir sonun ba\u015flang\u0131c\u0131 oldu\u011funu s&ouml;yleyenler vard\u0131?!<\/span><\/strong><\/p>\n<p style=\"margin-bottom: 0.0001pt; text-align: justify; text-indent: 1cm; line-height: 16pt;\"><span style=\"font-size: 14pt; font-family: 'Arial','sans-serif';\">Twitter fenomeni Fuat Avni &ccedil;arp\u0131c\u0131 iddialar g&uuml;ndeme getirmi\u015fti. <strong><em>&ldquo;PKK&#8217;ya bilerek g&ouml;z yumuldu\u011fu resmi kay\u0131tlara ge&ccedil;mi\u015f&rdquo;<\/em> <\/strong>diyen Fuat Avni,<strong> &#8216;Mit t\u0131rlar\u0131&#8217; <\/strong>olay\u0131n\u0131n uluslararas\u0131 su&ccedil; niteli\u011fine d&ouml;n&uuml;\u015fmesinin an meselesi oldu\u011funu belirtmi\u015fti<\/span><span style=\"font-size: 12pt; font-family: 'Arial','sans-serif';\">.<\/span><\/p>\n<p style=\"margin-bottom: 0.0001pt; text-align: justify; text-indent: 1cm; line-height: 16pt;\"><strong><em><span style=\"font-size: 12pt; font-family: 'Arial','sans-serif';\">\u0130\u015fte Fuat Avni&#8217;nin madde madde s\u0131ralad\u0131\u011f\u0131 o garip ve acayip payla\u015f\u0131mlar\u0131:<\/span><\/em><\/strong><\/p>\n<p style=\"margin-bottom: 0.0001pt; text-align: justify; text-indent: 1cm; line-height: 16pt;\"><strong><em><span style=\"font-size: 12pt; font-family: 'Arial','sans-serif';\">1<\/span><\/em><\/strong><strong><em><span style=\"font-size: 12pt; font-family: 'Arial','sans-serif';\">. Y&#8230;. art\u0131k yarg\u0131lanaca\u011f\u0131ndan emindi ve endi\u015feliydi. Ba\u015fkanl\u0131k ve Halifelik i&ccedil;in kurdu\u011fu b&uuml;t&uuml;n planlar de\u015fifre olup ters tepmi\u015fti.<\/span><\/em><\/strong><\/p>\n<p style=\"margin-bottom: 0.0001pt; text-align: justify; text-indent: 1cm; line-height: 16pt;\"><strong><em><span style=\"font-size: 12pt; font-family: 'Arial','sans-serif';\">2. (Yak\u0131n ve yalaka hukuk&ccedil;ular\u0131:) Bize &#8216;Bir cumhurba\u015fkan\u0131 hangi ko\u015fullarda yarg\u0131lan\u0131r ara\u015ft\u0131r\u0131n&#8217; demi\u015fti. Sekiz hukuk&ccedil;u g&uuml;nlerce &ccedil;al\u0131\u015f\u0131p kapsaml\u0131 bir dosya haz\u0131rlay\u0131vermi\u015fti.<\/span><\/em><\/strong><\/p>\n<p style=\"margin-bottom: 0.0001pt; text-align: justify; text-indent: 1cm; line-height: 16pt;\"><strong><em><span style=\"font-size: 12pt; font-family: 'Arial','sans-serif';\">3. Haz\u0131rlanan dosya Y&#8230;.&#8217;e sunulurken morali alt &uuml;st olup paniklemi\u015fti. &Ccedil;&uuml;nk&uuml; PKK&#8217;ya bilerek g&ouml;z yumuldu\u011fu resmi kay\u0131tlara ge&ccedil;mi\u015fti&#8230;<\/span><\/em><\/strong><\/p>\n<p style=\"margin-bottom: 0.0001pt; text-align: justify; text-indent: 1cm; line-height: 16pt;\"><strong><em><span style=\"font-size: 12pt; font-family: 'Arial','sans-serif';\">4. &#8216;Mit t\u0131rlar\u0131&#8217; diye alg\u0131latmaya &ccedil;al\u0131\u015ft\u0131klar\u0131 silah t\u0131rlar\u0131 sevkiyat\u0131n\u0131n uluslararas\u0131 su&ccedil; niteli\u011fine d&ouml;n&uuml;\u015fmesi an meselesiydi.<\/span><\/em><\/strong><\/p>\n<p style=\"margin-bottom: 0.0001pt; text-align: justify; text-indent: 1cm; line-height: 16pt;\"><strong><em><span style=\"font-size: 12pt; font-family: 'Arial','sans-serif';\">5. Y&#8230;.&#8217;in yarg\u0131lanma korkusu ayyuka &ccedil;\u0131km\u0131\u015fken, Efkan&#8217;\u0131n bir b&uuml;rokrat\u0131n\u0131n &#8216;Ben art\u0131k bu i\u015flerde yokum&#8217; demesi i\u015fi iyice &ccedil;\u0131kmaza s&uuml;r&uuml;klemi\u015fti.<\/span><\/em><\/strong><\/p>\n<p style=\"margin-bottom: 0.0001pt; text-align: justify; text-indent: 1cm; line-height: 16pt;\"><strong><em><span style=\"font-size: 12pt; font-family: 'Arial','sans-serif';\">6. Avaneler, &ouml;nemli ve kilit noktalardaki b&uuml;rokratlar\u0131 ikna etmekte zorlan\u0131r hale gelmi\u015fti. Y&#8230;.&#8217;in kendilerini y&uuml;z &uuml;st&uuml; b\u0131rakaca\u011f\u0131 d&uuml;\u015f&uuml;ncesi hakimdi&#8230;<\/span><\/em><\/strong><\/p>\n<p style=\"margin-bottom: 0.0001pt; text-align: justify; text-indent: 1cm; line-height: 16pt;\"><strong><em><span style=\"font-size: 12pt; font-family: 'Arial','sans-serif';\">7. Y&#8230;., kendisine yarg\u0131 yolunu a&ccedil;acak dosyalar\u0131 g&ouml;r&uuml;nce &#8216;Ba\u015f\u0131m\u0131z b&uuml;y&uuml;k belalara girebilir, &ccedil;ok iyi ceza hukuk&ccedil;ular\u0131 bulup kurtar\u0131c\u0131 tedbirler geli\u015ftirin&#8217; demesi dikkat &ccedil;ekiciydi.<\/span><\/em><\/strong><\/p>\n<p style=\"margin-bottom: 0.0001pt; text-align: justify; text-indent: 1cm; line-height: 16pt;\"><strong><em><span style=\"font-size: 12pt; font-family: 'Arial','sans-serif';\">8. Avaneler, Y&#8230;.&#8217;in avukat kadrosunu takviye etme derdine d&uuml;\u015fm&uuml;\u015flerdi. Moraller alt &uuml;st vaziyetteydi. &Ccedil;&uuml;nk&uuml; i\u015fin ucunun onlara da dokunaca\u011f\u0131 kesindi.<\/span><\/em><\/strong><\/p>\n<p style=\"margin-bottom: 0.0001pt; text-align: justify; text-indent: 1cm; line-height: 16pt;\"><strong><em><span style=\"font-size: 12pt; font-family: 'Arial','sans-serif';\">9. Yolun sonuna geldi\u011fini &ccedil;ok iyi bilen Y&#8230;. &ccedil;aresizdi. AB ve ABD ile ba\u011flant\u0131 kurmak ve himayelerine (hizmetlerine) s\u0131\u011f\u0131nmak istese de kimse y&uuml;z vermemi\u015fti&#8230;<\/span><\/em><\/strong><\/p>\n<p style=\"margin-bottom: 0.0001pt; text-align: justify; text-indent: 1cm; line-height: 16pt;\"><strong><em><span style=\"font-size: 12pt; font-family: 'Arial','sans-serif';\">10. T&uuml;rkiye&#8217;ye gelen AB Heyeti, g&ouml;r&uuml;\u015fmeler boyunca hi&ccedil; bir a&ccedil;\u0131klamay\u0131 dikkate al\u0131p de\u011fer vermemi\u015fti. Y&#8230;.&#8217;e yokmu\u015f muamelesi yap\u0131p gitmi\u015flerdi&#8230;<\/span><\/em><\/strong><\/p>\n<p style=\"margin-bottom: 0.0001pt; text-align: justify; text-indent: 1cm; line-height: 16pt;\"><strong><em><span style=\"font-size: 12pt; font-family: 'Arial','sans-serif';\">11. \u0130&ccedil;erde ve d\u0131\u015farda k&ouml;\u015feye s\u0131k\u0131\u015fan Y&#8230;., kendini kurtarma tela\u015f\u0131na d&uuml;\u015fm&uuml;\u015fken bir &ccedil;ok tetik&ccedil;i de yar\u0131n ortada kalaca\u011f\u0131n\u0131 bilmekte, k\u0131v\u0131r\u0131p kaytarmak ve sorumluluktan kurtulmak i&ccedil;in bahaneler &uuml;retilmekteydi&hellip;. <\/span><\/em><\/strong><strong><span style=\"font-size: 14pt; font-family: 'Arial','sans-serif';\">Art\u0131k yolun sonuna gelinmi\u015fti. Korkma, titre(ki) \u0130lahi adalet kesindi&#8230;)<span style=\"font-size: 12pt;\">[1]<\/span><\/span><\/strong><\/p>\n<p style=\"margin-bottom: 0.0001pt; text-align: justify; text-indent: 1cm; line-height: 16pt;\"><strong><span style=\"font-size: 14pt; font-family: 'Arial','sans-serif';\">Peki bu nas\u0131l bir mekanizmayd\u0131 ve koca devlet bu manyakl\u0131\u011f\u0131 nas\u0131l ortaya &ccedil;\u0131karamam\u0131\u015ft\u0131? En y&uuml;ksek makamlar hakk\u0131nda bu t&uuml;r isnatlarda bulunan ve gavur odaklar\u0131n hakaretinden sevin&ccedil; duyan adam nas\u0131l bir vicdan ta\u015f\u0131maktayd\u0131?<\/span><\/strong><\/p>\n<p style=\"margin-bottom: 0.0001pt; text-align: justify; text-indent: 1cm; line-height: 16pt;\"><strong><span style=\"font-size: 16pt; font-family: 'Arial','sans-serif';\">TSK, PKK&#8217;n\u0131n 4 ayakl\u0131 plan\u0131n\u0131 bo\u015fa &ccedil;\u0131karm\u0131\u015ft\u0131<\/span><\/strong><\/p>\n<p style=\"margin-bottom: 0.0001pt; text-align: justify; text-indent: 1cm; line-height: 16pt;\"><strong><span style=\"font-size: 14pt; font-family: 'Arial','sans-serif';\">PKK&#8217;n\u0131n \u015fehirleri ya\u011fmalay\u0131p 3 s\u0131n\u0131r tugay\u0131na a\u011f\u0131r sald\u0131r\u0131 plan\u0131 TSK&#8217;n\u0131n b&uuml;y&uuml;k operasyonuyla bozguna u\u011fram\u0131\u015ft\u0131.<\/span><\/strong><\/p>\n<p style=\"margin-bottom: 0.0001pt; text-align: justify; text-indent: 1cm; line-height: 16pt;\"><strong><span style=\"font-size: 12pt; font-family: 'Arial','sans-serif';\">PKK&#8217;n\u0131n 7 Haziran se&ccedil;imleri sonras\u0131nda, d&ouml;rt ayakl\u0131 bir plan\u0131 ya\u015fama ge&ccedil;irmeye &ccedil;al\u0131\u015ft\u0131\u011f\u0131 ancak, T&uuml;rk Silahl\u0131 Kuvvetleri&#8217;nin Irak&#8217;\u0131n kuzeyindeki PKK kamplar\u0131n\u0131 vurmas\u0131 nedeniyle s&ouml;z konusu plan\u0131n akamete u\u011frad\u0131\u011f\u0131 ortaya &ccedil;\u0131km\u0131\u015ft\u0131. PKK, i&ccedil;eride G&uuml;neydo\u011fu Anadolu&#8217;daki kentlerde ya\u011fmalamalara giri\u015fip &ldquo;mesk&ucirc;n mahal &ccedil;at\u0131\u015fmalar\u0131&rdquo;n\u0131 k&ouml;r&uuml;klerken, T&uuml;rk askerinin Kandil&#8217;i vurmas\u0131n\u0131 durduracak ya da hava operasyonlar\u0131n\u0131n etkisiz olmas\u0131n\u0131 sa\u011flayacakt\u0131. Buna paralel olarak uluslararas\u0131 alanda me\u015fruiyet sa\u011flayabilmek i&ccedil;in <\/span><\/strong><strong><span style=\"font-size: 14pt; font-family: 'Arial','sans-serif';\">Afrin Kantonu<\/span><\/strong><strong><span style=\"font-size: 12pt; font-family: 'Arial','sans-serif';\">&#8216;nda denetimi tam olarak ele al\u0131p, Suriye&#8217;nin kuzeyindeki &#8220;kantonlarla&#8221; birle\u015ftirilmesini sa\u011flayacak. Ankara&rsquo;da HDP i&ccedil;in &ldquo;ma\u011fdur&rdquo; imaj\u0131 olu\u015fturulacakt\u0131. Ancak bu plan tutmam\u0131\u015ft\u0131. Milli derin Devlet ve TSK, \u0130srail ve Amerika merkezli PKK tezg&acirc;h\u0131n\u0131 bo\u015fa &ccedil;\u0131karm\u0131\u015ft\u0131. Ter&ouml;r &ouml;rg&uuml;t&uuml; arka arkaya ald\u0131\u011f\u0131 darbelerle, ciddi say\u0131da militan\u0131n\u0131 yitirmi\u015f durumdayd\u0131. Bu say\u0131s\u0131n\u0131n 3 Eyl&uuml;l itibar\u0131yla bin 201 oldu\u011fu a&ccedil;\u0131klanm\u0131\u015ft\u0131.<\/span><\/strong><\/p>\n<p style=\"margin-bottom: 0.0001pt; text-align: justify; text-indent: 1cm; line-height: 16pt;\"><strong><span style=\"font-size: 16pt; font-family: 'Arial','sans-serif';\">PKK ya\u011fma hareketi ba\u015flatacakt\u0131<\/span><\/strong><\/p>\n<p style=\"margin-bottom: 0.0001pt; text-align: justify; text-indent: 1cm; line-height: 16pt;\"><strong><span style=\"font-size: 12pt; font-family: 'Arial','sans-serif';\">PKK&#8217;n\u0131n 7 Haziran sonras\u0131nda uygulamaya koyacak &uuml;&ccedil;ayakl\u0131 plan\u0131n ayr\u0131nt\u0131lar\u0131na ula\u015f\u0131lm\u0131\u015ft\u0131. \u0130stihbarat birimlerinin saptamalar\u0131na g&ouml;re, PKK yaz aylar\u0131 ba\u015f\u0131nda Irak s\u0131n\u0131r\u0131na s\u0131f\u0131r noktalarda konu\u015flanmas\u0131n\u0131 takviye etmeye ba\u015flam\u0131\u015ft\u0131. Temmuz&#8217;da s\u0131n\u0131ra yak\u0131n b&ouml;lgelerde y&uuml;z rak\u0131m\u0131n alt\u0131ndaki tepelerde PKK&#8217;n\u0131n hareketlili\u011fi giderek artm\u0131\u015ft\u0131. Bu d&ouml;nemde, TSK&#8217;n\u0131n h\u0131zla ger&ccedil;ekle\u015ftirdi\u011fi operasyonlar ile PKK&#8217;n\u0131n s&ouml;z konusu b&ouml;lgelerdeki hareketlili\u011fi tamamen ortadan kald\u0131r\u0131lm\u0131\u015ft\u0131. Ter&ouml;r &ouml;rg&uuml;t&uuml;n&uuml;n Eyl&uuml;l-Ekim aylar\u0131nda KCK ve YDG-H&#8217;yi kullanarak G&uuml;neydo\u011fu Anadolu&#8217;daki il ve il&ccedil;e merkezlerinde banka, kamu kurum ve kurulu\u015flar\u0131na y&ouml;nelik kapsaml\u0131 bir ya\u011fma hareketi ba\u015flataca\u011f\u0131, bu ya\u011fma hareketi ile birlikte <em>&ldquo;mesk&ucirc;n mahal sava\u015f\u0131nda<\/em>&rdquo; bir ad\u0131m &ouml;nde olmay\u0131 planlad\u0131\u011f\u0131 anla\u015f\u0131lm\u0131\u015ft\u0131. Ancak bu hesap tutmam\u0131\u015ft\u0131. Afrin&#8217;de ya\u015fanan geli\u015fmeler, PKK beklentilerinin bo\u015fa &ccedil;\u0131karm\u0131\u015ft\u0131. F\u0131rat&#8217;\u0131n bat\u0131s\u0131na ge&ccedil;i\u015fte TSK&#8217;n\u0131n ABD ile PKK aleyhine mutabakat sa\u011flam\u0131\u015f olmas\u0131, Kandil i&ccedil;in b&uuml;y&uuml;k bir hayal k\u0131r\u0131kl\u0131\u011f\u0131na yol a&ccedil;m\u0131\u015ft\u0131, ancak bu mutabakat sonradan PKK lehine Amerika taraf\u0131ndan bozulacakt\u0131.<\/span><\/strong><\/p>\n<p style=\"margin-bottom: 0.0001pt; text-align: justify; text-indent: 1cm; line-height: 16pt;\"><strong><span style=\"font-size: 12pt; font-family: 'Arial','sans-serif';\"><\/span><\/strong><strong><span style=\"font-size: 16pt; font-family: 'Arial','sans-serif';\">PKK hudut tugaylar\u0131na sald\u0131racakt\u0131<\/span><\/strong><\/p>\n<p style=\"margin-bottom: 0.0001pt; text-align: justify; text-indent: 1cm; line-height: 16pt;\"><strong><span style=\"font-size: 16pt; font-family: 'Arial','sans-serif';\"><\/span><\/strong><strong><span style=\"font-size: 12pt; font-family: 'Arial','sans-serif';\">PKK&#8217;n\u0131n plan\u0131n\u0131n tutmamas\u0131ndaki ikinci geli\u015fme, TSK&#8217;n\u0131n Kandil ve &ccedil;evresine yapt\u0131\u011f\u0131 operasyonlar\u0131n sonucunda ortaya &ccedil;\u0131km\u0131\u015ft\u0131. Zincirleme ya\u011fma eylemleri ile birlikte PKK, e\u015f zamanl\u0131 olarak Irak s\u0131n\u0131r\u0131ndan T&uuml;rkiye&#8217;ye g&uuml;&ccedil;l&uuml; sald\u0131r\u0131lar planlam\u0131\u015ft\u0131. S\u0131n\u0131rda Kara Kuvvetleri&#8217;nin 2, 34 ve 48. Hudut Tugaylar\u0131na a\u011f\u0131r kay\u0131plar verdirmeyi ama&ccedil;lam\u0131\u015ft\u0131. B&uuml;t&uuml;n bu hesaplar ask\u0131da kalm\u0131\u015ft\u0131. YDG-H&#8217;n\u0131n ya\u011fmaya f\u0131rsat bulamamas\u0131, polis ve Jandarman\u0131n mesk&ucirc;n mahallerdeki &ccedil;ok sert tepkisiyle kar\u015f\u0131la\u015fmas\u0131, &#8220;devletin&#8221; siyaset endi\u015fesinden ve siyasi iktidar iradesinden ba\u011f\u0131ms\u0131z olarak b&ouml;lgede kendini g&ouml;stermeye ba\u015flamas\u0131, &#8220;hendek kazma operasyonunun&#8221; yerel halkta kar\u015f\u0131l\u0131k bulamamas\u0131 ter&ouml;r &ouml;rg&uuml;t&uuml;n&uuml; hezimete u\u011fratm\u0131\u015ft\u0131. Tuzaklanan hendeklerin &ccedil;ok k\u0131sa s&uuml;re i&ccedil;inde jandarma ve polis taraf\u0131ndan roketlerle y\u0131k\u0131l\u0131p kapat\u0131lmas\u0131, mahalle &ouml;l&ccedil;e\u011findeki maddi kay\u0131plar, PKK&#8217;n\u0131n (ve tabii Avrupa ve Amerika&rsquo;n\u0131n) \u015feytani hesaplar\u0131n\u0131 bo\u015fa &ccedil;\u0131karm\u0131\u015ft\u0131.<\/span><\/strong><span style=\"font-size: 12pt; font-family: 'Arial','sans-serif';\"> <strong>Kandil&#8217;de yap\u0131lan planlamaya g&ouml;re PKK, i&ccedil;eride G&uuml;neydo\u011fu Anadolu&#8217;daki kentlerde ya\u011fmalamalara giri\u015fip mesk&ucirc;n mahal &ccedil;at\u0131\u015fmalar\u0131 y&uuml;r&uuml;t&uuml;l&uuml;rken, T&uuml;rk askerinin Kandil&#8217;i vurmas\u0131n\u0131 engelleyecek ya da hava operasyonlar\u0131n\u0131n etkisiz olmas\u0131n\u0131 sa\u011flayacakt\u0131. T&uuml;rk askerinin olas\u0131 bir ba\u015far\u0131s\u0131zl\u0131\u011f\u0131n\u0131n uluslararas\u0131 kamuoyunda yank\u0131 bulabilmesi i&ccedil;in giri\u015fimler ba\u015flat\u0131lacakt\u0131. Ancak bu plan tutmad\u0131\u011f\u0131 gibi, ter&ouml;r &ouml;rg&uuml;t&uuml; arka arkaya ald\u0131\u011f\u0131 darbelerle, ciddi say\u0131da &ouml;rg&uuml;t &uuml;yesi ter&ouml;risti yitirmi\u015f bulunmaktayd\u0131.[2]<\/strong><\/span><\/p>\n<p style=\"margin-bottom: 0.0001pt; text-align: justify; text-indent: 1cm; line-height: 16pt;\"><span style=\"font-size: 12pt; font-family: 'Arial','sans-serif';\"><\/span><strong><span style=\"font-size: 16pt; font-family: 'Arial','sans-serif';\">A\u015fa\u011f\u0131daki r&uuml;ya olduk&ccedil;a &ccedil;arp\u0131c\u0131 ve a&ccedil;\u0131klay\u0131c\u0131yd\u0131!<\/span><\/strong><\/p>\n<p style=\"margin-bottom: 0.0001pt; text-align: justify; text-indent: 1cm; line-height: 16pt;\"><strong><span style=\"font-size: 16pt; font-family: 'Arial','sans-serif';\"><\/span><\/strong><span style=\"font-family: 'Arial','sans-serif';\"><span style=\"font-size: 12pt;\">&Ccedil;ocuklu\u011fumun ge&ccedil;ti\u011fi, \u015fimdi y\u0131k\u0131l\u0131p ve yerine kocaman bir binan\u0131n yap\u0131ld\u0131\u011f\u0131 evimizde oluyorum. \u015eu anki ya\u015f\u0131mdaym\u0131\u015f\u0131m. Ev; lavabo ve mutfa\u011f\u0131 d\u0131\u015farda, iki odas\u0131 ve bir giri\u015fi olan kerpi&ccedil;, bah&ccedil;eli bir evmi\u015f. Sabah uyan\u0131yorum, kalk\u0131p elimi y&uuml;z&uuml;m&uuml; y\u0131kamak i&ccedil;in bah&ccedil;edeki havuzlu &ccedil;e\u015fmeye geliyorum. &Ccedil;e\u015fmeyi a&ccedil;\u0131yorum ama &ccedil;e\u015fmeden su yerine <strong>Aziz Erbakan Hocam\u0131n <\/strong>m&uuml;barek sesleri geliyor. <strong>Aziz Hocam: &ldquo;Eskileri, kullan\u0131lamaz halde olanlar\u0131 toparla, &ccedil;uvala doldur ve at!&rdquo; <\/strong>buyuruyorlar. \u0130lk ba\u015fta <strong>Aziz Hocam <\/strong>direk bana m\u0131 emrettiler, anlayam\u0131yorum. Kendi kendime<strong>: &ldquo;Ben zaten, kullanamayaca\u011f\u0131m \u015feyleri ikiye ay\u0131r\u0131r, kullan\u0131lamayacak kadar k&ouml;t&uuml; olmu\u015f e\u015fyalar\u0131 geri d&ouml;n&uuml;\u015f&uuml;me, kullan\u0131labilir durumdakileri ihtiya&ccedil; halinde kullanmak &uuml;zere a\u015fa\u011f\u0131ya, bodruma indiririm. Nereye bakmal\u0131, nereyi d&uuml;zenlemeliyim acaba?&rdquo; <\/strong>diye d&uuml;\u015f&uuml;n&uuml;yorum.<\/span><\/span><\/p>\n<p style=\"margin-bottom: 0.0001pt; text-align: justify; text-indent: 1cm; line-height: 16pt;\"><span style=\"font-family: 'Arial','sans-serif';\"><span style=\"font-size: 12pt;\"><\/span><\/span><span style=\"font-family: 'Arial','sans-serif'; font-size: 12pt;\">Sonra ayn\u0131 emir bir kez daha geliyor &ccedil;e\u015fmeden. Ard\u0131ndan su akmaya ba\u015fl\u0131yor. Abdest al\u0131yorum, sonra havuzun etraf\u0131ndan ba\u015flayarak paslanm\u0131\u015f &ccedil;ivilere var\u0131ncaya kadar, her yeri toparlay\u0131p d&uuml;zenliyorum. Toplad\u0131\u011f\u0131m t&uuml;m &ccedil;&ouml;pleri b&uuml;y&uuml;k &ccedil;&ouml;p po\u015fetlerine doldurup, a\u011f\u0131zlar\u0131n\u0131 ba\u011flay\u0131p d\u0131\u015f kap\u0131n\u0131n &ouml;n&uuml;ne koyuyorum. Ben &ccedil;&ouml;plerle u\u011fra\u015f\u0131rken &ouml;\u011fle ezanlar\u0131 okunuyor. Ac\u0131kt\u0131\u011f\u0131m\u0131 hissedip, bir \u015feyler yemek i&ccedil;in, avlu i&ccedil;indeki mutfa\u011fa giriyorum. <strong>Aziz Erbakan Hocam<\/strong>, mutfakta serili olan kilimimize oturmu\u015flar, &ouml;nlerinde k&uuml;&ccedil;&uuml;k bir t&uuml;p&uuml;n &uuml;zerinde yemek kar\u0131\u015ft\u0131r\u0131yorlar. <strong>Muhterem Ahmet Hocam <\/strong>da b&uuml;y&uuml;k mutfa\u011f\u0131m\u0131z\u0131n di\u011fer ucundaki tezg&acirc;hta salata yap\u0131yorlar. Salatan\u0131n salatal\u0131\u011f\u0131n\u0131, marulunu do\u011fram\u0131\u015f, domatesini do\u011fruyorlar. Bir taraftan da <strong><em>&ldquo;Seyrimde Bir \u015eehre Vard\u0131m<span><span style=\"font-size: 12pt;\"><strong>&rdquo;<\/strong><\/span><\/span> <\/em><\/strong>ilahisini s&ouml;yl&uuml;yorlar, <strong>Aziz Erbakan Hocam <\/strong>da, ellerindeki ka\u015f\u0131kla k&uuml;&ccedil;&uuml;k t&uuml;p&uuml;n kenar\u0131na vurarak tempo tutuyorlar. Ellerimi y\u0131kay\u0131p, &ouml;nce <strong>Erbakan Hocama <\/strong>ko\u015fup m&uuml;barek ellerini &ouml;p&uuml;yorum ve<strong>: &ldquo;Aziz Hocam, siz zahmet buyurmay\u0131n, ben yapay\u0131m l&uuml;tfen!<span><span style=\"font-size: 12pt;\"><strong>&rdquo; <\/strong><\/span><\/span><\/strong>diyorum ama <strong>Erbakan Hocam <\/strong>m&uuml;sade etmiyorlar. <strong>Ahmet Hocama <\/strong>ko\u015fuyorum, ellerini &ouml;p&uuml;yorum ve<strong>: &ldquo;Muhterem Hocam, siz zahmet buyurmay\u0131n, ben yapay\u0131m l&uuml;tfen!<span><span style=\"font-size: 12pt;\"><strong>&rdquo;<\/strong><\/span><\/span> <\/strong>diye b\u0131&ccedil;a\u011f\u0131 almaya &ccedil;al\u0131\u015f\u0131yorum ama <strong>Ahmet Hocam <\/strong>da m&uuml;sade etmiyorlar. Ben: <strong>&ldquo;Hocam, peki ben ne yapay\u0131m?<span><span style=\"font-size: 12pt;\"><strong>&rdquo;<\/strong><\/span><\/span> <\/strong>diye soruyorum. <strong>Aziz Erbakan Hocam: &ldquo;Sana verdi\u011fimiz i\u015f bitti mi?<span><span style=\"font-size: 12pt;\"><strong>&rdquo;<\/strong><\/span><\/span> <\/strong>diye soruyorlar. Ben<strong>: &ldquo;Bitti Aziz Hocam. Eski ve i\u015fe yaramayacak her \u015feyi b&uuml;y&uuml;k ve sa\u011flam &ccedil;&ouml;p po\u015fetlerine doldurdum, a\u011f\u0131zlar\u0131n\u0131 s\u0131ms\u0131k\u0131 ba\u011flad\u0131m ve kap\u0131n\u0131n &ouml;n&uuml;ne koydum!<span><span style=\"font-size: 12pt;\"><strong>&rdquo;<\/strong><\/span><\/span> <\/strong>diyorum. <strong>Aziz Erbakan Hocam: &ldquo;Ahmet&rsquo;le birlikte gidip bak\u0131n, po\u015fetlerin a\u011f\u0131zlar\u0131n\u0131 biraz gev\u015fetin ki havas\u0131z kalmas\u0131nlar, g&ouml;revlileri de &ccedil;a\u011f\u0131r\u0131n, hemen g&ouml;t&uuml;r&uuml;p gitsinler ki evimizin &ouml;n&uuml; &ccedil;irkinle\u015fmesin!<span><span style=\"font-size: 12pt;\"><strong>&rdquo;<\/strong><\/span><\/span> <\/strong>buyuruyorlar.<\/span><\/p>\n<p style=\"margin-bottom: 0.0001pt; text-align: justify; text-indent: 1cm; line-height: 16pt;\"><span style=\"font-family: 'Arial','sans-serif'; font-size: 12pt;\"><\/span><span style=\"font-size: 12pt;\"><strong><span style=\"font-family: 'Arial','sans-serif';\">Ahmet Hocamla&nbsp;<\/span><\/strong><\/span><span style=\"font-family: 'Arial','sans-serif';\"><span style=\"font-size: 12pt;\">birlikte gidiyoruz, bah&ccedil;e kap\u0131s\u0131n\u0131 a&ccedil;\u0131p po\u015fetlerin a\u011fz\u0131n\u0131 gev\u015fetiyoruz. Po\u015fetlerin i&ccedil;lerinden sesler, u\u011fultular geliyor. <strong>Ahmet Hocam: &ldquo;Bak senin eskilere!<span><span style=\"font-size: 12pt;\"><strong>&rdquo;<\/strong><\/span><\/span> <\/strong>buyuruyorlar. Po\u015feti aralay\u0131p i&ccedil;ine bak\u0131yorum, po\u015fete doldurdu\u011fum yar\u0131s\u0131 k\u0131r\u0131lm\u0131\u015f kerpi&ccedil;ler, k&uuml;flenip paslanm\u0131\u015f &ccedil;iviler, k\u0131r\u0131lm\u0131\u015f mandallar, kirli po\u015fetler, telleri &ccedil;\u0131km\u0131\u015f ve bezi y\u0131rt\u0131lm\u0131\u015f \u015femsiye vb. hepsi birer insana d&ouml;n&uuml;\u015fm&uuml;\u015f olduklar\u0131n\u0131 (bunlar; eskilerden g&uuml;n&uuml;m&uuml;ze <strong>R\u0131za G&Uuml;NER\u0130, Veli TOLU, Mustafa KAMALAK, O\u011fuzhan Asilt&uuml;rk <\/strong>vb, g&ouml;r&uuml;yorum) \u015fa\u015f\u0131r\u0131yorum; bir \u015fey anlamam\u0131\u015f bir halde <strong>Ahmet Hocama <\/strong>bak\u0131yorum. <strong>Ahmet Hocam <\/strong>telefonda birileriyle konu\u015fuyorlar. <strong>&ldquo;Evimizin &ouml;n&uuml;nde &ccedil;&ouml;plerimizin oldu\u011funu, da\u011f\u0131l\u0131p, yay\u0131l\u0131p etraf\u0131 yeniden kirletmeden gelip almalar\u0131n\u0131<span><span style=\"font-size: 12pt;\"><strong>&rdquo;<\/strong><\/span><\/span> <\/strong>s&ouml;yleyip, evin adresini veriyor. &Ccedil;ok ge&ccedil;meden, soka\u011f\u0131n ba\u015f\u0131nda b&uuml;y&uuml;k bir &ccedil;&ouml;p konteyn\u0131r\u0131, &ccedil;&ouml;p kamyonu gibi bir makine g&ouml;r&uuml;n&uuml;yor ve evimize yakla\u015f\u0131yor. Kamyonu <strong>R. \u015eaban Erso\u011fan <\/strong>kullan\u0131yor, yan\u0131nda da <strong>F. G&uuml;len <\/strong>oturuyor. \u0130kisinin ellerinde de siyah deri eldivenler ve &uuml;zerlerinde tulumlar varm\u0131\u015f. <strong>F. G&uuml;len <\/strong>kamyondan iniyor, &ccedil;&ouml;p po\u015fetlerini arkaya at\u0131yor. \u015eof&ouml;rl&uuml;k yapan Recep \u015eaban Erso\u011fan&rsquo;a <strong>&ldquo;tamam&rdquo; <\/strong>anlam\u0131nda el i\u015fareti yap\u0131yor. Kamyona ald\u0131klar\u0131 &ccedil;&ouml;p po\u015fetlerini presliyorlar.<\/span><\/span><\/p>\n<p style=\"margin-bottom: 0.0001pt; text-align: justify; text-indent: 1cm; line-height: 16pt;\"><span style=\"font-family: 'Arial','sans-serif';\"><span style=\"font-size: 12pt;\"><\/span><\/span><span style=\"font-family: 'Arial','sans-serif'; font-size: 12pt;\">Eve girip kap\u0131m\u0131z\u0131 &ouml;rt&uuml;yoruz. Ben \u015fa\u015fk\u0131n\u0131m fakat <strong>Ahmet Hocam <\/strong>gayet rahat bir vaziyet sergiliyor. Ellerini y\u0131kay\u0131p mutfa\u011fa giriyorlar. Ben de ellerimi y\u0131kay\u0131p mutfa\u011fa giriyorum. Yemek pi\u015fmi\u015f.<span class=\"apple-converted-space\"><strong>&nbsp;<\/strong><\/span><strong>Erbakan Hocam: &ldquo;Yeme\u011fi ortaya sen getirirsin art\u0131k!&rdquo; <\/strong>buyuruyorlar. Salatay\u0131, yeme\u011fi tabaklara koyup, sofray\u0131 kurup ortalar\u0131na koyuyorum.<span class=\"apple-converted-space\"><strong>&nbsp;<\/strong><\/span><strong>Erbakan Hocam<\/strong>, s&uuml;rahiyi bana uzat\u0131p<strong>: &ldquo;Buna da serin bir su doldursan&rdquo; <\/strong>buyuruyorlar. Dolaptan so\u011fuk su doldurup sofraya koyuyorum.&nbsp;<strong>Erbakan Hocam: &ldquo;Ka\u015f\u0131\u011f\u0131n\u0131 al da gel hemen <\/strong>buyuruyorlar. Elime bir ka\u015f\u0131k al\u0131p d&ouml;n&uuml;yorum, sofraya oturuyorum ve o anda uyan\u0131yorum.[3]<\/span><\/p>\n<p style=\"margin-bottom: 0.0001pt; text-align: justify; text-indent: 1cm; line-height: 16pt;\"><span style=\"font-family: 'Arial','sans-serif'; font-size: 12pt;\"><\/span><strong><span style=\"font-size: 14pt; font-family: 'Arial','sans-serif';\">Te&rsquo;vili:<\/span><\/strong><span class=\"apple-converted-space\"><\/span><\/p>\n<p style=\"margin-bottom: 0.0001pt; text-align: justify; text-indent: 1cm; line-height: 16pt;\"><span class=\"apple-converted-space\"><\/span><span style=\"font-size: 12pt;\"><strong><span style=\"font-family: 'Arial','sans-serif';\">&Ccedil;&ouml;p arabas\u0131n\u0131n \u015fof&ouml;r&uuml; ve &ccedil;&ouml;p&ccedil;&uuml;s&uuml; olarak g&ouml;r&uuml;len \u015fah\u0131slar ve olu\u015fumlar, kendi niyetleri ve mahiyetleri malum da olsa, Allah&rsquo;\u0131n bunlar\u0131n eliyle, hem biri birlerinin, hem din istismarc\u0131s\u0131 kesimlerin, hem de devlete s\u0131zm\u0131\u015f hain ki\u015fi ve ekiplerin h\u0131yanet giri\u015fimlerini bo\u015fa &ccedil;\u0131kar\u0131verecektir ve tabi kendileri de m&uuml;stahak olduklar\u0131 ak\u0131beti g&ouml;receklerdir.<\/span><\/strong><\/span><\/p>\n<p style=\"margin-bottom: 0.0001pt; text-align: justify; text-indent: 1cm; line-height: 16pt;\"><span style=\"font-size: 12pt;\"><strong><span style=\"font-family: 'Arial','sans-serif';\"><\/span><\/strong><\/span><span style=\"font-size: 12pt;\"><strong><span style=\"font-family: 'Arial','sans-serif';\">SP \u0130&ccedil;indeki k&ouml;t&uuml; niyetlilerin ve \u015fuursuz &ndash; onursuz destek&ccedil;ilerinin de AKP&rsquo;nin &ccedil;&ouml;p konteyn\u0131r\u0131na at\u0131lacaklar\u0131, yani se&ccedil;im ittifak\u0131yla ayarlar\u0131n\u0131 ortaya koyacaklar\u0131 da haber verilmektedir. En do\u011frusunu Allah bilir.<\/span><\/strong><\/span><\/p>\n<p style=\"margin-bottom: 0.0001pt; text-align: justify; text-indent: 1cm; line-height: 16pt;\"><span style=\"font-size: 12pt;\"><strong><span style=\"font-family: 'Arial','sans-serif';\"><\/span><\/strong><\/span><strong><span style=\"font-size: 16pt; font-family: 'Arial','sans-serif';\">Ay\u015fe Akg&uuml;l&rsquo;&uuml;n ferahlat\u0131c\u0131 R&uuml;yas\u0131!<\/span><\/strong><\/p>\n<p style=\"margin-bottom: 0.0001pt; text-align: justify; text-indent: 1cm; line-height: 16pt;\"><strong><span style=\"font-size: 16pt; font-family: 'Arial','sans-serif';\"><\/span><\/strong><span style=\"font-size: 14pt; font-family: 'Arial','sans-serif';\">&Ccedil;ok kalabal\u0131k bir ortamday\u0131z. Etkili ve etiketli kimselerin Babama (Ahmet Akg&uuml;l Hocam\u0131za) y&ouml;nelik h&uuml;cum ve hakaret sesleri y&uuml;kseliyor. O seslerin kime ait oldu\u011funu se&ccedil;emiyorum. Bu sald\u0131r\u0131 ve sata\u015fmalardan dolay\u0131 babam &ccedil;ok &uuml;zg&uuml;n bitkin bir durumda g&ouml;r&uuml;l&uuml;yor, ama dirayetle direniyor. Tam o s\u0131rada Erbakan Hocam\u0131z\u0131n g&uuml;r sesi duyuluyor. <strong><em>&ldquo;Ahmet&rsquo;in projeleri, giri\u015fimleri ve yaz\u0131p s&ouml;yledikleri beni burada &ccedil;ok mutlu ediyor&rdquo;<\/em><\/strong> diye sesleniyor. Sald\u0131rganlar ve Babam\u0131 fitne &ccedil;\u0131karmakla su&ccedil;layanlar susup sinmek zorunda kal\u0131yor. Bundan dolay\u0131 babam ferahlam\u0131\u015f ve rahatlam\u0131\u015f olarak Aziz Erbakan Hocam\u0131za do\u011fru y&uuml;r&uuml;yor, tebess&uuml;m edip sevindi\u011fi g&ouml;r&uuml;l&uuml;yor. O vaziyette uyan\u0131yorum.<\/span><\/p>\n<p style=\"margin-bottom: 0.0001pt; text-align: justify; text-indent: 1cm; line-height: 16pt;\"><span style=\"font-size: 14pt; font-family: 'Arial','sans-serif';\"><\/span><strong><span style=\"font-size: 14pt; font-family: 'Arial','sans-serif';\">AKP Gebze binas\u0131ndaki<\/span><\/strong><strong><span style=\"font-size: 16pt; font-family: 'Arial','sans-serif';\"> <em>&#8216;seks skandal\u0131&#8217;na d&ouml;rt g&ouml;zalt\u0131 haberi<span style=\"font-size: 14pt;\">[4]<\/span><\/em> <\/span><\/strong><strong><span style=\"font-size: 14pt; font-family: 'Arial','sans-serif';\">AKP&rsquo;nin nas\u0131l yozla\u015ft\u0131\u011f\u0131n\u0131n ve yoldan &ccedil;\u0131kt\u0131\u011f\u0131n\u0131n kan\u0131t\u0131yd\u0131.<\/span><\/strong><\/p>\n<p style=\"margin-bottom: 0.0001pt; text-align: justify; text-indent: 1cm; line-height: 16pt;\"><strong><span style=\"font-size: 14pt; font-family: 'Arial','sans-serif';\"><\/span><\/strong><strong><span style=\"font-size: 12pt; font-family: 'Arial','sans-serif';\">AKP&#8217;nin bir Gen&ccedil;lik Kollar\u0131 y&ouml;neticisinin Gebze il&ccedil;e binas\u0131nda bir kad\u0131nla uygunsuz vaziyette foto\u011fraflar\u0131n\u0131 &ccedil;ekti\u011fi iddias\u0131n\u0131n yank\u0131lar\u0131 s&uuml;rerken, olayla ilgili olarak 4 ki\u015fi g&ouml;zalt\u0131na al\u0131nm\u0131\u015ft\u0131.&nbsp;<\/span><\/strong><strong><span style=\"font-size: 12pt; font-family: 'Arial','sans-serif';\">AKP&rsquo;nin gen&ccedil;lik kollar\u0131nda g&ouml;revli bir y&ouml;neticinin, Gebze parti binas\u0131nda bir kad\u0131nla birlikte uygunsuz vaziyette bulunmalar\u0131 ve bu ana ili\u015fkin g&ouml;r&uuml;nt&uuml;lerin sosyal medyada yay\u0131ld\u0131\u011f\u0131 iddias\u0131 ortaya &ccedil;\u0131km\u0131\u015f, olay b&uuml;y&uuml;k yank\u0131 uyand\u0131rm\u0131\u015ft\u0131. Bu olayla ilgili olarak Gebze&rsquo;de d&ouml;rt ki\u015finin g&ouml;zalt\u0131na al\u0131nd\u0131\u011f\u0131 anla\u015f\u0131lm\u0131\u015ft\u0131. \u0130lk olarak Bizim Kocaeli gazetesinin g&uuml;ndeme getirdi\u011fi habere g&ouml;re, AKP Gebze \u0130l&ccedil;e binas\u0131n\u0131n toplant\u0131 salonunda bir kad\u0131n\u0131n &ccedil;\u0131plak halde g&ouml;r&uuml;nd&uuml;\u011f&uuml; foto\u011fraflar sosyal medyada yay\u0131nlanm\u0131\u015ft\u0131. \u0130ddiaya g&ouml;re partinin bir gen&ccedil;lik kollar\u0131 y&ouml;neticisi, Gebze il&ccedil;e binas\u0131nda bu kad\u0131nla ili\u015fki ya\u015fam\u0131\u015f ve kad\u0131n\u0131n toplant\u0131 odas\u0131nda yar\u0131 &ccedil;\u0131plak halini g&ouml;steren foto\u011fraflar\u0131 &ccedil;ekilip yay\u0131nlanm\u0131\u015ft\u0131. Bu g&ouml;r&uuml;nt&uuml;lerle ilgili olarak; B.K, S.M. ve H.T. ile D.A adl\u0131 ki\u015filer emniyette ifadeye &ccedil;a\u011fr\u0131l\u0131p sonra adliyeye sevk edildikleri, bu d&ouml;rt ki\u015finin adliyede serbest b\u0131rak\u0131ld\u0131klar\u0131 anla\u015f\u0131lm\u0131\u015ft\u0131.<\/span><\/strong><\/p>\n<p style=\"margin-bottom: 0.0001pt; text-align: justify; text-indent: 1cm; line-height: 16pt;\"><strong><span style=\"font-size: 12pt; font-family: 'Arial','sans-serif';\"><\/span><\/strong><strong><span style=\"font-size: 12pt; font-family: 'Arial','sans-serif';\">Ve zaten AKP&rsquo;nin ak\u0131l hocalar\u0131ndan ve y\u0131kama-ya\u011flama yazarlar\u0131ndan Abdurrahman Dilipak, defalarca <em>&ldquo;AKP&rsquo;li Milletvekili, Bakan, b&uuml;rokrat ve i\u015f adamlar\u0131ndan baz\u0131lar\u0131n\u0131n &ldquo;Muta nikah\u0131&rdquo; k\u0131l\u0131f\u0131yla, bir veya ka&ccedil; kad\u0131n-k\u0131zla gizli ve kirli ili\u015fkiler ya\u015fad\u0131klar\u0131n\u0131, bunlar\u0131n kaydedilip aleyhlerine kullan\u0131lma ihtimaline kar\u015f\u0131 tedbirli ve temkinli davranmalar\u0131n\u0131&rdquo;<\/em> yazm\u0131\u015f ve uyar\u0131 g&ouml;revini(!) yapm\u0131\u015ft\u0131. <\/span><\/strong><strong><span style=\"font-size: 14pt; font-family: 'Arial','sans-serif';\">Yani bunlara g&ouml;re; gizli yapmak, halktan ve hukuktan saklamak \u015fart\u0131yla her mel&rsquo;anet mubaht\u0131. Yeter ki partilerinin ba\u015f\u0131 a\u011fr\u0131mas\u0131nd\u0131. B&uuml;t&uuml;n bunlar <em>&ldquo;boynuzlar\u0131 beyne g&ouml;mme&rdquo;<\/em> &ccedil;abas\u0131yd\u0131!..<\/span><\/strong><\/p>\n<p style=\"margin-bottom: 0.0001pt; text-align: justify; text-indent: 1cm; line-height: 16pt;\"><strong><span style=\"font-size: 14pt; font-family: 'Arial','sans-serif';\"><\/span><\/strong><strong><span style=\"font-size: 14pt; font-family: 'Arial','sans-serif';\">Cemaatin 1 Kas\u0131m se&ccedil;im plan\u0131n\u0131 H&uuml;seyin G&uuml;lerce a&ccedil;\u0131klam\u0131\u015ft\u0131.<\/span><\/strong><\/p>\n<p style=\"margin-bottom: 0.0001pt; text-align: justify; text-indent: 1cm; line-height: 16pt;\"><strong><span style=\"font-size: 14pt; font-family: 'Arial','sans-serif';\"><\/span><\/strong><strong><span style=\"font-size: 12pt; font-family: 'Arial','sans-serif';\">Fetullah G&uuml;len&#8217;in eski yol arkada\u015f\u0131 H&uuml;seyin G&uuml;lerce, Cemaatin 1 Kas\u0131m Erken Se&ccedil;im&rsquo;lerinde AKP&#8217;nin iktidara gelmemesi i&ccedil;in <em>herkesle ittifak<\/em> yapaca\u011f\u0131n\u0131 hat\u0131rlatm\u0131\u015ft\u0131. Y\u0131llarca Fetullah&ccedil;\u0131lar\u0131n davulunu &ccedil;alan, \u015fimdi daha g&uuml;&ccedil;l&uuml; g&ouml;rd&uuml;\u011f&uuml; Erdo\u011fan&rsquo;a yana\u015fan, ama bu d&ouml;nekli\u011fine; <em>&ldquo;Ben 17-25 Aral\u0131k s&uuml;recinde Fetullah G&uuml;len ve cemaatiyle yollar\u0131m\u0131z\u0131 ay\u0131rmaya niyetlendim, paralelci operasyonlar\u0131yla da AKP saf\u0131na ge&ccedil;meye karar verdim&rdquo;<\/em> k\u0131l\u0131f\u0131 ge&ccedil;iren H&uuml;seyin G&uuml;lerce cemaate y&ouml;nelik yeni a&ccedil;\u0131klamalar yapm\u0131\u015ft\u0131. Koza \u0130pek Holding&#8217;e operasyonu sonras\u0131 Cemaat ve Fetullah G&uuml;len yeniden g&uuml;ndeme ta\u015f\u0131nm\u0131\u015ft\u0131. G&uuml;lerce&rsquo;nin<\/span><\/strong><span style=\"font-size: 14pt;\"><a href=\"http:\/\/www.gazeteciler.com\/\"><strong><span style=\"font-size: 12pt; font-family: 'Arial','sans-serif'; color: windowtext;\">,<\/span><\/strong><\/a><\/span><strong><span style=\"font-size: 12pt; font-family: 'Arial','sans-serif';\"> 9 Eyl&uuml;l&#8217;den itibaren k&ouml;\u015fe yazarl\u0131\u011f\u0131na ba\u015flad\u0131\u011f\u0131 Star gazetesinde&nbsp;bir r&ouml;portaj yay\u0131nlanm\u0131\u015ft\u0131.&nbsp;<\/span><\/strong><strong><span style=\"font-size: 12pt; font-family: 'Arial','sans-serif';\">Sn. G&uuml;lerce, 1 Kas\u0131m se&ccedil;imlerinde cemaatin AKP&rsquo;ye kar\u015f\u0131 her parti ve kesimle ittifak yapaca\u011f\u0131n\u0131 vurgulam\u0131\u015ft\u0131. Yani Fetullahc\u0131lar Dinci ve gerici AKP&rsquo;ye kar\u015f\u0131, devrimci ve sol direni\u015f&ccedil;i(!) CHP, Ulusalc\u0131 Vatan Partisi saf\u0131nda yer alacakt\u0131. Asl\u0131nda bu saf dirik giri\u015fimler, AKP&rsquo;nin dolayl\u0131 reklam\u0131yd\u0131 ve halk\u0131m\u0131z\u0131 &uuml;rk&uuml;t&uuml;p AKP&rsquo;nin saf\u0131na ka&ccedil;\u0131rmaktayd\u0131. Ve hele AKP&rsquo;nin tahribat ve talanlar\u0131 bahanesiyle Darwinist sosyalistlerin ve sahte Kemalistlerin iki de bir \u0130slam&rsquo;a ve Erbakan&rsquo;a sata\u015fmalar\u0131, tamamen AKP&rsquo;nin i\u015fine yaramakta, bu soysuz ve sorumsuz tav\u0131rlardan &uuml;rken halk\u0131m\u0131z, AKP&rsquo;nin yan\u0131nda yer almaktayd\u0131!<\/span><\/strong><\/p>\n<p style=\"margin-bottom: 0.0001pt; text-align: justify; text-indent: 1cm; line-height: 16pt;\"><strong><span style=\"font-size: 14pt; font-family: 'Arial','sans-serif';\">Balyoz&rsquo;un sahte bilirki\u015fileri ABD&rsquo;ye ka&ccedil;m\u0131\u015ft\u0131!<\/span><\/strong><\/p>\n<p style=\"margin-bottom: 0.0001pt; text-align: justify; text-indent: 1cm; line-height: 16pt;\"><strong><span style=\"font-size: 12pt; font-family: 'Arial','sans-serif';\">Oysa Balyoz davas\u0131nda, sahte delil olarak kullan\u0131lan CD&rsquo;lerle ilgili <em>bilirki\u015fi raporunu<\/em> yanl\u0131 d&uuml;zenledikleri i&ccedil;in yarg\u0131lanan Fetullah&ccedil;\u0131 3 T&Uuml;B\u0130TAK g&ouml;revlisinin ABD&rsquo;de oldu\u011fu ortaya &ccedil;\u0131km\u0131\u015ft\u0131. San\u0131klardan \u015fik&acirc;yet&ccedil;i olan subaylar bunlar\u0131n mahkemeye zorla getirilmeleri talebinde bulunmu\u015flard\u0131. \u0130stanbul 18. Asliye Ceza Mahkemesi&rsquo;ndeki duru\u015fmaya san\u0131klar kat\u0131lmazken, emekli Koramiral Kadir Sa\u011fd\u0131&ccedil;, emekli T&uuml;mgeneral Ahmet Yavuz ve emekli Albay Dursun &Ccedil;i&ccedil;ek&rsquo;in aralar\u0131nda bulundu\u011fu 10 \u015fik&acirc;yet&ccedil;i subay ile avukatlar\u0131 kat\u0131lm\u0131\u015ft\u0131. Balyoz davas\u0131nda sahte dijital delillerle mahk&ucirc;m edilen ancak daha sonra yeniden yap\u0131lan yarg\u0131lamada beraat eden subaylar, bilirki\u015filerden \u015fik&acirc;yet&ccedil;i olmu\u015flard\u0131. Duru\u015fmada, H&acirc;kim \u0130lhan Karag&ouml;z, emekli Orgeneral &Ccedil;etin Do\u011fan ve emekli Korgeneral Engin Alan&rsquo;\u0131n da aralar\u0131nda bulundu\u011fu 47 subay\u0131n \u015fik&acirc;yetini kabul ederek davaya kat\u0131lmalar\u0131 karar\u0131 alm\u0131\u015ft\u0131.<\/span><\/strong><\/p>\n<p style=\"margin-bottom: 0.0001pt; text-align: justify; text-indent: 1cm; line-height: 16pt;\"><strong><span style=\"font-size: 12pt; font-family: 'Arial','sans-serif';\">Peki, ne mi s&ouml;ylemeye &ccedil;al\u0131\u015f\u0131yoruz? AKP h&uuml;k&uuml;meti de CHP muhalefeti de, ayn\u0131 Amerikan plan\u0131nda yer almakta; din istismarc\u0131lar\u0131 da, devrim simsarlar\u0131 da, ulusalc\u0131lar da, AB hayran\u0131 Ha&ccedil;l\u0131 u\u015faklar\u0131 da ayn\u0131 Siyonist senaryoda fig&uuml;ranl\u0131k yapmaktayd\u0131. T&uuml;rkiye&rsquo;de ya <\/span><\/strong><span style=\"font-size: 14pt;\"><strong><span style=\"font-family: 'Arial','sans-serif';\">Adil D&uuml;zen<\/span><\/strong><\/span><strong><span style=\"font-size: 12pt; font-family: 'Arial','sans-serif';\"> devrimi ya\u015fanacak veya bu zillet ve sefalet de\u011firmeni d&ouml;n&uuml;p duracakt\u0131. Yani hay\u0131rl\u0131 ve ak\u0131lc\u0131 bir ittifak ancak Adil D&uuml;zen etraf\u0131nda sa\u011flanmal\u0131yd\u0131. &Ccedil;&uuml;nk&uuml; &ouml;nemli bir f\u0131rsatt\u0131 ve AKP&rsquo;de ta\u015flar yerinden oynam\u0131\u015ft\u0131.<\/span><\/strong><\/p>\n<p style=\"margin-bottom: 0.0001pt; text-align: justify; text-indent: 1cm; line-height: 16pt;\"><strong><span style=\"font-size: 16pt; font-family: 'Arial','sans-serif';\">Acaba, AKP&rsquo;nin ve kurmaylar\u0131n\u0131n ba\u015f\u0131na gelecekler mi kula\u011f\u0131na f\u0131s\u0131ldanm\u0131\u015ft\u0131? Karakutu niye devre d\u0131\u015f\u0131 b\u0131rak\u0131lm\u0131\u015ft\u0131?<\/span><\/strong><\/p>\n<p style=\"margin-bottom: 0.0001pt; text-align: justify; text-indent: 1cm; line-height: 16pt;\"><strong><span style=\"font-size: 12pt; font-family: 'Arial','sans-serif';\">AKP Kongresi&rsquo;nde ismi MKYK&rsquo;ya girecek isimler aras\u0131nda telaffuz edilen ama son anda listeye d&acirc;hil edilmeyen o isim herkesi \u015fa\u015f\u0131rtm\u0131\u015ft\u0131! O isim Ali \u0130hsan Arslan, nam-\u0131 di\u011fer M&uuml;cahit Arslan&rsquo;d\u0131. Biraz tan\u0131yal\u0131m m\u0131 Arslan&rsquo;\u0131;<\/span><\/strong><\/p>\n<p style=\"margin-bottom: 0.0001pt; text-align: justify; text-indent: 1cm; line-height: 16pt;\"><strong><span style=\"font-size: 12pt; font-family: 'Arial','sans-serif';\"><\/span><\/strong><strong><span style=\"font-size: 12pt; font-family: 'Arial','sans-serif';\"><\/span><\/strong><strong><span style=\"font-size: 12pt; font-family: 'Arial','sans-serif';\">&bull; Bir ara babas\u0131yla birlikte C\u0131ngar isimli bir mizah dergisi &ccedil;\u0131kard\u0131.<\/span><\/strong><\/p>\n<p style=\"margin-bottom: 0.0001pt; text-align: justify; text-indent: 1cm; line-height: 16pt;\"><strong><span style=\"font-size: 12pt; font-family: 'Arial','sans-serif';\"><\/span><\/strong><strong><span style=\"font-size: 12pt; font-family: 'Arial','sans-serif';\">&bull; Ba\u015fbakan Recep T. Erdo\u011fan&rsquo;\u0131n &lsquo;A Tak\u0131m\u0131&rsquo;ndayd\u0131. Ba\u015f\u0131ndan bu yana Tayyip beyin hemen yan\u0131ndayd\u0131.<\/span><\/strong><\/p>\n<p style=\"margin-bottom: 0.0001pt; text-align: justify; text-indent: 1cm; line-height: 16pt;\"><strong><span style=\"font-size: 12pt; font-family: 'Arial','sans-serif';\"><\/span><\/strong><strong><span style=\"font-size: 12pt; font-family: 'Arial','sans-serif';\">&bull; AKP&rsquo;de ba\u015f\u0131ndan beri mali i\u015flere bakt\u0131.<\/span><\/strong><\/p>\n<p style=\"margin-bottom: 0.0001pt; text-align: justify; text-indent: 1cm; line-height: 16pt;\"><strong><span style=\"font-size: 12pt; font-family: 'Arial','sans-serif';\"><\/span><\/strong><strong><span style=\"font-size: 12pt; font-family: 'Arial','sans-serif';\">&bull; Babas\u0131, eski AKP Diyarbak\u0131r Milletvekili M. \u0130hsan Arslan. Baba-o\u011ful y\u0131llard\u0131r m&uuml;teahhitlikle u\u011fra\u015f\u0131rlard\u0131.<\/span><\/strong><\/p>\n<p style=\"margin-bottom: 0.0001pt; text-align: justify; text-indent: 1cm; line-height: 16pt;\"><strong><span style=\"font-size: 12pt; font-family: 'Arial','sans-serif';\"><\/span><\/strong><strong><span style=\"font-size: 12pt; font-family: 'Arial','sans-serif';\">&bull; M&uuml;cahit (\u0130hsan) Arslan i&ccedil;in, Erdo\u011fan&rsquo;\u0131n &ldquo;sessiz, derinden &ccedil;al\u0131\u015fan dan\u0131\u015fman&rdquo; tan\u0131m\u0131 yap\u0131l\u0131rd\u0131.<\/span><\/strong><\/p>\n<p style=\"margin-bottom: 0.0001pt; text-align: justify; text-indent: 1cm; line-height: 16pt;\"><strong><span style=\"font-size: 12pt; font-family: 'Arial','sans-serif';\"><\/span><\/strong><strong><span style=\"font-size: 12pt; font-family: 'Arial','sans-serif';\">&bull; AKP&rsquo;nin kurucular\u0131ndand\u0131. Ba\u015fbakan&rsquo;\u0131n makam arac\u0131na binen ender isimlerden say\u0131l\u0131rd\u0131.&nbsp;<\/span><\/strong><\/p>\n<p style=\"margin-bottom: 0.0001pt; text-align: justify; text-indent: 1cm; line-height: 16pt;\"><strong><span style=\"font-size: 12pt; font-family: 'Arial','sans-serif';\"><\/span><\/strong><strong><span style=\"font-size: 12pt; font-family: 'Arial','sans-serif';\">&bull; 10 Aral\u0131k 2002&rsquo;de Erdo\u011fan, hen&uuml;z ba\u015fbakan de\u011filken, ABD Ba\u015fkan\u0131 George Bush ile g&ouml;r&uuml;\u015fmeyi ayarlayanlardan biri olarak hat\u0131rlan\u0131rd\u0131.<\/span><\/strong><\/p>\n<p style=\"margin-bottom: 0.0001pt; text-align: justify; text-indent: 1cm; line-height: 16pt;\"><strong><span style=\"font-size: 12pt; font-family: 'Arial','sans-serif';\"><\/span><\/strong><strong><span style=\"font-size: 12pt; font-family: 'Arial','sans-serif';\">&bull; Baba M. \u0130hsan Arslan&rsquo;\u0131n 1996&rsquo;da PKK kamp\u0131na ziyaret yapt\u0131\u011f\u0131, Hizbullah&rsquo;\u0131n iki kanad\u0131 aras\u0131nda arabuluculuk rol&uuml; oynad\u0131\u011f\u0131 bas\u0131nda yer alm\u0131\u015ft\u0131. Mazlum-der&rsquo;de birka&ccedil; d&ouml;nem &uuml;st d&uuml;zey g&ouml;rev alan baba Arslan, Zaman gazetesinin Cemaat sat\u0131n almadan &ouml;nceki imtiyaz sahibi zatt\u0131.<\/span><\/strong><\/p>\n<p style=\"margin-bottom: 0.0001pt; text-align: justify; text-indent: 1cm; line-height: 16pt;\"><strong><span style=\"font-size: 12pt; font-family: 'Arial','sans-serif';\"><\/span><\/strong><strong><span style=\"font-size: 12pt; font-family: 'Arial','sans-serif';\">&bull; Ali \u0130hsan Arslan 7 Haziran se&ccedil;imlerinde Ankara milletvekili se&ccedil;ilmi\u015f bulunmaktayd\u0131.<\/span><\/strong><\/p>\n<p style=\"margin-bottom: 0.0001pt; text-align: justify; text-indent: 1cm; line-height: 16pt;\"><strong><span style=\"font-size: 12pt; font-family: 'Arial','sans-serif';\"><\/span><\/strong><strong><span style=\"font-size: 12pt; font-family: 'Arial','sans-serif';\"><\/span><\/strong><strong><span style=\"font-size: 14pt; font-family: 'Arial','sans-serif';\">Acaba son AKP Kongresi&rsquo;nde, partinin en etkili organ\u0131 MKYK&rsquo;ya neden\/nas\u0131l al\u0131nmam\u0131\u015ft\u0131?<span style=\"font-size: 12pt;\">[5]<\/span><\/span><\/strong><\/p>\n<p style=\"margin-bottom: 0.0001pt; text-align: justify; text-indent: 1cm; line-height: 16pt;\"><strong><span style=\"font-size: 14pt; font-family: 'Arial','sans-serif';\"><span style=\"font-size: 12pt;\"><\/span><\/span><\/strong><strong><span style=\"font-size: 14pt; font-family: 'Arial','sans-serif';\"><span style=\"font-size: 12pt;\"><\/span><\/span><\/strong><span style=\"font-family: 'Arial','sans-serif'; color: windowtext;\"><span style=\"font-size: 14pt;\">Abdullah G&uuml;l NTV yay\u0131n\u0131na &ccedil;\u0131kmas\u0131 ortal\u0131\u011f\u0131 niye kar\u0131\u015ft\u0131rm\u0131\u015ft\u0131?<\/span> <\/span><span style=\"font-size: 12pt; font-family: 'Arial','sans-serif'; color: windowtext;\">Abdullah G&uuml;l&rsquo;&uuml;n NTV canl\u0131 yay\u0131n\u0131na &ccedil;\u0131kmas\u0131 AKP milletvekili aday listelerinin teslimi &ouml;ncesi ve Boydak operasyonu sonras\u0131 G&uuml;l&#8217;&uuml;n bu karar\u0131 ortal\u0131\u011f\u0131 kar\u0131\u015ft\u0131rm\u0131\u015ft\u0131.<\/span><\/p>\n<p style=\"margin-bottom: 0.0001pt; text-align: justify; text-indent: 1cm; line-height: 16pt;\"><span style=\"font-size: 12pt;\"><strong><span style=\"font-family: 'Arial','sans-serif';\">Abdullah G&uuml;l&#8217;&uuml;n NTV&#8217;de canl\u0131 yay\u0131na &ccedil;\u0131kma karar\u0131 zamanlamas\u0131 a&ccedil;\u0131s\u0131ndan kritik &ouml;nemde olunca Ankara&#8217;da AKP kulisleri kar\u0131\u015fm\u0131\u015ft\u0131. AKP&#8217;nin 1 Kas\u0131m erken se&ccedil;imi i&ccedil;in listelerini teslime 1 g&uuml;n kala G&uuml;l&#8217;&uuml;n ekranda boy g&ouml;sterecek olmas\u0131 bir bomba patlataca\u011f\u0131 beklentisini art\u0131rm\u0131\u015ft\u0131. Bu yay\u0131n\u0131n Boydak ailesine y&ouml;nelik &#8216;paralel yap\u0131&#8217; operasyonundan hemen sonraya denk gelmesi de anlaml\u0131yd\u0131. Bilindi\u011fi gibi Abdullah G&uuml;l Boydak ailesiyle hayli yak\u0131n ili\u015fkilere sahip bulunmaktayd\u0131.<\/span><\/strong><\/span><\/p>\n<p style=\"margin-bottom: 0.0001pt; text-align: justify; text-indent: 1cm; line-height: 16pt;\"><span style=\"font-size: 12pt;\"><strong><span style=\"font-family: 'Arial','sans-serif';\">Peki Abdullah G&uuml;l niye NTV canl\u0131 yay\u0131n\u0131na &ccedil;\u0131kma karar\u0131 alm\u0131\u015ft\u0131? Uzun s&uuml;re sustuktan sonra \u015fimdi konu\u015fmaya niyetlenmesi ne ama&ccedil;l\u0131yd\u0131? Sn. G&uuml;l NTV ekran\u0131ndan bir bomba patlat\u0131r m\u0131yd\u0131? Bu sorular\u0131n en &ccedil;ok soruldu\u011fu yer AKP kulisleri olmaktayd\u0131. Abdullah G&uuml;l&#8217;&uuml;n ne yapaca\u011f\u0131 ya da neyi ama&ccedil;lad\u0131\u011f\u0131 konusunda yak\u0131n &ccedil;evresinden hen&uuml;z bir bilgi s\u0131zmam\u0131\u015ft\u0131. Kulislerde en b&uuml;y&uuml;k &#8216;bomba&#8217; NTV ekran\u0131ndan AKP milletvekili adayl\u0131\u011f\u0131n\u0131 ilan etmesi g&ouml;r&uuml;\u015f&uuml; a\u011f\u0131r basmaktayd\u0131. Ancak Abdullah G&uuml;l&#8217;&uuml; yak\u0131nen tan\u0131yanlar da ondan daha derin ve etkin &ccedil;\u0131k\u0131\u015flar ummaktayd\u0131. Abdullah G&uuml;l&#8217;&uuml;n NTV canl\u0131 yay\u0131n\u0131n\u0131n \u0130stikbal ve Bellona&#8217;n\u0131n sahibi Boydak Holdinge y&ouml;nelik operasyonundan hemen sonraya gelmesi kulisleri tela\u015fland\u0131rm\u0131\u015ft\u0131. G&uuml;l&#8217;&uuml;n NTV&#8217;ye s\u0131rf bu y&uuml;zden &ccedil;\u0131kt\u0131\u011f\u0131 iddialar\u0131 yo\u011fun \u015fekilde konu\u015fulsa da, asl\u0131nda Abdullah G&uuml;l, NTV&rsquo;ye canl\u0131 yay\u0131n s&ouml;z&uuml;n&uuml; Boydak operasyonundan &ouml;nce vermi\u015f oldu\u011fu anla\u015f\u0131lm\u0131\u015ft\u0131. Ger&ccedil;i <em>&#8220;Boydaklar ile 11. Cumhurba\u015fkan\u0131 Abdullah G&uuml;l ayn\u0131 mahalleden olmaktayd\u0131. Ailelerin anne babas\u0131 beraber Hac arkada\u015flar\u0131yd\u0131. G&uuml;l&rsquo;&uuml;n siyasi ya\u015fam\u0131 &ouml;ncesinde de Boydaklarla aras\u0131 hep iyi durumdayd\u0131. Fazilet Partisi d&ouml;neminde de Ba\u015fbakan&rsquo;ken de Cumhurba\u015fkan\u0131 oldu\u011fu s&uuml;re&ccedil;te de bunlar birbirleriyle yak\u0131n irtibatl\u0131yd\u0131. G&uuml;n oldu ailenin &ccedil;ocuklar\u0131n\u0131n nik&acirc;h \u015fahitli\u011fini yapm\u0131\u015flard\u0131. Hatta operasyona &ldquo;gerek&ccedil;e&rdquo; g&ouml;sterilen Melik\u015fah &Uuml;niversitesi&rsquo;nin 2013-2014 d&ouml;nemini Abdullah G&uuml;l ba\u015flatm\u0131\u015ft\u0131.&#8221;<\/em><\/span><\/strong><\/span><\/p>\n<p style=\"margin-bottom: 0.0001pt; text-align: justify; text-indent: 1cm; line-height: 16pt;\"><span style=\"font-size: 12pt;\"><\/span><strong><span style=\"font-size: 18pt; font-family: 'Arial','sans-serif';\">\u0130\u015fte Fuat Avni twitter Masallar\u0131<\/span><\/strong><\/p>\n<p style=\"margin-bottom: 0.0001pt; text-align: justify; text-indent: 1cm; line-height: 16pt;\"><strong><span style=\"font-size: 18pt; font-family: 'Arial','sans-serif';\"><\/span><\/strong><strong><span style=\"font-size: 16pt; font-family: 'Arial','sans-serif';\">&ldquo;Faksarayda Nayip Han&rdquo;<\/span><\/strong><\/p>\n<p style=\"margin-bottom: 0.0001pt; text-align: justify; text-indent: 1cm; line-height: 16pt;\"><strong><span style=\"font-size: 16pt; font-family: 'Arial','sans-serif';\"><\/span><\/strong><span style=\"font-family: 'Arial','sans-serif'; font-size: 12pt;\"><strong>&bull;<\/strong> Faksaray&#8217;da tamamen bir diktat&ouml;rl&uuml;k kurulmu\u015f bulunuyor. Nayip Han hi&ccedil; kimseye g&uuml;venmedi\u011finden, avaneler sadece onun istedi\u011fini yapmakla yetiniyor.<\/span><\/p>\n<p style=\"margin-bottom: 0.0001pt; text-align: justify; text-indent: 1cm; line-height: 16pt;\"><span style=\"font-family: 'Arial','sans-serif'; font-size: 12pt;\"><\/span><span style=\"font-family: 'Arial','sans-serif'; font-size: 12pt;\"><strong>&bull;<\/strong> Nayip avanelere, avaneler birbirlerine g&uuml;venmiyor. Koltu\u011funu koruma derdine d&uuml;\u015fenler birbirlerinin kuyusunu kaz\u0131yor.<\/span><\/p>\n<p style=\"margin-bottom: 0.0001pt; text-align: justify; text-indent: 1cm; line-height: 16pt;\"><span style=\"font-family: 'Arial','sans-serif'; font-size: 12pt;\"><\/span><span style=\"font-family: 'Arial','sans-serif'; font-size: 12pt;\"><span style=\"font-family: 'Arial','sans-serif'; font-size: 12pt;\"><strong>&bull;<\/strong> <\/span>Faksaray&#8217;daki kutupla\u015fman\u0131n T&uuml;rkiye&rsquo;deki kutupla\u015fmadan daha b&uuml;y&uuml;k oldu\u011fu g&ouml;zleniyor. Herkes kendince bir ekip olu\u015fturmu\u015f g&ouml;r&uuml;n&uuml;yor.<\/span><\/p>\n<p style=\"margin-bottom: 0.0001pt; text-align: justify; text-indent: 1cm; line-height: 16pt;\"><span style=\"font-family: 'Arial','sans-serif'; font-size: 12pt;\"><\/span><span style=\"font-family: 'Arial','sans-serif'; font-size: 12pt;\"><span style=\"font-family: 'Arial','sans-serif'; font-size: 12pt;\"><strong>&bull;<\/strong> <\/span>M&uuml;tahit Aslan, Nayip Han&rsquo;\u0131n kasas\u0131 ve s\u0131r k&uuml;p&uuml; oldu\u011fu iddias\u0131yla kendini en g&uuml;&ccedil;l&uuml;lerden say\u0131yor. O da etraf\u0131na adamlar toplam\u0131\u015f bekliyor.<\/span><\/p>\n<p style=\"margin-bottom: 0.0001pt; text-align: justify; text-indent: 1cm; line-height: 16pt;\"><span style=\"font-family: 'Arial','sans-serif'; font-size: 12pt;\"><\/span><span style=\"font-family: 'Arial','sans-serif'; font-size: 12pt;\"><span style=\"font-family: 'Arial','sans-serif'; font-size: 12pt;\"><strong>&bull;<\/strong> <\/span>Genel sekreter ve uzant\u0131lar\u0131, Perin&ccedil;ek&#8217;in adamlar\u0131 d&acirc;hil (malum) vesayetin bir&ccedil;ok karanl\u0131k \u015fahs\u0131yla ili\u015fkili bulunuyor. Karanl\u0131k bir ekip olu\u015fturmu\u015f y&uuml;r&uuml;yor.<\/span><\/p>\n<p style=\"margin-bottom: 0.0001pt; text-align: justify; text-indent: 1cm; line-height: 16pt;\"><span style=\"font-family: 'Arial','sans-serif'; font-size: 12pt;\"><\/span><span style=\"font-family: 'Arial','sans-serif'; font-size: 12pt;\"><span style=\"font-family: 'Arial','sans-serif'; font-size: 12pt;\"><strong>&bull;<\/strong> <\/span>Genel sekreter yard\u0131mc\u0131s\u0131 Nagir Altaslan ve uzant\u0131lar\u0131 da hi&ccedil;bir gruba g&uuml;venmiyorlar. Kendi ekiplerini kurmu\u015flar, her biri kendi hesab\u0131na &ccedil;al\u0131\u015f\u0131yor.<\/span><\/p>\n<p style=\"margin-bottom: 0.0001pt; text-align: justify; text-indent: 1cm; line-height: 16pt;\"><span style=\"font-family: 'Arial','sans-serif'; font-size: 12pt;\"><\/span><span style=\"font-family: 'Arial','sans-serif'; font-size: 12pt;\"><span style=\"font-family: 'Arial','sans-serif'; font-size: 12pt;\"><strong>&bull;<\/strong> <\/span>\u0130smail Kal\u0131n kendini &ccedil;ok ak\u0131ll\u0131 g&ouml;rd&uuml;\u011f&uuml;nden ayr\u0131 bir ekip kurmu\u015f ve kendini aileden biri olarak g&ouml;r&uuml;yor.<\/span><\/p>\n<p style=\"margin-bottom: 0.0001pt; text-align: justify; text-indent: 1cm; line-height: 16pt;\"><span style=\"font-family: 'Arial','sans-serif'; font-size: 12pt;\"><\/span><span style=\"font-family: 'Arial','sans-serif'; font-size: 12pt;\"><span style=\"font-family: 'Arial','sans-serif'; font-size: 12pt;\"><strong>&bull;<\/strong> <\/span>Bir zamanlar b&uuml;t&uuml;n kontrol&uuml; kendinde zanneden <strong>Varank<\/strong> tek ba\u015f\u0131na kald\u0131. Kimse ona g&uuml;venmiyor. Nayip d&acirc;hil herkesi dinletip kayda ald\u0131rd\u0131\u011f\u0131 biliniyor.<\/span><\/p>\n<p style=\"margin-bottom: 0.0001pt; text-align: justify; text-indent: 1cm; line-height: 16pt;\"><span style=\"font-family: 'Arial','sans-serif'; font-size: 12pt;\"><\/span><span style=\"font-family: 'Arial','sans-serif';\"><span style=\"font-size: 12pt;\"><span style=\"font-family: 'Arial','sans-serif'; font-size: 12pt;\"><strong>&bull;<\/strong> <\/span>Birbirlerinden ald\u0131klar\u0131 bilgileri birbirleri aleyhinde zan olu\u015fturmakta kullan\u0131yorlar. Her grup<\/span> <\/span><strong><span style=\"font-size: 14pt; font-family: 'Arial','sans-serif';\">Fuat Avni<\/span><\/strong><span style=\"font-family: 'Arial','sans-serif'; font-size: 12pt;\">&#8216;yi di\u011fer grubun i&ccedil;inde ar\u0131yor.<\/span><\/p>\n<p style=\"margin-bottom: 0.0001pt; text-align: justify; text-indent: 1cm; line-height: 16pt;\"><span style=\"font-family: 'Arial','sans-serif'; font-size: 12pt;\"><\/span><span style=\"font-family: 'Arial','sans-serif'; font-size: 12pt;\"><span style=\"font-family: 'Arial','sans-serif'; font-size: 12pt;\"><strong>&bull;<\/strong> <\/span>Herkes birbirinin kuyusunu kaz\u0131yor. Kimse kimseye g&uuml;venmiyor, her f\u0131rsatta arkadan i\u015f &ccedil;eviriyorlar, herkes Nayip&rsquo;e yaranmak i&ccedil;in &ccedil;\u0131rp\u0131n\u0131yor.<\/span><\/p>\n<p style=\"margin-bottom: 0.0001pt; text-align: justify; text-indent: 1cm; line-height: 16pt;\"><span style=\"font-family: 'Arial','sans-serif'; font-size: 12pt;\"><\/span><span style=\"font-family: 'Arial','sans-serif'; font-size: 12pt;\"><span style=\"font-family: 'Arial','sans-serif'; font-size: 12pt;\"><strong>&bull;<\/strong> <\/span>Nayip Han tam anlam\u0131yla psikolojik &ccedil;&ouml;k&uuml;nt&uuml; ya\u015f\u0131yor. Herkesten \u015f&uuml;phelendi\u011fi, korktu\u011fu ve kimseden emin olmad\u0131\u011f\u0131 i&ccedil;in kimseye g&uuml;venmiyor.<\/span><\/p>\n<p style=\"margin-bottom: 0.0001pt; text-align: justify; text-indent: 1cm; line-height: 16pt;\"><span style=\"font-family: 'Arial','sans-serif'; font-size: 12pt;\"><\/span><span style=\"font-family: 'Arial','sans-serif'; font-size: 12pt;\"><span style=\"font-family: 'Arial','sans-serif'; font-size: 12pt;\"><strong>&bull;<\/strong> <\/span>Davultozu ve ekibine g&uuml;venmedi\u011fi i&ccedil;in parti i&ccedil;inde paralel bir yap\u0131 olu\u015fturdu. Sadece onlarla ve bizzat &ccedil;al\u0131\u015f\u0131yor.<\/span><\/p>\n<p style=\"margin-bottom: 0.0001pt; text-align: justify; text-indent: 1cm; line-height: 16pt;\"><span style=\"font-family: 'Arial','sans-serif'; font-size: 12pt;\"><\/span><span style=\"font-family: 'Arial','sans-serif'; font-size: 12pt;\"><span style=\"font-family: 'Arial','sans-serif'; font-size: 12pt;\"><strong>&bull;<\/strong> <\/span>Nayip&rsquo;in hangi konuda ne tepki verece\u011fini kestiremiyoruz. Kimseden kendisiyle ilgili olumsuz bir tek ima dahi istemiyor. (Not: &ldquo;Kestiremiyoruz..&rdquo; ifadesi Fuat Avni&rsquo;nin Faksarayda bulundu\u011funu ele veriyor.)<\/span><\/p>\n<p style=\"margin-bottom: 0.0001pt; text-align: justify; text-indent: 1cm; line-height: 16pt;\"><span style=\"font-family: 'Arial','sans-serif'; font-size: 12pt;\"><\/span><span style=\"font-family: 'Arial','sans-serif'; font-size: 12pt;\"><span style=\"font-family: 'Arial','sans-serif'; font-size: 12pt;\"><strong>&bull;<\/strong> <\/span>Nayip ne derse desin herkes kafa sall\u0131yor. Bazen &#8216;Bu kadar da aptall\u0131k olamaz&#8217; diye i&ccedil;ten i&ccedil;e g&uuml;l&uuml;yorum. (Demek ki onlar\u0131n i&ccedil;inde bulunuyor veya bu havay\u0131 veriyor.)<\/span><\/p>\n<p style=\"margin-bottom: 0.0001pt; text-align: justify; text-indent: 1cm; line-height: 16pt;\"><span style=\"font-family: 'Arial','sans-serif'; font-size: 12pt;\"><\/span><span style=\"font-family: 'Arial','sans-serif'; font-size: 12pt;\"><span style=\"font-family: 'Arial','sans-serif'; font-size: 12pt;\"><strong>&bull;<\/strong> <\/span>Nayip&rsquo;e iletilecek bilgi gelince, ho\u015funa gitmeyecek bir \u015feyse herkes birbirine topu at\u0131yor. Bilgi onun istedi\u011fi \u015fekle sokulup &ouml;yle sunuluyor.<\/span><\/p>\n<p style=\"margin-bottom: 0.0001pt; text-align: justify; text-indent: 1cm; line-height: 16pt;\"><span style=\"font-family: 'Arial','sans-serif'; font-size: 12pt;\"><\/span><span style=\"font-family: 'Arial','sans-serif'; font-size: 12pt;\"><span style=\"font-family: 'Arial','sans-serif'; font-size: 12pt;\"><strong>&bull;<\/strong> <\/span>Nayip Han, paralel bir d&uuml;nyada ya\u015f\u0131yor. Avaneler s&uuml;rekli ona olan hayranl\u0131klar\u0131n\u0131 ifade ediyorlar. Kendi gruplar\u0131nda ise di\u011ferlerine k&uuml;f&uuml;r bile ediliyor.<\/span><\/p>\n<p style=\"margin-bottom: 0.0001pt; text-align: justify; text-indent: 1cm; line-height: 16pt;\"><span style=\"font-family: 'Arial','sans-serif'; font-size: 12pt;\"><\/span><span style=\"font-family: 'Arial','sans-serif'; font-size: 12pt;\"><span style=\"font-family: 'Arial','sans-serif'; font-size: 12pt;\"><strong>&bull;<\/strong> <\/span>Konu\u015fmalar\u0131 bir \u015fablona oturtuldu. Nayip&rsquo;in kafas\u0131na g&ouml;re \u015fekillendiriliyor ve bunlar\u0131 Hasbi K\u0131l\u0131&ccedil; yaz\u0131yor.<\/span><\/p>\n<p style=\"margin-bottom: 0.0001pt; text-align: justify; text-indent: 1cm; line-height: 16pt;\"><span style=\"font-family: 'Arial','sans-serif'; font-size: 12pt;\"><\/span><span style=\"font-family: 'Arial','sans-serif'; font-size: 12pt;\"><span style=\"font-family: 'Arial','sans-serif'; font-size: 12pt;\"><strong>&bull;<\/strong> <\/span>Konu\u015fma metinleri Nayip&rsquo;in yapt\u0131\u011f\u0131 yanl\u0131\u015fl\u0131klar\u0131 ba\u015fkalar\u0131na y\u0131kma mant\u0131\u011f\u0131yla kurgulan\u0131yor.<\/span><\/p>\n<p style=\"margin-bottom: 0.0001pt; text-align: justify; text-indent: 1cm; line-height: 16pt;\"><span style=\"font-family: 'Arial','sans-serif'; font-size: 12pt;\"><\/span><span style=\"font-family: 'Arial','sans-serif'; font-size: 12pt;\"><span style=\"font-family: 'Arial','sans-serif'; font-size: 12pt;\"><strong>&bull;<\/strong> <\/span>Nayip, sadece AKP&#8217;ye oy veren %40&rsquo;a g&ouml;re hareket ediyor. Onlar\u0131n g&ouml;nl&uuml;n&uuml; ho\u015f tutacak \u015fekilde konu\u015fuyor.<\/span><\/p>\n<p style=\"margin-bottom: 0.0001pt; text-align: justify; text-indent: 1cm; line-height: 16pt;\"><span style=\"font-family: 'Arial','sans-serif'; font-size: 12pt;\"><\/span><span style=\"font-family: 'Arial','sans-serif'; font-size: 12pt;\"><span style=\"font-family: 'Arial','sans-serif'; font-size: 12pt;\"><strong>&bull;<\/strong> <\/span>Ana tema olarak &#8216;ter&ouml;r&#8217;&uuml; kullan\u0131yor. Konu\u015fmalar ve faaliyetler bu alanda a\u011f\u0131rl\u0131k kazan\u0131yor. Yalanlar ve iftiralar metinlere konuluyor.<\/span><\/p>\n<p style=\"margin-bottom: 0.0001pt; text-align: justify; text-indent: 1cm; line-height: 16pt;\"><span style=\"font-family: 'Arial','sans-serif'; font-size: 12pt;\"><\/span><span style=\"font-family: 'Arial','sans-serif'; font-size: 12pt;\"><span style=\"font-family: 'Arial','sans-serif'; font-size: 12pt;\"><strong>&bull;<\/strong> <\/span>Bir \u015fekilde 300-305 milletvekili kazanmak i&ccedil;in her yol deneniyor. S&uuml;rekli toplant\u0131 ve de\u011ferlendirme yap\u0131l\u0131yor.<\/span><\/p>\n<p style=\"margin-bottom: 0.0001pt; text-align: justify; text-indent: 1cm; line-height: 16pt;\"><span style=\"font-family: 'Arial','sans-serif'; font-size: 12pt;\"><\/span><span style=\"font-family: 'Arial','sans-serif'; font-size: 12pt;\"><span style=\"font-family: 'Arial','sans-serif'; font-size: 12pt;\"><strong>&bull;<\/strong> <\/span>Nayip Han, bu say\u0131y\u0131 yakalamak i&ccedil;in Mesut ve Berna Y\u0131lmaz ile g&ouml;r&uuml;\u015ft&uuml;. Kamil &Ccedil;i&ccedil;ek&rsquo;in, MKYK&rsquo;ya eski isimlerle irtibat kursun diye konuldu\u011fu konu\u015fuluyor.<\/span><\/p>\n<p style=\"margin-bottom: 0.0001pt; text-align: justify; text-indent: 1cm; line-height: 16pt;\"><span style=\"font-family: 'Arial','sans-serif'; font-size: 12pt;\"><\/span><span style=\"font-family: 'Arial','sans-serif'; font-size: 12pt;\"><span style=\"font-family: 'Arial','sans-serif'; font-size: 12pt;\"><strong>&bull;<\/strong> <\/span>Kimse Salamon Soylu&rsquo;yu sevmedi\u011fi halde o da &ldquo;yak\u0131n adam\u0131&rdquo; diye toplant\u0131lara kat\u0131l\u0131yor. Nayip onu ispiyoncu olarak kullan\u0131yor. Karakteri dibe vurmu\u015f bulunuyor.<\/span><\/p>\n<p style=\"margin-bottom: 0.0001pt; text-align: justify; text-indent: 1cm; line-height: 16pt;\"><span style=\"font-family: 'Arial','sans-serif'; font-size: 12pt;\"><\/span><span style=\"font-family: 'Arial','sans-serif'; font-size: 12pt;\"><span style=\"font-family: 'Arial','sans-serif'; font-size: 12pt;\"><strong>&bull;<\/strong> <\/span>Davultozu, Mehmet Ali Karga&rsquo;y\u0131 istemiyordu. Karga, Faksaray&#8217;a gelip Nayip Han&rsquo;la g&ouml;r&uuml;\u015ft&uuml; ve biat yeniledi b&ouml;ylece devre d\u0131\u015f\u0131 kalmaktan kurtuldu\u011funu san\u0131yor.<\/span><\/p>\n<p style=\"margin-bottom: 0.0001pt; text-align: justify; text-indent: 1cm; line-height: 16pt;\"><span style=\"font-family: 'Arial','sans-serif'; font-size: 12pt;\"><\/span><span style=\"font-family: 'Arial','sans-serif'; font-size: 12pt;\"><span style=\"font-family: 'Arial','sans-serif'; font-size: 12pt;\"><strong>&bull;<\/strong> <\/span>Fosda\u011f, Davultozu&rsquo;nu yak\u0131n takip i&ccedil;in g&ouml;revlendirildi. Cinali, pusuda bekliyor. &Ccedil;atalay, art\u0131k Davultozu&#8217;nu istemeyenlerin saf\u0131nda yer al\u0131yor.<\/span><\/p>\n<p style=\"margin-bottom: 0.0001pt; text-align: justify; text-indent: 1cm; line-height: 16pt;\"><span style=\"font-family: 'Arial','sans-serif'; font-size: 12pt;\"><\/span><span style=\"font-family: 'Arial','sans-serif'; font-size: 12pt;\"><span style=\"font-family: 'Arial','sans-serif'; font-size: 12pt;\"><strong>&bull;<\/strong> <\/span>Nayip, sal\u0131 g&uuml;n&uuml; Hasan Figan&#8217;la g&ouml;r&uuml;\u015ft&uuml;. Ter&ouml;r olaylar\u0131 azd\u0131r\u0131lacak. Mitinglerin arifesinde \u015fiddeti ve &ccedil;at\u0131\u015fmay\u0131 artt\u0131rmak planlan\u0131yor.<\/span><\/p>\n<p style=\"margin-bottom: 0.0001pt; text-align: justify; text-indent: 1cm; line-height: 16pt;\"><span style=\"font-family: 'Arial','sans-serif'; font-size: 12pt;\"><\/span><span style=\"font-family: 'Arial','sans-serif'; font-size: 12pt;\"><span style=\"font-family: 'Arial','sans-serif'; font-size: 12pt;\"><strong>&bull;<\/strong> <\/span>Mitinglere yeterince adam toplamak ve milleti soka\u011fa d&ouml;kmek i&ccedil;in kaosu derinle\u015ftirme ama&ccedil;lan\u0131yor. &Ccedil;al\u0131\u015fmalar s&uuml;r&uuml;yor.<\/span><\/p>\n<p style=\"margin-bottom: 0.0001pt; text-align: justify; text-indent: 1cm; line-height: 16pt;\"><span style=\"font-family: 'Arial','sans-serif'; font-size: 12pt;\"><\/span><span style=\"font-family: 'Arial','sans-serif'; font-size: 12pt;\"><span style=\"font-family: 'Arial','sans-serif'; font-size: 12pt;\"><strong>&bull;<\/strong> <\/span>Nayip Han, Do\u011frul T&uuml;rkle\u015f ile de bizzat ilgileniyor. Onunla MHP&rsquo;den oy &ccedil;alaca\u011f\u0131n\u0131 d&uuml;\u015f&uuml;n&uuml;yor. Listeye de bizzat ald\u0131rd\u0131\u011f\u0131 biliniyor.<\/span><\/p>\n<p style=\"margin-bottom: 0.0001pt; text-align: justify; text-indent: 1cm; line-height: 16pt;\"><span style=\"font-family: 'Arial','sans-serif'; font-size: 12pt;\"><\/span><span style=\"font-family: 'Arial','sans-serif'; font-size: 12pt;\"><span style=\"font-family: 'Arial','sans-serif'; font-size: 12pt;\"><strong>&bull;<\/strong> <\/span>&#8216;CHP HDP ile birlikte hareket ediyor ve CHP ter&ouml;re destek veriyor&#8217; kampanyas\u0131yla ikisini birbirine d&uuml;\u015f&uuml;rmek ama&ccedil;lan\u0131yor.<\/span><\/p>\n<p style=\"margin-bottom: 0.0001pt; text-align: justify; text-indent: 1cm; line-height: 16pt;\"><span style=\"font-family: 'Arial','sans-serif'; font-size: 12pt;\"><\/span><span style=\"font-family: 'Arial','sans-serif'; font-size: 12pt;\"><span style=\"font-family: 'Arial','sans-serif'; font-size: 12pt;\"><strong>&bull;<\/strong> <\/span>Muhalefeti baraj alt\u0131nda tutmak i&ccedil;in gerekirse i&ccedil; sava\u015f &ccedil;\u0131karmak bile g&ouml;ze al\u0131n\u0131yor.<\/span><\/p>\n<p style=\"margin-bottom: 0.0001pt; text-align: justify; text-indent: 1cm; line-height: 16pt;\"><span style=\"font-family: 'Arial','sans-serif'; font-size: 12pt;\"><\/span><span style=\"font-family: 'Arial','sans-serif'; font-size: 12pt;\"><span style=\"font-family: 'Arial','sans-serif'; font-size: 12pt;\"><strong>&bull;<\/strong> <\/span>Muhalifleri susturmak i&ccedil;in bir yandan &#8216;paralel&#8217;ci g&ouml;sterilerek, bir yandan da &#8216;ter&ouml;re destek veriyor&#8217; diyerek operasyonlara zemin haz\u0131rlan\u0131yor.<\/span><\/p>\n<p style=\"margin-bottom: 0.0001pt; text-align: justify; text-indent: 1cm; line-height: 16pt;\"><span style=\"font-family: 'Arial','sans-serif'; font-size: 12pt;\"><\/span><span style=\"font-family: 'Arial','sans-serif'; font-size: 12pt;\"><span style=\"font-family: 'Arial','sans-serif'; font-size: 12pt;\"><strong>&bull;<\/strong> <\/span>Do\u011fan grubunu se&ccedil;im &ouml;ncesi susturmak i&ccedil;in Varank ve Ferhat &ouml;zel olarak &ccedil;al\u0131\u015f\u0131yor. Nayip &lsquo;Ne olursa olsun, bitirin&rsquo; talimat\u0131 vermi\u015f bulunuyor.<\/span><\/p>\n<p style=\"margin-bottom: 0.0001pt; text-align: justify; text-indent: 1cm; line-height: 16pt;\"><span style=\"font-family: 'Arial','sans-serif'; font-size: 12pt;\"><\/span><span style=\"font-family: 'Arial','sans-serif'; font-size: 12pt;\"><span style=\"font-family: 'Arial','sans-serif'; font-size: 12pt;\"><strong>&bull;<\/strong> <\/span>Tek ba\u015f\u0131na iktidar olmazsa her \u015feyin bitece\u011fini &ccedil;ok iyi bilen Nayip, her t&uuml;rl&uuml; kirli kumpas\u0131 kursa da kaybetmeye mahk&ucirc;m. Az kald\u0131. Faksaray&#8217;da &ouml;l&uuml;m kal\u0131m meselesi gibi g&ouml;r&uuml;len 1 Kas\u0131m se&ccedil;imleri i&ccedil;in toplant\u0131 &uuml;st&uuml;ne toplant\u0131 yap\u0131l\u0131yor. Herkes tedirgin.<\/span><\/p>\n<p style=\"margin-bottom: 0.0001pt; text-align: justify; text-indent: 1cm; line-height: 16pt;\"><span style=\"font-family: 'Arial','sans-serif'; font-size: 12pt;\"><\/span><span style=\"font-family: 'Arial','sans-serif'; font-size: 12pt;\"><span style=\"font-family: 'Arial','sans-serif'; font-size: 12pt;\"><strong>&bull;<\/strong> <\/span>Faksaray&#8217;\u0131n biat&ccedil;\u0131 anket \u015firketleri ara\u015ft\u0131rmalar\u0131n\u0131 Nayip&rsquo;e sundular. \u0130brahim Puslu&#8217;nun yapt\u0131rd\u0131\u011f\u0131 ankette AKP oylar\u0131 %44 g&ouml;r&uuml;l&uuml;yor.<\/span><\/p>\n<p style=\"margin-bottom: 0.0001pt; text-align: justify; text-indent: 1cm; line-height: 16pt;\"><span style=\"font-family: 'Arial','sans-serif'; font-size: 12pt;\"><\/span><span style=\"font-family: 'Arial','sans-serif'; font-size: 12pt;\"><span style=\"font-family: 'Arial','sans-serif'; font-size: 12pt;\"><strong>&bull;<\/strong> <\/span>Anketler, AKP&rsquo;nin %44&rsquo;e yakla\u015ft\u0131\u011f\u0131n\u0131 g&ouml;sterse de bu Nayip&rsquo;in ve avanelerin endi\u015fesini art\u0131r\u0131yor. &Ccedil;&uuml;nk&uuml; &#8216;Puslu, son se&ccedil;imde %48 al\u0131naca\u011f\u0131n\u0131 s&ouml;ylemi\u015f %41 al\u0131nm\u0131\u015ft\u0131. Bu ankete g&ouml;re %40&rsquo;\u0131n alt\u0131na d&uuml;\u015febiliriz&rsquo; deniliyor.<\/span><\/p>\n<p style=\"margin-bottom: 0.0001pt; text-align: justify; text-indent: 1cm; line-height: 16pt;\"><span style=\"font-family: 'Arial','sans-serif'; font-size: 12pt;\"><\/span><span style=\"font-family: 'Arial','sans-serif'; font-size: 12pt;\"><span style=\"font-family: 'Arial','sans-serif'; font-size: 12pt;\"><strong>&bull;<\/strong> <\/span>Puslu, bu ankete g&ouml;re 276&rsquo;n\u0131n yakaland\u0131\u011f\u0131n\u0131 anlatsa da i\u015fi garantiye almak i&ccedil;in kumpaslara a\u011f\u0131rl\u0131k veriyor.<\/span><\/p>\n<p style=\"margin-bottom: 0.0001pt; text-align: justify; text-indent: 1cm; line-height: 16pt;\"><span style=\"font-family: 'Arial','sans-serif'; font-size: 12pt;\"><\/span><span style=\"font-family: 'Arial','sans-serif'; font-size: 12pt;\"><span style=\"font-family: 'Arial','sans-serif'; font-size: 12pt;\"><strong>&bull;<\/strong> <\/span>Nayip&rsquo;in kat\u0131laca\u011f\u0131 mitinglerin birinde bomba patlatmay\u0131 planl\u0131yorlar. Plan\u0131 kara propaganda uzman\u0131 Hasan Figan koordine ediyor.<\/span><\/p>\n<p style=\"margin-bottom: 0.0001pt; text-align: justify; text-indent: 1cm; line-height: 16pt;\"><span style=\"font-family: 'Arial','sans-serif'; font-size: 12pt;\"><\/span><span style=\"font-family: 'Arial','sans-serif'; font-size: 12pt;\"><span style=\"font-family: 'Arial','sans-serif'; font-size: 12pt;\"><strong>&bull;<\/strong> <\/span>&ldquo;HDP&rsquo;yi baraj alt\u0131na itmenin yolu PKK&rsquo;n\u0131n eylemlerini artt\u0131rmas\u0131ndan ge&ccedil;iyor&rdquo; diyerek KCK i&ccedil;indeki ekiple irtibata ge&ccedil;iliyor.<\/span><\/p>\n<p style=\"margin-bottom: 0.0001pt; text-align: justify; text-indent: 1cm; line-height: 16pt;\"><span style=\"font-family: 'Arial','sans-serif'; font-size: 12pt;\"><\/span><span style=\"font-family: 'Arial','sans-serif'; font-size: 12pt;\"><span style=\"font-family: 'Arial','sans-serif'; font-size: 12pt;\"><strong>&bull;<\/strong> <\/span>Kaos plan\u0131n\u0131n son halkas\u0131 \u015fimdiye dek gelenden &ccedil;ok daha fazla \u015fehit cenazesi &uuml;zerine kurgulan\u0131yor. \u0130hanet b&uuml;y&uuml;yor.<\/span><\/p>\n<p style=\"margin-bottom: 0.0001pt; text-align: justify; text-indent: 1cm; line-height: 16pt;\"><span style=\"font-family: 'Arial','sans-serif'; font-size: 12pt;\"><\/span><span style=\"font-family: 'Arial','sans-serif'; font-size: 12pt;\"><span style=\"font-family: 'Arial','sans-serif'; font-size: 12pt;\"><strong>&bull;<\/strong> <\/span>Kaos planlar\u0131 neticesinde &ccedil;\u0131kacak sokak olaylar\u0131nda &ouml;nlem almayacak ekipler belirlendi. K&Ccedil;G ekipleri devreye sokuluyor.<\/span><\/p>\n<p style=\"margin-bottom: 0.0001pt; text-align: justify; text-indent: 1cm; line-height: 16pt;\"><span style=\"font-family: 'Arial','sans-serif'; font-size: 12pt;\"><\/span><span style=\"font-family: 'Arial','sans-serif'; font-size: 12pt;\"><span style=\"font-family: 'Arial','sans-serif'; font-size: 12pt;\"><strong>&bull;<\/strong> <\/span>Olaylara m&uuml;dahale etmeyecek olan K&Ccedil;G&#8217;ya ba\u011fl\u0131 g&uuml;venlik g&uuml;&ccedil;leri i&ccedil;in <strong><em>&#8216;paralel polisler m&uuml;dahale etmedi&#8217;<\/em><\/strong> propagandas\u0131 haz\u0131rlan\u0131yor.<\/span><\/p>\n<p style=\"margin-bottom: 0.0001pt; text-align: justify; text-indent: 1cm; line-height: 16pt;\"><span style=\"font-family: 'Arial','sans-serif'; font-size: 12pt;\"><\/span><span style=\"font-family: 'Arial','sans-serif'; font-size: 12pt;\"><span style=\"font-family: 'Arial','sans-serif'; font-size: 12pt;\"><strong>&bull;<\/strong> <\/span>\u0130&ccedil; sava\u015f\u0131 bile g&ouml;ze alan Nayip Han ve avaneleri ne yaparlarsa yaps\u0131nlar, kendilerini bekleyen sondan kurtulamayacaklar.<\/span><\/p>\n<p style=\"margin-bottom: 0.0001pt; text-align: justify; text-indent: 1cm; line-height: 16pt;\"><span style=\"font-family: 'Arial','sans-serif'; font-size: 12pt;\"><\/span><span style=\"font-family: 'Arial','sans-serif'; font-size: 12pt;\"><strong style=\"font-family: Arial, sans-serif; font-size: 16px; line-height: 21.3333px; text-align: justify; text-indent: 37.7953px;\">&bull;&nbsp;<\/strong>Faksaray&#8217;daki &#8216;oy h\u0131rs\u0131zl\u0131\u011f\u0131&#8217; toplant\u0131lar\u0131na her g&uuml;n yeni bir h\u0131rs\u0131zl\u0131k projesi getiriliyor. Oylar d&uuml;\u015f&uuml;\u015fte olunca her yol deneniyor.<\/span><\/p>\n<p style=\"margin-bottom: 0.0001pt; text-align: justify; text-indent: 1cm; line-height: 16pt;\"><span style=\"font-family: 'Arial','sans-serif'; font-size: 12pt;\"><\/span><span style=\"font-family: 'Arial','sans-serif'; font-size: 12pt;\"><strong style=\"font-family: Arial, sans-serif; font-size: 16px; line-height: 21.3333px; text-align: justify; text-indent: 37.7953px;\">&bull;&nbsp;<\/strong>SE&Ccedil;S\u0130S yaz\u0131l\u0131m\u0131na paralel &ccedil;al\u0131\u015facak bir sim&uuml;lasyon yap\u0131ld\u0131. Gizli tutulan bu &ccedil;al\u0131\u015fmayla istedikleri oyu sisteme girebilecekleri kurgulan\u0131yor.<\/span><\/p>\n<p style=\"margin-bottom: 0.0001pt; text-align: justify; text-indent: 1cm; line-height: 16pt;\"><span style=\"font-family: 'Arial','sans-serif'; font-size: 12pt;\"><\/span><span style=\"font-family: 'Arial','sans-serif'; font-size: 12pt;\"><span style=\"font-family: 'Arial','sans-serif'; font-size: 12pt;\"><strong>&bull;<\/strong> <\/span>Son se&ccedil;imde benzer bir haz\u0131rl\u0131k yapm\u0131\u015f, olu\u015fan y&uuml;ksek duyarl\u0131l\u0131k ve plan\u0131n de\u015fifre olmas\u0131ndan &ouml;t&uuml;r&uuml; uygulamaya cesaret edemedikleri tart\u0131\u015f\u0131l\u0131yor.<\/span><\/p>\n<p style=\"margin-bottom: 0.0001pt; text-align: justify; text-indent: 1cm; line-height: 16pt;\"><span style=\"font-family: 'Arial','sans-serif'; font-size: 12pt;\"><\/span><span style=\"font-family: 'Arial','sans-serif'; font-size: 12pt;\"><span style=\"font-family: 'Arial','sans-serif'; font-size: 12pt;\"><strong>&bull;<\/strong> <\/span>Plan ger&ccedil;ekle\u015firse, YSK&#8217;n\u0131n sitesine girenler kendi sand\u0131k sonucunu do\u011fru g&ouml;recek ama genel sonu&ccedil; AKP&#8217;nin ayarlad\u0131\u011f\u0131 \u015fekilde olacak deniyor.<\/span><\/p>\n<p style=\"margin-bottom: 0.0001pt; text-align: justify; text-indent: 1cm; line-height: 16pt;\"><span style=\"font-family: 'Arial','sans-serif'; font-size: 12pt;\"><\/span><span style=\"font-family: 'Arial','sans-serif'; font-size: 12pt;\"><span style=\"font-family: 'Arial','sans-serif'; font-size: 12pt;\"><strong>&bull;<\/strong> <\/span>Se&ccedil;im sonucunu AKP&#8217;nin %44 k&uuml;sur alacak \u015fekilde ayarlamaya &ccedil;al\u0131\u015f\u0131yorlar. \u0130lk testlerin sonu&ccedil;lar\u0131 Nayip&#8217;in y&uuml;z&uuml;n&uuml; biraz olsun g&uuml;ld&uuml;rm&uuml;\u015f g&ouml;r&uuml;nse de endi\u015fe devam ediyor.<\/span><\/p>\n<p style=\"margin-bottom: 0.0001pt; text-align: justify; text-indent: 1cm; line-height: 16pt;\"><span style=\"font-family: 'Arial','sans-serif'; font-size: 12pt;\"><\/span><span style=\"font-family: 'Arial','sans-serif'; font-size: 12pt;\"><span style=\"font-family: 'Arial','sans-serif'; font-size: 12pt;\"><strong>&bull;<\/strong> <\/span>T&uuml;m devlet g&ouml;revlilerine ve b&uuml;t&uuml;n parti yetkililerine sesleniyorum. Oynanan oyuna dur demezseniz se&ccedil;im formaliteye d&ouml;n&uuml;\u015fecek.<\/span><\/p>\n<p style=\"margin-bottom: 0.0001pt; text-align: justify; text-indent: 1cm; line-height: 16pt;\"><span style=\"font-family: 'Arial','sans-serif'; font-size: 12pt;\"><\/span><span style=\"font-family: 'Arial','sans-serif'; font-size: 12pt;\"><span style=\"font-family: 'Arial','sans-serif'; font-size: 12pt;\"><strong>&bull;<\/strong> <\/span>&Uuml;&ccedil; gece &uuml;st &uuml;ste yapt\u0131klar\u0131 ve Davultozu&#8217;ndan bile saklad\u0131klar\u0131 se&ccedil;im hilelerini de\u015fifre ediyorum ve herkese a&ccedil;\u0131k &ccedil;a\u011fr\u0131da bulunuyorum.<\/span><\/p>\n<p style=\"margin-bottom: 0.0001pt; text-align: justify; text-indent: 1cm; line-height: 16pt;\"><span style=\"font-family: 'Arial','sans-serif'; font-size: 12pt;\"><\/span><span style=\"font-family: 'Arial','sans-serif'; font-size: 12pt;\"><span style=\"font-family: 'Arial','sans-serif'; font-size: 12pt;\"><strong>&bull;<\/strong> <\/span>Ge&ccedil;en se&ccedil;imlerdeki gibi bir duyarl\u0131l\u0131k ve sinerji olu\u015fursa, bu sim&uuml;lasyonu uygulayamayacaklar. &Ccedil;&uuml;nk&uuml; &ccedil;ok korkuyorlar.<\/span><\/p>\n<p style=\"margin-bottom: 0.0001pt; text-align: justify; text-indent: 1cm; line-height: 16pt;\"><span style=\"font-family: 'Arial','sans-serif'; font-size: 12pt;\"><\/span><span style=\"font-family: 'Arial','sans-serif'; font-size: 12pt;\"><span style=\"font-family: 'Arial','sans-serif'; font-size: 12pt;\"><strong>&bull;<\/strong> <\/span>Sand\u0131\u011fa sahip &ccedil;\u0131kmak ne kadar &ouml;nemliyse SE&Ccedil;S\u0130S sisteminde hile yap\u0131lmas\u0131na m&uuml;saade etmemek de o derece hayati &ouml;nem ta\u015f\u0131yor.<\/span><\/p>\n<p style=\"margin-bottom: 0.0001pt; text-align: justify; text-indent: 1cm; line-height: 16pt;\"><span style=\"font-family: 'Arial','sans-serif'; font-size: 12pt;\"><\/span><span style=\"font-family: 'Arial','sans-serif'; font-size: 12pt;\"><span style=\"font-family: 'Arial','sans-serif'; font-size: 12pt;\"><strong>&bull;<\/strong> <\/span>Nayip Han ve avaneleri tek ba\u015flar\u0131na iktidar olmak i&ccedil;in hangi yolu denerlerse denesinler, ba\u015faramayacaklar. Sonlar\u0131 yak\u0131nd\u0131r. (19-21 Eyl&uuml;l 2015 Fuat Avni twetter hesab\u0131.)<\/span><\/p>\n<p style=\"margin-bottom: 0.0001pt; text-align: justify; text-indent: 1cm; line-height: 16pt;\"><span style=\"font-family: 'Arial','sans-serif'; font-size: 12pt;\"><\/span><span style=\"font-size: 14pt;\"><strong><span style=\"font-family: 'Arial','sans-serif';\">\u015eimdi, b&uuml;t&uuml;n bunlar &ldquo;saptama&rdquo; m\u0131, &ldquo;safsata&rdquo; m\u0131, yoksa kafadan &ldquo;sallama&rdquo; m\u0131yd\u0131? l&uuml;tfen siz karar verin. Bunlar &ldquo;stratejik mesajlar&rdquo; m\u0131, yoksa &ldquo;trajikomik masallar&rdquo; m\u0131? anlamaya &ccedil;al\u0131\u015f\u0131n.. Devlet Saray\u0131n\u0131 &ldquo;cad\u0131 kazan\u0131&rdquo; gibi g&ouml;steren bu Fuat Avni&rsquo;yi bir t&uuml;rl&uuml; bulamamak M\u0130T&rsquo;in en b&uuml;y&uuml;k ba\u015far\u0131s\u0131 m\u0131yd\u0131?<\/span><\/strong><\/span><\/p>\n<p>&nbsp;<\/p>\n<hr style=\"text-align: left;\" size=\"1\" width=\"33%\" \/>\n<p style=\"margin-bottom: 0.0001pt; line-height: normal;\"><a href=\"#ftnref1\" id=\"ftnref1\" name=\"ftn1\" style=\"vertical-align: super;\">[1]<\/a><span style=\"font-size: 9pt; font-family: 'Arial','sans-serif';\"> 11 09 2015 \/ Rotahaber<\/span><\/p>\n<p style=\"margin-bottom: 0.0001pt; line-height: normal;\"><a href=\"#ftnref2\" id=\"ftnref2\" name=\"ftn2\" style=\"vertical-align: super;\">[2]<\/a><span style=\"font-size: 9pt; font-family: 'Arial','sans-serif';\"> 05 09 2015 \/ Haber7<\/span><\/p>\n<p style=\"margin-bottom: 0.0001pt; line-height: normal;\"><a href=\"#ftnref3\" id=\"ftnref3\" name=\"ftn3\" style=\"vertical-align: super;\">[3]<\/a><span style=\"font-size: 9pt; font-family: 'Arial','sans-serif';\"> (F. Bet&uuml;l Eri\u015fkin 12-09-2015 Konya)<\/span><\/p>\n<p style=\"margin-bottom: 0.0001pt; line-height: normal;\"><a href=\"#ftnref4\" id=\"ftnref4\" name=\"ftn4\" style=\"vertical-align: super;\">[4]<\/a><span style=\"font-size: 9pt; font-family: 'Arial','sans-serif';\"> Radikal Gazetesi \/ 18 08 2015<\/span><\/p>\n<p style=\"margin-bottom: 0.0001pt; line-height: normal;\"><a href=\"#ftnref5\" id=\"ftnref5\" name=\"ftn5\" style=\"vertical-align: super;\">[5]<\/a><span style=\"font-size: 9pt; font-family: 'Arial','sans-serif';\"> Milli Gazete \/ Adnan &Ouml;ks&uuml;z \/ 14 09 2015<\/span><\/p>\n","protected":false},"excerpt":{"rendered":"<p>Fuat Avni diye bir internet fenomeni, en yetkili ve etkili ki\u015fileri ve kesimleri bile tedirgin edip ortal\u0131\u011f\u0131 tela\u015fa vermekteydi. Kimileri bu Fuat Avni&rsquo;nin bir CIA ajan\u0131, kimileri Fetullah&ccedil;\u0131 Cemaatin gizli Truva At\u0131, kimileri derin devletin adam\u0131, kimileri iktidar\u0131n ve Sn. Erdo\u011fan&rsquo;\u0131n AKP&rsquo;yi b&ouml;lme haz\u0131rl\u0131\u011f\u0131ndaki rakiplerinin bir eleman\u0131 oldu\u011funu s&ouml;ylemekteydi. Yoksa bu Fuat Avni, &ldquo;Fetullah&ccedil;\u0131 a\u011fz\u0131yla [&hellip;]<\/p>\n","protected":false},"author":20,"featured_media":0,"comment_status":"open","ping_status":"closed","sticky":false,"template":"","format":"standard","meta":{"footnotes":""},"categories":[98],"tags":[],"class_list":["post-3497","post","type-post","status-publish","format-standard","hentry","category-ozel-yazilar"],"_links":{"self":[{"href":"https:\/\/www.millicozum.com\/mc\/wp-json\/wp\/v2\/posts\/3497","targetHints":{"allow":["GET"]}}],"collection":[{"href":"https:\/\/www.millicozum.com\/mc\/wp-json\/wp\/v2\/posts"}],"about":[{"href":"https:\/\/www.millicozum.com\/mc\/wp-json\/wp\/v2\/types\/post"}],"author":[{"embeddable":true,"href":"https:\/\/www.millicozum.com\/mc\/wp-json\/wp\/v2\/users\/20"}],"replies":[{"embeddable":true,"href":"https:\/\/www.millicozum.com\/mc\/wp-json\/wp\/v2\/comments?post=3497"}],"version-history":[{"count":0,"href":"https:\/\/www.millicozum.com\/mc\/wp-json\/wp\/v2\/posts\/3497\/revisions"}],"wp:attachment":[{"href":"https:\/\/www.millicozum.com\/mc\/wp-json\/wp\/v2\/media?parent=3497"}],"wp:term":[{"taxonomy":"category","embeddable":true,"href":"https:\/\/www.millicozum.com\/mc\/wp-json\/wp\/v2\/categories?post=3497"},{"taxonomy":"post_tag","embeddable":true,"href":"https:\/\/www.millicozum.com\/mc\/wp-json\/wp\/v2\/tags?post=3497"}],"curies":[{"name":"wp","href":"https:\/\/api.w.org\/{rel}","templated":true}]}}